{"administration":"prefidf","administration_name":"Pr\u00e9fecture de la r\u00e9gion \u00cele-de-France","content":"PREFECTURE\nREGION ILE DE\nFRANCE\nRECUEIL DES ACTES\nADMINISTRATIFS SP\u00c9CIAL\nN\u00b0IDF-010-2025-06\nPUBLI\u00c9 LE  5 JUIN 2025\nSommaire\nAgence R\u00e9gionale de Sant\u00e9 /\nIDF-2025-05-27-00139 - Arr\u00eat\u00e9 n\u00b0 2025-162 portant renouvellement\nd'autorisation de l'EHPAD \u00ab La R\u00e9sidence de l'Orme \u00bb \u00e0\nSaint Maur des Foss\u00e9s (94100) et changement de d\u00e9nomination sociale\nde la S.A \u00ab ORPEA \u00bb en S.A \u00ab EMEIS \u00bb  (3 pages) Page 4\nIDF-2025-05-27-00140 - Arr\u00eat\u00e9 n\u00b0 2025-163 portant changement de\nd\u00e9nomination sociale de la S.A \u00ab ORPEA \u00bb en S.A \u00ab EMEIS \u00bb,\ngestionnaire de l'Etablissement d'H\u00e9bergement pour Personnes\n\u00c2g\u00e9es D\u00e9pendantes (EHPAD) Les Pastoureaux \u00e0 Valenton (94460) (4\npages) Page 8\nIDF-2025-05-27-00141 - Arr\u00eat\u00e9 n\u00b0 2025-164 portant changement de\nd\u00e9nomination sociale de la S.A \u00ab ORPEA \u00bb en S.A \u00ab EMEIS \u00bb,\ngestionnaire de l'EHPAD Normandy Cottage \u00e0 Mandres les Roses (94\n520) (3 pages) Page 13\nIDF-2025-05-27-00142 - Arr\u00eat\u00e9 n\u00b0 2025-165 portant changement de\nd\u00e9nomination sociale de la S.A \u00ab ORPEA \u00bb en S.A \u00ab EMEIS \u00bb,\ngestionnaire de l'EHPAD R\u00e9sidence La Vall\u00e9e de la Marne \u00e0\nJoinville-le Pont (94340)\n (3 pages) Page 17\nAgence R\u00e9gionale de Sant\u00e9 / Agence r\u00e9gionale de sant\u00e9\nd'Ile-de-France-Direction de l'Offre de Soins (DOS)\nIDF-2025-06-04-00003 - Arr\u00eat\u00e9 DOS-2025-2138 portant approbation de\nl'avenant n\u00b02 \u00e0 la convention constitutive du Groupement de\nCoop\u00e9ration Sanitaire \"M\u00e9decine du Sport\" (2 pages) Page 21\nIDF-2025-06-04-00002 - Arr\u00eat\u00e9 n\u00b02025-2311 portant approbation \u00e0\nl'avenant n\u00b022 \u00e0 la convention constitutive du Groupement de\nCoop\u00e9ration Sanitaire \"Blanchisserie Inter-Hospitali\u00e8re de Seine et\nMarne\" (2 pages) Page 24\nAgence R\u00e9gionale de Sant\u00e9 / Direction de la D\u00e9mocratie en Sant\u00e9 et\nde la Communication-D\u00e9mocratie Sanitaire\nIDF-2025-06-05-00004 - Arr\u00eat\u00e9 DESCOM n\u00b02025-16 portant\nrenouvellement d'agr\u00e9ment de l'association repr\u00e9sentant les usagers\ndans les instances hospitali\u00e8res ou de sant\u00e9 publique \"VAINCRE LE\nCANCER SOLIDAIREMENT\"  (1 page) Page 27\nIDF-2025-06-05-00003 - Arr\u00eat\u00e9 DESCOM n\u00b02025-17 portant\nrenouvellement d'agr\u00e9ment r\u00e9gional de l'association repr\u00e9sentant les\nusagers dans les instances hospitali\u00e8res ou de sant\u00e9 publique \"ALMA\nPARIS\" (1 page) Page 29\n2\nDirection r\u00e9gionale et interd\u00e9partementale de l'environnement, de\nl'am\u00e9nagement et des transports d'\u00cele-de-France / S\u00e9curit\u00e9 des\ntransports et des v\u00e9hicules\nIDF-2025-06-05-00002 - D\u00e9cision DRIEAT-IdF n\u00b0 2025- 0460 portant\nagr\u00e9ment CF LIVRY Voyageurs  (3 pages) Page 31\nIDF-2025-06-05-00001 - D\u00e9cision DRIEAT-IdF n\u00b0 2025-0459 portant\nagr\u00e9ment CF LIVRY Marchandise (3 pages) Page 35\nDirection r\u00e9gionale et interd\u00e9partementale de l'environnement, de\nl'am\u00e9nagement et des transports d'\u00cele-de-France / Service\nAm\u00e9nagement durable\nIDF-2025-06-02-00017 - Arr\u00eat\u00e9 n\u00b0 IDF-2025- portant ajournement de\nd\u00e9cision \u00e0 CEM R\u00c9ALISATION PARIS\n\n (2 pages) Page 39\n3\nAgence R\u00e9gionale de Sant\u00e9\nIDF-2025-05-27-00139\nArr\u00eat\u00e9 n\u00b0 2025-162 portant renouvellement\nd'autorisation de l'EHPAD \u00ab La R\u00e9sidence de\nl'Orme \u00bb \u00e0 Saint Maur des Foss\u00e9s (94100) et\nchangement de d\u00e9nomination sociale de la S.A \u00ab\nORPEA \u00bb en S.A \u00ab EMEIS \u00bb \nAgence R\u00e9gionale de Sant\u00e9 - IDF-2025-05-27-00139 - Arr\u00eat\u00e9 n\u00b0 2025-162 portant renouvellement d'autorisation de l'EHPAD \u00ab La\nR\u00e9sidence de l'Orme \u00bb \u00e0 Saint Maur des Foss\u00e9s (94100) et changement de d\u00e9nomination sociale de la S.A \u00ab ORPEA \u00bb en S.A \u00ab EMEIS \u00bb 4\nFRAN CAI SE \u00a9 D Agence R\u00e9gionale de Sant\u00e9 AOA ic D\u00e9partementLibert\u00e9 lle-de-FranceEgalit\u00e9Fraternit\u00e9\n \n \n \n                      \n \n \n \n \n \n \n \n                                  ARR\u00caT\u00c9 CONJOINT N\u00b0 2025 \u2013 162 \n \nportant renouvellement d'autorisation de l'Etablissement d'H\u00e9bergement                                         \npour Personnes \u00c2g\u00e9es D\u00e9pendantes (EHPAD) \u00ab La R\u00e9sidence de l'Orme \u00bb                                                 \nsis 8 rue Vassal \u00e0 Saint Maur des Foss\u00e9s (94100)                                                                                                              \net changement de d\u00e9nomination sociale de la S.A \u00ab ORPEA \u00bb en S.A \u00ab EMEIS \u00bb  \n \n \nLE DIRECTEUR GENERAL DE L'AGENCE R\u00c9GIONALE DE SANT\u00c9 \u00ceLE-DE-FRANCE \nLE PR\u00c9SIDENT DU D\u00c9PARTEMENT DU VAL-DE-MARNE \n \n \nVU le code de l'action sociale et des familles et notamment les articles L312 -1, L313 -1,                   \nL314-3 et suivants ; \n \nVU    le code g\u00e9n\u00e9ral des collectivit\u00e9s territoriales ; \n \nVU        le d\u00e9cret du 10 avril 2024 portant nomination de Monsieur Denis ROBIN, Directeur g\u00e9n\u00e9ral \nde l'Agence r\u00e9gionale de sant\u00e9 d'\u00cele-de-France ; \n \nVU la d\u00e9cision de d\u00e9l\u00e9gation de signature du Directeur G\u00e9n\u00e9ral de l'ARS IDF vers le Directeur \nde la d\u00e9l\u00e9gation d\u00e9partementale du VAL-DE-MARNE en date du 29/04/2024 ; \n \nVU le proc\u00e8s-verbal de l'\u00e9lection du Pr\u00e9sident du Conseil d\u00e9partemental du Val-de-Marne du \n1er juillet 2021 ; \n \nVU l'arr\u00eat\u00e9 n\u00b0 DIRNOV-2023/08 de la Directrice g\u00e9n\u00e9rale de l'Agence r\u00e9gionale de sant\u00e9 Ile-\nde-France en date du 26 octobre 2023 portant adoption du cadre d'orientation strat\u00e9gique \n2018-2028 du projet r\u00e9gional de sant\u00e9 d'Ile-de-France ; \n \nVU l'arr\u00eat\u00e9 n\u00b0 DIRNOV-2023/09 de la Directrice g\u00e9n\u00e9rale de l'Agence r\u00e9gionale de sant\u00e9 Ile-\nde-France en date du 26 octobre 2023 portant adoption du sch\u00e9ma r\u00e9gional de sant\u00e9 \n2023-2028 du projet r\u00e9gional de sant\u00e9 d'Ile-de-France ; \n \nVU l'arr\u00eat\u00e9 n\u00b0 2023-162 de la Directrice g\u00e9n\u00e9rale de l'Agence r\u00e9gionale de sant\u00e9 Ile-de-France \ndu 19 juin 2023 \u00e9tablissant le programme interd\u00e9partemental d'accompagnement des \nhandicaps et de la perte d'autonomie (PRIAC) 2022-2026 pour la r\u00e9gion \u00cele-de-France ; \n \nVU  la d\u00e9lib\u00e9ration n\u00b0 2020 -7-3.2.30 du 14 d\u00e9cembre 2020 adopt\u00e9e par le Conseil \nd\u00e9partemental du Val-de-Marne et relative au sch\u00e9ma pour l'autonomie \u00e0 destination des \npersonnes \u00e2g\u00e9es, des personnes en situation de handicap et leurs aidants (2020-2025) ; \n \nVU l'arr\u00eat\u00e9 conjoint n\u00b0 2009-9346 du 16 d\u00e9cembre 2009 autorisant la cr\u00e9ation d e \nl'\u00e9tablissement d'h\u00e9bergement pour personnes \u00e2g\u00e9es d\u00e9pendantes (EHPAD) d\u00e9nomm\u00e9 \nR\u00e9sidence de l'Orme, sis 4/8 Rue Vassal \u00e0 Saint-Maur des Foss\u00e9s (94210) d'une capacit\u00e9 \ntotale de 90 places (72 places d'h\u00e9bergement permanent, 8 places d'h\u00e9bergement \ntemporaire et 10 places d'accueil de jour), g\u00e9r\u00e9 par la SA ORPEA ;  \n \nVU les conclusions du rapport de l'\u00e9valuation adress\u00e9es \u00e0 l'Agence r\u00e9gionale de sant\u00e9 Ile-de-\nFrance et au Conseil D\u00e9partemental du Val-de-Marne du 08 et 09 juin 2023 ;  \n \nAgence R\u00e9gionale de Sant\u00e9 - IDF-2025-05-27-00139 - Arr\u00eat\u00e9 n\u00b0 2025-162 portant renouvellement d'autorisation de l'EHPAD \u00ab La\nR\u00e9sidence de l'Orme \u00bb \u00e0 Saint Maur des Foss\u00e9s (94100) et changement de d\u00e9nomination sociale de la S.A \u00ab ORPEA \u00bb en S.A \u00ab EMEIS \u00bb 5\n2 \n \nVU le courrier en date du 29 juillet 2024 par lequel le Groupe EMEIS informe l'Agence \nR\u00e9gionale de Sant\u00e9 Ile -de-France et le Conseil D\u00e9partemental du Val -de-Marne du \nchangement de d\u00e9nomination sociale de la SA \u00ab ORPEA \u00bb en \u00ab SA EMEIS \u00bb ; \n \nCONSID\u00c9RANT qu'il convient d'acter le changement de d\u00e9nomination  sociale du groupe \nORPEA en EMEIS et la gestion de l'EHPAD \u00ab R\u00e9sidence de l'Orme  \u00bb par \nla S.A EMEIS ; \n \nCONSID\u00c9RANT que ce projet satisfait aux r\u00e8gles d' organisation et de fonctionnement \npr\u00e9vues par le code de l'action sociale et des familles ; \n \nCONSID\u00c9RANT que cette modification peut s'effectuer \u00e0 moyens constants et n'entraine \ndonc aucun surco\u00fbt ; \n \n  CONSID\u00c9RANT        que les r\u00e9sultats de l'\u00e9valuations sont satisfaisants  compte tenu des \n\u00e9l\u00e9ments transmis \u00e0  l'Agence r\u00e9gionale de sant\u00e9 Ile -de-France et le \nConseil D\u00e9partemental du Val-de-Marne ; \n \n \nARR\u00caTENT \n \nARTICLE 1er : Il est act\u00e9 le changement de d\u00e9nomination de la SA ORPEA en SA EMEIS, sis 12 rue \nJean Jaur\u00e8s \u00e0 Puteaux (92 813), gestionnaire de l'EHPAD \u00ab R\u00e9sidence de l'Orme \u00bb, \nsis 8 rue Vassal \u00e0 Saint-Maur-des-Foss\u00e9s (94100). \nARTICLE 2 : L'autorisation de l'EHPAD \u00ab R\u00e9sidence de l'Orme \u00bb sis 8, rue Vassal \u00e0 Saint-Maur-\ndes-Foss\u00e9s (94100), g\u00e9r\u00e9 par la SA EMEIS, est renouvel\u00e9 e \u00e0 compter du 15 \nd\u00e9cembre 2024 pour une dur\u00e9e de quinze ans. \n \nARTICLE 3 :  La capacit\u00e9 totale de l'EHPAD \u00ab R\u00e9sidence de l'Orme \u00bb est de 90 places r\u00e9parties \ncomme suit : \n- 72 places d'h\u00e9bergement permanent. \n- 08 places d'h\u00e9bergement temporaire. \n- 10 places d'accueil de jour. \n \nARTICLE 4 :  Cette structure est r\u00e9pertori\u00e9e dans le Fichier National des Etablissements \nSanitaires et Sociaux (FINESS) de la fa\u00e7on suivante : \n \nN\u00b0 FINESS de l'\u00e9tablissement : 94 001 554 8 \nCode cat\u00e9gorie :  500 [EHPAD] \n \nCode discipline :  924 [Accueil Pour Personnes Ag\u00e9es]  \nCode fonctionnement : 11 [H\u00e9bergement complet Internat]  \nCode client\u00e8le : 711 [Personnes Ag\u00e9es D\u00e9pendantes] \nCapacit\u00e9 : 72 \n \nCode discipline :  657 [Accueil Temporaire Pour Personnes Ag\u00e9es]  \nCode fonctionnement : 11 [H\u00e9bergement complet Internat]  \nCode client\u00e8le : 711 [Personnes Ag\u00e9es D\u00e9pendantes] \n \n \n \n \n \n \nAgence R\u00e9gionale de Sant\u00e9 - IDF-2025-05-27-00139 - Arr\u00eat\u00e9 n\u00b0 2025-162 portant renouvellement d'autorisation de l'EHPAD \u00ab La\nR\u00e9sidence de l'Orme \u00bb \u00e0 Saint Maur des Foss\u00e9s (94100) et changement de d\u00e9nomination sociale de la S.A \u00ab ORPEA \u00bb en S.A \u00ab EMEIS \u00bb 6\nsigsig\n3 \n \nCapacit\u00e9 :  8 \n  \nCode discipline :  924 [Accueil Pour Personnes Ag\u00e9es] \nCode fonctionnement : 21 [Accueil de Jour] \nCode client\u00e8le :  711[Personnes Ag\u00e9es D\u00e9pendantes] \nCapacit\u00e9 : 10 \n \nN\u00b0 FINESS du gestionnaire : 92 003 015 2 \nCode statut : 73 [Soci\u00e9t\u00e9 anonyme] \n \nLE SIRET, le SIREN et FINESS restent inchang\u00e9s.  \n \n \nARTICLE 5 :       L'EHPAD n'est pas habilit\u00e9 \u00e0 accueillir des b\u00e9n\u00e9ficiaires de l'aide sociale. \n \nARTICLE 6 :  Cette autorisation est accord\u00e9e pour une dur\u00e9e de quinze ans \u00e0 compter du 15 \nd\u00e9cembre 2024 conform\u00e9ment \u00e0 l'article L.313 -1 du code de l'action sociale et des \nfamilles. Elle est renouvel\u00e9e dans les conditions pr\u00e9vues \u00e0 l'article L. 313-5 du code \nde l'action sociale et des familles, au regard des r\u00e9sultats de l'\u00e9valuation externe \nmentionn\u00e9e \u00e0 l'article L. 312-8 du m\u00eame code. \n \nARTICLE 7 :    Tout changement important dans l'activit\u00e9, l'installation, l'organisation, la direction ou \nle fonctionnement de l'\u00e9tablissement ou du service doit \u00eatre port\u00e9 \u00e0 la connaissance \ndes autorit\u00e9s comp\u00e9tentes. \n \nARTICLE 8 :   Un recours contre le pr\u00e9sent arr\u00eat\u00e9 peut \u00eatre form\u00e9 devant le tribunal administratif \ncomp\u00e9tent dans un d\u00e9lai de deux mois \u00e0 compter de sa notification. \n \nARTICLE 9 :    Le Directeur de la D\u00e9l\u00e9gation d\u00e9partementale du Val-de-Marne de l'Agence r\u00e9gionale \nde sant\u00e9 Ile -de-France et le Pr\u00e9sident  du D\u00e9partement du Val -de-Marne sont \ncharg\u00e9s, chacun en ce qui le  concerne, de l'ex\u00e9cution du pr\u00e9sent arr\u00eat\u00e9 publi\u00e9 au x \nrecueils des actes administratifs de la R\u00e9gion Ile -de-France et du D\u00e9partement du \nVal-de-Marne. \n \n                                                                         Fait \u00e0 Cr\u00e9teil, le, 27/05/2025 \n \nLe Directeur de la d\u00e9l\u00e9gation d\u00e9partementale \ndu Val-de-Marne de l'ARS IDF \n \nEric VECHARD \n \n \n \n \n \n \nLe Pr\u00e9sident du D\u00e9partement \ndu Val-de-Marne \n                      \nOlivier CAPITANIO \n \n  \n \n \nAgence R\u00e9gionale de Sant\u00e9 - IDF-2025-05-27-00139 - Arr\u00eat\u00e9 n\u00b0 2025-162 portant renouvellement d'autorisation de l'EHPAD \u00ab La\nR\u00e9sidence de l'Orme \u00bb \u00e0 Saint Maur des Foss\u00e9s (94100) et changement de d\u00e9nomination sociale de la S.A \u00ab ORPEA \u00bb en S.A \u00ab EMEIS \u00bb 7\nAgence R\u00e9gionale de Sant\u00e9\nIDF-2025-05-27-00140\nArr\u00eat\u00e9 n\u00b0 2025-163 portant changement de\nd\u00e9nomination sociale de la S.A \u00ab ORPEA \u00bb en S.A\n\u00ab EMEIS \u00bb, gestionnaire de l'Etablissement\nd'H\u00e9bergement pour Personnes \u00c2g\u00e9es\nD\u00e9pendantes (EHPAD) Les Pastoureaux \u00e0\nValenton (94460)\nAgence R\u00e9gionale de Sant\u00e9 - IDF-2025-05-27-00140 - Arr\u00eat\u00e9 n\u00b0 2025-163 portant changement de d\u00e9nomination sociale de la S.A \u00ab\nORPEA \u00bb en S.A \u00ab EMEIS \u00bb, gestionnaire de l'Etablissement d'H\u00e9bergement pour Personnes \u00c2g\u00e9es D\u00e9pendantes (EHPAD) Les\nPastoureaux \u00e0 Valenton (94460)\n8\nVAL deMARNEREPUBLIQUE A 4 Vy,FRAN CAI SE \u00a9 > Agence R\u00e9gionale de Sant\u00e9 'A | Le D\u00e9partementLibert\u00e9 Ile-de-France\u00c9galit\u00e9Fraternit\u00e9\n \n                                                                \n \n       \n \n \n \n \n \nARR\u00caT\u00c9 CONJOINT N\u00b0 2025 \u2013 163  \n \nportant changement de d\u00e9nomination sociale de la S.A \u00ab ORPEA \u00bb en S.A \u00ab EMEIS \u00bb, \ngestionnaire de l'Etablissement d'H\u00e9bergement pour Personnes \u00c2g\u00e9es D\u00e9pendantes \n(EHPAD) Les Pastoureaux, sis 10 rue Salvador Allende \u00e0 Valenton (94460) \n  \n \nLE DIRECTEUR G\u00c9N\u00c9RAL DE L'AGENCE R\u00c9GIONALE DE SANT\u00c9 \u00ceLE-DE-FRANCE \nLE PR\u00c9SIDENT DU CONSEIL D\u00c9PARTEMENTAL DU VAL-DE-MARNE \n \n \nVU le code de l'action sociale et des familles et notamment les articles L312 -1, L313 -1,                   \nL314-3 et suivants ; \n  \nVU le code g\u00e9n\u00e9ral des collectivit\u00e9s territoriales ; \n  \nVU le d\u00e9cret du 10 avril 2024 portant nomination de Monsieur Denis ROBIN, Directeur g\u00e9n\u00e9ral \nde l'Agence r\u00e9gionale de sant\u00e9 d'\u00cele-de-France ; \n  \nVU la d\u00e9cision de d\u00e9l\u00e9gation de signature du Directeur G\u00e9n\u00e9ral de l'ARS IDF vers le Directeur \nde la d\u00e9l\u00e9gation d\u00e9partementale du VAL-DE-MARNE en date du 29/04 ; \n  \nVU le proc\u00e8s-verbal de l'\u00e9lection du Pr\u00e9sident du Conseil d\u00e9partemental du Val -de-Marne du \n1er juillet 2021 ; \n  \nVU l'arr\u00eat\u00e9 n\u00b0 DIRNOV-2023/08 de la Directrice g\u00e9n\u00e9rale de l'Agence r\u00e9gionale de sant\u00e9 Ile -\nde-France en date du 26 octobre 2023 portant adoption du cadre d'orientation strat\u00e9gique \n2018-2028 du projet r\u00e9gional de sant\u00e9 d'Ile-de-France ; \n  \nVU l'arr\u00eat\u00e9 n\u00b0 DIRNOV-2023/09 de la Directrice g\u00e9n\u00e9rale de l'Agence r\u00e9gionale de sant\u00e9 Ile -\nde-France en date du 26 octobre 2023 portant adoption du sch\u00e9ma r\u00e9gional de sant\u00e9 2023-\n2028 du projet r\u00e9gional de sant\u00e9 d'Ile-de-France ; \n \nVU l'arr\u00eat\u00e9 n\u00b0 2023-162 de la Directrice g\u00e9n\u00e9rale de l'Agence r\u00e9gionale de sant\u00e9 Ile-de-France \ndu 19 juin 2023 \u00e9tablissant le programme interd\u00e9partemental d'accompagnement des \nhandicaps et de la perte d'autonomie (PRIAC) 2022-2026 pour la r\u00e9gion \u00cele-de-France ; \n \nVU la d\u00e9lib\u00e9ration n\u00b0 2020 -7-3.2.30 du 14 d\u00e9cembre 2020 adopt\u00e9e par le Conseil \nd\u00e9partemental du Val-de-Marne et relative au sch\u00e9ma pour l'autonomie \u00e0 destination des \npersonnes \u00e2g\u00e9es, des personnes en situation de handicap et leurs aidants (2020-2025) ; \n  \nVU l'arr\u00eat\u00e9 conjoint n\u00b02005/1961 bis en date du 30 mai 2005, portant refus de cr\u00e9ation d'un \nEtablissement pour Personnes \u00c2g\u00e9es D\u00e9pendantes (EHPAD) R\u00e9sidence les Charmilles, \nsis avenue du Colonel Fabien \u00e0 Valenton (94460), de 76 places pour personnes \u00e2g\u00e9es \natteintes de troubles cognitifs et 10 places d'accueil de jour ; \n  \nVU l'arr\u00eat\u00e9 conjoint n\u00b02005/340 en date du 30 juin 2005, portant la cr\u00e9ation d'un Etablissement \npour Personnes \u00c2g\u00e9es (EHPA) R\u00e9sidence ORPEA les Charmilles, sis avenue du Colonel \nAgence R\u00e9gionale de Sant\u00e9 - IDF-2025-05-27-00140 - Arr\u00eat\u00e9 n\u00b0 2025-163 portant changement de d\u00e9nomination sociale de la S.A \u00ab\nORPEA \u00bb en S.A \u00ab EMEIS \u00bb, gestionnaire de l'Etablissement d'H\u00e9bergement pour Personnes \u00c2g\u00e9es D\u00e9pendantes (EHPAD) Les\nPastoureaux \u00e0 Valenton (94460)\n9\nFabien \u00e0 Valenton (94460), de 76 places pour personnes \u00e2g\u00e9es atteintes de troubles \ncognitifs et 10 places d'accueil de jour ; \n  \nVU l'arr\u00eat\u00e9 conjoint n\u00b02007/3150 en date du 8 aout 2007, portant la cr\u00e9ation d'un Etablissement \npour Personnes \u00c2g\u00e9es D\u00e9pendantes (EHPAD) d\u00e9nomm\u00e9e R\u00e9sidence ORPEA Les \nPastoureaux, sis avenue du Colonel Fabien \u00e0 Valenton (94460) portant la capacit\u00e9 totale \u00e0 \n86 places (76 places d'h\u00e9bergement permanent pour personnes \u00e2g\u00e9es atteintes de troubles \ncognitifs et 10 places d'accueil de jour) ; \n \nVU  l'arr\u00eat\u00e9 conjoint n\u00b02011/173 en date du 2 novembre 2011, portant extension de l'EHPAD \nles Pastoureaux, sis 10 avenue Salvador Vallende \u00e0 Valenton (94460) portant la capacit\u00e9 \n\u00e0 99 places (94 places d'h\u00e9bergement permanent, 4 places d'h\u00e9bergement temporaire et \n11 places en accueil de jour) ; \n \nVU l'arr\u00eat\u00e9 conjoint n\u00b02021/120 en date du 25 janvier 2021, portant extension de l'EHPAD les \nPastoureaux, sis 10 avenue Salvador Vallende \u00e0 Valenton (94460) portant la capacit\u00e9 totale \n\u00e0 105 places (84 places d'h\u00e9bergement permanent dont 14 places en unit\u00e9s d'h\u00e9bergement \nrenforc\u00e9, 5 places d'h\u00e9bergement temporaire,16 places en accueil de jour et une plateforme \nd'accompagnement et de r\u00e9pit des aidants adoss\u00e9e \u00e0 l'accueil de jour) ; \n  \nVU l'arr\u00eat\u00e9 conjoint n\u00b02021/26 en date du 26 mai 2021, portant modification de l'article 5 de \nl'arr\u00eat\u00e9 conjoint n\u00b02021/120 en date du 25 janvier 2021, de l'EHPAD Les Pastoureaux, sis \n10 avenue Salvador Vallende \u00e0 Valenton (94460), portant sur la caducit\u00e9 des 5 places \nd'accueil de jour et d'une place d'h\u00e9bergement temporaire \u00e0 d\u00e9faut d'ouverture au public \ndans les 4 ans \u00e0 compter de la publication dudit arr\u00eat\u00e9 ; \n  \nVU les courriers en date du 28 mars 2024 et du 29 juillet 2024  et le document de l'extrait Kbis \npar lequel le Groupe EMEIS informe l'Agence R\u00e9gionale de Sant\u00e9 Ile -de-France et le \nConseil D\u00e9partemental du Val-de-Marne du changement de d\u00e9nomination sociale de la SA \n\u00ab ORPEA \u00bb en \u00ab SA EMEIS \u00bb; \n \nCONSID\u00c9RANT \n \n \nqu'il convient d'acter le changement de la d\u00e9nomination sociale du groupe \nORPEA en EMEIS et la gestion de l'EHPAD \u00ab Les Pastoureaux \u00bb par la S.A \nEMEIS; \nCONSID\u00c9RANT qu'il satisfait aux r\u00e8gles d'organisation et de fonctionnement pr\u00e9vues par le \ncode de l'action sociale et des familles ;  \n \nCONSID\u00c9RANT que cette modification peut s'effectuer \u00e0 moyens constants et n'entra\u00eene donc \naucun surco\u00fbt ; \n \n \n \nARR\u00caTENT \n \n \n \nARTICLE 1er : Il est act\u00e9 le changement de d\u00e9nomination de la SA ORPEA en SA EMEIS, sis 12 \nrue Jean Jaur\u00e8s 92  813 Puteaux C\u00e9dex , gestionnaire de l'EHPAD Les \nPastoureaux, sis 10 avenue Salvador Vallende \u00e0 Valenton (94460). \n  \nARTICLE 2e : La capacit\u00e9 totale de l'\u00e9tablissement est fix\u00e9e \u00e0 105 places r\u00e9parties de la mani\u00e8re \nsuivante : \n- 84 places d'h\u00e9bergement permanent  dont 14 places en unit\u00e9 d'h\u00e9bergement \nrenforc\u00e9 ; \n-  5 places d'h\u00e9bergement temporaire ; \nAgence R\u00e9gionale de Sant\u00e9 - IDF-2025-05-27-00140 - Arr\u00eat\u00e9 n\u00b0 2025-163 portant changement de d\u00e9nomination sociale de la S.A \u00ab\nORPEA \u00bb en S.A \u00ab EMEIS \u00bb, gestionnaire de l'Etablissement d'H\u00e9bergement pour Personnes \u00c2g\u00e9es D\u00e9pendantes (EHPAD) Les\nPastoureaux \u00e0 Valenton (94460)\n10\n- 16 places d'accueil de jour \nL'EHPAD comprend une plateforme d'accompagnement et de r\u00e9pit des aidants \n(PFR) adoss\u00e9e \u00e0 l'accueil de jour. \n \n  \nARTICLE 3e : Cette structure est r\u00e9pertori\u00e9e dans le Fichier National des Etablissements \nSanitaires et Sociaux (FINESS) de la fa\u00e7on suivante : \n \nN\u00b0 FINESS de l'\u00e9tablissement : 94 000 663 8 \n \nCode cat\u00e9gorie : 500 [EHPAD] \n \nCode discipline : 924 [Accueil Pour Personnes Ag\u00e9es] \nCode fonctionnement : 11 [H\u00e9bergement complet Internat] \nCode client\u00e8le : 436 [Personnes Alzheimer ou maladies apparent\u00e9es] \nCapacit\u00e9 : 84 \n \nCode discipline : 657 [Accueil temporaire pour Personnes \u00c2g\u00e9es] \nCode fonctionnement : 11 [H\u00e9bergement Complet Internat] \nCode client\u00e8le : 436 [Personnes Alzheimer ou maladies apparent\u00e9es] \nCapacit\u00e9 : 05 \n \nCode discipline : 924 [Accueil temporaire pour Personnes \u00c2g\u00e9es] \nCode fonctionnement : 21 [Accueil de Jour] \nCode client\u00e8le : 436 [Personnes Alzheimer ou maladies apparent\u00e9es] \nCapacit\u00e9 : 16 \n \nCode discipline : 963 [Plateforme d'accompagnement et de r\u00e9pit des aidants-PFR] \nCode fonctionnement : 21 [Accueil de Jour] \nCode client\u00e8le : 436 [Personnes Alzheimer ou maladies apparent\u00e9es] \n \nN\u00b0 FINESS du gestionnaire : 92 003 015 2 \n \nCode statut : 73 [Soci\u00e9t\u00e9 Anonyme] \n \nLE SIRET, le SIREN et FINESS restent inchang\u00e9s.  \n  \n \nARTICLE 4e : L'EHPAD n'est pas habilit\u00e9 \u00e0 accueillir des b\u00e9n\u00e9ficiaires de l'aide sociale. \n  \nARTICLE 5e : Le pr\u00e9sent arr\u00eat\u00e9 est sans effet concernant la dur\u00e9e d'autorisation accord\u00e9e \u00e0 \nl'\u00e9tablissement pour 15 ans \u00e0 compter de sa date de cr\u00e9ation ou de renouvellement \nd'autorisation conform\u00e9ment aux conditions pr\u00e9vues aux articles L.312 -8 et               \nL.313-5 du code de l'action sociale et des familles. \n  \nARTICLE 6e : Tout changement important dans l'activit\u00e9, l'installation, l'organisation, la direction \nou le fonctionnement de l'\u00e9tablissement ou du service doit \u00eatre port\u00e9 \u00e0 la \nconnaissance des autorit\u00e9s comp\u00e9tentes. \n  \nARTICLE 7e : Un recours contre le pr\u00e9sent arr\u00eat\u00e9 peut \u00eatre form\u00e9 devant le tribunal administratif \ncomp\u00e9tent dans un d\u00e9lai de deux mois \u00e0 compter de sa notification. \n  \nARTICLE 8e : Le Directeur de la D\u00e9l\u00e9gation d\u00e9partementale du Val -de-Marne de l'Agence \nr\u00e9gionale de sant\u00e9 Ile-de-France et le Pr\u00e9sident du D\u00e9partement du Val-de-Marne \nsont charg\u00e9s, chacun en ce qui le concerne, de l'ex\u00e9cution du pr\u00e9sent arr\u00eat\u00e9 publi\u00e9  \n \nAgence R\u00e9gionale de Sant\u00e9 - IDF-2025-05-27-00140 - Arr\u00eat\u00e9 n\u00b0 2025-163 portant changement de d\u00e9nomination sociale de la S.A \u00ab\nORPEA \u00bb en S.A \u00ab EMEIS \u00bb, gestionnaire de l'Etablissement d'H\u00e9bergement pour Personnes \u00c2g\u00e9es D\u00e9pendantes (EHPAD) Les\nPastoureaux \u00e0 Valenton (94460)\n11\nGI sig\naux recueils des actes administratifs de la R\u00e9gion Ile-de-France et du D\u00e9partement \ndu Val-de-Marne. \n \nFait \u00e0 Cr\u00e9teil, le 27/05/2025 \n \n \nLe Directeur de la d\u00e9l\u00e9gation \nd\u00e9partementale du Val-de-\nMarne de l'ARS IDF \n \nEric VECHARD \n Le Pr\u00e9sident du D\u00e9partemental \nDu Val de Marne            \n \n \nOlivier CAPITANIO \n \n \nAgence R\u00e9gionale de Sant\u00e9 - IDF-2025-05-27-00140 - Arr\u00eat\u00e9 n\u00b0 2025-163 portant changement de d\u00e9nomination sociale de la S.A \u00ab\nORPEA \u00bb en S.A \u00ab EMEIS \u00bb, gestionnaire de l'Etablissement d'H\u00e9bergement pour Personnes \u00c2g\u00e9es D\u00e9pendantes (EHPAD) Les\nPastoureaux \u00e0 Valenton (94460)\n12\nAgence R\u00e9gionale de Sant\u00e9\nIDF-2025-05-27-00141\nArr\u00eat\u00e9 n\u00b0 2025-164 portant changement de\nd\u00e9nomination sociale de la S.A \u00ab ORPEA \u00bb en S.A\n\u00ab EMEIS \u00bb, gestionnaire de l'EHPAD Normandy\nCottage \u00e0 Mandres les Roses (94 520)\nAgence R\u00e9gionale de Sant\u00e9 - IDF-2025-05-27-00141 - Arr\u00eat\u00e9 n\u00b0 2025-164 portant changement de d\u00e9nomination sociale de la S.A \u00ab\nORPEA \u00bb en S.A \u00ab EMEIS \u00bb, gestionnaire de l'EHPAD Normandy Cottage \u00e0 Mandres les Roses (94 520) 13\nVAL deMARNEREPUBLIQUE A 4 Vy,FRAN CAI SE \u00a9 > Agence R\u00e9gionale de Sant\u00e9 'A | Le D\u00e9partementLibert\u00e9 Ile-de-France\u00c9galit\u00e9Fraternit\u00e9\n \n                                                                \n \n       \n \n \n \n \n \nARR\u00caT\u00c9 CONJOINT N\u00b0 2025 \u2013 164  \n \nportant changement de d\u00e9nomination sociale de la S.A \u00ab ORPEA \u00bb en S.A \u00ab EMEIS \u00bb, \ngestionnaire de l'Etablissement d'H\u00e9bergement pour Personnes \u00c2g\u00e9es D\u00e9pendantes \n(EHPAD) Normandy Cottage, sis 6 rue du G\u00e9n\u00e9ral Leclerc \u00e0 Mandres les Roses (94 520) \n  \n \nLE DIRECTEUR G\u00c9N\u00c9RAL DE L'AGENCE R\u00c9GIONALE DE SANT\u00c9 \u00ceLE-DE-FRANCE \nLE PR\u00c9SIDENT DU CONSEIL D\u00c9PARTEMENTAL DU VAL-DE-MARNE \n \n \n  \nVU le code de l'action sociale et des familles et notamment les articles L312 -1, L313 -1,                   \nL314-3 et suivants ; \n  \nVU le code g\u00e9n\u00e9ral des collectivit\u00e9s territoriales ; \n  \nVU le d\u00e9cret du 10 avril 2024 portant nomination de Monsieur Denis ROBIN, Directeur g\u00e9n\u00e9ral \nde l'Agence r\u00e9gionale de sant\u00e9 d'\u00cele-de-France ; \n  \nVU la d\u00e9cision de d\u00e9l\u00e9gation de signature du Directeur G\u00e9n\u00e9ral de l'ARS IDF vers le Directeur \nde la d\u00e9l\u00e9gation d\u00e9partementale du VAL-DE-MARNE en date du 29/04 ; \n  \nVU le proc\u00e8s-verbal de l'\u00e9lection du Pr\u00e9sident du Conseil d\u00e9partemental du Val -de-Marne du \n1er juillet 2021 ; \n  \nVU l'arr\u00eat\u00e9 n\u00b0 DIRNOV-2023/08 de la Directrice g\u00e9n\u00e9rale de l'Agence r\u00e9gionale de sant\u00e9 Ile -\nde-France en date du 26 octobre 2023 portant adoption du cadre d'orientation strat\u00e9gique \n2018-2028 du projet r\u00e9gional de sant\u00e9 d'Ile-de-France ; \n  \nVU l'arr\u00eat\u00e9 n\u00b0 DIRNOV-2023/09 de la Directrice g\u00e9n\u00e9rale de l'Agence r\u00e9gionale de sant\u00e9 Ile -\nde-France en date du 26 octobre 2023 portant adoption du sch\u00e9ma r\u00e9gional de sant\u00e9 2023-\n2028 du projet r\u00e9gional de sant\u00e9 d'Ile-de-France ; \n \nVU l'arr\u00eat\u00e9 n\u00b0 2023-162 de la Directrice g\u00e9n\u00e9rale de l'Agence r\u00e9gionale de sant\u00e9 Ile-de-France \ndu 19 juin 2023 \u00e9tablissant le programme interd\u00e9partemental d'accompagnement des \nhandicaps et de la perte d'autonomie (PRIAC) 2022-2026 pour la r\u00e9gion \u00cele-de-France ; \n \nVU la d\u00e9lib\u00e9ration n\u00b0 2020 -7-3.2.30 du 14 d\u00e9cembre 2020 adopt\u00e9e par le Conseil \nd\u00e9partemental du Val-de-Marne et relative au sch\u00e9ma pour l'autonomie \u00e0 destination des \npersonnes \u00e2g\u00e9es, des personnes en situation de handicap et leurs aidants (2020-2025) ; \n  \nVU l'arr\u00eat\u00e9 conjoint n\u00b0 2005/3375 du 14 septembre 2005 portant autorisation de transformation \nde l'Etablissement d'H\u00e9bergement pour personnes \u00e2g\u00e9es (EHPA) Normandy Cottage en \nEtablissement pour personnes \u00e2g\u00e9es d\u00e9pendantes (EHPAD) Normandy Cottage g\u00e9r\u00e9 par \nla SARL Normandy Cottage, pour une capacit\u00e9 totale de 85 place s ( 76 places \nd'h\u00e9bergement permanent, 5 places d'h\u00e9bergement temporaire  et 4 places d'accueil de \njour) ; \n  \nAgence R\u00e9gionale de Sant\u00e9 - IDF-2025-05-27-00141 - Arr\u00eat\u00e9 n\u00b0 2025-164 portant changement de d\u00e9nomination sociale de la S.A \u00ab\nORPEA \u00bb en S.A \u00ab EMEIS \u00bb, gestionnaire de l'EHPAD Normandy Cottage \u00e0 Mandres les Roses (94 520) 14\nVU l'arr\u00eat\u00e9 conjoint n\u00b0 2021-119 du 25/01/2021 portant modification de capacit\u00e9 de l'EHPAD \nNormandy Cottage g\u00e9r\u00e9 par la SARL Normandy Cottage en supprimant les 4 places \nd'accueil de jour et dont la capacit\u00e9 totale est de  81 places soit 76 places d'h\u00e9bergement \npermanent et 5 places d'h\u00e9bergement temporaire ; \n  \nVU l'arr\u00eat\u00e9 conjoint n\u00b0 2021 -107 du 13 /07/2021 portant  approbation de cession \nd'autorisation de l'EHPAD Normandy Cottage g\u00e9r\u00e9 par la SARL Normandy Cottage au profit \nde la SA ORPEA dont  la capacit\u00e9 totale est de 81 places soit 76 places d'h\u00e9bergement \npermanent et 5 places d'h\u00e9bergement temporaire ; \n \nVU les courriers en date du 28 mars 2024 et du 29 juillet 2024  et le document de l'extrait Kbis \npar lequel le Groupe EMEIS informe l'Agence R\u00e9gionale de Sant\u00e9 Ile -de-France et le \nConseil D\u00e9partemental du Val-de-Marne du changement de d\u00e9nomination sociale de la SA \n\u00ab ORPEA \u00bb en \u00ab SA EMEIS \u00bb; \n  \n \nCONSID\u00c9RANT \n \n \nqu'il convient d'acter le changement de la d\u00e9nomination sociale du groupe \nORPEA en EMEIS et la gestion de l'EHPAD \u00ab Normandy Cottage \u00bb par la S.A \nEMEIS; \nCONSID\u00c9RANT qu'il satisfait aux r\u00e8gles d'organisation et de fonctionnement pr\u00e9vues par le \ncode de l'action sociale et des familles ;  \n \nCONSID\u00c9RANT que cette modification peut s'effectuer \u00e0 moyens constants et n'entra\u00eene donc \naucun surco\u00fbt ; \n \n \nARR\u00caTENT \n \n \n \nARTICLE 1er : Il est act\u00e9 le changement de d\u00e9nomination de la SA ORPEA en SA EMEIS, sis 12 \nrue Jean Jaur\u00e8s 92  813 Puteaux C\u00e9dex , gestionnaire de l'EHPAD Normandy \nCottage sis 6 rue du G\u00e9n\u00e9ral Leclerc \u00e0 Mandres les Roses (94 520).  \n  \nARTICLE 2e : La capacit\u00e9 totale de l'\u00e9tablissement est fix\u00e9e \u00e0 81 places r\u00e9parties de la mani\u00e8re \nsuivante : \n- 76 places d'h\u00e9bergement permanent ; \n-  05 places d'h\u00e9bergement temporaire ; \n  \nARTICLE 3e : Cette structure est r\u00e9pertori\u00e9e dans le Fichier National des Etablissements \nSanitaires et Sociaux (FINESS) de la fa\u00e7on suivante : \n \nN\u00b0 FINESS de l'\u00e9tablissement : 94 080 538 5 \n \nCode cat\u00e9gorie : 500 [EHPAD] \n \nCode discipline :           924 [Accueil Pour Personnes Ag\u00e9es] \nCode fonctionnement : 11 [H\u00e9bergement complet Internat] \nCode client\u00e8le :            711 [Personnes Ag\u00e9es D\u00e9pendantes] \nCapacit\u00e9 : 76 \n \nCode discipline :           657 [Accueil temporaire pour Personnes \u00c2g\u00e9es] \n \n \n \n \nAgence R\u00e9gionale de Sant\u00e9 - IDF-2025-05-27-00141 - Arr\u00eat\u00e9 n\u00b0 2025-164 portant changement de d\u00e9nomination sociale de la S.A \u00ab\nORPEA \u00bb en S.A \u00ab EMEIS \u00bb, gestionnaire de l'EHPAD Normandy Cottage \u00e0 Mandres les Roses (94 520) 15\nGI sig\nCode fonctionnement : 11 [H\u00e9bergement Complet Internat] \nCode client\u00e8le :            711[Personnes Ag\u00e9es D\u00e9pendantes] \nCapacit\u00e9 : 05 \n \nN\u00b0 FINESS du gestionnaire : 92 003 015 2 \n \nCode statut : 73 [Soci\u00e9t\u00e9 Anonyme] \n \nLE SIRET, le SIREN et FINESS restent inchang\u00e9s.  \n \n \nARTICLE 4e : L'EHPAD n'est pas habilit\u00e9 \u00e0 accueillir des b\u00e9n\u00e9ficiaires de l'aide sociale. \n  \nARTICLE 5e : Le pr\u00e9sent arr\u00eat\u00e9 est sans effet concernant la dur\u00e9e d'autorisation accord\u00e9e \u00e0 \nl'\u00e9tablissement pour 15 ans \u00e0 compter de sa date de cr\u00e9ation ou de renouvellement \nd'autorisation conform\u00e9ment aux conditions pr\u00e9vues aux articles L.312 -8 et                  \nL.313-5 du code de l'action sociale et des familles. \n  \nARTICLE 6e : Tout changement important dans l'activit\u00e9, l'installation, l'organisation, la direction \nou le fonctionnement de l'\u00e9tablissement ou du service doit \u00eatre port\u00e9 \u00e0 la \nconnaissance des autorit\u00e9s comp\u00e9tentes. \n  \nARTICLE 7e : Un recours contre le pr\u00e9sent arr\u00eat\u00e9 peut \u00eatre form\u00e9 devant le tribunal administratif \ncomp\u00e9tent dans un d\u00e9lai de deux mois \u00e0 compter de sa notification. \n  \nARTICLE 8e : Le Directeur de la D\u00e9l\u00e9gation d\u00e9partementale du Val -de-Marne de l'Agence \nr\u00e9gionale de sant\u00e9 Ile-de-France et le Pr\u00e9sident du D\u00e9partement du Val-de-Marne \nsont charg\u00e9s, chacun en ce qui le concerne, de l'ex\u00e9cution du pr\u00e9sent arr\u00eat\u00e9 publi\u00e9 \naux recueils des actes administratifs de la R\u00e9gion Ile-de-France et du D\u00e9partement \ndu Val-de-Marne. \n \n \nFait \u00e0 Cr\u00e9teil, le 27/05/2025 \n \n \nLe Directeur de la d\u00e9l\u00e9gation \nd\u00e9partementale du Val-de-\nMarne de l'ARS IDF \n \nEric VECHARD \n Le Pr\u00e9sident du D\u00e9partemental \nDu Val de Marne            \n \n \nOlivier CAPITANIO \n \n \nAgence R\u00e9gionale de Sant\u00e9 - IDF-2025-05-27-00141 - Arr\u00eat\u00e9 n\u00b0 2025-164 portant changement de d\u00e9nomination sociale de la S.A \u00ab\nORPEA \u00bb en S.A \u00ab EMEIS \u00bb, gestionnaire de l'EHPAD Normandy Cottage \u00e0 Mandres les Roses (94 520) 16\nAgence R\u00e9gionale de Sant\u00e9\nIDF-2025-05-27-00142\nArr\u00eat\u00e9 n\u00b0 2025-165 portant changement de\nd\u00e9nomination sociale de la S.A \u00ab ORPEA \u00bb en S.A\n\u00ab EMEIS \u00bb, gestionnaire de l'EHPAD R\u00e9sidence La\nVall\u00e9e de la Marne \u00e0 Joinville-le Pont (94340)\nAgence R\u00e9gionale de Sant\u00e9 - IDF-2025-05-27-00142 - Arr\u00eat\u00e9 n\u00b0 2025-165 portant changement de d\u00e9nomination sociale de la S.A \u00ab\nORPEA \u00bb en S.A \u00ab EMEIS \u00bb, gestionnaire de l'EHPAD R\u00e9sidence La Vall\u00e9e de la Marne \u00e0 Joinville-le Pont (94340) 17\nVAL deMARNEREPUBLIQUE A 4 Vy,FRAN CAI SE \u00a9 > Agence R\u00e9gionale de Sant\u00e9 'A | Le D\u00e9partementLibert\u00e9 Ile-de-France\u00c9galit\u00e9Fraternit\u00e9\n \n                                                                \n \n       \n \n \n \n \n \nARR\u00caT\u00c9 CONJOINT N\u00b0 2025 \u2013 165 \n \nportant changement de d\u00e9nomination sociale de la S.A \u00ab ORPEA \u00bb en S.A \u00ab EMEIS \u00bb, \ngestionnaire de l'Etablissement d'H\u00e9bergement pour Personnes \u00c2g\u00e9es D\u00e9pendantes \n(EHPAD) R\u00e9sidence La Vall\u00e9e de la Marne \nsis 49 quai de la Marne \u00e0 Joinville-le Pont (94340) \n  \n \nLE DIRECTEUR G\u00c9N\u00c9RAL DE L'AGENCE R\u00c9GIONALE DE SANT\u00c9 \u00ceLE-DE-FRANCE \nLE PR\u00c9SIDENT DU CONSEIL D\u00c9PARTEMENTAL DU VAL-DE-MARNE \n \n \nVU le code de l'action sociale et des familles et notamment les articles L312 -1, L313 -1,                   \nL314-3 et suivants ; \n  \nVU le code g\u00e9n\u00e9ral des collectivit\u00e9s territoriales ; \n  \nVU le d\u00e9cret du 10 avril 2024 portant nomination de Monsieur Denis ROBIN, Directeur g\u00e9n\u00e9ral \nde l'Agence r\u00e9gionale de sant\u00e9 d'\u00cele-de-France ; \n  \nVU la d\u00e9cision de d\u00e9l\u00e9gation de signature du Directeur G\u00e9n\u00e9ral de l'ARS IDF vers le Directeur \nde la d\u00e9l\u00e9gation d\u00e9partementale du VAL-DE-MARNE en date du 29/04 ; \n  \nVU le proc\u00e8s-verbal de l'\u00e9lection du Pr\u00e9sident du Conseil d\u00e9partemental du Val-de-Marne du \n1er juillet 2021 ; \n  \nVU l'arr\u00eat\u00e9 n\u00b0 DIRNOV-2023/08 de la Directrice g\u00e9n\u00e9rale de l'Agence r\u00e9gionale de sant\u00e9 Ile -\nde-France en date du 26 octobre 2023 portant adoption du cadre d'orientation strat\u00e9gique \n2018-2028 du projet r\u00e9gional de sant\u00e9 d'Ile-de-France ; \n  \nVU l'arr\u00eat\u00e9 n\u00b0 DIRNOV-2023/09 de la Directrice g\u00e9n\u00e9rale de l'Agence r\u00e9gionale de sant\u00e9 Ile -\nde-France en date du 26 octobre 2023 portant adoption du sch\u00e9ma r\u00e9gional de sant\u00e9 2023-\n2028 du projet r\u00e9gional de sant\u00e9 d'Ile-de-France ; \n \nVU l'arr\u00eat\u00e9 n\u00b0 2023-162 de la Directrice g\u00e9n\u00e9rale de l'Agence r\u00e9gionale de sant\u00e9 Ile-de-France \ndu 19 juin 2023 \u00e9tablissant le programme interd\u00e9partemental d'accompagnement des \nhandicaps et de la perte d'autonomie (PRIAC) 2022-2026 pour la r\u00e9gion \u00cele-de-France ; \n \nVU la d\u00e9lib\u00e9ration n\u00b0 2020 -7-3.2.30 du 14 d\u00e9cembre 2020 adopt\u00e9e par le Conseil \nd\u00e9partemental du Val-de-Marne et relative au sch\u00e9ma pour l'autonomie \u00e0 destination des \npersonnes \u00e2g\u00e9es, des personnes en situation de handicap et leurs aidants (2020-2025) ; \n  \nVU l'arr\u00eat\u00e9 conjoint n\u00b02002/5191 en date du 31 d\u00e9cembre 2002, portant la cr\u00e9ation d'un EHPA \nLa Vall\u00e9e de la Marne, sis 49 quai de la Marne \u00e0 Joinville -le Pont (94340), de 80 places \npour personnes \u00e2g\u00e9es au profit de la SA ORPEA ; \n \n \n \n \nAgence R\u00e9gionale de Sant\u00e9 - IDF-2025-05-27-00142 - Arr\u00eat\u00e9 n\u00b0 2025-165 portant changement de d\u00e9nomination sociale de la S.A \u00ab\nORPEA \u00bb en S.A \u00ab EMEIS \u00bb, gestionnaire de l'EHPAD R\u00e9sidence La Vall\u00e9e de la Marne \u00e0 Joinville-le Pont (94340) 18\nVU  l'arr\u00eat\u00e9 conjoint n\u00b02006/772 en date du 24 f\u00e9vrier 2006, portant extension de capacit\u00e9 de \nl'EHPAD La Vall\u00e9e de la Marne, sis 49 quai de la Marne \u00e0 Joinville-le Pont (94340),  \nsoit 89 places (80 places d'h\u00e9bergement permanent, 9 places d'h\u00e9bergement temporaire) ; \n \nVU les courriers en date du 28 mars 2024 et du 29 juillet 2024  et le document de l'extrait Kbis \npar lequel le Groupe EMEIS informe l'Agence R\u00e9gionale de Sant\u00e9 Ile -de-France et le \nConseil D\u00e9partemental du Val-de-Marne du changement de d\u00e9nomination sociale de la SA \n\u00ab ORPEA \u00bb en \u00ab SA EMEIS \u00bb; \n \n \nCONSID\u00c9RANT \n \n \nqu'il convient d'acter le changement de la d\u00e9nomination sociale du groupe \nORPEA en EMEIS et  la gestion de l'EHPAD \u00ab R\u00e9sidence La Vall\u00e9e de la \nMarne \u00bb par la S.A EMEIS; \nCONSID\u00c9RANT qu'il satisfait aux r\u00e8gles d'organisation et de fonctionnement pr\u00e9vues par le \ncode de l'action sociale et des familles ;  \n \nCONSID\u00c9RANT que cette modification peut s'effectuer \u00e0 moyens constants et n'entra\u00eene donc \naucun surco\u00fbt ; \n \n \n \n \nARR\u00caTENT \n \n \n \nARTICLE 1er : Il est act\u00e9 le changement de d\u00e9nomination de la SA ORPEA en SA EMEIS, sis 12 \nrue Jean Jaur\u00e8s 92 813 Puteaux C\u00e9dex, gestionnaire de l'EHPAD R\u00e9sidence La \nVall\u00e9e de la Marne, sis 49 quai de la Marne \u00e0 Joinville-le Pont (94340).    \n  \nARTICLE 2e : La capacit\u00e9 totale de l'\u00e9tablissement est fix\u00e9e \u00e0 89 places r\u00e9parties de la mani\u00e8re \nsuivante : \n- 80 places d'h\u00e9bergement permanent ; \n-  9 places d'h\u00e9bergement temporaire ; \n  \nARTICLE 3e : Cette structure est r\u00e9pertori\u00e9e dans le Fichier National des Etablissements \nSanitaires et Sociaux (FINESS) de la fa\u00e7on suivante : \n \nN\u00b0 FINESS de l'\u00e9tablissement : 94 080 802 5 \n \nCode cat\u00e9gorie : 500 [EHPAD] \n \nCode discipline : 924 [Accueil Pour Personnes Ag\u00e9es] \nCode fonctionnement : 11 [H\u00e9bergement complet Internat] \nCode client\u00e8le : 711 [Personnes Ag\u00e9es D\u00e9pendantes] \nCapacit\u00e9 : 80 \n \nCode discipline : 657 [Accueil temporaire pour Personnes \u00c2g\u00e9es] \nCode fonctionnement : 11 [H\u00e9bergement Complet Internat] \nCode client\u00e8le : 711 [Personnes Ag\u00e9es D\u00e9pendantes] \nCapacit\u00e9 : 09 \n \n \nN\u00b0 FINESS du gestionnaire : 92 003 015 2 \n \n \nAgence R\u00e9gionale de Sant\u00e9 - IDF-2025-05-27-00142 - Arr\u00eat\u00e9 n\u00b0 2025-165 portant changement de d\u00e9nomination sociale de la S.A \u00ab\nORPEA \u00bb en S.A \u00ab EMEIS \u00bb, gestionnaire de l'EHPAD R\u00e9sidence La Vall\u00e9e de la Marne \u00e0 Joinville-le Pont (94340) 19\nsigsig\nCode statut : 73 [Soci\u00e9t\u00e9 Anonyme] \n \nLE SIRET, le SIREN et FINESS restent inchang\u00e9s.  \n \nARTICLE 4e : L'EHPAD n'est pas habilit\u00e9 \u00e0 accueillir des b\u00e9n\u00e9ficiaires de l'aide sociale. \n  \nARTICLE 5e : Le pr\u00e9sent arr\u00eat\u00e9 est sans effet concernant la dur\u00e9e d'autorisation accord\u00e9e \u00e0 \nl'\u00e9tablissement pour 15 ans \u00e0 compter de sa date de cr\u00e9ation ou de renouvellement \nd'autorisation conform\u00e9ment aux conditions pr\u00e9vues aux articles L.312-8 et L.313-\n5 du code de l'action sociale et des familles. \n  \nARTICLE 6e : Tout changement important dans l'activit\u00e9, l'installation, l'organisation, la direction \nou le fonctionnement de l'\u00e9tablissement ou du service doit \u00eatre port\u00e9 \u00e0 la \nconnaissance des autorit\u00e9s comp\u00e9tentes. \n  \nARTICLE 7e : Un recours contre le pr\u00e9sent arr\u00eat\u00e9 peut \u00eatre form\u00e9 devant le tribunal administratif \ncomp\u00e9tent dans un d\u00e9lai de deux mois \u00e0 compter de sa notification. \n  \nARTICLE 8e : Le Directeur de la D\u00e9l\u00e9gation d\u00e9partementale du Val-de-Marne de l'Agence \nr\u00e9gionale de sant\u00e9 Ile-de-France et le Pr\u00e9sident du D\u00e9partement du Val-de-Marne \nsont charg\u00e9s, chacun en ce qui le concerne, de l'ex\u00e9cution du pr\u00e9sent arr\u00eat\u00e9 publi\u00e9 \naux recueils des actes administratifs de la R\u00e9gion Ile-de-France et du D\u00e9partement \ndu Val-de-Marne. \n  \n \nFait \u00e0 Cr\u00e9teil, le 27/05/2025 \n \n \nLe Directeur de la d\u00e9l\u00e9gation \nd\u00e9partementale du Val-de-\nMarne de l'ARS IDF \n \nEric VECHARD \n Le Pr\u00e9sident du D\u00e9partemental \nDu Val de Marne            \n \n \nOlivier CAPITANIO \n \n \nAgence R\u00e9gionale de Sant\u00e9 - IDF-2025-05-27-00142 - Arr\u00eat\u00e9 n\u00b0 2025-165 portant changement de d\u00e9nomination sociale de la S.A \u00ab\nORPEA \u00bb en S.A \u00ab EMEIS \u00bb, gestionnaire de l'EHPAD R\u00e9sidence La Vall\u00e9e de la Marne \u00e0 Joinville-le Pont (94340) 20\nAgence R\u00e9gionale de Sant\u00e9\nIDF-2025-06-04-00003\nArr\u00eat\u00e9 DOS-2025-2138 portant approbation de\nl'avenant n\u00b02 \u00e0 la convention constitutive du\nGroupement de Coop\u00e9ration Sanitaire\n\"M\u00e9decine du Sport\"\nAgence R\u00e9gionale de Sant\u00e9 - IDF-2025-06-04-00003 - Arr\u00eat\u00e9 DOS-2025-2138 portant approbation de l'avenant n\u00b02 \u00e0 la convention\nconstitutive du Groupement de Coop\u00e9ration Sanitaire \"M\u00e9decine du Sport\" 21\nREPUBLIQUEFRANCAISELibert\u00e9\u00c9galit\u00e9Fraternit\u00e9\n@ D Agence R\u00e9gionale de Sant\u00e9lle-de-France\n \n \n \n \n \n \n \nAGENCE R\u00c9GIONALE DE SANT\u00c9 \u00ceLE-DE-FRANCE \nARR\u00caT\u00c9 N\u00b0  DOS - 2025/ 2138 \nportant approbation de l'avenant n\u00b02 \u00e0 la convention constitutive du Groupement de \nCoop\u00e9ration Sanitaire \u00ab M\u00e9decine du Sport \u00bb \n \nLE DIRECTEUR G\u00c9N\u00c9RAL DE L'AGENCE R\u00c9GIONALE DE SANT\u00c9  \u00ceLE-DE-FRANCE \n \n \nVU le code de la sant\u00e9 publique et notamment les artic les L.6133-1 et suivants et R. 6133-1 et \nsuivants ; \n \nVU l'arr\u00eat\u00e9 du 5 avril 2019 relatif aux groupements de coop\u00e9rations sanitaires ; \n \nVU le d\u00e9cret du 10 avril 2024 portant nomination de Monsieur Denis ROBIN, Directeur g\u00e9n\u00e9ral de \nl'Agence r\u00e9gionale de sant\u00e9 \u00cele-de-France \u00e0 compter du 29 avril 2024 ; \n  \nVU l'arr\u00eat\u00e9 DS n\u00b0 034/2024 du 29 avril 2024 du Directe ur g\u00e9n\u00e9ral de l'Agence r\u00e9gionale de sant\u00e9 \n\u00cele-de-France, Monsieur Denis ROBIN, portant d\u00e9l\u00e9ga tion de signature \u00e0 Monsieur Arnaud \nCORVAISIER, Directeur de l'Offre de soins de l'ARS \u00cele-de-France ; \n  \nVU l'arr\u00eat\u00e9 n\u00b015-816 du 14 septembre 2015 portant appr obation de la convention constitutive du \nGroupement de Coop\u00e9ration sanitaire \u00ab M\u00e9decine du Sport \u00bb ; \n \nVU l'avenant n\u00b02 \u00e0 la convention constitutive du GCS \u00ab M\u00e9decine du Sport \u00bb sign\u00e9 \u00e0 Paris, le 3 \nd\u00e9cembre 2024; \n \n \n \n \nCONSID\u00c9RANT que l'avenant n\u00b02 \u00e0 la convention du GCS \u00ab M\u00e9decine  du Sport \u00bb respecte les \ndispositions des articles L. 6133-1 et suivants et R. 6133-1 et suivants du code de la \nsant\u00e9 publique ; \n \n \n \nARR\u00caTE \n \n \nARTICLE 1 \ner  : L'avenant n\u00b0 2 \u00e0 la convention constitutive du Groupement de Coop\u00e9ration Sanitaire  \n\u00ab M\u00e9decin du Sport \u00bb est approuv\u00e9. \n  \nARTICLE 2\ne L'avenant modifie les conditions de fonctionnement du GCS et notamment l'article \nsuivant :  \n \n- Article 13 \u2013 Administrateur \n \n \n \nAgence R\u00e9gionale de Sant\u00e9 - IDF-2025-06-04-00003 - Arr\u00eat\u00e9 DOS-2025-2138 portant approbation de l'avenant n\u00b02 \u00e0 la convention\nconstitutive du Groupement de Coop\u00e9ration Sanitaire \"M\u00e9decine du Sport\" 22\n2 \n \nARTICLE 3e  Le pr\u00e9sent arr\u00eat\u00e9 sera publi\u00e9 au recueil des actes administratifs de la pr\u00e9fecture de la \nr\u00e9gion \u00cele-de-France. Un recours contentieux contre  le pr\u00e9sent arr\u00eat\u00e9 peut \u00eatre form\u00e9 \naupr\u00e8s du Tribunal administratif comp\u00e9tent. Le d\u00e9la i de recours est de deux mois \u00e0 \ncompter de sa notification pour les int\u00e9ress\u00e9s ou de sa publication pour les tiers. \n \n \n \nFait \u00e0 Saint-Denis, le 4 juin 2025 \n \nLe Directeur g\u00e9n\u00e9ral  \nde l'Agence r\u00e9gionale de sant\u00e9 \n\u00cele-de-France \n \nPar d\u00e9l\u00e9gation \n \nLa Directrice g\u00e9n\u00e9rale-adjointe \n \n \nSign\u00e9 \n \n \nSophie MARTINON  \nAgence R\u00e9gionale de Sant\u00e9 - IDF-2025-06-04-00003 - Arr\u00eat\u00e9 DOS-2025-2138 portant approbation de l'avenant n\u00b02 \u00e0 la convention\nconstitutive du Groupement de Coop\u00e9ration Sanitaire \"M\u00e9decine du Sport\" 23\nAgence R\u00e9gionale de Sant\u00e9\nIDF-2025-06-04-00002\nArr\u00eat\u00e9 n\u00b02025-2311 portant approbation \u00e0\nl'avenant n\u00b022 \u00e0 la convention constitutive du\nGroupement de Coop\u00e9ration Sanitaire\n\"Blanchisserie Inter-Hospitali\u00e8re de Seine et\nMarne\"\nAgence R\u00e9gionale de Sant\u00e9 - IDF-2025-06-04-00002 - Arr\u00eat\u00e9 n\u00b02025-2311 portant approbation \u00e0 l'avenant n\u00b022 \u00e0 la convention\nconstitutive du Groupement de Coop\u00e9ration Sanitaire \"Blanchisserie Inter-Hospitali\u00e8re de Seine et Marne\" 24\nREPUBLIQUEFRANCAISELibert\u00e9\u00c9galit\u00e9Fraternit\u00e9\n@ D Agence R\u00e9gionale de Sant\u00e9lle-de-France\n \n \n \n \n \n \n \nAGENCE R\u00c9GIONALE DE SANT\u00c9 \u00ceLE-DE-FRANCE \nARR\u00caT\u00c9 N\u00b0 2025/2311 \nportant approbation \u00e0 l'avenant n\u00b022 \u00e0 la convention constitutive du Groupement de \nCoop\u00e9ration Sanitaire \u00ab Blanchisserie Inter-Hospitali\u00e8re de Seine et Marne \u00bb \n \nLE DIRECTEUR G\u00c9N\u00c9RAL DE L'AGENCE R\u00c9GIONALE DE SANT\u00c9  \u00ceLE-DE-FRANCE \n \n \nVU le code de la sant\u00e9 publique et notamment les artic les L.6133-1 et suivants et R. 6133-1 et \nsuivants ; \n \nVU l'arr\u00eat\u00e9 du 5 avril 2019 relatif aux groupements de coop\u00e9rations sanitaires ; \n \nVU le d\u00e9cret du 10 avril 2024 portant nomination de Monsieur Denis ROBIN, Directeur g\u00e9n\u00e9ral de \nl'Agence r\u00e9gionale de sant\u00e9 \u00cele-de-France \u00e0 compter du 29 avril 2024 ; \n  \nVU l'arr\u00eat\u00e9 DS n\u00b0 034/2024 du 29 avril 2024 du Directe ur g\u00e9n\u00e9ral de l'Agence r\u00e9gionale de sant\u00e9 \n\u00cele-de-France, Monsieur Denis ROBIN, portant d\u00e9l\u00e9ga tion de signature \u00e0 Monsieur Arnaud \nCORVAISIER, Directeur de l'Offre de soins de l'ARS \u00cele-de-France ; \n  \nVU l'arr\u00eat\u00e9 n\u00b009-09 du 20 mars 2009 portant approbatio n de la convention constitutive du \nGroupement de Coop\u00e9ration sanitaire \u00ab Blanchisserie Inter-Hospitali\u00e8re de Seine et Marne \u00bb ;  \n  \nVU la d\u00e9lib\u00e9ration de l'assembl\u00e9e g\u00e9n\u00e9rale du GCS \u00abBla nchisserie Inter-Hospitali\u00e8re de Seine et \nMarne \u00bb du 7 novembre 2024 adoptant la modifications des membres ; \n \nVU l'avenant n\u00b022 \u00e0 la convention constitutive du GCS \u00ab Blanchisserie Inter-Hospitali\u00e8re de Seine \net Marne \u00bb sign\u00e9 \u00e0 Paris, le 3 octobre 2024 ; \n \n \n \n \nCONSID\u00c9RANT que l'avenant n\u00b022 \u00e0 la convention du GCS \u00ab Blanchi sserie Inter-Hospitali\u00e8re de \nSeine et Marne\u00bb respecte les dispositions des artic les L. 6133-1 et suivants et R. \n6133-1 et suivants du code de la sant\u00e9 publique ; \n \n \n \nARR\u00caTE \n \n  \nARTICLE 1\ner   : L'avenant approuve la modification de la liste des membres au groupement, en tenant \ncompte de l'adh\u00e9sion des \u00e9tablissements suivant : \n- L'\u00e9tablissement Centre hospitalier Jeanne de Nava rre, dont le si\u00e8ge est situ\u00e9 \nRoute de Verdilly \u2013 BP 10179 - 02402 CH\u00c2TEAU-THIERRY. \n- L'\u00e9tablissement EHPAD de Bellevue dont le si\u00e8ge e st situ\u00e9 Route de Verdilly \n\u2013 BP 10179 \u2013 02402 CH\u00c2TEAU-THIERRY.   \nAgence R\u00e9gionale de Sant\u00e9 - IDF-2025-06-04-00002 - Arr\u00eat\u00e9 n\u00b02025-2311 portant approbation \u00e0 l'avenant n\u00b022 \u00e0 la convention\nconstitutive du Groupement de Coop\u00e9ration Sanitaire \"Blanchisserie Inter-Hospitali\u00e8re de Seine et Marne\" 25\n2 \n \n- L'\u00e9tablissement EHPAD Les Patios dont le si\u00e8ge es t BP 212 \u2013 77488 Provins \nCedex \n \nARTICLE 2e L'avenant modifie les conditions de fonctionnement du GCS et notamment les articles \nsuivants :  \n \n- Article 2 \u2013 Apport au capital et son article 5 \u00ab Capital \u00bb \n- Article 3 \u2013 Droit des Membres et son article 8 \u00ab Droits et Obligations \u00bb \n- Article 4 \u2013 Conditions financi\u00e8res du droit de so rtie \n- Article 5 \u2013 Ex\u00e9cution \u2013 entr\u00e9e en vigueur \n \nARTICLE 3\ne  Le pr\u00e9sent arr\u00eat\u00e9 sera publi\u00e9 au recueil des actes administratifs de la pr\u00e9fecture de la \nr\u00e9gion \u00cele-de-France. Un recours contentieux contre  le pr\u00e9sent arr\u00eat\u00e9 peut \u00eatre form\u00e9 \naupr\u00e8s du Tribunal administratif comp\u00e9tent. Le d\u00e9la i de recours est de deux mois \u00e0 \ncompter de sa notification pour les int\u00e9ress\u00e9s ou de sa publication pour les tiers. \n \n \n \nFait \u00e0 Saint-Denis, le 4 juin 2025 \n \nLe Directeur g\u00e9n\u00e9ral  \nde l'Agence r\u00e9gionale de sant\u00e9 \n\u00cele-de-France \n \nPar d\u00e9l\u00e9gation \n \nLa Directrice g\u00e9n\u00e9rale-adjointe \n \n \nSign\u00e9 \n \n \nSophie MARTINON \nAgence R\u00e9gionale de Sant\u00e9 - IDF-2025-06-04-00002 - Arr\u00eat\u00e9 n\u00b02025-2311 portant approbation \u00e0 l'avenant n\u00b022 \u00e0 la convention\nconstitutive du Groupement de Coop\u00e9ration Sanitaire \"Blanchisserie Inter-Hospitali\u00e8re de Seine et Marne\" 26\nAgence R\u00e9gionale de Sant\u00e9\nIDF-2025-06-05-00004\nArr\u00eat\u00e9 DESCOM n\u00b02025-16 portant\nrenouvellement d'agr\u00e9ment de l'association\nrepr\u00e9sentant les usagers dans les instances\nhospitali\u00e8res ou de sant\u00e9 publique \"VAINCRE LE\nCANCER SOLIDAIREMENT\" \nAgence R\u00e9gionale de Sant\u00e9 - IDF-2025-06-05-00004 - Arr\u00eat\u00e9 DESCOM n\u00b02025-16 portant renouvellement d'agr\u00e9ment de l'association\nrepr\u00e9sentant les usagers dans les instances hospitali\u00e8res ou de sant\u00e9 publique \"VAINCRE LE CANCER SOLIDAIREMENT\" 27\nEEREPUBLIQUEFRAN\u00c7AISELibert\u00e9Egalit\u00e9Fraternit\u00e9 \u00a9 > Agence R\u00e9gionale de Sant\u00e9Ile-de-France\n \n \n1 / 1 \n \n \n \n         \n \nAGENCE R\u00c9GIONALE DE SANT\u00c9 \u00ceLE-DE-FRANCE \nARR\u00caT\u00c9 DESCOM N\u00b02025-16 \nportant renouvellement d'agr\u00e9ment r\u00e9gional de l'association repr\u00e9sentant les \nusagers dans les instances hospitali\u00e8res ou de sant\u00e9 publique \n\u00ab VAINCRE LE CANCER SOLIDAIREMENT \u00bb \n  \n \nLE DIRECTEUR GENERAL DE L'AGENCE REGIONALE DE SANTE ILE-DE-FRANCE  \n  \nVu  le code de la sant\u00e9 publique et notamment les articles L.1114 -1 et R.1114 -15 ; \nVu le d\u00e9cret du 10 avril 2024 portant nomination de Monsieur Denis ROBIN, Directeur \ng\u00e9n\u00e9ral de l'Agence r\u00e9gionale de sant\u00e9 d'\u00cele-de-France, \u00e0 compter du 29 avril 2024 ; \nVu l'arr\u00eat\u00e9 DSF 2024-14 du 18 juin 2024 portant d\u00e9l\u00e9gation \u00e0 Madame Marion BOUGEARD, \nDirectrice de la d\u00e9mocratie en sant\u00e9 et de la communication de l'Agence R\u00e9gionale de \nSant\u00e9 \u00cele-de-France ; \nVu l'arr\u00eat\u00e9 DSF 2024-114 du 14 ao\u00fbt 2024 portant d\u00e9l\u00e9gation \u00e0 Madame Corentine NEPPEL \nDirectrice adjointe de la d\u00e9mocratie en sant\u00e9 et de la communication de l'Agence \nR\u00e9gionale de Sant\u00e9 \u00cele-de-France ; \nVu l'avis de la Commission nationale d'agr\u00e9ment sur les demandes de renouvellement \nd'agr\u00e9ment au niveau r\u00e9gional des associations repr\u00e9sentant les usagers dans les \ninstances hospitali\u00e8res ou de sant\u00e9 publique, r\u00e9unie le 22 avril 2025 ; \n \n \nARRETE \n \n \nArticle 1er  : L'association \u00ab VAINCRE LE CANCER SOLIDAIREMENT  \u00bb, situ\u00e9e Clinique \nSaint Faron, 77334 Mareuil les Meaux - Meaux Cedex, est agr\u00e9\u00e9e \u00e0 repr\u00e9senter les usagers \ndans les instances hospitali\u00e8res ou de sant\u00e9 publique, pour une dur\u00e9e de cinq ans. \n \nArticle 2  : La Directrice adjointe de la direction de la d\u00e9mocratie en sant\u00e9 et de la \ncommunication est charg\u00e9e de l'ex\u00e9cution du pr\u00e9sent arr\u00eat\u00e9, qui sera publi\u00e9 e au recueil des \nactes administratifs de la Pr\u00e9fecture de R\u00e9gion. \n \n \nFait \u00e0 Saint-Denis, le 5 juin 2025  \n \nPour le Directeur g\u00e9n\u00e9ral \nde l'Agence r\u00e9gionale de sant\u00e9 \nIle-de-France \n \n \n \n \n \nCorentine NEPPEL \nAgence R\u00e9gionale de Sant\u00e9 - IDF-2025-06-05-00004 - Arr\u00eat\u00e9 DESCOM n\u00b02025-16 portant renouvellement d'agr\u00e9ment de l'association\nrepr\u00e9sentant les usagers dans les instances hospitali\u00e8res ou de sant\u00e9 publique \"VAINCRE LE CANCER SOLIDAIREMENT\" 28\nAgence R\u00e9gionale de Sant\u00e9\nIDF-2025-06-05-00003\nArr\u00eat\u00e9 DESCOM n\u00b02025-17 portant\nrenouvellement d'agr\u00e9ment r\u00e9gional de\nl'association repr\u00e9sentant les usagers dans les\ninstances hospitali\u00e8res ou de sant\u00e9 publique\n\"ALMA PARIS\"\nAgence R\u00e9gionale de Sant\u00e9 - IDF-2025-06-05-00003 - Arr\u00eat\u00e9 DESCOM n\u00b02025-17 portant renouvellement d'agr\u00e9ment r\u00e9gional de\nl'association repr\u00e9sentant les usagers dans les instances hospitali\u00e8res ou de sant\u00e9 publique \"ALMA PARIS\" 29\nEEREPUBLIQUEFRAN\u00c7AISELibert\u00e9Egalit\u00e9Fraternit\u00e9 \u00a9 > Agence R\u00e9gionale de Sant\u00e9Ile-de-France\n \n \n1 / 1 \n \n \n \n         \n \nAGENCE R\u00c9GIONALE DE SANT\u00c9 \u00ceLE-DE-FRANCE \nARR\u00caT\u00c9 DESCOM N\u00b02025-17 \nportant renouvellement d'agr\u00e9ment r\u00e9gional de l'association repr\u00e9sentant les \nusagers dans les instances hospitali\u00e8res ou de sant\u00e9 publique \n\u00ab ALMA PARIS \u00bb \n  \n \nLE DIRECTEUR GENERAL DE L'AGENCE REGIONALE DE SANTE ILE-DE-FRANCE  \n  \nVu  le code de la sant\u00e9 publique et notamment les articles L.1114 -1 et R.1114 -15 ; \nVu le d\u00e9cret du 10 avril 2024 portant nomination de Monsieur Denis ROBIN, Directeur \ng\u00e9n\u00e9ral de l'Agence r\u00e9gionale de sant\u00e9 d'\u00cele-de-France, \u00e0 compter du 29 avril 2024 ; \nVu l'arr\u00eat\u00e9 DSF 2024-14 du 18 juin 2024 portant d\u00e9l\u00e9gation \u00e0 Madame Marion BOUGEARD, \nDirectrice de la d\u00e9mocratie en sant\u00e9 et de la communication de l'Agence R\u00e9gionale de \nSant\u00e9 \u00cele-de-France ; \nVu l'arr\u00eat\u00e9 DSF 2024-114 du 14 ao\u00fbt 2024 portant d\u00e9l\u00e9gation \u00e0 Madame Corentine NEPPEL \nDirectrice adjointe de la d\u00e9mocratie en sant\u00e9 et de la communication de l'Agence \nR\u00e9gionale de Sant\u00e9 \u00cele-de-France ; \nVu l'avis de la Commission nationale d'agr\u00e9ment sur les demandes de renouvellement \nd'agr\u00e9ment au niveau r\u00e9gional des associations repr\u00e9sentant les usagers dans les \ninstances hospitali\u00e8res ou de sant\u00e9 publique, r\u00e9unie le 22 avril 2025 ; \n \n \nARRETE \n \n \nArticle 1er : L'association \u00ab ALMA PARIS \u00bb, situ\u00e9e 163 rue de Charenton, 75012 Paris, est \nagr\u00e9\u00e9e \u00e0 repr\u00e9senter les usagers dans les instances hospitali\u00e8res ou de sant\u00e9 publique, pour \nune dur\u00e9e de cinq ans. \n \nArticle 2  : La Directrice adjointe de la direction de la d\u00e9mocratie en sant\u00e9 et de la \ncommunication est charg\u00e9e de l'ex\u00e9cution du pr\u00e9sent arr\u00eat\u00e9, qui sera publi\u00e9 e au recueil des \nactes administratifs de la Pr\u00e9fecture de R\u00e9gion. \n \n \nFait \u00e0 Saint-Denis, le 5 juin 2025  \n \nPour le Directeur g\u00e9n\u00e9ral \nde l'Agence r\u00e9gionale de sant\u00e9 \nIle-de-France \n \n \n \n \n \nCorentine NEPPEL \nAgence R\u00e9gionale de Sant\u00e9 - IDF-2025-06-05-00003 - Arr\u00eat\u00e9 DESCOM n\u00b02025-17 portant renouvellement d'agr\u00e9ment r\u00e9gional de\nl'association repr\u00e9sentant les usagers dans les instances hospitali\u00e8res ou de sant\u00e9 publique \"ALMA PARIS\" 30\nDirection r\u00e9gionale et interd\u00e9partementale de\nl'environnement, de l'am\u00e9nagement et des\ntransports d'\u00cele-de-France\nIDF-2025-06-05-00002\nD\u00e9cision DRIEAT-IdF n\u00b0 2025- 0460 portant\nagr\u00e9ment CF LIVRY Voyageurs \nDirection r\u00e9gionale et interd\u00e9partementale de l'environnement, de l'am\u00e9nagement et des transports d'\u00cele-de-France -\nIDF-2025-06-05-00002 - D\u00e9cision DRIEAT-IdF n\u00b0 2025- 0460 portant agr\u00e9ment CF LIVRY Voyageurs 31\nDirection r\u00e9gionale et interd\u00e9partementale\nde l'environnement, de l'am\u00e9nagement\net des transports d'\u00cele-de-France\nD\u00c9CISION DRIEAT-IdF n\u00b0 2025- 0460\nLE PR\u00c9FET DE LA R\u00c9GION D'\u00ceLE-DE-FRANCE,\nPR\u00c9FET DE PARIS\nVu la Directive du Parlement europ\u00e9en et du Conseil du 15 juillet 2003 relative \u00e0 la qualification ini tiale et\n\u00e0  la  formation  continue  des  conducteurs  de  certains v\u00e9hicules  routiers  affect\u00e9s  aux  transports  de\nmarchandises et de voyageurs ;\nVu le code des transports\u00a0;\nVu l'arr\u00eat\u00e9  du 03 janvier  2008 modifi\u00e9 relatif  \u00e0 l'agr\u00e9ment  des centres de formation  professionnelle\nhabilit\u00e9s  \u00e0  dispenser  la  formation  professionnelle  initiale  et  continue  des  conducteurs  du  transport\nroutier de marchandises et de voyageurs ;\nVu l'arr\u00eat\u00e9 du 03 janvier 2008 modifi\u00e9 relatif au programme et aux modalit\u00e9s de mise en \u0153uvre de la\nformation professionnelle initiale et continue des conducteurs du transport routier de marchandises et\nde voyageurs\u00a0;\nVu l'arr\u00eat\u00e9 IdF-2022-07-19-00005 du 19 juillet 2022 portant d\u00e9l\u00e9gation de signature \u00e0 Madame Emmanuelle\nGAY,  directrice  r\u00e9gionale  et  interd\u00e9partementale  de l'environnement,  de  l'am\u00e9nagement  et  des\ntransports d'\u00cele-de-France en mati\u00e8re administrative\u00a0;\nVu la d\u00e9cision DRIEAT-IdF n\u00b0 2025-0393 du 05 mai 2025  de la directrice r\u00e9gionale et interd\u00e9partementale\nde  l'environnement,  de  l'am\u00e9nagement  et  des  transports  d'\u00cele-de-France portant  subd\u00e9l\u00e9gation  de\nsignature en mati\u00e8re administrative pour le compte du Pr\u00e9fet de la r\u00e9gion d'\u00cele-de- France\u00a0;\nVu les d\u00e9cisions DRIEAT-IdF-n\u00b0 2023-0513 du 6 juill et 2023 et DRIEAT-IdF- n\u00b0 2024-0213 du 21 mars 2024\nrelatif \u00e0 l'agr\u00e9ment accord\u00e9 \u00e0 l'\u00e9tablissement CF L IVRY pour assurer la formation initiale et continue  du\ntransport routier de marchandises (FIMO/FCO/PASSERELLE) jusqu'au 31 juillet 2025\u00a0;\nVu la demande du 5 mai du centre CF LIVRY en vue d'\u00e9tendre son agr\u00e9ment \u00e0 l'\u00e9tablissement principal ;\nPonant 2- 27/29 rue Leblanc 75015 Paris cedex 15 \nStandard\u00a0:  01 40 61 80 80\nwww.drieat.ile-de-france.developpement-durable.gouv.fr\n1/3\nDirection r\u00e9gionale et interd\u00e9partementale de l'environnement, de l'am\u00e9nagement et des transports d'\u00cele-de-France -\nIDF-2025-06-05-00002 - D\u00e9cision DRIEAT-IdF n\u00b0 2025- 0460 portant agr\u00e9ment CF LIVRY Voyageurs 32\nD\u00c9CIDE\nArticle 1\nL'agr\u00e9ment pr\u00e9vu par l'arr\u00eat\u00e9 du 03 janvier 2008 mo difi\u00e9 sus-vis\u00e9 est accord\u00e9 au centre de formation\nCF LIVRY CONDUITE sis 5 av jean-Jacques Rousseau 93190 LIVRY-GARGAN immatricul\u00e9 au RCS sous le\nnum\u00e9ro de SIRET 811 290 790 00013, et aux \u00e9tablisse ments secondaires CF LIVRY CONDUITE sis 5 rue\nde l'H\u00f4tel Dieu 95500 GONESSE, immatricul\u00e9 au RCS s ous le num\u00e9ro de SIRET 811 290 790 00021, et\nCF LIVRY CONDUITE 12 rue des Cressonni\u00e8res 95500 GO NESSE immatricul\u00e9 au RCS sous le num\u00e9ro\nde SIRET 811 290 790 00047 pour assurer les formati ons professionnelles obligatoires FIMO-FCO et\ncompl\u00e9mentaire dite passerelle, d\u00e9finies par les textes sus-cit\u00e9s, aux conducteurs du transport routier\nde voyageurs, jusqu'au 31 juillet 2025.\nArticle 2\n \n     Le responsable du centre de formation s'engage \u00e0 respecter les programmes et les modalit\u00e9s de mise \n     en \u0153uvre de la formation, fix\u00e9s par l'arr\u00eat\u00e9 du 03 janvier 2008 modifi\u00e9\u00a0.\nArticle   3   \nLe centre agr\u00e9\u00e9 s'engage \u00e0 mettre en place une orga nisation mat\u00e9rielle et p\u00e9dagogique adapt\u00e9e aux\nformations  dispens\u00e9es  et  d'informer,  dans  les  plus  brefs  d\u00e9lais,  la  Direction  r\u00e9gionale  et\nInterd\u00e9partementale  de  l'environnement, de  l'am\u00e9nagement  et  des  transports  d'\u00cele-de-France  de\ntoutes modifications affectant ses moyens humains et mat\u00e9riels.\nArticle    4   \nLe responsable du centre agr\u00e9\u00e9 par la pr\u00e9sente d\u00e9ci sion s'engage \u00e0 pr\u00e9senter au Pr\u00e9fet de r\u00e9gion\u2013\nDirection r\u00e9gionale et Interd\u00e9partementale de l'env ironnement, de l'am\u00e9nagement et des transports\nd'\u00cele-de-France- les pr\u00e9visions trimestrielles ains i que les bilans trimestriels et annuels des format ions\nr\u00e9alis\u00e9es.\nArticle   \n5   \nLe responsable du centre agr\u00e9\u00e9 s'engage \u00e0 faire sui vre aux formateurs et aux moniteurs d'entreprise,\ns'il y a lieu, les formations leur permettant de ma intenir et d'actualiser leurs connaissances dans le s\ndomaines dans lesquels ils assurent les formations professionnelles des conducteurs du transport\nroutier de voyageurs.\nArticle   \n 6   \nLe responsable du centre agr\u00e9\u00e9 s'engage \u00e0 s'assurer  que les organismes de formation agr\u00e9\u00e9s auxquels\nil  a  confi\u00e9  par  contrat  ou  convention  la  r\u00e9alisation  d'une  partie  des  formations  obligatoires  de\nconducteur routier respectent les dispositions du c ahier des charges ainsi que le programme des\nformations obligatoires de conducteur routier et \u00e0 communiquer chaque ann\u00e9e au Pr\u00e9fet de r\u00e9gion\n(Direction r\u00e9gionale et Interd\u00e9partementale de l'environnement, de l'am\u00e9nagement et des transports\nd'\u00cele-de-France), les nouveaux contrats ou conventi ons conclus dans l'ann\u00e9e \u00e9coul\u00e9e ainsi que les\nmodifications intervenues dans les contrats pr\u00e9c\u00e9dents durant cette m\u00eame p\u00e9riode.\n2/3\nDirection r\u00e9gionale et interd\u00e9partementale de l'environnement, de l'am\u00e9nagement et des transports d'\u00cele-de-France -\nIDF-2025-06-05-00002 - D\u00e9cision DRIEAT-IdF n\u00b0 2025- 0460 portant agr\u00e9ment CF LIVRY Voyageurs 33\nArticle   7   \nLe centre de formation agr\u00e9\u00e9 s'engage \u00e0 r\u00e9aliser lu i-m\u00eame dans tous les cas, y compris lorsqu'une\npartie des formations obligatoires a \u00e9t\u00e9 confi\u00e9e \u00e0 un autre organisme de formation agr\u00e9\u00e9, l'accueil\ndes stagiaires en formation, la v\u00e9rification de per mis de conduire, titres ou attestations requises et  \u00e0\nassurer l'\u00e9valuation finale de ces formations.\nArticle   \n8   \nTout manquement au respect des exigences du cahier des charges est susceptible d'entra\u00eener la \nsuspension, voire le retrait de l'agr\u00e9ment.\nL'agr\u00e9ment peut \u00eatre retir\u00e9 au centre de formation par d\u00e9cision du Pr\u00e9fet de r\u00e9gion.\nArticle   \n 9   \nLa port\u00e9e g\u00e9ographique de l'agr\u00e9ment est r\u00e9gionale.\nArticle   \n10   \nLa  directrice  r\u00e9gionale  et  interd\u00e9partementale  de  l'environnement,  de  l'am\u00e9nagement  et  des\ntransports d'\u00cele-de-France, est charg\u00e9e de l'ex\u00e9cution de la pr\u00e9sente d\u00e9cision.\nArticle 11\nLa pr\u00e9sente d\u00e9cision annule et remplace les d\u00e9cisio ns DRIEAT-IdF-n\u00b0 2023-0513 du 6 juillet 2023 et\nDRIEAT-IdF- n\u00b0 2024-0213 du 21 mars 2024.\n\u00c0 Paris, le  05-06-2025\n         Pour le Pr\u00e9fet et par subd\u00e9l\u00e9gation,\n    L'adjoint au chef du D\u00e9partement R\u00e9gulation des Transports Routiers\n     \n       \n   Ronan MEAR\n3/3\nDirection r\u00e9gionale et interd\u00e9partementale de l'environnement, de l'am\u00e9nagement et des transports d'\u00cele-de-France -\nIDF-2025-06-05-00002 - D\u00e9cision DRIEAT-IdF n\u00b0 2025- 0460 portant agr\u00e9ment CF LIVRY Voyageurs 34\nDirection r\u00e9gionale et interd\u00e9partementale de\nl'environnement, de l'am\u00e9nagement et des\ntransports d'\u00cele-de-France\nIDF-2025-06-05-00001\nD\u00e9cision DRIEAT-IdF n\u00b0 2025-0459 portant\nagr\u00e9ment CF LIVRY Marchandise\nDirection r\u00e9gionale et interd\u00e9partementale de l'environnement, de l'am\u00e9nagement et des transports d'\u00cele-de-France -\nIDF-2025-06-05-00001 - D\u00e9cision DRIEAT-IdF n\u00b0 2025-0459 portant agr\u00e9ment CF LIVRY Marchandise 35\nDirection r\u00e9gionale et interd\u00e9partementale\nde l'environnement, de l'am\u00e9nagement\net des transports d'\u00cele-de-France\nD\u00c9CISION DRIEAT-IdF n\u00b0 2025-0459\nLE PR\u00c9FET DE LA R\u00c9GION D'\u00ceLE-DE-FRANCE,\nPR\u00c9FET DE PARIS\nVu la Directive du Parlement europ\u00e9en et du Conseil du 15 juillet 2003 relative \u00e0 la qualification ini tiale et\n\u00e0  la  formation  continue  des  conducteurs  de  certains v\u00e9hicules  routiers  affect\u00e9s  aux  transports  de\nmarchandises et de voyageurs ;\nVu le code des transports\u00a0;\nVu l'arr\u00eat\u00e9  du 03 janvier  2008 modifi\u00e9 relatif  \u00e0 l'agr\u00e9ment  des centres de formation  professionnelle\nhabilit\u00e9s  \u00e0  dispenser  la  formation  professionnelle  initiale  et  continue  des  conducteurs  du  transport\nroutier de marchandises et de voyageurs ;\nVu l'arr\u00eat\u00e9 du 03 janvier 2008 modifi\u00e9 relatif au programme et aux modalit\u00e9s de mise en \u0153uvre de la\nformation professionnelle initiale et continue des conducteurs du transport routier de marchandises et\nde voyageurs\u00a0;\nVu l'arr\u00eat\u00e9 IdF-2022-07-19-00005 du 19 juillet 2022 portant d\u00e9l\u00e9gation de signature \u00e0 Madame Emmanuelle\nGAY,  directrice  r\u00e9gionale  et  interd\u00e9partementale  de l'environnement,  de  l'am\u00e9nagement  et  des\ntransports d'\u00cele-de-France en mati\u00e8re administrative\u00a0;\nVu la d\u00e9cision DRIEAT-IdF n\u00b0 2025-0393 du 05 mai 2025 de la directrice r\u00e9gionale et interd\u00e9partementale\nde  l'environnement,  de  l'am\u00e9nagement  et  des  transports  d'\u00cele-de-France portant  subd\u00e9l\u00e9gation  de\nsignature en mati\u00e8re administrative pour le compte du Pr\u00e9fet de la r\u00e9gion d'\u00cele-de- France\u00a0;\nVu les d\u00e9cisions DRIEAT-IdF-n\u00b0 2023-0512 du 6 juill et 2023 et DRIEAT-IdF- n\u00b0 2024-0214 du 21 mars 2024\nrelatif \u00e0 l'agr\u00e9ment accord\u00e9 \u00e0 l'\u00e9tablissement CF L IVRY pour assurer la formation initiale et continue  du\ntransport routier de marchandises (FIMO/FCO/PASSERELLE) jusqu'au 31 juillet 2025\u00a0;\nVu la demande du 5 mai du centre CF LIVRY en vue d'\u00e9tendre son agr\u00e9ment \u00e0 l'\u00e9tablissement principal ;\n      \nPonant 2- 27/29 rue Leblanc 75015 Paris cedex 15 \nStandard\u00a0:  01 40 61 80 80\nwww.drieat.ile-de-france.developpement-durable.gouv.fr\n1/3\nDirection r\u00e9gionale et interd\u00e9partementale de l'environnement, de l'am\u00e9nagement et des transports d'\u00cele-de-France -\nIDF-2025-06-05-00001 - D\u00e9cision DRIEAT-IdF n\u00b0 2025-0459 portant agr\u00e9ment CF LIVRY Marchandise 36\nD\u00c9CIDE\nArticle 1\nL'agr\u00e9ment pr\u00e9vu par l'arr\u00eat\u00e9 du 03 janvier 2008 mo difi\u00e9 sus-vis\u00e9 est accord\u00e9 au centre de formation\nCF LIVRY CONDUITE sis 5 av jean-Jacques Rousseau 93190 LIVRY-GARGAN immatricul\u00e9 au RCS sous le\nnum\u00e9ro de SIRET 811 290 790 00013, et aux \u00e9tablisse ments secondaires CF LIVRY CONDUITE sis 5 rue\nde l'H\u00f4tel Dieu 95500 GONESSE, immatricul\u00e9 au RCS s ous le num\u00e9ro de SIRET 811 290 790 00021, et\nCF LIVRY CONDUITE 12 rue des Cressonni\u00e8res 95500 GO NESSE immatricul\u00e9 au RCS sous le num\u00e9ro\nde SIRET 811 290 790 00047 pour assurer les formati ons professionnelles obligatoires FIMO-FCO et\ncompl\u00e9mentaire dite passerelle, d\u00e9finies par les textes sus-cit\u00e9s, aux conducteurs du transport routier\nde marchandises, jusqu'au 31 juillet 2025.\nArticle 2\n \nLe responsable du centre de formation s'engage \u00e0 re specter les programmes et les modalit\u00e9s de mise\nen \u0153uvre de la formation, fix\u00e9s par l'arr\u00eat\u00e9 du 03 janvier 2008 modifi\u00e9.\nArticle   3   \nLe centre agr\u00e9\u00e9 s'engage \u00e0 mettre en place une orga nisation mat\u00e9rielle et p\u00e9dagogique adapt\u00e9e aux\nformations  dispens\u00e9es  et  d'informer,  dans  les  plus  brefs  d\u00e9lais,  la  Direction  r\u00e9gionale  et\nInterd\u00e9partementale  de  l'environnement, de  l'am\u00e9nagement  et  des  transports  d'\u00cele-de-France  de\ntoutes modifications affectant ses moyens humains et mat\u00e9riels.\nArticle    4   \nLe responsable du centre agr\u00e9\u00e9 par la pr\u00e9sente d\u00e9ci sion s'engage \u00e0 pr\u00e9senter au Pr\u00e9fet de r\u00e9gion\u2013\nDirection r\u00e9gionale et Interd\u00e9partementale de l'env ironnement, de l'am\u00e9nagement et des transports\nd'\u00cele-de-France- les pr\u00e9visions trimestrielles ains i que les bilans trimestriels et annuels des format ions\nr\u00e9alis\u00e9es.\nArticle   \n5   \nLe responsable du centre agr\u00e9\u00e9 s'engage \u00e0 faire sui vre aux formateurs et aux moniteurs d'entreprise,\ns'il y a lieu, les formations leur permettant de ma intenir et d'actualiser leurs connaissances dans le s\ndomaines dans lesquels ils assurent les formations professionnelles des conducteurs du transport\nroutier de marchandises.\nArticle   \n 6   \nLe responsable du centre agr\u00e9\u00e9 s'engage \u00e0 s'assurer  que les organismes de formation agr\u00e9\u00e9s auxquels\nil  a  confi\u00e9  par  contrat  ou  convention  la  r\u00e9alisation  d'une  partie  des  formations  obligatoires  de\nconducteur routier respectent les dispositions du c ahier des charges ainsi que le programme des\nformations obligatoires de conducteur routier et \u00e0 communiquer chaque ann\u00e9e au Pr\u00e9fet de r\u00e9gion\n(Direction r\u00e9gionale et Interd\u00e9partementale de l'environnement, de l'am\u00e9nagement et des transports\nd'\u00cele-de-France), les nouveaux contrats ou conventi ons conclus dans l'ann\u00e9e \u00e9coul\u00e9e ainsi que les\nmodifications intervenues dans les contrats pr\u00e9c\u00e9dents durant cette m\u00eame p\u00e9riode.\n2/3\nDirection r\u00e9gionale et interd\u00e9partementale de l'environnement, de l'am\u00e9nagement et des transports d'\u00cele-de-France -\nIDF-2025-06-05-00001 - D\u00e9cision DRIEAT-IdF n\u00b0 2025-0459 portant agr\u00e9ment CF LIVRY Marchandise 37\nsig\"\nArticle   7   \nLe centre de formation agr\u00e9\u00e9 s'engage \u00e0 r\u00e9aliser lu i-m\u00eame dans tous les cas, y compris lorsqu'une\npartie des formations obligatoires a \u00e9t\u00e9 confi\u00e9e \u00e0 un autre organisme de formation agr\u00e9\u00e9, l'accueil\ndes stagiaires en formation, la v\u00e9rification de per mis de conduire, titres ou attestations requises et  \u00e0\nassurer l'\u00e9valuation finale de ces formations.\nArticle   \n8   \nTout manquement au respect des exigences du cahier des charges est susceptible d'entra\u00eener la \nsuspension, voire le retrait de l'agr\u00e9ment.\nL'agr\u00e9ment peut \u00eatre retir\u00e9 au centre de formation par d\u00e9cision du Pr\u00e9fet de r\u00e9gion.\nArticle   \n 9   \nLa port\u00e9e g\u00e9ographique de l'agr\u00e9ment est r\u00e9gionale.\nArticle   \n10   \nLa  directrice  r\u00e9gionale  et  interd\u00e9partementale  de  l'environnement,  de  l'am\u00e9nagement  et  des\ntransports d'\u00cele-de-France, est charg\u00e9e de l'ex\u00e9cution de la pr\u00e9sente d\u00e9cision.\nArticle 11\nLa pr\u00e9sente d\u00e9cision annule et remplace les d\u00e9cisio ns  DRIEAT-IdF-n\u00b0 2023-0512 du 6 juillet 2023 et\nDRIEAT-IdF- n\u00b0 2024-0214 du 21 mars 2024.\n\u00c0 Paris, le 05-06-2025\n   Pour le Pr\u00e9fet et par subd\u00e9l\u00e9gation,\nL'adjoint au chef du D\u00e9partement R\u00e9gulation des Transports Routiers\n               \nRonan MEAR\n3/3\nDirection r\u00e9gionale et interd\u00e9partementale de l'environnement, de l'am\u00e9nagement et des transports d'\u00cele-de-France -\nIDF-2025-06-05-00001 - D\u00e9cision DRIEAT-IdF n\u00b0 2025-0459 portant agr\u00e9ment CF LIVRY Marchandise 38\nDirection r\u00e9gionale et interd\u00e9partementale de\nl'environnement, de l'am\u00e9nagement et des\ntransports d'\u00cele-de-France\nIDF-2025-06-02-00017\nArr\u00eat\u00e9 n\u00b0 IDF-2025- portant ajournement de\nd\u00e9cision \u00e0 CEM R\u00c9ALISATION PARIS\nDirection r\u00e9gionale et interd\u00e9partementale de l'environnement, de l'am\u00e9nagement et des transports d'\u00cele-de-France -\nIDF-2025-06-02-00017 - Arr\u00eat\u00e9 n\u00b0 IDF-2025- portant ajournement de d\u00e9cision \u00e0 CEM R\u00c9ALISATION PARIS 39\nznPREFET _DE LA REGIOND'ILE-DE-FRANCELibert\u00e9Egalit\u00e9Fraternit\u00e9\nDirection r\u00e9gionale et interd\u00e9partementale\nde l'environnement, de l'am\u00e9nagement et\ndes transports d'\u00cele-de-France\nARR\u00caT\u00c9 N\u00b0 IDF-2025-\nportant ajournement de d\u00e9cision \u00e0 \nCEM R\u00c9ALISATION PARIS\nLE PR\u00c9FET DE LA R\u00c9GION D'\u00ceLE-DE-FRANCE,\nPR\u00c9FET DE PARIS\nCOMMANDEUR DE LA L\u00c9GION D'HONNEUR\nOFFICIER DE L'ORDRE NATIONAL DU M\u00c9RITE\nVu le code de l'urbanisme, notamment ses articles L.510-1 \u00e0 L.510-4 et R.510-1 \u00e0 R.510-15 ;\nVu le sch\u00e9ma directeur de la r\u00e9gion d'\u00cele-de-France (SDRIF) approuv\u00e9 le 27 d\u00e9cembre 2013 ;\nVu  la  demande  d'agr\u00e9ment  pr\u00e9sent\u00e9e  par  CEM  R\u00c9ALISATION  PARIS, r\u00e9ceptionn\u00e9e  le 25/03/2025  et\nenregistr\u00e9e sous le num\u00e9ro 2025/052 ;\nConsid\u00e9rant  qu'au regard des dispositions du SDRIF, le projet n'est pas r\u00e9alisable en l'\u00e9tat en raison de\nl'absence de capacit\u00e9s d'urbanisation mobilisables ;\nConsid\u00e9rant que la demande vise \u00e0 permettre l'extension de surfaces de bureaux et d'entrep\u00f4ts au sein d'une\narmature verte qu'il conviendrait de sanctuariser ;\nConsid\u00e9rant que le projet peut \u00eatre adapt\u00e9 pour en assurer la compatibilit\u00e9 avec le SDRIF (extension possible\ndu b\u00e2timent sur les seules parties d\u00e9j\u00e0 artificialis\u00e9es du site) ;\nSur proposition de la directrice r\u00e9gionale et interd\u00e9partementale de l'environnement, de l'am\u00e9nagement et des\ntransports ;\nARR\u00caTE\nArticle 1er : La d\u00e9cision relative \u00e0 l'agr\u00e9ment pr\u00e9vu par les articles susvis\u00e9s du code de l'urbanisme sollicit\u00e9 par\nCEM  R\u00c9ALISATION PARIS,  en  vue  de  r\u00e9aliser \u00e0  FLEURY-M\u00c9ROGIS  (91 700),  4  rue  de  la  Tuilerie,  une\nop\u00e9ration de  construction en extension d'un ensemble immobilier \u00e0 destination principale d'entrep\u00f4ts, d'une\nsurface de plancher totale soumise \u00e0 l'agr\u00e9ment de 10 100 m\u00b2, est ajourn\u00e9e.\nImmeuble Le Ponant \u2013 5, rue Leblanc \u2013 75911 Paris Cedex 15\nT\u00e9l\u00e9phone : 01 82 52 40 00 1/2\nDirection r\u00e9gionale et interd\u00e9partementale de l'environnement, de l'am\u00e9nagement et des transports d'\u00cele-de-France -\nIDF-2025-06-02-00017 - Arr\u00eat\u00e9 n\u00b0 IDF-2025- portant ajournement de d\u00e9cision \u00e0 CEM R\u00c9ALISATION PARIS 40\nArticle 2 : Le pr\u00e9sent arr\u00eat\u00e9 sera notifi\u00e9 \u00e0 :\nCEM R\u00e9alisation Paris \n57 rue Jeanne d'Arc\n94 500 CHAMPIGNY-SUR-MARNE\nArticle 3  : La pr\u00e9f\u00e8te de l'Essonne  et la directrice r\u00e9gionale et interd\u00e9partementale de  l'environnement, de\nl'am\u00e9nagement et des transports  sont charg\u00e9es, pour ce qui les concerne, de l'ex\u00e9cution du pr\u00e9sent arr\u00eat\u00e9, qui\nest publi\u00e9 au recueil des actes administratifs de la pr\u00e9fecture de la r\u00e9gion.\nFait \u00e0 Paris, le 02/06/2025\nLe Pr\u00e9fet de la R\u00e9gion d'\u00cele-de-France\nPr\u00e9fet de Paris\n            SIGNE\n  Marc GUILLAUME\nVoies et d\u00e9lais de recours :\nLe pr\u00e9sent arr\u00eat\u00e9 peut faire l'objet d'un recours administratif dans un d\u00e9lai de deux mois, soit gracieux aupr\u00e8s du\npr\u00e9fet de la r\u00e9gion \u00cele-de-France, soit hi\u00e9rarchique aupr\u00e8s de la ministre charg\u00e9e du logement, plac\u00e9e aupr\u00e8s du\nministre de l'am\u00e9nagement du territoire et de la d\u00e9centralisation. Il peut \u00e9galement faire l'objet d'un recours de -\nvant le tribunal administratif comp\u00e9tent dans les deux mois \u00e0 compter de sa notification en application des dispo-\nsitions des articles R. 421-1 et suivants du code de justice administrative. Le tribunal administratif peut \u00eatre saisi\npar l'application informatique \u00ab T\u00e9l\u00e9recours Citoyens \u00bb accessible par le site internet www.telerecours.fr.\nImmeuble Le Ponant \u2013 5, rue Leblanc \u2013 75911 Paris Cedex 15\nT\u00e9l\u00e9phone : 01 82 52 40 00 2/2\nDirection r\u00e9gionale et interd\u00e9partementale de l'environnement, de l'am\u00e9nagement et des transports d'\u00cele-de-France -\nIDF-2025-06-02-00017 - Arr\u00eat\u00e9 n\u00b0 IDF-2025- portant ajournement de d\u00e9cision \u00e0 CEM R\u00c9ALISATION PARIS 41","date":"2025-06-05","first_seen_on":"2025-06-05T16:41:34+00:00","id":"b04fe03a0a02e4c4e1da5a9fe081b85c8308f247781337c3accb39133ac16c9b","name":"recueil-idf-010-2025-06-recueil-des-actes-administratifs-special du 05.06.2025","pdf_creation_date":"2025-06-05T14:55:16+00:00","pdf_modification_date":null,"timezone":"Europe/Paris","url":"https://www.prefectures-regions.gouv.fr/ile-de-france/irecontenu/telechargement/128273/945827/file/recueil-idf-010-2025-06-recueil-des-actes-administratifs-special%20du%2005.06.2025.pdf"}
