{"administration":"pref72","administration_name":"Pr\u00e9fecture de la Sarthe","content":"SARTHE\nRECUEIL DES ACTES\nADMINISTRATIFS\nN\u00b0142 DU 26 09 2024 \nPUBLI\u00c9 LE 26 SEPTEMBRE 2024\nSommaire\nDDETS /\n72-2024-09-20-00003 - Subd\u00e9l\u00e9gationDDETS72 (2 pages) Page 3\n2\nDDETS\n72-2024-09-20-00003\nSubd\u00e9l\u00e9gationDDETS72\nDDETS - 72-2024-09-20-00003 - Subd\u00e9l\u00e9gationDDETS72 3\n\u00cbxMINISTEREDU TRAVAILDE LA SANTE ;ET DES SOLIDARITESL,z'berte'Egalit\u00e9Fraternit\u00e9\nDirection d\u00e9partementale de l'emploi, du travail et\ndes solidarit\u00e9s de la Sarthe\nD\u00c9CISION DDETS DU 20 SEPTEMBRE 2024\nportant subd\u00e9l\u00e9gation de signature du Directeur d\u00e9partemental\nde l'emploi, du travail et des solidarit\u00e9s de la Sarthe\nen mati\u00e8re d'actions d'inspection de la l\u00e9gislation du travail\nVU le code du travail, notamment les articles R.8122-2 et suivants,\nVU le d\u00e9cret n\u00b02020-1545 du 9 d\u00e9cembre 2020 relatif \u00e0 l'organisation et aux missions des directions\nr\u00e9gionales de l'\u00e9conomie, de l'emploi, du travail et des solidarit\u00e9s, des directions d\u00e9partementales de\nl'emploi, du travail et des solidarit\u00e9s et des directions d\u00e9partementales de l'emploi, du travail, des\nsolidarit\u00e9s et de la protection des populations,\nVU l'arr\u00eat\u00e9 du 5 f\u00e9vrier 2024 du Ministre de l'\u00e9conomie, des finances et de la souverainet\u00e9 industrielle\net num\u00e9rique et de la ministre du travail, de la sant\u00e9 et des solidarit\u00e9s portant nomination de Monsieur\nJ\u00e9r\u00f4me GIUDICELLI sur l'emploi de Directeur r\u00e9gional de l'\u00e9conomie, de l'emploi, du travail et des\nsolidarit\u00e9s des Pays de la Loire, \u00e0 compter du 18 mars 2024,\nVU l'arr\u00eat\u00e9 de la Premi\u00e8re ministre et du Ministre de l'int\u00e9rieur et des outre-mer en date du 21 ao\u00fbt\n2023 portant nomination dans les directions d\u00e9partementales interminist\u00e9rielles et nommant M. Jean-\nMichel LOUYER, Directeur du travail, Directeur d\u00e9partemental de l'emploi, du travail et des solidarit\u00e9s\nde la Sarthe \u00e0 compter du 18 septembre 2023,\nVU la d\u00e9cision n\u00b02024/DREETS/P\u00f4le T/DDETS 72/13 du 18 mars2024 portant d\u00e9l\u00e9gation de signature \u00e0\nM.  Jean-Michel  LOUYER  en  sa  qualit\u00e9  de  Directeur  d\u00e9partemental  de  l'emploi,  du  travail  et  des\nsolidarit\u00e9s des pouvoirs propres du Directeur r\u00e9gional de l'\u00e9conomie, de l'emploi, du travail et des\nsolidarit\u00e9s des Pays de la Loire en mati\u00e8re d'actions d'inspection de la l\u00e9gislation du travail.\nVU  l'article  2  de  la  d\u00e9cision  susvis\u00e9e  autorisant  Monsieur  Jean-Michel  LOUYER  \u00e0  subd\u00e9l\u00e9guer  sa\nsignature aux agents du corps de l'inspection du travail plac\u00e9s sous son autorit\u00e9,\nD\u00c9CIDE\nArticle 1er :\nEn cas d'absence ou d'emp\u00eachement de M. Jean-Michel LOUYER, Directeur d\u00e9partemental de l'emploi,\ndu travail et des solidarit\u00e9s de la Sarthe, la d\u00e9l\u00e9gation de signature conf\u00e9r\u00e9e \u00e0 M. Jean-Michel LOUYER\nau titre de de la d\u00e9cision n\u00b0 2024/DREETS/P\u00f4le T/DDETS 72/13 du 18 mars 2024 est donn\u00e9e \u00e0 :\n- Monsieur Mathieu CHEUTIN, Responsable d'unit\u00e9 de contr\u00f4le n\u00b02, Directeur adjoint du travail, \n- Monsieur Manuel LACAMPAGNE, Responsable d'unit\u00e9 de contr\u00f4le n\u00b01, Inspecteur du travail,\nArticle 2 : \nPour l'exercice  des d\u00e9l\u00e9gations pr\u00e9vues \u00e0 l'articles 1  de la pr\u00e9sente  d\u00e9cision, l'agent  d\u00e9sign\u00e9 fera\npr\u00e9c\u00e9der sa signature de la mention :\nT\u00e9l\u00e9phone : 02 85 32 77 00 \nCS 51912 19 Boulevard Paixhans 72019 LE MANS CEDEX 2\nDDETS - 72-2024-09-20-00003 - Subd\u00e9l\u00e9gationDDETS72 4\nLe Directeur r\u00e9gional de l'\u00e9conomie, de l'emploi, du travail et des solidarit\u00e9s,\npour le Directeur r\u00e9gional et par d\u00e9l\u00e9gation,\npour le Directeur d\u00e9partemental de l'emploi, \ndu travail et des solidarit\u00e9s de la Sarthe et par d\u00e9l\u00e9gation,\nArticle 3 : \nLa d\u00e9cision du  18  juillet 2024  portant  subd\u00e9l\u00e9gation  de  signature  du  Directeur  d\u00e9partemental  de\nl'emploi, du travail et des solidarit\u00e9s de la Sarthe en mati\u00e8re d'actions d'inspection de la l\u00e9gislation du\ntravail est abrog\u00e9e \u00e0 compter du 20 septembre 2024.\nArticle 5 : \nLa pr\u00e9sente d\u00e9cision prend effet \u00e0 compter du 20 septembre 2024 et fait l'objet d'une publication au\nrecueil des actes administratifs de  la pr\u00e9fecture de la r\u00e9gion des Pays-de-la-Loire  et \u00e0 celui de la\npr\u00e9fecture du d\u00e9partement de la Sarthe.\nFait \u00e0 Le Mans, le 20 septembre 2024\nLe Directeur d\u00e9partemental de l'emploi,\ndu travail et des solidarit\u00e9s de la Sarthe\nSIGN\u00c9\nJean-Michel LOUYER\nPage 2 sur 2\nDDETS - 72-2024-09-20-00003 - Subd\u00e9l\u00e9gationDDETS72 5","date":"2024-09-26","first_seen_on":"2025-08-31T01:14:20+00:00","id":"b107490a40a944cb5b73f4d48278c1468fbc87e2df08a30affa5948e5ec3e01c","name":"RAA n\u00b0156 du 26 septembre 2024","pdf_creation_date":"2024-09-26T14:04:45+00:00","pdf_modification_date":null,"timezone":"Europe/Paris","url":"https://www.sarthe.gouv.fr/contenu/telechargement/22473/141785/file/recueil-142-du-26-09-2024-recueil-des-actes-administratifs.pdf"}
