{"administration":"pref58","administration_name":"Pr\u00e9fecture de la Ni\u00e8vre","content":"NI\u00c8VRE\nRECUEIL DES ACTES\nADMINISTRATIFS SP\u00c9CIAL\nN\u00b058-2025-092\nPUBLI\u00c9 LE 28 MARS 2025\nSommaire\nPREFECTURE DE LA NIEVRE / DIPIM-PCI\n58-2025-03-27-00003 - Avis r\u00e9union CDAC Clamecy (1 page) Page 3\n2\nPREFECTURE DE LA NIEVRE\n58-2025-03-27-00003\nAvis r\u00e9union CDAC Clamecy\n{signataire}\nPREFECTURE DE LA NIEVRE - 58-2025-03-27-00003 - Avis r\u00e9union CDAC Clamecy 3\n_PR\u00c9F\u00c8TE .DE LA NI\u00c8VREijerte'\u00c9galit\u00e9Fraternit\u00e9\nDIRECTION DU PILOTAGE INTERMINIST\u00c9RIEL\nP\u00f4le des politiques publiquesSection entreprises, emploi, action \u00e9conomiqueSecr\u00e9tariat de la CDACpref-cdac58@nievre.gouv.frNevers, le [2 7 KARS 7075\nCOMMISSION DEPARTEMENTALED'AMENAGEMENT COMMERCIAL DE LA NIEVRE\nLa commission d\u00e9partementale d'am\u00e9nagement commercial de la Ni\u00e8vre (CDAC) se r\u00e9unira le jeudi24 avril \u00e0 14h30 \u00e0 la Pr\u00e9fecture de la Ni\u00e8vre.Elle examinera le projet de cr\u00e9ation d'un magasin Jardi E.LECLERC par r\u00e9activation de droitscommerciaux d'un b\u00e2ti inoccup\u00e9 depuis plus de trois ans, d'une surface de vente projet\u00e9e de2503 m\u00b0, situ\u00e9 sur la commune de Clamecy.\na-p e.et par d\u00e9l\u00e9gation,i sn\u00e9ral\nLudovic PIERRAT\nPREFECTURE DE LA NIEVRE - 58-2025-03-27-00003 - Avis r\u00e9union CDAC Clamecy 4","date":"2025-03-28","first_seen_on":"2025-09-22T11:19:53+00:00","id":"b1140910c0ad9773342eb46545ec44b2b40b080989460c291d5fc2e54fe6b003","name":"n\u00b058-2025-092-special du 28 mars 2025","pdf_creation_date":"2025-03-28T14:44:10+00:00","pdf_modification_date":null,"timezone":"Europe/Paris","url":"https://www.nievre.gouv.fr/contenu/telechargement/20956/174770/file/recueil-58-2025-092-special%20du%2028%20mars%202025.pdf"}
