{"administration":"pref01","administration_name":"Pr\u00e9fecture de l\u2019Ain","content":"AIN\nRECUEIL DES ACTES\nADMINISTRATIFS SP\u00c9CIAL\nN\u00b001-2026-155\nPUBLI\u00c9 LE 29 AVRIL 2026\nSommaire\n01_DDT_Direction d\u00e9partementale des territoires de l'Ain /\n01-2026-04-29-00001 - ARR\u00caT\u00c9 INTER-PR\u00c9FECTORAL\nn\u00b0\n69-2026-04-29-00001 (Rh\u00f4ne)\nn\u00b0 01-69-2026-01 (Ain)\nportant\nr\u00e9glementation temporaire de la circulation sur\nl'autoroute\nA46-Nord du PR 19+600 au PR 25+700\net relatif \u00e0 la campagne de\nfauchage (6 pages) Page 3\n01_Pref_Pr\u00e9fecture de l'Ain /\n01-2026-04-27-00005 - DECISION DE DECLASSEMENT DU DOMAINE\nPUBLIC\u00a0\n\u00a0\n(\u00c9tablie en deux exemplaires originaux)\u00a0\n\u00a0 (2 pages) Page 10\n2\n01_DDT_Direction d\u00e9partementale des\nterritoires de l'Ain\n01-2026-04-29-00001\nARR\u00caT\u00c9 INTER-PR\u00c9FECTORAL\nn\u00b0 69-2026-04-29-00001 (Rh\u00f4ne)\nn\u00b0 01-69-2026-01 (Ain)\nportant r\u00e9glementation temporaire de la\ncirculation sur\nl'autoroute A46-Nord du PR 19+600 au PR\n25+700\net relatif \u00e0 la campagne de fauchage\n01_DDT_Direction d\u00e9partementale des territoires de l'Ain - 01-2026-04-29-00001 - ARR\u00caT\u00c9 INTER-PR\u00c9FECTORAL\nn\u00b0 69-2026-04-29-00001 (Rh\u00f4ne)\nn\u00b0 01-69-2026-01 (Ain)\nportant r\u00e9glementation temporaire de la circulation sur\nl'autoroute A46-Nord du PR 19+600 au PR 25+700\net relatif \u00e0 la campagne de fauchage\n3\nesPREFETEDU RHONELibert\u00e9Egalit\u00e9Fraternit\u00e9\nPR\u00c9FETDE LAINLibert\u00e9Egalit\u00e9Fraternit\u00e9\n \nDirection d\u00e9partementale\ndes territoires\nARR\u00caT\u00c9 INTER-PR\u00c9FECTORAL \nn\u00b0 69-2026-04-29-00001 (Rh\u00f4ne) \nn\u00b0 01-69-2026-01 (Ain)\nportant r\u00e9glementation temporaire de la circulation sur\nl'autoroute A46-Nord du PR 19+600 au PR 25+700\n et relatif \u00e0 la campagne de fauchage\nLA PR\u00c9F\u00c8TE DE LA R\u00c9GION AUVERGNE-RH\u00d4NE-ALPES,\nPR\u00c9F\u00c8TE DE LA ZONE DE D\u00c9FENSE ET DE S\u00c9CURIT\u00c9 SUD-EST\nPR\u00c9F\u00c8TE DU RH\u00d4NE,\nCommandeur de la L\u00e9gion d'honneur\nCommandeur de l'ordre national du M\u00e9rite\nLE PR\u00c9FET DE L'AIN,\nVU le Code de la route ;\nVU le Code de la voirie routi\u00e8re ;\nVU la loi n\u00b0 55-435 du 18 avril 1955 modifi\u00e9e portant statut des autoroutes ;\nVU le d\u00e9cret  en conseil  des ministres  du  11  janvier  2023  portant  nomination  de Mme Fabienne\nBUCCIO, en qualit\u00e9 de pr\u00e9f\u00e8te de la r\u00e9gion Auvergne-Rh\u00f4ne-Alpes, pr\u00e9f\u00e8te de la zone de d\u00e9fense et\nde s\u00e9curit\u00e9 Sud-Est, pr\u00e9f\u00e8te du Rh\u00f4ne ;\nVU  le d\u00e9cret en conseil des ministres du 02 d\u00e9cembre  2025 portant nomination de M. Louis-Xavier\nTHIRODE, en qualit\u00e9 de pr\u00e9fet de l'Ain ;\nVU le d\u00e9cret en conseil des ministres du 6 novembre 2024 portant nomination de M. Antoine GUERIN,\nen qualit\u00e9 de pr\u00e9fet d\u00e9l\u00e9gu\u00e9 pour la d\u00e9fense et la s\u00e9curit\u00e9 aupr\u00e8s de la pr\u00e9f\u00e8te de la r\u00e9gion Auvergne-\nRh\u00f4ne-Alpes, pr\u00e9f\u00e8te de la zone de d\u00e9fense et de s\u00e9curit\u00e9 Sud-Est, pr\u00e9f\u00e8te du Rh\u00f4ne ;\nVU le d\u00e9cret n\u00b0 96-982 du 8 novembre 1996 relatif \u00e0 la police de circulation sur les autoroutes ; \nVU le d\u00e9cret n\u00b0 2004-374 du 29 avril 2004 modifi\u00e9 relatif aux pouvoirs des pr\u00e9fets, \u00e0 l'organisation et \u00e0\nl'action des services de l'\u00c9tat dans les r\u00e9gions et d\u00e9partements ;\nVU l'arr\u00eat\u00e9 interminist\u00e9riel du 24 novembre 1967 modifi\u00e9 relatif \u00e0 la signalisation des routes et des\nautoroutes ;\n1/6\n01_DDT_Direction d\u00e9partementale des territoires de l'Ain - 01-2026-04-29-00001 - ARR\u00caT\u00c9 INTER-PR\u00c9FECTORAL\nn\u00b0 69-2026-04-29-00001 (Rh\u00f4ne)\nn\u00b0 01-69-2026-01 (Ain)\nportant r\u00e9glementation temporaire de la circulation sur\nl'autoroute A46-Nord du PR 19+600 au PR 25+700\net relatif \u00e0 la campagne de fauchage\n4\nVU l'arr\u00eat\u00e9 conjoint n\u00b0 DDT_SST_2019_01_02 (Pr\u00e9fet du Rh\u00f4ne/M\u00e9tropole de Lyon) du 2 avril 2019\nportant  r\u00e9glementation  permanente  de  la  circulation,  relatif  \u00e0  l'interdiction  de  circulation  des\nv\u00e9hicules de transport de marchandises d'un poids total autoris\u00e9 en charge (PTAC) sup\u00e9rieur \u00e0 7 ,5\ntonnes ;\nVU l'arr\u00eat\u00e9 pr\u00e9fectoral n\u00b0 69-2025-09-08-00008 du 8 septembre 2025 portant d\u00e9l\u00e9gation de signature \u00e0\nM. Xavier CEREZA, directeur d\u00e9partemental des territoires du Rh\u00f4ne ;\nVU l'arr\u00eat\u00e9 pr\u00e9fectoral du  22 avril 2026  portant d\u00e9l\u00e9gation de signature de  M.  Vincent PATRIARCA,\ndirecteur d\u00e9partemental des territoires de l'Ain ;\nVU l'instruction  interminist\u00e9rielle  sur  la  signalisation  routi\u00e8re  (Livre  I,  8\u00e8me  partie  :  signalisation\ntemporaire) approuv\u00e9e par l'arr\u00eat\u00e9 interminist\u00e9riel du 6 novembre 1992 et modifi\u00e9e par les textes\nsubs\u00e9quents ;\nVU la note technique du 14 avril 2016 du minist\u00e8re de l'environnement, de l'\u00e9nergie et de la mer relative\n\u00e0 la coordination des chantiers sur le r\u00e9seau national ;\nVU la  note  de  la  direction  g\u00e9n\u00e9rale  des  infrastructures,  des  transports  et  des  mobilit\u00e9s  (DGTIM)\ndirection des mobilit\u00e9s routi\u00e8res (DMR) d\u00e9finissant le calendrier des jours \u00ab  hors chantiers \u00bb retenus\npour l'ann\u00e9e 2026 et pour le mois de janvier 2027 sur le r\u00e9seau routier national (RRN) ;\nVU  l'arr\u00eat\u00e9  inter-pr\u00e9fectoral  n\u00b0  DDT_SST_69_2023_12_31  du  24  mai  2024,  portant  r\u00e9glementation\npermanente de la police de circulation relatif \u00e0 l'exploitation des chantiers courants sur les voies\nstructurantes d'agglom\u00e9ration autour de l'agglom\u00e9ration de Lyon ;\nVU la  d\u00e9cision  n\u00b0  69-2026-02-27-00008  du  27  f\u00e9vrier  2026  de  M.  Xavier  CEREZA,  directeur\nd\u00e9partemental des territoires du Rh\u00f4ne, portant subd\u00e9l\u00e9gation de signature en mati\u00e8re d'attributions\ng\u00e9n\u00e9rales \u00e0 M. St\u00e9phane ARNOLD, responsable de l'unit\u00e9 s\u00e9curit\u00e9 et r\u00e9glementation routi\u00e8res ;\nVU l'arr\u00eat\u00e9 pr\u00e9fectoral du 23 avril 2026 portant subd\u00e9l\u00e9gation de signature du directeur d\u00e9partemental\ndes territoires de l'Ain en mati\u00e8re de comp\u00e9tences g\u00e9n\u00e9rales ;\nVU la demande et le dossier sous chantier pr\u00e9sent\u00e9s par le groupe des Autoroutes Paris-Rhin-Rh\u00f4ne\n(APRR) le 02 avril 2026 ;\nVU l'avis favorable de la direction g\u00e9n\u00e9rale des infrastructures, des transports et des mobilit\u00e9s (DGITM),\ndirection des mobilit\u00e9s routi\u00e8res (DMR), sous-direction des financements innovants et du contr\u00f4le des\nconcessions autorouti\u00e8res (FCA) du 09 avril 2026 ;\nVU  l'avis  favorable  de  la  compagnie  r\u00e9publicaine  de  s\u00e9curit\u00e9  autorouti\u00e8re  Rh\u00f4ne-Alpes-Auvergne\n(CRSARAA) du 02 avril 2026 ;\nVU l'avis favorable des escadrons de contr\u00f4le des flux (EDCF) du Rh\u00f4ne du 23 avril 2026 ;\nVU l'avis  favorable  de  la  direction  interd\u00e9partementale  des  routes  Centre-Est,  service  r\u00e9gional\nd'exploitation de Lyon (PC-Genas) du 02 avril 2026 ;\nVU l'information communiqu\u00e9e au service d\u00e9partemental et m\u00e9tropolitain d'incendie et de secours en\ndate du 02 avril 2026 ;\nVU l'avis favorable du directeur d\u00e9partemental des services d'incendie et de secours de l'Ain du 27 avril\n2026 ;\nVU l'avis favorable du conseil d\u00e9partemental du Rh\u00f4ne (Rh\u00f4ne-d\u00e9placements) du 23 avril 2026 ;\nVU l'avis favorable du conseil d\u00e9partemental de l'Ain du 10 avril 2026 ;\n2/6\n01_DDT_Direction d\u00e9partementale des territoires de l'Ain - 01-2026-04-29-00001 - ARR\u00caT\u00c9 INTER-PR\u00c9FECTORAL\nn\u00b0 69-2026-04-29-00001 (Rh\u00f4ne)\nn\u00b0 01-69-2026-01 (Ain)\nportant r\u00e9glementation temporaire de la circulation sur\nl'autoroute A46-Nord du PR 19+600 au PR 25+700\net relatif \u00e0 la campagne de fauchage\n5\nVU la demande d'avis rest\u00e9e sans r\u00e9ponse adress\u00e9e \u00e0 la commune de Rillieux-la-Pape (Rh\u00f4ne) le 02 avril \n2026 ;\nVU la demande d'avis rest\u00e9e sans r\u00e9ponse adress\u00e9e \u00e0 la commune de Miribel (Ain) le 09 avril 2026 ;\nCONSID\u00c9RANT la demande et le dossier d'exploitation sous chantier pr\u00e9sent\u00e9s par le groupe des\nautoroutes Paris-Rhin-Rh\u00f4ne (APRR) du 02 avril 2026 ;\nCONSID\u00c9RANT que pendant la campagne de fauchage de l'autoroute A46-Nord du PR 19+600 au PR\n25+700, il y a lieu de r\u00e9glementer la circulation afin de pr\u00e9venir tout risque d'accident, de faciliter la\nbonne ex\u00e9cution des travaux et d'assurer un \u00e9coulement satisfaisant du trafic.\nCONSID\u00c9RANT la n\u00e9cessit\u00e9 de garantir la s\u00e9curit\u00e9 des op\u00e9rateurs d'APRR, des usagers de l'autoroute\nA46 et des forces de s\u00e9curit\u00e9 publique ;\nCONSID\u00c9RANT que la section concern\u00e9e est situ\u00e9e hors agglom\u00e9ration ;\nSur proposition du directeur d\u00e9partemental des territoires du Rh\u00f4ne ;\nSur proposition du directeur d\u00e9partemental des territoires de l'Ain ;\nARR\u00caTENT\nA  rticle     1   : \nDans le cadre de l'entretien de l'ensemble des voies de l'autoroute A46-Nord, des travaux de fauchage\nsont pr\u00e9vus de nuit du PR 19+600 au PR 25+700 dans les sens 1 (Lyon-Marseille) et 2 (Marseille-Lyon).\nPour l'ex\u00e9cution de ces travaux, les mesures d'exploitation d\u00e9crites dans le tableau de phasage ci-\ndessous sont prises sur l'autoroute A46-Nord.\nSemaine\nDate\nSens Mode d'exploitation\nD\u00e9but Fin\n19\n04/05/\n26\n20h30\n05/05/\n26\n06h00\n1\nNeutralisation de la Voie de Droite du PR 20+000 au PR 22+400\nAVEC\nFermeture partielle nocturne du diffuseur des \u00c9chets (au PR 21):\n- fermeture de la bretelle d'entr\u00e9e en direction de Marseille depuis\nla RD483-route de Strasbourg\n05/05/\n26\n20h30\n06/05/\n26\n06h00\n1 Neutralisation de la Voie de Droite du PR 22+400 au PR 25+700\n06/05/\n26\n20h30\n07/05/\n26\n06h00\n1 et 2 Neutralisation de la Voie de Gauche du PR 19+700 au PR 25+700\n20\n11/05/\n26\n20h30\n12/05/\n26\n06h00\n2 Neutralisation de la Voie de Droite du PR 25+500 au PR 22+000\n12/05/\n26\n20h30\n13/05/\n26\n06h00\n2\nNeutralisation de la Voie de Droite du PR 22+000 au PR 19+600\nAVEC\nFermeture partielle nocturne du diffuseur des \u00c9chets (n\u00b03 au PR \n20) :\n- fermeture de la bretelle de sortie en provenance de Marseille\nLe phasage des travaux pr\u00e9sent\u00e9 ne d\u00e9crit pas les phases transitoires inh\u00e9rentes \u00e0 la pose/d\u00e9pose des\nfermetures.\n3/6\n01_DDT_Direction d\u00e9partementale des territoires de l'Ain - 01-2026-04-29-00001 - ARR\u00caT\u00c9 INTER-PR\u00c9FECTORAL\nn\u00b0 69-2026-04-29-00001 (Rh\u00f4ne)\nn\u00b0 01-69-2026-01 (Ain)\nportant r\u00e9glementation temporaire de la circulation sur\nl'autoroute A46-Nord du PR 19+600 au PR 25+700\net relatif \u00e0 la campagne de fauchage\n6\nLors de la mise en place, de la maintenance et du retrait de la signalisation de chantier, des restrictions\nponctuelles compl\u00e9mentaires et des interruptions courtes de la circulation peuvent \u00eatre impos\u00e9es, de\nmani\u00e8re \u00e0 s\u00e9curiser les op\u00e9rations.\nLes Points Rep\u00e8res (PR) mentionn\u00e9s sont indicatifs car susceptibles d'ajustement lors de la pose sur le\nterrain (plus ou moins 1 km).\nLa pose des neutralisations de voie pr\u00e9alables aux fermetures pourra \u00eatre anticip\u00e9e, d\u00e8s que le trafic le\npermet.\nA  rticle     2   : \nIl rel\u00e8ve de l'obligation de la part du gestionnaire d'informer les personnes charg\u00e9es de faire appliquer\nl'arr\u00eat\u00e9 ainsi que les personnes ayant un int\u00e9r\u00eat \u00e0 conna\u00eetre les d\u00e9cisions prises (cf. article 10), en cas de\nmodifications des phases d'exploitation ou de phases d'exploitation non  d\u00e9finies dans le tableau de\nsynth\u00e8se de l'article 1 du pr\u00e9sent arr\u00eat\u00e9.\nA  rticle     3   : Descriptif des fermetures et d\u00e9viations associ\u00e9es\nFermeture partielle nocturne du diffuseur des \u00c9chets :\n- Fermeture de la bretelle d'entr\u00e9e en direction de Marseille   proche du PR 21   :\nRejoindre le diffuseur N\u00b04 de Rillieux en suivant l'itin\u00e9raire S1, via la RD483 direction \u00abVancia, Rillieux-la-\nPape \u00bb puis la RD145 rue Maryse Basti\u00e9 au rond-point apr\u00e8s le centre-ville de Vancia.\n- Fermeture de la bretelle de sortie en provenance de Marseille :\nPrendre la sortie n\u00b0 4 \u00ab  Caluire-Rillieux \u00bb, choisir la 5 e sortie au rond-point direction \u00ab  Caluire, Rillieux-\nVancia, P\u00e9 rica \u00bb puis rejoindre le diffuseur N\u00b03 les \u00c9chet s, via les RD145 et RD483  en direction de\n\u00ab Bourg en Bresse, Les \u00c9chets \u00bb.\nLes \u00e9ventuelles interdiction s de circulation des Poids Lourds seront lev\u00e9es par les aut orit\u00e9s de police\ncomp\u00e9tentes, sur l'ensemble des itin\u00e9raires de d\u00e9viations d\u00e9finis ci-dessus.\nA  rticle     4   : Dispositions compl\u00e9mentaires\nLes restrictions seront maintenues les jours dit \u00ab hors chantier \u00bb de la p\u00e9riode consid\u00e9r\u00e9e :\n- le jeudi 07/05/2026 de 05h00 \u00e0 06h00 ;\n- le mercredi 13/05/2026 de 05h00 \u00e0 06h00.\nL'inter-distance entre ce chantier et d'autres chantiers de r\u00e9paration et d'entretien, courants ou non\ncourants, pourra \u00eatre inf\u00e9rieure \u00e0 la r\u00e9glementation en vigueur, sans pour autant \u00eatre inf\u00e9rieure \u00e0 3 km.\nLe d\u00e9bit pr\u00e9visible par voie laiss\u00e9e libre \u00e0 la circulation pourra d\u00e9passer la valeur de 1800 v\u00e9hicules par\nheure.\nLes dispositions du pr\u00e9sent arr\u00eat\u00e9 cessent leurs effets \u00e0 la fin des travaux, y compris si ces derniers sont\ntermin\u00e9s avant la fin des p\u00e9riodes d\u00e9finies ci-dessus. La chauss\u00e9e est alors rendue aux usagers dans les\nconditions de circulation qui \u00e9taient celles applicables avant les travaux.\nSi les travaux devaient \u00eatre annul\u00e9s, les dispositions du pr\u00e9sent arr\u00eat\u00e9 seraient alors caduques.\nLes forces de l'ordre seront pr\u00e9sentes pour accompagner les agents de la soci\u00e9t\u00e9 APRR afin de faire\nrespecter les mesures de police n\u00e9cessaires \u00e0 la pose/d\u00e9pose des balisages et signalisations temporaires\n(ralentissement de la circulation, fermeture/ouverture de section courante ou de bretelles) ainsi qu'\u00e0 la\nr\u00e9alisation des travaux. Toutefois, dans l'hypoth\u00e8se o\u00f9, une fois requises, les forces de l'ordre seraient\ndans l'impossibilit\u00e9 d'\u00eatre pr\u00e9sentes, les agents d'APRR seront autoris\u00e9s \u00e0 r\u00e9aliser seuls ces op\u00e9rations,\nselon les consignes de l'exploitant.\nArticle     5   :\nLa signalisation temporaire r\u00e9glementaire doit \u00eatre conforme \u00e0 l'instruction interminist\u00e9rielle (Livre I-\n8\u00e8me partie) approuv\u00e9e par arr\u00eat\u00e9 interminist\u00e9riel du 6 novembre 1992 et aux manuels du chef de\nchantier.\n4/6\n01_DDT_Direction d\u00e9partementale des territoires de l'Ain - 01-2026-04-29-00001 - ARR\u00caT\u00c9 INTER-PR\u00c9FECTORAL\nn\u00b0 69-2026-04-29-00001 (Rh\u00f4ne)\nn\u00b0 01-69-2026-01 (Ain)\nportant r\u00e9glementation temporaire de la circulation sur\nl'autoroute A46-Nord du PR 19+600 au PR 25+700\net relatif \u00e0 la campagne de fauchage\n7\nArticle     6   :\nAfin de ne pas porter atteinte \u00e0 une distribution rapide et sure des secours ou d'entra\u00eener des d\u00e9lais de\ntransit  trop  longs  non  conformes  aux  int\u00e9r\u00eats  sup\u00e9rieurs  des  victimes,  APRR  prendra  toutes  les\ndispositions n\u00e9cessaires afin de ne pas contraindre au-del\u00e0 du raisonnable la circulation des v\u00e9hicules\nde secours, dans tous les cas de restrictions pr\u00e9vues aux articles 1 \u00e0 3 du pr\u00e9sent arr\u00eat\u00e9 et impos\u00e9es de\nmani\u00e8re \u00e0 s\u00e9curiser les op\u00e9rations, en permettant dans la mesure du possible l'emprunt des sections\nferm\u00e9es (circulation sur chauss\u00e9e avec pr\u00e9sence de personnel \u00e0 pied) avec guidage de ce transit par les\nmoyens d\u00e9termin\u00e9s par le PC APRR.  Il s'agira \u00e9galement de  maintenir l'accessibilit\u00e9 aux points d'eau\nincendie impact\u00e9s par les travaux.\nD'autre  part,  PC  APRR  fait  aux  CODIS  comp\u00e9tents,  et  sans  d\u00e9lais,  toute  remont\u00e9e  d'information\nn\u00e9cessaire de toute difficult\u00e9 de circulation pouvant porter atteinte \u00e0 une distribution rapide et sure\ndes secours ou entra\u00eener des d\u00e9lais de transit trop longs non conformes aux int\u00e9r\u00eats sup\u00e9rieurs des\nvictimes.\nEnfin, PC APRR pr\u00e9cisera aux CODIS comp\u00e9tents s'il s'agit d'une intervention relevant des travaux et\ndes chantiers ou d'une intervention relevant de la circulation du public.\nArticle     7   :\nToute infraction au pr\u00e9sent arr\u00eat\u00e9 pourra \u00eatre constat\u00e9e par proc\u00e8s-verbal dress\u00e9 par les  forces de\nl'ordre.\nArticle     8   :\nLors de l'ach\u00e8vement des travaux et avant le r\u00e9tablissement normal de la circulation, la chauss\u00e9e doit\n\u00eatre propre et satisfaire aux normes de s\u00e9curit\u00e9 en vigueur.\nArticle     9   :\nLe gestionnaire de la voirie affichera le pr\u00e9sent arr\u00eat\u00e9 aux abords imm\u00e9diats des chantiers.\nLe pr\u00e9sent arr\u00eat\u00e9 sera notifi\u00e9 aux personnes concern\u00e9es et publi\u00e9 au recueil des actes administratifs\n(RAA) des pr\u00e9fectures du Rh\u00f4ne et de l'Ain.\nArticle     10   :\n- La secr\u00e9taire g\u00e9n\u00e9rale de la pr\u00e9fecture du Rh\u00f4ne,\n- la secr\u00e9taire g\u00e9n\u00e9rale de la pr\u00e9fecture de l'Ain,\n- le directeur r\u00e9gional Rh\u00f4ne de la soci\u00e9t\u00e9 des Autoroutes Paris-Rhin-Rh\u00f4ne,\n- le commandant de la compagnie r\u00e9publicaine de s\u00e9curit\u00e9 autorouti\u00e8re Rh\u00f4ne-Alpes-Auvergne,\n- le commandant des escadrons de contr\u00f4le des flux du Rh\u00f4ne,\n- la directrice interd\u00e9partementale des routes Centre-Est, \nsont charg\u00e9s, chacun en ce qui le concerne, de l'ex\u00e9cution du pr\u00e9sent arr\u00eat\u00e9 dont copie est adress\u00e9e :\n- \u00e0 la pr\u00e9sidente de la m\u00e9tropole de Lyon,\n- au pr\u00e9sident du conseil d\u00e9partemental du Rh\u00f4ne,\n- au pr\u00e9sident du conseil d\u00e9partemental de l'Ain,\n- au directeur de la sous-direction des financements et du contr\u00f4le du r\u00e9seau autoroutier conc\u00e9d\u00e9,\n- au directeur du service d'incendie et de secours du d\u00e9partement du Rh\u00f4ne et de la m\u00e9tropole de\nLyon,\n- au directeur du service d'incendie et de secours du d\u00e9partement de l'Ain,\n- au directeur d\u00e9partemental de la s\u00e9curit\u00e9 publique du Rh\u00f4ne,\n- \u00e0 l'officier du minist\u00e8re public pr\u00e8s du tribunal de police de Lyon,\n- au commandant de l'escadron d\u00e9partemental de contr\u00f4le des flux de l'Ain, \n- aux communes concern\u00e9es,\n- au directeur d\u00e9partemental des territoires du Rh\u00f4ne,\n- au directeur d\u00e9partemental des territoires de l'Ain.\n5/6\n01_DDT_Direction d\u00e9partementale des territoires de l'Ain - 01-2026-04-29-00001 - ARR\u00caT\u00c9 INTER-PR\u00c9FECTORAL\nn\u00b0 69-2026-04-29-00001 (Rh\u00f4ne)\nn\u00b0 01-69-2026-01 (Ain)\nportant r\u00e9glementation temporaire de la circulation sur\nl'autoroute A46-Nord du PR 19+600 au PR 25+700\net relatif \u00e0 la campagne de fauchage\n8\nFait, le 29 avril 2026\nLa pr\u00e9f\u00e8te,\npour la pr\u00e9f\u00e8te et par d\u00e9l\u00e9gation,\nle directeur  d\u00e9partemental des territoires du\nRh\u00f4ne,\npour le directeur et par subd\u00e9l\u00e9gation,\nle  chef  de  l'unit\u00e9  s\u00e9curit\u00e9  et  r\u00e9glementation\nrouti\u00e8res,\nfait, le 29 avril 2026\nLe pr\u00e9fet,\npour le pr\u00e9fet et par d\u00e9l\u00e9gation,\nle  directeur  d\u00e9partemental  des  territoires  de\nl'Ain,\npour le directeur et par subd\u00e9l\u00e9gation,\nle chef d'unit\u00e9 gestion de crise et transports,\nSIGN\u00c9 SIGN\u00c9\nSt\u00e9phane ARNOLD                                                     Georges WACRENIER\nD\u00e9lais et voies de recours :\nConform\u00e9ment \u00e0 l'article R.421-1 du code de justice administrative, la pr\u00e9sente d\u00e9cision peut faire\nl'objet d'un recours contentieux, dans le d\u00e9lai de deux mois \u00e0 compter de sa notification, devant le\ntribunal  administratif  de  Lyon  (184,  rue  Duguesclin  \u2013 69  433  Lyon  Cedex  03,  ou  sur  l'application\nwww.telerecours.fr). Elle peut \u00e9galement faire l'objet d'un recours gracieux aupr\u00e8s de Madame la Pr\u00e9f\u00e8te\ndu Rh\u00f4ne. Cette d\u00e9marche interrompt le d\u00e9lai de recours contentieux, ce dernier devant \u00eatre introduit\ndans le d\u00e9lai de deux mois suivant une d\u00e9cision implicite ou explicite de l'autorit\u00e9 comp\u00e9tente (le\nsilence de l'administration pendant un d\u00e9lai de deux mois valant d\u00e9cision implicite de rejet).\n6/6\n01_DDT_Direction d\u00e9partementale des territoires de l'Ain - 01-2026-04-29-00001 - ARR\u00caT\u00c9 INTER-PR\u00c9FECTORAL\nn\u00b0 69-2026-04-29-00001 (Rh\u00f4ne)\nn\u00b0 01-69-2026-01 (Ain)\nportant r\u00e9glementation temporaire de la circulation sur\nl'autoroute A46-Nord du PR 19+600 au PR 25+700\net relatif \u00e0 la campagne de fauchage\n9\n01_Pref_Pr\u00e9fecture de l'Ain\n01-2026-04-27-00005\nDECISION DE DECLASSEMENT DU DOMAINE\nPUBLIC\u00a0\n\u00a0\n(\u00c9tablie en deux exemplaires originaux)\u00a0\n\u00a0\n01_Pref_Pr\u00e9fecture de l'Ain - 01-2026-04-27-00005 - DECISION DE DECLASSEMENT DU DOMAINE PUBLIC\u00a0\n\u00a0\n(\u00c9tablie en deux exemplaires originaux)\u00a0\n\u00a0\n10\nDECISION DE DECLASSEMENT DU DOMAINE PUBLIC \n\u00a0\n(\u00c9tablie\u00a0en\u00a0deux\u00a0exemplaires\u00a0originaux)\u00a0\n\u00a0\n\u00a0\u00a0\n\u00a0\nR\u00e9f.\u00a0SPA\u00a0:\u00a0SE0661-01\n\u00a0\nSNCF R\u00e9seau \n\u00a0\n\u00a0\nVu\u00a0le\u00a0code\u00a0des\u00a0transports,\u00a0notamment\u00a0son\u00a0article\u00a0L.\u00a02111-21;\u00a0\n\u00a0\nVu\u00a0le\u00a0code\u00a0g\u00e9n\u00e9ral\u00a0de\u00a0la\u00a0propri\u00e9t\u00e9\u00a0des\u00a0personnes\u00a0publiques,\u00a0et\u00a0notamment\u00a0son\u00a0article\u00a0L.\u00a02141-\n1,\u00a0\n\u00a0\nVu\u00a0le\u00a0d\u00e9cret\u00a0n\u00b0\u00a02019-1587\u00a0du\u00a031\u00a0d\u00e9cembre\u00a02019\u00a0approuvant\u00a0les\u00a0statuts\u00a0de\u00a0la\u00a0soci\u00e9t\u00e9\u00a0SNCF\u00a0\nR\u00e9seau\u00a0et\u00a0portant\u00a0diverses\u00a0dispositions\u00a0relatives\u00a0\u00e0\u00a0la\u00a0soci\u00e9t\u00e9\u00a0SNCF\u00a0R\u00e9seau\u202f;\u00a0\n\u00a0\nVu\u00a0le\u00a0d\u00e9cret\u00a0n\u00b0\u00a02019-1516\u00a0du\u00a030\u00a0d\u00e9cembre\u00a02019\u00a0relatif\u00a0aux\u00a0r\u00e8gles\u00a0de\u00a0gestion\u00a0domaniale\u00a0\napplicables\u00a0\u00e0\u00a0la\u00a0soci\u00e9t\u00e9\u00a0SNCF\u00a0R\u00e9seau\u00a0et\u00a0sa\u00a0filiale\u00a0mentionn\u00e9e\u00a0au\u00a05\u00b0\u00a0de\u00a0l'article\u00a0L.\u00a02111-9\u00a0du\u00a0\nCode\u00a0des\u00a0transports\u00a0(SNCF\u00a0Gares\u00a0&\u00a0Connexions),\u00a0notamment\u00a0son\u00a0article\u00a03,\u00a0\n\u00a0\nVu\u00a0l'Arr\u00eat\u00e9\u00a0du\u00a0Ministre\u00a0de\u00a0l'\u00e9cologie,\u00a0du\u00a0d\u00e9veloppement\u00a0durable\u00a0et\u00a0de\u00a0l'\u00e9nergie\u00a0du\u00a025\u00a0juin\u00a02015\u00a0\nfixant \u00a0 les \u00a0 obligations \u00a0 d'information \u00a0 de \u00a0 l'Autorit\u00e9 \u00a0 de \u00a0 r\u00e9gulation \u00a0 des \u00a0 activit\u00e9s \u00a0 ferroviaires \u00a0 et\u00a0\nrouti\u00e8res \u00a0 (ARAFER) \u00a0 des \u00a0 projets \u00a0 de \u00a0 d\u00e9classement \u00a0 de \u00a0 la \u00a0 SNCF, \u00a0 SNCF \u00a0 R\u00e9seau \u00a0 et \u00a0 SNCF\u00a0\nMobilit\u00e9s,\u00a0\n\u00a0\nVu \u00a0 la \u00a0 d\u00e9cision \u00a0 DGSE-DP-E1-0010 \u00a0 portant \u00a0 d\u00e9l\u00e9gation \u00a0 de \u00a0 pouvoirs \u00a0 du \u00a0 pr\u00e9sident-directeur\u00a0\ng\u00e9n\u00e9ral\u00a0au\u00a0directeur\u00a0g\u00e9n\u00e9ral\u00a0adjoint\u00a0Sud-Est\u00a0\n\u00a0\nVu\u00a0la\u00a0d\u00e9cision\u00a0DGSE-DP-E2-0050\u00a0portant\u00a0d\u00e9l\u00e9gation\u00a0de\u00a0pouvoirs\u00a0du\u00a0directeur\u00a0g\u00e9n\u00e9ral\u00a0adjoint\u00a0\nSud-Est\u00a0\u00e0\u00a0la\u00a0directrice\u00a0r\u00e9gionale\u00a0Auvergne-Rh\u00f4ne-Alpes.\u00a0\n\u00a0\nVu\u00a0l'avis\u00a0tacite\u00a0du\u00a0Conseil\u00a0R\u00e9gional\u00a0de\u00a0Auvergne\u00a0Rh\u00f4ne\u00a0Alpes\u00a0en\u00a0date\u00a0du\u00a08\u00a0mars\u00a02026\u00a0;\n\u00a0\nVu\u00a0l'autorisation\u00a0de\u00a0l'Etat\u00a0en\u00a0date\u00a0du\u00a013\u00a0mars\u00a02026,\u00a0\n\u00a0\nConsid\u00e9rant\u00a0que\u00a0le\u00a0bien\u00a0n'est\u00a0plus\u00a0affect\u00e9\u00a0aux\u00a0missions\u00a0de\u00a0la\u00a0SA\u00a0SNCF\u00a0R\u00e9seau\u00a0;\n\u00a0\n\u00a0\n01_Pref_Pr\u00e9fecture de l'Ain - 01-2026-04-27-00005 - DECISION DE DECLASSEMENT DU DOMAINE PUBLIC\u00a0\n\u00a0\n(\u00c9tablie en deux exemplaires originaux)\u00a0\n\u00a0\n11\nDECIDE\u202f: \n\u00a0\n\u00a0\nARTICLE 1 \n\u00a0\nLe\u00a0terrain\u00a0b\u00e2ti\u00a0sis\u00a0\u00e0\u00a0OYONNAX (01)\u00a0tel\u00a0qu'il\u00a0appara\u00eet\u00a0dans\u00a0le\u00a0tableau\u00a0ci-dessous\u00a0et\u00a0sur\u00a0le\u00a0\nplan\u00a0joint\u00a0\u00e0\u00a0la\u00a0pr\u00e9sente\u00a0d\u00e9cision\u00a0sous\u00a0teinte\u00a0rouge,\u00a0est\u00a0d\u00e9class\u00e9\u00a0du\u00a0domaine\u00a0public\u00a0\nferroviaire.\u00a0\n\u00a0\nCode INSEE \nCommune Lieu-dit R\u00e9f\u00e9rences cadastrales Surface (m\u00b2) Section Num\u00e9ro \n01283\nOYONNAX La\u00a0Ville AH 1008 5\u00a0m\u00b2\u00a0\n\u00a0 \u00a0 \u00a0 TOTAL 5\u00a0m\u00b2\u00a0\n\u00a0\n\u00a0\n\u00a0\u00a0\nARTICLE 2 \n\u00a0\u00a0\nCopie\u00a0de\u00a0la\u00a0pr\u00e9sente\u00a0d\u00e9cision\u00a0sera\u00a0communiqu\u00e9e\u00a0au\u00a0Pr\u00e9fet\u00a0de\u00a0D\u00e9partement\u00a0de\u00a0l'Ain\u00a0et\u00a0au\u00a0\nMinistre\u00a0charg\u00e9\u00a0des\u00a0Transports.\u00a0\n\u00a0\nLa\u00a0pr\u00e9sente\u00a0d\u00e9cision\u00a0de\u00a0d\u00e9classement\u00a0sera\u00a0publi\u00e9e\u00a0au\u00a0recueil\u00a0des\u00a0actes\u00a0administratifs\u00a0de\u00a0la\u00a0\nPr\u00e9fecture\u00a0du\u00a0d\u00e9partement\u00a0de\u00a0l'Ain.\u00a0\n\u00a0\nLa\u00a0pr\u00e9sente\u00a0d\u00e9cision\u00a0sera\u00a0publi\u00e9e\u00a0au\u00a0Bulletin\u00a0Officiel\u00a0de\u00a0SNCF\u00a0R\u00e9seau,\u00a0\n\u00a0\n\u00a0\n\u00a0\nFait \u00e0 Lyon, \nLe\u00a027/04/2026\n \n\u00a0\nLa Directrice R\u00e9gionale AURA\nSNCF R\u00e9seau\nB\u00e9atrice LELOUP\n01_Pref_Pr\u00e9fecture de l'Ain - 01-2026-04-27-00005 - DECISION DE DECLASSEMENT DU DOMAINE PUBLIC\u00a0\n\u00a0\n(\u00c9tablie en deux exemplaires originaux)\u00a0\n\u00a0\n12","date":"2026-04-29","first_seen_on":"2026-04-29T16:05:29+00:00","id":"b12c81b294c42b1f12ad5625b594896cabe00095bb6598f9e91d8073548d9e7e","name":"recueil-01-2026-155-recueil-des-actes-administratifs-special N\u00b02 du 29-04-2026","pdf_creation_date":"2026-04-29T13:50:24+00:00","pdf_modification_date":null,"timezone":"Europe/Paris","url":"https://www.ain.gouv.fr/contenu/telechargement/35656/248879/file/recueil-01-2026-155-recueil-des-actes-administratifs-special%20N%C2%B02%20du%2029-04-2026.pdf"}
