{"administration":"pref13","administration_name":"Pr\u00e9fecture des Bouches-du-Rh\u00f4ne","content":"RECUEIL DES ACTES\nADMINISTRATIF SP\u00c9CIAL \nN\u00b013-2025-242-BIS\n \nPUBLI\u00c9 LE 16 AOUT 2025\nSommaire\nARR\u00caT\u00c9 ORDONNANT LA LEV\u00c9E DES MESURES D'URGENCE PRISES \nLORS DE L'\u00c9PISODE DE POLLUTION DE L'AIR DU 11 AO\u00dbT AU 16 AO\u00dbT \n2025 PAGE 3\nPREFETDES BOUCHES-DU-RHONELibert\u00e9Egalit\u00e9Fraternit\u00e9\nCabinet\nSIRACEDPC\nN\u00b0000477\nARR\u00caT\u00c9 ORDONNANT LA LEV\u00c9E DES MESURES D'URGENCE PRISES LORS DE L'\u00c9PISODE DE \nPOLLUTION DE L'AIR DU 11 AO\u00dbT AU 16 AO\u00dbT 2025\nLe pr\u00e9fet de la r\u00e9gion Provence-Alpes-C\u00f4te d'Azur\nPr\u00e9fet de la zone de d\u00e9fense de s\u00e9curit\u00e9 Sud\nPr\u00e9fet des Bouches-du-Rh\u00f4ne\nPr\u00e9fet de police des Bouches-du-Rh\u00f4ne\nVU le code g\u00e9n\u00e9ral des collectivit\u00e9s territoriales ;\nVU le code de l'environnement, notamment les articles L220-1 \u00e0 L226-9, L511-1 \u00e0 L517-2,  \nR221-1 \u00e0 R226-14 et R511-9 \u00e0 R517-10 ;\nVU le code de la sant\u00e9 publique ;\nVU le code de la route ;\nVU le code des transports ;\nVU le code de la s\u00e9curit\u00e9 int\u00e9rieure, notamment ses articles R122-4, R122-5 et R*122-8 ;\nVU le code des relations entre le public et l'administration, notamment son article L221-2 ;\nVU le d\u00e9cret n\u00b02004-374 du 29 avril 2004, modifi\u00e9 par le d\u00e9cret n\u00b02010-146 du 16 f\u00e9vrier  \n2010, relatif aux pouvoirs des pr\u00e9fets, \u00e0 l'organisation des services de l'\u00c9tat dans les r\u00e9gions \net d\u00e9partements et notamment son article 78-2 ;\nVU le d\u00e9cret n\u00b02016-858 du 29 juin 2016 relatif aux certificats qualit\u00e9 de l'air ;\nVU le d\u00e9cret n\u00b02017-782 du 5 mai 2017 renfor\u00e7ant les sanctions pour non-respect de l'usage \ndes  certificats  qualit\u00e9  de  l'air  et  des  mesures  d'urgence  arr\u00eat\u00e9es  en  cas  d'\u00e9pisode  de \npollution atmosph\u00e9rique ;\nVU le d\u00e9cret du 12 mars 2025 portant nomination de M. Georges-Fran\u00e7ois LECLERC aux  \nfonctions de pr\u00e9fet de la r\u00e9gion Provence-Alpes-C\u00f4te d'Azur, pr\u00e9fet de la zone de d\u00e9fense  \net de s\u00e9curit\u00e9 Sud, pr\u00e9fet des Bouches-du-Rh\u00f4ne, et de pr\u00e9fet de police des Bouches-du-\nRh\u00f4ne ;\nVU l'arr\u00eat\u00e9  interminist\u00e9riel  du  7  avril  2016  relatif  au  d\u00e9clenchement  des  proc\u00e9dures \npr\u00e9fectorales  en  cas  d'\u00e9pisode  de  pollution  de  l'air  ambiant,  modifi\u00e9  par  l'arr\u00eat\u00e9  \ninterminist\u00e9riel du 26 ao\u00fbt 2016 ;\n\nVU l'arr\u00eat\u00e9  interminist\u00e9riel  du  21  juin  2016  \u00e9tablissant  la  nomenclature  des  v\u00e9hicules \nclass\u00e9s en fonction de leur niveau d'\u00e9mission de polluants atmosph\u00e9riques en application  \nde l'article R. 318-2 du code de la route ;\nVU l'arr\u00eat\u00e9 minist\u00e9riel du 20 ao\u00fbt 2014 relatif aux recommandations sanitaires en vue de  \npr\u00e9venir les effets de la pollution de l'air sur la sant\u00e9 ;\nVU l'arr\u00eat\u00e9 minist\u00e9riel du 29 juin 2016 relatif aux modalit\u00e9s de d\u00e9livrance et d'apposition  \ndes certificats qualit\u00e9 de l'air ;\nVU l'arr\u00eat\u00e9 minist\u00e9riel du 19 avril 2017 relatif au dispositif national de surveillance de la  \nqualit\u00e9 de l'air ambiant ;\nVU l'arr\u00eat\u00e9 minist\u00e9riel du 13 mars 2018 modifiant l'arr\u00eat\u00e9 du 20 ao\u00fbt 2014 relatif aux  \nrecommandations sanitaires en vue de pr\u00e9venir les effets de la pollution de l'air sur la  \nsant\u00e9, pris en application de l'article R. 221-4 du code de l'environnement ;\nVU l'arr\u00eat\u00e9  minist\u00e9riel  du  27  juillet  2018  modifiant  l'arr\u00eat\u00e9  du  5  mars  2018  portant \nrenouvellement de l'agr\u00e9ment de l'association agr\u00e9\u00e9e pour la surveillance de la qualit\u00e9 de  \nl'air ;\nVU l'arr\u00eat\u00e9  zonal  du  20  juin  2017  relatif  au  dispositif  d'urgence  en  cas  d'\u00e9pisode  de \npollution sur les d\u00e9partements des r\u00e9gions Occitanie et Provence-Alpes-C\u00f4te d'Azur ;\nVU l'arr\u00eat\u00e9 pr\u00e9fectoral du 17 mai 2013 portant approbation du Plan de Protection de  \nl'Atmosph\u00e8re des Bouches-du-Rh\u00f4ne ;\nVU l'arr\u00eat\u00e9 pr\u00e9fectoral du 10 septembre 2019 portant organisation du dispositif d'urgence  \nen cas d'\u00e9pisode de pollution de l'air ambiant sur le d\u00e9partement des Bouches-du-Rh\u00f4ne ;\nVU l'arr\u00eat\u00e9 pr\u00e9fectoral du 23 juin 2023 modifiant l'arr\u00eat\u00e9 pr\u00e9fectoral du 10 septembre 2019 \nsusvis\u00e9 ;\nVU l'arr\u00eat\u00e9 pr\u00e9fectoral n\u00b0000467 du 10 ao\u00fbt 2025 portant mise en \u0153uvre \u00e0 compter du 11  \nao\u00fbt 2025 de la circulation diff\u00e9renci\u00e9e suite \u00e0 un \u00e9pisode de pollution de l'air ;\nVU l'instruction  technique  du  24  septembre  2014  relative  au  d\u00e9clenchement  des  \nproc\u00e9dures pr\u00e9fectorales en cas d'\u00e9pisodes de pollution de l'air ambiant ;\nVU l'instruction du Gouvernement du 5 janvier 2017 relative \u00e0 la gestion des \u00e9pisodes de  \npollution de l'air ambiant ;\nVU l'arr\u00eat\u00e9  m\u00e9tropolitain  du  28  juin  2022  relatif  \u00e0  la  cr\u00e9ation  d'une  Zone  \u00e0  Faibles \nEmissions mobilit\u00e9 (ZFE-m) sur le centre \u00e9largi de la commune de Marseille ;\nCONSID\u00c9RANT les  pr\u00e9visions  d'AtmoSud,  selon  lesquelles  le  seuil  d'information-\nrecommandation  ne  sera  plus  d\u00e9pass\u00e9  \u00e0  partir  du  17  ao\u00fbt  2025  mettant  ainsi  fin  \u00e0 \nl'\u00e9pisode de pollution en cours ;\nA R R \u00ca T E\nArticle 1 \u2013 Lev\u00e9e des mesures d'urgence\nIl est mis fin au dispositif de circulation diff\u00e9renci\u00e9e \u00e0 compter du 16 ao\u00fbt 2025 \u00e0 24h00  \nsur le p\u00e9rim\u00e8tre correspondant au territoire de la Zone \u00e0 Faibles \u00c9missions mobilit\u00e9 (ZFE-\nm) de la m\u00e9tropole Aix-Marseille Provence.\nArticle 2 \u2013 Abrogation de l'arr\u00eat\u00e9 pr\u00e9fectoral du 10 ao\u00fbt 2025\nL'arr\u00eat\u00e9 pr\u00e9fectoral n\u00b0000467 du 10 ao\u00fbt 2025 portant mise en \u0153uvre \u00e0 compter du 11  \nao\u00fbt 2025 de la circulation diff\u00e9renci\u00e9e suite \u00e0 un \u00e9pisode de pollution de l'air sur le  \nd\u00e9partement des Bouches-du-Rh\u00f4ne est abrog\u00e9.\nArticle 3 \u2013 Ex\u00e9cution\nLe secr\u00e9taire g\u00e9n\u00e9ral, le directeur de cabinet du pr\u00e9fet des Bouches-du-Rh\u00f4ne, le directeur \nde cabinet de la pr\u00e9f\u00e8te de police d\u00e9l\u00e9gu\u00e9e, le directeur d\u00e9partemental des territoires et  \nde la mer, le directeur r\u00e9gional de l'environnement, de l'am\u00e9nagement et du logement et  \nle directeur de la direction interd\u00e9partementale des routes M\u00e9diterran\u00e9e, le directeur  \ng\u00e9n\u00e9ral  de  l'agence  r\u00e9gionale  de  sant\u00e9,  les  services  de  police  et  de  gendarmerie,  le \npr\u00e9sident de la r\u00e9gion Provence-Alpes-C\u00f4te d'Azur, le maire de Marseille, la pr\u00e9sidente de  \nla m\u00e9tropole Aix Marseille Provence, le pr\u00e9sident du directoire du Grand port maritime de  \nMarseille et le pr\u00e9sident de l'association agr\u00e9\u00e9e pour la surveillance de la qualit\u00e9 de l'air,  \nsont charg\u00e9s, chacun en ce qui le concerne, de l'ex\u00e9cution du pr\u00e9sent arr\u00eat\u00e9. \nFait \u00e0 Marseille, le 16 ao\u00fbt 2025\nPour le pr\u00e9fet et par d\u00e9l\u00e9gation,\nle secr\u00e9taire g\u00e9n\u00e9ral \npour les affaires r\u00e9gionales\nSIGNE\nDidier MAMIS","date":"2025-08-16","first_seen_on":"2025-08-16T16:07:12+00:00","id":"b17269283e3db172ad8052b4662a9062ce56ff4e2f05236e3abd149c5dc51e6f","name":"recueil-13-2025-242 bis--recueil-des-actes-administratifs-special du 16 ao\u00fbt 2025","pdf_creation_date":"2025-08-16T14:15:52+00:00","pdf_modification_date":null,"timezone":"Europe/Paris","url":"https://www.bouches-du-rhone.gouv.fr/contenu/telechargement/60843/429881/file/recueil-13-2025-242%20bis--recueil-des-actes-administratifs-special%20du%2016%20ao%C3%BBt%202025.pdf"}
