{"administration":"pref83","administration_name":"Pr\u00e9fecture du Var","content":"VAR\nRECUEIL DES ACTES\nADMINISTRATIFS SP\u00c9CIAL\n(NOMINATIFS)\nN\u00b083-2024-275\nPUBLI\u00c9 LE  3 OCTOBRE 2024\nSommaire\nPr\u00e9fecture du VAR / Direction de la coordination des politiques publiques\net de l'appui territorial\n83-2024-10-03-00004 - ARR\u00caT\u00c9 PR\u00c9FECTORAL n\u00b0 2024/36/MCI du 3\noctobre 2024\nportant d\u00e9l\u00e9gation de signature \u00e0 M. S\u00e9bastien\nDEBEAUMONT,\ndirecteur r\u00e9gional de l'\u00e9conomie, de l'emploi,\ndu travail et des solidarit\u00e9s\nde Provence-Alpes-C\u00f4te d'Azur (3 pages) Page 3\n2\nPr\u00e9fecture du VAR\n83-2024-10-03-00004\nARR\u00caT\u00c9 PR\u00c9FECTORAL n\u00b0 2024/36/MCI du 3\noctobre 2024\nportant d\u00e9l\u00e9gation de signature \u00e0 M. S\u00e9bastien\nDEBEAUMONT,\ndirecteur r\u00e9gional de l'\u00e9conomie, de l'emploi, du\ntravail et des solidarit\u00e9s\nde Provence-Alpes-C\u00f4te d'Azur\nPr\u00e9fecture du VAR - 83-2024-10-03-00004 - ARR\u00caT\u00c9 PR\u00c9FECTORAL n\u00b0 2024/36/MCI du 3 octobre 2024\nportant d\u00e9l\u00e9gation de signature \u00e0 M. S\u00e9bastien DEBEAUMONT,\ndirecteur r\u00e9gional de l'\u00e9conomie, de l'emploi, du travail et des solidarit\u00e9s\nde Provence-Alpes-C\u00f4te d'Azur3\n=m\nPREFET\nDU  VAR\nLibert\u00e9\nEgalit\u00e9\nFraternit\u00e9\nDirection de la coordination\n des politiques publiques\net de l'appui territorial\nMission de coordination interminist\u00e9rielle\nARR\u00caT\u00c9 PR\u00c9FECTORAL n\u00b0 2024/36/MCI du 3 octobre 2024\nportant d\u00e9l\u00e9gation de signature \u00e0 M.  S\u00e9bastien DEBEAUMONT, \n directeur r\u00e9gional de l'\u00e9conomie, de l'emploi, du travail et des solidarit\u00e9s \nde Provence-Alpes-C\u00f4te d'Azur\nLe Pr\u00e9fet du Var,\nOfficier de la L\u00e9gion d'Honneur,\nVu le code de commerce  ;\nVu le code du tourisme ; \nVu le code du travail ; \nVu  la  loi  n\u00b082-213  du  2  mars  1982,  relative  aux  droits  et  libert\u00e9s  des  communes,  des\nd\u00e9partements et des r\u00e9gions  ;\nVu  la  loi  d'orientation  n\u00b0  92-125  du  6  f\u00e9vrier  1992  modifi\u00e9e,  relative  \u00e0  l'administration\nterritoriale de la R\u00e9publique, notamment ses articles 4 et 6 ; \nVu  le  d\u00e9cret  n\u00b0  97-34  du  15  janvier  1997 ,  relatif  \u00e0  la  d\u00e9concentration  des  d\u00e9cisions\nadministratives individuelles  ;\nVu  le d\u00e9cret n\u00b0 2001-387 du  3 mai 2001 modifi\u00e9, relatif au contr\u00f4le des instruments de\nmesure ;\nVu  le  d\u00e9cret  n\u00b0  2004-374  du  29  avril  2004  modifi\u00e9,  relatif  aux  pouvoirs  des  pr\u00e9fets,  \u00e0\nl'organisation et \u00e0 l'action des services de l'Etat dans les r\u00e9gions et d\u00e9partements ;\nVu le d\u00e9cret n\u00b0 2009-1377 du 10 novembre 2009, relatif \u00e0 l'organisation et aux missions des\ndirections r\u00e9gionales des entreprises, de la concurrence, de la consommation, du travail et de\nl'emploi ;\nVu le d\u00e9cret n\u00b0 2015-510 du 7 mai 2015 portant charte de la d\u00e9concentration  ;\nVu le d\u00e9cret du Pr\u00e9sident de la R\u00e9publique du 15 avril 2022 portant nomination de M. Lucien\nGIUDICELLI, secr\u00e9taire g\u00e9n\u00e9ral de la pr\u00e9fecture du Var, sous-pr\u00e9fet de l'arrondissement de\nToulon ;\nVu  le  d\u00e9cret  du  Pr\u00e9sident  de  la  R\u00e9publique  du  13  juillet  2023  portant  nomination  de\nM. Philippe MAHE, pr\u00e9fet du Var ;\n1/2\nPr\u00e9fecture du VAR - 83-2024-10-03-00004 - ARR\u00caT\u00c9 PR\u00c9FECTORAL n\u00b0 2024/36/MCI du 3 octobre 2024\nportant d\u00e9l\u00e9gation de signature \u00e0 M. S\u00e9bastien DEBEAUMONT,\ndirecteur r\u00e9gional de l'\u00e9conomie, de l'emploi, du travail et des solidarit\u00e9s\nde Provence-Alpes-C\u00f4te d'Azur4\nVu le d\u00e9cret n\u00b02020-1545 du 9 d\u00e9cembre 2020 relatif \u00e0 l'organisation et aux missions des\ndirections r\u00e9gionales de l'\u00e9conomie, de l'emploi, du travail et des solidarit\u00e9s ( DREETS) ;\nVu l'arr\u00eat\u00e9 du ministre du travail, de la sant\u00e9 et des solidarit\u00e9s du 5 septembre 2024 portant\nnomination de M. S\u00e9bastien DEBEAUMONT, directeur r\u00e9gional de l'\u00e9conomie, de l'emploi, du\ntravail et des solidarit\u00e9s de Provence-Alpes-C\u00f4te d'Azur \u00e0 compter du 1er octobre 2024 ;\nVu l'arr\u00eat\u00e9 pr\u00e9fectoral n\u00b02023/67/MCI du 21 ao\u00fbt 2023 portant d\u00e9l\u00e9gation de signature \u00e0\nM. Jean-Philippe BERLEMONT, directeur r\u00e9gional de l'\u00e9conomie, de l'emploi, du travail et des\nsolidarit\u00e9s de Provence-Alpes-C\u00f4te d'Azur  ; \nSur proposition du secr\u00e9taire g\u00e9n\u00e9ral de la pr\u00e9fecture  ;\nARR\u00caT\u00c9 :\nARTICLE 1     :   D\u00e9l\u00e9gation de signature est donn\u00e9e \u00e0 M. S\u00e9bastien DEBEAUMONT ,  directeur\nr\u00e9gional de l'\u00e9conomie,  de  l'emploi,  du  travail et  des  solidarit\u00e9s  de  Provence-Alpes-C\u00f4te\nd'Azur, pour signer, pour le d\u00e9partement du Var, tous les actes relatifs : \n- \u00e0 l'agr\u00e9ment des organismes pour l'installation, la r\u00e9paration et le contr\u00f4le en service des\ninstruments de mesure en application du d\u00e9cret du 3 mai 2001 susvis\u00e9, ainsi que les d\u00e9cisions\npr\u00e9vues \u00e0 ses articles 36 et 41 , et des arr\u00eat\u00e9s minist\u00e9riels cat\u00e9goriels associ\u00e9s ;\n- \u00e0  l'approbation  des  syst\u00e8mes  d'assurance  de  la  qualit\u00e9  des  organismes  intervenant  en\nm\u00e9trologie l\u00e9gale  ;\n- au maintien des dispenses accord\u00e9es en application de l'article 62.3 de l'arr\u00eat\u00e9 minist\u00e9riel\ndu 31 d\u00e9cembre 2001 pris pour l'application du d\u00e9cret du 3 mai 2001 susvis\u00e9 ;\n- \u00e0 l'attribution, \u00e0 la suspension et au retrait des marques d'identification.\nARTICLE 2 :   Les correspondances adress\u00e9es en forme personnelle aux parlementaires, au\npr\u00e9sident du conseil r\u00e9gional, au pr\u00e9sident du conseil d\u00e9partemental du Var, ainsi que les\ncirculaires adress\u00e9es aux maires du d\u00e9partement sont r\u00e9serv\u00e9es \u00e0 la signature du pr\u00e9fet.\nARTICLE 3   : La d\u00e9l\u00e9gation de signature, conf\u00e9r\u00e9e par les articles 1 et 2 du pr\u00e9sent arr\u00eat\u00e9 \u00e0\nM. S\u00e9bastien DEBEAUMONT ,  sera exerc\u00e9e dans les conditions d\u00e9finies par la d\u00e9cision de\nsubd\u00e9l\u00e9gation de signature pris par ce dernier.\nARTICLE 4 :   Les d\u00e9l\u00e9gations de signature accord\u00e9es ant\u00e9rieurement dans le domaine de la\nm\u00e9trologie l\u00e9gale sont abrog\u00e9es \u00e0 compter du 1er octobre 2024.\nARTICLE  5  :  L'arr\u00eat\u00e9  n\u00b02023/67/MCI  du  21  ao\u00fbt  2023  portant  d\u00e9l\u00e9gation  de  signature  \u00e0\nM. Jean-Philippe BERLEMONT ,  directeur r\u00e9gional des entreprises, de la concurrence, de la\nconsommation, du travail et de l'emploi de la r\u00e9gion Provence-Alpes-C\u00f4te d'Azur , est abrog\u00e9\n\u00e0 compter du 1er octobre 2024. \n                                                                                                                                                                                                                             2/3Pr\u00e9fecture du VAR - 83-2024-10-03-00004 - ARR\u00caT\u00c9 PR\u00c9FECTORAL n\u00b0 2024/36/MCI du 3 octobre 2024\nportant d\u00e9l\u00e9gation de signature \u00e0 M. S\u00e9bastien DEBEAUMONT,\ndirecteur r\u00e9gional de l'\u00e9conomie, de l'emploi, du travail et des solidarit\u00e9s\nde Provence-Alpes-C\u00f4te d'Azur5\n                                                                                                                                                    \nARTICLE  6  :   Le  secr\u00e9taire  g\u00e9n\u00e9ral  de  la  pr\u00e9fecture  du  Var  et  le  directeur  r\u00e9gional  de\nl'\u00e9conomie, de l'emploi, du travail et des solidarit\u00e9s de Provence-Alpes-C\u00f4te d'Azur , sont\ncharg\u00e9s, chacun en ce qui le concerne, de l'application du pr\u00e9sent arr\u00eat\u00e9 qui sera publi\u00e9 au\nrecueil des actes administratifs de la pr\u00e9fecture du Var.\nFait \u00e0 Toulon, le 3 octobre 2024\nLe Pr\u00e9fet du Var,\nSign\u00e9\nPhilippe MAHE\n3/2Pr\u00e9fecture du VAR - 83-2024-10-03-00004 - ARR\u00caT\u00c9 PR\u00c9FECTORAL n\u00b0 2024/36/MCI du 3 octobre 2024\nportant d\u00e9l\u00e9gation de signature \u00e0 M. S\u00e9bastien DEBEAUMONT,\ndirecteur r\u00e9gional de l'\u00e9conomie, de l'emploi, du travail et des solidarit\u00e9s\nde Provence-Alpes-C\u00f4te d'Azur6","date":"2024-10-03","first_seen_on":"2024-10-03T15:21:26+00:00","id":"b1d04244aa816343091ad28b3725358c9d4ffb47579b715036979465fcebed54","name":"RAA N\u00b0275 du 3 octobre 2024","pdf_creation_date":"2024-10-03T14:20:51+00:00","pdf_modification_date":null,"timezone":"Europe/Paris","url":"https://www.var.gouv.fr/contenu/telechargement/36398/241206/file/RAA%20N%C2%B0275%20du%203%20octobre%202024%20%28Acte%20nominatif%29.pdf"}
