{"administration":"prefidf","administration_name":"Pr\u00e9fecture de la r\u00e9gion \u00cele-de-France","content":"PREFECTURE\nREGION ILE DE\nFRANCE\nRECUEIL DES ACTES\nADMINISTRATIFS SP\u00c9CIAL\nN\u00b0IDF-009-2026-01\nPUBLI\u00c9 LE  7 JANVIER 2026\nSommaire\nAgence R\u00e9gionale de Sant\u00e9 / Direction Veille et S\u00e9curit\u00e9 Sanitaires\nIDF-2025-12-30-00013 - D\u00e9cision n\u00b0 DVSS - QSPHARMBIO - 2025/162\nportant refus d'autorisation de la pharmacie \u00e0 usage int\u00e9rieur au sein de\nla clinique IECEP (Institut Europ\u00e9en de Chirurgie Esth\u00e9tique et Plastique\n(4 pages) Page 3\nDirection r\u00e9gionale et interd\u00e9partementale de l'environnement, de\nl'am\u00e9nagement et des transports d'\u00cele-de-France /\nIDF-2026-01-07-00002 - Arr\u00eat\u00e9 portant agr\u00e9ment  au centre de\nformation ALL FORMATIONS sis 4 rue de la Sabli\u00e8re 92230\nGENNEVILLIERS (3 pages) Page 8\nIDF-2026-01-07-00001 - Arr\u00eat\u00e9 portant agr\u00e9ment  au centre de\nformation Marchandises ALL FORMATIONS (3 pages) Page 12\n2\nAgence R\u00e9gionale de Sant\u00e9\nIDF-2025-12-30-00013\nD\u00e9cision n\u00b0 DVSS - QSPHARMBIO - 2025/162\nportant refus d'autorisation de la pharmacie \u00e0\nusage int\u00e9rieur au sein de la clinique IECEP\n(Institut Europ\u00e9en de Chirurgie Esth\u00e9tique et\nPlastique\nAgence R\u00e9gionale de Sant\u00e9 - IDF-2025-12-30-00013 - D\u00e9cision n\u00b0 DVSS - QSPHARMBIO - 2025/162 portant refus d'autorisation de la\npharmacie \u00e0 usage int\u00e9rieur au sein de la clinique IECEP (Institut Europ\u00e9en de Chirurgie Esth\u00e9tique et Plastique 3\nREPUBLIQUEFRANCAISELibert\u00e9Egalit\u00e9Fraternit\u00e9\n\u00a9 \u00bb Agence R\u00e9gionale de Sant\u00e9Ile-de-France\n \n \n1 / 4 \n \n \n \nAGENCE R\u00c9GIONALE DE SANTE \u00ceLE-DE-FRANCE \nD\u00c9CISION n\u00b0 DVSS - QSPHARMBIO - 2025 /162 \nportant refus d'autorisation de pharmacie \u00e0 usage int\u00e9rieur  \nau sein de de la Clinique IECEP (Institut Europ\u00e9en de Chirurgie Esth\u00e9tique et Plastique) \n \nLE DIRECTEUR G\u00c9N\u00c9RAL DE L'AGENCE R\u00c9GIONALE DE SANT\u00c9 \u00ceLE-DE-FRANCE \n \nVU le code de la sant\u00e9 publique  et notamment les articles L.5126 -1 \u00e0 L.5126 -11 ainsi que les \narticles R.5126-1 \u00e0 R.5126 -62 relatifs aux pharmacies \u00e0 usage int\u00e9rieur et les articles       \nL.6322-1 \u00e0 L.6322-3, R.6322-1 \u00e0 R6322-29 ; D.6322-30 \u00e0 D.6322-48 portant sur l'activit\u00e9 de \nchirurgie esth\u00e9tique ; \n  \nVU l'ordonnance n\u00b0 2016-1729 en date du 15 d\u00e9cembre 2016 relative aux pharmacies \u00e0 usage \nint\u00e9rieur prise en application de l'article 204 de la loi n\u00b0 2016-41 en date du 26 janvier 2016 de \nmodernisation de notre syst\u00e8me de sant\u00e9 en sa version modifi\u00e9e par l'ordonnance \nn\u00b0 2020- 1407 en date du 18 novembre 2020 relative aux missions des agences r\u00e9gionales de \nsant\u00e9 ; \nVU le d\u00e9cret n\u00b0 2019-489 en date du 21 mai 2019 modifi\u00e9 relatif aux pharmacies \u00e0 usage int\u00e9rieur \npris en application de l'ordonnance n\u00b02016-1729, notamment son article 4 ; \nVU  l'arr\u00eat\u00e9 en date du 22 juin 2001 relatif aux bonnes pratiques de pharmacie hospitali\u00e8re ; \nVU l'arr\u00eat\u00e9 du 8 septembre 2021 relatif au management de la qualit\u00e9 du circuit des dispositifs \nm\u00e9dicaux implantables dans les \u00e9tablissements de sant\u00e9 et les installations de chirurgie \nesth\u00e9tique ; \nVU Le r \u00e8glement d\u00e9l\u00e9gu\u00e9 (UE) 2016/161 de la commission du 2 octobre 2015 compl\u00e9tant la \ndirective 2001/83/CE du Parlement europ\u00e9en et du Conseil en fixant les modalit\u00e9s des \ndispositifs de s\u00e9curit\u00e9 figurant sur l'emballage des m\u00e9dicaments \u00e0 usage humain  ; \nVU la note d'information n\u00b0 DGS/PP2/DGOS/PF2/2018/27 du 8 f\u00e9vrier 2018 visant \u00e0 rappeler aux  \npharmacies d'officine et aux \u00e9tablissements de sant\u00e9 leurs obligations pr\u00e9vues par le r\u00e8glement \nd\u00e9l\u00e9gu\u00e9 (UE) 2016/161 de la Commission du 2 octobre 2015 en fixant les modalit\u00e9s des \ndispositifs de s\u00e9curit\u00e9, dans le cadre de la pr\u00e9vention de l'introduction d ans la cha\u00eene \nd'approvisionnement l\u00e9gale de m\u00e9dicaments falsifi\u00e9s (s\u00e9rialisation) ; \nVU  le d\u00e9cret en date du 10 avril 2024 portant nomination de  Monsieur Denis ROBIN, Direct eur \ng\u00e9n\u00e9ral de l'Agence r\u00e9gionale de sant\u00e9 \u00cele-de-France \u00e0 compter du 29 avril 2024 ;  \nVU l'arr\u00eat\u00e9 n\u00b0 DS 107/2024 en date du 27 juin 2024 portant d\u00e9l\u00e9gation de signature de \nMonsieur Denis ROBIN, Directeur g\u00e9n\u00e9ral de l'Agence r\u00e9gionale de sant\u00e9 Ile -de-France \u00e0 \nMadame Sophie MARTINON, Directrice g\u00e9n\u00e9rale adjointe de l'Agence r\u00e9gionale de sant\u00e9 Ile -\nde-France ; \nVU  l'arr\u00eat\u00e9 pr\u00e9fectoral en date du 20 novembre 1995 ayant autoris\u00e9 la cr\u00e9ation d'une pharmacie \u00e0 \nusage int\u00e9rieur sous le n\u00b0 H92-302 au sein de  l'Institut Europ\u00e9en de Chirurgie Esth\u00e9tique et \nPlastique sis 10 Rue Anna Jacquin - 92200 BOULOGNE BILLANCOURT ; \n \nAgence R\u00e9gionale de Sant\u00e9 - IDF-2025-12-30-00013 - D\u00e9cision n\u00b0 DVSS - QSPHARMBIO - 2025/162 portant refus d'autorisation de la\npharmacie \u00e0 usage int\u00e9rieur au sein de la clinique IECEP (Institut Europ\u00e9en de Chirurgie Esth\u00e9tique et Plastique 4\n \n2 / 4 \n \nVU  la demande d\u00e9pos\u00e9e le 3 octobre 2025 et compl\u00e9t\u00e9e le  17 octobre 202 5 par le g\u00e9rant de \nl'\u00e9tablissement, repr\u00e9sentant l\u00e9gal de la personne morale exploitant l'Institut Europ\u00e9en de \nChirurgie Esth\u00e9tique et Plastique, en vue du renouvellement, au titre de l'article 4 du d\u00e9cret n\u00b0 \n2019-489 en date du 21  mai 2019 modifi\u00e9 relatif aux pharmacies \u00e0 usage int\u00e9rieur, de \nl'autorisation de la pharmacie \u00e0 usage int\u00e9rieur concernant : \n- les missions g\u00e9n\u00e9rales ainsi que les actions de pharmacie clinique, telles que d\u00e9finies \n\u00e0 l'article L.5126 -1 du code de la sant\u00e9 publique, afin de r\u00e9pondre aux besoins \npharmaceutiques des personnes prises en charge ; \n- l'activit\u00e9 de pr\u00e9paration des dispositifs m\u00e9dicaux st\u00e9riles , telle que d\u00e9finie au 1 0\u00b0 de \nl'article R.5126-9 du m\u00eame code, par le proc\u00e9d\u00e9 \u00e0 la vapeur d'eau ; \nVU L'inspection de la pharmacie \u00e0 usage int\u00e9rieur de  l'Institut Europ\u00e9en de Chirurgie Esth\u00e9tique \net Plastique, r\u00e9alis\u00e9e le 5 novembre 2025 par le pharmacien inspecteur de sant\u00e9 publique ; \nVU  le rapport d'inspection en date du 18 novembre 2025 et sa conclusion d\u00e9finitive en date du 17 \nd\u00e9cembre 2025, \u00e9tablis par le pharmacien inspecteur de sant\u00e9 publique ;  \nVU Le courrier de l'agence r\u00e9gionale de sant\u00e9 \u00cele -de-France adress\u00e9 \u00e0 l'Institut Europ\u00e9en de \nChirurgie Esth\u00e9tique et Plastique le 20 novembre 2025, demandant la mise en place d'actions \ncorrectives en vue de faire cesser les infractions relev\u00e9es ; \nVU Le courrier de r\u00e9ponse de l'Institut Europ\u00e9en de Chirurgie Esth\u00e9tique et Plastique  re\u00e7u par \nl'agence r\u00e9gionale de sant\u00e9 \u00cele-de-France en date du 10 d\u00e9cembre 2025 ;  \nCONSIDERANT que la pharmacie \u00e0 usage int\u00e9rieur  de l'Institut Europ\u00e9en de Chirurgie Esth\u00e9tique et \nPlastique r\u00e9alise  l'activit\u00e9 de pr\u00e9paration des dispositifs m\u00e9dicaux st\u00e9riles par le \nproc\u00e9d\u00e9 \u00e0 la vapeur d'eau et qu'il s'agit d'une activit\u00e9 comportant des risques \nparticuliers au sens de l'article R.5126-33 du code de la sant\u00e9 publique ;  \nCONSIDERANT que l'Institut Europ\u00e9en de Chirurgie Esth\u00e9tique et Plastique n'a pas d\u00e9pos\u00e9 de \ndemande de renouvellement de l'autorisation de la pharmacie \u00e0 usage int\u00e9rieur avant \nle 31 d\u00e9cembre 2023, tel que pr\u00e9vu \u00e0 l'article 4 du d\u00e9cret n\u00b0 2019-489 en date du 21 \nmai 2019 mod ifi\u00e9 relatif aux pharmacies \u00e0 usage int\u00e9rieur pris en application de \nl'ordonnance n\u00b02016-1729 ; \nCONSIDERANT qu'en cons\u00e9quence, l'arr\u00eat\u00e9 pr\u00e9fectoral en date du 20 novembre 1995 ayant autoris\u00e9 \nla cr\u00e9ation d'une pharmacie \u00e0 usage int\u00e9rieur sous le n\u00b0 H92-302 au sein de l'Institut \nEurop\u00e9en de Chirurgie Esth\u00e9tique et Plastique, est caduque depuis le 1 er janvier \n2024 ; \nCONSIDERANT \n \nque la pharmacie \u00e0 usage int\u00e9rieur fonctionne avec un pharmacien pr\u00e9sent 8 heures \n25 minutes par mois alors que, conform\u00e9ment \u00e0 l'article R.5126 -39 du code de la \nsant\u00e9 publique, le temps de pr\u00e9sence du pharmacien charg\u00e9 de la g\u00e9rance d'une \npharmacie \u00e0 usag e int\u00e9rieur d'un \u00e9tablissement (sauf m\u00e9dico -social), ne peut \u00eatre \ninf\u00e9rieur \u00e0 l'\u00e9quivalent de 5 demi-journ\u00e9es par semaine, soit environ 76h par mois ; \n \nCONSIDERANT \n \nque la pharmacie \u00e0 usage int\u00e9rieur de l'\u00e9tablissement n'a pas  mis en \u0153uvre les \nop\u00e9rations de d\u00e9commissionnement des m\u00e9dicaments s\u00e9rialis\u00e9s visant \u00e0 lutter \ncontre la falsification des m\u00e9dicaments, alors que la mise en application \nop\u00e9rationnelle du r\u00e8glement d\u00e9l\u00e9gu\u00e9 (UE) 2016/161, est entr\u00e9e en vigueur depuis le \n9 f\u00e9vrier 2019 ; \n \nAgence R\u00e9gionale de Sant\u00e9 - IDF-2025-12-30-00013 - D\u00e9cision n\u00b0 DVSS - QSPHARMBIO - 2025/162 portant refus d'autorisation de la\npharmacie \u00e0 usage int\u00e9rieur au sein de la clinique IECEP (Institut Europ\u00e9en de Chirurgie Esth\u00e9tique et Plastique 5\n \n3 / 4 \n \nCONSIDERANT \n \nque la pharmacie \u00e0 usage int\u00e9rieur de l'\u00e9tablissement n'assure pas la gestion des \nm\u00e9dicaments class\u00e9s comme stup\u00e9fiants conform\u00e9ment \u00e0 l'article R.5132 -36 du \ncode de la sant\u00e9 publique  et \u00e0 l'a rr\u00eat\u00e9 du 12 mars 2013 relatif aux substances, \npr\u00e9parations, m\u00e9dicaments class\u00e9s comme stup\u00e9fiants ou soumis \u00e0 la \nr\u00e9glementation des stup\u00e9fiants dans les \u00e9tablissements de sant\u00e9  (absence de \ntra\u00e7abilit\u00e9 et d'enregistrement des entr\u00e9es/sorties, balance mensuelle et inventaire \nannuel) ; \n \nCONSIDERANT \n \nque la pharmacie \u00e0 usage int\u00e9rieur de  l'\u00e9tablissement n'a pas mis en \u0153uvre \nl'ensemble des dispositions de l'arr\u00eat\u00e9 du 8 septembre 2021 relatif au management \nde la qualit\u00e9 du circuit des dispositifs m\u00e9dicaux implantables dans les \u00e9tablissements \nde sant\u00e9 et les installations de chirurgie esth\u00e9tique et en particulier : \n- l'absence de r\u00e9alisation d' \u00e9tude des risques sp\u00e9cifiques encourus par les \npatients, li\u00e9e \u00e0 l'utilisation des dispositifs m\u00e9dicaux implantables ; \n- l'absence de mise en place d'une gestion des \u00e9v\u00e8nements ind\u00e9sirables li\u00e9s \n\u00e0 l'utilisation de dispositifs m\u00e9dicaux implantables ; \nce qui ne permet pas de garantir que l'utilisation des dispositifs m\u00e9dicaux \nimplantables est maitris\u00e9e ; \nCONSIDERANT que les graves manquements constat\u00e9s dans la r\u00e9alisation de l'activit\u00e9 de pr\u00e9paration \ndes dispositifs m\u00e9dicaux st\u00e9riles, pr\u00e9sentent des risques majeurs d'alt\u00e9rer la qualit\u00e9 \nde la prise en charge chirurgicale et la s\u00e9curit\u00e9 des patients, en particulier  : \n- l'absence de formation des op\u00e9rateurs en charge de la pr\u00e9paration des \ndispositifs m\u00e9dicaux st\u00e9riles ; \n- l'absence de v\u00e9rification des caract\u00e9ristiques physico -chimiques et \nmicrobiologiques de l'eau utilis\u00e9e en st\u00e9rilisation ; \n- l'absence de gestion des \u00e9v\u00e9nements ind\u00e9sirables et des non -conformit\u00e9s \nsurvenues lors des contr\u00f4les p\u00e9riodiques des \u00e9quipements, fluides et locaux, \nce qui ne permet pas d'\u00e9viter leur reproduction ; \nCONSIDERANT que, les locaux de l'unit\u00e9 de pr\u00e9paration des dispositifs m\u00e9dicaux pr\u00e9sentent de \ngraves manquements aux bonnes pratiques de pharmacie hospitali\u00e8re, ce qui \nentraine de forts risques de contamination des dispositifs m\u00e9dicaux, en particulier au \nniveau de la salle de conditionnement des dispositifs m\u00e9dicaux : \n- absence de conformit\u00e9 des murs, sols et mobiliers ; \n- absence de surpression ne permettant pas de garantir le maintien de la \nclasse de propret\u00e9 d'air (classe D) ; \n- absence de contr\u00f4le microbiologique de l'air ; \nCONSIDERANT que l'\u00e9tablissement n'a pas d\u00e9fini un syst\u00e8me complet permettant d'assurer la qualit\u00e9 \nde la st\u00e9rilisation des dispositifs m\u00e9dicaux dans le respect des bonnes pratiques de \npharmacie hospitali\u00e8re et des normes techniques arr\u00eat\u00e9es par le ministre charg\u00e9 de \nla sant\u00e9 (notamment absence de contr\u00f4le p\u00e9riodique des \u00e9quipements sensibles et \nsyst\u00e8me documentaire incomplet voire obsol\u00e8te), ce qui contrevient \u00e0 l'article R.6111-\n21 du code de la sant\u00e9 publique ; \nCONSIDERANT que, tenant compte des conditions de r\u00e9alisation de l'activit\u00e9 de pr\u00e9paration des \ndispositifs m\u00e9dicaux st\u00e9riles, il n'est pas possible d'exclure la survenue d'un risque \ninfectieux imputable aux dispositifs m\u00e9dicaux st\u00e9rilis\u00e9s ; \nAgence R\u00e9gionale de Sant\u00e9 - IDF-2025-12-30-00013 - D\u00e9cision n\u00b0 DVSS - QSPHARMBIO - 2025/162 portant refus d'autorisation de la\npharmacie \u00e0 usage int\u00e9rieur au sein de la clinique IECEP (Institut Europ\u00e9en de Chirurgie Esth\u00e9tique et Plastique 6\n \n4 / 4 \n \nCONSIDERANT que la pharmacie \u00e0 usage int\u00e9rieur ne dispose, ni de locaux, ni de moyens en \npersonnel, ni de moyens en \u00e9quipement suffisants pour exercer les missions \nsollicit\u00e9es et l'activit\u00e9 de pr\u00e9paration des dispositifs m\u00e9dicaux st\u00e9riles, ce qui \nconstitue une infraction \u00e0 l'article R.5126-8 du code de la sant\u00e9 publique ; \nCONSIDERANT que, au titre de l'article L.4223 -1 du code de la sant\u00e9 publique, l e fait de se livrer \u00e0 \ndes op\u00e9rations r\u00e9serv\u00e9es aux pharmaciens , sans disposer de l'autorisation pr\u00e9vue \nau I de l'article L.5126-4 et au II de l'article R.5126-28 du code de la sant\u00e9 publique, \nconstitue un exercice ill\u00e9gal de la profession de pharmacien. \n \nDECIDE  \n \nARTICLE 1 La demande d'autorisation d'exercer les missions pr\u00e9vues \u00e0 l'article L.5126-1 du code \nde la sant\u00e9 publique et l'activit\u00e9 de pr\u00e9paration des dispositifs m\u00e9dicaux st\u00e9riles selon \nle proc\u00e9d\u00e9 \u00e0 la vapeur d'eau pr\u00e9vue au 10\u00b0 de l'article R.5126-9 du m\u00eame code, par la \npharmacie \u00e0 usage int\u00e9rieur de la Clinique IECEP sise 10 Rue Anna Jacquin, \nBOULOGNE BILLANCOURT (92200) (n\u00b0 FINESS EJ :  920000692 - n\u00b0 FINESS ET \n920003670), est refus\u00e9e. \nARTICLE 2 L'Institut Europ\u00e9en de Chirurgie Esth\u00e9tique et Plastique cessera toute activit\u00e9 \npharmaceutique, y compris l'activit\u00e9 de pr\u00e9paration des dispositifs m\u00e9dicaux st\u00e9riles,  \ndans un d\u00e9lai de 30 jours, \u00e0 compter de la r\u00e9ception de la pr\u00e9sente d\u00e9cision , afin de \npouvoir prendre toutes les dispositions n\u00e9cessaires pour assurer la continuit\u00e9 de la \nprise en charge m\u00e9dicamenteuse et chirurgicale des patients. \nL'institut a la possibilit\u00e9 de s'approvisionner en m\u00e9dicaments aupr\u00e8s d'une officine et \nde faire sous-traiter son activit\u00e9 de st\u00e9rilisation des dispositifs m\u00e9dicaux aupr\u00e8s d'une \nsoci\u00e9t\u00e9 industrielle \nARTICLE 3 Le pr\u00e9sent arr\u00eat\u00e9 peut \u00eatre contest\u00e9 par voie de recours gracieux aupr\u00e8s du directeur \ng\u00e9n\u00e9ral de l'Agence r\u00e9gionale de sant\u00e9 Ile-de-France, par voie de recours hi\u00e9rarchique \naupr\u00e8s du ministre charg\u00e9 de la sant\u00e9 et par voie de recours contentieux devant le \ntribunal administratif comp\u00e9tent. Le d\u00e9lai de recours est de deux mois \u00e0 compter de la \nnotification de la d\u00e9cision pour les int\u00e9ress\u00e9s ou de sa publication pour les tiers. Cette \njuridiction peut notamment \u00eatre saisie via une requ\u00eate remise ou envoy\u00e9e au greffe du \nTribunal administratif ou aussi par l'application \u00ab T\u00e9l\u00e9recours \u00bb accessible \u00e0 partir du \nsite www.telerecours.fr. \nARTICLE 4 Les Directeurs de l'Agence r\u00e9gionale de sant\u00e9 \u00cele-de-France sont charg\u00e9s, chacun en \nce qui les concerne, de l'ex\u00e9cution de la pr\u00e9sente d\u00e9cision, qui sera publi\u00e9e au recueil \ndes actes administratifs de la Pr\u00e9fecture de r\u00e9gion \u00cele-de-France. \nFait \u00e0 Saint-Denis, le 30 d\u00e9cembre 2025 \n \nLe Directeur g\u00e9n\u00e9ral \nde l'Agence r\u00e9gionale de sant\u00e9  \n\u00cele-de-France \n \nSIGNE \n \nDenis ROBIN \nAgence R\u00e9gionale de Sant\u00e9 - IDF-2025-12-30-00013 - D\u00e9cision n\u00b0 DVSS - QSPHARMBIO - 2025/162 portant refus d'autorisation de la\npharmacie \u00e0 usage int\u00e9rieur au sein de la clinique IECEP (Institut Europ\u00e9en de Chirurgie Esth\u00e9tique et Plastique 7\nDirection r\u00e9gionale et interd\u00e9partementale de\nl'environnement, de l'am\u00e9nagement et des\ntransports d'\u00cele-de-France\nIDF-2026-01-07-00002\nArr\u00eat\u00e9 portant agr\u00e9ment  au centre de\nformation ALL FORMATIONS sis 4 rue de la\nSabli\u00e8re 92230 GENNEVILLIERS\nDirection r\u00e9gionale et interd\u00e9partementale de l'environnement, de l'am\u00e9nagement et des transports d'\u00cele-de-France -\nIDF-2026-01-07-00002 - Arr\u00eat\u00e9 portant agr\u00e9ment  au centre de formation ALL FORMATIONS sis 4 rue de la Sabli\u00e8re 92230\nGENNEVILLIERS\n8\n|PREFET |DE LA REGIOND'\u00ceLE-DE-FRANCELibert\u00e9Egalit\u00e9Fraternit\u00e9\nDirection r\u00e9gionale et interd\u00e9partementale\nde l'environnement, de l'am\u00e9nagement\net des transports d'\u00cele-de-France\nARR\u00caT\u00c9 DRIEAT-IdF n\u00b0 \nLE PR\u00c9FET DE LA R\u00c9GION D'\u00ceLE-DE-FRANCE,\nPR\u00c9FET DE PARIS\nVu la Directive du Parlement europ\u00e9en et du Conseil du 15 juillet 2003 relative \u00e0 la qualification initiale et\n\u00e0  la  formation  continue  des  conducteurs  de  certains  v\u00e9hicules  routiers  affect\u00e9s  aux  transports  de\nmarchandises et de voyageurs ;\nVu le code des transports\u00a0;\nVu l'arr\u00eat\u00e9 du 03  janvier 2008  modifi\u00e9 relatif \u00e0 l'agr\u00e9ment des centres de formation professionnelle\nhabilit\u00e9s  \u00e0  dispenser  la  formation  professionnelle  initiale et  continue  des  conducteurs  du  transport\nroutier de marchandises et de voyageurs ;\nVu l'arr\u00eat\u00e9 du 03 janvier 2008 modifi\u00e9 relatif au programme et aux modalit\u00e9s de mise en \u0153uvre de la\nformation professionnelle initiale et continue des conducteurs du transport routier de marchandises et\nde voyageurs\u00a0;\nVu  l'arr\u00eat\u00e9  IdF-2026-01-05-00003  du  5  janvier  2026  portant  d\u00e9l\u00e9gation  de  signature  \u00e0  Madame\nEmmanuelle GAY, directrice r\u00e9gionale et interd\u00e9partementale de l'environnement, de l'am\u00e9nagement et\ndes transports d'\u00cele-de-France en mati\u00e8re administrative\u00a0;\nVu  la  d\u00e9cision  DRIEAT-IdF  n\u00b0  2026-01-05-00011  du  5  janvier  2026  de  la  directrice  r\u00e9gionale  et\ninterd\u00e9partementale de l'environnement, de l'am\u00e9nagement et des transports  d'\u00cele-de-France portant\nsubd\u00e9l\u00e9gation de signature en mati\u00e8re administrative pour le compte du Pr\u00e9fet de la r\u00e9gion d'\u00cele-de-\nFrance\u00a0; \nVu la d\u00e9cision DRIEAT-IdF n\u00b02025-0590 relative \u00e0 l'agr\u00e9ment initial en transport routier de voyageurs,\naccord\u00e9e le 7 juillet 2025 au centre de formation ALL FORMATIONS\u00a0;\nConsid\u00e9rant la demande de renouvellement de l'agr\u00e9ment relatif \u00e0 la d\u00e9cision sus-vis\u00e9e, pr\u00e9sent\u00e9e par le\ncentre de formation ALL FORMATIONS en date du 15 d\u00e9cembre 2025\u00a0;\nConsid\u00e9rant que le centre de formation ALL FORMATIONS r\u00e9pond aux crit\u00e8res de l'arr\u00eat\u00e9 du 03 janvier\n2008  modifi\u00e9  relatif  \u00e0  l'agr\u00e9ment  des  centres  de  formation  professionnelle  habilit\u00e9s  \u00e0  dispenser  la\nformation professionnelle initiale et continue des conducteurs du transport routier de marchandises et\nde voyageurs\u00a0;\n      \n      \nSSTV/DRTR/DG/UE \n21/23 rue Miollis\u2013 75015 Paris\nStandard\u00a0:  01 40 61 80 80\nwww.drieat.ile-de-france.developpement-durable.gouv.fr 1/3\nDirection r\u00e9gionale et interd\u00e9partementale de l'environnement, de l'am\u00e9nagement et des transports d'\u00cele-de-France -\nIDF-2026-01-07-00002 - Arr\u00eat\u00e9 portant agr\u00e9ment  au centre de formation ALL FORMATIONS sis 4 rue de la Sabli\u00e8re 92230\nGENNEVILLIERS\n9\nARR\u00caTE\nArticle 1\nL'agr\u00e9ment pr\u00e9vu par l'arr\u00eat\u00e9 du 03 janvier 2008 modifi\u00e9 sus-cit\u00e9 est accord\u00e9 au centre de formation\nALL FORMATIONS sis 4 rue de la Sabli\u00e8re 92230 GENNEVILLIERS , immatricul\u00e9 au RCS sous le num\u00e9ro\nSIRET 910 549 146 00017 pour assurer les formations obligatoires d\u00e9finies par les textes sus-cit\u00e9s, aux\nconducteurs du transport routier de voyageurs FIMO-FCO et compl\u00e9mentaires dites passerelles pour\nune p\u00e9riode de 5 ans \u00e0 compter de la date de signature du pr\u00e9sent arr\u00eat\u00e9.\nArticle 2 \nLe responsable du centre de formation s'engage \u00e0 respecter les programmes et les modalit\u00e9s de mise\nen \u0153uvre de la formation, fix\u00e9s par l'arr\u00eat\u00e9 du 03 janvier 2008 modifi\u00e9 relatif au programme et aux\nmodalit\u00e9s de mise en \u0153uvre de la formation professionnelle initiale et continue des conducteurs du\ntransport routier de marchandises et de voyageurs.\nArticle   3  \nLe centre agr\u00e9\u00e9 s'engage \u00e0 mettre en place une organisation mat\u00e9rielle et p\u00e9dagogique adapt\u00e9e aux\nformations  dispens\u00e9es  et  d'informer,  dans  les  plus  brefs  d\u00e9lais,  la  direction  r\u00e9gionale  et\ninterd\u00e9partementale de l'environnement,  de  l'am\u00e9nagement  et  des  transports  d'\u00cele-de-France  de\ntoutes modifications affectant ses moyens humains et mat\u00e9riels.\nArticle    4  \nLe responsable du centre agr\u00e9\u00e9 par le pr\u00e9sent arr\u00eat\u00e9 s'engage \u00e0 pr\u00e9senter au Pr\u00e9fet de la r\u00e9gion\nd'\u00cele-de-France (direction r\u00e9gionale et interd\u00e9partementale de l'environnement, de l'am\u00e9nagement et\ndes transports d'\u00cele-de-France) les pr\u00e9visions trimestrielles ainsi que les bilans trimestriels et annuels\ndes formations r\u00e9alis\u00e9es.\nArticle   5  \nLe responsable du centre agr\u00e9\u00e9 s'engage \u00e0 faire suivre aux formateurs et aux moniteurs d'entreprise,\ns'il y a lieu, les formations leur permettant de maintenir et d'actualiser leurs connaissances dans les\ndomaines dans lesquels ils assurent les formations professionnelles des conducteurs du transport\nroutier de voyageurs.\nArticle    6  \nLe responsable du centre agr\u00e9\u00e9 s'engage \u00e0 s'assurer que les organismes de formation agr\u00e9\u00e9s auxquels\nil  a  confi\u00e9  par  contrat  ou  convention  la  r\u00e9alisation  d'une  partie  des  formations  obligatoires  de\nconducteur routier respectent les dispositions du cahier des charges ainsi que le programme des\nformations obligatoires de conducteur routier et \u00e0 communiquer chaque ann\u00e9e au Pr\u00e9fet de la r\u00e9gion\nd'\u00cele-de-France (direction r\u00e9gionale et interd\u00e9partementale de l'environnement, de l'am\u00e9nagement et\ndes transports d'\u00cele-de-France), les nouveaux contrats ou conventions conclus dans l'ann\u00e9e \u00e9coul\u00e9e\nainsi que les modifications intervenues dans les contrats pr\u00e9c\u00e9dents durant cette m\u00eame p\u00e9riode.\nArticle   7  \nLe centre de formation agr\u00e9\u00e9 s'engage \u00e0 r\u00e9aliser lui-m\u00eame dans tous les cas, y compris lorsqu'une\npartie des formations obligatoires a \u00e9t\u00e9 confi\u00e9e \u00e0 un autre organisme de formation agr\u00e9\u00e9, l'accueil\ndes stagiaires en formation, la v\u00e9rification de permis de conduire, titres ou attestations requises et \u00e0\nassurer l'\u00e9valuation finale de ces formations.\n2/3\nDirection r\u00e9gionale et interd\u00e9partementale de l'environnement, de l'am\u00e9nagement et des transports d'\u00cele-de-France -\nIDF-2026-01-07-00002 - Arr\u00eat\u00e9 portant agr\u00e9ment  au centre de formation ALL FORMATIONS sis 4 rue de la Sabli\u00e8re 92230\nGENNEVILLIERS\n10\nArticle   8  \nTout manquement au respect des exigences du cahier des charges est susceptible d'entra\u00eener la \nsuspension, voire le retrait de l'agr\u00e9ment.\nL'agr\u00e9ment peut \u00eatre retir\u00e9 au centre de formation par d\u00e9cision du Pr\u00e9fet de la r\u00e9gion d'\u00cele-de-France.\nArticle    9  \nLa port\u00e9e g\u00e9ographique de l'agr\u00e9ment est r\u00e9gionale.\nArticle   10  \nLa  directrice  r\u00e9gionale  et  interd\u00e9partementale  de  l'environnement,  de  l'am\u00e9nagement  et  des\ntransports d'\u00cele-de-France, est charg\u00e9e de l'ex\u00e9cution du pr\u00e9sent arr\u00eat\u00e9.\n\u00c0 Paris, le 07/01/26\nPour le Pr\u00e9fet et par subd\u00e9l\u00e9gation,\nLe chef du D\u00e9partement R\u00e9gulation des Transports Routiers\n                                 SIGNE\n   Ronan MEAR\n3/3\nDirection r\u00e9gionale et interd\u00e9partementale de l'environnement, de l'am\u00e9nagement et des transports d'\u00cele-de-France -\nIDF-2026-01-07-00002 - Arr\u00eat\u00e9 portant agr\u00e9ment  au centre de formation ALL FORMATIONS sis 4 rue de la Sabli\u00e8re 92230\nGENNEVILLIERS\n11\nDirection r\u00e9gionale et interd\u00e9partementale de\nl'environnement, de l'am\u00e9nagement et des\ntransports d'\u00cele-de-France\nIDF-2026-01-07-00001\nArr\u00eat\u00e9 portant agr\u00e9ment  au centre de\nformation Marchandises ALL FORMATIONS\nDirection r\u00e9gionale et interd\u00e9partementale de l'environnement, de l'am\u00e9nagement et des transports d'\u00cele-de-France -\nIDF-2026-01-07-00001 - Arr\u00eat\u00e9 portant agr\u00e9ment  au centre de formation Marchandises ALL FORMATIONS 12\n|PREFET |DE LA REGIOND'\u00ceLE-DE-FRANCELibert\u00e9Egalit\u00e9Fraternit\u00e9\nDirection r\u00e9gionale et interd\u00e9partementale\nde l'environnement, de l'am\u00e9nagement\net des transports d'\u00cele-de-France\nARR\u00caT\u00c9 DRIEAT-IdF n\u00b0 \nLE PR\u00c9FET DE LA R\u00c9GION D'\u00ceLE-DE-FRANCE,\nPR\u00c9FET DE PARIS\nVu la Directive du Parlement europ\u00e9en et du Conseil du 15 juillet 2003 relative \u00e0 la qualification initiale et\n\u00e0  la  formation  continue  des  conducteurs  de  certains  v\u00e9hicules  routiers  affect\u00e9s  aux  transports  de\nmarchandises et de voyageurs ;\nVu le code des transports\u00a0;\nVu l'arr\u00eat\u00e9 du 03  janvier 2008  modifi\u00e9 relatif \u00e0 l'agr\u00e9ment des centres de formation professionnelle\nhabilit\u00e9s  \u00e0  dispenser  la  formation  professionnelle  initiale et  continue  des  conducteurs  du  transport\nroutier de marchandises et de voyageurs ;\nVu l'arr\u00eat\u00e9 du 03 janvier 2008 modifi\u00e9 relatif au programme et aux modalit\u00e9s de mise en \u0153uvre de la\nformation professionnelle initiale et continue des conducteurs du transport routier de marchandises et\nde voyageurs\u00a0;\nVu  l'arr\u00eat\u00e9  IdF-2026-01-05-00003  du  5  janvier  2026  portant  d\u00e9l\u00e9gation  de  signature  \u00e0  Madame\nEmmanuelle GAY, directrice r\u00e9gionale et interd\u00e9partementale de l'environnement, de l'am\u00e9nagement et\ndes transports d'\u00cele-de-France en mati\u00e8re administrative\u00a0;\nVu  la  d\u00e9cision  DRIEAT-IdF  n\u00b0  2026-01-05-00011  du  5  janvier  2026  de  la  directrice  r\u00e9gionale  et\ninterd\u00e9partementale de l'environnement, de l'am\u00e9nagement et des transports  d'\u00cele-de-France portant\nsubd\u00e9l\u00e9gation de signature en mati\u00e8re administrative pour le compte du Pr\u00e9fet de la r\u00e9gion d'\u00cele-de-\nFrance\u00a0; \nVu la d\u00e9cision DRIEAT-IdF n\u00b02025-0589 relative \u00e0 l'agr\u00e9ment initial en transport routier de marchandises,\naccord\u00e9e le 7 juillet 2025 au centre de formation ALL FORMATIONS\u00a0;\nConsid\u00e9rant la demande de renouvellement de l'agr\u00e9ment relatif \u00e0 la d\u00e9cision sus-vis\u00e9e, pr\u00e9sent\u00e9e par le\ncentre de formation ALL FORMATIONS en date du 15 d\u00e9cembre 2025\u00a0;\nConsid\u00e9rant que le centre de formation ALL FORMATIONS r\u00e9pond aux crit\u00e8res de l'arr\u00eat\u00e9 du 03 janvier\n2008  modifi\u00e9  relatif  \u00e0  l'agr\u00e9ment  des  centres  de  formation  professionnelle  habilit\u00e9s  \u00e0  dispenser  la\nformation professionnelle initiale et continue des conducteurs du transport routier de marchandises et\nde voyageurs\u00a0;\nSSTV/DRTR/DG/UE \n21/23 rue Miollis\u2013 75015 Paris\nStandard\u00a0:  01 40 61 80 80\nwww.drieat.ile-de-france.developpement-durable.gouv.fr 1/3\nDirection r\u00e9gionale et interd\u00e9partementale de l'environnement, de l'am\u00e9nagement et des transports d'\u00cele-de-France -\nIDF-2026-01-07-00001 - Arr\u00eat\u00e9 portant agr\u00e9ment  au centre de formation Marchandises ALL FORMATIONS 13\nARR\u00caTE\nArticle 1\nL'agr\u00e9ment pr\u00e9vu par l'arr\u00eat\u00e9 du 03 janvier 2008 modifi\u00e9 sus-cit\u00e9 est accord\u00e9 au centre de formation\nALL FORMATIONS sis 4 rue de la Sabli\u00e8re 92230 GENNEVILLIERS , immatricul\u00e9 au RCS sous le num\u00e9ro\nSIRET 910 549 146 00017  pour assurer les formations obligatoires d\u00e9finies par les textes sus-cit\u00e9s, aux\nconducteurs du transport routier de marchandises FIMO-FCO et compl\u00e9mentaires dites passerelles\npour une p\u00e9riode de 5 ans \u00e0 compter de la date de signature du pr\u00e9sent arr\u00eat\u00e9.\nArticle 2 \nLe responsable du centre de formation s'engage \u00e0 respecter les programmes et les modalit\u00e9s de mise\nen \u0153uvre de la formation, fix\u00e9s par l'arr\u00eat\u00e9 du 03 janvier 2008 modifi\u00e9 relatif au programme et aux\nmodalit\u00e9s de mise en \u0153uvre de la formation professionnelle initiale et continue des conducteurs du\ntransport routier de marchandises et de voyageurs.\nArticle   3  \nLe centre agr\u00e9\u00e9 s'engage \u00e0 mettre en place une organisation mat\u00e9rielle et p\u00e9dagogique adapt\u00e9e aux\nformations  dispens\u00e9es  et  d'informer,  dans  les  plus  brefs  d\u00e9lais,  la  direction  r\u00e9gionale  et\ninterd\u00e9partementale de l'environnement,  de  l'am\u00e9nagement  et  des  transports  d'\u00cele-de-France  de\ntoutes modifications affectant ses moyens humains et mat\u00e9riels.\nArticle    4  \nLe responsable du centre agr\u00e9\u00e9 par le pr\u00e9sent arr\u00eat\u00e9 s'engage \u00e0 pr\u00e9senter au Pr\u00e9fet de la r\u00e9gion\nd'\u00cele-de-France (direction r\u00e9gionale et interd\u00e9partementale de l'environnement, de l'am\u00e9nagement et\ndes transports d'\u00cele-de-France) les pr\u00e9visions trimestrielles ainsi que les bilans trimestriels et annuels\ndes formations r\u00e9alis\u00e9es.\nArticle   5  \nLe responsable du centre agr\u00e9\u00e9 s'engage \u00e0 faire suivre aux formateurs et aux moniteurs d'entreprise,\ns'il y a lieu, les formations leur permettant de maintenir et d'actualiser leurs connaissances dans les\ndomaines dans lesquels ils assurent les formations professionnelles des conducteurs du transport\nroutier de marchandises.\nArticle    6  \nLe responsable du centre agr\u00e9\u00e9 s'engage \u00e0 s'assurer que les organismes de formation agr\u00e9\u00e9s auxquels\nil  a  confi\u00e9  par  contrat  ou  convention  la  r\u00e9alisation  d'une  partie  des  formations  obligatoires  de\nconducteur routier respectent les dispositions du cahier des charges ainsi que le programme des\nformations obligatoires de conducteur routier et \u00e0 communiquer chaque ann\u00e9e au Pr\u00e9fet de la r\u00e9gion\nd'\u00cele-de-France (direction r\u00e9gionale et interd\u00e9partementale de l'environnement, de l'am\u00e9nagement et\ndes transports d'\u00cele-de-France), les nouveaux contrats ou conventions conclus dans l'ann\u00e9e \u00e9coul\u00e9e\nainsi que les modifications intervenues dans les contrats pr\u00e9c\u00e9dents durant cette m\u00eame p\u00e9riode.\n2/3\nDirection r\u00e9gionale et interd\u00e9partementale de l'environnement, de l'am\u00e9nagement et des transports d'\u00cele-de-France -\nIDF-2026-01-07-00001 - Arr\u00eat\u00e9 portant agr\u00e9ment  au centre de formation Marchandises ALL FORMATIONS 14\nArticle   7  \nLe centre de formation agr\u00e9\u00e9 s'engage \u00e0 r\u00e9aliser lui-m\u00eame dans tous les cas, y compris lorsqu'une\npartie des formations obligatoires a \u00e9t\u00e9 confi\u00e9e \u00e0 un autre organisme de formation agr\u00e9\u00e9, l'accueil\ndes stagiaires en formation, la v\u00e9rification de permis de conduire, titres ou attestations requises et \u00e0\nassurer l'\u00e9valuation finale de ces formations.\nArticle   8  \nTout manquement au respect des exigences du cahier des charges est susceptible d'entra\u00eener la\nsuspension, voire le retrait de l'agr\u00e9ment.\nL'agr\u00e9ment peut \u00eatre retir\u00e9 au centre de formation par d\u00e9cision du Pr\u00e9fet de la r\u00e9gion d'\u00cele-de-France.\nArticle    9  \nLa port\u00e9e g\u00e9ographique de l'agr\u00e9ment est r\u00e9gionale.\nArticle   10  \nLa  directrice  r\u00e9gionale  et  interd\u00e9partementale  de  l'environnement,  de  l'am\u00e9nagement  et  des\ntransports d'\u00cele-de-France, est charg\u00e9e de l'ex\u00e9cution du pr\u00e9sent arr\u00eat\u00e9.\n\u00c0 Paris, le 07/01/26\n        Pour le Pr\u00e9fet et par subd\u00e9l\u00e9gation,\nLe chef du d\u00e9partement r\u00e9gulation des transports routiers\n                                      SIGNE\n     \n                                                 Ronan MEAR\n3/3\nDirection r\u00e9gionale et interd\u00e9partementale de l'environnement, de l'am\u00e9nagement et des transports d'\u00cele-de-France -\nIDF-2026-01-07-00001 - Arr\u00eat\u00e9 portant agr\u00e9ment  au centre de formation Marchandises ALL FORMATIONS 15","date":"2026-01-07","first_seen_on":"2026-01-07T18:11:25+00:00","id":"b1e1cb63ca4a000e30d0bba8dd69ac3be5d555876c940b9a670dc81b7ee637ef","name":"recueil-idf-009-2026-01-recueil-des-actes-administratifs-special  du 07.01.2026","pdf_creation_date":"2026-01-07T16:18:27+00:00","pdf_modification_date":null,"timezone":"Europe/Paris","url":"https://www.prefectures-regions.gouv.fr/ile-de-france/irecontenu/telechargement/134384/984627/file/recueil-idf-009-2026-01-recueil-des-actes-administratifs-special%20%20du%2007.01.2026.pdf"}
