{"administration":"pref21","administration_name":"Pr\u00e9fecture de C\u00f4te-d\u2019Or","content":"PR\u00c9FET\nDE LA C\u00d4TE-D'OR\nRECUEIL DES ACTES\nADMINISTRATIFS SP\u00c9CIAL\nN\u00b021-2024-032\nPUBLI\u00c9 LE 22 F\u00c9VRIER 2024\nSommaire\nDirection d\u00e9partementale de l'emploi, du travail et des solidarit\u00e9s de\nC\u00f4te-d'Or /\n21-2024-02-16-00005 - R\u00e9c\u00e9piss\u00e9 D\u00e9claration SAP/891614117\nPLASTRE\nDylan (2 pages) Page 4\n21-2024-02-14-00003 - R\u00e9c\u00e9piss\u00e9 D\u00e9claration SAP/983566696\nJDR AIDE A\nDOMICILE - RASOLOSON Damien (2 pages) Page 7\n21-2024-02-16-00006 - R\u00e9c\u00e9piss\u00e9 D\u00e9claration SAP/984176875 \nMARX Laura\n(2 pages) Page 10\nDirection d\u00e9partementale de l'emploi, du travail et des solidarit\u00e9s de\nC\u00f4te-d'Or / Service renseignements en droit du travail\n21-2024-02-19-00001 - ARRETE AGREMENT SCOP SOCIETE ATELIER\nCORREIA ARCHITECTES (2 pages) Page 13\n21-2024-02-19-00002 - ARRETE AGREMENT SCOP SOCIETE CONIXYS (2\npages) Page 16\nDirection d\u00e9partementale des territoires de la C\u00f4te-d'Or / Cellule \u00c9ducation\nrouti\u00e8re\n21-2024-02-20-00004 - Arr\u00eat\u00e9 pr\u00e9fectoral n\u00b0 393\nAbrogeant l\u25a1arr\u00eat\u00e9\npr\u00e9fectoral n\u00b0 772 du 29 juin 2020 autorisant Monsieur Jonathan F\u00c9VRIER,\nen qualit\u00e9 de repr\u00e9sentant l\u00e9gal, \u00e0 exploiter un \u00e9tablissement\nd\u25a1enseignement de la conduite des v\u00e9hicules \u00e0 moteur et de la s\u00e9curit\u00e9\nrouti\u00e8re,\nsous le n\u00b0 E 16 021 0005 0\nd\u00e9nomm\u00e9 \u00ab\u00a0Auto-\u00c9cole des\nChil\u00e8nes\u00bb  - situ\u00e9 2, rue Georges Guynemer\n21200 BEAUNE (2 pages) Page 19\n21-2024-02-20-00005 - Arr\u00eat\u00e9 pr\u00e9fectoral n\u00b0 395\nAbrogeant l\u25a1arr\u00eat\u00e9\npr\u00e9fectoral n\u00b0 177 du 3 mars 2021 autorisant Monsieur Yvon LAGUT, en\nqualit\u00e9 de repr\u00e9sentant l\u00e9gal, \u00e0 exploiter un \u00e9tablissement d\u25a1enseignement\nde la conduite des v\u00e9hicules \u00e0 moteur et de la s\u00e9curit\u00e9 routi\u00e8re,\nsous le n\u00b0\nE 06 021 0434 0\nd\u00e9nomm\u00e9 \u00ab\u00a0Auto-\u00c9cole PERFORMANCE\u00bb  \nsitu\u00e9 5, rue\ndu Colonel Redoutey  - 21130 AUXONNE (2 pages) Page 22\n21-2024-02-20-00006 - Arr\u00eat\u00e9 pr\u00e9fectoral n\u00b0 396\nAbrogeant l\u25a1arr\u00eat\u00e9\npr\u00e9fectoral n\u00b0 628 du 25 septembre 2017 autorisant Monsieur Alain\nPOINCIN, en qualit\u00e9 de repr\u00e9sentant l\u00e9gal, \u00e0 exploiter un \u00e9tablissement\nd\u25a1enseignement de la conduite des v\u00e9hicules \u00e0 moteur et de la s\u00e9curit\u00e9\nrouti\u00e8re,\nsous le n\u00b0 E 10 021 0473 0\nd\u00e9nomm\u00e9 \u00ab\u00a0Auto-\u00c9cole BROCHON\u00bb\n(SARL Route d\u25a1Or)  - situ\u00e9 14, rue de la Maladi\u00e8re\n21220 BROCHON (2\npages) Page 25\nDirection d\u00e9partementale des territoires de la C\u00f4te-d'Or / Service \u00c9conomie\nAgricole et Environnement des Exploitations\n21-2024-02-20-00001 - ARR\u00caT\u00c9 PR\u00c9FECTORAL n\u00b0 384\nEncadrant la p\u00e9riode\nde d\u00e9p\u00f4t des demandes d\u25a1indemnisation fond\u00e9e sur la solidarit\u00e9 nationale\ndes pertes affectant les prairies non assur\u00e9es suite aux al\u00e9as climatiques de\nl\u25a1ann\u00e9e 2023 (2 pages) Page 28\n2\nDirection d\u00e9partementale des territoires de la C\u00f4te-d'Or / Service S\u00e9curit\u00e9 et\nEducation Routi\u00e8re\n21-2024-02-20-00002 - Arr\u00eat\u00e9 N\u00b0 385 autorisant une manifestation nautique\nd\u00e9nomm\u00e9e \u00ab\u00a0Comp\u00e9tition r\u00e9gionale de cano\u00eb kayak \u00a0\u00bb le dimanche 24\nmars 2024 et fixant des mesures temporaires de police de la navigation\nint\u00e9rieure sur la Sa\u00f4ne \u00e0 Ath\u00e9e (21)\nentre les PK 233,500 au PK 234,600. (4\npages) Page 31\n21-2024-02-20-00003 - Arr\u00eat\u00e9 tripartite portant r\u00e9glementation\npermanente du r\u00e9gime de priorit\u00e9 au carrefour de la route d\u00e9partementale\n961, class\u00e9e Route \u00e0 Grande Circulation, de la voie communale Rue de la\nBannie et du chemin rural n\u00b03 dit de la Presle au PR 15+0730,sur la\ncommune de VONGES (3 pages) Page 36\nPr\u00e9fecture de la C\u00f4te-d'Or /\n21-2024-02-19-00004 - Arr\u00eat\u00e9 fixant le montant du pr\u00e9l\u00e8vement pr\u00e9vu \u00e0\nl'article L. 302-7 du code de la construction et de l'habitation au titre de\nl'ann\u00e9e 2024 pour la commune de Marsannay-la-C\u00f4te (2 pages) Page 40\nPr\u00e9fecture de la C\u00f4te-d'Or / Direction des s\u00e9curit\u00e9s\n21-2023-12-22-00004 - Arr\u00eat\u00e9 n\u00b0 1808/2023 Portant approbation du Sch\u00e9ma\nD\u00e9partemental d\u25a1Analyse et de Couverture des Risques du Service\nD\u00e9partemental d\u25a1Incendie et de Secours de la C\u00f4te-d\u25a1Or (2 pages) Page 43\nPr\u00e9fecture de la C\u00f4te-d'Or / P\u00f4le juridique inter-services\n21-2024-02-21-00001 - \nArr\u00eat\u00e9 pr\u00e9fectoral n\u00b0 414 / SG du 21 f\u00e9vrier 2024\n\ndonnant d\u00e9l\u00e9gation de signature \u00e0 Monsieur \u00c9douard BOUY\u00c9,\nconservateur g\u00e9n\u00e9ral du patrimoine, directeur des archives \u00e9partementales\n(3 pages) Page 46\n21-2024-02-16-00004 - Arr\u00eat\u00e9 368 du 16 f\u00e9vrier 2024 autorisant\nl'acceptation d'une donation (2 pages) Page 50\n21-2024-02-19-00003 - Arr\u00eat\u00e9 373 du 19 f\u00e9vrier 2024  autorisant une qu\u00eate\nsur la voie publique le 9 mars 2024 \u00e0 Montbard (2 pages) Page 53\n21-2024-02-21-00004 - Arr\u00eat\u00e9 pr\u00e9fectoral N\u00b0  413  / SG du  21 f\u00e9vrier 2024     \n\ndonnant d\u00e9l\u00e9gation de signature pour l\u25a1utilisation \nd\u25a1une carte\nd\u25a1achat nominative (4 pages) Page 56\n21-2024-02-21-00003 - Arr\u00eat\u00e9 pr\u00e9fectoral N\u00b0 412 / SG du  21 f\u00e9vrier 2024 \ndonnant  d\u00e9l\u00e9gation de signature en mati\u00e8re de gestion des budgets\nop\u00e9rationnels\n104-111-112-113-119-122-124-129-135-137-147-148-161-163-172-181-206-207-209-215-216-217-218-219-232-303-348-349-354-357-362-363-364-380-723-754-780-833\ndes fonds europ\u00e9ens et des recettes non fiscales (32 pages) Page 61\n21-2024-02-21-00002 - Arr\u00eat\u00e9 pr\u00e9fectoral N\u00b0 415 / SG du 21 f\u00e9vrier 2024   \n\ndonnant d\u00e9l\u00e9gation de signature \u00e0 Madame Nathalie BERGET, directrice\ndu Secr\u00e9tariat G\u00e9n\u00e9ral Commun D\u00e9partemental de la C\u00f4te d\u25a1Or (5 pages) Page 94\n3\nDirection d\u00e9partementale de l'emploi, du travail\net des solidarit\u00e9s de C\u00f4te-d'Or\n21-2024-02-16-00005\nR\u00e9c\u00e9piss\u00e9 D\u00e9claration SAP/891614117\nPLASTRE Dylan\nDirection d\u00e9partementale de l'emploi, du travail et des solidarit\u00e9s de C\u00f4te-d'Or - 21-2024-02-16-00005 - R\u00e9c\u00e9piss\u00e9 D\u00e9claration\nSAP/891614117\nPLASTRE Dylan\n4\nE Direction D\u00e9partementale de l'Emploi,PR\u00c9FET du Travail et des Solidarit\u00e9s - DDETSDE LAC\u00d4TE-D'ORL'z'berte'Egalit\u00e9Fraternit\u00e9\nAffaire suivie par Robert TOFFOLI Dijon, le 16/02/2024Contr\u00f4leurdu Travail \u2014 P\u00f4le Emploi-Coh\u00e9sion Territoriale,T\u00e9l : 03 80 45 75 07 // 06 99 59 63 57m\u00e9l : robert.toffoli@cote-dor.gouv.frM. PLASTRE Dylan6 rue Franche Comt\u00e921270 PONTAILLER SUR SAONE\nRECEPISSE DE DECLARATIONd'un Organisme de Services \u00e0 la PersonneEnregistr\u00e9 sous le n\u00b0 SAP/891614117\nLe Pr\u00e9fet de la C\u00f4te-d'Or, et par subd\u00e9l\u00e9gation du Directeur D\u00e9partemental de la DDETS, la Cheffedu P\u00f4le Emploi et Coh\u00e9sion Territoriale,\nVU la loi n\u00b0 2015-1776 du 28 d\u00e9cembre 2015 relative \u00e0 l'adaptation de la soci\u00e9t\u00e9 au vieillissement,VU le d\u00e9cret n\u00b0 2016-750 du 6 juin 2016 relatif \u00e0 la liste des activit\u00e9s de services \u00e0 la personnesoumises \u00e0 agr\u00e9ment ou \u00e0 autorisation dans le cadre du r\u00e9gime commun de la d\u00e9claration,VU le code du travail et notamment les articles L 7231-1 \u00e0 L 7233-2, R 7232-16 \u00e0 R 7232-22, D7231-1 et D 7233-1 \u00e0 D 7233-5. '\nConstate\nQu'une d\u00e9claration d'activit\u00e9s de services\u00e0 la personne a \u00e9t\u00e9 d\u00e9pos\u00e9e sous le n\u00b0 1127740 aupr\u00e8s dela DDETS de la C\u00f4te d'Or, le 8 f\u00e9vrier 2024, par M. PLASTRE Dylan, dans le cadre d''une entrepriseindividuelle, repr\u00e9sent\u00e9e par M.PLASTRE Dylan, dont le si\u00e8ge social est situ\u00e9 au 6 rue FrancheComt\u00e9 \u2014 21270 PONTAILLER SUR SAONE et enregistr\u00e9e sous le n\u00b0 SAP/891614117 pour l'activit\u00e9suivante \u00e0 I'exclusion de toute autre :\n- Entretien de la maison et travaux m\u00e9nagers.\nDirection d\u00e9partementale de l'emploi, du travail et des solidarit\u00e9s de C\u00f4te-d'Or - 21-2024-02-16-00005 - R\u00e9c\u00e9piss\u00e9 D\u00e9claration\nSAP/891614117\nPLASTRE Dylan\n5\nCette activit\u00e9 est exerc\u00e9e en qualit\u00e9 de prestataire.L'\u00e9tablissement principal, \u00e9galement si\u00e8ge social, se situe \u00e0 l'adresse ci-dessus et poss\u00e8de le num\u00e9roSIRET suivant, 983 566 696 00016.Toute modification concernant l'activit\u00e9 exerc\u00e9e devra faire l'objet d'une d\u00e9claration modificativepr\u00e9alable. :Sous r\u00e9serve d'\u00e9tre exerc\u00e9e \u00e0 titre exclusif ou de tenir une comptabilit\u00e9 s\u00e9par\u00e9e pour les organismespouvant d\u00e9roger \u00e0 la condition d'activit\u00e9 exclusive (art L 7232-1-2 Code Trav), cette activit\u00e9 ouvredroit au b\u00e9n\u00e9fice des dispositions des articles L. 7233-2 du code du travail et L. 241-10 du code de las\u00e9curit\u00e9 sociale dans les conditions pr\u00e9vues par ces articles.Les effets de la d\u00e9claration courent \u00e0 compter du jour de d\u00e9p\u00f4t de la demande conformement \u00e0l'article R.7232-18 du code du travail.L'enregistrement de la d\u00e9claration peut \u00eatre retir\u00e9 dans les conditions fix\u00e9es aux articles R.7232-20 \u00e0R.7232-22 du code du travail.Le pr\u00e9sent r\u00e9c\u00e9piss\u00e9 n'est pas limit\u00e9 dans le temps et sera publi\u00e9 au recueil des actes administratifsde la pr\u00e9fecture de la C\u00f4te d'Or.\nPour le Pr\u00e9fet de C\u00f4te d'OrEt par subd\u00e9l\u00e9gation du Directeur D\u00e9partemental emp\u00each\u00e9,La Responsable de I' Unit\u00e9, Formation, Emploi et Insertion,SIGNEMarie BEGRAND\nBd Voltaire. BP 81110- 21011 DIJON CadexT\u00e9l.: 03 80 45 75 45 (Accueil)ote-'JL\"WI \u00cet\nDirection d\u00e9partementale de l'emploi, du travail et des solidarit\u00e9s de C\u00f4te-d'Or - 21-2024-02-16-00005 - R\u00e9c\u00e9piss\u00e9 D\u00e9claration\nSAP/891614117\nPLASTRE Dylan\n6\nDirection d\u00e9partementale de l'emploi, du travail\net des solidarit\u00e9s de C\u00f4te-d'Or\n21-2024-02-14-00003\nR\u00e9c\u00e9piss\u00e9 D\u00e9claration SAP/983566696\nJDR AIDE A DOMICILE - RASOLOSON Damien\nDirection d\u00e9partementale de l'emploi, du travail et des solidarit\u00e9s de C\u00f4te-d'Or - 21-2024-02-14-00003 - R\u00e9c\u00e9piss\u00e9 D\u00e9claration\nSAP/983566696\nJDR AIDE A DOMICILE - RASOLOSON Damien\n7\nE :. . Direction D\u00e9partementale de l'Emploi,PREFET du Travail et des Solidarit\u00e9s - DDETSDE LACOTE-D'ORL'z'berte'Egalit\u00e9Fraternit\u00e9\nAffaire suivie par Robert TOFFOLI - Dijon, le 14/02/2024Contr\u00f4leur du Travail \u2014 P\u00f4le Emploi- Coh\u00e9sion TerrltorlaleT\u00e9l : 03 80 45 75 07 // 06 99 59 63 57m\u00e9l : robert.toffoli@cote-dor.gouv.frJDR AIDE A DOMICILEMr RASOLOSON Damien1 Impasse Henri Marc21300 CHENOVE\nRECEPISSE DE DECLARATIONd'un Organisme de Services \u00e0 la PersonneEnregistr\u00e9 sous le n\u00b0 SAP/983566696\nLe Pr\u00e9fet de la C\u00f4te-d'Or, et par subd\u00e9l\u00e9gation du Directeur D\u00e9partemental de la DDETS, la Cheffedu P\u00f4le Emploi et Coh\u00e9sion Territoriale/ la Responsable de I'Unit\u00e9 Formation, Emploi et InsertionVU la loi n\u00b0 2015-1776 du 28 d\u00e9cembre 2015 relative \u00e0 l'adaptation de la soci\u00e9t\u00e9 au vieillissement,VU le d\u00e9cret n\u00b0 2016-750 du 6 juin 2016 relatif \u00e0 la liste des activit\u00e9s de services \u00e0 l'a personnesoumises \u00e0 agr\u00e9ment ou \u00e0 autorisation dans le cadre du r\u00e9gime commun de la d\u00e9claration,VU le code du travail et notamment les articles L 7231-1 \u00e0 L 7233-2, R 7232-16 \u00e0 R 7232-22, D7231-1 et D 7233-1 \u00e0 D 7233-5,\nConstate\nQu'une d\u00e9claration d'activit\u00e9s de services \u00e0 la personne a \u00e9t\u00e9 d\u00e9pos\u00e9e, sous le n\u00b0 D1111260,aupr\u00e8s de la DDETS de C\u00f4te d'Or, le 2 f\u00e9vrier 2024 parMr RASOLOSON Damien dans le cadre de laSASU JDR AIDE A DOMICILE, repr\u00e9sent\u00e9e par Mr RASOLOSON Damien, dont le si\u00e8ge social estsitu\u00e9 au1 Impasse Henri Marc, 21300 CHENOVE et enregistr\u00e9e sous le n\u00b0 SAP/983 566 696 pourles activit\u00e9s suivantes \u00e0 l'exclusion de toute autre :- Entretien de la maison et travaux m\u00e9nagers ;- Petits travaux de jardinage ;\" - Travaux de petit bricolage dits \u00ab homme toutes mains \u00bb ;\ne, SD'JH 21011 DIJON Cedexltair; 3 80 4575 45 '\u2014*k,L,U:'lUww.cote-dor.gouv.fr\nDirection d\u00e9partementale de l'emploi, du travail et des solidarit\u00e9s de C\u00f4te-d'Or - 21-2024-02-14-00003 - R\u00e9c\u00e9piss\u00e9 D\u00e9claration\nSAP/983566696\nJDR AIDE A DOMICILE - RASOLOSON Damien\n8\n- Pr\u00e9paration de repas \u00e0 domicile, y compris le temps pass\u00e9 aux courses ;- Collecte et livraison \u00e0 domicile de linge repass\u00e9 \u2014 prestation soumise \u00e0 l'offre globale deservice (OGS) ;- Livraison de courses \u00e0 domicile \u2014 prestation soumise \u00e0 OGS ;- Soins et promenades d'animaux de compagnie, pour les personnes d\u00e9pendantes.\nL'\u00e9tablissement principal, \u00e9galement si\u00e8ge social, se situe \u00e0 l'adresse ci-dessus et poss\u00e8de lenum\u00e9ro SIRET suivant, 983 566 696 00016.Ces activit\u00e9s sont exerc\u00e9es en qualit\u00e9 de prestataire.L'enregistrement de la d\u00e9claration fait suite \u00e0 l'entretien du 13 f\u00e9vrier 2024 avec MrRASOLOSON Damien portant entre autres sur les conditions de la sous-traitance dans lesservices \u00e0 la personne (circulaire du 11/04/2029) ainsi que sur les obligations d'\u00e9tablir unefacture, une attestation fiscale annuelle, de transmettre des statistiques dans l'applicationNOVA et enfin, de respecter la condition d'activit\u00e9 exclusive (CAE).Toute modification concernant les activit\u00e9s exerc\u00e9es devra faire l'objet d'une d\u00e9clarationmodificative pr\u00e9alable. -Sous r\u00e9serve d'\u00e9tre exerc\u00e9es \u00e0 titre exclusif ou de tenir une comptabilit\u00e9 s\u00e9par\u00e9e pour lesorganismes pouvant d\u00e9roger \u00e0 la condition d'activit\u00e9 exclusive (art L 7232-1-2 Code Trav), cesactivit\u00e9s ouvrent droit au b\u00e9n\u00e9fice des dispositions des articles L. 7233-2 du code du travail et L.241-10 du code de la s\u00e9curit\u00e9 sociale dans les conditions pr\u00e9vues par ces articles.Les effets de la d\u00e9claration courent \u00e0 compter du jour de d\u00e9p\u00f4t de la demande, conform\u00e9ment \u00e0l'article R.7232-18 du code du travail.L'enregistrement de la d\u00e9claration peut \u00eatre retir\u00e9 dans les conditions fix\u00e9es aux articles R.7232-20 \u00e0 R.7232-22 du code du travail. !Le pr\u00e9sent r\u00e9c\u00e9piss\u00e9 n'est pas limit\u00e9 dans le temps et sera publi\u00e9 au recueil des actesadministratifs de la pr\u00e9fecture de la C\u00f4te d'Or.\nPour le Pr\u00e9fet de C\u00e9te d'OrEt par subd\u00e9l\u00e9gation du Directeur D\u00e9partemental emp\u00each\u00e9,La Responsable de I'Unit\u00e9 Formation, Emploi et InsertionSIGNEMarie BEGRAND\nDDETS 21, 21 Bd Voltaire. BP 81110 - 21011 DIJON CedexT\u00e9l : 03 80 45 75 45 (Accueil)www.cote-dor.gouv.fr\nDirection d\u00e9partementale de l'emploi, du travail et des solidarit\u00e9s de C\u00f4te-d'Or - 21-2024-02-14-00003 - R\u00e9c\u00e9piss\u00e9 D\u00e9claration\nSAP/983566696\nJDR AIDE A DOMICILE - RASOLOSON Damien\n9\nDirection d\u00e9partementale de l'emploi, du travail\net des solidarit\u00e9s de C\u00f4te-d'Or\n21-2024-02-16-00006\nR\u00e9c\u00e9piss\u00e9 D\u00e9claration SAP/984176875 \nMARX Laura\nDirection d\u00e9partementale de l'emploi, du travail et des solidarit\u00e9s de C\u00f4te-d'Or - 21-2024-02-16-00006 - R\u00e9c\u00e9piss\u00e9 D\u00e9claration\nSAP/984176875 \nMARX Laura\n10\nExPREFETDE LACOTE-D'ORLibert\u00e9Egalit\u00e9Fraternit\u00e9\nDirection D\u00e9partementale de l'Emploi,\ndu Travail et des Solidarit\u00e9s - DDETS\n \nAffaire suivie par Robert TOFFOLI                       Dijon, le 16/02/2024\nContr\u00f4leur du Travail \u2013 P\u00f4le Emploi-Coh\u00e9sion Territoriale,\nT\u00e9l : 03 80 45 75 07 // 06 99 59 63 57\nm\u00e9l : robert.toffoli@cote-dor.gouv.fr\nMme MARX Laura\n9 Bd Mansart\n21000 DIJON\nRECEPISSE DE DECLARATION \nd'un Organisme de Services \u00e0 la Personne\nEnregistr\u00e9 sous le n\u00b0 SAP/984176875\nLe Pr\u00e9fet de la C\u00f4te-d'Or, et par subd\u00e9l\u00e9gation du Directeur D\u00e9partemental de la DDETS, la Cheffe\ndu P\u00f4le Emploi et Coh\u00e9sion Territoriale,\nVU la loi n\u00b0 2015-1776 du 28 d\u00e9cembre 2015 relative \u00e0 l'adaptation de la soci\u00e9t\u00e9 au vieillissement,\nVU  le d\u00e9cret n\u00b0 2016-750 du 6 juin 2016 relatif \u00e0 la liste des activit\u00e9s de services \u00e0 la personne\nsoumises \u00e0 agr\u00e9ment ou \u00e0 autorisation dans le cadre du r\u00e9gime commun de la d\u00e9claration,\nVU le code du travail et notamment les articles L 7231-1 \u00e0 L 7233-2,  R 7232-16 \u00e0 R 7232-22, D7231-\n1 et D 7233-1 \u00e0 D 7233-5.\nConstate \nQu'une d\u00e9claration d'activit\u00e9s de services \u00e0 la personne a \u00e9t\u00e9 d\u00e9pos\u00e9e sous le n\u00b0 1133900 aupr\u00e8s de\nla DDETS de la C\u00f4te d'Or, le 12 f\u00e9vrier 2024, par Mme MARX Laura , dans le cadre d' une entreprise\nindividuelle, repr\u00e9sent\u00e9e par Mme MARX Laura, dont le si\u00e8ge social est situ\u00e9 au 9 Boulevard Mansart\n\u2013  21000 DIJON  et enregistr\u00e9e sous le n\u00b0 SAP/ 984176875  pour  l'activit\u00e9 suivante \u00e0 l'exclusion de\ntoute autre : \n- Entretien de la maison et travaux m\u00e9nagers.\nDDETS 21, 21 Bd Voltaire, BP 81110 -  21011 DIJON Cedex\nT\u00e9l. : 03 80 45 75 45 (Accueil)\nwww.cote-dor.gouv.fr\nDirection d\u00e9partementale de l'emploi, du travail et des solidarit\u00e9s de C\u00f4te-d'Or - 21-2024-02-16-00006 - R\u00e9c\u00e9piss\u00e9 D\u00e9claration\nSAP/984176875 \nMARX Laura\n11\nCette activit\u00e9 est exerc\u00e9e en qualit\u00e9 de prestataire.\nL'\u00e9tablissement principal, \u00e9galement si\u00e8ge social, se situe \u00e0 l'adresse ci-dessus et poss\u00e8de le num\u00e9ro\nSIRET suivant, 984 176 875 00016.\nToute  modification  concernant  l'activit\u00e9  exerc\u00e9e  devra  faire  l'objet  d'une  d\u00e9claration  modificative\npr\u00e9alable.\nSous r\u00e9serve d'\u00eatre exerc\u00e9e \u00e0 titre exclusif ou de tenir une comptabilit\u00e9 s\u00e9par\u00e9e pour les organismes\npouvant d\u00e9roger \u00e0 la condition d'activit\u00e9 exclusive (art L 7232-1-2 Code Trav) , ce tte activit\u00e9 ouvre\ndroit au b\u00e9n\u00e9fice des dispositions des articles L. 7233-2 du code du travail et L. 241-10 du code de la\ns\u00e9curit\u00e9 sociale dans les conditions pr\u00e9vues par ces articles.\nLes effets de la d\u00e9claration courent \u00e0 compter du jour de d\u00e9p\u00f4t de la demande, conform\u00e9ment \u00e0\nl'article R.7232-18 du code du travail.\nL'enregistrement de la d\u00e9claration peut \u00eatre retir\u00e9 dans les conditions fix\u00e9es aux articles R.7232-20 \u00e0\nR.7232-22 du code du travail.\nLe pr\u00e9sent r\u00e9c\u00e9piss\u00e9 n'est pas limit\u00e9 dans le temps et sera publi\u00e9 au recueil des actes administratifs\nde la pr\u00e9fecture de la C\u00f4te d'Or.\nPour le Pr\u00e9fet de D\u00e9partement,\nEt par subd\u00e9l\u00e9gation du Directeur D\u00e9partemental emp\u00each\u00e9,\nLa Responsable de l'Unit\u00e9, Formation, Emploi et Insertion,\nSIGNE\nMarie BEGRAND\nDDETS 21, 21 Bd Voltaire, BP 81110 -  21011 DIJON Cedex\nT\u00e9l. : 03 80 45 75 45 (Accueil)\nwww.cote-dor.gouv.fr\nDirection d\u00e9partementale de l'emploi, du travail et des solidarit\u00e9s de C\u00f4te-d'Or - 21-2024-02-16-00006 - R\u00e9c\u00e9piss\u00e9 D\u00e9claration\nSAP/984176875 \nMARX Laura\n12\nDirection d\u00e9partementale de l'emploi, du travail\net des solidarit\u00e9s de C\u00f4te-d'Or\nService renseignements en droit du travail\n21-2024-02-19-00001\nARRETE AGREMENT SCOP SOCIETE ATELIER\nCORREIA ARCHITECTES\nDirection d\u00e9partementale de l'emploi, du travail et des solidarit\u00e9s de C\u00f4te-d'Or - 21-2024-02-19-00001 - ARRETE AGREMENT SCOP\nSOCIETE ATELIER CORREIA ARCHITECTES 13\n= oPREFETDE LA Direction D\u00e9partementale de l'Emploi,COTE-D'ORLibert\u00e9 du Travail et des Solidarit\u00e9s\u00c9galit\u00e9Fraternit\u00e9\nArr\u00eat\u00e9Reconnaissant la qualit\u00e9 de Soci\u00e9t\u00e9 Coop\u00e9rative Ouvri\u00e8re de Production (SCOP)LE PREFET DE LA REGION BOURGOGNE FRANCHE COMTE,\nPREFET DE LA COTE D'ORVu la loi n\u00b047-1775 du 10 septembre 1947 portant statut de la coop\u00e9ration,Vu la loi n\u00b078-763 du 19 _]u111\u20act 1978 portant statut des Coop\u00e9ratives Ouvri\u00e8res de Production, et notamment sonarticle 54,Vu la loi n\u00b092-643 du 13 juillet 1992 relative \u00e0 la modernisation des entreprises coop\u00e9ratives,Vu le code des march\u00e9s publics, et notamment les articles 53 et 91,Vu le d\u00e9cret n\u00b097-34 du 15 janvier 1997 relatif \u00e0 la d\u00e9concentration des d\u00e9cisions administratives individuelles,Vu le d\u00e9cret n\u00b093-455 du 23 mars 1993 relatif \u00e0 la sortie du statut coop\u00e9ratif,Vu le d\u00e9cret n\u00b093-1231 du 10 novembre 1993 relatif \u00e0 la reconnaissance de la qualit\u00e9 de Soci\u00e9t\u00e9 Coop\u00e9rativeOuvri\u00e8re de Production,Vu le d\u00e9cret 2020-1545 du 9 d\u00e9cembre 2020 relatif \u00e0 l'organisation et aux missions des directions r\u00e9gionales del'\u00e9conomie, de l'emploi, du travail et des solidarit\u00e9s, des directions d\u00e9partementales de l'emploi, du travail, dessolidarit\u00e9s et des directions d\u00e9partementales de l'emploi, du travail, des solidarit\u00e9s et de la protection despopulations, notamment son article 25Vu l'arr\u00eat\u00e9 minist\u00e9riel du 22 mars 2021 portant Monsieur Nicolas NIBOUREL dans l'emp101 de directeurd\u00e9partemental de l'emploi, du travail et des solidarit\u00e9s de la C\u00f4te d'OrVu l'arr\u00eat\u00e9 pr\u00e9fectoral n\u00b0328 du 26 mars 2021 portant organisation de la direction d\u00e9partementale de l'emploi,du travail et des solidarit\u00e9s de la C\u00f4te d'OrVu l'arr\u00eat\u00e9 pr\u00e9fectoral n\u00b01204/SG du 17 octobre 2022 portant d\u00e9l\u00e9gation de signature \u00e0 Monsieur NicolasNIBOUREL (DDETS) et l'arr\u00eat\u00e9 pr\u00e9fectoral n\u00b0009/DDETS du 19 octobre 2022 portant subd\u00e9l\u00e9gation designature aux agents de la DDETSVu l'avis favorable de la Conf\u00e9d\u00e9ration G\u00e9n\u00e9rale des Soci\u00e9t\u00e9s Coop\u00e9ratives Ouvri\u00e8res de Production,\nARR\u00caTE\nDirection d\u00e9partementale de l'emploi, du travail et des solidarit\u00e9s de C\u00f4te-d'Or - 21-2024-02-19-00001 - ARRETE AGREMENT SCOP\nSOCIETE ATELIER CORREIA ARCHITECTES 14\nARTICLE 1\u00b0\u00a2:La soci\u00e9t\u00e9 ATELIER CORREIA ARCHITECTES situ\u00e9e 7, place de la R\u00e9publique \u00e0 SAULIEU (21210), esthabilit\u00e9e \u00e0 prendre l'appellation de Soci\u00e9t\u00e9 Coop\u00e9rative Ouvri\u00e8re de Production ou de Soci\u00e9t\u00e9 Coop\u00e9rativeOuvri\u00e8re de Travailleurs ou \u00e0 utiliser cette appellation ou les initiales \u00ab SCOP \u00bb ou \u00ab SCOT \u00bb ainsi qu'\u00e0pr\u00e9tendre au b\u00e9n\u00e9fice des dispositions pr\u00e9vues par les textes l\u00e9gislatifs ou r\u00e9glementaires relatifs aux Soci\u00e9t\u00e9sCoop\u00e9ratives Ouvri\u00e8res de Production.ARTICLE 2 :Cette m\u00eame soci\u00e9t\u00e9 pourra pr\u00e9tendre au b\u00e9n\u00e9fice des avantages pr\u00e9vus aux articles 53 et 91 du code des march\u00e9spublics.ARTICLE 3 :L'habilitation, accord\u00e9e en vertu du pr\u00e9sent arr\u00eat\u00e9, \u00e0 la soci\u00e9t\u00e9 vis\u00e9e \u00e0 l'article 1, est valable, sous r\u00e9serve desdispositions des articles 2 et 4 du d\u00e9cret n\u00b093-1231 du 10 novembre 1993 relatif \u00e0 la reconnaissance de la qualit\u00e9de Soci\u00e9t\u00e9 Coop\u00e9rative Ouvri\u00e8re de Production, \u00e0 compter de la date d'inscription en tant que Soci\u00e9t\u00e9Coop\u00e9rative Ouvri\u00e8re de Production au registre du commerce, et jusqu'\u00e0 radiation prononc\u00e9e dans les conditionspr\u00e9vues par les articles 6 et 7 du m\u00eame texte.\nFait \u00e0 Dijon, le 19 f\u00e9vrier 2024Pour le Pr\u00e9fet et par d\u00e9l\u00e9gationP/le Directeur D\u00e9partemental, de l'Emploi, du Travailet des Solidarit\u00e9sLa Directrice Adjointe\nSign\u00e9 Barbara RUBAGOTTI\nNB: la pr\u00e9sente d\u00e9cision peut \u00e9tre contest\u00e9e dans un d\u00e9lai de deux mois \u00e0 compter de sa notification par voie:Du recours gracieux aupr\u00e8s du signataire.Du recours contentieux aupr\u00e8s du tribunal administratif de Dijon-22 rue d'Assas. Le tribunal administratifpeut-\u00eatre saisi d'un recours d\u00e9pos\u00e9 via l'application t\u00e9l\u00e9recours citoyens accessible par le site internetwww.telerecours. frs\nDirection d\u00e9partementale de l'emploi, du travail et des solidarit\u00e9s de C\u00f4te-d'Or - 21-2024-02-19-00001 - ARRETE AGREMENT SCOP\nSOCIETE ATELIER CORREIA ARCHITECTES 15\nDirection d\u00e9partementale de l'emploi, du travail\net des solidarit\u00e9s de C\u00f4te-d'Or\nService renseignements en droit du travail\n21-2024-02-19-00002\nARRETE AGREMENT SCOP SOCIETE CONIXYS\nDirection d\u00e9partementale de l'emploi, du travail et des solidarit\u00e9s de C\u00f4te-d'Or - 21-2024-02-19-00002 - ARRETE AGREMENT SCOP\nSOCIETE CONIXYS 16\nuPREFETDE LA Direction D\u00e9partementale de l'Emploi,C\u00d4TE-D'ORLibert\u00e9 du Travail et des Solidarit\u00e9sEquelit\u00e9Fraternit\u00e9\nArr\u00eat\u00e9Reconnaissant la qualit\u00e9 de Soci\u00e9t\u00e9 Coop\u00e9rative Ouvri\u00e8re de Production (SCOP)\nLE PREFET DE LA REGION BOURGOGNE FRANCHE COMTE,\nPREFET DE LA COTE D'ORVu la loi n\u00b047-1775 du 10 septembre 1947 portant statut de la coop\u00e9ration,Vu la loi n\u00b078-763 du 19 juillet 1978 portant statut des Coop\u00e9ratives Ouvri\u00e8res de Production, et notamment sonarticle 54,Vu la loi n\u00b092-643 du 13 juillet 1992 relative \u00e0 la modernisation des entreprises coop\u00e9ratives,Vu le code des march\u00e9s publics, et notamment les articles 53 et 91,Vu le d\u00e9cret n\u00b097-34 du 15 janvier 1997 relatif \u00e0 la d\u00e9concentration des d\u00e9cisions administratives individuelles,Vu le d\u00e9cret n\u00b093-455 du 23 mars 1993 relatif \u00e0 la sortie du statut coop\u00e9ratif,Vu le d\u00e9cret n\u00b093-1231 du 10 novembre 1993 relatif \u00e0 la reconnaissance de la qualit\u00e9-de Soci\u00e9t\u00e9 Coop\u00e9rativeOuvri\u00e8re de Production,Vu le d\u00e9cret 2020-1545 du 9 d\u00e9cembre 2020 relatif \u00e0 l'organisation et aux missions des directions r\u00e9gionales del'\u00e9conomie, de l'emploi, du travail et des solidarit\u00e9s, des directions d\u00e9partementales de l'emploi, du travail, dessolidarit\u00e9s et des directions d\u00e9partementales de l'emploi, du travail, des solidarit\u00e9s et de la protection despopulations, notamment son article 25Vu l'arr\u00eat\u00e9 minist\u00e9riel du 22 mars 2021 portant Monsieur Nicolas NIBOUREL dans l'emploi de directeurd\u00e9partemental de l'emploi, du travail et des solidarit\u00e9s de la C\u00f4te d'OrVu l'arr\u00eat\u00e9 pr\u00e9fectoral n\u00b0328 du 26 mars 2021 portant organisation de la direction d\u00e9partementale de l'emploi,du travail et des solidarit\u00e9s de la C\u00f4te d'OrVu l'arr\u00eat\u00e9 pr\u00e9fectoral n\u00b01204/SG du 17 octobre 2022 portant d\u00e9l\u00e9gation de signature a Monsieur NicolasNIBOUREL (DDETS) et l'arr\u00eat\u00e9 pr\u00e9fectoral n\u00b0009/DDETS du 19 octobre 2022 portant subd\u00e9l\u00e9gation designature aux agents de la DDETSVu l'avis favorable de la Conf\u00e9d\u00e9ration G\u00e9n\u00e9rale des Soci\u00e9t\u00e9s Coop\u00e9ratives Ouvri\u00e8res de Production,\nARR\u00caTE\nDirection d\u00e9partementale de l'emploi, du travail et des solidarit\u00e9s de C\u00f4te-d'Or - 21-2024-02-19-00002 - ARRETE AGREMENT SCOP\nSOCIETE CONIXYS 17\nARTICLE 1\u00b0:La soci\u00e9t\u00e9 CONIXYS situ\u00e9e 47 rue Vannerie \u00e0 DIJON (21000), est habilit\u00e9e \u00e0 prendre l'appellation de Soci\u00e9t\u00e9Coop\u00e9rative Ouvri\u00e8re de Production ou de Soci\u00e9t\u00e9 Coop\u00e9rative Ouvri\u00e8re de Travailleurs ou \u00e0 utiliser cetteappellation ou les initiales \u00ab SCOP \u00bb ou \u00ab SCOT \u00bb ainsi qu'\u00e0 pr\u00e9tendre au b\u00e9n\u00e9fice des dispositions pr\u00e9vues par\" les textes l\u00e9gislatifs ou r\u00e9glementaires relatifs aux Soci\u00e9t\u00e9s Coop\u00e9ratives Ouvri\u00e8res de Production.ARTICLE 2 :Cette m\u00eame soci\u00e9t\u00e9 pourra pr\u00e9tendre au b\u00e9n\u00e9fice des avantages pr\u00e9vus aux articles 53 et 91 du code des march\u00e9spublics.\nARTICLE 3 :L'habilitation, accord\u00e9e en vertu du pr\u00e9sent arr\u00eat\u00e9, \u00e0 la soci\u00e9t\u00e9 vis\u00e9e \u00e0 l'article 1, est valable, sous r\u00e9serve desdispositions des articles 2 et 4 du d\u00e9cret n\u00b093-1231 du 10 novembre 1993 relatif \u00e0 la reconnaissance de la qualit\u00e9de Soci\u00e9t\u00e9 Coop\u00e9rative Ouvri\u00e8re de Production, \u00e0 compter de la date d'inscription en tant que Soci\u00e9t\u00e9Coop\u00e9rative Ouvri\u00e8re de Production au registre du commerce, et jusqu'\u00e0 radiation prononc\u00e9e dans les conditionspr\u00e9vues par les articles 6 et 7 du m\u00eame texte.\nFait \u00e0 Dijon, le 19 f\u00e9vrier 2024Pour le Pr\u00e9fet et par d\u00e9l\u00e9gationP/le Directeur D\u00e9partemental, de l'Emploi, du Travailet des Solidarit\u00e9s :La Directrice Adjointe\nSign\u00e9 Barbara RUBAGOTTI\nNB: la pr\u00e9sente d\u00e9cision peut \u00eatre contest\u00e9e dans un d\u00e9lai de deux mois \u00e0 compter de sa notification par voie :Du recours gracieux aupr\u00e8s du signataire.Du recours contentieux aupr\u00e8s du tribunal administratif de Dijon-22 rue d'Assas. Le tribunal administratifpeut-\u00eatre saisi d'un recours d\u00e9pos\u00e9 via l'application t\u00e9l\u00e9recours citoyens accessible par le site internetwww.telerecours.frs '\nDirection d\u00e9partementale de l'emploi, du travail et des solidarit\u00e9s de C\u00f4te-d'Or - 21-2024-02-19-00002 - ARRETE AGREMENT SCOP\nSOCIETE CONIXYS 18\nDirection d\u00e9partementale des territoires de la\nC\u00f4te-d'Or\nCellule \u00c9ducation routi\u00e8re\n21-2024-02-20-00004\nArr\u00eat\u00e9 pr\u00e9fectoral n\u00b0 393\nAbrogeant l\u25a1arr\u00eat\u00e9 pr\u00e9fectoral n\u00b0 772 du 29 juin\n2020 autorisant Monsieur Jonathan F\u00c9VRIER, en\nqualit\u00e9 de repr\u00e9sentant l\u00e9gal, \u00e0 exploiter un\n\u00e9tablissement d\u25a1enseignement de la conduite\ndes v\u00e9hicules \u00e0 moteur et de la s\u00e9curit\u00e9 routi\u00e8re,\nsous le n\u00b0 E 16 021 0005 0\nd\u00e9nomm\u00e9 \u00ab\u00a0Auto-\u00c9cole des Chil\u00e8nes\u00bb  - situ\u00e9 2,\nrue Georges Guynemer\n21200 BEAUNE\nDirection d\u00e9partementale des territoires de la C\u00f4te-d'Or - 21-2024-02-20-00004 - Arr\u00eat\u00e9 pr\u00e9fectoral n\u00b0 393\nAbrogeant l\u25a1arr\u00eat\u00e9 pr\u00e9fectoral n\u00b0 772 du 29 juin 2020 autorisant Monsieur Jonathan F\u00c9VRIER, en qualit\u00e9 de repr\u00e9sentant l\u00e9gal, \u00e0\nexploiter un \u00e9tablissement d\u25a1enseignement de la conduite des v\u00e9hicules \u00e0 moteur et de la s\u00e9curit\u00e9 routi\u00e8re,\nsous le n\u00b0 E 16 021 0005 0\nd\u00e9nomm\u00e9 \u00ab\u00a0Auto-\u00c9cole des Chil\u00e8nes\u00bb  - situ\u00e9 2, rue Georges Guynemer\n21200 BEAUNE\n19\nExPREFETDE LACOTE-D'ORL,z'berte'Egalit\u00e9Fraternit\u00e9\n\u00b2Direction d\u00e9partementale des territoires\nde la C\u00f4te-d'Or\nAffaire suivie par : \nService  S\u00e9curit\u00e9  et \u00c9ducation Routi\u00e8re\nBureau \u00c9ducation Routi\u00e8re \nT\u00e9l. : 03 80 29 44 70\nM\u00e9l : ddt-ber@cote-dor.gouv.fr \nDijon, le 20 f\u00e9vrier 2024 \nArr\u00eat\u00e9 pr\u00e9fectoral n\u00b0 393\nAbrogeant l'arr\u00eat\u00e9 pr\u00e9fectoral n\u00b0 772 du 29 juin 2020 autorisant Monsieur Jonathan\nF\u00c9VRIER, en qualit\u00e9 de repr\u00e9sentant l\u00e9gal, \u00e0 exploiter un \u00e9tablissement d'enseignement de\nla conduite des v\u00e9hicules \u00e0 moteur et de la s\u00e9curit\u00e9 routi\u00e8re,\nsous le n\u00b0 E 16 021 0005 0\nd\u00e9nomm\u00e9 \u00ab Auto-\u00c9cole des Chil\u00e8nes\u00bb  - situ\u00e9 2, rue Georges Guynemer\n21200 BEAUNE\nLe pr\u00e9fet de la C\u00f4te-d'Or\nVU le code de la route, notamment ses articles L.213-1 et R.213-9 ;\nVU l'ordonnance n\u00b0 2014-1090 du 26 septembre 2014 relative \u00e0 la mise en accessibilit\u00e9 des\n\u00e9tablissements recevant du public, des transports publics, des b\u00e2timents d'habitation et\nde la voirie pour des personnes handicap\u00e9es ;\nVU la loi n\u00b0 2015-990 du 06 ao\u00fbt 2015 pour la croissance, l'activit\u00e9 et l'\u00e9galit\u00e9 des chances\n\u00e9conomiques, et notamment son article 23 modifiant l'article L.213-1 du code de la route ;\nVU l'arr\u00eat\u00e9 du 8 janvier 2001 relatif \u00e0 l'exploitation des \u00e9tablissements d'enseignement, \u00e0\ntitre on\u00e9reux, de la conduite des v\u00e9hicules \u00e0 moteur et de la s\u00e9curit\u00e9 routi\u00e8re ;\nVU l'arr\u00eat\u00e9 du 08 janvier 2001 cr\u00e9ant un registre national de l'enseignement de la conduite\ndes v\u00e9hicules \u00e0 moteur et de la s\u00e9curit\u00e9 routi\u00e8re ;\nDirection d\u00e9partementale des territoires de la C\u00f4te-d'Or\n57 rue de Mulhouse- BP 53317 - 21033 DIJON cedex\nt\u00e9l : 03 80 29 44 44 \u2013 Courriel : ddt@cote-dor.gouv.fr\nDirection d\u00e9partementale des territoires de la C\u00f4te-d'Or - 21-2024-02-20-00004 - Arr\u00eat\u00e9 pr\u00e9fectoral n\u00b0 393\nAbrogeant l\u25a1arr\u00eat\u00e9 pr\u00e9fectoral n\u00b0 772 du 29 juin 2020 autorisant Monsieur Jonathan F\u00c9VRIER, en qualit\u00e9 de repr\u00e9sentant l\u00e9gal, \u00e0\nexploiter un \u00e9tablissement d\u25a1enseignement de la conduite des v\u00e9hicules \u00e0 moteur et de la s\u00e9curit\u00e9 routi\u00e8re,\nsous le n\u00b0 E 16 021 0005 0\nd\u00e9nomm\u00e9 \u00ab\u00a0Auto-\u00c9cole des Chil\u00e8nes\u00bb  - situ\u00e9 2, rue Georges Guynemer\n21200 BEAUNE\n20\n2\nVU l'arr\u00eat\u00e9 pr\u00e9fectoral n\u00b0 1438/SG du 29 septembre 2023 donnant d\u00e9l\u00e9gation de signature\n\u00e0 Madame Florence LAUBIER, directrice d\u00e9partementale des territoires de C\u00f4te-d'Or ;\nVU  l'arr\u00eat\u00e9 pr\u00e9fectoral n\u00b0  43 du 10 janvier 2024  portant subd\u00e9l\u00e9gation de signature aux\nagents de la direction d\u00e9partementale des territoires de la C\u00f4te-d'Or ;\nCONSID\u00c9RANT  la  cessation  d'activit\u00e9  de  l'\u00e9tablissement  d\u00e9nomm\u00e9  \u00ab Auto-\u00c9cole  des\nChil\u00e8nes\u00bb\nSUR proposition de la Directrice D\u00e9partementale des Territoires de la C\u00f4te-d'Or ;\nA R R \u00ca T E\nArticle 1er  :  L'arr\u00eat\u00e9 pr\u00e9fectoral n\u00b0 772 du  29 juin 2020  relatif \u00e0 l'agr\u00e9ment n\u00b0  E 16 021\n0005  0  d\u00e9livr\u00e9  \u00e0  Monsieur  Jonathan  F\u00c9VRIER  pour  exploiter  l'\u00e9tablissement\nd'enseignement, \u00e0 titre on\u00e9reux,  de la conduite des v\u00e9hicules  \u00e0 moteur  et la s\u00e9curit\u00e9\nrouti\u00e8re, situ\u00e9 \u2013  2, rue Georges Guynemer \u00e0 BEAUNE , sous la d\u00e9nomination  \u00ab Auto-\u00c9cole\ndes Chil\u00e8nes\u00bb est abrog\u00e9.\nArticle 2 : La pr\u00e9sente d\u00e9cision sera enregistr\u00e9e dans le registre national de l'enseignement\nde la conduite des v\u00e9hicules \u00e0 moteur et de la s\u00e9curit\u00e9 routi\u00e8re cr\u00e9\u00e9 par l'arr\u00eat\u00e9 du 8\njanvier 2001 pr\u00e9cit\u00e9,\nConform\u00e9ment \u00e0 la loi n\u00b0 78-17 du 6 janvier 1978 relative \u00e0 l'informatique, aux fichiers et\naux libert\u00e9s, toute personne peut obtenir communication et, le cas \u00e9ch\u00e9ant, rectification\nou  suppression des  informations  la concernant  en s'adressant au  \u00ab service s\u00e9curit\u00e9 et\n\u00e9ducation routi\u00e8re \u00bb\nArticle 3  : La directrice d\u00e9partementale des  territoires est charg\u00e9e, de l'ex\u00e9cution du\npr\u00e9sent arr\u00eat\u00e9, qui sera publi\u00e9 au recueil des actes administratifs de la pr\u00e9fecture de C\u00f4te-\nd'Or, et dont copie sera adress\u00e9e \u00e0 Monsieur Jonathan F\u00c9VRIER.\nFait \u00e0 Dijon, le 20 f\u00e9vrier 2024\nLe pr\u00e9fet,\nPour le pr\u00e9fet et par d\u00e9l\u00e9gation,\nLa d\u00e9l\u00e9gu\u00e9e \u00e0 l'\u00c9ducation Routi\u00e8re,\nORIGINAL SIGN\u00c9\nJulie SEVILLA\nDirection d\u00e9partementale des territoires de la C\u00f4te-d'Or\n57 rue de Mulhouse- BP 53317 - 21033 DIJON cedex\nt\u00e9l : 03 80 29 44 44 \u2013 Courriel : ddt@cote-dor.gouv.fr\nDirection d\u00e9partementale des territoires de la C\u00f4te-d'Or - 21-2024-02-20-00004 - Arr\u00eat\u00e9 pr\u00e9fectoral n\u00b0 393\nAbrogeant l\u25a1arr\u00eat\u00e9 pr\u00e9fectoral n\u00b0 772 du 29 juin 2020 autorisant Monsieur Jonathan F\u00c9VRIER, en qualit\u00e9 de repr\u00e9sentant l\u00e9gal, \u00e0\nexploiter un \u00e9tablissement d\u25a1enseignement de la conduite des v\u00e9hicules \u00e0 moteur et de la s\u00e9curit\u00e9 routi\u00e8re,\nsous le n\u00b0 E 16 021 0005 0\nd\u00e9nomm\u00e9 \u00ab\u00a0Auto-\u00c9cole des Chil\u00e8nes\u00bb  - situ\u00e9 2, rue Georges Guynemer\n21200 BEAUNE\n21\nDirection d\u00e9partementale des territoires de la\nC\u00f4te-d'Or\nCellule \u00c9ducation routi\u00e8re\n21-2024-02-20-00005\nArr\u00eat\u00e9 pr\u00e9fectoral n\u00b0 395\nAbrogeant l\u25a1arr\u00eat\u00e9 pr\u00e9fectoral n\u00b0 177 du 3 mars\n2021 autorisant Monsieur Yvon LAGUT, en\nqualit\u00e9 de repr\u00e9sentant l\u00e9gal, \u00e0 exploiter un\n\u00e9tablissement d\u25a1enseignement de la conduite\ndes v\u00e9hicules \u00e0 moteur et de la s\u00e9curit\u00e9 routi\u00e8re,\nsous le n\u00b0 E 06 021 0434 0\nd\u00e9nomm\u00e9 \u00ab\u00a0Auto-\u00c9cole PERFORMANCE\u00bb  \nsitu\u00e9 5, rue du Colonel Redoutey  - 21130\nAUXONNE\nDirection d\u00e9partementale des territoires de la C\u00f4te-d'Or - 21-2024-02-20-00005 - Arr\u00eat\u00e9 pr\u00e9fectoral n\u00b0 395\nAbrogeant l\u25a1arr\u00eat\u00e9 pr\u00e9fectoral n\u00b0 177 du 3 mars 2021 autorisant Monsieur Yvon LAGUT, en qualit\u00e9 de repr\u00e9sentant l\u00e9gal, \u00e0 exploiter\nun \u00e9tablissement d\u25a1enseignement de la conduite des v\u00e9hicules \u00e0 moteur et de la s\u00e9curit\u00e9 routi\u00e8re,\nsous le n\u00b0 E 06 021 0434 0\nd\u00e9nomm\u00e9 \u00ab\u00a0Auto-\u00c9cole PERFORMANCE\u00bb  \nsitu\u00e9 5, rue du Colonel Redoutey  - 21130 AUXONNE\n22\nExPREFETDE LACOTE-D'ORL,z'berte'Egalit\u00e9Fraternit\u00e9\nDirection d\u00e9partementale des territoires\nde la C\u00f4te-d'Or\nAffaire suivie par : \nService  S\u00e9curit\u00e9  et \u00c9ducation Routi\u00e8re\nBureau \u00c9ducation Routi\u00e8re \nT\u00e9l. : 03 80 29 44 70\nM\u00e9l : ddt-ber@cote-dor.gouv.fr \nDijon, le 20 f\u00e9vrier 2024\nArr\u00eat\u00e9 pr\u00e9fectoral n\u00b0 395\nAbrogeant l'arr\u00eat\u00e9 pr\u00e9fectoral n\u00b0 177 du 3 mars 2021 autorisant Monsieur Yvon LAGUT, en\nqualit\u00e9 de repr\u00e9sentant l\u00e9gal, \u00e0 exploiter un \u00e9tablissement d'enseignement de la conduite\ndes v\u00e9hicules \u00e0 moteur et de la s\u00e9curit\u00e9 routi\u00e8re,\nsous le n\u00b0 E 06 021 0434 0\nd\u00e9nomm\u00e9 \u00ab Auto-\u00c9cole PERFORMANCE\u00bb  \nsitu\u00e9 5, rue du Colonel Redoutey  - 21130 AUXONNE\nLe pr\u00e9fet de la C\u00f4te-d'Or\nVU le code de la route, notamment ses articles L.213-1 et R.213-9 ;\nVU l'ordonnance n\u00b0 2014-1090 du 26 septembre 2014 relative \u00e0 la mise en accessibilit\u00e9 des\n\u00e9tablissements recevant du public, des transports publics, des b\u00e2timents d'habitation et\nde la voirie pour des personnes handicap\u00e9es ;\nVU la loi n\u00b0 2015-990 du 06 ao\u00fbt 2015 pour la croissance, l'activit\u00e9 et l'\u00e9galit\u00e9 des chances\n\u00e9conomiques, et notamment son article 23 modifiant l'article L.213-1 du code de la route ;\nVU l'arr\u00eat\u00e9 du 8 janvier 2001 relatif \u00e0 l'exploitation des \u00e9tablissements d'enseignement, \u00e0\ntitre on\u00e9reux, de la conduite des v\u00e9hicules \u00e0 moteur et de la s\u00e9curit\u00e9 routi\u00e8re ;\nVU l'arr\u00eat\u00e9 du 08 janvier 2001 cr\u00e9ant un registre national de l'enseignement de la conduite\ndes v\u00e9hicules \u00e0 moteur et de la s\u00e9curit\u00e9 routi\u00e8re ;\nDirection d\u00e9partementale des territoires de la C\u00f4te-d'Or\n57 rue de Mulhouse- BP 53317 - 21033 DIJON cedex\nt\u00e9l : 03 80 29 44 44 \u2013 Courriel : ddt@cote-dor.gouv.fr\nDirection d\u00e9partementale des territoires de la C\u00f4te-d'Or - 21-2024-02-20-00005 - Arr\u00eat\u00e9 pr\u00e9fectoral n\u00b0 395\nAbrogeant l\u25a1arr\u00eat\u00e9 pr\u00e9fectoral n\u00b0 177 du 3 mars 2021 autorisant Monsieur Yvon LAGUT, en qualit\u00e9 de repr\u00e9sentant l\u00e9gal, \u00e0 exploiter\nun \u00e9tablissement d\u25a1enseignement de la conduite des v\u00e9hicules \u00e0 moteur et de la s\u00e9curit\u00e9 routi\u00e8re,\nsous le n\u00b0 E 06 021 0434 0\nd\u00e9nomm\u00e9 \u00ab\u00a0Auto-\u00c9cole PERFORMANCE\u00bb  \nsitu\u00e9 5, rue du Colonel Redoutey  - 21130 AUXONNE\n23\n2\nVU l'arr\u00eat\u00e9 pr\u00e9fectoral n\u00b0 1438/SG du 29 septembre 2023 donnant d\u00e9l\u00e9gation de signature\n\u00e0 Madame Florence LAUBIER, directrice d\u00e9partementale des territoires de C\u00f4te-d'Or ;\nVU  l'arr\u00eat\u00e9 pr\u00e9fectoral n \u00b0 43 du 10 janvier 2024  portant subd\u00e9l\u00e9gation de signature aux\nagents de la direction d\u00e9partementale des territoires de la C\u00f4te-d'Or ;\nCONSID\u00c9RANT  la  cessation  d'activit\u00e9  de  l'\u00e9tablissement  d\u00e9nomm\u00e9  \u00ab Auto-\u00c9cole\nPERFORMANCE \u00bb\nSUR proposition de la Directrice D\u00e9partementale des Territoires de la C\u00f4te-d'Or ;\nA R R \u00ca T E\nArticle 1er :  L'arr\u00eat\u00e9 pr\u00e9fectoral n\u00b0 177 du 3 mars 2021 relatif \u00e0 l'agr\u00e9ment n\u00b0 E 06 021 0434\n0  d\u00e9livr\u00e9 \u00e0 Monsieur  Yvon LAGUT  pour exploiter l'\u00e9tablissement d'enseignement, \u00e0 titre\non\u00e9reux, de la conduite des v\u00e9hicules \u00e0 moteur et la s\u00e9curit\u00e9 routi\u00e8re, situ\u00e9 \u2013  5, rue du\nColonel  Redoutey   -  21130  AUXONNE ,  sous  la  d\u00e9nomination  \u00ab Auto-\u00c9cole\nPERFORMANCE\u00bb est abrog\u00e9.\nArticle 2 : La pr\u00e9sente d\u00e9cision sera enregistr\u00e9e dans le registre national de l'enseignement\nde la conduite des v\u00e9hicules \u00e0 moteur et de la s\u00e9curit\u00e9 routi\u00e8re cr\u00e9\u00e9 par l'arr\u00eat\u00e9 du 8\njanvier 2001 pr\u00e9cit\u00e9,\nConform\u00e9ment \u00e0 la loi n\u00b0 78-17 du 6 janvier 1978 relative \u00e0 l'informatique, aux fichiers et\naux libert\u00e9s, toute personne peut obtenir communication et, le cas \u00e9ch\u00e9ant, rectification\nou  suppression des  informations  la concernant  en s'adressant au  \u00ab service s\u00e9curit\u00e9 et\n\u00e9ducation routi\u00e8re \u00bb\nArticle 3  : La directrice d\u00e9partementale des  territoires est charg\u00e9e, de l'ex\u00e9cution du\npr\u00e9sent arr\u00eat\u00e9, qui sera publi\u00e9 au recueil des actes administratifs de la pr\u00e9fecture de C\u00f4te-\nd'Or, et dont copie sera adress\u00e9e \u00e0 Monsieur Yvon LAGUT.\nFait \u00e0 Dijon, le 20 f\u00e9vrier 2024\nLe pr\u00e9fet,\nPour le pr\u00e9fet et par d\u00e9l\u00e9gation,\nLa d\u00e9l\u00e9gu\u00e9e \u00e0 l'\u00c9ducation Routi\u00e8re,\nORIGINAL SIGN\u00c9\nJulie SEVILLA\nDirection d\u00e9partementale des territoires de la C\u00f4te-d'Or\n57 rue de Mulhouse- BP 53317 - 21033 DIJON cedex\nt\u00e9l : 03 80 29 44 44 \u2013 Courriel : ddt@cote-dor.gouv.fr\nDirection d\u00e9partementale des territoires de la C\u00f4te-d'Or - 21-2024-02-20-00005 - Arr\u00eat\u00e9 pr\u00e9fectoral n\u00b0 395\nAbrogeant l\u25a1arr\u00eat\u00e9 pr\u00e9fectoral n\u00b0 177 du 3 mars 2021 autorisant Monsieur Yvon LAGUT, en qualit\u00e9 de repr\u00e9sentant l\u00e9gal, \u00e0 exploiter\nun \u00e9tablissement d\u25a1enseignement de la conduite des v\u00e9hicules \u00e0 moteur et de la s\u00e9curit\u00e9 routi\u00e8re,\nsous le n\u00b0 E 06 021 0434 0\nd\u00e9nomm\u00e9 \u00ab\u00a0Auto-\u00c9cole PERFORMANCE\u00bb  \nsitu\u00e9 5, rue du Colonel Redoutey  - 21130 AUXONNE\n24\nDirection d\u00e9partementale des territoires de la\nC\u00f4te-d'Or\nCellule \u00c9ducation routi\u00e8re\n21-2024-02-20-00006\nArr\u00eat\u00e9 pr\u00e9fectoral n\u00b0 396\nAbrogeant l\u25a1arr\u00eat\u00e9 pr\u00e9fectoral n\u00b0 628 du 25\nseptembre 2017 autorisant Monsieur Alain\nPOINCIN, en qualit\u00e9 de repr\u00e9sentant l\u00e9gal, \u00e0\nexploiter un \u00e9tablissement d\u25a1enseignement de la\nconduite des v\u00e9hicules \u00e0 moteur et de la s\u00e9curit\u00e9\nrouti\u00e8re,\nsous le n\u00b0 E 10 021 0473 0\nd\u00e9nomm\u00e9 \u00ab\u00a0Auto-\u00c9cole BROCHON\u00bb (SARL\nRoute d\u25a1Or)  - situ\u00e9 14, rue de la Maladi\u00e8re\n21220 BROCHON\nDirection d\u00e9partementale des territoires de la C\u00f4te-d'Or - 21-2024-02-20-00006 - Arr\u00eat\u00e9 pr\u00e9fectoral n\u00b0 396\nAbrogeant l\u25a1arr\u00eat\u00e9 pr\u00e9fectoral n\u00b0 628 du 25 septembre 2017 autorisant Monsieur Alain POINCIN, en qualit\u00e9 de repr\u00e9sentant l\u00e9gal, \u00e0\nexploiter un \u00e9tablissement d\u25a1enseignement de la conduite des v\u00e9hicules \u00e0 moteur et de la s\u00e9curit\u00e9 routi\u00e8re,\nsous le n\u00b0 E 10 021 0473 0\nd\u00e9nomm\u00e9 \u00ab\u00a0Auto-\u00c9cole BROCHON\u00bb (SARL Route d\u25a1Or)  - situ\u00e9 14, rue de la Maladi\u00e8re\n21220 BROCHON\n25\nExPREFETDE LACOTE-D'ORL,z'berte'Egalit\u00e9Fraternit\u00e9\nDirection d\u00e9partementale des territoires\nde la C\u00f4te-d'Or\nAffaire suivie par : \nService  S\u00e9curit\u00e9  et \u00c9ducation Routi\u00e8re\nBureau \u00c9ducation Routi\u00e8re \nT\u00e9l. : 03 80 29 44 70\nM\u00e9l : ddt-ber@cote-dor.gouv.fr \nDijon, le 20 f\u00e9vrier 2024\nArr\u00eat\u00e9 pr\u00e9fectoral n\u00b0 396\nAbrogeant l'arr\u00eat\u00e9 pr\u00e9fectoral n\u00b0 628 du 25 septembre 2017 autorisant Monsieur Alain\nPOINCIN, en qualit\u00e9 de repr\u00e9sentant l\u00e9gal, \u00e0 exploiter un \u00e9tablissement d'enseignement\nde la conduite des v\u00e9hicules \u00e0 moteur et de la s\u00e9curit\u00e9 routi\u00e8re,\nsous le n\u00b0 E 10 021 0473 0\nd\u00e9nomm\u00e9 \u00ab Auto-\u00c9cole BROCHON\u00bb (SARL Route d'Or)  - situ\u00e9 14, rue de la Maladi\u00e8re\n21220 BROCHON\nLe pr\u00e9fet de la C\u00f4te-d'Or\nVU le code de la route, notamment ses articles L.213-1 et R.213-9 ;\nVU l'ordonnance n\u00b0 2014-1090 du 26 septembre 2014 relative \u00e0 la mise en accessibilit\u00e9 des\n\u00e9tablissements recevant du public, des transports publics, des b\u00e2timents d'habitation et\nde la voirie pour des personnes handicap\u00e9es ;\nVU la loi n\u00b0 2015-990 du 06 ao\u00fbt 2015 pour la croissance, l'activit\u00e9 et l'\u00e9galit\u00e9 des chances\n\u00e9conomiques, et notamment son article 23 modifiant l'article L.213-1 du code de la route ;\nVU l'arr\u00eat\u00e9 du 8 janvier 2001 relatif \u00e0 l'exploitation des \u00e9tablissements d'enseignement, \u00e0\ntitre on\u00e9reux, de la conduite des v\u00e9hicules \u00e0 moteur et de la s\u00e9curit\u00e9 routi\u00e8re ;\nVU l'arr\u00eat\u00e9 du 08 janvier 2001 cr\u00e9ant un registre national de l'enseignement de la conduite\ndes v\u00e9hicules \u00e0 moteur et de la s\u00e9curit\u00e9 routi\u00e8re ;\nDirection d\u00e9partementale des territoires de la C\u00f4te-d'Or\n57 rue de Mulhouse- BP 53317 - 21033 DIJON cedex\nt\u00e9l : 03 80 29 44 44 \u2013 Courriel : ddt@cote-dor.gouv.fr\nDirection d\u00e9partementale des territoires de la C\u00f4te-d'Or - 21-2024-02-20-00006 - Arr\u00eat\u00e9 pr\u00e9fectoral n\u00b0 396\nAbrogeant l\u25a1arr\u00eat\u00e9 pr\u00e9fectoral n\u00b0 628 du 25 septembre 2017 autorisant Monsieur Alain POINCIN, en qualit\u00e9 de repr\u00e9sentant l\u00e9gal, \u00e0\nexploiter un \u00e9tablissement d\u25a1enseignement de la conduite des v\u00e9hicules \u00e0 moteur et de la s\u00e9curit\u00e9 routi\u00e8re,\nsous le n\u00b0 E 10 021 0473 0\nd\u00e9nomm\u00e9 \u00ab\u00a0Auto-\u00c9cole BROCHON\u00bb (SARL Route d\u25a1Or)  - situ\u00e9 14, rue de la Maladi\u00e8re\n21220 BROCHON\n26\n2\nVU l'arr\u00eat\u00e9 pr\u00e9fectoral n\u00b0 1438/SG du 29 septembre 2023 donnant d\u00e9l\u00e9gation de signature\n\u00e0 Madame Florence LAUBIER, directrice d\u00e9partementale des territoires de C\u00f4te-d'Or ;\nVU l'arr\u00eat\u00e9 pr\u00e9fectoral n\u00b0  43 du 10 janvier 2024 portant subd\u00e9l\u00e9gation de signature aux\nagents de la direction d\u00e9partementale des territoires de la C\u00f4te-d'Or ;\nCONSID\u00c9RANT  la  cessation  d'activit\u00e9  de  l'\u00e9tablissement  d\u00e9nomm\u00e9  \u00ab Auto-\u00c9cole\nBROCHON\u00bb (SARL Route d'Or) ;\nSUR proposition de la Directrice D\u00e9partementale des Territoires de la C\u00f4te-d'Or ;\nA R R \u00ca T E\nArticle 1er :  L'arr\u00eat\u00e9 pr\u00e9fectoral n\u00b0  628 du 25 septembre 2017  relatif \u00e0 l'agr\u00e9ment n\u00b0 E 10\n021  0473  0  d\u00e9livr\u00e9  \u00e0  Monsieur Alain  POINCIN  pour  exploiter  l'\u00e9tablissement\nd'enseignement, \u00e0 titre on\u00e9reux,  de la conduite des v\u00e9hicules  \u00e0 moteur  et la s\u00e9curit\u00e9\nrouti\u00e8re, situ\u00e9 \u2013  14, rue de la Maladi\u00e8re \u00e0 BROCHON , sous la d\u00e9nomination  \u00ab Auto-\u00c9cole\nBROCHON\u00bb (SARL Route d'Or) est abrog\u00e9.\nArticle 2 : La pr\u00e9sente d\u00e9cision sera enregistr\u00e9e dans le registre national de l'enseignement\nde la conduite des v\u00e9hicules \u00e0 moteur et de la s\u00e9curit\u00e9 routi\u00e8re cr\u00e9\u00e9 par l'arr\u00eat\u00e9 du 8\njanvier 2001 pr\u00e9cit\u00e9,\nConform\u00e9ment \u00e0 la loi n\u00b0 78-17 du 6 janvier 1978 relative \u00e0 l'informatique, aux fichiers et\naux libert\u00e9s, toute personne peut obtenir communication et, le cas \u00e9ch\u00e9ant, rectification\nou  suppression des  informations  la concernant  en s'adressant au  \u00ab service s\u00e9curit\u00e9 et\n\u00e9ducation routi\u00e8re \u00bb\nArticle 3  : La directrice d\u00e9partementale des  territoires est charg\u00e9e, de l'ex\u00e9cution du\npr\u00e9sent arr\u00eat\u00e9, qui sera publi\u00e9 au recueil des actes administratifs de la pr\u00e9fecture de C\u00f4te-\nd'Or, et dont copie sera adress\u00e9e \u00e0 Monsieur Alain POINCIN.\nFait \u00e0 Dijon, le 20 f\u00e9vrier 2024\nLe pr\u00e9fet,\nPour le pr\u00e9fet et par d\u00e9l\u00e9gation,\nLa d\u00e9l\u00e9gu\u00e9e \u00e0 l'\u00c9ducation Routi\u00e8re,\nORIGINAL SIGN\u00c9\nJulie SEVILLA\nDirection d\u00e9partementale des territoires de la C\u00f4te-d'Or\n57 rue de Mulhouse- BP 53317 - 21033 DIJON cedex\nt\u00e9l : 03 80 29 44 44 \u2013 Courriel : ddt@cote-dor.gouv.fr\nDirection d\u00e9partementale des territoires de la C\u00f4te-d'Or - 21-2024-02-20-00006 - Arr\u00eat\u00e9 pr\u00e9fectoral n\u00b0 396\nAbrogeant l\u25a1arr\u00eat\u00e9 pr\u00e9fectoral n\u00b0 628 du 25 septembre 2017 autorisant Monsieur Alain POINCIN, en qualit\u00e9 de repr\u00e9sentant l\u00e9gal, \u00e0\nexploiter un \u00e9tablissement d\u25a1enseignement de la conduite des v\u00e9hicules \u00e0 moteur et de la s\u00e9curit\u00e9 routi\u00e8re,\nsous le n\u00b0 E 10 021 0473 0\nd\u00e9nomm\u00e9 \u00ab\u00a0Auto-\u00c9cole BROCHON\u00bb (SARL Route d\u25a1Or)  - situ\u00e9 14, rue de la Maladi\u00e8re\n21220 BROCHON\n27\nDirection d\u00e9partementale des territoires de la\nC\u00f4te-d'Or\nService \u00c9conomie Agricole et Environnement des\nExploitations\n21-2024-02-20-00001\nARR\u00caT\u00c9 PR\u00c9FECTORAL n\u00b0 384\nEncadrant la p\u00e9riode de d\u00e9p\u00f4t des demandes\nd\u25a1indemnisation fond\u00e9e sur la solidarit\u00e9\nnationale des pertes affectant les prairies non\nassur\u00e9es suite aux al\u00e9as climatiques de l\u25a1ann\u00e9e\n2023\nDirection d\u00e9partementale des territoires de la C\u00f4te-d'Or - 21-2024-02-20-00001 - ARR\u00caT\u00c9 PR\u00c9FECTORAL n\u00b0 384\nEncadrant la p\u00e9riode de d\u00e9p\u00f4t des demandes d\u25a1indemnisation fond\u00e9e sur la solidarit\u00e9 nationale des pertes affectant les prairies non\nassur\u00e9es suite aux al\u00e9as climatiques de l\u25a1ann\u00e9e 2023\n28\nDirection d\u00e9partementale des territoires de la C\u00f4te-d'Or - 21-2024-02-20-00001 - ARR\u00caT\u00c9 PR\u00c9FECTORAL n\u00b0 384\nEncadrant la p\u00e9riode de d\u00e9p\u00f4t des demandes d\u25a1indemnisation fond\u00e9e sur la solidarit\u00e9 nationale des pertes affectant les prairies non\nassur\u00e9es suite aux al\u00e9as climatiques de l\u25a1ann\u00e9e 2023\n29\nARRETEArticle 1 :Les demandes d'indemnisation formul\u00e9es par les exploitants agricoles au titre de l'indemnit\u00e9fond\u00e9e sur la solidarit\u00e9 nationale pour les pertes de r\u00e9colte affectant les prairies non assur\u00e9es dansle d\u00e9partement de la C\u00f4te-d'Or cons\u00e9cutives aux al\u00e9as climatiques de l'ann\u00e9e 2023 sont d\u00e9pos\u00e9espar voie \u00e9lectronique sur I'application Al\u00e9aNat du 22 janvier 2024 au 07 mars 2024.\nArticle 2 :Le pr\u00e9sent arr\u00eat\u00e9 sera publi\u00e9 au recueil des actes administratifs de la pr\u00e9fecture de la C\u00f4te d'Or.\nFait \u00e0 Dijon, le 20/02/2024Pour le pr\u00e9fet et par subd\u00e9l\u00e9gation,La cheffe du service \u00e9conomie agricole etenvironnement des exploitations\nSIGNE\nMarie KIENTZ\nDirection d\u00e9partementale des territoires de la C\u00f4te-d'Or - 57, rue de Mulhouse \u2014 BP 53317 \u2014 21033 Dijon cedexT\u00e9l : 03 80 29 44 44Courriel : ddt@cote-dor.gouv.frhttp://www.cote-dor.gouv.fr2/2\nDirection d\u00e9partementale des territoires de la C\u00f4te-d'Or - 21-2024-02-20-00001 - ARR\u00caT\u00c9 PR\u00c9FECTORAL n\u00b0 384\nEncadrant la p\u00e9riode de d\u00e9p\u00f4t des demandes d\u25a1indemnisation fond\u00e9e sur la solidarit\u00e9 nationale des pertes affectant les prairies non\nassur\u00e9es suite aux al\u00e9as climatiques de l\u25a1ann\u00e9e 2023\n30\nDirection d\u00e9partementale des territoires de la\nC\u00f4te-d'Or\nService S\u00e9curit\u00e9 et Education Routi\u00e8re\n21-2024-02-20-00002\nArr\u00eat\u00e9 N\u00b0 385 autorisant une manifestation\nnautique d\u00e9nomm\u00e9e \u00ab\u00a0Comp\u00e9tition r\u00e9gionale\nde cano\u00eb kayak \u00a0\u00bb le dimanche 24 mars 2024 et\nfixant des mesures temporaires de police de la\nnavigation int\u00e9rieure sur la Sa\u00f4ne \u00e0 Ath\u00e9e (21)\nentre les PK 233,500 au PK 234,600.\nDirection d\u00e9partementale des territoires de la C\u00f4te-d'Or - 21-2024-02-20-00002 - Arr\u00eat\u00e9 N\u00b0 385 autorisant une manifestation nautique\nd\u00e9nomm\u00e9e \u00ab\u00a0Comp\u00e9tition r\u00e9gionale de cano\u00eb kayak \u00a0\u00bb le dimanche 24 mars 2024 et fixant des mesures temporaires de police de la\nnavigation int\u00e9rieure sur la Sa\u00f4ne \u00e0 Ath\u00e9e (21)\nentre les PK 233,500 au PK 234,600.\n31\nExPREFETDE LACOTE-D'ORL,z'berte'Egalit\u00e9Fraternit\u00e9\nDirection d\u00e9partementale des territoires\nde la C\u00f4te-d'Or\nAffaire suivie par : Isabelle FERREIRA\nService s\u00e9curit\u00e9 et \u00e9ducation routi\u00e8re\nBureau s\u00e9curit\u00e9 routi\u00e8re\nT\u00e9l. : 03 80 29 44 89\nM\u00e9l : ddt-manifestations-sportives@cote-dor.gouv.fr\nDijon, le 20 f\u00e9vrier 2024                        \nArr\u00eat\u00e9 N\u00b0 385\nautorisant une manifestation nautique d\u00e9nomm\u00e9e \u00ab Comp\u00e9tition r\u00e9gionale de cano\u00eb\nkayak  \u00bb le dimanche 24 mars 2024 et fixant des mesures temporaires de police de la\nnavigation int\u00e9rieure sur la Sa\u00f4ne \u00e0 Ath\u00e9e (21)\nentre les PK 233,500 au PK 234,600.\nLe pr\u00e9fet de la C\u00f4te-d'Or\nVU le Code des Transports ;\nVU le Code du Sport ;\nVU le  d\u00e9cret  n\u00b0  2012-1556  du  28  d\u00e9cembre  2012  d\u00e9terminant  la  liste  des  mesures\ntemporaires d'interruption ou de modification des conditions de navigation pouvant \u00eatre\nprises par le gestionnaire de la voie d'eau ;\nVU l'arr\u00eat\u00e9 minist\u00e9riel du 28 juin 2013 portant r\u00e8glement g\u00e9n\u00e9ral de police de la navigation\nint\u00e9rieure (RGP)  ;\nVU la circulaire du 24 janvier 2013 relative aux actes et mesures de police de la navigation\nint\u00e9rieure ;\nVU l'arr\u00eat\u00e9 inter-pr\u00e9fectoral du 7 f\u00e9vrier 2017 portant r\u00e8glement particulier de police de la\nnavigation sur l'itin\u00e9raire de Rh\u00f4ne-Sa\u00f4ne \u00e0 grand gabarit \nVU l'arr\u00eat\u00e9  pr\u00e9fectoral  n\u00b0  1438  /  SG  du  29  septembre  2023  donnant  d\u00e9l\u00e9gation  de\nsignature \u00e0 Madame Florence LAUBIER, directrice d\u00e9partementale des territoires de la\nC\u00f4te-d'Or ;\nDirection d\u00e9partementale des territoires de la C\u00f4te-d'Or\n57 rue de Mulhouse- BP 53317 - 21033 DIJON cedex\nt\u00e9l : 03 80 29 44 44 \u2013 Courriel : ddt@cote-dor.gouv.fr\nDirection d\u00e9partementale des territoires de la C\u00f4te-d'Or - 21-2024-02-20-00002 - Arr\u00eat\u00e9 N\u00b0 385 autorisant une manifestation nautique\nd\u00e9nomm\u00e9e \u00ab\u00a0Comp\u00e9tition r\u00e9gionale de cano\u00eb kayak \u00a0\u00bb le dimanche 24 mars 2024 et fixant des mesures temporaires de police de la\nnavigation int\u00e9rieure sur la Sa\u00f4ne \u00e0 Ath\u00e9e (21)\nentre les PK 233,500 au PK 234,600.\n32\nVU l'arr\u00eat\u00e9 n\u00b0 43 du 10 janvier 2024 portant d\u00e9l\u00e9gation de signature aux agents de la\ndirection d\u00e9partementale des territoires de la C\u00f4te-d'Or ;\nVU  la  demande  en  date  du  22  janvier  2024  transmise  par  l'association  CK  Etoile\nAuxonnaise,  sollicitant  l'autorisation  d'organiser  le  dimanche  24  mars  2024  une\nmanifestation  nautique  d\u00e9nomm\u00e9e  \u00ab Comp\u00e9tition  r\u00e9gionale  de  cano\u00eb  kayak  \u00bb  du  PK\n233,500 au PK 234,600 sur la Sa\u00f4ne ;\nVU l'attestation d'assurance d\u00e9livr\u00e9e  par la MAIF \u2013 contrat n\u00b0 2 225346 N souscrit par la\nF\u00e9d\u00e9ration Fran\u00e7aise de Cano\u00eb- Kayak garantissant la responsabilit\u00e9 civile d'organisateur\nCK Etoile Auxonnaise   qui lui est affili\u00e9 ;\nVU l'avis favorable du maire d'Ath\u00e9e en date du 22 janvier 2024 ;\nVU l'avis favorable du maire d'Auxonne en date du 8 d\u00e9cembre 2023 ;\nVU l'avis favorable de la direction territoriale Rh\u00f4ne-Sa\u00f4ne de Voies Navigables de France\nen date du 13f\u00e9vrier 2024;\nCONSID\u00c9RANT que  le  pr\u00e9fet  de  d\u00e9partement  exerce  les  comp\u00e9tences  qui  lui  sont\nd\u00e9volues en mati\u00e8re de police de la navigation int\u00e9rieure ;\nSUR proposition de la directrice d\u00e9partementale des territoires de la C\u00f4te-d'Or ;\nARR\u00caTE\nArticle 1     : Objet de l'autorisation\nMonsieur S\u00e9bastien MALHEIRO pr\u00e9sident de la section cano\u00eb kayak de l'Etoile Auxonnaise,\nest autoris\u00e9 \u00e0 organiser le dimanche 24 mars 2024, la manifestation nautique intitul\u00e9e\n\u00ab Comp\u00e9tition R\u00e9gionale de cano\u00eb  kayak \u00bb entre les  PK 233,500 au PK 234,600  \u00e0 Ath\u00e9e,\nconform\u00e9ment aux prescriptions ci- dessous et au plan annex\u00e9.\nArticle 2     :   Suspension de l'autorisation  \nLa  pr\u00e9sente  autorisation  sera  suspendue par  simple  d\u00e9cision  du  gestionnaire  ou  du\nconcessionnaire de la voie d'eau.\nArticle   3   : Mesures temporaires  \n  Tous  les  b\u00e2timents  circulant sur  la voie d'eau  devront  r\u00e9duire leur  vitesse \u00e0  4km/h et\nobserver une vigilance particuli\u00e8re entre les points kilom\u00e9triques 233.500 et 234.600 le  24\nmars 2024 de 09h00 \u00e0 17h30 par d\u00e9rogation \u00e0 l'article 8 du RPPi sur l'itin\u00e9raire Sa\u00f4ne\nMarne.\nArticle   4     : Mesures de s\u00e9curit\u00e9  \nLes  participants  devront  adapter  leur  activit\u00e9  afin  de  n'apporter  aucune  g\u00eane  \u00e0  la\nnavigation en transit circulant dans le chenal navigable. En toute circonstance, priorit\u00e9\nsera donn\u00e9e en permanence \u00e0 la navigation qui ne devra jamais \u00eatre interrompue.\nDirection d\u00e9partementale des territoires de la C\u00f4te-d'Or\n57 rue de Mulhouse- BP 53317 - 21033 DIJON cedex\nt\u00e9l : 03 80 29 44 44 \u2013 Courriel : ddt@cote-dor.gouv.fr\nDirection d\u00e9partementale des territoires de la C\u00f4te-d'Or - 21-2024-02-20-00002 - Arr\u00eat\u00e9 N\u00b0 385 autorisant une manifestation nautique\nd\u00e9nomm\u00e9e \u00ab\u00a0Comp\u00e9tition r\u00e9gionale de cano\u00eb kayak \u00a0\u00bb le dimanche 24 mars 2024 et fixant des mesures temporaires de police de la\nnavigation int\u00e9rieure sur la Sa\u00f4ne \u00e0 Ath\u00e9e (21)\nentre les PK 233,500 au PK 234,600.\n33\nLa navigation des skis nautique, jet skis et bateaux \u00e0 voile sera suspendue pendant la\np\u00e9riode de course le 24 mars 2024  de 9h00 \u00e0 13h00 et de 14h00 \u00e0 17h30.\nLes participants devront respecter l'ensemble des r\u00e8glementations en vigueur (RGP , RPP \u2026)\n2  bateaux  de  s\u00e9curit\u00e9  seront  plac\u00e9s,  l'un  en  amont,  l'autre  \u00e0  l'aval  de  la  zone  afin\nd'informer les usagers et de les accompagner lors de la travers\u00e9e du secteur.\nLes balises devront \u00eatre mises en place juste avant la manifestation et retir\u00e9es aussit\u00f4t\ncelle-ci termin\u00e9e.\nLes participants devront naviguer de jour et par temps clair.\nArticle   5   :   Responsable de manifestation  \nLe responsable op\u00e9rationnel de la manifestation est M. MALHEIRO S\u00e9bastien qui devra\n\u00eatre joignable \u00e0 tout moment au n\u00b0 07 .64.00.93.06.\nD'une  mani\u00e8re  g\u00e9n\u00e9rale,  la  responsabilit\u00e9  de  VNF  sera  totalement  d\u00e9gag\u00e9e  en  cas\nd'accident ou de dommages qui pourraient \u00eatre caus\u00e9s aux personnes et aux biens du\ndomaine public fluvial, le p\u00e9titionnaire \u00e9tant le seul responsable du bon d\u00e9roulement de\ncette activit\u00e9 et de ses cons\u00e9quences.\nArticle   6     :   Obligations d'information  \n    Le p\u00e9titionnaire devra se conformer aux prescriptions diffus\u00e9es par avis \u00e0 la batellerie, en\nparticulier pour conna\u00eetre les conditions de navigation. Il pourra prendre connaissance des\navis \u00e0 la batellerie sur le site www.vnf.fr ou contacter les UTI de Voies navigables de France.\nArticle 7 : Publicit\u00e9\nLe pr\u00e9sent  arr\u00eat\u00e9 sera publi\u00e9 par  le gestionnaire de la voie d'eau  par  voie d'avis  \u00e0 la\nbatellerie.\nArticle 8     :   Recours  \nLe  pr\u00e9sent  arr\u00eat\u00e9  peut  faire  l'objet  d'un  recours  contentieux  devant  le  tribunal\nadministratif de Dijon dans un d\u00e9lai de deux mois \u00e0 compter de sa publication. Un recours\npeut  \u00eatre  d\u00e9pos\u00e9  via  l'application  T\u00e9l\u00e9recours  citoyens  accessible  par  le  site  internet\nwww.telerecours.fr  .  \nArticle 9 : Ex\u00e9cution et publicit\u00e9\nLe  directeur de cabinet, la  directrice d\u00e9partementale des territoires de la  C\u00f4te-d'Or,  le\ncommandant de la r\u00e9gion de gendarmerie de Bourgogne-Franche-Comt\u00e9 et du groupement de\ngendarmerie de la C\u00f4te-d'Or, le commandant de gendarmerie fluviale de Saint-Jean-de-\nLosne, le directeur territorial Rh\u00f4ne Sa\u00f4ne des Voies Navigables de France, les maires de la\ncommunes  d'Ath\u00e9e  et  d'Auxonne  et  l'organisateur  sont  charg\u00e9s,  chacun  en  ce  qui  le\nconcerne,  de  l'ex\u00e9cution  du  pr\u00e9sent  arr\u00eat\u00e9  qui  sera  publi\u00e9  au  Recueil  des  Actes\nAdministratifs  de  la  Pr\u00e9fecture  de  la  C\u00f4te-d'Or  et  dont  copie  sera  adress\u00e9e  au\np\u00e9titionnaire.\nFait \u00e0 Dijon, le 20 f\u00e9vrier 2024\n       Pour le pr\u00e9fet et par d\u00e9l\u00e9gation,\nLe chef du bureau de l'\u00e9ducation routi\u00e8re,\n \n SIGN\u00c9\n                         Philippe MUNIER\nDirection d\u00e9partementale des territoires de la C\u00f4te-d'Or\n57 rue de Mulhouse- BP 53317 - 21033 DIJON cedex\nt\u00e9l : 03 80 29 44 44 \u2013 Courriel : ddt@cote-dor.gouv.fr\nDirection d\u00e9partementale des territoires de la C\u00f4te-d'Or - 21-2024-02-20-00002 - Arr\u00eat\u00e9 N\u00b0 385 autorisant une manifestation nautique\nd\u00e9nomm\u00e9e \u00ab\u00a0Comp\u00e9tition r\u00e9gionale de cano\u00eb kayak \u00a0\u00bb le dimanche 24 mars 2024 et fixant des mesures temporaires de police de la\nnavigation int\u00e9rieure sur la Sa\u00f4ne \u00e0 Ath\u00e9e (21)\nentre les PK 233,500 au PK 234,600.\n34\nGL\nDirection d\u00e9partementale des territoires de la C\u00f4te-d'Or\n57 rue de Mulhouse- BP 53317 - 21033 DIJON cedex\nt\u00e9l : 03 80 29 44 44 \u2013 Courriel : ddt@cote-dor.gouv.fr\nDirection d\u00e9partementale des territoires de la C\u00f4te-d'Or - 21-2024-02-20-00002 - Arr\u00eat\u00e9 N\u00b0 385 autorisant une manifestation nautique\nd\u00e9nomm\u00e9e \u00ab\u00a0Comp\u00e9tition r\u00e9gionale de cano\u00eb kayak \u00a0\u00bb le dimanche 24 mars 2024 et fixant des mesures temporaires de police de la\nnavigation int\u00e9rieure sur la Sa\u00f4ne \u00e0 Ath\u00e9e (21)\nentre les PK 233,500 au PK 234,600.\n35\nDirection d\u00e9partementale des territoires de la\nC\u00f4te-d'Or\nService S\u00e9curit\u00e9 et \u00c9ducation Routi\u00e8re\n21-2024-02-20-00003\nArr\u00eat\u00e9 tripartite portant r\u00e9glementation\npermanente du r\u00e9gime de priorit\u00e9 au carrefour\nde la route d\u00e9partementale 961, class\u00e9e Route \u00e0\nGrande Circulation, de la voie communale Rue\nde la Bannie et du chemin rural n\u00b03 dit de la\nPresle au PR 15+0730,sur la commune de\nVONGES\nDirection d\u00e9partementale des territoires de la C\u00f4te-d'Or - 21-2024-02-20-00003 - Arr\u00eat\u00e9 tripartite portant r\u00e9glementation\npermanente du r\u00e9gime de priorit\u00e9 au carrefour de la route d\u00e9partementale 961, class\u00e9e Route \u00e0 Grande Circulation, de la voie\ncommunale Rue de la Bannie et du chemin rural n\u00b03 dit de la Presle au PR 15+0730,sur la commune de VONGES\n36\nExPREFETDE LACOTE-D'ORLibert\u00e9Egalit\u00e9Fraternit\u00e9\nCommune de Vonges 21270\nDirection D\u00e9partementale des Territoires     Dijon, le 20 f\u00e9vrier 2024\nService de la S\u00e9curit\u00e9 et de l'\u00c9ducation Routi\u00e8re\nBureau de la S\u00e9curit\u00e9 Routi\u00e8re\nArr\u00eat\u00e9 Permanent \n  \nPortant r\u00e9glementation permanente du r\u00e9gime de priorit\u00e9 au carrefour de la route\nd\u00e9partementale 961, class\u00e9e Route \u00e0 Grande Circulation, de la voie communale Rue de la\nBannie et du chemin rural n\u00b03 dit de la Presle au PR 15+0730,sur la commune de VONGES\nLe pr\u00e9fet de la r\u00e9gion Bourgogne-Franche-Comt\u00e9       Le pr\u00e9sident du Conseil D\u00e9partemental de la \n      Pr\u00e9fet de la C\u00f4te-d'Or       C\u00f4te-d'Or\n              Officier de la L\u00e9gion d'Honneur\n          Officier de l'Ordre National du M\u00e9rite \nVU le Code de la Route et notamment l'article R411-7;\nVU le Code G\u00e9n\u00e9ral des Collectivit\u00e9s Territoriales ;\nVU  la  loi  n\u00b0  82.213  du  2  mars  1982  relative  aux  droits  et  libert\u00e9s  des  communes,  des\nd\u00e9partements et des r\u00e9gions ;\nVU le d\u00e9cret n\u00b02009-615 du 3 juin 2009 fixant la liste des routes \u00e0 grande circulation modifi\u00e9 ;\nVU l'arr\u00eat\u00e9 interminist\u00e9riel du 24 novembre 1967 modifi\u00e9, relatif \u00e0 la signalisation des routes\net autoroutes ;\nVU l'instruction interminist\u00e9rielle relative \u00e0 la signalisation routi\u00e8re, livre I \u2013 troisi\u00e8me partie \u2013\nintersection et r\u00e9gime de priorit\u00e9 \u2013 approuv\u00e9 par l'arr\u00eat\u00e9 interminist\u00e9riel du 26 juillet 1974\nmodifi\u00e9 ;\nDirection d\u00e9partementale des territoires de la C\u00f4te-d'Or\n57 , rue de Mulhouse - BP 53317 - 21033 Dijon CEDEX\nT\u00e9l. : 03 80 29 44 44\nCourriel : ddt@cote-dor.gouv.fr\nN\u00b0  387 de la Pr\u00e9fecture \nde la C\u00f4te-d'Or\nN\u00b0 24-P-00001\ndu Conseil D\u00e9partemental \nde la C\u00f4te-d'Or\nLe maire de VONGES\nN\u00b0 2023/11/001  de la commune\n de VONGES\nDirection d\u00e9partementale des territoires de la C\u00f4te-d'Or - 21-2024-02-20-00003 - Arr\u00eat\u00e9 tripartite portant r\u00e9glementation\npermanente du r\u00e9gime de priorit\u00e9 au carrefour de la route d\u00e9partementale 961, class\u00e9e Route \u00e0 Grande Circulation, de la voie\ncommunale Rue de la Bannie et du chemin rural n\u00b03 dit de la Presle au PR 15+0730,sur la commune de VONGES\n37\nVU la demande et le rapport du Conseil D\u00e9partemental de la C\u00f4te-d'Or ;\nCONSID\u00c9RANT qu'il incombe \u00e0 l'autorit\u00e9 d\u00e9tentrice du pouvoir de police de circulation de\nveiller \u00e0 la s\u00e9curit\u00e9 des usagers de la voie publique ;\nSUR proposition de Madame la directrice d\u00e9partementale des territoires de la C\u00f4te-d'Or ;\nSUR proposition de Monsieur le directeur g\u00e9n\u00e9ral des services du Conseil D\u00e9partemental de\nla C\u00f4te-d'Or ;\nSUR proposition de Monsieur le Maire de VONGES,\nARRETENT\nArticle 1er\nLe r\u00e9gime de priorit\u00e9 de l'intersection, situ\u00e9e hors agglom\u00e9ration, au PR 15+0730 entre la route\nd\u00e9partementale 961, class\u00e9e Route \u00e0 Grande Circulation, la voie communale Rue de la Bannie\net le chemin rural n\u00b03 dit de la Presle sur la commune de VONGES, est un r\u00e9gime \u00ab  STOP \u00bb sur\nla voie communale Rue de la Bannie et le chemin rural n\u00b03 dit de la Presle.\nArticle 2\nLa signalisation r\u00e9glementaire conforme aux dispositions des 3e partie - intersections et r\u00e9gime\nde priorit\u00e9 - et 7 e septi\u00e8me partie - marques sur chauss\u00e9es - de l'instruction interminist\u00e9rielle\nsur la signalisation routi\u00e8re sera mise en place par le Conseil D\u00e9partemental de la C\u00f4te-d'Or.\nArticle 3\nLes  dispositions  d\u00e9finies  par  l'article  1er prendront  effet  le  jour  de  la  mise  en  place  de\nl'ensemble de la signalisation pr\u00e9vue \u00e0 l'article 2 ci-dessus.\nArticle 4\nToutes les dispositions ant\u00e9rieures au pr\u00e9sent arr\u00eat\u00e9 et relatives \u00e0 l'intersection mentionn\u00e9e\nci-dessus, sont rapport\u00e9es.\nArticle 5\nLe pr\u00e9sent arr\u00eat\u00e9 peut faire l'objet d'un recours gracieux aupr\u00e8s du pr\u00e9fet et/ou d'un recours\ncontentieux  devant  le  tribunal  administratif  dans  un  d\u00e9lai  de  2  mois  \u00e0  compter  de  sa\nnotification.\nLe tribunal administratif peut \u00eatre saisi par un recours d\u00e9pos\u00e9 via l'application T\u00e9l\u00e9recours\ncitoyens accessible par le site internet www.telerecours.fr \u00bb.\nArticle 6\n- Le directeur de Cabinet du pr\u00e9fet de la C\u00f4te-d'Or ;\n- Le directeur g\u00e9n\u00e9ral des services du Conseil D\u00e9partemental de la C\u00f4te-d'Or ;\n- Le maire de la commune de VONGES ;\n- Le  Commandant  de  la  R\u00e9gion  de  Gendarmerie  de  Bourgogne-Franche-Comt\u00e9  et  du\nGroupement de C\u00f4te-d'Or,\nDirection d\u00e9partementale des territoires de la C\u00f4te-d'Or\n57 , rue de Mulhouse - BP 53317 - 21033 Dijon CEDEX\nT\u00e9l. : 03 80 29 44 44\nCourriel : ddt@cote-dor.gouv.fr\nDirection d\u00e9partementale des territoires de la C\u00f4te-d'Or - 21-2024-02-20-00003 - Arr\u00eat\u00e9 tripartite portant r\u00e9glementation\npermanente du r\u00e9gime de priorit\u00e9 au carrefour de la route d\u00e9partementale 961, class\u00e9e Route \u00e0 Grande Circulation, de la voie\ncommunale Rue de la Bannie et du chemin rural n\u00b03 dit de la Presle au PR 15+0730,sur la commune de VONGES\n38\nsont charg\u00e9s, chacun en ce qui le concerne, de l'ex\u00e9cution du pr\u00e9sent arr\u00eat\u00e9.\nLe pr\u00e9sent arr\u00eat\u00e9 sera publi\u00e9 au recueil des actes administratifs de la Pr\u00e9fecture de C\u00f4te-d'Or\net au bulletin des actes administratifs du Conseil d\u00e9partemental de la C\u00f4te-d'Or et de la\ncommune de VONGES.\n          \n           Fait \u00e0 Dijon, le 20 f\u00e9vrier 2024         Fait \u00e0 Dijon, le 6 f\u00e9vrier 2024\n                                                                                                                                  \n                                                                            \n \nDirection d\u00e9partementale des territoires de la C\u00f4te-d'Or\n57 , rue de Mulhouse - BP 53317 - 21033 Dijon CEDEX\nT\u00e9l. : 03 80 29 44 44\nCourriel : ddt@cote-dor.gouv.fr\nLe pr\u00e9sident du Conseil \nD\u00e9partemental de la C\u00f4te-d'Or\nPour le Pr\u00e9sident et par d\u00e9l\u00e9gation,\nLe Chef de Service de Coordination \ndes Actions territorialis\u00e9es\nSIGN\u00c9\nJulien ROUET\nLe pr\u00e9fet,\nPour le pr\u00e9fet et par d\u00e9l\u00e9gation,\nLa Directrice D\u00e9partementale des \nTerritoires Adjointe\nSIGNE\nNadine MUCKENSTURM\nFait \u00e0 Vonges, le 26 janvier 2024\nLe maire \nSIGN\u00c9\nRichard ROUSSEL\nDirection d\u00e9partementale des territoires de la C\u00f4te-d'Or - 21-2024-02-20-00003 - Arr\u00eat\u00e9 tripartite portant r\u00e9glementation\npermanente du r\u00e9gime de priorit\u00e9 au carrefour de la route d\u00e9partementale 961, class\u00e9e Route \u00e0 Grande Circulation, de la voie\ncommunale Rue de la Bannie et du chemin rural n\u00b03 dit de la Presle au PR 15+0730,sur la commune de VONGES\n39\nPr\u00e9fecture de la C\u00f4te-d'Or\n21-2024-02-19-00004\nArr\u00eat\u00e9 fixant le montant du pr\u00e9l\u00e8vement pr\u00e9vu \u00e0\nl'article L. 302-7 du code de la construction et de\nl'habitation au titre de l'ann\u00e9e 2024 pour la\ncommune de Marsannay-la-C\u00f4te\nPr\u00e9fecture de la C\u00f4te-d'Or - 21-2024-02-19-00004 - Arr\u00eat\u00e9 fixant le montant du pr\u00e9l\u00e8vement pr\u00e9vu \u00e0 l'article L. 302-7 du code de la\nconstruction et de l'habitation au titre de l'ann\u00e9e 2024 pour la commune de Marsannay-la-C\u00f4te 40\n \n   \n \n \n \n \nPr\u00e9fecture de la C\u00f4te-d'Or - 21-2024-02-19-00004 - Arr\u00eat\u00e9 fixant le montant du pr\u00e9l\u00e8vement pr\u00e9vu \u00e0 l'article L. 302-7 du code de la\nconstruction et de l'habitation au titre de l'ann\u00e9e 2024 pour la commune de Marsannay-la-C\u00f4te 41\nARRETE\nArticle 1er :Le montant du pr\u00e9l\u00e8vement vis\u00e9 \u00e0 l'article L. 302-7 du code de la construction et del'habitation au titre de 2024 est fix\u00e9, pour la commune de Marsannay-la-C\u00f4te \u00e0x17 355,02 euros et est affect\u00e9 \u00e0 Dijon M\u00e9tropole dans le cadre de la d\u00e9l\u00e9gation decomp\u00e9tence des aides \u00e0 la pierre.\nArticle 2 :Le pr\u00e9l\u00e8vement sera effectu\u00e9 sur les attributions mentionn\u00e9es \u00e0 l'article L. 2332-2 du codeg\u00e9n\u00e9ral des collectivit\u00e9s territoriales des mois de mars \u00e0 novembre de I'ann\u00e9e 2024.\nArticle 3:Le secr\u00e9taire g\u00e9n\u00e9ral de la pr\u00e9fecture de la C\u00f4te d'Or et la directrice d\u00e9partementale desterritoires sont charg\u00e9s, chacun pour ce qui le concerne, de l'ex\u00e9cution du pr\u00e9sent arr\u00eat\u00e9qui sera publi\u00e9 au recueil des actes administratifs de l'Etat et notifi\u00e9 aux int\u00e9ress\u00e9s.\nFait \u00e0 Dijon, le 19 f\u00e9vrier 2024Le pr\u00e9fet et par d\u00e9l\u00e9gation,Le secr\u00e9taire g\u00e9n\u00e9ral\nSign\u00e9 : Johann MOUGENOT\nConform\u00e9ment \u00e0 l'article R. 421-1 du code de justice administrative, la pr\u00e9sente d\u00e9cision peutfaire l'objet d'un recours contentieux, dans le d\u00e9lai de deux mois \u00e0 compter de sa notification,devant le tribunal administratif de DIJON 22 rue d'Assas BP 61616 21016 DIJON. Elle peut\u00e9galement faire I'objet d'un recours gracieux aupr\u00e9s de monsieur le Pr\u00e9fet de la C\u00f4te-d'Or. Cetted\u00e9marche interrompt le d\u00e9lai de recours contentieux, ce dernier devant \u00eatre introduit dans led\u00e9lai de deux mois suivant une d\u00e9cision implicite ou explicite de l'autorit\u00e9 comp\u00e9tente (le silencede l'administration pendant un d\u00e9lai de deux mois valant d\u00e9cision implicite de rejet).\nDirection d\u00e9partementale des territoires de la C\u00f4te-d'Or57 rue de Mulhouse- BP 53317 - 21033 DIJON cedext\u00e9l : 03 80 29 44 44 \u2014 Courriel : ddt@cote-dor.gouv.fr\n \n \nPr\u00e9fecture de la C\u00f4te-d'Or - 21-2024-02-19-00004 - Arr\u00eat\u00e9 fixant le montant du pr\u00e9l\u00e8vement pr\u00e9vu \u00e0 l'article L. 302-7 du code de la\nconstruction et de l'habitation au titre de l'ann\u00e9e 2024 pour la commune de Marsannay-la-C\u00f4te 42\nPr\u00e9fecture de la C\u00f4te-d'Or\nDirection des s\u00e9curit\u00e9s\n21-2023-12-22-00004\nArr\u00eat\u00e9 n\u00b0 1808/2023 Portant approbation du\nSch\u00e9ma D\u00e9partemental d\u25a1Analyse et de\nCouverture des Risques du Service\nD\u00e9partemental d\u25a1Incendie et de Secours de la\nC\u00f4te-d\u25a1Or\nPr\u00e9fecture de la C\u00f4te-d'Or - 21-2023-12-22-00004 - Arr\u00eat\u00e9 n\u00b0 1808/2023 Portant approbation du Sch\u00e9ma D\u00e9partemental d\u25a1Analyse et\nde Couverture des Risques du Service D\u00e9partemental d\u25a1Incendie et de Secours de la C\u00f4te-d\u25a1Or 43\nExPREFETDE LACOTE-D'ORLibert\u00e9Egalit\u00e9Fraternit\u00e9 22 D Boulevard Winston ChurchillCS 16209 - 21 062 DIJON CedexSDIS de la C\u00f4te-d'Or\nArr\u00eat\u00e9 n\u00b0 1808/2023\nPortant approbation du Sch\u00e9ma D\u00e9partemental d'Analyse et de Couverture des Risques\ndu Service D\u00e9partemental d'Incendie et de Secours de la C\u00f4te-d'Or\nLe pr\u00e9fet de la C\u00f4te-d'Or\nVU  le  Code  G\u00e9n\u00e9ral  des  Collectivit\u00e9s  Territoriales,  et  notamment  ses  articles  L1424-7 ,\nL1424-12, R1424-38 ;\nVU le Code de la S\u00e9curit\u00e9 Int\u00e9rieure, et notamment l'article L731-2 ;\nVu le d\u00e9cret du 26 septembre 2022 portant nomination du pr\u00e9fet de la r\u00e9gion Bourgogne-\nFranche-Comt\u00e9, pr\u00e9fet de la C\u00f4te-d'Or (hors classe) \u2013 M. Franck ROBINE ;  \nVU  l'arr\u00eat\u00e9  pr\u00e9fectoral  n\u00b0250  du  18  mai  2015  portant  approbation  du  Sch\u00e9ma\nD\u00e9partemental d'Analyse et de Couverture des Risques de la C\u00f4te-d'Or ;\nVU  l'avis de la Commission Administrative et Technique des Services d'Incendie et de\nSecours, rendu le 10 octobre 2023 ;\nVU l'avis du Conseil Social Territorial, rendu le 10 octobre 2023 ;\nVU l'avis du Comit\u00e9 Consultatif D\u00e9partemental des Sapeur-Pompiers Volontaires, rendu le\n19 octobre 2023 ;\nVU la pr\u00e9sentation du projet au coll\u00e8ge des chefs de service de l'\u00c9tat le 6 novembre 2023 ;\nVU l'avis du Conseil D\u00e9partemental de la C\u00f4te-d'Or, rendu le 27 novembre 2023 ;\nVU l'avis conforme du Conseil d'Administration du Service D\u00e9partemental d'Incendie et\nSecours, rendu le 11 d\u00e9cembre 2023, portant sur le Sch\u00e9ma D\u00e9partemental d'Analyse et de\nCouverture des Risques ;\nSUR proposition de monsieur le directeur de cabinet et du d irecteur d\u00e9partemental des\nservices d'incendie et de secours ;\n1/2\nPr\u00e9fecture de la C\u00f4te-d'Or - 21-2023-12-22-00004 - Arr\u00eat\u00e9 n\u00b0 1808/2023 Portant approbation du Sch\u00e9ma D\u00e9partemental d\u25a1Analyse et\nde Couverture des Risques du Service D\u00e9partemental d\u25a1Incendie et de Secours de la C\u00f4te-d\u25a1Or 44\nARR\u00caTE\nArticle 1 :  L'arr\u00eat\u00e9  pr\u00e9fectoral  n\u00b0250  du  18  mai  2015  fixant  le  Sch\u00e9ma  D\u00e9partemental\nd'Analyse et de Couverture des Risques de la C\u00f4te-d'Or est abrog\u00e9.\nArticle 2 : Le sch\u00e9ma d\u00e9partemental d'analyse et de couverture des risques, \u00e9labor\u00e9 sous\nl'autorit\u00e9 de monsieur le Pr\u00e9fet de C\u00f4te d'Or par le Service D\u00e9partemental d'Incendie et\nde Secours de la C\u00f4te-d'Or, annex\u00e9 au pr\u00e9sent arr\u00eat\u00e9, est approuv\u00e9.\nArticle 3 : Le sch\u00e9ma d\u00e9partemental d'analyse et de couverture des risques est publi\u00e9 au\nrecueil des actes administratifs de la pr\u00e9fecture de la C\u00f4te-d'Or et au recueil du Service\nD\u00e9partemental d'Incendie et de Secours de la C\u00f4te-d'Or.\nArticle 4 :  Le pr\u00e9sent arr\u00eat\u00e9 peut faire l'objet d'un recours contentieux aupr\u00e8s du tribunal\nadministratif de Dijon dans un d\u00e9lai de deux mois \u00e0 compter de sa publication. Le tribunal\nadministratif  peut  \u00eatre  saisi  par  l'application  informatique  \u00ab T\u00e9l\u00e9-recours  citoyens \u00bb\naccessible par le site Internet www.telerecours.fr\nArticle 5 : Monsieur le Pr\u00e9fet de la C\u00f4te-d'Or, monsieur le Directeur D\u00e9partemental des\nServices  d'Incendie  et  de  Secours  de  la  C\u00f4te-d'Or,  Monsieur  le  Pr\u00e9sident  du  conseil\nd\u00e9partemental du SDIS 21 sont charg\u00e9s, chacun en ce qui le concerne, de l'ex\u00e9cution et de\nla mise en \u0153uvre du pr\u00e9sent arr\u00eat\u00e9.\nDijon, le 22 d\u00e9cembre 2023\nLe Pr\u00e9fet,\nORIGINAL SIGNE                             \nFranck ROBINE\n2/2\nPr\u00e9fecture de la C\u00f4te-d'Or - 21-2023-12-22-00004 - Arr\u00eat\u00e9 n\u00b0 1808/2023 Portant approbation du Sch\u00e9ma D\u00e9partemental d\u25a1Analyse et\nde Couverture des Risques du Service D\u00e9partemental d\u25a1Incendie et de Secours de la C\u00f4te-d\u25a1Or 45\nPr\u00e9fecture de la C\u00f4te-d'Or\nP\u00f4le juridique inter-services\n21-2024-02-21-00001\nArr\u00eat\u00e9 pr\u00e9fectoral n\u00b0 414 / SG du 21 f\u00e9vrier 2024 \ndonnant d\u00e9l\u00e9gation de signature \u00e0 Monsieur\n\u00c9douard BOUY\u00c9, conservateur g\u00e9n\u00e9ral du\npatrimoine, directeur des archives\n\u00e9partementales\nPr\u00e9fecture de la C\u00f4te-d'Or - 21-2024-02-21-00001 - \nArr\u00eat\u00e9 pr\u00e9fectoral n\u00b0 414 / SG du 21 f\u00e9vrier 2024 \ndonnant d\u00e9l\u00e9gation de signature \u00e0 Monsieur \u00c9douard BOUY\u00c9, conservateur g\u00e9n\u00e9ral du patrimoine, directeur des archives\n\u00e9partementales\n46\nSECR\u00c9TARIAT G\u00c9N\u00c9RAL\nDirection de la coordination des politiques publiques\net de l'appui territorial\nArr\u00eat\u00e9 pr\u00e9fectoral n\u00b0 414 / SG du 21 f\u00e9vrier 2024 \ndonnant d\u00e9l\u00e9gation de signature \u00e0 Monsieur \u00c9douard BOUY\u00c9,\nconservateur g\u00e9n\u00e9ral du patrimoine, directeur des archives d\u00e9partementales\nLe pr\u00e9fet de la C\u00f4te-d'Or\nVU le code du patrimoine et les d\u00e9crets n\u00b0 79-1037, 79-1038, 79-1039 et 79-\n1040 du 3 d\u00e9cembre 1979 ;\nVU le code g\u00e9n\u00e9ral des collectivit\u00e9s territoriales et notamment ses articles\nR.1421-1 \u00e0 R.1421-16 ;\nVU le d\u00e9cret n\u00b0 2004-374 du 29 avril 2004 relatif aux pouvoirs des pr\u00e9fets, \u00e0\nl'organisation et \u00e0 l'action des services de l'\u00c9tat dans les r\u00e9gions et d\u00e9partements,\nmodifi\u00e9 par le d\u00e9cret n\u00b0 2010-146 du 16 f\u00e9vrier 2010 et par le d\u00e9cret n\u00b0 2010-687 du 24\njuin 2010 ;\nVU le d\u00e9cret n\u00b0 2008-158 du 22 f\u00e9vrier 2008 relatif \u00e0 la suppl\u00e9ance des\npr\u00e9fets de r\u00e9gion et \u00e0 la d\u00e9l\u00e9gation de signature des pr\u00e9fets et hauts commissaires de\nla R\u00e9publique en Polyn\u00e9sie fran\u00e7aise et en Nouvelle-Cal\u00e9donie ;\nVU le d\u00e9cret n\u00b0 2009-176 du 16 f\u00e9vrier 2009 modifiant le d\u00e9cret n\u00b0 64-805 du\n29 juillet 1964 fixant les dispositions r\u00e9glementaires applicables aux pr\u00e9fets et le d\u00e9cret\nn\u00b0 2004-374 du 29 avril 2004 relatif aux pouvoirs des pr\u00e9fets, \u00e0 l'organisation et \u00e0\nl'action des services de l'\u00c9tat dans les r\u00e9gions et d\u00e9partements ;\nVU l'arr\u00eat\u00e9 minist\u00e9riel du  3 octobre 2013 , mettant \u00e0 disposition aupr\u00e8s des\narchives d\u00e9partementales de C\u00f4te d'Or pour une p\u00e9riode de trois ans \u00e0 compter du 1 er\njuillet 2013, M. \u00c9douard BOUY\u00c9 ;\n VU le d\u00e9cret du 26 septembre 2022 nommant Monsieur Franck ROBINE,\npr\u00e9fet de la r\u00e9gion Bourgogne \u2013 Franche-Comt\u00e9, pr\u00e9fet de la C\u00f4te d'Or (hors classe)  ;\nVU la  convention  du  12  avril  2022  de  mise  \u00e0  disposition  aupr\u00e8s  du\nd\u00e9partement  de  la  C\u00f4te-d'Or, par  le  minist\u00e8re  de  la  culture, de  Monsieur  \u00c9douard\nBOUY\u00c9 pour une p\u00e9riode de trois ans, renouvelable, \u00e0 compter du 1 er juillet 2022, pour\ny exercer les fonctions de directeur du service d\u00e9partemental d'archives de C\u00f4te-d'Or  ;\nPr\u00e9fecture de la C\u00f4te-d'Or - 21-2024-02-21-00001 - \nArr\u00eat\u00e9 pr\u00e9fectoral n\u00b0 414 / SG du 21 f\u00e9vrier 2024 \ndonnant d\u00e9l\u00e9gation de signature \u00e0 Monsieur \u00c9douard BOUY\u00c9, conservateur g\u00e9n\u00e9ral du patrimoine, directeur des archives\n\u00e9partementales\n47\nVU l'arr\u00eat\u00e9 pr\u00e9fectoral n\u00b0 1219/SG du 17 octobre 2022 donnant d\u00e9l\u00e9gation de\nsignature \u00e0 M. \u00c9douard BOUY\u00c9, directeur des archives d\u00e9partementales ;\n  SUR proposition de M. le secr\u00e9taire g\u00e9n\u00e9ral de la pr\u00e9fecture de la C\u00f4te-d'Or;\nARR\u00caTE\nArticle 1  er   : L'arr\u00eat\u00e9 pr\u00e9fectoral n\u00b0 1219/SG du 17 octobre 2022 donnant d\u00e9l\u00e9gation de\nsignature \u00e0 M. \u00c9douard BOUY\u00c9, directeur des archives d\u00e9partementales, et toutes\ndispositions ant\u00e9rieures contraires au pr\u00e9sent arr\u00eat\u00e9 sont abrog\u00e9s.\nArticle 2  :  D\u00e9l\u00e9gation de signature est donn\u00e9e \u00e0  M. \u00c9douard BOUY\u00c9,  directeur des\narchives  d\u00e9partementales,  \u00e0  l'effet  de  signer,  dans  le  cadre  de  ses  attributions  et\ncomp\u00e9tences, toutes correspondances, rapports, visas et d\u00e9cisions relatifs aux mati\u00e8res\n\u00e9num\u00e9r\u00e9es ci-dessous :\na) gestion du service d\u00e9partemental d'archives     :  \n\u2013 correspondances  relatives \u00e0 la gestion du personnel de l'\u00c9tat mis \u00e0 disposition\naupr\u00e8s du conseil g\u00e9n\u00e9ral pour exercer leurs fonctions dans le service d\u00e9partemental\nd'archives.\nb) contr\u00f4le scientifique et technique des archives des collectivit\u00e9s territoriales     :  \n\u2013 correspondances, rapports et avis relatifs \u00e0 l'exercice du contr\u00f4le scientifique et\ntechnique  de  l'\u00c9tat  sur  les  archives  des  collectivit\u00e9s  territoriales,  \u00e0  l'exclusion  des\nd\u00e9cisions et mises en demeure concernant le d\u00e9p\u00f4t des archives des communes aux\narchives  d\u00e9partementales  en  application  des  articles  L.1421-7  \u00e0  L.1421-8  du  code\ng\u00e9n\u00e9ral des collectivit\u00e9s territoriales ;\n\u2013 avis sur les projets de construction, extension et r\u00e9am\u00e9nagement des b\u00e2timents \u00e0\nusage d'archives des collectivit\u00e9s territoriales (\u00e0 l'exclusion du d\u00e9partement) et de leurs\ngroupements ;\n\u2013 visas pr\u00e9alables \u00e0 l'\u00e9limination des documents d'archives des collectivit\u00e9s territoriales ;\nc) contr\u00f4le des archives publiques et priv\u00e9es d\u00e9coulant du code du patrimoine et des\nd\u00e9crets du 3     d\u00e9cembre 1979 relatifs aux archives     :  \n\u2013 documents li\u00e9s au contr\u00f4le de la conservation, du tri, du classement, de l'inventaire\net de  la  communication  des  archives des  services de  l'\u00c9tat,  des  \u00e9tablissements  et\nentreprises publiques, des organismes de droit priv\u00e9 charg\u00e9 de la gestion des services\npublics ou d'une mission de service public et des officiers publics ou minist\u00e9riels ;\n\u2013 visas pr\u00e9alables \u00e0 l'\u00e9limination des documents d'archives des services de l'\u00c9tat ;\n\u2013 documents li\u00e9s \u00e0 la protection du patrimoine archivistique priv\u00e9.\nd) coordination de l'activit\u00e9 des services d'archives dans les limites du d\u00e9partement     :  \n\u2013 correspondances et rapports.\n2/3\nPr\u00e9fecture de la C\u00f4te-d'Or - 21-2024-02-21-00001 - \nArr\u00eat\u00e9 pr\u00e9fectoral n\u00b0 414 / SG du 21 f\u00e9vrier 2024 \ndonnant d\u00e9l\u00e9gation de signature \u00e0 Monsieur \u00c9douard BOUY\u00c9, conservateur g\u00e9n\u00e9ral du patrimoine, directeur des archives\n\u00e9partementales\n48\nArticle 3 : En cas d'absence ou d'emp\u00eachement de M. \u00c9 douard BOUY\u00c9, directeur des\narchives d\u00e9partementales, la d\u00e9l\u00e9gation qui lui est conf\u00e9r\u00e9e par l'article 2  ci-dessus sera\nexerc\u00e9e par M. Vivien CANIVENQ, charg\u00e9 d'\u00e9tudes documentaires.\nArticle 5  : Le secr\u00e9taire g\u00e9n\u00e9ral de la pr\u00e9fecture de la C\u00f4te d'Or, le  directeur des\narchives d\u00e9partementales et les agents b\u00e9n\u00e9ficiaires de la d\u00e9l\u00e9gation , sont charg\u00e9s,\nchacun pour ce qui le concerne, de l'ex\u00e9cution du pr\u00e9sent arr\u00eat\u00e9 qui sera applicable \u00e0\ncompter de sa publication au recueil des actes administratifs de la pr\u00e9fecture de la\nC\u00f4te-d'Or.\nFait \u00e0 Dijon, le 21 f\u00e9vrier 2024\nLe pr\u00e9fet,\n       Sign\u00e9 :\n \n Franck ROBINE\n3/3\nPr\u00e9fecture de la C\u00f4te-d'Or - 21-2024-02-21-00001 - \nArr\u00eat\u00e9 pr\u00e9fectoral n\u00b0 414 / SG du 21 f\u00e9vrier 2024 \ndonnant d\u00e9l\u00e9gation de signature \u00e0 Monsieur \u00c9douard BOUY\u00c9, conservateur g\u00e9n\u00e9ral du patrimoine, directeur des archives\n\u00e9partementales\n49\nPr\u00e9fecture de la C\u00f4te-d'Or\nP\u00f4le juridique inter-services\n21-2024-02-16-00004\nArr\u00eat\u00e9 368 du 16 f\u00e9vrier 2024 autorisant\nl'acceptation d'une donation\nPr\u00e9fecture de la C\u00f4te-d'Or - 21-2024-02-16-00004 - Arr\u00eat\u00e9 368 du 16 f\u00e9vrier 2024 autorisant l'acceptation d'une donation 50\n                                                                                                                            \nP\u00f4le juridique inter-service de l'\u00c9tat              Dijon, le  16 f\u00e9vrier 2024\nAffaire suivie par : M. Fr\u00e9d\u00e9ric PELISSIER\nT\u00e9l : 03 80 44 66 28\nfrederic.pelissier@cote-dor.gouv.fr\n                ARRETE PREFECTORAL N\u00b0 368\n        portant autorisation d'acceptation \n                              d'une donation de M. John Thomas SWEENEY \n                   au profit des hospices civils de Beaune\nVU l'article 910 du code civil, premier alin\u00e9a ;\nVU les articles L6141-1, L6141-2-1,L6145-10-1 du code de la sant\u00e9 \npublique ;\nVU la loi du 4 f\u00e9vrier 1901 sur la tutelle administrative en mati\u00e8re de\ndons et legs, notamment ses articles 7 et 8 ;\nVU le  d\u00e9cret n\u00b0  2007-807  du  11  mai 2007  relatif aux  associations,\ncongr\u00e9gations et \u00e9tablissements publics du culte et portant application de l'article\n910 du code civil et notamment ses articles 4 \u00e0 6 ;\nVU l'acte de donation en date du 19 janvier 2024 de Monsieur John\nThomas SWEENEY accordant la donation aux Hospices civils de Beaune, en\npleine propri\u00e9t\u00e9 les valeurs mobili\u00e8res et de la somme d'argent d\u00e9sign\u00e9s \u00e0 l'acte\nde donation ;               \n \nVU les pi\u00e8ces du dossier complet le 9 f\u00e9vrier 2024 ;\nVU les charges et conditions particuli\u00e8res figurant \u00e0 l'acte de donation ;\n CONSIDERANT que les hospices civils de Beaune ont la capacit\u00e9 \u00e0\nrecevoir une donation, conform\u00e9ment aux dispositions de l'article L 6141-2-1 du\nCode de la Sant\u00e9 Publique ;\nCONSIDERANT l'absence d'h\u00e9ritiers ;\nPr\u00e9fecture de la C\u00f4te-d'Or \n53 rue de la Pr\u00e9fecture - 21041 DIJON cedex\nt\u00e9l : 03 80 44 64 00 - Fax : 03 80 30 65 12 - m\u00e8l : courrier@cote-dor.pref.gouv.fr\nSite internet : http://www.cote-dor.gouv.fr\nPr\u00e9fecture de la C\u00f4te-d'Or - 21-2024-02-16-00004 - Arr\u00eat\u00e9 368 du 16 f\u00e9vrier 2024 autorisant l'acceptation d'une donation 51\nSUR proposition de Monsieur le secr\u00e9taire g\u00e9n\u00e9ral de la pr\u00e9fecture ;\nA   R R\u00caT E  \nArticle 1er: Monsieur le Directeur des Hospices civils de Beaune est autoris\u00e9,\nau nom de l'\u00e9tablissement, \u00e0 accepter purement et simplement la donation qui\nlui a \u00e9t\u00e9 consentie par Monsieur John Thomas SWEENEY suivant l'acte de\ndonation susvis\u00e9 du 19 janvier 2024.\nArticle 2: M. le secr\u00e9taire g\u00e9n\u00e9ral de la pr\u00e9fecture de la C\u00f4te-d'Or est charg\u00e9 de\nl'ex\u00e9cution du pr\u00e9sent arr\u00eat\u00e9, qui sera publi\u00e9 au recueil des actes administratifs\nde la Pr\u00e9fecture de la C\u00f4te-d'Or et dont copie sera adress\u00e9 \u00e0 M. le Directeur des\nHospices civils de Beaune.\nFait \u00e0 Dijon, le 16 f\u00e9vrier 2024\n              \n                   \n             Le pr\u00e9fet,\n           Pour le pr\u00e9fet et par \n        d\u00e9l\u00e9gation,\n                           Le secr\u00e9taire g\u00e9n\u00e9ral\n             Sign\u00e9 :\n             Johann MOUGENOT\nPr\u00e9fecture de la C\u00f4te-d'Or - 21-2024-02-16-00004 - Arr\u00eat\u00e9 368 du 16 f\u00e9vrier 2024 autorisant l'acceptation d'une donation 52\nPr\u00e9fecture de la C\u00f4te-d'Or\nP\u00f4le juridique inter-services\n21-2024-02-19-00003\nArr\u00eat\u00e9 373 du 19 f\u00e9vrier 2024  autorisant une\nqu\u00eate sur la voie publique le 9 mars 2024 \u00e0\nMontbard\nPr\u00e9fecture de la C\u00f4te-d'Or - 21-2024-02-19-00003 - Arr\u00eat\u00e9 373 du 19 f\u00e9vrier 2024  autorisant une qu\u00eate sur la voie publique le 9 mars\n2024 \u00e0 Montbard 53\n= =REPUBLIQUEFRANCAISELibert\u00e9\u00c6galit\u00e9Fraternite\n@NaCVGAider Reconnaitre Transmettre\n                                                         \nARR\u00caT\u00c9 n\u00b0 373 du 19 f\u00e9vrier 2024\nLE PR\u00c9FET DE LA REGION BOURGOGNE/FRANCHE-COMTE,\nPREFET DE LA C\u00d4TE D'OR\nVU les articles L.2212-2 et L.2215-1 du Code G\u00e9n\u00e9ral des Collectivit\u00e9s Territoriales ;\nVU la loi du 1er juillet 1901 relative au contrat d'association ;\nVU la loi n\u00b0 91-772 du 7 ao\u00fbt 1991 relative au cong\u00e9 de repr\u00e9sentation en faveur des\nassociations et des mutuelles et au contr\u00f4le des comptes des organismes faisant appel \u00e0 la\ng\u00e9n\u00e9rosit\u00e9 publique et notamment son article 1er ;\nVU le d\u00e9cret n\u00b0 92-1011 du 17 septembre 1992 relatif au contr\u00f4le des comptes des\norganismes faisant appel \u00e0 la g\u00e9n\u00e9rosit\u00e9 publique ;\nVU l'arr\u00eat\u00e9 du 18 avril 1958, r\u00e9glementant les qu\u00eates sur la voie publique ;\nVU la circulaire du 9 septembre 1950 relative \u00e0 l'appel \u00e0 la g\u00e9n\u00e9rosit\u00e9 publique ; \nVU l'avis relatif au calendrier des journ\u00e9es nationales de qu\u00eates sur la voie publique de\nl'ann\u00e9e 2024 ; \nVU la demande re\u00e7ue par mail en date du 27 Janvier 2024 de M. Lionel TREUCHOT et \nMme Nadine OLIVARES, enseignants au coll\u00e8ge Louis Pasteur de Montbard 21500.\n \nSUR proposition  du  Directeur  du  Service  d\u00e9partemental  de  l'Office  National  des\nCombattants et Victimes de Guerre de la C\u00f4te d'Or ; \nARRETE\nPr\u00e9fecture de la C\u00f4te-d'Or - 21-2024-02-19-00003 - Arr\u00eat\u00e9 373 du 19 f\u00e9vrier 2024  autorisant une qu\u00eate sur la voie publique le 9 mars\n2024 \u00e0 Montbard 54\nARTICLE 1  er      -\nM. Lionel TREUCHOT et Mme Nadine OLIVARES enseignants au coll\u00e8ge Louis Pasteur de \nMontbard et leur groupe d'\u00e9l\u00e8ves de la classe d\u00e9fense et citoyennet\u00e9 sont autoris\u00e9s \u00e0 qu\u00eater \nsur la voie publique le samedi matin 9 mars 2024 de 9h00 \u00e0 12h30 \u00e0 hauteur de l'enseigne \nIntermarch\u00e9 65 rue de Dijon 21500 Montbard au profit du Bleuet de France.\nARTICLE 2      -\nLe pr\u00e9sent arr\u00eat\u00e9 n'est valable que pour la journ\u00e9e du samedi 9 mars 2024 par d\u00e9rogation au\ncalendrier des appels \u00e0 la g\u00e9n\u00e9rosit\u00e9 publique fix\u00e9e par le minist\u00e8re de l'int\u00e9rieur.\nARTICLE 3      -\nLes personnes habilit\u00e9es \u00e0 qu\u00eater doivent porter d'une fa\u00e7on ostensible une carte indiquant\nl'\u0153uvre au profit de laquelle elles collectent les fonds et la date de la qu\u00eate. Cette carte n'est\nvalable que pour la dur\u00e9e de la qu\u00eate autoris\u00e9e ; elle doit \u00eatre vis\u00e9e par le Pr\u00e9fet.\nARTICLE 4      -\nLe  Directeur  de  cabinet  de  la  pr\u00e9fecture  de  la  C\u00f4te  d'Or  et  le  Directeur  du  service\nd\u00e9partemental de l'Office National des Combattants et Victimes de Guerre de la C\u00f4te d'Or, sont\ncharg\u00e9s, chacun en ce qui le concerne, de l'ex\u00e9cution du pr\u00e9sent arr\u00eat\u00e9 qui sera publi\u00e9 au\nrecueil des actes administratifs de la Pr\u00e9fecture de la C\u00f4te d'Or.\nA  Dijon, le 19 f\u00e9vrier 2024\nPour le Pr\u00e9fet et par d\u00e9l\u00e9gation,  \nLe secr\u00e9taire g\u00e9n\u00e9ral, \n                          \nSign\u00e9 :                  \nJohann MOUGENOT\n                                                                                                                                      \nPr\u00e9fecture de la C\u00f4te-d'Or - 21-2024-02-19-00003 - Arr\u00eat\u00e9 373 du 19 f\u00e9vrier 2024  autorisant une qu\u00eate sur la voie publique le 9 mars\n2024 \u00e0 Montbard 55\nPr\u00e9fecture de la C\u00f4te-d'Or\nP\u00f4le juridique inter-services\n21-2024-02-21-00004\nArr\u00eat\u00e9 pr\u00e9fectoral N\u00b0  413  / SG du  21 f\u00e9vrier\n2024                  \ndonnant d\u00e9l\u00e9gation de signature pour\nl\u25a1utilisation \nd\u25a1une carte d\u25a1achat nominative\nPr\u00e9fecture de la C\u00f4te-d'Or - 21-2024-02-21-00004 - Arr\u00eat\u00e9 pr\u00e9fectoral N\u00b0  413  / SG du  21 f\u00e9vrier 2024                  \ndonnant d\u00e9l\u00e9gation de signature pour l\u25a1utilisation \nd\u25a1une carte d\u25a1achat nominative\n56\n\u00ab SECR\u00c9TARIAT G\u00c9N\u00c9RALPREFET Direction de la coordination des politiques publiquesDE LA et de l'appui territorialCOTE-D'ORLibert\u00e9Egalit\u00e9Fraternit\u00e9\nArr\u00eat\u00e9 pr\u00e9fectoral N\u00b0 413 / SG du 21 f\u00e9vrier 2024donnant d\u00e9l\u00e9gation de signature pour l'utilisationd'une carte d'achat nominative\nLe pr\u00e9fet de la C\u00f4te d'Or\nVu le d\u00e9cret n\u00b0 2004-374 du 29 avril 2004 relatif aux pouvoirs des pr\u00e9fets, \u00e0 l'organisation et \u00e0 l'actiondes services de l'Etat dans les r\u00e9gions et d\u00e9partements ;Vu le d\u00e9cret n\u00b0 2012-1246 modifi\u00e9 relatif \u00e0 la gestion budg\u00e9taire et comptable publique ;Vu le d\u00e9cret du 26 septembre 2022 nommant Monsieur Franck ROBINE, pr\u00e9fet de la r\u00e9gionBourgogne-Franche-Comt\u00e9, pr\u00e9fet de la C\u00f4te-d'Or (hors classe) ;Vu le d\u00e9cret du 16 ao\u00fbt 2022 portant nomination de Monsieur Olivier GERSTL\u00c9 en qualit\u00e9 de sous-pr\u00e9fet, directeur de cabinet du pr\u00e9fet de la R\u00e9gion Bourgogne-Franche-Comt\u00e9, pr\u00e9fet de la C\u00f4te-d'Or ;Vu le d\u00e9cret du 3 janvier 2024 nommant Monsieur Johann MOUGENOT, sous-pr\u00e9fet, en qualit\u00e9 desecr\u00e9taire g\u00e9n\u00e9ral de la pr\u00e9fecture de la C\u00f4te-d'Or, sous-pr\u00e9fet de Dijon (classe fonctionnelle !l) ;Vu le d\u00e9cret du 29 d\u00e9cembre 2022 nommant Madame Amelle GHAYOU, administratrice territoriale,sous-pr\u00e9f\u00e8te charg\u00e9e de mission aupr\u00e8s du pr\u00e9fet de r\u00e9gion Bourgogne-Franche-Comt\u00e9, pr\u00e9fet dela C\u00f4te d'Or ;Vu l'arr\u00e9t\u00e9 du Premier ministre et du ministre de l'Int\u00e9rieur en date du 12 janvier 2022 nommantMadame Anne COSTE DE CHAMPERON, administratice de I'Etat hors classe, en qualit\u00e9 desecr\u00e9taire g\u00e9n\u00e9rale pour les affaires r\u00e9gionales de la R\u00e9gion Bourgogne-Franche Comt\u00e9, \u00e0compter du 1* f\u00e9vrier 2022;Vu l'arr\u00eat\u00e9 du Premier Ministre et du Ministre de l'Int\u00e9rieur en date du 22 d\u00e9cembre 2022 nommantMadame Florence BERNARD, en qualit\u00e9 d'adjointe au secr\u00e9taire g\u00e9n\u00e9ral pour les affairesr\u00e9gionales de la R\u00e9gion Bourgogne \u2014 Franche-Comt\u00e9, en charge du p\u00f4le \u00ab politiques publiquesinterminist\u00e9rielles \u00bb,Vu l'arr\u00eat\u00e9 du Premier Ministre et du Ministre de l'Int\u00e9rieur en date du 8 juin 2021 nommantMadame Milada PANTIC, en qualit\u00e9 d'adjointe au secr\u00e9taire g\u00e9n\u00e9ral pour les affaires r\u00e9gionales dela R\u00e9gion Bourgogne \u2014 Franche-Comt\u00e9, en charge du p\u00f4le \u00ab moyens, modernisation,mutualisations \u00bb,\nPr\u00e9fecture de la C\u00f4te-d'Or - 21-2024-02-21-00004 - Arr\u00eat\u00e9 pr\u00e9fectoral N\u00b0  413  / SG du  21 f\u00e9vrier 2024                  \ndonnant d\u00e9l\u00e9gation de signature pour l\u25a1utilisation \nd\u25a1une carte d\u25a1achat nominative\n57\nVu le d\u00e9cret du 17 novembre 2023 nommant Monsieur S\u00e9bastien LANOYE, sous-pr\u00e9fet, sous-pr\u00e9fet de Montbard ;Vu le d\u00e9cret du 6 juillet 2023, nommant Monsieur Beno\u00eet BYRSKI, sous-pr\u00e9fet, sous-pr\u00e9fet deBeaune;Vu l' arr\u00eat\u00e9 pr\u00e9fectoral n\u00b0 1184/SG du 3 d\u00e9cembre 2020 portant organisation du Secr\u00e9tariat g\u00e9n\u00e9ralcommun d\u00e9partemental de la C\u00f4te d'Or ;Vu l'arr\u00eat\u00e9 pr\u00e9fectoral n\u00b0 1251/SG du 18 d\u00e9cembre 2020 portant organisation des services de lapr\u00e9fecture de la r\u00e9gion Bourgogne Franche-Comt\u00e9, pr\u00e9fecture de la C\u00f4te d'Or ;Vu l'arr\u00e9t\u00e9 du Premier Ministre et du Ministre de l'Int\u00e9rieur en date du 1\" f\u00e9vrier 2024 nommantMme Nathalie BERGET, attach\u00e9e d'administration de l'\u00c9tat hors classe, directrice du secr\u00e9tariatg\u00e9n\u00e9ral commun d\u00e9partemental de la C\u00f4te d'Or \u00e0 compter du 1 mars 2024 ;\nVu l'arr\u00eat\u00e9 pr\u00e9fectoral N\u00b0 254 / SG du 1* f\u00e9vrier 2024 donnant d\u00e9l\u00e9gation de signature pourl'utilisation d'une carte d'achat nominative ;SUR proposition du secr\u00e9taire g\u00e9n\u00e9ral de la pr\u00e9fecture de la C\u00f4te d'Or ;\nARR\u00caTEArticle 1 : L'arr\u00eat\u00e9 pr\u00e9fectoral N\u00b0 254/SG du 1er f\u00e9vrier 2024 donnant d\u00e9l\u00e9gation de signature pourl'utilisation d'une carte d'achat nominative et toutes dispositions ant\u00e9rieures sont abrog\u00e9s \u00e0 compterdu 1er mars 2024.Article 2 : D\u00e9l\u00e9gation de signature est accord\u00e9e aux personnes figurant dans le tableau en annexe 1du pr\u00e9sent arr\u00eat\u00e9, afin d'utiliser dans le cadre de leurs attributions, comp\u00e9tences et dans la limitefix\u00e9e, une carte d'achat nominative.\nArticle 3 : Le secr\u00e9taire g\u00e9n\u00e9ral de la pr\u00e9fecture de la C\u00f4te d'Or est charg\u00e9 de l'ex\u00e9cution du pr\u00e9sentarr\u00e9t\u00e9 qui sera publi\u00e9 au recueil des actes administratifs de la pr\u00e9fecture de la C\u00f4te d'Or.\nFait \u00e0 Dijon, le 21/02/24Le pr\u00e9fetSIGNEFranck ROBINE\n2/2\nPr\u00e9fecture de la C\u00f4te-d'Or - 21-2024-02-21-00004 - Arr\u00eat\u00e9 pr\u00e9fectoral N\u00b0  413  / SG du  21 f\u00e9vrier 2024                  \ndonnant d\u00e9l\u00e9gation de signature pour l\u25a1utilisation \nd\u25a1une carte d\u25a1achat nominative\n58\nFeuille1\nPorteur de carte d'achat ServicePlafond annuel\nBERNARD Florence (carte Repr\u00e9sentation) SGAR ADJOINTE 2500BERNARD Florence (carte HFRR) SGAR ADJOINT\u00c8 2000BEZERRA DOS ANJOS Dominice (carte Repr\u00e9sentation) _ |RESIDENCE PREFET 10000BEZERRA DOS ANJOS Dominice (carte HFRR) RESIDENCE PREFET 12000BRULE Thierry (carte Repr\u00e9sentation) DIRECTION SECURITE 6000\nBRULE Thierry (carte HFRR) DIRECTION SECURITE 4000\nBYRSKI BENOIT (carte Repr\u00e9sentation) SOUS PREFET BEAUNE 5700\nBYRSKI BENOIT (carte HFRR) SOUS PREFET BEAUNE 5700\nCASCHETTA Genevi\u00e8ve (carte Repr\u00e9sentation) DIRECTRICE ADJOINTE DDPP 6000CASCHETTA Genevi\u00e8ve (carte HFRR) DIRECTRICE ADJOINTE DDPP 6000CLEMENT Serge (carte Repr\u00e9sentation) SGC - LISI 25000COLIN J\u00e9r\u00f4me (carte Repr\u00e9sentation) COMMUNICATION 15000CONORT Bertrand (carte Repr\u00e9sentation RESIDENCE PREFET 40000CONORT Bertrand (carte HFRR) RESIDENCE PREFET 40000COSTE DE CHAMPERON Anne (carte HFRR) SGAR 15000COSTE DE CHAMPERON Anne (carte Repr\u00e9sentation) SGAR 17000DELANGLE Christian (carte HFRR) DDT 2000FETEIRA Marie (carte Repr\u00e9sentation) SP BEAUNE 3000FETEIRA Marie (carte HFRR) SP BEAUNE 2000BERGET Nathalie (carte Repr\u00e9sentation) DIRECTRICE SGC 40000/\u00c0 partir du 1/03/24BERGET Nathalie (carte HFRR) DIRECTRICE SGC 30000/A partir du 1/03/24GERSTLE OLIVIER (carte HFRR) DIRECTEUR DE CABINET 4500GERSTLE OLIVIER (carte Repr\u00e9sentation) DIRECTEUR DE CABINET 5500GHAYOU 'AMELLE (carte HFRR) SG ADJOINTE 6200GHAYOU AMELLE (carte Repr\u00e9sentation) SG ADJOINTE 6200LANOYE SEBASTIEN (carte Repr\u00e9sentation SOUS PREFET MONTBARD 6000LANOYE SEBASTIEN (carte HFRR) SOUS PREFET MONTBARD 6000LAUBIER Florence (carte Repr\u00e9sentation) DIRECTRICE DDT 10000LAUBIER Florence (carte HFRR) DIRECTRICE DDT 10000MARLOT Julien (carte Repr\u00e9sentation) SGAR 20000MATHEY BONY Jean-Denis (carte Repr\u00e9sentation) RESIDENCE PREFET 11000MATHEY BONY Jean-Denis(carte HFRR) RESIDENCE PREFET 45000MOUGENOT Johann (carte HFRR) SECRETAIRE GENERAL 7200MOUGENOT Johann (carte Repr\u00e9sentation) SECRETAIRE GENERAL 7200NIBOUREL Nicolas (carte Repr\u00e9sentation) DIRECTEUR DDETS 5000NIBOUREL Nicolas (carte HFRR) DIRECTEUR DDETS 5000NORDI Hugues (carte HFRR) CONSEILLER DIPLOMATIQUE 1000NOURDIN Isabelle (HORS FRR) DDPP 5000PANTIC Milada (carte HFRR) SGAR ADJOINTE 2000PANTIC Milada (carte Repr\u00e9sentation) SGAR ADJOINTE 2500PRUDHOMME Jean SGC- BUDGET ACHAT 115000jRATEL Carole (carte Repr\u00e9sentation) ASSISTAN]\"E PREFET 17000RATEL Carole (carte HFRR) IASSISTANTE PREFET 11000RIGAUD MARIE CAROLINE (carte Repr\u00e9 ) DIRECTRICE ADJOINTE SGCD 15000RIGAUD MARIE CAROLINE (carte HFRR) DIRECTRICE ADJOINTE SGCD 18000ROOSE Didier (carte Repr\u00e9sentation) DIRECTEUR DDPP 5000 .ROOSE Didier (carte HFRR) DIRECTEUR DDPP sooo| Fait \u00e0 Dijon, le 21/02/24SORRET B\u00e9atrice (carte Repr\u00e9sentation) RESIDENCE SP BEAUNE sooo| Le pr\u00e9fetSORRET B\u00e9atrice (carte HFRR) RESIDENCE SP BEAUNE 7000| SIGNEVIOLET Estelle (carte Repr\u00e9sentation) SP MONTBARD 6000 Franck ROBINE\nPage 1\nPr\u00e9fecture de la C\u00f4te-d'Or - 21-2024-02-21-00004 - Arr\u00eat\u00e9 pr\u00e9fectoral N\u00b0  413  / SG du  21 f\u00e9vrier 2024                  \ndonnant d\u00e9l\u00e9gation de signature pour l\u25a1utilisation \nd\u25a1une carte d\u25a1achat nominative\n59\nPr\u00e9fecture de la C\u00f4te-d'Or - 21-2024-02-21-00004 - Arr\u00eat\u00e9 pr\u00e9fectoral N\u00b0  413  / SG du  21 f\u00e9vrier 2024                  \ndonnant d\u00e9l\u00e9gation de signature pour l\u25a1utilisation \nd\u25a1une carte d\u25a1achat nominative\n60\nPr\u00e9fecture de la C\u00f4te-d'Or\nP\u00f4le juridique inter-services\n21-2024-02-21-00003\nArr\u00eat\u00e9 pr\u00e9fectoral N\u00b0 412 / SG du  21 f\u00e9vrier 2024\n donnant  d\u00e9l\u00e9gation de signature en mati\u00e8re de\ngestion des budgets op\u00e9rationnels\n104-111-112-113-119-122-124-129-135-137-147-148-1\n61-163-172-181-206-207-209-215-216-217-218-219-\n232-303-348-349-354-357-362-363-364-380-723-7\n54-780-833  des fonds europ\u00e9ens et des recettes\nnon fiscales\nPr\u00e9fecture de la C\u00f4te-d'Or - 21-2024-02-21-00003 - Arr\u00eat\u00e9 pr\u00e9fectoral N\u00b0 412 / SG du  21 f\u00e9vrier 2024  donnant  d\u00e9l\u00e9gation de signature\nen mati\u00e8re de gestion des budgets op\u00e9rationnels\n104-111-112-113-119-122-124-129-135-137-147-148-161-163-172-181-206-207-209-215-216-217-218-219-232-303-348-349-354-357-362-363-3\n64-380-723-754-780-833  des fonds europ\u00e9ens et des recettes non fiscales\n61\n| $ | SECR\u00c9TARIAT G\u00c9N\u00c9RALPR\u00c9F ET Direction de la coordination des politiques publiques; et de l'appui territorialDE LACOTE-D'ORLibert\u00e9 -\u00c9galit\u00e9Fraternit\u00e9\nArr\u00eat\u00e9 pr\u00e9fectoral N\u00b0 412 / SG du 21 f\u00e9vrier 2024 donnant d\u00e9l\u00e9gation de signature enmati\u00e8re de gestion des budgets op\u00e9rationnels 104-111-112-113-11 9-122-124-129-135-137-147-148-161-163-172-181-206-207-209-215-216-217-218-21 9-232-303-348-349-354-357-362-363-364-380-723-754-780-833 des fonds europ\u00e9ens et des recettes nonfiscales Le pr\u00e9fet de la C\u00f4te-d'Or\nVu la loi n\u00b0 85.1098 du 11 octobre 1985 relative \u00e0 la prise en charge par l'\u00c9tat, les d\u00e9partementset les r\u00e9gions des d\u00e9penses de personnel, de fonctionnement et d'\u00e9quipement des servicesplac\u00e9s sous leur autorit\u00e9 :Vu le d\u00e9cret n\u00b0 2004-374 du 29 avril 2004 relatif aux pouvoirs des pr\u00e9fets, \u00e0 l'organisation et \u00e0I'action des servicesde l'\u00c9tat dans les r\u00e9gions et d\u00e9partements, modifi\u00e9 par le d\u00e9cret n\u00b0 2010-146 du 16 f\u00e9vrier 2010 et par le d\u00e9cret n\u00b0 2010-687 du 24 juin 2010 ;Vu le d\u00e9cret n\u00b0 2009-176 du 16 f\u00e9vrier 2009 modifiant le d\u00e9cret n\u00b0 64-805 du 29 juillet 1964fixant les dispositions r\u00e9glementaires applicables aux pr\u00e9fets et le d\u00e9cret n\u00b0 2004-374 du 29avril 2004 relatif aux pouvoirs des pr\u00e9fets, \u00e0 l'organisation et \u00e0 I'action des services de l'\u00c9tatdans les r\u00e9gions et d\u00e9partements ;Vu le d\u00e9cret du 26 septembre 2022 nommant Monsieur Franck ROBINE, pr\u00e9fet de la r\u00e9gionBourgogne-Franche-Comt\u00e9, pr\u00e9fet de la C\u00f4te-d'Or (hors classe):Vule d\u00e9cret du 3 janvier 2024 nommant Monsieur Johann MOUGENOT, sous pr\u00e9fet, secr\u00e9taireg\u00e9n\u00e9ral de la pr\u00e9fecture de la C\u00f4te d'Or, sous-pr\u00e9fet de Dijon (classe fonctionnelle Il) ;Vu le d\u00e9cret du 29 d\u00e9cembre 2022 nommant Madame Amelle GHAYOU, administratriceterritoriale, sous-pr\u00e9f\u00e8te charg\u00e9e de mission aupr\u00e8s du pr\u00e9fet de r\u00e9gion Bourgogne-Franche-Comt\u00e9, pr\u00e9fet de la C\u00f4te d'Or ;Vu Le d\u00e9cret du 16 ao\u00fbt 2022 portant nomination de Monsieur Olivier GERSTL\u00c9 en qualit\u00e9 desous-pr\u00e9fet, directeur de cabinet du pr\u00e9fet de la r\u00e9gion Bourgogne-Franche-Comt\u00e9, pr\u00e9fet de laC\u00f4te-d'Or;Vu le d\u00e9cret du 6 juillet 2023 portant nomination de Monsieur Beno\u00eet BYRSKI, sous-pr\u00e9fet deBeaune ;Vu le d\u00e9cret du 17 novembre 2023 portant nomination de M. S\u00e9bastien LANOYE, sous-pr\u00e9fetde Montbard ;\n1/3\nPr\u00e9fecture de la C\u00f4te-d'Or - 21-2024-02-21-00003 - Arr\u00eat\u00e9 pr\u00e9fectoral N\u00b0 412 / SG du  21 f\u00e9vrier 2024  donnant  d\u00e9l\u00e9gation de signature\nen mati\u00e8re de gestion des budgets op\u00e9rationnels\n104-111-112-113-119-122-124-129-135-137-147-148-161-163-172-181-206-207-209-215-216-217-218-219-232-303-348-349-354-357-362-363-3\n64-380-723-754-780-833  des fonds europ\u00e9ens et des recettes non fiscales\n62\nVu l'arr\u00eat\u00e9 du Premier Ministre et du Ministre de I'Int\u00e9rieur en date du 12/01/22 nommant MmeAnne COSTE DE CHAMPERON, administratrice de I'Etat hors classe, en qualit\u00e9 de secr\u00e9taireg\u00e9n\u00e9raie pour les affaires r\u00e9gionales de la R\u00e9gion Bourgogne- Franche Comt\u00e9, \u00e0 compter du1/02/22, pour une dur\u00e9e de 4 ans, avec une p\u00e9riode probatoire de 6 mois;Vu l'arr\u00eat\u00e9 du Premier Ministre et du Ministre de I'Int\u00e9rieur en date du 2 juin 2021 nommantMme Milada PANTIC, en qualit\u00e9 d'adjointe au secr\u00e9taire g\u00e9n\u00e9ral pour les affaires reg:ona!es dela R\u00e9gion Bourgogne \u2014 Franche-Comt\u00e9, en charge du p\u00f4le \u00ab moyens, modernisation,mutualisations \u00bb, pour une dur\u00e9e de 4 ans \u00e0 compter du 1\"\" juillet 2021;Vu l'arr\u00e9t\u00e9 du Premier Ministre et du Ministre de l'Int\u00e9rieur en date du 22 d\u00e9cembre 2022nommant Mme Florence BERNARD, en qualit\u00e9 d'adjointe au secr\u00e9taire g\u00e9n\u00e9ral pour les affairesr\u00e9gionales de la R\u00e9gion Bourgogne\u2014 Franche-Comt\u00e9, en charge du p\u00f4le \u00ab politiques publiques. interminist\u00e9rielles \u00bb,Vu l'arr\u00e9t\u00e9 1184/SG du 3 d\u00e9cembre 2020 portant organisation du Secr\u00e9tariat G\u00e9n\u00e9ral CommunD\u00e9partemental;Vu l'arr\u00eat\u00e9 pr\u00e9fectoral 1251/SG du 18 d\u00e9cembre 2020 portant organisation des services de lapr\u00e9fecture de la r\u00e9gion Bourgogne-Franche-Comt\u00e9, pr\u00e9fecture du d\u00e9partement de la C\u00f4te d'Or ;Vu l'accord local relatif \u00e0 l'application du protocole d'exp\u00e9rimentation de la carte voyagiste dansle cadre du d\u00e9ploiement de CHORUS DT (D\u00e9placements Temporaires) sign\u00e9 conjointement le17 avril 2018 par Mme Christiane BARRET, Pr\u00e9f\u00e8te de la r\u00e9gion Bourgogne-Franche-Comt\u00e9 etde la C\u00f4te d'Or et Mme Martine VIALLET, Directrice r\u00e9gionale des finances publiques de lar\u00e9gion Bourgogne-Franche-Comt\u00e9 et du d\u00e9partement de la C\u00f4te d'Or,Vu l'arr\u00eat\u00e9 du Premier Ministre et du Ministre de l'lnt\u00e9ri\u00e7ur en date du 1\" f\u00e9vrier 2024 nommantMme Nathalie BERGET, attach\u00e9e d'administration de l'Etat hors classe, directrice du secr\u00e9tariatg\u00e9n\u00e9ral commun d\u00e9partemental de la C\u00f4te d'Or \u00e0 compterdu 1\" mars 2024 ;Vu l'arr\u00eat\u00e9 pr\u00e9fectoral N\u00b0 232 / SG du 30 janvier 2024 donnant d\u00e9l\u00e9gation de signature enmati\u00e8re de gestion des budgets op\u00e9rationnels 104-111-112-119-122-129-137-147-148 -161-172-181-206-207-209-215-216-217-218-232-303-348-349-354-357-380-723-754-780-833, des fondseurop\u00e9ens et des recettes non fiscales ;Sur proposition de Monsieur le secr\u00e9taire g\u00e9n\u00e9ral de la pr\u00e9fecture de la C\u00f4te-d'Or :\nARR\u00caTE\nArticle 1er: L'arr\u00eat\u00e9 pr\u00e9fectoral N\u00b0 232 / SG du 30 janvier 2024 donnant d\u00e9l\u00e9gation designature en mati\u00e8re de gestion des budgets op\u00e9rationnels 104-111-112-119-122-129-137-147-148 -161-172-181-206-207-209-215-216-217-218-232-303-348-349-354-357-380-723-754-780-833,des fonds europ\u00e9ens et des recettes non fiscales et toutes dispositions ant\u00e9rieures etcontraires au pr\u00e9sent arr\u00eat\u00e9 sont abrog\u00e9s \u00e0 compterdu 1\u00b0 mars 2024.\n2/3\nPr\u00e9fecture de la C\u00f4te-d'Or - 21-2024-02-21-00003 - Arr\u00eat\u00e9 pr\u00e9fectoral N\u00b0 412 / SG du  21 f\u00e9vrier 2024  donnant  d\u00e9l\u00e9gation de signature\nen mati\u00e8re de gestion des budgets op\u00e9rationnels\n104-111-112-113-119-122-124-129-135-137-147-148-161-163-172-181-206-207-209-215-216-217-218-219-232-303-348-349-354-357-362-363-3\n64-380-723-754-780-833  des fonds europ\u00e9ens et des recettes non fiscales\n63\nArticle 2 : D\u00e9l\u00e9gation de signature et de gestion est donn\u00e9e aux membres du corps pr\u00e9fectoralet aux agents mentionn\u00e9s dans le tableau en annexe 1 du pr\u00e9sent arr\u00eat\u00e9 dans les conditions etlimites pr\u00e9vues, pour l'ex\u00e9cution des d\u00e9penses au titre des BOP 104-111-112-113-119-122-124-129-135-137-147-148-161-163-172-181-206-207-209-215-21 6-217-218-219-232-303-348-349-354-357-362-363-364-380-723-754-780-833, des fonds europ\u00e9ens et des recettes non fiscales.Article 3 : Le secr\u00e9taire g\u00e9n\u00e9ral de la pr\u00e9fecture de la C\u00f4te-d'Or, la directrice r\u00e9gionale desfinances publiques, les membres du corps pr\u00e9fectoral- ainsi que les agents mentionn\u00e9s dansl''annexe vis\u00e9e \u00e0 l'article2, sont charg\u00e9s, chacun en ce qui le concerne, de l'ex\u00e9cution dupr\u00e9sent arr\u00eat\u00e9 qui sera publi\u00e9 au recueil des actes administratifs de la pr\u00e9fecture de la C\u00f4te-d'Or.\nFait \u00e0 Dijon, le 21/02/24\nLe pr\u00e9fet\nSIGNE\nFranck ROBINE\nPr\u00e9fecture de la C\u00f4te-d'Or - 21-2024-02-21-00003 - Arr\u00eat\u00e9 pr\u00e9fectoral N\u00b0 412 / SG du  21 f\u00e9vrier 2024  donnant  d\u00e9l\u00e9gation de signature\nen mati\u00e8re de gestion des budgets op\u00e9rationnels\n104-111-112-113-119-122-124-129-135-137-147-148-161-163-172-181-206-207-209-215-216-217-218-219-232-303-348-349-354-357-362-363-3\n64-380-723-754-780-833  des fonds europ\u00e9ens et des recettes non fiscales\n64\nPr\u00e9fecture de la C\u00f4te-d'Or - 21-2024-02-21-00003 - Arr\u00eat\u00e9 pr\u00e9fectoral N\u00b0 412 / SG du  21 f\u00e9vrier 2024  donnant  d\u00e9l\u00e9gation de signature\nen mati\u00e8re de gestion des budgets op\u00e9rationnels\n104-111-112-113-119-122-124-129-135-137-147-148-161-163-172-181-206-207-209-215-216-217-218-219-232-303-348-349-354-357-362-363-3\n64-380-723-754-780-833  des fonds europ\u00e9ens et des recettes non fiscales\n65\nLeib\nsexe|dwoosJefo1denbiqndopuewwosp34NY'dO1NOPI/EANAAVHANOSJ9INIONajodnp8YJ0YOLONHOGSlleyieNswy||SeyeIeJsuoljuaagnsejodSNYOHDleuciboysebepedseouues,npayeyd'SNYOHDHdSDNPojgesuodsess9|eosyUOUope11u89NPJOU910144VApp3WnesjutolpeXNYFONZANOrOUIj9ISUN|Seye0eISep1oJuswsledapsepuewepsepuoleplien||:SouBULIOJEd)99yJEnbajgesuodseyXNVAHONEll99uNS11eUUONSe9QHVTIIVN[YoeYouJS9}18981suonuaAgnssjodaJleuuolsas)31131VAVT9ouiesquxnpayeyo'SNHOHOHdSONP8jgesuodsa:-8dleuuonsenYOWIQ[BUNASUNnesjulolpeXNYIDONIANOSouIje5Salleuuollsas)|NVOvd.elyonogSUNsinajduosaudsaijusosoSNHOHO|euolboysobeuedsaolnegS1IEUVOIS\u00aeH)XIOANG21018149WNJedaijgeze\u00ab)}80IAI8SNPUOIJE]E]SUOS\u00bbEJapaseq8panuadNpJayo1OI44VOApp3'N'Blleuuonseg)HIMVYINNOHOSdouledINEJINSSNIOYDSUEP\u00abJJ80IAI9S\u00bbNPUONJEOUUSIM3INdO1NP112ANZAVHdNOS181AIO'Nsexs|dwoos;efosdanbijgnd\u0153v:mEEoo\u00ff|-\u2014S9H0991SUOIUSAGNS9jod819dNp94847LONMOGSIjeuJeNwINNp844840'SNHOHDOYASONP8jqesuodsalSNHOHO|euolbsysebeuedssomuesnesjuiolpeXNVHONZANOrEuIIJ0SWpenusgnpJoyd10144VOApp3'NenbipunijueweBeBua,;opvoyepieASNYUOHITVNOIDIASHOVYLUVdSHIIAUIZS30SULNII=19VLdWNOD13JUIVL39OININOILS39--|SOJEISIyUoUS9J9901Sep19sueadoinaspuo;sep'\u00e7\u00a39-08Z-pSZ-\u00a3ZZ-08\u20ac\"VOC-EOE-TOE-LSE-VGE-GVE-BPE-EOE-ZEZ-6LZ-8LZ-1LZ-9L2-SLZ-602-202-90Z-L8L-ZZI-E9L-L9L-8PL-LHL-LEL-SEL-6ZI-ZL-CZL-6L-ELL-CLE-ELL-POLTVNOI9Z4AWNVHOOUd30STINNOLVH3dOSLIDANE$3d13HO.Q3109V130H1VLNAWALYVd3OZTI3NNOL1V#3dO3LINN:130NOILS39303Y3LIVWNI3YNLVNOIS30NOLIV9313GVTOZ1911A94LZNPDS/ZL\u00ffON[810}58491d930L18,1BLIXINNV\nPr\u00e9fecture de la C\u00f4te-d'Or - 21-2024-02-21-00003 - Arr\u00eat\u00e9 pr\u00e9fectoral N\u00b0 412 / SG du  21 f\u00e9vrier 2024  donnant  d\u00e9l\u00e9gation de signature\nen mati\u00e8re de gestion des budgets op\u00e9rationnels\n104-111-112-113-119-122-124-129-135-137-147-148-161-163-172-181-206-207-209-215-216-217-218-219-232-303-348-349-354-357-362-363-3\n64-380-723-754-780-833  des fonds europ\u00e9ens et des recettes non fiscales\n66\nUNLUIWOY)[BISUIC)JBLIEJSI09SNPSJuIofpe|20108110\"ONVOIXSUIO:LI-ouENSWI|\u00a52/\u20ac0/1NP101dW05\u0178_UNWIWOY)|BIBUIL)JEUE]OIIOSGNp80/799110'13DYIGSIEUJENSUN\nLele\nLHAenblyosesely1nopjeaanbjue;ussielyap18168j6co_mm_E\u03a9pa1p10:gJuog-eyoue14-eubobsnoguo1be1m;ojeuoIbes,apsojelosssjue)sisseSO|INOdJuswaoe|dapopsield1OSNYOHO8Paiped9sueqg|enbiuyos)81311I9SU0D'NOYYIdYNPFSUNSOUSINETHIDNVYHOUNjeyoy16bpng80195S19dapa,yoys'|ONNHLSuUILENSUN.JeyoyiebpngsoiNAS9j0dapJoyoYFHUVE!WOYNJeyoy166pngSoIM8SNPJou9FNNWOHANHdUesr'|vZ/E0/LNP19]dw05\u0178UNUIUIO\"JBIOUOE)jele}sioesnpe0/}0811G'193GSIJEUIENOWW\"veanssIviavIsusas-nLHAenbiyose1a1uy1\u00f1opijeaonbJue;u\u00aesIE1;ape}18UOoISSIWOP81P10:JB10}99101duNWWoY|eJaun)JeLie}asdagnpajulolpesdiodnpsaiquiswsa|JnodJuswede|dopepsie1-S01752110'ANYOIYSUIJOILI-SLEINSUNLISNHOHD8Pa2iped)sueqd0.d310DV1303UNL394344d\u2014|SUYNALdIMISIHdSIDIANIS\n34014enbiuoysw'JeyOy1ebpngs01195ajodapa,yoyo'|ONNHLSUIVENswpy|Jeyoy166png90IAIS9]9dopJayd'YFIYYVEOH'No01A18$NPJayd'INNOHONYduesr'W|\"alle|nwiiojsnioy)suepJOAEde81P10||TVINIWILuvd3dINJu3350soxa|dwo9s)sloidenbigndspuewwos|o10dnp'ayeyDLONHOGSI\u00c9UIENSUN-'se081SUOIJUSAGNSSJOdNPa4ou0'SNHOHOHdSONPoJgesuodse.nesjulolpeXNV3ONZANOrSUIEISUNSNUOHO[euciboys9beleds\u00e9oimesopa4usdNpJayoLOIA4VDApp3'NSUONESIIQOWWIsapaJlieljixneOyjIge1duIOOejopenua|=19VLdWO3L3wm__<._...._0m..._:mNOILS39\nPr\u00e9fecture de la C\u00f4te-d'Or - 21-2024-02-21-00003 - Arr\u00eat\u00e9 pr\u00e9fectoral N\u00b0 412 / SG du  21 f\u00e9vrier 2024  donnant  d\u00e9l\u00e9gation de signature\nen mati\u00e8re de gestion des budgets op\u00e9rationnels\n104-111-112-113-119-122-124-129-135-137-147-148-161-163-172-181-206-207-209-215-216-217-218-219-232-303-348-349-354-357-362-363-3\n64-380-723-754-780-833  des fonds europ\u00e9ens et des recettes non fiscales\n67\nONVHOUVWNSHOFN18LONNHL8UENSUN\"FHYO/|4enbluousu|elgue\u00c9eu/e191008LONZONONUVEUOP\"N\nJ1e;8oiA19S\nNpvolJeoiIUeO\u2014sopeDa1Jososuedapapsuoisi9agTVHINISSUIVIZH5ISNdIONIAISTE-AlANVHOYVIsuorINFHOI4enbiuowLONNHLeuIENsw:43sepUOIJEIIyIIO018alig|nwiosnioy)suepSISIES(eoueg|ddns)|4gV4SuUAJ@A3\"T3LVY910185:4SsopUONeOUILeD18:91d'INIGOYYOUE14Nopeumjeubise}BsseneseyJUEJUOUI8|IOSanb|anbje;souuesop19Y[sopaulgnuLO4'sN10YsuepaisiesUOREIYIUOO}6SoyJO0E1SPJosasuadopepsuoistDag13434dNAION3AISAY\u2014INjeyoyjebpngo01u8S..._\u0153mu:gnejuiofpeuoissiuap9bieyno1viaongwJeyoy286png,|80IA19SS910dopayayo'LONNHLeUILENSUNJeyoy1ebpngeo185aj9dpjoyoYAINHVEWSyNunwwo\"_m._\u0153cwoJeL1E2]109GNpsjuiolpe|82498110'ANVYOIYeuUIj01LI-LENWNPZ/\u20ac0/LNPJ8)dwooVunwwoy|EJSUSE)JELE]OJIOGnp60110910130Y3goljeuxenuNJeyoyjobpngSOISSNP4949'FNWOHANIduesr'W\n(uoneuLoyB|.ANodsudwooA)juswabiaqay,|10suodsuesS9]JUEUISOUOISO30818p1ososuedapapsuoIsIDeg!1dSNHOHI9Pa4pe9jsueqJeyoy]06pngs0110519bpnqnejuiofpeuoissiwapeb1:8yIOTIVIGoG'|sjeyoysjebpngaoInegNP8198payaydTONNHLSUILENSUNJeyoy1abpngS0IM591948pJoyo\"YIlYYVEWOY'I319VLdWNOIL3THIVLIIDANENOILSIO\nPr\u00e9fecture de la C\u00f4te-d'Or - 21-2024-02-21-00003 - Arr\u00eat\u00e9 pr\u00e9fectoral N\u00b0 412 / SG du  21 f\u00e9vrier 2024  donnant  d\u00e9l\u00e9gation de signature\nen mati\u00e8re de gestion des budgets op\u00e9rationnels\n104-111-112-113-119-122-124-129-135-137-147-148-161-163-172-181-206-207-209-215-216-217-218-219-232-303-348-349-354-357-362-363-3\n64-380-723-754-780-833  des fonds europ\u00e9ens et des recettes non fiscales\n68\nLelv\n13T0IA8lI81s31@LINH3Id21W90NSSUIEPSO|N:4SSOpUOHBIIILUOO|12VQsope1lenu1IO4SNIOUIsuepaisiesLONNHLeUIVENSUN'FHYOIHONbIUONSUNLOTIIVOSUVOI19Vd[31348VEWN:JSSOPUONBIIH\u00a9519YseopaJig|nwio4SN1O0YNsuepSISIESSHOPW18LONNHLSUIVENUN'FHOIAonbluojWN\"LOTHVNVeinf'N:4SsepUOIJE91}1,109]\u00a9S1IBNULO4SNIOUISuepSISIES.\"QYVYNIATTOuI}I9I18NIdVdEUIG:4SSOpUOHeOUNIeD19YQSOpaJlejnwiio4SNIO\u00cbAsuepalsles19JHOI4enbiuoy18LONNHLEUIUEN:JSspco_..._mo_...__tmo18SNIOYNsuepaISIES'(souee|ddns)|Hgv4ou\u00c2Ajex3'13\u00cb\u0152o_o._\u0153o\u2014JSsopuoneaILIjeI18VQsopaJtgpnuJO-4SNIOUIsuepaisies\u2014ONvHOYVWN.ONVHOYVNSYOFNop19Ja1d-snos'FAONVTUel;segqesWNpUoNeOIyIOO-S9]100A1JosesuadopapsuoIsioaq,|QYVAELNOWSuNL03439d-SNOSJONIAISTYHA\n|||\nJie)01esauneagap16/01d-snos'IXSHAGu_o_._\u0153mWNPUoeOWINSD-S90I8116sesuadaoppsuolspeq_wz:<m\u015330J3UNL9313Wd-SNOSmozw\u00fb_wm\u0152l=>OpuOoI-SYDUE1-|\u2014subobinogopsejeuo|balsallejjese|Jnodejesguebe1lejesres1B;99IAI8Ssz_m_n_S_.q_._o3031LSO5|uuyoES_Npuoneoy!Ueo-sayore110sesuedapapsuoIslo9qVDSNAFONIAISTH\u2014IAJIBJ80IAI9S\nJouIgeDap1ne10811p'J1LSHIDJ8IMIIO\"NNPUONEOIIUEO-S90991}8sesuadapapsuoIsiDagLINIGVD30YNZLIEUICNAIONIAISTY-A\nANVHOYVYIAsuor\"N193014onbluoy18LONNHLsuep4SsopUONBOIILISO18SNIOYD)SUEPpalIsiesTEIERIINESINOWN3GelleyieNNpuonesyIad\u2014sapadal16sesuadopapSUoISDeq19VYIHDIN8uusiqe:4Ssopuoneoyiusdsjulolpe1343\u00a5dNASSYdNYNOISSIN30IDAUVHI12vasopo.__m_:\u00cboh_SMJOYDsuepSISIESeJesguE\u00c9aulejpioes'NOAVHOFTIFWVmE_>_'313438d-SNOSV130IONIAISTY\u2014SIgAl=19v1dWOD.rmm~=<._.m0n_3mZO_._.wm_O\nPr\u00e9fecture de la C\u00f4te-d'Or - 21-2024-02-21-00003 - Arr\u00eat\u00e9 pr\u00e9fectoral N\u00b0 412 / SG du  21 f\u00e9vrier 2024  donnant  d\u00e9l\u00e9gation de signature\nen mati\u00e8re de gestion des budgets op\u00e9rationnels\n104-111-112-113-119-122-124-129-135-137-147-148-161-163-172-181-206-207-209-215-216-217-218-219-232-303-348-349-354-357-362-363-3\n64-380-723-754-780-833  des fonds europ\u00e9ens et des recettes non fiscales\n69\nLeils\n137T0IA8/81S3;He;s01U8SNp19LJINHZdSIWIZON!JSSapUOoIeoYIUeopJequuo|Nope1njoe;e1d-snose|apojesouebUONeOI;US0]\u00a9JeJEu9\u00c9a1le19100Snpuonejussaidasap|1YGsope1lejnwu104sn1OYsuepaisies811819100SLOYONIONe]enBieOwIN,\u2014siel)xneSoANEje1SOO0OIJososuadappsuoisIoeqdYVarNOW303un153235d\"SNOSV130SALVEISININOVSSIIAUES\u2014X-USONVuO8duaineqYIITYALSU2/9HYIIHHVElWOY'ONVHOUHYVYNSIOFLONNHLCUILEWN'FHOI4enbiuojy_LOTIVO8UMOI4|19Vdl3L33HEN:4Ssopuonedyiped18YQsopa1lg/nuIO4SNIOUTsuepSISIESauneagspe1m9a;a1d-snosJie}90IAleS\u0152pJeJgug\u00c9e1lejo100S'3377109waine'|euneegap1e;/91d-snos'IXSYAGHousg._>_ANPUOoNeOyIUSI-s8))90al10sesuadapapsuoIsPe(||ayulofpe|ojJesgue\u00c9e1le1e100S'HIOFNZ9EJLETUMN\"LHAenbiysue1aiuAN@pijeAonbjue;ussielyepSIEeJO1oUOISSIWUeuneagepe1njoaJa1d-snosauneaq|epsespso'(UonewIo;sudwooA)Juswaoe|depapsies4\u20ac|9p|espuab9118191008'9377|0gJUesNET'iN|sunesgop16;01d-snos'JySYAGHoueg'N:1GSNHOHI8Pe1peoo]sueg;ANVHOUVIASUOP18LONNHLsulely\"FHOIAanbiuopydJOTIIVOSUHOI4B4o01A18SNp18Vd[3134auUep:4SSapuonB01IUeOSuneegpe1mpoaJe:d-snos,UONEIYILSD18[eloudbalie}eiossNPuonejussaidasap18Y[sepalle|nwio4snJoy)suepaisies|e|op[eJouab91[e}2108s'J377]0gJUSINeT'||siE1XNEeSaAje|a)Se)jeosl1osasuadopapSUOISIDSQIN\u00f1vag30sun153:38d-SNOSV130SALIVELSININGVSIDIANES\u2014XI\nONVHOUVNSHOF\"N38LONNHLUENSUN\"FHOIHONbIUONSLN-Z19VLdWO913SHIV139AN9NOILSTD\nPr\u00e9fecture de la C\u00f4te-d'Or - 21-2024-02-21-00003 - Arr\u00eat\u00e9 pr\u00e9fectoral N\u00b0 412 / SG du  21 f\u00e9vrier 2024  donnant  d\u00e9l\u00e9gation de signature\nen mati\u00e8re de gestion des budgets op\u00e9rationnels\n104-111-112-113-119-122-124-129-135-137-147-148-161-163-172-181-206-207-209-215-216-217-218-219-232-303-348-349-354-357-362-363-3\n64-380-723-754-780-833  des fonds europ\u00e9ens et des recettes non fiscales\n70\nJe)3,|opuonejuese.de:e|spneainqnpjayo87\nL2/9\nYE;921AI8SNPUOIBOIIUSO-S9]19081JeuIgeopUnsjoalip'FILSYFOJAINIOIN16sesuadapapsuoisiDap:8YonogapsIes;\u2014suoNnoe|3lygv4euAex36TALVYSJ01LI.sewepsoiNo[JOLS]SIUIULISIUIUONBDIUNUUIOO-B|op|ejuswapedsp10jguoiba:S01M8SNPJoydYIINYIH811599WN|sejundessep9911109110'NILYHANVSIJeyteNWN|\\e19u962118191008|ONIONOWuueyor'NANVHOYVIASHOPWYIHYVEW9yTONNHLSUNIEIWNFHOIAONnblUON\"HIDNVHDeouaine]UYIIHALSU8I9H:4SSopUonea|yI_eI19VSepeJigpnuuo-snJoyDsuepaIsIeSs\nLHAenbiyoseselu1nepijeaanbjue}uesiel)OPSIEIS19UOISSIWSPSOJPJO|1SayunoessopuoIo@Jlpeop19Jouigesnpsquobes8]Jnod(uonew.o}sudwodA)Juswsoe|dopapsielJeuigesepunajoalip'F11SHIOJ9AIO'NA:1@-snioydapaiped9suedye;90IAI9SJouigeDop1na10811p'FT1SYIO190'|NPUONEOYIEO1oSOIJODAI19sasuadapepsuoISIDaglesugDeJ1e194008LONIONONuueyor\"N\n||\nIGNVHOYY\u0178NSHOP.._.OZDI._.SuUIVEWN'JHOI4enbiuoly\"LHTOIA911818319LINHId8190N:JSSOpUoneoyIUeo:19VQSopaJlEJnWIO4SN10YNSuepSISIESpJequopyope1n308;01d-snose;opejessua\u00c9811819199SLOHONIONS3onb12uu|Jeuoye)Juswaddo|aagp10SojBDO|SOUAHDAI|OOajedNpJayo'LOr|IVaslleges|UINpIequuoyopa1n]98Ja1d-snose|opsjeloush|a1l216198SLOHONIONSyuenbIeNmE_>__I3NIGVONASIIIAUSS\u2014IX\npIequuoup18J@1d-snos'FAONVTUelseqes\"NNPUONBI|ISO-SO]8091}osasuadapapsuoisiDe(LHAenblysse1eiuInapljeAonbjue)ueSiE1;apsjeJe18UOISSIWpiequoly|opsesp10'(uonewuoysudwooA)Juswaoedepapsies-p19J91d-sN0S'HAONVTUahseqasW\"1OSNYOHO8p81pe99]sueq|319VLdWOD13SYIVL3DONENOILS39\nPr\u00e9fecture de la C\u00f4te-d'Or - 21-2024-02-21-00003 - Arr\u00eat\u00e9 pr\u00e9fectoral N\u00b0 412 / SG du  21 f\u00e9vrier 2024  donnant  d\u00e9l\u00e9gation de signature\nen mati\u00e8re de gestion des budgets op\u00e9rationnels\n104-111-112-113-119-122-124-129-135-137-147-148-161-163-172-181-206-207-209-215-216-217-218-219-232-303-348-349-354-357-362-363-3\n64-380-723-754-780-833  des fonds europ\u00e9ens et des recettes non fiscales\n71\nL\u00e9/L\nONVHOUV\u0178NSHOF19\"YUVWyLONNHLSUIVEN'34014|ONnbiLON\"YFONVYO8ousine'HFIYNLNIVLEJeolAJes,alle|DYIIMYHNLoU9/9HsemepseoiNm__w_\u00e4...'m_c_\u00cb\u0153\u00cb_.:o_umo_c:EEoo7NPUOIJeOIIU0010SjJoLISISIUIVUJSIUIUONEDIUNWIWOD'NITODeWQIEr'N:4SsopUOHEDILISD-ej9pJejueweayUedop10JeuoIbes'B|\u00aepnea:nqnpjayonpuonejusasgidalop|\u2014e\u2014\u2014\u2014\u2014\u2014|12YQseposlepnu1104snioysuepeIsIesSOIAISSNP8YaUdYFINYFH811090SWIN|SIELLxnew\u0153\u00c8\u0153_\u0152sone0a119wmm:mamvopsuoisigeqONVHOYVNSUOr'N*YF/YYVElWOYA\nHOZD_._.LSUILENFYO]4ONbIUON'YHFONVHOSouaINeT'YIITYNLeU2/9Hsewepseu|49VoUAJOAF:4Ssopuone91109|18YGsopadiejnwio4SNIOYIsuepSISIESHe;90IAI9S8PvOIJeOIIeIse]unoes10S9IINOYSsap1nazoeulpnpuonejueseudesapsop80130810'NILHIINYSIJEUJENSUNSiel)Xnesennele:sepsoe.Jsosuedapspmco_m_o\u0153o||T_ANVHOYVINSUOF18YF/YYVGlway||SIN@ISSOINLONNHLSUILEN'FHOI4enbiuONHIONVYOSOUJ1NET'HIITYANLdUgleHMOIVANVAeNeeT:4Ssepuonesdad19Y@SOpaJle|nWIOSNIOYDSUBPSISIES|9)-INoes1oesuejepnea.nqnpJayo'LILLINOSEWOUL'NS|IAIOgyunoesB)opJoyo'FINHGAueiyLW|seyLIndes12JeolA1esNPUoneduILEO10Sesuadopsop8011702110'NILYFINVSljeuJeNuNJeulgeoapunajoaup..._._1S4391910'Wp@psuoISIOgp:Amwc&mvapwmo_o\u00ebx\u0153v8yonogapsies4e319VLdINOD133HIV1IOANGNOILSID\nPr\u00e9fecture de la C\u00f4te-d'Or - 21-2024-02-21-00003 - Arr\u00eat\u00e9 pr\u00e9fectoral N\u00b0 412 / SG du  21 f\u00e9vrier 2024  donnant  d\u00e9l\u00e9gation de signature\nen mati\u00e8re de gestion des budgets op\u00e9rationnels\n104-111-112-113-119-122-124-129-135-137-147-148-161-163-172-181-206-207-209-215-216-217-218-219-232-303-348-349-354-357-362-363-3\n64-380-723-754-780-833  des fonds europ\u00e9ens et des recettes non fiscales\n72\n9JJOLZISIUIWJSIUIUONIEDIUNWILIODe|op|ejuswayedap18|euoibal92IA18snpJayonejulolpe'NITOOswoiar'NJauigedsp1ne10811p'J1LSHIDPOW\nL2/8\n|\noJjoLOISIUILLISIUIUONBIIUNUIUIODHeye|op[ejuswsliedspJo[euoibal|821AI8SNPUONBOIYIUOO1OSaljadalap16sasuadopapONVHOYVINSHOF18YFIHHVEWwoy'YJONVYOcoua1ne]\"YAINYNLsusieH18YQsope.1gpnw1O4SNIOUNSUEPpSISIESIOUEIS[U[UUIO]UIUONEI[UNWUWIOOe|opJgjuoweayuedop18JeuoIbe:soo1nesnpj\u00f4yoneJulolpe'NITOO8wQIerW90IAI9SNPSYoy)\"YFINUFH9190SWNSUOISIONP:(seIEPOLopjeyoe)senbijqndsejuowe19NOJJOLO]SIUIWISIUIUOIBIIUNUILUOOe}opjejueweyUedop10|euoibal@0lA18SNPSJoyUI'YHJINYFH811999WNjuejuow9|OSanb|anbJi21soinesJouIgesap1n293981lp'F11SHAD1810._>:NpUOIJ801}1190!o(joLOISIULULIQIUIUOHEDIUNLULIOY)|IWwsyTONNHLSUIVEN\"FHYOI4ONblUOWNYUIONVYOsouaineYIFITYNLSU8/9HNITOOSWQIOrW:JSsopUoIJeouIIe018YGSopaJlepnULO+SNIOUNsuepOISIESoJJoLO)S[UIUISU!UONBIIUNWWOOe|epJejuewaUedap18JeuOIbE190IAI8SNPJoyonejulofpe'NITOOswlorW\n|\nONVHOYVNSUOF18YF/HYVSw9yLONNHLeUIVEWN'FHYOI4enbiuOoN'YJONVUS@ouaineYFITHNLSUZ/9H'NITOD8WQJ9rW:4SSopuoneoyILeO18YQsepaliejnwio4SNIOUNsuepaisiesO[jOLO)SIUILLIOJUIUOHEIIUNWLIODe|opJeyuowayedap10Jeuoibe:sovuesNPJaydHIINYIH211989SUNOIJOLIS]SIUIUIJO]UIUONBOIUNULIOSBJop|ejusiapedapJe[euoibal30GZ&>Sey008116sosusdap30IAI9SNPa4oU0\"YFINYIH811989SUNepSuOISIDEp:OJJOLSISIUILUIO]UIUONBOUNWUIONJeuIgeop1napeulp'JTLSHIOOO\"N|opSUOISIOPP!SjjOLGISIUILUISIUIUONEDIUNUIUION319V1LdNO213w_fl_.wwn_amNOILS39\nPr\u00e9fecture de la C\u00f4te-d'Or - 21-2024-02-21-00003 - Arr\u00eat\u00e9 pr\u00e9fectoral N\u00b0 412 / SG du  21 f\u00e9vrier 2024  donnant  d\u00e9l\u00e9gation de signature\nen mati\u00e8re de gestion des budgets op\u00e9rationnels\n104-111-112-113-119-122-124-129-135-137-147-148-161-163-172-181-206-207-209-215-216-217-218-219-232-303-348-349-354-357-362-363-3\n64-380-723-754-780-833  des fonds europ\u00e9ens et des recettes non fiscales\n73\nL2/6saulewny$80IN0SSa)SOPBY8Ud'ALYTVINSHajBASWI_1ADDOoo_Emw_npJaysne\u0153..._c_o_umA3DYINSuusIqeowiNIADO9S018SNp1945FTINHLVT943N'unwiwo|esgusgjelelsloegnpsjulolpe201302110'ANVOIYSUIOILI-JuEmNSUNbZ/\u20ac0/LNPJe1dw09yUNWWOY)|EJHUEH)JELE)S109Snp\u0153o_boo.__o'139439e!jeujeNwInLHAenblyo1e1e1y1nopijeaonbjue;uesIe1SpS]E]S18UOISSILUSPsalplo'Juswaoe|dopopsiel-10SNYOHO\u00a9pPaiped3sueqdO.P31038PTVLNINISLYVd30NNININODTVYANAOIVIHVLIHIAS\u2014IIX\nNOTVdSVOD|elgugba1ie101088'1ONIDONOWuueyor'NSIEUV19XIOHOVTSULBAYSsewepseyouenbuijapUonueaesdUOISSILUJOUIGE5@p1N919911p'F11SYIO191IAO.S_A1184801AUSSNPUOHBO|IUEO!SSANOIPpeS8}INPUodS9|19sanboupse|81)u0d8YN|op9|[BLIP)SIUILLIBIUILUOISSIIA|aouenbuijepm_opUoIjuea@.dapJeLe]SIUIULEIUISPUOapssbIeus'VATISVGouupuesou:S1IE[NUOLSNHOHOSP@1ped8|suEGSUOIJUDAGNS\u2014sesuedapapSUOISIOPP:seanoIppeseynpuoo10senbo1pe1JuooaynopeppoLS)SIUIULIOIUIUOISSIIAsouenbuiepm_opuonusAsidapJou]SIUIWLIEIUI\u0153vcou:Jauiqed9P1N919811pF11SYIO18/AI1ON|\u00a9OUBJISAINS-09PIASPUOISSILULIODE|SPSSIQUEUISOp|suoneoeAs8]JNOdEJ99IAISSSPUL's8)1e08.19sosuedapapSUOISIOPp:SANEASILIPE82104ONVHOYVNSUOF19YFIYHVElWOYLONNHLSUEWN'FHOIAenblUON\"YIONVUOSoua1neT\"YIIYNLNIVL11219'YIITYNLSURISHSewepssiy'NITOOeWQIEr'N:4SSopuoneoyNeI18YASepaJlejnwio4SNIOUYFsuepaisies|319VLdIWNOI13FHIVLIIOANEGNOILSIS.\nPr\u00e9fecture de la C\u00f4te-d'Or - 21-2024-02-21-00003 - Arr\u00eat\u00e9 pr\u00e9fectoral N\u00b0 412 / SG du  21 f\u00e9vrier 2024  donnant  d\u00e9l\u00e9gation de signature\nen mati\u00e8re de gestion des budgets op\u00e9rationnels\n104-111-112-113-119-122-124-129-135-137-147-148-161-163-172-181-206-207-209-215-216-217-218-219-232-303-348-349-354-357-362-363-3\n64-380-723-754-780-833  des fonds europ\u00e9ens et des recettes non fiscales\n74\nLe/oLUunwuWo\"|eIaugc)jeuBJOIIESnpsjuiolpeeouoalId'ANYOIYSUIjOJEI-SUEMNSWISNHOHDleuoibau|JNS|BA-UOUUOSUOISSIWPESO|-JUOLUSJANOIE1USSSIWsobeyuedsoouvuesapa1jue9npojgesuodsel|.|Jnodssoueg.osapjiejnydesaljeje-sanbibojogyole|nejuiofpeXNVYIDONIANOr8uljgDSUN|SoOUBASPe1Bpsjuewenra1Bapsop'JUSWBUUOIIAUS|FZ/\u00a3O/LNPJ91du05vSUOIJEUBISUOOssp]0SoJIEJUSWIEsuoisuadSNHOHOJeuO0IBessobepeds\u00e9diesUNWWO)je1QUeL)JEUBIO1IIOSsop'soajoayesaJedSI;SOxE]sop'oxouvesyuasaldepasjue9npajgesuodseyLOIA4VOAPP3'Nnp0911089110130Y3GdlfeyieNswyE|8p1}}USS9SIAJOGSOpuondes1edapses]\nOISIOS\n\"npaJodepjeyo'quvaoronT-veer'NDISIASNPJay2'JOIYGoudoISLIUI-UEOF\"N|-\"soUJJU|SOIIAUOSGJoIjIqoWWIonbns1607]S01A18SNPJOUDIOGIVYAd191P1G\"N'SNHOH3IJeuoibe:sobeuedseduuesapa1jusonpajigesuodseineJulofpeXNVHON3ANOrSuII8IBWN'SNHOHO|euoi\u00c9e1sebeyuedssoinesopeljusdnps|qesuodsayTOI44VOAPP3W|YFONVHOsouaIne]SUN|\n1o6pnq;\nneJujofpeuoissiwsp9b1eyd'OTIVIGOEN|'FeysyJebpngo018S8JodepeyaysLONNHLSUILEWNSUNJeyoy1eBpnge0112S59jodopJoayoYI/YYVElWEY\"Njeyoy16\u00cepng901USSNPJoyd'JWNOHANHuesr*N'uoljewloyBj9P16SOUIEUNUSosinosselseopa31iA18SnpJoyoneajujofpeIVTIIONVOSIl3W\"J19VLdWNOIL3I\u00a5IVLIOANENOILS39\nPr\u00e9fecture de la C\u00f4te-d'Or - 21-2024-02-21-00003 - Arr\u00eat\u00e9 pr\u00e9fectoral N\u00b0 412 / SG du  21 f\u00e9vrier 2024  donnant  d\u00e9l\u00e9gation de signature\nen mati\u00e8re de gestion des budgets op\u00e9rationnels\n104-111-112-113-119-122-124-129-135-137-147-148-161-163-172-181-206-207-209-215-216-217-218-219-232-303-348-349-354-357-362-363-3\n64-380-723-754-780-833  des fonds europ\u00e9ens et des recettes non fiscales\n75\nLeibL\nsaulewny|JUEJUOUISSI1NOSSA1SapSYOUI'ALYVTVINSUSIEA.SUN\\8110sanbjonbye;o01A10SapUOEIISD:sallelbe)s_\u00a52/\u20ac0/1NPJ8)dwoo|sopsuonesyneld'xnesipawSe1IBJOUOYsepjuows|bal-Unwiwo)[eJau9s)JEUEJOIIOSnpUNWWOY|eJEUSE)jele)RIoag-9]'(suoneoea'gpolgnd'sojjesuoNe0O|)SINOSUODJulofpe2913098110'ANVYOIYsuljole)-BLE|np804}0911G139398lleyieNouINsopuonesiuebioHYeyNoe,|EsoeI|sasuadeq_ONVHOYVNSUOP\"YFIHHVE!WOX)YOIONbIUON'\"YIDNVYHOSOUAINETYIMYNL8USI9HLONNHLeuUILEMNINSNOHouesnew1YALLNVH81j2109:4SsepuoneoyIUeo18Y@SOpauiejnuLO4SNIOUNsuepaisieg\u00a52/\u20ac0/1NPJo1dwoov'UnWwog|eJou9nJeueleIoasNPajuiolpeUNWWoYJeJSUSE)JEUBIOIIOG80108110\"INVOIHSUIOILI-SLEMNSVNNp8041081013DHIGSIJEUIENUN3000S@>sepeoeapJosesuadapopsuoisioagONVHOYVNSHOF16YFlYYVGlWOY|FHOI4ONDbIUON16YFONVHOSOUSINET'LONNHLCUNEN\"YFITHALSUZ|9H'INSNOHeue1newYILLNVH9I[e1ODsawepss|!4SSapUONB0141110018Y@sopallejnwio4snioys).suepa|sieg\n|\nHY\n9]9depayoyo'1ONIATHL\u00ea1le1suYIawpy|UOIJBWLIO)|9p10soulewNySSOJNOSSE1Sap90IAI9SnpJoyonesjulolpe(JVTIIONVOoy1WFwNsaulewnySOI1INOSSE1SopYUs'ALYIVINSUDIEAW3006vZ/\u20ac0/LNPJe}dwod|>XNEdIPHUISEJIBIOUOUsepjusws(bal8|Jo(sUONBIEA'UnWIWoY|eJEUSEJELEJOJIOSNPsjulolpeUNWOI[EJSUZHJeLEJHIIOS|'OYOIGNd'sojjesUONEDO|)SINOOUOOsepUONESIUEBIO|89110810'ONVOIXSUIOILN-GLENSW|Np00709119139H3GSIJeyreNuN1nodsajz8021op10sasuadopapsuoisipaq,saulewnySODINOSSE1SOP931A19S\"J19VLdWOS13JYIVLIOANENOILSTD\nPr\u00e9fecture de la C\u00f4te-d'Or - 21-2024-02-21-00003 - Arr\u00eat\u00e9 pr\u00e9fectoral N\u00b0 412 / SG du  21 f\u00e9vrier 2024  donnant  d\u00e9l\u00e9gation de signature\nen mati\u00e8re de gestion des budgets op\u00e9rationnels\n104-111-112-113-119-122-124-129-135-137-147-148-161-163-172-181-206-207-209-215-216-217-218-219-232-303-348-349-354-357-362-363-3\n64-380-723-754-780-833  des fonds europ\u00e9ens et des recettes non fiscales\n76\nL2/C)JYA93431e!lydosA39DYINouvalge4'FT1INH1V1943LOQHYNNOGo|jonueuw3sowuepsom:4SsopUoljea1;NIeO19YQ,meallejnwlo4SNIOUDmC\u0152U\u0153_\u0153__\u0153\u0153JouIgeoop1na5@11p'F11SYIO18/AIO\"N;sjutolpeuoneuloyoje1eueba1ieg191908'NOAVHDaljpwyswy||esaudba118191908S\"LONAFDNONuueyorWe|EsaAlje[alsejjedalap16sesuedapapsuoisioaquonewio4LADsosusjodurosSopuonsebssiAI05\nONVHOYYNSUOF\"FHOI4enbiuo1oYIONVUOS0U81neTYIMYNL 8U9/9H \"INSNOH SUE1NEiN19YQsepeulgnu:04SNIOUNsuepSISIES|\nJeyoy165pngs01M8S9jodapayoys'|ONNHLEUENSUNJeyoy1ebpngS01A19S$a10dopJoys'YFIHHVIWy'NUOIEuLIO;|op10soulewnyssoinossessops01108npJeyoneajulofpeIVTIIONVOSIj3uNJ19VLdAWNOO13JYIVLAIOONENOILSA9\nPr\u00e9fecture de la C\u00f4te-d'Or - 21-2024-02-21-00003 - Arr\u00eat\u00e9 pr\u00e9fectoral N\u00b0 412 / SG du  21 f\u00e9vrier 2024  donnant  d\u00e9l\u00e9gation de signature\nen mati\u00e8re de gestion des budgets op\u00e9rationnels\n104-111-112-113-119-122-124-129-135-137-147-148-161-163-172-181-206-207-209-215-216-217-218-219-232-303-348-349-354-357-362-363-3\n64-380-723-754-780-833  des fonds europ\u00e9ens et des recettes non fiscales\n77\nLADOD29IM6SNpJayd'JTINHLYT243INUnuwo7felaugn)jeuelasnagnpSJuIO\u00cfpe22U3081Ip'ANVOIYSuljoie)-BLepmEEvZ/\u00a30/LNPJejdwoo\u0178CDEEOO_\u00cb\u0152:\u0152\u00db..._\u0152:\u00cb\u0153._oo\u0153Np89129110'139H39SIjeyleNmE_\\iL2/el1ADDD8ol1AlesnpjoysnesjujolpeA39HINsuusiqewINJueeUbIesue,psayyuwepuIxnes;jeje!sJuSWNIOgONVHOYVWSLOF10YFIHHVElWOYJONNHL\u00b0UIVEWN.leyoy166png90IAI8SNPYo'FNWNOHANUduesr'N.-J4A93431sIyd0STOCHYNNOG9jjonueww3-JSsepuoneolIUeo19VGsopalle|nwio4snIOySsuepaisiegLADOD80esnpJoyonesjulolpeA39YINsuusiqeswmJADODS9/AI8SNPjaydFTIINHLVT94330001E>uoneuw.oye]BSOAIJE|91SORSI91SP19Sesusdapapsuoisios(ONVHOYVNSUOF12HFHHVEoyFHOI4ONbIUONTONNHLeUILEWNJYAG3431elydos'aNVOIH\u0153\u00e7__o_mo-u:\u0153s_._.OD\u0152<zzOm_aJjonueww3Z4SsopUone0111e019VQsepE_m_:c.:o..._snJoynsuepsisieg;|vZ/\u00a30/LNP181dW05VUNWIWOoY)[BIQUIL)JEUBJOIIOSGnpe04}0811G139Y3GslleyieNouIN'unwiwon)[BI9USDJelIE)9I08SNPajulofpe80130211DD<O_\u0152SuJO12I-SLEW\u0153E_\u00c8|\n3000GE>Uonew.oyBl@senpeJe:sepeoa1spjew\u0153wc\u0153a\u0153uap\u0153co_m_o\u0153om._m<._.n=>_00d3m~=<._.w0n_:mNOILS39\nPr\u00e9fecture de la C\u00f4te-d'Or - 21-2024-02-21-00003 - Arr\u00eat\u00e9 pr\u00e9fectoral N\u00b0 412 / SG du  21 f\u00e9vrier 2024  donnant  d\u00e9l\u00e9gation de signature\nen mati\u00e8re de gestion des budgets op\u00e9rationnels\n104-111-112-113-119-122-124-129-135-137-147-148-161-163-172-181-206-207-209-215-216-217-218-219-232-303-348-349-354-357-362-363-3\n64-380-723-754-780-833  des fonds europ\u00e9ens et des recettes non fiscales\n78\nL2/lsjeyoe166pnq90IAISSNP18ydINNOHANUduesr'N'SVASNPa8yd'NIY3INosljeqes|sSW|:oJeyonesjuiolpe>m\u00aem_m__>_euvaige+sW|LAO9929esnpjoys..._._.__3_._1V9143_>:E]\u00a9ajeloosUOIJOB,]BSOANB|O!sesuadapapsuoisinaqajerposuonse,pJeyuouepedepssiAesJ4A93431oiydosuN'LOQYYNNOSsjjonueuwgsuLADIO08snpJoyoneajulofpeA3HYINsuusigeduN|unuWwo\"[BI9USN)Jelle}aloagnpajuiolpe|2911198.1P'ANVYOIYSUIJOILN-SLUEN\u0153E_\\\u00ee#Z/\u00a30/LNP18)dwoov|UNWWoY|BJau9x)]JEUB]OIOOSGJU\u00c9JUOUInp89119811._.m_O\u0152.n._m_alleyieNmESzLADO9201esnpjaypFTHNHLYT943_>:o]0senb[anbeyooiAIesopUOneoyIUSO:UojeuLio]\nd3lddvg!WSHYHONVAOS0U91NET'FYAG3431alydosLOCHVYNNOGejjenuveuw3UNWIWOY)|eJOUOE)JELE1O1OSGNPajulolpe801}0911P\"INVOIYSUIJOILI-SUENSUNLHAenbiyasesely1napijenanbjue;usSINOJEULO;sep#Z/\u00a30/Lnp161dw09y:ayonoqapsiel}xNE]\u00a9Juswablagay,|E6spodsuel)UNWLWOYjeJeue(rJBLE}SI08SLADI989IAI8S|xnesenjeje:sejjadalap19sosuadapapsuoisioaqnpsoujoauld\"1FOYIGSIJEYENSUNNPJaydnesjuiolpeAZOHANSUVSIGEZSUNASNHOHD9Paipea9]sueq|319VLdWOO13JYIVLI9AINENOILS39\nPr\u00e9fecture de la C\u00f4te-d'Or - 21-2024-02-21-00003 - Arr\u00eat\u00e9 pr\u00e9fectoral N\u00b0 412 / SG du  21 f\u00e9vrier 2024  donnant  d\u00e9l\u00e9gation de signature\nen mati\u00e8re de gestion des budgets op\u00e9rationnels\n104-111-112-113-119-122-124-129-135-137-147-148-161-163-172-181-206-207-209-215-216-217-218-219-232-303-348-349-354-357-362-363-3\n64-380-723-754-780-833  des fonds europ\u00e9ens et des recettes non fiscales\n79\nZcist\nONVHOYVWNSYOr'YFIYHVElWoY'FHOISenbluoN'HIONVHO9ousine]'LONNHLsueYIFITHNLSUSI9H'NININDolleges|\"YIITTIFNSuIRDNINITTINAS0U810/4SOWEPSS:4SsopuoneouUINeo18YGsepaJeinwio4sN10YIsuepaisies.(800SLe.nbsnl)jeyse166pnqS01M8S8109opJOUDYFIYHHVGWy\"IN(30051&.nbsnl)jeyse106pnqsomueSsiodapsyoyOLONNHLSUMBOIN|(30065Le,nbsnf)sjeyoe05pnq801A9SNP19Y5.'3NNOHANYduesW;(3000Ge,nbsnf)unwwoyjeJsuSL)jeueiasoegNPsjuiolpe80108110\"ONVOIXSUIOIEI-SLEMNSUN(3000Se,nbsnf)vC/E0/LNPJe1du09Y;UNwwoy|eiaugs)JELBJOIIOSG_uoiuang.idpautdapaug|Np90130811'139Y39aljeyieNuNjesousballeyp109s'|ONIONOINuueyorWB89/e100Suonoe|esaAljejassesuadoapapsuoIsIDagONVHOHYNSUOF'YTIyyvg1way3HOI4enbiuoUIONVYOsouaine]'LONNHLSuUILEMNHIITHNLBUIBH'NIN3ND|Slleges|HFITIIENSUIgD\"NINFTTINA20uUa10|4wwEmvmm_\\/_:\u2014Ssopco_...\\mo_...__t.mo-18YGsepallejnuio4snioy)suepSISIESJ19VLdWOIL33YIVL39INENOLLSTD\nPr\u00e9fecture de la C\u00f4te-d'Or - 21-2024-02-21-00003 - Arr\u00eat\u00e9 pr\u00e9fectoral N\u00b0 412 / SG du  21 f\u00e9vrier 2024  donnant  d\u00e9l\u00e9gation de signature\nen mati\u00e8re de gestion des budgets op\u00e9rationnels\n104-111-112-113-119-122-124-129-135-137-147-148-161-163-172-181-206-207-209-215-216-217-218-219-232-303-348-349-354-357-362-363-3\n64-380-723-754-780-833  des fonds europ\u00e9ens et des recettes non fiscales\n80\nL2/91\nONVHOYYVNsUOP'YSlYYVG!WOYLONNHLCUIVEN\"FHOIAenbiuopyYIONVYOS0U81N8TYITHNLSUP|98HSSLUEPSOIN:4SSOPuoljedyiuad18YQsepalie|nwio4SNHOHOsuepaisies|...bc_nmo.p1n@19811p'F11LSYF9SN0ajulolpe9[eIoUSbBIIEJRI08S'NOAVHDSjISWYuN|ANVHOMVIASUOFYIIHYVElWOY'IHOISenbluoN'HHONVUOsousine]LONNHLouEN\"HAITHNLSURI9H'NIHANDoIIeges|'YAITIIANUIO\"NINFTTINA90U910|4soWBpsoN:4SsopuoneIyIUeI10Y@sepeulepnu1o4snioy)suepsisieg_ svdasnpYoauiolpe\"NINITINAS9U810|4SW|A|sjeyoe196png-80InI8sNPJayd\"FJWINOHANYJuesrNUNWWOYD)|BISUIL)JeUBIOIIOSG:v.\u0153..._c_o._vm_80110911P\"ONVOIHSUIO1LI-SUE{NSWInpjeyoneajulofpe'AFOHINSuusiqedSW||\n#Z/\u00a30/LNP181dw00Yunwuwo\"jeJeus()]eUB)O1IOSG[elguebe11810100SLONHONONuueyorWsens0e1epesssuadapapsuoisio9qseusoju]SesIAISSJeijiqourw]enbisiBo-]831AISS39Jeysy76Bpngos1A05595Np80108110LIOYZGSIEUIENWNLADOO99IAI8SNPJauyd'FTINHLVT243\"NJUEJUOW8|Jlosanbjonbjie;5110sopuongje)suos:uonuanaidapeuldapau19ajeldOSUONIYF19VLdWNOI13JSUIVLIDANENOILS39\nPr\u00e9fecture de la C\u00f4te-d'Or - 21-2024-02-21-00003 - Arr\u00eat\u00e9 pr\u00e9fectoral N\u00b0 412 / SG du  21 f\u00e9vrier 2024  donnant  d\u00e9l\u00e9gation de signature\nen mati\u00e8re de gestion des budgets op\u00e9rationnels\n104-111-112-113-119-122-124-129-135-137-147-148-161-163-172-181-206-207-209-215-216-217-218-219-232-303-348-349-354-357-362-363-3\n64-380-723-754-780-833  des fonds europ\u00e9ens et des recettes non fiscales\n81\n1211UNWWoY|eJguss)jeuellossnpsjuiolpesinsjes||iinsopaouejsisee,|sp2911198119'ANVYDIYSUIJOJWLI-sLUENSUN|a1}1}ne|eoo|\u00cb\u00c6E\u00cbE_EU\u01527SEdOgNpseileuvonseb||uonepljea'LHAenbiyosesely1nepijeaonbjuey-U\u00a98yonoqapsieJyXneJJusweblagay|\u20ac'spodsuel)|\nvZ/\u20ac0/LNPJe}dwoo\u0178'UNWWON[elaugs)JeUEJOIIOGsjeyoe19\u00dcpnqXnesemlJejeJsa)jadalopesosuedapspsuoisiDeqnpsoujoaug._.m_Om_m_meleureNewm90IAIBSNP4840'INNOHANHdUEOF'N_:1@SN10YIapa1pe299|sue(]QZ<IO\u00a2<\u00a77w:o_,N'YaHHVE_E\u0153\u0152LONNHLsuiepm_\u0152O_u_onbJUON'HFONVHOousiner|UIITYALSUZ/9H:45sapuonesyuad|19YsepaJignwio4snioyysuepaisies|Jeyoe196pnqSovuesajodpJOYO'YFIYYVGIweyIleyoe]epnqo9jries910d8payoyg'LONNH.LduieQWUuNWwoy[e:igu99jelleploagnpsjuiolpe|01198110'ANVOIYSUIj0O1EN-oUENSUNsJeyge106pnqS91A9SNPJOUDFINNOHANUdueer'NvZ/\u00a30/LNPJe)dwoo\u0178UNWWOg[eIgus)JeUB]O1IOSGSOUJSIU]|SOIINOS19Jalliqoww]\"onbnsiB0]Np80H10911013DY3g8lleyleNswip8dIAIBSNPJayd'IOGTVYFdJeIpia*N30091&>seyJeca1ap]esesuadapapsuoisve(INVHOYYNSUOP\"HFIYYVEIwey|-LONNHLsuntep'FHOI4enbluoN'HAONVHHsousinerUIMYALoU8/9H!4SS8pUOoNeIyINe018VQm\u0152U\u0152h_m_:rc._Ou__snioynsuepO._w_mw\u00ff|\u00a5\u00a2/\u20ac0/1NP181dw00YCDEEOO|elauan)..._\u0152_._m..._@._o\u0153mnp\u0152HC_O_.U\u0152unwuwo)|Blaua5)H\u0152_._\u0152H@._O\u0152\u0152Oo_bo.m._._\u00fb.DD(\u00db_\u0152.\u0152.C__O._\u0152\u00fcum_._m_\\/_OE_)__npQO_.:DO.__D..._....\u00dcN_...\u0152\u0152__\u0152\u2014.:\u0152Z\u0152E_>_3OOOm\u0152>S2]19981ap1ow\u0152wC\u0152Q\u0152U\u0152UwEO_w_O\u0152D-..._._......_<\u00c8s_oo13..._\u0153_fi..._on_:mNOILSa9.\nPr\u00e9fecture de la C\u00f4te-d'Or - 21-2024-02-21-00003 - Arr\u00eat\u00e9 pr\u00e9fectoral N\u00b0 412 / SG du  21 f\u00e9vrier 2024  donnant  d\u00e9l\u00e9gation de signature\nen mati\u00e8re de gestion des budgets op\u00e9rationnels\n104-111-112-113-119-122-124-129-135-137-147-148-161-163-172-181-206-207-209-215-216-217-218-219-232-303-348-349-354-357-362-363-3\n64-380-723-754-780-833  des fonds europ\u00e9ens et des recettes non fiscales\n82\nL2/81\nONVHOYVWSuOr1@YFHYVE!WS9HLONNHLSULEMNFHOI4ONblUONHHONVHOS0U91NE]YINMYALSUIPH:JSSopUonesIIeI18VGsopa1iBpnuLIO4SNIOYIsuepaISIESJeyoyjebpng90IA19G919dapaayd|ONNH.LSUIVEWNSUNeo110S910dSpJoYdYFIYYVEMO'NSOUJOIU|SSOIAJOSJaljiqoww|anbnsibo-eoix18snpJusbe\"JIN3AFHL40IPIQ\"J@1IgoWWIajodapJeyoneajulolpe\"NOTNOLdule|siysSUN181[IqoWuWI9104NPJOUI\"INIHVHGWLEH'NUNWILLIOY)[BJoUDS)JELB]OIIOSNPSJUIO\u00cfpE80198110'ANVOIYSUIJOJLI-OUBINOLUNvZ/\u20ac0/LNPJ81dW00\u0178UNWWO\"|eISUSL)Jeuel}oloasNp00/}0011G'LFOYIGOIUENSMN\n|\nsjeusejabpnq|80IAI8SNPJoydINNOHANWduesr'Nnp3oenbnsibo|e|ap'asejebpngabejojidnp9@91A18SNPJOUI\"ICTVHId10IP1G'NJUEJUOW8OSanbjenbjie;souuesapuone;e]su09\n'SNHOHO|euoibalsobeuedsooiuesapo1jue9npajgesuodsel'nejulofpeXNY39IN3ANOFSUIIRDSUN1obpnqnejulofpeuoissiuopsb1eys\"OTIVIAOIE*NYJONVUO8duaineT1eyoe18bpnqs01A18S910d9pJUYSlHYVElwey\"N1eyoe1obpnqs0iA1eSaJod9p94940'1ONNHLeUILENWN=====1379VLdNOD13AYIVLIDANENOILSTD\nPr\u00e9fecture de la C\u00f4te-d'Or - 21-2024-02-21-00003 - Arr\u00eat\u00e9 pr\u00e9fectoral N\u00b0 412 / SG du  21 f\u00e9vrier 2024  donnant  d\u00e9l\u00e9gation de signature\nen mati\u00e8re de gestion des budgets op\u00e9rationnels\n104-111-112-113-119-122-124-129-135-137-147-148-161-163-172-181-206-207-209-215-216-217-218-219-232-303-348-349-354-357-362-363-3\n64-380-723-754-780-833  des fonds europ\u00e9ens et des recettes non fiscales\n83\nZe/6L\n'FHOI4eNbiLON'HFONVHOsousiner|UYIITHNLSUZ/9H!4SSopUONeOyIUeI18VQsopSJIBINWIOSNIOUSSUEPBISIESJsuiqedapInsdjoalip'J71SHIDLo_>__,OWejurofpe...30005<OISQISlesgueb1181910088'|ONIONOINUUEYOFWnesemeje:seyooa:ap16sesuadapapsuoisioegeJeseu9\u00c9aueJO1Tes'NOAVHDS-jouyuN\nNOLV5INANNOS__Z013NOLVNYOANTASIWILSASS3d(TaRIZISININHZINTTVINSWSIVd3QFOIANTS-1lONVHOYVNSUOF18YAHYVG!WSY1ONNHLSUIENFHOI4\u0153.:v_co_>_UHIONVYHD|sJuaine]HIITHNLSU8/9H:4SSopuoneoyIIe18YSepaJIejnwIo4snioy?)suepaIsIESsjeyoejebpnq90IAI8SNPJOUS'INNOHANUHduesr'N'UnWWOo9|elugsn)jJele}pldagnpsjulolpe80U}9811G'ANVOIYSuljoIED-BLESWSOUJSIU|SSIIAIOSB___noEE_enbnsib0o]JuUEJUOUIB0IAIBSNPJOUI'IOTVHIdL\u0153_n_oW8|Osonbjenbe;a01A19snpUONBOUNIEO:obLIL)-\u2014OINVHOYVNSuOf\"N18YAIHHVE(WY\u00c8z:_._kouILeINFYOI4enbiuop'YFONVHOS0Ua1NETUIIMYNLBURISH:4SsopuoneoyILes18Y@sopaJiejnwiosnJoyIsuep\u0153_\u0153_m\u0153\u00ff'auiowujednp1enbnsi60;gop'aslIEJoBpnqabejo|idnp9918sNP4842'IOTVHAdJ8!P10W'UnWWogJeJguesjeuBeJE1IOGnpsjuiolpe99108110\"ONVOIHSUIOIEI-aUENJUMN#Z/\u00a30/LnpJeydwoo\u0178UNWLWOYD|elgus)JELBJOJIOG:U\u00e6o_bo\u0153:n_._...._O\u0152..._m_\u0153__mfimz\u0153E_>__woom_'mvm\u0153z\u0153oo:\u0153w\u0153\u0153:mq\u0153u\u0153vwco_w_o\u0153n\u0153mEmO..._._m<._.n__>_oo13..._m__<._...._mvo:mNOI1S39\nPr\u00e9fecture de la C\u00f4te-d'Or - 21-2024-02-21-00003 - Arr\u00eat\u00e9 pr\u00e9fectoral N\u00b0 412 / SG du  21 f\u00e9vrier 2024  donnant  d\u00e9l\u00e9gation de signature\nen mati\u00e8re de gestion des budgets op\u00e9rationnels\n104-111-112-113-119-122-124-129-135-137-147-148-161-163-172-181-206-207-209-215-216-217-218-219-232-303-348-349-354-357-362-363-3\n64-380-723-754-780-833  des fonds europ\u00e9ens et des recettes non fiscales\n84\nJeyoyjebpng2011859jodpJaud'YUI/YYVElWOY\"Nsjeyoe]obpnqS01A8SNpJaydFNNOHANUdvesrW\"npjoyonequiofpe'qyvgoronT-vearWOISIOSNPYo'10149SUdOISUUI-UESr\"y|anbjonb'OISAISNE1H2/9184991AI8S8pUOIJEJE]SUONONVHOYY\u0178NSUOF16YFHYVE1WaY| 1ONNHL8UIEN\"FYOIAONbIUON'YHHONVHOSOUEINET19VQSep211E/NUO4SNIO\u00cbNsuepaISIESOISAIS300SB>OISAISnpjeyonejulolpe'qyvgoronT-vearWOISIASNPJoU0(LOIHEaydojsuyd-uesp'neseanejeJs9110061ap16sesuadapapsuoisioqYF/YYVElWeySINeISSoWLONNHLSUILEWN\"JHOI4enbiUON'YFONVUOsouaineUYIIYANLBURISH:4SSopuoneoyIUeo18YSopaJiejnwioSN1OYIsuepOISIES.(30051e.nbsnl)1eyoe166pnqsolnles91949pJoydYFIHYVEWYINSISUO(30081e,nbsnf)1eyoe166pngsojuesejodapaysyDLONNHLSUBFIENSUN\u2014(3005e,nbsnf)syeyoejobpnqsoWuesNPJoyd'FNNOHANUdUesr'\\'UNWWo)[eJ9U99)JeLIEIRIODSNPUNWWOY[eJoURD)Jele)RI08S3000G&>OISAISajulofpe89119811G'ANYOIYduljoJen-suepNp99109110'135439alleyieNuWNesaAlje|alsa)jadalOp18sosuadapapsuoisigag'{d1394-iANVHOHVYIASUOr10YF-YHVG1way|LONNHLEUEW\nPr\u00e9fecture de la C\u00f4te-d'Or - 21-2024-02-21-00003 - Arr\u00eat\u00e9 pr\u00e9fectoral N\u00b0 412 / SG du  21 f\u00e9vrier 2024  donnant  d\u00e9l\u00e9gation de signature\nen mati\u00e8re de gestion des budgets op\u00e9rationnels\n104-111-112-113-119-122-124-129-135-137-147-148-161-163-172-181-206-207-209-215-216-217-218-219-232-303-348-349-354-357-362-363-3\n64-380-723-754-780-833  des fonds europ\u00e9ens et des recettes non fiscales\n85\nuoljeibajul19UONEIBIWWISOIAISSnpJayodnpsjuiolpe'NITIOO8IpPoA]SwyuoIJe1beju16uonesBiwuo01A19SNp8)jayo.Hmm_._opuonensiuiuupe,p\nLeibeOJeuoIzeue|op16LoNesBiuu|s9yoeye'ITIINVNSUI9IsW|8p1N910OUPAFHLN\u0178Ocmzw\u00e4m\u0153\u00e4o_...cojUOIJEOIJIUO1oS9]19081op]esosuadapapsuoisiDeqsejeldiajuI\"SINS]ONpe1}apSUOIJEIEAsajJNOdJIEJ8o1AIesSpUoHe1Bajur,p3oUoneIBruwr,p90IAIRSUOIJESIJeINJeUawaioyajedEjop|\u00ae|qesuodsainpjuiofpe'DYzouIjo\u00cfe3ouN|-UonesienieueuuoIm..._m_aAB|opaJgesuodseu'1e13,1opuonessjuWpe,pgyoeneHIITIINHLsydoisuy)UBOr'N-\"Uone1Bbajui16UonesBiuuulS0olA18SNPeyoy'Je]3,|opuonessiuimpe,peyjeuoneuejsp16uonesbluu||8p1n@,08.lpA3H1NVOuel;seqes1naisuo|Noyjeuoneueap16vone:Glwui||soysene'ITTANVNEUlSI...\u00cbs__sp1nezoaJlpA3HINVOVensegas1na|SUO|NBSiel)opsIeJe18UoISSIWSPS9IPIO:UONOBIIPEjepsjuebesapajquesua,|\u00c8oaJuewsce|depepsIe14-1dSNYOHIdp84P233]SUEG118401AI8SNPUOIEOIIUOO-S8)19081SP16sasuadoppSUOISIOPP:INBJOBIIPNPuonejuesasdespsIe1-ALITVNOILVNV13413NOLLVYOINNILT30NOILISYIG\u2014IH\nOISAIS-\nnpjeyoneuiofpe'quvgoronT-vearWOISIOSNPY10149eydoisuyg-ueerN\n\u2014\u2014|'sonbiuyoe)SUOIUSAISIULPSHOdde135SOYII4-UOSIEJAI9PsuogpueyJe|NSUOr1oYFIHHVEIWSY-JONAHLSUIVEWN|'FYOI4enbluONHYFONVHOSOUSJNET|UYINMYANLSU2/9H:4SSepUOIJEOIIUOD18\u00a5sopa1lenuuOo4snIOY\u00cbSsuepaisIeseo1eS910dopayoyo'IONNH.LeuILEwNcuJ19YLdWOI13JYNVLIOANENOILSA9\nPr\u00e9fecture de la C\u00f4te-d'Or - 21-2024-02-21-00003 - Arr\u00eat\u00e9 pr\u00e9fectoral N\u00b0 412 / SG du  21 f\u00e9vrier 2024  donnant  d\u00e9l\u00e9gation de signature\nen mati\u00e8re de gestion des budgets op\u00e9rationnels\n104-111-112-113-119-122-124-129-135-137-147-148-161-163-172-181-206-207-209-215-216-217-218-219-232-303-348-349-354-357-362-363-3\n64-380-723-754-780-833  des fonds europ\u00e9ens et des recettes non fiscales\n86\nOISAISNPJ2Ud\"LOIXGsydojsuyD-uesp\"N$9]E00]SOyANDEIOOsopnea1nqnpayeyo'|LYVHT3elpe4sWpuonejuewea|ba1E|ap16SUOIDEISsopneaingnpjeynesjuiolpe'ANYOHsulydjequuoiejuawa|balEjop10sUONIEISsopnesungnpayoyo'ISSNONHE91180WN\nLCICC\nsoSJSAIPSUOI08|sepuojjesiueblo,|eseulesserausonbiuouda|e;suONn9}9sop19seJBIO|S9}IAIDSJ|0DSoUBI|sopuoie|lejsul,|eSINEjO1SIELLSO|INOdsop1ne1981Ip__z<|___>_0\u2014..,_|_|C\u01520\u2014.IN@ISUONT6jS93IAI9SNPUOINB914118919WO\u0152C\u0152Q@\u00dbepSUOISIDSQ\n-ANHOHauiydjsg1@ISSNOUHG241215SOWN\u2014LONIAU3'N!4SSopuoneo|yIIe018YQsopalig|nwlio-SNIOYNsuepSISIESSQ|BO0|SOUAIIO||OOsopnea1nqnpayeyo'ILHVHT3Ejipe4oumuonejuswa|bale;ap16suoIJIaIeSopneainqnpJayoneajulofpe'ANYOHeuiudjegumuonejueWaIbe:|ap16suonIelesopneenqnpeyeyo'FSSNOUG4lSUNuol\u00cfejueuIe|ba1e|ap16suoIDe|esopneaingnpjoyo'FSSNOYE911819WN'|$9|B00|S9)AI08]|0D|sopneeunqnpayeyd'\"ILYVH13ejpe4swpynpJaydnpejulofpe'NITIOO21P043owNUonesBaquieUone1Biwu|90IAISSNPe,yjoys'Je}3,|opvoyesjsiuIWpe,peoysene'ITIFNVNEuII9OSWIN|op1ne10aupAFHLNVOUenseges1naisuo|N|((poiuesopaule\u00cfeIsesd'sopjonuepISeIdse|INOd8304spsunojInq'sosJeaIpSUOIJEDO|'XNEBI0}O3[9SJUSWuNIOpopJuswaulwayse'sowudul)SUOI0[9SOJUSJIHIPSOpSjjoLO]EWUONESIUEBIO|SUOIJDE|SSBP10saJe0O|SEyAIOE||OO|esjiejal(senbiuoudaje)seubyjsioy)SIEsLss|INOdSep1n@19811P'INVTINONT-UBOrUNSISUO|E}801AI8SNPUONE]EISUONJesasuadapapsuoIsIoagSIE1JOPSIEJO}8UOISSIWOPSOJPIO:uonodalipEjSUONIAIESOp16SaJe0O|soyANOENOI|epsjuebesopajquesua,|Jnodjuswaoe|depapsies-sop1N81981IP'INVTINONT-UESfJNaISUo|A|ASNYOHO8P@.pedo]sueqessejp\u2014JIEJ9DIAI9SNPUONBIYIUOO-S9}0081SP16sasuadopS10YQUDERE'INVTINONT-UBErJNSISUOapsuoISiDEp:INa10811pnpuonejueseudaapsies-|SNOIL5313S313SS1V5OTSALIAILDTTI0OS3aNOILOTHIG-AIXoyjeuoneue|op19uopesBiwLuL|JeO0AR,pSUOIJE]SOJdXnesINodalSPsuoisivaq|J19VLdWNOI13JUIVLI9ANENOILS39\nPr\u00e9fecture de la C\u00f4te-d'Or - 21-2024-02-21-00003 - Arr\u00eat\u00e9 pr\u00e9fectoral N\u00b0 412 / SG du  21 f\u00e9vrier 2024  donnant  d\u00e9l\u00e9gation de signature\nen mati\u00e8re de gestion des budgets op\u00e9rationnels\n104-111-112-113-119-122-124-129-135-137-147-148-161-163-172-181-206-207-209-215-216-217-218-219-232-303-348-349-354-357-362-363-3\n64-380-723-754-780-833  des fonds europ\u00e9ens et des recettes non fiscales\n87\nS8|B00]|$9]IAI}09(|0Dsopnee1nqnpayeyo'LLYVH13ejipe4swpuoIJejueWE|\u00c9a1Ejap10suONIeIEsapneainqnpjeyoneejuiofpe'ANYOHeuiudiegswpuonejuewea|e:e|op19suoIDgjeS8pneainqnpayeyo'FSSNONigesejpeun|ANHOH\u0153c:._a_\u0153n_193SSNOUYGm.__m_o|seWWN-\u2014LONIOVF'N:JSsepuoneoyILes|18YQsepeulemnuLIOysnIOUIsuepalsieg$8|00|Sa}IAI}03)|00sopneasnqnpayayd'ILYVH13ejpe4W-UoljejuBWeE|Ba1E|ap\u00cfesuonoe|esopnee1nqnpjey0nesjutolpeANYOHaulydiagswiyuonejuswa|Bal|op16suoios|ewmvneaingnpayoys'FSSNOHG24elDoE_>;LUIez\nes\n|eo1xesopUONBOYIUSO10S9JOASOpJUOWESUEIAIIPSUONDEIESOP}8SOJEDO]SOIAHOSIOOUOISSILILLODEJEXNEGIOA-SE0OJdsapJuswiaulwayoe,|seopS\u0153..._o\u0153__uINVTINonT-veerAnaISUONBsjlie|alSIE1}sepJUSWasSINOquialapSUoISINa(]|}B}s0/UOsNPUCHEOYINSDJ8J4DDNDEj8puoIsiDepInssabelynssep%Gnua1gojueAesjepipuedxneSUOIJ08[9sep]esejBOO|SOJAIDL|I00|\u2014\u0153cmma\u00ebmopsIesJsapJueulesInoquesapsuoIsioaqsop1n@19811P'INVTINONT-UEer1NnaisuomNANYOHauiydiaq1@FSSNOUES11819SOWN\u2014LONI4\u00b0H3'N:4SSepuonesyued-18VQsopa1lepnuuo4snioy)suepaisiesSaJeDO|SOyANOE|OIsepnee.nqnpayeuo'LLYVH13ejpe4uuonejuswe|ba.ejap10SUONIEIESopneainqnpJoyoneajulofpe'ANYOHsulydiaqawy|uoljejuswa|bale|ap16suonoalesepneainqnpayoys\"FSSNONHEBBlUN\nHe;\n|S0IA19S8PuonedyULD16apueBedo.dejspabeyoiye,pSuOID@|esap]esapBIO|SSJIAINDA(|OOsieljsop18'sinowlduxnenosjepipueoxnesapunajoallp'INVTINon-uesp1N@|SUONepueBedo.dspsiel)sopJuewessnoquelspsuoisivaq_ANYOH\u0153:.ca_m\u00fb19ISSNOWE811\u20ac/9SouW\u2014LONIA94F'N:4SSopuoneoye|8VGSopS11E;NU1104snioy)suepOISIESIISAIS\nnpjeyonequlofpe'quvgoronT-vearW= \u2014\n_\n319VLdWNOI13AYIVLIDANENOILSIO\nPr\u00e9fecture de la C\u00f4te-d'Or - 21-2024-02-21-00003 - Arr\u00eat\u00e9 pr\u00e9fectoral N\u00b0 412 / SG du  21 f\u00e9vrier 2024  donnant  d\u00e9l\u00e9gation de signature\nen mati\u00e8re de gestion des budgets op\u00e9rationnels\n104-111-112-113-119-122-124-129-135-137-147-148-161-163-172-181-206-207-209-215-216-217-218-219-232-303-348-349-354-357-362-363-3\n64-380-723-754-780-833  des fonds europ\u00e9ens et des recettes non fiscales\n88\n9110}11191npJuswabeusweajodnpayayd'NNVINIHOSNDSIRYIASWINswis|ueqgJn1.JUBWSUUOIIAUDaJodnpayeys'|HOWSUAJOA3swp\nLelve|euopdss)iIndde|ep18senbigndsenbijjodsepuoneulpioode|ep1na19211p'FgGYOLNOOaddiiud'NSIB1}aps]EJ919UOISSILUSPSE1P4O:UOIDEIIPE|aps\u00cauebesopejquesua,|1nodJusweoe|dopapsie14IGSNHOHD8P84P238]sueq|_m__o::m..._indde,|inajoaupop19senbijqndsenbijodsepuoneulpioodnpuoljejuasaidalapsiel}se|INOdjIB;091/AUOSe|op1ne1081ip'FGHOLNOSeddijiyd\"INNPUONBOIILIOO-SORHSDO1SP16sesuadopspsuoisivag|sa|egO|SoyAIOE||OI|sepneaunqgnpoyjoy)'ILHVH13ejipe4uuone;ueWe|\u00c9a1ejsp1@suonoajesepneaingnpjeyoneajujofpeANHOHaulydjeqswiyuonejuswa|balE|op1osuol}o9||sepNeainqnpayoys'ISSNOUYSU1E/OUNANHOHSuIdjeq1oISSNOUEMBI19YQsepe11Bpnu1O4snioy)suepaisies$9|200|sayAIOE||ODsopneaingnpoyoys'|LYYH13EJipe4uWuonejueula|\u00c9a:ejap16suonde|esapnea1nqnpjoyoneajujofpeANYOHaulydiagoumuolzejueWe|\u00c9e:E|ap16SUOIJOSISsep.neasnqnpa,joyo'FSSNOHGS118/0SWAANYOHeuIudjeg1@ISSNOUS911810\n\u201419YQS8paulepnuLIO4SnIoy)Suepaisles\nTVIHOLIHHALINddV.130L3SINONENdSINOILINOdS3dNOILVNIQHOOSV130NOILI3HIG\u2014AXsuoioejeSOp19sajedo|SPUAIJOS|0DsepINa)oalIp'INVTIIN-ONT-UearINaISUONsojeuIO\u00cfeuessuoN98913Juswaoe|dopopsiel)sopJUDWISSINOQUIO18|INOdB480IAISS8PUONEJE]SUONBJ80IlAIOS\nNPUOoIJe91;IU0010(seje1OIIOISSOISI|SOpJUOWEOSSIIGE)O'soponbie'souin'ogjquesse,psiel))SSUNWILIODSO|JedsobeBbuesies;sopJuswssinoguwialapsuoistdegSUOI}08|9sop19sajBI0|SOIIAIIO||O0|sep1n@198.IP'INVTINONT-UBS(1NaISUOIN|F19VLdIWNOI13JYIVLI9AN\u00c9NOILS39\nPr\u00e9fecture de la C\u00f4te-d'Or - 21-2024-02-21-00003 - Arr\u00eat\u00e9 pr\u00e9fectoral N\u00b0 412 / SG du  21 f\u00e9vrier 2024  donnant  d\u00e9l\u00e9gation de signature\nen mati\u00e8re de gestion des budgets op\u00e9rationnels\n104-111-112-113-119-122-124-129-135-137-147-148-161-163-172-181-206-207-209-215-216-217-218-219-232-303-348-349-354-357-362-363-3\n64-380-723-754-780-833  des fonds europ\u00e9ens et des recettes non fiscales\n89\n-_Le/ST_B)SSIIAIS-JO]UIenbipun(ajodnpuoissiwopogb:eu'FYLIVNATenbiuiwogSWIA|SedIA@S-JQJUIenbipunf18}31,/\u00a9P911|Igesuodsa.9190NpJayo'HAISSITAJOL9Pp914'WejopJuswabebus,)ea91psuOnESIUWEPUIsoINesepno,|\"s80IAI8S-JEIUIonbipunfaj0dnpuoissiwep896Jeyd'FHLIVNATonbluiwogouNS\u00a9IIAI@S-J9]UIeNbipun(919dNPJoyo'YFISSITAQ9USpaI5WNSUONOIPUNIsejJed1813jopsuoneuwepuog,|\nsadlAlas-1ajulonbipunfoj0dnpuoissiwopeobleus'FYLIVNATenbiuiwogowj_SS0IA9S-JOJU!enbipunf9jodNpJoyo\"YAISSITAJOL9pe14WJEO0AR,psasuadopsap}je}80IA19SopUonBOYILSNB1_..._\u2014\u00fc|\nAdanveueld82NSUN19ONONVHE!|99._<><v_,z<v_eule4soewuepsaN:4SSOpUOIJEOIILISO.19SQsep8JE|NULIOSSN10YSUBpOISIES||9110}1119]NPJuswebeusweajod|Np4645neajulolpe'INONVHelle0ouN'HeJadlnles91101119NpJuswabeugwe|NPUOIJEDYILIEO-SOHSOE1Op19Sosusdapapsuoisipep|1B19u96a11e1519081ONIONOWuueyor|ejednp4842'NNVINTHOSNOSIEUOINSUN-!sejeoo]SHYAIIO|JOSXNESSOUBAB]\u00a9SUOHEJOQSUISIUEQIN19JuswsuuolAueajOd:LJeyonejuiolpe\"QUYTIINOHEswnejing'N'JeLoyLe;INdde,|ap]esenbigndsenbiodsapUORBUIPJOOOB|9p1ne0811p'39HO1NO9eddiydWHE;S0IAI9SNPUONEOIIUOI-S0]JO091..SUISIUBQUN19JUOWUSUVOIAUS8p18sesuedapapsuoisioap:senbijgndsejenbua|eJougbu18351908'|ONIONOWuueyopr'WajodnpJoyo'IO8ukjengoE_>:XnesaAije|alsojeba|seououue,psuonesygng}=\n|\n319VLdWOD13JIVLIODANGNOILS39\nPr\u00e9fecture de la C\u00f4te-d'Or - 21-2024-02-21-00003 - Arr\u00eat\u00e9 pr\u00e9fectoral N\u00b0 412 / SG du  21 f\u00e9vrier 2024  donnant  d\u00e9l\u00e9gation de signature\nen mati\u00e8re de gestion des budgets op\u00e9rationnels\n104-111-112-113-119-122-124-129-135-137-147-148-161-163-172-181-206-207-209-215-216-217-218-219-232-303-348-349-354-357-362-363-3\n64-380-723-754-780-833  des fonds europ\u00e9ens et des recettes non fiscales\n90\n12/92\nJOTHVINU@IINFN\u2014QYUVNAAATeUI1595918F19INVHOIN0U81NETSOUN:4SSOpUONBOI}I1IOO19YQsopaJlenwio4snioy)suepSISIESJoiiqouwul;'sooueuI4ejeuoIba1saw.oysje(d|p1ne10811P\"LOTHVINVaunpNajulofpe-HVDS'OLLNVdEPelINQWJOTHVNU@IINFW-\u2014QHVNAAIZT3ullve]18FT9NVHOINsouesne]sewWjN:4SsepuoIJeouILeO19YQSopSu1ejnu1O-4SNIOUIsuepSISIES\nsied)\nop]e]9]6UoISs|wSP81P10!SoJEUOIBE1sauleljes9)|Jnod|esouabalejeloss9|INOdjJuswaoe|dapopsie14UONESIVLJSPpou16UOIESIJENINWU'susiowajodnpabseyo'ajW07-oyoue14-oub0ob1nogopsejeuolbalsalleyesa|INOd[eigudb311e}2.108sNeajulofpeO]LNVdepe|iNSMN\u00abs9|jalglsiuiuLiulsanbiigndsenbijod\u00bbajodnpobieys'e1wu07-oyoue14\u2014subobinogapsejeuoiBeJsaleyese|Inod[esousbaJleJe19esnesjulolpe'QuvNY39UNLOTHVNU@lnrN\u2014QUVNAAIT8ullogd18FT19NVHOINSouB81NEe-]SOW|N:4SSepUOIJEOIUIUSO18YQsopaJig|nwlio4snioydsuepaISIES9]u0g-eyoue1-\u2014saubobinogapsajeuoibau|salieyesa|INOdojp1ouE\u00c9aJ18219400SNOYFdNVHO303LSO9suuyuI1LOSNYOHD\u00b0P2.ped9jsueq489188NPUOHEBOIILISD\u2014s9110081SP]6sosuedepepsuoisioep:seJeuo1Be1seueyes1nodjeigughe11e161008nesjujofpesapuoinejuesesdesapsie14Jie]90IAI8SNPUONBOUNEO\u2014SOPODAJop16sesuedapapsuoisiDap:sojeuoIbessaleyese|Jnod|esguaba11810190SNPuonejuasaidalSPSIEIASITVYNOIDIYSSYIViiVS37UNOdTVHIANIO1IVIUVLIUOFS\u2014LAX319VLdWOI13SUIVLIDONENOILSID\nPr\u00e9fecture de la C\u00f4te-d'Or - 21-2024-02-21-00003 - Arr\u00eat\u00e9 pr\u00e9fectoral N\u00b0 412 / SG du  21 f\u00e9vrier 2024  donnant  d\u00e9l\u00e9gation de signature\nen mati\u00e8re de gestion des budgets op\u00e9rationnels\n104-111-112-113-119-122-124-129-135-137-147-148-161-163-172-181-206-207-209-215-216-217-218-219-232-303-348-349-354-357-362-363-3\n64-380-723-754-780-833  des fonds europ\u00e9ens et des recettes non fiscales\n91\nLeILe3NIGOYYSUE13N9IS19Je1d97v\u20ac/cO/LE@l'uoligeeJoiigoww;(uoneuuo|'sebpng'seoueu|4ajeuo1Be1ouo;-ajejdBj4NOdsduwoo\u00c0)Juswabiaqay,|1osuodsue1CHVNIAITBl9PWUQIU!Jed1N@}081P\"LOTHVNVliNf'N|SO|JUBUISOUODSONOOOIep1sesuadapapsuoistDagOUIIS$018JT19NVHOINS0U01NETsOUINSJUIO[pPe-YVOS'OLLNVdEPEfINSWN.LISNYOHI8P84pe531sueq\"Z19VLdWNOI13INIVLIDANENOILS39\nPr\u00e9fecture de la C\u00f4te-d'Or - 21-2024-02-21-00003 - Arr\u00eat\u00e9 pr\u00e9fectoral N\u00b0 412 / SG du  21 f\u00e9vrier 2024  donnant  d\u00e9l\u00e9gation de signature\nen mati\u00e8re de gestion des budgets op\u00e9rationnels\n104-111-112-113-119-122-124-129-135-137-147-148-161-163-172-181-206-207-209-215-216-217-218-219-232-303-348-349-354-357-362-363-3\n64-380-723-754-780-833  des fonds europ\u00e9ens et des recettes non fiscales\n92\nPr\u00e9fecture de la C\u00f4te-d'Or - 21-2024-02-21-00003 - Arr\u00eat\u00e9 pr\u00e9fectoral N\u00b0 412 / SG du  21 f\u00e9vrier 2024  donnant  d\u00e9l\u00e9gation de signature\nen mati\u00e8re de gestion des budgets op\u00e9rationnels\n104-111-112-113-119-122-124-129-135-137-147-148-161-163-172-181-206-207-209-215-216-217-218-219-232-303-348-349-354-357-362-363-3\n64-380-723-754-780-833  des fonds europ\u00e9ens et des recettes non fiscales\n93\nPr\u00e9fecture de la C\u00f4te-d'Or\nP\u00f4le juridique inter-services\n21-2024-02-21-00002\nArr\u00eat\u00e9 pr\u00e9fectoral N\u00b0 415 / SG du 21 f\u00e9vrier 2024 \n  \ndonnant d\u00e9l\u00e9gation de signature \u00e0 Madame\nNathalie BERGET, directrice du Secr\u00e9tariat\nG\u00e9n\u00e9ral Commun D\u00e9partemental de la C\u00f4te\nd\u25a1Or\nPr\u00e9fecture de la C\u00f4te-d'Or - 21-2024-02-21-00002 - Arr\u00eat\u00e9 pr\u00e9fectoral N\u00b0 415 / SG du 21 f\u00e9vrier 2024    \ndonnant d\u00e9l\u00e9gation de signature \u00e0 Madame Nathalie BERGET, directrice du Secr\u00e9tariat G\u00e9n\u00e9ral Commun D\u00e9partemental de la C\u00f4te\nd\u25a1Or\n94\nSECR\u00c9TARIAT G\u00c9N\u00c9RAL\nDirection de la coordination\ndes politiques publiques\n et de l'appui territorial\nArr\u00eat\u00e9 pr\u00e9fectoral N\u00b0 415 / SG du 21 f\u00e9vrier 2024    \ndonnant d\u00e9l\u00e9gation de signature \u00e0 Madame Nathalie BERGET, directrice \ndu Secr\u00e9tariat G\u00e9n\u00e9ral Commun D\u00e9partemental de la C\u00f4te d'Or\nLe pr\u00e9fet de la C\u00f4te-d'Or\nVu la loi n\u00b0 82.213 du 2 mars 1982 modifi\u00e9e relative aux droits et libert\u00e9s des communes,\ndes d\u00e9partements et des r\u00e9gions ;\nVu le d\u00e9cret n\u00b0 2004-374 du 29 avril 2004, modifi\u00e9, relatif aux pouvoirs des pr\u00e9fets, \u00e0\nl'organisation et \u00e0 l'action des services de l'\u00c9tat dans les r\u00e9gions et d\u00e9partements  ;\nVu le d\u00e9cret n\u00b0 2008-158 du 22 f\u00e9vrier 2008 relatif \u00e0 la suppl\u00e9ance des pr\u00e9fets de r\u00e9gion\net \u00e0 la d\u00e9l\u00e9gation de signature des pr\u00e9fets et hauts commissaires de la R\u00e9publique en\nPolyn\u00e9sie fran\u00e7aise et en Nouvelle-Cal\u00e9donie ;\nVu le d\u00e9cret n\u00b0 2009-176 du 16 f\u00e9vrier 2009 modifiant le d\u00e9cret n\u00b0 64-805 du 29  juillet\n1964 fixant les dispositions r\u00e9glementaires applicables aux pr\u00e9fets et le d\u00e9cret n\u00b0  2004-\n374 du 29 avril 2004 relatif aux pouvoirs des pr\u00e9fets, \u00e0 l'organisation et \u00e0 l'action des\nservices de l'\u00c9tat dans les r\u00e9gions et d\u00e9partements ;\nVu le d\u00e9cret du 26 septembre 2022 nommant Monsieur Franck ROBINE, pr\u00e9fet de la\nr\u00e9gion Bourgogne-Franche-Comt\u00e9, pr\u00e9fet de la C\u00f4te d'Or (hors classe)  ;\nVu les arr\u00eat\u00e9s interminist\u00e9riels portant r\u00e8glement de comptabilit\u00e9 pour la d\u00e9signation des\nordonnateurs secondaires et de leurs d\u00e9l\u00e9gu\u00e9s ;\nVu  l'arr\u00eat\u00e9  pr\u00e9fectoral  n\u00b0  1251/SG  du  18  d\u00e9cembre  2020  portant  organisation  des\nservices  de  la  pr\u00e9fecture  de  la  r\u00e9gion  Bourgogne-Franche-Comt\u00e9,  pr\u00e9fecture  du\nd\u00e9partement de la C\u00f4te-d'Or;\nVu l'arr\u00eat\u00e9  pr\u00e9fectoral  n\u00b0  1184/SG  du  3  d\u00e9cembre  2020  portant  organisation  du\nSecr\u00e9tariat G\u00e9n\u00e9ral Commun D\u00e9partemental de la C\u00f4te-d'Or; \nVu l'arr\u00eat\u00e9 pr\u00e9fectoral n\u00b0 233/SG du 30 janvier 2024 donnant d\u00e9l\u00e9gation de signature \u00e0\nMadame  Marie-Caroline  RIGAUD, directrice  adjointe  du  Secr\u00e9tariat G\u00e9n\u00e9ral Commun\nD\u00e9partemental de la C\u00f4te-d'Or;\n1/5\nPr\u00e9fecture de la C\u00f4te-d'Or - 21-2024-02-21-00002 - Arr\u00eat\u00e9 pr\u00e9fectoral N\u00b0 415 / SG du 21 f\u00e9vrier 2024    \ndonnant d\u00e9l\u00e9gation de signature \u00e0 Madame Nathalie BERGET, directrice du Secr\u00e9tariat G\u00e9n\u00e9ral Commun D\u00e9partemental de la C\u00f4te\nd\u25a1Or\n95\nVu l'arr\u00eat\u00e9 minist\u00e9riel du 1 er f\u00e9vrier 2024 nommant Madame Nathalie BERGET directrice\ndu secr\u00e9tariat commun d\u00e9partemental de la C\u00f4te-d'Or \u00e0 compter du 1er mars 2024;\nSur proposition de Monsieur le secr\u00e9taire g\u00e9n\u00e9ral de la pr\u00e9fecture de la C\u00f4te-d'Or ;\nARR\u00caTE\nArticle  1  er   : L'arr\u00eat\u00e9  pr\u00e9fectoral  233/SG  du  30  janvier  2024 d onnant  d\u00e9l\u00e9gation  de\nsignature \u00e0  Madame Marie-Caroline RIGAUD, directrice adjointe du Secr\u00e9tariat G\u00e9n\u00e9ral\nCommun D\u00e9partemental de la C\u00f4te-d'Or  et toutes dispositions ant\u00e9rieures contraires au\npr\u00e9sent arr\u00eat\u00e9 sont abrog\u00e9s \u00e0 compter du 1er mars 2024. \nArticle 2 :  D\u00e9l\u00e9gation est donn\u00e9e \u00e0 Madame Nathalie BERGET, directrice du Secr\u00e9tariat\nG\u00e9n\u00e9ral Commun D\u00e9partemental de la C\u00f4te-d'Or, \u00e0 l'effet de signer, dans le cadre de ses\nattributions et comp\u00e9tences, les d\u00e9cisions et actes relatifs \u00e0 la gestion de fonctions et\nmoyens mutualis\u00e9s en mati\u00e8res budg\u00e9taires, d'achat public, d'affaires immobili\u00e8res et de\nlogistique, de syst\u00e8mes d'information et de communication, de ressources humaines, de\nrelation avec la m\u00e9decine de pr\u00e9vention, d'action sociale au b\u00e9n\u00e9fice des agents des\nservices  du  Minist\u00e8re  de  l'Int\u00e9rieur  en  C\u00f4te-d'Or  et  des  directions  d\u00e9partementales\ninterminist\u00e9rielles de C\u00f4te-d'Or.\nCette d\u00e9l\u00e9gation prend effet \u00e0 compter du 1er mars 2024.\nArticle 3 : Gestion administrative du Secr\u00e9tariat G\u00e9n\u00e9ral Commun D\u00e9partemental\nD\u00e9l\u00e9gation  est  donn\u00e9e  \u00e0  Mme  Nathalie  BERGET,  directrice  du  Secr\u00e9tariat  G\u00e9n\u00e9ral\nCommun  D\u00e9partemental  de  la  C\u00f4te-d'Or,  \u00e0  l'effet  de  signer,  dans  le  cadre  de  ses\nattributions et comp\u00e9tences toutes correspondances et actes administratifs se rapportant\nau fonctionnement du Secr\u00e9tariat G\u00e9n\u00e9ral Commun D\u00e9partemental de la C\u00f4te-d'Or, \u00e0\nl'exception des courriers adress\u00e9s \u00e0 l'administration centrale.\nArticle 4 : Gestion budg\u00e9taire\nD\u00e9l\u00e9gation est donn\u00e9e \u00e0 Madame  Nathalie BERGET, directrice du Secr\u00e9tariat  G\u00e9n\u00e9ral\nCommun  D\u00e9partemental  de  la  C\u00f4te-d'Or,  en  qualit\u00e9  de  responsable  d'unit\u00e9\nop\u00e9rationnelle  (RUO)  d\u00e9l\u00e9gu\u00e9e  et/ou  de  centre  de  co\u00fbts  d\u00e9l\u00e9gu\u00e9e,  de  proc\u00e9der  \u00e0\nl'ordonnancement secondaire des recettes et des d\u00e9penses de l'\u00c9tat imput\u00e9es sur les\nprogrammes ci-dessous :\n\u2022 Programmes trait\u00e9s uniquement dans leur composante sociale\n\u25e6 124 : Conduite et soutien des politiques sanitaires et sociales\n\u25e6 134 : D\u00e9veloppement des entreprises et r\u00e9gulations\n\u25e6 148 : fonction publique\n\u25e6 155 : Conception, gestion et \u00e9valuation des politiques de l'emploi et du travail\n\u25e6 176 : Police nationale\n\u25e6 206 : S\u00e9curit\u00e9 et qualit\u00e9 sanitaires de l'alimentation\n2/5\nPr\u00e9fecture de la C\u00f4te-d'Or - 21-2024-02-21-00002 - Arr\u00eat\u00e9 pr\u00e9fectoral N\u00b0 415 / SG du 21 f\u00e9vrier 2024    \ndonnant d\u00e9l\u00e9gation de signature \u00e0 Madame Nathalie BERGET, directrice du Secr\u00e9tariat G\u00e9n\u00e9ral Commun D\u00e9partemental de la C\u00f4te\nd\u25a1Or\n96\n\u25e6 215 : Conduite et pilotage des politiques de l'agriculture\n\u25e6 216 : Conduite et pilotage des politiques de l'int\u00e9rieur\n\u25e6 217 : Conduite et pilotage des politiques d'\u00e9quipement\n\u2022 Programmes trait\u00e9s uniquement dans leur composante Frais de d\u00e9placement\n\u25e6 216 : Conduite et pilotage des politiques de l'int\u00e9rieur\n\u2022 Programmes trait\u00e9s dans leur int\u00e9gralit\u00e9 :\n\u25e6 354 : Administration territoriale de l'\u00c9tat\n\u25e6 723 : Op\u00e9rations immobili\u00e8res et entretien des b\u00e2timents de l'\u00c9tat\n\u25e6 348 : R\u00e9novation des cit\u00e9s administratives et autres sites domaniaux multioccupants\n\u25e6 349 : Fonds pour la transformation de l'action publique\n\u25e6 362 : Plan de relance Ecologie\n\u25e6 363 : Plan de relance Comp\u00e9titivit\u00e9\n\u25e6 364 : Plan de relance Coh\u00e9sion\nArticle 5 : Gestion des achats publics\nD\u00e9l\u00e9gation est accord\u00e9e \u00e0 Madame Nathalie BERGET, directrice du Secr\u00e9tariat G\u00e9n\u00e9ral\nCommun  D\u00e9partemental  de  la  C\u00f4te-d'Or,  \u00e0  l'effet  de  signer  en  qualit\u00e9  de  pouvoir\nadjudicateur, tous les actes relatifs \u00e0 la passation et \u00e0 l'ex\u00e9cution des march\u00e9s publics\nde l'\u00c9tat relevant du p\u00e9rim\u00e8tre du Secr\u00e9tariat G\u00e9n\u00e9ral Commun D\u00e9partemental, dont le\nmontant est inf\u00e9rieur \u00e0 5 000 \u20ac.\nArticle 6 : Gestion des ressources humaines\nD\u00e9l\u00e9gation est donn\u00e9e \u00e0 Madame Nathalie BERGET, directrice du Secr\u00e9tariat G\u00e9n\u00e9ral\nCommun D\u00e9partemental de la C\u00f4te-d'Or, \u00e0 l'effet de signer, dans le cadre de  ses\nattributions et comp\u00e9tences, toutes d\u00e9cisions et tous documents relatifs \u00e0 la gestion du\npersonnel de la pr\u00e9fecture, \u00e0 l'exception des d\u00e9cisions d'affectation des agents, des\ndirections d\u00e9partementales interminist\u00e9rielles et du secr\u00e9tariat g\u00e9n\u00e9ral commun list\u00e9s \u00e0\nl'arr\u00eat\u00e9 du 31 mars 2011 portant d\u00e9concentration des d\u00e9cisions relatives \u00e0 la situation\nindividuelle des fonctionnaires et agents non titulaires exer\u00e7ant leur fonction dans les\ndirections d\u00e9partementales interminist\u00e9rielles et l'arr\u00eat\u00e9 du 28 d\u00e9cembre 2017 portant\nd\u00e9l\u00e9gation  de  pouvoir  en  mati\u00e8re  de  recrutement  et  de  gestion  des  personnels\nadministratifs du minist\u00e8re de l'int\u00e9rieur.\nLa signature des actes suivants est r\u00e9serv\u00e9e aux directeurs d\u00e9partementaux et au\nsecr\u00e9taire g\u00e9n\u00e9ral de la pr\u00e9fecture s'agissant de leurs agents :\n\u2022 Octroi de cong\u00e9s de maternit\u00e9, de paternit\u00e9, d'adoption et du cong\u00e9 bonifi\u00e9 ;\n\u2022 Utilisation des cong\u00e9s accumul\u00e9s sur un compte \u00e9pargne-temps ;\n3/5\nPr\u00e9fecture de la C\u00f4te-d'Or - 21-2024-02-21-00002 - Arr\u00eat\u00e9 pr\u00e9fectoral N\u00b0 415 / SG du 21 f\u00e9vrier 2024    \ndonnant d\u00e9l\u00e9gation de signature \u00e0 Madame Nathalie BERGET, directrice du Secr\u00e9tariat G\u00e9n\u00e9ral Commun D\u00e9partemental de la C\u00f4te\nd\u25a1Or\n97\n\u2022 Octroi des autorisations d'absence, \u00e0 l'exception de celles relatives \u00e0 l'exercice du\ndroit syndical ;\n\u2022 Cong\u00e9s pr\u00e9vus par le d\u00e9cret n\u00b0 94-874 du 7 octobre 1994 fixant les dispositions\ncommunes applicables aux stagiaires de l'\u00c9tat et de ses \u00e9tablissements publics ;\n\u2022 D\u00e9cision de mise en disponibilit\u00e9 et cong\u00e9 parental ;\n\u2022 D\u00e9cision de rupture conventionnelle.\nArticle 7 : Gestion de l'action sociale\nD\u00e9l\u00e9gation est donn\u00e9e \u00e0 Madame Nathalie BERGET, directrice du Secr\u00e9tariat G\u00e9n\u00e9ral\nCommun D\u00e9partemental de la C\u00f4te-d'Or, \u00e0 l'effet de signer, dans le cadre de  ses\nattributions et comp\u00e9tences, toutes d\u00e9cisions individuelles de prestations et tous les\narr\u00eat\u00e9s attributifs de subvention entrant dans le champ de comp\u00e9tence du bureau de\nl'action sociale.\nArticle 8 : Gestion des frais de d\u00e9placements\nD\u00e9l\u00e9gation est donn\u00e9e  Madame Nathalie BERGET, directrice  du Secr\u00e9tariat G\u00e9n\u00e9ral\nCommun D\u00e9partemental de la C\u00f4te-d'Or, \u00e0 l'effet de signer, dans le cadre de  ses\nattributions  et  comp\u00e9tences  les  autorisations  et  la  gestion  des  d\u00e9placements\ntemporaires des agents du Secr\u00e9tariat G\u00e9n\u00e9ral Commun D\u00e9partemental, ainsi que les\nactes comptables li\u00e9s au d\u00e9placement des agents de la pr\u00e9fecture et des directions\nd\u00e9partementales interminist\u00e9rielles.\nArticle 9 : Absence et int\u00e9rim\nEn  cas  d'absence  ou  d'emp\u00eachement de  Madame  Nathalie  BERGET, directrice  du\nSecr\u00e9tariat G\u00e9n\u00e9ral Commun D\u00e9partemental de la C\u00f4te-d'Or, la d\u00e9l\u00e9gation de signature\nqui  lui  est  consentie  aux  articles  1  \u00e0  7  est  exerc\u00e9e  par  Madame  Marie-Caroline\nRIGAUD, directrice adjointe du Secr\u00e9tariat G\u00e9n\u00e9ral Commun D\u00e9partemental de la C\u00f4te-\nd'Or.\nEn  cas  d'absence  ou  d'emp\u00eachement de  Madame  Nathalie  BERGET, directrice  du\nSecr\u00e9tariat G\u00e9n\u00e9ral Commun D\u00e9partemental de la C\u00f4te-d'Or et de Madame Marie-\nCaroline RIGAUD, directrice adjointe du Secr\u00e9tariat G\u00e9n\u00e9ral Commun D\u00e9partemental\nde la C\u00f4te-d'Or, la d\u00e9l\u00e9gation de signature consentie aux articles 1 \u00e0 7 est exerc\u00e9e par\nchaque chef de service du Secr\u00e9tariat G\u00e9n\u00e9ral Commun D\u00e9partemental, chacun dans\nle cadre de leurs attributions d\u00e9finies par l'article 11.\nArticle 10 : Signature r\u00e9serv\u00e9e au Pr\u00e9fet\nSont r\u00e9serv\u00e9s \u00e0 la signature de Monsieur le Pr\u00e9fet de la C\u00f4te-d'Or les correspondances\nadministratives avec les ministres, les parlementaires, le pr\u00e9fet de r\u00e9gion, les \u00e9lus, les\ncourriers  et  d\u00e9cisions  concernant  les  \u00e9tablissements  publics  de  coop\u00e9ration\nintercommunale et le Conseil D\u00e9partemental de la C\u00f4te-d'Or ainsi que les march\u00e9s\npublics dont le montant est sup\u00e9rieur au seuil de 5000 \u20ac.\n4/5\nPr\u00e9fecture de la C\u00f4te-d'Or - 21-2024-02-21-00002 - Arr\u00eat\u00e9 pr\u00e9fectoral N\u00b0 415 / SG du 21 f\u00e9vrier 2024    \ndonnant d\u00e9l\u00e9gation de signature \u00e0 Madame Nathalie BERGET, directrice du Secr\u00e9tariat G\u00e9n\u00e9ral Commun D\u00e9partemental de la C\u00f4te\nd\u25a1Or\n98\nArticle 11: Subd\u00e9l\u00e9gation de signature\nMadame Nathalie BERGET, directrice du Secr\u00e9tariat G\u00e9n\u00e9ral Commun D\u00e9partemental\nde la C\u00f4te-d'Or, d\u00e9finira la liste de ses subordonn\u00e9s habilit\u00e9s \u00e0 signer les actes \u00e0 sa\nplace si elle est elle-m\u00eame absente ou emp\u00each\u00e9e.\nCette  subd\u00e9l\u00e9gation  prendra  la  forme  d'une  d\u00e9cision  sign\u00e9e  de  Madame  Nathalie\nBERGET, directrice du Secr\u00e9tariat G\u00e9n\u00e9ral Commun D\u00e9partemental de la C\u00f4te-d'Or, qui\nfera l'objet d'une publication au recueil des actes administratifs de la pr\u00e9fecture de la\nC\u00f4te-d'Or  et  dont  une  copie  sera  transmise  au  Pr\u00e9fet, ainsi  qu'aux  directeurs  des\ndirections d\u00e9partementales interminist\u00e9rielles.\nArticle  12  : Cet  arr\u00eat\u00e9  peut  faire  l'objet  d'un  recours  contentieux  aupr\u00e8s  du  tribunal\nadministratif de Dijon dans un d\u00e9lai de deux mois \u00e0 compter de sa notification ou de sa\npublication.  Le  tribunal  administratif  peut  \u00eatre  saisi  par  l'application  informatique  \u00ab\nt\u00e9l\u00e9recours citoyens \u00bb accessibles par le site Internet www.telerecours.fr.\nArticle  13     :     Le  secr\u00e9taire  g\u00e9n\u00e9ral  de  la  pr\u00e9fecture  de  la  C\u00f4te-d'Or,  la  directrice  du\nSecr\u00e9tariat G\u00e9n\u00e9ral Commun D\u00e9partemental de la C\u00f4te d'Or et les agents b\u00e9n\u00e9ficiaires de\nla d\u00e9l\u00e9gation de signature, sont charg\u00e9s, chacun pour ce qui le concerne, de l'ex\u00e9cution\ndu pr\u00e9sent arr\u00eat\u00e9 qui sera publi\u00e9 au recueil des actes administratifs de la pr\u00e9fecture de la\nC\u00f4te-d'Or.\nFait \u00e0 Dijon, le 21 f\u00e9vrier 2024\nLe pr\u00e9fet\nSign\u00e9 :\nFranck ROBINE\n5/5\nPr\u00e9fecture de la C\u00f4te-d'Or - 21-2024-02-21-00002 - Arr\u00eat\u00e9 pr\u00e9fectoral N\u00b0 415 / SG du 21 f\u00e9vrier 2024    \ndonnant d\u00e9l\u00e9gation de signature \u00e0 Madame Nathalie BERGET, directrice du Secr\u00e9tariat G\u00e9n\u00e9ral Commun D\u00e9partemental de la C\u00f4te\nd\u25a1Or\n99","date":"2024-02-23","first_seen_on":"2025-09-14T08:44:35+00:00","id":"b1eb38be6bf84aaff72e3199ca0033884a7b2a1d5af3822ccd56a360b7a39e2a","name":"RAA n\u00b0 032 du 22 f\u00e9vrier 2024","pdf_creation_date":"2024-02-22T15:21:11+00:00","pdf_modification_date":null,"timezone":"Europe/Paris","url":"https://www.cote-dor.gouv.fr/contenu/telechargement/20883/159681/file/recueil-21-2024-032-recueil-des-actes-administratifs-special.pdf"}
