{"administration":"prefidf","administration_name":"Pr\u00e9fecture de la r\u00e9gion \u00cele-de-France","content":"PREFECTURE\nREGION ILE DE\nFRANCE\nRECUEIL DES ACTES\nADMINISTRATIFS SP\u00c9CIAL\nN\u00b0IDF-059-2025-04\nPUBLI\u00c9 LE 29 AVRIL 2025\nSommaire\nChambre de commerce et d'industrie de r\u00e9gion Paris - \u00cele-de-France /\nIDF-2025-04-18-00013 - D\u00e9l\u00e9gation de signature RH - DR-SD EPA EIP 35-1\n(1 page) Page 3\nIDF-2025-04-18-00014 - D\u00e9l\u00e9gation de signature RH DR-FG-DA\nentretiens annexe 5 \u00e0 l'article 28 (2 pages) Page 5\nDirection r\u00e9gionale et interd\u00e9partementale de l'alimentation, de\nl'agriculture et de la for\u00eat d'Ile de France /\nIDF-2025-04-29-00001 - Arr\u00eat\u00e9 portant subd\u00e9l\u00e9gation de signature\nde Madame Myl\u00e8ne TESTUT-NEVES,\nDirectrice r\u00e9gionale et\ninterd\u00e9partementale de l'alimentation, de l'agriculture et de la\nfor\u00eat\nd'\u00cele-de-France, en mati\u00e8re d'Ordonnancement\nSecondaire\n (6 pages) Page 8\nRectorat de la r\u00e9gion acad\u00e9mique d'Ile-de-France, rectorat de\nl'acad\u00e9mie de Paris /\nIDF-2025-04-10-00024 - Arr\u00eat\u00e9 n\u00b0 2025-113-RA portant d\u00e9l\u00e9gation\nde signature \u00e0 la secr\u00e9taire g\u00e9n\u00e9rale de l'acad\u00e9mie de Paris et au\nsecr\u00e9taire g\u00e9n\u00e9ral adjoint-directeur des ressources humaines dans le\ncadre de la prestation de serment des agents comptables des EPLE (2\npages) Page 15\nIDF-2025-04-15-00019 - Arr\u00eat\u00e9 n\u00b0 2025-114-RA relatif \u00e0 l'enseignement\nscolaire de l'acad\u00e9mie de Paris portant d\u00e9l\u00e9gation de signature de la\nRectrice de la r\u00e9gion acad\u00e9mique Ile-de France, Rectrice de\nl'acad\u00e9mie de Paris \u00e0 ses chefs de service (3 pages) Page 18\nIDF-2025-04-15-00020 - Arr\u00eat\u00e9 n\u00b0 2025-115-RA modifiant l'arr\u00eat\u00e9\nn\u00b0 2025-110-RA portant subd\u00e9l\u00e9gation de signature en mati\u00e8re\nd'ordonnancement secondaire dans le cadre des programmes 139, 140, 141\net 230, 723 et de l'unit\u00e9 op\u00e9rationnelle du BOP 214 0214-IDFR-PARI (2\npages) Page 22\n2\nChambre de commerce et d'industrie de r\u00e9gion\nParis - \u00cele-de-France\nIDF-2025-04-18-00013\nD\u00e9l\u00e9gation de signature RH - DR-SD EPA EIP 35-1 \nChambre de commerce et d'industrie de r\u00e9gion Paris - \u00cele-de-France - IDF-2025-04-18-00013 - D\u00e9l\u00e9gation de signature RH - DR-SD EPA\nEIP 35-1 3\n' 18\nre de l'article 35\n \n \nChambre de commerce et d'industrie de r\u00e9gion Paris Ile-de-France \n27 avenue de Friedland | 75382 Paris cedex 08 | T. 01 55 65 71 00 (appel direct) \nT. 01 55 65 44 44 (prix d'un appel local) | www.cci-paris-idf.fr \n \nChambre de commerce et d'industrie de r\u00e9gion Paris Ile de France - D\u00e9cision portant d\u00e9l\u00e9gation de repr\u00e9sentation \nau b\u00e9n\u00e9fice de Renan FRIEDERICH dans le cadre de la mise en \u0153uvre de l'article 35-1 du statut du personnel \n \n \nD\u00c9CISION \nLe pr\u00e9sident de la Chambre de commerce et d'industrie de r\u00e9gion Paris Ile-de-France, \n\u2022 vu l'article R. 711-68 du code de commerce, \n\u2022 vu l'article 35-1 du statut du personnel administratif des Chambres de \ncommerce et d'industrie, \n\u2022 vu que l'assembl\u00e9e g\u00e9n\u00e9rale de la CCI Paris Ile-de-France peut d\u00e9cider de \nmettre en \u0153uvre les dispositions de l'article 35-1 du statut du personnel \nadministratif des Chambres de commerce et d'industrie organisant la \nproc\u00e9dure de licenciement pour suppression de poste, \nD\u00e9cide : \nSur proposition du directeur g\u00e9n\u00e9ral, \n\u2022 d'habiliter C\u00e9cile MANGE et S\u00e9bastien DUGU\u00c9 , responsables ressources \nhumaines de la CCIR Paris Ile-de-France, \u00e0 me repr\u00e9senter, dans le cadre de la \nmise en \u0153uvre de toute d\u00e9lib\u00e9ration de l'assembl\u00e9e g\u00e9n\u00e9rale d\u00e9cidant de \nl'application des dispositions de l'article 35-1 du Statut du personnel, pour les \nentretiens individuels pr\u00e9alables pr\u00e9vus \u00e0 l'article 35-1 susmentionn\u00e9, \n\u2022 que C\u00e9cile MANGE et S\u00e9bastien DUGU\u00c9  pourront \u00eatre accompagn\u00e9 s d'un \ncollaborateur de la CCI Paris \u00cele-de-France. \nLa pr\u00e9sente d\u00e9l\u00e9gation de repr\u00e9sentation prend effet \u00e0 compter de sa publication et \ns'exerce pour une dur\u00e9e au plus \u00e9gale \u00e0 celle du pr\u00e9sent mandat. \nFait \u00e0 Paris, le 18 avril 2025 \n \nSIGNE \n \nDominique RESTINO \nDiffusion : b\u00e9n\u00e9ficiaires - site www.cci-paris-idf.fr - recueil des actes administratifs de la pr\u00e9fecture \nde r\u00e9gion Ile-de-France \nChambre de commerce et d'industrie de r\u00e9gion Paris - \u00cele-de-France - IDF-2025-04-18-00013 - D\u00e9l\u00e9gation de signature RH - DR-SD EPA\nEIP 35-1 4\nChambre de commerce et d'industrie de r\u00e9gion\nParis - \u00cele-de-France\nIDF-2025-04-18-00014\nD\u00e9l\u00e9gation de signature RH DR-FG-DA entretiens\nannexe 5 \u00e0 l'article 28\nChambre de commerce et d'industrie de r\u00e9gion Paris - \u00cele-de-France - IDF-2025-04-18-00014 - D\u00e9l\u00e9gation de signature RH DR-FG-DA\nentretiens annexe 5 \u00e0 l'article 28 5\nRessources humaines_ ___\u2014\u2014 o\n- *# as eee - -=+\na. -- eee eA  HL L-e\n \n \nChambre de commerce et d'industrie de r\u00e9gion Paris Ile-de-France \n27 avenue de Friedland | 75382 Paris cedex 08 | T. 01 55 65 71 00 (appel direct) \nT. 01 55 65 44 44 (prix d'un appel local) | www.cci-paris-idf.fr \n \nChambre de commerce et d'industrie de r\u00e9gion Paris Ile de France - D\u00e9cision portant d\u00e9l\u00e9gation de repr\u00e9sentation \nau b\u00e9n\u00e9fice de la DGA RH & RSE pour les entretiens individuels pr\u00e9vus \u00e0 l'article 4 de l'annexe 5 de l'article 28 du \nstatut des CCI. \n \n \nD\u00c9CISION \nLe pr\u00e9sident de la Chambre de commerce et d'industrie de r\u00e9gion Paris Ile-de-France, \n\u2022 vu l'annexe 5 \u00e0 l'article 28 du statut du personnel administratif des Chambres \nde commerce et d'industrie, \nD\u00e9cide : \nSur proposition du directeur g\u00e9n\u00e9ral, \nArticle 1er : \n\u2022 d'habiliter Fran\u00e7oise GUERIN, directeur g\u00e9n\u00e9ral adjoint Ressources humaines \n& RSE , \u00e0 me repr\u00e9senter,  pour tous les entretiens individuels pr\u00e9vus \u00e0  \nl'annexe 5 \u00e0 l'article 28 du statut du personnel administratif des Chambres de \ncommerce et d'industrie. L'int\u00e9ress\u00e9e pourra \u00eatre accompagn\u00e9e d'un \ncollaborateur de la CCI Paris \u00cele-de-France. \n\u2022 Habilitation est donn\u00e9e, dans les m\u00eames conditions, \u00e0 Diane AUSSEDAT, \ndirecteur, adjoint au DGA Ressources humaines & RSE et Armand MARQUES, \nresponsable du p\u00f4le Affaires juridiques et sociales au sein de cette m\u00eame \ndirection g\u00e9n\u00e9rale adjointe. \nArticle 2 : \n\u2022 Habilitation est donn\u00e9e, dans les m\u00eames conditions, aux collaborateurs \nsuivants, dans la limite de leurs attributions :  \n \nDGA POPe, DGA CCI International,  \nDGA ressources humaines & RSE,  \nDGA Finances & Participations, DGA \u00c9ducation, \nDirection de la communication,  \nDirection g\u00e9n\u00e9rale, Inspection g\u00e9n\u00e9rale \nS\u00e9bastien DUGUE, RRH \nCCI Versailles-Yvelines \nC\u00e9cile MANG\u00c9, RRH \nCCI Hauts-de-Seine \nCCI Val-de-Marne \nCCI Paris \nCCI Seine-Saint-Denis \nCCI Val-d'Oise \nDGA DC-SE \nEESC FERRANDI Paris Brigitte BERENGER, RRH \nEESC ESIEE IT Christine LAMBRECHTS, \nRRH \nChambre de commerce et d'industrie de r\u00e9gion Paris - \u00cele-de-France - IDF-2025-04-18-00014 - D\u00e9l\u00e9gation de signature RH DR-FG-DA\nentretiens annexe 5 \u00e0 l'article 28 6\nST 18\npublication et\nChambre de commerce et d'industrie de r\u00e9gion Paris Ile-de-France \n27 avenue de Friedland | 75382 Paris cedex 08 | T. 01 55 65 72 00 (appel direct) \nT. 01 55 65 44 44 (prix d'un appel local) | www.cci-paris-idf.fr \nEESC \u00c9cole sup\u00e9rieure des m\u00e9tiers de la ville de \ndemain \nSandrine JOUANIQUE-\nLECOURT, RRH \nEESC \u00c9cole sup\u00e9rieure de la production de la \nmode et du luxe Anne BEAUFRERE, RRH \nEESC \u00c9cole sup\u00e9rieure de vente et de \nmanagement S\u00e9bastien DUGUE, RRH \n \nLa pr\u00e9sente d\u00e9l\u00e9gation de repr\u00e9sentation prend effet \u00e0 compter de sa publication et \ns'exerce pour une dur\u00e9e au plus \u00e9gale \u00e0 celle du pr\u00e9sent mandat. \nFait \u00e0 Paris, le 18 avril 2025 \nSIGNE \nDominique RESTINO \nDiffusion : b\u00e9n\u00e9ficiaires - site www.cci-paris-idf.fr - recueil des actes administratifs de \nla pr\u00e9fecture de r\u00e9gion Ile-de-France \nChambre de commerce et d'industrie de r\u00e9gion Paris - \u00cele-de-France - IDF-2025-04-18-00014 - D\u00e9l\u00e9gation de signature RH DR-FG-DA\nentretiens annexe 5 \u00e0 l'article 28 7\nDirection r\u00e9gionale et interd\u00e9partementale de\nl'alimentation, de l'agriculture et de la for\u00eat d'Ile\nde France\nIDF-2025-04-29-00001\nArr\u00eat\u00e9 portant subd\u00e9l\u00e9gation de signature de\nMadame Myl\u00e8ne TESTUT-NEVES,\nDirectrice r\u00e9gionale et interd\u00e9partementale de\nl'alimentation, de l'agriculture et de la for\u00eat\nd'\u00cele-de-France, en mati\u00e8re d'Ordonnancement\nSecondaire\nDirection r\u00e9gionale et interd\u00e9partementale de l'alimentation, de l'agriculture et de la for\u00eat d'Ile de France - IDF-2025-04-29-00001 -\nArr\u00eat\u00e9 portant subd\u00e9l\u00e9gation de signature de Madame Myl\u00e8ne TESTUT-NEVES,\nDirectrice r\u00e9gionale et interd\u00e9partementale de l'alimentation, de l'agriculture et de la for\u00eat\nd'\u00cele-de-France, en mati\u00e8re d'Ordonnancement Secondaire\n8\nE |PREFET |DE LA REGIOND'\u00ceLE-DE-FRANCELibert\u00e9\u00c9galit\u00e9Fraternit\u00e9\n5 rue Leblanc \u2013 75911 PARIS Cedex 15 \nT\u00e9l : 01 82 52 46 46 \ndraaf-ile-de-france@agriculture.gouv.fr \nhttp://driaaf.ile-de-france.agriculture.gouv.fr/ \n \n \nDirection R\u00e9gionale et Interd\u00e9partementale \n                               de l'Alimentation, de l'Agriculture \net de la For\u00eat \n \n \n \n \nARR\u00caT\u00c9 \n \nportant subd\u00e9l\u00e9gation de signature de Madame Myl\u00e8ne TESTUT-NEVES, \nDirectrice r\u00e9gionale et interd\u00e9partementale de l'alimentation, de l'agriculture et de la for\u00eat \nd'\u00cele-de-France, en mati\u00e8re d'ordonnancement secondaire \n \n \n \nLa directrice r\u00e9gionale et interd\u00e9partementale de l'alimentation, de l'agriculture et de la for\u00eat \nd'\u00cele-de-France, \n \n \nVu le d\u00e9cret n\u00b0 2004-374 du 29 avril 2004 modifi\u00e9 relatif aux pouvoirs des pr\u00e9fets, \u00e0 l'organisation et \u00e0 \nl'action des services de l'\u00c9tat dans les r\u00e9gions et d\u00e9partements, \nVu le d\u00e9cret n\u00b0 2010-429 du 29 avril 2010 relatif \u00e0 l'organisation et aux missions des directions r\u00e9gionales \nde l'alimentation, de l'agriculture et de la for\u00eat,\n \nVu le d\u00e9cret n\u00b0 2010-687 du 24 juin 2010 relatif \u00e0 l'organisation et aux missions des services de l'\u00c9tat \ndans la r\u00e9gion et les d\u00e9partements d'\u00cele-de-France, \nVu le d\u00e9cret n\u00b0 2012-1246 du 7 novembre 2012 modifi\u00e9 relatif \u00e0 la gestion budg\u00e9taire et comptable \npublique, \nVu l'arr\u00eat\u00e9 minist\u00e9riel du 08 juillet 2024 modifi\u00e9 nommant Madame Myl\u00e8ne TESTUT-NEVES, ing\u00e9nieure \ng\u00e9n\u00e9rale des ponts, des eaux et des for\u00eats, directrice r\u00e9gionale et interd\u00e9partementale de \nl'alimentation, de l'agriculture et de la for\u00eat d'\u00cele-de-France \u00e0 compter du 1er septembre 2024, \nVu l'arr\u00eat\u00e9 du Pr\u00e9fet de la r\u00e9gion d'\u00cele-de-France, Pr\u00e9fet de Paris N\u00b02024-08-21-00003 du 21 ao\u00fbt 2024 \nportant d\u00e9l\u00e9gation de signature \u00e0 Madame Myl\u00e8ne TESTUT-NEVES, directrice r\u00e9gionale et \ninterd\u00e9partementale de l'alimentation, de l'agriculture et de la for\u00eat d'\u00cele-de-France, en mati\u00e8re \nd'ordonnancement secondaire, \n \nARR\u00caTE :  \n \nArticle 1er : En cas d'absence ou d'emp\u00eachement de Madame Myl\u00e8ne TESTUT-NEVES, directrice \nr\u00e9gionale et interd\u00e9partementale de l'alimentation, de l'agriculture et de la for\u00eat d'\u00cele-de-France, et en \napplication de l'article 16 de l'arr\u00eat\u00e9 pr\u00e9fectoral N\u00b02024-08-21-00003 du 21 ao\u00fbt 2024 susvis\u00e9, \nsubd\u00e9l\u00e9gation de signature est donn\u00e9e \u00e0 l'effet de signer tout acte n\u00e9cessaire \u00e0 l'ex\u00e9cution des d\u00e9penses \net des recettes de l'Etat dans le cadre de leurs attributions et de leurs comp\u00e9tences respectives \u00e0 : \n\u2022 M. Benjamin GENTON, directeur r\u00e9gional et interd\u00e9partemental adjoint ; \n\u2022 Mme Claire LE BIGOT, directrice r\u00e9gionale et interd\u00e9partementale adjointe. \n \nCes subd\u00e9l\u00e9gations concernent les programmes 142, 143, 149, 206, 215, 354, 362, 363, 723 et 775 sans \nlimite de montant des actes. \nSont exclus de ces subd\u00e9l\u00e9gations les actes mentionn\u00e9s \u00e0 l'article 14 de l'arr\u00eat\u00e9 pr\u00e9fectoral N\u00b02024-08-\n21-00003 du 21 ao\u00fbt 2024 susvis\u00e9. \n \nDirection r\u00e9gionale et interd\u00e9partementale de l'alimentation, de l'agriculture et de la for\u00eat d'Ile de France - IDF-2025-04-29-00001 -\nArr\u00eat\u00e9 portant subd\u00e9l\u00e9gation de signature de Madame Myl\u00e8ne TESTUT-NEVES,\nDirectrice r\u00e9gionale et interd\u00e9partementale de l'alimentation, de l'agriculture et de la for\u00eat\nd'\u00cele-de-France, en mati\u00e8re d'Ordonnancement Secondaire\n9\n \nArticle 2  : En cas d'absence ou d'emp\u00eachement de Madame Myl\u00e8ne TESTUT-NEVES, directrice r\u00e9gionale \net interd\u00e9partementale de l'alimentation, de l'agriculture et de la for\u00eat d'\u00cele-de-France, et en application \nde l'article 16 de l'arr\u00eat\u00e9 pr\u00e9fectoral N\u00b02024-08-21-00003 du 21 ao\u00fbt 2024 susvis\u00e9, subd\u00e9l\u00e9gation de \nsignature est donn\u00e9e \u00e0 l'effet de signer tout acte n\u00e9cessaire \u00e0 l'ex\u00e9cution des d\u00e9penses et des recettes \nde l'Etat dans le cadre de ses attributions et de ses comp\u00e9tences \u00e0  : \n\u2022 M. Filipe SANTOS, chef de la mission du pilotage strat\u00e9gique . \n \nCette subd\u00e9l\u00e9gation concerne les programmes 206, 215, 354 et 362 sans limite de montant des actes. \nSont exclus de cette subd\u00e9l\u00e9gation les actes mentionn\u00e9s \u00e0 l'article 14 de l'arr\u00eat\u00e9 pr\u00e9fectoral N\u00b02024-08-\n21-00003 du 21 ao\u00fbt 2024 susvis\u00e9. \n \nArticle 3  : En cas d'absence ou d'emp\u00eachement de Madame Myl\u00e8ne TESTUT-NEVES, directrice r\u00e9gionale \net interd\u00e9partementale de l'alimentation, de l'agriculture et de la for\u00eat d'\u00cele-de-France, et en application \nde l'article 16 de l'arr\u00eat\u00e9 pr\u00e9fectoral N\u00b02024-08-21-00003 du 21 ao\u00fbt 2024 susvis\u00e9, subd\u00e9l\u00e9gation de \nsignature est donn\u00e9e \u00e0 l'effet de signer tout acte n\u00e9cessaire \u00e0 l'ex\u00e9cution des d\u00e9penses et des recettes \nde l'Etat dans le cadre de ses attributions et de ses comp\u00e9tences \u00e0  : \n\u2022 Mme Anne RICHARD, cheffe du service r\u00e9gional de la formation et du d\u00e9veloppement. \n \nCette subd\u00e9l\u00e9gation concerne les programmes 143 et 215 sans limite de montant des actes. \nSont exclus de cette subd\u00e9l\u00e9gation les actes mentionn\u00e9s \u00e0 l'article 14 de l'arr\u00eat\u00e9 pr\u00e9fectoral N\u00b02024-08-\n21-00003 du 21 ao\u00fbt 2024 susvis\u00e9. \n \nArticle 4  : Outre les personnes d\u00e9j\u00e0 mentionn\u00e9es aux articles 1 \u00e0 3 du pr\u00e9sent arr\u00eat\u00e9, en cas d'absence \nou d'emp\u00eachement de Madame Myl\u00e8ne TESTUT-NEVES, directrice r\u00e9gionale et interd\u00e9partementale de \nl'alimentation, de l'agriculture et de la for\u00eat d'\u00cele-de-France, et en application de l'article 16 de l'arr\u00eat\u00e9 \npr\u00e9fectoral N\u00b02024-08-21-00003 du 21 ao\u00fbt 2024 susvis\u00e9, les agents mentionn\u00e9s au tableau ci-dessous \nsont autoris\u00e9s, dans le cadre de leurs attributions et de leurs comp\u00e9tences respectives et dans la limite \nfix\u00e9e, \u00e0 signer les devis et autres engagements juridiques . \nService Civilit\u00e9 Nom Pr\u00e9nom Qualit\u00e9 Programme(s)  \nMontant TTC \nmaximum  \npar engagement \njuridique \nSERFOBT  Madame FUENTES Claire Cheffe du service r\u00e9gional de la for\u00eat et \ndu bois, de la biomasse et des territoires 149 2 000 \u20ac \nSRAL Monsieur  CHATRY Arnaud Chef du service r\u00e9gional de l'aliment ation 206 et 215 2 000 \u20ac \nSRAL Monsieur  HUGUET Bertrand Chef du p\u00f4le phytosanitaire adjoint  206 2 000 \u20ac \nSRAL Monsieur  JACQUET Fran\u00e7ois Chef du poste de contr\u00f4le frontalier de \nRoissy adjoint 206 et 215 2 000 \u20ac \nSRAL Monsieur  ROUINA Mohammed  Chef du p\u00f4le phytosanitaire 206 2 000 \u20ac \nSRAL Monsieur  ROUINA Mohammed  Chef du poste de contr\u00f4le frontalier \nd'Orly 206 et 215 2 000 \u20ac \nSRAL Monsieur  SAADAOUI Imed Chef du poste de contr\u00f4le frontalier de \nRoissy 206 et 215 2 000 \u20ac \nSREA Madame CAVAILLES Emilie Cheffe du service r\u00e9gional d'\u00e9conomie \nagricole 149 et 775 2 000 \u20ac \nSRISE Madame HERAUD Fanny Cheffe du service r\u00e9gional d'information \nstatistique et \u00e9conomique 215 2 000 \u20ac \nSRISE Monsieur  LANGLOIS Yan Chef du centre du r\u00e9seau des nouvelles \ndes march\u00e9s de Rungis 215 2 000 \u20ac \nSRISE Monsieur  LEMAITRE Franck Chef du centre du r\u00e9seau des nouvelles \ndes march\u00e9s de Rungis adjoint 215 2 000 \u20ac \n \nSont exclus de ces subd\u00e9l\u00e9gations les actes mentionn\u00e9s \u00e0 l'article 14 de l'arr\u00eat\u00e9 pr\u00e9fectoral N\u00b02024-08-\n21-00003 du 21 ao\u00fbt 2024 susvis\u00e9. \n \nDirection r\u00e9gionale et interd\u00e9partementale de l'alimentation, de l'agriculture et de la for\u00eat d'Ile de France - IDF-2025-04-29-00001 -\nArr\u00eat\u00e9 portant subd\u00e9l\u00e9gation de signature de Madame Myl\u00e8ne TESTUT-NEVES,\nDirectrice r\u00e9gionale et interd\u00e9partementale de l'alimentation, de l'agriculture et de la for\u00eat\nd'\u00cele-de-France, en mati\u00e8re d'Ordonnancement Secondaire\n10\nArticle 5 : Outre les personnes d\u00e9j\u00e0 mentionn\u00e9es aux articles 1 \u00e0 2 du pr\u00e9sent arr\u00eat\u00e9, subd\u00e9l\u00e9gation est \ndonn\u00e9e \u00e0 effet de valider les ordres de missions et \u00e9tats de frais, des agents sous leur responsabilit\u00e9 et \nsans limite de montant, dans l'application informatique de l'Etat Chorus DT (d\u00e9placement temporaire) \naux agents list\u00e9s au tableau ci-dessous. \nService Civilit\u00e9 Nom Pr\u00e9nom Qualit\u00e9 Programme(s) \nSERFOBT  Madame FUENTES Claire Cheffe du service r\u00e9gional de la for\u00eat et \ndu bois, de la biomasse et des territoires 354 \nSERFOBT  Madame GOOSSAERT Clara \nCheffe du service r\u00e9gional de la for\u00eat et \ndu bois, de la biomasse et des territoires \nadjointe \n354 \nSRAL Madame CHANTELOUBE Mathilde Cheffe du poste de contr\u00f4le frontalier \nphytosanitaire de Roissy 354 \nSRAL Monsieur  CHATRY Arnaud Chef du service r\u00e9gional de l'aliment ation 354 \nSRAL Monsieur  HUGUET Bertrand Chef du p\u00f4le phytosanitaire adjoint  354 \nSRAL Monsieur  JACQUET Fran\u00e7ois Chef du poste de contr\u00f4le frontalier de \nRoissy adjoint 354 \nSRAL Monsieur  ROUINA Mohammed  Chef du p\u00f4le phytosanitaire 354 \nSRAL Monsieur  SAADAOUI Imed Chef du poste de contr\u00f4le frontalier de \nRoissy 354 \nSRAL Madame VILLEDARY Claire Cheffe du service r\u00e9gional de \nl'alimentation adjointe 354 \nSREA Madame CAVAILLES Emilie Cheffe du service r\u00e9gional d'\u00e9conomie \nagricole 354 \nSREA Madame LAVAL Anne-Laure Cheffe du service r\u00e9gional d'\u00e9conomie \nagricole adjointe 354 \nSRFD Madame LOUNICI Fatiha Cheffe du service r\u00e9gional de la formation \net d\u00e9veloppement adjoint 354 \nSRFD Madame RICHARD Anne Cheffe du service r\u00e9gional de la formation \net d\u00e9veloppement 354 \nSRISE Madame HERAUD Fanny Cheffe du service r\u00e9gional d'information \nstatistique et \u00e9conomique 215 et 354 \nSRISE Monsieur  TARDY Vladimir Chef du service r\u00e9gional d'information \nstatistique et \u00e9conomique adjoint 215 et 354 \n \nPour la validation des ordres de missions et \u00e9tats de frais des inspecteurs en s\u00e9curit\u00e9 et sant\u00e9 au travail \n(ISST), personnes ressources et r\u00e9f\u00e9rents nationaux affect\u00e9s \u00e0 la direction r\u00e9gionale et \ninterd\u00e9partementale de l'alimentation, de l'agriculture et de la for\u00eat d'\u00cele-de-France, subd\u00e9l\u00e9gation est \ndonn\u00e9e \u00e0 M. Filipe SANTOS, chef de la mission du pilotage strat\u00e9gique, sans limite de montant. \n \nArticle 6 :  Les agents list\u00e9s dans le tableau ci-dessous sont autoris\u00e9s \u00e0 utiliser une carte achat pour les \nd\u00e9penses \u00e9ligibles \u00e0 ce moyen de paiement et dans les limites fix\u00e9es. \nService Civilit\u00e9 Nom Pr\u00e9nom Qualit\u00e9 Programme(s) \nMontant TTC \nmaximum par \ntransaction \nDirection  Monsieur  GENTON Benjamin Directeur r\u00e9gional et interd\u00e9partemental \nadjoint 215 2 000 \u20ac \nDirection  Madame LE BIGOT Claire Directrice r\u00e9gionale et \ninterd\u00e9partementale adjointe 206 2 000 \u20ac \nSRAL Monsieur  JACQUET Fran\u00e7ois Chef du poste de contr\u00f4le frontalier de \nRoissy adjoint 215 2 000 \u20ac \nSRAL Monsieur  ROUINA Mohammed  Chef du p\u00f4le phytosanitaire 206 2 000 \u20ac \nSRAL Monsieur  SAADAOUI Imed Chef du poste de contr\u00f4le frontalier de \nRoissy 206 2 000 \u20ac \n \nLes transactions de plus de 2  000 \u20ac TTC devront faire l'objet d'une d\u00e9rogation pr\u00e9alable accord\u00e9e par M. \nFilipe SANTOS, responsable du programme carte achat de la direction r\u00e9gionale et interd\u00e9partementale \nde l'alimentation, de l'agriculture et de la for\u00eat d'\u00cele-de-France. \n \nDirection r\u00e9gionale et interd\u00e9partementale de l'alimentation, de l'agriculture et de la for\u00eat d'Ile de France - IDF-2025-04-29-00001 -\nArr\u00eat\u00e9 portant subd\u00e9l\u00e9gation de signature de Madame Myl\u00e8ne TESTUT-NEVES,\nDirectrice r\u00e9gionale et interd\u00e9partementale de l'alimentation, de l'agriculture et de la for\u00eat\nd'\u00cele-de-France, en mati\u00e8re d'Ordonnancement Secondaire\n11\nArticle 7  : Outre les personnes d\u00e9j\u00e0 mentionn\u00e9es aux articles 1 \u00e0 3 du pr\u00e9sent arr\u00eat\u00e9, en cas d'absence \nou d'emp\u00eachement de Madame Myl\u00e8ne TESTUT-NEVES, directrice r\u00e9gionale et interd\u00e9partementale de \nl'alimentation, de l'agriculture et de la for\u00eat d'\u00cele-de-France, et en application de l'article 16 de l'arr\u00eat\u00e9 \npr\u00e9fectoral N\u00b02024-08-21-00003 du 21 ao\u00fbt 2024 susvis\u00e9, subd\u00e9l\u00e9gation est donn\u00e9e \u00e0 effet de r\u00e9aliser la \nconstatation et la certification du service fait, avant saisie dans l'application informatique de l'Etat \nChorus Formulaire, dans le cadre de leurs attributions et de leurs comp\u00e9tences respectives aux agents \nlist\u00e9s dans le tableau ci-dessous. \nService Civilit\u00e9 Nom Pr\u00e9nom Qualit\u00e9 Programme(s) \nISST Monsieur  CLAVEL Pierre Inspecteur sant\u00e9 et s\u00e9curit\u00e9 au trava il 215 et 354 \nISST Madame TARADACH Marie -\nCatherine Inspectrice sant\u00e9 et s\u00e9curit\u00e9 au travail 215 et 354 \nSERFOBT  Madame FUENTES Claire Cheffe du service r\u00e9gional de la for\u00eat et \ndu bois, de la biomasse et des territoires 149 et 354 \nSERFOBT  Madame GOOSSAERT Clara \nCheffe du service r\u00e9gional de la for\u00eat et \ndu bois, de la biomasse et des territoires \nadjointe \n149 et 354 \nSRAL Madame BOURDELEAU Anne-Marie Cheffe du p\u00f4le v\u00e9 t\u00e9rinaire adjointe 206 et 354 \nSRAL Madame CARON Ang\u00e9lique Gestionnaire technique et administrative 206, 215 et 354 \nSRAL Madame CHANTELOUBE Mathilde Cheffe du poste de contr\u00f4le frontalier \nphytosanitaire de Roissy 206, 215 et 354 \nSRAL Monsieur  CHATRY Arnaud Chef du service r\u00e9gional de l'aliment ation 149, 206, 215 et 362 \nSRAL Monsieur  HUGUET Bertrand Chef du p\u00f4le phytosanitaire adjoint  206 et 354 \nSRAL Monsieur  JACQUET Fran\u00e7ois Chef du poste de contr\u00f4le frontalier de \nRoissy adjoint 206, 215 et 354 \nSRAL Madame PREUX H\u00e9l\u00e8ne Cheffe du p\u00f4le offre alimentaire et \nnutrition 149, 206 et 362 \nSRAL Monsieur  ROUINA Mohammed Chef du p\u00f4le phytosanitaire 206 et 354 \nSRAL Monsieur  ROUINA Mohammed Chef du poste de contr\u00f4le frontalier \nd'Orly 206, 215 et 354 \nSRAL Monsieur  SAADAOUI Imed Chef du poste de contr\u00f4le frontalier de \nRoissy 206, 215 et 354 \nSRAL Madame VANEL Elodie Cheffe de l'unit\u00e9 inspections et \nagr\u00e9ments 206 et 354 \nSRAL Madame VILLEDARY Claire Cheffe du service r\u00e9gional de \nl'alimentation adjointe 206 et 354 \nSREA Madame CAVAILLES Emilie Cheffe du service r\u00e9gional d'\u00e9conomie \nagricole 149, 354 et 775 \nSREA Madame LAVAL Anne-Laure Cheffe du service r\u00e9gional d'\u00e9conomie \nagricole adjointe 149, 354 et 775 \nSRFD Madame LOUNICI Fatiha Cheffe du service r\u00e9gional de la formation \net d\u00e9veloppement adjoint 143, 215 et 354 \nSRFD Madame RICHARD Anne Cheffe du service r\u00e9gional de la formation \net d\u00e9veloppement 143, 215 et 354 \nSRISE Madame HERAUD Fanny Cheffe du service r\u00e9gional d'information \nstatistique et \u00e9conomique 215 et 354 \nSRISE Monsieur  LANGLOIS Yann Chef du centre du r\u00e9seau des nouvelles \ndes march\u00e9s de Rungis 215 et 354 \nSRISE Monsieur  LEMAITRE Franck Chef du centre du r\u00e9seau des nouvelles \ndes march\u00e9s de Rungis adjoint 215 et 354 \nSRISE Monsieur  TARDY Vladimir Chef du service r\u00e9gional d'information \nstatistique et \u00e9conomique adjoint 215 et 354 \n \n \n \n \n \n \nDirection r\u00e9gionale et interd\u00e9partementale de l'alimentation, de l'agriculture et de la for\u00eat d'Ile de France - IDF-2025-04-29-00001 -\nArr\u00eat\u00e9 portant subd\u00e9l\u00e9gation de signature de Madame Myl\u00e8ne TESTUT-NEVES,\nDirectrice r\u00e9gionale et interd\u00e9partementale de l'alimentation, de l'agriculture et de la for\u00eat\nd'\u00cele-de-France, en mati\u00e8re d'Ordonnancement Secondaire\n12\nArticle 8  : Les agents list\u00e9s dans le tableau ci-dessous sont autoris\u00e9s \u00e0 saisir l'ensemble des op\u00e9rations \nn\u00e9cessaires \u00e0 l'ex\u00e9cution des d\u00e9penses et de recettes de l'Etat relevant de la direction r\u00e9gionale et \ninterd\u00e9partementale de l'alimentation, de l'agriculture et de la for\u00eat d'\u00cele-de-France dans l'application \ninformatique de l'Etat Chorus Formulaire. \nService Civilit\u00e9 Nom Pr\u00e9nom Qualit\u00e9 \nMPS Monsieur  CODARINI Christophe Contr\u00f4leur de gestion et contr\u00f4leur \ninterne financier \nMPS Madame JOUBIER Laurence Charg\u00e9e de mission appu i au RBOP \nMPS Madame KURAKINA Jelizaveta Gestionnaire budg\u00e9ta ire et comptable \nMPS Madame RAGOT Sabine Gestionnaire budg\u00e9taire et comptable \nSRAL Madame BOUDRAA Cam\u00e9lia Gestionnaire technique et administrative \nSRAL Madame BOURDELEAU Anne-Marie  Cheffe du p\u00f4le v\u00e9t\u00e9rinaire adjointe \nSRAL Madame CARON Ang\u00e9lique Gestionnaire technique et administrative \nSRFD Monsieur  PONTROUE Emeric Gestionnaire technique et administr atif \nSRFD Monsieur  PUIFERRAT Morgann Gestionnaire budg\u00e9taire \n \nLa subd\u00e9l\u00e9gation accord\u00e9e \u00e0 M. Christophe CODARINI est limit\u00e9e \u00e0 la saisie des demandes relatives aux \nr\u00e8gles d'imputation des demandes de paiement par carte d'achat et \u00e0 la saisie des contr\u00f4les demand\u00e9s \npar le centre de gestion financi\u00e8re. \n \nArticle 9  : Subd\u00e9l\u00e9gation est donn\u00e9e \u00e0 effet de valider l'ensemble des op\u00e9rations n\u00e9cessaires \u00e0 \nl'ex\u00e9cution des d\u00e9penses et de recettes de l'Etat r elevant de la direction r\u00e9gionale et \ninterd\u00e9partementale de l'alimentation, de l'agriculture et de la for\u00eat d'\u00cele-de-France dans l'application \ninformatique de l'Etat Chorus Formulaire aux agents list\u00e9s au tableau ci-dessous. \nService Civilit\u00e9 Nom Pr\u00e9nom Qualit\u00e9 \nMPS Monsieur  CODARINI Christophe Contr\u00f4leur de gestion et contr\u00f4leur \ninterne financier \nMPS Madame JOUBIER Laurence Charg\u00e9e de mission appu i au RBOP \nMPS Madame KURAKINA Jelizaveta Gestionnaire budg\u00e9ta ire et comptable \nMPS Madame RAGOT Sabine Gestionnaire budg\u00e9taire et comptable \n \nLa subd\u00e9l\u00e9gation accord\u00e9e \u00e0 M. Christophe CODARINI est limit\u00e9e \u00e0 la validation des demandes relatives \naux r\u00e8gles d'imputation des demandes de paiement par carte d'achat et \u00e0 la validation des contr\u00f4les \ndemand\u00e9s par le centre de gestion financi\u00e8re. \n \nArticle 10  : Subd\u00e9l\u00e9gation est donn\u00e9e \u00e0 effet de valider l'ensemble des op\u00e9rations n\u00e9cessaires \u00e0 \nl'ex\u00e9cution des d\u00e9penses et de recettes de l'Etat relevant de la qualit\u00e9 de responsable de budget \nop\u00e9rationnel de programme d\u00e9l\u00e9gu\u00e9 de la direction r\u00e9gionale et interd\u00e9partementale de l'alimentation, \nde l'agriculture et de la for\u00eat d'\u00cele-de-France dans l'application informatique de l'Etat Chorus C\u0153ur aux \nagents list\u00e9s au tableau ci-dessous. \nService Civilit\u00e9 Nom Pr\u00e9nom Qualit\u00e9 \nMPS Monsieur  CODARINI Christophe Contr\u00f4leur de gestion et contr\u00f4leur \ninterne financier \nMPS Madame JOUBIER Laurence Charg\u00e9e de mission appu i au RBOP \nMPS Monsieur  SANTOS Filipe Chef de la mission du pilotage strat\u00e9 gique \n \n \n \n \nDirection r\u00e9gionale et interd\u00e9partementale de l'alimentation, de l'agriculture et de la for\u00eat d'Ile de France - IDF-2025-04-29-00001 -\nArr\u00eat\u00e9 portant subd\u00e9l\u00e9gation de signature de Madame Myl\u00e8ne TESTUT-NEVES,\nDirectrice r\u00e9gionale et interd\u00e9partementale de l'alimentation, de l'agriculture et de la for\u00eat\nd'\u00cele-de-France, en mati\u00e8re d'Ordonnancement Secondaire\n13\nLa directrice r\u00e9gionale et interd\u00e9partementalede l'alimentation, de l'agriculture et de la for\u00eat\n4-4\nMyl\u00e8ne TESTUT-NEVES\n \nArticle 11 : Subd\u00e9l\u00e9gation est donn\u00e9e \u00e0 effet de valider l'ensemble des op\u00e9rations n\u00e9cessaires \u00e0 \nl'ex\u00e9cution des d\u00e9penses et de recettes de l'Etat relevant de la qualit\u00e9 de responsable d'unit\u00e9 \nop\u00e9rationnelle de la direction r\u00e9gionale et interd\u00e9partementale de l'alimentation, de l'agriculture et de \nla for\u00eat d'\u00cele-de-France dans l'application informatique de l'Etat Chorus C\u0153ur aux agents list\u00e9s au \ntableau ci-dessous. \nService Civilit\u00e9 Nom Pr\u00e9nom Qualit\u00e9 \nMPS Madame  JOUBIER Laurence Charg\u00e9e de mission appui au RBOP \nMPS Madame  KURAKINA Jelizaveta Gestionnaire budg\u00e9taire et comptable \nMPS Madame  RAGOT Sabine Gestionnaire budg\u00e9taire et comptable \n \nArticle 12 : L'arr\u00eat\u00e9 n\u00b0IDF-2025-03-10-00007 du 10 mars 2025 est abrog\u00e9. \nArticle 13 : Une copie de cet arr\u00eat\u00e9 sera adress\u00e9e au pr\u00e9fet de la r\u00e9gion d'\u00cele-de-France, pr\u00e9fet de Paris, \n(direction des affaires juridiques). \nArticle 14 : La directrice r\u00e9gionale et interd\u00e9partementale de l'alimentation, de l'agriculture et de la for\u00eat \net les personnes mentionn\u00e9es aux articles 1 et 11 sont charg\u00e9es, chacune en ce qui le concerne, de \nl'ex\u00e9cution du pr\u00e9sent arr\u00eat\u00e9 qui sera publi\u00e9 au recueil des actes administratifs de la pr\u00e9fecture de la \nr\u00e9gion \u00cele-de-France, pr\u00e9fecture de Paris (\u00e9chelon de la r\u00e9gion d'\u00cele-de-France) accessible sur le site \ninternet de la pr\u00e9fecture : www.prefectures-regions.gouv.fr/ile-de-france/. \n \n \n                            \n                     Fait \u00e0 Paris, le 29 avril 2025 \n \nDirection r\u00e9gionale et interd\u00e9partementale de l'alimentation, de l'agriculture et de la for\u00eat d'Ile de France - IDF-2025-04-29-00001 -\nArr\u00eat\u00e9 portant subd\u00e9l\u00e9gation de signature de Madame Myl\u00e8ne TESTUT-NEVES,\nDirectrice r\u00e9gionale et interd\u00e9partementale de l'alimentation, de l'agriculture et de la for\u00eat\nd'\u00cele-de-France, en mati\u00e8re d'Ordonnancement Secondaire\n14\nRectorat de la r\u00e9gion acad\u00e9mique\nd'Ile-de-France, rectorat de l'acad\u00e9mie de Paris\nIDF-2025-04-10-00024\nArr\u00eat\u00e9 n\u00b0 2025-113-RA portant d\u00e9l\u00e9gation de\nsignature \u00e0 la secr\u00e9taire g\u00e9n\u00e9rale de l'acad\u00e9mie\nde Paris et au secr\u00e9taire g\u00e9n\u00e9ral adjoint-directeur\ndes ressources humaines dans le cadre de la\nprestation de serment des agents comptables\ndes EPLE\nRectorat de la r\u00e9gion acad\u00e9mique d'Ile-de-France, rectorat de l'acad\u00e9mie de Paris - IDF-2025-04-10-00024 - Arr\u00eat\u00e9 n\u00b0 2025-113-RA\nportant d\u00e9l\u00e9gation de signature \u00e0 la secr\u00e9taire g\u00e9n\u00e9rale de l'acad\u00e9mie de Paris et au secr\u00e9taire g\u00e9n\u00e9ral adjoint-directeur des\nressources humaines dans le cadre de la prestation de serment des agents comptables des EPLE\n15\nACADEMIEDE PARISLibert\u00e9Egalit\u00e9Fraternit\u00e9\n                         \n             \n      \n \nArr\u00eat\u00e9 n\u00b0 2025-113-RA \nportant d\u00e9l\u00e9gation de signature \u00e0 la secr\u00e9taire g\u00e9n\u00e9rale de l'acad\u00e9mie de Paris  \net au secr\u00e9taire g\u00e9n\u00e9ral adjoint-directeur des ressources humaines \n \nLA RECTRICE DE LA REGION ACADEMIQUE ILE-DE-FRANCE, \nRECTRICE DE L'ACADEMIE DE PARIS \n    \n \nVu le code de l'\u00e9ducation, et notamment les articles R. 222-19, D. 222-20, D. 222-35, R. 911-82 et \nsuivants ; \n \nVu le d\u00e9cret du Pr\u00e9sident de la R\u00e9publique du 12 mars 2025  portant nomination de Mme Julie \nBENETTI en qualit\u00e9 de rectrice de la r\u00e9gion acad\u00e9mique Ile-de-France, rectrice de l'acad\u00e9mie de \nParis ; \n \nVu l'arr\u00eat\u00e9 minist\u00e9riel en date du 18 juillet 2022  portant nomination de Mme Delphine VIOT -\nLEGOUDA, attach\u00e9e d'administration de l'Etat hors classe, dans l'emploi de secr\u00e9taire g\u00e9n\u00e9rale \nde l'acad\u00e9mie de Paris, en charge de l'enseignement scolaire, pour une premi\u00e8re p\u00e9riode de quatre \nans, du 25 ao\u00fbt 2022 au 24 ao\u00fbt 2026 ; \n \nVu l'arr\u00eat\u00e9 minist\u00e9riel du 22 juin 2021 portant nomination et classement de M. Thibaut PIERRE, \nattach\u00e9 d'administration hors classe, dans l'emploi d'adjoint au secr\u00e9taire g\u00e9n\u00e9ral d'acad\u00e9mie, \ndirecteur des ressources humaines de l'acad\u00e9mie de Paris, pour une premi\u00e8re p\u00e9riode de quatre \nans, du 1er juillet 2021 au 30 juin 2025 ; \nVu le d\u00e9cret n\u00b0 2012-1246 du 7 novembre 2012 modifi\u00e9 relatif \u00e0 la gestion budg\u00e9taire et comptable \npublique ; \nVu le d\u00e9cret n\u00b0 2004 -208 du 3 mars 2004  relatif aux modalit\u00e9s de prestation de serment des \ncomptables publics ; \n \nVu l'arr\u00eat\u00e9 du 29 d\u00e9cembre 2022 relatif \u00e0 l'organisation du service des comptables publics. \n \n \n \n \nARRETE \n \n \nArticle 1 er \u2014 En cas d'absence ou d'emp\u00eachement de Mme Julie BENETTI, rectrice de \nl'acad\u00e9mie de Paris, Mme Delphine VIOT-LEGOUDA, secr\u00e9taire g\u00e9n\u00e9rale de l'acad\u00e9mie de \nParis, repr\u00e9sentera la rectrice de l'acad\u00e9mie de P aris pour recevoir le serment des agents \ncomptables des \u00e9tablissements publics locaux d'enseignement, en application de                       \nl'article 14-1 du d\u00e9cret du 7 novembre 2012 modifi\u00e9 relatif \u00e0 la gestion budg\u00e9taire et comptable \npublique et de l'arr\u00eat\u00e9 du 29 d\u00e9cembre 2022 relatif \u00e0 l'organisation du service des comptables \npublics.  \n \nMme VIOT-LEGOUDA est habilit\u00e9e \u00e0 signer les documents aff\u00e9rents \u00e0 cette prestation de \nserment. \nRectorat de la r\u00e9gion acad\u00e9mique d'Ile-de-France, rectorat de l'acad\u00e9mie de Paris - IDF-2025-04-10-00024 - Arr\u00eat\u00e9 n\u00b0 2025-113-RA\nportant d\u00e9l\u00e9gation de signature \u00e0 la secr\u00e9taire g\u00e9n\u00e9rale de l'acad\u00e9mie de Paris et au secr\u00e9taire g\u00e9n\u00e9ral adjoint-directeur des\nressources humaines dans le cadre de la prestation de serment des agents comptables des EPLE\n16\n \n \n \n \nArticle 2  \u2014 En cas d 'absence ou d'emp\u00eachement de Mme Delphine VIOT -LEGOUDA, \nsecr\u00e9taire g\u00e9n\u00e9rale de l'acad\u00e9mie de Paris, la m\u00eame d\u00e9l\u00e9gation de signature qui lui est donn\u00e9e \npar Mme Julie BENETTI, rectrice de l'acad\u00e9mie de Paris, est accord\u00e9e \u00e0 M. Thibaut PIERRE, \nsecr\u00e9taire g\u00e9n\u00e9ral adjoint, directeur des ressources humaines de l'acad\u00e9mie de Paris. \n \nArticle 3 \u2014 L'arr\u00eat\u00e9 n\u00b0 2024-109-RA du 31 mai 2024 est abrog\u00e9. \n \nArticle 4 \u2014 La secr\u00e9taire g\u00e9n\u00e9rale de l'enseignement scolaire est charg\u00e9e de l'application du \npr\u00e9sent arr\u00eat\u00e9 qui sera publi\u00e9 au recueil des actes administratifs de la pr\u00e9fecture de la r\u00e9gion \nd'Ile de France, pr\u00e9fecture de Paris. \n \n \nFait \u00e0 Paris, le 10 avril 2025 \n \n \n \n \n                                                                                                    Sign\u00e9 \n \nJulie BENETTI  \n     \n     \n     \n     \n     \n     \n     \n     \n     \n  \nRectorat de la r\u00e9gion acad\u00e9mique d'Ile-de-France, rectorat de l'acad\u00e9mie de Paris - IDF-2025-04-10-00024 - Arr\u00eat\u00e9 n\u00b0 2025-113-RA\nportant d\u00e9l\u00e9gation de signature \u00e0 la secr\u00e9taire g\u00e9n\u00e9rale de l'acad\u00e9mie de Paris et au secr\u00e9taire g\u00e9n\u00e9ral adjoint-directeur des\nressources humaines dans le cadre de la prestation de serment des agents comptables des EPLE\n17\nRectorat de la r\u00e9gion acad\u00e9mique\nd'Ile-de-France, rectorat de l'acad\u00e9mie de Paris\nIDF-2025-04-15-00019\nArr\u00eat\u00e9 n\u00b0 2025-114-RA relatif \u00e0 l'enseignement\nscolaire de l'acad\u00e9mie de Paris portant\nd\u00e9l\u00e9gation de signature de la Rectrice de la\nr\u00e9gion acad\u00e9mique Ile-de France, Rectrice de\nl'acad\u00e9mie de Paris \u00e0 ses chefs de service\nRectorat de la r\u00e9gion acad\u00e9mique d'Ile-de-France, rectorat de l'acad\u00e9mie de Paris - IDF-2025-04-15-00019 - Arr\u00eat\u00e9 n\u00b0 2025-114-RA\nrelatif \u00e0 l'enseignement scolaire de l'acad\u00e9mie de Paris portant d\u00e9l\u00e9gation de signature de la Rectrice de la r\u00e9gion acad\u00e9mique Ile-de\nFrance, Rectrice de l'acad\u00e9mie de Paris \u00e0 ses chefs de service\n18\nACADEMIEDE PARISLibert\u00e9Egalit\u00e9Fraternit\u00e9\n \n \n \n \n \n \n \nARRETE N\u00b0 2025-114-RA \nrelatif \u00e0 l'enseignement scolaire de l'acad\u00e9mie de Paris \n \nde la Rectrice de la r\u00e9gion acad\u00e9mique \u00cele-de-France, \nRectrice de l'acad\u00e9mie de Paris, \n \nportant d\u00e9l\u00e9gation de signature \u00e0 ses chefs de service \n \n \nVu le code de l'\u00e9ducation et notamment ses articles R 222 -1 et suivants, R 222 -13 et suivants,              \nR 222-19 et suivants, R 222-24 et suivants, R 222-25 et suivants, R 222-36-1 et suivants ; \n \nVus les articles R 222-21 et D 222-22 du code de l'\u00e9ducation ; \n \nVu le d\u00e9cret du Pr\u00e9sident de la R\u00e9publique du 12 mars 2025  portant nomination de Mme Julie \nBENETTI en qualit\u00e9 de rectrice  de la r\u00e9gion acad\u00e9mique Ile -de-France, rectrice de l'acad\u00e9mie de \nParis, \u00e0 compter du 26 mars 2025 ; \n \nVu le d\u00e9cret du Pr\u00e9sident de la R\u00e9publique du 26 f\u00e9vrier 2025 portant nomination de M. Laurent \nNO\u00c9 en qualit\u00e9 de directeur de l'acad\u00e9mie de Paris \u00e0 compter du 3 mars 2025, pour une dur\u00e9e de \nquatre ans ; \n \nVu le d\u00e9cret du Pr\u00e9sident de  la R\u00e9publique en date du 17 novembre 2023 portant nomination de \nM. Jean-Fran\u00e7ois BARLE en qualit\u00e9 de directeur acad\u00e9mique des services de l'\u00e9ducation nationale \nde Paris, \u00e0 compter du 20 novembre 2023 ; \n \nVu le d\u00e9cret du Pr\u00e9sident de la R\u00e9publique en date du 10 octobre 2022  portant nomination de \nMadame Christelle GAUTHEROT en qualit\u00e9 de directrice acad\u00e9mique des services de l'\u00e9ducation \nnationale de Paris, charg\u00e9 du 1er degr\u00e9, \u00e0 compter du 15 octobre 2022 ; \n \nVu le d\u00e9cret du Pr\u00e9sident de la R\u00e9publique en date du 26 septembre 2022 portant nomination de \nM. S\u00e9bastien TAVERGNE, en qualit\u00e9 de directeur acad\u00e9mique adjoint des services de l'\u00e9ducation \nnationale de Paris, \u00e0 compter du 26 septembre 2022 ; \n \nVu le d\u00e9cret du Pr\u00e9sident de la R\u00e9publique en date du  1er f\u00e9vrier 2024  portant nomination de              \nM. Edouard BERTEAUX, personnel de direction, dans l'emploi de directeur acad\u00e9mique adjoint des \nservices de l'\u00e9ducation nationale de Paris ; \n \nVu l'arr\u00eat\u00e9 minist\u00e9riel en date du 18 juillet  2022 portant nomination de Mme Delphine VIOT -\nLEGOUDA, attach\u00e9e d'administration de l'Etat hors classe, dans l'emploi de secr\u00e9taire g\u00e9n\u00e9rale de \nl'acad\u00e9mie de Paris, en charge de l'enseignement scolaire, pour une  premi\u00e8re p\u00e9riode de quatre \nans, du 25 ao\u00fbt 2022 au 24 ao\u00fbt 2026 ; \n \nVu l'arr\u00eat\u00e9 minist\u00e9riel du 22 juin 2021 portant nomination et classement d e M. Thibaut PIERRE , \nattach\u00e9 d'administration hors classe,  dans l'emploi d'ad joint au secr\u00e9taire g\u00e9n\u00e9ral d'acad\u00e9mie, \ndirecteur des ressources humaines de  l'acad\u00e9mie de Paris, pour une premi\u00e8re p\u00e9riode de quatre \nans, du 1er juillet 2021 au 30 juin 2025 ; \n \nVu l'arr\u00eat\u00e9 minist\u00e9riel du 17 juillet 2024 portant nomination et classement de Mme Marjorie KOUBI, \nattach\u00e9e territoriale hors classe, dans l'emploi d'adjointe au secr\u00e9taire g\u00e9n\u00e9ral d'acad\u00e9mie, en \ncharge du p\u00f4le \u00e9l\u00e8ves, des partenaires et des politiques \u00e9ducatives au rectorat de l'acad\u00e9mie de \nParis, pour une premi\u00e8re p\u00e9riode de quatre ans du 1er septembre 2024 au 31 ao\u00fbt 2028 ; \nRectorat de la r\u00e9gion acad\u00e9mique d'Ile-de-France, rectorat de l'acad\u00e9mie de Paris - IDF-2025-04-15-00019 - Arr\u00eat\u00e9 n\u00b0 2025-114-RA\nrelatif \u00e0 l'enseignement scolaire de l'acad\u00e9mie de Paris portant d\u00e9l\u00e9gation de signature de la Rectrice de la r\u00e9gion acad\u00e9mique Ile-de\nFrance, Rectrice de l'acad\u00e9mie de Paris \u00e0 ses chefs de service\n19\n \n \n \nVu l'arr\u00eat\u00e9 minist\u00e9riel du 19 juillet 2024 portant nomination et classement de M. Jonathan DUVAL, \nattach\u00e9 statisticien principal de l'Insee, dans l'emploi d'adjoint au secr\u00e9taire g\u00e9n\u00e9ral d'acad\u00e9mie, en \ncharge du p\u00f4le programmation scolaire, pilotage et fonctions supports au rectorat de l'acad\u00e9mie de \nParis, pour une premi\u00e8re p\u00e9riode de quatre ans du 1er septembre 2024 au 31 ao\u00fbt 2028 ; \n \nVu l'arr\u00eat\u00e9 minist\u00e9riel du 27 juin 2024  portant nomination et classement de  M. Franck HUGOY, \nattach\u00e9 principal d'administration, dans l'emploi d'administrateur de l'\u00e9ducation nationale, de \nl'enseignement sup\u00e9rieur et de la recherche, adjoint du directeur des ressources humaines en \ncharge du second degr\u00e9 au rectorat de l'acad\u00e9mie de Paris, pour une premi\u00e8re p\u00e9riode de cinq ans \ndu 22 ao\u00fbt 2024 au 21 ao\u00fbt 2029 ; \n \nVu l'arr\u00eat\u00e9 minist\u00e9riel du 25 mars 2025 portant nomination et classement de Mme Sandrine GRUZ, \nattach\u00e9e principale d'administration, dans l'emploi d'adjointe du directeur des ressources humaines \nen charge du premier degr\u00e9 au rectorat de l'acad\u00e9mie de Paris, \u00e0 compter du 1er avril 2025 ; \n \n \nARR\u00caTE : \n \n \nArticle 1 \u2014 En cas d 'absence ou d'emp\u00eachement de Mme Julie BENETTI, rectrice  de la r\u00e9gion \nacad\u00e9mique \u00cele-de-France, rectrice de l'acad\u00e9mie de Paris, d\u00e9l\u00e9gation g\u00e9n\u00e9ra le de signature est \ndonn\u00e9e \u00e0 M. Laurent NO\u00c9, directeur de l'acad\u00e9mie de Paris, pour toutes les questions relatives aux \n\u00e9coles, aux coll\u00e8ges, aux lyc\u00e9es et aux \u00e9tablissements d'\u00e9ducation sp\u00e9ciale, \u00e0 la formation et \u00e0 la \ngestion des personnels affect\u00e9s aux enseignements qui y sont dispens\u00e9s, ainsi qu'\u00e0 la formation \ncontinue des adultes, pour l'exercice des missions relatives au contenu et \u00e0 l'organisation de l'action \n\u00e9ducatrice ainsi qu'\u00e0 la gestion des personnels et des \u00e9tablissements qui y concourent, pour toutes \nles d\u00e9cisions prises dans les mati\u00e8res entrant dans le champ de comp\u00e9tences du ministre charg\u00e9 \nde l'\u00e9ducation exerc\u00e9es \u00e0 l'\u00e9chelon de l'acad\u00e9mie et des services d\u00e9partementaux de l'\u00e9ducation \nnationale.  \n \n \nArticle 2 \u2014 En cas d'absence ou d'emp\u00eachement de Mme Julie BENETTI, rectrice de la r\u00e9gion \nacad\u00e9mique \u00cele-de-France, rectrice de l'acad\u00e9mie de Paris , d\u00e9l\u00e9gation g\u00e9n\u00e9rale de signature est \naccord\u00e9e \u00e0 Mme Delphine VIOT-LEGOUDA, secr\u00e9taire g\u00e9n\u00e9rale de l'enseignement scolaire, pour \nl'administration de l'acad\u00e9mie, pour toutes les questions relatives aux \u00e9coles, aux coll\u00e8ges, aux \nlyc\u00e9es et aux \u00e9tablissements d'\u00e9ducation sp\u00e9ciale, \u00e0 la formation et \u00e0 la gestion des personnels \naffect\u00e9s aux enseignements qui y sont dispens\u00e9s, ainsi qu'\u00e0 la formation continue des adultes. \n \n \nArticle 3 \u2014 En cas d'absence ou d'emp\u00eachement de M. Laurent NO\u00c9, directeur de l'acad\u00e9mie de \nParis, pour les affaires relevant de leurs comp\u00e9tences, d\u00e9l\u00e9gation est donn\u00e9e \u00e0  Mme Christelle \nGAUTHEROT, directrice acad\u00e9mique des services de l'\u00e9ducation nationale de Paris (\u00e9coles et \ncoll\u00e8ges) et \u00e0 M. Jean-Fran\u00e7ois BARLE, directeur acad\u00e9mique des services de l'\u00e9ducation nationale \nde Paris (2nd degr\u00e9). \n \n \nArticle 4  \u2014 En cas d'absence ou d'emp\u00eachement de Mme C hristelle GAUTHEROT, directrice \nacad\u00e9mique des services de l'\u00e9ducation nationale de Paris (\u00e9coles et coll\u00e8ges), la d\u00e9l\u00e9gation de \nsignature qui lui est accord\u00e9e \u00e0 l'article 3 sera exerc\u00e9e par son adjoint, M. S\u00e9bastien TAVERGNE, \ndirecteur acad\u00e9mique adjoint des services de l'\u00e9ducation nationale de Paris. \n \n \nArticle 5  \u2014 En cas d'absence ou d'emp\u00eachement de M. Jean -Fran\u00e7ois BARLE, directeur \nacad\u00e9mique des services de l'\u00e9ducation nationale de Paris (2 nd degr\u00e9), la d\u00e9l\u00e9gation de signature \nqui lui est accord\u00e9e \u00e0 l' article 3 sera exerc\u00e9e par son adjoint, M. Edouard BERTEAUX , directeur \nacad\u00e9mique adjoint des services de l'\u00e9ducation nationale de Paris. \n \n \n \nRectorat de la r\u00e9gion acad\u00e9mique d'Ile-de-France, rectorat de l'acad\u00e9mie de Paris - IDF-2025-04-15-00019 - Arr\u00eat\u00e9 n\u00b0 2025-114-RA\nrelatif \u00e0 l'enseignement scolaire de l'acad\u00e9mie de Paris portant d\u00e9l\u00e9gation de signature de la Rectrice de la r\u00e9gion acad\u00e9mique Ile-de\nFrance, Rectrice de l'acad\u00e9mie de Paris \u00e0 ses chefs de service\n20\n \n \nArticle 6 \u2014 En cas d'absence ou d'emp\u00eachement de Mme Delphine VIOT-LEGOUDA, secr\u00e9taire \ng\u00e9n\u00e9rale de l'enseignement scolaire, d\u00e9l\u00e9gation est donn\u00e9e \u00e0 M. Thibaut PIERRE, \u00e0 Mme Marjorie \nKOUBI et \u00e0 M. Jonathan DUVAL, secr\u00e9taires g\u00e9n\u00e9raux adjoints. \n \nArticle 7 \u2014 En cas d'absence ou d'emp\u00eachement de M. Thibaut PIERRE, secr\u00e9taire g\u00e9n\u00e9ral adjoint, \ndirecteur des ressources humaines, d\u00e9l\u00e9gation est donn\u00e9e \u00e0 M. Franck HUGOY, adjoint du directeur \ndes ressources humaines pour les questions relatives au 2 nd degr\u00e9, et \u00e0 Mme  Sandrine GRUZ, \nadjointe du directeur des ressources humaines pour les questions relatives au 1er degr\u00e9.   \n \nArticle 8 \u2014 En cas d'absence de M. Laurent NO\u00c9 et de Mme Delphine VIOT-LEGOUDA, et en cas \nd'absence ou d'emp\u00eachement de M. Thibaut PIERRE, Mme Marjorie KOUBI et M. Jonathan DUVAL, \nd\u00e9l\u00e9gation est accord\u00e9e aux chefs de division du rectorat, dans la limite de leurs attributions \nrespectives :  \n \nMme Lynda AMARA, cheffe de la division des personnels administratifs, techniques, sociaux et de \nsant\u00e9 (DPATSS), \nM. Christian ANTHEAUME, chef de la division de l'intendance et de la logistique (DIL),  \nMme Karen BOUCHERON-DIDRY, cheffe de la division des personnels enseignants du 1 er degr\u00e9 \npublic (DE) par int\u00e9rim, \nMme Elyane CLAUDE, cheffe du service de la coordination paye et du bureau du ch\u00f4mage (SCP), \nM. Tichan GAJU, chef du bureau des personnels d'encadrement (BPE),  \nM. Philippe GUIRAN, responsable administratif de l'Ecole Acad\u00e9mique de Formation continue, \n \nM. St\u00e9phane JEUDY, chef de la division des personnels du sup\u00e9rieur (DPSUP), \nM. Guillaume LE LAY, chef du bureau de l'assistance \u00e9ducative et des contrats aid\u00e9s (BACA),  \nM. David MALRIC, chef de la division des personnels enseignant s du second degr\u00e9 public (DPE),  \nMme St\u00e9phanie MECHINE, cheffe du service des affaires m\u00e9dicales et sociales (SAMS) \nM. Jean-Luc MORVAN, chef du bureau des pensions,  \nMme Hadda NEDJAR, cheffe de la division des personnels enseignants du priv\u00e9 (DEP),  \nM. J\u00e9r\u00f4me POISON, chef de la division des affaires financi\u00e8res (DAF), \nM. F\u00e9lix VILLATTE, chef de la division de la vie de l'\u00e9l\u00e8ve (DVE), \nM. Henrick YERBE, chef du service interacad\u00e9mique des affaires juridiques (SIAJ) et chef de la \ndivision des affaires juridiques (DAJ). \n \nArticle 9  \u2014 L'arr\u00eat\u00e9 n\u00b0  2025-107-RA du 26 mars 2025  relatif \u00e0 l'enseignement scolaire de  \nl'acad\u00e9mie de Paris est abrog\u00e9. \n \n \nArticle 10 \u2014 La secr\u00e9taire g\u00e9n\u00e9rale de l'enseignement scolaire de l'acad\u00e9mie de Paris est charg\u00e9e \nde l'ex\u00e9cution du pr\u00e9sent arr\u00eat\u00e9 qui sera publi\u00e9 au recueil des actes administratifs de la pr\u00e9fecture \nde la r\u00e9gion d'\u00cele-de-France, pr\u00e9fecture de Paris. \n \nFait \u00e0 Paris, le 15 avril 2025 \n                                                                                                         \n                                                 \n                                                                                                                                             Sign\u00e9 \nJulie BENETTI  \n  \nRectorat de la r\u00e9gion acad\u00e9mique d'Ile-de-France, rectorat de l'acad\u00e9mie de Paris - IDF-2025-04-15-00019 - Arr\u00eat\u00e9 n\u00b0 2025-114-RA\nrelatif \u00e0 l'enseignement scolaire de l'acad\u00e9mie de Paris portant d\u00e9l\u00e9gation de signature de la Rectrice de la r\u00e9gion acad\u00e9mique Ile-de\nFrance, Rectrice de l'acad\u00e9mie de Paris \u00e0 ses chefs de service\n21\nRectorat de la r\u00e9gion acad\u00e9mique\nd'Ile-de-France, rectorat de l'acad\u00e9mie de Paris\nIDF-2025-04-15-00020\nArr\u00eat\u00e9 n\u00b0 2025-115-RA modifiant l'arr\u00eat\u00e9 n\u00b0\n2025-110-RA portant subd\u00e9l\u00e9gation de signature\nen mati\u00e8re d'ordonnancement secondaire dans\nle cadre des programmes 139, 140, 141 et 230,\n723 et de l'unit\u00e9 op\u00e9rationnelle du BOP 214\n0214-IDFR-PARI\nRectorat de la r\u00e9gion acad\u00e9mique d'Ile-de-France, rectorat de l'acad\u00e9mie de Paris - IDF-2025-04-15-00020 - Arr\u00eat\u00e9 n\u00b0 2025-115-RA\nmodifiant l'arr\u00eat\u00e9 n\u00b0 2025-110-RA portant subd\u00e9l\u00e9gation de signature en mati\u00e8re d'ordonnancement secondaire dans le cadre des\nprogrammes 139, 140, 141 et 230, 723 et de l'unit\u00e9 op\u00e9rationnelle du BOP 214 0214-IDFR-PARI\n22\nACADEMIEDE PARISLibert\u00e9Egalit\u00e9Fraternit\u00e9\n \n \n \n \n \n \n \n \n \nArr\u00eat\u00e9 n\u00b0 2025-115-RA \nmodifiant l'Arr\u00eat\u00e9 n\u00b0 2025-110-RA \n \n \nportant subd\u00e9l\u00e9gation de signature en mati\u00e8re d'ordonnancement secondaire  \ndans le cadre des programmes 139, 140, 141 et 230, 723 et de l'unit\u00e9 op\u00e9rationnelle  \ndu BOP 214 0214-IDFR-PARI \n \nLA RECTRICE DE LA REGION ACADEMIQUE ILE-DE-FRANCE, \nRECTRICE DE L'ACADEMIE DE PARIS \n \n \n \nVu la loi organique n\u00b02001-692 du 1er ao\u00fbt 2001 relative aux lois de finances ; \nVu le code de l'\u00e9ducation et notamment les articles R222-19 et suivants ; \nVu le d\u00e9cret n\u00b02004-374 du 29 avril 2004 modifi\u00e9 relatif aux pouvoirs des Pr\u00e9fets, \u00e0 l'organisation et \u00e0 \nl'action des services de l'Etat dans les r\u00e9gions et d\u00e9partements ; \nVu le d\u00e9cret du Pr\u00e9sident de la R\u00e9publique du 12 mars 2025 portant nomination de Mme Julie BENETTI \nen qualit\u00e9 de rectrice de la r\u00e9gion acad\u00e9mique Ile-de-France, rectrice de l'acad\u00e9mie de Paris ; \nVu le d\u00e9cret du Pr\u00e9sident de la R\u00e9publique du 26 f\u00e9vrier 2025 portant nomination de M. Laurent NO\u00c9 en \nqualit\u00e9 de directeur de l'acad\u00e9mie de Paris \u00e0 compter du 3 mars 2025, pour une dur\u00e9e de quatre ans ; \nVu l'arr\u00eat\u00e9 du 3 juillet 2009 portant r\u00e8glement de comptabilit\u00e9 pour la d\u00e9signation des ordonnateurs \nsecondaires et de leurs d\u00e9l\u00e9gu\u00e9s en ce qui concerne le minist\u00e8re de l'\u00e9ducation nationale ; \nVu l'arr\u00eat\u00e9 du 22 d\u00e9cembre 2022 relatif aux r\u00e8gles de la comptabilit\u00e9 budg\u00e9taire de l'Etat pris en application \nde l'article 54 du d\u00e9cret n\u00b02012-1246 du 7 novembre 2012 modifi\u00e9 relatif \u00e0 la gestion budg\u00e9taire et \ncomptable publique ; \nVu l'a rr\u00eat\u00e9 n\u00b0 IDF -2025-03-26-00004 du 26 mars 2025  portant d\u00e9l\u00e9gation de signature \u00e0 Mme Julie \nBENETTI, rectrice de la r\u00e9gion  acad\u00e9mique \u00cele-de-France, rectrice de l'acad\u00e9mie de Paris, en mati\u00e8re \nd'ordonnancement secondaire ; \nVu l'arr\u00eat\u00e9 minist\u00e9riel en date du 18 juillet 2022 portant nomination de Mme Delphine VIOT-LEGOUDA, \nattach\u00e9e d'administration de l'Etat hors classe , dans l'emploi de secr\u00e9taire g\u00e9n\u00e9rale de l'acad\u00e9mie de \nParis, en charge de l'enseignement scolaire, pour une premi\u00e8re p\u00e9riode de quatre ans, du 25 ao\u00fbt 2022 \nau 24 ao\u00fbt 2026 ; \nVu l'arr\u00eat\u00e9 n\u00b0 202 5-110-RA du 28 mars 2025 portant subd\u00e9l\u00e9gation de signature en mati\u00e8re \nd'ordonnancement secondaire dans le cadre des programmes 139, 140, 141 et 230, 723 et de l'unit\u00e9 \nop\u00e9rationnelle du BOP 214 0214-IDFR-PARI, \n  \nRectorat de la r\u00e9gion acad\u00e9mique d'Ile-de-France, rectorat de l'acad\u00e9mie de Paris - IDF-2025-04-15-00020 - Arr\u00eat\u00e9 n\u00b0 2025-115-RA\nmodifiant l'arr\u00eat\u00e9 n\u00b0 2025-110-RA portant subd\u00e9l\u00e9gation de signature en mati\u00e8re d'ordonnancement secondaire dans le cadre des\nprogrammes 139, 140, 141 et 230, 723 et de l'unit\u00e9 op\u00e9rationnelle du BOP 214 0214-IDFR-PARI\n23\nARR\u00caTE \n \n \n \nArticle 1er  \n \nL'article 4 de l'arr\u00eat\u00e9 n\u00b02025-110-RA du 28 mars 2025 susvis\u00e9 est remplac\u00e9 par les \ndispositions suivantes :  \n \n \n\u00ab Article 4 \u2014 En cas d'absence ou d'emp\u00eachement de M. Thibaut PIERRE, secr\u00e9taire g\u00e9n\u00e9ral \nadjoint, directeur des ressources humaines, d\u00e9l\u00e9gation est donn\u00e9e \u00e0 M. Franck HUGOY, \nadjoint du directeur des ressources humaines pour les questions relatives au 2 nd degr\u00e9, et \u00e0 \nMme Sandrine GRUZ, adjointe du directeur des ressources humaines pour les questions \nrelatives au 1er degr\u00e9, dans la limite de leurs attributions. \u00bb \n \n \nArticle 2 \n \nLa secr\u00e9taire g\u00e9n\u00e9rale de l'enseignement scolaire est charg\u00e9e de l'ex\u00e9cution du pr\u00e9sent arr\u00eat\u00e9 \nqui sera publi\u00e9 au recueil des actes administratifs de la pr\u00e9fecture de la r\u00e9gion d'Ile de France, \npr\u00e9fecture de Paris.  \n \n \nFait \u00e0 Paris, le 15 avril 2025 \n \n \n \n                                                                   \n \nLa Rectrice de la r\u00e9gion acad\u00e9mique d'\u00cele-de-France, \nRectrice de l'acad\u00e9mie de Paris, \nChanceli\u00e8re des universit\u00e9s de Paris et d'\u00cele-de France \n \n                                                                            Sign\u00e9 \n \n \nJulie BENETTI \nRectorat de la r\u00e9gion acad\u00e9mique d'Ile-de-France, rectorat de l'acad\u00e9mie de Paris - IDF-2025-04-15-00020 - Arr\u00eat\u00e9 n\u00b0 2025-115-RA\nmodifiant l'arr\u00eat\u00e9 n\u00b0 2025-110-RA portant subd\u00e9l\u00e9gation de signature en mati\u00e8re d'ordonnancement secondaire dans le cadre des\nprogrammes 139, 140, 141 et 230, 723 et de l'unit\u00e9 op\u00e9rationnelle du BOP 214 0214-IDFR-PARI\n24","date":"2025-04-29","first_seen_on":"2025-04-29T16:33:08+00:00","id":"b239e038db1a265e82bc3de5a262f3fbe5f525e8b76059d84656ba54845e248e","name":"recueilDS-idf-059-2025-04-recueil-des-actes-administratifs-special du 29.04.2025","pdf_creation_date":"2025-04-29T14:57:23+00:00","pdf_modification_date":null,"timezone":"Europe/Paris","url":"https://www.prefectures-regions.gouv.fr/ile-de-france/irecontenu/telechargement/127376/939905/file/recueilDS-idf-059-2025-04-recueil-des-actes-administratifs-special%20du%2029.04.2025.pdf"}
