{"administration":"prefidf","administration_name":"Pr\u00e9fecture de la r\u00e9gion \u00cele-de-France","content":"PREFECTURE\nREGION ILE DE\nFRANCE\nRECUEIL DES ACTES\nADMINISTRATIFS SP\u00c9CIAL\n(NOMINATIFS)\nN\u00b0IDF-068-2025-10\nPUBLI\u00c9 LE 30 OCTOBRE 2025\nSommaire\nDirection r\u00e9gionale et interd\u00e9partementale de l'alimentation, de\nl'agriculture et de la for\u00eat d'Ile de France / Service R\u00e9gional d'Economie\nAgricole\nIDF-2025-10-30-00002 - Arr\u00eat\u00e9 pr\u00e9fectoral de suspension relatif \u00e0\nla\ndemande d'autorisation pr\u00e9alable d'exploiter de\nla SCEA de la\nPOSTERIE\n\u00e0 BOUTERVILLIERS\n (3 pages) Page 3\nDirection r\u00e9gionale et interd\u00e9partementale de l'\u00e9conomie, de l'emploi,\ndu travail et des solidarit\u00e9s d'\u00cele-de-France / P\u00f4le Politique du travail\nIDF-2025-10-28-00027 - D\u00e9cision n\u00b0 2025 - 209 du 28 octobre\n2025\nportant affectation des agents de contr\u00f4le dans les unit\u00e9s de\ncontr\u00f4le et gestion des int\u00e9rims de l'unit\u00e9 d\u00e9partementale de\nParis de la DRIEETS d'Ile-de-France\n (8 pages) Page 7\nPr\u00e9fecture de la R\u00e9gion d'Ile de France, Pr\u00e9fecture de Paris\n-Secr\u00e9tariat g\u00e9n\u00e9ral aux moyens mutualis\u00e9s / Service des ressources\nhumaines\nIDF-2025-10-28-00026 - Arr\u00eat\u00e9 modifiant l'arr\u00eat\u00e9\nn\u00b02023-06-27-00008\nportant nomination des membres du comit\u00e9\nlocal d'Ile-de-France du Fonds pour l'insertion des personnes handicap\u00e9es\ndans la fonction publique (4 pages) Page 16\n2\nDirection r\u00e9gionale et interd\u00e9partementale de\nl'alimentation, de l'agriculture et de la for\u00eat d'Ile\nde France\nIDF-2025-10-30-00002\nArr\u00eat\u00e9 pr\u00e9fectoral de suspension relatif \u00e0\nla demande d'autorisation pr\u00e9alable d'exploiter\nde\nla SCEA de la POSTERIE\n\u00e0 BOUTERVILLIERS\nDirection r\u00e9gionale et interd\u00e9partementale de l'alimentation, de l'agriculture et de la for\u00eat d'Ile de France - IDF-2025-10-30-00002 -\nArr\u00eat\u00e9 pr\u00e9fectoral de suspension relatif \u00e0\nla demande d'autorisation pr\u00e9alable d'exploiter de\nla SCEA de la POSTERIE\n\u00e0 BOUTERVILLIERS\n3\n|PREFETDE LA REGIOND'\u00ceLE-DE-FRANCELibert\u00e9\u00c9galit\u00e9Fraternit\u00e9\n \n     5 rue Leblanc \u2013 75911 PARIS Cedex 15  \n     Tel : 01 82 52 46 46  \n     http://driaaf.ile-de-france.agriculture.gouv.fr/  \nDirection R\u00e9gionale et Interd\u00e9partementale \n                               de l'Alimentation, de l'Agriculture \net de la For\u00eat \n \n \n \n \nARR\u00caT\u00c9 \n \nArr\u00eat\u00e9 pr\u00e9fectoral de suspension relatif \u00e0 \nla demande d'autorisation pr\u00e9alable d'exploiter de  \nla SCEA de la POSTERIE  \n\u00e0 BOUTERVILLIERS \n \nLe pr\u00e9fet de la r\u00e9gion d'\u00cele-de-France, \nPr\u00e9fet de Paris, \nCommandeur de la L\u00e9gion d'honneur, \nOfficier de l'ordre national du M\u00e9rite, \n \n \nVU le code rural et de la p\u00eache maritime, et en particulier les articles L. 331-1 et suivants et R. 331-1 et \nsuivants, \n \nVU l'arr\u00eat\u00e9 pr\u00e9fectoral du 21 juin 2021 \u00e9tablissant le sch\u00e9ma directeur r\u00e9gional des exploitations \nagricoles (SDREA) pour la r\u00e9gion \u00cele-de-France ; \n \nVU  l'arr\u00eat\u00e9 pr\u00e9fectoral du 21 ao\u00fbt 2024 portant d\u00e9l\u00e9gation de signature \u00e0 Madame Myl\u00e8ne TESTUT-\nNEVES, directrice r\u00e9gionale et interd\u00e9partementale de l'alimentation, de l'agriculture et de la for\u00eat \nd'\u00cele-de-France, en mati\u00e8re administrative ; \nVU  l'arr\u00eat\u00e9 pr\u00e9fectoral du 12 mai 2025 portant subd\u00e9l\u00e9gation de signature de Madame Myl\u00e8ne TESTUT-\nNEVES, directrice r\u00e9gionale et interd\u00e9partementale de l'alimentation, de l'agriculture et de la for\u00eat \nd'\u00cele-de-France, en mati\u00e8re administrative ; \nVU la demande d'autorisation pr\u00e9alable d'exploiter pr\u00e9sent\u00e9e par la SCEA DE LA POSTERIE (Messieurs \nGIRARD Florent et Damien), pour les parcelles d'une superficie totale de 156 ha 57 a 86 ca de terres, \nenregistr\u00e9e compl\u00e8te le 30 juin 2025 ; \n \nCONSID\u00c9RANT qu'en application du II de l'article L. 331-3-1 du code rural et de la p\u00eache maritime, le \npr\u00e9fet de r\u00e9gion peut suspendre l'instruction d'une demande d'autorisation d'exploiter lorsque \nl'op\u00e9ration envisag\u00e9e conduit \u00e0 un agrandissement ou une concentration excessifs au regard des \ncrit\u00e8res du SDREA ; \n \nCONSID\u00c9RANT que la SCEA DE LA POSTERIE exploite une surface de 156 ha 57 a 86 ca de terres \nagricoles ; \n \nConsid\u00e9rant  que M. Florent GIRARD exploite \u00e0 titre individuel une surface de 114 ha 01 a et qu'il est, \npar ailleurs, associ\u00e9 exploitant de l'EARL DES 4 VENTS, laquelle exploite une surface de 176 ha 34 a de \nterres agricoles ; \n \nCONSID\u00c9RANT que M. Damien GIRARD est \u00e9galement associ\u00e9 exploitant de l'EARL DES 4 VENTS, qu'il \nest par ailleurs associ\u00e9 exploitant de la SCEA de TOURNENFILS, laquelle exploite une surface de 69 ha \n38 a, et qu'il g\u00e8re parall\u00e8lement, \u00e0 titre individuel, une exploitation agricole de 115 ha 85 a ; \n \nCONSID\u00c9RANT que l'op\u00e9ration envisag\u00e9e conduit \u00e0 un agrandissement excessif au regard des crit\u00e8res \ndu SDREA d'\u00cele-de-France ; \n \nCONSID\u00c9RANT l'avis de la commission d\u00e9partementale d'orientation agricole du 11 septembre 2025 ; \n \nDirection r\u00e9gionale et interd\u00e9partementale de l'alimentation, de l'agriculture et de la for\u00eat d'Ile de France - IDF-2025-10-30-00002 -\nArr\u00eat\u00e9 pr\u00e9fectoral de suspension relatif \u00e0\nla demande d'autorisation pr\u00e9alable d'exploiter de\nla SCEA de la POSTERIE\n\u00e0 BOUTERVILLIERS\n4\n \n     5 rue Leblanc \u2013 75911 PARIS Cedex 15  \n     Tel : 01 82 52 46 46  \n     http://driaaf.ile-de-france.agriculture.gouv.fr/  \n \nSUR  proposition de la directrice r\u00e9gionale et interd\u00e9partementale de l'alimentation, de l'agriculture et \nde la for\u00eat d'\u00cele-de-France, \n \n \nARR\u00caTE \n \n \nArticle 1  :  \n \nL'instruction de la demande d'autorisation d'exploiter d\u00e9pos\u00e9e par la SCEA DE LA POSTERIE, dont le \nsi\u00e8ge d'exploitation est situ\u00e9 au 4 rue de Chalo \u00e0 BOUTERVILLIERS (91 150), et enregistr\u00e9e compl\u00e8te le \n30 juin 2025, pour les parcelles dont les r\u00e9f\u00e9rences cadastrales sont pr\u00e9cis\u00e9es dans le tableau ci-\ndessous, est suspendue pour une dur\u00e9e de 8 mois \u00e0 compter de la date de publication de la pr\u00e9sente \nd\u00e9cision. \n \n \n \n \n \n \n \n \n \n \n \n \n \n \n \n \n \n \n \n \n \n \n \n \n \n \n \n \n \n \n \n \n \n \n \n \n \n \n \n \n \n \n \n \n \nCommune R\u00e9f. Cadastrales Surface en ha Propri\u00e9taires \nBOUTERVILLIERS B 0706 0,3282 Indivision Benoist \nBOUTERVILLIERS ZB 0011 0,1920 Indivision Benoist \nBOUTERVILLIERS ZB 0021 9,5080 Indivision Benoist \nBOUTERVILLIERS ZB 0042 8,7776 Indivision Benoist \nBOUTERVILLIERS ZD 0020 1,2240 Indivision Benoist \nBOUTERVILLIERS ZD 0038 26,3975 Indivision Benoist \nBOUTERVILLIERS ZD 0042 0,7379 Indivision Benoist \nBOUTERVILLIERS ZL 0002 30,0666 Indivision Benoist \nBOUTERVILLIERS ZL 0003 19,0565 Indivision Benoist \nBOUTERVILLIERS ZL 0005 1,7546 Indivision Benoist \nRICHARVILLE ZN 0010 6,4929 Indivision Benoist \nRICHARVILLE ZO 0003 3,1007 Indivision Benoist \nCHALO SAINT MARS S 0036 0,9943 Indivision Benoist \nPLESSIS SAINT BENOIST T 0102 7,7362 Indivision Benoist\nPLESSIS SAINT BENOIST U 0002 30,6656 Indivision Benois t \nPLESSIS SAINT BENOIST U 0016 7,0040 Indivision Benoist\nPLESSIS SAINT BENOIST V 0016 1,2930 Indivision Benoist\nBOUTERVILLIERS ZC 0023 1,2490 Prevosteau Sylvain \nTotal (ha) 156,5786 \nDirection r\u00e9gionale et interd\u00e9partementale de l'alimentation, de l'agriculture et de la for\u00eat d'Ile de France - IDF-2025-10-30-00002 -\nArr\u00eat\u00e9 pr\u00e9fectoral de suspension relatif \u00e0\nla demande d'autorisation pr\u00e9alable d'exploiter de\nla SCEA de la POSTERIE\n\u00e0 BOUTERVILLIERS\n5\n \n     5 rue Leblanc \u2013 75911 PARIS Cedex 15  \n     Tel : 01 82 52 46 46  \n     http://driaaf.ile-de-france.agriculture.gouv.fr/  \nArticle 2  :  \n \nPendant la p\u00e9riode de suspension de l'instruction, tout int\u00e9ress\u00e9 peut pr\u00e9senter une demande \nd'autorisation d'exploiter portant sur les m\u00eames biens. \n \n \nArticle 3 : \n \nConform\u00e9ment aux dispositions de l'article D. 331-6-1 du code rural et de la p\u00eache maritime, le pr\u00e9sent \narr\u00eat\u00e9 est notifi\u00e9 \u00e0 la SCEA DE LA POSTERIE (Messieurs Florent et Damien GIRARD) et fait l'objet d'un \naffichage pendant un mois dans les mairies de BOUTERVILLIERS, RICHARVILLE, CHALO SAINT MARS \net PLESSIS SAINT BENOIST. Il est \u00e9galement publi\u00e9 sur le site de la pr\u00e9fecture de l'Essonne. \n \n \nArticle 4  :  \n \nLa directrice r\u00e9gionale et interd\u00e9partementale de l'alimentation, de l'agriculture et de la for\u00eat d'\u00cele-de-\nFrance est charg\u00e9e de l'ex\u00e9cution du pr\u00e9sent arr\u00eat\u00e9 qui sera publi\u00e9 au recueil des actes administratifs. \n \n \nFait \u00e0 Paris, le 30 octobre 2025 \n \n   Pour le pr\u00e9fet et par d\u00e9l\u00e9gation, \n \n  Le directeur r\u00e9gional et interd\u00e9partemental adjoint,  \nde l'alimentation, de l'agriculture et de la for\u00eat \nd'\u00cele-de-France,  \n \nSign\u00e9  \n \nBenjamin GENTON \n  \n \n \n \nDirection r\u00e9gionale et interd\u00e9partementale de l'alimentation, de l'agriculture et de la for\u00eat d'Ile de France - IDF-2025-10-30-00002 -\nArr\u00eat\u00e9 pr\u00e9fectoral de suspension relatif \u00e0\nla demande d'autorisation pr\u00e9alable d'exploiter de\nla SCEA de la POSTERIE\n\u00e0 BOUTERVILLIERS\n6\nDirection r\u00e9gionale et interd\u00e9partementale de\nl'\u00e9conomie, de l'emploi, du travail et des\nsolidarit\u00e9s d'\u00cele-de-France\nIDF-2025-10-28-00027\nD\u00e9cision n\u00b0 2025 - 209 du 28 octobre 2025\nportant affectation des agents de contr\u00f4le dans\nles unit\u00e9s de contr\u00f4le et gestion des int\u00e9rims de\nl'unit\u00e9 d\u00e9partementale de Paris de la DRIEETS\nd'Ile-de-France\nDirection r\u00e9gionale et interd\u00e9partementale de l'\u00e9conomie, de l'emploi, du travail et des solidarit\u00e9s d'\u00cele-de-France -\nIDF-2025-10-28-00027 - D\u00e9cision n\u00b0 2025 - 209 du 28 octobre 2025\nportant affectation des agents de contr\u00f4le dans les unit\u00e9s de contr\u00f4le et gestion des int\u00e9rims de l'unit\u00e9 d\u00e9partementale de Paris de la\nDRIEETS d'Ile-de-France\n7\n| |MINISTEREDU TRAVAILET DES SOLIDARITESLibert\u00e9Egalit\u00e9Fraternit\u00e9\n \nDirection r\u00e9gionale et interd\u00e9partementale \nde l'\u00e9conomie, de l'emploi, \ndu travail et des solidarit\u00e9s \nd'Ile-de-France \n \n \n \nDRIEETS Ile de France                                                                                                                                                                                                 1 / 8                                  \n32 rue Jean Jaur\u00e8s \n93200 SAINT-DENIS \n \nD\u00e9cision n\u00b0 2025 \u2013 209 du 28 octobre 2025 \nportant affectation des agents de contr\u00f4le dans les unit\u00e9s de contr\u00f4le et gestion des int\u00e9rims \n de l'unit\u00e9 d\u00e9partementale de Paris de la DRIEETS d'Ile-de-France \n \nLe directeur r\u00e9gional de l'\u00e9conomie, de l'emploi, du travail et des solidarit\u00e9s de la r\u00e9gion d'Ile -de-France,  \n \nVu le code du travail, notamment ses articles R 8122-1 et suivants,  \n \nVu l'arr\u00eat\u00e9 interminist\u00e9riel du 12 ao\u00fbt 2025 nommant M.  Fabrice MASI directeur r\u00e9gional et \ninterd\u00e9partemental de l'\u00e9conomie, de l'emploi, du travail et  des solidarit\u00e9s d'\u00cele-de-France, \u00e0 compter du \n25 ao\u00fbt 2025, \n \nVu l'arr\u00eat\u00e9 minist\u00e9riel du 25 mars 2024 portant cr\u00e9ation et r\u00e9partition des unit\u00e9s de contr\u00f4le de \nl'inspection du travail,  \n \nVu la d\u00e9cision n\u00b0 2025 -021 du 6 f\u00e9vrier 2025 du directeur r\u00e9gional et interd\u00e9partemental de l'\u00e9conomie, \nde l'emploi, du travail et des solidarit\u00e9s d'Ile de France relative \u00e0 la localisation et \u00e0 la d\u00e9limitation des \nunit\u00e9s de contr\u00f4le et des sections d'inspection du travail de l'unit\u00e9 d\u00e9partementale de Paris,  \n \n \nD\u00c9CIDE \n \nArticle 1 : Les inspecteurs et contr\u00f4leurs du travail sont charg\u00e9s des actions d'inspection de la l\u00e9gislation \ndu travail dans les entreprises relevant des sections d'inspection du travail composant les unit\u00e9s de \ncontr\u00f4le du d\u00e9partement de Paris,  tel que d\u00e9fini dans le tableau des affectations, d'int\u00e9rims et de \nsuppl\u00e9ances des sections, r\u00e9f\u00e9renc\u00e9s dans la colonne A de l'annexe en vigueur.  \n \nArticle 2  : les agents du corps de l'inspection du travail sont charg\u00e9s de l'int\u00e9rim des postes soit non \npourvus, soit vacants en raison de l'absence de longue dur\u00e9e de leur titulaire, tel que d\u00e9fini dans le \ntableau des affectations, d'int\u00e9rims et de suppl\u00e9ances des sections, r\u00e9f\u00e9renc\u00e9s dans la colonne B de \nl'annexe en vigueur. \n \nArticle 3  : Conform\u00e9ment aux dispositions de l'article R.8122 -11-1\u00b0 du code du travail, les pouvoirs de \nd\u00e9cision administrative relevant de la comp\u00e9tence exclusive d'un inspecteur du travail sont confi\u00e9s aux \ninspecteurs du travail mentionn\u00e9 tel que d\u00e9fini dans le tableau des affectations, d'int\u00e9rims et de \nsuppl\u00e9ances des sections, r\u00e9f\u00e9renc\u00e9s dans la colonne C de l'annexe en vigueur.  \n \nEn cas d'absence ou d'emp\u00eachement d'un inspecteur mentionn\u00e9 \u00e0 l'annexe en vigueur, le pouvoir de \nd\u00e9cision est assur\u00e9 par l'inspecteur charg\u00e9 d'assurer l'int\u00e9rim de celui -ci en application de l'article 5. \n \nArticle 4 : Conform\u00e9ment aux dispositions de l'article R.8122 -11-2\u00b0 du code du travail, le contr\u00f4le de tout \nou partie des \u00e9tablissements d'au moins cinquante salari\u00e9s qui ne serait pas assur\u00e9 par les contr\u00f4leurs du \ntravail est confi\u00e9 aux inspecteurs du travail tel que d\u00e9fini dans le tableau des affectations, d'int\u00e9rims et \nde suppl\u00e9ances des sections, r\u00e9f\u00e9renc\u00e9s dans la colonne D et E de l'annexe en vigueur.  \nDirection r\u00e9gionale et interd\u00e9partementale de l'\u00e9conomie, de l'emploi, du travail et des solidarit\u00e9s d'\u00cele-de-France -\nIDF-2025-10-28-00027 - D\u00e9cision n\u00b0 2025 - 209 du 28 octobre 2025\nportant affectation des agents de contr\u00f4le dans les unit\u00e9s de contr\u00f4le et gestion des int\u00e9rims de l'unit\u00e9 d\u00e9partementale de Paris de la\nDRIEETS d'Ile-de-France\n8\n  \n                                                                                                                                                                                                                              2 / 8 \n \n \n \nArticle 5  : En cas de vacance de poste, d'absence ou d'emp\u00eachement pour une dur\u00e9e inf\u00e9rieure \u00e0 un \nmois d'un ou plusieurs agents de contr\u00f4le d\u00e9sign\u00e9s \u00e0 l'article 1 ci -dessus, l'int\u00e9rim est organis\u00e9 selon les \nmodalit\u00e9s ci-apr\u00e8s : \n \nUnit\u00e9 de contr\u00f4le des 1er et 2\u00e8 arrondissements : UC 01-02 \n \nL'int\u00e9rim du responsable de l'unit\u00e9 de contr\u00f4le est assur\u00e9 par l'un des responsables des unit\u00e9s de \ncontr\u00f4le des 3 \u00e8, 4 \u00e8 et 11 \u00e8 arrondissements, du 9 \u00e8arrondissement, des 10 \u00e8 et 18 \u00e8 arrondissements, du 12 \u00e8 \narrondissement, du 17\u00e8, des 19\u00e8 et 20\u00e8 arrondissements ou des transports. \n \nL'int\u00e9rim des inspecteurs du travail est assur\u00e9 par l'un des inspecteurs de l'unit\u00e9 de contr\u00f4le des 1 er et 2\u00e8 \narrondissements ou en cas de vacance temporaire, d'absence ou d'emp\u00eachement simultan\u00e9s, par un des \ninspecteurs du travail de l'unit\u00e9 de contr\u00f4le des 3 \u00e8, 4\u00e8 et 11\u00e8 arrondissements, du 12 \u00e8 arrondissement ou \nde l'unit\u00e9 de contr\u00f4le des 19\u00e8 et 20\u00e8 arrondissements, ou par le responsable de l'unit\u00e9 de contr\u00f4le. \n \nUnit\u00e9 de contr\u00f4le des 3\u00e8, 4\u00e8 et 11\u00e8 arrondissements : UC 03-04-11 \n \nL'int\u00e9rim du responsable de l'unit\u00e9 de contr\u00f4le est assur\u00e9 par l'un des responsables des unit\u00e9s de \ncontr\u00f4le des 1 er et 2 \u00e8 arrondissements, du 9 \u00e8 arrondissement, des 10 \u00e8 et 18 \u00e8 arrondissements, du 12 \u00e8 \narrondissement, du 17\u00e8, des 19\u00e8 et 20\u00e8 arrondissements ou des transports. \n \nL'int\u00e9rim des inspecteurs du travail est assur\u00e9 par l'un des inspecteurs de l'unit\u00e9 de contr\u00f4le des 3 \u00e8, 4\u00e8 et \n11\u00e8 arrondissements ou en cas de vacance temporaire, d'absence ou d'emp\u00eachement simultan\u00e9s, par un \ndes inspecteurs du travail des unit\u00e9s de contr\u00f4le 1 er et 2\u00e8 arrondissements, du 12 \u00e8 arrondissement ou des \n19\u00e8 et 20\u00e8 arrondissements, ou par le responsable de l'unit\u00e9 de contr\u00f4le.  \n \nL'int\u00e9rim du contr\u00f4leur du travail est assur\u00e9 par l'un des agents de contr\u00f4le de l'unit\u00e9 de contr\u00f4le des 3 \u00e8, \n4\u00e8 et 11\u00e8 arrondissements ou en cas de vacance temporaire, d'absence ou d'emp\u00eachement simultan\u00e9s, \npar un des agents de contr\u00f4le des unit\u00e9s de contr\u00f4le des 1 er et 2\u00e8 arrondissements, du 12\u00e8 arrondissement \nou des 19\u00e8 et 20\u00e8 arrondissements. \n \nUnit\u00e9 de contr\u00f4le des 5\u00e8s, 6\u00e8 et 7\u00e8 arrondissements : UC 05-06-07 \n \nL'int\u00e9rim du responsable de l'unit\u00e9 de contr\u00f4le est assur\u00e9 par l'un des responsables des unit\u00e9s de \ncontr\u00f4le du 8 \u00e8 arrondissement, des 13\u00e8 et  14\u00e8 arrondissements, du 15\u00e8 ou 16-\u00e8 arrondissement.  \n \nL'int\u00e9rim des inspecteurs du travail est assur\u00e9 par l'un des inspecteurs de l'unit\u00e9 de contr\u00f4le des 5 \u00e8, 6\u00e8 et \n7\u00e8 arrondissements ou en cas de vacance temporaire, d'absence ou d'emp\u00eachement simultan\u00e9s, par un \ndes inspecteurs du travail des unit\u00e9s de contr\u00f4le des 10 \u00e8 et 18\u00e8 arrondissements, du 17 \u00e8 arrondissement \nou des transports, ou par le responsable de l'unit\u00e9 de contr\u00f4le.  \n \nUnit\u00e9 de contr\u00f4le du 8\u00e8 arrondissement : UC 08 \n \nL'int\u00e9rim du responsable de l'unit\u00e9 de contr\u00f4le est assur\u00e9 par l'un des responsables des unit\u00e9s de \ncontr\u00f4le des 5\u00e8, 6\u00e8 et 7\u00e8 arrondissements, des 13\u00e8 et 14\u00e8 arrondissements, du 15\u00e8 ou 16\u00e8 arrondissement. \n \nL'int\u00e9rim des inspecteurs du travail est assur\u00e9 par l'un des inspecteurs de l'unit\u00e9 de contr\u00f4le du 8 \u00e8 \narrondissement ou en cas de vacance temporaire, d'absence ou d'emp\u00eachement simultan\u00e9s, par un des \ninspecteurs du travail de l'unit\u00e9 de contr\u00f4le du 9 \u00e8 arrondissement, ou par le responsable de l'unit\u00e9 de \ncontr\u00f4le. \n \nDirection r\u00e9gionale et interd\u00e9partementale de l'\u00e9conomie, de l'emploi, du travail et des solidarit\u00e9s d'\u00cele-de-France -\nIDF-2025-10-28-00027 - D\u00e9cision n\u00b0 2025 - 209 du 28 octobre 2025\nportant affectation des agents de contr\u00f4le dans les unit\u00e9s de contr\u00f4le et gestion des int\u00e9rims de l'unit\u00e9 d\u00e9partementale de Paris de la\nDRIEETS d'Ile-de-France\n9\n  \n                                                                                                                                                                                                                              3 / 8 \n \n \nL'int\u00e9rim du contr\u00f4leur du travail est assur\u00e9 par l'un des agents de contr\u00f4le de l'unit\u00e9 de contr\u00f4le du 8 \u00e8 \narrondissement ou en cas de vacance temporaire, d'absence ou d'emp\u00eachement simultan\u00e9s, par un des \nagents de contr\u00f4le de l'unit\u00e9 de contr\u00f4le du 9\u00e8 arrondissement. \n \nUnit\u00e9 de contr\u00f4le du 9\u00e8 arrondissement : UC 09 \n \nL'int\u00e9rim du responsable de l'unit\u00e9 de contr\u00f4le est assur\u00e9 par l'un des responsables des unit\u00e9s de \ncontr\u00f4le des 1er et 2\u00e8 arrondissements, des 10\u00e8 et 18\u00e8 arrondissements, du 12 \u00e8 arrondissement, du 17\u00e8, des \n19\u00e8 et 20\u00e8 arrondissements ou des transports. \nL'int\u00e9rim des inspecteurs du travail est assur\u00e9 par l'un des inspecteurs de l'unit\u00e9 de contr\u00f4le du 9 \u00e8 \narrondissement ou en cas de vacance temporaire, d'absence ou d'emp\u00eachement simultan\u00e9s, par un des \ninspecteurs du travail de l'unit\u00e9 de contr\u00f4le du 8 \u00e8 arrondissement, ou par le responsable de l'unit\u00e9 de \ncontr\u00f4le. \n \nL'int\u00e9rim du contr\u00f4leur du travail est assur\u00e9 par l'un des agents de contr\u00f4le de l'unit\u00e9 de contr\u00f4le du 9 \u00e8 \narrondissement ou en cas de vacance temporaire, d'absence ou d'emp\u00eachement simultan\u00e9s, par un des \nagents de contr\u00f4le de l'unit\u00e9 de contr\u00f4le du 8\u00e8 arrondissement. \n \nUnit\u00e9 de contr\u00f4le des 10\u00e8 et 18\u00e8 arrondissements : UC 10-18 \n \nL'int\u00e9rim du responsable de l'unit\u00e9 de contr\u00f4le est assur\u00e9 par l'un des responsables des unit\u00e9s de \ncontr\u00f4le des 1 er et 2 \u00e8 arrondissements, des 3 \u00e8, 4 \u00e8 et 11 \u00e8 arrondissements, du 9 \u00e8 arrondissement, du 12 \u00e8 \narrondissement, du 17\u00e8, des 19\u00e8 et 20\u00e8 arrondissements ou des transports. \n \nL'int\u00e9rim des inspecteurs du travail est assur\u00e9 par l'un des inspecteurs de l'unit\u00e9 de contr\u00f4le des 10 \u00e8 et 18\u00e8 \narrondissements ou en cas de vacance temporaire, d'absence ou d'emp\u00eachement simultan\u00e9s, par un des \ninspecteurs du travail des unit\u00e9s de contr\u00f4le du 9 \u00e8 arrondissement, du 17 \u00e8 arrondissement ou des \ntransports, ou par le responsable de l'unit\u00e9 de contr\u00f4le. \n \nUnit\u00e9 de contr\u00f4le du 12\u00e8 arrondissement : UC 12 \n \nL'int\u00e9rim du responsable de l'unit\u00e9 de contr\u00f4le est assur\u00e9 par l'un des responsables des unit\u00e9s de \ncontr\u00f4le des 1er et 2\u00e8 arrondissements, des 3 \u00e8, 4\u00e8 et 11\u00e8 arrondissements, du 9 \u00e8 arrondissement, des 10 \u00e8 et \n18\u00e8 arrondissements, du 17\u00e8, des 19\u00e8 et 20\u00e8 arrondissements ou des transports. \n \nL'int\u00e9rim des inspecteurs du travail est assur\u00e9 par l'un des inspecteurs de l'unit\u00e9 de contr\u00f4le du 12 \u00e8 \narrondissement ou en cas de vacance temporaire, d'absence ou d'emp\u00eachement simultan\u00e9s, par un des \ninspecteurs du travail des unit\u00e9s de contr\u00f4le des 1 ers et 2 \u00e8 arrondissements, des 3 \u00e8, 4 \u00e8 et 11 \u00e8 \narrondissements, des 10 \u00e8 et 18 \u00e8 et 17 \u00e8, 19\u00e8 et 20 \u00e8 arrondissements, ou par le responsable de l'unit\u00e9 de \ncontr\u00f4le. \n \nUnit\u00e9 de contr\u00f4le des 13\u00e8 et 14\u00e8 arrondissements : UC 13-14 \n \nL'int\u00e9rim du responsable de l'unit\u00e9 de contr\u00f4le est assur\u00e9 par l'un des responsables des unit\u00e9s de \ncontr\u00f4le du 15\u00e8, du 16\u00e8 arrondissement, du 8 \u00e8 arrondissement ou des 5 \u00e8, 6\u00e8 et 7\u00e8 arrondissements, ou par \nla directrice du secteur sud. \n \nL'int\u00e9rim des inspecteurs du travail est assur\u00e9 par l'un des inspecteurs de l'unit\u00e9 de contr\u00f4le du 13 \u00e8 et 14\u00e8 \narrondissement ou en cas de vacance temporaire, d'absence ou d'emp\u00eachement simultan\u00e9s, par un des \ninspecteurs du travail des unit\u00e9s de contr\u00f4le du 15\u00e8 arrondissement, ou du 16\u00e8 arrondissement.  \n \n \n \nDirection r\u00e9gionale et interd\u00e9partementale de l'\u00e9conomie, de l'emploi, du travail et des solidarit\u00e9s d'\u00cele-de-France -\nIDF-2025-10-28-00027 - D\u00e9cision n\u00b0 2025 - 209 du 28 octobre 2025\nportant affectation des agents de contr\u00f4le dans les unit\u00e9s de contr\u00f4le et gestion des int\u00e9rims de l'unit\u00e9 d\u00e9partementale de Paris de la\nDRIEETS d'Ile-de-France\n10\n  \n                                                                                                                                                                                                                              4 / 8 \n \n \n \nUnit\u00e9 de contr\u00f4le du 15\u00e8 arrondissement : UC 15 \n \nL'int\u00e9rim du responsable de l'unit\u00e9 de contr\u00f4le est assur\u00e9 par l'un des responsables des unit\u00e9s de \ncontr\u00f4le, des 13\u00e8 et 14\u00e8 arrondissements, du 16 \u00e8 arrondissement, du 8 \u00e8 arrondissement ou des 5 \u00e8, 6\u00e8 et 7\u00e8 \narrondissements  \n \nL'int\u00e9rim des inspecteurs du travail est assur\u00e9 par l'un des inspecteurs de l'unit\u00e9 de contr\u00f4le du 15 \u00e8 \narrondissement ou en cas de vacance temporaire, d'absence ou d'emp\u00eachement simultan\u00e9s, par un des \ninspecteurs du travail des unit\u00e9s de contr\u00f4le des 13 \u00e8 et 14\u00e8 arrondissements, ou du 16\u00e8 arrondissement, ou \npar le responsable de l'unit\u00e9 de contr\u00f4le. \n \nUnit\u00e9 de contr\u00f4le du 16\u00e8 arrondissement : UC 16 \n \nL'int\u00e9rim du responsable de l'unit\u00e9 de contr\u00f4le est assur\u00e9 par l'un des responsables des unit\u00e9s de \ncontr\u00f4le des 13 \u00e8 et 14\u00e8 arrondissements, du 15 \u00e8 arrondissement, du 8 \u00e8 arrondissement ou des 5 \u00e8, 6\u00e8 et 7\u00e8 \narrondissements. \n \nL'int\u00e9rim des inspecteurs du travail est assur\u00e9 par l'un des inspecteurs de l'unit\u00e9 de contr\u00f4le du 16 \u00e8 \narrondissement ou en cas de vacance temporaire, d'absence ou d'emp\u00eachement simultan\u00e9s, par un des \ninspecteurs du travail des unit\u00e9s de contr\u00f4le des 13 \u00e8 et 14\u00e8 arrondissements, ou du 15\u00e8 arrondissement, ou \npar le responsable de l'unit\u00e9 de contr\u00f4le. \n \nUnit\u00e9 de contr\u00f4le du 17\u00e8 arrondissement : UC 17 \n \nL'int\u00e9rim du responsable de l'unit\u00e9 de contr\u00f4le est assur\u00e9 par l'un des responsables des unit\u00e9s de \ncontr\u00f4le des 1 er et 2\u00e8 arrondissements, des 3 \u00e8, 4\u00e8 et 11\u00e8 arrondissements, du 9 \u00e8arrondissement, des 10 \u00e8 et \n18\u00e8 arrondissements, du 12\u00e8 ; des 19\u00e8 et 20\u00e8 arrondissements ou des transports. \n \nL'int\u00e9rim des inspecteurs du travail est assur\u00e9 par l'un des inspecteurs de l'unit\u00e9 de contr\u00f4le du 17 \u00e8 \narrondissement ou en cas de vacance temporaire, d'absence ou d'emp\u00eachement simultan\u00e9s, par un des \ninspecteurs du travail des unit\u00e9s de contr\u00f4le du 9 \u00e8 arrondissement, des 10 \u00e8 et 18\u00e8 ; du 12\u00e8 ; des 19 \u00e8 et 20\u00e8 \narrondissement ou des transports, ou par le responsable de l'unit\u00e9 de contr\u00f4le.  \n \nUnit\u00e9 de contr\u00f4le des 19\u00e8 et 20\u00e8 arrondissements : UC 19-20 \n \nL'int\u00e9rim du responsable de l'unit\u00e9 de contr\u00f4le est assur\u00e9 par l'un des responsables des unit\u00e9s de \ncontr\u00f4le des 1er et 2\u00e8 arrondissements, des 3 \u00e8, 4\u00e8 et 11\u00e8 arrondissements, du 9 \u00e8 arrondissement, des 10 \u00e8 et \n18\u00e8 arrondissements, du 12\u00e8 arrondissement, du 17\u00e8 arrondissement ou des transports. \n \nL'int\u00e9rim des inspecteurs du travail est assur\u00e9 par l'un des inspecteurs de l'unit\u00e9 de contr\u00f4le des 19 \u00e8 et \n20\u00e8 arrondissements ou en cas de vacance temporaire, d'absence ou d'emp\u00eachement simultan\u00e9s, par un \ndes inspecteurs du travail des unit\u00e9s de contr\u00f4le des 1 er et 2 \u00e8 arrondissements, des 3 \u00e8, 4 \u00e8 et 11 \u00e8 \narrondissements ou du 12\u00e8 arrondissement, ou par le responsable de l'unit\u00e9 de contr\u00f4le.  \n \nL'int\u00e9rim du contr\u00f4leur du travail est assur\u00e9 par l'un des agents de contr\u00f4le de l'unit\u00e9 de contr\u00f4le des 19 \u00e8 \net 20\u00e8 arrondissements ou en cas de vacance temporaire, d'absence ou d'emp\u00eachement simultan\u00e9s, par \nun des agents de contr\u00f4le des unit\u00e9s de contr\u00f4le  des 1 er et 2 \u00e8 arrondissements, 3 \u00e8, 4 \u00e8 et 11 \u00e8 \narrondissements ou du 12\u00e8 arrondissement. \n \n \n \n \nDirection r\u00e9gionale et interd\u00e9partementale de l'\u00e9conomie, de l'emploi, du travail et des solidarit\u00e9s d'\u00cele-de-France -\nIDF-2025-10-28-00027 - D\u00e9cision n\u00b0 2025 - 209 du 28 octobre 2025\nportant affectation des agents de contr\u00f4le dans les unit\u00e9s de contr\u00f4le et gestion des int\u00e9rims de l'unit\u00e9 d\u00e9partementale de Paris de la\nDRIEETS d'Ile-de-France\n11\n  \n                                                                                                                                                                                                                              5 / 8 \n \n \n \nUnit\u00e9 de contr\u00f4le Transport : UC TR \n \nL'int\u00e9rim du responsable de l'unit\u00e9 de contr\u00f4le est assur\u00e9 par l'un des responsables des unit\u00e9s de \ncontr\u00f4le des 1 er et 2\u00e8 arrondissements, des 3 \u00e8, 4\u00e8 et 11\u00e8 arrondissements, du 9 \u00e8arrondissement, des 10 \u00e8 et \n18\u00e8 arrondissements, du 12\u00e8 arrondissement, du 17\u00e8 arrondissement ou des 19\u00e8 et 20\u00e8 arrondissements. \n \nL'int\u00e9rim des inspecteurs du travail est assur\u00e9 par l'un des inspecteurs de l'unit\u00e9 de contr\u00f4le transport du \nd\u00e9partement ou en cas de vacance temporaire, d'absence ou d'emp\u00eachement simultan\u00e9s, par un des \ninspecteurs du travail des unit\u00e9s de contr\u00f4le du 9 \u00e8 arrondissement, des 10 \u00e8 et 18\u00e8 arrondissements ou du \n17\u00e8 arrondissement, ou par le responsable de l'unit\u00e9 de contr\u00f4le.  \n \nArticle 6 : Conform\u00e9ment aux dispositions de l'article R. 8122 -10 du Code du travail, les agents \nmentionn\u00e9s \u00e0 l'article 1 participent lorsque l'action le rend n\u00e9cessaire aux actions d'inspection de la \nl\u00e9gislation du travail sur le territoire de l'unit\u00e9 d\u00e9partementale de Paris.  \n \nArticle 7 : La pr\u00e9sente d\u00e9cision prend effet \u00e0 la date de sa publication et abroge la d\u00e9cision n\u00b0 2025 -206 \ndu 24 octobre 2025. \n \nArticle 8  : Le d irecteur r\u00e9gional et interd\u00e9partemental de l'\u00e9conomie, de l'emploi, du travail et des \nsolidarit\u00e9s d'Ile-de-France est charg\u00e9 de l'application de la pr\u00e9sente d\u00e9cision, qui sera publi\u00e9e au recueil \ndes actes administratifs de la r\u00e9gion d'\u00cele-de-France.  \n \n \n \nFait \u00e0 Saint-Denis, le 28 octobre 2025 \n \nLe Directeur r\u00e9gional et interd\u00e9partemental de l'\u00e9conomie, \nde l'emploi, du travail et des solidarit\u00e9s, \n \nSIGN\u00c9 \n \nFabrice MASI \nDirection r\u00e9gionale et interd\u00e9partementale de l'\u00e9conomie, de l'emploi, du travail et des solidarit\u00e9s d'\u00cele-de-France -\nIDF-2025-10-28-00027 - D\u00e9cision n\u00b0 2025 - 209 du 28 octobre 2025\nportant affectation des agents de contr\u00f4le dans les unit\u00e9s de contr\u00f4le et gestion des int\u00e9rims de l'unit\u00e9 d\u00e9partementale de Paris de la\nDRIEETS d'Ile-de-France\n12\nUC / Section d\u00e9cisions \u00e9ts. de \u00e9ts. deuc Section | Ardt NOM et Pr\u00e9nom Grade Interim administratives > de 50 salari\u00e9s + de 300 salari\u00e9s>1 mois Art. R.8122-11-1\u00b0 Art. R.8122-11-2\u00b0 Art. R.8122-11-2\u00b0UC 01-02 RUC | 12 PEYRON Patrice DATUC 01-02 1-1 1 MATHIEU Loic ITUC 01-02 12 1 GIP Fanny ITUC 01-02 13 1 MORISSEAU No\u00e9mie ITUC 01-02 14 1 CREANTOR Ars\u00e8ne ITUC 01-02 15 1 PONSE-KAHOUL Sarah ITUC 01-02 16 2 Int\u00e9rimaire IT SAHEL SamiaUC 01-02 1-7 2 BLANCHO Marco ITUC 01-02 1-8 2 SAHEL Samia ITUC 01-02 19 2 JACQUEMIN Fatim ITUC 01-02 1-10 2 int\u00e9rimaire IT MATHIEU LoicUC 01-02 1-11 2 CADIOU Benjamin ITUC0304-11 RUC | 34-11 CARPENTIER J\u00e9r\u00e9mie DATUC030411 3-1 3 HOFFMAN Mathilde ITUC0304-11 3-2 3 CHRISTELLE GLEMET ITUC030411 3-3 3 GRUNHARD Tom ITUC030411 34 4 Int\u00e9rimaire DAT RAMBAUD FrancoiseUC0304-11 3-5 4 RAMBAUD Fran\u00e7oise DATUC030411 34 11 PICHERY Maud IT\nUC030411 3-7 11 ELHABBAD Farida CT/IT MATHILDE HOFFMANN MATHILDE HOFFMANN MATHILDE HOFFMANNUC0304-11 38 11 LE HERICY DURAND Edouard ITUC030411 3-9 11 LAGARDE St\u00e9phane ITUC0304-11 3-10 11 int\u00e9rimaire IT JEREMIE CARPENTIERUC0304-11 3-11 11 DUSSEUX Elise ITUC 05-06-07 RUC | 567 TREMEL Pierre DATUC05-06-07 5-1 5 FUSINA Marc DATUC05-06-07 5-2 5 ALLARD JOLY Maud ITUC05-06-07 53 5 Int\u00e9rimaire TREMEL PierreUC05-06-07 54 6 GOMES Lionel ITUC05-06-07 55 6 MARVALIN Val\u00e9rie ITUC05-06-07 54 6 LABSSI Mom ITUC05-06-07 5-7 7 ZEROUALI Samira ITUC0506-07 58 7 DELOCHE Damien ITUC05-06-07 59 7 MEDJOUDJ-MEZHAR Noura ITUC 08 RUC 8 Gianni DINOCCA DATUC8 8-1 8 NGAMO NGELEBEYA Micha\u00ebl ITUC8 8-2 8 BOURJOLLY Nathalie ITuUC8 8-3 8 ROJBI Ismehen ITuCs 84 8 PENELA Catarina ITuUC8 85 8 BELOVA Eug\u00e9nie ITuUc8 86 8 MORTREUIL Florence ITUC8 8-7 8 Int\u00e9rimaire IT M\u00e9lissa SCHORSCHuUCc8 8-8 8 TISBA Nad\u00e8geUC8 8-9 8 SCHORSCH M\u00e9lissa ITuc8 8-10 8 SAVEAN Micheline CT/IT PENELA CatarinaUC 8 8-11 8 int\u00e9rimaire IT PENELA CatarinaUCc8 8-12 8 Jacques PETITIER ITuc8 8-13 8 FREDERIC Caroline ITUCs 8-14 8 Int\u00e9rimaire IT FREDERIC CarolineUC8 8-15 8 LAVABRE Virginie ITuc8 8-16 8 int\u00e9rimaire IT LAVABRE Virginie\n  \n                                                                                                                                                                                                                              6 / 8 \n \n \n \nAnnexe : \nTableau des affectations des agents de contr\u00f4le dans les unit\u00e9s de contr\u00f4le des services d'inspection du \nTravail de l'UD de Paris. Gestion des int\u00e9rims et de la suppl\u00e9ance. Annex\u00e9 \u00e0 la d\u00e9cision. \n \n \nDirection r\u00e9gionale et interd\u00e9partementale de l'\u00e9conomie, de l'emploi, du travail et des solidarit\u00e9s d'\u00cele-de-France -\nIDF-2025-10-28-00027 - D\u00e9cision n\u00b0 2025 - 209 du 28 octobre 2025\nportant affectation des agents de contr\u00f4le dans les unit\u00e9s de contr\u00f4le et gestion des int\u00e9rims de l'unit\u00e9 d\u00e9partementale de Paris de la\nDRIEETS d'Ile-de-France\n13\n  \n                                                                                                                                                                                                                              7 / 8 \n \n \n \n \nUC 09 RUC 9 Int\u00e9rim DAT HAMPARTZOUMIAN St\u00e9phane\nUC 09 9-1 9 VIDAL Roselyne IT\nUC 09 9-2 9 BLETTNER Honorine IT\nUC 09 9-3 9 PEREIRA C\u00e9line IT\nUC 09 9-4 9 HERER C\u00e9cile IT\nUC 09 9-5 9 HUMBERT James IT\nUC 09 9-6 9 GEAGEA Hanane IT\nUC 09 9-7 9 MORIO Caroline IT\nUC 09 9-8 9 AINSEBA Djamila IT\nUC 09 9-9 9 DEROO BLANQUART Laetitia DAT\nUC 09 9-10 9 JAKUBOWSKI Pierre CT / IT DEROO BLANQUART Laetitia DEROO BLANQUART Laetitia DEROO BLANQUART Laetitia\nUC 09 9-11 9 DELADREC Aurore IT\nUC 10-18 RUC 10-18 L'HOSTIS Ism\u00e9rie DAT\nUC 10-18 10-1 10 MANIER Christelle IT\nUC 10-18 10-2 10 MALLEVRE Philippe IT\nUC 10-18 10-3 10 GOY S\u00e9bastien IT\nUC 10-18 10-4 10 OU-RABAH Samuel IT\nUC 10-18 10-5 10 WATERNAUX Marion IT\nUC 10-18 10-6 10 KAPUSCINSKI Chlo\u00e9 IT\nUC 10-18 10-7 10 GOUT Philippe IT\nUC 10-18 10-8 10 int\u00e9rimaire IT L'HOSTIS Ism\u00e9rie\nUC 10-18 10-9 18 BOUR Abdehadi IT\nUC 10-18 10-10 18 int\u00e9rimaire IT WATERNAUX Marion\nUC 10-18 10-11 18 int\u00e9rimaire IT GOUT Philippe\nUC 10-18 10-12 18 RULLE Betty IT   \nUC 12 RUC 12 BRESSON Elo\u00efse DAT\nUC 12 12-1 12 RAMBAUD Louis IT\nUC 12 12-2 12 ANDRIEU David IT\nUC 12 12-3 12 CANGOU-MINOS Eliane IT GARCIA Jean-Michel\nUC 12 12-4 12 THOMASSET C\u00e9cile IT\nUC 12 12-5 12 JEAN-LOUIS Manuel IT\nUC 12 12-6 12 GARCIA Jean-Michel IT\nUC 12 12-7 12 EL-AIDOUI Ilhem IT\nUC 12 12-8 12 BRESSON Elo\u00efse DAT\nUC 13-14 RUC 13-14 LUGUET Emmanuel DAT\nUC 13-14 13-1 13 Int\u00e9rimaire IT LUGUET Emmanuel\nUC 13-14 13-2 13 ABDELGHANI Mourad IT\nUC 13-14 13-3 13 MARTEL Thierry IT\nUC 13-14 13-4 13 DOS SANTOS OLIVEIRA Carlos IT\nUC 13-14 13-5 13 MOUALHI Nisar IT\nUC 13-14 13-6 13 CHEVREAU Barbara IT\nUC 13-14 13-7 14 LANG Samira IT\nUC 13-14 13-8 14 SOK Angkeavattey IT\nUC 13-14 13-9 14 FULCHIGNONI Aurelia IT\nUC 13-14 13-10 14 MALBOIS Estelle IT\nUC 13-14 13-11 14 LOPES-PEREIRA Julia \u00a0\u00a0\u00a0\u00a0\u00a0\u00a0\u00a0\u00a0\u00a0\u00a0\u00a0\u00a0\u00a0\u00a0\u00a0\u00a0 IT\nUC 15 RUC 15 TRAN-VAN-TI Maximilien DAT\nUC 15 15-1 15 MUNIER Delphine IT\nUC 15 15-2 15 DUPONT Vanessa IT TRAN VAN TI Maximilien\nUC 15 15-3 15 LE NAOUR Marc IT\nUC 15 15-4 15 NOUCK Alice IT\nUC 15 15-5 15 MAILLET Christ\u00e8le IT\nUC 15 15-6 15 TOUNKARA Fatimata IT\nUC 15 15-7 15 ZERGOUG Same IT TOUNKARA Fatimata\nUC 15 15-8 15 BOLORE Benoit IT\nUC 15 15-9 15 JULIEN Jean-Christophe IT\nUC 16 RUC 16 BERTRAND Michel DAT\nUC 16 16-1 16 MAROTAUX Nathalie IT\nUC 16 16-2 16 HAUVILLE Anthony IT\nUC 16 16-3 16 DURAND Flora IT\nUC 16 16-4 16 SCHWOB Jean-Bernard IT / DAT BERTRAND Michel\nUC 16 16-5 16 LAVA Nathalie IT\nUC 16 16-6 16 BLANCHET Barbara IT\nUC 16 16-7 16 RAUBER Olivier IT\nUC 16 16-8 16 CAZEAUD Julie IT\n \n \n \nDirection r\u00e9gionale et interd\u00e9partementale de l'\u00e9conomie, de l'emploi, du travail et des solidarit\u00e9s d'\u00cele-de-France -\nIDF-2025-10-28-00027 - D\u00e9cision n\u00b0 2025 - 209 du 28 octobre 2025\nportant affectation des agents de contr\u00f4le dans les unit\u00e9s de contr\u00f4le et gestion des int\u00e9rims de l'unit\u00e9 d\u00e9partementale de Paris de la\nDRIEETS d'Ile-de-France\n14\n  \n                                                                                                                                                                                                                              8 / 8 \n \n \n \n \nUC 17 RUC 17 HAMPARTZOUMIAN St\u00e9phane DAT\nUC 17 17-1 17 FABRONI Nicole IT  \nUC 17 17-2 17 CLAIRFAYT Marine IT\nUC 17 17-3 17 NIELZ Emilie IT HAMPARTZOUMIAN St\u00e9phane\nUC 17 17-4 17  WESQUY Hugo IT\nUC 17 17-5 17 CHARCOSSET Aude IT\nUC 17 17-6 17 COHADE Marie IT\nUC 17 17-7 17 LESAINT Andr\u00e9a IT\nUC 19-20 RUC 19-20 AYMEN DE LAGEARD Lucile DAT\nUC 19-20 19-1 19 COHADE Marie IT\nUC 19-20 19-2 19 JORRO Elise IT\nUC 19-20 19-3 19 BRIAND Eric IT    \nUC 19-20 19-4 19 Int\u00e9rimaire IT COHADE Marie\nUC 19-20 19-5 19 REYNAUD Valentine IT\nUC 19-20 19-6 20 ARNUEL Herv\u00e9 CT/IT AYMEN DE LAGEARD Lucile AYMEN DE LAGEARD Lucile AYMEN DE LAGEARD Lucile\nUC 19-20 19-7 20 COUPE Claire IT\nUC 19-20 19-8 20 CHEURFA Loun\u00e8s IT\nUC 19-20 19-9 20 PEZ Marine IT\nUC TR RUC LOISET St\u00e9phane DAT\nUC TR TR-1  HUBERT Marie IT\nUC TR TR-2 BEAUD Arthur IT\nUC TR TR-3 AMOROSI L\u00e9a IT\nUC TR TR-4 BRIANTAIS Emeline IT\nUC TR TR-5 BURDIN Yann IT\nUC TR TR-6 Int\u00e9rimaire IT LOISET St\u00e9phane\n \nDirection r\u00e9gionale et interd\u00e9partementale de l'\u00e9conomie, de l'emploi, du travail et des solidarit\u00e9s d'\u00cele-de-France -\nIDF-2025-10-28-00027 - D\u00e9cision n\u00b0 2025 - 209 du 28 octobre 2025\nportant affectation des agents de contr\u00f4le dans les unit\u00e9s de contr\u00f4le et gestion des int\u00e9rims de l'unit\u00e9 d\u00e9partementale de Paris de la\nDRIEETS d'Ile-de-France\n15\nPr\u00e9fecture de la R\u00e9gion d'Ile de France,\nPr\u00e9fecture de Paris -Secr\u00e9tariat g\u00e9n\u00e9ral aux\nmoyens mutualis\u00e9s\nIDF-2025-10-28-00026\nArr\u00eat\u00e9 modifiant l'arr\u00eat\u00e9 n\u00b02023-06-27-00008\nportant nomination des membres du comit\u00e9\nlocal d'Ile-de-France du Fonds pour l'insertion\ndes personnes handicap\u00e9es dans la fonction\npublique\nPr\u00e9fecture de la R\u00e9gion d'Ile de France, Pr\u00e9fecture de Paris -Secr\u00e9tariat g\u00e9n\u00e9ral aux moyens mutualis\u00e9s - IDF-2025-10-28-00026 - Arr\u00eat\u00e9\nmodifiant l'arr\u00eat\u00e9 n\u00b02023-06-27-00008\nportant nomination des membres du comit\u00e9 local d'Ile-de-France du Fonds pour l'insertion des personnes handicap\u00e9es dans la\nfonction publique\n16\n\u2014\u2014\u00c0Libert\u00e9 + Egalit\u00e9 + Fraternit\u00e9R\u00c9PUBLIQUE FRAN\u00c7AISE\n \n \nPR\u00c9FET DE LA R\u00c9GION D'ILE-DE-FRANCE \n \nARRETE MODIFIANT  \nL'ARRETE N\u00b02023-06-27-00008  \nPORTANT NOMINATION DES MEMBRES \nDU COMITE LOCAL D'ILE- DE- FRANCE DU FONDS POUR L'INSERTION DES \nPERSONNES HANDICAPEES DANS LA FONCTION PUBLIQUE \n \n=========== \n \nLE PREFET DE LA REGION D'ILE-DE-FRANCE, \nPREFET DE PARIS \nGRAND OFFICIER DE LA LEGION D'HONNEUR \nOFFICIER DE L'ORDRE NATIONAL DU MERITE \n \n \n \nVU  le code du travail , notamment ses articles L.5212-1 et L.5214-1 ; \n \nVU  la loi n\u00b02005-102 modifi\u00e9e du 11 f\u00e9vrier 2005  pour l'\u00e9galit\u00e9 des droits et des \nchances, la participation et la citoyennet\u00e9 des per sonnes handicap\u00e9es, notamment \nson article 36 ; \n \nVU  la loi n\u00b0 2015-988 du 5 ao\u00fbt 2015 ratifiant l'o rdonnance n\u00b0 2014-1090 du 26 \nseptembre 2014 relative \u00e0 la mise en accessibilit\u00e9 des \u00e9tablisseme nts recevant du \npublic, des transports publics, des b\u00e2timents d'hab itation et de la voirie pour les \npersonnes handicap\u00e9es et visant \u00e0 favoriser l'acc\u00e8s  au service civique pour les \njeunes en situation de handicap ; \n \nVU  le d\u00e9cret n\u00b0 2006-501 modifi\u00e9 du 3 mai 2006  relatif au Fonds pour l'insertion des \npersonnes handicap\u00e9es dans la fonction publique ; \n \nVU   l'arr\u00eat\u00e9 n\u00b02023-06-27-00008 du 27 juin 2023 modifi\u00e9 portant nomination des membres \ndu comit\u00e9 local d'Ile-de-France du Fonds pour l'ins ertion des personnes handicap\u00e9es \ndans la fonction publique, \n \nSUR   proposition du pr\u00e9fet, secr\u00e9taire g\u00e9n\u00e9ral aux moy ens mutualis\u00e9s de la pr\u00e9fecture de \nla r\u00e9gion d'Ile-de-France, pr\u00e9fecture de Paris, \n \n \nARRETE \n \n \nArticle 1er : L'article 1er de l'arr\u00eat\u00e9 pr\u00e9fectoral n\u00b02023-06-27-00008 du 27 juin 2023 susvis\u00e9 \nest modifi\u00e9 comme suit : les mots \u00ab Madame Nellie V ACHET, direction des ressources \nhumaines et des organisations de l'universit\u00e9 Paris -Cit\u00e9 \u00bb sont remplac\u00e9s par les mots \n\u00ab Madame Laurine EL-FIL, cheffe du d\u00e9partement RPS,  \u00e9galit\u00e9 professionnelle et inclusion \nau sein de la direction g\u00e9n\u00e9rale d\u00e9l\u00e9gu\u00e9e aux resso urces humaines et aux organisations de \nl'universit\u00e9 Paris-Cit\u00e9 \u00bb.  \n \n \n \nPr\u00e9fecture de la R\u00e9gion d'Ile de France, Pr\u00e9fecture de Paris -Secr\u00e9tariat g\u00e9n\u00e9ral aux moyens mutualis\u00e9s - IDF-2025-10-28-00026 - Arr\u00eat\u00e9\nmodifiant l'arr\u00eat\u00e9 n\u00b02023-06-27-00008\nportant nomination des membres du comit\u00e9 local d'Ile-de-France du Fonds pour l'insertion des personnes handicap\u00e9es dans la\nfonction publique\n17\nArticle 2 : La liste des membres du comit\u00e9 local d'Ile-de-Franc e du Fonds pour l'insertion \ndes personnes handicap\u00e9es dans la fonction publique , telle que r\u00e9sultant des modifications \napport\u00e9es par le pr\u00e9sent arr\u00eat\u00e9, et des disposition s modifi\u00e9es de l'arr\u00eat\u00e9 du 27 juin 2023 \npr\u00e9cit\u00e9, figure en annexe du pr\u00e9sent arr\u00eat\u00e9 pour information. \n \n \nArticle 3 : Le pr\u00e9fet, secr\u00e9taire g\u00e9n\u00e9ral aux moyens mutuali s\u00e9s de la pr\u00e9fecture de la r\u00e9gion \nd'Ile-de-France, pr\u00e9fecture de Paris, est charg\u00e9 de  l'ex\u00e9cution du pr\u00e9sent arr\u00eat\u00e9 qui sera \npubli\u00e9 au recueil des actes administratifs de la pr \u00e9fecture de la r\u00e9gion d'Ile-de-France, \npr\u00e9fecture de Paris et accessible sur le site inter net de la pr\u00e9fecture de la r\u00e9gion d'Ile-de-\nFrance. \n \n \n \n Fait \u00e0 Paris, le 28 octobre 2025 \n \n \n \nPour le pr\u00e9fet de la r\u00e9gion d'Ile-de-France,  \nPr\u00e9fet de Paris et par d\u00e9l\u00e9gation \nLe pr\u00e9fet, secr\u00e9taire g\u00e9n\u00e9ral aux moyens \nmutualis\u00e9s de la pr\u00e9fecture de la r\u00e9gion d'Ile-de-\nFrance, pr\u00e9fecture de Paris \n \n \nSIGN\u00c9 \n \nSt\u00e9phane BRUNOT \n \n \n \n \n \n \n \n \n \n \n \n \n \n \n \n \n \n \n \n \n \n \n \nPr\u00e9fecture de la R\u00e9gion d'Ile de France, Pr\u00e9fecture de Paris -Secr\u00e9tariat g\u00e9n\u00e9ral aux moyens mutualis\u00e9s - IDF-2025-10-28-00026 - Arr\u00eat\u00e9\nmodifiant l'arr\u00eat\u00e9 n\u00b02023-06-27-00008\nportant nomination des membres du comit\u00e9 local d'Ile-de-France du Fonds pour l'insertion des personnes handicap\u00e9es dans la\nfonction publique\n18\nAnnexe de l'arr\u00eat\u00e9 modifiant l'arr\u00eat\u00e9 pr\u00e9fectoral n\u00b02023-06-27-00008 du 27 juin 2023 \nportant nomination des membres du comit\u00e9 local d'Ile-de-France du Fonds pour \nl'insertion des personnes handicap\u00e9es dans la fonction publique, \n \nListe des membres du comit\u00e9 local d'Ile-de-France du Fonds pour l'insertion des \npersonnes handicap\u00e9es dans la fonction publique, telle que r\u00e9sultant des \nmodifications apport\u00e9es par le pr\u00e9sent arr\u00eat\u00e9, et des dispositions modifi\u00e9es de l'arr\u00eat\u00e9 \ndu 27 juin 2023 pr\u00e9cit\u00e9 \n \n \n \nAu titre des repr\u00e9sentants de la fonction publique de l'Etat : \n \n\u2022 Le pr\u00e9fet de la r\u00e9gion d'Ile-de-France ou son repr \u00e9sentant, pr\u00e9sident,  \n \nEn qualit\u00e9 de membres titulaires \n\u2022 Monsieur Yann-Ga\u00ebl JAFFR\u00c9, directeur de la plate-f orme r\u00e9gionale d'appui \ninterminist\u00e9riel \u00e0 la gestion des ressources humaines (PFRH) d'Ile-de-France, \n\u2022 Monsieur Julien LABEYRIE, directeur des ressources  humaines de l'Universit\u00e9 \nPanth\u00e9on-Assas. \n \nEn qualit\u00e9 de membres suppl\u00e9ants \n\u2022 Monsieur Christophe RENGNET-FONTAINE, conseiller e n action sociale et en \nenvironnement professionnel de la PFRH d'Ile-de-France, \n\u2022 Madame Laurine EL-FIL, cheffe du d\u00e9partement RPS, \u00e9galit\u00e9 professionnelle et \ninclusion au sein de la direction g\u00e9n\u00e9rale d\u00e9l\u00e9gu\u00e9e  aux ressources humaines et aux \norganisations de l'universit\u00e9 Paris-Cit\u00e9. \n \nAu titre de repr\u00e9sentants des employeurs de la fonction publique territoriale : \n \nEn qualit\u00e9 de membres titulaires \n\u2022 Madame C\u00e9line MARTIN, 2\u00e8me adjointe au maire de Vi ncennes (94), \n\u2022 Monsieur Daniel CORNALBA, maire de l'Etang-la-Vill e (78), \n\u2022 Madame Fran\u00e7oise DESCAMPS-CROSNIER, conseill\u00e8re mu nicipale de Rosny-sur-\nSeine (78). \n \nEn qualit\u00e9 de membres suppl\u00e9ants \n\u2022 Madame Le\u00efla SLIMANE, adjointe au maire de Pantin (93), \n\u2022 Madame Sita DIARRASSOUBA-CISSE, conseill\u00e8re munici pale de Villiers-sur-Marne \n(94), \n\u2022 Madame H\u00e9l\u00e8ne LERAITRE, adjointe au maire de Saint -Maur-des-Foss\u00e9s (94). \n \nAu titre de repr\u00e9sentants des employeurs de la fonction publique hospitali\u00e8re : \n \nEn qualit\u00e9 de membres titulaires \n\u2022 Monsieur J\u00e9r\u00f4me SONTAG, directeur du p\u00f4le RH du GH T Plaine-de-France et \ndirecteur d\u00e9l\u00e9gu\u00e9 du CH de Gonesse, \n\u2022 Madame Emeline LACROZE, directrice de l'ESAT Marso ulan - IME Livry-Gargan et \nde l'IME Jean-Marc Itard. \n  \nEn qualit\u00e9 de membres suppl\u00e9ants \n\u2022 Madame Isabelle PERSEC, d\u00e9l\u00e9gu\u00e9e r\u00e9gionale FHF Ile -de-France, \n\u2022 Monsieur \u00c9ric CLAPIER, d\u00e9l\u00e9gu\u00e9 r\u00e9gional adjoint FH F Ile-de-France. \n \nPr\u00e9fecture de la R\u00e9gion d'Ile de France, Pr\u00e9fecture de Paris -Secr\u00e9tariat g\u00e9n\u00e9ral aux moyens mutualis\u00e9s - IDF-2025-10-28-00026 - Arr\u00eat\u00e9\nmodifiant l'arr\u00eat\u00e9 n\u00b02023-06-27-00008\nportant nomination des membres du comit\u00e9 local d'Ile-de-France du Fonds pour l'insertion des personnes handicap\u00e9es dans la\nfonction publique\n19\nAu titre de repr\u00e9sentants des personnels : \n  \nEn qualit\u00e9 de membres titulaires \n\u2022 Monsieur Hugues THIBAULT, CFE-CGC, \n\u2022 Monsieur Vincent GUERIN, CFDT, \n\u2022 Madame Solange SAIDI, FO, \n\u2022 Madame D\u00e9borah MARY, Solidaires, \n\u2022 Madame S\u00e9verine AUMONT, FA-FP, \n\u2022 Madame St\u00e9phanie LEPERA, CGT,  \n\u2022 Madame Sokom MARIGOT, UNSA, \n\u2022 Monsieur Patrice LEGUERINAIS, FSU. \n \nEn qualit\u00e9 de membres suppl\u00e9ants \n\u2022 Madame Asma FELIU, CFE-CGC, \n\u2022 En cours de d\u00e9signation, \n\u2022 Monsieur Quentin MELINE, FO, \n\u2022 En cours de d\u00e9signation,  \n\u2022 Monsieur Fabien GOLFIER, FA-FP \n\u2022 Madame Corine PEREUR, CGT, \n\u2022 Madame Ka\u00efna CHEKKAL, UNSA, \n\u2022 Madame Emmanuelle JOLLET, FSU. \n \nAu titre de repr\u00e9sentants des associations ou organ ismes regroupant des personnes \nhandicap\u00e9es : \n \nEn qualit\u00e9 de membres titulaires \n\u2022 Madame Sophie TORTOSA, Ligue fran\u00e7aise contre la s cl\u00e9rose en plaques, \n\u2022 Monsieur Pascal FLEURY, Association Valentin Ha\u00fcy,  \n\u2022 Monsieur Andr\u00e9 MASIN, AFG-Autisme, \n\u2022 Madame Alix VIEL, UNAFAM. \n \nEn qualit\u00e9 de membres suppl\u00e9ants \n\u2022 Monsieur Pierre-Emmanuel ROBERT, APF France Handic ap, \n\u2022 Madame Nacira SEDRANI, Association BienH\u00eatre, \n\u2022 Monsieur Pierre BONNARD, AFG-Autisme, \n\u2022 Madame Jacqueline CHATELAIN, UNAFAM. \n \nAssistent, sans voix d\u00e9lib\u00e9rative, aux s\u00e9ances du c omit\u00e9, la personne suivante \nd\u00e9sign\u00e9e en raison de ses comp\u00e9tences dans le domaine du handicap : \n \n\u2022 Monsieur Henri LOPEZ, expert handicap et r\u00e9f\u00e9rent handicap action sociale \ninterminist\u00e9rielle, \n\u2022 Madame Anne-C\u00e9cile RICHARD, d\u00e9l\u00e9gu\u00e9e r\u00e9gionale CHE OPS Ile-de-France, r\u00e9seau \nCap Emploi, \n\u2022 Madame Islam EL ACHAOUI, directrice du centre de r \u00e9adaptation professionnelle de \nSillery et membre de la FAGERH. \n \nAssistent \u00e9galement, sans voix d\u00e9lib\u00e9rative, aux s\u00e9ances du comit\u00e9 : \n \n\u2022 Le Directeur r\u00e9gional des finances publiques d'Ile -de-France et du d\u00e9partement de \nParis ou son repr\u00e9sentant, \n\u2022 Monsieur Franck LASADE, directeur territorial FIPH FP \u2013 Banque des Territoires \u2013 \nDirection r\u00e9gionale Ile-de-France. \n \nPr\u00e9fecture de la R\u00e9gion d'Ile de France, Pr\u00e9fecture de Paris -Secr\u00e9tariat g\u00e9n\u00e9ral aux moyens mutualis\u00e9s - IDF-2025-10-28-00026 - Arr\u00eat\u00e9\nmodifiant l'arr\u00eat\u00e9 n\u00b02023-06-27-00008\nportant nomination des membres du comit\u00e9 local d'Ile-de-France du Fonds pour l'insertion des personnes handicap\u00e9es dans la\nfonction publique\n20","date":"2025-10-30","first_seen_on":"2025-10-30T18:11:58+00:00","id":"b23c442c010ef47fa1560e85ff1fe8818bd1d61913bafbf3bb5b4ee0112af469","name":"recueil-idf-068-2025-10-RAA-nominatifs du 30.10.2025","pdf_creation_date":"2025-10-30T16:05:27+00:00","pdf_modification_date":null,"timezone":"Europe/Paris","url":"https://www.prefectures-regions.gouv.fr/ile-de-france/irecontenu/telechargement/132260/970797/file/recueil-idf-068-2025-10-RAA-nominatifs%20du%2030.10.2025.pdf"}
