{"administration":"pref30","administration_name":"Pr\u00e9fecture du Gard","content":"PR\u00c9FET\nDU GARD\nRECUEIL DES ACTES\nADMINISTRATIFS SP\u00c9CIAL\n(NOMINATIFS)\nN\u00b030-2026-013\nPUBLI\u00c9 LE 23 JANVIER 2026\nSommaire\nDirection d\u00e9partementale de l'\u00e9conomie, de l'emploi, du travail et des\nsolidarit\u00e9s  /\n30-2026-01-19-00008 - R\u00e9c\u00e9piss\u00e9 d\u00e9claration services \u00e0 la\npersonne ANAJGAR Youssra 25112025 \u00e0 Beaucaire (2 pages) Page 3\n30-2026-01-20-00003 - R\u00e9c\u00e9piss\u00e9 d\u00e9claration services \u00e0 la\npersonne BOUBOULEIX Shannon 18122025 \u00e0 Uchaud (2 pages) Page 6\n2\nDirection d\u00e9partementale de l'\u00e9conomie, de\nl'emploi, du travail et des solidarit\u00e9s \n30-2026-01-19-00008\nR\u00e9c\u00e9piss\u00e9 d\u00e9claration services \u00e0 la personne\nANAJGAR Youssra 25112025 \u00e0 Beaucaire\nDirection d\u00e9partementale de l'\u00e9conomie, de l'emploi, du travail et des solidarit\u00e9s  - 30-2026-01-19-00008 - R\u00e9c\u00e9piss\u00e9 d\u00e9claration\nservices \u00e0 la personne ANAJGAR Youssra 25112025 \u00e0 Beaucaire 3\nPREFET Direction D\u00e9partementaleDU GARD de l'Emploi, du Travail et des Solidarit\u00e9sLibe rteEgalit\u00e9Fraternit\u00e9\nR\u00e9c\u00e9piss\u00e9 de d\u00e9claration n\u00b0 30-2026-01-19-n\u00b0d'un organisme de services \u00e0 la personneenregistr\u00e9 sous le n\u00b0 SAP 929826345Le pr\u00e9fet du GardChevalier de la L\u00e9gion d'HonneurOfficier de l'Ordre National du M\u00e9riteVu le code du travail et notamment les articles L.7231-1 \u00e0 L.7233-2, R.7232-18 \u00e0 R.7232-24, D.7231-1 et D.7233-1 \u00e0 D.7233-5:Vu l'arr\u00eat\u00e9 du ministre de l'Int\u00e9rieur et des outre-mer du 30 janvier 2024 nommant Mme SophieBOUDOT, attach\u00e9e d'administration hors classe de l'\u00e9tat, directrice d\u00e9partementale, de l'emploi, dutravail et des solidarit\u00e9s du Gard, \u00e0 compter du 19 f\u00e9vrier 2024 ;Vu l'arr\u00eat\u00e9 du 19 f\u00e9vrier 2024 donnant d\u00e9l\u00e9gation de signature \u00e0 Madame Sophie BOUDOT, directriced\u00e9partementale de l'emploi, du travail et des solidarit\u00e9s du Gard ;Vu l'arr\u00eat\u00e9 du 19 f\u00e9vrier 2025 portant subd\u00e9l\u00e9gation aux agents de la direction d\u00e9partementale del'emploi, du travail et des solidarit\u00e9s ;Vu la circulaire DGE du 03 janvier 2025 relative aux activit\u00e9s de services \u00e0 la personne : d\u00e9claration etagr\u00e9ment des organismes deservices \u00e0 la personne ;Constate :Qu'une d\u00e9claration d'activit\u00e9s de services \u00e0 la personne a \u00e9t\u00e9 d\u00e9pos\u00e9e aupr\u00e8s de la directiond\u00e9partementale de l'emploi, du travail et des solidarit\u00e9s, le 25/11/2025, par Madame ANAJGARYoussra en qualit\u00e9 de responsable, pour l'organisme Chez Youssra Siret N\u00b092982634500019 dontl'\u00e9tablissement principal est situ\u00e9 au 3668 chemin de Beauvoir, 30300 Beaucaire et enregistr\u00e9e sousle n\u00b0 SAP 929826345 ;Que les activit\u00e9s d\u00e9clar\u00e9es en mode prestataire sont les suivantes :o Entretien de la maison et travaux m\u00e9nagersToute modification concernant les activit\u00e9s exerc\u00e9es devra faire l'objet d'une d\u00e9claration modificativepr\u00e9alable.Sous r\u00e9serve d'\u00eatre exerc\u00e9es \u00e0 titre exclusif (ou sous r\u00e9serve d'une comptabilit\u00e9 s\u00e9par\u00e9e pour lespersonnes morales dispens\u00e9es de cette condition), ces activit\u00e9s ouvrent droit au b\u00e9n\u00e9fice desdispositions des articles L. 7233-2 du code du travail et L. 241-10 du code de la s\u00e9curit\u00e9 sociale dansles conditions pr\u00e9vues par ces articles.Les effets de la d\u00e9claration courent \u00e0 compter du jour du d\u00e9p\u00f4t de la d\u00e9claration sous r\u00e9serve desdispositions de l'article R.7232-18 du code du travail.Le pr\u00e9sent r\u00e9c\u00e9piss\u00e9 est \u00e0 port\u00e9e nationale et n'est pas limit\u00e9 dans le temps, \u00e0 l'exception desactivit\u00e9s relevant de l'agr\u00e9ment dont les effets sont limit\u00e9s \u00e0 5 ans.\nMas de l'Agriculture - 1120 route de Saint Gilles - BP 39081 - 30972 NIMES CEDEX 9T\u00e9l : 04 30 08 61 20 Fax : 04 30 08 61 21 www.gard.gouv.fr\nDirection d\u00e9partementale de l'\u00e9conomie, de l'emploi, du travail et des solidarit\u00e9s  - 30-2026-01-19-00008 - R\u00e9c\u00e9piss\u00e9 d\u00e9claration\nservices \u00e0 la personne ANAJGAR Youssra 25112025 \u00e0 Beaucaire 4\nL'enregistrement de la d\u00e9claration peut \u00eatre retir\u00e9 dans les conditions fix\u00e9es aux articles R.7232-20 aR.7232-22 du code du travail.Le pr\u00e9sent r\u00e9c\u00e9piss\u00e9 sera publi\u00e9 au recueil des actes administratifs de la pr\u00e9fecture du Gard.Voies de recours :La pr\u00e9sente d\u00e9cision peut, \u00e0 compter de sa publication, faire l'objet d'un recours gracieux aupr\u00e8s de laDirection D\u00e9partementale de l'Emploi, du Travail et des Solidarit\u00e9s- Mas de l'Agriculture \u2014 1120 routede Saint Gilles \u2014 BP 39081 \u2014 30972 NIMES CEDEX 9 ou d'un recours hi\u00e9rarchique adress\u00e9 auministre charg\u00e9 de l'\u00e9conomie - Direction g\u00e9n\u00e9rale des entreprises - sous-direction des servicesmarchands, 6, rue Louise Weiss, 75703 'Paris cedex13.Elle peut \u00e9galement faire l'objet d'un recours contentieux dans un d\u00e9lai de deux mois \u00e0 compter de sapublication aupr\u00e8s du Tribunal administratif de N\u00eemes - 16 avenue Feuch\u00e8res - 30000 N\u00eemes.Le tribunal administratif peut \u00eatre saisi par l'application informatique \u00ab T\u00e9l\u00e9recours citoyen \u00bbaccessible sur le site internet www.telerecours.fr.En cas de rejet du recours gracieux ou hi\u00e9rarchique ou en l'absence de r\u00e9ponse a ce recours (rejetimplicite), un recours contentieux devant le tribunal administratif peut \u00e9galement \u00eatre form\u00e9 contre lad\u00e9cision initiale dans un d\u00e9lai de deux mois \u00e0 compter de ce rejet.\nFait \u00e0 N\u00eemes, le 19 janvier 2026.\na directrice d\u00e9partementalede l'emploi, du travailet des solidarit\u00e9s du Gard_ et par d\u00e9l\u00e9gation\nDirection d\u00e9partementale de l'\u00e9conomie, de l'emploi, du travail et des solidarit\u00e9s  - 30-2026-01-19-00008 - R\u00e9c\u00e9piss\u00e9 d\u00e9claration\nservices \u00e0 la personne ANAJGAR Youssra 25112025 \u00e0 Beaucaire 5\nDirection d\u00e9partementale de l'\u00e9conomie, de\nl'emploi, du travail et des solidarit\u00e9s \n30-2026-01-20-00003\nR\u00e9c\u00e9piss\u00e9 d\u00e9claration services \u00e0 la personne\nBOUBOULEIX Shannon 18122025 \u00e0 Uchaud\nDirection d\u00e9partementale de l'\u00e9conomie, de l'emploi, du travail et des solidarit\u00e9s  - 30-2026-01-20-00003 - R\u00e9c\u00e9piss\u00e9 d\u00e9claration\nservices \u00e0 la personne BOUBOULEIX Shannon 18122025 \u00e0 Uchaud 6\nExPREFET Direction D\u00e9partementaleDU GARD de l'Emploi, du Travail et des Solidarit\u00e9sLibert\u00e9Egalit\u00e9Fraternit\u00e9\nR\u00e9c\u00e9piss\u00e9 de d\u00e9claration n\u00b0 30-2026-01-20-n\u00b0d'un organisme de services \u00e0 la personneenregistr\u00e9 sous le n\u00b0 SAP 995282357Le pr\u00e9fet du GardChevalier de la L\u00e9gion d'HonneurOfficier de l'Ordre National du M\u00e9riteVu le code du travail et notamment les articles L.7231-1 \u00e0 L.7233-2, R.7232-18 \u00e0 R.7232-24, D.7231-1 et D.7233-1 \u00e0 D.7233-5 ;Vu l'arr\u00eat\u00e9 du ministre de l'Int\u00e9rieur et des outre-mer du 30 janvier 2024 nommant Mme SophieBOUDOT, attach\u00e9e d'administration hors classe de l'\u00e9tat, directrice d\u00e9partementale, de l'emploi, dutravail et des solidarit\u00e9s du Gard, \u00e0 compter du 19 f\u00e9vrier 2024 ;Vu l'arr\u00eat\u00e9 du 19 f\u00e9vrier 2024 donnant d\u00e9l\u00e9gation de signature \u00e0 Madame Sophie BOUDOT, directriced\u00e9partementale de l'emploi, du travail et des solidarit\u00e9s du Gard ;Vu l'arr\u00eat\u00e9 du 19 f\u00e9vrier 2025 portant subd\u00e9l\u00e9gation aux agents de la direction d\u00e9partementale del'emploi, du travail et des solidarit\u00e9s ;Vu la circulaire DGE du 03 janvier 2025 relative aux activit\u00e9s de services \u00e0 la personne : d\u00e9claration etagr\u00e9ment des organismes de services \u00e0 la personne ;\nConstate :Qu'une d\u00e9claration d'activit\u00e9s de services \u00e0 la personne a \u00e9t\u00e9 d\u00e9pos\u00e9e aupr\u00e8s de la directiond\u00e9partementale de l'emploi, du travail et des solidarit\u00e9s, le 18 d\u00e9cembre 2025, par MadameBOUBOULEIX Shannon en qualit\u00e9 de responsable, pour l'organisme BOUBOULEIX Shannon SiretN\u00b099528235700012 dont l'\u00e9tablissement principal est situ\u00e9 au 7 Impasse des Muriers 30620UCHAUD et enregistr\u00e9e sous le n\u00b0 SAP 995282357 ;Que cette d\u00e9claration est assortie d'une demande de dispense de la condition d'activit\u00e9 exclusive ;Que les activit\u00e9s d\u00e9clar\u00e9es en mode prestataire sont les suivantes :o Entretien de la-maison et travaux m\u00e9nagerso Petits travaux de jardinageo Travaux de petit bricolageo Garde d'enfants de plus de 3 ans \u00e0 domicileo Pr\u00e9paration de repas \u00e0 domicileo Livraison de repas \u00e0 domicileo Livraison de courses \u00e0 domicileo Maintenance, entretien et vigilance temporaires \u00e0 domicile\nMas de l'Agriculture - 1120 route de Saint Gilles \u2014- BP 39081 - 30972 NIMES CEDEX 9T\u00e9l : 04 30 08 61 20 Fax : 04 30 08 61 21 www.gard.gouv.fr\nDirection d\u00e9partementale de l'\u00e9conomie, de l'emploi, du travail et des solidarit\u00e9s  - 30-2026-01-20-00003 - R\u00e9c\u00e9piss\u00e9 d\u00e9claration\nservices \u00e0 la personne BOUBOULEIX Shannon 18122025 \u00e0 Uchaud 7\no Accompagnement des enfants de plus de 3 ans dans leurs d\u00e9placements\nToute modification concernant les activit\u00e9s exerc\u00e9es devra faire l'objet d'une d\u00e9claration modificativepr\u00e9alable.Sous r\u00e9serve d'\u00eatre exerc\u00e9es \u00e0 titre exclusif ou du respect des conditions de d\u00e9rogation del'activit\u00e9 exclusive (pr\u00e9vues aux articles 1 et 2 du d\u00e9cret 25 juillet 2024), ces activit\u00e9s ouvrent droitau b\u00e9n\u00e9fice des dispositions des articles L. 7233-2 du code du travail et L. 241-10 du code de las\u00e9curit\u00e9 sociale dans les conditions pr\u00e9vues par ces articles.Les effets de la d\u00e9claration courent \u00e0 compter du jour du d\u00e9p\u00f4t de la d\u00e9claration sous r\u00e9serve desdispositions de l'article R.7232-18 du code du travail.Le pr\u00e9sent r\u00e9c\u00e9piss\u00e9 est \u00e0 port\u00e9e nationale et n'est pas limit\u00e9 dans le temps, \u00e0 l'exception desactivit\u00e9s relevant de l'agr\u00e9ment dont les effets sont limit\u00e9s \u00e0 5 ans.L'enregistrement de la d\u00e9claration peut \u00eatre retir\u00e9 dans les conditions fix\u00e9es aux articles R.7232-20 \u00e0R.7232-22 du code du travail.Le pr\u00e9sent r\u00e9c\u00e9piss\u00e9 sera publi\u00e9 au recueil des actes administratifs de la pr\u00e9fecture du Gard.Voies de recours :La pr\u00e9sente d\u00e9cision peut, \u00e0 compter de sa publication, faire l'objet d'un recours gracieux aupr\u00e8s de laDirection D\u00e9partementale de l'Emploi, du Travail et des Solidarit\u00e9s- Mas de l'Agriculture \u2014 1120 routede Saint Gilles \u2014 BP 39081 \u2014 30972 NIMES CEDEX 9 ou d'un recours hi\u00e9rarchique adress\u00e9 auministre charg\u00e9 de l'\u00e9conomie - Direction g\u00e9n\u00e9rale des entreprises - sous-direction des servicesmarchands, 6, rue Louise Weiss, 15103 Paris cedex13.Elle peut \u00e9galement faire l'objet d'un recours contentieux dans un d\u00e9lai de deux mois \u00e0 compter de sapublication aupr\u00e8s du Tribunal administratif de Nimes - 16 avenue Feuch\u00e8res - 30000 Nimes.Le tribunal administratif peut \u00eatre saisi par l'application informatique \u00ab T\u00e9l\u00e9recours citoyen \u00bbaccessible sur le site internet www.telerecours.fr.En cas de rejet du recours gracieux ou hi\u00e9rarchique ou en l'absence de r\u00e9ponse \u00e0 ce recours (rejetimplicite), un recours contentieux devant le tribunal administratif peut \u00e9galement \u00eatre form\u00e9 contre lad\u00e9cision initiale dans un d\u00e9lai de deux mois \u00e0 compter de ce rejet.Fait \u00e0 N\u00eemes, le 20 janvier 2026\nP/La directrice d\u00e9partementalel'emploi, du travailet des solidarit\u00e9s du Gardt par d\u00e9l\u00e9gation _Le directeur d\u00e9partemental adjointenaud MORIN\nDirection d\u00e9partementale de l'\u00e9conomie, de l'emploi, du travail et des solidarit\u00e9s  - 30-2026-01-20-00003 - R\u00e9c\u00e9piss\u00e9 d\u00e9claration\nservices \u00e0 la personne BOUBOULEIX Shannon 18122025 \u00e0 Uchaud 8","date":"2026-01-23","first_seen_on":"2026-01-23T17:23:56+00:00","id":"b27177078ea0d5e225ce6728c13e98923ba10f56a4dfa226dba5decef8e1bcda","name":"recueil-30-2026-013-nominatifs du 23 01 2026","pdf_creation_date":"2026-01-23T15:28:09+00:00","pdf_modification_date":null,"timezone":"Europe/Paris","url":"https://www.gard.gouv.fr/contenu/telechargement/66664/490288/file/recueil-30-2026-013-nominatifs%20du%2023%2001%202026.pdf"}
