{"administration":"pref72","administration_name":"Pr\u00e9fecture de la Sarthe","content":"SARTHE\nRECUEIL DES ACTES\nADMINISTRATIFS\nN\u00b0 07 11 2025 \nPUBLI\u00c9 LE  7 NOVEMBRE 2025\nSommaire\nCour d'Appel d'Angers /\n72-2025-10-27-00002 - COUR D'APPEL D'ANGERS - RATTACHEMENT DES\nCHARGES, PRODUITS ET PROVISIONS A L'EXERCICE 2025 - DESIGNATION\nDU RESPONSABLE DE RATTACHEMENT (1 page) Page 3\nDDETS /\n72-2025-09-03-00005 - recep cessati COMMON (1 page) Page 5\n72-2025-08-28-00005 - recep cessati FULA NKUBAdocx (1 page) Page 7\n72-2025-09-10-00004 - recep d\u00e9c NETACLEAN (2 pages) Page 9\nPr\u00e9fecture de la Sarthe /\n72-2025-11-07-00003 - Arr\u00eat\u00e9 conjoint fixant la liste des membres ayant\nvoix consultative de la Commission d'Information et de S\u00e9lection\nd'Appel \u00e0 Projet social plac\u00e9e aupr\u00e8s du Pr\u00e9fet de la Sarthe et du\nPr\u00e9sident du Conseil d\u00e9partemental de la Sarthe, pour la cr\u00e9ation\nd'un service d'Action \u00c9ducative en Milieu Ouvert (AEMO) et\nd'Action \u00c9ducative en Milieu Ouvert Renforc\u00e9e (AEMO R) dans le\nd\u00e9partement de la Sarthe (3 pages) Page 12\n72-2025-11-07-00002 - Arr\u00eat\u00e9 conjoint fixant la liste des membres ayant\nvoix d\u00e9lib\u00e9rative et consultative \u00e0 titre permanent de la Commission\nd'Information et de S\u00e9lection d'Appel \u00e0 Projet social plac\u00e9e aupr\u00e8s\ndu Pr\u00e9fet de la Sarthe et du Pr\u00e9sident du Conseil d\u00e9partemental de la\nSarthe, concernant les appels \u00e0 projets relevant de leurs comp\u00e9tences\nconjointes (4 pages) Page 16\nPr\u00e9fecture de la Sarthe / DCPPAT\n72-2025-11-03-00001 - DCPPAT 2025 - 0324 (8 pages) Page 21\nPr\u00e9fecture de la Sarthe / Service des S\u00e9curit\u00e9s\n72-2025-11-06-00001 - Vid\u00e9oprotection provisoire-Le Mans-rue Gustave\nCourbet-raa (2 pages) Page 30\n2\nCour d'Appel d'Angers\n72-2025-10-27-00002\nCOUR D'APPEL D'ANGERS - RATTACHEMENT\nDES CHARGES, PRODUITS ET PROVISIONS A\nL'EXERCICE 2025 - DESIGNATION DU\nRESPONSABLE DE RATTACHEMENT\nCour d'Appel d'Angers - 72-2025-10-27-00002 - COUR D'APPEL D'ANGERS - RATTACHEMENT DES CHARGES, PRODUITS ET\nPROVISIONS A L'EXERCICE 2025 - DESIGNATION DU RESPONSABLE DE RATTACHEMENT 3\nMINISTEREDE LA JUSTICELibert\u00e9Egalit\u00e9Fraternit\u00e9\n \n \n \nCOUR D'APPEL D'ANGERS \n \n \n \n  \nINVENTAIRE DE L'ETAT \u2013 CLOTURE DE LA GESTION 2025 \n \nRATTACHEMENT DES CHARGES,  PRODUITS ET PROVISIONS \n A L'EXERCICE  2025 \n \nD\u00e9cision portant d\u00e9signation du responsable de rattachement \n \n \n \n \nLE PREMIER PRESIDENT DE LA COUR D'APPEL D'ANGERS \net \nLA PROCUREURE GENERALE PRES LADITE COUR \n \n \nDans le cadre de l'\u00e9tablissement de l'inventaire des charges, produits et provisions pour charges \u00e0 rattacher \u00e0 l'exercice \n2025, \n \nSur proposition du directeur d\u00e9l\u00e9gu\u00e9 \u00e0 l'administration r\u00e9gionale judiciaire,  \n \nDECIDENT  \n \nArticle 1er : \nMadame La\u00ebtitia LEROY, directrice des services de greffe judiciaires, responsable de la gestion  budg\u00e9taire au service \nadministratif r\u00e9gional de la cour d'appel d'A ngers et Monsieur Didier BAREL, greffier responsable de la gestion \nbudg\u00e9taire adjoint, sont d\u00e9sign\u00e9s, respectivement, en qualit\u00e9 de responsable de rattachement  et de responsable de \nrattachement suppl\u00e9ant pour le ressort de la c our d'appel d'Angers et b\u00e9n\u00e9ficient dans ce cadre d'une d\u00e9l\u00e9gation de \nsignature ; \n \nArticle 2 : \nEn cette qualit\u00e9 , Madame LEROY ou, en cas d'emp\u00eachement , Monsieur BAREL,  contr\u00f4leront en amont tous les \n\u00e9l\u00e9ments d'information et toutes les pi\u00e8ces justificatives destin\u00e9s au p\u00f4le CHORUS pour enregistrement des \u00e9critures \ndans l'outil CHORUS COEUR ; \n \nArticle 3 : \nLa pr\u00e9sente d\u00e9cision sera notifi\u00e9e \u00e0 M adame LEROY, \u00e0 Monsieur BAREL, et commun iqu\u00e9e au directeur d\u00e9 l\u00e9gu\u00e9 \u00e0 \nl'administration r\u00e9gionale judiciaire de  la cour d'appel de Rennes, ainsi qu'\u00e0 Monsieur le directeur r\u00e9gional des \nFinances Publiques de Bretagne et d'Ille et Vilaine.  Elle sera publi\u00e9e au recueil des actes administratifs des \nd\u00e9partements de Maine-et-Loire, Mayenne et Sarthe. \n \nFait \u00e0 ANGERS, le 27 octobre 2025. \n \n \n    LA PROCUREURE GENERALE,                           LE  PREMIER PRESIDENT,  \n                           \n                Sign\u00e9          Sign\u00e9  \n      \n \n         Carole ETIENNE                   Nicolas HOUX \n           \n \nSuit un sp\u00e9cimen de la signature des personnes d\u00e9sign\u00e9es : \n \n \n          La\u00ebtitia LEROY  :                                                                            Didier BAREL : \nCour d'Appel d'Angers - 72-2025-10-27-00002 - COUR D'APPEL D'ANGERS - RATTACHEMENT DES CHARGES, PRODUITS ET\nPROVISIONS A L'EXERCICE 2025 - DESIGNATION DU RESPONSABLE DE RATTACHEMENT 4\nDDETS\n72-2025-09-03-00005\nrecep cessati COMMON\nDDETS - 72-2025-09-03-00005 - recep cessati COMMON 5\nEnPREFETDE LA SARTHELibert\u00e9Egalit\u00e9Fraternit\u00e9\nR\u00e9c\u00e9piss\u00e9 de cessation d'activit\u00e9  n\u00b0 SAP 989287719 du 03/09/2025\nD'un organisme de services \u00e0 la personne\nLe Pr\u00e9fet de la Sarthe\nChevalier de l'Ordre national du M\u00e9rite\nVU le code du travail et notamment les articles L.7231-1 \u00e0 L.7233-2, R.7232-18 \u00e0 R 7232-24, D.7231-1 et \nD.7233-1 \u00e0 D.7233-5 ;\nVU le r\u00e9c\u00e9piss\u00e9 de d\u00e9claration de l'organisme COMMON Sandrine  en date du 16/07/2025 enregistr\u00e9 \naupr\u00e8s de la DDETS, direction d\u00e9partementale de l'emploi, du travail et des solidarit\u00e9s de la Sarthe \nsous le N\u00b0 SAP 989287719 ;\nConstate:\nQu'en application des articles du code du travail susvis\u00e9es, une cessation d'activit\u00e9 des services \u00e0 la \npersonne a \u00e9t\u00e9 enregistr\u00e9e le 28/08/2025 pour l'organisme COMMON Sandrine situ\u00e9 7 rue de Nice \n72000 LE MANS  et enregistr\u00e9 sous le N\u00b0 989287719 pour les activit\u00e9s  relevant uniquement de la \nd\u00e9claration en mode prestataire :\n. Assistance informatique \u00e0 domicile\n. Assistance administrative \u00e0 domicile\nCes activit\u00e9s exerc\u00e9es par l'entreprise n'ouvrent plus droit au b\u00e9n\u00e9fice des dispositions des articles L \n7233-2 du code du travail et L 241-10 du code de la s\u00e9curit\u00e9 sociale \u00e0 compter du 25/08/2025. En \nrevanche toutes les prestations fournies jusqu'\u00e0 cette date devront donner lieu \u00e0 la d\u00e9livrance de \nl'attestation fiscale. \nLe pr\u00e9sent r\u00e9c\u00e9piss\u00e9 sera publi\u00e9 au recueil des actes administratifs de la Pr\u00e9fecture.\n                                                                     Pour le pr\u00e9fet et par d\u00e9l\u00e9gation,\n                                                                      P/Le Directeur d\u00e9partemental\n                                                                       La responsable du p\u00f4le insertion\n     par l'emploi et entreprises\n       \u00ab SIGNE \u00bb\n                                                               B\u00e9atrice DE MIOLLIS\n19 Boulevard Paixhans \u2013 CS 51912 - 72019 LE MANS Cedex 2 \u2013\u2013 T\u00e9l. : 02 85 32 77 00\nAdresse \u00e9lectronique : ddets@sarthe.gouv.fr\nDirection d\u00e9partementale de l'emploi,\ndu travail et des solidarit\u00e9s\nDDETS - 72-2025-09-03-00005 - recep cessati COMMON 6\nDDETS\n72-2025-08-28-00005\nrecep cessati FULA NKUBAdocx\nDDETS - 72-2025-08-28-00005 - recep cessati FULA NKUBAdocx 7\nEnPREFETDE LA SARTHELibert\u00e9Egalit\u00e9Fraternit\u00e9\nR\u00e9c\u00e9piss\u00e9 de cessation d'activit\u00e9  n\u00b0 SAP 902167352 du 28/08/2025\nD'un organisme de services \u00e0 la personne\nLe Pr\u00e9fet de la Sarthe\nChevalier de l'Ordre national du M\u00e9rite\nVU le code du travail et notamment les articles L.7231-1 \u00e0 L.7233-2, R.7232-18 \u00e0 R 7232-24, D.7231-1 et \nD.7233-1 \u00e0 D.7233-5 ;\nVU le r\u00e9c\u00e9piss\u00e9 de d\u00e9claration de l'organisme FULA NKUBA Nella   en date du 18/11/2024 enregistr\u00e9 \naupr\u00e8s de la DDETS, direction d\u00e9partementale de l'emploi, du travail et des solidarit\u00e9s de la Sarthe \nsous le N\u00b0 SAP 902167352 ;\nCONSTATE\nQu'en application des articles du code du travail susvis\u00e9es, une cessation d'activit\u00e9 des services \u00e0 la \npersonne a \u00e9t\u00e9 enregistr\u00e9e le 10/07/2025 pour l'organisme FULA NKUBA Nella situ\u00e9 35 rue des Albatros \n72000 LE MANS  et enregistr\u00e9 sous le N\u00b0 902167352 pour les activit\u00e9s  relevant uniquement de la \nd\u00e9claration en mode prestataire.\nCes activit\u00e9s exerc\u00e9es par l'entreprise n'ouvrent plus droit au b\u00e9n\u00e9fice des dispositions des articles L \n7233-2 du code du travail et L 241-10 du code de la s\u00e9curit\u00e9 sociale \u00e0 compter du 31/05/2025. En \nrevanche toutes les prestations fournies jusqu'\u00e0 cette date devront donner lieu \u00e0 la d\u00e9livrance de \nl'attestation fiscale. \nLe pr\u00e9sent r\u00e9c\u00e9piss\u00e9 sera publi\u00e9 au recueil des actes administratifs de la Pr\u00e9fecture.\n                                                                     Pour le pr\u00e9fet et par d\u00e9l\u00e9gation,\n                                                                      P/Le Directeur d\u00e9partemental\n                                                                       La responsable du p\u00f4le insertion\n     par l'emploi et entreprises\n                                                                \u00ab SIGNE \u00bb \n                                                               B\u00e9atrice DE MIOLLIS\n19 Boulevard Paixhans \u2013 CS 51912 - 72019 LE MANS Cedex 2 \u2013\u2013 T\u00e9l. : 02 85 32 77 00\nAdresse \u00e9lectronique : ddets@sarthe.gouv.fr\nDirection d\u00e9partementale de l'emploi,\ndu travail et des solidarit\u00e9s\nDDETS - 72-2025-08-28-00005 - recep cessati FULA NKUBAdocx 8\nDDETS\n72-2025-09-10-00004\nrecep d\u00e9c NETACLEAN\nDDETS - 72-2025-09-10-00004 - recep d\u00e9c NETACLEAN 9\nEnPREFETDE LA SARTHELibert\u00e9Egalit\u00e9Fraternit\u00e9\nR\u00e9c\u00e9piss\u00e9 de d\u00e9claration n\u00b0 SAP  988756292 du 10/09/2025\nD'un organisme de services \u00e0 la personne\nLe Pr\u00e9fet de la Sarthe\nChevalier de l'Ordre national du M\u00e9rite\nVU le code du travail et notamment les articles L.7231-1 \u00e0 L.7233-2, R.7232-16 \u00e0 R 7232-22, D.7231-1\net D.7233-1 \u00e0 D.7233-5 ;\nCONSTATE qu'une d\u00e9claration d'activit\u00e9s de services \u00e0 la personne a \u00e9t\u00e9 d\u00e9pos\u00e9e aupr\u00e8s de la \nDirection d\u00e9partementale de l'emploi, du travail  et  des solidarit\u00e9s de la Sarthe le 27/08/2025 par \nMonsieur PENCHE Thibault, g\u00e9rant pour l'organisme  NETACLEAN dont l'\u00e9tablissement principal est \nsitu\u00e9211 avenue du Docteur Jean Mac 72100 LE MANS  et enregistr\u00e9 sous le N\u00b0 SAP 988756292 pour \nles activit\u00e9s suivantes :\nActivit\u00e9(s) relevant uniquement de la d\u00e9claration en mode prestataire:\n  \u2022   Entretien de la maison et travaux m\u00e9nagers\nToute modification concernant les activit\u00e9s exerc\u00e9es devra faire l'objet d'une d\u00e9claration \nmodificative pr\u00e9alable.\nSous r\u00e9serve d'\u00eatre exerc\u00e9es \u00e0 titre exclusif (ou sous r\u00e9serve d'une comptabilit\u00e9 s\u00e9par\u00e9e pour les \npersonnes morales dispens\u00e9es de cette condition), ces activit\u00e9s ouvrent droit au b\u00e9n\u00e9fice des \ndispositions des articles L.7233-2 du code du travail et L.241-10 du code de la s\u00e9curit\u00e9 sociale dans \nles conditions pr\u00e9vues par ces articles.\nLes effets de la d\u00e9claration courent \u00e0 compter du jour du d\u00e9p\u00f4t de la d\u00e9claration, sous r\u00e9serve des \ndispositions de l'article R 7232-18  du code du travail.\nLe pr\u00e9sent r\u00e9c\u00e9piss\u00e9 n'est pas limit\u00e9 dans le temps.\n19 Boulevard Paixhans \u2013 CS 51912 - 72019 LE MANS Cedex 2 \u2013\u2013 T\u00e9l. : 02 85 32 77 00\nAdresse \u00e9lectronique : ddets@sarthe.gouv.fr\nDirection d\u00e9partementale de l'emploi\ndu travail et des solidarit\u00e9s\nDDETS - 72-2025-09-10-00004 - recep d\u00e9c NETACLEAN 10\nL'enregistrement de la d\u00e9claration peut \u00eatre retir\u00e9 dans les conditions fix\u00e9es aux articles R.7232-20 \u00e0 \nR.7232-22 du code du travail.\nLe pr\u00e9sent r\u00e9c\u00e9piss\u00e9 sera publi\u00e9 au recueil des actes administratifs de la Pr\u00e9fecture.\nPour le pr\u00e9fet et par d\u00e9l\u00e9gation\n P/Le Directeur d\u00e9partemental\n   La responsable du p\u00f4le insertion\n       par l'emploi et entreprises\n                    \u00ab SIGNE \u00bb\n              B\u00e9atrice DE MIOLLIS\nLa pr\u00e9sente d\u00e9cision peut, \u00e0 compter de sa publication, faire l'objet d'un recours gracieux aupr\u00e8s de la Direction d\u00e9partementale \ndu travail, du plein emploi et de l'insertion de la Sarthe- ou d'un recours hi\u00e9rarchique adress\u00e9 au ministre charg\u00e9 de l'\u00e9conomie \u2013\nDirection g\u00e9n\u00e9rale des entreprises- sous-direction des services marchands, 61  Boulevard Vincent Auriol, 75703 Paris cedex 13. \nElle peut \u00e9galement faire l'objet d'un recours contentieux dans un d\u00e9lai de deux mois \u00e0 compter de sa publication aupr\u00e8s du \nTribunal Administratif de Nantes, 6 all\u00e9e \u00eele Gloriette, 44000 NANTES.\nLe tribunal administratif peut \u00eatre saisi par l'application informatique \u00ab T\u00e9l\u00e9recours citoyen \u00bb accessible sur le site internet \nwww.telerecours.fr. En cas de rejet du recours gracieux ou hi\u00e9rarchique ou en l'absence de r\u00e9ponse \u00e0 ce recours (rejet implicite), \nun recours contentieux devant le tribunal administratif peut \u00e9galement \u00eatre form\u00e9 contre la d\u00e9cision initiale dans un d\u00e9lai de \ndeux mois \u00e0 compter de ce rejet.\n19 Boulevard Paixhans \u2013 CS 51912 - 72019 LE MANS Cedex 2 \u2013\u2013 T\u00e9l. : 02 85 32 77 00\nAdresse \u00e9lectronique : ddets@sarthe.gouv.fr\nDDETS - 72-2025-09-10-00004 - recep d\u00e9c NETACLEAN 11\nPr\u00e9fecture de la Sarthe\n72-2025-11-07-00003\nArr\u00eat\u00e9 conjoint fixant la liste des membres ayant\nvoix consultative de la Commission\nd'Information et de S\u00e9lection d'Appel \u00e0 Projet\nsocial plac\u00e9e aupr\u00e8s du Pr\u00e9fet de la Sarthe et du\nPr\u00e9sident du Conseil d\u00e9partemental de la Sarthe,\npour la cr\u00e9ation d'un service d'Action \u00c9ducative\nen Milieu Ouvert (AEMO) et d'Action \u00c9ducative\nen Milieu Ouvert Renforc\u00e9e (AEMO R) dans le\nd\u00e9partement de la Sarthe\nPr\u00e9fecture de la Sarthe - 72-2025-11-07-00003 - Arr\u00eat\u00e9 conjoint fixant la liste des membres ayant voix consultative de la Commission\nd'Information et de S\u00e9lection d'Appel \u00e0 Projet social plac\u00e9e aupr\u00e8s du Pr\u00e9fet de la Sarthe et du Pr\u00e9sident du Conseil d\u00e9partemental\nde la Sarthe, pour la cr\u00e9ation d'un service d'Action \u00c9ducative en Milieu Ouvert (AEMO) et d'Action \u00c9ducative en Milieu Ouvert\nRenforc\u00e9e (AEMO R) dans le d\u00e9partement de la Sarthe\n12\nEnPREFETDE LA SARTHELibert\u00e9Egalit\u00e9Fraternit\u00e9 Le D\u00e9partement\nArr\u00eat\u00e9 du 7 novembre 2025\nN\u00b0\nArr\u00eat\u00e9 du 27 octobre 2025\nN\u00b0 25/5973\nOBJET : Arr\u00eat\u00e9 conjoint fixant la liste des membres ayant voix consultative de la Commission  \nd'Information et de S\u00e9lection d'Appel \u00e0 Projet social plac\u00e9e aupr\u00e8s du Pr\u00e9fet de la Sarthe \net du Pr\u00e9sident du Conseil d\u00e9partemental de la Sarthe, pour la cr\u00e9ation d'un service  \nd'Action \u00c9ducative en Milieu Ouvert (AEMO) et d'Action \u00c9ducative en Milieu Ouvert  \nRenforc\u00e9e (AEMO R) dans le d\u00e9partement de la Sarthe\nLE PR\u00c9FET DE LA SARTHE\nLE PR\u00c9SIDENT DU CONSEIL D\u00c9PARTEMENTAL DE LA SARTHE\nVU le code de l'action sociale et des familles, notamment les articles L 313-1 \u00e0 L 313-8 et R 313-1-1 \u00e0 R \n313-7-8 ;\nVu l'arr\u00eat\u00e9 n\u00b025/5970 du Pr\u00e9sident du Conseil d\u00e9partemental de la Sarthe portant d\u00e9signation des  \nrepr\u00e9sentants du D\u00e9partement et leurs suppl\u00e9ants pour si\u00e9ger avec voix d\u00e9lib\u00e9rative \u00e0 titre permanent \n\u00e0 la CISAAP ;\nVu l'arr\u00eat\u00e9 n\u00b025/5971 du Pr\u00e9sident du Conseil d\u00e9partemental de la Sarthe portant d\u00e9signation des  \npersonnels des services techniques, comptables ou financiers du D\u00e9partement et leurs suppl\u00e9ants  \npour si\u00e9ger avec voix consultative \u00e0 la CISAAP ;\nVu l'arr\u00eat\u00e9 n\u00b072-2025-11-07-00001 du Pr\u00e9fet de la Sarthe portant d\u00e9signation des repr\u00e9sentants des  \nservices de l'\u00c9tat pour si\u00e9ger avec voix consultative \u00e0 titre permanent \u00e0 la CISAAP ;\nVu l'arr\u00eat\u00e9 conjoint n\u00b025/5972 et n\u00b0 72-2025-11-07-00002 du Pr\u00e9fet de la Sarthe et du Pr\u00e9sident du  \nConseil d\u00e9partemental de la Sarthe fixant la liste des membres ayant voix d\u00e9lib\u00e9rative et consultative \u00e0 \ntitre permanent concernant la Commission d'Information et de S\u00e9lection d'Appel \u00e0 Projets plac\u00e9e  \naupr\u00e8s du Pr\u00e9fet de la Sarthe et du Pr\u00e9sident du Conseil d\u00e9partemental de la Sarthe, concernant les  \nappels \u00e0 projets relevant de leurs comp\u00e9tences conjointes ;\nVu les listes des institutions, associations, et personnes consult\u00e9es pour recueillir leur(s) proposition(s) \nde nomination pour si\u00e9ger \u00e0 la Commission d'Information et de S\u00e9lection d'Appel \u00e0 Projets ;\nPr\u00e9fecture de la Sarthe - 72-2025-11-07-00003 - Arr\u00eat\u00e9 conjoint fixant la liste des membres ayant voix consultative de la Commission\nd'Information et de S\u00e9lection d'Appel \u00e0 Projet social plac\u00e9e aupr\u00e8s du Pr\u00e9fet de la Sarthe et du Pr\u00e9sident du Conseil d\u00e9partemental\nde la Sarthe, pour la cr\u00e9ation d'un service d'Action \u00c9ducative en Milieu Ouvert (AEMO) et d'Action \u00c9ducative en Milieu Ouvert\nRenforc\u00e9e (AEMO R) dans le d\u00e9partement de la Sarthe\n13\n \nVu  lesdites  propositions  aux  fins  de  d\u00e9signer  les  personnes  appel\u00e9es  \u00e0  si\u00e9ger  \u00e0  la  Commission \nd'Information et de S\u00e9lection d'Appel \u00e0 Projets social ou m\u00e9dico-social ;\nSUR proposition conjointe de Madame la Secr\u00e9taire g\u00e9n\u00e9rale de la Pr\u00e9fecture de la Sarthe et de  \nMonsieur le Directeur g\u00e9n\u00e9ral des services du D\u00e9partement ;\nARR\u00caTENT\nArticle 1 : La liste des membres avec voix consultative si\u00e9geant \u00e0 la Commission d'Information et de  \nS\u00e9lection  d'appel  \u00e0  projets  plac\u00e9e  aupr\u00e8s  du  Pr\u00e9fet  de  la  Sarthe  et  du  Pr\u00e9sident  du  Conseil \nd\u00e9partemental de la Sarthe pour la cr\u00e9ation d'un service d'Action \u00c9ducative en Milieu Ouvert (AEMO) \net d'Action \u00c9ducative en Milieu Ouvert Renforc\u00e9e (AEMO R) dans le d\u00e9partement de la Sarthe est  \narr\u00eat\u00e9e ainsi qu'il suit :\na) Deux personnes qualifi\u00e9es en raison de leurs comp\u00e9tences dans le domaine de l'appel \u00e0  \nprojet : \n\uf0a7 Titulaire   : Madame Isabelle GRONDIN, experte m\u00e9dico-sociale\n\uf0a7 Titulaire   : Monsieur Jean-Marie CHAMBIRON\nb) Un repr\u00e9sentant d'usagers sp\u00e9cialement concern\u00e9 par l'appel \u00e0 projet correspondant\n\uf0a7 Titulaire   :  Monsieur  Jean  Marie  MULLER,  Pr\u00e9sident  de  la  F\u00e9d\u00e9ration  Nationale  des \nADEPAPE\n\uf0a7 Suppl\u00e9ant   : Monsieur Louis AMOROS, F\u00e9d\u00e9ration Nationale des ADEPAPE\nc) Quatre personnels des services techniques, comptables ou financiers de l'autorit\u00e9 comp\u00e9tente  \npour d\u00e9livrer l'autorisation en qualit\u00e9 d'experts dans le domaine de l'appel \u00e0 projet :  \n\uf0a7 Titulaire   : Madame Fabienne GAYET, Directrice Enfance Famille, D\u00e9partement de la Sarthe \n\uf0a7 Suppl\u00e9ant   : Monsieur Luc GABORY, Charg\u00e9 de mission des politiques de l'enfance et de la  \nfamille, D\u00e9partement de la Sarthe\n\uf0a7 Titulaire   :  Monsieur  Thierry  GRUMELON,  Chef  de  service  Accompagnement  des  \n\u00e9tablissements et services, D\u00e9partement de la Sarthe\n\uf0a7 Suppl\u00e9ant   : Madame M\u00e9lanie BEAUCHENE, Charg\u00e9e de suivi de structures et services  \nsociaux et m\u00e9dico-sociaux, D\u00e9partement de la Sarthe\n\uf0a7 Titulaire   : Madame Agn\u00e8s MAILLARD, Directrice Sarthe Autonomie, D\u00e9partement de la  \nSarthe\n\uf0a7 Suppl\u00e9ant   : Monsieur Olivier FETISSON, Chef du service Support, D\u00e9partement de la Sarthe\n\uf0a7 Titulaire   : Monsieur Nicolas MEZIERES, Directeur des territoires d'interventions sociales,  \n(DTIS), D\u00e9partement de la Sarthe\n\uf0a7 Suppl\u00e9ant   : Madame Aline MORIN, Directrice adjointe DTIS Territoire Nord, D\u00e9partement  \nde la Sarthe\nArticle  2 :  Le  mandat  des  membres  d\u00e9sign\u00e9s  \u00e0  l'article  1  vaut  uniquement  pour  la  commission \nd'information et de s\u00e9lection d'appel \u00e0 projet relative \u00e0 la cr\u00e9ation d'un service d'Action \u00c9ducative en  \nPr\u00e9fecture de la Sarthe - 72-2025-11-07-00003 - Arr\u00eat\u00e9 conjoint fixant la liste des membres ayant voix consultative de la Commission\nd'Information et de S\u00e9lection d'Appel \u00e0 Projet social plac\u00e9e aupr\u00e8s du Pr\u00e9fet de la Sarthe et du Pr\u00e9sident du Conseil d\u00e9partemental\nde la Sarthe, pour la cr\u00e9ation d'un service d'Action \u00c9ducative en Milieu Ouvert (AEMO) et d'Action \u00c9ducative en Milieu Ouvert\nRenforc\u00e9e (AEMO R) dans le d\u00e9partement de la Sarthe\n14\nMilieu Ouvert (AEMO) et d'Action \u00c9ducative en Milieu Ouvert Renforc\u00e9e (AEMO R), qui aura lieu le  \nmercredi 26 novembre 2025. \nArticle 3 : Dans un d\u00e9lai de deux mois \u00e0 compter de sa publication, cet arr\u00eat\u00e9 peut faire l'objet d'un  \nrecours :\n\uf0b7 gracieux aupr\u00e8s des services de l'\u00c9tat et du D\u00e9partement,\n\uf0b7 d'un recours contentieux devant le tribunal administratif de Nantes, 6 all\u00e9e de l'Ile Gloriette  \n44041 NANTES Cedex 01, ou par le site t\u00e9l\u00e9recours.\nArticle 4 : Madame la Secr\u00e9taire g\u00e9n\u00e9rale de la Pr\u00e9fecture de la Sarthe et le Directeur g\u00e9n\u00e9ral des  \nservices du D\u00e9partement sont charg\u00e9s, chacun en ce qui le concerne, de l'ex\u00e9cution du pr\u00e9sent arr\u00eat\u00e9 \nqui  sera  publi\u00e9  au  recueil  des  actes  administratifs  de  la  pr\u00e9fecture  et  sur  le  site  internet  du \nD\u00e9partement de la Sarthe www.sarthe.fr et notifi\u00e9 \u00e0 chacune des personnes d\u00e9sign\u00e9es.\nLe Pr\u00e9fet de la Sarthe\nSign\u00e9\nS\u00e9bastien JALLET\nLe Pr\u00e9sident du Conseil d\u00e9partemental de la Sarthe\nSign\u00e9\nDominique LE MEN\u00c8R\nPr\u00e9fecture de la Sarthe - 72-2025-11-07-00003 - Arr\u00eat\u00e9 conjoint fixant la liste des membres ayant voix consultative de la Commission\nd'Information et de S\u00e9lection d'Appel \u00e0 Projet social plac\u00e9e aupr\u00e8s du Pr\u00e9fet de la Sarthe et du Pr\u00e9sident du Conseil d\u00e9partemental\nde la Sarthe, pour la cr\u00e9ation d'un service d'Action \u00c9ducative en Milieu Ouvert (AEMO) et d'Action \u00c9ducative en Milieu Ouvert\nRenforc\u00e9e (AEMO R) dans le d\u00e9partement de la Sarthe\n15\nPr\u00e9fecture de la Sarthe\n72-2025-11-07-00002\nArr\u00eat\u00e9 conjoint fixant la liste des membres ayant\nvoix d\u00e9lib\u00e9rative et consultative \u00e0 titre\npermanent de la Commission d'Information et\nde S\u00e9lection d'Appel \u00e0 Projet social plac\u00e9e\naupr\u00e8s du Pr\u00e9fet de la Sarthe et du Pr\u00e9sident du\nConseil d\u00e9partemental de la Sarthe, concernant\nles appels \u00e0 projets relevant de leurs\ncomp\u00e9tences conjointes\nPr\u00e9fecture de la Sarthe - 72-2025-11-07-00002 - Arr\u00eat\u00e9 conjoint fixant la liste des membres ayant voix d\u00e9lib\u00e9rative et consultative \u00e0\ntitre permanent de la Commission d'Information et de S\u00e9lection d'Appel \u00e0 Projet social plac\u00e9e aupr\u00e8s du Pr\u00e9fet de la Sarthe et du\nPr\u00e9sident du Conseil d\u00e9partemental de la Sarthe, concernant les appels \u00e0 projets relevant de leurs comp\u00e9tences conjointes\n16\nEnPREFETDE LA SARTHELibert\u00e9Egalit\u00e9Fraternit\u00e9 Le D\u00e9partement\nArr\u00eat\u00e9 du 7 novembre 2025\nN\u00b0\nArr\u00eat\u00e9 du 27 octobre 2025\nN\u00b0 25/5972\nOBJET : Arr\u00eat\u00e9 conjoint fixant la liste des membres ayant voix d\u00e9lib\u00e9rative et consultative \u00e0  \ntitre permanent de la Commission d'Information et de S\u00e9lection d'Appel \u00e0 Projet social  \nplac\u00e9e aupr\u00e8s du Pr\u00e9fet de la Sarthe et du Pr\u00e9sident du Conseil d\u00e9partemental de la  \nSarthe, concernant les appels \u00e0 projets relevant de leurs comp\u00e9tences conjointes\nLE PR\u00c9FET DE LA SARTHE\nLE PR\u00c9SIDENT DU CONSEIL D\u00c9PARTEMENTAL DE LA SARTHE\nVU le code de l'action sociale et des familles, notamment les articles L 313-1 \u00e0 L 313-8 et R 313-1-1 \u00e0  \nR 313-7-8 ; \n \nVU l'arr\u00eat\u00e9 n\u00b025/5970 du Pr\u00e9sident du Conseil d\u00e9partemental de la Sarthe portant d\u00e9signation des  \nrepr\u00e9sentants du D\u00e9partement pour si\u00e9ger avec voix d\u00e9lib\u00e9rative et consultative \u00e0 titre permanent \u00e0  \nla CISAAP ;\nVU l'arr\u00eat\u00e9 n\u00b025/5971 du Pr\u00e9sident du Conseil d\u00e9partemental de la Sarthe portant d\u00e9signation des  \npersonnels des services techniques, comptables ou financiers du D\u00e9partement et leurs suppl\u00e9ants  \npour si\u00e9ger avec voix consultative \u00e0 la CISAAP ;\nVU l'arr\u00eat\u00e9 n\u00b072-2025-11-07-00001 du Pr\u00e9fet de la Sarthe portant d\u00e9signation des repr\u00e9sentants des  \nservices de l'\u00c9tat pour si\u00e9ger avec voix d\u00e9lib\u00e9rative et consultative \u00e0 titre permanent \u00e0 la CISAAP ;\nVU les  listes  des  institutions,  associations,  et  personnes  consult\u00e9es  pour  recueillir  leur(s)  \nproposition(s) de nomination pour si\u00e9ger \u00e0 la Commission d'Information et de S\u00e9lection d'Appel A  \nProjet social ou m\u00e9dico-social ;\n \nVU lesdites  propositions  aux  fins  de  d\u00e9signer  les  personnes  appel\u00e9es  \u00e0  si\u00e9ger  \u00e0  la  Commission \nd'Information et de S\u00e9lection d'Appel \u00e0 Projet social ou m\u00e9dico-social ;\nSUR proposition conjointe de Madame la Secr\u00e9taire g\u00e9n\u00e9rale de la Pr\u00e9fecture de la Sarthe et de  \nMonsieur le Directeur g\u00e9n\u00e9ral des services du D\u00e9partement ;\nPr\u00e9fecture de la Sarthe - 72-2025-11-07-00002 - Arr\u00eat\u00e9 conjoint fixant la liste des membres ayant voix d\u00e9lib\u00e9rative et consultative \u00e0\ntitre permanent de la Commission d'Information et de S\u00e9lection d'Appel \u00e0 Projet social plac\u00e9e aupr\u00e8s du Pr\u00e9fet de la Sarthe et du\nPr\u00e9sident du Conseil d\u00e9partemental de la Sarthe, concernant les appels \u00e0 projets relevant de leurs comp\u00e9tences conjointes\n17\nARR\u00caTENT\nArticle 1     : La Commission d'Information et de S\u00e9lection d'appel \u00e0 projets plac\u00e9e aupr\u00e8s du Pr\u00e9fet de  \nla Sarthe et du Pr\u00e9sident du Conseil d\u00e9partemental de la Sarthe est pr\u00e9sid\u00e9e par : \n\uf0a7 Co-Pr\u00e9sident   : Monsieur S\u00e9bastien JALLET, Pr\u00e9fet de la Sarthe\n\uf0a7 Suppl\u00e9ant :   Monsieur Jean-Michel LOUYER, Directeur de la Direction d\u00e9partementale de  \nl'emploi, du travail et des solidarit\u00e9s de la Sarthe \n\uf0a7 Co-Pr\u00e9sident   : Monsieur Dominique LE M\u00c8NER, Pr\u00e9sident du Conseil d\u00e9partemental de la \nSarthe\n\uf0a7 Suppl\u00e9ante   : Madame Marie-Th\u00e9r\u00e8se LEROUX, Vice\u2013Pr\u00e9sidente du Conseil \nd\u00e9partemental, Pr\u00e9sidente de la Commission Solidarit\u00e9-Autonomie-Sant\u00e9\nArticle 2  : La Commission d'Information et de S\u00e9lection d'appel \u00e0 projet social est compos\u00e9e des  \nautres membres suivants avec voix d\u00e9lib\u00e9rative ou consultative : \na) Deux personnels des services de l'\u00c9tat d\u00e9sign\u00e9s par le pr\u00e9fet, dont l'un sur proposition du  \ngarde des sceaux, avec voix d\u00e9lib\u00e9rative : \n\uf0a7 Titulaire   : Monsieur Benoit HERVOUET, Directeur territorial de la protection judiciaire de  \nla jeunesse du Maine-et-Loire \u2013 Sarthe \u2013 Mayenne\n\uf0a7 Suppl\u00e9ant   : Monsieur Eric LE JOUBIOUX, Responsable des politiques institutionnelles de  \nla Direction territoriale de la protection judiciaire de la jeunesse Maine-et-Loire \u2013 Sarthe  \n\u2013 Mayenne\n\uf0a7 Titulaire   : Monsieur Thierry GENTES, Directeur adjoint de la Direction d\u00e9partementale de  \nl'emploi, du travail et des solidarit\u00e9s de la Sarthe  \n\uf0a7 Suppl\u00e9ante   : Madame Ang\u00e9lique LANOTTE, Charg\u00e9e de mission MATT de la Direction  \nd\u00e9partementale de l'emploi, du travail et des solidarit\u00e9s de la Sarthe\nb) Deux repr\u00e9sentants du D\u00e9partement d\u00e9sign\u00e9s par le Pr\u00e9sident du Conseil d\u00e9partemental,  \navec voix d\u00e9lib\u00e9rative : \n\uf0a7 Titulaire   : Madame H\u00e9l\u00e8ne LE CONTE, Conseill\u00e8re d\u00e9partementale, Vice-pr\u00e9sidente de la  \nCommission Solidarit\u00e9-Autonomie-Sant\u00e9\n\uf0a7 Suppl\u00e9ant   : Monsieur Jean-Carles GRELIER, Conseiller d\u00e9partemental, Vice-pr\u00e9sident de  \nla Commission Solidarit\u00e9-Autonomie-Sant\u00e9\n\uf0a7 Titulaire   :  Madame  Nathalie  PONTASSE,  Directrice  g\u00e9n\u00e9rale  adjointe  des  Solidarit\u00e9s, \nD\u00e9partement de la Sarthe\n\uf0a7 Suppl\u00e9ant   : Monsieur Bernard BONNEL, Directeur de la Direction des Offres d'Accueil,  \nD\u00e9partement de la Sarthe\nc) Six repr\u00e9sentants d'usagers avec voix d\u00e9lib\u00e9rative : \nPr\u00e9fecture de la Sarthe - 72-2025-11-07-00002 - Arr\u00eat\u00e9 conjoint fixant la liste des membres ayant voix d\u00e9lib\u00e9rative et consultative \u00e0\ntitre permanent de la Commission d'Information et de S\u00e9lection d'Appel \u00e0 Projet social plac\u00e9e aupr\u00e8s du Pr\u00e9fet de la Sarthe et du\nPr\u00e9sident du Conseil d\u00e9partemental de la Sarthe, concernant les appels \u00e0 projets relevant de leurs comp\u00e9tences conjointes\n18\nRepr\u00e9sentants d'associations participant \u00e0 l'\u00e9laboration du plan d\u00e9partemental d'action pour  \nle logement et l'h\u00e9bergement des personnes d\u00e9favoris\u00e9es\n\uf0a7 Titulaire   :  Monsieur  No\u00ebl  TR\u00c9HOUX,  Directeur  de  l'Union  nationale  des  associations \nfamiliales\n\uf0a7 Suppl\u00e9ant   : Pas de suppl\u00e9ant\n\uf0a7 Titulaire   : Madame Nadia BAKOUR, Directrice g\u00e9n\u00e9rale d'ADGESTI\n\uf0a7 Suppl\u00e9ante   : Madame Francine PHILIPPET\n\uf0a7 Titulaire   : Madame Sylvie MORVAN, Directrice Habitat et Humanisme Sarthe-Mayenne\n\uf0a7 Suppl\u00e9ante   : Madame Cassandre LECOMTE\nRepr\u00e9sentants  d'associations  ou  personnalit\u00e9s  \u0153uvrant  dans  le  secteur  de  la  protection \nadministrative ou judiciaire de l'enfance\n\uf0a7 Titulaire   : Madame Claudine ROUILLARD, Pr\u00e9sidente de Conseil de famille des Pupilles de  \nl'\u00c9tat de la Sarthe\n\uf0a7 Suppl\u00e9ant   : Monsieur Cyrille FROGER, Vice-pr\u00e9sident du Conseil de famille des Pupilles de \nl'\u00c9tat de la Sarthe\n\uf0a7 Titulaire   : Monsieur Manuel ALARICH, Directeur g\u00e9n\u00e9ral de Nelson Mandela\n\uf0a7 Suppl\u00e9ante   : Madame Sarah PELLERIN, Responsable du service r\u00e9sidence sociale et public  \njeune de Nelson Mandela\n\uf0a7 Titulaire   : Monsieur Fran\u00e7ois LE FORESTIER, Directeur g\u00e9n\u00e9ral adjoint de Tarmac\n\uf0a7 Suppl\u00e9ante   : Madame Chantal PENEAUD, Tr\u00e9sori\u00e8re de Tarmac\nd) Deux repr\u00e9sentants des unions, f\u00e9d\u00e9rations ou groupements repr\u00e9sentatifs des personnes  \nmorales gestionnaires des \u00e9tablissements et services sociaux et m\u00e9dico-sociaux et des lieux  \nde vie et d'accueil avec voix consultative :\n\uf0a7 Titulaire   : Monsieur Nicolas NOCET, Charg\u00e9 de missions et conseils Enfance / Jeunesse /  \nFamille d'Uriopss Pays de la Loire\n\uf0a7 Suppl\u00e9ante   : Madame Cathy BELLEC, Directrice d'Uriopss Pays de la Loire\n\uf0a7 Titulaire   : Monsieur Ludovic HUSSE, Directeur g\u00e9n\u00e9ral de l'ADAPEI de la Sarthe\n\uf0a7 Suppl\u00e9ante   :  Madame  Marl\u00e8ne  VIOT,  Directrice  Strat\u00e9gique  du  Dispositif  \nd'Accompagnement M\u00e9dico-\u00c9ducatif de l'ADAPEI de la Sarthe\nArticle 3 : La dur\u00e9e du mandat des membres titulaires et suppl\u00e9ants de cette commission est de trois  \nans \u00e0 compter de la date de signature du pr\u00e9sent arr\u00eat\u00e9\nArticle 4 : Dans un d\u00e9lai de deux mois \u00e0 compter de sa publication, cet arr\u00eat\u00e9 peut faire l'objet d'un  \nrecours :\n\uf0b7 gracieux aupr\u00e8s des services de l'\u00c9tat et du D\u00e9partement ;\n\uf0b7 contentieux  devant  le  tribunal  administratif  de  Nantes,  6  all\u00e9e  de  l'Ile  Gloriette  44041 \nNANTES Cedex 01, ou par le site t\u00e9l\u00e9recours.\nPr\u00e9fecture de la Sarthe - 72-2025-11-07-00002 - Arr\u00eat\u00e9 conjoint fixant la liste des membres ayant voix d\u00e9lib\u00e9rative et consultative \u00e0\ntitre permanent de la Commission d'Information et de S\u00e9lection d'Appel \u00e0 Projet social plac\u00e9e aupr\u00e8s du Pr\u00e9fet de la Sarthe et du\nPr\u00e9sident du Conseil d\u00e9partemental de la Sarthe, concernant les appels \u00e0 projets relevant de leurs comp\u00e9tences conjointes\n19\nArticle 5 : Madame la Secr\u00e9taire g\u00e9n\u00e9rale de la Pr\u00e9fecture de la Sarthe et le Directeur g\u00e9n\u00e9ral des  \nservices du D\u00e9partement sont charg\u00e9s, chacun en ce qui le concerne , de l'ex\u00e9cution du pr\u00e9sent  \narr\u00eat\u00e9 qui sera publi\u00e9 au recueil des actes administratifs de la pr\u00e9fecture et sur le site internet du  \nD\u00e9partement de la Sarthe www.sarthe.fr et notifi\u00e9 \u00e0 chacune des personnes d\u00e9sign\u00e9es.\nLe Pr\u00e9fet de la Sarthe\nSign\u00e9\nS\u00e9bastien JALLET\nLe Pr\u00e9sident du Conseil d\u00e9partemental de la Sarthe\nSign\u00e9\nDominique LE MEN\u00c8R\nPr\u00e9fecture de la Sarthe - 72-2025-11-07-00002 - Arr\u00eat\u00e9 conjoint fixant la liste des membres ayant voix d\u00e9lib\u00e9rative et consultative \u00e0\ntitre permanent de la Commission d'Information et de S\u00e9lection d'Appel \u00e0 Projet social plac\u00e9e aupr\u00e8s du Pr\u00e9fet de la Sarthe et du\nPr\u00e9sident du Conseil d\u00e9partemental de la Sarthe, concernant les appels \u00e0 projets relevant de leurs comp\u00e9tences conjointes\n20\nPr\u00e9fecture de la Sarthe\n72-2025-11-03-00001\nDCPPAT 2025 - 0324\nPr\u00e9fecture de la Sarthe - 72-2025-11-03-00001 - DCPPAT 2025 - 0324 21\nEnPREFETDE LA SARTHELibert\u00e9Egalit\u00e9Fraternit\u00e9\nA Zz ZzAR  ee ne  me\n_:\n\u2014 7m\n2 nm  man  1 ~ we  rar\nama  RAR Rene 1 an nA  nA ra\nna mmm \u2014 nan nan rar\nZ\nan mme | \u2014 |\n_ ; nn\"  |\nA. an\n_: mm\nA r _\u2014  nn\"\nDin mm mmmamm  mm  eme memes\nZz\n-\nA\nDirection de la Coordination\ndes Politiques Publiques\net de l'Appui Territorial\nBureau de la coordination et\nde l'appui aux politiques publiques\nLe Mans, le 03 novembre 2025\nARR\u00caT\u00c9 PR\u00c9FECTORAL N\u00b0 DCPPAT 2025-0324\nPortant d\u00e9l\u00e9gation de signature \u00e0 Mme Chantal VIGUI\u00c9, directrice de la citoyennet\u00e9 et de la l\u00e9galit\u00e9\nLe Pr\u00e9fet de la Sarthe\nChevalier de l'Ordre national du M\u00e9rite\nVU la  loi  n\u00b0  82-213  du  2  mars  1982  modifi\u00e9e  relative  aux  droits  et  libert\u00e9s  des  communes,  des \nd\u00e9partements et des r\u00e9gions\u00a0;\nVU la  loi  n\u00b02009-526  du  12  mai  2009  modifi\u00e9e  de  simplification  et  de  clarification  du  droit  et \nd'all\u00e9gement des proc\u00e9dures, notamment l'article 12\u00a0;\nVU le d\u00e9cret n\u00b0 2004-374 du 29 avril 2004 modifi\u00e9 relatif aux pouvoirs des pr\u00e9fets, \u00e0 l'organisation et \u00e0  \nl'action des services de l'\u00c9tat dans les r\u00e9gions et d\u00e9partements\u00a0;\nVU le d\u00e9cret du 12 juin 2025 nommant M. S\u00e9bastien JALLET pr\u00e9fet de la Sarthe, prenant ses fonctions le  \n30 juin 2025\u00a0; \nVU le d\u00e9cret du 10 juillet 2024 portant nomination de Mme Christine TORRES en qualit\u00e9 de secr\u00e9taire  \ng\u00e9n\u00e9rale de la pr\u00e9fecture de la Sarthe, prenant ses fonctions le 09 septembre 2024\u00a0;\nVU l'arr\u00eat\u00e9 du ministre de l'int\u00e9rieur du 22 novembre 2024 portant changement d'affectation de Mme \nChantal VIGUI\u00c9 en qualit\u00e9 de directrice de la citoyennet\u00e9 et de la l\u00e9galit\u00e9 \u00e0 la pr\u00e9fecture de la Sarthe \n\u00e0 compter du 15 d\u00e9cembre 2024\u00a0;\nVU l'arr\u00eat\u00e9 pr\u00e9fectoral du 26 d\u00e9cembre 2024 portant organisation des services de la pr\u00e9fecture de la  \nSarthe et r\u00e9partition des attributions entre ses services;\nSUR proposition de la secr\u00e9taire g\u00e9n\u00e9rale de la pr\u00e9fecture de la Sarthe\u00a0;\nARR\u00caTE\nArticle 1\u00a0:\nPlace Aristide Briand \u2013 72 041 LE MANS Cedex 9 \u2013\nStandard : 02 85 32 72 72\nwww.sarthe.gouv.fr \u2013 pref-mail@sarthe.gouv.fr - Twitter : @Prefet72 - Facebook : Pr\u00e9fecture de la Sarthe\n1\nPr\u00e9fecture de la Sarthe - 72-2025-11-03-00001 - DCPPAT 2025 - 0324 22\n\u2014 sie\nom\nre\n2. .\n1\nvd\nvd . -\n\u2014\n\u00b0 =\nCERN\nmn\n1:\nZe\noe\nD\u00e9l\u00e9gation est donn\u00e9e \u00e0  Mme Chantal VIGUI\u00c9,  conseill\u00e8re d'administration de l'int\u00e9rieur et de l'outre-\nmer, directrice de la citoyennet\u00e9 et de la l\u00e9galit\u00e9 de la pr\u00e9fecture de la Sarthe , \u00e0 l'effet de signer dans \nle cadre des attributions relevant de sa direction\u00a0:\n- Toutes correspondances administratives, \u00e0 l'exclusion de celles adress\u00e9es aux ministres et aux  \nparlementaires\u00a0;\n- Toutes pi\u00e8ces administratives et comptables\u00a0;\n- Tous arr\u00eat\u00e9s et d\u00e9cisions individuelles relevant des attributions de la direction de la citoyennet\u00e9  \net de la l\u00e9galit\u00e9, \u00e0 l'exception des arr\u00eat\u00e9s r\u00e9glementaires et des circulaires aux maires.\nLa  d\u00e9l\u00e9gation  comprend  l'inscription  au  fichier  des  personnes  recherch\u00e9es  et  notamment  les \ncorrespondances, avis et d\u00e9cisions relatives aux mati\u00e8res ci-apr\u00e8s \u00e9num\u00e9r\u00e9es\u00a0:\nBureau du droit des collectivit\u00e9s territoriales  \u00a0  :  \n\uf0b7 P\u00f4le   du contr\u00f4le budg\u00e9taire  \u00a0:\n- Correspondance, notification, demande d'avis, transmission de pi\u00e8ces et demande de pi\u00e8ces  \ncompl\u00e9mentaires dans le cadre du contr\u00f4le budg\u00e9taire\u00a0;\n- Correspondance,  demande  d'avis,  transmission  de  pi\u00e8ces  et  demande  de  pi\u00e8ces  \ncompl\u00e9mentaires dans le cadre des concours financiers de l'\u00c9tat\u00a0;\n- Certificats pour paiement, certifications de service fait, d\u00e9cisions relatives \u00e0 la compl\u00e9tude des  \ndossiers\u00a0;\n- D\u00e9l\u00e9gation est, en outre donn\u00e9e \u00e0  Mme Chantal VIGUI\u00c9  \u00e0 l'effet de valider dans l'application  \nALICE (Application pour la Liquidation des Concours de l'\u00c9tat) le paiement des sommes dues aux  \ncollectivit\u00e9s au titre du FCTVA (fonds de compensation sur la valeur ajout\u00e9e) d\u00e8s lors que le tableau  \nlistant les b\u00e9n\u00e9ficiaires et le montant du FCTVA \u00e0 verser aura \u00e9t\u00e9 valid\u00e9 par la secr\u00e9taire g\u00e9n\u00e9rale de  \nla pr\u00e9fecture, la directrice de cabinet, la sous-pr\u00e9f\u00e8te de La Fl\u00e8che ou le sous-pr\u00e9fet de Mamers\u00a0;\n- Saisie des recettes non fiscales.\n\uf0b7 P\u00f4le     du contr\u00f4le de l\u00e9galit\u00e9  \u00a0:\n- Correspondance, notification, demande d'avis, transmission de pi\u00e8ces et demandes de pi\u00e8ces  \ncompl\u00e9mentaires, dans le cadre des attributions du p\u00f4le sur le contr\u00f4le de l\u00e9galit\u00e9.\nBureau de la r\u00e9glementation g\u00e9n\u00e9rale et des \u00e9lections\u00a0:\n\uf0b7 Missions de proximit\u00e9   Syst\u00e8me d'Immatriculation des V\u00e9hicules (SIV)  \n- Conventions d'agr\u00e9ment ou d'habilitation individuelle \u00ab \u00a0professionnel de l'automobile \u00a0\u00bb pour le  \nSyst\u00e8me d'Immatriculation des V\u00e9hicules.\n\uf0b7 Missions de proximit\u00e9 p  ermis de conduire  \n- D\u00e9livrance des attestations pr\u00e9fectorales de v\u00e9rification m\u00e9dicale de l'aptitude physique pour le  \ntransport public de personnes (Art R221-10 II et IV du Code de la route);\n- Agr\u00e9ment des m\u00e9decins pour le contr\u00f4le m\u00e9dical de l'aptitude \u00e0 la conduite automobile.\n\uf0b7 R\u00e9glementation g\u00e9n\u00e9rale  \n- R\u00e9c\u00e9piss\u00e9s relatifs au droit d'option des franco-alg\u00e9riens et bi-nationaux ;\n- Attestations de revendeurs d'objets mobiliers ;\nPlace Aristide Briand \u2013 72 041 LE MANS Cedex 9 \u2013\nStandard : 02 85 32 72 72\nwww.sarthe.gouv.fr \u2013 pref-mail@sarthe.gouv.fr - Twitter : @Prefet72 - Facebook : Pr\u00e9fecture de la Sarthe\n2\nPr\u00e9fecture de la Sarthe - 72-2025-11-03-00001 - DCPPAT 2025 - 0324 23\n- Domiciliation des entreprises ;\n- Attestations de d\u00e9livrance du permis de chasser ;\n- Restitution de cartes professionnelles de conducteurs de taxi suite \u00e0 rupture du contrat de travail \nou cessation d'activit\u00e9 ;\n- D\u00e9livrances des cartes de taxi ;\n- D\u00e9livrance ou refus des agr\u00e9ments des centres de sensibilisation \u00e0 la s\u00e9curit\u00e9 routi\u00e8re ;\n- Autorisation d'animer les stages de sensibilisation \u00e0 la s\u00e9curit\u00e9 routi\u00e8re ;\n- D\u00e9livrance du r\u00e9c\u00e9piss\u00e9 de d\u00e9claration en vue de r\u00e9aliser l'examen psychotechnique pr\u00e9vu dans  \nle cadre du contr\u00f4le m\u00e9dical de l'aptitude \u00e0 la conduite ;\n- Classement des offices de tourisme ;\n- D\u00e9livrances ou refus des titres de ma\u00eetre restaurateur ;\n- Autorisations de transport de corps en dehors du territoire m\u00e9tropolitain ;\n- Laissez passer mortuaires ;\n- Octroi d'un d\u00e9lai suppl\u00e9mentaire pour l'inhumation ou la cr\u00e9mation de personnes d\u00e9c\u00e9d\u00e9es ;\n- Arr\u00eat\u00e9s d'autorisation d'inhumer dans une propri\u00e9t\u00e9 priv\u00e9e ;\n- Agr\u00e9ments des \u00e9tablissements de pompes fun\u00e8bres ;\n- Attestations de reconnaissance d'association cultuelle ;\n- R\u00e9c\u00e9piss\u00e9s de d\u00e9claration de cr\u00e9ation de fonds de dotation, fondations d'entreprise ;\n- R\u00e9c\u00e9piss\u00e9s de d\u00e9clarations de foires et salons ;\n- Agr\u00e9ments de commissaires de courses hippiques ;\n- Autorisations d'exercer la profession de loueur d'alambic ambulant ;\n- D\u00e9livrance ou refus de la carte de guide conf\u00e9rencier ;\n- D\u00e9livrance et retrait de la carte professionnelle de conducteur de voiture de transport avec  \nchauffeur (VTC) ;\n- D\u00e9livrance et retrait de la carte professionnelle de conducteur de v\u00e9hicule motoris\u00e9 \u00e0 deux ou  \ntrois roues (VMDTR) ;\n- Opposition \u00e0 la sortie du territoire\u00a0;\n- D\u00e9livrance  des  r\u00e9c\u00e9piss\u00e9s  de  d\u00e9claration  d'associations  loi  1901  (cr\u00e9ation,  modification, \ndissolution).\n\uf0b7 \u00c9lections  \n- Accus\u00e9s  de  r\u00e9ception,  r\u00e9c\u00e9piss\u00e9s  de  d\u00e9claration  des  candidatures  aux  diverses  \u00e9lections, \nd\u00e9pos\u00e9es en Pr\u00e9fecture ;\n- R\u00e9c\u00e9piss\u00e9s  de  retrait  de  candidature  aux  diverses  \u00e9lections,  des  demandes  d\u00e9pos\u00e9es  en \npr\u00e9fecture ;\n- R\u00e9c\u00e9piss\u00e9s de d\u00e9p\u00f4t de compte de campagne ;\n- Documents comptables, certifications des services faits et des factures relatives \u00e0 l'organisation  \ndes \u00e9lections ;\n- Saisie de recettes non fiscales ;\n- R\u00e9c\u00e9piss\u00e9s de d\u00e9claration des mandataires financiers.\n\uf0b7 Mission juridique  \n- Correspondances avec les juridictions administratives ;\n- Lettres aux avocats relatives \u00e0 la mise en \u0153uvre des paiements au titre du BOP 216 ;\n- Paiement des frais de justice et des frais d'interpr\u00e9tariat ;\n- Signature des m\u00e9moires en d\u00e9fense pour le Tribunal Administratif ou la Cour administrative  \nd'appel ;\n- Ordre \u00e0 payer sur Chorus des frais de justice de la mission juridique.\nPlace Aristide Briand \u2013 72 041 LE MANS Cedex 9 \u2013\nStandard : 02 85 32 72 72\nwww.sarthe.gouv.fr \u2013 pref-mail@sarthe.gouv.fr - Twitter : @Prefet72 - Facebook : Pr\u00e9fecture de la Sarthe\n3\nPr\u00e9fecture de la Sarthe - 72-2025-11-03-00001 - DCPPAT 2025 - 0324 24\nze ze\nze ze\nBureau du droit au s\u00e9jour\u00a0:\n\uf0b7 Naturalisations  \n- Correspondances courantes. \n\uf0b7 Droit au s\u00e9jour  \n- D\u00e9cisions relatives \u00e0 la d\u00e9livrance et au refus de d\u00e9livrance ou de renouvellement d'un titre de  \ns\u00e9jour\u00a0;\n- D\u00e9cisions relatives \u00e0 la d\u00e9livrance et au refus de d\u00e9livrance d'un r\u00e9c\u00e9piss\u00e9 de carte de s\u00e9jour ;\n- D\u00e9cisions relatives \u00e0 la d\u00e9livrance et au refus de d\u00e9livrance d'une autorisation provisoire de  \ns\u00e9jour\u00a0;\n- Attestation de prolongation d'instruction ;\n- D\u00e9cisions relatives \u00e0 la d\u00e9livrance et au refus de d\u00e9livrance d'un document de circulation pour  \n\u00e9tranger mineur ;\n- D\u00e9cision portant abrogation ou retrait d'un titre de s\u00e9jour et le retrait de ces d\u00e9cisions ;\n- R\u00e9ponse aux recours gracieux\u00a0;\n- Visas (avis d'octroi et de refus, de prolongation et de refus de prolongation, \u2026);\n- Acceptation ou refus de titres de voyage pour r\u00e9fugi\u00e9s ;\n- Acceptation ou refus de regroupement familial accord\u00e9 aux \u00e9trangers ;\n- D\u00e9cision portant refus de s\u00e9jour ;\n- D\u00e9cisions portant obligation de quitter le territoire fran\u00e7ais (OQTF), avec ou sans d\u00e9lai;\n- D\u00e9cisions portant fixation du pays de renvoi ;\n- D\u00e9cisions portant interdiction de retour ou de circulation sur le territoire fran\u00e7ais ;\n- M\u00e9moires et requ\u00eates devant le tribunal administratif  et la Cour administrative d'appel pour le  \ncontentieux du s\u00e9jour\u00a0; \n- Les documents collectifs de voyage scolaire ;\n- Les d\u00e9cisions portant refus de protection temporaire ;\n- Les d\u00e9livrances de titres de voyage pour r\u00e9fugi\u00e9s et de titre d'identit\u00e9 et de voyage ;\n- les r\u00e9tentions de passeport ou du document de voyage ;\n- Les r\u00e9c\u00e9piss\u00e9s valant justificatifs d'identit\u00e9.\nBureau de l'asile, de l'\u00e9loignement et du contentieux\u00a0:\n- Toutes d\u00e9cisions relatives aux attestations de demandes d'asile (d\u00e9livrance, refus de d\u00e9livrance,  \nrefus de renouvellement, retrait) ;\n- Attestation de prolongation d'instructions\u00a0;\n- D\u00e9cisions relatives \u00e0 la d\u00e9livrance et au refus de d\u00e9livrance ou de renouvellement d'un titre de  \ns\u00e9jour ;\n- D\u00e9cisions relatives \u00e0 la d\u00e9livrance et au refus de d\u00e9livrance d'un r\u00e9c\u00e9piss\u00e9 de carte de s\u00e9jour ;\n- D\u00e9cisions relatives \u00e0 la d\u00e9livrance et au refus de d\u00e9livrance d'une autorisation provisoire de  \ns\u00e9jour\u00a0; \n- D\u00e9cisions relatives \u00e0 la d\u00e9livrance et au refus de d\u00e9livrance d'un document de circulation pour  \n\u00e9tranger mineur ;\n-- D\u00e9cision portant abrogation ou retrait d'un titre de s\u00e9jour et le retrait de ces d\u00e9cisions ;\n- R\u00e9ponse aux recours gracieux\u00a0;\n- Refus de s\u00e9jour ;\n- D\u00e9cisions portant interdiction de circulation sur le territoire fran\u00e7ais ;\n- D\u00e9cisions portant obligation de quitter le territoire fran\u00e7ais (OQTF), avec ou sans d\u00e9lai;\n- Les arr\u00eat\u00e9s d'expulsion du territoire fran\u00e7ais;\nPlace Aristide Briand \u2013 72 041 LE MANS Cedex 9 \u2013\nStandard : 02 85 32 72 72\nwww.sarthe.gouv.fr \u2013 pref-mail@sarthe.gouv.fr - Twitter : @Prefet72 - Facebook : Pr\u00e9fecture de la Sarthe\n4\nPr\u00e9fecture de la Sarthe - 72-2025-11-03-00001 - DCPPAT 2025 - 0324 25\nvdee\nvd\u2014\u2014 2\nere. 7 x or\n- eo. .\nnn  mms  1\n. nm.\n, - 1\n\u2014= 8  .\n- D\u00e9cisions portant fixation du pays de renvoi ;\n- D\u00e9cisions portant interdiction de retour ou de circulation sur le territoire Fran\u00e7ais ; \n- D\u00e9cisions d'assignation \u00e0 r\u00e9sidence et de renouvellement d'AAR ;\n- D\u00e9cisions de r\u00e9admission en application des conventions internationales ou du droit de l'Union  \nEurop\u00e9enne ;\n- Les d\u00e9cisions relevant de la proc\u00e9dure Dublin dont les d\u00e9cisions de transfert ;\n- D\u00e9cisions de placement en r\u00e9tention administrative ;\n- D\u00e9cisions de maintien en r\u00e9tention administrative et d'irrecevabilit\u00e9\u00a0;\n- Demandes de laissez-passer consulaires ;\n- D\u00e9livrance de laissez-passer europ\u00e9ens ;\n- R\u00e9quisitions administratives des forces de l'ordre ;\n- Les r\u00e9tentions de passeport ou du document de voyage ;\n- Les r\u00e9c\u00e9piss\u00e9s valant justificatifs d'identit\u00e9 ;\n- Signalement  au  procureur  de  la  R\u00e9publique  sur  le  fondement  de  l'article  40  du  code  de \nproc\u00e9dure p\u00e9nale ;\n- Saisine du Procureur de la R\u00e9publique ;\n- Mandat de repr\u00e9sentation devant les juridictions administratives et judiciaires ; \n- Saisines, requ\u00eates et m\u00e9moires devant les juridictions administratives et judiciaires (1 er instance \net appel) ;\n- Certifications des services faits et des factures relatives \u00e0 l'interpr\u00e9tariat dans les proc\u00e9dures  \nadministratives concernant les \u00e9trangers\u00a0;\n- Convocations notamment pour la COMEX (commission d'expulsion) ;\n- D\u00e9livrance de sauf-conduits.\nArticle 2\u00a0: \nEn cas d'absence ou d'emp\u00eachement de  Mme Chantal VIGUI\u00c9,  la d\u00e9l\u00e9gation de signature qui lui est  \nconf\u00e9r\u00e9e par l'article 1 sera exerc\u00e9e par Mme Florence MARTINEAU, attach\u00e9e principale d'administration \nde l'\u00c9tat, directrice adjointe de la citoyennet\u00e9 et de la l\u00e9galit\u00e9 de la pr\u00e9fecture de la Sarthe.\nArticle 3\u00a0: \nEn cas d'absence ou d'emp\u00eachement de  Mme Chantal VIGUI\u00c9  et de  Mme Florence MARTINEAU,  la \nd\u00e9l\u00e9gation de signature qui leur est conf\u00e9r\u00e9e par l'article 1 sera exerc\u00e9e dans les limites des attributions  \nrespectives de leurs services ou bureaux:\n\uf0b7 Pour  le  bureau  du    droit  des  collectivit\u00e9s  territoriales  (BDCT)  ,  par  M. Romain  PINEAU, \nattach\u00e9 principal d'administration de l'\u00c9tat , chef d u bureau du droit des collectivit\u00e9s territoriales, par  M. \nJ\u00e9r\u00e9my CH\u00c9N\u00c9,  attach\u00e9 d'administration de l'\u00c9tat ,  adjoint au chef d u bureau du droit des collectivit\u00e9s  \nterritoriales \u2013 chef du p\u00f4le du contr\u00f4le de l\u00e9galit\u00e9 , et par M. Sylvain CORMIER, secr\u00e9taire administratif de \nclasse exceptionnelle, adjoint au chef du bureau du droit des collectivit\u00e9s territoriales - chef du p\u00f4le du  \ncontr\u00f4le budg\u00e9taire, \u00e0 l'exclusion des arr\u00eat\u00e9s, des d\u00e9cisions et des lettres d'observations.\nPar ailleurs, les agents figurant dans le tableau en annexe 1 sont habilit\u00e9s \u00e0 effectuer les op\u00e9rations dans  \nChorus formulaire, dans la limite des attributions qui leur sont conf\u00e9r\u00e9es.\n\uf0b7 Pour le     bureau de  la r\u00e9glementation g\u00e9n\u00e9rale  et des \u00e9lections  (BRGE)  , par  Mme Linda  \nPOHU-LEPINAY, attach\u00e9e  principale d'administration de l'\u00c9tat,  cheffe du bureau de la r\u00e9glementation  \ng\u00e9n\u00e9rale et des \u00e9lections et par Mme Val\u00e9rie CAMINATI, secr\u00e9taire administrative de classe sup\u00e9rieure,  \nadjointe \u00e0 la cheffe de bureau de la r\u00e9glementation g\u00e9n\u00e9rale et des \u00e9lections, \u00e0 l'exclusion\u00a0:\nPlace Aristide Briand \u2013 72 041 LE MANS Cedex 9 \u2013\nStandard : 02 85 32 72 72\nwww.sarthe.gouv.fr \u2013 pref-mail@sarthe.gouv.fr - Twitter : @Prefet72 - Facebook : Pr\u00e9fecture de la Sarthe\n5\nPr\u00e9fecture de la Sarthe - 72-2025-11-03-00001 - DCPPAT 2025 - 0324 26\na\n\u2014\u2014\u2014  os or\nere. 7 or 1 , - 1\n. \u2014\u2014m me 2e oF\n- 1 -\n\u2014= coun \u2014\u2014\u2014  \u2014\n\u2014  ee \u2014\n- Conventions d'agr\u00e9ment ou d'habilitation individuelle \u00ab \u00a0professionnel de l'automobile\u00a0\u00bb pour  le \nSyst\u00e8me d'Immatriculation des V\u00e9hicules ;\n- Agr\u00e9ment des m\u00e9decins pour le contr\u00f4le m\u00e9dical de l'aptitude \u00e0 la conduite automobile\u00a0;\n- Domiciliation des entreprises ;\n- D\u00e9livrance ou refus des agr\u00e9ments des centres de sensibilisation \u00e0 la s\u00e9curit\u00e9 routi\u00e8re ;\n- Autorisation d'animer les stages de sensibilisation \u00e0 la s\u00e9curit\u00e9 routi\u00e8re ;\n- D\u00e9livrance du r\u00e9c\u00e9piss\u00e9 de d\u00e9claration en vue de r\u00e9aliser l'examen psychotechnique pr\u00e9vu dans \nle cadre du contr\u00f4le m\u00e9dical de l'aptitude \u00e0 la conduite ;\n- Classement des offices de tourisme ;\n- Arr\u00eat\u00e9s d'autorisation d'inhumer dans une propri\u00e9t\u00e9 priv\u00e9e ;\n- Agr\u00e9ments des \u00e9tablissements de pompes fun\u00e8bres ;\n- Attestations de reconnaissance d'association cultuelle ;\n- R\u00e9c\u00e9piss\u00e9s de d\u00e9claration de cr\u00e9ation de fonds de dotation, fondations d'entreprise ;\n- Agr\u00e9ments de commissaires de courses hippiques ;\n- Autorisations d'exercer la profession de loueur d'alambic ambulant ;\n-Documents comptables, certification des services faits et des factures relatives \u00e0 l'organisation  \ndes \u00e9lections; saisie de recettes non fiscales\u00a0;\n- Correspondances avec les juridictions administratives ;\n- Signature des m\u00e9moires en d\u00e9fense pour le Tribunal Administratif ou la Cour d'Appel.\nPar ailleurs, les agents figurant dans le tableau en annexe 1 sont habilit\u00e9s \u00e0 effectuer les op\u00e9rations dans  \nChorus formulaire, dans la limite des attributions qui leur sont conf\u00e9r\u00e9es.\n\uf0b7 Pour  le  bureau  du  droit  au  s\u00e9jour  des  \u00e9trangers  (BDSE)  ,  par M.  Miguel  BRAULT,  attach\u00e9 \nd'administration de l'\u00c9tat, chef du bureau du droit au s\u00e9jour des \u00e9trangers , \u00e0 l'exclusion\u00a0:\n- Correspondances courantes ;\n- M\u00e9moires et requ\u00eates devant le tribunal administratif et la Cour administrative d'appel pour le  \ncontentieux du s\u00e9jour .\nEn cas d'absence ou d'emp\u00eachement de M. Miguel BRAULT, chef du BDSE , la d\u00e9l\u00e9gation de signature qui \nlui est conf\u00e9r\u00e9e sera exerc\u00e9e par Mme Ma\u00eblle ROBELET, cheffe du BAEC ou \u00e0 d\u00e9faut par Mme Marjorie \nBOUVIER, adjointe \u00e0 la cheffe du BAEC.\n\uf0b7 Pour le bureau de l'asile, l'\u00e9loignement et du contentieux (BAEC)  , par  Mme Ma\u00eblle ROBELET , \nattach\u00e9e d'administration de l'\u00c9tat, cheffe du bureau de l'asile, l'\u00e9loignement et du contentieux et par Mme \nMarjorie  BOUVIER,  attach\u00e9e  d'administration  de  l'\u00c9tat,  adjointe  \u00e0  la  cheffe  du  bureau  de  l'asile, \nl'\u00e9loignement et du contentieux.\nEn cas d'absence de  Mme Ma\u00eblle ROBELET,  cheffe du BAEC,  et  Mme Marjorie BOUVIER , adjointe \u00e0 la  \ncheffe du BAEC, la d\u00e9l\u00e9gation qui leur est conf\u00e9r\u00e9e est exerc\u00e9e par M. Miguel BRAULT, chef du BDSE \nArticle  4  \u00a0  : Sont habilit\u00e9s\nPour le bureau du droit au s\u00e9jour , en cas d'absence ou d'emp\u00eachement de M. Miguel BRAULT\nMme  Isabelle  JACOB,  secr\u00e9taire  administrative  de  classe  sup\u00e9rieure et  Mme  V\u00e9ronique  BOISSIERE, \nsecr\u00e9taire administrative de classe normale, aux fins de signer \u00a0:\u00a0les correspondances courantes relatives \nPlace Aristide Briand \u2013 72 041 LE MANS Cedex 9 \u2013\nStandard : 02 85 32 72 72\nwww.sarthe.gouv.fr \u2013 pref-mail@sarthe.gouv.fr - Twitter : @Prefet72 - Facebook : Pr\u00e9fecture de la Sarthe\n6\nPr\u00e9fecture de la Sarthe - 72-2025-11-03-00001 - DCPPAT 2025 - 0324 27\n\u2014\u2014e me  ee \u2014\u2014_\u2014\nns\nau droit au s\u00e9jour dont les r\u00e9c\u00e9piss\u00e9s de demandes de cartes de s\u00e9jour et les autorisations provisoires de  \ns\u00e9jour (APS).\nMme Elvina RENVOISE,  adjointe administrative principale de 2\u00e8me classe , Mme Sandrine PELLIEUX,  \nadjointe administrative principale de  1\u00e8re classe , Mme Anne-Laure CHAMASSI,  adjointe administrative  \nprincipale  de  2\u00e8me  classe,  M. Rapha\u00ebl  GEROME,  adjoint  technique  principal  de  1\u00e8re classe ,  Mme \nCharlotte CHESNEAU, adjointe administrative principale de 1\u00e8re classe, Mme St\u00e9phanie CARREAU agente \ncontractuelle de cat\u00e9gorie C  et Mme Meryam AZZIMANI-EL GOUSLI, agente contractuelle de cat\u00e9gorie  \nC, re\u00e7oivent d\u00e9l\u00e9gation de signature \u00e0 l'effet de contresigner\u00a0: \n- Les visas de r\u00e9gularisation\u00a0; \n- Les maquettes de fabrication des titres de s\u00e9jour \u00a0et les autorisations provisoires de s\u00e9jour  \n(APS) ;\n- Les r\u00e9c\u00e9piss\u00e9s de demande de cartes de s\u00e9jour\u00a0;\n- Les titres de voyage pour \u00e9trangers b\u00e9n\u00e9ficiaires d'une protection internationale.\nPour le bureau de l'asile, de l'\u00e9loignement et du contentieux, en cas d'absence ou d'emp\u00eachement de Mme \nMa\u00eblle ROBELET et de Mme Marjorie BOUVIER\nM.  S\u00e9bastien  DAABEK, adjoint  administratif  principal  de  1\u00e8re classe  et  M.  Alain  NABHAN,  agent \ncontractuel de cat\u00e9gorie B, aux fins de signer\u00a0:\n- Les demandes de laissez-passer consulaires\u00a0;\n- Les maquettes de fabrication des titres de s\u00e9jour\u00a0;\n- Les attestations de demandeurs d'asile\u00a0;\n- Les r\u00e9c\u00e9piss\u00e9s de demande de titre de s\u00e9jour .\nArticle   5  :   \nLa secr\u00e9taire g\u00e9n\u00e9rale de la pr\u00e9fecture de la Sarthe et la directrice de la citoyennet\u00e9 et de la l\u00e9galit\u00e9 sont  \ncharg\u00e9es, chacune en ce qui la concerne, de l'ex\u00e9cution du pr\u00e9sent arr\u00eat\u00e9 qui sera publi\u00e9 au recueil des  \nactes administratifs de la pr\u00e9fecture de la Sarthe.\n     Le pr\u00e9fet de la Sarthe,\n      Sign\u00e9 \n     S\u00e9bastien JALLET\nPlace Aristide Briand \u2013 72 041 LE MANS Cedex 9 \u2013\nStandard : 02 85 32 72 72\nwww.sarthe.gouv.fr \u2013 pref-mail@sarthe.gouv.fr - Twitter : @Prefet72 - Facebook : Pr\u00e9fecture de la Sarthe\n7\nPr\u00e9fecture de la Sarthe - 72-2025-11-03-00001 - DCPPAT 2025 - 0324 28\nAnnexe 1- \u00e0 l'arr\u00eat\u00e9 du 01 novembre 2025Service CHORUS FORMULAIRE Actualisation\n5 \u00bb 283 5 \u00a9 \u00a7Profil Profil 5 @& +2 BoP - \u00a2 @Nom - Pr\u00e9nom Saisisseur Valideur = 5 = = Utilis\u00e9s = 2 x8 \u00e0 #f 8 2(07m) (07M) (ON) (O/H) (OH): 176-216-218-VIGUI\u00c9 Chantal CL NON our |NON|NON| Non | ESS) N | oO | N176-216-218-MARTINEAU Florence CL NON our |NON|NON| Non | ESS) N | oO | N\n. 176-216-232-DEBRUYNE D\u00e9borah CL OUI oul oul | oul | oul 20 o [NN {nN\n. 176-216-218-POH Linda OCL - BRGE OUI oul our | our | our | Soe | o | N IN\n2. 176-216-218-CAMINAT] Val\u00e9rie OCL- BRGE OUI oul our | our | our | oe o | N INMAILLET Fabienne OCL - BRGE OUI NON OUI | OUI | OUI |216-218-232 | O N N\nP 176-216-218-PICHON Aur\u00e9lie OCL- BRGE OUI Non | our | our | oui oa o}|n {nNPINEAU Romain DCL- BOCT NON oul our | our | our | 119-122-754] \u00a9 | N | NCHENE J\u00e9r\u00e9my DCL- BOCT NON oul our | our | our | 119-122-754] \u00a9 | N | NCORMIER Sylvain DCL- BOCT NON oul our | our | our | 119-122-754/ N | Oo | NBOURDEAU C\u00e9cile DCL - BDCT OUI non | ou | oui | oui | 119-122-754] \u00a9 | N | NPARANTEAU Nicolas DOL- BDCT OUI non | our | oui | oui | 119-122-754] \u00a9 | N | NRAGNI Am\u00e9lie DCL - BOCT oul non | Ou! | oui | oui | 119-122-754] \u00a9 | N | NROBELET Ma\u00eblle DCL- BAEC NON NON | NON | NON | NONBOUVIER Marjorie DCL- BAEC NON NON | NON | NON | NONBRAULT Miguel OGL- BOSE NON NON | NON | NON | NON\nPlace Aristide Briand \u2013 72 041 LE MANS Cedex 9 \u2013\nStandard : 02 85 32 72 72\nwww.sarthe.gouv.fr \u2013 pref-mail@sarthe.gouv.fr - Twitter : @Prefet72 - Facebook : Pr\u00e9fecture de la Sarthe\n8\nPr\u00e9fecture de la Sarthe - 72-2025-11-03-00001 - DCPPAT 2025 - 0324 29\nPr\u00e9fecture de la Sarthe\n72-2025-11-06-00001\nVid\u00e9oprotection provisoire-Le Mans-rue Gustave\nCourbet-raa\nPr\u00e9fecture de la Sarthe - 72-2025-11-06-00001 - Vid\u00e9oprotection provisoire-Le Mans-rue Gustave Courbet-raa 30\nEnPREFETDE LA SARTHELibert\u00e9Egalit\u00e9Fraternit\u00e9\nCabinet\nService des s\u00e9curit\u00e9s\nBureau des Polices Administratives\n  \n  \nARRETE PREFECTORAL du 6/11/2025\nPortant autorisation d'un syst\u00e8me de vid\u00e9oprotection rue Gustave Courbet au Mans pour une dur\u00e9e de 2 mois.\nLe Pr\u00e9fet de la Sarthe \nChevalier de l'Ordre National du M\u00e9rite\nVU le code de la s\u00e9curit\u00e9 int\u00e9rieure et notamment les articles L.251-1 \u00e0 L.251-8, L.252-6 et L.252-7\u00a0;\nVU le d\u00e9cret n\u00b0 2004-374 du 29 avril 2004 modifi\u00e9 relatif aux pouvoirs des pr\u00e9fets, \u00e0 l'organisation et \u00e0 l'action des \nservices de l'Etat dans les r\u00e9gions et les d\u00e9partements\u00a0;\nVU l'arr\u00eat\u00e9  minist\u00e9riel  du  3  ao\u00fbt  2007  portant  d\u00e9finition  des  normes  techniques  des  syst\u00e8mes  de  \nvid\u00e9oprotection ;\nVU la circulaire minist\u00e9rielle n\u00b0 INT/D/09/00057/C du 12 mars 2009 relative \u00e0 l'application des articles 10 et 10-1 de  \nla loi n\u00b0 95-73 modifi\u00e9e susvis\u00e9e ;\nVU le d\u00e9cret du 12 juin 2025 portant nomination de Monsieur S\u00e9bastien JALLET en qualit\u00e9 de pr\u00e9fet de la Sarthe ;\nVU la demande pr\u00e9sent\u00e9e le 27 octobre 2025 par M. St\u00e9phane LE FOLL, maire de Le Mans en vue d'obtenir une  \nautorisation provisoire d'exploiter un syst\u00e8me de vid\u00e9oprotection rue Gustave Courbet au Mans, pour une dur\u00e9e  \nde 2 mois ;\nCONSID\u00c9RANT les probl\u00e8mes r\u00e9currents de d\u00e9gradations r\u00e9p\u00e9t\u00e9es sur les v\u00e9hicules des habitants ;\nCONSID\u00c9RANT  que  cette  d\u00e9linquance  localis\u00e9e  persistante  permet  de  consid\u00e9rer  que  celle-ci  pr\u00e9sente  des \nrisques particuliers d'atteinte \u00e0 la s\u00e9curit\u00e9 des personnes et des biens\u00a0;\nCONSID\u00c9RANT que le pr\u00e9fet peut autoriser la mise en \u0153uvre d'un syst\u00e8me de vid\u00e9oprotection, \u00e0 titre provisoire,  \net ce sans r\u00e9unir la commission d\u00e9partementale de vid\u00e9oprotection pour une dur\u00e9e maximale de quatre mois\u00a0;\nCONSID\u00c9RANT qu'il convient d'adopter des mesures propres \u00e0 garantir la s\u00e9curit\u00e9 des personnes et des biens et \u00e0 \nmaintenir l'ordre public ;\nSUR proposition de la sous-pr\u00e9f\u00e8te, directrice de cabinet de la pr\u00e9fecture de la Sarthe,\nA R R \u00ca T E \nArticle 1 \u00a0: Dans le cadre des mesures visant \u00e0 s\u00e9curiser la rue Gustave Courbet au Mans, M. St\u00e9phane LE FOLL,  \nmaire du Mans est autoris\u00e9 \u00e0 exploiter un syst\u00e8me de vid\u00e9oprotection pour une dur\u00e9e de 2 mois \u00e0 compter de la  \nd\u00e9livrance de cet arr\u00eat\u00e9. \nCe dispositif poursuit la finalit\u00e9 suivante\u00a0:\n_ Pr\u00e9vention des atteintes \u00e0 la s\u00e9curit\u00e9 des personnes et des biens dans des lieux et \u00e9tablissements ouverts \nau public particuli\u00e8rement expos\u00e9s \u00e0 des risques d'agression et de vol ou de trafic de stup\u00e9fiant.\nPr\u00e9fecture de la Sarthe - 72-2025-11-06-00001 - Vid\u00e9oprotection provisoire-Le Mans-rue Gustave Courbet-raa 31\nArticle 2\u00a0: Le syst\u00e8me consid\u00e9r\u00e9 ne doit pas \u00eatre destin\u00e9 \u00e0 alimenter un ficher nominatif. Il doit \u00eatre conforme aux  \nnormes techniques fix\u00e9es par la r\u00e9glementation susvis\u00e9e. Les cam\u00e9ras peuvent filmer la voie publique. Dans le cas  \no\u00f9 des lieux priv\u00e9s se situent dans le champ de vision des cam\u00e9ras, ils doivent obligatoirement faire l'objet d'un  \nmasquage ou d'un floutage.\nArticle 3\u00a0: Des consignes tr\u00e8s pr\u00e9cises sur la confidentialit\u00e9 des images capt\u00e9es ou/et enregistr\u00e9es et des atteintes  \n\u00e0  la  vie  priv\u00e9e  qu'elles  peuvent  \u00e9ventuellement  impliquer  sont  donn\u00e9es  \u00e0  toutes  les  personnes  habilit\u00e9es  \u00e0 \nacc\u00e9der aux images.\nArticle 4  \u00a0  :   Le visionnage, l'enregistrement et le traitement des images, sera strictement interdit \u00e0 toute personne  \nn'y ayant pas une fonction pr\u00e9cise ou qui n'aura pas \u00e9t\u00e9 pr\u00e9alablement habilit\u00e9e et autoris\u00e9e par l'autorit\u00e9  \nresponsable du syst\u00e8me ou de son exploitation.\nArticle  5  \u00a0  :  \u00a0Hormis  le  cas  d'une  enqu\u00eate  de  flagrant  d\u00e9lit,  d'une  enqu\u00eate  pr\u00e9liminaire  ou  d'une  information \njudiciaire, les enregistrements sont d\u00e9truits dans un d\u00e9lai maximum de 30 jours.\nArticle 6  \u00a0  :   Les fonctionnaires de police ou les militaires de gendarmerie, les agents des douanes et les agents des  \nservices d'incendie et de secours, d\u00fbment habilit\u00e9s et d\u00e9sign\u00e9s dans les conditions pr\u00e9vues au code de la s\u00e9curit\u00e9  \nint\u00e9rieure, peuvent acc\u00e9der \u00e0 tout moment aux images et enregistrements de ce syst\u00e8me de vid\u00e9oprotection.\nLa dur\u00e9e de conservation des images ne peut exc\u00e9der le d\u00e9lai vis\u00e9 \u00e0 l'article 5 du pr\u00e9sent arr\u00eat\u00e9, sauf dans le cas  \no\u00f9 les donn\u00e9es sont utilis\u00e9es dans le cadre des enqu\u00eates pr\u00e9liminaires ou de flagrant d\u00e9lit ou d'une information  \njudiciaire.\nArticle 7\u00a0: La tenue d'un registre mentionnant les enregistrements r\u00e9alis\u00e9s, la date de destruction de ceux-ci et le  \ncas \u00e9ch\u00e9ant la date de transmission au Parquet est obligatoire. Ce registre doit pouvoir \u00eatre pr\u00e9sent\u00e9 \u00e0 toute  \nr\u00e9quisition.\nArticle 8 : L'information du public de l'existence d'un syst\u00e8me de vid\u00e9oprotection, la qualit\u00e9 et les coordonn\u00e9es  \ndu responsable de ce syst\u00e8me, doivent appara\u00eetre de mani\u00e8re claire et permanente \u00e0 chaque point d'acc\u00e8s du  \npublic et en nombre suffisant.\nArticle 9 : La pr\u00e9sente autorisation est publi\u00e9e au recueil des actes administratifs de la pr\u00e9fecture.\nArticle 10 : La sous-pr\u00e9f\u00e8te, directrice de cabinet, le directeur d\u00e9partemental de la police nationale de la Sarthe,  \nsont charg\u00e9s chacun en ce qui le concerne de l'ex\u00e9cution du pr\u00e9sent arr\u00eat\u00e9 dont copie sera adress\u00e9e \u00e0 M. le maire  \ndu Mans.\nLe 06/11/2025\nPour le pr\u00e9fet,\nLa Directrice de Cabinet,\nSIGNE\nAnne-Charlotte BERTRAND\n\u00a0\u00a0\u00a0\u00a0\u00a0\u00a0\u00a0\u00a0\u00a0\u00a0\u00a0\u00a0\u00a0\u00a0\u00a0\u00a0\u00a0\u00a0\u00a0\u00a0\u00a0\u00a0\u00a0\u00a0\u00a0\u00a0\u00a0\u00a0\u00a0\u00a0 \u00a0\u00a0\nSi vous entendez contester le pr\u00e9sent arr\u00eat\u00e9, vous pouvez utiliser les voies de recours suivantes, dans un d\u00e9lai de deux mois : \n\uf0b7 un recours gracieux motiv\u00e9 peut-\u00eatre adress\u00e9 \u00e0 mes services.\n\uf0b7 un recours hi\u00e9rarchique peut \u00eatre introduit aupr\u00e8s de M. le Ministre de l'Int\u00e9rieur \u2013 Direction des Libert\u00e9s Publiques et des Affaires Juridiques \u2013 Cabinet, Bureau des \npolices administratives \u2013 11, rue des Saussaies \u2013 75008 Paris. \nEn l'absence de r\u00e9ponse de l'administration dans un d\u00e9lai de deux mois \u00e0 compter de la date de r\u00e9ception de votre recours, celui-ci doit \u00eatre consid\u00e9r\u00e9 comme implicitement rejet\u00e9. \n\uf0b7 un recours contentieux peut-\u00eatre form\u00e9 devant le tribunal administratif de Nantes \u2013 6, all\u00e9e de l'\u00eele Gloriette BP 24111 \u2013 44041 Nantes Cedex.\nLa juridiction administrative comp\u00e9tente peut aussi \u00eatre saisie via l'application T\u00e9l\u00e9recours citoyens accessible \u00e0 partir du site www.telerecours.fr\nPr\u00e9fecture de la Sarthe - 72-2025-11-06-00001 - Vid\u00e9oprotection provisoire-Le Mans-rue Gustave Courbet-raa 32","date":"2025-11-07","first_seen_on":"2025-11-07T15:53:33+00:00","id":"b2a5f13d6c6d392d13f125ec66c5da528326730bae34ce898ae16bc18bfc1141","name":"RAA n\u00b0206 du 07 novembre 2025","pdf_creation_date":"2025-11-07T15:04:07+00:00","pdf_modification_date":null,"timezone":"Europe/Paris","url":"https://www.sarthe.gouv.fr/contenu/telechargement/26574/164988/file/RAA%20n%C2%B0206%20du%2007%20novembre%202025.pdf"}
