{"administration":"pref75","administration_name":"Pr\u00e9fecture de Paris","content":"PREFECTURE\nDE PARIS\nRECUEIL DES ACTES\nADMINISTRATIFS SP\u00c9CIAL\nN\u00b075-2026-138\nPUBLI\u00c9 LE  5 MARS 2026\nSommaire\nAgence R\u00e9gionale de Sant\u00e9 d'Ile-de-France / D\u00e9l\u00e9gation\nD\u00e9partementale de Paris\n75-2026-02-27-00016 - Arr\u00eat\u00e9 n\u00b0 2026 - MS - 078, portant\nmodification de l'arr\u00eat\u00e9 n\u00b02025-229 portant autorisation\nd'extension de capacit\u00e9 de 27 \u00e0 41 places de l'institut\nM\u00e9dico-\u00c9ducatif (IME) Robert Doisneau (3 pages) Page 3\nPr\u00e9fecture de Police / Cabinet\n75-2026-03-04-00009 -  Arr\u00eat\u00e9 n\u00b0 2026-00264 autorisant la captation,\nl'enregistrement et la transmission d'images au moyen de cam\u00e9ras\ninstall\u00e9es sur des a\u00e9ronefs \u00e0 l'occasion d'une op\u00e9ration\nd'\u00e9vacuation d'un campement \u00e0 Noisy-le-Sec (93) le jeudi 5 mars\n2026 (4 pages) Page 7\n75-2026-03-05-00001 - Arr\u00eat\u00e9 n\u00b02026-00265 autorisant la captation,\nl'enregistrement et la transmission d'images au moyen d'une\ncam\u00e9ra install\u00e9e sur des a\u00e9ronefs en Seine-Saint-Denis (93) le 5 mars\n2026 (4 pages) Page 12\n75-2026-03-05-00002 - Arr\u00eat\u00e9 n\u00b02026-00267 autorisant la captation,\nl'enregistrement et la transmission d'images au moyen de cam\u00e9ras\ninstall\u00e9es sur des a\u00e9ronefs \u00e0 Paris \u00e0 l'occasion d'une\nmanifestation le samedi 7 mars 2026 (5 pages) Page 17\n2\nAgence R\u00e9gionale de Sant\u00e9 d'Ile-de-France\n75-2026-02-27-00016\nArr\u00eat\u00e9 n\u00b0 2026 - MS - 078, portant modification\nde l'arr\u00eat\u00e9 n\u00b02025-229 portant autorisation\nd'extension de capacit\u00e9 de 27 \u00e0 41 places de\nl'institut M\u00e9dico-\u00c9ducatif (IME) Robert Doisneau\nAgence R\u00e9gionale de Sant\u00e9 d'Ile-de-France - 75-2026-02-27-00016 - Arr\u00eat\u00e9 n\u00b0 2026 - MS - 078, portant modification de l'arr\u00eat\u00e9\nn\u00b02025-229 portant autorisation d'extension de capacit\u00e9 de 27 \u00e0 41 places de l'institut M\u00e9dico-\u00c9ducatif (IME) Robert Doisneau 3\nEoREPUBLIQUEFRANCAISELibert\u00e9Egalit\u00e9Fraternit\u00e9\n\u00a9 \u00bb Agence R\u00e9gionale de Sant\u00e9Ile-de-France\n \n   \n \n \n \n \n \n \n \nAGENCE R\u00c9GIONALE DE SANT\u00c9 \u00ceLE-DE-FRANCE \n \nARR\u00caT\u00c9 N\u00b0 2026 \u2013 MS \u2013 078  \n     \nportant modification de l'arr\u00eat\u00e9 n\u00b02025-229 portant  autorisation d'extension de capacit\u00e9 \nde 27 \u00e0 41 places de l'institut M\u00e9dico-\u00c9ducatif (IME) Robert Doisneau sis 51 rue Ren\u00e9 \nClair \u00e0 Paris (75018),  \n \ng\u00e9r\u00e9 par la Fondation \u0152uvre Village d'Enfants (OVE) \n \nLE DIRECTEUR G\u00c9N\u00c9RAL DE L'AGENCE R\u00c9GIONALE DE SANT\u00c9 \u00ceLE-DE-FRANCE \n \n \nVU le code de l'action sociale et des familles et notamment les articles L. 313-1, L. 312-1 et  \n            L. 314-3 et suivants ;  \n \nVU        le d\u00e9cret du 10 avril 2024 portant nomination de Monsieur Denis ROBIN, Directeur g\u00e9n\u00e9ral \nde l'Agence r\u00e9gionale de sant\u00e9 \u00cele-de-France \u00e0 compter du 29 avril 2024 ; \n \nVU     l'arr\u00eat\u00e9 DS n\u00b0002/2026 du 5 f\u00e9vrier 2026 portant d\u00e9l\u00e9gation de signature ; \n \nVU l'arr\u00eat\u00e9 n\u00b0 DIRNOV-2023/08 de la Directrice g\u00e9n\u00e9rale de l'Agence r\u00e9gionale de sant\u00e9 \u00cele-\nde-France en date du 26 octobre 2023 portant adoption du cadre d'orientation strat\u00e9gique \n2018-2028 du projet r\u00e9gional de sant\u00e9 d' \u00cele-de-France, modifi\u00e9 par l'arr\u00eat\u00e9 n\u00b0DIRNOV -\n2023/09 en date du 12 janvier 2024 ; \n \nVU l'arr\u00eat\u00e9 n\u00b0 DIRNOV-2023/09 de la Directrice g\u00e9n\u00e9rale de l'Agence r\u00e9gionale de sant\u00e9 \u00cele-\nde-France en date du 26 octobre 2023 portant adoption du sch\u00e9ma r\u00e9gional de sant\u00e9 \n2023-2028 du projet r\u00e9gional de sant\u00e9 d'\u00cele-de-France ; \n \nVU l'arr\u00eat\u00e9 n\u00b0 2023-346 de la Directrice g\u00e9n\u00e9rale de l'Agence r\u00e9gionale de sant\u00e9 \u00cele-de-France \nen date du 4 d\u00e9cembre 2023 \u00e9tablissant le programme interd\u00e9partemental \nd'accompagnement des handicaps et de la perte d'autonomie (PRIAC) 2023-2027 pour la \nr\u00e9gion \u00cele-de-France ; \n \nVU l'arr\u00eat\u00e9 n\u00b0 2016-342 du 20 octobre 2016 portant cession d'autorisation d'un Institut M\u00e9dico \n\u00c9ducatif (IME) du Centre Robert Doisneau situ\u00e9 51 rue Ren\u00e9 Clair \u00e0 Paris (75018) g\u00e9r\u00e9 \npar la Fondation Hospitali\u00e8re Sainte-Marie au profit de la Fondation \u0152uvre Village \nd'Enfants ; \n \nVU      l'arr\u00eat\u00e9 n\u00b0 2018-92 du 28 mai 2018 portant autorisation d'extension de capacit\u00e9 de 21 \u00e0 \n27 places de l'IME ; \n \nVU l'arr\u00eat\u00e9 n\u00b02025-229 du 27 ao\u00fbt 2025  portant modification de l'arr\u00eat\u00e9 n\u00b02025 -229 portant \nautorisation d'extension de capacit\u00e9 de 27 \u00e0 41 places de l'institut M\u00e9dico \u00c9ducatif (IME) \nRobert Doisneau sis 51 rue Ren\u00e9 Clair \u00e0 Paris (75018). \n \n \n \n \n \nAgence R\u00e9gionale de Sant\u00e9 d'Ile-de-France - 75-2026-02-27-00016 - Arr\u00eat\u00e9 n\u00b0 2026 - MS - 078, portant modification de l'arr\u00eat\u00e9\nn\u00b02025-229 portant autorisation d'extension de capacit\u00e9 de 27 \u00e0 41 places de l'institut M\u00e9dico-\u00c9ducatif (IME) Robert Doisneau 4\n2 \n \n \n   CONSIDERANT  qu'il est compatible avec les objectifs et r\u00e9pond aux besoins sociaux et \nm\u00e9dico-sociaux fix\u00e9s par le sch\u00e9ma r\u00e9gional de sant\u00e9 ; \n \nCONSIDERANT  qu'il satisfait aux r\u00e8gles d'organisation et de fonctionnement pr\u00e9vues par le \ncode de l'action sociale et des familles ;  \n \nCONSID\u00c9RANT  qu'il pr\u00e9sente un co\u00fbt de fonctionnement en ann\u00e9e pleine compatible avec \nle PRIAC \u00cele-de-France et avec le montant de l'une des dotations \nmentionn\u00e9es \u00e0 l'article L. 314-3 du code de l'action sociale et des familles ;  \n \nCONSID\u00c9RANT     que l'op\u00e9ration peut s'effectuer \u00e0 moyens constants et n'entra\u00eene donc \naucun surco\u00fbt ;      \n \n     \nARR\u00caTE \n \n \nARTICLE 1er :   L'autorisation visant modifier l'arr\u00eat\u00e9 portant autorisation d'extension de capacit\u00e9 de \n27 \u00e0 41 places de l'IME Robert Doisneau. \n \nARTICLE 2e :    La capacit\u00e9 totale de l'IME Robert Doisneau est de 41 places destin\u00e9es \u00e0 des enfants \net jeunes adultes \u00e2g\u00e9s de 0 \u00e0 20 ans avec TSA r\u00e9parties comme suit : \n \n- 21 places d'accueil de jour sur 210 jours  \n \n- 20 places d'internat dont : \n\u25aa 6 places en internat en 365 jours temps plein ; \n\u25aa 2 places en internat en 365 jours en s\u00e9quentiel ; \n\u25aa 5 places en internat en 365 jours temporaire ; \n\u25aa 7 places en internat 210 jours prioritairement destin\u00e9es au public \u00e0 double \nvuln\u00e9rabilit\u00e9 et compl\u00e9t\u00e9es par un dispositif connexe d'h\u00e9bergement ASE ;  \n \n \n\u27a2 Dans la limite de cette capacit\u00e9, il est en mesure d'assurer aux personnes qu'il accueille \nen fonction de leurs besoins, et dans la limite des places disponibles,  les modalit\u00e9s \nd'accueil et d'accompagnement suivantes  : \u00e0 titre permanent, temporaire ou selo n un \nmode s\u00e9quentiel, \u00e0 temps complet ou partiel, avec ou sans h\u00e9bergement.  \n \n \nARTICLE 3e :    Conform\u00e9ment aux termes du dernier alin\u00e9a du I de l'article D. 312 -0-3 du code de \nl'action sociale et des familles, aucune sp\u00e9cialisation n'exclut la prise en charge de \npersonnes pr\u00e9sentant des troubles associ\u00e9s \u00e0 ceux qui font l'objet de la pr\u00e9sente \nautorisation. \n \nARTICLE 4e : Cette structure est r\u00e9pertori\u00e9e dans le Fichier National des Etablissements Sanitaires \net Sociaux (FINESS) de la fa\u00e7on suivante : \n \n \n \n \n \n \n \n \nAgence R\u00e9gionale de Sant\u00e9 d'Ile-de-France - 75-2026-02-27-00016 - Arr\u00eat\u00e9 n\u00b0 2026 - MS - 078, portant modification de l'arr\u00eat\u00e9\nn\u00b02025-229 portant autorisation d'extension de capacit\u00e9 de 27 \u00e0 41 places de l'institut M\u00e9dico-\u00c9ducatif (IME) Robert Doisneau 5\n3 \n \nN\u00b0 FINESS de l'\u00e9tablissement : 75 005 152 6  \n \nCode cat\u00e9gorie : [183] \u2013 Institut M\u00e9dico-Educatif (IME) \nCode discipline :  [8444] \u2013 Tous projets \u00e9ducatifs, th\u00e9rapeutiques et p\u00e9dagogiques \nCode fonctionnement \n[11] \u2013 H\u00e9bergement complet internat 15 places \n[40] \u2013 Accueil temporaire avec \nh\u00e9bergement 5 places \n[21] \u2013 Accueil de jour 21 places \nCode client\u00e8le : [437] \u2013 Troubles du spectre de \nl'autisme 41 places \n \n \nCode mode de fixation des tarifs : 57_ARS/ARS PCD Dot.Glob  \n \nN\u00b0 FINESS du gestionnaire : 69 079 343 5  \n \nCode statut : [63] Fondation \n \nARTICLE 5e :  La pr\u00e9sente autorisation est valable sous r\u00e9serve du r\u00e9sultat positif de la visite de \nconformit\u00e9 pr\u00e9vue par l'article L313- 6 du code de l'action sociale et des familles. \n \n  ARTICLE 6e :   Tout changement important dans l'activit\u00e9, l'installation, l'organisation, la direction ou  \n    le fonctionnement de l'\u00e9tablissement doit \u00eatre port\u00e9 \u00e0 la connaissance de l'autorit\u00e9  \n    comp\u00e9tente. \n \nARTICLE 7e :  Un recours contre le pr\u00e9sent arr\u00eat\u00e9 peut \u00eatre form\u00e9 devant le tribunal administratif \ncomp\u00e9tent dans un d\u00e9lai de deux mois \u00e0 compter de sa notification ou, pour les tiers, \n\u00e0 compter de sa publication. \n \nARTICLE 8e :  Le Directeur de la D\u00e9l\u00e9gation d\u00e9partementale de Paris de l'Agence r\u00e9gionale de sant\u00e9 \n\u00cele-de-France est charg\u00e9 de l'ex\u00e9cution du pr\u00e9sent arr\u00eat\u00e9  qui sera publi\u00e9 au recueil \ndes actes administratifs de la R\u00e9gion \u00cele-de-France. \n \n \n \n        \n  Fait \u00e0 Saint-Denis, le 27 f\u00e9vrier 2026 \n \n \n Pour le Directeur g\u00e9n\u00e9ral   \n de l'Agence r\u00e9gionale de sant\u00e9  \n  \u00cele-de-France et par d\u00e9l\u00e9gation, \n \n                                                                                       Sign\u00e9 \n   \n  Tanguy BODIN \n  Directeur de la d\u00e9l\u00e9gation \n  D\u00e9partementale de Paris \nAgence R\u00e9gionale de Sant\u00e9 d'Ile-de-France - 75-2026-02-27-00016 - Arr\u00eat\u00e9 n\u00b0 2026 - MS - 078, portant modification de l'arr\u00eat\u00e9\nn\u00b02025-229 portant autorisation d'extension de capacit\u00e9 de 27 \u00e0 41 places de l'institut M\u00e9dico-\u00c9ducatif (IME) Robert Doisneau 6\nPr\u00e9fecture de Police\n75-2026-03-04-00009\n Arr\u00eat\u00e9 n\u00b0 2026-00264 autorisant la captation,\nl'enregistrement et la transmission d'images au\nmoyen de cam\u00e9ras install\u00e9es sur des a\u00e9ronefs \u00e0\nl'occasion d'une op\u00e9ration d'\u00e9vacuation d'un\ncampement \u00e0 Noisy-le-Sec (93) le jeudi 5 mars\n2026\nPr\u00e9fecture de Police - 75-2026-03-04-00009 -  Arr\u00eat\u00e9 n\u00b0 2026-00264 autorisant la captation, l'enregistrement et la transmission\nd'images au moyen de cam\u00e9ras install\u00e9es sur des a\u00e9ronefs \u00e0 l'occasion d'une op\u00e9ration d'\u00e9vacuation d'un campement \u00e0 Noisy-le-Sec\n(93) le jeudi 5 mars 2026\n7\nPREFECTUREDE POLICELibert\u00e9Egalit\u00e9Fraternit\u00e9\n0Lea\nCABINET DU PREFET\n        Arr\u00eat\u00e9 n\u00b0 2026-00264\nautorisant la captation, l'enregistrement et la transmission d'images au moyen de cam\u00e9ras \ninstall\u00e9es sur des a\u00e9ronefs \u00e0 l'occasion d'une op\u00e9ration d'\u00e9vacuation d'un campement \u00e0 Noisy-\nle-Sec (93) le jeudi 5 mars 2026\nLe pr\u00e9fet de police,\nVu le code de la s\u00e9curit\u00e9 int\u00e9rieure, notamment ses articles L. 242-1 \u00e0 L. 242-8 et R. 242-8 \u00e0  \nR.\u00a0242-15 ;\nVu  le  d\u00e9cret  n\u00b0  2004-374  du  29  avril  2004  modifi\u00e9  relatif  aux  pouvoirs  des  pr\u00e9fets,  \u00e0  \nl'organisation et \u00e0 l'action des services de l'Etat dans les r\u00e9gions et d\u00e9partements, notamment  \nson article 73 \u00a0;\nVu l'arr\u00eat\u00e9 du 19 avril 2023 relatif au nombre maximal de cam\u00e9ras install\u00e9es sur des a\u00e9ronefs  \npouvant \u00eatre simultan\u00e9ment utilis\u00e9es dans chaque d\u00e9partement et collectivit\u00e9 d'outre-mer\u00a0;\nVu  l'instruction  minist\u00e9rielle  NOR  IOMD2311883J  du  30  avril  2023  relative  \u00e0  la  proc\u00e9dure \nd'autorisation  des  cam\u00e9ras  install\u00e9es  sur  des  a\u00e9ronefs  pour  des  missions  de  police  \nadministrative\u00a0;\nVu le d\u00e9cret du 22 octobre 2025 par lequel M. Patrice FAURE, administrateur de l'\u00c9tat du  \ntroisi\u00e8me grade, directeur de cabinet du Pr\u00e9sident de la R\u00e9publique, est nomm\u00e9 pr\u00e9fet de  \npolice (groupe I), \u00e0 compter du 23 octobre 2025 ;\nVu la demande en date du 3 mars 2026  form\u00e9e par la direction de l'ordre public et de la  \ncirculation visant \u00e0 obtenir l'autorisation de capter, d'enregistrer et de transmettre des images  \nau moyen de deux cam\u00e9ras install\u00e9es sur des a\u00e9ronefs t\u00e9l\u00e9-pilot\u00e9s afin d'assurer la pr\u00e9vention  \ndes atteintes \u00e0 la s\u00e9curit\u00e9 des personnes et des biens, la s\u00e9curit\u00e9 des rassemblements et le  \nsecours aux personnes \u00e0 l'occasion de l'op\u00e9ration d'\u00e9vacuation d'un campement \u00e0 Noisy-le-\nSec dans le d\u00e9partement de la Seine-Saint-Denis (93) le jeudi 5 mars 2026 ; \nConsid\u00e9rant que les dispositions du I de l'article L. 242-5 du code de la s\u00e9curit\u00e9 int\u00e9rieure  \npermettent aux forces de s\u00e9curit\u00e9 int\u00e9rieure, dans l'exercice de leurs missions de pr\u00e9vention  \ndes atteintes \u00e0 l'ordre public et de protection de la s\u00e9curit\u00e9 des personnes et des biens, de  \nproc\u00e9der \u00e0 la captation, \u00e0 l'enregistrement et \u00e0 la transmission d'images au moyen de cam\u00e9ras  \ninstall\u00e9es sur des a\u00e9ronefs aux fins d'assurer la pr\u00e9vention des atteintes \u00e0 la s\u00e9curit\u00e9 des  \npersonnes  et  des  biens  dans  des  lieux  particuli\u00e8rement  expos\u00e9s,  la  s\u00e9curit\u00e9  des  \nrassemblements ainsi que le secours aux personnes\u00a0;\nConsid\u00e9rant que le jeudi 5 mars 2026 se d\u00e9roulera une op\u00e9ration de police visant \u00e0 proc\u00e9der \u00e0  \nl'\u00e9vacuation  d'un  campement  \u00e0  Noisy-le-Sec  ;  que  cette  op\u00e9ration  pr\u00e9sente  un  caract\u00e8re \nsensible  de  par  la  localisation  g\u00e9ographique  du  campement  situ\u00e9e  \u00e0  proximit\u00e9  des  voies  \nrapides et du canal de l'Ourcq, et de par les \u00e9ventuelles contestations dont l'\u00e9vacuation  \npourrait faire l'objet, lesquelles sont de nature \u00e0 induire la pr\u00e9sence de collectifs sur site pour  \ns'y opposer ; que le recours \u00e0 des cam\u00e9ras a\u00e9roport\u00e9es a pour objectif de pr\u00e9venir les troubles  \n1\nPr\u00e9fecture de Police - 75-2026-03-04-00009 -  Arr\u00eat\u00e9 n\u00b0 2026-00264 autorisant la captation, l'enregistrement et la transmission\nd'images au moyen de cam\u00e9ras install\u00e9es sur des a\u00e9ronefs \u00e0 l'occasion d'une op\u00e9ration d'\u00e9vacuation d'un campement \u00e0 Noisy-le-Sec\n(93) le jeudi 5 mars 2026\n8\n2\n\u00e0  l'ordre  public  et  la  commission  d'infractions  mais  \u00e9galement  d'assurer  la  s\u00e9curit\u00e9  des  \nrassemblements  ainsi  que  la  s\u00e9curit\u00e9  des  personnes,  des  biens  et  des  effectifs  de  police  \nmobilis\u00e9s lors de cette op\u00e9ration  ; qu'il vise \u00e9galement \u00e0 porter secours aux personnes le cas  \n\u00e9ch\u00e9ant \u00a0;\nConsid\u00e9rant que le recours \u00e0 des cam\u00e9ras a\u00e9roport\u00e9es permet de disposer d'une vision en  \ngrand angle tout en limitant l'engagement des forces au sol, et le cas \u00e9ch\u00e9ant, d'organiser de  \nmani\u00e8re r\u00e9active et efficace leur d\u00e9ploiement op\u00e9rationnel, notamment en cas de mouve -\nment de foule ou d'actions violentes de groupes d'individus \u00a0; qu'il n'existe pas de dispositif  \nmoins intrusif permettant de parvenir aux m\u00eames fins\u00a0;\nConsid\u00e9rant que la demande de la direction de l'ordre public et de la circulation porte sur  \nl'engagement de deux cam\u00e9ras a\u00e9roport\u00e9es qui pourront \u00eatre en vol simultan\u00e9ment en vue de  \ncapter, d'enregistrer et de transmettre des images ; que les zones survol\u00e9es sont strictement  \nlimit\u00e9es  aux  zones  o\u00f9  seront  mises  en  \u0153uvre  les  finalit\u00e9s  susvis\u00e9es  ;  que  la  dur\u00e9e  de  \nl'autorisation demand\u00e9e n'appara\u00eet pas disproportionn\u00e9e au regard de ces m\u00eames finalit\u00e9s ;\nSur proposition de la direction de l'ordre public et de la circulation,\nARRETE  \u00a0  :  \nArticle 1 er \u2013  La captation, l'enregistrement et la transmission d'images par la direction de  \nl'ordre public et de la circulation sont autoris\u00e9s \u00e0 l'occasion de l'op\u00e9ration susvis\u00e9e le jeudi 5  \nmars 2026 aux titres de\u00a0:\n- la pr\u00e9vention des atteintes \u00e0 la s\u00e9curit\u00e9 des personnes et des biens\u00a0;\n- la s\u00e9curit\u00e9 des rassemblements\u00a0;\n- le secours aux personnes.\nArticle  2  \u2013  Le  nombre  maximal  de  cam\u00e9ras  pouvant  proc\u00e9der  simultan\u00e9ment  \u00e0  des  \nenregistrements est fix\u00e9 \u00e0 2 cam\u00e9ras embarqu\u00e9es sur des a\u00e9ronefs t\u00e9l\u00e9-pilot\u00e9s.\nArticle 3 \u2013 La pr\u00e9sente autorisation est limit\u00e9e au p\u00e9rim\u00e8tre g\u00e9ographique figurant sur le plan  \nen annexe au pr\u00e9sent arr\u00eat\u00e9.\nArticle 4 \u2013 La  pr\u00e9sente autorisation est d\u00e9livr\u00e9e \u00a0 pour le jeudi 5 mars 2026 de 6h30 \u00e0 12h00  \npour l'ensemble des finalit\u00e9s pr\u00e9cit\u00e9es.\nArticle 5  \u2013  Le registre mentionn\u00e9 \u00e0 l'article L. 242-4 du code de la s\u00e9curit\u00e9 int\u00e9rieure est  \ntransmis au pr\u00e9fet de police, \u00e0 l'issue de la p\u00e9riode d'autorisation.\nArticle 6 \u2013 Le pr\u00e9fet de la Seine-Saint-Denis, le pr\u00e9fet, directeur du cabinet du pr\u00e9fet de police  \net le directeur de l'ordre public et de la circulation sont charg\u00e9s, sont charg\u00e9s, chacun en ce  \nqui le concerne, de l'ex\u00e9cution du pr\u00e9sent arr\u00eat\u00e9 qui entrera en vigueur \u00e0 compter de son affichage \naux  portes  de  la  pr\u00e9fecture  de  police  et  sera  publi\u00e9  aux  recueils  des  actes  administratifs  du \nd\u00e9partement de Paris et de la pr\u00e9fecture de Seine-Saint-Denis.\nFait \u00e0 Paris, le 4 mars 2026\nSIGNE\nPour le pr\u00e9fet de police\nLe sous-pr\u00e9fet, directeur adjoint de cabinet\nCharles BARBIER\n2026-00264\nPr\u00e9fecture de Police - 75-2026-03-04-00009 -  Arr\u00eat\u00e9 n\u00b0 2026-00264 autorisant la captation, l'enregistrement et la transmission\nd'images au moyen de cam\u00e9ras install\u00e9es sur des a\u00e9ronefs \u00e0 l'occasion d'une op\u00e9ration d'\u00e9vacuation d'un campement \u00e0 Noisy-le-Sec\n(93) le jeudi 5 mars 2026\n9\n3\nAnnexe de l'arr\u00eat\u00e9 n\u00b0 2026-00264 du 4 mars 2026\nVOIES ET DELAIS DE RECOURS\n_______________________\nSi vous estimez devoir contester la pr\u00e9sente autorisation, il vous est possible, dans un d\u00e9lai de  \ndeux mois \u00e0 compter de la date de son affichage ou de sa publication\u00a0:\n- soit de saisir d'un RECOURS GRACIEUX\nle Pr\u00e9fet de Police\n7/9, boulevard du Palais - 75195 PARIS RP\n- ou de former un RECOURS HIERARCHIQUE\n  aupr\u00e8s du Ministre de l'int\u00e9rieur et des outre-mer\n  Direction des libert\u00e9s publiques et des affaires juridiques\n  place Beauvau - 75008 PARIS\n- soit de saisir d'un RECOURS CONTENTIEUX\nle Tribunal administratif comp\u00e9tent\nAucune de ces voies et recours ne suspend l'application de la pr\u00e9sente d\u00e9cision.\nLes recours GRACIEUX et HIERARCHIQUE doivent \u00eatre \u00e9crits, exposer les arguments ou faits  \nnouveaux et comprendre la copie de la d\u00e9cision contest\u00e9e.\nLe  recours  contentieux,  qui  vise  \u00e0  contester  la  LEGALITE  de  la  pr\u00e9sente  d\u00e9cision,  doit  \n\u00e9galement \u00eatre \u00e9crit et exposer votre argumentation juridique.\nSi vous n'aviez pas de r\u00e9ponse \u00e0 votre recours GRACIEUX ou HIERARCHIQUE dans un d\u00e9lai de  \ndeux mois \u00e0 compter de la r\u00e9ception de votre recours par l'administration, votre demande  \ndevra \u00eatre consid\u00e9r\u00e9e comme rejet\u00e9e (d\u00e9cision implicite de rejet).\nEn cas de rejet des RECOURS GRACIEUX ou HIERARCHIQUE, le Tribunal administratif peut  \n\u00eatre saisi d'un recours contentieux dans le d\u00e9lai de deux mois \u00e0 compter de la date de la  \nd\u00e9cision de rejet.\n2026-00264\nPr\u00e9fecture de Police - 75-2026-03-04-00009 -  Arr\u00eat\u00e9 n\u00b0 2026-00264 autorisant la captation, l'enregistrement et la transmission\nd'images au moyen de cam\u00e9ras install\u00e9es sur des a\u00e9ronefs \u00e0 l'occasion d'une op\u00e9ration d'\u00e9vacuation d'un campement \u00e0 Noisy-le-Sec\n(93) le jeudi 5 mars 2026\n10\n42026-00264\nPr\u00e9fecture de Police - 75-2026-03-04-00009 -  Arr\u00eat\u00e9 n\u00b0 2026-00264 autorisant la captation, l'enregistrement et la transmission\nd'images au moyen de cam\u00e9ras install\u00e9es sur des a\u00e9ronefs \u00e0 l'occasion d'une op\u00e9ration d'\u00e9vacuation d'un campement \u00e0 Noisy-le-Sec\n(93) le jeudi 5 mars 2026\n11\nPr\u00e9fecture de Police\n75-2026-03-05-00001\nArr\u00eat\u00e9 n\u00b02026-00265 autorisant la captation,\nl'enregistrement et la transmission d'images au\nmoyen d'une cam\u00e9ra install\u00e9e sur des a\u00e9ronefs\nen Seine-Saint-Denis (93) le 5 mars 2026\nPr\u00e9fecture de Police - 75-2026-03-05-00001 - Arr\u00eat\u00e9 n\u00b02026-00265 autorisant la captation, l'enregistrement et la transmission d'images\nau moyen d'une cam\u00e9ra install\u00e9e sur des a\u00e9ronefs en Seine-Saint-Denis (93) le 5 mars 2026 12\nPREFECTUREDE POLICELibert\u00e9Egalit\u00e9Fraternit\u00e9\nLUa\nCABINET DU PREFET\nArr\u00eat\u00e9 n\u00b02026-00265\nautorisant la captation, l'enregistrement et la transmission d'images au moyen d'une cam\u00e9ra \ninstall\u00e9e sur des a\u00e9ronefs en Seine-Saint-Denis (93) le 5 mars 2026\nLe pr\u00e9fet de police,\nVu  le  code  de  la  s\u00e9curit\u00e9  int\u00e9rieure,  notamment  ses  articles  L.  242-1  \u00e0  L.\u00a0242-8  et  R.\u00a0242-8  \u00e0 \nR. 242-15 ;\nVu le d\u00e9cret n\u00b0 2004-374 modifi\u00e9 du 29 avril 2004 relatif aux pouvoirs des pr\u00e9fets, \u00e0 l'organisation et \n\u00e0 l'action des services de l'\u00c9tat dans les r\u00e9gions et d\u00e9partements, notamment son article 73 ;\nVu l'arr\u00eat\u00e9 du 19 avril 2023 relatif au nombre maximal de cam\u00e9ras install\u00e9es sur des a\u00e9ronefs  \npouvant \u00eatre simultan\u00e9ment utilis\u00e9es dans chaque d\u00e9partement et collectivit\u00e9 d'outre-mer\u00a0;\nVu  l'instruction  minist\u00e9rielle  NOR  IOMD2311883J  du  30  avril  2023  relative  \u00e0  la  proc\u00e9dure  \nd'autorisation des cam\u00e9ras install\u00e9es sur des a\u00e9ronefs pour des missions de police administrative\u00a0;\nVu le d\u00e9cret du 22 octobre 2025 par lequel M. Patrice FAURE, administrateur de l'Etat du troisi\u00e8me  \ngrade, directeur de cabinet du Pr\u00e9sident de la R\u00e9publique, est nomm\u00e9 pr\u00e9fet de police (groupe I), \u00e0 \ncompter du 23 octobre 2025\u00a0;\nVu la demande en date du 4 mars 2026  form\u00e9e par la direction territoriale de la s\u00e9curit\u00e9 de  \nproximit\u00e9  de  Seine-Saint-Denis  visant  \u00e0  obtenir  l'autorisation  de  capter,  d'enregistrer  et  de  \ntransmettre des images au moyen de deux cam\u00e9ras install\u00e9es sur des a\u00e9ronefs t\u00e9l\u00e9-pilot\u00e9s afin  \nd'assurer la pr\u00e9vention des atteintes \u00e0 la s\u00e9curit\u00e9 des personnes et des biens sur la commune du  \nPr\u00e9 Saint-Gervais (93) le jeudi 5 mars 2026 ;\nConsid\u00e9rant  que  les  dispositions  du  I  de  l'article  L.  242-5  du  code  de  la  s\u00e9curit\u00e9  int\u00e9rieure  \npermettent aux forces de s\u00e9curit\u00e9 int\u00e9rieure, dans l'exercice de leurs missions de pr\u00e9vention des  \natteintes \u00e0 l'ordre public et de protection de la s\u00e9curit\u00e9 des personnes et des biens, de proc\u00e9der \u00e0  \nla captation, \u00e0 l'enregistrement et \u00e0 la transmission d'images au moyen de cam\u00e9ras install\u00e9es sur  \ndes a\u00e9ronefs aux fins d'assurer la pr\u00e9vention des atteintes \u00e0 la s\u00e9curit\u00e9 des personnes et des biens  \ndans des lieux particuli\u00e8rement expos\u00e9s ;\nConsid\u00e9rant que la place S\u00e9verine situ\u00e9e sur la commune du Pr\u00e9 Saint-Gervais fait l'objet d'un  \ntrafic de stup\u00e9fiants quotidien qui impacte gravement la qualit\u00e9 de vie des riverains  ; que plusieurs \ninterpellations li\u00e9es au narcotrafic ont \u00e9t\u00e9 recens\u00e9es sur les derniers mois ; que la configuration des \nlieux  complique  consid\u00e9rablement  toute  intervention  des  forces  de  l'ordre  pour  pr\u00e9venir  la  \ncommission d'infractions face \u00e0 des groupes d'individus virulents ; qu'en effet cette configuration  \n(place centrale et stade de football entour\u00e9s de barres d'immeubles) rend la d\u00e9tection de ces  \ngroupes particuli\u00e8rement difficile et souvent p\u00e9rilleuse pour les forces de l'ordre et favorise les  \naxes de fuite des d\u00e9linquants \u00a0; que ces derniers connaissent parfaitement les lieux et peuvent en  \nutiliser chaque recoin, se dissimuler dans les v\u00e9g\u00e9tations ou sur les toits d'immeubles pour d\u00e9tecter \nla pr\u00e9sence des forces de l'ordre, d\u00e9jouer les moyens de surveillance puis porter atteinte \u00e0 l'action  \npolici\u00e8re sur le secteur \u00a0; que les moyens de surveillance ne permettent pas de lutter efficacement  \ncontre  les  infractions  li\u00e9es  aux  trafics  de  stup\u00e9fiants  ;  qu'au  regard  des  \u00e9l\u00e9ments  pr\u00e9cit\u00e9s,  il  \nconvient de pr\u00e9venir les troubles \u00e0 l'ordre public et la commission d'infractions ainsi que d'assurer  \nla s\u00e9curit\u00e9 des personnes, des biens et des effectifs de police mobilis\u00e9s dans ce p\u00e9rim\u00e8tre, dans le  \n1\nPr\u00e9fecture de Police - 75-2026-03-05-00001 - Arr\u00eat\u00e9 n\u00b02026-00265 autorisant la captation, l'enregistrement et la transmission d'images\nau moyen d'une cam\u00e9ra install\u00e9e sur des a\u00e9ronefs en Seine-Saint-Denis (93) le 5 mars 2026 13\ncadre de la lutte contre le narcotrafic  ; que le recours ponctuel aux cam\u00e9ras a\u00e9roport\u00e9es permet  \nd'appuyer l'action et le d\u00e9ploiement des effectifs de police sur le terrain \u00e0 l'occasion d'op\u00e9rations  \nd'initiative et d'adapter le dispositif de s\u00e9curit\u00e9 le cas \u00e9ch\u00e9ant, pour pr\u00e9venir ou faire cesser les  \ntroubles \u00e0 l'ordre public\u00a0;\nConsid\u00e9rant  que le recours aux cam\u00e9ras a\u00e9roport\u00e9es permet de disposer d'une vision en grand  \nangle tout en limitant l'engagement des forces au sol afin d'\u00e9viter les menaces pour leur int\u00e9grit\u00e9  \nphysique, d'anticiper les vell\u00e9it\u00e9s d'actions violentes group\u00e9es pouvant les viser et, le cas \u00e9ch\u00e9ant,  \nd'organiser de mani\u00e8re r\u00e9active et efficace leur d\u00e9ploiement op\u00e9rationnel, notamment en cas de  \nmouvement de foule ou d'actions violentes de groupes d'individus  ; qu'il n'existe pas de dispositif  \nmoins intrusif permettant de parvenir aux m\u00eames fins ;\nConsid\u00e9rant que la demande de la direction territoriale de la s\u00e9curit\u00e9 de proximit\u00e9 de Seine-Saint-\nDenis porte sur l'engagement de deux cam\u00e9ras a\u00e9roport\u00e9es qui pourront \u00eatre en vol en vue de  \ncapter,  d'enregistrer  et  de  transmettre  des  images \u00a0;  que  les  aires  survol\u00e9es  sont  strictement  \nlimit\u00e9es aux zones o\u00f9 des troubles \u00e0 l'ordre public sont susceptibles de se produire \u00a0; que la dur\u00e9e  \nde l'autorisation demand\u00e9e n'appara\u00eet pas disproportionn\u00e9e au regard de la finalit\u00e9 poursuivie ;\nSur proposition de la direction territoriale de la s\u00e9curit\u00e9 de proximit\u00e9 de Seine-Saint-Denis,\nARRETE\u00a0:\nArticle 1er \u2013 La captation, l'enregistrement et la transmission d'images par la direction territoriale  \nde la s\u00e9curit\u00e9 de proximit\u00e9 de Seine-Saint-Denis sont autoris\u00e9s sur la commune du Pr\u00e9 Saint-\nGervais (93) au titre de\u00a0la pr\u00e9vention des atteintes \u00e0 la s\u00e9curit\u00e9 des personnes et des biens.\nArticle  2  \u2013 Le  nombre  maximal  de  cam\u00e9ras  pouvant  proc\u00e9der  simultan\u00e9ment  \u00e0  des  \nenregistrements est fix\u00e9 \u00e0 2 cam\u00e9ras embarqu\u00e9es sur des a\u00e9ronefs t\u00e9l\u00e9-pilot\u00e9s.\nArticle 3 \u2013 La pr\u00e9sente autorisation s'applique au p\u00e9rim\u00e8tre g\u00e9ographique figurant sur le plan en  \nannexe au pr\u00e9sent arr\u00eat\u00e9.\nArticle 4 \u2013 La pr\u00e9sente autorisation est d\u00e9livr\u00e9e le jeudi 5 mars 2026 de 12h00 \u00e0 23h59 pour la mise  \nen \u0153uvre de la finalit\u00e9 pr\u00e9cit\u00e9e.\nArticle 5 \u2013 Le registre mentionn\u00e9 \u00e0 l'article L. 242-4 du code de la s\u00e9curit\u00e9 int\u00e9rieure est transmis au \npr\u00e9fet de police, \u00e0 l'issue de la p\u00e9riode d'autorisation.\nArticle 6 \u2013 Le pr\u00e9fet de la Seine-Saint-Denis, le pr\u00e9fet, directeur du cabinet du pr\u00e9fet de police et le \ndirecteur de la s\u00e9curit\u00e9 de proximit\u00e9 de l'agglom\u00e9ration parisienne sont charg\u00e9s, chacun en ce qui  \nle concerne, de l'ex\u00e9cution du pr\u00e9sent arr\u00eat\u00e9 qui entrera en vigueur d\u00e8s l'affichage aux portes de la \npr\u00e9fecture de police, sera publi\u00e9 aux recueils des actes administratifs du d\u00e9partement de Paris et  \nde la pr\u00e9fecture de la Seine-Saint-Denis.\nFait \u00e0 Paris, le 5 mars 2026\nSIGNE\nPour le pr\u00e9fet de police\nLe sous-pr\u00e9fet, directeur adjoint de cabinet\nCharles BARBIER\n2026-00265 2\nPr\u00e9fecture de Police - 75-2026-03-05-00001 - Arr\u00eat\u00e9 n\u00b02026-00265 autorisant la captation, l'enregistrement et la transmission d'images\nau moyen d'une cam\u00e9ra install\u00e9e sur des a\u00e9ronefs en Seine-Saint-Denis (93) le 5 mars 2026 14\nAnnexe de l'arr\u00eat\u00e9 n\u00b02026-00265 du 5 mars 2026\nVOIES ET DELAIS DE RECOURS\n_______________________\nSi vous estimez devoir contester la pr\u00e9sente autorisation, il vous est possible, dans un d\u00e9lai de deux \nmois \u00e0 compter de la date de son affichage ou de sa publication\u00a0:\n- soit de saisir d'un RECOURS GRACIEUX\nle Pr\u00e9fet de Police\n7/9, boulevard du Palais - 75195 PARIS RP\n- ou de former un RECOURS HIERARCHIQUE\n  aupr\u00e8s du Ministre de l'int\u00e9rieur et des outre-mer\n  Direction des libert\u00e9s publiques et des affaires juridiques\n  place Beauvau - 75008 PARIS\n- soit de saisir d'un RECOURS CONTENTIEUX\nle Tribunal administratif comp\u00e9tent\nAucune de ces voies et recours ne suspend l'application de la pr\u00e9sente d\u00e9cision.\nLes  recours  GRACIEUX  et  HIERARCHIQUE  doivent  \u00eatre  \u00e9crits,  exposer  les  arguments  ou  faits  \nnouveaux et comprendre la copie de la d\u00e9cision contest\u00e9e.\nLe recours contentieux, qui vise \u00e0 contester la LEGALITE de la pr\u00e9sente d\u00e9cision, doit \u00e9galement  \n\u00eatre \u00e9crit et exposer votre argumentation juridique.\nSi vous n'aviez pas de r\u00e9ponse \u00e0 votre recours GRACIEUX ou HIERARCHIQUE dans un d\u00e9lai de deux \nmois \u00e0 compter de la r\u00e9ception de votre recours par l'administration, votre demande devra \u00eatre  \nconsid\u00e9r\u00e9e comme rejet\u00e9e (d\u00e9cision implicite de rejet).\nEn cas de rejet des RECOURS GRACIEUX ou HIERARCHIQUE, le Tribunal administratif peut \u00eatre  \nsaisi d'un recours contentieux dans le d\u00e9lai de deux mois \u00e0 compter de la date de la d\u00e9cision de  \nrejet.\n2026-00265 3\nPr\u00e9fecture de Police - 75-2026-03-05-00001 - Arr\u00eat\u00e9 n\u00b02026-00265 autorisant la captation, l'enregistrement et la transmission d'images\nau moyen d'une cam\u00e9ra install\u00e9e sur des a\u00e9ronefs en Seine-Saint-Denis (93) le 5 mars 2026 15\n|aiesnp1Se\n2026-00265 4\nPr\u00e9fecture de Police - 75-2026-03-05-00001 - Arr\u00eat\u00e9 n\u00b02026-00265 autorisant la captation, l'enregistrement et la transmission d'images\nau moyen d'une cam\u00e9ra install\u00e9e sur des a\u00e9ronefs en Seine-Saint-Denis (93) le 5 mars 2026 16\nPr\u00e9fecture de Police\n75-2026-03-05-00002\nArr\u00eat\u00e9 n\u00b02026-00267 autorisant la captation,\nl'enregistrement et la transmission d'images au\nmoyen de cam\u00e9ras install\u00e9es sur des a\u00e9ronefs \u00e0\nParis \u00e0 l'occasion d'une manifestation le samedi\n7 mars 2026\nPr\u00e9fecture de Police - 75-2026-03-05-00002 - Arr\u00eat\u00e9 n\u00b02026-00267 autorisant la captation, l'enregistrement et la transmission d'images\nau moyen de cam\u00e9ras install\u00e9es sur des a\u00e9ronefs \u00e0 Paris \u00e0 l'occasion d'une manifestation le samedi 7 mars 2026 17\nPREFECTUREDE POLICELibert\u00e9Egalit\u00e9Fraternit\u00e9\n0Lea\n1\nCABINET DU PREFET\nArr\u00eat\u00e9 n\u00b02026-00267\nautorisant la captation, l'enregistrement et la transmission d'images au moyen de cam\u00e9ras \ninstall\u00e9es sur des a\u00e9ronefs \u00e0 Paris \u00e0 l'occasion d'une manifestation le samedi 7 mars 2026\nLe pr\u00e9fet de police,\nVu le code de la s\u00e9curit\u00e9 int\u00e9rieure, notamment ses articles L. 242-1 \u00e0 L. \u00a0242-8 et R.\u00a0242-8 \u00e0 \nR. 242-14\u00a0;\nVu le d\u00e9cret n\u00b0 2004-374 modifi\u00e9 du 29 avril 2004 relatif aux pouvoirs des pr\u00e9fets, \u00e0  \nl'organisation et \u00e0 l'action des services de l'Etat dans les r\u00e9gions et d\u00e9partements\u00a0;\nVu l'arr\u00eat\u00e9 du 19 avril 2023 relatif au nombre maximal de cam\u00e9ras install\u00e9es sur des  \na\u00e9ronefs pouvant \u00eatre simultan\u00e9ment utilis\u00e9es dans chaque d\u00e9partement et collectivit\u00e9  \nd'outre-mer\u00a0;\nVu l'instruction minist\u00e9rielle NOR IOMD2311883J du 30 avril 2023 relative \u00e0 la proc\u00e9dure  \nd'autorisation  des  cam\u00e9ras  install\u00e9es  sur  des  a\u00e9ronefs  pour  des  missions  de  police  \nadministrative\u00a0;\nVu le d\u00e9cret du 22 octobre 2025 par lequel M. Patrice FAURE, administrateur de l'Etat du  \ntroisi\u00e8me grade, directeur de cabinet du Pr\u00e9sident de la R\u00e9publique, est nomm\u00e9 pr\u00e9fet de  \npolice (groupe I), \u00e0 compter du 23 octobre 2025 ;\nVu la demande en date du 3 mars 2026 form\u00e9e par la direction de l'ordre public et de la  \ncirculation visant \u00e0 obtenir l'autorisation de capter, d'enregistrer et de transmettre des  \nimages au moyen de deux cam\u00e9ras install\u00e9es sur des a\u00e9ronefs t\u00e9l\u00e9-pilot\u00e9s afin d'assurer la  \npr\u00e9vention  des  atteintes  \u00e0  la  s\u00e9curit\u00e9  des  personnes  et  des  biens,  la  s\u00e9curit\u00e9  des  \nrassemblements et la pr\u00e9vention d'actes de terrorisme  \u00e0 Paris  le samedi 7 mars 2026 \u00e0  \nl'occasion d'une manifestation sur la voie publique\u00a0;\nConsid\u00e9rant que les dispositions du I de l'article L. 242-5 du code de la s\u00e9curit\u00e9 int\u00e9rieure  \npermettent  aux  forces  de  s\u00e9curit\u00e9  int\u00e9rieure,  dans  l'exercice  de  leurs  missions  de  \npr\u00e9vention des atteintes \u00e0 l'ordre public et de protection de la s\u00e9curit\u00e9 des personnes et  \ndes biens, de proc\u00e9der \u00e0 la captation, \u00e0 l'enregistrement et \u00e0 la transmission d'images au  \nmoyen  de  cam\u00e9ras  install\u00e9es  sur  des  a\u00e9ronefs  aux  fins  d'assurer  la  pr\u00e9vention  des  \natteintes \u00e0 la s\u00e9curit\u00e9 des personnes et des biens, la s\u00e9curit\u00e9 des rassemblements de  \npersonnes sur la voie publique ainsi que l'appui des personnels au sol, en vue de leur  \npermettre de maintenir ou de r\u00e9tablir l'ordre public lorsque ces rassemblements sont  \nsusceptibles d'entra\u00eener des troubles graves \u00e0 l'ordre public et la pr\u00e9vention d'actes de  \nterrorisme ; \nConsid\u00e9rant  qu'une  manifestation  sera  organis\u00e9e  par  l'observatoire  du  racisme  en  \npolitique \u00e0 l'occasion de la Journ\u00e9e internationale de lutte pour les droits des femmes et  \ndes minorit\u00e9s de genre, le samedi 7 mars 2026 \u00e0 Paris de la place des F\u00eates jusqu'\u00e0 la place  \nde la R\u00e9publique, afin de \u00ab  d\u00e9noncer les violences de genre et patriarcales, les violences  \nfascistes et racistes ainsi que les violences LGBT phobes  \u00bb ; que la manifestation d\u00e9clar\u00e9e  \npeut  laisser  \u00e0  craindre  des  affrontements  violents  avec  des  militants  aux  opinions  \nPr\u00e9fecture de Police - 75-2026-03-05-00002 - Arr\u00eat\u00e9 n\u00b02026-00267 autorisant la captation, l'enregistrement et la transmission d'images\nau moyen de cam\u00e9ras install\u00e9es sur des a\u00e9ronefs \u00e0 Paris \u00e0 l'occasion d'une manifestation le samedi 7 mars 2026 18\nantagonistes, compte tenu du contexte actuel national particuli\u00e8rement tendu\u00a0; qu'ainsi, il \nconvient d'assurer la s\u00e9curit\u00e9 des personnes, des biens et des rassemblements \u00e0 cette  \noccasion et de pr\u00e9venir les troubles \u00e0 l'ordre public qui pourraient advenir \u00e0 l'occasion de  \ncette manifestation\u00a0;\nConsid\u00e9rant que le recours \u00e0 des cam\u00e9ras a\u00e9roport\u00e9es permet de disposer d'une vision en  \ngrand angle tout en limitant l'engagement des forces au sol afin d'\u00e9viter notamment des  \nmenaces pour leur int\u00e9grit\u00e9 physique, et le cas \u00e9ch\u00e9ant, d'organiser de mani\u00e8re r\u00e9active et \nefficace leur d\u00e9ploiement op\u00e9rationnel, notamment en cas de mouvement de foule ou  \nd'actions  violentes  de  groupes  d'individus ;  qu'il  n'existe  pas  de  dispositif  moins  intrusif \npermettant de parvenir aux m\u00eames fins ;\nConsid\u00e9rant que la demande de la direction de l'ordre public et de la circulation porte sur  \nl'engagement de deux cam\u00e9ras a\u00e9roport\u00e9es qui pourront \u00eatre en vol simultan\u00e9ment en vue \nde  capter,  d'enregistrer  et  de  transmettre  des  images \u00a0;  que  les  aires  survol\u00e9es  sont  \nstrictement  limit\u00e9es  aux  zones  o\u00f9  des  troubles  \u00e0  l'ordre  public  sont  susceptibles  de  se \nproduire\u00a0; que  la  dur\u00e9e  de  l'autorisation  demand\u00e9e  n'appara\u00eet  pas  disproportionn\u00e9e  au \nregard des finalit\u00e9s poursuivies\u00a0;\nSur proposition de la direction de l'ordre public et de la circulation,\nARRETE  \u00a0  :      \nArticle 1er \u2013 La captation, l'enregistrement et la transmission d'images par la direction de  \nl'ordre public et de la circulation sont autoris\u00e9s \u00e0 l'occasion du rassemblement susvis\u00e9 le  \nsamedi 7 mars 2026 aux titres de\u00a0:\n- la pr\u00e9vention des atteintes \u00e0 la s\u00e9curit\u00e9 des personnes et des biens\u00a0;\n- la s\u00e9curit\u00e9 des rassemblements\u00a0;\n- la pr\u00e9vention d'actes de terrorisme. \nArticle  2 \u2013 Le  nombre  maximal  de  cam\u00e9ras  pouvant  proc\u00e9der  simultan\u00e9ment  \u00e0  des  \nenregistrements est fix\u00e9 \u00e0 2 cam\u00e9ras embarqu\u00e9es sur des a\u00e9ronefs t\u00e9l\u00e9-pilot\u00e9s.\nArticle 3 \u2013 La pr\u00e9sente autorisation s'applique au p\u00e9rim\u00e8tre g\u00e9ographique figurant sur le plan \nen annexe au pr\u00e9sent arr\u00eat\u00e9.\nArticle 4 \u2013 La pr\u00e9sente autorisation est d\u00e9livr\u00e9e pour le samedi 7 mars 2026 de 17h00 \u00e0 22h30 \npour l'ensemble des finalit\u00e9s pr\u00e9cit\u00e9es.\nArticle 5 \u2013 L'information du public est assur\u00e9e par la publication de l'arr\u00eat\u00e9 au recueil des  \nactes administratifs du d\u00e9partement de Paris, sa mise en ligne sur le site internet de la  \npr\u00e9fecture de police ainsi que par une information sur les r\u00e9seaux sociaux.\nArticle 6 \u2013 Le registre mentionn\u00e9 \u00e0 l'article L. 242-4 du code de la s\u00e9curit\u00e9 int\u00e9rieure est  \ntransmis au pr\u00e9fet de police, \u00e0 l'issue de la p\u00e9riode d'autorisation.\nArticle 7 \u2013 Le pr\u00e9fet, directeur du cabinet du pr\u00e9fet de police, et le directeur de l'ordre public \net de la circulation sont charg\u00e9s, chacun en ce qui le concerne, de l'ex\u00e9cution du pr\u00e9sent  \narr\u00eat\u00e9 qui entrera en vigueur d\u00e8s son affichage aux portes de la pr\u00e9fecture de police, sera  \n2026-00267\nPr\u00e9fecture de Police - 75-2026-03-05-00002 - Arr\u00eat\u00e9 n\u00b02026-00267 autorisant la captation, l'enregistrement et la transmission d'images\nau moyen de cam\u00e9ras install\u00e9es sur des a\u00e9ronefs \u00e0 Paris \u00e0 l'occasion d'une manifestation le samedi 7 mars 2026 19\npubli\u00e9 au recueil des actes administratifs du d\u00e9partement de Paris et consultable sur le site \ninternet de la pr\u00e9fecture de police (https://www.prefecturedepolice.interieur.gouv.fr). \nFait \u00e0 Paris, le 5 mars 2026\nSIGNE\nPour le pr\u00e9fet de police\nLe sous-pr\u00e9fet, directeur adjoint de cabinet\nCharles BARBIER\n2026-00267\nPr\u00e9fecture de Police - 75-2026-03-05-00002 - Arr\u00eat\u00e9 n\u00b02026-00267 autorisant la captation, l'enregistrement et la transmission d'images\nau moyen de cam\u00e9ras install\u00e9es sur des a\u00e9ronefs \u00e0 Paris \u00e0 l'occasion d'une manifestation le samedi 7 mars 2026 20\nAnnexe de l'arr\u00eat\u00e9 n\u00b02026-00267 du 5 mars 2026 \nVOIES ET DELAIS DE RECOURS\n_______________________\nSi vous estimez devoir contester la pr\u00e9sente autorisation, il vous est possible, dans un  \nd\u00e9lai de deux mois \u00e0 compter de la date de son affichage ou de sa publication\u00a0:\n- soit de saisir d'un RECOURS GRACIEUX\nle Pr\u00e9fet de Police\n7/9, boulevard du Palais - 75195 PARIS RP\n- ou de former un RECOURS HIERARCHIQUE\n  aupr\u00e8s du Ministre de l'int\u00e9rieur et des outre-mer\n  Direction des libert\u00e9s publiques et des affaires juridiques\n  place Beauvau - 75008 PARIS\n- soit de saisir d'un RECOURS CONTENTIEUX\nle Tribunal administratif comp\u00e9tent\nAucune de ces voies et recours ne suspend l'application de la pr\u00e9sente d\u00e9cision.\nLes recours GRACIEUX et HIERARCHIQUE doivent \u00eatre \u00e9crits, exposer les arguments ou  \nfaits nouveaux et comprendre la copie de la d\u00e9cision contest\u00e9e.\nLe recours contentieux, qui vise \u00e0 contester la LEGALITE de la pr\u00e9sente d\u00e9cision, doit  \n\u00e9galement \u00eatre \u00e9crit et exposer votre argumentation juridique.\nSi vous n'aviez pas de r\u00e9ponse \u00e0 votre recours GRACIEUX ou HIERARCHIQUE dans un  \nd\u00e9lai de deux mois \u00e0 compter de la r\u00e9ception de votre recours par l'administration, votre  \ndemande devra \u00eatre consid\u00e9r\u00e9e comme rejet\u00e9e (d\u00e9cision implicite de rejet).\nEn cas de rejet des RECOURS GRACIEUX ou HIERARCHIQUE, le Tribunal administratif peut \n\u00eatre saisi d'un recours contentieux dans le d\u00e9lai de deux mois \u00e0 compter de la date de la  \nd\u00e9cision de rejet.\n2026-00267\nPr\u00e9fecture de Police - 75-2026-03-05-00002 - Arr\u00eat\u00e9 n\u00b02026-00267 autorisant la captation, l'enregistrement et la transmission d'images\nau moyen de cam\u00e9ras install\u00e9es sur des a\u00e9ronefs \u00e0 Paris \u00e0 l'occasion d'une manifestation le samedi 7 mars 2026 21\ni303| 7 =1 'ounceJ ossiea\n=El2\u00d4rd?5=Fm\n2026-00267\nPr\u00e9fecture de Police - 75-2026-03-05-00002 - Arr\u00eat\u00e9 n\u00b02026-00267 autorisant la captation, l'enregistrement et la transmission d'images\nau moyen de cam\u00e9ras install\u00e9es sur des a\u00e9ronefs \u00e0 Paris \u00e0 l'occasion d'une manifestation le samedi 7 mars 2026 22","date":"2026-03-05","first_seen_on":"2026-03-05T17:49:11+00:00","id":"b2eb11f8581cf9845454e49ea5c302c4b605d3546b323ac42541e5d129932303","name":"recueil-75-2026-138-recueil-des-actes-administratifs-special du 05.03.2026","pdf_creation_date":"2026-03-05T16:00:41+00:00","pdf_modification_date":null,"timezone":"Europe/Paris","url":"https://www.prefectures-regions.gouv.fr/ile-de-france/irecontenu/telechargement/136053/995287/file/recueil-75-2026-138-recueil-des-actes-administratifs-special%20du%2005.03.2026.pdf"}
