{"administration":"pref01","administration_name":"Pr\u00e9fecture de l\u2019Ain","content":"AIN\nRECUEIL DES ACTES\nADMINISTRATIFS SP\u00c9CIAL\nN\u00b001-2025-443\nPUBLI\u00c9 LE 24 D\u00c9CEMBRE 2025\nSommaire\n01_DDETS_Direction d\u00e9partementale de l'emploi, du travail et des\nsolidarit\u00e9s de l'Ain /\n01-2025-12-23-00006 - Arr\u00eat\u00e9 de subd\u00e9l\u00e9gation O.\nPATERNOSTER_attributions et comp\u00e9tences (4 pages) Page 3\n01-2025-12-23-00007 - Arr\u00eat\u00e9 de subd\u00e9l\u00e9gation O.\nPATERNOSTER_Ordonnancement secondaire (3 pages) Page 8\n01_Pref_Pr\u00e9fecture de l'Ain /\n01-2025-12-19-00004 - Ap 20251219 modification comp\u00e9tences CC Rives\nde l'Ain-Pays Cerdon  (5 pages) Page 12\n01-2025-12-23-00008 - AP subd\u00e9l\u00e9gation SGCD administration\ng\u00e9n\u00e9rale (4 pages) Page 18\n01-2025-12-23-00009 - AP subd\u00e9l\u00e9gation SGCD coordonnateur Chorus\n(2 pages) Page 23\n01-2025-12-23-00010 - AP subd\u00e9l\u00e9gation SGCD OS PA (6 pages) Page 26\n84_ARS_Agence R\u00e9gionale de Sant\u00e9 Auvergne-Rh\u00f4ne-Alpes /\n01-2025-12-02-00009 - DTM 20995 (2025-01-0083) CPOM ADAPEI (6 pages) Page 33\n01-2025-12-02-00015 - DTM 21017 (2025-01-0089) CPOM AFHP (3 pages) Page 40\n01-2025-12-02-00011 - DTM 21022 (2025-01-0085) CPOM SEILLON (3 pages) Page 44\n01-2025-12-02-00012 - DTM 21023 (2025-01-0086) CPOM ENTRAIDE UNION\n(4 pages) Page 48\n01-2025-12-02-00014 - DTM 21025 (2025-01-0088) CPOM CAPTH (3 pages) Page 53\n01-2025-12-02-00010 - DTM n\u00b021021 ARS-ARA-2025-01-0084 CPOM AFIS (3\npages) Page 57\n01-2025-12-02-00013 - DTM n\u00b021024 (2025-01-0087) CPOM MAPA (3 pages) Page 61\n2\n01_DDETS_Direction d\u00e9partementale de\nl'emploi, du travail et des solidarit\u00e9s de l'Ain\n01-2025-12-23-00006\nArr\u00eat\u00e9 de subd\u00e9l\u00e9gation O.\nPATERNOSTER_attributions et comp\u00e9tences\n01_DDETS_Direction d\u00e9partementale de l'emploi, du travail et des solidarit\u00e9s de l'Ain - 01-2025-12-23-00006 - Arr\u00eat\u00e9 de subd\u00e9l\u00e9gation\nO. PATERNOSTER_attributions et comp\u00e9tences 3\n=nPREFETDE L'AINLibert\u00e9Egalit\u00e9Fraternit\u00e9\n \nDIRECTION D\u00c9PARTEMENTALE DE L'EMPLOI,\nDU TRAVAIL ET DES SOLIDARIT\u00c9S DE L'AIN\nARR\u00caT\u00c9\nportant subd\u00e9l\u00e9gation de signature \nsur les attributions et les comp\u00e9tences\nLe pr\u00e9fet de l'Ain\nVU le code de l'action sociale et des familles\u00a0;\nVU le code g\u00e9n\u00e9ral des collectivit\u00e9s territoriales\u00a0;\nVU le code du commerce\u00a0;\nVU le code de la construction et de l'habitation\u00a0;\nVU le code de l'entr\u00e9e et du s\u00e9jour et du droit d'asile\u00a0;\nVU le code de la sant\u00e9 publique\u00a0;\nVU le code du travail\u00a0;\nVU  la  loi  n\u00b0  82-213  du  02  mars  1982  relative  aux  droits  et  libert\u00e9s  des  communes,  des\nd\u00e9partements et des r\u00e9gions\u00a0;\nVU la  loi  n\u00b0\u00a083-8  du  7\u00a0janvier\u00a01983  relative  \u00e0 la  r \u00e9partition  de  comp\u00e9tences  entre  les\ncommunes, les d\u00e9partements, les r\u00e9gions et l'\u00c9tat\u00a0;\nVU  la loi n\u00b0 84-16 du 11 janvier 1984 portant dispositions statutaires relatives \u00e0 la fonction\npublique de l'\u00c9tat\u00a0;\nVU la loi n\u00b0 92-125 du 06 f\u00e9vrier 1992 relative \u00e0 l'administration territoriale de la R\u00e9publique\u00a0;\nVU la loi n\u00b0\u00a02001-624 du 17\u00a0juillet\u00a02001 portant diverses dispositions d'ordre social, \u00e9ducatif et\nculturel\u00a0;\nVU la loi n\u00b0\u00a02004-806 du 9\u00a0ao\u00fbt\u00a02004 relative \u00e0 la politique de sant\u00e9 publique\u00a0;\nVU la loi n\u00b0 \u00a02004-809 du 13 \u00a0ao\u00fbt\u00a02004 relative aux libert \u00e9s et aux responsabilit \u00e9s locales \u00a0;\nVU le  d\u00e9cret  n\u00b0  2004-374  du  29  avril  2004  modifi\u00e9  relatif  aux  pouvoirs  des  pr\u00e9fets,  \u00e0\nl'organisation et \u00e0 l'action des services de l'\u00c9tat dans les r\u00e9gions et les d\u00e9partements\u00a0;\nVU le  d\u00e9cret  n\u00b0  2009-1484  du  3  d\u00e9cembre  2009  relatif  aux  directions  d\u00e9partementales\ninterminist\u00e9rielles\u00a0;\nVU le d\u00e9cret n\u00b0 2015-510 du 7 mai 2015 portant charte de la d\u00e9concentration\u00a0;\n01_DDETS_Direction d\u00e9partementale de l'emploi, du travail et des solidarit\u00e9s de l'Ain - 01-2025-12-23-00006 - Arr\u00eat\u00e9 de subd\u00e9l\u00e9gation\nO. PATERNOSTER_attributions et comp\u00e9tences 4\nVU le d\u00e9cret n\u00b0 2019-1594 du 31 d\u00e9cembre 2019 relatif aux emplois de direction de l'\u00c9tat\u00a0;\nVU  le  d\u00e9cret  n\u00b0  2020-99  du  7  f\u00e9vrier  2020  relatif  \u00e0  l'organisation  et  aux  missions  des\nsecr\u00e9tariats g\u00e9n\u00e9raux communs d\u00e9partementaux\u00a0;\nVU le d\u00e9cret n\u00b0 2020-1427 du 20 novembre 2020 relatif aux comit\u00e9s sociaux d'administration\ndans les administrations et les \u00e9tablissements publics de l'\u00c9tat\u00a0;\nVU  le  d\u00e9cret  du  2  d\u00e9cembre  2025  portant  nomination  de  M.  Louis-Xavier  THIRODE,  en\nqualit\u00e9 de pr\u00e9fet de l'Ain\u00a0;\nVU l'arr\u00eat\u00e9 du 31 mars 2011 modifi\u00e9 par arr\u00eat\u00e9 du Premier ministre du 1er juillet 2013 portant\nd\u00e9concentration des d\u00e9cisions relatives \u00e0 la situation individuelle des fonctionnaires et agents\nnon titulaires exer\u00e7ant leurs fonctions dans les directions d\u00e9partementales interminist\u00e9rielles\u00a0;\nVU l'arr\u00eat\u00e9 pr\u00e9fectoral du 30 mars 2021 portant organisation de la direction d\u00e9partementale\ndu de l'emploi, du travail et des solidarit\u00e9s de l'Ain\u00a0;\nVU l'arr\u00eat\u00e9 du minist\u00e8re de l'int\u00e9rieur du 7 juillet 2021 portant nomination de Mme Audrey\nCHAHINE, directrice d\u00e9partementale adjointe de l'emploi, du travail et des solidarit\u00e9s de\nl'Ain\u00a0;\nVU l'arr\u00eat\u00e9 du minist\u00e8re de l'int\u00e9rieur et des outre-mer du 1 er f\u00e9vrier 2024 portant nomination\nde Mme Muriel CHEMIN, directrice d\u00e9partementale adjointe de l'emploi, du travail et des\nsolidarit\u00e9s de l'Ain\u00a0;\nVU l'arr\u00eat\u00e9 du minist\u00e8re de l'int\u00e9rieur et des outre-mer du 7 mars 2024 portant nomination\nde M. Olivier PATERNOSTER, directeur d\u00e9partemental de l'emploi, du travail et des solidarit\u00e9s\nde l'Ain \u00e0 compter du 25 mars 2024\u00a0;\nVU l'arr\u00eat\u00e9 pr\u00e9fectoral du 22 d\u00e9cembre 2025 portant d\u00e9l\u00e9gation de signature \u00e0 M. Olivier\nPATERNOSTER, directeur d\u00e9partemental de l'emploi, du travail et des solidarit\u00e9s\u00a0;\nVU la convention de d\u00e9l\u00e9gation de gestion conclue entre le pr\u00e9fet de la r\u00e9gion Auvergne\nRh\u00f4ne-Alpes et le pr\u00e9fet de l'Ain relative \u00e0 la r\u00e9alisation des actes d'instruction aff\u00e9rents \u00e0 la\nproc\u00e9dure budg\u00e9taire des \u00e9tablissements et services sociaux financ\u00e9s par le budget de l'\u00c9tat\nportant sur la tarification des prestations fournies par les \u00e9tablissements et services sociaux\nfinanc\u00e9s par le budget de l'\u00c9tat en date du 16 f\u00e9vrier 2018 ;\nSUR proposition du directeur d\u00e9partemental de l'emploi, du travail et des solidarit\u00e9s de l'Ain\u00a0:\nARR\u00caTE\nArticle 1  er   : \nSubd\u00e9l\u00e9gation de signature est donn\u00e9e sur l'ensemble de la d\u00e9l\u00e9gation qui lui est attribu\u00e9 \u00e0\nMme Audrey CHAHINE  et  Mme Muriel CHEMIN, directrices d\u00e9partementales adjointes de\nl'emploi, du travail et des solidarit\u00e9s, et \u00e0 M. Jean-Eudes BENTATA, directeur du travail, \u00e0 l'effet\nde signer au nom du pr\u00e9fet de l'Ain, les d\u00e9cisions, actes administratifs et correspondances\ndans les domaines de comp\u00e9tences pr\u00e9vus \u00e0 l'article 1 de l'arr\u00eat\u00e9 pr\u00e9fectoral du 22 d\u00e9cembre\n2025 susvis\u00e9 portant d\u00e9l\u00e9gation de signature \u00e0 M. Olivier PATERNOSTER.\n01_DDETS_Direction d\u00e9partementale de l'emploi, du travail et des solidarit\u00e9s de l'Ain - 01-2025-12-23-00006 - Arr\u00eat\u00e9 de subd\u00e9l\u00e9gation\nO. PATERNOSTER_attributions et comp\u00e9tences 5\nEn cas d'absence ou d'emp\u00eachement de M. Olivier PATERNOSTER, de Mme Audrey CHAHINE,\nde Mme Muriel CHEMIN  et de M. Jean-Eudes BENTATA,  la subd\u00e9l\u00e9gation de signature est\ndonn\u00e9e aux cadres d\u00e9sign\u00e9s ci-dessous \u00e0 l'effet de signer, dans le cadre de leurs attributions\net comp\u00e9tences, tous les actes et d\u00e9cisions pour les domaines de comp\u00e9tences pr\u00e9vus \u00e0\nl'arr\u00eat\u00e9 pr\u00e9fectoral du 20 mars 2024 susvis\u00e9, dans les conditions d\u00e9finies ci- dessous\u00a0:\nM. Laurent FLECHET\no article 1 - point 2 \u00ab\u00a0concernant la solidarit\u00e9 et l'acc\u00e8s aux droits\u00a0\u00bb.\nMme Pauline GUILLEMIN\no article 1 \u2013 point 3 \u00ab\u00a0concernant la protection des publics vuln\u00e9rables\u00a0\u00bb\nMme Eve SINTAS\no article 1 \u2013 point 5 \u00ab\u00a0concernant le logement\u00a0\u00bb.\nMme Annie VINCENT\no article 1 \u2013 point 6 \u00ab\u00a0concernant l'h\u00e9bergement\u00a0\u00bb\u00a0.\nMadame C\u00e9cile GROSJEAN\no article 1 - point 7 \u00ab\u00a0 concernant l'\u00e9galit\u00e9 hommes-femmes\u00a0\u00bb.\nMme Soizic CORBINAIS et M. C\u00e9dric BRISSON\no article 1 - point 8 \u00ab\u00a0Concernant la r\u00e9mun\u00e9ration des travailleurs \u00e0 domicile\u00a0\u00bb.\no article 1 \u2013 point 10 \u00ab\u00a0Concernant l'h\u00e9bergement du personnel\u00a0\u00bb.\no article 1 - point 11 \u00ab\u00a0Concernant les n\u00e9gociations collectives\u00a0\u00bb.\no article 1 - point 13 \u00ab\u00a0Concernant l'emploi des enfants et jeunes de moins de 18 ans\u00a0\u00bb.\no article 1 - point 14 \u00ab\u00a0Concernant l'apprentissage et l'alternance\u00a0\u00bb.\no article 1 - point 15 \u00ab\u00a0Concernant le placement priv\u00e9\u00a0\u00bb.\no article 1 - point 16 \u00ab \u00a0Concernant la pr \u00e9vention des risques li \u00e9s \u00e0 certaines activit \u00e9s\nou op\u00e9rations.\nMme Ahlam NEBBACH\no article 1 - point 9 \u00ab\u00a0Concernant le repos dominical \u00bb.\no article 1 - point 12 \u00ab\u00a0concernant les agences de mannequins\u00a0\u00bb.\no article 1 - point 18 \u00ab \u00a0concernant l'emploi\u00a0\u00bb et plus sp \u00e9cifiquement l'agr\u00e9ment des\nsoci\u00e9t\u00e9s coop\u00e9ratives ouvri\u00e8res de production.\nM. St\u00e9phane SOUQUES\no article 1 - point 17 \u00ab Concernant les restructurations \u00e9conomiques\u00a0\u00bb.\nMme Nolwenn DUBAND-GEORGELIN\no article 1 \u2013 point 18 \u00ab\u00a0concernant l'emploi\u00a0\u00bb.\no article 1 \u2013 point 19 \u00ab\u00a0concernant la formation professionnelle et la certification\u00a0\u00bb.\no article 1 \u2013 point 20 \u00ab\u00a0concernant les travailleurs handicap\u00e9s\u00a0\u00bb.\nArticle 2 :\nEn cas d'absence ou d'emp\u00eachement de M. Olivier PATERNOSTER, directeur d\u00e9partemental,\nde Mme Audrey CHAHINE et de Mme Muriel CHEMIN, directrices d\u00e9partementales adjointes,\net de M. Jean-Eudes BENTATA, directeur du travail, ainsi que des chefs de service vis\u00e9s \u00e0\nl'article 1 du pr\u00e9sent arr\u00eat\u00e9, la subd\u00e9l\u00e9gation de signature qui leur est conf\u00e9r\u00e9e par le pr\u00e9sent\narr\u00eat\u00e9 sera exerc\u00e9e par :\no Mme Laure FRAISSINEDE, pour l'ensemble des actes relatifs \u00e0 l'\u00e9tat civil des pupilles de\nl'\u00c9tat (\u00e9laboration de cartes d'identit\u00e9 nationales et de passeports).\n01_DDETS_Direction d\u00e9partementale de l'emploi, du travail et des solidarit\u00e9s de l'Ain - 01-2025-12-23-00006 - Arr\u00eat\u00e9 de subd\u00e9l\u00e9gation\nO. PATERNOSTER_attributions et comp\u00e9tences 6\no M. Aubin OBERGFELL, pour l'ensemble des d\u00e9cisions d'admission \u00e0 l'aide sociale en\nmati\u00e8re  d'h\u00e9bergement  des  personnes  admises  en  centres  d'h\u00e9bergement  et  de\nr\u00e9insertion sociale, en application des articles L.111-3-1 et R.345-4 du code de l'action\nsociale et des familles.\no Mme  Laura  THIERRY,  pour  l'ensemble  des  actes  et  d\u00e9cisions  relevant  du  conseil\nm\u00e9dical.\nArticle 3 :\nL'arr\u00eat\u00e9  du 5 mai 2025  portant subd\u00e9l\u00e9gation de signature du directeur d\u00e9partemental de\nl'emploi, du travail et des solidarit\u00e9s de l'Ain est abrog\u00e9.\nArticle 4 :\nLe directeur d\u00e9partemental de l'emploi, du travail et des solidarit\u00e9s de l'Ain est charg\u00e9 de\nl'ex\u00e9cution de la pr\u00e9sente subd\u00e9l\u00e9gation qui sera notifi\u00e9e \u00e0 chaque cadre concern\u00e9 et qui sera\ncommuniqu\u00e9e \u00e0 M. le pr\u00e9fet et publi\u00e9e au recueil des actes administratifs de la pr\u00e9fecture de\nl'Ain.\nFait \u00e0 Bourg-en-Bresse, 23 d\u00e9cembre 2025\nLe directeur d\u00e9partemental de l'emploi,\ndu travail et des solidarit\u00e9s,\nSign\u00e9 : Olivier PATERNOSTER\n01_DDETS_Direction d\u00e9partementale de l'emploi, du travail et des solidarit\u00e9s de l'Ain - 01-2025-12-23-00006 - Arr\u00eat\u00e9 de subd\u00e9l\u00e9gation\nO. PATERNOSTER_attributions et comp\u00e9tences 7\n01_DDETS_Direction d\u00e9partementale de\nl'emploi, du travail et des solidarit\u00e9s de l'Ain\n01-2025-12-23-00007\nArr\u00eat\u00e9 de subd\u00e9l\u00e9gation O.\nPATERNOSTER_Ordonnancement secondaire\n01_DDETS_Direction d\u00e9partementale de l'emploi, du travail et des solidarit\u00e9s de l'Ain - 01-2025-12-23-00007 - Arr\u00eat\u00e9 de subd\u00e9l\u00e9gation\nO. PATERNOSTER_Ordonnancement secondaire 8\nEsPREFETDE L'AINLibert\u00e9Egalit\u00e9Fraternit\u00e9\nDIRECTION D\u00c9PARTEMENTALE DE L'EMPLOI,\nDU TRAVAIL ET DES SOLIDARIT\u00c9S DE L'AIN\nARR\u00caT\u00c9\nportant subd\u00e9l\u00e9gation de signature\npour l'ordonnancement secondaire des recettes et des d\u00e9penses\nLe pr\u00e9fet de l'Ain\nVU le code des march\u00e9s publics et notamment son article\u00a02\u00a0;\nVU la  loi  n\u00b0\u00a082-213  du  2\u00a0mars\u00a01982  relative  aux  droits  et  libert\u00e9s  des  communes,  des\nd\u00e9partements et des r\u00e9gions modifi\u00e9es\u00a0;\nVU la loi organique n\u00b0\u00a02001-692 du 1er\u00a0ao\u00fbt\u00a02001 relative aux lois de finances\u00a0;\nVU le d\u00e9cret n\u00b0 \u00a062-1587 du 29 \u00a0d\u00e9cembre\u00a01962 portant r \u00e8glement g\u00e9n\u00e9ral sur la comptabilit \u00e9\npublique et notamment ses articles 5, 64, 66, 86, 100, 104 et 226\u00a0;\nVU le d\u00e9cret n\u00b0\u00a02004-374 du 29\u00a0avril\u00a02004 relatif aux pouvoirs des pr\u00e9fets, \u00e0 l'organisation et \u00e0\nl'action  des  services  de  l'Etat  dans  les  r\u00e9gions  et  les  d\u00e9partements  et  notamment  ses\narticles\u00a020, 21, 43 et 44\u00a0;\nVU le  d\u00e9cret  n\u00b0\u00a02005-54  du  27\u00a0janvier\u00a02005  relatif  au  contr\u00f4le  financier  au  sein  des\nadministrations de l'Etat\u00a0;\nVU le d\u00e9cret n\u00b0\u00a02009-360 du 31\u00a0mars\u00a02009 relatif aux emplois de direction de l'administration\nterritoriale de l'Etat\u00a0;\nVU le  d\u00e9cret  n\u00b0\u00a02009-1484  du  3\u00a0d\u00e9cembre\u00a02009  relatif  aux  directions  d\u00e9partementales\ninterminist\u00e9rielles\u00a0;\nVU le  d\u00e9cret  du  2  d\u00e9cembre  2025  portant  nomination  de  M.  Louis-Xavier  THIRODE,  en\nqualit\u00e9 de pr\u00e9fet de l'Ain ;\nVU l'arr\u00eat\u00e9 du 23 mars 1994 portant r\u00e8glement de comptabilit\u00e9 publique pour la d\u00e9signation\ndes ordonnateurs secondaires et de leurs d\u00e9l\u00e9gu\u00e9s ;\nVU l'arr\u00eat\u00e9 du ministre de l'emploi et de la solidarit\u00e9 du 29 avril 2002 portant d\u00e9signation des\npersonnes responsables des march\u00e9s ;\nVU l'arr\u00eat\u00e9 pr\u00e9fectoral du 30 mars 2021 portant organisation de la direction d\u00e9partementale,\nde l'emploi, du travail et des solidarit\u00e9s\u00a0;\n01_DDETS_Direction d\u00e9partementale de l'emploi, du travail et des solidarit\u00e9s de l'Ain - 01-2025-12-23-00007 - Arr\u00eat\u00e9 de subd\u00e9l\u00e9gation\nO. PATERNOSTER_Ordonnancement secondaire 9\n2\nVU l'arr\u00eat\u00e9 du minist\u00e8re de l'int\u00e9rieur du 7 juillet 2021 portant nomination de Mme Audrey\nCHAHINE, directrice d\u00e9partementale adjointe de la direction d\u00e9partementale de l'emploi, du\ntravail et des solidarit\u00e9s de l'Ain\u00a0;\nVU l'arr\u00eat\u00e9  du  minist\u00e8re  de  l'int\u00e9rieur  et  des  outre-mer  du  1er  f\u00e9vrier  2024  portant\nnomination  de  Mme  Muriel  CHEMIN,  directrice  d\u00e9partementale  adjointe  de  l'emploi,  du\ntravail et des solidarit\u00e9s de l'Ain ;\nVU l'arr\u00eat\u00e9 du minist\u00e8re de l'int\u00e9rieur et des outre-mer du 7 mars 2024 portant nomination\nde M. Olivier PATERNOSTER, directeur d\u00e9partemental de l'emploi, du travail et des solidarit\u00e9s\nde l'Ain \u00e0 compter du 25 mars 2024\u00a0;\nVU l'arr\u00eat\u00e9  pr\u00e9fectoral  du  22  d\u00e9cembre  2025 portant  d\u00e9l\u00e9gation  de  signature  sur  les\nattributions et comp\u00e9tences \u00e0 M. Olivier PATERNOSTER, directeur d\u00e9partemental de l'emploi,\ndu travail et des solidarit\u00e9s de l'Ain\u00a0;\nARR\u00caTE\nArticle 1er :\nEn cas d'absence ou d'emp\u00eachement de M. Olivier PATERNOSTER, directeur d\u00e9partemental\nde l'emploi, du travail et des solidarit\u00e9s , subd\u00e9l\u00e9gation de signature est conf\u00e9r\u00e9e \u00e0 Mme\nAudrey CHAHINE et Mme Muriel CHEMIN, directrices-adjointes et M. Jean-Eudes BENTATA,\ndirecteur du travail, sur l'ensemble de la d\u00e9l\u00e9gation qui est donn\u00e9e dans l'article 1er et 5 de\nl'arr\u00eat\u00e9 pr\u00e9fectoral du 22 d\u00e9cembre 2025  en mati\u00e8re d'ordonnancement secondaire et dans\nle respect des seuils fix\u00e9s en son article\u00a03.\nEn cas d'absence ou d'emp\u00eachement de Mme Audrey CHAHINE, de Mme Muriel CHEMIN et\nde M. Jean-Eudes BENTATA, subd\u00e9l\u00e9gation de signature est donn\u00e9e, dans la limite du seuil de\n23  000  euros,  aux  fins  de  proc\u00e9der  \u00e0  l'ordonnancement  secondaire  des  recettes  et  des\nd\u00e9penses de l'\u00c9tat pr\u00e9vu \u00e0 l'article 1er de l'arr\u00eat\u00e9 pr\u00e9fectoral du 22 d\u00e9cembre 2025 en mati\u00e8re\nd'ordonnancement  secondaire et  dans  le  respect  de  l'article  1er  de  l'arr\u00eat\u00e9  DDETS  du\n22 d\u00e9cembre 2025 portant subd\u00e9l\u00e9gation de signature sur les attributions et comp\u00e9tences, \u00e0\u00a0:\n- Mme Eve SINTAS\n- Mme Annie VINCENT\n- Mme Pauline GUILLEMIN\n- M. Laurent FLECHET\nCette subd\u00e9l\u00e9gation porte sur la d\u00e9cision de la d\u00e9pense et la constatation du service fait.\nArticle 2 :\nS'agissant  de  la  programmation  budg\u00e9taire,  de  la  gestion  des  cr\u00e9dits,  du  pilotage  des\nrestitutions CHORUS (licences MP2 et MP7), subd\u00e9l\u00e9gation de signature est donn\u00e9e \u00e0 :\n- Mme Emilie GOUVERNEUR\n- Mme Jade JULIEN\n- M. Thomas BIBRAC\n01_DDETS_Direction d\u00e9partementale de l'emploi, du travail et des solidarit\u00e9s de l'Ain - 01-2025-12-23-00007 - Arr\u00eat\u00e9 de subd\u00e9l\u00e9gation\nO. PATERNOSTER_Ordonnancement secondaire 10\n3\nArticle 3 : \nS'agissant de la validation de l'ensemble des formulaires CHORUS, subd\u00e9l\u00e9gation de signature\nest donn\u00e9e \u00e0 :\n- Mme Eve SINTAS\n- Mme Annie VINCENT\n- Mme Pauline GUILLEMIN\n- M. Laurent FLECHET\nArticle 4 :\nL'arr\u00eat\u00e9 portant subd\u00e9l\u00e9gation de signature pour l'ordonnancement secondaire des recettes\net des d\u00e9penses du 5 mai 2025 est abrog\u00e9.\nArticle 5 :\nLe directeur d\u00e9partemental de l'emploi, du travail et des solidarit\u00e9s est charg\u00e9  de l'ex\u00e9cution\nde la pr\u00e9sente subd\u00e9l\u00e9gation qui sera communiqu\u00e9e \u00e0 M. le pr\u00e9fet et publi\u00e9e au recueil des\nactes administratifs de la pr\u00e9fecture.\nFait \u00e0 Bourg-en-Bresse, 23 d\u00e9cembre 2025\nLe directeur d\u00e9partemental de l'emploi, du \ntravail et des solidarit\u00e9s de l'Ain,\nSign\u00e9 : Olivier PATERNOSTER\n01_DDETS_Direction d\u00e9partementale de l'emploi, du travail et des solidarit\u00e9s de l'Ain - 01-2025-12-23-00007 - Arr\u00eat\u00e9 de subd\u00e9l\u00e9gation\nO. PATERNOSTER_Ordonnancement secondaire 11\n01_Pref_Pr\u00e9fecture de l'Ain\n01-2025-12-19-00004\nAp 20251219 modification comp\u00e9tences CC\nRives de l'Ain-Pays Cerdon \n01_Pref_Pr\u00e9fecture de l'Ain - 01-2025-12-19-00004 - Ap 20251219 modification comp\u00e9tences CC Rives de l'Ain-Pays Cerdon 12\nE 3PREFETEDE L'AINLibert\u00e9Egalit\u00e9Fraternit\u00e9\nDirection des collectivit\u00e9s et de l'appui territorial\nBureau de la l\u00e9galit\u00e9, de l'intercommunalit\u00e9 \net de la d\u00e9mocratie locale\nArr\u00eat\u00e9 pr\u00e9fectoral \nportant modification des comp\u00e9tences \nde la communaut\u00e9 de communes Rives de l'Ain \u2013 pays du Cerdon\nLa pr\u00e9f\u00e8te de l'Ain\nChevalier de la L\u00e9gion d'Honneur\nOfficier de l'ordre national du M\u00e9rite\nVu le code g\u00e9n\u00e9ral des collectivit\u00e9s territoriales et notamment son article L.5211-17 et\nL.5211-17-2; \nVu l'arr\u00eat\u00e9 pr\u00e9fectoral du 25 novembre 2011 modifi\u00e9 portant fusion des communaut\u00e9s de\ncommunes  Bugey-Vall\u00e9e  de  l'Ain  et  Pont-d'Ain,  Priay,  Varambon  et  dissolution\nconcomitante du syndicat mixte des Rives de l'Ain - la communaut\u00e9 de communes issue\nde la fusion prenant la d\u00e9nomination \"  communaut\u00e9 de communes Rives de l'Ain \u2013 Pays\ndu Cerdon\" ;\nVu la d\u00e9lib\u00e9ration du 18 septembre 2025 par laquelle le conseil communautaire Rives de\nl'Ain  \u2013  pays  du  Cerdon  et  les  conseils  municipaux  des  communes  membres  se  sont\nprononc\u00e9s  sur  la  modification  du  contenu  de  la  comp\u00e9tence  facultative  \"eau  et\nassainissement collectif\" ; \nConsid\u00e9rant que les conditions requises par le code g\u00e9n\u00e9ral des collectivit\u00e9s territoriales\npour proc\u00e9der aux modifications envisag\u00e9es sont r\u00e9unies  ;\nSur proposition de la secr\u00e9taire g\u00e9n\u00e9rale de la pr\u00e9fecture ;\nARR\u00caTE\nArticle  1  er   \u2013  A  compter  du  1er janvier  2026,  l'article  2  de  l'arr\u00eat\u00e9  pr\u00e9fectoral  du  25\nnovembre 2011 modifi\u00e9 portant fusion des communaut\u00e9s de communes Bugey \u2013 vall\u00e9e de\nl'Ain et Pont-d'Ain, Priay, Varambon et dissolution concomitante du syndicat mixte des\nRives de l'Ain, est ainsi r\u00e9dig\u00e9 :\n\u00ab\u00a0Article 2.  -  Les\u00a0comp\u00e9tences\u00a0de\u00a0la\u00a0communaut\u00e9\u00a0de\u00a0communes\u00a0Rives\u00a0de\u00a0l'Ain\u00a0\u2013\u00a0Pays\u00a0du\nCerdon\u00a0sont\u00a0les\u00a0suivantes\u00a0:\nCOMPETENCES OBLIGATOIRES\n1 \u2013 Am\u00e9nagement de l'espace \n1\u00a0\u2013\u00a01\u00a0-\u00a0Am\u00e9nagement\u00a0de\u00a0l'espace\u00a0pour\u00a0la\u00a0conduite\u00a0d'actions\u00a0d'int\u00e9r\u00eat\u00a0communautaire\u00a0:\n\u00a0Lutte\u00a0contre\u00a0la\u00a0d\u00e9prise\u00a0agricole.\u25ba\n\u25ba\u00a0Suivi\u00a0(hors\u00a0participation\u00a0financi\u00e8re)\u00a0des\u00a0\u00e9tudes\u00a0des\u00a0am\u00e9nagements\u00a0ferroviaires\u00a0futurs\u00a0sur\nle\u00a0territoire\u00a0:\u00a0ligne\u00a0de\u00a0contournement\u00a0ferroviaire\u00a0de\u00a0Lyon\u00a0(LGV\u00a0branche\u00a0sud),\u00a0ferroutage\u00a0et\nfuture\u00a0plate-forme\u00a0multimodale.\u00a0\n\u25ba\u00a0Participation\u00a0\u00e0\u00a0l'\u00e9laboration,\u00a0\u00e0\u00a0la\u00a0mise\u00a0en\u00a0oeuvre\u00a0et\u00a0au\u00a0suivi\u00a0de\u00a0toute\u00a0charte\u00a0et\u00a0contrat\u00a0de\nd\u00e9veloppement\u00a0et\u00a0d'am\u00e9nagement\u00a0assortis\u00a0d'un\u00a0programme\u00a0pluriannuel\u00a0d'actions\u00a0\u00e9labor\u00e9\ndans\u00a0le\u00a0cadre\u00a0de\u00a0proc\u00e9dures\u00a0contractuelles.\n45, Avenue Alsace-Lorraine - Quartier Bourg Centre CS 80400 - 01012 BOURG-EN-BRESSE CEDEX\nT\u00e9l\u00e9phone : 04.74.32.30.00 Site internet : www.ain.gouv.fr - Facebook - Twitter : @Prefet01\n01_Pref_Pr\u00e9fecture de l'Ain - 01-2025-12-19-00004 - Ap 20251219 modification comp\u00e9tences CC Rives de l'Ain-Pays Cerdon 13\n2\n1\u00a0\u2013\u00a02\u00a0\u2013 \u00a0\u00a0 Sch\u00e9ma\u00a0de\u00a0Coh\u00e9rence\u00a0Territoriale\u00a0(SCoT)\u00a0Bugey\u00a0\u2013\u00a0C\u00f4ti\u00e8re\u00a0\u2013\u00a0Plaine\u00a0de\u00a0l'Ain\n(BUCOPA).\n1\u00a0\u2013\u00a03\u00a0\u2013\u00a0Zone\u00a0d'am\u00e9nagement\u00a0concert\u00e9\u00a0d'int\u00e9r\u00eat\u00a0communautaire\u00a0(ZAC).\u00a0\nEst\u00a0d'int\u00e9r\u00eat\u00a0communautaire\u00a0la\u00a0ZAC\u00a0de\u00a0Pont\u00a0Rompu.\n2 \u2013 D\u00e9veloppement \u00e9conomique \n2\u00a0\u2013\u00a01\u00a0-\u00a0\u00a0Actions\u00a0de\u00a0d\u00e9veloppement\u00a0\u00e9conomique\u00a0dans\u00a0les\u00a0conditions\u00a0pr\u00e9vues\u00a0\u00e0\u00a0l'article\nL.4251-17.\n2\u00a0\u2013\u00a02\u00a0-\u00a0Cr\u00e9ation,\u00a0am\u00e9nagement,\u00a0entretien\u00a0et\u00a0gestion\u00a0des\u00a0Zones\u00a0d'Activit\u00e9\u00a0(ZA)\u00a0industrielle,\ncommerciale,\u00a0tertiaire,\u00a0artisanale,\u00a0touristique,\u00a0portuaire\u00a0ou\u00a0a\u00e9roportuaire.\n2\u00a0\u2013\u00a03\u00a0-\u00a0Politique\u00a0locale\u00a0du\u00a0commerce\u00a0et\u00a0soutien\u00a0aux\u00a0activit\u00e9s\u00a0commerciales\u00a0d'int\u00e9r\u00eat\ncommunautaire.\u00a0Sont\u00a0d'int\u00e9r\u00eat\u00a0communautaire\u00a0les\u00a0actions\u00a0de\u00a0soutien\u00a0et\u00a0de\u00a0valorisation\u00a0de\nl'artisanat\u00a0et\u00a0du\u00a0commerce\u00a0dans\u00a0le\u00a0cadre\u00a0de\u00a0dispositifs\u00a0conventionnels.\u00a0\n2\u00a0\u2013\u00a04\u00a0\u2013\u00a0Promotion\u00a0du\u00a0tourisme\u00a0dont\u00a0la\u00a0cr\u00e9ation\u00a0d'offices\u00a0de\u00a0tourisme.\n3 \u2013 Am\u00e9nagement, entretien et gestion des aires d'accueil des gens du voyage.\n4  \u2013 Collecte et traitement des d\u00e9chets des m\u00e9nages et d\u00e9chets assimil\u00e9s.\n5  \u2013  Gestion  des  milieux  aquatiques  et  pr\u00e9vention  des  inondations  (GEMAPI)  dans  les\nconditions pr\u00e9vues \u00e0 l'article L 211-7 du code de l'environnement. \nCOMPETENCES OPTIONNELLES \n1 \u2013  Protection  et  mise  en  valeur de  l'environnement,  le  cas  \u00e9ch\u00e9ant dans  le  cadre  de\nsch\u00e9mas d\u00e9partementaux et soutien aux actions de ma\u00eetrise de la demande d'energie\n1\u00a0\u2013\u00a01\u00a0-\u00a0Cr\u00e9ation,\u00a0am\u00e9nagement\u00a0et\u00a0gestion\u00a0des\u00a0d\u00e9chetteries.\n1\u00a0\u2013\u00a02\u00a0-\u00a0R\u00e9habilitation\u00a0des\u00a0d\u00e9charges\u00a0et\u00a0du\u00a0site\u00a0de\u00a0l'ancien\u00a0incin\u00e9rateur\u00a0intercommunal\u00a0de\nJujurieux.\n1\u00a0\u2013\u00a03\u00a0-\u00a0\u00a0Enl\u00e8vement\u00a0des\u00a0\u00e9paves\u00a0automobiles\u00a0sur\u00a0le\u00a0domaine\u00a0public.\n1\u00a0\u2013\u00a04\u00a0-\u00a0Sensibilisation\u00a0des\u00a0habitants\u00a0aux\u00a0\u00e9conomies\u00a0d'\u00e9nergie,\u00a0aux\u00a0\u00e9nergies\u00a0renouvelables\u00a0et\nau\u00a0d\u00e9veloppement\u00a0durable.\n1\u00a0\u2013\u00a05\u00a0\u2013\u00a0Comp\u00e9tences\u00a0suivantes\u00a0compl\u00e9mentaires\u00a0\u00e0\u00a0la\u00a0comp\u00e9tence\u00a0GEMAPI\u00a0:\n\u2192\u00a0les\u00a0eaux\u00a0de\u00a0ruissellement\u00a0et\u00a0l'\u00e9rosion\u00a0des\u00a0sols\u00a0pouvant\u00a0impacter\u00a0la\u00a0ressource\u00a0en\u00a0eau\u00a0et\u00a0les\nmilieux\u00a0aquatiques\u00a0en\u00a0milieu\u00a0non\u00a0urbain,\n\u2192\u00a0la\u00a0mise\u00a0en\u00a0\u0153uvre\u00a0ou\u00a0la\u00a0participation\u00a0\u00e0\u00a0des\u00a0actions\u00a0visant\u00a0\u00e0\u00a0am\u00e9liorer\u00a0la\u00a0qualit\u00e9\u00a0de\u00a0l'eau,\n\u2192\u00a0la\u00a0protection\u00a0et\u00a0la\u00a0conservation\u00a0des\u00a0eaux\u00a0superficielles\u00a0et\u00a0souterraines\u00a0ainsi\u00a0que\u00a0la\u00a0mise\u00a0en\nplace\u00a0et\u00a0l'exploitation\u00a0de\u00a0dispositifs\u00a0de\u00a0suivi\u00a0de\u00a0ces\u00a0ressources\u00a0en\u00a0eau,\u00a0des\u00a0milieux\naquatiques\u00a0et\u00a0des\u00a0milieux\u00a0annexes\u00a0du\u00a0bassin\u00a0versant\u00a0dans\u00a0le\u00a0cadre\u00a0de\u00a0programmes\u00a0port\u00e9s\npar\u00a0la\u00a0structure,\n\u00a0\u2192\u00a0l'animation,\u00a0la\u00a0sensibilisation\u00a0et\u00a0la\u00a0concertation\u00a0dans\u00a0le\u00a0domaine\u00a0de\u00a0la\u00a0gestion\u00a0et\u00a0de\u00a0la\nprotection\u00a0de\u00a0la\u00a0ressource\u00a0en\u00a0eau\u00a0et\u00a0des\u00a0milieux\u00a0aquatiques.\n01_Pref_Pr\u00e9fecture de l'Ain - 01-2025-12-19-00004 - Ap 20251219 modification comp\u00e9tences CC Rives de l'Ain-Pays Cerdon 14\n3\n2 \u2013 Politique du logement et du cadre de vie\n2\u00a0\u2013\u00a01\u00a0-\u00a0Am\u00e9lioration\u00a0et\u00a0valorisation\u00a0de\u00a0l'habitat\u00a0dans\u00a0le\u00a0cadre\u00a0de\u00a0proc\u00e9dures\u00a0contractuelles.\n2\u00a0\u2013\u00a02\u00a0-\u00a0Participation\u00a0au\u00a0financement\u00a0du\u00a0Fonds\u00a0de\u00a0Solidarit\u00e9\u00a0Logement.\n2\u00a0\u2013\u00a03\u00a0-\u00a0Programme\u00a0Local\u00a0de\u00a0l'Habitat\u00a0(PLH).\n3 \u2013 Cr\u00e9ation, am\u00e9nagement et entretien de la voirie d'int\u00e9r\u00eat communautaire\nSont\u00a0d'int\u00e9r\u00eat\u00a0communautaire\u00a0les\u00a0voies\u00a0communales\u00a0class\u00e9es\u00a0dont\u00a0la\u00a0liste\u00a0est\u00a0annex\u00e9e\u00a0aux\nstatuts\u00a0joints\u00a0\u00e0\u00a0l'arr\u00eat\u00e9\u00a0pr\u00e9fectoral\u00a0du\u00a025\u00a0novembre\u00a02011.\n4 \u2013 Construction, entretien et fonctionnement d'\u00e9quipements culturels et sportifs d'int\u00e9r\u00eat\ncommunautaire  et  d'\u00e9quipements  de  l'enseignement  pr\u00e9\u00e9l\u00e9mentaire  et  \u00e9l\u00e9mentaire\nd'int\u00e9r\u00eat communautaire \nSont\u00a0d'int\u00e9r\u00eat\u00a0communautaire\u00a0l'am\u00e9nagement\u00a0et\u00a0la\u00a0gestion\u00a0du\u00a0mus\u00e9e\u00a0des\u00a0Soieries\u00a0CJ\u00a0Bonnet\ndont\u00a0la\u00a0partie\u00a0mus\u00e9ographie\u00a0est\u00a0d\u00e9l\u00e9gu\u00e9e\u00a0par\u00a0voie\u00a0de\u00a0convention\u00a0au\u00a0conseil\u00a0d\u00e9partemental\nde\u00a0l'Ain.\n5 \u2013 Action sociale d'int\u00e9r\u00eat communautaire\n5\u00a0\u2013\u00a01\u00a0-\u00a0Petite\u00a0enfance\u00a0\u2013\u00a0enfance\u00a0et\u00a0jeunesse\u00a0:\n\u00a0Elaboration\u00a0et\u00a0suivi\u00a0des\u00a0contrats\u00a0\u00e0\u00a0destination\u00a0de\u00a0la\u00a0petite\u00a0enfance,\u00a0l'enfance\u00a0et\u00a0la\u25ba\njeunesse.\n\u00a0Cr\u00e9ation\u00a0et\u00a0mise\u00a0en\u00a0oeuvre\u00a0de\u00a0services\u00a0concernant\u00a0la\u00a0petite\u00a0enfance.\u25ba\n\u00a0Accueils\u00a0p\u00e9riscolaire\u00a0et\u00a0extrascolaire.\u25ba\n\u25ba\u00a0Participation\u00a0\u00e0\u00a0la\u00a0Mission\u00a0Locale\u00a0Jeunes\u00a0du\u00a0secteur.\n5\u00a0\u2013\u00a02\u00a0-\u00a0Personnes\u00a0\u00e2g\u00e9es\u00a0:\n\u25ba\u00a0Gestion\u00a0du\u00a0service\u00a0de\u00a0portage\u00a0de\u00a0repas\u00a0\u00e0\u00a0domicile.\n\u25ba\u00a0Soutien\u00a0aux\u00a0Etablissements\u00a0Publics\u00a0pour\u00a0Personnes\u00a0Ag\u00e9es\u00a0D\u00e9pendantes\u00a0(EHPAD)\u00a0limit\u00e9\naux\u00a0garanties\u00a0d'emprunt.\nCOMPETENCES FACULTATIVES \n1 - Culture     :  \n\u00a0Participation\u00a0au\u00a0fonctionnement\u00a0des\u00a0\u00e9coles\u00a0de\u00a0musique.\u25ba\n\u25ba\u00a0Intervention\u00a0musicale\u00a0dans\u00a0les\u00a0\u00e9coles\u00a0maternelles\u00a0et\u00a0primaires.\n2 - Actions de d\u00e9veloppement touristique     :  \n\u25ba\u00a0Gestion,\u00a0am\u00e9nagement\u00a0et\u00a0entretien\u00a0du\u00a0camping\u00a0\"Vall\u00e9e\u00a0de\u00a0l'Ain\"\u00a0\u00e0\u00a0Poncin.\n\u00a0Coordination,\u00a0extension,\u00a0signalisation\u00a0et\u00a0promotion\u00a0des\u00a0sentiers\u00a0de\u00a0randonn\u00e9es\u00a0class\u00e9s\u00a0au\u25ba\nPDIPR.\u00a0\n\u25ba\u00a0Aide\u00a0\u00e0\u00a0la\u00a0cr\u00e9ation\u00a0de\u00a0circuits\u00a0touristiques.\n01_Pref_Pr\u00e9fecture de l'Ain - 01-2025-12-19-00004 - Ap 20251219 modification comp\u00e9tences CC Rives de l'Ain-Pays Cerdon 15\n4\n3  -  Assainissement non collectif  :\u00a0contr\u00f4le\u00a0des\u00a0installations\u00a0et\u00a0portage\u00a0administratif\u00a0des\ndossiers\u00a0de\u00a0r\u00e9habilitation\u00a0des\u00a0installations.\n4 \u2013 Eau\u00a0:\u00a0(\u00e0\u00a0compter\u00a0du\u00a01er\u00a0janvier\u00a02026)\nCette\u00a0comp\u00e9tence\u00a0est\u00a0exerc\u00e9e\u00a0sur\u00a0l'ensemble\u00a0du\u00a0territoire \u00a0de\u00a0la\u00a0communaut\u00e9\u00a0de\ncommunes\u00a0\u00e0\u00a0l'exception\u00a0du\u00a0territoire\u00a0correspondant\u00a0aux\u00a0communes\u00a0de\u00a0Cerdon\u00a0et\u00a0Serri\u00e8res-\nsur-Ain.\nCette\u00a0comp\u00e9tence\u00a0comprend\u00a0:\n\u00a0Distribution\u00a0de\u00a0l'eau\u00a0potable.\u2713\n\u00a0La\u00a0production.\u2713\n\u00a0Le\u00a0transport.\u2713\n\u00a0Le\u00a0stockage.\u2713\n5 \u2013 Assainissement collectif\u00a0:\u00a0(\u00e0\u00a0compter\u00a0du\u00a01er\u00a0janvier\u00a02026)\nCette\u00a0comp\u00e9tence\u00a0est\u00a0exerc\u00e9e\u00a0sur\u00a0l'ensemble\u00a0du\u00a0territoire \u00a0de\u00a0la\u00a0communaut\u00e9\u00a0de\ncommunes\u00a0\u00e0\u00a0l'exception\u00a0du\u00a0territoire\u00a0correspondant\u00a0aux\u00a0communes\u00a0de\u00a0Cerdon\u00a0et\u00a0Serri\u00e8res-\nsur-Ain.\u00a0\nCette\u00a0comp\u00e9tence\u00a0comprend\u00a0:\n\u00a0Le\u00a0contr\u00f4le\u00a0des\u00a0raccordements\u00a0au\u00a0r\u00e9seau\u00a0public\u00a0de\u00a0collecte.\u2713\n\u00a0La\u00a0collecte.\u2713\n\u00a0Le\u00a0transport.\u2713\n\u00a0L'\u00e9puration\u00a0des\u00a0eaux\u00a0us\u00e9es.\u2713\n\u00a0L'\u00e9limination\u00a0des\u00a0boues\u00a0produites.\u2713\nLa\u00a0R\u00e9utilisation\u00a0des\u00a0Eaux\u00a0Us\u00e9es\u00a0Trait\u00e9es\u00a0(REUT)\u00a0ne\u00a0rel\u00e8ve\u00a0pas\u00a0du\u00a0p\u00e9rim\u00e8tre \u00a0de\u00a0la\ncomp\u00e9tence\u00a0d'assainissement\u00a0collectif\u00a0telle\u00a0que\u00a0propos\u00e9e\u00a0au\u00a0transfert\u00a0\u00e0\u00a0la\u00a0communaut\u00e9\u00a0de\ncommunes.\u00a0\u00c0\u00a0ce\u00a0titre,\u00a0la\u00a0communaut\u00e9\u00a0de\u00a0communes\u00a0n'est\u00a0pas\u00a0comp\u00e9tente\u00a0pour\u00a0mettre\u00a0en\n\u0153uvre\u00a0ou\u00a0encadrer\u00a0des\u00a0projets\u00a0de\u00a0REUT.\nDe\u00a0plus,\u00a0et\u00a0pour\u00a0rappel,\u00a0conform\u00e9ment\u00a0\u00e0\u00a0l'article\u00a0L.2226-1\u00a0du\u00a0code\u00a0g\u00e9n\u00e9ral\u00a0des\u00a0collectivit\u00e9s\nterritoriales,\u00a0la\u00a0gestion\u00a0des\u00a0eaux\u00a0pluviales\u00a0est\u00a0une\u00a0comp\u00e9tence\u00a0distincte\u00a0de\u00a0la\u00a0comp\u00e9tence\u00a0\u00ab\nAssainissement\u00a0collectif\u00a0\u00bb.\u00a0Elle\u00a0rel\u00e8ve\u00a0de\u00a0la\u00a0comp\u00e9tence\u00a0\u00ab\u00a0Assainissement\u00a0des\u00a0eaux\u00a0us\u00e9es\u00a0\u00bb,\nqui\u00a0n'est\u00a0pas\u00a0propos\u00e9e\u00a0au\u00a0transfert.\nPour\u00a0les\u00a0comp\u00e9tences\u00a0pr\u00e9vues\u00a0aux\u00a0points\u00a04\u00a0et\u00a05,\u00a0des\u00a0crit\u00e8res\u00a0d'entr\u00e9e\u00a0sont\u00a0fix\u00e9s\u00a0pour\u00a0toute\ncommune\u00a0qui\u00a0souhaiterait\u00a0transf\u00e9rer\u00a0ces\u00a0comp\u00e9tences\u00a0apr\u00e8s\u00a0le\u00a01er\u00a0janvier\u00a02026.\nCes\u00a0crit\u00e8res\u00a0seraient\u00a0notamment\u00a0:\n-\u00a0Un\u00a0sch\u00e9ma\u00a0directeur\u00a0assainissement\u00a0et\u00a0eau\u00a0potable\u00a0datant\u00a0de\u00a0moins\u00a0de\u00a05\u00a0ans\u00a0;\n-\u00a0Des\u00a0r\u00e9seaux\u00a0d'assainissement\u00a0uniquement\u00a0en\u00a0s\u00e9paratif\u00a0et\u00a0en\u00a0\u00e9tat\u00a0de\u00a0fonctionnement\u00a0;\n-\u00a0Des\u00a0r\u00e9seaux\u00a0d'eau\u00a0potable\u00a0avec\u00a0des\u00a0rendements\u00a0sup\u00e9rieur\u00a0\u00e0\u00a070%\u00a0;\n-\u00a0Des\u00a0ouvrages\u00a0d'assainissement\u00a0conformes\u00a0(STEU,\u00a0poste\u00a0de\u00a0relevage\u2026).\u00bb\nArticle 2 - L'arr\u00eat\u00e9 pr\u00e9fectoral du 24 mai 2017 portant modification des comp\u00e9tences de\nla communaut\u00e9 de communes Rives de l'Ain \u2013 pays du Cerdon, est abrog\u00e9.\nArticle 3 \u2013  Les statuts de la communaut\u00e9 de communes Rives de l'Ain \u2013 pays du Cerdon\nsont ceux annex\u00e9s au pr\u00e9sent arr\u00eat\u00e9.\n01_Pref_Pr\u00e9fecture de l'Ain - 01-2025-12-19-00004 - Ap 20251219 modification comp\u00e9tences CC Rives de l'Ain-Pays Cerdon 16\n5\nArticle  4  -  Conform\u00e9ment  aux  articles  R  421-1  et  suivants  du  code  de  justice\nadministrative, le pr\u00e9sent arr\u00eat\u00e9 peut faire l'objet, dans le d\u00e9lai de deux mois \u00e0 compter\nde  sa  publication  au  recueil  des  actes  administratifs  de  la  pr\u00e9fecture  de  l'Ain,  d'un\nrecours gracieux adress\u00e9 en pr\u00e9fecture de l'Ain (direction des collectivit\u00e9s et de l'appui\nterritorial - b ureau de la l\u00e9galit\u00e9, de l'intercommunalit\u00e9 et de la d\u00e9mocratie locale  - 45,\navenue  Alsace  Lorraine  \u2013  CS  80400  -  01012  Bourg-en-Bresse  cedex)  ou  d'un  recours\ncontentieux  devant  le  tribunal  administratif  de  Lyon  par  voie  d\u00e9mat\u00e9rialis\u00e9e\n(www.citoyens.telerecours.fr). \nLe recours gracieux interrompt le d\u00e9lai du recours contentieux qui ne courra \u00e0 nouveau\nqu'\u00e0 compter de la notification d'une d\u00e9cision expresse ou de la d\u00e9cision implicite de\nrejet n\u00e9e, \u00e0 l'expiration d'un d\u00e9lai de deux mois, du silence gard\u00e9 sur ce recours gracieux.\nArticle 5 - La secr\u00e9taire g\u00e9n\u00e9rale de la pr\u00e9fecture est charg\u00e9e de l'ex\u00e9cution du pr\u00e9sent\narr\u00eat\u00e9 qui sera publi\u00e9 au recueil des actes administratifs de la pr\u00e9fecture et notifi\u00e9 au\npr\u00e9sident de la communaut\u00e9 de communes Rives de l'Ain \u2013 pays du Cerdon, aux maires\ndes communes membres et dont une copie sera adress\u00e9e \u00e0 la sous-pr\u00e9f\u00e8te de Nantua, au\ndirecteur  d\u00e9partemental  des  finances  publiques  de  l'Ain  et  au  directeur  des\nd\u00e9partemental des territoires.\nBourg-en-Bresse, le 19/12/2025\nPour la pr\u00e9f\u00e8te, \nLa secr\u00e9taire g\u00e9n\u00e9rale\nSign\u00e9 : Virginie GUERIN-ROBINET\n01_Pref_Pr\u00e9fecture de l'Ain - 01-2025-12-19-00004 - Ap 20251219 modification comp\u00e9tences CC Rives de l'Ain-Pays Cerdon 17\n01_Pref_Pr\u00e9fecture de l'Ain\n01-2025-12-23-00008\nAP subd\u00e9l\u00e9gation SGCD administration g\u00e9n\u00e9rale\n01_Pref_Pr\u00e9fecture de l'Ain - 01-2025-12-23-00008 - AP subd\u00e9l\u00e9gation SGCD administration g\u00e9n\u00e9rale 18\n||PREFETDE L'AINLibert\u00e9Egalit\u00e9Fraternit\u00e9\nARR\u00caT\u00c9 PR\u00c9FECTORAL\nPortant subd\u00e9l\u00e9gation de signature de Madame Nathalie PICHET,\nConseill\u00e8re d'administration de l'Int\u00e9rieur et de l'Outre-mer,\nDirectrice du secr\u00e9tariat g\u00e9n\u00e9ral commun d\u00e9partemental de l'Ain\nLa directrice du secr\u00e9tariat g\u00e9n\u00e9ral commun d\u00e9partemental de l'Ain\nVU  la  loi  n\u00b0  92-125  du  06  f\u00e9vrier  1992  relative  \u00e0  l'administration  territoriale  de  la\nR\u00e9publique ;\nVU la loi n\u00b0 84-16 du 11 janvier 1984 portant dispositions statutaires relatives \u00e0 la fonction\npublique de l'\u00c9tat ;\nVU  la loi n\u00b0 82-213 du 02 mars 1982 relative aux droits et libert\u00e9s des communes, des\nd\u00e9partements et des r\u00e9gions ;\nVU le d\u00e9cret  n\u00b0 2004-374 du 29 avril 2004 modifi\u00e9 relatif aux pouvoirs des pr\u00e9fets, \u00e0\nl'organisation et \u00e0 l'action des services de l'\u00c9tat dans les r\u00e9gions et d\u00e9partements ;\nVU le d\u00e9cret n\u00b0  2009-1484 du 3 d\u00e9cembre 2009 relatif aux directions d\u00e9partementales\ninterminist\u00e9rielles ;\nVU le d\u00e9cret du 2 d\u00e9cembre 2025 portant nomination de M. Louis-Xavier THIRODE, en\nqualit\u00e9 de pr\u00e9fet de l'Ain ;\nVU l'arr\u00eat\u00e9  pr\u00e9fectoral  du  29  mars  2023  portant  modification  de  l'organisation  du\nsecr\u00e9tariat  g\u00e9n\u00e9ral  commun  \u00e0  la  pr\u00e9fecture  et  aux  directions  d\u00e9partementales\ninterminist\u00e9rielles de l'Ain ;\nVU l'arr\u00eat\u00e9 pr\u00e9fectoral du 22 d\u00e9cembre 2025 portant d\u00e9l\u00e9gation de signature \u00e0 Madame\nNathalie PICHET, conseill\u00e8re d'administration de l'int\u00e9rieur et de l'outre-mer, directrice du\nsecr\u00e9tariat g\u00e9n\u00e9ral commun d\u00e9partemental de l'Ain ; \nA R R \u00ca T E\nArticle     1   :  En  cas  d'absence  ou  d'emp\u00eachement  de  Madame  Nathalie  PICHET,  la\nd\u00e9l\u00e9gation  pr\u00e9vue  aux  articles  1  et  2  de  l'arr\u00eat\u00e9  pr\u00e9fectoral  du  22  d\u00e9cembre  2025\nportant d\u00e9l\u00e9gation de signature \u00e0 Mme Nathalie PICHET, directrice du secr\u00e9tariat g\u00e9n\u00e9ral\ncommun  d\u00e9partemental  de  l'Ain,  est  donn\u00e9e  \u00e0  Mme  Sylvia  CHARPIN, attach\u00e9e\n1\n01_Pref_Pr\u00e9fecture de l'Ain - 01-2025-12-23-00008 - AP subd\u00e9l\u00e9gation SGCD administration g\u00e9n\u00e9rale 19\nd'administration de l'\u00c9tat hors classe , directrice adjointe du secr\u00e9tariat g\u00e9n\u00e9ral commun\nd\u00e9partemental de l'Ain.\nArticle 2  : En cas d'absence ou d'emp\u00eachement simultan\u00e9s de Madame Nathalie PICHET\net de  Madame Sylvia CHARPIN, d\u00e9l\u00e9gation est donn\u00e9e  \u00e0  Madame Vanessa BURLOUD,\nattach\u00e9e  d'administration  de  l'\u00c9tat,  cheffe  du  bureau  interminist\u00e9riel  des  ressources\nhumaines (BIRH),  \u00e0 l'effet de signer  tout arr\u00eat\u00e9, d\u00e9cision et correspondance concernant\nles  agents  relevant  du  secr\u00e9tariat  g\u00e9n\u00e9ral  commun  d\u00e9partemental  de  l'Ain  dans  les\nconditions pr\u00e9vues \u00e0 l'article 1 de l'arr\u00eat\u00e9 pr\u00e9fectoral du 22 d\u00e9cembre 2025.\nArticle 3  : Sont exclus de la d\u00e9l\u00e9gation consentie dans les termes figurant \u00e0 l'article 1 du\npr\u00e9sent arr\u00eat\u00e9 : \n\u2022 Les mesures g\u00e9n\u00e9rales relatives \u00e0 l'organisation des \u00e9lections professionnelles ;\n\u2022 Les  mesures  individuelles  affectant  l'effectif  permanent  de  la  structure\nb\u00e9n\u00e9ficiaire,  et  notamment  les  mutations  entrantes  et  sortantes,  les\naffectations, les autorisations de recrutement ou de concours, les d\u00e9parts en\nretraite, les recrutements et remplacements par des agents contractuels et le\nrecrutement de stagiaires ;\n\u2022 Les octrois et renouvellements des cong\u00e9s de longue maladie, des cong\u00e9s de\nlongue dur\u00e9e et des cong\u00e9s pour invalidit\u00e9 temporaire imputable au service ;\n\u2022 Les  d\u00e9cisions  relatives  \u00e0  la  r\u00e9mun\u00e9ration  des  agents :  nouvelle  bonification\nindiciaire, indemnit\u00e9s de fonctions, de suj\u00e9tions et d'expertise  et compl\u00e9ments\nindemnitaires annuels ;\n\u2022 Les d\u00e9cisions relatives aux demandes de t\u00e9l\u00e9travail ;\n\u2022 Les d\u00e9cisions relatives aux plans de formation ;\n\u2022 Les mesures disciplinaires.\nArticle 4  : En cas d'absence ou d'emp\u00eachement simultan\u00e9s de Madame Nathalie PICHET\net de  Madame Sylvia CHARPIN,  d\u00e9l\u00e9gation de signature est donn\u00e9e, pour l'octroi des\ncong\u00e9s annuels et des jours de repos au titre des am\u00e9nagements et r\u00e9duction du temps\nde  travail,  pour  les demandes  d'ouverture  des  comptes  \u00e9pargne-temps  et  pour  les\ndemandes relatives \u00e0 la formation \u00e0 :\n\u2022 Madame  Vanessa  BURLOUD,  attach\u00e9e  d'administration  de  l'\u00c9tat,  cheffe  du\nbureau interminist\u00e9riel des ressources humaines, pour les agents relevant de\nson bureau ;\n\u2022 Madame  Aur\u00e9lie  BRENACHOT,  secr\u00e9taire  administrative,  cheffe  du  p\u00f4le  en\ncharge des agents du minist\u00e8re de l'int\u00e9rieur et des minist\u00e8res sociaux au sein\ndu bureau interminist\u00e9riel des ressources humaines, pour les agents relevant du\nbureau interminist\u00e9riel des ressources humaines ;\n\u2022 Madame Nelly WINDISCH, attach\u00e9e d'administration de l'\u00c9tat, cheffe du p\u00f4le\nen charg\u00e9 des agents du minist\u00e8re de l'\u00e9cologie, du minist\u00e8re de l'agriculture et\ndu  minist\u00e8re des  finances  au  sein  du  bureau  interminist\u00e9riel  des  ressources\nhumaines, pour les agents relevant du bureau interminist\u00e9riel des ressources\nhumaines ; \n\u2022 Madame Val\u00e9rie CERVERA-ORTIZ, attach\u00e9e d'administration de l'\u00c9tat, cheffe\ndu  bureau  interminist\u00e9riel  de  la  pr\u00e9vention,  de  la  formation  et  de  l'action\nsociale pour les agents relevant de son bureau ;\n2\n01_Pref_Pr\u00e9fecture de l'Ain - 01-2025-12-23-00008 - AP subd\u00e9l\u00e9gation SGCD administration g\u00e9n\u00e9rale 20\n\u2022 Monsieur Olivier GUICHON, attach\u00e9 d'administration de l'\u00c9tat, chef du bureau\ninterminist\u00e9riel de la logistique et de la gestion b\u00e2timentaire, pour les agents\nrelevant de son bureau ;\n\u2022 Madame  \u00c9milie  DELLIAUX,  attach\u00e9e  d'administration  de  l'\u00c9tat,  cheffe  du\nbureau interminist\u00e9riel du budget, des finances et de la politique immobili\u00e8re,\npour les agents relevant de son bureau ;\n\u2022 Monsieur Antoine SANTSCHI, attach\u00e9 d'administration de l'\u00c9tat, adjoint \u00e0 la\ncheffe du bureau interminist\u00e9riel du budget, des finances et de la politique\nimmobili\u00e8re, pour les agents relevant du bureau interminist\u00e9riel du budget, des\nfinances et de la politique immobili\u00e8re ;\n\u2022 Monsieur Alexandre POULALIER, contractuel de cat\u00e9gorie A, chef du bureau\ninterminist\u00e9riel  des  syst\u00e8mes  d'information  et  de  communication,  pour  les\nagents relevant de son bureau.\n\u2022 Monsieur St\u00e9phane GONIN, ing\u00e9nieur principal des syst\u00e8mes d'information et\nde communication, adjoint au chef du bureau interminist\u00e9riel des syst\u00e8mes\nd'information  et  de  communication,  pour  les  agents  relevant  du  bureau\ninterminist\u00e9riel des syst\u00e8mes d'information et de communication.\nArticle 5  : En cas d'absence ou d'emp\u00eachement simultan\u00e9s de Madame Nathalie PICHET\net de  Madame Sylvia CHARPIN,  d\u00e9l\u00e9gation de signature est donn\u00e9e, pour  les d\u00e9cisions\nrelatives aux astreintes et aux heures suppl\u00e9mentaires \u00e0 :\n\u2022 Monsieur Olivier GUICHON, attach\u00e9 d'administration de l'\u00c9tat, chef du bureau\ninterminist\u00e9riel de la logistique et de la gestion b\u00e2timentaire, pour les agents\nplac\u00e9s sous son autorit\u00e9 et relevant de son bureau ;\n\u2022 Madame  Sophie  MOSER,  technicienne  sup\u00e9rieure  principale,  cheffe  de\nl'unit\u00e9 logistique et moyens g\u00e9n\u00e9raux du bureau interminist\u00e9riel de la logistique\net de la gestion b\u00e2timentaire, et \u00e0  Monsieur Philippe MOREL, ing\u00e9nieur des\nservices  techniques,  chef  de  l'unit\u00e9  gestion  b\u00e2timentaire  du  bureau\ninterminist\u00e9riel de la logistique et de la gestion b\u00e2timentaire,  pour les agents\nplac\u00e9s sous leur autorit\u00e9 et relevant de leur unit\u00e9 respective ;\n\u2022 Monsieur Alexandre POULALIER, contractuel de cat\u00e9gorie A, chef du bureau\ninterminist\u00e9riel  des  syst\u00e8mes  d'information  et  de  communication,  pour  les\nagents  relevant  de  son  bureau,  et  \u00e0  Monsieur  St\u00e9phane  GONIN,  ing\u00e9nieur\nprincipal des syst\u00e8mes d'information et de communication, adjoint au chef du\nbureau interminist\u00e9riel des syst\u00e8mes d'information et de communication en cas\nd'absence ou d'emp\u00eachement de Monsieur Alexandre POULALIER. \nArticle 6  : L'arr\u00eat\u00e9 pr\u00e9fectoral du 10 septembre 2025 p ortant d\u00e9l\u00e9gation de signature de\nMadame Nathalie PICHET , c onseill\u00e8re d'administration de l'Int\u00e9rieur et de l'Outre-mer ,\ndirectrice du secr\u00e9tariat g\u00e9n\u00e9ral commun d\u00e9partemental de l'Ain, est abrog\u00e9.\nArticle 7 : Le pr\u00e9sent arr\u00eat\u00e9 peut faire l'objet d'un recours devant le tribunal administratif\nde Lyon dans un d\u00e9lai de deux mois \u00e0 compter de sa publication, conform\u00e9ment \u00e0 l'article\n3\n01_Pref_Pr\u00e9fecture de l'Ain - 01-2025-12-23-00008 - AP subd\u00e9l\u00e9gation SGCD administration g\u00e9n\u00e9rale 21\nR.  421-1  du  Code  de  justice  administrative,  ou  de  mani\u00e8re  d\u00e9mat\u00e9rialis\u00e9e  via le  site\ncitoyens.telerecours.fr selon l'article R. 414-6 du Code de justice administrative.\nArticle     8   : La directrice du secr\u00e9tariat g\u00e9n\u00e9ral commun d\u00e9partemental de l'Ain est charg\u00e9e\nde l'ex\u00e9cution du pr\u00e9sent arr\u00eat\u00e9, qui s era notifi\u00e9 aux int\u00e9ress\u00e9(e)s et publi\u00e9 au recueil des\nactes administratifs de la pr\u00e9fecture de l'Ain.\n    Bourg-en-Bresse, le 23 d\u00e9cembre 2025\nLa directrice du secr\u00e9tariat g\u00e9n\u00e9ral commun\nd\u00e9partemental,\nSign\u00e9 : Nathalie PICHET\n4\n01_Pref_Pr\u00e9fecture de l'Ain - 01-2025-12-23-00008 - AP subd\u00e9l\u00e9gation SGCD administration g\u00e9n\u00e9rale 22\n01_Pref_Pr\u00e9fecture de l'Ain\n01-2025-12-23-00009\nAP subd\u00e9l\u00e9gation SGCD coordonnateur Chorus\n01_Pref_Pr\u00e9fecture de l'Ain - 01-2025-12-23-00009 - AP subd\u00e9l\u00e9gation SGCD coordonnateur Chorus 23\nesPREFETEDE LAINLibert\u00e9Egalit\u00e9Fraternit\u00e9\nARR\u00caT\u00c9 PR\u00c9FECTORAL\nPortant subd\u00e9l\u00e9gation de signature de Madame Nathalie Pichet,\nConseill\u00e8re d'administration de l'Int\u00e9rieur et de l'Outre-mer,\nDirectrice du secr\u00e9tariat g\u00e9n\u00e9ral commun d\u00e9partemental de l'Ain,\nen mati\u00e8re de coordination d\u00e9partementale Chorus\nLa directrice du secr\u00e9tariat g\u00e9n\u00e9ral commun d\u00e9partemental de l'Ain\nVU la loi organique n\u00b0 2001-692 du 1er ao\u00fbt 2001 relative aux lois finances ;\nVU la  loi  n\u00b0  92-125  du  06  f\u00e9vrier  1992  relative  \u00e0  l'administration  territoriale  de  la\nR\u00e9publique ;\nVU la loi n\u00b0 82-213 du 2 mars 1982 modifi\u00e9e relative aux droits et libert\u00e9s des communes,\ndes d\u00e9partements et des r\u00e9gions ;\nVU le d\u00e9cret n\u00b0 2012-1246 du 7 novembre 2012 relatif \u00e0 la gestion et comptable publique ;\nVU le  d\u00e9cret  n\u00b02004-374  du  9  avril  2004  modifi\u00e9  relatif  aux  pouvoirs  des  pr\u00e9fets,  \u00e0\nl'organisation et \u00e0 l'action des services de l'\u00c9tat dans les r\u00e9gions et d\u00e9partements ; \nVU le d\u00e9cret du  2 d\u00e9cembre 2025 portant nomination de M. Louis-Xavier THIRODE, en\nqualit\u00e9 de pr\u00e9fet de l'Ain ;\nVU le d\u00e9cret du 2 ao\u00fbt 2023 portant nomination de Madame Virginie GUERIN-ROBINET,\nsecr\u00e9taire g\u00e9n\u00e9rale de la pr\u00e9fecture de l'Ain, sous-pr\u00e9f\u00e8te de l'arrondissement de Bourg-en-\nBresse, \u00e0 compter du 1er septembre 2023 ;\nVU l'arr\u00eat\u00e9 du 8 d\u00e9cembre 1993 portant r\u00e8glement de comptabilit\u00e9 pour la d\u00e9signation\ndes ordonnateurs secondaires et de leurs d\u00e9l\u00e9gu\u00e9s ;\nVU l'arr\u00eat\u00e9  minist\u00e9riel  n\u00b0  U14761870227504  du  16  f\u00e9vrier  2021  portant  nomination  et\nd\u00e9tachement de Madame Nathalie PICHET dans un emploi fonctionnel de conseill\u00e8re\nd'administration de l'Int\u00e9rieur et de l'Outre-mer ;\nVU l'arr\u00eat\u00e9  n\u00b0  U14761870227464  du  16  f\u00e9vrier  2021  portant  d\u00e9signation  de  Madame\nNathalie PICHET, conseill\u00e8re d'administration de l'Int\u00e9rieur et de l'Outre-mer, directrice du\nsecr\u00e9tariat g\u00e9n\u00e9ral commun de l'Ain ;\n1\n01_Pref_Pr\u00e9fecture de l'Ain - 01-2025-12-23-00009 - AP subd\u00e9l\u00e9gation SGCD coordonnateur Chorus 24\nVU l'arr\u00eat\u00e9 pr\u00e9fectoral du 22 d\u00e9cembre 2025 porta nt d\u00e9l\u00e9gation de signature en mati\u00e8re\nd'ordonnancement  secondaire  \u00e0  Madame  Nathalie  PICHET,  directrice  du  secr\u00e9tariat\ng\u00e9n\u00e9ral commun d\u00e9partemental de l'Ain ;\nVU le protocole du 18 septembre 2013 portant contrat de service entre les pr\u00e9fectures de\nla r\u00e9gion Rh\u00f4ne-Alpes, le centre de services partag\u00e9s r\u00e9gional et le service facturier du bloc\n1 et son avenant en date du 21 mai 2014 officialisant la mise en place d'une suppl\u00e9ance\nlocale du coordinateur d\u00e9partemental d\u00e9penses ;\nARR\u00caTE\nArticle 1     :   Dans le cadre de l'ex\u00e9cution des d\u00e9penses de l'\u00c9tat relevant des programmes\n\u00e9num\u00e9r\u00e9s ci-dessous, d\u00e9l\u00e9gation de signature est donn\u00e9e \u00e0 Madame Aur\u00e9lie DOYONNAX,\nsecr\u00e9taire administrative de classe sup\u00e9rieure, charg\u00e9e du suivi de la d\u00e9pense au sein du\nbureau  interminist\u00e9riel  du  budget,  des  finances  et  de  la  politique  immobili\u00e8re  du\nsecr\u00e9tariat  g\u00e9n\u00e9ral  commun  d\u00e9partemental  de  l'Ain,  en  tant  que  coordinatrice\nd\u00e9partementale Chorus pour signer \n\u2022 les ordres de payer relatifs aux d\u00e9penses trait\u00e9es en flux 4 du ressort du service\nfacturier de la direction r\u00e9gionale des finances publiques Auvergne Rh\u00f4ne-Alpes\npour l'ensemble des BOP relevant de l'unit\u00e9 op\u00e9rationnelle de l'Ain (UO 01) ;\n\u2022 les ordres de payer relatifs aux d\u00e9penses r\u00e9alis\u00e9es en carte achat par l'ensemble des\nporteurs de carte pour tous les BOP g\u00e9r\u00e9s au sein des services relevant du p\u00e9rim\u00e8tre\nde l'administration territoriale de l'\u00c9tat dans l'Ain.\nArticle 2     :   En cas d'absence ou d'emp\u00eachement de Madame Aur\u00e9lie DOYONNAX, cette\nd\u00e9l\u00e9gation est donn\u00e9e \u00e0 Monsieur Micka\u00ebl DOLHEN, secr\u00e9taire administratif de classe\nnormale, charg\u00e9 de mission politique immobili\u00e8re, et \u00e0 Madame Laurence LOBODINSKY,\nadjointe administrative principale de premi\u00e8re classe, gestionnaire de la d\u00e9pense.\nArticle 3     :   Toutes dispositions ant\u00e9rieures au pr\u00e9sent arr\u00eat\u00e9 sont abrog\u00e9es.\nArticle 4     :   Le pr\u00e9sent arr\u00eat\u00e9 peut faire l'objet d'un recours devant le tribunal administratif\nde Lyon dans un d\u00e9lai de deux mois \u00e0 compter de sa publication, conform\u00e9ment \u00e0 l'article\nR.  421-1  du  Code  de  justice  administrative,  ou  de  mani\u00e8re  d\u00e9mat\u00e9rialis\u00e9e  via  le  site\ncitoyens.telerecours.fr selon l'article R. 414-6 du Code de justice administrative.\nArticle 9     :   La directrice du secr\u00e9tariat g\u00e9n\u00e9ral commun d\u00e9partemental de l'Ain est charg\u00e9e\nde l'ex\u00e9cution du pr\u00e9sent arr\u00eat\u00e9 qui sera publi\u00e9 au recueil des actes administratifs de la\npr\u00e9fecture  de  l'Ain  et  notifi\u00e9  aux  int\u00e9ress\u00e9(e)s.  Une  copie  sera  transmise  au  directeur\nr\u00e9gional des finances publiques Auvergne-Rh\u00f4ne-Alpes. \nBourg-en-Bresse, le 23 d\u00e9cembre 2025\nLa  directrice  du  secr\u00e9tariat  g\u00e9n\u00e9ral\ncommun d\u00e9partemental,\nSign\u00e9 : Nathalie Pichet\n2\n01_Pref_Pr\u00e9fecture de l'Ain - 01-2025-12-23-00009 - AP subd\u00e9l\u00e9gation SGCD coordonnateur Chorus 25\n01_Pref_Pr\u00e9fecture de l'Ain\n01-2025-12-23-00010\nAP subd\u00e9l\u00e9gation SGCD OS PA\n01_Pref_Pr\u00e9fecture de l'Ain - 01-2025-12-23-00010 - AP subd\u00e9l\u00e9gation SGCD OS PA 26\nE 3PR\u00c9F\u00c8TEDE L'AINLibert\u00e9Egalit\u00e9Fraternit\u00e9\nARR\u00caT\u00c9 PR\u00c9FECTORAL\nPortant subd\u00e9l\u00e9gation de signature de Madame Nathalie PICHET,\nConseill\u00e8re d'administration de l'Int\u00e9rieur et de l'Outre-mer,\nDirectrice du secr\u00e9tariat g\u00e9n\u00e9ral commun d\u00e9partemental de l'Ain,\npour l'ordonnancement secondaire des recettes et des d\u00e9penses et pour l'exercice des\nattributions d\u00e9volues au pouvoir adjudicateur\nLa directrice du secr\u00e9tariat g\u00e9n\u00e9ral commun d\u00e9partemental de l'Ain,\nVU le Code de la commande publique ;\nVU la loi organique n\u00b02001-692 du 1er ao\u00fbt 2001 relative aux lois finances ;\nVU la loi n\u00b092-125 du 06 f\u00e9vrier 1992 relative \u00e0 l'administration territoriale de la R\u00e9publique ;\nVU la loi n\u00b082-213 du 2 mars 1982 modifi\u00e9e relative aux droits et libert\u00e9s communes, des\nd\u00e9partements et des r\u00e9gions ;\nVU le d\u00e9cret n\u00b02006-781 du 03 juillet 2006 fixant les conditions et modalit\u00e9s de r\u00e8glement\ndes frais occasionn\u00e9s par les d\u00e9placements temporaires des personnels civils de l'\u00c9tat ;\nVU le  d\u00e9cret  n\u00b02020-99  du  7  f\u00e9vrier  2020  relatif  \u00e0  l'organisation  et  aux  missions  des\nsecr\u00e9tariats g\u00e9n\u00e9raux communs d\u00e9partementaux ;\nVU le d\u00e9cret n\u00b02015-510 du 7 mai 2015 portant charte de la d\u00e9concentration ;\nVU le d\u00e9cret n\u00b0 2012-1246 du 7 novembre 2012 modifi\u00e9 relatif \u00e0 la gestion budg\u00e9taire et\ncomptable publique ;\nVU le  d\u00e9cret  n\u00b0  2004-374  du  29  avril  2004  modifi\u00e9  relatif  aux  pouvoirs  des  pr\u00e9fets,  \u00e0\nl'organisation et \u00e0 l'action des services de l'\u00c9tat dans les r\u00e9gions et les d\u00e9partements ;\nVU le d\u00e9cret du  2 d\u00e9cembre 2025 portant nomination de M. Louis-Xavier THIRODE, en\nqualit\u00e9 de pr\u00e9fet de l'Ain ;\nVU le d\u00e9cret du 2 ao\u00fbt 2023 portant nomination de Madame Virginie GUERIN-ROBINET,\nsecr\u00e9taire g\u00e9n\u00e9rale de la pr\u00e9fecture de l'Ain, sous-pr\u00e9f\u00e8te de l'arrondissement de Bourg-en-\nBresse, \u00e0 compter du 1er septembre 2023 ;\nVU la circulaire n\u00b06104-SG du 2 ao\u00fbt 2019 relative \u00e0 la constitution des secr\u00e9tariats g\u00e9n\u00e9raux\ncommuns aux pr\u00e9fectures et aux directions d\u00e9partementales interminist\u00e9rielles ;\n1/6\n01_Pref_Pr\u00e9fecture de l'Ain - 01-2025-12-23-00010 - AP subd\u00e9l\u00e9gation SGCD OS PA 27\nVU la circulaire du 12 juin 2019 relative \u00e0 la mise en \u0153uvre de l'organisation territoriale de\nl'\u00c9tat ;\nVU l'arr\u00eat\u00e9 du Premier ministre du 1 er juillet 2013 modifiant l'arr\u00eat\u00e9 du 31 mars 2011 portant\nd\u00e9concentration des d\u00e9cisions relatives \u00e0 la situation individuelle des fonctionnaires et agents\nnon titulaires exer\u00e7ant leurs fonctions dans les directions d\u00e9partementales interminist\u00e9rielles ;\nVU l'arr\u00eat\u00e9 du 31 janvier 2000 modifiant l'arr\u00eat\u00e9 du 21 d\u00e9cembre 1982 portant r\u00e8glement de\ncomptabilit\u00e9  pour  la  d\u00e9signation  des  ordonnateurs  secondaires  et  de  leurs  d\u00e9l\u00e9gu\u00e9s\n(op\u00e9rations ordinaires) ;\nVU l'arr\u00eat\u00e9  minist\u00e9riel  n\u00b0U14761870227504  du  16  f\u00e9vrier  2021  portant  nomination  et\nd\u00e9tachement  de  Madame  Nathalie  PICHET  dans  un  emploi  fonctionnel  de  conseill\u00e8re\nd'administration de l'Int\u00e9rieur et de l'Outre-mer ;\nVU l'arr\u00eat\u00e9 minist\u00e9riel n\u00b0U14761870227504 du 16 f\u00e9vrier 2021 portant d\u00e9signation de Madame\nNathalie PICHET dans un emploi fonctionnel de conseill\u00e8re d'administration de l'Int\u00e9rieur et\nde l'Outre-mer, directrice du secr\u00e9tariat g\u00e9n\u00e9ral commun \u00e0 la pr\u00e9fecture et aux directions\nd\u00e9partementales interminist\u00e9rielles de l'Ain ;\nVU l'arr\u00eat\u00e9 du 3 d\u00e9cembre 2023 portant politique de voyage pour les personnels civils du\nminist\u00e8re de l'Int\u00e9rieur ;\nVU l'arr\u00eat\u00e9 pr\u00e9fectoral du 22 d\u00e9cembre 2025 portant d\u00e9l\u00e9gation de signature \u00e0 Madame\nNathalie PICHET, conseill\u00e8re d'administration de l'Int\u00e9rieur et de l'Outre-mer, directrice du\nsecr\u00e9tariat g\u00e9n\u00e9ral commun d\u00e9partemental de l'Ain, pour l'ordonnancement secondaire des\nrecettes  et  des  d\u00e9penses  et  pour  l'exercice  des  attributions  d\u00e9volues  au  pouvoir\nadjudicateur ;\nARR\u00caTE\nArticle 1 : En cas d'absence ou d'emp\u00eachement de Madame Nathalie PICHET, la d\u00e9l\u00e9gation de\nsignature qui lui est consentie dans les termes figurant aux articles 1 \u00e0 4 de l'arr\u00eat\u00e9 du 22\nd\u00e9cembre 2025 est exerc\u00e9e par Madame Sylvia CHARPIN, attach\u00e9e d'administration de l'\u00c9tat\nhors classe, directrice adjointe du secr\u00e9tariat g\u00e9n\u00e9ral commun d\u00e9partemental de l'Ain.\nArticle 2  : En cas d'absence ou d'emp\u00eachement simultan\u00e9s de Madame Nathalie PICHET et\nde Madame Sylvia CHARPIN, la d\u00e9l\u00e9gation de signature consentie dans les termes figurant \u00e0\nl'article 1 du pr\u00e9sent arr\u00eat\u00e9 est donn\u00e9e \u00e0 Madame \u00c9milie DELLIAUX, attach\u00e9e d'administration\nde  l'\u00c9tat,  cheffe  du  bureau  interminist\u00e9riel  du  budget,  des  finances  et  de  la  politique\nimmobili\u00e8re, \u00e0 l'effet de signer, pour les mati\u00e8res relevant de son bureau :\n\u2022 Toute pi\u00e8ce relative \u00e0 l'exercice de la comp\u00e9tence d'ordonnateur secondaire d\u00e9l\u00e9gu\u00e9,\ntant pour les d\u00e9penses, la constatation de service fait que pour les recettes de l'\u00c9tat ;\n\u2022 Tout acte cons\u00e9cutif \u00e0 l'engagement d'un march\u00e9 public ou d'une convention, dans la\nlimite de la somme de 136 000 euros hors taxe et imput\u00e9 sur les programmes suivants :\nMinist\u00e8res Num\u00e9ros de programme Intitul\u00e9 du programme\nMinist\u00e8re du Travail et des \nSolidarit\u00e9s 124 Conduite  et  soutien  des\npolitiques sanitaires et sociales\n2/6\n01_Pref_Pr\u00e9fecture de l'Ain - 01-2025-12-23-00010 - AP subd\u00e9l\u00e9gation SGCD OS PA 28\nMinist\u00e8res Num\u00e9ros de programme Intitul\u00e9 du programme\nMinist\u00e8re de la Fonction \npublique et de la R\u00e9forme de \nl'\u00c9tat\n148 Fonction publique\n348\nR\u00e9novation  des  cit\u00e9s\nadministratives  et  autres  sites\ndomaniaux multi-occupants\n349 Fonds  pour  la  transformation\nde l'action publique\nMinist\u00e8re de l'Int\u00e9rieur\n354 Administration  g\u00e9n\u00e9rale  et\nterritoriale de l'\u00c9tat\n232 Vie politique\n216 Conduite  et  pilotage  des\npolitiques de l'int\u00e9rieur\n207 S\u00e9curit\u00e9 et \u00e9ducation routi\u00e8res\n176 Police nationale\nMinist\u00e8re de l'Agriculture, de \nl'Agro-alimentaire et de la \nSouverainet\u00e9 alimentaire\n215 Conduite  et  pilotage  des\npolitiques de l'agriculture\n206 S\u00e9curit\u00e9 et qualit\u00e9 sanitaires de\nl'alimentation\nMinist\u00e8res de la Transition \n\u00e9cologique - de l'Am\u00e9nagement \ndu Territoire \u2013 des Transports \u2013 \nde la Ville et du Logement\n217\nConduite  et  pilotage  des\npolitiques  de  l'\u00e9cologie,  du\nd\u00e9veloppement  et  de  la\nmobilit\u00e9 durables\nMinist\u00e8re de l'\u00c9conomie, des \nFinances et de la Souverainet\u00e9 \nindustrielle, \u00e9nerg\u00e9tique et \nnum\u00e9rique\n723 Gestion  du  patrimoine\nimmobilier de l'\u00c9tat\nEn  cas  d'absence  ou  d'emp\u00eachement  de  Madame  \u00c9milie  DELLIAUX,  cette  d\u00e9l\u00e9gation  est\ndonn\u00e9e \u00e0 Monsieur Antoine SANTSCHI, attach\u00e9 d'administration de l'\u00c9tat, adjoint \u00e0 la cheffe\ndu bureau interminist\u00e9riel du budget, des finances et de la politique immobili\u00e8re.\nArticle 3  : En cas d'absence ou d'emp\u00eachement simultan\u00e9s de Madame Nathalie PICHET, et\nde Madame Sylvia CHARPIN, d\u00e9l\u00e9gation est donn\u00e9e \u00e0 Madame \u00c9milie DELLIAUX, attach\u00e9e\nd'administration de l'\u00c9tat, cheffe du bureau interminist\u00e9riel du budget, des finances et de la\npolitique immobili\u00e8re, \u00e0 l'effet de signer, pour les mati\u00e8res relevant de son bureau :\n\u2022 les march\u00e9s \u00e0 proc\u00e9dure adapt\u00e9e, dans la limite de 1 500 euros hors taxes ;\n\u2022 toute pi\u00e8ce comptable et document relatif \u00e0 l'ordonnancement des d\u00e9penses ;\n\u2022 l'\u00e9mission des titres de perception et de r\u00e9duction ;\n\u2022 les constatations de service fait.\nEn cas d'absence ou d'emp\u00eachement simultan\u00e9s de Madame Nathalie PICHET, de Madame\nSylvia CHARPIN, et de Madame \u00c9milie DELLIAUX, cette d\u00e9l\u00e9gation est donn\u00e9e \u00e0 Monsieur\nAntoine  SANTSCHI,  attach\u00e9  d'administration  de  l'\u00c9tat,  adjoint  \u00e0  la  cheffe  du  bureau\ninterminist\u00e9riel du budget, des finances et de la politique immobili\u00e8re.\nArticle 4  : En cas d'absence ou d'emp\u00eachement simultan\u00e9s de Madame Nathalie PICHET,  et\nde  Madame  Sylvia  CHARPIN,  d\u00e9l\u00e9gation  est  donn\u00e9e  \u00e0  Madame  Val\u00e9rie  CERVERA-ORTIZ\n3/6\n01_Pref_Pr\u00e9fecture de l'Ain - 01-2025-12-23-00010 - AP subd\u00e9l\u00e9gation SGCD OS PA 29\nattach\u00e9e d'administration de l'\u00c9tat, cheffe du bureau interminist\u00e9riel de la pr\u00e9vention, de la\nformation et de l'action sociale, \u00e0 l'effet de signer tous documents comptables pour les\nmati\u00e8res relevant de la pr\u00e9vention, de l'action sociale et de la formation dans le cadre des\nprogrammes 124, 148, 176, 215, 216, 217 et 354, dans la limite de 1 500 euros hors taxes.\nArticle 5  : En cas d'absence ou d'emp\u00eachement simultan\u00e9s de Madame Nathalie PICHET, et\nde Madame Sylvia CHARPIN, d\u00e9l\u00e9gation est donn\u00e9e \u00e0 Monsieur Olivier GUICHON, attach\u00e9\nd'administration de l'\u00c9tat, chef du bureau interminist\u00e9riel de la logistique et de la gestion\nb\u00e2timentaire, \u00e0 l'effet de signer, pour les mati\u00e8res relavant de son bureau, et dans le cadre des\nprogrammes 354 et 723 :\n\u2022 les march\u00e9s \u00e0 proc\u00e9dure adapt\u00e9e, dans la limite de 1 500 euros hors taxes ;\n\u2022 toute pi\u00e8ce comptable et document relatif \u00e0 l'ordonnancement des d\u00e9penses ;\n\u2022 les constatations de service fait.\nArticle 6  : En cas d'absence ou d'emp\u00eachement simultan\u00e9s de Madame Nathalie PICHET, de\nMadame Sylvia CHARPIN, et de Monsieur Olivier GUICHON, d\u00e9l\u00e9gation est donn\u00e9e \u00e0 :\n\u2022 Madame  Sophie  MOSER,  technicienne  sup\u00e9rieure  principale,  cheffe  de  l'unit\u00e9\nlogistique  et  moyens  g\u00e9n\u00e9raux  du  bureau  interminist\u00e9riel  de  la  logistique  et  de  la\ngestion b\u00e2timentaire, dans le cadre du programme 354\n\u2022 Monsieur Philippe MOREL, ing\u00e9nieur des services techniques, chef de l'unit\u00e9 gestion\nb\u00e2timentaire du bureau interminist\u00e9riel de la logistique et de la gestion b\u00e2timentaire,\ndans le cadre des programmes 354 et 723\n\u00e0 l'effet de signer :\n\u2022 les march\u00e9s \u00e0 proc\u00e9dure adapt\u00e9e, dans la limite de la somme de 1  000 euros hors\ntaxes ;\n\u2022 toute pi\u00e8ce comptable et document relatif \u00e0 l'ordonnancement des d\u00e9penses ;\n\u2022 les constatations de service fait.\nArticle 7  : En cas d'absence ou d'emp\u00eachement simultan\u00e9s de Madame Nathalie PICHET, et\nde  Madame  Sylvia  CHARPIN,  d\u00e9l\u00e9gation  est  donn\u00e9e  \u00e0  Monsieur  Alexandre  POULALIER,\ncontractuel de cat\u00e9gorie A, chef du bureau interminist\u00e9riel des syst\u00e8mes d'information et de\ncommunication, \u00e0 l'effet de signer, pour les mati\u00e8res relavant de son bureau, dans le cadre du\nprogramme 354 :\n\u2022 les march\u00e9s \u00e0 proc\u00e9dure adapt\u00e9e, dans la limite de 1 500 euros hors taxes ;\n\u2022 toute pi\u00e8ce comptable et document relatif \u00e0 l'ordonnancement des d\u00e9penses ;\n\u2022 les constatations de service fait.\nArticle 8  : En cas d'absence ou d'emp\u00eachement simultan\u00e9s de Madame Nathalie PICHET, de\nMadame Sylvia CHARPIN, et de Monsieur Alexandre POULALIER, d\u00e9l\u00e9gation est donn\u00e9e \u00e0\nMonsieur  St\u00e9phane  GONIN,  ing\u00e9nieur  principale  des  syst\u00e8mes  d'information  et\ncommunication, adjoint au chef du bureau interminist\u00e9riel des syst\u00e8mes d'information et de\ncommunication, \u00e0 l'effet de signer, pour les mati\u00e8res relavant de son bureau, dans le cadre du\nprogramme 354 :\n\u2022 les march\u00e9s \u00e0 proc\u00e9dure adapt\u00e9e, dans la limite de 1 500 euros hors taxes ;\n\u2022 toute pi\u00e8ce comptable et document relatif \u00e0 l'ordonnancement des d\u00e9penses ;\n\u2022 les constatations de service fait.\nArticle 9 : Subd\u00e9l\u00e9gation est donn\u00e9e aux personnes suivantes \u00e0 effet de doter les enveloppes\nde moyens et de valider les ordres de mission, les \u00e9tats de frais et les facturations fournisseurs\noccasionn\u00e9s  par  les  d\u00e9placements  des  personnels  relevant  du  p\u00e9rim\u00e8tre  du  secr\u00e9tariat\ng\u00e9n\u00e9ral commun d\u00e9partemental dans l'outil Chorus-DT :\n4/6\n01_Pref_Pr\u00e9fecture de l'Ain - 01-2025-12-23-00010 - AP subd\u00e9l\u00e9gation SGCD OS PA 30\nNOM Pr\u00e9nom Fonction\nSylvia CHARPIN Directrice adjointe du secr\u00e9tariat g\u00e9n\u00e9ral commun d\u00e9partemental\n\u00c9milie DELLIAUX Cheffe du bureau interminist\u00e9riel du budget, des finances et de la \npolitique immobili\u00e8re\nAntoine SANTSCHI Adjoint \u00e0 la cheffe du bureau interminist\u00e9riel du budget, des \nfinances et de la politique immobili\u00e8re\nVal\u00e9rie CERVERA-\nORTIZ\nCheffe du bureau interminist\u00e9riel de la pr\u00e9vention, de la formation \net de l'action sociale\nL\u00e9a SAN BARTOLOME Charg\u00e9e de la gestion de la d\u00e9pense et des d\u00e9placements \ntemporaires\nAur\u00e8le JAY Gestionnaire de la d\u00e9pense\nMarie-Anne THOMAS Charg\u00e9e d'action sociale\nNadine RIBOT Charg\u00e9e d'action sociale\nArticle  10 : Subd\u00e9l\u00e9gation  est  donn\u00e9e  aux  personnes  suivantes  \u00e0  effet  de  valider  les\nengagements de tiers, les recettes, les propositions d'engagement juridiques et constatations\nde service fait pr\u00e9alablement sign\u00e9s par les agents autoris\u00e9s dans l'outil Chorus Formulaires :\nNOM Pr\u00e9nom Fonction Validation sur BOP\n\u00c9milie DELLIAUX Cheffe du bureau interminist\u00e9riel du budget, des\nfinances et de la politique immobili\u00e8re\nBOP vis\u00e9s dans\nl'article 2 du\npr\u00e9sent arr\u00eat\u00e9\nAntoine SANTSCHI\nAdjoint \u00e0 la cheffe du bureau interminist\u00e9riel du\nbudget,  des  finances  et  de  la  politique\nimmobili\u00e8re\nVal\u00e9rie  CERVERA-\nORTIZ\nCheffe  du  bureau  interminist\u00e9riel  de  la\npr\u00e9vention, de la formation et de l'action sociale\nAur\u00e9lie DOYONNAX Charg\u00e9e  de  mission  pilotage  et  gestion  de  la\nd\u00e9pense\nMicka\u00ebl DOLHEN Charg\u00e9 de mission politique immobili\u00e8re\nLaurence\nLOBODINSKY Gestionnaire de la d\u00e9pense\nArticle  11 : Subd\u00e9l\u00e9gation  est  donn\u00e9e  aux  personnes  suivantes  \u00e0  effet  d'ordonnancer  les\nd\u00e9penses r\u00e9alis\u00e9es par les porteurs de carte achat rattach\u00e9s aux centres de facturation dont\nils ont la responsabilit\u00e9 :\nNOM Pr\u00e9nom Fonction Programme carte achat Centres de\nfacturation\nBrigitte\nSCHMIEDEL\nGestionnaire  de  la\nd\u00e9pense \u2013 R\u00e9f\u00e9rente carte\nachat\nMININT \u2013 ATE REGION\nAURA\nFAC0000069\nCGFB2000069\nCGF0000069\nArticle 12 : Toutes dispositions ant\u00e9rieures au pr\u00e9sent arr\u00eat\u00e9 sont abrog\u00e9es.\n5/6\n01_Pref_Pr\u00e9fecture de l'Ain - 01-2025-12-23-00010 - AP subd\u00e9l\u00e9gation SGCD OS PA 31\nArticle 13 : Le pr\u00e9sent arr\u00eat\u00e9 peut faire l'objet d'un recours devant le tribunal administratif de\nLyon dans un d\u00e9lai de deux mois \u00e0 compter de sa publication, conform\u00e9ment \u00e0 l'article R. 421-\n1  du  Code  de  justice  administrative,  ou  de  mani\u00e8re  d\u00e9mat\u00e9rialis\u00e9e  via  le  site\ncitoyens.telerecours.fr selon l'article R. 414-6 du Code de justice administrative.\nArticle 14 : Le pr\u00e9sent arr\u00eat\u00e9 sera publi\u00e9 au recueil des actes administratifs de la pr\u00e9fecture de\nl'Ain.  La  directrice  du  secr\u00e9tariat  g\u00e9n\u00e9ral  commun  d\u00e9partemental  de  l'Ain,  le  directeur\nr\u00e9gional  des  finances  publiques  Auvergne-Rh\u00f4ne-Alpes  et  le  directeur  d\u00e9partemental  des\nfinances publiques de l'Ain sont charg\u00e9s, chacun en ce qui les concerne, de l'ex\u00e9cution du\npr\u00e9sent arr\u00eat\u00e9.\nBourg-en-Bresse, le 23 d\u00e9cembre 2025\nLa  directrice  du  secr\u00e9tariat  g\u00e9n\u00e9ral\ncommun d\u00e9partemental,\nSign\u00e9 : Nathalie Pichet\n6/6\n01_Pref_Pr\u00e9fecture de l'Ain - 01-2025-12-23-00010 - AP subd\u00e9l\u00e9gation SGCD OS PA 32\n84_ARS_Agence R\u00e9gionale de Sant\u00e9\nAuvergne-Rh\u00f4ne-Alpes\n01-2025-12-02-00009\nDTM 20995 (2025-01-0083) CPOM ADAPEI\n84_ARS_Agence R\u00e9gionale de Sant\u00e9 Auvergne-Rh\u00f4ne-Alpes - 01-2025-12-02-00009 - DTM 20995 (2025-01-0083) CPOM ADAPEI 33\nREPUBLIQUEFRAN\u00c7AISE \u00a9 D Agence R\u00e9gionale de Sant\u00e9sbert\u00e9 .\u00c9galit\u00e9 Auvergne-Rh\u00f4ne-ApesFraternit\u00e9\n \n \nDECISION TARIFAIRE N\u00b020995 (ARS-ARA-2025-01-0083) PORTANT MODIFICATION POUR 2025 \nDU MONTANT ET DE LA REPARTITION DE LA DOTATION GLOBALISEE COMMUNE PREVUE \nAU \nCONTRAT PLURIANNUEL D'OBJECTIFS ET DE MOYENS DE  \nADAPEI DE L'AIN - 010785897 \n \nPOUR LES ETABLISSEMENTS ET SERVICES SUIV ANTS  \nInstitut M\u00e9dico-Educatif (I.M.E.) - IME GEORGES LOISEAU - 010780633 \n \nEtablissement et Service d'Aide par le Travail (E.S.A.T.) - ESAT LES BROSSES - 010001261 \n \nEtab.Acc.M\u00e9dicalis\u00e9 en tout ou partie personnes handicap\u00e9es - FAM PRE LA TOUR - 010001741 \n \nService d'\u00c9ducation Sp\u00e9ciale et de Soins \u00e0 Domicile - SESSAD GEORGES L'OISEAU - 010006328 \n \nService d'\u00c9ducation Sp\u00e9ciale et de Soins \u00e0 Domicile - SESSAD ARMAILLOU - 010006369 \n \nEtablissement et Service d'Aide par le Travail (E.S.A.T.) - ESAT LES DOMBES - 010006898 \n \nInstitut M\u00e9dico-Educatif (I.M.E.) - IME POLY-HANDICAPES LES MUSCARIS - 010008175 \n \nService d'\u00c9ducation Sp\u00e9ciale et de Soins \u00e0 Domicile - SESSAD DE LA DOMBES - 010008456 \n \nMaison d'Accueil Sp\u00e9cialis\u00e9e (M.A.S.) - MAS DU HAUT BUGEY - 010011443 \n \nInstitut M\u00e9dico-Educatif (I.M.E.) - IME LES SAPINS - 010780567 \n \nInstitut M\u00e9dico-Educatif (I.M.E.) - IME LE PRELION - 010780583 \n \nInstitut M\u00e9dico-Educatif (I.M.E.) - IME L'ARMAILLOU - 010780617 \n \nEtablissement et Service d'Aide par le Travail (E.S.A.T.) - ESAT LE PENNESSUY - 010784163 \n \nEtablissement et Service d'Aide par le Travail (E.S.A.T.) - ESAT LES ATELIERS DE NIERME - 010784171 \n \nMaison d'Accueil Sp\u00e9cialis\u00e9e (M.A.S.) - MAS MONTPLAISANT ST-PAUL-DE-V ARAX - 010784205 \n \nEtablissement et Service d'Aide par le Travail (E.S.A.T.) - ESAT LA LECHERE - 010784213 \n \nEtablissement et Service d'Aide par le Travail (E.S.A.T.) - ESAT CENTRE DE VIE RURAL TREFFORT - \n010784288 \n \nEtablissement et Service d'Aide par le Travail (E.S.A.T.) - ESAT BELLEGARDE INDUSTRIE - 010788339 \n \nEtab.Acc.M\u00e9dicalis\u00e9 en tout ou partie personnes handicap\u00e9es - FAM SOUS LA ROCHE TALISSIEU - \n010788388 \n \n84_ARS_Agence R\u00e9gionale de Sant\u00e9 Auvergne-Rh\u00f4ne-Alpes - 01-2025-12-02-00009 - DTM 20995 (2025-01-0083) CPOM ADAPEI 34\nEtablissement et Service d'Aide par le Travail (E.S.A.T.) - ESAT LES TEPPES - 010788909 \n \nService d'\u00c9ducation Sp\u00e9ciale et de Soins \u00e0 Domicile - SESSAD LES SAPINS - 010789477 \n \nMaison d'Accueil Sp\u00e9cialis\u00e9e (M.A.S.) - MAS LES MONTAINES MEILLONNAS - 010789956 \n \n \nLa Directrice G\u00e9n\u00e9rale de l'ARS Auvergne-Rh\u00f4ne-Alpes \n \nVU le Code de l'Action Sociale et des Familles ; \n  \nVU le Code de la S\u00e9curit\u00e9 Sociale ; \n  \nVU la loi n\u00b0 2025-199 du 28 f\u00e9vrier 2025 de financement de la S\u00e9curit\u00e9 Sociale pour 2025 publi\u00e9e \nau Journal Officiel du 28/02/2025 ; \n  \nVU l'arr\u00eat\u00e9 minist\u00e9riel du 02/06/2025 publi\u00e9 au Journal Officiel du 06/06/2025 pris en application \nde l'article L314 -3 du Code de l'Action Sociale et des Familles fixant, pour l'ann\u00e9e 2025 \nl'objectif global de d\u00e9penses d'assurance maladie et le montant total de d\u00e9penses pour les \n\u00e9tablissements et services relevant de la Caisse nationale de solidarit\u00e9 pour l'autonomie ; \n  \nVU la d\u00e9cision du 19/11/2025 publi\u00e9e au Journal Officiel du 26/11/2025 relative aux dotations \nr\u00e9gionales limitatives 2025 et \u00e0 la moyenne nationale des besoins en soins requis 2025 ; \n  \n  \nVU le d\u00e9cret du 19 avril 2023 portant nomination de Madame COURREGES C\u00e9cile en qualit\u00e9 \nde Directrice G\u00e9n\u00e9rale de l'agence r\u00e9gionale de sant\u00e9 Auvergne-Rh\u00f4ne-Alpes ; \n \nVU la d\u00e9l\u00e9gation de signature de la Directrice G\u00e9n\u00e9rale de l'ARS vers la Directrice de la \nd\u00e9l\u00e9gation d\u00e9partementale de AIN en date du 31/10/2025 ;  \n  \nVU le Contrat Pluriannuel d'Objectifs et de Moyens conclu le 16/12/2022 prenant effet au \n01/01/2022 ; \n \n  \nConsid\u00e9rant la d\u00e9cision tarifaire initiale n\u00b08 915 en date du 26 juin 2025 ; \n \n \nDECIDE \n \n \nArticle 1er A compter du 01/01/2025, au titre de 2025, la dotation globalis\u00e9e commune des \n\u00e9tablissements et services m\u00e9dico-sociaux financ\u00e9s par l'Assurance Maladie, g\u00e9r\u00e9s par \nl'entit\u00e9 d\u00e9nomm\u00e9e ADAPEI DE L'AIN (010785897), a \u00e9t\u00e9 fix\u00e9e \u00e0 42  379 203,96 \u20ac, \ndont 0,00 \u20ac de cr\u00e9dits non reconductibles vers\u00e9s en une seule fois. \n \n Elle se r\u00e9partit de la mani\u00e8re suivante, les prix de journ\u00e9e \u00e0 compter de 01/01/2025 \n\u00e9tant \u00e9galement mentionn\u00e9s. \n \n \n \n84_ARS_Agence R\u00e9gionale de Sant\u00e9 Auvergne-Rh\u00f4ne-Alpes - 01-2025-12-02-00009 - DTM 20995 (2025-01-0083) CPOM ADAPEI 35\n \n \n- personnes handicap\u00e9es : 42 379 203,96 \u20ac (dont 42 379 203,96 \u20ac imputable \u00e0 \nl'assurance maladie) \n \n Dotations (en \u20ac) \nFINESS INT  SI  EXT PFR Aut_1 Aut_2 Aut_3 SSIAD \n010001261 \nESAT LES \nBROSSES \n0,00 753 241,84 0,00 0,00 0,00 0,00 0,00 0,00 \n010001741 \nFAM PRE LA \nTOUR \n949 080,68 0,00 0,00 0,00 0,00 0,00 0,00 0,00 \n010006328 \nSESSAD \nGEORGES \nL'OISEAU \n0,00 0,00 381 602,59 0,00 0,00 0,00 0,00 0,00 \n010006369 \nSESSAD \nARMAILLOU \n0,00 0,00 569 646,68 0,00 0,00 0,00 0,00 0,00 \n010006898 \nESAT LES \nDOMBES \n0,00 712 001,13 0,00 0,00 0,00 0,00 0,00 0,00 \n010008175 \nIME POLY-\nHANDICAPES \nLES MUSCARIS \n0,00 832 259,29 0,00 0,00 0,00 0,00 0,00 0,00 \n010008456 \nSESSAD DE LA \nDOMBES \n0,00 0,00 354 025,29 0,00 0,00 0,00 0,00 0,00 \n010011443 \nMAS DU HAUT \nBUGEY \n1 258 281,03 0,00 0,00 0,00 0,00 0,00 0,00 0,00 \n010780567 \nIME LES \nSAPINS \n2 351 115,88 1 912 821,64 0,00 0,00 0,00 0,00 0,00 0,00 \n010780583 \nIME LE \nPRELION \n2 124 400,62 2 947 223,54 0,00 0,00 0,00 0,00 0,00 0,00 \n010780617 \nIME \nL'ARMAILLOU \n1 184 173,36 1 962 886,09 0,00 0,00 0,00 0,00 0,00 0,00 \n010780633 \nIME GEORGES \nLOISEAU \n1 470 516,02 2 009 180,59 0,00 0,00 0,00 0,00 0,00 0,00 \n010784163 \nESAT LE \nPENNESSUY \n22 833,56 2 478 123,76 0,00 0,00 0,00 0,00 0,00 0,00 \n010784171 \nESAT LES \nATELIERS DE \nNIERME \n0,00 1 198 612,72 0,00 0,00 0,00 0,00 0,00 0,00 \n010784205 \nMAS \nMONTPLAISAN\nT ST-PAUL-DE-\nV ARAX \n5 053 816,64 0,00 0,00 0,00 0,00 0,00 0,00 0,00 \n010784213 \nESAT LA \nLECHERE \n0,00 1 951 766,94 0,00 0,00 0,00 0,00 0,00 0,00 \n010784288 \nESAT CENTRE \nDE VIE RURAL \nTREFFORT \n0,00 844 141,09 0,00 0,00 0,00 0,00 0,00 0,00 \n010788339 \nESAT \nBELLEGARDE \nINDUSTRIE \n0,00 782 010,29 0,00 0,00 0,00 0,00 0,00 0,00 \n010788388 \nFAM SOUS LA \nROCHE \nTALISSIEU \n1 438 474,46 22 158,99 0,00 0,00 0,00 0,00 0,00 0,00 \n84_ARS_Agence R\u00e9gionale de Sant\u00e9 Auvergne-Rh\u00f4ne-Alpes - 01-2025-12-02-00009 - DTM 20995 (2025-01-0083) CPOM ADAPEI 36\n010788909 \nESAT LES \nTEPPES \n0,00 740 993,57 0,00 0,00 0,00 0,00 0,00 0,00 \n010789477 \nSESSAD LES \nSAPINS \n0,00 0,00 802 203,66 0,00 0,00 0,00 0,00 0,00 \n010789956 \nMAS LES \nMONTAINES \nMEILLONNAS \n5 025 246,60 0,00 0,00 0,00 246 365,41 0,00 0,00 0,00 \n \n \n \nPour 2025, la fraction forfaitaire mensuelle, pour le secteur personnes handicap\u00e9es, s'\u00e9tablit \u00e0 \n3 531 600,34 \u20ac (dont 3 531 600,34 \u20ac imputable \u00e0 l'Assurance Maladie). \n \n \n \n \nArticle 2 A compter du 1 er janvier 2026, en application de l'article L.314 -7 du CASF, la \ndotation globalis\u00e9e commune s'\u00e9l\u00e8ve, \u00e0 titre transitoire, \u00e0 41  390 569,25 \u20ac. Elle se \nr\u00e9partit de la mani\u00e8re suivante, les prix de journ\u00e9e de reconduction \u00e9tant \u00e9galement \nmentionn\u00e9s : \n \n- personnes handicap\u00e9es : 41 390 569,25  \u20ac \n(dont 41 390 569,25 \u20ac imputable \u00e0 l'Assurance Maladie) \n \n \n \nDotations (en \u20ac) \nFINESS INT  SI  EXT PFR Aut_1 Aut_2 Aut_3 SSIAD \n010001261 \nESAT LES \nBROSSES \n0,00 753 241,84 0,00 0,00 0,00 0,00 0,00 0,00 \n010001741 \nFAM PRE LA TOUR 949 080,68 0,00 0,00 0,00 0,00 0,00 0,00 0,00 \n010006328 \nSESSAD GEORGES \nL'OISEAU \n0,00 0,00 381 602,59 0,00 0,00 0,00 0,00 0,00 \n010006369 \nSESSAD \nARMAILLOU \n0,00 0,00 569 646,68 0,00 0,00 0,00 0,00 0,00 \n010006898 \nESAT LES DOMBES 0,00 712 001,13 0,00 0,00 0,00 0,00 0,00 0,00 \n010008175 \nIME POLY-\nHANDICAPES LES \nMUSCARIS \n0,00 832 259,29 0,00 0,00 0,00 0,00 0,00 0,00 \n010008456 \nSESSAD DE LA \nDOMBES \n0,00 0,00 354 025,29 0,00 0,00 0,00 0,00 0,00 \n010011443 \nMAS DU HAUT \nBUGEY \n1 238 281,03 0,00 0,00 0,00 0,00 0,00 0,00 0,00 \n010780567 \nIME LES SAPINS 2 147 085,08 1 912 821,64 0,00 0,00 0,00 0,00 0,00 0,00 \n010780583 \nIME LE PRELION 2 347 542,02 2 947 223,54 0,00 0,00 0,00 0,00 0,00 0,00 \n84_ARS_Agence R\u00e9gionale de Sant\u00e9 Auvergne-Rh\u00f4ne-Alpes - 01-2025-12-02-00009 - DTM 20995 (2025-01-0083) CPOM ADAPEI 37\n010780617 \nIME \nL'ARMAILLOU \n1 269 724,01 1 887 445,39 0,00 0,00 0,00 0,00 0,00 0,00 \n010780633 \nIME GEORGES \nLOISEAU \n1 460 618,65 2 009 180,59 0,00 0,00 0,00 0,00 0,00 0,00 \n010784163 \nESAT LE \nPENNESSUY \n22 833,56 2 455 221,16 0,00 0,00 0,00 0,00 0,00 0,00 \n010784171 \nESAT LES \nATELIERS DE \nNIERME \n0,00 1 198 612,72 0,00 0,00 0,00 0,00 0,00 0,00 \n010784205 \nMAS \nMONTPLAISANT \nST-PAUL-DE-\nV ARAX \n4 542 903,77 0,00 0,00 0,00 0,00 0,00 0,00 0,00 \n010784213 \nESAT LA LECHERE 0,00 1 914 059,52 0,00 0,00 0,00 0,00 0,00 0,00 \n010784288 \nESAT CENTRE DE \nVIE RURAL \nTREFFORT \n0,00 844 141,09 0,00 0,00 0,00 0,00 0,00 0,00 \n010788339 \nESAT \nBELLEGARDE \nINDUSTRIE \n0,00 782 010,29 0,00 0,00 0,00 0,00 0,00 0,00 \n010788388 \nFAM SOUS LA \nROCHE TALISSIEU \n1 421 734,46 22 158,99 0,00 0,00 0,00 0,00 0,00 0,00 \n010788909 \nESAT LES TEPPES 0,00 740 993,57 0,00 0,00 0,00 0,00 0,00 0,00 \n010789477 \nSESSAD LES \nSAPINS \n0,00 0,00 802 203,66 0,00 0,00 0,00 0,00 0,00 \n010789956 \nMAS LES \nMONTAINES \nMEILLONNAS \n4 625 551,60 0,00 0,00 0,00 246 365,41 0,00 0,00 0,00 \n \n \n \nPour 2026, la fraction forfaitaire mensuelle, pour le secteur personnes handicap\u00e9es, s'\u00e9tablit \u00e0 \n3 449 214,10 \u20ac (dont 3 449 214,10 \u20ac imputable \u00e0 l'Assurance Maladie). \n \n \nArticle 3 Les recours contentieux dirig\u00e9s contre la pr\u00e9sente d\u00e9cision doivent \u00eatre port\u00e9s devant le \ntribunal administratif territorialement comp\u00e9tent tel que pr\u00e9vu par l'article R. 312-10-1 \ndu Code de justice administrative dans un d\u00e9lai de deux mois \u00e0 compter de sa \npublication ou, pour les personnes auxquelles elle sera notifi\u00e9e, \u00e0 compter de sa \nnotification. Le tribunal administratif peut \u00eatre saisi par l'application \u00ab T\u00e9l\u00e9recours \ncitoyens \u00bb accessible par le site www.telerecours.fr. \n  \nArticle 4 La pr\u00e9sente d\u00e9cision sera publi\u00e9e au recueil des actes administratifs. \n  \n84_ARS_Agence R\u00e9gionale de Sant\u00e9 Auvergne-Rh\u00f4ne-Alpes - 01-2025-12-02-00009 - DTM 20995 (2025-01-0083) CPOM ADAPEI 38\nArticle 5         La Directrice G\u00e9n\u00e9rale de l'ARS Auvergne-Rh\u00f4ne-Alpes est charg\u00e9e de l'ex\u00e9cution de \nla pr\u00e9sente d\u00e9cision qui sera notifi\u00e9e \u00e0 l'entit\u00e9 gestionnaire (ADAPEI DE L'AIN \n010785897) et aux structures concern\u00e9es. \n \n \n \n \n \nFait \u00e0 Bourg en Bresse, le 2 d\u00e9cembre 2025 \nPour la directrice g\u00e9n\u00e9rale et par d\u00e9l\u00e9gation, \nLa directrice d\u00e9partementale de l'Ain \nSign\u00e9 : \nJIQUEL Sidonie \n \n \n \n \n                                                                                                                               #signature# \n \n \n \n \n \n \n \n \n \n84_ARS_Agence R\u00e9gionale de Sant\u00e9 Auvergne-Rh\u00f4ne-Alpes - 01-2025-12-02-00009 - DTM 20995 (2025-01-0083) CPOM ADAPEI 39\n84_ARS_Agence R\u00e9gionale de Sant\u00e9\nAuvergne-Rh\u00f4ne-Alpes\n01-2025-12-02-00015\nDTM 21017 (2025-01-0089) CPOM AFHP\n84_ARS_Agence R\u00e9gionale de Sant\u00e9 Auvergne-Rh\u00f4ne-Alpes - 01-2025-12-02-00015 - DTM 21017 (2025-01-0089) CPOM AFHP 40\nEMR\u00c9PUBLIQUEFRAN\u00c7AISELibert\u00e9 @ > Agence Regondle de Sant\u00e9\u00c9galit\u00e9 Auvergne-Rh\u00f4ne-ApesFraternit\u00e9\n \nDECISION TARIFAIRE N\u00b021017 (ARS-ARA-2025-01-0089) PORTANT MODIFICATION POUR 2025 \nDU MONTANT ET DE LA REPARTITION DE LA DOTATION GLOBALISEE COMMUNE PREVUE \nAU \nCONTRAT PLURIANNUEL D'OBJECTIFS ET DE MOYENS DE  \nASS FAM HANDICAPES PHYSIQUES - 010787075 \n \nPOUR LES ETABLISSEMENTS ET SERVICES SUIV ANTS  \nMaison d'Accueil Sp\u00e9cialis\u00e9e (M.A.S.) - MAS LE VILLA-JOIE ST-JUST - 010786929 \n \n \nLa Directrice G\u00e9n\u00e9rale de l'ARS Auvergne-Rh\u00f4ne-Alpes \n \nVU le Code de l'Action Sociale et des Familles ; \n  \nVU le Code de la S\u00e9curit\u00e9 Sociale ; \n  \nVU la loi n\u00b0 2025 -199 du 28 f\u00e9vrier 2025 de financement de la S\u00e9curit\u00e9 Sociale pour 2025 \npubli\u00e9e au Journal Officiel du 28/02/2025 ; \n  \nVU l'arr\u00eat\u00e9 minist\u00e9riel du 02/06/2025 publi\u00e9 au Journal Officiel du 06/06/2025 pris en \napplication de l'article L314 -3 du Code de l'Action Sociale et des Familles fixant, pour \nl'ann\u00e9e 2025 l'objectif global de d\u00e9penses d'assurance maladie et le montant total de \nd\u00e9penses pour les \u00e9tablissements et services relevant de la Caisse nationale de solidarit\u00e9 \npour l'autonomie ; \n  \nVU la d\u00e9cision du 19/11/2025 publi\u00e9e au Journal Officiel du 26/11/2025 relative aux dotations \nr\u00e9gionales limitatives 2025 et \u00e0 la moyenne nationale des besoins en soins requis 2025 ; \n  \n  \nVU le d\u00e9cret du 19 avril 2023 portant nomination de Madame COURREGES C\u00e9cile en qualit\u00e9 \nde Directrice G\u00e9n\u00e9rale de l'agence r\u00e9gionale de sant\u00e9 Auvergne-Rh\u00f4ne-Alpes ; \n \nVU la d\u00e9l\u00e9gation de signature de la Directrice G\u00e9n\u00e9rale de l'ARS vers la Directrice de la \nd\u00e9l\u00e9gation d\u00e9partementale de AIN en date du 31/10/2025 ;  \n  \nVU le Contrat Pluriannuel d'Objectifs et de Moyens conclu le 25/06/2018 prenant effet au \n01/01/2018 ; \n \n  \nConsid\u00e9rant la d\u00e9cision tarifaire initiale n\u00b08 966 en date du 25 juin 2025 ; \n \n \nDECIDE \n \n \nArticle 1er A compter du 01/01/2025, au titre de 2025, la dotation globalis\u00e9e commune des \n\u00e9tablissements et services m\u00e9dico -sociaux financ\u00e9s par l'Assurance Maladie, g\u00e9r\u00e9s \npar l'entit\u00e9 d\u00e9nomm\u00e9e ASS FAM HANDICAPES PHYSIQUES (010787075), a \u00e9t\u00e9 \nfix\u00e9e \u00e0 4 169 749,25 \u20ac, dont 0,00 \u20ac de cr\u00e9dits non reconductibles vers\u00e9s en une seule \nfois. \n84_ARS_Agence R\u00e9gionale de Sant\u00e9 Auvergne-Rh\u00f4ne-Alpes - 01-2025-12-02-00015 - DTM 21017 (2025-01-0089) CPOM AFHP 41\n \n Elle se r\u00e9partit de la mani\u00e8re suivante, les prix de journ\u00e9e \u00e0 compter de 01/01/2025 \n\u00e9tant \u00e9galement mentionn\u00e9s. \n \n \n \n- personnes handicap\u00e9es : 4 169 749,25 \u20ac (dont 4 169 749,25 \u20ac imputable \u00e0 \nl'assurance maladie) \n \n Dotations (en \u20ac) \nFINESS INT  SI  EXT PFR Aut_1 Aut_2 Aut_3 SSIAD \n010786929 \nMAS LE VILLA-\nJOIE ST-JUST \n4 169 749,25 0,00 0,00 0,00 0,00 0,00 0,00 0,00 \n \n \nPour 2025, la fraction forfaitaire mensuelle, pour le secteur personnes handicap\u00e9es, s'\u00e9tablit \u00e0 \n347 479,10 \u20ac (dont 347 479,10 \u20ac imputable \u00e0 l'Assurance Maladie). \n \n \n \n \n \n \nArticle 2 A compter du 1 er janvier 2026, en application de l'article L.314 -7 du CASF, la \ndotation globalis\u00e9e commune s'\u00e9l\u00e8ve, \u00e0 titre transitoire, \u00e0 4  062 262,97 \u20ac. Elle se \nr\u00e9partit de la mani\u00e8re suivante, les prix de journ\u00e9e de reconduction \u00e9tant \u00e9galement \nmentionn\u00e9s : \n \n- personnes handicap\u00e9es : 4 062 262,97  \u20ac \n(dont 4 062 262,97 \u20ac imputable \u00e0 l'Assurance Maladie) \n \n \n \nDotations (en \u20ac) \nFINESS INT  SI  EXT PFR Aut_1 Aut_2 Aut_3 SSIAD \n010786929 \nMAS LE VILLA-\nJOIE ST-JUST \n4 062 262,97 0,00 0,00 0,00 0,00 0,00 0,00 0,00 \n \n \n \n \nPour 2026, la fraction forfaitaire mensuelle, pour le secteur personnes handicap\u00e9es, s'\u00e9tablit \u00e0 \n338 521,91 \u20ac (dont 338 521,91 \u20ac imputable \u00e0 l'Assurance Maladie). \n \n \nArticle 3 Les recours contentieux dirig\u00e9s contre la pr\u00e9sente d\u00e9cision doivent \u00eatre port\u00e9s devant \nle tribunal administratif territorialement comp\u00e9tent tel que pr\u00e9vu par l'article R. 312 -\n10-1 du Code de justice administrative dans un d\u00e9lai de deux mois \u00e0 compter de sa \npublication ou, pour les personnes auxquelles elle sera notifi\u00e9e, \u00e0 compter de sa \nnotification. Le tribunal administratif peut \u00eatre saisi par l'application \u00ab T\u00e9l\u00e9recours \ncitoyens \u00bb accessible par le site www.telerecours.fr. \n84_ARS_Agence R\u00e9gionale de Sant\u00e9 Auvergne-Rh\u00f4ne-Alpes - 01-2025-12-02-00015 - DTM 21017 (2025-01-0089) CPOM AFHP 42\n  \nArticle 4 La pr\u00e9sente d\u00e9cision sera publi\u00e9e au recueil des actes administratifs. \n  \nArticle 5         La Directrice G\u00e9n\u00e9rale de l'ARS Auvergne-Rh\u00f4ne-Alpes est charg\u00e9e de l'ex\u00e9cution de \nla pr\u00e9sente d\u00e9cision qui sera notifi\u00e9e \u00e0 l'entit\u00e9 gestionnaire (ASS FAM \nHANDICAPES PHYSIQUES 010787075) et aux structures concern\u00e9es. \n \n \n \nFait \u00e0 Bourg en Bresse, le 2 d\u00e9cembre 2025 \n                                                                                           Pour la directrice g\u00e9n\u00e9rale et par d\u00e9l\u00e9gation, \n                                                                                                La directrice d\u00e9partementale de l'Ain \nSign\u00e9 : \nJIQUEL Sidonie \n \n \n \n                                                                                                                               #signature# \n \n \n \n \n \n \n84_ARS_Agence R\u00e9gionale de Sant\u00e9 Auvergne-Rh\u00f4ne-Alpes - 01-2025-12-02-00015 - DTM 21017 (2025-01-0089) CPOM AFHP 43\n84_ARS_Agence R\u00e9gionale de Sant\u00e9\nAuvergne-Rh\u00f4ne-Alpes\n01-2025-12-02-00011\nDTM 21022 (2025-01-0085) CPOM SEILLON\n84_ARS_Agence R\u00e9gionale de Sant\u00e9 Auvergne-Rh\u00f4ne-Alpes - 01-2025-12-02-00011 - DTM 21022 (2025-01-0085) CPOM SEILLON 44\nEMR\u00c9PUBLIQUEFRAN\u00c7AISELibert\u00e9 @ > Agence Regondle de Sant\u00e9\u00c9galit\u00e9 Auvergne-Rh\u00f4ne-ApesFraternit\u00e9\n \nDECISION TARIFAIRE N\u00b021022 (ARS-ARA-2025-01-0085) PORTANT MODIFICATION POUR 2025 \nDU MONTANT ET DE LA REPARTITION DE LA DOTATION GLOBALISEE COMMUNE PREVUE \nAU \nCONTRAT PLURIANNUEL D'OBJECTIFS ET DE MOYENS DE  \nASS INSTITUTS D'ENFANTS : SEILLON - 010785939 \n \nPOUR LES ETABLISSEMENTS ET SERVICES SUIV ANTS  \nInstitut Th\u00e9rapeutique \u00c9ducatif et P\u00e9dagogique (I.T.E.P.) - DITEP SEILLON - 010780559 \n \n \nLa Directrice G\u00e9n\u00e9rale de l'ARS Auvergne-Rh\u00f4ne-Alpes \n \nVU le Code de l'Action Sociale et des Familles ; \n  \nVU le Code de la S\u00e9curit\u00e9 Sociale ; \n  \nVU la loi n\u00b0 2025 -199 du 28 f\u00e9vrier 2025 de financement de la S\u00e9curit\u00e9 Sociale pour 2025 \npubli\u00e9e au Journal Officiel du 28/02/2025 ; \n  \nVU l'arr\u00eat\u00e9 minist\u00e9riel du 02/06/2025 publi\u00e9 au Journal Officiel du 06/06/2025 pris en \napplication de l'article L314 -3 du Code de l'Action Sociale et des Familles fixant, pour \nl'ann\u00e9e 2025 l'objectif global de d\u00e9penses d'assurance maladie et le montant total de \nd\u00e9penses pour les \u00e9tablissements et services relevant de la Caisse nationale de solidarit\u00e9 \npour l'autonomie ; \n  \nVU la d\u00e9cision du 19/11/2025 publi\u00e9e au Journal Officiel du 26/11/2025 relative aux dotations \nr\u00e9gionales limitatives 2025 et \u00e0 la moyenne nationale des besoins en soins requis 2025 ; \n  \n  \nVU le d\u00e9cret du 19 avril 2023 portant nomination de Madame COURREGES C\u00e9cile en qualit\u00e9 \nde Directrice G\u00e9n\u00e9rale de l'agence r\u00e9gionale de sant\u00e9 Auvergne-Rh\u00f4ne-Alpes ; \n \nVU la d\u00e9l\u00e9gation de signature de la Directrice G\u00e9n\u00e9rale de l'ARS vers la Directrice de la \nd\u00e9l\u00e9gation d\u00e9partementale de AIN en date du 31/10/2025 ;  \n  \nVU le Contrat Pluriannuel d'Objectifs et de Moyens conclu le 27/04/2018 prenant effet au \n01/01/2018 ; \n \n  \nConsid\u00e9rant la d\u00e9cision tarifaire initiale n\u00b08 970 en date du 25 juin 2025 ; \n \n \nDECIDE \n \n \nArticle 1er A compter du 01/01/2025, au titre de 2025, la dotation globalis\u00e9e commune des \n\u00e9tablissements et services m\u00e9dico -sociaux financ\u00e9s par l'Assurance Maladie, g\u00e9r\u00e9s \npar l'entit\u00e9 d\u00e9nomm\u00e9e ASS INSTITUTS D'ENFANTS : SEILLON (010785939), a \n\u00e9t\u00e9 fix\u00e9e \u00e0 1  533 506,15 \u20ac, dont 0,00  \u20ac de cr\u00e9dits non reconductibles vers\u00e9s en une \nseule fois. \n84_ARS_Agence R\u00e9gionale de Sant\u00e9 Auvergne-Rh\u00f4ne-Alpes - 01-2025-12-02-00011 - DTM 21022 (2025-01-0085) CPOM SEILLON 45\n \n Elle se r\u00e9partit de la mani\u00e8re suivante, les prix de journ\u00e9e \u00e0 compter de 01/01/2025 \n\u00e9tant \u00e9galement mentionn\u00e9s. \n \n \n \n- personnes handicap\u00e9es : 1 533 506,15 \u20ac (dont 1 533 506,15 \u20ac imputable \u00e0 \nl'assurance maladie) \n \n Dotations (en \u20ac) \nFINESS INT  SI  EXT PFR Aut_1 Aut_2 Aut_3 SSIAD \n010780559 \nDITEP SEILLON 1 060 237,24 335 647,74 137 621,17 0,00 0,00 0,00 0,00 0,00 \n \nPour 2025, la fraction forfaitaire mensuelle, pour le secteur personnes handicap\u00e9es, s'\u00e9tablit \u00e0 \n127 792,18 \u20ac (dont 127 792,18 \u20ac imputable \u00e0 l'Assurance Maladie). \n \nArticle 2 A compter du 1 er janvier 2026, en application de l'article L.314 -7 du CASF, la \ndotation globalis\u00e9e commune s'\u00e9l\u00e8ve, \u00e0 titre transitoire, \u00e0 1  541 158,48 \u20ac. Elle se \nr\u00e9partit de la mani\u00e8re suivante, les prix de journ\u00e9e de reconduction \u00e9tant \u00e9galement \nmentionn\u00e9s : \n \n- personnes handicap\u00e9es : 1 541 158,48  \u20ac \n(dont 1 541 158,48 \u20ac imputable \u00e0 l'Assurance Maladie) \n \n \n \nDotations (en \u20ac) \nFINESS INT  SI  EXT PFR Aut_1 Aut_2 Aut_3 SSIAD \n010780559 \nDITEP SEILLON 1 052 356,24 335 647,74 153 154,50 0,00 0,00 0,00 0,00 0,00 \n \n \n \nPour 2026, la fraction forfaitaire mensuelle, pour le secteur personnes handicap\u00e9es, s'\u00e9tablit \u00e0 \n128 429,87 \u20ac (dont 128 429,87 \u20ac imputable \u00e0 l'Assurance Maladie). \n \n \nArticle 3 Les recours contentieux dirig\u00e9s contre la pr\u00e9sente d\u00e9cision doivent \u00eatre port\u00e9s devant \nle tribunal administratif territorialement comp\u00e9tent tel que pr\u00e9vu par l'article R. 312 -\n10-1 du Code de justice administrative dans un d\u00e9lai de deux mois \u00e0 compter de sa \npublication ou, pour les personnes auxquelles elle sera notifi\u00e9e, \u00e0 compter de sa \nnotification. Le tribunal administratif peut \u00eatre saisi par l'application \u00ab T\u00e9l\u00e9recours \ncitoyens \u00bb accessible par le site www.telerecours.fr. \n  \nArticle 4 La pr\u00e9sente d\u00e9cision sera publi\u00e9e au recueil des actes administratifs. \n  \n84_ARS_Agence R\u00e9gionale de Sant\u00e9 Auvergne-Rh\u00f4ne-Alpes - 01-2025-12-02-00011 - DTM 21022 (2025-01-0085) CPOM SEILLON 46\nArticle 5         La Directrice G\u00e9n\u00e9rale de l'ARS Auvergne-Rh\u00f4ne-Alpes est charg\u00e9e de l'ex\u00e9cution de \nla pr\u00e9sente d\u00e9cision qui sera notifi\u00e9e \u00e0 l'entit\u00e9 gestionnaire (ASS INSTITUTS \nD'ENFANTS : SEILLON 010785939) et aux structures concern\u00e9es. \n \n \n \n                                                                                                      Fait \u00e0 Bourg en Bresse, le 2 d\u00e9cembre 2025 \nPour la Directrice G\u00e9n\u00e9rale et par d\u00e9l\u00e9gation, \n                                                                                        La Directrice D\u00e9partementale de l'Ain \nSign\u00e9 : \nJIQUEL Sidonie \n \n \n \n \n                                                                                                                               #signature# \n \n \n \n \n \n84_ARS_Agence R\u00e9gionale de Sant\u00e9 Auvergne-Rh\u00f4ne-Alpes - 01-2025-12-02-00011 - DTM 21022 (2025-01-0085) CPOM SEILLON 47\n84_ARS_Agence R\u00e9gionale de Sant\u00e9\nAuvergne-Rh\u00f4ne-Alpes\n01-2025-12-02-00012\nDTM 21023 (2025-01-0086) CPOM ENTRAIDE\nUNION\n84_ARS_Agence R\u00e9gionale de Sant\u00e9 Auvergne-Rh\u00f4ne-Alpes - 01-2025-12-02-00012 - DTM 21023 (2025-01-0086) CPOM ENTRAIDE\nUNION 48\nEMR\u00c9PUBLIQUEFRAN\u00c7AISELibert\u00e9 0 > Agee Rigor de SatEgalit\u00e9 Auvergne-Rh\u00f4ne-AlpesFraternit\u00e9\n \nDECISION TARIFAIRE N\u00b021023 (ARS-ARA-2025-01-0086) PORTANT MODIFICATION POUR 2025 \nDU MONTANT ET DE LA REPARTITION DE LA DOTATION GLOBALISEE COMMUNE PREVUE \nAU \nCONTRAT PLURIANNUEL D'OBJECTIFS ET DE MOYENS DE  \nASSOCIATION ENTRAIDE UNION - 940031339 \n \nPOUR LES ETABLISSEMENTS ET SERVICES SUIV ANTS  \nInstitut Th\u00e9rapeutique \u00c9ducatif et P\u00e9dagogique (I.T.E.P.) - DITEP THERESE HEROLD - 010780021 \n \nService d'\u00c9ducation Sp\u00e9ciale et de Soins \u00e0 Domicile - SESSAD DE L'ALBARINE - 010004109 \n \nCentre Action M\u00e9dico-Sociale Pr\u00e9coce (C.A.M.S.P.) - CAMSP DE L'ALBARINE - 010005619 \n \nInstitut M\u00e9dico-Educatif (I.M.E.) - IME THERESE HEROLD - 010008837 \n \nInstitut Th\u00e9rapeutique \u00c9ducatif et P\u00e9dagogique (I.T.E.P.) - DITEP PAUL MOURLON - 010780609 \n \n \nLa Directrice G\u00e9n\u00e9rale de l'ARS Auvergne-Rh\u00f4ne-Alpes \n \nVU le Code de l'Action Sociale et des Familles ; \n  \nVU le Code de la S\u00e9curit\u00e9 Sociale ; \n  \nVU la loi n\u00b0 2025 -199 du 28 f\u00e9vrier 2025 de financement de la S\u00e9curit\u00e9 Sociale pour 2025 \npubli\u00e9e au Journal Officiel du 28/02/2025 ; \n  \nVU l'arr\u00eat\u00e9 minist\u00e9riel du 02/06/2025 publi\u00e9 au Journal Officiel du 06/06/2025 pris en \napplication de l'article L314 -3 du Code de l'Action Sociale et des Familles fixant, pour \nl'ann\u00e9e 2025 l'objectif global de d\u00e9penses d'assurance maladie et le montant total de \nd\u00e9penses pour les \u00e9tablissements et services relevant de la Caisse nationale de solidarit\u00e9 \npour l'autonomie ; \n  \nVU la d\u00e9cision du 19/11/2025 publi\u00e9e au Journal Officiel du 26/11/2025 relative aux dotations \nr\u00e9gionales limitatives 2025 et \u00e0 la moyenne nationale des besoins en soins requis 2025 ; \n  \n  \nVU le d\u00e9cret du 19 avril 2023 portant nomination de Madame COURREGES C\u00e9cile en qualit\u00e9 \nde Directrice G\u00e9n\u00e9rale de l'agence r\u00e9gionale de sant\u00e9 Auvergne-Rh\u00f4ne-Alpes ; \n \nVU la d\u00e9l\u00e9gation de signature de la Directrice G\u00e9n\u00e9rale de l'ARS vers la Directrice de la \nd\u00e9l\u00e9gation d\u00e9partementale de AIN en date du 31/10/2025 ;  \n  \nVU le Contrat Pluriannuel d'Objectifs et de Moyens conclu le 30/12/2019 prenant effet au \n01/01/2020 ; \n \n  \nConsid\u00e9rant la d\u00e9cision tarifaire initiale n\u00b0 8 914 en date du 26 juin 2025 ; \n \n \n84_ARS_Agence R\u00e9gionale de Sant\u00e9 Auvergne-Rh\u00f4ne-Alpes - 01-2025-12-02-00012 - DTM 21023 (2025-01-0086) CPOM ENTRAIDE\nUNION 49\nDECIDE \n \n \nArticle 1er A compter du 01/01/2025, au titre de 2025, la dotation globalis\u00e9e commune des \n\u00e9tablissements et services m\u00e9dico -sociaux financ\u00e9s par l'Assurance Maladie, g\u00e9r\u00e9s \npar l'entit\u00e9 d\u00e9nomm\u00e9e ASSOCIATION ENTRAIDE UNION (940031339), a \u00e9t\u00e9 \nfix\u00e9e \u00e0 8 126 193,08 \u20ac, dont 0,00 \u20ac de cr\u00e9dits non reconductibles vers\u00e9s en une seule \nfois. \n \n Elle se r\u00e9partit de la mani\u00e8re suivante, les prix de journ\u00e9e \u00e0 compter de 01/01/2025 \n\u00e9tant \u00e9galement mentionn\u00e9s. \n \n \n \n- personnes handicap\u00e9es : 8 126 193,08 \u20ac (dont 8 017 674,69 \u20ac imputable \u00e0 \nl'assurance maladie) \n \n Dotations (en \u20ac) \nFINESS INT  SI  EXT PFR Aut_1 Aut_2 Aut_3 SSIAD \n010004109 \nSESSAD DE \nL'ALBARINE \n0,00 0,00 935 206,04 0,00 0,00 0,00 0,00 0,00 \n010008837 \nIME THERESE \nHEROLD \n860 941,50 459 805,78 0,00 0,00 0,00 0,00 0,00 0,00 \n010780021 \nDITEP THERESE \nHEROLD \n743 593,39 705 840,35 449 735,33 0,00 0,00 0,00 292 721,37 0,00 \n010780609 \nDITEP PAUL \nMOURLON \n2 242 588,83 393 915,87 393 298,34 0,00 0,00 0,00 0,00 0,00 \n010005619 \nCAMSP DE \nL'ALBARINE \n0,00 0,00 648 546,28 0,00 0,00 0,00 0,00 0,00 \nPour 2025, la fraction forfaitaire mensuelle, pour le secteur personnes handicap\u00e9es, s'\u00e9tablit \u00e0 \n677 182,76 \u20ac (dont 668 139,56 \u20ac imputable \u00e0 l'Assurance Maladie). \n \n \nPour le(s) seul(s) CAMSP du CPOM, la dotation globalis\u00e9e commune imputable \u00e0 l'Assurance \nMaladie s'\u00e9l\u00e8ve \u00e0 540  027,89 \u20ac. Celle imputable au D\u00e9partement de 108  518,39 \u20ac. La fraction \nforfaitaire imputable au D\u00e9partement s'\u00e9tablit \u00e0 9 043,20  \u20ac. \n \n \nFINESS Dotation globale Assurance Maladie (en \u20ac) Dotation globale D\u00e9partement (en \u20ac) \n010005619 \nCAMSP DE L'ALBARINE 540 027,89 108 518,39 \n \n \n \n \n \n \nArticle 2 A compter du 1 er janvier 2026, en application de l'article L.314 -7 du CASF, la \ndotation globalis\u00e9e commune s'\u00e9l\u00e8ve, \u00e0 titre transitoire, \u00e0 8  172 567,27 \u20ac. Elle se \nr\u00e9partit de la mani\u00e8re suivante, les prix de journ\u00e9e de reconduction \u00e9tant \u00e9galement \n84_ARS_Agence R\u00e9gionale de Sant\u00e9 Auvergne-Rh\u00f4ne-Alpes - 01-2025-12-02-00012 - DTM 21023 (2025-01-0086) CPOM ENTRAIDE\nUNION 50\nmentionn\u00e9s : \n \n- personnes handicap\u00e9es : 8 172 567,27  \u20ac \n(dont 8 064 048,88 \u20ac imputable \u00e0 l'Assurance Maladie) \n \n \n \nDotations (en \u20ac) \nFINESS INT  SI  EXT PFR Aut_1 Aut_2 Aut_3 SSIAD \n010004109 \nSESSAD DE \nL'ALBARINE \n0,00 0,00 929 569,84 0,00 0,00 0,00 0,00 0,00 \n010008837 \nIME THERESE \nHEROLD \n860 941,50 459 805,78 0,00 0,00 0,00 0,00 0,00 0,00 \n010780021 \nDITEP THERESE \nHEROLD \n743 593,39 705 840,35 449 735,33 0,00 0,00 0,00 432 527,39 0,00 \n010780609 \nDITEP PAUL \nMOURLON \n2 160 293,20 393 915,87 393 298,34 0,00 0,00 0,00 0,00 0,00 \n010005619 \nCAMSP DE \nL'ALBARINE \n0,00 0,00 643 046,28 0,00 0,00 0,00 0,00 0,00 \n \nPour 2026, la fraction forfaitaire mensuelle, pour le secteur personnes handicap\u00e9es, s'\u00e9tablit \u00e0 \n681 047,27 \u20ac (dont 672 004,07 \u20ac imputable \u00e0 l'Assurance Maladie). \n \n \nPour le(s) seul(s) CAMSP du CPOM, la dotation globalis\u00e9e commune imputable \u00e0 l'Assurance \nMaladie s'\u00e9l\u00e8ve \u00e0 534  527,89 \u20ac. La dotation  imputable au D\u00e9partement est de 108  518,39 \u20ac. La \nfraction forfaitaire imputable au D\u00e9partement s'\u00e9tablit \u00e0 9 043,20 \u20ac. \n \nFINESS Dotation globale Assurance Maladie (en \u20ac) Dotation globale D\u00e9partement (en \u20ac) \n010005619 \nCAMSP DE L'ALBARINE 534 527,89 108 518,39 \n \n \nArticle 3 Les recours contentieux dirig\u00e9s contre la pr\u00e9sente d\u00e9cision doivent \u00eatre port\u00e9s devant \nle tribunal administratif territorialement comp\u00e9tent tel que pr\u00e9vu par l'article R. 312 -\n10-1 du Code de justice administrative dans un d\u00e9lai de deux mois \u00e0 compter de sa \npublication ou, pour les personnes auxquelles elle sera notifi\u00e9e, \u00e0 compter de sa \nnotification. Le tribunal administratif peut \u00eatre saisi par l'application \u00ab T\u00e9l\u00e9recours \ncitoyens \u00bb accessible par le site www.telerecours.fr. \n  \nArticle 4 La pr\u00e9sente d\u00e9cision sera publi\u00e9e au recueil des actes administratifs. \n  \n84_ARS_Agence R\u00e9gionale de Sant\u00e9 Auvergne-Rh\u00f4ne-Alpes - 01-2025-12-02-00012 - DTM 21023 (2025-01-0086) CPOM ENTRAIDE\nUNION 51\nArticle 5         La Directrice G\u00e9n\u00e9rale de l'ARS Auvergne-Rh\u00f4ne-Alpes est charg\u00e9e de l'ex\u00e9cution de \nla pr\u00e9sente d\u00e9cision qui sera notifi\u00e9e \u00e0 l'entit\u00e9 gestionnaire (ASSOCIATION \nENTRAIDE UNION 940031339) et aux structures concern\u00e9es. \n \n \n \nFait \u00e0 Bourg en Bresse, le 2 d\u00e9cembre 2025 \n                                                                                          Pour la directrice g\u00e9n\u00e9rale et par d\u00e9l\u00e9gation, \n                                                                                                  La directrice d\u00e9partementale de l'Ain \nSign\u00e9 : \nJIQUEL Sidonie \nSs \n \n \n \n \n                                                                                                                               #signature# \n \n \n84_ARS_Agence R\u00e9gionale de Sant\u00e9 Auvergne-Rh\u00f4ne-Alpes - 01-2025-12-02-00012 - DTM 21023 (2025-01-0086) CPOM ENTRAIDE\nUNION 52\n84_ARS_Agence R\u00e9gionale de Sant\u00e9\nAuvergne-Rh\u00f4ne-Alpes\n01-2025-12-02-00014\nDTM 21025 (2025-01-0088) CPOM CAPTH\n84_ARS_Agence R\u00e9gionale de Sant\u00e9 Auvergne-Rh\u00f4ne-Alpes - 01-2025-12-02-00014 - DTM 21025 (2025-01-0088) CPOM CAPTH 53\nEMR\u00c9PUBLIQUEFRAN\u00c7AISELibert\u00e9 @ > Agence Regondle de Sant\u00e9\u00c9galit\u00e9 Auvergne-Rh\u00f4ne-ApesFraternit\u00e9\n \nDECISION TARIFAIRE N\u00b021025 (ARS-ARA-2025-01-0088) PORTANT MODIFICATION POUR 2025 \nDU MONTANT ET DE LA REPARTITION DE LA DOTATION GLOBALISEE COMMUNE PREVUE \nAU \nCONTRAT PLURIANNUEL D'OBJECTIFS ET DE MOYENS DE  \nCOM AIDE PERS TRAUMATISEES HANDICAPEES - 360000707 \n \nPOUR LES ETABLISSEMENTS ET SERVICES SUIV ANTS  \nEtab.Acc.M\u00e9dicalis\u00e9 en tout ou partie personnes handicap\u00e9es - EAM ROMANS FERRARI - 010004158 \n \nCentres de Ressources S.A.I. (Sans Aucune Indication) - SMAEC - 010010775 \n \n \nLa Directrice G\u00e9n\u00e9rale de l'ARS Auvergne-Rh\u00f4ne-Alpes \n \nVU le Code de l'Action Sociale et des Familles ; \n  \nVU le Code de la S\u00e9curit\u00e9 Sociale ; \n  \nVU la loi n\u00b0 2025 -199 du 28 f\u00e9vrier 2025 de financement de la S\u00e9curit\u00e9 Sociale pour 2025 \npubli\u00e9e au Journal Officiel du 28/02/2025 ; \n  \nVU l'arr\u00eat\u00e9 minist\u00e9riel du 02/06/2025 publi\u00e9 au Journal Officiel du 06/06/2025 pris en \napplication de l'article L314 -3 du Code de l'Action Sociale et des Familles fixant, pour \nl'ann\u00e9e 2025 l'objectif global de d\u00e9penses d'assurance maladie et le montant total de \nd\u00e9penses pour les \u00e9tablissements et services relevant de la Caisse nationale de solidarit\u00e9 \npour l'autonomie ; \n  \nVU la d\u00e9cision du 19/11/2025 publi\u00e9e au Journal Officiel du 26/11/2025 relative aux dotations \nr\u00e9gionales limitatives 2025 et \u00e0 la moyenne nationale des besoins en soins requis 2025 ; \n  \n  \nVU le d\u00e9cret du 19 avril 2023 portant nomination de Madame COURREGES C\u00e9cile en qualit\u00e9 \nde Directrice G\u00e9n\u00e9rale de l'agence r\u00e9gionale de sant\u00e9 Auvergne-Rh\u00f4ne-Alpes ; \n \nVU la d\u00e9l\u00e9gation de signature de la Directrice G\u00e9n\u00e9rale de l'ARS vers la Directrice de la \nd\u00e9l\u00e9gation d\u00e9partementale de AIN en date du 31/10/2025 ;  \n  \nVU le Contrat Pluriannuel d'Objectifs et de Moyens conclu le 27/12/2019 prenant effet au \n01/01/2020 ; \n \n  \nConsid\u00e9rant la d\u00e9cision tarifaire initiale n\u00b08 971 en date du 25 juin 2025 ; \n \n \nDECIDE \n \n \nArticle 1er A compter du 01/01/2025, au titre de 2025, la dotation globalis\u00e9e commune des \n\u00e9tablissements et services m\u00e9dico -sociaux financ\u00e9s par l'Assurance Maladie, g\u00e9r\u00e9s \n84_ARS_Agence R\u00e9gionale de Sant\u00e9 Auvergne-Rh\u00f4ne-Alpes - 01-2025-12-02-00014 - DTM 21025 (2025-01-0088) CPOM CAPTH 54\npar l'entit\u00e9 d\u00e9nomm\u00e9e COM AIDE PERS TRAUMATISEES HANDICAPEES \n(360000707), a \u00e9t\u00e9 fix\u00e9e \u00e0 2  673 802,83 \u20ac, dont 0,00 \u20ac de cr\u00e9dits non reconductibles \nvers\u00e9s en une seule fois. \n \n Elle se r\u00e9partit de la mani\u00e8re suivante, les prix de journ\u00e9e \u00e0 compter de 01/01/2025 \n\u00e9tant \u00e9galement mentionn\u00e9s. \n \n \n \n- personnes handicap\u00e9es : 2 673 802,83 \u20ac (dont 2 673 802,83 \u20ac imputable \u00e0 \nl'assurance maladie) \n \n Dotations (en \u20ac) \nFINESS INT  SI  EXT PFR Aut_1 Aut_2 Aut_3 SSIAD \n010004158 \nEAM ROMANS \nFERRARI \n1 394 849,29 87 606,45 184 735,58 0,00 0,00 0,00 0,00 0,00 \n010010775 \nSMAEC 0,00 0,00 1 006 611,51 0,00 0,00 0,00 0,00 0,00 \n \nPour 2025, la fraction forfaitaire mensuelle, pour le secteur personnes handicap\u00e9es, s'\u00e9tablit \u00e0 \n222 816,90 \u20ac (dont 222 816,90 \u20ac imputable \u00e0 l'Assurance Maladie). \n \n \n \n \n \n \nArticle 2 A compter du 1 er janvier 2026, en application de l'article L.314 -7 du CASF, la \ndotation globalis\u00e9e commune s'\u00e9l\u00e8ve, \u00e0 titre transitoire, \u00e0 2  634 100,93 \u20ac. Elle se \nr\u00e9partit de la mani\u00e8re suivante, les prix de journ\u00e9e de reconduction \u00e9tant \u00e9galement \nmentionn\u00e9s : \n \n- personnes handicap\u00e9es : 2 634 100,93  \u20ac \n(dont 2 634 100,93 \u20ac imputable \u00e0 l'Assurance Maladie) \n \n \n \nDotations (en \u20ac) \nFINESS INT  SI  EXT PFR Aut_1 Aut_2 Aut_3 SSIAD \n010004158 \nEAM ROMANS \nFERRARI \n1 355 147,39 87 606,45 184 735,58 0,00 0,00 0,00 0,00 0,00 \n010010775 \nSMAEC 0,00 0,00 1 006 611,51 0,00 0,00 0,00 0,00 0,00 \n \nPour 2026, la fraction forfaitaire mensuelle, pour le secteur personnes handicap\u00e9es, s'\u00e9tablit \u00e0 \n219 508,41 \u20ac (dont 219 508,41 \u20ac imputable \u00e0 l'Assurance Maladie). \n \n \nArticle 3 Les recours contentieux dirig\u00e9s contre la pr\u00e9sente d\u00e9cision doivent \u00eatre port\u00e9s devant \nle tribunal administratif territorialement comp\u00e9tent tel que pr\u00e9vu par l'article R. 312 -\n10-1 du Code de justice administrative dans un d\u00e9lai de deux mois \u00e0 compter de sa \npublication ou, pour les personnes auxquelles elle sera notifi\u00e9e, \u00e0 compter de sa \n84_ARS_Agence R\u00e9gionale de Sant\u00e9 Auvergne-Rh\u00f4ne-Alpes - 01-2025-12-02-00014 - DTM 21025 (2025-01-0088) CPOM CAPTH 55\nnotification. Le tribunal administratif peut \u00eatre saisi par l'application \u00ab T\u00e9l\u00e9recours \ncitoyens \u00bb accessible par le site www.telerecours.fr. \n  \nArticle 4 La pr\u00e9sente d\u00e9cision sera publi\u00e9e au recueil des actes administratifs. \n  \nArticle 5         La Directrice G\u00e9n\u00e9rale de l'ARS Auvergne-Rh\u00f4ne-Alpes est charg\u00e9e de l'ex\u00e9cution de \nla pr\u00e9sente d\u00e9cision qui sera notifi\u00e9e \u00e0 l'entit\u00e9 gestionnaire (COM AIDE PERS \nTRAUMATISEES HANDICAPEES 360000707) et aux structures concern\u00e9es. \n \n \nFait \u00e0 Bourg en Bresse, le 2 d\u00e9cembre 2025 \n                                                                                        Pour la directrice g\u00e9n\u00e9rale et par d\u00e9l\u00e9gation, \n                                                                                             La directrice d\u00e9partementale de l'Ain \nSign\u00e9 : \nJIQUEL Sidonie \n \n \n \n \n                                                                                                                               #signature# \n \n \n \n \n \n84_ARS_Agence R\u00e9gionale de Sant\u00e9 Auvergne-Rh\u00f4ne-Alpes - 01-2025-12-02-00014 - DTM 21025 (2025-01-0088) CPOM CAPTH 56\n84_ARS_Agence R\u00e9gionale de Sant\u00e9\nAuvergne-Rh\u00f4ne-Alpes\n01-2025-12-02-00010\nDTM n\u00b021021 ARS-ARA-2025-01-0084 CPOM AFIS\n84_ARS_Agence R\u00e9gionale de Sant\u00e9 Auvergne-Rh\u00f4ne-Alpes - 01-2025-12-02-00010 - DTM n\u00b021021 ARS-ARA-2025-01-0084 CPOM AFIS 57\nEMR\u00c9PUBLIQUEFRAN\u00c7AISELibert\u00e9 @ > Agence Regondle de Sant\u00e9\u00c9galit\u00e9 Auvergne-Rh\u00f4ne-ApesFraternit\u00e9\n \nDECISION TARIFAIRE N\u00b021021(ARS-ARA-2025-01-0084) PORTANT MODIFICATION POUR 2025 \nDU MONTANT ET DE LA REPARTITION DE LA DOTATION GLOBALISEE COMMUNE PREVUE \nAU \nCONTRAT PLURIANNUEL D'OBJECTIFS ET DE MOYENS DE  \nASS.ACCUEIL FORMA INSERT PERSON SOURD - 010000255 \n \nPOUR LES ETABLISSEMENTS ET SERVICES SUIV ANTS  \nInstitut pour D\u00e9ficients Auditifs - INSTITUT DES JEUNES SOURDS - 010780575 \n \nService d'\u00c9ducation Sp\u00e9ciale et de Soins \u00e0 Domicile - SAFEP-SSEFIS - 010008183 \n \nService d'\u00c9ducation Sp\u00e9ciale et de Soins \u00e0 Domicile - SESSAD TROUBLE DU LANGAGE AFIS - 010011914 \n \n \nLa Directrice G\u00e9n\u00e9rale de l'ARS Auvergne-Rh\u00f4ne-Alpes \n \nVU le Code de l'Action Sociale et des Familles ; \n  \nVU le Code de la S\u00e9curit\u00e9 Sociale ; \n  \nVU la loi n\u00b0 2025 -199 du 28 f\u00e9vrier 2025 de financement de la S\u00e9curit\u00e9 Sociale pour 2025 \npubli\u00e9e au Journal Officiel du 28/02/2025 ; \n  \nVU l'arr\u00eat\u00e9 minist\u00e9riel du 02/06/2025 publi\u00e9 au Journal Officiel du 06/06/2025 pris en \napplication de l'article L314 -3 du Code de l'Action Sociale et des Familles fixant, pour \nl'ann\u00e9e 2025 l'objectif global de d\u00e9penses d'assurance maladie et le montant total de \nd\u00e9penses pour les \u00e9tablissements et services relevant de la Caisse nationale de solidarit\u00e9 \npour l'autonomie ; \n  \nVU la d\u00e9cision du 19/11/2025 publi\u00e9e au Journal Officiel du 26/11/2025 relative aux dotations \nr\u00e9gionales limitatives 2025 et \u00e0 la moyenne nationale des besoins en soins requis 2025 ; \n  \n  \nVU le d\u00e9cret du 19 avril 2023 portant nomination de Madame COURREGES C\u00e9cile en qualit\u00e9 \nde Directrice G\u00e9n\u00e9rale de l'agence r\u00e9gionale de sant\u00e9 Auvergne-Rh\u00f4ne-Alpes ; \n \nVU la d\u00e9l\u00e9gation de signature de la Directrice G\u00e9n\u00e9rale de l'ARS vers la Directrice de la \nd\u00e9l\u00e9gation d\u00e9partementale de AIN en date du 31/10/2025 ;  \n  \nVU le Contrat Pluriannuel d'Objectifs et de Moyens conclu le 28/12/2018 prenant effet au \n01/01/2019 ; \n \n  \nConsid\u00e9rant la d\u00e9cision tarifaire initiale n\u00b08 969 en date du 25 juin 2025 ; \n \n \nDECIDE \n \n \n84_ARS_Agence R\u00e9gionale de Sant\u00e9 Auvergne-Rh\u00f4ne-Alpes - 01-2025-12-02-00010 - DTM n\u00b021021 ARS-ARA-2025-01-0084 CPOM AFIS 58\nArticle 1er A compter du 01/01/2025, au titre de 2025, la dotation globalis\u00e9e commune des \n\u00e9tablissements et services m\u00e9dico -sociaux financ\u00e9s par l'Assurance Maladie, g\u00e9r\u00e9s \npar l'entit\u00e9 d\u00e9nomm\u00e9e ASS.ACCUEIL FORMA INSERT PERSON SOURD \n(010000255), a \u00e9t\u00e9 fix\u00e9e \u00e0 5  021 738,88 \u20ac, dont 0,00 \u20ac de cr\u00e9dits non reconductibles \nvers\u00e9s en une seule fois. \n \n Elle se r\u00e9partit de la mani\u00e8re suivante, les prix de journ\u00e9e \u00e0 compter de 01/01/2025 \n\u00e9tant \u00e9galement mentionn\u00e9s. \n \n \n \n- personnes handicap\u00e9es : 5 021 738,88 \u20ac (dont 5 021 738,88 \u20ac imputable \u00e0 \nl'assurance maladie) \n \n Dotations (en \u20ac) \nFINESS INT  SI  EXT PFR Aut_1 Aut_2 Aut_3 SSIAD \n010008183 \nSAFEP-SSEFIS 0,00 0,00 960 330,20 0,00 0,00 0,00 0,00 0,00 \n010011914 \nSESSAD \nTROUBLE DU \nLANGAGE AFIS \n0,00 0,00 248 172,85 0,00 0,00 0,00 0,00 0,00 \n010780575 \nINSTITUT DES \nJEUNES \nSOURDS \n2 940 470,83 845 265,00 0,00 0,00 0,00 0,00 27 500,00 0,00 \nPour 2025, la fraction forfaitaire mensuelle, pour le secteur personnes handicap\u00e9es, s'\u00e9tablit \u00e0 \n338 450,72 \u20ac (dont 338 450,72 \u20ac imputable \u00e0 l'Assurance Maladie). \n \n \n \n \n \n \nArticle 2 A compter du 1 er janvier 2026, en application de l'article L.314 -7 du CASF, la \ndotation globalis\u00e9e commune s'\u00e9l\u00e8ve, \u00e0 titre transitoire, \u00e0 4  980 904,72 \u20ac. Elle se \nr\u00e9partit de la mani\u00e8re suivante, les prix de journ\u00e9e de reconduction \u00e9tant \u00e9galement \nmentionn\u00e9s : \n \n- personnes handicap\u00e9es : 4 980 904,72  \u20ac \n(dont 4 980 904,72 \u20ac imputable \u00e0 l'Assurance Maladie) \n \n \n \nDotations (en \u20ac) \nFINESS INT  SI  EXT PFR Aut_1 Aut_2 Aut_3 SSIAD \n010008183 \nSAFEP-SSEFIS 0,00 0,00 960 330,20 0,00 0,00 0,00 0,00 0,00 \n010011914 \nSESSAD TROUBLE \nDU LANGAGE AFIS \n0,00 0,00 248 172,85 0,00 0,00 0,00 0,00 0,00 \n010780575 \nINSTITUT DES \nJEUNES SOURDS \n2 897 136,67 845 265,00 0,00 0,00 0,00 0,00 30 000,00 0,00 \n \n \n84_ARS_Agence R\u00e9gionale de Sant\u00e9 Auvergne-Rh\u00f4ne-Alpes - 01-2025-12-02-00010 - DTM n\u00b021021 ARS-ARA-2025-01-0084 CPOM AFIS 59\n \n \nPour 2026, la fraction forfaitaire mensuelle, pour le secteur personnes handicap\u00e9es, s'\u00e9tablit \u00e0 \n415 075,40 \u20ac (dont 415 075,40 \u20ac imputable \u00e0 l'Assurance Maladie). \n \n \nArticle 3 Les recours contentieux dirig\u00e9s contre la pr\u00e9sente d\u00e9cision doivent \u00eatre port\u00e9s devant \nle tribunal administratif territorialement comp\u00e9tent tel que pr\u00e9vu par l'article R. 312 -\n10-1 du Code de justice administrative dans un d\u00e9lai de deux mois \u00e0 compter de sa \npublication ou, pour les personnes auxquelles elle sera notifi\u00e9e, \u00e0 compter de sa \nnotification. Le tribunal administratif peut \u00eatre saisi par l'application \u00ab T\u00e9l\u00e9recours \ncitoyens \u00bb accessible par le site www.telerecours.fr. \n  \nArticle 4 La pr\u00e9sente d\u00e9cision sera publi\u00e9e au recueil des actes administratifs. \n  \nArticle 5         La Directrice G\u00e9n\u00e9rale de l'ARS Auvergne-Rh\u00f4ne-Alpes est charg\u00e9e de l'ex\u00e9cution de \nla pr\u00e9sente d\u00e9cision qui sera notifi\u00e9e \u00e0 l'entit\u00e9 gestionnaire (ASS.ACCUEIL FORMA \nINSERT PERSON SOURD 010000255) et aux structures concern\u00e9es. \n \n \n                                                                                                          \n \nFait \u00e0 Bourg en Bresse, le 2 d\u00e9cembre 2025 \n Pour la Directrice G\u00e9n\u00e9rale et par d\u00e9l\u00e9gation, \nLa directrice d\u00e9partementale de l'Ain \nSign\u00e9 : \nJIQUEL Sidonie \n \n \n \n                                                                                                                               #signature# \n \n \n \n \n \n84_ARS_Agence R\u00e9gionale de Sant\u00e9 Auvergne-Rh\u00f4ne-Alpes - 01-2025-12-02-00010 - DTM n\u00b021021 ARS-ARA-2025-01-0084 CPOM AFIS 60\n84_ARS_Agence R\u00e9gionale de Sant\u00e9\nAuvergne-Rh\u00f4ne-Alpes\n01-2025-12-02-00013\nDTM n\u00b021024 (2025-01-0087) CPOM MAPA\n84_ARS_Agence R\u00e9gionale de Sant\u00e9 Auvergne-Rh\u00f4ne-Alpes - 01-2025-12-02-00013 - DTM n\u00b021024 (2025-01-0087) CPOM MAPA 61\nEMR\u00c9PUBLIQUEFRAN\u00c7AISELibert\u00e9 @ > Agence Regondle de Sant\u00e9\u00c9galit\u00e9 Auvergne-Rh\u00f4ne-ApesFraternit\u00e9\n \nDECISION TARIFAIRE N\u00b021024 (ARS-ARA-2025-01-0087) PORTANT MODIFICATION POUR 2025 \nDU MONTANT ET DE LA REPARTITION DE LA DOTATION GLOBALISEE COMMUNE PREVUE \nAU \nCONTRAT PLURIANNUEL D'OBJECTIFS ET DE MOYENS DE  \nMAPA CLAIRES FONTAINES SAINT VULBAS - 010001063 \n \nPOUR LES ETABLISSEMENTS ET SERVICES SUIV ANTS  \nEtab.Acc.M\u00e9dicalis\u00e9 en tout ou partie personnes handicap\u00e9es - FOYER ACCUEIL MEDICALISE DE ST \nVULBAS - 010006559 \n \n \nLa Directrice G\u00e9n\u00e9rale de l'ARS Auvergne-Rh\u00f4ne-Alpes \n \nVU le Code de l'Action Sociale et des Familles ; \n  \nVU le Code de la S\u00e9curit\u00e9 Sociale ; \n  \nVU la loi n\u00b0 2025 -199 du 28 f\u00e9vrier 2025 de financement de la S\u00e9curit\u00e9 Sociale pour 2025 \npubli\u00e9e au Journal Officiel du 28/02/2025 ; \n  \nVU l'arr\u00eat\u00e9 minist\u00e9riel du 02/06/2025 publi\u00e9 au Journal Officiel du 06/06/2025 pris en \napplication de l'article L314 -3 du Code de l'Action Sociale et des Familles fixant, pour \nl'ann\u00e9e 2025 l'objectif global de d\u00e9penses d'assurance maladie et le montant total de \nd\u00e9penses pour les \u00e9tablissements et services relevant de la Caisse nationale de solidarit\u00e9 \npour l'autonomie ; \n  \nVU la d\u00e9cision du 19/11/2025 publi\u00e9e au Journal Officiel du 26/11/2025 relative aux dotations \nr\u00e9gionales limitatives 2025 et \u00e0 la moyenne nationale des besoins en soins requis 2025 ; \n  \n  \nVU le d\u00e9cret du 19 avril 2023 portant nomination de Madame COURREGES C\u00e9cile en qualit\u00e9 \nde Directrice G\u00e9n\u00e9rale de l'agence r\u00e9gionale de sant\u00e9 Auvergne-Rh\u00f4ne-Alpes ; \n \nVU la d\u00e9l\u00e9gation de signature de la Directrice G\u00e9n\u00e9rale de l'ARS vers la Directrice de la \nd\u00e9l\u00e9gation d\u00e9partementale de AIN en date du 31/10/2025 ;  \n  \nVU le Contrat Pluriannuel d'Objectifs et de Moyens conclu le 03/03/2022 prenant effet au \n01/01/2022 ; \n \n  \nConsid\u00e9rant la d\u00e9cision tarifaire initiale n\u00b08 425 en date du 25 juin 2025 ; \n \n \nDECIDE \n \n \nArticle 1er A compter du 01/01/2025, au titre de 2025, la dotation globalis\u00e9e commune des \n\u00e9tablissements et services m\u00e9dico -sociaux financ\u00e9s par l'Assurance Maladie, g\u00e9r\u00e9s \npar l'entit\u00e9 d\u00e9nomm\u00e9e MAPA CLAIRES FONTAINES SAINT VULBAS \n(010001063), a \u00e9t\u00e9 fix\u00e9e \u00e0 488  817,63 \u20ac, dont 0,00  \u20ac de cr\u00e9dits non reconductibles \n84_ARS_Agence R\u00e9gionale de Sant\u00e9 Auvergne-Rh\u00f4ne-Alpes - 01-2025-12-02-00013 - DTM n\u00b021024 (2025-01-0087) CPOM MAPA 62\nvers\u00e9s en une seule fois. \n \n Elle se r\u00e9partit de la mani\u00e8re suivante, les prix de journ\u00e9e \u00e0 compter de 01/01/2025 \n\u00e9tant \u00e9galement mentionn\u00e9s. \n \n- personnes handicap\u00e9es : 488 817,63 \u20ac (dont 488 817,63 \u20ac imputable \u00e0 l'assurance \nmaladie) \n \n Dotations (en \u20ac) \nFINESS INT  SI  EXT PFR Aut_1 Aut_2 Aut_3 SSIAD \n010006559 \nFOYER \nACCUEIL \nMEDICALISE DE \nST VULBAS \n450 033,96 38 783,67 0,00 0,00 0,00 0,00 0,00 0,00 \n \nPour 2025, la fraction forfaitaire mensuelle, pour le secteur personnes handicap\u00e9es, s'\u00e9tablit \u00e0 \n40 734,80 \u20ac (dont 40 734,80 \u20ac imputable \u00e0 l'Assurance Maladie). \n \n \nArticle 2 A compter du 1 er janvier 2026, en application de l'article L.314 -7 du CASF, la \ndotation globalis\u00e9e commune s'\u00e9l\u00e8ve, \u00e0 titre transitoire, \u00e0 475  209,23 \u20ac. Elle se \nr\u00e9partit de la mani\u00e8re suivante, les prix de journ\u00e9e de reconduction \u00e9tant \u00e9galement \nmentionn\u00e9s : \n \n- personnes handicap\u00e9es : 475 209,23  \u20ac \n(dont 475 209,23 \u20ac imputable \u00e0 l'Assurance Maladie) \n \n \n \nDotations (en \u20ac) \nFINESS INT  SI  EXT PFR Aut_1 Aut_2 Aut_3 SSIAD \n010006559 \nFOYER ACCUEIL \nMEDICALISE DE \nST VULBAS \n436 425,56 38 783,67 0,00 0,00 0,00 0,00 0,00 0,00 \n \n \n \nPour 2026, la fraction forfaitaire mensuelle, pour le secteur personnes handicap\u00e9es, s'\u00e9tablit \u00e0 \n39 600,77 \u20ac (dont 39 600,77 \u20ac imputable \u00e0 l'Assurance Maladie). \n \n \nArticle 3 Les recours contentieux dirig\u00e9s contre la pr\u00e9sente d\u00e9cision doivent \u00eatre port\u00e9s devant \nle tribunal administratif territorialement comp\u00e9tent tel que pr\u00e9vu par l'article R. 312 -\n10-1 du Code de justice administrative dans un d\u00e9lai de deux mois \u00e0 compter de sa \npublication ou, pour les personnes auxquelles elle sera notifi\u00e9e, \u00e0 compter de sa \nnotification. Le tribunal administratif peut \u00eatre saisi par l'application \u00ab T\u00e9l\u00e9recours \ncitoyens \u00bb accessible par le site www.telerecours.fr. \n  \nArticle 4 La pr\u00e9sente d\u00e9cision sera publi\u00e9e au recueil des actes administratifs. \n  \n84_ARS_Agence R\u00e9gionale de Sant\u00e9 Auvergne-Rh\u00f4ne-Alpes - 01-2025-12-02-00013 - DTM n\u00b021024 (2025-01-0087) CPOM MAPA 63\nArticle 5         La Directrice G\u00e9n\u00e9rale de l'ARS Auvergne-Rh\u00f4ne-Alpes est charg\u00e9e de l'ex\u00e9cution de \nla pr\u00e9sente d\u00e9cision qui sera notifi\u00e9e \u00e0 l'entit\u00e9 gestionnaire (MAPA CLAIRES \nFONTAINES SAINT VULBAS 010001063) et aux structures concern\u00e9es. \n \n \n \nFait \u00e0 BOURG EN BRESSE, le 02 d\u00e9cembre 2025 \n                                                                                          Pour la directrice g\u00e9n\u00e9rale et par d\u00e9l\u00e9gation, \n                                                                                               La directrice d\u00e9partementale de l'Ain \nSign\u00e9 : \nJIQUEL Sidonie \n \n \n \n                                                                                                                               #signature# \n \n \n84_ARS_Agence R\u00e9gionale de Sant\u00e9 Auvergne-Rh\u00f4ne-Alpes - 01-2025-12-02-00013 - DTM n\u00b021024 (2025-01-0087) CPOM MAPA 64","date":"2025-12-24","first_seen_on":"2025-12-24T11:06:25+00:00","id":"b3347d9210e7508e51fb1bd4195a5245758854c73f17636ab5b64b227ac936e6","name":"recueil-01-2025-443-recueil-des-actes-administratifs-special 24-12-2025","pdf_creation_date":"2025-12-24T10:09:38+00:00","pdf_modification_date":null,"timezone":"Europe/Paris","url":"https://www.ain.gouv.fr/contenu/telechargement/34141/238298/file/recueil-01-2025-443-recueil-des-actes-administratifs-special%2024-12-2025.pdf"}
