{"administration":"pref75","administration_name":"Pr\u00e9fecture de Paris","content":"PREFECTURE\nDE PARIS\nRECUEIL DES ACTES\nADMINISTRATIFS SP\u00c9CIAL\nN\u00b075-2026-243\nPUBLI\u00c9 LE 28 AVRIL 2026\nSommaire\nPr\u00e9fecture de la R\u00e9gion d'Ile de France, Pr\u00e9fecture de Paris  / Bureau\ndes \u00e9lections, du m\u00e9c\u00e9nat et de la r\u00e9glementation \u00e9conomique\n75-2026-04-28-00005 - Arr\u00eat\u00e9 pr\u00e9fectoral portant\nautorisation\nd'appel \u00e0 la g\u00e9n\u00e9rosit\u00e9 du public du fonds de\ndotation\nFONDS PRO MULTIS\n (2 pages) Page 3\nPr\u00e9fecture de la R\u00e9gion d'Ile de France, Pr\u00e9fecture de Paris  / Service de\nla coordination des affaires parisiennes\n75-2026-04-28-00001 - Arr\u00eat\u00e9 pr\u00e9fectoral accordant \u00e0 la SAS\nHUSPREY une autorisation \u00e0 d\u00e9roger au repos dominical (3 pages) Page 6\nPr\u00e9fecture de Police / Cabinet\n75-2026-04-27-00006 - Arr\u00eat\u00e9 2026-00477 du 27 avril 2026\nautorisant\nla captation, l'enregistrement et la transmission d'images au\nmoyen\nde cam\u00e9ras install\u00e9es sur des a\u00e9ronefs \u00e0 Paris \u00e0\nl'occasion du match de Ligue des champions entre le Paris\nSaint-Germain et le FC Bayern Munich le mardi 28 avril 2026\n \n (5 pages) Page 10\n75-2026-04-28-00006 - Arr\u00eat\u00e9 2026-00481 du 28 avril 2026\nautorisant\nla captation, l'enregistrement et la transmission d'images au moyen\nde cam\u00e9ras install\u00e9es sur des a\u00e9ronefs \u00e0 Paris \u00e0 l'occasion\nd'une manifestation le vendredi 1er mai 2026 (5 pages) Page 16\n75-2026-04-28-00002 - Arr\u00eat\u00e9 n\u00b0 2026 - 00482 modifiant\nprovisoirement la circulation place de la R\u00e9publique \u00e0 Paris 10\u00e8me le 9\nmai 2026 (3 pages) Page 22\n75-2026-04-28-00003 - Arr\u00eat\u00e9 n\u00b02026-00478 autorisant la captation,\nl'enregistrement et la transmission d'images au moyen de cam\u00e9ras\ninstall\u00e9es sur des a\u00e9ronefs en Seine-Saint-Denis (93) le 29 avril\n2026\n\n (5 pages) Page 26\n75-2026-04-28-00004 - Arr\u00eat\u00e9 n\u00b02026-00479 autorisant la captation,\nl'enregistrement et la transmission d'images au moyen de cam\u00e9ras\ninstall\u00e9es sur des a\u00e9ronefs en Seine-Saint-Denis (93) le 29 avril\n2026\n\n (4 pages) Page 32\nPr\u00e9fecture de Police / Direction des usagers et des polices administratives\n75-2026-04-27-00005 - Arr\u00eat\u00e9 2026P11762 du 27 avril 2026\nportant\nretrait de l'agr\u00e9ment de l'entreprise ENLEVEMENT SUR DEMANDE\n\nafin d'intervenir pour le d\u00e9pannage ou l'\u00e9vacuation des\nv\u00e9hicules en panne \nou accident\u00e9s sur le boulevard p\u00e9riph\u00e9rique\net les voies intra-muros \nde la Ville de Paris, \u00e0 la demande des services\nde police (3 pages) Page 37\n2\nPr\u00e9fecture de la R\u00e9gion d'Ile de France,\nPr\u00e9fecture de Paris \n75-2026-04-28-00005\nArr\u00eat\u00e9 pr\u00e9fectoral portant autorisation\nd'appel \u00e0 la g\u00e9n\u00e9rosit\u00e9 du public du fonds de\ndotation\nFONDS PRO MULTIS\nPr\u00e9fecture de la R\u00e9gion d'Ile de France, Pr\u00e9fecture de Paris  - 75-2026-04-28-00005 - Arr\u00eat\u00e9 pr\u00e9fectoral portant autorisation\nd'appel \u00e0 la g\u00e9n\u00e9rosit\u00e9 du public du fonds de dotation\nFONDS PRO MULTIS\n3\n=mPREFETDE PARISLibert\u00e9Egalit\u00e9Fraternit\u00e9\n \n1/2 \n \nL'identifiant au registre national des fondations, fondations d'entreprise et fonds de dotation (dit RNF) est  : \n075-FDD-00167-07 \nR\u00e9f\u00e9rence du fonds de dotation  : FD1156 / Dossier n\u00b0 \n 30926880 \nArr\u00eat\u00e9 pr\u00e9fectoral portant autorisation d'appel \u00e0 la g\u00e9n\u00e9rosit\u00e9 du public  \n \n \n \n \n \n \n \n \nCABINET  \nService de la coordination des affaires parisiennes \nBureau des \u00e9lections, du m\u00e9c\u00e9nat et de la r\u00e9glementation \u00e9conomique  \n \n \nArr\u00eat\u00e9 pr\u00e9fectoral portant autorisation \nd'appel \u00e0 la g\u00e9n\u00e9rosit\u00e9 du public du fonds de dotation \nFONDS PRO MULTIS \n \nLe pr\u00e9fet de la r\u00e9gion d'Ile-de-France, pr\u00e9fet de Paris, \nGrand Officier de la L\u00e9gion d'Honneur  \nOfficier de l'Ordre national du M\u00e9rite \n \n \nVu la loi n\u00b0 91-772 du 7 ao\u00fbt 1991 relative au cong\u00e9 de repr\u00e9sentation en faveur des associations et \ndes mutuelles et au contr\u00f4le des comptes des organismes faisant appel \u00e0 la g\u00e9n\u00e9rosit\u00e9 publique  ; \n \nVu la loi n\u00b0 2008-776 du 4 ao\u00fbt 2008 de modernisation de l'\u00e9conomie, et notamment son \narticle  140  ; \n \nVu le d\u00e9cret n\u00b0 92-1011 du 17 septembre 1992 relatif au contr\u00f4le des comptes des organismes faisant \nappel \u00e0 la g\u00e9n\u00e9rosit\u00e9 publique ; \n \nVu le d\u00e9cret n\u00b0 2022-813 du 16 mai 2022, modifiant le d\u00e9cret n\u00b0 2009-158 du 11 f\u00e9vrier 2009 relatif \naux fonds de dotation, et notamment les articles  11 et suivants  ; \n \nVu la demande du fonds de dotation FONDS PRO MULTIS sollicitant l'autorisation de faire appel \u00e0 la \ng\u00e9n\u00e9rosit\u00e9 du public, re\u00e7ue le 27 avril 2026  ; \n \nConsid\u00e9rant que l'objectif du pr\u00e9sent appel \u00e0 la g\u00e9n\u00e9rosit\u00e9 du public est de soutenir et de \nd\u00e9velopper des initiatives \u00e0 caract\u00e8re \u00e9ducatif, social, sportif et culturel visant \u00e0 l'\u00e9panouissement \nint\u00e9gral de la personne humaine, lequel consiste \u00e0 promouvoir le d\u00e9veloppement de \u00ab tout homme \net tout l'homme \u00bb (Paul VI, Populorum Progressio n\u00b014) en fid\u00e9lit\u00e9 \u00e0 l'anthropologie chr\u00e9tienne \nexpos\u00e9e par l'\u00c9glise catholique ; \n \nSur la proposition de la pr\u00e9f\u00e8te, directrice de cabinet du pr\u00e9fet de la r\u00e9gion d'\u00cele-de-France, pr\u00e9fet \nde Paris  ; \n \n \n \nPr\u00e9fecture de la R\u00e9gion d'Ile de France, Pr\u00e9fecture de Paris  - 75-2026-04-28-00005 - Arr\u00eat\u00e9 pr\u00e9fectoral portant autorisation\nd'appel \u00e0 la g\u00e9n\u00e9rosit\u00e9 du public du fonds de dotation\nFONDS PRO MULTIS\n4\n \n2/2 \n \nL'identifiant au registre national des fondations, fondations d'entreprise et fonds de dotation (dit RNF) est  : \n075-FDD-00167-07 \nR\u00e9f\u00e9rence du fonds de dotation  : FD1156 / Dossier n\u00b0 \n 30926880 \nArr\u00eat\u00e9 pr\u00e9fectoral portant autorisation d'appel \u00e0 la g\u00e9n\u00e9rosit\u00e9 du public  \n \n \nA R R E T E : \n \nARTICLE 1\ner  : Le fonds de dotation FONDS PRO MULTIS est autoris\u00e9 \u00e0 faire appel \u00e0 la g\u00e9n\u00e9rosit\u00e9 du \npublic \u00e0 compter du 28 avril 2026 jusqu'au 31 d\u00e9cembre 2026. \n \nARTICLE 2  : Conform\u00e9ment \u00e0 la r\u00e9glementation en vigueur, le fonds de dotation a l'obligation \nd'int\u00e9grer dans ses comptes annuels un compte d'emploi annuel des ressources (CER) ainsi qu'un \ncompte de r\u00e9sultat par origine et par destination (CROD) lorsque le fonds de dotation est aliment\u00e9 \npar des dons issus de la g\u00e9n\u00e9rosit\u00e9 du public. \n \nARTICLE 3  : La pr\u00e9sente autorisation pourra \u00eatre retir\u00e9e ou abrog\u00e9e en cas de manquement aux \nr\u00e8gles r\u00e9gissant les fonds de dotation et/ou \u00e0 la r\u00e9glementation relative aux appels \u00e0 la g\u00e9n\u00e9rosit\u00e9 du \npublic. \n \nARTICLE 4  : Conform\u00e9ment aux dispositions du code de justice administrative, la pr\u00e9sente d\u00e9cision \nest susceptible de faire l'objet d'un recours contentieux devant le tribunal administratif de Paris dans \nle d\u00e9lai de 2 mois. \n \nARTICLE 5  : La pr\u00e9f\u00e8te, directrice de cabinet du pr\u00e9fet de la r\u00e9gion d'\u00cele-de-France, pr\u00e9fet de Paris, \nest charg\u00e9e de l'ex\u00e9cution du pr\u00e9sent arr\u00eat\u00e9 qui sera publi\u00e9 au recueil des actes administratifs de la \npr\u00e9fecture de Paris, accessible sur le site Internet de la pr\u00e9fecture de Paris (www.ile-de-\nfrance.gouv.fr ), et notifi\u00e9 aux personnes vis\u00e9es \u00e0 l'article 1 er  du pr\u00e9sent arr\u00eat\u00e9. \n \nFait \u00e0 Paris, le mardi 28 avril 2026 \n \n \nPour le pr\u00e9fet de la r\u00e9gion d'Ile de France, \npr\u00e9fet de Paris et par d\u00e9l\u00e9gation \nLe chef du bureau des \u00e9lections,  \ndu m\u00e9c\u00e9nat et de la r\u00e9glementation \u00e9conomique \n \nSign\u00e9 \n \nMohamed SOLTANI \n \n \n \n \n \n \nPr\u00e9fecture de la R\u00e9gion d'Ile de France, Pr\u00e9fecture de Paris  - 75-2026-04-28-00005 - Arr\u00eat\u00e9 pr\u00e9fectoral portant autorisation\nd'appel \u00e0 la g\u00e9n\u00e9rosit\u00e9 du public du fonds de dotation\nFONDS PRO MULTIS\n5\nPr\u00e9fecture de la R\u00e9gion d'Ile de France,\nPr\u00e9fecture de Paris \n75-2026-04-28-00001\nArr\u00eat\u00e9 pr\u00e9fectoral accordant \u00e0 la SAS HUSPREY\nune autorisation \u00e0 d\u00e9roger au repos dominical\nPr\u00e9fecture de la R\u00e9gion d'Ile de France, Pr\u00e9fecture de Paris  - 75-2026-04-28-00001 - Arr\u00eat\u00e9 pr\u00e9fectoral accordant \u00e0 la SAS HUSPREY\nune autorisation \u00e0 d\u00e9roger au repos dominical 6\nPREFETDE PARISLibert\u00e9Egalit\u00e9Fraternit\u00e9\nCabinet  \nService de la coordination des affaires parisiennes \nBureau des \u00e9lections, du m\u00e9c\u00e9nat et de la r\u00e9glementation \u00e9conomique  \n \nTel : 01 82 52 40 00 \nMel: \npref-reglementationeconomique@paris.gouv.fr  \n5 rue Leblanc -75911 Paris cedex 15 \n  1/3 \n \n \n \n \n \n \n \n \nArr\u00eat\u00e9 pr\u00e9fectoral accordant \u00e0 \n la SAS HUSPREY \n \nune autorisation \u00e0 d\u00e9roger au repos dominical \n \n \n          Le Pr\u00e9fet de la r\u00e9gion d'\u00cele-de-France, pr\u00e9fet de Paris, \n           Grand Officier de la L\u00e9gion d'honneur, \n           Officier de l'Ordre national du M\u00e9rite, \n \n \n \n \n \nVu le Code du travail, et notamment la troisi\u00e8me partie, livre 1 \ner , articles L. 3132-3, L. 3132-20,           \nL. 3132-21, L. 3132-25-3 et L. 3132-25-4 et R. 3132-16 et suivants  ; \n \nVu la demande pr\u00e9sent\u00e9e le 2 avril 2026 par la SAS HUSPREY, dont le si\u00e8ge social est situ\u00e9 au 17-21 \nrue Saint-Fiacre \u00e0 Paris 2 \ne, sollicitant, en application des articles pr\u00e9cit\u00e9s, l'autorisation d'accorder le \nrepos hebdomadaire un autre jour que le dimanche \u00e0 tout ou partie du personnel salari\u00e9 de son \n\u00e9tablissement charg\u00e9 d'assurer un service d'assistance de ses logiciels pour ses clients  ; \n \nVu la demande adress\u00e9e au maire de Paris aux fins de consultation du conseil de Paris  ; \n \nVu la demande adress\u00e9e au pr\u00e9sident de la M\u00e9tropole du Grand Paris aux fins de consultation du \nConseil de la M\u00e9tropole du Grand Paris  ; \nVu l'avis favorable de la Chambre de commerce et d'industrie d\u00e9partementale de Paris,  \n \nVu l'avis favorable du Mouvement des entreprises de France \u2013 MEDEF  ; \n \nVu l'avis favorable de l'Union d\u00e9partementale UNSA de Paris  ; \n \nVu les demandes adress\u00e9es \u00e0 la Chambre de M\u00e9tiers et de l'Artisanat de Paris, au Syndicat SICSTI \nCFTC \u2013 Section ing\u00e9nierie et services, au syndicat SYNTEC ETUDES, au syndicat BETOR PUB \u2013 CFDT,  \n\u00e0 la F\u00e9d\u00e9ration nationale du personnel de l'encadrement des soci\u00e9t\u00e9s de service informatique, des \n\u00e9tudes, du conseil, de l'ing\u00e9nierie et de la formation \u2013 FIECI \u2013 CFE-CGC, \u00e0 l'Union d\u00e9partementale \nFO de Paris, \u00e0 l'Union d\u00e9partementale SOLIDAIRES de Paris, \u00e0 l'Union d\u00e9partementale CGT de \nParis  ; \n \nConsid\u00e9rant que la SAS HUSPREY, sp\u00e9cialis\u00e9e dans l'\u00e9dition et la commercialisation de logiciels \nutilis\u00e9s \u00e0 des fins professionnelles ou personnelles, assure un service de maintenance pour ses \nclients, \u00e0 savoir des administrations publiques, des \u00e9tablissements bancaires et des soci\u00e9t\u00e9s \nsusceptibles de traiter des donn\u00e9es sensibles comme des mutuelles ou des assurances  ; \nPr\u00e9fecture de la R\u00e9gion d'Ile de France, Pr\u00e9fecture de Paris  - 75-2026-04-28-00001 - Arr\u00eat\u00e9 pr\u00e9fectoral accordant \u00e0 la SAS HUSPREY\nune autorisation \u00e0 d\u00e9roger au repos dominical 7\n \n \nTel : 01 82 52 40 00 \nMel: pref-reglementationeconomique@paris.gouv.fr  2 /3 \n5 rue Leblanc -75911 Paris cedex 15 \n \n \n \nConsid\u00e9rant que la SAS HUSPREY est amen\u00e9e \u00e0 fournir \u00e0 ses clients une assistance \u00e0 distance en cas \nd'incidents critiques sur leurs syst\u00e8mes informatiques tous les jours de la semaine, y compris les \ndimanches  ; \n \nConsid\u00e9rant, en cons\u00e9quence, que la SAS HUSPREY est conduite \u00e0 faire travailler ses salari\u00e9s, dans \nle cadre d'astreintes,  en t\u00e9l\u00e9travail \u00e0 domicile, les dimanches  ; \n \nConsid\u00e9rant, en cons\u00e9quence, que le repos simultan\u00e9 les dimanches du personnel concern\u00e9 \naffecterait le fonctionnement normal de la SAS HUSPREY et serait pr\u00e9judiciable \u00e0 ses clients si \nceux-ci ne pouvaient pas b\u00e9n\u00e9ficier de cette assistance  ; \n \nConsid\u00e9rant, ainsi, que la SAS HUSPREY pr\u00e9voit de faire travailler ses salari\u00e9s les dimanches, dans le \ncadre d'astreintes, pendant une dur\u00e9e de trois ans  ; \nConsid\u00e9rant que la SAS HUSPREY a fourni, dans sa demande de d\u00e9rogation, les garanties \nn\u00e9cessaires en termes de majoration de salaire et de repos compensateur reprises dans une \nd\u00e9cision unilat\u00e9rale sign\u00e9e le 23 d\u00e9cembre 2024 par la repr\u00e9sentante de l'entreprise  ;\n \nConsid\u00e9rant que les salari\u00e9s volontaires pour travailler les dimanches en cause ont donn\u00e9 leur \naccord par \u00e9crit, conform\u00e9ment \u00e0 l'article L. 3132-25-4 du Code du travail ; \n \nConsid\u00e9rant que le Comit\u00e9 social et \u00e9conomique de l'entreprise, r\u00e9uni le 17 d\u00e9cembre 2024, a \ndonn\u00e9 un avis favorable \u00e0 cette demande  ;\n \n \n \n \nA R R E T E : \n \n \n \nARTICLE 1 \ner  : La SAS HUSPREY, dont le si\u00e8ge social est situ\u00e9 au 17-21 rue Saint-Fiacre \u00e0 Paris 2 e, est \nautoris\u00e9e \u00e0 accorder le repos hebdomadaire un autre jour que le dimanche \u00e0 tout ou partie du \npersonnel salari\u00e9 de son \u00e9tablissement charg\u00e9 d'assurer un service d'assistance de ses logiciels pour \nses clients. \n \nARTICLE 2  : La pr\u00e9sente autorisation est d\u00e9livr\u00e9e pour une dur\u00e9e de trois ans \u00e0 compter de la date \ndu pr\u00e9sent arr\u00eat\u00e9. \n \nARTICLE 3  : Cette autorisation ne permet pas de d\u00e9roger \u00e0 l'article L. 3132-1 du Code du travail qui \ndispose qu' \u00ab il est interdit de faire travailler un m\u00eame salari\u00e9 plus de six jours par semaine  \u00bb. \n \nARTICLE 4  : Le pr\u00e9sent arr\u00eat\u00e9 peut faire l'objet d'un recours contentieux, aupr\u00e8s du tribunal \nadministratif de Paris, dans le d\u00e9lai de deux mois, \u00e0 compter de sa notification. Il peut \u00e9galement, \ndans le m\u00eame d\u00e9lai, faire l'objet d'un recours gracieux aupr\u00e8s du pr\u00e9fet de la r\u00e9gion d'\u00cele-de-France, \npr\u00e9fet de Paris et/ou d'un recours hi\u00e9rarchique aupr\u00e8s du ministre du travail et des solidarit\u00e9s. Le \nrecours gracieux et/ou hi\u00e9rarchique prolonge le d\u00e9lai de recours contentieux qui doit alors \u00eatre \nintroduit dans les deux mois suivant la d\u00e9cision implicite ou explicite de l'autorit\u00e9 comp\u00e9tente (le \nsilence de l'administration pendant un d\u00e9lai de deux mois valant d\u00e9cision implicite de rejet). \n \n \nPr\u00e9fecture de la R\u00e9gion d'Ile de France, Pr\u00e9fecture de Paris  - 75-2026-04-28-00001 - Arr\u00eat\u00e9 pr\u00e9fectoral accordant \u00e0 la SAS HUSPREY\nune autorisation \u00e0 d\u00e9roger au repos dominical 8\n \nTel : 01 82 52 40 00 \nMel: pref-reglementationeconomique@paris.gouv.fr  3 /3 \n5 rue Leblanc -75911 Paris cedex 15 \n \nARTICLE 5 : La pr\u00e9f\u00e8te, directrice de cabinet du pr\u00e9fet de la r\u00e9gion d'\u00cele-de-France, pr\u00e9fet de Paris \net le directeur de l'unit\u00e9 d\u00e9partementale de Paris de la direction r\u00e9gionale et interd\u00e9partementale \nde l'\u00e9conomie, de l'emploi, du travail et des solidarit\u00e9s (DRIEETS) sont charg\u00e9s, chacun en ce qui le \nconcerne, de l'ex\u00e9cution du pr\u00e9sent arr\u00eat\u00e9, qui sera notifi\u00e9 \u00e0 la SAS HUSPREY et publi\u00e9 au recueil \ndes actes administratifs de la pr\u00e9fecture de la r\u00e9gion d'Ile-de-France, pr\u00e9fecture de Paris, accessible \nsur le site Internet : http://www.prefectures-regions.gouv.fr/ile-de-france . \n \n \n            \nFait \u00e0 Paris, le 28 avril 2026  \n \nPour le Pr\u00e9fet et par d\u00e9l\u00e9gation, \nla Sous-Pr\u00e9f\u00e8te, Cheffe de cabinet du Pr\u00e9fet de la r\u00e9gion d'Ile-de-France,  \nPr\u00e9fet de Paris, \nSIGN\u00c9 \nCamille de WITASSE THEZY  \n \n  \n \n           \n \nPr\u00e9fecture de la R\u00e9gion d'Ile de France, Pr\u00e9fecture de Paris  - 75-2026-04-28-00001 - Arr\u00eat\u00e9 pr\u00e9fectoral accordant \u00e0 la SAS HUSPREY\nune autorisation \u00e0 d\u00e9roger au repos dominical 9\nPr\u00e9fecture de Police\n75-2026-04-27-00006\nArr\u00eat\u00e9 2026-00477 du 27 avril 2026\nautorisant la captation, l'enregistrement et la\ntransmission d'images au moyen\nde cam\u00e9ras install\u00e9es sur des a\u00e9ronefs \u00e0 Paris \u00e0\nl'occasion du match de Ligue des champions\nentre le Paris Saint-Germain et le FC Bayern\nMunich le mardi 28 avril 2026\n \nPr\u00e9fecture de Police - 75-2026-04-27-00006 - Arr\u00eat\u00e9 2026-00477 du 27 avril 2026\nautorisant la captation, l'enregistrement et la transmission d'images au moyen\nde cam\u00e9ras install\u00e9es sur des a\u00e9ronefs \u00e0 Paris \u00e0 l'occasion du match de Ligue des champions entre le Paris Saint-Germain et le FC\nBayern Munich le mardi 28 avril 2026\n \n10\nll\nurayI\n\"Hall\n \nCABINET DU PREFET  \n \n   1 \n \nArr\u00eat\u00e9 n\u00b02026-00477  \nautorisant la captation, l'enregistrement et la transmission d'images au moyen \nde cam\u00e9ras install\u00e9es sur des a\u00e9ronefs \u00e0 Paris \u00e0 l'occasion du match de Ligue des champions \nentre le Paris Saint-Germain et le FC Bayern Munich le mardi 28 avril 2026 \n  \n \nLe pr\u00e9fet de police, \n \nVu le code de la s\u00e9curit\u00e9 int\u00e9rieure, notamment ses articles L. 242-1 \u00e0 L.\n 242-8 et R. 242-8 \u00e0 \nR. 242-14 ; \n \nVu le d\u00e9cret n\u00b0 2004-374 du 29 avril 2004 modifi\u00e9 relatif aux pouvoirs des pr\u00e9fets, \u00e0 \nl'organisation et \u00e0 l'action des services de l'Etat dans les r\u00e9gions et d\u00e9partements, \nnotamment son article 72  ; \n \nVu l'arr\u00eat\u00e9 du 19 avril 2023 relatif au nombre maximal de cam\u00e9ras install\u00e9es sur des a\u00e9ronefs \npouvant \u00eatre simultan\u00e9ment utilis\u00e9es dans chaque d\u00e9partement et collectivit\u00e9 d'outre-mer \n ; \n \nVu l'instruction minist\u00e9rielle NOR IOMD2311883J du 30 avril 2023 relative \u00e0 la proc\u00e9dure \nd'autorisation des cam\u00e9ras install\u00e9es sur des a\u00e9ronefs pour des missions de police \nadministrative  ; \n \nVu le d\u00e9cret du 22 octobre 2025 par lequel M. Patrice FAURE, administrateur de l'\u00c9tat du \ntroisi\u00e8me grade, directeur de cabinet du Pr\u00e9sident de la R\u00e9publique, est nomm\u00e9 pr\u00e9fet de \npolice (groupe I), \u00e0 compter du 23 octobre 2025 \n ; \n \nVu la demande en date du 27 avril 2026 form\u00e9e par la direction de l'ordre public et de la \ncirculation visant \u00e0 obtenir l'autorisation de capter, d'enregistrer et de transmettre des \nimages au moyen de deux cam\u00e9ras install\u00e9es sur des a\u00e9ronefs t\u00e9l\u00e9-pilot\u00e9s afin d'assurer la \npr\u00e9vention des atteintes \u00e0 la s\u00e9curit\u00e9 des personnes et des biens, la s\u00e9curit\u00e9 des \nrassemblements, la pr\u00e9vention d'actes de terrorisme ainsi que la r\u00e9gulation des flux de \ntransport \u00e0 l'occasion du match de football de la Ligue des champions entre le Paris Saint-\nGermain et le FC Bayern Munich le mardi 28 avril 2026 ; \n \nConsid\u00e9rant que les dispositions du I de l'article L. 242-5 du code de la s\u00e9curit\u00e9 int\u00e9rieure \npermettent aux forces de s\u00e9curit\u00e9 int\u00e9rieure, dans l'exercice de leurs missions de pr\u00e9vention \ndes atteintes \u00e0 l'ordre public et de protection de la s\u00e9curit\u00e9 des personnes et des biens, de \nproc\u00e9der \u00e0 la captation, \u00e0 l'enregistrement et \u00e0 la transmission d'images au moyen de \ncam\u00e9ras install\u00e9es sur des a\u00e9ronefs aux fins d'assurer la pr\u00e9vention des atteintes \u00e0 la s\u00e9curit\u00e9 \ndes personnes et des biens dans des lieux particuli\u00e8rement expos\u00e9s, la s\u00e9curit\u00e9 des \nrassemblements de personnes sur la voie publique ainsi que l'appui des personnels au sol, en \nvue de leur permettre de maintenir ou de r\u00e9tablir l'ordre public lorsque ces rassemblements \nsont susceptibles d'entra\u00eener des troubles graves \u00e0 l'ordre public, la pr\u00e9vention d'actes de \nterrorisme et la r\u00e9gulation des flux de transport ;  \nPr\u00e9fecture de Police - 75-2026-04-27-00006 - Arr\u00eat\u00e9 2026-00477 du 27 avril 2026\nautorisant la captation, l'enregistrement et la transmission d'images au moyen\nde cam\u00e9ras install\u00e9es sur des a\u00e9ronefs \u00e0 Paris \u00e0 l'occasion du match de Ligue des champions entre le Paris Saint-Germain et le FC\nBayern Munich le mardi 28 avril 2026\n \n11\n \n2026-00477                                                                                                                                                                            2 \nConsid\u00e9rant que se d\u00e9roulera le mardi 28 avril 2026 \u00e0 21h00 la demi-finale aller de la Ligue \ndes champions au stade du Parc des Princes \u00e0 Paris 16 \u00e8me , qui opposera les \u00e9quipes du Paris-\nSaint-Germain et du FC Bayern Munich ; qu'\u00e0 cette occasion, il existe un risque que des \nrassemblements non d\u00e9clar\u00e9s aient lieu d\u00e8s le d\u00e9but de la soir\u00e9e sur la voie publique, \nnotamment de nombreux supporters du Paris Saint-Germain, dans certains secteurs de la \ncapitale, en particulier sur les Champs-\u00c9lys\u00e9es et dans les secteurs environnants  ; qu'il existe \nun risque que des individus fassent usage d'engins pyrotechniques  ; que de tels \nrassemblements sont susceptibles de r\u00e9unir un nombre tr\u00e8s important de personnes  ; que \ncompte tenu des incidents et d\u00e9bordements survenus au m\u00eame stade de la comp\u00e9tition de \nla Ligue des Champions pr\u00e9c\u00e9dente, lorsque le PSG avait affront\u00e9 en demi-finale l'\u00e9quipe \nanglaise d'Arsenal, il convient de pr\u00e9venir les troubles \u00e9ventuels \u00e0 l'ordre public ainsi que \nr\u00e9guler les flux de transport sur les axes environnants \u00e0 l'art\u00e8re des Champs-Elys\u00e9es ; \n \nConsid\u00e9rant \u00e9galement que plusieurs attentats ou tentatives d'attentats r\u00e9cents traduisent \nle niveau \u00e9lev\u00e9 de la menace terroriste actuelle en France, dans le cadre du plan VIGIPIRATE \n\u00ab\n urgence attentat  \u00bb en vigueur sur l'ensemble du territoire national ; \n \nConsid\u00e9rant que la demande de la direction de l'ordre public et de la circulation porte sur \nl'engagement de deux cam\u00e9ras a\u00e9roport\u00e9es qui pourront \u00eatre en vol simultan\u00e9ment en vue \nde capter, d'enregistrer et de transmettre des images \n ; que les aires survol\u00e9es sont \nstrictement limit\u00e9es aux zones o\u00f9 seront mises en \u0153uvre les finalit\u00e9s susvis\u00e9es ; que la dur\u00e9e \nde l'autorisation demand\u00e9e n'appara\u00eet pas disproportionn\u00e9e au regard de ces m\u00eames \nfinalit\u00e9s ; \n \nConsid\u00e9rant que le recours \u00e0 des cam\u00e9ras a\u00e9roport\u00e9es permet de disposer d'une vision en \ngrand angle tout en limitant l'engagement des forces au sol, et le cas \u00e9ch\u00e9ant, d'organiser de \nmani\u00e8re r\u00e9active et efficace leur d\u00e9ploiement op\u00e9rationnel, notamment en cas de \nmouvement de foule ou d'actions violentes de groupes d'individus \n ; qu'il n'existe pas de \ndispositif moins intrusif permettant de parvenir aux m\u00eames fins  ; \n \nSur proposition du directeur de l'ordre public et de la circulation ; \n \nARRETE \n : \n \nArticle 1 \ner  \u2013 La captation, l'enregistrement et la transmission d'images par la direction de \nl'ordre public et de la circulation sont autoris\u00e9s \u00e0 Paris \u00e0 l'occasion de l'\u00e9v\u00e9nement pr\u00e9cit\u00e9 \naux titres de  : \n- la pr\u00e9vention des atteintes \u00e0 la s\u00e9curit\u00e9 des personnes et des biens  ; \n- la s\u00e9curit\u00e9 des rassemblements  ; \n- la pr\u00e9vention d'actes de terrorisme  ; \n- la r\u00e9gulation des flux de transport. \n \nArticle 2  \u2013 Le nombre maximal de cam\u00e9ras pouvant proc\u00e9der simultan\u00e9ment \u00e0 des \nenregistrements est fix\u00e9 \u00e0 2 cam\u00e9ras embarqu\u00e9es sur des a\u00e9ronefs t\u00e9l\u00e9-pilot\u00e9s. \n \nArticle 3  \u2013 La pr\u00e9sente autorisation s'applique au p\u00e9rim\u00e8tre g\u00e9ographique figurant sur le plan \nen annexe au pr\u00e9sent arr\u00eat\u00e9. \nPr\u00e9fecture de Police - 75-2026-04-27-00006 - Arr\u00eat\u00e9 2026-00477 du 27 avril 2026\nautorisant la captation, l'enregistrement et la transmission d'images au moyen\nde cam\u00e9ras install\u00e9es sur des a\u00e9ronefs \u00e0 Paris \u00e0 l'occasion du match de Ligue des champions entre le Paris Saint-Germain et le FC\nBayern Munich le mardi 28 avril 2026\n \n12\n \n2026-00477                                                                                                                                                                            3 \n \nArticle 4  \u2013 La pr\u00e9sente autorisation est d\u00e9livr\u00e9e du mardi 28 avril 2026 \u00e0 20h00 au mercredi \n29 avril 2026 \u00e0 4h00 pour l'ensemble des finalit\u00e9s pr\u00e9cit\u00e9es. \n \nArticle 5  \u2013 L'information du public est assur\u00e9e par la publication du pr\u00e9sent arr\u00eat\u00e9 au recueil \ndes actes administratifs du d\u00e9partement de Paris, sa mise en ligne sur le site internet de la \npr\u00e9fecture de police ainsi que par une information sur les r\u00e9seaux sociaux. \n \nArticle 6  \u2013 Le registre mentionn\u00e9 \u00e0 l'article L. 242-4 du code de la s\u00e9curit\u00e9 int\u00e9rieure est \ntransmis au pr\u00e9fet de police, \u00e0 l'issue de la p\u00e9riode d'autorisation. \n \nArticle 7 \u2013 Le pr\u00e9fet, directeur du cabinet du pr\u00e9fet de police et le directeur de l'ordre public \net de la circulation sont charg\u00e9s, chacun en ce qui le concerne, de l'ex\u00e9cution du pr\u00e9sent \narr\u00eat\u00e9 qui entrera en vigueur d\u00e8s son affichage aux portes de la pr\u00e9fecture de police, sera \npubli\u00e9 aux recueils des actes administratifs du d\u00e9partement de Paris et consultable sur le site \ninternet de la pr\u00e9fecture de police ( \nhttps://www.prefecturedepolice.interieur.gouv.fr ).  \n \n \nFait \u00e0 Paris, le 27 avril 2026 \n \n \nSIGNE \nPour le pr\u00e9fet de police \nLe pr\u00e9fet, directeur de cabinet \nBaptiste ROLLAND \n \n \n \n \nPr\u00e9fecture de Police - 75-2026-04-27-00006 - Arr\u00eat\u00e9 2026-00477 du 27 avril 2026\nautorisant la captation, l'enregistrement et la transmission d'images au moyen\nde cam\u00e9ras install\u00e9es sur des a\u00e9ronefs \u00e0 Paris \u00e0 l'occasion du match de Ligue des champions entre le Paris Saint-Germain et le FC\nBayern Munich le mardi 28 avril 2026\n \n13\n \n2026-00477                                                                                                                                                                            4 \n \nAnnexe de l'arr\u00eat\u00e9 n\u00b02026-00477 du 27 avril 2026 \n \n \nVOIES ET DELAIS DE RECOURS  \n_______________________ \n \n \n \nSi vous estimez devoir contester la pr\u00e9sente autorisation, il vous est possible, dans un d\u00e9lai \nde deux mois \u00e0 compter de la date de son affichage ou de sa publication  : \n \n \n- soit de saisir d'un RECOURS GRACIEUX  \nle Pr\u00e9fet de Police  \n7/9, boulevard du Palais - 75195 PARIS RP  \n \n- ou de former un RECOURS HIERARCHIQUE  \n  aupr\u00e8s du Ministre de l'int\u00e9rieur et des outre-mer  \n  Direction des libert\u00e9s publiques et des affaires juridiques  \n  place Beauvau - 75008 PARIS  \n \n- soit de saisir d'un RECOURS CONTENTIEUX  \nle Tribunal administratif comp\u00e9tent  \n \n \nAucune de ces voies et recours ne suspend l'application de la pr\u00e9sente d\u00e9cision. \n \nLes recours GRACIEUX et HIERARCHIQUE doivent \u00eatre \u00e9crits, exposer les arguments \nou faits nouveaux et comprendre la copie de la d\u00e9cision contest\u00e9e. \n \nLe recours contentieux, qui vise \u00e0 contester la LEGALITE de la pr\u00e9sente d\u00e9cision, doit \n\u00e9galement \u00eatre \u00e9crit et exposer votre argumentation juridique. \n \nSi vous n'aviez pas de r\u00e9ponse \u00e0 votre recours GRACIEUX ou HIERARCHIQUE dans un \nd\u00e9lai de deux mois \u00e0 compter de la r\u00e9ception de votre recours par l'administration, \nvotre demande devra \u00eatre consid\u00e9r\u00e9e comme rejet\u00e9e (d\u00e9cision implicite de rejet). \n \nEn cas de rejet des RECOURS GRACIEUX ou HIERARCHIQUE, le Tribunal administratif \npeut \u00eatre saisi d'un recours contentieux dans le d\u00e9lai de deux mois \u00e0 compter de la \ndate de la d\u00e9cision de rejet. \n \n \n \n \n \nPr\u00e9fecture de Police - 75-2026-04-27-00006 - Arr\u00eat\u00e9 2026-00477 du 27 avril 2026\nautorisant la captation, l'enregistrement et la transmission d'images au moyen\nde cam\u00e9ras install\u00e9es sur des a\u00e9ronefs \u00e0 Paris \u00e0 l'occasion du match de Ligue des champions entre le Paris Saint-Germain et le FC\nBayern Munich le mardi 28 avril 2026\n \n14\nFAUBOURG-DU:ROUL\n<aeoVilEME\nDIRE! \u2014verepaET DE LA CIRCULATION \u0178\noe\n \n2026-00477                                                                                                                                                                            5 \n  \n \nPr\u00e9fecture de Police - 75-2026-04-27-00006 - Arr\u00eat\u00e9 2026-00477 du 27 avril 2026\nautorisant la captation, l'enregistrement et la transmission d'images au moyen\nde cam\u00e9ras install\u00e9es sur des a\u00e9ronefs \u00e0 Paris \u00e0 l'occasion du match de Ligue des champions entre le Paris Saint-Germain et le FC\nBayern Munich le mardi 28 avril 2026\n \n15\nPr\u00e9fecture de Police\n75-2026-04-28-00006\nArr\u00eat\u00e9 2026-00481 du 28 avril 2026\nautorisant la captation, l'enregistrement et la\ntransmission d'images au moyen de cam\u00e9ras\ninstall\u00e9es sur des a\u00e9ronefs \u00e0 Paris \u00e0 l'occasion\nd'une manifestation le vendredi 1er mai 2026\nPr\u00e9fecture de Police - 75-2026-04-28-00006 - Arr\u00eat\u00e9 2026-00481 du 28 avril 2026\nautorisant la captation, l'enregistrement et la transmission d'images au moyen de cam\u00e9ras install\u00e9es sur des a\u00e9ronefs \u00e0 Paris \u00e0\nl'occasion d'une manifestation le vendredi 1er mai 2026\n16\n\\|Ill\u00e0oeIa\n \nCABINET DU PREFET \n \n \n  \n \nArr\u00eat\u00e9 n\u00b02026-00481  \nautorisant la captation, l'enregistrement et la transmission d'images au moyen de cam\u00e9ras \ninstall\u00e9es sur des a\u00e9ronefs \u00e0 Paris \u00e0 l'occasion d'une manifestation le vendredi 1 er  mai 2026  \n \nLe pr\u00e9fet de police, \n \nVu le code de la s\u00e9curit\u00e9 int\u00e9rieure, notamment ses articles L. 242-1 \u00e0 L. 242-8 et R. 242-8 \u00e0 R. 242-\n14  ; \n \nVu le d\u00e9cret n\u00b0 2004-374 modifi\u00e9 du 29 avril 2004 relatif aux pouvoirs des pr\u00e9fets, \u00e0 \nl'organisation et \u00e0 l'action des services de l'\u00c9tat dans les r\u00e9gions et d\u00e9partements, notamment \nson article 72 ; \n \nVu l'arr\u00eat\u00e9 du 19 avril 2023 relatif au nombre maximal de cam\u00e9ras install\u00e9es sur des a\u00e9ronefs \npouvant \u00eatre simultan\u00e9ment utilis\u00e9es dans chaque d\u00e9partement et collectivit\u00e9 d'outre-mer  ; \n \nVu l'instruction minist\u00e9rielle NOR IOMD2311883J du 30 avril 2023 relative \u00e0 la proc\u00e9dure \nd'autorisation des cam\u00e9ras install\u00e9es sur des a\u00e9ronefs pour des missions de police \nadministrative  ; \n \nVu le d\u00e9cret du 22 octobre 2025 par lequel M. Patrice FAURE, administrateur de l'\u00c9tat du \ntroisi\u00e8me grade, directeur de cabinet du Pr\u00e9sident de la R\u00e9publique, est nomm\u00e9 pr\u00e9fet de \npolice (groupe I), \u00e0 compter du 23 octobre 2025  ; \n \nVu la demande en date du 22 avril 2026 form\u00e9e par la direction de l'ordre public et de la \ncirculation visant \u00e0 obtenir l'autorisation de capter, d'enregistrer et de transmettre des \nimages au moyen de six cam\u00e9ras install\u00e9es sur des a\u00e9ronefs t\u00e9l\u00e9-pilot\u00e9s afin d'assurer la \npr\u00e9vention des atteintes \u00e0 la s\u00e9curit\u00e9 des personnes et des biens, la s\u00e9curit\u00e9 des \nrassemblements et la pr\u00e9vention d'actes de terrorisme \u00e0 Paris le 1 \ner  mai 2026 \u00e0 l'occasion \nd'une manifestation de voie publique d\u00e9clar\u00e9e ; \n \nConsid\u00e9rant que les dispositions du I de l'article L. 242-5 du code de la s\u00e9curit\u00e9 int\u00e9rieure \npermettent aux forces de s\u00e9curit\u00e9 int\u00e9rieure, dans l'exercice de leurs missions de pr\u00e9vention \ndes atteintes \u00e0 l'ordre public et de protection de la s\u00e9curit\u00e9 des personnes et des biens, de \nproc\u00e9der \u00e0 la captation, \u00e0 l'enregistrement et \u00e0 la transmission d'images au moyen de \ncam\u00e9ras install\u00e9es sur des a\u00e9ronefs aux fins d'assurer la pr\u00e9vention des atteintes \u00e0 la s\u00e9curit\u00e9 \ndes personnes et des biens dans des lieux particuli\u00e8rement expos\u00e9s, la s\u00e9curit\u00e9 des \nrassemblements de personnes sur la voie publique ainsi que l'appui des personnels au sol, en \nvue de leur permettre de maintenir ou de r\u00e9tablir l'ordre public lorsque ces rassemblements \nsont susceptibles d'entra\u00eener des troubles graves \u00e0 l'ordre public et la pr\u00e9vention d'actes de \nterrorisme  ; \n \nConsid\u00e9rant qu'une manifestation intersyndicale est pr\u00e9vue le 1 \ner  mai 2026 dans le cadre de la \njourn\u00e9e internationale des travailleurs ; que cette manifestation est susceptible de rassembler \nun nombre tr\u00e8s important de participants  ; que celle-ci s'inscrit dans un contexte politique, \n\u00e9conomique et social marqu\u00e9 \u00e0 la fois par les r\u00e9cents d\u00e9bats sur l'emploi de salari\u00e9s le 1 er  mai \nPr\u00e9fecture de Police - 75-2026-04-28-00006 - Arr\u00eat\u00e9 2026-00481 du 28 avril 2026\nautorisant la captation, l'enregistrement et la transmission d'images au moyen de cam\u00e9ras install\u00e9es sur des a\u00e9ronefs \u00e0 Paris \u00e0\nl'occasion d'une manifestation le vendredi 1er mai 2026\n17\n \n2 \n2026-00481 \nau sein des boulangeries et des fleuristes, la mobilisation contre l'extr\u00eame droite et les \ncons\u00e9quences du conflit en cours au Moyen-Orient qui nourrit des revendications sociales \nque les manifestants entendent porter sur le pav\u00e9 parisien le 1 er  mai ; qu'il est \u00e0 craindre une \nparticipation de mouvances contestataires radicales, susceptibles de s'en prendre \u00e0 des \ncommerces, \u00e0 du mobilier urbain ou au dispositif policier en place ; que cette manifestation \naura une connotation politique tr\u00e8s marqu\u00e9e, notamment par la pr\u00e9sence de figures \npolitiques antagonistes de nature \u00e0 susciter des troubles ; qu'il en a \u00e9t\u00e9 ainsi lors de la \npr\u00e9c\u00e9dente manifestation, le 1 er  mai 2025 \u00e0 Paris, lors de laquelle des \u00e9lus et militants ont \u00e9t\u00e9 \nl'objet d'invectives voire d'agressions, n\u00e9cessitant leur exfiltration ; que les forces de l'ordre \navaient, par ailleurs, \u00e9t\u00e9 l'objet de jets de projectiles ; que cette manifestation formera un \ncort\u00e8ge s'\u00e9tendant sur des axes tr\u00e8s fr\u00e9quent\u00e9s, entre la Place de la R\u00e9publique et la Place de \nla Nation ; qu'ainsi, et face \u00e0 la crainte de la survenance de troubles \u00e0 l'ordre public du m\u00eame \nordre lors de cette manifestation, le recours ponctuel aux cam\u00e9ras a\u00e9roport\u00e9es permet \nd'appuyer l'action et le d\u00e9ploiement des effectifs de police sur le terrain \u00e0 l'occasion \nd'\u00e9ventuelles op\u00e9rations de s\u00e9curisation en cas de troubles \u00e0 l'ordre public et d'adapter le \ndispositif de s\u00e9curit\u00e9 le cas \u00e9ch\u00e9ant, pour pr\u00e9venir ou faire cesser ces troubles  ; \n \nConsid\u00e9rant les attentats et tentatives d'attentats qui traduisent le niveau \u00e9lev\u00e9 de la menace \nterroriste actuelle en France dans le cadre du plan VIGIPIRATE \u00ab  urgence attentat \u00bb en vigueur \nsur l'ensemble du territoire national depuis le 24 mars 2024  ; \n \nConsid\u00e9rant que le recours ponctuel aux cam\u00e9ras a\u00e9roport\u00e9es permet de disposer d'une \nvision en grand angle tout en limitant l'engagement des forces au sol afin d'\u00e9viter les menaces \npour leur int\u00e9grit\u00e9 physique, d'anticiper les vell\u00e9it\u00e9s d'actions violentes group\u00e9es pouvant les \nviser et, le cas \n \u00e9ch\u00e9ant, d'organiser de mani\u00e8re r\u00e9active et efficace leur d\u00e9ploiement \nop\u00e9rationnel, notamment en cas de mouvement de foule ou d'actions violentes de groupes \nd'individus ; qu'il n'existe pas de dispositif moins intrusif permettant de parvenir aux m\u00eames \nfins ; \n \nConsid\u00e9rant que la demande de la direction de l'ordre public et de la circulation porte sur \nl'engagement de six cam\u00e9ras a\u00e9roport\u00e9es qui pourront \u00eatre en vol en vue de capter, \nd'enregistrer et de transmettre des images  ; que les aires survol\u00e9es sont limit\u00e9es au cort\u00e8ge \npr\u00e9vu pour la manifestation du 1 \ner  mai et \u00e0 ses secteurs adjacents o\u00f9 des troubles \u00e0 l'ordre \npublic sont susceptibles de se produire  ; que la dur\u00e9e de l'autorisation demand\u00e9e n'appara\u00eet \npas disproportionn\u00e9e au regard des finalit\u00e9s poursuivies de pr\u00e9vention des atteintes \u00e0 la \ns\u00e9curit\u00e9 des personnes et des biens, la s\u00e9curit\u00e9 des rassemblements et la pr\u00e9vention d'actes \nde terrorisme ; \n \nSur proposition de la direction de l'ordre public et de la circulation, \n \n \nARRETE  : \n \n \nArticle 1 \ner  \u2013 La captation, l'enregistrement et la transmission d'images par la direction de \nl'ordre public et de la circulation sont autoris\u00e9s \u00e0 Paris \u00e0 l'occasion la manifestation susvis\u00e9e le \nvendredi 1 er  mai 2026 au titre de  : \n- la pr\u00e9vention des atteintes \u00e0 la s\u00e9curit\u00e9 des personnes et des biens,  \n- la s\u00e9curit\u00e9 des rassemblements, \n- la pr\u00e9vention d'actes de terrorisme. \n \nPr\u00e9fecture de Police - 75-2026-04-28-00006 - Arr\u00eat\u00e9 2026-00481 du 28 avril 2026\nautorisant la captation, l'enregistrement et la transmission d'images au moyen de cam\u00e9ras install\u00e9es sur des a\u00e9ronefs \u00e0 Paris \u00e0\nl'occasion d'une manifestation le vendredi 1er mai 2026\n18\n \n3 \n2026-00481 \nArticle 2  \u2013 Le nombre maximal de cam\u00e9ras pouvant proc\u00e9der simu ltan\u00e9ment \u00e0 des \nenregistrements est fix\u00e9 \u00e0 six cam\u00e9ras embarqu\u00e9es sur des a\u00e9ronefs t\u00e9l\u00e9-pilot\u00e9s. \n \nArticle 3  \u2013 La pr\u00e9sente autorisation s'applique \u00e0 Paris, conform\u00e9ment au p\u00e9rim\u00e8tre \ng\u00e9ographique figurant sur le plan en annexe au pr\u00e9sent arr\u00eat\u00e9. \n \nArticle 4  \u2013 La pr\u00e9sente autorisation est d\u00e9livr\u00e9e le vendredi 1 \ner  mai 2026, de 12h00 \u00e0 21h00, \npour la mise en \u0153uvre des finalit\u00e9s pr\u00e9cit\u00e9es. \n \nArticle 5  \u2013 L'information du public est assur\u00e9e par la publication de l'arr\u00eat\u00e9 au recueil des \nactes administratifs du d\u00e9partement de Paris, sa mise en ligne sur le site internet de la \npr\u00e9fecture de police ainsi que par une information sur les r\u00e9seaux sociaux  ; \n \nArticle 6  \u2013 Le registre mentionn\u00e9 \u00e0 l'article L. 242-4 du code de la s\u00e9curit\u00e9 int\u00e9rieure est \ntransmis au pr\u00e9fet de police, \u00e0 l'issue de la p\u00e9riode d'autorisation. \n \nArticle 7 \u2013 Le pr\u00e9fet, directeur du cabinet du pr\u00e9fet de police et le directeur de l'ordre public \net de la circulation sont charg\u00e9s, chacun en ce qui le concerne, de l'ex\u00e9cution du pr\u00e9sent \narr\u00eat\u00e9 qui entrera en vigueur \u00e0 compter de son affichage aux portes de la pr\u00e9fecture de \npolice, consultable sur le site internet de la pr\u00e9f ecture de police \n(\nhttps://www.prefecturedepolice.interieur.gouv.fr ) et sera publi\u00e9 aux recueils des actes \nadministratifs du d\u00e9partement de Paris. \n \nFait \u00e0 Paris, le 28 avril 2026  \n \nPour le pr\u00e9fet de police  \nLe pr\u00e9fet, directeur du cabinet \nBaptiste ROLLAND \n \nPr\u00e9fecture de Police - 75-2026-04-28-00006 - Arr\u00eat\u00e9 2026-00481 du 28 avril 2026\nautorisant la captation, l'enregistrement et la transmission d'images au moyen de cam\u00e9ras install\u00e9es sur des a\u00e9ronefs \u00e0 Paris \u00e0\nl'occasion d'une manifestation le vendredi 1er mai 2026\n19\n \n4 \n2026-00481 \n \nAnnexe de l'arr\u00eat\u00e9 n\u00b0 2026-00481 du 28 avril 2026  \n \n \n \nVOIES ET D\u00c9LAIS DE RECOURS \n \n_______________________  \n \n \n \nSi vous estimez devoir contester la pr\u00e9sente autorisation, il vous est possible, dans un d\u00e9lai de \ndeux mois \u00e0 compter de la date de son affichage ou de sa publication  :\n \n \n \n- soit de saisir d'un RECOURS GRACIEUX \n \nle Pr\u00e9fet de Police  \n7/9, boulevard du Palais - 75195 PARIS RP  \n \n- ou de former un RECOURS HI\u00c9RARCHIQUE \n \n  aupr\u00e8s du Ministre de l'int\u00e9rieur et des outre-mer  \n  Direction des libert\u00e9s publiques et des affaires juridiques  \n  place Beauvau - 75008 PARIS  \n \n- soit de saisir d'un RECOURS CONTENTIEUX \n \nle Tribunal administratif comp\u00e9tent  \n \n \nAucune de ces voies et recours ne suspend l'application de la pr\u00e9sente d\u00e9cision.\n \n \nLes recours GRACIEUX et HI\u00c9RARCHIQUE doivent \u00eatre \u00e9crits, exposer les arguments ou faits \nnouveaux et comprendre la copie de la d\u00e9cision contest\u00e9e.\n \n \nLe recours contentieux, qui vise \u00e0 contester la L\u00c9GALIT\u00c9 de la pr\u00e9sente d\u00e9cision, doit \u00e9galement \n\u00eatre \u00e9crit et exposer votre argumentation juridique.\n \n \nSi vous n'aviez pas de r\u00e9ponse \u00e0 votre recours GRACIEUX ou HI\u00c9RARCHIQUE dans un d\u00e9lai de \ndeux mois \u00e0 compter de la r\u00e9ception de votre recours par l'administration, votre demande devra \n\u00eatre consid\u00e9r\u00e9e comme rejet\u00e9e (d\u00e9cision implicite de rejet).\n \n \nEn cas de rejet des RECOURS GRACIEUX ou HI\u00c9RARCHIQUE, le Tribunal administratif peut \u00eatre \nsaisi d'un recours contentieux dans le d\u00e9lai de deux mois \u00e0 compter de la date de la d\u00e9cision de \nrejet. \n \n \n \n \n \n \n \n \nPr\u00e9fecture de Police - 75-2026-04-28-00006 - Arr\u00eat\u00e9 2026-00481 du 28 avril 2026\nautorisant la captation, l'enregistrement et la transmission d'images au moyen de cam\u00e9ras install\u00e9es sur des a\u00e9ronefs \u00e0 Paris \u00e0\nl'occasion d'une manifestation le vendredi 1er mai 2026\n20\n \n5 \n2026-00481 \n \n \nPr\u00e9fecture de Police - 75-2026-04-28-00006 - Arr\u00eat\u00e9 2026-00481 du 28 avril 2026\nautorisant la captation, l'enregistrement et la transmission d'images au moyen de cam\u00e9ras install\u00e9es sur des a\u00e9ronefs \u00e0 Paris \u00e0\nl'occasion d'une manifestation le vendredi 1er mai 2026\n21\nPr\u00e9fecture de Police\n75-2026-04-28-00002\nArr\u00eat\u00e9 n\u00b0 2026 - 00482 modifiant provisoirement\nla circulation place de la R\u00e9publique \u00e0 Paris\n10\u00e8me le 9 mai 2026\nPr\u00e9fecture de Police - 75-2026-04-28-00002 - Arr\u00eat\u00e9 n\u00b0 2026 - 00482 modifiant provisoirement la circulation place de la R\u00e9publique \u00e0\nParis 10\u00e8me le 9 mai 2026 22\nPREFECTUREDE POLICELibert\u00e9Egalit\u00e9Fraternit\u00e9\na\nCABINET DU PREFET\nParis, le 28 avril 2026\nARRETE N\u00b0 2026 - 00482\nmodifiant provisoirement la circulation \nplace de la R\u00e9publique \u00e0 Paris 10\u00e8me \nle 9 mai 2026\nLE PREFET DE POLICE\nVu le code g\u00e9n\u00e9ral des collectivit\u00e9s territoriales, notamment ses articles L.2512-13  \net L.2512-14 ;\nVu  le  code  de  la  route,  notamment  ses  articles  L.325-1  \u00e0  L.325-3,  R.411-8  et\nR.411-25 ;\nVu l'avis de la Ville de Paris en date du 21 avril 2026 ;\nConsid\u00e9rant l'organisation de l'\u00e9v\u00e8nement \u00ab  Journ\u00e9e de l'Europe  \u00bb, place de la R\u00e9 -\npublique, le 9 mai 2026 ;\nConsid\u00e9rant que pour garantir le bon d\u00e9roulement de cet \u00e9v\u00e8nement ainsi que la  \ns\u00e9curit\u00e9 des biens et des personnes y participant, il convient de modifier les r\u00e8gles de cir -\nculation \u00e0 Paris 10\u00e8me, le 9 mai 2026 ;\nSur proposition  du pr\u00e9fet, directeur de cabinet ;\nA R R E T E \nArticle 1  er  \nLa circulation de tout v\u00e9hicule \u00e0 moteur est interdite place de la R\u00e9publique entre  \nla rue L\u00e9on Jouhaux et la rue du Faubourg du Temple \u00a0\u00e0 Paris 10\u00e8me, le 9 mai 2026 de 18h30 \n\u00e0 23h30.\nArticle 2\nSans  pr\u00e9judice  des  sanctions  p\u00e9nales  auxquelles  s'exposent  les  personnes  en  \ninfraction avec les dispositions du pr\u00e9sent arr\u00eat\u00e9, les v\u00e9hicules ayant servi \u00e0 commettre  \nces infractions peuvent \u00eatre immobilis\u00e9s et mis en fourri\u00e8re dans les conditions pr\u00e9vues  \naux articles L.325-1 \u00e0 L.325-3 du code de la route.\nPr\u00e9fecture de Police - 75-2026-04-28-00002 - Arr\u00eat\u00e9 n\u00b0 2026 - 00482 modifiant provisoirement la circulation place de la R\u00e9publique \u00e0\nParis 10\u00e8me le 9 mai 2026 23\nArticle 3\nLes dispositions du pr\u00e9sent arr\u00eat\u00e9 ne sont pas applicables aux v\u00e9hicules d'int\u00e9r\u00eat  \ng\u00e9n\u00e9ral prioritaires au sens des dispositions de l'article R.311-1 6.5 du code de la route ,\u00a0\nainsi qu'aux v\u00e9hicules de la Caserne Verines.\nArticle 4\nLe directeur de l'ordre public et de la circulation, le directeur de la s\u00e9curit\u00e9 de  \nproximit\u00e9 de l'agglom\u00e9ration parisienne de la Pr\u00e9fecture de Police, le directeur de la  \nvoirie et des d\u00e9placements et le directeur de la police municipale et de la pr\u00e9vention de  \nla Ville de Paris sont charg\u00e9s, chacun en ce qui le concerne, de l'ex\u00e9cution du pr\u00e9sent  \narr\u00eat\u00e9 qui entrera en vigueur \u00e0 compter de son affichage aux portes de la pr\u00e9fecture de  \npolice  (1  rue  de  Lut\u00e8ce).  Il  sera  \u00e9galement  affich\u00e9  aux  portes  de  la  mairie  et  du  \ncommissariat  des  arrondissements  concern\u00e9s  et  sera  publi\u00e9  au  recueil  des  actes  \nadministratifs de la pr\u00e9fecture de la r\u00e9gion d'\u00cele-de-France, pr\u00e9fecture de Paris et de la  \npr\u00e9fecture  de  police  et  sur  le  site  internet  de  la  pr\u00e9fecture  de  police  de  Paris  : \nwww.prefecturedepolice.interieur.gouv.fr. \nPour le Pr\u00e9fet de Police,\nLe Sous-Pr\u00e9fet, \nDirecteur Adjoint du Cabinet\nSign\u00e9\nCharles BARBIER\nPr\u00e9fecture de Police - 75-2026-04-28-00002 - Arr\u00eat\u00e9 n\u00b0 2026 - 00482 modifiant provisoirement la circulation place de la R\u00e9publique \u00e0\nParis 10\u00e8me le 9 mai 2026 24\n\u00a0\nANNEXE A L'ARRETE N\u00b0 2026 \u2013 00482 du 28 avril 2026 \nVOIES ET DELAIS DE RECOURS\n_______________________\nSi vous estimez devoir contester la pr\u00e9sente d\u00e9cision, il vous est possible, dans un d\u00e9lai  \nde deux mois \u00e0 compter de la date de son affichage\u00a0:\n- soit de saisir d'un RECOURS GRACIEUX\nle Pr\u00e9fet de Police\n7/9, boulevard du Palais - 75195 PARIS RP\n- ou de former un RECOURS HIERARCHIQUE\n  aupr\u00e8s du Ministre de l'int\u00e9rieur et des outre-mer\n  Direction des libert\u00e9s publiques et des affaires juridiques\n  place Beauvau - 75008 PARIS\n- soit de saisir d'un RECOURS CONTENTIEUX\nle Tribunal administratif comp\u00e9tent\nAucune de ces voies et recours ne suspend l'application de la pr\u00e9sente d\u00e9cision.\nLes recours GRACIEUX et HIERARCHIQUE doivent \u00eatre \u00e9crits, exposer les arguments ou  \nfaits nouveaux et comprendre la copie de la d\u00e9cision contest\u00e9e.\nLe recours contentieux, qui vise \u00e0 contester la LEGALITE de la pr\u00e9sente d\u00e9cision, doit  \n\u00e9galement \u00eatre \u00e9crit et exposer votre argumentation juridique.\nSi vous n'aviez pas de r\u00e9ponse \u00e0 votre recours GRACIEUX ou HIERARCHIQUE dans un  \nd\u00e9lai de deux mois \u00e0 compter de la r\u00e9ception de votre recours par l'administration, votre  \ndemande devra \u00eatre consid\u00e9r\u00e9e comme rejet\u00e9e (d\u00e9cision implicite de rejet).\nEn cas de rejet des RECOURS GRACIEUX ou HIERARCHIQUE, le Tribunal administratif  \npeut \u00eatre saisi d'un recours contentieux dans le d\u00e9lai de deux mois \u00e0 compter de la date  \nde la d\u00e9cision de rejet.\nPr\u00e9fecture de Police - 75-2026-04-28-00002 - Arr\u00eat\u00e9 n\u00b0 2026 - 00482 modifiant provisoirement la circulation place de la R\u00e9publique \u00e0\nParis 10\u00e8me le 9 mai 2026 25\nPr\u00e9fecture de Police\n75-2026-04-28-00003\nArr\u00eat\u00e9 n\u00b02026-00478 autorisant la captation,\nl'enregistrement et la transmission d'images au\nmoyen de cam\u00e9ras install\u00e9es sur des a\u00e9ronefs en\nSeine-Saint-Denis (93) le 29 avril 2026\nPr\u00e9fecture de Police - 75-2026-04-28-00003 - Arr\u00eat\u00e9 n\u00b02026-00478 autorisant la captation, l'enregistrement et la transmission d'images\nau moyen de cam\u00e9ras install\u00e9es sur des a\u00e9ronefs en Seine-Saint-Denis (93) le 29 avril 2026 26\nPREFECTUREDE POLICELibert\u00e9Egalit\u00e9Fraternit\u00e9\nAtUGi\n \nCABINET DU PREFET \n \n \n    \n   \nArr\u00eat\u00e9 n\u00b02026-00478  \nautorisant la captation, l'enregistrement et la transmission d'images au moyen de cam\u00e9ras \ninstall\u00e9es sur des a\u00e9ronefs en Seine-Saint-Denis (93) le 29 avril 2026 \n \n \n \nLe pr\u00e9fet de police,  \n \nVu le code de la s\u00e9curit\u00e9 int\u00e9rieure, notamment ses articles L. 242-1 \u00e0 L. 242-8 et R. 242-8 \u00e0 \nR. 242-15 ; \n \nVu le d\u00e9cret n\u00b0 2004-374 modifi\u00e9 du 29 avril 2004 r elatif aux pouvoirs des pr\u00e9fets, \u00e0 \nl'organisation et \u00e0 l'action des services de l'\u00c9tat  dans les r\u00e9gions et d\u00e9partements, \nnotamment son article 73 ; \n \nVu l'arr\u00eat\u00e9 du 19 avril 2023 relatif au nombre maximal de cam\u00e9ras install\u00e9es sur des a\u00e9ronefs \npouvant \u00eatre simultan\u00e9ment utilis\u00e9es dans chaque d\u00e9 partement et collectivit\u00e9 d'outre-\nmer ; \n \nVu l'instruction minist\u00e9rielle NOR IOMD2311883J du 30 avril 2023 relative \u00e0 la proc\u00e9dure \nd'autorisation des cam\u00e9ras install\u00e9es sur des a\u00e9ron efs pour des missions de police \nadministrative ; \n \nVu le d\u00e9cret du 22 octobre 2025 par lequel M. Patri ce FAURE, administrateur de l'\u00c9tat du \ntroisi\u00e8me grade, directeur de cabinet du Pr\u00e9sident de la R\u00e9publique, est nomm\u00e9 pr\u00e9fet de \npolice (groupe I), \u00e0 compter du 23 octobre 2025 ; \n \nVu la demande en date du 27 avril 2026 form\u00e9e par l a direction territoriale de la s\u00e9curit\u00e9 \nde proximit\u00e9 de la Seine-Saint-Denis visant \u00e0 obtenir l'autorisation de capter, d'enregistrer \net de transmettre des images au moyen de deux cam\u00e9r as install\u00e9es sur des a\u00e9ronefs t\u00e9l\u00e9-\npilot\u00e9s afin d'assurer la pr\u00e9vention des atteintes \u00e0 la s\u00e9curit\u00e9 des personnes et des biens \u00e0 \nAulnay-sous-Bois (93) le 29 avril 2026 ; \n \nConsid\u00e9rant que les dispositions du I de l'article L. 242-5 du code de la s\u00e9curit\u00e9 int\u00e9rieure \npermettent aux forces de s\u00e9curit\u00e9 int\u00e9rieure, dans l'exercice de leurs missions de \npr\u00e9vention des atteintes \u00e0 l'ordre public et de pro tection de la s\u00e9curit\u00e9 des personnes et \ndes biens, de proc\u00e9der \u00e0 la captation, \u00e0 l'enregist rement et \u00e0 la transmission d'images au \nmoyen de cam\u00e9ras install\u00e9es sur des a\u00e9ronefs aux fins d'assurer la pr\u00e9vention des atteintes \n\u00e0 la s\u00e9curit\u00e9 des personnes et des biens dans des lieux particuli\u00e8rement expos\u00e9s ; \n \nConsid\u00e9rant que le secteur de la cit\u00e9 du Gros Saule  situ\u00e9 sur la commune d'Aulnay-sous-\nBois (93) est sujet \u00e0 la persistance d'un trafic de  stup\u00e9fiants nuisant \u00e0 la s\u00e9curit\u00e9 et \u00e0 la \ntranquillit\u00e9 des habitants et \u00e0 des \u00e9pisodes de vio lences urbaines ayant g\u00e9n\u00e9r\u00e9 de graves \ntroubles \u00e0 l'ordre public et entra\u00eenant \u00e9galement d es nuisances importantes au quotidien \npour les habitants de la cit\u00e9 ; que les forces de l'ordre sont fr\u00e9quemment prises \u00e0 partie et \ncibl\u00e9es par des projectiles ; que le 28 mars 2026, un regroupement d'individus hostiles aux \npoliciers a \u00e9t\u00e9 constat\u00e9 et s'est suivi de l'agression d'un policier de la Brigade Territoriale de \nPr\u00e9fecture de Police - 75-2026-04-28-00003 - Arr\u00eat\u00e9 n\u00b02026-00478 autorisant la captation, l'enregistrement et la transmission d'images\nau moyen de cam\u00e9ras install\u00e9es sur des a\u00e9ronefs en Seine-Saint-Denis (93) le 29 avril 2026 27\n \n 2026-00478   2 \nContact (BTC) ; que sur la cit\u00e9 du Gros Saule, zone  enclav\u00e9e sans voie de circulation \npublique \u00e0 proximit\u00e9, le recours ponctuel aux cam\u00e9r as a\u00e9roport\u00e9es permet d'appuyer \nl'action et le d\u00e9ploiement des effectifs de police sur le terrain \u00e0 l'occasion des op\u00e9rations \nde s\u00e9curisation et d'adapter le dispositif de s\u00e9cur it\u00e9 le cas \u00e9ch\u00e9ant, pour pr\u00e9venir ou faire \ncesser les troubles \u00e0 l'ordre public ; \n \nConsid\u00e9rant que le recours \u00e0 des cam\u00e9ras a\u00e9roport\u00e9es permet de disposer d'une vision en \ngrand angle sur le secteur concern\u00e9 et ses alentour s, tout en limitant l'engagement des \nforces au sol afin d'\u00e9viter les menaces pour leur int\u00e9grit\u00e9 physique, d'anticiper les vell\u00e9it\u00e9s \nd'actions violentes group\u00e9es pouvant les viser, de pallier les insuffisances constat\u00e9es de la \nsurveillance terrestre et, le cas \u00e9ch\u00e9ant, d'organi ser de mani\u00e8re r\u00e9active et efficace leur \nd\u00e9ploiement op\u00e9rationnel ; qu'il n'existe pas de di spositif moins intrusif permettant de \nparvenir aux m\u00eames fins ; \n \nConsid\u00e9rant que la demande pr\u00e9cit\u00e9e porte sur l'engagement de deux cam\u00e9ras a\u00e9roport\u00e9es \nqui pourront \u00eatre en vol simultan\u00e9ment en vue de ca pter, d'enregistrer et de transmettre \ndes images ; que les aires survol\u00e9es sont stricteme nt limit\u00e9es aux zones o\u00f9 des troubles \u00e0 \nl'ordre public sont susceptibles de se produire ; q ue la dur\u00e9e de l'autorisation demand\u00e9e \nn'appara\u00eet pas disproportionn\u00e9e au regard de la finalit\u00e9 poursuivie ; \n \nSur proposition de la direction territoriale de la s\u00e9curit\u00e9 de proximit\u00e9 de la Seine-Saint-\nDenis,  \n \n \nARRETE : \n \nArticle 1 \ner  \u2013 La captation, l'enregistrement et la transmission d'images par la direction de \nl'ordre public et de la circulation sont autoris\u00e9s en Seine-Saint-Denis (93), sur la commune \nd'Aulnay-sous-Bois, au titre de la pr\u00e9vention des atteintes \u00e0 la s\u00e9curit\u00e9 des personnes et des \nbiens. \n \nArticle 2  \u2013 Le nombre maximal de cam\u00e9ras pouvant proc\u00e9der simu ltan\u00e9ment \u00e0 des \nenregistrements est fix\u00e9 \u00e0 deux cam\u00e9ras embarqu\u00e9es sur des a\u00e9ronefs t\u00e9l\u00e9-pilot\u00e9s.  \n \nArticle 3  \n\u2013 La pr\u00e9sente autorisation s'applique au p\u00e9rim\u00e8tre g \u00e9ographique figurant sur le \nplan en annexe au pr\u00e9sent arr\u00eat\u00e9.  \n \nArticle 4  \u2013 La pr\u00e9sente autorisation est d\u00e9livr\u00e9e pour le mercr edi 29 avril 2026 de 15h00 \u00e0 \n20h00 pour la mise en \u0153uvre de la finalit\u00e9 pr\u00e9cit\u00e9e.  \n \nArticle 5  \u2013 Le registre mentionn\u00e9 \u00e0 l'article L. 242-4 du code  de la s\u00e9curit\u00e9 int\u00e9rieure est \ntransmis au pr\u00e9fet de police, \u00e0 l'issue de la p\u00e9riode d'autorisation.  \n \nArticle 6 \u2013 Le pr\u00e9fet de la Seine-Saint-Denis, le pr\u00e9fet, direc teur du cabinet du pr\u00e9fet de \npolice, le directeur de l'ordre public et de la cir culation et le directeur de la s\u00e9curit\u00e9 de \nproximit\u00e9 de l'agglom\u00e9ration parisienne sont charg\u00e9 s, chacun en ce qui le concerne, de \nl'ex\u00e9cution du pr\u00e9sent arr\u00eat\u00e9, qui entrera en vigueur \u00e0 compter de son affichage aux portes \nde la pr\u00e9fecture de police et sera publi\u00e9 au recueil des actes administratifs du d\u00e9partement \nde Paris et de la Seine-Saint-Denis.  \n \nFait \u00e0 Paris, le 28 avril 2026  \n \nPour le pr\u00e9fet de police \nPr\u00e9fecture de Police - 75-2026-04-28-00003 - Arr\u00eat\u00e9 n\u00b02026-00478 autorisant la captation, l'enregistrement et la transmission d'images\nau moyen de cam\u00e9ras install\u00e9es sur des a\u00e9ronefs en Seine-Saint-Denis (93) le 29 avril 2026 28\n \n 2026-00478   3 \nSign\u00e9 \nLe pr\u00e9fet, directeur du cabinet \nBaptiste ROLLAND \n \n  \nPr\u00e9fecture de Police - 75-2026-04-28-00003 - Arr\u00eat\u00e9 n\u00b02026-00478 autorisant la captation, l'enregistrement et la transmission d'images\nau moyen de cam\u00e9ras install\u00e9es sur des a\u00e9ronefs en Seine-Saint-Denis (93) le 29 avril 2026 29\n \n 2026-00478   4 \nAnnexe de l'arr\u00eat\u00e9 n\u00b02026-00478 du 28 avril 2026  \n \n \nVOIES ET D\u00c9LAIS DE RECOURS  \n_______________________  \n \n \n \nSi vous estimez devoir contester la pr\u00e9sente autorisation, il vous est possible, dans un d\u00e9lai \nde deux mois \u00e0 compter de la date de son affichage ou de sa publication  : \n \n \n- soit de saisir d'un RECOURS GRACIEUX  \nle Pr\u00e9fet de Police  \n7/9, boulevard du Palais - 75195 PARIS RP  \n \n- ou de former un RECOURS HI\u00c9RARCHIQUE  \n  aupr\u00e8s du Ministre de l'int\u00e9rieur  \n  Direction des libert\u00e9s publiques et des affaires juridiques  \n  place Beauvau - 75008 PARIS  \n \n- soit de saisir d'un RECOURS CONTENTIEUX  \nle Tribunal administratif comp\u00e9tent  \n \n \nAucune de ces voies et recours ne suspend l'application de la pr\u00e9sente d\u00e9cision.  \n \nLes recours GRACIEUX et HI\u00c9RARCHIQUE doivent \u00eatre \u00e9 crits, exposer les arguments ou \nfaits nouveaux et comprendre la copie de la d\u00e9cision contest\u00e9e.  \n \nLe recours contentieux, qui vise \u00e0 contester la L\u00c9G ALIT\u00c9 de la pr\u00e9sente d\u00e9cision, doit \n\u00e9galement \u00eatre \u00e9crit et exposer votre argumentation juridique.  \n \nSi vous n'aviez pas de r\u00e9ponse \u00e0 votre recours GRACIEUX ou HI\u00c9RARCHIQUE dans un d\u00e9lai \nde deux mois \u00e0 compter de la r\u00e9ception de votre rec ours par l'administration, votre \ndemande devra \u00eatre consid\u00e9r\u00e9e comme rejet\u00e9e (d\u00e9cision implicite de rejet).  \n \nEn cas de rejet des RECOURS GRACIEUX ou HI\u00c9RARCHIQUE, le Tribunal administratif peut \n\u00eatre saisi d'un recours contentieux dans le d\u00e9lai d e deux mois \u00e0 compter de la date de la \nd\u00e9cision de rejet.  \n \n \n \n \n \n \n \n \n \n \n \nPr\u00e9fecture de Police - 75-2026-04-28-00003 - Arr\u00eat\u00e9 n\u00b02026-00478 autorisant la captation, l'enregistrement et la transmission d'images\nau moyen de cam\u00e9ras install\u00e9es sur des a\u00e9ronefs en Seine-Saint-Denis (93) le 29 avril 2026 30\n+\n \n 2026-00478   5 \n \nPr\u00e9fecture de Police - 75-2026-04-28-00003 - Arr\u00eat\u00e9 n\u00b02026-00478 autorisant la captation, l'enregistrement et la transmission d'images\nau moyen de cam\u00e9ras install\u00e9es sur des a\u00e9ronefs en Seine-Saint-Denis (93) le 29 avril 2026 31\nPr\u00e9fecture de Police\n75-2026-04-28-00004\nArr\u00eat\u00e9 n\u00b02026-00479 autorisant la captation,\nl'enregistrement et la transmission d'images au\nmoyen de cam\u00e9ras install\u00e9es sur des a\u00e9ronefs en\nSeine-Saint-Denis (93) le 29 avril 2026\nPr\u00e9fecture de Police - 75-2026-04-28-00004 - Arr\u00eat\u00e9 n\u00b02026-00479 autorisant la captation, l'enregistrement et la transmission d'images\nau moyen de cam\u00e9ras install\u00e9es sur des a\u00e9ronefs en Seine-Saint-Denis (93) le 29 avril 2026 32\nPREFECTUREDE POLICELibert\u00e9Egalit\u00e9Fraternit\u00e9\nAtUGi\n \nCABINET DU PREFET \n \n \n \n    \nArr\u00eat\u00e9 n\u00b02026-00479  \nautorisant la captation, l'enregistrement et la transmission d'images au moyen de cam\u00e9ras \ninstall\u00e9es sur des a\u00e9ronefs en Seine-Saint-Denis (93) le 29 avril 2026 \n \n \n \nLe pr\u00e9fet de police,  \n \nVu le code de la s\u00e9curit\u00e9 int\u00e9rieure, notamment ses articles L. 242-1 \u00e0 L.  242-8 et R.  242-8 \u00e0 \nR. 242-15 ; \n \nVu le d\u00e9cret n\u00b0 2004-374 modifi\u00e9 du 29 avril 2004 r elatif aux pouvoirs des pr\u00e9fets, \u00e0 \nl'organisation et \u00e0 l'action des services de l'\u00c9tat  dans les r\u00e9gions et d\u00e9partements, \nnotamment son article 73 ; \n \nVu l'arr\u00eat\u00e9 du 19 avril 2023 relatif au nombre maximal de cam\u00e9ras install\u00e9es sur des a\u00e9ronefs \npouvant \u00eatre simultan\u00e9ment utilis\u00e9es dans chaque d\u00e9 partement et collectivit\u00e9 d'outre-\nmer  ; \n \nVu l'instruction minist\u00e9rielle NOR IOMD2311883J du 30 avril 2023 relative \u00e0 la proc\u00e9dure \nd'autorisation des cam\u00e9ras install\u00e9es sur des a\u00e9ronefs pour des missions de police adminis- \ntrative  ; \n \nVu le d\u00e9cret du 22 octobre 2025 par lequel M. Patri ce FAURE, administrateur de l'\u00c9tat du \ntroisi\u00e8me grade, directeur de cabinet du Pr\u00e9sident de la R\u00e9publique, est nomm\u00e9 pr\u00e9fet de \npolice (groupe I), \u00e0 compter du 23 octobre 2025 ; \n \nVu la demande en date du 15 avril 2026 form\u00e9e par l a direction de l'ordre public et de la \ncirculation visant \u00e0 obtenir l'autorisation de capt er, d'enregistrer et de transmettre des \nimages au moyen de deux cam\u00e9ras install\u00e9es sur des a\u00e9ronefs t\u00e9l\u00e9-pilot\u00e9s afin d'assurer la \npr\u00e9vention des atteintes \u00e0 la s\u00e9curit\u00e9 des personnes et des biens \u00e0 Bagnolet (93) le 29 avril \n2026  ; \n \nConsid\u00e9rant que les dispositions du I de l'article L. 242-5 du code de la s\u00e9curit\u00e9 int\u00e9rieure \npermettent aux forces de s\u00e9curit\u00e9 int\u00e9rieure, dans l'exercice de leurs missions de \npr\u00e9vention des atteintes \u00e0 l'ordre public et de pro tection de la s\u00e9curit\u00e9 des personnes et \ndes biens, de proc\u00e9der \u00e0 la captation, \u00e0 l'enregist rement et \u00e0 la transmission d'images au \nmoyen de cam\u00e9ras install\u00e9es sur des a\u00e9ronefs aux fins d'assurer la pr\u00e9vention des atteintes \n\u00e0 la s\u00e9curit\u00e9 des personnes et des biens dans des lieux particuli\u00e8rement expos\u00e9s ; \n \nConsid\u00e9rant qu'une op\u00e9ration de s\u00e9curisation est pr\u00e9vue le 29 avril 2026 dans le secteur de \nla mairie de Bagnolet (93), sujet \u00e0 la persistance d'un trafic de stup\u00e9fiants nuisant \u00e0 la \ns\u00e9curit\u00e9 et \u00e0 la tranquillit\u00e9 des habitants  ; que ce secteur, en plein centre-ville et au \ncarrefour de nombreuses voies de circulation, compo rte un important flux de population \ndont la s\u00e9curit\u00e9 a \u00e9t\u00e9 compromise par la pr\u00e9sence de plusieurs vendeurs install\u00e9s sur cette \nPr\u00e9fecture de Police - 75-2026-04-28-00004 - Arr\u00eat\u00e9 n\u00b02026-00479 autorisant la captation, l'enregistrement et la transmission d'images\nau moyen de cam\u00e9ras install\u00e9es sur des a\u00e9ronefs en Seine-Saint-Denis (93) le 29 avril 2026 33\n \n   2 \n2026-00479 \nzone ; qu'il est \u00e9tabli que des vendeurs se sont co nfront\u00e9s avec des groupes rivaux ; qu'il \nconvient d'assurer la pr\u00e9vention des atteintes \u00e0 la  s\u00e9curit\u00e9 des riverains, des forces de \ns\u00e9curit\u00e9 int\u00e9rieure intervenant dans ce secteur et des biens ; \n \nConsid\u00e9rant que le recours \u00e0 des cam\u00e9ras a\u00e9roport\u00e9es permet de disposer d'une vision en \ngrand angle sur le secteur concern\u00e9 et ses alentour s, tout en limitant l'engagement des \nforces au sol afin d'\u00e9viter les menaces pour leur int\u00e9grit\u00e9 physique, d'anticiper les vell\u00e9it\u00e9s \nd'actions violentes group\u00e9es pouvant les viser, de pallier les insuffisances constat\u00e9es de la \nsurveillance terrestre et, le cas \u00e9ch\u00e9ant, d'organi ser de mani\u00e8re r\u00e9active et efficace leur \nd\u00e9ploiement op\u00e9rationnel ; qu'il n'existe pas de di spositif moins intrusif permettant de \nparvenir aux m\u00eames fins  ; \n \nConsid\u00e9rant que la demande pr\u00e9cit\u00e9e porte sur l'engagement de deux cam\u00e9ras a\u00e9roport\u00e9es \nqui pourront \u00eatre en vol simultan\u00e9ment en vue de ca pter, d'enregistrer et de transmettre \ndes images  ; que les aires survol\u00e9es sont strictement limit\u00e9es  aux zones o\u00f9 des troubles \u00e0 \nl'ordre public sont susceptibles de se produire  ; que la dur\u00e9e de l'autorisation demand\u00e9e \nn'appara\u00eet pas disproportionn\u00e9e au regard de la finalit\u00e9 poursuivie  ; \n \nSur proposition de la direction de l'ordre public et de la circulation,  \n \nARRETE  : \n \nArticle 1 \ner  \u2013 La captation, l'enregistrement et la transmission d'images par la direction de \nl'ordre public et de la circulation sont autoris\u00e9s en Seine-Saint-Denis (93), sur la commune \nde Bagnolet, au titre de  la pr\u00e9vention des atteintes \u00e0 la s\u00e9curit\u00e9 des personnes et des biens . \n \nArticle 2  \u2013 Le nombre maximal de cam\u00e9ras pouvant proc\u00e9der simu ltan\u00e9ment \u00e0 des \nenregistrements est fix\u00e9 \u00e0 deux cam\u00e9ras embarqu\u00e9es sur des a\u00e9ronefs t\u00e9l\u00e9-pilot\u00e9s.  \n \nArticle 3  \n\u2013 La pr\u00e9sente autorisation s'applique au p\u00e9rim\u00e8tre g \u00e9ographique figurant sur le \nplan en annexe au pr\u00e9sent arr\u00eat\u00e9.  \n \nArticle 4  \u2013 La pr\u00e9sente autorisation est d\u00e9livr\u00e9e pour le mercr edi 29 avril 2026 de 11h00 \u00e0 \n19h00 pour la mise en \u0153uvre de la finalit\u00e9 pr\u00e9cit\u00e9e.  \n \nArticle 5  \u2013 Le registre mentionn\u00e9 \u00e0 l'article L. 242-4 du code  de la s\u00e9curit\u00e9 int\u00e9rieure est \ntransmis au pr\u00e9fet de police, \u00e0 l'issue de la p\u00e9riode d'autorisation.  \n \nArticle 6 \u2013 Le pr\u00e9fet de la Seine-Saint-Denis, le pr\u00e9fet, direc teur du cabinet du pr\u00e9fet de \npolice, le directeur de l'ordre public et de la cir culation et le directeur de la s\u00e9curit\u00e9 de \nproximit\u00e9 de l'agglom\u00e9ration parisienne sont charg\u00e9 s, chacun en ce qui le concerne, de \nl'ex\u00e9cution du pr\u00e9sent arr\u00eat\u00e9 qui entrera en vigueur \u00e0 compter de son affichage aux portes \nde la pr\u00e9fecture de police et sera publi\u00e9 au recueil des actes administratifs du d\u00e9partement \nde Paris et de la Seine-Saint-Denis.  \n \nFait \u00e0 Paris, le 28 avril 2026  \n \nPour le pr\u00e9fet de police \nLe pr\u00e9fet, directeur du cabinet  \nBaptiste ROLLAND   \nPr\u00e9fecture de Police - 75-2026-04-28-00004 - Arr\u00eat\u00e9 n\u00b02026-00479 autorisant la captation, l'enregistrement et la transmission d'images\nau moyen de cam\u00e9ras install\u00e9es sur des a\u00e9ronefs en Seine-Saint-Denis (93) le 29 avril 2026 34\n \n   3 \n2026-00479 \nAnnexe de l'arr\u00eat\u00e9 n\u00b02026-00479 du 28 avril 2026  \n \n \nVOIES ET D\u00c9LAIS DE RECOURS  \n_______________________  \n \n \n \nSi vous estimez devoir contester la pr\u00e9sente autorisation, il vous est possible, dans un d\u00e9lai \nde deux mois \u00e0 compter de la date de son affichage ou de sa publication  : \n \n \n- soit de saisir d'un RECOURS GRACIEUX  \nle Pr\u00e9fet de Police  \n7/9, boulevard du Palais - 75195 PARIS RP  \n \n- ou de former un RECOURS HI\u00c9RARCHIQUE  \n  aupr\u00e8s du Ministre de l'int\u00e9rieur  \n  Direction des libert\u00e9s publiques et des affaires juridiques  \n  place Beauvau - 75008 PARIS  \n \n- soit de saisir d'un RECOURS CONTENTIEUX  \nle Tribunal administratif comp\u00e9tent  \n \n \nAucune de ces voies et recours ne suspend l'application de la pr\u00e9sente d\u00e9cision.  \n \nLes recours GRACIEUX et HI\u00c9RARCHIQUE doivent \u00eatre \u00e9 crits, exposer les arguments ou \nfaits nouveaux et comprendre la copie de la d\u00e9cision contest\u00e9e.  \n \nLe recours contentieux, qui vise \u00e0 contester la L\u00c9G ALIT\u00c9 de la pr\u00e9sente d\u00e9cision, doit \n\u00e9galement \u00eatre \u00e9crit et exposer votre argumentation juridique.  \n \nSi vous n'aviez pas de r\u00e9ponse \u00e0 votre recours GRACIEUX ou HI\u00c9RARCHIQUE dans un d\u00e9lai \nde deux mois \u00e0 compter de la r\u00e9ception de votre rec ours par l'administration, votre \ndemande devra \u00eatre consid\u00e9r\u00e9e comme rejet\u00e9e (d\u00e9cision implicite de rejet).  \n \nEn cas de rejet des RECOURS GRACIEUX ou HI\u00c9RARCHIQUE, le Tribunal administratif peut \n\u00eatre saisi d'un recours contentieux dans le d\u00e9lai d e deux mois \u00e0 compter de la date de la \nd\u00e9cision de rejet.  \n \n \n \n \n \nPr\u00e9fecture de Police - 75-2026-04-28-00004 - Arr\u00eat\u00e9 n\u00b02026-00479 autorisant la captation, l'enregistrement et la transmission d'images\nau moyen de cam\u00e9ras install\u00e9es sur des a\u00e9ronefs en Seine-Saint-Denis (93) le 29 avril 2026 35\n \n   4 \n2026-00479 \n \n \nPr\u00e9fecture de Police - 75-2026-04-28-00004 - Arr\u00eat\u00e9 n\u00b02026-00479 autorisant la captation, l'enregistrement et la transmission d'images\nau moyen de cam\u00e9ras install\u00e9es sur des a\u00e9ronefs en Seine-Saint-Denis (93) le 29 avril 2026 36\nPr\u00e9fecture de Police\n75-2026-04-27-00005\nArr\u00eat\u00e9 2026P11762 du 27 avril 2026\nportant retrait de l'agr\u00e9ment de l'entreprise\nENLEVEMENT SUR DEMANDE \nafin d'intervenir pour le d\u00e9pannage ou\nl'\u00e9vacuation des v\u00e9hicules en panne \nou accident\u00e9s sur le boulevard p\u00e9riph\u00e9rique et\nles voies intra-muros \nde la Ville de Paris, \u00e0 la demande des services de\npolice\nPr\u00e9fecture de Police - 75-2026-04-27-00005 - Arr\u00eat\u00e9 2026P11762 du 27 avril 2026\nportant retrait de l'agr\u00e9ment de l'entreprise ENLEVEMENT SUR DEMANDE \nafin d'intervenir pour le d\u00e9pannage ou l'\u00e9vacuation des v\u00e9hicules en panne \nou accident\u00e9s sur le boulevard p\u00e9riph\u00e9rique et les voies intra-muros \nde la Ville de Paris, \u00e0 la demande des services de police\n37\nPREFECTUREDE POLICELibert\u00e9Egalit\u00e9Fraternit\u00e9\nLUa\nDirection des usagers\net des polices administratives\nSous-direction des d\u00e9placements \net de l'espace public\nBureau de la r\u00e9glementation\net de la gestion de l'espace public\nArr\u00eat\u00e9 n\u00b0 2026P11762\nDu 27 AVR. 2026\nportant retrait de l'agr\u00e9ment de l'entreprise ENLEVEMENT SUR DEMANDE \nafin d'intervenir pour le d\u00e9pannage ou l'\u00e9vacuation des v\u00e9hicules en panne \nou accident\u00e9s sur le boulevard p\u00e9riph\u00e9rique et les voies intra-muros \nde la Ville de Paris, \u00e0 la demande des services de police\nLe pr\u00e9fet de Police,\nVU le code g\u00e9n\u00e9ral des collectivit\u00e9s territoriales et notamment l'article L.2512-13\u00a0;\nVU le code de la route, notamment son article R.317-21\u00a0;\nVU le code de la relation entre le public et l'administration et notamment les articles L.122-1  \net L.122-2 ;\nVU l'arr\u00eat\u00e9  minist\u00e9riel  27  juin  2024  relatif  aux  caract\u00e9ristiques  techniques  des  v\u00e9hicules  \nde d\u00e9pannage et \u00e0 l'\u00e9vacuation des v\u00e9hicules en panne ou accident\u00e9s\u00a0;\nVU l'arr\u00eat\u00e9 pr\u00e9fectoral n\u00b0 2023P15251 du 22 novembre 2023 modifi\u00e9 relatif aux interventions  \nde d\u00e9pannage ou d'\u00e9vacuation des v\u00e9hicules l\u00e9gers et des v\u00e9hicules lourds sur le boulevard  \np\u00e9riph\u00e9rique et les voies intra-muros de la Ville de Paris ;\nVU l'arr\u00eat\u00e9  pr\u00e9fectoral  n\u00b0  2023T111689  du  22  d\u00e9cembre  2023  agr\u00e9ant  l'entreprise  \nENLEVEMENT  SUR  DEMANDE  afin  d'intervenir  pour  le  d\u00e9pannage  ou  l'\u00e9vacuation  des  \nv\u00e9hicules en panne ou accident\u00e9s sur le boulevard p\u00e9riph\u00e9rique et les voies intra-muros de la  \nVille de Paris, \u00e0 la demande des services de police\u00a0;\nVU l'arr\u00eat\u00e9 n\u00b0 2026-00352 du 30 mars 2026 accordant d\u00e9l\u00e9gation de la signature pr\u00e9fectorale \nau sein de la direction des usagers et des polices administratives et des services qui lui sont  \nrattach\u00e9s\u00a0;\nVU les rapports de police des 11 f\u00e9vrier 2025, 6, 11 et 12 mai 2025, 13 et 15 septembre 2025 et \ndes 17, 18 et 19 janvier 2026 \u00e9tablis par le service de circulation du p\u00e9riph\u00e9rique de la  \ndirection  de  l'ordre  public  et  de  la  circulation  de  la  pr\u00e9fecture  de  Police  relatifs  aux  \nmanquements des obligations de la soci\u00e9t\u00e9 de d\u00e9pannage-remorquage agr\u00e9\u00e9e ENLEVEMENT \nSUR DEMANDE, pr\u00e9vues par l'arr\u00eat\u00e9 pr\u00e9fectoral du 22 novembre 2023 susvis\u00e9 ;\nPr\u00e9fecture de police\n1 bis, rue de Lut\u00e8ce \u2013 75\u00a0195 PARIS 04\nT\u00e9l : 3430 \nhttps://www.prefecturedepolice.interieur.gouv.fr\n1\nPr\u00e9fecture de Police - 75-2026-04-27-00005 - Arr\u00eat\u00e9 2026P11762 du 27 avril 2026\nportant retrait de l'agr\u00e9ment de l'entreprise ENLEVEMENT SUR DEMANDE \nafin d'intervenir pour le d\u00e9pannage ou l'\u00e9vacuation des v\u00e9hicules en panne \nou accident\u00e9s sur le boulevard p\u00e9riph\u00e9rique et les voies intra-muros \nde la Ville de Paris, \u00e0 la demande des services de police\n38\nVU le courrier du 3 f\u00e9vrier 2026  du pr\u00e9fet de Police adress\u00e9 \u00e0 la soci\u00e9t\u00e9 ENLEVEMENT SUR  \nDEMANDE l'informant de son intention de proc\u00e9der au retrait de son agr\u00e9ment et sollicitant  \nses observations ;\nVU les observations \u00e9crites et orales des 11 f\u00e9vrier et 6 mars 2026 de la soci\u00e9t\u00e9 ENLEVEMENT  \nSUR DEMANDE concernant le retrait de son agr\u00e9ment ;\nCONSIDERANT  que  l'arr\u00eat\u00e9  pr\u00e9fectoral  n\u00b0  2023P15251  du  22  novembre  2023  fixe  les  \nconditions  auxquelles  doivent  r\u00e9pondre  les  soci\u00e9t\u00e9s  de  d\u00e9pannage-remorquage  pour  \nb\u00e9n\u00e9ficier de l'agr\u00e9ment les autorisant \u00e0 intervenir en urgence \u00e0 la demande des services de  \npolice sur le boulevard p\u00e9riph\u00e9rique et certaines voies intra-muros de la Ville de Paris\u00a0;\nCONSIDERANT que cet arr\u00eat\u00e9 fixe notamment les obligations que doivent respecter les  \nsoci\u00e9t\u00e9s de d\u00e9pannage-remorquage dans le cadre de leurs interventions\u00a0;\nCONSIDERANT que l'article 6 de l'arr\u00eat\u00e9 pr\u00e9fectoral n\u00b0 2023P15251 du 22 novembre 2023  \npr\u00e9voit  qu'en  cas  de  manquements  r\u00e9p\u00e9t\u00e9s  \u00e0  ces  obligations,  le  pr\u00e9fet  de  Police  peut  \nproc\u00e9der  au  retrait  de  l'agr\u00e9ment  d'une  soci\u00e9t\u00e9  apr\u00e8s  avoir  recueilli  ses  \u00e9ventuelles  \nobservations\u00a0;\nCONSIDERANT que la soci\u00e9t\u00e9 ENLEVEMENT SUR DEMANDE a fait l'objet, en  2024, 2025 et  \n2026, de plusieurs mises en demeure de se conformer \u00e0 ses obligations r\u00e9glementaires ainsi  \nque de plusieurs mesures de suspension de son agr\u00e9ment\u00a0;\nCONSIDERANT qu'au cours du mois de janvier 2026, des rapports de police ont \u00e9tabli de  \nnouveaux manquements de la soci\u00e9t\u00e9 de d\u00e9pannage-remorquage agr\u00e9\u00e9e ENLEVEMENT SUR \nDEMANDE \u00e0 ses obligations r\u00e9glementaires justifiant qu'il soit proc\u00e9d\u00e9 au retrait de son  \nagr\u00e9ment\u00a0;\nCONSIDERANT  d\u00e8s  lors,  qu'en  application  de  l'article  6  de  l'arr\u00eat\u00e9  pr\u00e9fectoral  \ndu  22  novembre  2023  pr\u00e9cit\u00e9,  il  convient  de  retirer  \u00e0  la  soci\u00e9t\u00e9  ENLEVEMENT  SUR  \nDEMANDE son agr\u00e9ment d\u00e9livr\u00e9 en vue d'intervenir pour le d\u00e9pannage ou l'\u00e9vacuation, \u00e0 la  \ndemande des services de police, des v\u00e9hicules l\u00e9gers en panne ou accident\u00e9s sur la zone C  \ndu boulevard p\u00e9riph\u00e9rique comprise entre les portes de la Chapelle et de Bercy et dans le  \ndistrict n\u00b0 3 de Paris ;\nCONSIDERANT que  la  soci\u00e9t\u00e9  ENLEVEMENT  SUR  DEMANDE  a  \u00e9t\u00e9  mise  en  position  de  \ndemander la communication du dossier la concernant  conform\u00e9ment \u00e0 l'article L.122-2 du  \ncode des relations entre le public et l'administration ;\nSUR proposition de la directrice des usagers et des polices administratives ;\nA R R \u00ca T E\nArticle 1  er     :  \nL'agr\u00e9ment  d\u00e9livr\u00e9  par  arr\u00eat\u00e9  pr\u00e9fectoral  n\u00b0  2023T111689  du  22  d\u00e9cembre  2023  afin  \nd'intervenir pour le d\u00e9pannage ou l'\u00e9vacuation, \u00e0 la demande des services de police, des  \nv\u00e9hicules l\u00e9gers en panne ou accident\u00e9s sur la zone C du boulevard p\u00e9riph\u00e9rique comprise  \nentre les portes de la Chapelle et de Bercy et dans le district n\u00b0 3 de Paris, est retir\u00e9 \u00e0 la  \nsoci\u00e9t\u00e9 ENLEVEMENT SUR DEMANDE.\n2\nPr\u00e9fecture de Police - 75-2026-04-27-00005 - Arr\u00eat\u00e9 2026P11762 du 27 avril 2026\nportant retrait de l'agr\u00e9ment de l'entreprise ENLEVEMENT SUR DEMANDE \nafin d'intervenir pour le d\u00e9pannage ou l'\u00e9vacuation des v\u00e9hicules en panne \nou accident\u00e9s sur le boulevard p\u00e9riph\u00e9rique et les voies intra-muros \nde la Ville de Paris, \u00e0 la demande des services de police\n39\nArticle 2 :\nLa  directrice des usagers et des polices administratives, le directeur de l'ordre public et de la  \ncirculation,  le  directeur  de  la  s\u00e9curit\u00e9  de  proximit\u00e9  de  l'agglom\u00e9ration  parisienne  de  la  \npr\u00e9fecture de police sont charg\u00e9s, chacun en ce qui le concerne, de l'ex\u00e9cution du pr\u00e9sent  \narr\u00eat\u00e9 qui sera publi\u00e9 au \u00ab \u00a0Recueil des actes administratifs de la Pr \u00e9fecture de Paris et de la  \nPr\u00e9fecture de Police de Paris \u00a0\u00bb ainsi que sur le portail des publications administratives de la  \nVille de Paris.\nPour le pr\u00e9fet de Police \net par d\u00e9l\u00e9gation,\nLe sous-directeur des d\u00e9placements \net de l'espace public\nC\u00e9dric VERLINE\nCet arr\u00eat\u00e9 peut faire l'objet dans le d\u00e9lai de deux mois \u00e0 compter de sa notification soit d'un recours gracieux  \naupr\u00e8s  du  pr\u00e9fet  de  Police  (Bureau  de  la  r\u00e9glementation  et  de  la  gestion  de  l'espace  public  \u2013 12,  quai  \nde  Gesvres  \u2013  75 004  PARIS)  soit  d'un  recours  hi\u00e9rarchique  aupr\u00e8s  du  ministre  de  l'Int\u00e9rieur  (direction  \ndes libert\u00e9s publiques et des affaires juridiques \u2013 place Beauvau \u2013 75008 PARIS). Il peut \u00e9galement faire l'objet, \ndans  les  m\u00eames  conditions  de  d\u00e9lai,  d'un  recours  contentieux  aupr\u00e8s  du  tribunal  administratif  de  Paris, \npar courrier (7 , rue de Jouy \u2013 75 181 PARIS CEDEX 04) ou par l'application informatique \u00ab T\u00e9l\u00e9recours citoyens \u00bb \naccessible via le site internet www.telerecours.fr.\n3\nPr\u00e9fecture de Police - 75-2026-04-27-00005 - Arr\u00eat\u00e9 2026P11762 du 27 avril 2026\nportant retrait de l'agr\u00e9ment de l'entreprise ENLEVEMENT SUR DEMANDE \nafin d'intervenir pour le d\u00e9pannage ou l'\u00e9vacuation des v\u00e9hicules en panne \nou accident\u00e9s sur le boulevard p\u00e9riph\u00e9rique et les voies intra-muros \nde la Ville de Paris, \u00e0 la demande des services de police\n40","date":"2026-04-28","first_seen_on":"2026-04-28T15:46:30+00:00","id":"b41ed9c029902ceefc3b1fde20eca0e2bd70e6ade4ae8cd6dca5f650f943053c","name":"recueil-75-2026-243-recueil-des-actes-administratifs-special du 28.04.2026","pdf_creation_date":"2026-04-28T14:56:35+00:00","pdf_modification_date":null,"timezone":"Europe/Paris","url":"https://www.prefectures-regions.gouv.fr/ile-de-france/irecontenu/telechargement/137410/1003952/file/recueil-75-2026-243-recueil-des-actes-administratifs-special%20du%2028.04.2026.pdf"}
