{"administration":"pref30","administration_name":"Pr\u00e9fecture du Gard","content":"Cabinetz ie Direction des s\u00e9curit\u00e9sPREFET Service d'animation des politiques de s\u00e9curit\u00e9 int\u00e9rieureDU GARDLibert\u00e9Egalit\u00e9Fraternit\u00e9 N\u00eemes le 30 avril 2025,\nArr\u00eat\u00e9 N\u00b030-2025-04- 30 \u2014 000\u00c0portant interdiction des rassemblements festifs \u00e0 caract\u00e8re musicalet interdiction de circulation de v\u00e9hicules transportant du mat\u00e9riel de sons\u00e0 destination d'un rassemblement festif \u00e0 caract\u00e8re musical non autoris\u00e9dans le d\u00e9partement du Garddu mercredi 30 avril au lundi 5 mai 2025\n\\\nLe Pr\u00e9fet,Chevalier de la L\u00e9gion d'Honneur,Chevalier de l'Ordre national du M\u00e9rite,\nVu le Code de la s\u00e9curit\u00e9 int\u00e9rieure, notamment ses articles L.211-1, L.211-5 et suivants,L.211-15, R.211-2 et suivants et R.211-27 et suivants ;Vu le Code de la route;Vu le Code de la voirie routi\u00e9re ;Vu le Code g\u00e9n\u00e9ral des collectivit\u00e9s territoriales, notamment son article L.2215-1 ;Vu le Code p\u00e9nal, notamment son article 431-9 ;Vu le d\u00e9cret n\u00b02004-374 du 29 avril 2004 modifi\u00e9 relatif aux pouvoirs des pr\u00e9fets, al'organisation et a l'action des services de l'\u00c9tat dans les r\u00e9gions et les d\u00e9partements ;Vu le d\u00e9cret du Pr\u00e9sident de la R\u00e9publique du 13 juillet 2023, nommantMonsieur J\u00e9r\u00f4me BONET, pr\u00e9fet du Gard ;Vu l'arr\u00eat\u00e9 pr\u00e9fectoral n\u00b030-2024-10-18-00007 du 18 octobre 2024 donnant d\u00e9l\u00e9gation designature \u00e0 Monsieur Emile SOUMBO, sous-pr\u00e9fet de l'arrondissement d'Al\u00e9s ;Vu l'arr\u00eat\u00e9 pr\u00e9fectoral n\u00b030-2024-10-18-00008 du 18 octobre 2024 donnant d\u00e9l\u00e9gation designature \u00e0 Madame Anne LEVASSEUR, sous-pr\u00e9f\u00e8te de l'arrondissement du Vigan ;Vu l'arr\u00eat\u00e9 pr\u00e9fectoral n\u00b030-2024-10-18-00009 du 18 octobre 2024 donnant d\u00e9l\u00e9gation signature\u00e0 Madame Marie-Charlotte EUVRARD, sous-pr\u00e9f\u00e8te, directrice de cabinet du pr\u00e9fet du Gard ;Vu l'arr\u00eat\u00e9 pr\u00e9fectoral n\u00b030-2024-10-18-00005 du 18 octobre 2024 donnant d\u00e9l\u00e9gation designature \u00e0 Monsieur Yann GERARD, secr\u00e9taire g\u00e9n\u00e9ral de la pr\u00e9fecture du Gard, sous-pr\u00e9fet del'arrondissement de Nimes ;Vu l'arr\u00eat\u00e9 pr\u00e9fectoral n\u00b030-2024-10-18-00006 du 18 octobre 2024 donnant d\u00e9l\u00e9gation designature \u00e0 Monsieur Mathias NIEPS, sous-pr\u00e9fet, charg\u00e9 de mission aupr\u00e8s du pr\u00e9fet du Gard,secr\u00e9taire g\u00e9n\u00e9ral adjoint de la pr\u00e9fecture du Gard ;\n\nVu l'arr\u00eat\u00e9 minist\u00e9riel du 16 avril 2021 relatif \u00e0 l'interdiction de circulation des v\u00e9hicules detransports de marchandises \u00e0 certaines p\u00e9riodes ;Vu l'arr\u00eat\u00e9 pr\u00e9fectoral du 31 ao\u00fbt 2012 relatif \u00e0 l'emploi du feu dans le d\u00e9partement du Gard ;Vu l'arr\u00eat\u00e9 pr\u00e9fectoral du 8 janvier 2013 relatif au d\u00e9broussaillement r\u00e9glementaire desti-n\u00e9 \u00e0 diminuer l'intensit\u00e9 des incendies de for\u00eat et \u00e0 en limiter la propagation dans le d\u00e9-partement du Gard; |Vu l'instruction minist\u00e9rielle du 16 juillet 2021 relative aux mesures \u00e0 mettre en \u0153uvre dansle cas de rassemblements festifs de jeunes de type festivals (tout type de musique) ou derassemblements festifs de type free party et rave-party ;Consid\u00e9rant que, selon les \u00e9l\u00e9ments d'information disponibles, notamment lesinformations recueillies aupr\u00e9s des services de la Gendarmerie Nationale du Gard et derenseignements, et les annonces sur les r\u00e9seaux sociaux, des rassemblements festifs \u00e0caract\u00e8re musical de type rave-party sont susceptibles de regrouper plusieurs milliers departicipants, sont \u00e0 pr\u00e9voir dans le d\u00e9partement du Gard pendant la p\u00e9riode printani\u00e8re ;Consid\u00e9rant que plusieurs rassemblements festifs \u00e0 caract\u00e8re musical de type rave-party,free-party, teknival, multi-sons, se sont d\u00e9roul\u00e9s partout sur le territoire national et que,notamment dans le d\u00e9partement du Gard, 4 rassemblements ont \u00e9t\u00e9 recens\u00e9s en 2023 et1 en 2024;Consid\u00e9rant qu'un rassemblement musical ill\u00e9gal s'est tenu dans le d\u00e9partement voisin del'Aveyron du 12 au 16 avril 2024 r\u00e9unissant 3000 festivaliers, le risque qu'un tel \u00e9v\u00e9nementse produise sur le d\u00e9partement du Gard est par cons\u00e9quent av\u00e9r\u00e9 ;Consid\u00e9rant qu'un rassemblement musical ill\u00e9gal s'est tenu dans le d\u00e9partement Gard du19 au 22 avril 2025 r\u00e9unissant 3000 festivaliers, le risque qu'un tel \u00e9v\u00e9nement se reproduisesur le d\u00e9partement du Gard est par cons\u00e9quent av\u00e9r\u00e9 ;Consid\u00e9rant que des effectifs des forces de l'ordre ont \u00e9t\u00e9 pris a partie et bless\u00e9s lors de laprise de contact avec les organisateurs du rassemblement ill\u00e9gal du 19 au 22 avril 2025 ;Consid\u00e9rant que sur les dates concern\u00e9es par l'\u00e9v\u00e8nement projet\u00e9, les forces de l'ordre etles services de secours seront particuli\u00e8rement mobilis\u00e9s sur des \u00e9v\u00e8nementsconcomitants, notamment les manifestations revendicatives traditionnelles du 1\u00b0 mai, lesemi-marathon de Nimes le 1\u00b0 mai, les f\u00eates traditionnelles sur l'ensemble du d\u00e9partementdu Gard du 1\u00b0 au 4 mai 2025 inclus ;Consid\u00e9rant qu'\u00e0 ce jour aucune manifestation de ce type n'a fait l'objet d'une d\u00e9clarationpr\u00e9alable en pr\u00e9fecture du Gard, telle que pr\u00e9vue par l'article L.211-5 et suivants du Codede la s\u00e9curit\u00e9 int\u00e9rieure, et qu'\u00e0 d\u00e9faut d'une telle d\u00e9claration, l'organisation d'unemanifestation non d\u00e9clar\u00e9e est un d\u00e9lit pr\u00e9vu par l'article 431-9 alin\u00e9a 1 du Code p\u00e9nal ;Consid\u00e9rant que l'absence d'un tel formalisme, en plus de ne pas \u00eatre conforme auxdispositions pr\u00e9cit\u00e9es, ne permet pas \u00e0 Monsieur le pr\u00e9fet du Gard et \u00e0 ses services deconna\u00eetre le niveau de s\u00e9curit\u00e9 du rassemblement projet\u00e9, ni les mesures envisag\u00e9es parl'organisateur pour garantir la s\u00e9curit\u00e9, la salubrit\u00e9, l'hygi\u00e8ne et la tranquillit\u00e9 publiquesainsi que le respect du droit de propri\u00e9t\u00e9 pour le ou les terrains occup\u00e9s ;Consid\u00e9rant qu'en l'absence de toute prise de contact pr\u00e9alable des organisateurs avec lesservices pr\u00e9fectoraux ou les collectivit\u00e9s territoriales concern\u00e9es, la missiond'accompagnement des organisateurs du rassemblement projet\u00e9, conduite par les servicesde l'\u00c9tat et pr\u00e9vue par instruction du 16 juillet 2021, n'a pu \u00eatre mise en \u0153uvre ;Consid\u00e9rant les risques de troubles graves \u00e0 l'ordre public, \u00e0 la s\u00fbret\u00e9, \u00e0 la s\u00e9curit\u00e9 et \u00e0 lasalubrit\u00e9 publique que pr\u00e9senterait le d\u00e9roulement d'un rassemblement d\u00e9pourvu d'un\n\nservice d'ordre et d'un dispositif sanitaire, et auquel pourraient participer plusieurs milliersde personnes dans un lieu non am\u00e9nag\u00e9 pour recevoir ce type de rassemblement et quin'a fait l'objet d'aucune organisation pr\u00e9alable coordonn\u00e9e ;Consid\u00e9rant la n\u00e9cessit\u00e9 de pr\u00e9venir les risques de troubles \u00e0 l'ordre public et que lesmoyens appropri\u00e9s de lutte contre l'incendie et de secours aux personnes, ainsi qu'enmati\u00e8re de s\u00e9curit\u00e9 sanitaire et routi\u00e8re ne sont pas r\u00e9unis dans le cadre durassemblement projet\u00e9 ;Consid\u00e9rant que le regroupement de plus de 500 personnes dans des rassemblementsnon d\u00e9clar\u00e9s repr\u00e9sente un risque grave pour la s\u00e9curit\u00e9 de tous les participants et qu'il y alieu de prendre toutes les mesures n\u00e9cessaires ;Consid\u00e9rant que dans ces circonstances, de tels rassemblements sont de nature \u00e0provoquer des troubles s\u00e9rieux \u00e0 l'ordre public et \u00e0 la tranquillit\u00e9 publique et qu'il y a lieude prendre toutes les mesures n\u00e9cessaires ;Consid\u00e9rant que persistent des tensions en particulier dans le cadre du conflitisra\u00e9lo-palestinien, que'l\u00e9 plan VIGIPIRATE est rehauss\u00e9 depuis le 24 mars 2024 au niveau\u00abUrgence Attentat\u00bb ;-que par cons\u00e9quent les forces de s\u00e9curit\u00e9 sont fortementmobilis\u00e9es ; NUN anoleConsid\u00e9rant que les forces de s\u00e9curit\u00e9 ainsi que les moyens de secours ne pourront faireface en termes de moyens, \u00e0 de telles manifestations, susceptibles de s'installer sansautorisation pr\u00e9alable en divers points du d\u00e9partement ;Consid\u00e9rant, l'urgence \u00e0 pr\u00e9venir ces atteintes et \u00e0 assurer la s\u00e9curit\u00e9 \u00e9 des personnes et desbiens ;Sur proposition de Madame la directrice de cabinet du pr\u00e9fet du Gard ;\nARRETEArticle 1 - Tout rassemblement de type \u00abrave-party \u00bb, \u00ab free-party \u00bb et \u00ab teknival \u00bbr\u00e9pondant aux conditions de l'article L211-5 du Code de la s\u00e9curit\u00e9 int\u00e9rieur etqui n'aurait pas fait l'objet d'une d\u00e9claration est interdite dans tout led\u00e9partement du Gard \u00e0 compter du mercredi 30 avril \u00e0 16h 00 jusqu'aulundi 5 mai 2025 14 h 00.Article 2- La circulation des v\u00e9hicules terrestres \u00e0 moteur transportant du mat\u00e9riel desonorisation (ordinateurs, platines, contr\u00f4leurs, amplificateurs, enceinte,c\u00e2blages) susceptible d'\u00eatre utilis\u00e9 pour un rassemblement festif non autoris\u00e9est interdite durant la m\u00eame p\u00e9riode.Article 3- Toute infraction au pr\u00e9sent arr\u00eat\u00e9 est passible des sanctions pr\u00e9vues par leCode p\u00e9nal et par les dispositions des articles L.211-15, R.211-27 \u00e0 R.211-30 duCode de la s\u00e9curit\u00e9 int\u00e9rieure et peut donner lieu notamment \u00e0 la saisie dumat\u00e9riel en vue de sa confiscation par le tribunal.Article 4- Le pr\u00e9sent arr\u00eat\u00e9 pr\u00e9fectoral entre en vigueur \u00e0 compter de sa publication aurecueil des actes administratifs de la pr\u00e9fecture du Gard.Article 5 - Le pr\u00e9sent arr\u00eat\u00e9 peut faire l'objet d'un recours administratif aupr\u00e8s de Monsieur lepr\u00e9fet du Gard (Pr\u00e9fecture du Gard 30045 N\u00eemes Cedex 9), d'un recourshi\u00e9rarchique adress\u00e9 \u00e0 Monsieur le ministre de l'int\u00e9rieur - place Beauvau 75 800Paris) ou d'un recours contentieux devant le tribunal administratif de N\u00eemes, dans un\n\nArticle 6 -\nd\u00e9lai de deux mois suivant sa publication. Le tribunal administratif peut aussi \u00eatresaisi par l'application informatique \u00ab Telerecours Citoyens \u00bb accessible par le siteinternet wwwr.telerecours.frMadame la directrice de cabinet du pr\u00e9fet du Gard, Madame la sous-pr\u00e9f\u00e8te del'arrondissement du Vigan, Monsieur le sous-pr\u00e9fet de l'arrondissement d'Al\u00e8s,Monsieur le secr\u00e9taire g\u00e9n\u00e9ral de la pr\u00e9fecture du Gard, Monsieur le secr\u00e9taireg\u00e9n\u00e9ral adjoint de la pr\u00e9fecture du Gard, Monsieur le Colonel, commandant legroupement de gendarmerie d\u00e9partementale du Gard; Monsieur le directeurinterd\u00e9partemental de la police nationale du Gard, Monsieur le directeurinterd\u00e9partemental de la police nationale du Vaucluse, Monsieur le directeurinterd\u00e9partemental de la police nationale des Bouches-du-Rh\u00f4ne, sont charg\u00e9s,chacun en ce qui les concerne, de l'ex\u00e9cution du pr\u00e9sent arr\u00eat\u00e9.\npor R\u00c9 EE:la sous-pr\u00e9f\u00e0ore be netVRARD","date":"2025-04-30","first_seen_on":"2025-04-30T18:13:00+00:00","id":"b4b59bb967f44160109038afbaea0ec7374a43b78672a6052e2daaa81ca2d50a","name":"recueil-30-2025-076-special du 30 04 2025","pdf_creation_date":"2025-04-30T17:27:19+00:00","pdf_modification_date":null,"timezone":"Europe/Paris","url":"https://www.gard.gouv.fr/contenu/telechargement/63022/466364/file/recueil-30-2025-076-special%20du%2030%2004%202025.pdf"}
