{"administration":"pref13","administration_name":"Pr\u00e9fecture des Bouches-du-Rh\u00f4ne","content":"BOUCHES-DU-\nRH\u00d4NE\nRECUEIL DES ACTES\nADMINISTRATIFS SP\u00c9CIAL\nN\u00b013-2025-204\nPUBLI\u00c9 LE  9 JUILLET 2025\nSommaire\nAgence r\u00e9gionale de sant\u00e9 /\n13-2025-03-27-00011 - 2025 03 21 D\u00e9cision de retrait temporaire\nd'agr\u00e9ment SAS AMBULANCES PACA (3 pages) Page 4\n13-2025-03-27-00012 - 2025 03 24 D\u00e9cision de retrait temporaire\nd'agr\u00e9ment 7 JOURS SAS SECOURS MEDICAL (3 pages) Page 8\n13-2025-06-23-00011 - 2025 06 23 arr\u00eat\u00e9 avenant n\u00b02 Cahier des\ncharges garde ambulanci\u00e8re 13 (41 pages) Page 12\n13-2025-06-24-00012 - 2025 06 24 arr\u00eat\u00e9 garde ambulanci\u00e8re 13\nann\u00e9e 2025  (18 pages) Page 54\nCentre Hospitalier du pays Salonais /\n13-2025-07-09-00005 - D\u00e9cision N\u00b016-2025 -  D\u00e9l\u00e9gation de\nsignature HPS (6 pages) Page 73\nDDETS 13 /\n13-2025-07-09-00006 - R\u00e9c\u00e9piss\u00e9 de d\u00e9claration au titre des\nServices \u00e0 la Personne au b\u00e9n\u00e9fice de Madame  ACHOUI Samira en\nqualit\u00e9 de micro-entrepreneure domicili\u00e9e au 28 rue S\u00e9raphin 13015\nMARSEILLE (2 pages) Page 80\n13-2025-07-09-00002 - R\u00e9c\u00e9piss\u00e9 de d\u00e9claration au titre des\nServices \u00e0 la Personne au b\u00e9n\u00e9fice de Madame AUBANEL Janyce en\nqualit\u00e9 d'entrepreneure individuelle domicili\u00e9e au 8 Rue Colbert\n13170 LES PENNES MIRABEAU  (2 pages) Page 83\n13-2025-07-08-00008 - R\u00e9c\u00e9piss\u00e9 de d\u00e9claration au titre des\nServices \u00e0 la Personne au b\u00e9n\u00e9fice de Madame JOURNES Alexandra\nen qualit\u00e9 de micro-entrepreneure domicili\u00e9e au 13 rue Roger Salengro\n13250 SAINT-CHAMAS (2 pages) Page 86\n13-2025-07-09-00009 - R\u00e9c\u00e9piss\u00e9 de d\u00e9claration au titre des\nServices \u00e0 la Personne au b\u00e9n\u00e9fice de Madame VERCHERAT Sandrine\nen qualit\u00e9 de dirigeante de la \u00ab\u00a0SASU Sat At Home\u00a0\u00bb dont\nl'\u00e9tablissement principal est situ\u00e9 95 avenue San Peyres 13540 AIX EN\nPROVENCE  (2 pages) Page 89\n13-2025-07-09-00004 - R\u00e9c\u00e9piss\u00e9 de d\u00e9claration au titre des\nServices \u00e0 la Personne au b\u00e9n\u00e9fice de Monsieur  MARIKO Mohamed\nen qualit\u00e9 de micro-entrepreneur domicili\u00e9 au 178 avenue des Chutes\nLavie 13013 MARSEILLE (2 pages) Page 92\n13-2025-07-08-00009 - R\u00e9c\u00e9piss\u00e9 de d\u00e9claration au titre des\nServices \u00e0 la Personne au b\u00e9n\u00e9fice de Monsieur BONTON Rapha\u00ebl en\nqualit\u00e9 de micro-entrepreneur domicili\u00e9 au 23 rue du Professeur Marcel\nArnaud 13013 MARSEILLE  (2 pages) Page 95\n2\n13-2025-07-08-00010 - R\u00e9c\u00e9piss\u00e9 de d\u00e9claration au titre des\nServices \u00e0 la Personne au b\u00e9n\u00e9fice de Monsieur GOCHGARIAN Bruno\nen qualit\u00e9 d'entrepreneur individuel domicili\u00e9 au 114 avenue\nFernandel 13012 MARSEILLE  (2 pages) Page 98\nDirection Departementale des Territoires et de la Mer 13 /\n13-2025-07-09-00003 - Arr\u00eat\u00e9 portant r\u00e9glementation temporaire de la\ncirculation sur l'autoroute A52 pour permettre l'ex\u00e9cution de\ntravaux de r\u00e9fection d'enrob\u00e9s de la voie de bus \u00e0 haut niveau de\nservice (BHNS) d'Aubagne (4 pages) Page 101\nDirection g\u00e9n\u00e9rale des finances publiques /\n13-2025-07-08-00011 - D\u00e9l\u00e9gation de signature de la Paierie\nd\u00e9partementale (2 pages) Page 106\n13-2025-07-04-00021 - D\u00e9l\u00e9gation de signature du SIE Istres (3 pages) Page 109\nPr\u00e9fecture de police des Bouches-du-Rh\u00f4ne /\n13-2025-07-09-00007 - Arr\u00eat\u00e9 autorisant la captation et la transmission\n\nd'images au moyen de cam\u00e9ras install\u00e9es sur des a\u00e9ronefs\n (2\npages) Page 113\n13-2025-07-09-00008 - Arr\u00eat\u00e9 autorisant la captation et la transmission\n\nd'images au moyen de cam\u00e9ras install\u00e9es sur des a\u00e9ronefs\n (2\npages) Page 116\nPr\u00e9fecture des Bouches-du-Rhone / Direction de la Citoyennet\u00e9, de la\nL\u00e9galit\u00e9 et de l'Environnement\n13-2025-07-09-00001 - Arr\u00eat\u00e9 du 09 juillet 2025 portant renouvellement\nde l'habilitation de la soci\u00e9t\u00e9 TR OPTIMA CONSEIL pour \u00e9tablir le\ncertificat de conformit\u00e9 mentionn\u00e9e au 1er alin\u00e9a de l'article\nL.752-23 du code de commerce (2 pages) Page 119\nPr\u00e9fecture des Bouches-du-Rhone / Direction de la S\u00e9curit\u00e9 : Polices\nAdministratives et R\u00e9glementation\n13-2025-07-08-00007 - Arr\u00eat\u00e9 autorisant la ville d'Allauch \u00e0 organiser\nun spectacle a\u00e9rien public d'a\u00e9romod\u00e9lisme (SAPA) \u00e9voluant\nsous autorisation d'exploiter\nle 14 juillet 2025 (sans\nr\u00e9p\u00e9tition)\nchemin de garlaban (GPS 43.20.14.968N -  5.29.9,165E), \u00e0\nAllauch (13190) (10 pages) Page 122\n13-2025-07-08-00006 - Arr\u00eat\u00e9 autorisant le comit\u00e9 d'organisation\ndes f\u00eates de Cabri\u00e8s Calas (COFCC) \u00e0 organiser un spectacle a\u00e9rien\npublic d'a\u00e9romod\u00e9lisme (SAPA) \u00e9voluant sous autorisation\nd'exploiter\nle 14 juillet 2025 (avec r\u00e9p\u00e9titions le 13 juillet\n2025)\nrue des \u00e9coles, \u00e0 Cabri\u00e8s (13480)\n (9 pages) Page 133\n3\nAgence r\u00e9gionale de sant\u00e9\n13-2025-03-27-00011\n2025 03 21 D\u00e9cision de retrait temporaire\nd'agr\u00e9ment SAS AMBULANCES PACA\nAgence r\u00e9gionale de sant\u00e9 - 13-2025-03-27-00011 - 2025 03 21 D\u00e9cision de retrait temporaire d'agr\u00e9ment SAS AMBULANCES PACA 4\nREPUBLIQUEFRANCAISELibert\u00e9Egalit\u00e9Fraternit\u00e9\nAr@ D Agence R\u00e9gionale de Sant\u00e9Provence-AlpesC\u00f4te d'Azur\n  \n \n \n \n \n \n \n \n \n \n \n \nAgence r\u00e9gionale de sant\u00e9 Provence-Alpes-C\u00f4te d'Azur - Direction d\u00e9partementale des Bouches-du-Rh\u00f4ne - 132, boulevard de Paris - CS 50039 - 13331 Marseille \nCedex 03 \nT\u00e9l 04.13.55.85.50 / Fax : 04.13.55.85.45   \nhttps://www.paca.ars.sante.fr/           Page 1/3 \n \n \nD\u00e9cision DD13-0325-2228-D portant retrait temporaire de l'agr\u00e9ment de transports sanitaires terrestres \nde la SAS AMBULANCES PACA (agr\u00e9ment num\u00e9ro 13-493) \n \n \nLe directeur g\u00e9n\u00e9ral \nde l'Agence R\u00e9gionale de Sant\u00e9 de Provence-Alpes-C\u00f4te d'Azur \n \n \nVu le Code de la sant\u00e9 publique et notamment ses articles L.6311-1, L6312-1 \u00e0 L.6313-1 et R.6312-1 \u00e0 R.6314-\n6 ; \n \nVu l'Ordonnance n\u00b0 2010-177 du 23 f\u00e9vrier 2010 de coordination avec la loi n\u00b0 2009-879 du 21 juillet 2009 portant \nr\u00e9forme de l'h\u00f4pital et relative aux patients, \u00e0 la sant\u00e9 et aux territoires ; \n \nVu le D\u00e9cret n\u00b0 2010-344 du 31 mars 2010 tirant les cons\u00e9quences, au niveau r\u00e9glementaire, de l'intervention de \nla loi n\u00b0 2009-879 du 21 juillet 2009 portant r\u00e9forme de l'h\u00f4pital et relative aux patients, \u00e0 la sant\u00e9 et aux territoires \n(Art 211) ; \n \nVu le d\u00e9cret n\u00b02012 -1007 du 29 ao\u00fbt 2012 relatif \u00e0 l'agr\u00e9ment n\u00e9cessaire au transport sanitaire terrestre et \u00e0 \nl'autorisation de mise en service de v\u00e9hicules de transport sanitaire ; \n \nVu le d\u00e9cret du 16 juillet 2024 portant nomination de Monsieur Yann BUBIEN en qualit\u00e9 de directeur g\u00e9n\u00e9ral de \nl'Agence r\u00e9gionale de sant\u00e9 Provence-Alpes-C\u00f4te d'Azur \u00e0 compter du 18 juillet 2024 ; \n \nVu l'arr\u00eat\u00e9 du 5 octobre 1995 relatif \u00e0 l'autorisation de mise en service des v\u00e9hicules affect\u00e9s aux transports \nsanitaires terrestres ; \n \nVu l'arr\u00eat\u00e9 du 12 d\u00e9cembre 2017 fixant les caract\u00e9ristiques et les installations mat\u00e9rielles exig\u00e9es pour les \nv\u00e9hicules affect\u00e9s aux transports sanitaires terrestres ; \n \nVu la circulaire DHOS/SDO/O 1 n\u00b0 2003-277 du 10 juin 2003 relative aux relations entre \u00e9tablissements de sant\u00e9 \npublics et priv\u00e9s et transporteurs sanitaires priv\u00e9s ; \n \nVu l'arr\u00eat\u00e9 du 18 juillet 2024 portant d\u00e9l\u00e9gation de signature \u00e0 Madame Caroline AGERON, D\u00e9l\u00e9gu\u00e9e \nd\u00e9partementale des Bouches du Rh\u00f4ne de l'Agence r\u00e9gionale de sant\u00e9 Provence-Alpes-C\u00f4te d'Azur ; \n \nVu la d\u00e9cision n\u00b0DD13 -0225-1585-D du 27 f\u00e9vrier 2025 d\u00e9signant le Dr Julien GREDIN en tant que m\u00e9decin \nhabilit\u00e9 \u00e0 r\u00e9diger les rapports pr\u00e9alables aux avis \u00e9mis par les sous -comit\u00e9s de transports sanitaires du \nd\u00e9partement des Bouches-du-Rh\u00f4ne ; \n \nVu la d\u00e9cision 2023-13-043 du 22 novembre 2023 portant modification concernant l'agr\u00e9ment de transports \nsanitaires terrestres de la soci\u00e9t\u00e9 Ambulances PACA (agr\u00e9ment n\u00b013-493) ; \nAgence r\u00e9gionale de sant\u00e9 - 13-2025-03-27-00011 - 2025 03 21 D\u00e9cision de retrait temporaire d'agr\u00e9ment SAS AMBULANCES PACA 5\nAgence r\u00e9gionale de sant\u00e9 Provence-Alpes-C\u00f4te d'Azur - Direction d\u00e9partementale des Bouches-du-Rh\u00f4ne - 132, boulevard de Paris - CS 50039 - 13331 Marseille \nCedex 03 \nT\u00e9l 04.13.55.85.50 / Fax : 04.13.55.85.45   \nhttps://www.paca.ars.sante.fr/           Page 2/3 \n \nVu la fiche d'\u00e9v\u00e8nement ind\u00e9sirable adress\u00e9e le 9 juillet 2024 par la directrice de la r\u00e9sidence autonomie Lou \nCantaga\u00ef \u00e0 la Roque d'Anth\u00e9ron, relatant l'incident ayant impliqu\u00e9 un salari\u00e9 de la SAS AMBULANCES PACA, \u00e0 \nl'occasion d'un transport sanitaire d'une r\u00e9sidente en sortie des urgences de l'h\u00f4pital d'Aix -en-Provence vers la \nr\u00e9sidence autonomie la nuit du 13 au 14 mai 2024 ;   \n \nVu la plainte du veilleur de nuit de la r\u00e9sidence Lou Cantaga\u00ef d\u00e9pos\u00e9e pour agression physique aupr\u00e8s de la \ngendarmerie de la Roque d'Anth\u00e9ron le 14 mai 202 4 et adress\u00e9e au servi ce de l'ARS le 9 juillet 2024 par la \ndirectrice de la r\u00e9sidence autonomie Lou Cantaga\u00ef \u00e0 la Roque d'Anth\u00e9ron ;  \n \nVu le courrier du 10 janvier 2025 du directeur g\u00e9n\u00e9ral du centre hospitalier du Pays d'Aix relatif \u00e0 l'attestation \nmanuscrite de 5 personnes se pr\u00e9sentant comme service des urgences de son \u00e9tablissement ; \n \nVu la proc\u00e9dure contradictoire qui a fait l'objet de plusieurs \u00e9changes par mail et voie postale le 20 ao\u00fbt 2024, le \n11 octobre 2024, le 8 novembre 2024, le 18 novembre 2024, et le 11 d\u00e9cembre 2024 entre les services de l'ARS \nPACA et le repr\u00e9sentant l\u00e9gal de la SAS AMBULANCES PACA ;  \n \nVu la convocation en date du 27 f\u00e9vrier 2025 de Monsieur Christophe PERSILLET, pr\u00e9sident de la SAS \nAMBULANCES PACA au sous-comit\u00e9 des transports sanitaires du 20 mars 2025 ;  \n \nVu le rapport du 4 mars 2025 du docteur Julien GREDIN ; \n \nVu les observations de Monsieur Christophe PERSILLET et de son conseil, lors de leur audition aupr\u00e8s du sous-\ncomit\u00e9 des transports sanitaires du 20 mars 2025, selon lesquelles Monsieur PERSILLET admet que le v\u00e9hicule \nutilis\u00e9 n'\u00e9tait pas autoris\u00e9 pour la soci\u00e9t\u00e9 Ambulances PACA, qu'il conteste le fait que l'\u00e9quipage du v\u00e9hicule utilis\u00e9 \npour le transport sanitaire \u00e9tait constitu\u00e9 d'un seul salari\u00e9 non titulaire d'un dipl\u00f4me d'\u00e9tat d'ambulancier, qu'il \nadmet qu'il y a eu un d\u00e9faut de prise en charge de la patiente par l'ambulancier dipl\u00f4m\u00e9 d'\u00e9tat qui aurait \u00e9t\u00e9 \npr\u00e9sent dans l'ambulance sans pouvoir \u00eatre vu, qu'il souligne que les deux membres de l'\u00e9quipage concern\u00e9s ont \nfait l'objet d'une mi se \u00e0 pied \u00e0 titre conservatoire puis d'un licenciement pour faute grave en ce qui concerne \nl'auxiliaire ambulancier agresseur du veilleur de nuit de la r\u00e9sidence autonomie ; \n \nConsid\u00e9rant les faits reproch\u00e9s \u00e0 la SAS AMBULANCES PACA, \u00e0 savoir l'utilisation d'un v\u00e9hicule de cat\u00e9gorie \nC \u2013 Type A sans autorisation pr\u00e9alable de l'ARS , un \u00e9quipage de v\u00e9hicule assurant le transport sanitaire non \nconforme, une absence de surveillance et de la bonne ex\u00e9cution des gestes appropri\u00e9s \u00e0 l'\u00e9tat de la patiente, \npendant le transport en ambulance, et un manquement aux obligations des personnes titulaires d'un agr\u00e9ment ; \n \nConsid\u00e9rant que l'attestation manuscrite sign\u00e9e par 5 personnes se pr\u00e9sentant comme service des urgences du \ncentre hospitalier d'Aix-en-Provence fournie par Monsieur PERSILLET  afin de prouver que l'\u00e9quipage \u00e9tait bien \ncompos\u00e9 de 2 salari\u00e9s dont 1 titulaire du dipl\u00f4me d'\u00e9tat d'ambulancier, est qualifi\u00e9e d'apr\u00e8s le courrier du directeur \ng\u00e9n\u00e9ral du CH d'Aix du 10 janvier 2025 de document \u00ab non institutionnel \u00bb,que le directeur g\u00e9n\u00e9ral pr\u00e9cise \u00ab qu'il \ns'agit d'initiatives personnelles \u00bb, qu'aucun des agents signataires \u00ab  ne peut attester avoir \u00e9t\u00e9 en poste toute la \nsemaine \u00bb et qu'un des agents signataire \u00ab \u00e9tait en cong\u00e9s annuels \u00bb, \n \nConsid\u00e9rant que ni la patiente r\u00e9sidente de la r\u00e9sidence Autonomie Lou Cantaga\u00ef,  ni le veilleur de nuit de la \nr\u00e9sidence Lou Cantaga\u00ef, n'ont vu le second ambulancier pendant le transport sanitaire et \u00e0 l'arriv\u00e9e \u00e0 la r\u00e9sidence \nautonomie alors que la patiente indique avoir \u00e9t\u00e9 laiss\u00e9e seule sans surveillance pendant la totalit\u00e9 du trajet \u00e0 \nl'arri\u00e8re du v\u00e9hicule, et que le veilleur de nuit a \u00e9t\u00e9 agress\u00e9 physiquement par le conducteur de l'ambulance  \u00e0 \nl'arriv\u00e9e \u00e0 la r\u00e9sidence autonomie,  \n \nConsid\u00e9rant que tout en r\u00e9futant le fait que l'\u00e9quipage n'\u00e9tait pas conforme, Monsieur PERSILLET a mis \u00e0 pied \n\u00e0 titre conservatoire le 22 ao\u00fbt 2024 les 2 agents qu'il pr\u00e9sente comme membre de l'\u00e9quipage , puis a licenci\u00e9 \npour faute grave le 2 octobre 2024 l'auxiliaire ambulancier qui a agress\u00e9 le veilleur de nuit, reconnaissant ainsi le \ncaract\u00e8re fautif des agissements de ses salari\u00e9s ; \n \nConsid\u00e9rant que l'article L 6312-4 du code de la sant\u00e9 publique dispose que \u00ab I. - Dans chaque d\u00e9partement, la \nmise en service par les personnes mentionn\u00e9es \u00e0 l'article L. 6312-2 de v\u00e9hicules affect\u00e9s aux transports sanitaires \nterrestres, hors v\u00e9hicules exclusivement affect\u00e9s aux transports effectu\u00e9s dans le cadre de l'aide m\u00e9dicale \nurgente, est soumise \u00e0 l'autorisation du directeur g\u00e9n\u00e9ral de l'ag ence r\u00e9gionale de sant\u00e9.  (\u2026) III. - Le retrait \nd'agr\u00e9ment peut \u00eatre prononc\u00e9 \u00e0 l'encontre de toute personne qui a mis ou maintenu en service un v\u00e9hicule sans \nautorisation. \u00bb ;  \n \nAgence r\u00e9gionale de sant\u00e9 - 13-2025-03-27-00011 - 2025 03 21 D\u00e9cision de retrait temporaire d'agr\u00e9ment SAS AMBULANCES PACA 6\nAgence r\u00e9gionale de sant\u00e9 Provence-Alpes-C\u00f4te d'Azur - Direction d\u00e9partementale des Bouches-du-Rh\u00f4ne - 132, boulevard de Paris - CS 50039 - 13331 Marseille \nCedex 03 \nT\u00e9l 04.13.55.85.50 / Fax : 04.13.55.85.45   \nhttps://www.paca.ars.sante.fr/           Page 3/3 \n \nConsid\u00e9rant que l'article R 6312-7 du code de la sant\u00e9 publique dispose que \u00ab Les personnes composant les \n\u00e9quipages des v\u00e9hicules sp\u00e9cialement adapt\u00e9s au transport sanitaire terrestre mentionn\u00e9s \u00e0 l'article  R 6312-8 \nappartiennent aux cat\u00e9gories suivantes : 1\u00b0 Titulaires du dipl\u00f4me d'Etat d'ambulancier institu\u00e9 par le ministre \ncharg\u00e9 de la sant\u00e9 ;(\u2026) \u00bb ; \nConsid\u00e9rant que l'article R 6312-10 du code de la sant\u00e9 publique dispose que \u00ab La composition des \u00e9quipages \neffectuant des transports sanitaires est d\u00e9finie ci -apr\u00e8s :  1\u00b0 Pour les v\u00e9hicules des cat\u00e9gories A et C : deux \npersonnes appartenant aux cat\u00e9gories de personnel mentionn\u00e9es \u00e0 l'article R. 6312-7, dont l'une au moins de la \ncat\u00e9gorie mentionn\u00e9e au 1 ; (\u2026) \u00bb ; \nConsid\u00e9rant que le paragraphe III Missions des ambulanciers priv\u00e9s  de la circulaire DHOS/SDO/O 1 n\u00b0 2003-\n277 du 10 juin 2003 relative aux relations entre \u00e9tablissements de sant\u00e9 publics et priv\u00e9s et transporteurs \nsanitaires priv\u00e9s  pr\u00e9cise que \u00ab (\u2026) Pendant le  transport en ambulance, le titulaire du certificat de capacit\u00e9  \nd'ambulancier assure la surveillance du patient et la bonne ex\u00e9cution des gestes appropri\u00e9s \u00e0 son \u00e9tat. \u00bb \nConsid\u00e9rant que l'article R 6312-16 du code de la sant\u00e9 publique dispose que \u00ab Le transport est effectu\u00e9 dans le \nrespect du libre choix du malade et sans discrimination d'aucune sorte entre les malades. Il est assur\u00e9 en outre : \n1\u00b0 Avec des moyens en v\u00e9hicules et en personnels conformes aux dispositions des articles R. 6312-14 et R. 6312-\n10 ; 2\u00b0 En tenant compte des indications donn\u00e9es par le m\u00e9decin ; (\u2026) \u00bb ; \nConsid\u00e9rant que l'article R 63 12-5 du code de la sant\u00e9 publique dispose que \u00ab en cas de manquement aux \nobligations de la pr\u00e9sente section par une personne b\u00e9n\u00e9ficiant de l'agr\u00e9ment, celui-ci, apr\u00e8s que l'int\u00e9ress\u00e9 a \u00e9t\u00e9 \nmis \u00e0 m\u00eame de pr\u00e9senter ses observations, en pr\u00e9alable \u00e0 l'avis du sous -comit\u00e9 des transports sanitaires, peut \n\u00eatre retir\u00e9 temporairement ou sans limitation de dur\u00e9e par d\u00e9cision motiv\u00e9e du directeur g\u00e9n\u00e9ral de l'agence  \nr\u00e9gionale de sant\u00e9\u2026 \u00bb ; \nConsid\u00e9rant que le principe de l'individualisation de la peine d\u00e9coulant de l'art 8 de la D\u00e9claration des droits de \nl'homme et du citoyen a \u00e9t\u00e9 pris en compte notamment par rapport aux circonstances sp\u00e9cifiques ; \nConsid\u00e9rant que la SAS a \u00e9t\u00e9 invit\u00e9e \u00e0 pr\u00e9senter ses observations avant le retrait temporaire de l'autorisation, \nainsi elle a b\u00e9n\u00e9fici\u00e9 d'une garantie proc\u00e9durale ; \nConsid\u00e9rant que l'autorit\u00e9 administrative a \u00e9valu\u00e9 la proportionnalit\u00e9 de la sanction administrative en tenant \ncompte de l'aptitude de la mesure \u00e0 atteindre son objectif, de sa n\u00e9cessit\u00e9 et de son caract\u00e8re proportionnel ; \nConsid\u00e9rant la gravit\u00e9 des faits reproch\u00e9s \u00e0 la SAS AMBULANCES PACA, de nature \u00e0 mettre en cause la s\u00e9curit\u00e9 \ndes soins ; \n \nSUR proposition de la d\u00e9l\u00e9gu\u00e9e d\u00e9partementale des Bouches du Rh\u00f4ne  de l'Agence R\u00e9gionale de Sant\u00e9 \nProvence-Alpes-C\u00f4te d'Azur ; \n \nD E C I D E \n \n \nArticle 1er : L'agr\u00e9ment n\u00b0 13 -493 de la SAS AMBULANCES PACA  est retir\u00e9 de mani\u00e8re temporaire pour une \ndur\u00e9e de 6 semaines \u00e0 compter du 15 avril 2025 \u00e0 8h00. \n \nArticle 2 : La d\u00e9cision est communiqu\u00e9e pour information au directeur g\u00e9n\u00e9ral de la caisse primaire d'assurance \nmaladie des Bouches-du-Rh\u00f4ne. \n \nArticle 3 : La pr\u00e9sente d\u00e9cision peut \u00eatre contest\u00e9e par voie de recours contentieux devant la juridiction \nadministrative territorialement comp\u00e9tente dans le d\u00e9lai de 2 mois \u00e0 compter de sa notification. \n \nFait \u00e0 Marseille le 27 mars 2025 Pour le Directeur G\u00e9n\u00e9ral de l'ARS PACA \n Et par d\u00e9l\u00e9gation \n Le directeur G\u00e9n\u00e9ral Adjoint \n  \n Sign\u00e9 \n  \n Olivier BRAHIC \nAgence r\u00e9gionale de sant\u00e9 - 13-2025-03-27-00011 - 2025 03 21 D\u00e9cision de retrait temporaire d'agr\u00e9ment SAS AMBULANCES PACA 7\nAgence r\u00e9gionale de sant\u00e9\n13-2025-03-27-00012\n2025 03 24 D\u00e9cision de retrait temporaire\nd'agr\u00e9ment 7 JOURS SAS SECOURS MEDICAL\nAgence r\u00e9gionale de sant\u00e9 - 13-2025-03-27-00012 - 2025 03 24 D\u00e9cision de retrait temporaire d'agr\u00e9ment 7 JOURS SAS SECOURS\nMEDICAL 8\nREPUBLIQUEFRANCAISELibert\u00e9Egalit\u00e9Fraternit\u00e9\nAr@ D Agence R\u00e9gionale de Sant\u00e9Provence-AlpesC\u00f4te d'Azur\n  \n \n \n \n \n \n \n \n \n \n \n \nAgence r\u00e9gionale de sant\u00e9 Provence-Alpes-C\u00f4te d'Azur - Direction d\u00e9partementale des Bouches-du-Rh\u00f4ne - 132, boulevard de Paris - CS 50039 - 13331 Marseille \nCedex 03 \nT\u00e9l 04.13.55.85.50 / Fax : 04.13.55.85.45   \nhttps://www.paca.ars.sante.fr/           Page 1/3 \n \n \n \nD\u00e9cision DD13-0325-2234-D portant retrait temporaire de l'agr\u00e9ment de transports sanitaires terrestres \nde la SAS SECOURS MEDICAL (agr\u00e9ment num\u00e9ro 13-348) \n \n \nLe directeur g\u00e9n\u00e9ral \nde l'Agence R\u00e9gionale de Sant\u00e9 de Provence-Alpes-C\u00f4te d'Azur \n \n \n \n \nVu le code de la sant\u00e9 publique et notamment ses articles L.6311 -1, L6312-1 \u00e0 L.6313-1 et R.6312-1 \u00e0 R.6314-\n6 ; \n \nVu l'ordonnance n\u00b0 2010-177 du 23 f\u00e9vrier 2010 de coordination avec la loi n\u00b0 2009-879 du 21 juillet 2009 portant \nr\u00e9forme de l'h\u00f4pital et relative aux patients, \u00e0 la sant\u00e9 et aux territoires ; \n \nVu le d\u00e9cret n\u00b0 2010-344 du 31 mars 2010 tirant les cons\u00e9quences, au niveau r\u00e9glementaire, de l'intervention de \nla loi n\u00b0 2009-879 du 21 juillet 2009 portant r\u00e9forme de l'h\u00f4pital et relative aux patients, \u00e0 la sant\u00e9 et aux territoires \n(Art 211) ; \n \nVu le d\u00e9cret n\u00b02012 -1007 du 29 ao\u00fbt 2012 relatif \u00e0 l'agr\u00e9ment n\u00e9cessaire au transport sanitaire terrestre et \u00e0 \nl'autorisation de mise en service de v\u00e9hicules de transport sanitaire ; \n \nVu le d\u00e9cret du 16 juillet 2024 portant nomination de Monsieur Yann BUBIEN en qualit\u00e9 de directeur g\u00e9n\u00e9ral de \nl'Agence r\u00e9gionale de sant\u00e9 Provence-Alpes-C\u00f4te d'Azur \u00e0 compter du 18 juillet 2024 ; \n \nVu l'arr\u00eat\u00e9 du 5 octobre 1995 relatif \u00e0 l'autorisation de mise en service des v\u00e9hicules affect\u00e9s aux transports \nsanitaires terrestres ; \n \nVu l'arr\u00eat\u00e9 du 12 d\u00e9cembre 2017 fixant les caract\u00e9ristiques et les installations mat\u00e9rielles exig\u00e9es pour les \nv\u00e9hicules affect\u00e9s aux transports sanitaires terrestres ; \n \nVu la circulaire DHOS/SDO/O 1 n\u00b0 2003-277 du 10 juin 2003 relative aux relations entre \u00e9tablissements de sant\u00e9 \npublics et priv\u00e9s et transporteurs sanitaires priv\u00e9s ; \n \nVu l'arr\u00eat\u00e9 du 18 juillet 2024 portant d\u00e9l\u00e9gation de signature \u00e0 Madame Caroline AGERON, D\u00e9l\u00e9gu\u00e9e \nd\u00e9partementale des Bouches du Rh\u00f4ne de l'Agence r\u00e9gionale de sant\u00e9 Provence-Alpes-C\u00f4te d'Azur ; \n \nVu la d\u00e9cision n\u00b0DD13 -0225-1585-D du 27 f\u00e9vrier 2025 d\u00e9signant le Dr Julien GREDIN en tant que m\u00e9decin \nhabilit\u00e9 \u00e0 r\u00e9diger les rapports pr\u00e9alables aux avis \u00e9mis par les sous -comit\u00e9s de transports sanitaires du \nd\u00e9partement des Bouches-du-Rh\u00f4ne ; \n \nAgence r\u00e9gionale de sant\u00e9 - 13-2025-03-27-00012 - 2025 03 24 D\u00e9cision de retrait temporaire d'agr\u00e9ment 7 JOURS SAS SECOURS\nMEDICAL 9\nAgence r\u00e9gionale de sant\u00e9 Provence-Alpes-C\u00f4te d'Azur - Direction d\u00e9partementale des Bouches-du-Rh\u00f4ne - 132, boulevard de Paris - CS 50039 - 13331 Marseille \nCedex 03 \nT\u00e9l 04.13.55.85.50 / Fax : 04.13.55.85.45   \nhttps://www.paca.ars.sante.fr/           Page 2/3 \n \nVu la d\u00e9cision 2024 -13-037 du 26 f\u00e9vrier 2024 portant modification de l'agr\u00e9ment de transports sanitaires \nterrestres de la soci\u00e9t\u00e9 ambulances Secours M\u00e9dical (agr\u00e9ment n\u00b013-348) ; \n \nVu la fiche d'\u00e9v\u00e8nement ind\u00e9sirable adress\u00e9e le 9 juillet 2024 par la directrice de la r\u00e9sidence autonomie Lou \nCantaga\u00ef \u00e0 la Roque d'Anth\u00e9ron, relatant l'incident ayant impliqu\u00e9 un salari\u00e9 de la SAS AMBULANCES PACA, \u00e0 \nl'occasion d'un transport sanitaire  r\u00e9alis\u00e9 au moyen d' un v\u00e9hicule autoris\u00e9 pour la SAS SECOURS MEDICAL \nd'une r\u00e9sidente en sortie des urgences de l'h\u00f4pital d'Aix -en-Provence vers la r\u00e9sidence autonomie la nuit du 13 \nau 14 mai 2024 ;   \n \nVu la plainte du veilleur de nuit de la r\u00e9sidence Lou Cantaga\u00ef d\u00e9pos\u00e9e  pour agression physique aupr\u00e8s de la \ngendarmerie de la Roque d'Anth\u00e9ron le 14 mai 202 4 et adress\u00e9e au servi ce de l'ARS le 9 juillet 2024 par la \ndirectrice de la r\u00e9sidence autonomie Lou Cantaga\u00ef \u00e0 la Roque d'Anth\u00e9ron ;  \n \nVu la proc\u00e9dure contradictoire qui a fait l'objet de plusieurs \u00e9changes par mail et voie postale le 31 juillet 2024, le \n20 ao\u00fbt 2024,  le 16 d\u00e9cembre 2024 entre les services de l'ARS PACA et le repr\u00e9sentant l\u00e9gal de la SAS \nSECOURS MEDICAL ;  \n \nVu la convocation en date du 27 f\u00e9vrier 2025 de Monsieur Jean-Marc SANTORO, pr\u00e9sident de la SAS SECOURS \nMEDICAL au sous-comit\u00e9 des transports sanitaires du 20 mars 2025 ;  \n \nVu le rapport du 4 mars 2025 du docteur Julien GREDIN ; \n \nVu les observations de Monsieur Jean-Marc SANTORO et de son conseil, lors de leur audition aupr\u00e8s du sous-\ncomit\u00e9 des transports sanitaires du 2 0 mars 2025, selon lesquelles Monsieur SANOTORO admet qu'il n'avait ni \ndemand\u00e9, ni obtenu d'autorisation de la part de l'ARS pour la cession du droit d'usage du v\u00e9hicule immatricul\u00e9 \nGJ-098-FK au b\u00e9n\u00e9fice de la SAS AMBULANCES PACA et que ce v\u00e9hicule n'\u00e9tait pas gar\u00e9 au garage autoris\u00e9 \npar l'agr\u00e9ment 13-348 de la SAS SECOURS MEDICAL ; \n \nConsid\u00e9rant les faits reproch\u00e9s \u00e0 la SAS SECOURS MEDICAL, \u00e0 savoir absence d'autorisation de cession ou \nde droit d'usage du v\u00e9hicule GJ-098-FK au b\u00e9n\u00e9fice de la SAS AMBUILANCES PACA ; \n \nConsid\u00e9rant que lors de l'audition de Monsieur Jean -Marc SANTORO  dans le cadre  du sous -comit\u00e9 des \ntransports sanitaires du 20 mars 2025 , il a \u00e9t\u00e9 av\u00e9r\u00e9 que le v\u00e9hicule GJ -098-FK n'\u00e9tait pas gar\u00e9 sur le garage \nautoris\u00e9 par l'agr\u00e9ment 13 -348 de la SAS SECOURS MEDICAL sise 278 chemin de Barbarou \u2013 Domaine de \nMontespon n\u00b07 \u00e0 Allauch (13190) mais \u00e9tait gar\u00e9 au garage de la soci\u00e9t\u00e9 AMBULANCES PACA sise 203 route \ndes Camoins \u00e0 Marseille (13011) ce qui a permis au salari\u00e9 d'AMBULANCES PACA d'utiliser ce v\u00e9hicule non \nautoris\u00e9 pour sa soci\u00e9t\u00e9 ;   \nConsid\u00e9rant que l' article R 6312-37 du code de la sant\u00e9 publique dispose que \u00ab (\u2026) II.-1\u00b0 Le transfert de \nl'autorisation initiale de mise en service d'un v\u00e9hicule sanitaire est soumis \u00e0 l'accord pr\u00e9alable du directeur g\u00e9n\u00e9ral \nde l'agence r\u00e9gionale de sant\u00e9 en cas de : (\u2026) - modification de l'implantation du v\u00e9hicule ; - cession du v\u00e9hicule \nou du droit d'usage de ce v\u00e9hicule, au profit et \u00e0 la demande du cessionnaire au titre de la m\u00eame cat\u00e9gorie et du \nm\u00eame d\u00e9partement. (\u2026) ; \nConsid\u00e9rant que l'article R 63 12-5 du code de la sant\u00e9 publique dispose que \u00ab en cas de manquement aux \nobligations de la pr\u00e9sente section par une personne b\u00e9n\u00e9ficiant de l'agr\u00e9ment, celui-ci, apr\u00e8s que l'int\u00e9ress\u00e9 a \u00e9t\u00e9 \nmis \u00e0 m\u00eame de pr\u00e9senter ses observations, en pr\u00e9alable \u00e0 l'avis du sous -comit\u00e9 des transports sanitaires, peut \n\u00eatre retir\u00e9 temporairement ou sans limitation de dur\u00e9e par d\u00e9cision motiv\u00e9e du directeur g\u00e9n\u00e9ral de l'agence  \nr\u00e9gionale de sant\u00e9\u2026 \u00bb \nConsid\u00e9rant que le principe de l'individualisation de la peine d\u00e9coulant de l'art 8 de la D\u00e9claration des droits de \nl'homme et du citoyen a \u00e9t\u00e9 pris en compte notamment par rapport aux circonstances sp\u00e9cifiques ; \nConsid\u00e9rant que la SAS a \u00e9t\u00e9 invit\u00e9e \u00e0 pr\u00e9senter ses observations avant le retrait temporaire de l'autorisation, \nainsi elle a b\u00e9n\u00e9fici\u00e9 d'une garantie proc\u00e9durale ; \nConsid\u00e9rant que l'autorit\u00e9 administrative a \u00e9valu\u00e9 la proportionnalit\u00e9 de la sanction administrative en tenant \ncompte de l'aptitude de la mesure \u00e0 atteindre son objectif, de sa n\u00e9cessit\u00e9 et de son caract\u00e8re proportionnel ; \nConsid\u00e9rant que le principe de l'individualisation de la peine d\u00e9coulant de l'art 8 de la D\u00e9claration des droits de \nl'homme et du citoyen a \u00e9t\u00e9 pris en compte notamment par rapport aux circonstances sp\u00e9cifiques ; \nAgence r\u00e9gionale de sant\u00e9 - 13-2025-03-27-00012 - 2025 03 24 D\u00e9cision de retrait temporaire d'agr\u00e9ment 7 JOURS SAS SECOURS\nMEDICAL 10\nAgence r\u00e9gionale de sant\u00e9 Provence-Alpes-C\u00f4te d'Azur - Direction d\u00e9partementale des Bouches-du-Rh\u00f4ne - 132, boulevard de Paris - CS 50039 - 13331 Marseille \nCedex 03 \nT\u00e9l 04.13.55.85.50 / Fax : 04.13.55.85.45   \nhttps://www.paca.ars.sante.fr/           Page 3/3 \n \nConsid\u00e9rant la gravit\u00e9 des faits reproch\u00e9s \u00e0 la SAS SECOURS MEDICAL, qui par le non -respect du garage \nautoris\u00e9 par son agr\u00e9ment  13-348, entrave la possibilit\u00e9 pour l'ARS PACA de contr\u00f4ler l'\u00e9quipement de son \nv\u00e9hicule et a de plus ainsi permis l' utilisation de son v\u00e9hicule par  des personnes non salari\u00e9es par l'entreprise  \nSECOURS MEDICAL pour un transport sanitaire qui a fait l'objet de plainte et de signalement ; \n \nSUR proposition de la d\u00e9l\u00e9gu\u00e9e d\u00e9partementale des Bouches du Rh\u00f4ne  de l'Agence R\u00e9gionale de Sant\u00e9 \nProvence-Alpes-C\u00f4te d'Azur ; \n \nD E C I D E \n \n \nArticle 1er : L'agr\u00e9ment n\u00b0 13 -348 de la SAS SECOURS MEDICAL est retir\u00e9 de mani\u00e8re temporaire pour une \ndur\u00e9e de 7 jours \u00e0 compter du 15 avril 2025 \u00e0 8h00. \n \nArticle 2 : La d\u00e9cision est communiqu\u00e9e pour information au directeur g\u00e9n\u00e9ral de la caisse primaire d'assurance \nmaladie des Bouches-du-Rh\u00f4ne. \n \nArticle 3 : La pr\u00e9sente d\u00e9cision peut \u00eatre contest\u00e9e par voie de recours contentieux devant la juridiction \nadministrative territorialement comp\u00e9tente dans le d\u00e9lai de 2 mois \u00e0 compter de sa notification. \n \nFait \u00e0 Marseille le, 27 mars 2025  Pour le Directeur G\u00e9n\u00e9ral de l'ARS PACA \n Et par d\u00e9l\u00e9gation \n Le directeur G\u00e9n\u00e9ral Adjoint \n  \n Sign\u00e9 \n  \n Olivier BRAHIC \n \n \n \n \n  \nAgence r\u00e9gionale de sant\u00e9 - 13-2025-03-27-00012 - 2025 03 24 D\u00e9cision de retrait temporaire d'agr\u00e9ment 7 JOURS SAS SECOURS\nMEDICAL 11\nAgence r\u00e9gionale de sant\u00e9\n13-2025-06-23-00011\n2025 06 23 arr\u00eat\u00e9 avenant n\u00b02 Cahier des\ncharges garde ambulanci\u00e8re 13\nAgence r\u00e9gionale de sant\u00e9 - 13-2025-06-23-00011 - 2025 06 23 arr\u00eat\u00e9 avenant n\u00b02 Cahier des charges garde ambulanci\u00e8re 13 12\nREPUBLIQUEFRANCAISELibert\u00e9Egalit\u00e9Fraternit\u00e9\nAr\u00a9 D Agence R\u00e9gionale de Sant\u00e9Provence-AlpesC\u00f4te d'Azur\n                                                                                                             \n1 \n \n \n \n \n \nARRETE DD13-0625-5220-D FIXANT L'AVENANT n\u00b0 2 AU CAHIER DES CHARGES DE LA GARDE \nAMBULANCIERE DES BOUCHES DU RH\u00d4NE \n \n \n \n \n Le Directeur G\u00e9n\u00e9ral de l'Agence R\u00e9gionale de Sant\u00e9 Provence-Alpes-C\u00f4te d'Azur  \n \nVu le code de la sant\u00e9 publique et notamment les articles L. 6311-2, L. 6312-1 \u00e0 L. 6312-5, R. 6311-2, R. 6312-17-\n1 \u00e0 R. 6312-23-2, R. 6312-29 \u00e0 R. 6312-43 ;  \n \nVu le code g\u00e9n\u00e9ral des collectivit\u00e9s territoriales et notamment l'article L. 1424-42 ;  \n \nVu le code de la route et notamment les articles R.311-1, R.313-33 \u00e0 R.313-35, R.432-1 \u00e0 R.432-3 ; \n \nVu le code la s\u00e9curit\u00e9 sociale et notamment l'article L.322-5-2 ;  \n \nVu le d\u00e9cret n\u00b0 2010-336 du 31 mars 2010 portant cr\u00e9ation des Agences r\u00e9gionales de sant\u00e9 ;  \n \nVu le d\u00e9cret n\u00b0 2014 -1584 du 23 d\u00e9cembre 2014 relatif aux exp\u00e9rimentations portant sur les modalit\u00e9s \nd'organisation et de financement des transports sanitaires urgents pr\u00e9vues \u00e0 l'article 66 de la loi de financement \nde la s\u00e9curit\u00e9 sociale pour 2012 ;  \n \nVu le d\u00e9cret n\u00b0 2022 -631 du 22 avril 2022 portant r\u00e9forme des transports sanitaires urgents et de leur \nparticipation \u00e0 la garde ;  \n \nVU le d\u00e9cret du 16 juillet 2024 portant nomination de Monsieur Yann BUBIEN, en qualit\u00e9 de Directeur g\u00e9n\u00e9ral, \nde l'Agence r\u00e9gionale de sant\u00e9 Provence-Alpes-C\u00f4te d'Azur ;  \n \nVu la convention nationale du 26 d\u00e9cembre 2002 destin\u00e9e \u00e0 organiser les rapports entre les transporteurs priv\u00e9s \net les caisses d'assurance maladie, ses annexes et ses onze avenants ; \n  \nVu l'arr\u00eat\u00e9 minist\u00e9riel du 24 avril 2009 relatif \u00e0 la mise en \u0153uvre du r\u00e9f\u00e9rentiel portant organisation du secours \n\u00e0 la personne et \u00e0 l'aide m\u00e9dicale urgente ;  \n \nVu l'arr\u00eat\u00e9 minist\u00e9riel du 5 mai 2009 relatif \u00e0 la mise en \u0153uvre du r\u00e9f\u00e9rentiel SAMU-transports sanitaires portant \norganisation de la r\u00e9ponse ambulanci\u00e8re \u00e0 l'urgence pr\u00e9hospitali\u00e8re ;  \n \nVu l'arr\u00eat\u00e9 minist\u00e9riel du 12 d\u00e9cembre 2017 fixant les caract\u00e9ristiques et les installations mat\u00e9rielles exig\u00e9es \npour les v\u00e9hicules affect\u00e9s aux transports sanitaires terrestres ;  \n \nVu l'arr\u00eat\u00e9 minist\u00e9riel du 26 f\u00e9vrier 2021 portant approbation de l'avenant n\u00b0 10 \u00e0 la convention nationale des \ntransporteurs sanitaires priv\u00e9s ;  \n \nAgence r\u00e9gionale de sant\u00e9 - 13-2025-06-23-00011 - 2025 06 23 arr\u00eat\u00e9 avenant n\u00b02 Cahier des charges garde ambulanci\u00e8re 13 13\n \n2 \nVu l'arr\u00eat\u00e9 du 22 avril 2022 fixant le montant et les modalit\u00e9s de versement de l'indemnit\u00e9 de substitution pour \nl'adaptation de la couverture op\u00e9rationnelle d'un service d'incendie et de secours sur un secteur non couvert \npar une garde ambulanci\u00e8re ;  \n \nVu l'arr\u00eat\u00e9 minist\u00e9riel du 26 avril 2022 relatifs aux plafonds d'heures de garde pour l'organisation de la garde \npr\u00e9vue \u00e0 l'article R6312-19 du code de la sant\u00e9 Publique ; \n \nVu l'arr\u00eat\u00e9 du 26 avril 2022 relatif aux crit\u00e8res, aux modalit\u00e9s de d\u00e9signation ainsi qu'aux obligations et missions \nde l'association des transports sanitaires d'urgence la plus repr\u00e9sentative au plan d\u00e9partemental ;  \n \nVu l'arr\u00eat\u00e9 du 11 juillet 2022 modifiant l'annexe de l'arr\u00eat\u00e9 du 26 avril 2022 relatif aux plafonds d'heures de garde \npour l'organisation de la garde pr\u00e9vue \u00e0 l'article R. 6312-19 du code de la sant\u00e9 publique ; \n \nVu la circulaire DHOS/2009 n\u00b0 192 du 14 octobre 2009 relative \u00e0 l'application de l'arr\u00eat\u00e9 du 24 avril 2009 relatif \n\u00e0 la mise en \u0153uvre du r\u00e9f\u00e9rentiel portant sur l'organisation du secours \u00e0 personne et de l'aide m\u00e9dicale urgente \net de l'arr\u00eat\u00e9 du 5 mai 2009 re latif \u00e0 la mise en \u0153uvre du r\u00e9f\u00e9rentiel portant organisation de la r\u00e9ponse \nambulanci\u00e8re \u00e0 l'urgence pr\u00e9hospitali\u00e8re ;  \n \nVu l'instruction interminist\u00e9rielle N\u00b0 DGOS/R2/DSS/DGSCGC/BOMSIS/2023/27 du 19 avril 2023 compl\u00e9tant \nl'instruction interminist\u00e9rielle N\u00b0 DGOS/R2/DSS/DGSCGC/2022/144 du 13 mai 2022 relative \u00e0 la mise en \u0153uvre \nde la r\u00e9forme des transports sanitaires urgents et de la participation des entreprises de transports sanitaires au \nservice de garde  \n \nVu l'arr\u00eat\u00e9 n\u00b0 DD13-0622 du 29 juin 2022, portant application du cahier des charges pour l'organisation de la \ngarde ambulanci\u00e8re et de la r\u00e9ponse \u00e0 la demande de transports sanitaires urgents dans le d\u00e9partement des \nBouches-du-Rh\u00f4ne ; \n \nVu l'arr\u00eat\u00e9 n\u00b0DD13-0423-3388-D du 26 avril 2023 d\u00e9clarant l'association \u00ab Secours ambulances services 13  \u00bb \nl'association de transport sanitaire urgent (ATSU) plus repr\u00e9sentative du d\u00e9partement pour une dur\u00e9e de quatre \nans ; \n \nVu l'arr\u00eat\u00e9 du 23 mai 2024 portant modification \u00e0 titre exp\u00e9rimental du cahier des charges pour l'organisation \nde la garde ambulanci\u00e8re et de la r\u00e9ponse \u00e0 la demande de transports sanitaires urgents dans le d\u00e9partement \ndes Bouches-du-Rh\u00f4ne ; \n \nVu l'arr\u00eat\u00e9 du Directeur g\u00e9n\u00e9ral de l'Agence r\u00e9gionale de sant\u00e9 Provence -Alpes-C\u00f4te d'Azur en date du 2 juin \n2025 portant d\u00e9l\u00e9gation de signature de M adame Delphine HAUPTMANN  directrice d\u00e9partementale des \nBouches du Rh\u00f4ne ;  \n \nConsid\u00e9rant que les derniers bilans de l'activit\u00e9 de transports sanitaires urgents font appara\u00eetre une progression \ncontinue du volume de carences sur l'ensemble du d\u00e9partement des Bouches-du-Rh\u00f4ne ;  \n \nConsid\u00e9rant la n\u00e9cessit\u00e9 de pr\u00e9server les capacit\u00e9s op\u00e9rationnelles du bataillon de marins-pompiers de Marseille \net du SDIS 13 pour r\u00e9pondre \u00e0 leurs missions propres, ainsi que l'objectif principal poursuivi par la r\u00e9forme des \ntransports sanitaires urgents pr\u00e9hospitaliers, visant \u00e0 am\u00e9liorer les capacit\u00e9s des entreprises de transport sanitaire \n\u00e0 r\u00e9pondre aux missions prescrites par le SAMU ;   \n \nConsid\u00e9rant l'ajout de lignes de garde \u00e0 titre exp\u00e9rimental dans deux secteurs du 1er mars au 31 octobre 2025 ; \n \nConsid\u00e9rant l'avis favorable des membres du sous-comit\u00e9 des transports sanitaires en date du 17 juin 2025 ;  \n \nSur proposition de la directrice de la d\u00e9l\u00e9gation d\u00e9partementale des Bouches-du-Rh\u00f4ne de l'Agence r\u00e9gionale \nde sant\u00e9 Provence-Alpes-C\u00f4te d'Azur ;  \n \n \n \n \n \nAgence r\u00e9gionale de sant\u00e9 - 13-2025-06-23-00011 - 2025 06 23 arr\u00eat\u00e9 avenant n\u00b02 Cahier des charges garde ambulanci\u00e8re 13 14\n \n3 \nARRETE \n \nArticle 1ER :  \n \nL'avenant n\u00b02 au cahier des charges pour l'organisation de la garde et de la r\u00e9ponse \u00e0 la demande de transports \nsanitaires urgents dans le d\u00e9partement d es Bouches du Rh\u00f4ne  fixe les modalit\u00e9s d'organisation de la r\u00e9ponse \ndes entreprises de transport sanitaire aux demandes du service s'aide m\u00e9dicale urgente (SAMU) \u00e0 compter du \n1er juillet 2025.  \nIl figure en annexe du pr\u00e9sent arr\u00eat\u00e9. Il pourra \u00eatre modifi\u00e9 au vu de son \u00e9valuation et au regard des besoins.  \n \nArticle 2 :  \n \nLe pr\u00e9sent avenant 1 au cahier des charges s'applique \u00e0 toutes les entreprises de transports sanitaires agr\u00e9\u00e9es, \n\u00e0 compter du 1er juillet 2025 ; le pr\u00e9c\u00e9dent cahier des charges restant en vigueur jusqu'au 30 juin 2025.  \n \nArticle 3 :  \n \nUn recours peut \u00eatre form\u00e9 contre le pr\u00e9sent arr\u00eat\u00e9 aupr\u00e8s du tribunal administratif comp\u00e9tent, dans un d\u00e9lai \nde deux mois, \u00e0 compter de sa notification. Le tribunal administratif peut \u00eatre saisi d'un recours d\u00e9pos\u00e9 via \nl'application T\u00e9l\u00e9recours citoyens accessible par le site internet www.t\u00e9l\u00e9recours.fr. \n  \nArticle 4 :  \n \nLa directrice de la d\u00e9l\u00e9gation d\u00e9partementale des Bouches -du-Rh\u00f4ne de l'agence r\u00e9gionale de sant\u00e9 de \nProvence-Alpes-C\u00f4te d'Azur est charg\u00e9e de veiller \u00e0 la bonne ex\u00e9cution du pr\u00e9sent arr\u00eat\u00e9 qui sera notifi\u00e9 \u00e0 l'ATSU \nSAS 13, \u00e0 l'assistance publique \u2013 h\u00f4pitaux de Marseille, \u00e0 la CPAM des Bouches -du-Rh\u00f4ne, ainsi qu'aux \nentreprises de transports sanitaires des Bouches-du-Rh\u00f4ne. \n \n \nFait \u00e0 Marseille, le 23 juin 2025  \n \n Pour le Directeur G\u00e9n\u00e9ral de l'ARS PACA \n Et par d\u00e9l\u00e9gation \n La Directrice des Bouches-du-Rh\u00f4ne \n \n Sign\u00e9 \n \n Delphine HAUPTMANN \n  \n \n  \n \n \n \n \nAgence r\u00e9gionale de sant\u00e9 - 13-2025-06-23-00011 - 2025 06 23 arr\u00eat\u00e9 avenant n\u00b02 Cahier des charges garde ambulanci\u00e8re 13 15\n \n4 \n \n \nANNEXE \nAVENANT 2 AU CAHIER DES CHARGES DE LA GARDE \nAMBULANCIERE DES BOUCHES DU RH\u00d4NE \n \nAgence r\u00e9gionale de sant\u00e9 - 13-2025-06-23-00011 - 2025 06 23 arr\u00eat\u00e9 avenant n\u00b02 Cahier des charges garde ambulanci\u00e8re 13 16\n \n5 \n \n \n \n \n \n \n \n \nCAHIER DES CHARGES POUR L'ORGANISATION DE LA GARDE AMBULANCIERE ET  \n DE LA REPONSE A LA DEMANDE DE TRANSPORTS SANITAIRES URGENTS  \nDANS LE DEPARTEMENT DES BOUCHES-DU-RHONE \n \nSommaire \nPR\u00c9AMBULE ............................................................................................................................................. 7 \nARTICLE 1 : PRINCIPES D'ORGANISATION DE LA GARDE ET DES TRANSPORTS SANITAIRES URGENTS... 7 \nARTICLE 2 : ENGAGEMENTS ET IMPLICATION DES INTERVENANTS ........................................................ 7 \n2.1. Responsabilit\u00e9 des intervenants ................................................................................................... 7 \n2.2. Sanctions en cas de manquement aux obligations ...................................................................... 8 \nARTICLE 3 : R\u00d4LE DE L'ATSU .................................................................................................................... 8 \n 3.1 Organisation de la garde et des transports sanitaires urgents des entreprises de transports \nsanitaires\u2026\u2026\u2026\u2026\u2026\u2026\u2026\u2026\u2026\u2026\u2026\u2026\u2026\u2026\u2026\u2026\u2026\u2026\u2026\u2026\u2026\u2026\u2026\u2026\u2026\u2026\u2026\u2026\u2026\u2026\u2026\u2026\u2026\u2026\u2026\u2026\u2026\u2026\u2026\u2026\u2026\u2026\u2026\u2026\u2026\u2026\u2026\u2026\u2026\u2026..\u20264 \n3.2 Suivi de l'activit\u00e9 de transport sanitaire urgent et garant de son bon fonctionnement\u2026\u2026\u2026\u2026\u2026..4 \n3.3 Impulsion et pilotage  de la d\u00e9marche qualit\u00e9 li\u00e9e \u00e0 l'activit\u00e9 des transports saniraires urgents.4 \n3.4 R\u00f4le institutionnel\u2026\u2026\u2026\u2026\u2026\u2026\u2026\u2026\u2026\u2026\u2026\u2026\u2026\u2026\u2026\u2026\u2026\u2026\u2026\u2026\u2026\u2026\u2026\u2026\u2026\u2026\u2026\u2026\u2026\u2026\u2026\u2026\u2026\u2026\u2026\u2026\u2026\u2026\u2026\u2026\u2026\u2026\u2026\u2026.4 \n3.5 Employeur du coordonnateur ambulancier\u2026\u2026\u2026\u2026\u2026\u2026\u2026\u2026\u2026\u2026\u2026\u2026\u2026\u2026\u2026\u2026\u2026\u2026\u2026\u2026\u2026\u2026\u2026\u2026\u2026\u2026\u2026.\u2026\u2026..4 \nARTICLE 4 : SECTORISATION ET HORAIRES DE LA GARDE ............................................ 9 \n4.1. Les secteurs de garde ................................................................................................................... 9 \n4.2. Horaires et secteurs couverts par une garde des transporteurs sanitaires et d\u00e9finition du nombre de \nv\u00e9hicules affect\u00e9s \u00e0 la garde sur chaque secteur .............................................................................. 10 \nARTICLE 5 : ORGANISATION DE LA GARDE ..................................................................... 11 \n5.1. Affectation des entreprises sur les secteurs ............................................................................... 11 \n5.2. \u00c9laboration du tableau de garde ................................................................................................ 11 \n5.3. Modification du tableau de garde .............................................................................................. 12 \n5.4. Non-respect du tour de garde .................................................................................................... 12 \nARTICLE 6 : MOYENS EN RENFORT DES MOYENS DE GARDE ..................................... 12 \nARTICLE 7 : COORDONNATEUR AMBULANCIER ............................................................. 13 \n7.1. Horaires, statut et localisation ................................................................................................... 13 \n7.2. Missions ...................................................................................................................................... 13 \n7.3 Moyens de communication et syst\u00e8mes d'informations ............................................................ 13 \nARTICLE 8 : SOLLICITATION DES MOYENS DE GARDE ET HORS GARDE ................... 14 \n8.1. G\u00e9olocalisation ........................................................................................................................... 14 \nAgence r\u00e9gionale de sant\u00e9 - 13-2025-06-23-00011 - 2025 06 23 arr\u00eat\u00e9 avenant n\u00b02 Cahier des charges garde ambulanci\u00e8re 13 17\n \n6 \n8.2. Sollicitation par le coordonnateur ambulancier ......................................................................... 14 \n8.3. Recours au v\u00e9hicule de garde d'un autre secteur ...................................................................... 14 \n8.4. Indisponibilit\u00e9 injustifi\u00e9e de l'entreprise de garde ..................................................................... 15 \n8.5. D\u00e9lais d'intervention .................................................................................................................. 15 \nARTICLE 9 : MOYENS MAT\u00c9RIELS DU TRANSPORT SANITAIRE URGENT ................... 15 \n9.1. Moyens ....................................................................................................................................... 15 \n9.2. S\u00e9curit\u00e9 sanitaire ........................................................................................................................ 15 \n9.3. S\u00e9curit\u00e9 routi\u00e8re ......................................................................................................................... 16 \nARTICLE 10 : MESURES D'HYGI\u00c8NE ET DE D\u00c9SINFECTION .......................................... 16 \n10.1. Protocoles d'hygi\u00e8ne et de d\u00e9sinfection .................................................................................. 16 \n10.2. Tra\u00e7abilit\u00e9 ................................................................................................................................. 16 \nARTICLE 11 : \u00c9QUIPAGE AMBULANCIER .......................................................................... 16 \n11.1. L'\u00e9quipage ................................................................................................................................ 16 \n11.2. Formation continue .................................................................................................................. 16 \nARTICLE 12 : DYSFONCTIONNEMENTS ET \u00c9V\u00c9NEMENTS IND\u00c9SIRABLES ................. 16 \nARTICLE 13 : SUIVI ET \u00c9VALUATION ................................................................................. 17 \nARTICLE 14 : R\u00c9VISION ...................................................................................................... 17 \nARTICLE 15 : PRISE D'EFFET ............................................................................................. 17 \nANNEXES .............................................................................................................................. 18 \nAnnexe 1 du cahier des charges : R\u00e9f\u00e9rences r\u00e8glementaires .......................................................... 18 \nAnnexe 2 du cahier des charges : Lexique ......................................................................................... 19 \nAnnexe 3 du cahier des charges : Liste et composition des secteurs de garde ................................ 20 \nAnnexe 4 du cahier des charges : Cartographie des secteurs de garde ............................................ 24 \nAnnexe 5 du cahier des charges : Mod\u00e8le de tableau de garde ....................................................... 25 \nAnnexe 6 du cahier des charges : Fiche de permutation ou remplacement de garde...................... 26 \nAnnexe 7 du cahier des charges: Fiche de poste type du coordinateur ambulancier\u2026\u2026\u2026\u2026\u2026\u2026\u2026\u2026.24 \nAnnexe 8 du cahier des charges : Fiche de dysfonctionnement des transports sanitaires urgents . 27 \nAnnexe 9 du cahier des charges : Convention locale quadripartite la convention locale SAMU- TS-SIS-BMPM \nsign\u00e9e le 4 septembre 2024 \u2026\u2026\u2026\u2026\u2026\u2026\u2026\u2026\u2026\u2026\u2026\u2026\u2026\u2026\u2026\u2026\u2026\u2026\u2026\u2026\u2026.\u2026\u2026\u2026\u2026\u2026..\u2026\u2026\u2026\u2026\u2026\u2026\u2026\u2026\u2026\u2026\u2026\u2026\u202628 \n \n  \nAgence r\u00e9gionale de sant\u00e9 - 13-2025-06-23-00011 - 2025 06 23 arr\u00eat\u00e9 avenant n\u00b02 Cahier des charges garde ambulanci\u00e8re 13 18\n \n7 \nPR\u00c9AMBULE \n \nLe pr\u00e9sent cahier des charges fixe les modalit\u00e9s d'organisation de la r\u00e9ponse des entreprises de transport \nsanitaire aux demandes du service d'aide m\u00e9dicale urgente (SAMU) pour le d\u00e9partement des Bouches-du-Rh\u00f4ne. \nIl d\u00e9finit le cadre applicable aux demandes de transports sanitaires urgents n\u00e9cessitant une r\u00e9ponse rapide et \nadapt\u00e9e \u00e0 l'\u00e9tat du patient en vue d'un transport vers un \u00e9tablissement de sant\u00e9 ou un lieu de soins du secteur \nambulatoire figurant sur la liste \u00e9tablie par l'agence r\u00e9gionale de sant\u00e9, \u00e0 l'exclusion de tout transport entre deux \n\u00e9tablissements de soins. Il s'applique \u00e9galement aux transports sanitaires urgents des entreprises de transports \nsanitaires en relais d'une intervention des  services d'incendie et de secours (SIS)  et du bataillon des marins \npompiers de Marseille (BMPM). \n \nLe pr\u00e9sent cahier des charges est arr\u00eat\u00e9 par le directeur g\u00e9n\u00e9ral de l'agence r\u00e9gionale de sant\u00e9 (ARS), apr\u00e8s avis \ndu sous -comit\u00e9 des transports sanitaires (SCTS) du comit\u00e9 d\u00e9partemental de l'aide m\u00e9dicale urgente, de la \npermanence des soins et des transports sanitai res (CODAMUPS -TS). Il a \u00e9t\u00e9 \u00e9tabli en concertation avec \nl'association de transport sanitaire d'urgence la plus repr\u00e9sentative du d\u00e9partement (ATSU), le SAMU, les \nentreprises de transport sanitaire , le service d'incendie et de secours  et le bataillon des marins pompiers de \nMarseille. L'ARS fait appliquer le cahier des charges et contr\u00f4le sa bonne ex\u00e9cution. \nARTICLE 1 : PRINCIPES D'ORGANISATION DE LA GARDE ET DES TRANSPORTS SANITAIRES URGENTS \n \nUne garde  ambulanci\u00e8re est organis\u00e9e  sur toute partie du territoire d\u00e9partemental et \u00e0 tout moment de la \njourn\u00e9e ou de la nuit, o\u00f9 l'activit\u00e9 de transports sanitaires urgents, \u00e0 la demande du SAMU \u2013 Centre 15 justifie la \nmise en place de moyens d\u00e9di\u00e9s. \n \nD\u00e9sormais volontaire, la garde est r\u00e9gie par l'article R.6312 -18 et suivants du code de la sant\u00e9 publique. Toute \nentreprise de transports sanitaires priv\u00e9e agr\u00e9\u00e9e peut participer \u00e0 ce dispositif, en fonction de ses moyens \nmat\u00e9riels (v\u00e9hicules habilit\u00e9s) et humains (personnels form\u00e9s).  \n \nLes entreprises de transport sanitaire peuvent se regrouper au sein d'un groupement d'int\u00e9r\u00eat \u00e9conomique pour \nmettre en commun leurs moyens dans le cadre de la garde. Ce groupement doit \u00eatre agr\u00e9\u00e9 pour l'accomplissement \ndes transports sanitaires effectu\u00e9s dans le cadre de l'aide m\u00e9dicale urgente (article R.6312 -22 du CSP) et \nconforme \u00e0 la r\u00e9glementation g\u00e9n\u00e9rale en vigueur1. \nEn dehors des p\u00e9riodes de garde, les transports sanitaires urgents sont assur\u00e9s par les entreprises de transport \nsanitaire volontaires et disponibles.  \n \nUn agr\u00e9ment de l'ARS, ainsi qu'un conventionnement avec l'Assurance maladie en application de la convention-\ntype nationale qui organise les rapports entre les entreprises de transports sanitaires priv\u00e9es et les caisses \nd'assurance maladie (convention concl ue le 26 d\u00e9cembre 2002 et avenants) sont n\u00e9cessaires pour toute \nentreprise de transport sanitaire participant \u00e0 l'aide m\u00e9dicale urgente. \n \nPendant les p\u00e9riodes de garde et en dehors, toutes les demandes de transports sanitaires urgents sont adress\u00e9es \npar le Centre de R\u00e9ception et de R\u00e9gulation des appels 15 (CRRA 15) de l'assistance publique h\u00f4pitaux de \nMarseille (APHM) au coordonnateur ambulancier, qui sollicite les entreprises. \nARTICLE 2 : ENGAGEMENTS ET IMPLICATION DES INTERVENANTS \n2.1. Responsabilit\u00e9 des intervenants  \nLes entreprises de transport sanitaire, lorsqu'elles interviennent dans le cadre de l'aide m\u00e9dicale urgente \u00e0 la \ndemande du SAMU en application de l'article R.6312-17-1 du CSP, s'engagent \u00e0 : \n\u2022 Respecter les d\u00e9lais d'intervention fix\u00e9s par le SAMU et \u00e0 informer le coordonnateur ambulancier du \nd\u00e9part en mission et de l'ach\u00e8vement de celle-ci ; \n\u2022 Transmettre d\u00e8s que possible au SAMU un bilan clinique du patient ; \n\u2022 Effectuer les premiers gestes relevant de l'urgence adapt\u00e9s \u00e0 l'\u00e9tat du patient, en cas de demande du \nSAMU en respectant le cadre r\u00e9glementaire ; \n\u2022 Transporter le patient vers le lieu de soins d\u00e9termin\u00e9 par le SAMU et figurant sur la liste arr\u00eat\u00e9e par le \nDG-ARS, s'il en fait la demande ; \n\u2022 Informer le SAMU de toute modification de l'\u00e9tat du patient pendant la mission ; \n\u2022 Transmettre les informations administratives et cliniques relatives au patient \u00e0 l'arriv\u00e9e sur le lieu de soins ; \n\u2022 Participer le cas \u00e9ch\u00e9ant, \u00e0 la r\u00e9alisation des actes de t\u00e9l\u00e9m\u00e9decine, dans le cadre des comp\u00e9tences de \nl'\u00e9quipage et sous la surveillance du m\u00e9decin r\u00e9gulateur.  \n \n1 Articles L.251-1 et suivants du Code de commerce. \nAgence r\u00e9gionale de sant\u00e9 - 13-2025-06-23-00011 - 2025 06 23 arr\u00eat\u00e9 avenant n\u00b02 Cahier des charges garde ambulanci\u00e8re 13 19\n \n8 \n \nPlus sp\u00e9cifiquement, pendant les p\u00e9riodes de garde, les entreprises de transport sanitaire inscrites au \ntableau de garde s'engagent \u00e0 effectuer les gardes pour lesquelles elles sont inscrites.  \n \nLe SAMU-centre 15 : \n\u2022 Transmet imm\u00e9diatement au coordonnateur ambulancier, toute demande de transport sanitaire urgent \nd'une entreprise de transport sanitaire, sur d\u00e9cision du m\u00e9decin r\u00e9gulateur ; \n\u2022 Sollicite le SIS ou le BMPM pour une intervention en carence, lorsque le coordonnateur ambulancier \nconstate le d\u00e9faut de disponibilit\u00e9 des entreprises de transports sanitaires ; \n\u2022 Re\u00e7oit le bilan clinique et indique \u00e0 l'\u00e9quipage ambulancier les actions \u00e0 effectuer en fonction de l'\u00e9tat du \npatient ; \n\u2022 Indique le lieu d'adressage/destination.  \n \n2.2. Sanctions en cas de manquement aux obligations \nTout manquement aux obligations r\u00e8glementaires dans le cadre de la garde et du cahier des charges peut faire \nl'objet d'une d\u00e9cision de retrait, temporaire ou d\u00e9finitive, d'autorisation de mise en service et/ou d'agr\u00e9ment voire \nde sanctions judiciaires. \n \nLes activit\u00e9s de garde et de transports sanitaires urgents sont soumises aux m\u00eames r\u00e8gles concernant les \nv\u00e9hicules que l'activit\u00e9 de transport sanitaire non sp\u00e9cialis\u00e9e.  \nARTICLE 3 : R\u00d4LE DE L'ATSU \n \nL'ATSU la plus repr\u00e9sentative au plan d\u00e9partemental, d\u00e9sign\u00e9e par arr\u00eat\u00e9 du directeur g\u00e9n\u00e9ral de l'ARS selon les \ncrit\u00e8res de repr\u00e9sentativit\u00e9 d\u00e9finis par arr\u00eat\u00e9 minist\u00e9riel est charg\u00e9e d'organiser op\u00e9rationnellement la garde, dans \nle cadre des obligations fix\u00e9es par le pr\u00e9sent cahier des charges, et plus g\u00e9n\u00e9ralement la r\u00e9ponse des \nambulanciers priv\u00e9s \u00e0 l'aide m\u00e9dicale urgente. \n \nL'ATSU \u00ab secours ambulances services 13 \u00bb a \u00e9t\u00e9 d\u00e9clar\u00e9e la plus repr\u00e9sentative du d\u00e9partement par l'arr\u00eat\u00e9 n\u00b0 \nDD13-0423-3388-D du directeur g\u00e9n\u00e9ral de l'ARS PACA, \u00e0 compter du 26 avril 2023 et pour une dur\u00e9e de quatre \nans. \n \nLes missions de l'ATSU la plus repr\u00e9sentative du d\u00e9partement sont d\u00e9finies par l'arr\u00eat\u00e9 relatif aux crit\u00e8res, aux \nmodalit\u00e9s de d\u00e9signation ainsi qu'aux obligations et missions de l'association des transports sanitaires d'urgence \nla plus repr\u00e9sentative au plan d\u00e9partemental. \n \n3.1 Organisation de la garde et des transports sanitaires urgents des entreprises de transports \nsanitaires  \n \n- Proposition du tableau de garde en d\u00e9finissant avec les entreprises de transport sanitaire du d\u00e9partement des \ncrit\u00e8res de r\u00e9partition des gardes et en proposant \u00e0 l'ARS le tableau de garde qui r\u00e9partit de mani\u00e8re \u00e9quitable \nles p\u00e9riodes de garde entre les entreprises volontaires (voir article 5). \n- Recherche d'une entreprise rempla\u00e7ante en cas de d\u00e9faillance (panne de mat\u00e9riel, emp\u00eachement li\u00e9 au \npersonnel malade) et de difficult\u00e9 de l'entreprise d\u00e9faillante \u00e0 trouver un rempla\u00e7ant, et information de la \nmodification \u00e0 l'ARS, le SAMU et la CPAM. En ca s de d\u00e9faillance, la responsabilit\u00e9 de l'ATSU ne peut \u00eatre \nengag\u00e9e qu'en justifiant d'\u00e9l\u00e9ments probants de dysfonctionnements internes importants. \n- Organisation du volontariat pour les transports sanitaires urgents hors garde ou en cas d'indisponibilit\u00e9 de \nl'entreprise de garde, en constituant une liste d'entreprises volontaires mise \u00e0 disposition du coordonnateur et \ntenue \u00e0 jour et en d\u00e9finissant la proc\u00e9dure de sollicitation des volontaires. La proc\u00e9dure peut \u00eatre int\u00e9gr\u00e9e au \nlogiciel d'information et de g\u00e9olocalisation.  \n- D\u00e9tention et gestion du logiciel d'information et de g\u00e9olocalisation des v\u00e9hicules intervenant dans le cadre \ndes transports sanitaires urgents et financement du logiciel. \n3.2. Suivi de l'activit\u00e9 de transport sanitaire urgent et garant de son bon fonctionnement \n- Suivi de l'activit\u00e9 de transport sanitaire urgent, en analysant la base de donn\u00e9es \u00e9tablie et transmise chaque \nsemaine par le coordonnateur ambulancier, et participation \u00e0 l'\u00e9valuation de l'organisation mise en place, \nnotamment par le suivi des indicateurs de r\u00e9sultat et en \u00e9valuant les pratiques li\u00e9es aux transports sanitaires \nurgents des entreprises de transports sanitaires. \nAgence r\u00e9gionale de sant\u00e9 - 13-2025-06-23-00011 - 2025 06 23 arr\u00eat\u00e9 avenant n\u00b02 Cahier des charges garde ambulanci\u00e8re 13 20\n \n9 \n- Sensibilisation des entreprises \u00e0 leurs obligations, intervention aupr\u00e8s des entreprises en cas de \ndysfonctionnement et alerte de l'ARS, le SAMU, la CPAM, le SIS et le BMPM sur tout dysfonctionnement. \n- Transmission \u00e0 la CPAM des \u00e9l\u00e9ments n\u00e9cessaires \u00e0 la r\u00e9mun\u00e9ration et notamment au calcul de la garantie \nde revenu avant le 10 de chaque mois et conform\u00e9ment aux instructions de la note du 8 septembre 2022 \nr\u00e9actualis\u00e9es le 22 janvier 2025 \u00ab Diffusion d'un outil permettant de recenser tous les mois l'activit\u00e9 de jour et \nl'activit\u00e9 de nuit des transports sanitaires urgents r\u00e9alis\u00e9es par les entreprises de transports sanitaires pour le \ncalcul du revenu minimal garanti \u00ab jour \u00bb et du revenu minimal garanti \u00ab nui t \u00bb, et le paiement des sorties \nblanches, \u00e0 compter des paiements au titre du mois de mars 2025 \u00bb . \n3.3. Impulsion et pilotage de la d\u00e9marche qualit\u00e9 li\u00e9e \u00e0 l'activit\u00e9 des transports sanitaires urgents \n- D\u00e9finition d'un plan de formation collectif pour les entreprises participant aux transports sanitaires urgents et \nsuivi de la mise en \u0153uvre des actions de formation continue obligatoires. Les modalit\u00e9s de mise en place de \nla formation continue sont pr\u00e9cis\u00e9es dans la convention locale SAMU-TS-SIS-BMPM sign\u00e9e le 4 septembre \n2024 (annexe 8). \n- Participation \u00e0 l'identification des \u00e9v\u00e8nements ind\u00e9sirables li\u00e9s aux transports sanitaires urgents et information \nde l'\u00e9tablissement si\u00e8ge du SAMU, qui d\u00e9clare l'EIG \u00e0 l'ARS. Organisation ou participation aux retours \nd'exp\u00e9rience et \u00e0 la mise en place du plan d'actions correctrices en lien avec les acteurs concern\u00e9s.  \n3.4. R\u00f4le institutionnel \n- Si\u00e8ge au CODAMUPS-TS et au sous-comit\u00e9 des transports sanitaires. \n- Repr\u00e9sentation des entreprises de transport sanitaire aupr\u00e8s des partenaires dans le cadre de l'aide m\u00e9dicale \nurgente (ARS, CPAM, SAMU, SIS, BMPM). \n- Participation \u00e0 la concertation pour l'\u00e9laboration du pr\u00e9sent cahier des charges et sa r\u00e9vision. \n- Repr\u00e9sentation des entreprises et interlocuteur privil\u00e9gi\u00e9 du SAMU et des pouvoirs publics en cas de situation \nsanitaire exceptionnelle. \n3.5. Employeur du coordonnateur ambulancier  \nRecrutement, financement et suivi de l'ex\u00e9cution des missions du coordonnateur ambulancier. \nARTICLE 4 : SECTORISATION ET HORAIRES DE LA GARDE  \n \n4.1. Les secteurs de garde  \nLa d\u00e9limitation des secteurs de garde tient compte  des d\u00e9lais d'intervention, du nombre d'habitants, des \ncontraintes g\u00e9ographiques et de la localisation des \u00e9tablissements de sant\u00e9, en application de l'article R. 6312-20 \ndu CSP. \n \nLa garde ambulanci\u00e8re du d\u00e9partement des Bouches -du-Rh\u00f4ne fait l'objet d'un d\u00e9coupage en 1 1 secteurs de \ngarde et 3 secteurs de garde regroup\u00e9s sur certaines tranches horaires de nuit, soit :  \n- Aix-en-Provence nord \n- Aix-en-Provence sud \n- Aix-en-Provence nuit (secteur regroupant Aix-en-Provence nord et Aix-en-Provence sud) \n- Etang de Berre \n- Martigues \n- Salon-de-Provence \n- Arles \n- Saint-R\u00e9my-de-Provence \n- Aubagne nord  \n- Aubagne sud \u2013 La Ciotat \n- Aubagne nuit (secteur regroupant Aubagne nord et Aubagne sud-La Ciotat) \n- Marseille nord \n- Marseille nord / Etang de Berre nuit (secteur regroupant Marseille nord et Etang de Berre) \n- Marseille sud \nLa r\u00e9partition des communes entre les secteurs est annex\u00e9e au cahier des charges (annexe 3), ainsi que la \ncartographie des secteurs de garde (annexe 4). \n \nAgence r\u00e9gionale de sant\u00e9 - 13-2025-06-23-00011 - 2025 06 23 arr\u00eat\u00e9 avenant n\u00b02 Cahier des charges garde ambulanci\u00e8re 13 21\n \n10 \n4.2. Horaires et secteurs couverts par une garde des transporteurs sanitaires et d\u00e9finition du nombre de \nv\u00e9hicules affect\u00e9s \u00e0 la garde sur chaque secteur  \nLa d\u00e9finition des secteurs et horaires couverts par une garde est \u00e9tablie notamment en fonction des besoins de \ntransports sanitaires urgents sur chaque territoire et \u00e0 chaque p\u00e9riode de la journ\u00e9e et de la nuit. \n \nListe des secteurs et horaires :  \n \nSECTEUR HORAIRES DE \nGARDE \nNOMBRE DE VEHICULES \nAFFECTES \nAix-en-Provence nord * \n \n8h \u2013 20h \n11h - 21h \n \n1 \n1 en semaine \n \nAix-en-Provence sud \n \n8h \u2013 19h \n19h - 20h \n \n2 \n1 \n \nAix-en-Provence Nuit \nRegroupant Aix-en-Provence nord et sud \n \n \n20h \u2013 24h \n00h \u2013 07h \n07h \u2013 08h \n \n \n \n2 \n1 \n2 \nEtang de Berre \n \n6h \u2013 8h \n8h \u2013 20h \n \n \n1 \n1 \n \nMartigues  \n \n0h \u2013 8h \n8h \u2013 20h \n20h \u2013 24h \n \n \n1 \n2 \n2 \n \nSalon-de-Provence * \n \n0h \u2013 8h \n8h \u2013 20h \n         20h \u2013 24h \n9h \u2013 19h \n \n \n1 \n2 \n2 \n1 en semaine \nArles \n \n0h \u2013 8h \n8h \u2013 20h \n20h \u2013 24h \n \n \n1 \n1 \n1 \nSaint-R\u00e9my-de-Provence  \n \n0h \u2013 8h \n8h \u2013 20h \n20h \u2013 24h \n \n0 \n1 \n1 \n \nAubagne nord  \n \n8h \u2013 20h \n \n \n1 \n \n \nAubagne sud \u2013 La Ciotat \n \n \n8h \u2013 20h \n \n \n1 \nAubagne nuit \nRegroupant Aubagne nord et Aubagne sud \n \n0h \u2013 8h \n20h \u2013 24h \n \n \n1 \n1 \nMarseille Nord / Etang de Berre nuit \nRegroupant Marseille Nord et Etang de Berre \n \n0h - 6h \n6h \u2013 8h \n20h - 24h \n \n \n2 \n4 \n3 \nAgence r\u00e9gionale de sant\u00e9 - 13-2025-06-23-00011 - 2025 06 23 arr\u00eat\u00e9 avenant n\u00b02 Cahier des charges garde ambulanci\u00e8re 13 22\n \n11 \nMarseille nord \n \n8h \u2013 12h \n12h \u2013 18h \n18h \u2013 20h \n \n \n4 \n4 \n3 \nMarseille sud \n \n0h \u2013 6h \n6h \u201310h \n10h \u2013 12h \n \n12h - 18h \n18h - 20h \n20h \u2013 24h \n \n \n2 \n5 \u00e0 l'exception du dimanche 4 \n6 en semaine, 5 le samedi et 4 le \ndimanche \n6 en semaine et 5 le WE \n5 en semaine et 4 le WE \n4 \n \n*Une exp\u00e9rimentation sera conduite pour 8 mois \u00e0 compter du 01/03/2025 afin d'ajouter une ligne de garde sur le \nsecteur de Salon de 9h \u00e0 19h en semaine et une ligne de garde sur le secteur d'Aix -en-Provence de 11h \u00e0 21h \nen semaine.  \n \nLes horaires de garde et le nombre de v\u00e9hicules par secteur peuvent \u00eatre r\u00e9vis\u00e9s selon les besoins constat\u00e9s, \napr\u00e8s avis du sous-comit\u00e9 des transports sanitaires. \n \n4.3 Indemnit\u00e9 de substitution sur les secteurs sans garde \nL'indemnit\u00e9 de substitution est r\u00e9gie par l'arr\u00eat\u00e9 fixant le montant et les modalit\u00e9s de versement de l'indemnit\u00e9 de \nsubstitution pour l'adaptation de la couverture op\u00e9rationnelle d'un service d'incendie et de secours sur un secteur \nnon couvert par une garde ambulanci\u00e8re.  \n \nL'indemnit\u00e9 de substitution est vers\u00e9e au service d'incendie et de secours identifi\u00e9 comme suit : 12 \u20ac /h. \n \nLe nombre de secteurs concern\u00e9s par l'indemnit\u00e9 de substitution est de 1 (Saint-R\u00e9my-de-Provence). \n \nLe nombre d'heures non couvertes par un service de garde est \u00e9tabli \u00e0 hauteur de 8 heures. \nARTICLE 5 : ORGANISATION DE LA GARDE  \n \n5.1. Affectation des entreprises sur les secteurs \nChaque entreprise du d\u00e9partement est rattach\u00e9e \u00e0 un secteur. L'affectation se fait de mani\u00e8re concert\u00e9e entre \nl'ATSU et les entreprises.  \n \nLa liste d'affectation \u00e0 jour est mise \u00e0 disposition du coordonnateur ambulancier par l'ATSU. Tout diff\u00e9rent \npersistant sur la question est port\u00e9 \u00e0 la connaissance du sous-comit\u00e9 des transports sanitaires et arbitr\u00e9 par l'ARS \nen fonction du lieu d'implantation de l'entreprise. \n \nLes principes suivants guident l'affectation des entreprises sur les secteurs : \n\u2022 Le lieu d'implantation de l'entreprise ; \n\u2022 Le temps d'intervention aupr\u00e8s des services d'urgences en tenant compte du rep\u00e8re de 30 minutes ; \n\u2022 Des moyens mat\u00e9riels et humains des entreprises.  \nL'affectation d\u00e9finit une r\u00e9partition \u00e9quilibr\u00e9e, qui doit permettre d'\u00e9viter le surnombre ou le d\u00e9ficit d'un secteur \u00e0 \nl'autre. \n \nDans ce cadre, les entreprises volontaires peuvent \u00e9tablir une convention de fonctionnement avec l'ATSU.  \n \n5.2. \u00c9laboration du tableau de garde \nLe tableau de garde pr\u00e9voit l'organisation de la garde dans chaque secteur  pour une p\u00e9riode d\u00e9termin\u00e9e par \nl'arr\u00eat\u00e9 qui lui est relatif.  \n \nAfin de r\u00e9aliser celui-ci, les entreprises s'engagent \u00e0 participer aux transports sanitaires urgents pour une dur\u00e9e \nau moins \u00e9quivalente \u00e0 celle fix\u00e9e par l'arr\u00eat\u00e9 relatif aux tableaux de la garde ambulanci\u00e8re. \n \nAgence r\u00e9gionale de sant\u00e9 - 13-2025-06-23-00011 - 2025 06 23 arr\u00eat\u00e9 avenant n\u00b02 Cahier des charges garde ambulanci\u00e8re 13 23\n \n12 \nIl est propos\u00e9 par l'ATSU la plus repr\u00e9sentative au plan d\u00e9partemental et arr\u00eat\u00e9 par le directeur g\u00e9n\u00e9ral de l'agence \nr\u00e9gionale de sant\u00e9 apr\u00e8s avis du sous-comit\u00e9 des transports sanitaires du CODAMUPS-TS. \n \nIl pr\u00e9cise les horaires et jours de garde, l'entreprise affect\u00e9e pour chaque p\u00e9riode de garde (num\u00e9ro d'agr\u00e9ment \net d\u00e9nomination) et la localisation de l'implantation.  \n \nUn tableau de garde type figure en annexe 5. \n \nLe tableau de garde est \u00e9labor\u00e9 selon les principes suivants, conform\u00e9ment au cadre \u00e9tabli par les articles R.6312-\n21 et R.6312-22 du CSP : \n- L'association d\u00e9partementale de transport sanitaire d'urgence la plus repr\u00e9sentative au plan d\u00e9partemental \nd\u00e9finit collectivement avec les entreprises du d\u00e9partement les crit\u00e8res et la cl\u00e9 de r\u00e9partition des p\u00e9riodes de \ngarde entre les entreprises, prenant en compte notamment leurs moyens mat\u00e9riels et humains ; \n- L'ATSU sollicite l'ensemble des entreprises de transport sanitaire agr\u00e9\u00e9es du d\u00e9partement, \nadh\u00e9rentes et non adh\u00e9rentes, et propose une r\u00e9partition des gardes entre les entreprises volontaires ; \n- Si le tableau propos\u00e9 ne couvre pas l'int\u00e9gralit\u00e9 des secteurs de garde ou des cr\u00e9neaux horaires o\u00f9 \nune garde est pr\u00e9vue, l'agence r\u00e9gionale de sant\u00e9 peut imposer la participation de toute entreprise de \ntransport sanitaire agr\u00e9\u00e9e dans le secteur de garde concern\u00e9 , en fonction de ses moyens  mat\u00e9riels et \nhumains ; \n- Le tableau est soumis pour avis au sous -comit\u00e9 de transports sanitaires, puis arr\u00eat\u00e9 par le directeur g\u00e9n\u00e9ral \nde l'ARS trois mois au moins avant sa mise en \u0153uvre ; \n- Le tableau de garde arr\u00eat\u00e9 est diffus\u00e9 par l'ARS \u00e0 l'ATSU, au SAMU, \u00e0 la CPAM au SDIS, et au BMPM dans \nles meilleurs d\u00e9lais. L'ATSU communique le tableau de garde aux entreprises de transport sanitaire du \nd\u00e9partement.  \n5.3. Modification du tableau de garde  \nEn cas d'indisponibilit\u00e9 d'une entreprise initialement mentionn\u00e9e dans le tableau de garde (panne de mat\u00e9riel, \nemp\u00eachement li\u00e9 au personnel malade, etc.) , cette entreprise doit le signaler sans d\u00e9lai \u00e0 l'ATSU en charge du \ntableau de garde.  \n \nL'entreprise de garde d\u00e9faillante recherche par tout moyen une entreprise pour la remplacer :  appel \u00e0 une soci\u00e9t\u00e9 \nhors secteur volontaire en cas d'indisponibilit\u00e9 des autres entreprises au sein du secteur, etc. A d\u00e9faut de solution \nalternative, l'entreprise de garde d\u00e9faillante indique \u00e0 l'ATSU les entreprises contact\u00e9es et les moyens mis en \n\u0153uvre.  \n \nL'ATSU peut appuyer ou accompagner l'entreprise qui justifie que sa recherche est infructueuse. \n \nEn cas de permutation de garde, l'ATSU avertit le plus rapidement possible le SAMU, l'ARS et la CPAM du \nremplacement. La fiche de permutation de garde compl\u00e9t\u00e9e (annexe 6) doit leur \u00eatre transmise, accompagn\u00e9 du \nnouveau tableau de garde. \n \n5.4. Non-respect du tour de garde  \nDans le cas o\u00f9 l'entreprise n'a pu \u00eatre remplac\u00e9e et le tableau de garde modifi\u00e9 (voir en ce sens \u00ab 5.3 Modification \ndu tableau de garde  \u00bb, l'entreprise est d\u00e9clar\u00e9e responsable du dysfonctionnement et consid\u00e9r\u00e9e comme \nd\u00e9faillante. L'information est transmise \u00e0 l'ARS et \u00e0 la CPAM.  \n \nL'entreprise, sauf cas de force majeure, s'expose \u00e0 des sanctions en application de l'article R. 6314-5 du code de \nla sant\u00e9 publique.  \n \nARTICLE 6 : MOYENS EN RENFORT DES MOYENS DE GARDE  \n \nEn compl\u00e9ment des moyens mis \u00e0 disposition dans le cadre du tableau de garde, l'ATSU constitue une liste \nd'entreprises gr\u00e2ce notamment au syst\u00e8me d'information logiciel, qui se sont d\u00e9clar\u00e9es volontaires pour effectuer \ndes transports sanitaires urgents, \u00e0 solliciter en cas d'indisponibilit\u00e9 ou d'absence des moyens de garde. Cette \nmobilisation des ambulances hors garde est facilit\u00e9e par l'action du coordonnateur ambulancier et la mobilisation \ndes informations de g\u00e9olocalisation des v\u00e9hicules. \n \nL'ATSU transmet la liste au coordonnateur ambulancier sans d\u00e9lai en cas de mise \u00e0 jour. \n \nAgence r\u00e9gionale de sant\u00e9 - 13-2025-06-23-00011 - 2025 06 23 arr\u00eat\u00e9 avenant n\u00b02 Cahier des charges garde ambulanci\u00e8re 13 24\n \n13 \nL'ATSU d\u00e9finit collectivement avec les entreprises du d\u00e9partement le mode de sollicitation de ces entreprises \nvolontaires, qui s'appuie notamment sur la g\u00e9olocalisation des v\u00e9hicules. \n \nEn dehors du dispositif de garde, les entreprises n'ont pas d'obligation de r\u00e9pondre favorablement \u00e0 une demande \nde transport sanitaire urgent du SAMU. Toutefois, le coordonnateur ambulancier devra dans tous les cas solliciter \nen premier lieu les entreprises de transports sanitaires avant de faire \u00e9tat de leur indisponibilit\u00e9 aupr\u00e8s du SAMU, \nqui pourra faire appel au SIS ou au BMPM en carence. \n \nARTICLE 7 : COORDONNATEUR AMBULANCIER  \n \n7.1. Horaires, statut et localisation  \nDans le d\u00e9partement des Bouches -du-Rh\u00f4ne, un coordonnateur ambulancier est mis en place 7 jours / 7, 24 \nheures / 24. Il est actuellement situ\u00e9 rue des Roseaux, Bouc-Bel-Air. Il est plac\u00e9 en lien avec le SAMU gr\u00e2ce au \npartage d'un outil informatique. \n \nIl est recrut\u00e9 par l'ATSU. Le coordonnateur ambulancier est sous l'autorit\u00e9 fonctionnelle du m\u00e9decin r\u00e9gulateur du \nSAMU pour ses missions li\u00e9es \u00e0 l'engagement op\u00e9rationnel des v\u00e9hicules sur demande du SAMU.  \n \n7.2. Missions \nLe coordonnateur ambulancier a pour mission de solliciter les entreprises de transport sanitaire en r\u00e9ponse aux \ndemandes de transports sanitaires urgents du SAMU. Il met en \u0153uvre la d\u00e9cision du m\u00e9decin r\u00e9gulateur \nd'engager une ambulance priv\u00e9e, dans les d\u00e9 lais fix\u00e9s par celui -ci. Il assure le suivi de l'activit\u00e9 des transports \nsanitaires urgents et de l'indisponibilit\u00e9 des entreprises de transports sanitaires, y compris les indisponibilit\u00e9s \ninjustifi\u00e9es. \nMissions pour faire diminuer le nombre de carences ambulanci\u00e8res : \n- Avoir une visibilit\u00e9 permanente de la disponibilit\u00e9 des ambulances de garde ou hors garde en prenant en \ncompte les d\u00e9lais d'intervention et les moyens techniques et humains disponibles ; \n- S'appuyer sur la g\u00e9olocalisation pour mobiliser les ambulances sur demande du SAMU :  \no En priorit\u00e9 les moyens ambulanciers post\u00e9s ; \no En compl\u00e9ment, les moyens ambulanciers hors garde ; \n- Faire \u00e9tat sans d\u00e9lai au SAMU des indisponibilit\u00e9s ambulanci\u00e8res. Dans les cas o\u00f9 il s'av\u00e8re impossible \nde r\u00e9pondre en temps et en qualit\u00e9 \u00e0 la demande du SAMU, apr\u00e8s une recherche infructueuse aupr\u00e8s de \ndeux entreprises diff\u00e9rentes au moins, le coordonnat eur ambulancier constate le d\u00e9faut de disponibilit\u00e9 \ndes entreprises de transports sanitaires permettant au SAMU de solliciter les moyens du SIS et de qualifier \nla carence ambulanci\u00e8re ; \n- Organiser le cas \u00e9ch\u00e9ant la jonction entre le SIS et les entreprises de transports sanitaires, en lien avec \nle SAMU. La proc\u00e9dure de jonction est pr\u00e9cis\u00e9e dans la convention locale SAMU -ATSU-SIS-BMPM \nsign\u00e9e le 4 septembre 2024.  \nMissions pour assurer la tra\u00e7abilit\u00e9 et effectuer un suivi de l'activit\u00e9 des ambulanciers et de la qualit\u00e9 : \n- Assurer le recueil d'activit\u00e9, une transmission hebdomadaire \u00e0 l'ATSU et \u00e0 la CPAM, une restitution et \nune synth\u00e8se mensuelle au CODAMUPS -TS pour le suivi d'activit\u00e9. L'activit\u00e9 que doit recueillir le \ncoordonnateur ambulancier et les indicateurs de suivi et d'\u00e9valuation mis en place sont pr\u00e9cis\u00e9s dans la \nconvention locale SAMU-ATSU-SIS-BMPM sign\u00e9e le 4 septembre 2024.  \n- Recenser les incidents  ainsi que les \u00e9v\u00e8nements ind\u00e9sirables li\u00e9s aux transports sanitaires urgents, \npermettant la mise en place de plans d'actions correctives. Ce recensement peut \u00eatre d\u00e9mat\u00e9rialis\u00e9. \nUne fiche de poste type du coordinateur ambulancier est annex\u00e9e au pr\u00e9sent cahier des charges (annexe 7). \n \n7.3 Moyens de communication et syst\u00e8mes d'informations  \nLes moyens de communication entre le SAMU et le coordonnateur doivent permettre : \n- Le contact direct (t\u00e9l\u00e9phone, tablette, syst\u00e8me d'information ambulancier, etc.) ; \n- La confirmation en temps r\u00e9el de la bonne r\u00e9ception et de l'acceptation de la mission et de ses statuts \nd'avancement ;  \n- La tra\u00e7abilit\u00e9 de l'activit\u00e9.  \n- Le journal des EIG. \n \nAgence r\u00e9gionale de sant\u00e9 - 13-2025-06-23-00011 - 2025 06 23 arr\u00eat\u00e9 avenant n\u00b02 Cahier des charges garde ambulanci\u00e8re 13 25\n \n14 \nPar le biais du syst\u00e8me d'information du SAMU, le coordonnateur re\u00e7oit l'ensemble des informations n\u00e9cessaires \n\u00e0 une mission : identification du patient, lieu d'intervention, etc. \n \nLe coordonnateur ambulancier b\u00e9n\u00e9ficie d'un syst\u00e8me d'information commun avec les entreprises de transport \nsanitaire et d'une ligne t\u00e9l\u00e9phonique d\u00e9di\u00e9e. Dans la mesure du possible, ce SI est interop\u00e9rable avec le SI du \nSAMU. L'outil appartient \u00e0 l'ATSU et permet de r\u00e9colter l'exhaustivit\u00e9 de l'activit\u00e9 de transport sanitaire urgent. Le \nsyst\u00e8me d'informations permet au coordonnateur ambulancier de : \n- Visualiser en temps r\u00e9el la disponibilit\u00e9 ambulanci\u00e8re sur tout le territoire et de confirmer au SAMU \nl'imm\u00e9diatet\u00e9 du d\u00e9part du vecteur ambulancier et le temps estim\u00e9 d'arriv\u00e9e sur les lieux ;  \n- D\u00e9clencher instantan\u00e9ment le vecteur adapt\u00e9 et lui transmettre les donn\u00e9es re\u00e7ues par le SAMU, issues \ndu SI du SAMU ;  \n- Tracer les \u00e9tats d'avancement de la mission ;  \n- Tracer les \u00e9l\u00e9ments n\u00e9cessaires \u00e0 la r\u00e9mun\u00e9ration ;  \n- \u00c9tablir les statistiques mensuelles et annuelles d\u00e9finies. \n \nDans le cadre de sa mission de suivi d'activit\u00e9s des transports sanitaires urgents, le coordonnateur ambulancier \nest le principal utilisateur du tableur de recueil des donn\u00e9es n\u00e9cessaires \u00e0 la r\u00e9mun\u00e9ration et notamment au calcul \nde la garantie de revenu. Il modifie l'onglet \u00ab gardes \u00bb du tableur si l'entreprise pr\u00e9vue n'est pas celle qui assure \neffectivement le service de garde. Il recense les sorties blanches et les indisponibilit\u00e9s injustifi\u00e9es. \nARTICLE 8 : SOLLICITATION DES MOYENS DE GARDE ET HORS GARDE \n8.1. G\u00e9olocalisation \nLes v\u00e9hicules de transports sanitaires participant au transport sanitaire urgent doivent \u00eatre \u00e9quip\u00e9s d'un dispositif \nde g\u00e9olocalisation permettant la remont\u00e9e d'informations dans le cadre de cette activit\u00e9, afin de rep\u00e9rer les \nv\u00e9hicules disponibles pour r\u00e9aliser un transport sanitaire urgent, lorsqu'ils sont de garde ou hors garde et qu'ils \nsont volontaires.  \n \n8.2. Sollicitation par le coordonnateur ambulancier \nPour chaque demande de transport sanitaire urgent du SAMU relevant des entreprises de transports sanitaires, \nle coordonnateur ambulancier : \n1) Sollicite en premier lieu l'entreprise ou le v\u00e9hicule qui est de garde, pour les territoires et horaires o\u00f9 une \ngarde est organis\u00e9e ; \n2) Sollicite \u00e0 d\u00e9faut les entreprises volontaires list\u00e9es par l'ATSU pour participer \u00e0 la garde en remplacement \nou permutation de l'entreprise de garde, pour les territoires et p\u00e9riodes sans garde ou lorsque le ou les \nv\u00e9hicules inscrits au tableau de garde ne peuvent pas effectuer le transport sanitaire urgent ; \n3) Sollicite \u00e0 d\u00e9faut les entreprises volontaires list\u00e9es par l'ATSU pour \u00eatre sollicit\u00e9es occasionnellement \npendant la garde, pour les territoires et p\u00e9riodes sans garde ou lorsque le ou les v\u00e9hicules inscrits au \ntableau de garde ne peuvent pas effectuer le transport sanitaire urgent ; \n4) Indique l'indisponibilit\u00e9 des entreprises de transports sanitaires apr\u00e8s avoir sollicit\u00e9 sans succ\u00e8s au moins \ndeux entreprises, en plus de l'entreprise de garde. Le SAMU pourra d\u00e9cider de d\u00e9clencher une carence \nambulanci\u00e8re et solliciter les sapeurs-pompiers ou le bataillon des marins pompiers.  \n \nLe coordinateur ambulancier fait appel \u00e0 l'entreprise pour effectuer une mission, qu'il s'agisse de l'entreprise de \ngarde ou des entreprises volontaires. L'entreprise sollicit\u00e9e d\u00e9clenche l'intervention d'u v\u00e9hicule. \n \nLa proc\u00e9dure de jonction ainsi que le d\u00e9roul\u00e9 op\u00e9rationnel pr\u00e9cis de la sollicitation et des interventions sont d\u00e9crits \ndans la convention quadripartite SAMU-ATSU-SDIS13-BMPM sign\u00e9e le 4 septembre 2024. \n \n8.3. Recours au v\u00e9hicule de garde d'un autre secteur \nPour les transports sanitaires urgents demand\u00e9s par le SAMU pendant la garde, le coordonnateur ambulancier \nsollicite en premier lieu l'entreprise de garde sur le secteur g\u00e9ographique du lieu d'intervention.  \n \nLorsque l'ambulance de garde du secteur est d\u00e9j\u00e0 mobilis\u00e9e, le coordonnateur ambulancier fait appel \u00e0 une autre \nentreprise de transport sanitaire volontaire ou \u00e0 une ambulance de garde dans les secteurs proches, dans les \nd\u00e9lais compatibles avec l'\u00e9tat du patient. \nAgence r\u00e9gionale de sant\u00e9 - 13-2025-06-23-00011 - 2025 06 23 arr\u00eat\u00e9 avenant n\u00b02 Cahier des charges garde ambulanci\u00e8re 13 26\n \n15 \nEn cas d'indisponibilit\u00e9 des entreprises sollicit\u00e9es, il appartient au SAMU de d\u00e9cider de solliciter une intervention \ndes sapeurs-pompiers ou du bataillon des marins pompiers de Marseille en carence, conform\u00e9ment \u00e0 la d\u00e9finition \nde la carence ambulanci\u00e8re mentionn\u00e9e \u00e0 l'article L.1424-42 du code g\u00e9n\u00e9ral des collectivit\u00e9s territoriales. \n  \nUne carence se caract\u00e9rise par 4 crit\u00e8res cumulatifs : \n- Prescription du SAMU, \n- Par d\u00e9faut de disponibilit\u00e9 d'un transporteur sanitaire, \n- Pour des transports sanitaires urgents, \n- Hors des missions des SIS. \n \n8.4. Indisponibilit\u00e9 injustifi\u00e9e de l'entreprise de garde \nL'entreprise de garde ne peut pas refuser une demande de transport sanitaire urgent de la part du SAMU si elle \nn'est pas indisponible en raison d'une intervention dans le cadre de sa garde. En cas de refus ou d'absence de \nr\u00e9ponse, l'entreprise est responsable de son indisponibilit\u00e9 injustifi\u00e9e qui est d\u00e9duite du revenu minimum garanti \nselon les modalit\u00e9s fix\u00e9es par l'avenant n\u00b010 de la convention nationale des transports sanitaires priv\u00e9s. \n \nL'indisponibilit\u00e9 d'une entreprise inscrite sur le tableau de garde pour r\u00e9pondre \u00e0 la demande de transport sanitaire \nurgent du SAMU : \n1) Est qualifi\u00e9e de justifi\u00e9e si l'entreprise est d\u00e9j\u00e0 en intervention pour une demande de transport sanitaire \nurgent du SAMU ; \n2) Est qualifi\u00e9e d'injustifi\u00e9e si l'entreprise est indisponible pour un autre motif (ex : l'entreprise effectue une \nmission qui ne rel\u00e8ve pas du service de garde). \n \n8.5. D\u00e9lais d'intervention \nLes d\u00e9lais indiqu\u00e9s par le SAMU sont des d\u00e9lais d'arriv\u00e9e aupr\u00e8s du patient, compatibles avec un d\u00e9part imm\u00e9diat, \nou diff\u00e9r\u00e9 apr\u00e8s concertation. \n \nLe non-respect des d\u00e9lais peut faire l'objet d'un signalement du SAMU \u00e0 l'ARS et de sanctions.  \nARTICLE 9 : MOYENS MAT\u00c9RIELS DU TRANSPORT SANITAIRE URGENT \n \n9.1. Moyens \nLa r\u00e9ponse \u00e0 l'aide m\u00e9dicale urgente dans le cadre de la garde, s'effectue en priorit\u00e9 avec des v\u00e9hicules de \ncat\u00e9gorie A ou C. Les v\u00e9hicules hors garde peuvent \u00eatre de cat\u00e9gorie C s'ils sont \u00e9quip\u00e9s comme une ambulance \nde cat\u00e9gorie A. L'\u00e9quipement de chaque v\u00e9hicule est conforme \u00e0 la r\u00e9glementation en vigueur.  \n \nLe ou les moyens d\u00e9di\u00e9s par l'entreprise inscrits au tableau de garde sont utilis\u00e9s exclusivement \u00e0 la \ndemande du SAMU dans le cadre des transports sanitaires urgents. Ils ne peuvent \u00eatre utilis\u00e9s pour des \ntransports sanitaires programm\u00e9s pendant la p\u00e9riode de garde qu'ils assurent. \nLes v\u00e9hicules de cat\u00e9gorie A b\u00e9n\u00e9ficiant d'une AMS hors quota ne peuvent pas \u00eatre utilis\u00e9s pour d'autres \ntransports que les transports sanitaires urgents. \n \nLes v\u00e9hicules disposent d'un \u00e9quipement de communication permettant d'assurer le lien avec le m\u00e9decin \nr\u00e9gulateur et le coordonnateur ambulancier. Les v\u00e9hicules doivent \u00eatre \u00e9quip\u00e9s d'un dispositif de g\u00e9olocalisation.  \n \nLes entreprises participant \u00e0 la garde sont signal\u00e9es par le marquage conformes \u00e0 la r\u00e9glementation en vigueur.  \n \nLes v\u00e9hicules peuvent \u00eatre \u00e9quip\u00e9s de mat\u00e9riels de t\u00e9l\u00e9m\u00e9decine, afin notamment d'\u00eatre en mesure d'organiser \ndes t\u00e9l\u00e9consultations avec les m\u00e9decins r\u00e9gulateurs du SAMU-centre 15. \n \n9.2. S\u00e9curit\u00e9 sanitaire  \nAvant chaque prise de poste, l'\u00e9quipage v\u00e9rifie :  \n\u2022 La conformit\u00e9 du mat\u00e9riel \u00e9lectrique ; \n\u2022 La pr\u00e9sence du mat\u00e9riel embarqu\u00e9 sanitaire ; \n\u2022 Le respect du protocole de d\u00e9sinfection mentionn\u00e9 \u00e0 l'article 10. \n \n \n \nAgence r\u00e9gionale de sant\u00e9 - 13-2025-06-23-00011 - 2025 06 23 arr\u00eat\u00e9 avenant n\u00b02 Cahier des charges garde ambulanci\u00e8re 13 27\n \n16 \n9.3. S\u00e9curit\u00e9 routi\u00e8re  \nL'\u00e9quipage contr\u00f4le : \n\u2022 Le bon \u00e9tat de marche de l'ambulance ; \n\u2022 Les organes de s\u00e9curit\u00e9 ; \n\u2022 La pr\u00e9sence de l'\u00e9quipement adapt\u00e9 et n\u00e9cessaire pour des transports sanitaires urgents en tous lieux et \nen tout temps. \n \nChaque entreprise devra mettre en \u0153uvre une proc\u00e9dure de suivi des v\u00e9hicules en conformit\u00e9 avec la \nr\u00e9glementation en vigueur : \n\u2022 Le contr\u00f4le technique ; \n\u2022 Les entretiens p\u00e9riodiques. \nARTICLE 10 : MESURES D'HYGI\u00c8NE ET DE D\u00c9SINFECTION  \n10.1. Protocoles d'hygi\u00e8ne et de d\u00e9sinfection \nFace aux risques auxquels sont expos\u00e9s tant le malade que le personnel intervenant, il est convenu de mettre en \nplace diff\u00e9rents protocoles de nettoyage et de d\u00e9sinfection : \n- Protocole de fin de service (FDS) ; \n- Protocole entre chaque patient ; \n- Protocole p\u00e9riodique NID (Nettoyage Inventaire D\u00e9sinfection) ; \n- Protocole pour les maladies \u00e0 d\u00e9claration obligatoire (MDO) ou virus. \n \nLe service d'urgence de l'\u00e9tablissement de soins de destination met \u00e0 disposition les produits et mat\u00e9riels \nn\u00e9cessaires pour une d\u00e9sinfection sur place.  \n \n10.2. Tra\u00e7abilit\u00e9  \nLes entreprises de transport sanitaire doivent pouvoir justifier \u00e0 tout moment du suivi des protocoles. Les fiches \nde suivi de nettoyage, inventaire et d\u00e9sinfection sont archiv\u00e9es au sein de l'entreprise pour la tra\u00e7abilit\u00e9 et peuvent \n\u00eatre d\u00e9mat\u00e9rialis\u00e9es. \nARTICLE 11 : \u00c9QUIPAGE AMBULANCIER \n11.1. L'\u00e9quipage  \nEn application des articles R.6312 -7 et R. 6312 -10 du CSP, deux personnels constituent l'\u00e9quipage \nambulancier dont l'un est titulaire du dipl\u00f4me d'\u00c9tat d'ambulancier. \n \nLes membres de l'\u00e9quipage sont tenus de porter une tenue professionnelle conforme \u00e0 la r\u00e8glementation.  \n \nTout membre de l'\u00e9quipage ne peut effectuer que les gestes pour lesquels il est habilit\u00e9 et autoris\u00e9 \u00e0 pratiquer. \n \n11.2. Formation continue \nLa formation continue est organis\u00e9e annuellement. Le recyclage de la formation aux gestes et soins d'urgence \n(AFGSU) est fortement recommand\u00e9e pour tous les personnels ambulanciers intervenant pour l'aide m\u00e9dicale \nurgente. \n \nLa convention locale SAMU-ATSU-SDIS13-BMPM sign\u00e9e le 4 septembre 2024, pr\u00e9cise les actions de formation \ncontinue pour le maintien et la mise \u00e0 jour des comp\u00e9tences des personnels des entreprises de transport sanitaire. \n \nL'employeur s'assure de la participation des personnels aux actions de formation continue. Le respect de cette \nobligation est assur\u00e9 par l'ATSU et contr\u00f4l\u00e9 par l'ARS.  \nARTICLE 12 : DYSFONCTIONNEMENTS ET \u00c9V\u00c9NEMENTS IND\u00c9SIRABLES \n \nTout dysfonctionnement constat\u00e9 ou \u00e9v\u00e9nement ind\u00e9sirable survenu dans l'organisation ou dans les pratiques \ndurant la garde ou durant les transports sanitaires urgents est signal\u00e9 imm\u00e9diatement \u00e0 l'ARS au moyen de la \nAgence r\u00e9gionale de sant\u00e9 - 13-2025-06-23-00011 - 2025 06 23 arr\u00eat\u00e9 avenant n\u00b02 Cahier des charges garde ambulanci\u00e8re 13 28\n \n17 \nfiche d\u00e9taill\u00e9e \u00e0 l'annexe 8 et aux partenaires de l'aide m\u00e9dicale urgente concern\u00e9s, par le SAMU, le S DIS13, le \nBMPM, l'entreprise de transport sanitaire ou l'ATSU.  \n \nUne fiche de remont\u00e9e des dysfonctionnements (annexe 8) est transmise \u00e0 l'ARS \u00e0 l'adresse suivante : ars-paca-\ndd13-guichet-unique@ars.sante.fr \n \nCes dysfonctionnements et \u00e9v\u00e9nements ind\u00e9sirables peuvent faire l'objet d'une investigation de l'ARS ou d'une \nanalyse en sous-comit\u00e9 des transports sanitaires. La convention locale SAMU-ATSU-SDIS13-BMPM sign\u00e9e le 4 \nseptembre 2024 d\u00e9taille les modalit\u00e9s de traitement conjoint des \u00e9v\u00e9nements ind\u00e9sirables et d'\u00e9tablissement d'un \nplan d'actions correctives. \nARTICLE 13 : SUIVI ET \u00c9VALUATION \n \nLes donn\u00e9es de suivi sont r\u00e9colt\u00e9es au fil de l'activit\u00e9 des transports sanitaires urgents par les diff\u00e9rents \nparticipants \u00e0 l'aide m\u00e9dicale urgente, notamment le coordonnateur ambulancier. Les indicateurs nationaux de \nsuivi et d'\u00e9valuation sont compl\u00e9t\u00e9s par des indicateurs d\u00e9finis localement. Le liste des indicateurs nationaux et \nlocaux figure dans la convention locale SAMU-ATSU-SDIS13-BMPM sign\u00e9e le 4 septembre 2024. \n \nL'organisation de la garde et des transports sanitaires urgents fait l'objet d'un suivi semestriel par le sous -comit\u00e9 \ndes transports sanitaires du CODAMUPS, qui y associe les organismes locaux d'assurance maladie.  Il inclut \nnotamment le suivi de donn\u00e9es sur l'activit\u00e9 des transports sanitaires urgents et des indisponibilit\u00e9s \nambulanci\u00e8res.  \n \nL'\u00e9valuation de ces activit\u00e9s est r\u00e9alis\u00e9e chaque ann\u00e9e, \u00e0 l'appui des donn\u00e9es r\u00e9colt\u00e9es, dans le cadre du sous-\ncomit\u00e9 des transports sanitaires du CODAMUPS, pour appr\u00e9cier l'ad\u00e9quation du dispositif aux besoins du territoire \net le r\u00e9viser le cas \u00e9ch\u00e9ant.  \n \nL'agence r\u00e9gionale de sant\u00e9 communique le bilan d\u00e9partemental annuel au minist\u00e8re charg\u00e9 de la sant\u00e9 et au \nminist\u00e8re charg\u00e9 de la s\u00e9curit\u00e9 civile. \nARTICLE 14 : R\u00c9VISION \n \nLe cahier des charges peut \u00eatre r\u00e9vis\u00e9 par avenant, notamment en cas de modifications d'ordre l\u00e9gislatif, \nr\u00e9glementaire ou conventionnel ou \u00e0 l'issue de l'\u00e9valuation annuelle r\u00e9alis\u00e9e dans le cadre du CODAMUPS. Cet \navenant est arr\u00eat\u00e9 par le directeur g\u00e9n\u00e9ral de l'ARS dans les m\u00eames conditions que le cahier des charges.  \n \nLe cas \u00e9ch\u00e9ant, l'ATSU, le SAMU, le S DIS13, le BMPM  et l'ARS s'engagent \u00e0 se r\u00e9unir pour proposer une \nadaptation du cahier des charges aux modifications intervenues.  \nARTICLE 15 : PRISE D'EFFET \n \nLe pr\u00e9sent cahier des charges prend effet au lendemain de sa publication au recueil des actes administratifs de \nla pr\u00e9fecture du d\u00e9partement des Bouches-du-Rh\u00f4ne et s'appliquera \u00e0 toutes les entreprises de transport sanitaire \nagr\u00e9\u00e9es pour le m\u00eame d\u00e9partement.  \nAgence r\u00e9gionale de sant\u00e9 - 13-2025-06-23-00011 - 2025 06 23 arr\u00eat\u00e9 avenant n\u00b02 Cahier des charges garde ambulanci\u00e8re 13 29\n \n18 \nANNEXES \n \nAnnexe 1 du cahier des charges : R\u00e9f\u00e9rences r\u00e8glementaires  \n \n \nL'organisation de la garde et des transports sanitaires urgents s'effectue dans le respect des obligations l\u00e9gales, \nr\u00e9glementaires et conventionnelles ci-apr\u00e8s : \n \n\u2022 Code de la sant\u00e9 publique : \nPartie l\u00e9gislative : Articles L6311-1 \u00e0 L6311-2, L6312-1 \u00e0 L6312-5, L6313-1, L6314-1 ; \nPartie r\u00e8glementaire : Articles R6311-1 \u00e0 R6311-5, R6312-1 \u00e0 R6312-43, R6313-1 \u00e0 R6313-8, R6314-1 \n\u00e0 R6314-6 ; \n\u2022 Code g\u00e9n\u00e9ral des collectivit\u00e9s territoriales : L.1424-2 et L.1424-42 ; \n\u2022 Code de la route : Articles R311-1, R313-33 \u00e0 R313-35, R432-1 \u00e0 R432-3 ; \n\u2022 L'arr\u00eat\u00e9 relatif aux crit\u00e8res, aux modalit\u00e9s de d\u00e9signation ainsi qu'aux obligations et missions de \nl'association des transports sanitaires d'urgence la plus repr\u00e9sentative au plan d\u00e9partemental ; \n\u2022 Arr\u00eat\u00e9 relatif aux plafonds d'heures de garde pour l'organisation de la garde pr\u00e9vue \u00e0 l'article R.6312 -19 \ndu code de la sant\u00e9 publique \n\u2022 Arr\u00eat\u00e9 fixant le montant et les modalit\u00e9s de versement de l'indemnit\u00e9 de substitution pour l'adaptation de \nla couverture op\u00e9rationnelle d'un service d'incendie et de secours sur un secteur non couvert par une \ngarde ambulanci\u00e8re \n\u2022 L'arr\u00eat\u00e9 minist\u00e9riel du 24 avril 2009 relatif \u00e0 la mise en \u0153uvre du r\u00e9f\u00e9rentiel portant organisation du \nsecours \u00e0 la personne et \u00e0 l'aide m\u00e9dicale urgente ; \n\u2022 L'arr\u00eat\u00e9 minist\u00e9riel du 5 mai 2009 relatif \u00e0 la mise en \u0153uvre du r\u00e9f\u00e9rentiel SAMU -transports sanitaires \nportant organisation de la r\u00e9ponse ambulanci\u00e8re \u00e0 l'urgence pr\u00e9hospitali\u00e8re ; \n\u2022 L'arr\u00eat\u00e9 du 12 d\u00e9cembre 2017 fixant les caract\u00e9ristiques et les installations mat\u00e9rielles exig\u00e9es pour les \nv\u00e9hicules affect\u00e9s aux transports sanitaires terrestres ; \n\u2022 La convention nationale du 26 d\u00e9cembre 2002 destin\u00e9e \u00e0 organiser les rapports entre les transporteurs \npriv\u00e9s et les caisses d'assurance maladie, ses annexes et ses dix avenants ; \n\u2022 La circulaire DHOS/2009 n\u00b0 192 du 14 octobre 2009 relative \u00e0 l'application de l'arr\u00eat\u00e9 du 24 avril 2009 \nrelatif \u00e0 la mise en \u0153uvre du r\u00e9f\u00e9rentiel portant sur l'organisation du secours \u00e0 personne et de l'aide \nm\u00e9dicale urgente et de l'arr\u00eat\u00e9 du 5 mai 2009 relatif \u00e0 la mise en \u0153uvre du r\u00e9f\u00e9rentiel portant organisation \nde la r\u00e9ponse ambulanci\u00e8re \u00e0 l'urgence pr\u00e9hospitali\u00e8re ; \n\u2022 L'instruction relative \u00e0 la mise en \u0153uvre de la r\u00e9forme des transports sanitaires urgents et de la \nparticipation des entreprises de transports sanitaires au service de garde. \n\u2022 La convention locale quadripartite APHM / ATSU / SDIS 13 / BMPM du 4 septembre 2024 relative \u00e0 la \nr\u00e9ponse aux sollicitations du SAMU en mati\u00e8re de transports sanitaires urgents. \n \n \n \n \n \n \n \n \n \n \n \n \n \n \n \n \n \n \n \nAgence r\u00e9gionale de sant\u00e9 - 13-2025-06-23-00011 - 2025 06 23 arr\u00eat\u00e9 avenant n\u00b02 Cahier des charges garde ambulanci\u00e8re 13 30\n \n19 \nAnnexe 2 du cahier des charges : Lexique \n \nTransport sanitaire urgent : Transport r\u00e9alis\u00e9 par un transporteur sanitaire \u00e0 la demande du SAMU - centre 15, \nen vue de l'admission d'un patient dans un \u00e9tablissement de sant\u00e9, \u00e0 l'exclusion des transports entre deux \n\u00e9tablissements de sant\u00e9, que le patient soit hospitalis\u00e9 ou pas. L e transport sanitaire urgent est obligatoirement \nassur\u00e9 par une ambulance.  \n \nIntervention non suivie de transport (\u00ab sortie blanche \u00bb) : Transport sanitaire urgent pour lequel le transport \ndu patient n'est pas r\u00e9alis\u00e9 pour diverses raisons mentionn\u00e9es \u00e0 l'article R. 6312-17-1 du CSP. \nGarde/service de  garde : Organisation d'une permanence ambulanci\u00e8re sur toute partie du territoire \nd\u00e9partemental ou interd\u00e9partemental, \u00e0 tout moment de la journ\u00e9e ou de la nuit o\u00f9 l'activit\u00e9 des entreprises de \ntransports sanitaires \u00e0 la demande du service d'aide m\u00e9dicale urgente justifie la mise en place de moyens d\u00e9di\u00e9s. \nLa garde se traduit op\u00e9rationnellement par la mise en \u0153uvre du tableau de garde. \n \nMoyen compl\u00e9mentaire : Ambulance agr\u00e9\u00e9e de cat\u00e9gorie A, ou cat\u00e9gorie C \u00e9quip\u00e9e en cat\u00e9gorie A qui peut \u00eatre \nd\u00e9clench\u00e9e par le coordonnateur ambulancier en cas d'indisponibilit\u00e9 de l'entreprise de garde ou en dehors des \np\u00e9riodes de garde. \n \n  \nAgence r\u00e9gionale de sant\u00e9 - 13-2025-06-23-00011 - 2025 06 23 arr\u00eat\u00e9 avenant n\u00b02 Cahier des charges garde ambulanci\u00e8re 13 31\n \n20 \nAnnexe 3 du cahier des charges : Liste et composition des 14 secteurs de garde \n \n \n \nSecteur : AIX-EN-PROVENCE NORD \n \n \nCode postal Ville  Code Insee \n13100 Aix-en-Provence  13001 \n13111 Aix-en-Provence  13001 \n13115 Saint-Paul-les-Durance 13099 \n13126 Saint-Paul-les-Durance 13099 \n13410 Lambesc 13050 \n13490 Jouques 13048 \n13510 Eguilles 13032 \n13610 Le Puy-Sainte-R\u00e9parade 13080 \n13610 Saint-Est\u00e8ve-Janson 13093 \n13640 La Roque d'Anth\u00e9ron 13084 \n13650 Meyrargues 13059 \n13760 Saint-Cannat 13091 \n13770 Venelles 13113 \n13840 Rognes 13082 \n13860 Peyrolles 13074 \n13111 Coudoux 13118 \n13126 Vauvenargues 13111 \n \n \n \nSecteur : AIX-EN-PROVENCE SUD \n \n \nCode postal Ville  Code Insee \n13090 Aix-en-Provence 13001 \n13100 Beaurecueil 13012 \n13100 Le Tholonet 13109 \n13100 Saint-Antonin-sur-Bayon 13090 \n13100 Saint-Marc-Jaumegarde 13095 \n13105 Mimet 13062 \n13109 Simiane-Collongue 13107 \n13114 Puyloubier 13079 \n13119 Saint-Savournin 13101 \n13120 Gardanne 13041 \n13122 Ventabren 13114 \n13290 Les Milles 13290 \n13320 Bouc-Bel-Air 13015 \n13480 Cabri\u00e8s 13019 \n13530 Trets 13110 \n13590 Meyreuil 13060 \n13710 Fuveau 13040 \n13790 Ch\u00e2teauneuf-le-Rouge 13025 \n13790 Peynier 13072 \n13790 Rousset 13087 \n13850 Gr\u00e9asque 13046 \n13880 Velaux 13112 \n \n \n \n \n \n \nAgence r\u00e9gionale de sant\u00e9 - 13-2025-06-23-00011 - 2025 06 23 arr\u00eat\u00e9 avenant n\u00b02 Cahier des charges garde ambulanci\u00e8re 13 32\n \n21 \nSecteur : ARLES \n \n \nCode postal Ville  Code Insee \n13150 Tarascon 13108 \n13200 Arles 13004 \n13230 Port-Saint-Louis-du-Rh\u00f4ne ouest 13078 \n13310 Saint-Martin-de-Crau 13097 \n13460 Saintes-Maries-de-la-mer 13096 \n13520 Le Paradou 13068 \n13520 Les Baux-de-Provence 13011 \n13520 Maussane-les-Alpilles 13058 \n13990 Fontvieille 13038 \n \n \nSecteur : AUBAGNE NORD \n \n \nCode postal Ville  Code Insee \n13112 La Destrousse 13031 \n13124 Peypin 13073 \n13360 Roquevaire 13086 \n13390 Auriol 13007 \n13720 Belcod\u00e8ne 13013 \n13720 La Bouilladisse 13016 \n13950 Cadolive 13020 \n83640 Plan-d'Aups-la-Sainte-Baume 83093 \n83640 Saint-Zacharie 83120 \n83860 Nans-les-Pins 83087 \n \n \nSecteur : AUBAGNE SUD LA CIOTAT \n \n \nCode postal Ville  Code Insee \n13260 Cassis 13022 \n13400 Aubagne 13005 \n13420 G\u00e9menos 13042 \n13470 Carnoux-en-Provence 13119 \n13600 Ceyreste 13023 \n13720 La Ciotat 13028 \n13780 Cuges-les-Pins 13030 \n13821 La Penne-sur-Huveaune 13070 \n13830 Roquefort-la-B\u00e9doule 13085 \n \nSecteur : MARSEILLE NORD \n \n \nCode postal Ville  Code Insee \n13001 Marseille 1er 13055 \n13002 Marseille 2\u00e8me 13055 \n13013 Marseille 13\u00e8me 13055 \n13014 Marseille 14\u00e8me 13055 \n13015 Marseille 15\u00e8me 13055 \n13016 Marseille 16\u00e8me 13055 \n13170 Les Pennes-Mirabeau 13071 \n13240 Sept\u00e8mes-les-Vallons 13106 \n \n \nAgence r\u00e9gionale de sant\u00e9 - 13-2025-06-23-00011 - 2025 06 23 arr\u00eat\u00e9 avenant n\u00b02 Cahier des charges garde ambulanci\u00e8re 13 33\n \n22 \nSecteur : ETANG DE BERRE \n \n \nCode postal Ville  Code Insee \n13340 Rognac 13081 \n13700 Marignane 13054 \n13730 Saint-Victoret 13102 \n13740 Le Rove 13088 \n13180 Gignac-la-Nerthe 13043 \n13127 Vitrolles 13117 \n \nSecteur : MARSEILLE SUD \n \n \nCode postal Ville  Code Insee \n13003 Marseille 3\u00e8me 13055 \n13004 Marseille 4\u00e8me 13055 \n13005 Marseille 5\u00e8me 13055 \n13006 Marseille 6\u00e8me 13055 \n13007 Marseille 7\u00e8me 13055 \n13008 Marseille 8\u00e8me 13055 \n13009 Marseille 9\u00e8me 13055 \n13010 Marseille 10\u00e8me 13055 \n13011 Marseille 11\u00e8me 13055 \n13012 Marseille 12\u00e8me 13055 \n13190 Allauch 13002 \n13380 Plan-de-Cuques 13075 \n \n \nSecteur : MARTIGUES \n \n \nCode postal Ville  Code Insee \n13110 Port-de-Bouc 13077 \n13220 Ch\u00e2teauneuf-les-Martigues 13026 \n13230 Port-Saint-Louis-du-Rh\u00f4ne Est 13078 \n13270 Fos-sur-Mer 13039 \n13500 Martigues 13056 \n13620 Carry-le-Rouet 13021 \n13800 Istres 13047 \n13820 Ensu\u00e8s-la-Redonne 13033 \n13920 Saint-Mitre-les-Remparts 13098 \n13960 Sausset-les-Pins 13104 \n \n \nSecteur : SAINT-REMY-DE-PROVENCE \n \n \nCode postal Ville  Code Insee \n13103 Mas-Blanc-des-Alpilles 13057 \n13103 Saint-Etienne-du-Gr\u00e8s 13094 \n13150 Boulbon 13017 \n13150 Saint-Pierre-de-M\u00e9zoargues 13061 \n13160 Chateaurenard 13027 \n13210 Saint-R\u00e9my-de-Provence 13100 \n13440 Cabannes 13018 \n13550 Noves 13066 \n13570 Barbentane 13010 \n13630 Eyrargues 13036 \nAgence r\u00e9gionale de sant\u00e9 - 13-2025-06-23-00011 - 2025 06 23 arr\u00eat\u00e9 avenant n\u00b02 Cahier des charges garde ambulanci\u00e8re 13 34\n \n23 \n13660 Orgon 13067 \n13670 Saint Andiol 13089 \n13670 Verqui\u00e8res 13116 \n13690 Graveson 13045 \n13750 Plan d'Orgon 13076 \n13810 Eygali\u00e8res 13034 \n13870 Rognonas 13083 \n13890 Mouri\u00e8s 13065 \n13910 Maillane 13052 \n13940 Moll\u00e9g\u00e8s 13064 \n \n \nSecteur : SALON-DE-PROVENCE \n \n \nCode postal Ville  Code Insee \n13113 Lamanon 13049 \n13116 Vern\u00e8gues 13115 \n13121 Aurons 13008 \n13130 Berre l'Etang 13014 \n13140 Miramas 13063 \n13250 Cornillon-Confoux 13029 \n13250 Saint Chamas 13092 \n13300 Salon-de-Provence 13103 \n1330 La Barben 13009 \n1330 P\u00e9lisanne 13069 \n13350 Charleval 13024 \n13370 Mallemort 13053 \n13430 Eygui\u00e8res 13035 \n13450 Grans 13044 \n13560 S\u00e9nas 13105 \n13580 La Fare-les-Oliviers 13037 \n13680 Lan\u00e7on-de-Provence 13051 \n13930 Aureille 13006 \n13980 Alleins 13003 \n \n \nSecteurs regroup\u00e9s :  \n \n \nAUBAGNE NUIT : secteur AUBAGNE SUD LA CIOTAT + secteur AUBAGNE NORD \n \nAIX-EN-PROVENCE NUIT : secteur AIX-EN-PROVENCE SUD + secteur AIX-EN-PROVENCE NORD \n \nMARSEILLE NORD / ETANG DE BERRE NUIT : secteur MARSEILLE NORD + secteur ETANG DE BERRE \n \n \n \n \n \n \n \n \n \n \n \n \n \n \n \n \n \nAgence r\u00e9gionale de sant\u00e9 - 13-2025-06-23-00011 - 2025 06 23 arr\u00eat\u00e9 avenant n\u00b02 Cahier des charges garde ambulanci\u00e8re 13 35\n| Zonage Aix Nord[=a] Zonage Aix Sud= Zonage Arles(| Zonage Aubagne nordCI Zonage Aubagne sud| Zonage Etang de Berre[| Zonage Marseille Sud=) Zonage Martigues= Zonage St R\u00e9my de Provence| Zonage Salon de Provence\nSecteurs ambulanciersdes Bouches-du-Rh\u00f4ne\n\u00a9 IGN - ARS PACA - DPRS - D\u00e9partement des Etudes, Enqu\u00eates et EvaluationsSource : DT 13Mise \u00e0 jour Juin 2022\n \n24 \nAnnexe 4 du cahier des charges : Cartographie des secteurs de garde \n \n \n \n \n \n \n \n \n \n \n \n \n \n \n \n \n \n \n \n \n \n \n \n \n \n \nAgence r\u00e9gionale de sant\u00e9 - 13-2025-06-23-00011 - 2025 06 23 arr\u00eat\u00e9 avenant n\u00b02 Cahier des charges garde ambulanci\u00e8re 13 36\n \n25 \n \nAnnexe 5 du cahier des charges : Mod\u00e8le de tableau de garde  \n \nTableau de garde  \nATSU : \nMOIS DE : \nSECTEUR : \n \n \nDate P\u00e9riode Nom entreprise N\u00b0 d'agr\u00e9ment Localisation de la \ngarde \nLundi 4 janvier \u2026 h - \u2026 h    \nLundi 4 janvier \u2026 h - \u2026 h    \nLundi 4 janvier \u2026 h - \u2026 h    \nLundi 4 janvier \u2026 h - \u2026 h    \nMardi 5 janvier \u2026 h - \u2026 h    \nMardi 5 janvier \u2026 h - \u2026 h    \nMardi 5 janvier \u2026 h - \u2026 h    \nMardi 5 janvier \u2026 h - \u2026 h    \nMercredi 6 janvier \u2026 h - \u2026 h    \nMercredi 6 janvier \u2026 h - \u2026 h    \nMercredi 6 janvier \u2026 h - \u2026 h    \nMercredi 6 janvier \u2026 h - \u2026 h    \n \nUne liste des soci\u00e9t\u00e9s et de leurs coordonn\u00e9es sera jointe au tableau de garde. \n  \nAgence r\u00e9gionale de sant\u00e9 - 13-2025-06-23-00011 - 2025 06 23 arr\u00eat\u00e9 avenant n\u00b02 Cahier des charges garde ambulanci\u00e8re 13 37\n \n26 \nAnnexe 6 du cahier des charges : Fiche de permutation ou remplacement de garde \n \n \nD\u00e9partement : \n \nSecteur de : \n \nSOCI\u00c9T\u00c9 EMP\u00c9CH\u00c9E \nNOM ET ADRESSE DE L'IMPLANTATION :                                      Agr\u00e9ment n\u00b0 ___________ \n\u2026\u2026\u2026\u2026\u2026\u2026\u2026\u2026\u2026\u2026\u2026\u2026\u2026\u2026\u2026\u2026\u2026\u2026\u2026\u2026 \n\u2026\u2026\u2026\u2026\u2026\u2026\u2026\u2026\u2026\u2026\u2026\u2026\u2026\u2026\u2026\u2026\u2026\u2026\u2026... \n\u2026\u2026\u2026\u2026\u2026\u2026\u2026\u2026\u2026\u2026\u2026\u2026\u2026\u2026\u2026\u2026\u2026\u2026\u2026\u2026 \n \nNe pourra pas assurer la garde d\u00e9partementale pr\u00e9vue le \u2026\u2026\u2026\u2026\u2026\u2026\u2026\u2026\u2026.. de \u2026\u2026\u2026 heures \u00e0 \u2026\u2026\u2026 \nheures. \nMotif : \n\u2026\u2026\u2026\u2026\u2026\u2026\u2026\u2026\u2026\u2026\u2026\u2026\u2026\u2026\u2026\u2026\u2026..\u2026\u2026\u2026\u2026\u2026\u2026\u2026\u2026\u2026\u2026\u2026\u2026\u2026\u2026\u2026\u2026\u2026\u2026\u2026\u2026\u2026\u2026..\u2026\u2026\u2026\u2026\u2026\u2026\u2026\u2026\u2026\n\u2026\u2026.\u2026\u2026 \n\u2026\u2026\u2026\u2026\u2026\u2026\u2026\u2026\u2026\u2026\u2026\u2026\u2026\u2026\u2026\u2026\u2026\u2026\u2026\u2026\u2026\u2026\u2026\u2026\u2026................. \n \nSOCI\u00c9T\u00c9 REMPLACANTE \nNOM ET ADRESSE DE L'IMPLANTATION :                                      Agr\u00e9ment n\u00b0 ___________ \n\u2026\u2026\u2026\u2026\u2026\u2026\u2026\u2026\u2026\u2026\u2026\u2026\u2026\u2026\u2026\u2026\u2026\u2026\u2026\u2026 \n\u2026\u2026\u2026\u2026\u2026\u2026\u2026\u2026\u2026\u2026\u2026\u2026\u2026\u2026\u2026\u2026\u2026\u2026\u2026... \n\u2026\u2026\u2026\u2026\u2026\u2026\u2026\u2026\u2026\u2026\u2026\u2026\u2026\u2026\u2026\u2026\u2026\u2026\u2026\u2026 \n \nEn cas de permutation, \n \nJ'effectuerai la garde de la soci\u00e9t\u00e9 \u2026\u2026\u2026\u2026\u2026\u2026\u2026\u2026\u2026\u2026\u2026\u2026\u2026\u2026\u2026\u2026\u2026\u2026\u2026\u2026\u2026 \nle \u2026\u2026\u2026\u2026\u2026\u2026\u2026\u2026\u2026\u2026\u2026\u2026\u2026\u2026\u2026\u2026\u2026..\u2026\u2026de \u2026\u2026.... heures \u00e0 \u2026..\u2026\u2026 heures. \n \n \n\u00c0 \u2026\u2026\u2026\u2026\u2026\u2026\u2026\u2026\u2026\u2026\u2026\u2026, Le \u2026\u2026\u2026\u2026\u2026\u2026\u2026\u2026\u2026\u2026\u2026.. \n \n \nSignature et tampon                                                                           Signature et tampon \nde la soci\u00e9t\u00e9 emp\u00each\u00e9e :                                                                    de la soci\u00e9t\u00e9 rempla\u00e7ante : \n \n \n \n \n \n \n \n \n \nFiche \u00e0 transmettre au SAMU, \u00e0 l'ARS, \u00e0 l'ATSU et \u00e0 la CPAM \n \n  \nAgence r\u00e9gionale de sant\u00e9 - 13-2025-06-23-00011 - 2025 06 23 arr\u00eat\u00e9 avenant n\u00b02 Cahier des charges garde ambulanci\u00e8re 13 38\n \n27 \nAnnexe 7 du cahier des charges : Fiche de poste type du coordonnateur ambulancier \n \n \n \n \nINTITUL\u00c9 DU POSTE  Coordonnateur ambulancier du \nd\u00e9partement \u2026\u2026\u2026.........  \nSTRUCTURE DE RATTACHEMENT  ATSU \u2026 / SAMU \u2026  \n \n \n \nDESCRIPTION DU POSTE \n \n \nMissions g\u00e9n\u00e9rales  \n \nDans le cadre de la r\u00e9glementation applicable au transport sanitaire et des engagements convenus par les \ndiff\u00e9rents acteurs de l'aide m\u00e9dicale urgente dans le d\u00e9partement, et en coordination \u00e9troite avec les assistants \nde r\u00e9gulation m\u00e9dicale du SAMU -centre 15, le coordonnateur assure l'engagement d'un moyen de transport \nsanitaire priv\u00e9 dans les d\u00e9lais exig\u00e9s par le m\u00e9decin r\u00e9gulateur du SAMU -centre 15, fait \u00e9tat du d\u00e9faut de \ndisponibilit\u00e9 des entreprises de transports sanitaires et assure le suivi exhaustif et d\u00e9taill\u00e9 de cette activit\u00e9. Il est \nl'interlocuteur privil\u00e9gi\u00e9 du SAMU -centre 15 et des entreprises de transport sanitaire pour toutes questions \nrelatives au suivi au quotidien de l'activit\u00e9 op\u00e9rationnelle des entreprises de transports sanitaires \u00e0 la d emande \ndu SAMU.  \n \nL'objectif principal de la mise en place d'un coordonnateur ambulancier est de r\u00e9duire les indisponibilit\u00e9s \nambulanci\u00e8res, gr\u00e2ce \u00e0 une meilleure visibilit\u00e9 en temps r\u00e9el sur les moyens ambulanciers disponibles. Son \nobjectif secondaire est de permettre une tra\u00e7abilit\u00e9 compl\u00e8te de l'activit\u00e9 des ambulanciers par les outils de \ng\u00e9olocalisation et de remont\u00e9e des statuts install\u00e9s \u00e0 bord des v\u00e9hicules et par la constitution d'une base de \ndonn\u00e9es d\u00e9taill\u00e9e.  \n \nActivit\u00e9s principales  \n \n\u2022 D\u00e9clencher l'envoi op\u00e9rationnel d'\u00e9quipages ambulanciers et faire diminuer le nombre d'indisponibilit\u00e9s \nambulanci\u00e8res : \no Avoir une visibilit\u00e9 permanente de la disponibilit\u00e9 (d\u00e9lai d'intervention, moyens   techniques et \nhumains) des ambulances participant \u00e0 l'aide m\u00e9dicale urgente, par le biais notamment d'un logiciel \npartag\u00e9 utilisant les moyens de g\u00e9olocalisation dont sont \u00e9quip\u00e9s les v\u00e9hicules  \no S'assurer de la pr\u00e9sence d'un ou plusieurs v\u00e9hicules adapt\u00e9s par secteur territorial pendant les horaires \no\u00f9 une garde est organis\u00e9e  \no En l'absence de garde, s'assurer de la pr\u00e9sence d'un ou plusieurs v\u00e9hicules adapt\u00e9s des entreprises \nvolontaires sur chaque secteur selon la proc\u00e9dure d\u00e9finie par l'ATSU  \no Recevoir les instructions op\u00e9rationnelles du m\u00e9decin r\u00e9gulateur du SAMU -centre 15, par le biais du \nlogiciel du SAMU, et v\u00e9rifier la compl\u00e9tude des donn\u00e9es n\u00e9cessaires (localisation de la destination pr\u00e9cise \nde l'intervention, etc.)  \no Transmettre les demandes de transport sanitaire urgent aux entreprises de transport sanitaires du \nterritoire concern\u00e9, par le biais d'un outil informatique commun et selon les proc\u00e9dures de sollicitation \nconvenues dans le tableau de garde et par l'ATSU : sollicitation imp\u00e9rativement de l'entreprise de garde \ndu secteur en premier lieu, puis sollicitation des entreprises volontaires dans le cadre d\u00e9fini par l'ATSU. \no Faire \u00e9tat de l'impossibilit\u00e9 av\u00e9r\u00e9e de r\u00e9pondre en temps et en qualit\u00e9 \u00e0 la demande du SAMU-Centre \n15, le cas \u00e9ch\u00e9ant, et faire une description de la difficult\u00e9 sans d\u00e9lai au SAMU -centre 15, qui juge de la \npertinence d'un d\u00e9clenchement des moyens du SIS en carence  \no Poursuivre la sollicitation des entreprises de transport sanitaire priv\u00e9 si, apr\u00e8s constat initial de \nl'indisponibilit\u00e9, le SAMU et le SIS ont d\u00e9cid\u00e9 de temporiser l'intervention  \n \nAgence r\u00e9gionale de sant\u00e9 - 13-2025-06-23-00011 - 2025 06 23 arr\u00eat\u00e9 avenant n\u00b02 Cahier des charges garde ambulanci\u00e8re 13 39\n \n28 \n\u2022 Suivre la bonne r\u00e9alisation de l'activit\u00e9 des transports sanitaires urgents par les ambulanciers  \no Suivre le d\u00e9roulement des transports sanitaires urgents des \u00e9quipages de transport sanitaire, se \nrenseigner et alerter en cas de probl\u00e8me (ex : absence de nouvelles dans un d\u00e9lai exceptionnellement \nlong)  \no R\u00e9pondre aux demandes et informations des entreprises de transport sanitaire en temps r\u00e9el (ex : \nsignalement de disponibilit\u00e9 pour renfort)  \no S'assurer du bon fonctionnement en temps r\u00e9el des outils informatiques et radiot\u00e9l\u00e9phoniques et \nappeler les acteurs concern\u00e9s en cas de probl\u00e8me constat\u00e9 (ex : ambulance n'apparaissant plus sur le \nlogiciel)  \no Faire respecter les bonnes pratiques durant les transports sanitaires urgents et les gardes \nambulanci\u00e8res au quotidien, en lien avec l'ATSU  \no Assurer une veille juridique voire op\u00e9rationnelle sur les transports sanitaires urgents des entreprises \nde transports sanitaires \u00e0 la demande du SAMU  \n \n\u2022 Assurer la tra\u00e7abilit\u00e9 de l'activit\u00e9 des ambulanciers et contribuer \u00e0 son \u00e9valuation  \no Renseigner des fichiers pr\u00e9cis et chiffr\u00e9s de donn\u00e9es \u00e0 des fins statistiques, de bilan et de r\u00e9mun\u00e9ration \n: nombre de transports sanitaires urgents par secteur et par horaire, nombre de sorties blanches, \nmobilisation des entreprises volontaires hors gar de, nombre de d'indisponibilit\u00e9s ambulanci\u00e8res par \nsecteur et motif, motifs d'indisponibilit\u00e9s par entreprise, nombre de transports sanitaires urgents en \nattente \u00e0 l'instant T (chaque 30 min), journal des incidents, etc.  \no Transmission hebdomadaire de ces donn\u00e9es \u00e0 l'ATSU  \no R\u00e9alisation d'un rapport de synth\u00e8se et d'analyse des donn\u00e9es et transmission \u00e0 l'ARS chaque semestre \nen vue de sa pr\u00e9sentation et discussion au CODAMUPS-TS  \n \nImplantation et fonctionnement \n \nLe coordonnateur ambulancier exerce son activit\u00e9 au sein des locaux du SAMU -centre 15 / au sein d'une \nplateforme logistique hors du SAMU mais interconnect\u00e9e avec ce dernier.  \n \nLe coordonnateur ambulancier est plac\u00e9 sous l'autorit\u00e9 fonctionnelle et hi\u00e9rarchique de l'ATSU / du SAMU -\ncentre 15.  \n \nIl n'a aucun lien de subordination ou d'int\u00e9r\u00eat avec une entreprise de transport sanitaire.  \n \nAux horaires o\u00f9 l'activit\u00e9 justifie la mise en place d'un personnel d\u00e9di\u00e9, le coordonnateur ambulancier ne peut \neffectuer d'autres activit\u00e9s pour le compte du SAMU qui ne sont pas pr\u00e9vues dans ses missions.  \n \nDans le d\u00e9partement \u2026\u2026\u2026\u2026., un personnel d\u00e9di\u00e9 aux missions de coordination ambulanci\u00e8re est mis en place \nsur les horaires suivants : \u2026\u2026\u2026\u2026\u2026.  \n \nAfin d'assurer cette organisation, une \u00e9quipe de \u2026 coordonnateurs ambulanciers se relaient au fil de la journ\u00e9e \net de la semaine au sein du d\u00e9partement, avec un fonctionnement comme suit : \u2026\u2026\u2026\u2026\u2026..  \n \n \n[Option] Aux horaires de \u2026\u2026\u2026., les missions de coordination ambulanci\u00e8re sont effectu\u00e9es par le coordonnateur du \nd\u00e9partement \u2026\u2026\u2026. / par le SAMU. Les coordonnateurs ambulanciers doivent donc entretenir un lien r\u00e9gulier et fluide avec \nces autres personnels, afin d'assurer la transmission de l'ensemble des informations, notamment le recensement exhaustif \ndes donn\u00e9es et les incidents signal\u00e9s sur la totalit\u00e9 des horaires et des jours. \n \n \n \n \n \n \n \n \n \nAgence r\u00e9gionale de sant\u00e9 - 13-2025-06-23-00011 - 2025 06 23 arr\u00eat\u00e9 avenant n\u00b02 Cahier des charges garde ambulanci\u00e8re 13 40\n \n29 \n \nPROFIL SOUHAIT\u00c9 \n \nLes profils suivants sont privil\u00e9gi\u00e9s :  \n- Ambulancier  \n-Logisticien  \n- Assistant de r\u00e9gulation m\u00e9dicale  \n \nUne exp\u00e9rience de quelques ann\u00e9es dans le secteur du transport sanitaire ou de l'aide m\u00e9dicale urgente est requise.  \n \nConnaissances :  \n- Connaissance du secteur g\u00e9ographique  \n- Connaissance de l'environnement r\u00e9glementaire des transports sanitaires et des interventions \u00e0 la demande du SAMU  \n- Connaissance des acteurs de l'aide m\u00e9dicale urgente, du monde sanitaire  \n \nSavoir-faire :  \n- Gestion et optimisation de l'envoi de v\u00e9hicules  \n- Utilisation des outils bureautiques et informatiques  \n- Gestion de bases de donn\u00e9es  \n- Constitution et analyse de tableaux de bord  \n- Communication  \n- Analyse d'un contexte, d'une probl\u00e9matique  \n- Alerte sur une situation \u00e0 risque  \n \nSavoir-\u00eatre :  \n- Autonomie  \n- Disponibilit\u00e9  \n- Adaptabilit\u00e9  \n- R\u00e9activit\u00e9  \n- Travail en \u00e9quipe  \n- \u00c9coute active et attentive  \n- Rigueur et esprit m\u00e9thodique  \n- Pers\u00e9v\u00e9rance et contr\u00f4le de soi  \n \nFormations pr\u00e9vues dans le cadre de l'adaptation au poste :  \n \n \nDESCRIPTION DE LA STRUCTURE \nDescription du SAMU et de l'ATSU \n \n \nCONTACTS \n \nPersonnes \u00e0 contacter pour tout renseignement  \nPersonnes \u00e0 qui adresser les candidatures  \n \n \n \n \n \n \n \n \n \n \n \n \n \nAgence r\u00e9gionale de sant\u00e9 - 13-2025-06-23-00011 - 2025 06 23 arr\u00eat\u00e9 avenant n\u00b02 Cahier des charges garde ambulanci\u00e8re 13 41\nUOUOUOUUUUUO\nUOUOUUUO\n \n30 \nAnnexe 8 du cahier des charges : Fiche de dysfonctionnement des transports sanitaires \nurgents \n \nOrigine du signalement \nD\u00e9partement : \n \nSecteur de : \n \nQualit\u00e9 du d\u00e9clarant : \nEntreprise de transport sanitaire \nCoordinateur ambulancier \nPersonnel du SAMU \nPersonnel d'une structure des urgences \nPatient \nAutre : \u2026\u2026\u2026\u2026\u2026\u2026\u2026\u2026\u2026\u2026\u2026\u2026\u2026\u2026\u2026\u2026\u2026\u2026 \n \nDate du signalement : \nNom et mail du d\u00e9clarant (facultatif) : \nDate et heure du dysfonctionnement : le                                      \u00e0 \n \nCaract\u00e9ristiques du dysfonctionnement \n- EN RELATION AVEC L'ENTREPRISE DE TRANSPORT SANITAIRE \nNom de l'entreprise : \n \nNon joignable \nNon disponible pour la garde \nRefus prise en charge du patient \nAutre : \u2026\u2026\u2026\u2026\u2026\u2026\u2026\u2026\u2026\u2026\u2026\u2026\u2026\u2026\u2026\u2026\u2026\u2026\u2026\u2026\u2026\u2026\u2026\u2026\u2026\u2026\u2026\u2026\u2026\u2026\u2026\u2026\u2026\u2026\u2026\u2026.. \nDescription : \u2026\u2026\u2026\u2026\u2026\u2026\u2026\u2026\u2026\u2026\u2026\u2026\u2026\u2026\u2026\u2026\u2026\u2026\u2026\u2026\u2026\u2026\u2026\u2026\u2026\u2026\u2026\u2026\u2026\u2026\u2026\u2026\u2026\u2026\u2026\u2026\u2026\u2026... \n\u2026\u2026\u2026\u2026\u2026\u2026\u2026\u2026\u2026\u2026\u2026\u2026\u2026\u2026\u2026\u2026\u2026\u2026\u2026\u2026\u2026\u2026\u2026\u2026\u2026\u2026\u2026\u2026\u2026\u2026\u2026\u2026\u2026\u2026\u2026\u2026\u2026\u2026\u2026\u2026\u2026\u2026\u2026\u2026\u2026 \n \n- EN RELATION AVEC LA REGULATION MEDICALE \nDescription : \u2026\u2026\u2026\u2026\u2026\u2026\u2026\u2026\u2026\u2026\u2026\u2026\u2026\u2026\u2026\u2026\u2026\u2026\u2026\u2026\u2026\u2026\u2026\u2026\u2026\u2026\u2026\u2026\u2026\u2026\u2026\u2026\u2026\u2026\u2026\u2026\u2026\u2026... \n\u2026\u2026\u2026\u2026\u2026\u2026\u2026\u2026\u2026\u2026\u2026\u2026\u2026\u2026\u2026\u2026\u2026\u2026\u2026\u2026\u2026\u2026\u2026\u2026\u2026\u2026\u2026\u2026\u2026\u2026\u2026\u2026\u2026\u2026\u2026\u2026\u2026\u2026\u2026\u2026\u2026\u2026\u2026\u2026\u2026 \n \n- EN RELATION AVEC LE PATIENT \nAgressivit\u00e9 du patient \nIncompr\u00e9hension du patient \nRefus de prise en charge par le patient \nAutre : \u2026\u2026\u2026\u2026\u2026\u2026\u2026\u2026\u2026\u2026\u2026\u2026\u2026\u2026\u2026\u2026\u2026\u2026\u2026\u2026\u2026\u2026\u2026\u2026\u2026\u2026\u2026\u2026\u2026\u2026\u2026\u2026\u2026\u2026\u2026\u2026\u2026\u2026. \nDescription : \u2026\u2026\u2026\u2026\u2026\u2026\u2026\u2026\u2026\u2026\u2026\u2026\u2026\u2026\u2026\u2026\u2026\u2026\u2026\u2026\u2026\u2026\u2026\u2026\u2026\u2026\u2026\u2026\u2026\u2026\u2026\u2026\u2026\u2026\u2026\u2026\u2026\u2026\u2026 \n\u2026\u2026\u2026\u2026\u2026\u2026\u2026\u2026\u2026\u2026\u2026\u2026\u2026\u2026\u2026\u2026\u2026\u2026\u2026\u2026\u2026\u2026\u2026\u2026\u2026\u2026\u2026\u2026\u2026\u2026\u2026\u2026\u2026\u2026\u2026\u2026\u2026\u2026\u2026\u2026\u2026\u2026\u2026\u2026.\u2026 \n \n- AUTRE TYPE DE DYSFONCTIONNEMENT \nDescription : \u2026\u2026\u2026\u2026\u2026\u2026\u2026\u2026\u2026\u2026\u2026\u2026\u2026\u2026\u2026\u2026\u2026\u2026\u2026\u2026\u2026\u2026\u2026\u2026\u2026\u2026\u2026\u2026\u2026\u2026\u2026\u2026\u2026\u2026\u2026\u2026\u2026\u2026\u2026 \n\u2026\u2026\u2026\u2026\u2026\u2026\u2026\u2026\u2026\u2026\u2026\u2026\u2026\u2026\u2026\u2026\u2026\u2026\u2026\u2026\u2026\u2026\u2026\u2026\u2026\u2026\u2026\u2026\u2026\u2026\u2026\u2026\u2026\u2026\u2026\u2026\u2026\u2026\u2026\u2026\u2026\u2026\u2026\u2026\u2026. \n \nSolution apport\u00e9e : \n \nFiche \u00e0 transmettre \u00e0 l'ARS par mail : ars-paca-dd13-guichet-unique@ars.sante.fr \n \n  \n \n \n \n \n \nAgence r\u00e9gionale de sant\u00e9 - 13-2025-06-23-00011 - 2025 06 23 arr\u00eat\u00e9 avenant n\u00b02 Cahier des charges garde ambulanci\u00e8re 13 42\nH\u00f4pitaux ap- ke secours awmeancessenviers RE MARINS-POMPIERS POMPIERS |de Marseille hm oc aes Seer am M A R S E | L L E DES BOUCRES-DU-RAONE\n \n31 \nAnnexe 9 du cahier des charges : Convention locale quadripartite SAMU/ATSU/SDIS13/BMPM \nsign\u00e9e le 4 septembre 2024 \n \n \nConvention locale quadripartite APHM / ATSU / SDIS 13 / BMPM relative \u00e0 la r\u00e9ponse aux sollicitations \ndu SAMU en mati\u00e8re de transports sanitaires urgents \nENTRE \nL'Assistance Publique \u2013 H\u00f4pitaux de Marseille, si\u00e8ge du service d'aide m\u00e9dicale urgente (SAMU), repr\u00e9sent\u00e9e \npar son directeur g\u00e9n\u00e9ral M. Fran\u00e7ois CREMIEUX ; \nL'association d\u00e9partementale de transports sanitaires d'urgence (ATSU) la plus repr\u00e9sentative du d\u00e9partement, \nrepr\u00e9sent\u00e9e par son pr\u00e9sident M. Michel BRUNY ; \nLe service d\u00e9partemental d'incendie et de secours des Bouches -du-Rh\u00f4ne (SDIS 13), repr\u00e9sent\u00e9 par son \npr\u00e9sident Richard MALLI\u00c9 ; \nLa ville de Marseille, pour le bataillon de marins-pompiers de Marseille (BMPM), repr\u00e9sent\u00e9 par son maire Beno\u00eet \nPAYAN, ayant donn\u00e9 d\u00e9l\u00e9gation au vice-amiral Lionel MATHIEU aux fins des pr\u00e9sentes ; \nVU : \n\u2022 les articles L. 6311-1 \u00e0 L. 6311-2, L. 6312-1 \u00e0 L. 6312-5, L. 6313-1, L. 6314-1, \nR. 6311-1 \u00e0 R. 6311-5, R. 6312-1 \u00e0 R. 6312-43, R. 6313-1 \u00e0 R. 6313-8, R. 6314-1 \u00e0 R. 6314-6 du Code \nde la sant\u00e9 publique ; \n\u2022 les articles R. 311-1, R. 313-33 \u00e0 R. 313-35, R. 432-1 \u00e0 R. 432-4 du Code de la route ; \n\u2022 l'article L. 1424-42 du Code g\u00e9n\u00e9ral des collectivit\u00e9s territoriales ; \n\u2022 l'arr\u00eat\u00e9 minist\u00e9riel du 11 avril 2022 relatif \u00e0 la formation conduisant au dipl\u00f4me d'\u00c9tat d'ambulancier et aux \nconditions de formation de l'auxiliaire ambulancier ; \n\u2022 l'arr\u00eat\u00e9 minist\u00e9riel du 24 avril 2009 relatif \u00e0 la mise en \u0153uvre du r\u00e9f\u00e9rentiel portant organisation du secours \n\u00e0 la personne et \u00e0 l'aide m\u00e9dicale urgente ; \n\u2022 l'arr\u00eat\u00e9 minist\u00e9riel du 5 mai 2009 relatif \u00e0 la mise en \u0153uvre du r\u00e9f\u00e9rentiel SAMUtransports sanitaires \nportant organisation de la r\u00e9ponse ambulanci\u00e8re \u00e0 l'urgence pr\u00e9-hospitali\u00e8re ; \n\u2022 l'arr\u00eat\u00e9 du 12 d\u00e9cembre 2017 fixant les caract\u00e9ristiques et les installations mat\u00e9rielles exig\u00e9es pour les \nv\u00e9hicules affect\u00e9s aux transports sanitaires terrestres ; \n\u2022 la convention nationale du 26 d\u00e9cembre 2002 destin\u00e9e \u00e0 organiser les rapports entre les transporteurs \npriv\u00e9s et les caisses d'assurance maladie, ses annexes et ses dix avenants ; \n\u2022 la circulaire DHOS/01 n\u00b0 2004 -151 du 29 mars 2004 relative au r\u00f4le des SAMU, des SDIS et des \nambulanciers dans l'aide m\u00e9dicale urgente ; \n\u2022 la circulaire DHOS/2009 n\u00b0 192 du 14 octobre 2009 relative \u00e0 l'application de l'arr\u00eat\u00e9 du 24 avril 2009 \nrelatif \u00e0 la mise en \u0153uvre du r\u00e9f\u00e9rentiel portant sur l'organisation du secours \u00e0 personne et de l'aide \nm\u00e9dicale urgente et de l'arr\u00eat\u00e9 du 5 mai 2009 relatif \u00e0 la mise en \u0153uvre du r\u00e9f\u00e9rentiel portant organisation \nde la r\u00e9ponse ambulanci\u00e8re \u00e0 l'urgence pr\u00e9-hospitali\u00e8re ; \n\u2022 l'instruction interminist\u00e9rielle n\u00b0DGOS/R2/DGSCGC/BOMSIS/2021/163 du 30 juillet 2021 relative \u00e0 \nl'articulation entre secours d'urgence \u00e0 personne et aide m\u00e9dicale urgente, visant notamment \u00e0 la diffusion \nde guides pour la r\u00e9duction des temps d'attente des sapeurs-pompiers aux services d'urgence et pour la \ntemporisation des carences ambulanci\u00e8res ; \n\u2022 l'instruction interminist\u00e9rielle n\u00b0DGOS/R2/DSS/DGSCGC/2022/144 du 13 mai 2022 relative \u00e0 la mise en \n\u0153uvre de la r\u00e9forme des transports sanitaires urgents et de la participation des entreprises de transports \nsanitaires au service de garde ; \n\u2022 l'arr\u00eat\u00e9 du maire de la Ville de Marseille n\u00b02022_03583_VDM du 22 novembre 2022 portant d\u00e9l\u00e9gation \nde signature \u00e0 Monsieur Lionel Mathieu \u2013 directeur g\u00e9n\u00e9ral adjoint la ville prot\u00e9g\u00e9e ; \nAgence r\u00e9gionale de sant\u00e9 - 13-2025-06-23-00011 - 2025 06 23 arr\u00eat\u00e9 avenant n\u00b02 Cahier des charges garde ambulanci\u00e8re 13 43\n \n32 \n\u2022 l'avis favorable par d\u00e9lib\u00e9ration du bureau 2024-63 du SDIS 13 en s\u00e9ance du 07 mai 2024. \nConsid\u00e9rant que la pr\u00e9sente convention n'a pas vocation \u00e0 pr\u00e9senter de mani\u00e8re exhaustive l'ensemble des \nitems relatifs \u00e0 la prise en charge des urgences pr\u00e9 -hospitali\u00e8res, qui feront l'objet d'une convention supra \ncompl\u00e9mentaire issue d'une concertation  entre service d'aide m\u00e9dicale urgente, association de transports \nsanitaires d'urgence et services d'incendie et de secours. \nIl est convenu ce qui suit : \nARTICLE 1 : OBJET DE LA CONVENTION \nL'objet de la pr\u00e9sente convention est d'\u00e9tablir les modalit\u00e9s de coop\u00e9ration entre le service d'aide m\u00e9dicale \nurgente (SAMU), les entreprises de transports sanitaires repr\u00e9sent\u00e9es par l'association des transports sanitaires \nd'urgence la plus repr\u00e9sentative au plan d\u00e9partemental (ATSU), le SDIS 13 et le BMPM, ensemble d\u00e9nomm\u00e9s \u00ab \nles services d'incendie et de secours (SIS) \u00bb, pour optimiser la r\u00e9ponse aux demandes du SAMU  dans le cadre \ndes transports sanitaires urgents. \nARTICLE 2 : CHAMP D'APPLICATION DE LA CONVENTION \nLa convention couvre l'activit\u00e9 de transports sanitaires urgents r\u00e9alis\u00e9e par les entreprises de transports sanitaires \n\u00e0 la demande du SAMU, d\u00e9finies \u00e0 l'article R. 6312-17-1 du Code de la sant\u00e9 publique, 24 heures sur 24 et 7 jours \nsur 7, ainsi que les interventions r\u00e9alis\u00e9es par les SIS en lien avec le SAMU au titre des carences ambulanci\u00e8res. \nLe SAMU sollicite les entreprises de transports sanitaires pour r\u00e9aliser des transports sanitaires urgents \nn\u00e9cessitant une r\u00e9ponse adapt\u00e9e \u00e0 l'\u00e9tat du patient. \nLa r\u00e9ponse aux demandes du SAMU est organis\u00e9e par un dispositif de garde ambulanci\u00e8re et par des moyens \ncompl\u00e9mentaires fix\u00e9s dans le cahier des charges d\u00e9partemental pour l'organisation de la garde ambulanci\u00e8re. \nLe cadre applicable \u00e0 ces transports est d\u00e9 fini dans le cahier des charges pour l'organisation de la garde \nambulanci\u00e8re et du transport sanitaire urgent du d\u00e9partement. \nDans le cadre des transports sanitaires urgents, les SIS peuvent \u00eatre mobilis\u00e9s par le SAMU : \n- en cas d'indisponibilit\u00e9 ambulanci\u00e8re constat\u00e9e par le coordonnateur ambulancier ; \n- en appui des entreprises de transports sanitaires dans des cas particuliers n\u00e9cessitant la mobilisation de \nmoyens sp\u00e9cifiques. \nIl est rappel\u00e9 que, conform\u00e9ment \u00e0 l'article L. 1424 -42 du Code g\u00e9n\u00e9ral des collectivit\u00e9s territoriales, les SIS \npeuvent diff\u00e9rer ou refuser leur engagement afin de pr\u00e9server une disponibilit\u00e9 op\u00e9rationnelle pour leurs missions \nd\u00e9finies \u00e0 l'article L. 1424-2 du m\u00eame Code2. \nLa pr\u00e9sente convention est \u00e9tablie pour tout le d\u00e9partement des Bouches-du-Rh\u00f4ne. \nARTICLE 3 : ENGAGEMENTS DES PARTIES \n a) Le SAMU s'engage \u00e0 : \n- indiquer aux entreprises de transports sanitaires pour chaque transport sanitaire demand\u00e9 les \n\u00e9quipements n\u00e9cessaires \u00e0 son bon d\u00e9roulement, le d\u00e9lai de transport souhait\u00e9 (\u00e0 d\u00e9part imm\u00e9diat ou \u00e0 \nd\u00e9part diff\u00e9r\u00e9 en fonction de l'\u00e9tat du patient \u00e9valu\u00e9 par la r\u00e9gulation), et l'ensemble des informations \nrelatives \u00e0 l'\u00e9tat du patient n\u00e9cessaires pour assurer une bonne prise en charge ; \n- solliciter, par l'interm\u00e9diaire du coordonnateur ambulancier ou \u00e0 d\u00e9faut, le professionnel mobilis\u00e9 au sein \nde la r\u00e9gulation du SAMU, au moins deux entreprises de transport sanitaire, en plus de l'entreprise de \ngarde avant toute demande d'intervention des SIS pour carence ambulanci\u00e8re. \nb) Les entreprises de transports sanitaires via l'ATSU s'engagent \u00e0 : \n- r\u00e9pondre aux appels du SAMU pendant la dur\u00e9e de la garde pour r\u00e9aliser un transport sanitaire, dans des \nlieux prot\u00e9g\u00e9s, \u00e0 savoir tout transport d'une personne malade, bless\u00e9e ou parturiente, pour des raisons \n \n2 L'article L. 1424-42 rappelle : \u00ab Les services d'incendie et de secours ne sont tenus de proc\u00e9der qu'aux seules op\u00e9rations de secours qui se \nrattachent directement \u00e0 leurs missions de service public d\u00e9finies \u00e0 l'article L. 1424 -2. S'ils ont \u00e9t\u00e9 sollicit\u00e9s  pour des interventions ne se \nrattachant pas directement \u00e0 l'exercice de leurs missions, ils peuvent diff\u00e9rer ou refuser leur engagement afin de pr\u00e9server une disponibilit\u00e9 \nop\u00e9rationnelle pour les missions relevant du m\u00eame article L. 1424-2. \u00bb 2 Code de la sant\u00e9 publique, article L. 6312-1 \nAgence r\u00e9gionale de sant\u00e9 - 13-2025-06-23-00011 - 2025 06 23 arr\u00eat\u00e9 avenant n\u00b02 Cahier des charges garde ambulanci\u00e8re 13 44\n \n33 \nde soins ou de diagnostic sur prescription m\u00e9dicale ou en cas d'urgence m\u00e9dicale, hors missions relevant \ndu secours et des soins d'urgence aux personnes, effectu\u00e9 \u00e0 l'aide de moyens de transports terrestres2 ; \n- mobiliser au moins un \u00e9quipage et un v\u00e9hicule d\u00e9di\u00e9 aux transports sanitaires urgents pendant la dur\u00e9e \nde la garde telle que d\u00e9finie dans le cahier des charges d\u00e9partemental ; \n- accomplir toute d\u00e9marche en lien avec l'ATSU pour trouver un rempla\u00e7ant, de pr\u00e9f\u00e9rence du m\u00eame \nsecteur de garde, lorsqu'ils ne peuvent assurer leur tour de garde pour cause d'emp\u00eachement et \ncommuniquer ces informations \u00e0 l'ARS ainsi qu'au SAMU ; \n- \u00e9quiper tous les v\u00e9hicules intervenant pour des demandes du SAMU de dispositifs de g\u00e9olocalisation en \nlien avec le syst\u00e8me d'information du coordonnateur ambulancier ; \n(acc\u00e8s \u00e0 la g\u00e9olocalisation cartographique au SAMU - Centre 15) \n- assurer \u00e0 la demande du SAMU la prise en charge et le transport des patients vers le lieu de soins dans \nles d\u00e9lais fix\u00e9s par le m\u00e9decin r\u00e9gulateur du SAMU (\u00e0 d\u00e9part imm\u00e9diat ou \u00e0 d\u00e9part diff\u00e9r\u00e9 en fonction de \nl'\u00e9tat du patient \u00e9valu\u00e9 par la r\u00e9gulation), qu and l'entreprise est de garde, ou d\u00e8s qu'une activit\u00e9 de \ntransport sanitaire urgent est accept\u00e9e par une entreprise volontaire sollicit\u00e9e si l'entreprise de garde est \nindisponible en raison d'un pr\u00e9c\u00e9dent transport pour le SAMU ; \n- respecter les exigences du SAMU en termes de cat\u00e9gorie de v\u00e9hicule mobilis\u00e9, de niveau d'\u00e9quipement \ndu v\u00e9hicule demand\u00e9 ; \n- respecter les crit\u00e8res de qualit\u00e9 d\u00e9finis dans le cahier des charges d\u00e9partemental et dans la pr\u00e9sente \nconvention. \n c) Le SDIS13 et le BMPM s'engagent \u00e0 : \n- r\u00e9pondre aux demandes du SAMU en cas de carence ambulanci\u00e8re, sous r\u00e9serve de sa disponibilit\u00e9 \nop\u00e9rationnelle ; \n- pr\u00e9ciser les d\u00e9lais d'intervention possibles (proc\u00e9dure de temporisation) en cas d'impossibilit\u00e9 de \nr\u00e9pondre au d\u00e9lai demand\u00e9 par le SAMU3 ; - communiquer le bilan secouriste du patient aux : \no SAMU, syst\u00e9matiquement et en temps r\u00e9el (sauf proc\u00e9dure bilan \u00ab blanc \u00bb) ; o structures des \nurgences, lors de l'admission ; \no transporteurs sanitaires en cas de relais avec un v\u00e9hicule de transport sanitaire. \nLa pr\u00e9sente convention a vocation \u00e0 remplacer les conventions bipartites sign\u00e9es dans le cadre de l'organisation \ndes transports sanitaires urgents. Elle n'a pas vocation \u00e0 abroger les autres conventions bipartites d\u00e9j\u00e0 en vigueur \nqui traitent de la prise e n charge des missions d'urgence pr\u00e9hospitali\u00e8re, en dehors du champ du transport \nsanitaire urgent. \nARTICLE 4 : D\u00c9ROUL\u00c9 OP\u00c9RATIONNEL \n1- Le traitement de l'appel dans le cadre de l'aide m\u00e9dicale urgente \nLa r\u00e9gulation m\u00e9dicale, conform\u00e9ment \u00e0 l'article R. 6311 -2 du Code de la sant\u00e9 publique, par le centre 15 est \nsyst\u00e9matique. Elle a pour but de d\u00e9terminer et d\u00e9clencher dans les meilleurs d\u00e9lais la r\u00e9ponse adapt\u00e9e \u00e0 l'\u00e9tat du \npatient. Cette mission incombe au SAMU-Centre 15 des \u00e9tablissements publics de sant\u00e9. \nLorsqu'un appel d'urgence parvient au SAMU -Centre 15, l'ARM sollicite le m\u00e9decin r\u00e9gulateur, qui prend la \nd\u00e9cision adapt\u00e9e pour r\u00e9pondre au besoin de soins du patient et \u00e9viter toute perte de chance : intervention SMUR \net/ou recours aux entreprises de transports sanitaires ou aux SIS. \n2- Le recours aux entreprises de transport sanitaires \nEn cas de d\u00e9clenchement d'un transport sanitaire urgent, le m\u00e9decin r\u00e9gulateur sollicite le coordonnateur \nambulancier, ou \u00e0 d\u00e9faut, le professionnel mobilis\u00e9 au sein de la r\u00e9gulation du SAMU, qui fait appel dans cet ordre \naux acteurs suivants : \n \n3 Instruction interminist\u00e9rielle N\u00b0 DGOS/R2/DGSCGC/BOMSIS/2021/163 du 30 juillet 2021 relative \u00e0 l'articulation entre secours d 'urgence \u00e0 \npersonne et aide m\u00e9dicale urgente, visant notamment \u00e0 la diffusion de guides pour la r\u00e9duction des temps d'attente des sapeurs-pompiers \naux urgences et pour la temporisation des carences ambulanci\u00e8res. Guide de bonnes pratiques \u2013 d\u00e9finition des conditions de \u00ab temporisation \n\u00bb des carences ambulanci\u00e8res, \u00ab Le suivi de la temporisation des demandes est r\u00e9alis\u00e9 par le coordonnateur ambulancier et les assistants de \nr\u00e9gulation m\u00e9dicale au sein du CRRA 15. Le CRRA 15 informe sans d\u00e9lai le CODIS si un transporteur sanitaire priv\u00e9 est de nouveau disponible \net peut r\u00e9aliser l'intervention qui avait \u00e9t\u00e9 diff\u00e9r\u00e9e suite \u00e0 l'indisponibi lit\u00e9 du SIS dans le d\u00e9lai indiqu\u00e9. La demande d'intervention pour \nindisponibilit\u00e9 des transporteurs sanitaires priv\u00e9s est alors annul\u00e9e. \u00bb \nAgence r\u00e9gionale de sant\u00e9 - 13-2025-06-23-00011 - 2025 06 23 arr\u00eat\u00e9 avenant n\u00b02 Cahier des charges garde ambulanci\u00e8re 13 45\n \n34 \n1. La ou les entreprises de garde le cas \u00e9ch\u00e9ant ; \n2. Les entreprises volontaires et disponibles, en s'appuyant sur la liste fournie par l'ATSU et l'outil de \ng\u00e9olocalisation. \nLe coordonnateur ambulancier sollicite au moins deux entreprises en plus de l'entreprise de garde. Il v\u00e9rifie, \u00e0 \nl'aide du tableau de garde, la disponibilit\u00e9 potentielle de moyens des transporteurs sanitaires. \nIl identifie la disponibilit\u00e9 effective du transporteur et prend en compte l'urgence de la demande (notion de \ntemporisation de la demande) avant de d\u00e9clarer au SAMU l'indisponibilit\u00e9 des entreprises de transport sanitaire, \nafin que le SAMU puisse faire appel aux SIS en carence le cas \u00e9ch\u00e9ant. \nLorsque l'entreprise de transport sanitaire r\u00e9pond \u00e0 la sollicitation du SAMU, dans le cadre de la garde ou en \ndehors, l'entreprise : \n1. fait intervenir un \u00e9quipage aupr\u00e8s du patient dans le respect du d\u00e9lai fix\u00e9 par le SAMU ; \n2. r\u00e9alise un bilan clinique du patient qu'elle communique imm\u00e9diatement au SAMU ; \n3. le cas \u00e9ch\u00e9ant, effectue les gestes de soins d'urgences d\u00e9finis par l'article R. 6311 -17 du Code de la \nsant\u00e9 publique adapt\u00e9s \u00e0 l'\u00e9tat du patient, dans la limite des comp\u00e9tences de l'\u00e9quipage et sur prescription \ndu m\u00e9decin r\u00e9gulateur du SAMU ; \n4. achemine le patient, le cas \u00e9ch\u00e9ant, vers le lieu de soins d\u00e9termin\u00e9 par le service d'aide m\u00e9dicale urgente \net figurant sur la liste arr\u00eat\u00e9e par le directeur g\u00e9n\u00e9ral de l'agence r\u00e9gionale de sant\u00e9 ; \n5. informe le SAMU de toute modification de l'\u00e9tat du patient pendant la dur\u00e9e de la mission ; \n6. transmet des informations administratives et cliniques relatives au patient \u00e0 son arriv\u00e9e au lieu de soins. \nLe SAMU peut d\u00e9cider qu'un transport n'est pas n\u00e9cessaire, apr\u00e8s analyse du bilan clinique, pour l'une des raisons \nsuivantes : \n1. absence du patient sur le lieu d'intervention ; \n2. absence de n\u00e9cessit\u00e9 de prise en charge par une structure de soins ou un professionnel de sant\u00e9 ; \n3. soins apport\u00e9s au patient sur le lieu de l'intervention sans besoin de prise en charge suppl\u00e9mentaire ; \n4. transport devant \u00eatre r\u00e9alis\u00e9 par un autre moyen adapt\u00e9 ; 5. refus de prise en charge par le patient ; \n 6. d\u00e9c\u00e8s du patient. \nARTICLE 5 : CAS D'INTERVENTION DU SERVICE D'INCENDIE ET DE SECOURS EN ARTICULATION AVEC \nLES ENTREPRISES DE TRANSPORT SANITAIRE \n1- Les carences \nDans le cas o\u00f9 le SAMU constate un d\u00e9faut de disponibilit\u00e9 des entreprises de transports sanitaires pour une \nmission visant \u00e0 la prise en charge et au transport de malades, de bless\u00e9s ou de parturientes, pour des raisons \nde soins ou de diagnostic, il peut prescrire l'intervention d'un des SIS. Ces transports, r\u00e9alis\u00e9s en dehors des \nmissions des SIS d\u00e9finies \u00e0 l'article L. 1424 -2 du Code g\u00e9n\u00e9ral des collectivit\u00e9s territoriales, sont des carences \nambulanci\u00e8res4. \nUne carence se caract\u00e9rise donc bien par les 4 crit\u00e8res cumulatifs : \n- Prescription du SAMU, \n- Par d\u00e9faut de disponibilit\u00e9 d'un transporteur sanitaire, - Pour des transports sanitaires \nurgents, - Hors des missions des SIS. \n2- Besoin de moyens sp\u00e9cifiques du SIS en appui des entreprises de \ntransport sanitaire \nLe SAMU peut mobiliser dans certains cas l'un des SIS en appui des moyens d\u00e9j\u00e0 engag\u00e9s par les entreprises \nde transports sanitaires, notamment si le brancardage fait appel \u00e0 des moyens sp\u00e9cifiques (Secours en milieu \np\u00e9rilleux et montagne \u2013 SMPM, bras \u00e9l\u00e9vateur, \u00e9chelle pivotante, etc.). Il s'agit alors d'une op\u00e9ration de sauvetage \nr\u00e9alis\u00e9e par le SIS concern\u00e9. Le transport du patient est assur\u00e9 par les transporteurs sanitaires pr\u00e9sents. \nLa pr\u00e9sente disposition concerne exclusivement les moyens sp\u00e9cialis\u00e9s dont seuls les SIS sont dot\u00e9s pour des \ninterventions urgentes. Elle ne concerne pas les transports sanitaires programm\u00e9s et les appuis non sp\u00e9cialis\u00e9s \n(transport bariatrique, renfort brancardage, apport de stock de produits m\u00e9dicaux sur lieux de prise en charge de \n \n4 Loi n\u00b0 2021-1520 du 25 novembre 2021 visant \u00e0 consolider notre mod\u00e8le de s\u00e9curit\u00e9 civile et valoriser le volontariat des sapeurs -pompiers \net les sapeurs-pompiers professionnels. \nAgence r\u00e9gionale de sant\u00e9 - 13-2025-06-23-00011 - 2025 06 23 arr\u00eat\u00e9 avenant n\u00b02 Cahier des charges garde ambulanci\u00e8re 13 46\n \n35 \nla victime, mat\u00e9riel m\u00e9dicosecouriste, etc.) dont la r\u00e9alisation peut faire l'objet d'une prise en charge financi\u00e8re \nconform\u00e9ment aux dispositions de l'article L. 1424-42 du Code g\u00e9n\u00e9ral des collectivit\u00e9s territoriales. \n3- Les pratiques de relais entre sapeurs-pompiers et transporteurs \nsanitaires \nAfin de ne pas diminuer la couverture op\u00e9rationnelle sur un secteur de comp\u00e9tence, il est donn\u00e9 la possibilit\u00e9 aux \nSIS de proc\u00e9der \u00e0 un relai entre un moyen du SIS (VSAV, Prompt secours, VSABTT) et un transporteur sanitaire, \nd\u00e8s lors que la distance entre le lieu de l'intervention et la structure d'accueil hospitali\u00e8re est importante. \nUne analyse b\u00e9n\u00e9fice/risques sera r\u00e9alis\u00e9e en concertation des salles op\u00e9rationnelles de chaque structure, afin \nd'assurer une prise en charge optimale de la victime sans ob\u00e9rer la capacit\u00e9 de r\u00e9ponse du SIS. \nARTICLE 6 : MAT\u00c9RIEL EMBARQU\u00c9 \nL'\u00e9quipement disponible dans le cadre de la r\u00e9ponse au transport sanitaire urgent respecte la r\u00e9glementation en \nvigueur5. Des obligations compl\u00e9mentaires peuvent \u00eatre d\u00e9finies localement. \nARTICLE 7 : \u00c9CHANGES D'INFORMATIONS ET DE DONN\u00c9ES ENTRE LE \nSAMU ET LE COORDONNATEUR AMBULANCIER \nLes moyens de communication entre le SAMU et le coordonnateur doivent permettre : \n- Le contact direct (t\u00e9l\u00e9phone, tablette, syst\u00e8me d'information ambulancier, etc.) ; \n- La confirmation en temps r\u00e9el de la bonne r\u00e9ception, de l'acceptation du transport, du d\u00e9part du vecteur \nde transport et du temps estim\u00e9 d'arriv\u00e9e sur les lieux ; \n- Le suivi du d\u00e9roul\u00e9 du transport ; \n- La tra\u00e7abilit\u00e9 de l'activit\u00e9. Un bilan partag\u00e9 mensuel entre les entit\u00e9s partenaires de la convention \npermettra de monitorer les variations d'activit\u00e9s ; \nPar le biais du syst\u00e8me d'information du SAMU, le coordonnateur re\u00e7oit l'ensemble des informations n\u00e9cessaires \n\u00e0 un transport : identification du patient, lieu du transport, etc. \nLe coordonnateur ambulancier b\u00e9n\u00e9ficie d'un syst\u00e8me d'information commun avec les entreprises de transports \nsanitaires. Dans la mesure du possible, ce SI est interop\u00e9rable avec le SI du SAMU. L'outil appartient \u00e0 l'ATSU et \npermet de r\u00e9colter l'exhaustivit\u00e9  de l'activit\u00e9 de transport sanitaire urgent. Le syst\u00e8me d'information des \nentreprises de transport sanitaire permet au coordonnateur ambulancier de : \n- visualiser la disponibilit\u00e9 effective des entreprises de transports sanitaires sur tout le territoire et la \ng\u00e9olocalisation des v\u00e9hicules disponibles, apr\u00e8s avoir constat\u00e9 la disponibilit\u00e9 th\u00e9orique des entreprises \nau sein du tableau de garde ; \n- d\u00e9clencher instantan\u00e9ment le vecteur adapt\u00e9 et lui transmettre les donn\u00e9es re\u00e7ues par le SAMU, issues \ndu SI du SAMU ; \n- tracer en temps r\u00e9el les \u00e9tats d'avancement du transport ; - tracer les \u00e9l\u00e9ments n\u00e9cessaires \u00e0 la \nr\u00e9mun\u00e9ration ; - \u00e9tablir les statistiques mensuelles et annuelles. \nLe coordonnateur assure le d\u00e9clenchement des interventions des ambulanciers et la tra\u00e7abilit\u00e9 des transports \neffectu\u00e9s (heures de d\u00e9part, dur\u00e9e d'intervention\u2026). C'est \u00e9galement lui qui, en cas de carence, \u00e9tablit le constat \nd'indisponibilit\u00e9 en attribuant  un num\u00e9ro de carence et en renseignant le logiciel de r\u00e9gulation centaure, et qui \nd\u00e9clenche les moyens du SDIS ou du BMPM. L'ensemble des informations recueillies par le coordonnateur est \nretransmis au SAMU 13. \n \n5 Arr\u00eat\u00e9 du 12 d\u00e9cembre 2017 fixant les caract\u00e9ristiques et les installations mat\u00e9rielles exig\u00e9es pour les v\u00e9hicules affect\u00e9s a ux transports \nsanitaires terrestres. \nAgence r\u00e9gionale de sant\u00e9 - 13-2025-06-23-00011 - 2025 06 23 arr\u00eat\u00e9 avenant n\u00b02 Cahier des charges garde ambulanci\u00e8re 13 47\n \n36 \nLe coordonnateur ambulancier transmet \u00e0 la CPAM les \u00e9l\u00e9ments n\u00e9cessaires \u00e0 la r\u00e9mun\u00e9ration r\u00e9guli\u00e8rement. \nLe coordonnateur ambulancier transmet r\u00e9guli\u00e8rement au SAMU les \u00e9l\u00e9ments n\u00e9cessaires \u00e0 l'\u00e9valuation et au \npilotage de l'activit\u00e9 pr\u00e9cis\u00e9s \u00e0 l'article 10. \nARTICLE 8 : \u00c9V\u00c9NEMENTS IND\u00c9SIRABLES a) Signalement des \n\u00e9v\u00e8nements ind\u00e9sirables \nUn \u00e9v\u00e8nement ind\u00e9sirable est un \u00e9v\u00e8nement non souhait\u00e9 dans la gestion d'un dossier ou le d\u00e9roul\u00e9 du transport \nqui peut affecter la sant\u00e9 d'une personne. \nLors d'un transport, un \u00e9v\u00e8nement ind\u00e9sirable peut intervenir, notamment (liste non exhaustive) : \n- non r\u00e9ponse \u00e0 l'appel pour transport ; \n- non-respect du d\u00e9lai de transport ; \n- donn\u00e9es transmises pour transport insuffisantes ou erron\u00e9es ; \n- v\u00e9hicule demand\u00e9 pour le transport non conforme ; \n- mat\u00e9riel inadapt\u00e9 ; \n- absence de bilan de la victime ; \n- bilan inadapt\u00e9 ou retard\u00e9 ; \n- comportement inadapt\u00e9 ; \n- non-respect des consignes de destination ; - dossier bilan non transmis \u00e0 la structure d'accueil ; -\n probl\u00e8me sur le dossier remis \u00e0 la structure d'accueil. \nCes \u00e9v\u00e8nements sont constitutifs d'un manquement \u00e0 la convention et doivent faire l'objet d'un signalement (fiche \nde signalement d'un \u00e9v\u00e8nement ind\u00e9sirable en annexe 1). \nUne attention particuli\u00e8re sera port\u00e9e aux \u00e9v\u00e9nements porteurs de risques afin d'agir en pr\u00e9vention des \n\u00e9v\u00e9nements ind\u00e9sirables graves par la mise en place de mesures correctrices adapt\u00e9es. \nb) Traitement conjoint \nLa fiche d'\u00e9v\u00e9nement ind\u00e9sirable est communiqu\u00e9e au SAMU ou \u00e9tablie par celui -ci. Le SAMU la transmet \u00e0 \nl'ensemble des acteurs impliqu\u00e9s pour information et pour recueillir des informations compl\u00e9mentaires \u00e9ventuelles \n(ARS pour suivi de ces fiches, entreprise de transports sanitaires concern\u00e9e, ATSU, SIS le cas \u00e9ch\u00e9ant). \nChaque \u00e9v\u00e9nement ind\u00e9sirable et \u00e9v\u00e9nement porteur de risques fait l'objet d'une analyse conjointe organis\u00e9e par \nle SAMU et associant les acteurs concern\u00e9s avec copie \u00e0 l'ARS, selon les m\u00e9thodes et outils des d\u00e9marches \nqualit\u00e9 du syst\u00e8me de sant\u00e9 : revue de  morbidit\u00e9 mortalit\u00e9 (RMM), comit\u00e9 de retour d'exp\u00e9rience (CREX), etc. \nL'analyse se fait avec les acteurs impliqu\u00e9s directement dans les prises en charge dans une d\u00e9marche \nbienveillante de formation et d'am\u00e9lioration de la qualit\u00e9. \nCette analyse doit permettre de mettre en place les actions correctrices appropri\u00e9es. Le programme de formation \n\u00e9ventuel et les mesures issues de l'analyse sont \u00e9tablis en concertation entre le SAMU et les acteurs impliqu\u00e9s. \nSi un \u00e9v\u00e9nement ind\u00e9sirable est constitutif d'un manquement au cadre r\u00e9glementaire en vigueur, le SAMU informe \nl'ARS qui peut d\u00e9cider de la mise en place de sanctions. \nUne synth\u00e8se de la fiche, des retours des acteurs, de l'analyse de la situation et des actions mises en \u0153uvre est \ndress\u00e9e par le SAMU en accord avec les acteurs impliqu\u00e9s et transmise au CODAMUPS-TS. \nUne r\u00e9union de bilan est organis\u00e9e chaque semestre dans le cadre du sous -comit\u00e9 des transports sanitaires, \npr\u00e9vu aux articles R. 6313-5 et suivants du Code de la sant\u00e9 publique. \nCas sp\u00e9cifique des \u00e9v\u00e8nements ind\u00e9sirables graves \nL'\u00e9v\u00e8nement ind\u00e9sirable grave (EIG) est un \u00e9v\u00e9nement inattendu au regard de l'\u00e9tat de sant\u00e9 et de la pathologie \nde la personne et dont les cons\u00e9quences sont le d\u00e9c\u00e8s, la mise en jeu du pronostic vital, la survenue probable \nd'un d\u00e9ficit fonctionnel permanent y compris une anomalie ou une malformation cong\u00e9nitale (article R. 1413 -67 \ndu Code de la sant\u00e9 publique). \nTout EIG constat\u00e9 est d\u00e9clar\u00e9 par tout professionnel de sant\u00e9 ou tout repr\u00e9sentant l\u00e9gal d\u00e9sign\u00e9 de l'\u00e9tablissement \nde sant\u00e9 au directeur g\u00e9n\u00e9ral de l'ARS au moyen du formulaire pr\u00e9vu par l'article R. 1413-70 du Code de la sant\u00e9 \npublique (annexe 2). \nLe traitement s'\u00e9tablit en trois \u00e9tapes : \nAgence r\u00e9gionale de sant\u00e9 - 13-2025-06-23-00011 - 2025 06 23 arr\u00eat\u00e9 avenant n\u00b02 Cahier des charges garde ambulanci\u00e8re 13 48\n \n37 \n- sans d\u00e9lai, la premi\u00e8re partie de la d\u00e9claration est transmise au DG ARS. Elle comporte : \n  la nature de \nl'\u00e9v\u00e8nement et les circonstances de sa survenue ; \n\u2022 l'\u00e9nonc\u00e9 des premi\u00e8res mesures prises localement au b\u00e9n\u00e9fice du patient et en pr\u00e9vention de la r\u00e9p\u00e9tition \nd'\u00e9v\u00e9nements de m\u00eame nature ; \n\u2022 la mention de l'information du patient et, le cas \u00e9ch\u00e9ant, de sa famille, de ses proches ou de la personne \nde confiance qu'il a d\u00e9sign\u00e9e ; \n- une analyse approfondie des causes de l'\u00e9v\u00e9nement est effectu\u00e9e par tous les acteurs concern\u00e9s avec l'aide \nde la structure r\u00e9gionale d'appui \u00e0 la qualit\u00e9 des soins et \u00e0 la s\u00e9curit\u00e9 des patients, permettant d'\u00e9tablir un \nplan d'actions correctrices avec des \u00e9ch\u00e9ances de mise en \u0153uvre et d'\u00e9valuation ; \n- dans les trois mois suivant l'EIG, la deuxi\u00e8me partie de la d\u00e9claration est transmise.  \nElle comporte : \n\u2022 le descriptif de la gestion de l'\u00e9v\u00e9nement ; \n  les \u00e9l\u00e9ments de retour d'exp\u00e9rience ; \n  le plan d'actions \ncorrectrices. \nL'ARS diffuse les mesures correctives \u00e0 l'ensemble des acteurs concern\u00e9s du territoire. \nARTICLE 9 : FORMATION CONTINUE \nL'association des transports sanitaires d'urgence la plus repr\u00e9sentative au plan d\u00e9partemental pilote la d\u00e9marche \nqualit\u00e9 relative aux transports sanitaires urgents et est garante de son bon fonctionnement. \u00c0 ce titre, elle doit \nnotamment d\u00e9finir et propos er un plan de formation continue en lien avec le service d'aide m\u00e9dicale urgente et \nles organismes de formation6 (CESU, IFA, etc.). \nLes th\u00e8mes de formation sont d\u00e9finis chaque ann\u00e9e en concertation entre le SAMU et l'ATSU. Ils sont publi\u00e9s sur \nle site internet de l'ATSU. \nDes actions de formation compl\u00e9mentaires peuvent \u00eatre mises en place par l'ATSU en concertation avec les \ndiff\u00e9rents acteurs. \nARTICLE 10 : INDICATEURS DE SUIVI ET D'\u00c9VALUATION \nDes tableaux d'indicateurs de suivi de l'activit\u00e9 de transport sanitaire sont \u00e9tablis par le coordonnateur \nambulancier, le SAMU et les SIS et partag\u00e9s avec les signataires de la convention et l'ARS chaque mois. Chaque \nindicateur relatif aux transports sanitaires et carences ambulanci\u00e8res doit \u00eatre identifi\u00e9 par commune et ventil\u00e9 par \nsecteur de garde, ainsi que par p\u00e9riode de la journ\u00e9e (jour / soir\u00e9e / nuit). Un bilan semestriel sera transmis aux \nmembres du sous-comit\u00e9 des transports sanitaires, dans le cadre du suivi semestriel qu'il r\u00e9alise7. \nSuivi SAMU : \nNombre d'appels arrivant au 15 et bascul\u00e9s au 18 pour engagement de moyens SIS \napr\u00e8s r\u00e9gulation m\u00e9dicale pour des carences ambulanci\u00e8res \nRecueil des incidents et \u00e9v\u00e8nements ind\u00e9sirables \nSuivi coordonnateur ambulancier : \nNombre TSU pour un transport vers une structure hospitali\u00e8re \nNombre TSU pour un transport vers une structure de ville \nNombre TSU \u2013 sorties blanches \nNombre TSU r\u00e9alis\u00e9s par les moyens de garde \nNombre TSU r\u00e9alis\u00e9s par des moyens volontaires hors garde \nNombre TSU en renfort d'un SMUR d\u00e9j\u00e0 accompagn\u00e9 d'une ambulance \n \n6 Arr\u00eat\u00e9 du 26 avril 2022 relatif aux crit\u00e8res, aux modalit\u00e9s de d\u00e9signation ainsi qu'aux obligations et missions de l'associat ion des transports \nsanitaires d'urgence la plus repr\u00e9sentative au plan d\u00e9partemental. \n7 Code de la sant\u00e9 publique, article R. 6312-23-2. \nAgence r\u00e9gionale de sant\u00e9 - 13-2025-06-23-00011 - 2025 06 23 arr\u00eat\u00e9 avenant n\u00b02 Cahier des charges garde ambulanci\u00e8re 13 49\n \n38 \nNombre TSU r\u00e9alis\u00e9s en relai des sapeurs-pompiers \nNombre de carences ambulanci\u00e8res \nNombre d'indisponibilit\u00e9s ambulanci\u00e8res injustifi\u00e9es (indisponibilit\u00e9 d'une entreprise \nde garde non mobilis\u00e9e sur un transport demand\u00e9 par le SAMU) \nSuivi de la temporisation des carences : nombre total d'indisponibilit\u00e9s des \ntransporteurs sanitaires priv\u00e9s (ITSP) temporis\u00e9es en palier 1 d'une part et en palier \n2 d'autre part \nD\u00e9lai entre l'appel et l'arriv\u00e9e des moyens aupr\u00e8s du patient \nD\u00e9lai entre l'arriv\u00e9e sur place et la transmission du bilan au m\u00e9decin r\u00e9gulateur \nDur\u00e9e du transport \nRecueil des incidents et \u00e9v\u00e8nements ind\u00e9sirables \nSuivi SDIS 13 : \nNombre d'engagements SIS pour carences ambulanci\u00e8res \nDur\u00e9e d'intervention \nNombre de carences ambulanci\u00e8res temporis\u00e9es par le SIS* \nNombres de carences ambulanci\u00e8res refus\u00e9es par le SIS* \nNombre d'interventions soumises par le SIS \u00e0 requalification en carences \nambulanci\u00e8res* \n* Cet indicateur n'est pas directement accessible il sera mis en \u0153uvre en coh\u00e9rence avec le d\u00e9ploiement de l'outil \nNexSIS.\" Suivi BMPM : \nNombre d'engagements BMPM pour carences ambulanci\u00e8res \nDur\u00e9e d'intervention \nNombre de carences ambulanci\u00e8res temporis\u00e9es par le BMPM \nNombres de carences ambulanci\u00e8res refus\u00e9es par le BMPM \nNombre d'interventions soumises par le BMPM \u00e0 requalification en carences \nambulanci\u00e8res \nARTICLE 11 : ASSURANCES \nChaque partie fait son affaire de sa propre couverture assurantielle dans le cadre de l'ex\u00e9cution de la pr\u00e9sente \nconvention. \nL'entreprise de transport sanitaire souscrit une assurance pour la couverture de sinistres corporels ou/et mat\u00e9riels \ndont la responsabilit\u00e9 pourrait lui \u00eatre imput\u00e9e. \nARTICLE 12 : ENTR\u00c9E EN VIGUEUR ET DUR\u00c9E DE LA CONVENTION \nLa pr\u00e9sente convention entre en vigueur \u00e0 sa date de signature par l'ensemble des parties pour une dur\u00e9e de 5 \nann\u00e9es. Elle pourra \u00eatre reconduite tacitement, sans que sa dur\u00e9e totale ne puisse exc\u00e9der 10 ann\u00e9es \ncons\u00e9cutives. \nElle pourra \u00eatre r\u00e9sili\u00e9e par l'une des parties apr\u00e8s un pr\u00e9avis de trois mois, par lettre recommand\u00e9e adress\u00e9e \u00e0 \nchacune des parties signataires, avec demande d'avis de r\u00e9ception. \nARTICLE 13 : LITIGES \nEn cas de litige relatif \u00e0 la pr\u00e9sente convention et \u00e0 son application, les parties recherchent une solution amiable \navant de voir r\u00e9gler leur diff\u00e9rend par voie contentieuse. \nTout diff\u00e9rend pouvant s'\u00e9lever entre elles non r\u00e9solu \u00e0 l'amiable est port\u00e9 devant le tribunal administratif \nterritorialement comp\u00e9tent. \nAgence r\u00e9gionale de sant\u00e9 - 13-2025-06-23-00011 - 2025 06 23 arr\u00eat\u00e9 avenant n\u00b02 Cahier des charges garde ambulanci\u00e8re 13 50\nFran\u00e7ois CREMIEUXDirecteur g\u00e9n\u00e9ral de l'Assistance publique \u2014H\u00f4pitaux de Marseille\nLe Directeur G\u00e9n\u00e9ralde l'Assislance Publique - Hopitaux de Marseille\nMichel BRUNYPr\u00e9sident de l'association d\u00e9partementale detransports sanitaires d'urgenceQuartier Bde nEHe #P\u00fcits Armand\u00c0 oat i PEYPIN\nRichard MALLIEPr\u00e9sident du service d\u00e9partemental d'incendie etde secours des Bouches-du-Rh\u00f4ne\nVice-amiral Lionel MATHIEUCommandant le bataillon de marins-pompiers deMarseille, Directeur g\u00e9n\u00e9ral adjoint \u00ab la villeprot\u00e9g\u00e9e \u00bb\nLa pr\u00e9sente convention a \u00e9t\u00e9 approuv\u00e9e par le directeur g\u00e9n\u00e9ral de l'agence r\u00e9gionale desant\u00e9 de Provence Alpes C\u00f4te d'Azur et le pr\u00e9fet du d\u00e9partement des Bouches-du-Rh\u00f4nelors du CODAMUPS-TSDirecteur g\u00e9n\u00e9ralde l'agence r\u00e9gionale de sant\u00e9Provence-Alpes-C\u00f4te d'Azur\nPour le Directeur G\u00e9n\u00e9ral et par d\u00e9l\u00e9gationLa Directrice D\u00e9partementale des Bouches-du-Rh\u00f4ne\n\u2014_\nCaroline AGERON\nChristophe MIRMANDPr\u00e9fet du d\u00e9partement des Bouches-du-Rh\u00f4nePr\u00e9fet de la r\u00e9gion Provence-Alpes-C\u00f4te d'Azur,Pr\u00e9fet de la zone de d\u00e9fense de s\u00e9curit\u00e9 Sud,Re Poe.ee\n12\n \n \n \n/H \n  \nAgence r\u00e9gionale de sant\u00e9 - 13-2025-06-23-00011 - 2025 06 23 arr\u00eat\u00e9 avenant n\u00b02 Cahier des charges garde ambulanci\u00e8re 13 51\nREPUBLIQUEFRANCAISELibert\u00e9Egalit\u00e9Fraternit\u00e9\nAr@ D Agence R\u00e9gionale de Sant\u00e9Provence-AlpesC\u00f4te d'Azur\n  \n \n \n \n \n \n \n \nAgence r\u00e9gionale de sant\u00e9 Provence-Alpes-C\u00f4te d'Azur-Si\u00e8ge - 132, boulevard de Paris - CS 50039 - 13331 Marseille Cedex 03 \nT\u00e9l 04.13.55.80.10  \nhttps://www.paca.ars.sante.fr/           Page 40/41 \n \n \nANNEXE 1 Fiche \u00e9v\u00e9nement ind\u00e9sirable \nNum\u00e9ro de mission SAMU : \nDate et heure de la mission : \nCoordonn\u00e9es du d\u00e9clarant : \nNom du r\u00e9dacteur : \nT\u00e9l\u00e9phone : \no Non r\u00e9ponse \u00e0 l'appel pour transport o Non-respect du d\u00e9lai de \ntransport \no Donn\u00e9es transmises pour transport insuffisantes ou erron\u00e9es o \nV\u00e9hicule demand\u00e9 pour le transport non conforme o Mat\u00e9riel \ninadapt\u00e9 o Absence de bilan de la victime o Non-respect des \nconsignes de destination, o Dossier bilan non transmis \u00e0 la \nstructure d'accueil o Probl\u00e8me sur le dossier remis \u00e0 la structure \nd'accueil o Autre (pr\u00e9cisez) :  \nCompl\u00e9ment d'information sur l'incident / description  \n \nFiche \u00e0 transmettre au SAMU \nAgence r\u00e9gionale de sant\u00e9 - 13-2025-06-23-00011 - 2025 06 23 arr\u00eat\u00e9 avenant n\u00b02 Cahier des charges garde ambulanci\u00e8re 13 52\n \nAgence r\u00e9gionale de sant\u00e9 Provence-Alpes-C\u00f4te d'Azur-Si\u00e8ge - 132, boulevard de Paris - CS 50039 - 13331 Marseille Cedex 03 \nT\u00e9l 04.13.55.80.10  \nhttps://www.paca.ars.sante.fr/           Page 41/41 \n \n13 \nANNEXE 2 \nFormulaire de d\u00e9claration des \u00e9v\u00e8nements ind\u00e9sirables graves associ\u00e9s \u00e0 des soins \nPr\u00e9vu par l'article R. 1413-70 du Code de la sant\u00e9 publique et pr\u00e9cis\u00e9 par l'arr\u00eat\u00e9 du  \n19 d\u00e9cembre 2017 relatif au formulaire de d\u00e9claration d'un \u00e9v\u00e9nement ind\u00e9sirable grave associ\u00e9 \u00e0 des soins \net aux modalit\u00e9s de transmission \u00e0 la Haute autorit\u00e9 de sant\u00e9 \nAgence r\u00e9gionale de sant\u00e9 - 13-2025-06-23-00011 - 2025 06 23 arr\u00eat\u00e9 avenant n\u00b02 Cahier des charges garde ambulanci\u00e8re 13 53\nAgence r\u00e9gionale de sant\u00e9\n13-2025-06-24-00012\n2025 06 24 arr\u00eat\u00e9 garde ambulanci\u00e8re 13 ann\u00e9e\n2025 \nAgence r\u00e9gionale de sant\u00e9 - 13-2025-06-24-00012 - 2025 06 24 arr\u00eat\u00e9 garde ambulanci\u00e8re 13 ann\u00e9e 2025 54\nREPUBLIQUEFRANCAISELibert\u00e9Egalit\u00e9Fraternit\u00e9\nAr@ D Agence R\u00e9gionale de Sant\u00e9Provence-AlpesC\u00f4te d'Azur\n  \n \n \n \n \n \n \n \nAgence r\u00e9gionale de sant\u00e9 Provence-Alpes-C\u00f4te d'Azur-Si\u00e8ge - 132, boulevard de Paris - CS 50039 - 13331 Marseille Cedex 03 \nT\u00e9l 04.13.55.80.10  \nhttps://www.paca.ars.sante.fr/           Page 1/18 \n \n \n \n \nARRETE DD13-0625-5240-D RELATIF AU TABLEAU DE  \nLA GARDE AMBULANCIERE DANS CHAQUE SECTEUR DU DEPARTEMENT DES BOUCHES DU RH\u00d4NE \n POUR LA PERIODE DU 1ER JUILLET AU 31 DECEMBRE 2025 \n \n \n Le Directeur G\u00e9n\u00e9ral de l'Agence R\u00e9gionale de Sant\u00e9 Provence-Alpes-C\u00f4te d'Azur  \n \nVu le code de la sant\u00e9 publique et notamment les articles L. 6311-2, L. 6312-1 \u00e0 L. 6312-5, R. 6311-2, R. 6312-17-1 \u00e0 R. \n6312-23-2, R. 6312-29 \u00e0 R. 6312-43 ;  \n \nVu le code g\u00e9n\u00e9ral des collectivit\u00e9s territoriales et notamment l'article L. 1424-42 ;  \n \nVu le code de la route et notamment les articles R.311-1, R.313-33 \u00e0 R.313-35, R.432-1 \u00e0 R.432-3 ; \n \nVu le code la s\u00e9curit\u00e9 sociale et notamment l'article L.322-5-2 ;  \n \nVu le d\u00e9cret n\u00b0 2010-336 du 31 mars 2010 portant cr\u00e9ation des Agences r\u00e9gionales de sant\u00e9 ;  \n \nVu le d\u00e9cret n\u00b0 2014-1584 du 23 d\u00e9cembre 2014 relatif aux exp\u00e9rimentations portant sur les modalit\u00e9s d'organisation \net de financement des transports sanitaires urgents pr\u00e9vues \u00e0 l'article 66 de la loi de financement de la s\u00e9curit\u00e9 sociale \npour 2012 ;  \n \nVu le d\u00e9cret n\u00b0 2022-631 du 22 avril 2022 portant r\u00e9forme des transports sanitaires urgents et de leur participation \u00e0 \nla garde ;  \n \nVU le d\u00e9cret du 16 juillet 2024 portant nomination de Monsieur Yann BUBIEN, en qualit\u00e9 de Directeur g\u00e9n\u00e9ral, de \nl'Agence r\u00e9gionale de sant\u00e9 Provence-Alpes-C\u00f4te d'Azur ;  \n \nVu la convention nationale du 26 d\u00e9cembre 2002 destin\u00e9e \u00e0 organiser les rapports entre les transporteurs priv\u00e9s et \nles caisses d'assurance maladie, ses annexes et ses onze avenants ; \n  \nVu l'arr\u00eat\u00e9 minist\u00e9riel du 24 avril 2009 relatif \u00e0 la mise en \u0153uvre du r\u00e9f\u00e9rentiel portant organisation du secours \u00e0 la \npersonne et \u00e0 l'aide m\u00e9dicale urgente ;  \n \nVu l'arr\u00eat\u00e9 minist\u00e9riel du 5 mai 2009 relatif \u00e0 la mise en \u0153uvre du r\u00e9f\u00e9rentiel SAMU -transports sanitaires portant \norganisation de la r\u00e9ponse ambulanci\u00e8re \u00e0 l'urgence pr\u00e9hospitali\u00e8re ;  \n \nVu l'arr\u00eat\u00e9 minist\u00e9riel du 12 d\u00e9cembre 2017 fixant les caract\u00e9ristiques et les installations mat\u00e9rielles exig\u00e9es pour les \nv\u00e9hicules affect\u00e9s aux transports sanitaires terrestres ;  \n \nAgence r\u00e9gionale de sant\u00e9 - 13-2025-06-24-00012 - 2025 06 24 arr\u00eat\u00e9 garde ambulanci\u00e8re 13 ann\u00e9e 2025 55\nAgence r\u00e9gionale de sant\u00e9 Provence-Alpes-C\u00f4te d'Azur-Si\u00e8ge - 132, boulevard de Paris - CS 50039 - 13331 Marseille Cedex 03 \nT\u00e9l 04.13.55.80.10  \nhttps://www.paca.ars.sante.fr/           Page 2/18 \n \nVu l'arr\u00eat\u00e9 minist\u00e9riel du 26 f\u00e9vrier 2021 portant approbation de l'avenant n\u00b0 10 \u00e0 la convention nationale des \ntransporteurs sanitaires priv\u00e9s ;  \n \nVu l'arr\u00eat\u00e9 du 22 avril 2022 fixant le montant et les modalit\u00e9s de versement de l'indemnit\u00e9 de substitution pour \nl'adaptation de la couverture op\u00e9rationnelle d'un service d'incendie et de secours sur un secteur non couvert par une \ngarde ambulanci\u00e8re ;  \n \nVu l'arr\u00eat\u00e9 minist\u00e9riel du 26 avril 2022 relatifs aux plafonds d'heures de garde pour l'organisation de la garde pr\u00e9vue \n\u00e0 l'article R6312-19 du code de la sant\u00e9 Publique ; \n \nVu l'arr\u00eat\u00e9 du 26 avril 2022 relatif aux crit\u00e8res, aux modalit\u00e9s de d\u00e9signation ainsi qu'aux obligations et missions de \nl'association des transports sanitaires d'urgence la plus repr\u00e9sentative au plan d\u00e9partemental ;  \n \nVu l'arr\u00eat\u00e9 du 11 juillet 2022 modifiant l'annexe de l'arr\u00eat\u00e9 du 26 avril 2022 relatif aux plafonds d'heures de garde pour \nl'organisation de la garde pr\u00e9vue \u00e0 l'article R. 6312-19 du code de la sant\u00e9 publique ; \n \nVu la circulaire DHOS/2009 n\u00b0 192 du 14 octobre 2009 relative \u00e0 l'application de l'arr\u00eat\u00e9 du 24 avril 2009 relatif \u00e0 la \nmise en \u0153uvre du r\u00e9f\u00e9rentiel portant sur l'organisation du secours \u00e0 personne et de l'aide m\u00e9dicale urgente et de \nl'arr\u00eat\u00e9 du 5 mai 2009 re latif \u00e0 la mise en \u0153uvre du r\u00e9f\u00e9rentiel portant organisation de la r\u00e9ponse ambulanci\u00e8re \u00e0 \nl'urgence pr\u00e9hospitali\u00e8re ;  \n \nVu l'instruction interminist\u00e9rielle N\u00b0 DGOS/R2/DSS/DGSCGC/BOMSIS/2023/27 du 19 avril 2023 compl\u00e9tant \nl'instruction interminist\u00e9rielle N\u00b0 DGOS/R2/DSS/DGSCGC/2022/144 du 13 mai 2022 relative \u00e0 la mise en \u0153uvre de la \nr\u00e9forme des transports sanitaires urgents et de la participation des entreprises de transports sanitaires au service de \ngarde  \n \nVu l'arr\u00eat\u00e9 n\u00b0 DD13-0622 du 29 juin 2022, portant application du cahier des charges pour l'organisation de la garde \nambulanci\u00e8re et de la r\u00e9ponse \u00e0 la demande de transports sanitaires urgents dans le d\u00e9partement des Bouches -du-\nRh\u00f4ne ; \n \nVu l'arr\u00eat\u00e9 n\u00b0DD13-0423-3388-D du 26 avril 2023 d\u00e9clarant l'association \u00ab Secours ambulances services 13  \u00bb \nl'association de transport sanitaire urgent (ATSU) plus repr\u00e9sentative du d\u00e9partement pour une dur\u00e9e de quatre ans ; \n \nVu l'arr\u00eat\u00e9 du 23 mai 2024 portant modification \u00e0 titre exp\u00e9rimental du cahier des charges pour l'organisation de la \ngarde ambulanci\u00e8re et de la r\u00e9ponse \u00e0 la demande de transports sanitaires urgents dans le d\u00e9partement des \nBouches-du-Rh\u00f4ne ; \n \nVu l'arr\u00eat\u00e9 DD13-0625-5220-D du 23 juin 2025 fixant l'avenant n\u00b0 2 au cahier des charges de la garde ambulanci \u00e8re \ndes Bouches du Rh\u00f4ne ; \n \nVu l'arr\u00eat\u00e9 du Directeur g\u00e9n\u00e9ral de l'Agence r\u00e9gionale de sant\u00e9 Provence -Alpes-C\u00f4te d'Azur en date du 2 juin 2025 \nportant d\u00e9l\u00e9gation de signature de Madame Delphine HAUPTMANN directrice d\u00e9partementale des Bouches du Rh\u00f4ne \n;  \n \nVu l'avis du sous -comit\u00e9 des transports sanitaires du comit\u00e9 d\u00e9partemental de l'aide m\u00e9dicale urgente, de la \npermanence des soins et des transports sanitaires du 17 juin 2025 ;  \n \nConsid\u00e9rant les tableaux de garde pour la p\u00e9riode du 1 er juillet au 31 d\u00e9cembre 2025 propos\u00e9s par l'association des \ntransports sanitaires urgents Secours Ambulances Services 13 ; \n \nConsid\u00e9rant l'ajout de lignes de garde \u00e0 titre exp\u00e9rimental dans deux secteurs du 1er mars au 31 octobre 2025 ; \n \nConsid\u00e9rant l'avis favorable des membres du sous-comit\u00e9 des transports sanitaires en date du 17 juin 2025 ;  \n \nSur proposition de la directrice de la d\u00e9l\u00e9gation d\u00e9partementale des Bouches-du-Rh\u00f4ne de l'Agence R\u00e9gionale de \nSant\u00e9 Provence-Alpes-C\u00f4te d'Azur ; \nAgence r\u00e9gionale de sant\u00e9 - 13-2025-06-24-00012 - 2025 06 24 arr\u00eat\u00e9 garde ambulanci\u00e8re 13 ann\u00e9e 2025 56\nAgence r\u00e9gionale de sant\u00e9 Provence-Alpes-C\u00f4te d'Azur-Si\u00e8ge - 132, boulevard de Paris - CS 50039 - 13331 Marseille Cedex 03 \nT\u00e9l 04.13.55.80.10  \nhttps://www.paca.ars.sante.fr/           Page 3/18 \n \n \nARRETE \n \nArticle 1er : \n \nLes tableaux de garde ambulanci\u00e8re des 14 secteurs que comportent le d\u00e9partement des Bouches-du-Rh\u00f4ne figurant \nen annexe du pr\u00e9sent arr\u00eat\u00e9, sont arr\u00eat\u00e9s conform\u00e9ment aux tableaux figurant en annexe du pr\u00e9sent arr\u00eat\u00e9 pour la \np\u00e9riode du 1er juillet au 31 d\u00e9cembre 2025.  \n \nArticle 2 : \n \nLes tableaux de garde figurant en annexe du pr\u00e9sent arr\u00eat\u00e9 s'appliquent \u00e0 toutes les entreprises de transports \nsanitaires agr\u00e9\u00e9es, \u00e0 compter du 1er juillet 2025 et jusqu'au 31 d\u00e9cembre 2025. \n \nArticle 3 :  \n \nUn recours peut \u00eatre form\u00e9 contre le pr\u00e9sent arr\u00eat\u00e9 aupr\u00e8s du tribunal administratif comp\u00e9tent, dans un d\u00e9lai de \ndeux mois, \u00e0 compter de sa notification.  \nLe tribunal administratif peut \u00eatre saisi d'un recours d\u00e9pos\u00e9 via l'application T\u00e9l\u00e9recours citoyens accessible par le \nsite internet www.t\u00e9l\u00e9recours.fr. \n \nArticle 4 : \n \nLa directrice de la d\u00e9l\u00e9gation d\u00e9partementale des Bouches -du-Rh\u00f4ne de l'agence r\u00e9gionale de sant\u00e9 de Provence -\nAlpes-C\u00f4te d'Azur est charg\u00e9e de veiller \u00e0 la bonne ex\u00e9cution du pr\u00e9sent arr\u00eat\u00e9 qui sera notifi\u00e9 \u00e0 l'ATSU SAS 13, \u00e0 \nl'assistance publique \u2013 h\u00f4pitaux de Marseille, \u00e0 la CPAM des Bouches-du-Rh\u00f4ne, ainsi qu'aux entreprises de transports \nsanitaires des Bouches-du-Rh\u00f4ne. \n \n \nFait \u00e0 Marseille, le 24 juin 2025 Pour le Directeur G\u00e9n\u00e9ral de l'ARS PACA \n Et par d\u00e9l\u00e9gation \n La Directrice des Bouches-du-Rh\u00f4ne \n \n Sign\u00e9 \n \n Delphine HAUPTMANN \n \n \n \n \n \n \n \n \n \n \n \n \n \n \n \n \n \n \n \n \n \nAgence r\u00e9gionale de sant\u00e9 - 13-2025-06-24-00012 - 2025 06 24 arr\u00eat\u00e9 garde ambulanci\u00e8re 13 ann\u00e9e 2025 57\nAgence r\u00e9gionale de sant\u00e9 Provence-Alpes-C\u00f4te d'Azur-Si\u00e8ge - 132, boulevard de Paris - CS 50039 - 13331 Marseille Cedex 03 \nT\u00e9l 04.13.55.80.10  \nhttps://www.paca.ars.sante.fr/           Page 4/18 \n \n \n \n \n \n \nANNEXE \nTABLEAUX DE GARDE AMBULANCIERE \nDES 14 SECTEURS DES BOUCHES DU RH\u00d4NE \n \nAgence r\u00e9gionale de sant\u00e9 - 13-2025-06-24-00012 - 2025 06 24 arr\u00eat\u00e9 garde ambulanci\u00e8re 13 ann\u00e9e 2025 58\nREPUBLIQUEFRANCAISELibert\u00e9Egalit\u00e9Fraternit\u00e9\nAr\u00a9 ) Agence R\u00e9gionale de Sant\u00e9Provence-AlpesC\u00f4te d'Azur\n  \n \n \n \n \n \n \n \nAgence r\u00e9gionale de sant\u00e9 Provence-Alpes-C\u00f4te d'Azur-Si\u00e8ge - 132, boulevard de Paris - CS 50039 - 13331 Marseille Cedex 03 \nT\u00e9l 04.13.55.80.10  \nhttps://www.paca.ars.sante.fr/           Page 5/18 \n \n \n \n \nHoraires Voiture LUNDI MARDI MERCREDI JEUDI VENDREDI SAMEDI DIMANCHE\n08h00-12h00 1 AMBULANCES \nBOREALES\nAMBULANCES \nBOREALES\nAMBULANCES \nBOREALES\nAMBULANCES \nBOREALES\nAMBULANCES \nBOREALES\nPONT DE \nL'ARC \nAMBULANCES\nPONT DE \nL'ARC \nAMBULANCES\n11h00-21h00* 2\nPONT DE \nL'ARC \nAMBULANCES\nPONT DE \nL'ARC \nAMBULANCES\nPONT DE \nL'ARC \nAMBULANCES\nPONT DE \nL'ARC \nAMBULANCES\nPONT DE \nL'ARC \nAMBULANCES\n12h00-19h00 1 AMBULANCES \nBOREALES\nAMBULANCES \nBOREALES\nAMBULANCES \nBOREALES\nAMBULANCES \nBOREALES\nAMBULANCES \nBOREALES\nPONT DE \nL'ARC \nAMBULANCES\nPONT DE \nL'ARC \nAMBULANCES\n19h00-20h00 1\nPONT DE \nL'ARC \nAMBULANCES\nPONT DE \nL'ARC \nAMBULANCES\nPONT DE \nL'ARC \nAMBULANCES\nPONT DE \nL'ARC \nAMBULANCES\nPONT DE \nL'ARC \nAMBULANCES\nPONT DE \nL'ARC \nAMBULANCES\nPONT DE \nL'ARC \nAMBULANCES\n* Renfort \u00e0 titre exp\u00e9rimental jusqu'au 31 octobre 2025\nTableau de Garde Secteur Aix en Provence Nord - 2025\nAix Nord\nAgence r\u00e9gionale de sant\u00e9 - 13-2025-06-24-00012 - 2025 06 24 arr\u00eat\u00e9 garde ambulanci\u00e8re 13 ann\u00e9e 2025 59\nAgence r\u00e9gionale de sant\u00e9 Provence-Alpes-C\u00f4te d'Azur-Si\u00e8ge - 132, boulevard de Paris - CS 50039 - 13331 Marseille Cedex 03 \nT\u00e9l 04.13.55.80.10  \nhttps://www.paca.ars.sante.fr/           Page 6/18 \n \n \n \n \n \nHoraires Voiture LUNDI MARDI MERCREDI JEUDI VENDREDI SAMEDI DIMANCHE\n1 AMBULANCES \nBOREALES\nAMBULANCES \nBOREALES\nAMBULANCES \nBOREALES\nAMBULANCES \nBOREALES\nAMBULANCES \nBOREALES\nAMBULANCES \nLA MIMETAINE\nAMBULANCES \nLA MIMETAINE\n2 AMBULANCES \nBOREALES\nAMBULANCES \nBOREALES\nAMBULANCES \nBOREALES\nAMBULANCES \nBOREALES\nAMBULANCES \nBOREALES\nAMBULANCES \nLA MIMETAINE\nAMBULANCES \nLA MIMETAINE\n1 AMBULANCES \nBOREALES\nAMBULANCES \nBOREALES\nAMBULANCES \nBOREALES\nAMBULANCES \nBOREALES\nAMBULANCES \nBOREALES\nAMBULANCES \nLA MIMETAINE\nAMBULANCES \nLA MIMETAINE\n2 AMBULANCES \nBOREALES\nAMBULANCES \nBOREALES\nAMBULANCES \nBOREALES\nAMBULANCES \nBOREALES\nAMBULANCES \nBOREALES\nAMBULANCES \nLA MIMETAINE\nAMBULANCES \nLA MIMETAINE\n19h00-20h00 1 AMBULANCES \nLA MIMETAINE\nAMBULANCES \nLA MIMETAINE\nAMBULANCES \nLA MIMETAINE\nAMBULANCES \nLA MIMETAINE\nAMBULANCES \nLA MIMETAINE\nAMBULANCES \nLA MIMETAINE\nAMBULANCES \nLA MIMETAINE\nAix Sud\n08h00-12h00\n12h00-19h00\nTableau de Garde Secteur Aix en Provence Sud - 2025\nAgence r\u00e9gionale de sant\u00e9 - 13-2025-06-24-00012 - 2025 06 24 arr\u00eat\u00e9 garde ambulanci\u00e8re 13 ann\u00e9e 2025 60\nAgence r\u00e9gionale de sant\u00e9 Provence-Alpes-C\u00f4te d'Azur-Si\u00e8ge - 132, boulevard de Paris - CS 50039 - 13331 Marseille Cedex 03 \nT\u00e9l 04.13.55.80.10  \nhttps://www.paca.ars.sante.fr/           Page 7/18 \n \n \n \n \n \n \n \n \n \n \n \n \n  \n \n \nHoraires Voiture LUNDI MARDI MERCREDI JEUDI VENDREDI SAMEDI DIMANCHE\n20h00-00h00 1 AMBULANCES \nLA MIMETAINE\nAMBULANCES \nLA MIMETAINE\nAMBULANCES \nLA MIMETAINE\nAMBULANCES \nLA MIMETAINE\nAMBULANCES \nLA MIMETAINE\nAMBULANCES \nLA MIMETAINE\nAMBULANCES \nLA MIMETAINE\n20h00-00h00 2\nPONT DE \nL'ARC \nAMBULANCES\nPONT DE \nL'ARC \nAMBULANCES\nPONT DE \nL'ARC \nAMBULANCES\nPONT DE \nL'ARC \nAMBULANCES\nPONT DE \nL'ARC \nAMBULANCES\nPONT DE \nL'ARC \nAMBULANCES\nPONT DE \nL'ARC \nAMBULANCES\n00h00-07h00 1 AMBULANCES \nLA MIMETAINE\nAMBULANCES \nLA MIMETAINE\nAMBULANCES \nLA MIMETAINE\nAMBULANCES \nLA MIMETAINE\nAMBULANCES \nLA MIMETAINE\nAMBULANCES \nLA MIMETAINE\nAMBULANCES \nLA MIMETAINE\n1 AMBULANCES \nBOREALES\nAMBULANCES \nBOREALES\nAMBULANCES \nBOREALES\nAMBULANCES \nBOREALES\nAMBULANCES \nBOREALES\nPONT DE \nL'ARC \nAMBULANCES\nPONT DE \nL'ARC \nAMBULANCES\n2 AMBULANCES \nBOREALES\nAMBULANCES \nBOREALES\nAMBULANCES \nBOREALES\nAMBULANCES \nBOREALES\nAMBULANCES \nBOREALES\nPONT DE \nL'ARC \nAMBULANCES\nPONT DE \nL'ARC \nAMBULANCES\nTableau de garde secteur Aix-en-Provence Nuit 2025\n07h00-08h00\nAgence r\u00e9gionale de sant\u00e9 - 13-2025-06-24-00012 - 2025 06 24 arr\u00eat\u00e9 garde ambulanci\u00e8re 13 ann\u00e9e 2025 61\nAgence r\u00e9gionale de sant\u00e9 Provence-Alpes-C\u00f4te d'Azur-Si\u00e8ge - 132, boulevard de Paris - CS 50039 - 13331 Marseille Cedex 03 \nT\u00e9l 04.13.55.80.10  \nhttps://www.paca.ars.sante.fr/           Page 8/18 \n \n \n \n \n \n \n \n \nHoraires Voiture LUNDI MARDI MERCREDI JEUDI VENDREDI SAMEDI DIMANCHE\n08H00-14H00 1\nAMBULANCES \nDU MOULIN\nAMBULANCES \nDU MOULIN\nAMBULANCES \nDU MOULIN\nAMBULANCES \nDU MOULIN\nAMBULANCES \nDU MOULIN\nAMBULANCES \nD'ARLES\nAMBULANCES \nD'ARLES\n14h00-20h00 1\nAMBULANCES \nDU MOULIN\nAMBULANCES \nDU MOULIN\nAMBULANCES \nDU MOULIN\nAMBULANCES \nDU MOULIN\nAMBULANCES \nD'ARLES\nAMBULANCES \nD'ARLES\nAMBULANCES \nD'ARLES\n20h00-02h00 1\nAMBULANCES \nDU MOULIN\nAMBULANCES \nDU MOULIN\nAMBULANCES \nDU MOULIN\nAMBULANCES \nDU MOULIN\nAMBULANCES \nD'ARLES\nAMBULANCES \nD'ARLES\nAMBULANCES \nD'ARLES\n02H00-08h00 1\nAMBULANCES \nDU MOULIN\nAMBULANCES \nDU MOULIN\nAMBULANCES \nDU MOULIN\nAMBULANCES \nDU MOULIN\nAMBULANCES \nDU MOULIN\nAMBULANCES \nD'ARLES\nAMBULANCES \nD'ARLES\nHoraires Voiture LUNDI MARDI MERCREDI JEUDI VENDREDI SAMEDI DIMANCHE\n08H00-14H00 1\nAMBULANCES \nD'ARLES\nAMBULANCES \nD'ARLES\nAMBULANCES \nD'ARLES\nAMBULANCES \nD'ARLES\nAMBULANCES \nD'ARLES\nAMBULANCES \nDU MOULIN\nAMBULANCES \nDU MOULIN\n14h00-20h00 1\nAMBULANCES \nD'ARLES\nAMBULANCES \nD'ARLES\nAMBULANCES \nD'ARLES\nAMBULANCES \nD'ARLES\nAMBULANCES \nDU MOULIN\nAMBULANCES \nDU MOULIN\nAMBULANCES \nDU MOULIN\n20h00-02h00 1\nAMBULANCES \nD'ARLES\nAMBULANCES \nD'ARLES\nAMBULANCES \nD'ARLES\nAMBULANCES \nD'ARLES\nAMBULANCES \nDU MOULIN\nAMBULANCES \nDU MOULIN\nAMBULANCES \nDU MOULIN\n02H00-08h00 1\nAMBULANCES \nD'ARLES\nAMBULANCES \nD'ARLES\nAMBULANCES \nD'ARLES\nAMBULANCES \nD'ARLES\nAMBULANCES \nD'ARLES\nAMBULANCES \nDU MOULIN\nAMBULANCES \nDU MOULIN\nARLES SEMAINES IMPAIRES\nARLES SEMAINES PAIRES\nTableau de Garde Secteur Arles - 2025\nAgence r\u00e9gionale de sant\u00e9 - 13-2025-06-24-00012 - 2025 06 24 arr\u00eat\u00e9 garde ambulanci\u00e8re 13 ann\u00e9e 2025 62\nREPUBLIQUEFRANCAISELibert\u00e9Egalit\u00e9Fraternit\u00e9\nAr\u00a9 ) Agence R\u00e9gionale de Sant\u00e9Provence-AlpesC\u00f4te d'Azur\n  \n \n \n \n \n \n \n \nAgence r\u00e9gionale de sant\u00e9 Provence-Alpes-C\u00f4te d'Azur-Si\u00e8ge - 132, boulevard de Paris - CS 50039 - 13331 Marseille Cedex 03 \nT\u00e9l 04.13.55.80.10  \nhttps://www.paca.ars.sante.fr/           Page 9/18 \n \n \n \n \nHoraires Voiture LUNDI MARDI MERCREDI JEUDI VENDREDI SAMEDI DIMANCHE\n1 AMBULANCES \nMARTEGALES\nAMBULANCES \nMARTEGALES\nAMBULANCES \nMARTEGALES\nAMBULANCES \nMARTEGALES\nAMBULANCES \nMARTEGALES\nAMBULANCES \nMARTEGALES\nAMBULANCES \nMARTEGALES\n2 AMBULANCES \nMARTEGALES\nAMBULANCES \nMARTEGALES\nAMBULANCES \nMARTEGALES\nAMBULANCES \nMARTEGALES\nAMBULANCES \nMARTEGALES\nAMBULANCES \nMARTEGALES\nAMBULANCES \nMARTEGALES\n1 AMBULANCES \nMARTEGALES\nAMBULANCES \nMARTEGALES\nAMBULANCES \nMARTEGALES\nAMBULANCES \nMARTEGALES\nAMBULANCES \nMARTEGALES\nAMBULANCES \nMARTEGALES\nAMBULANCES \nMARTEGALES\n2 AMBULANCES \nMARTEGALES\nAmbulances \nMart\u00e9gales\nAmbulances \nMart\u00e9gales\nAmbulances \nMart\u00e9gales\nAmbulances \nMart\u00e9gales\nAmbulances \nMart\u00e9gales\nAmbulances \nMart\u00e9gales\n1 AMBULANCES \nMARTEGALES\nAMBULANCES \nMARTEGALES\nAMBULANCES \nMARTEGALES\nAMBULANCES \nMARTEGALES\nAMBULANCES \nMARTEGALES\nAMBULANCES \nMARTEGALES\nAMBULANCES \nMARTEGALES\n2 AMBULANCES \nMARTEGALES\nAMBULANCES \nMARTEGALES\nAMBULANCES \nMARTEGALES\nAMBULANCES \nMARTEGALES\nAMBULANCES \nMARTEGALES\nAMBULANCES \nMARTEGALES\nAMBULANCES \nMARTEGALES\n00H00-08h00 1 AMBULANCES \nMARTEGALES\nAMBULANCES \nMARTEGALES\nAMBULANCES \nMARTEGALES\nAMBULANCES \nMARTEGALES\nAMBULANCES \nMARTEGALES\nAMBULANCES \nMARTEGALES\nAMBULANCES \nMARTEGALES\n08H00-14h00\n14H00-20h00\n20H00 -24h00\nTableau de Garde Secteur Martigues - 2025\nMartigues\nAgence r\u00e9gionale de sant\u00e9 - 13-2025-06-24-00012 - 2025 06 24 arr\u00eat\u00e9 garde ambulanci\u00e8re 13 ann\u00e9e 2025 63\nAgence r\u00e9gionale de sant\u00e9 Provence-Alpes-C\u00f4te d'Azur-Si\u00e8ge - 132, boulevard de Paris - CS 50039 - 13331 Marseille Cedex 03 \nT\u00e9l 04.13.55.80.10  \nhttps://www.paca.ars.sante.fr/           Page 10/18 \n \n \n \n \n \nHoraires Voiture LUNDI MARDI MERCREDI JEUDI VENDREDI SAMEDI DIMANCHE\n08h00- 14h00 1\nAMBULANCES \nALPILLES\nAMBULANCES \nALPILLES\nAMBULANCES \nALPILLES\nAMBULANCES \nALPILLES\nAMBULANCES \nALPILLES\nAMBULANCES \nALPILLES\nAMBULANCES \nALPILLES\n14h00-20h00 1\nAMBULANCES \nALPILLES\nAMBULANCES \nALPILLES\nAMBULANCES \nALPILLES\nAMBULANCES \nALPILLES\nAMBULANCES \nALPILLES\nAMBULANCES \nALPILLES\nAMBULANCES \nALPILLES\n20h00-24h00 1\nAMBULANCES \nALPILLES\nAMBULANCES \nALPILLES\nAMBULANCES \nALPILLES\nAMBULANCES \nALPILLES\nAMBULANCES \nALPILLES\nAMBULANCES \nALPILLES\nAMBULANCES \nALPILLES\n00h00-08h00 0\nHoraires Voiture LUNDI MARDI MERCREDI JEUDI VENDREDI SAMEDI DIMANCHE\n08h00- 14h00 1\nAMBULANCES \nGLANUM\nAMBULANCES \nGLANUM\nAMBULANCES \nGLANUM\nAMBULANCES \nGLANUM\nAMBULANCES \nGLANUM\nAMBULANCES \nGLANUM\nAMBULANCES \nGLANUM\n14h00-20h00 1\nAMBULANCES \nGLANUM\nAMBULANCES \nGLANUM\nAMBULANCES \nGLANUM\nAMBULANCES \nGLANUM\nAMBULANCES \nGLANUM\nAMBULANCES \nGLANUM\nAMBULANCES \nGLANUM\n20h00-24h00 1\nAMBULANCES \nGLANUM\nAMBULANCES \nGLANUM\nAMBULANCES \nGLANUM\nAMBULANCES \nGLANUM\nAMBULANCES \nGLANUM\nAMBULANCES \nGLANUM\nAMBULANCES \nGLANUM\n00h00-08h00 0\nSAINT REMY SEMAINES PAIRES\nTableau de Garde Secteur Saint Remy de Provence - 2025\nSAINT REMY SEMAINES IMPAIRES\nAgence r\u00e9gionale de sant\u00e9 - 13-2025-06-24-00012 - 2025 06 24 arr\u00eat\u00e9 garde ambulanci\u00e8re 13 ann\u00e9e 2025 64\nAgence r\u00e9gionale de sant\u00e9 Provence-Alpes-C\u00f4te d'Azur-Si\u00e8ge - 132, boulevard de Paris - CS 50039 - 13331 Marseille Cedex 03 \nT\u00e9l 04.13.55.80.10  \nhttps://www.paca.ars.sante.fr/           Page 11/18 \n \n \n \n \n \nHoraires Voiture LUNDI MARDI MERCREDI JEUDI VENDREDI SAMEDI DIMANCHE\n06H00-08H00 1 AMBULANCES LA \nMEDEENNE\nAMBULANCES LA \nMEDEENNE\nAMBULANCES LA \nMEDEENNE\nAMBULANCES LA \nMEDEENNE\nAMBULANCES LA \nMEDEENNE\nAMBULANCES LA \nMEDEENNE\nAMBULANCES LA \nMEDEENNE\n08H00-10H00 1 AMBULANCES LA \nMEDEENNE\nAMBULANCES LA \nMEDEENNE\nAMBULANCES LA \nMEDEENNE\nAMBULANCES LA \nMEDEENNE\nAMBULANCES LA \nMEDEENNE\nAMBULANCES LA \nMEDEENNE\nAMBULANCES LA \nMEDEENNE\n10H00-12H00 1 AMBULANCES LA \nMEDEENNE\nAMBULANCES LA \nMEDEENNE\nAMBULANCES LA \nMEDEENNE\nAMBULANCES LA \nMEDEENNE\nAMBULANCES LA \nMEDEENNE\nAMBULANCES LA \nMEDEENNE\nAMBULANCES LA \nMEDEENNE\n12H00-16H00 1 AMBULANCES LA \nMEDEENNE\nAMBULANCES LA \nMEDEENNE\nAMBULANCES LA \nMEDEENNE\nAMBULANCES LA \nMEDEENNE\nAMBULANCES LA \nMEDEENNE\nAMBULANCES LA \nMEDEENNE\nAMBULANCES LA \nMEDEENNE\n16H00-18H00 1 AMBULANCES LA \nMEDEENNE\nAMBULANCES LA \nMEDEENNE\nAMBULANCES LA \nMEDEENNE\nAMBULANCES LA \nMEDEENNE\nAMBULANCES LA \nMEDEENNE\nAMBULANCES LA \nMEDEENNE\nAMBULANCES LA \nMEDEENNE\n18H00-20H00 1 AMBULANCES LA \nMEDEENNE\nAMBULANCES LA \nMEDEENNE\nAMBULANCES LA \nMEDEENNE\nAMBULANCES LA \nMEDEENNE\nAMBULANCES LA \nMEDEENNE\nAMBULANCES LA \nMEDEENNE\nAMBULANCES LA \nMEDEENNE\nTableau de Garde Secteur Etang de Berre 06h/20h - 2025\nEtang de Berre\nAgence r\u00e9gionale de sant\u00e9 - 13-2025-06-24-00012 - 2025 06 24 arr\u00eat\u00e9 garde ambulanci\u00e8re 13 ann\u00e9e 2025 65\nAgence r\u00e9gionale de sant\u00e9 Provence-Alpes-C\u00f4te d'Azur-Si\u00e8ge - 132, boulevard de Paris - CS 50039 - 13331 Marseille Cedex 03 \nT\u00e9l 04.13.55.80.10  \nhttps://www.paca.ars.sante.fr/           Page 12/18 \n \n \n \n \n \nHoraires Voiture LUNDI MARDI MERCREDI JEUDI VENDREDI SAMEDI DIMANCHE\n1 AMBULANCES \nTHIBAULT\nAMBULANCES \nDELEYROLLE\nAMBULANCES \nDELEYROLLE\nAMBULANCES \nDELEYROLLE\nAMBULANCES \nDELEYROLLE\nAMBULANCES \nDELEYROLLE\nAMBULANCES \nDELEYROLLE\n2 AMBULANCES \nDELEYROLLE\nAMBULANCES \nDELEYROLLE\nAMBULANCES \nDELEYROLLE\nAMBULANCES \nDELEYROLLE\nAMBULANCES \nDELEYROLLE\nAMBULANCES \nDELEYROLLE\nAMBULANCES \nDELEYROLLE\n09H00-19H00* 3 AMBULANCES \nDELEYROLLE\nAMBULANCES \nDELEYROLLE\nAMBULANCES \nDELEYROLLE\nAMBULANCES \nDELEYROLLE\nAMBULANCES \nDELEYROLLE\n1 AMBULANCES \nTHIBAULT\nAMBULANCES \nDELEYROLLE\nAMBULANCES \nDELEYROLLE\nAMBULANCES \nDELEYROLLE\nAMBULANCES \nDELEYROLLE\nAMBULANCES \nDELEYROLLE\nAMBULANCES \nDELEYROLLE\n2 AMBULANCES \nDELEYROLLE\nAMBULANCES \nDELEYROLLE\nAMBULANCES \nDELEYROLLE\nAMBULANCES \nDELEYROLLE\nAMBULANCES \nDELEYROLLE\nAMBULANCES \nDELEYROLLE\nAMBULANCES \nDELEYROLLE\n1 AMBULANCES \nDELEYROLLE\nAMBULANCES \nDELEYROLLE\nAMBULANCES \nDELEYROLLE\nAMBULANCES \nDELEYROLLE\nAMBULANCES \nDELEYROLLE\nAMBULANCES \nDELEYROLLE\nAMBULANCES \nDELEYROLLE\n2 AMBULANCES \nDELEYROLLE\nAMBULANCES \nDELEYROLLE\nAMBULANCES \nDELEYROLLE\nAMBULANCES \nDELEYROLLE\nAMBULANCES \nDELEYROLLE\nAMBULANCES \nDELEYROLLE\nAMBULANCES \nDELEYROLLE\n00H00-08h00 1 AMBULANCES \nDELEYROLLE\nAMBULANCES \nDELEYROLLE\nAMBULANCES \nDELEYROLLE\nAMBULANCES \nDELEYROLLE\nAMBULANCES \nDELEYROLLE\nAMBULANCES \nDELEYROLLE\nAMBULANCES \nDELEYROLLE\n* Renfort exp\u00e9rimental jusqu'au 31 octobre 2025\nTableau de Garde Secteur Salon - 2025\nSalon\n08h00-14h00\n14h00-20h00\n20h00- 24h00\nAgence r\u00e9gionale de sant\u00e9 - 13-2025-06-24-00012 - 2025 06 24 arr\u00eat\u00e9 garde ambulanci\u00e8re 13 ann\u00e9e 2025 66\nAgence r\u00e9gionale de sant\u00e9 Provence-Alpes-C\u00f4te d'Azur-Si\u00e8ge - 132, boulevard de Paris - CS 50039 - 13331 Marseille Cedex 03 \nT\u00e9l 04.13.55.80.10  \nhttps://www.paca.ars.sante.fr/           Page 13/18 \n \n \n \n \n \nHoraires Voiture LUNDI MARDI MERCREDI JEUDI VENDREDI SAMEDI DIMANCHE\n1 AMBULANCES DELTA \n13 SANKA AMBULANCES AMBULANCES \nADAMA SANKA AMBULANCES AMBULANCES DELTA \n13 SANKA AMBULANCES AMBULANCES DELTA \n13\n2 AMBULANCES \nADAMA\nAMBULANCES \nADAMA\nAMBULANCES DELTA \n13\nAMBULANCES \nADAMA\nAMBULANCES \nADAMA\nAMBULANCES DELTA \n13 SANKA AMBULANCES\n1 AMBULANCES MaN\u00e9 AMBULANCES DELTA \n13\nAMBULANCES \nADAMA AMBULANCES MaN\u00e9 AMBULANCES DELTA \n13\nAMBULANCES \nADAMA SANKA AMBULANCES\n2 AMBULANCES DELTA \n13\nAMBULANCES \nADAMA AMBULANCES MaN\u00e9 AMBULANCES DELTA \n13\nAMBULANCES \nADAMA AMBULANCES MaN\u00e9 AMBULANCES DELTA \n13\n3 AMBULANCES \nADAMA AMBULANCES MaN\u00e9 AMBULANCES DELTA \n13\nAMBULANCES \nADAMA AMBULANCES MaN\u00e9 AMBULANCES DELTA \n13\nAMBULANCES \nADAMA\n4 AMBULANCES DELTA \n13\nAMBULANCES \nADAMA\nAMBULANCES DELTA \n13\nAMBULANCES MIDI-\nSECOURS\nAMBULANCES \nADAMA SANKA AMBULANCES AMBULANCES DELTA \n13\n1 SANKA AMBULANCES AMBULANCES DELTA \n13\nAMBULANCES \nADAMA SANKA AMBULANCES AMBULANCES DELTA \n13\nAMBULANCES \nADAMA SANKA AMBULANCES\n2 AMBULANCES DELTA \n13\nAMBULANCES \nADAMA SANKA AMBULANCES AMBULANCES DELTA \n13\nAMBULANCES \nADAMA SANKA AMBULANCES AMBULANCES DELTA \n13\n3 AMBULANCES \nADAMA SANKA AMBULANCES AMBULANCES DELTA \n13\nAMBULANCES \nADAMA SANKA AMBULANCES AMBULANCES DELTA \n13\nAMBULANCES \nADAMA\n20H00-24H00\n00H00-06h00\n06H00-08H00\nTableau de Garde Secteur Marseille Nord Nuit 08H/20H00 - Etang de Berre 20H/06H00 - 2025\nAgence r\u00e9gionale de sant\u00e9 - 13-2025-06-24-00012 - 2025 06 24 arr\u00eat\u00e9 garde ambulanci\u00e8re 13 ann\u00e9e 2025 67\nAgence r\u00e9gionale de sant\u00e9 Provence-Alpes-C\u00f4te d'Azur-Si\u00e8ge - 132, boulevard de Paris - CS 50039 - 13331 Marseille Cedex 03 \nT\u00e9l 04.13.55.80.10  \nhttps://www.paca.ars.sante.fr/           Page 14/18 \n \n \n \n \n \nHoraires Voiture LUNDI MARDI MERCREDI JEUDI VENDREDI SAMEDI DIMANCHE\n1 AMBULANCES MaN\u00e9 AMBULANCES DELTA \n13\nAMBULANCES \nADAMA AMBULANCES MaN\u00e9 AMBULANCES DELTA \n13\nAMBULANCES \nADAMA SANKA AMBULANCES\n2 AMBULANCES DELTA \n13\nAMBULANCES \nADAMA AMBULANCES MaN\u00e9 AMBULANCES DELTA \n13\nAMBULANCES \nADAMA AMBULANCES MaN\u00e9 AMBULANCES DELTA \n13\n3 AMBULANCES \nADAMA AMBULANCES MaN\u00e9 AMBULANCES DELTA \n13\nAMBULANCES \nADAMA AMBULANCES MaN\u00e9 AMBULANCES DELTA \n13\nAMBULANCES \nADAMA\n4 AMBULANCES DELTA \n13\nAMBULANCES \nADAMA\nAMBULANCES DELTA \n13\nAMBULANCES MIDI-\nSECOURS\nAMBULANCES \nADAMA SANKA AMBULANCES AMBULANCES DELTA \n13\n1 AMBULANCES MaN\u00e9 AMBULANCES DELTA \n13\nAMBULANCES \nADAMA AMBULANCES MaN\u00e9 AMBULANCES DELTA \n13\nAMBULANCES \nADAMA SANKA AMBULANCES\n2 AMBULANCES DELTA \n13\nAMBULANCES \nADAMA AMBULANCES MaN\u00e9 AMBULANCES DELTA \n13\nAMBULANCES \nADAMA AMBULANCES MaN\u00e9 AMBULANCES DELTA \n13\n3 AMBULANCES \nADAMA AMBULANCES MaN\u00e9 AMBULANCES DELTA \n13\nAMBULANCES \nADAMA AMBULANCES MaN\u00e9 AMBULANCES DELTA \n13\nAMBULANCES \nADAMA\n4 AMBULANCES \nADAMA SANKA AMBULANCES AMBULANCES \nADAMA SANKA AMBULANCES AMBULANCES DELTA \n13 SANKA AMBULANCES AMBULANCES DELTA \n13\n1 SANKA AMBULANCES AMBULANCES DELTA \n13\nAMBULANCES \nADAMA SANKA AMBULANCES AMBULANCES DELTA \n13\nAMBULANCES \nADAMA SANKA AMBULANCES\n2 AMBULANCES DELTA \n13\nAMBULANCES \nADAMA SANKA AMBULANCES AMBULANCES DELTA \n13\nAMBULANCES \nADAMA SANKA AMBULANCES AMBULANCES DELTA \n13\n3 AMBULANCES \nADAMA SANKA AMBULANCES AMBULANCES DELTA \n13\nAMBULANCES \nADAMA SANKA AMBULANCES AMBULANCES DELTA \n13\nAMBULANCES \nADAMA\n13H00-18H00\n08H00-13H00\nTableau de Garde Secteur Marseille Nord - JOUR 2025\n18H00-20H00\nAgence r\u00e9gionale de sant\u00e9 - 13-2025-06-24-00012 - 2025 06 24 arr\u00eat\u00e9 garde ambulanci\u00e8re 13 ann\u00e9e 2025 68\nAgence r\u00e9gionale de sant\u00e9 Provence-Alpes-C\u00f4te d'Azur-Si\u00e8ge - 132, boulevard de Paris - CS 50039 - 13331 Marseille Cedex 03 \nT\u00e9l 04.13.55.80.10  \nhttps://www.paca.ars.sante.fr/           Page 15/18 \n \n \nHoraires Voiture LUNDI MARDI MERCREDI JEUDI VENDREDI SAMEDI DIMANCHE\n1 AMBULANCES \nPROVENCE SECOURS\nPLAN DE CUQUES \nAMBULANCES\nPLAN DE CUQUES \nAMBULANCES\nAMBULANCES \nPROVENCE SECOURS\nAMBULANCES DU \nPRADO\nPLAN DE CUQUES \nAMBULANCES\nAMBULANCES \nPROVENCE SECOURS\n2 CAMOINS \nAMBULANCES\nAMBULANCES \nPROVENCE SECOURS\nAMBULANCES \nPROVENCE SECOURS\nAMBULANCES DU \nPRADO\nPLAN DE CUQUES \nAMBULANCES\nAMBULANCES \nPROVENCE SECOURS\nAMBULANCES DU \nPRADO\n3 AMBULANCES DU \nPRADO\nAMBULANCES \nHARMONIE\nAMBULANCES DU \nPRADO\nCAMOINS \nAMBULANCES\nAMBULANCES \nPROVENCE SECOURS\nAMBULANCES DU \nPRADO\nPLAN DE CUQUES \nAMBULANCES\n4 AMBULANCES LA \nMARSEILLAISE\nAMBULANCES DU \nPRADO\nAMBULANCES LA \nMARSEILLAISE\nAMBULANCES LA \nMARSEILLAISE AMBULANCES 2000 CAMOINS \nAMBULANCES\nAMBULANCES DU \nPRADO\n5 AMBULANCES LA \nCORNICHE AMBULANCES 2000 ABEILLES \nAMBULANCES 13\nABEILLES \nAMBULANCES 13 AMBULANCES DU SUD AMBULANCES LA \nMARSEILLAISE\n10H00-20H00* 6\nPLAN DE CUQUES \nAMBULANCES \n(semaine paires) / \nAMBULANCES \nPROVENCE SECOURS \n(semaines impaires)\nPLAN DE CUQUES \nAMBULANCES \n(semaine paires) / \nAMBULANCES \nPROVENCE SECOURS \n(semaines impaires)\nPLAN DE CUQUES \nAMBULANCES \n(semaine paires) / \nAMBULANCES \nPROVENCE SECOURS \n(semaines impaires)\nPLAN DE CUQUES \nAMBULANCES \n(semaine paires) / \nAMBULANCES \nPROVENCE SECOURS \n(semaines impaires)\nPLAN DE CUQUES \nAMBULANCES \n(semaine paires) / \nAMBULANCES \nPROVENCE SECOURS \n(semaines impaires)\n1 AMBULANCES DU \nPRADO\nAMBULANCES LA \nMARSEILLAISE\nCAMOINS \nAMBULANCES\nAMBULANCES \nHARMONIE\nAMBULANCES LA \nMARSEILLAISE\nAMBULANCES \nPROVENCE SECOURS\nCAMOINS \nAMBULANCES\n2 PLAN DE CUQUES \nAMBULANCES\nAMBULANCES \nHARMONIE\nAMBULANCES \nPROVENCE SECOURS\nAMBULANCES \nTRANSPORT \nSANITAIRES \nPHOCEEN\nPLAN DE CUQUES \nAMBULANCES\nAMBULANCES DU \nPRADO\nAMBULANCES DU \nPRADO\n3 AMBULANCES DU SUD CAMOINS \nAMBULANCES\nAMBULANCES DU \nPRADO AMBULANCES 2000 AMBULANCES DU \nPRADO\nCAMOINS \nAMBULANCES\nAMBULANCES \nPROVENCE SECOURS\n4 AMBULANCES LA \nMARSEILLAISE AMBULANCE TSP AMBULANCES 2000 AMBULANCES DU \nPRADO AMBULANCES DU SUD AMBULANCES 2000 AMBULANCES 2000\n5 AMBULANCES LA \nCORNICHE\nAMBULANCES LA \nCORNICHE AMBULANCES DU SUD CAMOINS \nAMBULANCES\nAMBULANCES LA \nCORNICHE\nPLAN DE CUQUES \nAMBULANCES\nAMBULANCES DU \nPRADO\n1 PLAN DE CUQUES \nAMBULANCES\nAMBULANCES \nPROVENCE SECOURS\nAMBULANCES DU \nPRADO\nAMBULANCES \nPROVENCE SECOURS\nPLAN DE CUQUES \nAMBULANCES\nAMBULANCES LA \nMARSEILLAISE\nPLAN DE CUQUES \nAMBULANCES\n2 AMBULANCES DU \nPRADO\nCAMOINS \nAMBULANCES\nPLAN DE CUQUES \nAMBULANCES\nCAMOINS \nAMBULANCES\nAMBULANCES \nPROVENCE SECOURS\nAMBULANCES \nPROVENCE SECOURS\nAMBULANCES \nPROVENCE SECOURS\n3 AMBULANCES LA \nMARSEILLAISE AMBULANCES 2000 AMBULANCES \nPROVENCE SECOURS\nAMBULANCES LA \nMARSEILLAISE\nAMBULANCES LA \nMARSEILLAISE\nAMBULANCES DU \nPRADO\nAMBULANCES DU \nPRADO\n4 AMBULANCES \nPROVENCE SECOURS\nAMBULANCES LA \nMARSEILLAISE AMBULANCES 2000 AMBULANCES 2000 AMBULANCES LA \nCORNICHE\nPLAN DE CUQUES \nAMBULANCES\nAMBULANCES LA \nCORNICHE\n1 PLAN DE CUQUES \nAMBULANCES\nAMBULANCES \nPROVENCE SECOURS\nAMBULANCES DU \nPRADO\nAMBULANCES \nPROVENCE SECOURS\nPLAN DE CUQUES \nAMBULANCES\nAMBULANCES LA \nMARSEILLAISE\nPLAN DE CUQUES \nAMBULANCES\n2 AMBULANCES DU \nPRADO\nCAMOINS \nAMBULANCES\nPLAN DE CUQUES \nAMBULANCES\nCAMOINS \nAMBULANCES\nAMBULANCES \nPROVENCE SECOURS\nAMBULANCES \nPROVENCE SECOURS\nAMBULANCES \nPROVENCE SECOURS\n3 AMBULANCES LA \nMARSEILLAISE AMBULANCES 2000 AMBULANCES \nPROVENCE SECOURS\nAMBULANCES LA \nMARSEILLAISE\nAMBULANCES LA \nMARSEILLAISE\nAMBULANCES DU \nPRADO\nAMBULANCES DU \nPRADO\n4 AMBULANCES \nPROVENCE SECOURS\nAMBULANCES LA \nMARSEILLAISE AMBULANCES 2000 AMBULANCES 2000 AMBULANCES LA \nCORNICHE\nPLAN DE CUQUES \nAMBULANCES\nAMBULANCES LA \nCORNICHE\n1 AMBULANCES 2000 PLAN DE CUQUES \nAMBULANCES\nAMBULANCES \nPROVENCE SECOURS\nAMBULANCES DU \nPRADO\nCAMOINS \nAMBULANCES AMBULANCES 2000 AMBULANCES \nPROVENCE SECOURS\n2 AMBULANCES DU \nPRADO\nAMBULANCES DU \nPRADO\nCAMOINS \nAMBULANCES\nPLAN DE CUQUES \nAMBULANCES\nAMBULANCES \nPROVENCE SECOURS\nAMBULANCES \nPROVENCE SECOURS\nAMBULANCES LA \nMARSEILLAISE\n1 AMBULANCES \nPROVENCE SECOURS\nPLAN DE CUQUES \nAMBULANCES\nPLAN DE CUQUES \nAMBULANCES\nAMBULANCES \nPROVENCE SECOURS\nAMBULANCES DU \nPRADO\nPLAN DE CUQUES \nAMBULANCES\nAMBULANCES \nPROVENCE SECOURS\n2 CAMOINS \nAMBULANCES\nAMBULANCES \nPROVENCE SECOURS\nAMBULANCES \nPROVENCE SECOURS\nAMBULANCES DU \nPRADO\nPLAN DE CUQUES \nAMBULANCES\nAMBULANCES \nPROVENCE SECOURS\nAMBULANCES DU \nPRADO\n3 AMBULANCES DU \nPRADO\nAMBULANCES \nHARMONIE\nAMBULANCES DU \nPRADO\nCAMOINS \nAMBULANCES\nAMBULANCES \nPROVENCE SECOURS\nAMBULANCES DU \nPRADO\nPLAN DE CUQUES \nAMBULANCES\n4 AMBULANCES LA \nMARSEILLAISE\nAMBULANCES DU \nPRADO\nAMBULANCES LA \nMARSEILLAISE\nAMBULANCES LA \nMARSEILLAISE AMBULANCES 2000 CAMOINS \nAMBULANCES\nAMBULANCES DU \nPRADO\n5 AMBULANCES LA \nCORNICHE AMBULANCES 2000 ABEILLES \nAMBULANCES 13\nABEILLES \nAMBULANCES 13 AMBULANCES DU SUD AMBULANCES LA \nMARSEILLAISE\n*Renfort Marseille sud de 10h \u00e0 20h en semaine.\nTableau de Garde Secteur Marseille SUD - 2025\n18H00-20H00\n20H00-24H00\n06H00-08H00\n00H00-06h00\n08H00-12H00\n12H00-18H00\nAgence r\u00e9gionale de sant\u00e9 - 13-2025-06-24-00012 - 2025 06 24 arr\u00eat\u00e9 garde ambulanci\u00e8re 13 ann\u00e9e 2025 69\nAgence r\u00e9gionale de sant\u00e9 Provence-Alpes-C\u00f4te d'Azur-Si\u00e8ge - 132, boulevard de Paris - CS 50039 - 13331 Marseille Cedex 03 \nT\u00e9l 04.13.55.80.10  \nhttps://www.paca.ars.sante.fr/           Page 16/18 \n \n \n \n \n \nHoraires Voiture LUNDI MARDI MERCREDI JEUDI VENDREDI SAMEDI DIMANCHE\n08h00-12h00 1 AMBULANCES SOS \nSAINT-ZACHARIE\nAMBULANCES \nPEYPINOISE BRUNY\nAMBULANCES SOS \nSAINT-ZACHARIE\nAMBULANCES \nPEYPINOISE BRUNY\nAMBULANCES SOS \nSAINT-ZACHARIE\nAMBULANCES \nPEYPINOISE BRUNY\nAMBULANCES SOS \nSAINT-ZACHARIE\n12h00-18h00 1 AMBULANCES SOS \nSAINT-ZACHARIE\nAMBULANCES \nPEYPINOISE BRUNY\nAMBULANCES SOS \nSAINT-ZACHARIE\nAMBULANCES \nPEYPINOISE BRUNY\nAMBULANCES SOS \nSAINT-ZACHARIE\nAMBULANCES \nPEYPINOISE BRUNY\nAMBULANCES SOS \nSAINT-ZACHARIE\n18h00 - 20h00 1 AMBULANCES SOS \nSAINT-ZACHARIE\nAMBULANCES \nPEYPINOISE BRUNY\nAMBULANCES SOS \nSAINT-ZACHARIE\nAMBULANCES \nPEYPINOISE BRUNY\nAMBULANCES SOS \nSAINT-ZACHARIE\nAMBULANCES \nPEYPINOISE BRUNY\nAMBULANCES SOS \nSAINT-ZACHARIE\nHoraires Voiture LUNDI MARDI MERCREDI JEUDI VENDREDI SAMEDI DIMANCHE\n08h00-12h00 1 AMBULANCES \nPEYPINOISE BRUNY\nAMBULANCES SOS \nSAINT-ZACHARIE\nAMBULANCES \nPEYPINOISE BRUNY\nAMBULANCES SOS \nSAINT-ZACHARIE\nAMBULANCES \nPEYPINOISE BRUNY\nAMBULANCES SOS \nSAINT-ZACHARIE\nAMBULANCES \nPEYPINOISE BRUNY\n12h00-18h00 1 AMBULANCES \nPEYPINOISE BRUNY\nAMBULANCES SOS \nSAINT-ZACHARIE\nAMBULANCES \nPEYPINOISE BRUNY\nAMBULANCES SOS \nSAINT-ZACHARIE\nAMBULANCES \nPEYPINOISE BRUNY\nAMBULANCES SOS \nSAINT-ZACHARIE\nAMBULANCES \nPEYPINOISE BRUNY\n18h00-20h00 1 AMBULANCES \nPEYPINOISE BRUNY\nAMBULANCES SOS \nSAINT-ZACHARIE\nAMBULANCES \nPEYPINOISE BRUNY\nAMBULANCES SOS \nSAINT-ZACHARIE\nAMBULANCES \nPEYPINOISE BRUNY\nAMBULANCES SOS \nSAINT-ZACHARIE\nAMBULANCES \nPEYPINOISE BRUNY\nTableau de Garde Secteur Aubagne Nord - JOUR 2025\nSEMAINES IMPAIRES\nSEMAINES PAIRES\nAgence r\u00e9gionale de sant\u00e9 - 13-2025-06-24-00012 - 2025 06 24 arr\u00eat\u00e9 garde ambulanci\u00e8re 13 ann\u00e9e 2025 70\nAgence r\u00e9gionale de sant\u00e9 Provence-Alpes-C\u00f4te d'Azur-Si\u00e8ge - 132, boulevard de Paris - CS 50039 - 13331 Marseille Cedex 03 \nT\u00e9l 04.13.55.80.10  \nhttps://www.paca.ars.sante.fr/           Page 17/18 \n \n \n \n \n \nHoraires Voiture LUNDI MARDI MERCREDI JEUDI VENDREDI SAMEDI DIMANCHE\n08H00-12H00 1\nSOCIETE NOUVELLE \nAMBULANCES \nPATRICK\nSOCIETE NOUVELLE \nAMBULANCES \nPATRICK\nSOCIETE NOUVELLE \nAMBULANCES \nPATRICK\nSOCIETE NOUVELLE \nAMBULANCES \nPATRICK\nSOCIETE NOUVELLE \nAMBULANCES \nPATRICK\nSOCIETE NOUVELLE \nAMBULANCES \nPATRICK\nSOCIETE NOUVELLE \nAMBULANCES \nPATRICK\n12H00-19H00 1\nSOCIETE NOUVELLE \nAMBULANCES \nPATRICK\nSOCIETE NOUVELLE \nAMBULANCES \nPATRICK\nSOCIETE NOUVELLE \nAMBULANCES \nPATRICK\nSOCIETE NOUVELLE \nAMBULANCES \nPATRICK\nSOCIETE NOUVELLE \nAMBULANCES \nPATRICK\nSOCIETE NOUVELLE \nAMBULANCES \nPATRICK\nSOCIETE NOUVELLE \nAMBULANCES \nPATRICK\n19H00-20H00 1\nSOCIETE NOUVELLE \nAMBULANCES \nPATRICK\nAMBULANCES LA \nMARINA\nAMBULANCES LA \nMARINA\nAMBULANCES LA \nMARINA\nAMBULANCES SOS \nSAINT-ZACHARIE\nSOCIETE NOUVELLE \nAMBULANCES \nPATRICK\nSOCIETE NOUVELLE \nAMBULANCES \nPATRICK\nHoraires Voiture LUNDI MARDI MERCREDI JEUDI VENDREDI SAMEDI DIMANCHE\n08h00-12h00 1 AMBULANCES DE LA \nCIOTAT\nAMBULANCES DE LA \nCIOTAT\nAMBULANCES DE LA \nCIOTAT\nAMBULANCES DE LA \nCIOTAT\nAMBULANCES DE LA \nCIOTAT\nAMBULANCES DE LA \nCIOTAT\nAMBULANCES DE LA \nCIOTAT\n12h00-19h00 1 AMBULANCES DE LA \nCIOTAT\nAMBULANCES DE LA \nCIOTAT\nAMBULANCES DE LA \nCIOTAT\nAMBULANCES DE LA \nCIOTAT\nAMBULANCES DE LA \nCIOTAT\nAMBULANCES DE LA \nCIOTAT\nAMBULANCES DE LA \nCIOTAT\n19H00-20H00 1 AMBULANCES LA \nMARINA\nAMBULANCES LA \nMARINA\nAMBULANCES LA \nMARINA\nAMBULANCES LA \nMARINA\nAMBULANCES SOS \nSAINT-ZACHARIE\nSOCIETE NOUVELLE \nAMBULANCES \nPATRICK\nSOCIETE NOUVELLE \nAMBULANCES \nPATRICK\nTableau de Garde Secteur Aubagne Sud - JOUR 2025\nSEMAINES IMPAIRES\nSEMAINES PAIRES\nAgence r\u00e9gionale de sant\u00e9 - 13-2025-06-24-00012 - 2025 06 24 arr\u00eat\u00e9 garde ambulanci\u00e8re 13 ann\u00e9e 2025 71\nAgence r\u00e9gionale de sant\u00e9 Provence-Alpes-C\u00f4te d'Azur-Si\u00e8ge - 132, boulevard de Paris - CS 50039 - 13331 Marseille Cedex 03 \nT\u00e9l 04.13.55.80.10  \nhttps://www.paca.ars.sante.fr/           Page 18/18 \n \n \n \nHoraires Voiture LUNDI MARDI MERCREDI JEUDI VENDREDI SAMEDI DIMANCHE\n00h00-07h00 1\nSOCIETE NOUVELLE \nAMBULANCES \nPATRICK\nAMBULANCES LA \nMARINA\nAMBULANCES LA \nMARINA\nAMBULANCES LA \nMARINA\nAMBULANCES LA \nMARINA SOS SAINT ZACHARIE\nSOCIETE NOUVELLE \nAMBULANCES \nPATRICK\n07h00-08h00 1 LA MARINA AMBULANCES LA \nMARINA\nAMBULANCES LA \nMARINA\nAMBULANCES LA \nMARINA\nAMBULANCES LA \nMARINA SOS SAINT ZACHARIE\nSOCIETE NOUVELLE \nAMBULANCES \nPATRICK\n20h00-24h00 1 LA MARINA AMBULANCES LA \nMARINA\nAMBULANCES LA \nMARINA\nAMBULANCES LA \nMARINA\nAMBULANCES SOS \nSAINT-ZACHARIE\nSOCIETE NOUVELLE \nAMBULANCES \nPATRICK\nSOCIETE NOUVELLE \nAMBULANCES \nPATRICK\nTableau de Garde Secteur Aubagne - Nuit 2025\nAgence r\u00e9gionale de sant\u00e9 - 13-2025-06-24-00012 - 2025 06 24 arr\u00eat\u00e9 garde ambulanci\u00e8re 13 ann\u00e9e 2025 72\nCentre Hospitalier du pays Salonais\n13-2025-07-09-00005\nD\u00e9cision N\u00b016-2025 -  D\u00e9l\u00e9gation de signature\nHPS\nCentre Hospitalier du pays Salonais - 13-2025-07-09-00005 - D\u00e9cision N\u00b016-2025 -  D\u00e9l\u00e9gation de signature HPS 73\n> >Hopital |du pays Salonais\n \n   Madame le Directeur \n \n \nDECISION N\u00b0 16/2025 \n(Annule et remplace la d\u00e9cision N\u00b012/2025) \n--------------------- \n \n \nOBJET : D\u00e9l\u00e9gation g\u00e9n\u00e9rale de signature \n \n \nLa Directrice de l'H\u00f4pital du Pays Salonais, \n \nVU le d\u00e9cret 2012-1246 du 7 novembre 2012 relatif \u00e0 la gestion budg\u00e9taire et comptable publique, \n   \nVU le Code de la Sant\u00e9 Publique, et notamment ses articles L.6143.7 et D.6143.33 et suivants \n \nVU l'arr\u00eat\u00e9 de Madame la Directrice G\u00e9n\u00e9rale du Centre National de Gestion d\u00e9signant                       \nMadame Marie CHARDEAU, Directrice de l'H\u00f4pital du Pays Salonais, \u00e0 compter du 16 Mai 2022,  \n        \n \nDECIDE \n \n \nArticle 1 \n \nSont de la comp\u00e9tence du Directeur : \n \n- Les attributions exerc\u00e9es apr\u00e8s concertation avec le directoire, en application de l'article                            \nL. 6143-7 du code de la sant\u00e9 publique ; \n- Les conventions de partenariat conclues avec des organismes ou \u00e9tablissements ext\u00e9rieurs ; \n- Les d\u00e9cisions d'ester en justice ; \n- Les d\u00e9cisions de choix des avocats et officiers minist\u00e9riels ; \n- Les contrats d'emprunt ; \n- Les d\u00e9cisions relatives aux dons et legs ; \n- Les ordres de mission des membres de l'\u00e9quipe de direction ; \n- Les d\u00e9cisions d'attribution de logement ; \n- Ainsi que tous les autres actes, documents et correspondances qui, en raison de l'importance de leur \nobjet, engagent le Centre Hospitalier de Salon de Provence. \n \n \n \n \n \n \n \n \n \n \n \n \nCentre Hospitalier du pays Salonais - 13-2025-07-09-00005 - D\u00e9cision N\u00b016-2025 -  D\u00e9l\u00e9gation de signature HPS 74\n> >Hopital |du pays Salonais\n \n   Madame le Directeur \n \nD\u00e9l\u00e9gation g\u00e9n\u00e9rale de signatures \n \nMadame H\u00e9l\u00e8ne SABATIER, Directrice -Adjointe charg\u00e9e des Ressources Mat\u00e9rielles , Madame J ennifer \nMAURIAT, Directrice-Adjointe charg\u00e9e  des Ressources Humaines  et des Affaire s M\u00e9dicales , Monsieur \nLudovic RAVAILLER , Directe ur-Adjoint charg\u00e9 des Affaires Financi\u00e8res  et Madame Corinne MOAL , \nCoordonnatrice G\u00e9n\u00e9rale des Soins, re\u00e7oive nt d\u00e9l\u00e9gations de signature en cas d'absence ou \nd'emp\u00eachement du Directeur pour la totalit\u00e9 de ses comp\u00e9tences fix\u00e9es par l'article L. 6143 -7 du Code de la \nSant\u00e9 Publique.  \n \nDans le cadre des gardes administratives, une d\u00e9l\u00e9gation de signature est accord\u00e9e aux cadres prenant des \ngardes pour signer tous documents entrant dans le champ de la gestion d'une  garde administrative, \nnotamment pour signer tous les actes, documents et pi\u00e8ces n\u00e9cessaires dans le cadre de cette garde. \n \n \nArticle 2 \n \nD\u00e9l\u00e9gation de signatures par Directions Fonctionnelles \n \n\uf0d8 Direction des Ressources Humaines et des Affaires M\u00e9dicales \n \nD\u00e9l\u00e9gation est donn\u00e9e \u00e0 Madame Jennifer MAURIAT , Directrice-Adjointe charg\u00e9e des Ressources \nHumaines et des Affaires M\u00e9dicales , \u00e0 l'effet de signer tous actes administratifs et documents concernant la \nDirection des Ressources Humaines et des Affaires M\u00e9dicale s et de proc\u00e9der \u00e0 l'engagement des \ncommandes relatives \u00e0 l'int\u00e9rim. \n \n\u00e0 l'exclusion :  \n \n- des d\u00e9cisions concernant les sanctions disciplinaires sup\u00e9rieures au bl\u00e2me. \n- des contrats et des d\u00e9cisions portant sur le personnel m\u00e9dical. \n \n \nEn cas d'emp\u00eachement de Madame Jennifer MAURIAT , Directrice -Adjointe charg\u00e9e des Ressources \nHumaines et des Affaires M\u00e9dicales , d\u00e9l\u00e9gation est donn\u00e9e pour signer tous les actes concernant la gestion \ndu personnel m\u00e9dical et non m\u00e9dical  y compris les actes concernant la formation et le DPC dans la limite de \nses attributions \u00e0 Madame Marine ROSEAU, Attach\u00e9e d'Administration Hospitali\u00e8re. \n \n \n\u00e0 l'exclusion :  \n \n- Des d\u00e9cisions portant recrutement, nomination, titularisation ou avancement des personnels titulaires \n- Des d\u00e9cisions de recrutement et de cessation de contrat concernant les personnels contractuels \n- Des d\u00e9cisions concernant les sanctions disciplinaires sup\u00e9rieures au bl\u00e2me. \n- Des contrats et des d\u00e9cisions portant sur le personnel m\u00e9dical. \n \n \n \n \n \n \nCentre Hospitalier du pays Salonais - 13-2025-07-09-00005 - D\u00e9cision N\u00b016-2025 -  D\u00e9l\u00e9gation de signature HPS 75\n> >Hopital |du pays Salonais\n \n   Madame le Directeur \n \n \n \n\uf0d8 Direction M\u00e9dicale de la Qualit\u00e9 \u2013 Gestion des Risques et des Relations avec les Usagers \n \nD\u00e9l\u00e9gation est donn\u00e9e \u00e0 Monsieur le Docteur Ali MOFREDJ , Directeur M\u00e9dical charg\u00e9 de la Direction \nM\u00e9dicale de la Qualit\u00e9 \u2013 Gestion des Risques et des Relations avec les Usagers \u00e0 l'effet de signer tous \nactes administratifs et documents concernant les affaires dudit service,  \n \n\u00e0 l'exclusion : \n\uf0b7 des conventions de partenariat, \n\uf0b7 des coop\u00e9rations, \n\uf0b7 des conventions constitutives de r\u00e9seaux. \n \nEn cas d'emp\u00eachement de Monsieur le Docteur Ali MOFREDJ , la m\u00eame d\u00e9l\u00e9gation e st donn\u00e9e \u00e0 \nMadame B\u00e9n\u00e9dicte MONTAGNIER , Ing\u00e9nieur Qualit\u00e9 , y compris pour signer les avis des passages \npour acte d'assignation en r\u00e9f\u00e9r\u00e9.  \n \n \n\uf0d8 Direction des Affaires Financi\u00e8res  \n \n1- D\u00e9l\u00e9gation est donn\u00e9e \u00e0 Monsieur Ludovic RAVAILLER , Directeur-Adjoint charg\u00e9 des Affaires \nFinanci\u00e8res \u00e0 l'effet de signer tous actes administratifs et documents concernant les affaires des dits \nservices, et plus sp\u00e9cifiquement ceux ; \n \n- D'arbitrage de taux \n- De remboursements anticip\u00e9s totaux ou partiels \n- D'am\u00e9nagements et de mise en place de contrats de couvertures pr\u00e9vues aux contrats \n- Fonctionnement des lignes de tr\u00e9sorerie \n \n\u00e0 l'exclusion : \n \n- Des contrats d'emprunts et de ligne de tr\u00e9sorerie \n \nEn cas d'emp\u00eachement de Monsieur Ludovic RAVAILLER , la m\u00eame d\u00e9l\u00e9gation est donn\u00e9e \u00e0 Monsieur \nJacques NIM, Attach\u00e9 d'Administration Hospitalier Principal, Responsable des Services Financier et \ndu Contr\u00f4le de Gestion. \n \n \n2- D\u00e9l\u00e9gation est donn\u00e9e \u00e0 Monsieur Ludovic RAVAILLER , Directeur-Adjoint charg\u00e9 des Affaires \nFinanci\u00e8res \u00e0 l'effet de signer tous les ac tes administratifs et documents concernant les affaires de cette \ndirection, et plus sp\u00e9cifiquement ceux : \n \n- D'ordonnancement des d\u00e9penses et recettes \n \n \n \n \n \n \nCentre Hospitalier du pays Salonais - 13-2025-07-09-00005 - D\u00e9cision N\u00b016-2025 -  D\u00e9l\u00e9gation de signature HPS 76\n> >Hopital |du pays Salonais\n \n   Madame le Directeur \n \n \n \nEn cas d'emp\u00eachement de Monsieur Ludovic RAVAILLER , la m\u00eame d\u00e9l\u00e9gation est donn\u00e9e \u00e0 Monsieur \nJacques NIM, Attach\u00e9 d'Administration Hospitalier Principal , Responsable des Services Financiers et \ndu Contr\u00f4le de Gestion. \n \nEn cas d'emp\u00eachement de Monsieur Jacques NIM, la m\u00eame d\u00e9l\u00e9gation est donn\u00e9e \u00e0 Madame M\u00e9lanie \nMICHAUD, Adjointe des Cadres \u00e0 la Direction des Affaires Financi\u00e8res. \n \nEn cas d'emp\u00eachement de Monsieur Ludovic RAVAILLER , pour les actes relevant du bureau des \nadmissions, en particulier les documents relatifs au s\u00e9jour, au transport, \u00e0 l'admission et au d\u00e9c\u00e8s des \npatients ainsi qu'\u00e0 l'ordonnancement des recettes la m\u00eame d\u00e9l\u00e9gation est donn\u00e9e \u00e0 : \n \n-  Madame Christel ORLANDINI, Ing\u00e9nieur, Responsable du Bureau des Admissions \n-  Madame Francette POTAVIN, Adjoint des Cadres. \n  \nSont exclus de la pr\u00e9sente d\u00e9l\u00e9gation de signature les correspondances \u00e0 destina tion des autorit\u00e9s de tutelle \net du Pr\u00e9sident du Conseil de Surveillance. \n \n \n\uf0d8 Direction des Ressources Mat\u00e9rielles  \n \nD\u00e9l\u00e9gation est donn\u00e9e \u00e0 Madame H\u00e9l\u00e8ne SABATIER , Directrice -Adjointe charg\u00e9e des Ressources \nMat\u00e9rielles pour signer tous actes administratifs,  courriers et documents concernant les affaires dudit service \n\u00e0 l'exclusion : \n \n\uf0d8 Des actes portant acquisition et ali\u00e9nation de biens, \n\uf0d8 Des actes notari\u00e9s, \n\uf0d8 Des baux emphyt\u00e9otiques. \n \n- Pour exercer les fonctions de comptable mati\u00e8res en ce qui concerne les appro visionnements relevant de \nla gestion de cette Direction, \n- Pour proc\u00e9der \u00e0 l'engagement des commandes et \u00e0 la liquidation des factures. \n- Pour signer les avenants concernant les march\u00e9s conclus avant le 1er janvier 2018 \n \nEn cas d'emp\u00eachement de Madame H\u00e9l\u00e8ne S ABATIER, Directrice -Adjointe charg\u00e9e des Ressources  \nMat\u00e9rielles, la m\u00eame d\u00e9l\u00e9gation est donn\u00e9e \u00e0 Madame Mathilda MOYNET, Attach\u00e9e d'Administration  \nHospitali\u00e8re, Monsieur Fabrice GROCCIA, Ing\u00e9n ieur Principal et Monsieur Christophe SERRIERE , \nIng\u00e9nieur Hospitalier. \n \n \nD\u00e9l\u00e9gation est donn\u00e9e \u00e0 Monsieur Thomas SCHORTZ , Technicien Sup\u00e9rieur Hospitalier, pour signer \ntoutes plaintes r\u00e9alis\u00e9es pour le compte de l'H\u00f4pital du Pays Salonais avec les forces de l'ordre. \n \nEn cas d'emp\u00eachement de Monsieur Thomas SCHORTZ , la m\u00eame d\u00e9l\u00e9gation est donn\u00e9e \u00e0 Madame \nMathilda MOYNET, Attach\u00e9e d'Administration Hospitali\u00e8re. \n \n \n \nCentre Hospitalier du pays Salonais - 13-2025-07-09-00005 - D\u00e9cision N\u00b016-2025 -  D\u00e9l\u00e9gation de signature HPS 77\n> >Hopital |du pays Salonais\n \n   Madame le Directeur \n \n \n \n\uf0d8 Direction du Syst\u00e8me d'Information \n \nD\u00e9l\u00e9gation est donn\u00e9e \u00e0 Monsieur Constant MBOCK, Directe ur charg\u00e9 du Syst\u00e8me d'Information  pour \nsigner tous actes administratifs, courriers et documents concernant les affaires dudit service \u00e0 l'exclusion : \n \n\uf0d8 Des actes portant acquisition et ali\u00e9nation de biens, \n\uf0d8 Des actes notari\u00e9s, \n\uf0d8 Des baux emphyt\u00e9otiques. \n \n- Pour signer tous les courriers n\u00e9cessaires \u00e0 la gestion et au fonction nement g\u00e9n\u00e9ral du Syst\u00e8me \nd'Information de l'H\u00f4pital du Pays Salonais \n- Pour proc\u00e9der \u00e0 l'engagement des commandes \n- Pour signer les documents relatifs \u00e0 l'organisation du travail, aux cong\u00e9s et aux autorisations d'absence \ndes personnels plac\u00e9s sous son autorit\u00e9 \n \nEn cas d'emp\u00eachement de Monsieur Constant MBOCK, Directeur charg\u00e9 du Syst\u00e8me d'Information, la \nm\u00eame d\u00e9l\u00e9gation est donn\u00e9e \u00e0 Madame H\u00e9l\u00e8ne SABATIER, Directrice-Adjointe charg\u00e9e des Ressources \nMat\u00e9rielles. \n \nEn cas d'emp\u00eachement de Madame H\u00e9l\u00e8ne SABATIER , la m\u00eame d\u00e9l\u00e9gation est donn\u00e9e \u00e0  Madame \nMathilda MOYNET, Attach\u00e9e d'Administration Hospitali\u00e8re. \n \n \n\uf0d8 Direction des Soins \n \nD\u00e9l\u00e9gation est donn\u00e9e \u00e0 Madame Corinne MOAL, Coordonnatrice G\u00e9n\u00e9rale des Soins pour signer tous les \ncourriers concernant la Direction des Soins. \n \nD\u00e9l\u00e9gation est donn\u00e9e \u00e0 Madame Martine DUBOIS , Cadre du P\u00f4le G\u00e9riatrie et Soins de Support, pour \nsigner les contrats de s\u00e9jour des r\u00e9sidents de l'EHPAD et de l'USLD de l'H\u00f4pital du Pays Salonais.  \n \nArticle 3 \n \nD\u00e9l\u00e9gation est donn\u00e9e \u00e0 Madame Aude MAGDELAINE, Praticien Hospitalier, Chef de Service, pharmacien \ng\u00e9rant, pour exercer les fonctions de comptable mati\u00e8res et proc\u00e9der \u00e0 l'engagement des commandes et \u00e0 la \nliquidation des factures pour tous les comptes pharmaceutiques. \n \n \nEn cas d'emp\u00eachement de Madame Aude MAGDELAINE, la m\u00eame d\u00e9l\u00e9gation est donn\u00e9e \u00e0 :  \n \n- Madame Mireille NATAF, Praticien Hospitalier, \n- Madame Anna ELISSALDE, Praticien Hospitalier, \n- Madame Claire JEAN, Praticien Hospitalier, \n- Madame Ibtissem KERRAD, Praticien Hospitalier. \n \n \n \nCentre Hospitalier du pays Salonais - 13-2025-07-09-00005 - D\u00e9cision N\u00b016-2025 -  D\u00e9l\u00e9gation de signature HPS 78\n> >Hopital |du pays Salonais\n \n   Madame le Directeur \n \n \n \nArticle 4 \n \nSont exclus des pr\u00e9sentes d\u00e9l\u00e9gations de signature  hors emp\u00eachement du directeur, les correspondances \u00e0 \ndestination des autorit\u00e9s de tutelle et du Pr\u00e9sident du Conseil de Surveillance. \n \nArticle 5 \n \nLa pr\u00e9sente d\u00e9cision annule et remplace la d\u00e9cision N\u00b0 12/2025 et prend effet \u00e0 compter du 21 juillet 2025. \n \nArticle 6 \n \nAmpliation de cette d\u00e9cision est adress\u00e9e aux int\u00e9ress\u00e9s et \u00e0 Monsieur le Tr\u00e9sorier Principal de \nl'\u00e9tablissement. \n \nArticle 7 \n \nLa pr\u00e9sente d\u00e9cision sera compl\u00e9t\u00e9e par des d\u00e9l\u00e9gations individuelles sp\u00e9cifiques. \n \n \n \n \n     Salon de Provence, le 09 juillet 2025 \n \nLE DIRECTEUR \n \n                                     \u00ab Sign\u00e9 \u00bb \n \nMarie CHARDEAU \n \nCopies transmises pour information \n- Int\u00e9ress\u00e9s \n- Monsieur le Tr\u00e9sorier Principal \n- Recueil des actes administratifs \n- Affichage \n \nCentre Hospitalier du pays Salonais - 13-2025-07-09-00005 - D\u00e9cision N\u00b016-2025 -  D\u00e9l\u00e9gation de signature HPS 79\nDDETS 13\n13-2025-07-09-00006\nR\u00e9c\u00e9piss\u00e9 de d\u00e9claration au titre des Services \u00e0\nla Personne au b\u00e9n\u00e9fice de Madame  ACHOUI\nSamira en qualit\u00e9 de micro-entrepreneure\ndomicili\u00e9e au 28 rue S\u00e9raphin 13015 MARSEILLE\nDDETS 13 - 13-2025-07-09-00006 - R\u00e9c\u00e9piss\u00e9 de d\u00e9claration au titre des Services \u00e0 la Personne au b\u00e9n\u00e9fice de Madame  ACHOUI\nSamira en qualit\u00e9 de micro-entrepreneure domicili\u00e9e au 28 rue S\u00e9raphin 13015 MARSEILLE 80\nEnPREFETDES BOUCHES-DU-RHONELibert\u00e9Egalit\u00e9Fraternit\u00e9\n \nDirection D\u00e9partementale\nde l'Emploi, du Travail\n et des Solidarit\u00e9s\ndes Bouches du Rh\u00f4ne\nP\u00f4le \u00c9conomie Emploi Entreprises\nD\u00e9partement Insertion Professionnelle\n      R\u00e9c\u00e9piss\u00e9 de d\u00e9claration n\u00b0 \u2026\u2026\n                   d'un organisme de services \u00e0 la personne\n                      enregistr\u00e9 sous le N\u00b0 SAP933899387\nVu  le  code  du  travail  et  notamment les articles  L.7231-1  \u00e0  L.7233-2,  R.7232-16  \u00e0 \nR.7232-22, D.7231-1 et D.7233-1 \u00e0 D.7233-5,\nLe pr\u00e9fet de la R\u00e9gion Provence-Alpes-C\u00f4te d'Azur  Pr\u00e9fet de la Zone de D\u00e9fense et \nde S\u00e9curit\u00e9 Sud,  Pr\u00e9fet des Bouches-du-Rh\u00f4ne,\nCONSTATE\nQu'une d\u00e9claration d'activit\u00e9s de Services \u00e0 la Personne a \u00e9t\u00e9 d\u00e9pos\u00e9e aupr\u00e8s de la  \nDirection D\u00e9partementale de l'Emploi, du Travail et des Solidarit\u00e9s des Bouches-du-\nRh\u00f4ne  le,  08  juillet  2025  par  Madame  ACHOUI  Samira en  qualit\u00e9  de  micro-\nentrepreneure domicili\u00e9e au 28 rue S\u00e9raphin 13015 MARSEILLE et enregistr\u00e9 sous le  \nN\u00b0 SAP933899387 pour les activit\u00e9s suivantes en mode prestataire :\n  \u2022   Garde d'enfants de plus de 3 ans \u00e0 domicile ;\n  \u2022   Entretien de la maison et travaux m\u00e9nagers ;\n  \u2022   Pr\u00e9paration de repas \u00e0 domicile ;\n  \u2022   Livraison de courses \u00e0 domicile.\nToute  modification  concernant  les  activit\u00e9s  exerc\u00e9es  devra  faire  l'objet  d'une  \nd\u00e9claration modificative pr\u00e9alable.\nSous r\u00e9serve d'\u00eatre exerc\u00e9es \u00e0 titre exclusif au profit de particuliers, \u00e0 leur domicile  \n(ou sous r\u00e9serve d'une comptabilit\u00e9 s\u00e9par\u00e9e pour les personnes morales dispens\u00e9es  \nde cette condition), ces activit\u00e9s ouvrent droit au b\u00e9n\u00e9fice des dispositions des  \narticles L.7233-2 du code du travail et L.241-10 du code de la s\u00e9curit\u00e9 sociale dans les  \nconditions pr\u00e9vues par ces articles.\nLes effets de la d\u00e9claration courent \u00e0 compter du jour du d\u00e9p\u00f4t de la d\u00e9claration  \nsous r\u00e9serve des dispositions de  l'article R.7232-18 du code du travail.\nDDETS 13 - 13-2025-07-09-00006 - R\u00e9c\u00e9piss\u00e9 de d\u00e9claration au titre des Services \u00e0 la Personne au b\u00e9n\u00e9fice de Madame  ACHOUI\nSamira en qualit\u00e9 de micro-entrepreneure domicili\u00e9e au 28 rue S\u00e9raphin 13015 MARSEILLE 81\nEn application  des articles L.7232-1 et R.7232-1 \u00e0 R.7232-15, les activit\u00e9s n\u00e9cessitant  \nun  agr\u00e9ment  (I  de  l'article  D.7231-1  du  code  du  travail)  n'ouvrent  droit  \u00e0  ces \ndispositions  que  si  la  structure  a  pr\u00e9alablement  obtenu  l'agr\u00e9ment  ou  le  \nrenouvellement  de  cet  agr\u00e9ment  dans  le  ou  les  d\u00e9partements  d'exercice  de  ses \nactivit\u00e9s.\nDe m\u00eame, en application de l'article D.312-6-2 du code de l'action sociale et des  \nfamilles, les activit\u00e9s n\u00e9cessitant une autorisation n'ouvrent droit \u00e0 ces dispositions  \nque si l'organisme a pr\u00e9alablement obtenu l'autorisation ou le renouvellement de  \ncette autorisation.\nLe pr\u00e9sent r\u00e9c\u00e9piss\u00e9 n'est pas limit\u00e9 dans le temps.  La d\u00e9claration a une port\u00e9e  \nnationale.\nL'enregistrement de la d\u00e9claration peut \u00eatre retir\u00e9 dans les conditions fix\u00e9es aux  \narticles R.7232-20 \u00e0 R.7232-22 du code du travail.\nLe pr\u00e9sent r\u00e9c\u00e9piss\u00e9 sera publi\u00e9 au Recueil des Actes Administratifs de la Pr\u00e9fecture  \ndes Bouches-du-Rh\u00f4ne.\nFait \u00e0 Marseille, le 09 juillet 2025\nPour le Pr\u00e9fet et par d\u00e9l\u00e9gation,\nPar emp\u00eachement de la Directrice \nD\u00e9partementale de l'Emploi, du Travail\n et des Solidarit\u00e9s des Bouches-du-Rh\u00f4ne\nLe Responsable du d\u00e9partement \ninsertion Professionnelle,\nSign\u00e9\nElodie CARITEY\n55 boulevard P\u00e9rier \u2013 13415 cedex 20 MARSEILLE Cedex 20 - T\u00e9l\u00e9phone : 04.91.57.96.00 \nMel : ddets-sap@bouches-du-rhone.gouv.fr\n2\nDDETS 13 - 13-2025-07-09-00006 - R\u00e9c\u00e9piss\u00e9 de d\u00e9claration au titre des Services \u00e0 la Personne au b\u00e9n\u00e9fice de Madame  ACHOUI\nSamira en qualit\u00e9 de micro-entrepreneure domicili\u00e9e au 28 rue S\u00e9raphin 13015 MARSEILLE 82\nDDETS 13\n13-2025-07-09-00002\nR\u00e9c\u00e9piss\u00e9 de d\u00e9claration au titre des Services \u00e0\nla Personne au b\u00e9n\u00e9fice de Madame AUBANEL\nJanyce en qualit\u00e9 d'entrepreneure individuelle\ndomicili\u00e9e au 8 Rue Colbert 13170 LES PENNES\nMIRABEAU \nDDETS 13 - 13-2025-07-09-00002 - R\u00e9c\u00e9piss\u00e9 de d\u00e9claration au titre des Services \u00e0 la Personne au b\u00e9n\u00e9fice de Madame AUBANEL\nJanyce en qualit\u00e9 d'entrepreneure individuelle domicili\u00e9e au 8 Rue Colbert 13170 LES PENNES MIRABEAU 83\nEnPREFETDES BOUCHES-DU-RHONELibert\u00e9Egalit\u00e9Fraternit\u00e9\n \nDirection D\u00e9partementale\nde l'Emploi, du Travail\n et des Solidarit\u00e9s\ndes Bouches du Rh\u00f4ne\nP\u00f4le \u00c9conomie Emploi Entreprises\nD\u00e9partement Insertion Professionnelle\n      R\u00e9c\u00e9piss\u00e9 de d\u00e9claration n\u00b0 \u2026\u2026\n                   d'un organisme de services \u00e0 la personne\n                      enregistr\u00e9 sous le N\u00b0 SAP988869574\nVu  le  code  du  travail  et  notamment les articles  L.7231-1  \u00e0  L.7233-2,  R.7232-16  \u00e0 \nR.7232-22, D.7231-1 et D.7233-1 \u00e0 D.7233-5,\nLe pr\u00e9fet de la R\u00e9gion Provence-Alpes-C\u00f4te d'Azur  Pr\u00e9fet de la Zone de D\u00e9fense et \nde S\u00e9curit\u00e9 Sud,  Pr\u00e9fet des Bouches-du-Rh\u00f4ne,\nCONSTATE\nQu'une d\u00e9claration d'activit\u00e9s de Services \u00e0 la Personne a \u00e9t\u00e9 d\u00e9pos\u00e9e aupr\u00e8s de la  \nDirection D\u00e9partementale de l'Emploi, du Travail et des Solidarit\u00e9s des Bouches-du-\nRh\u00f4ne le, 07 Juillet 2025 par Madame AUBANEL Janyce en qualit\u00e9 d'entrepreneure  \nindividuelle domicili\u00e9e au 8 Rue Colbert 13170 LES PENNES MIRABEAU et enregistr\u00e9  \nsous le N\u00b0 SAP988869574 pour les activit\u00e9s suivantes en mode prestataire :\n  \u2022   Garde d'enfants de plus de 3 ans \u00e0 domicile ; \n  \u2022   Entretien de la maison et travaux m\u00e9nagers ;\n  \u2022   Pr\u00e9paration de repas \u00e0 domicile ;\n  \u2022   Maintenance, entretien et vigilance temporaires \u00e0 domicile,\n \nToute  modification  concernant  les  activit\u00e9s  exerc\u00e9es  devra  faire  l'objet  d'une  \nd\u00e9claration modificative pr\u00e9alable.\nSous r\u00e9serve d'\u00eatre exerc\u00e9es \u00e0 titre exclusif au profit de particuliers, \u00e0 leur domicile  \n(ou sous r\u00e9serve d'une comptabilit\u00e9 s\u00e9par\u00e9e pour les personnes morales dispens\u00e9es  \nde cette condition), ces activit\u00e9s ouvrent droit au b\u00e9n\u00e9fice des dispositions des  \narticles L.7233-2 du code du travail et L.241-10 du code de la s\u00e9curit\u00e9 sociale dans les  \nconditions pr\u00e9vues par ces articles.\nLes effets de la d\u00e9claration courent \u00e0 compter du jour du d\u00e9p\u00f4t de la d\u00e9claration  \nsous r\u00e9serve des dispositions de  l'article R.7232-18 du code du travail.\nDDETS 13 - 13-2025-07-09-00002 - R\u00e9c\u00e9piss\u00e9 de d\u00e9claration au titre des Services \u00e0 la Personne au b\u00e9n\u00e9fice de Madame AUBANEL\nJanyce en qualit\u00e9 d'entrepreneure individuelle domicili\u00e9e au 8 Rue Colbert 13170 LES PENNES MIRABEAU 84\nEn application  des articles L.7232-1 et R.7232-1 \u00e0 R.7232-15, les activit\u00e9s n\u00e9cessitant  \nun  agr\u00e9ment  (I  de  l'article  D.7231-1  du  code  du  travail)  n'ouvrent  droit  \u00e0  ces \ndispositions  que  si  la  structure  a  pr\u00e9alablement  obtenu  l'agr\u00e9ment  ou  le  \nrenouvellement  de  cet  agr\u00e9ment  dans  le  ou  les  d\u00e9partements  d'exercice  de  ses \nactivit\u00e9s.\nDe m\u00eame, en application de l'article D.312-6-2 du code de l'action sociale et des  \nfamilles, les activit\u00e9s n\u00e9cessitant une autorisation n'ouvrent droit \u00e0 ces dispositions  \nque si l'organisme a pr\u00e9alablement obtenu l'autorisation ou le renouvellement de  \ncette autorisation.\nLe pr\u00e9sent r\u00e9c\u00e9piss\u00e9 n'est pas limit\u00e9 dans le temps.  La d\u00e9claration a une port\u00e9e  \nnationale.\nL'enregistrement de la d\u00e9claration peut \u00eatre retir\u00e9 dans les conditions fix\u00e9es aux  \narticles R.7232-20 \u00e0 R.7232-22 du code du travail.\nLe pr\u00e9sent r\u00e9c\u00e9piss\u00e9 sera publi\u00e9 au Recueil des Actes Administratifs de la Pr\u00e9fecture  \ndes Bouches-du-Rh\u00f4ne.\nFait \u00e0 Marseille, le 09 juillet 2025\nPour le Pr\u00e9fet et par d\u00e9l\u00e9gation,\nPar emp\u00eachement de la Directrice \nD\u00e9partementale de l'Emploi, du Travail\n et des Solidarit\u00e9s des Bouches-du-Rh\u00f4ne\nLa Responsable du d\u00e9partement \ninsertion Professionnelle,\nSign\u00e9\nElodie CARITEY\n55 boulevard P\u00e9rier \u2013 13415 cedex 20 MARSEILLE Cedex 20 - T\u00e9l\u00e9phone : 04.91.57.96.00 \nMel : ddets-sap@bouches-du-rhone.gouv.fr\n2\nDDETS 13 - 13-2025-07-09-00002 - R\u00e9c\u00e9piss\u00e9 de d\u00e9claration au titre des Services \u00e0 la Personne au b\u00e9n\u00e9fice de Madame AUBANEL\nJanyce en qualit\u00e9 d'entrepreneure individuelle domicili\u00e9e au 8 Rue Colbert 13170 LES PENNES MIRABEAU 85\nDDETS 13\n13-2025-07-08-00008\nR\u00e9c\u00e9piss\u00e9 de d\u00e9claration au titre des Services \u00e0\nla Personne au b\u00e9n\u00e9fice de Madame JOURNES\nAlexandra en qualit\u00e9 de micro-entrepreneure\ndomicili\u00e9e au 13 rue Roger Salengro 13250\nSAINT-CHAMAS\nDDETS 13 - 13-2025-07-08-00008 - R\u00e9c\u00e9piss\u00e9 de d\u00e9claration au titre des Services \u00e0 la Personne au b\u00e9n\u00e9fice de Madame JOURNES\nAlexandra en qualit\u00e9 de micro-entrepreneure domicili\u00e9e au 13 rue Roger Salengro 13250 SAINT-CHAMAS 86\nEnPREFETDES BOUCHES-DU-RHONELibert\u00e9Egalit\u00e9Fraternit\u00e9\n \nDirection D\u00e9partementale\nde l'Emploi, du Travail\n et des Solidarit\u00e9s\ndes Bouches du Rh\u00f4ne\nP\u00f4le \u00c9conomie Emploi Entreprises\nD\u00e9partement Insertion Professionnelle\n      R\u00e9c\u00e9piss\u00e9 de d\u00e9claration n\u00b0 942007923\n                   d'un organisme de services \u00e0 la personne\n                      enregistr\u00e9 sous le N\u00b0 SAP\nVu  le  code  du  travail  et  notamment les articles  L.7231-1  \u00e0  L.7233-2,  R.7232-16  \u00e0 \nR.7232-22, D.7231-1 et D.7233-1 \u00e0 D.7233-5,\nLe pr\u00e9fet de la R\u00e9gion Provence-Alpes-C\u00f4te d'Azur  Pr\u00e9fet de la Zone de D\u00e9fense et \nde S\u00e9curit\u00e9 Sud,  Pr\u00e9fet des Bouches-du-Rh\u00f4ne,\nCONSTATE\nQu'une d\u00e9claration d'activit\u00e9s de Services \u00e0 la Personne a \u00e9t\u00e9 d\u00e9pos\u00e9e aupr\u00e8s de la  \nDirection D\u00e9partementale de l'Emploi, du Travail et des Solidarit\u00e9s des Bouches-du-\nRh\u00f4ne  le,  07  juillet  2025  par  Madame  JOURNES  Alexandra en  qualit\u00e9  de  micro-\nentrepreneure  domicili\u00e9e  au  13  rue  Roger  Salengro  13250  SAINT-CHAMAS  et  \nenregistr\u00e9  sous  le  N\u00b0  SAP942007923  pour  les  activit\u00e9s  suivantes  en  mode  \nprestataire :\n  \u2022   Soutien scolaire ou cours \u00e0 domicile\n  \u2022   Entretien de la maison et travaux m\u00e9nagers \n  \u2022   Pr\u00e9paration de repas \u00e0 domicile\n  \u2022   Collecte et livraison \u00e0 domicile de linge repass\u00e9 \n  \u2022   Livraison de courses \u00e0 domicile \n  \u2022   Assistance administrative \u00e0 domicile\n  \u2022   Conduite du v\u00e9hicule des personnes en cas d'invalidit\u00e9 temporaire \n  \u2022   Accompagnement des personnes pr\u00e9sentant une invalidit\u00e9 temporaire\n  \u2022   Assistance aux personnes ayant besoin d'une aide temporaire \u00e0 leur domicile.\n \nToute  modification  concernant  les  activit\u00e9s  exerc\u00e9es  devra  faire  l'objet  d'une  \nd\u00e9claration modificative pr\u00e9alable.\nDDETS 13 - 13-2025-07-08-00008 - R\u00e9c\u00e9piss\u00e9 de d\u00e9claration au titre des Services \u00e0 la Personne au b\u00e9n\u00e9fice de Madame JOURNES\nAlexandra en qualit\u00e9 de micro-entrepreneure domicili\u00e9e au 13 rue Roger Salengro 13250 SAINT-CHAMAS 87\nSous r\u00e9serve d'\u00eatre exerc\u00e9es \u00e0 titre exclusif au profit de particuliers, \u00e0 leur domicile  \n(ou sous r\u00e9serve d'une comptabilit\u00e9 s\u00e9par\u00e9e pour les personnes morales dispens\u00e9es  \nde cette condition), ces activit\u00e9s ouvrent droit au b\u00e9n\u00e9fice des dispositions des  \narticles L.7233-2 du code du travail et L.241-10 du code de la s\u00e9curit\u00e9 sociale dans les  \nconditions pr\u00e9vues par ces articles.\nLes effets de la d\u00e9claration courent \u00e0 compter du jour du d\u00e9p\u00f4t de la d\u00e9claration  \nsous r\u00e9serve des dispositions de  l'article R.7232-18 du code du travail.\nEn application  des articles L.7232-1 et R.7232-1 \u00e0 R.7232-15, les activit\u00e9s n\u00e9cessitant  \nun  agr\u00e9ment  (I  de  l'article  D.7231-1  du  code  du  travail)  n'ouvrent  droit  \u00e0  ces \ndispositions  que  si  la  structure  a  pr\u00e9alablement  obtenu  l'agr\u00e9ment  ou  le  \nrenouvellement  de  cet  agr\u00e9ment  dans  le  ou  les  d\u00e9partements  d'exercice  de  ses \nactivit\u00e9s.\nDe m\u00eame, en application de l'article D.312-6-2 du code de l'action sociale et des  \nfamilles, les activit\u00e9s n\u00e9cessitant une autorisation n'ouvrent droit \u00e0 ces dispositions  \nque si l'organisme a pr\u00e9alablement obtenu l'autorisation ou le renouvellement de  \ncette autorisation.\nLe pr\u00e9sent r\u00e9c\u00e9piss\u00e9 n'est pas limit\u00e9 dans le temps.  La d\u00e9claration a une port\u00e9e  \nnationale.\nL'enregistrement de la d\u00e9claration peut \u00eatre retir\u00e9 dans les conditions fix\u00e9es aux  \narticles R.7232-20 \u00e0 R.7232-22 du code du travail.\nLe pr\u00e9sent r\u00e9c\u00e9piss\u00e9 sera publi\u00e9 au Recueil des Actes Administratifs de la Pr\u00e9fecture  \ndes Bouches-du-Rh\u00f4ne.\nFait \u00e0 Marseille, le 08 juillet 2025\nPour le Pr\u00e9fet et par d\u00e9l\u00e9gation,\nPar emp\u00eachement de la Directrice \nD\u00e9partementale de l'Emploi, du Travail\n et des Solidarit\u00e9s des Bouches-du-Rh\u00f4ne\nLa Responsable du d\u00e9partement \ninsertion Professionnelle,\nSign\u00e9\nElodie CARITEY\n55 boulevard P\u00e9rier \u2013 13415 cedex 20 MARSEILLE Cedex 20 - T\u00e9l\u00e9phone : 04.91.57.96.00 \nMel : ddets-sap@bouches-du-rhone.gouv.fr\n2\nDDETS 13 - 13-2025-07-08-00008 - R\u00e9c\u00e9piss\u00e9 de d\u00e9claration au titre des Services \u00e0 la Personne au b\u00e9n\u00e9fice de Madame JOURNES\nAlexandra en qualit\u00e9 de micro-entrepreneure domicili\u00e9e au 13 rue Roger Salengro 13250 SAINT-CHAMAS 88\nDDETS 13\n13-2025-07-09-00009\nR\u00e9c\u00e9piss\u00e9 de d\u00e9claration au titre des Services \u00e0\nla Personne au b\u00e9n\u00e9fice de Madame VERCHERAT\nSandrine en qualit\u00e9 de dirigeante de la \u00ab\u00a0SASU\nSat At Home\u00a0\u00bb dont l'\u00e9tablissement principal est\nsitu\u00e9 95 avenue San Peyres 13540 AIX EN\nPROVENCE \nDDETS 13 - 13-2025-07-09-00009 - R\u00e9c\u00e9piss\u00e9 de d\u00e9claration au titre des Services \u00e0 la Personne au b\u00e9n\u00e9fice de Madame VERCHERAT\nSandrine en qualit\u00e9 de dirigeante de la \u00ab\u00a0SASU Sat At Home\u00a0\u00bb dont l'\u00e9tablissement principal est situ\u00e9 95 avenue San Peyres 13540\nAIX EN PROVENCE \n89\nEnPREFETDES BOUCHES-DU-RHONELibert\u00e9Egalit\u00e9Fraternit\u00e9\n \nDirection D\u00e9partementale\nde l'Emploi, du Travail\n et des Solidarit\u00e9s\ndes Bouches du Rh\u00f4ne\nP\u00f4le \u00c9conomie Emploi Entreprises\nD\u00e9partement Insertion Professionnelle\n      R\u00e9c\u00e9piss\u00e9 de d\u00e9claration n\u00b0 \u2026\u2026\n                   d'un organisme de services \u00e0 la personne\n                      enregistr\u00e9 sous le N\u00b0 SAP942877804\nVu  le  code  du  travail  et  notamment les articles  L.7231-1  \u00e0  L.7233-2,  R.7232-16  \u00e0 \nR.7232-22, D.7231-1 et D.7233-1 \u00e0 D.7233-5,\nLe pr\u00e9fet de la R\u00e9gion Provence-Alpes-C\u00f4te d'Azur  Pr\u00e9fet de la Zone de D\u00e9fense et \nde S\u00e9curit\u00e9 Sud,  Pr\u00e9fet des Bouches-du-Rh\u00f4ne,\nCONSTATE\nQu'une d\u00e9claration d'activit\u00e9s de Services \u00e0 la Personne a \u00e9t\u00e9 d\u00e9pos\u00e9e aupr\u00e8s de la  \nDirection D\u00e9partementale de l'Emploi, du Travail et des Solidarit\u00e9s des Bouches-du-\nRh\u00f4ne le, 09 Juillet 2025 par Madame VERCHERAT Sandrine en qualit\u00e9 de dirigeante \nde la \u00ab  SASU Sat At Home  \u00bb dont l'\u00e9tablissement principal est situ\u00e9 95 avenue San  \nPeyres 13540 AIX EN PROVENCE et enregistr\u00e9 sous le N\u00b0 SAP942877804 pour les  \nactivit\u00e9s suivantes en mode prestataire :\n  \u2022   Assistance administrative \u00e0 domicile \n \nToute  modification  concernant  les  activit\u00e9s  exerc\u00e9es  devra  faire  l'objet  d'une  \nd\u00e9claration modificative pr\u00e9alable.\nSous r\u00e9serve d'\u00eatre exerc\u00e9es \u00e0 titre exclusif au profit de particuliers, \u00e0 leur domicile  \n(ou sous r\u00e9serve d'une comptabilit\u00e9 s\u00e9par\u00e9e pour les personnes morales dispens\u00e9es  \nde cette condition), ces activit\u00e9s ouvrent droit au b\u00e9n\u00e9fice des dispositions des  \narticles L.7233-2 du code du travail et L.241-10 du code de la s\u00e9curit\u00e9 sociale dans les  \nconditions pr\u00e9vues par ces articles.\nLes effets de la d\u00e9claration courent \u00e0 compter du jour du d\u00e9p\u00f4t de la d\u00e9claration  \nsous r\u00e9serve des dispositions de  l'article R.7232-18 du code du travail.\nEn application  des articles L.7232-1 et R.7232-1 \u00e0 R.7232-15, les activit\u00e9s n\u00e9cessitant  \nun  agr\u00e9ment  (I  de  l'article  D.7231-1  du  code  du  travail)  n'ouvrent  droit  \u00e0  ces \ndispositions  que  si  la  structure  a  pr\u00e9alablement  obtenu  l'agr\u00e9ment  ou  le  \nDDETS 13 - 13-2025-07-09-00009 - R\u00e9c\u00e9piss\u00e9 de d\u00e9claration au titre des Services \u00e0 la Personne au b\u00e9n\u00e9fice de Madame VERCHERAT\nSandrine en qualit\u00e9 de dirigeante de la \u00ab\u00a0SASU Sat At Home\u00a0\u00bb dont l'\u00e9tablissement principal est situ\u00e9 95 avenue San Peyres 13540\nAIX EN PROVENCE \n90\nrenouvellement  de  cet  agr\u00e9ment  dans  le  ou  les  d\u00e9partements  d'exercice  de  ses \nactivit\u00e9s.\nDe m\u00eame, en application de l'article D.312-6-2 du code de l'action sociale et des  \nfamilles, les activit\u00e9s n\u00e9cessitant une autorisation n'ouvrent droit \u00e0 ces dispositions  \nque si l'organisme a pr\u00e9alablement obtenu l'autorisation ou le renouvellement de  \ncette autorisation.\nLe pr\u00e9sent r\u00e9c\u00e9piss\u00e9 n'est pas limit\u00e9 dans le temps.  La d\u00e9claration a une port\u00e9e  \nnationale.\nL'enregistrement de la d\u00e9claration peut \u00eatre retir\u00e9 dans les conditions fix\u00e9es aux  \narticles R.7232-20 \u00e0 R.7232-22 du code du travail.\nLe pr\u00e9sent r\u00e9c\u00e9piss\u00e9 sera publi\u00e9 au Recueil des Actes Administratifs de la Pr\u00e9fecture  \ndes Bouches-du-Rh\u00f4ne.\nFait \u00e0 Marseille, le 09 juillet 2025\nPour le Pr\u00e9fet et par d\u00e9l\u00e9gation,\nPar emp\u00eachement de la Directrice \nD\u00e9partementale de l'Emploi, du Travail\n et des Solidarit\u00e9s des Bouches-du-Rh\u00f4ne\nLa Responsable du d\u00e9partement \ninsertion Professionnelle,\nSign\u00e9\nElodie Caritey\n55 boulevard P\u00e9rier \u2013 13415 cedex 20 MARSEILLE Cedex 20 - T\u00e9l\u00e9phone : 04.91.57.96.00 \nMel : ddets-sap@bouches-du-rhone.gouv.fr\n2\nDDETS 13 - 13-2025-07-09-00009 - R\u00e9c\u00e9piss\u00e9 de d\u00e9claration au titre des Services \u00e0 la Personne au b\u00e9n\u00e9fice de Madame VERCHERAT\nSandrine en qualit\u00e9 de dirigeante de la \u00ab\u00a0SASU Sat At Home\u00a0\u00bb dont l'\u00e9tablissement principal est situ\u00e9 95 avenue San Peyres 13540\nAIX EN PROVENCE \n91\nDDETS 13\n13-2025-07-09-00004\nR\u00e9c\u00e9piss\u00e9 de d\u00e9claration au titre des Services \u00e0\nla Personne au b\u00e9n\u00e9fice de Monsieur  MARIKO\nMohamed en qualit\u00e9 de micro-entrepreneur\ndomicili\u00e9 au 178 avenue des Chutes Lavie 13013\nMARSEILLE\nDDETS 13 - 13-2025-07-09-00004 - R\u00e9c\u00e9piss\u00e9 de d\u00e9claration au titre des Services \u00e0 la Personne au b\u00e9n\u00e9fice de Monsieur  MARIKO\nMohamed en qualit\u00e9 de micro-entrepreneur domicili\u00e9 au 178 avenue des Chutes Lavie 13013 MARSEILLE 92\nEnPREFETDES BOUCHES-DU-RHONELibert\u00e9Egalit\u00e9Fraternit\u00e9\n \nDirection D\u00e9partementale\nde l'Emploi, du Travail\n et des Solidarit\u00e9s\ndes Bouches du Rh\u00f4ne\nP\u00f4le \u00c9conomie Emploi Entreprises\nD\u00e9partement Insertion Professionnelle\n      R\u00e9c\u00e9piss\u00e9 de d\u00e9claration n\u00b0 \u2026\u2026\n                   d'un organisme de services \u00e0 la personne\n                      enregistr\u00e9 sous le N\u00b0 SAP934178922\nVu  le  code  du  travail  et  notamment les articles  L.7231-1  \u00e0  L.7233-2,  R.7232-16  \u00e0 \nR.7232-22, D.7231-1 et D.7233-1 \u00e0 D.7233-5,\nLe pr\u00e9fet de la R\u00e9gion Provence-Alpes-C\u00f4te d'Azur  Pr\u00e9fet de la Zone de D\u00e9fense et \nde S\u00e9curit\u00e9 Sud,  Pr\u00e9fet des Bouches-du-Rh\u00f4ne,\nCONSTATE\nQu'une d\u00e9claration d'activit\u00e9s de Services \u00e0 la Personne a \u00e9t\u00e9 d\u00e9pos\u00e9e aupr\u00e8s de la  \nDirection D\u00e9partementale de l'Emploi, du Travail et des Solidarit\u00e9s des Bouches-du-\nRh\u00f4ne  le,  07  juillet  2025  par  Monsieur  MARIKO  Mohamed en  qualit\u00e9  de  micro-\nentrepreneur  domicili\u00e9  au  178  avenue  des  Chutes  Lavie  13013  MARSEILLE  et  \nenregistr\u00e9 sous le N\u00b0 SAP934178922 pour les activit\u00e9s suivantes en mode prestataire :\n  \u2022   Soutien scolaire ou cours \u00e0 domicile.\n \nToute  modification  concernant  les  activit\u00e9s  exerc\u00e9es  devra  faire  l'objet  d'une  \nd\u00e9claration modificative pr\u00e9alable.\nSous r\u00e9serve d'\u00eatre exerc\u00e9es \u00e0 titre exclusif au profit de particuliers, \u00e0 leur domicile  \n(ou sous r\u00e9serve d'une comptabilit\u00e9 s\u00e9par\u00e9e pour les personnes morales dispens\u00e9es  \nde cette condition), ces activit\u00e9s ouvrent droit au b\u00e9n\u00e9fice des dispositions des  \narticles L.7233-2 du code du travail et L.241-10 du code de la s\u00e9curit\u00e9 sociale dans les  \nconditions pr\u00e9vues par ces articles.\nLes effets de la d\u00e9claration courent \u00e0 compter du jour du d\u00e9p\u00f4t de la d\u00e9claration  \nsous r\u00e9serve des dispositions de  l'article R.7232-18 du code du travail.\nDDETS 13 - 13-2025-07-09-00004 - R\u00e9c\u00e9piss\u00e9 de d\u00e9claration au titre des Services \u00e0 la Personne au b\u00e9n\u00e9fice de Monsieur  MARIKO\nMohamed en qualit\u00e9 de micro-entrepreneur domicili\u00e9 au 178 avenue des Chutes Lavie 13013 MARSEILLE 93\nEn application  des articles L.7232-1 et R.7232-1 \u00e0 R.7232-15, les activit\u00e9s n\u00e9cessitant  \nun  agr\u00e9ment  (I  de  l'article  D.7231-1  du  code  du  travail)  n'ouvrent  droit  \u00e0  ces \ndispositions  que  si  la  structure  a  pr\u00e9alablement  obtenu  l'agr\u00e9ment  ou  le  \nrenouvellement  de  cet  agr\u00e9ment  dans  le  ou  les  d\u00e9partements  d'exercice  de  ses \nactivit\u00e9s.\nDe m\u00eame, en application de l'article D.312-6-2 du code de l'action sociale et des  \nfamilles, les activit\u00e9s n\u00e9cessitant une autorisation n'ouvrent droit \u00e0 ces dispositions  \nque si l'organisme a pr\u00e9alablement obtenu l'autorisation ou le renouvellement de  \ncette autorisation.\nLe pr\u00e9sent r\u00e9c\u00e9piss\u00e9 n'est pas limit\u00e9 dans le temps.  La d\u00e9claration a une port\u00e9e  \nnationale.\nL'enregistrement de la d\u00e9claration peut \u00eatre retir\u00e9 dans les conditions fix\u00e9es aux  \narticles R.7232-20 \u00e0 R.7232-22 du code du travail.\nLe pr\u00e9sent r\u00e9c\u00e9piss\u00e9 sera publi\u00e9 au Recueil des Actes Administratifs de la Pr\u00e9fecture  \ndes Bouches-du-Rh\u00f4ne.\nFait \u00e0 Marseille, le 09 juillet 2025\nPour le Pr\u00e9fet et par d\u00e9l\u00e9gation,\nPar emp\u00eachement de la Directrice \nD\u00e9partementale de l'Emploi, du Travail\n et des Solidarit\u00e9s des Bouches-du-Rh\u00f4ne\nLa Responsable du d\u00e9partement \ninsertion Professionnelle,\nSign\u00e9\nElodie CARITEY\n55 boulevard P\u00e9rier \u2013 13415 cedex 20 MARSEILLE Cedex 20 - T\u00e9l\u00e9phone : 04.91.57.96.00 \nMel : ddets-sap@bouches-du-rhone.gouv.fr\n2\nDDETS 13 - 13-2025-07-09-00004 - R\u00e9c\u00e9piss\u00e9 de d\u00e9claration au titre des Services \u00e0 la Personne au b\u00e9n\u00e9fice de Monsieur  MARIKO\nMohamed en qualit\u00e9 de micro-entrepreneur domicili\u00e9 au 178 avenue des Chutes Lavie 13013 MARSEILLE 94\nDDETS 13\n13-2025-07-08-00009\nR\u00e9c\u00e9piss\u00e9 de d\u00e9claration au titre des Services \u00e0\nla Personne au b\u00e9n\u00e9fice de Monsieur BONTON\nRapha\u00ebl en qualit\u00e9 de micro-entrepreneur\ndomicili\u00e9 au 23 rue du Professeur Marcel Arnaud\n13013 MARSEILLE \nDDETS 13 - 13-2025-07-08-00009 - R\u00e9c\u00e9piss\u00e9 de d\u00e9claration au titre des Services \u00e0 la Personne au b\u00e9n\u00e9fice de Monsieur BONTON\nRapha\u00ebl en qualit\u00e9 de micro-entrepreneur domicili\u00e9 au 23 rue du Professeur Marcel Arnaud 13013 MARSEILLE 95\nEnPREFETDES BOUCHES-DU-RHONELibert\u00e9Egalit\u00e9Fraternit\u00e9\n \nDirection D\u00e9partementale\nde l'Emploi, du Travail\n et des Solidarit\u00e9s\ndes Bouches du Rh\u00f4ne\nP\u00f4le \u00c9conomie Emploi Entreprises\nD\u00e9partement Insertion Professionnelle\n      R\u00e9c\u00e9piss\u00e9 de d\u00e9claration n\u00b0 \u2026\u2026\n                   d'un organisme de services \u00e0 la personne\n                      enregistr\u00e9 sous le N\u00b0 SAP988873121 \nVu  le  code  du  travail  et  notamment les articles  L.7231-1  \u00e0  L.7233-2,  R.7232-16  \u00e0 \nR.7232-22, D.7231-1 et D.7233-1 \u00e0 D.7233-5,\nLe pr\u00e9fet de la R\u00e9gion Provence-Alpes-C\u00f4te d'Azur  Pr\u00e9fet de la Zone de D\u00e9fense et \nde S\u00e9curit\u00e9 Sud,  Pr\u00e9fet des Bouches-du-Rh\u00f4ne,\nCONSTATE\nQu'une d\u00e9claration d'activit\u00e9s de Services \u00e0 la Personne a \u00e9t\u00e9 d\u00e9pos\u00e9e aupr\u00e8s de la  \nDirection D\u00e9partementale de l'Emploi, du Travail et des Solidarit\u00e9s des Bouches-du-\nRh\u00f4ne  le,  07  juillet  2025  par  Monsieur  BONTON  Rapha\u00ebl en  qualit\u00e9  de  micro-\nentrepreneur domicili\u00e9 au 23 rue du Professeur Marcel Arnaud 13013 MARSEILLE et  \nenregistr\u00e9 sous le N\u00b0 SAP988873121 pour les activit\u00e9s suivantes en mode prestataire :\n  \u2022   Entretien de la maison et travaux m\u00e9nagers.\n \nToute  modification  concernant  les  activit\u00e9s  exerc\u00e9es  devra  faire  l'objet  d'une  \nd\u00e9claration modificative pr\u00e9alable.\nSous r\u00e9serve d'\u00eatre exerc\u00e9es \u00e0 titre exclusif au profit de particuliers, \u00e0 leur domicile  \n(ou sous r\u00e9serve d'une comptabilit\u00e9 s\u00e9par\u00e9e pour les personnes morales dispens\u00e9es  \nde cette condition), ces activit\u00e9s ouvrent droit au b\u00e9n\u00e9fice des dispositions des  \narticles L.7233-2 du code du travail et L.241-10 du code de la s\u00e9curit\u00e9 sociale dans les  \nconditions pr\u00e9vues par ces articles.\nLes effets de la d\u00e9claration courent \u00e0 compter du jour du d\u00e9p\u00f4t de la d\u00e9claration  \nsous r\u00e9serve des dispositions de  l'article R.7232-18 du code du travail.\nDDETS 13 - 13-2025-07-08-00009 - R\u00e9c\u00e9piss\u00e9 de d\u00e9claration au titre des Services \u00e0 la Personne au b\u00e9n\u00e9fice de Monsieur BONTON\nRapha\u00ebl en qualit\u00e9 de micro-entrepreneur domicili\u00e9 au 23 rue du Professeur Marcel Arnaud 13013 MARSEILLE 96\nEn application  des articles L.7232-1 et R.7232-1 \u00e0 R.7232-15, les activit\u00e9s n\u00e9cessitant  \nun  agr\u00e9ment  (I  de  l'article  D.7231-1  du  code  du  travail)  n'ouvrent  droit  \u00e0  ces \ndispositions  que  si  la  structure  a  pr\u00e9alablement  obtenu  l'agr\u00e9ment  ou  le  \nrenouvellement  de  cet  agr\u00e9ment  dans  le  ou  les  d\u00e9partements  d'exercice  de  ses \nactivit\u00e9s.\nDe m\u00eame, en application de l'article D.312-6-2 du code de l'action sociale et des  \nfamilles, les activit\u00e9s n\u00e9cessitant une autorisation n'ouvrent droit \u00e0 ces dispositions  \nque si l'organisme a pr\u00e9alablement obtenu l'autorisation ou le renouvellement de  \ncette autorisation.\nLe pr\u00e9sent r\u00e9c\u00e9piss\u00e9 n'est pas limit\u00e9 dans le temps.  La d\u00e9claration a une port\u00e9e  \nnationale.\nL'enregistrement de la d\u00e9claration peut \u00eatre retir\u00e9 dans les conditions fix\u00e9es aux  \narticles R.7232-20 \u00e0 R.7232-22 du code du travail.\nLe pr\u00e9sent r\u00e9c\u00e9piss\u00e9 sera publi\u00e9 au Recueil des Actes Administratifs de la Pr\u00e9fecture  \ndes Bouches-du-Rh\u00f4ne.\nFait \u00e0 Marseille, le 08 juillet 2025\nPour le Pr\u00e9fet et par d\u00e9l\u00e9gation,\nPar emp\u00eachement de la Directrice \nD\u00e9partementale de l'Emploi, du Travail\n et des Solidarit\u00e9s des Bouches-du-Rh\u00f4ne\nLa Responsable du d\u00e9partement \ninsertion Professionnelle,\nSign\u00e9\nElodie CARITEY\n55 boulevard P\u00e9rier \u2013 13415 cedex 20 MARSEILLE Cedex 20 - T\u00e9l\u00e9phone : 04.91.57.96.00 \nMel : ddets-sap@bouches-du-rhone.gouv.fr\n2\nDDETS 13 - 13-2025-07-08-00009 - R\u00e9c\u00e9piss\u00e9 de d\u00e9claration au titre des Services \u00e0 la Personne au b\u00e9n\u00e9fice de Monsieur BONTON\nRapha\u00ebl en qualit\u00e9 de micro-entrepreneur domicili\u00e9 au 23 rue du Professeur Marcel Arnaud 13013 MARSEILLE 97\nDDETS 13\n13-2025-07-08-00010\nR\u00e9c\u00e9piss\u00e9 de d\u00e9claration au titre des Services \u00e0\nla Personne au b\u00e9n\u00e9fice de Monsieur\nGOCHGARIAN Bruno en qualit\u00e9 d'entrepreneur\nindividuel domicili\u00e9 au 114 avenue Fernandel\n13012 MARSEILLE \nDDETS 13 - 13-2025-07-08-00010 - R\u00e9c\u00e9piss\u00e9 de d\u00e9claration au titre des Services \u00e0 la Personne au b\u00e9n\u00e9fice de Monsieur GOCHGARIAN\nBruno en qualit\u00e9 d'entrepreneur individuel domicili\u00e9 au 114 avenue Fernandel 13012 MARSEILLE 98\nEnPREFETDES BOUCHES-DU-RHONELibert\u00e9Egalit\u00e9Fraternit\u00e9\n \nDirection D\u00e9partementale\nde l'Emploi, du Travail\n et des Solidarit\u00e9s\ndes Bouches du Rh\u00f4ne\nP\u00f4le \u00c9conomie Emploi Entreprises\nD\u00e9partement Insertion Professionnelle\n      R\u00e9c\u00e9piss\u00e9 de d\u00e9claration n\u00b0 \u2026\u2026\n                   d'un organisme de services \u00e0 la personne\n                      enregistr\u00e9 sous le N\u00b0 SAP399000421\nVu  le  code  du  travail  et  notamment les articles  L.7231-1  \u00e0  L.7233-2,  R.7232-16  \u00e0 \nR.7232-22, D.7231-1 et D.7233-1 \u00e0 D.7233-5,\nLe pr\u00e9fet de la R\u00e9gion Provence-Alpes-C\u00f4te d'Azur  Pr\u00e9fet de la Zone de D\u00e9fense et \nde S\u00e9curit\u00e9 Sud,  Pr\u00e9fet des Bouches-du-Rh\u00f4ne,\nCONSTATE\nQu'une d\u00e9claration d'activit\u00e9s de Services \u00e0 la Personne a \u00e9t\u00e9 d\u00e9pos\u00e9e aupr\u00e8s de la  \nDirection D\u00e9partementale de l'Emploi, du Travail et des Solidarit\u00e9s des Bouches-du-\nRh\u00f4ne  le,  07  juillet  2025  par  Monsieur  GOCHGARIAN  Bruno  en  qualit\u00e9  \nd'entrepreneur individuel domicili\u00e9 au 114 avenue Fernandel 13012 MARSEILLE et  \nenregistr\u00e9 sous le N\u00b0 SAP399000421 pour les activit\u00e9s suivantes en mode prestataire : \n  \u2022   Petits travaux de jardinage ;\n  \u2022   Travaux de petit bricolage.\n \nToute  modification  concernant  les  activit\u00e9s  exerc\u00e9es  devra  faire  l'objet  d'une  \nd\u00e9claration modificative pr\u00e9alable.\nSous r\u00e9serve d'\u00eatre exerc\u00e9es \u00e0 titre exclusif au profit de particuliers, \u00e0 leur domicile  \n(ou sous r\u00e9serve d'une comptabilit\u00e9 s\u00e9par\u00e9e pour les personnes morales dispens\u00e9es  \nde cette condition), ces activit\u00e9s ouvrent droit au b\u00e9n\u00e9fice des dispositions des  \narticles L.7233-2 du code du travail et L.241-10 du code de la s\u00e9curit\u00e9 sociale dans les  \nconditions pr\u00e9vues par ces articles.\nLes effets de la d\u00e9claration courent \u00e0 compter du jour du d\u00e9p\u00f4t de la d\u00e9claration  \nsous r\u00e9serve des dispositions de  l'article R.7232-18 du code du travail.\nEn application  des articles L.7232-1 et R.7232-1 \u00e0 R.7232-15, les activit\u00e9s n\u00e9cessitant  \nun  agr\u00e9ment  (I  de  l'article  D.7231-1  du  code  du  travail)  n'ouvrent  droit  \u00e0  ces \nDDETS 13 - 13-2025-07-08-00010 - R\u00e9c\u00e9piss\u00e9 de d\u00e9claration au titre des Services \u00e0 la Personne au b\u00e9n\u00e9fice de Monsieur GOCHGARIAN\nBruno en qualit\u00e9 d'entrepreneur individuel domicili\u00e9 au 114 avenue Fernandel 13012 MARSEILLE 99\ndispositions  que  si  la  structure  a  pr\u00e9alablement  obtenu  l'agr\u00e9ment  ou  le  \nrenouvellement  de  cet  agr\u00e9ment  dans  le  ou  les  d\u00e9partements  d'exercice  de  ses \nactivit\u00e9s.\nDe m\u00eame, en application de l'article D.312-6-2 du code de l'action sociale et des  \nfamilles, les activit\u00e9s n\u00e9cessitant une autorisation n'ouvrent droit \u00e0 ces dispositions  \nque si l'organisme a pr\u00e9alablement obtenu l'autorisation ou le renouvellement de  \ncette autorisation.\nLe pr\u00e9sent r\u00e9c\u00e9piss\u00e9 n'est pas limit\u00e9 dans le temps.  La d\u00e9claration a une port\u00e9e  \nnationale.\nL'enregistrement de la d\u00e9claration peut \u00eatre retir\u00e9 dans les conditions fix\u00e9es aux  \narticles R.7232-20 \u00e0 R.7232-22 du code du travail.\nLe pr\u00e9sent r\u00e9c\u00e9piss\u00e9 sera publi\u00e9 au Recueil des Actes Administratifs de la Pr\u00e9fecture  \ndes Bouches-du-Rh\u00f4ne.\nFait \u00e0 Marseille, le 08 juillet 2025\nPour le Pr\u00e9fet et par d\u00e9l\u00e9gation,\nPar emp\u00eachement de la Directrice \nD\u00e9partementale de l'Emploi, du Travail\n et des Solidarit\u00e9s des Bouches-du-Rh\u00f4ne\nLa Responsable du d\u00e9partement \ninsertion Professionnelle,\nSign\u00e9\nElodie CARITEY\n55 boulevard P\u00e9rier \u2013 13415 cedex 20 MARSEILLE Cedex 20 - T\u00e9l\u00e9phone : 04.91.57.96.00 \nMel : ddets-sap@bouches-du-rhone.gouv.fr\n2\nDDETS 13 - 13-2025-07-08-00010 - R\u00e9c\u00e9piss\u00e9 de d\u00e9claration au titre des Services \u00e0 la Personne au b\u00e9n\u00e9fice de Monsieur GOCHGARIAN\nBruno en qualit\u00e9 d'entrepreneur individuel domicili\u00e9 au 114 avenue Fernandel 13012 MARSEILLE 100\nDirection Departementale des Territoires et de\nla Mer 13\n13-2025-07-09-00003\nArr\u00eat\u00e9 portant r\u00e9glementation temporaire de la\ncirculation sur l'autoroute A52 pour permettre\nl'ex\u00e9cution de travaux de r\u00e9fection d'enrob\u00e9s de\nla voie de bus \u00e0 haut niveau de service (BHNS)\nd'Aubagne\nDirection Departementale des Territoires et de la Mer 13 - 13-2025-07-09-00003 - Arr\u00eat\u00e9 portant r\u00e9glementation temporaire de la\ncirculation sur l'autoroute A52 pour permettre l'ex\u00e9cution de travaux de r\u00e9fection d'enrob\u00e9s de la voie de bus \u00e0 haut niveau de\nservice (BHNS) d'Aubagne\n101\n|PREFETDES BOUCHES-DU-RHONELibert\u00e9Fraternit\u00e9\nArr\u00eat\u00e9 portant r\u00e9glementation temporaire de la circulation sur l'autoroute A52 pourpermettre l'ex\u00e9cution de travaux de r\u00e9fection d'enrob\u00e9s de la voie de bus \u00e0 hautniveau de service (BHNS) d'Aubagne\nLe pr\u00e9fet de la r\u00e9gion Provence-Alpes-C\u00e9te d'Azurpr\u00e9fet de la zone de d\u00e9fense et de s\u00e9curit\u00e9 sudpr\u00e9fet des Bouches-du-Rh\u00f4ne\nVu la loi n\u00b0 55.435 du 18 avril 1955 modifi\u00e9e portant statut des autoroutes ;Vu la loi n\u00b0 82.213 du 2 mars 1982 sur les droits et libert\u00e9s des communes, des d\u00e9partements et desr\u00e9gions, modifi\u00e9e ;Vu le code de la route ;Vu le code de la voirie routi\u00e8re ;Vu le d\u00e9cret du 29 novembre 1982, approuvant la convention de concession pass\u00e9e entre l'\u00c9tat et lasoci\u00e9t\u00e9 des autoroutes Est\u00e9rel, C\u00f4te d'Azur, Provence, Alpes (ESCOTA) pour la concession de laconstruction, de l'entretien et de l'exploitation des autoroutes conc\u00e9d\u00e9es et ses avenants ult\u00e9rieurs ;Vu le d\u00e9cret n\u00b0 2001-942 en date du 9 octobre 2001 modifi\u00e9, relatif au contr\u00f4le des soci\u00e9t\u00e9sconcessionnaires d'autoroutes ou d'ouvrages d'art ;Vu le d\u00e9cret n\u00b0 2004-374 du 29 avril 2004 modifi\u00e9, relatif aux pouvoirs des pr\u00e9fets, \u00e0 l'organisation et \u00e0l'action des services de l'\u00c9tat dans les r\u00e9gions et d\u00e9partements ;Vu l'arr\u00eat\u00e9 interminist\u00e9riel du 24 novembre 1967 modifi\u00e9, relatif \u00e0 la signalisation des routes etautoroutes ;Vu la note technique du 14 avril 2016, relative \u00e0 la coordination des chantiers du r\u00e9seau routier national(RRN) ;Vu le r\u00e8glement d'exploitation de la soci\u00e9t\u00e9 ESCOTA, en date du 27 juin 2023 ;Vu l'arr\u00eat\u00e9 permanent n\u00b0 13-2019-10-23-003 de chantiers courants pour les autoroutes A8, ASO, A51,A52, A501 et A520 dans leurs parties conc\u00e9d\u00e9es \u00e0 la soci\u00e9t\u00e9 ESCOTA dans le d\u00e9partement desBouches-du-Rh\u00f4ne en date du 23 octobre 2019 ;Vu le d\u00e9cret du Pr\u00e9sident de la R\u00e9publique du 3 janvier 2025 portant nomination de M. Georges-Fran\u00e7ois LECLERC en qualit\u00e9 de pr\u00e9fet de la r\u00e9gion Provence-Alpes-C\u00e9te d'Azur, pr\u00e9fet de la zone ded\u00e9fense et de s\u00e9curit\u00e9 sud, pr\u00e9fet des Bouches-du-Rh\u00f4ne ;Vu l'arr\u00eat\u00e9 n\u00b0 13-2025-01-20-00030 du 20 janvier 2025 portant d\u00e9l\u00e9gation de signature \u00e0 M. PatrickVAUTERIN, directeur d\u00e9partemental interminist\u00e9riel des territoires et de la mer des Bouches-du-Rh\u00f4ne ;\nDirection d\u00e9partementale\ndes territoires et de la mer\ndes Bouches-du-Rh\u00f4ne\n16, rue Antoine Zattara  \u2013 13332 Marseille Cedex 3\nT\u00e9l\u00e9phone : 04 91 28 40 40\nwww.bouches-du-rhone.gouv.fr\nDirection Departementale des Territoires et de la Mer 13 - 13-2025-07-09-00003 - Arr\u00eat\u00e9 portant r\u00e9glementation temporaire de la\ncirculation sur l'autoroute A52 pour permettre l'ex\u00e9cution de travaux de r\u00e9fection d'enrob\u00e9s de la voie de bus \u00e0 haut niveau de\nservice (BHNS) d'Aubagne\n102\nVu l'arr\u00eat\u00e9 n\u00b0 13-2025-07-03-00003 du 3 juillet 2025 portant d\u00e9l\u00e9gation de signature aux agents de ladirection d\u00e9partementale des territoires et de la mer des Bouches-du-Rh\u00f4ne ;Consid\u00e9rant la demande de la soci\u00e9t\u00e9 ESCOTA en date du 27 juin 2025;Consid\u00e9rant l'avis de la direction g\u00e9n\u00e9rale des infrastructures, des transports et des mobilit\u00e9s en datedu 02 juillet 2025 ;Consid\u00e9rant l'avis du conseil d\u00e9partemental des Bouches-du-Rh\u00f4ne en date du 30 juin 2025 ;Consid\u00e9rant qu'il importe d'assurer la s\u00e9curit\u00e9 des usagers de l'autoroute ainsi que celle des agents dela soci\u00e9t\u00e9 ESCOTA, et du personnel des entreprises charg\u00e9es d'effectuer les travaux, il y a lieu der\u00e9glementer temporairement la circulation durant l'ex\u00e9cution des travaux r\u00e9fection d'enrob\u00e9s du BHNSd'Aubagne sur l'autoroute A52 la semaine 31/2025.Sur proposition de monsieur le directeur d\u00e9partemental des territoires et de la mer des Bouches-du-Rh\u00f4ne,\nARR\u00caTE\nArticle premier :En raison de la r\u00e9alisation de travaux de r\u00e9fection d'enrob\u00e9s du BHNS d'Aubagne :La m\u00e9tropole d'Aix-Marseille-Provence r\u00e9alise des travaux de r\u00e9fection d'enrob\u00e9s \u00e0 proximit\u00e9 de labretelle de sortie et d'acc\u00e8s \u00e0 l'autoroute A52 au niveau du diffuseur n\u00b0 35 Aubagne dans le sens decirculation Aix-en-Provence vers Toulon. Ces travaux n\u00e9cessitant de restreindre la circulation, serontr\u00e9alis\u00e9s de nuit, afin d'en r\u00e9duire la g\u00eane et les risques.Pendant ces travaux, qui s'\u00e9tendront sur la p\u00e9riode du 28 juillet 2025 au 01 ao\u00fbt 2025, semaine 31/2025,la circulation de tous les v\u00e9hicules s'effectue comme suit :\nSemaine 31 (28 juillet au 01 ao\u00fbt) :Diffuseur n\u00b0 35 Aubagne PR 23.600 : la bretelle de sortie et la bretelle d'entr\u00e9e, dans le sens Aix-en-Provence-Toulon, sur l'autoroute A52 sont ferm\u00e9es les nuits du lundi 28 juillet au 31 juillet de21h00 \u00e0 05h30.\nArticle 2 : Calendrier des travaux et itin\u00e9raires de d\u00e9viationLes travaux se d\u00e9roulent \u00e0 raison de 4 nuits par semaine, du lundi soir au vendredi matin, hors joursf\u00e9ri\u00e9s et jours hors chantier :De 21h00 \u00e0 05h30 du matin pour les travaux pr\u00e9vus dans le sens Aix-en-Provence vers Toulonau niveau du diffuseur n\u00b0 35 Aubagne (au PR 23.600).\n\u2022\n\u2022\n16, rue Antoine Zattara  \u2013 13332 Marseille Cedex 3\nT\u00e9l\u00e9phone : 04 91 28 40 40\nwww.bouches-du-rhone.gouv.fr\nDirection Departementale des Territoires et de la Mer 13 - 13-2025-07-09-00003 - Arr\u00eat\u00e9 portant r\u00e9glementation temporaire de la\ncirculation sur l'autoroute A52 pour permettre l'ex\u00e9cution de travaux de r\u00e9fection d'enrob\u00e9s de la voie de bus \u00e0 haut niveau de\nservice (BHNS) d'Aubagne\n103\nBRETELLE DE SORTIE N\u00b0 35 \u00ab AUBAGNE \u00bbFermeture de la bretelle de sortie n\u00b0 35 \u00ab AUBAGNE NORD \u00bb de l'autoroute A52Du 28 juillet au 01 ao\u00fbt (21h00/ 05h00)Itin\u00e9raires de d\u00e9viationLes usagers en provenance d'Aix-en-Provence doivent emprunter la sortie conseill\u00e9e du diffuseur n\u00b0 34G\u00e9menos PR 20.800, puis suivre la D43C en direction d'Aubagne afin de rejoindre le diffuseur n\u00b0 35Aubagne PR 23.600.\nDe 21h00 \u00e0 05h30 du matin pour les travaux pr\u00e9vus dans le sens Aix-en-Provence vers Toulon auniveau du diffuseur n\u00b0 35 Aubagne (au PR 23.600).BRETELLE D'ACC\u00c8S N\u00b0 35 \u00ab AUBAGNE \u00bbFermeture de la bretelle d'acc\u00e8s \u00e0 l'autoroute A52Du 28 juillet au 01 ao\u00fbt (21h00/ 05h00)Itin\u00e9raires de d\u00e9viationLes v\u00e9hicules d\u00e9sirant entrer sur l'autoroute A52 par l'interm\u00e9diaire du diffuseur n\u00b0 35 Aubagne NordPR 23.600 empruntent la D43C en direction de La Ciotat, puis la D8N afin de rejoindre le diffuseurn\u00b0 35 Aubagne Sud PR 24.900 pour reprendre l'autoroute A52.\nArticle 3 : Mode d'exploitationL'interdistance, de jour comme de nuit, avec tout chantier n\u00e9cessaire \u00e0 l'entretien de l'autoroute A52est ramen\u00e9e \u00e0 z\u00e9ro km pendant la dur\u00e9e de ces travaux.\nArticle 4 : Information et planning pr\u00e9visionnelUne information concernant l'avancement des travaux ainsi que le planning pr\u00e9visionnel de fermeturesde bretelles est transmise chaque fin de semaine, le vendredi au plus tard avant 9h00, aux destinatairessuivants :la radio Vinci Autoroutes (107.7) ;la pr\u00e9fecture des Bouches-du-Rh\u00f4ne ;le conseil d\u00e9partemental des Bouches-du-Rh\u00f4ne ;la cellule de crise de la DDTM des Bouches-du-Rh\u00f4ne.\nArticle 5 : Suivi des signalisations et s\u00e9curit\u00e9Les signalisations correspondant aux prescriptions du pr\u00e9sent arr\u00eat\u00e9 sont conformes \u00e0 la 8 partie del'instruction interminist\u00e9rielle sur la signalisation routi\u00e8re relative \u00e0 la signalisation temporaire (IISR).Elles sont mises en place, entretenues et surveill\u00e9es par les services de l'exploitation de la soci\u00e9t\u00e9ESCOTA pendant toute la p\u00e9riode des travaux.Les usagers sont inform\u00e9s des travaux par l'affichage de messages sur panneau \u00e0 messages variables(PMV) sur les autoroutes A5250 - A52 et la diffusion de messages via radio Vinci Autoroutes (107.7).\n\u2022\n\u2022\u2022\u2022\u2022\n\u1d49\n16, rue Antoine Zattara  \u2013 13332 Marseille Cedex 3\nT\u00e9l\u00e9phone : 04 91 28 40 40\nwww.bouches-du-rhone.gouv.fr\nDirection Departementale des Territoires et de la Mer 13 - 13-2025-07-09-00003 - Arr\u00eat\u00e9 portant r\u00e9glementation temporaire de la\ncirculation sur l'autoroute A52 pour permettre l'ex\u00e9cution de travaux de r\u00e9fection d'enrob\u00e9s de la voie de bus \u00e0 haut niveau de\nservice (BHNS) d'Aubagne\n104\nArticle 6 : RecoursLe pr\u00e9sent arr\u00eat\u00e9 peut faire l'objet d'un recours contentieux devant le tribunal administratif deMarseille dans un d\u00e9lai de deux mois \u00e0 compter de sa publication au recueil des actes administratifs dela pr\u00e9fecture des Bouches-du-Rh\u00f4ne.La juridiction administrative comp\u00e9tente peut aussi \u00eatre saisie par l'application T\u00e9l\u00e9recours citoyenaccessible \u00e0 partir du site web www.telerecours.fr.\nArticle 7 : DiffusionLe pr\u00e9sent arr\u00eat\u00e9 est adress\u00e9 aux destinataires suivants :le secr\u00e9taire g\u00e9n\u00e9ral de la pr\u00e9fecture des Bouches-du-Rh\u00f4ne ;le directeur d\u00e9partemental des territoires et de la mer des Bouches-du-Rh\u00f4ne ;la pr\u00e9sidente du conseil d\u00e9partemental des Bouches-du-Rh\u00f4ne ;le directeur de la soci\u00e9t\u00e9 des autoroutes Est\u00e9rel, C\u00f4te d'Azur, Provence, Alpes ;le directeur interd\u00e9partemental de la police nationale des Bouches-du-Rh\u00f4ne ;le colonel commandant du groupement de gendarmerie des Bouches-du-Rh\u00f4ne ;le commandant du peloton autoroutier de gendarmerie d'Aubagne ;le maire de la commune d'Aubagne.Charg\u00e9s chacun en ce qui le concerne, d'en assurer l'ex\u00e9cution, ainsi que pour information \u00e0 ladirection interd\u00e9partementale des routes M\u00e9diterran\u00e9e (DIR de zone sud).\n\u2022\u2022\u2022\u2022\u2022\u2022\u2022\n\u2022\nMarseille, le 9 juillet 2025\nPour le pr\u00e9fet et par d\u00e9l\u00e9gation,\nle chef de p\u00f4le gestion de crise, transports\nAnne-Ga\u00eblle COUSSEAU\n16, rue Antoine Zattara  \u2013 13332 Marseille Cedex 3\nT\u00e9l\u00e9phone : 04 91 28 40 40\nwww.bouches-du-rhone.gouv.fr\nSign\u00e9\nDirection Departementale des Territoires et de la Mer 13 - 13-2025-07-09-00003 - Arr\u00eat\u00e9 portant r\u00e9glementation temporaire de la\ncirculation sur l'autoroute A52 pour permettre l'ex\u00e9cution de travaux de r\u00e9fection d'enrob\u00e9s de la voie de bus \u00e0 haut niveau de\nservice (BHNS) d'Aubagne\n105\nDirection g\u00e9n\u00e9rale des finances publiques\n13-2025-07-08-00011\nD\u00e9l\u00e9gation de signature de la Paierie\nd\u00e9partementale\nDirection g\u00e9n\u00e9rale des finances publiques - 13-2025-07-08-00011 - D\u00e9l\u00e9gation de signature de la Paierie d\u00e9partementale 106\nExREPUBLIQUEFRAN\u00c7AISELibert\u00e9Egalit\u00e9Fraternit\u00e9\nTFINANCES PUBLIQUES\nDIRECTION GENERALE DES FINANCES PUBLIQUES\nDIRECTION REGIONALE DES FINANCES PUBLIQUES \nDE PROVENCE-ALPES-COTE D'AZUR \nET DU DEPARTEMENT DES BOUCHES-DU-RHONE\nPAIERIE DEPARTEMENTALE DES BOUCHES DU RHONE\nD\u00e9l\u00e9gation de signature\nJe soussign\u00e9e, Christine MAZIERE, Administratrice des Finances publiques adjointe, Payeuse D\u00e9partementale \ndes Bouches-du-Rh\u00f4ne.\nVu le d\u00e9cret n\u00b0 2008-310 du 3 avril 2008 relatif \u00e0 la direction g\u00e9n\u00e9rale des Finances publiques ;\nVu le d\u00e9cret n\u00b0 2009-707 du 16 juin 2009 relatif aux services d\u00e9concentr\u00e9s de la direction g\u00e9n\u00e9rale des\nFinances publiques ;\nVu le d\u00e9cret n\u00b0 2012-1246 du 7 novembre 2012 relatif \u00e0 la gestion budg\u00e9taire et comptable publique\nVu l'arr\u00eat\u00e9 minist\u00e9riel du 26 octobre 2021 portant ajustement de p\u00e9rim\u00e8tre des services d\u00e9concentr\u00e9s de la\ndirection g\u00e9n\u00e9rale des finances publiques publi\u00e9 au Journal officiel n\u00b0 253 du 29 octobre 2021\nD\u00e9cide de donner d\u00e9l\u00e9gation g\u00e9n\u00e9rale \u00e0 :\nMme Sandra TORCHIO, Inspectrice divisionnaire des Finances publiques, \nMme Laurence RASTELLO, Inspectrice des Finances publiques, \nM. David BAUDET,  Inspecteur des Finances Publiques,\nD\u00e9cide de leur donner pouvoir :\n\u2022 de g\u00e9rer et administrer, pour moi et en mon nom, la  Paierie D\u00e9partementale des Bouches-du-Rh\u00f4ne ;\n\u2022 d'op\u00e9rer les recettes et les d\u00e9penses relatives \u00e0 tous les services, sans exception, de recevoir et de\npayer toutes sommes qui sont ou pourraient \u00eatre l\u00e9gitimement dues, \u00e0 quelque titre que ce soit, par\ntous contribuables, d\u00e9biteurs ou cr\u00e9anciers des divers services dont la gestion lui est confi\u00e9e, d'exercer\ntoutes poursuites, d'acquitter  tous mandats,  et d'exiger la remise des titres, quittances et pi\u00e8ces\njustificatives prescrites par les r\u00e8glements, de donner ou retirer quittance valable de toutes sommes\nre\u00e7ues ou pay\u00e9es, de signer r\u00e9c\u00e9piss\u00e9s, quittances et d\u00e9charges, de fournir tous \u00e9tats de situation et\ntoutes autres pi\u00e8ces demand\u00e9es par l'Administration ; \n\u2022 d'effectuer les d\u00e9clarations de cr\u00e9ances, de signer les bordereaux de d\u00e9claration de cr\u00e9ances et d'agir\nen justice.\nIls re\u00e7oivent mandat de me suppl\u00e9er dans l'exercice de mes fonctions et de signer, seuls ou concurremment\navec moi, tous les actes relatifs \u00e0 ma gestion et aux affaires qui s'y rattachent.\nEn cas d'absence de Mmes Sandra TORCHIO et Laurence RASTELLO, de M David BAUDET :\n- Mme M\u00e9lanie LAMBERT, Contr\u00f4leur des Finances Publiques\n- M.  Florent LOPEZ  Contr\u00f4leur des Finances Publiques,\n- M. Hanny KERMADI, Contr\u00f4leur des Finances publiques\nre\u00e7oivent les m\u00eames pouvoirs \u00e0 condition de n'en faire usage qu'en cas d'emp\u00eachement de ma part ou des\npersonnes ci-dessus sans toutefois que le non-emp\u00eachement soit opposable aux tiers.\nDirection g\u00e9n\u00e9rale des finances publiques - 13-2025-07-08-00011 - D\u00e9l\u00e9gation de signature de la Paierie d\u00e9partementale 107\nLe pr\u00e9sent arr\u00eat\u00e9 sera publi\u00e9 au Recueil des Actes Administratifs du d\u00e9partement des Bouches-du-Rh\u00f4ne.\nA MARSEILLE, le 8 juillet 2025\nLa Comptable, responsable de la Paierie \nD\u00e9partementale des Bouches-du-Rh\u00f4ne.\nsign\u00e9e\nChristine MAZIERE\nDirection g\u00e9n\u00e9rale des finances publiques - 13-2025-07-08-00011 - D\u00e9l\u00e9gation de signature de la Paierie d\u00e9partementale 108\nDirection g\u00e9n\u00e9rale des finances publiques\n13-2025-07-04-00021\nD\u00e9l\u00e9gation de signature du SIE Istres\nDirection g\u00e9n\u00e9rale des finances publiques - 13-2025-07-04-00021 - D\u00e9l\u00e9gation de signature du SIE Istres 109\nREPUBLIQUEFRANCAISELibert\u00e9Egalit\u00e9Fraternit\u00e9\niFINANCES PUBLIQUES\nDIRECTION GENERALE DES FINANCES PUBLIQUES\nDIRECTION REGIONALE DES FINANCES PUBLIQUES \nDE PROVENCE-ALPES-COTE D'AZUR \nET DU DEPARTEMENT DES BOUCHES-DU-RHONE\nSERVICE DES IMPOTS DES ENTREPRISES D'ISTRES\nD\u00e9l\u00e9gation de signature\nLe  comptable  des  Finances  publiques,  Fabrice  SEVERIN,  inspecteur  divisionnaire  des  Finances  publiques,\nresponsable du service des imp\u00f4ts des entreprises d'Istres\nVu le code g\u00e9n\u00e9ral des imp\u00f4ts, et notamment l'article 408 de son annexe II et les articles 212 \u00e0 217 de son an -\nnexe IV ;\nVu le livre des proc\u00e9dures fiscales, et notamment les articles L. 247 , L. 257 A et R*247-4 et suivants ;\nVu le d\u00e9cret n\u00b0 2008-310 du 3 avril 2008 relatif \u00e0 la direction g\u00e9n\u00e9rale des Finances publiques ;\nVu le d\u00e9cret n\u00b0 2009-707 du 16 juin 2009 relatif aux services d\u00e9concentr\u00e9s de la direction g\u00e9n\u00e9rale des Finances\npubliques ;\nVu le d\u00e9cret n\u00b0 2012-1246 du 7 novembre 2012 relatif \u00e0 la gestion budg\u00e9taire et comptable publique, et notam-\nment son article 16 ;\nVu l'arr\u00eat\u00e9 minist\u00e9riel du 10 novembre 2022 portant ajustement de p\u00e9rim\u00e8tre des services d\u00e9concentr\u00e9s de la\ndirection g\u00e9n\u00e9rale des Finances publiques publi\u00e9 au Journal officiel n\u00b0 264 du 15 novembre 2022.\nArr\u00eate :\nArticle 1er\nD\u00e9l\u00e9gation  de  signature  est  donn\u00e9e  \u00e0  Thierry  PURSEIGLE  et  Bouchra  RAHIM,  inspecteurs  des  Finances\npubliques, adjoints au responsable du service des imp\u00f4ts des entreprises d'Istres, \u00e0 l'effet de signer :\n1\u00b0) en mati\u00e8re de contentieux fiscal d'assiette, les d\u00e9cisions d'admission totale, d'admission partielle ou de\nrejet, de d\u00e9gr\u00e8vement ou restitution d'office, dans la limite de 60 000 \u20ac ;\n2\u00b0) en mati\u00e8re de gracieux fiscal, les d\u00e9cisions portant remise, mod\u00e9ration, transaction ou rejet dans la limite\nde 60 000 \u20ac ;\n3\u00b0)  les  d\u00e9cisions  sur  les  demandes  de  plafonnement  en  fonction  de  la  valeur  ajout\u00e9e  de  contribution\n\u00e9conomique territoriale, sans limite de montant pour les entreprises dont tous les \u00e9tablissements sont situ\u00e9s\ndans le ressort du service ;\n4\u00b0) les d\u00e9cisions sur les demandes de remboursement de cr\u00e9dit de taxe sur la valeur ajout\u00e9e, dans la limite de\n100 000 \u20ac par demande ;\n5\u00b0) les demandes sur les remboursements de cr\u00e9dit d'imp\u00f4t en faveur de la recherche et de cr\u00e9dit d'imp\u00f4t\ninnovation dans la limite de 100 000 \u20ac ;\n6\u00b0)  les  documents  n\u00e9cessaires  \u00e0  l'ex\u00e9cution  comptable  des  d\u00e9cisions  contentieuses  et  gracieuses  sans\nlimitation de montant ;\n7\u00b0) les avis de mise en recouvrement et les mises en demeure de payer ;\n8\u00b0) au nom et sous la responsabilit\u00e9 du comptable des Finances publiques soussign\u00e9,\na)  l'ensemble  des  actes  relatifs  au  recouvrement,  et  notamment  les  actes  de  poursuites  et  les\nDirection g\u00e9n\u00e9rale des finances publiques - 13-2025-07-04-00021 - D\u00e9l\u00e9gation de signature du SIE Istres 110\nd\u00e9clarations de cr\u00e9ances ainsi que pour ester en justice ;\nb) les d\u00e9cisions gracieuses relatives aux p\u00e9nalit\u00e9s de recouvrement, aux int\u00e9r\u00eats moratoires et aux frais\nde poursuite portant remise, mod\u00e9ration ou rejet dans la limite de 60 000 \u20ac ;\nc) les d\u00e9cisions d'annulation relatives aux p\u00e9nalit\u00e9s et aux frais de poursuite dans la limite de 60 000 \u20ac ;\nd) tous actes d'administration et de gestion du service.\nArticle 2\nD\u00e9l\u00e9gation de signature est donn\u00e9e \u00e0 l'effet de signer :\n1\u00b0) en mati\u00e8re de contentieux fiscal d'assiette, les d\u00e9cisions d'admission totale, d'admission partielle ou de\nrejet, de d\u00e9gr\u00e8vement ou restitution d'office dans la limite de 10 000 \u20ac ;\n2\u00b0) en mati\u00e8re de gracieux fiscal, les d\u00e9cisions portant remise, mod\u00e9ration ou rejet dans la limite de 5 000 \u20ac ;\n3\u00b0) les d\u00e9cisions gracieuses relatives aux p\u00e9nalit\u00e9s de recouvrement, aux int\u00e9r\u00eats moratoires et aux frais de\npoursuite portant remise, mod\u00e9ration ou rejet dans la limite de 5 000 \u20ac ;\n4\u00b0) les d\u00e9cisions d'annulation relatives aux p\u00e9nalit\u00e9s et aux frais de poursuite dans la limite de 5 000 \u20ac ;\n5\u00b0) les avis de mise en recouvrement et les mises en demeure de payer ;\n6\u00b0) l'ensemble des actes relatifs au recouvrement, et notamment les actes de poursuites et les d\u00e9clarations de\ncr\u00e9ances  aux contr\u00f4leurs des Finances publiques d\u00e9sign\u00e9s ci-apr\u00e8s :\nALTEIRAC Fabrice\nBARLOT Marie-H\u00e9l\u00e8ne\nBENKRID Far\u00e8s\nDE LA ROCHETTE V\u00e9ronique\nGABBAI Philippe\nMOSA Virginie\nNEUMER Myriam\nREYNAUD Agn\u00e8s\nROUGERON Sandrine\nTHALY Thierry\nVALADE Armelle\nContr\u00f4leur des Finances publiques\nContr\u00f4leuse des Finances publiques\nContr\u00f4leur principal des Finances publiques\nContr\u00f4leuse principale des Finances publiques\nContr\u00f4leur des Finances publiques\nContr\u00f4leuse principale des Finances publiques\nContr\u00f4leuse des Finances publiques\nContr\u00f4leuse des Finances publiques\nContr\u00f4leuse principale des Finances publiques\nContr\u00f4leur des Finances publiques\nContr\u00f4leuse principale des Finances publiques\nArticle 3\nD\u00e9l\u00e9gation de signature est donn\u00e9e \u00e0 l'effet de signer :\n1\u00b0) en mati\u00e8re de contentieux fiscal d'assiette, les d\u00e9cisions d'admission totale, d'admission partielle ou de\nrejet, de d\u00e9gr\u00e8vement ou restitution d'office dans la limite de 2 000 \u20ac ;\n2\u00b0) en mati\u00e8re de gracieux fiscal, les d\u00e9cisions portant remise, mod\u00e9ration ou rejet dans la limite de 2 000 \u20ac ;\n3\u00b0) les avis de mise en recouvrement et les mises en demeure de payer ;\n4\u00b0) l'ensemble des actes relatifs au recouvrement, et notamment les actes de poursuites et les d\u00e9clarations de\ncr\u00e9ances  aux agents des Finances publiques ci-apr\u00e8s :\nEL RHOURHA Karima\nFRAYARD L\u00e6titia\nPILLOTE Nathalie\nTARTRY Rose\nAgente administrative principale des Finances publiques\nAgente administrative principale des Finances publiques\nAgente administrative principale des Finances publiques\nAgente administrative principale des Finances publiques\nArticle 4\nAu nom et sous la responsabilit\u00e9 du comptable des Finances publiques soussign\u00e9, d\u00e9l\u00e9gation de signature est\ndonn\u00e9e \u00e0 l'effet de signer les d\u00e9cisions relatives aux demandes de d\u00e9lai de paiement dans les limites de dur\u00e9e\net de montant indiqu\u00e9es dans le tableau ci-dessous :\n2/3\nDirection g\u00e9n\u00e9rale des finances publiques - 13-2025-07-04-00021 - D\u00e9l\u00e9gation de signature du SIE Istres 111\nNom pr\u00e9nom Grade Dur\u00e9e maximale de d\u00e9lai Somme maximale pour laquelle\nun d\u00e9lai peut \u00eatre accord\u00e9\nVALADE Armelle Contr\u00f4leuse principale des\nFinances publiques 6 mois 30 000 \u20ac\nDE LA ROCHETTE V\u00e9ronique Contr\u00f4leuse principale des\nFinances publiques 6 mois 6 000 \u20ac\nNEUMER Myriam Contr\u00f4leuse des Finances\npubliques 6 mois 6 000 \u20ac\nPILLOTE Nathalie Agente principale des\nFinances publiques 6 mois 1 000 \u20ac\nLe pr\u00e9sent arr\u00eat\u00e9 prendra effet au 1 er septembre 2025 et sera publi\u00e9 au Recueil des Actes Administratifs du\nd\u00e9partement des Bouches-du-Rh\u00f4ne.\nA Istres, le vendredi 4 juillet 2025\nLe comptable des Finances publiques\nResponsable du service des imp\u00f4ts des entreprises d'Istres\n         sign\u00e9\nFabrice SEVERIN\n3/3\nDirection g\u00e9n\u00e9rale des finances publiques - 13-2025-07-04-00021 - D\u00e9l\u00e9gation de signature du SIE Istres 112\nPr\u00e9fecture de police des Bouches-du-Rh\u00f4ne\n13-2025-07-09-00007\nArr\u00eat\u00e9 autorisant la captation et la transmission \nd'images au moyen de cam\u00e9ras install\u00e9es sur des\na\u00e9ronefs\nPr\u00e9fecture de police des Bouches-du-Rh\u00f4ne - 13-2025-07-09-00007 - Arr\u00eat\u00e9 autorisant la captation et la transmission \nd'images au moyen de cam\u00e9ras install\u00e9es sur des a\u00e9ronefs 113\nPREFECTURE DE POLICEDES BOUCHES-DU-RHONELibert\u00e9Egalit\u00e9Fraternit\u00e9\n \n     \n \n \n \n \n \n \n \nArr\u00eat\u00e9 autorisant la captation et la transmission  \nd'images au moyen de cam\u00e9ras install\u00e9es sur des a\u00e9ronefs \n \nLe pr\u00e9fet de police des Bouches-du-Rh\u00f4ne \n \nVu  le code de la s\u00e9curit\u00e9 int\u00e9rieure et notamment ses articles L. 242-1 \u00e0 L. 242-8 et R.  242-8 \u00e0 R. 242-\n14  ; \n \nVu  l'article L. 122-1 du code de la s\u00e9curit\u00e9 int\u00e9rieure  ; \n \nVu  le d\u00e9cret n\u00b0 2004-374 du 29 avril 2004 relatif aux  pouvoirs des pr\u00e9fets, \u00e0 l'organisation et \u00e0 \nl'action des services de l'\u00c9tat dans les r\u00e9gions et d\u00e9partements ; \n \nVu  le d\u00e9cret n\u00b0 2014-134 du 17 f\u00e9vrier 2014 relatif \u00e0  l'organisation des services de l'\u00c9tat dans le \nd\u00e9partement des Bouches-du-Rh\u00f4ne et aux attributions du pr\u00e9fet de police des Bouches-du-Rh\u00f4ne  ; \n \nVU le d\u00e9cret du pr\u00e9sident de la R\u00e9publique du 12 mars 2025 portant nomination M. Georges- \nFran\u00e7ois LECLERC, pr\u00e9fet de la r\u00e9gion Provence-Alpes-C\u00f4te d'Azur, pr\u00e9fet de la zone de d\u00e9fense et \nde s\u00e9curit\u00e9 Sud, pr\u00e9fet des Bouches-du-Rh\u00f4ne, en outre pr\u00e9fet de police des Bouches-du-Rh\u00f4ne  ; \n \nVu  l'arr\u00eat\u00e9 en date du 31 mars 2025 donnant d\u00e9l\u00e9gatio n de signature \u00e0 M. Yannis BOUZAR, sous-\npr\u00e9fet, directeur de cabinet adjoint du pr\u00e9fet de police des Bouches-du-Rh\u00f4ne  ; \n \nVu  l'arr\u00eat\u00e9 du ministre de l'Int\u00e9rieur et des outre-m er, en date du 19 avril 2023 relatif au nombre \nmaximal de cam\u00e9ras install\u00e9es sur des a\u00e9ronefs pouv ant \u00eatre simultan\u00e9ment utilis\u00e9es dans chaque \nd\u00e9partement et collectivit\u00e9 d'outre-mer  ; \n \nVu  la demande en date du 2 juillet 2025, form\u00e9e par l a Direction Interd \u00e9partementale de la Police \nNationale des Bouches-du-Rh\u00f4ne , visant \u00e0 obtenir l'autorisation de capter et de t ransmettre des \nimages au moyen d'une cam\u00e9ra install\u00e9e sur des a\u00e9ronefs sans \u00e9quipage \u00e0 bord aux fins d'assurer la \npr\u00e9vention des atteintes \u00e0 la s\u00e9curit\u00e9 des personnes et des biens, le lundi 14 juillet 2025  ; \n \nConsid\u00e9rant  que les dispositions susvis\u00e9es permettent aux forc es de s\u00e9curit\u00e9 int\u00e9rieure, dans \nl'exercice de leurs missions de pr\u00e9vention des atte intes \u00e0 l'ordre public et de protection de la \ns\u00e9curit\u00e9 des personnes et des biens, de proc\u00e9der \u00e0 la captation, \u00e0 l'enregistrement et \u00e0 la \ntransmission d'images au moyen de cam\u00e9ras install\u00e9e s sur des a\u00e9ronefs aux fins d'assurer la \ns\u00e9curit\u00e9 des personnes et des biens  ; que notamment, le 1\u00b0 de l'article L. 242-5 susvis \u00e9 pr\u00e9voit que \nces dispositifs peuvent \u00eatre mis en \u0153uvre aux fins de pr\u00e9venir les atteintes \u00e0 la s\u00e9curit\u00e9 des \npersonnes et des biens dans des lieux particuli\u00e8rem ent expos\u00e9s, en raison de leurs caract\u00e9ristiques \nou des faits qui s'y sont d\u00e9j\u00e0 d\u00e9roul\u00e9s, \u00e0 des risq ues d'agression, de vols ou de trafics d'armes, \nd'\u00eatres humains ou de stup\u00e9fiants ainsi que la prot ection des b\u00e2timents et installations publics et \npriv\u00e9s et de leurs abords imm\u00e9diats, lorsqu'ils son t particuli\u00e8rement expos\u00e9s \u00e0 des risques \nd'intrusion ou de d\u00e9gradation  ; \n \nConsid\u00e9rant  que le niveau \u00e9lev\u00e9 de la menace terroriste mobili se fortement, dans le cadre du plan \nVigipirate port\u00e9 au niveau \u00ab  Urgence attentat  \u00bb depuis le 24 mars 2024 sur le territoire national , les \nforces de s\u00e9curit\u00e9 int\u00e9rieure afin d'assurer la s\u00e9c urisation g\u00e9n\u00e9rale du d\u00e9partement des Bouches-\ndu-Rh\u00f4ne et que, d\u00e8s lors, elles ne sauraient \u00eatre distraites de cette mission prioritaire ; \n \nConsid\u00e9rant  qu'\u00e0 l'instar de la Saint-Sylvestre, les festivit\u00e9 s du 14 juillet sont souvent le th\u00e9\u00e2tre de \nviolences urbaines dans les cit\u00e9s de Marseille se t raduisant notamment par des affrontements avec \nles forces de l'ordre  ; \n \nPr\u00e9fecture de police des Bouches-du-Rh\u00f4ne - 13-2025-07-09-00007 - Arr\u00eat\u00e9 autorisant la captation et la transmission \nd'images au moyen de cam\u00e9ras install\u00e9es sur des a\u00e9ronefs 114\n \nConsid\u00e9rant  que l'intervention des fonctionnaires de police da ns ces cit\u00e9s est tr\u00e8s souvent rendue \ndifficile du fait de l'hostilit\u00e9 des jeunes \u00e0 la pr \u00e9sence des forces de l'ordre au sein du quartier  ; que \nl'emploi d'un drone permettra de disposer d'une vis ion en grand angle au regard de la \nconfiguration des lieux ainsi que de r\u00e9aliser une i nspection des points hauts d'o\u00f9 proviennent \nr\u00e9guli\u00e8rement des jets de projectiles sur les force s de l'ordre ; que le recours aux dispositifs de \ncaptation install\u00e9s sur des a\u00e9ronefs est n\u00e9cessaire  et adapt\u00e9  ; qu'il n'existe pas de dispositif moins \nintrusif permettant de parvenir aux m\u00eame fins  ; \n \nConsid\u00e9rant  que la demande porte sur l'engagement d'une cam\u00e9ra  a\u00e9roport\u00e9e sur une p\u00e9riode de \nun jour et sur une amplitude horaire comprise entre  18h00 et 23h59  ; que les lieux surveill\u00e9s sont \nstrictement limit\u00e9s aux p\u00e9rim\u00e8tres concern\u00e9s par le s risques de violences urbaines, \u00e0 savoir les \nsecteurs des cit\u00e9s Air Bel, La soude, La Cayolle, S aint-Thys et Saint-Loup  ; qu'au regard des \ncirconstances susmentionn\u00e9es, la demande n'appara\u00eet pas disproportionn\u00e9e  ; \n \nConsid\u00e9rant  que le recours \u00e0 la captation et la transmission d 'images fera l'objet d'une information \npar plusieurs moyens adapt\u00e9s  ; \n \nSur proposition  du directeur de cabinet \n adjoint du pr\u00e9fet de police des Bouches-du-Rh\u00f4ne  ; \n \nARR\u00caTE  \n \nArticle 1  : La captation et la transmission d'images par la Dir ection Interd\u00e9partementale de la Police \nNationale des Bouches-du-Rh\u00f4ne, au moyen de cam\u00e9ras  install\u00e9es sur des a\u00e9ronefs, est autoris\u00e9e le \nlundi 14 juillet 2025 de 18h00 \u00e0 23h59.  \n \nArticle 2  : Le nombre maximal de cam\u00e9ras pouvant proc\u00e9der simu ltan\u00e9ment aux traitements \nmentionn\u00e9s \u00e0 l'article 1 er  est fix\u00e9 \u00e0 un drone \u00ab  DJI mod\u00e8le MAVIC dotation police nationale  \u00bb dot\u00e9 \nd'une cam\u00e9ra. \n \nArticle \n3 : La pr\u00e9sente autorisation est limit\u00e9e aux p\u00e9rim\u00e8tres  suivants, situ\u00e9s sur la commune de \nMarseille (9 \u00e8me , 10 \u00e8me  et 11 \u00e8me  arrondissement)  : \n \n- secteur de la cit\u00e9 Air-Bel \u00e0 Marseille 11 \n\u00e8me  compris entre le chemin de la Parette, l'avenue Je an \nLombard, l'avenue de la Grognarde, le boulevard Ber thier et la traverse des Fa\u00efenciers.  \n- secteur des cit\u00e9s la Soude \u00e0 Marseille 9\u00e8me, Cayo lle compris entre la rue \u00c9mile Zola, le chemin \nde Morgiou, l'avenue Colgate, le chemin de Sormiou,  le chemin du Roy d'Espagne et le chemin \ndu Lancier.  \n-  secteur des cit\u00e9s Saint Thys, Saint Loup \u00e0 Marse ille 10 \u00e8me  compris entre le boulevard de Saint \nLoup, l'avenue Ell\u00e9on, le chemin de la Valbarelle, la traverse des Pionniers, la rue Pierre Doize, la \ntraverse Chanteperdrix.  \n \nArticle 4  : L'information du public est assur\u00e9e par la publica tion du pr\u00e9sent arr\u00eat\u00e9 au recueil des \nactes administratifs des services de l'\u00c9tat dans le s Bouches-du-Rh\u00f4ne et par une information sur les \nr\u00e9seaux sociaux.  \n \nArticle 5\n: Le pr\u00e9sent arr\u00eat\u00e9 peut faire l'objet d'un recours contentieux aupr\u00e8s du tribunal \nadministratif de Marseille, sis 31 Rue Jean Fran\u00e7oi s Leca, 13002 MARSEILLE, dans un d\u00e9lai de \ndeux mois \u00e0 compter de sa publication ou au moyen d e l'application \u00ab  T\u00e9l\u00e9recours citoyen  \u00bb \n(https://www.telerecours.fr).  \n \nArticle 6 \n: Le directeur de cabinet adjoint du pr\u00e9fet de police  des Bouches-du-Rh\u00f4ne et  le directeur \ninter d\u00e9partemental de la police nationale des Bouches-du -Rh\u00f4ne, sont charg\u00e9s, chacun en ce qui le \nconcerne, de l'ex\u00e9cution du pr\u00e9sent arr\u00eat\u00e9 qui sera  publi\u00e9 au recueil des actes administratifs des \nservices de l'\u00c9tat dans les Bouches-du-Rh\u00f4ne.  \n      \n     \nMarseille, le 09 juillet 2025  \nP/ Le pr\u00e9fet de police des Bouches-du-Rh\u00f4ne,  \nLe directeur de cabinet adjoint  \nSign\u00e9  \n \nPr\u00e9fecture de police des Bouches-du-Rh\u00f4ne - 13-2025-07-09-00007 - Arr\u00eat\u00e9 autorisant la captation et la transmission \nd'images au moyen de cam\u00e9ras install\u00e9es sur des a\u00e9ronefs 115\nPr\u00e9fecture de police des Bouches-du-Rh\u00f4ne\n13-2025-07-09-00008\nArr\u00eat\u00e9 autorisant la captation et la transmission \nd'images au moyen de cam\u00e9ras install\u00e9es sur des\na\u00e9ronefs\nPr\u00e9fecture de police des Bouches-du-Rh\u00f4ne - 13-2025-07-09-00008 - Arr\u00eat\u00e9 autorisant la captation et la transmission \nd'images au moyen de cam\u00e9ras install\u00e9es sur des a\u00e9ronefs 116\nPREFECTURE DE POLICEDES BOUCHES-DU-RHONELibert\u00e9Egalit\u00e9Fraternit\u00e9\n \n     \n \n \n \n \n \n \n \nArr\u00eat\u00e9 autorisant la captation et la transmission  \nd'images au moyen de cam\u00e9ras install\u00e9es sur des a\u00e9ronefs \n \nLe pr\u00e9fet de police des Bouches-du-Rh\u00f4ne \n \n \nVu  le code de la s\u00e9curit\u00e9 int\u00e9rieure et notamment ses articles L. 242-1 \u00e0 L. 242-8 et R.  242-8 \u00e0 R. 242-\n14  ; \n \nVu  l'article L. 122-1 du code de la s\u00e9curit\u00e9 int\u00e9rieure  ; \n \nVu  le d\u00e9cret n\u00b0 2004-374 du 29 avril 2004 relatif aux  pouvoirs des pr\u00e9fets, \u00e0 l'organisation et \u00e0 \nl'action des services de l'\u00c9tat dans les r\u00e9gions et d\u00e9partements ; \n \nVu  le d\u00e9cret n\u00b0 2014-134 du 17 f\u00e9vrier 2014 relatif \u00e0  l'organisation des services de l'\u00c9tat dans le \nd\u00e9partement des Bouches-du-Rh\u00f4ne et aux attributions du pr\u00e9fet de police des Bouches-du-Rh\u00f4ne  ; \n \nVU le d\u00e9cret du pr\u00e9sident de la R\u00e9publique du 12 mars 2025 portant nomination M. Georges- \nFran\u00e7ois LECLERC, pr\u00e9fet de la r\u00e9gion Provence-Alpes-C\u00f4te d'Azur, pr\u00e9fet de la zone de d\u00e9fense et \nde s\u00e9curit\u00e9 Sud, pr\u00e9fet des Bouches-du-Rh\u00f4ne, en outre pr\u00e9fet de police des Bouches-du-Rh\u00f4ne  ; \n \nVu  l'arr\u00eat\u00e9 en date du 31 mars 2025 donnant d\u00e9l\u00e9gatio n de signature \u00e0 M. Yannis BOUZAR, sous-\npr\u00e9fet, directeur de cabinet adjoint du pr\u00e9fet de police des Bouches-du-Rh\u00f4ne  ; \n \nVu  l'arr\u00eat\u00e9 du ministre de l'Int\u00e9rieur et des outre-m er, en date du 19 avril 2023 relatif au nombre \nmaximal de cam\u00e9ras install\u00e9es sur des a\u00e9ronefs pouv ant \u00eatre simultan\u00e9ment utilis\u00e9es dans chaque \nd\u00e9partement et collectivit\u00e9 d'outre-mer  ; \n \nVu  la demande form\u00e9e par la direction interd\u00e9partemen tale de la police nationale des Bouches-du-\nRh\u00f4ne en date du 2 juillet 2025, visant \u00e0 obtenir l 'autorisation de capter et transmettre des images \nau moyen d'une cam\u00e9ra install\u00e9e sur un a\u00e9ronef sans  \u00e9quipage \u00e0 bord, aux fins de s\u00e9curiser des \nrassemblements de personnes sur la voie publique ou dans des lieux ouverts au public ; \n \nConsid\u00e9rant  que se tiendra, le lundi 14 juillet 2025, le feu d'artifice sur le secteur du Vieux-Port  ; qu'\u00e0 \ncette occasion, un nombre tr\u00e8s important de spectateurs sera pr\u00e9sent  ; que, dans le contexte actuel \nde menace tr\u00e8s \u00e9lev\u00e9e, cet \u00e9v\u00e8nement est susceptibl e de constituer une cible privil\u00e9gi\u00e9e et \nsymbolique pour des actes de nature terroriste  ; \n \nConsid\u00e9rant  que les dispositions des articles L. 242-1 et suiv ants du code de la s\u00e9curit\u00e9 int\u00e9rieure \npermettent aux forces de s\u00e9curit\u00e9 int\u00e9rieure, dans l'exercice de leurs missions de pr\u00e9vention des \natteintes \u00e0 l'ordre public et de protection de la s \u00e9curit\u00e9 des personnes et des biens, de proc\u00e9der \u00e0 \nla captation, \u00e0 l'enregistrement et \u00e0 la transmissi on d'images au moyen de cam\u00e9ras install\u00e9es sur \ndes a\u00e9ronefs ; que le 2\u00b0 de l'article L. 242-5 susv is\u00e9 pr\u00e9voit que ces dispositifs peuvent \u00eatre mis en  \n\u0153uvre au titre de la s\u00e9curit\u00e9 des rassemblements de  personnes sur la voie publique ou dans des \nlieux ouverts au public ainsi que l'appui des perso nnels au sol, en vue de leur permettre de \nmaintenir ou de r\u00e9tablir l'ordre public, lorsque ce s rassemblements sont susceptibles d'entra\u00eener \ndes troubles graves \u00e0 l'ordre public  \n \nConsid\u00e9rant que le niveau \u00e9lev\u00e9 de la menace terroriste mobilis e fortement, dans le cadre du plan \nVigipirate port\u00e9 au niveau \u00ab  Urgence attentat  \u00bb depuis le 24 mars 2024 sur le territoire national , les \nforces de s\u00e9curit\u00e9 int\u00e9rieure afin d'assurer la s\u00e9curisation g\u00e9n\u00e9rale du d\u00e9partement des Bouches-du-\nRh\u00f4ne et que, d\u00e8s lors, elles ne sauraient \u00eatre distraites de cette mission prioritaire ; \n \nPr\u00e9fecture de police des Bouches-du-Rh\u00f4ne - 13-2025-07-09-00008 - Arr\u00eat\u00e9 autorisant la captation et la transmission \nd'images au moyen de cam\u00e9ras install\u00e9es sur des a\u00e9ronefs 117\n \nConsid\u00e9rant que le recours \u00e0 des cam\u00e9ras a\u00e9roport\u00e9es permet ain si de disposer d'une vision en \ngrand angle tout en limitant l'engagement des force s au sol  ; qu'il n'existe pas dispositif moins \nintrusif permettant de parvenir aux m\u00eame fins  ; \n \nConsid\u00e9rant  que la dur\u00e9e de l'engagement d'une cam\u00e9ra a\u00e9roport \u00e9e est limit\u00e9e \u00e0 la p\u00e9riode durant \nlaquelle les rassemblements seront les plus importa nts ; que les lieux surveill\u00e9s par ce moyen sont \nstrictement limit\u00e9s aux p\u00e9rim\u00e8tres susceptibles d'\u00ea tre concern\u00e9s par des rassemblements ; qu'au \nregard des circonstances susmentionn\u00e9es, la demande n'appara\u00eet pas disproportionn\u00e9e  ;  \n \nConsid\u00e9rant  que le recours \u00e0 la captation, l'enregistrement et  la transmission d'images fera l'objet \nd'une information par plusieurs moyens adapt\u00e9s  ; \n \nSur proposition  du directeur de cabinet adjoint du pr\u00e9fet de police  ; \n \nArr\u00eate  : \n \nArticle 1  : La captation et la transmission d'images par la dir ection d\u00e9partementale de la s\u00e9curit\u00e9 \npublique des Bouches-du-Rh\u00f4ne, au moyen de cam\u00e9ras install\u00e9es sur des a\u00e9ronefs, est autoris\u00e9e le \nlundi 14 juillet 2025 de 18h00 \u00e0 23h59.  \n \nArticle 2  : Le nombre maximal de cam\u00e9ras pouvant proc\u00e9der simu ltan\u00e9ment aux traitements \nmentionn\u00e9s \u00e0 l'article 1 er  est fix\u00e9 de la mani\u00e8re suivante  : \n\u2022 une cam\u00e9ra install\u00e9e   sur le drone \u00ab DJI  mod\u00e8le MAVIC dotation police nationale  \u00bb \n \nArticle 3 : La pr\u00e9sente autorisation est d\u00e9livr\u00e9e sur le terri toire de la commune de Marseille (1 er  \net 2 \u00e8me  arrondissement), sur le p\u00e9rim\u00e8tre suivant  : \n \nQuai du port \u2013 avenue de Saint-Jean \u2013 rue de la Log e \u2013 rue Caisserie \u2013 Grand rue \u2013 rue de la \nR\u00e9publique \u2013 quai des Belges \u2013 quai de la Fraternit \u00e9 \u2013 Canebi\u00e8re  \n \nArticle 4  : La pr\u00e9sente autorisation est d\u00e9livr\u00e9e pour le lundi 14 juillet 2025 de 18h00 \u00e0 23h59.  \n  \nArticle 5  : L'information du public est assur\u00e9e par la publica tion du pr\u00e9sent arr\u00eat\u00e9 au recueil des \nactes administratifs des services de l'\u00c9tat dans le s Bouches-du-Rh\u00f4ne et par une information sur les \nr\u00e9seaux sociaux.  \n \nArticle 6\n: Le pr\u00e9sent arr\u00eat\u00e9 peut faire l'objet d'un recours contentieux aupr\u00e8s du tribunal \nadministratif de Marseille, sis 31 Rue Jean Fran\u00e7oi s Leca, 13002 MARSEILLE, dans un d\u00e9lai de \ndeux mois \u00e0 compter de sa publication ou au moyen d e l'application \u00ab  T\u00e9l\u00e9recours citoyen  \u00bb \n(https://www.telerecours.fr).  \n \nArticle 7  \n: Le directeur de cabinet adjoint du pr\u00e9fet de police  des Bouches-du-Rh\u00f4ne et  le directeur \ninter d\u00e9partemental de la police nationale, sont charg\u00e9s,  chacun en ce qui le concerne, de \nl'ex\u00e9cution du pr\u00e9sent arr\u00eat\u00e9.  \n \n \n Marseille, le 09 juillet 2025  \nP/ Le pr\u00e9fet de police des Bouches-du-Rh\u00f4ne,  \nLe directeur de cabinet adjoint  \n \nSign\u00e9  \n \n \nPr\u00e9fecture de police des Bouches-du-Rh\u00f4ne - 13-2025-07-09-00008 - Arr\u00eat\u00e9 autorisant la captation et la transmission \nd'images au moyen de cam\u00e9ras install\u00e9es sur des a\u00e9ronefs 118\nPr\u00e9fecture des Bouches-du-Rhone\n13-2025-07-09-00001\nArr\u00eat\u00e9 du 09 juillet 2025 portant renouvellement\nde l'habilitation de la soci\u00e9t\u00e9 TR OPTIMA\nCONSEIL pour \u00e9tablir le certificat de conformit\u00e9\nmentionn\u00e9e au 1er alin\u00e9a de l'article L.752-23 du\ncode de commerce\nPr\u00e9fecture des Bouches-du-Rhone - 13-2025-07-09-00001 - Arr\u00eat\u00e9 du 09 juillet 2025 portant renouvellement de l'habilitation de la\nsoci\u00e9t\u00e9 TR OPTIMA CONSEIL pour \u00e9tablir le certificat de conformit\u00e9 mentionn\u00e9e au 1er alin\u00e9a de l'article L.752-23 du code de\ncommerce\n119\nPREFETDES BOUCHES-DU-RHONELibert\u00e9Egalit\u00e9Fraternit\u00e9\nDirection de la Citoyennet\u00e9\nde la L\u00e9galit\u00e9 et de l'Environnement\nMission d'Appui Transversal\nArr\u00eat\u00e9 du 09 juillet 2025\nportant renouvellement de l'habilitation\nde la soci\u00e9t\u00e9 TR OPTIMA CONSEIL pour \u00e9tablir le certificat de conformit\u00e9\nmentionn\u00e9e au 1er alin\u00e9a de l'article L.752-23 du code de commerce\nLe Pr\u00e9fet de la r\u00e9gion Provence-Alpes-C\u00f4te d'Azur\nPr\u00e9fet de la zone de d\u00e9fense et de s\u00e9curit\u00e9 Sud\nPr\u00e9fet des Bouches-du-Rh\u00f4ne\nVu le code de commerce, notamment ses articles  L.752-23, R.752-44-2 et suivants,  \net A.752-2 ;\nVu le d\u00e9cret du 03 janvier 2025 portant nomination de monsieur Georges-Fran\u00e7ois  \nLECLERC en qualit\u00e9 de pr\u00e9fet de la r\u00e9gion Provence-Alpes-C\u00f4te d'Azur, pr\u00e9fet de la  \nzone de d\u00e9fense et s\u00e9curit\u00e9 Sud, pr\u00e9fet des Bouches-du-Rh\u00f4ne, en outre pr\u00e9fet de \npolice des Bouches-du-Rh\u00f4ne ;\nVu le d\u00e9cret du 12 mars 2025 portant nomination de monsieur Georges-Fran\u00e7ois  \nLECLERC en qualit\u00e9 de pr\u00e9fet de la r\u00e9gion Provence-Alpes-C\u00f4te d'Azur, pr\u00e9fet de la  \nzone de d\u00e9fense et de s\u00e9curit\u00e9 Sud, pr\u00e9fet des Bouches-du-Rh\u00f4ne, en outre pr\u00e9fet  \nde police des Bouches-du-Rh\u00f4ne ;\nVu l'arr\u00eat\u00e9 n\u00b013-2025-02-17-00002 du 17 f\u00e9vrier 2025 portant d\u00e9l\u00e9gation de signature  \n\u00e0 monsieur Fr\u00e9d\u00e9ric POISOT, sous-pr\u00e9fet, secr\u00e9taire g\u00e9n\u00e9ral de la pr\u00e9fecture des  \nBouches-du-Rh\u00f4ne ;\nVu l'arr\u00eat\u00e9 du ministre de l'\u00e9conomie et des finances du 28 juin 2019 fixant le contenu  \ndu  formulaire  de  demande  d'habilitation  pour  \u00e9tablir  le  certificat  de  conformit\u00e9  \nmentionn\u00e9 au 1er alin\u00e9a de l'article L.752-23 du code de commerce ;\nVu la demande du 13 mai 2025 formul\u00e9e par la soci\u00e9t\u00e9 TR OPTIMA CONSEIL sise au \n4, place du beau verger - 44120 Vertou , repr\u00e9sent\u00e9e par madame \u00c9lise TELEGA en sa \nqualit\u00e9 de g\u00e9rante ;\nVu l'ensemble des pi\u00e8ces annex\u00e9es \u00e0 cette demande ;\nSur la proposition du secr\u00e9taire g\u00e9n\u00e9ral de la pr\u00e9fecture des Bouches-du-Rh\u00f4ne ;\nARR\u00caTE\nArticle 1 : la soci\u00e9t\u00e9 TR OPTIMA CONSEIL sise 4, place du beau verger - 44120 Vertou, \nrepr\u00e9sent\u00e9e par  madame \u00c9lise TELEGA , est habilit\u00e9e pour \u00e9tablir le certificat de  \nconformit\u00e9 mentionn\u00e9 au 1er alin\u00e9a de l'article L.752-23 du code de commerce.\n1/2\nPlace F\u00e9lix Baret - CS 80001  \u2013 13282 Marseille Cedex 06\nT\u00e9l\u00e9phone : 04.84.35.40.00 \nwww.bouches-du-rhone.gouv.fr\nPr\u00e9fecture des Bouches-du-Rhone - 13-2025-07-09-00001 - Arr\u00eat\u00e9 du 09 juillet 2025 portant renouvellement de l'habilitation de la\nsoci\u00e9t\u00e9 TR OPTIMA CONSEIL pour \u00e9tablir le certificat de conformit\u00e9 mentionn\u00e9e au 1er alin\u00e9a de l'article L.752-23 du code de\ncommerce\n120\nArticle  2  :  les  personnes  affect\u00e9es  \u00e0  l'activit\u00e9,  faisant  l'objet  de  la  demande  \nd'habilitation, sont les suivantes :\n- madame Manon GAUDIOT ;\n- madame Aur\u00e9lie GOUBIN.\nArticle 3 : le num\u00e9ro d'habilitation est le 25/13/CC05.\nArticle 4 : l'habilitation est accord\u00e9e pour une dur\u00e9e de cinq (5) ans \u00e0 compter de la  \ndate  du  pr\u00e9sent  arr\u00eat\u00e9,  sans  renouvellement  tacite  possible.  Elle  est  valable  sur  \nl'ensemble du territoire du d\u00e9partement des Bouches-du-Rh\u00f4ne.\nArticle 5 : la demande de renouvellement de l'habilitation devra \u00eatre pr\u00e9sent\u00e9e trois  \n(3) mois avant sa date d'expiration.\nArticle 6 : l'habilitation peut \u00eatre suspendue ou retir\u00e9e si l'organisme ne remplit plus  \nles  conditions  d'obtention,  de  mise  \u00e0  jour  ou  d'exercice  mentionn\u00e9es  par  les  \ndispositions de l'article R.752-44-2 du code de commerce.\nArticle 7 : l e pr\u00e9sent arr\u00eat\u00e9 peut \u00eatre contest\u00e9 dans les deux (2) mois suivants sa  \nnotification :\n- soit par voie de recours gracieux form\u00e9 aupr\u00e8s de monsieur le pr\u00e9fet de la r\u00e9gion  \nProvence-Alpes-C\u00f4te d'Azur, pr\u00e9fet du d\u00e9partement des Bouches-du-Rh\u00f4ne ;\n- soit  par  voie  de  recours  hi\u00e9rarchique  form\u00e9  aupr\u00e8s  du  secr\u00e9tariat  de  la  \ncommission  nationale  de  l'am\u00e9nagement  commercial  (CNAC)  \u2013  bureau  de  \nl'am\u00e9nagement  commercial  \u2013  direction  g\u00e9n\u00e9rale  des  entreprises  (DGE)  \u2013  \nminist\u00e8re de l'\u00e9conomie et des finances \u2013 61, boulevard Auriol - 75703 Paris cedex  \n13 ;\n- soit par voie de  recours contentieux  d\u00e9pos\u00e9 devant le tribunal administratif de  \nMarseille, 22-24, rue Breteuil - 13281 Marseille cedex 06 , ainsi que par saisine via  \nl'application \"T\u00e9l\u00e9recours citoyen\" accessible sur le site www.telerecours.fr.\nArticle 8 : monsieur le secr\u00e9taire g\u00e9n\u00e9ral de la pr\u00e9fecture des Bouches-du-Rh\u00f4ne est  \ncharg\u00e9  de  l'ex\u00e9cution  du  pr\u00e9sent  arr\u00eat\u00e9,  qui  sera  publi\u00e9  au  recueil  des  actes  \nadministratifs de l'\u00c9tat et notifi\u00e9 \u00e0 madame \u00c9lise TELEGA.\nFait \u00e0 Marseille, le 09 juillet 2025\nPour le pr\u00e9fet\net par d\u00e9l\u00e9gation\nle secr\u00e9taire g\u00e9n\u00e9ral\nsign\u00e9\nFr\u00e9d\u00e9ric POISOT\nPlace F\u00e9lix Baret - CS 80001  \u2013 13282 Marseille Cedex 06\nT\u00e9l\u00e9phone : 04.84.35.40.00 \nwww.bouches-du-rhone.gouv.fr 2/2\nPr\u00e9fecture des Bouches-du-Rhone - 13-2025-07-09-00001 - Arr\u00eat\u00e9 du 09 juillet 2025 portant renouvellement de l'habilitation de la\nsoci\u00e9t\u00e9 TR OPTIMA CONSEIL pour \u00e9tablir le certificat de conformit\u00e9 mentionn\u00e9e au 1er alin\u00e9a de l'article L.752-23 du code de\ncommerce\n121\nPr\u00e9fecture des Bouches-du-Rhone\n13-2025-07-08-00007\nArr\u00eat\u00e9 autorisant la ville d'Allauch \u00e0 organiser un\nspectacle a\u00e9rien public d'a\u00e9romod\u00e9lisme (SAPA)\n\u00e9voluant sous autorisation d'exploiter\nle 14 juillet 2025 (sans r\u00e9p\u00e9tition)\nchemin de garlaban (GPS 43.20.14.968N - \n5.29.9,165E), \u00e0 Allauch (13190)\nPr\u00e9fecture des Bouches-du-Rhone - 13-2025-07-08-00007 - Arr\u00eat\u00e9 autorisant la ville d'Allauch \u00e0 organiser un spectacle a\u00e9rien public\nd'a\u00e9romod\u00e9lisme (SAPA) \u00e9voluant sous autorisation d'exploiter\nle 14 juillet 2025 (sans r\u00e9p\u00e9tition)\nchemin de garlaban (GPS 43.20.14.968N -  5.29.9,165E), \u00e0 Allauch (13190)\n122\nPREFETDES BOUCHES-DU-RHONELibert\u00e9\u00c9galit\u00e9Fraternit\u00e9\nDirection de la s\u00e9curit\u00e9 :\n police administrative et r\u00e9glementation\nBureau des polices administratives\nen mati\u00e8re de s\u00e9curit\u00e9\nArr\u00eat\u00e9 autorisant la ville d'Allauch \u00e0 organiser un spectacle a\u00e9rien public d'a\u00e9romod\u00e9lisme \n(SAPA) \u00e9voluant sous autorisation d'exploiter\nle 14 juillet 2025 (sans r\u00e9p\u00e9tition)\nchemin de garlaban (GPS 43.20.14.968N -  5.29.9,165E), \u00e0 Allauch (13190)\nLe pr\u00e9fet de la r\u00e9gion Provence-Alpes-C\u00f4te d'Azur\nPr\u00e9fet de la zone de d\u00e9fense et de s\u00e9curit\u00e9 sud\nPr\u00e9fet des Bouches-du-Rh\u00f4ne\nPr\u00e9fet de police des Bouches-du-Rh\u00f4ne\nVu le code de l'aviation civile notamment son article R. 131-3 ;\nVu le code de la s\u00e9curit\u00e9 int\u00e9rieure notamment son article L. 211-11 ; \nVu le code des transports ;\nVu le code de la d\u00e9fense ;\nVu le d\u00e9cret n\u00b0 2004-374 du 29 avril 2004 modifi\u00e9 relatif aux pouvoirs des pr\u00e9fets, \u00e0  \nl'organisation et \u00e0 l'action des services de l'\u00c9tat dans les r\u00e9gions et d\u00e9partements ;\nVu le d\u00e9cret du pr\u00e9sident de la R\u00e9publique du 12 mars 2025 portant nomination de  \nmonsieur Georges-Fran\u00e7ois LECLERC en qualit\u00e9 de pr\u00e9fet de la r\u00e9gion Provence-Alpes-C\u00f4te  \nd'Azur, pr\u00e9fet de la zone de d\u00e9fense et de s\u00e9curit\u00e9 Sud, pr\u00e9fet des Bouches-du-Rh\u00f4ne, en  \noutre pr\u00e9fet de police des Bouches-du-Rh\u00f4ne ;\nVu l'arr\u00eat\u00e9 interminist\u00e9riel du 3 d\u00e9cembre 2020 relatif \u00e0 l'utilisation de l'espace a\u00e9rien  \npar les a\u00e9ronefs t\u00e9l\u00e9-pilot\u00e9s sans personne \u00e0 bord ;\nVu  l'arr\u00eat\u00e9  minist\u00e9riel  du  10  novembre  2021  modifi\u00e9  relatif  aux  manifestations  \na\u00e9riennes ;\nVu la demande d'autorisation de spectacle a\u00e9rien public d'a\u00e9romod\u00e9lisme (SAPA) sous  \nautorisation d'exploitation pr\u00e9sent\u00e9e le 27 mai 2025 par monsieur DE CALA Lionel, maire  \nd'Allauch, en sa qualit\u00e9 d'organisateur ;\nVu l'autorisation d'exploitation en cat\u00e9gorie sp\u00e9cifique n\u00b0FRA-OAT-2025PETR013/000  \nd\u00e9livr\u00e9e  le  02  juillet  2025  par  la  direction  g\u00e9n\u00e9rale  de  l'aviation  civile  (DSAC  FRANCE)  \u00e0  \nl'exploitant la soci\u00e9t\u00e9 PETRA, en sa qualit\u00e9 de prestataire du show ;\nPlace F\u00e9lix Baret \u2013 CS 80001 \u2013 13282 Marseille cedex 06\nTel 04.84.35.40.00\nhttp://www.bouches-du-rhone.gouv.fr\n1\nPr\u00e9fecture des Bouches-du-Rhone - 13-2025-07-08-00007 - Arr\u00eat\u00e9 autorisant la ville d'Allauch \u00e0 organiser un spectacle a\u00e9rien public\nd'a\u00e9romod\u00e9lisme (SAPA) \u00e9voluant sous autorisation d'exploiter\nle 14 juillet 2025 (sans r\u00e9p\u00e9tition)\nchemin de garlaban (GPS 43.20.14.968N -  5.29.9,165E), \u00e0 Allauch (13190)\n123\nVu l'arr\u00eat\u00e9 n\u00b0 876 du maire d'Allauch en date du 13 juin 2025 autorisant la soci\u00e9t\u00e9 PETRA \n\u00e0 proc\u00e9der au spectacle de drones, le 14 juillet 2025 ;\nVu l'attestation d'assurance en responsabilit\u00e9 civile d\u00e9livr\u00e9e par BEAC le 05 juin 2025 \u00e0  \nl'organisateur, la ville d'Allauch ;\nVu l'attestation d'assurance d\u00e9livr\u00e9e par Air Courtage Assurances le 30 avril 2025 \u00e0 la  \nsoci\u00e9t\u00e9 PETRA ;\nVu  l'avis  technique  pour  la  d\u00e9rogation  vol  de  nuit  d\u00e9livr\u00e9  le  1 er juillet  2025  par  la  \ndirection g\u00e9n\u00e9rale de l'aviation civile (DSAC FRANCE) \u00e0 l'exploitant la soci\u00e9t\u00e9 PETRA ;\nVu l'avis du directeur de la sous-direction r\u00e9gionale de la circulation a\u00e9rienne militaire  \nsud ;\nVu  l'avis  du  directeur  Interd\u00e9partemental  de  la  police  nationale  (service  \ninterd\u00e9partemental de la s\u00e9curit\u00e9 publique) ;\nVu l'avis du directeur d\u00e9partemental d'incendie et de secours des Bouches-du-Rh\u00f4ne ;\nSur proposition du secr\u00e9taire g\u00e9n\u00e9ral de la pr\u00e9fecture des Bouches-du-Rh\u00f4ne.\nArr\u00eate :\nArticle  1er :  Monsieur  DE  CALA  Lionel,  maire  d'Allauch  est  autoris\u00e9,  sous  sa  responsabilit\u00e9 \nexclusive, \u00e0 organiser, le 14 juillet 2025 de 20h00 \u00e0 23h59 (sans r\u00e9p\u00e9tition), un spectacle a\u00e9rien  \npublic d'a\u00e9romod\u00e9lisme (SAPA) sous autorisation d'exploiter, r\u00e9alis\u00e9 par la soci\u00e9t\u00e9 PETRA, et  \nconsistant en un show de 200 drones en essaim, au chemin de garlaban (GPS 43.20.14.968N -  \n5.29.9,165E), sise \u00e0 Allauch 13190 (cf plan annex\u00e9 1).\nArticle 2 : Le ou les t\u00e9l\u00e9-pilotes sont tenus de se conformer aux dispositions de l'arr\u00eat\u00e9 du 10  \nnovembre 2021 modifi\u00e9 relatif aux manifestations a\u00e9riennes. Les documents du t\u00e9l\u00e9-pilote et  \ndes a\u00e9ronefs doivent \u00eatre conformes \u00e0 la r\u00e9glementation en vigueur et en cours de validit\u00e9.\nPour la manifestation envisag\u00e9e, les a\u00e9ronefs doivent respecter les proc\u00e9dures et distances  \nd\u00e9crites au dossier en ad\u00e9quation avec les prescriptions de cet arr\u00eat\u00e9.\nArticle 3 : La pr\u00e9sentation est pr\u00e9vue le 14 juillet 2025 entre 20h00 et 23h59, heures locales,  \nsous r\u00e9serve que la zone d'\u00e9volution soit vide de tous tiers. \nLa soci\u00e9t\u00e9 PETRA doit respecter les conditions indiqu\u00e9es dans la d\u00e9claration de non pr\u00e9sence  \nde tiers pour le survol de drones, produite le 26 mai 2025.\nDurant les p\u00e9riodes d'utilisation des drones, les personnes en charge de la surveillance du site  \net des op\u00e9rations doivent \u00eatre \u00e0 leur poste.\nPlace F\u00e9lix Baret \u2013 CS 80001 \u2013 13282 Marseille cedex 06\nTel 04.84.35.40.00\nhttp://www.bouches-du-rhone.gouv.fr\n2\nPr\u00e9fecture des Bouches-du-Rhone - 13-2025-07-08-00007 - Arr\u00eat\u00e9 autorisant la ville d'Allauch \u00e0 organiser un spectacle a\u00e9rien public\nd'a\u00e9romod\u00e9lisme (SAPA) \u00e9voluant sous autorisation d'exploiter\nle 14 juillet 2025 (sans r\u00e9p\u00e9tition)\nchemin de garlaban (GPS 43.20.14.968N -  5.29.9,165E), \u00e0 Allauch (13190)\n124\nArticle 4  : La conformit\u00e9 des exigences de s\u00e9curit\u00e9 de cette manifestation est assur\u00e9e gr\u00e2ce  \naux  conditions  techniques  et  op\u00e9rationnelles  et  des  fiches  actions  associ\u00e9es  fournies  \u00e0  \nl'\u00e9chelon  central  de  la  DSAC  et  ayant  permis  d'obtenir  l'autorisation  d'exploitation  en  \ncat\u00e9gorie sp\u00e9cifique (n\u00b0FRA-OAT-2025PETR013/000 d\u00e9livr\u00e9e le 02 juillet 2025) (en annexe 2)  \nhors sc\u00e9narios standards et de nuit pour l'op\u00e9ration envisag\u00e9e, en d\u00e9rogation de l'arr\u00eat\u00e9 du 03  \nd\u00e9cembre 2020 relatif \u00e0 la d\u00e9finition des standard nationaux.\nLa soci\u00e9t\u00e9 PETRA doit par ailleurs respecter les prescriptions \u00e9mises dans l'autorisation de  \nd\u00e9rogation vol de nuit, d\u00e9livr\u00e9e par le pr\u00e9fet des Bouches-du-Rh\u00f4ne.\nArticle 5 : Toute activit\u00e9 d'enseignement est interdite durant la manifestation a\u00e9rienne.\nAucune autre activit\u00e9 a\u00e9ronautique ne doit se tenir durant l'\u00e9v\u00e9nement.\nLa zone publique et la zone r\u00e9serv\u00e9e doivent \u00eatre clairement d\u00e9finies. La zone r\u00e9serv\u00e9e ne doit  \n\u00eatre  accessible  qu'aux  participants  \u00e0  la  manifestation  a\u00e9rienne  et  aux  responsables  de  \nl'organisation ayant en charge le service d'ordre dans cette zone.\nArticle  6  : La  soci\u00e9t\u00e9  PETRA  doit  imp\u00e9rativement  respecter  les  dispositions  de  l'arr\u00eat\u00e9  \nmunicipal de la ville d'Allauch.\nArticle 7  : Elle doit avoir obtenu un protocole avec la CTR Marseille Provence ainsi que les  \ngestionnaires a\u00e9riens se trouvant \u00e0 proximit\u00e9.\nArticle 8 : Des moyens de secours, en rapport avec le type et l'importance de la manifestation  \ndoivent \u00eatre mis en place. Un passage doit \u00eatre laiss\u00e9 libre en permanence \u00e0 l'intention des  \nservices de secours. Une attention particuli\u00e8re doit \u00eatre apport\u00e9e par l'organisateur \u00e0 la prise  \nen compte du risque incendie.\nUn service d'ordre et de filtrage en rapport avec l'importance de la manifestation et sensibilis\u00e9  \naux mesures applicables dans le cadre du plan \u00ab  VIGIPIRATE urgence attentats  \u00bb doit \u00eatre mis  \nen place.\nArticle 9 : Tout accident ou incident doit \u00eatre imm\u00e9diatement signal\u00e9 \u00e0 la brigade de police  \na\u00e9ronautique  de  Marseille  au  04.84.52.03.65/66/67/68  et  69,  ou  en  cas  d'impossibilit\u00e9  de  \njoindre ce service, le \u00ab 17 \u00bb police-secours en demandant, le cas \u00e9ch\u00e9ant, \u00e0 \u00eatre mis en relation  \navec le pilote d'astreinte zonale via centre d'information et de commandement de la police  \nnationale du d\u00e9partement des Bouches-du-Rh\u00f4ne.\nPlace F\u00e9lix Baret \u2013 CS 80001 \u2013 13282 Marseille cedex 06\nTel 04.84.35.40.00\nhttp://www.bouches-du-rhone.gouv.fr\n3\nPr\u00e9fecture des Bouches-du-Rhone - 13-2025-07-08-00007 - Arr\u00eat\u00e9 autorisant la ville d'Allauch \u00e0 organiser un spectacle a\u00e9rien public\nd'a\u00e9romod\u00e9lisme (SAPA) \u00e9voluant sous autorisation d'exploiter\nle 14 juillet 2025 (sans r\u00e9p\u00e9tition)\nchemin de garlaban (GPS 43.20.14.968N -  5.29.9,165E), \u00e0 Allauch (13190)\n125\nArticle  10  :  L e  t\u00e9l\u00e9-pilote  doit  disposer  des  garanties  lui  permettant  de  faire  face  aux  \ncons\u00e9quences  p\u00e9cuniaires  de  sa  responsabilit\u00e9  civile  en  tant  que  pilote  \u00e0  distance  \nd'a\u00e9romod\u00e8les.\nUne police d'assurance couvrant les risques caus\u00e9s aux tiers, aux biens et \u00e0 l'environnement a  \n\u00e9t\u00e9 souscrite par l'organisateur afin de couvrir cette manifestation.\nElle doit faire face aux cons\u00e9quences p\u00e9cuniaires de sa responsabilit\u00e9 civile, de celle de ses  \npr\u00e9pos\u00e9s, et de celle de tous les participants au spectacle a\u00e9rien public.\nArticle 11 : Le pr\u00e9sent arr\u00eat\u00e9 peut \u00eatre contest\u00e9 dans les deux mois suivant sa notification :\n\u2013 soit par la voie d'un recours gracieux form\u00e9 aupr\u00e8s de monsieur le pr\u00e9fet du d\u00e9partement  \ndes Bouches-du-Rh\u00f4ne ;\n\u2013  soit  par  la  voie  d'un  recours  hi\u00e9rarchique  form\u00e9  aupr\u00e8s  de  monsieur  le  ministre  de  \nl'int\u00e9rieur ;\n\u2013  soit  par  la  voie  d'un  recours  contentieux  d\u00e9pos\u00e9  devant  le  tribunal  administratif  de  \nMarseille (31 rue Jean-Fran\u00e7ois Leca 13 002 Marseille) \u2013 www.telerecours.fr\nArticle  12  :  L e secr\u00e9taire  g\u00e9n\u00e9ral  de  la  pr\u00e9fecture  des  Bouches-du-Rh\u00f4ne,  le  directeur  \ninterd\u00e9partemental de la police nationale, le commandant de la gendarmerie des transports  \na\u00e9riens, le directeur de la s\u00e9curit\u00e9 de l'aviation civile sud-est, le directeur de la sous-direction  \nr\u00e9gionale  de  la  circulation  a\u00e9rienne  militaire  sud,  le  directeur  d\u00e9partemental  des  services  \nd'incendie et de secours des Bouches-du-Rh\u00f4ne, le maire de la ville d'Allauch, sont char g\u00e9s \nchacun en ce qui le concerne, de l'ex\u00e9cution du pr\u00e9sent arr\u00eat\u00e9 qui doit \u00eatre notifi\u00e9 \u00e0  la soci\u00e9t\u00e9 \nPETRA et qui sera publi\u00e9 au recueil des actes administratifs de la pr\u00e9fecture des Bouches-du-\nRh\u00f4ne.\n\u00c0 Marseille, le 8 juillet 2025\nPour le pr\u00e9fet et par d\u00e9l\u00e9gation\nLe secr\u00e9taire g\u00e9n\u00e9ral\nsign\u00e9\nFr\u00e9d\u00e9ric POISOT\nPlace F\u00e9lix Baret \u2013 CS 80001 \u2013 13282 Marseille cedex 06\nTel 04.84.35.40.00\nhttp://www.bouches-du-rhone.gouv.fr\n4\nPr\u00e9fecture des Bouches-du-Rhone - 13-2025-07-08-00007 - Arr\u00eat\u00e9 autorisant la ville d'Allauch \u00e0 organiser un spectacle a\u00e9rien public\nd'a\u00e9romod\u00e9lisme (SAPA) \u00e9voluant sous autorisation d'exploiter\nle 14 juillet 2025 (sans r\u00e9p\u00e9tition)\nchemin de garlaban (GPS 43.20.14.968N -  5.29.9,165E), \u00e0 Allauch (13190)\n126\nCL, GA LEO 0 D, graphiques \u00a92025 Imagerie \u00a92025 Airbus, Maxar Technologies \u00a9 Scribble Maps\nAnnexe 1\nPlace F\u00e9lix Baret \u2013 CS 80001 \u2013 13282 Marseille cedex 06\nTel 04.84.35.40.00\nhttp://www.bouches-du-rhone.gouv.fr\n5\nPr\u00e9fecture des Bouches-du-Rhone - 13-2025-07-08-00007 - Arr\u00eat\u00e9 autorisant la ville d'Allauch \u00e0 organiser un spectacle a\u00e9rien public\nd'a\u00e9romod\u00e9lisme (SAPA) \u00e9voluant sous autorisation d'exploiter\nle 14 juillet 2025 (sans r\u00e9p\u00e9tition)\nchemin de garlaban (GPS 43.20.14.968N -  5.29.9,165E), \u00e0 Allauch (13190)\n127\nAutorisation d'exploitationen cat\u00e9gorie Sp\u00e9cifiqueEnMINIST\u00c8RECHARG\u00c9DES TRANSPORTSLibert\u00e9\u00c9galit\u00e9Fraternit\u00e9\ndirectiong\u00e9n\u00e9ralede l'Aviationcwile\n1. Autorit\u00e9 qui d\u00e9livre l'autorisation1.1 Autorit\u00e9 de d\u00e9livranceDSAC (France)1.2 Point de contactCourriel dsac-autorisations-drones-bf@aviation-civile.gouv.fr2. Donn\u00e9es concernant l'exploitant UAS2.1 Num\u00e9ro d'enregistrement de l'exploitant UAS FRAsIrnsotjz179w2.2 Nom de l'exploitant UAS PETRA\n2.3 Point de contact op\u00e9rationnelNomT\u00e9l\u00e9phoneCourriel\nM. Rayane AOUAD+33 (0)7 67 49 2191contact@petra-france.comM. Ugo FIESCHI06 83 28 7147ugo.fieschi@stellair-show.com3. Op\u00e9ration autoris\u00e9e3.1 Lieu(x) autoris\u00e9(s)A AllauchSelon [1] et [2]3.2 \u00c9tendue de la zone adjacenteSans objet. Le syst\u00e8me est \u00e9quip\u00e9 d'un dispositif deconfinement renforc\u00e9.3.3 R\u00e9f\u00e9rence et r\u00e9vision de l'\u00e9valuation des risques DA SORA version 2.0 [] PDRA# ___[ Jautre__3.4 Niveau d'assurance et d'int\u00e9grit\u00e9 (SAIL) SAIL II3.5 Type d'op\u00e9ration XX] vos [_] BVLOs3.6 Transport de marchandises dangereuses [_] oui XX] Non3.7 Caract\u00e9risation des 277 E2One dexpiomsbenZone contr\u00f4l\u00e9e au solie ter aed 3.7.2 Zone adjacenteRassemblement de personnes\n3.8 Att\u00e9nuation des risques3.8.1 Att\u00e9nuations strat\u00e9giquesau sol\nX<]Non[_]oui, faibles [_] Oui, moyennes [_] Oui,\u00e9lev\u00e9esD\u00e9tails :- Une zone tampon de pr\u00e9vention des risques au sol de107m est d\u00e9finie.- La zone tampon est control\u00e9e au sol par des barri\u00e8res etgents de s\u00e9curit\u00e9.\nAnnexe 2\nPlace F\u00e9lix Baret \u2013 CS 80001 \u2013 13282 Marseille cedex 06\nTel 04.84.35.40.00\nhttp://www.bouches-du-rhone.gouv.fr\n6\nPr\u00e9fecture des Bouches-du-Rhone - 13-2025-07-08-00007 - Arr\u00eat\u00e9 autorisant la ville d'Allauch \u00e0 organiser un spectacle a\u00e9rien public\nd'a\u00e9romod\u00e9lisme (SAPA) \u00e9voluant sous autorisation d'exploiter\nle 14 juillet 2025 (sans r\u00e9p\u00e9tition)\nchemin de garlaban (GPS 43.20.14.968N -  5.29.9,165E), \u00e0 Allauch (13190)\n128\nPlace F\u00e9lix Baret \u2013 CS 80001 \u2013 13282 Marseille cedex 06\nTel 04.84.35.40.00\nhttp://www.bouches-du-rhone.gouv.fr\n7\nPr\u00e9fecture des Bouches-du-Rhone - 13-2025-07-08-00007 - Arr\u00eat\u00e9 autorisant la ville d'Allauch \u00e0 organiser un spectacle a\u00e9rien public\nd'a\u00e9romod\u00e9lisme (SAPA) \u00e9voluant sous autorisation d'exploiter\nle 14 juillet 2025 (sans r\u00e9p\u00e9tition)\nchemin de garlaban (GPS 43.20.14.968N -  5.29.9,165E), \u00e0 Allauch (13190)\n129\n3.8.2 Niveau de l'ERP [_]ERP absent [_]faible [moyen [_] \u00e9lev\u00e93.9 Limite de hauteur du volume op\u00e9rationnel 143 m AGL3.10 Niveau de risque 3.10.1 Volume d'exploitation [_] ARC-a [><] ARC-b [_] ARC-c [_] ARC-da\u00e9rien r\u00e9siduel 3.10.2. Volume adjacent [] arc-a [] arc-b [] arc-c F9 arc-d3.11.1 Att\u00e9nuations strat\u00e9giques[Xx] Non [_] Oui\n3.11 Att\u00e9nuation desrisques a\u00e9riens 3.11.2 M\u00e9thodes d'att\u00e9nuationtactique\nVoir et \u00e9viterDes observateurs sont plac\u00e9s autour de la zone de vol et plusloin, conform\u00e9ment \u00e0 la documentation constructeur, etpeuvent d\u00e9clencher l'interruption du vol de l'essaim ouavertir de la p\u00e9n\u00e9tration d'un a\u00e9ronef dans la zone de vol.La zone d'op\u00e9ration est mat\u00e9rialis\u00e9e par des lasers.3.12 Niveau de confinement obtenu [_] Standard D Renforc\u00e93.13 Comp\u00e9tences du pilote \u00e0 distance D\u00e9clar\u00e93.14 Comp\u00e9tences du personnel, autre que le pilote \u00e0 D\u00e9clar\u00e9distance, indispensable \u00e0 la s\u00e9curit\u00e9 de l'exploitation\n3.15 Type d'\u00e9v\u00e9nements \u00e0 notifier \u00e0 l'autorit\u00e9 comp\u00e9tente(en plus de ceux requis par le r\u00e8glement (UE) n\u00b0376/2014)\n- Sortie intempestive de la zone d'op\u00e9ration (\u00e9v\u00e9nement detype \u00ab fly away \u00bb)- Perte de contr\u00f4le en vol conduisant \u00e0 une collision avec lesol- Rapprochement anormal ou dangereux avec un a\u00e9ronefhabit\u00e9- D\u00e9faillance d'une fonction de s\u00e9curit\u00e9 (ou d\u00e9clenchementintempestif)- Intrusion dans la zone contr\u00f4l\u00e9e au sol- Non r\u00e9cup\u00e9ration d'un drone suite \u00e0 un crash- Tout autre \u00e9v\u00e9nement anormal et/ou impr\u00e9vu qui conduit,ou aurait \u00e9t\u00e9 susceptible de conduire dans des circonstancesdiff\u00e9rentes, \u00e0 un accroissement du risque de l'op\u00e9ration.3.16 Assurance C] Non Oui3.17 R\u00e9f\u00e9rence du manuel d'exploitationMANEX_PETRA_ Version 3.1 \u2014 24/01/2025\n3.18 R\u00e9f\u00e9rence du dossier conformit\u00e9Dossiers METEOR / #191609[1] SORA : 02.0 - FM-SORA_PETRA_ALLAUCH_14-07-2025_v1.3[2] KML ALLAUCH.kml3.19 Remarques / limitations suppl\u00e9mentairess/o4. Donn\u00e9es concernant les UAS autoris\u00e9s\nPlace F\u00e9lix Baret \u2013 CS 80001 \u2013 13282 Marseille cedex 06\nTel 04.84.35.40.00\nhttp://www.bouches-du-rhone.gouv.fr\n8\nPr\u00e9fecture des Bouches-du-Rhone - 13-2025-07-08-00007 - Arr\u00eat\u00e9 autorisant la ville d'Allauch \u00e0 organiser un spectacle a\u00e9rien public\nd'a\u00e9romod\u00e9lisme (SAPA) \u00e9voluant sous autorisation d'exploiter\nle 14 juillet 2025 (sans r\u00e9p\u00e9tition)\nchemin de garlaban (GPS 43.20.14.968N -  5.29.9,165E), \u00e0 Allauch (13190)\n130\n4.1 Constructeur DROTEK 4.2 Mod\u00e8le 1O Star V2[_] Avion [_] H\u00e9licopt\u00e8re AAS at4.3 Type d'UAS D Multirotor [_] Hybride/VTOL caract\u00e9ristiques |0,19 m[_] Plus l\u00e9ger que l'air / autre DURE4.5 Masse au d\u00e9collage 0,3 kg 4.6 Vitesse 4m/smaximale- A\u00e9ronef \u00e9quip\u00e9 d'une fonction de g\u00e9ocaging qui interdit. . . . le franchissement du p\u00e9rim\u00e8tre de vol4.7 Exigences techniques suppl\u00e9mentaires- A\u00e9ronef \u00e9quip\u00e9 d'un syst\u00e8me d'interruption de volind\u00e9pendant (FTS).4.8 Num\u00e9ro de s\u00e9rie ou, le cas \u00e9ch\u00e9ant, immatriculation de UAS-FR-348326l'UA SerialNumber_Petra.xlsx4.9 Num\u00e9ro du certificat de type (TC) ou du rapport depage gs : . . s/ov\u00e9rification de la conception, si n\u00e9cessaire4.10 Num\u00e9ro du certificat de navigabilit\u00e9 (CofA), si n\u00e9cessaire | s/o4.11 Num\u00e9ro du certificat de puissance acoustique, si. : s/on\u00e9cessaire\nX<]Non4.12 Att\u00e9nuation pour r\u00e9duire l'effet de l'impact au sol (M2) |[_]Oui, faible | [_]Oui, moyenne [ |] Oui, \u00e9lev\u00e9eN\u00e9cessaire pour r\u00e9duire le risque au sol C] Oui DA Non4.13 Exigences techniques pour le confinement [_] Standard [X] Renforc\u00e95. RemarquesSpectacle de 200 drones lumineux en essaim\n6. Autorisation d'exploitationPETRA est autoris\u00e9 \u00e0 mener des op\u00e9rations UAS avec le ou les UAS d\u00e9finis \u00e0 la section 4 et selon les conditions et limitationsd\u00e9finies \u00e0 la section 3, tant qu'il respecte la pr\u00e9sente autorisation d'exploitation, le r\u00e8glement (UE) 2019/947 et touter\u00e9glementation de l'Union ou nationale applicable en mati\u00e8re de vie priv\u00e9e, de protection des donn\u00e9es, de responsabilit\u00e9,d'assurance, de s\u00e9curit\u00e9 et de protection de l'environnement et de manifestation a\u00e9rienne.PETRA informe la DSAC de toute modification des syst\u00e8mes utilis\u00e9s et des proc\u00e9dures appliqu\u00e9es ayant une incidence surl'\u00e9valuation des risques et les conditions de la pr\u00e9sente autorisation. Il accompagne cette notification de la documentationmise \u00e0 jour, et des justificatifs attestant du bon fonctionnement du syst\u00e8me et du maintien du niveau de s\u00e9curit\u00e9.L'alin\u00e9a 3 de l'article 9 de l'arr\u00eat\u00e9 du 3 d\u00e9cembre 2020 relatif \u00e0 l'utilisation de l'espace a\u00e9rien par les a\u00e9ronefs sans \u00e9quipage\u00e0 bord dispose \u00ab des d\u00e9rogations aux conditions d'\u00e9volution de nuit vis\u00e9es au 3\u00b0 de l'article 3 ou aux exigences relativesaux hauteurs maximales d'\u00e9volution vis\u00e9es au 1\u00b0 de l'article 8 peuvent \u00eatre accord\u00e9es par le pr\u00e9fet territorialementcomp\u00e9tent, apr\u00e8s avis du service de l'aviation civile et du service de la d\u00e9fense territorialement comp\u00e9tents [...] \u00bb. Apr\u00e8s\nPlace F\u00e9lix Baret \u2013 CS 80001 \u2013 13282 Marseille cedex 06\nTel 04.84.35.40.00\nhttp://www.bouches-du-rhone.gouv.fr\n9\nPr\u00e9fecture des Bouches-du-Rhone - 13-2025-07-08-00007 - Arr\u00eat\u00e9 autorisant la ville d'Allauch \u00e0 organiser un spectacle a\u00e9rien public\nd'a\u00e9romod\u00e9lisme (SAPA) \u00e9voluant sous autorisation d'exploiter\nle 14 juillet 2025 (sans r\u00e9p\u00e9tition)\nchemin de garlaban (GPS 43.20.14.968N -  5.29.9,165E), \u00e0 Allauch (13190)\n131\nexamen des \u00e9l\u00e9ments re\u00e7us et en application de l'article 9 susvis\u00e9, la DSAC a l'honneur de vous transmettre, au nom duservice de l'aviation civile territorialement comp\u00e9tent, un avis technique favorable pour la demande de d\u00e9rogation ainterdiction de voler de nuit de PETRA, sous r\u00e9serve du respect des conditions techniques et op\u00e9rationnelles figurantdans la pr\u00e9sente autorisation d'exploitation.6.1 Num\u00e9ro d'autorisation d'exploitation | FRA-OAT-2025PETR013/000\n6.2 Autorisation valide jusqu'au 30/07/2025\nDate Signature et cachet01/07/2025\n, Benjamin VIALARDMG Chef de la division Op\u00e9rations A\u00e9riennes\n#7\nPlace F\u00e9lix Baret \u2013 CS 80001 \u2013 13282 Marseille cedex 06\nTel 04.84.35.40.00\nhttp://www.bouches-du-rhone.gouv.fr\n10\nPr\u00e9fecture des Bouches-du-Rhone - 13-2025-07-08-00007 - Arr\u00eat\u00e9 autorisant la ville d'Allauch \u00e0 organiser un spectacle a\u00e9rien public\nd'a\u00e9romod\u00e9lisme (SAPA) \u00e9voluant sous autorisation d'exploiter\nle 14 juillet 2025 (sans r\u00e9p\u00e9tition)\nchemin de garlaban (GPS 43.20.14.968N -  5.29.9,165E), \u00e0 Allauch (13190)\n132\nPr\u00e9fecture des Bouches-du-Rhone\n13-2025-07-08-00006\nArr\u00eat\u00e9 autorisant le comit\u00e9 d'organisation des\nf\u00eates de Cabri\u00e8s Calas (COFCC) \u00e0 organiser un\nspectacle a\u00e9rien public d'a\u00e9romod\u00e9lisme (SAPA)\n\u00e9voluant sous autorisation d'exploiter\nle 14 juillet 2025 (avec r\u00e9p\u00e9titions le 13 juillet\n2025)\nrue des \u00e9coles, \u00e0 Cabri\u00e8s (13480)\nPr\u00e9fecture des Bouches-du-Rhone - 13-2025-07-08-00006 - Arr\u00eat\u00e9 autorisant le comit\u00e9 d'organisation des f\u00eates de Cabri\u00e8s Calas\n(COFCC) \u00e0 organiser un spectacle a\u00e9rien public d'a\u00e9romod\u00e9lisme (SAPA) \u00e9voluant sous autorisation d'exploiter\nle 14 juillet 2025 (avec r\u00e9p\u00e9titions le 13 juillet 2025)\nrue des \u00e9coles, \u00e0 Cabri\u00e8s (13480)\n133\nPREFETDES BOUCHES-DU-RHONELibert\u00e9\u00c9galit\u00e9Fraternit\u00e9\nDirection de la s\u00e9curit\u00e9 :\n police administrative et r\u00e9glementation\nBureau des polices administratives\nen mati\u00e8re de s\u00e9curit\u00e9\nArr\u00eat\u00e9 autorisant le comit\u00e9 d'organisation des f\u00eates de Cabri\u00e8s Calas (COFCC) \u00e0 organiser un \nspectacle a\u00e9rien public d'a\u00e9romod\u00e9lisme (SAPA) \u00e9voluant sous autorisation d'exploiter\nle 14 juillet 2025 (avec r\u00e9p\u00e9titions le 13 juillet 2025)\nrue des \u00e9coles, \u00e0 Cabri\u00e8s (13480)\nLe pr\u00e9fet de la r\u00e9gion Provence-Alpes-C\u00f4te d'Azur\nPr\u00e9fet de la zone de d\u00e9fense et de s\u00e9curit\u00e9 sud\nPr\u00e9fet des Bouches-du-Rh\u00f4ne\nPr\u00e9fet de police des Bouches-du-Rh\u00f4ne\nVu le code de l'aviation civile notamment son article R. 131-3 ;\nVu le code de la s\u00e9curit\u00e9 int\u00e9rieure notamment son article L. 211-11 ; \nVu le code des transports ;\nVu le code de la d\u00e9fense ;\nVu le d\u00e9cret n\u00b0 2004-374 du 29 avril 2004 modifi\u00e9 relatif aux pouvoirs des pr\u00e9fets, \u00e0  \nl'organisation et \u00e0 l'action des services de l'\u00c9tat dans les r\u00e9gions et d\u00e9partements ;\nVu le d\u00e9cret du pr\u00e9sident de la R\u00e9publique du 12 mars 2025 portant nomination de  \nmonsieur Georges-Fran\u00e7ois LECLERC en qualit\u00e9 de pr\u00e9fet de la r\u00e9gion Provence-Alpes-C\u00f4te  \nd'Azur, pr\u00e9fet de la zone de d\u00e9fense et de s\u00e9curit\u00e9 Sud, pr\u00e9fet des Bouches-du-Rh\u00f4ne, en  \noutre pr\u00e9fet de police des Bouches-du-Rh\u00f4ne ;\nVu l'arr\u00eat\u00e9 interminist\u00e9riel du 3 d\u00e9cembre 2020 relatif \u00e0 l'utilisation de l'espace a\u00e9rien  \npar les a\u00e9ronefs t\u00e9l\u00e9-pilot\u00e9s sans personne \u00e0 bord ;\nVu  l'arr\u00eat\u00e9  minist\u00e9riel  du  10  novembre  2021  modifi\u00e9  relatif  aux  manifestations \na\u00e9riennes ;\nVu la demande d'autorisation de spectacle a\u00e9rien public d'a\u00e9romod\u00e9lisme (SAPA) sous  \nautorisation  d'exploitation  pr\u00e9sent\u00e9e  le  03  juin  2025  par  madame  MAATOUG  Sylvie, \npr\u00e9sidente du comit\u00e9 d'organisation des f\u00eates de Cabri\u00e8s Calas (COFCC) ;\nVu  l'autorisation  d'exploitation  en  cat\u00e9gorie  sp\u00e9cifique  n\u00b0FRA-OAT-2025PIXL002/000 \nd\u00e9livr\u00e9e  le  03  juillet  2025  par  la  direction  g\u00e9n\u00e9rale  de  l'aviation  civile  (DSAC  FRANCE)  \u00e0 \nl'exploitant la soci\u00e9t\u00e9 PIXCIEL, en sa qualit\u00e9 de prestataire du show ;\nPlace F\u00e9lix Baret \u2013 CS 80001 \u2013 13282 Marseille cedex 06\nTel 04.84.35.40.00\nhttp://www.bouches-du-rhone.gouv.fr\n1\nPr\u00e9fecture des Bouches-du-Rhone - 13-2025-07-08-00006 - Arr\u00eat\u00e9 autorisant le comit\u00e9 d'organisation des f\u00eates de Cabri\u00e8s Calas\n(COFCC) \u00e0 organiser un spectacle a\u00e9rien public d'a\u00e9romod\u00e9lisme (SAPA) \u00e9voluant sous autorisation d'exploiter\nle 14 juillet 2025 (avec r\u00e9p\u00e9titions le 13 juillet 2025)\nrue des \u00e9coles, \u00e0 Cabri\u00e8s (13480)\n134\nVu l'attestation d'autorisation du maire de Cabri\u00e8s en date du 03 juin 2025 autorisant le  \ncomit\u00e9 d'organisation des f\u00eates de Cabri\u00e8s Calas (COFCC) \u00e0 organiser un spectacle de drones  \ndans le cadre de la manifestation pr\u00e9vue le 14 juillet 2025, via la soci\u00e9t\u00e9 PIXCIEL ;\nla soci\u00e9t\u00e9 PIXCIEL \u00e0 proc\u00e9der au spectacle de drones, le 14 juillet 2025 ;\nVu  l'attestation  d'assurance  en  responsabilit\u00e9  civile  d\u00e9livr\u00e9e  par  Air  Courtage  \nAssurances le 23 juin 2025 \u00e0 l'organisateur, l'association le COFCC ;\nVu l'attestation d'assurance d\u00e9livr\u00e9e par Air Courtage Assurances le 24 avril 2025 \u00e0 la  \nsoci\u00e9t\u00e9 PIXCIEL ;\nVu  l'avis  technique  pour  la  d\u00e9rogation  vol  de  nuit  d\u00e9livr\u00e9  le  03  juillet  2025  par  la \ndirection g\u00e9n\u00e9rale de l'aviation civile (DSAC FRANCE) \u00e0 l'exploitant la soci\u00e9t\u00e9 PIXCIEL ;\nVu l'avis du directeur de la sous-direction r\u00e9gionale de la circulation a\u00e9rienne militaire  \nsud ;\nVu  l'avis  du  directeur  Interd\u00e9partemental  de  la  police  nationale  (service  \ninterd\u00e9partemental de la s\u00e9curit\u00e9 publique) ;\nVu l'avis du directeur d\u00e9partemental d'incendie et de secours des Bouches-du-Rh\u00f4ne ;\nSur proposition du secr\u00e9taire g\u00e9n\u00e9ral de la pr\u00e9fecture des Bouches-du-Rh\u00f4ne.\nArr\u00eate :\nArticle  1er :  Madame  MAATOUG  Sylvie,  pr\u00e9sidente  du  comit\u00e9  d'organisation  des  f\u00eates  de \nCabri\u00e8s Calas (COFCC) est autoris\u00e9e, sous sa responsabilit\u00e9 exclusive, \u00e0 organiser, le 14 juillet  \n2025 de 22h00 \u00e0 00h00 (avec r\u00e9p\u00e9titions le 13 juillet 2025 de 22h00 \u00e0 23h00), un spectacle  \na\u00e9rien  public  d'a\u00e9romod\u00e9lisme  (SAPA)  sous  autorisation  d'exploiter,  r\u00e9alis\u00e9  par  la  soci\u00e9t\u00e9 \nPIXCIEL, et consistant en un show de 150 drones en essaim, rue des \u00e9coles, \u00e0 Cabri\u00e8s 13480 (cf  \nplan annex\u00e9 1).\nArticle 2 : Le ou les t\u00e9l\u00e9-pilotes sont tenus de se conformer aux dispositions de l'arr\u00eat\u00e9 du 10  \nnovembre 2021 modifi\u00e9 relatif aux manifestations a\u00e9riennes. Les documents du t\u00e9l\u00e9-pilote et  \ndes a\u00e9ronefs doivent \u00eatre conformes \u00e0 la r\u00e9glementation en vigueur et en cours de validit\u00e9.\nPour la manifestation envisag\u00e9e, les a\u00e9ronefs doivent respecter les proc\u00e9dures et distances  \nd\u00e9crites au dossier en ad\u00e9quation avec les prescriptions de cet arr\u00eat\u00e9.\nArticle 3 : La pr\u00e9sentation est pr\u00e9vue le 14 juillet 2025 entre 22h00 et 00h00, heures locales,  \nsous r\u00e9serve que la zone d'\u00e9volution soit vide de tous tiers.\nDurant les p\u00e9riodes d'utilisation des drones, les personnes en charge de la surveillance du site  \net des op\u00e9rations doivent \u00eatre \u00e0 leur poste.\nPlace F\u00e9lix Baret \u2013 CS 80001 \u2013 13282 Marseille cedex 06\nTel 04.84.35.40.00\nhttp://www.bouches-du-rhone.gouv.fr\n2\nPr\u00e9fecture des Bouches-du-Rhone - 13-2025-07-08-00006 - Arr\u00eat\u00e9 autorisant le comit\u00e9 d'organisation des f\u00eates de Cabri\u00e8s Calas\n(COFCC) \u00e0 organiser un spectacle a\u00e9rien public d'a\u00e9romod\u00e9lisme (SAPA) \u00e9voluant sous autorisation d'exploiter\nle 14 juillet 2025 (avec r\u00e9p\u00e9titions le 13 juillet 2025)\nrue des \u00e9coles, \u00e0 Cabri\u00e8s (13480)\n135\nArticle 4  : La conformit\u00e9 des exigences de s\u00e9curit\u00e9 de cette manifestation est assur\u00e9e gr\u00e2ce  \naux  conditions  techniques  et  op\u00e9rationnelles  et  des  fiches  actions  associ\u00e9es  fournies  \u00e0 \nl'\u00e9chelon  central  de  la  DSAC  et  ayant  permis  d'obtenir  l'autorisation  d'exploitation  en \ncat\u00e9gorie sp\u00e9cifique (n\u00b0FRA-OAT-2025PIXL002/000 d\u00e9livr\u00e9e le 03 juillet 2025) (en annexe 2)  \nhors sc\u00e9narios standards et de nuit pour l'op\u00e9ration envisag\u00e9e, en d\u00e9rogation de l'arr\u00eat\u00e9 du 03  \nd\u00e9cembre 2020 relatif \u00e0 la d\u00e9finition des standard nationaux.\nLa soci\u00e9t\u00e9 PIXCIEL doit par ailleurs respecter les prescriptions \u00e9mises dans l'autorisation de  \nd\u00e9rogation vol de nuit, d\u00e9livr\u00e9e par le pr\u00e9fet des Bouches-du-Rh\u00f4ne.\nArticle 5 : Toute activit\u00e9 d'enseignement est interdite durant la manifestation a\u00e9rienne.\nAucune autre activit\u00e9 a\u00e9ronautique ne doit se tenir durant l'\u00e9v\u00e9nement.\nLa zone publique et la zone r\u00e9serv\u00e9e doivent \u00eatre clairement d\u00e9finies. La zone r\u00e9serv\u00e9e ne doit  \n\u00eatre  accessible  qu'aux  participants  \u00e0  la  manifestation  a\u00e9rienne  et  aux  responsables  de \nl'organisation ayant en charge le service d'ordre dans cette zone.\nArticle 6 : La soci\u00e9t\u00e9 PIXCIEL  doit imp\u00e9rativement respecter l'autorisation d\u00e9livr\u00e9e par la ville  \nde Cabri\u00e8s.\nArticle 7  : Elle doit avoir obtenu un protocole avec la CTR Marseille Provence ainsi que les  \ngestionnaires a\u00e9riens se trouvant \u00e0 proximit\u00e9.\nArticle 8 : Des moyens de secours, en rapport avec le type et l'importance de la manifestation  \ndoivent \u00eatre mis en place. Un passage doit \u00eatre laiss\u00e9 libre en permanence \u00e0 l'intention des  \nservices de secours. Une attention particuli\u00e8re doit \u00eatre apport\u00e9e par l'organisateur \u00e0 la prise  \nen compte du risque incendie.\nUn service d'ordre et de filtrage en rapport avec l'importance de la manifestation et sensibilis\u00e9  \naux mesures applicables dans le cadre du plan \u00ab  VIGIPIRATE urgence attentats  \u00bb doit \u00eatre mis  \nen place.\nArticle 9 : Tout accident ou incident doit \u00eatre imm\u00e9diatement signal\u00e9 \u00e0 la brigade de police  \na\u00e9ronautique  de  Marseille  au  04.84.52.03.65/66/67/68  et  69,  ou  en  cas  d'impossibilit\u00e9  de \njoindre ce service, le \u00ab 17 \u00bb police-secours en demandant, le cas \u00e9ch\u00e9ant, \u00e0 \u00eatre mis en relation  \navec le pilote d'astreinte zonale via centre d'information et de commandement de la police  \nnationale du d\u00e9partement des Bouches-du-Rh\u00f4ne.\nPlace F\u00e9lix Baret \u2013 CS 80001 \u2013 13282 Marseille cedex 06\nTel 04.84.35.40.00\nhttp://www.bouches-du-rhone.gouv.fr\n3\nPr\u00e9fecture des Bouches-du-Rhone - 13-2025-07-08-00006 - Arr\u00eat\u00e9 autorisant le comit\u00e9 d'organisation des f\u00eates de Cabri\u00e8s Calas\n(COFCC) \u00e0 organiser un spectacle a\u00e9rien public d'a\u00e9romod\u00e9lisme (SAPA) \u00e9voluant sous autorisation d'exploiter\nle 14 juillet 2025 (avec r\u00e9p\u00e9titions le 13 juillet 2025)\nrue des \u00e9coles, \u00e0 Cabri\u00e8s (13480)\n136\nArticle  10 :  Le  t\u00e9l\u00e9-pilote  doit  disposer  des  garanties  lui  permettant  de  faire  face  aux \ncons\u00e9quences  p\u00e9cuniaires  de  sa  responsabilit\u00e9  civile  en  tant  que  pilote  \u00e0  distance  \nd'a\u00e9romod\u00e8les.\nUne police d'assurance couvrant les risques caus\u00e9s aux tiers, aux biens et \u00e0 l'environnement a  \n\u00e9t\u00e9 souscrite par l'organisateur afin de couvrir cette manifestation.\nElle doit faire face aux cons\u00e9quences p\u00e9cuniaires de sa responsabilit\u00e9 civile, de celle de ses  \npr\u00e9pos\u00e9s, et de celle de tous les participants au spectacle a\u00e9rien public.\nArticle 11 : Le pr\u00e9sent arr\u00eat\u00e9 peut \u00eatre contest\u00e9 dans les deux mois suivant sa notification :\n\u2013 soit par la voie d'un recours gracieux form\u00e9 aupr\u00e8s de monsieur le pr\u00e9fet du d\u00e9partement  \ndes Bouches-du-Rh\u00f4ne ;\n\u2013  soit  par  la  voie  d'un  recours  hi\u00e9rarchique  form\u00e9  aupr\u00e8s  de  monsieur  le  ministre  de \nl'int\u00e9rieur ;\n\u2013  soit  par  la  voie  d'un  recours  contentieux  d\u00e9pos\u00e9  devant  le  tribunal  administratif  de \nMarseille (31 rue Jean-Fran\u00e7ois Leca 13 002 Marseille) \u2013 www.telerecours.fr\nArticle  12 :  Le secr\u00e9taire  g\u00e9n\u00e9ral  de  la  pr\u00e9fecture  des  Bouches-du-Rh\u00f4ne,  le  directeur \ninterd\u00e9partemental de la police nationale, le commandant de la gendarmerie des transports  \na\u00e9riens, le directeur de la s\u00e9curit\u00e9 de l'aviation civile sud-est, le directeur de la sous-direction  \nr\u00e9gionale  de  la  circulation  a\u00e9rienne  militaire  sud, le  directeur  d\u00e9partemental  des  services \nd'incendie et de secours des Bouches-du-Rh\u00f4ne, le maire de la ville de Cabri\u00e8s, sont char g\u00e9s \nchacun en ce qui le concerne, de l'ex\u00e9cution du pr\u00e9sent arr\u00eat\u00e9 qui doit \u00eatre notifi\u00e9 \u00e0  la soci\u00e9t\u00e9 \nPIXCIEL et qui sera publi\u00e9 au recueil des actes administratifs de la pr\u00e9fecture des Bouches-du-\nRh\u00f4ne.\n\u00c0 Marseille, le 8 juillet 2025\npour le pr\u00e9fet et par d\u00e9l\u00e9gation\nle secr\u00e9taire g\u00e9n\u00e9ral\nsign\u00e9\nfr\u00e9d\u00e9ric POISOT\nPlace F\u00e9lix Baret \u2013 CS 80001 \u2013 13282 Marseille cedex 06\nTel 04.84.35.40.00\nhttp://www.bouches-du-rhone.gouv.fr\n4\nPr\u00e9fecture des Bouches-du-Rhone - 13-2025-07-08-00006 - Arr\u00eat\u00e9 autorisant le comit\u00e9 d'organisation des f\u00eates de Cabri\u00e8s Calas\n(COFCC) \u00e0 organiser un spectacle a\u00e9rien public d'a\u00e9romod\u00e9lisme (SAPA) \u00e9voluant sous autorisation d'exploiter\nle 14 juillet 2025 (avec r\u00e9p\u00e9titions le 13 juillet 2025)\nrue des \u00e9coles, \u00e0 Cabri\u00e8s (13480)\n137\nL\u00e9gende00-Zone de d\u00e9collage01-Flight Geography01-T \u00e9l\u00e9pilote02-Limite de contingence02-0 bs ervateur03-GROUND RISK BUFFER - Zone d'exclusion des tiers04-Terrain / Route municipale05-Zone du PublicBarn\u00e9rage Nord 300MP\u00e9rim\u00e8tre de s\u00e9curit\u00e9 spectaclePolice municipalPublicRoute ferm\u00e9e par arr\u00eat\u00e9Sonorisation\nCabri\u00e8s 14 juillet150 Drones 10 STAR 3\nSonorisation,as \u00c0Publi\u00e9 =RUbIIC 2; Police munRoute fermee\u00bbpar arr\u00e9te ~\n05-<6r Sr VWIe OCBRoutefferm\u00e9elpararr\u00e8t\u00e9\nDistance de s\u00e9curit\u00e9. 66M~\u2014 'Police municipaltRoute, fermeepar arretene\nAnnexe 1\nPlace F\u00e9lix Baret \u2013 CS 80001 \u2013 13282 Marseille cedex 06\nTel 04.84.35.40.00\nhttp://www.bouches-du-rhone.gouv.fr\n5\nPr\u00e9fecture des Bouches-du-Rhone - 13-2025-07-08-00006 - Arr\u00eat\u00e9 autorisant le comit\u00e9 d'organisation des f\u00eates de Cabri\u00e8s Calas\n(COFCC) \u00e0 organiser un spectacle a\u00e9rien public d'a\u00e9romod\u00e9lisme (SAPA) \u00e9voluant sous autorisation d'exploiter\nle 14 juillet 2025 (avec r\u00e9p\u00e9titions le 13 juillet 2025)\nrue des \u00e9coles, \u00e0 Cabri\u00e8s (13480)\n138\nAutorisation d'exploitationen cat\u00e9gorie Sp\u00e9cifiqueEnMINIST\u00c8RECHARG\u00c9DES TRANSPORTSLibert\u00e9\u00c9galit\u00e9Fraternit\u00e9\n1. Autorit\u00e9 qui d\u00e9livre l'autorisation1.1 Autorit\u00e9 de d\u00e9livranceDSAC (France)1.2 Point de contactCourriel dsac-autorisations-drones-bf@aviation-civile.gouv.fr2. Donn\u00e9es concernant l'exploitant UAS2.1 Num\u00e9ro d'enregistrement de l'exploitant UAS FRA3rbaxkcmfmq062.2 Nom de l'exploitant UAS PIXCIEL2.3 Point de contact op\u00e9rationnelNomT\u00e9l\u00e9phoneCourriel\nM. Arnault PEREIRA+33 (0)6 61 83 65 48arnault@pixciel.fr3. Op\u00e9ration autoris\u00e9eCabries3.1 Lieu(x) autoris\u00e9(s)Selon [1]3.2 Etendue de la zone adjacente N/A3.3 R\u00e9f\u00e9rence et r\u00e9vision de l'\u00e9valuation des risques ><] SORA version 2.0 [_] PDRA# [_] autre3.4 Niveau d'assurance et d'int\u00e9grit\u00e9 (SAIL) SAIL II3.5 Type d'op\u00e9ration Xx] vLos [_] BVLos3.6 Transport de marchandises dangereuses[] Oui x Non3.7 Caract\u00e9risation des FE TONG ierpnaUerZone control\u00e9erisques li\u00e9s au sol 3.7.2 Zone adjacenteRassemblement de personnes\n3.8 Att\u00e9nuation des risques3.8.1 Att\u00e9nuations strat\u00e9giquesau sol\nNon[_Joui, faibles [_] Oui, moyennes [| Oui,\u00e9lev\u00e9esD\u00e9tails :- Une zone tampon de pr\u00e9vention des risques au sol estd\u00e9finie.- Zone op\u00e9rationnelle rendue hermetique par des agentsmuiinicinayx\nAnnexe 2\nPlace F\u00e9lix Baret \u2013 CS 80001 \u2013 13282 Marseille cedex 06\nTel 04.84.35.40.00\nhttp://www.bouches-du-rhone.gouv.fr\n6\nPr\u00e9fecture des Bouches-du-Rhone - 13-2025-07-08-00006 - Arr\u00eat\u00e9 autorisant le comit\u00e9 d'organisation des f\u00eates de Cabri\u00e8s Calas\n(COFCC) \u00e0 organiser un spectacle a\u00e9rien public d'a\u00e9romod\u00e9lisme (SAPA) \u00e9voluant sous autorisation d'exploiter\nle 14 juillet 2025 (avec r\u00e9p\u00e9titions le 13 juillet 2025)\nrue des \u00e9coles, \u00e0 Cabri\u00e8s (13480)\n139\n3.8.2 Niveau de l'ERP [_] faible x moyen [| \u00e9lev\u00e9[_]ERP absent3.9 Limite de hauteur du volume op\u00e9rationnel3.10 Niveau de risquea\u00e9rien r\u00e9siduel\n105 m AGL3.10.1 Volume d'exploitation [_] ARC-a [x] ARC-b [_] ARC-c [_] ARC-d3.10.2. Volume adjacent [_] ARC-a [_] ARC-b [_] ARC-c [i] ARC-d\n3.11.1 Att\u00e9nuations strat\u00e9giques3.11 Att\u00e9nuation desrisques a\u00e9riens\nC] Non xX] OuiD\u00e9tails : selon [4]Un protocole est \u00e9tabli avec la CTR Provence3.11.2 M\u00e9thodes d'att\u00e9nuationVoir et \u00e9vitertactique3.12 Niveau de confinement obtenu [_] Standard XI Renforc\u00e93.13 Comp\u00e9tences du pilote \u00e0 distance D\u00e9clar\u00e93.14 Comp\u00e9tences du personnel, autre que le pilote \u00e0 D\u00e9clar\u00e9distance, indispensable \u00e0 la s\u00e9curit\u00e9 de l'exploitation\n3.15 Type d'\u00e9v\u00e9nements \u00e0 notifier \u00e0 l'autorit\u00e9 comp\u00e9tente(en plus de ceux requis par le r\u00e8glement (UE) n\u00b0376/2014)\n- Sortie intempestive de la zone d'op\u00e9ration (\u00e9v\u00e9nement detype \u00ab fly away \u00bb)- Perte de contr\u00f4le en vol conduisant \u00e0 une collision avec lesol- Rapprochement anormal ou dangereux avec un a\u00e9ronefhabit\u00e9- D\u00e9faillance d'une fonction de s\u00e9curit\u00e9 (ou d\u00e9clenchementintempestif)- Intrusion dans la zone contr\u00f4l\u00e9e au sol- Non r\u00e9cup\u00e9ration d'un drone suite \u00e0 un crash- Tout autre \u00e9v\u00e9nement anormal et/ou impr\u00e9vu qui conduit,ou aurait \u00e9t\u00e9 susceptible de conduire dans des circonstancesdiff\u00e9rentes, \u00e0 un accroissement du risque de l'op\u00e9ration.3.16 Assurance [] Non x Oui3.17 R\u00e9f\u00e9rence du manuel d'exploitationMANEX_PIXCIEL_V1\n3.18 R\u00e9f\u00e9rence du dossier conformit\u00e9\nDossier METEOR #190027[1] Fiche mission : FM_CABRIES_14-07-2025-V4.2[2] SORA : SORA G\u00e9n\u00e9rique \u2014 PIXCIEL Version 2.0[3] Kml : KML_CabriesV1.3[4] Protocole_LFML_14-07-25\n3.19 Remarques / limitations suppl\u00e9mentairess/o\nPlace F\u00e9lix Baret \u2013 CS 80001 \u2013 13282 Marseille cedex 06\nTel 04.84.35.40.00\nhttp://www.bouches-du-rhone.gouv.fr\n7\nPr\u00e9fecture des Bouches-du-Rhone - 13-2025-07-08-00006 - Arr\u00eat\u00e9 autorisant le comit\u00e9 d'organisation des f\u00eates de Cabri\u00e8s Calas\n(COFCC) \u00e0 organiser un spectacle a\u00e9rien public d'a\u00e9romod\u00e9lisme (SAPA) \u00e9voluant sous autorisation d'exploiter\nle 14 juillet 2025 (avec r\u00e9p\u00e9titions le 13 juillet 2025)\nrue des \u00e9coles, \u00e0 Cabri\u00e8s (13480)\n140\n4. Donn\u00e9es concernant les UAS autoris\u00e9s4.1 Constructeur DROTEK 4.2 Mod\u00e8le 10 STAR 3LC] Avion LC] H\u00e9licopt\u00e8re 4.4 Dimensions4.3 Type d'UAS XX] Multirotor [_] Hybride/VTOL caract\u00e9ristiques |0,21m[] Plus l\u00e9ger que l'air / autre Done4.5 Masse au d\u00e9collage 0,3 kg 4.6 Vitesse 8 m/smaximale\n4.7 Exigences techniques suppl\u00e9mentaires- A\u00e9ronef \u00e9quip\u00e9 d'une fonction de g\u00e9ocaging qui interdit lefranchissement du p\u00e9rim\u00e8tre de vol- A\u00e9ronef \u00e9quip\u00e9 d'un syst\u00e8me d'interruption de volind\u00e9pendant (FTS)4.8 Num\u00e9ro de s\u00e9rie ou, le cas \u00e9ch\u00e9ant, immatriculation del'UA List\u00e9s dans la d\u00e9claration d'activit\u00e9 de l'exploitant etenregistr\u00e9s sur AlphaTango.4.9 Num\u00e9ro du certificat de type (TC) ou du rapport deae . . . s/ov\u00e9rification de la conception, si n\u00e9cessaire4.10 Num\u00e9ro du certificat de navigabilit\u00e9 (CofA), si n\u00e9cessaire | s/o4.11 Num\u00e9ro du certificat de puissance acoustique, si s/on\u00e9cessaire\n4.12 Att\u00e9nuation pour r\u00e9duire l'effet de l'impact au sol (M2)HINon[_Joui, faible [_] Oui, \u00e9lev\u00e9ex Non[_] Oui, moyenneN\u00e9cessaire pour r\u00e9duire le risque au sol [ ] Oui4.13 Exigences techniques pour le confinement[_] Standard [XX] Renforc\u00e95. RemarquesSpectacle de 150 drones en essaim\n6. Autorisation d'exploitationPIXCIEL est autoris\u00e9 a mener des op\u00e9rations UAS avec le ou les UAS d\u00e9finis a la section 4 et selon les conditions et limitationsd\u00e9finies \u00e0 la section 3, tant qu'il respecte la pr\u00e9sente autorisation d'exploitation, le r\u00e8glement (UE) 2019/947 et touter\u00e9glementation de l'Union ou nationale applicable en mati\u00e8re de vie priv\u00e9e, de protection des donn\u00e9es, de responsabilit\u00e9,d'assurance, de s\u00e9curit\u00e9 et de protection de l'environnement et de manifestation a\u00e9rienne.PIXCIEL informe la DSAC de toute modification des systemes utilis\u00e9s et des proc\u00e9dures appliqu\u00e9es ayant une incidence surl'\u00e9valuation des risques et les conditions de la pr\u00e9sente autorisation. Il accompagne cette notification de la documentationmise \u00e0 jour, et des justificatifs attestant du bon fonctionnement du syst\u00e8me et du maintien du niveau de s\u00e9curit\u00e9.Avant chaque date anniversaire de cette autorisation, l'exploitant fait parvenir \u00e0 la DSAC un bilan de s\u00e9curit\u00e9 desop\u00e9rations r\u00e9alis\u00e9es durant l'ann\u00e9e \u00e9chue.\nPlace F\u00e9lix Baret \u2013 CS 80001 \u2013 13282 Marseille cedex 06\nTel 04.84.35.40.00\nhttp://www.bouches-du-rhone.gouv.fr\n8\nPr\u00e9fecture des Bouches-du-Rhone - 13-2025-07-08-00006 - Arr\u00eat\u00e9 autorisant le comit\u00e9 d'organisation des f\u00eates de Cabri\u00e8s Calas\n(COFCC) \u00e0 organiser un spectacle a\u00e9rien public d'a\u00e9romod\u00e9lisme (SAPA) \u00e9voluant sous autorisation d'exploiter\nle 14 juillet 2025 (avec r\u00e9p\u00e9titions le 13 juillet 2025)\nrue des \u00e9coles, \u00e0 Cabri\u00e8s (13480)\n141\nL'alin\u00e9a 3 de l'article 9 de l'arr\u00eat\u00e9 du 3 d\u00e9cembre 2020 relatif \u00e0 l'utilisation de l'espace a\u00e9rien par les a\u00e9ronefs sans \u00e9quipagea bord dispose \u00ab des d\u00e9rogations aux conditions d'\u00e9volution de nuit vis\u00e9es au 3\u00b0 de l'article 3 ou aux exigences relativesaux hauteurs maximales d'\u00e9volution vis\u00e9es au 1\u00b0 de l'article 8 peuvent \u00eatre accord\u00e9es par le pr\u00e9fet territorialementcomp\u00e9tent, apr\u00e8s avis du service de l'aviation civile et du service de la d\u00e9fense territorialement comp\u00e9tents [...] \u00bb. Apr\u00e8sexamen des \u00e9l\u00e9ments re\u00e7us et en application de l'article 9 susvis\u00e9, la DSAC a l'honneur de vous transmettre, au nom duservice de l'aviation civile territorialement comp\u00e9tent, un avis technique favorable pour la demande de d\u00e9rogation \u00e0l'interdiction de voler de nuit de PIXCIEL, sous r\u00e9serve du respect des conditions techniques et op\u00e9rationnelles figurantdans la pr\u00e9sente autorisation d'exploitation.6.1 Num\u00e9ro d'autorisation d'exploitation | FRA-OAT-2025PIXL002/0006.2 Autorisation valide jusqu'au 15/07/2025\nDate Signature et cachet03/07/2025 = Le 03/07/2025Benjamin VIALARDChef de la division Op\u00e9rations A\u00e9riennes\nPlace F\u00e9lix Baret \u2013 CS 80001 \u2013 13282 Marseille cedex 06\nTel 04.84.35.40.00\nhttp://www.bouches-du-rhone.gouv.fr\n9\nPr\u00e9fecture des Bouches-du-Rhone - 13-2025-07-08-00006 - Arr\u00eat\u00e9 autorisant le comit\u00e9 d'organisation des f\u00eates de Cabri\u00e8s Calas\n(COFCC) \u00e0 organiser un spectacle a\u00e9rien public d'a\u00e9romod\u00e9lisme (SAPA) \u00e9voluant sous autorisation d'exploiter\nle 14 juillet 2025 (avec r\u00e9p\u00e9titions le 13 juillet 2025)\nrue des \u00e9coles, \u00e0 Cabri\u00e8s (13480)\n142","date":"2025-07-09","first_seen_on":"2025-07-09T14:09:28+00:00","id":"b54aad46581ddff25d18194d28c2d9bfd6e756b53f57163182aaf39480fc961c","name":"recueil-13-2025-204-recueil-des-actes-administratifs-special du 09 juillet 2025","pdf_creation_date":"2025-07-09T13:46:17+00:00","pdf_modification_date":null,"timezone":"Europe/Paris","url":"https://www.bouches-du-rhone.gouv.fr/contenu/telechargement/60300/426742/file/recueil-13-2025-204-recueil-des-actes-administratifs-special%20du%2009%20juillet%202025.pdf"}
