{"administration":"pref30","administration_name":"Pr\u00e9fecture du Gard","content":"PR\u00c9FET\nDU GARD\nRECUEIL DES ACTES\nADMINISTRATIFS SP\u00c9CIAL\nN\u00b030-2025-027\nPUBLI\u00c9 LE 14 F\u00c9VRIER 2025\nSommaire\nAgence R\u00e9gionale de la Sant\u00e9- d\u00e9l\u00e9gation d\u00e9partementale du Gard\n/\n30-2025-02-11-00001 - Arr\u00eat\u00e9 de traitement de l'insalubrit\u00e9 de eux\nlocaux \u00e0 usage d'habitation se trouvant R+1 et R+2 c\u00f4t\u00e9 droit de\nl'immeuble situ\u00e9 6 rue Baudin \u00e0 Beaucaire (4 pages) Page 4\n30-2025-02-10-00002 - Arr\u00eat\u00e9 r\u00e9visant le nombre th\u00e9orique des\nv\u00e9hicules affect\u00e9s aux transports sanitaires terrestres dans le\nd\u00e9partement du Gard (2 pages) Page 9\nDirection D\u00e9partementale de la Protection des Populations du Gard  /\n30-2025-02-11-00003 - AP FERMETURE Chez Georges GDR (4 pages) Page 12\nDirection d\u00e9partementale des Finances Publiques du Gard /\n30-2025-02-14-00004 - Arr\u00eat\u00e9 d'ouverture des travaux de remaniement\ndu cadastre portant autorisation de p\u00e9n\u00e9trer dans les propri\u00e9t\u00e9s\npriv\u00e9es (2 pages) Page 17\nDirection D\u00e9partementale des Tetrritoires et de la Mer du Gard /\n30-2025-02-13-00005 - Arr\u00eat\u00e9 portant autorisation environnementale\nsuppl\u00e9tive au titre des articles L181-1 et suivants du code de\nl'environnement concernant\u00a0: VIA-RHONA - SECTION PONT DE\nL'ESPEYRAN AU PORT DE BELLEGARDE sur les communes de Saint Gilles\net de Bellegarde (21 pages) Page 20\n30-2025-02-13-00006 - Arr\u00eat\u00e9 portant d\u00e9placement d'office d'un\nbateau  (2 pages) Page 42\n30-2025-02-12-00001 - Arr\u00eat\u00e9 portant prescriptions compl\u00e9mentaires\nau titre de l'article R214-3 du Code de l'environnement concernant la\nr\u00e9alisation de 3 pi\u00e9zom\u00e8tres situ\u00e9s sur la commune de Saint Gilles\n(6 pages) Page 45\n30-2024-11-13-00004 - ART 20241113 Designation expert indemnisation isn\n(2 pages) Page 52\n30-2025-02-10-00001 - ART portant r\u00e9siliation-sanction des conventions\nAnah (2 pages) Page 55\nPrefecture du Gard /\n30-2025-02-13-00007 - Arr\u00eat\u00e9 d\u00e9clarant d'utilit\u00e9 publique\nl'am\u00e9nagement d'une aire paysag\u00e8re de stationnement\n sur la\ncommune de Montclus. (4 pages) Page 58\n30-2025-02-14-00002 - Arr\u00eat\u00e9 donnant d\u00e9l\u00e9gation de signature \u00e0\nM. Nicolas DUBOIS, Directeur de la S\u00e9curit\u00e9 de 'Aviation Civile Sud (2\npages) Page 63\n2\n30-2025-02-14-00003 - Arr\u00eat\u00e9 N\u00b0 2025/04 - PREF30/SR du 14 f\u00e9vrier\n2025 portant r\u00e9glementation temporaire de la circulation sur les\nautoroutes A9 et A54 (4 pages) Page 66\n30-2025-02-07-00002 - Arr\u00eat\u00e9 pr\u00e9fectoral autorisant l'enregistrement\naudiovisuel des interventions des agents de la police municipale de\nBezouce (3 pages) Page 71\nPrefecture du Gard / SIDPC\n30-2025-02-05-00006 - 250205 AP Tours Matisse (4 pages) Page 75\nSecr\u00e9tariat G\u00e9n\u00e9ral Commun D\u00e9partemental du Gard / mission de la\nperformance et du contr\u00f4le de gestion\n30-2025-02-13-00008 - Subd\u00e9l\u00e9gation de signature de Mme la directrice\ndu Secr\u00e9tariat g\u00e9n\u00e9ral commun d\u00e9partemental du Gard (6 pages) Page 80\nSous Pr\u00e9fecture d'Al\u00e8s /\n30-2025-02-14-00001 - Appel \u00e0 la g\u00e9n\u00e9rosit\u00e9 publique FDD\nMALERARGUES 25-02-23 du 14-02-25 pour l'ann\u00e9e 2025 (2 pages) Page 87\nSous Pr\u00e9fecture d'Al\u00e8s / P\u00d4LE DES COLLECTIVIT\u00c9S TERRITORIALES ET\nDU DEVELOPPEMENT LOCAL\n30-2025-02-13-00001 - Arr\u00eat\u00e9 n\u00b0 30-2025-02-13-00001 du 13/02/2025\nportant d\u00e9claration d'utilit\u00e9 publique et parcellaire pour\nl'instauration des servitudes pour le passage de canalisations publiques\nd'assainissement en terrain priv\u00e9, n\u00e9cessaire au projet de cr\u00e9ation\nd'une station intercommunale de traitement des eaux us\u00e9es (STEU) de\nLa Grand'Combe pour les communes de La Grand'Combe,\nBranoux-les-Taillades, Cendras, Les-Salles-du-Gardon et Sainte-C\u00e9cile\nd'Andorge. (8 pages) Page 90\n3\nAgence R\u00e9gionale de la Sant\u00e9- d\u00e9l\u00e9gation\nd\u00e9partementale du Gard\n30-2025-02-11-00001\nArr\u00eat\u00e9 de traitement de l'insalubrit\u00e9 de eux\nlocaux \u00e0 usage d'habitation se trouvant R+1 et\nR+2 c\u00f4t\u00e9 droit de l'immeuble situ\u00e9 6 rue Baudin \u00e0\nBeaucaire\nAgence R\u00e9gionale de la Sant\u00e9- d\u00e9l\u00e9gation d\u00e9partementale du Gard - 30-2025-02-11-00001 - Arr\u00eat\u00e9 de traitement de l'insalubrit\u00e9 de eux\nlocaux \u00e0 usage d'habitation se trouvant R+1 et R+2 c\u00f4t\u00e9 droit de l'immeuble situ\u00e9 6 rue Baudin \u00e0 Beaucaire 4\n\u00a3 Agence R\u00e9gionale de Sant\u00e9PREFET D\u00e9l\u00e9gation D\u00e9partementale du GardDU GARDLibert\u00e9Egalit\u00e9Fraternit\u00e9\nARRETE n\u00b0De traitement de l'insalubrit\u00e9 de deux locaux a usage d'habitation se trouvant R+1 et R+2c\u00f4t\u00e9 droit de l'immeuble situ\u00e9 6 rue Baudin \u00e0 Beaucaire\nLe pr\u00e9fet du GardChevalier de la L\u00e9gion d'honneur,Chevalier de l'Ordre national du M\u00e9rite\nVU le code de la sant\u00e9 publique (CSP), notamment ses articles L1331-22, L1331-23 et L1331-24 ;VU le code de la construction et de l'habitation (CCH), notamment les articles L511-1 \u00e0L511-8, L521-1 \u00e0 L521-4 et les articles R511-1 \u00e0 R511-10 ;VU le d\u00e9cret n\u00b0 2023-695 du 29 juillet 2023 portant r\u00e8gles sanitaires d'hygi\u00e8ne et de salubrit\u00e9des locaux d'habitation et assimil\u00e9s ;VU le d\u00e9cret du 13 juillet 2023, portant nomination du pr\u00e9fet du Gard, monsieur J\u00e9r\u00f4meBONET,VU l'arr\u00eat\u00e9 pr\u00e9fectoral du 15 septembre 1983, portant R\u00e8glement Sanitaire D\u00e9partemental(RSD), notamment les articles 27-1, 27-2 et 40-2 ;VU l'arr\u00eat\u00e9 pr\u00e9fectoral n\u00b030-2024-10-18-00005, donnant d\u00e9l\u00e9gation de signature \u00e0 monsieurYann GERARD, secr\u00e9taire g\u00e9n\u00e9ral de la pr\u00e9fecture du Gard, sous-pr\u00e9fet du Gard ;VU l'arr\u00eat\u00e9 pr\u00e9fectoral n\u00b030-2025-01-03-0003 du 3 janvier 2025 de traitement de l'insalubrit\u00e9de deux locaux \u00e0 usage d'habitation se trouvant R+1 et R+2 c\u00f4t\u00e9 droit de l'immeuble situ\u00e9 6rue Baudin \u00e0 Beaucaire ;VU la d\u00e9cision n\u00b0488640 du Conseil d'Etat en date du 29 ao\u00fbt 2024, annulant l'int\u00e9gralit\u00e9 dela sous-section 2 de la section 3 du chapitre 1er du titre III du livre III de la premi\u00e8re partie dela partie r\u00e8glementaire du CSP (\u00ab Caract\u00e9ristiques des locaux propres \u00e0 l'habitation \u00bb), issuedu d\u00e9cret n\u00b0 2023-695 du 29 juillet 2023 portant r\u00e8gles sanitaires d'hygi\u00e8ne et de salubrit\u00e9 deslocaux d'habitation et assimil\u00e9s ;VU le rapport du directeur g\u00e9n\u00e9ral de l'agence r\u00e9gionale de sant\u00e9 Occitanie (ARS) en date du9 juillet 2024 ;VU le courrier de l'ARS en date du 17 juillet 2024, adress\u00e9 au propri\u00e9taire des logementssusvis\u00e9s, lui indiquant les motifs qui ont conduit \u00e0 mettre en \u0153uvre la proc\u00e9dure de traitementde l'insalubrit\u00e9 et lui demandant de produire ses observations dans un d\u00e9lai d'un mois;VU la r\u00e9ponse t\u00e9l\u00e9phonique du propri\u00e9taire courant juillet 2024, qui ne peut \u00eatre valid\u00e9e enl'\u00e9tat, le projet de r\u00e9novation propos\u00e9 n'\u00e9tant pas formalis\u00e9 et n\u00e9cessitant au pr\u00e9alable lesautorisations de l'architecte des b\u00e2timents de France et du service de l'urbanisme de la mairiede Beaucaire, dont il n'est pas certain qu'elles puissent \u00eatre accord\u00e9es ;\n6, rue du Mail \u2014 CS 21001 \u2014 30906 NIMES CEDEX 2T\u00e9l. : 04.66.76.80.00 \u2014 Fax : 04.66.76.09.10 \u2014 www.ars.occitanie.sante.fr\nAgence R\u00e9gionale de la Sant\u00e9- d\u00e9l\u00e9gation d\u00e9partementale du Gard - 30-2025-02-11-00001 - Arr\u00eat\u00e9 de traitement de l'insalubrit\u00e9 de eux\nlocaux \u00e0 usage d'habitation se trouvant R+1 et R+2 c\u00f4t\u00e9 droit de l'immeuble situ\u00e9 6 rue Baudin \u00e0 Beaucaire 5\nVu le code de la construction et de l'habitation (CCH), notamment ses articles L511-19 a1511-22, L521-1 \u00e0 L521-4, L541-1 et suivants et R511-1 \u00e0 R511-13 ;Consid\u00e9rant que l'article L1331-23 du CSP stipule : \u00ab Ne peuvent \u00eatre mis a disposition auxfins d'habitation, \u00e0 titre gratuit ou on\u00e9reux, les locaux insalubres dont la d\u00e9finition est pr\u00e9cis\u00e9econform\u00e9ment aux dispositions de l'article L1331-22, que constituent les caves, sous-sols,combles, pi\u00e8ces dont la hauteur sous plafond est insuffisante, pi\u00e8ces de vie d\u00e9pourvuesd'ouverture sur l'ext\u00e9rieur ou d\u00e9pourvues d'\u00e9clairement naturel suffisant ou de configurationexigu\u00eb, et autres locaux par nature impropres \u00e0 l'habitation, ni des locaux utilis\u00e9s dans desconditions qui conduisent manifestement \u00e0 leur sur-occupation \u00bb;Consid\u00e9rant que les articles 27-1, 27-2 et 40-2 du RSD s'appliquent \u00e0 nouveau, suite \u00e0l'annulation des articles R1331-17 \u00e0 R1331-23 du CSP (relatifs au caract\u00e8re propre des locauxd'habitation), par le Conseil d'Etat en date du 29 ao\u00fbt 2024 ;Consid\u00e9rant le rapport \u00e9tabli le directeur g\u00e9n\u00e9ral de l'ARS en date du 9 juillet 2024, attestantque le logement se trouvant R+1 c\u00f4t\u00e9 droit (et identifi\u00e9 par l'invariant fiscal n\u00b0300320261351)et logement se trouvant R+2 c\u00f4t\u00e9 droit (identifi\u00e9 par l'invariant fiscal n\u00b0300320261353) del'immeuble situ\u00e9 6 rue Baudin \u00e0 Beaucaire parcelles cadastr\u00e9es AZ 63 et AZ 258, sontconstitu\u00e9s de pi\u00e8ces d\u00e9pourvues d'ouverture sur l'ext\u00e9rieur donnant \u00e0 l'air libre, ou dans unvolume vitr\u00e9 donnant lui-m\u00eame \u00e0 l'air libre. Que de ce fait, l'\u00e9clairement naturel y est tr\u00e8sinsuffisant qu'il s'av\u00e8re impossible d'y lire en pleine journ\u00e9e et par temps clair, sans recourir aun \u00e9clairage artificiel.Consid\u00e9rant que l'absence d'\u00e9clairement naturel et l'absence de vue horizontale ou deprospect est de nature \u00e0 engendrer des probl\u00e8mes oculaires et d'atteinte mentale ;Consid\u00e9rant que les autres d\u00e9sordres constat\u00e9s sont pr\u00e9judiciables pour la sant\u00e9 et las\u00e9curit\u00e9 des occupants aux motifs suivants :- risques d'affections respiratoires du fait de absence de ventilation g\u00e9n\u00e9rale et permanente ;- risques d'\u00e9lectrisation, compte tenu des anomalies \u00e9lectriques ;- risques de chute des personnes, notamment pour le local en R+1 du fait de l'absence degarde-corps s\u00e9curis\u00e9 dans la chambre ;- risques d'intoxication au monoxyde de carbone, du fait de la pr\u00e9sence d'appareils \u00e0combustion dans des pi\u00e8ces d\u00e9pourvues d'amen\u00e9e d'air comburant ;Consid\u00e9rant a ce jour, et a d\u00e9faut de document certifiant du contraire, qu'il n'est pas certainque l'\u00e9clairement naturel des logements susvis\u00e9s puisse \u00eatre grandement am\u00e9lior\u00e9, tant surle plan technique (configuration des locaux), que sur le plan r\u00e9glementaire (autorisationsadministratives et plan local d'urbanisme) ;Consid\u00e9rant le changement de g\u00e9rant, d'associ\u00e9s et d'adresse de la SCI NICADO,propri\u00e9taire des locaux susvis\u00e9s, par actes enregistr\u00e9s au tribunal de commerce d'Aix-en-Provence le 12 ao\u00fbt 2024 et le 4 d\u00e9cembre 2024, mais communiqu\u00e9s \u00e0 l'administration le 23d\u00e9cembre 2024 :Consid\u00e9rant que l'arr\u00eat\u00e9 pr\u00e9fectoral n\u00b030-2025-01-03-0003 du 3 janvier 2025 comporte uneerreur d'\u00e9criture concernant l'adresse de la SCI NICADO, cet arr\u00eat\u00e9 ayant \u00e9t\u00e9 r\u00e9dig\u00e9 et sign\u00e9avant la connaissance du changement d'adresse de la SCI ;Consid\u00e9rant d\u00e8s lors qu'il y a lieu de prescrire les mesures appropri\u00e9es et leur d\u00e9laid'ex\u00e9cution ;\nAgence R\u00e9gionale de la Sant\u00e9- d\u00e9l\u00e9gation d\u00e9partementale du Gard - 30-2025-02-11-00001 - Arr\u00eat\u00e9 de traitement de l'insalubrit\u00e9 de eux\nlocaux \u00e0 usage d'habitation se trouvant R+1 et R+2 c\u00f4t\u00e9 droit de l'immeuble situ\u00e9 6 rue Baudin \u00e0 Beaucaire 6\nSur proposition du secr\u00e9taire g\u00e9n\u00e9ral de la pr\u00e9fecture,\nArr\u00e9teArticle 1Est abrog\u00e9, l'arr\u00eat\u00e9 pr\u00e9fectoral n\u00b030-2025-01-03-0003 du 3 janvier 2025 de traitement del'insalubrit\u00e9 de deux locaux a usage d'habitation se trouvant R+1 et R+2 c\u00f4t\u00e9 droit del'immeuble situ\u00e9 6 rue Baudin \u00e0 Beaucaire ;Article 2Sont reconnus comme \u00e9tant insalubres, les logements se trouvant R+1 et R+2 c\u00f4t\u00e9 droit(identifi\u00e9s par les invariants fiscaux n\u00b0300320261351 et n\u00b0300320261353) de l'immeuble situ\u00e96 rue Baudin \u00e0 Beaucaire, parcelles cadastr\u00e9es AZ 63 et AZ 258.Ces logements sont la propri\u00e9t\u00e9 de la SCI NICADO, sise Jas de Rhodes 3100 AvenueCapitaine Corvette Paul Brutus 13170 Les Pennes-Mirabeau et enregistr\u00e9e sous le Siret n\u00b0485380 547 00037 ;Article 3Dans un d\u00e9lai de 2 mois \u00e0 compter de la notification du pr\u00e9sent arr\u00eat\u00e9, le propri\u00e9tairementionn\u00e9 \u00e0 l'article 1 (et/ou ses ayants droit) est tenu de mettre fin \u00e0 la mise \u00e0 disposition des2 locaux susvis\u00e9s.Article 4Dans le m\u00eame d\u00e9lai, le propri\u00e9taire mentionn\u00e9 \u00e0 l'article 1 (et/ou ses ayants droit) est tenud'assurer le relogement des occupants en application des articles L521-1 et L521-3-1 du CCH.Il doit avoir inform\u00e9 le pr\u00e9fet des offres de relogement faites aux occupants pour se conformer\u00e0 l'obligation pr\u00e9vue \u00e0 l'article L 511-18 du code de la construction et de l'habitation. Cette offredevra correspondre aux besoins et aux possibilit\u00e9s des occupants.A d\u00e9faut, pour le propri\u00e9taire et/ou ses ayants droit d'avoir assur\u00e9 le relogement des occupantsdans les d\u00e9lais impartis, cette mesure pourra \u00eatre effectu\u00e9e \u00e0 ses frais, par la collectivit\u00e9publique ou le pr\u00e9fet.Article 5Compte tenu des risques encourus, et de l'impossibilit\u00e9 technique de rem\u00e9dier \u00e0 toutes lescauses de l'insalubrit\u00e9, les locaux susvis\u00e9s sont interdits d\u00e9finitivement \u00e0 l'habitation et ce d\u00e8sla notification du pr\u00e9sent arr\u00eat\u00e9. Ces locaux ne pourront n'\u00eatre ni relou\u00e9s, ni mis \u00e0 dispositionpour un usage d'habitation que ce soit a titre on\u00e9reux ou gratuit.Article 6Le loyer en principal ou toutes autres sommes vers\u00e9es en contrepartie de l'occupation de ceslocaux cesse d'\u00eatre du, \u00e0 compter du premier jour du mois qui suit l'envoi de la notification dupr\u00e9sent arr\u00eat\u00e9 ou de son affichage \u00e0 la mairie et sur la fa\u00e7ade de l'immeuble.Article 7La non-ex\u00e9cution des mesures prescrites dans les d\u00e9lais pr\u00e9cis\u00e9s ci-avant, expose lepropri\u00e9taire au paiement d'une astreinte financi\u00e8re calcul\u00e9e en fonction du nombre de jours deretard, dans les conditions pr\u00e9vues \u00e0 l'article L511-15 du CCH.Article 8Le non-respect du pr\u00e9sent arr\u00eat\u00e9 constitue une infraction qui peut faire l'objet d'une sanctionp\u00e9nale conform\u00e9ment \u00e0 l'article L511-22 du code de la construction et de l'habitation.\nAgence R\u00e9gionale de la Sant\u00e9- d\u00e9l\u00e9gation d\u00e9partementale du Gard - 30-2025-02-11-00001 - Arr\u00eat\u00e9 de traitement de l'insalubrit\u00e9 de eux\nlocaux \u00e0 usage d'habitation se trouvant R+1 et R+2 c\u00f4t\u00e9 droit de l'immeuble situ\u00e9 6 rue Baudin \u00e0 Beaucaire 7\nArticle 9Le pr\u00e9sent arr\u00eat\u00e9 sera notifi\u00e9 au propri\u00e9taire mentionn\u00e9 \u00e0 l'article 1.Il sera affich\u00e9 \u00e0 la mairie de Beaucaire, ainsi que sur la fa\u00e7ade de l'immeuble.Il sera publi\u00e9 \u00e0 la conservation des hypoth\u00e8ques dont d\u00e9pend l'immeuble, aux frais dupropri\u00e9taire mentionn\u00e9 \u00e0 l'article 1, et au Recueil des Actes Administratifs (RAA) de lapr\u00e9fecture du Gard.Il sera \u00e9galement transmis \u00e0 la communaut\u00e9 de communes de Beaucaire Terre d'Argence, auxorganismes payeurs des aides personnelles au logement (CAF et MSA), ainsi qu'auxgestionnaires du Fonds de Solidarit\u00e9 pour le Logement (FSL) du d\u00e9partement, et \u00e0 la chambred\u00e9partementale des notaires.Article 10Le pr\u00e9sent arr\u00eat\u00e9 peut faire l'objet d'un recours gracieux aupr\u00e8s de monsieur le pr\u00e9fet du Gard,dans un d\u00e9lai de deux mois suivant la notification du pr\u00e9sent arr\u00eat\u00e9.L'absence de r\u00e9ponse dans un d\u00e9lai de deux mois vaut d\u00e9cision implicite de rejet.Le pr\u00e9sent arr\u00eat\u00e9 peut \u00e9galement faire l'objet d'un recours hi\u00e9rarchique aupr\u00e8s du ministrecharg\u00e9 de la sant\u00e9 (Direction g\u00e9n\u00e9rale de la sant\u00e9- EA 2- 14, avenue Duquesne, 75350 Paris07 SP) dans un d\u00e9lai de deux mois suivant sa notification.L'absence de r\u00e9ponse dans un d\u00e9lai de deux mois vaut d\u00e9cision implicite de rejet.Un recours contentieux peut \u00eatre \u00e9galement d\u00e9pos\u00e9 aupr\u00e8s du tribunal administratif de N\u00eemessitu\u00e9 16 avenue Feuch\u00e8res CS 88010 - 30941 N\u00eemes Cedex 09, dans le d\u00e9lai de deux mois \u00e0compter de sa notification ou dans le d\u00e9lai de deux mois \u00e0 partir de la r\u00e9ponse del'administration si un recours administratif a \u00e9t\u00e9 d\u00e9pos\u00e9.Le tribunal administratif peut \u00e9galement \u00eatre saisi par l'application informatique \u00ab T\u00e9l\u00e9recoursCitoyens \u00bb accessible par le site internet \u00ab www.telerecours.fr \u00bb.Article 11Le secr\u00e9taire g\u00e9n\u00e9ral de la pr\u00e9fecture du Gard, le maire de Beaucaire, le directeurd\u00e9partemental des territoires et de la mer du Gard, le procureur de la R\u00e9publique et les agentsde police judiciaire sont charg\u00e9s, chacun en ce qui le concerne, de l'application du pr\u00e9sentarr\u00eat\u00e9, qui prendra effet \u00e0 compter de sa notification.\nN\u00eemes le\nLe pr\u00e9fet,\nPour le pr\u00e9fet,ie sous-pr\u00e9fet,secr\u00e9taire g\u00e9n\u00e9ral adjoint\n11/02/2025\nAgence R\u00e9gionale de la Sant\u00e9- d\u00e9l\u00e9gation d\u00e9partementale du Gard - 30-2025-02-11-00001 - Arr\u00eat\u00e9 de traitement de l'insalubrit\u00e9 de eux\nlocaux \u00e0 usage d'habitation se trouvant R+1 et R+2 c\u00f4t\u00e9 droit de l'immeuble situ\u00e9 6 rue Baudin \u00e0 Beaucaire 8\nAgence R\u00e9gionale de la Sant\u00e9- d\u00e9l\u00e9gation\nd\u00e9partementale du Gard\n30-2025-02-10-00002\nArr\u00eat\u00e9 r\u00e9visant le nombre th\u00e9orique des\nv\u00e9hicules affect\u00e9s aux transports sanitaires\nterrestres dans le d\u00e9partement du Gard\nAgence R\u00e9gionale de la Sant\u00e9- d\u00e9l\u00e9gation d\u00e9partementale du Gard - 30-2025-02-10-00002 - Arr\u00eat\u00e9 r\u00e9visant le nombre th\u00e9orique des\nv\u00e9hicules affect\u00e9s aux transports sanitaires terrestres dans le d\u00e9partement du Gard 9\nREPUBLIQUE %FRAN\u00c7AISE @ DAgence R\u00e9gionale de Sant\u00e9 WyLibert\u00e9 Occitanie \u00a5 =\u00c9galit\u00e9 LL,Fraternit\u00e9\nLe Directeur G\u00e9n\u00e9ral de l'Agence R\u00e9gionale de Sant\u00e9 Occitanie,ARR\u00caTER\u00e9visant le nombre th\u00e9orique des v\u00e9hicules affect\u00e9s aux transports sanitaires terrestresdans le d\u00e9partement du Gard\nVu le code de la sant\u00e9 publique et notamment ses articles L.6312-1 et suivants et R.6312-1 et suivants modifi\u00e9s ;Vu la loi n\u00b02009-879 du 21 juillet 2009 portant r\u00e9forme de l'h\u00f4pital et relative aux patients, \u00e0 la sant\u00e9 et auxterritoires ;Vu la loi n\u00b02015-29 du 16 janvier 2015 relative \u00e0 la d\u00e9limitation des r\u00e9gions, aux \u00e9lections r\u00e9gionales etd\u00e9partementales et modifiant le calendrier \u00e9lectoral ;Vu l'ordonnance n\u00b02010-177 du 23 f\u00e9vrier 2010 de coordination avec la loi n\u00b02009-879 du 21 juillet 2009 ;Vu l'ordonnance n\u00b02015-1620 du 10 d\u00e9cembre 2015 adaptant les agences r\u00e9gionales de sant\u00e9 et les unionsr\u00e9gionales de professionnels de sant\u00e9 \u00e0 la nouvelle d\u00e9limitation des r\u00e9gions ;Vu le d\u00e9cret n\u00b02009-136 du 9 f\u00e9vrier 2009 portant diverses dispositions relatives aux plaques et inscriptions, lar\u00e9ception et l'homologation et l'immatriculation des v\u00e9hicules ;Vu le d\u00e9cret n\u00b02010-336 du 31 mars 2010 portant cr\u00e9ation des agences r\u00e9gionales de sant\u00e9 ;Vu le d\u00e9cret n\u00b02012-1007 du 29 ao\u00fbt 2012 relatif \u00e0 l'agr\u00e9ment n\u00e9cessaire au transport sanitaire terrestre et \u00e0l'autorisation de mise en service de v\u00e9hicules de transports sanitaires ;Vu le d\u00e9cret n\u00b02012-1331 du 29 novembre 2012 modifiant certaines dispositions r\u00e9glementaires prises enapplication de la loi n\u00b02009-879 du 21 juillet 2009 portant r\u00e9forme de l'h\u00f4pital et relative aux patients, \u00e0 la sant\u00e9 etaux territoires ;Vu le d\u00e9cret n\u00b0 2016-1264 du 28 septembre 2016 portant fixation du nom et du chef-lieu de la r\u00e9gion OccitanieVu le d\u00e9cret du 20 avril 2022 portant nomination de Monsieur Didier JAFFRE au poste de directeur g\u00e9n\u00e9ral del'agence r\u00e9gionale de sant\u00e9 Occitanie ;Vu l'arr\u00eat\u00e9 du 12 d\u00e9cembre 2017, fixant les caract\u00e9ristiques et les installations mat\u00e9rielles exig\u00e9es pour lesv\u00e9hicules affect\u00e9s aux transports sanitaires terrestres ;Vu la d\u00e9cision de ARS Occitanie n\u00b02023-5933 du 28 novembre 2023 portant d\u00e9l\u00e9gation de signature de MonsieurDidier Jaffre, Directeur g\u00e9n\u00e9ral de l'Agence R\u00e9gionale de Sant\u00e9 Occitanie \u00e0 Monsieur Guillaume DUBOISdirecteur d\u00e9partemental du Gard;Vu l'arr\u00eat\u00e9 du 05 octobre 1995 relatif \u00e0 l'autorisation de mise en service des v\u00e9hicules affect\u00e9s aux transportssanitaires terrestresVu La d\u00e9cision de l'ARS Languedoc-Roussillon du 19 juin 2015, enregistr\u00e9es au Recueil des Actes Administratifdu Gard sous le n\u00b0 2015-07-G / \u00e9dition sp\u00e9ciale n\u00b0 51 du 10 Juillet 2015 r\u00e9visant le nombre th\u00e9orique de v\u00e9hiculesde transports sanitaires terrestres du Gard,Vu l'avis du sous comit\u00e9 des transports sanitaires terrestres dans sa s\u00e9ance du 19 d\u00e9cembre 2024Consid\u00e9rant la satisfaction des besoins sanitaires de la population dans le d\u00e9partement du Gard,Agence R\u00e9gionale de Sant\u00e9 OccitanieD\u00e9l\u00e9gation d\u00e9partementale du GARD6, rue du Mail30906 NIMES CEDEX 2occitanie.ars.sante.fr 3 in|\nAgence R\u00e9gionale de la Sant\u00e9- d\u00e9l\u00e9gation d\u00e9partementale du Gard - 30-2025-02-10-00002 - Arr\u00eat\u00e9 r\u00e9visant le nombre th\u00e9orique des\nv\u00e9hicules affect\u00e9s aux transports sanitaires terrestres dans le d\u00e9partement du Gard 10\nConsid\u00e9rant qu'il n'existe pas de circonstances locales tenant \u00e0 la d\u00e9mographie, a la g\u00e9ographie et aux\u00e9quipements sanitaires du d\u00e9partement qui motiveraient une majoration du nombre th\u00e9orique par rapport \u00e0 lastricte application des indicateurs nationauxSur proposition de Monsieur le Directeur D\u00e9partemental du Gard de l'Agence R\u00e9gionale de Sant\u00e9 d'Occitanie ;\nDECIDE\nArticle 1 : Le nombre th\u00e9orique de v\u00e9hicules de transports sanitaires du d\u00e9partement du Gard est fix\u00e9 \u00e0 298 parstricte application des quotas.Article 2 : La d\u00e9cision de l'ARS Languedoc-Roussillon du 19 juin 2015, enregistr\u00e9es au Recueil des ActesAdministratif du Gard sous le n\u00b0 2015-07-G / \u00e9dition sp\u00e9ciale n\u00b0 51 du 10 Juillet 2015 susvis\u00e9 est abrog\u00e9.Article 3 : Un recours peut \u00eatre form\u00e9 contre la pr\u00e9sente d\u00e9cision, devant le tribunal administratif comp\u00e9tent, dansun d\u00e9lai de deux mois, \u00e0 compter de sa notification. Le tribunal administratif peut \u00eatre saisi d'un recours d\u00e9pos\u00e9via l'application T\u00e9l\u00e9recours citoyens accessible par le site internet: www.telerecours.frArticle 4 : Le directeur d\u00e9partemental du Gard de l'Agence R\u00e9gionale de Sant\u00e9 Occitanie est charg\u00e9 de l'ex\u00e9cutionde la pr\u00e9sente d\u00e9cision qui sera publi\u00e9e au recueil des actes administratifs de la pr\u00e9fecture du Gard.\nN\u00eemes, le 10 FEV. 2025P/Le Directeur G\u00e9n\u00e9ralde l'Agence R\u00e9gionale de Sant\u00e9et par d\u00e9l\u00e9gation,Le Directeur D\u00e9partemental du Gard\nGuillaume DUBOISaa Aenoe Laisse. \u00c0 _+ \u2014\n#2\nAgence R\u00e9gionale de la Sant\u00e9- d\u00e9l\u00e9gation d\u00e9partementale du Gard - 30-2025-02-10-00002 - Arr\u00eat\u00e9 r\u00e9visant le nombre th\u00e9orique des\nv\u00e9hicules affect\u00e9s aux transports sanitaires terrestres dans le d\u00e9partement du Gard 11\nDirection D\u00e9partementale de la Protection des\nPopulations du Gard \n30-2025-02-11-00003\nAP FERMETURE Chez Georges GDR\nDirection D\u00e9partementale de la Protection des Populations du Gard  - 30-2025-02-11-00003 - AP FERMETURE Chez Georges GDR 12\n| er .PREFET Direction d\u00e9partementaleDU GARD de la protection des populationsLibert\u00e9\u00c9galit\u00e9Fraternit\u00e9\nArr\u00eat\u00e9 pr\u00e9fectoral n\u00b0 2025-11-02Pronon\u00e7ant la fermeture de l'\u00e9tablissement :\u00abChez Georges\u00bbSis 7 boulevard Mar\u00e9chal Juin30240 Le Grau-du-RoiExploit\u00e9 par Monsieur ILLIANO EnzoSiret : 88986431000012Le pr\u00e9fet du GardChevalier de la L\u00e9gion d'Honneur,Chevalier de l'Ordre National du M\u00e9rite,\nVU le r\u00e8glement (CE) n\u00b0 178/2002 du Parlement europ\u00e9en et du conseil du 29 avril 2004 \u00e9tablissantles principes g\u00e9n\u00e9raux et les prescriptions g\u00e9n\u00e9rales de la l\u00e9gislation alimentaire, instituant l'autorit\u00e9europ\u00e9enne de s\u00e9curit\u00e9 des aliments et fixant des proc\u00e9dures relatives \u00e0 la s\u00e9curit\u00e9 des denr\u00e9esalimentaires ;VU le r\u00e8glement (CE) n\u00b0 852/2004 du Parlement europ\u00e9en et du conseil du 29 avril 2004 relatif \u00e0l'hygi\u00e8ne des aliments ;VU le r\u00e8glement (CE) n\u00b0 853/2004 du Parlement europ\u00e9en et du conseil du 29 avril 2004 fixant desr\u00e8gles sp\u00e9cifiques d'hygi\u00e8ne applicables aux denr\u00e9es alimentaires d'origine animale ;VU le r\u00e8glement (CE) n\u00b0 2073/2005 de la Commission du 15 novembre 2005 concernant les crit\u00e8resmicrobiologiques applicables aux denr\u00e9es alimentaires ;VU le code rural et de la p\u00eache maritime, notamment les articles L.233-1 et D 233-20 ;VU le code des relations entre le public et l'administration, notamment les articles L.122-1 et L.122-2 ;VU le code g\u00e9n\u00e9ral des collectivit\u00e9s territoriales, et notamment l'article L.2512-13 ;VU le d\u00e9cret du Pr\u00e9sident de la R\u00e9publique en date du 13 juillet 2023 nommant Monsieur J\u00e9r\u00f4meBONET, pr\u00e9fet du Gard \u00e0 compter du 21 ao\u00fbt 2023 ;VU l'arr\u00eat\u00e9 minist\u00e9riel du 18 d\u00e9cembre 2009 relatif aux r\u00e8gles sanitaires applicables aux produitsd'origine animale et aux denr\u00e9es alimentaires en contenant ;VU l'arr\u00eat\u00e9 minist\u00e9riel du 21 d\u00e9cembre 2009 relatif aux r\u00e8gles sanitaires applicables aux activit\u00e9s decommerce de d\u00e9tail, d'entreposage et de transport de produits d'origine animale et denr\u00e9esalimentaires en contenant ; \u2014VU l'arr\u00eat\u00e9 du Premier ministre et du ministre d'\u00c9tat, ministre de l'int\u00e9rieur, en date du 8 janvier 2025nommant M. Fr\u00e9d\u00e9ric FORNER directeur d\u00e9partemental de la protection des populations du Gard ;VU l'arr\u00eat\u00e9 pr\u00e9fectoral n\u00b030-2025-01-27-00002 donnant d\u00e9l\u00e9gation de signature et mandat derepr\u00e9sentation \u00e0 M. Fr\u00e9d\u00e9ric FORNER, directeur d\u00e9partemental de la protection des populations ;\nDirection D\u00e9partementale de la Protection des Populations du Gard  - 30-2025-02-11-00003 - AP FERMETURE Chez Georges GDR 13\nConsid\u00e9rant que l'inspection r\u00e9alis\u00e9e le 11 f\u00e9vier 2025 par Yannick Vauthier, agent de la directiond\u00e9partemental de la protection des populations, pour le compte et sous l'autorit\u00e9 du pr\u00e9fet ded\u00e9partement, dans l'\u00e9tablissement \u00e0 l'enseigne \"Chez Georges\", sis 7 boulevard Mar\u00e9chal Juin -30240 Le Grau-du-Roi exploit\u00e9 par Monsieur ILLIANO Enzo, a permis de constater de gravesmanquements aux r\u00e8gles d'hygi\u00e9ne et d'entretien g\u00e9n\u00e9ral des lieux et installations ;Consid\u00e9rant que l'ensemble de ces constats permet de conclure que les conditions defonctionnement de cet \u00e9tablissement sont telles que les produits fabriqu\u00e9s, d\u00e9tenus ou mis en vente,sont susceptibles de pr\u00e9senter un danger imm\u00e9diat pour la sant\u00e9 publique ;Consid\u00e9rant que d\u00e8s lors, il y a n\u00e9cessit\u00e9 et urgence a ce que des mesures soient prises pourpr\u00e9server la sant\u00e9 publique ;Consid\u00e9rant que les articles L 233-1 et D 233-20 du code rural et de la p\u00eache maritime autorisent lePr\u00e9fet, en cas d'urgence et pour pr\u00e9venir les dangers graves et imminents pour la sant\u00e9 publique, aordonner la fermeture imm\u00e9diate de tout ou partie de l'\u00e9tablissement ou l'arr\u00eat imm\u00e9diat d'une ouplusieurs activit\u00e9s jusqu'\u00e0 r\u00e9alisation des mesures permettant la r\u00e9ouverture de l'\u00e9tablissement ou lareprise des activit\u00e9s sans risque pour la sant\u00e9 publique ;Consid\u00e9rant que compte-tenu de l'urgence (article L.121-2 du code des relations entre le public etl'administration), il n'y a pas lieu de respecter la proc\u00e9dure contradictoire pr\u00e9vue aux articles L.121-1et L.122-1 du m\u00eame code ;\nArr\u00eate :Article 1: L'\u00e9tablissement \"Chez Georges\", sis 7 boulevard Mar\u00e9chal Juin - 30240 LeGrau-du-Roi exploit\u00e9 par Monsieur ILLIANO Enzo est ferm\u00e9 pour la partie restauration, \u00e0 compter dela notification du pr\u00e9sent arr\u00eat\u00e9, pour des raisons sanitaires.Article 2 : L'abrogation du pr\u00e9sent arr\u00eat\u00e9 est subordonn\u00e9e \u00e0 la constatation sur place, par lesagents de la direction d\u00e9partementale de la protection des populations, de la r\u00e9alisation int\u00e9grale desmesures correctives et travaux prescrits \u00e0 la suite de l'inspection r\u00e9alis\u00e9e dans cet \u00e9tablissement.Il convient notamment de :Locaux:- proc\u00e9der \u00e0 un nettoyage approfondi et \u00e0 une d\u00e9sinfection efficace des locaux de production, deplonge, de la chambre froide positive (murs, sols, plafonds) et de tous les \u00e9quipements pr\u00e9sents(r\u00e9frig\u00e9rateurs, cong\u00e9lateurs, hottes, chambres froides...) ;- rendre les locaux inaccessibles aux nuisibles (rongeurs, insectes) ;Equipements:- \u00e9quiper les enceintes froides de thermom\u00e8tres \u00e0 lecture directe ;Fonctionnement:- respecter les bonnes pratiques d'hygi\u00e8ne ;- mettre en place un syst\u00e8me de tra\u00e7abilit\u00e9 des denr\u00e9es efficient ;- prot\u00e9ger, identifier et dater les denr\u00e9es conserv\u00e9es dans les enceintes froides;- mettre en place le plan de nettoyage et d\u00e9sinfection des locaux et \u00e9quipements;- proc\u00e9der au contr\u00f4le \u00e0 r\u00e9ception des denr\u00e9es et \u00e0 l'enregistrement des donn\u00e9es sur un documentpr\u00e9vu \u00e0 cet effet ;- proc\u00e9der au relev\u00e9 quotidien des temp\u00e9ratures des enceintes froides et les enregistrer dans undocument d\u00e9di\u00e9 ;\nDirection D\u00e9partementale de la Protection des Populations du Gard  - 30-2025-02-11-00003 - AP FERMETURE Chez Georges GDR 14\n- prendre contact avec un laboratoire afin de mettre en place un plan d'autocontr\u00e9lesmicrobiologiques, physiques et chimiques adapt\u00e9 a votre \u00e9tablissement et fonctionnement ;- Suivre une formation en hygi\u00e8ne alimentaire aupr\u00e8s d'un \u00e9tablissement agr\u00e9\u00e9 et transmettrel'attestation de formation \u00e0 la DDPP ;- proc\u00e9der \u00e0 l'affichage de l'origine des viandes et allerg\u00e8nes \u00e0 d\u00e9claration obligatoire ;- se doter de poubelle \u00e0 commande non-manuelle, d'un lave main \u00e0 commande non-manuelle ;- suspendre les balais et raclettes ; |- mettre en place un plan de lutte contre les nuisibles ;Personnel:- afficher les instructions \u00e9crites \u00e0 l'usage du personnel.\nArticle 3 : Le niveau d'hygi\u00e8ne de l'\u00e9tablissement \"Chez Georges\", sis 7 boulevard Mar\u00e9chalJuin - 30240 Le Grau-du-Roi exploit\u00e9 par Monsieur ILLIANO Enzo, \u00ab \u00c0 CORRIGER DE MANIEREURGENTE \u00bb sera publi\u00e9 sur le site internet :httos://dgal.opendatasoft.com/pages/alimconfiance jusqu'au prochain contr\u00f4le, ou pour une dur\u00e9e d'unan maximum.Article 4 : Le pr\u00e9sent arr\u00eat\u00e9 devra \u00eatre affich\u00e9 \u00e0 l'entr\u00e9e de l'\u00e9tablissement afin que les clientspuissent en prendre connaissance.Article 5: La pr\u00e9sente d\u00e9cision peut faire l'objet d'un recours devant la juridictionadministrative territorialement comp\u00e9tente dans un d\u00e9lai de deux mois \u00e0 compter de sa notification,soit par courrier, soit par l'application informatique T\u00e9l\u00e9recours accessible, sur le site :ntto:/Awww.telerecours. fr.Article 6: Dans le cas o\u00f9 il serait contrevenu \u00e0 l'article 1 du pr\u00e9sent arr\u00eat\u00e9, l'exploitants'expose aux sanctions pr\u00e9vues par l'article L.532-3 du code de la consommation (peine de deux ansd'emprisonnement et amende de 15 000 euros) et aux sanctions pr\u00e9vues \u00e0 l'article L.237-2 II du coderural et de la p\u00eache maritime (peine de 2 ans d'emprisonnement et 30 000 euros d'amende).Article 7 : Le secr\u00e9taire g\u00e9n\u00e9ral de la pr\u00e9fecture, la directrice de cabinet du pr\u00e9fet, le directeurd\u00e9partemental de la protection des populations, le colonel commandant le groupement d\u00e9partementalde gendarmerie, le maire du Grau-du-Roi, sont charg\u00e9s, chacun en ce qui les concerne, de l'ex\u00e9cutiondu pr\u00e9sent arr\u00eat\u00e9 qui sera notifi\u00e9 \u00e0 l'exploitant Monsieur ILLIANO Enzo.\nA Nimes, le 11 f\u00e9vrier 2025Pour le pr\u00e9fet et par d\u00e9l\u00e9gationLe directeur d\u00e9partemental adjointde la protection des populations\nDirection D\u00e9partementale de la Protection des Populations du Gard  - 30-2025-02-11-00003 - AP FERMETURE Chez Georges GDR 15\nDirection D\u00e9partementale de la Protection des Populations du Gard  - 30-2025-02-11-00003 - AP FERMETURE Chez Georges GDR 16\nDirection d\u00e9partementale des Finances\nPubliques du Gard\n30-2025-02-14-00004\nArr\u00eat\u00e9 d'ouverture des travaux de remaniement\ndu cadastre portant autorisation de p\u00e9n\u00e9trer\ndans les propri\u00e9t\u00e9s priv\u00e9es\nDirection d\u00e9partementale des Finances Publiques du Gard - 30-2025-02-14-00004 - Arr\u00eat\u00e9 d'ouverture des travaux de remaniement du\ncadastre portant autorisation de p\u00e9n\u00e9trer dans les propri\u00e9t\u00e9s priv\u00e9es 17\nPr\u00e9fecture du GardPREFET Direction de la citoyennet\u00e9, de la l\u00e9galit\u00e9 et de la coordination: DU GARD Bureau de la coordination, des politiques publiquesLibert\u00e9 et de l'appui territorial\u00c9galit\u00e9 .Fraternit\u00e9\nARRETEd'ouverture des travaux de remaniement du cadastreportant autorisation de p\u00e9n\u00e9trer dans les propri\u00e9t\u00e9s priv\u00e9es\nLe Pr\u00e9fet du Gard,Chevalier de la l\u00e9gion d'Honneur,Chevalier de l'ordre national du M\u00e9rite\nxVu la loi du 6 juillet 1943 relative \u00e0 l'ex\u00e9cution des travaux g\u00e9od\u00e9siques etcadastraux et a la conservation des signaux, bornes et rep\u00e9res ;Vu le d\u00e9cret n\u00b0 55-471 du 30 avril 1955 relatif \u00e0. la. Seneyation et a la_ conservation du Cadastre:Vu la loi n\u00b074-645 du 18 juillet 1974 relative a la mise a jour p\u00e9riodique desvaleurs locatives servant de base aux impositions directes locales ;Sur proposition de la Directrice d\u00e9partementale des Finances Publiques duGard, | ARR\u00caTE :Article 1: Les op\u00e9rations de remaniement du cadastre seront entreprises dans lacommune de SAINT -JEAN-DU-GARD \u00e0 partir du 17 f\u00e9vrier 2025.l'ex\u00e9cution, le contr\u00f4le et la direction de ces op\u00e9rations seront assur\u00e9s par ladirection d\u00e9partementale des Finances Publiques du GARD.Article 2: Les agents charg\u00e9s des travaux, d\u00fbment accr\u00e9dit\u00e9s, et leurs auxiliaires, :sont autoris\u00e9s \u00e0 p\u00e9n\u00e9trer dans les propri\u00e9t\u00e9s publiques et priv\u00e9es situ\u00e9es sur leterritoire de la commune de SAINT-JEAN-DU GARD, ainsi que, le cas \u00e9ch\u00e9ant, surcelui des communes limitrophes, ci-apr\u00e8s \u00e9num\u00e9r\u00e9es: MIALET, PEYROLLES,SAINTE-CROIX-DE-CADERLE, MOISSAC VALLEE-FRANCAISE, SAINT-ETIENNE-VALLEE-FRANCAISE et THOIRAS-CORBES.\nDirection d\u00e9partementale des Finances Publiques du Gard - 30-2025-02-14-00004 - Arr\u00eat\u00e9 d'ouverture des travaux de remaniement du\ncadastre portant autorisation de p\u00e9n\u00e9trer dans les propri\u00e9t\u00e9s priv\u00e9es 18\nPr\u00e9fecture du GardPREFET Direction de la citoyennet\u00e9, de la l\u00e9galit\u00e9 et de la coordinationDU GARD Bureau de la coordination, des politiques publiquesLibert\u00e9 | : | et de l'appui territorialEgalit\u00e9Fraternit\u00e9\nArticle 3: Les dispositions de l'article 322-2 du Code p\u00e9nal sont applicables dans lecas de destruction, de d\u00e9t\u00e9rioration ou de d\u00e9placement des signaux, bornes ourep\u00e8res. |En outre, les contrevenants s'exposent au remboursement de la d\u00e9pensecons\u00e9cutive \u00e0 la reconstitution des \u00e9l\u00e9ments devenus inutilisables par leur fait.Article 4: Le pr\u00e9sent arr\u00eat\u00e9 sera affich\u00e9 \u00e0 la porte de la mairie de la communeint\u00e9ress\u00e9e et publi\u00e9 dans la forme ordinaire. Les agents charg\u00e9s des travauxdevront \u00eatre porteurs d'une ampliation dudit arr\u00eat\u00e9 et la pr\u00e9senter \u00e0 touter\u00e9quisition. |Article 5: Le pr\u00e9sent arr\u00eat\u00e9 sera publi\u00e9 au recueil des actes administratifs de lapr\u00e9fecture du Gard. |N\u00eemes le Ale r| Lots\nLe Pr\u00e9fet,\nJ\u00e9 e BONE\nDirection d\u00e9partementale des Finances Publiques du Gard - 30-2025-02-14-00004 - Arr\u00eat\u00e9 d'ouverture des travaux de remaniement du\ncadastre portant autorisation de p\u00e9n\u00e9trer dans les propri\u00e9t\u00e9s priv\u00e9es 19\nDirection D\u00e9partementale des Tetrritoires et de\nla Mer du Gard\n30-2025-02-13-00005\nArr\u00eat\u00e9 portant autorisation environnementale\nsuppl\u00e9tive au titre des articles L181-1 et suivants\ndu code de l'environnement concernant\u00a0:\nVIA-RHONA - SECTION PONT DE L'ESPEYRAN\nAU PORT DE BELLEGARDE sur les communes de\nSaint Gilles et de Bellegarde\nDirection D\u00e9partementale des Tetrritoires et de la Mer du Gard - 30-2025-02-13-00005 - Arr\u00eat\u00e9 portant autorisation environnementale\nsuppl\u00e9tive au titre des articles L181-1 et suivants du code de l'environnement concernant\u00a0: VIA-RHONA - SECTION PONT DE\nL'ESPEYRAN AU PORT DE BELLEGARDE sur les communes de Saint Gilles et de Bellegarde\n20\nPREFETDU GARDLibert\u00e9Egalit\u00e9Fraternit\u00e9\nDirection d\u00e9partementale\ndes territoires et de la mer\nService Eau et Risques\nARRETE PREFECTORAL N\u00b0 \nportant autorisation environnementale suppl\u00e9tive au titre des articles L181-1 et suivants du code de\nl'environnement concernant :\nVIA-RHONA \u2013 SECTION PONT DE L'ESPEYRAN AU PORT DE BELLEGARDE sur les communes de\nSaint Gilles et de Bellegarde\nLe pr\u00e9fet du GARD\nChevalier de la L\u00e9gion d'honneur \nChevalier de l'ordre national du M\u00e9rite\nVU\u00a0\u00a0la\u00a0directive\u00a0n\u00b0\u00a02000/60/CE\u00a0du\u00a0Parlement\u00a0Europ\u00e9en\u00a0et\u00a0du\u00a0Conseil\u00a0du\u00a023\u00a0octobre\u00a02000\u00a0\u00e9tablissant\u00a0un\ncadre\u00a0pour\u00a0une\u00a0politique\u00a0communautaire\u00a0dans\u00a0le\u00a0domaine\u00a0de\u00a0l'eau\u00a0;\nVU la\u00a0loi\u00a0n\u00b02006-1772\u00a0du\u00a030\u00a0d\u00e9cembre\u00a02006\u00a0sur\u00a0l'eau\u00a0et\u00a0les\u00a0milieux\u00a0aquatiques\u00a0;\nVU\u00a0le\u00a0code\u00a0de\u00a0l'environnement,\u00a0et\u00a0notamment\u00a0ses\u00a0articles\u00a0L110-1\u00a0et\u00a0suivants,\u00a0L181-1\u00a0et\u00a0R181-1\u00a0et\u00a0suivants,\nL.123-19,\u00a0L.163-1,\u00a0L.163-5,\u00a0L.171-7,\u00a0L.411-1,\u00a0L.411-2\u00a04\u00b0,\u00a0L.414-11,\u00a0L.415-\u00a0et\u00a0R.411-1\u00a0\u00e0\u00a0R.411-14\u00a0;\nVU\u00a0le\u00a0code\u00a0civil,\u00a0notamment\u00a0son\u00a0article\u00a0640\u00a0;\nVU\u00a0le\u00a0d\u00e9cret\u00a0du\u00a013\u00a0juillet\u00a02023\u00a0nommant\u00a0M.\u00a0J\u00e9r\u00f4me\u00a0BONET,\u00a0Pr\u00e9fet\u00a0du\u00a0Gard\u00a0;\nVU\u00a0l'arr\u00eat\u00e9\u00a0interminist\u00e9riel\u00a0du\u00a019\u00a0f\u00e9vrier\u00a02007\u00a0fixant\u00a0les\u00a0conditions\u00a0de\u00a0demande\u00a0et\u00a0d'instruction\u00a0de\u00a0\nd\u00e9rogations\u00a0d\u00e9finies\u00a0au\u00a04\u00b0\u00a0de\u00a0l'article\u00a0L.\u00a0411-2\u00a0du\u00a0Code\u00a0de\u00a0l'environnement\u00a0portant\u00a0sur\u00a0des\u00a0esp\u00e8ces\u00a0de\nfaune\u00a0et\u00a0de\u00a0flore\u00a0sauvages\u00a0prot\u00e9g\u00e9es\u00a0;\nVU\u00a0l'arr\u00eat\u00e9\u00a0interminist\u00e9riel\u00a0du\u00a023\u00a0avril\u00a02007\u00a0fixant\u00a0la\u00a0liste\u00a0des\u00a0mammif\u00e8res\u00a0terrestres\u00a0prot\u00e9g\u00e9s\u00a0sur\nl'ensemble\u00a0du\u00a0territoire\u00a0et\u00a0les\u00a0modalit\u00e9s\u00a0de\u00a0leur\u00a0protection\u00a0;\nVU\u00a0l'arr\u00eat\u00e9\u00a0interminist\u00e9riel\u00a0du\u00a023\u00a0avril\u00a02007\u00a0fixant\u00a0la\u00a0liste\u00a0des\u00a0insectes\u00a0prot\u00e9g\u00e9s\u00a0sur\u00a0l'ensemble\u00a0du\u00a0territoire\net\u00a0les\u00a0modalit\u00e9s\u00a0de\u00a0leur\u00a0protection\u00a0;\nVU\u00a0l'arr\u00eat\u00e9\u00a0interminist\u00e9riel\u00a0du\u00a029\u00a0octobre\u00a02009\u00a0fixant\u00a0la\u00a0liste\u00a0des\u00a0oiseaux\u00a0prot\u00e9g\u00e9s\u00a0sur\u00a0l'ensemble\u00a0du\nterritoire\u00a0et\u00a0les\u00a0modalit\u00e9s\u00a0de\u00a0leur\u00a0protection\u00a0;\nVU\u00a0l'arr\u00eat\u00e9\u00a0interminist\u00e9riel\u00a0du\u00a08\u00a0janvier\u00a02021\u00a0fixant\u00a0la\u00a0liste\u00a0des\u00a0amphibiens\u00a0et\u00a0reptiles\u00a0repr\u00e9sent\u00e9s\u00a0sur\u00a0\nle\u00a0territoire\u00a0m\u00e9tropolitain\u00a0prot\u00e9g\u00e9s\u00a0sur\u00a0l'ensemble\u00a0du\u00a0territoire\u00a0et\u00a0les\u00a0modalit\u00e9s\u00a0de\u00a0leur\u00a0protection\u00a0;\n1/14\n89,\u00a0rue\u00a0Weber\u00a0\u2013\u00a030907\u00a0NIMES\u00a0CEDEX\u00a02\nT\u00e9l\u00a0:\u00a004\u00a066\u00a062\u00a062\u00a000\u00a0-\u00a0Fax\u00a0:\u00a004\u00a066\u00a023\u00a028\u00a079\u00a0-\u00a0www.gard.gouv.fr\nDirection D\u00e9partementale des Tetrritoires et de la Mer du Gard - 30-2025-02-13-00005 - Arr\u00eat\u00e9 portant autorisation environnementale\nsuppl\u00e9tive au titre des articles L181-1 et suivants du code de l'environnement concernant\u00a0: VIA-RHONA - SECTION PONT DE\nL'ESPEYRAN AU PORT DE BELLEGARDE sur les communes de Saint Gilles et de Bellegarde\n21\nVU\u00a0l'arr\u00eat\u00e9\u00a0n\u00b022-064\u00a0du\u00a0pr\u00e9fet\u00a0coordonnateur\u00a0de\u00a0bassin\u00a0du\u00a021\u00a0mars\u00a02022\u00a0portant\u00a0approbation\u00a0du\u00a0sch\u00e9ma\ndirecteur\u00a0d'am\u00e9nagement\u00a0et\u00a0de\u00a0gestion\u00a0des\u00a0eaux\u00a0(SDAGE)\u00a0du\u00a0bassin\u00a0Rh\u00f4ne\u00a0M\u00e9diterran\u00e9e\u00a0;\nVU\u00a0l'arr\u00eat\u00e9\u00a0n\u00b022-065\u00a0du\u00a0pr\u00e9fet\u00a0coordonnateur\u00a0de\u00a0bassin\u00a0du\u00a021\u00a0mars\u00a02022\u00a0approuvant\u00a0le\u00a0PGRI\u00a0Rh\u00f4ne\nM\u00e9diterran\u00e9e\u00a0;\u00a0\nVU\u00a0le\u00a0Sch\u00e9ma\u00a0d'Am\u00e9nagement\u00a0et\u00a0de\u00a0Gestion\u00a0des\u00a0Eaux\u00a0(SAGE)\u00a0Camargue-Gardoise\u00a0approuv\u00e9\u00a0par\u00a0arr\u00eat\u00e9\npr\u00e9fectoral\u00a0en\u00a0date\u00a0du\u00a006\u00a0septembre\u00a02019\u00a0;\nVU l'arr\u00eat\u00e9\u00a0pr\u00e9fectoral\u00a0n\u00b0\u00a030-2016\u00a003\u00a021\u00a0004\u00a0du\u00a021\u00a0mars\u00a02016\u00a0portant\u00a0approbation\u00a0du\u00a0Plan\u00a0de\u00a0Pr\u00e9vention\ndes\u00a0Risques\u00a0Inondation\u00a0(PPRi)\u00a0sur\u00a0la\u00a0commune\u00a0de\u00a0Saint\u00a0Gilles\u00a0;\nVU  l'arr\u00eat\u00e9\u00a0pr\u00e9fectoral\u00a0n\u00b0\u00a02014-\u00a0038-0040\u00a021\u00a0004\u00a0du\u00a014\u00a0f\u00e9vrier\u00a02014\u00a0 portant\u00a0approbation\u00a0du\u00a0Plan\u00a0de\nPr\u00e9vention\u00a0des\u00a0Risques\u00a0Inondation\u00a0(PPRi)\u00a0sur\u00a0la\u00a0commune\u00a0de\u00a0Bellegarde\u00a0;\nVU\u00a0 L'arr\u00eat\u00e9\u00a0pr\u00e9fectoral\u00a0n\u00b0\u00a030-2024\u00a003\u00a021\u00a000007\u00a0du\u00a021/03/2024\u00a0portant\u00a0d\u00e9l\u00e9gation\u00a0de\u00a0signature\u00a0\u00e0\u00a0M.\nS\u00e9bastien\u00a0FERRA,\u00a0directeur\u00a0d\u00e9partemental\u00a0des\u00a0territoires\u00a0et\u00a0de\u00a0la\u00a0mer\u00a0(DDTM)\u00a0du\u00a0Gard\u00a0;\nVU\u00a0la\u00a0convention\u00a0de\u00a0mise\u00a0\u00e0\u00a0superposition\u00a0d'affectation\u00a0du\u00a0domaine\u00a0public\u00a0fluvial\u00a0aux\u00a0fins\u00a0de\u00a0la\u00a0mise\u00a0en\n\u0153uvre\u00a0et\u00a0de\u00a0gestion\u00a0d'un\u00a0v\u00e9loroute\u00a0signer\u00a0le\u00a014\u00a0octobre\u00a02010\nVU\u00a0la\u00a0d\u00e9cision\u00a0de\u00a0M.\u00a0S\u00e9bastien\u00a0FERRA,\u00a0directeur\u00a0d\u00e9partemental\u00a0des\u00a0territoires\u00a0et\u00a0de\u00a0la\u00a0mer\u00a0du\u00a0Gard,\nportant\u00a0subd\u00e9l\u00e9gation\u00a0de\u00a0signature\u00a0aux\u00a0agents\u00a0de\u00a0la\u00a0direction\u00a0d\u00e9partementale\u00a0des\u00a0territoires\u00a0et\u00a0de\u00a0la\u00a0mer\ndu\u00a0Gard;\nVU\u00a0la\u00a0demande\u00a0d'autorisation\u00a0environnementale\u00a0d\u00e9pos\u00e9e\u00a0par\u00a0le\u00a0Conseil\u00a0D\u00e9partemental\u00a0du\u00a0Gard\u00a0et\u00a0la\nCommunaut\u00e9\u00a0des\u00a0communes\u00a0de\u00a0Beaucaire\u00a0Terre\u00a0d'Argence\u00a0enregistr\u00e9e\u00a0sous\u00a0le\u00a0num\u00e9ro\u00a0n\u00b0\u00a0GUN\u00a030-2023\u00a0-\n0100035940\u00a0en\u00a0date\u00a0\u00a0du\u00a012\u00a0d\u00e9cembre\u00a02023,\u00a0concernant\u00a0le\u00a0projet\u00a0de\u00a0V\u00e9loroute-Viarhona\u00a0tron\u00e7on\u00a0Saint\nGilles\u00a0-\u00a0Bellegarde\u00a0sur\u00a0le\u00a0territoire\u00a0des\u00a0communes\u00a0de\u00a0Saint\u00a0Gilles\u00a0et\u00a0Bellegarde\u00a0;\nVU\u00a0l'ensemble\u00a0des\u00a0pi\u00e8ces\u00a0du\u00a0dossier\u00a0de\u00a0la\u00a0demande\u00a0susvis\u00e9e\u00a0;\nVU\u00a0l'\u00e9tude\u00a0d'impact\u00a0du\u00a0projet\u00a0produite\u00a0par\u00a0Morancy\u00a0conseil\u00a0environnement\u00a0;\u00a0\nVU\u00a0les\u00a0demandes\u00a0d'avis\u00a0adress\u00e9es\u00a0le\u00a012\u00a0janvier\u00a0\u00e0\u00a0l'ARS\u00a0\u00e0\u00a0DDTM\u00a0du\u00a0Gard/\u00a0SEF\u00a0biodiversit\u00e9,\u00a0au\u00a0Syndicat\nmixte\u00a0Camargue\u00a0Gardoise\u00a0;\nVU l'avis\u00a0de\u00a0l'unit\u00e9\u00a0biodiversit\u00e9\u00a0de\u00a0la\u00a0DDTM\u00a0du\u00a0Gard\u00a0relatif\u00a0aux\u00a0incidences\u00a0Natura\u00a02000\u00a0;\u00a0\nVU\u00a0l'avis\u00a0de\u00a0ARS\u00a0\u00e9mis\u00a0le\u00a02\u00a0f\u00e9vier\u00a02024\u00a0;\nVU l'avis\u00a0de\u00a0la\u00a0commission\u00a0locale\u00a0de\u00a0l'eau\u00a0du\u00a0sch\u00e9ma\u00a0d'am\u00e9nagement\u00a0et\u00a0de\u00a0gestion\u00a0des\u00a0eaux\u00a0Camargue\nGardoise\u00a0\u00e9mis\u00a0le\u00a025\u00a0janvier\u00a02024\u00a0;\u00a0\nVU\u00a0l'avis\u00a0du\u00a0service\u00a0eau\u00a0et\u00a0risques\u00a0de\u00a0la\u00a0DDTM\u00a0du\u00a0Gard\u00a0\u00e9mis\u00a0le\u00a023\u00a0f\u00e9vrier\u00a02024\u00a0;\nVU\u00a0la\u00a0demande\u00a0de\u00a0compl\u00e9ments\u00a0sur\u00a0la\u00a0r\u00e9gularit\u00e9\u00a0\u00e9mis\u00a0en\u00a0tenant\u00a0compte\u00a0des\u00a0avis\u00a0des\u00a0services\u00a0sollicit\u00e9s\nsusvis\u00e9s\u00a0en\u00a0date\u00a023\u00a0f\u00e9vrier\u00a02024\u00a0;\nVU\u00a0les\u00a0compl\u00e9ments\u00a0d\u00e9pos\u00e9s\u00a0par\u00a0le\u00a0p\u00e9titionnaire\u00a0dans\u00a0les\u00a0m\u00eames\u00a0formes\u00a0que\u00a0le\u00a0dossier\u00a0initial\u00a0le\u00a029\u00a0avril\n2024\u00a0;\nVU\u00a0la\u00a0note\u00a0compl\u00e9mentaire\u00a0du\u00a0conseil\u00a0d\u00e9partemental\u00a0du\u00a0Gard\u00a0en\u00a0r\u00e9ponse\u00a0aux\u00a0observations\u00a0des\u00a0services\nconsult\u00e9s\u00a0;\nVU\u00a0la\u00a0note\u00a0justificative\u00a0d'exon\u00e9ration\u00a0de\u00a0la\u00a0compensation\u00a0hydraulique\u00a0de\u00a0l'imperm\u00e9abilisation\u00a0induite\u00a0par\nle\u00a0projet\u00a0de\u00a0la\u00a0communaut\u00e9\u00a0de\u00a0communes\u00a0de\u00a0Beaucaire\u00a0terre\u00a0d'Argence\u00a0;\nVU la r\u00e9ception du dossier complet (\u00e9lectronique et papier) par la MRAE  saisie en qualit\u00e9 d'autorit\u00e9\nenvironnementale  suivant  les  conditions  des  articles  R122-2,  R122-6  et  R122-7  du  code  de\nl'environnement  le  14  mai  1024  comprenant  l'\u00e9tude  d'impact  de  la  demande  d'autorisation\nenvironnementale ;\n2/14\n89,\u00a0rue\u00a0Weber\u00a0\u2013\u00a030907\u00a0NIMES\u00a0CEDEX\u00a02\nT\u00e9l\u00a0:\u00a004\u00a066\u00a062\u00a062\u00a000\u00a0-\u00a0Fax\u00a0:\u00a004\u00a066\u00a023\u00a028\u00a079\u00a0-\u00a0www.gard.gouv.fr\nDirection D\u00e9partementale des Tetrritoires et de la Mer du Gard - 30-2025-02-13-00005 - Arr\u00eat\u00e9 portant autorisation environnementale\nsuppl\u00e9tive au titre des articles L181-1 et suivants du code de l'environnement concernant\u00a0: VIA-RHONA - SECTION PONT DE\nL'ESPEYRAN AU PORT DE BELLEGARDE sur les communes de Saint Gilles et de Bellegarde\n22\nVU\u00a0la\u00a0confirmation\u00a0\u00e9crite\u00a0du\u00a016\u00a0juillet\u00a02024\u00a0de\u00a0l'absence\u00a0d'observation\u00a0de\u00a0la\u00a0MRAE\u00a0sur\u00a0le\u00a0dossier\u00a0avant\u00a0la\u00a0\ndate\u00a015\u00a0juillet\u00a02024\u00a0;\nVU\u00a0la\u00a0fin\u00a0d'instruction\u00a0de\u00a0la\u00a0phase\u00a0EXAMEN\u00a0en\u00a0date\u00a0du\u00a026\u00a0juillet\u00a02024\u00a0;\nVU\u00a0la\u00a0demande\u00a0du\u00a022\u00a0ao\u00fbt\u00a02024\u00a0de\u00a0d\u00e9signation\u00a0d'un\u00a0commissaire\u00a0enqu\u00eateur\u00a0aupr\u00e8s\u00a0du\u00a0pr\u00e9sident\u00a0du\ntribunal\u00a0administratif\u00a0de\u00a0N\u00eemes\u00a0;\u00a0\nVU\u00a0la\u00a0d\u00e9cision\u00a0n\u00b0E24000085/30\u00a0du\u00a028\u00a0ao\u00fbt\u00a02024\u00a0du\u00a0pr\u00e9sident\u00a0du\u00a0tribunal\u00a0administratif\u00a0de\u00a0N\u00eemes\u00a0portant\nd\u00e9signation\u00a0de\u00a0Monsieur\u00a0Bertrand\u00a0Manonviller\u00a0en\u00a0qualit\u00e9\u00a0de\u00a0commissaire\u00a0enqu\u00eateur\u00a0et\u00a0de\u00a0Vincent\u00a0Allier\nen\u00a0qualit\u00e9\u00a0de\u00a0commissaire-enqu\u00eateur\u00a0suppl\u00e9ant\u00a0en\u00a0vue\u00a0de\u00a0proc\u00e9der\u00a0\u00e0\u00a0l'enqu\u00eate\u00a0publique\u00a0unique\u00a0;\u00a0\nVU\u00a0 l'arr\u00eat\u00e9\u00a0pr\u00e9fectoral\u00a0n\u00b030\u00a02024-10-21-00001\u00a0en\u00a0date\u00a0du\u00a021\u00a0octobre\u00a02024\u00a0portant\u00a0ouverture\u00a0d'une\nenqu\u00eate\u00a0publique\u00a0unique\u00a0pr\u00e9alable\u00a0\u00e0\u00a0l'autorisation\u00a0environnementale\u00a0requise\u00a0au\u00a0titre\u00a0des\u00a0articles\u00a0L181-10\net\u00a0R181-35\u00a0\u00e0\u00a038\u00a0du\u00a0code\u00a0de\u00a0l'environnement,\u00a0la\u00a0p\u00e9riode\u00a0d'enqu\u00eate\u00a0est\u00a0fix\u00e9e\u00a0entre\u00a0le\u00a012\u00a0novembre\u00a02024\u00a0et\nle\u00a011\u00a0d\u00e9cembre\u00a02024\u00a0;\u00a0\nVU  la\u00a0d\u00e9lib\u00e9ration\u00a0du\u00a0conseil\u00a0communautaire\u00a0de\u00a0la\u00a0Communaut\u00e9\u00a0de\u00a0Communes\u00a0Beaucaire\u00a0Terre\nd'Argence\u00a0(CCBTA)\u00a0en\u00a0date\u00a0du\u00a018\u00a0novembre\u00a02024\u00a0donnant\u00a0un\u00a0avis\u00a0extr\u00eamement\u00a0favorable\u00a0au\u00a0projet\u00a0de\nv\u00e9loroute\u00a0Viarhona\u00a0tron\u00e7on\u00a0Saint\u00a0Gilles\u00a0Bellegarde;\u00a0\nVU la\u00a0d\u00e9lib\u00e9ration\u00a0du\u00a0conseil\u00a0communautaire\u00a0de\u00a0N\u00eemes\u00a0M\u00e9tropole\u00a0en\u00a0date\u00a0du\u00a016\u00a0d\u00e9cembre\u00a02024\u00a0donnant\nun\u00a0avis\u00a0favorable\u00a0au\u00a0projet\u00a0de\u00a0v\u00e9lo\u00a0route\u00a0Viarhona\u00a0tron\u00e7on\u00a0Saint\u00a0Gilles\u00a0Bellegarde;\u00a0\nVU  la\u00a0d\u00e9lib\u00e9ration\u00a0du\u00a0conseil\u00a0municipal\u00a0de\u00a0la\u00a0commune\u00a0de\u00a0Bellegarde\u00a0en\u00a0date\u00a0du\u00a005\u00a0novembre\u00a02024\ndonnant\u00a0un\u00a0avis\u00a0\u00a0favorable\u00a0\u00a0au\u00a0projet\u00a0de\u00a0v\u00e9lo\u00a0route\u00a0Viarhona\u00a0tron\u00e7on\u00a0Saint\u00a0Gilles\u00a0Bellegarde;\u00a0\nVU  la\u00a0d\u00e9lib\u00e9ration\u00a0du\u00a0conseil\u00a0municipal\u00a0de\u00a0la\u00a0commune\u00a0de\u00a0Saint-Gilles\u00a0en\u00a0date\u00a0du\u00a019\u00a0novembre\u00a02024\ndonnant\u00a0un\u00a0avis\u00a0favorable\u00a0au\u00a0projet\u00a0de\u00a0v\u00e9lo\u00a0route\u00a0Viarhona\u00a0tron\u00e7on\u00a0Saint\u00a0Gilles\u00a0Bellegarde;\u00a0\nVU\u00a0le\u00a0rapport\u00a0et\u00a0les\u00a0conclusions\u00a0du\u00a0commissaire\u00a0enqu\u00eateur\u00a0en\u00a0date\u00a0du\u00a010\u00a0janvier\u00a02024;\nVU le\u00a0courrier\u00a0en\u00a0date\u00a0du\u00a028\u00a0janvier\u00a02024\u00a0adress\u00e9\u00a0au\u00a0p\u00e9titionnaire pour\u00a0observations\u00a0sur\u00a0le\u00a0projet\u00a0d'arr\u00eat\u00e9\nd'autorisation\u00a0environnementale\u00a0dans\u00a0le\u00a0cadre\u00a0de\u00a0la\u00a0phase\u00a0contradictoire\u00a0;\nVU la\u00a0r\u00e9ponse\u00a0donnant\u00a0accord\u00a0et\u00a0indiquant\u00a0l'absence\u00a0d'observations\u00a0sur\u00a0le\u00a0projet\u00a0d'arr\u00eat\u00e9\u00a0transmis\u00a0par\u00a0le\np\u00e9titionnaire\u00a0en\u00a0date\u00a0du\u00a031\u00a0janvier\u00a02024\u00a0;\u00a0\nCONSIDERANT\u00a0que\u00a0le\u00a0projet\u00a0faisant\u00a0l'objet\u00a0de\u00a0la\u00a0demande\u00a0est\u00a0soumis\u00a0\u00e0\u00a0autorisation\u00a0environnementale\u00a0au\ntitre\u00a0des\u00a0articles\u00a0L.181-1\u00a0et\u00a0L.181-2\u00a0du\u00a0code\u00a0de\u00a0l'environnement\u00a0au\u00a0titre\u00a0de\u00a0la\u00a0proc\u00e9dure\u00a0d'autorisation\npr\u00e9vue\u00a0par\u00a0les\u00a0articles\u00a0L214-3\u00a0et\u00a0R214-1\u00a0du\u00a0code\u00a0de\u00a0l'environnement ;\nCONSIDERANT\u00a0que\u00a0la\u00a0configuration\u00a0du\u00a0site\u00a0et\u00a0l'existence\u00a0du\u00a0chemin\u00a0de\u00a0halage\u00a0du\u00a0canal\u00a0ont\u00a0mis\u00a0en\n\u00e9vidence\u00a0l'absence\u00a0d'autres\u00a0alternatives\u00a0au\u00a0projet\u00a0;\nCONSIDERANT\u00a0 que\u00a0la\u00a0convention\u00a0cit\u00e9e\u00a0plus\u00a0haut\u00a0entre\u00a0VNF\u00a0et\u00a0le\u00a0Conseil\u00a0D\u00e9partemental\u00a0du\u00a0Gard\nautorise\u00a0la\u00a0superposition\u00a0du\u00a0v\u00e9lo-route\u00a0et\u00a0du\u00a0chemin\u00a0de\u00a0halage\u00a0;\nCONSIDERANT\u00a0la\u00a0n\u00e9cessit\u00e9\u00a0de\u00a0compl\u00e9ter\u00a0les\u00a0r\u00e9seaux\u00a0cyclables\u00a0existants\u00a0pour\u00a0favoriser\u00a0le\u00a0d\u00e9veloppement\nde\u00a0l'utilisation\u00a0du\u00a0V\u00e9lo\u00a0;\nCONSIDERANT l'imperm\u00e9abilisation\u00a0d\u00e9j\u00e0\u00a0forte\u00a0du\u00a0chemin\u00a0de\u00a0halage\u00a0dans\u00a0le\u00a0secteur\u00a0;\nCONSIDERANT\u00a0la\u00a0r\u00e9ponse\u00a0de\u00a0VNF\u00a0du\u00a010\u00a0juin\u00a02024\u00a0sur\u00a0la\u00a0non-n\u00e9cessit\u00e9\u00a0de\u00a0compensation\u00a0\u00e0\u00a0la\u00a0nouvelle\nimperm\u00e9abilisation\u00a0du\u00a0sol\u00a0par\u00a0la\u00a0cr\u00e9ation\u00a0de\u00a0noue\u00a0qui\u00a0r\u00e9duirait\u00a0la\u00a0largeur\u00a0du\u00a0chemin\u00a0de\u00a0halage\u00a0et\u00a0poserait\ndes\u00a0probl\u00e8mes\u00a0de\u00a0s\u00e9curit\u00e9\u00a0et\u00a0d'entretien;\nCONSIDERANT  que\u00a0le\u00a0projet\u00a0est\u00a0situ\u00e9\u00a0sur\u00a0des\u00a0espaces\u00a0class\u00e9s\u00a0en\u00a0ZNIEFF\u00a0de\u00a0type\u00a01\u00a0pour\u00a0\u00ab\u00a0Etang\u00a0du\nCharnier\u00a0et\u00a0du\u00a0Scamandre\u00a0\u00bb,\u00a0\u00ab\u00a0Marais\u00a0de\u00a0Broussan\u00a0et\u00a0grandes\u00a0Palunettes\u00a0\u00bb\u00a0et\u00a0\u00ab\u00a0\u00a0la\u00a0Grande\u00a0Palus\u00a0et\u00a0le\nPattion\u00a0\u00bb\u00a0de\u00a0type\u00a02\u00a0\u00ab\u00a0Camargue\u00a0Gardoise\u00a0\u00bb\u00a0;\n3/14\n89,\u00a0rue\u00a0Weber\u00a0\u2013\u00a030907\u00a0NIMES\u00a0CEDEX\u00a02\nT\u00e9l\u00a0:\u00a004\u00a066\u00a062\u00a062\u00a000\u00a0-\u00a0Fax\u00a0:\u00a004\u00a066\u00a023\u00a028\u00a079\u00a0-\u00a0www.gard.gouv.fr\nDirection D\u00e9partementale des Tetrritoires et de la Mer du Gard - 30-2025-02-13-00005 - Arr\u00eat\u00e9 portant autorisation environnementale\nsuppl\u00e9tive au titre des articles L181-1 et suivants du code de l'environnement concernant\u00a0: VIA-RHONA - SECTION PONT DE\nL'ESPEYRAN AU PORT DE BELLEGARDE sur les communes de Saint Gilles et de Bellegarde\n23\nCONSIDERANT\u00a0que\u00a0compte\u00a0tenu\u00a0de\u00a0l'emprise\u00a0du\u00a0projet\u00a0pour\u00a0limiter\u00a0les\u00a0impacts\u00a0sur\u00a0la\u00a0faune\u00a0et\u00a0la\u00a0flore\npr\u00e9sentes\u00a0dans\u00a0l'emprise\u00a0du\u00a0projet\u00a0les\u00a0travaux\u00a0seront\u00a0obligatoirement\u00a0conduits\u00a0en\u00a0dehors\u00a0des\u00a0p\u00e9riodes\u00a0de\nforte\u00a0activit\u00e9\u00a0de\u00a0la\u00a0diane\u00a0soit\u00a0de\u00a0mars\u00a0\u00e0\u00a0mi\u00a0ao\u00fbt\u00a0;\nCONSIDERANT\u00a0que\u00a0la\u00a0demande\u00a0et\u00a0les\u00a0engagements\u00a0du\u00a0p\u00e9titionnaire\u00a0doivent\u00a0\u00eatre\u00a0compl\u00e9t\u00e9s\u00a0par\u00a0des\nprescriptions\u00a0compl\u00e9mentaires\u00a0de\u00a0gestion\u00a0permettant\u00a0de\u00a0garantir\u00a0la\u00a0pr\u00e9servation\u00a0des\u00a0int\u00e9r\u00eats\u00a0vis\u00e9s\u00a0\u00e0\nl'article\u00a0L.211-1\u00a0du\u00a0code\u00a0de\u00a0l'environnement,\u00a0notamment\u00a0la\u00a0protection\u00a0de\u00a0la\u00a0ressource\u00a0strat\u00e9gique\u00a0pour\nl'eau\u00a0potable,\u00a0et\u00a0de\u00a0respecter\u00a0les\u00a0dispositions\u00a0du\u00a0SDAGE\u00a0;\nCONSIDERANT\u00a0 que\u00a0le\u00a0projet\u00a0est\u00a0compatible\u00a0avec\u00a0le\u00a0plan\u00a0d'am\u00e9nagement\u00a0et\u00a0de\u00a0gestion\u00a0durable\u00a0et\nconforme\u00a0au\u00a0r\u00e8glement\u00a0du\u00a0sch\u00e9ma\u00a0d'am\u00e9nagement\u00a0et\u00a0de\u00a0gestion\u00a0des\u00a0eaux\u00a0du\u00a0SAGE\u00a0Camargue\u00a0Gardoise\napprouv\u00e9\u00a0le\u00a06\u00a0septembre\u00a02019\u00a0;\nCONSIDERANT\u00a0dans\u00a0ces\u00a0conditions,\u00a0et\u00a0sous\u00a0r\u00e9serve\u00a0du\u00a0respect\u00a0des\u00a0prescriptions\u00a0du\u00a0pr\u00e9sent\u00a0arr\u00eat\u00e9,\u00a0que\nle\u00a0projet\u00a0ne\u00a0remet\u00a0pas\u00a0en\u00a0cause\u00a0les\u00a0objectifs\u00a0d'une\u00a0gestion\u00a0\u00e9quilibr\u00e9e\u00a0et\u00a0durable\u00a0de\u00a0la\u00a0ressource\u00a0en\u00a0eau\nd\u00e9finie\u00a0\u00e0\u00a0l'article\u00a0L211-1\u00a0du\u00a0code\u00a0de\u00a0l'environnement\u00a0;\nCONSID\u00c9RANT\u00a0l'avis\u00a0favorable\u00a0de\u00a0l'architecte\u00a0de\u00a0l'UDAP\u00a0en\u00a0date\u00a017\u00a0octobre\u00a02024\u00a0;\nCONSID\u00c9RANT\u00a0que\u00a0la\u00a0r\u00e9serve\u00a0du\u00a0commissaire\u00a0enqu\u00eateur\u00a0porte\u00a0sur\u00a0l'engagement\u00a0des\u00a0ma\u00eetres\u00a0d'\u0153uvre\u00a0\u00e0\nmettre\u00a0en\u00a0place\u00a0un\u00a0dispositif\u00a0\u00ab\u00a0charte\u00a0Chantier\u00a0vert\u00a0\u00bb\u00a0recommand\u00e9\u00a0par\u00a0l'ARS\u00a0;\nCONSID\u00c9RANT\u00a0qu'il\u00a0n'existe\u00a0pas\u00a0d'autre\u00a0solution\u00a0satisfaisante\u00a0pour\u00a0la\u00a0r\u00e9alisation\u00a0de\u00a0ce\u00a0projet\u00a0;\u00a0\nCONSID\u00c9RANT\u00a0le\u00a0courriel\u00a0du\u00a05\u00a0f\u00e9vrier\u00a02025\u00a0des\u00a0b\u00e9n\u00e9ficiaires\u00a0de\u00a0confirmation\u00a0d'acceptation\u00a0de\u00a0la\u00a0prise\nen\u00a0compte\u00a0de\u00a0la\u00a0charte\u00a0\u00ab\u00a0Chantier\u00a0Vert\u00a0\u00bb\u00a0;\u00a0\nCONSIDERANT\u00a0que,\u00a0sous\u00a0r\u00e9serve\u00a0du\u00a0respect\u00a0des\u00a0prescriptions\u00a0du\u00a0pr\u00e9sent\u00a0arr\u00eat\u00e9,\u00a0le\u00a0projet\u00a0ne\u00a0porte\u00a0pas\natteinte\u00a0aux\u00a0grands\u00a0principes\u00a0du\u00a0droit\u00a0de\u00a0l'environnement\u00a0\u00e9dict\u00e9s\u00a0\u00e0\u00a0l'article\u00a0L110-1\u00a0(II)\u00a0du\u00a0code\u00a0de\nl'environnement\u00a0 et \u00a0 ne \u00a0 remet\u00a0 pas \u00a0 en \u00a0 cause \u00a0 les \u00a0 objectifs \u00a0 d\u00e9finis \u00a0 \u00e0 \u00a0 l'article \u00a0 L181-3\u00a0 du \u00a0 code \u00a0 de\nl'environnement\u00a0;\nSur\u00a0proposition\u00a0du\u00a0directeur\u00a0d\u00e9partemental\u00a0des\u00a0territoires\u00a0et\u00a0de\u00a0la\u00a0mer\u00a0du\u00a0Gard\u00a0;\nARR\u00caTE \n    Titre I :  OBJET DE L'AUTORISATION\nARTICLE 1 :  B\u00e9n\u00e9ficiaire de l'autorisation environnementale\nLe\u00a0Conseil\u00a0D\u00e9partemental\u00a0du\u00a0Gard,\u00a0sis\u00a03\u00a0rue\u00a0Guillemette\u00a030044\u00a0N\u00eemes\u00a0d\u00e9sign\u00e9\u00a0comme\u00a0mandataire\u00a0et\u00a0la\nCommunaut\u00e9\u00a0de\u00a0Communes\u00a0Beaucaire\u00a0Terre\u00a0d'Argence\u00a0sis\u00a01\u00a0Avenue\u00a0de\u00a0la\u00a0Croix\u00a0Blanche\u00a030300\u00a0Beaucaire\nsont\u00a0les\u00a0b\u00e9n\u00e9ficiaires\u00a0de\u00a0l'autorisation\u00a0environnementale\u00a0d\u00e9finie\u00a0\u00e0\u00a0l'article\u00a02\u00a0ci-dessous,\u00a0sous\u00a0r\u00e9serve\u00a0du\nrespect\u00a0des\u00a0prescriptions\u00a0d\u00e9finies\u00a0par\u00a0le\u00a0pr\u00e9sent\u00a0arr\u00eat\u00e9,\u00a0et\u00a0sont\u00a0d\u00e9nomm\u00e9s\u00a0ci-apr\u00e8s\u00a0\"les\u00a0b\u00e9n\u00e9ficiaires\"\nARTICLE 2 :  Objet de l'autorisation \nLa\u00a0pr\u00e9sente\u00a0autorisation\u00a0environnementale\u00a0concerne\u00a0le\u00a0projet\u00a0de\u00a0v\u00e9loroute\u00a0VIA-RHONA\u00a0\u2013\u00a0SECTION\nPONT\u00a0DE\u00a0L'ESPEYRAN\u00a0AU\u00a0PORT\u00a0DE\u00a0BELLEGARDE\u00a0sur\u00a0les\u00a0communes\u00a0de\u00a0Saint\u00a0Gilles\u00a0et\u00a0de\nBellegarde\u00a0et\u00a0tient\u00a0lieu,\u00a0au\u00a0titre\u00a0de\u00a0l'article\u00a0L.181-2\u00a0du\u00a0code\u00a0de\u00a0l'environnement\u00a0:\n\u2022 d'autorisation\u00a0suppl\u00e9tive\u00a0\u00a0au\u00a0titre\u00a0de\u00a0l'article\u00a0L.\u00a0214-3\u00a0du\u00a0code\u00a0de\u00a0l'environnement\n4/14\n89,\u00a0rue\u00a0Weber\u00a0\u2013\u00a030907\u00a0NIMES\u00a0CEDEX\u00a02\nT\u00e9l\u00a0:\u00a004\u00a066\u00a062\u00a062\u00a000\u00a0-\u00a0Fax\u00a0:\u00a004\u00a066\u00a023\u00a028\u00a079\u00a0-\u00a0www.gard.gouv.fr\nDirection D\u00e9partementale des Tetrritoires et de la Mer du Gard - 30-2025-02-13-00005 - Arr\u00eat\u00e9 portant autorisation environnementale\nsuppl\u00e9tive au titre des articles L181-1 et suivants du code de l'environnement concernant\u00a0: VIA-RHONA - SECTION PONT DE\nL'ESPEYRAN AU PORT DE BELLEGARDE sur les communes de Saint Gilles et de Bellegarde\n24\nAccotementchemin de halageV\u00e9loroute +3.00|- 0.50 - Distance de s\u00e9curit\u00e9ae 2.50\nProfil en travers type\n\u2022 d'absence\u00a0d'opposition\u00a0au\u00a0titre\u00a0du\u00a0r\u00e9gime\u00a0d'\u00e9valuation\u00a0des\u00a0incidences\u00a0Natura\u00a02000\nARTICLE 3 :  Localisation et parcelles concern\u00e9es\nLes\u00a0\u00ab\u00a0Activit\u00e9s,\u00a0installations,\u00a0ouvrages,\u00a0travaux\u00a0\u00bb\u00a0concern\u00e9(e)s\u00a0par\u00a0l'autorisation\u00a0environnementale\u00a0sont\nsitu\u00e9s\u00a0sur\u00a0le\u00a0territoire\u00a0de\u00a0la\u00a0commune\u00a0de\u00a0Saint\u00a0Gilles\u00a0et\u00a0de\u00a0la\u00a0commune\u00a0de\u00a0Bellegarde\u00a0en\u00a0superposition\u00a0au\nchemin\u00a0de\u00a0halage\u00a0du\u00a0canal\u00a0du\u00a0Rh\u00f4ne\u00a0\u00e0\u00a0S\u00e8te.\nUn\u00a0plan\u00a0de\u00a0situation\u00a0du\u00a0trac\u00e9\u00a0du\u00a0v\u00e9lo\u00a0route\u00a0concern\u00e9\u00a0par\u00a0le\u00a0pr\u00e9sent\u00a0arr\u00eat\u00e9\u00a0est\u00a0donn\u00e9\u00a0en annexe 1.\u00a0\nL'emprise\u00a0totale\u00a0am\u00e9nag\u00e9e\u00a0du\u00a0projet\u00a0repr\u00e9sente\u00a0un\u00a0lin\u00e9aire\u00a0totale\u00a0de\u00a016,4\u00a0km.\u00a0\nARTICLE 4 : Description des am\u00e9nagements autoris\u00e9s et nomenclatures concern\u00e9es. \nLe\u00a0projet\u00a0d'am\u00e9nagement\u00a0consiste\u00a0en\u00a0la\u00a0cr\u00e9ation,\u00a0sur\u00a0la\u00a0rive\u00a0nord\u00a0du\u00a0canal,\u00a0d'un\u00a0v\u00e9loroute\u00a0traversant\u00a0les\ncommunes\u00a0de\u00a0Bellegarde\u00a0\u00e0\u00a0Saint\u00a0Gilles\u00a0du\u00a0port\u00a0de\u00a0Bellegarde\u00a0au\u00a0pont\u00a0dit\u00a0de\u00a0l'Espeyran\u00a0sur\u00a0une\u00a0distance\nde\u00a016,4\u00a0km\u00a0;\nLe\u00a0tron\u00e7on\u00a0de\u00a0v\u00e9lo-route\u00a0fait\u00a0l'objet\u00a0d'am\u00e9nagements\u00a0paysagers\u00a0et\u00a0d'\u00e9quipements\u00a0permettant\u00a0la\u00a0mise\u00a0en\nvaleur\u00a0et\u00a0l'observation\u00a0du\u00a0patrimoine\u00a0naturel\u00a0local\u00a0ainsi\u00a0que\u00a0le\u00a0confort\u00a0des\u00a0usagers\u00a0comprenant\u00a0:\n-La\u00a0bande\u00a0cyclable\u00a0de\u00a03m\u00a0de\u00a0large\u00a0avec\u00a0deux\u00a0accotements\u00a0en\u00a0mat\u00e9riaux\u00a0stabilis\u00e9s\u00a0de\u00a00,5m\u00a0de\u00a0part\u00a0et\nd'autre.\u00a0La\u00a0structure\u00a0de\u00a0chauss\u00e9e\u00a0est\u00a0de\u00a030\u00a0cm\u00a0de\u00a0couche\u00a0de\u00a0fondation\u00a0en\u00a0GNT\u00a040/60\u00a0puis\u00a010\u00a0cm\u00a0de\u00a0GNT\n0/20\u00a0en\u00a0couche\u00a0de\u00a0base\u00a0puis\u00a0un\u00a0rev\u00eatement\u00a0en\u00a0b\u00e9ton\u00a0bitumineux\u00a00/10\u00a0sur\u00a05\u00a0cm\u00a0;\n-\u00a01\u00a0aire\u00a0de\u00a0repos\u00a0tous\u00a0les\u00a0kilom\u00e8tres\u00a0;\u00a0\n-\u00a0Les\u00a0barri\u00e8res\u00a0de\u00a0s\u00e9curit\u00e9\u00a0cot\u00e9\u00a0canal\u00a0lorsque\u00a0la\u00a0plateforme\u00a0est\u00a0inf\u00e9rieure\u00a0\u00e0\u00a03,5m\u00a0;\n-\u00a0La\u00a0signalisation\u00a0et\u00a0les\u00a0\u00e9quipements\u00a0adapt\u00e9s\u00a0\u00e0\u00a0chaque\u00a0secteur\u00a0;\n\u00a0-\u00a0des\u00a0aires\u00a0de\u00a0piques\u00a0niques\u00a0\u00e9quip\u00e9es\u00a0et\u00a0paysag\u00e9es.\n\u00a0-Le\u00a0projet\u00a0ne\u00a0porte\u00a0pas\u00a0atteinte\u00a0\u00e0\u00a0la\u00a0p\u00e9rennit\u00e9\u00a0ni\u00a0\u00e0\u00a0l'int\u00e9grit\u00e9\u00a0des\u00a08\u00a0ouvrages\u00a0hydrauliques\u00a0existants.\n5/14\n89,\u00a0rue\u00a0Weber\u00a0\u2013\u00a030907\u00a0NIMES\u00a0CEDEX\u00a02\nT\u00e9l\u00a0:\u00a004\u00a066\u00a062\u00a062\u00a000\u00a0-\u00a0Fax\u00a0:\u00a004\u00a066\u00a023\u00a028\u00a079\u00a0-\u00a0www.gard.gouv.fr\nDirection D\u00e9partementale des Tetrritoires et de la Mer du Gard - 30-2025-02-13-00005 - Arr\u00eat\u00e9 portant autorisation environnementale\nsuppl\u00e9tive au titre des articles L181-1 et suivants du code de l'environnement concernant\u00a0: VIA-RHONA - SECTION PONT DE\nL'ESPEYRAN AU PORT DE BELLEGARDE sur les communes de Saint Gilles et de Bellegarde\n25\nRubriques de la nomenclature loi sur l'eau concern\u00e9es     :   \nLes\u00a0\u00ab\u00a0Activit\u00e9s,\u00a0installations,\u00a0ouvrages,\u00a0travaux\u00a0\u00bb\u00a0concern\u00e9(e)s\u00a0par\u00a0l'autorisation\u00a0environnementale\u00a0rel\u00e8vent\ndes\u00a0rubriques\u00a0suivantes,\u00a0telles\u00a0que\u00a0d\u00e9finies\u00a0au\u00a0tableau\u00a0mentionn\u00e9\u00a0\u00e0\u00a0l'article\u00a0R.214-1\u00a0du\u00a0code\u00a0de\nl'environnement\u00a0:\n\u00a0\nRubri\nque\nIntitul\u00e9 R\u00e9gime Arr\u00eat\u00e9 de prescriptions g\u00e9n\u00e9rales\n2.1.5.0 Rejet\u00a0d'eaux\u00a0pluviales\u00a0dans\u00a0les\u00a0eaux\u00a0douces\u00a0\nsuperficielles\u00a0ou\u00a0sur\u00a0le\u00a0sol\u00a0ou\u00a0dans\u00a0le\u00a0sous-sol,\u00a0la\u00a0\nsurface\u00a0totale\u00a0du\u00a0projet,\u00a0augment\u00e9e\u00a0de\u00a0la\u00a0\nsurface\u00a0correspondant\u00a0\u00e0\u00a0la\u00a0partie\u00a0du\u00a0bassin\u00a0\nnaturel\u00a0dont\u00a0les\u00a0\u00e9coulements\u00a0sont\u00a0intercept\u00e9s\u00a0\npar\u00a0le\u00a0projet,\u00a0\u00e9tant\u00a0:\u00a0\n1\u00b0\u00a0Sup\u00e9rieure\u00a0ou\u00a0\u00e9gale\u00a0\u00e0\u00a020\u00a0ha\u00a0(A)\n\u00a02\u00b0\u00a0Sup\u00e9rieure\u00a0\u00e0\u00a01\u00a0ha\u00a0mais\u00a0inf\u00e9rieure\u00a0\u00e0\u00a020\u00a0ha\u00a0(D)\nd\u00e9claration \nN\u00e9ant\u00a0\n    Titre II :  DISPOSITIONS GENERALES COMMUNES\nARTICLE  5  :  Conformit\u00e9  au  dossier  de  demande  d'autorisation  environnementale  et\nmodification\nLes\u00a0activit\u00e9s,\u00a0installations,\u00a0ouvrages,\u00a0travaux,\u00a0objets\u00a0de\u00a0la\u00a0pr\u00e9sente\u00a0autorisation\u00a0environnementale,\u00a0sont\nsitu\u00e9s,\u00a0install\u00e9s\u00a0et\u00a0exploit\u00e9s\u00a0conform\u00e9ment\u00a0aux\u00a0plans\u00a0et\u00a0contenu\u00a0du\u00a0dossier\u00a0de\u00a0demande\u00a0d'autorisation\ncompl\u00e9t\u00e9,\u00a0sans\u00a0pr\u00e9judice\u00a0des\u00a0dispositions\u00a0de\u00a0la\u00a0pr\u00e9sente\u00a0autorisation,\u00a0des\u00a0arr\u00eat\u00e9s\u00a0compl\u00e9mentaires\u00a0et\u00a0les\nr\u00e9glementations\u00a0en\u00a0vigueur.\nToute\u00a0modification\u00a0apport\u00e9e\u00a0par\u00a0les\u00a0b\u00e9n\u00e9ficiaires\u00a0de\u00a0l'autorisation\u00a0environnementale,\u00a0\u00e0\u00a0l'ouvrage,\u00a0\u00e0\nl'installation,\u00a0\u00e0\u00a0son\u00a0mode\u00a0d'utilisation,\u00a0\u00e0\u00a0la\u00a0r\u00e9alisation\u00a0des\u00a0travaux\u00a0ou\u00a0\u00e0\u00a0l'am\u00e9nagement\u00a0en\u00a0r\u00e9sultant\u00a0ou\u00a0\u00e0\nl'exercice\u00a0de\u00a0l'activit\u00e9\u00a0ou\u00a0\u00e0\u00a0leur\u00a0voisinage,\u00a0et\u00a0de\u00a0nature\u00a0\u00e0\u00a0entra\u00eener\u00a0un\u00a0changement\u00a0notable\u00a0des\u00a0\u00e9l\u00e9ments\ndu\u00a0dossier\u00a0de\u00a0demande\u00a0d'autorisation,\u00a0est\u00a0port\u00e9e,\u00a0avant\u00a0sa\u00a0r\u00e9alisation,\u00a0\u00e0\u00a0la\u00a0connaissance\u00a0du\u00a0pr\u00e9fet\u00a0avec\ntous\u00a0les\u00a0\u00e9l\u00e9ments\u00a0d'appr\u00e9ciation,\u00a0conform\u00e9ment\u00a0aux\u00a0dispositions\u00a0des\u00a0articles\u00a0L.\u00a0181-14\u00a0et\u00a0R.181-45\u00a0et\u00a0R.181-\n46\u00a0\u00a0du\u00a0code\u00a0de\u00a0l'environnement.\nARTICLE 6 :  D\u00e9but et fin des travaux \u2013 mise en service \nLes\u00a0b\u00e9n\u00e9ficiaires\u00a0informent\u00a0le\u00a0service\u00a0en\u00a0charge\u00a0de\u00a0la\u00a0police\u00a0de\u00a0l'eau,\u00a0coordonnateur\u00a0de\u00a0l'instruction\u00a0de\nl'autorisation\u00a0environnementale,\u00a0du\u00a0d\u00e9marrage\u00a0des\u00a0travaux\u00a0et\u00a0le\u00a0cas\u00a0\u00e9ch\u00e9ant,\u00a0de\u00a0la\u00a0date\u00a0de\u00a0mise\u00a0en\nservice\u00a0de\u00a0l'installation,\u00a0dans\u00a0un\u00a0d\u00e9lai\u00a0d'au\u00a0moins\u00a015\u00a0jours\u00a0pr\u00e9c\u00e9dant\u00a0cette\u00a0op\u00e9ration.\nLes\u00a0informations\u00a0sont\u00a0transmises\u00a0par\u00a0mail\u00a0\u00e0\u00a0l'adresse\u00a0suivante\u00a0:\u00a0ddtm-ser@gard.gouv.fr\nARTICLE 7 :  Mesures d'\u00e9vitement, de r\u00e9duction et de compensation et suivi des incidences \nArticle 7 .1 Avant le d\u00e9marrage du chantier\nLes\u00a0b\u00e9n\u00e9ficiaires\u00a0fournissent\u00a0au\u00a0moins\u00a015\u00a0jours\u00a0avant\u00a0le\u00a0d\u00e9marrage\u00a0du\u00a0chantier\u00a0la\u00a0liste\u00a0des\u00a0sites\u00a0envisag\u00e9s\nd'\u00e9vacuation\u00a0des\u00a0d\u00e9chets\u00a0de\u00a0chantier\u00a0et\u00a0de\u00a0d\u00e9p\u00f4t\u00a0des\u00a0terres\u00a0excav\u00e9es.\u00a0Ils\u00a0compl\u00e8tent\u00a0la\u00a0liste\u00a0des\u00a0sites\u00a0par\nles\u00a0copies\u00a0des\u00a0justificatifs\u00a0ou\u00a0actes\u00a0r\u00e9glementaires\u00a0\u00e9tablissant\u00a0la\u00a0r\u00e9gularit\u00e9\u00a0des\u00a0sites\u00a0pour\u00a0cette\u00a0destination\n(d\u00e9claration,\u00a0enregistrement\u00a0ou\u00a0autorisation\u00a0ICPE\u00a0par\u00a0exemple)\u00a0si\u00a0besoin,\u00a0et\u00a0notamment\u00a0si\u00a0ces\u00a0sites\u00a0se\ntrouvent\u00a0dans\u00a0des\u00a0zones\u00a0inondables\u00a0identifi\u00e9s\u00a0dans\u00a0un\u00a0PPRI.\u00a0\n6/14\n89,\u00a0rue\u00a0Weber\u00a0\u2013\u00a030907\u00a0NIMES\u00a0CEDEX\u00a02\nT\u00e9l\u00a0:\u00a004\u00a066\u00a062\u00a062\u00a000\u00a0-\u00a0Fax\u00a0:\u00a004\u00a066\u00a023\u00a028\u00a079\u00a0-\u00a0www.gard.gouv.fr\nDirection D\u00e9partementale des Tetrritoires et de la Mer du Gard - 30-2025-02-13-00005 - Arr\u00eat\u00e9 portant autorisation environnementale\nsuppl\u00e9tive au titre des articles L181-1 et suivants du code de l'environnement concernant\u00a0: VIA-RHONA - SECTION PONT DE\nL'ESPEYRAN AU PORT DE BELLEGARDE sur les communes de Saint Gilles et de Bellegarde\n26\nArticle 7 .2 En phase de chantier\nLes\u00a0b\u00e9n\u00e9ficiaires\u00a0fournissent\u00a0\u00e0\u00a0la\u00a0fin\u00a0du\u00a0chantier\u00a0un\u00a0bilan\u00a0relatif\u00a0\u00e0\u00a0la\u00a0gestion\u00a0des\u00a0d\u00e9blais\u00a0et\u00a0produits\u00a0de\nd\u00e9construction\u00a0:\u00a0nature,\u00a0volume,\u00a0localisation\u00a0pr\u00e9cise\u00a0de\u00a0la\u00a0destination\u00a0finale\u00a0(pour\u00a0m\u00e9moire\u00a0des\nautorisations\u00a0d'urbanisme\u00a0et/ou\u00a0des\u00a0autorisations\u00a0environnementales\u00a0peuvent\u00a0s'imposer,\u00a0respectivement\nen\u00a0fonction\u00a0de\u00a0la\u00a0surface\u00a0et\u00a0de\u00a0la\u00a0hauteur,\u00a0ainsi\u00a0qu'en\u00a0zone\u00a0inondable\u00a0ou\u00a0en\u00a0zone\u00a0humide).\u00a0En\u00a0fin\u00a0de\nchantier\u00a0ils\u00a0pr\u00e9sentent\u00a0les\u00a0bons\u00a0fournis\u00a0par\u00a0les\u00a0entreprises\u00a0\u00e0\u00a0l'appui\u00a0de\u00a0ce\u00a0bilan\u00a0dans\u00a0un\u00a0document\u00a0de\nsynth\u00e8se.\nArticle 7 .3 Calendrier des travaux vis a vis des enjeux \u00e9cologiques\nEn\u00a0vu\u00a0de\u00a0prot\u00e9ger\u00a0les\u00a0espaces\u00a0faunes\u00a0et\u00a0flores\u00a0pr\u00e9sents\u00a0sur\u00a0le\u00a0site\u00a0ou\u00a0\u00e0\u00a0proximit\u00e9\u00a0pendant\u00a0les\u00a0p\u00e9riodes\u00a0de\u00a0\npr\u00e9sence\u00a0av\u00e9r\u00e9es\u00a0de\u00a0ces\u00a0esp\u00e8ces,\u00a0la\u00a0p\u00e9riode\u00a0de\u00a0travaux\u00a0est\u00a0faite\u00a0en\u00a0une\u00a0seule\u00a0prestation\u00a0et\u00a0interdite du 15 \nmars au 15 ao\u00fbt.\nARTICLE 8 :  Caract\u00e8re et dur\u00e9e de l'autorisation\nL'autorisation\u00a0est\u00a0accord\u00e9e\u00a0\u00e0\u00a0titre\u00a0personnel.\u00a0L'autorisation\u00a0est\u00a0abrogeable\u00a0ou\u00a0modifiable\u00a0sans\u00a0indemnit\u00e9\nde\u00a0l'\u00c9tat\u00a0conform\u00e9ment\u00a0aux\u00a0dispositions\u00a0de\u00a0l'article\u00a0L.181-22\u00a0et\u00a0L214-4\u00a0du\u00a0code\u00a0de\u00a0l'environnement.\nSauf\u00a0cas\u00a0de\u00a0force\u00a0majeure\u00a0ou\u00a0de\u00a0demande\u00a0justifi\u00e9e\u00a0et\u00a0accept\u00e9e\u00a0de\u00a0prorogation\u00a0de\u00a0d\u00e9lai,\u00a0l'autorisation\nenvironnementale\u00a0cesse\u00a0de\u00a0produire\u00a0effet,\u00a0si\u00a0l'installation\u00a0n'a\u00a0pas\u00a0\u00e9t\u00e9\u00a0mise\u00a0en\u00a0service,\u00a0si\u00a0l'ouvrage\u00a0n'a\u00a0pas\n\u00e9t\u00e9\u00a0construit,\u00a0si\u00a0les\u00a0travaux\u00a0n'ont\u00a0pas\u00a0\u00e9t\u00e9\u00a0ex\u00e9cut\u00e9s,\u00a0si\u00a0l'activit\u00e9\u00a0n'a\u00a0pas\u00a0\u00e9t\u00e9\u00a0exerc\u00e9e\u00a0dans\u00a0un\u00a0d\u00e9lai\u00a0de\u00a0trois\nans\u00a0\u00e0\u00a0compter\u00a0de\u00a0la\u00a0notification\u00a0du\u00a0pr\u00e9sent\u00a0arr\u00eat\u00e9.\nLa\u00a0prorogation\u00a0de\u00a0l'arr\u00eat\u00e9\u00a0portant\u00a0autorisation\u00a0environnementale\u00a0unique\u00a0peut\u00a0\u00eatre\u00a0demand\u00e9e\u00a0par\u00a0les\nb\u00e9n\u00e9ficiaires\u00a0avant\u00a0son\u00a0\u00e9ch\u00e9ance\u00a0dans\u00a0les\u00a0conditions\u00a0fix\u00e9es\u00a0par\u00a0l'article\u00a0L.181-15\u00a0et\u00a0R.181-49\u00a0du\u00a0code\u00a0de\nl'environnement.\nP\u00e9riode\u00a0de\u00a0validit\u00e9\u00a0de\u00a0l'autorisation.\nLa\u00a0pr\u00e9sente\u00a0autorisation\u00a0est\u00a0d\u00e9livr\u00e9e\u00a0sans\u00a0limitation\u00a0de\u00a0dur\u00e9e\u00a0dans\u00a0le\u00a0respect\u00a0des\u00a0prescriptions\u00a0des\narticles\u00a0ci-apr\u00e8s\u00a0et\u00a0sous\u00a0r\u00e9serve\u00a0d'une\u00a0\u00e9valuation\u00a0p\u00e9riodique\u00a0des\u00a0impacts\u00a0r\u00e9els\u00a0du\u00a0projet.\u00a0\nARTICLE 9 :  D\u00e9claration des incidents ou accidents\nD\u00e8s\u00a0qu'il\u00a0en\u00a0ont\u00a0connaissance,\u00a0les\u00a0b\u00e9n\u00e9ficiaires\u00a0sont\u00a0tenu\u00a0de\u00a0d\u00e9clarer\u00a0au\u00a0pr\u00e9fet\u00a0et\u00a0aux\u00a0services\u00a0de\u00a0l'Etat\nmentionn\u00e9s\u00a0\u00e0\u00a0l'article\u00a0final,\u00a0les\u00a0accidents\u00a0ou\u00a0incidents\u00a0int\u00e9ressant\u00a0les\u00a0installations,\u00a0ouvrages,\u00a0travaux\u00a0ou\nactivit\u00e9s\u00a0faisant\u00a0l'objet\u00a0de\u00a0la\u00a0pr\u00e9sente\u00a0autorisation,\u00a0qui\u00a0sont\u00a0de\u00a0nature\u00a0\u00e0\u00a0porter\u00a0atteinte\u00a0aux\u00a0int\u00e9r\u00eats\nmentionn\u00e9s\u00a0aux\u00a0articles\u00a0L.181-3\u00a0et\u00a0L.181-4\u00a0du\u00a0code\u00a0de\u00a0l'environnement,\u00a0en\u00a0particulier\u00a0ceux\u00a0de\u00a0nature\u00a0\u00e0\nporter\u00a0atteinte\u00a0aux\u00a0esp\u00e8ces\u00a0prot\u00e9g\u00e9es.\nSans\u00a0pr\u00e9judice\u00a0des\u00a0mesures\u00a0susceptibles\u00a0d'\u00eatre\u00a0prescrites\u00a0par\u00a0le\u00a0pr\u00e9fet,\u00a0les\u00a0b\u00e9n\u00e9ficiaires\u00a0sont\u00a0tenu\u00a0de\nprendre\u00a0ou\u00a0faire\u00a0prendre\u00a0les\u00a0dispositions\u00a0n\u00e9cessaires\u00a0pour\u00a0mettre\u00a0fin\u00a0aux\u00a0causes\u00a0de\u00a0l'incident\u00a0ou\u00a0accident,\npour\u00a0\u00e9valuer\u00a0ses\u00a0cons\u00e9quences\u00a0et\u00a0y\u00a0rem\u00e9dier.\nLes\u00a0b\u00e9n\u00e9ficiaires\u00a0sont\u00a0responsables\u00a0des\u00a0accidents\u00a0ou\u00a0dommages\u00a0imputables\u00a0\u00e0\u00a0l'utilisation\u00a0de\u00a0l'ouvrage\u00a0ou\nde\u00a0l'installation,\u00a0\u00e0\u00a0la\u00a0r\u00e9alisation\u00a0des\u00a0travaux\u00a0ou\u00a0\u00e0\u00a0l'am\u00e9nagement\u00a0en\u00a0r\u00e9sultant\u00a0ou\u00a0\u00e0\u00a0l'exercice\u00a0de\u00a0l'activit\u00e9.\nARTICLE 10 :  Cessation et remise en \u00e9tat des lieux\nLa\u00a0cessation\u00a0d\u00e9finitive,\u00a0ou\u00a0pour\u00a0une\u00a0p\u00e9riode\u00a0sup\u00e9rieure\u00a0\u00e0\u00a0deux\u00a0ans,\u00a0de\u00a0l'exploitation\u00a0ou\u00a0de\u00a0l'affectation\nindiqu\u00e9e\u00a0dans\u00a0l'autorisation\u00a0d'un\u00a0ouvrage\u00a0ou\u00a0d'une\u00a0installation,\u00a0fait\u00a0l'objet\u00a0d'une\u00a0d\u00e9claration\u00a0par\nl'exploitant,\u00a0ou,\u00a0\u00e0\u00a0d\u00e9faut,\u00a0par\u00a0le\u00a0propri\u00e9taire,\u00a0aupr\u00e8s\u00a0du\u00a0pr\u00e9fet\u00a0dans\u00a0le\u00a0mois\u00a0qui\u00a0suit\u00a0la\u00a0cessation\u00a0d\u00e9finitive\nou\u00a0le\u00a0changement\u00a0d'affectation\u00a0et\u00a0au\u00a0plus\u00a0tard\u00a0un\u00a0mois\u00a0avant\u00a0que\u00a0l'arr\u00eat\u00a0de\u00a0plus\u00a0de\u00a0deux\u00a0ans\u00a0ne\u00a0soit\neffectif.\u00a0\n7/14\n89,\u00a0rue\u00a0Weber\u00a0\u2013\u00a030907\u00a0NIMES\u00a0CEDEX\u00a02\nT\u00e9l\u00a0:\u00a004\u00a066\u00a062\u00a062\u00a000\u00a0-\u00a0Fax\u00a0:\u00a004\u00a066\u00a023\u00a028\u00a079\u00a0-\u00a0www.gard.gouv.fr\nDirection D\u00e9partementale des Tetrritoires et de la Mer du Gard - 30-2025-02-13-00005 - Arr\u00eat\u00e9 portant autorisation environnementale\nsuppl\u00e9tive au titre des articles L181-1 et suivants du code de l'environnement concernant\u00a0: VIA-RHONA - SECTION PONT DE\nL'ESPEYRAN AU PORT DE BELLEGARDE sur les communes de Saint Gilles et de Bellegarde\n27\nEn\u00a0cas\u00a0de\u00a0cessation\u00a0d\u00e9finitive,\u00a0il\u00a0est\u00a0fait\u00a0application\u00a0des\u00a0dispositions\u00a0pr\u00e9vues\u00a0\u00e0\u00a0l'article\u00a0L.\u00a0181-23\u00a0pour\u00a0les\nautorisations.\u00a0\nLa\u00a0d\u00e9claration\u00a0d'arr\u00eat\u00a0d'exploitation\u00a0de\u00a0plus\u00a0de\u00a0deux\u00a0ans\u00a0est\u00a0accompagn\u00e9e\u00a0d'une\u00a0note\u00a0expliquant\u00a0les\nraisons\u00a0de\u00a0cet\u00a0arr\u00eat\u00a0et\u00a0la\u00a0date\u00a0pr\u00e9visionnelle\u00a0de\u00a0reprise\u00a0de\u00a0cette\u00a0exploitation.\u00a0Le\u00a0pr\u00e9fet\u00a0peut\u00a0\u00e9mettre\ntoutes\u00a0prescriptions\u00a0conservatoires\u00a0afin\u00a0de\u00a0prot\u00e9ger\u00a0les\u00a0int\u00e9r\u00eats\u00a0\u00e9nonc\u00e9s\u00a0\u00e0\u00a0l'article\u00a0L.\u00a0181-3\u00a0pendant\u00a0cette\np\u00e9riode\u00a0d'arr\u00eat.\u00a0Si\u00a0l'exploitation\u00a0n'est\u00a0pas\u00a0reprise\u00a0\u00e0\u00a0la\u00a0date\u00a0pr\u00e9visionnelle\u00a0d\u00e9clar\u00e9e,\u00a0le\u00a0pr\u00e9fet\u00a0peut,\nl'exploitant\u00a0ou\u00a0le\u00a0propri\u00e9taire\u00a0entendu,\u00a0consid\u00e9rer\u00a0l'exploitation\u00a0comme\u00a0d\u00e9finitivement\u00a0arr\u00eat\u00e9e\u00a0et\u00a0fixer\u00a0les\nprescriptions\u00a0relatives\u00a0\u00e0\u00a0l'arr\u00eat\u00a0d\u00e9finitif\u00a0de\u00a0cette\u00a0exploitation\u00a0et\u00a0\u00e0\u00a0la\u00a0remise\u00a0en\u00a0\u00e9tat\u00a0du\u00a0site\u00a0\u00e0\u00a0la\u00a0charge\u00a0de\nl'exploitant\u00a0b\u00e9n\u00e9ficiaire\u00a0de\u00a0la\u00a0pr\u00e9sente\u00a0autorisation.\nARTICLE 11 :  Moyens d'analyses, de surveillance et de contr\u00f4le \u2013 conduite des travaux\nLes\u00a0b\u00e9n\u00e9ficiaires\u00a0s'associent\u00a0les\u00a0services\u00a0d'un\u00a0(ou\u00a0plusieurs)\u00a0\u00e9cologue\u00a0ind\u00e9pendant,\u00a0comp\u00e9tent\u00a0et\u00a0qualifi\u00e9\ndans\u00a0le\u00a0domaine,\u00a0sans\u00a0relation\u00a0hi\u00e9rarchique\u00a0ni\u00a0avec\u00a0les\u00a0b\u00e9n\u00e9ficiaires\u00a0ni\u00a0avec\u00a0l'entreprise\u00a0charg\u00e9e\u00a0des\ntravaux,\u00a0dont\u00a0les\u00a0missions\u00a0sont\u00a0d\u00e9crites\u00a0aux\u00a0articles\u00a016,\u00a018\u00a019\u00a0et\u00a020.\u00a0\nLes\u00a0b\u00e9n\u00e9ficiaires\u00a0s'assurent\u00a0de\u00a0leur\u00a0propre\u00a0initiative\u00a0ou\u00a0\u00e0\u00a0la\u00a0demande\u00a0des\u00a0services\u00a0de\u00a0contr\u00f4les\u00a0de\nl'environnement\u00a0de\u00a0tous\u00a0les\u00a0autres\u00a0contr\u00f4les\u00a0ext\u00e9rieurs\u00a0n\u00e9cessaires\u00a0pour\u00a0v\u00e9rifier\u00a0le\u00a0bon\u00a0d\u00e9roulement\u00a0du\nchantier\u00a0et\u00a0la\u00a0bonne\u00a0ex\u00e9cution\u00a0des\u00a0ouvrages.\nARTICLE 12 :  Acc\u00e8s aux installations et exercice des missions de police\nLa\u00a0mise\u00a0en\u00a0\u0153uvre\u00a0des\u00a0prescriptions\u00a0du\u00a0pr\u00e9sent\u00a0arr\u00eat\u00e9\u00a0fait\u00a0l'objet\u00a0de\u00a0contr\u00f4le\u00a0par\u00a0les\u00a0agents\u00a0charg\u00e9s\u00a0de\nconstater\u00a0les\u00a0infractions\u00a0mentionn\u00e9es\u00a0aux\u00a0articles\u00a0L181-16\u00a0et\u00a0L.415-3\u00a0du\u00a0code\u00a0de\u00a0l'environnement,\u00a0DDTM,\nDREAL\u00a0Occitanie\u00a0et\u00a0OFB.\u00a0Ces\u00a0agents\u00a0ont\u00a0libre\u00a0acc\u00e8s\u00a0aux\u00a0installations,\u00a0ouvrages,\u00a0travaux\u00a0ou\u00a0activit\u00e9s\u00a0faisant\nl'objet\u00a0de\u00a0la\u00a0pr\u00e9sente\u00a0autorisation\u00a0environnementale,\u00a0dans\u00a0les\u00a0conditions\u00a0fix\u00e9es\u00a0par\u00a0le\u00a0code\u00a0de\nl'environnement.\u00a0Ils\u00a0peuvent\u00a0demander\u00a0communication\u00a0de\u00a0toute\u00a0pi\u00e8ce\u00a0utile\u00a0au\u00a0contr\u00f4le\u00a0de\u00a0la\u00a0bonne\nex\u00e9cution\u00a0du\u00a0pr\u00e9sent\u00a0arr\u00eat\u00e9.\u00a0\nPar\u00a0ailleurs,\u00a0si\u00a0n\u00e9cessaire,\u00a0les\u00a0b\u00e9n\u00e9ficiaires\u00a0mettent\u00a0\u00e0\u00a0disposition\u00a0des\u00a0agents\u00a0charg\u00e9s\u00a0d'une\u00a0mission\u00a0de\ncontr\u00f4le,\u00a0 les \u00a0 moyens \u00a0 de \u00a0 transport \u00a0 (notamment \u00a0 nautique)\u00a0 permettant \u00a0 d'acc\u00e9der\u00a0 aux \u00a0 secteurs\u00a0 \u00e0\nl'installation/l'ouvrage/le\u00a0secteur\u00a0de\u00a0travaux/au\u00a0lieu\u00a0de\u00a0l'activit\u00e9.\nARTICLE 13 :  Droits des tiers\nLes\u00a0droits\u00a0des\u00a0tiers\u00a0sont\u00a0express\u00e9ment\u00a0r\u00e9serv\u00e9s.\nARTICLE 14 :  Autres r\u00e9glementations\nLa\u00a0pr\u00e9sente\u00a0autorisation\u00a0ne\u00a0dispense\u00a0en\u00a0aucun\u00a0cas\u00a0les\u00a0b\u00e9n\u00e9ficiaires\u00a0de\u00a0faire\u00a0les\u00a0d\u00e9clarations\u00a0ou\u00a0d'obtenir\nles\u00a0autorisations\u00a0requises\u00a0par\u00a0les\u00a0r\u00e9glementations\u00a0autres\u00a0que\u00a0celles\u00a0en\u00a0application\u00a0desquelles\u00a0elle\u00a0est\nd\u00e9livr\u00e9e.\nLa\u00a0pr\u00e9sente\u00a0autorisation\u00a0ne\u00a0dispense\u00a0pas\u00a0les\u00a0b\u00e9n\u00e9ficiaires\u00a0et\u00a0les\u00a0am\u00e9nagements\u00a0de\u00a0secteur\u00a0du\u00a0respect\u00a0des\nPlans\u00a0de\u00a0Pr\u00e9vention\u00a0du\u00a0Risque\u00a0Inondation\u00a0(PPRI)\u00a0des\u00a0communes\u00a0de\u00a0Saint\u00a0Gilles\u00a0et\u00a0Bellegarde\u00a0annex\u00e9s\u00a0aux\nPLU\u00a0en\u00a0vigueur\u00a0et\u00a0rappel\u00e9s\u00a0dans\u00a0l'\u00e9tude\u00a0d'impact\u00a0des\u00a0b\u00e9n\u00e9ficiaires.\u00a0\n    Titre III :  PRESCRIPTIONS PARTICULIERES \nARTICLE 15 : prescriptions particuli\u00e8res pr\u00e9alables \u00e0 la phase chantier (\u00e9vitement et r\u00e9duction\nd'impacts)\n8/14\n89,\u00a0rue\u00a0Weber\u00a0\u2013\u00a030907\u00a0NIMES\u00a0CEDEX\u00a02\nT\u00e9l\u00a0:\u00a004\u00a066\u00a062\u00a062\u00a000\u00a0-\u00a0Fax\u00a0:\u00a004\u00a066\u00a023\u00a028\u00a079\u00a0-\u00a0www.gard.gouv.fr\nDirection D\u00e9partementale des Tetrritoires et de la Mer du Gard - 30-2025-02-13-00005 - Arr\u00eat\u00e9 portant autorisation environnementale\nsuppl\u00e9tive au titre des articles L181-1 et suivants du code de l'environnement concernant\u00a0: VIA-RHONA - SECTION PONT DE\nL'ESPEYRAN AU PORT DE BELLEGARDE sur les communes de Saint Gilles et de Bellegarde\n28\nARTICLE 15.1 : prescriptions particuli\u00e8res pr\u00e9alables \u00e0 la phase chantier au titre de la loi sur l'eau\nLes\u00a0eaux\u00a0us\u00e9es,\u00a0g\u00e9n\u00e9r\u00e9es\u00a0par\u00a0les\u00a0travailleurs,\u00a0ne\u00a0sont\u00a0en\u00a0aucun\u00a0cas\u00a0rejet\u00e9es\u00a0au\u00a0milieu\u00a0naturel.\u00a0L'installation\nad\u00e9quate\u00a0est\u00a0mise\u00a0en\u00a0place\u00a0avant\u00a0le\u00a0d\u00e9marrage\u00a0du\u00a0chantier.\u00a0S'il\u00a0n'y\u00a0pas\u00a0de\u00a0raccordement\u00a0autoris\u00e9\u00a0sur\u00a0un\nr\u00e9seau\u00a0collectif\u00a0autoris\u00e9\u00a0existant,\u00a0des\u00a0moyens\u00a0de\u00a0collecte-stockage\u00a0sont\u00a0mis\u00a0en\u00a0place\u00a0sur\u00a0la\u00a0base\u00a0vie\npendant\u00a0toute\u00a0la\u00a0dur\u00e9e\u00a0du\u00a0chantier,\u00a0et\u00a0les\u00a0effluents\u00a0repris\u00a0r\u00e9guli\u00e8rement\u00a0pour\u00a0\u00eatre\u00a0trait\u00e9s\u00a0sur\u00a0un\u00a0site\u00a0agr\u00e9\u00e9.\nLes\u00a0b\u00e9n\u00e9ficiaires\u00a0d\u00e9limitent\u00a0la\u00a0base\u00a0chantier\u00a0et\u00a0l'\u00e9quipe\u00a0d'un\u00a0syst\u00e8me\u00a0de\u00a0recueil\u00a0des\u00a0eaux\u00a0pluviales.\u00a0Les\neaux\u00a0qui\u00a0transitent\u00a0sur\u00a0le\u00a0site\u00a0sont\u00a0dirig\u00e9es\u00a0vers\u00a0les\u00a0ouvrages\u00a0adapt\u00e9s.\u00a0Le\u00a0b\u00e9n\u00e9ficiaire\u00a0met\u00a0en\u00a0\u0153uvre\npr\u00e9alablement\u00a0au\u00a0terrassement\u00a0de\u00a0la\u00a0zone\u00a0de\u00a0travaux\u00a0les\u00a0syst\u00e8mes\u00a0temporaires\u00a0de\u00a0gestion\u00a0des\u00a0eaux\n(noues,\u00a0tranch\u00e9es)\u00a0et\u00a0proc\u00e8de\u00a0au\u00a0balisage\u00a0de\u00a0ces\u00a0zones\u00a0(b\u00e2ches\u00a0anti-intrusion)\u00a0pour\u00a0\u00e9viter\u00a0l'attractivit\u00e9\npour\u00a0les\u00a0amphibiens.\nLes\u00a0b\u00e9n\u00e9ficiaires\u00a0mettent\u00a0en\u00a0place\u00a0et\u00a0contr\u00f4le\u00a0r\u00e9guli\u00e8rement\u00a0les\u00a0syst\u00e8mes\u00a0anti\u00a0MES,\u00a0pour\u00a0\u00e9viter\u00a0des\nd\u00e9parts\u00a0de\u00a0fines\u00a0dans\u00a0le\u00a0r\u00e9seau\u00a0et\u00a0le\u00a0cours\u00a0d'eau\u00a0les\u00a0plus\u00a0proches.\nL'\u00e9cologue\u00a0mandat\u00e9\u00a0\u00e0\u00a0l'article\u00a011,\u00a0r\u00e9alise\u00a0une\u00a0visite\u00a0du\u00a0site\u00a0et\u00a0indique\u00a0les\u00a0zones\u00a0\u00e0\u00a0mettre\u00a0en\u00a0d\u00e9fens.\nLes\u00a0b\u00e9n\u00e9ficiaires\u00a0seront\u00a0tenus\u00a0de\u00a0s'engager\u00a0dans\u00a0la\u00a0d\u00e9marche\u00a0de\u00a0la\u00a0charte\u00a0\u00ab\u00a0Chantier\u00a0Vert\u00a0\u00bb\u00a0recommand\u00e9e\npar\u00a0l'ARS\u00a0et\u00a0reprise\u00a0comme\u00a0prescription\u00a0par\u00a0le\u00a0commissaire\u00a0enqu\u00eateur\u00a0dans\u00a0son\u00a0rapport\u00a0sur\u00a0l'op\u00e9ration.\nARTICLE 16 :  prescriptions particuli\u00e8res en phase chantier\nARTICLE 16.1 :  prescriptions particuli\u00e8res en phase chantier au titre de la loi sur l'eau\nLes\u00a0b\u00e9n\u00e9ficiaires\u00a0informent\u00a0les\u00a0services\u00a0en\u00a0charge\u00a0de\u00a0la\u00a0police\u00a0de\u00a0l'environnement\u00a0de\u00a0l'avancement\u00a0des\ntravaux\u00a0et\u00a0des\u00a0difficult\u00e9s\u00a0rencontr\u00e9es\u00a0lors\u00a0des\u00a0r\u00e9unions\u00a0de\u00a0chantier\u00a0et\u00a0par\u00a0transmission\u00a0-\u00a0par\u00a0courriel\u00a0\u00e0\nl'adresse\u00a0ddtm-ser@gard.gouv.fr\u00a0-\u00a0des\u00a0comptes\u00a0rendus.\nAfin\u00a0de\u00a0pr\u00e9venir\u00a0le\u00a0risque\u00a0de\u00a0pollution\u00a0accidentelle\u00a0vers\u00a0les\u00a0eaux\u00a0souterraines,\u00a0eaux\u00a0superficielles,\u00a0les\nb\u00e9n\u00e9ficiaires\u00a0proc\u00e8dent\u00a0\u00e0\u00a0des\u00a0contr\u00f4les\u00a0r\u00e9guliers\u00a0du\u00a0chantier\u00a0:\u00a0v\u00e9rification\u00a0des\u00a0aires\u00a0de\u00a0stockage\u00a0des\nproduits\u00a0polluants,\u00a0des\u00a0aires\u00a0de\u00a0stationnement\u00a0des\u00a0engins,\u00a0s'assure\u00a0de\u00a0la\u00a0disponibilit\u00e9\u00a0des\u00a0kits\u00a0anti-\npollution\u00a0sur\u00a0le\u00a0chantier,\u00a0etc,\nLes\u00a0b\u00e9n\u00e9ficiaires\u00a0prennent\u00a0les\u00a0mesures\u00a0ad\u00e9quates\u00a0de\u00a0pr\u00e9vention\u00a0pour\u00a0r\u00e9duire\u00a0les\u00a0risques\u00a0potentiels\u00a0de\npollution\u00a0des\u00a0eaux,\u00a0notamment\u00a0des\u00a0eaux\u00a0souterraines\u00a0:\n\u2022 aucun\u00a0rejet\u00a0d'installation\u00a0des\u00a0baraquements\u00a0de\u00a0chantier,\u00a0de\u00a0leurs\u00a0assainissements\u00a0et\u00a0des\u00a0zones\nd'entretiens\u00a0 des \u00a0 v\u00e9hicules\u00a0 dans \u00a0 une \u00a0 zone\u00a0 humide \u00a0 et/ou\u00a0 des\u00a0 cours\u00a0 d'eau\u00a0 permanents \u00a0 ou\ntemporaires\u00a0;\n\u2022 utilisation\u00a0d'engins\u00a0de\u00a0chantier\u00a0et\u00a0de\u00a0camions\u00a0aux\u00a0normes\u00a0en\u00a0vigueur\u00a0entretenus\u00a0et\u00a0r\u00e9guli\u00e8rement\ncontr\u00f4l\u00e9s\u00a0;\n\u2022 stationnement\u00a0et\u00a0op\u00e9ration\u00a0de\u00a0ravitaillement\u00a0des\u00a0v\u00e9hicules\u00a0et\u00a0des\u00a0engins\u00a0de\u00a0chantier\u00a0r\u00e9alis\u00e9s\u00a0sur\nune\u00a0aire\u00a0de\u00a0r\u00e9tention\u00a0\u00e9tanche\u00a0fixe\u00a0ou\u00a0mobile.\u00a0Le\u00a0stockage\u00a0des\u00a0carburants\u00a0et\u00a0l'entretien\u00a0des\u00a0engins\ns'effectuera\u00a0hors\u00a0site.\u00a0En\u00a0cas\u00a0de\u00a0panne\u00a0et\u00a0de\u00a0r\u00e9paration\u00a0sur\u00a0site\u00a0des\u00a0engins,\u00a0des\u00a0mesures\u00a0visant\u00a0\u00e0\ngarantir\u00a0les\u00a0m\u00eames\u00a0niveaux\u00a0de\u00a0protection\u00a0seront\u00a0\u00e9tablies\u00a0dans\u00a0la\u00a0mesure\u00a0o\u00f9\u00a0les\u00a0engins\u00a0ne\u00a0peuvent\npas\u00a0\u00eatre\u00a0\u00e9vacu\u00e9s\u00a0du\u00a0chantier.\u00a0Les\u00a0aires\u00a0de\u00a0stockage\u00a0des\u00a0engins\u00a0de\u00a0chantier\u00a0seront\u00a0\u00e9quip\u00e9es\u00a0de\u00a0bacs\nde\u00a0d\u00e9cantation\u00a0et\u00a0de\u00a0d\u00e9shuileurs\u00a0;\n\u2022 mise\u00a0\u00e0\u00a0disposition\u00a0de\u00a0kits\u00a0anti-pollution\u00a0:\u00a0un\u00a0stock\u00a0de\u00a0mat\u00e9riaux\u00a0absorbant\u00a0(sable,\u00a0absorbeur\nd'hydrocarbure\u2026)\u00a0est\u00a0pr\u00e9sent\u00a0en\u00a0nombre\u00a0suffisant\u00a0et\u00a0judicieusement\u00a0r\u00e9parti\u00a0sur\u00a0site\u00a0afin\u00a0de\nneutraliser\u00a0rapidement\u00a0une\u00a0pollution\u00a0accidentelle\u00a0;\n\u2022 pose\u00a0de\u00a0membrane\u00a0pour\u00a0les\u00a0zones\u00a0de\u00a0nettoyage\u00a0des\u00a0toupies,\u00a0aucun\u00a0rejet\u00a0n'est\u00a0accept\u00e9\u00a0dans\u00a0le\nmilieu\u00a0naturel\u00a0dans\u00a0des\u00a0zones\u00a0d'infiltration\u00a0fortuites\u00a0(notamment\u00a0interdiction\u00a0de\u00a0cr\u00e9er\u00a0des\ntranch\u00e9es\u00a0permettant\u00a0les\u00a0\u00e9coulements\u00a0de\u00a0laitance\u00a0de\u00a0b\u00e9ton\u00a0ou\u00a0des\u00a0eaux\u00a0de\u00a0nettoyage\u00a0de\u00a0toupie)\u00a0;\n9/14\n89,\u00a0rue\u00a0Weber\u00a0\u2013\u00a030907\u00a0NIMES\u00a0CEDEX\u00a02\nT\u00e9l\u00a0:\u00a004\u00a066\u00a062\u00a062\u00a000\u00a0-\u00a0Fax\u00a0:\u00a004\u00a066\u00a023\u00a028\u00a079\u00a0-\u00a0www.gard.gouv.fr\nDirection D\u00e9partementale des Tetrritoires et de la Mer du Gard - 30-2025-02-13-00005 - Arr\u00eat\u00e9 portant autorisation environnementale\nsuppl\u00e9tive au titre des articles L181-1 et suivants du code de l'environnement concernant\u00a0: VIA-RHONA - SECTION PONT DE\nL'ESPEYRAN AU PORT DE BELLEGARDE sur les communes de Saint Gilles et de Bellegarde\n29\n\u2022 entretien\u00a0des\u00a0v\u00e9hicules\u00a0r\u00e9alis\u00e9\u00a0sur\u00a0une\u00a0aire\u00a0de\u00a0r\u00e9tention\u00a0\u00e9tanche\u00a0install\u00e9e\u00a0sur\u00a0le\u00a0chantier\u00a0ou\u00a0en\natelier\u00a0\u00e0\u00a0l'ext\u00e9rieur\u00a0;\n\u2022 stockage \u00a0 des \u00a0 produits \u00a0 potentiellement \u00a0 polluants \u00a0 sur \u00a0 r\u00e9tention \u00a0 conform\u00e9ment \u00a0 \u00e0 \u00a0 la\nr\u00e9glementation\u00a0;\n\u2022 stockage\u00a0des\u00a0d\u00e9chets\u00a0de\u00a0chantier\u00a0potentiellement\u00a0polluants\u00a0sur\u00a0r\u00e9tention\u00a0et\u00a0\u00e9vacuation\u00a0dans\u00a0des\nfili\u00e8res\u00a0d\u00fbment\u00a0autoris\u00e9es.\n\u2022 un\u00a0plan\u00a0d'urgence\u00a0par\u00a0op\u00e9ration\u00a0est\u00a0mis\u00a0en\u00a0place\u00a0d\u00e9crivant\u00a0de\u00a0mani\u00e8re\u00a0pr\u00e9cise\u00a0la\u00a0proc\u00e9dure\nd'intervention\u00a0d'urgence\u00a0\u00e0\u00a0mettre\u00a0en\u00a0place\u00a0en\u00a0cas\u00a0de\u00a0besoin\u00a0et\u00a0les\u00a0modalit\u00e9s\u00a0de\u00a0formation\u00a0du\npersonnel\u00a0\u0153uvrant\u00a0sur\u00a0le\u00a0chantier\n\u2022 un\u00a0syst\u00e8me\u00a0de\u00a0tri\u00a0s\u00e9lectif\u00a0et\u00a0de\u00a0collecte\u00a0des\u00a0d\u00e9chets\u00a0vers\u00a0des\u00a0fili\u00e8res\u00a0d\u00fbment\u00a0autoris\u00e9es\u00a0est\u00a0mis\u00a0en\nplace\u00a0au\u00a0sein\u00a0du\u00a0chantier.\u00a0Par\u00a0ailleurs,\u00a0les\u00a0d\u00e9chets\u00a0trouv\u00e9s\u00a0sur\u00a0site\u00a0lors\u00a0de\u00a0la\u00a0r\u00e9alisation\u00a0des\u00a0travaux\nsont\u00a0\u00e9vacu\u00e9s.\nLes\u00a0b\u00e9n\u00e9ficiaires\u00a0organisent\u00a0une\u00a0s\u00e9ance\u00a0de\u00a0sensibilisation\u00a0et\u00a0d'information\u00a0du\u00a0personnel\u00a0travaillant\u00a0sur\u00a0le\nchantier\u00a0vis-\u00e0-vis\u00a0\u00a0des\u00a0enjeux\u00a0li\u00e9s\u00a0\u00e0\u00a0l'eau\u00a0et\u00a0au\u00a0milieu\u00a0aquatique.\u00a0Les\u00a0prestataires\u00a0de\u00a0travaux\u00a0et\u00a0les\u00a0\u00e9quipes\nde\u00a0l'entreprise\u00a0sont\u00a0responsabilis\u00e9s\u00a0au\u00a0strict\u00a0respect\u00a0de\u00a0ces\u00a0mesures,\u00a0en\u00a0particulier\u00a0par\u00a0des\u00a0p\u00e9nalit\u00e9s\ndissuasives,\u00a0incluses\u00a0dans\u00a0les\u00a0march\u00e9s\u00a0\u00e9tablis\u00a0avec\u00a0le\u00a0b\u00e9n\u00e9ficiaire.\u00a0\nL'\u00e9cologue\u00a0est\u00a0en\u00a0charge\u00a0de\u00a0la\u00a0v\u00e9rification\u00a0du\u00a0bon\u00a0respect\u00a0de\u00a0ces\u00a0mesures\u00a0et\u00a0effectue\u00a0un\u00a0passage\u00a0mensuel\ndurant\u00a0les\u00a0phases\u00a0d'am\u00e9nagement\u00a0(travaux\u00a0de\u00a0d\u00e9broussaillement,\u00a0terrassement,\u00a0g\u00e9nie\u00a0civil)\u00a0et\u00a0de\nlib\u00e9ration\u00a0des\u00a0emprises\u00a0puis\u00a0a\u00a0minima\u00a0une\u00a0fois\u00a0par\u00a0trimestre.\u00a0Ces\u00a0visites\u00a0sont\u00a0suivies\u00a0de\u00a0la\u00a0r\u00e9daction\u00a0d'un\nrapport \u00a0transmis\u00a0au\u00a0b\u00e9n\u00e9ficiaire.\u00a0Ces\u00a0rapports\u00a0sont\u00a0mis\u00a0\u00e0\u00a0disposition\u00a0de\u00a0l'inspecteur\u00a0en\u00a0charge\u00a0du\ncontr\u00f4le\u00a0sur\u00a0simple\u00a0demande,\u00a0d\u00e8s\u00a0leur\u00a0r\u00e9daction.\nARTICLE  16.2  :  prescriptions  particuli\u00e8res  en  phase  chantier  au  titre  de  la  protection  des\nhabitats naturels flore et faune \nLa\u00a0v\u00e9loroute\u00a0n'est\u00a0pas\u00a0imm\u00e9diatement\u00a0localis\u00e9e\u00a0sur\u00a0les\u00a0stations\u00a0d'esp\u00e8ces\u00a0prot\u00e9g\u00e9es,\u00a0mais\u00a0sont\u00a0toutefois\nen\u00a0bordure\u00a0imm\u00e9diate\u00a0de\u00a0la\u00a0voie\u00a0verte.\u00a0De\u00a0m\u00eame\u00a0les\u00a0stations\u00a0d'aristoloches\u00a0habitats\u00a0de\u00a0la\u00a0diane\u00a0sont\nrecens\u00e9es\u00a0tout\u00a0le\u00a0long\u00a0de\u00a0l'itin\u00e9raire.\u00a0Ces\u00a0zones\u00a0sont\u00a0localis\u00e9es\u00a0en\u00a0annexe\u00a02\u00a0du\u00a0pr\u00e9sent\u00a0arr\u00eat\u00e9\u00a0sur\u00a05\u00a0feuilles.\nDes\u00a0\u00e9cologues\u00a0comp\u00e9tents\u00a0sont\u00a0mandat\u00e9s\u00a0par\u00a0les\u00a0b\u00e9n\u00e9ficiaires\u00a0pour\u00a0assurer\u00a0la\u00a0bonne\u00a0mise\u00a0en\u00a0\u0153uvre\u00a0des\nmesures\u00a0de\u00a0r\u00e9duction\u00a0en\u00a0phase\u00a0chantier.\u00a0Ils\u00a0ont\u00a0pour\u00a0mission\u00a0de\u00a0v\u00e9rifier\u00a0l'efficacit\u00e9\u00a0et\u00a0la\u00a0bonne\u00a0mise\u00a0en\n\u0153uvre\u00a0des\u00a0mesures\u00a0visant\u00a0\u00e0\u00a0prot\u00e9ger\u00a0l'environnement\u00a0par\u00a0les\u00a0prestataires\u00a0de\u00a0travaux\u00a0ou\u00a0les\u00a0\u00e9quipes\u00a0du\nb\u00e9n\u00e9ficiaire. \u00a0 Les \u00a0 suivis \u00a0 par \u00a0 les \u00a0 intervenants \u00a0 en \u00a0 phase \u00a0 chantier \u00a0 sont \u00a0 \u00e0 \u00a0 minima \u00a0 les \u00a0 suivants \u00a0 :\n\u00a0-\u00a01\u00a0passage,\u00a010\u00a0jours\u00a0avant\u00a0le\u00a0d\u00e9marrage\u00a0des\u00a0travaux,\u00a0afin\u00a0de\u00a0baliser\u00a0les\u00a0zones\u00a0sensibles\u00a0rep\u00e9rer\u00a0les\u00a0g\u00eetes\npotentiels,\u00a0 les \u00a0 nids, \u00a0 informer\u00a0 et \u00a0 sensibiliser\u00a0 le \u00a0 personnel \u00a0 du \u00a0 chantier.\u00a0 Un \u00a0 rapport \u00a0 d\u00e9taillant \u00a0 les\nobservations\u00a0et\u00a0proposant\u00a0des\u00a0recommandations\u00a0est\u00a0transmis\u00a0au\u00a0b\u00e9n\u00e9ficiaire\u00a0une\u00a0semaine\u00a0avant\u00a0le\nd\u00e9marrage\u00a0des\u00a0travaux\u00a0;\n\u00a0 - \u00a0 un \u00a0 passage\u00a0 hebdomadaire \u00a0 durant \u00a0 les \u00a0 phases \u00a0 d'am\u00e9nagement\u00a0 (travaux\u00a0 de \u00a0 d\u00e9broussaillement,\nterrassement,\u00a0g\u00e9nie\u00a0civil)\u00a0et\u00a0de\u00a0lib\u00e9ration\u00a0des\u00a0emprises\u00a0fonci\u00e8res.\u00a0Chaque\u00a0passage\u00a0permet\u00a0de\u00a0v\u00e9rifier\u00a0la\nconformit\u00e9\u00a0du\u00a0chantier\u00a0par\u00a0rapport\u00a0aux\u00a0mesures\u00a0prescrites\u00a0En\u00a0phase\u00a0critique\u00a0du\u00a0chantier\u00a0sur\u00a0le\u00a0plan\nenvironnemental,\u00a0les\u00a0\u00e9cologues\u00a0doivent\u00a0\u00eatre\u00a0pr\u00e9sents\u00a0sur\u00a0la\u00a0dur\u00e9e\u00a0de\u00a0cette\u00a0phase\u00a0\u00a0;\n\u00a0-\u00a0un\u00a0passage\u00a0r\u00e9gulier,\u00a0\u00e0\u00a0minima\u00a0une\u00a0fois\u00a0par\u00a0mois\u00a0;\n\u00a0-\u00a0un\u00a0passage\u00a0en\u00a0milieu\u00a0de\u00a0chantier\u00a0apr\u00e8s\u00a0les\u00a0travaux\u00a0de\u00a0g\u00e9nie\u00a0civil\u00a0;\n\u00a0-\u00a0un\u00a0passage\u00a0\u00e0\u00a0la\u00a0fin\u00a0des\u00a0travaux.\nChaque\u00a0passage\u00a0fait\u00a0l'objet\u00a0d'un\u00a0rapport\u00a0d\u00e9taill\u00e9\u00a0transmis\u00a0au\u00a0b\u00e9n\u00e9ficiaire\u00a0sous\u00a0un\u00a0d\u00e9lai\u00a0de\u00a0trois\u00a0jours\u00a0apr\u00e8s\nintervention\u00a0et\u00a0conserv\u00e9\u00a0\u00e0\u00a0disposition\u00a0des\u00a0services\u00a0de\u00a0contr\u00f4le.\u00a0En\u00a0fonction\u00a0des\u00a0constats\u00a0r\u00e9alis\u00e9s,\nl'\u00e9cologue\u00a0peut\u00a0proposer\u00a0des\u00a0mesures\u00a0que\u00a0le\u00a0b\u00e9n\u00e9ficiaire\u00a0doit\u00a0r\u00e9aliser.\u00a0Si\u00a0ce\u00a0dernier\u00a0n'approuve\u00a0pas\u00a0les\n10/14\n89,\u00a0rue\u00a0Weber\u00a0\u2013\u00a030907\u00a0NIMES\u00a0CEDEX\u00a02\nT\u00e9l\u00a0:\u00a004\u00a066\u00a062\u00a062\u00a000\u00a0-\u00a0Fax\u00a0:\u00a004\u00a066\u00a023\u00a028\u00a079\u00a0-\u00a0www.gard.gouv.fr\nDirection D\u00e9partementale des Tetrritoires et de la Mer du Gard - 30-2025-02-13-00005 - Arr\u00eat\u00e9 portant autorisation environnementale\nsuppl\u00e9tive au titre des articles L181-1 et suivants du code de l'environnement concernant\u00a0: VIA-RHONA - SECTION PONT DE\nL'ESPEYRAN AU PORT DE BELLEGARDE sur les communes de Saint Gilles et de Bellegarde\n30\nrecommandations\u00a0faites\u00a0par\u00a0l'\u00e9cologue,\u00a0il\u00a0doit\u00a0d\u00fbment\u00a0justifier\u00a0son\u00a0opposition\u00a0\u00e0\u00a0la\u00a0r\u00e9alisation\u00a0de\u00a0ces\nmesures.\nDans\u00a0le\u00a0cas\u00a0o\u00f9\u00a0une\u00a0esp\u00e8ce\u00a0prot\u00e9g\u00e9e\u00a0\u00e9tait\u00a0rep\u00e9r\u00e9e\u00a0alors\u00a0qu'elle\u00a0n'a\u00a0pas\u00a0\u00e9t\u00e9\u00a0pr\u00e9alablement\u00a0identifi\u00e9e\u00a0dans\nl'\u00e9tude\u00a0d'impact\u00a0ou\u00a0si\u00a0un\u00a0probl\u00e8me\u00a0sur\u00a0l'environnement\u00a0\u00e9tait\u00a0soulev\u00e9\u00a0lors\u00a0de\u00a0ces\u00a0suivis,\u00a0les\u00a0intervenants\ninforment\u00a0imm\u00e9diatement\u00a0les\u00a0b\u00e9n\u00e9ficiaires.\u00a0Ce\u00a0dernier\u00a0transmet\u00a0dans\u00a0les meilleurs\u00a0d\u00e9lais\u00a0\u00e0\u00a0la\u00a0DREAL\nOccitanie\u00a0cette\u00a0information,\u00a0les\u00a0solutions\u00a0appropri\u00e9es\u00a0\u00e0\u00a0mettre\u00a0en\u00a0place\u00a0ainsi\u00a0que\u00a0le\u00a0calendrier\u00a0associ\u00e9.\nMesures d'\u00e9vitement\nMesure\u00a0E\u00a01\u00a0 \u00a0\u00a0\u00a0\u00a0:\u00a0\u00a0\u00a0\u00e9vitement\u00a0des\u00a0stations\u00a0de\u00a0flore\u00a0remarquable\u00a0ou\u00a0prot\u00e9g\u00e9e\u00a0;\nMesures\u00a0E2\u00a0:\u00a0\u00e9vitement\u00a0des\u00a0arbres\u00a0g\u00eetes\u00a0exploit\u00e9s\u00a0par\u00a0les\u00a0esp\u00e8ces\u00a0arboricoles\u00a0;\nMesures de r\u00e9duction \nMesures\u00a0R1\u00a0:\u00a0adaptation\u00a0du\u00a0calendrier\u00a0ds\u00a0travaux\u00a0\u00e0\u00a0ph\u00e9nologie\u00a0des\u00a0esp\u00e8ces\u00a0impact\u00e9es\u00a0;\nMesures\u00a0R2\u00a0 \u00a0\u00a0\u00a0\u00a0:\u00a0balisage\u00a0et\u00a0mise\u00a0en\u00a0d\u00e9fens\u00a0des\u00a0zones\u00a0d'habitat\u00a0de\u00a0la\u00a0diane\u00a0;\nMesures\u00a0R3\u00a0:\u00a0mise\u00a0ne\u00a0d\u00e9fens\u00a0des\u00a0arbres\u00a0g\u00eetes\u00a0aux\u00a0abords\u00a0imm\u00e9diats\u00a0de\u00a0la\u00a0voie\u00a0verte\u00a0;\nMesures\u00a0R4\u00a0 \u00a0\u00a0\u00a0\u00a0:\u00a0gestion\u00a0raisonn\u00e9es\u00a0des\u00a0habitats\u00a0de\u00a0la\u00a0decticelle\u00a0d'Azam\u00a0et\u00a0de\u00a0la\u00a0diane.\nMesures\u00a0R5\u00a0:\u00a0remise\u00a0en\u00a0\u00e9tat\u00a0des\u00a0secteurs\u00a0concern\u00e9s\u00a0par\u00a0la\u00a0phase\u00a0travaux\nMesures\u00a0R6\u00a0:\u00a0\u00a0limitation\u00a0de\u00a0la\u00a0pollution\u00a0des\u00a0canaux\nMesures de compensation \nAucune\u00a0\nARTICLE 17 : Prescriptions particuli\u00e8res en fin de phase chantier\nA\u00a0la\u00a0fin\u00a0du\u00a0chantier\u00a0l'\u00e9cologue\u00a0\u00e9tablit\u00a0un\u00a0bilan\u00a0r\u00e9capitulatif\u00a0du\u00a0suivi\u00a0du\u00a0chantier.\u00a0\nA\u00a0l'ach\u00e8vement\u00a0des\u00a0travaux,\u00a0les\u00a0b\u00e9n\u00e9ficiaires\u00a0organisent\u00a0une\u00a0visite\u00a0de\u00a0contr\u00f4le\u00a0final\u00a0des\u00a0diff\u00e9rents\nouvrages\u00a0et\u00a0dispositifs\u00a0mis\u00a0en\u00a0place\u00a0avec\u00a0les\u00a0services\u00a0en\u00a0charge\u00a0de\u00a0la\u00a0police\u00a0de\u00a0l'environnement.\nPr\u00e9alablement\u00a0\u00e0\u00a0la\u00a0visite\u00a0les\u00a0b\u00e9n\u00e9ficiaires\u00a0fournissent\u00a0les\u00a0plans\u00a0de\u00a0r\u00e9colement\u00a0des\u00a0ouvrages\u00a0r\u00e9alis\u00e9s,\u00a0ainsi\nque\u00a0toutes\u00a0les\u00a0pi\u00e8ces\u00a0n\u00e9cessaires\u00a0\u00e0\u00a0la\u00a0compr\u00e9hension\u00a0de\u00a0leur\u00a0fonctionnement\u00a0et\u00a0une\u00a0nouvelle\u00a0analyse\u00a0de\nla\u00a0perm\u00e9abilit\u00e9\u00a0en\u00a0fond\u00a0d'ouvrage\u00a0de\u00a0gestion\u00a0des\u00a0eaux\u00a0pluviales\u00a0fonctionnant\u00a0par\u00a0infiltration.\nLa\u00a0base\u00a0travaux\u00a0est\u00a0remise\u00a0en\u00a0\u00e9tat\u00a0en\u00a0fin\u00a0de\u00a0travaux\u00a0de\u00a0mani\u00e8re\u00a0\u00e0\u00a0ne\u00a0pas\u00a0cr\u00e9er\u00a0d'obstacles\u00a0aux\n\u00e9coulements\u00a0des\u00a0eaux\u00a0de\u00a0pluie;\u00a0pour\u00a0cela,\u00a0tous\u00a0les\u00a0mat\u00e9riaux\u00a0et\u00a0d\u00e9chets\u00a0de\u00a0toutes\u00a0sortes\u00a0sont\u00a0\u00e9vacu\u00e9s\nvers\u00a0une\u00a0d\u00e9charge\u00a0agr\u00e9\u00e9e,\u00a0le\u00a0sol\u00a0est\u00a0rendu\u00a0\u00e0\u00a0sa\u00a0nature\u00a0initiale.\u00a0\nARTICLE 18 : Prescriptions particuli\u00e8res en phase exploitation\nAfin\u00a0d'\u00e9valuer\u00a0les\u00a0r\u00e9els\u00a0impacts\u00a0de\u00a0la\u00a0mise\u00a0en\u00a0place\u00a0de\u00a0la\u00a0v\u00e9loroute\u00a0sur\u00a0les\u00a0esp\u00e8ces\u00a0faune\u00a0et\u00a0flore\u00a0recens\u00e9es\nainsi\u00a0que\u00a0de\u00a0mesurer\u00a0les\u00a0mesures\u00a0mise\u00a0en\u00a0place,\u00a0un\u00a0suivi\u00a0annuel\u00a0sur\u00a0une\u00a0p\u00e9riode\u00a0de\u00a05\u00a0ans\u00a0est\u00a0mis\u00a0en\u00a0place.\n1. Le\u00a0suivi\u00a0concerne\u00a0la\u00a0surveillance\u00a0du\u00a0maintien\u00a0des\u00a0stations\u00a0niv\u00e9oles\u00a0d'\u00e9t\u00e9,\u00a0d'euphorbes\u00a0des\u00a0marais,\nd'an\u00e9mone\u00a0couronn\u00e9es,\u00a0le\u00a0suivi\u00a0du\u00a0maintien\u00a0des\u00a0populations\u00a0d'oiseaux\u00a0remarquables,\u00a0le\u00a0suivi\u00a0des\npopulations\u00a0de\u00a0dianes\u00a0et\u00a0de\u00a0leurs\u00a0plantes\u00a0h\u00f4tes\u00a0\n11/14\n89,\u00a0rue\u00a0Weber\u00a0\u2013\u00a030907\u00a0NIMES\u00a0CEDEX\u00a02\nT\u00e9l\u00a0:\u00a004\u00a066\u00a062\u00a062\u00a000\u00a0-\u00a0Fax\u00a0:\u00a004\u00a066\u00a023\u00a028\u00a079\u00a0-\u00a0www.gard.gouv.fr\nDirection D\u00e9partementale des Tetrritoires et de la Mer du Gard - 30-2025-02-13-00005 - Arr\u00eat\u00e9 portant autorisation environnementale\nsuppl\u00e9tive au titre des articles L181-1 et suivants du code de l'environnement concernant\u00a0: VIA-RHONA - SECTION PONT DE\nL'ESPEYRAN AU PORT DE BELLEGARDE sur les communes de Saint Gilles et de Bellegarde\n31\n2. Un\u00a0synth\u00e8se\u00a0\u00e9cologique\u00a0annuelle\u00a0est\u00a0effectu\u00e9e\u00a0et\u00a0corr\u00e9l\u00e9es\u00a0aux\u00a0r\u00e9sultats\u00a0de\u00a0la\u00a0fr\u00e9quentation,\nobtenu\u00a0\u00e0\u00a0partir\u00a0de\u00a0compteurs\u00a0qui\u00a0sont\u00a0mis\u00a0en\u00a0place\u00a0sur\u00a0la\u00a0v\u00e9loroute.\n3. Le\u00a0bilan\u00a0est\u00a0adress\u00e9\u00a0chaque\u00a0ann\u00e9e\u00a0au\u00a0service\u00a0biodiversit\u00e9\u00a0de\u00a0la\u00a0DDTM\u00a0\u00e0\u00a0la\u00a0DREAL\u00a0ainsi\u00a0qu'au\nsyndicat\u00a0mixte\u00a0de\u00a0la\u00a0Camargue\u00a0Gardoise\u00a0\u00a0\nARTICLE 19 : Moyens d'intervention en cas d'incident ou d'accident pendant la phase travaux\nou pendant la phase exploitation\nARTICLE 19. 1 : En cas de pollution accidentelle\u00a0\nEn\u00a0cas\u00a0de\u00a0pollution\u00a0accidentelle,\u00a0des\u00a0op\u00e9rations\u00a0de\u00a0pompage\u00a0et\u00a0de\u00a0curage\u00a0sont\u00a0mises\u00a0en\u00a0\u0153uvre.\nDes\u00a0barrages\u00a0flottants\u00a0et\u00a0des\u00a0mat\u00e9riaux\u00a0absorbants\u00a0sont\u00a0conserv\u00e9s\u00a0sur\u00a0le\u00a0chantier\u00a0afin\u00a0de\u00a0permettre\u00a0au\npersonnel\u00a0comp\u00e9tent\u00a0d'intervenir\u00a0rapidement,\u00a0selon\u00a0le\u00a0type\u00a0de\u00a0milieu\u00a0pollu\u00e9\u00a0(sol\u00a0ou\u00a0eau).\u00a0\nLe\u00a0personnel\u00a0est\u00a0form\u00e9\u00a0aux\u00a0mesures\u00a0d'intervention.\nLes\u00a0moyens\u00a0d'intervention\u00a0en\u00a0cas\u00a0d'incident\u00a0ou\u00a0d'accident\u00a0sont\u00a0de\u00a0la\u00a0responsabilit\u00e9\u00a0du\u00a0b\u00e9n\u00e9ficiaire.\nSuite\u00a0\u00e0\u00a0un\u00a0d\u00e9versement\u00a0accidentel,\u00a0le\u00a0d\u00e9roulement\u00a0des\u00a0interventions\u00a0est\u00a0le\u00a0suivant\u00a0:\n\u00a0\u00a0\u00a0\u00a0\u00a0-\u00a0les\u00a0b\u00e9n\u00e9ficiaires\u00a0alertent\u00a0les\u00a0riverains\u00a0concern\u00e9s,\u00a0le\u00a0SIDPC\u00a0(Pr\u00e9fecture),\u00a0les\u00a0exploitants\u00a0des\u00a0captages\nenvironnants\u00a0et\u00a0les\u00a0syndicats\u00a0en\u00a0charge\u00a0du\u00a0suivi\u00a0des\u00a0nappes\u00a0souterraines\u00a0(EPTB\u00a0Vistre\u00a0Nappes\u00a0Vistrenque\net\u00a0Costi\u00e8res),\u00a0l'ARS\u00a0et\u00a0le\u00a0service\u00a0d'astreinte\u00a0de\u00a0la\u00a0DDTM\u00a0et\u00a0le\u00a0service\u00a0police\u00a0de\u00a0l'eau;\n\u00a0\u00a0\u00a0\u00a0\u00a0-\u00a0les\u00a0b\u00e9n\u00e9ficiaires\u00a0s'assurent\u00a0que\u00a0le\u00a0d\u00e9versement\u00a0est\u00a0stopp\u00e9\u00a0et\u00a0prend\u00a0les\u00a0mesures\u00a0utiles\u00a0\u00e0\u00a0l'arr\u00eat\u00a0du\nd\u00e9versement\u00a0dans\u00a0les\u00a0autres\u00a0cas\u00a0;\n\u00a0\u00a0\u00a0\u00a0\u00a0\u00a0\u00a0-\u00a0les\u00a0liquides\u00a0et\u00a0les\u00a0produits\u00a0contaminants\u00a0sont\u00a0recueillis\u00a0par\u00a0pompage\u00a0ou\u00a0tout\u00a0syst\u00e8me\u00a0adapt\u00e9\u00a0;\n\u00a0\u00a0\u00a0\u00a0\u00a0\u00a0\u00a0-\u00a0les\u00a0b\u00e9n\u00e9ficiaires\u00a0mettent\u00a0en\u00a0place\u00a0un\u00a0syst\u00e8me\u00a0pour\u00a0circonscrire\u00a0la\u00a0pollution\u00a0et\u00a0prend\u00a0les\u00a0mesures\nadapt\u00e9es\u00a0contre\u00a0la\u00a0propagation\u00a0de\u00a0la\u00a0pollution\u00a0dans\u00a0le\u00a0milieu\u00a0naturel\u00a0(eaux\u00a0superficielles\u00a0et\u00a0souterraines).\nPour\u00a0les\u00a0noues\u00a0et\u00a0bassins,\u00a0l'intervention\u00a0consiste\u00a0\u00e0\u00a0obturer\u00a0les\u00a0raccordements\u00a0aux\u00a0exutoires\u00a0pour\u00a0\u00e9viter\nune\u00a0propagation\u00a0de\u00a0la\u00a0pollution.\u00a0Pour\u00a0les\u00a0foss\u00e9s,\u00a0l'intervention\u00a0consiste\u00a0\u00e0\u00a0disposer\u00a0des\u00a0sacs\u00a0\u00e9tanches\u00a0en\namont\u00a0du\u00a0rejet\u00a0vers\u00a0le\u00a0milieu\u00a0naturel\u00a0de\u00a0mani\u00e8re\u00a0\u00e0\u00a0faire\u00a0barrage\u00a0\u00e0\u00a0la\u00a0pollution\u00a0et\u00a0\u00e0\u00a0\u00e9viter\u00a0tout\u00a0flux\u00a0polluant\nvers\u00a0l'exutoire\u00a0;\u00a0\n\u00a0 \u00a0\u00a0\u00a0\u00a0\u00a0\u00a0-\u00a0les\u00a0b\u00e9n\u00e9ficiaires\u00a0proc\u00e8dent\u00a0ou\u00a0font\u00a0proc\u00e9der\u00a0\u00e0\u00a0la\u00a0neutralisation\u00a0du\u00a0produit\u00a0contaminant\u00a0avec\nl'assistance\u00a0de\u00a0sp\u00e9cialistes\u00a0appel\u00e9s\u00a0d\u00e8s\u00a0le\u00a0d\u00e9but\u00a0de\u00a0l'alerte\u00a0en\u00a0\u00e9vacuant\u00a0le\u00a0produit\u00a0d\u00e9vers\u00e9\u00a0vers\u00a0une\u00a0fili\u00e8re\nde\u00a0traitement\u00a0agr\u00e9\u00e9e\u00a0;\n\u00a0\u00a0\u00a0\u00a0\u00a0\u00a0\u00a0-\u00a0les\u00a0b\u00e9n\u00e9ficiaires\u00a0\u00e9valuent\u00a0l'\u00e9tat\u00a0du\u00a0milieu\u00a0atteint\u00a0afin\u00a0de\u00a0le\u00a0r\u00e9habiliter\u00a0et\u00a0proc\u00e8de\u00a0au\u00a0traitement\u00a0des\nsols,\u00a0d\u00e9capage,\u00a0\u00e0\u00a0l'\u00e9vacuation\u00a0des\u00a0terres\u00a0souill\u00e9es\u00a0vers\u00a0une\u00a0fili\u00e8re\u00a0de\u00a0traitement\u00a0agr\u00e9\u00e9e,\u00a0et\u00a0\u00e0\u00a0la\u00a0remise\u00a0en\nv\u00e9g\u00e9tation,\u00a0\u2026\n-\u00a0les\u00a0b\u00e9n\u00e9ficiaires\u00a0s'assurent\u00a0qu'une\u00a0remise\u00a0en\u00a0\u00e9tat\u00a0de\u00a0tous\u00a0les\u00a0ouvrages\u00a0concern\u00e9s\u00a0par\u00a0la\u00a0pollution\u00a0est\neffectu\u00e9e\u00a0:\u00a0noues,\u00a0canalisations...\u00a0En\u00a0particulier,\u00a0tous\u00a0les\u00a0\u00e9quipements\u00a0sont\u00a0v\u00e9rifi\u00e9s,\u00a0nettoy\u00e9s\u00a0et\u00a0remis\u00a0en\nmode\u00a0de\u00a0fonctionnement\u00a0normal.\nAu\u00a0terme\u00a0du\u00a0traitement\u00a0de\u00a0l'incident,\u00a0un\u00a0retour\u00a0d'exp\u00e9rience\u00a0est\u00a0mis\u00a0en\u00a0\u0153uvre\u00a0par\u00a0les\u00a0b\u00e9n\u00e9ficiaires\u00a0avec\ntous\u00a0les\u00a0services\u00a0concern\u00e9s\u00a0afin\u00a0de\u00a0pr\u00e9venir\u00a0et\u00a0limiter\u00a0le\u00a0risque\u00a0de\u00a0nouvelle\u00a0occurrence\u00a0d'un\u00a0tel\u00a0incident\n\u00a0Article 19.2 : En cas de risque de crue ou de ruissellement important \nLes\u00a0travaux\u00a0se\u00a0d\u00e9roulent\u00a0sous\u00a0la\u00a0responsabilit\u00e9\u00a0des\u00a0b\u00e9n\u00e9ficiaires\u00a0et\u00a0de\u00a0leur\u00a0ma\u00eetre\u00a0d'\u00a0\u0153uvre.\nIls\u00a0prennent\u00a0en\u00a0compte\u00a0les\u00a0risques\u00a0m\u00e9t\u00e9orologiques\u00a0annonc\u00e9s\u00a0par\u00a0M\u00e9t\u00e9ofrance\u00a0et\u00a0des\u00a0\u00e9ventuels\u00a0risques\nde\u00a0crue\u00a0en\u00a0consultant\u00a0notamment\u00a0vigicrues\u00a0et\u00a0le\u00a0Service\u00a0Pr\u00e9vision\u00a0des\u00a0Crues\u00a0(SPC)\u00a0/DREAL.\u00a0\n12/14\n89,\u00a0rue\u00a0Weber\u00a0\u2013\u00a030907\u00a0NIMES\u00a0CEDEX\u00a02\nT\u00e9l\u00a0:\u00a004\u00a066\u00a062\u00a062\u00a000\u00a0-\u00a0Fax\u00a0:\u00a004\u00a066\u00a023\u00a028\u00a079\u00a0-\u00a0www.gard.gouv.fr\nDirection D\u00e9partementale des Tetrritoires et de la Mer du Gard - 30-2025-02-13-00005 - Arr\u00eat\u00e9 portant autorisation environnementale\nsuppl\u00e9tive au titre des articles L181-1 et suivants du code de l'environnement concernant\u00a0: VIA-RHONA - SECTION PONT DE\nL'ESPEYRAN AU PORT DE BELLEGARDE sur les communes de Saint Gilles et de Bellegarde\n32\nLes\u00a0b\u00e9n\u00e9ficiaires\u00a0et\u00a0l'entrepreneur\u00a0retenu\u00a0tiennent\u00a0une\u00a0veille\u00a0m\u00e9t\u00e9orologique\u00a0et\u00a0de\u00a0crue\u00a0durant\u00a0la\u00a0p\u00e9riode\nd'intervention.\nLes\u00a0b\u00e9n\u00e9ficiaires\u00a0proc\u00e8dent\u00a0\u00e0\u00a0la\u00a0mise\u00a0en\u00a0s\u00e9curit\u00e9\u00a0du\u00a0chantier\u00a0en\u00a0cas\u00a0d'alerte\u00a0m\u00e9t\u00e9orologique\u00a0li\u00e9e\u00a0\u00e0\u00a0un\nrisque\u00a0de\u00a0pluie\u00a0violente.\u00a0Ils\u00a0proc\u00e8dent\u00a0notamment\u00a0\u00e0\u00a0la\u00a0mise\u00a0en\u00a0s\u00e9curit\u00e9\u00a0du\u00a0mat\u00e9riel\u00a0de\u00a0chantier\u00a0et\u00a0\u00e0\nl'\u00e9vacuation\u00a0du\u00a0personnel\u00a0de\u00a0chantier.\nEn\u00a0cas\u00a0d'annonce\u00a0de\u00a0crue\u00a0ou\u00a0de\u00a0pluie\u00a0importante,\u00a0les\u00a0b\u00e9n\u00e9ficiaires\u00a0s'assurent\u00a0que\u00a0l'Entrepreneur\u00a0prenne\ntoutes\u00a0les\u00a0mesures\u00a0n\u00e9cessaires\u00a0pour\u00a0prot\u00e9ger\u00a0le\u00a0chantier,\u00a0\u00e9vacuer\u00a0les\u00a0diff\u00e9rents\u00a0engins\u00a0(camions)\u00a0et\u00a0assurer\nla\u00a0stabilit\u00e9\u00a0des\u00a0parties\u00a0d'ouvrages\u00a0ex\u00e9cut\u00e9es.\u00a0En\u00a0cas\u00a0de\u00a0probl\u00e8me\u00a0sur\u00a0le\u00a0chantier,\u00a0l'Entrepreneur\u00a0doit\u00a0\u00eatre\npr\u00eat\u00a0\u00e0\u00a0r\u00e9pondre\u00a0\u00e0\u00a0tout\u00a0moment\u00a0(week-end\u00a0et\u00a0jours\u00a0f\u00e9ri\u00e9s\u00a0compris)\u00a0aux\u00a0demandes\u00a0d'intervention\u00a0du\u00a0ma\u00eetre\nd'\u0153uvre\u00a0ou\u00a0des\u00a0b\u00e9n\u00e9ficiaires.\nTitre VI : : DISPOSITIONS FINALES\nARTICLE 20 : Publication et information des tiers\nEn\u00a0application\u00a0de\u00a0l'article\u00a0R.181-44\u00a0du\u00a0code\u00a0de\u00a0l'environnement\u00a0:\n\u00a0-\u00a0Une\u00a0copie\u00a0de\u00a0la\u00a0pr\u00e9sente\u00a0autorisation\u00a0est\u00a0d\u00e9pos\u00e9e\u00a0dans\u00a0les\u00a0mairies\u00a0des\u00a0communes\u00a0d'implantation\u00a0du\nprojet\u00a0vis\u00e9es\u00a0\u00e0\u00a0l'article\u00a01er\u00a0;\n-\u00a0Un\u00a0extrait\u00a0de\u00a0la\u00a0pr\u00e9sente\u00a0autorisation,\u00a0est\u00a0affich\u00e9\u00a0pendant\u00a0une\u00a0dur\u00e9e\u00a0minimale\u00a0d'un\u00a0mois\u00a0dans\u00a0les\ncommunes\u00a0d'implantation\u00a0du\u00a0projet\u00a0vis\u00e9\u00a0\u00e0\u00a0l'article\u00a01er.\u00a0Un\u00a0proc\u00e8s\u00a0verbal\u00a0de\u00a0l'accomplissement\u00a0de\u00a0cette\nformalit\u00e9\u00a0est\u00a0dress\u00e9\u00a0par\u00a0les\u00a0soins\u00a0des\u00a0maires\u00a0;\n-\u00a0La\u00a0pr\u00e9sente\u00a0autorisation\u00a0est\u00a0adress\u00e9e\u00a0\u00e0\u00a0chaque\u00a0conseil\u00a0municipal\u00a0et\u00a0aux\u00a0autres\u00a0autorit\u00e9s\u00a0locales\nconsult\u00e9es\u00a0;\n-\u00a0La\u00a0pr\u00e9sente\u00a0autorisation\u00a0est\u00a0publi\u00e9e\u00a0sur\u00a0le\u00a0site\u00a0Internet\u00a0de\u00a0la\u00a0pr\u00e9fecture\u00a0du\u00a0Gard\u00a0qui\u00a0a\u00a0d\u00e9livr\u00e9\u00a0l'acte,\npendant\u00a0une\u00a0dur\u00e9e\u00a0minimale\u00a0de\u00a0quatre\u00a0(4)\u00a0mois.\n-\u00a0La\u00a0pr\u00e9sente\u00a0autorisation\u00a0est\u00a0adress\u00e9e\u00a0pour\u00a0information\u00a0au\u00a0syndicat\u00a0mixte\u00a0de\u00a0la\u00a0Camargue\u00a0Gardoise\u00a0ainsi\nqu'\u00e0\u00a0VNF.\n\u00a0ARTICLE 21 : Voies et d\u00e9lais de recours\nI\u00a0\u2013\u00a0Le\u00a0pr\u00e9sent\u00a0arr\u00eat\u00e9\u00a0est\u00a0susceptible\u00a0de\u00a0recours\u00a0devant\u00a0le\u00a0tribunal\u00a0administratif\u00a0territorialement\ncomp\u00e9tent\u00a0en\u00a0application\u00a0de\u00a0l'article\u00a0R.181-50\u00a0du\u00a0code\u00a0de\u00a0l'environnement\u00a0:\n\u00a0\u00a0\u00a0\u00a0\u2022\u00a0par\u00a0les\u00a0b\u00e9n\u00e9ficiaires\u00a0dans\u00a0un\u00a0d\u00e9lai\u00a0de\u00a0deux\u00a0mois\u00a0\u00e0\u00a0compter\u00a0de\u00a0sa\u00a0notification\u00a0;\n\u00a0 \u00a0\u00a0\u00a0\u2022\u00a0par\u00a0les\u00a0tiers\u00a0en\u00a0raison\u00a0des\u00a0inconv\u00e9nients\u00a0ou\u00a0des\u00a0dangers\u00a0que\u00a0le\u00a0projet\u00a0pr\u00e9sente\u00a0pour\u00a0les\u00a0int\u00e9r\u00eats\nmentionn\u00e9s\u00a0\u00e0\u00a0l'article\u00a0L.181-3\u00a0du\u00a0code\u00a0de\u00a0l'environnement,\u00a0dans\u00a0un\u00a0d\u00e9lai\u00a0de\u00a0deux\u00a0mois\u00a0\u00e0\u00a0compter\u00a0de\u00a0la\nderni\u00e8re\u00a0formalit\u00e9\u00a0accomplie.\u00a0\nLe\u00a0tribunal\u00a0administratif\u00a0peut\u00a0aussi\u00a0\u00eatre\u00a0saisi\u00a0par\u00a0l'application\u00a0informatique\u00a0\"\u00a0T\u00e9l\u00e9recours\u00a0Citoyens\u00a0\"\naccessible\u00a0par\u00a0le\u00a0site\u00a0internet\u00a0www.telerecours.fr.\u00a0\nII.\u2013\u00a0La\u00a0pr\u00e9sente\u00a0autorisation\u00a0peut\u00a0faire\u00a0l'objet\u00a0d'un\u00a0recours\u00a0gracieux\u00a0ou\u00a0hi\u00e9rarchique\u00a0dans\u00a0le\u00a0d\u00e9lai\u00a0de\u00a0deux\nmois.\u00a0Ce\u00a0recours\u00a0administratif\u00a0prolonge\u00a0de\u00a0deux\u00a0mois\u00a0les\u00a0d\u00e9lais\u00a0de\u00a0recours\u00a0contentieux.\nLes\u00a0b\u00e9n\u00e9ficiaires\u00a0de\u00a0l'autorisation\u00a0sont\u00a0\u00a0tenu\u00a0inform\u00e9s\u00a0d'un\u00a0tel\u00a0recours.\nIII\u00a0\u2013\u00a0Sans\u00a0pr\u00e9judice\u00a0des\u00a0d\u00e9lais\u00a0et\u00a0voies\u00a0de\u00a0recours\u00a0mentionn\u00e9s\u00a0au\u00a0I.\u00a0et\u00a0II.,\u00a0les\u00a0tiers,\u00a0peuvent\u00a0d\u00e9poser\u00a0une\nr\u00e9clamation\u00a0aupr\u00e8s\u00a0de\u00a0l'autorit\u00e9\u00a0administrative\u00a0comp\u00e9tente,\u00a0\u00e0\u00a0compter\u00a0de\u00a0la\u00a0mise\u00a0en\u00a0service\u00a0de\u00a0du\u00a0projet\nmentionn\u00e9\u00a0\u00e0\u00a0l'article\u00a01er,\u00a0aux\u00a0seules\u00a0fins\u00a0de\u00a0contester\u00a0l'insuffisance\u00a0ou\u00a0l'inadaptation\u00a0des\u00a0prescriptions\n13/14\n89,\u00a0rue\u00a0Weber\u00a0\u2013\u00a030907\u00a0NIMES\u00a0CEDEX\u00a02\nT\u00e9l\u00a0:\u00a004\u00a066\u00a062\u00a062\u00a000\u00a0-\u00a0Fax\u00a0:\u00a004\u00a066\u00a023\u00a028\u00a079\u00a0-\u00a0www.gard.gouv.fr\nDirection D\u00e9partementale des Tetrritoires et de la Mer du Gard - 30-2025-02-13-00005 - Arr\u00eat\u00e9 portant autorisation environnementale\nsuppl\u00e9tive au titre des articles L181-1 et suivants du code de l'environnement concernant\u00a0: VIA-RHONA - SECTION PONT DE\nL'ESPEYRAN AU PORT DE BELLEGARDE sur les communes de Saint Gilles et de Bellegarde\n33\nd\u00e9finies\u00a0dans\u00a0la\u00a0pr\u00e9sente\u00a0autorisation,\u00a0en\u00a0raison\u00a0des\u00a0inconv\u00e9nients\u00a0ou\u00a0des\u00a0dangers\u00a0que\u00a0le\u00a0projet\u00a0pr\u00e9sente\npour\u00a0le\u00a0respect\u00a0des\u00a0int\u00e9r\u00eats\u00a0mentionn\u00e9s\u00a0\u00e0\u00a0l'article\u00a0L.181-3\u00a0du\u00a0code\u00a0de\u00a0l'environnement.\nL'autorit\u00e9\u00a0comp\u00e9tente\u00a0dispose\u00a0d'un\u00a0d\u00e9lai\u00a0de\u00a0deux\u00a0mois,\u00a0\u00e0\u00a0compter\u00a0de\u00a0la\u00a0r\u00e9ception\u00a0de\u00a0la\u00a0r\u00e9clamation,\u00a0pour\ny\u00a0r\u00e9pondre\u00a0de\u00a0mani\u00e8re\u00a0motiv\u00e9e.\u00a0A\u00a0d\u00e9faut,\u00a0la\u00a0r\u00e9ponse\u00a0est\u00a0r\u00e9put\u00e9e\u00a0n\u00e9gative.\nSi \u00a0 elle \u00a0 estime \u00a0 que \u00a0 la \u00a0 r\u00e9clamation \u00a0 est \u00a0 fond\u00e9e, \u00a0 l'autorit\u00e9 \u00a0 comp\u00e9tente \u00a0 fixe \u00a0 des \u00a0 prescriptions\ncompl\u00e9mentaires,\u00a0dans\u00a0les\u00a0formes\u00a0pr\u00e9vues\u00a0\u00e0\u00a0l'article\u00a0R.181-45\u00a0du\u00a0code\u00a0de\u00a0l'environnement.\nEn\u00a0cas\u00a0de\u00a0rejet\u00a0implicite\u00a0ou\u00a0explicite,\u00a0les\u00a0int\u00e9ress\u00e9s\u00a0disposent\u00a0d'un\u00a0d\u00e9lai\u00a0de\u00a0deux\u00a0mois\u00a0pour\u00a0se\u00a0pourvoir\ncontre\u00a0cette\u00a0d\u00e9cision.\nConditions particuli\u00e8res en cas de recours des tiers\nEn\u00a0cas\u00a0de\u00a0recours\u00a0contentieux\u00a0des\u00a0tiers\u00a0int\u00e9ress\u00e9s\u00a0\u00e0\u00a0l'encontre\u00a0d'une\u00a0autorisation\u00a0environnementale\u00a0ou\nd'un\u00a0arr\u00eat\u00e9\u00a0fixant\u00a0une\u00a0ou\u00a0plusieurs\u00a0prescriptions\u00a0compl\u00e9mentaires\u00a0pr\u00e9vus\u00a0aux\u00a0articles\u00a0L.\u00a0181-12,\u00a0L.\u00a0181-14,\u00a0L.\n181-15\u00a0et\u00a0L.\u00a0181-15-1,\u00a0l'auteur\u00a0du\u00a0recours\u00a0est\u00a0tenu,\u00a0\u00e0\u00a0peine\u00a0d'irrecevabilit\u00e9,\u00a0de\u00a0notifier\u00a0celui-ci\u00a0\u00e0\u00a0l'auteur\u00a0de\u00a0la\nd\u00e9cision\u00a0et\u00a0aux\u00a0b\u00e9n\u00e9ficiaires\u00a0de\u00a0la\u00a0d\u00e9cision.\u00a0Cette\u00a0notification\u00a0doit\u00a0\u00eatre\u00a0effectu\u00e9e\u00a0dans\u00a0les\u00a0m\u00eames\nconditions\u00a0en\u00a0cas\u00a0de\u00a0demande\u00a0tendant\u00a0\u00e0\u00a0l'annulation\u00a0ou\u00a0\u00e0\u00a0la\u00a0r\u00e9formation\u00a0d'une\u00a0d\u00e9cision\u00a0juridictionnelle\nconcernant\u00a0une\u00a0telle\u00a0autorisation\u00a0ou\u00a0un\u00a0tel\u00a0arr\u00eat\u00e9.\u00a0L'auteur\u00a0d'un\u00a0recours\u00a0administratif\u00a0est\u00a0\u00e9galement\u00a0tenu\nde\u00a0le\u00a0notifier\u00a0au\u00a0b\u00e9n\u00e9ficiaire\u00a0de\u00a0la\u00a0d\u00e9cision\u00a0\u00e0\u00a0peine\u00a0de\u00a0non\u00a0prorogation\u00a0du\u00a0d\u00e9lai\u00a0de\u00a0recours\u00a0contentieux.\u00a0\nLa\u00a0notification\u00a0pr\u00e9vue\u00a0au\u00a0pr\u00e9c\u00e9dent\u00a0alin\u00e9a\u00a0doit\u00a0intervenir\u00a0par\u00a0lettre\u00a0recommand\u00e9e\u00a0avec\u00a0avis\u00a0de\u00a0r\u00e9ception,\ndans\u00a0un\u00a0d\u00e9lai\u00a0de\u00a0quinze\u00a0jours\u00a0francs\u00a0\u00e0\u00a0compter\u00a0du\u00a0d\u00e9p\u00f4t\u00a0du\u00a0recours\u00a0contentieux\u00a0ou\u00a0de\u00a0la\u00a0date\u00a0d'envoi\u00a0du\nrecours\u00a0administratif.\u00a0\nLa\u00a0notification\u00a0du\u00a0recours\u00a0\u00e0\u00a0l'auteur\u00a0de\u00a0la\u00a0d\u00e9cision\u00a0et,\u00a0s'il\u00a0y\u00a0a\u00a0lieu,\u00a0au\u00a0b\u00e9n\u00e9ficiaire\u00a0de\u00a0la\u00a0d\u00e9cision\u00a0est\u00a0r\u00e9put\u00e9e\naccomplie\u00a0\u00e0\u00a0la\u00a0date\u00a0d'envoi\u00a0de\u00a0la\u00a0lettre\u00a0recommand\u00e9e\u00a0avec\u00a0avis\u00a0de\u00a0r\u00e9ception.\u00a0Cette\u00a0date\u00a0est\u00a0\u00e9tablie\u00a0par\u00a0le\ncertificat\u00a0de\u00a0d\u00e9p\u00f4t\u00a0de\u00a0la\u00a0lettre\u00a0recommand\u00e9e\u00a0aupr\u00e8s\u00a0des\u00a0services\u00a0postaux.\n\u00a0\u00a0\u00a0\u00a0\u00a0\u00a0\u00a0\u00a0\u00a0\u00a0 ARTICLE 22 : Ex\u00e9cution\nLe\u00a0secr\u00e9taire\u00a0g\u00e9n\u00e9ral\u00a0de\u00a0la\u00a0pr\u00e9fecture\u00a0du\u00a0Gard,\u00a0les\u00a0maires\u00a0des\u00a0communes\u00a0de\u00a0Saint\u00a0Gilles\u00a0et\u00a0de\u00a0Bellegarde\u00a0,\nle\u00a0directeur\u00a0d\u00e9partemental\u00a0des\u00a0territoires\u00a0et\u00a0de\u00a0la\u00a0mer\u00a0du\u00a0Gard,\u00a0le\u00a0directeur\u00a0r\u00e9gional\u00a0de\u00a0l'environnement\nde\u00a0l'am\u00e9nagement\u00a0et\u00a0du\u00a0logement\u00a0de\u00a0la\u00a0r\u00e9gion\u00a0Occitanie,\u00a0le\u00a0chef\u00a0de\u00a0service\u00a0d\u00e9partemental\u00a0de\u00a0l'office\nfran\u00e7ais\u00a0de\u00a0la\u00a0biodiversit\u00e9\u00a0du\u00a0Gard, \u00a0le\u00a0commandant\u00a0du\u00a0groupement\u00a0de\u00a0gendarmerie\u00a0du\u00a0Gard\u00a0 sont\ncharg\u00e9s,\u00a0chacun\u00a0en\u00a0ce\u00a0qui\u00a0le\u00a0concerne,\u00a0de\u00a0l'ex\u00e9cution\u00a0du\u00a0pr\u00e9sent\u00a0arr\u00eat\u00e9\u00a0qui\u00a0sera\u00a0publi\u00e9\u00a0sur\u00a0le\u00a0site\u00a0internet\nde\u00a0la\u00a0pr\u00e9fecture.\nA\u00a0N\u00eemes\u00a0,\u00a0le\u00a013/02/2025\u00a0\u00a0\u00a0\u00a0\u00a0\u00a0\u00a0\n\u00a0\u00a0\u00a0\u00a0\u00a0\u00a0\u00a0\u00a0\u00a0\u00a0\u00a0\u00a0\u00a0\u00a0\u00a0\u00a0\u00a0\u00a0\u00a0\u00a0\u00a0\u00a0\u00a0\u00a0\u00a0\u00a0\nLe\u00a0pr\u00e9fet\u00a0\u00a0\u00a0\nPour\u00a0le\u00a0pr\u00e9fet\u00a0et\u00a0par\u00a0d\u00e9l\u00e9gation,\u00a0\nle\u00a0directeur\u00a0d\u00e9partemental\u00a0des\u00a0territoires\u00a0et\u00a0de\u00a0la\u00a0mer\u00a0du\nGard\nPour\u00a0le\u00a0directeur\u00a0et\u00a0par\u00a0d\u00e9l\u00e9gation,\u00a0\nle\u00a0chef\u00a0du\u00a0service\u00a0eau\u00a0et\u00a0risques\u00a0\nSIGNE\nVincent\u00a0COURTRAY\n\u00a0\u00a0\u00a0\u00a0\u00a0\u00a0\u00a0\u00a0\u00a0\u00a0\u00a0\u00a0\u00a0\u00a0\u00a0\u00a0\u00a0\u00a0\u00a0\u00a0\u00a0\u00a0\u00a0\u00a0\u00a0\u00a0\u00a0\u00a0\u00a0\u00a0\u00a0\u00a0\u00a0\u00a0\u00a0\u00a0\u00a0\u00a0\u00a0\u00a0\u00a0\u00a0\u00a0\u00a0\nPJ\u00a0:\u00a0\u00a0ANNEXES\u00a01\u00a0:plan\u00a0de\u00a0situation\u00a0(1page)\n\u00a0\u00a0\u00a0\u00a0\u00a0ANNEXES\u00a0\u00a02\u00a0:\u00a05\u00a0\u00a0plans\u00a0de\u00a0positionnement\u00a0des\u00a0stations\u00a0connues\u00a0de\u00a0la\u00a0diane\u00a0ou\u00a0de\u00a0la\u00a0\nplante\u00a0h\u00f4te  ( 5pages\u00a0)\n14/14\n89,\u00a0rue\u00a0Weber\u00a0\u2013\u00a030907\u00a0NIMES\u00a0CEDEX\u00a02\nT\u00e9l\u00a0:\u00a004\u00a066\u00a062\u00a062\u00a000\u00a0-\u00a0Fax\u00a0:\u00a004\u00a066\u00a023\u00a028\u00a079\u00a0-\u00a0www.gard.gouv.fr\nDirection D\u00e9partementale des Tetrritoires et de la Mer du Gard - 30-2025-02-13-00005 - Arr\u00eat\u00e9 portant autorisation environnementale\nsuppl\u00e9tive au titre des articles L181-1 et suivants du code de l'environnement concernant\u00a0: VIA-RHONA - SECTION PONT DE\nL'ESPEYRAN AU PORT DE BELLEGARDE sur les communes de Saint Gilles et de Bellegarde\n34\nDREAL OCCITANIE 2022Ka.SourceSITUATION DU PROJET\narde &ellegHalte fluvi\n| et\niBape RE\n\u2014\nae -yranD Pont d'Espe\n ANNEXE 1          Situation \nDirection D\u00e9partementale des Tetrritoires et de la Mer du Gard - 30-2025-02-13-00005 - Arr\u00eat\u00e9 portant autorisation environnementale\nsuppl\u00e9tive au titre des articles L181-1 et suivants du code de l'environnement concernant\u00a0: VIA-RHONA - SECTION PONT DE\nL'ESPEYRAN AU PORT DE BELLEGARDE sur les communes de Saint Gilles et de Bellegarde\n35\nAnnexe 2\n 5 plans de positionnement des stations connues de la diane ou de la plante h\u00f4te  \nDirection D\u00e9partementale des Tetrritoires et de la Mer du Gard - 30-2025-02-13-00005 - Arr\u00eat\u00e9 portant autorisation environnementale\nsuppl\u00e9tive au titre des articles L181-1 et suivants du code de l'environnement concernant\u00a0: VIA-RHONA - SECTION PONT DE\nL'ESPEYRAN AU PORT DE BELLEGARDE sur les communes de Saint Gilles et de Bellegarde\n36\nVELOROUTE VIARHONA DU LEMAN A LA MEDITERRANEETRON\u00c7ON ENTRE LE PONT D'ESPEYRAN ET BELLEGARDEETUDE D'IMPACTKe LR ; r PI Les RSR ve Source : MCE 2022 |]\nL\u00e9gende@ Aristoloche - plante-h\u00f4te |3% Papillon Diane|\nDirection D\u00e9partementale des Tetrritoires et de la Mer du Gard - 30-2025-02-13-00005 - Arr\u00eat\u00e9 portant autorisation environnementale\nsuppl\u00e9tive au titre des articles L181-1 et suivants du code de l'environnement concernant\u00a0: VIA-RHONA - SECTION PONT DE\nL'ESPEYRAN AU PORT DE BELLEGARDE sur les communes de Saint Gilles et de Bellegarde\n37\nVELOROUTE VIARHONA DU LEMAN A LA MEDITERRANEETRON\u00c7ON ENTRE LE PONT D'ESPEYRAN ET BELLEGARDEETUDE D'IMPACTINSECTES REMARQUABLES - PLANCHE 2/5 rnd: BDORTHOGIG 21R\u00e9alisation : MCE 2023\nL\u00e9gende\nre  den mn\n& MORANCY CONSESIL eSNVIRONNeENENT\nDirection D\u00e9partementale des Tetrritoires et de la Mer du Gard - 30-2025-02-13-00005 - Arr\u00eat\u00e9 portant autorisation environnementale\nsuppl\u00e9tive au titre des articles L181-1 et suivants du code de l'environnement concernant\u00a0: VIA-RHONA - SECTION PONT DE\nL'ESPEYRAN AU PORT DE BELLEGARDE sur les communes de Saint Gilles et de Bellegarde\n38\nVELOROUTE VIARHONA DU LEMAN A LA MEDITERRANEETRON\u00c7ON ENTRE LE PONT D'ESPEYRAN ET BELLEGARDEETUDE D'IMPACTSource : MCE 2022 |ot 2 Sita) = Ge Qi ae 0 PR ALA Eee I AD A TE D) | a ON CT | | ae = D d = ; |IN nn, - \"4 = \\ = { i | =, \u00e0 2: \u00e0 ' 4 = _ s an. \u00b0tae \u00e0 me mien CE | VIARK LULU 4] cap || SI mate j LAIN EEE 5 / ae Fond : BDORTHO@IGN 2010R\u00e9alisation : MCE 2023 |\nL\u00e9gende\u00ae@ Aristoloche - plante h\u00f4tetk Papillon Diane\nDirection D\u00e9partementale des Tetrritoires et de la Mer du Gard - 30-2025-02-13-00005 - Arr\u00eat\u00e9 portant autorisation environnementale\nsuppl\u00e9tive au titre des articles L181-1 et suivants du code de l'environnement concernant\u00a0: VIA-RHONA - SECTION PONT DE\nL'ESPEYRAN AU PORT DE BELLEGARDE sur les communes de Saint Gilles et de Bellegarde\n39\nVELOROUTE VIARHONA DU LEMAN A LA MEDITERRANETRON\u00c7ON ENTRE LE PONT D'ESPEYRAN ET BELLEGAREETUDE D'IMPACSource : MCE 20;ES = EUX esl / f | 2\u00b0 L 4 LU EN LD ae ers r a oe N = | = + / es Fo B RT @IGN 20R\u00e9alisation : MCE 20;MORANCYMonseitenuirannenent\nL\u00e9gende\u00ae Aristoloche - plante h\u00f4te%* Papillon DianeFC MORANCY CONSeIL Environnement\nDirection D\u00e9partementale des Tetrritoires et de la Mer du Gard - 30-2025-02-13-00005 - Arr\u00eat\u00e9 portant autorisation environnementale\nsuppl\u00e9tive au titre des articles L181-1 et suivants du code de l'environnement concernant\u00a0: VIA-RHONA - SECTION PONT DE\nL'ESPEYRAN AU PORT DE BELLEGARDE sur les communes de Saint Gilles et de Bellegarde\n40\nVELOROUTE VIARHONA DU LEMAN A LA MEDITERRANEETRON\u00c7ON ENTRE LE PONT D'E\u00c9SPEYRAN ET BELLEGARDE\u00c9TUDE D'IMPACT| j LEE mie bee ee er (| ser LATE EAN ET Eo Se 3 A: NEIL E | :\u2014 \u2014 es Source : MCE 2022 |LA NI NN! 11 : \u00e6kg \"onseIL poe 4 s\"SAVRONNENENT JD\n||Fond : BDORTHO@IGN 2010 |R\u00e9alisation : MCE 2023 |\n\u00c0 \\ \\ ,\\\n\u00ae Aristoloche - plante h\u00f4teX Papillon Dianeeee Projet de voie verte\nDirection D\u00e9partementale des Tetrritoires et de la Mer du Gard - 30-2025-02-13-00005 - Arr\u00eat\u00e9 portant autorisation environnementale\nsuppl\u00e9tive au titre des articles L181-1 et suivants du code de l'environnement concernant\u00a0: VIA-RHONA - SECTION PONT DE\nL'ESPEYRAN AU PORT DE BELLEGARDE sur les communes de Saint Gilles et de Bellegarde\n41\nDirection D\u00e9partementale des Tetrritoires et de\nla Mer du Gard\n30-2025-02-13-00006\nArr\u00eat\u00e9 portant d\u00e9placement d'office d'un\nbateau \nDirection D\u00e9partementale des Tetrritoires et de la Mer du Gard - 30-2025-02-13-00006 - Arr\u00eat\u00e9 portant d\u00e9placement d'office d'un\nbateau 42\nFes Aj VOIES NAVIGABLES DE FRANCEDirection territoriale Rh\u00f4ne-Sa\u00f4neP RE F F T P\u00f4le juridique et march\u00e9sDU GARDLibert\u00e9Egalit\u00e9Fraternit\u00e9\nARR\u00caT\u00c9 PR\u00c9FECTORAL N\u00b0portant d\u00e9placement d'office d'un bateau \u00a9Le pr\u00e9fet du GardChevalier de l'Ordre de la L\u00e9gion d'Honneur,Chevalier de l'Ordre National du M\u00e9rite\nVu les articles L 4244-1 et R 4244-1 du Code des transports ;Vu le reglement particulier de police d'itin\u00e9rance en date du 19 septembre 2017 applicable aucanal du Rh\u00f4ne a S\u00e8te et au petit Rh\u00f4ne ;Vu le rapport circonstanci\u00e9 de Voies Navigables de France en date du 19 f\u00e9vrier 2024 ;Vu le courrier de mise en demeure du 21 aout 2024, notifi\u00e9 \u00e0 Monsieur FERNANDEZ le 23 aout2024 ;Vu le courrier de mise en demeure du 25 octobre 2024 remis en main propre \u00e0 l'int\u00e9ress\u00e9 le 25novembre 2024 ;Vu le constat d'occupation sans titre dress\u00e9 par Voies Navigables de France (VNF) le 6 d\u00e9cembre2024. |\nConsid\u00e9rant que le bateau portant pour devise \u00ab BARAGAN \u00bb, immatricul\u00e9 \u00e0 S\u00e8te sous le num\u00e9ro499108, dont le dernier propri\u00e9taire connu est M. Jean-Manuel FERNANDEZ, stationneactuellement dans le Canal du Rh\u00f4ne \u00e0 S\u00e8te - Branche Est d'Aigues-Mortes - rive droite, au droitdu P.K. 2,677 - Commune d'AIGUES-MORTES (30) ;Consid\u00e9rant que le bateau \u00ab BARAGAN \u00bb est laiss\u00e9 sans entretien et sans surveillance depuisplusieurs mois ; que son amarrage est non conforme \u00e0 la r\u00e9glementation en vigueur et |dangereux ; qu'il se situe dans une zone tr\u00e8s fr\u00e9quent\u00e9e, \u00e0 proximit\u00e9 imm\u00e9diate du chenal denavigation, d\u00e9j\u00e0 \u00e9troit et qui voit passer un trafic de bateaux \u00e0 passagers tr\u00e8s important ; que lebateau est dans un \u00e9tat de d\u00e9labrement tr\u00e8s avanc\u00e9 et a d\u00e9j\u00e0 sombr\u00e9 au fond de la passe |navigable le 27 septembre 2024 ; qu'il a \u00e9t\u00e9 renflou\u00e9 mais menace \u00e0 tout moment de sombrerdans la voie d'eau, ce qui entrainerait un arr\u00eat de la navigation sur le chenal navigable.Consid\u00e9rant qu'en outre, il existe un risque de pollution si les hydrocarbures des bateauxendommag\u00e9s venaient \u00e0 se d\u00e9verser dans la voie d'eau \u00e0 la suite d'un accident provoqu\u00e9 par lebateau \u00ab BARAGAN \u00bb ;. 2'>Consid\u00e9rant qu'au vu de l'absence de surveillance et d'entretien du bateau et de l'\u00e9v\u00e8nement du27 septembre 2024, il existe un grand risque de pollution de l'eau :\nVoies Navigables de FranceDirection territoriale Rh\u00f4ne-Sa\u00f4ne2 rue de la Quarantaine - 69231 Lyon cedex 051/2 T. +33 (0)4 72 56 59 O1Www.vnf.fr\nDirection D\u00e9partementale des Tetrritoires et de la Mer du Gard - 30-2025-02-13-00006 - Arr\u00eat\u00e9 portant d\u00e9placement d'office d'un\nbateau 43\n| af bn VOIES NAVIGABLES DE FRANCEDirection territoriale Rh\u00f4ne-Sa\u00f4neF R\u00c9 F F T P\u00f4le juridique et march\u00e9sDU GARDConsid\u00e9rant que ce bateau compromet gravement et directement laLibert\u00e9 ee a, ; ; nr\u00c9galit\u00e9 conservation, l'utilisation normale du domaine public fluvial ainsi que laFraternit\u00e9 s\u00e9curit\u00e9 des usagers des eaux int\u00e9rieures ;Consid\u00e9rant que, par deux fois, le propri\u00e9taire a \u00e9t\u00e9 mis en demeure ded\u00e9placer, sous sept jours, le bateau \u00e0 compter de la notification de la mise en demeure susvis\u00e9e :qu'\u00e0 l'issue de ce d\u00e9lai, le propri\u00e9taire n'a r\u00e9alis\u00e9 aucune man\u0153uvre de d\u00e9placement ;Consid\u00e9rant la n\u00e9cessit\u00e9 de mettre fin \u00e0 cet \u00e9tat de fait.Sur proposition de Monsieur le Directeur territorial de Voies navigables de France Rh\u00f4ne Sa\u00f4ne.\n: ARR\u00caTE :ARTICLE 1: Il sera proc\u00e9d\u00e9 d'office au d\u00e9placement du bateau portant devise \u00ab BARAGAN \u00bb,immatricul\u00e9 \u00e0 S\u00e8te sous le num\u00e9ro 499108, dont le dernier propri\u00e9taire connu est M. Jean-ManuelFERNANDEZ, lequel stationne actuellement dans le Canal du Rh\u00f4ne \u00e0 S\u00e8te - Branche Est d'Aigues-Mortes - rive droite, au droit du P.K. 2,677 - Commune d'AIGUES-MORTES (30), pour le stationnerau PK 3,000, en rive gauche du Canal du Rh\u00f4ne \u00e0 S\u00e8te, au centre d'exploitation de VNF, Communed'AIGUES-MORTES (30).ARTICLE 2 : Ce d\u00e9placement sera ex\u00e9cut\u00e9 par la Direction territoriale Rh\u00f4ne Sa\u00f4ne de Voiesnavigables de France, qui au besoin pourra faire appel \u00e0 une entreprise.ARTICLE 3 : Les frais occasionn\u00e9s par les op\u00e9rations de d\u00e9placement ainsi que les dommages\u00e9ventuellement caus\u00e9s lors de leur ex\u00e9cution seront imput\u00e9s au propri\u00e9taire du bateau.ARTICLE 4: Le pr\u00e9sent arr\u00eat\u00e9 peut faire l'objet d'un recours gracieux aupr\u00e8s de Monsieur le pr\u00e9fetdu Gard, dans un d\u00e9lai de deux mois suivant la notification et la publication du pr\u00e9sent arr\u00eat\u00e9.L'absence de r\u00e9ponse dans un d\u00e9lai de deux mois vaut d\u00e9cision implicite de rejet.Le pr\u00e9sent arr\u00eat\u00e9 peut \u00e9galement faire l'objet d'un recours hi\u00e9rarchique aupr\u00e8s du Ministre del'Int\u00e9rieur - Place Beauvau - 75008 PARIS CEDEX 08. L'absence de r\u00e9ponse dans un d\u00e9lai de deuxmois vaut d\u00e9cision implicite de rejet.Un recours contentieux peut \u00e9galement \u00eatre introduit devant le Tribunal Administratif de N\u00eemessitu\u00e9 16 avenue Feuch\u00e8res CS 88010-30941 Nmes Cedex 09, dans un d\u00e9lai de deux mois \u00e0compter de la notification de l'arr\u00eat\u00e9 ou \u00e0 compter de la r\u00e9ponse de l'administration si un recoursadministratif a \u00e9t\u00e9 pr\u00e9alablement d\u00e9pos\u00e9. Le tribunal administratif peut \u00e9galement \u00eatre saisi parl'application informatique \"T\u00e9l\u00e9recours citoyens\" accessible via le site www.telerecours.frARTICLE 5 : Le pr\u00e9fet du Gard, le directeur territorial Rh\u00f4ne Sa\u00f4ne de Voies navigables de Francesont charg\u00e9s, chacun en ce qui le concerne, de l'ex\u00e9cution du pr\u00e9sent arr\u00eat\u00e9.\nPour le Pr\u00e9fet, 1 \u00e0 fey\n2/2\nDirection D\u00e9partementale des Tetrritoires et de la Mer du Gard - 30-2025-02-13-00006 - Arr\u00eat\u00e9 portant d\u00e9placement d'office d'un\nbateau 44\nDirection D\u00e9partementale des Tetrritoires et de\nla Mer du Gard\n30-2025-02-12-00001\nArr\u00eat\u00e9 portant prescriptions compl\u00e9mentaires\nau titre de l'article R214-3 du Code de\nl'environnement concernant la r\u00e9alisation de 3\npi\u00e9zom\u00e8tres situ\u00e9s sur la commune de Saint\nGilles\nDirection D\u00e9partementale des Tetrritoires et de la Mer du Gard - 30-2025-02-12-00001 - Arr\u00eat\u00e9 portant prescriptions compl\u00e9mentaires\nau titre de l'article R214-3 du Code de l'environnement concernant la r\u00e9alisation de 3 pi\u00e9zom\u00e8tres situ\u00e9s sur la commune de Saint\nGilles\n45\nPREFETDU GARDLibert\u00e9Egalit\u00e9Fraternit\u00e9\nDirection d\u00e9partementale\ndes territoires et de la mer\nService eau et risques\nARR\u00caT\u00c9 N\u00b0\nPortant prescriptions compl\u00e9mentaires au titre de l'article R214-3 du Code de l'environnement\nconcernant la r\u00e9alisation de 3 pi\u00e9zom\u00e8tres situ\u00e9s\nsur la commune de Saint Gilles\nLe pr\u00e9fet du Gard\nChevalier de la L\u00e9gion d'honneur,\nChevalier de l'ordre national du M\u00e9rite\nVU  La directive europ\u00e9enne 2000/60 du Parlement Europ\u00e9en et du Conseil du 23 octobre 2000\n\u00e9tablissant un cadre pour une politique communautaire dans le domaine de l'eau ;\nVU La loi n\u00b02006-1772 du 30 d\u00e9cembre 2006 sur l'eau et les milieux aquatiques ;\nVU Le Code de l'environnement ;\nVU Le Code civil et notamment son article 640 ;\nVU le d\u00e9cret du 13 juillet 2023 nommant M. J\u00e9r\u00f4me BONET, pr\u00e9fet du Gard ;\nVU l'arr\u00eat\u00e9 pr\u00e9fectoral n\u00b0 30-2024-03-21-00007 du 21 mars 2024 portant d\u00e9l\u00e9gation de signature \u00e0 \nM. S\u00e9bastien FERRA, directeur d\u00e9partemental des territoires et de la mer (DDTM) du Gard ;\nVU La d\u00e9cision publi\u00e9e au RAA n\u00b030-2024-070 de M. S\u00e9bastien FERRA, directeur d\u00e9partemental des\nterritoires et de la mer du Gard, portant subd\u00e9l\u00e9gation de signature en mati\u00e8re d'administration\ng\u00e9n\u00e9rale en date du 3 mai 2024 ;\nVU L'arr\u00eat\u00e9 du pr\u00e9fet coordonnateur de bassin du 21 mars 2022 portant approbation du Sch\u00e9ma\nDirecteur d'Am\u00e9nagement et de Gestion des Eaux (SDAGE) du bassin Rh\u00f4ne M\u00e9diterran\u00e9e 2022-\n2027 ;\nVU L'arr\u00eat\u00e9 du 11 septembre 2003 (NOR  : DEVE0320170A) portant application du d\u00e9cret N\u00b096-102\ndu 2 f\u00e9vrier 1996 et fixant les prescriptions g\u00e9n\u00e9rales applicables au sondage, forage, cr\u00e9ation de\npuits ou d'ouvrage souterrain soumis \u00e0 d\u00e9claration en application des articles L.214-1 \u00e0 L.214-6 du\nCode de l'environnement ;\nVU Le  dossier  de  d\u00e9claration  pr\u00e9sent\u00e9  par  la  soci\u00e9t\u00e9  HOLDING  SOPREMA,  repr\u00e9sent\u00e9e  par\nmonsieur Ronan GELU , 15 rue de Saint Nazaire \u2013 67100 Strasbourg  enregistr\u00e9 au titre de l'article\nL. 214-3 du Code de l'environnement comme complet le 11 octobre 2024, sous le n\u00b0 Gunenv-30-\n2004-0100057072 relatif \u00e0 la r\u00e9alisation de 3 pi\u00e9zom\u00e8tres situ\u00e9s sur la commune de Saint Gilles ;\nVU Le rapport n\u00b0 30/258 U 24 094 de BERGA Sud en date du 30 ao\u00fbt 2024 ;\n89, rue Weber \u2013 30907 NIMES CEDEX 2\nT\u00e9l : 04 66 62 62 00 - Fax : 04 66 23 28 79 - www.gard.gouv.fr\nDirection D\u00e9partementale des Tetrritoires et de la Mer du Gard - 30-2025-02-12-00001 - Arr\u00eat\u00e9 portant prescriptions compl\u00e9mentaires\nau titre de l'article R214-3 du Code de l'environnement concernant la r\u00e9alisation de 3 pi\u00e9zom\u00e8tres situ\u00e9s sur la commune de Saint\nGilles\n46\nVU L'arr\u00eat\u00e9  pr\u00e9fectoral  n\u00b0  22-034N  du  29  ao\u00fbt  2022  relatif  \u00e0  l'exploitation  d'installations  de\nfabrication et de stockage de panneaux en polyur\u00e9thane situ\u00e9es sur la ZAC MITRA \u00e0 Saint Gilles et\nexploit\u00e9es par la Holding SOPREAM SA ;\nVU L'avis \u00e9mis par l'\u00e9tablissement public territorial de bassin (EPTB) Vistre-Vistrenque en date du 25\nnovembre 2024 ;\nVU Le courrier adress\u00e9 au p\u00e9titionnaire pour observation sur les prescriptions sp\u00e9cifiques en date\ndu 5 d\u00e9cembre 2024 ; \nVU  L' absence d'avis du p\u00e9titionnaire sur les prescriptions sp\u00e9cifiques adress\u00e9es le 5 d\u00e9cembre\n2024 ;\nVU L'ensemble des pi\u00e8ces du dossier ;\nCONSID\u00c9RANT  Que  l'article  3.5  de  l'arr\u00eat\u00e9  pr\u00e9fectoral  n\u00b0  22-034N  du  29  ao\u00fbt  2022  relatif  \u00e0\nl'exploitation d'installations de fabrication et de stockage de panneaux en polyur\u00e9thane situ\u00e9es sur\nla ZAC MITRA \u00e0 Saint Gilles et exploit\u00e9es par la Holding SOPREAM SA impose une surveillance des\neaux souterraines ;\nCONSID\u00c9RANT Que les pi\u00e9zom\u00e8tres vont suivre le niveau de la nappe de la Vistrenque et des\nCosti\u00e8res ;\nCONSID\u00c9RANT Qu'il n'y a pas de pr\u00e9l\u00e8vement ;\nCONSID\u00c9RANT Le rapport n\u00b0 30/258 U 24 094 de BERGA Sud en date du 30 ao\u00fbt 2024 ;\nCONSID\u00c9RANT Que les prescriptions du pr\u00e9sent arr\u00eat\u00e9 permettent pr\u00e9server les int\u00e9r\u00eats de la\nressource en eau ;\nSUR PROPOSITION de Monsieur le directeur d\u00e9partemental des territoires et de la mer du Gard.\nARR\u00caTE\nARTICLE 1 : B\u00e9n\u00e9ficiaire de l'autorisation\nLa soci\u00e9t\u00e9 HOLDING SOPREMA, repr\u00e9sent\u00e9e par monsieur Ronan GELU , 15 rue de Saint Nazaire \u2013\n67100 Strasbourg , ci-apr\u00e8s d\u00e9nomm\u00e9 le b\u00e9n\u00e9ficiaire, de sa d\u00e9claration en application de l'article L\n214-3 du Code de l'environnement, sous r\u00e9serve des prescriptions concern\u00e9es aux articles suivants,\nconcernant :\n3 pi\u00e9zom\u00e8tres\nsitu\u00e9s sur la commune de Saint Gilles.\nARTICLE 2 : Rubriques de la d\u00e9claration\nLes ouvrages rentrent dans la nomenclature des op\u00e9rations soumises \u00e0 d\u00e9claration eau titre de\nl'article L.214-3 du Code de l'environnement.\n89, rue Weber \u2013 30907 NIMES CEDEX 2\nT\u00e9l : 04 66 62 62 00 - Fax : 04 66 23 28 79 - www.gard.gouv.fr\nDirection D\u00e9partementale des Tetrritoires et de la Mer du Gard - 30-2025-02-12-00001 - Arr\u00eat\u00e9 portant prescriptions compl\u00e9mentaires\nau titre de l'article R214-3 du Code de l'environnement concernant la r\u00e9alisation de 3 pi\u00e9zom\u00e8tres situ\u00e9s sur la commune de Saint\nGilles\n47\nLa rubrique au titre de l'article R.214-1 du Code de l'environnement concern\u00e9e par cette op\u00e9ration\nest la suivante :\nRubrique Intitul\u00e9 R\u00e9gime Arr\u00eat\u00e9 de\nprescriptions\ng\u00e9n\u00e9rales\ncorrespondant\n1.1.1.0\nSondage,  forage,  y  compris  les  essais  de  pompage,\ncr\u00e9ation de puits ou d'ouvrage souterrain, non destin\u00e9\n\u00e0 un usage domestique, ex\u00e9cut\u00e9 en vue de la recherche\nou  de  la  surveillance  d'eaux  souterraines  ou  en  vue\nd'effectuer un pr\u00e9l\u00e8vement temporaire ou permanent\ndans les eaux souterraines, y compris dans les nappes\nd'accompagnement de cours d'eau (D).\nD\u00e9claration\nArr\u00eat\u00e9\nminist\u00e9riel  du\n11  septembre\n2003\n(DEVE0320170\nA)\nARTICLE 3 : caract\u00e9ristiques des ouvrages\nLes caract\u00e9ristiques sp\u00e9cifiques des ouvrages sont :\nNom de l'ouvrage Pz1 Pz2 Pz3\nCommune Saint Gilles Saint Gilles Saint Gilles\nLocalisation cadastrale du \nforage\nB 1054 B 1054 B 1052\nProfondeur Entre 13 et 50 m Entre 13 et 50 m Entre 13 et 50 m\nARTICLE 4 : Masse d'eau concern\u00e9e par le suivi\nLes  pi\u00e9zom\u00e8tres  suivent  le  niveau  des  eaux  de  l'aquif\u00e8re  \u00ab  Alluvions  quaternaires  et\nvillafranchiennes de la Vistrenque \u00bb. Cette masse d'eau porte le code FRDG101 au SDAGE.\nARTICLE 5 : Prescriptions g\u00e9n\u00e9rales relatives \u00e0 certaines rubriques\nLe  b\u00e9n\u00e9ficiaire  veille  au  respect  des  prescriptions  g\u00e9n\u00e9rales  d\u00e9finies  dans  les  arr\u00eat\u00e9s  du  11\nseptembre 2003 portant application du d\u00e9cret n\u00b0 96-102 du 2 f\u00e9vrier 1996 et fixant les prescriptions\ng\u00e9n\u00e9rales applicables :\n- aux sondage, forage, cr\u00e9ation de puits ou d'ouvrage souterrain soumis \u00e0 d\u00e9claration en application\ndes articles L.214-1 \u00e0 L.241-3 du code de l'environnement et relevant de la rubrique 1.1.1..0 de la\nnomenclature (NOR : DEVE0320170A) ;\nLors de la r\u00e9alisation des pi\u00e9zom\u00e8tres le b\u00e9n\u00e9ficiaire veille au respect de la norme NF X31-614 de\njanvier 2024.\n89, rue Weber \u2013 30907 NIMES CEDEX 2\nT\u00e9l : 04 66 62 62 00 - Fax : 04 66 23 28 79 - www.gard.gouv.fr\nDirection D\u00e9partementale des Tetrritoires et de la Mer du Gard - 30-2025-02-12-00001 - Arr\u00eat\u00e9 portant prescriptions compl\u00e9mentaires\nau titre de l'article R214-3 du Code de l'environnement concernant la r\u00e9alisation de 3 pi\u00e9zom\u00e8tres situ\u00e9s sur la commune de Saint\nGilles\n48\nARTICLE 6 : Prescriptions relatives aux travaux de r\u00e9alisation des pi\u00e9zom\u00e8tres\nLe  b\u00e9n\u00e9ficiaire  s'attache  les  services  d'un  hydrog\u00e9ologue  pour  le  suivi  de  la  r\u00e9alisation  des\npi\u00e9zom\u00e8tres et respecte le protocole indiqu\u00e9 dans le rapport n\u00b0 30/258 U 24 094 de BERGA Sud en\ndate  du  30  ao\u00fbt  2024.  Ces  ouvrages  sont  nivel\u00e9s,  par  un  g\u00e9om\u00e8tre,  et  d\u00e9clar\u00e9s  au  Bureau  de\nRecherches G\u00e9ologiques et Mini\u00e8res (BRGM).\nARTICLE 7 : Prescriptions relatives au suivi et \u00e0 la surveillance de la masse d'eau\nAfin de s'assurer du suivi de la ressource, le b\u00e9n\u00e9ficiaire :\n\u2022 Met en place un r\u00e9seau de surveillance en continu de la nappe, rapport\u00e9 en m NGF au\nniveau des 3 pi\u00e9zom\u00e8tres et un suivi qualitatif trimestriel des param\u00e8tres suivants :\n\u25e6 la temp\u00e9rature in situ ;\n\u25e6 la conductivit\u00e9 \u00e0 25\u00b0 C in situ\n\u25e6 le PH in situ\n\u25e6 la turbidit\u00e9\n\u25e6 la DCO\n\u25e6 le COT\n\u25e6 l'indice hydrocarbures volatiles C5-C10\n\u25e6 l'indice hydrocarbures volatiles C10-C40 ;\n\u2022 Le b\u00e9n\u00e9ficiaire respect le protocole \u00e9tablit dans le rapport n\u00b0 30/258 U 24 094 de BERGA\nSud en date du 30 ao\u00fbt 2024 ;\n\u2022 Le b\u00e9n\u00e9ficiaire fait parvenir au service de la police de l'eau, \u00e0 l'Agence R\u00e9gionale de Sant\u00e9\n(ARS) du Gard, au service de l'eau de N\u00eemes M\u00e9tropole et \u00e0 l'\u00e9tablissement public territorial de\nbassin (EPTB) Vistre-Vistrenque, chaque ann\u00e9e avant le 1er mars, le bilan annuel du suivi de l'aquif\u00e8re\nconcernant l'ann\u00e9e pr\u00e9c\u00e9dente.\nARTICLE 8 : Conformit\u00e9 au dossier de demande et modifications\nLes installations, objet du pr\u00e9sent arr\u00eat\u00e9, sont situ\u00e9es, install\u00e9es et exploit\u00e9es conform\u00e9ment aux\nplans et contenu du dossier de d\u00e9claration non contraires aux dispositions du pr\u00e9sent arr\u00eat\u00e9.\nToute modification apport\u00e9e aux ouvrages, installations, \u00e0 leur mode d'utilisation, \u00e0 la r\u00e9alisation\ndes  travaux  ou  \u00e0  l'am\u00e9nagement  en  r\u00e9sultant,  \u00e0  l'exercice  des  activit\u00e9s  ou  \u00e0  leur  voisinage  et\nentra\u00eenant un changement notable des \u00e9l\u00e9ments du dossier de d\u00e9claration initiale doit \u00eatre port\u00e9e,\navant sa r\u00e9alisation, \u00e0 la connaissance du pr\u00e9fet qui peut exiger une nouvelle d\u00e9claration.\nARTICLE 9 : Caract\u00e8re de l'autorisation - dur\u00e9e de l'autorisation\nLes  dispositions  du  pr\u00e9sent  arr\u00eat\u00e9  demeurent  tant  que  les  ouvrages  participent  au  r\u00e9seau  de\nsurveillance des eaux souterraines de la masse d'eau \u00ab  alluvions anciennes de la Vistrenque et des\nCosti\u00e8res \u00bb.\nL'autorisation  est  accord\u00e9e  \u00e0  titre  personnel,  pr\u00e9caire  et  r\u00e9vocable  sans  indemnit\u00e9  de  l'\u00c9tat\nconform\u00e9ment aux dispositions de l'article L.214-4 du Code de l'environnement.\nARTICLE 10 : D\u00e9claration des incidents ou accidents\nLe b\u00e9n\u00e9ficiaire est tenu de d\u00e9clarer, d\u00e8s qu'il en a connaissance, au pr\u00e9fet les accidents ou incidents\nint\u00e9ressant les installations, ouvrages, travaux ou activit\u00e9s faisant l'objet de la pr\u00e9sente d\u00e9claration,\n89, rue Weber \u2013 30907 NIMES CEDEX 2\nT\u00e9l : 04 66 62 62 00 - Fax : 04 66 23 28 79 - www.gard.gouv.fr\nDirection D\u00e9partementale des Tetrritoires et de la Mer du Gard - 30-2025-02-12-00001 - Arr\u00eat\u00e9 portant prescriptions compl\u00e9mentaires\nau titre de l'article R214-3 du Code de l'environnement concernant la r\u00e9alisation de 3 pi\u00e9zom\u00e8tres situ\u00e9s sur la commune de Saint\nGilles\n49\nqui  sont  de  nature  \u00e0  porter  atteinte  aux  int\u00e9r\u00eats  mentionn\u00e9s  \u00e0  l'article  L  211-1  du  Code  de\nl'environnement.\nSans pr\u00e9judice des mesures susceptibles d'\u00eatre prescrites par le pr\u00e9fet, le b\u00e9n\u00e9ficiaire est tenu de\nprendre ou de faire prendre les dispositions n\u00e9cessaires pour mettre fin aux causes de l'incident ou\naccident, pour \u00e9valuer ses cons\u00e9quences et y rem\u00e9dier.\nLe b\u00e9n\u00e9ficiaire demeure responsable des accidents ou dommages qui seraient la cons\u00e9quence de\nl'activit\u00e9 ou de l'ex\u00e9cution des travaux ou de l'am\u00e9nagement.\nARTICLE 11 : Acc\u00e8s aux installations et exercice des missions de police\nLes agents du service  de la police de l'eau ont acc\u00e8s \u00e0 tout moment aux installations dans les\nconditions fix\u00e9es par le Code de l'environnement. Ils peuvent demander la communication de\ntoute pi\u00e8ce utile au contr\u00f4le de la bonne ex\u00e9cution du pr\u00e9sent arr\u00eat\u00e9.\nARTICLE 12 : Sanctions administratives et p\u00e9nales\nEn cas de non-respect des dispositions du pr\u00e9sent arr\u00eat\u00e9, il pourra \u00eatre fait application \u00e0 l'encontre\ndu  b\u00e9n\u00e9ficiaire, des sanctions administratives pr\u00e9vues aux articles L171-7 et suivants du Code de\nl'environnement, ainsi que des sanctions p\u00e9nales pr\u00e9vues par les articles L 216-9 \u00e0 216-12 du m\u00eame\ncode.\nARTICLE 13 : Autres r\u00e9glementations\nLe pr\u00e9sent arr\u00eat\u00e9 ne dispense en aucun cas le b\u00e9n\u00e9ficiaire de faire les d\u00e9clarations ou d'obtenir les\nautorisations requises par d'autres r\u00e9glementations.\nARTICLE 14 : Publication et information des tiers\nUne  copie  du  pr\u00e9sent  arr\u00eat\u00e9  est  transmise  \u00e0  la  Direction  R\u00e9gionale  de  l'Environnement,  de\nl'Am\u00e9nagement  et  du  Logement  (DREAL)  unit\u00e9  inter-d\u00e9partemental  Gard-Loz\u00e8re,  \u00e0  l'Agence\nR\u00e9gionale de Sant\u00e9 (ARS) du Gard, \u00e0 l'Office Fran\u00e7ais de Biodiversit\u00e9 du Gard, au service de l'eau de\nN\u00eemes  M\u00e9tropole et  \u00e0  l'\u00e9tablissement  public  territorial  de  bassin  (EPTB)  Vistre-Vistrenque  et\nCosti\u00e8res.\nUne copie du pr\u00e9sent arr\u00eat\u00e9 sera transmise \u00e0 la mairie de la commune de Saint Gilles pour affichage\npendant une dur\u00e9e minimale d'un mois.\nCes informations seront mises \u00e0 disposition du public sur le site Internet de la pr\u00e9fecture du Gard\npendant une dur\u00e9e d'au moins 6 mois.\nARTICLE 15 : Voies et d\u00e9lais de recours\nLe  pr\u00e9sent  arr\u00eat\u00e9  est  susceptible  de  recours  devant  le  tribunal  administratif  territorialement\ncomp\u00e9tent, conform\u00e9ment \u00e0 l'article R514-3-1 du Code de l'environnement dans les conditions\nsuivantes :\n1\u00b0 Par les p\u00e9titionnaires ou exploitants, dans un d\u00e9lai de deux mois \u00e0 compter du jour o\u00f9 la\nd\u00e9cision leur a \u00e9t\u00e9 notifi\u00e9e ;\n89, rue Weber \u2013 30907 NIMES CEDEX 2\nT\u00e9l : 04 66 62 62 00 - Fax : 04 66 23 28 79 - www.gard.gouv.fr\nDirection D\u00e9partementale des Tetrritoires et de la Mer du Gard - 30-2025-02-12-00001 - Arr\u00eat\u00e9 portant prescriptions compl\u00e9mentaires\nau titre de l'article R214-3 du Code de l'environnement concernant la r\u00e9alisation de 3 pi\u00e9zom\u00e8tres situ\u00e9s sur la commune de Saint\nGilles\n50\n2\u00b0  Par  les  tiers  int\u00e9ress\u00e9s  en  raison  des  inconv\u00e9nients  ou  des  dangers  pour  les  int\u00e9r\u00eats\nmentionn\u00e9s \u00e0 l'article 211-1 du code de l'environnement dans un d\u00e9lai de quatre mois \u00e0\ncompter de l'affichage en mairie dans les conditions pr\u00e9vues \u00e0 l'article R214-37 du Code de\nl'environnement ou la publication de la d\u00e9cision sur le site internet de la pr\u00e9fecture dans les\nconditions d\u00e9finies au m\u00eame article.\nLe d\u00e9lai court \u00e0 compter de la derni\u00e8re formalit\u00e9 accomplie. Si l'affichage constitue cette derni\u00e8re\nformalit\u00e9, le d\u00e9lai court \u00e0 compter du premier jour d'affichage de la d\u00e9cision\nLes tiers peuvent \u00e9galement d\u00e9poser une r\u00e9clamation apr\u00e8s la mise en service, aux seules fins de\ncontester l'insuffisance ou l'inadaptation des prescriptions de l'arr\u00eat\u00e9  : le pr\u00e9fet dispose de 2 mois\npour y r\u00e9pondre. En cas de rejet implicite ou explicite, les int\u00e9ress\u00e9s disposent d'un d\u00e9lai de 2 mois\npour se pourvoir contre cette d\u00e9cision.\nLe tribunal administratif peut aussi \u00eatre saisi par l'application informatique \"T\u00e9l\u00e9recours Citoyens\"\naccessible par le site internet www.telerecours.fr.\nARTICLE 16 : Ex\u00e9cution\nLe secr\u00e9taire g\u00e9n\u00e9ral de la pr\u00e9fecture du Gard, le directeur d\u00e9partemental des territoires et de la\nmer du Gard,  le chef du service d\u00e9partemental du Gard de l'office fran\u00e7ais de la biodiversit\u00e9, le\ndirecteur inter-d\u00e9partemental de la police nationale sont charg\u00e9s, chacun en ce qui le concerne, de\nl'ex\u00e9cution du pr\u00e9sent arr\u00eat\u00e9 qui sera publi\u00e9 au recueil des actes administratifs et dont une copie\nsera tenue \u00e0 la disposition du public dans la mairie de Saint Gilles.\n                                                                                                        N\u00eemes, le 12/02/2025\nLe pr\u00e9fet,\nPour le pr\u00e9fet et par d\u00e9l\u00e9gation, \nle directeur d\u00e9partemental des territoires\net de la mer du Gard\nPour le directeur et par d\u00e9l\u00e9gation, \nle chef du service eau et risques\nSIGNE\nVincent COURTRAY\n89, rue Weber \u2013 30907 NIMES CEDEX 2\nT\u00e9l : 04 66 62 62 00 - Fax : 04 66 23 28 79 - www.gard.gouv.fr\nDirection D\u00e9partementale des Tetrritoires et de la Mer du Gard - 30-2025-02-12-00001 - Arr\u00eat\u00e9 portant prescriptions compl\u00e9mentaires\nau titre de l'article R214-3 du Code de l'environnement concernant la r\u00e9alisation de 3 pi\u00e9zom\u00e8tres situ\u00e9s sur la commune de Saint\nGilles\n51\nDirection D\u00e9partementale des Tetrritoires et de\nla Mer du Gard\n30-2024-11-13-00004\nART 20241113 Designation expert indemnisation\nisn\nDirection D\u00e9partementale des Tetrritoires et de la Mer du Gard - 30-2024-11-13-00004 - ART 20241113 Designation expert\nindemnisation isn 52\nE \"a Direction d\u00e9partementalePREFET des territoires et de la merDU GARDLibert\u00e9Egalit\u00e9Fraternit\u00e9\nService \u00e9conomie agricoleAffaire suivie par : G\u00e9rard CHEVALIERT\u00e9l. : 04 66 62 66 00gerard.chevalier@gard.gouv.fr\nARRETE N\u00b0 DT N ... SCA - 2021 ~ QI 2.portant d\u00e9signation d'un expert ind\u00e9pendant pour participer \u00e0 la mission d'expertise diligent\u00e9e dans lecadre de la proposition de reconnaissance des pertes de r\u00e9colte au titre de l'indemnisation fond\u00e9e sur lasolidarit\u00e9 nationaleLe pr\u00e9fet du GardChevalier de la L\u00e9gion d'honneur,Chevalier de l'ordre national du M\u00e9rite\nVU le Code rural et de la p\u00eache maritime, et notamment ses articles D. 361-44-5 et suivants ;VU l'instruction technique relative \u00e0 la gestion de l'indemnisation fond\u00e9e sur la solidarit\u00e9 nationale pourles cultures non assur\u00e9es hors prairies par les services d\u00e9concentr\u00e9s de l'Etat en date du 13 avril 2023 ;VU l'\u00e9tude des diff\u00e9rents devis sollicit\u00e9s aux fin d'identifier un expert ind\u00e9pendant pouvant participer \u00e0la mission d'expertise; |VU la proposition du cabinet d'expert Permagro de Monsieur FRAIGNEAU Cl\u00e9ment en date du 12novembre 2024 ;VU l'attestation sur l'honneur d'absence de lien d'int\u00e9r\u00eat \u00e9tablie en date du 13 novembre 2024 parMonsieur FRAIGNEAU Cl\u00e9ment ;VU la proposition du directeur d\u00e9partemental des territoires et de la mer du Gard;\nARR\u00caTEARTICLE 1:Monsieur FRAIGNEAU Cl\u00e9ment, exer\u00e7ant au sein du cabinet Permagro, est nomm\u00e9(e) pour participer enqualit\u00e9 d'expert ind\u00e9pendant \u00e0 la mission d'expertise diligent\u00e9e dans le cadre de la proc\u00e9dure dereconnaissance de l'al\u00e9a climatique d\u00e9favorable susceptible d'avoir occasionn\u00e9 des pertes de r\u00e9colte oude culture ouvrant droit au versement par l'Etat de l'indemnisation fond\u00e9e sur la solidarit\u00e9 nationalesuivant : pluies du 27 octobre 2024 sur le d\u00e9partement du Gard\n89, rue Weber \u2014 30907 NIMES CEDEX 2T\u00e9l : 04 66 62 62 00 - Fax : 04 66 23 28 79 - www.gard.gouv.fr\nDirection D\u00e9partementale des Tetrritoires et de la Mer du Gard - 30-2024-11-13-00004 - ART 20241113 Designation expert\nindemnisation isn 53\nARTICLE 2:Le pr\u00e9sent arr\u00e9t\u00e9 sera publi\u00e9 au recueil des actes administratifs du d\u00e9partement du Gard\n_N\u00eemes,le 13 NOV. 2024\n89, rue Weber \u2014 30907 NIMES CEDEX 2T\u00e9l : 04 66 62 62 00 - Fax : 04 66 23 28 79 - www.gard.gouv.fr\nDirection D\u00e9partementale des Tetrritoires et de la Mer du Gard - 30-2024-11-13-00004 - ART 20241113 Designation expert\nindemnisation isn 54\nDirection D\u00e9partementale des Tetrritoires et de\nla Mer du Gard\n30-2025-02-10-00001\nART portant r\u00e9siliation-sanction des conventions\nAnah\nDirection D\u00e9partementale des Tetrritoires et de la Mer du Gard - 30-2025-02-10-00001 - ART portant r\u00e9siliation-sanction des\nconventions Anah 55\nPREFET Direction d\u00e9partementaleDU GARD des territoires et de la merLibert\u00e9 |Egalit\u00e9Fraternit\u00e9\nService habitat et constructionAffaire suivie par : Yann SistachT\u00e9l. : 04 66 62 63 86yann.sistach@gard.gouv.frARRETE N\u00b0 30-2025-portant r\u00e9siliation-sanction des conventions Anah n\u00b0030-S-LS-202008-0056 et n\u00b0030-S-LS-202010-0089sign\u00e9es respectivement les 19 ao\u00fbt et 16 octobre 2020 avec M.Fr\u00e9d\u00e9ric MIRASLe pr\u00e9fet du GardChevalier de la L\u00e9gion d'honneur,Chevalier de l'ordre national du M\u00e9rite\nVU l'article L 831-1 du code de la construction et de l'habitation.VU l'article L 353-6 du code de la construction et de l'habitation portant sur la r\u00e9siliation aux torts dubailleur. .VU le d\u00e9cret du 13 juillet 2023 portant nomination de M. J\u00e9r\u00f4me BONET, pr\u00e9fet du Gard.VU les conventions sans travaux, entre I'Anah et M.Fr\u00e9d\u00e9ric MIRAS, conclues pour une dur\u00e9e de six ans, le19 ao\u00fbt 2020 pour la convention n\u00b0030-S-LS-202008-0056 concernant un logement locatif situ\u00e9 7 rue dela Graille \u00e0 Beauvoisin et le 16 octobre 2020 pour la convention n\u00b0030-S-LS-202010-0089 relative \u00e0 unlogement locatif situ\u00e9 13 rue de la Graille \u00e0 Beauvoisin.CONSID\u00c9RANT que les premi\u00e8res visites r\u00e9alis\u00e9es dans ces logements, le 28 juin 2024 pour le 7 rue de laGraille et le 3 octobre 2024 pour le 13 rue de la Graille, ont permis de constater qu'ils ne respectaient pasles crit\u00e8res de d\u00e9cence d\u00e9termin\u00e9s par le d\u00e9cret n\u00b02002-120 du 30 janvier 2002 auxquels doiventr\u00e9pondre tous les logements mis en location et de vous mettre en demeure de mettre fin aux d\u00e9sordresidentifi\u00e9s.CONSID\u00c9RANT que lors de la visite r\u00e9alis\u00e9e le 16 d\u00e9cembre 2024, en pr\u00e9sence de la police municipale deBeauvoisin, de l'op\u00e9rateur Urbanis mandat\u00e9 par la communaut\u00e9 de communes de Petite Camargue dansle cadre de l'OPAH-RU engag\u00e9e sur les centres anciens du territoire, il a \u00e9t\u00e9 constat\u00e9 que ces logementsne r\u00e9pondaient toujours pas aux crit\u00e8res de d\u00e9cence d\u00e9termin\u00e9s par le d\u00e9cret n\u00b02002-120 du 30 janvier2002 auxquels doivent r\u00e9pondre tous les logements mis en location.CONSID\u00c9RANT que par lettre recommand\u00e9e avec accus\u00e9 de r\u00e9ception, en date du 27 d\u00e9cembre 2024,distribu\u00e9e le jour m\u00eame, il a \u00e9t\u00e9 demand\u00e9, dans un d\u00e9lai de un mois, au propri\u00e9taire de ces logements,M.Fr\u00e9d\u00e9ric MIRAS, de faire constater par la mairie ou Urbanis la r\u00e9alisation dans les r\u00e8gles de l'art destravaux permettant de mettre fin de mani\u00e8re p\u00e9renne aux infractions au d\u00e9cret d\u00e9cence et aux r\u00e8gles desalubrit\u00e9 et d'hygi\u00e8ne que pr\u00e9sentent ces logements, faute de quoi il serait prononc\u00e9 la r\u00e9siliation-sanction de ces conventions.\n89, rue Weber - 30907 NIMES CEDEX 2T\u00e9l : 04 66 62 62 00 - Fax : 04 66 23 28 79 - www.gard.gouv.fr\nDirection D\u00e9partementale des Tetrritoires et de la Mer du Gard - 30-2025-02-10-00001 - ART portant r\u00e9siliation-sanction des\nconventions Anah 56\nCONSID\u00c9RANT que, par courriel du 28 janvier 2025, l'op\u00e9rateur Urbanis mandat\u00e9 par la communaut\u00e9 decommunes de Petite Camargue dans le cadre de l'OPAH-RU engag\u00e9e sur les centres anciens du territoire,indique ne pas avoir \u00e9t\u00e9 sollicit\u00e9 par le propri\u00e9taire pour que soit r\u00e9alis\u00e9es les visites de contr\u00f4les destravaux r\u00e9alis\u00e9s.SUR PROPOSITION de Monsieur le secr\u00e9taire g\u00e9n\u00e9ral de la pr\u00e9fecture du Gard ;\nARR\u00caTE\nARTICLE 1:Les conventions sans travaux Anah conclues, pour une dur\u00e9e de six ans, avec M.Fr\u00e9d\u00e9ric MIRAS, le 19ao\u00fbt 2020 pour la convention n\u00b0030-S-LS-202008-0056 concernant un logement locatif situ\u00e9 7 rue de laGraille \u00e0 Beauvoisin et le 16 octobre 2020 pour la convention n\u00b0030-S-LS-202010-0089 relative \u00e0 unlogement locatif situ\u00e9 13 rue de la Graille \u00e0 Beauvoisin sont r\u00e9sili\u00e9s aux torts du bailleur.\nARTICLE 2 : saLes locataires et les occupants des logements n'ayant pas fait l'objet d'une d\u00e9cision judiciaire devenued\u00e9finitive pronon\u00e7ant leur expulsion b\u00e9n\u00e9ficient de plein droit et sans l'accomplissement d'aucuneformalit\u00e9 jusqu'\u00e0 la date initialement pr\u00e9vue pour le terme de la convention, soit d'une prorogation deleur bail, soit du maintien dans les lieux aux clauses et conditions de leur contrat primitif ou, en casd'\u00e9change, de celui de leur co\u00e9changiste.A compter de la date de notification de l'arr\u00eat\u00e9 portant r\u00e9siliation-sanction des conventions , l'aidepersonnalis\u00e9e au logement n'est plus applicable aux logements concern\u00e9s et le loyer exigible, qui ne peut\u00eatre sup\u00e9rieur au loyer d\u00e9termin\u00e9 par la convention, est diminu\u00e9 du montant de l'aide qui aurait \u00e9t\u00e9 dueau titre de l'occupation de ces logements.\nARTICLE 3 :Le pr\u00e9sent arr\u00eat\u00e9 peut faire l'objet d'un recours contentieux aupr\u00e8s du tribunal administratif de N\u00eemessitu\u00e9 16 avenue Feuch\u00e8res CS 88010 30941 N\u00eemes cedex 09, dans le d\u00e9lai de deux mois \u00e0 compter de sanotification ou dans le d\u00e9lai de deux mois \u00e0 partir de la r\u00e9ponse de l'administration si Un recoursadministratif a \u00e9t\u00e9 d\u00e9pos\u00e9.Le tribunal administratif peut \u00e9galement \u00eatre saisi par l'application informatique \u00ab T\u00e9l\u00e9recours Citoyens \u00bbaccessible par le site internet \u00ab www.telerecours.fr \u00bb.ARTICLE 4 : | :Le secr\u00e9taire g\u00e9n\u00e9ral de la pr\u00e9fecture, le directeur d\u00e9partemental des territoires et de la mer, le maire deBeauvoisin et les organismes payeurs des aides personnelles au logement (CAF et MSA) sont charg\u00e9s,chacun en ce qui le concerne, de l'ex\u00e9cution du pr\u00e9sent arr\u00eat\u00e9 qui sera publi\u00e9 au recueil des actesadministratifs de la pr\u00e9fecture du Gard.\ne pr\u00e9fet,\nd\u00e9r\u00f4me BONET\n89, rue Weber \u2014 30907 NIMES CEDEX 2T\u00e9l : 04 66 62 62 00 - Fax : 04 66 23 28 79 - www.gard.gouv.fr\nDirection D\u00e9partementale des Tetrritoires et de la Mer du Gard - 30-2025-02-10-00001 - ART portant r\u00e9siliation-sanction des\nconventions Anah 57\nPrefecture du Gard\n30-2025-02-13-00007\nArr\u00eat\u00e9 d\u00e9clarant d'utilit\u00e9 publique\nl'am\u00e9nagement d'une aire paysag\u00e8re de\nstationnement\n sur la commune de Montclus.\nPrefecture du Gard - 30-2025-02-13-00007 - Arr\u00eat\u00e9 d\u00e9clarant d'utilit\u00e9 publique l'am\u00e9nagement d'une aire paysag\u00e8re de stationnement\n sur la commune de Montclus. 58\nExPREFETDU GARDLibert\u00e9Egalit\u00e9Fraternit\u00e9\nPr\u00e9fecture - Direction de la citoyennet\u00e9,\nde la l\u00e9galit\u00e9 et de la coordination\nService des \u00e9lections, de la r\u00e9glementation g\u00e9n\u00e9rale\net de l'environnement\nn\u00b0 DCLC-SERGE-BRGE-25-\nArr\u00eat\u00e9 n\u00b030-2025-\nd\u00e9clarant d'utilit\u00e9 publique l'am\u00e9nagement d'une aire paysag\u00e8re de stationnement\n sur la commune de Montclus.\nLe pr\u00e9fet du Gard,\nchevalier de la L\u00e9gion d'honneur,\nchevalier de l'ordre national du M\u00e9rite,\nVU le code de l'expropriation pour cause d'utilit\u00e9 publique ;\nVU le code l'urbanisme ;\nVU le code de l'environnement ;\nVU le d\u00e9cret du 13 juillet 2023 portant nomination de Monsieur J\u00e9r\u00f4me BONET en qualit\u00e9 de  \npr\u00e9fet du Gard ;\nVU l'arr\u00eat\u00e9  n\u00b030-2024-10-18-00005  en  date  du  18  octobre  2024  donnant  d\u00e9l\u00e9gation  de \nsignature \u00e0 Monsieur Yann G\u00c9RARD, secr\u00e9taire g\u00e9n\u00e9ral de la pr\u00e9fecture du Gard, sous-pr\u00e9fet  \nde N\u00eemes ;\nVU le sch\u00e9ma de coh\u00e9rence territoriale (S.C.o.T.) sud Gard ;\nVU la carte communale de la commune de Montclus ;\nVU la d\u00e9lib\u00e9ration n\u00b05 du conseil municipal de la commune de Montclus s\u00e9ance du mardi 12  \nd\u00e9cembre 2023 sollicitant l'ouverture d'une enqu\u00eate publique ayant pour objet la d\u00e9claration \nd'utilit\u00e9  publique  du  projet  d'am\u00e9nagement  d'une  aire  paysag\u00e8re  de  stationnement,  et \nsollicitant  une  enqu\u00eate  parcellaire  pr\u00e9alable  \u00e0  la  cessibilit\u00e9  des  biens  n\u00e9cessaires  \u00e0  sa \nr\u00e9alisation ;\nVU le dossier  de  d\u00e9claration  d'utilit\u00e9  publique  constitu\u00e9  conform\u00e9ment \u00e0 l'article R. 112-4  \ndu code de l'expropriation pour cause d'utilit\u00e9 publique, et notamment :\n-  une notice explicative,\n-  le plan de situation,\n-  le plan g\u00e9n\u00e9ral des travaux,\n-  les caract\u00e9ristiques principales des ouvrages les plus importants,\n-  l'appr\u00e9ciation sommaire des d\u00e9penses ;\nPr\u00e9fecture du Gard\n10 avenue Feuch\u00e8res \u2013 30 045 N\u00ceMES CEDEX 9\nT\u00e9l. 04 66 36 43 90\nwww.gard.gouv.fr\nPrefecture du Gard - 30-2025-02-13-00007 - Arr\u00eat\u00e9 d\u00e9clarant d'utilit\u00e9 publique l'am\u00e9nagement d'une aire paysag\u00e8re de stationnement\n sur la commune de Montclus. 59\nVU l e dossier d'enqu\u00eate parcellaire constitu\u00e9 conform\u00e9ment \u00e0 l'article R. 131-3 du code de  \nl'expropriation pour cause d'utilit\u00e9 publique et notamment : \n- le plan parcellaire r\u00e9gulier des terrains et b\u00e2timents,\n-  la  liste  des  propri\u00e9taires  tels  qu'ils  sont  connus  notamment  d'apr\u00e8s  les  documents \ncadastraux et les renseignements recueillis par l'expropriant ;\nVU les avis exprim\u00e9s des services et organismes consult\u00e9s dans le cadre de l'instruction du  \ndossier et annex\u00e9s au dossier d'enqu\u00eate ;\nVU la d\u00e9cision de dispense d'\u00e9tude d'Impact de la Direction R\u00e9gionale de l'Environnement de \nl'Am\u00e9nagement et du Logement d' Occitanie en date de 13 septembre 2024 ;\nVU l'avis de la Direction D\u00e9partementale des Territoires et de la Mer, service eau et risques, en \ndate du 4 juillet 2024 ;\nVU l'estimation du service de France Domaine du 10 octobre 2024 ;\nVU la liste d'aptitude aux fonctions de commissaire enqu\u00eateur du d\u00e9partement du Gard pour \nl'ann\u00e9e 2024 ;\nVU la d\u00e9cision n\u00b0E24000110/30 du 22 octobre 2024 du pr\u00e9sident du tribunal administratif de  \nN\u00eemes portant d\u00e9signation du commissaire enqu\u00eateur pour conduire l'enqu\u00eate publique ;\nVU l'arr\u00eat\u00e9  pr\u00e9fectoral  n\u00b030-2024-11-06-00001  prescrivant  l'ouverture  d'enqu\u00eate  publique \npr\u00e9alable  \u00e0  la  d\u00e9claration  d'utilit\u00e9  publique  (D.U.P .)  du  projet  d'am\u00e9nagement  d'une  aire \npaysag\u00e8re de stationnement et enqu\u00eate parcellaire pr\u00e9alable \u00e0 la cessibilit\u00e9 des parcelles  \nn\u00e9cessaires  (AN380,  AN379,  AN433,  AN417  en  partie) \u00e0  la  r\u00e9alisation  du  projet  sur  la \ncommune de Montclus. \nVU les pi\u00e8ces constatant que l'avis d'ouverture d'enqu\u00eate publique a \u00e9t\u00e9 publi\u00e9, affich\u00e9 en  \nmairie de Montclus et ins\u00e9r\u00e9 dans deux journaux diffus\u00e9s dans le d\u00e9partement huit jours au  \nmoins avant le d\u00e9but de l'enqu\u00eate publique, rappel\u00e9 dans les huit premiers jours de celle-ci ;\nVU les pi\u00e8ces constatant que les notifications individuelles et affichages r\u00e9glementaires ont  \n\u00e9t\u00e9 r\u00e9alis\u00e9s ;\nVU le dossier d'enqu\u00eate mis \u00e0 la disposition du public en mairie de Montclus pendant seize  \njours cons\u00e9cutifs, soit du mardi 3 d\u00e9cembre 2024 \u00e0 9 heures au mercredi 18 d\u00e9cembre 2024 \u00e0  \n12 heures et sur le site internet de la mairie de Montclus  :  www.village-montclus.fr rubrique  \nflash-info-Mairie ;\nVU le registre d\u00e9pos\u00e9 pendant toute la dur\u00e9e de l'enqu\u00eate publique en mairie de Montclus \u2013 4 \nrue neuve \u2013 30630 Montclus ;\nVU le dossier et le registre assortis du rapport d'enqu\u00eate et des conclusions du commissaire  \nenqu\u00eateur  pr\u00e9cisant  qu'elles  sont favorables  avec  r\u00e9serves  tant  \u00e0  la  d\u00e9claration  d'utilit\u00e9 \npublique  du  projet  d'am\u00e9nagement  d'une  aire  paysag\u00e8re  qu'\u00e0  la  cessibilit\u00e9  des  terrains \nn\u00e9cessaires \u00e0 la r\u00e9alisation du projet, d\u00e9pos\u00e9s en pr\u00e9fecture le 15 janvier 2025 ;\nVU ma lettre en date du 20 janvier 2025 au maire de Montclus, lui communiquant le rapport  \nd'enqu\u00eate et les conclusions motiv\u00e9es de la commissaire enqu\u00eatrice, et invitant le conseil  \nPr\u00e9fecture du Gard\n10 avenue Feuch\u00e8res \u2013 30 045 N\u00ceMES CEDEX 9\nT\u00e9l. 04 66 36 43 90\nwww.gard.gouv.fr\nPrefecture du Gard - 30-2025-02-13-00007 - Arr\u00eat\u00e9 d\u00e9clarant d'utilit\u00e9 publique l'am\u00e9nagement d'une aire paysag\u00e8re de stationnement\n sur la commune de Montclus. 60\nmunicipal \u00e0 d\u00e9lib\u00e9rer afin de lever les r\u00e9serves \u00e9mises sur le projet ;\nVU la d\u00e9lib\u00e9ration  n\u00b001  du conseil municipal de la commune de Montclus en date  du 04  \nf\u00e9vrier 2025 et le rapport produit par la commune de Montclus  en r\u00e9ponse aux r\u00e9serves  \n\u00e9mises ;\nVU le courrier de la mairie en date du 5 f\u00e9vrier 2025 sollicitant l'obtention de la d\u00e9claration  \nd'utilit\u00e9 publique du projet ;\nCONSIDERANT que l'enqu\u00eate publique est close depuis le 18 d\u00e9cembre 2024 \u00e0 12 heures, soit \ndepuis moins d'un an \u00e0 la date du pr\u00e9sent arr\u00eat\u00e9 ;\nCONSIDERANT les engagements pris par la commune de Montclus pour la lev\u00e9e des r\u00e9serves  \n\u00e9mises par la commissaire enqu\u00eatrice ;\nCONSIDERANT que l'am\u00e9nagement d'une aire paysag\u00e8re au profit de la commune, pr\u00e9sente  \nun  caract\u00e8re  d'utilit\u00e9  publique,  du  fait  notamment,  qu'elle  am\u00e9liorera  la  circulation,  le \nstationnement et la qualit\u00e9 de vie des r\u00e9sidents au coeur du village, et d'autre part, r\u00e9gulera  \nen  toute  s\u00e9curit\u00e9  le  flux  touristique  engendr\u00e9  par  son  label  \u00ab les  plus  beaux  villages  de \nFrance \u00bb tout en pr\u00e9servant l'environnement ;\nSUR PROPOSITION du secr\u00e9taire g\u00e9n\u00e9ral de la pr\u00e9fecture ;\nARRETE :\nArticle  1er :  est  d\u00e9clar\u00e9  d'utilit\u00e9  publique,  au  profit  de  la  commune  de  Montclus, \nconform\u00e9ment aux motifs et consid\u00e9rants tels que soumis \u00e0 l'enqu\u00eate publique, le projet  \nd'am\u00e9nagement d'une aire paysag\u00e8re de stationnement.\nLa commune de Montclus devra respecter ses engagements pris notamment en r\u00e9ponse aux  \nr\u00e9serves faites par la commissaire enqu\u00eatrice \u00e0 l'issue de l'enqu\u00eate publique. \nArticle 2  :  la pr\u00e9sente d\u00e9claration d'utilit\u00e9 publique deviendra caduque \u00e0 l'expiration d'un  \nd\u00e9lai  de  cinq  ans  \u00e0  compter  de  la  publication  du  pr\u00e9sent  arr\u00eat\u00e9,  ou  de  dix  ans  dans \nl'\u00e9ventualit\u00e9 de sa prorogation. Les expropriations \u00e9ventuellement n\u00e9cessaires devront \u00eatre  \nr\u00e9alis\u00e9es dans ce d\u00e9lai.\nArticle 3  :  Le maire de Montclus proc\u00e9dera \u00e0 l'affichage du pr\u00e9sent arr\u00eat\u00e9 pendant un d\u00e9lai  \nminimal d'un mois en mairie.\nArticle 5     : Les personnes int\u00e9ress\u00e9es pourront obtenir communication du rapport et des  \nconclusions motiv\u00e9es du commissaire enqu\u00eateur en s'adressant \u00e0 la mairie de la commune de  \nMontclus - 4 rue neuve \u2013 30630 Montclus. Ces documents sont \u00e9galement consultables sur le  \nsite internet des services de l'\u00c9tat dans le Gard :\nhttps://www.gard.gouv.fr/Publications/Enquetes-publiques/Projet-d-amenagement-d-une-aire-\npaysagere-de-stationnement-sur-la-commune-de-Montclus\nArticle 6  : Le pr\u00e9sent arr\u00eat\u00e9 peut faire l'objet d'un recours contentieux devant le tribunal  \nadministratif  de  N\u00eemes  dans  un  d\u00e9lai  de  deux  mois  suivant  sa  publication.  Ce  recours \ncontentieux peut \u00eatre pr\u00e9c\u00e9d\u00e9 dans ce d\u00e9lai d'un recours gracieux aupr\u00e8s du signataire de  \nl'acte  ou  d'un  recours  hi\u00e9rarchique  aupr\u00e8s  du  ministre  de  l'int\u00e9rieur.  Cette  proc\u00e9dure \nPr\u00e9fecture du Gard\n10 avenue Feuch\u00e8res \u2013 30 045 N\u00ceMES CEDEX 9\nT\u00e9l. 04 66 36 43 90\nwww.gard.gouv.fr\nPrefecture du Gard - 30-2025-02-13-00007 - Arr\u00eat\u00e9 d\u00e9clarant d'utilit\u00e9 publique l'am\u00e9nagement d'une aire paysag\u00e8re de stationnement\n sur la commune de Montclus. 61\nprolonge le d\u00e9lai de recours contentieux qui doit alors \u00eatre introduit dans les deux mois  \nsuivant la r\u00e9ponse au recours gracieux ou hi\u00e9rarchique (une absence de r\u00e9ponse vaut rejet  \nimplicite \u00e0 l'issue d'un d\u00e9lai de deux mois).\nLe tribunal administratif peut \u00eatre saisi par l'application informatique \"  T\u00e9l\u00e9recours citoyens \" \naccessible par le site Internet www.telerecours.fr.\nArticle 7 : Le secr\u00e9taire g\u00e9n\u00e9ral de la pr\u00e9fecture, le directeur d\u00e9partemental des territoires et  \nde la mer et le maire de la commune de Montclus sont charg\u00e9s, chacun en ce qui le concerne, \nde l'ex\u00e9cution du pr\u00e9sent arr\u00eat\u00e9 qui sera publi\u00e9 au recueil des actes administratifs de la  \npr\u00e9fecture et des services de l'Etat. \n                   \u00e0  N\u00eemes,\n                    Le pr\u00e9fet, \n    pour le pr\u00e9fet et par d\u00e9l\u00e9gation,\n            le secr\u00e9taire g\u00e9n\u00e9ral\nPr\u00e9fecture du Gard\n10 avenue Feuch\u00e8res \u2013 30 045 N\u00ceMES CEDEX 9\nT\u00e9l. 04 66 36 43 90\nwww.gard.gouv.fr\nPrefecture du Gard - 30-2025-02-13-00007 - Arr\u00eat\u00e9 d\u00e9clarant d'utilit\u00e9 publique l'am\u00e9nagement d'une aire paysag\u00e8re de stationnement\n sur la commune de Montclus. 62\nPrefecture du Gard\n30-2025-02-14-00002\nArr\u00eat\u00e9 donnant d\u00e9l\u00e9gation de signature \u00e0 M.\nNicolas DUBOIS, Directeur de la S\u00e9curit\u00e9 de\n'Aviation Civile Sud\nPrefecture du Gard - 30-2025-02-14-00002 - Arr\u00eat\u00e9 donnant d\u00e9l\u00e9gation de signature \u00e0 M. Nicolas DUBOIS, Directeur de la S\u00e9curit\u00e9 de\n'Aviation Civile Sud 63\n=nPREFETDU GARDLibert\u00e9Egalit\u00e9Fraternit\u00e9\nArr\u00eat\u00e9\ndonnant d\u00e9l\u00e9gation de signature \u00e0 M. Nicolas DUBOIS,\nDirecteur de la S\u00e9curit\u00e9 de l'Aviation Civile Sud\nLe pr\u00e9fet du Gard\nOfficier de la L\u00e9gion d'Honneur,\nOfficier de l'Ordre National du M\u00e9rite\nVu la sixi\u00e8me partie l\u00e9gislative et la sixi\u00e8me partie r\u00e8glementaire du code des transports ;\nVu le  d\u00e9cret  n\u00b0  60-516  du  2  juin  1960  portant  harmonisation  des  circonscriptions \nadministratives ;\nVu le  d\u00e9cret  n\u00b0  97-34  du  15  janvier  1997  relatif  \u00e0  la  d\u00e9concentration  des  d\u00e9cisions \nadministratives individuelles ;\nVu le d\u00e9cret n\u00b0 2004-374 du 29 avril 2004 relatif aux pouvoirs des pr\u00e9fets, \u00e0 l'organisation et \u00e0  \nl'action des services de l'Etat dans les r\u00e9gions et d\u00e9partements ;\nVu le d\u00e9cret n\u00b02008-1299 du 11 d\u00e9cembre 2008 modifi\u00e9 portant cr\u00e9ation de la direction de la  \ns\u00e9curit\u00e9 de l'aviation civile ;\nVu le d\u00e9cret du 13 juillet 2023 nommant M. J\u00e9r\u00f4me BONET, pr\u00e9fet du Gard ;\nVu  l'arr\u00eat\u00e9  du  18  d\u00e9cembre  2019  portant  organisation  de  la  direction  de  la  s\u00e9curit\u00e9  de \nl'aviation civile,\nVu l'arr\u00eat\u00e9 du 02 janvier 2019 nommant M. Nicolas DUBOIS, ing\u00e9nieur g\u00e9n\u00e9ral des ponts, des \neaux et des for\u00eats, directeur de la s\u00e9curit\u00e9 de l'aviation civile Sud,\nVu la d\u00e9cision du 7 d\u00e9cembre 2021 portant organisation de la direction de la s\u00e9curit\u00e9 de \nl'aviation civile Sud ;\nSur proposition du secr\u00e9taire g\u00e9n\u00e9ral de la pr\u00e9fecture du Gard,\nArr\u00eate \nArticle 1: D\u00e9l\u00e9gation est donn\u00e9e, pour ce qui concerne le d\u00e9partement du Gard, \u00e0 M.Nicolas \nDUBOIS, directeur de la s\u00e9curit\u00e9 de l'aviation civile Sud, \u00e0 l'effet de signer dans la limite de ses \nattributions :\n1) Les  d\u00e9cisions  de  d\u00e9rogations  au  niveau  minimal  de  survol  du  d\u00e9partement,  \u00e0 \nl'exclusion du survol des agglom\u00e9rations et des rassemblements de personnes et  \nd'animaux en plein air, prises en application des dispositions de l'article R.6211-4 du  \ncode des transports ;\n2) En ce qui concerne le service de sauvetage et de lutte contre l'incendie des a\u00e9ronefs  \net la pr\u00e9vention et la lutte contre le service animalier\u00a0:\na/ les d\u00e9cisions de d\u00e9livrance, suspension ou retrait des agr\u00e9ments des personnels  \ncharg\u00e9s du service de sauvetage et de lutte contre l'incendie pr\u00e9vus \u00e0 l'article D.  \n6332-14 du code des transports \nb/ les d\u00e9cisions pr\u00e9vues aux articles D. 6332-32, D. 6332-33, D. 6332-35, D. 6332-38, D. \n6332-47 \u00e0 D. 6332-51 du code des transports, en mati\u00e8re de pr\u00e9vention du risque  \nPrefecture du Gard - 30-2025-02-14-00002 - Arr\u00eat\u00e9 donnant d\u00e9l\u00e9gation de signature \u00e0 M. Nicolas DUBOIS, Directeur de la S\u00e9curit\u00e9 de\n'Aviation Civile Sud 64\nanimalier r\u00e9gi aux sections 3 et 4 du chapitre II du titre III du livre III de la sixi\u00e8me  \npartie du code des transports ; \n3) Les  autorisations  pr\u00e9vues,  d'une  part,  au  2\u00b0  de  l'article R.  6351-12  du  code  des \ntransports, concernant les installations et \u00e9quipements concourant \u00e0 la s\u00e9curit\u00e9 de la \nnavigation a\u00e9rienne et du transport a\u00e9rien public et, d'autre part, au 2\u00b0 de l'article R.  \n6351-13 du m\u00eame code, concernant des constructions ou installations n\u00e9cessaires \u00e0 la \nconduite  de  travaux  dans  une  zone  grev\u00e9e  de  servitudes  a\u00e9ronautiques  de \nd\u00e9gagement ;\n4) Les d\u00e9cisions de d\u00e9livrance, de refus, de retrait et le cas \u00e9ch\u00e9ant de suspension,  \nd'une part, des autorisations d'acc\u00e8s au c\u00f4t\u00e9 piste des a\u00e9rodromes pr\u00e9vues \u00e0 l'article \nR.6342-14 du code des transports et, d'autre part, des titres de circulation pr\u00e9vus aux \narticles R.6342-24 et R.6342-25 du m\u00eame code ;\n5) En application du 2\u00b0 des articles R. 6342-8 et R. 6342-9 du code des transports, les  \nd\u00e9cisions de d\u00e9livrance, de suspension, de retrait ou imposant des restrictions ou  \nactions  correctives  d'exploitation  de  l'agr\u00e9ment  de  s\u00fbret\u00e9  des  exploitants  \nd'a\u00e9rodrome pr\u00e9vu aux articles R. 6342-1, R. 6342-2 et R. 6342-3 du m\u00eame code.\nArticle 2     :   En cas d'absence ou d'indisponibilit\u00e9 de M. Nicolas DUBOIS, d\u00e9l\u00e9gation est consen-\ntie aux agents plac\u00e9s sous son autorit\u00e9 dans les limites de leurs attributions, \u00e0 l'effet de signer  \nles actes ou d\u00e9cisions pr\u00e9vues \u00e0 l'article 1er suivants :\n- Mme R\u00e9jane LAVENAC, adjointe charg\u00e9e des affaires techniques\n- Mme Fr\u00e9d\u00e9rique MELOUS, chef de cabinet\n- M. Samy MEDANI, chef de la division op\u00e9ration a\u00e9riennes, pour les actes mentionn\u00e9s au \nn\u00b01\n-  Mme B\u00e9atrice QUENIN , chef de la division a\u00e9roports et navigation a\u00e9rienne, pour les  \nactes mentionn\u00e9s aux n\u00b0 2\n- M. Arnaud DENAES, chef de la division r\u00e9gulation et d\u00e9veloppement durable, pour les  \nactes mentionn\u00e9s aux n\u00b03\n- M. St\u00e9phane GAUTRON, chef de la subdivision r\u00e9gulation a\u00e9roportuaire, pour les actes  \nmentionn\u00e9s au n\u00b0 3, relevant de l'article R.6351-13\n- M. Fabien VALLEE, chef de la division s\u00fbret\u00e9, et M. Cyril HENNION, adjoint \u00e0 la chef de \ndivision s\u00fbret\u00e9, pour les actes mentionn\u00e9s aux n\u00b0 4 et 5\n- Mme Corine BARTHES, Mme G\u00e9raldine CHARPENTIER, Mme Florence DORTINDEGUEY, \nM. Fran\u00e7ois GAUDICHEAU et Mme Val\u00e9rie KNOLL, inspecteurs de surveillance, Mme So-\nphie GUILBERT, secr\u00e9taire de direction, ainsi que Mme Sylvie VALETTE, assistante de di-\nrection pour les actes mentionn\u00e9s au n\u00b0 4,\nLa signature du d\u00e9l\u00e9gataire et sa qualit\u00e9 devront \u00eatre pr\u00e9c\u00e9d\u00e9es de la mention suivante : \n\u00ab pour le pr\u00e9fet du Gard et par d\u00e9l\u00e9gation \u00bb.\nArticle  3  : Toutes  dispositions  ant\u00e9rieures  relatives  \u00e0  une  d\u00e9l\u00e9gation  de  signature  sont \nabrog\u00e9es.\nArticle 4     :   Le secr\u00e9taire g\u00e9n\u00e9ral de la pr\u00e9fecture et le directeur de la s\u00e9curit\u00e9 de l'aviation  \ncivile Sud sont charg\u00e9s, chacun en ce qui les concerne, de l'ex\u00e9cution du pr\u00e9sent arr\u00eat\u00e9 qui  \nsera publi\u00e9 au recueil des actes administratifs de la pr\u00e9fecture du Gard.\nN\u00eemes, le 14 f\u00e9vrier 2025\nLe pr\u00e9fet,\n                                           \nsign\u00e9\n  J\u00e9r\u00f4me BONET\nPrefecture du Gard - 30-2025-02-14-00002 - Arr\u00eat\u00e9 donnant d\u00e9l\u00e9gation de signature \u00e0 M. Nicolas DUBOIS, Directeur de la S\u00e9curit\u00e9 de\n'Aviation Civile Sud 65\nPrefecture du Gard\n30-2025-02-14-00003\nArr\u00eat\u00e9 N\u00b0 2025/04 - PREF30/SR du 14 f\u00e9vrier 2025\nportant r\u00e9glementation temporaire de la\ncirculation sur les autoroutes A9 et A54\nPrefecture du Gard - 30-2025-02-14-00003 - Arr\u00eat\u00e9 N\u00b0 2025/04 - PREF30/SR du 14 f\u00e9vrier 2025 portant r\u00e9glementation temporaire de la\ncirculation sur les autoroutes A9 et A54 66\n| | mel Cabinet du pr\u00e9fet\u00c9 ellule s\u00e9curit\u00e9 routi\u00e8rePREFETDU GARDLibert\u00e9\u00c9galit\u00e9Fraternit\u00e9\nARR\u00caT\u00c9 N\u00b0 2025/04 \u2014 PREF30/SRportant r\u00e9glementation temporaire de la circulation sur les autoroutes A9 et A54Le pr\u00e9fet du GardChevalier de la L\u00e9gion d'Honneur,Chevalier de l'Ordre National du M\u00e9rite\nVu le Code de la route et notamment les articles R 411-8, R.411-8-1, R411-9 et R 411-21-1 et R.411-25 ;Vu le Code de la voirie routi\u00e9re ;Vu la loi n\u00b0 55.435 du 18 avril 1955 modifi\u00e9e portant statut des autoroutes ;Vu le d\u00e9cret n\u00b0 561425 du 27 d\u00e9cembre 1956 portant r\u00e9glement d'administration publique pourl'application de la loi n\u00b0 55.435 du 18 avril 1955 sur le statut des autoroutes ;Vu le d\u00e9cret du 29 d\u00e9cembre 1997 approuvant le quatri\u00e8me avenant \u00e0 la convention pass\u00e9e le 10 janvier1992 entre l'\u00c9tat et Autoroutes du sud de la France, en vue de la concession, de la construction, del'entretien et de l'exploitation de l'autoroute A9 Orange - Le Perthus et de l'autoroute A54 ;Vu l'arr\u00eat\u00e9 du 24 novembre 1967 relatif \u00e0 la signalisation temporaire des routes et autoroutes et les textessubs\u00e9quents qui l'ont modifi\u00e9 ;Vu le d\u00e9cret du 13 juillet 2023 nommant M. J\u00e9r\u00f4me BONET pr\u00e9fet du Gard ;Vu l'arr\u00eat\u00e9 30-2024-10-18-00009 du 18 octobre donnant d\u00e9l\u00e9gation de signature \u00e0 Mme Marie- CharlotteEUVRARD, sous-pr\u00e9f\u00e8te, directrice de cabinet du pr\u00e9fet du Gard;Vu l'arr\u00eat\u00e9 30-2024-309-01 du 4 novembre 2024 donnant subd\u00e9l\u00e9gation de signature \u00e0 M. PierreBEHAEGHEL, coordinateur S\u00e9curit\u00e9 routi\u00e8re, responsable de la cellule S\u00e9curit\u00e9 routi\u00e8re ;Vu l'arr\u00eat\u00e9 N\u00b0 2025/01 - PREF30/SR du 20 janvier 2025 portant r\u00e9glementation temporaire de lacirculation sur les autoroutes A9 et A54;Vu la note technique du 14 avril 2016 (NOR : DEVT1606917N), relative \u00e0 la coordination des chantiers dur\u00e9seau routier national (RRN) ;Vu la demande en date du 11 f\u00e9vrier 2025, de la Soci\u00e9t\u00e9 des Autoroutes du Sud de la France \u00e0 Narbonne,District de Gallargues, indiquant que la mise en conformit\u00e9 du dispositif de retenue sur le PS 550 dans les2 sens de circulation, entra\u00eenent des restrictions de circulation sur ces autoroutes ;Vu la consultation pour avis de la Direction G\u00e9n\u00e9rale des Infrastructures, des Transports et des Mobilit\u00e9sen date du 11 f\u00e9vrier 2025 ;Vu l'avis favorable du commandant de gendarmerie d\u00e9partementale du Gard en date du 12 f\u00e9vrier 2025 ;Vu l'avis favorable du gestionnaire des routes nationales (DIRMED) en date du 11 f\u00e9vrier 2025 :H\u00f4tel de la Pr\u00e9fecture10 avenue Feuch\u00e8res - 30 045 NIMES CEDEX 9T\u00e9l. : 04 66 36 43 90www.gard.gouv.fr 1/4\nPrefecture du Gard - 30-2025-02-14-00003 - Arr\u00eat\u00e9 N\u00b0 2025/04 - PREF30/SR du 14 f\u00e9vrier 2025 portant r\u00e9glementation temporaire de la\ncirculation sur les autoroutes A9 et A54 67\nVu l'avis favorable du gestionnaire des routes d\u00e9partementales (CD30) en date du 11 f\u00e9vrier 2025 ;Consid\u00e9rant qu'il importe, en cons\u00e9quence, de prendre toutes les dispositions en vue d'assurer las\u00e9curit\u00e9 des usagers ainsi que celle des entreprises charg\u00e9es des travaux, tout en r\u00e9duisant au minimumles entraves \u00e0 la circulation.Consid\u00e9rant qu'une r\u00e9paration non pr\u00e9vue au niveau du PS 550 n\u00e9cessite une prolongation des travauxautoris\u00e9s par l'arr\u00eat\u00e9 N\u00b0 2025/01 \u2014 PREF30/SR du 20 janvier 2025;Sur proposition de la directrice de cabinet du pr\u00e9fet du Gard :ARR\u00caTEARTICLE 1 : TravauxPour permettre la mise en conformit\u00e9 des dispositifs de retenue sur l'ouvrage du PS 550 dans les 2 sensde circulation, la soci\u00e9t\u00e9 Autoroutes du Sud de la France, Direction Languedoc Roussillon, District deGallargues doit proc\u00e9der \u00e0 la mise en place de restriction de circulation.Les travaux concernent le d\u00e9partement du Gard sur la commune de N\u00eemes.ARTICLE 2 : Mode d'exploitationAfin de r\u00e9tablir la signalisation horizontale permanente, de d\u00e9poser les SMV en protection de chantierainsi que les \u00e9crans de protection en rives de tabliers des restrictions de circulation sont n\u00e9cessaires sui-vant le planning en plus des fermetures pr\u00e9vues dans l'arr\u00eat\u00e9 permanent :>>\nVV V\nD\u00e9pose \u00e9crans de protection en rive de tablier A9 Sens 1Pose solins et \u00e9tanch\u00e9it\u00e9 sur longrine DRe 2 nuits du lundi 17/02/2025 au mercredi 19/02/2025 de 21h a O5h:o Fermeture partielle de l'\u00e9changeur n\u00b0 25 Nimes Ouest :=\" Fermeture bretelle A54 Sens 1 depuis A9 Sens 1D\u00e9pose \u00e9crans de protection en rive de tablier A9 Sens 2Pose solins + \u00e9tanch\u00e9it\u00e9 sur longrine DRe 2 nuits du lundi 03/03/2025 au mercredi 05/03/2025 de 21h \u00e0 O5h:o Fermeture partielle de l'\u00e9changeur n\u00b0 25 Nimes Ouest :\u00bb Fermeture bretelle de sortie A9 Sens 2=\" Fermeture bretelle entr\u00e9e A9 Sens 2Remise en \u00e9tat initial sur PS 550-2 (D\u00e9pose SMV + DR hors OA + Signalisation horizontale et verti-cale)e 2 nuits Du mercredi 05/03/2025 au vendredi 07/03/2025 de 21h \u00e0 O5h:o Fermeture partielle de l'\u00e9changeur n\u00b0 25 N\u00eemes Ouest :\" Fermeture bretelle entr\u00e9e A9 Sens 2\" Fermeture bretelle A54 Sens 1 depuis A9 Sens 1=\" Fermeture bretelle entr\u00e9e A54 Sens 1D\u00e9pose \u00e9crans de protection en rive de tablier A9 Sens 2.Pose solinse Nuit du lundi 14/04/2025 au mardi 15/04/2025 de 21h \u00e0 O5h:o Fermeture partielle de l'\u00e9changeur n\u00b0 25 Nimes Ouest :\u00ab Fermeture bretelle de sortie A9 Sens 2\" Fermeture bretelle entr\u00e9e A9 Sens 2D\u00e9pose \u00e9crans de protection en rive de tablier A9 Sens 2.Pose solinsRemise en \u00e9tat initial sur PS 550-1 (D\u00e9pose SMV) 2/4\nPrefecture du Gard - 30-2025-02-14-00003 - Arr\u00eat\u00e9 N\u00b0 2025/04 - PREF30/SR du 14 f\u00e9vrier 2025 portant r\u00e9glementation temporaire de la\ncirculation sur les autoroutes A9 et A54 68\ne Nuit du mardi 15/04/2025 au mercredi 16/04/2025 de 21h a OSh:o Fermeture partielle de l'\u00e9changeur n\u00b0 25 Nimes Ouest :\u00bb Fermeture bretelle de sortie A9 Sens 2s Fermeture bretelle entr\u00e9e A9 Sens 2= Fermeture bretelle sortie A54 Sens 2\n> Remise en \u00e9tat initial sur PS 550-1 (Signalisation horizontale et verticale)e Nuit du mercredi 16/04/2025 au jeudi 17/04/2025 de 21h \u00e0 OSh:o Fermeture partielle de l'\u00e9changeur n\u00b0 25 Nimes Ouest := Fermeture bretelle sortie A9 Sens 2\" Fermeture bretelle sortie A54 Sens 2\nLa date de fin de travaux pourra \u00eatre prolong\u00e9e d'une semaine, soit jusqu'au 25 avril 2025.En cas d'avance sur une phase, les travaux de la phase suivante pourront d\u00e9buter d\u00e8s |' ach\u00e8vement de lapr\u00e9c\u00e9dente.En cas d'al\u00e9as technique ou contraintes m\u00e9t\u00e9orologiques, les dates des diff\u00e9rentes phases pourront \u00eatremodifi\u00e9es.\nARTICLE 3 : Calendrier des travauxLa dur\u00e9e pr\u00e9visionnelle des travaux \u00e9tait de 21 semainesD\u00e9but des travaux le lundi 14/10/2024 phase 1Fin des travaux le mardi 07/03/2025L'objet de cet arr\u00eat\u00e9 est un d\u00e9lai suppl\u00e9mentaire demand\u00e9 pour une fin des travaux au 17/04/2025 pourle PS 550-1ARTICLE 4 : Itin\u00e9raires de d\u00e9viationFermeture partielle \u00e9changeur N\u00b025 N\u00eemes OuestFermeture bretelle A54 Sens 1 depuis A9 Sens 1:Les Usagers d\u00e9sirant se rendre en direction \u00e0 Arles peuvent sortir \u00e0 l'\u00e9changeur de N\u00eemes-Est n\u00b024,suivre la D6086 en direction d'Avignon, puis la RD135 en direction de Montpellier, la D6113, laD442 et la D442A pour rejoindre l'autoroute A54 \u00e0 l'\u00e9changeur n\u00b0 2 de Nimes Garons en directiond'ArlesFermeture bretelle de sortie A9 Sens 2 :Les Usagers en provenance de Montpellier d\u00e9sirant sortir \u00e0 l'\u00e9changeur n\u00b0 25 de Nimes Ouestpeuvent le faire sur l'autoroute A54 \u00e0 l'\u00e9changeur n\u00b0 1 de Nimes Centre.Fermeture bretelle entr\u00e9e A9 Sens 2 :Les usagers d\u00e9sirant emprunter l'autoroute en direction d'Orange peuvent le faire \u00e0 l'\u00e9changeur n\u00b024 Nimes Est sur l'autoroute A9Fermeture bretelle sortie A54 Sens 2 :Les usagers en provenance d'Arles d\u00e9sirant sortir \u00e0 l'\u00e9changeur n\u00b0 25 de Nimes Ouest peuvent lefaire sur l'autoroute A54 \u00e0 l'\u00e9changeur n\u00b0 1 de Nimes Centre.Fermeture 'bretelle entr\u00e9e A54 Sens 1:Les usagers d\u00e9sirant emprunter l'autoroute en direction d'Arles peuvent le faire \u00e0 l'\u00e9changeur n\u00b0 1de N\u00eemes Centre sur l'autoroute A54.\n3/4\nPrefecture du Gard - 30-2025-02-14-00003 - Arr\u00eat\u00e9 N\u00b0 2025/04 - PREF30/SR du 14 f\u00e9vrier 2025 portant r\u00e9glementation temporaire de la\ncirculation sur les autoroutes A9 et A54 69\nARTICLE 5: Suivi des signalisations et S\u00e9curit\u00e9La signalisation aff\u00e9rente aux travaux d\u00e9finis a l'article 2 du pr\u00e9sent arr\u00e9t\u00e9 est mise en place parAutoroutes du Sud de la France, conform\u00e9ment \u00e0 la r\u00e9glementation en vigueur relative \u00e0 la signalisationtemporaire sur autoroutes.En plus des signalisations d\u00e9finies ci-dessus, l'entreprise charg\u00e9e de l'ex\u00e9cution des travaux prend toutesles mesures de protection et de signalisation utiles sous le contr\u00f4le des Autoroutes du Sud de la France etde la gendarmerie autorouti\u00e9re (Peloton de Gallargues).Le jalonnement des d\u00e9viations d\u00e9finies \u00e0 l'article 4 du pr\u00e9sent arr\u00eat\u00e9 est mis en place par ASF ou sonpartenaire et sera maintenu pendant toute la dur\u00e9e des travaux.\nARTICLE 6 : Information des usagersL'information des usagers est effectu\u00e9e :- par affichage de messages sur les panneaux \u00e0 messages variables \u00ab PMV\u00bb en section courante, et\u00ab PMVA \u00bb en acc\u00e8s d'autoroute,- par diffusion d'information en temps r\u00e9el sur Radio Vinci Autoroutes 1077 MHz.\nARTICLE 7 : D\u00e9rogationR\u00e9duction momentan\u00e9e de capacit\u00e9 d'\u00e9coulement du trafic par rapport \u00e0 la demande pr\u00e9visible detrafic pendant certains jours et pour certaines plages horaires.Limitation de vitesse \u00e0 30km/h sur les voies franchissant les ouvrages 550-1 et 550-2 du 15/10/2024 au14/04/2025.L'inter distance, entre le chantier objet du pr\u00e9sent dossier d'exploitation et tout autre chantier n\u00e9cessaire\u00e0 l'entretien de l'autoroute, est ramen\u00e9e \u00e0 O km.\nARTICLE 8 : RecoursLe pr\u00e9sent arr\u00eat\u00e9 peut faire l'objet d'un recours administratif aupr\u00e8s du pr\u00e9fet du Gard (pr\u00e9fecture du Gard30045 Nimes Cedex 9), d'un recours hi\u00e9rarchique adress\u00e9 \u00e0 Monsieur le ministre de l'Int\u00e9rieur - place Beauvau75 800 Paris) ou d'un recours contentieux devant le tribunal administratif de N\u00eemes, dans un d\u00e9lai de deux moissuivant sa publication. Le tribunal administratif peut aussi \u00eatre saisi par l'application informatique \"T\u00e9l\u00e9recoursCitoyens\" accessible par le site internet www.telerecours.fr\nARTICLE 9 :La directrice de cabinet du pr\u00e9fet du Gard, le colonel commandant le groupement de gendarmerie duGard, le maire de la commune de N\u00eemes, le directeur r\u00e9gional Languedoc-Roussillon des Autoroutes duSud de la France \u00e0 Narbonne, les directeurs d'entreprises charg\u00e9es de la ma\u00eetrise d'\u0153uvre et/ou destravaux, sont charg\u00e9s, chacun en ce qui le concerne, de l'ex\u00e9cution du pr\u00e9sent arr\u00eat\u00e9, dont copie estadress\u00e9e, pour information, \u00e0 la DIR M\u00e9diterran\u00e9e district Rh\u00f4ne-C\u00e9vennes et \u00e0 FCA.N\u00eemes, le 1 5 FEV. 2625Pout\u00e9\u00e6pr\u00e9fet et par d\u00e9l\u00e9gation /Pour le directeur de cabin\u00eat dy pr\u00e9fet,Le responsable de la cellule 2cunis fit\u00e9'routi\u00e8re,Coordinateur S\u00e9curit\u00e9 Rd\u00fbti\u00e8reJ,7 Cd 4/4Pi\u00e9rre BEHAEGHEL\nPrefecture du Gard - 30-2025-02-14-00003 - Arr\u00eat\u00e9 N\u00b0 2025/04 - PREF30/SR du 14 f\u00e9vrier 2025 portant r\u00e9glementation temporaire de la\ncirculation sur les autoroutes A9 et A54 70\nPrefecture du Gard\n30-2025-02-07-00002\nArr\u00eat\u00e9 pr\u00e9fectoral autorisant l'enregistrement\naudiovisuel des interventions des agents de la\npolice municipale de Bezouce\nPrefecture du Gard - 30-2025-02-07-00002 - Arr\u00eat\u00e9 pr\u00e9fectoral autorisant l'enregistrement audiovisuel des interventions des agents de\nla police municipale de Bezouce 71\n| | CabinetPREFET Direction des S\u00e9curit\u00e9sDU GARD Service de l'Animation desFa | PolitiquesFraternit\u00e9 de S\u00e9curit\u00e9 Int\u00e9rieureBureau des Polices AdministrativesN\u00b0 15 /2025 Arr\u00eat\u00e9 n\u00b02025 - O 38-003autorisant l'enregistrement audiovisuel des interventionsdes agents de la police municipale de BezouceLe pr\u00e9fet du Gard,Chevalier de la L\u00e9gion d'honneur,Chevalier de l'ordre national du M\u00e9rite,Vu le code de la s\u00e9curit\u00e9 int\u00e9rieure, notamment ses articles L. 241-2, L. 512-2, L. 513-1et R241-8 a R241-17 ;Vu la loi n\u00b0 78-17 du 6 janvier 1978 modifi\u00e9e relative \u00e0 l'informatique, aux fichiers etaux libert\u00e9s ;Vu le d\u00e9cret n\u00b0 2022-1395 du 2 novembre 2022 modifiant les dispositions du code des\u00e9curit\u00e9 int\u00e9rieure relatives aux traitements de donn\u00e9es a caract\u00e9re personnelprovenant des cam\u00e9ras individuelles des agents de la police municipale ;Vu le d\u00e9cret du 13 juillet 2023 nommant Monsieur J\u00e9r\u00f4me BONET, pr\u00e9fet du Gard ;Vu l'arr\u00eat\u00e9 pr\u00e9fectoral n\u00b030-2024-10-18-00009 du 18 octobre 2024 donnant d\u00e9l\u00e9gationde signature \u00e0 Madame Marie-Charlotte EUVRARD, sous-pr\u00e9f\u00e8te, directrice de cabinetdu pr\u00e9fet du Gard;Vu l'arr\u00eat\u00e9 pr\u00e9fectoral n\u00b0 30-2024-11-28-00004 du 28 novembre 2024 donnantd\u00e9l\u00e9gation de signature \u00e0 Monsieur Franck LACOSTE, directeur des s\u00e9curit\u00e9s,directeur de cabinet adjoint du pr\u00e9fet du Gard ;Vu la demande adress\u00e9e le 28 novembre 2024 par le maire de la commune deBezouce, en vue d'obtenir l'autorisation de proc\u00e9der \u00e0 l'enregistrement audiovisueldes interventions du ou des agents de police municipale de sa commune ;Vu la convention communale de coordination de la police municipale et des forcesde s\u00e9curit\u00e9 de l'Etat sign\u00e9e entre le maire de la commune de Bezouce, le pr\u00e9fet duGard et la procureure de la R\u00e9publique pr\u00e8s le tribunal judiciaire de Nimes endate du 10 novembre 2023;Consid\u00e9rant que la demande transmise par la mairie de la commune de Bezouce estcomplete et conforme aux exigences du d\u00e9cret du 2 novembre 2022 susvis\u00e9 ;Sur proposition de la directrice de cabinet du pr\u00e9fet du Gard,Arr\u00eate :Article 1: L'enregistrement audiovisuel des interventions des agents de policemunicipale de la commune de Bezouce, est autoris\u00e9 au moyen d'une cam\u00e9raindividuelle.\nH\u00f4tel de la Pr\u00e9fecture - 10 avenue Feuch\u00e9res \u2014 30045 NIMES CEDEX 9T\u00e9l : 0.820.09.11.72 (0,118 \u20ac / minute depuis une ligne fixe) \u2014 Fax : 04.66.36.00.87 - www.gard.gouv.fr\nPrefecture du Gard - 30-2025-02-07-00002 - Arr\u00eat\u00e9 pr\u00e9fectoral autorisant l'enregistrement audiovisuel des interventions des agents de\nla police municipale de Bezouce 72\n2/3Article 2: Dans l'exercice de leurs missions de pr\u00e9vention des atteintes \u00e0 l'ordrepublic et de protection de la s\u00e9curit\u00e9 des personnes et des biens ainsi que de leursmissions de police judiciaire, les agents de police municipale de la commune deBezouce sont autoris\u00e9s \u00e0 proc\u00e9der en tous lieux, au moyen de cam\u00e9ras individuelles, \u00e0un enregistrement audiovisuel de leurs interventions lorsque se produit ou estsusceptible de se produire un incident, eu \u00e9gard aux circonstances de l'interventionO\u00d9 au comportement des personnes concern\u00e9es.Article 3: L'enregistrement n'est pas permanent. Les enregistrements ont pourfinalit\u00e9s la pr\u00e9vention des incidents au cours des interventions des agents de policemunicipale, le constat des infractions et la poursuite de leurs auteurs par la collectede preuves ainsi que la formation et la p\u00e9dagogie des agents.Article 4 : Le public est inform\u00e9 de l'\u00e9quipement des agents de police municipale de lacommune de Bezouce, de cam\u00e9ras individuelles et des modalit\u00e9s d'acc\u00e8s aux imagespr\u00e9vues au d\u00e9cret du 2 novembre 2022 susvis\u00e9.Article 5: Les cam\u00e9ras sont port\u00e9es de fa\u00e7on apparente par les agents. Un signalvisuel. sp\u00e9cifique indique si la cam\u00e9ra enregistre. Le d\u00e9clenchement del'enregistrement fait l'objet d'une information des personnes film\u00e9es, sauf si lescirconstances l'interdisent. |Article 6: Lorsque les agents de police municipale ont proc\u00e9d\u00e9 \u00e0 l'enregistrementd'une intervention, les donn\u00e9es enregistr\u00e9es par les cam\u00e9ras individuelles sonttransf\u00e9r\u00e9es sur un support informatique s\u00e9curis\u00e9 d\u00e8s leur retour au service.Les enregistrements ne peuvent \u00eatre consult\u00e9s qu'\u00e0 l'issue de l'intervention et apr\u00e8sleur transfert sur le support informatique s\u00e9curis\u00e9. Aucun syst\u00e8me de transmissionpermettant de visionner les images \u00e0 distance en temps r\u00e9el ne peut \u00eatre mis en\u0153uvre.Article 7: Le responsable du service de la police municipale et les agents de policemunicipale individuellement d\u00e9sign\u00e9s et habilit\u00e9s par le responsable du service ontseuls acc\u00e8s aux donn\u00e9es et informations enregistr\u00e9es dans les traitements. Cespersonnes sont seules habilit\u00e9es \u00e0 proc\u00e9der \u00e0 l'extraction des donn\u00e9es etinformations enregistr\u00e9es pour les besoins exclusifs d'une proc\u00e9dure judiciaire,administrative ou disciplinaire ou dans le cadre d'une action de formation ou dep\u00e9dagogie des agents.Article 8: Les enregistrements sont conserv\u00e9s pendant une dur\u00e9e d'un mois \u00e0compter du jour de leur enregistrement. Au terme de ce d\u00e9lai, les donn\u00e9es sonteffac\u00e9es automatiquement des traitements, hors le cas o\u00f9 elles sont utilis\u00e9es dans lecadre d'une proc\u00e9dure judiciaire, administrative ou disciplinaire. Le supportinformatique s\u00e9curis\u00e9 est autoris\u00e9 dans les locaux de la police municipale de lacommune de Bezouce.Article 9 : La pr\u00e9sente autorisation est publi\u00e9e au recueil des actes administratifs de lapr\u00e9fecture. Elle peut faire l'objet d'un recours devant le tribunal administratif deN\u00eemes, dans un d\u00e9lai de deux mois, \u00e0 compter de sa publication. Le tribunaladministratif peut aussi \u00eatre saisi par l'application informatique \"TelerecoursCitoyens\" accessible par le site internet www.telerecours.fr.Article 10 : Toute modification portant sur le nombre de cam\u00e9ras individuelles doitfaire l'objet d'une demande d'autorisation aupr\u00e8s des services pr\u00e9fectoraux.\nPrefecture du Gard - 30-2025-02-07-00002 - Arr\u00eat\u00e9 pr\u00e9fectoral autorisant l'enregistrement audiovisuel des interventions des agents de\nla police municipale de Bezouce 73\n3/3Article 11: La directrice de cabinet du pr\u00e9fet du Gard et le maire de la commune deBezouce sont charg\u00e9s de l'ex\u00e9cution du pr\u00e9sent arr\u00eat\u00e9 dont copie sera adress\u00e9e aucommandant du groupement de gendarmerie du Gard,Nimes, le 9 7 FEV, 2025\nLe poefaty, aa)- Cabinet\u00c0\nPrefecture du Gard - 30-2025-02-07-00002 - Arr\u00eat\u00e9 pr\u00e9fectoral autorisant l'enregistrement audiovisuel des interventions des agents de\nla police municipale de Bezouce 74\nPrefecture du Gard\n30-2025-02-05-00006\n250205 AP Tours Matisse\nPrefecture du Gard - 30-2025-02-05-00006 - 250205 AP Tours Matisse 75\nCabinet du pr\u00e9feta . Direction des s\u00e9curit\u00e9sDU GARD | | SIDPCLibert\u00e9Faur\u00e9Prafsrute\nARR\u00caT\u00c9 PR\u00c9FECTORAL N\u00b02025-02-011 DU 5 F\u00c9VRIER 2025INSTAURANT UN PERIMETRE DE S\u00c9CURIT\u00c9 DANS LE CADRE DE L'OPERATION DEDEMOLITION PAR FOUDROYAGE DES DEUX TOURS MATISSE (ANCIEN CROUS)SITUEES AU 1, RUE MATISSE A NIMES\nLe pr\u00e9fet du GardChevalier de la L\u00e9gion d'Honneur,Chevalier de l'Ordre National du M\u00e9rite,\nVu le Code de la S\u00e9curit\u00e9 Int\u00e9rieure, notamment les articles L733-1 et L733-2 ;Vu le Code G\u00e9n\u00e9ral des Collectivit\u00e9s Territoriales, notamment l'article L2215-1 ;Vu le Code P\u00e9nal, notamment les articles L223-1 et R. 610-5 ;Vu le d\u00e9cret du 13 juillet 2023 nommant M. J\u00e9r\u00f4me BONET, pr\u00e9fet du Gard;Vu le d\u00e9cret du 9 octobre 2024 nommant Mme Marie-Charlotte EUVRARD, directricede cabinet du pr\u00e9fet du Gard;Vu le permis de d\u00e9molir n\u00b0 PD 030 189 23P0013 d\u00e9livr\u00e9 par le pr\u00e9fet le 23 ao\u00fbt 2023 ;\nCONSID\u00c9RANT l'op\u00e9ration de d\u00e9molition par foudroyage des deux tours de l'anciennecit\u00e9 universitaire Matisse situ\u00e9e au 1, rue Matisse \u00e0 Nimes (30 000) pr\u00e9vue le dimanche 6avril 2025 et conduite sous la ma\u00eetrise d'ouvrage de l'\u00c9tablissement Public Foncierd'Occitanie ;CONSID\u00c9RANT la proximit\u00e9 des deux tours avec certains immeubles d'habitations, descommerces, des \u00e9quipements publics et des voiries ;CONSID\u00c9RANT que pour prot\u00e9ger les riverains de tout danger, cette d\u00e9molitionn\u00e9cessite, le jour de l'intervention, l'\u00e9tablissement d'un p\u00e9rim\u00e8tre de s\u00e9curit\u00e9 etl'\u00e9vacuation des personnes pr\u00e9sentes dans cette zone ;SUR proposition de Madame la directrice de cabinet de la pr\u00e9fecture,\nPrefecture du Gard - 30-2025-02-05-00006 - 250205 AP Tours Matisse 76\nARRETEARTICLE 1: d\u00e9finition du p\u00e9rim\u00e9tre de s\u00e9curit\u00e9Dans le cadre de l'op\u00e9ration de d\u00e9molition par foudroyage des deux tours de l'an-cienne Cit\u00e9 Universitaire Matisse, sises au 1, rue Matisse \u00e0 Nimes (30 000), un p\u00e9rim\u00e8trede s\u00e9curit\u00e9 est mis en place conform\u00e9ment au plan en annexe du pr\u00e9sent arr\u00eat\u00e9.ARTICLE 2 : acc\u00e8s au p\u00e9rim\u00e8treIl est interdit \u00e0 toute personne non autoris\u00e9e le dimanche 6 avril 2025 d\u00e8s 7h00.Les personnes autoris\u00e9es \u00e0 \u00eatre dans la zone seront munies d'un badge ou d'uneautorisation individuelle d\u00e9livr\u00e9 par l'\u00c9tablissement Public Foncier d'Occitanie et/ou lepr\u00e9fet.ARTICLE 3 : \u00e9vacuation des populationsLes habitants de la zone devront avoir quitt\u00e9 le p\u00e9rim\u00e8tre de s\u00e9curit\u00e9 au plus tard \u00e09h00. Ceux encore pr\u00e9sents au-del\u00e0 de cet horaire seront \u00e9vacu\u00e9s si besoin avec leconcours de la force publique.ARTICLE 4 : r\u00e9int\u00e9gration dans le p\u00e9rim\u00e8treLe dispositif sera lev\u00e9 sur ordre du Pr\u00e9fet ou de son repr\u00e9sentant.ARTICLE 5 : voies de recoursLe pr\u00e9sent arr\u00eat\u00e9 peut faire l'objet d'un recours administratif gracieux aupr\u00e8s de ~Monsieur le pr\u00e9fet du Gard (pr\u00e9fecture du Gard 30045 NIMES cedex 9), d'un recourshi\u00e9rarchique adress\u00e9 \u00e0 Monsieur le ministre de l'Int\u00e9rieur \u2014 place Beauvau 75800 PARIS_ ou d'un recours contentieux devant le tribunal administratif de Nimes, dans un d\u00e9laide deux mois suivant sa publication. Le tribunal administratif peut \u00eatre saisi parl'application informatique \u00ab T\u00e9l\u00e9recours Citoyens\u00bb accessible par le site internetwww.telerecours.fr.ARTICLE 6: ex\u00e9cutionLa sous-pr\u00e9f\u00e8te, directrice de cabinet du pr\u00e9fet, le directeur interd\u00e9partemental de lapolice nationale, le maire de la commune de Nimes et l'\u00e9tablissement public foncierOccitanie, sont charg\u00e9s, chacun en ce qui le concerne, de l'ex\u00e9cution du pr\u00e9sent arr\u00eat\u00e9qui sera publi\u00e9 au recueil des actes administratif de la pr\u00e9fecture du Gard.= \u00a7 FEV, ?0:Nimes, le 7.6 FEV. 2025Our le pr\u00e9fet ' umJa sous-pr\u00e9f\u00e8teDifestrice de Cabinet\nfe EUVRARD\n2/2\nPrefecture du Gard - 30-2025-02-05-00006 - 250205 AP Tours Matisse 77\n\u2014 \u2014 | 7wool SZ os Se 0 =0082/1: 493& HOALOD Vv pul oZ02/bO/LLayepsNUeAgId 919591 ep Je 93snfeanbi09y} s}1n99s ep sesewued :odiouniqassijey oni | sissinealiejxe so9edse sap joSJueu}eq Sep UO}/OWEGOSSHEN 919 - (0\u20ac) SININ___O3BQ |31A\u00f180.P HIER aBesano,p SNIENsesuda1juz Sep uole}Nsuo9 ap JaIssogsouepises ep\u2014aouepisel apejgneuuui, e jUeWenbIUn S909V seemsBINDIYSA SIOA auNjOULE 4W 08 ep snUeAgud 91991 NP eNOWad \u2014___J np snof a] eoejd ue eyew e WwW QOZ epgisnfe enbuosyy a1n98s ep eNEWLed \u2014\u2014.opuo697vz0Z NINI9Z NA 11dO9 NJ JAGNVA |YIWUaI V S1HJILNOU =SAIOA $40 11 ALIWNDAS | de4d 34LI1WIN3d NG 314V9 | Pi\nPrefecture du Gard - 30-2025-02-05-00006 - 250205 AP Tours Matisse 78\nPrefecture du Gard - 30-2025-02-05-00006 - 250205 AP Tours Matisse 79\nSecr\u00e9tariat G\u00e9n\u00e9ral Commun D\u00e9partemental du\nGard\n30-2025-02-13-00008\nSubd\u00e9l\u00e9gation de signature de Mme la directrice\ndu Secr\u00e9tariat g\u00e9n\u00e9ral commun d\u00e9partemental\ndu Gard\nSecr\u00e9tariat G\u00e9n\u00e9ral Commun D\u00e9partemental du Gard - 30-2025-02-13-00008 - Subd\u00e9l\u00e9gation de signature de Mme la directrice du\nSecr\u00e9tariat g\u00e9n\u00e9ral commun d\u00e9partemental du Gard 80\nPREFETDU GARDLibert\u00e9Egalit\u00e9Fraternit\u00e9\nH\u00f4tel de la Pr\u00e9fecture - 10 avenue Feuch\u00e8res \u2013 30045 NIMES CEDEX 9 - T\u00e9l : 04 66 36 43 90 - Fax : 04 66 36 00 87 - www.gard.gouv.fr\nSecr\u00e9tariat g\u00e9n\u00e9ral commun d\u00e9partemental\n \nSUBD\u00c9L\u00c9GATION DE SIGNATURE\nLa directrice du secr\u00e9tariat g\u00e9n\u00e9ral commun d\u00e9partemental du Gard,\nVU le d\u00e9cret n\u00b02004-374 du 29 avril 2004 relatif aux pouvoirs des pr\u00e9fets, \u00e0 l'organisation et \u00e0  \nl'action des services de l'\u00c9tat dans les r\u00e9gions et d\u00e9partements,\nVU le d\u00e9cret n\u00b02009-1484 du 3 d\u00e9cembre 2009 modifi\u00e9 relatif \u00e0 la cr\u00e9ation des directions  \nd\u00e9partementales interminist\u00e9rielles,\nVU le d\u00e9cret n\u00b0 2012-1246 du 7 novembre 2012 relatif \u00e0 la gestion budg\u00e9taire et comptable  \npublique,\nVU le d\u00e9cret n\u00b0 2020-99 du 7 f\u00e9vrier 2020 relatif \u00e0 l'organisation et aux missions des secr\u00e9tariats \ng\u00e9n\u00e9raux communs d\u00e9partementaux,\nVU l'arr\u00eat\u00e9 n\u00b030-2020-10-29-004 du 29 octobre 2020 portant organisation du secr\u00e9tariat g\u00e9n\u00e9ral \ncommun d\u00e9partemental du Gard,\nVU le d\u00e9cret du 13 juillet 2023 nommant M. J\u00e9r\u00f4me BONET, en qualit\u00e9 de pr\u00e9fet du Gard,\nVU l'arr\u00eat\u00e9 n\u00b0 U12961050462872 du ministre de l'int\u00e9rieur du 21 juillet 2021, nommant  Mme \nFlorence  VERDIER-BRAQUET, directrice  du  secr\u00e9tariat  g\u00e9n\u00e9ral  commun  d\u00e9partemental  du \nGard, \u00e0 compter du 1er ao\u00fbt 2022\nVU l'arr\u00eat\u00e9 pr\u00e9fectoral n\u00b030-2023-08-21-00015 du 21 ao\u00fbt 2023 portant d\u00e9l\u00e9gation de signature, \nd'ordonnancement secondaire et de repr\u00e9sentation du pouvoir adjudicateur \u00e0 Mme Florence \nVERDIER-BRAQUET, directrice du secr\u00e9tariat g\u00e9n\u00e9ral commun d\u00e9partemental du Gard,\nD\u00c9CIDE :\nSUBD\u00c9L\u00c9GATIONS G\u00c9N\u00c9RALES\nArticle 1  er   :   Subd\u00e9l\u00e9gation de signature est donn\u00e9e \u00e0 Mme C\u00e9line HUILLET, directrice adjointe, \npour  l'ensemble  des  d\u00e9l\u00e9gations  confi\u00e9es  par  l'arr\u00eat\u00e9  pr\u00e9fectoral  susvis\u00e9  \u00e0  Mme  Florence \nVERDIER-BRAQUET, directrice du secr\u00e9tariat g\u00e9n\u00e9ral commun d\u00e9partemental, en cas d'absence \nou d'emp\u00eachement de cette derni\u00e8re.\nArticle 2 : Subd\u00e9l\u00e9gation est donn\u00e9e \u00e0:\nMme Corinne BOURQUIN, cheffe du service immobilier,\nM.  Albert  WANAXAENG,  adjoint  \u00e0  la  cheffe  du  service  immobilier,  en  cas  d'absence  ou \nd'emp\u00eachement de la cheffe du service immobilier\nM. Vincent ENAULT, chef du SIDSIC,\nM. Eric BELLON, adjoint au chef du SIDSIC, en cas d'absence ou d'emp\u00eachement du chef du  \nSIDSIC,\nM. Ronan KERSEBET, chef du service budget,\nM. Pierre-Yves LEBARS, adjoint au chef du service budget, en cas d'absence ou d'emp\u00eachement \ndu chef du service budget\nMme Nathalie BERT, cheffe du service des ressources humaines,\nM. Wilfrid BILOT, adjoint \u00e0 la cheffe du service des ressources humaines, chef du bureau du  \nrecrutement et de la gestion administrative et financi\u00e8re, en cas d'absence ou d'emp\u00eachement \nde la cheffe de service ressources humaines,\nM. Steeve MASSARDIER, chef du bureau formation et qualit\u00e9 de vie au travail, en cas d'absence \nou d'emp\u00eachement de la cheffe de service ressources humaines,\nM. St\u00e9phane RAVET, chef du service logistique,\nM. Pascal PERRAUD, adjoint au chef du service logistique, en cas d'absence ou d'emp\u00eachement \ndu chef de service logistique,\nSecr\u00e9tariat G\u00e9n\u00e9ral Commun D\u00e9partemental du Gard - 30-2025-02-13-00008 - Subd\u00e9l\u00e9gation de signature de Mme la directrice du\nSecr\u00e9tariat g\u00e9n\u00e9ral commun d\u00e9partemental du Gard 81\n\u00e0 l'effet de signer tous documents courants, dans la limite de leurs attributions respectives,  \nainsi  que,  pour  les  agents  plac\u00e9s  sous  leur  autorit\u00e9,  les  autorisations  de  d\u00e9placements \ntemporaires, l'octroi des cong\u00e9s annuels, jours RTT, jours CET et r\u00e9gulations diverses.\nSUBD\u00c9L\u00c9GATION EN MATI\u00c8RE DE RESSOURCES HUMAINES\nArticle 3 :  Subd\u00e9l\u00e9gation est donn\u00e9e \u00e0 Mme Nathalie BERT, cheffe du service des ressources  \nhumaines, pour signer :\npour  les  agents  du  secr\u00e9tariat  g\u00e9n\u00e9ral  commun,  de  la  pr\u00e9fecture  et  des  directions  \nd\u00e9partementales interminist\u00e9rielles :\n\u2022 les proc\u00e8s-verbaux d'installation des agents,\n\u2022 les  d\u00e9cisions  d'attribution  et  de  renouvellement  de  cong\u00e9s  de  maladie  ordinaire,  de \nmaternit\u00e9, de repos suppl\u00e9mentaire pour couches pathologiques, de paternit\u00e9, d'adoption, de \ncong\u00e9 bonifi\u00e9, de cong\u00e9s de grave maladie, de cong\u00e9s de longue maladie, de cong\u00e9s de longue \ndur\u00e9e,  les d\u00e9cisions relatives \u00e0 l'exercice du temps partiel et de retour \u00e0 l'exercice de fonction \u00e0 \ntemps plein, les d\u00e9cisions relatives aux accidents du travail,\n\u2022 les actes courants et les d\u00e9cisions de d\u00e9penses g\u00e9n\u00e9r\u00e9es par la formation,\n\u2022 les bordereaux de transmission, les \u00e9tats de service et les attestations,\n\u2022 les attributions d'indemnit\u00e9s r\u00e9glementaires y compris les indemnit\u00e9s d'astreintes,\n\u2022 les d\u00e9cisions de r\u00e9\u00e9valuation d'IFSE,\n\u2022 les demandes de retraite,\n\u2022 les d\u00e9cisions de revalorisation des rentes.\npour  les  agents  fonctionnaires  et  agents  contractuels  du  secr\u00e9tariat  g\u00e9n\u00e9ral  commun  \nd\u00e9partemental :\n\u2022 les autorisations sp\u00e9ciales d'absence,\n\u2022 les services faits pour les services civiques et les stagiaires gratifi\u00e9s,\n\u2022 les contrats de vacataire,\n\u2022 la signature des conventions de stage,\npour les agents de la pr\u00e9fecture et des directions d\u00e9partementales interminist\u00e9rielles :\n\u2022 les services faits des services civiques et stagiaires gratifi\u00e9s support\u00e9s par le BOP 354,\n\u2022 les contrats de vacataire support\u00e9s par le BOP 354,\n\u2022 la signature des conventions de stage support\u00e9es le cas \u00e9ch\u00e9ant par le BOP 354,\nen mati\u00e8re d'action sociale pour les agents du secr\u00e9tariat g\u00e9n\u00e9ral commun, de la pr\u00e9fecture et \ndes directions d\u00e9partementales interminist\u00e9rielles :\n\u2022 les d\u00e9cisions individuelles de prestations et les arr\u00eat\u00e9s attributifs de subvention.\nSecr\u00e9tariat G\u00e9n\u00e9ral Commun D\u00e9partemental du Gard - 30-2025-02-13-00008 - Subd\u00e9l\u00e9gation de signature de Mme la directrice du\nSecr\u00e9tariat g\u00e9n\u00e9ral commun d\u00e9partemental du Gard 82\nEn son absence ou en cas d'emp\u00eachement, cette subd\u00e9l\u00e9gation sera exerc\u00e9e par :\n\ue00a M. Wilfrid BILOT, adjoint \u00e0 la cheffe du service des ressources humaines, chef du bureau du \nrecrutement et de la gestion administrative et financi\u00e8re, \u00e0 l'effet de signer :\npour  les  agents  du  secr\u00e9tariat  g\u00e9n\u00e9ral  commun,  de  la  pr\u00e9fecture  et  des  directions  \nd\u00e9partementales interminist\u00e9rielles :\n\u2022 les bordereaux de transmission, les \u00e9tats de service et les attestations, \n\u2022 les  d\u00e9cisions  d'attribution  et  de  renouvellement  de  cong\u00e9s  de  maladie  ordinaire,  de \nmaternit\u00e9, de repos suppl\u00e9mentaire pour couches pathologiques, de paternit\u00e9, d'adoption, de \ncong\u00e9 bonifi\u00e9, de cong\u00e9s de longue maladie, de cong\u00e9s de longue dur\u00e9e, les d\u00e9cisions relatives \n\u00e0 l'exercice du temps partiel et de retour \u00e0 l'exercice de fonction \u00e0 temps plein, les d\u00e9cisions  \nrelatives aux accidents du travail;\n\u2022 les attributions d'indemnit\u00e9s r\u00e9glementaires y compris les indemnit\u00e9s d'astreintes,\n\u2022 les d\u00e9cisions de r\u00e9\u00e9valuation d'IFSE.\n\u2022 pour les agents contractuels, les d\u00e9cisions d'attribution et de renouvellement de cong\u00e9s  \nde maladie ordinaire, de maternit\u00e9, de repos suppl\u00e9mentaire pour couches pathologiques, de \npaternit\u00e9, d'adoption, de cong\u00e9 bonifi\u00e9, de cong\u00e9s de grave maladie, de cong\u00e9s de longue  \nmaladie, de cong\u00e9s de longue dur\u00e9e, les d\u00e9cisions relatives \u00e0 l'exercice du temps partiel et de  \nretour \u00e0 l'exercice de fonction \u00e0 temps plein, les d\u00e9cisions relatives aux accidents du travail\n\u2022 les bordereaux de transmission, les \u00e9tats de service et les attestations, \n\u2022 les proc\u00e8s-verbaux d'installation des agents,\n\u2022 les actes courants et les d\u00e9cisions de d\u00e9penses g\u00e9n\u00e9r\u00e9es par la formation,\n\u2022 les bordereaux de transmission, les \u00e9tats de service et les attestations,\n\u2022 les demandes de retraite,\n\u2022 les d\u00e9cisions de revalorisation des rentes.\npour  les  agents  fonctionnaires  et  agents  contractuels  du  secr\u00e9tariat  g\u00e9n\u00e9ral  commun  \nd\u00e9partemental :\n\u2022 les autorisations sp\u00e9ciales d'absence,\n\u2022 les services faits pour les services civiques et les stagiaires gratifi\u00e9s,\n\u2022 les contrats de vacataire,\n\u2022 la signature des conventions de stage,\npour les agents de la pr\u00e9fecture et des directions d\u00e9partementales interminist\u00e9rielles :\n\u2022 les services faits des services civiques et stagiaires gratifi\u00e9s support\u00e9s par le BOP 354,\n\u2022 les contrats de vacataire support\u00e9s par le BOP 354,\n\u2022 la signature des conventions de stage support\u00e9es le cas \u00e9ch\u00e9ant par le BOP 354,\nen mati\u00e8re d'action sociale pour les agents du secr\u00e9tariat g\u00e9n\u00e9ral commun, de la pr\u00e9fecture et \ndes directions d\u00e9partementales interminist\u00e9rielles :\n\u2022 les d\u00e9cisions individuelles de prestations et les arr\u00eat\u00e9s attributifs de subvention.\n\ue00a M. Steeve MASSARDIER, chef du bureau formation et qualit\u00e9 de vie au travail, \u00e0 l'effet de \nsigner :\nSecr\u00e9tariat G\u00e9n\u00e9ral Commun D\u00e9partemental du Gard - 30-2025-02-13-00008 - Subd\u00e9l\u00e9gation de signature de Mme la directrice du\nSecr\u00e9tariat g\u00e9n\u00e9ral commun d\u00e9partemental du Gard 83\npour  les  agents  du  secr\u00e9tariat  g\u00e9n\u00e9ral  commun,  de  la  pr\u00e9fecture  et  des  directions  \nd\u00e9partementales interminist\u00e9rielles :\n\u2022 en  mati\u00e8re  d'action  sociale,  les  d\u00e9cisions  individuelles  de  prestations  et  les  arr\u00eat\u00e9s \nattributifs de subvention,\n\u2022 les actes courants et les d\u00e9cisions de d\u00e9penses g\u00e9n\u00e9r\u00e9es par la formation,\nSUBD\u00c9L\u00c9GATION FINANCI\u00c8RE ET COMPTABLE\nArticle 4     :   Subd\u00e9l\u00e9gation permanente est donn\u00e9e aux personnes ci-dessous pour proc\u00e9der \u00e0  \nla validation des expressions de besoin relevant de leur comp\u00e9tence, dans les limites des  \nconditions fix\u00e9es \u00e0 l'article \u00e0 l'article 5 de l'arr\u00eat\u00e9 pr\u00e9fectoral susvis\u00e9 :\n\u2022 Mme Corinne BOURQUIN, cheffe du service immobilier\n\u2022 M.  Albert  WANAXAENG,  adjoint  \u00e0  la  cheffe  du  service  immobilier,  en  cas \nd'absence ou d'emp\u00eachement de la cheffe du service immobilier, \n\u2022 M. Vincent ENAULT, chef du SIDSIC\n\u2022 M. Eric BELLON, adjoint au chef du SIDSIC, en cas d'absence ou d'emp\u00eachement \ndu chef du SIDSIC, \n\u2022 Mme Nathalie BERT, cheffe du service des ressources humaines,\n\u2022 M. Wilfrid BILOT, adjoint \u00e0 la cheffe du service des ressources humaines, chef du \nbureau recrutement, gestion administrative et financi\u00e8re, en cas d'absence ou  \nemp\u00eachement de la cheffe de service RH\n\u2022 M. Steeve MASSARDIER, chef  du bureau formation, et qualit\u00e9 de vie au travail,  \nen cas d'absence ou emp\u00eachement de la cheffe de service RH\n\u2022 M. St\u00e9phane RAVET, chef du service logistique\n\u2022 M. Pascal PERRAUD, adjoint au chef du service logistique, en cas d'absence ou  \nd'emp\u00eachement du chef du service logistique\n\u2022 Mme Audrey JEAN-FRAN \u00c7OIS, agent du service logistique, dans la limite de  \n5 000 \u20ac HT, en cas d'absence ou d'emp\u00eachement du chef du service logistique\nArticle   5     :   Subd\u00e9l\u00e9gation permanente est donn\u00e9e aux personnes ci-dessous pour proc\u00e9der \u00e0  \nla signature des march\u00e9s au titre de repr\u00e9sentation du pouvoir adjudicateur :\n\u2022 Mme Corinne BOURQUIN, cheffe du service immobilier\n\u2022 M.  Albert  WANAXAENG,  adjoint  \u00e0  la  cheffe  du  service  immobilier,  en  cas \nd'absence ou d'emp\u00eachement de la cheffe du service immobilier, \n\u2022 M. Vincent ENAULT, chef du SIDSIC\n\u2022 M. Eric BELLON, adjoint au chef du SIDSIC, en cas d'absence ou d'emp\u00eachement \ndu chef du SIDSIC, \n\u2022 Mme Nathalie BERT, cheffe du service des ressources humaines,\n\u2022 M. Wilfrid BILOT, adjoint \u00e0 la cheffe du service des ressources humaines, chef du \nbureau recrutement, gestion administrative et financi\u00e8re, en cas d'absence ou  \nemp\u00eachement de la cheffe de service RH\n\u2022 M. Steeve MASSARDIER, chef  du bureau recrutement, formation, et qualit\u00e9 de  \nvie au travail, en cas d'absence ou emp\u00eachement de la cheffe de service RH\n\u2022 M. St\u00e9phane RAVET, chef du service logistique\n\u2022 M. Pascal PERRAUD, adjoint au chef du service logistique, en cas d'absence ou  \nd'emp\u00eachement du chef du service logistique\n\u2022 Mme Audrey JEAN-FRAN \u00c7OIS, agent du service logistique, dans la limite de  \n5 000 \u20ac HT, en cas d'absence ou d'emp\u00eachement du chef du service logistique\nSecr\u00e9tariat G\u00e9n\u00e9ral Commun D\u00e9partemental du Gard - 30-2025-02-13-00008 - Subd\u00e9l\u00e9gation de signature de Mme la directrice du\nSecr\u00e9tariat g\u00e9n\u00e9ral commun d\u00e9partemental du Gard 84\nArticle   6     :   Subd\u00e9l\u00e9gation de signature est donn\u00e9e aux agents d\u00e9sign\u00e9s ci-apr\u00e8s \u00e0 l'effet de  \nsigner, dans le cadre de leurs attributions et responsabilit\u00e9s, tout acte relatif \u00e0 :\n\u2022 la gestion des cr\u00e9dits (autorisations d'engagement et cr\u00e9dits de paiements) des  \nprogrammes et comptes sp\u00e9ciaux relevant de leur comp\u00e9tence,\n\u2022 la validation des actes n\u00e9cessaires \u00e0 la liquidation des recettes (refacturation  \ndes d\u00e9penses entre services et administrations),\n\u2022 la  validation  des  actes  n\u00e9cessaires  aux  constatations  ou  certifications  des \nservices faits, \u00e0 la liquidation des d\u00e9penses et \u00e0 la transmission des ordres \u00e0  \npayer (sans limite de montant),\n\u2022 la validation des demandes d'achat ou subvention de toute nature, ainsi que  \ndes pi\u00e8ces justificatives qui les accompagnent, selon le tableau suivant,\n\u2022 la validation des actes dans l'application comptable Chorus (Chorus Formulaires \net Chorus DT) dans les conditions fix\u00e9es par le tableau suivant :\nPr\u00e9nom et nom Fonction Plafond d'engagement HT\nRonan KERSEBET Chef du service budget Sans limite\nPierre-Yves LE BARS Gestionnaire de la programmation Sans limite\nSylvia ALBAC Responsable des achats 10\u00a0000,00 \u20ac\nYannick BOUCAUD Charg\u00e9 des achats 5 000,00 \u20ac\nMarie-Christine HESLOT Charg\u00e9e des achats 5 000,00 \u20ac\nMagali AMZIL-MARECHAL Charg\u00e9e des achats 5 000,00 \u20ac\nSubd\u00e9l\u00e9gation est \u00e9galement donn\u00e9e \u00e0 M. Paul FOURTUNE, charg\u00e9 de mission performance et \naccompagnement au changement, en cas d'absence ou d'emp\u00eachement de la directrice et de \nson adjointe, pour la validation des actes dans l'application Chorus DT.\nArticle   7     :   Sont habilit\u00e9s \u00e0 effectuer des paiements par carte achat dans la limite des plafonds \nfix\u00e9s ci-apr\u00e8s et dans le champ de leurs missions, les agents suivants :\nPr\u00e9nom et nom Fonction\nPlafond TTC par \nop\u00e9ration \ncourante\nPlafond TTC par \nop\u00e9ration\nmarch\u00e9 public\nSt\u00e9phane RAVET Chef du service logistique 2 000,00 \u20ac 7 000,00 \u20ac\nPascal PERRAUD Adjoint au chef du service \nlogistique 2 000,00 \u20ac 7 000,00 \u20ac\nAudrey JEAN-FRAN\u00c7OIS Agent du service logistique 2 000,00 \u20ac 7 000,00 \u20ac\nCorinne BOURQUIN Cheffe du service immobilier 2 000,00 \u20ac 7 000,00 \u20ac\n\u00c9tienne LITARRI R\u00e9f\u00e9rent b\u00e2timent du service \nimmobilier 2 000,00 \u20ac 7 000,00 \u20ac\nVincent ENAULT Chef du SIDSIC 2 000,00 \u20ac 7 000,00 \u20ac\nSecr\u00e9tariat G\u00e9n\u00e9ral Commun D\u00e9partemental du Gard - 30-2025-02-13-00008 - Subd\u00e9l\u00e9gation de signature de Mme la directrice du\nSecr\u00e9tariat g\u00e9n\u00e9ral commun d\u00e9partemental du Gard 85\nArticle  8:  Subd\u00e9l\u00e9gation  de  signature  est  donn\u00e9e  au  responsable  d'inventaire,  M.  Ronan \nKERSEBET, chef du service budget, ainsi qu'\u00e0 Pierre-Yves LE BARS, adjoint au chef de service  \nbudget, afin de signer les certificats administratifs portant sur le recensement effectu\u00e9 sur l, es \ncharges  \u00e0  payer,  les  produits  \u00e0  recevoir,  les  provisions  pour  risques  et  charges  et  les \nengagements hors bilan (EHB) \u00e0 rattacher \u00e0 l'exercice de l'ann\u00e9e N.\nArticle 9 Toutes dispositions ant\u00e9rieures relatives \u00e0 une subd\u00e9l\u00e9gation de signature de Mme la \ndirectrice du secr\u00e9tariat g\u00e9n\u00e9ral commun d\u00e9partemental du Gard sont abrog\u00e9es.\nArticle 10     : La pr\u00e9sente d\u00e9cision prend effet d\u00e8s sa publication au RAA.\nPour le pr\u00e9fet et par d\u00e9l\u00e9gation,\nLa directrice du secr\u00e9tariat g\u00e9n\u00e9ral\ncommun d\u00e9partemental\nFlorence VERDIER-BRAQUET\nN\u00eemes, le 13/02/2025   \nSecr\u00e9tariat G\u00e9n\u00e9ral Commun D\u00e9partemental du Gard - 30-2025-02-13-00008 - Subd\u00e9l\u00e9gation de signature de Mme la directrice du\nSecr\u00e9tariat g\u00e9n\u00e9ral commun d\u00e9partemental du Gard 86\nSous Pr\u00e9fecture d'Al\u00e8s\n30-2025-02-14-00001\nAppel \u00e0 la g\u00e9n\u00e9rosit\u00e9 publique FDD\nMALERARGUES 25-02-23 du 14-02-25 pour\nl'ann\u00e9e 2025\nSous Pr\u00e9fecture d'Al\u00e8s - 30-2025-02-14-00001 - Appel \u00e0 la g\u00e9n\u00e9rosit\u00e9 publique FDD MALERARGUES 25-02-23 du 14-02-25 pour l'ann\u00e9e\n2025 87\nE = Sous-pr\u00e9fecture d'Al\u00e9sPREFET Bureau de la r\u00e9glementation fun\u00e9raire et des associationsDU GARD Greffe d\u00e9partemental des associationsLibert\u00e9\u00c9galit\u00e9Fraternit\u00e9 Al\u00e8s, le 14 f\u00e9vrier 2025\nArr\u00eat\u00e9 n\u00b0 25-02-23portant autorisation d'appel \u00e0 la g\u00e9n\u00e9rosit\u00e9 publiquepour le fonds de dotation de Mal\u00e9rargues sur la commune de THOIRAS\nLe pr\u00e9fet du Gard,Chevalier de la L\u00e9gion d'honneur, Chevalier de l'ordre national du M\u00e9rite,\nVu la loi n\u00b0 91-772 du 7 ao\u00fbt 1991 relative au cong\u00e9 de repr\u00e9sentation en faveur des associations etdes mutuelles et au contr\u00f4le des comptes des organismes faisant appel \u00e0 la g\u00e9n\u00e9rosit\u00e9 publique ;Vu la loi n\u00b0 2008-776 du 4 ao\u00fbt 2008 de modernisation de l'\u00e9conomie, notamment son article 140 ;Vu le d\u00e9cret n\u00b0 92-1011 du 17 septembre 1992 relatif au contr\u00f4le des comptes des organismes faisantappel \u00e0 la g\u00e9n\u00e9rosit\u00e9 publique ;Vu le d\u00e9cret n\u00b0 2009-158 du 11 f\u00e9vrier 2009 relatif aux fonds de dotation et notamment les article 11et suivants ;Vu le d\u00e9cret 2019-504 du 22 mai 2019 fixant les seuils de la d\u00e9claration pr\u00e9alable et d'\u00e9tablissementdu compte d'emploi annuel des ressources collect\u00e9es aupr\u00e8s du public par des organismes faisantappel public \u00e0 la g\u00e9n\u00e9rosit\u00e9 ;Vu l'arr\u00eat\u00e9 minist\u00e9riel du 22 mai 2019 fixant les modalit\u00e9s de pr\u00e9sentation du compte d'emploiannuel des ressources collect\u00e9es aupr\u00e8s du public par des organismes faisant appel public \u00e0 lag\u00e9n\u00e9rosit\u00e9 ;Vu l'arr\u00eat\u00e9 pr\u00e9fectoral n\u00b0 30-2024-10-18-00007 du 18 octobre 2024 donnant d\u00e9l\u00e9gation de signature\u00e0 Monsieur Emile SOUMBO, sous-pr\u00e9fet de l'arrondissement d'Al\u00e8s ;Vu la demande d'autorisation d'appel \u00e0 la g\u00e9n\u00e9rosit\u00e9 publique, en date du 02 f\u00e9vrier 2025, re\u00e7ue ensous-pr\u00e9fecture d'Al\u00e8s le 11 f\u00e9vrier 2025, pr\u00e9sent\u00e9e par Madame Marianne LE TRON, pr\u00e9sidente duFonds de dotation d\u00e9nomm\u00e9 \u00ab Fonds de dotation de Mal\u00e9rargues \u00bb dont le si\u00e8ge est situ\u00e9 Ch\u00e2teaude Malerargues \u00e0 Thoiras -30140 (Gard);\nConsid\u00e9rant que la demande pr\u00e9sent\u00e9e par le fonds de dotation est conforme aux textes envigueur ;sur proposition du sous-pr\u00e9fet d'Al\u00e8s,\nSOUS PREFECTURE D'ALES - 3, boulevard Louis Blanc - 30100 ALES - T\u00e9l. 04 66 56 39 39 - www.gard.gouv.fr1/2\nSous Pr\u00e9fecture d'Al\u00e8s - 30-2025-02-14-00001 - Appel \u00e0 la g\u00e9n\u00e9rosit\u00e9 publique FDD MALERARGUES 25-02-23 du 14-02-25 pour l'ann\u00e9e\n2025 88\nArr\u00e9teArticle 1\": Le fonds de dotation d\u00e9nomm\u00e9 \u00ab Fonds de dotation de Mal\u00e9rargues \u00bb est autoris\u00e9 afaire appel \u00e0 la g\u00e9n\u00e9rosit\u00e9 publique pour l'ann\u00e9e 2025.L'objectif de la campagne d'appel \u00e0 la g\u00e9n\u00e9rosit\u00e9 publique est de r\u00e9colter des fonds afin de financerles projets d'int\u00e9r\u00eat g\u00e9n\u00e9ral, plus sp\u00e9cifiquement les actions culturelles, artistiques etanthropologiques en relation avec la voix humaine.En particulier :- Pr\u00e9server autant que possible la conservation et l'utilisation du Domaine du Ch\u00e2teau deMal\u00e9rargues, dont il a la vocation \u00e0 devenir pleinement propri\u00e9taire.- Promouvoir, prot\u00e9ger et transmettre le patrimoine artistique et intellectuel d'Alfred Wolfsohn,de Roy Hart et du Roy HartTh\u00e9atre.- Soutenir et encourager l'\u00e9volution de ce patrimoine dans sa diversit\u00e9 actuelle et sonrayonnement futur.- Mener, encourager et transmettre des recherches artistiques anthropologiques et \u00e9cologiques.Les modalit\u00e9s d'appel \u00e0 la g\u00e9n\u00e9rosit\u00e9 publique sont les suivantes :\nInternet :L'association dispose d'un site internet sur lequel une pr\u00e9sentation du fonds de dotationcomprenant la campagne d'appel \u00e0 la g\u00e9n\u00e9rosit\u00e9 publique, y est int\u00e9gr\u00e9e afin d'informer lesvisiteurs du site.\nArticle 2: Conform\u00e9ment \u00e0 la r\u00e9glementation en vigueur, le fonds de dotation \u00e0 l'obligationd'int\u00e9grer dans ses comptes annuels un compte d'emploi annuel des ressources collect\u00e9es aupr\u00e8sdu public qui pr\u00e9cise notamment l'affectation des dons par type de d\u00e9penses et qui mentionne lesinformations relatives \u00e0 son \u00e9laboration, \u00e0 compter d'un montant de 153 000 \u20ac, conform\u00e9ment auxd\u00e9cret et arr\u00eat\u00e9 du 22 mai 2009.Le compte d'emploi des ressources doit \u00eatre pr\u00e9sent\u00e9 suivant les modalit\u00e9s fix\u00e9es par l'arr\u00eat\u00e9minist\u00e9riel du 22 mai 2019.Article 3: la pr\u00e9sente autorisation pourra \u00eatre retir\u00e9e ou abrog\u00e9e en cas de manquement auxr\u00e8gles r\u00e9gissant les fonds de dotation et/ou \u00e0 la r\u00e9glementation relative aux appels \u00e0 la g\u00e9n\u00e9rosit\u00e9publique.Article 4: Le sous-pr\u00e9fet d'Al\u00e8s est charg\u00e9 de l'ex\u00e9cution du pr\u00e9sent arr\u00eat\u00e9 qui sera publi\u00e9 aurecueil des actes administratif de la pr\u00e9fecture du Gard (RAA) et notifi\u00e9 au demandeur.Le sougpr\u00e9fe\n\u00c9mile Lime4Conform\u00e9ment aux dispositions du code de justice administrative, la pr\u00e9sente d\u00e9cision est susceptible de faire l'objet d'unrecours devant le tribunal administratif de N\u00eemes dans le d\u00e9lai de deux mois \u00e0 compter de sa publication pour les tiers et \u00e0compter de sa notification pour le demandeur.\nNum\u00e9ro d'insertion au RAA :\nSOUS PREFECTURE D'ALES - 3, boulevard Louis Blanc - 30100 ALES - T\u00e9l. 04 66 56 39 39 - www.gard.gouv.fr2/2\nSous Pr\u00e9fecture d'Al\u00e8s - 30-2025-02-14-00001 - Appel \u00e0 la g\u00e9n\u00e9rosit\u00e9 publique FDD MALERARGUES 25-02-23 du 14-02-25 pour l'ann\u00e9e\n2025 89\nSous Pr\u00e9fecture d'Al\u00e8s\n30-2025-02-13-00001\nArr\u00eat\u00e9 n\u00b0 30-2025-02-13-00001 du 13/02/2025\nportant d\u00e9claration d'utilit\u00e9 publique et\nparcellaire pour l'instauration des servitudes\npour le passage de canalisations publiques\nd'assainissement en terrain priv\u00e9, n\u00e9cessaire au\nprojet de cr\u00e9ation d'une station intercommunale\nde traitement des eaux us\u00e9es (STEU) de La\nGrand'Combe pour les communes de La\nGrand'Combe, Branoux-les-Taillades, Cendras,\nLes-Salles-du-Gardon et Sainte-C\u00e9cile d'Andorge.\nSous Pr\u00e9fecture d'Al\u00e8s - 30-2025-02-13-00001 - Arr\u00eat\u00e9 n\u00b0 30-2025-02-13-00001 du 13/02/2025 portant d\u00e9claration d'utilit\u00e9 publique et\nparcellaire pour l'instauration des servitudes pour le passage de canalisations publiques d'assainissement en terrain priv\u00e9, n\u00e9cessaire\nau projet de cr\u00e9ation d'une station intercommunale de traitement des eaux us\u00e9es (STEU) de La Grand'Combe pour les communes de\nLa Grand'Combe, Branoux-les-Taillades, Cendras, Les-Salles-du-Gardon et Sainte-C\u00e9cile d'Andorge.\n90\nSous-pr\u00e9fecture d'Al\u00e9sSy eae Bureau des collectivit\u00e9s territorialespe et du d\u00e9veloppement local\u00c9galit\u00e9 Arr\u00eat\u00e9 n\u00b0 30-2025-02-13-00001Fraternit\u00e9\nportant d\u00e9claration d'utilit\u00e9 publique et parcellaire pour l'instauration des servitudes pour lepassage de canalisations publiques d'assainissement en terrain priv\u00e9, n\u00e9cessaire au projet decr\u00e9ation d'une station intercommunale de traitement des eaux us\u00e9es (STEU) de La Grand'Combepour les communes de La Grand'Combe, Branoux-les-Taillades, Cendras, Les-Salles-du-Gardon etSainte-C\u00e9cile d'Andorge.Le pr\u00e9fet du GardChevalier de la l\u00e9gion d'Honneur,i Chevalier de l'ordre national du M\u00e9riteVu le code de l'expropriation pour cause d'utilit\u00e9 publique, et notamment ses articles L.110-1,L.112-1, R.111-1 \u00e0 R.112-24, R.122-7, R.131-6 \u00e0 7;Vu le code de l'environnement et notamment ses articles L.181-1 et suivants et L.514-3 ;Vu le code rural de la p\u00eache maritime et notamment ses articles L.152-1 \u00e0 2 et R.152-1 a R.152-15Vu le code de l'urbanisme et notamment ses articles L.151-43 et R.151-51Vu le code des relations entre le public et l'administration et notamment ses articles L.134-1 \u00e0 2,R.134-3 a R.134-32 ;Vu le code g\u00e9n\u00e9ral des collectivit\u00e9s territoriales;Vu le d\u00e9cret du 13 juillet 2023 nommant M. J\u00e9r\u00f4me BONET, pr\u00e9fet du Gard.Vu le d\u00e9cret du 24 avril 2024 nommant M. Yann GERARD, secr\u00e9taire general de la pr\u00e9fecture duGard, sous-pr\u00e9fet de Nimes ;Vu la d\u00e9cision du 9 ao\u00fbt et la d\u00e9lib\u00e9ration du 13 d\u00e9cembre 2023 de l'assembl\u00e9e d\u00e9lib\u00e9rante de lacommunaut\u00e9 d'agglom\u00e9ration (CA) Al\u00e8s Agglom\u00e9ration approuvant l'ouverture de l'enqu\u00eateconjointe pr\u00e9alable \u00e0 l'autorisation environnementale, la d\u00e9claration d'utilit\u00e9 publique (DUP) etparcellaire pour le projet de cr\u00e9ation cit\u00e9 en objet ;Vu la demande de d\u00e9claration d'utilit\u00e9 publique et parcellaire, re\u00e7ue par la directiond\u00e9partementale des territoires et de la mer du Gard n\u00b0 0100032511, re\u00e7ues en sous-pr\u00e9fectured'Al\u00e9s le 19 avril 2024 ;Vu les estimations sommaires et globales r\u00e9alis\u00e9es par le p\u00f4le d'\u00e9valuation domaniale de ladirection d\u00e9partementale des finances publiques au Gard sur le montant des acquisitionsfonci\u00e8res a envisager ;Vu la d\u00e9cision n\u00b0 E24000056/30 du 2 juillet 2024 de Monsieur le pr\u00e9sident du tribunaladministratif de N\u00eemes relative \u00e0 la d\u00e9signation du commissaire-enqu\u00eateur ;Vu l'arr\u00eat\u00e9 pr\u00e9fectoral n\u00b0 30-2024-24-08-04 du 6 ao\u00fbt 2024 prescrivant l'ouverture conjointed'une enqu\u00eate publique pr\u00e9alable, \u00e0 l'autorisation environnementale et \u00e0 la d\u00e9claration d'utilit\u00e9publique et parcellaire, relative au projet de cr\u00e9ation de la STEU La Grand'Combe ;Vu les pi\u00e8ces constatant que l'arr\u00eat\u00e9 d'enqu\u00eate \u00e9nonc\u00e9 ci-dessus a \u00e9t\u00e9 publi\u00e9, affich\u00e9 en mairie etins\u00e9r\u00e9 dans 2 journaux du d\u00e9partement, huit jours au moins avant le d\u00e9but de l'enqu\u00eate etrappel\u00e9 dans les huit premiers jours de celle-ci, et le dossier d'enqu\u00eate publique publi\u00e9 sur les sitesInternet de la communaut\u00e9 d'agglom\u00e9ration \u2014 Al\u00e8s agglom\u00e9ration et de la pr\u00e9fecture du Gard ;\nSous Pr\u00e9fecture d'Al\u00e8s - 30-2025-02-13-00001 - Arr\u00eat\u00e9 n\u00b0 30-2025-02-13-00001 du 13/02/2025 portant d\u00e9claration d'utilit\u00e9 publique et\nparcellaire pour l'instauration des servitudes pour le passage de canalisations publiques d'assainissement en terrain priv\u00e9, n\u00e9cessaire\nau projet de cr\u00e9ation d'une station intercommunale de traitement des eaux us\u00e9es (STEU) de La Grand'Combe pour les communes de\nLa Grand'Combe, Branoux-les-Taillades, Cendras, Les-Salles-du-Gardon et Sainte-C\u00e9cile d'Andorge.\n91\nVu le dossier d'enqu\u00e9te mis \u00e0 disposition du public en mairie de Laval-Pradel, La Grand'Combe etLes-Salles-du-Gardon pendant 31 jours cons\u00e9cutifs, soit du lundi 9 septembre 2024 \u00e0 08h00 aumercredi 9 octobre 2024 \u00e0 17h00 et les registres correspondants ;Vu les rapports d'enqu\u00eates et les conclusions motiv\u00e9es pour chaque enqu\u00eate, \u00e9tablis et sign\u00e9s le17 octobre 2024 par le commissaire-enqu\u00eateur, documents d\u00e9pos\u00e9s en sous- pr\u00e9fecture, enoriginal avec les registres d'enqu\u00eate cl\u00f4tur\u00e9s et ses annexes, le 17 octobre 2024;Vu les avis favorables \u00e0 la d\u00e9claration d'utilit\u00e9 publique et parcellaire n\u00e9cessaires au projet decr\u00e9ation d'une STEU de La Grand'Combe pour les communes de La Grand'Combe, Branoux-les-Taillades, Cendras, Les-Salles-du-Gardon et Sainte-C\u00e9cile d'Andorge, \u00e9mis le 17 octobre 2024 parle commissaire-enqu\u00eateur et communiqu\u00e9s \u00e0 la communaut\u00e9 d'agglom\u00e9ration - Al\u00e8sAgglom\u00e9ration ainsi qu'aux communes cit\u00e9es par courriers du 19 novembre 2024 ; |Vu la d\u00e9claration de projet de la communaut\u00e9 d'agglom\u00e9ration - Al\u00e8s Agglom\u00e9ration SUrl'op\u00e9ration susvis\u00e9e prise par d\u00e9lib\u00e9ration du 18 d\u00e9cembre 2024 ;Consid\u00e9rant que l'op\u00e9ration de cr\u00e9ation d'une STEU de La Grand'Combe pr\u00e9sente un caract\u00e8red'utilit\u00e9 publique vis-a-vis de la s\u00e9curit\u00e9 et de la protection des personnes ;Consid\u00e9rant la n\u00e9cessit\u00e9 de modifier l'arr\u00eat\u00e9 n\u00b0 30-2025-01-24-00001 du 24 janvier 2025 sachantqu'une mise \u00e0 jour de l'\u00e9tat des parcelles faisant l'objet de la demande de servitudes d'utilit\u00e9publique a \u00e9t\u00e9 effectu\u00e9e ;Sur proposition du sous-pr\u00e9fet d'Al\u00e9s ; Arr\u00eate :Article 1 : d\u00e9claration d'utilit\u00e9 publique du projetSont d\u00e9clar\u00e9s d'utilit\u00e9 publique, au profit de la communaut\u00e9 d'agglom\u00e9ration - Al\u00e8sAgglom\u00e9ration, conform\u00e9ment aux motifs et consid\u00e9rations tels que soumis \u00e0 enqu\u00eate publique,la cr\u00e9ation d'une station intercommunale de traitement des eaux us\u00e9es de La Grand'Combe.La r\u00e9alisation de ces travaux permettra de mettre en conformit\u00e9 les syst\u00e8mes actuels_ d'assainissement form\u00e9s par les stations d'\u00e9puration de |'Habitarelle, de Cendras et de La Fav\u00e8de.Article 2 : acquisition \u00e0 l'amiable et voie d'expropriation des propri\u00e9t\u00e9sq | prop propLa communaut\u00e9 d'agglom\u00e9ration \u2014 Al\u00e8s Agglom\u00e9ration est autoris\u00e9e \u00e0 acqu\u00e9rir soit \u00e0 l'amiable,soit s'il y a lieu par voie d'expropriation, dans des formes prescrites par le code de l'expropriation'pour cause d'utilit\u00e9 publique, les parties de propri\u00e9t\u00e9s n\u00e9cessaires a la r\u00e9alisation de cetteop\u00e9ration et recens\u00e9es dans les dossiers soumis \u00e0 l'enqu\u00eate.La proc\u00e9dure d'expropriation des propri\u00e9t\u00e9s devra \u00eatre accomplie dans un d\u00e9lai maximal de cinqans \u00e0 compter de la date de signature du pr\u00e9sent arr\u00eat\u00e9, sauf prorogation de celui-ci \u00e0 l'issue decette p\u00e9riode et pour la m\u00eame dur\u00e9e.La pr\u00e9sente d\u00e9claration d'utilit\u00e9 publique deviendra caduque \u00e0 l'expiration d'un d\u00e9lai de 5 ans \u00e0compter de la publication du pr\u00e9sent arr\u00eat\u00e9, ou de dix ans dans l'\u00e9ventualit\u00e9 de sa prorogation.Les expropriations \u00e9ventuellement n\u00e9cessaires devront \u00eatre r\u00e9alis\u00e9es dans ce d\u00e9lai.\nSous Pr\u00e9fecture d'Al\u00e8s - 30-2025-02-13-00001 - Arr\u00eat\u00e9 n\u00b0 30-2025-02-13-00001 du 13/02/2025 portant d\u00e9claration d'utilit\u00e9 publique et\nparcellaire pour l'instauration des servitudes pour le passage de canalisations publiques d'assainissement en terrain priv\u00e9, n\u00e9cessaire\nau projet de cr\u00e9ation d'une station intercommunale de traitement des eaux us\u00e9es (STEU) de La Grand'Combe pour les communes de\nLa Grand'Combe, Branoux-les-Taillades, Cendras, Les-Salles-du-Gardon et Sainte-C\u00e9cile d'Andorge.\n92\nArticle 8 : ex\u00e9cution et diffusion du pr\u00e9sent arr\u00e9t\u00e9Monsieur le secr\u00e9taire g\u00e9n\u00e9ral de la pr\u00e9fecture du Gard, monsieur le directeur d\u00e9partemental desterritoires et de la mer du Gard, monsieur le pr\u00e9sident de la communaut\u00e9 d'agglom\u00e9ration \u2014 Al\u00e8sAgglom\u00e9ration, les maires des communes concern\u00e9es par le projet, ainsi que le commissaire-enqu\u00eateur, sont charg\u00e9s, chacun en ce qui le concerne, de l'ex\u00e9cution du pr\u00e9sent arr\u00eat\u00e9, qui serapubli\u00e9 au recueil des actes administratifs de la pr\u00e9fecture du Gard.\nN\u00eemes, le {3 FEY. 202\nLe pr\u00e9fet,\nJ\u00e9r\u00f4me BONET\nSous Pr\u00e9fecture d'Al\u00e8s - 30-2025-02-13-00001 - Arr\u00eat\u00e9 n\u00b0 30-2025-02-13-00001 du 13/02/2025 portant d\u00e9claration d'utilit\u00e9 publique et\nparcellaire pour l'instauration des servitudes pour le passage de canalisations publiques d'assainissement en terrain priv\u00e9, n\u00e9cessaire\nau projet de cr\u00e9ation d'une station intercommunale de traitement des eaux us\u00e9es (STEU) de La Grand'Combe pour les communes de\nLa Grand'Combe, Branoux-les-Taillades, Cendras, Les-Salles-du-Gardon et Sainte-C\u00e9cile d'Andorge.\n93\nArticle 3 : cessibilit\u00e9Les immeubles d\u00e9sign\u00e9s dans l'\u00e9tat parcellaire ci-annex\u00e9, n\u00e9cessaires \u00e0 la r\u00e9alisation du projet vis\u00e9\u00e0 l'article 1\", sont d\u00e9clar\u00e9s cessibles au profit de la communaut\u00e9 d'agglom\u00e9ration - Al\u00e8sAgglom\u00e9ration.Cette d\u00e9claration de cessibilit\u00e9 sera caduque \u00e0 l'expiration du d\u00e9lai de six mois \u00e0 compter de ladate du pr\u00e9sent arr\u00eat\u00e9.Article 4: Le pr\u00e9sent arr\u00eat\u00e9 annule et remplace les dispositions de l'arr\u00eat\u00e9 n\u00b0 30-2025-01-24-00001du 24 janvier 2025 portant d\u00e9claration d'utilit\u00e9 publique et parcellaire pour l'instauration desservitudes pour le passage de canalisations publiques d'assainissement en terrain priv\u00e9, n\u00e9cessaireau projet de cr\u00e9ation d'une station intercommunale de traitement des eaux us\u00e9es (STEU) de LaGrand'Combe pour les communes de La Grand'Combe, Branoux-les-Taillades, Cendras, Les-Salles-du-Gardon et Sainte-C\u00e9cile d'Andorge, publi\u00e9 au recueil des actes administratifs (RAA) n\u00b030-2025-015 du 24 janvier 2025 ;Article 5 : affichage et notification du pr\u00e9sent arr\u00eat\u00e9Le pr\u00e9sent arr\u00eat\u00e9 sera :\u2014 notifi\u00e9 par les soins de la Communaut\u00e9 d' Agglom\u00e9ration \u2014 Al\u00e8s Agglom\u00e9ration aux propri\u00e9tairesint\u00e9ress\u00e9s, sous pli recommand\u00e9 avec demande d'avis de r\u00e9ception. Il sera justifi\u00e9 del'accomplissement de cette formalit\u00e9 par la production des copies certifi\u00e9es conformes deslettres d'envoi recommand\u00e9es et des accus\u00e9s de r\u00e9ception ;\u2014 publi\u00e9 par les soins de la Communaut\u00e9 d'Agglom\u00e9ration - Al\u00e8s Agglom\u00e9ration voie d'affichespendant une dur\u00e9e minimale d'un mois \u00e0 compter de sa publication (l'insertion de la mention decet affichage en,caract\u00e9res apparents sera diffus\u00e9 dans un journal dans le d\u00e9partement) ;\u2014 publi\u00e9 par les soins des maires des communes susvis\u00e9es, par voie d'affiches, notamment auxportes des mairies et \u00e9ventuellement par tous autres proc\u00e9d\u00e9s. Il sera justifi\u00e9 del'accomplissement de cette formalit\u00e9 par la production d'un certificat \u00e9tabli par les maires ;\u2014 publi\u00e9 au recueil des actes administratifs de la pr\u00e9fecture du Gard.Article 6 : recoursLe pr\u00e9sent arr\u00eat\u00e9 peut faire l'objet, conform\u00e9ment aux dispositions de l'article R 421-1 et suivantsdu code de justice administrative, dans un d\u00e9lai de deux mois \u00e0 compter de sa publication, soitd'un recours gracieux aupr\u00e8s du pr\u00e9fet du Gard, soit d'un recours hi\u00e9rarchique aupr\u00e8s du ministrede l'Int\u00e9rieur. Il peut \u00e9galement faire l'objet d'un recours contentieux aupr\u00e8s du tribunaladministratif de N\u00eemes, soit :\u2014 directement, en l'absence de recours pr\u00e9alable, dans un d\u00e9lai de deux mois \u00e0 compter de sapublication ;\u2014 \u00e0 l'issue d'un recours pr\u00e9alable, dans le d\u00e9lai de deux mois \u00e0 compter de la date de notification\"de la r\u00e9ponse obtenue de l'administration, ou au terme d'un silence gard\u00e9 par celle-ci pendantdeux mois \u00e0 compter de la r\u00e9ception de la demande ;\u2014 concernant la cessibilit\u00e9, ce d\u00e9lai court \u00e0 compter de la notification faite par l'expropriant auxpersonnes int\u00e9ress\u00e9es par lettre recommand\u00e9e avec accus\u00e9 de r\u00e9ception.Le tribunal administratif peut aussi \u00eatre saisi par l'application informatique \u00ab T\u00e9l\u00e9recourscitoyen \u00bb accessible par le site internet : www.telerecours.fr.Article 7 : communication du rapport et des conclusionsLes personnes int\u00e9ress\u00e9es pourront obtenir communication du rapport et des conclusionsmotiv\u00e9es du commissaire-enqu\u00e9teur en s'adressant \u00e0 la communaut\u00e9 d'agglom\u00e9ration \u2014- Al\u00e8sAgglom\u00e9ration. Ces documents seront \u00e9galement consultables sur le site Internet des services del'\u00c9tat dans le Gard (www.gard.gouv.fr) rubrique \u00ab publications-enqu\u00eates publiques \u00bb.\nSous Pr\u00e9fecture d'Al\u00e8s - 30-2025-02-13-00001 - Arr\u00eat\u00e9 n\u00b0 30-2025-02-13-00001 du 13/02/2025 portant d\u00e9claration d'utilit\u00e9 publique et\nparcellaire pour l'instauration des servitudes pour le passage de canalisations publiques d'assainissement en terrain priv\u00e9, n\u00e9cessaire\nau projet de cr\u00e9ation d'une station intercommunale de traitement des eaux us\u00e9es (STEU) de La Grand'Combe pour les communes de\nLa Grand'Combe, Branoux-les-Taillades, Cendras, Les-Salles-du-Gardon et Sainte-C\u00e9cile d'Andorge.\n94\n[Ul py . eesiueqin ui LLL 062 | AV |uopie9 np SOJJES S97| ZOEOE LI GLE zl 081 egsjueq/) zl 6LZ Z 682 Jy |uopseg np sejes se7| J0E0\u00a2 L[ul \u00ffi | 'easiueqin zU 0G9 \u20ac8\u00a2 dV uopiep np SSIJES Se7| ZOEOE L[lu 6S aesiueqn zu \u00a3E6 LLE AV |UOPIED np S8JJES Se7| /0\u00a30\u20ac Ljut LE sesiueqin | -U8I62 297 3y |uopsep np sayjes se LOE0E Lojw OL 99SIUEqIN 2 Eb} \u00a308 Gv |uopieg np sayes se7| 200\u20ac Ljul EL 29SIUEQUN zl GL 008 dv .|uopseg np seyes se7 ZO\u20ac0\u20ac L[ulg eesiueqin zu 8\u20ac EGL av uopsleg np sajjes 597 LOGE LIL \u00a38t DESIGN zu 886 GGEL | GV |UOpIE9 np saes S97| ZOEOE L{Ul 0\u20ac easiueqin WU vel ever . GV |uopsey np sayes al LOEOE LIH OLE 99SIueqiN . UGE L | cvel AV eae np SeJles S37 LOE0e L[ul z'O agsiueqif) zUl CC 88cL GV |uopses np SSJJES S27| /0\u00a30\u00a3 LIL 881 : apsiueqy zW 819} 9601 dV |uopses np SsjjeS S87| /0\u00a30\u20ac\u00a3 LIL 86 eesiuedin . zU ZL18 | 680L GV |U\u00a5opsey np sajes saz Z0E0E ' LIL \u00a39 98SIUequN | zu ces '8804 av UOpIE9 np saj[es S87| /0\u00a30\u20ac\u00a3 L\"We | egsIueqin Lui EE ZrO! dv |uopses np sajjes se7| /0\u20ac0\u20ac Le[JW 6 | egsjueqiN zU 062 Sev 00L0\u20ac 6E0L Gv- |uopie9 np safes se7| /OE0\u20ac L* INOLVY JUS - Jesayripy ;luz 29SIUeq/N zUl 66 ani z - uonesowo|6By sely 8\u00a3OL dv |uopieo np SaJJes Se7| OEE L| (seueseyjodAyenbijqnd ayjnn,p sapnynss ap epuewap e| 2p yolqo,| juesie] say}adIe4 - FKANNWLANO ewgusfynof 29 ep eyep ue gjquie ou.e exeuue 21} unod nAyoud 97\nSous Pr\u00e9fecture d'Al\u00e8s - 30-2025-02-13-00001 - Arr\u00eat\u00e9 n\u00b0 30-2025-02-13-00001 du 13/02/2025 portant d\u00e9claration d'utilit\u00e9 publique et\nparcellaire pour l'instauration des servitudes pour le passage de canalisations publiques d'assainissement en terrain priv\u00e9, n\u00e9cessaire\nau projet de cr\u00e9ation d'une station intercommunale de traitement des eaux us\u00e9es (STEU) de La Grand'Combe pour les communes de\nLa Grand'Combe, Branoux-les-Taillades, Cendras, Les-Salles-du-Gardon et Sainte-C\u00e9cile d'Andorge.\n95\nJU 881 2 GZ Je aasiueqin | 2W 992 Zz uopseg np ZLLL av |uopseg np sajjes se7| /0\u00a30\u20ac OLsays S87 OLLO\u00a3-OUIEN - UOPIE9 |JU Ove 2 EpG 29SIUequN zU 092 61 | . np sajjes Se7 ap eunwuwo) \u00a3LOL dv |uopsep np sejes Se7| 20\u00a30\u20ac OL| 9qUI09,PUE19 E7 OLLOE - SUIENIL 99\u20ac sesiueqin UTIL EL | ais pie 01 Ob OUIUOD v2 Fy |uopieg np sees se7| /0\u20ac0\u20ac 6| ..._ SPIPUBD 08\u00ff0\u00a3 | |JU 08 zu OZ 99SIUEUN S292 | | ur - seipueg ap eununuon 44 V seipuaD ZLODE 8lu \u00a3G oy/ainjen zu 28\u20ac wines \u00c8S Goethe) ELPL a] Jepeid-12A87 ZrLoe Zdi -jul 92 aje1meN 2woog 1, | oP YUHSYS2 OLZ SeUUSASO CHD Peel a Jepeid-J2A87 ZhLOE Zjul LLL egsjueqin zu \u00a39 9 620L av |uopseg np sajjes se7| /0\u20ac\u00a30\u20ac 9ju 6} sesiueqin 2Ul J64 Zz | SIIOSIEMN LOOEL - Joesseg jules ZLOL av |uopseg np sajjes se7| /0\u00a30\u20ac 9and SI LL - DIN NO 99 94 99Ju gp epsiuequn | :W 08\u20ac 2 9/01 dv |uopieo np sajjes se7| /0\u00a30\u20ac 9SUE9/1O 00LSb - UIWE]IIN9[ul GL ayaimeny 2Ul 8ZZ 9 SRR\u00c8ES CHAR E+ ME ELLL Gy |uopsep np sayjes se7| /0\u00a30\u20ac S. uopsesyju GEL 29SIUEqUN :WYEG8 | np seayes S87 OLLOE \u201416J,p om | LrzL dv |uopseg np sajjes se7| /0\u20ac20\u20ac vGz \u2014 ydesor jneg-uear aluoueg |; | UOPIE9 NP sajjes S97 OLLOE -IL pGL 99SIUEqUN -U 209 L |elle1enqeH.I ep aurea 'ajjaseuqeH,!| SGOL dv |uopieo np sajjes se7| /0\u00a30\u20ac msep agi] ajeaIpUuAS uonel50sstIU ze zUI \u00ffE9 G oyou+4 -U $00 LL \u00ffLOC a fepeid-12187. ZrLOE Zlu Z6 a/oimen zU \u00a762 \u00e0 LGZ 5 : @pesd-|eAeT ZrLoe Zzjw \u00a3/ ayjainjen zU \u00a3902 : | | 6rZ I8peid-12A87 ZhLOE A- 191 QUO ooore - sueubidwuo4IL 8C ayainjen zU G6C ej ap enuane LOS - UoIBey Led . 9 I8peId-IPA87 CPLO\u00a3 l'A- B] OP [8J9H - SJU8JI990 DVYV -ju Lg. ayjainjeyy ELA | Or 9 Jepeid-12A87 | ZrLoe Zzeyouy zUI 9G9 L Z20Z a] I8pe1d-[2A87 ZPLOe 4jut \u00a3z ayjainjen 2W6LOZL rr 9 lepeid-12A87 ZrLOE Zz\nSous Pr\u00e9fecture d'Al\u00e8s - 30-2025-02-13-00001 - Arr\u00eat\u00e9 n\u00b0 30-2025-02-13-00001 du 13/02/2025 portant d\u00e9claration d'utilit\u00e9 publique et\nparcellaire pour l'instauration des servitudes pour le passage de canalisations publiques d'assainissement en terrain priv\u00e9, n\u00e9cessaire\nau projet de cr\u00e9ation d'une station intercommunale de traitement des eaux us\u00e9es (STEU) de La Grand'Combe pour les communes de\nLa Grand'Combe, Branoux-les-Taillades, Cendras, Les-Salles-du-Gardon et Sainte-C\u00e9cile d'Andorge.\n96\nJu GE easiueqin 2Ul 60 Z Eee 3v _|uopsey np seyes se7| 20\u00a30\u20ac LLaquio0D,PUBID 27 OLLOE \u2014 SLIEN \u2014ul G easiueqin 2ugge | eusnpul,] seddojaagp ja asuioney | 662 Gy |uopieo np seyes se7| 020\u20ac LLAnod jeunwuuwo231eju] JeDIPUASlu gp easiueqy 2W plz L6L av |uopieo np sajes se7| 20\u00a30\u20ac LL\nJePeid J2Ae7\nlu 6 eee zU OOF Z OOLOE \u2014 I8Peid 87 - LYFANOF gl a JePe1d-12A87 ZhLOE 9Lapne/D N -elueyda)s [OSSeUIUJ91g9 ap 911eJ1Hjules 0950\u20ac - S1e1peBng e7 \u00a3G Je1n4jul \u20acZ easiueqin AOL l'onneus-sHaief uaydars aueauy | . 29% 3v |uopieo np seyes se7| 20\u00a30\u20ac SL'IW 4ed agjuaseides WHdTV IDS |Se]Y Za] JOJSUYD JUIES 08\u00a30\u20acjul 29 eesiueqin HORE | einen Gp sincs por ieisaal bo Gv |uopieo np seyes se7| 050\u20ac rh[ul G sasiueqin 2 ZL LHIANVA 00908 = Se ddy zg 866 Gy |uopieo np sees se7| 20\u20ac0\u20ac ELjeg \u2014 aulwiepuos e] ap anuaae 919jul \u00a3E sesjueqin gee |\" 5j) souepisou- Nano pneuly | 996 Gy |uopieo np seyes se7| /O\u20ac0\u20ac Ehjul Eg aasjueqin su 6g z | 'ISUON \u2014 Se1ejeudoidos se7 ZoZ dy |uopseg np sayjes se7| 020\u20ac ELuopley np SeJJES S27 OLLOEJW PLL 8SIUEgIN -Ul +08 - apeAey ET - pseusog uoping OLEL dv |uopieo np seyes se7| 080\u20ac Zh'W 4ed sajuasesdas sejqge) se7uopsey np SeJJeS\nJU! \u20acZ eesiueqin 2WEegz | S97 OLLOE - affeseyqeH,) ep eulejg | 9GEL Gv |uopsey np seyes se7| ZO\u20ac0\u20ac LL- 91618UZ SI0g JUSWSUUOIIAUTFwu Ww Speen UW uopies) np sajyjfesS sojul GLE -U GZ een es 888 g prey np SeJJES se7| ZOE OLju 99 sesjueqiy 2 OZ BL Glz 3v |uopieo np seyes se7| 20\u00a30\u20ac OLjul \u00ff o9sIuequn zUl GOS LiS av |uopieo np seyes se7| 080\u20ac | OLajje1njeu\nSous Pr\u00e9fecture d'Al\u00e8s - 30-2025-02-13-00001 - Arr\u00eat\u00e9 n\u00b0 30-2025-02-13-00001 du 13/02/2025 portant d\u00e9claration d'utilit\u00e9 publique et\nparcellaire pour l'instauration des servitudes pour le passage de canalisations publiques d'assainissement en terrain priv\u00e9, n\u00e9cessaire\nau projet de cr\u00e9ation d'une station intercommunale de traitement des eaux us\u00e9es (STEU) de La Grand'Combe pour les communes de\nLa Grand'Combe, Branoux-les-Taillades, Cendras, Les-Salles-du-Gardon et Sainte-C\u00e9cile d'Andorge.\n97\nSous Pr\u00e9fecture d'Al\u00e8s - 30-2025-02-13-00001 - Arr\u00eat\u00e9 n\u00b0 30-2025-02-13-00001 du 13/02/2025 portant d\u00e9claration d'utilit\u00e9 publique et\nparcellaire pour l'instauration des servitudes pour le passage de canalisations publiques d'assainissement en terrain priv\u00e9, n\u00e9cessaire\nau projet de cr\u00e9ation d'une station intercommunale de traitement des eaux us\u00e9es (STEU) de La Grand'Combe pour les communes de\nLa Grand'Combe, Branoux-les-Taillades, Cendras, Les-Salles-du-Gardon et Sainte-C\u00e9cile d'Andorge.\n98","date":"2025-02-14","first_seen_on":"2025-02-14T19:06:00+00:00","id":"b55d211684aefa9b7d3752f8522e99af1e0b28bf709cd1a424d713d177121618","name":"recueil-30-2025-027-special du 14 02 2025","pdf_creation_date":"2025-02-14T15:26:11+00:00","pdf_modification_date":null,"timezone":"CET","url":"https://www.gard.gouv.fr/contenu/telechargement/62090/460115/file/recueil-30-2025-027-special%20du%2014%2002%202025.pdf"}
