{"administration":"pref83","administration_name":"Pr\u00e9fecture du Var","content":"VAR\nRECUEIL DES ACTES\nADMINISTRATIFS\nN\u00b083-2025-141\nPUBLI\u00c9 LE 23 AVRIL 2025\nSommaire\nPr\u00e9fecture du VAR / Direction de la coordination des politiques publiques\net de l'appui territorial\n83-2025-04-23-00001 - ARR\u00caT\u00c9 PR\u00c9FECTORAL n\u00b02025/10/MCI du 23\navril 2025 portant d\u00e9l\u00e9gation de signature \u00e0 M. Emmanuel\nSADOUX,directeur des titres d'identit\u00e9 et de l'immigration de la\npr\u00e9fecture du Var (3 pages) Page 3\n83-2025-04-23-00002 - ARR\u00caT\u00c9 PR\u00c9FECTORAL n\u00b02025/11/MCI du 23\navril 2025 portant d\u00e9l\u00e9gation de signature \u00e0 Mme Myriam GARCIA,\nsous-pr\u00e9f\u00e8te de l'arrondissement de DRAGUIGNAN (8 pages) Page 7\n2\nPr\u00e9fecture du VAR\n83-2025-04-23-00001\nARR\u00caT\u00c9 PR\u00c9FECTORAL n\u00b02025/10/MCI du 23 avril\n2025 portant d\u00e9l\u00e9gation de signature \u00e0 M.\nEmmanuel SADOUX,directeur des titres\nd'identit\u00e9 et de l'immigration de la pr\u00e9fecture du\nVar\nPr\u00e9fecture du VAR - 83-2025-04-23-00001 - ARR\u00caT\u00c9 PR\u00c9FECTORAL n\u00b02025/10/MCI du 23 avril 2025 portant d\u00e9l\u00e9gation de signature \u00e0 M.\nEmmanuel SADOUX,directeur des titres d'identit\u00e9 et de l'immigration de la pr\u00e9fecture du Var 3\n=mPREFETDU VARLibert\u00e9Egalit\u00e9Fraternit\u00e9\nDirection de la coordination des politiques publiques\net de l'appui territorial\nMission de coordination interminist\u00e9rielle\nARR\u00caT\u00c9 PR\u00c9FECTORAL n\u00b02025/10/MCI du 23 avril 2025\nportant d\u00e9l\u00e9gation de signature \u00e0 M. Emmanuel SADOUX,\ndirecteur des titres d'identit\u00e9 et de l'immigration de la pr\u00e9fecture du Var\nLe Pr\u00e9fet du Var,\nOfficier de la L\u00e9gion d'Honneur\nVu la loi n\u00b0 82-213 du 2 mars 1982 modifi\u00e9e, relative aux droits et libert\u00e9s des communes, des  \nd\u00e9partements et des r\u00e9gions ;\nVu la loi n\u00b0 83-8 du 7 janvier 1983 modifi\u00e9e, relative \u00e0 la r\u00e9partition des comp\u00e9tences entre les \ncommunes, les d\u00e9partements, les r\u00e9gions et l'\u00c9tat ;\nVu  la  loi  d'orientation  n\u00b0  92-125  du  6  f\u00e9vrier  1992  modifi\u00e9e  relative  \u00e0  l'administration \nterritoriale de la R\u00e9publique ;\nVu la loi n\u00b0 2004-809 du 13 ao\u00fbt 2004 modifi\u00e9e relative aux libert\u00e9s et responsabilit\u00e9s locales ;\nVu  le  d\u00e9cret  n\u00b0  2004-374  du  29  avril  2004  modifi\u00e9  relatif  aux  pouvoirs  des  pr\u00e9fets,  \u00e0 \nl'organisation et \u00e0 l'action des services de l'\u00c9tat dans les r\u00e9gions et d\u00e9partements ;\nVu le d\u00e9cret n\u00b0 2015-510 du 7 mai 2015 portant charte de la d\u00e9concentration ;\nVu  le  d\u00e9cret  du  Pr\u00e9sident  de  la  R\u00e9publique  du  15  avril  2022  portant  nomination  de \nM.  Lucien  GIUDICELLI,  secr\u00e9taire  g\u00e9n\u00e9ral  de  la  pr\u00e9fecture  du  Var,  sous-pr\u00e9fet  de \nl'arrondissement de Toulon ;\nVu  le  d\u00e9cret  du  Pr\u00e9sident  de  la  R\u00e9publique  du  13  juillet  2023  portant  nomination  de \nM. Philippe MAHE, pr\u00e9fet du Var ;\nVu l'arr\u00eat\u00e9 pr\u00e9fectoral n\u00b02024/34/MCI du 4 septembre 2024 portant d\u00e9l\u00e9gation de signature \u00e0  \nM. Emmanuel SADOUX, directeur des titres d'identit\u00e9 et de l'immigration de la pr\u00e9fecture du  \nVar ;\nVu la d\u00e9cision pr\u00e9fectorale du 13 mars 2025 portant affectation de Mme Anne-Sophie GADIN,  \nattach\u00e9e d'administration, en qualit\u00e9 de cheffe du CERT CNI/Passeports \u00e0 compter du 1 er avril \n2025 ;\nVu  la  d\u00e9cision  pr\u00e9fectorale  du  3  mars  2025  portant  affectation  de  Mme  Anne  BELLEC, \nsecr\u00e9taire  administrative  de  classe  normale,  en  qualit\u00e9  de  cheffe  de  la  section  s\u00e9jour  \u00e0 \ncompter du 1er avril 2025 ;\n1/3\nPr\u00e9fecture du VAR - 83-2025-04-23-00001 - ARR\u00caT\u00c9 PR\u00c9FECTORAL n\u00b02025/10/MCI du 23 avril 2025 portant d\u00e9l\u00e9gation de signature \u00e0 M.\nEmmanuel SADOUX,directeur des titres d'identit\u00e9 et de l'immigration de la pr\u00e9fecture du Var 4\nSur proposition du secr\u00e9taire g\u00e9n\u00e9ral de la pr\u00e9fecture ;\nARR\u00caT\u00c9 :\nARTICLE 1er : D\u00e9l\u00e9gation est donn\u00e9e \u00e0 M. Emmanuel SADOUX, conseiller d'administration de  \nl'Int\u00e9rieur et de l'outre-mer, directeur des titres d'identit\u00e9 et de l'immigration de la pr\u00e9fecture \ndu Var, aux fins de signer, d ans les limites des attributions de cette direction,  tous actes,  \ndocuments et correspondances ne pr\u00e9sentant pas un caract\u00e8re d\u00e9cisionnel, \u00e0 l'exclusion des  \nrequ\u00eates et m\u00e9moires aupr\u00e8s des juridictions administratives, des lettres circulaires et des  \nlettres personnelles aux \u00e9lus.\nARTICLE 2 : D\u00e9l\u00e9gation de signature est \u00e9galement donn\u00e9e \u00e0 M. Emmanuel SADOUX  pour les \nactes relevant du champ de comp\u00e9tence de la direction \u00e9num\u00e9r\u00e9s ci-apr\u00e8s :\na) les oppositions \u00e0 sortie du territoire pour mineurs (hors mineurs radicalis\u00e9s) ;\nb) les demandes d'habilitation \u00e0 l'application TES (titres \u00e9lectroniques s\u00e9curis\u00e9s) ;\nc) les r\u00e9c\u00e9piss\u00e9s de demandes de titres de s\u00e9jour, les autorisations de s\u00e9jour, les titres de  \ns\u00e9jour,  les  r\u00e9c\u00e9piss\u00e9s  valant  justificatif  d'identit\u00e9  dans  le  cadre  des  assignations  \u00e0 \nr\u00e9sidence, les documents de circulation pour les \u00e9trangers mineurs r\u00e9sidant en France, les  \ntitres de voyage pour r\u00e9fugi\u00e9s et apatrides et les attestations de demandes d'asile ;\nd) les d\u00e9cisions favorables de regroupement familial ;\ne) les mesures d'\u00e9loignement relevant de la comp\u00e9tence du repr\u00e9sentant de l'\u00c9tat dans le  \nd\u00e9partement  et  concernant  les  \u00e9trangers  s\u00e9journant  irr\u00e9guli\u00e8rement  sur  le  territoire \nfran\u00e7ais ainsi que les d\u00e9cisions de placement en r\u00e9tention administrative ou d'assignation  \n\u00e0 r\u00e9sidence des \u00e9trangers objet de ces mesures prises en application des dispositions du  \ncode de l'entr\u00e9e et du s\u00e9jour des \u00e9trangers et du droit d'asile (CESEDA) ;\nf)  tout courrier relatif aux proc\u00e9dures d'\u00e9loignement concernant les \u00e9trangers s\u00e9journant  \nirr\u00e9guli\u00e8rement sur le territoire fran\u00e7ais, y compris toute requ\u00eate adress\u00e9e aux juridictions \nen mati\u00e8re de r\u00e9tention administrative, notamment au juge des libert\u00e9s et de la d\u00e9tention \nen application des articles L. 742-1 \u00e0 L. 742-10 du CESEDA en vue d'obtenir la prolongation \nde la r\u00e9tention administrative ;\nARTICLE 3 : Bureau de l'immigration de la pr\u00e9fecture \nEn cas d'absence ou d'emp\u00eachement de M. Emmanuel SADOUX, la d\u00e9l\u00e9gation de signature qui \nlui est accord\u00e9e est exerc\u00e9e par M. Thomas LORMAILLE, attach\u00e9 principal d'administration de  \nl'\u00c9tat, chef du bureau de l'immigration, pour les actes mentionn\u00e9s \u00e0 l'article 1er, dans la limite  \ndes attributions de ce bureau, et aux c), d), e) et f) de l'article 2 du pr\u00e9sent arr\u00eat\u00e9.\nEn cas d'absence ou d'emp\u00eachement de M. Thomas LORMAILLE, la d\u00e9l\u00e9gation de signature qui \nlui est accord\u00e9e est exerc\u00e9e par Mmes Nathalie ORTIZ et Coralie OTULAKOWSKI, attach\u00e9es  \nd'administration  de  l'\u00c9tat,  adjointes  au  chef  du  bureau,  \u00e0  l'exception  du  e)  et  du  f)  de \nl'article 2.\nEn cas d'absence ou d'emp\u00eachement de Mmes Nathalie ORTIZ et Coralie OTULAKOWSKI, la  \nd\u00e9l\u00e9gation de signature qui leur est accord\u00e9e est exerc\u00e9e par Mme Anne BELLEC, secr\u00e9taire  \nadministrative de classe normale,  cheffe de la section \"s\u00e9jour\", dans la limite des attributions  \nde cette section.\n                                                                                                                                                                                                                               2/3\nPr\u00e9fecture du VAR - 83-2025-04-23-00001 - ARR\u00caT\u00c9 PR\u00c9FECTORAL n\u00b02025/10/MCI du 23 avril 2025 portant d\u00e9l\u00e9gation de signature \u00e0 M.\nEmmanuel SADOUX,directeur des titres d'identit\u00e9 et de l'immigration de la pr\u00e9fecture du Var 5\nARTICLE 4 : Centre d'expertise et de ressources des titres (CERT) CNI / Passeports\nEn cas d'absence ou d'emp\u00eachement de M. Emmanuel SADOUX, la d\u00e9l\u00e9gation de signature qui \nlui  est  accord\u00e9e  est  exerc\u00e9e  par  Mme  Anne-Sophie  GADIN,  attach\u00e9e  d'administration  de \nl'\u00c9tat, cheffe du centre d'expertise et de ressources des titres (CERT) CNI / Passeports, pour les \nactes mentionn\u00e9s \u00e0 l'article 1er, dans la limite des attributions de ce service, et aux a) et b) de  \nl'article 2 du pr\u00e9sent arr\u00eat\u00e9.\nARTICLE 5 : Le secr\u00e9taire g\u00e9n\u00e9ral de la pr\u00e9fecture et le directeur des titres d'identit\u00e9 et de  \nl'immigration  de  la  pr\u00e9fecture  du  Var,  sont  charg\u00e9s,  chacun  en  ce  qui  le  concerne,  de \nl'ex\u00e9cution  du  pr\u00e9sent  arr\u00eat\u00e9  qui  sera  publi\u00e9  au  recueil  des  actes  administratifs  de  la \npr\u00e9fecture du Var.\nFait \u00e0 Toulon, le 23 avril 2025\nLe pr\u00e9fet du Var,\nSign\u00e9\nPhilippe MAHE\n3/3\nPr\u00e9fecture du VAR - 83-2025-04-23-00001 - ARR\u00caT\u00c9 PR\u00c9FECTORAL n\u00b02025/10/MCI du 23 avril 2025 portant d\u00e9l\u00e9gation de signature \u00e0 M.\nEmmanuel SADOUX,directeur des titres d'identit\u00e9 et de l'immigration de la pr\u00e9fecture du Var 6\nPr\u00e9fecture du VAR\n83-2025-04-23-00002\nARR\u00caT\u00c9 PR\u00c9FECTORAL n\u00b02025/11/MCI du 23 avril\n2025 portant d\u00e9l\u00e9gation de signature \u00e0 Mme\nMyriam GARCIA, sous-pr\u00e9f\u00e8te de\nl'arrondissement de DRAGUIGNAN\nPr\u00e9fecture du VAR - 83-2025-04-23-00002 - ARR\u00caT\u00c9 PR\u00c9FECTORAL n\u00b02025/11/MCI du 23 avril 2025 portant d\u00e9l\u00e9gation de signature \u00e0\nMme Myriam GARCIA, sous-pr\u00e9f\u00e8te de l'arrondissement de DRAGUIGNAN 7\nEgalit\u00e9Fraternit\u00e9\nVu le d\u00e9cret du Pr\u00e9sident de la R\u00e9publique du 8 septembre 2021 portant nomination de  \nDirection de la coordination des politiques publiques\net de l'appui territorial\nMission de coordination interminist\u00e9rielle\nARR\u00caT\u00c9 PR\u00c9FECTORAL n\u00b02025/11/MCI du 23 avril 2025\nportant d\u00e9l\u00e9gation de signature \u00e0 Mme Myriam GARCIA,\nsous-pr\u00e9f\u00e8te de l'arrondissement de DRAGUIGNAN\nLe Pr\u00e9fet du Var,\nOfficier de la L\u00e9gion d'Honneur,\nVu la loi n\u00b0 82-213 du 2 mars 1982 modifi\u00e9e, relative aux droits et libert\u00e9s des communes, des  \nd\u00e9partements et des r\u00e9gions ;\nVu la loi n\u00b0 83-8 du 7 janvier 1983 modifi\u00e9e, relative \u00e0 la r\u00e9partition des comp\u00e9tences entre les \ncommunes, les d\u00e9partements, les r\u00e9gions et l'\u00c9tat ;\nVu  la  loi  d'orientation  n\u00b0  92-125  du  6  f\u00e9vrier  1992  modifi\u00e9e  relative  \u00e0  l'administration  \nterritoriale de la R\u00e9publique ;\nVu la loi n\u00b0 2004-809 du 13 ao\u00fbt 2004 modifi\u00e9e relative aux libert\u00e9s et responsabilit\u00e9s locales ;\nVu le d\u00e9cret n\u00b0 97-34 du 15 janvier 1997 modifi\u00e9 relatif \u00e0 la d\u00e9concentration des d\u00e9cisions  \nadministratives individuelles ;\nVu  le  d\u00e9cret  n\u00b0  2004-374  du  29  avril  2004  modifi\u00e9  relatif  aux  pouvoirs  des  pr\u00e9fets,  \u00e0  \nl'organisation et \u00e0 l'action des services de l'\u00c9tat dans les r\u00e9gions et d\u00e9partements ;\nVu le d\u00e9cret n\u00b0 2015-510 du 7 mai 2015 portant charte de la d\u00e9concentration ;\nVu  le  d\u00e9cret  du  Pr\u00e9sident  de  la  R\u00e9publique  du  15  avril  2022  portant  nomination  de  \nM.  Lucien  GIUDICELLI,  secr\u00e9taire  g\u00e9n\u00e9ral  de  la  pr\u00e9fecture  du  Var,  sous-pr\u00e9fet  de  \nl'arrondissement de Toulon ;\nVu  le  d\u00e9cret  du  Pr\u00e9sident  de  la  R\u00e9publique  du  6  juillet  2023  portant  nomination  de  \nMme Myriam GARCIA, sous-pr\u00e9f\u00e8te de l'arrondissement de Draguignan ;\nVu  le  d\u00e9cret  du  Pr\u00e9sident  de  la  R\u00e9publique  du  13  juillet  2023  portant  nomination  de  \nM. Philippe MAHE, pr\u00e9fet du Var ;\nVu  le  d\u00e9cret  du  Pr\u00e9sident  de  la  R\u00e9publique  du  3  avril  2024  portant  nomination  de  \nMme Jos\u00e9phine GUIGLIANO-BOUTONNET, sous-pr\u00e9f\u00e8te, directrice de cabinet du pr\u00e9fet du  \nVar ;\nVu le d\u00e9cret du Pr\u00e9sident de la R\u00e9publique du 21 septembre 2024 portant nomination de  \nM. Jean-Baptiste MORINAUD, sous-pr\u00e9fet charg\u00e9 de mission aupr\u00e8s du pr\u00e9fet du Var, secr\u00e9taire \ng\u00e9n\u00e9ral adjoint de la pr\u00e9fecture du Var ;\nVu le d\u00e9cret du Pr\u00e9sident de la R\u00e9publique du 14 novembre 2024 portant nomination de  \nMme Anne C\u00e9cile VIALLE, sous-pr\u00e9f\u00e8te de l'arrondissement de Brignoles ;\n1/8\nPr\u00e9fecture du VAR - 83-2025-04-23-00002 - ARR\u00caT\u00c9 PR\u00c9FECTORAL n\u00b02025/11/MCI du 23 avril 2025 portant d\u00e9l\u00e9gation de signature \u00e0\nMme Myriam GARCIA, sous-pr\u00e9f\u00e8te de l'arrondissement de DRAGUIGNAN 8\nVu le d\u00e9cret du Pr\u00e9sident de la R\u00e9publique du 8 septembre 2021 portant nomination de  \nVu l'arr\u00eat\u00e9 pr\u00e9fectoral n\u00b02025/07/MCI du 11 mars 2025 portant d\u00e9l\u00e9gation de signature \u00e0 Mme  \nMyriam GARCIA, sous-pr\u00e9f\u00e8te de l'arrondissement de Draguignan ;\nSur proposition du secr\u00e9taire g\u00e9n\u00e9ral de la pr\u00e9fecture du Var,\nARR\u00caTE :\nARTICLE  1er     :  Ind\u00e9pendamment  des  attributions  qui  sont  conf\u00e9r\u00e9es  aux  sous-pr\u00e9fets  \nd'arrondissement par les lois et r\u00e8glements, d\u00e9l\u00e9gation est donn\u00e9e \u00e0 Mme Myriam GARCIA , \nsous-pr\u00e9f\u00e8te de l'arrondissement de Draguignan, \u00e0 l'effet d'instruire et de signer tous actes de \ngestion relatifs au fonctionnement des services de la sous-pr\u00e9fecture, ainsi que pour signer les \narr\u00eat\u00e9s, circulaires et correspondances concernant, pour l'arrondissement de Draguignan, les  \naffaires  suivantes,  \u00e0  l'exclusion  des  requ\u00eates  et  m\u00e9moires  aupr\u00e8s  des  juridictions  \nadministratives :\nI \u2013 Administration g\u00e9n\u00e9rale :\na) Pour les communes de l'arrondissement, lors du renouvellement g\u00e9n\u00e9ral des \u00e9lections  \nmunicipales :\n- re\u00e7us de d\u00e9p\u00f4t d'une d\u00e9claration de candidature pour le 1 er tour de scrutin des \u00e9lections  \nmunicipales ;\n-  r\u00e9c\u00e9piss\u00e9  d\u00e9finitif  d'enregistrement  d'une  d\u00e9claration  de  candidature  aux  \u00e9lections  \nmunicipales ;\n- refus de d\u00e9livrance du r\u00e9c\u00e9piss\u00e9 d\u00e9finitif d'enregistrement d'une d\u00e9claration de candidature \naux \u00e9lections municipales ;\n- r\u00e9c\u00e9piss\u00e9s d\u00e9finitifs d'une d\u00e9claration de candidature pour le second tour de scrutin des  \n\u00e9lections municipales.\nb) organisation des \u00e9lections municipales partielles.\nII \u2013 Administration locale :\na) suivi  du contr\u00f4le de l\u00e9galit\u00e9 des actes administratifs des collectivit\u00e9s locales et de leurs  \n\u00e9tablissements du ressort de l'arrondissement (\u00e0 l'exception des syndicats mixtes dont le  \nconseil d\u00e9partemental du Var est membre) et des soci\u00e9t\u00e9s d'\u00e9conomie mixte locales, en ce  \nqu'il comprend :\n\u2022 l'information de l'autorit\u00e9 locale sur sa demande de la d\u00e9cision du repr\u00e9sentant de  \nl'\u00c9tat dans le d\u00e9partement de ne pas d\u00e9f\u00e9rer un acte au tribunal administratif ;\n\u2022 l'information  de  l'autorit\u00e9  locale  qu'un  acte  est  entach\u00e9  d'ill\u00e9galit\u00e9  et  la  \ncommunication des pr\u00e9cisions utiles lui permettant de rendre l\u00e9gal l'acte concern\u00e9 ;\n\u2022 la signature des recours gracieux ;\n\u2022 la signature de lettres de demandes de pi\u00e8ces compl\u00e9mentaires en mati\u00e8re de contr\u00f4le \nde l\u00e9galit\u00e9 ne valant pas recours gracieux ;\nb) suivi du contr\u00f4le budg\u00e9taire des collectivit\u00e9s locales du ressort de l'arrondissement et de \nleurs \u00e9tablissements (\u00e0 l'exception des syndicats mixtes dont le conseil d\u00e9partemental du Var  \nest membre) en ce qu'il comprend :\n\u2022 la signature des recours gracieux et la signature de lettres de demandes de pi\u00e8ces  \ncompl\u00e9mentaires ne valant pas recours gracieux ;\nc) suivi des demandes de mandatement d'office des d\u00e9penses obligatoires ;\nd) en mati\u00e8re d'urbanisme :\n                                                                                                                                                                                                                           2/8\nPr\u00e9fecture du VAR - 83-2025-04-23-00002 - ARR\u00caT\u00c9 PR\u00c9FECTORAL n\u00b02025/11/MCI du 23 avril 2025 portant d\u00e9l\u00e9gation de signature \u00e0\nMme Myriam GARCIA, sous-pr\u00e9f\u00e8te de l'arrondissement de DRAGUIGNAN 9\nVu le d\u00e9cret du Pr\u00e9sident de la R\u00e9publique du 8 septembre 2021 portant nomination de  \n- la signature des avis de l'\u00c9tat ;\n- la signature des avis sur les permis de d\u00e9molir ;\n- la signature des autorisations ou actes relatifs \u00e0 l'utilisation et \u00e0 l'occupation du sol  \npour les op\u00e9rations relevant de l'article R. 422-2 du code de l'urbanisme ;\n- la signature des autorisations ou actes relatifs \u00e0 l'utilisation et \u00e0 l'occupation du sol  \ndans les communes non dot\u00e9es d'un document d'urbanisme approuv\u00e9, pour les cas  \npr\u00e9vus \u00e0 l'article L. 422-1-b du code de l'urbanisme ;\ne) substitution aux maires dans les cas pr\u00e9vus aux articles L. 2215-1 et L. 2215-5 du code  \ng\u00e9n\u00e9ral des collectivit\u00e9s territoriales ;\nf) autorisation d'occupation temporaire et autorisation de p\u00e9n\u00e9trer sur les propri\u00e9t\u00e9s priv\u00e9es ;\ng) constitution des groupes de travail pr\u00e9vus par les dispositions du titre VIII du code de  \nl'environnement relatif \u00e0 la protection du cadre de vie (publicit\u00e9, enseignes et pr\u00e9-enseignes)  \net mesures administratives d'application ;\nh) arr\u00eat\u00e9s de cr\u00e9ation, de modification des attributions, de retrait de communes membres,  \nd'adh\u00e9sion  de  nouvelles  communes  et  de  dissolution.se  rapportant  aux  \u00e9tablissements  \npublics de coop\u00e9ration intercommunale dont le si\u00e8ge se trouve dans l'arrondissement, \u00e0  \nl'exception  des  communaut\u00e9s  d'agglom\u00e9ration,  des  communaut\u00e9s  de  communes,  des  \nsyndicats mixtes dont le conseil d\u00e9partemental du Var est membre.\nIII  \u2013  Coordination  de  l'action  des  services  d\u00e9concentr\u00e9s :  tous  actes  ou  documents  \nn\u00e9cessaires \u00e0 l'exercice de son pouvoir de coordination de l'action des services d\u00e9concentr\u00e9s  \nde l'\u00c9tat pr\u00e9vu par le d\u00e9cret n\u00b0 2004-374 du 29 avril 2004, et notamment toutes demandes  \nd'information.\nARTICLE  2 :  Ind\u00e9pendamment  des  attributions  qui  sont  conf\u00e9r\u00e9es  aux  sous-pr\u00e9fets  \nd'arrondissement par les lois et r\u00e8glements, d\u00e9l\u00e9gation est donn\u00e9e \u00e0 Mme Myriam GARCIA , \nsous-pr\u00e9f\u00e8te de l'arrondissement de Draguignan, \u00e0 l'effet d'instruire et de signer tous les  \narr\u00eat\u00e9s,  circulaires  et  correspondances  concernant  le  bureau  de  l'administration  et  de  la \nr\u00e9glementation  g\u00e9n\u00e9rale,  \u00e0  l'exclusion  des  requ\u00eates  et  m\u00e9moires  aupr\u00e8s  des  juridictions  \nadministratives :\nI \u2013 Pour l'arrondissement de Draguignan :\na) opposition \u00e0 sortie du territoire pour les enfants mineurs ;\nb)  l\u00e9gislation  fun\u00e9raire :  les  laissez-passer  de  corps  et  urnes  cin\u00e9raires  vers  l'\u00e9tranger,  les \nautorisations de transport de corps et urnes cin\u00e9raires vers l'\u00e9tranger, les d\u00e9rogations au d\u00e9lai \nr\u00e9glementaire de quatorze jours en vue de l'inhumation ou de l'incin\u00e9ration des corps des  \npersonnes d\u00e9c\u00e9d\u00e9es, les autorisations d'inhumation en propri\u00e9t\u00e9 priv\u00e9e ;\nc) instruction des demandes d'enqu\u00eates sociales et administratives en mati\u00e8re de logement  \nsocial et d'expulsion, propositions de logements aux bailleurs sociaux ;\nd)  instruction  et  signature  des  octrois  ou  refus  du  concours  de  la  force  publique  pour  \nl'ex\u00e9cution  des  d\u00e9cisions  de  justice  en  mati\u00e8re  d'expulsion  locative,  domiciliaire  et  \nimmobili\u00e8re,  des  demandes  d'indemnit\u00e9s  amiables,  r\u00e8glement  transactionnel  des  dossiers \naff\u00e9rents, protocole d'accord de pr\u00e9vention des expulsions locatives, mise en \u0153uvre des  \nd\u00e9cisions \u00ab  droit au logement opposable  \u00bb (DALO) y compris les radiations et les recours  \ngracieux DALO ;\ne) avis pr\u00e9alable aux mesures de police des d\u00e9bits de boissons et des h\u00f4tels ;\n3/8\nPr\u00e9fecture du VAR - 83-2025-04-23-00002 - ARR\u00caT\u00c9 PR\u00c9FECTORAL n\u00b02025/11/MCI du 23 avril 2025 portant d\u00e9l\u00e9gation de signature \u00e0\nMme Myriam GARCIA, sous-pr\u00e9f\u00e8te de l'arrondissement de DRAGUIGNAN 10\nVu le d\u00e9cret du Pr\u00e9sident de la R\u00e9publique du 8 septembre 2021 portant nomination de  \nf)  autorisation  d'utilisation du  plan  d'eau  du  lac  de  Saint-Cassien  par  d\u00e9rogation  aux  \ndispositions de l'arr\u00eat\u00e9 pr\u00e9fectoral du 16 juin 1977 ;\ng)  d\u00e9cision de suspension des permis de  conduire, d\u00e9cision de restriction de validit\u00e9 de  \npermis de conduire cons\u00e9cutive aux examens en commission m\u00e9dicale d'aptitude, d\u00e9cision  \nde  mise  en  \u0153uvre  des  visites  m\u00e9dicales  par  autorit\u00e9,  d\u00e9cision  de  mise  en  \u0153uvre  des  \ndispositions  sp\u00e9cifiques  \u00e0  l'\u00e9thylotest  antid\u00e9marrage,  mise  en  \u0153uvre  de  la  proc\u00e9dure  \nd'\u00e9change de permis de conduire \u00e9tranger apr\u00e8s suspension ;\nh) d\u00e9livrance des attestations de duplicata des permis de chasser ;\ni) d\u00e9livrance des r\u00e9c\u00e9piss\u00e9s de revendeurs d'objets mobiliers ;\nj)  d\u00e9livrance  des  autorisations  d'installation  de  liaisons  d'alarme  avec  le  commissariat  de \npolice de Draguignan ;\nk)  d\u00e9clarations  d'option  pour  l'incorporation  dans  le  service  national  des  jeunes  double-\nnationaux ;\nl)  instruction  et  signature  des  arr\u00eat\u00e9s  instaurant  un  p\u00e9rim\u00e8tre  de  protection  pour  les  \nmanifestations dont il a la responsabilit\u00e9, en application de l'article L. 226-1 du code de la  \ns\u00e9curit\u00e9 int\u00e9rieure ;\nm)  suivi  des  proc\u00e8s-verbaux  de  r\u00e9union  ou  de  visite  de  la  commission  de  s\u00e9curit\u00e9  et  \nd'accessibilit\u00e9 de l'arrondissement dont elle assure la pr\u00e9sidence ;\nn) commission des polices de l'environnement (COPOLLEN) op\u00e9rationnelle d'arrondissement ;\no)  suivi  des  enqu\u00eates  de  moralit\u00e9  concernant  les  visiteurs  de  prison  et  agr\u00e9ment  des  \naum\u00f4niers pour le centre p\u00e9nitentiaire de Draguignan ;\np) gardes statiques et escortes de d\u00e9tenus ;\nII \u2013 Pour les arrondissements de Draguignan et de Brignoles :\na) signature des conventions de coordination des interventions de la police municipale et des  \nforces de s\u00e9curit\u00e9 de l'\u00c9tat ;\nb) agr\u00e9ments des policiers municipaux et des assistants temporaires de police municipale ;\nc) cartes professionnelles des policiers municipaux et des assistants temporaires de s\u00e9curit\u00e9.\nIII \u2013 Sur l'ensemble du d\u00e9partement du Var : agr\u00e9ments des gardes particuliers.\nARTICLE  3 :  Ind\u00e9pendamment  des  attributions  qui  sont  conf\u00e9r\u00e9es  aux  sous-pr\u00e9fets  \nd'arrondissement par les lois et r\u00e8glements, d\u00e9l\u00e9gation est donn\u00e9e \u00e0 Mme Myriam GARCIA , \nsous-pr\u00e9f\u00e8te de l'arrondissement de Draguignan, \u00e0 l'effet d'instruire et de signer tous les  \narr\u00eat\u00e9s,  circulaires  et  correspondances,  y  compris  les  requ\u00eates  et  m\u00e9moires  aupr\u00e8s  des  \njuridictions administratives, concernant la r\u00e9duction des nuisances caus\u00e9es par l'activit\u00e9 des  \nh\u00e9licopt\u00e8res sur les communes de la communaut\u00e9 de communes du golfe de Saint-Tropez et \u00e0 \n                                                                                                                                                                                                                           4/8\nPr\u00e9fecture du VAR - 83-2025-04-23-00002 - ARR\u00caT\u00c9 PR\u00c9FECTORAL n\u00b02025/11/MCI du 23 avril 2025 portant d\u00e9l\u00e9gation de signature \u00e0\nMme Myriam GARCIA, sous-pr\u00e9f\u00e8te de l'arrondissement de DRAGUIGNAN 11\nVu le d\u00e9cret du Pr\u00e9sident de la R\u00e9publique du 8 septembre 2021 portant nomination de  \nce titre, de g\u00e9rer les autorisations d'h\u00e9lisurfaces, d'h\u00e9listations et les rotations d'h\u00e9licopt\u00e8res  \naff\u00e9rentes.\nARTICLE  4 :  Ind\u00e9pendamment  des  attributions  qui  sont  conf\u00e9r\u00e9es  aux  sous-pr\u00e9fets  \nd'arrondissement par les lois et r\u00e8glements, d\u00e9l\u00e9gation est donn\u00e9e \u00e0 Mme Myriam GARCIA , \nsous-pr\u00e9f\u00e8te de l'arrondissement de Draguignan, \u00e0 l'effet d'instruire et de signer tous les  \narr\u00eat\u00e9s, circulaires et correspondances concernant le bureau de l'immigration,  \u00e0 l'exclusion \ndes requ\u00eates et m\u00e9moires aupr\u00e8s des juridictions administratives ;\n\u2013 Pour les usagers du d\u00e9partement du Var :\na) les titres de s\u00e9jour mention \u00ab visiteurs \u00bb, \u00ab citoyens/membres de famille UE \u00bb,\nb) les changements de situation, les duplicatas,\nc) les titres professionnels :\n- salari\u00e9s et travailleurs temporaires\n- stagiaires,\n- recherche d'emploi \u2013 cr\u00e9ation d'entreprise,\n- entrepreneurs,\n- jeunes au pair,\n- saisonniers et passeports talents, dans le cadre de la solution de substitution,\nd) le renouvellement des cartes de r\u00e9sidents,\ne) les documents de circulation des enfants mineurs \u00e9trangers et les d\u00e9cisions de refus de  \nd\u00e9livrance,\nf) les arr\u00eat\u00e9s pr\u00e9fectoraux relatifs aux refus de s\u00e9jour et \u00e0 l'obligation de quitter le territoire  \nfran\u00e7ais pour les actes mentionn\u00e9s aux alin\u00e9as 4-a), 4-b), 4-c) et 4-d), \ng) les autorisations provisoires de s\u00e9jour en lien avec les dossiers mentionn\u00e9s aux alin\u00e9as 4-a),  \n4-b), 4-c) et 4-d)\nh) les d\u00e9cisions d\u00e9favorables concernant les saisonniers et les passeports talents instruits par  \nla plateforme r\u00e9gionale attractivit\u00e9,\ni) les lettres d'avertissement concernant les dossiers instruits en sous-pr\u00e9fecture en lien avec  \nl'ordre public,\nj) les r\u00e9c\u00e9piss\u00e9s de demande de titre de s\u00e9jour pour les actes mentionn\u00e9s aux alin\u00e9as 4-a), 4-\nb), 4-c) et 4-d)\nk) les prolongations de visas et visas pr\u00e9fectoraux pour les actes mentionn\u00e9s aux alin\u00e9as 4-a),  \n4-b), 4-c) et 4-d)\n\u2013 Pour les usagers des arrondissements de Brignoles et Draguignan :\nl) les autorisations provisoires de s\u00e9jour protection temporaire (Ukraine, etc.),\n- Pour les usagers des arrondissements de Brignoles et Draguignan, pour les dossiers suivants  \nre\u00e7us avant le 3 f\u00e9vrier 2025 :\nm) les titres de s\u00e9jour mention Vie Priv\u00e9e et Familiale (VPF),\nn) les admissions exceptionnelles au s\u00e9jour (AES),\no) le dossiers d\u00e9pos\u00e9s au titre des B\u00e9n\u00e9ficiaires de la Protection Internationale (BPI),\np) les demandes de Titre de Voyage \u00c9tranger (TVE),\nq) les arr\u00eat\u00e9s pr\u00e9fectoraux relatifs aux refus de s\u00e9jour et \u00e0 l'obligation de quitter le territoire  \nfran\u00e7ais pour les actes mentionn\u00e9s aux alin\u00e9as 4-m), 4-n) et 4-o).\nr) les autorisations provisoires de s\u00e9jour en lien avec les dossiers mentionn\u00e9s aux alin\u00e9as 4-m),  \n4-n) et 4-o),\ns) les r\u00e9c\u00e9piss\u00e9s de demande de titre de s\u00e9jour pour les actes mentionn\u00e9s aux alin\u00e9as 4-m),  \n4-n) et 4-o).\n- Pour les usagers des arrondissements de Brignoles et Draguignan,  pour les dossiers re\u00e7us  \napr\u00e8s le 03/02/2025, et concernant les titres de s\u00e9jour mention Vie Priv\u00e9e et Familiale (VPF),  \n5/8\nPr\u00e9fecture du VAR - 83-2025-04-23-00002 - ARR\u00caT\u00c9 PR\u00c9FECTORAL n\u00b02025/11/MCI du 23 avril 2025 portant d\u00e9l\u00e9gation de signature \u00e0\nMme Myriam GARCIA, sous-pr\u00e9f\u00e8te de l'arrondissement de DRAGUIGNAN 12\nVu le d\u00e9cret du Pr\u00e9sident de la R\u00e9publique du 8 septembre 2021 portant nomination de  \nl'admissions exceptionnelles au s\u00e9jour (AES), les dossiers d\u00e9pos\u00e9s au titre des B\u00e9n\u00e9ficiaires de  \nla Protection Internationale (BPI) :\nt) les autorisations provisoires de s\u00e9jour,\nu) les r\u00e9c\u00e9piss\u00e9s de demande de titre de s\u00e9jour,\nv) les prolongations de visas et visas pr\u00e9fectoraux.\n \nARTICLE 5 : Except\u00e9 pour les conventions mentionn\u00e9es \u00e0 l'article 2 II-a), en cas d'absence ou  \nd'emp\u00eachement  de  Mme  Myriam  GARCIA,  d\u00e9l\u00e9gation  de  signature  est  donn\u00e9e  dans  les  \nm\u00eames  conditions  \u00e0  Mme  Anne  C\u00e9cile  VIALLE,  sous-pr\u00e9f\u00e8te  de  l'arrondissement  de  \nBRIGNOLES, ou en cas d'absence ou d'emp\u00eachement de celle-ci,  d\u00e9l\u00e9gation de signature est  \ndonn\u00e9e \u00e0  Mme Jos\u00e9phine GUIGLIANO-BOUTONNET, sous-pr\u00e9f\u00e8te, directrice de cabinet du  \npr\u00e9fet  du  Var,  ou,  en  cas  d'absence  ou  d'emp\u00eachement  de  celle-ci,  \u00e0  M .  Jean-Baptiste \nMORINAUD, sous-pr\u00e9fet charg\u00e9 de mission aupr\u00e8s du pr\u00e9fet du Var, secr\u00e9taire g\u00e9n\u00e9ral adjoint \nde la pr\u00e9fecture du Var ;\nARTICLE  6 : Lorsque  Mme  Myriam  GARCIA  assure  le  service  de  permanence  institu\u00e9  \nconform\u00e9ment  \u00e0  l'ordre  des  permanences  fix\u00e9  p\u00e9riodiquement  par  le  pr\u00e9fet  du  Var,  \nd\u00e9l\u00e9gation lui est alors accord\u00e9e \u00e0 l'effet de signer, pour l'ensemble du d\u00e9partement, toute  \nd\u00e9cision n\u00e9cessit\u00e9e par une situation d'urgence, notamment :\n\u2022 les d\u00e9cisions de suspension provisoire imm\u00e9diate des permis de conduire ;\n\u2022 les mesures d'\u00e9loignement relevant de la comp\u00e9tence du repr\u00e9sentant de l'\u00c9tat dans le \nd\u00e9partement et concernant les \u00e9trangers s\u00e9journant irr\u00e9guli\u00e8rement sur le territoire  \nfran\u00e7ais et les d\u00e9cisions de placement en r\u00e9tention administrative ou d'assignation \u00e0  \nr\u00e9sidence des \u00e9trangers objets de ces mesures, prises en application des dispositions  \ndu code de l'entr\u00e9e et du s\u00e9jour des \u00e9trangers et du droit d'asile (CESEDA) ;\n\u2022 tout courrier relatif aux proc\u00e9dures d'\u00e9loignement concernant les \u00e9trangers s\u00e9journant \nirr\u00e9guli\u00e8rement  sur  le  territoire  fran\u00e7ais,  y  compris  toute  requ\u00eate  adress\u00e9e  aux  \njuridictions en mati\u00e8re de r\u00e9tention administrative, notamment au juge des libert\u00e9s et  \nde  la  d\u00e9tention  en  application  des  articles  L  552-1  \u00e0  L  552-8  du  CESEDA, en  vue  \nd'obtenir la prolongation de la r\u00e9tention administrative ;\n\u2022 la d\u00e9livrance de passeports et de titres d'identit\u00e9 ;\n\u2022 les  arr\u00eat\u00e9s  pronon\u00e7ant  l'admission  sans  consentement  en  soins  psychiatriques  des \npersonnes dont les troubles mentaux n\u00e9cessitent des soins et compromettent la s\u00fbret\u00e9 \ndes  personnes  ou  portent  atteinte,  de  fa\u00e7on  grave,  \u00e0  l'ordre  public,  ainsi  que  les \noppositions  aux  demandes  d'autorisation  de  sortie  de  courte  dur\u00e9e  prises  en  \napplication de l'article L 3211-11-1 du code de la sant\u00e9 publique ;\n\u2022 les gardes statiques et escortes de d\u00e9tenus ;\n\u2022 les autorisations de transport de corps en dehors du territoire m\u00e9tropolitain.\nARTICLE  7 : D\u00e9l\u00e9gation  de  signature  est  donn\u00e9e  \u00e0  M.  Philippe  SAVIGNAT,  conseiller  \nd'administration de l'int\u00e9rieur et de l'outre-mer, secr\u00e9taire g\u00e9n\u00e9ral de la sous-pr\u00e9fecture de  \nl'arrondissement de Draguignan, pour :\n\u2022 les actes mentionn\u00e9s aux rubriques I et II de l'article 1er ;\n\u2022 les actes mentionn\u00e9s aux alin\u00e9as I-a), I-b), I-c), I-d) pour la demande d'\u00e9mission de  \nperception et versement des indemnit\u00e9s amiables dans le contentieux des expulsions  \nlocatives, I-e), I-g), I-h), I-i), I-j), I-k), I-m), I-o), I-p), II-b), II-c)  et \u00e0 la rubrique III de l'article \n2 ;\n\u2022 l'engagement des d\u00e9penses courantes \u00e0 hauteur de 2300 euros toutes taxes comprises  \net la signature des contrats dans le cadre la gestion du centre de responsabilit\u00e9 de la  \nsous-pr\u00e9fecture ;\n                                                                                                                                                                                                                           6/8\nPr\u00e9fecture du VAR - 83-2025-04-23-00002 - ARR\u00caT\u00c9 PR\u00c9FECTORAL n\u00b02025/11/MCI du 23 avril 2025 portant d\u00e9l\u00e9gation de signature \u00e0\nMme Myriam GARCIA, sous-pr\u00e9f\u00e8te de l'arrondissement de DRAGUIGNAN 13\nVu le d\u00e9cret du Pr\u00e9sident de la R\u00e9publique du 8 septembre 2021 portant nomination de  \n\u2022 les actes mentionn\u00e9s \u00e0 l'article 4 ;\n\u2022 les correspondances administratives ordinaires avec la pr\u00e9fecture, les chefs de service  \nr\u00e9gionaux et d\u00e9partementaux des administrations de l'\u00c9tat, les autorit\u00e9s r\u00e9gionales  \nd\u00e9partementales et municipales, les \u00e9tablissements publics et les particuliers, ainsi que \nles notes de service ;\n\u2022 les autorisations de cong\u00e9s de la sous-pr\u00e9fecture de l'arrondissement de Draguignan.\nARTICLE  8 : D\u00e9l\u00e9gation  de  signature  est  donn\u00e9e  \u00e0  Mme  Claire  CHAPELAND,  attach\u00e9e  \nprincipale d'administration de l'\u00c9tat, cheffe du bureau de l'ing\u00e9nierie territoriale, pour :\n\u2022 les actes mentionn\u00e9s aux rubriques I et II de l'article 1er ;\n\u2022 les actes mentionn\u00e9s aux alin\u00e9as I-a), I-b), I-c), I-d) pour la demande d'\u00e9mission de  \nperception et versement des indemnit\u00e9s amiables dans le contentieux des expulsions  \nlocatives, I-g) I-h), I-i), I-j), I-k), I-m), I-p), II-b) et II-c) de l'article 2 ;\n\u2022 les actes mentionn\u00e9s aux alin\u00e9as 4-g), 4-j), 4-k), 4-l), 4-r), 4-s), 4-t), 4-u), 4-v)\n\u2022 les correspondances administratives ordinaires avec la pr\u00e9fecture, les chefs de service  \nr\u00e9gionaux et d\u00e9partementaux des administrations de l'\u00c9tat, les autorit\u00e9s r\u00e9gionales  \nd\u00e9partementales et municipales, les \u00e9tablissements publics et les particuliers, ainsi que \nles notes de service ;\n\u2022 les autorisations de cong\u00e9s de la sous-pr\u00e9fecture de l'arrondissement de Draguignan.\nARTICLE  9: En  cas  d'absence  ou  d'emp\u00eachement  de  M.  Philippe  SAVIGNAT  et/ou  de  \nMme  Claire  CHAPELAND,  d \u00e9l\u00e9gation  est  donn\u00e9e  \u00e0  Mme  Audr\u00e8ne  ASQUO\u00cbT,  attach\u00e9e  \nd'administration  de  l'\u00c9tat,  chef  du  bureau  de  l'administration  et  de  la  r\u00e9glementation  \ng\u00e9n\u00e9rale, pour signer :\n- les actes concernant les attributions mentionn\u00e9es aux alin\u00e9as I-b), I-c), I-g) en ce qui  \nconcerne les courriers simples, les arr\u00eat\u00e9s d'inaptitude, les proc\u00e9dures contradictoires  \napr\u00e8s  avis  de  la  commission  m\u00e9dicale  des  permis  de  conduire  et  les  arr\u00eat\u00e9s  de  \nsuspension administrative des permis de conduire, I-h), I-i) et I-k) de l'article 2 ;\n- les cartes professionnelles mentionn\u00e9es \u00e0 l'alin\u00e9a II-c) de l'article 2 ;\n- les actes relevant des attributions mentionn\u00e9es \u00e0 la rubrique III de l'article 2 ;\n- tout document n'ayant pas de caract\u00e8re de d\u00e9cision pour les attributions mentionn\u00e9es \naux alin\u00e9as I-d), I-e), I-f) et I-m) de l'article 2 et \u00e0 l'article 3.\nARTICLE 10 : En cas d'absence ou d'emp\u00eachement de Mme Audr\u00e8ne ASQUO\u00cbT, la d\u00e9l\u00e9gation \nde signature qui lui est donn\u00e9e \u00e0 l'article 10 est exerc\u00e9e par M. Alain PASSERON, secr\u00e9taire  \nadministratif  de  classe  normale,  adjoint  au  chef  du  bureau  de  l'administration  et  de  la  \nr\u00e9glementation g\u00e9n\u00e9rale, pour :\n- les  actes  concernant  les  attributions  mentionn\u00e9es  aux  alin\u00e9as  I-b),  I-c)  en  ce  qui \nconcerne les demandes d'enqu\u00eate sociale et administrative en mati\u00e8re de logement et  \nI-g)  en ce qui concerne  les courriers simples, les arr\u00eat\u00e9s d'inaptitude, les proc\u00e9dures  \ncontradictoires apr\u00e8s avis de la commission m\u00e9dicale des permis de conduire et les  \narr\u00eat\u00e9s de suspension administrative des permis de conduire, I-h) et I-i) de l'article 2 ;\n- les cartes professionnelles mentionn\u00e9es \u00e0 l'alin\u00e9a II-c) de l'article 2 ;\n- tout document n'ayant pas de caract\u00e8re de d\u00e9cision pour les attributions mentionn\u00e9es \naux alin\u00e9as I-d), I-e), I-f) et I-m) de l'article 2 et \u00e0 l'article 3.\nARTICLE  11 : D\u00e9l\u00e9gation  de  signature  est  donn\u00e9e  \u00e0  Mme  Marie-Laure  LAMASA,  attach\u00e9e  \nd'administration  de  l'\u00c9tat,  cheffe  du  bureau  de  l'immigration,  en  ce  qui  concerne  les  \nattributions mentionn\u00e9es aux alin\u00e9as 4-g), 4-j), 4-k), 4-l), 4-r), 4-s), 4-t), 4-u), 4-v), et en ce qui  \nconcerne les d\u00e9cisions, rapports, correspondances, documents et actes relatifs aux alin\u00e9as 4-\na), 4-b), 4-c), 4-d), 4-e), 4-m), 4-n), 4-o), 4-p).\n7/8\nPr\u00e9fecture du VAR - 83-2025-04-23-00002 - ARR\u00caT\u00c9 PR\u00c9FECTORAL n\u00b02025/11/MCI du 23 avril 2025 portant d\u00e9l\u00e9gation de signature \u00e0\nMme Myriam GARCIA, sous-pr\u00e9f\u00e8te de l'arrondissement de DRAGUIGNAN 14\nVu le d\u00e9cret du Pr\u00e9sident de la R\u00e9publique du 8 septembre 2021 portant nomination de  \nARTICLE  12 : En  cas  d'absence  ou  d'emp\u00eachement  de  Madame  Marie-Laure  LAMASA,  la  \nd\u00e9l\u00e9gation de signature qui lui est donn\u00e9e \u00e0 l'article 11 est exerc\u00e9e par M. Alexandre TAHERI,  \nsecr\u00e9taire administratif de classe normale, adjoint \u00e0 la cheffe du bureau de l'immigration, en  \nce qui concerne les attributions mentionn\u00e9es aux alin\u00e9as 4-g), 4-j), 4-k), 4-l), 4-r), 4-s), 4-t), 4-u),  \n4-v), et en ce qui concerne les d\u00e9cisions, rapports, correspondances, documents et actes  \nrelatifs aux alin\u00e9as 4-a), 4-b), 4-c), 4-d), 4-e), 4-m), 4-n), 4-o), 4-p).\nARTICLE 13     : En cas d'absence ou d'emp\u00eachement de Madame Marie-Laure LAMASA et/ou de  \nM. Alexandre TAHERI, la d\u00e9l\u00e9gation de signature est donn\u00e9e \u00e0 Mme Emmanuelle PODESTA,  \nadjoint administratif principal de 2\u00e8me classe, che ffe de section du bureau de l'immigration,  \nen ce qui concerne les attributions mentionn\u00e9es aux alin\u00e9as 4-g), 4-j), 4-l), 4-r), 4-s), 4-t), 4-u).\nARTICLE  14 : L'arr\u00eat\u00e9  pr\u00e9fectoral  N\u00b02025/07/MCI  du  11  mars  2025  portant  d\u00e9l\u00e9gation  de \nsignature  \u00e0  Mme  Myriam  GARCIA,  sous-pr\u00e9f\u00e8te  de  l'arrondissement  de  Draguignan,  est  \nabrog\u00e9.\nARTICLE 15  : Le secr\u00e9taire g\u00e9n\u00e9ral de la pr\u00e9fecture et la sous-pr\u00e9f\u00e8te de l'arrondissement de  \nDraguignan sont charg\u00e9s, chacun en ce qui le concerne, de l'ex\u00e9cution du pr\u00e9sent arr\u00eat\u00e9 qui  \nsera publi\u00e9 au recueil des actes administratifs de la pr\u00e9fecture du Var.\nFait \u00e0 Toulon, le 23 avril 2025\nLe Pr\u00e9fet du Var\nSign\u00e9\nPhilippe MAHE\n                                                                                                                                                                                                                           8/8\nPr\u00e9fecture du VAR - 83-2025-04-23-00002 - ARR\u00caT\u00c9 PR\u00c9FECTORAL n\u00b02025/11/MCI du 23 avril 2025 portant d\u00e9l\u00e9gation de signature \u00e0\nMme Myriam GARCIA, sous-pr\u00e9f\u00e8te de l'arrondissement de DRAGUIGNAN 15","date":"2025-04-23","first_seen_on":"2025-04-23T10:32:06+00:00","id":"b56240b2673792fd2d1945c171a836ebe9248786fc548801924d5f30e27ceb30","name":"RAA N\u00b0141 du 23 avril 2025","pdf_creation_date":"2025-04-23T08:59:18+00:00","pdf_modification_date":null,"timezone":"Europe/Paris","url":"https://www.var.gouv.fr/contenu/telechargement/40584/265815/file/RAA%20N%C2%B0141%20du%2023%20avril%202025.pdf"}
