{"administration":"pref75","administration_name":"Pr\u00e9fecture de Paris","content":"PREFECTURE\nDE PARIS\nRECUEIL DES ACTES\nADMINISTRATIFS SP\u00c9CIAL\n(NOMINATIFS)\nN\u00b075-2024-583\nPUBLI\u00c9 LE 12 SEPTEMBRE 2024\nSommaire\nPr\u00e9fecture de la R\u00e9gion d'Ile de France, Pr\u00e9fecture de Paris  / Service de\nla coordination des affaires parisiennes\n75-2024-09-12-00004 - Arr\u00eat\u00e9 pr\u00e9fectoral relatif \u00e0 la composition de\nla commission charg\u00e9e de veiller \u00e0 la r\u00e9gularit\u00e9 du scrutin et de\nproclamer les r\u00e9sultats \u00e0 l'occasion de l'\u00e9lection des juges du tribunal\nde commerce de Paris du 2 octobre 2024 (2 pages) Page 3\nPr\u00e9fecture de Police /\n75-2024-09-12-00003 - Arr\u00eat\u00e9 de nomination de mandataire suppl\u00e9ant\nR\u00e9gie d'avances Etat de la\nsous-direction de la pr\u00e9vention et de la\nqualit\u00e9 de vie au travail  (2 pages) Page 6\nPr\u00e9fecture de Police / Cabinet\n75-2024-09-11-00015 - Arr\u00eat\u00e9 n\u00b02024-01353 instituant un p\u00e9rim\u00e8tre\nde protection et diff\u00e9rentes mesures de police applicables \u00e0\nl'occasion du proc\u00e8s de Peter CHERIF du 16 septembre au 4 octobre\n2024\n\n (5 pages) Page 9\n2\nPr\u00e9fecture de la R\u00e9gion d'Ile de France,\nPr\u00e9fecture de Paris \n75-2024-09-12-00004\nArr\u00eat\u00e9 pr\u00e9fectoral relatif \u00e0 la composition de la\ncommission charg\u00e9e de veiller \u00e0 la r\u00e9gularit\u00e9 du\nscrutin et de proclamer les r\u00e9sultats \u00e0 l'occasion\nde l'\u00e9lection des juges du tribunal de commerce\nde Paris du 2 octobre 2024\nPr\u00e9fecture de la R\u00e9gion d'Ile de France, Pr\u00e9fecture de Paris  - 75-2024-09-12-00004 - Arr\u00eat\u00e9 pr\u00e9fectoral relatif \u00e0 la composition de la\ncommission charg\u00e9e de veiller \u00e0 la r\u00e9gularit\u00e9 du scrutin et de proclamer les r\u00e9sultats \u00e0 l'occasion de l'\u00e9lection des juges du tribunal de\ncommerce de Paris du 2 octobre 20243\nPREFET\nDE PARIS\nLibert\u00e9\nEgalit\u00e9\nFraternit\u00e9\n \n \n \nCabinet \nService de la coordination des affaires parisiennes  \nBureau des \u00e9lections, du m\u00e9c\u00e9nat et de la r\u00e9glement ation \u00e9conomique \n \nArr\u00eat\u00e9 pr\u00e9fectoral n\u00b0               \nrelatif \u00e0 la composition de la commission charg\u00e9e d e veiller \u00e0 la r\u00e9gularit\u00e9 du scrutin et de \nproclamer les r\u00e9sultats \u00e0 l'occasion de l'\u00e9lection des juges du tribunal de commerce de Paris du 2 \noctobre 2024 \n \nLe pr\u00e9fet de la r\u00e9gion d'\u00cele-de-France, \nPr\u00e9fet de Paris, \nCommandeur de la L\u00e9gion d'honneur, \nOfficier de l'ordre national du M\u00e9rite \n \nVu le Code de commerce notamment ses articles L.723 -13 et R.723-8 ; \nVu l'arr\u00eat\u00e9 minist\u00e9riel du 24 mai 2011 relatif aux bulletins de vote pour l'\u00e9lection des juges des \ntribunaux de commerce, des chambres commerciales de s tribunaux de grande instance dans les \nd\u00e9partements du Bas-Rhin, du Haut-Rhin, de la Mosel le et des tribunaux mixtes de commerce  ; \nVu l'arr\u00eat\u00e9 n\u00b0 2024-08-09-00002 du 9 ao\u00fbt 2024 rela tif \u00e0 l'\u00e9lection des juges du tribunal de \ncommerce de Paris du 2 octobre 2024 ; \nVu l'ordonnance de d\u00e9signation du 11 septembre 2024  prise par le Premier pr\u00e9sident de la cour \nd'appel de Paris ; \nSur la proposition du pr\u00e9fet, directeur de cabinet du pr\u00e9fet de la r\u00e9gion d'\u00cele-de-France, pr\u00e9fet \nde Paris  ; \nA R R \u00ca T E  :  \n \nArticle 1 er  : La commission charg\u00e9e de veiller \u00e0 la r\u00e9gularit\u00e9 du scrutin et de proclamer les \nr\u00e9sultats, institu\u00e9e \u00e0 l'occasion du premier tour d e l'\u00e9lection des juges du tribunal de commerce \nde Paris fix\u00e9 au 2  octobre 2024, est compos\u00e9e comme suit : \nPour la commission qui se tiendra le vendredi 13 se ptembre 2024  : \n- M. R\u00e9mi FERREIRA, juge, pr\u00e9sident titulaire  ; \n- Mme Elodie GUENNEC, vice-pr\u00e9sidente charg\u00e9e du secr \u00e9tariat de la pr\u00e9sidence, \npr\u00e9sidente suppl\u00e9ante  ; \n- Mme B\u00e9atrice CHARLIER-BONATTI, vice-pr\u00e9sidente, mem bre titulaire  ; \n- Mme Laure JOSSET-ALDEBERT, premi\u00e8re vice-pr\u00e9sidente , membre suppl\u00e9ante  ; \n- M. Tarek BOULANOUAR, adjoint au chef du bureau des \u00e9lections, du m\u00e9c\u00e9nat et de la \nr\u00e9glementation \u00e9conomique \u00e0 la pr\u00e9fecture d'\u00cele-de- France, pr\u00e9fecture de Paris, membre \ntitulaire d\u00e9sign\u00e9 par le pr\u00e9fet  ; \n- Mme Christine BL\u00c9, cheffe du secteur \u00e9lections et a ffaires g\u00e9n\u00e9rales \u00e0 la pr\u00e9fecture d'\u00cele-\nde-France, pr\u00e9fecture de Paris, membre suppl\u00e9ante d \u00e9sign\u00e9e par le pr\u00e9fet. \nPour la commission qui se tiendra le mercredi 2 oct obre 2024  : \n- M. R\u00e9mi FERREIRA, juge, pr\u00e9sident titulaire  ; \n- Mme Elodie GUENNEC, vice-pr\u00e9sidente charg\u00e9e du secr \u00e9tariat de la pr\u00e9sidence, \npr\u00e9sidente suppl\u00e9ante  ; \n- Mme Maia ESCRIVE, premi\u00e8re vice-pr\u00e9sidente, membre titulaire ; \n- Mme B\u00e9atrice CHARLIER-BONATTI, vice-pr\u00e9sidente, mem bre suppl\u00e9ante  ; \n- M. Tarek BOULANOUAR, adjoint au chef du bureau des \u00e9lections, du m\u00e9c\u00e9nat et de la \nr\u00e9glementation \u00e9conomique \u00e0 la pr\u00e9fecture d'\u00cele-de- France, pr\u00e9fecture de Paris, membre \ntitulaire d\u00e9sign\u00e9 par le pr\u00e9fet ; \n- Mme Christine BL\u00c9, cheffe du secteur \u00e9lections et a ffaires g\u00e9n\u00e9rales \u00e0 la pr\u00e9fecture d'\u00cele-\nde-France, pr\u00e9fecture de Paris, membre suppl\u00e9ante d \u00e9sign\u00e9e par le pr\u00e9fet. \n Pr\u00e9fecture de la R\u00e9gion d'Ile de France, Pr\u00e9fecture de Paris  - 75-2024-09-12-00004 - Arr\u00eat\u00e9 pr\u00e9fectoral relatif \u00e0 la composition de la\ncommission charg\u00e9e de veiller \u00e0 la r\u00e9gularit\u00e9 du scrutin et de proclamer les r\u00e9sultats \u00e0 l'occasion de l'\u00e9lection des juges du tribunal de\ncommerce de Paris du 2 octobre 20244\nArticle 2  : Le secr\u00e9tariat de la commission est assur\u00e9 par un greffier du tribunal de commerce de \nParis. \u00c0 d\u00e9faut de greffier, il appartient au Premi er pr\u00e9sident de la Cour d'appel de Paris \nd'organiser le secr\u00e9tariat de la commission. \n \nArticle 3  : Le pr\u00e9fet, directeur de cabinet du pr\u00e9fet de la r\u00e9gion d'\u00cele-de-France, pr\u00e9fet de Paris \nest charg\u00e9 de l'ex\u00e9cution du pr\u00e9sent arr\u00eat\u00e9 qui ser a publi\u00e9 au recueil des actes administratifs de \nla pr\u00e9fecture de la r\u00e9gion d'\u00cele-de-France, pr\u00e9fect ure de Paris et de la pr\u00e9fecture de Police, \naccessible sur le site Internet de la pr\u00e9fecture de  Paris ( www.prefectures-regions.gouv.fr/ile-de-\nfrance ), et notifi\u00e9 aux membres de la commission susmenti onn\u00e9e. \n \n \nFait \u00e0 Paris, le  12 septembre 2024 \n \nPour Le Pr\u00e9fet de la r\u00e9gion Ile- de- France \nPr\u00e9fet de Paris et par d\u00e9l\u00e9gation, \nLe Pr\u00e9fet, directeur de cabinet \n \n \nSign\u00e9 \n \nChristophe NOEL du PAYRAT Pr\u00e9fecture de la R\u00e9gion d'Ile de France, Pr\u00e9fecture de Paris  - 75-2024-09-12-00004 - Arr\u00eat\u00e9 pr\u00e9fectoral relatif \u00e0 la composition de la\ncommission charg\u00e9e de veiller \u00e0 la r\u00e9gularit\u00e9 du scrutin et de proclamer les r\u00e9sultats \u00e0 l'occasion de l'\u00e9lection des juges du tribunal de\ncommerce de Paris du 2 octobre 20245\nPr\u00e9fecture de Police\n75-2024-09-12-00003\nArr\u00eat\u00e9 de nomination de mandataire suppl\u00e9ant\nR\u00e9gie d'avances Etat de la\nsous-direction de la pr\u00e9vention et de la qualit\u00e9\nde vie au travail \nPr\u00e9fecture de Police - 75-2024-09-12-00003 - Arr\u00eat\u00e9 de nomination de mandataire suppl\u00e9ant R\u00e9gie d'avances Etat de la\nsous-direction de la pr\u00e9vention et de la qualit\u00e9 de vie au travail 6\nPREFECTURE\nDE POLICE\nLibert\u00e9\nEgalit\u00e9\nFraternit\u00e9niU\na\nDirection des finances,\nde la commande publique\net de la performance\nARRET\u00c9 DE NOMINATION DE MANDATAIRE SUPPL\u00c9ANT\nR\u00e9gie d'avances Etat de la\nsous-direction de la pr\u00e9vention et de la qualit\u00e9 de vie au travail \n       n\u00b0 900643    12 septembre 2024\nLE PREFET DE POLICE,\nVu le  d\u00e9cret  n\u00b02012-1246  du  7  novembre  2012  relatif  \u00e0  la  gestion  budg\u00e9taire  et\ncomptable publique \u00a0;\nVule d\u00e9cret n\u00b02019-798 du 26 juillet 2019 relatif aux r\u00e9gies de recettes et d'avances des\norganismes publics ;\nVu l'arr\u00eat\u00e9  pr\u00e9fectoral  n\u00b0  91-10131  du  29  janvier  1991,  instituant  une  r\u00e9gie  d'avances\naupr\u00e8s  de la sous-direction  des  affaires  sociales,  service  de  l'action sociale,  de  la\npr\u00e9fecture de police, modifi\u00e9 par les arr\u00eat\u00e9s pr\u00e9fectoraux n\u00b0 900570 du 15 septembre\n2020, n\u00b0 900601 du 10 mai 2022 et 900642 du 16 mai 2024 \u00a0;\nVu l'arr\u00eat\u00e9 NOR: BUDR9304137A du 28 mai 1993 du minist\u00e8re du budget, modifi\u00e9 par\nl'arr\u00eat\u00e9  du  3\u00a0septembre  2001  relatif  au  taux  de  l'indemnit\u00e9  de  responsabilit\u00e9\nsusceptible  d'\u00eatre  allou\u00e9e  aux  r\u00e9gisseurs  d'avances  et  aux  r\u00e9gisseurs  de  recettes\nrelevant des organismes publics, ainsi que le cautionnement impos\u00e9 \u00e0 ces agents \u00a0;\nVu l'arr\u00eat\u00e9  pr\u00e9fectoral  n\u00b0  2015-0000014604  du  15  mai  2015  affectant  Madame  Anne-\nB\u00e9n\u00e9dicte  MARCHAL  \u00e0  la  direction  des  ressources  humaines  /  sous-direction  de\nl'action sociale ;\nVu l'arr\u00eat\u00e9 pr\u00e9fectoral n\u00b0 900628 du 28 juin 2023 portant nomination de Madame Anne-\nB\u00e9n\u00e9dicte DURIEUX (n\u00e9e MARCHAL) en tant que r\u00e9gisseur d'avances de la direction\ndes ressources humaines / sous-direction de la pr\u00e9vention et de la qualit\u00e9 de vie au\ntravail\u00a0;\nVu l'arr\u00eat\u00e9 NOR: IOMF2412096A du 29 avril 2024, habilitant les pr\u00e9fets \u00e0 cr\u00e9er des r\u00e9gies\nde recettes, des r\u00e9gies d'avances et des r\u00e9gies de recettes et d'avances aupr\u00e8s des\nservices d\u00e9concentr\u00e9s du minist\u00e8re de l'int\u00e9rieur et des outre-mer \u00a0;\nVu l'arr\u00eat\u00e9 pr\u00e9fectoral n\u00b0 2024B-146 du 28 mai 2024 affectant Monsieur Jacques DARDOL\n\u00e0 la direction des ressources  humaines  / sous-direction de la pr\u00e9vention et de la\nqualit\u00e9 de vie au travail \u00a0;\nVu l'arr\u00eat\u00e9 pr\u00e9fectoral n\u00b0 2024-01204 du 13 ao\u00fbt 2024 accordant d\u00e9l\u00e9gation de signature\npr\u00e9fectorale au sein de la direction des finances, de la commande publique et de la\nperformance\u00a0;\nR\u00c9PUBLIQUE FRAN\u00c7AISE\nLibert\u00e9  \u00c9galit\u00e9  Fraternit\u00e9\nPR\u00c9FECTURE  DE  POLICE \u2013 1 bis, rue de Lut\u00e8ce \u2013 75195 PARIS CEDEX 04 \u2013 T\u00e9l.\u00a0: 3430 (0,06 \u20ac/min + prix d'un appel)\nhttp://www.prefecturedepolice.paris \u2013 m\u00e9l \u00a0: courriel.prefecturepoliceparis@interieur.gouv.frPr\u00e9fecture de Police - 75-2024-09-12-00003 - Arr\u00eat\u00e9 de nomination de mandataire suppl\u00e9ant R\u00e9gie d'avances Etat de la\nsous-direction de la pr\u00e9vention et de la qualit\u00e9 de vie au travail 7\nVu l'instruction codificatrice NOR : ECOE2409515J BOFIP-GCP-24-0010 du 3 avril 2024\nrelative aux r\u00e9gies de recettes et d'avances de l'Etat \u00a0;\nVu l'agr\u00e9ment du comptable public assignataire en date du 06 septembre 2024 \u00a0;\nSur proposition du directeur adjoint des finances, de la commande publique et de la\nperformance\u00a0;\nARRETE :\nArticle 1  er   :  \nA  compter  de  la  date  de  signature  du  pr\u00e9sent  arr\u00eat\u00e9,  M.  Jacques  DARDOL  est  nomm\u00e9\nmandataire suppl\u00e9ant du r\u00e9gisseur d'avances de la sous-direction de la pr\u00e9vention et de la\nqualit\u00e9 de vie au travail.\nL'article 2 de l'arr\u00eat\u00e9 pr\u00e9fectoral n\u00b0 900628 du 28 juin 2023 susvis\u00e9 est modifi\u00e9 comme suit \u00a0:\n\u00ab\u00a0En cas d'absence d'une dur\u00e9e inf\u00e9rieure \u00e0 deux mois pour maladie, cong\u00e9 ou tout autre\nemp\u00eachement  exceptionnel,  Madame  Anne-B\u00e9n\u00e9dicte  DURIEUX,  adjointe  administrative\nprincipale de 1\u00e8re classe, est remplac\u00e9 par Monsieur Jacques DARDOL, secr\u00e9taire administratif\nde classe sup\u00e9rieure, en qualit\u00e9 de mandataire suppl\u00e9ant. En cas d'absence d'une dur\u00e9e\nsup\u00e9rieure \u00e0 deux mois, un r\u00e9gisseur int\u00e9rimaire sera nomm\u00e9.\u00bb\nArticle 2 : \nLe directeur adjoint des finances, de la commande publique et de la performance, la sous-\ndirectrice  de  la  pr\u00e9vention  et  de  la  qualit\u00e9  de  vie  au  travail  et  le  comptable  public\nassignataire sont charg\u00e9s, chacun en ce qui le concerne, de l'ex\u00e9cution du pr\u00e9sent arr\u00eat\u00e9.\nP / Le pr\u00e9fet de police,\nLe directeur des finances,\nde la commande publique et de la performance\nsign\u00e9 Mathieu LEFEBVREPr\u00e9fecture de Police - 75-2024-09-12-00003 - Arr\u00eat\u00e9 de nomination de mandataire suppl\u00e9ant R\u00e9gie d'avances Etat de la\nsous-direction de la pr\u00e9vention et de la qualit\u00e9 de vie au travail 8\nPr\u00e9fecture de Police\n75-2024-09-11-00015\nArr\u00eat\u00e9 n\u00b02024-01353 instituant un p\u00e9rim\u00e8tre de\nprotection et diff\u00e9rentes mesures de police\napplicables \u00e0 l'occasion du proc\u00e8s de Peter\nCHERIF du 16 septembre au 4 octobre 2024\nPr\u00e9fecture de Police - 75-2024-09-11-00015 - Arr\u00eat\u00e9 n\u00b02024-01353 instituant un p\u00e9rim\u00e8tre de protection et diff\u00e9rentes mesures de\npolice applicables \u00e0 l'occasion du proc\u00e8s de Peter CHERIF du 16 septembre au 4 octobre 2024 9\nii(a)| i | (')ut \"adail\nMy (| i a lelfilha IL nl\n \nCABINET DU PREFET  \n \n \n \n   Arr\u00eat\u00e9 n\u00b02024-01353 instituant un p\u00e9rim\u00e8tre de protection et diff\u00e9rentes mesures de police applicables \u00e0 l'occasion du  proc\u00e8s de Peter CHERIF du 16 septembre au 4 octobre 2024    Le pr\u00e9fet de police,  Vu le code g\u00e9n\u00e9ral des collectivit\u00e9s territoriales, notamment ses articles L. 2512-13 et L. 2512-14  ;  Vu le code p\u00e9nal  ;  Vu le code de proc\u00e9dure p\u00e9nale  ;  Vu le code de la route, notamment son article L. 411-2 ;  Vu le code rural et de la p\u00eache maritime, notamment ses articles L. 211-11 et suivants  ;  Vu code de la s\u00e9curit\u00e9 int\u00e9rieure, notamment ses articles L. 122-1 et L. 226-1 ;  Vu le d\u00e9cret n\u00b0 2004-374 du 29 avril 2004 modifi\u00e9 relatif aux pouvoirs des pr\u00e9fets, \u00e0 l'organisation et \u00e0 l'action des services de l'Etat dans les r\u00e9gions et d\u00e9partements, notamment son article 72  ;  Vu l'arr\u00eat\u00e9 pr\u00e9fectoral n\u00b0 2017-00801 du 24 juillet 2017 relatif aux sites \u00e9nonc\u00e9s au II de l'article L. 2512-14 du code g\u00e9n\u00e9ral des collectivit\u00e9s territoriales ;  Vu le d\u00e9cret du 20 juillet 2022 par lequel M. Laurent NU\u00d1EZ, pr\u00e9fet, coordonnateur national du renseignement et de la lutte contre le terrorisme, est nomm\u00e9 pr\u00e9fet de police (hors classe) ;  Consid\u00e9rant que, en application des articles L. 122-1 du code de la s\u00e9curit\u00e9 int\u00e9rieure et 72 du d\u00e9cret du 29 avril 2004 susvis\u00e9, le pr\u00e9fet de police a la charge \u00e0 Paris, de l'ordre public, notamment la pr\u00e9vention des atteintes \u00e0 la s\u00e9curit\u00e9 des personnes et des biens  ;  Consid\u00e9rant que, en application de l'article L. 226-1 du code de la s\u00e9curit\u00e9 int\u00e9rieure, le pr\u00e9fet de police peut, en vue d'assurer la s\u00e9curit\u00e9 d'un lieu ou d'un \u00e9v\u00e9nement expos\u00e9 \u00e0 un risque d'actes de terrorisme \u00e0 raison de sa nature et de l'ampleur de sa fr\u00e9quentation, instituer par arr\u00eat\u00e9 motiv\u00e9 un p\u00e9rim\u00e8tre de protection au sein duquel l'acc\u00e8s et la circulation des personnes sont r\u00e9glement\u00e9s  ; que cet arr\u00eat\u00e9 peut autoriser les agents mentionn\u00e9s aux 2\u00b0 \u00e0 4\u00b0 de l'article 16 du code de proc\u00e9dure p\u00e9nale et, sous la responsabilit\u00e9 de ces agents, ceux mentionn\u00e9s \u00e0 l'article 20 et aux 1\u00b0, 1\u00b0bis et 1\u00b0ter de l'article 21 du m\u00eame code \u00e0 proc\u00e9der, au sein du p\u00e9rim\u00e8tre de protection, avec le consentement des personnes faisant l'objet de ces v\u00e9rifications, \u00e0 des palpations de s\u00e9curit\u00e9, \u00e0 l'inspection visuelle et \u00e0 la fouille des bagages, ainsi qu'\u00e0 la visite des v\u00e9hicules susceptibles de p\u00e9n\u00e9trer au sein de ce p\u00e9rim\u00e8tre  ;  Pr\u00e9fecture de Police - 75-2024-09-11-00015 - Arr\u00eat\u00e9 n\u00b02024-01353 instituant un p\u00e9rim\u00e8tre de protection et diff\u00e9rentes mesures de\npolice applicables \u00e0 l'occasion du proc\u00e8s de Peter CHERIF du 16 septembre au 4 octobre 2024 10\n2024-01353\n2024-01353 2Consid\u00e9rant que se tiendra devant la Cour d'assises , du lundi 16 septembre au vendredi 4 \noctobre 2024, le proc\u00e8s de Peter CH\u00c9RIF pour associ ation de malfaiteurs terroriste \ncriminelle en r\u00e9cidive au Palais de Justice de Pari s, sis 10 boulevard du Palais \u00e0 Paris ;  \n \nConsid\u00e9rant que dans le contexte actuel de menace t r\u00e8s \u00e9lev\u00e9e, la tenue de ce proc\u00e8s est \nsusceptible de constituer une cible privil\u00e9gi\u00e9e et symbolique pour des actes de nature \nterroriste  ; \n \nConsid\u00e9rant en effet que plusieurs attentats ou ten tatives d'attentats r\u00e9cents traduisent \nle niveau \u00e9lev\u00e9 de la menace terroriste actuelle en  France dans le cadre du plan \nVIGIPIRATE \u00ab urgence attentat \u00bb en vigueur sur l'en semble du territoire national  depuis le \n24 mars 2024  ; \n \nConsid\u00e9rant qu'il appartient \u00e0 l'autorit\u00e9 de police  comp\u00e9tente de prendre les mesures \nadapt\u00e9es, n\u00e9cessaires et proportionn\u00e9es visant \u00e0 ga rantir la s\u00e9curit\u00e9 des personnes et des \nbiens ainsi que le bon d\u00e9roulement du proc\u00e8s  ; que des mesures applicables entre le lundi \n16 septembre et le vendredi 4 octobre 2024 inclus, pendant les jours d'audience, \u00e0 \ncompter de 07h00 et jusqu'\u00e0 22h00, instituant un p\u00e9 rim\u00e8tre de protection dans le secteur \nde l'Ile de la Cit\u00e9 \u00e0 Paris, r\u00e9pondent \u00e0 ces object ifs  ; \n \n \nARRETE : \n \nTITRE PREMIER \nRENOUVELLEMENT D 'UN PERIMETRE DE PROTECTION   \n \nArticle 1 er \u2013 Du lundi 16 septembre 2024 au vendredi 4 octobre  2024 inclus, il est institu\u00e9 \nun p\u00e9rim\u00e8tre de protection au sein duquel l'acc\u00e8s e t la circulation des personnes sont \nr\u00e9glement\u00e9s de 07h00 \u00e0 22h00, chaque jour  d'audience. \n \nArticle 2 \u2013 Le p\u00e9rim\u00e8tre de protection est d\u00e9limit\u00e9 par les voi es suivantes  : \n \n- boulevard du Palais compris c\u00f4t\u00e9 pair, trottoir uni quement  ; \n \n- quai des Orf\u00e8vres non compris, entre le boulevard d u Palais et la rue de Harlay  ; \n \n- rue de Harlay non comprise  ; \n \n- quai de l'Horloge non compris, entre la rue de Harl ay et le boulevard du Palais . \n \nArticle 3  \u2013 L'acc\u00e8s au p\u00e9rim\u00e8tre de protection s'effectue pa r les points de filtrage \nmentionn\u00e9s ci-apr\u00e8s : \n \n1\u00b0 A l'angle du boulevard du Palais et du quai de l 'Horloge  ; \n \n2\u00b0 A l'angle du boulevard du Palais et quai des Orf \u00e8vres. \n \n \nTITRE II \nMESURES DE POLICE APPLICABLES A L 'INTERIEUR DU PERIMETRE DE PROTECTION  \n \nArticle 4  \u2013 Dans le p\u00e9rim\u00e8tre institu\u00e9 et durant la p\u00e9riode me ntionn\u00e9e par l'article 1 er , les \nmesures suivantes sont applicables  : \n \n1\u00b0 Mesures applicables aux usagers de la voie publi que  : \n Pr\u00e9fecture de Police - 75-2024-09-11-00015 - Arr\u00eat\u00e9 n\u00b02024-01353 instituant un p\u00e9rim\u00e8tre de protection et diff\u00e9rentes mesures de\npolice applicables \u00e0 l'occasion du proc\u00e8s de Peter CHERIF du 16 septembre au 4 octobre 2024 11\n2024-01353\n2024-01353 3a) Sont interdits  : \n- tout rassemblement de nature revendicative  ; \n- le port, le transport et l'utilisation des artifice s de divertissement, des articles \npyrotechniques, des armes \u00e0 feu, y compris factices , et des munitions, ainsi que de \ntous objets susceptibles de constituer une arme au sens de l'article 132-75 du code \np\u00e9nal ou pouvant servir de projectile pr\u00e9sentant un  danger pour la s\u00e9curit\u00e9 des \npersonnes et des biens  ; \n- l'acc\u00e8s des animaux dangereux au sens des articles L. 211-11 et suivants du code \nrural et de la p\u00eache maritime, en particulier les c hiens des 1 \u00e8re  et 2 \u00e8me  cat\u00e9gories . \n \nb) Pour acc\u00e9der au p\u00e9rim\u00e8tre institu\u00e9 par l'article  1 er  ou y circuler, les personnes ont \nl'obligation de se soumettre, \u00e0 la demande des agen ts autoris\u00e9s par le pr\u00e9sent arr\u00eat\u00e9 \u00e0 \nproc\u00e9der \u00e0 ces v\u00e9rifications, \u00e0 des palpations de s \u00e9curit\u00e9, \u00e0 l'inspection visuelle et \u00e0 la \nfouille des bagages ainsi qu'\u00e0 la visite de leur v\u00e9 hicule  ; \n \nc) Les personnes qui, pour des raisons personnelles , professionnelles ou familiales, doivent \nacc\u00e9der \u00e0 l'int\u00e9rieur du p\u00e9rim\u00e8tre de protection et  y circuler sont invit\u00e9es \u00e0 se signaler \naupr\u00e8s de l'autorit\u00e9 de police sur place afin de po uvoir faire l'objet d'une mesure de \nfiltrage adapt\u00e9e  ; \n \n \n2\u00b0 Mesures autorisant les personnels charg\u00e9s de la s\u00e9curit\u00e9 \u00e0 proc\u00e9der aux v\u00e9rifications  : \n-  les officiers de police judiciaire mentionn\u00e9s au x 2\u00b0 \u00e0 4\u00b0 de l'article 16 du code de \nproc\u00e9dure p\u00e9nale et, sous leur responsabilit\u00e9, les agents de police judiciaire mentionn\u00e9s \u00e0 \nl'article 20 du m\u00eame code, ainsi que les agents de police judiciaire adjoints mentionn\u00e9s \naux 1\u00b0, 1\u00b0 bis et 1\u00b0 ter de l'article 21 du m\u00eame co de, sont autoris\u00e9s \u00e0 proc\u00e9der, avec le \nconsentement des personnes faisant l'objet de ces v \u00e9rifications, \u00e0 des palpations de \ns\u00e9curit\u00e9, \u00e0 l'inspection visuelle des bagages et \u00e0 leur fouille, ainsi qu'\u00e0 la visite des \nv\u00e9hicules . \n \nArticle 5  - Sans pr\u00e9judice des sanctions p\u00e9nales auxquelles s'exposent les personnes en \ninfraction avec les dispositions du pr\u00e9sent titre, celles qui refusent de se soumettre \u00e0 \nl'inspection visuelle de leurs bagages \u00e0 main, \u00e0 le ur fouille, \u00e0 des palpations de s\u00e9curit\u00e9 ou \n\u00e0 la visite de leur v\u00e9hicule peuvent se voir interd ire l'acc\u00e8s au p\u00e9rim\u00e8tre institu\u00e9 par le titre \n1er  ou \u00eatre conduites \u00e0 l'ext\u00e9rieur de celui-ci. \n \nTITRE III \nDISPOSITIONS FINALES  \n \nArticle 6  - Les mesures pr\u00e9vues par le pr\u00e9sent arr\u00eat\u00e9 peuven t \u00eatre lev\u00e9es et r\u00e9tablies sur \nd\u00e9cision du repr\u00e9sentant sur place de l'autorit\u00e9 de  police, en fonction de l'\u00e9volution de la \nsituation. \n \nArticle 7  - La pr\u00e9f\u00e8te, directrice du cabinet du pr\u00e9fet de p olice, le directeur de l'ordre \npublic et de la circulation, la directrice de la s\u00e9 curit\u00e9 de proximit\u00e9 de l'agglom\u00e9ration \nparisienne et la secr\u00e9taire g\u00e9n\u00e9rale de la Ville de  Paris sont charg\u00e9s, chacun en ce qui le \nconcerne, de l'ex\u00e9cution du pr\u00e9sent arr\u00eat\u00e9 qui entr era en vigueur \u00e0 compter de son \naffichage aux portes de la pr\u00e9fecture de police, se ra publi\u00e9 au recueil des actes \nadministratifs du d\u00e9partement de Paris, consultable  sur le site internet de la pr\u00e9fecture de \npolice ( https://www.prefecturedepolice.interieur.gouv.fr ) et transmis \u00e0 la procureure de la \nR\u00e9publique pr\u00e8s le tribunal judiciaire de Paris. \n \nFait \u00e0 Paris, le 11 septembre 2024                                SIGNE  Pr\u00e9fecture de Police - 75-2024-09-11-00015 - Arr\u00eat\u00e9 n\u00b02024-01353 instituant un p\u00e9rim\u00e8tre de protection et diff\u00e9rentes mesures de\npolice applicables \u00e0 l'occasion du proc\u00e8s de Peter CHERIF du 16 septembre au 4 octobre 2024 12\n2024-01353\n2024-01353 4Pour le pr\u00e9fet de police \nLa pr\u00e9f\u00e8te, directrice du cabinet \nMagali CHARBONNEAU Pr\u00e9fecture de Police - 75-2024-09-11-00015 - Arr\u00eat\u00e9 n\u00b02024-01353 instituant un p\u00e9rim\u00e8tre de protection et diff\u00e9rentes mesures de\npolice applicables \u00e0 l'occasion du proc\u00e8s de Peter CHERIF du 16 septembre au 4 octobre 2024 13\n2024-01353\n2024-01353 5Annexe de l'arr\u00eat\u00e9 n\u00b02024-01353 du 11 septembre 202 4  \n \n \n \nVOIES ET DELAIS DE RECOURS  \n_______________________ \n \n \n \nSi vous estimez devoir contester le pr\u00e9sent arr\u00eat\u00e9,  il vous est possible, dans \nun d\u00e9lai de deux mois \u00e0 compter de la date de son a ffichage ou de sa publication :  \n \n \n- soit de saisir d'un RECOURS GRACIEUX \nle Pr\u00e9fet de Police \n7/9, boulevard du Palais - 75195 PARIS RP \n \n- ou de former un RECOURS HIERARCHIQUE \n  aupr\u00e8s du Ministre de l'int\u00e9rieur \n  Direction des libert\u00e9s publiques et des affaires juridiques \n  place Beauvau - 75008 PARIS \n \n- soit de saisir d'un RECOURS CONTENTIEUX \nle Tribunal administratif comp\u00e9tent \n \n \nAucune de ces voies et recours ne suspend l'applica tion de la pr\u00e9sente \nd\u00e9cision. \n \nLes recours GRACIEUX et HIERARCHIQUE doivent \u00eatre \u00e9 crits, exposer les \narguments ou faits nouveaux et comprendre la copie de l'arr\u00eat\u00e9 contest\u00e9. \n \nLe recours CONTENTIEUX, qui vise \u00e0 contester la LEG ALITE de la pr\u00e9sente \nd\u00e9cision, doit \u00e9galement \u00eatre \u00e9crit et exposer votr e argumentation juridique. \n \nSi vous n'aviez pas de r\u00e9ponse \u00e0 votre recours GRAC IEUX ou \nHIERARCHIQUE dans un d\u00e9lai de deux mois \u00e0 compter d e la r\u00e9ception de votre \nrecours par l'administration, votre demande devra \u00ea tre consid\u00e9r\u00e9e comme rejet\u00e9e \n(d\u00e9cision implicite de rejet). \n \nEn cas de rejet des recours GRACIEUX ou HIERARCHIQU E, le Tribunal \nadministratif peut \u00eatre saisi d'un recours contenti eux dans le d\u00e9lai de deux mois \u00e0 \ncompter de la date de la d\u00e9cision de rejet.  \n \n \n \n \n \n \n Pr\u00e9fecture de Police - 75-2024-09-11-00015 - Arr\u00eat\u00e9 n\u00b02024-01353 instituant un p\u00e9rim\u00e8tre de protection et diff\u00e9rentes mesures de\npolice applicables \u00e0 l'occasion du proc\u00e8s de Peter CHERIF du 16 septembre au 4 octobre 2024 14","date":"2024-09-12","first_seen_on":"2024-09-12T16:37:58+00:00","id":"b576bdd0af19a0637194e03b4e51a26c8d82288d468b4414c3399387bb3ac14e","name":"recueil-75-2024-583-RAA-nominatifs du 12.09.2024","pdf_creation_date":"2024-09-12T15:09:33+00:00","pdf_modification_date":null,"timezone":"Europe/Paris","url":"https://www.prefectures-regions.gouv.fr/ile-de-france/irecontenu/telechargement/120123/892238/file/recueil-75-2024-583-RAA-nominatifs%20du%2012.09.2024.pdf"}
