{"administration":"pref83","administration_name":"Pr\u00e9fecture du Var","content":"RECUEIL\nDES ACTES\nADMINISTRATIFS\nDE LA\nPR\u00c9FECTURE\nDU VAR\nNum\u00e9ro 32\nPubli\u00e9 le 16 f\u00e9vrier 2024\nBOULEVARD DU 112EME REGIMENT D'INFANTERIE \u2013 83070 TOULON CEDEX \u2013 TEL 04.94.18.83.83 TELECOPIE 04.94.18.82.83\nRECUEIL DES ACTES ADMINISTRATIFS\nDE LA PR\u00c9FECTURE DU VAR \nSOMMAIRE N\u00b0 32 publi\u00e9 le   16 f\u00e9vrier 2024  \nDIRECTION DES S\u00c9CURIT\u00c9S \n- Arr\u00eat\u00e9 pr\u00e9fectoral n\u00b02024-02-005 ESC du 16 f\u00e9vrier 2024 portant \nr\u00e9glementation temporaire de la circulation sur l'autoroute A8 sur le territoire \nde la commune de Fr\u00e9jus.\nDIRECTION DE LA CITOYENNET\u00c9 ET DE LA L\u00c9GALIT\u00c9\n- Arr\u00eat\u00e9 pr\u00e9fectoral n\u00b0DCL/BERG/2024/33 du 13 f\u00e9vrier 2024 fixant la liste des \npersonnes habilit\u00e9es pour remplir les fonctions de membre du jury pour la \nd\u00e9livrance des dipl\u00f4mes dans le secteur fun\u00e9raire.\nDIRECTION D\u00c9PARTEMENTALE DES TERRITOIRES ET DE LA MER DU VAR\n- Arr\u00eat\u00e9 pr\u00e9fectoral DDTM/SAF/BCFSP 2023-025 du 14 f\u00e9vrier 2024 confiant\nune mission \u00e0 un lieutenant de louveterie.\nDIRECTION D\u00c9PARTEMENTALE DE LA PROTECTION DES POPULATIONS\n- Arr\u00eat\u00e9 DDPP n\u00b02024-064 du 16 f\u00e9vrier 2024 portant subd\u00e9l\u00e9gation de \nsignature de M. Jean-Marie SANCHEZ directeur d\u00e9partemental adjoint de la \nprotection des populations au sein de la direction d\u00e9partementale de la \nprotection des populations du Var.\n- Arr\u00eat\u00e9 DDPP n\u00b02024-065 du 16 f\u00e9vrier 2024 portant subd\u00e9l\u00e9gation de \nsignature de M. Jean-Marie SANCHEZ directeur d\u00e9partemental de la \nprotection des populations du Var pour l'ordonnancement secondaire par \nd\u00e9l\u00e9gation des recettes et des d\u00e9penses de l'\u00c9tat.\nBOULEVARD DU 112EME REGIMENT D'INFANTERIE \u2013 83070 TOULON CEDEX \u2013 TEL 04.94.18.83.83 TELECOPIE 04.94.18.82.83\nE=\nPREFET  Direction  des  s\u00e9curit\u00e9s\nDU  VAR  . ; Service  de I'\u00e9ducation  et\n; de la s\u00e9curit\u00e9  routi\u00e8resLibert\u00e9  P\u00eale \u00e9tud  > foutiere\nEgalit\u00e9  Ole \u00e9tudes  et ing\u00e9nierie\nFraternit\u00e9\nARR\u00caT\u00c9  PR\u00c9FECTORAL  n\u00b0 2024-02-005  ESC  du | \u00a7 FEV,  2024\nportant  r\u00e9glementation  temporaire  de la circulation  sur l'autoroute  A8\nsur le territoire  de la commune  de Fr\u00e9jus\nLe Pr\u00e9fet  du Var,\nVu ie Code  de la route  ;\nVu le Code  de la voirie  routi\u00e8re  ;\nVu le d\u00e9cret  du 29 novembre  1982  approuvant  la convention  de concession  pass\u00e9e  entre\nl'\u00c9tat  et la soci\u00e9t\u00e9  de l'autoroute  Est\u00e9rel,  C\u00f4te  d'Azur,  Provence  Alpes  (ESCOTA)  en vue de la\nconstruction,  de l'entretien  et de l'exploitation  des  autoroutes  conc\u00e9d\u00e9es  et ses avenants\nvlt\u00e9rieurs  ;\nVu le d\u00e9cret  n\u00b0 2015-1045  du 21 ao\u00fbt  2015  approuvant  le transfert  de la travers\u00e9e  autorouti\u00e8re\nde Toulon  entre  I'Etat  et la soci\u00e9t\u00e9  des autoroutes  Est\u00e9rel,  C\u00f4te  d'Azur,  Provence  Alpes\n(ESCOTA);\nVu l'arr\u00eat\u00e9  interminist\u00e9riel  du 24 novembre  1967  relatif  \u00e0 la signalisation  des  routes  et\nautoroutes  et des  textes  subs\u00e9quents  ;\nVu l'arr\u00e9t\u00e9  pr\u00e9fectoral  n\u00b0 2506  en date  du 28 d\u00e9cembre  2016,  portant  r\u00e9glementation  de la\ncirculation  sur Vautoroute  A8 ;\nVu l'arr\u00eat\u00e9  pr\u00e9fectoral  n\u00b0 2020-12-001  BR du 16 d\u00e9cembre  2020,  portant  modification  de\nl'arr\u00eat\u00e9  pr\u00e9fectoral  n\u00b0 2523  du 20 mars  2018,  portant  r\u00e9glementation  de la circulation  des\nv\u00e9hicules  de transport  de bois  ronds  dans  le d\u00e9partement  du Var  ;\nVu l'arr\u00eat\u00e9  pr\u00e9fectorai  n\u00b0 2023-06-004  en date  du 26 juin  2023,  autorisant  l'ouverture  de\nchantiers  d'entretien  courant  ou de r\u00e9paration  sur les autoroutes  A8, A50  et A57  dans  la\ntravers\u00e9e  du d\u00e9partement  du Var  ;\nVu l'arr\u00e9t\u00e9  pr\u00e9fectoral  n\u00b0 2024/4/MCI  du 09 f\u00e9vrier  2024  portant  d\u00e9l\u00e9gation  de signature  \u00e0\nMme  Agn\u00e8s  BONJEAN,  sous-pr\u00e9f\u00e8te  charg\u00e9e  de mission,  secr\u00e9taire  g\u00e9n\u00e9rale  adjointe,  assurant\nl'int\u00e9rim  du directeur  de cabinet  du pr\u00e9fet  du Var  \u00e0 compter  du 12 f\u00e9vrier  2024  ;\nVu la note  technique  du 14 avril  2016  du Minist\u00e8re  de l'Environnement,  de I'Energie  et de la\nMer  (DGITM/DIT)  relative  \u00e0 la coordination  des  chantiers  sur le r\u00e9seau  routier  national  (RRN);\nVu le r\u00e8glement  d'exploitation  de la soci\u00e9t\u00e9  des  autoroutes  ESCOTA  en date  du 27 juin  2023  ;\nVu la demande  de la Soci\u00e9t\u00e9  des  autoroutes  ESCOTA  en date  du 8 f\u00e9vrier  2024  ;\nVu l'avis  favorable  de la Direction  G\u00e9n\u00e9rale  des  infrastructures,  des  Transports  et des\nMobilit\u00e9s  sur le dossier  d'exploitation  sous  chantier  n\u00b0 2024-030  en date  du 14 f\u00e9vrier  2024  ;\nConsid\u00e9rant  que  pour  assurer  la s\u00e9curit\u00e9  des  usagers  de l'autoroute,  des  agents  de la soci\u00e9t\u00e9\ndes  autoroutes  Est\u00e9rel,  C\u00f4te  d'Azur,  Provence  Alpes  (ESCOTA)  et des  personnels  des\nentreprises  charg\u00e9s  d'effectuer  les travaux  de mise  en s\u00e9curit\u00e9  du talus  du Reyran,  du PR\n135.500  au PR 141.500  sur l'autoroute  AB8,  il convient  de r\u00e9glementer  la circulation  sur le\nterritoire  du d\u00e9partement  du Var,  sur l'autoroute  A8 , dans  le sens  Aix-en-Provence  vers  Nice\nde la semaine  08/2024  \u00e0 la 09/2024,  les semaines  10/2024  et 11/2024  constituent  les semaines\nde r\u00e9serve.\nArr\u00eat\u00e9  pr\u00e9fectoral  n\u00b02024-02-005  ESC  Page  1/2\n\nSur  proposition  de la sous-pr\u00e9f\u00e8te  charg\u00e9e  de mission,  secr\u00e9taire  g\u00e9n\u00e9rale  adjointe,  assurant\nl'int\u00e9rim  du directeur  de cabinet  du pr\u00e9fet  du Var,\nARR\u00caTE:\nArticle  1\u00b0 : En raison  des  travaux  de forage  et afin  de mettre  en place  les instruments  de suivi\ndu talus  du Reyran  sur l'autoroute  A8,  des  neutralisations  de voies  seront  n\u00e9cessaires  entre  le\nPR 135.500  et le PR 141.500  du lundi  19 f\u00e9vrier  2024  au vendredi  01 mars  2024  de 09h00  \u00e0\n17h00,  les semaines  10/2024  et 11/2024  constituent  les semaines  de r\u00e9serve.\nArticle  Z : L'arr\u00eat\u00e9  pr\u00e9fectoral  n\u00b0 2023-06-004  en date  du 26 juin  2023  autorisant  l'ouverture\nde chantiers  d'entretien  courant  ou de r\u00e9paration  sur les autoroutes  A8,  A50  et A57  dans  la\ntravers\u00e9e  du d\u00e9partement  du Var  est d\u00e9rog\u00e9,  de la semaine  08/2024  \u00e0 la semaine  09/2024\nainsi  que  les semaines  10/2024  et 11/2024  qui  constituent  les semaines  de r\u00e9serve  dans  le sens\nAix-en-Provence  vers  Nice.\nL'inter-distance,  de jour  comme  de nuit,  avec  tout  chantier  n\u00e9cessaire  \u00e0 l'entretien  de\nl''autoroute  A8 est ramen\u00e9e  \u00e0 z\u00e9ro  (0) kilom\u00e8tre  pendant  la dur\u00e9e  de ces  travaux.\nArticle  3 : Une  information  concernant  l'avancement  des travaux  ainsi  que  le planning\npr\u00e9visionnel  sera  transmise  chaque  fin de semaine,  le vendredi  au plus  tard  avant  9h00,  aux\ndestinataires  suivants  :\ne Radio  Vinci-Autoroutes  (107.7)\ne Pr\u00e9fecture  du Var  (pref-derogations-routes@var.gouv.fr)\ne Conseil  D\u00e9partemental  du Var  (bce@var.fr)\ne Direction  d\u00e9partementale  des  territoires  et de la mer  du Var\nArticle  4 : Les signalisations  correspondantes  aux  prescriptions  du pr\u00e9sent  arr\u00e9t\u00e9  seront\nconformes  \u00e0 l'IISR  8%  partie  - signalisation  temporaire.  Elles  seront  mises  en place,\nentretenues  et surveill\u00e9es  par  les services  de l''exploitation  de la soci\u00e9t\u00e9  ESCOTA  pendant\ntoute  la p\u00e9riode  des  travaux.\nLes usagers  seront  inform\u00e9s  des  travaux  par la mise  en place  de panneaux  d'information,  par\nI'affichage  de messages  sur Panneau  \u00e0 Messages  Variables  (PMV)  sur l'autoroute  A8 et la\ndiffusion  de messages  Radio  Vinci  Autoroutes  (107.7).\nArticle  5 : La sous-pr\u00e9f\u00e8te  charg\u00e9e  de mission,  secr\u00e9taire  g\u00e9n\u00e9rale  adjointe,  assurant  l'int\u00e9rim\ndu directeur  de cabinet  du pr\u00e9fet  du Var,  le pr\u00e9sident  du conseil  d\u00e9partemental  du Var,  le\ncommandant  du groupement  de gendarmerie  d\u00e9partementale  du Var,  le directeur\nd\u00e9partemental  des  services  d'incendie  et de secours  du Var,  le directeur  de la direction\ninterd\u00e9partementale  de la Police  nationale  du Var,  le maire  de la commune  de Fr\u00e9jus,  le\ndirecteur  de la soci\u00e9t\u00e9  des  autoroutes  Est\u00e9rel,  C\u00f4te  d'Azur,  Provence  Alpes,  sont  charg\u00e9s,\nchacun  en ce qui le concerne,  de l'ex\u00e9cution  du pr\u00e9sent  arr\u00eat\u00e9  qui  sera  publi\u00e9  au recueil  des\nactes  administratifs  de la pr\u00e9fecture  du Var.\nConform\u00e9ment  aux  dispositions  de l'article  R. 421-1  et suivants  du code  de justice  administrative,  le pr\u00e9sent  arr\u00eat\u00e9  peut  faire  l'objet\ndans  un d\u00e9lai  de deux  mois  \u00e0 compter  de sa parution  :\n- d'un  recours  administratif  (recours  gracieux  aupr\u00e9s  du pr\u00e9fet  du Var ou recours  hi\u00e9rarchique  aupr\u00e8s  du ministre  de l'int\u00e9rieur)\n- d'un  recours  contentieux  devant  le tribunal  administratif  de Toulon.  Le tribunal  administratif  peut  \u00eatre  saisi  par  l'application\ninformatique  \u00ab T\u00e9l\u00e9recours  citoyens  \u00bb accessible  par  le site  Internet  www.telerecours.fr\nArr\u00e9t\u00e9  pr\u00e9fectoral  n\u00b02024-02-005  ESC  Page  2/2\n\nB  Direction  de la citoyennet\u00e9  et de la l\u00e9galit\u00e9\n\u00e9 Bureau  des \u00e9lections  et de la r\u00e9glementation  g\u00e9n\u00e9rale\nPR\u00c9FET\nDU  VAR\nLibert\u00e9\n\u00c9galit\u00e9\nFraternit\u00e9\nARR\u00caT\u00c9  PREFECTORAL  n\u00b0 DCL/BERG/2024/33du  | 1 3 FEV. 2024\nfixant  la liste  des personnes  habilit\u00e9es  pour  remplir  les fonctions  de membre  du jury  pour  la\nd\u00e9livrance  des  dipl\u00f4mes  dans  le secteur  fun\u00e9raire\nLe Pr\u00e9fet  du Var,\nVu le code  g\u00e9n\u00e9ral  des collectivit\u00e9s  territoriales  et notamment  ses articles  L. 2223-25-1  et\nD. 2223-55-2  et suivants,\nVu le code  du travail,\nVu le d\u00e9cret  n\u00b0 2020-648  du 27 mai 2020  modifiant  le contenu  et les modalit\u00e9s  de d\u00e9livrance\ndes  dipl\u00f4mes  dans  le secteur  des  services  fun\u00e9raires,\nVu le d\u00e9cret  du Pr\u00e9sident  de la R\u00e9publique  du 13 juillet  2023  portant  nomination  de Monsieur\nPhilippe  MAH\u00c9,  pr\u00e9fet  du Var  ;\nVu l'arr\u00eat\u00e9  pr\u00e9fectoral  n\u00b0 2023/47/MCI  du 21 ao\u00fbt  2023  portant  d\u00e9l\u00e9gation  de signature  \u00e0\nMonsieur  Lucien  GIUDICELLI,  secr\u00e9taire  g\u00e9n\u00e9ral  de la pr\u00e9fecture  du Var,  sous-pr\u00e9fet  de\nl'arrondissement  de Toulon  ;\nVu larr\u00e9t\u00e9  pr\u00e9fectoral  n\u00b0 DCL/BERG/2020/385  du 1\u00a2 d\u00e9cembre  2020  fixant  la liste  des\npersonnes  habilit\u00e9es  pour  remplir  les fonctions  de membre  du jury  pour  la d\u00e9livrance  des\ndipl\u00f4mes  dans  le secteur  fun\u00e9raire,\nVu les propositions  de d\u00e9signation  du pr\u00e9sident  de l'association  des maires  du Var,  du\npr\u00e9sident  du centre  de gestion  de la fonction  publique  territoriale,  du pr\u00e9sident  de l'union\nd\u00e9partementale  des associations  familiales  du Var,  du pr\u00e9sident  de la chambre  de m\u00e9tiers  et\nde l'artisanat  de r\u00e9gion  Provence-Alpes-C\u00f4te  d'Azur,  de la directrice  d\u00e9partementale  de la\nprotection  des populations,  du directeur  de la citoyennet\u00e9  et de la l\u00e9galit\u00e9  de la pr\u00e9fecture\ndu Var, du d\u00e9l\u00e9gu\u00e9  d\u00e9partemental  de la f\u00e9d\u00e9ration  nationale  du Fun\u00e9raire,  des conseillers\nfun\u00e9raires  et maitres  de c\u00e9r\u00e9monie,\nConsid\u00e9rant  que  la liste  d\u00e9partementale  doit  \u00e9tre  constitu\u00e9e  de 30 personnes  au vu de la\ndensit\u00e9  de population  dans  le d\u00e9partement  du Var,\nConsid\u00e9rant  qu'il  appartient  au pr\u00e9fet  d'\u00e9tablir  une  liste  de personnes  habilit\u00e9es  pour  remplir\nles fonctions  de membre  du jury,  -\nSur proposition  du secr\u00e9taire  g\u00e9n\u00e9ral  de la pr\u00e9fecture,\nARR\u00caTE\n13\n\nARRETE\nArticle  1: Les personnes  dont  les noms  suivent  sont  habilit\u00e9es  \u00e0 remplir  les fonctions  de\nmembre  du jury  dans  le secteur  fun\u00e9raire.\nMaires  (d\u00e9sign\u00e9s  par  l'association  des  maires  du Var)  :\nMonsieur  Gilles  VINCENT,  maire  de Saint-Mandrier  sur Mer\nMonsieur  Richard  STRAMBIO,  maire  de Draguignan\nMonsieur  Ren\u00e9  BOUCHARD,  maire  de Bagnols  en For\u00eat\nMonsieur  Gil BERNARDI,  maire  du Lavandou\nMonsieur  Bernard  MOUTTET,  maire  de Cuers\nMonsieur  Alain  RAVANELLO,  maire  de Carc\u00e8s\n(tel  : 04 98 10 52 30 - mel  : maires.var@wanadoo.fr)\nRepr\u00e9sentants  d\u00e9sign\u00e9s  par  le pr\u00e9sident  de la chambre  de m\u00e9tiers  et de l'artisanat  PACA  \u2014\nSection  Var:  i\nMonsieur  Jean-Louis  GIRAUD\n(tel : 06 72 44 99 77 - mel  : jl.giraud@elus.cmar.paca.fr)\nMonsieur  Jean-Marc  de GAETANO\n(tel : 06.30.36.74.72  \u2014 mel  : degaetano@wanadoo.fr)\nRepr\u00e9sentants  d\u00e9sign\u00e9s  par  le pr\u00e9sident  de la chambre  de commerce  et d'industrie  du Var  :\nMadame  Sandrine  ARMABESSAIRE\n(tel : 06 85 08 52 16 \u2014 mel  : sandrine@\u00e7onciergerie-arma-prestige.fr  )\nMonsieur  St\u00e9phane  BONIFAY\n(tel  : 06 12 94 23 03 \u2014 mel  : stephanebonifay@gmail.com)\nEnseignant  des  universit\u00e9s  (universit\u00e9  de Toulon):\nMonsieur  Fr\u00e9d\u00e9ric  IACOBELLI\n(tel : 04 94 14 20 00 - mel  : frederic.iacobelli@univ\u2014tln._fr)\nRepr\u00e9sentants  des  fonctionnaires  territoriaux  de cat\u00e9gorie  A d\u00e9sign\u00e9s  par  le pr\u00e9sident  du\ncentre  de gestion  de la fonction  publique  territoriale  :\nMadame  Sofia  ORTIZ\n(tel : 07 64 32 49 51 \u2014 mel  ; sofia.ortiz@cdg83.fr)\nMonsieur  Jean-Baptiste  RATTI\n(tel  : 07 64 08 23 99 \u2014 mel  : jean-baptiste.ratti@cdg83.fr)\nMadame  Marielle  GRANDJEAN\n(tel : 07 86 55 36 51 \u2014 mel  : marielle.grandjean@cdg83.fr)\nMadame  Elsa  PAYAN\n(tel : 07 64 08 22 68 - mel  : elsa.payan@cdg83.fr)\nRepr\u00e9sentants  de la_profession  titulaires  du dipl\u00f4me  ou d'une  \u00e9quivalence  de I'examen\norganis\u00e9\nMonsieur  Emmanuel  DAGUENET\n(tel : 04 94 35 69 77 - mel  : contact@pfdaguenet.fr)\nMonsieur  Yannick  FERT\n(tel : 06 46 10 54 96 - mel  : contact@pfdaguenet.fr)\n2/3\n\nRepr\u00e9sentants  des services  de I'Etat  charg\u00e9s  de la concurrence,  de la consommation  et de la\nr\u00e9pression  des  fraudes  ou de la r\u00e9glementation  fun\u00e9raire  :\nMonsieur  Jean  PORTET\n(tel : 06 61 08 42 28 - mel  : jean.brigitte.portet@wanadoo.fr)\nMonsieur  R\u00e9mi  DELARUE\n(tel : 06 30 92 55 77/04  83 24 61 65 - mel : remi.deldue@var.gouv.fr)\nMonsieur  William  RAMBALDELLI\n(tel : 06 42 43 26 59/04  83 24 61 79 - mel : william.rambaldelli@var.gouv.fr)\nMonsieur  Thibaud  RIVIECCIO\n(tel : 04 94 18 82 03 - mel  : thibaud.rivieccio@var.gouv.fr)\nMadame  Chantal  HERNANDEZ\n(tel : 04 94 18 82 06 - mel : chantal.hernandez@var.gouv.fr)\nRepr\u00e9sentant  des usagers  d\u00e9sign\u00e9  par la pr\u00e9sidente  de I'UDAF  Var :\nMonsieur  Jean  DONZEL\n(tel.  : 06 14 31 43 42 - mel  : mevar@orange.fr)\nMonsieur  Vincent  PAGNAC\n(tel.  : 06 03 30 74 29 - mel  : mevar@orange.fr)\nArticle  2: Aucun  membre  du jury  ne peut  prendre  part  \u00e0 une d\u00e9lib\u00e9ration  ou \u00e0 un jury\nconstitu\u00e9  par un organisme  de formation  dans  lequel  il d\u00e9tient  ou a d\u00e9tenu  un int\u00e9r\u00eat  direct\nou indirect,  pour  ou contre  lequel  il a d\u00e9j\u00e0  pris parti  ou qu'il  repr\u00e9sente  ou a repr\u00e9sent\u00e9.\nArticle  3: La liste  des membres  d\u00e9sign\u00e9s  \u00e0 l'article  1 sera  actualis\u00e9e  dans  trois  ans, sans\npr\u00e9judice-  du remplacement  des personnes  d\u00e9c\u00e9d\u00e9es  ou ayant  d\u00e9m\u00e9nag\u00e9  hors  du\nd\u00e9partement.  .\nArticle  4 : L'arr\u00eat\u00e9  pr\u00e9fectoral  n\u00b0 DCL/BERG/2020/385  du 1\u00b0 d\u00e9cembre  2020  fixant  la liste des\npersonnes  habilit\u00e9es  pour  remplir  les fonctions  de membre  du jury  pour  la d\u00e9livrance  des\ndipl\u00f4mes  dans  le secteur  fun\u00e9raire,  sera abrog\u00e9  d\u00e8s l'entr\u00e9e  en vigueur  du pr\u00e9sent  arr\u00eat\u00e9.\nArticle  5 : Le secr\u00e9taire  g\u00e9n\u00e9ral  de la pr\u00e9fecture  du Var est charg\u00e9  de I'ex\u00e9cution  du pr\u00e9sent\narr\u00eat\u00e9  qui sera  publi\u00e9  au recueil  des actes  administratifs  de la pr\u00e9fecture  du Var.\nCtcian  GIUVBIGERL\n[Dans  un d\u00e9lai  de deux  mois  \u00e0 compter  de la date de la notification  ou de la publication  du pr\u00e9sent  arr\u00eat\u00e9  au recueil  des actes  administratifs  de la\npr\u00e9fecture,  les r\u00e9cours  suivants  peuvent  \u00eatre introduits  conform\u00e9ment  aux dispositions  des articles  R. 4211  et suivants  du code  de justice\nladministrative  :\nUn recours  gracieux,  adress\u00e9  \u00e0 :\nM. le Pr\u00e9fet  du Var - Boulevard  du 112*TM  r\u00e9giment  d'infanterie  - CS 31209  - 83070  TOULON  CEDEX\nun recours  hi\u00e9rarchique,  adress\u00e9  au(x)  ministre(s)  concern\u00e9(s)  ;\n[Dans  ces deux  cas, ie silence  de l'Administration  vaut  rejet  implicite  au terme  d'un  d\u00e9lai  de deux  mois.\n(Apr\u00e8s  un recours  gracieux  ou hi\u00e9rarchique,  le d\u00e9lai  du recours  contentieux  ne court  qu'\u00e0 compter  du rejet  explicite  ou implicite  de 'un de ces\necours.\nUn recours  contentieux,  en saisissant  le Tribunal  Administratif  de Toulon  : 5 rue Racine  -BP 40510  - 83 041 TOULON  CEDEX  9\nLe tribunal  administratif  peut  &tre saisi par I'application  informatique  \u00ab T\u00e9l\u00e9cours  \u00bb accessible  par ie site internet  www.tetecours.fr,\n3/3\n\nPR\u00c9FET  Direction  d\u00e9partementale\nit des  territoires  et de la mer  du Var\nARRETE  PR\u00c9FECTORAL  DDTM/SAF/BCFSP  2023-025  DU _ 1 4 FEV,  2024\nCONFIANT  UNE  MISSION  A UN  LIEUTENANT  DE LOUVETERIE\nLe pr\u00e9fet,\nVU le code  de l'environnement  et notamment  ses articles  L. 427-1  \u00e0 -7, R. 427-1  \u00e0 -3 ;\nVU l'arr\u00eat\u00e9  minist\u00e9riel  du 27 mars  1973,  fixant  les modalit\u00e9s  d'application  de la loi du 9 juillet  1971  ;\nVU l'arr\u00eat\u00e9  pr\u00e9fectoral  du 7 mars  2022  relatif  \u00e0 la nomination  des lieutenants  de louveterie  pour  la\np\u00e9riode  2020-2025  ;\nVU l'arr\u00e9t\u00e9  pr\u00e9fectoral  n\u00b02023/63/MCI  du 21 ao\u00fbt  2023  portant  d\u00e9l\u00e9gation  de signature  \u00e0 Monsieur\nLaurent  Boulet,  directeur  d\u00e9partemental  des  territoires  et de la mer  ;\nVU l'arr\u00eat\u00e9  pr\u00e9fectoral  n'DDTM/MPCA/  2023-03  du 26 septembre  2023  donnant  subd\u00e9l\u00e9gation  de\nsignature  ;\nCONSID\u00c9RANT  les d\u00e9g\u00e2ts  que  peuvent  commettre  les ragondins  sur la commune  de Saint-\nRapha\u00e9l,  et plus  pr\u00e9cis\u00e9ment  au niveau  des  golfs  de l'Est\u00e9rel  ;\nCONSID\u00c9RANT  la demande  de M. Fr\u00e9d\u00e9ric  Loussouarn,  intendant  de parcours,  en date  du\n8/02/2024  ;\nSUR  proposition  du directeur  d\u00e9partemental  des  territoires  et de la mer  ;\nARRETE\nARTICLE  1er  : mission  est  donn\u00e9e  au lieutenant  de louveterie  Nicolas  Moutoufis  d'intervenir  sur la\ncommune  de Saint-Rapha\u00ebl,  au niveau  des  golfs  de I'Est\u00e9rel,  et de d\u00e9truire  \u00e0 tir les ragondins  qui\ncommettent  des  d\u00e9g\u00e2ts.\nARTICLE  2: cette  mission  est  confi\u00e9e  \u00e0 titre  personnel.  Cependant,  pour  I'exercice  de celle-ci,\nNicolas  Moutoufis  pourra  s'adjoindre  ou se faire  remplacer  par  tout  autre  lieutenant  de louveterie\nd\u00e9sign\u00e9  par  l'arr\u00eat\u00e9  pr\u00e9fectoral  du 7 mars  susvis\u00e9.\nPourront  \u00e9galement  l'assister  dans  sa mission  : une  personne  maniant  la source  lumineuse,  une\nautre,  ou deux  en cas  de besoin,  veillant  tout  particuli\u00e8rement  aux  conditions  de s\u00e9curit\u00e9  durant\nces  op\u00e9rations,  ces  personnes  n'\u00e9tant  en aucun  cas  autoris\u00e9es  \u00e0 porter  et/ou  utiliser  une  arme.\nArticle  3 : cette  mission,  d'une  dur\u00e9e  d'un  mois  \u00e0 compter  de la signature  du pr\u00e9sent  arr\u00eat\u00e9,  peut\ns'exercer  :\ne Uniquement  \u00e0 proximit\u00e9  des  golfs  ;\ne \u00e0 l'aide  de tout  proc\u00e9d\u00e9  r\u00e9glementaire  ;\ne et \u00e0 l'aide  des  moyens  suivants  : v\u00e9hicules,  sources  lumineuses,  cages,  arme  .munie  d'un\nsilencieux.\nDans  le cadre  de ses missions,  M. Nicolas  Moutoufis  pourra  \u00e9quiper  son  v\u00e9hicule  d'un  gyrophare.\nARTICLE  4 :Les  ragondins  abattus  seront  conduits  \u00e0 l'\u00e9quarrissage  ou enfouis.\nARTICLE  S : le lieutenant  de louveterie  adressera  sans  d\u00e9lai  un compte-rendu  de ses  interventions\nau directeur  d\u00e9partemental  des  territoires  et de la mer  et rendra  compte  notamment  des\ndifficult\u00e9s  qu'il  aura  rencontr\u00e9es  et des  incidents  qui  seront  \u00e9ventuellement  survenus  dans\nl'exercice  de sa mission.\nIl pr\u00e9viendra  du jour,  de l'heure  et du lieu  de la mission,  le service  d\u00e9partemental  de l'office\nfran\u00e7ais  de la biodiversit\u00e9  et le chef  de la brigade  de gendarmerie.\nARTICLE  6 : Le pr\u00e9sent  arr\u00eat\u00e9  peut  faire  l'objet  d'un  recours  gracieux  aupr\u00e8s  de son  auteur  ou d'un\nrecours  contentieux  devant  le tribunal  administratif  de Toulon  dans  un d\u00e9lai  de deux  mois  suivant\nsa publication.  L'absence  de r\u00e9ponse  au recours  gracieux  dans  un d\u00e9lai  de deux  mois  vaut  rejet\nimplicite.  Le rejet  du recours  gracieux  peut  \u00e9galement  \u00eatre  contest\u00e9  devant  le tribunal\nadministratif  de Toulon  dans  un d\u00e9lai  de deux  mois.\nARTICLE  7: le secr\u00e9taire  g\u00e9n\u00e9ral  de la pr\u00e9fecture  du Var,  le directeur  d\u00e9partemental  des\nterritoires  et de la mer,  M. Nicolas  Moutoufis,  sont  charg\u00e9s,  chacun  en ce qui les concerne,  de\nl'ex\u00e9cution  du pr\u00e9sent  arr\u00eat\u00e9  dont  une  ampliation  sera  transmise  au pr\u00e9sident  de la f\u00e9d\u00e9ration\nd\u00e9partementale  des  chasseurs  du Var,  au commandant  du groupement  de gendarmerie  du Var,  au\ncommandant  de la brigade  de gendarmerie  territorialement  comp\u00e9tente,  au chef  du service\nd\u00e9partemental  de l'office  fran\u00e7ais  de la biodiversit\u00e9,  au pr\u00e9sident  de l'association  d\u00e9partementale\ndes  lieutenants  de louveterie  et au maire  de la commune  de Roquebrune-sur-Argens  pour\naffichage,  et tous  les a%ents  ayant  des  fonctions  de police  judiciaire  sont  charg\u00e9s,  chacun  en ce\nqui le concerne,  de l'ex\u00e9cution  du pr\u00e9sent  arr\u00eat\u00e9,  qui sera  publi\u00e9  au recueil  des  actes\nadministratifs  de la pr\u00e9fecture.\nvs  Fait \u00e0 Toulon,  le 1 4 FEV,  2024\nDestinataires  : Pour  le Pr\u00e9fet  et par d\u00e9l\u00e9gation,\n- M. Nicolas  Moutoufis,  Louvetier,  La cheffe  du service  agriculture  et for\u00eat\n- le pr\u00e9sident  de I'association  d\u00e9partementale  de . \u00eb\nla louveterie  du Var,\n- le commandant  de la brigade  de gendarmerie,\n-l'O.F.B,\n-laF.D.C.V.\n- Le maire  de Saint-Rapha\u00e9l\n\nPR\u00c9FET  Direction  d\u00e9partementale  de la\nDU VAR  protection  des  populations\nLibert\u00e9  ; .\n\u00c9galit\u00e9\nFraternit\u00e9\nARR\u00caT\u00c9  DDPP  n\u00b0 2024-064  du 16 f\u00e9vrier  2024\nportant  subd\u00e9l\u00e9gation  de signature  de M Jean-Marie  SANCHEZ\ndirecteur  d\u00e9partemental  adjoint  de la prot\u00e9ction  des  populations  '\nau sein  de la'direction  d\u00e9partementale  de la protection  des  populations  du Var\nLe Pr\u00e9fet  du Var,  \u00c7\nOfficier  de la L\u00e9gion  d'Honneur,\nVu notamment  le code  de commerce,  le code  de la consommation,  le code  rural  et de la\np\u00eache  maritime,  le code  de I'environnement,  le code  de la sant\u00e9  publique,  le code  de la\nconstruction  et de l'habitation  ;\nVu la loi n\u00b0 82-213  du 2 mars  1982  modifi\u00e9e,  relative  aux  droits  et libert\u00e9s  des  commuries,  des\nd\u00e9partements  et d\u00e9s  r\u00e9gions  ; '\nVu la loi d'or.ientation  n\u00b0 924125  du 6 f\u00e9vrier  1992  modifi\u00e9e  relative  \u00e0 l'administration\nterritoriale  de la R\u00e9publique  ;\nVu la loi n\u00b0 2004-809  du 13 ao\u00fbt 2004 relative  aux libert\u00e9s  et responsabilit\u00e9s  locales  ;\nVu  le d\u00e9cret  n\u00b0 97-34  du 15 janvier  1997  modifi\u00e9  relatif  \u00e0 la d\u00e9concentration  des d\u00e9cisions\nadministratives  individuelles  ; |\nVu le d\u00e9cret  n\u00b0 2004-374  du 29 avril  2004  modifi\u00e9  relatif  aux  pouvoirs  des  pr\u00e9fets,  \u00e0\nl'organisation  et \u00e0 I actlon  des  services  de l'Etat  dans  les r\u00e9gions  et d\u00e9partements  ;\nVu le d\u00e9cret  n\u00b0 2009-360  du 31 mars  2009  modifi\u00e9  relatif  aux  emplois  de direction  de'\nl'administration  territoriale  de l'Etat  ;\nVu le d\u00e9cret  n\u00b0 2009-1484  du 3 d\u00e9cembre  2009 modifi\u00e9  relatif  aux directions\nd\u00e9partement\u00e4les  interminist\u00e9rielles  ;\nVu le d\u00e9cret  n\u00b0 2015-510  du 7 mai 2015  portant  charte  de la d\u00e9concentration  ;\nVu le d\u00e9cret  du Pr\u00e9sident  de la R\u00e9publique  du 15 avril  2022  portant  nomination  de M.\nLucien  GIUDICELLI,  secr\u00e9taire  g\u00e9n\u00e9ral  de la pr\u00e9fecture  du Var  ;\nVu le d\u00e9cret  du Pr\u00e9sident  de la R\u00e9publique  du 13 juillet  2023  portant  nomination  de\nM. Philippe  MAHE,  pr\u00e9fet  du Var  ;\n1/4\n\nVu l'arr\u00eat\u00e9  minist\u00e9riel  en date  du 31 mars  2011  modifi\u00e9  portant  .d\u00e9concentration  des\nd\u00e9cisions  relatives  \u00e0 l\u00e0 situation  individuelle  des fonctionnaires  et agents  non titulaires\nexer\u00e7ant  leurs  fonctions  dans  les directions  d\u00e9partementales  interminist\u00e9rielles  ;\nVu l'arr\u00eat\u00e9  du premier  ministre  du 19 d\u00e9cembre  2018  portant  nomination  de M. Jean-Marie\nSANCHEZ  directeur  d\u00e9partemental  adjoint  de la protection  des populations  et I'arr\u00e9t\u00e9  du 28\nd\u00e9cembre  2023  du minist\u00e8re  de l'Int\u00e9rieur  et des Outre-mer  portant  renouvellement  dans  ses\nfonctions  de M Jean-Marie  SANCHEZ,  \u00e0 compter  du 1\" janvier  2024  pour  une dur\u00e9e  d'un  an ;\nVu l'arr\u00eat\u00e9  pr\u00e9fectoral  n\u00b0 96-2020  en date  du 29 d\u00e9cembre  2020  portant  organlsatlon  du\nsecr\u00e9tariat  g\u00e9n\u00e9ral  commun  d\u00e9partemental  du Var  ;\nVu l'arr\u00eat\u00e9  pr\u00e9fectoral  n\u00b0 2021-011  en date  du 27 janvier  2021  portant'organisation  de la\ndirection  d\u00e9partementale  de la protection  des populations  du Var ;\nVu l'arr\u00eat\u00e9  pr\u00e9fectoral  n\u00b0 2024/05/MCI  du 15 f\u00e9vrier  2024  portant  d\u00e9l\u00e9gation  de signature  &M\nJean-Marie  SANCHEZ,  directeur  d\u00e9partemental  adjoint  de la protection  des populations  du\nVar assurant  l'int\u00e9rim  du directeur  d\u00e9partemental  ;\nSur proposition  du directeur  d\u00e9partemental  adjoint  de la prot\u00e9ction  des populations  ;\nARR\u00caTE  :\nArticle  1: D\u00e9l\u00e9gation  de signature  est- donn\u00e9e.  \u00e0 M. Jean-Fran\u00e7ois  CARRIE,  attach\u00e9\nprincipal  d'administr\u00e4tion,  chef  du p\u00f4le  \"\u00e9tablissements  recevant  du public\"  de la\ndirection  d\u00e9partementale,  \u00e0 l'effet  de signer  : .\n- l'octroi  des cong\u00e9s  annuels  des agents  du p\u00f4le  plac\u00e9s  sous  leur  autorit\u00e9  en application  de\nl'article  1*\" a) de l'arr\u00eat\u00e9  du 31 mars  2011  ;\n- tous  actes,  documents  administratifs,  rapports,  correspondances  dans  les domaines  pr\u00e9vus\npar l'article  5 de l'arr\u00eat\u00e9  pr\u00e9fectoral  d'organisation  de la direction  d\u00e9partementale  de la\nprotection  d\u00e9s populations  vis\u00e9  ci-dessus  et dans  les domaines  relevant  des attributions  du\np\u00f4le,  \u00e0 l'exception  de ceux  vis\u00e9s  \u00e0 l'article  2 de l'arr\u00eat\u00e9  pr\u00e9fectoral  r\u00b0 2024/05/MCI  du 15 f\u00e9vrier  2024\nportant.  d\u00e9l\u00e9gation  de 5|gn_ature  \u00e0 M Jean-Marie  SANCHEZ,  directeur  d\u00e9partemental  adjoint\nde la protection  des  populations  du Var.\nEn cas d'absence  ou d'emp\u00eachement,.la  d\u00e9l\u00e9gation  de signature  qui lui est conf\u00e9r\u00e9e  au\npr\u00e9sent  article,  deuxi\u00e8me  tiret,  est exerc\u00e9e  par :\n- Mme  Marie-Th\u00e9r\u00e8se  CAPARROS,  attach\u00e9e  d'administration,\n- M Julien  GULIZZI,  secr\u00e9taire  administratif,\n- Mme  Magali  GRAYE,  secr\u00e9taire  administrative.\nArticle  2 : D\u00e9l\u00e9gation  de signature  est donn\u00e9e  \u00e0 M. R\u00e9mi  DELARUE,  i\u00f1specteur  principal  de'la\nconcurrence,  de la consommation  et de la r\u00e9pression  des 'fraudes.  chef  du- p\u00f4le\n\"consommation\"  de la direction  d\u00e9partementale  \u00e0 l'effet  de signer  :\n- l'octroi.  des cong\u00e9s  annuels  des agents  du p\u00f4le  consommation  de la protection  des\npopulatlons  du Var en application  de I'article  1 a) de I'arr\u00e9t\u00e9  du 31 mars  2011  ;\n- tous  actes,  documents  administratifs,  rapports,  correspondances  dans  les domaines\npr\u00e9vus  par l'article  6 de l'arr\u00eat\u00e9  pr\u00e9fectoral  d'organisation  de la direction  d\u00e9partementale  de\nla protection  des populations  vis\u00e9  ci-dessus  et dans  les domaines  relevant  des attributions  du\n2/4\n\np\u00f4le  consommation,  \u00e0 l'exception  de ceux  vis\u00e9s  \u00e0 l'article  2 de l'arr\u00eat\u00e9  pr\u00e9fectoral  n\u00b0 2024/05/MCI  du\n15 f\u00e9vrier  2024  portant  d\u00e9l\u00e9gation  de signature  \u00e0 M Jean-Marie  SANCHEZ,  directeur\nd\u00e9partemental  adjoint  de la protection  des  populations  du Var.\nEn cas d'absence  ou d'emp\u00e9chement,  la d\u00e9l\u00e9gation  de signature  qui lui est conf\u00e9r\u00e9e  au\npr\u00e9sent  article,  deuxi\u00e8me  tiret,  est exerc\u00e9e  par M. Fabrice  BOURGUET,  Inspecteur  expert  de\nla concurrence,  de la consommation  et de la r\u00e9pression  des  fraudes.\nArticle  3 : D\u00e9l\u00e9gation  de signature  est donn\u00e9e  \u00e0 M. Jean-Paul  NAUDY,  inspecteur  en chef  de la\nsant\u00e9  publique  v\u00e9t\u00e9rinaire,  chef  du p\u00f4le  \"alimentation\"  de la direction  d\u00e9partementale,  \u00e0\nI'effet  de signer  :\n- l'octroi  des  cong\u00e9s  annuels  des  agents  du p\u00f4le  en application  de l'article  1% a) de I'arr\u00e9t\u00e9  du\n31 mars  2071  ;\n- tous  actes,  documents  administratifs,  rapports,  correspondances  dans  les domaines  pr\u00e9vus\npar  l'article  7.de  l'arr\u00e9t\u00e9  pr\u00e9fectoral  d'organisation  de la direction  d\u00e9partementale  de la\nprotection  des  populations  vis\u00e9  ci-dessus  et dans  les d\u00f4maines  relevant  des  attributions  du\np\u00f4le  alimentation,  \u00e0 l'exception  de ceux  vis\u00e9s  \u00e0 l'article  2 de l'arr\u00eat\u00e9  pr\u00e9fectoral\nn\u00b02024/05/MCI  du 15 f\u00e9wrier  2024.  portant  d\u00e9l\u00e9gation  de signature  \u00e0 M Jean-Marie\nSANCHEZ,  directeur  d\u00e9partemental  ad_|omt  de la protection  des populations  du Var.\nEn cas d'absence  'ou d'emp\u00eachement,  la d\u00e9l\u00e9gation  de signature  qui lui est conf\u00e9r\u00e9e  au\npr\u00e9sent  article-deuxi\u00e8me  tiret,  est exerc\u00e9e  par  :\n- Mme  Val\u00e9rie  PACE,  inspectrice  expert  de la concurrence,  de la consommation  et de la\nr\u00e9pression  des  fraudes,  pour  les actes  relevant  des  missions  de la DGCCRF.\n- Mme.Sophie  STRUGAR,  inspectrice  en chef  de la sant\u00e9  publique  v\u00e9t\u00e9rinaire  pour  les actes\nrelevant  des  missions  de la DGAL  ou requ\u00e9rant  la qualit\u00e9  de v\u00e9t\u00e9rinaire  officiel.\nArticle  4 : D\u00e9l\u00e9gation  de signature  est donn\u00e9e  \u00e0 Mme  Sophie  STRUGAR,  inspectrice  en chef\nde la sant\u00e9  publique  v\u00e9t\u00e9rinaire,  chef  du p\u00f4le  \"animaux  et enwronnement\"  de la direction\nd\u00e9partementale  \u00e0 l'effet  de signer  :\n- l'octroi  des  cong\u00e9s  annuels  des  agents  du p\u00f4le  en application  de l'article  1\u00b0 a) de l'arr\u00eat\u00e9  du\n31 mars  2011  ;\n- tous  actes,  documents  administratifs,  rapports,  correspondances  dans  les domaines  pr\u00e9vus  par\nlarticle  8 de l'arr\u00e9t\u00e9  pr\u00e9fectoral  d'organisation  de la direction  d\u00e9partementale  de la\nprotection  des  populations  vis\u00e9  ci-dessus  et dans  les domaines  relevant  des  attributions  du\np\u00f4le  \"animaux  et environnement\",  \u00e0 l'exception  de ceux  vis\u00e9s  \u00e0 l'articl\u00e9  2 de l'arr\u00eat\u00e9\n.pr\u00e9fectoral  n\u00b0 2024/05/MCI  du 15 f\u00e9vrier  2024  portant  d\u00e9l\u00e9gation  de signature  \u00e0 M Jean-Marie\nSANCHEZ,  directeur  d\u00e9partemental  adjoint  de la protection  des  populations  du Var..\n- Les actes  de mise  sous  surveillance  des  animaux,  de mise  en demeure  et suspensioris  de\nqualifications  sanitaires  des  d\u00e9tenteurs  d'animaux  vis\u00e9s  \u00e0 l'article  3 de l'arr\u00eat\u00e9  pr\u00e9fectoral\nn\u00b0 2024/05/MCI  du 15 f\u00e9vrier  2024  portant  d\u00e9l\u00e9gation  de signature  \u00e0 M Jean-Marie  SANCHEZ,\ndirecteur  d\u00e9partemental  adjoint  de la protection  des  populations  du Var.  ;\nEn cas  d'absence  ou d'emp\u00e9chement  de Mme  STRUGAR,  seule  la d\u00e9l\u00e9gation  de signature  qui\nlui est conf\u00e9r\u00e9e  au deuxi\u00e8rne  tiret  du pr\u00e9sent  article,  est exerc\u00e9e  par  :\n- M. Jean-Paul  NAUDY,  inspecteur  en chef  de la sant\u00e9  publique  v\u00e9t\u00e9rinaire.\nArticle  5 : L'arr\u00eat\u00e9  DDPP-n\u00b0  2023-126  du 22 ao\u00fbt  2023  portant  subd\u00e9l\u00e9gation  de signature  au\nsein  de la direction  d\u00e9partementale  de la protection  des  populations  du Var  est abrog\u00e9.\n3/4\n\nArticle  6 : Le directeur  d\u00e9partemental  adjoint  de la protection  des populations  du Var est\ncharg\u00e9  de I'ex\u00e9cution  du pr\u00e9sent  arr\u00eat\u00e9  qui sera  publi\u00e9  au recueil  des actes  administratifs  de\nla pr\u00e9fecture  du Var.\nFait \u00e0 Toulon,  l\u00e9 16 f\u00e9vrier  2024\nLe directeur  d\u00e9partemental  adjoint\nj'ea;'\\'-M  arie SANCHEZ\n4j4\n\nPREFET  ' Direction  d\u00e9partementale  de la\nDU VAR  protection  des populations\nLibert\u00e9  R\n- \u00c9galit\u00e9\nFraternit\u00e9\nARR\u00caT\u00c9  DDPP  n\u00b0 2024/065  du 16 f\u00e9vrier  2024\nportant  subd\u00e9l\u00e9gation  de signature  de M Jean-Marie  SANCHEZ\ndirecteur  d\u00e9partemental  de la protection  des  populations  du Var\npour  l'ordonnancement  secondaire  par d\u00e9l\u00e9gation  des recettes  et des d\u00e9penses  de I'Etat\nLe Pr\u00e9fet  du Var,\nOfficier  de la L\u00e9gion  d'Honneur,\nVu le code  des  march\u00e9s  publics  ;\nVu la loi n\u00b0 82-213  du 2 mars  1982  madifi\u00e9e,  relative  aux  droits  et libert\u00e9s  des  communes,  des\nd\u00e9partements  et-des  r\u00e9gions  ;\nVu la loi d'orientation  n\u00b0.92125  du 6 .f\u00e9vrier  1992  modifi\u00e9e  relative  \u00e0 l'administration\nterritoriale  de  la R\u00e9publique  ;.\nVu la loi organique  n\u00b0 2001-692  du 1* ao\u00fbt  2001  relative  aux  lois de finances  ;\nVu la loi n\u00b0 2004-8_09  du 13 ao\u00fbt  2004  modifi\u00e9e  relative  aux libert\u00e9s  et responsabilit\u00e9s  locales  ;\nVu le d\u00e9cret  n\u00b0 2004-374  du 29 avril  2004  modifi\u00e9  relatif  aux  pouvoirs  des  pr\u00e9fets,  \u00e0\nl'organisation  et \u00e0 l'action  des  services  de l'\u00c9tat  dans  les r\u00e9gions  et d\u00e9partements  ;\nVu le d\u00e9cret  n\u00b0 20091484  du 3 d\u00e9cembre  2009  modifi\u00e9  'relatif  aux  directions\nd\u00e9partementales  interminist\u00e9rielles  ;\nVu le d\u00e9cret  n\u00b0 2012-1246  du 7 novembre  2012  modifi\u00e9  relatif  \u00e0 la gestioh  budg\u00e9taire  et\ncomptable  publique  ;\n.Vu le d\u00e9cret  n\u00b0 20121247  du 7 novembre  2012  madifi\u00e9  portant  adaptation  de divers  textes\naux  nouvelles  r\u00e8gles  de la gestion  budg\u00e9taire  et comptable  publique  ;\nVu le d\u00e9cret  n\u00b0 2015-510  du 7 mai  2015  portant  charte  de la d\u00e9concentration  ;\nVu le d\u00e9cret  du Pr\u00e9sident  de la R\u00e9publique  du 15 avril  2022  portant  nomination  de M.\nLucien  GIUDICELLI,  secr\u00e9taire  g\u00e9n\u00e9ral  de la pr\u00e9fecture  du Var  ;\nVu le d\u00e9cret  du Pr\u00e9sident  de la R\u00e9publique  du 13 juillet  2023  portant  nomination  de\nM. Philippe  MAHE,  pr\u00e9fet  du Var  ;\n1/3\n\nVu l'arr\u00e9t\u00e9  du ministre  de I'\u00e9conomie  et des finances  du 21 d\u00e9cembre  1982  modifi\u00e9  portant\nr\u00e9glement  de comptabilit\u00e9  publique  pour  la d\u00e9signation  des  ordonnateurs  secondaires  et de\nleurs  d\u00e9l\u00e9gu\u00e9s  ;\nVu l'arr\u00e9t\u00e9  du 30 d\u00e9cembre  2008,  portant  r\u00e8glement  de comptabilit\u00e9  du minist\u00e8re  de\nI'agriculture  et de la p\u00eache  pour  la d\u00e9signation  des  ordonnateurs  secondaires  et de leurs\nd\u00e9l\u00e9gu\u00e9s  ;\nVu l'arr\u00eat\u00e9  du premier  ministre  du 19 d\u00e9cembre  2018  portant  nomination  de M. Jean-Marie\nSANCHEZ  directeur  d\u00e9partemental  adjoint  de la protection  des  populations  et l'arr\u00eat\u00e9  du 28\nd\u00e9cembre  2023  du minist\u00e8re  de l'Int\u00e9rieur  et des  Outre-mer  portant  renouvellement  dans  ses\nfonctions  de M Jean-Marie  SANCHEZ,  \u00e0 compter  du 1* janvier  2024  pour  une  dur\u00e9e  d'un,  an ;\nVu l'arr\u00e9t\u00e9  pr\u00e9fectoral  du 2023/89  du 21 ao\u00fbt  2023  portant  d\u00e9l\u00e9gation  de signature  et\nd'ordonnancement  secondaire  \u00e0 Madame  Claire  MORIN-FAVROT,  directrice  du secr\u00e9tariat\ng\u00e9n\u00e9ral  commun  d\u00e9partemental  du Var  ;\nVu l'arr\u00eat\u00e9  pr\u00e9fectoral  n\u00b0 2021-011  en date  du 27 janvier  2021  portant  organisation  de la\ndirection  d\u00e9partementale  de la protection  des  populations  du Var ;\nVu l'arr\u00eat\u00e9  pr\u00e9fectoral  n\u00b0 2024/06/MCI  du 15 f\u00e9vrier  2024  portant  d\u00e9l\u00e9gation  de signature  \u00e0 M\nJean-Marie  SANCHEZ,  directeur  d\u00e9partemental  adjoint  de la prot\u00e9ction  des populations  du\nVar, pour  l'ordonnancement  secondaire  des recettes  et des d\u00e9penses  imput\u00e9es  sur le budget\nde I'Etat  et pour  les march\u00e9s  publics  et les accords-cadres  pass\u00e9s  par sa direction,  assurant\nI'int\u00e9rim  du directeur  d\u00e9partemental  ;\nSur proposition  du directe\u00fcr  d\u00e9partemental  adjoint  de la protection  des populations  ;\n.ARRETE  :\nArticle  1; Subd\u00e9l\u00e9gation  de signature  est donn\u00e9e  pour  les actes  de gestion  budg\u00e9taire  et\nfinanci\u00e8re  de la- direction  dans  les -applications  CHORUS  c\u0153ur,  CHORUS-FORMULAIRES,\nCHORUS-FACTURE,  CHORUS-DT,  CHORUS-NOUVELLE-COMMUNICATION  et autres\napplications.  m\u00e9tier  (ESCALE  CHORAL  .) \u00e0 Mme  Nathalie  MONTANTEME,  secr\u00e9taire\nadministratif  et gestionnaire  comptable  de la DDPP  des  Alpes-Maritimes  dans  le cadre  de la\nconvention  de d\u00e9l\u00e9gation  de gestion  \u00e9tablie  entre  le pr\u00e9fet  des Alpes  Maritimes  et le Pr\u00e9fet\ndu Var.  ' '\n2/3\n\nArticle  2 : L'arr\u00eat\u00e9  DDPP/2023/127  du 22 ao\u00fbt  2023  portant  subd\u00e9l\u00e9gation  de signature  au\nsein  de la direction  d\u00e9partementale  de la protection  des  populations  du Var  est abrog\u00e9.\nArticle  3 : Le directeur  d\u00e9partemental  adjoint  de la protection  des  populations  du Var  &st\ncharg\u00e9e.de  l'ex\u00e9cution  du pr\u00e9sent  arr\u00eat\u00e9  qui sera  publi\u00e9  au recueil  des  actes  administratifs  de\nla pr\u00e9fecture  du Var  et dont  copie  sera  adress\u00e9e  aux  directeurs  des  finances  publiques  du Var\net des  Bouches  du Rh\u00f4ne  ainsi  qu'au  directeur  r\u00e9gional  des  finances  publiques  de Provence-\nAlpes-C\u00f4te  d'Azur.\n.Fait  \u00e0 Toulon,  le 16 f\u00e9vrier  2024\nLe directeur  d\u00e9partemental  adjoint\n( f )\n_ Jca'\\-Mari\u00e7_\u00e2ANCH\u00c9E\n3/3","date":"2024-02-16","first_seen_on":"2024-08-21T11:00:17+00:00","id":"b5c08a8e304ced5cdbbb227cfaa0dc906cdcd9902fd979cdb27a2edd8eb12cb9","name":"RAA N\u00b0032 du 16 f\u00e9vrier 2024","pdf_creation_date":null,"pdf_modification_date":"2024-02-16T16:21:40+00:00","timezone":"Europe/Paris","url":"https://www.var.gouv.fr/contenu/telechargement/33185/221145/file/RAA%20N%C2%B0032%20du%2016%20f%C3%A9vrier%202024.pdf"}
