{"administration":"pref21","administration_name":"Pr\u00e9fecture de C\u00f4te-d\u2019Or","content":"PR\u00c9FET\nDE LA C\u00d4TE-D'OR\nRECUEIL DES ACTES\nADMINISTRATIFS SP\u00c9CIAL\nN\u00b021-2024-066\nPUBLI\u00c9 LE  5 JUIN 2024\nSommaire\nDirection d\u00e9partementale de l'emploi, du travail et des solidarit\u00e9s de\nC\u00f4te-d'Or /\n21-2024-05-28-00003 - Arr\u00eat\u00e9 renouvellement agr\u00e9ment ESUS / Restos du\ncoeur SIREN 390 818 763 (2 pages) Page 3\nDirection d\u00e9partementale des territoires de la C\u00f4te-d'Or / Service\nPr\u00e9servation et Am\u00e9nagement de l'Espace (SPAE)\n21-2024-06-04-00002 - Arr\u00eat\u00e9 pr\u00e9fectoral du 4 juin 2024 portant\nrenouvellement du comit\u00e9 consultatif de gestion\nde la r\u00e9serve naturelle\nCombe Lavaux \u25a1 Jean Roland (3 pages) Page 6\nPr\u00e9fecture de la C\u00f4te-d'Or / Direction des s\u00e9curit\u00e9s\n21-2024-06-05-00001 - Arr\u00eat\u00e9 pr\u00e9fectoral portant autorisation de\nsurveillance exceptionnelle sur la voie publique - Soci\u00e9t\u00e9 REFLEX - Circuit de\nPRENOIS (2 pages) Page 10\nPr\u00e9fecture de la C\u00f4te-d'Or / P\u00f4le juridique inter-services\n21-2024-06-03-00005 - ARR\u00caTE PR\u00c9FECTORAL N\u00b0 924 portant autorisation\nd\u25a1acceptation d\u25a1une donation par les consorts MOIRON \n    \t              au\nprofit des Hospices civils de Beaune (2 pages) Page 13\nSDIS de C\u00f4te-d'Or /\n21-2024-05-01-00003 - 2024 liste d'aptitude op\u00e9rationnelle Syst\u00e8me\nd'Information et de Communication_Modificatif 2 (3 pages) Page 16\n2\nDirection d\u00e9partementale de l'emploi, du travail\net des solidarit\u00e9s de C\u00f4te-d'Or\n21-2024-05-28-00003\nArr\u00eat\u00e9 renouvellement agr\u00e9ment ESUS / Restos\ndu coeur SIREN 390 818 763\nDirection d\u00e9partementale de l'emploi, du travail et des solidarit\u00e9s de C\u00f4te-d'Or - 21-2024-05-28-00003 - Arr\u00eat\u00e9 renouvellement\nagr\u00e9ment ESUS / Restos du coeur SIREN 390 818 763 3\n  \nDirection D\u00e9partementale de l'Emploi,  \ndu Travail et des Solidarit\u00e9s \nDDETS  \nDDETS 21, 21 Bd Voltaire, BP 81110 -  21011 DIJON Cedex \nT\u00e9l. : 03 80 45 75 02 (Accueil) \nwww.cote-dor.gouv.fr \n \n \n \n \n \n \nAffaire suivie par Ma\u00eblle THIEBAUT  \nCharg\u00e9e de mission \u2013 P\u00f4le Emploi Coh\u00e9sion Territoriale  \nT\u00e9l : 03 80 45 75 07 // 06 75 40 79 13 \nCourriel : \nmaelle.thiebaut@cote-dor.gouv.fr  \nDijon, le 28 mai 2024  \n \n \n \n \nLes Restaurants du C\u0153ur-Les Relais \ndu C\u0153ur de C\u00f4te d'Or  \nMonsieur le Pr\u00e9sident  \n9 impasse de Reggio  \n21000 DIJON  \n \n \n \nDDETS de la C\u00f4te d'Or   \nARR\u00caT\u00c9 PORTANT RENOUVELLEMENT AGR\u00c9MENT \nd'Entreprise Solidaire d'Utilit\u00e9 Sociale (ESUS ) \n \n \n  \nVu  - La loi n\u00b02014-856 du 31 juillet 2014 relative \u00e0 l'Economie Sociale et Solidaire (ESS) ; \n  \nVu  - La loi n\u00b02019-486 du 22 mai 2019 relative \u00e0 la c roissance et la transformation des entreprises \nmodifiant la loi ci-dessus du 31 juillet 2014 ; \n  \nVu  - Le d\u00e9cret n\u00b02015-719 du 23 juin 2015 relatif \u00e0 l 'agr\u00e9ment \u00ab Entreprise Solidaire d'Utilit\u00e9 Sociale \n(ESUS) \u00bb ; \n  \nVu  - Le d\u00e9cret n\u00b02015-760 du 24 juin 2015 relatif \u00e0 l 'agr\u00e9ment \u00ab Entreprise Solidaire d'Utilit\u00e9 Sociale \n(ESUS) \u00bb ; \n  \nVu  - L'arr\u00eat\u00e9 du 3 ao\u00fbt 2015 fixant la fraction des b \u00e9n\u00e9fices affect\u00e9e au report b\u00e9n\u00e9ficiaire et aux r\u00e9s erves \nobligatoires, art 1 loi n\u00b0 2014-856 du 31 juillet 2014 relative \u00e0 l'Economie Sociale et Solidaire (ESS) ; \n  \nVu  - L'arr\u00eat\u00e9 du 5 ao\u00fbt 2015 fixant la composition du dossier de demande d'agr\u00e9ment \u00ab Entreprise Solidaire \nd'Utilit\u00e9 Sociale (ESUS) \u00bb ; \n \nVu  - L'arr\u00eat\u00e9 pr\u00e9fectoral n\u00b0 1204 du 17 octobre 2022 portant d\u00e9l\u00e9gation de signature \u00e0 Mr Nicolas \nNIBOUREL, Directeur D\u00e9partemental de la DDETS de C\u00f4te d'Or ; \n \nVu  - L'arr\u00eat\u00e9 n\u00b0736/DDETS du 29 avril 2024 \u2013 Pr\u00e9fectu re de la C\u00f4te d'Or, portant subd\u00e9l\u00e9gation de \nsignature ; \n  \nVu  - Le code du travail, notamment ses articles L 3332-17-1 et R 3332-21-1 \u00e0 R 3332-21-5 ; \n  \nVu  - La demande de renouvellement de l'agr\u00e9ment d'Entreprise Solidaire d'Utilit\u00e9 Sociale (ESUS) re\u00e7ue par \ncourrier du 3 mai 2024 et pr\u00e9sent\u00e9e par le Pr\u00e9siden t de l'association \u00ab Les Restaurants du C\u0153ur-Les \nRelais du C\u0153ur de C\u00f4te d'Or \u00bb, SIREN 390 818 763 ; \n \nDirection d\u00e9partementale de l'emploi, du travail et des solidarit\u00e9s de C\u00f4te-d'Or - 21-2024-05-28-00003 - Arr\u00eat\u00e9 renouvellement\nagr\u00e9ment ESUS / Restos du coeur SIREN 390 818 763 4\n \nDDETS 21, 21 Bd Voltaire, BP 81110 -  21011 DIJON Cedex \nT\u00e9l. : 03 80 45 75 02 (Accueil) \nwww.cote-dor.gouv.fr \n \nVu  - L'arr\u00eat\u00e9 portant agr\u00e9ment ESUS du 25 novembre 20 19 d\u00e9j\u00e0 accord\u00e9 aux Restaurants du C\u0153ur-Les \nRelais du C\u0153ur de C\u00f4te d'Or pour une dur\u00e9e de cinq ans ; \n \nVu - la convention cadre pluriannuelle 2022-2024 n\u00b0 021 010122 ACI 0001 03 portant sur l'insertion par \nl'activit\u00e9 \u00e9conomique ; \n \nVu  - L'article L 3332-17-1, II, 4\u00b0 du Code du Travail, visant les ateliers et chantiers d'insertion (ACI) ;  \n \nVu - La compl\u00e9tude du dossier en date du 28 mai 2024. \n \n\u2026\u2026\u2026\u2026. \n \nConsid\u00e9rant, que l'Economie Sociale et Solidaire (ESS) est \u00ab un  mode d'entreprendre et de \nd\u00e9veloppement \u00e9conomique, adapt\u00e9 \u00e0 tous les domaine s de l'activit\u00e9 humaine remplissant les conditions \ncumulatives, de recherche d'une utilit\u00e9 sociale et non du seul profit, d'une gouvernance d\u00e9mocratique,  \nd'une affectation des b\u00e9n\u00e9fices majoritairement consacr\u00e9s au maintien ou au d\u00e9veloppement de l'entreprise \nainsi qu'\u00e0 des r\u00e9serves impartageables et non distribuables (principes de bonne gestion) \u00bb ; \n \nConsid\u00e9rant, que l'association Les Restaurants du C\u0153ur-Les Rela is du C\u0153ur de C\u00f4te d'Or, SIREN \n390 818 763, est reconnue Atelier et Chantier d'Insertion et association reconnue d'utilit\u00e9 publique ;  \n \nConsid\u00e9rant, que  cette reconnaissance lui permet de b\u00e9n\u00e9ficier de plein droit de l'agr\u00e9ment ESUS ; \n \nConsid\u00e9rant, l'attestation sur l'honneur d'absence de titres en  capital sur les march\u00e9s financiers de \nl'association Les Restaurants du C\u0153ur-Les Relais du C\u0153ur de C\u00f4te d'Or ;   \n \nConsid\u00e9rant,  notamment le respect des principes de la politique de r\u00e9mun\u00e9ration ; \n \nConsid\u00e9rant, qu'au vu des \u00e9l\u00e9ments pr\u00e9sent\u00e9s ci-dessus, l'assoc iation Les Restaurants du C\u0153ur-Les \nRelais du C\u0153ur de C\u00f4te d'Or, remplit les conditions  requises pour b\u00e9n\u00e9ficier de l'agr\u00e9ment d'Entrepris e \nSolidaire et d'Utilit\u00e9 Sociale (ESUS) de plein droit. \n \nARR\u00caTE \n \nArticle 1 : L'association Les Restaurants du C\u0153ur-Les Relais d u C\u0153ur de C\u00f4te d'Or dont le si\u00e8ge social \nse situe 9 impasse de Reggio, 21000 DIJON, r\u00e9f\u00e9renc \u00e9e par le num\u00e9ro SIRET 390 818 763 00026 se voit \naccorder l'agr\u00e9ment d'Entreprise Solidaire d'Utilit \u00e9 Sociale (ESUS) pour 5 ans, \u00e0 compter du 28 mai 20 24 \net jusqu'au 27 mai 2029 selon les crit\u00e8res issus de  l'article L3332-17-1 du code du travail en vigueur  \u00e0 la \ndate de la pr\u00e9sente d\u00e9cision ; \n \nArticle 2 : Le pr\u00e9sent arr\u00eat\u00e9 sera publi\u00e9 au recueil des actes administratifs de la Pr\u00e9fecture de la C\u00f4te d'Or. \n \n  \n \n \n \nPour le Pr\u00e9fet de D\u00e9partement, \nEt par d\u00e9l\u00e9gation du Directeur D\u00e9partemental emp\u00each\u00e9, \nLa Responsable de l'Unit\u00e9 Formation, Emploi et Insertion, \n \nSIGNE \n \nMarie BEGRAND \nDirection d\u00e9partementale de l'emploi, du travail et des solidarit\u00e9s de C\u00f4te-d'Or - 21-2024-05-28-00003 - Arr\u00eat\u00e9 renouvellement\nagr\u00e9ment ESUS / Restos du coeur SIREN 390 818 763 5\nDirection d\u00e9partementale des territoires de la\nC\u00f4te-d'Or\nService Pr\u00e9servation et Am\u00e9nagement de\nl'Espace (SPAE)\n21-2024-06-04-00002\nArr\u00eat\u00e9 pr\u00e9fectoral du 4 juin 2024 portant\nrenouvellement du comit\u00e9 consultatif de gestion\nde la r\u00e9serve naturelle Combe Lavaux \u25a1 Jean\nRoland\nDirection d\u00e9partementale des territoires de la C\u00f4te-d'Or - 21-2024-06-04-00002 - Arr\u00eat\u00e9 pr\u00e9fectoral du 4 juin 2024 portant\nrenouvellement du comit\u00e9 consultatif de gestion\nde la r\u00e9serve naturelle Combe Lavaux \u25a1 Jean Roland\n6\nExPREFETDE LACOTE-D'ORL,z'bert\u00e9Egalit\u00e9Fraternit\u00e9\nDirection d\u00e9partementale des territoires\nde la C\u00f4te-d'Or\nArr\u00eat\u00e9 pr\u00e9fectoral du 4 juin 2024      \nportant renouvellement du comit\u00e9 consultatif de gestion\nde la r\u00e9serve naturelle Combe Lavaux \u2013 Jean Roland\nLe Pr\u00e9fet de la C\u00f4te-d'Or\nVU le code de l'environnement, notamment ses articles R.332-15 et suivants;\nVU le d\u00e9cret n\u00b02004-1363 du 10 d\u00e9cembre 2004 portant cr\u00e9ation de la r\u00e9serve naturelle\nnationale de la Combe Lavaux \u2013 Jean Roland, notamment son article 3;\nVU l'arr\u00eat\u00e9 pr\u00e9fectoral n\u00b0762 du 20 septembre 2018 portant renouvellement du comit\u00e9\nconsultatif de gestion de la r\u00e9serve naturelle Combe Lavaux \u2013 Jean Roland;\nVU l'arr\u00eat\u00e9 pr\u00e9fectoral du 20 septembre 2018 modifiant l'arr\u00eat\u00e9 pr\u00e9fectoral n\u00b0762 du 20\nseptembre 2018 portant renouvellement du comit\u00e9 consultatif de gestion de la r\u00e9serve\nnaturelle Combe Lavaux \u2013 Jean Roland;\nVU les consultations effectu\u00e9es;\nCONSIDERANT que le mandat des membres est arriv\u00e9 \u00e0 terme;\nSUR proposition de la directrice d\u00e9partementale des territoires de la C\u00f4te-d'Or;\nA R R \u00ca T E\nARTICLE 1er:\nLe comit\u00e9 consultatif de gestion de la r\u00e9serve naturelle de la Combe Lavaux \u2014 Jean\nRoland est pr\u00e9sid\u00e9 par M. le pr\u00e9fet ou son repr\u00e9sentant et comprend :\nI. Repr\u00e9sentant de collectivit\u00e9s territoriales, de propri\u00e9taires et d'usagers :\n\u2022 M. le maire de Gevrey-Chambertin ou son repr\u00e9sentant,\n\u2022 M. le maire de Brochon ou son repr\u00e9sentant,\n\u2022 M. le pr\u00e9sident de la communaut\u00e9 de communes de Gevrey-Chambertin et de\nNuits-Saint-Georges ou son repr\u00e9sentant,\n1\nDirection d\u00e9partementale des territoires de la C\u00f4te-d'Or\n57 , rue de Mulhouse - BP 53317 - 21033 Dijon CEDEX\nT\u00e9l. : 03 80 29 44 44\nCourriel : ddt@cote-dor.gouv.fr - Site internet : \nhttp://www.cote-dor.gouv.fr\nDirection d\u00e9partementale des territoires de la C\u00f4te-d'Or - 21-2024-06-04-00002 - Arr\u00eat\u00e9 pr\u00e9fectoral du 4 juin 2024 portant\nrenouvellement du comit\u00e9 consultatif de gestion\nde la r\u00e9serve naturelle Combe Lavaux \u25a1 Jean Roland\n7\n\u2022 M. le pr\u00e9sident du conseil d\u00e9partemental de la C\u00f4te-d'Or ou son repr\u00e9sentant,\n\u2022 Mme  la  pr\u00e9sidente  du  conseil  r\u00e9gional  de  Bourgogne-Franche-Comt\u00e9  ou  son\nrepr\u00e9sentant,\n\u2022 M. le pr\u00e9sident du comit\u00e9 d\u00e9partemental de randonn\u00e9e p\u00e9destre de C\u00f4te-d'Or ou\nson repr\u00e9sentant,\n\u2022 M. le pr\u00e9sident du comit\u00e9 d\u00e9partemental olympique et sportif de C\u00f4te-d'Or,\n\u2022 M. le pr\u00e9sident de la soci\u00e9t\u00e9 de chasse de Gevrey-Chambertin ou son repr\u00e9sentant,\n\u2022 M. le pr\u00e9sident de la soci\u00e9t\u00e9 de chasse de Brochon ou son repr\u00e9sentant,\n\u2022 M. le pr\u00e9sident du comit\u00e9 territorial de C\u00f4te-d'Or de la F\u00e9d\u00e9ration fran\u00e7aise de\nmontagne et d'escalade ou son repr\u00e9sentant,\n\u2022 M. le pr\u00e9sident de C\u00f4te-d'Or attractivit\u00e9 ou son repr\u00e9sentant,\n\u2022 M. Samuel LENOIR, agriculteur et \u00e9leveur sur le territoire de la R\u00e9serve naturelle,\n\u2022 M. le pr\u00e9sident de l'association VTT Gevrey-Chambertin ou son repr\u00e9sentant,\nII. Repr\u00e9sentants d'administrations et d'\u00e9tablissements publics int\u00e9ress\u00e9s\n\u2022 M. le directeur r\u00e9gional de l'environnement, de l'am\u00e9nagement et du logement de\nBourgogne-Franche-Comt\u00e9 ou son repr\u00e9sentant,\n\u2022 M. le d\u00e9l\u00e9gu\u00e9 r\u00e9gional acad\u00e9mique \u00e0 la jeunesse, \u00e0 l'engagement et aux sports de\nBourgogne-Franche-Comt\u00e9 ou son repr\u00e9sentant,\n\u2022 Mme  la  directrice  d\u00e9partementale  des  territoires  de  C\u00f4te-d'Or  ou  son\nrepr\u00e9sentant,\n\u2022 Mme la cheffe de l'unit\u00e9 d\u00e9partementale de l'architecture et du patrimoine ou son\nrepr\u00e9sentant,\n\u2022 M. l'inspecteur de l'acad\u00e9mie de Dijon, directeur des services d\u00e9partementaux de\nl'\u00c9ducation de C\u00f4te-d'Or ou son repr\u00e9sentant,\n\u2022 M. le directeur de l'agence Bourgogne Est, Office national des for\u00eats Bourgogne-\nFranche-Comt\u00e9, ou son repr\u00e9sentant,\n\u2022 M. le responsable du service d\u00e9partemental de C\u00f4te-d'Or de l'Office fran\u00e7ais de la\nbiodiversit\u00e9 ou son repr\u00e9sentant,\n\u2022 M. le directeur du centre national de la propri\u00e9t\u00e9 foresti\u00e8re - Bourgogne-Franche-\nComt\u00e9 ou son repr\u00e9sentant,\n2\nDirection d\u00e9partementale des territoires de la C\u00f4te-d'Or - 21-2024-06-04-00002 - Arr\u00eat\u00e9 pr\u00e9fectoral du 4 juin 2024 portant\nrenouvellement du comit\u00e9 consultatif de gestion\nde la r\u00e9serve naturelle Combe Lavaux \u25a1 Jean Roland\n8\nIII. Personnalit\u00e9s scientifiques qualifi\u00e9es et repr\u00e9sentants d'associations de protection\nde la nature :\n\u2022 M. Lo\u00efc BOLLACHE, sp\u00e9cialis\u00e9 dans la dynamique et conservation de la biodiversit\u00e9,\n\u2022 Mme Eug\u00e9nie CATEAU, experte scientifique for\u00eat,\n\u2022 M. Pierre AGOU, botaniste,\n\u2022 M. R\u00e9gis DESBROSSES, mammalogue,\n\u2022 M. Alain GARDIENNET, mycologue, ou un repr\u00e9sentant de la soci\u00e9t\u00e9 des sciences\nnaturelles de Bourgogne,\n\u2022 M.  Bruno  FAIVRE,  professeur  des  universit\u00e9s,  \u00e0  l'universit\u00e9  de  Bourgogne,  unit\u00e9\nmixte de recherche du CNRS biog\u00e9osciences,\n\u2022 M.  le  directeur  du  conservatoire  d'espaces  naturels  de  Bourgogne  ou  son\nrepr\u00e9sentant,\n\u2022 M.  le  directeur  du  conservatoire  botanique  national  du  Bassin  parisien  ou  son\nrepr\u00e9sentant,\n\u2022 M. le pr\u00e9sident de la ligue pour la protection des oiseaux (LPO) de C\u00f4te-d'Or ou son\nrepr\u00e9sentant,\n\u2022 Mme la pr\u00e9sidente de France nature environnement (FNE 21) ou son repr\u00e9sentant.\nARTICLE 2     :   \nLe mandat des membres du comit\u00e9 consultatif de gestion de la r\u00e9serve naturelle de la\nCombe Lavaux - Jean Roland est fix\u00e9 \u00e0 une dur\u00e9e de cinq ans, \u00e0 compter de la date du\npr\u00e9sent arr\u00eat\u00e9.\nARTICLE 3     :  \nCette d\u00e9cision peut \u00eatre contest\u00e9e devant le tribunal administratif de Dijon dans un d\u00e9lai\nde 2 mois \u00e0 compter de sa publication.\nARTICLE 4     :  \nLe secr\u00e9taire g\u00e9n\u00e9ral de la pr\u00e9fecture de la C\u00f4te-d'Or est charg\u00e9 de l'ex\u00e9cution du pr\u00e9sent\narr\u00eat\u00e9 qui sera notifi\u00e9 \u00e0 chacun des membres du comit\u00e9, et publi\u00e9 au recueil des actes\nadministratifs de la pr\u00e9fecture de la C\u00f4te-d'Or.\nFait \u00e0 Dijon, le 4 juin 2024 \nLe pr\u00e9fet,\nPour le pr\u00e9fet et par d\u00e9l\u00e9gation,\nLe secr\u00e9taire g\u00e9n\u00e9ral\nSign\u00e9 : Johann MOUGENOT\n3\nDirection d\u00e9partementale des territoires de la C\u00f4te-d'Or - 21-2024-06-04-00002 - Arr\u00eat\u00e9 pr\u00e9fectoral du 4 juin 2024 portant\nrenouvellement du comit\u00e9 consultatif de gestion\nde la r\u00e9serve naturelle Combe Lavaux \u25a1 Jean Roland\n9\nPr\u00e9fecture de la C\u00f4te-d'Or\nDirection des s\u00e9curit\u00e9s\n21-2024-06-05-00001\nArr\u00eat\u00e9 pr\u00e9fectoral portant autorisation de\nsurveillance exceptionnelle sur la voie publique -\nSoci\u00e9t\u00e9 REFLEX - Circuit de PRENOIS\nPr\u00e9fecture de la C\u00f4te-d'Or - 21-2024-06-05-00001 - Arr\u00eat\u00e9 pr\u00e9fectoral portant autorisation de surveillance exceptionnelle sur la voie\npublique - Soci\u00e9t\u00e9 REFLEX - Circuit de PRENOIS 10\nExPREFETDE LACOTE-D'ORLibert\u00e9Egalit\u00e9Fraternit\u00e9\nDIRECTION DES S\u00c9CURIT\u00c9S\nBureau D\u00e9fense et S\u00e9curit\u00e9\nARR\u00caT\u00c9 PR\u00c9FECTORAL N\u00b0927\nportant autorisation de surveillance exceptionnelle sur la voie publique\nLe Pr\u00e9fet de la C\u00f4te-d'Or\nVU le code de la s\u00e9curit\u00e9 int\u00e9rieure et notamment son article L613-1  ;\nVU le d\u00e9cret n\u00b0 2004-374 du 29 avril 2004 relatif aux pouvoirs des pr\u00e9fets, \u00e0 l'organisation et \u00e0\nl'action des services de l'Etat dans les r\u00e9gions et d\u00e9partements ;\nVU l'arr\u00eat\u00e9 pr\u00e9fectoral n\u00b0 148/SG du 18 janvier 2024 donnant d\u00e9l\u00e9gation de signature \u00e0 M. Olivier\nGERSTL\u00c9, sous-pr\u00e9fet, directeur de cabinet du pr\u00e9fet de la r\u00e9gion Bourgogne-Franche-Comt\u00e9,\npr\u00e9fet de la C\u00f4te-d'Or ;\nVU  la  demande pr\u00e9sent\u00e9e  par la soci\u00e9t\u00e9 de surveillance et gardiennage  REFLEX,  dont le si\u00e8ge\nsocial est situ\u00e9 11 rue Baudin \u00e0  IVRY-SUR-SEINE (94) , afin d'assurer la s\u00e9curit\u00e9  de l'\u00e9v\u00e8nement\nGRAND PRIX DE L'AGE D'OR qui se d\u00e9roulera du 6 au 9 juin 2024 sur la commune de PRENOIS\n(21370) ;\nVU le bon de commande pour la mise en place d'un service de s\u00e9curit\u00e9 par la soci\u00e9t\u00e9 REFLEX \u00e0\nl'occasion du GRAND PRIX DE L'AGE D'OR demand\u00e9 par le client PETER AUTO en date du 30 avril\n2024 ;\nVU l'autorisation  d'exercer  N\u00b0AUT-094-2123-03-05-20230337306  d\u00e9livr\u00e9  le  5  mars  2024 \u00e0  la\nsoci\u00e9t\u00e9 REFLEX par le conseil national des activit\u00e9s priv\u00e9es de s\u00e9curit\u00e9 ;\nVU l'avis favorable des services de gendarmerie en date du 4 juin 2024  ;\nCONSID\u00c9RANT la pr\u00e9gnance de la menace terroriste sur le territoire national ;\nCONSID\u00c9RANT que  les  circonstances  locales  justifient  la  pr\u00e9sence  de  gardiens  sur  la  voie\npublique  pour  assurer  la  surveillance  dans  les  secteurs  et  aux  dates,  heures  et  conditions\nd\u00e9termin\u00e9s \u00e0 l'article 1er ;\nSUR proposition du sous-pr\u00e9fet, directeur de cabinet du Pr\u00e9fet de la r\u00e9gion Bourgogne Franche-\nComt\u00e9 ;\nARR\u00caTE\nArticle 1 er : Est autoris\u00e9e la mise en place temporaire d'agents de s\u00e9curit\u00e9 priv\u00e9s de la soci\u00e9t\u00e9\nREFLEX, sur la voie publique, pour assurer  la surveillance de l'\u00e9v\u00e8nement GRAND PRIX DE L'AGE\nD'OR sur le circuit de PRENOIS (21370).\nPr\u00e9fecture de la C\u00f4te-d'Or - Direction des s\u00e9curit\u00e9s \u2013 53 rue de la pr\u00e9fecture \u2013 21041 DIJON Cedex\nT\u00e9l. 03.80.44.64.00 - Courriel : pref-polices-administratives@cote-dor.gouv.fr\nPr\u00e9fecture de la C\u00f4te-d'Or - 21-2024-06-05-00001 - Arr\u00eat\u00e9 pr\u00e9fectoral portant autorisation de surveillance exceptionnelle sur la voie\npublique - Soci\u00e9t\u00e9 REFLEX - Circuit de PRENOIS 11\nCette autorisation est accord\u00e9e, \u00e0 titre exceptionnel et uniquement pour cet \u00e9v\u00e8nement,  du\njeudi 6 juin 2024 7H00 au dimanche 9 juin 2024 \u00e0 19H00  sur la D104N \u00e0 PRENOIS (21370).\nArticle 2  :  Cette surveillance sera assur\u00e9e par des agents de s\u00e9curit\u00e9 d\u00e9tenteurs de leur carte\nprofessionnelle et pour lesquels la soci\u00e9t\u00e9 REFLEX s'engage \u00e0 v\u00e9rifier les aptitudes et habilitations.\nArticle 3 : Les agents de s\u00e9curit\u00e9 vis\u00e9s \u00e0 l'article 2 ne pourront pas \u00eatre arm\u00e9s.\nArticle 4 : Toute modification ou changement portant aussi bien sur les horaires de surveillance,\nles lieux \u00e0 surveiller, l'entreprise de surveillance elle-m\u00eame, devra \u00eatre port\u00e9 imm\u00e9diatement \u00e0 la\nconnaissance de la pr\u00e9fecture.\nArticle 5 : La pr\u00e9sente autorisation pourra \u00eatre retir\u00e9e \u00e0 tout moment si les n\u00e9cessit\u00e9s de l'ordre\npublic le justifient ou si les conditions d\u00e9finies dans la demande et dans le pr\u00e9sent arr\u00eat\u00e9 cessent\nd'\u00eatre remplies. Elle prendra fin \u00e0 l'expiration de la mission mentionn\u00e9e \u00e0 l'article 1 er.\nArticle 6 : Le pr\u00e9sent arr\u00eat\u00e9 sera publi\u00e9 au recueil des actes administratifs de la Pr\u00e9fecture de la\nC\u00f4te-d'Or, notifi\u00e9 \u00e0 monsieur  le commandant du groupement de gendarmerie de la C\u00f4te-d'Or et\n\u00e0 la soci\u00e9t\u00e9 de surveillance et de gardiennage REFLEX.\n                                                   Fait \u00e0 Dijon, le 5 juin 2024\nLe pr\u00e9fet,\nPour le pr\u00e9fet et par d\u00e9l\u00e9gation,\nLe directeur de cabinet,\nOriginal sign\u00e9\nOlivier GERSTL\u00c9\nD\u00c9LAIS ET VOIES DE RECOURS\nLe pr\u00e9sent arr\u00eat\u00e9 peut \u00eatre contest\u00e9 selon les voies de recours et dans les d\u00e9lais mentionn\u00e9s ci-dessous.\nDans les deux mois \u00e0 compter de la notification du pr\u00e9sent arr\u00eat\u00e9, les recours suivants peuvent \u00eatre introduits :\n- un recours gracieux adress\u00e9 \u00e0 : Pr\u00e9fecture de la C\u00f4te-d'Or - Direction des S\u00e9curit\u00e9s - Bureau de la d\u00e9fense et de la s\u00e9curit\u00e9 \u2013 Polices \nadministratives - 53 rue de la Pr\u00e9fecture - 21041 Dijon Cedex\n- un recours hi\u00e9rarchique adress\u00e9 \u00e0 M. le Ministre de l'Int\u00e9rieur et des Outre-Mer - Secr\u00e9tariat G\u00e9n\u00e9ral - Place Beauvau -75800 Paris Cedex 08\n- un recours contentieux adress\u00e9 au Tribunal Administratif de Dijon - 22 rue d'Assas - BP 61616 - 21016 Dijon Cedex\nLe tribunal administratif peut \u00eatre saisi par un recours d\u00e9pos\u00e9 via l'application T\u00e9l\u00e9recours citoyens accessible par le site internet \nwww.t\u00e9l\u00e9recours.fr. Ce recours juridictionnel doit \u00eatre d\u00e9pos\u00e9 au plus tard avant l'expiration du 2e mois suivant la date de notification de la \nd\u00e9cision contest\u00e9e (ou bien du 2e mois suivant la date du rejet du recours gracieux ou hi\u00e9rarchique).\nPr\u00e9fecture de la C\u00f4te-d'Or - 21-2024-06-05-00001 - Arr\u00eat\u00e9 pr\u00e9fectoral portant autorisation de surveillance exceptionnelle sur la voie\npublique - Soci\u00e9t\u00e9 REFLEX - Circuit de PRENOIS 12\nPr\u00e9fecture de la C\u00f4te-d'Or\nP\u00f4le juridique inter-services\n21-2024-06-03-00005\nARR\u00caTE PR\u00c9FECTORAL N\u00b0 924 portant\nautorisation d\u25a1acceptation d\u25a1une donation par\nles consorts MOIRON \n    \t              au profit des Hospices civils de\nBeaune\nPr\u00e9fecture de la C\u00f4te-d'Or - 21-2024-06-03-00005 - ARR\u00caTE PR\u00c9FECTORAL N\u00b0 924 portant autorisation d\u25a1acceptation d\u25a1une donation\npar les consorts MOIRON \n    \t              au profit des Hospices civils de Beaune\n13\n                                                                                                                            \nP\u00f4le juridique inter-service de l'\u00c9tat              Dijon, le  3 juin 2024\nAffaire suivie par : M. Fr\u00e9d\u00e9ric PELISSIER\nT\u00e9l : 03 80 44 66 28\nfrederic.pelissier@cote-dor.gouv.fr\n               ARR\u00caTE PR\u00c9FECTORAL N\u00b0 924\n         portant autorisation d'acceptation \n                       d'une donation par les consorts MOIRON \n                  au profit des Hospices civils de Beaune\nVU l'article 910 du code civil, premier alin\u00e9a ;\nVU les articles L6141-1, L6141-2-1,L6145-10-1 du code de la sant\u00e9 publique ;\nVU la loi du 4 f\u00e9vrier 1901 sur la tutelle administrative en mati\u00e8re de dons et\nlegs, notamment ses articles 7 et 8 ;\nVU le  d\u00e9cret  n\u00b0  2007-807  du  11  mai  2007  relatif  aux  associations,\ncongr\u00e9gations et \u00e9tablissements publics du culte et portant application de l'article 910 du\ncode civil et notamment ses articles 4 \u00e0 6 ;\nVU l'acte de donation en date du 6 mai 2024 des consorts MOIRON accordant\nla donation aux Hospices civils de Beaune d'une parcelle de terre \u00e0 vigne situ\u00e9e sur la\ncommune de Tharoiseau (Yonne), lieu-dit \u00ab La Garde du Tiers \u00bb, telle que  d\u00e9sign\u00e9e \u00e0 l'acte\nde donation ;              \n \nVU les pi\u00e8ces du dossier complet le 14 mai 2024 ;\nVU les charges et conditions particuli\u00e8res figurant \u00e0 l'acte de donation ;\n CONSIDERANT que les hospices civils de Beaune ont la capacit\u00e9 \u00e0 recevoir\nune donation, conform\u00e9ment aux dispositions de l'article L 6141-2-1 du Code de la Sant\u00e9\nPublique ;\nSUR proposition de Monsieur le secr\u00e9taire g\u00e9n\u00e9ral de la pr\u00e9fecture ;\nPr\u00e9fecture de la C\u00f4te-d'Or \n53 rue de la Pr\u00e9fecture - 21041 DIJON cedex\nt\u00e9l : 03 80 44 64 00 - Fax : 03 80 30 65 12 - m\u00e8l : courrier@cote-dor.pref.gouv.fr\nSite internet : http://www.cote-dor.gouv.fr\nPr\u00e9fecture de la C\u00f4te-d'Or - 21-2024-06-03-00005 - ARR\u00caTE PR\u00c9FECTORAL N\u00b0 924 portant autorisation d\u25a1acceptation d\u25a1une donation\npar les consorts MOIRON \n    \t              au profit des Hospices civils de Beaune\n14\nA   R R\u00caT E  \nArticle 1er: Monsieur le Directeur des Hospices civils de Beaune est autoris\u00e9, au nom de\nl'\u00e9tablissement, \u00e0 accepter purement et simplement la donation qui lui a \u00e9t\u00e9 consentie par\nles consorts MOIRON suivant l'acte de donation susvis\u00e9 du 6 mai 2024.\nArticle  2:  M.  le  secr\u00e9taire  g\u00e9n\u00e9ral  de  la  pr\u00e9fecture  de  la  C\u00f4te-d'Or  est  charg\u00e9  de\nl'ex\u00e9cution du pr\u00e9sent arr\u00eat\u00e9, qui sera publi\u00e9 au recueil des actes administratifs de la\nPr\u00e9fecture de la C\u00f4te-d'Or et dont copie sera adress\u00e9 \u00e0 M. le Directeur des Hospices\ncivils de Beaune.\nFait \u00e0 Dijon, le 3 juin 2024\n              \n                   \n                    Le pr\u00e9fet,\n            Pour le pr\u00e9fet et par d\u00e9l\u00e9gation,\n              La secr\u00e9taire g\u00e9n\u00e9rale adjointe\nSign\u00e9 :              \n                        Amelle GHAYOU\nPr\u00e9fecture de la C\u00f4te-d'Or - 21-2024-06-03-00005 - ARR\u00caTE PR\u00c9FECTORAL N\u00b0 924 portant autorisation d\u25a1acceptation d\u25a1une donation\npar les consorts MOIRON \n    \t              au profit des Hospices civils de Beaune\n15\nSDIS de C\u00f4te-d'Or\n21-2024-05-01-00003\n2024 liste d'aptitude op\u00e9rationnelle Syst\u00e8me\nd'Information et de Communication_Modificatif\n2\nSDIS de C\u00f4te-d'Or - 21-2024-05-01-00003 - 2024 liste d'aptitude op\u00e9rationnelle Syst\u00e8me d'Information et de\nCommunication_Modificatif 2 16\nPREFETDE LACOTE-D'ORLibert\u00e9\u00c9galit\u00e9 22 D Boulevard Winston ChurchillFraternit\u00e9 CS 16209 - 21 062 DIJON CedexSDIS de la C\u00f4te-d'Or\nAffaire suivie par : sous-direction optimisation du potentiel op\u00e9rationnelSDIS 21 / service \u00e9quipes sp\u00e9cialis\u00e9esT\u00e9l : 03 80 11 27 87M\u00e9l : formation@sdis21.orgArr\u00eat\u00e9Portant sur la liste d'aptitude op\u00e9rationnelleUnit\u00e9 des syst\u00e8mes d'information et de communicationAnn\u00e9e 2024 - modificatif n\u00b0 2Le pr\u00e9fet de la C\u00f4te-d'OrVu le code g\u00e9n\u00e9ral des collectivit\u00e9s territoriales et particuli\u00e8rement l'article R 1424-54 ;Vu l'arr\u00eat\u00e9 du 22 ao\u00fbt 2019 relatif aux formations des sapeurs-pompiers professionnels et volontaires ;Vu l'arr\u00eat\u00e9 du 15 juillet 2022 relatif \u00e0 la d\u00e9signation et aux missions des r\u00e9f\u00e9rents de sp\u00e9cialit\u00e9s mentionn\u00e9s \u00e0 l'articleR. 722-1 du code de la s\u00e9curit\u00e9 int\u00e9rieure ;Vu l'arr\u00e9t\u00e9 pr\u00e9fectoral du 18 septembre 2020 fixant la liste des unit\u00e9s op\u00e9rationnelles ;Vu l'arr\u00eat\u00e9 pr\u00e9fectoral de d\u00e9cembre 2022 fixant I'ordre de base d\u00e9partemental des syst\u00e8mes d'information et decommunicationVu le r\u00e9glement op\u00e9rationnel du service d\u00e9partemental d'incendie et de secours de la C\u00f4te-d'Or en date du 06 octobre2021 ;Vu le SDACR approuv\u00e9 par arr\u00eat\u00e9 pr\u00e9fectoral n\u00b0 1808 du 22 d\u00e9cembre 2023 ;Vu le r\u00e9f\u00e9rentiel emploi activit\u00e9 comp\u00e9tences (REAC) du 13 d\u00e9cembre 2016 relatif aux syst\u00e8mes d'information et decommunication ;Vu le r\u00e9f\u00e9rentiel interne de formation et le r\u00e9f\u00e9rentiel interne de certification- du 8 novembre 2018 ;Vu la participation des agents d\u00e9sign\u00e9s aux activit\u00e9s de formation de maintien et de perfectionnement des acquis ;Vu le nombre de COMSIC (1), d'OFFSIC (5), dOFFSIC et chef de salle op\u00e9rationnelle (2), de chefs de salleop\u00e9rationnelle (13), d'adjoints chefs de salle op\u00e9rationnelle (8), de chefs op\u00e9rateurs de salle op\u00e9rationnelle (20)d'op\u00e9rateurs poste de commandement tactique (3) d'op\u00e9rateur en CTA-CODIS (1) ;Sur proposition de monsieur le directeur d\u00e9partemental des services d'incendie et de secours ;ARR\u00caTEArticle1 : La liste annuelle d\u00e9partementale d'aptitude op\u00e9rationnelle des sapeurs-pompiers de l'unit\u00e9\u00ab syst\u00e8mes d'information et de communication \u00bb du d\u00e9partement de la C\u00f4te-d'Or s'\u00e9tablit comme suit :; I e \u00e0 MentionNom Pr\u00e9nom Emploi op\u00e9rationnel compl\u00e9mentaireDUPONT Luc * Commandant des syst\u00e8mes_d'informat:on et de /L- communication' Officier des syst\u00e8mes d'information et de /L BIDAG Cyel _ communication| ' Officier des syst\u00e8mes d'information et de /ct d Ln | communication _ \u2014JLAMBERT Jean-Robert Officier des systemes_d mformation et de /B communication e' Officier des syst\u00e8mes d'information et de CcsoMER_ME Christophe communication | -PARDON Christophe Officier des syst\u00e8mes d'information et de /communication\nr \nPR\u00c9FET \nDE LA \nC\u00d4TE-D'OR \nLibert\u00e9 \n\u00c9galit\u00e9 \nFraternit\u00e9 \n22 D Boulevard Winston Churchill \nCS 16209 - 21 062 DIJON Cedex \n \nSOLS de la C\u00f4te-d'Or \nAffaire suivie par : sous-direction optimisation du potentiel op\u00e9rationnel \nSDIS 21 / service \u00e9quipes sp\u00e9cialis\u00e9es \nT\u00e9l 03 80 11 27 87 \nM\u00e9l formation@sdis21.org  \nArr\u00eat\u00e9 \nPortant sur la liste d'aptitude op\u00e9rationnelle \nUnit\u00e9 des syst\u00e8mes d'information et de communication \nAnn\u00e9e 2024 - modificatif n\u00b0 2 \nLe pr\u00e9fet de la C\u00f4te-d'Or \nVu le code g\u00e9n\u00e9ral des collectivit\u00e9s territoriales et particuli\u00e8rement l'article R 1424-54 \nVu l'arr\u00eat\u00e9 du 22 ao\u00fbt 2019 relatif aux formations des sapeurs-pompiers professionnels et volontaires : \nVu l'arr\u00eat\u00e9 du 15 juillet 2022 relatif \u00e0 la d\u00e9signation et aux missions des r\u00e9f\u00e9rents de sp\u00e9cialit\u00e9s mentionn\u00e9s \u00e0 l'article \nR. 722-1 du code de la s\u00e9curit\u00e9 int\u00e9rieure : \nVu l'arr\u00eat\u00e9 pr\u00e9fectoral du 18 septembre 2020 fixant la liste des unit\u00e9s op\u00e9rationnelles ; \nVu l'arr\u00eat\u00e9 pr\u00e9fectoral de d\u00e9cembre 2022 fixant l'ordre de base d\u00e9partemental des syst\u00e8mes d'information et de \ncommunication \nVu le r\u00e8glement op\u00e9rationnel du service d\u00e9partemental d'incendie et de secours de la C\u00f4te-d'Or en date du 06 octobre \n2021 ; \nVu le SDACR approuv\u00e9 par arr\u00eat\u00e9 pr\u00e9fectoral re 1808 du 22 d\u00e9cembre 2023 ; \nVu le r\u00e9f\u00e9rentiel emploi activit\u00e9 comp\u00e9tences (REAC) du 13 d\u00e9cembre 2016 relatif aux syst\u00e8mes d'information et de \ncommunication \nVu le r\u00e9f\u00e9rentiel interne de formation et le r\u00e9f\u00e9rentiel interne de certification- du 8 novembre 2018 : \nVu la participation des agents d\u00e9sign\u00e9s aux activit\u00e9s de formation de maintien et de perfectionnement des acquis : \nVu le nombre de COMSIC (1), d'OFFSIC (5), d'OFFSIC et chef de salle op\u00e9rationnelle (2), de chefs de salle \nop\u00e9rationnelle (13). d'adjoints chefs de salle op\u00e9rationnelle (8), de chefs op\u00e9rateurs de salle op\u00e9rationnelle (20) \nd'op\u00e9rateurs poste de commandement tactique (3) d'op\u00e9rateur en CTA-CODIS (1) ; \nSur proposition de monsieur le directeur d\u00e9partemental des services d'incendie et de secours : \nARR\u00caTE \nArticle 1 : La liste annuelle d\u00e9partementale d'aptitude op\u00e9rationnelle des sapeurs-pompiers de l'unit\u00e9 \n\u00ab syst\u00e8mes d'information et de communication \u00bb du d\u00e9partement de la C\u00f4te-d'Or s'\u00e9tablit comme suit \nNo \nDUPONT \nBIDAU Cyril \nm Pr\u00e9nom Emploi op\u00e9rationnel Mention \ncompl\u00e9mentaire \nLuc Commandant des syst\u00e8mes d'information et de \ncommunication \nGa\u00eblle \nOfficier des syst\u00e8mes d'information et de \ncommunication \nCOQUIO Officier des syst\u00e8mes d'information et de \ncommunication \nLAMBERT Jean-Robert Officier des syst\u00e8mes d'information et de \ncommunication \nMERME Christophe \nChristophe \nOfficier des syst\u00e8mes d'information et de \ncommunication CSO \nPARDON Officier des syst\u00e8mes d'information et de \ncommunication \nSDIS de C\u00f4te-d'Or - 21-2024-05-01-00003 - 2024 liste d'aptitude op\u00e9rationnelle Syst\u00e8me d'Information et de\nCommunication_Modificatif 2 17\n\"%'\" Pr\u00e9nom F 'Emploi op\u00e9rationnel - Mention _| VILBOUX Romain ' Officier des syst\u00e8mes d'information et de |t__ \u2014 . _______ communication | \u20acS0| XHAARD-BOLLON Nicolas \u00ce Officier des syst\u00e9mes d'information et de PS'_____\\ ; communication /BIARD Herv\u00e9 ]  Chef de salle op\u00e9rationnelle OTAU-OCOM  Chef de salle op\u00e9rationnelle OTAU-OCO\\ CAO-THANH Emmanuel Chef de salle op\u00e9rationnelle OTAU-OCOCARRE Cl\u00e9a Chef de salle op\u00e9rationnelle /ETIENNE Christophe \u20144 Chef de salle op\u00e9rationnelle OTAU-OCOGREBILLE Jean | Chef de salle op\u00e9rationnelle OTAU-OCOGUALDI Fabrice Chef de salle op\u00e9rationnelle OTAU-OCOHANNETON Gabin Chef de salle op\u00e9rationnelle OTAU-OCOJAUDAUX David Chef de salle op\u00e9rationnelle OTAU-OCOJEANNIN S\u00e9bastien Chef de salle op\u00e9rationnelle OTAU-OCOLELARGE Pierre-Yves l Chef de salle op\u00e9rationnelle OTAU-OCOMELOT Christophe | Chef de salle op\u00e9rationnelle OTAU-OCOMESPOULHES Yann Chef de salle op\u00e9rationnelle OTAU-OCOBERNIER Julien Adjoint chef de salle op\u00e9rationnelle OTAU-OCOBOLE Xavier Adjoint chef de salle op\u00e9rationnelle OTAU-OCOBRUNET Morgan Adjoint chef de salle op\u00e9rationnelle OTAU-OCO\u00ce\u00cb\\UCHARD C\u00e9dric Adjoint chef de salle op\u00e9rationnelle OTAU-OCOi'-\u00c9I_\u00cbF:LECHARD Julien Adjoint chef de satie op\u00e9rationnelle\" OTAU-OCOISTRIA Anthony Adjoint chef de salle op\u00e9rationnelle OTAU-OCO' PETIT Maxime Adjoint chef de salle op\u00e9rationneile ' OTAU-OCO\u00caGNON S\u00e9bastien Adjoint chef de salle op\u00e9rationnelle OTAU-OCO\u00caAUDEGARD Romain Chef op\u00e9rateur de salle op\u00e9rationnelle OTAU-OCO; BOUCHER Herve Chef op\u00e9rateur de salle op\u00e9rationnelle OTAU-OCOl BOUCHER Thomas Chef op\u00e9rateur de saile op\u00e9rationnelle OTAU-OCOBOURGEOIS Blandine Chef op\u00e9rateur de salie op\u00e9rationnelle OTAU-OCO- BREGAND Matthieu bhef op\u00e9rateur de ;alle op\u00e9rationnelle OTAU-OCO'. DE MESQUITA Emilien Chef op\u00e9rateur de salle op\u00e9rationnelle OTAU-OCO' DELPIT Geoffrfley Chef op\u00e9rateur de salle op\u00e9rationnelle OTAU-OCODOILLON Hugo Chef op\u00e9rateur de salle op\u00e9rationnelle- OTAU-OCODU\u00cbOIS C\u00e9dric Chef op\u00e9rateur de salle op\u00e9rationnelle OTAU\u2014O\u00e9\u00d4\nN om Pr\u00e9nom Emploi op\u00e9rationnel Mention \ncompl\u00e9mentaire \nVILBOUX Romain Officier des syst\u00e8mes d'information et de \ncommunication CSO \nXHAARD-BOLLON Nicolas Officier des syst\u00e8mes d'information et de \ncommunication / \nBIARD Herv\u00e9 Chef de salle op\u00e9rationnelle OTAU-OCO \nBECQUET J\u00e9r\u00e9my \t j Chef de salle op\u00e9rationnelle OTAU-OCO \nCAO-THANH Emmanuel Chef de salle op\u00e9rationnelle \t 1 OTAU-OCO \nCARRE Cl\u00e9a Chef de salle op\u00e9rationnelle / \nETIENNE Christophe Chef de salle op\u00e9rationnelle OTAU-OCO \nGREBILLE Jean Chef de salle op\u00e9rationnelle OTAU-OCO \nGUALDI Fabrice Chef de salle op\u00e9rationnelle OTAU-OCO \nHANNETON Gabin Chef de salle op\u00e9rationnelle OTAU-OCO \nJAUDAUX David Chef de salle op\u00e9rationnelle OTAU-OCO \nJEANNIN S\u00e9bastien Chef de salle op\u00e9rationnelle OTAU-OCO \nLELARGE Pierre-Yves Chef de salle op\u00e9rationnelle OTAU-OCO \nMELOT Christophe \t Chef de salle op\u00e9rationnelle OTAU-OCO \nMESPOULHES Yann \t Chef de salle op\u00e9rationnelle OTAU-OCO \nBERNIER Julien Adjoint chef de salle op\u00e9rationnelle OTAU-OCO \nBOLE Xavier Adjoint chef de salle op\u00e9rationnelle \t 1  OTAU-OCO \nBRUNET Morgan Adjoint chef de salle op\u00e9rationnelle OTAU-OCO \nFAUCHARD C\u00e9dric Adjoint chef de salle op\u00e9rationnelle OTAU-OCO \nFLECHARD Julien Adjoint chef de salle op\u00e9rationnelle OTAU-OCO \nISTRIA Anthony Adjoint chef de salle op\u00e9rationnelle OTAU-OCO \nPETIT Maxime Adjoint chef de salle op\u00e9rationnelle i \t OTAU-OCO \nPIGNON S\u00e9bastien Adjoint chef de salle op\u00e9rationnelle OTAU-OCO \nBAUDEGARD Romain Chef op\u00e9rateur de salle op\u00e9rationnelle OTAU-OCO \nBOUCHER Herv\u00e9 Chef op\u00e9rateur de salle op\u00e9rationnelle OTAU-OCO \nBOUCHER Thomas Chef op\u00e9rateur de salle op\u00e9rationnelle OTAU-OCO \nBOURGEOIS Blandine \t Chef op\u00e9rateur de salle op\u00e9rationnelle OTAU-OCO \nBREGAND Matthieu \t Chef op\u00e9rateur de salle op\u00e9rationnelle OTAU-OCO \n1  DE MESQUITA Emilien \t Chef op\u00e9rateur de salle op\u00e9rationnelle OTAU-OCO \nDELPIT Geoffrey \t Chef op\u00e9rateur de salle op\u00e9rationnelle OTAU-OCO \nDOILLON Hugo Chef op\u00e9rateur de salle op\u00e9rationnelle OTAU-OCO \nDUBOIS C\u00e9dric Chef op\u00e9rateur de salle op\u00e9rationnelle OTAU-OCO \nSDIS de C\u00f4te-d'Or - 21-2024-05-01-00003 - 2024 liste d'aptitude op\u00e9rationnelle Syst\u00e8me d'Information et de\nCommunication_Modificatif 2 18\nN\u00e8m Pr\u00e9nomEmploi op\u00e9rationnelMentioncompl\u00e9mentaireDURAND MaximeChef op\u00e9rateur de salle op\u00e9rationnelle | OTAU-OCOFURDIN David Chef optf;rateur de salle op\u00e9rationnelle ! OTAU-OCOKURKLINSKI Quentin ' Chef op\u00e9rateur de salle op\u00e9rationnelle : OTAU-OCOI\u2014LANNl Tho\u00f1as Chef op\u00e9rateur de salle op\u00e9rationnelle | OTAU-OCOLEGROS Ant\u00f4ine Chef op\u00e9rateur de salle op\u00e9rationnelle OTAU-OCO| LEGROS C\u00e9line Chef op\u00e9rateur de salle op\u00e8rationnelle\u2014 OTAU-OC\u00d4MIGEON Matthieu Chef op\u00e9rateur de salle op\u00e9rationnelle |' OTAU-OCOMOUSSERON Sophie Chef op\u00e9rateur de salle op\u00e9rationnelle | OTAU-OCO\\ PIVEL Alexis Chef op\u00e9rateur de salle op\u00e9rationnelle OTAU-OCO| RENGEL Teddy Chef op-\u00e9rateur de salle op\u00e9rationnelle OTAU-OCOTREDEZ Victor | Chef op\u00e9rateur de salle op\u00e9rationnelle OTAU-OCOLECOMTE Jean-Baptiste Op\u00e9rateur ded'\u00e8\"gr\u00e2'tr'aa\u00e2\u00e4gp\u00e8ra\"c'\"\"e\"e OCO-PCTACIV\u2014IINET Jdan-Yves Op\u00e9rateur ded(:eogr(gii?aa;ti%rtj gp\u00e9rationnetle OCO-PCTACWALLE:F Florent - \u00ce Op\u00e9rateur dec\u00ee';eogrcc:ii?aa;:t\u00eaic(::lr:1 gp\u00e9rationnelle i | OCO-PCTAC| BOUCHER Isabelle Op\u00e9rateur en CTA-CODIS /* R\u00e9f\u00e9rent de sp\u00e9cialit\u00e9 \u00ab syst\u00e8mes d'information et de communication \u00bbArticle 2 : Le sous-pr\u00e9fet, directeur de cabinet, et le directeur d\u00e9partemental des services d'incendie et desecours sont charg\u00e9s, chacun en ce qui le concerne, de l'ex\u00e9cution du pr\u00e9sent arr\u00eat\u00e9 qui sera publi\u00e9 aurecueil des actes administratifs de la pr\u00e9fecture de la C\u00f4te-d'Or.\nDijon, le0 1 MAI 2024\nLe pr\u00e9fet,Pour le Pr\u00e9fet et par d\u00e9l\u00e9gation,Le Sous-Pr\u00e9fet,Directeur de Cabinet\nOlivier GERSTL\u00c9\nOlivier GE cTL\u00c9 \nNom Pr\u00e9nom \nDURAND Maxime \nFURDIN David \nKURKLINSKI Quentin \nLANNI Thomas \nLEGROS Antoine \nEmploi op\u00e9rationnel Mention \ncompl\u00e9mentaire \nChef op\u00e9rateur de salle op\u00e9rationnelle \t OTAU-OCO \nChef op\u00e9rateur de salle op\u00e9rationnelle \t OTAU-OCO \nChef op\u00e9rateur de salle op\u00e9rationnelle \nChef op\u00e9rateur de salle op\u00e9rationnelle \nChef op\u00e9rateur de salle op\u00e9rationnelle \nOTAU-OCO \nOTAU-OCO \nOTAU-OCO \nLEGROS C\u00e9line \nMIGEON Matthieu \nMOUSSERON Sophie \nPIVEL Alexis \nRENGEL Teddy \nTREDEZ Victor \nLECOMTE Jean-Baptiste \nMINET Jean-Yves \nWALLET Florent \nBOUCHER Isabelle  \nChef op\u00e9rateur de salle op\u00e9rationnelle \nChef op\u00e9rateur de salle op\u00e9rationnelle \nChef op\u00e9rateur de salle op\u00e9rationnelle \nChef op\u00e9rateur de salle op\u00e9rationnelle \nChef op\u00e9rateur de salle op\u00e9rationnelle \nChef op\u00e9rateur de salle op\u00e9rationnelle \nOp\u00e9rateur de coordination op\u00e9rationnelle \nde PC tactique \nOp\u00e9rateur de coordination op\u00e9rationnelle \nde PC tactique \nOp\u00e9rateur de coordination op\u00e9rationnelle \nde PC tactique \nOp\u00e9rateur en CTA-CODIS \nOTAU-OCO \nOTAU-OCO \nOTAU-OCO \nOTAU-OCO \nOTAU-OCO \nOTAU-OCO \nOCO-PCTAC \nOCO-PCTAC \nOCO-PCTAC \n* R\u00e9f\u00e9rent de sp\u00e9cialit\u00e9 \u00ab syst\u00e8mes d'information et de communication \u00bb \nArticle 2 : Le sous-pr\u00e9fet. directeur de cabinet, et le directeur d\u00e9partemental des services d'incendie et de \nsecours sont charg\u00e9s. chacun en ce qui le concerne. de l'ex\u00e9cution du pr\u00e9sent arr\u00eat\u00e9 qui sera publi\u00e9 au \nrecueil des actes administratifs de la pr\u00e9fecture de la C\u00f4te-d'Or. \nDijon, le \t 0 1 MAI 2024 \nLe pr\u00e9fet, \nPour le Pr\u00e9fet et par d\u00e9l\u00e9gation, \nLe Sous-Pr\u00e9fet, \nDirecteur de Cabinet \nSDIS de C\u00f4te-d'Or - 21-2024-05-01-00003 - 2024 liste d'aptitude op\u00e9rationnelle Syst\u00e8me d'Information et de\nCommunication_Modificatif 2 19","date":"2024-06-05","first_seen_on":"2025-09-14T12:14:17+00:00","id":"b5d14385496cdea024c9dc6b753c662ef83755b19e401f397137b4638423ab27","name":"RAA n\u00b0 066 du 05 juin 2024","pdf_creation_date":"2024-06-05T14:00:24+00:00","pdf_modification_date":null,"timezone":"Europe/Paris","url":"https://www.cote-dor.gouv.fr/contenu/telechargement/21468/164305/file/recueil-21-2024-066-recueil-des-actes-administratifs-special.pdf"}
