{"administration":"pref37","administration_name":"Pr\u00e9fecture d\u2019Indre-et-Loire","content":"INDRE-ET-LOIRE\nRECUEIL DES ACTES\nADMINISTRATIFS SP\u00c9CIAL\nN\u00b037-2024-12032\nPUBLI\u00c9 LE 13 D\u00c9CEMBRE 2024\nSommaire\nPr\u00e9fecture d'Indre et Loire /\n37-2024-11-04-00005 - Arr\u00eat\u00e9 composition CDAS 12 novembre 2024 (2\npages) Page 3\n37-2024-12-09-00001 - Arr\u00eat\u00e9 modificatif F3SCT 6 dec 2024 (2 pages) Page 6\n2\nPr\u00e9fecture d'Indre et Loire\n37-2024-11-04-00005\nArr\u00eat\u00e9 composition CDAS 12 novembre 2024\nPr\u00e9fecture d'Indre et Loire - 37-2024-11-04-00005 - Arr\u00eat\u00e9 composition CDAS 12 novembre 2024 3\nL'Inspecteur d'acad\u00e9mie,\nDirecteur acad\u00e9mique des services d\u00e9partementaux de l'\u00e9ducation nationale d'Indre-et-Loire\nVu l'arr\u00eat\u00e9 du 7 mars 2013 relative au r\u00f4le et \u00e0 la composition de la commission nationale, des \ncommissions acad\u00e9miques et d\u00e9partementales et de la commission centrale d'action sociale ;\nVu les r\u00e9sultats des \u00e9lections professionnelles au comit\u00e9 technique sp\u00e9cial du d\u00e9partement d'Indre-\net-Loire qui se sont d\u00e9roul\u00e9es du 1er d\u00e9cembre 2022 au 8 d\u00e9cembre 2022 ;\nVu les propositions des organisations syndicales ;\nVu les propositions du Pr\u00e9sident de la Mutuelle G\u00e9n\u00e9rale de l'Education Nationale- section d'Indre-\net-Loire;\nARR\u00caT\u00c9\nArticle premier\n : Sont d\u00e9sign\u00e9s en qualit\u00e9 de membres de la commission d\u00e9partementale d'action \nsociale d'Indre et Loire :\nREPRESENTANTS DE L'ADMINISTRATION\nPr\u00e9sident Repr\u00e9sentant le DASEN DSDEN 37\nMENDIVE Christian GIRAN Lise\nDASEN DSDEN 37                                 Secr\u00e9taire G\u00e9n\u00e9rale,\n                                                                 DSDEN 37\nALVAREZ Karine\nCheffe de division - DIRHAC\nDSDEN 37\nREPRESENTANTS DES FEDERATIONS DE FONCTIONNAIRES\nTitulaires Suppl\u00e9ants\nMONBAILLY Marie VEYRET Elise\nCPE              Professeure des \u00e9coles\nColl\u00e8ge Anatole France - Tours Ecole mat. Georges Duh amel - Tours\n(FSU) (FSU)\nCOURAUDON K\u00e9vin SIRH St\u00e9phanie\nProfesseur des \u00e9coles Professeure des \u00e9coles\nEcole Maternelle L\u00e9on Brulon \u2013 Saint-AvertinEcole \u00e9l\u00e9mentaire Bernard Pasteur - Tours\n(FSU)                                                     (FSU)\nSOUCHET Val\u00e9rie D\u05a4\u05a4\u00c9LAS Simon\nAESH Professeur des \u00e9coles\nClg Stalingrad \u2013 Saint-Pierre-des-Crops Ecole Diderot Pascal - Tours\n(FSU) (FSU)\nPr\u00e9fecture d'Indre et Loire - 37-2024-11-04-00005 - Arr\u00eat\u00e9 composition CDAS 12 novembre 2024 4\nBORGEAIS Fanny                         LAFEUILLE Lieve\nProfesseure des \u00e9coles              Professeure des \u00e9coles\nEcole \u00e9l\u00e9mentaire - HOMMES                             Ecole Ferry \u2013 MONTLOUIS-SUR-LOIRE                      \n(FNEC FP FO) (FNEC FP FO)\nBRAMS-LEGOUT Claire LOMBARD Manuela\nProfesseure des \u00e9coles AESH\nEcole maternelle - SEMBLAN\u00c7AY Ecole Mignonne \u2013 JOUE -LES-TOURS\n(FNEC FP FO) (FNEC FP FO)\nREPRESENTANTS DE LA M.G.E.N.\nTitulaires Suppl\u00e9ants\nNIEMEC Philippe BREANT Eric\nPERINETTE Jean-Yves GUILLON Christine\nSANCHEZ Odile              SOTTEJEAU Patrick\nPHILIPPE G\u00e9rard MOLLET-RONFLARD Raymonde\nGABORIT Nathalie PENINON Jean-Pierre\nArticle 3\n : La Secr\u00e9taire g\u00e9n\u00e9rale de la direction des services d\u00e9partementaux de l'\u00e9ducation \nnationale d'Indre-et-Loire est charg\u00e9e de l'ex\u00e9cution du pr\u00e9sent arr\u00eat\u00e9.\nFait  \u00e0 Tours, le 04 novembre 2024\nL'Inspecteur d'acad\u00e9mie,\nDirecteur acad\u00e9mique des services d\u00e9partementaux\nde l'\u00e9ducation nationale d'Indre-et-Loire\n[Sign\u00e9]\nChristian MENDIV\u00c9 \nPr\u00e9fecture d'Indre et Loire - 37-2024-11-04-00005 - Arr\u00eat\u00e9 composition CDAS 12 novembre 2024 5\nPr\u00e9fecture d'Indre et Loire\n37-2024-12-09-00001\nArr\u00eat\u00e9 modificatif F3SCT 6 dec 2024\nPr\u00e9fecture d'Indre et Loire - 37-2024-12-09-00001 - Arr\u00eat\u00e9 modificatif F3SCT 6 dec 2024 6\nL'Inspecteur d'acad\u00e9mie, Directeur des services d\u00e9partementaux de l'Education nationale d'Indre-et-\nLoire\nVu  le Code g\u00e9n\u00e9ral de la fonction publique ;\nVu  le d\u00e9cret n\u00b02020-1427 du 20 novembre 2020 modifi\u00e9 relatif aux comit\u00e9s sociaux d'administration\ndans les administrations et les \u00e9tablissements publics de l'Etat ;\nVu  l'arr\u00eat\u00e9  du  28  avril  2022  portant  cr\u00e9ation  de  comit\u00e9s  sociaux  d'administration  minist\u00e9riels,  de\nl'administration centrale, des services d\u00e9concentr\u00e9s et des \u00e9tablissements publics des minist\u00e8res charg\u00e9s\nde l'\u00e9ducation nationale, de la jeunesse, des sports, de l'enseignement sup\u00e9rieur et de la recherche ;\nVu  le proc\u00e8s-verbal de d\u00e9pouillement du scrutin relatif au comit\u00e9 social d'administration sp\u00e9cial des\nservices  acad\u00e9miques  et  de  r\u00e9partition  des  si\u00e8ges  lors  des  \u00e9lections  professionnelles  du\n8 d\u00e9cembre 2022 ;\nVu  les d\u00e9signations actualis\u00e9es adress\u00e9es par les organisations syndicales habilit\u00e9es ;\nARRETE \nARTICLE  1er :  La  composition  de  la  formation  sp\u00e9cialis\u00e9e  en  mati\u00e8re  de  sant\u00e9,  de  s\u00e9curit\u00e9  et  de\nconditions de travail du comit\u00e9 social d'administration d\u00e9partemental aupr\u00e8s de Monsieur l'Inspecteur\nd'acad\u00e9mie, directeur acad\u00e9mique des services de l'Education nationale d'Indre-et-Loire, est modifi\u00e9e\npour l'ensemble de ses membres comme suit :\nMEMBRES DE DROIT     :   \nMonsieur Christian MENDIV\u00c9, Directeur acad\u00e9mique, Pr\u00e9sident\nMadame Lise GIRAN, Secr\u00e9taire g\u00e9n\u00e9rale de la direction des services d\u00e9partementaux de l'Education \nnationale d'Indre-et-Loire\nPr\u00e9fecture d'Indre et Loire - 37-2024-12-09-00001 - Arr\u00eat\u00e9 modificatif F3SCT 6 dec 2024 7\nREPRESENTANTS DES PERSONNELS     :   \nMembres titulaires Membres suppl\u00e9ants\nMonsieur Paul AGARD, FSU\nEcole primaire Maison Neuve, Jou\u00e9-l\u00e8s-\nTours\nMadame Sandra DESSART, FSU\nEcole primaire Les 2 rives, Civray-de-Touraine\nMonsieur Philippe BARETTO DE SOUZA, \nFSU\nLyc\u00e9e Th\u00e9r\u00e8se Planiol, Loches\nMadame Fran\u00e7oise CL\u00c9MENT, FSU\nColl\u00e8ge Pierre Corneille, Tours\nMonsieur Simon D\u00c9LAS, FSU\nEcole \u00e9l\u00e9mentaire. Diderot-Pascal, Tours\nMadame L\u00e9a GODIN, FSU\nEcole \u00e9l\u00e9mentaire P.L. Courier, Cinq-Mars-la-Pile\nMadame Anne GRANDET, FSU\nLyc\u00e9e Paul-Louis Courier, Tours\nMonsieur S\u00e9bastien MARCHAL, FSU\nLyc\u00e9e Th\u00e9r\u00e8se Planiol, Loches\nMadame Sophie METZINGER, FSU\nEcole \u00e9l\u00e9mentaire P. L. Courier, Cinq-Mars-\nla-Pile\nMadame Val\u00e9rie SOUCHET, FSU\nColl\u00e8ge Jacques Decour, Saint-Pierre-des-Corps\nMadame Hayat GHAZALI, SNFOLC 37\nColl\u00e8ge Beaulieu, Jou\u00e9-l\u00e8s-Tours\nMonsieur Yannick EPRINCHARD, SNETAA-FO\nLyc\u00e9e Albert Bayet, Tours\nMadame Brinhide GUICHARD, SNUDI \u2013 FO \n37\nEcole maternelle Henri Wallon, Saint-Pierre-\ndes-Corps\nMonsieur Jean-Marc MICHEL, SPASEEN-FO\nColl\u00e8ge Champ de la Motte, Langeais\nMadame No\u00e9mie LE BASTARD, SNUDI \u2013 FO \n37\nEcole \u00e9l\u00e9mentaire Rabelais Richelieu, \nAmboise\nMadame C\u00e9cile MOZAS, SNFOLC 37\nLyc\u00e9e L\u00e9onard de Vinci, Amboise\nMadame H\u00e9l\u00e8ne NIZOU, SNUDI \u2013 FO 37\nEcole \u00e9l\u00e9mentaire Mignonne, Jou\u00e9-l\u00e8s-Tours\nMadame Salom\u00e9 OLMEDO, SNUDI \u2013 FO 37\nEcole \u00e9l\u00e9mentaire Mignonne, Jou\u00e9-l\u00e8s-Tours\nMadame Solenn TEXIER, UNSA Education\nColl\u00e8ge Beaulieu, Jou\u00e9-l\u00e8s-Tours\nMadame Marjorie LUSSE-BEAULIEU, UNSA-Education\nEcole \u00e9l\u00e9mentaire Roti\u00e8re, Jou\u00e9-l\u00e8s-Tours\nARTICLE 2 : La Secr\u00e9taire g\u00e9n\u00e9rale de la direction des services d\u00e9partementaux de l'Education nationale \nd'Indre-et-Loire est charg\u00e9e de l'ex\u00e9cution du pr\u00e9sent arr\u00eat\u00e9.\nFait \u00e0 Tours, le 9 d\u00e9cembre 2024\n[sign\u00e9]\nChristian MENDIV\u00c9\nPr\u00e9fecture d'Indre et Loire - 37-2024-12-09-00001 - Arr\u00eat\u00e9 modificatif F3SCT 6 dec 2024 8","date":"2024-12-13","first_seen_on":"2025-09-16T16:16:06+00:00","id":"b705b4235e0558ffffc2553be94174dcc72a92f0dafdb7126524fc7bd27b34f3","name":"2024-12-13-RAA sp\u00e9cial-Arr\u00eat\u00e9s \u00e9ducation nationale","pdf_creation_date":"2024-12-13T09:19:21+00:00","pdf_modification_date":null,"timezone":"Europe/Paris","url":"https://www.indre-et-loire.gouv.fr/contenu/telechargement/43942/306641/file/2024-12-13-RAA%20sp%C3%A9cial-Arr%C3%AAt%C3%A9s%20%C3%A9ducation%20nationale.pdf"}
