{"administration":"pref70","administration_name":"Pr\u00e9fecture de Haute-Sa\u00f4ne","content":"HAUTE-SA\u00d4NE\nRECUEIL DES ACTES\nADMINISTRATIFS\nN\u00b070-2025-034\nPUBLI\u00c9 LE 11 F\u00c9VRIER 2025\nSommaire\nDDFIP de Haute-Sa\u00f4ne /\n70-2025-02-10-00007 - D\u00e9l\u00e9gation de signature du Service des Imp\u00f4ts\ndes Particuliers de Vesoul \u00e0 Mme ROESLIN Sandrine (1 page) Page 4\nDDETSPP de Haute-Sa\u00f4ne / P\u00f4le Entreprise et Insertion\n70-2025-02-10-00008 - R\u00e9c\u00e9piss\u00e9 de d\u00e9claration GRABER MICHEL (2\npages) Page 6\nDDETSPP de Haute-Sa\u00f4ne / Secr\u00e9tariat de Direction\n70-2025-02-10-00009 - Arr\u00eat\u00e9 portant subd\u00e9l\u00e9gation de signature de\nM. Yves LAMBERT, directeur d\u00e9partemental de l'emploi, du travail, des\nsolidarit\u00e9s et de la protection des populations de la Haute-Sa\u00f4ne, en\nfaveur des cadres relevant de sa direction (3 pages) Page 9\n70-2025-02-10-00010 - Arr\u00eat\u00e9 portant subd\u00e9l\u00e9gation de signature en\nmati\u00e8re d'ordonnancement secondaire de M. Yves LAMBERT, directeur\nd\u00e9partemental de l'emploi, du travail, des solidarit\u00e9s et de la\nprotection des populations de la Haute-Sa\u00f4ne, en faveur des personnels\nde sa direction (3 pages) Page 13\nDRAAF Bourgogne Franche-Comt\u00e9 /\n70-2025-02-10-00002 - Arr\u00eat\u00e9 portant Modification de l'am\u00e9nagement\nde la for\u00eat communale de Belonchamp pour la p\u00e9riode 2024-2027 avec\napplication du 2\u00b0 de l'article L122-7 du code forestier (2 pages) Page 17\nDRAAF Bourgogne Franche-Comt\u00e9 / Service r\u00e9gional de la for\u00eat et du\nbois\n70-2025-02-10-00003 - Arr\u00eat\u00e9 portant approbation de l'am\u00e9nagement\nde la for\u00eat communale de La-Demie pour la p\u00e9riode 2025-2044 avec\napplication du 2\u00b0 de l'article L122-7 du code forestier (2 pages) Page 20\n70-2025-02-10-00004 - Arr\u00eat\u00e9 portant modification de l'am\u00e9nagement\nde la for\u00eat communale de Lantenot pour la p\u00e9riode 2024-2026 avec\napplication du 2\u00b0 de l'article L122-7 du code forestier (2 pages) Page 23\nDREAL Bourgogne Franche-Comt\u00e9 /\n70-2025-02-07-00005 - ARR\u00caT\u00c9 N\u00b0 \nportant d\u00e9rogation au titre de\nl'arr\u00eat\u00e9 du 8 janvier 2021 pour l'utilisation commerciale ou non de\ngrenouilles rousses attribu\u00e9e \u00e0 Bruno TISSERAND jusqu'au 30 avril\n2027 (8 pages) Page 26\n70-2025-02-07-00004 - ARR\u00caT\u00c9 N\u00b0 \nportant d\u00e9rogation au titre de\nl'arr\u00eat\u00e9 du 8 janvier 2021 pour l'utilisation commerciale ou non de\ngrenouilles rousses attribu\u00e9e \u00e0 Julien MERVEAUX jusqu'au 30 avril\n2025 (6 pages) Page 35\n2\nPr\u00e9fecture de Haute-Sa\u00f4ne / Direction des collectivit\u00e9s territoriales et\nde la coordination interminist\u00e9rielle\n70-2025-02-11-00001 - Arr\u00eat\u00e9 du 11 02 2025 cl\u00f4ture r\u00e9gie PM de\nVillersexel (2 pages) Page 42\n70-2025-02-10-00005 - Arr\u00eat\u00e9 portant modification du p\u00e9rim\u00e8tre du\nsyndicat mixte de l'\u00e9cole d\u00e9partementale de musique et de th\u00e9\u00e2tre\nde la Haute-Sa\u00f4ne (2 pages) Page 45\nPr\u00e9fecture de Haute-Sa\u00f4ne / Direction des services du cabinet\n70-2025-02-07-00003 - Arr\u00eat\u00e9 autorisant la soci\u00e9t\u00e9 SGS SAGE \u00e0\nassurer la surveillance sur la voie publique lors de la Foire de Grammont, le\nsamedi 22 f\u00e9vrier 2025 (4 pages) Page 48\n3\n DDFIP de Haute-Sa\u00f4ne\n70-2025-02-10-00007\nD\u00e9l\u00e9gation de signature du Service des Imp\u00f4ts\ndes Particuliers de Vesoul \u00e0 Mme ROESLIN\nSandrine\n DDFIP de Haute-Sa\u00f4ne - 70-2025-02-10-00007 - D\u00e9l\u00e9gation de signature du Service des Imp\u00f4ts des Particuliers de Vesoul \u00e0 Mme\nROESLIN Sandrine 4\nR\u00c9PUBLIQUE | |FRAN\u00c7AISE FINANCES PUBLIQUESLibert\u00e9\u00c9galit\u00e9Fraternit\u00e9\nArr\u00eat\u00e9 n\u00b001/2025Le comptable public, responsable du service des imp\u00f4ts des particuliers de VESOULVu le code g\u00e9n\u00e9ral des imp\u00f4ts, et notamment l'article 408 de son annexe |l et les articles 212 \u00e0 217 de sonannexe 1V;. Vu le livre des proc\u00e9dures fiscales, et notamment les articles L. 247 et R* 247-4 et suivants ;Vu le d\u00e9cret n\u00b0 2008-309 du 3 avril 2008 portant diverses dispositions relatives \u00e0 la direction g\u00e9n\u00e9rale desfinances publiques ; 'Vu le d\u00e9cret n\u00b0 2009-707 du 16 juin 2009 relatif aux services d\u00e9concentr\u00e9s de la direction g\u00e9n\u00e9rale des finances- publiques ;Vu le d\u00e9cret n\u00b0 2012-1246 du 7 novembre 2012 relatif \u00e0 la gestion budg\u00e9taire et comptable publique, etnotamment son article 16 ; Arr\u00eate :Article1%D\u00e9l\u00e9gation de signature est donn\u00e9e \u00e0 I'effet de signer \u00e0 Madame ROESLIN Sandrine, contr\u00f4leur desfinances publiques, en mati\u00e8re de contentieux fiscal d'assiette, les d\u00e9cisions d'admission totale,d'admission partielle ou de rejet, de d\u00e9gr\u00e8vement ou restitution d'office et, en mati\u00e8re de gracieuxfiscal, les d\u00e9cisions portant remise, mod\u00e9ration ou rejet, dans la limite de10 000 \u20ac. ' - '\nArticle 2La pr\u00e9sente d\u00e9cision sera publi\u00e9e au recueil des actes administratifs du 'd\u00e9partement de la Haute-Sa\u00f4ne etprendra effet \u00e0 cette date,\nA VESOUL, le 10 F\u00e9vrier 2025Aude PEIL '\n/ = |Le C,or{ptable publiResponsable du servic\u0178des imp\u00f4ts des I:\u00ce ,(P>\n DDFIP de Haute-Sa\u00f4ne - 70-2025-02-10-00007 - D\u00e9l\u00e9gation de signature du Service des Imp\u00f4ts des Particuliers de Vesoul \u00e0 Mme\nROESLIN Sandrine 5\nDDETSPP de Haute-Sa\u00f4ne\n70-2025-02-10-00008\nR\u00e9c\u00e9piss\u00e9 de d\u00e9claration GRABER MICHEL\nDDETSPP de Haute-Sa\u00f4ne - 70-2025-02-10-00008 - R\u00e9c\u00e9piss\u00e9 de d\u00e9claration GRABER MICHEL 6\nE.JLibert\u00e9 \u00bb \u00c9galit\u00e9 < Fraternit\u00e9R\u00c9PUBLIQUE FRAN\u00c7AISE\nR\u00e9c\u00e9piss\u00e9 de d\u00e9clarationd'un organisme de services \u00e0 la personneenregistr\u00e9 sous le N\u00b0 SAP938622024\nVu le code du travail et notamment les articles L.7231-1 \u00e0 L.7233-2, R.7232-16 \u00e0 R.7232-22, D.7231-1 etD.7233-1 \u00e0 D.7233-5 ;Vu la demande de d\u00e9claration d\u00e9pos\u00e9e par l'organisme GM LE BRICOLAGE, 21F rue de l'\u00e9glise70400 CHALONVILLARS, le 30 janvier 2025 ;Le pr\u00e9fet de la Haute-Sa\u00f4neConstate :Qu'une d\u00e9claration d'activit\u00e9s de services \u00e0 la personne a \u00e9t\u00e9 d\u00e9pos\u00e9e aupr\u00e8s du service instructeurde Haute-Sa\u00f4ne, le 30 janvier 2025 par M. GRABER MICHEL en qualit\u00e9 de dirigeant(e), pour l'organismeGM LE BRICOLAGE dont l'\u00e9tablissement principal est situ\u00e9 21F rue de l'\u00e9glise 70400 CHALONVILLARSet enregistr\u00e9 sous le N\u00b0 SAP938622024 pour les activit\u00e9s suivantes:< Petits travaux de jardinage (mode d'intervention Prestataire)< Travaux de petit bricolage (mode d'intervention Prestataire)- Livraison de courses \u00e0 domicile (mode d'intervention Prestataire)< Maintenance, entretien et vigilance temporaires \u00e0 domicile (mode d'intervention Prestataire)< Assistance informatique \u00e0 domicile (mode d'intervention Prestataire)Assistance administrative \u00e0 domicile (mode d'intervention Prestataire)Toute modification concernant les activit\u00e9s exerc\u00e9es devra faire l'objet d'une d\u00e9claration modificativepr\u00e9alable.Sous r\u00e9serve d'\u00eatre exerc\u00e9es \u00e0 titre exclusif (ou sous r\u00e9serve d'une comptabilit\u00e9 s\u00e9par\u00e9e pour lespersonnes morales dispens\u00e9es de cette condition), ces activit\u00e9s ouvrent droit au b\u00e9n\u00e9fice desdispositions des articles L. 7233-2 du code du travail et L.241-10 du code de la s\u00e9curit\u00e9 sociale dans lesconditions pr\u00e9vues par ces articles.Les effets de la d\u00e9claration courent \u00e0 compter du jour du d\u00e9p\u00f4t de la d\u00e9claration sous r\u00e9serve desdispositions de l'article R.7232-18 du code du travail.Le pr\u00e9sent r\u00e9c\u00e9piss\u00e9 n'est pas limit\u00e9 dans le temps. La d\u00e9claration a une port\u00e9e nationale.L'enregistrement de la d\u00e9claration peut \u00eatre retir\u00e9 dans les conditions fix\u00e9es aux articles R.7232-20 \u00e0R.7232-22 du code du travail.Le pr\u00e9sent r\u00e9c\u00e9piss\u00e9 sera publi\u00e9 au recueil des actes administratifs de la pr\u00e9fecture.\nFait \u00e0 Vesoul,Le 10 f\u00e9vrier 2025\nPour le pr\u00e9fet et par d\u00e9l\u00e9gationle directeur d\u00e9partemental de I'emploi, du travail, des solidarit\u00e9set de la protection des populati\nYves Lambert\nDDETSPP de Haute-Sa\u00f4ne - 70-2025-02-10-00008 - R\u00e9c\u00e9piss\u00e9 de d\u00e9claration GRABER MICHEL 7\nLe pr\u00e9sent r\u00e9c\u00e9piss\u00e9 peut, \u00e0 compter de sa notification, faire l'objet d'un recours gracieux recoursaupr\u00e8s du service instructeur de la DDETS-PP de la Haute-Sa\u00f4ne ou d'un recours hi\u00e9rarchique adress\u00e9au ministre charg\u00e9 de l'\u00e9conomie, des finances et de la souverainet\u00e9 industrielle et num\u00e9rique -Direction g\u00e9n\u00e9rale des entreprises \u2014 Service de l'Economie de Proximit\u00e9 - Sous-direction des servicesmarchands- P\u00f4le Services \u00e0 la personne \u2014 B\u00e2timent SIEYES - 61 Boulevard Vincent Auriol - T\u00e9l\u00e9doc 171- 75703 PARIS CEDEX 13.Il peut \u00e9galement faire l'objet d'un recours contentieux dans un d\u00e9lai de deux mois \u00e0 compter de sanotification aupr\u00e8s du tribunal administratif de Besan\u00e7on.Le tribunal administratif peut aussi \u00eatre saisi par I'application informatique \u00ab T\u00e9l\u00e9recours citoyen \u00bbaccessible sur le site internet http://www.telerecours.fr/En cas de rejet du recours gracieux ou hi\u00e9rarchique ou en l'absence de r\u00e9ponse \u00e0 ce recours (rejetimplicite), un recours contentieux devant le tribunal administratif peut \u00e9galement \u00eatre form\u00e9 contrela d\u00e9cision initiale dans un d\u00e9lai de deux mois \u00e0 compter de ce rejet.\nDDETSPP de Haute-Sa\u00f4ne - 70-2025-02-10-00008 - R\u00e9c\u00e9piss\u00e9 de d\u00e9claration GRABER MICHEL 8\nDDETSPP de Haute-Sa\u00f4ne\n70-2025-02-10-00009\nArr\u00eat\u00e9 portant subd\u00e9l\u00e9gation de signature de M.\nYves LAMBERT, directeur d\u00e9partemental de\nl'emploi, du travail, des solidarit\u00e9s et de la\nprotection des populations de la Haute-Sa\u00f4ne,\nen faveur des cadres relevant de sa direction\nDDETSPP de Haute-Sa\u00f4ne - 70-2025-02-10-00009 - Arr\u00eat\u00e9 portant subd\u00e9l\u00e9gation de signature de M. Yves LAMBERT, directeur\nd\u00e9partemental de l'emploi, du travail, des solidarit\u00e9s et de la protection des populations de la Haute-Sa\u00f4ne, en faveur des cadres\nrelevant de sa direction\n9\nPREFET Direction d\u00e9partementaleDE LA HAUTE- de I'emploi, du travail et des solidarit\u00e9sSAONE et de la protection des populationsLibert\u00e9Egalit\u00e9Fraternit\u00e9\nArr\u00e9t\u00e9portant subd\u00e9l\u00e9gation de signature de M. Yves LAMBERT, directeur d\u00e9partementalde l'emploi, du travail, des solidarit\u00e9s et de la protection des populations de la Haute-Sa\u00f4ne,en faveur des cadres relevant de sa directionLe Pr\u00e9fet de la Haute-Sa\u00f4ne\nVU le code de l'action sociale et des familles ;VU le code de commerce ;VU _ le code de la consommation ;VU _ le code de l'environnement ;VU _ le code de la sant\u00e9 publique ;VU _ le code rural et de la p\u00eache maritime ;VU le code dutourisme ;VU _ la loi n\u00b0 82-213 du 02 mars 1982, modifi\u00e9e et compl\u00e9t\u00e9e, relative aux droits et libert\u00e9s descommunes, des d\u00e9partements et des r\u00e9gions;VU la loi n\u00b0 83-8 du 07 janvier 1983 modifi\u00e9e, relative \u00e0 la r\u00e9partition des comp\u00e9tences entre lescommunes, les d\u00e9partements et l'Etat ;VU laloin\u00b0 83-663 du 22 juillet 1983 modifi\u00e9e compl\u00e9tant la loi n\u00b0 83-8 du 07 janvier 1983 susvis\u00e9e,VU la loi d'orientation n\u00b0 92-125 du 06 f\u00e9vrier 1992 modifi\u00e9e relative \u00e0 l'administration territorialede la R\u00e9publique, notamment en son article 4 ;VU _ le d\u00e9cret n\u00b0 92-604 du 1* juillet 1992 modifi\u00e9 portant charte de la d\u00e9concentration ;VU le d\u00e9cret n\u00b0 97-34 du 15 janvier 1997 modifi\u00e9 relatif \u00e0 la d\u00e9concentration des d\u00e9cisionsadministratives individuelles ;VU _ les d\u00e9crets des 19 et 24 d\u00e9cembre 1997 modifi\u00e9s, pris pour l'application du d\u00e9cret n\u00b0 97-34 du15 janvier 1997 susvis\u00e9 ;VU _ le d\u00e9cret n\u00b0 2004-374 du 29 avril 2004 modifi\u00e9 relatif aux pouvoirs des pr\u00e9fets, \u00e0 l'organisationet \u00e0 l'action de I'Etat dans les r\u00e9gions et d\u00e9partements, notamment son article 43 ;VU e d\u00e9cret n\u00b0 2008-158 du 22 f\u00e9vrier 2008 modifi\u00e9 relatif \u00e0 la suppl\u00e9ance des pr\u00e9fets de r\u00e9gion et\u00e0 la d\u00e9l\u00e9gation de signature des pr\u00e9fets et des hauts-commissaires de la R\u00e9publique enPolyn\u00e9sie fran\u00e7aise et en Nouvelle-Cal\u00e9donie ;\nDDETSPP de Haute-Sa\u00f4ne - 70-2025-02-10-00009 - Arr\u00eat\u00e9 portant subd\u00e9l\u00e9gation de signature de M. Yves LAMBERT, directeur\nd\u00e9partemental de l'emploi, du travail, des solidarit\u00e9s et de la protection des populations de la Haute-Sa\u00f4ne, en faveur des cadres\nrelevant de sa direction\n10\nVU le d\u00e9cret n\u00b0 2020-1545360 du 09 d\u00e9cembre 2020 relatif \u00e0 l'organisation et aux missions desdirections d\u00e9partementales de l'emploi, du travail, des solidarit\u00e9s et de la protection despopulations ;VU le d\u00e9cret n\u00b0 2009-360 du 31 mars 2009 modifi\u00e9 relatif aux emplois de direction del'administration territoriale de l'\u00c9tat ;VU _ l'arr\u00eat\u00e9 du 31 mars 2011 modifi\u00e9 portant d\u00e9concentration des d\u00e9cisions relatives \u00e0 la situationindividuelle des fonctionnaires et agents non-titulaires exer\u00e7ant leurs fonctions dans lesdirections d\u00e9partementales interminist\u00e9rielles ;VU _ l'arr\u00eat\u00e9 pr\u00e9fectoral n\u00b0 70-2023-10-16 00011 du 16 octobre 2023 portant d\u00e9l\u00e9gation de signature\u00e0 M. Yves LAMBERT, directeur d\u00e9partemental de l'emploi, du travail, des solidarit\u00e9s et de laprotection des populations de la Haute-Sa\u00f4ne ;VU _ l'arr\u00eat\u00e9 DDETSPP n\u00b0 70-2025-02-07-00001 du 7 f\u00e9vrier 2025 ;SUR proposition du directeur d\u00e9partemental de I'emploi, du travail, des solidarit\u00e9s et de la protectiondes populations de la Haute-Sa\u00f4ne ; ARRETEArticle 1: En cas d'absence ou d'emp\u00eachement de M. Yves LAMBERT, directeur d\u00e9partemental del'emploi, du travail, des solidarit\u00e9s et de la protection des populations, la d\u00e9l\u00e9gation de signature quilui est consentie aux articles 2 et 4 de l'arr\u00eat\u00e9 pr\u00e9fectoral n\u00b070-2023-10-16 00011 sera exerc\u00e9e par :- Mme Nad\u00e8ge CALENDINI, directrice d\u00e9partementale adjointe de I'emploi, du travail, des solidarit\u00e9set de la protection des populations.- Mme Catherine CHEVIGNY, directrice d\u00e9partementale adjointe de l'emploi, du travail, des solidarit\u00e9set de la protection des populations.Article 2 : En cas d'absence ou d'emp\u00e9chement de M. Yves LAMBERT, de Mme Nad\u00e9ge CALENDINI etde Mme Catherine CHEVIGNY, la d\u00e9l\u00e9gation de signature sera exerc\u00e9e par :M. Laurent DUDNIK, chef du service emploi et d\u00e9veloppement des comp\u00e9tences ouMme Nathalie HOFFMANN, cheffe de service adjointe emploi et d\u00e9veloppement des comp\u00e9tences,pour ce qui concerne les attributions et les comp\u00e9tences du service \u00ab emploi et d\u00e9veloppement descomp\u00e9tences \u00bb.Mme Carole MARCHINI, cheffe de service insertion sociale et solidarit\u00e9s ouMme Adeline MOUSTAKIMA, cheffe de service adjointe insertion sociale et solidarit\u00e9s, pour ce quiconcerne les attributions et les comp\u00e9tences du service \u00ab insertion sociale et solidarit\u00e9s\u00bb.Mme Adeline MOUSTAKIMA, pour ce qui concerne :- le conseil de famille des pupilles de I'Etat - Exercice de la tutelle des pupilles de l'\u00c9tat.Mme Marie-Elisabeth BURGEL, agente du service insertion sociale et solidarit\u00e9s pour ce qui concerne :- le conseil m\u00e9dical d\u00e9partemental.Mme Catherine LALLEMAND, agente du service insertion sociale et solidarit\u00e9s pour ce qui concerne :\u2014 les d\u00e9cisions relatives au fonds d\u00e9partemental de compensation du handicap (MDPH),- les cartes europ\u00e9ennes de stationnement.Mme Caroline LOPEZ-GUZMAN, d\u00e9l\u00e9gu\u00e9e d\u00e9partementale aux droits des femmes et \u00e0 l'\u00e9galit\u00e9 en cequi concerne ses attributions.Mme Edwige FLEUTIAUX, cheffe de service protection des animaux, ou M. Fabrice LOMBARDOT, chefde service adjoint protection des animaux, en ce qui concerne les attributions et les comp\u00e9tences duservice \"protection des animaux\".\nDDETSPP de Haute-Sa\u00f4ne - 70-2025-02-10-00009 - Arr\u00eat\u00e9 portant subd\u00e9l\u00e9gation de signature de M. Yves LAMBERT, directeur\nd\u00e9partemental de l'emploi, du travail, des solidarit\u00e9s et de la protection des populations de la Haute-Sa\u00f4ne, en faveur des cadres\nrelevant de sa direction\n11\nM. Jean-Fran\u00e7ois DESMARTIN, chef de service adjoint \u00ab protection sanitaire des consommateurs \u00bb, ence qui concerne les attributions et les comp\u00e9tences du service \u00ab protection sanitaire desconsommateurs \u00bb.M. Ludovic PETIT, chef de service protection \u00e9conomique et s\u00e9curit\u00e9 des consommateurs ou M. Ga\u00eblDUDOUET, chef de service adjoint protection \u00e9conomique et s\u00e9curit\u00e9 des consommateurs en ce quiconcerne les attributions et les comp\u00e9tences des agents concurrence, consommation et r\u00e9pressiondes fraudes, et notamment l'article L.531-6 du code de la consommation (amendes pour pr\u00e9l\u00e8vementsnon conformes), en application de la convention relative \u00e0 la d\u00e9l\u00e9gation de gestion par la pr\u00e9f\u00e9te deHaute-Sa\u00f4ne et le pr\u00e9fet du Territoire de Belfort, des missions de concurrence, consommation etr\u00e9pression des fraudes au pr\u00e9fet du Doubs, du 14 novembre 2016 et de son avenant du 06 novembre2018.Article 3 : Sont exclus de la d\u00e9l\u00e9gation de signature pr\u00e9vue \u00e0 l'article 3 ci-dessus, les actes, documentset d\u00e9cisions vis\u00e9s \u00e0 |'article 3 de l'arr\u00eat\u00e9 pr\u00e9fectoral n\u00b0 70-2023-10-16-00011 du 16 octobre 2023 portantd\u00e9l\u00e9gation de signature \u00e0 M. Yves LAMBERT, directeur d\u00e9partemental de l'emploi, du travail, dessolidarit\u00e9s et de la protection des populations, ainsi que les correspondances aux maires et auxpr\u00e9sidents d'\u00e9tablissements publics intercommunaux, qui restent soumis \u00e0 la signature du pr\u00e9fet.Article 4 : Les actes sign\u00e9s au titre de la pr\u00e9sente subd\u00e9l\u00e9gation comporteront la mention :Pour le pr\u00e9fet et par subd\u00e9l\u00e9gation,(svivi de la fonction et du nom du b\u00e9n\u00e9ficiaire de la subd\u00e9l\u00e9gation)et seront adress\u00e9s sous le timbre suivant :PR\u00c9FET DE LA HAUTE-SA\u00d4NEDirection d\u00e9partementale de l'emploi, du travail, des solidarit\u00e9set de la protection des populationsArticle 5 : L'arr\u00eat\u00e9 DDETSPP n\u00b0 70-2025-02-07-00001 du 7 f\u00e9vrier 2025 est abrog\u00e9.Article 6 : Le pr\u00e9sent arr\u00eat\u00e9 peut faire l'objet d'un recours contentieux aupr\u00e8s du tribunal administratifcomp\u00e9tent, dans un d\u00e9lai de deux mois \u00e0 compter de sa notification ou de sa publication. Lajuridiction administrative comp\u00e9tente peut aussi \u00eatre saisie par l'application \"t\u00e9l\u00e9recours citoyens\"accessible \u00e0 partir du site : www.telerecours.frArticle 7 : Le directeur d\u00e9partemental de I'emploi, du travail, des solidarit\u00e9s et de la protection despopulations de Haute-Sa\u00f4ne, ainsi que les agents pr\u00e9cit\u00e9s, sont charg\u00e9s, chacun en ce qui le concerne,de l'ex\u00e9cution du pr\u00e9sent arr\u00eat\u00e9 qui sera notifi\u00e9 aux int\u00e9ress\u00e9s communiqu\u00e9 au pr\u00e9fet dud\u00e9partement de la Haute-Sa\u00f4ne et publi\u00e9 au recueil des actes administratifs de la pr\u00e9fecture de laHaute-Sa\u00f4ne.Fait \u00e0 VESOUL, le 10 f\u00e9vrier 2025. Pour le Pr\u00e9fet et par d\u00e9l\u00e9gation,\nYves LAMBERT\nDDETSPP de Haute-Sa\u00f4ne - 70-2025-02-10-00009 - Arr\u00eat\u00e9 portant subd\u00e9l\u00e9gation de signature de M. Yves LAMBERT, directeur\nd\u00e9partemental de l'emploi, du travail, des solidarit\u00e9s et de la protection des populations de la Haute-Sa\u00f4ne, en faveur des cadres\nrelevant de sa direction\n12\nDDETSPP de Haute-Sa\u00f4ne\n70-2025-02-10-00010\nArr\u00eat\u00e9 portant subd\u00e9l\u00e9gation de signature en\nmati\u00e8re d'ordonnancement secondaire de M.\nYves LAMBERT, directeur d\u00e9partemental de\nl'emploi, du travail, des solidarit\u00e9s et de la\nprotection des populations de la Haute-Sa\u00f4ne,\nen faveur des personnels de sa direction\nDDETSPP de Haute-Sa\u00f4ne - 70-2025-02-10-00010 - Arr\u00eat\u00e9 portant subd\u00e9l\u00e9gation de signature en mati\u00e8re d'ordonnancement\nsecondaire de M. Yves LAMBERT, directeur d\u00e9partemental de l'emploi, du travail, des solidarit\u00e9s et de la protection des populations\nde la Haute-Sa\u00f4ne, en faveur des personnels de sa direction\n13\nE.PR\u00c9FET Direction d\u00e9partementaleDE LA HAUTE- de l'emploi, du travail, des solidarit\u00e9sSAONE et de la protection des populationsthert\u00e9\u00cagalz\u00ee'\u00e9Fraternit\u00e9\nArr\u00eat\u00e9portant subd\u00e9l\u00e9gation de signature en mati\u00e8re d'ordonnancement secondairede M. Yves LAMBERT, directeur d\u00e9partemental de l''emploi, du travail, des solidarit\u00e9set de la protection des populations de la Haute-Sa\u00f4ne, |en faveur des personnels de sa directionLe Pr\u00e9fet de la Haute-Sa\u00f4ne\nVU laloi organique n\u00b0 2001-692 du 1er ao\u00fbt 2001 modifi\u00e9e relative aux lois de finances ;VU la loi n\u00b0 82-213 du 02 mars 1982 relative aux droits et libert\u00e9s des communes, desd\u00e9partements et des r\u00e9gions et notamment son article 34 ;VU le d\u00e9cret n\u00b0 62-1587 du 29 d\u00e9cembre 1962 modifi\u00e9 portant r\u00e8glement g\u00e9n\u00e9ral sur lacomptabilit\u00e9 publique ;VU le d\u00e9cret n\u00b0 2004-374 du 29 avril 2004 modifi\u00e9 relatif aux pouvoirs des pr\u00e9fets, \u00e0l'organisation et \u00e0 l'action des services de l'\u00c9tat dans les r\u00e9gions et d\u00e9partements ;VU le d\u00e9cret n\u00b0 2005-54 du 27 janvier 2005 relatif au contr\u00f4le financier au sein desadministrations de l'Etat ;VU le d\u00e9cret n\u00b0 2009-1484 du 03 d\u00e9cembre 2009 modifi\u00e9 relatif aux directionsd\u00e9partementales interminist\u00e9rielles ;VU le d\u00e9cret n\u00b0 2012-1246 du 07 novembre 2012 relatif \u00e0 la gestion budg\u00e9taire et comptablepublique ;VU le d\u00e9cret n\u00b0 2016-360 du 25 mars 2016 relatif aux march\u00e9s publics;VU le d\u00e9cret n\u00b0 2019-1344 du 12 d\u00e9cembre 2019 modifiant certaines dispositions du codede la commande publique relatives aux seuils et aux avances ;VU l'arr\u00eat\u00e9 du 11 d\u00e9cembre 2012 relatif au cadre de la gestion budg\u00e9taire pris enapplication de l'article 105 du d\u00e9cret n\u00b0 2012-1246 du 07 novembre 2012 relatif \u00e0 lagestion budg\u00e9taire et comptable publique ;VU l'arr\u00eat\u00e9 pr\u00e9fectoral n\u00b0 70-2023-12-13-00001 du 13 d\u00e9cembre 2023 portant d\u00e9l\u00e9gation designature en mati\u00e8re d'ordonnancement secondaire et de pouvoir adjudicateur \u00e0 M.Yves LAMBERT, directeur d\u00e9partemental de l'emploi, du travail, des solidarit\u00e9s et de laprotection des populations ;VU l'arr\u00eat\u00e9 DDETSPP n\u00b0 70-2025-02-07-00002 du 7 f\u00e9vrier 2025 ;\nDDETSPP de Haute-Sa\u00f4ne - 70-2025-02-10-00010 - Arr\u00eat\u00e9 portant subd\u00e9l\u00e9gation de signature en mati\u00e8re d'ordonnancement\nsecondaire de M. Yves LAMBERT, directeur d\u00e9partemental de l'emploi, du travail, des solidarit\u00e9s et de la protection des populations\nde la Haute-Sa\u00f4ne, en faveur des personnels de sa direction\n14\nSUR proposition du directeur d\u00e9partemental de I'emploi, du travail, des solidarit\u00e9s et de laprotection des populations de la Haute-Sa\u00f4ne;ARR\u00caTEArticle 1er : Conform\u00e9ment aux termes des articles 1 et 2 de l'arr\u00eat\u00e9 pr\u00e9fectoral 70-2023-12-13-00001 du 13 d\u00e9cembre 2023 d\u00e9l\u00e9gation de signature en mati\u00e8re d'ordonnancementsecondaire est donn\u00e9e \u00e0 M. Yves LAMBERT, directeur d\u00e9partemental de l'emploi, du travail,des solidarit\u00e9s et de la protection des populations de la Haute-Sa\u00f4ne.Article 2: Conform\u00e9ment aux termes de l'article 7 de l''arr\u00eat\u00e9 pr\u00e9fectoral susvis\u00e9,M. Yves LAMBERT, directeur d\u00e9partemental de l'emploi, du travail, des solidarit\u00e9s et de laprotection des populations, subd\u00e9l\u00e8gue sa signature \u00e0 :* Mme Nad\u00e8ge CALENDINI, directrice d\u00e9partementale adjointe,* Mme Catherine CHEVIGNY, directrice d\u00e9partementale adjointe,Pour les contractualisations d'un montant sup\u00e9rieur \u00e0 40 000,00 \u20ac HT, la subd\u00e9l\u00e9gationconcerne exclusivement ces agents.D'autres subd\u00e9l\u00e9gations sont par ailleurs consenties aux personnels suivants :* Mme Adeline MOUSTAKIMA, attach\u00e9e d'administration de l'Etat,aux fins de valider dans chorus formulaires les actes de gestion pour l'ordonnancementsecondaire des d\u00e9penses et des recettes : demande d'engagement juridique, certificationde service fait et ordre de payer, demande d'\u00e9mission d'une recette non fiscale.* Mme Val\u00e9rie BOROT, secr\u00e9taire administrative de classe exceptionnelle,aux fins de valider dans chorus formulaires les actes de gestion pour l'ordonnancementsecondaire des d\u00e9penses et des recettes : demande d'engagement juridique, certificationde service fait et ordre de payer, demande d'\u00e9mission d'une recette non fiscale.* Mme Jeanne DURAND, secr\u00e9taire administrative de classe exceptionnelle,aux fins de valider dans chorus formulaires les actes de gestion pour l'ordonnancementsecondaire des d\u00e9penses et des recettes : demande d'engagement juridique, certificationde service fait et ordre de payer, demande d'\u00e9mission d'une recette non fiscale.< Mme Catherine LALLEMAND, attach\u00e9e d'administration de l''\u00c9tat, et MmeAur\u00e9lie SARTELET, contractuelle de cat\u00e9gorie A, d\u00e9l\u00e9gu\u00e9e du pr\u00e9fet aux fins de validerdans chorus formulaires les actes de gestion pour l'ordonnancement secondaire desd\u00e9penses et des recettes : demande d'engagement juridique, certification de service faitet ordre de payer, demande d'\u00e9mission d'une recette non fiscale et concernantl'\u00e9tablissement des actes attributifs, l'\u00e9dition de la lettre d'accompagnement et lanotification des actes attributifs dans l'interface GISPRO/OSIRIS/CHORUS dans le cadre duBOP 147 \"politique de la ville\".Article 3 : L'arr\u00eat\u00e9 DDETSPP n\u00b0 70-2025-02-07-00002 du 7 f\u00e9vrier 2025 est abrog\u00e9.Article 4 : Le pr\u00e9sent arr\u00eat\u00e9 peut faire l'objet d'un recours contentieux aupr\u00e8s du tribunaladministratif de Besan\u00e7on, dans un d\u00e9lai de deux mois \u00e0 compter de sa notification ou de sapublication. La juridiction administrative comp\u00e9tente peut aussi \u00eatre saisie par l'application\"t\u00e9l\u00e9recours citoyens\" accessible \u00e0 partir du site : www.telerecours.fr.\nDDETSPP de Haute-Sa\u00f4ne - 70-2025-02-10-00010 - Arr\u00eat\u00e9 portant subd\u00e9l\u00e9gation de signature en mati\u00e8re d'ordonnancement\nsecondaire de M. Yves LAMBERT, directeur d\u00e9partemental de l'emploi, du travail, des solidarit\u00e9s et de la protection des populations\nde la Haute-Sa\u00f4ne, en faveur des personnels de sa direction\n15\nArticle 5: Le directeur d\u00e9partemental de l'emploi, du travail, des solidarit\u00e9s et de laprotection des populations de Haute-Sadne et les personnels pr\u00e9cit\u00e9s, sont charg\u00e9s, chacunen ce qui le concerne, de l'ex\u00e9cution du pr\u00e9sent arr\u00eat\u00e9 qui sera publi\u00e9 au recueil des actesadministratifs de la pr\u00e9fecture de la Haute-Sa\u00f4ne.Fait \u00e0 VESOUL, le 10 f\u00e9vrier 2025Pour le pr\u00e9fet et par d\u00e9l\u00e9gation,le directeur d\u00e9partementalil, des solidarit\u00e9sdes populations,\nYves LAMBERT\nDDETSPP de Haute-Sa\u00f4ne - 70-2025-02-10-00010 - Arr\u00eat\u00e9 portant subd\u00e9l\u00e9gation de signature en mati\u00e8re d'ordonnancement\nsecondaire de M. Yves LAMBERT, directeur d\u00e9partemental de l'emploi, du travail, des solidarit\u00e9s et de la protection des populations\nde la Haute-Sa\u00f4ne, en faveur des personnels de sa direction\n16\nDRAAF Bourgogne Franche-Comt\u00e9\n70-2025-02-10-00002\nArr\u00eat\u00e9 portant Modification de l'am\u00e9nagement\nde la for\u00eat communale de Belonchamp pour la\np\u00e9riode 2024-2027 avec application du 2\u00b0 de\nl'article L122-7 du code forestier\nDRAAF Bourgogne Franche-Comt\u00e9 - 70-2025-02-10-00002 - Arr\u00eat\u00e9 portant Modification de l'am\u00e9nagement de la for\u00eat communale de\nBelonchamp pour la p\u00e9riode 2024-2027 avec application du 2\u00b0 de l'article L122-7 du code forestier 17\nPREFET \u00c9 Direction r\u00e9gionale de 'alimentation,E\u00e9fifigog'&\"\u2014' de I'agriculture et de la for\u00eatFRANCHE-COMT\u00c9 Bourgogne-Franche-Comt\u00e9\u00cb\u00cb\u00cf'\u00cf\u00cf: Service r\u00e9gional de la for\u00eat et du boisFraternit\u00e9\nD\u00e9partement : HAUTE-SA\u00d4NE- NFCFor\u00eat communale de BELONCHAMPContenance cadastrale : 102,3333 haSurface de gestion : 102,33 haModification de l'am\u00e9nagement :2024-2027Arr\u00eat\u00e9 d'am\u00e9nagement n\u00b0 7> . 2025- 0210 - 00 &portant modification du document d'Am\u00e9nagement de la for\u00eat communalede BELONCHAMP (70) pour la p\u00e9riode 2024-2027avec application du 2\u00b0 de l'article L122-7 du code forestierLe Pr\u00e9fet de la r\u00e9gionBOURGOGNE-FRANCHE-COMT\u00c9,Pr\u00e9fet de la C\u00f4te d'Or, Chevalier de la L\u00e9gion d'Honneur et de l'Ordre National du M\u00e9riteVU les articles L124-1,1\u00b0, L212-1, L212-2, D212-1, D212-2, R212-3, D212-5,2\u00b0, D214-15, etD214-16 du Code Forestier ;VU les articles L122-7, L122-8, R122-23 et R122-24 du Code ForestierVU l'article R212-4 du Code Forestier ;VU les articles L414-4 et R414-19 du Code de l'Environnement ;VU 1le sch\u00e9ma r\u00e9gional d'am\u00e9nagement de la r\u00e9gion Franche-Comt\u00e9, arr\u00eat\u00e9 le 23/06/2006 ;VU l'arr\u00eat\u00e9 pr\u00e9fectoral en date du 11/08/2008 r\u00e9glant l'am\u00e9nagement de la for\u00eat communale deBELONCHAMP pour la p\u00e9riode 2008 - 2027 ;VU la d\u00e9lib\u00e9ration du conseil municipal de la commune de Belonchamp en date du 01/10/2024,vis\u00e9 par la Pr\u00e9fecture de Haute-Sa\u00f4ne le 08/10/2024, donnant son accord au projetd'am\u00e9nagement forestier qui lui a \u00e9t\u00e9 pr\u00e9sent\u00e9, et demandant le b\u00e9n\u00e9fice des articles L122-7 et L122-8 du code forestier au titre de la r\u00e9glementation Natura 2000 ;VU le d\u00e9cret n\u00b0 2004-374 du 29 avril 2004 modifi\u00e9 relatif aux pouvoirs des pr\u00e9fets, \u00e0l'organisation et \u00e0 l'action des services de l'Etat dans les r\u00e9gions et d\u00e9partements ;VU le d\u00e9cret du 10 octobre 2024 nommant M. Paul MOURIER, pr\u00e9fet de la r\u00e9gion Bourgogne-Franche-Comt\u00e9, pr\u00e9fet de la C\u00f4te-d'Or ;VU l'arr\u00eat\u00e9 pr\u00e9fectoral n\u00b0 24-296 BAG du 28 octobre 2024 portant d\u00e9l\u00e9gation de signature duPr\u00e9fet \u00e0 Madame Marie-Jeanne FOTRE \u2014 MULLER et la d\u00e9cision n\u00b024-47- DRAAF BFCdu 29 octobre 2024, portant subd\u00e9l\u00e9gation \u00e0 Monsieur Pierre LAMBARE ;SUR proposition du Directeur Territorial de l'Office National des For\u00eats ;SUR proposition de la Directrice R\u00e9gionale de l'Alimentation, de l'Agriculture et de la For\u00eat ;ARR\u00caTEArticle 1\" : La for\u00eat communale de BELONCHAMP (HAUTE-SA\u00d4NE), d'une contenance de102,33 ha, est affect\u00e9e prioritairement \u00e0 la fonction de production ligneuse et \u00e0 la fonction\u00e9cologique, tout en assurant sa fonction sociale et de protection physique, dans le cadre d'unegestion durable multifonctionnelle.\nDRAAF Bourgogne Franche-Comt\u00e9 - 70-2025-02-10-00002 - Arr\u00eat\u00e9 portant Modification de l'am\u00e9nagement de la for\u00eat communale de\nBelonchamp pour la p\u00e9riode 2024-2027 avec application du 2\u00b0 de l'article L122-7 du code forestier 18\nArticle 2 : Cette for\u00eat comprend une partie bois\u00e9e de 102,33 ha, actuellement compos\u00e9e de Sapinpectin\u00e9 (50%), H\u00e9tre (20%), Autres R\u00e9sineux (12%), Epic\u00e9a commun (12%), Autres Feuillus(4%), Ch\u00e9ne indig\u00e8ne (2%).Les peuplements susceptibles de production ligneuse seront trait\u00e9s en Futaie r\u00e9guli\u00e8re dontconversion en futaie r\u00e9guli\u00e8re sur 75,11 ha, Futaie jardin\u00e9e dont conversion en futaie jardin\u00e9e sur19,08 ha,Dans le cadre de cette modification d'am\u00e9nagement, la carte des essences-objectif n'a pas \u00e9t\u00e9modifi\u00e9e. On note simplement que les peuplements d'Epic\u00e9a commun et de Sapin pectin\u00e9victimes de coupes rases sanitaires ont \u00e9t\u00e9 remplac\u00e9s par des essences adapt\u00e9es localement auxchangements climatiques \u00e0 savoir Ch\u00eane sessile, C\u00e8dre de l'Atlas, Pin sylvestre, Douglas.Compte tenu de l'incertitude actuelle sur l'\u00e9volution des changements climatiques en cours, ceschoix d'essences pourront \u00eatre modul\u00e9s en cours d'application de l'am\u00e9nagement pour assurerl'adaptation du choix de chaque essence-objectif aux \u00e9volutions des connaissances en mati\u00e8re dechangements climatiques et d'adaptation des essences \u00e0 ces changements.Article 3 : Concernant les unit\u00e9s de gestion, seulement le classement des parcelles sinistr\u00e9es,ayant fait l'objet d'une coupe rase sanitaire est modifi\u00e9. Le groupe de r\u00e9g\u00e9n\u00e9ration d'unecontenance de 21,64 ha en sylviculture est enti\u00e8rement renouvel\u00e9 au cours de la p\u00e9riode. Pour lereste, il n'y a pas de modification par rapport \u00e0 l'am\u00e9nagement initial.- l'Office National des For\u00eats informera r\u00e9guli\u00e8rement le Conseil Municipal de la communede Belonchamp de l'\u00e9tat de l'\u00e9quilibre sylvo-cyn\u00e9g\u00e9tique dans la for\u00eat dans la for\u00eat entrainant lan\u00e9cessit\u00e9 de prot\u00e9ger tous les plants qui pourraient \u00eatre mis en place. Ce dernier mettra en \u0153uvretoutes les mesures n\u00e9cessaires \u00e0 son maintien suivant la capacit\u00e9 d'accueil, et en s'assurant enparticulier que le niveau des demandes de plans de chasse concernant la for\u00eat est adapt\u00e9 comptetenu de l'\u00e9volution des populations de grand gibier et des d\u00e9g\u00e2ts constat\u00e9s sur les peuplements ;- les mesures d\u00e9finies par les consignes nationales de gestion visant \u00e0 la pr\u00e9servation de labiodiversit\u00e9 courante (notamment la conservation d'arbres isol\u00e9s \u00e0 cavit\u00e9s ou s\u00e9nescents) ainsiqu'\u00e0 la pr\u00e9servation des sols et des eaux de surface, seront syst\u00e9matiquement mises en \u0153uvre.Article4: Le document d'am\u00e9nagement de la for\u00eat communale de BELONCHAMP,pr\u00e9sentement arr\u00eat\u00e9, est approuv\u00e9 par application du 2\u00b0 de l'article L122-7 du code forestier, pour leprogramme de coupes et de travaux sylvicoles, au titre de la r\u00e9glementation propre \u00e0 Natura 2000relative au site Natura 2000 FR4312028 \u00ab Plateaux des milles \u00e9tangs \u00bb, instaur\u00e9e au titre de laDirective europ\u00e9enne \u00ab Oiseaux et Habitats naturels \u00bb ; consid\u00e9rant que la for\u00eat est situ\u00e9e pour 73 %de sa surface dans le site NATURA 2000.Article S: L'arr\u00eat\u00e9 pr\u00e9fectoral en date du 11/08/2008, r\u00e9glant l'am\u00e9nagement de la for\u00eatcommunale de BELONCHAMP pour la p\u00e9riode 2008 - 2027, est modifi\u00e9.Article 6 : La Directrice R\u00e9gionale de l'Alimentation, de l'Agriculture, et de la For\u00eat, et leDirecteur Territorial de l'Office National des For\u00eats sont charg\u00e9s, chacun en ce qui le concerne,de l'ex\u00e9cution du pr\u00e9sent arr\u00eat\u00e9, qui sera publi\u00e9 au recueil des actes administratifs de lapr\u00e9fecture de HAUTE-SAONE. |Besan\u00e7on, le Ao (Si ue Lo2sPour le Pr\u00e9fet de la R\u00e9gion Bourgogne-Franche-Comt\u00e9 et par d\u00e9l\u00e9gation,La Directrice R\u00e9gionale de l'Alimentation, de l'Agriculture et de la For\u00eatet par subd\u00e9l\u00e9gation,L'adjoint au Chef du Service R\u00e9/gi,onal\u2014d\u00ffa For\u00eat et du BoisC\n/'/// ; A/\u2014\"/_:j:?Pierre LAMB\u00c6E \u00c9 p.-\u2014'/\nDRAAF Bourgogne Franche-Comt\u00e9 - 70-2025-02-10-00002 - Arr\u00eat\u00e9 portant Modification de l'am\u00e9nagement de la for\u00eat communale de\nBelonchamp pour la p\u00e9riode 2024-2027 avec application du 2\u00b0 de l'article L122-7 du code forestier 19\nDRAAF Bourgogne Franche-Comt\u00e9\n70-2025-02-10-00003\nArr\u00eat\u00e9 portant approbation de l'am\u00e9nagement\nde la for\u00eat communale de La-Demie pour la\np\u00e9riode 2025-2044 avec application du 2\u00b0 de\nl'article L122-7 du code forestier\nDRAAF Bourgogne Franche-Comt\u00e9 - 70-2025-02-10-00003 - Arr\u00eat\u00e9 portant approbation de l'am\u00e9nagement de la for\u00eat communale de\nLa-Demie pour la p\u00e9riode 2025-2044 avec application du 2\u00b0 de l'article L122-7 du code forestier 20\nPREFET | Direction r\u00e9gionale de I'alimentation,E\u00e4\u00f4\u00e2\u00e4\u00e2\u00e4'fig de l'agriculture et de la for\u00eatFRANCHE-COMT\u00c9 - Bourgogne-Franche-Comt\u00e92h Service r\u00e9gional de la for\u00eat et du boisFraternit\u00e9\nD\u00e9partement : HAUTE-SA\u00d4NEFor\u00eat communale de LA-DEMIFContenance cadastrale : 67,3765 haSurface de gestion : 67,38 haPremier am\u00e9nagement :2025-2044Arr\u00eat\u00e9 d'am\u00e9nagement n\u00b0 70- 2025S- 0Z - c0003portant approbation du document d'Am\u00e9nagement de la for\u00eat communalede La-Demie pour la p\u00e9riode 2025-2044avec application du 2\u00b0 de l'article L122-7 du code forestierLe Pr\u00e9fet de la r\u00e9gion BOURGOGNE-FRANCHE-COMT\u00c9,Pr\u00e9fet de la C\u00f4te d'OrVU es articles L124-1,1\u00b0, L212-1, L212-2, D212-1, D212-2, R212-3, D212-5,2\u00b0, D214-15, etD214-16 du Code Forestier ;VU les articles L122-7, L122-8, R122-23 et R122-24 du Code Forestier ;VU es articles L414-4 et R414-19 du Code de l'Environnement ;VU le sch\u00e9ma r\u00e9gional d'am\u00e9nagement de la r\u00e9gion Franche-Comt\u00e9, arr\u00eat\u00e9 en date du23/06/2006 ;VU la d\u00e9lib\u00e9ration du conseil municipal de la commune de La-Demie en date du 03/10/2024,vis\u00e9e par la Pr\u00e9fecture de Vesoul le 10/10/2024, donnant son accord au projetd'am\u00e9nagement forestier qui lui a \u00e9t\u00e9 pr\u00e9sent\u00e9, et demandant le b\u00e9n\u00e9fice des articles L122-7 et L122-8 du code forestier au titre de Natura 2000 ;VU le d\u00e9cret n\u00b0 2004-374 du 29 avril 2004 modifi\u00e9 relatif aux pouvoirs des pr\u00e9fets, \u00e0l'organisation et \u00e0 l'action des services de l'Etat dans les r\u00e9gions et d\u00e9partements ;VU le d\u00e9cret du 10 octobre 2024 nommant M. Paul MOURIER, pr\u00e9fet de la r\u00e9gion Bourgogne-Franche-Comt\u00e9, pr\u00e9fet de la C\u00f4te-d'Or ;VU l'arr\u00eat\u00e9 pr\u00e9fectoral n\u00b0 24-296 BAG du 28 octobre 2024 portant d\u00e9l\u00e9gation de signature duPr\u00e9fet \u00e0 Madame Marie-Jeanne FOTRE \u2014 MULLER et la d\u00e9cision n\u00b024-47- DRAAF BFCdu 29 octobre 2024, portant subd\u00e9l\u00e9gation \u00e0 Monsieur Pierre LAMBARE ;SUR proposition du Directeur Territorial de l'Office National des For\u00eats ;SUR proposition de la Directrice R\u00e9gionale de l'Alimentation, de l'Agriculture et de la For\u00e9t ;\nARR\u00caTEArticle 1\": La for\u00eat communale de LA-DEMIE (HAUTE-SA\u00d4NE), d'une contenance de67,38 ha, est affect\u00e9e prioritairement \u00e0 la fonction de production ligneuse et \u00e0 la fonction\u00e9cologique, tout en assurant sa fonction sociale et de protection physique, dans le cadre d'unegestion durable multifonctionnelle.Article 2 : Cette for\u00eat comprend une partie bois\u00e9e de 67,38 ha, compos\u00e9e de Ch\u00eane sessile(61%), Charme (12%), Autres Feuillus (9%), Pin noir (8%), H\u00eatre (7%), Sapin pectin\u00e9 (3%).\nDRAAF Bourgogne Franche-Comt\u00e9 - 70-2025-02-10-00003 - Arr\u00eat\u00e9 portant approbation de l'am\u00e9nagement de la for\u00eat communale de\nLa-Demie pour la p\u00e9riode 2025-2044 avec application du 2\u00b0 de l'article L122-7 du code forestier 21\nLes peuplements susceptibles de production ligneuse seront trait\u00e9s en Futaie irr\u00e9guli\u00e8re dontconversion en futaie irr\u00e9guli\u00e8re sur 64,78 ha.Les essences-objectif, qui d\u00e9terminent sur le long terme les grands choix de gestion de cespeuplements, seront tr\u00e8s majoritairement feuillues : prioritairement, le ch\u00eane sessile et, dans unemoindre mesure, le cort\u00e8ge naturel associ\u00e9 (Tilleul \u00e0 grandes feuilles, \u00e9rable champ\u00e9tre, ...).N\u00e9anmoins, compte tenu de l'incertitude actuelle sur l'\u00e9volution des changements climatiques encours, ces choix d'essences pourront \u00eatre modul\u00e9s en cours d'application de l'am\u00e9nagement pourassurer l'adaptation du choix de chaque essence-objectif aux \u00e9volutions des connaissances enmati\u00e8re de changements climatiques et d'adaptation des essences \u00e0 ces changements.Les autres essences seront favoris\u00e9es comme essences-objectif associ\u00e9es ou comme essencesd'accompagnement, dans la limite de leur adaptation aux conditions stationnelles futures.Article 3 : Pendant une dur\u00e9e de 20 ans (2025 \u2014 2044) :- La for\u00eat sera divis\u00e9e en deux groupes de gestion := Un groupe de futaie irr\u00e9guli\u00e8re, avec renouvellement prioritaire, d'une contenance de64,78 ha en sylviculture, qui sera parcouru par des coupes visant \u00e0 se rapprocher d'unestructure \u00e9quilibr\u00e9e, selon une rotation de 10 ans ;= Un groupe d'int\u00e9r\u00eat \u00e9cologique g\u00e9n\u00e9ral de 2,60 ha, qui sera laiss\u00e9 \u00e0 son \u00e9volutionnaturelle ;- l'Office National des For\u00eats informera r\u00e9guli\u00e8rement le Conseil Municipal de LA-DEMIEde l'\u00e9tat de l'\u00e9quilibre sylvo-cyn\u00e9g\u00e9tique dans la for\u00eat, et ce dernier mettra en \u0153uvre toutes lesmesures n\u00e9cessaires \u00e0 son maintien suivant la capacit\u00e9 d'accueil, et en s'assurant que le niveaudes demandes de plans de chasse concernant la for\u00eat est adapt\u00e9 compte tenu de l'\u00e9volution despopulations de grand gibier et des d\u00e9g\u00e2ts constat\u00e9s sur les peuplements ;- les mesures d\u00e9finies par les consignes nationales de gestion visant a la pr\u00e9servation de labiodiversit\u00e9 courante (notamment la conservation d'arbres isol\u00e9s a cavit\u00e9s ou s\u00e9nescents) ainsiqu'a la pr\u00e9servation des sols et des eaux de surface, seront syst\u00e9matiquement mises en \u0153uvre.Article4: Le document d'am\u00e9nagement de la for\u00e9t communale de LA-DEMIE, pr\u00e9sentementarr\u00e9t\u00e9, est approuv\u00e9 par application du 2\u00b0 de l'article L122-7 du code forestier, pour le programmede coupes et de travaux sylvicoles, \u00e0 l'exclusion des travaux d'infrastructure, au titre :- de la r\u00e9glementation propre \u00e0 Natura 2000 relative \u00e0 zone sp\u00e9ciale de Conservation ZSC n\u00b0FR 4301338 \u00ab Pelouses de la r\u00e9gion v\u00e9sulienne et vall\u00e9e de la Colombine \u00bb, instaur\u00e9e au titrede la Directive europ\u00e9enne \u00ab Habitats naturels \u00bb et relative \u00e0 Zone de Protection Sp\u00e9ciale ZPSn\u00b0 FR4312014 \u00ab Pelouses de la r\u00e9gion v\u00e9sulienne et vall\u00e9e de la Colombine \u00bb instaur\u00e9e autitre de la Directive europ\u00e9enne \u00ab Oiseaux \u00bb et ; consid\u00e9rant que la for\u00eat est situ\u00e9e pour 6 %de sa surface dans les sites NATURA 2000;Article 5 : La Directrice R\u00e9gionale de l'Alimentation, de l'Agriculture, et de la For\u00eat, et leDirecteur Territorial de l'Office National des For\u00eats sont charg\u00e9s, chacun en ce qui le concerne,de l'ex\u00e9cution du pr\u00e9sent arr\u00eat\u00e9, qui sera publi\u00e9 au recueil des actes administratifs de lapr\u00e9fecture de HAUTE-SA\u00d4NE.Besan\u00e7on, le {o \u00ce{\u00bb\u00cfv-u'e\u00ab_ 2025(Pour le Pr\u00e9fet de la R\u00e9gion Bourgogne-Franche-Comt\u00e9 et par d\u00e9l\u00e9gation,La Directrice R\u00e9gionale de l'Alimentation, de l'Agriculture et de la For\u00e9tet par subd\u00e9l\u00e9gation,L'adjoint au Chef du Service R\u00e9gional de)la For\u00e9t et du BoisP A [0 000 e\nP F;\u00bb Pierre LAMBAR\u00c9 __ v\nDRAAF Bourgogne Franche-Comt\u00e9 - 70-2025-02-10-00003 - Arr\u00eat\u00e9 portant approbation de l'am\u00e9nagement de la for\u00eat communale de\nLa-Demie pour la p\u00e9riode 2025-2044 avec application du 2\u00b0 de l'article L122-7 du code forestier 22\nDRAAF Bourgogne Franche-Comt\u00e9\n70-2025-02-10-00004\nArr\u00eat\u00e9 portant modification de l'am\u00e9nagement\nde la for\u00eat communale de Lantenot pour la\np\u00e9riode 2024-2026 avec application du 2\u00b0 de\nl'article L122-7 du code forestier\nDRAAF Bourgogne Franche-Comt\u00e9 - 70-2025-02-10-00004 - Arr\u00eat\u00e9 portant modification de l'am\u00e9nagement de la for\u00eat communale de\nLantenot pour la p\u00e9riode 2024-2026 avec application du 2\u00b0 de l'article L122-7 du code forestier 23\nPREFET Direction r\u00e9gionale de I'alimentation,E\u00e4\u00fb\u00e2\u00e2\u00e2\u00e2ll\\?EN de l'agriculture et de la for\u00eatFRANCHE-COMT\u00c9 Bourgogne-Franche-Comt\u00e9Libert\u00e9 Service r\u00e9gional de la for\u00eat et du bois\u00c9galit\u00e9 'Fraternit\u00e9\nD\u00e9partement : HAUTE-SA\u00d4NE-NFCFor\u00eat communale de LANTENOTContenance cadastrale : 82,9940 haSurface de gestion : 82,99 haModification du document d'am\u00e9nagement2024-2026Arr\u00eat\u00e9 d'am\u00e9nagement n\u00b0 70-2025- 072 40 0000 \u0178portant modification du document d'Am\u00e9nagement de la for\u00eat communalede Lantenot pour la p\u00e9riode 2024-2026avec application du 2\u00b0 de l'article L122-7 du code forestierLe Pr\u00e9fet de la r\u00e9gionBOURGOGNE-FRANCHE-COMT\u00c9,Pr\u00e9fet de la C\u00f4te d'Or, Chevalier de la L\u00e9gion d'Honneur et de l'Ordre National du M\u00e9riteVU es articles L124-1,1\u00b0, L212-1, L212-2, D212-1, D212-2, R212-3, D212-5,2\u00b0, D214-15, et D214-16du Code Forestier ;VU es articles L122-7, L122-8, R122-23 et R122-24 du Code Forestier ;VU _ l'article R212-4 du Code Forestier ;VU _ les articles L414-4 et R414-19 du Code de l'Environnement ;VU _ le sch\u00e9ma r\u00e9gional d'am\u00e9nagement de la r\u00e9gion Franche-Comt\u00e9, arr\u00eat\u00e9 en date du 23/06/2006 ;VU l'arr\u00eat\u00e9 pr\u00e9fectoral en date du 07/03/2007 r\u00e9glant 'am\u00e9nagement de la for\u00eat communale deLANTENOT pour la p\u00e9riode 2007 - 2026 ;VU la d\u00e9lib\u00e9ration du conseil municipal de la commune de Lantenot en date du 19/11/2024, vis\u00e9e parla Pr\u00e9fecture de Haute-Sa\u00f4ne le 20/11/2024, donnant son accord au projet d'am\u00e9nagementforestier qui lui a \u00e9t\u00e9 pr\u00e9sent\u00e9, et demandant le b\u00e9n\u00e9fice des articles L122-7 et L122-8 du codeforestier au titre de la r\u00e9glementation Natura 2000 ;VU le d\u00e9cret n\u00b0 2004-374 du 29 avril 2004 modifi\u00e9 relatif aux pouvoirs des pr\u00e9fets, \u00e0 l'organisation et \u00e0l'action des services de I'Etat dans les r\u00e9gions et d\u00e9partements ;VU e d\u00e9cret du 10 octobre 2024 nommant M. Paul MOURIER, pr\u00e9fet de la r\u00e9gion Bourgogne-Franche-Comt\u00e9, pr\u00e9fet de la C\u00f4te-d'Or ;VU _ l'arr\u00eat\u00e9 pr\u00e9fectoral n\u00b0 24-296 BAG du 28 octobre 2024 portant d\u00e9l\u00e9gation de signature du Pr\u00e9fet \u00e0Madame Marie-Jeanne FOTR\u00c9 \u2014 MULLER et la d\u00e9cision n\u00b024-47- DRAAF BFC du 29 octobre2024, portant subd\u00e9l\u00e9gation \u00e0 Monsieur Pierre LAMBAR\u00c9 ;SUR proposition du Directeur Territorial de l'Office National des For\u00eats ;SUR proposition de la Directrice R\u00e9gionale de I'Alimentation, de l'Agriculture et de la For\u00eat ;\nARR\u00caTE\nArticle 1\": La for\u00e9t communale de LANTENOT (HAUTE-SA\u00d4NE), d'une contenance de 82,99 ha, estaffect\u00e9e prioritairement \u00e0 la fonction de production ligneuse et \u00e0 la fonction \u00e9cologique, tout en assurantsa fonction sociale et de protection physique, dans le cadre d'une gestion durable multifonctionnelle.Article 2 : Cette for\u00eat comprend une partie bois\u00e9e de 82,95 ha, actuellement compos\u00e9e de Ch\u00e9nessessile et p\u00e9doncul\u00e9 (60%), H\u00eatre (20%), Autres R\u00e9sineux (13%), Charme (4%), Autres Feuillus (3%).\nDRAAF Bourgogne Franche-Comt\u00e9 - 70-2025-02-10-00004 - Arr\u00eat\u00e9 portant modification de l'am\u00e9nagement de la for\u00eat communale de\nLantenot pour la p\u00e9riode 2024-2026 avec application du 2\u00b0 de l'article L122-7 du code forestier 24\nLes peuplements susceptibles de production ligneuse seront trait\u00e9s en Futaie r\u00e9guli\u00e8re dont conversionen futaie r\u00e9guli\u00e8re sur 72,17 ha, Futaie irr\u00e9guli\u00e8re dont conversion en futaie irr\u00e9guli\u00e8re sur 10,78 ha.Dans le cadre de cette modification d'am\u00e9nagement, la carte des essences-objectif n'a pas \u00e9t\u00e9 modifi\u00e9e.On note simplement que les peuplements d'Epic\u00e9a commun et de Sapin pectin\u00e9 victimes de coupesrases sanitaires ont \u00e9t\u00e9 remplac\u00e9s par des essences adapt\u00e9es localement aux changements climatiques\u00e0 savoir Ch\u00e9ne sessile Ch\u00eane p\u00e9doncul\u00e9, Pin Laricio de Calabre. Compte tenu de l'incertitude actuellesur l'\u00e9volution des changements climatiques en cours, ces choix d'essences pourront \u00eatre modul\u00e9s encours d'application de l'am\u00e9nagement pour assurer l'adaptation du choix de chaque essence-objectif, ougroupe d'essences-objectif, aux \u00e9volutions des connaissances en mati\u00e8re de changements climatiques etd'adaptation des essences \u00e0 ces changements.\nArticle 3 : Concernant les unit\u00e9s de gestion, seulement le classement des parcelles sinistr\u00e9es, ayant faitI'objet d'une coupe rase sanitaire est modifi\u00e9. Le groupe de r\u00e9g\u00e9n\u00e9ration d'une contenance de 16,96 haen sylviculture est enti\u00e8rement renouvel\u00e9 au cours de la p\u00e9riode. Pour le reste, il n'y a pas de modificationpar rapport \u00e0 I'am\u00e9nagement initial.- I'Office National des For\u00e9ts informera r\u00e9guli\u00e8rement le Conseil Municipal de la commune de Lante-not de l'\u00e9tat de I'\u00e9quilibre sylvo-cyn\u00e9g\u00e9tique dans la for\u00e9t dans la for\u00eat entrainant la n\u00e9cessit\u00e9 de prot\u00e9gertous les plants qui pourraient \u00eatre mis en place. Ce dernier mettra en \u0153uvre toutes les mesures n\u00e9ces-saires \u00e0 son maintien suivant la capacit\u00e9 d'accueil, et en s'assurant en particulier que le niveau des de-mandes de plans de chasse concernant la for\u00e9t est adapt\u00e9 compte tenu de I'\u00e9volution des populations degrand gibier et des d\u00e9g\u00e2ts constat\u00e9s sur les peuplements ;- les mesures d\u00e9finies par les consignes nationales de gestion visant \u00e0 la pr\u00e9servation de labiodiversit\u00e9 courante (notamment la conservation d'arbres isol\u00e9s \u00e0 cavit\u00e9s, morts, ou s\u00e9nescents) ainsiqu'\u00e0 la pr\u00e9servation des sols et des eaux de surface, seront syst\u00e9matiquement mises en \u0153uvre.Article 4 : Le document d'am\u00e9nagement de la for\u00eat communale de LANTENOT, pr\u00e9sentement arr\u00e9t\u00e9, estapprouv\u00e9 par application du 2\u00b0 de l'article L122-7 du code forestier, pour le programme de coupes et detravaux sylvicoles, au titre de la r\u00e9glementation propre \u00e0 Natura 2000 relative au site Natura 2000FR4301344 \u00ab Vall\u00e9e de la Lanterne \u00bb, instaur\u00e9e au titre de la Directive europ\u00e9enne \u00ab Oiseaux et Habitatsnaturels \u00bb ; consid\u00e9rant que la for\u00eat est situ\u00e9e pour 62 % de sa surface dans le site NATURA 2000.Article 5 : L'arr\u00eat\u00e9 pr\u00e9fectoral en date du 07/03/2007, r\u00e9glant 'am\u00e9nagement de la for\u00e9t communale deLANTENOT pour la p\u00e9riode 2007 - 2026, est modifi\u00e9.Article 6 : La Directrice R\u00e9gionale de l'Alimentation, de l'Agriculture, et de la For\u00eat, et le DirecteurTerritorial de I'Office National des For\u00eats sont charg\u00e9s, chacun en ce qui le concerne, de l'ex\u00e9cution dupr\u00e9sent arr\u00eat\u00e9, qui sera publi\u00e9 au recueil des actes administratifs de la pr\u00e9fecture de HAUTE-SA\u00d4NE.Besan\u00e7on, le - Xz'\u00abu'@\\ 2ozs\nPour le Pr\u00e9fet de la R\u00e9gion Bourgogne-Franche-Comt\u00e9 et par d\u00e9l\u00e9gation,La Directrice R\u00e9gionale de l'Alimentation, de l'Agriculture et de la For\u00eatet par subd\u00e9l\u00e9gation,L'adjoint au Chef du Servi\u00cbR\u00e9gionat)de la For\u00e9t et du Bois\nPierre LAMBARE \u2014\u2014\nDRAAF Bourgogne Franche-Comt\u00e9 - 70-2025-02-10-00004 - Arr\u00eat\u00e9 portant modification de l'am\u00e9nagement de la for\u00eat communale de\nLantenot pour la p\u00e9riode 2024-2026 avec application du 2\u00b0 de l'article L122-7 du code forestier 25\nDREAL Bourgogne Franche-Comt\u00e9\n70-2025-02-07-00005\nARR\u00caT\u00c9 N\u00b0 \nportant d\u00e9rogation au titre de l'arr\u00eat\u00e9 du 8\njanvier 2021 pour l'utilisation commerciale ou\nnon de grenouilles rousses attribu\u00e9e \u00e0 Bruno\nTISSERAND jusqu'au 30 avril 2027\nDREAL Bourgogne Franche-Comt\u00e9 - 70-2025-02-07-00005 - ARR\u00caT\u00c9 N\u00b0 \nportant d\u00e9rogation au titre de l'arr\u00eat\u00e9 du 8 janvier 2021 pour l'utilisation commerciale ou non de grenouilles rousses attribu\u00e9e \u00e0 Bruno\nTISSERAND jusqu'au 30 avril 2027\n26\nE . Direction r\u00e9gionale de l'environnement,de 'am\u00e9nagement et du logementPREFET Bourgogne Franche-Comt\u00e9DE HAUTE-SAONELibert\u00e9Egalit\u00e9Fraternit\u00e9\nARR\u00caT\u00c9 N\u00b0portant d\u00e9rogation au titre de l'arr\u00eat\u00e9 du 8 janvier 2021 pour |'utilisation commerciale ou non degrenouilles rousses attribu\u00e9e \u00e0 Bruno TISSERAND jusqu'au 30 avril 2027\nLE PR\u00c9FET DE HAUTE-SA\u00d4NE\nVu le Code de l'environnement, notamment ses articles L.411-1 et L.411-2 et les articlesR.411-1 \u00e0 R.411-14;Vu le d\u00e9cret n\u00b097-34 du 15 janvier 1997 relatif \u00e0 la d\u00e9concentration des d\u00e9cisionsadministratives individuelles; -Vu le d\u00e9cret n\u00b02004-374 du 29 avril 2004 relatif aux pouvoirs des pr\u00e9fets, \u00e0 l'organisation et\u00e0 l'action des services de l'\u00c9tat dans les r\u00e9gions et d\u00e9partements ;Vu l'arr\u00eat\u00e9 interminist\u00e9riel du 19 f\u00e9vrier 2007 modifi\u00e9 fixant les conditions de demande etd'instruction des d\u00e9rogations d\u00e9finies au 4\u00b0 de l'article L.411-2 du Code de l'environnementportant sur des esp\u00e8ces de faune et de flore sauvages prot\u00e9g\u00e9es ;Vu l'arr\u00eat\u00e9 minist\u00e9riel du 8 janvier 2021 fixant la liste des amphibiens et des reptilesrepr\u00e9sent\u00e9s sur le territoire m\u00e9tropolitain prot\u00e9g\u00e9s sur l'ensemble du territoire national etles modalit\u00e9s de leur protection ;Vu l'instruction technique n\u00b02019-380 du 14 mai 2019 de la direction g\u00e9n\u00e9rale deI'alimentation \u2014 service de l'alimentation \u2014 sous direction de la s\u00e9curit\u00e9 sanitaire desaliments \u2014 relative \u00e0 la r\u00e9glementation sanitaire applicable \u00e0 la production de cuisses degrenouilles destin\u00e9es \u00e0 la consommation humaine;Vu la demande de d\u00e9rogation au r\u00e9gime de protection des esp\u00e8ces en date du 13novembre 2024 formul\u00e9e par Bruno TISSERAND r\u00e9sidant Le Petit Montarlot 70190 LeCordonnet;Vu l'avis du Conseil Scientifique R\u00e9gional du Patrimoine Naturel en date du 6 janvier 2025 ;Vu la consultation du public du 02 au 20 d\u00e9cembre 2024;Vu l'arr\u00eat\u00e9 pr\u00e9fectoral n\u00b070-2025-01-22-00004 portant d\u00e9rogation au titre de l'arr\u00eat\u00e9 du 8janvier 2021 pour l'utilisation commerciale ou non de grenouilles rousses attribu\u00e9e \u00e0 BrunoTISSERAND jusqu'au 30 avril 2027;\nDREAL Bourgogne Franche-Comt\u00e9 - 70-2025-02-07-00005 - ARR\u00caT\u00c9 N\u00b0 \nportant d\u00e9rogation au titre de l'arr\u00eat\u00e9 du 8 janvier 2021 pour l'utilisation commerciale ou non de grenouilles rousses attribu\u00e9e \u00e0 Bruno\nTISSERAND jusqu'au 30 avril 2027\n27\nConsid\u00e9rant qu'en eaux libres, la Grenouille rousse est assimil\u00e9e \u00e0 une ressource piscicoleconform\u00e9ment \u00e0 l'article L431-2 du Code de I'environnement, que sa capture rel\u00e8ve ainsides dispositions relatives \u00e0 la loi p\u00e9che conform\u00e9ment aux articles L430-1 et suivants duCode de l'environnement et que sa capture est des lors encadr\u00e9e par un arr\u00e9t\u00e9r\u00e9glementaire permanent relatif \u00e0 l'exercice de la p\u00e9che en eau douce ainsi qu'un avisannuel d'ouverture de la p\u00eache ;Consid\u00e9rant que le b\u00e9n\u00e9ficiaire d\u00e9clare que la zone de pr\u00e9l\u00e8vement est situ\u00e9e en eauxcloses ou en pisciculture conform\u00e9ment aux articles L431-4, L431-6 et L431-7 du Code del''environnement ;Consid\u00e9rant que la Grenouille rousse est un \u00eatre vivant sensible au regard des articles L214-1 et L214-3 du Code rural et de la p\u00eache maritime, il est interdit d'exercer des mauvaistraitements envers les animaux tenus en captivit\u00e9, ceux-ci devant \u00eatre plac\u00e9s dans desconditions compatibles avec les imp\u00e9ratifs biologiques de son esp\u00e8ce ;Consid\u00e9rant que les animaux d\u00e9tenus pour la production d'aliments doivent \u00eatremaintenus en bon \u00e9tat de sant\u00e9 et d'entretien et que les animaux gard\u00e9s dans desb\u00e2timents ne doivent pas \u00eatre maintenus en permanence dans l'obscurit\u00e9 conform\u00e9ment\u00e0 l'article 1 de l'arr\u00eat\u00e9 du 25 octobre 1982 relatif \u00e0 l'\u00e9levage, \u00e0 la garde et \u00e0 la d\u00e9tention desanimaux;\nConsid\u00e9rant que la d\u00e9tention d''un animal ne doit entra\u00eener, en fonction de sescaract\u00e9ristiques g\u00e9notypiques ou ph\u00e9notypiques, aucune souffrance \u00e9vitable, ni aucuneffet n\u00e9faste sur sa sant\u00e9 conform\u00e9ment \u00e0 l'article 2 de l'arr\u00eat\u00e9 du 25 octobre 1982 relatif\u00e0 l'\u00e9levage, \u00e0 la garde et \u00e0 la d\u00e9tention des animaux;Consid\u00e9rant que la demande de d\u00e9rogation porte sur l'utilisation d'un nombre desp\u00e9cimens de l'esp\u00e8ce Grenouille rousse (Rana temporaria), selon des modalit\u00e9s ne portantpas pr\u00e9judice \u00e0 l'\u00e9tat de conservation favorable de la population concern\u00e9e dans son airede r\u00e9partition naturelle dans la mesure du respect du pr\u00e9sent arr\u00eat\u00e9 ;Consid\u00e9rant ainsi que les conditions d'octroi d'une d\u00e9rogation aux interdictions d''utiliserde fa\u00e7on commerciale ou non commerciale des sp\u00e9cimens d'une esp\u00e8ce animaleprot\u00e9g\u00e9e, la Grenouille rousse (Rana temporaria) se trouvent ici r\u00e9unies ;Consid\u00e9rant que la tenue \u00e0 jour du registre de capture permet d'assurer un suivi despr\u00e9l\u00e8vements sur un secteur et ainsi de v\u00e9rifier la non-atteinte au bon \u00e9tat deconservation des populations de l'esp\u00e8ce prot\u00e9g\u00e9e Grenouille rousse;Consid\u00e9rant que l'arr\u00eat\u00e9 pr\u00e9fectoral n\u00b070-2025-01-22-00004 portant d\u00e9rogation au titre del'arr\u00eat\u00e9 du 8 janvier 2021 pour l'utilisation- commerciale ou non de grenouilles roussesattribu\u00e9e \u00e0 Bruno TISSERAND jusqu'au 30 avril 2027 comporte un vice de formeconcernant le quota et les parcelles cadastrales qui doivent \u00eatre corrig\u00e9s.Sur proposition de la secr\u00e9taire g\u00e9n\u00e9rale de la pr\u00e9fecture;\nDREAL Bourgogne Franche-Comt\u00e9 - 70-2025-02-07-00005 - ARR\u00caT\u00c9 N\u00b0 \nportant d\u00e9rogation au titre de l'arr\u00eat\u00e9 du 8 janvier 2021 pour l'utilisation commerciale ou non de grenouilles rousses attribu\u00e9e \u00e0 Bruno\nTISSERAND jusqu'au 30 avril 2027\n28\nARRETEArticle 1. Identit\u00e9 du b\u00e9n\u00e9ficiaire et objet :Le b\u00e9n\u00e9ficiaire est Bruno TISSERAND r\u00e9sidant Le Petit Montarlot 70190 Le Cordonnet.Il est autoris\u00e9 a d\u00e9roger aux interdictions de colporter, mettre en vente, vendre, acheter etutiliser commercialement ou non des sp\u00e9cimens d'esp\u00e8ces animales prot\u00e9g\u00e9es pr\u00e9lev\u00e9sdans le milieu naturel pour la Grenouille rousse (Rana temporaria).Les personnes autres que le b\u00e9n\u00e9ficiaire, susceptibles d'utiliser la Grenouille rousse dans lestrict respect des conditions de cet arr\u00eat\u00e9 portant d\u00e9riogation, sont : TISSERAND Pascale,TISSERAND Natacha, TISSERAND Emilie, MARTINOTY Arnold.Les intervenants agissent sous la responsabilit\u00e9 du b\u00e9n\u00e9ficiaire. Celui-ci doit les informerdes termes de l'arr\u00eat\u00e9 pr\u00e9fectoral (prescriptions notamment).Article 1 bis \u2014 Abrogation :En application de l'article L.242-1 du Code des relations entre le public et l'administration,I'arr\u00e9t\u00e9 pr\u00e9fectoral n\u00b070-2025-01-22-00004 portant d\u00e9rogation au titre de l'arr\u00eat\u00e9 du 8janvier 2021 pour l'utilisation commerciale ou non de grenouilles rousses attribu\u00e9e \u00e0 BrunoTISSERAND jusqu'au 30 avril 2027 est abrog\u00e9 par le pr\u00e9sent arr\u00eat\u00e9.Article 2. Effectifs autoris\u00e9s :La pr\u00e9sente autorisation est d\u00e9livr\u00e9e au b\u00e9n\u00e9ficiaire d\u00e9fini \u00e0 l'article 1 pour une quantit\u00e9totale maximale de 9000 sp\u00e9cimens de Grenouilles rousses par an sur la dur\u00e9e del'autorisation. Ces sp\u00e9cimens sont pr\u00e9lev\u00e9s selon les modalit\u00e9s d\u00e9crites dans l'article 5.Le b\u00e9n\u00e9ficiaire cessera toute utilisation d\u00e8s que l'effectif annuel maximal de sp\u00e9cimens deGrenouilles rousses sera atteint.Au sens de l'arr\u00eat\u00e9 du 8 janvier 2021, on entend par \u00ab sp\u00e9cimen \u00bb tout \u0153uf ou toutindividu vivant ou mort, ainsi que toute partie ou tout produit obtenu \u00e0 partir d'un \u0153uf oud'un animal.Les sp\u00e9cimens comptabilis\u00e9s au titre du quota d'utilisation fix\u00e9 au 1\u00b0 alin\u00e9a sont lessp\u00e9cimens de Grenouilles rousses qui ne sont pas remis dans le milieu naturel et qui sontvendus (colportage / mise en vente / vente), consomme\u00e9s \u00e0 titre personnel, ou morts.Article 3- Dur\u00e9e :L'autorisation mentionn\u00e9e \u00e0 l'article 1 est valable jusqu'au 30 avril 2027.Les pr\u00e9l\u00e8vements peuvent \u00eatre effectu\u00e9s sur la p\u00e9riode allant du 1\u00b0\" f\u00e9vrier au 30 avrilinclus, chaque ann\u00e9e autoris\u00e9e.\nArticle 4- Localisation :Les d\u00e9rogations sont accord\u00e9es sur la zone de pr\u00e9l\u00e8vement comportant 1 plan(s) d'eau,situ\u00e9e dans le d\u00e9partement de Haute-Sa\u00f4ne, Cordonnet 70190 , sur la ou les parcellesayant pour r\u00e9f\u00e9rences cadastrales : ZI 31-32.\nDREAL Bourgogne Franche-Comt\u00e9 - 70-2025-02-07-00005 - ARR\u00caT\u00c9 N\u00b0 \nportant d\u00e9rogation au titre de l'arr\u00eat\u00e9 du 8 janvier 2021 pour l'utilisation commerciale ou non de grenouilles rousses attribu\u00e9e \u00e0 Bruno\nTISSERAND jusqu'au 30 avril 2027\n29\nLe propri\u00e9taire du plan d'eau est le demandeur.Le stockage des grenouilles est r\u00e9alis\u00e9 par le demandeur au Le Petit Montarlot 70190 LeCordonnet.L'installation de mise \u00e0 mort est situ\u00e9e chez le demandeur au Le Petit Montarlot 70190 LeCordonnet.Si des grenouilles provenant de plusieurs zones de pr\u00e9l\u00e8vement diff\u00e9rentes sont stock\u00e9essur le m\u00eame site, le b\u00e9n\u00e9ficiaire devra se munir d'autant de bacs de stockage que de zonesde pr\u00e9l\u00e8vement. Chaque bac devra \u00eatre identifi\u00e9 avec le nom du b\u00e9n\u00e9ficiaire (dans le casou le lieu de stockage est partag\u00e9 par plusieurs b\u00e9n\u00e9ficiaires), les noms du d\u00e9partement etde la commune, ainsi que les r\u00e9f\u00e9rences cadastrales de la ou des parcelles sur laquelle(lesquelles) la zone de pr\u00e9l\u00e8vement est situ\u00e9e. Les grenouilles seront stock\u00e9es dans le bacrelatif \u00e0 leur lieu de capture. |Article 5. Conditions d'exploitation :La pr\u00e9sente demande ne concerne que l'esp\u00e9ce vis\u00e9e \u00e0 l'article 1. Les autres especesprot\u00e9g\u00e9es captur\u00e9es accidentellement doivent faire I'objet d'un rel\u00e2cher imm\u00e9diat sur leplan d'eau de pr\u00e9l\u00e8vement. \u00c0 cet effet, un relev\u00e9 quotidien des nasses devra \u00eatre effectu\u00e9.Les femelles de Grenouilles rousses ne peuvent \u00eatre c\u00e9d\u00e9es, vendues et mises \u00e0 mortqu'apr\u00e8s avoir pondu.Les d\u00e9chets (visc\u00e8res, etc.) ne doivent pas \u00eatre rejet\u00e9s dans le milieu mais remis \u00e0l'\u00e9quarrisseur ou \u00e0 un circuit d'\u00e9limination approuv\u00e9 par les services officiels de contr\u00f4le.Les t\u00eatards ou les \u0153ufs embryonn\u00e9s doivent \u00eatre r\u00e9introduits dans la zone de pr\u00e9l\u00e8vementd'o\u00f9 proviennent les grenouilles captur\u00e9es en prenant toutes les pr\u00e9cautions n\u00e9cessairesau bon d\u00e9roulement des op\u00e9rations. Toute autre utilisation d'\u0153ufs de grenouilles et det\u00e9tards est interdite.Le stockage, ainsi que toute op\u00e9ration destin\u00e9e \u00e0 exporter des individus provenant deszones de pr\u00e9l\u00e8vement mentionn\u00e9es \u00e0 l'article 4, ont lieu sur le site de pr\u00e9l\u00e8vement, audomicile du propri\u00e9taire ou dans les autres lieux cit\u00e9s dans ce m\u00eame article.Le nourrissage par des farines animales est interdit.Les mesures de pr\u00e9vention contre les pr\u00e9dateurs des Grenouilles rousses ne doivent pasalt\u00e9rer les autres esp\u00e8ces prot\u00e9g\u00e9es par mutilation, capture, enl\u00e8vement, destruction ouperturbation intentionnelle, ni d\u00e9truire ou alt\u00e9rer leurs sites de reproduction ou leurs airesde repos.Lorsque l'autorisation concerne plusieurs zones de pr\u00e9levement distinctesg\u00e9ographiquement, le p\u00e9titionnaire doit mettre en \u0153uvre des mesures de protectionsanitaire dans la manipulation des sp\u00e9cimens (notamment mycoses \u00e0 Batrachochytrid\u00e9s)selon le protocole annex\u00e9 au pr\u00e9sent arr\u00e9t\u00e9.Article 6. Suivi des pr\u00e9l\u00e8vements :Le service d\u00e9partemental de l'Office Fran\u00e7ais de la Biodiversit\u00e9 (OFB) doit \u00eatre pr\u00e9venu parcourrier \u00e9lectronique \u00e0 l'adresse suivante: sd70@ofb.gouv.fr, d\u00e8s le d\u00e9marrage de lacapture. '\nDREAL Bourgogne Franche-Comt\u00e9 - 70-2025-02-07-00005 - ARR\u00caT\u00c9 N\u00b0 \nportant d\u00e9rogation au titre de l'arr\u00eat\u00e9 du 8 janvier 2021 pour l'utilisation commerciale ou non de grenouilles rousses attribu\u00e9e \u00e0 Bruno\nTISSERAND jusqu'au 30 avril 2027\n30\nLe b\u00e9n\u00e9ficiaire de la pr\u00e9sente autorisation tient \u00e0 jour le registre \u00e9lectronique disponiblesur le site internet de la DREAL (http://www.bourgogne-franche-comte.developpement-durable.gouv.fr/). Ce registre est tenu \u00e0 jour toutes les 48h maximum par le b\u00e9n\u00e9ficiaire.Le num\u00e9ro suivant est \u00e0 rappeler sur le registre \u00e9lectronique: 20971184.Les justificatifs des transactions financi\u00e8res pourront \u00eatre demand\u00e9s par les services decontr\u00f4le pour attester le cas \u00e9ch\u00e9ant des ventes r\u00e9alis\u00e9es.Article 7. Mesures de contr\u00f4le :La mise en \u0153uvre des dispositions-d\u00e9finies aux articles pr\u00e9c\u00e9dents pourra faire l'objet descontr\u00f4les pr\u00e9vus \u00e0 l'article L170-1 du Code de l'environnement par les agents charg\u00e9s deconstater les manquements aux prescriptions pr\u00e9vues \u00e0 la pr\u00e9sente demande ou lesinfractions mentionn\u00e9es \u00e0 l'article L.415-3 et L.415-6 du Code de l'environnement.L'acc\u00e8s aux installations est autoris\u00e9 dans les conditions fix\u00e9es par les articles L.171-1 etsuivants du Code de l'environnement \u00e0 ces agents habilit\u00e9s.Article 8. Sanctions :Le non-respect des dispositions du pr\u00e9sent arr\u00eat\u00e9 est passible des mesures et sanctionsd\u00e9finies aux articles L171-8, L.415-3 et L.415-6 du Code de l'environnement et de lasuspension ou de la r\u00e9vocation de la d\u00e9rogation pr\u00e9vue \u00e0 l'article R.411-12 du m\u00eame Code.Le fait de porter atteinte \u00e0 des esp\u00e8ces prot\u00e9g\u00e9es constitue un d\u00e9lit sanctionn\u00e9 parl'article L.415-3 du Code de l'environnement.Article 9. Voie de recours :Dans un d\u00e9lai de deux mois \u00e0 compter de la date de notification de la pr\u00e9sente d\u00e9cision,les recours suivants peuvent \u00eatre introduits, conform\u00e9ment aux dispositions de l'articleR.421-1 et suivants du Code de justice administrative et du Livre IV du Code des relationsentre le public et l'administration :- Un recours gracneux adress\u00e9 \u00e0 M. |le pr\u00e9fet de la Haute- Saone 1 rue de la pr\u00e9fecture BP429\u2014 70 013 VESOUL Cedex;- un recours hi\u00e9rarchique, adress\u00e9 au Ministre de la transition \u00e9cologique.Dans ces deux cas, le silence de l'Administration vaut rejet implicite au terme d'un d\u00e9lai dedeux mois. Apr\u00e8s Un recours gracieux ou hi\u00e9rarchique, le d\u00e9lai du recours contentieux necourt qu'\u00e0 compter du rejet explicite ou implicite de I'un de ces recours.- Un recours contentieux, en saisissant le Tribunal administratif de Besan\u00e7on - 30, rueCharles Nodier 25044 BESAN\u00c7ON CEDEX 3. Le Tribunal administratif peut \u00eatre saisi vial'application informatique T\u00e9l\u00e9recours accessible par le site internet www.telerecours.fr .Article 10. Notification et ex\u00e9cution :Le pr\u00e9sent arr\u00e9t\u00e9 sera notifi\u00e9 au b\u00e9n\u00e9ficiaire de |'autorisation.La secr\u00e9taire g\u00e9n\u00e9rale de la pr\u00e9fecture est charg\u00e9 de l'ex\u00e9cution du pr\u00e9sent arr\u00eat\u00e9dont copie sera adress\u00e9e \u00e0 :\u00ab M. le chef du service d\u00e9partemental de l'Office Fran\u00e7ais de la Biodiversit\u00e9 ;\nDREAL Bourgogne Franche-Comt\u00e9 - 70-2025-02-07-00005 - ARR\u00caT\u00c9 N\u00b0 \nportant d\u00e9rogation au titre de l'arr\u00eat\u00e9 du 8 janvier 2021 pour l'utilisation commerciale ou non de grenouilles rousses attribu\u00e9e \u00e0 Bruno\nTISSERAND jusqu'au 30 avril 2027\n31\n- M. le commandant du groupement de gendarmerie de Haute-Sa\u00f4ne.Fait \u00e0 Vesoul, lele Pr\u00e9fetPoutr'-le Pr\u00e9fet ot par d\u00e9l\u00e9gation,\u00c8'L.a acr\u00e9taire G\u00e9n\u00e9raleAnnick P\u00c2QUET\nDREAL Bourgogne Franche-Comt\u00e9 - 70-2025-02-07-00005 - ARR\u00caT\u00c9 N\u00b0 \nportant d\u00e9rogation au titre de l'arr\u00eat\u00e9 du 8 janvier 2021 pour l'utilisation commerciale ou non de grenouilles rousses attribu\u00e9e \u00e0 Bruno\nTISSERAND jusqu'au 30 avril 2027\n32\nANNEXEProtocole de bios\u00e9curit\u00e9Ce protocole est \u00e0 appliquer apr\u00e8s chaque intervention sur site afin de limiter la propagationd'agents pathog\u00e8nes et d'esp\u00e9ces exotiques envahissantes.1) NETTOYAGESur site, laver tout mat\u00e9riel en contact avec le milieu (bottes wadders r'\u00e9puisettes ...) \u00e0 l'aide d 'une brosse pour enlever, boues, d\u00e9bris et ainsi #rendre efficace la d\u00e9sinfection.2) DESINFECTIONmachine et engins pass\u00e9s au nettoyeur vapeur haute pression) assurenettoyage et d\u00e9sinfection.- Pour les petits \u00e9quipements ayant \u00e9t\u00e9 en contact avec les milieux/animaux: pulv\u00e9riser unesolution d\u00e9sinfectante a large spectre avec action virucide, bact\u00e9ricide, fongique et antiparasitaire(se reporter aux modes d'emploi et fiches de s\u00e9curit\u00e9 pour leur utilisation, notamment dilution ettemps de pose).\no R--\n\"'\u2014\u2014a.= [Vous pouvez par exemple utiliser:\nes 3 produits \u00e9tant les plus efficaces et complets (d\u00e9sinfection\u00e0 large spectre)a@'?\"f' es manipulations doivent \u00eatre r\u00e9alis\u00e9es \u00e0 distance du milieu(>50m zone humide): chemin et/ou local ventil\u00e9 d\u00e9di\u00e9.Les effluents et d\u00e9chets doivent \u00eatre \u00e9limin\u00e9s dans les circuits de traitements classiques selon Iar\u00e9glementation locale en vigueur.Un rin\u00e7age \u00e0 l'eau potable apr\u00e8s d\u00e9sinfection dans un local d\u00e9di\u00e9uniquement, peut \u00eatre r\u00e9alis\u00e9 au retour du terrain.VIGILANCE / ALERTE :En cas de constatation de :- fortes mortalit\u00e9s,- changements comportementaux,_ -signes cliniques;=> Prenez une photo du ou des animaux, des signes cliniques et de lhabltat notez la date, lescoordonn\u00e9es GPS, l'esp\u00e8ce, les effectifs, le contexte et les \u00e9l\u00e9ments anormaux et transmettez cesinformations par mail au r\u00e9seau SAGIR \u00e0 sagir@ofb.gouv.fr . '\nDREAL Bourgogne Franche-Comt\u00e9 - 70-2025-02-07-00005 - ARR\u00caT\u00c9 N\u00b0 \nportant d\u00e9rogation au titre de l'arr\u00eat\u00e9 du 8 janvier 2021 pour l'utilisation commerciale ou non de grenouilles rousses attribu\u00e9e \u00e0 Bruno\nTISSERAND jusqu'au 30 avril 2027\n33\nDREAL Bourgogne Franche-Comt\u00e9 - 70-2025-02-07-00005 - ARR\u00caT\u00c9 N\u00b0 \nportant d\u00e9rogation au titre de l'arr\u00eat\u00e9 du 8 janvier 2021 pour l'utilisation commerciale ou non de grenouilles rousses attribu\u00e9e \u00e0 Bruno\nTISSERAND jusqu'au 30 avril 2027\n34\nDREAL Bourgogne Franche-Comt\u00e9\n70-2025-02-07-00004\nARR\u00caT\u00c9 N\u00b0 \nportant d\u00e9rogation au titre de l'arr\u00eat\u00e9 du 8\njanvier 2021 pour l'utilisation commerciale ou\nnon de grenouilles rousses attribu\u00e9e \u00e0 Julien\nMERVEAUX jusqu'au 30 avril 2025\nDREAL Bourgogne Franche-Comt\u00e9 - 70-2025-02-07-00004 - ARR\u00caT\u00c9 N\u00b0 \nportant d\u00e9rogation au titre de l'arr\u00eat\u00e9 du 8 janvier 2021 pour l'utilisation commerciale ou non de grenouilles rousses attribu\u00e9e \u00e0 Julien\nMERVEAUX jusqu'au 30 avril 2025\n35\nE . | Direction r\u00e9gionale de I'environnement,| de l'am\u00e9nagement et du logementPR\u00c9FET Bourgogne Franche-Comt\u00e9DE HAUTE-SA\u00d4NE |Libert\u00e9Egalit\u00e9Fraternit\u00e9\nARR\u00caT\u00c9 N\u00b0portant d\u00e9rogation au titre de l'arr\u00eat\u00e9 du 8 janvier 2021 pour l'utilisation commerciale ou non degrenouilles rousses attribu\u00e9e\u00e0 Julien MERVEAUX jusqu'au 30 avril 2025\nLE PR\u00c9FET DE HAUTE-SA\u00d4NE\nVu le Code de l'environnement, notamment ses articles L.411-1 et L.411-2 et les articlesR.411-1 \u00e0 R.411-14;Vu le d\u00e9cret n\u00b097-34 du 15 janvier 1997 relatif \u00e0 la d\u00e9concentration des d\u00e9cisionsadministratives individuelles ;Vu le d\u00e9cret n\u00b02004-374 du 29 avril 2004 relatif aux pouvoirs des pr\u00e9fets, \u00e0 l'organisation et\u00e0 l'action des services de l'\u00c9tat dans les r\u00e9gions et d\u00e9partements;Vu l'arr\u00eat\u00e9 interminist\u00e9riel du 19 f\u00e9vrier 2007 modifi\u00e9 fixant les conditions de demande etd'instruction des derogatlons d\u00e9finies au 4\u00b0 de l'article L.411-2 du Code de I' enwronnementportant sur des esp\u00e8ces de faune et de flore sauvages prot\u00e9g\u00e9es;Vu l'arr\u00eat\u00e9 minist\u00e9riel du 8 janvier 2021 fixant la liste des amphibiens et des reptilesrepr\u00e9sent\u00e9s sur le territoire m\u00e9tropolitain prot\u00e9g\u00e9s sur l'ensemble du territoire national etles modalit\u00e9s de leur protection ;Vu l'instruction technique n\u00b02019-380 du 14 mai 2019 de la direction g\u00e9n\u00e9raledel'alimentation \u2014 service de l'alimentation \u2014 sous direction de la s\u00e9curit\u00e9 sanitaire desaliments \u2014 relative \u00e0 la r\u00e9glementation sanitaire applicable \u00e0 la production de cuisses degrenouilles destin\u00e9es\u00e0 la consommation humaine;Vu la demande de d\u00e9rogation au r\u00e9gime de protection des esp\u00e8ces en date du 29septembre 2024 formul\u00e9e par Julien MERVEAUX r\u00e9sidant 1 Rue de la Corv\u00e9e Neuve 70000Pusey;Vu l'avis du Conseil Scientifique R\u00e9gional du Patrimoine Naturel en date du 6 janvier 2025 ;- Vu la consultation du public du 02 au 20 d\u00e9cembre 2024;Vu l'arr\u00eat\u00e9 pr\u00e9fectoral n\u00b070-2025-01-22-00003 portant d\u00e9rogation au titre de l'arr\u00eat\u00e9 du 8janvier 2021 pour l'utilisation commerciale ou non de grenouilles rousses attribu\u00e9e \u00e0 JulienMERVEAUX jusqu'au 30 avril 2025 ; :\nDREAL Bourgogne Franche-Comt\u00e9 - 70-2025-02-07-00004 - ARR\u00caT\u00c9 N\u00b0 \nportant d\u00e9rogation au titre de l'arr\u00eat\u00e9 du 8 janvier 2021 pour l'utilisation commerciale ou non de grenouilles rousses attribu\u00e9e \u00e0 Julien\nMERVEAUX jusqu'au 30 avril 2025\n36\nConsid\u00e9rant qu'en eaux libres, la Grenouille rousse est assimil\u00e9e \u00e0 une ressource piscicoleconform\u00e9ment \u00e0 l'article L431-2 du Code de l'environnement, que sa capture rel\u00e8ve ainsides dispositions relatives \u00e0 la loi p\u00eache conform\u00e9ment aux articles L430-1 et suivants duCode de l'environnement et que sa capture est d\u00e8s lors encadr\u00e9e par un arr\u00eat\u00e9r\u00e9glementaire permanent relatif \u00e0 l'exercice de la p\u00eache en eau douce ainsi qu'un avisannuel d'ouverture de la p\u00eache ;Consid\u00e9rant que le b\u00e9n\u00e9ficiaire d\u00e9clare que la zone de pr\u00e9l\u00e8vement est situ\u00e9e en eauxcloses ou en pisciculture conform\u00e9ment aux articles L431-4, L431-6 et L431-7 du Code del'environnement ;Consid\u00e9rant que la Grenouille rousse est un \u00eatre vivant sensible au regard des articles L214-1 et L214-3 du Code rural et de la p\u00eache maritime, il est interdit d'exercer des mauvaistraitements envers les animaux tenus en captivit\u00e9, ceux-ci devant \u00eatre plac\u00e9s dans desconditions compatibles avec les imp\u00e9ratifs biologiques de son esp\u00e8ce;Consid\u00e9rant que les animaux d\u00e9tenus pour la production d'aliments doivent \u00eatremaintenus en bon \u00e9tat de sant\u00e9 et d'entretien et que les animaux gard\u00e9s dans desbatiments ne doivent pas \u00eatre maintenus en permanence dans l'obscurit\u00e9 conform\u00e9ment\u00e0 l'article1 de l'arr\u00eat\u00e9 du 25 octobre 1982 relatif \u00e0 l'\u00e9levage, \u00e0 la garde et \u00e0 la d\u00e9tention desanimaux;\nConsid\u00e9rant que la d\u00e9tention d'un animal ne doit entra\u00eener, en fonction .de sescaract\u00e9ristiques g\u00e9notypiques ou ph\u00e9notypiques, aucune souffrance \u00e9vitable, ni aucuneffet n\u00e9faste sur sa sant\u00e9 conform\u00e9ment \u00e0 l'article 2 de l'arr\u00eat\u00e9 du 25 octobre 1982 relatif\u00e0 l'\u00e9levage, \u00e0 la garde et \u00e0 la d\u00e9tention des animaux;Consid\u00e9rant que la demande de d\u00e9rogation porte sur l'utilisation d''un nombre desp\u00e9cimens de l'esp\u00e8ce Grenouille rousse (Rana temporaria), selon des modalit\u00e9s ne portantpas pr\u00e9judice\u00e0 l'\u00e9tat de conservation favorable de la population concern\u00e9e dans son airede r\u00e9partition naturelle dans la mesure du respect du pr\u00e9sent arr\u00eat\u00e9;Consid\u00e9rant ainsi que les conditions d'octroi d'une d\u00e9rogation aux interdictions d'utiliserde fagon commerciale ou non commerciale des sp\u00e9cimens d'une esp\u00e8ce animaleprot\u00e9g\u00e9e, la Grenouille rousse (Rana temporaria) se trouvent ici r\u00e9unies;Consid\u00e9rant que la tenue \u00e0 jour du registre de capture permet d'assurer un suivi despr\u00e9l\u00e8vements sur un secteur et ainsi de v\u00e9rifier la non-atteinte au bon \u00e9tat deconservation des populations de l'esp\u00e8ce prot\u00e9g\u00e9e Grenouille rousse ;Consid\u00e9rant que l'arr\u00e9t\u00e9 pr\u00e9fectoral n\u00b070-2025-01-22-0003 portant d\u00e9rogation au titre deI'arr\u00e9t\u00e9 du 8 janvier 2021 pour l'utilisation commerciale ou non de grenouilles roussesattribu\u00e9e \u00e0 Julien MERVEAUX jusqu'au 30 avril 2025 comporte un vice de formeconcernant le quota et la parcelle cadastrale qui doivent \u00eatre corrig\u00e9s.Sur proposition de la secr\u00e9taire g\u00e9n\u00e9rale de la pr\u00e9fecture ;\nDREAL Bourgogne Franche-Comt\u00e9 - 70-2025-02-07-00004 - ARR\u00caT\u00c9 N\u00b0 \nportant d\u00e9rogation au titre de l'arr\u00eat\u00e9 du 8 janvier 2021 pour l'utilisation commerciale ou non de grenouilles rousses attribu\u00e9e \u00e0 Julien\nMERVEAUX jusqu'au 30 avril 2025\n37\nARRETEArticle 1. Identit\u00e9 du b\u00e9n\u00e9ficiaire et objet :Le b\u00e9n\u00e9ficiaire est Julien MERVEAUX r\u00e9sidant1 Rue de la Corv\u00e9e Neuve 70000 Pusey.Il est autoris\u00e9 \u00e0 d\u00e9roger aux interdictions de colporter, mettre en vente, vendre, acheter etutiliser commercialement ou non des sp\u00e9cimens d'esp\u00e8ces animales prot\u00e9g\u00e9es pr\u00e9lev\u00e9sdans le milieu naturel pour la Grenouille rousse (Rana temporaria).Aucune autre personne que le b\u00e9n\u00e9ficiaire d\u00e9fini ci-avant n'est autoris\u00e9e \u00e0 intervenir sur lesite. |Article 1 bis - Abrogation :En application de l'article L.242-1 du Code des relations entre le public et l'administration,l'arr\u00eat\u00e9 pr\u00e9fectoral n\u00b070-2025-01-22-00003 portant d\u00e9rogation au titre de l'arr\u00eat\u00e9 du 8janvier 2021 pour l'utilisation commerciale ou non de grenouilles rousses attribu\u00e9e \u00e0 JulienMERVEAUX jusqu'au 30 avril 2025 est abrog\u00e9 par le pr\u00e9sent arr\u00eat\u00e9.Article 2. Effectifs autoris\u00e9s :La pr\u00e9sente autorisation est d\u00e9livr\u00e9e au b\u00e9n\u00e9ficiaire d\u00e9fini \u00e0 l'article 1 pour une quantit\u00e9totale maximale de 3000 sp\u00e9cimens de Grenouilles rousses par an sur la dur\u00e9e del''autorisation. Ces sp\u00e9cimens sont pr\u00e9lev\u00e9s selon les modalit\u00e9s d\u00e9crites dans l'article 5.Le b\u00e9n\u00e9ficiaire cessera toute utilisation d\u00e8s que l'effectif annuel maximal de sp\u00e9cimens de\"... Grenouilles rousses sera atteint.Au sens de l'arr\u00eat\u00e9 du 8 janvier 2021, on entend par \u00ab sp\u00e9cimen \u00bb tout \u0153uf ou toutindividu vivant ou mort, ainsi-que toute partie ou tout produit obtenu \u00e0 partir d'un \u0153uf oud'un animal. |Les sp\u00e9cimens comptabilis\u00e9s au titre du quota d'utilisation fix\u00e9 au 1\u00b0 alin\u00e9a sont lessp\u00e9cimens de Grenouilles rousses qui ne sont pas remis dans le milieu naturel et qui sontvendus (colportage / mise en vente / vente), consomm\u00e9s \u00e0 titre personnel, ou morts.Article 3- Dur\u00e9e :L'autorisation mentionn\u00e9e \u00e0 l'article1 est valable jusqu'au 30 avril 2025.Les pr\u00e9l\u00e8vements peuvent \u00eatre effectu\u00e9s sur la p\u00e9riode allant du 1 f\u00e9vrier au 30 avrilinclus, chaque ann\u00e9e autoris\u00e9e.Article 4- Localisation :Les d\u00e9rogations sont accord\u00e9es sur la zone de pr\u00e9l\u00e8vement comportant 1 plan(s) d'eau,situ\u00e9e dans le d\u00e9partement de Haute-Sa\u00f4ne, Vellemlnfroy (70240) sur la ou les parcellesayant pour r\u00e9f\u00e9rences cadastrales: OA33.Le propri\u00e9taire du plan d'eau est le demandeur.Le stockage des grenouilles est r\u00e9alis\u00e9 par le demandeur au 1 Rue de la Corv\u00e9e Neuve70000 Pusey.L'installation de mise \u00e0 mort est situ\u00e9e chez le demandeur au 1 Rue de la Corv\u00e9e Neuve70000 Pusey.\nDREAL Bourgogne Franche-Comt\u00e9 - 70-2025-02-07-00004 - ARR\u00caT\u00c9 N\u00b0 \nportant d\u00e9rogation au titre de l'arr\u00eat\u00e9 du 8 janvier 2021 pour l'utilisation commerciale ou non de grenouilles rousses attribu\u00e9e \u00e0 Julien\nMERVEAUX jusqu'au 30 avril 2025\n38\nSi des grenouilles provenant de plusieurs zones de pr\u00e9l\u00e8vement diff\u00e9rentes sont stock\u00e9essur le m\u00e9me site, le b\u00e9n\u00e9ficiaire devra se munir d'autant de bacs de stockage que de zonesde pr\u00e9l\u00e8vement. Chaque bac devra \u00eatre identifi\u00e9 avec le nom du b\u00e9n\u00e9ficiaire (dans le casou le lieu de stockage est partag\u00e9 par plusieurs b\u00e9n\u00e9ficiaires), les noms du d\u00e9partement etde la commune, ainsi que les r\u00e9f\u00e9rences cadastrales de la ou des parcelles sur laquelle(lesquelles) la zone de pr\u00e9l\u00e8vement est situ\u00e9e. Les grenouilles seront stock\u00e9es dans le bacrelatif \u00e0 leur lieu de capture.Article 5. Conditions d'exgloitatioh :La pr\u00e9sente demande ne concerne que l'esp\u00e8ce vis\u00e9e \u00e0 l'article 1. Les autres esp\u00e8cesprot\u00e9g\u00e9es captur\u00e9es accidentellement doivent faire l'objet d'un rel\u00e2cher imm\u00e9diat sur leplan d'eau de pr\u00e9l\u00e8vement. A cet effet, un relev\u00e9 quotidien des nasses devra \u00eatre effectu\u00e9.Les femelles de Grenouilles rousses ne peuvent \u00eatre c\u00e9d\u00e9es, vendues et mises \u00e0 mortqu'apr\u00e8s avoir pondu.Les d\u00e9chets (visc\u00e8res, etc.) ne doivent pas \u00eatre rejet\u00e9s dans le milieu mais remis \u00e0l'\u00e9quarrisseur ou \u00e0 un circuit d'\u00e9limination approuv\u00e9 par les services officiels de contr\u00f4le.Les t\u00eatards ou les \u0153ufs embryonn\u00e9s doivent \u00eatre r\u00e9introduits dans la zone de pr\u00e9l\u00e8vementd'o\u00f9 proviennent les grenouilles captur\u00e9es en prenant toutes les pr\u00e9cautions n\u00e9cessairesau bon d\u00e9roulement des op\u00e9rations. Toute autre utilisation d'\u0153ufs de grenouilles et det\u00e9tards est interdite.Le stockage, ainsi que toute operatlon destin\u00e9e\u00e0 exporter des individus provenant deszones de pr\u00e9l\u00e8vement mentionn\u00e9es\u00e0 l'article 4, ont lieu sur le site de pr\u00e9l\u00e8vement, audomicile du propri\u00e9taire ou dans les autres lieux cit\u00e9s dans ce m\u00eame article.Le nourrissage par des farines animales est interdit.Les mesures de pr\u00e9vention contre les pr\u00e9dateurs des Grenouilles rousses ne doivent pasalt\u00e9rer les autres esp\u00e8ces prot\u00e9g\u00e9es par mutilation, capture, enl\u00e8vement, destruction ouperturbation intentionnelle, ni d\u00e9truire ou alt\u00e9rer leurs sites de reproduction ou leurs airesde repos.Lorsque l'autorisation concerne plusieurs zones de pr\u00e9levement distinctesg\u00e9ographiquement, le p\u00e9titionnaire doit mettre en \u0153uvre des mesures de protectionsanitaire dans la manlpulatlon des sp\u00e9cimens (notamment mycoses \u00e0 Batrachochytrldes)selon le protocole annex\u00e9 au present arr\u00eat\u00e9.Article G. Suivi des pr\u00e9l\u00e8vements :- Le service d\u00e9partemental de l'Office Fran\u00e7ais de la Biodiversit\u00e9 (OFB) doit \u00eatre pr\u00e9venu parcourrier \u00e9lectronique \u00e0 l'adresse suivante: sd70@ofb.gouv.fr, d\u00e8s le d\u00e9marrage de lacapture.Le b\u00e9n\u00e9ficiaire de la pr\u00e9sente autorisation tient \u00e0 jour le registre \u00e9lectronique disponiblesur le site internet de la DREAL (http://www.bourgogne-franche-comte.developpement-durable.gouv.fr/). Ce registre est tenu \u00e0 jour toutes les 48h maximum par le b\u00e9n\u00e9ficiaire.Le num\u00e9ro suivant est \u00e0 rappeler sur le registre \u00e9lectronique : 20001177.\nDREAL Bourgogne Franche-Comt\u00e9 - 70-2025-02-07-00004 - ARR\u00caT\u00c9 N\u00b0 \nportant d\u00e9rogation au titre de l'arr\u00eat\u00e9 du 8 janvier 2021 pour l'utilisation commerciale ou non de grenouilles rousses attribu\u00e9e \u00e0 Julien\nMERVEAUX jusqu'au 30 avril 2025\n39\nLes justificatifs des transactions financi\u00e8res pourront \u00eatre demand\u00e9s par les services decontr\u00f4le pour attester le cas \u00e9ch\u00e9ant des ventes r\u00e9alis\u00e9es.Article 7. Mesures de contr\u00f4le :La mise en \u0153uvre des dispositions d\u00e9finies aux articles pr\u00e9c\u00e9dents pourra faire l'objet descontr\u00f4les pr\u00e9vus \u00e0 l'article L170-1 du Code de l'environnement par les agents charg\u00e9s deconstater les manquements aux prescriptions pr\u00e9vues \u00e0 la pr\u00e9sente demande ou lesinfractions mentionn\u00e9es \u00e0 l'article L.415-3 et L.415-6 du Code de l'environnement.L'acc\u00e8s aux installations est autoris\u00e9 dans les conditions fix\u00e9es par les articles L171-1 etsuivants du Code de l'environnement \u00e0 ces agents habilit\u00e9s.Article 8. Sanctions :Le non-respect des dispositions du pr\u00e9sent arr\u00eat\u00e9 est passible des mesures et sanctionsd\u00e9finies aux articles L171-8, L.415-3 et L.415-6 du Code de l'environnement et de lasuspension ou de la r\u00e9vocation de la d\u00e9rogation pr\u00e9vue \u00e0 l'article R.411-12 du m\u00eame Code.Le fait de porter atteinte \u00e0 des esp\u00e8ces protegees constitue un d\u00e9lit sanctionn\u00e9 parl'article L.415-3 du Code de I'environnement.Article 9. Voie de recours :Dans un d\u00e9lai de deux mois \u00e0 compter de la date de notification de la pr\u00e9sente d\u00e9cision,les recours suivants peuvent \u00eatre introduits, conform\u00e9ment aux dispositions de l'articleR.421-1 et suivants du Code de justice administrative et du Livre IV du Code des relationsentre le public et l'administration :- Un recours gracieux, adress\u00e9 \u00e0 M. le pr\u00e9fet de la Haute-Sa\u00f4ne 1 rue de la pr\u00e9fecture BP429 \u2014 70 013 VESOUL Cedex;- Un recours hi\u00e9rarchique, adress\u00e9 au Ministre de la transition \u00e9cologique.Dans ces deux cas, le silence de l'Administration vaut rejet implicite au terme d'un d\u00e9lai dedeux mois. Apr\u00e8s un recours gracieux ou hi\u00e9rarchique, le d\u00e9lai du recours contentieux necourt qu'\u00e0 compter du rejet explicite ou implicite de l'un de ces recours.- UN recours contentieux, en saisissant le Tribunal administratif de Besan\u00e7on - 30, rueCharles Nodier 25044 BESAN\u00c7ON CEDEX 3. Le Tribunal administratif peut \u00eatre saisi vial'application informatique T\u00e9l\u00e9recours accessible par le site internet www.telerecours.fr .- Article 10. Notification et ex\u00e9cution :Le pr\u00e9sent arr\u00eat\u00e9 sera notifi\u00e9 au b\u00e9n\u00e9ficiaire de l'autorisation.La secr\u00e9taire g\u00e9n\u00e9rale de la pr\u00e9fecture est charg\u00e9 de l'ex\u00e9cution du pr\u00e9sent arr\u00eat\u00e9dont copie sera adress\u00e9e\u00e0 :- M.le chef du service d\u00e9partemental de I'Office Fran\u00e7ais de la Biodiversit\u00e9;< M. le commandant du groupement de gendarmerie de Haute-Sa\u00f4ne.Fait \u00e0 Vesoul, le16 PI\u00c9FBErot et par d\u00e9l\u00e9gation,Secr\u00e9taire G\u00e9n\u00e9raleAnhick P\u00c2QUET\nDREAL Bourgogne Franche-Comt\u00e9 - 70-2025-02-07-00004 - ARR\u00caT\u00c9 N\u00b0 \nportant d\u00e9rogation au titre de l'arr\u00eat\u00e9 du 8 janvier 2021 pour l'utilisation commerciale ou non de grenouilles rousses attribu\u00e9e \u00e0 Julien\nMERVEAUX jusqu'au 30 avril 2025\n40\nANNEXEProtocole de bios\u00e9curit\u00e9Ce protocole est \u00e0 appliquer apr\u00e8s chaque intervention sur site afin de limiter la propagationd'agents pathog\u00e8nes et d'esp\u00e9ces exotiques envahissantes.1) NETTOYAGESur site, laver tout mat\u00e9riel en contact avec le milieu (bottes, wadders,\u00e9puisettes ...)\u00e0 l'aide d ''une brosse pour enlever, boues, d\u00e9bris et ainsirendre efficace la d\u00e9sinfection. '2) D\u00c9SINFECTION- Pour les textiles et englns le lavage \u00e0 l'eau chaude (textile\u00e0 60\u00b0C en[ . \u00d4 ; /machine et engins pass\u00e9s au nettoyeur vapeur haute pression) assurenettoyage et d\u00e9sinfection.- Pour les petits \u00e9quipements ayant \u00e9t\u00e9 en contact avec les milieux/animaux: pulv\u00e9riser unesolution d\u00e9sinfectante \u00e0 large spectre avec action virucide, bact\u00e9ricide, fongique et antiparasitaire(se reporter aux modes d'emploi et fiches de s\u00e9curit\u00e9 pour leur utilisation, notamment dilution ettemps de pose).\nous pouvez par exemple utiliser := Virkon S : dilution \u00e0 1,5% / temps d'action: >10 min,Js\" Ethanol 70%: non dilu\u00e9 / temps d'action: >3 min,- > Eau de Javel 1,5% NaCl: dilution 1:5 / temps d'action : >3 min.es 3 produits \u00e9tant les plus efficaces et complets (d\u00e9sinfectionlarge spectre).$ |Ces manipulations doivent \u00eatre r\u00e9alis\u00e9es \u00e0 distance du milieu\" (>50m zone humide): chemin et/ou local ventil\u00e9 d\u00e9di\u00e9.Les effluents et d\u00e9chets doivent \u00eatre \u00e9limin\u00e9s dans les circuits de traitements classiques selon lar\u00e9glementation locale en vigueur. =\nxUn rin\u00e7age \u00e0 l'eau potable apr\u00e8s d\u00e9sinfection dans un local d\u00e9di\u00e9uniquement, peut \u00eatre r\u00e9alis\u00e9 au retour du terrain.VIGILANCE / ALERTE :En cas de constatation de :- fortes mortalit\u00e9s,- changements comportementaux,- signes cliniques ;=> Prenez une photo du ou des animaux, des signes cliniques et de l'habitat, notez la date, lescoordonn\u00e9es GPS, l'esp\u00e8ce, les effectifs, le contexte et les \u00e9l\u00e9ments anormaux et transmettez cesinformations par mail au r\u00e9seau SAGIR \u00e0 sagir@ofb.gouv.fr .\nDREAL Bourgogne Franche-Comt\u00e9 - 70-2025-02-07-00004 - ARR\u00caT\u00c9 N\u00b0 \nportant d\u00e9rogation au titre de l'arr\u00eat\u00e9 du 8 janvier 2021 pour l'utilisation commerciale ou non de grenouilles rousses attribu\u00e9e \u00e0 Julien\nMERVEAUX jusqu'au 30 avril 2025\n41\nPr\u00e9fecture de Haute-Sa\u00f4ne\n70-2025-02-11-00001\nArr\u00eat\u00e9 du 11 02 2025 cl\u00f4ture r\u00e9gie PM de\nVillersexel\nPr\u00e9fecture de Haute-Sa\u00f4ne - 70-2025-02-11-00001 - Arr\u00eat\u00e9 du 11 02 2025 cl\u00f4ture r\u00e9gie PM de Villersexel 42\nPREFET Direction des collectivit\u00e9s territorialesDE LA HAUTE- et de la coordination interminist\u00e9rielleSAONELibert\u00e9\u00c9galit\u00e9Fraternit\u00e9\nBureau du contr\u00f4le budg\u00e9taire et de l\u00e9galit\u00e9\nArr\u00eat\u00e9 N\u00b070-2025-Pronon\u00e7ant la cl\u00f4ture de la r\u00e9gie de recettes de la police municipale de la commune deVILLERSEXEL\nLe pr\u00e9fet de la Haute-Sa\u00f4ne\nVU le code g\u00e9n\u00e9ral des collectivit\u00e9s territoriales notamment les articles L2212-5 et L2212-5-1;VU le code de la route notamment les articles R130-2 \u00e0 R 130-5;VU le d\u00e9cret n\u00b0 2012-1246 du 7 novembre 2012 relatif \u00e0 la gestion budg\u00e9taire et comptablepublique;VU le d\u00e9cret n\u00b0 2004-374 du 29 avril 2004 modifi\u00e9 relatif aux pouvoirs des pr\u00e9fets, \u00e0l'organisation et \u00e0 l'action des services de I'Etat dans les r\u00e9gions et d\u00e9partements;VU le d\u00e9cret du 27 septembre 2023 portant nomination du pr\u00e9fet de la Haute-Sa\u00f4ne -M. Romain ROYET;VU le d\u00e9cret du 24 avril 2024 portant nomination de la secr\u00e9taire g\u00e9n\u00e9rale de la pr\u00e9fecturede la Haute-Sa\u00f4ne- Mme Annick PAQUET;VU l'arr\u00eat\u00e9 N\u00b070-2024-05-06-00057 du 6 mai 2024 portant d\u00e9l\u00e9gation de signature \u00e0Mme Annick PAQUET, secr\u00e9taire g\u00e9n\u00e9rale de la pr\u00e9fecture\u00e0 compter du 13 mai 2024;VU l'arr\u00eat\u00e9 pr\u00e9fectoral n\u00b070-2016-12-02-011 du 2 d\u00e9cembre 2016 portant institution d'uner\u00e9gie de recettes aupr\u00e8s de la police municipale de Villersexel;\nPR\u00c9ECTURE DE LA HAUTE-SA\u00d4NEBP 429 - 70013 VESOUL CEDEXt\u00e9l : 03 84.77.70;00courriel : prefecture@haute-saone.gouv.fr\nPr\u00e9fecture de Haute-Sa\u00f4ne - 70-2025-02-11-00001 - Arr\u00eat\u00e9 du 11 02 2025 cl\u00f4ture r\u00e9gie PM de Villersexel 43\nVU l'arr\u00e9t\u00e9 pr\u00e9fectoral n\u00b070-2016-12-02-011 du 2 d\u00e9cembre 2016 portant institution d'uner\u00e9gie de recettes aupr\u00e8s de la police municipale de Villersexel;VU l'arr\u00eat\u00e9 pr\u00e9fectoral n\u00b0 70-2016-12-02-012 du 2 d\u00e9cembre 2016 portant nomination dur\u00e9gisseur et du r\u00e9gisseur suppl\u00e9ant de la r\u00e9gie de recettes de la police municipale deVillersexel;VU la lettre du maire de Villersexel du 4 f\u00e9vrier 2025 sollicitant la suppression de la r\u00e9gie derecettes de la police municipale;VU l'avis conforme de Monsieur le Directeur d\u00e9partemental des Finances publiques de laHaute-Sa\u00f4ne en date du 6 f\u00e9vrier 2025;CONSIDERANT que la r\u00e9gie n'a plus d'activit\u00e9;SUR la proposition de la secr\u00e9taire g\u00e9n\u00e9rale de la pr\u00e9fecture;\nARRETE\nArticle ler: les dispositions des arr\u00eat\u00e9s pr\u00e9fectoraux susvis\u00e9s portant cr\u00e9ation d'une r\u00e9gie derecettes aupr\u00e8s de la police municipale de VILLERSEXEL et nomination du r\u00e9gisseur et de sonsuppl\u00e9ant sont abrog\u00e9es \u00e0 compter du 1\u00b0\" mars 2025.Article 2 : le pr\u00e9sent arr\u00eat\u00e9 peut faire l'objet d'un recours contentieux devant la juridictionadministrative dans le d\u00e9lai de deux mois \u00e0 compter de sa publication.Le tribunal administratif peut \u00eatre saisi par l'application \u00ab T\u00e9l\u00e9recours citoyens \u00bb accessiblesur le site internet www.telerecours.frArticle 3 : la secr\u00e9taire g\u00e9n\u00e9rale de la pr\u00e9fecture et le directeur d\u00e9partemental des financespubliques de la Haute-Sa\u00f4ne sont charg\u00e9s, chacun en ce qui le concerne, de l'ex\u00e9cution dupr\u00e9sent arr\u00eat\u00e9 qui sera publi\u00e9 au recueil des actes administratifs de la pr\u00e9fecture et dontcopie sera adress\u00e9e au maire de VILLERSEXEL. |\n//PFait \u00e0 Vesoul, le AA '_.f;c\u00bb_'\u00e7f'u_w L0 2SPour le Pr\u00e9fet et par d\u00e9l\u00e9gation,la Secr \u00eeire g\u00e9n\u00e9rale,\nAnnic !\u00ff/\u00c2QUET\nPR\u00c9ECTURE DE LA HAUTE-SA\u00d4NEBP 429 - 70013 VESOUL CEDEXt\u00e9l : 03 84.77.70;00courriel : prefecture@haute-saone.gouv.fr\nPr\u00e9fecture de Haute-Sa\u00f4ne - 70-2025-02-11-00001 - Arr\u00eat\u00e9 du 11 02 2025 cl\u00f4ture r\u00e9gie PM de Villersexel 44\nPr\u00e9fecture de Haute-Sa\u00f4ne\n70-2025-02-10-00005\nArr\u00eat\u00e9 portant modification du p\u00e9rim\u00e8tre du\nsyndicat mixte de l'\u00e9cole d\u00e9partementale de\nmusique et de th\u00e9\u00e2tre de la Haute-Sa\u00f4ne\nPr\u00e9fecture de Haute-Sa\u00f4ne - 70-2025-02-10-00005 - Arr\u00eat\u00e9 portant modification du p\u00e9rim\u00e8tre du syndicat mixte de l'\u00e9cole\nd\u00e9partementale de musique et de th\u00e9\u00e2tre de la Haute-Sa\u00f4ne 45\np Direction des collectivit\u00e9s territorialesPREFET - . . . . \u00a5 LDE LA HAUTE- et de la coordination interminist\u00e9rielleSAONELibert\u00e9\u00c9galit\u00e9Fraternit\u00e9\nArr\u00eat\u00e9 n\u00b0 ;portant modification de p\u00e9rim\u00e8tre du syndicat mixte pour le fonctionnementde l'\u00e9cole d\u00e9partementale de musique et de th\u00e9\u00e2tre de la Haute-Sa\u00f4ne parI'int\u00e9gration de la communaut\u00e9 de communes du Pays de Montbozon etdu Chanois et portant modification de I'arr\u00e9t\u00e9 pr\u00e9fectoral modifi\u00e9 n\u00b0 1941du 9 ao\u00fbt 1985 homologuant la constitution du syndicat mixte pour lefonctionnement de l'\u00e9cole d\u00e9partementale de musique et de th\u00e9\u00e2tre dela Haute-Sa\u00f4ne\nLe pr\u00e9fet de la Haute-Sa\u00f4neVU le code g\u00e9n\u00e9ral des collectivit\u00e9s territoriales (CGCT), notamment les articles L 5721-1 etsuivants ; 'VU le d\u00e9cret n\u00b0 2004-374 du 29 avril 2004 modifi\u00e9 relatif aux pouvoirs des pr\u00e9fets, al'organisation et \u00e0 l'action des services de l'Etat dans les r\u00e9gions et les d\u00e9partements ;VU le d\u00e9cret du 27 septembre 2023 portant nomination du pr\u00e9fet de la Haute-Sa\u00f4ne -\" M. Romain ROYET ; :VU le d\u00e9cret du 24 avril 2024 portant nomination de la secr\u00e9taire g\u00e9n\u00e9rale de la pr\u00e9fecture de laHaute-Sa\u00f4ne - Mme Annick PAQUET ;VU l'arr\u00eat\u00e9 pr\u00e9fectoral n\u00b0 70-2024-05-06-00057 du 6 mai 2024 portant d\u00e9l\u00e9gation de signature \u00e0Mme Annick PAQUET, secr\u00e9taire g\u00e9n\u00e9rale de la pr\u00e9fecture de la Haute-Sa\u00f4ne ;VU l'arr\u00eat\u00e9 pr\u00e9fectoral n\u00b0 1941 du 9 ao\u00fbt 1985 modifi\u00e9 homologuant la constitution du syndicatmixte pour le fonctionnement de l'\u00e9cole d\u00e9partementale de musique de la Haute-Sa\u00f4ne etl'arr\u00eat\u00e9 n\u00b0 70-2019-04-10-002 du 10 avril 2019 portant modification de p\u00e9rim\u00e8tre de cesyndicat;VU les statuts du syndicat mixte pour le fonctionnement de l'\u00e9cole d\u00e9partementale de musique,de danse et de th\u00e9\u00e2tre de la Haute-Sa\u00f4ne ;VU la d\u00e9lib\u00e9ration du conseil de la communaut\u00e9 de communes du Paysde Montbozon et duChanois du 4 avril 2024 demandant son adh\u00e9sion au syndicat mixte pour le fonctionnementde l'\u00e9cole d\u00e9partementale de musique et de th\u00e9\u00e2tre de la Haute-Sa\u00f4ne ;VU la d\u00e9lib\u00e9ration du 25 novembre 2024 par laquelle le comit\u00e9 du syndicat mixte pour lefonctionnement de l'\u00e9cole d\u00e9partementale de musique et de th\u00e9\u00e2tre de la Haute-Sa\u00f4ne accepte l'adh\u00e9sion de la communaut\u00e9 de communes du Pays de Montbozon et duChanois;Sur la proposition de la secr\u00e9taire g\u00e9n\u00e9rale de la pr\u00e9fecture de la Haute-Sa\u00f4ne ;ARRETEArticle 1* : Il est prononc\u00e9 l'adh\u00e9sion de la communaut\u00e9 de communes du Pays de Montbozon etdu Chanois au syndicat mixte pour le fonctionnement de l'\u00e9cole d\u00e9partementale de musique etde th\u00e9\u00e2tre de la Haute-Sa\u00f4ne.\nPr\u00e9fecture de Haute-Sa\u00f4ne - 70-2025-02-10-00005 - Arr\u00eat\u00e9 portant modification du p\u00e9rim\u00e8tre du syndicat mixte de l'\u00e9cole\nd\u00e9partementale de musique et de th\u00e9\u00e2tre de la Haute-Sa\u00f4ne 46\nArticle 2 : L'article 1 de l'arr\u00eat\u00e9 n\u00b0 1941 du 9 ao\u00fbt 1985 modifi\u00e9 homologuant la constitution dusyndicat mixte pour le fonctionnement de l'\u00e9cole d\u00e9partementale de musique de la Haute-Sa\u00f4neest modifi\u00e9 ainsi qu'il suit :Le p\u00e9rim\u00e8tre du syndicat mixte pour le fonctionnement de l'\u00e9cole d\u00e9partementale de musique etde th\u00e9\u00e2tre de la Haute-Sa\u00f4ne comprend les membres suivants (modification en gras) :- Conseil D\u00e9partemental de la Haute-Sa\u00f4ne- communes ... d'Aboncourt-G\u00e9sincourt, Jussey, Luxeuil-les-Bains, Marnay, Plancher-Bas,Port- sur- Sa\u00f4ne,- communaut\u00e9s de communes (CC) des Combes, CC des Quatre Rivi\u00e8res, CC du Val de Gray,CC du Pays de Lure, CC du Pays Riolais, CC du Pays de Villersexel, CC de la Haute-Comt\u00e9,CC du Pays de Montbozon et du Chanois.\nArticle 3 : La pr\u00e9sente d\u00e9cision peut faire l'objet d'un recours contentieux devant le TribunalAdministratif de Besan\u00e7on - 30 rue Charles Nodier - dans un d\u00e9lai de deux mois \u00e0 compter de sanotification ou de sa publication. Le Tribunal Administratif peut \u00eatre saisi par l'applicationinformatique \u00ab T\u00e9l\u00e9recours citoyen \u00bb accessible par le site internet www.telerecours.fr\nArticle 4: La secr\u00e9taire g\u00e9n\u00e9rale de la pr\u00e9fecture de la Haute-Sa\u00f4ne, le directeur d\u00e9partementaldes finances publiques de la Haute-Sa\u00f4ne, la pr\u00e9sidente du syndicat mixte pour lefonctionnement de l'\u00e9cole d\u00e9partementale de musique et de th\u00e9\u00e2tre de la Haute-Sa\u00f4ne, lesmaires et les pr\u00e9sidents et pr\u00e9sidentes des collectivit\u00e9s membres, sont charg\u00e9s chacun en ce qui leconcerne de l'ex\u00e9cution du pr\u00e9sent arr\u00eat\u00e9 qui sera publi\u00e9 au recueil des actes administratifs de lapr\u00e9fecturede la Haute-Sa\u00f4ne.\nFait\u00e0 Vesoul,le * & FEV, 2025le Pr\u00e9fet,par d\u00e9l\u00e9gation,La Secr\u00e9taire G\u00e9n\u00e9rale,\n\"=\nAnnick PAQUET\nPr\u00e9fecture de Haute-Sa\u00f4ne - 70-2025-02-10-00005 - Arr\u00eat\u00e9 portant modification du p\u00e9rim\u00e8tre du syndicat mixte de l'\u00e9cole\nd\u00e9partementale de musique et de th\u00e9\u00e2tre de la Haute-Sa\u00f4ne 47\nPr\u00e9fecture de Haute-Sa\u00f4ne\n70-2025-02-07-00003\nArr\u00eat\u00e9 autorisant la soci\u00e9t\u00e9 SGS SAGE \u00e0 assurer\nla surveillance sur la voie publique lors de la Foire\nde Grammont, le samedi 22 f\u00e9vrier 2025\nPr\u00e9fecture de Haute-Sa\u00f4ne - 70-2025-02-07-00003 - Arr\u00eat\u00e9 autorisant la soci\u00e9t\u00e9 SGS SAGE \u00e0 assurer la surveillance sur la voie publique\nlors de la Foire de Grammont, le samedi 22 f\u00e9vrier 2025 48\nEnPREFETDE LA HAUTE- Direction du CabinetSAONE Service des S\u00e9curit\u00e9s\nFraternit\u00e9\nArr\u00eat\u00e9 n\u00b070-2025-02-07-00003Autorisant la soci\u00e9t\u00e9 SGS SAGE \u00e0 assurer la surveillance sur la voie publique lors de la Foire de\nVUVU\nVU\nVU\nVU\nVU\nVU\nVU\nGrammont, le samedi 22 f\u00e9vrier 2025\nLe pr\u00e9fet de la Haute-Sa\u00f4ne\nle livre VI du Code de la s\u00e9curit\u00e9 int\u00e9rieure, notamment son article L. 613-1 ; |la loi n\u00b0 2000-321 du 12 avril 2000 relative aux droits des citoyens dans leurs relations avec lesadministrations ;le d\u00e9cret n\u00b0 86-1058 du 26 septembre 1986, relatif \u00e0 l'autorisation administrative et au recrutementdes personnels des entreprises de surveillance et de gardiennage, de transport de fonds, deprotection physique des personnes, de recherches priv\u00e9es et de vid\u00e9o-protection ;le d\u00e9cret n\u00b0 86-1099 du 10 octobre 1986, relatif \u00e0 l'utilisation des mat\u00e9riels, documents, uniformeset insignes des entreprises de surveillance et de gardiennage, de transports de fonds, deprotection physique des personnes, de recherches priv\u00e9es et de vid\u00e9o-protection, notamment sonarticle 6 ;le d\u00e9cret n\u00b0 2005-1122 du 6 septembre 2005 pris pour I'application de la loi n\u00b0 83-629 du 12 juillet1983 r\u00e9glementant les activit\u00e9s priv\u00e9es de s\u00e9curit\u00e9 et relatif \u00e0 I'aptitude professionnelle desdirigeants et des salari\u00e9s des entreprises exer\u00e7ant des activit\u00e9s de surveillance et de gardiennage,de transport de fonds, de protection physique des personnes et de vid\u00e9o-protection ;le d\u00e9cret n\u00b02005-1124 du 06 septembre 2005 fixant la liste des enqu\u00eates administratives pouvantdonner lieu \u00e0 la consultation de traitements autoris\u00e9s de donn\u00e9es personnelles ;le d\u00e9cret n\u00b0 2009-137 du 9 f\u00e9vrier 2009 relatif \u00e0 la carte professionnelle, \u00e0 l'autorisation pr\u00e9alableet \u00e0 l'autorisation provisoire des salari\u00e9s participant aux activit\u00e9s d\u00e9finies \u00e0 l'article 1%, \u00e0 l'article11-8 et \u00e0 l'article 20 de la loi n\u00b0 83-629 du 12juillet 1983 ;le d\u00e9cret du 27 septembre 2023 portant nomination du pr\u00e9fet de la Haute-Sa\u00f4ne, M. RomainROYET ;\nPr\u00e9fecture de Haute-Sa\u00f4ne - 70-2025-02-07-00003 - Arr\u00eat\u00e9 autorisant la soci\u00e9t\u00e9 SGS SAGE \u00e0 assurer la surveillance sur la voie publique\nlors de la Foire de Grammont, le samedi 22 f\u00e9vrier 2025 49\nCONSID\u00c9RANT que la Foire de Grammont, \u00e9v\u00e8nement festif en Haute-Sa\u00f4ne, attire de nombreuxvisiteurs, que les possibilit\u00e9s de stationnement sont limit\u00e9es et n\u00e9cessitent une surveillance accrue afind'\u00e9viter les actes de malveillance et un stationnement unilat\u00e9ral permettant le passage des v\u00e9hiculesde secours-incendieCONSID\u00c9RANT le n\u00e9cessaire appui d'une soci\u00e9t\u00e9 de s\u00e9curit\u00e9 priv\u00e9e pour surveiller le stationnementsur une partie de la D126 reliant Grammont \u00e0 Melecey;Sur proposition de la Directrice du Cabinet;ARR\u00caTE\nArticle 1La soci\u00e9t\u00e9 SGS SAGE, repr\u00e9sent\u00e9e par M. Emmanuel SAGE, situ\u00e9e 25 Rue Raymond Poincar\u00e9, 70 000Vesoul, est autoris\u00e9e \u00e0 assurer ses missions, de mani\u00e8re itin\u00e9rante sur la voie publique lors de la Foirede Grammont le samedi 22 f\u00e9vrier 2025 \u00e0 Grammont, et notamment sur l'axe D126 reliant Grammont\u00e0 Melecey, de 10h00 \u00e0 17h00 : (Cf annexe)\nArticle 2Les agents assurant la surveillance de la manifestation ne pourront pas \u00eatre arm\u00e9s.\nArticle 3Le b\u00e9n\u00e9ficiaire de la pr\u00e9sente autorisation s'engage \u00e0 respecter les prescriptions de la loi du 12 juillet1983 susvis\u00e9e.\nArticle 4Le pr\u00e9sent arr\u00eat\u00e9 peut \u00eatre contest\u00e9 selon les voies de recours et dans les d\u00e9lais mentionn\u00e9s ci-dessous:Dans les deux mois \u00e0 compter de la pr\u00e9sente notification, les recours suivants peuvent \u00eatre introduits :* Un recours gracieux, adress\u00e9 \u00e0 Monsieur le pr\u00e9fetde la Haute-Sa\u00f4ne, Direction du cabinet,Service des s\u00e9curit\u00e9s, 1 rue de la Pr\u00e9fecture BP 429 - 70013 VESOUL CEDEX- Un recours hi\u00e9rarchique, adress\u00e9 \u00e0 : M. le Ministre de l'Int\u00e9rieur \u2014 Direction des libert\u00e9spubliques et des affaires juridiques - Place Beauvau\u2014 75800 PARIS CEDEX 08.* Un recours contentieux, adress\u00e9:o soit par courrier au tribunal administratif de Besan\u00e7on, 30 Rue Charles Nodier 25044BESANCON CEDEX 3.o soit par le biais de l'application informatique \u00ab T\u00e9l\u00e9recours citoyens \u00bb accessible par lesite Internet www.telerecours.fr |Le recours juridictionnel doit \u00eatre d\u00e9pos\u00e9 au plus tard avant l'expiration du 2e mois suivant la date denotification de la d\u00e9cision contest\u00e9e (ou bien du 2e mois suivant la date du rejet du recours gracieuxou hi\u00e9rarchique).\nPr\u00e9fecture de Haute-Sa\u00f4ne - 70-2025-02-07-00003 - Arr\u00eat\u00e9 autorisant la soci\u00e9t\u00e9 SGS SAGE \u00e0 assurer la surveillance sur la voie publique\nlors de la Foire de Grammont, le samedi 22 f\u00e9vrier 2025 50\nArticle 5La Directrice du Cabinet et Monsieur le Colonel commandant le groupement d\u00e9partemental degendarmerie de Haute-Sa\u00f4ne sont charg\u00e9s de l'ex\u00e9cution du pr\u00e9sent arr\u00e9t\u00e9 qui sera publi\u00e9 au recueildes actes administratifs de la pr\u00e9fecture de la Haute-Sadne et dont copie sera adress\u00e9e \u00e0 Madame leMaire de Grammont et \u00e0 M. Emmanuel SAGE, repr\u00e9sentant la soci\u00e9t\u00e9 SGS SAGE.\nFait \u00e0 Vesoul, le\nPour le Pr\u00e9fet et par d\u00e9l\u00e9gation\n-Emmanuelle JUAN-KEUNEBROEK\nAnnexe :Plan de la D126\nPr\u00e9fecture de Haute-Sa\u00f4ne - 70-2025-02-07-00003 - Arr\u00eat\u00e9 autorisant la soci\u00e9t\u00e9 SGS SAGE \u00e0 assurer la surveillance sur la voie publique\nlors de la Foire de Grammont, le samedi 22 f\u00e9vrier 2025 51\nP\nEN\nA323/8WNE\u00cbOEE\u0152\u00dbQUE1[319ZLA\u00b0XV\nPr\u00e9fecture de Haute-Sa\u00f4ne - 70-2025-02-07-00003 - Arr\u00eat\u00e9 autorisant la soci\u00e9t\u00e9 SGS SAGE \u00e0 assurer la surveillance sur la voie publique\nlors de la Foire de Grammont, le samedi 22 f\u00e9vrier 2025 52","date":"2025-02-11","first_seen_on":"2025-09-14T05:50:31+00:00","id":"b7085513b0daed5cbe8bc07d6835a9ae71acb084a25fb7b1c00a453cb84e3aca","name":"RAA 70-2025-034","pdf_creation_date":"2025-02-11T15:26:09+00:00","pdf_modification_date":null,"timezone":"Europe/Paris","url":"https://www.haute-saone.gouv.fr/contenu/telechargement/44508/355881/file/RAA%2070-2025-034.pdf"}
