{"administration":"pref83","administration_name":"Pr\u00e9fecture du Var","content":"VAR\nRECUEIL DES ACTES\nADMINISTRATIFS\nN\u00b083-2025-040\nPUBLI\u00c9 LE 10 F\u00c9VRIER 2025\nSommaire\nCentre hospitalier Henri Gu\u00e9rin Pierrefeu /\n83-2025-02-07-00004 - 2025- 02- 26 D\u00e9cision PORTANT CONSTITUTION\nDU COLLEGE DE ARTICLE L 3211-2 DU CODE DE LA SANTE PUBLIQUE (1\npage) Page 3\nDirection d\u00e9partementale des territoires et de la mer du Var / Service\nagriculture et for\u00eat de la DDTM\n83-2025-02-10-00002 - Arr\u00eat\u00e9 pr\u00e9fectoral autorisant des battues\nadministratives aux sangliers dans le d\u00e9partement du Var (1 page) Page 5\nPr\u00e9fecture du VAR / Direction des s\u00e9curit\u00e9s\n83-2025-02-07-00005 - AP 2025-01-002 ELA du 07 f\u00e9vrier 2025 - police de\ncirculation autoroutes A50 A57 A570 (8 pages) Page 7\n2\nCentre hospitalier Henri Gu\u00e9rin Pierrefeu\n83-2025-02-07-00004\n2025- 02- 26 D\u00e9cision PORTANT CONSTITUTION\nDU COLLEGE DE ARTICLE L 3211-2 DU CODE DE\nLA SANTE PUBLIQUE\nCentre hospitalier Henri Gu\u00e9rin Pierrefeu - 83-2025-02-07-00004 - 2025- 02- 26 D\u00e9cision PORTANT CONSTITUTION DU COLLEGE DE\nARTICLE L 3211-2 DU CODE DE LA SANTE PUBLIQUE 3\n \n \nCENTRE HOSPITALIER HENRI GUERIN \nQuartier Barnencq \n83390 PIERREFEU DU VAR \n \n \nDECISION N\u00b02025/02/26 \n \nPORTANT CONSTITUTION DU COLLEGE DE L'ARTICLE L 3211-2 \nDU CODE DE LA SANTE PUBLIQUE \n \n \nLE DIRECTEUR \n \nVu le Code de Sant\u00e9 Publique et notamment l'article L 3211-9, \n \nVu la Loi n\u00b02009-879 du 21 juillet 2009 portant r\u00e9forme de l'h\u00f4pital et relative aux patients, \u00e0 \nla sant\u00e9 et aux territoires, \n \nVu la Loi n\u00b02011 -803 du 5 juillet 2011 modifi\u00e9e relative aux droits et \u00e0 la protection des \npersonnes faisant l'objet de soins psychiatriques et aux modalit\u00e9s de leur prise en charge,  \n \nVu le d\u00e9cret d'application n\u00b0  2011-847 du 18 juillet 2011 relatif aux droits et \u00e0 la protection \ndes personnes faisant l'objet de soins psychiatriques et aux modalit\u00e9s de leur prise en \ncharge, \n \nDECIDE \nArticle 1 : \n \nIl est constitu\u00e9 un coll\u00e8ge sur le fondement de l'article L 3211 -9 du Code de la Sant\u00e9 \nPublique. \n \nCe coll\u00e8ge est constitu\u00e9 pour chacun des patients concern\u00e9s par son champ de comp\u00e9tence \npar : \n \n1\u00b0) \u2013 Le Docteur CHIBOUB Abdelhakim, responsable \u00e0 titre principal du patient dont la \nsituation sera examin\u00e9e, \n \n2\u00b0) \u2013 VERDIER Laetitia , repr\u00e9sentant l'\u00e9quipe pluridisciplinaire participant \u00e0 la prise en \ncharge des patients, \n \n3\u00b0) \u2013 Le Docteur BERTHOD Isabelle, Psychiatre  \n \nArticle 2 : \n \nLa pr\u00e9sente d\u00e9cision est \u00e0 effet imm\u00e9diat. \n \nElle fera l'objet d'une publication par tous moyens la rendant consultable et sera notamment \npubli\u00e9e au Recueil des actes administratifs de la Pr\u00e9fecture du Var. \n \nPierrefeu-du-Var, le Vendredi 07 F\u00e9vrier 2025 \n    \n                                                                                                         Pour le Directeur et P.O. \n                                                       L'Attach\u00e9e d'Administration Hospitali\u00e8re, \n            \nSign\u00e9 : BIANCHINI Sabine  \n                                                                                                                                                                                                                                                                                                                                                                                                                              \nCentre hospitalier Henri Gu\u00e9rin Pierrefeu - 83-2025-02-07-00004 - 2025- 02- 26 D\u00e9cision PORTANT CONSTITUTION DU COLLEGE DE\nARTICLE L 3211-2 DU CODE DE LA SANTE PUBLIQUE 4\nDirection d\u00e9partementale des territoires et de la\nmer du Var\n83-2025-02-10-00002\nArr\u00eat\u00e9 pr\u00e9fectoral autorisant des battues\nadministratives aux sangliers dans le\nd\u00e9partement du Var\nDirection d\u00e9partementale des territoires et de la mer du Var - 83-2025-02-10-00002 - Arr\u00eat\u00e9 pr\u00e9fectoral autorisant des battues\nadministratives aux sangliers dans le d\u00e9partement du Var 5\nDirection d\u00e9partementale\ndes territoires et de la mer du Var\nARR\u00caT\u00c9 PR\u00c9FECTORAL DDTM/SAF/BCFSP/N\u00b0 2025 \u2013 010 DU 10/02/2025\nAUTORISANT DES BATTUES ADMINISTRATIVES AUX SANGLIERS\nLe pr\u00e9fet du Var,\nVU le code de l'environnement, et notamment ses articles L. 427-1 \u00e0-7 , R. 427-1 \u00e0-3 ;\nVU  l'arr\u00eat\u00e9 minist\u00e9riel du 27 mars 1973, fixant les modalit\u00e9s d'application de la loi du 9\njuillet 1971 ;\nVU l'arr\u00eat\u00e9 pr\u00e9fectoral du 22 novembre 2024 relatif \u00e0 la nomination des lieutenants de\nlouveterie pour la p\u00e9riode 2025-2029 ;\nVU l'arr\u00eat\u00e9 pr\u00e9fectoral n\u00b02023/63/MCI du 21 ao\u00fbt 2023 portant d\u00e9l\u00e9gation de signature \u00e0\nM. Laurent Boulet, directeur d\u00e9partemental des territoires et de la mer ;\nVU  l'arr\u00eat\u00e9  pr\u00e9fectoral  n\u00b0DDTM/MPCA/  2023-03  du  26  septembre  2023  donnant\nsubd\u00e9l\u00e9gation de signature ;\nCONSID\u00c9RANT l'importance des d\u00e9g\u00e2ts de gibiers commis sur la commune de R\u00e9gusse ;\nSUR proposition du directeur d\u00e9partemental des territoires et de la mer ;\nARR\u00caTE\nARTICLE 1er\n : des battues administratives aux sangliers seront effectu\u00e9es sur la commune\nde R\u00e9gusse, dans la limite de deux par semaine. Cette mission est valable pour une dur\u00e9e\nde deux mois \u00e0 compter de la signature du pr\u00e9sent arr\u00eat\u00e9.\nARTICLE 2 : M. Franck  MEISSEL,  lieutenant  de louveterie,  est charg\u00e9  d'organiser et  de\ndiriger les battues. Cependant, pour l'exercice de celles-ci, il pourra s'adjoindre ou se faire\nremplacer par tout autre lieutenant de louveterie d\u00e9sign\u00e9 par l'arr\u00eat\u00e9 pr\u00e9fectoral du 22\nnovembre 2024 susvis\u00e9.\nARTICLE 3\n : les battues pourront \u00eatre effectu\u00e9es avec traqueurs ou \u00e0 l'aide des chiens ou\nles deux simultan\u00e9ment et s'exerceront en tous lieux \u00e0 l'exception des terrains clos et\nattenants \u00e0 une habitation.\nDans  le  cadre  de  ses  missions,  M.  Franck  MEISSEL pourra  \u00e9quiper  son  v\u00e9hicule\nd'intervention d'un gyrophare.\nARTICLE 4\n : les sangliers abattus seront partag\u00e9s entre tous les participants \u00e0 la battue.\nARTICLE 5     :    le lieutenant de louveterie pr\u00e9viendra au moins 24 heures \u00e0 l'avance de la date,\nde  l'heure  et  du  lieu  du  rendez-vous  de  la  battue,  le  directeur  d\u00e9partemental  des\nterritoires et de la mer, le pr\u00e9sident de la f\u00e9d\u00e9ration d\u00e9partementale des chasseurs, le chef\ndu service d\u00e9partemental de l'office fran\u00e7ais de la biodiversit\u00e9, le chef de la brigade de\ngendarmerie et lorsque la battue int\u00e9resse une for\u00eat soumise au r\u00e9gime forestier, le chef\ndu service d\u00e9partemental de l'office national des for\u00eats.\nARTICLE 6 : Le pr\u00e9sent arr\u00eat\u00e9 peut faire l'objet d'un recours gracieux aupr\u00e8s de son auteur\nou d'un recours contentieux devant le tribunal administratif de Toulon dans un d\u00e9lai de\ndeux mois suivant sa publication. L'absence de r\u00e9ponse au recours gracieux dans un d\u00e9lai\nde  deux  mois  vaut  rejet  implicite.  Le  rejet  du  recours  gracieux  peut  \u00e9galement  \u00eatre\ncontest\u00e9 devant le tribunal administratif de Toulon dans un d\u00e9lai de deux mois.\nARTICLE 7     :    le secr\u00e9taire g\u00e9n\u00e9ral de la pr\u00e9fecture du Var, le directeur d\u00e9partemental des\nterritoires et de la mer, M. Franck MEISSEL, sont charg\u00e9s, chacun en ce qui les concerne, de\nl'ex\u00e9cution  du  pr\u00e9sent  arr\u00eat\u00e9  dont  une  ampliation  sera  transmise  au  pr\u00e9sident  de  la\nf\u00e9d\u00e9ration  d\u00e9partementale des  chasseurs  du Var,  au  commandant  du  groupement  de\ngendarmerie  du  Var,  au  commandant  de  la  brigade  de  gendarmerie  territorialement\ncomp\u00e9tente, au chef du service d\u00e9partemental de l'office fran\u00e7ais de la biodiversit\u00e9, au\npr\u00e9sident de l'association d\u00e9partementale des lieutenants de louveterie et au maire de la\ncommune de R\u00e9gusse, pour affichage,  et tous les agents ayant des fonctions de police\njudiciaire sont charg\u00e9s, chacun en ce qui le concerne, de l'ex\u00e9cution du pr\u00e9sent arr\u00eat\u00e9, qui\nsera publi\u00e9 au recueil des actes administratifs de la Pr\u00e9fecture.\nFait \u00e0 Toulon, le 10 f\u00e9vrier 2025\nPour le Pr\u00e9fet et par d\u00e9l\u00e9gation,\nLa cheffe du bureau chasse faune sauvage\net pastoralisme\nSign\u00e9\nAlison PESSON\nDestinataires :\n- le Lieutenant de Louveterie Franck Meissel\n- le Pr\u00e9sident de l'Association D\u00e9partementale des\nLieutenants de Louveterie du Var ,\n- le Commandant du Groupement de \nGendarmerie,\n- le Commandant de la Brigade de Gendarmerie\n- l'O.F.B.\n- le pr\u00e9sident de la F.D.C.V.\n- le maire de la commune de R\u00e9gusse\nDirection d\u00e9partementale des territoires et de la mer du Var - 83-2025-02-10-00002 - Arr\u00eat\u00e9 pr\u00e9fectoral autorisant des battues\nadministratives aux sangliers dans le d\u00e9partement du Var 6\nPr\u00e9fecture du VAR\n83-2025-02-07-00005\nAP 2025-01-002 ELA du 07 f\u00e9vrier 2025 - police\nde circulation autoroutes A50 A57 A570\nPr\u00e9fecture du VAR - 83-2025-02-07-00005 - AP 2025-01-002 ELA du 07 f\u00e9vrier 2025 - police de circulation autoroutes A50 A57 A570 7\nEsPREFETDU VARLibert\u00e9Egalit\u00e9Fraternit\u00e9\nDirection des s\u00e9curit\u00e9s\nService de l'\u00e9ducation et de la\ns\u00e9curit\u00e9 routi\u00e8res\nP\u00f4le \u00e9tudes et ing\u00e9nierie\n      ARR\u00caT\u00c9 PR\u00c9FECTORAL n\u00b0 2025 \u2013 01 \u2013 002 ELA du 7 f\u00e9vrier 2025\nportant r\u00e9glementation temporaire de la circulation sur les autoroutes A50, A57 et A570\nsur le territoire des communes de Toulon, La Valette-du-Var et La Garde\nLe pr\u00e9fet du Var,\nVu le Code de la route ;\nVu le Code de la voirie routi\u00e8re ;\nVu le d\u00e9cret du 29 novembre 1982 approuvant la convention de concession pass\u00e9e entre l'\u00c9tat et  \nla soci\u00e9t\u00e9 de l'autoroute Est\u00e9rel, C\u00f4te d'Azur, Provence Alpes (ESCOTA) en vue de la construction, \nde l'entretien et de l'exploitation des autoroutes conc\u00e9d\u00e9es et ses avenants ult\u00e9rieurs ;\nVu le d\u00e9cret n\u00b0 2015-1045 du 21 ao\u00fbt 2015 approuvant le transfert de la travers\u00e9e autorouti\u00e8re de  \nToulon entre l'\u00c9tat et la soci\u00e9t\u00e9 des autoroutes Est\u00e9rel, C\u00f4te d'Azur, Provence Alpes (ESCOTA) ;\nVu l'arr\u00eat\u00e9 interminist\u00e9riel du 24 novembre 1967 relatif \u00e0 la signalisation des routes et autoroutes  \net des textes subs\u00e9quents ;\nVu l'arr\u00eat\u00e9 pr\u00e9fectoral n\u00b0 2461 en date du 17 mars 2014, portant approbation du Plan de gestion de \nTrafic de la liaison A50 / A57 et des itin\u00e9raires associ\u00e9s ;\nVu l'arr\u00eat\u00e9 pr\u00e9fectoral n\u00b0 2020-12-001 BR du 16 d\u00e9cembre 2020, portant modification de l'arr\u00eat\u00e9  \npr\u00e9fectoral n\u00b0 2523 du 20 mars 2018, portant r\u00e9glementation de la circulation des v\u00e9hicules de  \ntransport de bois ronds dans le d\u00e9partement du Var ;\nVu l'arr\u00eat\u00e9 pr\u00e9fectoral n\u00b02020-12-001 PC en date du 17 d\u00e9cembre 2020, portant r\u00e9glementation de \nla police de circulation sur l'autoroute A50 ;\nVu l'arr\u00eat\u00e9 pr\u00e9fectoral n\u00b0 2021-03-001 PC en date du 23 mars 2021, portant modification de l'arr\u00eat\u00e9 \npr\u00e9fectoral  n\u00b0  2483  en  date  du  23  f\u00e9vrier  2016,  portant  r\u00e9glementation  de  la  police  de  la \ncirculation sur l'autoroute A57 ;\nVu  l'arr\u00eat\u00e9 pr\u00e9fectoral n\u00b0 2023-06-004 ESC en date du 26 juin 2023, autorisant l'ouverture de  \nchantiers d'entretien courant ou de r\u00e9paration sur les autoroutes A8, A50 et A57 dans la travers\u00e9e \ndu d\u00e9partement du Var ;\nVu l'arr\u00eat\u00e9 pr\u00e9fectoral n\u00b0 2024/41/MCI du 29 octobre 2024 portant d\u00e9l\u00e9gation de signature \u00e0 Mme  \nJos\u00e9phine GUIGLIANO-BOUTONNET, directrice de cabinet du pr\u00e9fet du Var ;\nVu la note technique du 14 avril 2016 du minist\u00e8re de l'Environnement, de l'\u00c9nergie et de la Mer  \n(DGITM/DIT) relative \u00e0 la coordination des chantiers sur le r\u00e9seau routier national (RRN) ;\nVu le r\u00e8glement d'exploitation de la soci\u00e9t\u00e9 des autoroutes ESCOTA en date du 27 juin 2023 ;\nVu la demande de la soci\u00e9t\u00e9 des autoroutes ESCOTA en date du 28 janvier 2025 ;\nVu l'avis favorable de la Direction G\u00e9n\u00e9rale des Infrastructures, des Transports et des Mobilit\u00e9s sur \nle dossier d'exploitation sous chantier n\u00b0 2025-019 en date du 10 janvier 2025 ;\nVu l'avis favorable du conseil d\u00e9partemental du Var en date du 07 f\u00e9vrier 2025 ;\nVu l'avis favorable de la commune de Toulon en date du 29 janvier 2025 ; \nVu l'avis favorable de la commune de La Garde en date du 29 janvier 2025 ; \nVu l'avis favorable de la commune de La Valette-du-Var en date du 29 janvier 2025 ;\nArr\u00eat\u00e9 pr\u00e9fectoral n\u00b0 2025-01-002 ELA                                                                                                                                                            Page 1/8\nPr\u00e9fecture du VAR - 83-2025-02-07-00005 - AP 2025-01-002 ELA du 07 f\u00e9vrier 2025 - police de circulation autoroutes A50 A57 A5708\nConsid\u00e9rant que pour assurer la s\u00e9curit\u00e9 des usagers de l'autoroute, des agents de la soci\u00e9t\u00e9 des  \nautoroutes  Est\u00e9rel,  C\u00f4te  d'Azur,  Provence  Alpes  (ESCOTA)  et  des  personnels  de  l'entreprise \ncharg\u00e9s  d'effectuer  les  travaux  d'\u00e9largissement  \u00e0  deux  fois  trois  voies  de  l'autoroute  A57 ,  il \nconvient de r\u00e9glementer la circulation sur le territoire du d\u00e9partement du Var, sur les autoroutes  \nA50, A57 et A570, dans les deux sens de circulation, les week-ends du vendredi 14 f\u00e9vrier 2025 \u00e0  \npartir de 20h00 jusqu'au lundi 17 f\u00e9vrier 2025 \u00e0 06h00 et du vendredi 21 f\u00e9vrier 2025 \u00e0 20h00  \njusqu'au lundi 24 f\u00e9vrier 2025 \u00e0 06h00.\nLes week-ends du vendredi 28 f\u00e9vrier 2025 \u00e0 20h00 au lundi 03 mars 2025 \u00e0 06h00 et du vendredi  \n07 mars 2025 \u00e0 20h00 au lundi 10 mars 2025 \u00e0 06h00 constituent les week-ends de r\u00e9serve. \nSur proposition de la directrice de cabinet du pr\u00e9fet du Var,\nARR\u00caTE :\nArticle 1  er    : Pour permettre la pose et la d\u00e9pose des s\u00e9parateurs modulaires de voies ainsi que la \nreprise de la signalisation horizontale, la circulation sera r\u00e9glement\u00e9e sur l'autoroute A57 , dans le \nsens Nice vers Toulon, de 21h45 \u00e0 05h00, \u00e0 raison d'une nuit par semaine \u00e0 compter du lundi 10 \nf\u00e9vrier 2025 \u00e0 21h45 jusqu'au vendredi 21 f\u00e9vrier 2025 \u00e0 05h00. \nEn cons\u00e9quence, \u00e0 partir de 21h45 tous les v\u00e9hicules devront sortir obligatoirement au diffuseur  \nN\u00b06 \u00ab La Farl\u00e8de \u00bb, l'entr\u00e9e de ce m\u00eame diffuseur en direction de Toulon sera interdite. \nCes travaux n\u00e9cessitent de mettre en place les itin\u00e9raires de d\u00e9viation suivants :\nPose et d\u00e9pose des s\u00e9parateurs modulaires de voies avant la mise en \u0153uvre de l'enrob\u00e9 d\u00e9finitif\nAutoroute A57\nDans le sens Nice vers Toulon\nDe 21h45 \u00e0 05h00, une nuit par semaine \u00e0 compter du lundi 10 f\u00e9vrier 2025 jusqu'au vendredi 21 \nf\u00e9vrier 2025\n- Sortie obligatoire \u00e0 tous les v\u00e9hicules au diffuseur N\u00b06 \u00ab La Farl\u00e8de \u00bb\n- Fermeture de la bretelle d'entr\u00e9e du diffuseur N\u00b06 \u00ab La Farl\u00e8de \u00bb\nItin\u00e9raires de d\u00e9viation propos\u00e9s     :  \nLes v\u00e9hicules devront obligatoirement sortir au diffuseur N\u00b06 \u00ab  La Farl\u00e8de  \u00bb au PR 8.700,  \nsuivre la direction de Nice, puis prendre la RD67 en direction de La Garde pour rejoindre le  \ndiffuseur N\u00b06 \u00ab La Bastide Verte \u00bb de l'autoroute A570.\nLes v\u00e9hicules devront obligatoirement sortir au diffuseur N\u00b06 \u00ab  La Farl\u00e8de  \u00bb au PR 8.700,  \nsuivrela direction de la RD97 en direction de La Valette-du-Var et reprendre l'autoroute A57 \nau diffuseur N\u00b05 \u00ab La Valette Nord\u00bb en direction de Toulon.\nArticle 2 : En raison des travaux de mise en \u0153uvre de l'enrob\u00e9 d\u00e9finitif sur la section courante de  \nl'autoroute A57 , dans le sens de circulation Nice vers Toulon de Pierre Ronde au PR 6.600 \u00e0 Benoit \nMalon au PR 0.000, du vendredi 14 f\u00e9vrier 2025 \u00e0 partir de 20h00 jusqu'au lundi 17 f\u00e9vrier 2025 \u00e0  \n06h00,  la  circulation  de  tous  les  v\u00e9hicules  sera  r\u00e9glement\u00e9e  avec  les  itin\u00e9raires  de  d\u00e9viation \nsuivants : \nArr\u00eat\u00e9 pr\u00e9fectoral n\u00b0 2025-01-002 ELA                                                                                                                                                            Page 2/8\nPr\u00e9fecture du VAR - 83-2025-02-07-00005 - AP 2025-01-002 ELA du 07 f\u00e9vrier 2025 - police de circulation autoroutes A50 A57 A5709\nAutoroutes A57 et A570\nDans le sens Nice vers Toulon\nFermeture de Pierre Ronde jusqu'\u00e0 La Bigue\ndu vendredi 14 f\u00e9vrier 2025 \u00e0 partir de 20h00 jusqu'au samedi 15 f\u00e9vrier 2025 \u00e0 09h30\n- Sur l'A57 , en provenance de Nice, sortie obligatoire \u00e0 tous les v\u00e9hicules sur A570\n-- Sur l'A570, en provenance de Hy\u00e8res, sortie obligatoire \u00e0 tous les v\u00e9hicules au diffuseur N\u00b06 \u00ab La \nBastide Verte \u00bb\nFermeture de la bretelle d'acc\u00e8s \u00e0 l'autoroute A57 en provenance de Hy\u00e8res (A570)\n(Pierre Ronde)\n- Fermeture de la bretelle d'entr\u00e9e du diffuseur N\u00b05 \u00ab La Valette Nord \u00bb en direction de Toulon\n(La Bigue)\nLa nuit du samedi 15 f\u00e9vrier 2025 \u00e0 20h00 au dimanche 16 f\u00e9vrier 2025 \u00e0 10h00 et les  \nweek-ends du vendredi 21 f\u00e9vrier 2025 \u00e0 20h00 au lundi 24 f\u00e9vrier 2025 \u00e0 06h00 et du  \nvendredi 28 f\u00e9vrier 2025 \u00e0 20h00 au lundi 03 mars 2025 \u00e0 06h00 constituent les  \np\u00e9riodes de r\u00e9serve.\nSens Nice vers Toulon\nItin\u00e9raire de d\u00e9viation pour la nuit du vendredi 14/02/2025 au samedi 15/02/2025     :  \nLes  v\u00e9hicules  devront  obligatoirement  sortir  au  diffuseur  N\u00b0  6  \u00ab La  Bastide  Verte \u00bb  puis \nprendre la RD67 , la RD98 puis la RD86 et rejoindront le diffuseur N\u00b03 \u00ab La Valette Centre \u00bb en \ndirection de Toulon.\nItin\u00e9raire de substitution (IS02) \u00ab     Moyenne maille     \u00bb, pouvant \u00eatre utilis\u00e9 durant les 3 nuits de   \ntravaux, depuis La Farl\u00e8de jusqu'\u00e0 Pont des Gaux     :  \nLes v\u00e9hicules pourront \u00e9galement sortir au diffuseur N\u00b0 6 \u00ab La Farl\u00e8de \u00bb, prendront la RD554, \nla  RD97 ,  l'avenue  de  la  Lib\u00e9ration/D46,  la  D46,  la  route  du  Val  d'Ard\u00e8ne,  l'Avenue  des \nMeuniers,  La  route  de  Tibus  Commoni/D846,  l'Avenue  des  Moulins/D46 ,  le  Chemin  du \nJonquet, l'avenue Louis Bl\u00e9riot, le Quai de la Rivi\u00e8re Neuve, Le Quai Jean Charcot, La rue  \nDescartes et prendront la bretelle d'entr\u00e9e du diffuseur N\u00b015b \u00ab  Br\u00e9gaillon \u00bb sur l'autoroute \nA50 en direction de Marseille.\nAutoroute A57\nDans le sens Nice vers Toulon\nFermeture de La Bigue jusqu'\u00e0 La Palasse\ndu samedi 15 f\u00e9vrier 2025 \u00e0 partir de 19h30 jusqu'au dimanche 16 f\u00e9vrier 2025 \u00e0 10h00\n- Sur l'A57 , en provenance de Nice, sortie obligatoire \u00e0 tous les v\u00e9hicules au diffuseur N\u00b05 \u00ab La \nValette Nord \u00bb\n- Fermeture de la bretelle d'entr\u00e9e du diffuseur N\u00b05 \u00ab La Valette Nord \u00bb en direction de Toulon\n(La Bigue)\n-  Fermeture de la bretelle d'entr\u00e9e du diffuseur N\u00b04 \u00ab La Valette Sud\u00bb en direction de Toulon\n -  Fermeture de la bretelle d'entr\u00e9e du diffuseur N\u00b03 \u00ab La Valette Centre\u00bb en direction de Toulon\n Les week-ends du vendredi 21 f\u00e9vrier 2025 \u00e0 20h00 au lundi 24 f\u00e9vrier 2025 \u00e0 06h00 et  \ndu vendredi 28 f\u00e9vrier 2025 \u00e0 20h00 au lundi 03 mars 2025 \u00e0 06h00 constituent les  \np\u00e9riodes de r\u00e9serve.\nArr\u00eat\u00e9 pr\u00e9fectoral n\u00b0 2025-01-002 ELA                                                                                                                                                            Page 3/8\nPr\u00e9fecture du VAR - 83-2025-02-07-00005 - AP 2025-01-002 ELA du 07 f\u00e9vrier 2025 - police de circulation autoroutes A50 A57 A57010\nSens Nice vers Toulon\nItin\u00e9raire de d\u00e9viation pour la nuit du samedi 15/02/2025 au dimanche 16/02/2025     :  \nLes v\u00e9hicules en provenance de Nice (A57) devront sortir au diffuseur N\u00b05 \u00ab  La Valette  \nNord \u00bb au PR4.400, suivre l'avenue du Mar\u00e9chal Alphonse Juin, l'avenue de l'universit\u00e9 / RD86, \nl'avenue des Fr\u00e8res Lumi\u00e8res, l'avenue Pablo Picasso, l'avenue Paul Val\u00e9ry, la rue Auguste  \nRenoir, la rue Paul C\u00e9zanne, la rue Henri Matisse, le boulevard des Armaris, pour rejoindre le  \ndiffuseur N\u00b0 3 \u00ab  La Valette Centre \u00bb. Puis prendre l'itin\u00e9raire IC 24, depuis le diffuseur N\u00b03  \n\u00ab La  Valette  centre \u00bb,  prendront  le  boulevard  des  Armaris,  Avenue  Joseph  Gasquet,  et \nrejoindront l'entr\u00e9e du diffuseur N\u00b02 \u00ab Toulon-Est \u00bb en direction de Toulon.\nItin\u00e9raire de substitution (IS02) \u00ab     Moyenne maille     \u00bb depuis La Farl\u00e8de jusqu'\u00e0 Pont des Gaux      \npouvant \u00eatre utilis\u00e9 durant les 3 nuits de travaux:\nLes v\u00e9hicules pourront \u00e9galement sortir au diffuseur N\u00b0 6 \u00ab La Farl\u00e8de \u00bb, prendront la RD554, \nla  RD97 ,  l'avenue  de  la  Lib\u00e9ration/D46,  la  D46,  la  route  du  Val  d'Ard\u00e8ne,  l'Avenue  des \nMeuniers,  La  route  de  Tibus  Commoni/D846,  l'Avenue  des  Moulins/D46 ,  le  Chemin  du \nJonquet, l'avenue Louis Bl\u00e9riot, le Quai de la Rivi\u00e8re Neuve, Le Quai Jean Charcot, La rue  \nDescartes et prendront la bretelle d'entr\u00e9e du diffuseur N\u00b015b \u00ab  Br\u00e9gaillon \u00bb sur l'autoroute \nA50 en direction de Marseille.\nAutoroute A57\nDans le sens Nice vers Toulon\nFermeture de Tombadou jusqu'\u00e0 Bon Rencontre\ndu dimanche 16 f\u00e9vrier 2025 \u00e0 partir de 19h00 jusqu'au lundi 17 f\u00e9vrier 2025 \u00e0 06h00\n- Sur l'autoroute A57 , en provenance de Nice, sortie obligatoire \u00e0 tous les v\u00e9hicules au diffuseur \nN\u00b03 \u00ab La Valette Centre \u00bb\n- Fermeture de la bretelle d'entr\u00e9e du diffuseur N\u00b03 \u00ab La Valette centre \u00bb (Tombadou)\n- Fermeture de la bretelle d'entr\u00e9e du diffuseur N\u00b02 \u00ab Toulon Est \u00bb (La Palasse)\nLes week-ends du vendredi 21 f\u00e9vrier 2025 \u00e0 20h00 au lundi 24 f\u00e9vrier 2025 \u00e0 06h00 et  \nle vendredi 28 f\u00e9vrier 2025 \u00e0 20h00 au lundi 03 mars 2025 \u00e0 06h00 constituent les  \np\u00e9riodes de r\u00e9serve.\nSens Nice vers Toulon\nItin\u00e9raire de d\u00e9viation pour la nuit du dimanche 16/02/2025 au lundi 17/02/2025     :  \nLes v\u00e9hicules en provenance de Nice (A57), devront sortir au diffuseur N\u00b03   \u00ab La Valette \nCentre \u00bb,  suivront  l'avenue  Mirasoul\u00e9ou,  l'avenue  du  Colonel  Picot/RD246,  le  boulevard \nMar\u00e9chal Joffre/RD97 , l'avenue Fran\u00e7ois Cuzin, le rond-point Bir Hakeim/RN97 puis la RN97 , \nl'avenue  Philippe  Lebon,  l'avenue  du  Commandant  Marchand,  le  boulevard  Louvois,  le \nboulevard du Commandant Nicolas, le pont Louis Armand, l'avenue Amiral Collet, l'avenue  \ndu G\u00e9n\u00e9ral Nogues, le carrefour Villevieille, l'avenue du Lieutenant d 'Estienne d'Orves et  \nreprendront  la  bretelle  d'entr\u00e9e  du  diffuseur  N\u00b016  \u00ab Toulon  le  port \u00bb  au  PR  68.900  sur \nl'autoroute A50.\nLes v\u00e9hicules d'une hauteur sup\u00e9rieure \u00e0 3.90 m, seront dirig\u00e9s depuis la sortie du diffuseur  \nN\u00b03 \u00ab La Valette centre \u00bb vers le boulevard des Armaris, l'avenue Gasquet / RD 559, l'avenue  \nFran\u00e7ois Cuzin, le rond-point Bir Hakeim/RN97 , la RN97 , l'avenue Philipe Lebon, l'avenue  \nCommandant Marchand, le boulevard Louvois.\nLe boulevard Commandant Nicolas, le pont Louis Armand, l'avenue Amiral Collet, l'avenue  \nG\u00e9n\u00e9ral Nogues, le carrefour Villevieille, l'avenue Estienne d'Orves et reprendront la bretelle \nd'entr\u00e9e du diffuseur N\u00b016 \u00ab Toulon le port \u00bb au PR 68.900 sur  l'autoroute A50.\nArr\u00eat\u00e9 pr\u00e9fectoral n\u00b0 2025-01-002 ELA                                                                                                                                                            Page 4/8\nPr\u00e9fecture du VAR - 83-2025-02-07-00005 - AP 2025-01-002 ELA du 07 f\u00e9vrier 2025 - police de circulation autoroutes A50 A57 A57011\nItin\u00e9raire de substitution (IS02) \u00ab     Moyenne maille     \u00bb, pouvant \u00eatre utilis\u00e9 durant les 3 nuits de   \ntravaux, depuis La Farl\u00e8de jusqu'\u00e0 Pont des Gaux     :  \nLes v\u00e9hicules pourront \u00e9galement sortir au diffuseur N\u00b0 6 \u00ab La Farl\u00e8de \u00bb, prendront la RD554, \nla  RD97 ,  l'avenue  de  la  Lib\u00e9ration/D46,  la  D46,  la  route  du  Val  d'Ard\u00e8ne,  l'Avenue  des \nMeuniers,  La  route  de  Tibus  Commoni/D846,  l'Avenue  des  Moulins/D46 ,  le  Chemin  du \nJonquet, l'avenue Louis Bl\u00e9riot, le Quai de la Rivi\u00e8re Neuve, Le Quai Jean Charcot, La rue  \nDescartes et prendront la bretelle d'entr\u00e9e du diffuseur N\u00b015b \u00ab  Br\u00e9gaillon \u00bb sur l'autoroute \nA50 en direction de Marseille.\nArticle 3 : En raison des travaux de mise en \u0153uvre de l'enrob\u00e9 d\u00e9finitif sur la section courante de  \nl'autoroute A57 , dans le sens de circulation Toulon vers Nice, de Benoit Malon au PR 0.000 \u00e0 Pierre \nRonde au PR 6.600, du vendredi 21 f\u00e9vrier 2025 \u00e0 partir de 20h00 jusqu'au lundi 24 f\u00e9vrier 2025 \u00e0  \n06h00,  la  circulation  de  tous  les  v\u00e9hicules  sera  r\u00e9glement\u00e9e  avec  les  itin\u00e9raires  de  d\u00e9viation \nsuivants: \nAutoroutes A57 et A50\nDans le sens Toulon vers Nice\nFermeture de l'entr\u00e9e du tube sud du tunnel de Toulon jusqu'\u00e0 Tombadou\ndu vendredi 21 f\u00e9vrier 2025 \u00e0 partir de 20h00 jusqu'au samedi 22 f\u00e9vrier 2025 \u00e0 09h30\n- Sur l'autoroute A50, en provenance de Marseille, sortie obligatoire \u00e0 tous les v\u00e9hicules  \nau diffuseur N\u00b016 \u00ab  Toulon le port  \u00bb\n- Fermeture des bretelles d'entr\u00e9e N\u00b017 \u00ab L\u00e9on Bourgeois \u00bb (A50) et N\u00b01 \u00ab Beno\u00eet Malon \u00bb (A57)\nLa nuit du samedi 22 f\u00e9vrier 2025 \u00e0 20h00 au dimanche 23 f\u00e9vrier 2025 \u00e0 10h00 et les  \nweek-ends du vendredi 28 f\u00e9vrier 2025 \u00e0 20h00 au lundi 03 mars 2025 \u00e0 06h00 et le  \nvendredi 07 mars 2025 \u00e0 20h00 au lundi 10 mars 2025 \u00e0 06h00 constituent les p\u00e9riodes  \nde r\u00e9serve.\nSens Toulon vers Nice\nItin\u00e9raire de d\u00e9viation pour la nuit du vendredi 21/02/2025 au samedi 22/02/2025     :  \n1 - itin\u00e9raire de contournement IC 08     :  \nLes  v\u00e9hicules  l\u00e9gers  ne  pouvant  emprunter  le  tunnel  de  Toulon  depuis  l'A50,  devront  suivre \nl'avenue du Lieutenant Estienne d'Orves, la place Julien de la Gravi\u00e8re, la rue Robert Guillemard,  \nl'avenue du G\u00e9n\u00e9ral Magnan, continueront sur l'avenue de la R\u00e9publique et l'avenue Franklin  \nRoosevelt.  Au  rond-point  Bir-Hakeim,  l'avenue  Roger  Devoucoux,  suivront  l'avenue  Fran\u00e7ois  \nCuzin / RD97 puis continueront sur l'avenue du Colonel Picot RD97 / RD 246. Au rond-point  \nprendront l'avenue Mirasoul\u00e9ou et rejoindront le diffuseur N\u00b03 \u00ab  La Valette Centre \u00bb en direction \nde Nice.\n2 \u2013 itin\u00e9raire de contournement IC 09     :  \nLes v\u00e9hicules l\u00e9gers ne pouvant emprunter le tunnel de Toulon depuis l'A50 devront suivre l'avenue \ndu  Lieutenant  d'Estienne  d'Orves,  puis  le  carrefour  Villevieille,  suivront  l'avenue  des  Dardanelles, \ncontinueront  sur  le  boulevard  du  Commandant  Nicolas,  le  Pont  Louis  Armand  puis  l'avenue  du \nCommandant Marchand et continueront sur l'avenue Philippe Lebon, la rue Docteur Louis Puy et  \nl'avenue Roger Devoucoux. Ils prendront le rond-point Bir-Hakeim, l'avenue Roger Devoucoux, suivront \nl'avenue Fran\u00e7ois Cuzin/RD97 , l'avenue du Colonel Picot RD97 /RD 246. Au rond-point, prendront  \nl'avenue Mirasoul\u00e9ou et rejoindront le diffuseur N\u00b0 3 \u00ab La Valette Centre \u00bb en direction de Nice.\nLes v\u00e9hicules d'une hauteur sup\u00e9rieure \u00e0 3.90m, seront dirig\u00e9s vers l'avenue Gasquet / RD 559 \ndepuis l'intersection du boulevard du Mar\u00e9chal Joffre / RD97 et de l'avenue Gasquet / RD 559\nArr\u00eat\u00e9 pr\u00e9fectoral n\u00b0 2025-01-002 ELA                                                                                                                                                            Page 5/8\nPr\u00e9fecture du VAR - 83-2025-02-07-00005 - AP 2025-01-002 ELA du 07 f\u00e9vrier 2025 - police de circulation autoroutes A50 A57 A57012\n3 \u2013 itin\u00e9raire de substitution \u00ab     Moyenne maille     \u00bb du tunnel IS 01     :  \nConform\u00e9ment aux mesures d'exploitation approuv\u00e9es dans le Plan de Gestion du Trafic, les \nusagers qui ne souhaitent pas circuler dans le centre-ville de Toulon en direction de Nice  \nprendront la sortie N\u00b015 , depuis l'A50. Ils rejoindront le Quai Marmora, le Quai Commandant \nRivi\u00e8re, le Chemin du Jonquet, l'Avenue Jean Rouden, l'Avenue des Moulins/RD46, l'Avenue  \ndes Meuniers/RD846, la Route du Val d'Ard\u00e8ne/RD46, la Route de Toulon/RD46, l'Avenue de  \nla Lib\u00e9ration/RD46, l'Avenue Mar\u00e9chal Alphonse Juin/RD98, pour une insertion sur l'A57 par  \nl'entr\u00e9e N\u00b05 \u00ab La Valette nord \u00bb ou ils prendront l'itin\u00e9raire IS03 en suivant la RD97 jusqu'\u00e0 La \nFarl\u00e8de, puis la RD554 pour une insertion sur l'A57 par l'entr\u00e9e N\u00b06 \u00abLa Farl\u00e8de \u00bb en direction \nde Nice.\nItin\u00e9raire de substitution \u00ab     Moyenne maille     \u00bb du tunnel IS 01/03     :  \nConform\u00e9ment aux mesures d'exploitation approuv\u00e9es dans le Plan de Gestion du Trafic, les \nusagers qui ne souhaitent pas circuler dans le centre-ville de Toulon en direction de Nice,  \nprendront la sortie N\u00b0 15 \u00ab  Toulon Ouest \u00bb (Pont des Gaux), depuis l'A50, puis rejoindront le  \nQuai Marmora, le Quai Commandant Rivi\u00e8re, le Chemin du Jonquet, l'Avenue Jean Rouden,  \nl'Avenue des Moulins/RD46, l'Avenue des Meuniers/RD846, la Route du Val d'Ard\u00e8ne/RD46, la \nRoute de Toulon/RD46, l'Avenue de la Lib\u00e9ration/RD46, l'Avenue Mar\u00e9chal Alphonse Juin/RD \n98, pour une insertion sur l'A57 par l'entr\u00e9e N\u00b05  \u00ab La Valette nord \u00bb ou prendront l'itin\u00e9raire \nIS03 en suivant la RD97 jusqu'\u00e0 La Farl\u00e8de, puis la RD554 pour une insertion sur l'A57 par  \nl'entr\u00e9e N\u00b06 \u00ab La Farl\u00e8de \u00bb en direction de Nice.\nAutoroute A57\nDans le sens Toulon vers Nice\nFermeture de Tombadou jusqu'\u00e0 Pierre Ronde\ndu samedi 22 f\u00e9vrier 2025 \u00e0 partir de 19h30 jusqu'au dimanche 23 f\u00e9vrier 2025 \u00e0 10h00\n- Sur l'autoroute A57 , en provenance de Toulon, sortie obligatoire \u00e0 tous les v\u00e9hicules au  \ndiffuseur N\u00b03 \u00ab  La Valette Centre  \u00bb\n- Fermeture de la bretelle d'entr\u00e9e du diffuseur N\u00b03 \u00ab La Valette centre \u00bb (Tombadou)\n- Fermeture de la bretelle d'entr\u00e9e du diffuseur N\u00b04 \u00ab La Valette sud \u00bb (Les Fourches)\n- Fermeture de la bretelle d'entr\u00e9e du diffuseur N\u00b05 \u00ab La Valette Nord\u00bb (La Bigue)\nLes week-ends du vendredi 28 f\u00e9vrier 2025 \u00e0 20h00 au lundi 03 mars 2025 \u00e0 06h00 et le vendredi \n07 mars 2025 \u00e0 20h00 au lundi 10 mars 2025 \u00e0 06h00 constituent les p\u00e9riodes de r\u00e9serve.\nSens Toulon vers Nice\nItin\u00e9raire de d\u00e9viation pour la nuit du samedi 22/02/2025 au dimanche 23/02/2025     :  \nLes v\u00e9hicules ne pouvant continuer sur l'autoroute A57 , prendront la sortie N\u00b03 \u00ab  La Valette \nCentre \u00bb, suivront le Boulevard des Armaris, l'avenue Henry Matisse, l'avenue Paul Valery,  \nl'avenue des Fr\u00e8res Lumi\u00e8res, l'Avenue de l'Universit\u00e9, la RD 98 route de Hy\u00e8res, l'avenue  \nNicolas Fabri Peiresc et reprendront l'A570 direction Nice ou de Hy\u00e8res.\nItin\u00e9raire de substitution \u00ab     Moyenne maille     \u00bb du tunnel IS 01/03     :  \nConform\u00e9ment aux mesures d'exploitation approuv\u00e9es dans le Plan de Gestion du Trafic, les  \nusagers qui ne souhaitent pas circuler dans le centre-ville de Toulon en direction de Nice,  \nprendront la sortie N\u00b0 15 \u00ab  Toulon Ouest \u00bb (Pont des Gaux), depuis l'A50, puis rejoindront le  \nQuai Marmora, le Quai Commandant Rivi\u00e8re, le Chemin du Jonquet, l'Avenue Jean Rouden.  \nL'avenue des Moulins/RD46, l'Avenue des Meuniers/RD846, la Route du Val d'Ard\u00e8ne/RD46, la \nRoute de Toulon/RD46, l'Avenue de la Lib\u00e9ration/RD46, l'Avenue Mar\u00e9chal Alphonse Juin/RD  \n98, pour une insertion sur l'A57 par l'entr\u00e9e N\u00b05  \u00ab La Valette nord \u00bb ou prendront l'itin\u00e9raire \nIS03 en suivant la RD97 jusqu'\u00e0 La Farl\u00e8de, puis la RD554 pour une insertion sur l'A57 par  \nl'entr\u00e9e N\u00b06 \u00ab La Farl\u00e8de \u00bb en direction de Nice.\nArr\u00eat\u00e9 pr\u00e9fectoral n\u00b0 2025-01-002 ELA                                                                                                                                                            Page 6/8\nPr\u00e9fecture du VAR - 83-2025-02-07-00005 - AP 2025-01-002 ELA du 07 f\u00e9vrier 2025 - police de circulation autoroutes A50 A57 A57013\nAutoroutes A57\nDans le sens Toulon vers Nice\nFermeture de Tombadou jusqu'\u00e0 Pierre Ronde\ndu dimanche 23 f\u00e9vrier 2025 \u00e0 partir de 19h00 jusqu'au lundi 24 f\u00e9vrier 2025 \u00e0 06h00\n- Sur l'autoroute A57 , en provenance de Toulon, sortie obligatoire \u00e0 tous les v\u00e9hicules au  \ndiffuseur N\u00b04 \u00ab  La Valette Sud  \u00bb\n- Fermeture de la bretelle d'entr\u00e9e du diffuseur N\u00b04 \u00ab La Valette sud \u00bb (Les Fourches)\n- Fermeture de la bretelle d'entr\u00e9e du diffuseur N\u00b05 \u00ab La Valette Nord \u00bb (La Bigue)\nLes week-ends du vendredi 28 f\u00e9vrier 2025 \u00e0 20h00 au lundi 03 mars 2025 \u00e0 06h00 et le vendredi \n07 mars 2025 \u00e0 20h00 au lundi 10 mars 2025 \u00e0 06h00 constituent les p\u00e9riodes de r\u00e9serve.\nSens Toulon vers Nice\nItin\u00e9raire de d\u00e9viation pour la nuit du dimanche 23/02/2025 au lundi 24/02/2025     :  \nLes v\u00e9hicules ne pouvant continuer sur l'autoroute A57 sortiront au diffuseur N\u00b04 \u00ab La Valette \nSud \u00bb au PR 3.700, prendront la RD98 en direction de La Garde, la RD67 (avenue Antoine  \nBecquerel, avenue de Draguignan, rue de Docteur Schweitzer, et reprendront l'A570 direction \nNice ou de Hy\u00e8res.\nItin\u00e9raire de substitution \u00ab     Moyenne maille     \u00bb du tunnel IS 01/03     :  \nConform\u00e9ment aux mesures d'exploitation approuv\u00e9es dans le Plan de Gestion du Trafic, les  \nusagers qui ne souhaitent pas circuler dans le centre-ville de Toulon en direction de Nice,  \nprendront la sortie N\u00b0 15 \u00ab  Toulon Ouest \u00bb (Pont des Gaux), depuis l'A50, puis rejoindront le  \nQuai Marmora, le Quai Commandant Rivi\u00e8re, le Chemin du Jonquet, l'Avenue Jean Rouden,  \nl'Avenue des Moulins/RD46, l'Avenue des Meuniers/RD846, la Route du Val d'Ard\u00e8ne/RD46, la \nRoute de Toulon/RD46, l'Avenue de la Lib\u00e9ration/RD46, l'Avenue Mar\u00e9chal Alphonse Juin/RD  \n98, pour une insertion sur l'A57 par l'entr\u00e9e N\u00b05  \u00ab La Valette nord \u00bb ou prendront l'itin\u00e9raire \nIS03 en suivant la RD97 jusqu'\u00e0 La Farl\u00e8de, puis la RD554 pour une insertion sur l'A57 par  \nl'entr\u00e9e N\u00b06 \u00ab La Farl\u00e8de \u00bb en direction de Nice.\nArticle 4  :  En cas d'intemp\u00e9ries ou d'al\u00e9as de chantier, les travaux seront report\u00e9s pendant les  \nweek-ends de r\u00e9serve. \nDans ce cas, la pr\u00e9fecture du Var ( pref-derogations-routes@var.gouv.fr), le conseil d\u00e9partemental  \ndu  Var  (P\u00f4le  Provence  M\u00e9diterran\u00e9e  /  Tel  :  04.83.95.17 .00  \u2013  Fax :  04.83.95.17 .05),  la  direction \nd\u00e9partementale des territoires et de la mer du Var, la M\u00e9tropole Toulon Provence M\u00e9diterran\u00e9e et \nla ville de Toulon, La Valette-du-Var et La Garde seront inform\u00e9s 48 heures avant les fermetures  \neffectives.\nArticle 5  : \u00c0 l'issue de l'application de l'enrob\u00e9 d\u00e9finitif et afin d'offrir un maximum de s\u00e9curit\u00e9  \naux usagers et aux personnels \u00e9voluant sur le chantier, les modes d'exploitation retenus sont les  \nsuivants : \n\uf0b7 Les voies seront d\u00e9limit\u00e9es par un marquage d\u00e9finitif de couleur blanc.\n\uf0b7 les largeurs minimales par voie seront port\u00e9es \u00e0  : voie de droite \u00e0 3,50 m, voie m\u00e9diane \u00e0  \n3,00 m et voie de gauche \u00e0 3,00 m.\n\uf0b7 Interdiction de doubler pour les v\u00e9hicules de plus de 3,5 T.\n\uf0b7 la voie r\u00e9serv\u00e9e aux transports en commun (VRTC) sera isol\u00e9e par des c\u00f4nes.\n             Le chantier d'\u00e9largissement de l'A57 n'\u00e9tant pas termin\u00e9 et bien que la signalisation horizontale \nsoit en peinture blanche, la zone est toujours consid\u00e9r\u00e9e comme en travaux : \n\uf0b7 la vitesse maximale autoris\u00e9e est de 70 km/h.\nArr\u00eat\u00e9 pr\u00e9fectoral n\u00b0 2025-01-002 ELA                                                                                                                                                            Page 7/8\nPr\u00e9fecture du VAR - 83-2025-02-07-00005 - AP 2025-01-002 ELA du 07 f\u00e9vrier 2025 - police de circulation autoroutes A50 A57 A57014\nArticle 6 : La signalisation des itin\u00e9raires de d\u00e9viation et du jalonnement est constitu\u00e9e, au d\u00e9but  \nde l'itin\u00e9raire, par un panneau de confirmation de d\u00e9viation du type KD62 et par une signalisation \nde jalonnement aux premiers changements de direction, carrefours importants ou ambigus et aux  \nintersections.\nDans  le  cas  o\u00f9  l'avancement  du  chantier  n\u00e9cessiterait  des  fermetures  suppl\u00e9mentaires  non  \npr\u00e9vues \u00e0 cet arr\u00eat\u00e9, ces derni\u00e8res feront l'objet d'arr\u00eat\u00e9s sp\u00e9cifiques.\nArticle 7 : Une information concernant l'avancement des travaux ainsi que le planning pr\u00e9visionnel \ndes fermetures sera transmise pendant le week-end de travaux aux destinataires suivants :\n\uf0b7 Pr\u00e9fecture du Var (pref-derogations-routes@var.gouv.fr)\n\uf0b7 Conseil d\u00e9partemental du Var (bce@var.fr)\n\uf0b7 Direction d\u00e9partementale des territoires et de la mer du Var\n\uf0b7 M\u00e9tropole Toulon Provence M\u00e9diterran\u00e9e\nArticle 8  : Les signalisations temporaires et l'information des usagers,  r\u00e9pondant \u00e0 la description  \ndu pr\u00e9sent arr\u00eat\u00e9, sont mises en place, entretenues et surveill\u00e9es par les services d'exploitation de  \nla soci\u00e9t\u00e9 des autoroutes Est\u00e9rel, C\u00f4te d'Azur, Provence, Alpes (ESCOTA) , ou leurs partenaires,  \npendant toute la p\u00e9riode des travaux.\nLes  usagers  sont  inform\u00e9s  des  travaux  par  l'affichage  de  messages  sur  Panneau  \u00e0  Messages  \nVariables  (PMV)  sur  les  autoroutes  A50  et  A57  et  par  la  diffusion  de  messages  Radio  Vinci \nAutoroutes (107 .7).\nArticle 9 : Au regard des contraintes de phasage, l'arr\u00eat\u00e9 pr\u00e9fectoral n\u00b0 2023-06-004 en date du 26 \njuin  2023  autorisant  l'ouverture  de  chantiers  d'entretien  courant  ou  de  r\u00e9paration  sur  les  \nautoroutes A8, A50 et A57 dans la travers\u00e9e du d\u00e9partement du Var est d\u00e9rog\u00e9 comme suit :\n- L'inter-distance  de  jour  comme  de  nuit  avec  tout  chantier  n\u00e9cessaire  \u00e0  l'entretien  des  \nautoroutes A8, A50 et A57 pourra \u00eatre ramen\u00e9e \u00e0 z\u00e9ro (0) kilom\u00e8tre pendant la dur\u00e9e de ces  \ntravaux.\n- En d\u00e9rogation au calendrier des jours hors chantier  et aux horaires qui y sont aff\u00e9rents, les  \nbalisages de fermetures et de sorties obligatoires pourront \u00eatre pos\u00e9s entre le samedi 20h00 et \nle lundi 06h00.\nArticle 10     :   La directrice de cabinet du pr\u00e9fet du Var, le pr\u00e9sident du conseil d\u00e9partemental du  \nVar, le commandant du groupement de gendarmerie d\u00e9partementale du Var, le directeur de la  \ndirection interd\u00e9partementale de la police nationale du Var, le chef du d\u00e9tachement de Toulon de \nla CRS autorouti\u00e8re Provence, le directeur d\u00e9partemental des services d'incendie et de secours du \nVar, les maires des communes de Toulon, La Valette-du-Var et La Garde, le directeur de la soci\u00e9t\u00e9  \ndes autoroutes Est\u00e9rel, C\u00f4te d'Azur, Provence Alpes, sont charg\u00e9s, chacun en ce qui le concerne,  \nde l'ex\u00e9cution du pr\u00e9sent arr\u00eat\u00e9 qui est publi\u00e9 au recueil des actes administratifs de la pr\u00e9fecture  \ndu Var.\nFait \u00e0 Toulon, le 7 f\u00e9vrier 2025\n                                                                      Pour le Pr\u00e9fet et par d\u00e9l\u00e9gation, \n                                                              La cheffe du service \n                                                           de l'\u00e9ducation et de la s\u00e9curit\u00e9 routi\u00e8res\n                                                             sign\u00e9 :  Sophie BARASTIER\nConform\u00e9ment aux dispositions de l'article R. 421-1 et suivants du Code de justice administrative, le pr\u00e9sent arr\u00eat\u00e9 peut faire l'objet dans  \nun d\u00e9lai de deux mois \u00e0 compter de sa parution :\n\u2013  d'un recours administratif (recours gracieux aupr\u00e8s du pr\u00e9fet du Var ou recours hi\u00e9rarchique aupr\u00e8s du ministre de l'Int\u00e9rieur)\n\u2013 d'un recours contentieux devant le tribunal administratif de Toulon. Le tribunal administratif peut \u00eatre saisi par l'application informatique \n\u00ab T\u00e9l\u00e9recours citoyens \u00bb accessible par le site Internet www.telerecours.fr\nArr\u00eat\u00e9 pr\u00e9fectoral n\u00b0 2025-01-002 ELA                                                                                                                                                            Page 8/8\nPr\u00e9fecture du VAR - 83-2025-02-07-00005 - AP 2025-01-002 ELA du 07 f\u00e9vrier 2025 - police de circulation autoroutes A50 A57 A57015","date":"2025-02-10","first_seen_on":"2025-02-10T17:29:50+00:00","id":"b728658885d171d165c305d6db4801ac58748d774e91ecf5e903dd3dc82e085b","name":"RAA N\u00b040 du 10 f\u00e9vrier 2025","pdf_creation_date":"2025-02-10T16:26:08+00:00","pdf_modification_date":null,"timezone":"CET","url":"https://www.var.gouv.fr/contenu/telechargement/39176/257600/file/RAA%20N%C2%B040%20du%2010%20f%C3%A9vrier%202025.pdf"}
