{"administration":"pref80","administration_name":"Pr\u00e9fecture de la Somme","content":"PR\u00c9FET\nDE LA SOMME\nRECUEIL DES ACTES\nADMINISTRATIFS SP\u00c9CIAL\n(NOMINATIFS)\nN\u00b02025-093\nPUBLI\u00c9 LE 15 MAI 2025\nSommaire\nDirection d\u00e9partementale de l'emploi, du travail et des solidarit\u00e9s de\nla Somme (DDETS Somme) /\n80-2025-05-13-00003 - R\u00e9c\u00e9piss\u00e9 de d\u00e9claration modificative SAP \nG\u00e9raldine PHILIPPE (2 pages) Page 3\n80-2025-05-13-00002 - R\u00e9c\u00e9piss\u00e9 de d\u00e9claration SAP L\u00e9o\nSAMARAN (2 pages) Page 6\n80-2025-05-12-00002 - R\u00e9c\u00e9piss\u00e9 de d\u00e9claration SAP Willy RASSE (2\npages) Page 9\nDirection des Services D\u00e9partementaux de l'Education Nationale /\n80-2025-05-06-00002 - Arr\u00eat\u00e9 de composition de la commission\nd\u00e9partementale d'appel des d\u00e9cisions relatives \u00e0 la poursuite de la\nscolarit\u00e9 \u00e0 l'\u00e9cole primaire (1 page) Page 12\nPr\u00e9fecture de la Somme - Cabinet /\n80-2025-05-15-00001 - AP 25 030 Arr\u00eat\u00e9 portant autorisation acc\u00e8s\nimages vid\u00e9oprotection Flixecourt (1 page) Page 14\nService Departemental d'Incendie et de Secours /\n80-2025-04-15-00011 - Arr\u00eat\u00e9 portant nomination au grade de Lieutenant\n1\u00e8re classe - Jean-Baptiste TUNCQ (2 pages) Page 16\n80-2025-04-22-00007 - Arr\u00eat\u00e9 portant nomination au grade de\nLieutenant 1\u00e8re classe - Maxime LEPERS (2 pages) Page 19\n2\nDirection d\u00e9partementale de l'emploi, du travail\net des solidarit\u00e9s de la Somme (DDETS Somme)\n80-2025-05-13-00003\nR\u00e9c\u00e9piss\u00e9 de d\u00e9claration modificative SAP \nG\u00e9raldine PHILIPPE\nDirection d\u00e9partementale de l'emploi, du travail et des solidarit\u00e9s de la Somme (DDETS Somme) - 80-2025-05-13-00003 - R\u00e9c\u00e9piss\u00e9 de\nd\u00e9claration modificative SAP  G\u00e9raldine PHILIPPE 3\nBC Tk COMME Direction d\u00e9partementale de l'emploi,Libert\u00e9 du travail et des solidarit\u00e9s de la Somme\u00c9galit\u00e9Fraternit\u00e9Chevalier de la L\u00e9gion d'HonneurOfficier de l'Ordre National du M\u00e9rite\nR\u00e9c\u00e9piss\u00e9 de d\u00e9claration modificatived'un organisme de services \u00e0 la personneenregistr\u00e9 sous le N\u00b0 SAP845099738Vu le code du travail et notamment les articles L.7231-1 \u00e0 L.7233-2, R.7232-16 \u00e0 R.7232-22, D.7231-1et D.7233-1 \u00e0 D.7233-5 ;\nLe pr\u00e9fet de la SommeConstate :Qu'une d\u00e9claration modificative d'activit\u00e9s de services \u00e0 la personne a \u00e9t\u00e9 d\u00e9pos\u00e9e aupr\u00e8s duservice instructeur de la Somme, le 12/05/2025 par madame G\u00e9raldine PHILIPPE, en qualit\u00e9 dedirigeant(e), pour l'organisme CH'EST TOUT PROPRE dont l'\u00e9tablissement principal est situ\u00e9 26 rueJules Ferry - 80 110 BERTEAUCOURT-LES-THENNES et enregistr\u00e9 sous le N\u00b0 SAP845099738 pour lesactivit\u00e9s suivantes :e Entretien de la maison et travaux m\u00e9nagers (mode d'intervention Prestataire)\u00a2 Petits travaux de jardinage (mode d'intervention Prestataire)e Travaux de petit bricolage (mode d'intervention Prestataire)\u00ab Maintenance, entretien et vigilance temporaires \u00e0 domicile (mode d'intervention Prestataire). Assistance administrative \u00e0 domicile (mode d'intervention Prestataire).\nToute modification concernant les activit\u00e9s exerc\u00e9es devra faire l'objet d'une d\u00e9clarationmodificative pr\u00e9alable.Sous r\u00e9serve d'\u00eatre exerc\u00e9es \u00e0 titre exclusif (ou sous r\u00e9serve d'une comptabilit\u00e9 s\u00e9par\u00e9e pour lespersonnes morales dispens\u00e9es de cette condition), ces activit\u00e9s ouvrent droit au b\u00e9n\u00e9fice desdispositions des articles L. 7233-2 du code du travail et L.241-10 du code de la s\u00e9curit\u00e9 sociale dansles conditions pr\u00e9vues par ces articles.Les effets de la d\u00e9claration courent \u00e0 compter du jour du d\u00e9p\u00f4t de la d\u00e9claration sous r\u00e9serve desdispositions de l'article R.7232-18 du code du travail. Le pr\u00e9sent r\u00e9c\u00e9piss\u00e9 n'est pas limit\u00e9 dans letemps. La d\u00e9claration a une port\u00e9e nationale.Le cas \u00e9ch\u00e9ant :En application des articles L.7232-1 et R.7232-1 \u00e0 R.7232-15, les activit\u00e9s n\u00e9cessitant un agr\u00e9ment(article D.7231-1 du code du travail) n'ouvrent droit a ces dispositions que si l'organisme apr\u00e9alablement obtenu l'agr\u00e9ment ou le renouvellement de cet agr\u00e9ment dans le ou lesd\u00e9partement(s) d'exercice de ses activit\u00e9s.De m\u00eame, en application de l'article D.312-6-2 du code de l'action sociale et des familles, les activit\u00e9sn\u00e9cessitant une autorisation n'ouvrent droit \u00e0 ces dispositions que si l'organisme a pr\u00e9alablementobtenu l'autorisation ou le renouvellement de cette autorisation. |L'enregistrement de la d\u00e9claration peut \u00eatre retir\u00e9 dans les conditions fix\u00e9es aux articles R.7232-20\u00e0 R.7232-22 du code du travail.Le pr\u00e9sent r\u00e9c\u00e9piss\u00e9 sera publi\u00e9 au recueil des actes administratifs de la pr\u00e9fecture.\nDirection d\u00e9partementale de l'emploi, du travail et des solidarit\u00e9s de la Somme (DDETS 80)40 rue de la Vall\u00e9e \u2014 BP 71 710 - 80 017 AMIENS - standard 03 64 26 88 00ddets-sap@somme.gouv.fr\nDirection d\u00e9partementale de l'emploi, du travail et des solidarit\u00e9s de la Somme (DDETS Somme) - 80-2025-05-13-00003 - R\u00e9c\u00e9piss\u00e9 de\nd\u00e9claration modificative SAP  G\u00e9raldine PHILIPPE 4\nLe pr\u00e9sent r\u00e9c\u00e9piss\u00e9 peut, \u00e0 compter de sa notification, faire l'objet d'un recours gracieux aupr\u00e8sservice instructeur de la Somme ou d'un recours hi\u00e9rarchique adress\u00e9 au ministre charg\u00e9 del'\u00e9conomie - Direction g\u00e9n\u00e9rale des entreprises - sous-direction des services marchands, 61Boulevard Vincent Auriol, 75 703 PARIS CEDEX 13.\nIl peut \u00e9galement faire l'objet d'un recours contentieux dans un d\u00e9lai de deux mois \u00e0 compter desa notification aupr\u00e8s du tribunal administratif .Le tribunal administratif peut aussi \u00eatre saisi par l'application informatique \u00ab T\u00e9l\u00e9recours citoyen \u00bbaccessible sur le site internet http://www.telerecours.fr/En cas de rejet du recours gracieux ou hi\u00e9rarchique ou en l'absence de r\u00e9ponse \u00e0 ce recours (rejetimplicite), un recours contentieux devant le tribunal administratif peut \u00e9galement \u00eatre form\u00e9contre la d\u00e9cision initiale dans un d\u00e9lai de deux mois \u00e0 compter de ce rejet.\nFait \u00e0 Amiens, le 13/05/2025\nDirection D\u00e9pariemen |qu Traval 6 et des al date 3 5 de a Sone Pour Ne preret et par d\u00e9l\u00e9gation,| ET 93 64 26 BB 00 OO dela ot ETS de =\nsn.\nL\u00e6titia CRETON\nDirection d\u00e9partementale de l'emploi, du travail et des solidarit\u00e9s de la Somme (DDETS Somme) - 80-2025-05-13-00003 - R\u00e9c\u00e9piss\u00e9 de\nd\u00e9claration modificative SAP  G\u00e9raldine PHILIPPE 5\nDirection d\u00e9partementale de l'emploi, du travail\net des solidarit\u00e9s de la Somme (DDETS Somme)\n80-2025-05-13-00002\nR\u00e9c\u00e9piss\u00e9 de d\u00e9claration SAP L\u00e9o SAMARAN\nDirection d\u00e9partementale de l'emploi, du travail et des solidarit\u00e9s de la Somme (DDETS Somme) - 80-2025-05-13-00002 - R\u00e9c\u00e9piss\u00e9 de\nd\u00e9claration SAP L\u00e9o SAMARAN 6\ni  Direction d\u00e9partementale de l'emploi,Libert\u00e9 du travail et des solidarit\u00e9s de la Somme\u00c9galit\u00e9Fraternit\u00e9Chevalier de la L\u00e9gion d'HonneurOfficier de l'Ordre National du M\u00e9rite\nR\u00e9c\u00e9piss\u00e9 de d\u00e9clarationd'un organisme de services \u00e0 la personneenregistr\u00e9 sous le N\u00b0 SAP952806339\nVu le code du travail et notamment les artes L.7231-1 \u00e0 L.7233-2, R.7232-16 \u00e0 R.7232-22, D. 7231 -1et D.7233-1 \u00e0 D.7233-5 ;\nLe pr\u00e9fet de la SommeConstate :Qu'une d\u00e9claration d'activit\u00e9s de services a la personne a \u00e9t\u00e9 d\u00e9pos\u00e9e aupr\u00e8s du serviceinstructeur de la Somme, le 13/05/2025 par monsieur L\u00e9o SAMARAN, en qualit\u00e9 de dirigeant (e),pour l'organisme dont l'\u00e9tablissement principal est situ\u00e9 27 rue Saint-Sauveur \u2014 80 200 PERONNEet enregistr\u00e9 sous le N\u00b0 SAP952806339 pour les activit\u00e9s suivantes :e Petits travaux de jardinage (mode d'intervention Prestataire).\nToute modification concernant les activit\u00e9s exerc\u00e9es devra faire l'objet d'une d\u00e9clarationmodificative pr\u00e9alable.Sous r\u00e9serve d'\u00eatre exerc\u00e9es \u00e0 titre exclusif (ou sous r\u00e9serve d'une comptabilit\u00e9 s\u00e9par\u00e9e pour lespersonnes morales dispens\u00e9es de cette condition), ces activit\u00e9s ouvrent droit au b\u00e9n\u00e9fice desdispositions des articles L. 7233-2 du code du travail et L.241-10 du code de la s\u00e9curit\u00e9 sociale dansles conditions pr\u00e9vues par ces articles.Les effets de la d\u00e9claration courent \u00e0 compter du jour du d\u00e9p\u00f4t de la d\u00e9claration sous r\u00e9serve desdispositions de l'article R.7232-18 du code du travail. Le pr\u00e9sent r\u00e9c\u00e9piss\u00e9 n'est pas limit\u00e9 dans letemps. La d\u00e9claration a une port\u00e9e nationale.Le cas \u00e9ch\u00e9ant :En application des articles L.7232-1 et R.7232-1 \u00e0 R.7232-15, les activit\u00e9s n\u00e9cessitant un agr\u00e9ment(article D.7231-1 du code du travail) n'ouvrent droit \u00e0 ces dispositions que si l'organisme apr\u00e9alablement obtenu l'agr\u00e9ment ou le renouvellement de cet agr\u00e9ment dans le ou lesd\u00e9partement(s) d'exercice de ses activit\u00e9s.De m\u00eame, en application de l'article D.312-6-2 du code de l'action sociale et des familles, les activit\u00e9sn\u00e9cessitant une autorisation n'ouvrent droit \u00e0 ces dispositions que si l'organisme a pr\u00e9alablementobtenu l'autorisation ou le renouvellement de cette autorisation.L'enregistrement de la d\u00e9claration peut \u00eatre retir\u00e9 dans les conditions fix\u00e9es aux articles R.7232-20\u00e0 R.7232-22 du code du travail.Le pr\u00e9sent r\u00e9c\u00e9piss\u00e9 sera publi\u00e9 au recueil des actes administratifs de la pr\u00e9fecture.Le pr\u00e9sent r\u00e9c\u00e9piss\u00e9 peut, \u00e0 compter de sa notification, faire l'objet d'un recours gracieux aupr\u00e8sservice instructeur de la Somme ou d'un recours hi\u00e9rarchique adress\u00e9 au ministre charg\u00e9 del'\u00e9conomie - Direction g\u00e9n\u00e9rale des entreprises - sous-direction des services marchands, 61Boulevard Vincent Auriol, 75 703 PARIS CEDEX 13.\nDirection d\u00e9partementale de l'emploi, du travail et des solidarit\u00e9s de la Somme (DDETS 80)40 rue de la Vall\u00e9e \u2014 BP 71 710 - 80 017 AMIENS - standard 03 64 26 88 00\nDirection d\u00e9partementale de l'emploi, du travail et des solidarit\u00e9s de la Somme (DDETS Somme) - 80-2025-05-13-00002 - R\u00e9c\u00e9piss\u00e9 de\nd\u00e9claration SAP L\u00e9o SAMARAN 7\nIl peut \u00e9galement faire l'objet d'un recours contentieux dans un d\u00e9lai de deux mois a compter desa notification aupr\u00e8s du tribunal administratif .Le tribunal administratif peut aussi \u00eatre saisi par l'application informatique \u00ab T\u00e9l\u00e9recours citoyen \u00bbaccessible sur le site internet http://www.telerecours.fr/En cas de rejet du recours gracieux ou hi\u00e9rarchique ou en l'absence de r\u00e9ponse \u00e0 ce recours (rejet'implicite), un recours contentieux devant le tribunal administratif peut \u00e9galement \u00eatre form\u00e9- contre la d\u00e9cision initiale dans un d\u00e9lai de deux mois \u00e0 compter de ce rejet.\nFait \u00e0 Amiens, le 13/05/2025\nDirection D\u00e9partementale de l'Emploi,ge at at das Balidetida da to Camera Pour le pr\u00e9fet et par d\u00e9l\u00e9gation,du Travail et des Solidarit\u00e9s de la Somme, dadirec hice d\u00e9partementale40, rue de la Vall\u00e9e 80000 AMIENS a\" de la DDETS de la laser\n\\\\. L\u00e6titia CRETON\nDirection d\u00e9partementale de l'emploi, du travail et des solidarit\u00e9s de la Somme (DDETS Somme) - 80-2025-05-13-00002 - R\u00e9c\u00e9piss\u00e9 de\nd\u00e9claration SAP L\u00e9o SAMARAN 8\nDirection d\u00e9partementale de l'emploi, du travail\net des solidarit\u00e9s de la Somme (DDETS Somme)\n80-2025-05-12-00002\nR\u00e9c\u00e9piss\u00e9 de d\u00e9claration SAP Willy RASSE\nDirection d\u00e9partementale de l'emploi, du travail et des solidarit\u00e9s de la Somme (DDETS Somme) - 80-2025-05-12-00002 - R\u00e9c\u00e9piss\u00e9 de\nd\u00e9claration SAP Willy RASSE 9\nSe LOMME Direction d\u00e9partementale de l'emploi,Libert\u00e9 du travail et des solidarit\u00e9s de la Somme\u00c9galit\u00e9Fraternit\u00e9Chevalier de la L\u00e9gion d'HonneurOfficier de l'Ordre National du M\u00e9rite\nR\u00e9c\u00e9piss\u00e9 de d\u00e9clarationd'un organisme de services \u00e0 la personneenregistr\u00e9 sous le N\u00b0 SAP802348433\nVu le code du travail et notamment les articles L.7231-1 \u00e0 L.7233-2, R.7232-16 \u00e0 R.7232-22, D.7231-1et D.7233-1 \u00e0 D.7233-5;\nLe pr\u00e9fet de la SommeConstate :Qu'une d\u00e9claration d'activit\u00e9s de services \u00e0 la personne a \u00e9t\u00e9 d\u00e9pos\u00e9e aupr\u00e8s du serviceinstructeur de la Somme, le 04/04/2025 par monsieur Willy RASSE, en qualit\u00e9 de dirigeant, pourl'organisme El RASSE WILLY dont l'\u00e9tablissement principal est situ\u00e9 89 rue du petit Pend\u00e9 - 80 230PEND\u00c9 et enregistr\u00e9 sous le N\u00b0 SAP802348433 pour les activit\u00e9s suivantes :\u00a2 Petits travaux de jardinage (mode d'intervention Prestataire)e Travaux de petit bricolage (mode d'intervention Prestataire).Toute modification concernant les activit\u00e9s exerc\u00e9es devra faire l'objet d'une d\u00e9clarationmodificative pr\u00e9alable.Sous r\u00e9serve d'\u00eatre exerc\u00e9es \u00e0 titre exclusif (ou sous r\u00e9serve d'une comptabilit\u00e9 s\u00e9par\u00e9e pour lespersonnes morales dispens\u00e9es de cette condition), ces activit\u00e9s ouvrent droit au b\u00e9n\u00e9fice desdispositions des articles L. 7233-2 du code du travail et L.241-10 du code de la s\u00e9curit\u00e9 sociale dansles conditions pr\u00e9vues par ces articles.Les effets de la d\u00e9claration courent \u00e0 compter du jour du d\u00e9p\u00f4t de la d\u00e9claration sous r\u00e9serve desdispositions de l'article R.7232-18 du code du travail. Le pr\u00e9sent r\u00e9c\u00e9piss\u00e9 n'est pas limit\u00e9 dans letemps. La d\u00e9claration a une port\u00e9e nationale.Le cas \u00e9ch\u00e9ant :En application des articles L.7232-1 et R.7232-1 \u00e0 R.7232-15, les activit\u00e9s n\u00e9cessitant un agr\u00e9ment(article D.7231-1 du code du travail) n'ouvrent droit \u00e0 ces dispositions que si l'organisme a :pr\u00e9alablement obtenu l'agr\u00e9ment ou le renouvellement de cet agr\u00e9ment dans le ou lesd\u00e9partement(s) d'exercice de ses activit\u00e9s.. De m\u00eame, en application de l'article D.312-6-2 du code de l'action sociale et des familles, les activit\u00e9sn\u00e9cessitant une autorisation n'ouvrent droit \u00e0 ces dispositions que si l'organisme a pr\u00e9alablementobtenu l'autorisation ou le renouvellement de cette autorisation.L'enregistrement de la d\u00e9claration peut \u00eatre retir\u00e9 dans les conditions fix\u00e9es aux articles R.7232-20a R.7232-22 du code du travail.Le pr\u00e9sent r\u00e9c\u00e9piss\u00e9 sera publi\u00e9 au recueil des actes administratifs de la pr\u00e9fecture.Le pr\u00e9sent r\u00e9c\u00e9piss\u00e9 peut, \u00e0 compter de sa notification, faire l'objet d'un recours gracieux aupr\u00e8sservice instructeur de la Somme ou d'un recours hi\u00e9rarchique adress\u00e9 au ministre charg\u00e9 del'\u00e9conomie - Direction g\u00e9n\u00e9rale des entreprises - sous-direction des services marchands, 61Boulevard Vincent Auriol, 75 703 PARIS CEDEX 13.\nDirection d\u00e9partementale de l'emploi, du travail et des solidarit\u00e9s de la Somme (DDETS 80)40 rue de la Vall\u00e9e - BP 71 710 - 80 017 AMIENS - standard 03 64 26 88 00ddets-sap@somme.qouv.fr\nDirection d\u00e9partementale de l'emploi, du travail et des solidarit\u00e9s de la Somme (DDETS Somme) - 80-2025-05-12-00002 - R\u00e9c\u00e9piss\u00e9 de\nd\u00e9claration SAP Willy RASSE 10\nIl peut \u00e9galement faire l'objet d'un recours contentieux dans un d\u00e9lai de deux mois a compter desa notification aupr\u00e8s du tribunal administratif .Le tribunal administratif peut aussi \u00eatre saisi par l'application informatique \u00ab T\u00e9l\u00e9recours citoyen \u00bbaccessible sur le site internet http://www.telerecours.fr/En cas de rejet du recours gracieux ou hi\u00e9rarchique ou en l'absence de r\u00e9ponse \u00e0 ce recours (rejetimplicite), un recours contentieux devant le tribunal administratif peut \u00e9galement \u00eatre form\u00e9contre la d\u00e9cision initiale dans un d\u00e9lai de deux mois \u00e0 compter de ce rejet.\nFait \u00e0 Amiens, le 12/05/2025\nspartementale de l'Emploi,Direction Pour le pr\u00e9fet et par d\u00e9l\u00e9gation,a Travail et des Solidarites dE l\u00e0 L\" \" \u00e0 de la Vall\u00e9e 80000 AMIENS | a panes d\u00e9partementaleTal, 03 64 26 88 00 \u2014- op\nL\u00e6titia CRETON\nDirection d\u00e9partementale de l'emploi, du travail et des solidarit\u00e9s de la Somme (DDETS Somme) - 80-2025-05-12-00002 - R\u00e9c\u00e9piss\u00e9 de\nd\u00e9claration SAP Willy RASSE 11\nDirection des Services D\u00e9partementaux de\nl'Education Nationale\n80-2025-05-06-00002\nArr\u00eat\u00e9 de composition de la commission\nd\u00e9partementale d'appel des d\u00e9cisions relatives \u00e0\nla poursuite de la scolarit\u00e9 \u00e0 l'\u00e9cole primaire\nDirection des Services D\u00e9partementaux de l'Education Nationale - 80-2025-05-06-00002 - Arr\u00eat\u00e9 de composition de la commission\nd\u00e9partementale d'appel des d\u00e9cisions relatives \u00e0 la poursuite de la scolarit\u00e9 \u00e0 l'\u00e9cole primaire 12\nAC AD E M i FE Direction des services d\u00e9partementauxde l'\u00e9ducation nationaleD'AM | E N S de la SommeLibert\u00e9\u00c9galit\u00e9Fraternit\u00e9\nCOMMISSION DEPARTEMENTALE D'APPEL DES DECISIONS RELATIVESALA POURSUITE DE LA SCOLARITE A L'ECOLE PRIMAIRE\nVu les articles D 321-6 et notamment D 321-8 du code de l'\u00e9ducationVu l'arr\u00eat\u00e9 du 5 d\u00e9cembre 2005 relatif \u00e0 la composition, la commission d'appel s'\u00e9tablit comme suit :\nl'inspecteur d'acad\u00e9mie, directeur acad\u00e9mique des services de l'\u00e9ducation nationale de la Somme : M. Philippe Destableou, en son absence,l'adjointe au directeur acad\u00e9mique des services de l'\u00e9ducation nationale de la Somme en charge du premier degr\u00e9 :Mme Suzanne Taffinun inspecteur de l'\u00e9ducation nationale responsable d'une circonscription du 1\u00b0 degr\u00e9 : M. Fr\u00e9d\u00e9ric Charmesdeux directeurs d'\u00e9cole : Mme Anne-Claire JouyM. Christophe Delplacedeux enseignants du 1\u00b0 degr\u00e9 : Mme Pauline NibasMme Virginie Cailleuxun psychologue de l'\u00e9ducation nationale : Mme Sophie Andretun m\u00e9decin de l'\u00e9ducation nationale : Dr Sophie Bontempsun principal de coll\u00e8ge : Mme Sophie Turpinun professeur du second degr\u00e9 enseignant au coll\u00e8ge : Mme Christiane Deregnaucourttrois repr\u00e9sentants de parents d'\u00e9l\u00e8ves :- FCPE: Mme S\u00e9verine MorinMme Julie PetitPEEP : Mme Christ\u00e8le Houz\u00e9\ncharg\u00e9e du suivi du dossier : Mme Caroline Roussel, conseill\u00e8re p\u00e9dagogique et technique aupr\u00e8s de l'A-DASEN.\nFait a Amiens, le 6 mai 2025L'inspecteur d'acad\u00e9mie,directeur acad\u00e9mique des servicesde l'\u00e9ducation nationale de la Somme\n~\"\" Philippe Destable\nDirection des Services D\u00e9partementaux de l'Education Nationale - 80-2025-05-06-00002 - Arr\u00eat\u00e9 de composition de la commission\nd\u00e9partementale d'appel des d\u00e9cisions relatives \u00e0 la poursuite de la scolarit\u00e9 \u00e0 l'\u00e9cole primaire 13\nPr\u00e9fecture de la Somme - Cabinet\n80-2025-05-15-00001\nAP 25 030 Arr\u00eat\u00e9 portant autorisation acc\u00e8s\nimages vid\u00e9oprotection Flixecourt\nPr\u00e9fecture de la Somme - Cabinet - 80-2025-05-15-00001 - AP 25 030 Arr\u00eat\u00e9 portant autorisation acc\u00e8s images vid\u00e9oprotection\nFlixecourt 14\n| Arr\u00eat\u00e9 CAB/BSI/PA n\u00b0 25/258PREFETDE LA SOMMELibert\u00e9 aEgalit\u00e9Fraternit\u00e9 ARR\u00caT\u00c9Portant autorisation d'acc\u00e9der aux images de vid\u00e9oprotection| LE PR\u00c9FET DE LA SOMMECHEVALIER DE LA L\u00c9GION D'HONNEUROFFICIER DE L'ORDRE NATIONAL DU M\u00c9RITEVu le code de la s\u00e9curit\u00e9 int\u00e9rieure ;Vu le d\u00e9cret du 13 juillet 2023 portant nomination du pr\u00e9fet de la Somme, M. Rollon MOUCHEL-BLAISOT ;Vu le d\u00e9cret du 3 janvier 2024 nommant M. Victor JOZON sous-pr\u00e9fet, directeur de cabinet du pr\u00e9fetde la Somme ;Vu l'arr\u00eat\u00e9 minist\u00e9riel du 03 ao\u00fbt 2007 portant d\u00e9finition des normes techniques des syst\u00e8mes devid\u00e9oprotection et ses annexes techniques ;'Vu l'arr\u00eat\u00e9 pr\u00e9fectoral du 07 avril 2025 portant d\u00e9l\u00e9gation de signature \u00e0 M. Victor JOZON sous-pr\u00e9fet, directeur de cabinet du pr\u00e9fet de la Somme ;Vu l'arr\u00eat\u00e9 pr\u00e9fectoral du 15 d\u00e9cembre 2021 portant autorisation d'un syst\u00e8me de vid\u00e9oprotection ;Vu la demande d'acc\u00e9der aux images formul\u00e9e par la commune de Flixecourt en date du 14 mai2025 ;Sur proposition du sous-pr\u00e9fet, directeur de cabinet du pr\u00e9fet de la Somme :ARR\u00caTEArticle 1: Monsieur Patrick GAILLARD, maire de la commune de Flixecourt (80420), est autoris\u00e9 \u00e0acc\u00e9der aux images du syst\u00e8me de vid\u00e9oprotection mis en place dans sa commune, approuv\u00e9 pararr\u00eat\u00e9 pr\u00e9fectoral en date du 15 d\u00e9cembre 2021.Article 2: Monsieur le sous-pr\u00e9fet, directeur du cabinet et le commandant du groupement degendarmerie d\u00e9partementale de la Somme, sont charg\u00e9s, chacun en ce qui le concerne, del'ex\u00e9cution du pr\u00e9sent arr\u00eat\u00e9, qui sera publi\u00e9 au recueil des actes administratifs de la pr\u00e9fecture de laSomme. MAI 2025r d\u00e9l\u00e9gation,teur de cabinet,Amiens, le | 5Pour le pr\u00e9fet etLe sous-pr\u00e9fet, dir\nVOIES ET DELAIS DE RECOURSLa pr\u00e9sente d\u00e9cision est susceptible de faire, dans le d\u00e9lai de deux mois suivant la notification, l'objet des voies de recours suivantes :- Un recours gracieux, formul\u00e9 aupr\u00e8s du pr\u00e9fet de la Somme, cabinet, bureau de la s\u00e9curit\u00e9 int\u00e9rieure, 51 rue de la R\u00e9publique 80020 Amiens,- un recours hi\u00e9rarchique, aupr\u00e8s du ministre de l'Int\u00e9rieur, direction des libert\u00e9s publiques et des affaires juridiques - sous-direction des polices administratives - bureau des polices administratives \u2014place Beauvau 75800 Paris cedex 08,Ces recours sont d\u00e9pourvus de caract\u00e8re suspensif. En l'absence de r\u00e9ponse de l'administration dans un d\u00e9lai de deux mois \u00e0 compter de la date de r\u00e9ception de votre recours, celui-ci doit \u00eatreconsid\u00e9r\u00e9 comme implicitement rejet\u00e9.- un recours contentieux, devant le tribunal administratif d'Amiens - 14 rue Lemerchier 80000 Amiens ou par voie \u00e9lectronique par le site wwwtelerecours.fr.Ce recours juridictionnel doit \u00eatre d\u00e9pos\u00e9 au plus tard avant l'expiration du deuxi\u00e8me mois \u00e0 compter de la date de notification de la d\u00e9cision contest\u00e9e, ou dans les deux mois suivant la date du rejetde votre recours gracieux ou hi\u00e9rarchique.\nPr\u00e9fecture de la Somme - Cabinet - 80-2025-05-15-00001 - AP 25 030 Arr\u00eat\u00e9 portant autorisation acc\u00e8s images vid\u00e9oprotection\nFlixecourt 15\nService Departemental d'Incendie et de Secours\n80-2025-04-15-00011\nArr\u00eat\u00e9 portant nomination au grade de\nLieutenant 1\u00e8re classe - Jean-Baptiste TUNCQ\nService Departemental d'Incendie et de Secours - 80-2025-04-15-00011 - Arr\u00eat\u00e9 portant nomination au grade de Lieutenant 1\u00e8re classe\n- Jean-Baptiste TUNCQ 16\n| =PREFETDE LA SOMMELibert\u00e9\u00c9galit\u00e9Fraternit\u00e9\nArr\u00eat\u00e9 n\u00b0 P-25-38ARR\u00caT\u00c9\nNomination au grade de Lieutenant de 1\u00b0 classeLE PR\u00c9FET DE LA SOMMECHEVALIER DE LA LEGION D'HONNEURLA PR\u00c9SIDENTE DU CONSEIL D'ADMINISTRATIONDU SERVICE D\u00c9PARTEMENTAL D'INCENDIE ET DESECOURS DE LA SOMMEVu le Code G\u00e9n\u00e9ral de la fonction publique ;Vu le Code G\u00e9n\u00e9ral des collectivit\u00e9s territoriales, parties l\u00e9gislative et r\u00e9glementaire ;Vu la loi n\u00b02021-1520 du 25 novembre 2021 visant \u00e0 consolider notre mod\u00e8le de s\u00e9curit\u00e9 civile et valoriserle volontariat des sapeurs-pompiers et les sapeurs-pompiers professionnels, notamment l'article 21;Vu le d\u00e9cret n\u00b0 90-850 du 25 septembre 1990 modifi\u00e9 portant dispositions communes \u00e0 l'ensemble dessapeurs-pompiers professionnels ;Vu le d\u00e9cret n\u00b0 2012-522 du 20 avril 2012 modifi\u00e9 portant statut particulier du cadre d'emplois deslieutenants de sapeurs-pompiers professionnels ;Vu le d\u00e9cret n\u00b0 2021-1665 du 16 d\u00e9cembre 2021 portant diverses mesures relatives aux sapeurs-pompiers ;Vu le d\u00e9cret n\u00b0 2022-557 du 14 avril 2022 modifiant diverses dispositions relatives aux sapeurs-pompiers ;Vu le d\u00e9cret du 13 juillet 2023 portant nomination du pr\u00e9fet de la Somme, MonsieurRollon MOUCHEL-BLAISOT \u00e0 compter du 24 juillet 2023 ;Vu le d\u00e9cret du 3 janvier 2024 nommant Monsieur Victor JOZON, sous-pr\u00e9fet, directeur de cabinet dupr\u00e9fet de la Somme ;Vu l'arr\u00eat\u00e9 pr\u00e9fectoral du 15 janvier 2024 portant d\u00e9l\u00e9gation de signature principale \u00e0 MonsieurVictor JOZON, sous-pr\u00e9fet, directeur de cabinet du pr\u00e9fet de la Somme ;Vu l'arr\u00eat\u00e9 n\u00b0 22-212 en date du 18 mars 2022 portant approbation des lignes directrices de gestion parle pr\u00e9sident du Conseil d'Administration du Service D\u00e9partemental d'Incendie et de Secours de laSomme pour la p\u00e9riode de 2022 \u00e0 2027;Vu l'arr\u00eat\u00e9 n\u00b02025-417 en date du 17 f\u00e9vrier 2025 de Madame Christelle HIVER, pr\u00e9sidente du Conseild\u00e9partemental de la Somme, pr\u00e9sidente de droit du CASDIS, donnant d\u00e9l\u00e9gation de signature auColonel Christophe PETIT, directeur d\u00e9partemental par int\u00e9rim des services d'incendie et de secours dela Somme ;Vu la d\u00e9lib\u00e9ration n\u00b0 1 du Conseil d'Administration du Service D\u00e9partemental d'Incendie et de Secoursde la Somme en date du 4 mars 2025 portant installation du Conseil d'Administration du ServiceD\u00e9partemental d'Incendie et de Secours de la Somme;Vu la d\u00e9lib\u00e9ration n\u00b0 20241.33 en date du 23 d\u00e9cembre 2024 de l'Assembl\u00e9e d\u00e9partementale constatantl'\u00e9lection du pr\u00e9sident du Conseil d\u00e9partemental de la Somme ;\nService Departemental d'Incendie et de Secours - 80-2025-04-15-00011 - Arr\u00eat\u00e9 portant nomination au grade de Lieutenant 1\u00e8re classe\n- Jean-Baptiste TUNCQ 17\nVu la d\u00e9lib\u00e9ration n\u00b0 12 du Conseil d'Administration du Service D\u00e9partemental d'Incendie et de Secoursde la Somme en date du 31 janvier 2025 portant modification du tableau des effectifs ;Consid\u00e9rant l'\u00e9lection en date du 23 d\u00e9cembre 2024 de Madame Christelle HIVER \u00e0 la pr\u00e9sidence duConseil d\u00e9partemental de la Somme et par voie de cons\u00e9quence \u00e0 la pr\u00e9sidence de droit du Conseild'administration du Service d\u00e9partemental d'incendie et de secours de la Somme ;Consid\u00e9rant la vacance du poste de directeur d\u00e9partemental des services d'incendie et de secours dela Somme ;Consid\u00e9rant qu'en cas de vacance momentan\u00e9e du poste de directeur d\u00e9partemental des servicesd'incendie et de secours, l'int\u00e9rim est assur\u00e9 par le directeur d\u00e9partemental adjoint des servicesd'incendie et de secours;Consid\u00e9rant que Monsieur Jean-Baptiste TUNCQ est inscrit sur la liste d'aptitude au concours externe delieutenant de 1\u00b0 classe de sapeurs-pompiers professionnels du Centre de Gestion de Meurthe etMoselle \u2014 session 2024 ;Sur proposition du directeur d\u00e9partemental par int\u00e9rim des services d'incendie et de secours de laSomme ;\nARR\u00caTENTArticle 1er. - A compter du 1\u00b0 septembre 2025, Monsieur Jean-Baptiste TUNCQ, (matricule 23889),r\u00e9dacteur territorial, est nomm\u00e9 au grade de Lieutenant de 1*\u00b0 classe de sapeurs-pompiersprofessionnels stagiaire.Article 2. - Conform\u00e9ment \u00e0 l'article R. 421-1 et suivants du code de justice administrative, le tribunaladministratif comp\u00e9tent peut \u00eatre saisi par voie de recours form\u00e9 contre la pr\u00e9sente d\u00e9cision dans und\u00e9lai de deux mois \u00e0 compter de sa notification.Article 3. - Monsieur le sous-pr\u00e9fet, directeur du cabinet est charg\u00e9 de l'ex\u00e9cution du pr\u00e9sent arr\u00eat\u00e9 quisera publi\u00e9 au recueil des actes administratifs de la pr\u00e9fecture de la Somme.\nAmiens, le 15: AR. BE\nfPour le pr\u00e9fet et par d\u00e9l\u00e9gation, La Pr\u00e9sidente du Consgil d'AdministrationLe directeur de cabinet du Service D\u00e9partementaliIncendie et de Secours\nPr\u00e9sidente du Conseil d\u00e9partemental de la Somme\nService Departemental d'Incendie et de Secours - 80-2025-04-15-00011 - Arr\u00eat\u00e9 portant nomination au grade de Lieutenant 1\u00e8re classe\n- Jean-Baptiste TUNCQ 18\nService Departemental d'Incendie et de Secours\n80-2025-04-22-00007\nArr\u00eat\u00e9 portant nomination au grade de\nLieutenant 1\u00e8re classe - Maxime LEPERS\nService Departemental d'Incendie et de Secours - 80-2025-04-22-00007 - Arr\u00eat\u00e9 portant nomination au grade de Lieutenant 1\u00e8re\nclasse - Maxime LEPERS 19\nEPR\u00c9FETDE LA SOMMELibert\u00e9\u00c9galit\u00e9 OMFraternit\u00e9\nArr\u00eat\u00e9 n\u00b0 P-25-39ARR\u00caT\u00c9Nomination au grade de Lieutenant de 1\u00b0\" classeLE PR\u00c9FET DE LA SOMMECHEVALIER DE LA LEGION D'HONNEURLA PR\u00c9SIDENTE DU CONSEIL D'ADMINISTRATIONDU SERVICE D\u00c9PARTEMENTAL D'INCENDIE ET DESECOURS DE LA SOMMEVu le Code G\u00e9n\u00e9ral de la fonction publique ;Vu le Code G\u00e9n\u00e9ral des collectivit\u00e9s territoriales, parties l\u00e9gislative et r\u00e9glementaire ;Vu la loi n\u00b020211520 du 25 novembre 2021 visant \u00e0 consolider notre mod\u00e8le de s\u00e9curit\u00e9 civile et valoriserle volontariat des sapeurs-pompiers et les sapeurs-pompiers professionnels, notamment l'article 21;Vu le d\u00e9cret n\u00b0 90-850 du 25 septembre 1990 modifi\u00e9 portant dispositions communes \u00e0 l'ensemble dessapeurs-pompiers professionnels ;Vu le d\u00e9cret n\u00b0 2012-522 du 20 avril 2012 modifi\u00e9 portant statut particulier du cadre d'emplois deslieutenants de sapeurs-pompiers professionnels ;Vu le d\u00e9cret n\u00b0 2021-1665 du 16 d\u00e9cembre 2021 portant diverses mesures relatives aux sapeurs-pompiers ;Vu le d\u00e9cret n\u00b0 2022-557 du 14 avril 2022 modifiant diverses dispositions relatives aux sapeurs-pompiers ;Vu le d\u00e9cret du 13 juillet 2023 portant nomination du pr\u00e9fet de la Somme, MonsieurRollon MOUCHEL-BLAISOT \u00e0 compter du 24 juillet 2023 ;Vu le d\u00e9cret du 3 janvier 2024 nommant Monsieur Victor JOZON, sous-pr\u00e9fet, directeur de cabinet dupr\u00e9fet de la Somme ;Vu l'arr\u00eat\u00e9 pr\u00e9fectoral du 15 janvier 2024 portant d\u00e9l\u00e9gation de signature principale a MonsieurVictor JOZON, sous-pr\u00e9fet, directeur de cabinet du pr\u00e9fet de la Somme;Vu l'arr\u00eat\u00e9 n\u00b0 22-212 en date du 18 mars 2022 portant approbation des lignes directrices de gestion parle pr\u00e9sident du Conseil d'Administration du Service D\u00e9partemental d'Incendie et de Secours de laSomme pour la p\u00e9riode de 2022 a 2027;Vu l'arr\u00eat\u00e9 n\u00b02025-417 en date du 17 f\u00e9vrier 2025 de Madame Christelle HIVER, pr\u00e9sidente du Conseild\u00e9partemental de la Somme, pr\u00e9sidente de droit du CASDIS, donnant d\u00e9l\u00e9gation de signature auColonel Christophe PETIT, directeur d\u00e9partemental par int\u00e9rim des services d'incendie et de secours dela Somme ;Vu la d\u00e9lib\u00e9ration n\u00b0 1 du Conseil d'Administration du Service D\u00e9partemental d'Incendie et de Secoursde la Somme en date du 4 mars 2025 portant installation du Conseil d'Administration du ServiceD\u00e9partemental d'incendie et de Secours de la Somme;Vu la d\u00e9lib\u00e9ration n\u00b0 20241.33 en date du 23 d\u00e9cembre 2024 de l'Assembl\u00e9e d\u00e9partementale constatantl'\u00e9lection du pr\u00e9sident du Conseil d\u00e9partemental de la Somme ;\nOf^\nPR\u00c9FET\nDE LA SOMME\nLibert\u00e9\n\u00c9galit\u00e9\nFraternit\u00e9\nArr\u00eat\u00e9 n\u00b0 P-25-39\nARR\u00caT\u00c9\nNomination au grade de Lieutenant de 1\u00e8re classe\nLE PR\u00c9FET DE LA SOMME\nCHEVALIER DE LA LEGION D'HONNEUR\nLA PR\u00c9SIDENTE DU CONSEIL D'ADMINISTRATION\nDU SERVICE D\u00c9PARTEMENTAL D'INCENDIE ET DE\nSECOURS DE LA SOMME\nVu le Code G\u00e9n\u00e9ral de la fonction publique ;\nVu le Code G\u00e9n\u00e9ral des collectivit\u00e9s territoriales, parties l\u00e9gislative et r\u00e9glementaire,\nVu la loi n\u00b02021-1520 du 25 novembre 2021 visant \u00e0 consolider notre mod\u00e8le de s\u00e9curit\u00e9 civile et valoriser\nle volontariat des sapeurs-pompiers et les sapeurs-pompiers professionnels, notamment l'article 21 ;\nVu le d\u00e9cret n\u00b0 90-850 du 25 septembre 1990 modifi\u00e9 portant dispositions communes \u00e0 l'ensemble des\nsapeurs-pompiers professionnels ;\nVu le d\u00e9cret n\u00b0 2012-522 du 20 avril 2012 modifi\u00e9 portant statut particulier du cadre d'emplois des\nlieutenants de sapeurs-pompiers professionnels ;\nVu le d\u00e9cret n\u00b0 2021-1665 du 16 d\u00e9cembre 2021 portant diverses mesures relatives aux sapeurs-pompiers ;\nVu le d\u00e9cret n\u00b0 2022-557 du 14 avril 2022 modifiant diverses dispositions relatives aux sapeurs-pompiers ;\nVu le d\u00e9cret du 13 juillet 2023 portant nomination du pr\u00e9fet de la Somme, Monsieur\nRollon MOUCHEL-BLAISOT \u00e0 compter du 24 juillet 2023 ;\nVu le d\u00e9cret du 3 janvier 2024 nommant Monsieur Victor JOZON, sous-pr\u00e9fet, directeur de cabinet du\npr\u00e9fet de ta Somme ;\nVu l'arr\u00eat\u00e9 pr\u00e9fectoral du 15 janvier 2024 portant d\u00e9l\u00e9gation de signature principale \u00e0 Monsieur\nVictor JOZON, sous-pr\u00e9fet, directeur de cabinet du pr\u00e9fet de la Somme ;\nVu l'arr\u00eat\u00e9 n\u00b0 22-212 en date du 18 mars 2022 portant approbation des lignes directrices de gestion par\nle pr\u00e9sident du Conseil d'Administration du Service D\u00e9partemental d'Incendie et de Secours de la\nSomme pour la p\u00e9riode de 2022 \u00e0 2027;\nVu l'arr\u00eat\u00e9 n\u00b02025-417 en date du 17 f\u00e9vrier 2025 de Madame Christelle HIVER, pr\u00e9sidente du Conseil\nd\u00e9partemental de la Somme, pr\u00e9sidente de droit du CASDIS, donnant d\u00e9l\u00e9gation de signature au\nColonel Christophe PETIT, directeur d\u00e9partemental par int\u00e9rim des services d'incendie et de secours de\nla Somme;\nVu la d\u00e9lib\u00e9ration n\u00b01 du Conseil d'Administration du Service D\u00e9partemental d'Incendie et de Secours\nde la Somme en date du 4 mars 2025 portant installation du Conseil d'Administration du Service\nD\u00e9partemental d'Incendie et de Secours de ta Somme,\nVu la d\u00e9lib\u00e9ration n\u00b0 2024.1.33 en date du 23 d\u00e9cembre 2024 de l'Assembl\u00e9e d\u00e9partementale constatant\nl'\u00e9lection du pr\u00e9sident du Conseil d\u00e9partemental de la Somme;\nService Departemental d'Incendie et de Secours - 80-2025-04-22-00007 - Arr\u00eat\u00e9 portant nomination au grade de Lieutenant 1\u00e8re\nclasse - Maxime LEPERS 20\nVu la d\u00e9lib\u00e9ration n\u00b0 12 du Conseil d'Administration du Service D\u00e9partemental d'Incendie et de Secoursde la Somme en date du 31 janvier 2025 portant modification du tableau des effectifs ;Consid\u00e9rant l'\u00e9lection en date du 23 d\u00e9cembre 2024 de Madame Christelle HIVER \u00e0 la pr\u00e9sidence duConseil d\u00e9partemental de la Somme et par voie de cons\u00e9quence \u00e0 la pr\u00e9sidence de droit du Conseild'administration du Service d\u00e9partemental d'incendie et de secours de la Somme;Consid\u00e9rant la vacance du poste de directeur d\u00e9partemental des services d'incendie et de secours dela Somme;Consid\u00e9rant qu'en cas de vacance momentan\u00e9e du poste de directeur d\u00e9partemental des servicesd'incendie et de secours, l'int\u00e9rim est assur\u00e9 par le directeur d\u00e9partemental adjoint des servicesd'incendie et de secours;Consid\u00e9rant que Monsieur Maxime LEPERS est inscrit sur la liste d'aptitude au concours interne delieutenant de 1\u00b0 classe de sapeurs-pompiers professionnels du Centre de Gestion de l'H\u00e9rault - session2024 ;Sur proposition du directeur d\u00e9partemental par int\u00e9rim des services d'incendie et de secours de laSomme ;\nARR\u00caTENTArticle 1er. - A compter du 1\u00b0 janvier 2025, Monsieur Maxime LEPERS, (matricule 22469), sergent desapeurs-pompiers professionnels, est nomm\u00e9 au grade de Lieutenant de 1\u00b0* classe de sapeurs-pompiersprofessionnels stagiaire.Article 2. - Conform\u00e9ment \u00e0 l'article R. 421-1 et suivants du code de justice administrative, le tribunaladministratif comp\u00e9tent peut \u00eatre saisi par voie de recours form\u00e9 contre la pr\u00e9sente d\u00e9cision dans und\u00e9lai de deux mois \u00e0 compter de sa notification.Article 3. - Monsieur le sous-pr\u00e9fet, directeur du cabinet est charg\u00e9 de l'ex\u00e9cution du pr\u00e9sent arr\u00eat\u00e9 quisera publi\u00e9 au recueil des actes administratifs de la pr\u00e9fecture de la Somme.\nAmiens, le 22 AVR. 2025\nPour le pf\u00e9fet et par d\u00e9l\u00e9gation,Le directeur de cabinet Pour la Pr\u00e9sidente du C.A.S ETS. et par d\u00e9l\u00e9gation.le Directeur D\u00e9p \u00e9ntal Adjoint_ des Services d'IfcEr\u00e6 Secours7\nVu la d\u00e9lib\u00e9ration n\u00b0 12 du Conseil d'Administration du Service D\u00e9partemental d'Incendie et de Secours\nde la Somme en date du 31 janvier 2025 portant modification du tableau des effectifs ;\nConsid\u00e9rant l'\u00e9lection en date du 23 d\u00e9cembre 2024 de Madame Christelle HIVER \u00e0 la pr\u00e9sidence du\nConseil d\u00e9partemental de la Somme et par voie de cons\u00e9quence \u00e0 la pr\u00e9sidence de droit du Conseil\nd'administration du Service d\u00e9partemental d'incendie et de secours de la Somme ;\nConsid\u00e9rant la vacance du poste de directeur d\u00e9partemental des services d'incendie et de secours de\nla Somme;\nConsid\u00e9rant qu'en cas de vacance momentan\u00e9e du poste de directeur d\u00e9partemental des services\nd'incendie et'de secours, l'int\u00e9rim est assur\u00e9 par le directeur d\u00e9partemental adjoint des services\nd'incendie et de secours ;\nConsid\u00e9rant que Monsieur Maxime LEPERS est inscrit sur la liste d'aptitude au concours interne de\nlieutenant de 1\u00e8re classe de sapeurs-pompiers professionnels du Centre de Gestion de l'H\u00e9rault - session\n2024;\nSur proposition du directeur d\u00e9partemental par int\u00e9rim des services d'incendie et de secours de la\nSomme;\nARR\u00caTENT\nArticle 1er. - A compter du 1er janvier 2025, Monsieur Maxime LEPERS, (matricule 22469), sergent de\nsapeurs-pompiers professionnels, est nomm\u00e9 au grade de Lieutenant de 1\u00e8re classe de sapeurs-pompiers\nprofessionnels stagiaire.\nArticle 2. - Conform\u00e9ment \u00e0 l'article R. 421-1 et suivants du code de justice administrative, le tribunal\nadministratif comp\u00e9tent peut \u00eatre saisi par voie de recours form\u00e9 contre la pr\u00e9sente d\u00e9cision dans un\nd\u00e9lai de deux mois \u00e0 compter de sa notification.\nArticle 3. - Monsieur le sous-pr\u00e9fet, directeur du cabinet est charg\u00e9 de l'ex\u00e9cution du pr\u00e9sent arr\u00eat\u00e9 qui\nsera publi\u00e9 au recueil des actes administratifs de la pr\u00e9fecture de la Somme.\nAmiens, le 22 AVR. 2025\nPour le \u00e9fet et par d\u00e9l\u00e9gation,\nLe dire eur de cabinet\nPour la Pr\u00e9sidente du C. A. S .. . et par d\u00e9l\u00e9gation,\nle Directeur D\u00e9 rte ta] Adjoint\ndes Services d'I e e et e ours\nl*, l. '\nVict OZON\nColone\nAdjoint\nTIT\nchef de corps\nService Departemental d'Incendie et de Secours - 80-2025-04-22-00007 - Arr\u00eat\u00e9 portant nomination au grade de Lieutenant 1\u00e8re\nclasse - Maxime LEPERS 21","date":"2025-05-15","first_seen_on":"2025-05-15T18:19:54+00:00","id":"b73631104f7d10a974a9a3ed53a2823db70adcafc0c466bcf2471cea84a22a85","name":"RAA n\u00b093 sp\u00e9cial (nominatifs) du 15 mai 2025","pdf_creation_date":"2025-05-15T16:19:17+00:00","pdf_modification_date":null,"timezone":"Europe/Paris","url":"https://www.somme.gouv.fr/contenu/telechargement/52058/344595/file/recueil-2025-093-recueil-des-actes-administratifs-nominatifs.pdf"}
