{"administration":"pref30","administration_name":"Pr\u00e9fecture du Gard","content":"PR\u00c9FET\nDU GARD\nRECUEIL DES ACTES\nADMINISTRATIFS SP\u00c9CIAL\nN\u00b030-2026-033\nPUBLI\u00c9 LE 18 F\u00c9VRIER 2026\nSommaire\nPrefecture du Gard / CABINET\n30-2026-02-18-00001 - arr\u00eat\u00e9 autorisant la captation, l'enregistrement et\nla transmission d'images au moyen de cam\u00e9ras install\u00e9es sur des\na\u00e9ronefs (12 pages) Page 3\n30-2026-02-18-00002 - arr\u00eat\u00e9 autorisant la captation, l'enregistrement et\nla transmission d'images au moyen de cam\u00e9ras install\u00e9es sur des\na\u00e9ronefs (6 pages) Page 16\n30-2026-02-18-00003 - arr\u00eat\u00e9 autorisant la captation, l'enregistrement et\nla transmission d'images au moyen de cam\u00e9ras install\u00e9es sur des\na\u00e9ronefs (12 pages) Page 23\nPrefecture du Gard / SAPSI\n30-2026-02-18-00007 - Arr\u00eat\u00e9 N\u00b030-2026-02-18-00007\nportant\ninterdiction des rassemblements festifs \u00e0 caract\u00e8re musical et\ninterdiction de circulation des poids lourds transportant du mat\u00e9riel de\nsons \u00e0 destination d'un rassemblement festif \u00e0 caract\u00e8re musical\nnon autoris\u00e9 dans le d\u00e9partement du Gard\ndu vendredi 20 f\u00e9vrier\nau lundi 23 f\u00e9vrier 2026 (6 pages) Page 36\n2\nPrefecture du Gard\n30-2026-02-18-00001\narr\u00eat\u00e9 autorisant la captation, l'enregistrement\net la transmission d'images au moyen de\ncam\u00e9ras install\u00e9es sur des a\u00e9ronefs\nPrefecture du Gard - 30-2026-02-18-00001 - arr\u00eat\u00e9 autorisant la captation, l'enregistrement et la transmission d'images au moyen de\ncam\u00e9ras install\u00e9es sur des a\u00e9ronefs 3\n| = CABINETPREFET DIRECTION DES SECURITESDU GARD Service d'animation des politiquesLibert\u00e9 de s\u00e9curit\u00e9 int\u00e9rieureEgalit\u00e9 Bureau des polices administrativesFraternit\u00e9\nARR\u00caT\u00c9 N\u00b030-2026-18-02-0002autorisant la captation, l'enregistrement et la transmission d'imagesau moyen de cam\u00e9ras install\u00e9es sur des a\u00e9ronefsLe Pr\u00e9fet du GardChevalier de la L\u00e9gion d'HonneurOfficier de l'Ordre National du M\u00e9riteVu le code de la s\u00e9curit\u00e9 int\u00e9rieure et notamment ses articles L. 242-1 \u00e0 L. 242-8 et R. 242-8 \u00e0R. 242-14 ;Vu le d\u00e9cret n\u00b0 2004-374 du 29 avril 2004 relatif aux pouvoirs des pr\u00e9fets, \u00e0 l'organisation et \u00e0l'action des services de l'\u00c9tat dans les r\u00e9gions et d\u00e9partements ;Vu le d\u00e9cret du 13 juillet 2023 nommant M. J\u00e9r\u00f4me BONET, pr\u00e9fet du Gard,Vu l'arr\u00eat\u00e9 pr\u00e9fectoral du 18 octobre 2024 n\u00b030-2024-10-18-00005 donnant d\u00e9l\u00e9gation designature \u00e0 M. Yann GERARD, secr\u00e9taire g\u00e9n\u00e9ral de la pr\u00e9fecture du Gard, sous-pr\u00e9fet de N\u00eemes ;Vu l'arr\u00eat\u00e9 pr\u00e9fectoral du 18 octobre 2024 n\u00b030-2024-10-18-00006 donnant d\u00e9l\u00e9gation designature \u00e0 M. Mathias NIEPS, sous-pr\u00e9fet, charg\u00e9 de mission aupr\u00e8s du pr\u00e9fet du Gard,secr\u00e9taire g\u00e9n\u00e9ral adjoint de la pr\u00e9fecture du Gard ;Vu l'arr\u00eat\u00e9 pr\u00e9fectoral n\u00b030-2024-10-18-00009 du 18 octobre 2024 donnant d\u00e9l\u00e9gation designature a Madame Marie-Charlotte EUVRARD, sous-pr\u00e9f\u00e8te, directrice de cabinet du pr\u00e9fet duGard ;Vu l'arr\u00eat\u00e9 pr\u00e9fectoral n\u00b0 30-2024-11-28-00004 du 28 novembre 2024 donnant d\u00e9l\u00e9gation designature \u00e0 M. Franck LACOSTE, directeur des s\u00e9curit\u00e9s, directeur de cabinet adjoint du pr\u00e9fet duGard;Vu l'activation du plan Vigipirate au niveau urgence attentat;Vu l'arr\u00eat\u00e9 du ministre de l'Int\u00e9rieur et des outre-mer, en date du 19 avril 2023 relatif au nombremaximal de cam\u00e9ras install\u00e9es sur des a\u00e9ronefs pouvant \u00eatre simultan\u00e9ment utilis\u00e9es danschaque d\u00e9partement et collectivit\u00e9 d'outre-mer ;Vu l'arr\u00eat\u00e9 n\u00b030-2024-07-05 du 7 mai 2024 autorisant la captation, l'enregistrement et latransmission d'images au moyen de cam\u00e9ras install\u00e9es sur des a\u00e9ronefs;Vu la demande en date du 04 f\u00e9vrier 2026, form\u00e9e par la direction interd\u00e9partementale de lapolice nationale, visant \u00e0 obtenir l'autorisation de capter, d'enregistrer et de transmettre desimages au moyen de drone, afin de pr\u00e9venir les atteintes \u00e0 la s\u00e9curit\u00e9 des personnes et des biensau sein des p\u00e9rim\u00e8tres pr\u00e9cis\u00e9s en annexe du pr\u00e9sent arr\u00eat\u00e9, \u00e0 Al\u00e8s dans le cadre d'op\u00e9rationscoordonn\u00e9es cibl\u00e9es du vendredi 20 f\u00e9vrier 2026 \u00e0 6h00 au dimanche 8 mars 2026 \u00e0 21h00 ;Consid\u00e9rant que les dispositions susvis\u00e9es permettent aux forces de s\u00e9curit\u00e9 int\u00e9rieure, dansl'exercice de leurs missions de protection de la s\u00e9curit\u00e9 des personnes et des biens, de proc\u00e9der\u00e0 la captation, \u00e0 l'enregistrement et \u00e0 la transmission d'images au moyen de cam\u00e9ras install\u00e9essur des a\u00e9ronefs aux fins d'assurer la s\u00e9curit\u00e9 des personnes et des biens; que notamment, le1\u00b0 de l'article L. 242-5 susvis\u00e9 pr\u00e9voit que ces dispositifs peuvent \u00eatre mis en \u0153uvre au titre de lapr\u00e9vention des atteintes \u00e0 la s\u00e9curit\u00e9 des personnes et des biens dans des lieux particuli\u00e8rementH\u00f4tel de la Pr\u00e9fecture 10 avenue Feuch\u00e9res \u2014 30045 NIMES CEDEX 9T\u00e9l : 04.66.36.43.90- Fax : 04.66.36.00.87 \u2014 www.gard.gouv.fr\nPrefecture du Gard - 30-2026-02-18-00001 - arr\u00eat\u00e9 autorisant la captation, l'enregistrement et la transmission d'images au moyen de\ncam\u00e9ras install\u00e9es sur des a\u00e9ronefs 4\nexpos\u00e9s, en raison de leurs caract\u00e9ristiques ou des faits qui s'y sont d\u00e9j\u00e0 d\u00e9roul\u00e9s, \u00e0 des risquesd'agression, de vol ou de trafics d'armes, d'\u00e9tres humains ou de stup\u00e9fiants, ainsi que laprotection des b\u00e2timents et installations publics et de leurs abords imm\u00e9diats, lorsqu'ils sontparticuli\u00e8rement expos\u00e9s \u00e0 des risques d'intrusion ou de d\u00e9gradations ;Consid\u00e9rant que le trafic de stup\u00e9fiants sur la commune d'Al\u00e9s se concentre sur 4 quartiersstructurellement compliqu\u00e9s marqu\u00e9s par un trafic de drogue omnipr\u00e9sent avec une forteorganisation criminelle de dissimulation (visages dissimul\u00e9s, pr\u00e9sence de caches dans les \u00e9gouts,les voitures, les appartements nourrices, les caves, pr\u00e9sence de guetteurs, segmentation dest\u00e2ches...) et des approvisionnements qui se font \u00e0 toute heure ;Consid\u00e9rant que les partenaires institutionnels ou associatifs se plaignent de cetteomnipr\u00e9sence de la drogue comme la CAF aux Promelles ou France Travail au Pr\u00e9 Saint-Jean ;Consid\u00e9rant la pr\u00e9sence d'\u00e9tablissements scolaires dans les quartiers des C\u00e9vennes et desPromelles;Consid\u00e9rant le souhait d'une pr\u00e9sence polici\u00e8re plus forte de la part de la population et de lamairie d'Al\u00e9s ;Consid\u00e9rant que 9 \u00e9pisodes de tirs ont \u00e9t\u00e9 r\u00e9pertori\u00e9s depuis le second semestre 2025, dont 4homicides et 3 tentatives d'homicide ;Consid\u00e9rant qu'au sein des quartiers des C\u00e9vennes, des Pr\u00e9s Saint-Jean, des Promelles et deRochebelle a Al\u00e8s des trafics de stup\u00e9fiants sont r\u00e9guli\u00e8rement observ\u00e9s entra\u00eenant despressions et des menaces sur les habitants et les employ\u00e9s des services publics ;Consid\u00e9rant la pr\u00e9sence de 4 points de deal sur la commune d'Al\u00e8s ;Consid\u00e9rant que les op\u00e9rations men\u00e9es r\u00e9guli\u00e8rement dans ces quartiers ont permis deconfirmer que les points de deal sont actifs, non sans violence ;Consid\u00e9rant les nombreuses saisies de produits stup\u00e9fiants et de sommes d'argent qui ontpermis de d\u00e9stabiliser les acteurs de ces trafics ;Consid\u00e9rant que ces faits mobilisent de fa\u00e7on significative des forces de l'ordre ainsi que desmoyens de secours ;Consid\u00e9rant que les forces de l'ordre subissent de nombreux jets de projectiles lors de leursinterventions ;Consid\u00e9rant que le point de deal des C\u00e9vennes est le mieux implant\u00e9 et le plus lucratif dans unquartier qui malgr\u00e9 les r\u00e9novations urbaines offre des points de replis aux dealers avec unensemble d'immeubles de grande hauteur disposant de halls d'entr\u00e9e menant aux caves, aux\u00e9tages et aux toits;Consid\u00e9rant que le quartier des C\u00e9vennes est desservi par un grand r\u00e9seau de voies publiquesfacilitant la fuite des acheteurs et des dealers ;Consid\u00e9rant que ce point de deal g\u00e9n\u00e8re des difficult\u00e9s aux bailleurs et impacte la vie des \u00e9l\u00e8veset des enseignants de l'\u00e9cole primaire situ\u00e9e \u00e0 proximit\u00e9;Consid\u00e9rant que le point de deal du Pr\u00e9 Saint-Jean bien que de moindre envergure reste sensiblede part son implantation \u00e0 proximit\u00e9 de coll\u00e8ges; que d\u00e9mantel\u00e9 \u00e0 plusieurs reprises il est denouveau actif;Consid\u00e9rant que les interventions de la police y sont compliqu\u00e9es par l'agencement desimmeubles et des voies d'acc\u00e8s, que les possibilit\u00e9s de dissimulation et de fuites sontnombreuses pour les acteurs du trafic;Consid\u00e9rant que le point de deal de Rochebelle implant\u00e9 dans un ancien faubourg ouvrier enp\u00e9riph\u00e9rie \u00e0 l'Est du centre ville comprend une architecture urbaine peu favorable auxinterventions de la police avec un logement locatif tr\u00e8s d\u00e9grad\u00e9 et de nombreuses voies decirculation ;\nPrefecture du Gard - 30-2026-02-18-00001 - arr\u00eat\u00e9 autorisant la captation, l'enregistrement et la transmission d'images au moyen de\ncam\u00e9ras install\u00e9es sur des a\u00e9ronefs 5\nConsid\u00e9rant que le point de deal de Rochebelle est singulier dans le paysage du narcotrafical\u00e9sien avec un fonctionnement a plusieurs acteurs sans v\u00e9ritable organisation pyramidale, qued\u00e9mantel\u00e9 en mai 2023 par une action judiciaire et r\u00e9activ\u00e9 depuis l'\u00e9t\u00e9 2024 il est un des. rarespoint de deal d'h\u00e9roine du d\u00e9partement attirant une client\u00e9le de marginaux source dedifficult\u00e9s en mati\u00e8re de tranquillit\u00e9 publique dans le centre ville d'Al\u00e9s ;Consid\u00e9rant que le point de deal des Promelles est situ\u00e9 en p\u00e9riph\u00e9rie de circonscription au sudde la ville dans un quartier o\u00f9 r\u00e9side une forte communaut\u00e9 gitane s\u00e9dentaris\u00e9es avec dessolidarit\u00e9s familiales et une configuration des lieux pr\u00e9sentant un seul axe de circulation ce quicomplique le travail de harc\u00e8lement de la police;Consid\u00e9rant que la configuration des lieux entra\u00eene la d\u00e9tection imm\u00e9diate des effectifs de.police que les guetteurs post\u00e9s sur le toit de l'\u00e9cole voisine \u00e9chappent aux contr\u00f4les des forcesde l'ordre que la forme du b\u00e2timent principal de ce quartier emp\u00eache une surveillanced'ensemble;Consid\u00e9rant que sur chacun de ces secteurs, l'appui a\u00e9rien par drone a confirm\u00e9 l'existence detrafics de stup\u00e9fiants et r\u00e9v\u00e9l\u00e9 la commission d'infractions connexes; que ces surveillances,coordonn\u00e9es avec d'autres effectifs au sol, ont permis l'interpellation des acteurs des trafics(acheteurs, guetteurs, Vendeurs et tr\u00e9soriers); que des quantit\u00e9s de stup\u00e9fiants, de l'argent etdes armes ont \u00e9galement \u00e9t\u00e9 saisis ;Consid\u00e9rant qu'au cours du mois de janvier 2026 88 personnes ont \u00e9t\u00e9 mises en cause ; 1,88630kilo de cocaine, 0,224 kilo d'herbe de cannabis et 5,266 kilos de r\u00e9sine de cannabis ont \u00e9t\u00e9Saisis;Consid\u00e9rant que ces quartiers ne sont pas totalement couverts par les cam\u00e9ras de vid\u00e9o-surveillance de la ville d'Al\u00e9s : les cam\u00e9ras sont, soit ext\u00e9rieures au quartier, soit volontairementd\u00e9truites par les d\u00e9linquants ;Consid\u00e9rant que, compte tenu du risque d'atteintes \u00e0 la s\u00e9curit\u00e9 des personnes et des biens, durisque de troubles \u00e0 l'ordre public et \u00e0 la s\u00e9curit\u00e9 publique, de la sensibilit\u00e9 des quartiers, del'ampleur de la zone \u00e0 s\u00e9curiser et de la topographie urbaine des lieux concern\u00e9s, de l'int\u00e9r\u00eat dedisposer d'une vision en grand angle pour permettre le maintien et le r\u00e9tablissement de l'ordrepublic et le suivi de la concentration des flux et des mouvements de personnes tout en limitantl'engagement des forces au sol, le recours au dispositif de captation install\u00e9 sur un drone estn\u00e9cessaire et adapt\u00e9 ;Consid\u00e9rant que la demande porte sur l'engagement de deux drones muni d'une cam\u00e9raa\u00e9roport\u00e9e pour une dur\u00e9e de 17 jours dans les secteurs d\u00e9limit\u00e9s par le plan joint au pr\u00e9sentarr\u00eat\u00e9; que les lieux surveill\u00e9s sont strictement limit\u00e9s au p\u00e9rim\u00e8tre sur lequel les risques pour las\u00e9curit\u00e9 des personnes sont susceptibles de survenir; qu'au regard des circonstancessusmentionn\u00e9es, la demande n'appara\u00eet pas disproportionn\u00e9e;Consid\u00e9rant que le recours \u00e0 la captation, l'enregistrement et la transmission d'images feral'objet d'une publication au recueil des actes administratifs de la pr\u00e9fecture du Gard; quetoutefois, en vertu de l'article R. 242-13 du code de la s\u00e9curit\u00e9 int\u00e9rieure, il y a lieu de d\u00e9roger auprincipe d'information du public d\u00e8s lors que cette information est en contradiction avec lafinalit\u00e9 pour laquelle le dispositif est autoris\u00e9 ; qu'en l'esp\u00e8ce, eu \u00e9gard au climatparticuli\u00e8rement sensible r\u00e9gnant dans les quartiers concern\u00e9s et aux tensions qui y sontr\u00e9guli\u00e8rement constat\u00e9es, une telle information serait de nature \u00e0 accro\u00eetre ce climat et cestensions;Sur proposition de la directrice de cabinet du pr\u00e9fet du Gard;Arr\u00eateArticle 1: La captation, l'enregistrement et la transmission d'images par la directioninterd\u00e9partementale de la police nationale, est autoris\u00e9e au titre de la pr\u00e9vention des atteintes \u00e0la s\u00e9curit\u00e9 des personnes et des biens et de l'appui des personnes au sol en vue de leurpermettre de maintenir ou de r\u00e9tablir l'ordre public.\nPrefecture du Gard - 30-2026-02-18-00001 - arr\u00eat\u00e9 autorisant la captation, l'enregistrement et la transmission d'images au moyen de\ncam\u00e9ras install\u00e9es sur des a\u00e9ronefs 6\n| Article 2: Le nombre maximal de cam\u00e9ras pouvant proc\u00e9der simultan\u00e9ment aux traitementsmentionn\u00e9s \u00e0 l'article 1\" est fix\u00e9 \u00e0 2 (mod\u00e8le DJI Matrice 4T).Article 3 : La pr\u00e9sente autorisation est limit\u00e9e au p\u00e9rim\u00e8tre g\u00e9ographique figurant sur le planjoint en annexe.Article 4 : La pr\u00e9sente autorisation est d\u00e9livr\u00e9e du vendredi 20 f\u00e9vrier 2026 \u00e0,06h00 au dimanche8 mars 2026 \u00e0 21h00, pour proc\u00e9der aux traitements mentionn\u00e9s \u00e0 l'article 1\u00b0 \u00e0 tout moment dela journ\u00e9e entre 06h00 et 21h00, sur une dur\u00e9e qui ne peut pas exc\u00e9der quatre heurescons\u00e9cutives.Article 5 : Le registre mentionn\u00e9 \u00e0 l'article L. 242-4 du code de la s\u00e9curit\u00e9 int\u00e9rieure est transmisau repr\u00e9sentant de l'\u00c9tat dans le d\u00e9partement \u00e0 l'issue de l'\u00e9v\u00e8nement.Article 6 : Le pr\u00e9sent arr\u00eat\u00e9 est publi\u00e9 au recueil des actes administratifs de la pr\u00e9fecture et peut\u00eatre contest\u00e9 dans les deux mois suivant sa notification :- soit par voie de recours gracieux form\u00e9 aupr\u00e8s de M. le Pr\u00e9fet du Gard;- soit par voie de recours hi\u00e9rarchique form\u00e9 aupr\u00e8s de M. le Ministre de l'Int\u00e9rieur ;- soit par voie de recours contentieux d\u00e9pos\u00e9 devant le tribunal administratif deN\u00eemes.Le tribunal administratif peut aussi \u00eatre saisi par l'application informatique 'TelerecoursCitoyens', accessible par le site internet www.telerecours.fr.Article 7 : la directrice de cabinet du pr\u00e9fet du Gard et le directeur interd\u00e9partemental de lapolice nationale sont charg\u00e9s, chacun en ce qui le concerne, de l'ex\u00e9cution du pr\u00e9sent arr\u00eat\u00e9.N\u00eemes, le 18 f\u00e9vrier 2026\nLe pr\u00e9fet,Paur le pr\u00e9fet\u00e9n a Sdus-p \u00e9f\u00e8teCtrice d CabinetMarie. Charlotte UVRARD\nPrefecture du Gard - 30-2026-02-18-00001 - arr\u00eat\u00e9 autorisant la captation, l'enregistrement et la transmission d'images au moyen de\ncam\u00e9ras install\u00e9es sur des a\u00e9ronefs 7\nC\u00e9vennesZone d\u00e9limit\u00e9e par les axes suivants :- quai de Grabieux- rue Auguste Delaune .- rue de Lajudie\nPrefecture du Gard - 30-2026-02-18-00001 - arr\u00eat\u00e9 autorisant la captation, l'enregistrement et la transmission d'images au moyen de\ncam\u00e9ras install\u00e9es sur des a\u00e9ronefs 8\n= ani af th\nif fi oat a =\n;\nAe\u00a5\nPrefecture du Gard - 30-2026-02-18-00001 - arr\u00eat\u00e9 autorisant la captation, l'enregistrement et la transmission d'images au moyen de\ncam\u00e9ras install\u00e9es sur des a\u00e9ronefs 9\nQUARTIER DES PROMELLES\nZone d\u00e9limit\u00e9e par les axes suivants :- Chemin de la Luquette- Veille route d'Anduze- Chemin des Tabans- Chemin des Dupines- Avenue Olivier des Serres\nPrefecture du Gard - 30-2026-02-18-00001 - arr\u00eat\u00e9 autorisant la captation, l'enregistrement et la transmission d'images au moyen de\ncam\u00e9ras install\u00e9es sur des a\u00e9ronefs 10\n= 4) = \u00a9 7 - :\na, =m\u00e9 Len :7 te\n.  ~* .== Len . :. = :\nata?  Led\nPrefecture du Gard - 30-2026-02-18-00001 - arr\u00eat\u00e9 autorisant la captation, l'enregistrement et la transmission d'images au moyen de\ncam\u00e9ras install\u00e9es sur des a\u00e9ronefs 11\nQuartier PRES SAINT JEANZone d\u00e9limit\u00e9e par les axes suivants :- Quai du 11 novembre 1918- Quai du 8 mai 1945 |- Avenue Maurice Thorez- Quai de Grabieux- Avenued'Alsace- Rue du faubourg d'Auvergne- Quai Boissier de Sauvages .\nPrefecture du Gard - 30-2026-02-18-00001 - arr\u00eat\u00e9 autorisant la captation, l'enregistrement et la transmission d'images au moyen de\ncam\u00e9ras install\u00e9es sur des a\u00e9ronefs 12\nPrefecture du Gard - 30-2026-02-18-00001 - arr\u00eat\u00e9 autorisant la captation, l'enregistrement et la transmission d'images au moyen de\ncam\u00e9ras install\u00e9es sur des a\u00e9ronefs 13\nQUARTIER DE ROCHEBELLEZone d\u00e9limit\u00e9e par les axes suivants :- Qual du 11 Novembre- Quai de Kilmarnoch- pont de Rochebelle- rue du Faubourg Rochebelle- chemin de tireloup~ chemin de St Raby- rue Jean Giono\nPrefecture du Gard - 30-2026-02-18-00001 - arr\u00eat\u00e9 autorisant la captation, l'enregistrement et la transmission d'images au moyen de\ncam\u00e9ras install\u00e9es sur des a\u00e9ronefs 14\nEn\nPrefecture du Gard - 30-2026-02-18-00001 - arr\u00eat\u00e9 autorisant la captation, l'enregistrement et la transmission d'images au moyen de\ncam\u00e9ras install\u00e9es sur des a\u00e9ronefs 15\nPrefecture du Gard\n30-2026-02-18-00002\narr\u00eat\u00e9 autorisant la captation, l'enregistrement\net la transmission d'images au moyen de\ncam\u00e9ras install\u00e9es sur des a\u00e9ronefs\nPrefecture du Gard - 30-2026-02-18-00002 - arr\u00eat\u00e9 autorisant la captation, l'enregistrement et la transmission d'images au moyen de\ncam\u00e9ras install\u00e9es sur des a\u00e9ronefs 16\n| CABINETPREFET DIRECTION DES SECURITESon GARE Service d'animation des politiquesEgalit\u00e9 de s\u00e9curit\u00e9 int\u00e9rieureFRANS | Bureau des polices administratives\nARR\u00caT\u00c9 N\u00b030-2026-18-02-0003autorisant la captation, l'enregistrement et la transmission d'imagesau moyen de cam\u00e9ras install\u00e9es sur des a\u00e9ronefsLe Pr\u00e9fet du GardChevalier de la L\u00e9gion d'HonneurOfficier de l'Ordre National du M\u00e9riteVu le code de la s\u00e9curit\u00e9 int\u00e9rieure et notamment ses articles L. 242-1 \u00e0 L. 242-8 et KR. 242-8 aR. 242-14 ;Vu le d\u00e9cret n\u00b0 2004-374 du 29 avril 2004 relatif aux pouvoirs des pr\u00e9fets, \u00e0 l'organisation et \u00e0l'action des services de l'\u00c9tat dans les r\u00e9gions et d\u00e9partements ;Vu le d\u00e9cret du 13 juillet 2023 nommant M. J\u00e9r\u00f4me BONET, pr\u00e9fet du Gard,Vu l'arr\u00eat\u00e9 pr\u00e9fectoral du 18 octobre 2024 n\u00b030-2024-10-18-00005 donnant d\u00e9l\u00e9gation designature \u00e0 M. Yann GERARD, secr\u00e9taire g\u00e9n\u00e9ral de la pr\u00e9fecture du Gard, sous-pr\u00e9fet de N\u00eemes ;Vu l'arr\u00eat\u00e9 pr\u00e9fectoral du 18 octobre 2024 n\u00b030-2024-10-18-00006 donnant d\u00e9l\u00e9gation designature \u00e0 M. Mathias NIEPS, sous-pr\u00e9fet, charg\u00e9 de mission aupr\u00e8s du pr\u00e9fet du Gard,secr\u00e9taire g\u00e9n\u00e9ral adjoint de la pr\u00e9fecture du Gard;Vu l'arr\u00eat\u00e9 pr\u00e9fectoral n\u00b030-2024-10-18-00009 du 18 octobre 2024 donnant d\u00e9l\u00e9gation designature a Madame Marie-Charlotte EUVRARD, sous-pr\u00e9f\u00e8te, directrice de cabinet du pr\u00e9fet duGard;Vu l'arr\u00eat\u00e9 pr\u00e9fectoral n\u00b0 30-2024-11-28-00004 du 28 novembre 2024 donnant d\u00e9l\u00e9gation de signaturea M. Franck LACOSTE, directeur des s\u00e9curit\u00e9s, directeur de cabinet adjoint du pr\u00e9fet du Gard ;Vu l'activation du plan Vigipirate au niveau urgence attentat;Vu l'arr\u00eat\u00e9 du ministre de l'Int\u00e9rieur et des outre-mer, en date du 19 avril 2023 relatif au nombremaximal de cam\u00e9ras install\u00e9es sur des a\u00e9ronefs pouvant \u00e9tre simultan\u00e9ment utilis\u00e9es danschaque d\u00e9partement et collectivit\u00e9 d'outre-mer ;Vu l'arr\u00eat\u00e9 n\u00b030-2024-07-05 du 7 mai 2024 autorisant la captation, l'enregistrement et latransmission d'images au moyen de cam\u00e9ras install\u00e9es sur des a\u00e9ronefs ;Vu la demande en date du 04 f\u00e9vrier 2026, form\u00e9e par la direction interd\u00e9partementale de lapolice nationale, visant \u00e0 obtenir l'autorisation de capter, d'enregistrer et de transmettre desimages au moyen de drone, afin de pr\u00e9venir les atteintes \u00e0 la s\u00e9curit\u00e9 des personnes et des biensau sein du p\u00e9rim\u00e8tre pr\u00e9cis\u00e9 en annexe du pr\u00e9sent arr\u00eat\u00e9, \u00e0 Bagnols-sur-C\u00e8ze dans le cadred'op\u00e9rations coordonn\u00e9es cibl\u00e9es du vendredi 20 f\u00e9vrier 2026 \u00e0 6h00 au dimanche 8 mars 2026\u00e0 21h00;\nH\u00f4tel de la Pr\u00e9fecture 10 avenue Feuch\u00e9res \u2014 30045 NIMES CEDEX 9T\u00e9l : 04.66.36.43.90- Fax : 04.66.36.00.87 \u2014 www.gard.gouv.fr\nPrefecture du Gard - 30-2026-02-18-00002 - arr\u00eat\u00e9 autorisant la captation, l'enregistrement et la transmission d'images au moyen de\ncam\u00e9ras install\u00e9es sur des a\u00e9ronefs 17\nConsid\u00e9rant que les dispositions susvis\u00e9es permettent aux forces de s\u00e9curit\u00e9 int\u00e9rieure, dansl'exercice de leurs missions de protection de la s\u00e9curit\u00e9 des personnes et des biens, de proc\u00e9der\u00e0 la captation, \u00e0 l'enregistrement et \u00e0 la transmission d'images au moyen de cam\u00e9ras install\u00e9essur des a\u00e9ronefs aux fins d'assurer la s\u00e9curit\u00e9 des personnes et des biens; que notamment, le1\u00b0 de l'article L. 242-5 susvis\u00e9 pr\u00e9voit que ces dispositifs peuvent \u00eatre mis en \u0153uvre au titre de lapr\u00e9vention des atteintes \u00e0 la s\u00e9curit\u00e9 des personnes et des biens dans des lieux particuli\u00e8rementexpos\u00e9s, en raison de leurs caract\u00e9ristiques ou des faits qui s'y sont d\u00e9j\u00e0 d\u00e9roul\u00e9s, \u00e0 des risquesd'agression, de vol ou de trafics d'armes, d'\u00eatres humains ou de stup\u00e9fiants, ainsi que laprotection des b\u00e2timents et installations publics et de leurs abords imm\u00e9diats, lorsqu'ils sontparticuli\u00e8rement expos\u00e9s \u00e0 des risques d'intrusion ou de d\u00e9gradations ;Consid\u00e9rant que le point de deal principal de la commune de Bagnols-sur-C\u00e8ze se situe dans lequartier dit des \u00ab Escanaux \u00bb surnomm\u00e9 \u00ab la Gitanie \u00bb ;Consid\u00e9rant la r\u00e9gularit\u00e9 des interpellations et les contr\u00f4les g\u00e9n\u00e9rant des amendes forfaitairesd\u00e9lictuelles et des conduites sous stup\u00e9fiants \u00e0 l'encontre des acheteurs quittant le point dedeal;Consid\u00e9rant que le point de deal des Escanaux est connu au plan national;Consid\u00e9rant que plusieurs \u00e9v\u00e8nements organis\u00e9s par les d\u00e9linquants pour am\u00e9liorer leur imageont particuli\u00e8rement attir\u00e9 l'attention avec la mise en place gratuite de structures gonflablesdans le quartier pour les enfants, avec la distribution de flyers aux habitants du quartier pours'excuser de la g\u00eane occasionn\u00e9e par leur activit\u00e9 tout en leur proposant diff\u00e9rents services etavec la diffusion de vid\u00e9os mettant en sc\u00e8ne les dealers pendant les derni\u00e8res f\u00eates de no\u00ebl etdujour de l'an 2026;Consid\u00e9rant que des menaces de mort avec exhibition d'armes de poing ont d\u00e9j\u00e0 \u00e9t\u00e9 prof\u00e9r\u00e9espar les guetteurs du point de deal \u00e0 l'encontre de lyc\u00e9ens pr\u00e9sents au stade L\u00e9o LAGRANGEpendant leur cours de sport, menaces de mort qui ont consid\u00e9rablement \u00e9mu la communaut\u00e9\u00e9ducative de la commune et la direction des services acad\u00e9miques du Gard ;Consid\u00e9rant que les partenaires manifestent tous un besoin d'Etat pour r\u00e9pondre auxconcentrations dejeunes sur ce point de deal;Consid\u00e9rant que la configuration des lieux et son architecture ne sont pas favorables aux forcesde s\u00e9curit\u00e9 int\u00e9rieure qui interviennent ; |Consid\u00e9rant qu'il s'agit d'un ensemble d'immeubles d'habitations de 5 niveaux disposant desous-sols, de rez-de-chauss\u00e9e, d' espaces verts, de parkings et d' acc\u00e8s \u00e0 des terrains de sport quifavorisent la fuite des d\u00e9linquants avec en outre une voie de circulation principale desservantcet ensemble urbain ;Consid\u00e9rant la multiplication r\u00e9cente du nombre de guetteurs pour d\u00e9tecter l'arriv\u00e9e des forcesde s\u00e9curit\u00e9 int\u00e9rieure ;Consid\u00e9rant que ces quartiers ne sont pas totalement couverts par les cam\u00e9ras de vid\u00e9osurveillance de la ville de Bagnols-sur-C\u00e8ze, les cam\u00e9ras sont soit ext\u00e9rieures au quartier, soitvolontairement d\u00e9truites par les d\u00e9linquants ;Consid\u00e9rant que, compte tenu du risque d'atteintes \u00e0 la s\u00e9curit\u00e9 des personnes et des biens, durisque de troubles \u00e0 l'ordre public et \u00e0 la s\u00e9curit\u00e9 publique, de la sensibilit\u00e9 des quartiers, del'ampleur de la zone \u00e0 s\u00e9curiser et de la topographie urbaine des lieux concern\u00e9s, de l'int\u00e9r\u00eat dedisposer d'une vision en grand angle pour permettre le maintien et le r\u00e9tablissement de l'ordrepublic et le suivi de la concentration des flux et des mouvements de personnes tout en limitant\nPrefecture du Gard - 30-2026-02-18-00002 - arr\u00eat\u00e9 autorisant la captation, l'enregistrement et la transmission d'images au moyen de\ncam\u00e9ras install\u00e9es sur des a\u00e9ronefs 18\nl'engagement des forces au sol, le recours au dispositif de captation install\u00e9 sur un drone estn\u00e9cessaire et adapt\u00e9 ; |Consid\u00e9rant que sur ce secteur l'appui a\u00e9rien par drone a d\u00e9j\u00e0 confirm\u00e9 l'existence de trafics destup\u00e9fiant que ces surveillances coordonn\u00e9es avec d'autres effectifs au sol ont permisl'interpellation des acteurs de ce trafic et que plusieurs quantit\u00e9s de stup\u00e9fiants, des sommesd'argent, et des armes ont \u00e9t\u00e9 saisies ;Consid\u00e9rant que pour le mois de janvier 33 personnes mises en cause ont \u00e9t\u00e9 interpell\u00e9es ;Consid\u00e9rant qu'au cours du mois de janvier 2026 0,1562 kilo de cocaine, 10 cachets d'ecstasy,0,1980 kilo d'herbe de cannabis et 1,858 kilo de r\u00e9sine de cannabis ont \u00e9t\u00e9 saisis ;Consid\u00e9rant que la demande porte sur l'engagement de deux drones muni d'une cam\u00e9raa\u00e9roport\u00e9e pour une dur\u00e9e de 17 jours dans les secteurs d\u00e9limit\u00e9s par le plan joint au pr\u00e9sentarr\u00eat\u00e9; que les lieux surveill\u00e9s sont strictement limit\u00e9s au p\u00e9rim\u00e8tre sur lequel les risques pour las\u00e9curit\u00e9 des personnes sont susceptibles de survenir; qu'au regard des circonstancessusmentionn\u00e9es, la demande n'appara\u00eet pas disproportionn\u00e9e;Consid\u00e9rant que le recours \u00e0 la captation, l'enregistrement et la transmission d'images feral'objet d'une publication au recueil des actes administratifs de la pr\u00e9fecture du Gard; quetoutefois, en vertu de l'article R. 242-13 du code de la s\u00e9curit\u00e9 int\u00e9rieure, il y a lieu de d\u00e9roger auprincipe d'information du public d\u00e8s lors que cette information est en contradiction avec lafinalit\u00e9 pour laquelle le dispositif est autoris\u00e9 ; qu'en l'esp\u00e8ce, eu \u00e9gard au climatparticuli\u00e8rement sensible r\u00e9gnant dans les quartiers concern\u00e9s et aux tensions qui y sontr\u00e9guli\u00e8rement constat\u00e9es, une telle information serait de nature \u00e0 accro\u00eetre ce climat et cestensions;Sur proposition de la directrice de cabinet du pr\u00e9fet du Gard;Arr\u00eateArticle 1: La captation, l'enregistrement et la transmission d'images par la directioninterd\u00e9partementale de la police nationale, est autoris\u00e9e au titre de la pr\u00e9vention des atteintes \u00e0la s\u00e9curit\u00e9 des personnes et des biens et de l'appui des personnes au sol en vue de leurpermettre de maintenir ou de r\u00e9tablir l'ordre public.Article 2: Le nombre maximal de cam\u00e9ras pouvant proc\u00e9der simultan\u00e9ment aux traitementsmentionn\u00e9s \u00e0 l'article 1\" est fix\u00e9 \u00e0 2 (mod\u00e8le DJI Matrice AT).Article 3 : La pr\u00e9sente autorisation est limit\u00e9e au p\u00e9rim\u00e8tre g\u00e9ographique figurant sur le planjoint en annexe.Article 4 : La pr\u00e9sente autorisation est d\u00e9livr\u00e9e du vendredi 20 f\u00e9vrier 2026 \u00e0 06h00 au dimanche8 mars 2026 \u00e0 21h00, pour proc\u00e9der aux traitements mentionn\u00e9s \u00e0 l'article 1\u00b0 \u00e0 tout moment dela journ\u00e9e entre 06h00 et 21h00, sur une dur\u00e9e qui ne peut pas exc\u00e9der quatre heurescons\u00e9cutives.Article 5 : Le registre mentionn\u00e9 \u00e0 l'article L. 242-4 du code de la s\u00e9curit\u00e9 int\u00e9rieure est transmisau repr\u00e9sentant de l'\u00c9tat dans le d\u00e9partement \u00e0 l'issue de l'\u00e9v\u00e8nement.Article 6 : Le pr\u00e9sent arr\u00eat\u00e9 est publi\u00e9 au recueil des actes administratifs de la pr\u00e9fecture et peut\u00eatre contest\u00e9 dans les deux mois suivant sa notification :- soit par voie de recours gracieux form\u00e9 aupr\u00e8s de M. le Pr\u00e9fet du Gard;- soit par voie de recours hi\u00e9rarchique form\u00e9 aupr\u00e8s de M. le Ministre de l'Int\u00e9rieur;\nPrefecture du Gard - 30-2026-02-18-00002 - arr\u00eat\u00e9 autorisant la captation, l'enregistrement et la transmission d'images au moyen de\ncam\u00e9ras install\u00e9es sur des a\u00e9ronefs 19\n- soit par voie de recours contentieux d\u00e9pos\u00e9 devant le tribunal administratif deNimes.Le tribunal administratif peut aussi \u00eatre saisi par l'application informatique 'TelerecoursCitoyens', accessible par le site internet www.telerecours.fr.Article 7 : la directrice de cabinet du pr\u00e9fet du Gard et le directeur interd\u00e9partemental de lapolice nationale sont charg\u00e9s, chacun en ce qui le concerne, de l'ex\u00e9cution du pr\u00e9sent arr\u00eat\u00e9.\nN\u00eemes, le 18 f\u00e9vrier 2026\na ehDirectricede cabinetCc\nPrefecture du Gard - 30-2026-02-18-00002 - arr\u00eat\u00e9 autorisant la captation, l'enregistrement et la transmission d'images au moyen de\ncam\u00e9ras install\u00e9es sur des a\u00e9ronefs 20\nLes Escanaux \u2014 Bagnols sur C\u00e8ze\nles axes suivants :\u00e9e parlazone d\u00e9limit- avenue de la Mayre- avenue Charrier- rue St Victor- rue Marc Sangnier\nPrefecture du Gard - 30-2026-02-18-00002 - arr\u00eat\u00e9 autorisant la captation, l'enregistrement et la transmission d'images au moyen de\ncam\u00e9ras install\u00e9es sur des a\u00e9ronefs 21\nk7aoe7=,iLenen...May1:|CHERsky?7a7=,=Ls-a=a_eAS=_it_cf1\u00bb4yy_ase,\"tes\",+snra\".nia:L\"+1ERLoe=aLEE_\u2014EsDE-,nnmr7%2OU\u2014a*7_==.17_7\u2014__oeSthnneegies'aromRes\nPrefecture du Gard - 30-2026-02-18-00002 - arr\u00eat\u00e9 autorisant la captation, l'enregistrement et la transmission d'images au moyen de\ncam\u00e9ras install\u00e9es sur des a\u00e9ronefs 22\nPrefecture du Gard\n30-2026-02-18-00003\narr\u00eat\u00e9 autorisant la captation, l'enregistrement\net la transmission d'images au moyen de\ncam\u00e9ras install\u00e9es sur des a\u00e9ronefs\nPrefecture du Gard - 30-2026-02-18-00003 - arr\u00eat\u00e9 autorisant la captation, l'enregistrement et la transmission d'images au moyen de\ncam\u00e9ras install\u00e9es sur des a\u00e9ronefs 23\n| CABINETPREFET DIRECTION DES SECURITESpn GARD Service d'animation des politiquesEgalit\u00e9 | de s\u00e9curit\u00e9 int\u00e9rieureFraternit\u00e9 Bureau des polices administratives\nARR\u00caT\u00c9 N\u00b030-2026-18-02-0001autorisant la captation, l'enregistrement et la transmission d'imagesau moyen de cam\u00e9ras install\u00e9es sur des a\u00e9ronefs\nLe Pr\u00e9fet du GardChevalier de la L\u00e9gion d'HonneurOfficier de l'Ordre National du M\u00e9riteVu le code de la s\u00e9curit\u00e9 int\u00e9rieure et notamment ses articles L. 242-1 \u00e0 L. 242-8 et R. 242-8 \u00e0R. 242-14 ;Vu le d\u00e9cret n\u00b0 2004-374 du 29 avril 2004 relatif aux pouvoirs des pr\u00e9fets, \u00e0 l'organisation et al'action des services de l'\u00c9tat dans les r\u00e9gions et d\u00e9partements ;Vu le d\u00e9cret du 13juillet 2023 nommant M. J\u00e9r6me BONET, pr\u00e9fet du Gard,Vu l'arr\u00eat\u00e9 pr\u00e9fectoral du 18 octobre 2024 n\u00b030-2024-10-18-00005 donnant d\u00e9l\u00e9gation designature \u00e0 M. Yann GERARD, secr\u00e9taire g\u00e9n\u00e9ral de la pr\u00e9fecture du Gard, sous-pr\u00e9fet de N\u00eemes ;Vu l'arr\u00eat\u00e9 pr\u00e9fectoral du 18 octobre 2024 n\u00b030-2024-10-18-00006 donnant d\u00e9l\u00e9gation designature \u00e0 M. Mathias NIEPS, sous-pr\u00e9fet, charg\u00e9 de mission aupr\u00e8s du pr\u00e9fet du Gard,secr\u00e9taire g\u00e9n\u00e9ral adjoint de la pr\u00e9fecture du Gard;Vu l'arr\u00eat\u00e9 pr\u00e9fectoral n\u00b030-2024-10-18-00009 du 18 octobre 2024 donnant d\u00e9l\u00e9gation designature \u00e0 Madame Charlotte EUVRARD, sous-pr\u00e9f\u00e8te, directrice de cabinet du pr\u00e9fet du Gard ;Vu l'arr\u00eat\u00e9 pr\u00e9fectoral n\u00b0 30-2024-11-28-00004 du 28 novembre 2024 donnant d\u00e9l\u00e9gation de signature\u00e0 M. Franck LACOSTE, directeur des s\u00e9curit\u00e9s, directeur de cabinet adjoint du pr\u00e9fet du Gard;Vu l'activation du plan Vigipirate au niveau urgence attentat;Vu l'arr\u00eat\u00e9 du ministre de l'Int\u00e9rieur et des outre-mer, en date du 19 avril 2023 relatif au nombremaximal de cam\u00e9ras install\u00e9es sur des a\u00e9ronefs pouvant \u00eatre simultan\u00e9ment utilis\u00e9es danschaque d\u00e9partement et collectivit\u00e9 d'outre-mer ;Vu l'arr\u00eat\u00e9 n\u00b030-2024-07-05 du 7 mai 2024 autorisant la captation, l'enregistrement et latransmission d'images au moyen de cam\u00e9ras install\u00e9es sur des a\u00e9ronefs ;Vu la demande en date du 04 f\u00e9vrier 2026, form\u00e9e par la direction interd\u00e9partementale de lapolice nationale, visant \u00e0 obtenir l'autorisation de capter, d'enregistrer et de transmettre desimages au moyen de deux drones portant chacun une cam\u00e9ra, afin de pr\u00e9venir les atteintes \u00e0 las\u00e9curit\u00e9 des personnes et des biens au sein des p\u00e9rim\u00e8tres pr\u00e9cis\u00e9s en annexe du pr\u00e9sent arr\u00eat\u00e9,\nH\u00f4tel de la Pr\u00e9fecture 10 avenue Feuch\u00e8res \u2014 30045 NIMES CEDEX 9T\u00e9l : 04.66.36.43.90- Fax : 04.66.36.00.87 \u2014 www.gard.gouv.fr\nPrefecture du Gard - 30-2026-02-18-00003 - arr\u00eat\u00e9 autorisant la captation, l'enregistrement et la transmission d'images au moyen de\ncam\u00e9ras install\u00e9es sur des a\u00e9ronefs 24\na Nimes dans le cadre d'op\u00e9rations coordonn\u00e9es cibl\u00e9es du vendredi 20 f\u00e9vrier \u00e0 6h00 audimanche 8 mars 2026 \u00e0 21h00;Consid\u00e9rant que les dispositions susvis\u00e9es permettent aux forces de s\u00e9curit\u00e9 int\u00e9rieure, dansl'exercice de leurs missions de protection de la s\u00e9curit\u00e9 des personnes et des biens, de proc\u00e9der\u00e0 la captation, \u00e0 l'enregistrement et \u00e0 la transmission d'images au moyen de cam\u00e9ras install\u00e9essur des a\u00e9ronefs; que notamment, le 1\u00b0 de l'article L. 242-5 susvis\u00e9 pr\u00e9voit que ces dispositifspeuvent \u00eatre mis en \u0153uvre au titre de la pr\u00e9vention des atteintes \u00e0 la s\u00e9curit\u00e9 des personnes etdes biens dans des lieux particuli\u00e8rement expos\u00e9s, en raison de leurs caract\u00e9ristiques ou des faitsqui s'y sont d\u00e9j\u00e0 d\u00e9roul\u00e9s, \u00e0 des risques d'agression, de vol ou de trafics d'armes, d'\u00eatres humainsou de stup\u00e9fiants, ainsi que la protection des b\u00e2timents et installations publics et de leursabords imm\u00e9diats, lorsqu'ils sont particuli\u00e8rement expos\u00e9s \u00e0 des risques d'intrusion ou ded\u00e9gradations ;Consid\u00e9rant que depuis plusieurs mois, la ville de N\u00eemes conna\u00eet un important trafic destup\u00e9fiants ; que ces derni\u00e8res semaines la r\u00e9currence et la gravit\u00e9 des faits de d\u00e9linquance devoie publique li\u00e9s \u00e0 ce trafic mobilisent de fa\u00e7on significative les forces de l'ordre et les moyensde secours ;Consid\u00e9rant que l'actualit\u00e9 reste soutenue par de nombreux faits de violence avec arme, tird'intimidation, homicide et tentative d'homicide; derni\u00e8rement, entre le 27 juin et le 26 juillet,11 fusillades ont eu lieu dans les diff\u00e9rents quartiers sensibles de Nimes faisant 10 bless\u00e9s et 3tu\u00e9s, la derni\u00e8re fusillade a eu lieu le samedi 26juillet, son auteur a \u00e9t\u00e9 interpell\u00e9;Consid\u00e9rant que la DIPN b\u00e9n\u00e9ficie de renforts zonaux et mobiles ;Consid\u00e9rant que dans le cadre du PADRSQ/OVSR \u00e0 Nimes, des op\u00e9rations de contr\u00f4le etd'occupation de la voie publique sont en cours pour lutter contre le narcotrafic et les fusillades;Consid\u00e9rant que lors de leurs interventions les forces de l'ordre subissent de nombreux jets deprojectiles ;Consid\u00e9rant que les quartiers ouest de la ville de Nimes (Pissevin Valdegour) class\u00e9s quartier dereconqu\u00eate r\u00e9publicaine (QRR) connaissent en 2025 des faits de r\u00e8glements de comptesignificatifs sans pr\u00e9c\u00e9dent avec trois points de deal r\u00e9pertori\u00e9s dont celui de la galerie Wagnerreste sans conteste le point le plus disput\u00e9 de la ville de N\u00eemes pour ses revenus attractifs ;Consid\u00e9rant l'intensification des pressions, menaces et contr\u00f4les exerc\u00e9s sur les habitants et lesservices publics par les membres du trafic de stup\u00e9fiants ;Consid\u00e9rant que des op\u00e9rations de contr\u00f4le sont organis\u00e9es toutes les semaines permettant lad\u00e9couverte et la saisie de quantit\u00e9s importantes de produits stup\u00e9fiants, d'armes etl'interpellation des acteurs de ces trafics ;Consid\u00e9rant que les quartiers de Pissevin et Valdegour (QRR) b\u00e9n\u00e9ficient du programme derenouvellement urbain (ANRU) et d'un engagement de nombreuses soci\u00e9t\u00e9s sur diff\u00e9rentschantiers dont les employ\u00e9s ont fait valoir leur droit de retrait apr\u00e8s avoir \u00e9t\u00e9 menac\u00e9s et dontles zones de travaux ont subi des d\u00e9gradations ;Consid\u00e9rant que l'architecture du quartier n'est pas favorable aux interventions de la police avecun ensemble urbain compos\u00e9 de tours de grande hauteur disposant d'acc\u00e8s de part et d'autre etd'esplanades desservant des halls d'entr\u00e9e, des parkings et des terrasses qui multiplient lespossibilit\u00e9s de fuite ;\nPrefecture du Gard - 30-2026-02-18-00003 - arr\u00eat\u00e9 autorisant la captation, l'enregistrement et la transmission d'images au moyen de\ncam\u00e9ras install\u00e9es sur des a\u00e9ronefs 25\nConsid\u00e9rant que les auteurs des trafics ont l'opportunit\u00e9 d'acc\u00e9der aux toits des b\u00e2timents quirestent un lieu privil\u00e9gi\u00e9 pour les guetteurs ;Consid\u00e9rant qu'au cours du mois janvier 2026 33 personnes mises en cause ont \u00e9t\u00e9 interpell\u00e9es ;Consid\u00e9rant que les quartiers Est du Chemin Bas d'Avignon, Clos d'Orville et du Mas de Minguesont particuli\u00e8rement touch\u00e9s par le trafic de stup\u00e9fiants avec trois points de deal situ\u00e9s pourdeux d'entre eux en face d'\u00e9tablissements scolaires ;Consid\u00e9rant les pressions et menaces sur les habitants et les employ\u00e9s des services publics (Laposte, transports en commun...) ;Consid\u00e9rant que dans ce quartier ouvert qui comprend de nombreuses voies d'acc\u00e9s et unhabitat compos\u00e9 d'immeubles de taille moyenne et de zones v\u00e9g\u00e9talis\u00e9es la fuite desprotagonistes du trafic est particuli\u00e8rement ais\u00e9e rendant les interventions des forces de l'ordreplus compliqu\u00e9es ;Consid\u00e9rant que depuis plusieurs semaines, il a \u00e9t\u00e9 constat\u00e9 une reprise d'activit\u00e9 intense sur lepoint de deal du Chemin Bas d'Avignon, avec de nombreuses interpellations r\u00e9alis\u00e9es gr\u00e2ce \u00e0des renforts et des effectifs locaux ;Consid\u00e9rant qu'au cours du mois de janvier 2026 34 personnes mises en causes ont \u00e9t\u00e9interpell\u00e9es ;Consid\u00e9rant que le secteur du centre-ville de N\u00eemes est marqu\u00e9 par une tendance \u00e0 lamultiplication de plusieurs points de deal (de petite envergure) en centre-ville (Placette, NordGambetta, rue Nationale) ainsi que le secteur Vistre ;Consid\u00e9rant que pr\u00e8s de 30 % des faits constat\u00e9s sur N\u00eemes concernent le centre ville, 42 % desatteintes concernent les biens (cambriolages, vols de voiture, d\u00e9gradations de biens publics oupriv\u00e9s);Consid\u00e9rant que le secteur du Vistre pr\u00e9sente une architecture atypique soulign\u00e9e par une seulevoie d'acc\u00e8s (rue du Vistre), une entr\u00e9e marqu\u00e9e par deux grands b\u00e2timents surmontant desparkings, deux blocs de logements et de commerces \u00e0 l'arri\u00e8re le tout compl\u00e9t\u00e9 par des jardinset des parcs publics ;Consid\u00e9rant que les op\u00e9rations men\u00e9es sur cette zone ont d\u00e9montr\u00e9 la naissance d'une forteactivit\u00e9 li\u00e9e au trafic de stup\u00e9fiants et que les acteurs du trafic profitent de la dispositiong\u00e9ographique du secteur du Vistre pour se dissimuler ou prendre la fuite ;Consid\u00e9rant que trois points de deal sont r\u00e9pertori\u00e9s sur l'ensemble de cette zone ;Consid\u00e9rant qu'au cours du mois de janvier 2026 44 personnes mises en cause ont \u00e9t\u00e9interpell\u00e9es ;Consid\u00e9rant que les contr\u00f4les r\u00e9guliers men\u00e9s pour .endiguer le ph\u00e9nom\u00e8ne ont permis lad\u00e9couverte derni\u00e8rement de plusieurs kilos de stup\u00e9fiants ;Consid\u00e9rant qu'au cours du mois de janvier 2026 0,857 kilo de r\u00e9sine de cannabis, 0,135 kilod'herbe de cannabis et 0,2162 kilo de cocaine ont \u00e9t\u00e9 saisis ;Consid\u00e9rant que ces quartiers ne sont pas couverts par les cam\u00e9ras de vid\u00e9o surveillance, que lescam\u00e9ras sont soient ext\u00e9rieures aux quartiers soit volontairement d\u00e9truites par les d\u00e9linquants ;Consid\u00e9rant que sur chacun de ces secteurs, l'appui a\u00e9rien par drone a confirm\u00e9 l'existence detrafics de stup\u00e9fiants et r\u00e9v\u00e9l\u00e9 la commission d'infractions connexes; que ces surveillances,\nPrefecture du Gard - 30-2026-02-18-00003 - arr\u00eat\u00e9 autorisant la captation, l'enregistrement et la transmission d'images au moyen de\ncam\u00e9ras install\u00e9es sur des a\u00e9ronefs 26\ncoordonn\u00e9es avec d'autres effectifs au sol, ont permis l'interpellation des acteurs du trafic(acheteurs, guetteurs, vendeurs et tr\u00e9sorier) et la saisie de stup\u00e9fiants, d'argent et d'armes ;Consid\u00e9rant que les op\u00e9rations de trafic peuvent d\u00e9buter \u00e0 tout moment de la journ\u00e9e entre6h00 et 21h00 mais pour une dur\u00e9e de temps tr\u00e8s limit\u00e9e ;Consid\u00e9rant que, compte tenu du risque d'atteintes a la s\u00e9curit\u00e9 des personnes et des biens, durisque de troubles \u00e0 l'ordre public et \u00e0 la s\u00e9curit\u00e9 publique, de la sensibilit\u00e9 des quartiers, del'ampleur de la zone \u00e0 s\u00e9curiser et de la topographie urbaine des lieux concern\u00e9s, de l'int\u00e9r\u00eat dedisposer d'une vision en grand angle pour permettre le maintien et le r\u00e9tablissement de l'ordrepublic et le suivi de la concentration des flux et des mouvements de personnes tout en limitantl'engagement des forces au sol, le recours au dispositif de captation install\u00e9 sur un drone estn\u00e9cessaire et adapt\u00e9 ;Consid\u00e9rant que la demande porte sur l'engagement de deux drones munis d'une cam\u00e9raa\u00e9roport\u00e9e pour une dur\u00e9e de 17 jours dans les secteurs d\u00e9limit\u00e9s par le plan joint au pr\u00e9sentarr\u00eat\u00e9; que les lieux surveill\u00e9s sont strictement limit\u00e9s au p\u00e9rim\u00e8tre sur lequel les risques pour las\u00e9curit\u00e9 des personnes sont susceptibles de survenir; qu'au regard des circonstancessusmentionn\u00e9es, la demande n'appara\u00eet pas disproportionn\u00e9e;Consid\u00e9rant que le recours \u00e0 la captation, l'enregistrement et la transmission d'images feral'objet d'une publication au recueil des actes administratifs de la pr\u00e9fecture du Gard; quetoutefois, en vertu de l'article R. 242-13 du code de la s\u00e9curit\u00e9 int\u00e9rieure, il y a lieu de d\u00e9roger auprincipe d'information du public d\u00e8s lors que cette information est en contradiction avec lafinalit\u00e9 pour laquelle le dispositif est autoris\u00e9; qu'en l'esp\u00e8ce, eu \u00e9gard au climatparticuli\u00e8rement sensible r\u00e9gnant dans les quartiers concern\u00e9s et aux tensions qui y sontr\u00e9guli\u00e8rement constat\u00e9es, une telle information serait de nature \u00e0 accro\u00eetre ce climat et cestensions;Sur proposition de la directrice de cabinet du pr\u00e9fet du Gard;\nArr\u00eate\nArticle 1: La captation, l'enregistrement et la transmission d'images par la directioninterd\u00e9partementale de la police nationale, est autoris\u00e9e au titre de la pr\u00e9vention des atteintes \u00e0la s\u00e9curit\u00e9 des personnes et des biens et de l'appui des forces au sol en vue de leur permettre demaintenir ou de r\u00e9tablir l'ordre public.Article 2: Le nombre maximal de cam\u00e9ras pouvant proc\u00e9der simultan\u00e9ment aux traitementsmentionn\u00e9s \u00e0 l'article 1\" est fix\u00e9 \u00e0 2 (mod\u00e8le DJI Matrice 4T).Article 3 : La pr\u00e9sente autorisation est limit\u00e9e au p\u00e9rim\u00e8tre g\u00e9ographique figurant sur le planjoint en annexe.Article 4 : La pr\u00e9sente autorisation est d\u00e9livr\u00e9e du vendredi 20 f\u00e9vrier 2026 \u00e0 6h00 au dimanche8 mars 2026 \u00e0 21h00, pour proc\u00e9der aux traitements mentionn\u00e9s \u00e0 l'article 1\" \u00e0 tout moment dela journ\u00e9e entre 06h00 et 21h00, sur une dur\u00e9e qui ne peut exc\u00e9der quatre heures cons\u00e9cutives.Article 5 : Le registre mentionn\u00e9 \u00e0 l'article L. 242-4 du code de la s\u00e9curit\u00e9 int\u00e9rieure est transmisau repr\u00e9sentant de l'\u00c9tat dans le d\u00e9partement \u00e0 l'issue de l'\u00e9v\u00e8nement.\nPrefecture du Gard - 30-2026-02-18-00003 - arr\u00eat\u00e9 autorisant la captation, l'enregistrement et la transmission d'images au moyen de\ncam\u00e9ras install\u00e9es sur des a\u00e9ronefs 27\nArticle 6 : Le pr\u00e9sent arr\u00eat\u00e9 est publi\u00e9 au recueil des actes administratifs de la pr\u00e9fecture et peut\u00eatre contest\u00e9 dans les deux mois suivant sa notification :- soit par voie de recours gracieux form\u00e9 aupr\u00e8s de M. le Pr\u00e9fet du Gard;- soit par voie de recours hi\u00e9rarchique form\u00e9 aupr\u00e8s de M. le Ministre de l'Int\u00e9rieur ;- soit par voie de recours contentieux d\u00e9pos\u00e9 devant le tribunal Administratif deN\u00eemes.Le tribunal administratif peut aussi \u00eatre saisi par l'application informatique 'TelerecoursCitoyens', accessible par le site internet www.telerecours.fr.Article 7 : la directrice de cabinet du pr\u00e9fet du Gard et le directeur interd\u00e9partemental de lapolice nationale sont charg\u00e9s, chacun en ce qui le concerne, de l'ex\u00e9cution du pr\u00e9sent arr\u00eat\u00e9.\nN\u00eemes, le 18 f\u00e9vrier 2026\nLe pr\u00e9fet,\nMarie-Charlotte EUVRARD\nPrefecture du Gard - 30-2026-02-18-00003 - arr\u00eat\u00e9 autorisant la captation, l'enregistrement et la transmission d'images au moyen de\ncam\u00e9ras install\u00e9es sur des a\u00e9ronefs 28\njet\u00e9 et quogjatarq-2uo2 pianidso 9D as auCSAAVUS: ajonsd)-aneW\nPrefecture du Gard - 30-2026-02-18-00003 - arr\u00eat\u00e9 autorisant la captation, l'enregistrement et la transmission d'images au moyen de\ncam\u00e9ras install\u00e9es sur des a\u00e9ronefs 29\nCENTRE VILLE / VISTRE\n- Jardin de la fontaine- avenue Jean Jaur\u00e8s - rue d'Aquitaine- rue du cirque romain - rue de l'enclos Rey- rue de la R\u00e9publique - rue de la fa\u00efence- place des ar\u00e8nes - rue Vincent- boulevard de Bruxelles - tue ala lampeze- avenue Feuch\u00e8res ee- boulevard Sergent Triaire -RueAuguste \u2014- boulevard toire - quai de la fontaine- avenue G\u00e9n\u00e9ral Leclerc- boulevard t\"avenue Feucheres ir \u00c0 A- boulevard de Pragues sn bind 4- boulevard Amiral Courbet Bee ie nn- place Gabriel Peri _ \u2014  enera erc- rue Pierre S\u00e9mard NES .\u00c0 - Chemin de la micocoulerie- rue Sully- rue Vincent Faita\nPrefecture du Gard - 30-2026-02-18-00003 - arr\u00eat\u00e9 autorisant la captation, l'enregistrement et la transmission d'images au moyen de\ncam\u00e9ras install\u00e9es sur des a\u00e9ronefs 30\nPrefecture du Gard - 30-2026-02-18-00003 - arr\u00eat\u00e9 autorisant la captation, l'enregistrement et la transmission d'images au moyen de\ncam\u00e9ras install\u00e9es sur des a\u00e9ronefs 31\nCHEMIN BAS D' AVIGNON / MAS DE MINGUE \u2014 CLOS D'ORVILLE\nLimites du secteur : Mas de Mingue, Chemin bas d'Avignon, clos d'orville\n- route de Beaucaire- rue Charles Liotard- rue Cabanes- rue Andr\u00e9 Siegfrid- avenue Bir Hakeim- route d' Avignon- impasse Fran\u00e7ois Granier- chemin du mas d' Alesti- Stade Henri No\u00e9l- avenue Notre Dame de Santa Cruz- avenue Monseigneur Robert Dalverny- avenue Cl\u00e9ment Ader- route d' Avignon- chemin de la serre- chemin bas de gr\u00e9zan- route de Beaucaire\nPrefecture du Gard - 30-2026-02-18-00003 - arr\u00eat\u00e9 autorisant la captation, l'enregistrement et la transmission d'images au moyen de\ncam\u00e9ras install\u00e9es sur des a\u00e9ronefs 32\nPrefecture du Gard - 30-2026-02-18-00003 - arr\u00eat\u00e9 autorisant la captation, l'enregistrement et la transmission d'images au moyen de\ncam\u00e9ras install\u00e9es sur des a\u00e9ronefs 33\nPissevin / Valdegour\nBd Jean JauresRue de VerdunAvenue G. PompidouRoute de SauveChemin de ValdegourBd des Fran\u00e7ais Libres (N106)Bd Pasteur Marc BOEGNER (N106)Avenue G. DayanRue Arnavielle\nPrefecture du Gard - 30-2026-02-18-00003 - arr\u00eat\u00e9 autorisant la captation, l'enregistrement et la transmission d'images au moyen de\ncam\u00e9ras install\u00e9es sur des a\u00e9ronefs 34\nPrefecture du Gard - 30-2026-02-18-00003 - arr\u00eat\u00e9 autorisant la captation, l'enregistrement et la transmission d'images au moyen de\ncam\u00e9ras install\u00e9es sur des a\u00e9ronefs 35\nPrefecture du Gard\n30-2026-02-18-00007\nArr\u00eat\u00e9 N\u00b030-2026-02-18-00007\nportant interdiction des rassemblements festifs \u00e0\ncaract\u00e8re musical et interdiction de circulation\ndes poids lourds transportant du mat\u00e9riel de\nsons \u00e0 destination d'un rassemblement festif \u00e0\ncaract\u00e8re musical non autoris\u00e9 dans le\nd\u00e9partement du Gard\ndu vendredi 20 f\u00e9vrier au lundi 23 f\u00e9vrier 2026\nPrefecture du Gard - 30-2026-02-18-00007 - Arr\u00eat\u00e9 N\u00b030-2026-02-18-00007\nportant interdiction des rassemblements festifs \u00e0 caract\u00e8re musical et interdiction de circulation des poids lourds transportant du\nmat\u00e9riel de sons \u00e0 destination d'un rassemblement festif \u00e0 caract\u00e8re musical non autoris\u00e9 dans le d\u00e9partement du Gard\ndu vendredi 20 f\u00e9vrier au lundi 23 f\u00e9vrier 2026\n36\nCabinet=iFal Direction des s\u00e9curit\u00e9sDU GARD Service d'animation des politiques de s\u00e9curit\u00e9 int\u00e9rieureLibert\u00e9\u00c9galit\u00e9Fraternit\u00e9\nArr\u00eat\u00e9 N\u00b030-2026-02-portant interdiction des rassemblements festifs \u00e0 caract\u00e8re musical et interdiction decirculation des poids lourds transportant du mat\u00e9riel de sons \u00e0 destination d'unrassemblement festif \u00e0 caract\u00e8re musical non autoris\u00e9 dans le d\u00e9partement du Garddu vendredi 20 f\u00e9vrier au lundi 23 f\u00e9vrier 2026\nLe Pr\u00e9fet,Chevalier de la L\u00e9gion d'Honneur,Officier de l'Ordre National du M\u00e9rite,\nVu le Code de la s\u00e9curit\u00e9 int\u00e9rieure, notamment ses articles L.211-1, L.211-5 et suivants,L.211-15, R.211-2 et suivants et R.211-27 et suivants ;Vu le Code de la route ;Vu le Code de la voirie routi\u00e8re ;Vu le Code g\u00e9n\u00e9ral de collectivit\u00e9s territoriales, notamment son article L.2215-1 ;Vu le Code p\u00e9nal, notamment son article 431-9;Vu le d\u00e9cret n\u00b02025-723 du 30juillet 2025 modifiant le d\u00e9cret n\u00b02004-374 du 29 avril 2004modifi\u00e9 relatif aux pouvoirs des pr\u00e9fets a l'organisation et \u00e0 l'action des services de l'\u00c9tatdans les r\u00e9gions et les d\u00e9partements ;Vu le d\u00e9cret du Pr\u00e9sident de la R\u00e9publique du 13 juillet 2023, nommantMonsieur J\u00e9r\u00f4me BONET, pr\u00e9fet du Gard;Vu l'arr\u00eat\u00e9 pr\u00e9fectoral n\u00b030-2024-10-18-00007 du 18 octobre 2024 donnant d\u00e9l\u00e9gation designature a Monsieur Emile SOUMBO, sous-pr\u00e9fet de l'arrondissement d'Al\u00e8s ;Vu l'arr\u00eat\u00e9 pr\u00e9fectoral n\u00b030-2024-10-18-00008 du 18 octobre 2024 donnant d\u00e9l\u00e9gation designature \u00e0 Madame Anne LEVASSEUR, sous-pr\u00e9f\u00e8te de l'arrondissement du Vigan ;Vu l'arr\u00eat\u00e9 pr\u00e9fectoral n\u00b030-2024-10-18-00009 du 18 octobre 2024 donnant d\u00e9l\u00e9gation designature \u00e0 Madame Marie-Charlotte EUVRARD, sous-pr\u00e9f\u00e8te, directrice de cabinet dupr\u00e9fet du Gard;Vu l'arr\u00eat\u00e9 pr\u00e9fectoral n\u00b030-2024-10-18-00005 du 18 octobre 2024 donnant d\u00e9l\u00e9gation designature \u00e0 Monsieur Yann GERARD, secr\u00e9taire g\u00e9n\u00e9ral de la pr\u00e9fecture du Gard, sous-pr\u00e9fet de l'arrondissement de Nimes ; .\nPrefecture du Gard - 30-2026-02-18-00007 - Arr\u00eat\u00e9 N\u00b030-2026-02-18-00007\nportant interdiction des rassemblements festifs \u00e0 caract\u00e8re musical et interdiction de circulation des poids lourds transportant du\nmat\u00e9riel de sons \u00e0 destination d'un rassemblement festif \u00e0 caract\u00e8re musical non autoris\u00e9 dans le d\u00e9partement du Gard\ndu vendredi 20 f\u00e9vrier au lundi 23 f\u00e9vrier 2026\n37\nVu l'arr\u00eat\u00e9 pr\u00e9fectoral n\u00b030-2024-10-18-00006 du 18 octobre 2024 donnant d\u00e9l\u00e9gation designature a Monsieur Mathias NIEPS, sous-pr\u00e9fet, charg\u00e9 de mission aupr\u00e8s du pr\u00e9fet duGard, secr\u00e9taire g\u00e9n\u00e9ral adjoint de la pr\u00e9fecture du Gard ;Vu l'arr\u00eat\u00e9 minist\u00e9riel du 16 avril 2021 relatif \u00e0 l'interdiction de circulation des v\u00e9hicules detransports de marchandises a certaines p\u00e9riodes ;Vu l'instruction minist\u00e9rielle du 16 juillet 2021 relative aux mesures \u00e0 mettre en \u0153uvre dansle cas de rassemblements festifs de jeunes de type festivals (tout type de musique) ou derassemblements festifs de type free party ;Vu l'arr\u00eat\u00e9 pr\u00e9fectoral du 31 ao\u00fbt 2012 relatif a l'emploi du feu dans le d\u00e9partement duGard;Vu l'arr\u00eat\u00e9 pr\u00e9fectoral du 8 janvier 2013 relatif au d\u00e9broussaillement r\u00e9glementaire destin\u00e9\u00e0 diminuer l'intensit\u00e9 des incendies de for\u00eat et a en limiter la propagation dans led\u00e9partement du Gard;Consid\u00e9rant que selon les \u00e9l\u00e9ments d'informations disponibles, notamment lesinformations recueillies aupr\u00e8s des services de la Police Nationale, de la GendarmerieNationale, des rassemblements festifs \u00e0 caract\u00e8re musical de type rave-party sontsusceptibles de regrouper plusieurs milliers de participants, sont \u00e0 pr\u00e9voir dans led\u00e9partement du Gard ;Consid\u00e9rant que plusieurs rassemblements festifs a caract\u00e9re musical de type rave-party;teknival, multi-sons, se sont d\u00e9roul\u00e9s partout sur le territoire national et que, notammentdans le d\u00e9partement du Gard, 4 rassemblements ont \u00e9t\u00e9 recens\u00e9s en 2023 et 1 en 2024;Consid\u00e9rant qu'un rassemblement musical ill\u00e9gal s'est tenu dans le d\u00e9partement du Garddu 19 au 22 avril 2025 r\u00e9unissant 3000 festivaliers, le risque qu'un tel \u00e9v\u00e9nement sereproduise sur le d\u00e9partement du Gard est par cons\u00e9quent av\u00e9r\u00e9 ;Consid\u00e9rant que des effectifs des forces de l'ordre ont \u00e9t\u00e9 pris \u00e0 partie et bless\u00e9s lors de laprise de contact avec les organisateurs du rassemblement ill\u00e9gal du 19 au 22 avril 2025 ;Consid\u00e9rant qu'un rassemblement musical ill\u00e9gal regroupant 10 000 personnes s'est tenudans le d\u00e9partement du Lot du 7 au 11 mai 2025;Consid\u00e9rant qu'un rassemblement musical ill\u00e9gal regroupant environ 200 personnes s'esttenu dans le d\u00e9partement de la Loz\u00e8re du 29 mai 2025 occasionnant des heurts avec lesagriculteurs, n\u00e9cessitant l'intervention des forces de l'ordre;Consid\u00e9rant qu'un rassemblement musical ill\u00e9gal regroupant environ 3000 personnes s'esttenu dans le d\u00e9partement de l'H\u00e9rault du 6 au 9 juin 2025 ;Consid\u00e9rant qu'un rassemblement musical ill\u00e9gal regroupant jusqu'a 12 000 personness'est tenu dans le d\u00e9partement de la Loz\u00e8re du 12 au 14juillet 2025 ; qu'il a \u00e9t\u00e9 d\u00e9nombr\u00e953 bless\u00e9s l\u00e9gers, 41 personnes en urgence relative et une en urgence absolue;Consid\u00e9rant qu'un rassemblement musical ill\u00e9gal regroupant 1200 personnes s'est tenudans le d\u00e9partement de la Dr\u00f4me du 1\u00b0 au 4 ao\u00fbt 2025 dans un parc \u00e9olien, sur une zoneclass\u00e9e \u00ab zone naturelle d'int\u00e9r\u00eat \u00e9cologique, faunistique et floristique \u00bb ;\nPrefecture du Gard - 30-2026-02-18-00007 - Arr\u00eat\u00e9 N\u00b030-2026-02-18-00007\nportant interdiction des rassemblements festifs \u00e0 caract\u00e8re musical et interdiction de circulation des poids lourds transportant du\nmat\u00e9riel de sons \u00e0 destination d'un rassemblement festif \u00e0 caract\u00e8re musical non autoris\u00e9 dans le d\u00e9partement du Gard\ndu vendredi 20 f\u00e9vrier au lundi 23 f\u00e9vrier 2026\n38\nConsid\u00e9rant qu'un rassemblement musical ill\u00e9gal regroupant 2500 personnes s'est tenudans le d\u00e9partement de l'Aude du 29 au 31 ao\u00fbt 2025 dans sur une zone class\u00e9e \u00ab Natura2000 \u00bb, zone ayant subi des incendies en ao\u00fbt 2025;Consid\u00e9rant qu'un rassemblement musical ill\u00e9gal s'est tenu du 27 au 28 septembre 2025dans le d\u00e9partement de l'H\u00e9rault;Consid\u00e9rant qu'un rassemblement musical ill\u00e9gal s'est tenu du 11 au 12 octobre 2025 dansle d\u00e9partement de l'H\u00e9rault ;Consid\u00e9rant l'installation, au cours de la nuit du samedi 29 au dimanche 30 novembre2025, d'un rassemblement festif non autoris\u00e9 se tenant sur le site de la salle de spectacleL'Usine, situ\u00e9e sur le territoire de la commune d'Istres (Bouches-du-Rh\u00f4ne) et ayantentrain\u00e9 des blessures sur 9 fonctionnaires de police ;Consid\u00e9rant l'installation illicite sur un terrain priv\u00e9 dans la commune de Saint-Victor-la-Coste le 31 d\u00e9cembre 2025, qu'une cinquantaine de militaires ont \u00e9t\u00e9 mobilis\u00e9s pour fairecesser l'infraction ainsi que l'arriv\u00e9e de nouveaux festivaliers ;Consid\u00e9rant que sur les dates concern\u00e9es par l'\u00e9v\u00e9nement projet\u00e9, les forces de l'ordre etles services de secours seront particuli\u00e8rement mobilis\u00e9s sur des \u00e9v\u00e9nementsconcomitants, notamment :Festival Au Fil du Jazz - Swing machine invite Max ATGER \u00e0 Collias le 20 f\u00e9vrier;Dub in Circus #12 \u00e0 l'Urban Parc \u00e0 Al\u00e8s le 20 f\u00e9vrier;La s\u00e9curisation des lieux de culte au premier semestre 2026 ;Festival ram\u00e8ne tes mOmes# 3 \u00e0 Nimes le 21 f\u00e9vrier ;Championnat r\u00e9gional d'Occitanie de fond cano\u00eb-kayak au Grau-du-Roi le 21 f\u00e9vrier;Festival Au Fil du Jazz - Overjoyed \u00e0 Aramon le 21 f\u00e9vrier;Ap\u00e9ro ski \u00e0 Saint-Hilaire-d'Ozilhan le 21 f\u00e9vrier;Soir\u00e9e festive \u00e0 Aubord le 21 f\u00e9vrier ;Journ\u00e9e Portes Ouvertes au Conservatoire de N\u00eemes le 21 f\u00e9vrier;32\u00b0\" Traces Blanches de l'Aigoual \u00e0 L'Esp\u00e9rou le 22 f\u00e9vrier;59\u00b0\" Moto-Cross International de Sommi\u00e8res \u00e0 Viellevieille le 22 f\u00e9vrier ;11% Bourse aux antiquit\u00e9s et souvenirs militaires \u00e0 Vauvert le 22 f\u00e9vrier ;Trail Terra Nostrail -1\u00b0\u00b0 \u00e9dition \u00e0 Saint-Quentin-la-Poterie le 22 f\u00e9vrier ;Reconstitution historique \u2014 La Tranch\u00e9e de Saint-Maximin le 22 f\u00e9vrier ;La f\u00eate de la Soupe \u00e0 Liouc le 22 f\u00e9vrier ;Salon Bien \u00eatre et Sant\u00e9 \u00e0 Goudargues du 21 au 22 f\u00e9vrier;Course de C\u00f4te du Pont des Abarines \u00e0 Saint-Jean-du-Gard du 21 au 22 f\u00e9vrier ;N\u00ceMOTOR - Salon Auto Moto R\u00e9tro \u00e0 N\u00eemes du 21 au 22 f\u00e9vrier;Exposition \u00ab # balance ton art \u00bb de Nicolas Gal \u00e0 l'Urban Parc \u00e0 Al\u00e8s du 21 au 22 f\u00e9vrier;Animations festives Occitanes dans le Gard \u00e0 N\u00eemes du 21 au 22 f\u00e9vrier;La s\u00e9curisation des lieux de culte au premier semestre 2026,ainsi que les f\u00eates traditionnelles sur l'ensemble du d\u00e9partement du Gard du 20 au 23f\u00e9vrier 2026 inclus ;Consid\u00e9rant qu'\u00e0 ce jour aucune manifestation de ce type n'a fait l'objet d'une d\u00e9clarationpr\u00e9alable en pr\u00e9fecture du Gard, telle que pr\u00e9vue par l'article L.211-5 et suivants du Codede la s\u00e9curit\u00e9 int\u00e9rieure, et qu'\u00e0 d\u00e9faut d'une telle d\u00e9claration, l'organisation d'unemanifestation non d\u00e9clar\u00e9e est un d\u00e9lit pr\u00e9vu par l'article 431-9 alin\u00e9a 1 du Code p\u00e9nal ;Consid\u00e9rant que l'absence d'un tel formalisme, en plus de pas \u00eatre conforme auxdispositions pr\u00e9cit\u00e9es, ne permet pas de conna\u00eetre le niveau de s\u00e9curit\u00e9 du rassemblementprojet\u00e9, ni les mesures envisag\u00e9es par l'organisateur pour garantir la s\u00e9curit\u00e9, la salubrit\u00e9,\nPrefecture du Gard - 30-2026-02-18-00007 - Arr\u00eat\u00e9 N\u00b030-2026-02-18-00007\nportant interdiction des rassemblements festifs \u00e0 caract\u00e8re musical et interdiction de circulation des poids lourds transportant du\nmat\u00e9riel de sons \u00e0 destination d'un rassemblement festif \u00e0 caract\u00e8re musical non autoris\u00e9 dans le d\u00e9partement du Gard\ndu vendredi 20 f\u00e9vrier au lundi 23 f\u00e9vrier 2026\n39\nl'hygi\u00e8ne et la tranquillit\u00e9 publique des personnes ainsi que le respect du droit depropri\u00e9t\u00e9 pour le ou les terrains occup\u00e9s ;Consid\u00e9rant qu'en l'absence de toute prise de contact pr\u00e9alable des organisateurs avec lesservices pr\u00e9fectoraux ou les collectivit\u00e9s territoriales concern\u00e9es, la missiond'accompagnement des organisateurs du rassemblement projet\u00e9, conduite par les servicesde l'\u00c9tat et pr\u00e9vue par instruction du 16juillet 2021, n'a pu \u00eatre mise en \u0153uvre;Consid\u00e9rant les risques de troubles graves \u00e0 l'ordre public, \u00e0 la s\u00fbret\u00e9, \u00e0 la s\u00e9curit\u00e9 et \u00e0 lasalubrit\u00e9 publique que pr\u00e9senterait le d\u00e9roulement d'un rassemblement d\u00e9pourvu d'unservice d'ordre et d'un dispositif sanitaire, et auquel pourraient participer plusieurs milliersde personnes dans un lieu non am\u00e9nag\u00e9 pour recevoir ce type de rassemblement et n'afait l'objet d'aucune organisation pr\u00e9alable coordonn\u00e9e ;Consid\u00e9rant la n\u00e9cessit\u00e9 de pr\u00e9venir les risques de troubles \u00e0 l'ordre public et que lesmoyens appropri\u00e9s de lutte contre l'incendie et de secours aux personnes, ainsi qu'enmati\u00e8re de s\u00e9curit\u00e9 sanitaire et routi\u00e8re ne sont pas r\u00e9unis dans le cadre durassemblement projet\u00e9 ;Consid\u00e9rant que le regroupement de plus de 500 personnes dans des rassemblements nond\u00e9clar\u00e9s repr\u00e9sente un risque grave pour la s\u00e9curit\u00e9 des participants et qu'il y a lieu deprendre toutes les mesures n\u00e9cessaires ;Consid\u00e9rant que dans ces circonstances, de tels rassemblements sont de nature \u00e0provoquer des troubles s\u00e9rieux \u00e0 l'ordre public et \u00e0 la tranquillit\u00e9 publique et qu'il y a lieude prendre toutes les mesures n\u00e9cessaires;Consid\u00e9rant la posture du plan VIGIPIRATE \u00e0 son stade maximal \u00ab Urgence attentat \u00bb surl'ensemble du territoire applicable depuis le 7 mai 2024, r\u00e9\u00e9valu\u00e9e le 5 janvier 2026 enraison du conflit au Proche-Orient, laissant craindre une forme de polarisation pouvantengendrer des cons\u00e9quences sur le territoire national, notamment de possibles troubles \u00e0l'ordre public et actions cibl\u00e9es contre certaines communaut\u00e9s, leurs b\u00e2timents etrepr\u00e9sentants symboliques; que par cons\u00e9quent les forces de s\u00e9curit\u00e9 sont fortementmobilis\u00e9es;Consid\u00e9rant que les forces de s\u00e9curit\u00e9 ainsi que les moyens de secours ne pourront faireface en termes de moyens, \u00e0 de telles manifestations susceptibles de s'installer sansautorisation pr\u00e9alable en divers points du d\u00e9partement;Consid\u00e9rant l'urgence \u00e0 pr\u00e9venir ces atteintes et \u00e0 assurer la s\u00e9curit\u00e9 des personnes et desbiens ;\nSur proposition de Madame la directrice de cabinet du pr\u00e9fet de Gard :\nARRETE\nArticle 1 - La tenue des rassemblements festifs \u00e0 caract\u00e8re musical r\u00e9pondant \u00e0l'ensemble des caract\u00e9ristiques \u00e9nonc\u00e9s \u00e0 l'article R.211-2 du Code de s\u00e9curit\u00e9 int\u00e9rieure,autres que ceux l\u00e9galement d\u00e9clar\u00e9s et autoris\u00e9s, est interdite sur l'ensemble dud\u00e9partement du Gard du vendredi 20 f\u00e9vrier 2026 \u00e0 08h00 au lundi 23 f\u00e9vrier 2026 \u00e008h00.\nPrefecture du Gard - 30-2026-02-18-00007 - Arr\u00eat\u00e9 N\u00b030-2026-02-18-00007\nportant interdiction des rassemblements festifs \u00e0 caract\u00e8re musical et interdiction de circulation des poids lourds transportant du\nmat\u00e9riel de sons \u00e0 destination d'un rassemblement festif \u00e0 caract\u00e8re musical non autoris\u00e9 dans le d\u00e9partement du Gard\ndu vendredi 20 f\u00e9vrier au lundi 23 f\u00e9vrier 2026\n40\nArticle 2 - La circulation des v\u00e9hicules transportant du mat\u00e9riel susceptible d'\u00eatre utilis\u00e9pour un rassemblement festif non autoris\u00e9 est interdite durant la m\u00e9me p\u00e9riode.Article 3 - Toute infraction au pr\u00e9sent arr\u00eat\u00e9 est passible de sanctions pr\u00e9vues par le Codep\u00e9nal et par les dispositions des articles L.211-15, R.211-30 du Code de la s\u00e9curit\u00e9 int\u00e9rieureet peut donner lieu notamment a la saisie du mat\u00e9riel en vue de sa confiscation par letribunal.Article 4 - Le pr\u00e9sent arr\u00eat\u00e9 pr\u00e9fectoral entre en vigueur \u00e0 compter de sa publication aurecueil des actes administratifs de la pr\u00e9fecture du Gard. Il est publi\u00e9 sur le site internet etles r\u00e9seaux sociaux de la pr\u00e9fecture pour l'information du public.Article 5 - Le pr\u00e9sent arr\u00eat\u00e9 peut faire l'objet d'un recours gracieux aupr\u00e8s de Monsieur lepr\u00e9fet du Gard (Pr\u00e9fecture du Gard 30045 Nimes Cedex 9), d'un recours hi\u00e9rarchiqueadress\u00e9 \u00e0 Monsieur le ministre de l'Int\u00e9rieur place Beauvau 75008 Paris ou d'un recourscontentieux devant le tribunal administratif de N\u00eemes, dans un d\u00e9lai de deux mois suivantsa publication. Le tribunal administratif peut aussi \u00eatre saisi par l'application informatique\u00abTelerecours Citoyens\u00bb accessible par le site internet www.telerecours.fr.Article 6 - Madame la directrice de cabinet du pr\u00e9fet du Gard, Madame la sous-pr\u00e9f\u00e8te del'arrondissement du Vigan, Monsieur le sous-pr\u00e9fet de l'arrondissement d'Al\u00e9s, Monsieur lesecr\u00e9taire g\u00e9n\u00e9ral de la pr\u00e9fecture du Gard, Monsieur le secr\u00e9taire g\u00e9n\u00e9ral adjoint de lapr\u00e9fecture du Gard, Monsieur le Colonel, commandant le groupement de gendarmeried\u00e9partementale du Gard, Monsieur le directeur interd\u00e9partemental de la police nationaledu Gard, Monsieur le directeur interd\u00e9partemental de la police nationale du Vaucluse,Monsieur le directeur interd\u00e9partemental de la police nationale des Bouches du Rh\u00f4nesont charg\u00e9s, chacun en ce qui les concerne, de l'ex\u00e9cution du pr\u00e9sent arr\u00eat\u00e9.N\u00eemes, le 18 FEV. 2026Le pr\u00e9fet,\nMarie-Charlotte EUVRARD\nPrefecture du Gard - 30-2026-02-18-00007 - Arr\u00eat\u00e9 N\u00b030-2026-02-18-00007\nportant interdiction des rassemblements festifs \u00e0 caract\u00e8re musical et interdiction de circulation des poids lourds transportant du\nmat\u00e9riel de sons \u00e0 destination d'un rassemblement festif \u00e0 caract\u00e8re musical non autoris\u00e9 dans le d\u00e9partement du Gard\ndu vendredi 20 f\u00e9vrier au lundi 23 f\u00e9vrier 2026\n41\nNII EE SE\nfade a aly &\nTAS UB a'Wane.\n:\nal\naq\nFePEL\nPrefecture du Gard - 30-2026-02-18-00007 - Arr\u00eat\u00e9 N\u00b030-2026-02-18-00007\nportant interdiction des rassemblements festifs \u00e0 caract\u00e8re musical et interdiction de circulation des poids lourds transportant du\nmat\u00e9riel de sons \u00e0 destination d'un rassemblement festif \u00e0 caract\u00e8re musical non autoris\u00e9 dans le d\u00e9partement du Gard\ndu vendredi 20 f\u00e9vrier au lundi 23 f\u00e9vrier 2026\n42","date":"2026-02-18","first_seen_on":"2026-02-18T17:17:11+00:00","id":"b76fd76125832d4c962bd3afa06731f27fa685a3780dca61670cd0450e1234a9","name":"recueil-30-2026-033-special du 18 02 2026.","pdf_creation_date":"2026-02-18T15:38:49+00:00","pdf_modification_date":null,"timezone":"Europe/Paris","url":"https://www.gard.gouv.fr/contenu/telechargement/66985/492442/file/recueil-30-2026-033-special%20du%2018%2002%202026.pdf"}
