{"administration":"ppparis","administration_name":"Pr\u00e9fecture de police de Paris","content":"es CABINET DU PREFETPREFECTURE GP\u00bbDE POLICELibert\u00e9Egalit\u00e9Fraternit\u00e9\nArr\u00eat\u00e9 n\u00b02026-00187portant mesures de police applicables \u00e0 Paris et dans les Hauts-de-Seine (92) du 21 f\u00e9vrierau 22 f\u00e9vrier 2026 \u00e0 l'occasion de l'ouverture du salon international de l'agricultureLe pr\u00e9fet de police,Vu le r\u00e8glement (CE) n\u00b0 1272/2008 du Parlement europ\u00e9en et du Conseil du 16 d\u00e9cembre2008 modifi\u00e9 relatif \u00e0 la classification, \u00e0 l'\u00e9tiquetage et \u00e0 l'emballage des substances etdes m\u00e9langes;Vu le code de l'environnement, notamment le chapitre VII du titre V du livre V;Vu le code g\u00e9n\u00e9ral des collectivit\u00e9s territoriales, notamment son article L. 2512-13 ;Vu le code p\u00e9nal, notamment ses articles 132-75, 431-9, 431-9-1, R.610-5 et R.644-5;Vu le code de proc\u00e9dure p\u00e9nale, notamment ses articles 78-2-4, 78-2-5 et R.48-1;Vu le code de la s\u00e9curit\u00e9 int\u00e9rieure, notamment ses articles L. 122-1, L.122-2 et L. 211-1 aL. 211-3;Vu le d\u00e9cret n\u00b0 2004-374 du 29 avril 2004 modifi\u00e9 relatif aux pouvoirs des pr\u00e9fets, al'organisation et \u00e0 l'action des services de l'Etat dans les r\u00e9gions et d\u00e9partements,notamment ses articles 72 et 73;Vu le d\u00e9cret du 22 octobre 2025 par lequel M. Patrice FAURE, administrateur de l'Etat dutroisi\u00e8me grade, directeur de cabinet du Pr\u00e9sident de la R\u00e9publique, est nomm\u00e9 pr\u00e9fet depolice (groupe I), \u00e0 compter du 23 octobre 2025 ;Consid\u00e9rant que, en application des articles L. 122-1 et L. 122-2 du code de la s\u00e9curit\u00e9int\u00e9rieure et 72 et 73 du d\u00e9cret du 29 avril 2004 susvis\u00e9, le pr\u00e9fet de police a la charge \u00e0Paris et dans le d\u00e9partement des Hauts-de-Seine, de l'ordre public, notamment lapr\u00e9vention des atteintes \u00e0 la s\u00e9curit\u00e9 des personnes et des biens;Consid\u00e9rant que, en application de l'article 431-9 du code p\u00e9nal, est puni de six moisd'emprisonnement et de 7 500 euros d'amende le fait d'avoir organis\u00e9 une manifestationsur la voie publique n'ayant pas fait l'objet d'une d\u00e9claration pr\u00e9alable dans les conditionsfix\u00e9es par la loi ;Consid\u00e9rant que, en application de l'article 431-9-1 du code p\u00e9nal, le fait pour unepersonne de dissimuler volontairement tout ou partie de son visage sans motif l\u00e9gitime ausein, OU aux abords imm\u00e9diats, d'une manifestation sur la voie publique au cours, ou al'issue, de laquelle des troubles \u00e0 l'ordre public sont commis ou risquent d'\u00eatre commis estpuni d'un an d'emprisonnement et de 15 000 \u20ac d'amende;Consid\u00e9rant que sont punis de l'amende pr\u00e9vue pour les contraventions de la 4e classe laviolation des interdictions et le manquement aux obligations \u00e9dict\u00e9es par arr\u00eat\u00e9s pris surle fondement des pouvoirs de police, en application de l'article R. 644-5 du code p\u00e9nal\n \n \n \n \n \n  \n \n \n \nrelatif a l'usage des artifices de divertissement sur la voie publique et le transport der\u00e9cipients contenant du carburant a l'occasion d'\u00e9v\u00e9nements comportant des risquesd'atteinte a la s\u00e9curit\u00e9 publique; que l'article R. 48-1 du code de proc\u00e9dure p\u00e9nale rendapplicable la proc\u00e9dure de l'amende forfaitaire pour les contraventions pr\u00e9cit\u00e9es;Consid\u00e9rant que, en application des r\u00e9quisitions \u00e9crites du procureur de la R\u00e9publique, lesofficiers de police judiciaire et, sur l'ordre et sous la responsabilit\u00e9 de ceux-ci, les agentsde police judiciaire, sont autoris\u00e9s \u00e0 proc\u00e9der sur les lieux d'une manifestation et \u00e0 sesabords imm\u00e9diats \u00e0 l'inspection visuelle et \u00e0 la fouille des bagages, ainsi qu'\u00e0 la visite dev\u00e9hicules circulant, arr\u00eat\u00e9s ou stationnant sur la voie publique, conform\u00e9ment \u00e0 l'article78-2-5 du code de proc\u00e9dure p\u00e9nale;Consid\u00e9rant que l'\u00e9dition 2026 du salon international de l'agriculture se tiendra du 21f\u00e9vrier au 1* mars 2026 au Parc des Expositions Paris Expo - Porte de Versailles \u00e0 Paris15%; que le Pr\u00e9sident de la R\u00e9publique, des membres du gouvernement et denombreuses personnalit\u00e9s seront pr\u00e9sents a l'occasion de l'inauguration et du premierweek-end du salon international; que par ailleurs, cet \u00e9v\u00e8nement toujoursparticuli\u00e8rement m\u00e9diatis\u00e9 intervient dans un contexte de crise agricole et d'attentesfortes au sein du monde paysan; qu'ainsi, il existe Un risque s\u00e9rieux que desrassemblements non d\u00e9clar\u00e9s de nature \u00e0 troubler l'ordre public aient lieu \u00e0 l'occasion del'ouverture de ce salon;Consid\u00e9rant, en outre, le contexte de menace terroriste aigle qui sollicite \u00e0 un niveauparticuli\u00e8rement \u00e9lev\u00e9 les forces de s\u00e9curit\u00e9 int\u00e9rieure pour garantir la protection despersonnes et des biens contre les risques d'attentat, dans le cadre du plan VIGIPIRATE\u00ab Urgence attentat \u00bb en vigueur depuis le 24 mars 2024;Consid\u00e9rant, enfin, qu'il appartient \u00e0 l'autorit\u00e9 de police comp\u00e9tente de concilierl'exercice du droit de manifester avec les imp\u00e9ratifs de l'ordre public; que, dans ce cadre,elle se doit de prendre les mesures de nature \u00e0 pr\u00e9venir, outre les infractions \u00e0 la loip\u00e9nale, les troubles \u00e0 l'ordre public \u00e0 partir de l'appr\u00e9ciation qu'elle fait du risque qu'ilssurviennent; que r\u00e9pond \u00e0 ces objectifs une mesure qui d\u00e9finit un p\u00e9rim\u00e8tre dans lequeldes restrictions sont mises en \u0153uvre, notamment \u00e0 l'\u00e9gard de rassemblements pr\u00e9sentantdes risques de troubles graves \u00e0 l'ordre public, afin de garantir la s\u00e9curit\u00e9 des personnes etdes biens; ARRETE :TITRE PREMIERMESURES INTERDISANT TOUT RASSEMBLEMENT NON DECLAR\u00c9Article 1\u00b0 - La pr\u00e9sence et la circulation des personnes participant \u00e0 des cort\u00e9ges, d\u00e9fil\u00e9set rassemblements qui n'ont pas \u00e9t\u00e9 d\u00e9clar\u00e9s, dans les conditions fix\u00e9es par la loi, sontinterdites du samedi 21 f\u00e9vrier 2026 \u00e0 00h00 au dimanche 22 f\u00e9vrier 2026 \u00e0 23h59, dans lep\u00e9rim\u00e8tre d\u00e9limit\u00e9 selon la cartographie figurant en annexe.\nTITRE IlMESURES DE POLICE APPLICABLES AUX ABORDS ET AU SEIN DES CORT\u00c8GES, D\u00c9FIL\u00c9S ET RASSEMBLEMENTSAU SEIN DU P\u00c9RIM\u00c8TRE\n2026-00187 2\n \n \n \n \n   \n \n \n \nArticle 2 - Dans le p\u00e9rim\u00e8tre institu\u00e9 par l'article 1\u00b0 et durant la p\u00e9riode mentionn\u00e9e parce m\u00eame article sont interdits aux abords et au sein des cort\u00e8ges, d\u00e9fil\u00e9s etrassemblements le port et le transport par des particuliers, sans motif l\u00e9gitime :d'armes par nature et de tous objets susceptibles de constituer une arme au sens del'article 132-75 du code p\u00e9nal;d'artifices de divertissement et d'articles pyrotechniques ;dans des conteneurs individuels, de substances ou de m\u00e9langes dangereux,inflammables ou corrosifs, au sens du r\u00e8glement (CE) n\u00b0 1272/2008 du Parlementeurop\u00e9en et du Conseil du 16 d\u00e9cembre 2008 susvis\u00e9, tels que l'essence, le p\u00e9trole, legaz, l'alcool \u00e0 br\u00fbler, le m\u00e9thanol, la t\u00e9r\u00e9benthine, les solvants;d'\u00e9quipements de protection destin\u00e9 \u00e0 mettre en \u00e9chec tout ou partie des moyensutilis\u00e9s par les repr\u00e9sentants de la force publique pour le maintien de l'ordre public.TITRE IDISPOSITIONS FINALESArticle 3 - Le pr\u00e9fet des Hauts-de-Seine, le pr\u00e9fet, directeur du cabinet du pr\u00e9fet depolice, le directeur de l'ordre public et de la circulation et le directeur de la s\u00e9curit\u00e9 deproximit\u00e9 de l'agglom\u00e9ration parisienne sont charg\u00e9s, chacun en ce qui le concerne, del'ex\u00e9cution du pr\u00e9sent arr\u00eat\u00e9 qui sera publi\u00e9 aux recueils des actes administratifs dud\u00e9partement de Paris et de la pr\u00e9fecture des Hauts-de-Seine, consultable sur le siteinternet de la pr\u00e9fecture de police (https://www.prefecturedepolice.interieur.gouv.fr) ettransmis aux procureurs de la R\u00e9publique pr\u00e8s les tribunaux judiciaires de Paris et deNanterre.\nFait \u00e0 Paris, le 13 f\u00e9vrier 2026\nSIGNEPour le pr\u00e9fet de policeLe pr\u00e9fet, directeur de cabinetBaptiste ROLLAND\n2026-00187 3\n \n-\n \n-  \n-\n \n-\nAnnexe de l'arr\u00eat\u00e9 n\u00b02026-00187 du 13 f\u00e9vrier 2026\nVOIES ET DELAIS DE RECOURS\nSi vous estimez devoir contester le pr\u00e9sent arr\u00e9t\u00e9, il vous est possible, dans un d\u00e9lai dedeux mois a compter de la date de son affichage ou de sa publication :\n- soit de saisir d'un RECOURS GRACIEUXle Pr\u00e9fet de Police7/9, boulevard du Palais - 75195 PARIS RP- ou de former un RECOURS HIERARCHIQUEaupr\u00e8s du Ministre de l'int\u00e9rieurDirection des libert\u00e9s publiques et des affaires juridiquesplace Beauvau - 75008 PARIS- soit de saisir d'un RECOURS CONTENTIEUXle Tribunal administratif comp\u00e9tent\nAucune de ces voies et recours ne suspend l'application de la pr\u00e9sente d\u00e9cision.Les recours GRACIEUX et HIERARCHIQUE doivent \u00eatre \u00e9crits, exposer les arguments oufaits nouveaux et comprendre la copie de l'arr\u00eat\u00e9 contest\u00e9.Le recours CONTENTIEUX, qui vise \u00e0 contester la LEGALITE de la pr\u00e9sente d\u00e9cision, doit\u00e9galement \u00eatre \u00e9crit et exposer votre argumentation juridique.Si vous n'aviez pas de r\u00e9ponse \u00e0 votre recours GRACIEUX ou HIERARCHIQUE dans un d\u00e9laide deux mois \u00e0 compter de la r\u00e9ception de votre recours par l'administration, votredemande devra \u00eatre consid\u00e9r\u00e9e comme rejet\u00e9e (d\u00e9cision implicite de rejet).En cas de rejet des recours GRACIEUX ou HIERARCHIQUE, le Tribunal administratif peut\u00eatre saisi d'un recours contentieux dans le d\u00e9lai de deux mois \u00e0 compter de la date de lad\u00e9cision de rejet.\n2026-00187 4\n2026-00187 5","date":"2026-02-13","first_seen_on":"2026-02-13T11:04:35+00:00","id":"b779e3eed6f1e298d0d894329823ac630a3154cac7bd972ea86773e26d44b3e3","name":"Arr\u00eat\u00e9 2026-00187 portant mesures de police applicables \u00e0 Paris et dans les Hauts-de-Seine (92) du 21 f\u00e9vrier au 22 f\u00e9vrier 2026 \u00e0 l\u2019occasion de l\u2019ouverture du salon international de l\u2019agriculture","pdf_creation_date":"2026-02-13T09:41:20+00:00","pdf_modification_date":"2026-02-13T09:41:20+00:00","timezone":"Europe/Paris","url":"https://www.prefecturedepolice.interieur.gouv.fr/sites/default/files/Documents/2026_00187_13022026.pdf"}
