{"administration":"prefidf","administration_name":"Pr\u00e9fecture de la r\u00e9gion \u00cele-de-France","content":"PREFECTURE\nREGION ILE DE\nFRANCE\nRECUEIL DES ACTES\nADMINISTRATIFS SP\u00c9CIAL\n(NOMINATIFS)\nN\u00b0IDF-044-2025-11\nPUBLI\u00c9 LE 26 NOVEMBRE 2025\nSommaire\nAgence R\u00e9gionale de Sant\u00e9 / service r\u00e9gional des transports sanitaires\nIDF-2025-11-18-00008 - Arr\u00eat\u00e9 n\u00b0DOS62025/4790 portant changement\nde responsable l\u00e9gal de la SARL AMBULANCES SAINTE EMILIE (2 pages) Page 3\nDirection nationale d'Interventions domaniales (DNID) /\nIDF-2025-11-26-00001 - Arr\u00eat\u00e9 portant d\u00e9l\u00e9gation de signature aux\ncommissaires aux ventes en r\u00e9gions (3 pages) Page 6\nDirection r\u00e9gionale et interd\u00e9partementale de l'\u00e9conomie, de l'emploi,\ndu travail et des solidarit\u00e9s d'\u00cele-de-France / P\u00f4le Politique du travail\nIDF-2025-11-24-00006 - D\u00e9cision n\u00b0 2025-237 du 24 novembre\n2025\nrelative \u00e0 la localisation et \u00e0 la d\u00e9limitation des unit\u00e9s de\ncontr\u00f4le et des sections d'inspection du travail de la direction\nd\u00e9partementale de l'emploi, du travail et des solidarit\u00e9s de\nSeine-et-Marne (8 pages) Page 10\nIDF-2025-11-24-00007 - D\u00e9cision n\u00b0 2025-238 du 24 novembre\n2025\nportant affectation des agents de contr\u00f4le dans les unit\u00e9s de\ncontr\u00f4le et gestion des int\u00e9rims de l'Unit\u00e9 d\u00e9partementale des\nHauts-de-Seine de la DRIEETS d'Ile-de-France (6 pages) Page 19\nIDF-2025-11-24-00008 - D\u00e9cision n\u00b0 2025-239 du  24 novembre\n2025\nportant affectation des agents de contr\u00f4le dans les unit\u00e9s de\ncontr\u00f4le et gestion des int\u00e9rims de l'unit\u00e9 d\u00e9partementale de la\nSeine-Saint-Denis\nde la DRIEETS d'\u00cele-de-France (4 pages) Page 26\nEtablissement public de coop\u00e9ration culturelle  \"Le CENTQUATRE-PARIS\" /\nIDF-2025-11-12-00011 - D\u00e9lib\u00e9ration n\u00b02025-24 portant approbation\ndu PV du 5 septembre 2025 (4 pages) Page 31\nIDF-2025-11-12-00017 - D\u00e9lib\u00e9ration n\u00b02025-31 relative \u00e0\nl'Approbation de la passation du March\u00e9 de t\u00e9l\u00e9phonie et d'acc\u00e8s\ninternet (1 page) Page 36\nMission nationale de contr\u00f4le et d'audit des organismes de s\u00e9curit\u00e9\nsociale  / Antenne Paris\nIDF-2025-11-26-00002 - Arr\u00eat\u00e9 modificatif du 26 novembre 2025  - ADP\nUGECAM ILE-DE-FRANCE - portant modification de la composition du\nconseil de l'Union pour la Gestion des Etablissements des Caisses\nd'Assurance Maladie d'Ile-de-France (2 pages) Page 38\nIDF-2025-11-26-00003 - Arr\u00eat\u00e9 modificatif du 26 novembre 2025 \nportant modification de la composition du conseil d'administration de\nla Caisse d'Allocations Familiales du Val d'Oise (CAF 95) (2 pages) Page 41\n2\nAgence R\u00e9gionale de Sant\u00e9\nIDF-2025-11-18-00008\nArr\u00eat\u00e9 n\u00b0DOS62025/4790 portant changement\nde responsable l\u00e9gal de la SARL AMBULANCES\nSAINTE EMILIE\nAgence R\u00e9gionale de Sant\u00e9 - IDF-2025-11-18-00008 - Arr\u00eat\u00e9 n\u00b0DOS62025/4790 portant changement de responsable l\u00e9gal de la SARL\nAMBULANCES SAINTE EMILIE 3\nEoREPUBLIQUEFRAN CAI SE \u00a9 D Agence R\u00e9gionale de Sant\u00e9Libert\u00e9 Ile-de-France\u00c9galit\u00e9Fraternit\u00e9\n \n \n \n \n \n \n \nAGENCE R\u00c9GIONALE DE SANT\u00c9 \u00ceLE-DE-FRANCE \nARR\u00caT\u00c9 N\u00b0DOS-2025/4790 \nportant changement de responsable l\u00e9gal de la SARL AMBULANCES SAINTE EMILIE \n(77420 Champs-sur-Marne) \n \nLE DIRECTEUR G\u00c9N\u00c9RAL DE L'AGENCE R\u00c9GIONALE DE SANT\u00c9 \u00ceLE-DE-FRANCE \n \nVU le Code de la Sant\u00e9 Publique et notamment ses articles L.6311-1 \u00e0 L.6311-2, L.6312-1 \u00e0 L.6312-\n5, L.6313-1, R.6312-1 \u00e0 R.6312-23, R.6312-29 \u00e0 R.6312-43, R.6313-5 \u00e0 R.6313-7-1 ; \n \nVU la loi n\u00b0 2009-879 du 21 juillet 2009 portant r\u00e9forme de l'h\u00f4pital et relative aux patients, \u00e0 la sant\u00e9 \net aux territoires ; \n \nVU le d\u00e9cret n\u00b0 2010-344 du 31 mars 2010 tirant les cons\u00e9quences, au niveau r\u00e8glementaire, de \nl'intervention de la loi n\u00b0 2009-879 du 21 juillet 2009 portant r\u00e9forme de l'h\u00f4pital et relative aux \npatients, \u00e0 la sant\u00e9 et aux territoires ;  \n \nVU le d\u00e9cret du 10 avril 2024 portant nomination de Monsieur Denis ROBIN, Directeur g\u00e9n\u00e9ral de \nl'Agence r\u00e9gionale de sant\u00e9 \u00cele de France \u00e0 compter du 29 avril 2024 ; \n \nVU l'arr\u00eat\u00e9 minist\u00e9riel du 21 d\u00e9cembre 1987 modifi\u00e9 relatif \u00e0 la composition du dossier d'agr\u00e9ment \ndes personnes effectuant des transports sanitaires terrestres et au contr\u00f4le des v\u00e9hicules \naffect\u00e9s aux transports sanitaires ; \n \nVU l'arr\u00eat\u00e9 du 12 d\u00e9cembre 2017 modifi\u00e9 fixant les caract\u00e9ristiques et les installations mat\u00e9rielles \nexig\u00e9es pour les v\u00e9hicules affect\u00e9s aux transports sanitaires terrestres ; \n \nVU l'arr\u00eat\u00e9 DS N\u00b0034/2024 du Directeur g\u00e9n\u00e9ral de l'Agence r\u00e9gionale de sant\u00e9 \u00cele de France en \ndate du 29 avril 2024, portant d\u00e9l\u00e9gation de signature \u00e0 Monsieur Arnaud CORVAISIER, \nDirecteur de l'offre de soins, et \u00e0 certains de ses collaborateurs ; \n \nVU l'arr\u00eat\u00e9 pr\u00e9fectoral N\u00b0 96DDASS20AMPAMB en date du 10 mai 1995 portant agr\u00e9ment, de \nla SARL AMBULANCES SAINTE EMILIE, sise 2, r\u00e9sidence des All\u00e9luias \u00e0 Mouroux (77120) \ndont le responsable l\u00e9gal est Monsieur Alain POULAIN ; \n \nVU l'arr\u00eat\u00e9 pr\u00e9fectoral N\u00b0 95DDASS46AMPAMB en date du 12 septembre 1996 portant transfert des \nlocaux et changement de responsable l\u00e9gal, de la SARL AMBULANCES SAINTE EMILIE situ\u00e9 \nd\u00e9sormais au 26 bis, rue de Paris \u00e0 Champs-sur-Marne (77420), dont le nouveau responsable \nl\u00e9gal est Monsieur Eric BEAUVARLET ; \n \nVU l'arr\u00eat\u00e9 pr\u00e9fectoral N\u00b0 98DDASS02ASPAMB en date du 24 mars 1998 portant changement de \nresponsable l\u00e9gal, de la SARL AMBULANCES SAINTE EMILIE, dont le nouveau responsable \nl\u00e9gal est Monsieur Henri LETROSNE ; \n \nVU l'arr\u00eat\u00e9 N\u00b0 DOS-2016-366 du Directeur g\u00e9n\u00e9ral de l'Agence r\u00e9gionale de sant\u00e9 \u00cele de France en \ndate du 02 novembre 2016 portant changement de responsable l\u00e9gal, de la SARL \nAMBULANCES SAINTE EMILIE, dont les nouveaux responsables l\u00e9gaux sont Madame B\u00e9atrice \nBEROUD et Monsieur Michel AMBROISE ; \nAgence R\u00e9gionale de Sant\u00e9 - IDF-2025-11-18-00008 - Arr\u00eat\u00e9 n\u00b0DOS62025/4790 portant changement de responsable l\u00e9gal de la SARL\nAMBULANCES SAINTE EMILIE 4\n2 \n \nVU l'arr\u00eat\u00e9 N\u00b0 DOS-2019/280 du Directeur g\u00e9n\u00e9ral de l'Agence r\u00e9gionale de sant\u00e9 \u00cele de France en \ndate du 07 f\u00e9vrier 2019 portant transfert des locaux, de la SARL AMBULANCES SAINTE EMILIE \ndu 26 bis, rue de Paris \u00e0 Champs-sur-Marne (77420) au 103, avenue Jean Jaur\u00e8s \u00e0 Champs-\nsur-Marne (77420) ; \n \nCONSIDERANT le dossier de demande de modification de l'agr\u00e9ment pr\u00e9sent\u00e9 par Monsieur Vincent \nGUYOT de relatif au changement de responsable l\u00e9gal de la SARL AMBULANCES SAINTE EMILIE ; \n \nCONSIDERANT la conformit\u00e9 du dossier de changement de responsable l\u00e9gal aux dispositions de \nl'arr\u00eat\u00e9 du 21 d\u00e9cembre 1987 modifi\u00e9 ci-dessus vis\u00e9 ; \n \n \nARR\u00caTE \n \n \nARTICLE 1 : Monsieur Vincent GUYOT est nomm\u00e9 nouveau responsable l\u00e9gal de la SARL \nAMBULANCES SAINTE EMILIE, sise 103, avenue Jean Jaur\u00e8s \u00e0 Champs-sur-Marne (77420),\u00e0 la \ndate du pr\u00e9sent arr\u00eat\u00e9. \n \nARTICLE 2 : La pr\u00e9sente d\u00e9cision peut faire l'objet d'un recours gracieux aupr\u00e8s de Monsieur le \nDirecteur g\u00e9n\u00e9ral de l'Agence r\u00e9gionale de sant\u00e9, sise 13, rue du Landy 93200 Saint-Denis. \n Un recours contentieux peut \u00e9galement \u00eatre d\u00e9pos\u00e9 aupr\u00e8s du tribunal administratif comp\u00e9tent.   \n Le d\u00e9lai de recours est de deux mois \u00e0 compter de la notification de l'arr\u00eat\u00e9 pour l'int\u00e9ress\u00e9 ou de sa \npublication pour les tiers. \n Ces recours n'ont pas pour effet de suspendre le caract\u00e8re ex\u00e9cutoire de la pr\u00e9sente d\u00e9cision.    \n \nARTICLE 3 : Le Directeur de l'offre de soins est charg\u00e9 de l'ex\u00e9cution du pr\u00e9sent arr\u00eat\u00e9, qui sera \npubli\u00e9 au Recueil des Actes Administratifs des services de l'\u00c9tat. \n  \n \n \nFait \u00e0 Saint-Denis, le 18 novembre 2025         \n \nP/Le Directeur g\u00e9n\u00e9ral \nde l'Agence r\u00e9gionale de sant\u00e9 \nIle-de-France,  \nLa Responsable du service r\u00e9gional \ndes transports sanitaires, \n \n \n \n \n \nS\u00e9verine TEISSEDRE \n \nSign\u00e9 \nAgence R\u00e9gionale de Sant\u00e9 - IDF-2025-11-18-00008 - Arr\u00eat\u00e9 n\u00b0DOS62025/4790 portant changement de responsable l\u00e9gal de la SARL\nAMBULANCES SAINTE EMILIE 5\nDirection nationale d'Interventions domaniales\n(DNID)\nIDF-2025-11-26-00001\nArr\u00eat\u00e9 portant d\u00e9l\u00e9gation de signature aux\ncommissaires aux ventes en r\u00e9gions\nDirection nationale d'Interventions domaniales (DNID) - IDF-2025-11-26-00001 - Arr\u00eat\u00e9 portant d\u00e9l\u00e9gation de signature aux\ncommissaires aux ventes en r\u00e9gions 6\nREPUBLIQUEFRANCAISELibert\u00e9Egalit\u00e9Fraternit\u00e9 TFINANCES PUBLIQUES\nDIRECTION G\u00c9N\u00c9RALE DES FINANCES PUBLIQUES\nDIRECTION NATIONALE D'INTERVENTIONS DOMANIALES\n3, avenue du Chemin de Presles\n94417 Saint-Maurice cedex\n 01 45 11 62 00\nREF : 2025-33 \nBIS\nARR\u00caT\u00c9 PORTANT D\u00c9L\u00c9GATION DE SIGNATURE\nL'administrateur  de  l'\u00c9tat,  directeur  de  la  directi on  nationale  d'interventions\ndomaniales\nVU le code g\u00e9n\u00e9ral de la propri\u00e9t\u00e9 des personnes publi ques, notamment ses articles\nL3211-17 et suivants et D3221-16 ;\nVU le d\u00e9cret n\u00b02008-310 du 3 avril 2008 relatif \u00e0 la direction g\u00e9n\u00e9rale des finances\npubliques;\nVU l'arr\u00eat\u00e9 du 23 d\u00e9cembre 2006 modifi\u00e9 relatif \u00e0 la direction nationale d'interventions\ndomaniales ;\nVU le d\u00e9cret du Pr\u00e9sident de la R\u00e9publique du 11 sept embre 2017 portant nomination\nde Monsieur Alain CAUMEIL administrateur g\u00e9n\u00e9ral des finances publiques de c lasse\nnormale, en qualit\u00e9 de Directeur de la Direction Nationale d'Interventions domaniales.\nARR\u00caTE      :\nArticle 1   er   : D\u00e9l\u00e9gation de signature est donn\u00e9e aux commissaires aux ventes, \u00e0 l'effet de\nsigner, en mon nom dans la limite de leurs attribut ions et comp\u00e9tences d\u00e9finies en\nannexe au pr\u00e9sent arr\u00eat\u00e9 : \n tous les actes de gestion (acceptation ou refus des  proc\u00e8s-verbaux de remises,\nproc\u00e8s-verbal de destruction) ayant trait \u00e0 la r\u00e9al isation des ali\u00e9nations faites avec\npublicit\u00e9 et concurrence des objets et mat\u00e9riels qu i lui sont remis sauf biens hors\nconsommation courante ou susceptibles de comporter des mat\u00e9riaux dangereux ou\npr\u00e9sentant des risques ;\n tous les actes administratifs relatifs \u00e0 l'adjudication des ventes aux ench\u00e8res ; \n en mati\u00e8re de cessions par appels d'offres, et sauf  biens hors consommation\ncourante ou susceptibles de comporter des mat\u00e9riaux dangereux ou pr\u00e9sentant des\nrisques ;\n les actes constitutifs du dossier de vente apr\u00e8s ap probation pr\u00e9alable de la\ndirection ;\nDirection nationale d'Interventions domaniales (DNID) - IDF-2025-11-26-00001 - Arr\u00eat\u00e9 portant d\u00e9l\u00e9gation de signature aux\ncommissaires aux ventes en r\u00e9gions 7\n l'approbation des soumissions pour les ventes de bi ens mobiliers dont le montant\nn'exc\u00e8de pas 25 000 \u20ac, hors taxe domaniale ;\n en mati\u00e8re de cessions amiables, l'avis donn\u00e9 sur les m\u00e9rites de la demande et sur la\nvaleur v\u00e9nale du bien mobilier,\n dont l'estimation n'exc\u00e8de pas 25 000 \u20ac, hors taxe domaniale,\n accompagn\u00e9 de l'approbation pr\u00e9alable de la direction si l'estimation exc\u00e8de 25 000\n\u20ac, hors taxe domaniale ;\n l'instruction des r\u00e9clamations relatives \u00e0 l'activi t\u00e9 de ventes mobili\u00e8res ainsi que les\nr\u00e9solutions de ventes et sanctions \u00e9ventuelles ;\n les proc\u00e8s-verbaux de remise de service y compris la r\u00e9gie de recettes lorsqu'elle est\nint\u00e9gr\u00e9e au commissariat aux ventes ;\n le contr\u00f4le de r\u00e9gularisation d\u00e9finitive des ventes par adjudication.\nArticle 2 : La pr\u00e9sente d\u00e9l\u00e9gation abroge la d\u00e9l\u00e9gation IDF- 2025-09-04-00013 consentie\nle 4 septembre 2025 et sera publi\u00e9e au recueil des actes administratifs de la Pr\u00e9fecture\nde la r\u00e9gion \u00cele-de-France.\nA Saint-Maurice, le 26 novembre 2025\nSIGN\u00c9\nAlain CAUMEIL\nDirection nationale d'Interventions domaniales (DNID) - IDF-2025-11-26-00001 - Arr\u00eat\u00e9 portant d\u00e9l\u00e9gation de signature aux\ncommissaires aux ventes en r\u00e9gions 8\nANNEXE A L'ARR\u00caT\u00c9 DU 26 novembre 2025\nPORTANT D\u00c9L\u00c9GATION DE SIGNATURE\nListe des Inspecteurs des Finances Publiques\nCommissaires aux ventes \u2013 P\u00f4le Ventes Mobili\u00e8res\nNom \u2013 Pr\u00e9nom Comp\u00e9tence territoriale\nROBIN Marie-Am\u00e9lie D\u00e9partements : 17, 37, 41, 44, 49, 79, 85, 86\n GUISSE Manon D\u00e9partements : 8, 51, 52, 54, 55, 57, 67, 68, 88\nBOURQUIN Christophe D\u00e9partements : 1, 7, 26, 38, 42, 69, 73, 74\nCASTANG Karine D\u00e9partements : 9, 11, 12, 30, 31, 34, 46, 66, 81, 82\nCHINIARD Christine D\u00e9partements : 04, 05, 06, 13, 83, 84\nDARMON St\u00e9phane D\u00e9partements : 3, 15, 18, 19, 23, 36, 43, 48, 63, 87\nLEVEQUE Anne D\u00e9partements : 10, 21, 25, 39, 45, 58, 70, 71, 89, 90\nPATE S\u00e9bastien D\u00e9partements : 2, 27, 59, 60, 62, 76, 80\nMARTIN Olivier D\u00e9partements : 16, 24, 32, 33, 40, 47, 64, 65\nTORRIJOS DE LA FLOR Gavin D\u00e9partements : 14, 22, 29, 35, 50, 53, 56, 61, 72.\nDirection nationale d'Interventions domaniales (DNID) - IDF-2025-11-26-00001 - Arr\u00eat\u00e9 portant d\u00e9l\u00e9gation de signature aux\ncommissaires aux ventes en r\u00e9gions 9\nDirection r\u00e9gionale et interd\u00e9partementale de\nl'\u00e9conomie, de l'emploi, du travail et des\nsolidarit\u00e9s d'\u00cele-de-France\nIDF-2025-11-24-00006\nD\u00e9cision n\u00b0 2025-237 du 24 novembre 2025\nrelative \u00e0 la localisation et \u00e0 la d\u00e9limitation des\nunit\u00e9s de contr\u00f4le et des sections d'inspection\ndu travail de la direction d\u00e9partementale de\nl'emploi, du travail et des solidarit\u00e9s de\nSeine-et-Marne\nDirection r\u00e9gionale et interd\u00e9partementale de l'\u00e9conomie, de l'emploi, du travail et des solidarit\u00e9s d'\u00cele-de-France -\nIDF-2025-11-24-00006 - D\u00e9cision n\u00b0 2025-237 du 24 novembre 2025\nrelative \u00e0 la localisation et \u00e0 la d\u00e9limitation des unit\u00e9s de contr\u00f4le et des sections d'inspection du travail de la direction\nd\u00e9partementale de l'emploi, du travail et des solidarit\u00e9s de Seine-et-Marne\n10\n| =MINISTEREDU TRAVAIL |ET DES SOLIDARIT\u00c9SLibert\u00e9Egalit\u00e9Fraternit\u00e9\nDRIEETS d'Ile de France \n32 rue Jean Jaur\u00e8s \n93200 SAINT DENIS          1\n  \n Direction r\u00e9gionale et interd\u00e9partementale \nde l'\u00e9conomie, de l'emploi, du travail et \ndes solidarit\u00e9s \nd'Ile de France  \n \n \n \n \nD\u00e9cision n\u00b0 2025-237 du 24 novembre 2025 \nrelative \u00e0 la localisation et \u00e0 la d\u00e9limitation des unit\u00e9s de contr\u00f4le  \net des sections d'inspection du travail de la direction d\u00e9partementale de l'emploi, du travail et des \nsolidarit\u00e9s de Seine-et-Marne \n \n \n \nLe directeur r\u00e9gional et interd\u00e9partemental de l'\u00e9conomie, de l'emploi, du travail et des solidarit\u00e9s d'Ile de France \nsoussign\u00e9, \n \nVu l'article R. 8122-6 du code du travail, \n \nVu l'arr\u00eat\u00e9 minist\u00e9riel du 25 mars 2024 portant cr\u00e9ation et r\u00e9partition des unit\u00e9s de contr\u00f4le de l'inspection du \ntravail, \n \nVu les consultations du Comit\u00e9 Technique des Services D\u00e9concentr\u00e9s d'Ile de France en date du 23 jan vier 2018 \net du 29 janvier 2019. \n \nDECIDE \n \nArticle 1 \n \nLa direction d\u00e9partementale de l'emploi, du travail et des solidarit\u00e9s de Seine -et-Marne comprend 4 unit\u00e9s de \ncontr\u00f4le (UC1, UC2, UC3 et UC4) compos\u00e9es de 33 sections d'inspection du travail sises : \n- 3, rue de la Galmy \u00e0 Chessy (UC1 et UC2) \n- Cit\u00e9 administrative \u2013 20, quai Hippolyte Rossignol \u00e0 Melun (UC3 et UC4) \n \nLa r\u00e9partition des comp\u00e9tences entre les sections d'inspection de la direction d\u00e9partementale de l'emploi, du \ntravail et des solidarit\u00e9s de Seine -et-Marne s'effectue selon les r\u00e8gles suivantes, et ce sans pr\u00e9judice des \ndispositions de l'article R. 8122 -10 du code du travail permettant une intervention de chaque agent de contr\u00f4le \nsur l'ensemble du territoire de l'unit\u00e9 d\u00e9partementale lorsqu'une action le rend n\u00e9cessaire : \n \na) Une section comp\u00e9tente pour le contr\u00f4le d'un \u00e9tablissement a comp\u00e9tence pour le contr\u00f4le de toutes les \nactivit\u00e9s de toute nature exerc\u00e9es par d'autres entreprises en son sein (entreprises ext\u00e9rieures, chantiers\u2026). \n \nb) Une section comp\u00e9tente pour le contr\u00f4le d'un chantier du b\u00e2timent a comp\u00e9tence pour le contr\u00f4le de \ntoutes les activit\u00e9s de toute nature exerc\u00e9es en son sein (livraisons, nettoyage, par exemple). \n \nc) Chaque section a comp\u00e9tence pour le contr\u00f4le de tous les \u00e9tablissements de l'ensemble des secteurs \nprofessionnels au sein d'un territoire d\u00e9limit\u00e9 par communes et/ou rues, \u00e0 l'exception : \n \n\u2022 Des \u00e9tablissements de transports routiers relevant de la comp\u00e9tence des sections 1 -8Tr, 2-5T, 3-7T et 4 -\n8Trg.  \n \n \nCes \u00e9tablissements sont ceux dot\u00e9s des codes NAF suivants : \n- Transports urbains et suburbains de voyageurs (NAF 49.31Z) (hors RATP) \n- Transports de voyageurs par taxis (NAF 49.32Z) \nDirection r\u00e9gionale et interd\u00e9partementale de l'\u00e9conomie, de l'emploi, du travail et des solidarit\u00e9s d'\u00cele-de-France -\nIDF-2025-11-24-00006 - D\u00e9cision n\u00b0 2025-237 du 24 novembre 2025\nrelative \u00e0 la localisation et \u00e0 la d\u00e9limitation des unit\u00e9s de contr\u00f4le et des sections d'inspection du travail de la direction\nd\u00e9partementale de l'emploi, du travail et des solidarit\u00e9s de Seine-et-Marne\n11\n  \n- Transports routiers r\u00e9guliers de voyageurs (NAF 49.39A) \n- Autres transports routiers de voyageurs (NAF 49.39B) \n- Transports routiers de fret interurbains (NAF 49.41A) \n- Transports routiers de fret de proximit\u00e9 (NAF 49.41B) \n- Location de camions avec chauffeur (NAF 49.41C) \n- Services de d\u00e9m\u00e9nagement (NAF 49.42Z) \n- Messagerie, fret express (NAF 52.29A) \n- Affr\u00e8tement et organisation des transports (NAF 52.29B) \n- Autres activit\u00e9s de poste et de courrier (NAF 53.20Z) \n \nLa comp\u00e9tence des sections 1-8Tr, 2-8T, 3-7T et 4-8Trg s'\u00e9tend \u00e9galement \u00e0 toutes les activit\u00e9s des entreprises de \ntransports routiers exerc\u00e9es dans leur p\u00e9rim\u00e8tre g\u00e9ographique, \u00e0 l'exception de celles d\u00e9crites aux points a) et \nb). \n \n\u2022 Des \u00e9tablissements de la SNCF concourant aux activit\u00e9s de transport et des \u00e9tablissements de transport \nferroviaire (codes NAF 49.10Z Transport ferroviaire interurbain de voyageurs et 49.20Z Transports ferroviaires de \nfret), relevant de la comp\u00e9tence des sections 1-5Tgf, 2-8T, 3-7T et 4-8Trg. \n \nLa comp\u00e9tence des sections 1-5Tgf, 2-5T, 3-7T et 4-8Trg s'\u00e9tend \u00e0 toutes les activit\u00e9s de toute nature s'exer\u00e7ant \nau sein des enceintes ferroviaires, lesquelles comprennent les gares et le domaine public ferroviaire. \n \nLa comp\u00e9tence des sections 1-5Tgf, 2-5T, 3-7T et 4-8Trg s'\u00e9tend aux \u00e9tablissements de maintenance du mat\u00e9riel \nroulant. \n \n\u2022 Des \u00e9tablissements de la RATP concourant aux activit\u00e9s de transport routier et ferroviaire, relevant de la \ncomp\u00e9tence des sections 1-5Tgf, 2-5T, 3-7T et 4-8Trg. \n \nLa comp\u00e9tence des sections 1-5Tgf, 2-5T, 3-7T et 4-8Trg s'\u00e9tend \u00e0 toutes les activit\u00e9s de toute nature s'exer\u00e7ant \nau sein des enceintes ferroviaires, lesquelles comprennent les gares, les stations et les emprises ferroviaires. \n \nLa comp\u00e9tence des sections 1 -5Tgf, 2-5T, 3-7T et 4-8Trg s'\u00e9tend \u00e9galement aux \u00e9tablissements de maintenance \ndu mat\u00e9riel roulant routier et ferroviaire. \n \n\u2022 Des \u00e9tablissements de transport fluvial relevant des codes NAF 50.30Z (transport fluvial de passagers) et \n50.40Z (transport fluvial de fret) et des activit\u00e9s de navigation int\u00e9rieure, relevant de la comp\u00e9tence des sections \n1-5Tgf, 2-5T, 3-7T et 4-5Tf. \n \nLes sections 1-5Tgf, 2-5T, 3-7T et 4-5Tf sont comp\u00e9tentes pour contr\u00f4ler, sur les voies navigables, les bateaux, les \nengins flottants et les \u00e9tablissements flottants tels que d\u00e9finis \u00e0 l'article L 4000 -3 du code des transports, \u00e0 \nl'exception des bateaux re stant \u00e0 demeure \u00e0 quai et utilis\u00e9s pour des activit\u00e9s commerciales ou de loisirs \n(discoth\u00e8ques, caf\u00e9s ou restaurants par exemple). \n \nLa comp\u00e9tence des sections 1-5Tgf, 2-5T, 3-7T et 4-5Tf s'exerce sur tout le domaine public fluvial (voies navigables, \nquais, berges, chemins de halage) et les \u00e9cluses.  \n \nLa comp\u00e9tence des sections 1-5Tgf, 2-5T, 3-7T et 4-5Tf s'\u00e9tend aux \u00e9tablissements d\u00e9pendant de l'\u00e9tablissement \npublic VOIES NAVIGABLES DE FRANCE (si\u00e8ge, \u00e9tablissements et \u00e9cluses). \n \n\u2022 Des \u00e9tablissements agricoles tels que d\u00e9finis \u00e0 l'article L 717 -1 du code rural, relevant de la comp\u00e9tence des \nsections 1-1A, 2-8A, 3-6A et 4-1A. \n \n\u2022 Des activit\u00e9s exerc\u00e9es sur la plateforme a\u00e9roportuaire de Roissy -Charles-de-Gaulle, relevant de la \ncomp\u00e9tence de l'UC5 de l'unit\u00e9 d\u00e9partementale de Seine-Saint-Denis. \n \n\u2022         Des activit\u00e9s exerc\u00e9es sur les chantiers dont le contr\u00f4le rel\u00e8ve de la comp\u00e9tence de l'unit\u00e9 r\u00e9gionale \nd'appui et de contr\u00f4le des grands chantiers. \n \n \n \n \n \nDirection r\u00e9gionale et interd\u00e9partementale de l'\u00e9conomie, de l'emploi, du travail et des solidarit\u00e9s d'\u00cele-de-France -\nIDF-2025-11-24-00006 - D\u00e9cision n\u00b0 2025-237 du 24 novembre 2025\nrelative \u00e0 la localisation et \u00e0 la d\u00e9limitation des unit\u00e9s de contr\u00f4le et des sections d'inspection du travail de la direction\nd\u00e9partementale de l'emploi, du travail et des solidarit\u00e9s de Seine-et-Marne\n12\n  \nArticle 2 \n \n \nLa d\u00e9limitation de l'unit\u00e9 de contr\u00f4le n\u00b01  est fix\u00e9e comme suit, d\u00e9duction faite du p\u00e9rim\u00e8tre de la plateforme \na\u00e9roportuaire de Roissy-Charles-de-Gaulle tel que pr\u00e9cis\u00e9 \u00e0 l'article 1er : \n \nCommunes d'Annet-sur-Marne, Armenti\u00e8res-en-Brie, Barcy, Bouleurs, Boutigny, Brou -sur-Chantereine, Carnetin, \nChalifert, Chambry, Chamigny, Changis -sur-Marne, Charmentray, Charny, Chauconin -Neufmontiers, Chelles, \nCitry, Claye-Souilly, Cocherel, Compans, Cond\u00e9-Sainte-Libiaire, Congis-sur-Th\u00e9rouanne, Couilly-Pont-aux-Dames, \nCoulombs-en-Valois, Courtry, Cr\u00e9gy -l\u00e8s-Meaux, Crouy -sur-Ourcq, Cuisy, Dammartin -en-Go\u00eble, Dampmart, \nDhuisy, Douy-la-Ram\u00e9e, Esbly, \u00c9tr\u00e9pilly, Forfry, Fresnes -sur-Marne, Fublaines, Germigny-l'\u00c9v\u00eaque, Germigny-sous-\nCoulombs, Gesvres -le-Chapitre, Gressy, Isles -les-Meldeuses, Isles -l\u00e8s-Villenoy, Iverny, Jablines, Jaignes, Juilly, La \nFert\u00e9-sous-Jouarre, Lagny-sur-Marne, Le Mesnil -Amelot, Le Pin, Le Plessis -aux-Bois, Le Plessis -l'\u00c9v\u00eaque, Le Plessis -\nPlacy, Lesches, Lizy-sur-Ourcq, Longperrier, Luzancy, March\u00e9moret, Marcilly, Mareuil -l\u00e8s-Meaux, Mary-sur-Marne, \nMauregard, May-en-Multien, Meaux, M\u00e9ry-sur-Marne, Messy, Mitry-Mory, Montceaux-l\u00e8s-Meaux, Montg\u00e9-en-Go\u00eble, \nMonthyon, Moussy -le-Neuf, Moussy -le-Vieux, Nanteuil -l\u00e8s-Meaux, Nanteuil -sur-Marne, Nantouillet, Ocquerre, \nOissery, Othis, Penchard, Poincy, Pomponne, Pr\u00e9cy -sur-Marne, Puisieux, Quincy -Voisins, Reuil -en-Brie, Rouvres, \nSa\u00e2cy-sur-Marne, Sainte -Aulde, Saint -Fiacre, Saint -Jean-les-Deux-Jumeaux, Sa int-Mard, Saint -Mesmes, Saint -\nPathus, Saint-Soupplets, Sammeron, Sept-Sorts, Tancrou, Thieux, Thorigny-sur-Marne, Trilbardou, Trilport, Trocy-\nen-Multien, Ussy -sur-Marne, Vaires -sur-Marne, Varreddes, Vendrest, Vignely, Villemareuil, Villeneuve -sous-\nDammartin, Villenoy, Villeparisis, Villeroy, Villevaud\u00e9, Vinantes, Vincy-Man\u0153uvre. \n \nLe nombre de sections d'inspection du travail de l'UC n\u00b01 est fix\u00e9 \u00e0 8. La d\u00e9limitation des 8 sections d'inspection \ndu travail de l'UC n\u00b01 de la direction d\u00e9partementale de l'emploi, du travail et des solidarit\u00e9s de Seine -et-Marne \nest fix\u00e9e comme suit : \n \nSection 1 -1A : Communes de Brou -sur-Chantereine, Carnetin, Chalifert, Charmentray, Cond\u00e9 -Sainte-Libiaire, \nDampmart, Esbly, Fresnes-sur-Marne, Isles-l\u00e8s-Villenoy, Jablines, Lagny-sur-Marne, Lesches, Pomponne, Pr\u00e9cy-sur-\nMarne, Thorigny-sur-Marne, Trilbardou, Vignely, Villevaud\u00e9. \n \nLa section 1-1A est par ailleurs charg\u00e9e du contr\u00f4le des \u00e9tablissements agricoles, tels que d\u00e9finis \u00e0 l'article 1er, dans \nl'ensemble des communes de l'unit\u00e9 de contr\u00f4le. \n \nSection 1-2 : Communes Chelles, Vaires sur Marne. \n \nSection 1-3 : Communes de Chauconin-Neufmontiers, Cr\u00e9gy-l\u00e8s-Meaux, Meaux-Nord. \n \nCommune de Meaux-Nord : rue de la Chauss\u00e9e de Paris (n\u00b0 pairs) jusqu'\u00e0 la route de Villenoy, route de Villenoy \n(n\u00b0 impairs), rue de Venise (n\u00b0 pairs), les rues situ\u00e9es au nord du prolongement de la rue de Venise jusqu'\u00e0 la Marne, \nainsi qu'au nord de la Mar ne depuis ce prolongement jusqu'au pont Foch, avenue du Mar\u00e9chal Foch (n\u00b0 impairs) \ndu pont Foch jusqu'\u00e0 l'avenue de la Marne, avenue de la Marne (n\u00b0 impairs) de l'avenue du Mar\u00e9chal Foch jusqu'\u00e0 \nl'avenue Henri Dunant, avenue Henri Dunant (n\u00b0 pairs) de l'av enue de la Marne jusqu'\u00e0 la rue du Pierris, rue du \nPierris (n\u00b0 impairs), rue Paul Barennes (n\u00b0 impairs) de la rue du Pierris jusqu'au canal de l'Ourcq, canal de l'Ourcq \nau nord de la rue Paul Barennes jusqu'\u00e0 l'avenue de la Victoire, avenue de la Victoire (n\u00b0 impairs) du canal de \nl'Ourcq jusqu'\u00e0 la rue Georges Claude, rue Georges Claude (n\u00b0 impairs), avenue de l'Epinette (n\u00b0 impairs) de la rue \nGeorges Claude jusqu'\u00e0 la rue Nic\u00e9phore Niepce, rue Nic\u00e9phore Niepce (n\u00b0 impairs) de l'avenue de l'Epinette \njusqu'au pont SNCF, rues situ\u00e9es au nord de la ligne SNCF depuis le pont SNCF jusqu'\u00e0 Poincy  ; toutes les rues \nsitu\u00e9es au nord de l'axe constitu\u00e9 par ces voies. \n \nSection 1-4 : Communes de Barcy, Bouleurs, Boutigny, Chambry, Couilly -Pont-aux-Dames, Fublaines, Germigny -\nl'\u00c9v\u00eaque, Mareuil -l\u00e8s-Meaux, Meaux -Sud, Montceaux -l\u00e8s-Meaux, Nanteuil -l\u00e8s-Meaux, Penchard, Poincy, Saint -\nFiacre, Saint-Jean-les-Deux-Jumeaux, Trilport, Varreddes, Villemareuil, Villenoy, Quincy-Voisins. \n \nCommune de Meaux-Sud : rue de la Chauss\u00e9e de Paris (n\u00b0 impairs) jusqu'\u00e0 la route de Villenoy, route de Villenoy \n(n\u00b0 pairs), rue de Venise (n\u00b0 impairs), les rues situ\u00e9es au sud du prolongement de la rue de Venise jusqu'\u00e0 la Marne, \nainsi qu'au sud de la Marn e depuis ce prolongement jusqu'au pont Foch, avenue du Mar\u00e9chal Foch (n\u00b0 pairs) du \npont Foch jusqu'\u00e0 l'avenue de la Marne, avenue de la Marne (n\u00b0 pairs) de l'avenue du Mar\u00e9chal Foch jusqu'\u00e0 \nl'avenue Henri Dunant, avenue Henri Dunant (n\u00b0 impairs) de l'avenue de la Marne jusqu'\u00e0 la rue du Pierris, rue du \nPierris (n\u00b0 pairs), rue Paul Barennes (n\u00b0 pairs) de la rue du Pierris jusqu'au canal de l'Ourcq, canal de l'Ourcq au \nnord de la rue Paul Barennes jusqu'\u00e0 l'avenue de la Victoire, avenue de la Victoire (n\u00b0 pai rs) du canal de l'Ourcq \njusqu'\u00e0 la rue Georges Claude, rue Georges Claude (n\u00b0 pairs), avenue de l'Epinette (n\u00b0 pairs) de la rue Georges \nDirection r\u00e9gionale et interd\u00e9partementale de l'\u00e9conomie, de l'emploi, du travail et des solidarit\u00e9s d'\u00cele-de-France -\nIDF-2025-11-24-00006 - D\u00e9cision n\u00b0 2025-237 du 24 novembre 2025\nrelative \u00e0 la localisation et \u00e0 la d\u00e9limitation des unit\u00e9s de contr\u00f4le et des sections d'inspection du travail de la direction\nd\u00e9partementale de l'emploi, du travail et des solidarit\u00e9s de Seine-et-Marne\n13\n  \nClaude jusqu'\u00e0 la rue Nic\u00e9phore Niepce, rue Nic\u00e9phore Niepce (n\u00b0 pairs) de l'avenue de l'Epinette jusqu'au pont \nSNCF, rues situ\u00e9es au sud de la ligne SNCF depuis le pont SNCF jusqu'\u00e0 Poincy  ; toutes les rues situ\u00e9es au sud de \nl'axe constitu\u00e9 par ces voies. \n \nSection 1-5Tgf : Communes de Compans, Cuisy, Iverny, Juilly, Le Plessis -aux-Bois, Le Plessis-l'\u00c9v\u00eaque, Mitry-Mory, \nMontg\u00e9-en-Go\u00eble, Monthyon, Nantouillet, Saint-Mard, Saint-Mesmes, Thieux, Vinantes. \n \nLa section 1 -5Tgf est par ailleurs charg\u00e9e du contr\u00f4le des \u00e9tablissements de transport ferroviaire, des \n\u00e9tablissements de la SNCF, des \u00e9tablissements de la RATP, des \u00e9tablissements de transport fluvial et des activit\u00e9s \nde navigation int\u00e9rieure, tels que d\u00e9finis \u00e0 l'article 1er, dans l'ensemble des communes de l'unit\u00e9 de contr\u00f4le. \n \nSection 1 -6 : Communes de Congis -sur-Th\u00e9rouanne, Dammartin -en-Go\u00eble, Douy-la-Ram\u00e9e, \u00c9tr\u00e9pilly, Forfry, \nGesvres-le-Chapitre, Le Mesnil -Amelot, Le Plessis -Placy, Lizy -sur-Ourcq, Longperrier, March\u00e9moret, Marcilly, \nMauregard, Moussy -le-Neuf, Moussy -le-Vieux, Oissery, Othis, Puisieux, Rouvres, Saint -Pathus, Saint -Soupplets, \nTrocy-en-Multien, Villeneuve-sous-Dammartin, Vincy-Man\u0153uvre. \n \nSection 1 -7 : Communes d'Annet -sur-Marne, Charny, Claye -Souilly, Courtry, Gressy, Le Pin, Messy, Villeparisis, \nVilleroy. \n \nSection 1-8Tr : Communes d'Armenti\u00e8res -en-Brie, Chamigny, Changis -sur-Marne, Citry, Cocherel, Coulombs -en-\nValois, Crouy -sur-Ourcq, Dhuisy, Germigny -sous-Coulombs, Isles -les-Meldeuses, Jaignes, La Fert\u00e9 -sous-Jouarre, \nLuzancy, Mary -sur-Marne, May -en-Multien, M\u00e9ry -sur-Marne, Nanteuil -sur-Marne, Ocquerre, Reuil -en-Brie, Sa\u00e2cy -\nsur-Marne, Sainte-Aulde, Sammeron, Sept-Sorts, Tancrou, Ussy-sur-Marne, Vendrest. \n \nLa section 1 -8Tr est par ailleurs charg\u00e9e du contr\u00f4le des \u00e9tablissements de transport routier, tels que d\u00e9finis \u00e0 \nl'article 1er, dans l'ensemble des communes de l'unit\u00e9 de contr\u00f4le. \n \n \nLa d\u00e9limitation de l'unit\u00e9 de contr\u00f4le n\u00b02 est fix\u00e9e comme suit : \n \nCommunes d'Aulnoy, Bailly-Romainvilliers, Bassevelle, Beautheil, Bellot, Boissy-le-Ch\u00e2tel, Boitron, Bussi\u00e8res, Bussy-\nSaint-Georges, Bussy -Saint-Martin, Chailly -en-Brie, Champs -sur-Marne, Chanteloup -en-Brie, Chartronges, \nChauffry, Chessy, Choisy -en-Brie, Co ll\u00e9gien, Conches -sur-Gondoire, Coulommes, Coulommiers, Coupvray, \nCoutevroult, Cr\u00e9cy -la-Chapelle, Dammartin -sur-Tigeaux, Doue, Faremoutiers, Favi\u00e8res, Ferri\u00e8res -en-Brie, \nGiremoutiers, Gouvernes, Gu\u00e9rard, Guermantes, Hautefeuille, Hondevilliers, Jossigny, Jo uarre, Jouy-sur-Morin, La \nCelle-sur-Morin, La Chapelle -Moutils, La Fert\u00e9 -Gaucher, La Haute -Maison, La Houssaye -en-Brie, La Tr\u00e9toire, \nLescherolles, Lognes, Magny -le-Hongre, Maisoncelles -en-Brie, Marolles -en-Brie, Mauperthuis, Meilleray, \nMontdauphin, Monteni ls, Mont\u00e9vrain, Montolivet, Montry, Mortcerf, Mouroux, Neufmoutiers -en-Brie, Noisiel, \nOrly-sur-Morin, Pierre-Lev\u00e9e, Pommeuse, Pontcarr\u00e9, Rebais, Sablonni\u00e8res, Saint-Augustin, Saint-Barth\u00e9lemy, Saint-\nCyr-sur-Morin, Saint -Denis-l\u00e8s-Rebais, Saint -Germain-sous-Doue, Saint -Germain-sur-Morin, Saint -L\u00e9ger, Saint -\nMartin-des-Champs, Saint-Ouen-sur-Morin, Saint-R\u00e9my-la-Vanne, Saints, Saint-Sim\u00e9on, Saint-Thibault-des-Vignes, \nSancy-l\u00e8s-Meaux, Serris, Signy -Signets, Tigeaux, Torcy, Vaucourtois, Verdelot, Villeneuve -le-Comte, Villeneuve-\nSaint-Denis, Villeneuve-sur-Bellot, Villiers-sur-Morin, Voulangis. \n \nLe nombre de sections d'inspection du travail de l'UC n\u00b02 est fix\u00e9 \u00e0 8. La d\u00e9limitation des 8 sections d'inspection \ndu travail de l'UC n\u00b02 de la direction d\u00e9partementale de l'emploi, du travail et des solidarit\u00e9s de Seine -et-Marne \nest fix\u00e9e comme suit : \n \nSection 2-1 : Communes de Mont\u00e9vrain, Serris. \n \nSection 2-2 : Communes de Bailly-Romainvilliers, Chessy, Coupvray, Villeneuve-le-Comte. \n \nSection 2-3 : Communes de Lognes, Torcy. \n \nSection 2-4 : Communes de Bussy -Saint-Georges, Jossigny, La Houssaye -en-Brie, Neufmoutiers-en-Brie, Favi\u00e8res, \nVilleneuve-Saint-Denis. \n \nSection 2 -5T : Beautheil, Chailly -en-Brie, Coulommes, Coutevroult, Cr\u00e9cy -la-Chapelle, Dammartin -sur-Tigeaux, \nFaremoutiers, Giremoutiers, Gu\u00e9rard, Hautefeuille, La Celle -sur-Morin, La Haute -Maison, Magny -le-Hongre, \nMaisoncelles-en-Brie, Mauperthuis, Montry, Mortcerf, M ouroux, Pierre -Lev\u00e9e, Pommeuse, Saint -Augustin, Saint -\nGermain-sur-Morin, Saints, Sancy l\u00e8s Meaux, Signy-Signets, Tigeaux, Vaucourtois, Villiers-sur-Morin, Voulangis. \nDirection r\u00e9gionale et interd\u00e9partementale de l'\u00e9conomie, de l'emploi, du travail et des solidarit\u00e9s d'\u00cele-de-France -\nIDF-2025-11-24-00006 - D\u00e9cision n\u00b0 2025-237 du 24 novembre 2025\nrelative \u00e0 la localisation et \u00e0 la d\u00e9limitation des unit\u00e9s de contr\u00f4le et des sections d'inspection du travail de la direction\nd\u00e9partementale de l'emploi, du travail et des solidarit\u00e9s de Seine-et-Marne\n14\n  \n \nLa section 2-5T est par ailleurs charg\u00e9e du contr\u00f4le des \u00e9tablissements de transports routier, des \u00e9tablissements \nde transport ferroviaire, des \u00e9tablissements de la SNCF, des \u00e9tablissements de la RATP, des \u00e9tablissements de \ntransport fluvial et des activit \u00e9s de navigation int\u00e9rieure, tels que d\u00e9finis \u00e0 l'article 1 er, dans l'ensemble des \ncommunes de l'unit\u00e9 de contr\u00f4le. \n  \nSection 2-6 : Communes de Bussy -Saint-Martin, Chanteloup-en-Brie, Coll\u00e9gien, Conches-sur-Gondoire, Ferri\u00e8res-\nen-Brie, Gouvernes, Guermantes, Pontcarr\u00e9, Saint Thibault des Vignes. \n \nSection 2-7 : Communes Champs-sur-Marne, Noisiel. \n \nSection 2-8A : Communes d'Aulnoy, Bassevelle, Bellot, Boissy-le-Ch\u00e2tel, Boitron, Bussi\u00e8res, Chartronges, Chauffry, \nChoisy-en-Brie, Coulommiers, Doue, Hondevilliers, Jouarre, Jouy-sur-Morin, La Chapelle-Moutils, La Fert\u00e9-Gaucher, \nLa Tr\u00e9toire, Lescherolles, Marolles-en-Brie, Meilleray, Montdauphin, Montenils, Montolivet, Orly-sur-Morin, Rebais, \nSablonni\u00e8res, Saint -Barth\u00e9lemy, Saint -Cyr-sur-Morin, Saint -Denis-l\u00e8s-Rebais, Saint -Germain-sous-Doue, Saint -\nL\u00e9ger, Saint-Martin-des-Champs, Saint-Ouen-sur-Morin, Saint-R\u00e9my-la-Vanne, Saint-Sim\u00e9on, Verdelot, Villeneuve-\nsur-Bellot. \n \nLa section 2-8A est par ailleurs charg\u00e9e du contr\u00f4le des \u00e9tablissements agricoles tels que d\u00e9finis \u00e0 l'article 1 dans \nl'ensemble des communes de l'unit\u00e9 de contr\u00f4le. \n \n \nLa d\u00e9limitation de l'unit\u00e9 de contr\u00f4le n\u00b03 est fix\u00e9e comme suit : \n \nCommunes d'Amilis, Andrezel, Argenti\u00e8res, Aubepierre -Ozouer-le-Repos, Augers -en-Brie, Bannost -Villegagnon, \nBeauchery-Saint-Martin, Beauvoir, Bernay -Vilbert, Beton -Bazoches, Bezalles, Boisdon, Brie -Comte-Robert, \nCerneux, Chalautre -la-Grande, Champcenest, Ch ampdeuil, Champeaux, Ch\u00e2teaubleau, Ch\u00e2tres, Chaumes -en-\nBrie, Chenoise, Chevru, Chevry -Cossigny, Clos -Fontaine, Combs -la-Ville, Coubert, Courchamp, Courpalay, \nCourquetaine, Courtacon, Courtomer, Cr\u00e8vecoeur -en-Brie, Crisenoy, Croissy -Beaubourg, Cucharmoy, Da gny, \n\u00c9merainville, \u00c9vry -Gr\u00e9gy-sur-Yerre, F\u00e9rolles -Attilly, Fontenay -Tr\u00e9signy, Fouju, Fr\u00e9toy, Gastins, Grandpuits -Bailly-\nCarrois, Gretz-Armainvilliers, Grisy-Suisnes, Guignes, Jouy-le-Ch\u00e2tel, La Chapelle-Iger, La Croix-en-Brie, Le Plessis-\nFeu-Aussoux, L\u00e9chelle, Les Chapelles-Bourbon, Les Mar\u00eats, L\u00e9signy, Leudon -en-Brie, Lieusaint, Limoges-Fourches, \nLissy, Liverdy -en-Brie, Louan -Villegruis-Fontaine, Lumigny -Nesles-Ormeaux, Marles -en-Brie, Moissy -Cramayel, \nMontceaux-l\u00e8s-Provins, Montereau -sur-le-Jard, Mormant,  Mortery, Nandy, Ozoir -la-Ferri\u00e8re, Ozouer -le-Voulgis, \nP\u00e9cy, P\u00e9zarches, Pontault -Combault, Presles -en-Brie, Quiers, R\u00e9au, Roissy -en-Brie, Rouilly, Rozay -en-Brie, \nRup\u00e9reux, Saint -Brice, Saint -Germain-Laxis, Saint -Hilliers, Saint -Just-en-Brie, Saint -Mars-Vieux-Maisons, Saint -\nMartin-du-Boschet, Sancy-l\u00e8s-Provins, Savigny-le-Temple, Servon, Soignolles-en-Brie, Solers, Touquin, Tournan-en-\nBrie, Vaudoy-en-Brie, Verneuil-l'\u00c9tang, Vieux-Champagne, Villiers-Saint-Georges, Voinsles, Voulton, Y\u00e8bles. \n \nLe nombre de sections d'inspection du travail de l'UC n\u00b03 est fix\u00e9 \u00e0 8. La d\u00e9limitation des 8 sections d'inspection \ndu travail de l'UC n\u00b03 de la direction d\u00e9partementale de l'emploi, du travail et des solidarit\u00e9s de Seine -et-Marne \nest fix\u00e9e comme suit : \n \nSection 3-1 : Communes de Chevry Cossigny, F\u00e9rolles-Attilly, L\u00e9signy, Pontault-Combault, Servon. \n \nSection 3-2 : Communes d'Emerainville, Croissy Beaubourg. \n \nSection 3-3 : Communes de Gretz Armainvilliers, Ozoir-la-Ferri\u00e8re, Roissy-en-Brie, Tournan en Brie. \n \nSection 3-4 : Communes de Nandy, R\u00e9au, Savigny le Temple, Montereau sur le Jard, Evry Gr\u00e9gy sur Yerres, Grisy \nSuisnes. \n \nSection 3-5 : Communes de Combs la Ville, Brie Comte Robert. \n \nSection 3 -6A : Communes d'Andrezel, Argenti\u00e8res, Aubepierre -Ozouer-le-Repos, Beauchery -Saint-Martin, \nBeauvoir, Chalautre -la-Grande, Champdeuil, Champeaux, Ch\u00e2teaubleau, Ch\u00e2tres, Chaumes -en-Brie, Chenoise, \nClos-Fontaine, Coubert, Courchamp, Courpalay, Courquetaine, Courtomer, Crisenoy, Cucharmoy, Fouju, Gastins, \nGrandpuits-Bailly-Carrois, Guignes, La Chapelle -Iger, La Croix -en-Brie, L\u00e9chelle, Limoges Fourches, Lissy, Liverdy \nen Brie, Louan -Villegruis-Fontaine, Mormant, Mortery, Ozouer -le-Voulgis, P\u00e9cy, Presl es en Brie, Quiers, Rouilly, \nRupereux, Saint -Brice, Saint-Germain-Laxis, Saint-Hilliers, Saint-Just-en-Brie, Soignolles en Brie, Solers, Verneuil -\nl'\u00c9tang, Vieux-Champagne, Voulton, Y\u00e8bles. \nDirection r\u00e9gionale et interd\u00e9partementale de l'\u00e9conomie, de l'emploi, du travail et des solidarit\u00e9s d'\u00cele-de-France -\nIDF-2025-11-24-00006 - D\u00e9cision n\u00b0 2025-237 du 24 novembre 2025\nrelative \u00e0 la localisation et \u00e0 la d\u00e9limitation des unit\u00e9s de contr\u00f4le et des sections d'inspection du travail de la direction\nd\u00e9partementale de l'emploi, du travail et des solidarit\u00e9s de Seine-et-Marne\n15\n  \n \nLa section 3 -6A est par ailleurs charg\u00e9e du contr\u00f4le des \u00e9tablissements agricoles, tels que d\u00e9finis \u00e0 l'article 1 er, \ndans l'ensemble des communes de l'unit\u00e9 de contr\u00f4le. \n \nSection 3-7T : Communes d'Amilis, Augers-en-Brie, Bannost-Villegagnon, Bernay-Vilbert, Beton-Bazoches, Bezalles, \nBoisdon, Cerneux, Champcenest, Chevru, Courtacon, Cr\u00e8vecoeur -en-Brie, Dagny, Fontenay -Tr\u00e9signy, Fr\u00e9toy le \nMoutier, Jouy -le-Ch\u00e2tel, Le Plessis -Feu-Aussoux, Les Chapelles -Bourbon, Les Mar\u00eats, Leudon -en-Brie, Lumigny -\nNesles-Ormeaux, Marles -en-Brie, Montceaux -l\u00e8s-Provins, P\u00e9zarches, Rozay -en-Brie, Saint -Mars-Vieux-Maisons, \nSaint-Martin-du-Boschet, Sancy-l\u00e8s-Provins, Touquin, Vaudoy-en-Brie, Villiers-Saint-Georges, Voinsles. \n \nLa section 3-7T est par ailleurs charg\u00e9e du contr\u00f4le des \u00e9tablissements de transports routier, des \u00e9tablissements \nde transports ferroviaires, des \u00e9tablissements de la SNCF, des \u00e9tablissements de la RATP, des \u00e9tablissements de \ntransport fluvial et des activ it\u00e9s de navigation int\u00e9rieure, tels que d\u00e9finis \u00e0 l'article 1 er, dans l'ensemble des \ncommunes de l'unit\u00e9 de contr\u00f4le.  \n \nSection 3-8 : Communes de Lieusaint, Moissy-Cramayel. \n \n \nLa d\u00e9limitation de l'unit\u00e9 de contr\u00f4le n\u00b04 est fix\u00e9e comme suit : \n \nCommunes d'Ach\u00e8res-la-For\u00eat, Amponville, Arbonne-la-For\u00eat, Arville, Aufferville, Avon, Baby, Bagneaux-sur-Loing, \nBalloy, Barbey, Barbizon, Bazoches -l\u00e8s-Bray, Beaumont -du-G\u00e2tinais, Blandy, Blennes, Bois -le-Roi, Boissettes, \nBoissise-la-Bertrand, Boissise -le-Roi, Boissy -aux-Cailles, Bombon, Bougligny, Boulancourt, Bourron -Marlotte, \nBransles, Bray-sur-Seine, Br\u00e9au, Burcy, Buthiers, Cannes-\u00c9cluse, C\u00e9ly, Cesson, Cessoy-en-Montois, Chailly-en-Bi\u00e8re, \nChaintreaux, Chalautre -la-Petite, Chalmaison, Champagne -sur-Seine, Chartrettes, Ch\u00e2teau -Landon, Ch\u00e2tenay -\nsur-Seine, Ch\u00e2tenoy, Ch\u00e2tillon -la-Borde, Chenou, Chevrainvilliers, Chevry -en-Sereine, Courcelles -en-Bass\u00e9e, \nCouten\u00e7on, Dammarie-les-Lys, Darvault, Diant, Donnemarie-Dontilly, Dormelles, \u00c9chouboulains, \u00c9gligny, \u00c9greville, \nEsmans, Everly, Fa\u00ff -l\u00e8s-Nemours, F\u00e9ricy, Flagy, Fleury -en-Bi\u00e8re, Fontainebleau, Fontaine -Fourches, Fontaine -le-\nPort, Fontains, Fontenailles, Forges, Fromont, Garentreville, Gouaix, Gravon, Grez -sur-Loing, Grisy -sur-Seine, \nGuercheville, Gurcy-le-Ch\u00e2tel, H\u00e9ricy, Herm\u00e9, Ichy, Jaulnes, Jutigny, La Brosse -Montceaux, La Chapelle-Gauthier, \nLa Chapelle-la-Reine, La Chapelle-Rablais, La Chapelle-Saint-Sulpice, La Genevraye, Gironville, La Grande-Paroisse, \nLa Madeleine-sur-Loing, La Rochette, La Tombe, Larchant, Laval-en-Brie, Le Ch\u00e2telet-en-Brie, Le M\u00e9e-sur-Seine, Le \nVaudou\u00e9, Les \u00c9crennes, Les Ormes -sur-Voulzie, Livry -sur-Seine, Lizines, Longueville, Lorrez -le-Bocage-Pr\u00e9aux, \nLuisetaines, Machault, Maincy, Maisoncelles -en-Gatinais, Maison -Rouge, Marolles -sur-Seine, Meigneux, Melun, \nMelz-sur-Seine, Misy -sur-Yonne, Moisenay, Mondreville, Mons -en-Montois, Montcourt -Fromonville, Montereau -\nFault-Yonne, Montigny -le-Guesdier, Montigny -Lencoup, Montigny -sur-Loing, Montmachoux, Moret -Loing-et-\nOrvanne, Mousseaux -l\u00e8s-Bray, M ouy-sur-Seine, Nangis, Nanteau -sur-Essonne, Nanteau -sur-Lunain, Nemours, \nNoisy-Rudignon, Noisy-sur-\u00c9cole, Nonville, Noyen -sur-Seine, Obsonville, Ormesson, Paley, Pamfou, Paroy, Passy -\nsur-Seine, Perthes, Poigny, Poligny, Pringy, Provins, Rampillon, Recloses, Remauville, Rubelles, Rumont, Saint-Ange-\nle-Viel, Sainte-Colombe, Saint-Fargeau-Ponthierry, Saint-Germain-Laval, Saint-Germain-sur-\u00c9cole, Saint-Loup-de-\nNaud, Saint -Mamm\u00e8s, Saint -Martin-en-Bi\u00e8re, Saint -M\u00e9ry, Saint -Ouen-en-Brie, Saint -Pierre-l\u00e8s-Nemours, S aint-\nSauveur-l\u00e8s-Bray, Saint -Sauveur-sur-\u00c9cole, Salins, Samois -sur-Seine, Samoreau, Savins, Seine -Port, Sigy, Sivry -\nCourtry, Sognolles -en-Montois, Soisy -Bouy, Souppes -sur-Loing, Sourdun, Th\u00e9nisy, Thomery, Thoury -F\u00e9rottes, \nTousson, Treuzy -Levelay, Ury, Vale nce-en-Brie, Vanvill\u00e9, Varennes -sur-Seine, Vaux -le-P\u00e9nil, Vaux -sur-Lunain, \nVernou-la-Celle-sur-Seine, Vert -Saint-Denis, Villeb\u00e9on, Villecerf, Villemar\u00e9chal, Villemer, Villenauxe -la-Petite, \nVilleneuve-les-Bordes, Ville-Saint-Jacques, Villiers-en-Bi\u00e8re, Villiers-sous-Grez, Villiers-sur-Seine, Villuis, Vimpelles, \nVoisenon, Voulx, Vulaines-l\u00e8s-Provins, Vulaines-sur-Seine. \n \nLe nombre de sections d'inspection du travail de l'UC n\u00b04 est fix\u00e9 \u00e0 9. La d\u00e9limitation des 9 sections d'inspection \ndu travail de l'UC n\u00b04 de la direction d\u00e9partementale de l'emploi, du travail et des solidarit\u00e9s de Seine -et-Marne \nest fix\u00e9e comme suit : \n \nSection 4-1A : Communes de Baby, Balloy, Bazoches -l\u00e8s-Bray, Bois -le-Roi, Bray-sur-Seine, Champagne -sur-Seine, \nCessoy-en-Montois, Chalautre -la-Petite, Chalmaison, Chatenay -sur-Seine, Courcelles -en-Bass\u00e9e, Couten\u00e7on, \nDonnemarie-Dontilly, Echouboulains, Egligny, Everly, F\u00e9ricy, Fontaine-Fourches, Fontaine-le-Port, Gouaix, Gravon, \nGrisy-Sur-Seine, Gurcy -le Chatel, H\u00e9ricy, Herm\u00e9, Jaulnes, Jutigny, Laval -en-Brie, Les -Ormes-sur-Voulzie, Lizines, \nLongueville, Luisetaines, Machault, Meigneux, Melz -sur-Seine, Mons-en-Montois, Montigny-le-Guesdier, Montigny-\nLencoup, Mousseaux-le-Bray, Mouy-sur-Seine, Noyen-sur-Seine, Pamfou, Paroy, Passy-sur-Seine, Saint-Sauveur-les-\nBray, Sainte -Colombe, Salins, Samois -sur-Seine, Samoreau, Savins, Sigy, Sognolles -en-Montois, Soisy -Bouy, \nSourdun, T henissy, Valence -en-Brie, Villenauxe -la-Petite, Villeneuve -les-Bordes, Villiers -sur-Seine, Villuis, \nVimpelles, Vulaines-sur-Seine. \nDirection r\u00e9gionale et interd\u00e9partementale de l'\u00e9conomie, de l'emploi, du travail et des solidarit\u00e9s d'\u00cele-de-France -\nIDF-2025-11-24-00006 - D\u00e9cision n\u00b0 2025-237 du 24 novembre 2025\nrelative \u00e0 la localisation et \u00e0 la d\u00e9limitation des unit\u00e9s de contr\u00f4le et des sections d'inspection du travail de la direction\nd\u00e9partementale de l'emploi, du travail et des solidarit\u00e9s de Seine-et-Marne\n16\n  \n \nLa section 4-1A est par ailleurs charg\u00e9e du contr\u00f4le des \u00e9tablissements agricoles tels que d\u00e9finis \u00e0 l'article 1 dans \nl'ensemble des communes de l'unit\u00e9 de contr\u00f4le. \n \nSection 4-2 : Commune de Melun. \n \nSection 4-3 : Communes d'Avon, Barbizon, Boissise -le-Roi, Chailly -en-Bi\u00e8re, Fontainebleau, Montigny -sur-Loing, \nPerthes-en-G\u00e2tinais, Thomery. \n \nSection 4-4 : Communes de Boissettes, Boissise-la-Bertrand, Cesson, Dammarie-les-lys, La Rochette, Pringy, Seine-\nPort, Villiers-en-Bi\u00e8re. \n \nSection 4-5Tf : Communes de Barbey, Cannes -Ecluse, Diant, Esmans, Flagy, Forges, La -Brosse-Montceaux, La \nGrande Paroisse, La Tombe, Marolles -sur-Seine, Misy-sur-Yonne, Montereau-Fault-Yonne, Montmachoux, Noisy -\nRudignon, Saint-Germain-Laval, Saint-Mamm\u00e8s, Thoury-Ferottes, Varennes-sur-Seine, Vernou-la-Celle-Sur-Seine, \nVoulx, Dormelles, Ville-Saint-Jacques, Villecerf, Villemer. \n \nLa section 4 -5Tf est par ailleurs charg\u00e9e du contr\u00f4le des \u00e9tablissements de transport fluvial tels que d\u00e9finis \u00e0 \nl'article 1 dans l'ensemble des communes de l'unit\u00e9 de contr\u00f4le. \n \nSection 4-6 : Communes de Blandy -les-Tours, Bombon, Br\u00e9au, Chatillon -la-Borde, Fontains, Fontenailles, La \nChapelle-Gauthier, La Chapelle-Rablais, La Chapelle-Saint-Sulpice, Les Ecrennes, Maincy, Maison-Rouge, Moisenay, \nNangis, Poigny, Provins, Rampillon, Rubelles, Sa int-Loup-de-Naud, Saint -Mery, Saint -Ouen-en-Brie, Vanvill\u00e9, \nVulaines-l\u00e8s-Provins, Voisenon. \n \nSection 4-7 : Communes de Bagneaux -sur-Loing, Blennes, Bourron -Marlotte, Bransles, Chaintraux, Chevry -en-\nSereine, Darvault, Egreville, Grez-su- Loing, La Genevraye, Lorrez-le-Bocage Pr\u00e9aux, Montcourt-Fromonville, Moret-\nLoing-et-Orvanne, Nanteau sur Lunain, Nemours, Nonville, Orvannes, Paley, Poligny, Remauville, Saint Ange le Viel, \nSaint Pierre les Nemours, Treuzy Levelay, Vaux sur Lunain, Villeb\u00e9on, Villemar\u00e9chal. \n \nSection 4-8Trg : Communes d'Ach\u00e8res -la-For\u00eat, Aponville , Arbonne -la-For\u00eat, Arville, Aufferville, Beaumont -du-\nGatinais, Boissy-aux-Cailles, Boubligny, Boulancourt, Burcy, Buthiers, C\u00e9ly -en-Bi\u00e8re, Ch\u00e2teau-Landon, Chatenoy, \nChenou, Chevrainvilliers, Fay-l\u00e8s-Nemours, Fleury-en-Bi\u00e8re, Fromont, Garentreville, Gironville, Guercheville, Ichy, \nLa Chapelle -la-Reine, La Madeleine -sur-Loing, Larchant, Le Vaudou\u00e9, Maisoncelles -en-Gatinais, Mondreville, \nNanteau-sur-Essonne, Noisy-sur-Ecole, Obsonville, Ormesson, Recloses, Rumont, Saint -Fargeau-Ponthierry, Saint-\nGermain-sur-Ecole, Saint-Martin-en-Bi\u00e8re, Saint-Sauveur-sur-Ecole, Souppes-sur-Loing, Tousson, Ury, Villiers -sous-\nGrez. \n \nLa section 4-8Trg est par ailleurs charg\u00e9e du contr\u00f4le des \u00e9tablissements de transport routier, des \u00e9tablissements \nde transports ferroviaires, des \u00e9tablissements de la SNCF et des \u00e9tablissements de la RATP, tels que d\u00e9finis \u00e0 \nl'article 1er, dans l'ensemble des communes de l'unit\u00e9 de contr\u00f4le.  \n \nSection 4-9 : Communes de Chartrettes, Le Chatelet -en-Brie, Le M\u00e9e -sur-Seine, Livry-sur-Seine, Sivry -Courtry, \nVaux-le-P\u00e9nil, Vert-Saint-Denis. \n \nL'association \u00ab Le Sentier \u00bb sise 10, rue Louis Beaunier, 77000 Melun, et ses \u00e9tablissements secondaires, situ\u00e9s sur \nle p\u00e9rim\u00e8tre de la section 4.2, rel\u00e8vent de la section 4.9. \n \nArticle 3 \n \nLa d\u00e9cision n\u00b0 2023-193 du 26 d\u00e9cembre 2023 relative \u00e0 la localisation et \u00e0 la d\u00e9limitation des unit\u00e9s de contr\u00f4le \net des sections d'inspection du travail de la direction d\u00e9partementale de l'emploi, du travail et des solidarit\u00e9s de \nSeine-et-Marne est abrog\u00e9e. \n \n \nArticle 4 \n \nLa pr\u00e9sente d\u00e9cision prend effet au 1er  d\u00e9cembre 2025 \n \n \nDirection r\u00e9gionale et interd\u00e9partementale de l'\u00e9conomie, de l'emploi, du travail et des solidarit\u00e9s d'\u00cele-de-France -\nIDF-2025-11-24-00006 - D\u00e9cision n\u00b0 2025-237 du 24 novembre 2025\nrelative \u00e0 la localisation et \u00e0 la d\u00e9limitation des unit\u00e9s de contr\u00f4le et des sections d'inspection du travail de la direction\nd\u00e9partementale de l'emploi, du travail et des solidarit\u00e9s de Seine-et-Marne\n17\n  \nArticle 5  \n \nLe directeur r\u00e9gional et interd\u00e9partemental de l'\u00e9conomie, de l'emploi, du travail et des solidarit\u00e9s d'Ile-de-France \net le responsable de la direction d\u00e9partementale de l'emploi, du travail et des solidarit\u00e9s de Seine et Marne sont \ncharg\u00e9s de l'application de la pr\u00e9sente d\u00e9cision, qui sera publi\u00e9e aux recueils des actes administratifs de la \npr\u00e9fecture de R\u00e9gion d'Ile de France.  \n \n  \n \nFait \u00e0 Saint Denis le 24 novembre 2025 \n \nLe Directeur r\u00e9gional et interd\u00e9partemental de l'\u00e9conomie, \nde l'emploi, du travail et des solidarit\u00e9s de la r\u00e9gion Ile-\nde-France  \n \nSIGNE \n \n \nFabrice MASI \nDirection r\u00e9gionale et interd\u00e9partementale de l'\u00e9conomie, de l'emploi, du travail et des solidarit\u00e9s d'\u00cele-de-France -\nIDF-2025-11-24-00006 - D\u00e9cision n\u00b0 2025-237 du 24 novembre 2025\nrelative \u00e0 la localisation et \u00e0 la d\u00e9limitation des unit\u00e9s de contr\u00f4le et des sections d'inspection du travail de la direction\nd\u00e9partementale de l'emploi, du travail et des solidarit\u00e9s de Seine-et-Marne\n18\nDirection r\u00e9gionale et interd\u00e9partementale de\nl'\u00e9conomie, de l'emploi, du travail et des\nsolidarit\u00e9s d'\u00cele-de-France\nIDF-2025-11-24-00007\nD\u00e9cision n\u00b0 2025-238 du 24 novembre 2025\nportant affectation des agents de contr\u00f4le dans\nles unit\u00e9s de contr\u00f4le et gestion des int\u00e9rims de\nl'Unit\u00e9 d\u00e9partementale des Hauts-de-Seine de la\nDRIEETS d'Ile-de-France\nDirection r\u00e9gionale et interd\u00e9partementale de l'\u00e9conomie, de l'emploi, du travail et des solidarit\u00e9s d'\u00cele-de-France -\nIDF-2025-11-24-00007 - D\u00e9cision n\u00b0 2025-238 du 24 novembre 2025\nportant affectation des agents de contr\u00f4le dans les unit\u00e9s de contr\u00f4le et gestion des int\u00e9rims de l'Unit\u00e9 d\u00e9partementale des\nHauts-de-Seine de la DRIEETS d'Ile-de-France\n19\nMINISTEREDU TRAVAILET DES SOLIDARITESLibert\u00e9Egalit\u00e9Fraternit\u00e9\n \nDRIEETS Ile-de-France  \n32 rue Jean Jaur\u00e8s  \n93200 SAINT-DENIS                                                                                                                                                                                                                                  1 / 6 \n  \nDirection r\u00e9gionale et interd\u00e9partementale \nde l'\u00e9conomie, de l'emploi, \ndu travail et des solidarit\u00e9s  \nd'Ile de France \n \n \n \n \n \nD\u00e9cision n\u00b0 2025-238 du 24 novembre 2025 \nportant affectation des agents de contr\u00f4le dans les unit\u00e9s de contr\u00f4le et gestion des int\u00e9rims \nde l'Unit\u00e9 d\u00e9partementale des Hauts-de-Seine de la DRIEETS d'Ile-de-France \n \n \nLe directeur r\u00e9gional et interd\u00e9partemental de l'\u00e9conomie, de l'emploi, du travail et des solidarit\u00e9s d'Ile-\nde-France, \n \nVu le code du travail, notamment ses articles R 8122-1 et suivants.  \n \nVu l'arr\u00eat\u00e9 interminist\u00e9riel du 12 ao\u00fbt  2025 nommant Fabrice MASI directeur r\u00e9gional et \ninterd\u00e9partemental de l'\u00e9conomie, de l'emploi, du travail et des solidarit\u00e9s d'\u00cele -de-France \u00e0 compter du \n25 ao\u00fbt 2025, \n \nVu l'arr\u00eat\u00e9 minist\u00e9riel du 25 mars 2024 portant cr\u00e9ation et r\u00e9partition des unit\u00e9s de contr\u00f4le de \nl'inspection du travail,  \n \nVu la d\u00e9cision n\u00b0 2025-199 du 5 novembre 2025 du directeur r\u00e9gional et interd\u00e9partemental de l'\u00e9conomie, \nde l'emploi, du travail et des solidarit\u00e9s d'Ile de France relative \u00e0 la localisation et \u00e0 la d\u00e9limitation des \nunit\u00e9s de contr\u00f4le et des sections d'inspection du travail de l'unit\u00e9 d\u00e9partementale des Hauts -de-Seine. \n \nD\u00c9CIDE : \n \nARTICLE 1er  \n \nSont nomm\u00e9s comme responsables des unit\u00e9s de contr\u00f4le de l' unit\u00e9 d\u00e9partementale des Hauts-de-Seine \nles agents suivants : \n \n- Unit\u00e9 de contr\u00f4le n\u00b0 1 : Madame Adeline GAZZOLA, directrice adjointe du travail. \n \n- Unit\u00e9 de contr\u00f4le n\u00b0 2 : Monsieur William WYTS, directeur adjoint du travail. \n \n- Unit\u00e9 de contr\u00f4le n\u00b0 3 : Madame Sylvie GUINOT, directrice adjointe du travail.  \n \n- Unit\u00e9 de contr\u00f4le n\u00b0 4 : Madame Samya KAMALI, directrice adjoint du travail. \n \n- Unit\u00e9 de contr\u00f4le n\u00b0 5 : Madame Nathalie NAMPON, directrice adjointe du travail. \n \n- Unit\u00e9 de contr\u00f4le n\u00b0 6 : Madame Lydia SAOULI, directrice adjointe du travail. \n \n- Unit\u00e9 de contr\u00f4le n\u00b0 7 : Madame Sylvie GUINOT, directrice adjointe du travail, par int\u00e9rim.  \n \n \nDirection r\u00e9gionale et interd\u00e9partementale de l'\u00e9conomie, de l'emploi, du travail et des solidarit\u00e9s d'\u00cele-de-France -\nIDF-2025-11-24-00007 - D\u00e9cision n\u00b0 2025-238 du 24 novembre 2025\nportant affectation des agents de contr\u00f4le dans les unit\u00e9s de contr\u00f4le et gestion des int\u00e9rims de l'Unit\u00e9 d\u00e9partementale des\nHauts-de-Seine de la DRIEETS d'Ile-de-France\n20\n \n2 / 6 \n \nARTICLE 2  \n \nSans pr\u00e9judice des dispositions de l'article R.8122-10 I du code du travail et conform\u00e9ment aux dispositions \nde l'article R.8122-11 du code du travail encadrant la r\u00e9partition organisationnelle des contr\u00f4les et juridique \nrelative aux d\u00e9cisions administratives et pouvoirs relevant de la comp\u00e9tence exclusive des inspecteurs du \ntravail dans les sections confi\u00e9es \u00e0 un contr\u00f4leur du travail, sont affect\u00e9s dans les sections d'inspection de \nl'unit\u00e9 d\u00e9partementale des Hauts-de-Seine les agents suivants : \n \nUnit\u00e9 de contr\u00f4le n\u00b0 1 \n \nSection 1-1 : Madame Val\u00e9rie LABATUT, inspectrice du travail.  \n \nSection 1-2 : Madame Delphine SARRASIN, inspectrice du travail. \n \nSection 1-3 : Madame Leslie SALATA, inspectrice du travail. \n \nSection 1- 4 : Monsieur Virigile GARSMEUR, inspecteur du travail.   \n \nSection 1-5 : Madame Christine ONNEE, inspectrice du travail. \n \nSection 1-6 : Madame Lisa ROUZIER, inspectrice du travail. \n \nSection 1-7 : Madame Lisa ROUZIER, inspectrice du travail, par int\u00e9rim.  \n \nSection 1-8 : Madame Suzanne BRUNELLI, inspectrice du travail. \n \nUnit\u00e9 de contr\u00f4le n\u00b0 2 \n \nSection 2-1 : Madame Caroline COLIN, inspectrice du travail. \n \nMadame Caroline COLIN  est \u00e9galement comp\u00e9tente pour le contr\u00f4le des \u00e9tablissements de transports \nroutiers situ\u00e9s 26, quai Charles Pasqua \u00e0 Levallois-Perret. \n \nSection 2-2 : Monsieur Timoth\u00e9e MASSON, inspecteur du travail. \n \nSection 2-3 : Monsieur Th\u00e9o NUGUES-SCHONFELD, inspecteur du travail. \n \nSection 2-4 : Monsieur Farouk DJEBARA, inspecteur du travail. \n \nSection 2-5 : Madame Manon DEMIGNE, inspectrice du travail. \n \nSection 2-6 : Monsieur Nolit DASYLVA, inspecteur du travail.  \n \nSection 2-7 : Monsieur William WYTS, Directeur adjoint du travail, par int\u00e9rim. \n \nSection 2-8 : Madame Marie-Agn\u00e8s YAPO, inspectrice du travail. \n \nSection 2-9 : Madame Marjorie CARO, inspectrice du travail.  \n \nSection 2-10 : Madame Manon DEMIGNE, inspectrice du travail, par int\u00e9rim. \n \nSection 2-11 : Monsieur Nosr-Eddine SEGHILI, inspecteur du travail. \nDirection r\u00e9gionale et interd\u00e9partementale de l'\u00e9conomie, de l'emploi, du travail et des solidarit\u00e9s d'\u00cele-de-France -\nIDF-2025-11-24-00007 - D\u00e9cision n\u00b0 2025-238 du 24 novembre 2025\nportant affectation des agents de contr\u00f4le dans les unit\u00e9s de contr\u00f4le et gestion des int\u00e9rims de l'Unit\u00e9 d\u00e9partementale des\nHauts-de-Seine de la DRIEETS d'Ile-de-France\n21\n \n3 / 6 \nSection 2-12 : Monsieur Youssef CHEHADY, inspecteur du travail. \n \nUnit\u00e9 de contr\u00f4le n\u00b0 3 \n \nSection 3-1 : Madame St\u00e9phanie QUECHON, inspectrice du travail. \n \nSection 3-2 : Madame Ouarda SAOULA, inspectrice du travail. \n \nSection 3-3 : Monsieur Ronan LE VERGE, inspecteur du travail. \n \nSection 3-4 : Monsieur Guillaume THENOZ, inspecteur du travail. \n \nSection 3-5 : Monsieur Simon MAES, inspecteur du travail. \n \nSection 3-6 : Madame Sylvie BOBIN, inspectrice du travail.  \n \nSection 3-7 : Madame St\u00e9phanie HUDE, inspectrice du travail.  \n \nSection 3-8 : Monsieur Fr\u00e9d\u00e9ric PICARD, inspecteur du travail. \n \nSection 3-9 : Monsieur Philippe GARNEAU, contr\u00f4leur du travail. \n \nMonsieur Simon MAES , inspecteur du travail, est charg\u00e9 du contr\u00f4le des \u00e9tablissements d'au moins 50 \nsalari\u00e9s. \nIl est en outre comp\u00e9tent sur cette section pour prendre les d\u00e9cisions relevant de la comp\u00e9tence exclusive \nde l'inspecteur du travail en vertu de dispositions l\u00e9gislatives ou r\u00e9glementaires.  \n \nSection 3-10 : Monsieur Gaspard CHEVRIER, inspecteur du travail. \n \nSection 3-11 : Monsieur Philippe GARNEAU, contr\u00f4leur du travail, par int\u00e9rim. \n \nMonsieur Gaspard CHEVRIER, inspecteur du travail, par int\u00e9rim, est charg\u00e9 du contr\u00f4le des \u00e9tablissements \nd'au moins 50 salari\u00e9s. \nIl est en outre comp\u00e9tent sur cette section pour prendre les d\u00e9cisions relevant de la comp\u00e9tence exclusive \nde l'inspecteur du travail en vertu de dispositions l\u00e9gislatives ou r\u00e9glementaires.  \n \nSection 3-12 : Monsieur Ronan LE VERGE, inspecteur du travail, par int\u00e9rim. \n \nUnit\u00e9 de contr\u00f4le n\u00b0 4 \n \nSection 4-1 : Monsieur Beno\u00eet GOUEL, inspecteur du travail, par int\u00e9rim.  \n \nSection 4-2 : Madame B\u00e9n\u00e9dicte MALAVASI, inspectrice du travail. \n \nSection 4-3 : Monsieur Mathieu DUCELIER, inspecteur du travail. \n \nSection 4-4 : Madame B\u00e9n\u00e9dicte MALAVASI, inspectrice du travail, par int\u00e9rim. \n \nSection 4-5 : Madame Martine JULAUD, inspectrice du travail.  \n \nSection 4-6 : Monsieur Mathieu DUCELIER, inspecteur du travail, par int\u00e9rim. \n \nDirection r\u00e9gionale et interd\u00e9partementale de l'\u00e9conomie, de l'emploi, du travail et des solidarit\u00e9s d'\u00cele-de-France -\nIDF-2025-11-24-00007 - D\u00e9cision n\u00b0 2025-238 du 24 novembre 2025\nportant affectation des agents de contr\u00f4le dans les unit\u00e9s de contr\u00f4le et gestion des int\u00e9rims de l'Unit\u00e9 d\u00e9partementale des\nHauts-de-Seine de la DRIEETS d'Ile-de-France\n22\n \n4 / 6 \nSection 4 -7 : Madame Anna TCHADJA -ADJE, inspect rice du travail . En cas d'emp\u00eachement, Monsieur \nSimon MAUGER. \n \nSection 4-8 : Monsieur Simon MAUGER, inspecteur du travail. \n \nSection 4-9 : Madame In\u00e8s WERTHEIMER, inspectrice du travail. \n \nSection 4-10 : Monsieur Beno\u00eet GOUEL, inspecteur du travail.  \n \nSection 4-11 : Madame Aur\u00e9lie LEHOUX, inspectrice du travail. \n \nSection 4-12 : Monsieur Richard BOUDET, inspecteur du travail. \n \nSection 4-13 : Monsieur Richard BOUDET, inspecteur du travail, par int\u00e9rim. \n \nUnit\u00e9 de contr\u00f4le n\u00b0 5 \n \nSection 5-1 : Monsieur St\u00e9phane GRIMALDI, inspecteur du travail.  \n \nSection 5-2 : Monsieur Benoit CHOPPIN, inspecteur du travail.  \n \nSection 5-3 : Madame Anne BOULANGER, inspectrice du travail.  \n \nSection 5-4 : Madame Alexia JOUZEL, inspectrice du travail. \n \nSection 5-5 : Monsieur David BLOYS, contr\u00f4leur du travail. \n \nMadame Alexia JOUZEL, inspectrice du travail, est charg\u00e9 e du contr\u00f4le des \u00e9tablissements d'au moins 50 \nsalari\u00e9s. \nElle est en outre comp\u00e9tent e sur cette section pour prendre les d\u00e9cisions relevant de la comp\u00e9tence \nexclusive de l'inspecteur du travail en vertu de dispositions l\u00e9gislatives ou r\u00e9glementaires, par int\u00e9rim.  \n \nSection 5-6 : Monsieur David BLOYS contr\u00f4leur du travail, par int\u00e9rim.  \n \nMonsieur Beno\u00eet CHOPPIN , inspecteur du travail, est charg\u00e9e du contr\u00f4le des \u00e9tablissements d'au moins \n50 salari\u00e9s. \nIl est en outre comp\u00e9tente sur cette section pour prendre les d\u00e9cisions relevant de la comp\u00e9tence \nexclusive de l'inspecteur du travail en vertu de dispositions l\u00e9gislatives ou r\u00e9glementaires, par int\u00e9rim.  \n \nSection 5-7 : Madame Audrey RAMASAWMY, contr\u00f4leur du travail.  Madame Audrey RAMASAWMY est en \noutre comp\u00e9tente pour les chantiers de la section 5-1. \n \nMadame Anne-V\u00e9ronique PENSEREAU, inspectrice du travail, est charg\u00e9e du contr\u00f4le des \u00e9tablissements \nd'au moins 50 salari\u00e9s. \nElle est en outre comp\u00e9tente sur cette section pour prendre, les d\u00e9cisions relevant de la comp\u00e9tence \nexclusive de l'inspecteur du travail en vertu de dispositions l\u00e9gislatives ou r\u00e9glementaires.  \n \nSection 5-8 : Madame Anne-V\u00e9ronique PENSEREAU, inspectrice du travail. \n \nSection 5-9 : Madame Francine LAURENT, inspectrice du travail. \n \nSection 5-10 : Madame Camille LARBANET-MONTUSCLAT, inspectrice du travail. \n \nDirection r\u00e9gionale et interd\u00e9partementale de l'\u00e9conomie, de l'emploi, du travail et des solidarit\u00e9s d'\u00cele-de-France -\nIDF-2025-11-24-00007 - D\u00e9cision n\u00b0 2025-238 du 24 novembre 2025\nportant affectation des agents de contr\u00f4le dans les unit\u00e9s de contr\u00f4le et gestion des int\u00e9rims de l'Unit\u00e9 d\u00e9partementale des\nHauts-de-Seine de la DRIEETS d'Ile-de-France\n23\n \n5 / 6 \nSection 5-11 : Madame Francine LAURENT, inspectrice du travail, par int\u00e9rim. \n \nUnit\u00e9 de contr\u00f4le n\u00b0 6 \n \nSection 6-1 : Monsieur Gilles FERNANDES, inspecteur du travail, par int\u00e9rim. \n \nSection 6-2 : Madame Audrey COLLOBERT-MASSA, inspectrice du travail. \n \nSection 6-3 : Madame Laure BONDUELLE, inspectrice du travail. \n \nSection 6-4 : Madame Laurence LEPROVOST, inspectrice du travail \n \nSection 6-5 : Monsieur Jean-Fran\u00e7ois GOS, inspecteur du travail, par int\u00e9rim. \n \nSection 6-6 : Monsieur William RICHETON, inspecteur du travail. \n \nSection 6-7 : Monsieur Farid OUNISSI, inspecteur du travail. \n \nSection 6-8 : Monsieur Gilles FERNANDES, inspecteur du travail. \n \nSection 6-9 : Monsieur Hubert GOURDET , inspecteur du travail . En cas d'emp\u00eachement, M onsieur Farid \nOUNISSI, inspecteur du travail. \n \nUnit\u00e9 de contr\u00f4le n\u00b0 7 \n \nSection 7-1 : Madame Soizic DUPIRE, inspectrice du travail.  \n \nSection 7-2 : Madame Lise FRIQUET, inspectrice du travail. \n \nSection 7 -3 : Madame Anne Charlotte BONNEFONT, inspectrice du travail.  En cas d'emp\u00eachement, \nMadame Sophie ALGALARRONDO. \n \nSection 7-4 : Madame Oc\u00e9ane DELATTRE, inspectrice du travail. \n \nSection 7-5 : Monsieur Jean-Fran\u00e7ois GOS, inspecteur du travail. \n \nSection 7-6 : Madame Sophie ALGALARRONDO, inspectrice du travail. \n \nSection 7-7 : Monsieur Ludovic FOLY, inspecteur du travail. \n \nSection 7-8 : Monsieur Norbert MAHON, inspecteur du travail.  \n \nSection 7-9 : Madame M\u00e9lina SIERRA, inspectrice du travail.  \n \nARTICLE 3 \n \nEn cas d'absence ou d'emp\u00eachement d'un directeur adjoint du travail, d'un inspecteur ou contr\u00f4leur du \ntravail charg\u00e9 des actions d'inspection de la l\u00e9gislation du travail dans les sections d'inspection du travail \nen application de l'article 2, l'int\u00e9rim est organis\u00e9 selon les modalit\u00e9s ci-apr\u00e8s : \n \n- Int\u00e9rim des directeurs-adjoints du travail et des inspecteurs du travail : \n \nDirection r\u00e9gionale et interd\u00e9partementale de l'\u00e9conomie, de l'emploi, du travail et des solidarit\u00e9s d'\u00cele-de-France -\nIDF-2025-11-24-00007 - D\u00e9cision n\u00b0 2025-238 du 24 novembre 2025\nportant affectation des agents de contr\u00f4le dans les unit\u00e9s de contr\u00f4le et gestion des int\u00e9rims de l'Unit\u00e9 d\u00e9partementale des\nHauts-de-Seine de la DRIEETS d'Ile-de-France\n24\n \n6 / 6 \nL'int\u00e9rim d'un directeur -adjoint du travail ou d'un inspecteur du travail absent ou emp\u00each\u00e9 sera \nprioritairement assur\u00e9 par un inspecteur du travail charg\u00e9 des actions d'inspection de la l\u00e9gislation du \ntravail dans les sections d'inspection du travail, en application de l'article 2, \u00e0 d\u00e9faut par un responsable \nd'unit\u00e9 de contr\u00f4le d\u00e9sign\u00e9 \u00e0 l'article 1 et le cas \u00e9ch\u00e9ant par un contr\u00f4leur du travail, tous deux charg\u00e9s \ndes actions d'inspection de la l\u00e9gislation du travail dans les sections d'inspection du travail, en application \nde l'article 2 pour les \u00e9tablissements de moins de 50 salari\u00e9s. \n \n- Int\u00e9rim des contr\u00f4leurs du travail : \n \nL'int\u00e9rim d'un contr\u00f4leur du travail absent ou emp\u00each\u00e9 sera assur\u00e9 par un inspecteur du travail ou un \ncontr\u00f4leur du travail charg\u00e9 des actions d'inspection de la l\u00e9gislation du travail dans les sections \nd'inspection du travail, en application de l'article 2. Lorsque l'int\u00e9rim est assur\u00e9 par un contr\u00f4leur du travail, \nles pouvoirs de d\u00e9cision administrative relevant de la comp\u00e9tence exclusive d'un inspecteur du travail sont \nconfi\u00e9s \u00e0 un inspecteur du travail charg\u00e9 des actions d'inspection de la l\u00e9gislation d u travail dans les \nsections d'inspection du travail en application de l'article 2 ou \u00e0 un responsable d'unit\u00e9 de contr\u00f4le d\u00e9sign\u00e9 \n\u00e0 l'article 1, auxquels le contr\u00f4le des \u00e9tablissements de plus de 50 salari\u00e9s peut \u00eatre confi\u00e9.  \n \nARTICLE 4  \n \nEn cas d'absence ou d'emp\u00eachement d'un des responsables d'unit\u00e9 de contr\u00f4le d\u00e9sign\u00e9s \u00e0 l'article 1, \nl'int\u00e9rim est confi\u00e9 prioritairement \u00e0 un autre responsable d'unit\u00e9 de contr\u00f4le d\u00e9sign\u00e9s \u00e0 l'article 1, \u00e0 d\u00e9faut \n\u00e0 Monsieur J\u00e9r\u00f4me SAJOT, directeur du travail. \n \nARTICLE 5  \n \nConform\u00e9ment aux dispositions de l'article R.8122-10 du code du travail, les agents mentionn\u00e9s aux articles \n1 et 2 participent, lorsque l'action le rend n\u00e9cessaire, aux actions d'inspection de la l\u00e9gislation du travail \nsur le territoire de l'Unit\u00e9 d\u00e9partem entale de la DRIEETS \u00e0 laquelle est rattach\u00e9e l'unit\u00e9 de contr\u00f4le o\u00f9 ils \nsont affect\u00e9s. \n \nARTICLE 6 \n \nLa pr\u00e9sente d\u00e9cision prend effet \u00e0 la date d u 1er d\u00e9cembre 2025 et abroge la d\u00e9cision n\u00b0 2025-230 du 18 \nnovembre 2025 portant affectation des agents de contr\u00f4le dans les unit\u00e9s de contr\u00f4le et gestion des  \nint\u00e9rims de l'unit\u00e9 d\u00e9partementale des Hauts-de-Seine de la DRIEETS d'Ile-de-France. \n \nARTICLE 7 \n \nLe directeur r\u00e9gional et interd\u00e9partemental de l'\u00e9conomie, de l'emploi, du travail et des solidarit\u00e9s d'Ile-\nde-France est charg\u00e9 de l'application de la pr\u00e9sente d\u00e9cision, qui sera publi\u00e9e au recueil des actes \nadministratifs de la r\u00e9gion Ile-de-France.  \n \n \n \nFait \u00e0 Saint-Denis, le 24 novembre 2025 \nLe directeur r\u00e9gional et interd\u00e9partemental de \nl'\u00e9conomie, de l'emploi, du travail et des solidarit\u00e9s, \n \nSIGNE \n \n \nFabrice MASI \nDirection r\u00e9gionale et interd\u00e9partementale de l'\u00e9conomie, de l'emploi, du travail et des solidarit\u00e9s d'\u00cele-de-France -\nIDF-2025-11-24-00007 - D\u00e9cision n\u00b0 2025-238 du 24 novembre 2025\nportant affectation des agents de contr\u00f4le dans les unit\u00e9s de contr\u00f4le et gestion des int\u00e9rims de l'Unit\u00e9 d\u00e9partementale des\nHauts-de-Seine de la DRIEETS d'Ile-de-France\n25\nDirection r\u00e9gionale et interd\u00e9partementale de\nl'\u00e9conomie, de l'emploi, du travail et des\nsolidarit\u00e9s d'\u00cele-de-France\nIDF-2025-11-24-00008\nD\u00e9cision n\u00b0 2025-239 du  24 novembre 2025\nportant affectation des agents de contr\u00f4le dans\nles unit\u00e9s de contr\u00f4le et gestion des int\u00e9rims de\nl'unit\u00e9 d\u00e9partementale de la Seine-Saint-Denis\nde la DRIEETS d'\u00cele-de-France\nDirection r\u00e9gionale et interd\u00e9partementale de l'\u00e9conomie, de l'emploi, du travail et des solidarit\u00e9s d'\u00cele-de-France -\nIDF-2025-11-24-00008 - D\u00e9cision n\u00b0 2025-239 du  24 novembre 2025\nportant affectation des agents de contr\u00f4le dans les unit\u00e9s de contr\u00f4le et gestion des int\u00e9rims de l'unit\u00e9 d\u00e9partementale de la\nSeine-Saint-Denis\nde la DRIEETS d'\u00cele-de-France\n26\n| |MINISTEREDU TRAVAIL |ET DES SOLIDARIT\u00c9SLibert\u00e9Egalit\u00e9Fraternit\u00e9\n \nDRIEETS d'\u00cele-de-France  \n32 rue Jean Jaur\u00e8s  \n93200 SAINT-DENIS                                                                                                                                                                                1 / 4  \n \n  \n Direction r\u00e9gionale et interd\u00e9partementale \nde l'\u00e9conomie, de l'emploi, \ndu travail et des solidarit\u00e9s \nd'Ile de France \n \n \n \nD\u00e9cision n\u00b0 2025-239 du  24 novembre 2025 \nportant affectation des agents de contr\u00f4le dans les unit\u00e9s de contr\u00f4le \net gestion des int\u00e9rims de l'unit\u00e9 d\u00e9partementale de la Seine-Saint-Denis \nde la DRIEETS d'\u00cele-de-France \n \n \nLe directeur r\u00e9gional et interd\u00e9partemental de l'\u00e9conomie, de l'emploi, du travail et des solidarit\u00e9s \nd'\u00cele-de-France, \n \nVu le code du travail, notamment ses articles R 8122-1 et suivants ;  \n \nVu l'arr\u00eat\u00e9 interminist\u00e9riel du 12 aout 2025 nommant Monsieur Fabrice MASI directeur r\u00e9gional et \ninterd\u00e9partemental de l'\u00e9conomie, de l'emploi, du travail et des solidarit\u00e9s d'Ile -de-France \u00e0 \ncompter du 25 aout 2025 ; \n \nVu l'arr\u00eat\u00e9 minist\u00e9riel du 25 mars 2024 portant r\u00e9partition des unit\u00e9s de contr \u00f4le de l'inspection \ndu travail ; \n \nVu la d\u00e9cision n\u00b0 2021 -28 du 1 er avril 2021 du directeur r\u00e9gional et interd\u00e9partemental de \nl'\u00e9conomie, de l'emploi, du travail et des solidarit\u00e9s d'Ile de France relative \u00e0 la localisation et \u00e0 la \nd\u00e9limitation des unit\u00e9s de contr\u00f4le et des sections d'inspection du travail de l'unit\u00e9 \nd\u00e9partementale de Seine-Saint-Denis ; \n \n \nD\u00c9CIDE : \n \n \nArticle 1 : Sont nomm\u00e9s comme responsables des unit\u00e9s de contr\u00f4le de l'unit\u00e9 d\u00e9partementale de \nla Seine-Saint-Denis, les agents suivants :  \n \nUnit\u00e9 de contr\u00f4le n\u00b0 1 : Madame Linda ABERKAN, directrice adjointe du travail \nUnit\u00e9 de contr\u00f4le n\u00b0 2 : Madame Elodie GIRON, directrice adjointe du travail   \nUnit\u00e9 de contr\u00f4le n\u00b0 3 : Madame Lynda KEHILA, directrice adjointe du travail \nUnit\u00e9 de contr\u00f4le n\u00b0 4 :  Madame St\u00e9phanie CARRASSET, directrice adjointe du travail \nUnit\u00e9 de contr\u00f4le n\u00b0 5 : Madame Ingrid BURGUNDER, directrice adjointe du travail,  \n \nSans pr\u00e9judice des attributions des agents de contr\u00f4le affect\u00e9s en section, ils exercent une mission \nde contr\u00f4le en appui \u00e0 toutes les sections d'inspection et \u00e0 titre principal aux sections de l'unit\u00e9 \ndont ils ont la responsabilit\u00e9. \n \nArticle 2 : Sont affect\u00e9s dans les sections d'inspection de l'unit\u00e9 d\u00e9partementale de la Seine-Saint-\nDenis, les agents de contr\u00f4le, charg\u00e9s des actions d'inspection de la l\u00e9gislation du travail dans les \nentreprises, dont les noms suivent : \nDirection r\u00e9gionale et interd\u00e9partementale de l'\u00e9conomie, de l'emploi, du travail et des solidarit\u00e9s d'\u00cele-de-France -\nIDF-2025-11-24-00008 - D\u00e9cision n\u00b0 2025-239 du  24 novembre 2025\nportant affectation des agents de contr\u00f4le dans les unit\u00e9s de contr\u00f4le et gestion des int\u00e9rims de l'unit\u00e9 d\u00e9partementale de la\nSeine-Saint-Denis\nde la DRIEETS d'\u00cele-de-France\n27\n \n2 / 4 \n \nUnit\u00e9 de contr\u00f4le n\u00b0 1  \n \nSection 1-1 : Madame Sophie LE QUERE, inspectrice du travail \nSection 1-2 : Monsieur Camille DIQUAS, inspecteur du travail  \nSection 1-3 : Madame Julia INZOUDINE, inspectrice du travail \nSection 1-4 : Monsieur St\u00e9phane DUPOMMIER, inspecteur du travail  \nSection 1-5 : Madame Linda ABERKAN, directrice adjointe du travail  \nSection 1-6 : Monsieur Jonathan KLUR, inspecteur du travail \nSection 1-7 : Madame C\u00e9cile DRILLEAU, inspectrice du travail \nSection 1-8 : Poste vacant, l'int\u00e9rim est assur\u00e9 par Madame Sophie LE QUERE, inspectrice du travail  \n \nUnit\u00e9 de contr\u00f4le n\u00b0 2  \n \nSection 2-1 :  Madame Amanda AMATE, directrice adjointe du travail \nSection 2-2: Madame Olivia DOLIBEAU, inspectrice du travail \u00e0 l'exception des \u00e9tablissements \nBERGERAT MONNOYEUR (Siret 380 231 316 00015) et BERGERAT MONNOYEUR SERVICES (Siret \n383 933 942 00013) pour lesquels la comp\u00e9tence est attribu\u00e9e \u00e0 Madame Manon JOUGLET, \ninspectrice du travail, \nSection 2-3 :  Madame Manon JOUGLET, inspectrice du travail  \nSection 2-4 : Madame Isabelle LAGARDE, inspectrice du travail \nSection 2-5 : Poste vacant, l'int\u00e9rim est assur\u00e9 par Madame Amanda AMATE, directrice adjointe du \ntravail \u00e0 l'exception des \u00e9tablissements ADEF RESIDENCES - ADEF LA MAISON DU POMMIER \nPOURPRE (Siret 323 649 525 00504 ) et ADEF RESIDENCES - ADEF RESIDENCES LA MAISON DU \nLAURIER NOBLE (Siret 323 649 525 00306) pour lesquels la comp\u00e9tence est attribu\u00e9e \u00e0 Monsieur \nOthman VARGAS, inspecteur du travail \nSection 2-6 : Monsieur Nicolas PIREZ, inspecteur du travail . En cas d'absence ou d'emp\u00eachement \nde Monsieur Nicolas PIREZ, l'int\u00e9rim est assur\u00e9 par Madame Camille PERRODIN, inspectrice du \ntravail \u00e0 l'exception des \u00e9tablissements  SNCF, des \u00e9tablissements ayant une activit\u00e9 de transport \nferroviaire et toutes les activit\u00e9s exerc\u00e9es dans les enceintes ferroviaires  sur l'ensemble des \ncommunes relevant des unit\u00e9s de contr\u00f4le n\u00b01, n\u00b03 et n\u00b04  et d es \u00e9tablissements RATP et des \nactivit\u00e9s exerc\u00e9es dans les enceintes RATP, pour lesquels la comp\u00e9tence est attribu\u00e9e \u00e0 Madame \nElodie GIRON, directrice adjointe du travail   \nSection 2-7 : Poste vacant, l'int\u00e9rim est assur\u00e9 par Monsieur Vincent BOUYX, inspecteur du travail  \nSection 2-8 : Monsieur Flavien CHAILLEUX, inspecteur du travail \nSection 2-9 : Madame Camille PERRODIN, inspectrice du travail, \u00e0 l'exeption du centre bus exploit\u00e9 \npar RATP CAP BOUCLE NORD SEINE (Siret 982 241 457 00026) situ\u00e9 219 boulevard Anatole France \n\u00e0 Saint-Denis pour lequel la comp\u00e9tence est attribu\u00e9e \u00e0 Madame Madison FLUCHER, inspectrice du \ntravail. \nSection 2-10 : Monsieur Othman VARGAS , inspecteur du travail  ; en cas d'absence ou \nd'emp\u00eachement de Monsieur Othman VARGAS , l'int\u00e9rim est assur\u00e9 par Madame Elodie GIRON, \ndirectrice adjointe du travail.   \nSection 2-11 : Monsieur Vincent BOUYX, inspecteur du travail  \nSection 2-12 : Madame Madison FLUCHER, inspectrice du travail \n \nUnit\u00e9 de contr\u00f4le n\u00b0 3 \n \nSection 3-1 : Madame L\u00e9na PERTUY, inspectrice du travail  \nSection 3-2 : Monsieur Mathieu MARQUET,  inspecteur du travail , en cas d'absence ou \nd'emp\u00eachement de Monsieur Mathieu MARQUET , l'int\u00e9rim est assur\u00e9 par Monsieur Toufik \nDAHMANI, inspecteur du travail \nSection 3-3 : Madame Asma\u00e2 EL JERRARI, inspectrice du travail, \u00e0 l'exception du centre bus exploit\u00e9 \npar RATP CAP Boucle de Marne (Siret 937  651 818 00034)  situ\u00e9 32 boulevrad Gallieni \u00e0 Neuilly \nPlaisance, pour lequel la comp\u00e9tence est attribu\u00e9e \u00e0 Monsieur Nicolas PIREZ, inspecteur du travail, \nDirection r\u00e9gionale et interd\u00e9partementale de l'\u00e9conomie, de l'emploi, du travail et des solidarit\u00e9s d'\u00cele-de-France -\nIDF-2025-11-24-00008 - D\u00e9cision n\u00b0 2025-239 du  24 novembre 2025\nportant affectation des agents de contr\u00f4le dans les unit\u00e9s de contr\u00f4le et gestion des int\u00e9rims de l'unit\u00e9 d\u00e9partementale de la\nSeine-Saint-Denis\nde la DRIEETS d'\u00cele-de-France\n28\n \n3 / 4 \net en cas d'emp\u00eachement ou d'absence de Monsieur Nicolas PIREZ \u00e0 Madame Elodie GIRON, \ndircetrice adjointe du travail \nSection 3-4 : Madame Delphine GUYOMARCH, inspectrice du travail  \nSection 3-5 : Monsieur Simon CADY, inspecteur du travail \nSection 3-6 : Madame Lila RABESON, inspectrice du travail,  \nSection 3-7 : Madame Sandrine POUET, inspectrice du travail \nSection 3-8 : Monsieur Toufik DAHMANI, inspecteur du travail  \nSection 3-9 : Monsieur Samir ROCHDI, inspecteur du travail \nSection 3-10 : Monsieur Marc DE MAGALHAES, inspecteur du travail  \nSection 3-11 : Monsieur Pierre VILLERET, inspecteur du travail \n \nUnit\u00e9 de contr\u00f4le n\u00b0 4  \n \nSection 4-1 : Madame Charline MAINGUY, inspectrice du travail  \nSection 4-2 : Madame Julie COURT, directrice adjointe du travail \nSection 4-3 : Monsieur Eddy TALBOT, inspecteur du travail  \nSection 4-4 : Poste vacant, l'int\u00e9rim est assur\u00e9 par Monsieur Pierre-Yves HANNUS, directeur adjoint \ndu travail, \u00e0 l'exception des \u00e9tablissements CAISSE D'ALLOCATIONS FAMILIALES DE SEINE-SAINT-\nDENIS (Siret 380 980 300 000 95 ) et B5 GROUP (Siret 980 666 226 000 17 ) pour lesquels la \ncomp\u00e9tence est attribu\u00e9e \u00e0 Monsieur Eddy TALBOT, inspecteur du travail \nSection 4-5 : Poste vacant, l'int\u00e9rim est assur\u00e9 par Madame St\u00e9phanie CARRASSET, directrice \nadjointe du travail \nSection 4-6 : Madame Marie GAILLARD MARTIN, inspectrice du travail  \nSection 4-7 : Monsieur Fran\u00e7ois LE FLOCH, inspecteur du travail  \nSection 4-8 : Monsieur Nabil EL KHANTACHE, inspecteur du travail  \nSection 4-9 : Madame Nadine TETRON, inspectrice du travail  \nSection 4-10 : Madame Hanaline BREL, inspectrice du travail  \n \nUnit\u00e9 de contr\u00f4le n\u00b0 5  \n \nSection 5-1 : Monsieur Fr\u00e9d\u00e9ric RAKOTONIAINA, inspecteur du travail \nSection 5-2 : Monsieur Jules GRENET, inspecteur du travail \nSection 5-3 : Monsieur Vincent BOUZRAR, directeur adjoint du travail \nSection 5-4 : Monsieur Jean GIRAUD, inspecteur du travail \nSection 5-5 : Madame Ga\u00eblle BORDAS, directrice adjointe du travail \nSection 5-6 : Madame Ingrid LEFEBVRE-LEJEUNE, inspectrice du travail \nSection 5-7 : Madame Laure FOGHA-YOUMSI, inspectrice du travail  \nSection 5-8 : Monsieur Laurent COQUEL, inspecteur du travail  \nSection 5-9 : Madame Ingrid BURGUNDER, directrice adjointe du travail  \n \nArticle 3  \n \nEn cas d'absence ou d'emp\u00eachement d'un agent de contr\u00f4le, l'int\u00e9rim est assur\u00e9, \u00e0 titre principal, \npar un agent de contr\u00f4le affect\u00e9 dans la m\u00eame unit\u00e9 de contr\u00f4le ou, lorsque les circonstances le \nn\u00e9cessitent, par un agent de contr\u00f4le affect\u00e9 sur l'une des autres unit\u00e9s de contr\u00f4le de la Seine -\nSaint-Denis. \n \nArticle 4  \n \nLa pr\u00e9sente d\u00e9cision prend effet \u00e0 sa date de publication. \nLa d\u00e9cision n\u00b0 2025-227 du 14 novembre 2025 portant affectation des agents de contr\u00f4le dans les \nunit\u00e9s de contr\u00f4le et gestion des int\u00e9rims de l' unit\u00e9 d\u00e9partementale de la Seine -Saint-Denis de la \nDRIEETS d'\u00cele-de-France est abrog\u00e9e. \n \nDirection r\u00e9gionale et interd\u00e9partementale de l'\u00e9conomie, de l'emploi, du travail et des solidarit\u00e9s d'\u00cele-de-France -\nIDF-2025-11-24-00008 - D\u00e9cision n\u00b0 2025-239 du  24 novembre 2025\nportant affectation des agents de contr\u00f4le dans les unit\u00e9s de contr\u00f4le et gestion des int\u00e9rims de l'unit\u00e9 d\u00e9partementale de la\nSeine-Saint-Denis\nde la DRIEETS d'\u00cele-de-France\n29\n \n4 / 4 \nArticle 5  \n \nLe directeur r\u00e9gional et interd\u00e9partemental de l'\u00e9conomie, de l'emploi, du travail et des solidarit\u00e9s \nd'Ile-de-France est charg\u00e9 de l'application de la pr\u00e9sente d\u00e9cision, qui sera publi\u00e9e au recueil des \nactes administratifs de la r\u00e9gion \u00cele-de-France.  \n \n \n \nFait \u00e0 saint-Denis, le 24 novembre 2025 \n \nLe directeur r\u00e9gional et interd\u00e9partemental \nde l'\u00e9conomie, de l'emploi, du travail et des solidarit\u00e9s, \n \n \nSIGNE \n \nFabrice MASI \n \nDirection r\u00e9gionale et interd\u00e9partementale de l'\u00e9conomie, de l'emploi, du travail et des solidarit\u00e9s d'\u00cele-de-France -\nIDF-2025-11-24-00008 - D\u00e9cision n\u00b0 2025-239 du  24 novembre 2025\nportant affectation des agents de contr\u00f4le dans les unit\u00e9s de contr\u00f4le et gestion des int\u00e9rims de l'unit\u00e9 d\u00e9partementale de la\nSeine-Saint-Denis\nde la DRIEETS d'\u00cele-de-France\n30\nEtablissement public de coop\u00e9ration culturelle \n\"Le CENTQUATRE-PARIS\"\nIDF-2025-11-12-00011\nD\u00e9lib\u00e9ration n\u00b02025-24 portant approbation du\nPV du 5 septembre 2025\nEtablissement public de coop\u00e9ration culturelle  \"Le CENTQUATRE-PARIS\" - IDF-2025-11-12-00011 - D\u00e9lib\u00e9ration n\u00b02025-24 portant\napprobation du PV du 5 septembre 2025 31\nCENTQUATRE#104PARIS\n \n \nD\u00e9lib\u00e9ration n\u00b02025-24 du 12 novembre CENTQUATRE-PARIS \nApprobation du proc\u00e8s-verbal du CA du 5 septembre 2025 \n \n \n \nD\u00c9LIB\u00c9RATION N\u00b02025-24 EPCC CENTQUATRE-PARIS \nObjet : Approbation du proc\u00e8s-verbal du 5 septembre 2025  \nLe Conseil d'administration, \n  \nVu le Code g\u00e9n\u00e9ral des collectivit\u00e9s territoriales ;  \nVu l 'arr\u00eat\u00e9 n\u00b02008 -267-2 du 23 septembre 2008 portant cr\u00e9ation de l '\u00e9tablissement public de \ncoop\u00e9ration culturelle \u00e0 caract\u00e8re industriel et commercial Le CENTQUATRE et les arr\u00eat\u00e9s \npr\u00e9fectoraux n\u00b075-2019-12-26-005 du 26 d\u00e9cembre 2019 et n\u00b075 -2022-06-24-00010 du 24 juin \n2022 portant modification des statuts de l'\u00e9tablissement ; \nVu les statuts de l'\u00e9tablissement ; \nVu la d\u00e9lib\u00e9ration n\u00b02020 -18 du 13 novembre 2020 portant approbation du r\u00e8glement int\u00e9rieur du \nConseil d'Administration du CENTQUATRE-PARIS ;  \nVu la s\u00e9ance du Conseil d 'administration qui s 'est tenue le 5 septembre 2025 au CENTQUATRE-\nPARIS ;  \n \nD\u00c9LIB\u00c8RE \n \nArticle unique : APPROUVE le proc\u00e8s-verbal du 5septembre 2025 joint en annexe. \n \n \n \n__14__Administrateurs pr\u00e9sents ou repr\u00e9sent\u00e9s. \n__14_Voix pour   __Contre  __Abstentions. \n \n La d\u00e9lib\u00e9ration est adopt\u00e9e  \n \n  La Pr\u00e9sidente du Conseil d'administration  \nCarine ROLLAND \n \nSIGN\u00c9 \n \nEtablissement public de coop\u00e9ration culturelle  \"Le CENTQUATRE-PARIS\" - IDF-2025-11-12-00011 - D\u00e9lib\u00e9ration n\u00b02025-24 portant\napprobation du PV du 5 septembre 2025 32\njc\nVILLE DE\nCENTUATRE#104PARIS\n \n  \n \nPROCES VERBAL CONSEIL D'ADMINISTRATION \n5 septembre \u2013 en pr\u00e9sentiel \n \nLes 18 administrateurs pr\u00e9sents ou repr\u00e9sent\u00e9s sont : \n\uf0b7 Carine Rolland, Adjointe \u00e0 la Maire de Paris en charge de la Culture et de la ville du quart \nd'heure et Pr\u00e9sidente du CA \n\uf0b7 Fran\u00e7ois Dagnaud, Maire du 19e arrondissement et vice-pr\u00e9sident du CA \n\uf0b7 Patrick Bloche, \u00e9lu \n\uf0b7 Colombe Brossel, \u00e9lue \n\uf0b7  Jacques Galvani, \u00e9lu \n\uf0b7 Camille Naget, \u00e9lue \n\uf0b7 Charline Nicolas, \u00e9lue \n\uf0b7 Franck Margain, \u00e9lu \n\uf0b7 Alice Timsit, \u00e9lue \n\uf0b7 Sandro Martin, personnalit\u00e9 qualifi\u00e9e \n\uf0b7 Rai Souza de Oliveira, personnalit\u00e9 qualifi\u00e9e (pouvoir \u00e0 Pascale Dalix) \n\uf0b7 Pascale Dalix, personnalit\u00e9 qualifi\u00e9e \n\uf0b7 L\u00e9a Filoche, repr\u00e9sentante de la ville de Paris \n\uf0b7 Kareen Guiock-Thuram, personnalit\u00e9 qualifi\u00e9e \n\uf0b7 Mustapha Bouhayati, personnalit\u00e9 qualifi\u00e9e \n\uf0b7 Marie-France Lucchini, personnalit\u00e9 qualifi\u00e9e \n\uf0b7 Ya\u00ebl Frydman, repr\u00e9sentante du personnel (coll\u00e8ge EO-TAM) \n\uf0b7 Manuel Tomiche, repr\u00e9sentant du personnel (coll\u00e8ge cadre)  \n \nSont \u00e9galement pr\u00e9sents : \n\uf0b7 Cl\u00e9mentine Aubry, Secr\u00e9taire g\u00e9n\u00e9rale et adjointe du Directeur - CENTQUATRE-PARIS \n\uf0b7 Rozenn Bartra, Cheffe du Bureau du Spectacle - Direction des Affaires Culturelles - Ville de \nParis \n\uf0b7 Victorien Born\u00e9at, Conseiller spectacle vivant et musique - Cabinet de Carine Rolland \n\uf0b7 Aur\u00e9lie Filippetti, Directrice des affaires culturelles \n\uf0b7 Benoit Etienne, - Cabinet de Carine Rolland \n\uf0b7 B\u00e9n\u00e9dicte Manceau, Directrice des Ressources - CENTQUATRE-PARIS \n\uf0b7 Guillaume Rouvi\u00e8re, collaborateur de Fran\u00e7ois Dagnaud \n\uf0b7 Introduction de Carine Rolland  \n \nEtablissement public de coop\u00e9ration culturelle  \"Le CENTQUATRE-PARIS\" - IDF-2025-11-12-00011 - D\u00e9lib\u00e9ration n\u00b02025-24 portant\napprobation du PV du 5 septembre 2025 33\njc\nVILLE DE\nCENTUATRE#104PARIS\n \n  \n \nLa pr\u00e9sidente introduit la s\u00e9ance \u00e0 10h19. \nElle annonce que le pr\u00e9sent Conseil d'administration vise \u00e0 d\u00e9signer une nouvelle direction. \n \nIl est fait l'appel des membres pr\u00e9sents.  \nRai Souza Vieira de Oliveira donne pouvoir \u00e0 Pascale DALIX. \n \nLe quorum fix\u00e9 \u00e0 10 personnes est d\u00e9pass\u00e9, la s\u00e9ance peut donc se poursuivre.  \n \nLa pr\u00e9sidente annonce les 3 points \u00e0 l'ordre du jour. \nA savoir  : l'approbation du proc\u00e8s -verbal du Conseil d'administration du 7 juillet 2025 , p uis \nl'approbation de la nomination du directeur ou de la directrice du CENTQUATRE -PARIS et \nl'autorisation de n\u00e9gocier e t signer son contrat de travail , enfin  pour finir  : la n omination d'un \nadministrateur ou administratrice permettant d'assurer l'int\u00e9rim de direction de l'\u00e9tablissement et \nles attributions donn\u00e9es qui seront donn\u00e9es \u00e0 cette personne. \n \n \n\uf0b7 Approbation du proc\u00e8s-verbal du Conseil d'administration du 7 juillet 2025  \nLa pr\u00e9sidente soumet le PV au vote. \nIl est approuv\u00e9 \u00e0 l'unanimit\u00e9. \n \n \n\uf0b7 Nomination du directeur ou de la directrice du CENTQUATRE -PARIS et autorisation de \nn\u00e9gocier et signer son contrat de travail (D\u00e9lib\u00e9ration 2025-20) \n \nEn introduction Carine Rolland rappelle que les discussions doivent rester confidentielles, par respect \npour les candidat\u00b7es et pour les \u00e9quipes du CENTQUATRE sachant que la Pr\u00e9sidente souhaite  les \ninformer avant la presse.  \n  \nElle indique que puisque lors du conseil d'administration du 7 juillet les 2/3 des voix n\u00e9cessaires pour \nd\u00e9signer la direction de l'EPCC  n'ont pas \u00e9t\u00e9 recueillies le C onseil d'administration se r\u00e9unit \u00e0 \nnouveau ce jour \u00e0 cette fin.  \n \nLa pr\u00e9sidente informe que l es dossiers ont \u00e9t\u00e9 consult\u00e9s \u00e0 la D AC par certains membres qui l'ont \nsouhait\u00e9.  \n \nAujourd'hui l'imp\u00e9ratif est que le conseil d'administration  aboutisse lors de cette  s\u00e9ance \u00e0 la \nnomination d'une direction,  ensuite viendra le temps de la  n\u00e9gociation de la r\u00e9mun\u00e9ration , qui \nn\u00e9cessite de solliciter l'avis du COREM de la Ville de Paris.   \n \nElle souligne les modalit\u00e9s de vote \u00e0 bulletin secret. \n \nElle fait lecture des dispositions de l'article L1431-5 du CGCT et R.1431-10. \n \nIl est en cons\u00e9quence rap pel\u00e9 que 12 voix favorables sont requises \u00e0 minima pour approuv er la \nproposition de nomination.  \n \nLa pr\u00e9sidente pr\u00e9cise que les membres seront appel\u00e9s par ordre alphab\u00e9tique pour voter.  \nEtablissement public de coop\u00e9ration culturelle  \"Le CENTQUATRE-PARIS\" - IDF-2025-11-12-00011 - D\u00e9lib\u00e9ration n\u00b02025-24 portant\napprobation du PV du 5 septembre 2025 34\njc\nVILLE DE\nCENTUATRE#104PARIS\n \n  \n \n \nA l'issue des tours de votes propos\u00e9s pour permettre de d\u00e9partager les candidatures, et sur le constat \ndu d\u00e9pouillement des votes effectu\u00e9s  en s\u00e9ance devant les membres pr\u00e9sents, la proposition de \nnommer Val\u00e9rie SENGHOR obtient la majorit\u00e9 des 2/3  des voix requises avec  : 13 voix pour, 2 voix \ncontre, et 3 abstentions.  \n \nIl est donc appr ouv\u00e9 la nomination de Val\u00e9rie SENGHOR  au poste de directrice de l'EPCC \nCENTQUATRE-PARIS.  \n \nLa Pr\u00e9side nte rappelle qu'elle  lui en fera la proposition  pour s'assurer de son accord avant la \nn\u00e9gociation pr\u00e9vue avec le COREM  sur le niveau de r\u00e9mun \u00e9ration, et avant d'informer par la suite \nles 2 autres candidat\u00b7es non retenu\u00b7es.  \n \n \nLa pr\u00e9sidente indique qu'elle informera \u00e9galement l'\u00e9quipe du CENTQUATRE de cette d\u00e9cision, avant \npublication d'un communiqu\u00e9 de presse et que la confidentialit\u00e9 est requise dans cet intervalle.  \n \nLes membres du Conseil d'Administration sont remerci\u00e9s de la d\u00e9cision prise en responsabilit\u00e9 pour \ncette nomination qui constitue une proc\u00e9dure et une \u00e9tape importante pour l'\u00e9tablissement.  \n \nLa Pr\u00e9sidente les f\u00e9licite pour le choix de cette candidature dont le CA peut se r\u00e9jouir, tant pour \nl'avenir du projet artistique et culturel de l'\u00e9tablissement, que pour ses \u00e9quipes et ses usager\u00b7es.  \n \n \n\uf0b7 Nomination d'un administrateur ou administratrice permettant d'assurer l'int\u00e9rim de \ndirection de l'\u00e9tablissement et attributions donn\u00e9es \u00e0 la personne charg\u00e9e de  l'int\u00e9rim \n(D\u00e9lib\u00e9ration 2025-21) \n \nLa pr\u00e9sidente annonce que Jos\u00e9- Manuel Gon\u00e7alv\u00e8s quittera ses fonctions le 14 sept au soir.  \nPour assurer le bon fonctionnement de l'EPCC, si un temps de pr\u00e9avis est n\u00e9cessaire , il est rappel\u00e9 \npar la lecture de l'article 11 des statuts, notamment, les conditions d'un int\u00e9rim \u00e0 pr\u00e9voir.  \n \nLe membre du conseil d'administration  \u00e0 nommer s era assist\u00e9 de Cl\u00e9mentine Aubry directrice \nadjointe et des membres du CODIR pour cette p\u00e9riode.  \n \nFran\u00e7ois Dagnaud, vice -pr\u00e9sident de l'EPCC est propos\u00e9 \u00e0 cette fonction.   \n \nIl est rappel\u00e9 que cette fonction ne donne lieu \u00e0 aucune r\u00e9mun\u00e9ration.  \n \nLa d\u00e9cision est approuv\u00e9e \u00e0 l'unanimit\u00e9. \n \nLa s\u00e9ance est lev\u00e9e \u00e0 11h33. \n \n \n \n \n \nEtablissement public de coop\u00e9ration culturelle  \"Le CENTQUATRE-PARIS\" - IDF-2025-11-12-00011 - D\u00e9lib\u00e9ration n\u00b02025-24 portant\napprobation du PV du 5 septembre 2025 35\nEtablissement public de coop\u00e9ration culturelle \n\"Le CENTQUATRE-PARIS\"\nIDF-2025-11-12-00017\nD\u00e9lib\u00e9ration n\u00b02025-31 relative \u00e0 l'Approbation\nde la passation du March\u00e9 de t\u00e9l\u00e9phonie et\nd'acc\u00e8s internet\nEtablissement public de coop\u00e9ration culturelle  \"Le CENTQUATRE-PARIS\" - IDF-2025-11-12-00017 - D\u00e9lib\u00e9ration n\u00b02025-31 relative \u00e0\nl'Approbation de la passation du March\u00e9 de t\u00e9l\u00e9phonie et d'acc\u00e8s internet 36\nCENTQUATRE#104PARIS\nD\u00e9lib\u00e9ration n\u00b02025-31 du 12 novembre 2025 CENTQUATRE-PARIS \nApprobation de la passation du march\u00e9 de t\u00e9l\u00e9phonie et acc\u00e8s internet \n \n \n \nD\u00c9LIB\u00c9RATION N\u00b02025-31 EPCC CENTQUATRE-PARIS \n \nObjet : Approbation de la passation du march\u00e9 relatif \u00e0 la t\u00e9l\u00e9phonie et \u00e0 l'acc\u00e8s internet \n \nLe Conseil d'administration, \nVu le Code G\u00e9n\u00e9ral des Collectivit\u00e9s Territoriales, notamment l'article R.1431-7 ; \nVu l'arr\u00eat\u00e9 n\u00b02008-267-2 du 23 septembre 2008 portant cr\u00e9ation de l'\u00e9tablissement public de coop\u00e9ration \nculturelle \u00e0 caract\u00e8re industriel et commercial Le CENTQUATRE et les arr\u00eat\u00e9s pr\u00e9fectoraux n\u00b075 -2019- \n12-26-005 du 26 d\u00e9cembre 2019 et n\u00b075 -2022-06-24-00010 du 24 juin 2022  portant modification des \nstatuts de l'\u00e9tablissement ; \nVu les statuts du CENTQUATRE-PARIS et notamment les articles 8 et 10 ; \nVu la d\u00e9lib\u00e9ration n\u00b02025-24 de ce jour portant d\u00e9l\u00e9gation de signature au directeur des march\u00e9s publics ; \nVu la d\u00e9lib\u00e9ration n\u00b02020 -05 du 3 mars 2020 portant approbation du guide des achats interne du \nCENTQUATRE-PARIS ; \n \nD\u00c9LIB\u00c8RE \n \nArticle 1 : APPROUVE le lancement d'une proc\u00e9dure formalis\u00e9e sous le mode d'appel d'offres ouvert \nrelative \u00e0 la t\u00e9l\u00e9phonie et \u00e0 l'acc\u00e8s \u00e0 internet. \n \n \nArticle 2 : AUTORISE la Directrice du CENTQUATRE -PARIS \u00e0 signer les documents contractuels apr\u00e8s \nd\u00e9cision de la Commission d'appel d'offres et \u00e0 prendre toutes les mesures n\u00e9cessaires \u00e0 l'ex\u00e9cution de la \npr\u00e9sente d\u00e9lib\u00e9ration ainsi qu'\u00e0 signer tout actes, d\u00e9cisions et/ou avenants n\u00e9cessaires \u00e0 l'ex\u00e9cution dudit \naccord-cadre. \n \n \n__15__Administrateurs pr\u00e9sents ou repr\u00e9sent\u00e9s. \n__15_Voix pour   __Contre  __Abstentions. \n \n La d\u00e9lib\u00e9ration est adopt\u00e9e  \n \n  La Pr\u00e9sidente du Conseil d'administration  \nCarine ROLLAND \n \nSIGN\u00c9 \n \nEtablissement public de coop\u00e9ration culturelle  \"Le CENTQUATRE-PARIS\" - IDF-2025-11-12-00017 - D\u00e9lib\u00e9ration n\u00b02025-31 relative \u00e0\nl'Approbation de la passation du March\u00e9 de t\u00e9l\u00e9phonie et d'acc\u00e8s internet 37\nMission nationale de contr\u00f4le et d'audit des\norganismes de s\u00e9curit\u00e9 sociale \nIDF-2025-11-26-00002\nArr\u00eat\u00e9 modificatif du 26 novembre 2025  - ADP\nUGECAM ILE-DE-FRANCE - portant modification\nde la composition du conseil de l'Union pour la\nGestion des Etablissements des Caisses\nd'Assurance Maladie d'Ile-de-France\nMission nationale de contr\u00f4le et d'audit des organismes de s\u00e9curit\u00e9 sociale  - IDF-2025-11-26-00002 - Arr\u00eat\u00e9 modificatif du 26\nnovembre 2025  - ADP UGECAM ILE-DE-FRANCE - portant modification de la composition du conseil de l'Union pour la Gestion des\nEtablissements des Caisses d'Assurance Maladie d'Ile-de-France\n38\nE =GOUVERNEMENT DirectionLibert\u00e9 de la s\u00e9curit\u00e9 socialeEgalit\u00e9Fraternit\u00e9\n \n \n \n \n \nArr\u00eat\u00e9 modificatif du 26 novembre 2025 \u2013 ADP UGECAM ILE-DE-FRANCE - portant modification de la \ncomposition du conseil de l'Union pour la Gestion des Etablissements des Caisses d'Assurance Maladie d'Ile-\nde-France \n \n \nLe ministre du Travail et des Solidarit\u00e9s \nLa ministre de la Sant\u00e9, des Familles, de l'Autonomie et des Personnes handicap\u00e9es \n \nVu le code de la s\u00e9curit\u00e9 sociale et notamment les articles L. 216-1, L. 216-3 et D. 231-1 \u00e0 D. 231-4 ; \nVu l'arr\u00eat\u00e9 du 29 d\u00e9cembre 2004 fixant les statuts types des Unions pour la Gestion des Etablissements des \nCaisses d'Assurance Maladie et notamment l'article 2, \nVu l'arr\u00eat\u00e9 du 22 juin 2022 \u2013 ADP UGECAM ILE-DE-FRANCE - portant nomination des membres du conseil de \nl'Union pour la Gestion des Etablissements des Caisses d'Assurance Maladie d'Ile de France ; \nVu l'arr\u00eat\u00e9 modificatif du 26 juin 2023 \u2013 ADP UGECAM ILE -DE-FRANCE - portant modification de la \ncomposition du conseil de l'Union pour la Gestion des Etablissements des Caisses d'Assurance Maladie d'Ile -\nde-France ; \nVu l'arr\u00eat\u00e9 modificatif du 08 ao\u00fbt 2023 \u2013 ADP UGECAM ILE -DE-FRANCE - portant modification de la \ncomposition du conseil de l'Union pour la Gestion des Etablissements des Caisses d'Assurance Maladie d'Ile -\nde-France ; \nVu l'arr\u00eat\u00e9 modificatif du 19 f\u00e9vrier 2024 \u2013 ADP UGECAM ILE -DE-FRANCE - portant modification de la \ncomposition du conseil de l'Union pour la Gestion des Etablissements des Caisses d'Assurance Maladie d'Ile -\nde-France ; \nVu l'arr\u00eat\u00e9 modificatif du 26 juin 2024 \u2013 ADP UGECAM ILE -DE-FRANCE - portant modification de la \ncomposition du conseil de l'Union pour la Gestion des Etablissements des Caisses d'Assurance Maladie d'Ile -\nde-France ; \nVu l'arr\u00eat\u00e9 modificatif du 24 septembre 2024 \u2013 ADP UGECAM ILE -DE-FRANCE - portant modification de la \ncomposition du conseil de l'Union pour la Gestion des Etablissements des Caisses d'Assurance Maladie d'Ile -\nde-France ; \nVu l'arr\u00eat\u00e9 modificatif du 10 janvier 2025 \u2013 ADP UGECAM ILE -DE-FRANCE - portant modification de la \ncomposition du conseil de l'Union pour la Gestion des Etablissements des Caisses d'Assurance Maladie d'Ile -\nde-France ; \nVu la proposition de modification \u00e9manant, au titre des repr\u00e9sentants des employeurs, de la Conf\u00e9d\u00e9ration \ndes Petites et Moyennes Entreprises (CPME) ; \nVu l'arr\u00eat\u00e9 du 20 novembre 2024 portant d\u00e9l\u00e9gation de signature \u00e0 Monsieur Guy -Micha\u00ebl DALIN, chef de \nl'antenne de Paris de la Mission Nationale de Contr\u00f4le et d'audit des organismes de s\u00e9curit\u00e9 sociale ; \n \nArr\u00eatent : \nArticle 1er \nLa composition du conseil de l'Union pour la Gestion des Etablissements des Caisses d'Assurance Maladie \nd'Ile-de-France est modifi\u00e9e comme suit : \n \nMission nationale de contr\u00f4le et d'audit des organismes de s\u00e9curit\u00e9 sociale  - IDF-2025-11-26-00002 - Arr\u00eat\u00e9 modificatif du 26\nnovembre 2025  - ADP UGECAM ILE-DE-FRANCE - portant modification de la composition du conseil de l'Union pour la Gestion des\nEtablissements des Caisses d'Assurance Maladie d'Ile-de-France\n39\n \n2\u00b0 En tant que Repr\u00e9sentants des employeurs \nSur d\u00e9signation de la Conf\u00e9d\u00e9ration des Petites et Moyennes Entreprises (CPME) \n \nSuppl\u00e9ants : \nUn poste vacant \u00e0 la suite du d\u00e9mandatement de M. GARNIER (Pierre) \n \nArticle 2 \n \nLe chef d'antenne de PARIS de la Mission nationale de contr\u00f4le et d'audit des organismes de s\u00e9curit\u00e9 sociale \nest charg\u00e9 de l'ex\u00e9cution du pr\u00e9sent arr\u00eat\u00e9, qui sera publi\u00e9 au recueil des actes administratifs de la r\u00e9gion Ile-\nde-France. \n \nFait \u00e0 Paris, le 26 novembre 2025 \n \nLe ministre du Travail et des Solidarit\u00e9s \n \nPour le ministre et par d\u00e9l\u00e9gation  \n \n              Sign\u00e9 \n \nGuy-Micha\u00ebl DALIN \n \nLa ministre de la Sant\u00e9, des Familles, de \nl'Autonomie et des Personnes \nhandicap\u00e9es \n \nPour la ministre et par d\u00e9l\u00e9gation  \n \n                  Sign\u00e9 \n \nGuy-Micha\u00ebl DALIN \n \n \n \n \n \n \n \n \n \n \n \n \n \n \n \n \n \nMission nationale de contr\u00f4le et d'audit des organismes de s\u00e9curit\u00e9 sociale  - IDF-2025-11-26-00002 - Arr\u00eat\u00e9 modificatif du 26\nnovembre 2025  - ADP UGECAM ILE-DE-FRANCE - portant modification de la composition du conseil de l'Union pour la Gestion des\nEtablissements des Caisses d'Assurance Maladie d'Ile-de-France\n40\nMission nationale de contr\u00f4le et d'audit des\norganismes de s\u00e9curit\u00e9 sociale \nIDF-2025-11-26-00003\nArr\u00eat\u00e9 modificatif du 26 novembre 2025 \nportant modification de la composition du\nconseil d'administration de la Caisse\nd'Allocations Familiales du Val d'Oise (CAF 95)\nMission nationale de contr\u00f4le et d'audit des organismes de s\u00e9curit\u00e9 sociale  - IDF-2025-11-26-00003 - Arr\u00eat\u00e9 modificatif du 26\nnovembre 2025  portant modification de la composition du conseil d'administration de la Caisse d'Allocations Familiales du Val\nd'Oise (CAF 95)\n41\nE =GOUVERNEMENT DirectionLibert\u00e9 de la s\u00e9curit\u00e9 socialeEgalit\u00e9Fraternit\u00e9\n \n \n \nArr\u00eat\u00e9 modificatif du 26 novembre 2025 \u2013 portant modification de la composition du conseil \nd'administration de la Caisse d'Allocations Familiales du Val d'Oise (CAF 95) \n \n \n \nLe Ministre du Travail et des Solidarit\u00e9s \nLa Ministre de la Sant\u00e9, des Familles, de l'Autonomie et des Personnes handicap\u00e9es \n \nVu le code de la s\u00e9curit\u00e9 sociale et notamment les articles L. 212-2, R. 121-5 \u00e0 R. 121-7, et D. 231-1 \u00e0 D. 231-4 \n;  \n \nVu l'arr\u00eat\u00e9 du 15 mars 2022 \u2013 ADP CA CAF du Val d'Oise n\u00b01/2022 - portant nomination des membres du \nconseil d'administration de la Caisse d'Allocations Familiales du Val d'Oise ;  \n \nVu l'arr\u00eat\u00e9 modificatif du 18 octobre 2022 \u2013 ADP CA CAF du Val d'Oise n\u00b02/2022 - portant modification de la \ncomposition du conseil d'administration de la Caisse d'Allocations Familiales du Val d'Oise ;  \n \nVu l'arr\u00eat\u00e9 modificatif du 20 janvier 2023 \u2013 ADP CA CAF du Val d'Oise n\u00b03/2023 - portant modification de la \ncomposition du conseil d'administration de la Caisse d'Allocations Familiales du Val d'Oise.  \n \nVu l'arr\u00eat\u00e9 modificatif du 14 d\u00e9cembre 2023 \u2013 ADP CA CAF du Val d'Oise - portant modification de la \ncomposition du conseil d'administration de la Caisse d'Allocations Familiales du Val d'Oise,  \n \nVu l'arr\u00eat\u00e9 modificatif du 19 f\u00e9vrier 2024 \u2013 ADP CA CAF du Val d'Oise - portant modification de la composition \ndu conseil d'administration de la Caisse d'Allocations Familiales du Val d'Oise,  \n \nVu l'arr\u00eat\u00e9 modificatif du 04 avril 2024 \u2013 ADP CA CAF du Val d'Oise - portant modification de la composition \ndu conseil d'administration de la Caisse d'Allocations Familiales du Val d'Oise,  \n \nVu l'arr\u00eat\u00e9 modificatif du 31 juillet 2024 \u2013 ADP CA CAF du Val d'Oise - portant modification de la composition \ndu conseil d'administration de la Caisse d'Allocations Familiales du Val d'Oise, \n \nVu l'arr\u00eat\u00e9 du 14 novembre 2024 \u2013 portant modification de la composition du conseil d'administration de la \nCaisse d'Allocations Familiales du Val d'Oise (CAF 95) \n \nVu l'arr\u00eat\u00e9 modificatif du 17 janvier 2025 \u2013 portant modification de la composition du conseil d'administration \nde la Caisse d'Allocations Familiales du Val d'Oise (CAF 95) \n \nVu l'arr\u00eat\u00e9 modificatif du 21 janvier 2025 \u2013 portant modification de la composition du conseil d'administration \nde la Caisse d'Allocations Familiales du Val d'Oise (CAF 95) \nVu la fin de mandat de Madame LE MOAL Corinne par d\u00e9mission  \u00e9manant, au titre des repr\u00e9sentants des \ntravailleurs ind\u00e9pendants, de la Conf\u00e9d\u00e9ration des petites et moyennes entreprises (CPME) ; \nVu l'arr\u00eat\u00e9 du 20 novembre 2024 portant d\u00e9l\u00e9gation de signature \u00e0 Monsieur Guy -Micha\u00ebl DALIN, chef de \nl'antenne de Paris de la Mission Nationale de Contr\u00f4le et d'audit des organismes de s\u00e9curit\u00e9 sociale ; \n \n \nArr\u00eatent : \nArticle 1 \nLa composition du Conseil d'administration de la Caisse d'allocations familiales du Val -d'Oise est modifi\u00e9e \ncomme suit : \n1\u00b0 En tant que Repr\u00e9sentants des travailleurs ind\u00e9pendants : \nSur demande de la Conf\u00e9d\u00e9ration des petites et moyennes entreprises (CPME) : \nSuppl\u00e9ant : \nUn poste vacant \u00e0 la suite de la d\u00e9mission de Mme LE MOAL  (Corinne). \nMission nationale de contr\u00f4le et d'audit des organismes de s\u00e9curit\u00e9 sociale  - IDF-2025-11-26-00003 - Arr\u00eat\u00e9 modificatif du 26\nnovembre 2025  portant modification de la composition du conseil d'administration de la Caisse d'Allocations Familiales du Val\nd'Oise (CAF 95)\n42\n \n \n \nArticle 2 \nLe chef d'antenne de PARIS de la Mission nationale de contr\u00f4le et d'audit des organismes de s\u00e9curit\u00e9 sociale \nest charg\u00e9 de l'ex\u00e9cution du pr\u00e9sent arr\u00eat\u00e9, qui sera publi\u00e9 au recueil des actes administratifs de la r\u00e9gion Ile-\nde-France. \n \nFait \u00e0 Paris, le 26 novembre 2025 \nLe Ministre du Travail et des Solidarit\u00e9s \n \nPour le ministre et par d\u00e9l\u00e9gation  \n \n              Sign\u00e9 \n \nGuy-Micha\u00ebl DALIN \n \nLa Ministre de la Sant\u00e9, des Familles, de \nl'Autonomie et des Personnes handicap\u00e9es \n \nPour la ministre et par d\u00e9l\u00e9gation  \n \n           Sign\u00e9 \n \nGuy-Micha\u00ebl DALIN \n \n \n \n \n \n \n \n \n \n \n \n \n \n \nMission nationale de contr\u00f4le et d'audit des organismes de s\u00e9curit\u00e9 sociale  - IDF-2025-11-26-00003 - Arr\u00eat\u00e9 modificatif du 26\nnovembre 2025  portant modification de la composition du conseil d'administration de la Caisse d'Allocations Familiales du Val\nd'Oise (CAF 95)\n43","date":"2025-11-26","first_seen_on":"2025-11-26T19:43:50+00:00","id":"b77c50ff2f2960f21f34ebce72382c4d7afe230ce8a5f74f8adcbee63e0fc63d","name":"recueil-idf-044-2025-11-RAA-nominatifs du 26.11.2025","pdf_creation_date":"2025-11-26T16:24:08+00:00","pdf_modification_date":null,"timezone":"Europe/Paris","url":"https://www.prefectures-regions.gouv.fr/ile-de-france/irecontenu/telechargement/132992/975671/file/recueil-idf-044-2025-11-RAA-nominatifs%20du%2026.11.2025.pdf"}
