{"administration":"pref30","administration_name":"Pr\u00e9fecture du Gard","content":"PR\u00c9FET\nDU GARD\nRECUEIL DES ACTES\nADMINISTRATIFS SP\u00c9CIAL\nN\u00b030-2025-022\nPUBLI\u00c9 LE  4 F\u00c9VRIER 2025\nSommaire\nPrefecture du Gard / SAPSI\n30-2025-02-04-00003 - Arr\u00eat\u00e9 pr\u00e9fectoral portant cr\u00e9ation d'un\nlocal de r\u00e9tention administrative (LRA) \u00e0 N\u00eemes (2 pages) Page 3\n2\nPrefecture du Gard\n30-2025-02-04-00003\nArr\u00eat\u00e9 pr\u00e9fectoral portant cr\u00e9ation d'un local de\nr\u00e9tention administrative (LRA) \u00e0 N\u00eemes\nPrefecture du Gard - 30-2025-02-04-00003 - Arr\u00eat\u00e9 pr\u00e9fectoral portant cr\u00e9ation d'un local de r\u00e9tention administrative (LRA) \u00e0 N\u00eemes 3\nPREFET | Direction des s\u00e9curit\u00e9sDU GARD | | SAPSILibert\u00e9Egalit\u00e9Fraternit\u00e9\nArr\u00e9t\u00e9 n\u00b02025-01-portant cr\u00e9ation d'un local de r\u00e9tention administrative (LRA)\nLe pr\u00e9fet du GardChevalier de la L\u00e9gion d'honneurChevalier de l'ordre national du m\u00e9rite\nVu le titre IV du livre VII du code de l'entr\u00e9e et du s\u00e9jour des \u00e9trangers et du droitd'asile (CESEDA) ;Vu le d\u00e9cret n\u00b0 2004-374 du 29 avril 2004 relatif aux pouvoirs des pr\u00e9fets, al'organisation et \u00e0 l'action des services de l'\u00c9tat dans les r\u00e9gions et d\u00e9partements ;Vu le d\u00e9cret du 13 juillet 2023 portant nomination de M. J\u00e9r\u00f4me BONET en qualit\u00e9de Pr\u00e9fet du Gard;Vu l'arr\u00eat\u00e9 pr\u00e9fectoral n\u00b030-2024-05-06-00001 du 18 octobre 2024 portantd\u00e9signation et d\u00e9l\u00e9gation de signature \u00e0 M. Yann G\u00e9rard, secr\u00e9taire g\u00e9n\u00e9ral de lapr\u00e9fecture du Gard, sous-pr\u00e9fet de N\u00eemes ;Consid\u00e9rant qu'en application des textes susvis\u00e9s, les \u00e9trangers qui ne peuvent \u00eatreimm\u00e9diatement \u00e9loign\u00e9s doivent \u00eatre maintenus dans des locaux ne relevant pas del'administration p\u00e9nitentiaire en vue de leur reconduite \u00e0 la fronti\u00e8re ;Consid\u00e9rant la n\u00e9cessit\u00e9 qu'il existe \u00e0 cr\u00e9er un local de r\u00e9tention administrative afind'y maintenir les ressortissants \u00e9trangers faisant l'objet d'une mesure d'\u00e9loignementen raison de circonstances particuli\u00e8res, notamment la saturation du centre der\u00e9tention administrative de N\u00eemes, r\u00e9pondant \u00e0 l'article R. 744-8 du CESEDA ;Sur la proposition du secr\u00e9taire g\u00e9n\u00e9ral de la pr\u00e9fecture du Gard;\nARR\u00caTEArticle 1: Un local permanent de r\u00e9tention administrative non-mixte avec unecapacit\u00e9 de deux personnes est institu\u00e9 \u00e0 l'adresse suivante:H\u00f4tel de police de N\u00eemes245 avenue Pierre Gamel30 000 N\u00eemes\nPrefecture du Gard - 30-2025-02-04-00003 - Arr\u00eat\u00e9 pr\u00e9fectoral portant cr\u00e9ation d'un local de r\u00e9tention administrative (LRA) \u00e0 N\u00eemes 4\nArticle 2: Les fonctionnaires de police plac\u00e9s sous l'autorit\u00e9 du directeurinterd\u00e9partemental de la police nationale du Gard assurent la garde du local der\u00e9tention cr\u00e9\u00e9.Article 3: Les fonctionnaires de police plac\u00e9s sous l'autorit\u00e9 du directeurinterd\u00e9partemental de la police nationale du Gard et les militaires de gendarmerieplac\u00e9s sous l'autorit\u00e9 du commandant du groupement de gendarmerie du Gard duservice interpellateur assurent les diff\u00e9rentes escortes n\u00e9cessaires.Article 4 : Le pr\u00e9sent arr\u00eat\u00e9 entre en vigueur d\u00e8s sa publication au recueil des actesadministratifs des services de l'Etat.Article 5: Le secr\u00e9taire g\u00e9n\u00e9ral de la pr\u00e9fecture du Gard, le directeurinterd\u00e9partemental de la police nationale du Gard et le g\u00e9n\u00e9ral commandant legroupement de gendarmerie du Gard sont charg\u00e9s, chacun en ce qui les concerne,de l'ex\u00e9cution du pr\u00e9sent arr\u00eat\u00e9.Article 6: Le pr\u00e9sent arr\u00eat\u00e9 est notifi\u00e9 ce jour au procureur de la R\u00e9publique et aucontr\u00f4leur g\u00e9n\u00e9ral des lieux de privation de libert\u00e9.\nFait \u00e0 N\u00eemes, le %/2]202S\nLe pr\u00e9fet,\nMari: Charlotte EUVRARD\nPrefecture du Gard - 30-2025-02-04-00003 - Arr\u00eat\u00e9 pr\u00e9fectoral portant cr\u00e9ation d'un local de r\u00e9tention administrative (LRA) \u00e0 N\u00eemes 5","date":"2025-02-04","first_seen_on":"2025-02-04T17:05:35+00:00","id":"b78a66748ddb74daa0481a6262ac726bda041b3801cd063cb4fa484ac96552bb","name":"recueil-30-2025-022-special du 04 02 2025","pdf_creation_date":"2025-02-04T15:21:54+00:00","pdf_modification_date":null,"timezone":"CET","url":"https://www.gard.gouv.fr/contenu/telechargement/61873/458864/file/recueil-30-2025-022-special%20du%2004%2002%202025.pdf"}
