{"administration":"pref69","administration_name":"Pr\u00e9fecture du Rh\u00f4ne","content":"PR\u00c9F\u00c8TE\nDU RH\u00d4NE\nRECUEIL DES ACTES\nADMINISTRATIFS SP\u00c9CIAL\nN\u00b069-2026-023\nPUBLI\u00c9 LE 21 JANVIER 2026\nSommaire\n69_Centre Hospitalier Vinatier /\n69-2026-01-13-00005 - 2026-04 D\u00e9cision d\u00e9l\u00e9gation de signature S (4\npages) Page 3\n69_Pr\u00e9f_Pr\u00e9fecture du Rh\u00f4ne / Direction de la s\u00e9curit\u00e9 et de la\nprotection civile\n69-2026-01-21-00001 - Arr\u00eat\u00e9 de prolongation portant mesures\ntemporaires de navigation 27 01 26 au 27 03 26 (3 pages) Page 8\n69_Pr\u00e9f_Pr\u00e9fecture du Rh\u00f4ne / Direction des affaires juridiques et de\nl'administration locale\n69-2026-01-20-00008 - habilitation dans le domaine fun\u00e9raire :\nSARL\u00a0Pompes fun\u00e8bres POYARD situ\u00e9 au 10 Route d'Yzeron 69850\nSaint-Martin-en-Haut (2 pages) Page 12\n69-2026-01-20-00007 - habilitation dans le domaine fun\u00e9raire : Sas \u00ab\nOGF\u00a0\u00bb situ\u00e9 au 2 Chemin du Vieux Moulin, 69160 Tassin-la-Demi-Lune\n(2 pages) Page 15\n69-2026-01-20-00006 - habilitation dans le domaine fun\u00e9raire : Sas\n\u00ab\u00a0FUNECAP SUD EST\u00a0\u00bb situ\u00e9 au 1 rue du cimeti\u00e8re  69170 Tarare\n(2 pages) Page 18\n69-2026-01-20-00009 - habilitation dans le domaine fun\u00e9raire : SAS\n\u00ab\u00a0OGF Services Fun\u00e9raires\u00a0\u00bb situ\u00e9 au 26 rue de l'\u00e9galit\u00e9\n69800 Saint-Priest (2 pages) Page 21\n69-2026-01-20-00005 - habilitation dans le domaine fun\u00e9raire : SAS\n\u00ab\u00a0OGF Services Fun\u00e9raires\u00a0\u00bb situ\u00e9 au 561 route nationale 6,\n69400 Arnas (2 pages) Page 24\n69-2026-01-20-00004 - habilitation dans le domaine fun\u00e9raire : SAS\n\u00ab\u00a0OGF Services Fun\u00e9raires\u00a0\u00bb situ\u00e9 au 644 rue nationale 69400\nVillefranche-sur-Sa\u00f4ne (2 pages) Page 27\n69-2026-01-20-00011 - institution de la commission de recensement des\nvotes dans le cadre du renouvellement des conseillers m\u00e9tropolitains de\nLyon des 15 et 22 mars 2026 (2 pages) Page 30\n69-2026-01-20-00010 - institution des commissions de propagande \u00e0\nl'occasion du renouvellement des conseillers municipaux et\ncommunautaires et des conseillers m\u00e9tropolitains de Lyon, des 15 et 22\nmars 2026 (2 pages) Page 33\n69-2026-01-20-00003 - renouvellement de l'habilitation dans le domaine\nfun\u00e9raire : SAS Sas Centre Fun\u00e9raire Agglom\u00e9ration Villefranche\nBeaujolais Sa\u00f4ne situ\u00e9 au 2740 route de Montmelas 69400 Gleiz\u00e9 (1\npage) Page 36\n2\n69_Centre Hospitalier Vinatier\n69-2026-01-13-00005\n2026-04 D\u00e9cision d\u00e9l\u00e9gation de signature S\n69_Centre Hospitalier Vinatier - 69-2026-01-13-00005 - 2026-04 D\u00e9cision d\u00e9l\u00e9gation de signature S 3\nCENTRE HOSPITALIER LE VINATIER95, Boulevard PinelBP 300 39 LE VINATIER69678 BRON Cedex DELEGATION DE SIGNATURE | PSYCHIATRIE UNIVERSITAIRESIREN : 266.900.0383 LYON METROPOLESIRET : 266.900.083.000.12Direction G\u00e9n\u00e9raleT\u00e9l : 04 81 92 56 10Fax : 04 81 92 56 12\nDECISION N\u00b0 2026-04 \u2014PORTANT DELEGATION DE SIGNATURE _\nLe Directeur du Centre Hospitalier Le Vinatier,Vu l'article L.6143-7 du Code de la sant\u00e9 publique,Vu les articles D.6143-33 a D.6143-35 du m\u00e9me code,Vu l'arr\u00eat\u00e9 2017-269 du 02 ao\u00fbt 2017 du Centre National de Gestion, portant nomination du Directeur duCentre Hospitalier Le Vinatier, prolong\u00e9 par arr\u00eat\u00e9 du 8 juin 2021 puis par arr\u00eat\u00e9 du 18 septembre 2025,Vu le proc\u00e8s-verbal d'installation \u00e0 ses fonctions de Monsieur Pascal MARIOTTI, en date du 18 septembre2017,Vu l'organigramme de Direction du Centre Hospitalier Le Vinatier,Vu la convention constitutive du Groupement Hospitalier de Territoire Val Rh\u00f4ne Centre conclue le10 f\u00e9vrier 2023, approuv\u00e9e par arr\u00eat\u00e9 du Directeur G\u00e9n\u00e9ral de l'Agence R\u00e9gionale de Sant\u00e9 Auvergne Rh\u00f4ne-Alpes n\u00b02023-17-0036-du 27 f\u00e9vrier 2023 et modifi\u00e9e par avenant du 26 novembre 2025 portant int\u00e9grationdu Centre Hospitalier Le Vinatier,Consid\u00e9rant qu'aux termes de l'article R.6132-16 du Code de la sant\u00e9 publique, l'\u00e9tablissement support duGHT (HCL) est charg\u00e9 de la politique, de la strat\u00e9gie d'achat et du contr\u00f4le de gestion des achats pour ce quiconcerne l'ensemble des march\u00e9s et de leurs avenants, qu'il assure la passation des march\u00e9s et de leursavenants conform\u00e9ment au code de la commande publique et que l'\u00e9tablissement partie au GHT assurel'ex\u00e9cution de ces march\u00e9s conform\u00e9ment aux dispositions dudit code,Consid\u00e9rant que l'\u00e9tablissement support du GHT (HCL) assure la fonction achats pour le compte des\u00e9tablissements parties au groupement, \u00e0 l'exciusion de la fonction approvisionnements qui demeure dans lechamp de comp\u00e9tence de l'\u00e9tablissement partie,\nDECIDEARTICLE 1 : DELEGATAIRED\u00e9l\u00e9gation de signature des actes \u00e9num\u00e9r\u00e9s aux articles 2 et 3 ci-dessous est donn\u00e9e \u00e0 S\u00e9bastienBARTHELEMY, Directeur des Syst\u00e8mes d'Information, de la Logistique et des Projets.\n69_Centre Hospitalier Vinatier - 69-2026-01-13-00005 - 2026-04 D\u00e9cision d\u00e9l\u00e9gation de signature S 4\nARTICLE 2 : NATURE DES ACTES DELEGUES POUR LES ACHATSLa d\u00e9l\u00e9gation de signature porte sur les actes suivants :e Bons de commande, attestations de service fait et r\u00e9ception des travaux, uniquement aux finsd'approvisionnement dans le cadre de l'ex\u00e9cution de march\u00e9s existants pass\u00e9s par le Vinatier(march\u00e9s en cours d'ex\u00e9cution au 01/01/2026) ou par le GHT d\u00e8s le 01/01/2026 (fournitures,services, travaux \u2014 Classes 2 et 6) dans la limite du montant du march\u00e9,En cas d'absence ou d'emp\u00e9chement de S\u00e9bastien BARTHELEMY, d\u00e9l\u00e9gation de signature pour ces actes estdonn\u00e9e concomitamment a :- M\u00e9lie MICHEL, Directeur adjoint charg\u00e9 de la Direction Achat et Ing\u00e9nierie.- Estelle LUCAS-PELISSON, Directeur des affaires financi\u00e9res,- Carine MAILLET, Directeur des Ressources humaines- Bertrand CLERC, Pharmacie g\u00e9rant de la Pharmacie a Usage Int\u00e9rieur.(Pour information, il est pr\u00e9cis\u00e9 que par d\u00e9cision n\u00b025-123 du 22 d\u00e9cembre 2025, d\u00e9l\u00e9gation de signatureest \u00e9galement donn\u00e9e par le pouvoir adjudicateur du GHT Val Rh\u00f4ne-Centre \u00e0 M. S\u00e9bastien BARTHELEMY \u00e0effet de signer, pour tous les march\u00e9s publics d'un montant jusqu'\u00e0 25 000 euros HT conclus pour le GHT :e toutes d\u00e9cisions, attestations, documents, correspondances, certificats, relatifs \u00e0 la passation desmarch\u00e9s publics r\u00e9pondant \u00e0 des besoins sp\u00e9cifiques de l'\u00e9tablissement ;e tous march\u00e9s publics r\u00e9pondant \u00e0 des besoins sp\u00e9cifiques de l'\u00e9tablissement ;e tout avenant, sous r\u00e9serve que l'engagement financier global reste d'un montant inf\u00e9rieur ou \u00e9gal\u00e0 25 000 euros HT.La passation des achats et march\u00e9s aff\u00e9rents au-del\u00e0 de 25 000 \u20ac HT ainsi que tous les actes contractuels li\u00e9saux march\u00e9s sup\u00e9rieurs \u00e0 25 000 euros HT est assur\u00e9e par les HCL en tant qu'\u00e9tablissement support du GHT).ARTICLE 3 : NATURE DES ACTES DELEGUES POUR LA DIRECTION DES SYSTEMES D'INFORMATION, DE LALOGISTIQUE ET DES PROJETSLa d\u00e9l\u00e9gation de signature porte sur les actes suivants :Ressources humaines (pour les personnels plac\u00e9s sous son autorit\u00e9) :- Organisation du travail- Cong\u00e9s, RTT, t\u00e9l\u00e9travail, autorisations d'absence- El\u00e9ments variables de paie- Ordres de missionDivers :- Actes de gestion couranteEn cas d'absence ou d'emp\u00e9chement de S\u00e9bastien BARTHELEMY, d\u00e9l\u00e9gation est donn\u00e9e pour ces actes a:- M\u00e9lie MICHEL.\nARTICLE 4 : DELEGATIONS SECONDAIRESD\u00e9l\u00e9gation est donn\u00e9e \u00e0 Thierry DECHENAUD, ing\u00e9nieur responsable syst\u00e8me d'information, pour lesactivit\u00e9s de la direction du syst\u00e8me d'information :e Attestations du service fait et conformit\u00e9 de la facturatione organisation du travail, les cong\u00e9s, RTT, t\u00e9l\u00e9travail, autorisations d'absence, \u00e9l\u00e9ments variables depaie concernant les agents plac\u00e9s directement sous sa responsabilit\u00e9 hi\u00e9rarchique\n69_Centre Hospitalier Vinatier - 69-2026-01-13-00005 - 2026-04 D\u00e9cision d\u00e9l\u00e9gation de signature S 5\nD\u00e9l\u00e9gation est donn\u00e9e \u00e0 Olivier JOVET, ing\u00e9nieur responsable de l'\u00e9quipe Syst\u00e8mes et r\u00e9seaux, responsableadjoint syst\u00e8me d'information, pour les activit\u00e9s de la direction du syst\u00e8me d'information :e Attestations du service fait et conformit\u00e9 de la facturatione organisation du travail, les cong\u00e9s, RTT, t\u00e9l\u00e9travail, autorisations d'absence, \u00e9l\u00e9ments variables depaie concernant les agents plac\u00e9s directement sous sa responsabilit\u00e9 hi\u00e9rarchiqueD\u00e9l\u00e9gation est donn\u00e9e \u00e0 Bruno IVARS, responsable de l'\u00e9quipe Equipements micro-informatiques, pour lesactivit\u00e9s microinformatiques :e Attestations du service fait et conformit\u00e9 de la facturationD\u00e9l\u00e9gation est donn\u00e9e \u00e0 Magali COCHET, ing\u00e9nieur responsable des services logistiques, pour les activit\u00e9sdes services logistiques :e Attestations du service fait et conformit\u00e9 de la facturatione L'organisation du travail, les cong\u00e9s, RTT, t\u00e9l\u00e9travail, autorisations d'absence, \u00e9l\u00e9ments variables depaie concernant les agents plac\u00e9s directement sous sa responsabilit\u00e9 hi\u00e9rarchiqueD\u00e9l\u00e9gation est donn\u00e9e \u00e0 Beno\u00eet TANGHE, ing\u00e9nieur responsable du bio-nettoyage, pour les activit\u00e9s duservice bionettoyagee Attestations du service fait et conformit\u00e9 de la facturatione L'organisation du travail, les cong\u00e9s, RTT, t\u00e9l\u00e9travail, autorisations d'absence, \u00e9l\u00e9ments variables depaie concernant les agents plac\u00e9s directement sous sa responsabilit\u00e9 hi\u00e9rarchique\nARTICLE 5 : DUREE DE LA DELEGATIONLa d\u00e9cision n\u00b02021-113 du 8 juin 2021 est abrog\u00e9e au 31 d\u00e9cembre 2025. La pr\u00e9sente d\u00e9l\u00e9gation entre envigueur le 1\u00b0 janvier 2026.La pr\u00e9sente d\u00e9l\u00e9gation est \u00e9tablie \u00e0 titre permanent.Elle cessera de plein droit ses effets en cas de modification des fonctions des d\u00e9l\u00e9gataires.\nARTICLE 6 : PUBLICITELa pr\u00e9sente d\u00e9l\u00e9gation de signature sera notifi\u00e9e aux d\u00e9l\u00e9gataires.La pr\u00e9sente d\u00e9l\u00e9gation de signature est publi\u00e9e sur le site intranet de l'\u00e9tablissement.La pr\u00e9sente d\u00e9l\u00e9gation est communiqu\u00e9e au conseil de surveillance et transmise sans d\u00e9lai au comptable del'\u00e9tablissement. Elle sera publi\u00e9e au recueil des actes administratifs de la pr\u00e9fecture du Rh\u00f4ne.Dans les deux mois suivant sa notification ou sa publication, la pr\u00e9sente d\u00e9cision peut faire l'objet d'unrecours gracieux devant le Directeur du Centre Hospitalier ou d'un recours contentieux devant le Tribunaladministratif de Lyon. A Bron, le 1\u00b0 janvier 2026\n69_Centre Hospitalier Vinatier - 69-2026-01-13-00005 - 2026-04 D\u00e9cision d\u00e9l\u00e9gation de signature S 6\nSignatures des d\u00e9l\u00e9gataires valant acceptation et recueil de sp\u00e9cimen de signature :S\u00e9bastien BARTHELEMY\nThierry DECHENAUD\nsenor\nM\u00e9lie MICHEL\nOlivier JOVET\nET \u00c0\nEstelle LUCAS-PELISSON\nMagali COCHET\nBruno IVARS\nEP\nCarine MAILLET\n69_Centre Hospitalier Vinatier - 69-2026-01-13-00005 - 2026-04 D\u00e9cision d\u00e9l\u00e9gation de signature S 7\n69_Pr\u00e9f_Pr\u00e9fecture du Rh\u00f4ne\n69-2026-01-21-00001\nArr\u00eat\u00e9 de prolongation portant mesures\ntemporaires de navigation 27 01 26 au 27 03 26\n69_Pr\u00e9f_Pr\u00e9fecture du Rh\u00f4ne - 69-2026-01-21-00001 - Arr\u00eat\u00e9 de prolongation portant mesures temporaires de navigation 27 01 26 au\n27 03 26 8\neuPREFETEDU RHONELibert\u00e9Egalit\u00e9Fraternit\u00e9\nARR\u00caT\u00c9 DE PROLONGATIONPORTANT MESURES TEMPORAIRES DE NAVIGATIONLa Pr\u00e9f\u00e9te de la Zone de d\u00e9fense et de s\u00e9curit\u00e9 sud-est,Pr\u00e9f\u00e8te de la R\u00e9gion Auvergne-Rh\u00f4ne-Alpes,Pr\u00e9f\u00e8te du Rh\u00f4ne,Commandeur de la L\u00e9gion d'honneurCommandeur de l'ordre national du M\u00e9rite\nVu le code des transports et notamment ses articles L 4241-1 et A. 4241-26Vu l'arr\u00eat\u00e9 minist\u00e9riel en date du 28/06/2013 portant r\u00e8glement g\u00e9n\u00e9ral de police de la navigationint\u00e9rieure, publi\u00e9 au journal officiel le 29 ao\u00fbt 2013,Vu le d\u00e9cret n\u00b0 2013-251 du 25 mars 2013 relatif\u00e0 certaines dispositions de la partie r\u00e9glementairedu code des transportsVu le d\u00e9cret n\u00b02013-253 relatif aux dispositions de la quatri\u00e8me partie r\u00e9glementaire du code destransports,Vu le d\u00e9cret n\u00b02012-1556 du 28 d\u00e9cembre 2012 d\u00e9terminant la liste des mesures temporairesd'interruption ou de modification des conditions de la navigation pouvant \u00eatre prises par legestionnaire de la voie d'eau,Vu la circulaire interminist\u00e9rielle du 24 janvier 2013 relative aux actes et mesures de police de lanavigation int\u00e9rieure,Vu l'arr\u00eat\u00e9 inter pr\u00e9fectoral portant r\u00e8glement particulier de police de l'itin\u00e9raire Rh\u00f4ne et Sa\u00f4ne aGrand Gabarit en vigueur,Vu l'arr\u00eat\u00e9 pr\u00e9fectoral du 04 ao\u00fbt 2025,Consid\u00e9rant la demande du ma\u00eetre d'ouvrage (Conseil D\u00e9partemental du Rh\u00f4ne) relative auxtravaux de r\u00e9novation du pont de Condrieu,Consid\u00e9rant la premi\u00e8re phase des travaux de confortement du point de Condrieu qui consiste \u00e0 lamise en place des pal\u00e9es dans le fleuve,Consid\u00e9rant que cette premi\u00e8re phase de travaux induit un passage des bateaux sous une seulepasse du pont mais sans que celle-ci soit, pour le moment, impact\u00e9e par la pr\u00e9sence des pal\u00e9es,Consid\u00e9rant que la passe laiss\u00e9e \u00e0 la navigation pourra, suivant la d\u00e9cision du ma\u00eetre d'ouvrage, \u00eatre\u00e9quip\u00e9e de bou\u00e9es mat\u00e9rialisant une largeur de chenal r\u00e9duite \u00e0 36 m\u00e8tres,Consid\u00e9rant la demande de la compagnie nationale du Rh\u00f4ne (CNR), concessionnaire du Rh\u00f4ne,formul\u00e9e \u00e0 Voies Navigables de France sous la forme d'avis \u00e0 la batellerie traduisant en termes demesures temporaires la demande du ma\u00eetre d'ouvrage des travaux du pont de Condrieu,\n69_Pr\u00e9f_Pr\u00e9fecture du Rh\u00f4ne - 69-2026-01-21-00001 - Arr\u00eat\u00e9 de prolongation portant mesures temporaires de navigation 27 01 26 au\n27 03 26 9\nConsid\u00e9rant la comp\u00e9tence de la pr\u00e9f\u00e9te de d\u00e9partement pour la prise de mesures temporaires enmati\u00e9re de police de la navigation int\u00e9rieure, au-dela de trente jours,Sur proposition de Monsieur le Directeur Territorial Rh\u00f4ne-Sa\u00f4ne de Voies Navigables de Francerepr\u00e9sent\u00e9 par le chef du service fluvial lyonnais,ARRETEArticle 1:Les mesures temporaires suivantes sont rendues n\u00e9cessaires par des travaux ex\u00e9cut\u00e9s sous maitrised'ouvrage Conseil D\u00e9partemental du Rh\u00f4ne et pour le bon ordre et la s\u00e9curit\u00e9 de la navigation:e Les navigants devront s'annoncer par VHF canal 10 avant le franchissement du pont (aumoins 2 km),e Les navigants auront interdiction de se croiser au droit du pont de Condrieu,e Un alternat, autog\u00e9r\u00e9, sera mis en place avec priorit\u00e9 aux bateaux avalants,e Les navigants devront serrer la rive droite, et auront interdiction de franchir la passe rivegauche du pont de Condrieu,e La largeur de la passe sera r\u00e9duite \u00e0 36 m\u00e8tres, r\u00e9duction mat\u00e9rialis\u00e9e par des bou\u00e9es.Ces mesures seront applicables entre les PK39 et 43.Un avis \u00e0 la batellerie sera publi\u00e9 reprenant les mesures \u00e9nonc\u00e9es ci-dessus.Article 2 :Dans le cadre des travaux pr\u00e9cit\u00e9s, le ma\u00eetre d'ouvrage \u00abconseil d\u00e9partemental du Rh\u00f4ne\u00bb assure laresponsabilit\u00e9 de la mise en \u0153uvre de la signalisation et de tout \u00e9l\u00e9ment en lien avec les travaux.Article 3 :Ces mesures sont applicables du 27 janvier au 27 mars 2026 inclus.Article 4 :L'information des usagers de ces mesures se fera par l'interm\u00e9diaire d'avis \u00e0 la batellerie apr\u00e8svalidation par Voies Navigables de France.Article 5 :Conform\u00e9ment aux dispositions des articles R.421-1 et suivants du Code de justice administrative,toute personne int\u00e9ress\u00e9e par le pr\u00e9sent acte peut former un recours pour exc\u00e8s de pouvoir devantle tribunal administratif de Lyon. Ce recours doit \u00e9tre introduit dans un d\u00e9lai de deux mois acompter de la notification ou de la publication de l'acte contest\u00e9. Le recours peut \u00eatre d\u00e9pos\u00e9 parvoie \u00e9lectronique via le site www.telerecours.fr ou par courrier adress\u00e9 au greffe du tribunaladministratif de Lyon, situ\u00e9 au 184 rue Duguesclin, 69003 Lyon. |\n69_Pr\u00e9f_Pr\u00e9fecture du Rh\u00f4ne - 69-2026-01-21-00001 - Arr\u00eat\u00e9 de prolongation portant mesures temporaires de navigation 27 01 26 au\n27 03 26 10\nArticle 6:Le pr\u00e9fet d\u00e9l\u00e9gu\u00e9 pour la d\u00e9fense et la s\u00e9curit\u00e9, le directeur interd\u00e9partemental de la policenationale, le directeur du service d\u00e9partemental et m\u00e9tropolitain d'incendie et de secours, ledirecteur d\u00e9partemental des territoires du Rh\u00f4ne, le directeur territorial Rh\u00f4ne Sa\u00f4ne de VoiesNavigables de France sont charg\u00e9s, chacun en ce qui le concerne, de l'ex\u00e9cution du pr\u00e9sent arr\u00eat\u00e9.A Lyon, le2 1 JAN. 2026\ne pr\u00e9fet d\u00e9l\u00e9gu\u00e9la d\u00e9fense et la s\u00e9curit\u00e9\nAntoine GUERIN\n69_Pr\u00e9f_Pr\u00e9fecture du Rh\u00f4ne - 69-2026-01-21-00001 - Arr\u00eat\u00e9 de prolongation portant mesures temporaires de navigation 27 01 26 au\n27 03 26 11\n69_Pr\u00e9f_Pr\u00e9fecture du Rh\u00f4ne\n69-2026-01-20-00008\nhabilitation dans le domaine fun\u00e9raire :\nSARL\u00a0Pompes fun\u00e8bres POYARD situ\u00e9 au 10\nRoute d'Yzeron 69850 Saint-Martin-en-Haut\n69_Pr\u00e9f_Pr\u00e9fecture du Rh\u00f4ne - 69-2026-01-20-00008 - habilitation dans le domaine fun\u00e9raire : SARL\u00a0Pompes fun\u00e8bres POYARD situ\u00e9\nau 10 Route d'Yzeron 69850 Saint-Martin-en-Haut 12\nPREFETEDU RHONELibert\u00e9Egalit\u00e9Fraternit\u00e9\nDirection des Affaires Juridiques\net de l'Administration Locale\nBureau des r\u00e9glementations,\ndes \u00e9lections et des associations\nAffaire suivie par : DLP\nT\u00e9l. : 04 72 61 61 29\nCourriel : pref-funeraire@rhone.gouv.fr\nArr\u00eat\u00e9 pr\u00e9fectoral n\u00b0 69-2026-         x                        \nportant habilitation dans le domaine fun\u00e9raire\nLa Pr\u00e9f\u00e8te de la R\u00e9gion Auvergne-Rh\u00f4ne-Alpes,\nPr\u00e9f\u00e8te de la Zone de d\u00e9fense et de s\u00e9curit\u00e9 sud-est,\nPr\u00e9f\u00e8te du Rh\u00f4ne,\nCommandeur de la L\u00e9gion d'honneur,\nCommandeur de l'ordre national du M\u00e9rite,\nVU le  code g\u00e9n\u00e9ral des collectivit\u00e9s territoriales, notamment ses articles L.2223-23 et R.2223-23-5 et\nsuivants ;\nVU la loi n\u00b0 93-23 du 8 janvier 1993 modifiant le titre VI du livre III du code des communes et relative \u00e0 la\nl\u00e9gislation dans le domaine fun\u00e9raire ;\nVU le dossier de demande d'habilitation r\u00e9ceptionn\u00e9 en pr\u00e9fecture le 30 octobre 2025 et compl\u00e9t\u00e9 le 04\nd\u00e9cembre 2025, pr\u00e9sent\u00e9 par Monsieur Aur\u00e9lien POYARD, g\u00e9rant de la SARL  Pompes fun\u00e8bres POYARD,\npour l'\u00e9tablissement principal situ\u00e9 10 Route d'Yzeron 69850 Saint-Martin-en-Haut, et dont l'enseigne est\n\u00ab POMPES FUN\u00c8BRES POYARD\u00bb;\nSur proposition de Madame la Directrice des Affaires Juridiques et de l'Administration Locale ;\nARR\u00caTE\nArticle     1     :   L'\u00e9tablissement  principal de  la SARL  Pompes fun\u00e8bres POYARD  situ\u00e9  au  10 Route d'Yzeron\n69850 Saint-Martin-en-Haut, dont le g\u00e9rant est Monsieur Aur\u00e9lien POYARD est habilit\u00e9 pour exercer sur\nl'ensemble du territoire national, l'activit\u00e9 fun\u00e9raire ci-apr\u00e8s :\n\u2022 Transport des corps avant et apr\u00e8s mise en bi\u00e8re  sous traitance\n\u2022 Organisation des obs\u00e8ques\n\u2022 Soins de conservation en sous traitance \n\u2022 Fourniture des housses, des cercueils et de leurs accessoires int\u00e9rieurs et ext\u00e9rieurs ainsi que des urnes\ncin\u00e9raires\n\u2022 Gestion et utilisation des chambres fun\u00e9raires  sous traitance\n\u2022 Fourniture des corbillards et des voitures de deuil  sous traitance\nPr\u00e9fecture du Rh\u00f4ne\n18 Rue de Bonnel\n69 419 LYON CEDEX 03\nT\u00e9l : 04 72 61 61 61\nwww.rhone.gouv.fr\n1/2\n69_Pr\u00e9f_Pr\u00e9fecture du Rh\u00f4ne - 69-2026-01-20-00008 - habilitation dans le domaine fun\u00e9raire : SARL\u00a0Pompes fun\u00e8bres POYARD situ\u00e9\nau 10 Route d'Yzeron 69850 Saint-Martin-en-Haut 13\n\u2022 Fourniture de personnel et des objets, et prestations n\u00e9cessaires aux obs\u00e8ques pour inhumations,\nexhumations , \u00e0 la cr\u00e9mation sous traitances\nArticle     2     :   La dur\u00e9e de la pr\u00e9sente habilitation d\u00e9livr\u00e9e sous le n\u00b026-69-0757 est fix\u00e9e \u00e0 cinq ans.\nArticle     3     :   Le pr\u00e9sent arr\u00eat\u00e9 peut faire l'objet, dans un d\u00e9lai de 2 mois \u00e0 compter de sa publication, d'un\nrecours contentieux aupr\u00e8s du Tribunal Administratif de Lyon, 184 rue Duguesclin 69433 Lyon Cedex 03\nou sur le site www.telerecours.fr.\nArticle     4     :   Le pr\u00e9sent arr\u00eat\u00e9 sera publi\u00e9 au recueil des actes administratifs de la pr\u00e9fecture du Rh\u00f4ne. \nFait \u00e0 Lyon, le 20 janvier 2026\n__\n__________\nPour La Pr\u00e9f\u00e8te,\nla directrice des affaires juridiques\net de l'administration locale\nLucie RIGAUX\n2/2\n69_Pr\u00e9f_Pr\u00e9fecture du Rh\u00f4ne - 69-2026-01-20-00008 - habilitation dans le domaine fun\u00e9raire : SARL\u00a0Pompes fun\u00e8bres POYARD situ\u00e9\nau 10 Route d'Yzeron 69850 Saint-Martin-en-Haut 14\n69_Pr\u00e9f_Pr\u00e9fecture du Rh\u00f4ne\n69-2026-01-20-00007\nhabilitation dans le domaine fun\u00e9raire : Sas \u00ab\nOGF\u00a0\u00bb situ\u00e9 au 2 Chemin du Vieux Moulin, 69160\nTassin-la-Demi-Lune\n69_Pr\u00e9f_Pr\u00e9fecture du Rh\u00f4ne - 69-2026-01-20-00007 - habilitation dans le domaine fun\u00e9raire : Sas \u00ab OGF\u00a0\u00bb situ\u00e9 au 2 Chemin du Vieux\nMoulin, 69160 Tassin-la-Demi-Lune 15\nPREFETEDU RHONELibert\u00e9Egalit\u00e9Fraternit\u00e9\nDirection des Affaires Juridiques\net de l'Administration Locale\nBureau des r\u00e9glementations,\ndes \u00e9lections et des associations\nAffaire suivie par : DLP\nT\u00e9l. : 04 72 61 61 29\nCourriel : pref-funeraire@rhone.gouv.fr\nArr\u00eat\u00e9 pr\u00e9fectoral n\u00b0 69-2026-         x                        \nportant habilitation dans le domaine fun\u00e9raire\nLa Pr\u00e9f\u00e8te de la R\u00e9gion Auvergne-Rh\u00f4ne-Alpes,\nPr\u00e9f\u00e8te de la Zone de d\u00e9fense et de s\u00e9curit\u00e9 sud-est,\nPr\u00e9f\u00e8te du Rh\u00f4ne,\nCommandeur de la L\u00e9gion d'honneur,\nCommandeur de l'ordre national du M\u00e9rite,\nVU le  code g\u00e9n\u00e9ral des collectivit\u00e9s territoriales, notamment ses articles L.2223-23 et R.2223-23-5 et\nsuivants ;\nVU la loi n\u00b0 93-23 du 8 janvier 1993 modifiant le titre VI du livre III du code des communes et relative \u00e0 la\nl\u00e9gislation dans le domaine fun\u00e9raire ;\nVU le dossier de demande d'habilitation r\u00e9ceptionn\u00e9 en pr\u00e9fecture le 07 novembre 2025 et compl\u00e9t\u00e9 le\n05  d\u00e9cembre  2025,  pr\u00e9sent\u00e9  par  Monsieur  Christophe  NEVEUX,  repr\u00e9sentant  la  SAS  OGF,  pour\nl'\u00e9tablissement secondaire situ\u00e9 2 Chemin du Vieux Moulin, 69160 Tassin-la-Demi-Lune et dont l'enseigne\nest \u00ab PFG \u2013 SERVICES FUN\u00c9RAIRES \u00bb;\nSur proposition de Madame la Directrice des Affaires Juridiques et de l'Administration Locale ;\nARR\u00caTE\nArticle     1     :   L'\u00e9tablissement secondaire de la Sas \u00ab OGF \u00bb situ\u00e9 au 2 Chemin du Vieux Moulin, 69160 Tassin-\nla-Demi-Lune , dont le responsable d'agence est Monsieur Christophe NEVEUX est habilit\u00e9 pour exercer\nsur l'ensemble du territoire national, l'activit\u00e9 fun\u00e9raire ci-apr\u00e8s :\n\u2022 Transport des corps avant et apr\u00e8s mise en bi\u00e8re en sous traitance\n\u2022 Soins de conservation en sous traitance\n\u2022 Gestion et utilisation des chambres fun\u00e9raires\nArticle     2     :   La dur\u00e9e de la pr\u00e9sente habilitation d\u00e9livr\u00e9e sous le n\u00b026-69-0756 est fix\u00e9e \u00e0 cinq ans.\nPr\u00e9fecture du Rh\u00f4ne\n18 Rue de Bonnel\n69 419 LYON CEDEX 03\nT\u00e9l : 04 72 61 61 61\nwww.rhone.gouv.fr\n1/2\n69_Pr\u00e9f_Pr\u00e9fecture du Rh\u00f4ne - 69-2026-01-20-00007 - habilitation dans le domaine fun\u00e9raire : Sas \u00ab OGF\u00a0\u00bb situ\u00e9 au 2 Chemin du Vieux\nMoulin, 69160 Tassin-la-Demi-Lune 16\nArticle     3     :   Le pr\u00e9sent arr\u00eat\u00e9 peut faire l'objet, dans un d\u00e9lai de 2 mois \u00e0 compter de sa publication, d'un\nrecours contentieux aupr\u00e8s du Tribunal Administratif de Lyon, 184 rue Duguesclin 69433 Lyon Cedex 03\nou sur le site www.telerecours.fr.\nArticle     4     :   Le pr\u00e9sent arr\u00eat\u00e9 sera publi\u00e9 au recueil des actes administratifs de la pr\u00e9fecture du Rh\u00f4ne. \nFait \u00e0 Lyon, LE 20 janvier 2026\n__\n__________\nPour La Pr\u00e9f\u00e8te,\nla directrice des affaires juridiques\net de l'administration locale\nLucie RIGAUX\n2/2\n69_Pr\u00e9f_Pr\u00e9fecture du Rh\u00f4ne - 69-2026-01-20-00007 - habilitation dans le domaine fun\u00e9raire : Sas \u00ab OGF\u00a0\u00bb situ\u00e9 au 2 Chemin du Vieux\nMoulin, 69160 Tassin-la-Demi-Lune 17\n69_Pr\u00e9f_Pr\u00e9fecture du Rh\u00f4ne\n69-2026-01-20-00006\nhabilitation dans le domaine fun\u00e9raire : Sas\n\u00ab\u00a0FUNECAP SUD EST\u00a0\u00bb situ\u00e9 au 1 rue du\ncimeti\u00e8re  69170 Tarare\n69_Pr\u00e9f_Pr\u00e9fecture du Rh\u00f4ne - 69-2026-01-20-00006 - habilitation dans le domaine fun\u00e9raire : Sas \u00ab\u00a0FUNECAP SUD EST\u00a0\u00bb situ\u00e9 au 1\nrue du cimeti\u00e8re  69170 Tarare 18\nPREFETEDU RHONELibert\u00e9Egalit\u00e9Fraternit\u00e9\nDirection des Affaires Juridiques\net de l'Administration Locale\nBureau des r\u00e9glementations,\ndes \u00e9lections et des associations\nAffaire suivie par : DLP\nT\u00e9l. : 04 72 61 61 29\nCourriel : pref-funeraire@rhone.gouv.fr\nArr\u00eat\u00e9 pr\u00e9fectoral n\u00b0 69-2026-         x                        \nportant habilitation dans le domaine fun\u00e9raire\nLa Pr\u00e9f\u00e8te de la R\u00e9gion Auvergne-Rh\u00f4ne-Alpes,\nPr\u00e9f\u00e8te de la Zone de d\u00e9fense et de s\u00e9curit\u00e9 sud-est,\nPr\u00e9f\u00e8te du Rh\u00f4ne,\nCommandeur de la L\u00e9gion d'honneur,\nCommandeur de l'ordre national du M\u00e9rite,\nVU le  code g\u00e9n\u00e9ral des collectivit\u00e9s territoriales, notamment ses articles L.2223-23 et R.2223-23-5 et\nsuivants ;\nVU la loi n\u00b0 93-23 du 8 janvier 1993 modifiant le titre VI du livre III du code des communes et relative \u00e0 la\nl\u00e9gislation dans le domaine fun\u00e9raire ;\nVU le dossier de demande d'habilitation r\u00e9ceptionn\u00e9 en pr\u00e9fecture le 27 octobre 2025 et compl\u00e9t\u00e9 le 28\nnovembre 2025, pr\u00e9sent\u00e9 par Monsieur Yann GUILLOUET, responsable la Sas \u00ab FUNECAP SUD EST \u00bb, pour\nl'\u00e9tablissement secondaire situ\u00e9 1 rue du cimeti\u00e8re 69170 Tarare et dont l'enseigne est \u00ab ROC ECLERC \u00bb;\nSur proposition de Madame la Directrice des Affaires Juridiques et de l'Administration Locale ;\nARR\u00caTE\nArticle     1     :   L'\u00e9tablissement secondaire de la Sas \u00ab  FUNECAP SUD EST  \u00bb situ\u00e9 au 1 rue du cimeti\u00e8re  69170\nTarare,  dont le responsable est  Monsieur  Yann GUILLOUET est habilit\u00e9 pour exercer sur l'ensemble du\nterritoire national, l'activit\u00e9 fun\u00e9raire ci-apr\u00e8s :\n\u2022 Transport des corps avant et apr\u00e8s mise en bi\u00e8re en sous traitance\n\u2022 Organisation des obs\u00e8ques\n\u2022 Soins de conservation en sous traitance\n\u2022 Fourniture des housses, des cercueils et de leurs accessoires int\u00e9rieurs et ext\u00e9rieurs ainsi que des urnes\ncin\u00e9raires\n\u2022 Fourniture des corbillards et des voitures de deuil\n\u2022 Fourniture de personnel et des objets, et prestations n\u00e9cessaires aux obs\u00e8ques pour inhumations,\nexhumations et \u00e0 la cr\u00e9mation, en sous traitance.\nPr\u00e9fecture du Rh\u00f4ne\n18 Rue de Bonnel\n69 419 LYON CEDEX 03\nT\u00e9l : 04 72 61 61 61\nwww.rhone.gouv.fr\n1/2\n69_Pr\u00e9f_Pr\u00e9fecture du Rh\u00f4ne - 69-2026-01-20-00006 - habilitation dans le domaine fun\u00e9raire : Sas \u00ab\u00a0FUNECAP SUD EST\u00a0\u00bb situ\u00e9 au 1\nrue du cimeti\u00e8re  69170 Tarare 19\nArticle     2     :   La dur\u00e9e de la pr\u00e9sente habilitation d\u00e9livr\u00e9e sous le n\u00b026-69-0755 est fix\u00e9e \u00e0 cinq ans.\nArticle     3     :   Le pr\u00e9sent arr\u00eat\u00e9 peut faire l'objet, dans un d\u00e9lai de 2 mois \u00e0 compter de sa publication, d'un\nrecours contentieux aupr\u00e8s du Tribunal Administratif de Lyon, 184 rue Duguesclin 69433 Lyon Cedex 03\nou sur le site www.telerecours.fr.\nArticle     4     :   Le pr\u00e9sent arr\u00eat\u00e9 sera publi\u00e9 au recueil des actes administratifs de la pr\u00e9fecture du Rh\u00f4ne. \nFait \u00e0 Lyon, le 20 janvier 2026\n__\n__________\nPour La Pr\u00e9f\u00e8te,\nla directrice des affaires juridiques\net de l'administration locale\nLucie RIGAUX\n2/2\n69_Pr\u00e9f_Pr\u00e9fecture du Rh\u00f4ne - 69-2026-01-20-00006 - habilitation dans le domaine fun\u00e9raire : Sas \u00ab\u00a0FUNECAP SUD EST\u00a0\u00bb situ\u00e9 au 1\nrue du cimeti\u00e8re  69170 Tarare 20\n69_Pr\u00e9f_Pr\u00e9fecture du Rh\u00f4ne\n69-2026-01-20-00009\nhabilitation dans le domaine fun\u00e9raire : SAS\n\u00ab\u00a0OGF Services Fun\u00e9raires\u00a0\u00bb situ\u00e9 au 26 rue de\nl'\u00e9galit\u00e9 69800 Saint-Priest\n69_Pr\u00e9f_Pr\u00e9fecture du Rh\u00f4ne - 69-2026-01-20-00009 - habilitation dans le domaine fun\u00e9raire : SAS \u00ab\u00a0OGF Services Fun\u00e9raires\u00a0\u00bb situ\u00e9\nau 26 rue de l'\u00e9galit\u00e9 69800 Saint-Priest 21\nPREFETEDU RHONELibert\u00e9Egalit\u00e9Fraternit\u00e9\nDirection des Affaires Juridiques\net de l'Administration Locale\nBureau des r\u00e9glementations,\ndes \u00e9lections et des associations\nAffaire suivie par : DLP\nT\u00e9l. : 04 72 61 61 29\nCourriel : pref-funeraire@rhone.gouv.fr\nArr\u00eat\u00e9 pr\u00e9fectoral n\u00b0 69-2026-         x                        \nportant habilitation dans le domaine fun\u00e9raire\nLa Pr\u00e9f\u00e8te de la R\u00e9gion Auvergne-Rh\u00f4ne-Alpes,\nPr\u00e9f\u00e8te de la Zone de d\u00e9fense et de s\u00e9curit\u00e9 sud-est,\nPr\u00e9f\u00e8te du Rh\u00f4ne,\nCommandeur de la L\u00e9gion d'honneur,\nCommandeur de l'ordre national du M\u00e9rite,\nVU le  code g\u00e9n\u00e9ral des collectivit\u00e9s territoriales, notamment ses articles L.2223-23 et R.2223-23-5 et\nsuivants ;\nVU la loi n\u00b0 93-23 du 8 janvier 1993 modifiant le titre VI du livre III du code des communes et relative \u00e0 la\nl\u00e9gislation dans le domaine fun\u00e9raire ;\nVU le dossier de demande de renouvellement d'habilitation r\u00e9ceptionn\u00e9 en pr\u00e9fecture le 07 novembre\n2025 et compl\u00e9t\u00e9 le 22 d\u00e9cembre 2025, pr\u00e9sent\u00e9 par Monsieur Christophe NEVEUX, repr\u00e9sentant la SAS\n\u00ab OGF \u2013 Services Fun\u00e9raires \u00bb, pour l'\u00e9tablissement secondaire situ\u00e9 26 rue de l'\u00e9galit\u00e9 69800 Saint-Priest\net dont l'enseigne est \u00ab PFG \u2013 SERVICES FUN\u00c9RAIRES \u00bb ;\nSur proposition de Madame la Directrice des Affaires Juridiques et de l'Administration Locale ;\nARR\u00caTE\nArticle     1     :   L'\u00e9tablissement  secondaire de  la SAS \u00ab  OGF Services Fun\u00e9raires  \u00bb situ\u00e9  au  26 rue de l'\u00e9galit\u00e9\n69800 Saint-Priest ,  dont le responsable est  Monsieur Christophe NEVEUX  est habilit\u00e9 pour exercer sur\nl'ensemble du territoire national, l'activit\u00e9 fun\u00e9raire ci-apr\u00e8s :\n\u2022 Transport des corps avant et apr\u00e8s mise en bi\u00e8re\n\u2022 Organisation des obs\u00e8ques\n\u2022 Soins de conservation en sous-traitance\n\u2022 Fourniture des housses, des cercueils et de leurs accessoires int\u00e9rieurs et ext\u00e9rieurs ainsi que des urnes\ncin\u00e9raires\n\u2022 Gestion et utilisation des chambres fun\u00e9raires\n\u2022 Fourniture des corbillards et des voitures de deuil\nPr\u00e9fecture du Rh\u00f4ne\n18 Rue de Bonnel\n69 419 LYON CEDEX 03\nT\u00e9l : 04 72 61 61 61\nwww.rhone.gouv.fr\n1/2\n69_Pr\u00e9f_Pr\u00e9fecture du Rh\u00f4ne - 69-2026-01-20-00009 - habilitation dans le domaine fun\u00e9raire : SAS \u00ab\u00a0OGF Services Fun\u00e9raires\u00a0\u00bb situ\u00e9\nau 26 rue de l'\u00e9galit\u00e9 69800 Saint-Priest 22\n\u2022 Fournitures  de  personnel  et  des  objets,  et  prestations  n\u00e9cessaires  aux  obs\u00e8ques,  inhumations,\nexhumations et \u00e0 la cr\u00e9mation.\nArticle     2     :   La dur\u00e9e de la pr\u00e9sente habilitation d\u00e9livr\u00e9e sous le n\u00b026-69-0758 est fix\u00e9e \u00e0 cinq ans.\nArticle     3     :   Le pr\u00e9sent arr\u00eat\u00e9 peut faire l'objet, dans un d\u00e9lai de 2 mois \u00e0 compter de sa publication, d'un\nrecours contentieux aupr\u00e8s du Tribunal Administratif de Lyon, 184 rue Duguesclin 69433 Lyon Cedex 03\nou sur le site www.telerecours.fr.\nArticle     4     :   Le pr\u00e9sent arr\u00eat\u00e9 sera publi\u00e9 au recueil des actes administratifs de la pr\u00e9fecture du Rh\u00f4ne. \nFait \u00e0 Lyon, le 20 janvier 2026\n_\n__________\nPour La Pr\u00e9f\u00e8te,\nla directrice des affaires juridiques\net de l'administration locale\nLucie RIGAUX\n2/2\n69_Pr\u00e9f_Pr\u00e9fecture du Rh\u00f4ne - 69-2026-01-20-00009 - habilitation dans le domaine fun\u00e9raire : SAS \u00ab\u00a0OGF Services Fun\u00e9raires\u00a0\u00bb situ\u00e9\nau 26 rue de l'\u00e9galit\u00e9 69800 Saint-Priest 23\n69_Pr\u00e9f_Pr\u00e9fecture du Rh\u00f4ne\n69-2026-01-20-00005\nhabilitation dans le domaine fun\u00e9raire : SAS\n\u00ab\u00a0OGF Services Fun\u00e9raires\u00a0\u00bb situ\u00e9 au 561 route\nnationale 6, 69400 Arnas\n69_Pr\u00e9f_Pr\u00e9fecture du Rh\u00f4ne - 69-2026-01-20-00005 - habilitation dans le domaine fun\u00e9raire : SAS \u00ab\u00a0OGF Services Fun\u00e9raires\u00a0\u00bb situ\u00e9\nau 561 route nationale 6, 69400 Arnas 24\nPREFETEDU RHONELibert\u00e9Egalit\u00e9Fraternit\u00e9\nDirection des Affaires Juridiques\net de l'Administration Locale\nBureau des r\u00e9glementations,\ndes \u00e9lections et des associations\nAffaire suivie par : DLP\nT\u00e9l. : 04 72 61 61 29\nCourriel : pref-funeraire@rhone.gouv.fr\nArr\u00eat\u00e9 pr\u00e9fectoral n\u00b0 69-2026-         x                        \nportant habilitation dans le domaine fun\u00e9raire\nLa Pr\u00e9f\u00e8te de la R\u00e9gion Auvergne-Rh\u00f4ne-Alpes,\nPr\u00e9f\u00e8te de la Zone de d\u00e9fense et de s\u00e9curit\u00e9 sud-est,\nPr\u00e9f\u00e8te du Rh\u00f4ne,\nCommandeur de la L\u00e9gion d'honneur,\nCommandeur de l'ordre national du M\u00e9rite,\nVU le  code g\u00e9n\u00e9ral des collectivit\u00e9s territoriales, notamment ses articles L.2223-23 et R.2223-23-5 et\nsuivants ;\nVU la loi n\u00b0 93-23 du 8 janvier 1993 modifiant le titre VI du livre III du code des communes et relative \u00e0 la\nl\u00e9gislation dans le domaine fun\u00e9raire ;\nVU le dossier de demande de renouvellement d'habilitation r\u00e9ceptionn\u00e9 en pr\u00e9fecture le  04 octobre\n2025 et compl\u00e9t\u00e9 le 09 d\u00e9cembre 2025, pr\u00e9sent\u00e9 par Monsieur Laurent BLANCHARD, g\u00e9rant de  la SAS\n\u00ab OGF Services Fun\u00e9raires \u00bb, pour l'\u00e9tablissement secondaire situ\u00e9  561 route nationale 6, 69400 Arnas ;\nSur proposition de Madame la Directrice des Affaires Juridiques et de l'Administration Locale ;\nARR\u00caTE\nArticle     1     :   L'\u00e9tablissement secondaire de la SAS \u00ab  OGF Services Fun\u00e9raires  \u00bb situ\u00e9 au 561 route nationale\n6, 69400 Arnas, dont le gerant est Monsieur Laurent BLANCHARD est habilit\u00e9 pour exercer sur l'ensemble\ndu territoire national, l'activit\u00e9 fun\u00e9raire ci-apr\u00e8s :\n\u2022 Transport des corps avant et apr\u00e8s mise en bi\u00e8re\n\u2022 Organisation des obs\u00e8ques\n\u2022 Soins de conservation en sous-traitance\n\u2022 Fourniture des housses, des cercueils et de leurs accessoires int\u00e9rieurs et ext\u00e9rieurs ainsi que des urnes\ncin\u00e9raires\n\u2022 Gestion et utilisation des chambres fun\u00e9raires\n\u2022 Fourniture de corbillards et des voitures de deuil\n\u2022 Fournitures  de  personnel  et  des  objets,  et  prestations  n\u00e9cessaires  aux  obs\u00e8ques,  inhumations,\nexhumations et \u00e0 la cr\u00e9mation en sous-traitance.\nPr\u00e9fecture du Rh\u00f4ne\n18 Rue de Bonnel\n69 419 LYON CEDEX 03\nT\u00e9l : 04 72 61 61 61\nwww.rhone.gouv.fr\n1/2\n69_Pr\u00e9f_Pr\u00e9fecture du Rh\u00f4ne - 69-2026-01-20-00005 - habilitation dans le domaine fun\u00e9raire : SAS \u00ab\u00a0OGF Services Fun\u00e9raires\u00a0\u00bb situ\u00e9\nau 561 route nationale 6, 69400 Arnas 25\nArticle     2     :   La dur\u00e9e de la pr\u00e9sente habilitation d\u00e9livr\u00e9e sous le n\u00b025-69-0754 est fix\u00e9e \u00e0 cinq ans.\nArticle     3     :   Le pr\u00e9sent arr\u00eat\u00e9 peut faire l'objet, dans un d\u00e9lai de 2 mois \u00e0 compter de sa publication, d'un\nrecours contentieux aupr\u00e8s du Tribunal Administratif de Lyon, 184 rue Duguesclin 69433 Lyon Cedex 03\nou sur le site www.telerecours.fr.\nArticle     4     :   Le pr\u00e9sent arr\u00eat\u00e9 sera publi\u00e9 au recueil des actes administratifs de la pr\u00e9fecture du Rh\u00f4ne. \nFait \u00e0 Lyon, le 20 janvier 2026\n__\n__________\nPour La Pr\u00e9f\u00e8te,\nla directrice des affaires juridiques\net de l'administration locale\nLucie RIGAUX\n2/2\n69_Pr\u00e9f_Pr\u00e9fecture du Rh\u00f4ne - 69-2026-01-20-00005 - habilitation dans le domaine fun\u00e9raire : SAS \u00ab\u00a0OGF Services Fun\u00e9raires\u00a0\u00bb situ\u00e9\nau 561 route nationale 6, 69400 Arnas 26\n69_Pr\u00e9f_Pr\u00e9fecture du Rh\u00f4ne\n69-2026-01-20-00004\nhabilitation dans le domaine fun\u00e9raire : SAS\n\u00ab\u00a0OGF Services Fun\u00e9raires\u00a0\u00bb situ\u00e9 au 644 rue\nnationale 69400 Villefranche-sur-Sa\u00f4ne\n69_Pr\u00e9f_Pr\u00e9fecture du Rh\u00f4ne - 69-2026-01-20-00004 - habilitation dans le domaine fun\u00e9raire : SAS \u00ab\u00a0OGF Services Fun\u00e9raires\u00a0\u00bb situ\u00e9\nau 644 rue nationale 69400 Villefranche-sur-Sa\u00f4ne 27\nPREFETEDU RHONELibert\u00e9Egalit\u00e9Fraternit\u00e9\nDirection des Affaires Juridiques\net de l'Administration Locale\nBureau des r\u00e9glementations,\ndes \u00e9lections et des associations\nAffaire suivie par : DLP\nT\u00e9l. : 04 72 61 61 29\nCourriel : pref-funeraire@rhone.gouv.fr\nArr\u00eat\u00e9 pr\u00e9fectoral n\u00b0 69-2026-         x                        \nportant habilitation dans le domaine fun\u00e9raire\nLa Pr\u00e9f\u00e8te de la R\u00e9gion Auvergne-Rh\u00f4ne-Alpes,\nPr\u00e9f\u00e8te de la Zone de d\u00e9fense et de s\u00e9curit\u00e9 sud-est,\nPr\u00e9f\u00e8te du Rh\u00f4ne,\nCommandeur de la L\u00e9gion d'honneur,\nCommandeur de l'ordre national du M\u00e9rite,\nVU le  code g\u00e9n\u00e9ral des collectivit\u00e9s territoriales, notamment ses articles L.2223-23 et R.2223-23-5 et\nsuivants ;\nVU la loi n\u00b0 93-23 du 8 janvier 1993 modifiant le titre VI du livre III du code des communes et relative \u00e0 la\nl\u00e9gislation dans le domaine fun\u00e9raire ;\nVU le dossier de demande de renouvellement d'habilitation r\u00e9ceptionn\u00e9 en pr\u00e9fecture le  04 octobre\n2025 et compl\u00e9t\u00e9 le 09 d\u00e9cembre 2025, pr\u00e9sent\u00e9 par Monsieur Laurent BLANCHARD, g\u00e9rant de  la SAS\n\u00ab OGF Services Fun\u00e9raires  \u00bb, pour l'\u00e9tablissement secondaire situ\u00e9 644 rue nationale 69400 Villefranche-\nsur-Sa\u00f4ne;\nSur proposition de Madame la Directrice des Affaires Juridiques et de l'Administration Locale ;\nARR\u00caTE\nArticle     1     :   L'\u00e9tablissement  secondaire de  la SAS \u00ab  OGF Services Fun\u00e9raires  \u00bb situ\u00e9  au  644 rue nationale\n69400 Villefranche-sur-Sa\u00f4ne, dont le gerant est Monsieur Laurent BLANCHARD est habilit\u00e9 pour exercer\nsur l'ensemble du territoire national, l'activit\u00e9 fun\u00e9raire ci-apr\u00e8s :\n\u2022 Transport des corps avant et apr\u00e8s mise en bi\u00e8re\n\u2022 Organisation des obs\u00e8ques\n\u2022 Soins de conservation en sous-traitance\n\u2022 Fourniture des housses, des cercueils et de leurs accessoires int\u00e9rieurs et ext\u00e9rieurs ainsi que des urnes\ncin\u00e9raires\n\u2022 Fourniture de corbillards et des voitures de deuil\n\u2022 Fournitures  de  personnel  et  des  objets,  et  prestations  n\u00e9cessaires  aux  obs\u00e8ques,  inhumations,\nexhumations et \u00e0 la cr\u00e9mation en sous-traitance.\nPr\u00e9fecture du Rh\u00f4ne\n18 Rue de Bonnel\n69 419 LYON CEDEX 03\nT\u00e9l : 04 72 61 61 61\nwww.rhone.gouv.fr\n1/2\n69_Pr\u00e9f_Pr\u00e9fecture du Rh\u00f4ne - 69-2026-01-20-00004 - habilitation dans le domaine fun\u00e9raire : SAS \u00ab\u00a0OGF Services Fun\u00e9raires\u00a0\u00bb situ\u00e9\nau 644 rue nationale 69400 Villefranche-sur-Sa\u00f4ne 28\nArticle     2     :   La dur\u00e9e de la pr\u00e9sente habilitation d\u00e9livr\u00e9e sous le n\u00b025-69-0753 est fix\u00e9e \u00e0 cinq ans.\nArticle     3     :   Le pr\u00e9sent arr\u00eat\u00e9 peut faire l'objet, dans un d\u00e9lai de 2 mois \u00e0 compter de sa publication, d'un\nrecours contentieux aupr\u00e8s du Tribunal Administratif de Lyon, 184 rue Duguesclin 69433 Lyon Cedex 03\nou sur le site www.telerecours.fr.\nArticle     4     :   Le pr\u00e9sent arr\u00eat\u00e9 sera publi\u00e9 au recueil des actes administratifs de la pr\u00e9fecture du Rh\u00f4ne. \nFait \u00e0 Lyon, le 20 janvier 2026\n__\n__________\nPour La Pr\u00e9f\u00e8te,\nla directrice des affaires juridiques\net de l'administration locale\nLucie RIGAUX\n2/2\n69_Pr\u00e9f_Pr\u00e9fecture du Rh\u00f4ne - 69-2026-01-20-00004 - habilitation dans le domaine fun\u00e9raire : SAS \u00ab\u00a0OGF Services Fun\u00e9raires\u00a0\u00bb situ\u00e9\nau 644 rue nationale 69400 Villefranche-sur-Sa\u00f4ne 29\n69_Pr\u00e9f_Pr\u00e9fecture du Rh\u00f4ne\n69-2026-01-20-00011\ninstitution de la commission de recensement des\nvotes dans le cadre du renouvellement des\nconseillers m\u00e9tropolitains de Lyon des 15 et 22\nmars 2026\n69_Pr\u00e9f_Pr\u00e9fecture du Rh\u00f4ne - 69-2026-01-20-00011 - institution de la commission de recensement des votes dans le cadre du\nrenouvellement des conseillers m\u00e9tropolitains de Lyon des 15 et 22 mars 2026 30\nPREFETEDU RHONELibert\u00e9Egalit\u00e9Fraternit\u00e9\nDirection des Affaires Juridiques\net de l'Administration Locale\nBureau des r\u00e9glementations,\ndes \u00e9lections et des associations\nArr\u00eat\u00e9 pr\u00e9fectoral n\u00b0 69-2026-01\nrelatif \u00e0 l'institution de la commission de recensement des votes dans le cadre du renouvellement des\nconseillers m\u00e9tropolitains de Lyon des 15 et 22 mars 2026\nLa Pr\u00e9f\u00e8te de la r\u00e9gion Auvergne-Rh\u00f4ne-Alpes\nPr\u00e9f\u00e8te du Rh\u00f4ne\nCommandeur de la L\u00e9gion d'honneur\nCommandeur de l'ordre national du M\u00e9rite\nVU le Code \u00e9lectoral et notamment les articles L.224-28, R.117-1-6 \u00e0 R.117-1-9 ;\nVU le d\u00e9cret n\u00b02025-848 du 27 ao\u00fbt 2025 fixant la  date du renouvellement des conseillers municipaux et\ncommunautaires,  des  conseillers  m\u00e9tropolitains  de  Lyon,  des  conseillers  de  Paris  et  des  conseillers\nd'arrondissement de Paris, Lyon et Marseille et portant convocation des \u00e9lecteurs ;\nVU les d\u00e9signations faites par la premi\u00e8re Pr\u00e9sidente de la cour d'appel de Lyon ;\nVU la proposition du Pr\u00e9sident de la M\u00e9tropole de Lyon ;\nSur proposition du Pr\u00e9fet, Secr\u00e9taire g\u00e9n\u00e9ral, Pr\u00e9fet d\u00e9l\u00e9gu\u00e9 pour l'\u00e9galit\u00e9 des chances ;\nARR\u00caTE :\nArticle 1er  : I l est institu\u00e9, dans le d\u00e9partement du Rh\u00f4ne, \u00e0 l'occasion des \u00e9lections des conseillers\nm\u00e9tropolitains de Lyon des 15 et 22 mars 2026,  une commission de recensement des votes comp\u00e9tente\npour les quatorze circonscriptions m\u00e9tropolitaines de la M\u00e9tropole de Lyon,  dont la composition est\nd\u00e9taill\u00e9e dans le tableau en annexe du pr\u00e9sent arr\u00eat\u00e9.\nArticle 2 : La commission se r\u00e9unira, pour le premier tour, le lundi 16 mars 2026, \u00e0 partir de 6h30 et, pour\nle second tour, le lundi 23 mars 2026, \u00e0 parti r de 8h00,  \u00e0 la pr\u00e9fecture du Rh\u00f4ne \u2013 18 rue de Bonnel \u2013\n69 003 Lyon \u2212 b\u00e2timent Libert\u00e9 \u2013 salle Jean Moulin.\nArticle 3 : Le pr\u00e9sent arr\u00eat\u00e9 peut faire l'objet d'un recours devant le Tribunal administratif de Lyon \u2013 184\nrue Duguesclin \u2013 69  433 Lyon cedex 03 ou sur le site www.telerecours.fr, dans un d\u00e9lai de deux mois \u00e0\ncompter de sa publication au recueil des actes administratifs de la pr\u00e9fecture du Rh\u00f4ne.\nArticle  4 :  Le  Pr\u00e9fet,  Secr\u00e9taire  g\u00e9n\u00e9ral,  Pr\u00e9fet  d\u00e9l\u00e9gu\u00e9  pour  l'\u00e9galit\u00e9  des  chances  est  charg\u00e9  de\nl'ex\u00e9cution du pr\u00e9sent arr\u00eat\u00e9 qui sera publi\u00e9 au recueil des actes administratifs.\nLyon, le 20 janvier 2026\nPour La Pr\u00e9f\u00e8te,\nl Le pr\u00e9fet secr\u00e9taire g\u00e9n\u00e9ral\npr\u00e9fet d\u00e9l\u00e9gu\u00e9 pour l'\u00e9galit\u00e9 des chances\nFabrice ROSAY\nPr\u00e9fecture du Rh\u00f4ne\n18 Rue de Bonnel\n69 419 LYON CEDEX 03\nT\u00e9l : 04 72 61 61 61\nwww.rhone.gouv.fr\n1/2\n69_Pr\u00e9f_Pr\u00e9fecture du Rh\u00f4ne - 69-2026-01-20-00011 - institution de la commission de recensement des votes dans le cadre du\nrenouvellement des conseillers m\u00e9tropolitains de Lyon des 15 et 22 mars 2026 31\nAnnexe \u00e0 l'arr\u00eat\u00e9 pr\u00e9fectoral n\u00b0 69-2026-01\nrelatif \u00e0 l'institution de la commission de recensement des votes dans le cadre du renouvellement des\nconseillers m\u00e9tropolitains de Lyon des 15 et 22 mars 2026\n1er tour de scrutin 2nd tour de scrutin\nPr\u00e9sident\nTitulaire Fr\u00e9d\u00e9ric VUE\nJuge du tribunal judiciaire de Lyon Titulaire\nAxelle LE BOULICAUT\nVice-Pr\u00e9sidente du tribunal judiciaire de\nLyon\nSuppl\u00e9ant Fr\u00e9d\u00e9rique CHOVET\nJuge du tribunal judiciaire de Lyon Suppl\u00e9ant No\u00e9mie MARCEL\nJuge du tribunal judiciaire de Lyon\nMembres\nTitulaire Blandine COLLIN\nConseill\u00e8re m\u00e9tropolitaine Titulaire Blandine COLLIN\nConseill\u00e8re m\u00e9tropolitaine\nSuppl\u00e9ant Jean-Claude RAY\nConseiller m\u00e9tropolitain Suppl\u00e9ant Jean-Claude RAY\nConseiller m\u00e9tropolitain\nTitulaire\nJamal BENZIK\nChef du bureau des r\u00e9glementations,\ndes \u00e9lections et des associations \u00e0 la\npr\u00e9fecture du Rh\u00f4ne\nTitulaire\nJamal BENZIK\nChef du bureau des r\u00e9glementations,\ndes \u00e9lections et des associations \u00e0 la\npr\u00e9fecture du Rh\u00f4ne\nSuppl\u00e9ant\nDelphine LOPEZ-PERSAT\nAdjointe au chef du bureau des\nr\u00e9glementations, des \u00e9lections et des\nassociations \u00e0 la pr\u00e9fecture du Rh\u00f4ne\nSuppl\u00e9ant\nDelphine LOPEZ-PERSAT\nAdjointe au chef du bureau des\nr\u00e9glementations, des \u00e9lections et des\nassociations \u00e0 la pr\u00e9fecture du Rh\u00f4ne\n2/2\n69_Pr\u00e9f_Pr\u00e9fecture du Rh\u00f4ne - 69-2026-01-20-00011 - institution de la commission de recensement des votes dans le cadre du\nrenouvellement des conseillers m\u00e9tropolitains de Lyon des 15 et 22 mars 2026 32\n69_Pr\u00e9f_Pr\u00e9fecture du Rh\u00f4ne\n69-2026-01-20-00010\ninstitution des commissions de propagande \u00e0\nl'occasion du renouvellement des conseillers\nmunicipaux et communautaires et des\nconseillers m\u00e9tropolitains de Lyon, des 15 et 22\nmars 2026\n69_Pr\u00e9f_Pr\u00e9fecture du Rh\u00f4ne - 69-2026-01-20-00010 - institution des commissions de propagande \u00e0 l'occasion du renouvellement des\nconseillers municipaux et communautaires et des conseillers m\u00e9tropolitains de Lyon, des 15 et 22 mars 2026 33\nPREFETEDU RHONELibert\u00e9Egalit\u00e9Fraternit\u00e9\nDirection des Affaires Juridiques\net de l'Administration Locale\nBureau des r\u00e9glementations,\ndes \u00e9lections et des associations\nArr\u00eat\u00e9 pr\u00e9fectoral n\u00b0 69-2026-01\nrelatif \u00e0 l'institution des commissions de propagande \u00e0 l'occasion du renouvellement des conseillers municipaux et\ncommunautaires et des conseillers m\u00e9tropolitains de Lyon, des 15 et 22 mars 2026\nLa Pr\u00e9f\u00e8te de la r\u00e9gion Auvergne-Rh\u00f4ne-Alpes\nPr\u00e9f\u00e8te du Rh\u00f4ne\nCommandeur de la L\u00e9gion d'honneur\nCommandeur de l'ordre national du M\u00e9rite\nVU le Code \u00e9lectoral, et notamment les articles L.241, L.224-23 et R.31 \u00e0 R.38 ;\nVU  le  d\u00e9cret  n\u00b02025-848  du  27  ao\u00fbt  2025  fixant  la  date  du  renouvellement  des  conseillers  municipaux  et\ncommunautaires, des conseillers m\u00e9tropolitains de Lyon, des conseillers de Paris et des conseillers d'arrondissement\nde Paris, Lyon et Marseille et portant convocation des \u00e9lecteurs ;\nVU les d\u00e9signations faites par la premi\u00e8re Pr\u00e9sidente de la cour d'appel de Lyon et par le Directeur d\u00e9partemental de\nLa Poste du Rh\u00f4ne ;\nSur proposition du Pr\u00e9fet, Secr\u00e9taire g\u00e9n\u00e9ral, Pr\u00e9fet d\u00e9l\u00e9gu\u00e9 pour l'\u00e9galit\u00e9 des chances ;\nARR\u00caTE :\nArticle  1er : Il  est  institu\u00e9,  sur  le  p\u00e9rim\u00e8tre  de  l'arrondissement  de  Lyon,  \u00e0  l'occasion  du  renouvellement  des\nconseillers municipaux et communautaires  et des conseillers m\u00e9tropolitains de Lyon des  15 et 22 mars 2026,  une\ncommission  de  propagande  comp\u00e9tente  pour  les  communes  de  2500  habitants  et  plus  ainsi  que  pour  les  14\ncirconscriptions m\u00e9tropolitaines de la M\u00e9tropole de Lyon, dont la composition est d\u00e9taill\u00e9e dans le tableau en\nannexe du pr\u00e9sent arr\u00eat\u00e9.\nCette commission se r\u00e9unira, pour le premier tour, le  vendredi 20 f\u00e9vrier 2026,  pour l'\u00e9lection des conseillers\nm\u00e9tropolitains et le vendredi 27 f\u00e9vrier 2026, pour l'\u00e9lection des conseillers municipaux et communautaires.\nElle se r\u00e9unira, pour le second tour, le mardi 17 mars 2026,  \u00e0 la fois pour l'\u00e9lection des conseillers m\u00e9tropolitains et\nl'\u00e9lection des conseillers municipaux et communautaires.\nArticle  2 :  Il  est  institu\u00e9,  sur  le  p\u00e9rim\u00e8tre  de  l'arrondissement  de  Villefranche-sur-Sa\u00f4ne,  \u00e0  l'occasion  du\nrenouvellement  des  conseillers  municipaux  et  communautaires des  15  et  22  mars  2026, une  commission  de\npropagande comp\u00e9tente pour les communes de 2500 habitants et plus, dont la composition est d\u00e9taill\u00e9e dans le\ntableau en annexe du pr\u00e9sent arr\u00eat\u00e9.\nCette commission se tiendra, pour le premier tour, le vendredi 27 f\u00e9vrier 2026  et, pour le second tour, le mardi 17\nmars 2026, pour l'\u00e9lection des conseillers municipaux et communautaires.\nArticle 3  : Le pr\u00e9sent arr\u00eat\u00e9 peut faire l'objet d'un recours devant le Tribunal administratif de Lyon \u2013 184 rue\nDuguesclin \u2013 69433 Lyon cedex 03 ou sur le site www.telerecours.fr, dans un d\u00e9lai de deux mois \u00e0 compter de sa\npublication au recueil des actes administratifs de la pr\u00e9fecture du Rh\u00f4ne.\nArticle 4  : Le Pr\u00e9fet, Secr\u00e9taire g\u00e9n\u00e9ral, Pr\u00e9fet d\u00e9l\u00e9gu\u00e9 pour l'\u00e9galit\u00e9 des chances est charg\u00e9 de l'ex\u00e9cution du\npr\u00e9sent arr\u00eat\u00e9 qui sera publi\u00e9 au recueil des actes administratifs.\nLyon, le 20 janvier 2026\nPour La Pr\u00e9f\u00e8te,\nle pr\u00e9fet secr\u00e9taire g\u00e9n\u00e9ral\nle pr\u00e9fet d\u00e9l\u00e9gu\u00e9 pour l'\u00e9galit\u00e9 des chances\nFabrice ROSAY\nPr\u00e9fecture du Rh\u00f4ne\n18 Rue de Bonnel\n69 419 LYON CEDEX 03\nT\u00e9l : 04 72 61 61 61\nwww.rhone.gouv.fr\n1/2\n69_Pr\u00e9f_Pr\u00e9fecture du Rh\u00f4ne - 69-2026-01-20-00010 - institution des commissions de propagande \u00e0 l'occasion du renouvellement des\nconseillers municipaux et communautaires et des conseillers m\u00e9tropolitains de Lyon, des 15 et 22 mars 2026 34\nAnnexe \u00e0 l'arr\u00eat\u00e9 pr\u00e9fectoral n\u00b0 69-2026-01\nrelatif \u00e0 l'institution des commissions de propagande \u00e0 l'occasion du renouvellement des conseillers\nmunicipaux et communautaires et des conseillers m\u00e9tropolitains de Lyon des 15 et 22 mars 2026\nArrondissement de Lyon\nComposition de la commission de propagande comp\u00e9tente\npour les communes de 2500 habitants et plus,\nainsi que pour les 14 circonscriptions m\u00e9tropolitaines de la M\u00e9tropole de Lyon\n1er tour de scrutin 2nd tour de scrutin\nPr\u00e9sident\nTitulaire\nMathilde JACOB\nVice Pr\u00e9sidente du tribunal judiciaire de\nLyon\nTitulaire\nErick MAGNIER\nPremier Vice-Pr\u00e9sident du tribunal\njudiciaire de Lyon\nSuppl\u00e9ant Florence GUTH\nJuge au tribunal judiciaire de Lyon\nSuppl\u00e9ant Pauline COMBER\nJuge au tribunal judiciaire de LyonSuppl\u00e9ant\nLise-Marie MILLIERE\nVice Pr\u00e9sidente du tribunal judiciaire de\nLyon\nMembres Titulaire\nJamal BENZIK\nChef du bureau des r\u00e9glementations,\ndes \u00e9lections et des associations, \u00e0 la\npr\u00e9fecture du Rh\u00f4ne\nTitulaire\nJamal BENZIK\nChef du bureau des r\u00e9glementations,\ndes \u00e9lections et des associations, \u00e0 la\npr\u00e9fecture du Rh\u00f4ne\nSuppl\u00e9ant\nDelphine LOPEZ-PERSAT\nAdjointe au Chef du bureau des\nr\u00e9glementations, des \u00e9lections et des\nassociations, \u00e0 la pr\u00e9fecture du Rh\u00f4ne\nSuppl\u00e9ant\nDelphine LOPEZ-PERSAT\nAdjointe au Chef du bureau des\nr\u00e9glementations, des \u00e9lections et des\nassociations, \u00e0 la pr\u00e9fecture du Rh\u00f4ne\nMembres Titulaire\nOlivier LUYAT\nrepr\u00e9sentant le Directeur\nd\u00e9partemental de La Poste\nTitulaire\nLaurent COLOMB\nrepr\u00e9sentant le Directeur\nd\u00e9partemental de La Poste\nSecr\u00e9taire Titulaire\nFatiha SAHLI\nCharg\u00e9e des \u00e9lections au bureau des\n\u00e9lections de la pr\u00e9fecture du Rh\u00f4ne\nTitulaire\nFatiha SAHLI\nCharg\u00e9e des \u00e9lections au bureau des\n\u00e9lections de la pr\u00e9fecture du Rh\u00f4ne\nArrondissement de Villefranche-sur-Sa\u00f4ne\nComposition de la commission de propagande comp\u00e9tente\npour les communes de 2500 habitants et plus\n1er tour de scrutin 2nd tour de scrutin\nPr\u00e9sident\nTitulaire Hortense LEVIEUX\nJuge au tribunal judiciaire de Lyon Titulaire\nFrance ROUZIER\nPr\u00e9sidente du tribunal judiciaire de\nVillefranche-sur-Sa\u00f4ne\nSuppl\u00e9ant C\u00e9cile CREPIN\nJuge au tribunal judiciaire de Lyon Suppl\u00e9ant\nEmeline LAMBERT\nJuge au tribunal judiciaire de\nVillefranche-sur-Sa\u00f4ne\nMembres\nTitulaire\nAlexandre TARDY\nChef du bureau de la r\u00e9glementation et\ndes s\u00e9curit\u00e9s \u00e0 la sous-pr\u00e9fecture de\nVillefranche-sur-Sa\u00f4ne\nTitulaire\nAlexandre TARDY\nChef du bureau de la r\u00e9glementation et\ndes s\u00e9curit\u00e9s \u00e0 la sous-pr\u00e9fecture de\nVillefranche-sur-Sa\u00f4ne\nSuppl\u00e9ant\nYann MASSON\nSecr\u00e9taire G\u00e9n\u00e9ral\nde la sous-pr\u00e9fecture de\nVillefranche-sur-Sa\u00f4ne\nSuppl\u00e9ant\nYann MASSON\nSecr\u00e9taire G\u00e9n\u00e9ral\nde la sous-pr\u00e9fecture de\nVillefranche-sur-Sa\u00f4ne\nTitulaire\nYohan JANNON\nrepr\u00e9sentant le Directeur\nD\u00e9partemental de La Poste\nTitulaire\nYohann JANNON\nrepr\u00e9sentant le Directeur\nD\u00e9partemental de La Poste\nSecr\u00e9taire Titulaire\nAnne-Charlotte ZATTARA\nCharg\u00e9e de la r\u00e9glementation, des\n\u00e9lections et des associations \u00e0 la sous-\npr\u00e9fecture de Villefranche-sur-Sa\u00f4ne\nTitulaire\nAnne-Charlotte ZATTARA\nCharg\u00e9e de la r\u00e9glementation, des\n\u00e9lections et des associations \u00e0 la sous-\npr\u00e9fecture de Villefranche-sur-Sa\u00f4ne\n2/2\n69_Pr\u00e9f_Pr\u00e9fecture du Rh\u00f4ne - 69-2026-01-20-00010 - institution des commissions de propagande \u00e0 l'occasion du renouvellement des\nconseillers municipaux et communautaires et des conseillers m\u00e9tropolitains de Lyon, des 15 et 22 mars 2026 35\n69_Pr\u00e9f_Pr\u00e9fecture du Rh\u00f4ne\n69-2026-01-20-00003\nrenouvellement de l'habilitation dans le domaine\nfun\u00e9raire : SAS Sas Centre Fun\u00e9raire\nAgglom\u00e9ration Villefranche Beaujolais Sa\u00f4ne\nsitu\u00e9 au 2740 route de Montmelas 69400 Gleiz\u00e9\n69_Pr\u00e9f_Pr\u00e9fecture du Rh\u00f4ne - 69-2026-01-20-00003 - renouvellement de l'habilitation dans le domaine fun\u00e9raire : SAS Sas Centre\nFun\u00e9raire Agglom\u00e9ration Villefranche Beaujolais Sa\u00f4ne situ\u00e9 au 2740 route de Montmelas 69400 Gleiz\u00e9 36\nPREFETEDU RHONELibert\u00e9Egalit\u00e9Fraternit\u00e9\nDirection des Affaires Juridiques\net de l'Administration Locale\nBureau des r\u00e9glementations,\ndes \u00e9lections et des associations\nAffaire suivie par : DLP\nT\u00e9l. : 04 72 61 61 29\nCourriel : pref-funeraire@rhone.gouv.fr\nArr\u00eat\u00e9 pr\u00e9fectoral n\u00b0 69-2026-                                             x\nportant renouvellement de l'habilitation dans le domaine fun\u00e9raire\nLa Pr\u00e9f\u00e8te de la R\u00e9gion Auvergne-Rh\u00f4ne-Alpes,\nPr\u00e9f\u00e8te de la Zone de d\u00e9fense et de s\u00e9curit\u00e9 sud-est,\nPr\u00e9f\u00e8te du Rh\u00f4ne,\nCommandeur de la L\u00e9gion d'honneur,\nCommandeur de l'ordre national du M\u00e9rite,\nVU le Code g\u00e9n\u00e9ral des collectivit\u00e9s territoriales, notamment ses articles L.2223-23 et R.2223-23-5 et suivants ;\nVU la loi n\u00b0 93-23 du 8 janvier 1993 modifiant le titre VI du livre III du code des communes et relative \u00e0 la l\u00e9gislation\ndans le domaine fun\u00e9raire ;\nVU le dossier de demande de renouvellement d'habilitation, r\u00e9ceptionn\u00e9 en pr\u00e9fecture le 06 mars 2025 et compl\u00e9t\u00e9\nle  12  d\u00e9cembre  2025, transmis par  M onsieur  Laurent  BLANCHARD, directeur  de  la  Sas  Centre  Fun\u00e9raire\nAgglom\u00e9ration Villefranche Beaujolais Sa\u00f4ne, pour l'\u00e9tablissement secondaire situ\u00e9 2740 route de Montmelas 69400\nGleiz\u00e9 ;\nSur proposition de Madame la Directrice des Affaires Juridiques et de l'Administration Locale ;\nARR\u00caTE\nArticle     1     :   L'\u00e9tablissement  secondaire de  la SAS  Sas Centre Fun\u00e9raire Agglom\u00e9ration Villefranche Beaujolais Sa\u00f4ne\nsitu\u00e9  au  2740 route de Montmelas 69400 Gleiz\u00e9 ,  dont le directeur est  Monsieur Laurent BLANCHARD  est habilit\u00e9\npour exercer sur l'ensemble du territoire national, l'activit\u00e9 fun\u00e9raire ci-apr\u00e8s :\n\u2022 Gestion et utilisation des chambres fun\u00e9raires\n\u2022 Gestion d'un cr\u00e9matorium.\nArticle     2     :   La dur\u00e9e de la pr\u00e9sente habilitation d\u00e9livr\u00e9e sous le num\u00e9ro 26-69-0759 est fix\u00e9e \u00e0 5 ans.\nArticle     3     :   Le pr\u00e9sent arr\u00eat\u00e9 peut faire l'objet, dans un d\u00e9lai de 2  mois \u00e0 compter de sa publication, d'un recours\ncontentieux aupr\u00e8s du Tribunal Administratif de Lyon, 184 rue Duguesclin 69  433 Lyon Cedex 03 ou sur  le site\nwww.telerecours.fr.\nArticle     4     :   Le pr\u00e9sent arr\u00eat\u00e9 sera publi\u00e9 au recueil des actes administratifs de la pr\u00e9fecture du Rh\u00f4ne. \nFait \u00e0 Lyon, le 20 janvier 2026\nPour La Pr\u00e9f\u00e8te,\nla directrice des affaires juridiques\net de l'administration locale\nLucie RIGAUX\nPr\u00e9fecture du Rh\u00f4ne\n18 Rue de Bonnel\n69 419 LYON CEDEX 03\nT\u00e9l : 04 72 61 61 61\nwww.rhone.gouv.fr\n1/1\n69_Pr\u00e9f_Pr\u00e9fecture du Rh\u00f4ne - 69-2026-01-20-00003 - renouvellement de l'habilitation dans le domaine fun\u00e9raire : SAS Sas Centre\nFun\u00e9raire Agglom\u00e9ration Villefranche Beaujolais Sa\u00f4ne situ\u00e9 au 2740 route de Montmelas 69400 Gleiz\u00e9 37","date":"2026-01-21","first_seen_on":"2026-01-21T15:38:52+00:00","id":"b7a6dd3a29c99bd60506cd270677dd88919efdfc9bcca42e0c51408f8bf66379","name":"RAA_69-2026-023-210126","pdf_creation_date":"2026-01-21T15:03:03+00:00","pdf_modification_date":"2026-01-21T15:03:46+00:00","timezone":"Europe/Paris","url":"https://www.rhone.gouv.fr/contenu/telechargement/67029/451071/file/RAA_69-2026-023-210126.pdf"}
