{"administration":"pref30","administration_name":"Pr\u00e9fecture du Gard","content":"PR\u00c9FET\nDU GARD\nRECUEIL DES ACTES\nADMINISTRATIFS SP\u00c9CIAL\nN\u00b030-2024-160\nPUBLI\u00c9 LE 14 OCTOBRE 2024\nSommaire\nPr\u00e9fecture de la Loz\u00e8re /\n30-2024-10-01-00019 - Arr\u00eat\u00e9 pr\u00e9fectoral no\u00a0DDT\nSEB-2024-275-0002 du 1er octobre 2024\nmodifiant l'arr\u00eat\u00e9\npr\u00e9fectoral no\u00a0DDT-BIEF-2019-094-0001 du 4 avril 2019 portant\nrenouvellement de la composition de la commission locale de l'eau du\nsch\u00e9ma d'am\u00e9nagement et de gestion des eaux du Tarn-amont (4\npages) Page 3\nPrefecture du Gard /\n30-2024-09-30-00009 -  Arr\u00eat\u00e9 inter-pr\u00e9fectoral n\u00b0 2024-189 portant\nd\u00e9rogation aux restrictions et interdictions \u00e0 la navigation en p\u00e9riode\nde crues d\u00e9finies \u00e0 l'article 11 du r\u00e8glement particulier de police\nd'itin\u00e9raire Rh\u00f4ne Sa\u00f4ne du 21 d\u00e9cembre 2018 (2 pages) Page 8\n30-2024-10-14-00006 - Arr\u00eat\u00e9 donnant d\u00e9l\u00e9gation de signature \u00e0 M.\nJean-Louis BIOU, directeur de la citoyennet\u00e9, de la l\u00e9galit\u00e9 et de la\ncoordination (3 pages) Page 11\n30-2024-10-14-00005 - Arr\u00eat\u00e9 donnant d\u00e9l\u00e9gation de signature \u00e0\nMme Delphine BRICIER, directrice du centre d'expertise et de ressources\ndes titres (CERT) - certificats d'immatriculation des v\u00e9hicules (CIV) (3\npages) Page 15\n30-2024-10-14-00004 - Arr\u00eat\u00e9 donnant d\u00e9l\u00e9gation de signature \u00e0\nMme Sylvie ALARCON, directrice des migrations et de l'int\u00e9gration de la\npr\u00e9fecture du Gard (4 pages) Page 19\n2\nPr\u00e9fecture de la Loz\u00e8re\n30-2024-10-01-00019\nArr\u00eat\u00e9 pr\u00e9fectoral no\u00a0DDT SEB-2024-275-0002\ndu 1er octobre 2024\nmodifiant l'arr\u00eat\u00e9 pr\u00e9fectoral\nno\u00a0DDT-BIEF-2019-094-0001 du 4 avril 2019\nportant renouvellement de la composition de la\ncommission locale de l'eau du sch\u00e9ma\nd'am\u00e9nagement et de gestion des eaux du\nTarn-amont\nPr\u00e9fecture de la Loz\u00e8re - 30-2024-10-01-00019 - Arr\u00eat\u00e9 pr\u00e9fectoral no\u00a0DDT SEB-2024-275-0002 du 1er octobre 2024\nmodifiant l'arr\u00eat\u00e9 pr\u00e9fectoral no\u00a0DDT-BIEF-2019-094-0001 du 4 avril 2019 portant renouvellement de la composition de la commission\nlocale de l'eau du sch\u00e9ma d'am\u00e9nagement et de gestion des eaux du Tarn-amont\n3\nPREFET .DE LA LOZERELibert\u00e9Egalit\u00e9Fraternit\u00e9\nARR\u00caT\u00c9 PR\u00c9FECTORAL NO DDT-SEB-2024-275-0002 DU 1ER OCTOBRE 2024\nMODIFIANT L'ARR\u00caT\u00c9 PR\u00c9FECTORAL NO DDT-BIEF-2019-094-0001 DU 4 AVRIL 2019\nPORTANT RENOUVELLEMENT DE LA COMPOSITION DE LA COMMISSION LOCALE DE\nL'EAU DU SCH\u00c9MA D'AM\u00c9NAGEMENT ET DE GESTION DES EAUX DU TARN-AMONT\nLe pr\u00e9fet de la Loz\u00e8re,\nchevalier de l'ordre national du M\u00e9rite,\nVu la directive 2000/60/CE du parlement europ\u00e9en et du conseil du 23 octobre 2000 \u00e9tablissant un cadre\npour une politique communautaire dans le domaine de l'eau ;\nVu le code de l'environnement, notamment ses articles L.210-1, L.212-1, L.212-3 \u00e0 L.212-11 et R.212-26 \u00e0\nR.212-48 ;\nVu le code g\u00e9n\u00e9ral des collectivit\u00e9s territoriales ;\nVu le d\u00e9cret du 9 mars 2022 portant nomination de M. Philippe CASTANET en qualit\u00e9 de pr\u00e9fet de la\nLoz\u00e8re ;\nVu le sch\u00e9ma directeur  d'am\u00e9nagement  et de gestion des eaux (Sdage) 2022-2027 du bassin Adour-\nGaronne approuv\u00e9 par le pr\u00e9fet coordonnateur de bassin le 10 mars 2022 et publi\u00e9 au journal officiel du 3\navril 2022 ;\nVu l'arr\u00eat\u00e9  interpr\u00e9fectoral  no DDT-BIEF-2020-154-0001  du  2  juin  2020  fixant  le  p\u00e9rim\u00e8tre  du  sch\u00e9ma\nd'am\u00e9nagement et de gestion des eaux (SAGE) du Tarn-amont et abrogeant l'arr\u00eat\u00e9 interpr\u00e9fectoral no 00-\n0075 du 6 janvier 2000, par lequel le pr\u00e9fet de la Loz\u00e8re est charg\u00e9 de suivre pour le compte de l'\u00c9tat la\nproc\u00e9dure d'\u00e9laboration ou de r\u00e9vision du SAGE Tarn-amont ;\nVu l'arr\u00eat\u00e9 pr\u00e9fectoral interd\u00e9partemental no 2015-349-001 du 15 d\u00e9cembre 2015 portant approbation du\nSAGE Tarn-amont ;\nVu l'arr\u00eat\u00e9  pr\u00e9fectoral  no DDT-BIEF-2019-094-0001  du  4  avril  2019  portant  renouvellement  de  la\ncomposition de la commission locale de l'eau (CLE) du SAGE du Tarn-amont ;\nVu l'arr\u00eat\u00e9 pr\u00e9fectoral n o DDT-BIEF-2021-329-0002 du 25 novembre 2021 modifiant  l'arr\u00eat\u00e9 pr\u00e9fectoral\nno DDT-BIEF-2019-094-0001 du 4 avril 2019 portant renouvellement de la composition de la CLE du SAGE\ndu Tarn-amont ;\nVu la  d\u00e9lib\u00e9ration  de  la  Communaut\u00e9  de  communes  Millau-Grands  causses  le  29  novembre  2023\nnommant ses repr\u00e9sentants aux organismes ext\u00e9rieurs et notamment \u00e0 la CLE du SAGE Tarn-amont ;\nVu la  d\u00e9lib\u00e9ration  du  Conseil  d\u00e9partemental  de  la  Loz\u00e8re  le  17  septembre  2024  nommant  ses\nrepr\u00e9sentants aux organismes ext\u00e9rieurs et notamment \u00e0 la CLE du SAGE Tarn-amont ;\nConsid\u00e9rant les \u00e9volutions au sein des structures si\u00e9geant \u00e0 la CLE du SAGE Tarn-amont et le fait qu'il y a\ndonc lieu de proc\u00e9der \u00e0 des modifications de la composition de cette commission ;\nSur proposition de la directrice d\u00e9partementale des territoires de la Loz\u00e8re ;\n4 avenue de la gare\n48005 Mende Cedex\nT\u00e9l. 04 66 49 41 00\nM\u00e9l. ddt@lozere.gouv.fr\nPREF/DDT/SEB 1/4\nDirection d\u00e9partementale\ndes territoires\nPr\u00e9fecture de la Loz\u00e8re - 30-2024-10-01-00019 - Arr\u00eat\u00e9 pr\u00e9fectoral no\u00a0DDT SEB-2024-275-0002 du 1er octobre 2024\nmodifiant l'arr\u00eat\u00e9 pr\u00e9fectoral no\u00a0DDT-BIEF-2019-094-0001 du 4 avril 2019 portant renouvellement de la composition de la commission\nlocale de l'eau du sch\u00e9ma d'am\u00e9nagement et de gestion des eaux du Tarn-amont\n4\nARR\u00caTE\nArticle 1 \u2013 Modifications\nArticle 1.1 \u2013 Modification de l'article 1\nL'article 1 de l'arr\u00eat\u00e9 pr\u00e9fectoral no DDT-BIEF-2019-094-0001 du 4 avril 2019 portant renouvellement de la\ncomposition de la commission locale de l'eau du sch\u00e9ma d'am\u00e9nagement et de gestion des eaux du Tarn-\namont est modifi\u00e9 comme suit :\nLa commission locale de l'eau, ci-apr\u00e8s d\u00e9sign\u00e9e \u00ab la CLE \u00bb, charg\u00e9e de l'\u00e9laboration, de la r\u00e9vision et du suivi\ndu sch\u00e9ma d'am\u00e9nagement et de gestion des eaux du Tarn-amont, est \u00e9tablie comme suit :\n1 Coll\u00e8ge des collectivit\u00e9s territoriales, de leurs groupements et des \u00e9tablissements publics locaux  \nOrganismes Repr\u00e9sentants\nConseil r\u00e9gional Occitanie Mme Aur\u00e9lie MAILLOLS, conseill\u00e8re r\u00e9gionale\nConseil d\u00e9partemental de l'Aveyron M. Christophe LABORIE, vice-pr\u00e9sident, conseiller \nd\u00e9partemental du canton Causses-Rougiers\nConseil d\u00e9partemental du Gard Mme B\u00e9rang\u00e8re NOGUIER, vice-pr\u00e9sidente, conseill\u00e8re \nd\u00e9partementale du canton d'Uz\u00e8s\nConseil d\u00e9partemental de la Loz\u00e8re M. Denis BERTRAND, vice-pr\u00e9sident, conseiller d\u00e9partemental \ndu canton de Florac\nSyndicat mixte du bassin du Tarn-amont,\nstructure porteuse du SAGE Tarn-amont\nM. Serge V\u00c9DRINES, pr\u00e9sident, vice-pr\u00e9sident de la \ncommunaut\u00e9 de communes Gorges-Causses-C\u00e9vennes\nSyndicat mixte du Parc naturel r\u00e9gional \ndes Grands Causses\nEn attente de d\u00e9signation\nCommunaut\u00e9 de communes\nAubrac-Lot-Causses-Tarn\nM. Guy DE SOUSA, conseiller communautaire, adjoint au maire \nde la commune de Massegros-Causses-Gorges\nCommunaut\u00e9 de communes Causses-\nAigoual-C\u00e9vennes-Terres solidaires\nMme Ir\u00e8ne LEBEAU, vice-pr\u00e9sidente, maire de la commune de \nDourbies\nCommunaut\u00e9 de communes\nC\u00e9vennes au Mont-Loz\u00e8re\nM. Fran\u00e7ois FOLCHER, conseiller communautaire, adjoint au \nmaire de la commune de Pont-de-Montvert-Sud-Mont-Loz\u00e8re\nCommunaut\u00e9 de communes\nGorges-Causses-C\u00e9vennes\nM. Bruno COMMANDR\u00c9, adjoint au maire de la commune de \nHures-la-Parade\nM. Ren\u00e9 JEANJEAN, vice-pr\u00e9sident, maire de la commune de \nMeyrueis\nM. Sylvain MOLINES, conseiller municipal de la commune \nd'Ispagnac\nCommunaut\u00e9 de communes\nLarzac-Vall\u00e9es\nM. Jean-Michel DAUMAS, conseiller communautaire, adjoint au \nmaire de la commune de Saint-Jean-du-Bruel\nM. Lo\u00efc MASSEBIAU, conseiller communautaire, conseiller \nmunicipal de la commune de La Cavalerie\nCommunaut\u00e9 de communes\nL\u00e9v\u00e9zou-Pareloup\nM. Jean-Michel ARNAL, vice-pr\u00e9sident, maire de la commune de \nSaint-L\u00e9ons\nCommunaut\u00e9 de communes\nMillau-Grands causses\nMme Christine BEDEL, membre du bureau communautaire, \nmaire de la commune de Mostu\u00e9jouls\nM. Gilbert FAUCHER, vice-pr\u00e9sident, maire de la commune de \nPaulhe\nMme S\u00e9verine PEYRETOUT, conseill\u00e8re communautaire, \nconseill\u00e8re municipale de la commune de Millau\n2/4\nPr\u00e9fecture de la Loz\u00e8re - 30-2024-10-01-00019 - Arr\u00eat\u00e9 pr\u00e9fectoral no\u00a0DDT SEB-2024-275-0002 du 1er octobre 2024\nmodifiant l'arr\u00eat\u00e9 pr\u00e9fectoral no\u00a0DDT-BIEF-2019-094-0001 du 4 avril 2019 portant renouvellement de la composition de la commission\nlocale de l'eau du sch\u00e9ma d'am\u00e9nagement et de gestion des eaux du Tarn-amont\n5\nCommunaut\u00e9 de communes\nMuse et Raspes du Tarn\nM. Daniel AURIOL, vice-pr\u00e9sident, adjoint au maire de la \ncommune du Truel\nCommunaut\u00e9 de communes\nSaint-Affricain-Roquefort-Sept vallons\nM. Pierre PANTANELLA, vice-pr\u00e9sident, maire de la commune \nde Saint-Rome-de-Cernon\nSyndicat intercommunal d'alimentation \nen eau potable du Causse noir\nM. Christian JULIEN, vice-pr\u00e9sident, conseiller municipal de la \ncommune de Peyreleau\nSyndicat intercommunal d'alimentation \nen eau potable du Larzac\nM. J\u00e9r\u00f4me MALRIC, d\u00e9l\u00e9gu\u00e9, adjoint au maire de la commune \nde L'Hospitalet-du-Larzac\nSoit un total de 22 membres pour le premier coll\u00e8ge\n2 Coll\u00e8ge des usagers, des propri\u00e9taires fonciers, des organisations professionnelles et des associations   \nconcern\u00e9es\nOrganismes\nM. le pr\u00e9sident de la Chambre d\u00e9partementale d'agriculture de l'Aveyron ou son repr\u00e9sentant\nMme la pr\u00e9sidente de la Chambre d\u00e9partementale d'agriculture de la Loz\u00e8re ou son repr\u00e9sentant\nM. le pr\u00e9sident de la Chambre de commerce et d'industrie territoriale de la Loz\u00e8re ou son repr\u00e9sentant\nM. le pr\u00e9sident de la F\u00e9d\u00e9ration d\u00e9partementale des associations agr\u00e9\u00e9es pour la p\u00eache et la protection du \nmilieu aquatique de l'Aveyron ou son repr\u00e9sentant\nM. le pr\u00e9sident de la F\u00e9d\u00e9ration d\u00e9partementale des associations agr\u00e9\u00e9es pour la p\u00eache et la protection du \nmilieu aquatique de la Loz\u00e8re ou son repr\u00e9sentant\nMme la pr\u00e9sidente du Centre permanent d'initiatives pour l'environnement du Rouergue ou son \nrepr\u00e9sentant\nM. le pr\u00e9sident de la F\u00e9d\u00e9ration pour la vie et la sauvegarde du pays des Grands Causses ou son \nrepr\u00e9sentant\nM. le pr\u00e9sident de l'Union d\u00e9partementale des associations familiales de la Loz\u00e8re ou son repr\u00e9sentant\nM. le pr\u00e9sident du Syndicat loz\u00e9rien de la for\u00eat priv\u00e9e ou son repr\u00e9sentant\nM. le pr\u00e9sident de France Hydro-\u00e9lectricit\u00e9 ou son repr\u00e9sentant\nM. le pr\u00e9sident du Comit\u00e9 d\u00e9partemental de sp\u00e9l\u00e9ologie de l'Aveyron ou son repr\u00e9sentant\nM. le pr\u00e9sident de l'Association des riverains du Tarn et de la Dourbie ou son repr\u00e9sentant\nM. le pr\u00e9sident du Syndicat des loueurs des Gorges du Tarn ou son repr\u00e9sentant\nSoit un total de 13 membres pour le deuxi\u00e8me coll\u00e8ge\n3 Coll\u00e8ge des repr\u00e9sentants de l'\u00c9tat et de ses \u00e9tablissements publics int\u00e9ress\u00e9s  \nOrganismes\nM. le pr\u00e9fet coordonnateur de bassin Adour-Garonne \u2013 Dreal Occitanie ou son repr\u00e9sentant\nM. le pr\u00e9fet de la Loz\u00e8re ou son repr\u00e9sentant, la directrice d\u00e9partementale des territoires ou son \nrepr\u00e9sentant\nM. le pr\u00e9fet de l'Aveyron ou son repr\u00e9sentant, le directeur d\u00e9partemental des territoires ou son \nrepr\u00e9sentant\nM. le pr\u00e9fet du Gard ou son repr\u00e9sentant, le directeur d\u00e9partemental des territoires et de la mer ou son \nrepr\u00e9sentant\nM. le directeur g\u00e9n\u00e9ral de l'agence de l'eau Adour-Garonne ou son repr\u00e9sentant\nM. le directeur r\u00e9gional Occitanie de l'office fran\u00e7ais de la biodiversit\u00e9 (OFB) ou son repr\u00e9sentant, le chef du\nservice d\u00e9partemental de la Loz\u00e8re ou son repr\u00e9sentant\n3/4\nPr\u00e9fecture de la Loz\u00e8re - 30-2024-10-01-00019 - Arr\u00eat\u00e9 pr\u00e9fectoral no\u00a0DDT SEB-2024-275-0002 du 1er octobre 2024\nmodifiant l'arr\u00eat\u00e9 pr\u00e9fectoral no\u00a0DDT-BIEF-2019-094-0001 du 4 avril 2019 portant renouvellement de la composition de la commission\nlocale de l'eau du sch\u00e9ma d'am\u00e9nagement et de gestion des eaux du Tarn-amont\n6\nN\nM. le directeur de la d\u00e9l\u00e9gation d\u00e9partementale de Loz\u00e8re de l'agence r\u00e9gionale de sant\u00e9 (ARS) Occitanie \nou son repr\u00e9sentant\nMme la directrice d\u00e9partementale de l'emploi, du travail, des solidarit\u00e9s et de la protection des populations\nde l'Aveyron ou son repr\u00e9sentant\nM. le pr\u00e9sident du Parc national des C\u00e9vennes repr\u00e9sent\u00e9 par M. Yannick Manche\nSoit un total de 9 membres pour le troisi\u00e8me coll\u00e8ge\nArticle 1.2 \u2013 Modification de l'article 2\nL'article 2 de l'arr\u00eat\u00e9 pr\u00e9fectoral no DDT-BIEF-2019-094-0001 du 4 avril 2019 portant renouvellement de la\ncomposition de la commission locale de l'eau du sch\u00e9ma d'am\u00e9nagement et de gestion des eaux du Tarn-\namont est modifi\u00e9 comme suit :\nLa CLE est compos\u00e9e d'un effectif total de 44 membres.\nArticle 2 \u2013 Autres dispositions\nLes  autres  articles  de  l'arr\u00eat\u00e9  pr\u00e9fectoral  no DDT-BIEF-2019-094-0001  du  4  avril  2019  portant\nrenouvellement de la composition de la CLE demeurent inchang\u00e9s.\nLe pr\u00e9sent arr\u00eat\u00e9 abroge l'arr\u00eat\u00e9 pr\u00e9fectoral no DDT-BIEF-2021- 329-0002 du 25 novembre 2021 modifiant\nla composition de la CLE.\nArticle 3 \u2013 Publication et information des tiers\nLe pr\u00e9sent arr\u00eat\u00e9 est publi\u00e9 :\n\u2022 sur le site internet www.eaufrance.fr, d\u00e9sign\u00e9 par le minist\u00e8re de la transition \u00e9cologique et solidaire,\nconform\u00e9ment aux dispositions de l'article R.212-29 du code de l'environnement ;\n\u2022 sur les sites internet des services de l'\u00c9tat en Aveyron, dans le Gard et en Loz\u00e8re pour une dur\u00e9e\nminimum de six mois ;\n\u2022 aux recueils des actes administratifs des services de l'\u00c9tat en Aveyron, dans le Gard et en Loz\u00e8re.\nArticle 4 \u2013 D\u00e9lai et voie de recours\nLe pr\u00e9sent arr\u00eat\u00e9 peut faire l'objet d'un recours devant le tribunal administratif de N\u00eemes dans un d\u00e9lai de\ndeux  mois  \u00e0 compter  de sa publication au recueil  des actes  administratifs des  services de l'\u00c9tat  en\nAveyron, dans le Gard et en Loz\u00e8re.\nLe  tribunal  administratif  peut  aussi  \u00eatre  saisi  par  l'application  informatique  \u00ab T\u00e9l\u00e9recours  citoyens \u00bb\naccessible sur le site internet www.telerecours.fr. Cette voie de saisie est obligatoire pour les avocats et les\ncommunes de plus de 3 500 habitants.\nArticle 5 \u2013 Ex\u00e9cution\nLes secr\u00e9taires g\u00e9n\u00e9raux des pr\u00e9fectures de l'Aveyron, du Gard et de la Loz\u00e8re, les sous-pr\u00e9fets de Millau,\ndu Vigan et de Florac et les directeurs d\u00e9partementaux des territoires de l'Aveyron, du Gard et de la\nLoz\u00e8re sont charg\u00e9s, chacun en ce qui le concerne, de l'ex\u00e9cution du pr\u00e9sent arr\u00eat\u00e9, dont une copie est\nadress\u00e9e  \u00e0  chaque  membre  de  la  commission  locale  de  l'eau  et  \u00e0  la  direction  r\u00e9gionale  de\nl'environnement, de l'am\u00e9nagement et du logement d'Occitanie.\nLe pr\u00e9fet de la Loz\u00e8re,\ncoordonnateur du SAGE Tarn-amont\nSign\u00e9\nPhilippe CASTANET\n4/4\nPr\u00e9fecture de la Loz\u00e8re - 30-2024-10-01-00019 - Arr\u00eat\u00e9 pr\u00e9fectoral no\u00a0DDT SEB-2024-275-0002 du 1er octobre 2024\nmodifiant l'arr\u00eat\u00e9 pr\u00e9fectoral no\u00a0DDT-BIEF-2019-094-0001 du 4 avril 2019 portant renouvellement de la composition de la commission\nlocale de l'eau du sch\u00e9ma d'am\u00e9nagement et de gestion des eaux du Tarn-amont\n7\nPrefecture du Gard\n30-2024-09-30-00009\n Arr\u00eat\u00e9 inter-pr\u00e9fectoral n\u00b0 2024-189 portant\nd\u00e9rogation aux restrictions et interdictions \u00e0 la\nnavigation en p\u00e9riode de crues d\u00e9finies \u00e0 l'article\n11 du r\u00e8glement particulier de police d'itin\u00e9raire\nRh\u00f4ne Sa\u00f4ne du 21 d\u00e9cembre 2018\nPrefecture du Gard - 30-2024-09-30-00009 -  Arr\u00eat\u00e9 inter-pr\u00e9fectoral n\u00b0 2024-189 portant d\u00e9rogation aux restrictions et interdictions \u00e0\nla navigation en p\u00e9riode de crues d\u00e9finies \u00e0 l'article 11 du r\u00e8glement particulier de police d'itin\u00e9raire Rh\u00f4ne Sa\u00f4ne du 21 d\u00e9cembre\n2018\n8\nArr\u00eat\u00e9 inter-pr\u00e9fectoral N\u00b0 2024-189\nPortant d\u00e9rogation aux restrictions et interdictions \u00e0 la navigation en p\u00e9riode de crues d\u00e9finies \u00e0 l'article 11\ndu r\u00e8glement particulier de police d'itin\u00e9raire Rh\u00f4ne Sa\u00f4ne du 21 d\u00e9cembre 2018\nLes pr\u00e9fets des d\u00e9partements des Bouches-du-Rh\u00f4ne, de l'Ard\u00e8che, de la Dr\u00f4me, du Gard et du Vaucluse\nVu le code des transports partie l\u00e9gislative, notamment son article L.4241-2 ;\nVu l'arr\u00eat\u00e9 du 28 juin 2013 portant R\u00e8glement G\u00e9n\u00e9ral de Police de la navigation int\u00e9rieure ;\nVu la circulaire interminist\u00e9rielle du 1 ier Aout 2013 relative \u00e0 la mise en \u0153uvre du R\u00e8glement G\u00e9n\u00e9ral de Police\nde la navigation int\u00e9rieure et des R\u00e8glements Particuliers de Police pris pour son application ;\nVu l'Arr\u00eat\u00e9 Inter \u2013 Pr\u00e9fectoral portant r\u00e8glement particulier de Police de la navigation int\u00e9rieure (RPPi) sur\nl'itin\u00e9raire Rh\u00f4ne Sa\u00f4ne \u00e0 Grand Gabarit du 21 d\u00e9cembre 2018 ;\nVu la demande du 02 mai 2024 par laquelle la DREAL sollicite une d\u00e9rogation au RPPi Rh\u00f4ne Sa\u00f4ne dans le but\nd'\u00eatre autoris\u00e9e \u00e0 naviguer au-del\u00e0 du d\u00e9clenchement des restrictions de navigation en p\u00e9riode de crue (RNPC)\nafin d'exercer en toutes circonstances ses missions de pr\u00e9visions de crue ;\nConsid\u00e9rant que les missions des services de pr\u00e9vision des crues ont un caract\u00e8re imp\u00e9rieux du fait des enjeux\nde protection des biens et des personnes ;\nSur proposition du directeur territorial Rh\u00f4ne Sa\u00f4ne de Voies Navigables de France ;\nArr\u00eatent\nArticle 1. Champs d'application\nLe pr\u00e9sent arr\u00eat\u00e9 vaut d\u00e9rogation \u00e0 l'article 11 du R\u00e8glement Particulier de Police d'Itin\u00e9raire Rh\u00f4ne Sa\u00f4ne en\nvigueur pour autoriser les services en charge de la pr\u00e9vision des crues \u00e0 naviguer lors du d\u00e9clenchement des\nRNPC.\nCette d\u00e9rogation est valable sur le Rh\u00f4ne \u00e0 l'aval du PK 100.\nArticle 2. Dispositions particuli\u00e8res\nLes services en charge de la pr\u00e9vision des crues sont responsables de l'analyse des conditions dans lesquelles ils\nautorisent leurs agents \u00e0 naviguer et de la conformit\u00e9 des bateaux utilis\u00e9s en mati\u00e8re de titre de navigation.\nSeuls les bateaux des services en charge de la pr\u00e9vision des crues disposant d'un certificat de bateau ou d'un\ncertificat de l'union comme titre de navigation sont concern\u00e9s par les pr\u00e9sentes dispositions.\nL'autorisation est valable sous r\u00e9serve de ne pas mettre en danger les autres usagers des eaux int\u00e9rieures.\nArticle 3. Mise \u00e0 disposition du public\nLe  pr\u00e9sent  arr\u00eat\u00e9  est  publi\u00e9  au  recueil  des  actes  administratifs  des  pr\u00e9fectures  des\nd\u00e9partements concern\u00e9s.\nPrefecture du Gard - 30-2024-09-30-00009 -  Arr\u00eat\u00e9 inter-pr\u00e9fectoral n\u00b0 2024-189 portant d\u00e9rogation aux restrictions et interdictions \u00e0\nla navigation en p\u00e9riode de crues d\u00e9finies \u00e0 l'article 11 du r\u00e8glement particulier de police d'itin\u00e9raire Rh\u00f4ne Sa\u00f4ne du 21 d\u00e9cembre\n2018\n9\nLe pr\u00e9sent arr\u00eat\u00e9 est consultable en version papier aupr\u00e8s de la Direction Territoriale Rh\u00f4ne\nSa\u00f4ne de Voies Navigables de France.\nArticle 4. Recours\nLa pr\u00e9sente d\u00e9cision est susceptible de faire l'objet d'un recours contentieux devant le Tribunal administratif\nde Marseille dans un d\u00e9lai de deux mois \u00e0 compter de sa publication.\nArticle 5. Entr\u00e9e en vigueur\nLe  pr\u00e9sent  arr\u00eat\u00e9  entre  en  vigueur  \u00e0  compter  du  lendemain  de  sa  publication  aux  recueils  des  actes\nadministratifs des pr\u00e9fectures concern\u00e9es.\nLes pr\u00e9fets des d\u00e9partements des Bouches-du-Rh\u00f4ne, de l'Ard\u00e8che, de la Dr\u00f4me, du Gard et du Vaucluse ainsi\nque le directeur territorial Rh\u00f4ne de Sa\u00f4ne de Voies Navigables de France sont charg\u00e9s, chacun en ce qui les\nconcerne, de l'ex\u00e9cution du pr\u00e9sent arr\u00eat\u00e9 qui est publi\u00e9 au recueil des actes administratifs des pr\u00e9fectures des\nd\u00e9partements ci-dessus cit\u00e9s.\nLe 30 septembre 2024\nLe pr\u00e9fet des Bouches-du-Rh\u00f4ne\nSign\u00e9 :\nChristophe MIRMAND\nLa pr\u00e9f\u00e8te de l'Ard\u00e8che\nSign\u00e9 :\nSophie \u00c9LIZ\u00c9ON\nLe pr\u00e9fet de la Dr\u00f4me\nSign\u00e9 :\nThierry DEVIMEUX\nLe pr\u00e9fet du Gard\nSign\u00e9 :\nJ\u00e9r\u00f4me BONET\nLe pr\u00e9fet du Vaucluse\nPour le pr\u00e9fet, le sous-pr\u00e9fet, directeur de cabinet\nSign\u00e9 :\nVincent NATUREL\nPrefecture du Gard - 30-2024-09-30-00009 -  Arr\u00eat\u00e9 inter-pr\u00e9fectoral n\u00b0 2024-189 portant d\u00e9rogation aux restrictions et interdictions \u00e0\nla navigation en p\u00e9riode de crues d\u00e9finies \u00e0 l'article 11 du r\u00e8glement particulier de police d'itin\u00e9raire Rh\u00f4ne Sa\u00f4ne du 21 d\u00e9cembre\n2018\n10\nPrefecture du Gard\n30-2024-10-14-00006\nArr\u00eat\u00e9 donnant d\u00e9l\u00e9gation de signature \u00e0 M.\nJean-Louis BIOU, directeur de la citoyennet\u00e9, de\nla l\u00e9galit\u00e9 et de la coordination\nPrefecture du Gard - 30-2024-10-14-00006 - Arr\u00eat\u00e9 donnant d\u00e9l\u00e9gation de signature \u00e0 M. Jean-Louis BIOU, directeur de la citoyennet\u00e9,\nde la l\u00e9galit\u00e9 et de la coordination 11\nEnPREFETDU GARDLibert\u00e9\u00c9galit\u00e9Fraternit\u00e9\nPr\u00e9fecture-\nDirection de la citoyennet\u00e9, \nde la l\u00e9galit\u00e9 et de la coordination\nService de la coordination des \npolitiques publiques et \nde l'appui territorial\nArr\u00eat\u00e9\ndonnant d\u00e9l\u00e9gation de signature \u00e0 M. Jean-Louis BIOU,\ndirecteur de la citoyennet\u00e9, de la l\u00e9galit\u00e9 et de la coordination\nLe pr\u00e9fet du Gard\nChevalier de la L\u00e9gion d'honneur,\nChevalier de l'ordre national du M\u00e9rite \nVu la  loi  n\u00b0  82-213  du  2  mars  1982  relative  aux  droits  et  libert\u00e9s  des  communes,  des\nd\u00e9partements et des r\u00e9gions, notamment son article 34,\nVu le d\u00e9cret n\u00b0 97-34 du 15 janvier 1997 modifi\u00e9 relatif \u00e0 la d\u00e9concentration des d\u00e9cisions\nadministratives individuelles,\nVu l e  d\u00e9cret  n\u00b0  2004-374  du  29  avril  2004  modifi\u00e9  relatif  aux  pouvoirs  des  pr\u00e9fets,  \u00e0\nl'organisation et \u00e0 l'action des services de l'Etat dans les r\u00e9gions et d\u00e9partements,\nVu le d\u00e9cret n\u00b0 2008-158 du 22 f\u00e9vrier  2008 relatif \u00e0 la suppl\u00e9ance des pr\u00e9fets de r\u00e9gion et \u00e0\nla  d\u00e9l\u00e9gation  de  signature  des  pr\u00e9fets  et  des  hauts  commissaires  de  la  R\u00e9publique  en\nPolyn\u00e9sie fran\u00e7aise et en Nouvelle-Cal\u00e9donie, \nVu le d\u00e9cret n\u00b0 2009-176 du 16 f\u00e9vrier 2009 modifiant le d\u00e9cret n\u00b0 64-805 du 29 juillet 1964\nfixant les dispositions r\u00e9glementaires applicables aux pr\u00e9fets,\nVu le d\u00e9cret n\u00b0 2015-510 du 7 mai 2015 portant charte de la d\u00e9concentration ;\nVu le d\u00e9cret du 13 juillet 2023 nommant M. J\u00e9r\u00f4me BONET, pr\u00e9fet du Gard ;\nVu l'arr\u00eat\u00e9 30-2024-08-28-00003 du 28 ao\u00fbt 2024 portant organisation en directions, services\net bureaux de la pr\u00e9fecture du Gard ;\nVu l'arr\u00eat\u00e9 du ministre de l'int\u00e9rieur du 27 juillet 2023 portant affectation de M. Jean-Louis\nBIOU, conseiller d'administration de l'int\u00e9rieur et de l'outre-mer, \u00e0 la pr\u00e9fecture du Gard -\nsecr\u00e9tariat g\u00e9n\u00e9ral - direction de la citoyennet\u00e9 et de la coordination, \u00e0 compter du 1 er\nseptembre 2013 ; \nVu la note de service du pr\u00e9fet du Gard du 4 septembre 2023 portant affectation de M. Jean-\nLouis BIOU  en qualit\u00e9 de  directeur de la citoyennet\u00e9, de la l\u00e9galit\u00e9  et de la coordination\n(DCLC), \u00e0 la pr\u00e9fecture du Gard ;\nSur proposition du secr\u00e9taire g\u00e9n\u00e9ral de la pr\u00e9fecture du Gard ;\nArr\u00eate \nArticle  1er : D\u00e9l\u00e9gation  de  signature  est  donn\u00e9e  \u00e0 M.  Jean-Louis  BIOU,  directeur  de  la\ncitoyennet\u00e9, de la l\u00e9galit\u00e9 et de la coordination  \u00e0 l'effet de signer toutes d\u00e9cisions relevant\ndes attributions de la direction, \u00e0 l'exception des documents suivants :\nPrefecture du Gard - 30-2024-10-14-00006 - Arr\u00eat\u00e9 donnant d\u00e9l\u00e9gation de signature \u00e0 M. Jean-Louis BIOU, directeur de la citoyennet\u00e9,\nde la l\u00e9galit\u00e9 et de la coordination 12\n\u2022 convocations des \u00e9lecteurs,\n\u2022 arr\u00eat\u00e9s en mati\u00e8re d'annonces l\u00e9gales,\n\u2022 arr\u00eat\u00e9s portant composition des jurys d'assises\n\u2022 arr\u00eat\u00e9s attributifs de diverses dotations et subventions,\n\u2022 arr\u00eat\u00e9s modifiant les circonscriptions territoriales des communes,\n\u2022 arr\u00eat\u00e9s portant cr\u00e9ation, modification et dissolution des \u00e9tablissements publics de\ncoop\u00e9ration intercommunale et syndicats mixtes,\n\u2022 arr\u00eat\u00e9s de d\u00e9claration d'utilit\u00e9 publique et de cessibilit\u00e9,\n\u2022 saisines de la chambre r\u00e9gionale des comptes,\n\u2022 r\u00e9f\u00e9r\u00e9s et d\u00e9f\u00e9r\u00e9s (m\u00e9moires introductifs) devant le tribunal administratif et la cour\nadministrative d'appel,\n\u2022 arr\u00eat\u00e9s  portant  cr\u00e9ation,  constitution  ou  renouvellement  des  commissions\nr\u00e9glementaires,\n\u2022 arr\u00eat\u00e9s autorisant les installations class\u00e9es pour la protection de l'environnement.\nArticle 2: En mati\u00e8re financi\u00e8re, d\u00e9l\u00e9gation est donn\u00e9e \u00e0  M. Jean-Louis BIOU pour signer les\nactes relatifs \u00e0 l'engagement, la liquidation et l'ordonnancement ainsi que les expressions de\nbesoin et constatations des services faits pour les programmes suivants :\n\u2022 Programme  112  \u00abImpulsion  et  coordination  de  la  politique  d'am\u00e9nagement  du\nterritoire\u00bb - FNADT,\n\u2022 Programme  119 \u00abConcours  financiers  aux  collectivit\u00e9s  territoriales  et  \u00e0  leurs\ngroupements\u00bb : soutien aux projets des communes et groupements de communes,\ndotation d'\u00e9quipement des territoires ruraux,\n\u2022 Programme 122 \u00abConcours sp\u00e9cifiques et administration\u00bb  : aides exceptionnelles aux\ncollectivit\u00e9s  territoriales,  calamit\u00e9s  publiques,  subventions  pour  travaux  divers\nd'int\u00e9r\u00eat local,\n\u2022 Programme  176 \u00ab  Police  Nationale \u00bb  -  action  2 \u00ab  s\u00e9curit\u00e9  et  paix  publiques \u00bb :\nindemnisation des gardiens de fourri\u00e8re,\n\u2022 Programme 181 \u00ab Pr\u00e9vention des risques \u00bb,\n\u2022 Programme 212 \u00abSoutien de la politique de la d\u00e9fense\u00bb - FRED,\n\u2022 Programme 216 \u00abConduite et pilotage des politiques de l'int\u00e9rieur\u00bb - action 6 \u00ab Affaires\njuridiques et contentieuses \u00bb,\n\u2022 Programme 218 \u00abConduite et pilotage des politiques \u00e9conomique et financi\u00e8re\u00bb,\n\u2022 Programme 232 \u00abVie politique, cultuelle et associative\u00bb - \u00e9lections,\n\u2022 Programme 363 \" Plan de relance-Volet comp\u00e9titivit\u00e9\"\n\u2022 Programme 380 \u00abFonds d'acc\u00e9l\u00e9ration de la transition \u00e9cologique dans les territoires\u00bb,\n\u2022 Programme  754 \u00ab  Contribution  \u00e0  l'\u00e9quipement  des  collectivit\u00e9s  territoriales  pour\nl'am\u00e9lioration des transports en commun, de la s\u00e9curit\u00e9 et de la circulation routi\u00e8re  \u00bb :\namendes de police.\nArticle  3 :  En  cas  d'absence  ou  d'emp\u00eachement  de  M.  Jean-Louis  BIOU, d\u00e9l\u00e9gation  de\nsignature est donn\u00e9e \u00e0 :\nPrefecture du Gard - 30-2024-10-14-00006 - Arr\u00eat\u00e9 donnant d\u00e9l\u00e9gation de signature \u00e0 M. Jean-Louis BIOU, directeur de la citoyennet\u00e9,\nde la l\u00e9galit\u00e9 et de la coordination 13\n\uf0d8  Mme B\u00e9reng\u00e8re SOULAGES-PIONCHON, attach\u00e9e principale, chef du service des \n\u00e9lections, de la r\u00e9glementation g\u00e9n\u00e9rale et de l'environnement et, en son absence ou \nen cas d'emp\u00eachement, M. Eric LANSADE, attach\u00e9 d'administration de l'Etat chef du \nbureau de la r\u00e9glementation g\u00e9n\u00e9rale et de l'environnement ou Mme Laurence PEZET, \nsecr\u00e9taire administrative de classe exceptionnelle, cheffe du bureau des \u00e9lections ; \n\uf0d8 M. Christophe MALAVAL, attach\u00e9 principal, chef du service des collectivit\u00e9s et des \nfinances locales et de l'intercommunalit\u00e9, en charge du bureau du contr\u00f4le de l\u00e9galit\u00e9 \net de l'intercommunalit\u00e9, en charge du bureau du contr\u00f4le de l\u00e9galit\u00e9 et en son  \nabsence ou en cas d'emp\u00eachement , Mme Gis\u00e8le MERCIER, attach\u00e9e d'administration \nde l'Etat cheffe du bureau des finances locales et de l'intercommunalit\u00e9;\n\uf0d8   Mme Nesrin YILMAZ, attach\u00e9e principale, cheffe du service de la coordination des \npolitiques  publiques  et  de  l'appui  territorial  et  en  son  absence  ou  en  cas  \nd'emp\u00eachement  Mme Laurence RAGOIN ,  attach\u00e9e prin cipale  d'administration de  \nl'Etat  charg\u00e9e  de  mission  politiques  publiques  prioritaires, Mme  Agn\u00e8s  TEXIER,  \nattach\u00e9e prin cipale  d'administration de l'Etat  charg\u00e9e de mission solidarit\u00e9s, sites,  \nculture et ville, Mme Nathalie BRICHLER-CHICHIGNOUD , attach\u00e9e d'administration \nde  l'Etat  charg\u00e9e  de  mission  des  territoires,  Mme  Sylvie  QUINTIN,  attach\u00e9e  \nd'administration  de  l'Etat  charg\u00e9e  de  mission  d\u00e9veloppement  \u00e9conomique  et  \nnum\u00e9rique, Mme Anne FILALI , secr\u00e9taire administrative de classe sup\u00e9rieure, cheffe \nde  la  section  coordination  administrative  interne,   M.  Laurent  JULITA, secr\u00e9taire  \nadministratif  de  classe  sup\u00e9rieure,  chef  de  la  section  contractualisation,  \nprogrammation, paiement.\npour signer, dans la limite des attributions relevant de leur service respectif, tous documents,\nhors les exceptions vis\u00e9es \u00e0 l'article 1er.\nArticle 4 : En cas d'absence ou d'emp\u00eachement de M. Jean-Louis BIOU et de l'un de ses chefs\nde service de la direction, les autres chefs de bureaux d\u00e9l\u00e9gataires pr\u00e9sents ou les charg\u00e9s de\nmission ont d\u00e9l\u00e9gation pour signer en lieu et place du directeur et dudit chef de service\nconcern\u00e9.\nArticle 5     :  L'arr\u00eat\u00e9 n\u00b0  30-2023-09-05-00001 d u 5 septembre  2023  donnant d\u00e9l\u00e9gation de\nsignature  \u00e0   M.  Jean-Louis  BIOU,   directeur de  la  citoyennet\u00e9,  de  la  l\u00e9galit\u00e9 et  de  la\ncoordination, \u00e0 la pr\u00e9fecture du Gard est abrog\u00e9.\nArticle 6 : Le pr\u00e9sent arr\u00eat\u00e9 prend effet d\u00e8s sa publication.\nArticle 7 : Le secr\u00e9taire g\u00e9n\u00e9ral de la pr\u00e9fecture du Gard est charg\u00e9 de l'ex\u00e9cution du pr\u00e9sent\narr\u00eat\u00e9 qui sera publi\u00e9 au recueil des actes administratifs de la pr\u00e9fecture.\nN\u00eemes, le 14 octobre 2024\nLe pr\u00e9fet,\n            sign\u00e9\n  J\u00e9r\u00f4me BONET\nPrefecture du Gard - 30-2024-10-14-00006 - Arr\u00eat\u00e9 donnant d\u00e9l\u00e9gation de signature \u00e0 M. Jean-Louis BIOU, directeur de la citoyennet\u00e9,\nde la l\u00e9galit\u00e9 et de la coordination 14\nPrefecture du Gard\n30-2024-10-14-00005\nArr\u00eat\u00e9 donnant d\u00e9l\u00e9gation de signature \u00e0 Mme\nDelphine BRICIER, directrice du centre\nd'expertise et de ressources des titres (CERT) -\ncertificats d'immatriculation des v\u00e9hicules (CIV)\nPrefecture du Gard - 30-2024-10-14-00005 - Arr\u00eat\u00e9 donnant d\u00e9l\u00e9gation de signature \u00e0 Mme Delphine BRICIER, directrice du centre\nd'expertise et de ressources des titres (CERT) - certificats d'immatriculation des v\u00e9hicules (CIV) 15\nEnPREFETDU GARDLibert\u00e9\u00c9galit\u00e9Fraternit\u00e9\nPr\u00e9fecture-\nDirection de la citoyennet\u00e9, de la l\u00e9galit\u00e9 \net de la coordination\nService de la coordination des politiques \npubliques et de l'appui territorial\nArr\u00eat\u00e9\ndonnant d\u00e9l\u00e9gation de signature \u00e0 Mme Delphine BRICIER, \n directrice du centre d'expertise et de ressources des titres (CERT) -\ncertificats d'immatriculation des v\u00e9hicules (CIV)\nLe pr\u00e9fet du Gard\nChevalier de la L\u00e9gion d'honneur,\nChevalier de l'ordre national du M\u00e9rite \nVu la  loi  n\u00b0  82-213  du  2  mars  1982  relative  aux  droits  et  libert\u00e9s  des  communes,  des\nd\u00e9partements et des r\u00e9gions, notamment son article 34 ;\nVu le d\u00e9cret n\u00b0 97-34 du 15 janvier 1997 modifi\u00e9 relatif \u00e0 la d\u00e9concentration des d\u00e9cisions\nadministratives individuelles ;\nVu le  d\u00e9cret  n\u00b0  2004-374  du  29  avril  2004  modifi\u00e9  relatif  aux  pouvoirs  des  pr\u00e9fets,  \u00e0\nl'organisation et \u00e0 l'action des services de l'Etat dans les r\u00e9gions et d\u00e9partements ;\nVu le d\u00e9cret n\u00b0 2008-158 du 22 f\u00e9vrier  2008 relatif \u00e0 la suppl\u00e9ance des pr\u00e9fets de r\u00e9gion et \u00e0\nla  d\u00e9l\u00e9gation  de  signature  des  pr\u00e9fets  et  des  hauts  commissaires  de  la  R\u00e9publique  en\nPolyn\u00e9sie fran\u00e7aise et en Nouvelle-Cal\u00e9donie ;\nVu le d\u00e9cret n\u00b0 2009-176 du 16 f\u00e9vrier 2009 modifiant le d\u00e9cret n\u00b0 64-805 du 29 juillet 1964\nfixant les dispositions r\u00e9glementaires applicables aux pr\u00e9fets et le d\u00e9cret n\u00b0 2004-374 du 29\navril 2004 modifi\u00e9 relatif aux pouvoirs des pr\u00e9fets, \u00e0 l'organisation et \u00e0 l'action des services de\nl'Etat dans les r\u00e9gions et d\u00e9partements ;\nVu le d\u00e9cret n\u00b0 2015-510 du 7 mai 2015 portant charte de la d\u00e9concentration ;\nVu le d\u00e9cret n\u00b0 2004-1085 du 14 octobre 2004 relatif \u00e0 la d\u00e9l\u00e9gation de gestion dans les ser -\nvices de l'\u00c9tat ;\nVu le d\u00e9cret du 13 juillet 2023 nommant M. J\u00e9r\u00f4me BONET, pr\u00e9fet du Gard ;\nVu l'arr\u00eat\u00e9 du ministre de l'Int\u00e9rieur du 23 octobre 2021 nommant Mme Delphine BRICIER ,\ndans l'emploi fonctionnel de conseiller d'administration de l'int\u00e9rieur et de l'outre-mer en\nqualit\u00e9 de directrice du centre d'expertise et de ressources titres certificats d'immatricula -\ntion de N\u00eemes (30) \u00e0 compter du 24 ao\u00fbt 2021 ;\nVu la convention de d\u00e9l\u00e9gation de gestion des titres d'annulation relatifs au malus applicable\naux voitures particuli\u00e8res les plus polluantes  conclue par le pr\u00e9fet du d\u00e9partement du GARD\net les pr\u00e9fets des d\u00e9partements des Alpes-de-Haute-Provence, des Hautes-Alpes, des  Alpes-\nMaritimes, de l'Ari\u00e8ge, de l'Aude, de l'Aveyron, des Bouches du Rh\u00f4ne, de Corse-du-Sud, de\nHaute-Corse, du Gers, de Haute-Garonne, des Landes, du Lot, de l'H\u00e9rault, de Loz\u00e8re, des Py -\nr\u00e9n\u00e9es-Atlantiques, des Hautes-Pyr\u00e9n\u00e9es, des Pyr\u00e9n\u00e9es orientales, du Tarn, de Tarn-et-Ga -\nronne, du Var, et de Vaucluse.\nVu l'arr\u00eat\u00e9 30-2024-08-28-00003 du 28 ao\u00fbt 2024 portant organisation en directions, services\net bureaux de la pr\u00e9fecture du Gard ;\nVu l'arr\u00eat\u00e9 n\u00b0 30-2023-08-21-00014 du 21 ao\u00fbt 2023 donnant d\u00e9l\u00e9gation de signature  \u00e0 Mme\nDelphine BRICIER, directrice du centre d'expertise et de ressources des titres (CERT) -\ncertificats d'immatriculation des v\u00e9hicules (CIV) ;\nConsid\u00e9rant la vacance du poste de chef de section \u00ab section v\u00e9hicules import\u00e9s et situations\ncomplexes \u00bb ; \nSur proposition du secr\u00e9taire g\u00e9n\u00e9ral de la pr\u00e9fecture du Gard ;\nPrefecture du Gard - 30-2024-10-14-00005 - Arr\u00eat\u00e9 donnant d\u00e9l\u00e9gation de signature \u00e0 Mme Delphine BRICIER, directrice du centre\nd'expertise et de ressources des titres (CERT) - certificats d'immatriculation des v\u00e9hicules (CIV) 16\nArr\u00eate\n \nArticle     1   : D\u00e9l\u00e9gation de signature est donn\u00e9e \u00e0 Mme Delphine BRICIER , conseiller d'adminis-\ntration de l'int\u00e9rieur et de l'outre-mer, directrice du  centre d'expertise et de ressources des\ntitres certificats d'immatriculation des v\u00e9hicules (CERT-CIV)  pour signer ou viser, dans la li -\nmite des attributions d\u00e9volues \u00e0 cette direction, toutes les correspo ndances, d\u00e9cisions ou\ndocuments administratifs \u00e0 l'exception des actes ci-apr\u00e8s :\n\u2192 arr\u00eat\u00e9s pr\u00e9sentant un caract\u00e8re r\u00e9glementaire g\u00e9n\u00e9ral ou de principe ;\n\u2192 correspondances destin\u00e9es aux parlementaires, conseillers r\u00e9gionaux et conseillers g\u00e9\nn\u00e9raux ;\n\u2192 circulaires aux maires ;\n\u2192 instructions aux chefs des services de l'\u00c9tat dans le d\u00e9partement ;\n\u2192 actes portant cr\u00e9ation des comit\u00e9s, conseils et commissions et d\u00e9signation de leurs  \nmembres ;\n\u2192 arr\u00eat\u00e9s et d\u00e9cisions attributives de subventions et conventions engageant financi\u00e8re\nment l'\u00c9tat.\nArticle     2     : En mati\u00e8re financi\u00e8re, d\u00e9l\u00e9gation est donn\u00e9e \u00e0 Mme Delphine BRICIER, directrice\ndu  centre d'expertise et de ressources des titres - certificats d'immatriculation des v\u00e9hicules\n(CERT-CIV), pour signer ou viser :\n1) les \u00e9tats liquidatifs de remboursement des trop-per\u00e7us des diverses taxes relatives \u00e0 \nl'immatriculation  des  v\u00e9hicules,  notamment  les  actes  relatifs  \u00e0  l'instruction  des  \ndemandes d'exon\u00e9ration et l'ordonnancement des titres d'annulation \u00e0 \u00e9mettre sur les \ntitres de perception du malus applicable aux voitures particuli\u00e8res les plus polluantes.\n2) les actes relatifs \u00e0 l'engagement, la liquidation et l'ordonnancement des d\u00e9penses sur \nles programmes suivants ainsi que les expressions de besoin et les constatations de  \nservice fait sur lesdits programmes :\n- Programme 216 action 6 - contentieux\nArticle     3     : En cas d'absence ou d'emp\u00eachement de  Mme Delphine BRICIER,  directrice du\ncentre d'expertise et de ressources des titres - certificats d'immatriculation des v\u00e9hicules\n(CERT-CIV), la d\u00e9l\u00e9gation de signature qui lui est conf\u00e9r\u00e9e par les articles 1 er et 2 du pr\u00e9sent\narr\u00eat\u00e9 seront exerc\u00e9es dans les m\u00eames conditions par :\n- M. Jean-Charles BLANCHARD , attach\u00e9 de l'administration de l'\u00c9tat, en qualit\u00e9 de chef du\np\u00f4le instruction  ;\nArticle 4  :  En cas d'absence ou d'emp\u00eachement de  Mme Delphine BRICIER , d\u00e9l\u00e9gation est\ndonn\u00e9e  pour  signer  ou  viser  les  m\u00eames  documents  dans  la  limite  de  leurs  attributions\nrespectives, aux fonctionnaires d\u00e9sign\u00e9s ci-apr\u00e8s :\n\uf0d8 P\u00f4le instruction :\n- pour la section \u00ab  corrections, modifications de titres, gage opposition  \u00bb, \u00e0  M. Thierry  \nLAMBERT attach\u00e9 d'administration de l'Etat, chef de section ;\n-  pour  la  \u00ab section  v\u00e9hicules  import\u00e9s  et  situations  complexes \u00bb,  \u00e0  Mme Lucienne  \nGARELLI, secr\u00e9taire administrative de classe sup\u00e9rieure, adjointe au chef de section, chef\nde section par interim ;\nPrefecture du Gard - 30-2024-10-14-00005 - Arr\u00eat\u00e9 donnant d\u00e9l\u00e9gation de signature \u00e0 Mme Delphine BRICIER, directrice du centre\nd'expertise et de ressources des titres (CERT) - certificats d'immatriculation des v\u00e9hicules (CIV) 17\n- pour la section \u00ab  t\u00e9l\u00e9-proc\u00e9dures \u00bb, \u00e0  M. Ivan BENJAMIN  secr\u00e9taire administratif de  \nclasse normale, chef de section ;\n\uf0d8 Bureau de la lutte contre la fraude :\nD\u00e9l\u00e9gation  de  signature  est  donn\u00e9e  \u00e0  Mme  Karine  PRAT ,  attach\u00e9e  principale  \nd'administration  de  l'Etat  d'administration  de  l'Etat  .  En  cas  d'absence  ou  \nd'emp\u00eachement  de  Mme  Karine  PRAT ,  d\u00e9l\u00e9gation  de  signature  est  donn\u00e9e  \u00e0  \nM.Abdelmadjid GUEHAM, secr\u00e9taire administratif de classe normale, adjoint au chef \nde bureau.\nArticle 5 : l'arr\u00eat\u00e9 n\u00b0 30-2023-08-21-00014 du 21 ao\u00fbt 2023 donnant d\u00e9l\u00e9gation de signature  \u00e0\nMme Delphine BRICIER, directrice du centre d'expertise et de ressources des titres (CERT) -\ncertificats d'immatriculation des v\u00e9hicules (CIV) est abrog\u00e9.\nArticle 6 : Le pr\u00e9sent arr\u00eat\u00e9 prend effet d\u00e8s sa publication.\nArticle 7 : Le secr\u00e9taire g\u00e9n\u00e9ral de la pr\u00e9fecture du Gard est charg\u00e9 de l'ex\u00e9cution du pr\u00e9sent\narr\u00eat\u00e9, qui sera publi\u00e9 au recueil des actes administratifs de la pr\u00e9fecture.\nN\u00eemes, le 14 octobre 2024\nLe pr\u00e9fet,\nsign\u00e9\n  J\u00e9r\u00f4me BONET\nPrefecture du Gard - 30-2024-10-14-00005 - Arr\u00eat\u00e9 donnant d\u00e9l\u00e9gation de signature \u00e0 Mme Delphine BRICIER, directrice du centre\nd'expertise et de ressources des titres (CERT) - certificats d'immatriculation des v\u00e9hicules (CIV) 18\nPrefecture du Gard\n30-2024-10-14-00004\nArr\u00eat\u00e9 donnant d\u00e9l\u00e9gation de signature \u00e0 Mme\nSylvie ALARCON, directrice des migrations et de\nl'int\u00e9gration de la pr\u00e9fecture du Gard\nPrefecture du Gard - 30-2024-10-14-00004 - Arr\u00eat\u00e9 donnant d\u00e9l\u00e9gation de signature \u00e0 Mme Sylvie ALARCON, directrice des migrations\net de l'int\u00e9gration de la pr\u00e9fecture du Gard 19\nPREFETDU GARDLibert\u00e9Egalit\u00e9Fraternit\u00e9\nPr\u00e9fecture - Direction de la citoyennet\u00e9,\nde la l\u00e9galit\u00e9 et de la coordination\nService de la coordination des\npolitiques publiques\net de l'appui territorial\nBureau de la coordination\nArr\u00eat\u00e9\ndonnant d\u00e9l\u00e9gation de signature \u00e0 Mme Sylvie ALARCON, \ndirectrice du service des migrations et de l'int\u00e9gration \nde la pr\u00e9fecture du Gard\nLe pr\u00e9fet du Gard\nChevalier de la L\u00e9gion d'Honneur,\nChevalier de l'ordre national du M\u00e9rite \nVu  la loi n\u00b082-213 du 2 mars 1982 modifi\u00e9e relative aux droits et libert\u00e9s des communes,\nd\u00e9partements et des r\u00e9gions, notamment son article 34 ;\nVu le d\u00e9cret n\u00b0 97-34 du 15 janvier 1997 modifi\u00e9 relatif \u00e0 la d\u00e9concentration des d\u00e9cisions\nadministratives individuelles ;\nVu le d\u00e9cret n\u00b0 2004-374 du 29 avril 2004 modifi\u00e9 relatif aux pouvoirs des pr\u00e9fets, \u00e0 \nl'organisation et \u00e0 l'action des services de l'\u00c9tat dans les r\u00e9gions et d\u00e9partements ;\nVu le d\u00e9cret n\u00b0 2008-158 du 22 f\u00e9vrier  2008 relatif \u00e0 la suppl\u00e9ance des pr\u00e9fets de r\u00e9gion et \u00e0\nla  d\u00e9l\u00e9gation  de  signature  des  pr\u00e9fets  et  des  hauts  commissaires  de  la  R\u00e9publique  en\nPolyn\u00e9sie fran\u00e7aise et en Nouvelle-Cal\u00e9donie ;\nVu le d\u00e9cret n\u00b0 2009-176 du 16 f\u00e9vrier 2009 modifiant le d\u00e9cret n\u00b0 64-805 du 29 juillet 1964\nfixant les dispositions r\u00e9glementaires applicables aux pr\u00e9fets et le d\u00e9cret n\u00b0 2004-374 du 29\navril 2004 relatif aux pouvoirs des pr\u00e9fets, \u00e0 l'organisation et \u00e0 l'action des services de l'\u00c9tat\ndans les r\u00e9gions et d\u00e9partements ;\nVu le d\u00e9cret n\u00b0 2015-510 du 7 mai 2015 portant charte de la d\u00e9concentration ;\nVu le d\u00e9cret du 13 juillet 2023 nommant M. J\u00e9r\u00f4me BONET, pr\u00e9fet du Gard ;\nVu l'arr\u00eat\u00e9 30-2024-08-28-00003 du 28 ao\u00fbt 2024 portant organisation en directions, services\net bureaux de la pr\u00e9fecture du Gard ;\nVu l'arr\u00eat\u00e9 minist\u00e9riel U12961050452550 du  5 juillet  2022 portant  d\u00e9tachement  de  Mme\nSylvie ALARCON, attach\u00e9e principale d'administration de l'\u00c9tat, dans l'emploi fonctionnel de\nconseill\u00e8re d'administration de l'Int\u00e9rieur et de l'Outre-Mer tremplin en qualit\u00e9 de directrice\ndu service des migrations et de l'int\u00e9gration de la pr\u00e9fecture du Gard ;\nVu l'arr\u00eat\u00e9 n\u00b030-2024-03-14-0001 du 14 ao\u00fbt 2024 donnant d\u00e9l\u00e9gation de signature \u00e0  Mme\nSylvie ALARCON,  directrice du service des migrations et de l'int\u00e9gration de la pr\u00e9fecture du\nGard ;\nSur proposition du secr\u00e9taire g\u00e9n\u00e9ral de la pr\u00e9fecture du Gard \nPrefecture du Gard - 30-2024-10-14-00004 - Arr\u00eat\u00e9 donnant d\u00e9l\u00e9gation de signature \u00e0 Mme Sylvie ALARCON, directrice des migrations\net de l'int\u00e9gration de la pr\u00e9fecture du Gard 20\nArr\u00eate :\nArticle  1 :  D\u00e9l\u00e9gation  de  signature  est  donn\u00e9e  \u00e0  Mme  Sylvie  ALARCON,  conseill\u00e8re\nd'administration de l'Int\u00e9rieur et de l'Outre-Mer tremplin, directrice du service des migrations\net de l'int\u00e9gration et en cas d'absence ou d'emp\u00eachement de cette derni\u00e8re \u00e0 Mme Laurence\nBARNOIN,  attach\u00e9e  principale  d'administration  de  l'\u00c9tat,  cadre  d'appui  charg\u00e9e  des\nquestions migratoires, \u00e0 l'effet de signer tous documents et toutes d\u00e9cisions relevant des\nattributions de sa direction telles que d\u00e9finies ci-apr\u00e8s :\n\uf0b7 la gestion de tout dossier ayant trait \u00e0 l'immigration et \u00e0 l'int\u00e9gration et au s\u00e9jour des\n\u00e9trangers  en  France  et  en  particulier :  l'instruction  des  dossiers  de  demandes\nd'admission au  s\u00e9jour  et  de regroupement  familial,  la  d\u00e9livrance des  titres,  toutes\nlettres et documents ayant trait \u00e0 la contribution forfaitaire employeurs, toutes lettres\net d\u00e9cisions relatives au regroupement familial, les d\u00e9cisions de retrait et d'abrogation\nde tout titre de s\u00e9jour, les visas retour et les prorogations de visa court s\u00e9jour,  les\nd\u00e9cisions  individuelles  d'habilitation  \u00e0  intervenir  au  sein  des  centres  de  r\u00e9tention\nadministrative, les arr\u00eat\u00e9s portant refus de s\u00e9jour, les arr\u00eat\u00e9s portant refus de s\u00e9jour\nassortis d'une obligation de quitter le territoire, d'un d\u00e9lai de d\u00e9part volontaire, d'un\npays de destination ou/et d'une interdiction de retour et de circulation ainsi que les\nd\u00e9cisions de retrait et d'abrogation de tels arr\u00eat\u00e9s, l'organisation de la Commission des\ntitres de S\u00e9jour dont les convocations \u00e0 s'y pr\u00e9senter ;\n\uf0b7 la gestion de tout dossier ayant trait \u00e0 l'\u00e9loignement, au contentieux et aux demandes\nd'asile et aussi l'organisation de la reconduite \u00e0 la fronti\u00e8re ou de la r\u00e9admission des\n\u00e9trangers en situation irr\u00e9guli\u00e8re : en particulier la signature des arr\u00eat\u00e9s d'invitations \u00e0\nquitter  le territoire, d'obligations  de quitter  le territoire, d'assignation \u00e0 r\u00e9sidence,\nd'interdiction  de  retour,  d'interdiction  de  circulation,  les  d\u00e9cisions  de  r\u00e9admission\nSchengen et les arr\u00eat\u00e9s de transfert Dublin, les d\u00e9cisions de placement et de maintien\nen r\u00e9tention administrative et les saisines du juge des libert\u00e9s et de la d\u00e9tention en\nmati\u00e8re  de  prolongation  de  r\u00e9tention  administrative,  les  d\u00e9cisions  de  sortie  et\nd'extraction de d\u00e9tenus de la Maison d'Arr\u00eat de N\u00eemes ainsi que toutes les r\u00e9quisitions\n\u00e0 ces fins, les demandes consulaires, les m\u00e9moires en r\u00e9ponse et les requ\u00eates en appel\ndevant  les  juges  administratifs,  les  m\u00e9moires  et  requ\u00eates  d\u00e9pos\u00e9s  devant  les\njuridictions  judiciaires  dans le domaine de l'application du  droit des \u00e9trangers, les\nd\u00e9cisions  individuelles  d'habilitation  \u00e0  intervenir  au  sein  des  centres  de  r\u00e9tention\nadministrative ;\n\uf0b7 la gestion de tout dossier ayant trait \u00e0 la d\u00e9livrance des titres d'identit\u00e9 nationale et\nleur  retrait,  en  particulier :  l'instruction  des  dossiers  de  demandes  de  passeport\ntemporaire, de mission ou de service, l'instruction des demandes d'opposition \u00e0 la\nsortie du territoire des mineurs , la signature des conventions avec les mairies dans le\ncadre du syst\u00e8me \u00ab  titre \u00e9lectronique s\u00e9curis\u00e9 \u00bb (TES), l'habilitation des agents publics\ncharg\u00e9s de l'instruction, de la validation, de la r\u00e9ception des demandes et de la remise\ndes titres s\u00e9curis\u00e9s ;\n\uf0b7 en mati\u00e8re de naturalisation :\n-  les  avis  favorables  relatifs  aux  demandes  de  naturalisation  par  d\u00e9cret  ou  par\nd\u00e9claration ;\n-  les  proc\u00e8s-verbaux  d'assimilation  des  candidats  \u00e0  l'acquisition  de  la  nationalit\u00e9\nfran\u00e7aise ;\n\uf0b7 En mati\u00e8re de contentieux du droit des \u00e9trangers :\nPrefecture du Gard - 30-2024-10-14-00004 - Arr\u00eat\u00e9 donnant d\u00e9l\u00e9gation de signature \u00e0 Mme Sylvie ALARCON, directrice des migrations\net de l'int\u00e9gration de la pr\u00e9fecture du Gard 21\n- le traitement de tout dossier ayant trait au contentieux du droit des \u00e9trangers : les\nm\u00e9moires  en  r\u00e9ponse  devant  les  juges  administratifs  et  les  requ\u00eates  en  appel\nintroduites devant les Cours administratives d'appel,\n- le traitement de tout dossier d'\u00e9trangers dont la pr\u00e9sence en France trouble l'ordre\npublic et en particulier  : l'instruction des dossiers, l'organisation de la COMEX, l'\u00e9dict\u00e9\nd'arr\u00eat\u00e9s de refus de titre, d'obligations de quitter le territoire, interdiction de retour\nou de circulation, arr\u00eat\u00e9s d'expulsion.\nArticle     2     :  En  cas  d'absence  ou  d'emp\u00eachement  de  Mme  Sylvie  ALARCON,  conseill\u00e8re\nd'administration  de  l'Int\u00e9rieur  et  de  l'Outre-Mer  tremplin,  directrice du  Service  des\nmigrations  et  de  l'int\u00e9gration  et  de  Mme   Laurence  BARNOIN,  attach\u00e9e  principale\nd'administration de l'\u00c9tat, cadre d'appui charg\u00e9e des questions migratoires, la d\u00e9l\u00e9gation de\nsignature conf\u00e9r\u00e9e est exerc\u00e9e :\n\u2022 par M. Marc ZATTARA, attach\u00e9 principal d'administration de l'\u00c9tat, chef du bureau du\ns\u00e9jour des \u00e9trangers,\n\u2022 par Mme C\u00e9line COUET, attach\u00e9e principale d'administration de l'\u00c9tat, chef du bureau\nde l'\u00e9loignement et de l'asile\n\u2022 par Mme Nadine MARIN-GRANADOS, attach\u00e9e d'administration de l'Etat, adjointe au\nchef du bureau du s\u00e9jour des \u00e9trangers\n\u2022 par  Mme  Magali  DELMAS,  attach\u00e9e d'administration  de  l'Etat,  chef  du  bureau  du\ncontentieux des \u00e9trangers ,\npour signer tous documents et toutes d\u00e9cisions.\nArticle     3    : En cas d'absence ou d'emp\u00eachement de  Mme Sylvie ALARCON , et de  Mme\nLaurence BARNOIN, de M. Marc ZATTARA, de  Mme C\u00e9line COUET,  de Mme Magali DELMAS\net de Mme Nadine MARIN-GRANADOS, la d\u00e9l\u00e9gation de signature conf\u00e9r\u00e9e est exerc\u00e9e :\n\u2022 par  Madame  Karine  SALTEL,  secr\u00e9taire  administrative  de  classe  sup\u00e9rieure,  Mme\nManon AIRAULT, secr\u00e9taire administrative de classe normale  Mme C\u00e9cile CUSENZA ,\nsecr\u00e9taire administrative de classe normale et  Mme Habiba MAHAMOUD,  secr\u00e9taire\nadministrative de classe normale  pour  signer  dans  la  limite de leurs  attributions  :\nl'instruction  des  dossiers  de  demandes  d'admission  au  s\u00e9jour,  la  d\u00e9livrance  des\nattestations de d\u00e9p\u00f4t, des r\u00e9c\u00e9piss\u00e9s, des autorisations provisoires de s\u00e9jour, des titres\nde s\u00e9jour, des titres de voyage pour r\u00e9fugi\u00e9s et des titres d'identit\u00e9s et de voyage, des\ndocuments de circulation pour \u00e9trangers mineurs (DCEM), toutes lettres et d\u00e9cisions\nrelatives au regroupement familial,  les visas retour et les prorogations de visa court\ns\u00e9jour ;\n\u2022 par  Monsieur Fabrice CASSAGNE , secr\u00e9taire administratif de classe sup\u00e9rieure au\nbureau de l'\u00e9loignement, et de l'asile, pour signer dans la limite de ses attributions  : les\nr\u00e9c\u00e9piss\u00e9s et attestations, les autorisations provisoires de s\u00e9jour, les arr\u00eat\u00e9s de refus de\ns\u00e9jour,  d'invitations  \u00e0  quitter  le  territoire,  d'obligations  de  quitter  le  territoire,\nd'assignation \u00e0 r\u00e9sidence, d'interdiction de retour, d'interdiction de circulation, les\nd\u00e9cisions de r\u00e9admission Schengen et les arr\u00eat\u00e9s de transfert Dublin, les d\u00e9cisions de\nplacement  et  de  maintien  en  r\u00e9tention  administrative  et  les  saisines  du  juge  des\nlibert\u00e9s et de la d\u00e9tention en mati\u00e8re de prolongation de r\u00e9tention administrative, les\ndemandes d'extraction de d\u00e9tenus de la Maison d'Arr\u00eat de N\u00eemes  aupr\u00e8s du juge\nd'application des peines ainsi que les r\u00e9quisitions aux services op\u00e9r\u00e9es dans ce cadre,\nles demandes consulaires, les m\u00e9moires en r\u00e9ponse devant les juges administratifs, les\nPrefecture du Gard - 30-2024-10-14-00004 - Arr\u00eat\u00e9 donnant d\u00e9l\u00e9gation de signature \u00e0 Mme Sylvie ALARCON, directrice des migrations\net de l'int\u00e9gration de la pr\u00e9fecture du Gard 22\nm\u00e9moires et requ\u00eates d\u00e9pos\u00e9s devant les juridictions judiciaires dans le domaine de\nl'application du droit des \u00e9trangers.\n\u2022 par  M.  Julien  CATHALA, secr\u00e9taire  administratif  de  classe  normale,  charg\u00e9  du\ncontentieux des \u00e9trangers pour signer dans la limite de ses attributions : les arr\u00eat\u00e9s\nportant refus de s\u00e9jour et obligations de quitter le territoire relatifs aux demandeurs\nd'asile d\u00e9bout\u00e9s, les notifications par voie administrative des obligations de quitter le\nterritoire sans d\u00e9lai aux demandeurs d'asile d\u00e9bout\u00e9s, les m\u00e9moires en r\u00e9ponse devant\nles  juges  administratifs  et  les  requ\u00eates  en  appel  introduites  devant  les  Cours\nadministratives d'appel, les r\u00e9ponses aux recours gracieux et demandes de motifs.\nArticle  4     :   Toutes  dispositions  ant\u00e9rieures  relatives  \u00e0  une  d\u00e9l\u00e9gation  de  signature  sont\nabrog\u00e9es.\nArticle 5 : Le pr\u00e9sent arr\u00eat\u00e9 prend effet d\u00e8s sa publication.\nArticle     6     : Le secr\u00e9taire g\u00e9n\u00e9ral de la pr\u00e9fecture du Gard est charg\u00e9 de l'ex\u00e9cution du pr\u00e9sent\narr\u00eat\u00e9, qui sera publi\u00e9 au recueil des actes administratifs de la pr\u00e9fecture.\nFait \u00e0 N\u00eemes, le 14 octobre 2024\n  Le Pr\u00e9fet,\nsign\u00e9\nJ\u00e9r\u00f4me BONET\nPrefecture du Gard - 30-2024-10-14-00004 - Arr\u00eat\u00e9 donnant d\u00e9l\u00e9gation de signature \u00e0 Mme Sylvie ALARCON, directrice des migrations\net de l'int\u00e9gration de la pr\u00e9fecture du Gard 23","date":"2024-10-14","first_seen_on":"2025-01-08T18:25:07+00:00","id":"b7a72a46d6059ddf24948472725b4b3bf7b2354deec424b7b83ba044a22eed64","name":"recueil-30-2024-160-special du 14 10 2024","pdf_creation_date":"2024-10-14T14:14:08+00:00","pdf_modification_date":null,"timezone":"CET","url":"https://www.gard.gouv.fr/contenu/telechargement/59802/446053/file/recueil-30-2024-160-special%20du%2014%2010%202024.pdf"}
