{"administration":"prefidf","administration_name":"Pr\u00e9fecture de la r\u00e9gion \u00cele-de-France","content":"PREFECTURE\nREGION ILE DE\nFRANCE\nRECUEIL DES ACTES\nADMINISTRATIFS SP\u00c9CIAL\nN\u00b0IDF-008-2025-08\nPUBLI\u00c9 LE  4 AO\u00dbT 2025\nSommaire\nAgence R\u00e9gionale de Sant\u00e9 /\nIDF-2025-08-01-00016 - Arr\u00eat\u00e9 2025-208 portant autorisation de\nchangement de localisation de l'Institut m\u00e9dico-\u00e9ducatif (IME)\n\"Norbert Dana\" et du Service d'\u00e9ducation sp\u00e9ciale et de soins \u00e0\ndomicile (SESSAD) \"Evelyne et Salomon Madar\" sis 10 rue Juliette Dodu,\n75010 PARIS\ng\u00e9r\u00e9 par l'Association Maison Benjamin, sise 2 bis Villa\nThor\u00e9ton, 75015 PARIS (5 pages) Page 3\nAgence R\u00e9gionale de Sant\u00e9 / Agence r\u00e9gionale de sant\u00e9\nd'Ile-de-France-D\u00e9partement de l'autonomie\nIDF-2025-07-08-00010 - Arr\u00eat\u00e9 n\u00b0 2025-209 portant autorisation\nd'extension de capacit\u00e9 de 47 \u00e0 57 places\nde l'Institut\nM\u00e9dico-Educatif (IME) Les enfants terribles sis 120 avenue du Colonel\nFabien \u00e0 Montreuil (93 100) g\u00e9r\u00e9 par l'association AFG Autisme (4\npages) Page 9\nDirection r\u00e9gionale des affaires culturelles d'Ile-de-France  / Conservation\nr\u00e9gionale des monuments historiques\nIDF-2025-08-03-00001 - Arr\u00eat\u00e9 portant inscription au titre des\nmonuments historiques de l'ancien institut du Radium (Paris, 5e\narrondissement) (3 pages) Page 14\n2\nAgence R\u00e9gionale de Sant\u00e9\nIDF-2025-08-01-00016\nArr\u00eat\u00e9 2025-208 portant autorisation de\nchangement de localisation de l'Institut\nm\u00e9dico-\u00e9ducatif (IME) \"Norbert Dana\" et du\nService d'\u00e9ducation sp\u00e9ciale et de soins \u00e0\ndomicile (SESSAD) \"Evelyne et Salomon Madar\"\nsis 10 rue Juliette Dodu, 75010 PARIS\ng\u00e9r\u00e9 par l'Association Maison Benjamin, sise 2 bis\nVilla Thor\u00e9ton, 75015 PARIS\nAgence R\u00e9gionale de Sant\u00e9 - IDF-2025-08-01-00016 - Arr\u00eat\u00e9 2025-208 portant autorisation de changement de localisation de l'Institut\nm\u00e9dico-\u00e9ducatif (IME) \"Norbert Dana\" et du Service d'\u00e9ducation sp\u00e9ciale et de soins \u00e0 domicile (SESSAD) \"Evelyne et Salomon Madar\"\nsis 10 rue Juliette Dodu, 75010 PARIS\ng\u00e9r\u00e9 par l'Association Maison Benjamin, sise 2 bis Villa Thor\u00e9ton, 75015 PARIS\n3\nREPUBLIQUEFRANCAISELibert\u00e9Egalit\u00e9Fraternit\u00e9 \u00a9 \u00bb Agence R\u00e9gionale de Sant\u00e9Ile-de-France\n \n \n \n \n \n \n \n \n \n \n1 sur 5 \n \nAGENCE R\u00c9GIONALE DE SANT\u00c9 \u00ceLE-DE-FRANCE \n \nARRETE N\u00b0 2025 \u2013 208  \n  \nportant autorisation de changement de localisation de l'Institut m\u00e9dico-\u00e9ducatif (IME) \n\u00ab Norbert Dana \u00bb et du Service d'\u00e9ducation sp\u00e9ciale et de soins \u00e0 domicile (SESSAD) \n\u00ab Evelyne et Salomon Madar \u00bb  sis 10 rue Juliette Dodu, 75010 PARIS  \n \ng\u00e9r\u00e9 par l'Association Maison Benjamin, sise 2 bis Villa Thor\u00e9ton, 75015 PARIS  \n \n \n \nLE DIRECTEUR G\u00c9N\u00c9RAL DE L'AGENCE R\u00c9GIONALE DE SANT\u00c9 \u00ceLE-DE-FRANCE \n \nVU le code de l'action sociale et des familles et notamment les articles L. 312-1, L. 313-1, L. \n314-3 et suivants ; \n \nVU le d\u00e9cret du 10 avril 2024 portant nomination de Monsieur Denis ROBIN, Directeur g\u00e9n\u00e9ral \nde l'Agence r\u00e9gionale de sant\u00e9 \u00cele-de-France \u00e0 compter du 29 avril 2024 ; \n \nVU  l'arr\u00eat\u00e9 DS n\u00b0 018/2025 portant d\u00e9l\u00e9gation de signature \u00e0 Monsieur Tanguy BODIN, \nDirecteur de la d\u00e9l\u00e9gation d\u00e9partementale de Paris ; \n \nVU l'arr\u00eat\u00e9 n\u00b0 DIRNOV-2023/08 de la Directrice g\u00e9n\u00e9rale de l'Agence r\u00e9gionale de sant\u00e9 \u00cele-\nde-France en date du 26 octobre 2023 portant adoption du cadre d'orientation strat\u00e9gique \n2018-2028 du projet r\u00e9gional de sant\u00e9 d'\u00cele -de-France, modifi\u00e9 par l'arr\u00eat\u00e9 n\u00b0DIRNOV -\n2023/09 en date du 12 janvier 2024 ; \n \nVU l'arr\u00eat\u00e9 n\u00b0 DIRNOV-2023/09 de la Directrice g\u00e9n\u00e9rale de l'Agence r\u00e9gionale de sant\u00e9 \u00cele-\nde-France en date du 26 octobre 2023 portant adoption du sch\u00e9ma r\u00e9gional de sant\u00e9 \n2023-2028 du projet r\u00e9gional de sant\u00e9 d'\u00cele-de-France ; \n \nVU l'arr\u00eat\u00e9 n\u00b0 2023-346 de la Directrice g\u00e9n\u00e9rale de l'Agence r\u00e9gionale de sant\u00e9 \u00cele-de-France \nen date du 4 d\u00e9cembre 2023 \u00e9tablissant le programme interd\u00e9partemental \nd'accompagnement des handicaps et de la perte d'autonomie (PRIAC) 2023-2027 pour la \nr\u00e9gion \u00cele-de-France ; \n \nVU l'arr\u00eat\u00e9 n\u00b0 2000-1214 du 24 juillet 2000 autorisant la cr\u00e9ation du SESSAD ABPIEH destin\u00e9 \n\u00e0 prendre en charge des enfants et adolescents des deux sexes, \u00e2g\u00e9s de 3 \u00e0 20 ans, \nd\u00e9ficients intellectuels avec ou sans troubles associ\u00e9s ; \n \nVU  l'arr\u00eat\u00e9 n\u00b0 2006-220-3 du 8 ao\u00fbt 2006 modifiant l'arr\u00eat\u00e9 n\u00b0 2003 -1540 du 8 ao\u00fbt 2003 et \nautorisant une extension de capacit\u00e9 de 10 places portant la capacit\u00e9 totale du service \u00e0 \n40 places ; \n \nVU l'arr\u00eat\u00e9 n\u00b0 2019-167 du 9 septembre 2019 portant autorisation d'extension de capacit\u00e9 de \n10 places  pour des enfants porteurs de troubles du spectre de l'autisme ( TSA) du \nSESSAD ABPIEH ; \nAgence R\u00e9gionale de Sant\u00e9 - IDF-2025-08-01-00016 - Arr\u00eat\u00e9 2025-208 portant autorisation de changement de localisation de l'Institut\nm\u00e9dico-\u00e9ducatif (IME) \"Norbert Dana\" et du Service d'\u00e9ducation sp\u00e9ciale et de soins \u00e0 domicile (SESSAD) \"Evelyne et Salomon Madar\"\nsis 10 rue Juliette Dodu, 75010 PARIS\ng\u00e9r\u00e9 par l'Association Maison Benjamin, sise 2 bis Villa Thor\u00e9ton, 75015 PARIS\n4\n2 sur 5 \n \n \nVU l'arr\u00eat\u00e9 n\u00b0 2024-59 du 12 avril 2024 modificatif de l'arr\u00eat\u00e9 n\u00b0 2024-32 portant autorisation \nd'une Unit\u00e9 d'enseignement maternelle autisme (UEMA) de 7 places, d'une Unit\u00e9 \nd'enseignement \u00e9l\u00e9mentaire autisme (UEEA) de 10 places, d'une extension de 16 places \ndu Service d'\u00e9ducation sp\u00e9ciale et de soins \u00e0 domicile (SESSAD) ABPIEH sis 10 rue \nJuliette Dodu, 75010 PARIS, de transformation de 15 places de SESSAD en Maison \nd'accueil sp\u00e9cialis\u00e9e (MAS) semi -internat et d'extension de 12 places de MAS avec \ninternat ; \n \nVU l'arr\u00eat\u00e9 n\u00b02000-1214 du 24 juillet 2000 modifi\u00e9 par l'arr\u00eat\u00e9 n\u00b0 2008 -161-4 du 9 juin 2008 \nportant cr\u00e9ation d'un institut m\u00e9dico \u00e9ducatif \u00ab ABPIEH \u00bb d'une capacit\u00e9 de 33 places ;   \n \nVU l'arr\u00eat\u00e9 n\u00b02008-351-2 du 16 d\u00e9cembre 2008 autorisant le fonctionnement \u00e0 hauteur de 40 \nplaces dont 15 places au titre des troubles du spectre de l'autisme (TSA) et 25 places au \ntitre de la d\u00e9ficience intellectuelle (DI) ;   \n \nVU l'arr\u00eat\u00e9 n\u00b02019-178 du 25 septembre 2019 portant autorisation d'extension de 13 places \nTSA de l'IME; \n \nVU l'arr\u00eat\u00e9 n\u00b0 2024-236 du 08 ao\u00fbt 2024 portant autorisation de transformation par \nrequalification de 13 places d\u00e9ficience intellectuelle (DI) en 13 places troubles du spectre \nde l'autisme (TSA) et d'extension de capacit\u00e9 de 53 \u00e0 54 places de l'Institut M\u00e9dico -\n\u00c9ducatif (IME) Norbert Dana sis 10 rue Juliette Dodu, 75010 Paris ; \n \nVU le contrat pluriannuel d'objectifs et de moyens portant sur les ann\u00e9es 2020 \u00e0 2026 sign\u00e9                                        \nL          le 18/12/2019 ;     \n \nVU les statuts de l'association actualis\u00e9s \u00e0 la suite de l'assembl\u00e9e extraordinaire du 28 avril \n2025 et notamment le changement de raison sociale, d'adresse et de logo ; \n \n                           \n \nCONSID\u00c9RANT  que les formalit\u00e9s administratives ont \u00e9t\u00e9 effectu\u00e9es aupr\u00e8s de la \nPr\u00e9fecture ; \n \nCONSID\u00c9RANT  que le calendrier pr\u00e9visionnel d'installation sur le site d\u00e9finitif sis 2B Villa \nThor\u00e9ton 75015 PARIS ne peut \u00eatre respect\u00e9 du fait du retard de chantier ; \n \nCONSID\u00c9RANT  que l'organisme gestionnaire a transmis un plan de continuit\u00e9 de l'activit\u00e9 ; \n \nCONSID\u00c9RANT  que dans cette optique l'organisme gestionnaire a proc\u00e9d\u00e9 \u00e0 la location \nd'un site temporaire pour une dur\u00e9e d'un mois sis 10 rue Saint -Claude \n75003 \u00e0 Paris ; \n \nCONSIDERANT que l'organisme gestionnaire a transmis une d\u00e9claration sur l'honneur \nattestant de la conformit\u00e9 de l'\u00e9tablissement ou du service aux conditions \ntechniques minimales d'organisation et de fonctionnement mentionn\u00e9es au \nII de l'article L. 312-1 du CASF ainsi qu'une attestation d'assurance pour le \nlocal temporaire ;  \n \nCONSID\u00c9RANT     que l'op\u00e9ration peut s'effectuer \u00e0 moyens constants et n'entra\u00eene donc \naucun surco\u00fbt ;      \n \n \n \nAgence R\u00e9gionale de Sant\u00e9 - IDF-2025-08-01-00016 - Arr\u00eat\u00e9 2025-208 portant autorisation de changement de localisation de l'Institut\nm\u00e9dico-\u00e9ducatif (IME) \"Norbert Dana\" et du Service d'\u00e9ducation sp\u00e9ciale et de soins \u00e0 domicile (SESSAD) \"Evelyne et Salomon Madar\"\nsis 10 rue Juliette Dodu, 75010 PARIS\ng\u00e9r\u00e9 par l'Association Maison Benjamin, sise 2 bis Villa Thor\u00e9ton, 75015 PARIS\n5\n3 sur 5 \n \n \nARR\u00caTE  \n \n \n \n \nARTICLE 1er: L'autorisation de changement de localisation de l'Institut m\u00e9dico -\u00e9ducatif (IME) \n\u00ab Norbert Dana \u00bb et du Service  soins \u00e0 domicile (SESSAD) \u00ab  Evelyne et Salomon \nMadar \u00bb  sis 10 rue Juliette Dodu, 75010 PARIS sur un nouveau site sis 2Bis Villa \nThor\u00e9ton 75015 PARIS est accord\u00e9e \u00e0 l'Association Maison Benjamin sise \u00e0 la m\u00eame \nadresse. \n \n  Le pr\u00e9sent arr\u00eat\u00e9 prend acte du changement de raison sociale de l'association suite \n\u00e0 l'assembl\u00e9e extraordinaire du 28 avril 2025 et de son d\u00e9m\u00e9nagement. La nouvelle \nd\u00e9nomination est \u00ab  Maison Benjamin \u00bb.  L'adresse de l'organisme gestionnaire est \nau 2B Villa Thoreton 75015 PARIS.  \n \nARTICLE 2e :   L'IME \u00ab Norbert Dana \u00bb a vocation \u00e0 r\u00e9pondre aux besoins  d'accompagnement des \nenfants et adolescents \u00e2g\u00e9s de 0 \u00e0 20 ans, pr\u00e9sentant des troubles du spectre de \nl'autisme ou une d\u00e9ficience intellectuelle. \n   \n  Le SESSAD  \u00ab Evelyne et Salomon Madar  \u00bb a vocation \u00e0 r\u00e9pondre aux besoins  \nd'accompagnement des enfants et adolescents \u00e2g\u00e9s de 0 \u00e0 20 ans, pr\u00e9sentant des \ntroubles du spectre de l'autisme ou une d\u00e9ficience intellectuelle. \n \n \nLes capacit\u00e9s autoris\u00e9es s'\u00e9tablissent comme suit : \n; \no IME \u00ab Norbert Dana \u00bb : 54 places destin\u00e9es \u00e0 des enfants et jeunes adultes \n\u00e2g\u00e9s de 0 \u00e0 20 ans, ainsi r\u00e9parties : \n \n- 12 places en accueil de jour destin\u00e9es \u00e0 des enfants et adolescents pr\u00e9sentant une \nd\u00e9ficience intellectuelle ;  \n- 42 places en accueil de jour destin\u00e9es \u00e0 des enfants et adolescents pr\u00e9sentant des \ntroubles du spectre de l'autisme ;  \n- \u00e0 noter l'adossement par voie de convention d'une \u00e9quipe mobile de scolarisation dite \n\u00ab EMASCO \u00bb ; \n \no SESSAD \u00ab Evelyne et Salomon Madar \u00bb : 68 places destin\u00e9es \u00e0 des enfants \net jeunes adultes \u00e2g\u00e9s de 0 \u00e0 20 ans, ainsi r\u00e9parties : \n \n- 40 places pour des enfants porteurs de d\u00e9ficience intellectuelle ; \n- 11 places pour des enfants porteurs de troubles du spectre de l'autisme ; \n- 7 places d'UEMA au sein de l'\u00e9cole maternelle Joseph de Maistre sise 94 rue Joseph \nde Maistre, 75018 Paris ; \n- 10 places d'UEEA au sien de l'\u00e9cole \u00e9l\u00e9mentaire Gilbert Cesbron sise 1 rue Gilbert \nCesbron, 75017 Paris. \n \nARTICLE 3e : Conform\u00e9ment aux termes du dernier alin\u00e9a du I de l'article D. 312 -0-3 du code de \nl'action sociale et des familles, a ucune sp\u00e9cialisation n'exclut la prise en charge de \npersonnes pr\u00e9sentant des troubles associ\u00e9s \u00e0 ceux qui font l'objet de la pr\u00e9sente \nautorisation.  \n  \nAgence R\u00e9gionale de Sant\u00e9 - IDF-2025-08-01-00016 - Arr\u00eat\u00e9 2025-208 portant autorisation de changement de localisation de l'Institut\nm\u00e9dico-\u00e9ducatif (IME) \"Norbert Dana\" et du Service d'\u00e9ducation sp\u00e9ciale et de soins \u00e0 domicile (SESSAD) \"Evelyne et Salomon Madar\"\nsis 10 rue Juliette Dodu, 75010 PARIS\ng\u00e9r\u00e9 par l'Association Maison Benjamin, sise 2 bis Villa Thor\u00e9ton, 75015 PARIS\n6\n4 sur 5 \n \nARTICLE 4e : Ces structures sont r\u00e9pertori\u00e9es dans le Fichier National des Etablissements Sanitaires \net Sociaux (FINESS) de la fa\u00e7on suivante : \n \n\u2022 IME \u00ab Norbert Dana \u00bb  \n \nN\u00b0 FINESS de l'\u00e9tablissement : 750042954 \n \nCode cat\u00e9gorie : 183 - Institut-m\u00e9dico-\u00e9ducatif \n \n \nCode discipline : 844 - Tous projets \u00e9ducatifs, \np\u00e9dagogiques et th\u00e9rapeutiques \n \n \nCode fonctionnement : 21 - Accueil de jour 54 places \n \nCode client\u00e8le : 117 - D\u00e9ficience intellectuelle \n437 - Troubles du spectre de l'autisme \n12 places \n42 places \n \n \n\u2022 SESSAD \u00ab Evelyne et Salomon Madar \u00bb  \n \nN\u00b0 FINESS de l'\u00e9tablissement : 750042947 \n \nCode cat\u00e9gorie : [182] \u2013 Service d'\u00c9ducation Sp\u00e9ciale et de Soins \u00e0 Domicile \n \nCode discipline :  \n \n \n[844] \u2013 Tous projets \u00e9ducatifs th\u00e9rapeutiques et \np\u00e9dagogiques \n \n \nCode fonctionnement : \n \n[16] \u2013 Prestations en milieu ordinaire \n \n \n         68 places \nCode client\u00e8le : [117] \u2013  D\u00e9ficience intellectuelle \n[437] \u2013 Troubles du spectre de l'autisme \n \n40 places \n28 places \nCode mode de fixation des tarifs : 57 ARS/ARS PCD Dot.Glob \n \nN\u00b0 FINESS du gestionnaire : 750042921 \n \nCode statut : 60 + Associations Loi 1901 non Reconnue d'utilit\u00e9 publique \n \nARTICLE 5e :   La pr\u00e9sente autorisation est valable sous r\u00e9serve du r\u00e9sultat positif de la visite de \nconformit\u00e9 pr\u00e9vue par l'article L313- 6 du code de l'action sociale et des familles. \n  \n Il est pris acte du recours \u00e0 un site temporaire \u00e0 compter du 4 ao\u00fbt 2025 sis 10 Rue \nSaint-Claude 75003 PARIS pour permettre la continuit\u00e9 d'activit\u00e9 des ESMS . \nL'organisme gestionnaire a transmis une d\u00e9claration sur l'honneur attestant de la \nconformit\u00e9 des ESMS  aux conditions techniques minimales d'organisation et de \nfonctionnement mentionn\u00e9es au II de l'article  L. 312 -1 du CASF ainsi qu'une \nattestation d'assurance. \n \nARTICLE 6e :   Elle est caduque en l'absence d'ouverture au public de l'\u00e9tablissement ou du service \ndans un d\u00e9lai de 3 ans suivant la notification de la d\u00e9cision d'autorisation \nconform\u00e9ment aux articles L. 313-1 et D. 313-7-2 du code de l'action sociale et des \nfamilles. \n \nAgence R\u00e9gionale de Sant\u00e9 - IDF-2025-08-01-00016 - Arr\u00eat\u00e9 2025-208 portant autorisation de changement de localisation de l'Institut\nm\u00e9dico-\u00e9ducatif (IME) \"Norbert Dana\" et du Service d'\u00e9ducation sp\u00e9ciale et de soins \u00e0 domicile (SESSAD) \"Evelyne et Salomon Madar\"\nsis 10 rue Juliette Dodu, 75010 PARIS\ng\u00e9r\u00e9 par l'Association Maison Benjamin, sise 2 bis Villa Thor\u00e9ton, 75015 PARIS\n7\n5 sur 5 \n \nARTICLE 7e :   Tout changement important dans l'activit\u00e9, l'installation, l'organisation, la direction ou \nle fonctionnement de l'\u00e9tablissement ou du service doit \u00eatre port\u00e9 \u00e0 la connaissance \nde l'autorit\u00e9 comp\u00e9tente. \n \nARTICLE 8e :  Un recours contre le pr\u00e9sent arr\u00eat\u00e9 peut \u00eatre form\u00e9 devant le tribunal administratif \ncomp\u00e9tent dans un d\u00e9lai de deux mois \u00e0 compter de sa notification ou, pour les tiers, \n\u00e0 compter de sa publication.   \n \nARTICLE 9e :   Le Directeur de la d\u00e9l\u00e9gation d\u00e9partementale de Paris de l'Agence r\u00e9gionale de sant\u00e9 \nIle-de-France est charg\u00e9 de l'ex\u00e9cution du pr\u00e9sent arr\u00eat\u00e9 qui sera publi\u00e9 aux recueils \ndes actes administratifs de la R\u00e9gion Ile-de-France et du d\u00e9partement de Paris. \n   \n \n \n \n Fait \u00e0 Saint-Denis, le 1er aout 2025  \n \n Pour le Directeur g\u00e9n\u00e9ral  \n de l'Agence r\u00e9gionale de sant\u00e9 d'Ile-de-France, \n \n \n \n  \n \nLe Directeur de la d\u00e9l\u00e9gation d\u00e9partementale de Paris \n Tanguy BODIN \n \n \n \nAgence R\u00e9gionale de Sant\u00e9 - IDF-2025-08-01-00016 - Arr\u00eat\u00e9 2025-208 portant autorisation de changement de localisation de l'Institut\nm\u00e9dico-\u00e9ducatif (IME) \"Norbert Dana\" et du Service d'\u00e9ducation sp\u00e9ciale et de soins \u00e0 domicile (SESSAD) \"Evelyne et Salomon Madar\"\nsis 10 rue Juliette Dodu, 75010 PARIS\ng\u00e9r\u00e9 par l'Association Maison Benjamin, sise 2 bis Villa Thor\u00e9ton, 75015 PARIS\n8\nAgence R\u00e9gionale de Sant\u00e9\nIDF-2025-07-08-00010\nArr\u00eat\u00e9 n\u00b0 2025-209 portant autorisation\nd'extension de capacit\u00e9 de 47 \u00e0 57 places\nde l'Institut M\u00e9dico-Educatif (IME) Les enfants\nterribles sis 120 avenue du Colonel Fabien \u00e0\nMontreuil (93 100) g\u00e9r\u00e9 par l'association AFG\nAutisme\nAgence R\u00e9gionale de Sant\u00e9 - IDF-2025-07-08-00010 - Arr\u00eat\u00e9 n\u00b0 2025-209 portant autorisation d'extension de capacit\u00e9 de 47 \u00e0 57\nplaces\nde l'Institut M\u00e9dico-Educatif (IME) Les enfants terribles sis 120 avenue du Colonel Fabien \u00e0 Montreuil (93 100) g\u00e9r\u00e9 par l'association\nAFG Autisme\n9\nREPUBLIQUEFRANCAISELibert\u00e9Egalit\u00e9Fraternit\u00e9\ne \u00bb Agence R\u00e9gionale de Sant\u00e9Ile-de-France\n \n \n \n \n \n \n \n \nAGENCE R\u00c9GIONALE DE SANT\u00c9 \u00ceLE-DE-FRANCE \n \nARRETE N\u00b02025-209 \n  \nportant autorisation d'extension de capacit\u00e9 de 47 \u00e0 57 places  \nde l'Institut M\u00e9dico-Educatif (IME) Les enfants terribles  \nsis 120 avenue du Colonel Fabien \u00e0 Montreuil (93 100) \n \ng\u00e9r\u00e9 par l'association AFG Autisme      \n \n \nLE DIRECTEUR G\u00c9N\u00c9RAL DE L'AGENCE R\u00c9GIONALE DE SANT\u00c9 \u00ceLE-DE-FRANCE \n \n \nVU le code de l'action sociale et des familles et notamment les articles L. 312-1, L. 313-1,   L. \n314-3 et suivants ; \n \nVU        le d\u00e9cret du 10 avril 2024 portant nomination de Monsieur Denis ROBIN, Directeur g\u00e9n\u00e9ral \nde l'Agence r\u00e9gionale de sant\u00e9 \u00cele-de-France \u00e0 compter du 29 avril 2024 ; \n \nVU l'arr\u00eat\u00e9 n\u00b0 DIRNOV-2023/08 de la Directrice g\u00e9n\u00e9rale de l'Agence r\u00e9gionale de sant\u00e9 \u00cele-\nde-France en date du 26 octobre 2023 portant adoption du cadre d'orientation strat\u00e9gique \n2018-2028 du projet r\u00e9gional de sant\u00e9 d'\u00cele-de-France ; \n \nVU l'arr\u00eat\u00e9 n\u00b0 DIRNOV-2023/09 de la Directrice g\u00e9n\u00e9rale de l'Agence r\u00e9gionale de sant\u00e9 \u00cele-\nde-France en date du 26 octobre 2023 portant adoption du sch\u00e9ma r\u00e9gional de sant\u00e9 \n2023-2028 du projet r\u00e9gional de sant\u00e9 d' \u00cele-de-France, modifi\u00e9 par l'arr\u00eat\u00e9 n\u00b0DIRNOV -\n2023/09 en date du 12 janvier 2024 ; \n \nVU l'arr\u00eat\u00e9 n\u00b0 2023-346 de la Directrice g\u00e9n\u00e9rale de l'Agence r\u00e9gionale de sant\u00e9 \u00cele-de-France \nen date du 4 d\u00e9cembre 2023 \u00e9tablissant le programme interd\u00e9partemental \nd'accompagnement des handicaps et de la perte d'autonomie (PRIAC) 2023-2027 pour la \nr\u00e9gion \u00cele-de-France ; \n \nVU  l'arr\u00eat\u00e9 n\u00b0 92 -140 de Monsieur le Pr\u00e9fet de la R\u00e9gion d'Ile de -France en date du \n 30 novembre 1992 autorisant l'association \u00ab  AFG Autisme 93  \u00bb \u00e0 cr\u00e9er une structure \nd'accueil de 10 places pour enfants et adolescents autistes \u00e2g\u00e9s de 6 \u00e0 20 ans, sis 120 \navenue du Colonel Fabien \u00e0 Montreuil ; \n \nVU  l'arr\u00eat\u00e9 n\u00b0 2016-426 en date du 30 novembre 2016 portant cession d'autorisation de l'IME \nles enfants terribles de 10 places \u00e0 l'association AFG Autisme ; \n \nVU l'arr\u00eat\u00e9 n\u00b0 171/2020 portant autorisation d'extension de capacit\u00e9 de 40 \u00e0 47 places de \nl'IME Les enfants terribles ; \n \nVU le projet pr\u00e9sent\u00e9 par l'association AFG Autisme visant \u00e0 l'extension de capacit\u00e9 de dix \nplaces de semi-internat destin\u00e9es \u00e0 des jeunes relevant de l'ASE ; \n \n \n \n \nAgence R\u00e9gionale de Sant\u00e9 - IDF-2025-07-08-00010 - Arr\u00eat\u00e9 n\u00b0 2025-209 portant autorisation d'extension de capacit\u00e9 de 47 \u00e0 57\nplaces\nde l'Institut M\u00e9dico-Educatif (IME) Les enfants terribles sis 120 avenue du Colonel Fabien \u00e0 Montreuil (93 100) g\u00e9r\u00e9 par l'association\nAFG Autisme\n10\n       2 \n \nCONSID\u00c9RANT  que dans le cadre de la Strat\u00e9gie Nationale de la Pr\u00e9vention et de la \nProtection de l'Enfance lanc\u00e9e le 14 octobre 2019, la d\u00e9l\u00e9gation \nd\u00e9partementale de Seine -Saint-Denis de l'ARS \u00cele-de-France s'est \nengag\u00e9e \u00e0 augmenter les capacit\u00e9s d'accueil des enfants prot\u00e9g\u00e9s en \nsituation de handicap et \u00e0 garantir leur accompagnement ; \n \nCONSIDERANT que le projet r\u00e9pond \u00e0 un besoin identifi\u00e9 sur le d\u00e9partement de Seine-\nSaint-Denis de cr\u00e9ation de places d'IME destin\u00e9es \u00e0 accueillir des jeunes \npr\u00e9sentant des Troubles du Spectre de l'Autisme et des jeunes relevant de \nla protection de l'enfance , en r\u00e9ponse aux nombreuses situations \ncomplexes multifactorielles du territoire ; \n \nCONSID\u00c9RANT qu'en application de l'article D 313 -2 du code de l'action sociale et des \nfamilles, le Directeur g\u00e9n\u00e9ral de l'Agence r\u00e9gionale de sant\u00e9 \u00cele-de-France \npeut d\u00e9roger aux seuils fix\u00e9s aux I \u00e0 IV de cet article au-del\u00e0 desquels les \nautorisations d'extension d'\u00e9tablissements ou de services m\u00e9dico-sociaux \ndoivent \u00eatre pr\u00e9c\u00e9d\u00e9es de la proc\u00e9dure d'appel \u00e0 projet pr\u00e9vue par l'article \nL. 313-1-1 du m\u00eame code, lorsqu'un motif d'int\u00e9r\u00eat g\u00e9n\u00e9ral le justifie et pour \ntenir compte de circonstances locales ; \n  \nCONSID\u00c9RANT  qu'il r\u00e9pond \u00e0 un besoin de d\u00e9veloppement de l'offre m\u00e9dico -sociale \nidentifi\u00e9 sur  le d\u00e9partement de Seine -Saint-Denis pour les personnes \nconcern\u00e9es par les Troubles du Neuro D\u00e9veloppement ; \n \nCONSID\u00c9RANT qu'il est compatible avec les objectifs et r\u00e9pond aux besoins sociaux et \nm\u00e9dico-sociaux fix\u00e9s par le sch\u00e9ma r\u00e9gional de sant\u00e9 ;  \n \nCONSID\u00c9RANT qu'il satisfait aux r\u00e8gles d'organisation et de fonctionnement pr\u00e9vues par le \ncode de l'action sociale et des familles ;  \n \nCONSID\u00c9RANT qu'il pr\u00e9sente un co\u00fbt de fonctionnement en ann\u00e9e pleine compatible avec \nle PRIAC  \u00cele-de-France et avec le montant de l'une des dotations \nmentionn\u00e9es \u00e0 l'article L. 314-3 du code de l'action sociale et des familles ; \n \nCONSID\u00c9RANT que l'Agence r\u00e9gionale de sant\u00e9 \u00cele-de-France dispose pour ce projet des \ncr\u00e9dits n\u00e9cessaires \u00e0 sa mise en \u0153uvre \u00e0 hauteur de 700 000 \u20ac au titre de \nl'enveloppe SNPPE. \n \n       \n \n \n \n \nARR\u00caTE  \n \n \nARTICLE 1er :  L'autorisation visant \u00e0 l'extension de capacit\u00e9 de 10 places de l'IME Les enfants \nterribles sis 120 avenue du Colonel Fabien \u00e0 Montreuil (93 100) destin\u00e9es \u00e0 accueillir \ndes enfants et jeunes adultes \u00e2g\u00e9s 0 \u00e0 20 ans est accord\u00e9e \u00e0 l'association AFG \nAutisme. \n \n \n \nAgence R\u00e9gionale de Sant\u00e9 - IDF-2025-07-08-00010 - Arr\u00eat\u00e9 n\u00b0 2025-209 portant autorisation d'extension de capacit\u00e9 de 47 \u00e0 57\nplaces\nde l'Institut M\u00e9dico-Educatif (IME) Les enfants terribles sis 120 avenue du Colonel Fabien \u00e0 Montreuil (93 100) g\u00e9r\u00e9 par l'association\nAFG Autisme\n11\n       3 \n \nARTICLE 2e : La capacit\u00e9 totale de cet \u00e9tablissement est dor\u00e9navant de 57 places destin\u00e9es \u00e0 des \npersonnes pr\u00e9sentant des Troubles du Spectre de l'Autisme r\u00e9parties comme suit : \n \n- 50 places en semi-internat dont 10 pour les enfants prot\u00e9g\u00e9s \n- 7 places dans le cadre de l'unit\u00e9 d'enseignement externalis\u00e9 maternelle autisme  \n \n \nARTICLE 3e : Conform\u00e9ment aux termes du dernier alin\u00e9a du I de l'article D. 312 -0-3 du code de \nl'action sociale et des familles, a ucune sp\u00e9cialisation n'exclut la prise en charge de \npersonnes pr\u00e9sentant des troubles associ\u00e9s \u00e0 ceux qui font l'objet de la pr\u00e9sente \nautorisation.  \n \n \nARTICLE 4e : Cette structure est r\u00e9pertori\u00e9e dans le Fichier National des Etablissements Sanitaires \net Sociaux (FINESS) de la fa\u00e7on suivante : \n \nN\u00b0 FINESS de l'\u00e9tablissement : 93 081 749 9 \n \nCode cat\u00e9gorie : 183 \u2013 Institut M\u00e9dico-Educatif \nCode discipline :  \n \n844 \u2013 Tous projets \u00e9ducatifs, \np\u00e9dagogiques et th\u00e9rapeutiques \n841 \u2013 Accompagnement dans \nl'acquisition de l'autonomie et la \nscolarisation \n \nCode \nfonctionnement   \n \n21 \u2013 Accueil de jour et \naccompagnement en milieu ordinaire \n     57 places \nCode client\u00e8le : \n \n437 \u2013 Troubles du spectre de l'autisme      57 places \nCode mode de fixation des tarifs : 57 \u2013 ARS/Dotation globalis\u00e9e  \n \nN\u00b0 FINESS du gestionnaire : 75 002 223 8 \n \nCode statut : 60 \u2013 Association type loi de 1901 \n \n \nARTICLE 5e :   La pr\u00e9sente autorisation est valable sous r\u00e9serve du r\u00e9sultat positif de la visite de \nconformit\u00e9 pr\u00e9vue par l'article L. 313-6 du code de l'action sociale et des familles. \n \n \nARTICLE 6e :   Elle est caduque en l'absence d'ouverture au public de l'\u00e9tablissement ou du service \ndans un d\u00e9lai de quatre ans suivant la notification de la d\u00e9cision d'autorisation  \nconform\u00e9ment aux articles L. 313-1 et D. 313-7-2 du code de l'action sociale et des \nfamilles. \n \n \nARTICLE 7e :   Tout changement important dans l'activit\u00e9, l'installation, l'organisation, la direction ou \nle fonctionnement de l'\u00e9tablissement ou du service doit \u00eatre port\u00e9 \u00e0 la connaissance \nde l'autorit\u00e9 comp\u00e9tente. \n \n \nARTICLE 8e :  Un recours contre le pr\u00e9sent arr\u00eat\u00e9 peut \u00eatre form\u00e9 devant le tribunal administratif \ncomp\u00e9tent dans un d\u00e9lai de deux mois \u00e0 compter de sa notification ou, pour les tiers, \n\u00e0 compter de sa publication.   \n \nAgence R\u00e9gionale de Sant\u00e9 - IDF-2025-07-08-00010 - Arr\u00eat\u00e9 n\u00b0 2025-209 portant autorisation d'extension de capacit\u00e9 de 47 \u00e0 57\nplaces\nde l'Institut M\u00e9dico-Educatif (IME) Les enfants terribles sis 120 avenue du Colonel Fabien \u00e0 Montreuil (93 100) g\u00e9r\u00e9 par l'association\nAFG Autisme\n12\n       4 \n \n \nARTICLE 9e :   La Directrice de la d\u00e9l\u00e9gation d\u00e9partementale de Seine-Saint-Denis de l'Agence \nr\u00e9gionale de sant\u00e9 \u00cele-de-France est charg\u00e9e de l'ex\u00e9cution du pr\u00e9sent arr\u00eat\u00e9 qui sera \npubli\u00e9 au recueil des actes administratifs de la R\u00e9gion \u00cele-de-France. \n \n \n \n       \n Fait \u00e0 Saint-Denis, le 08 juillet 2025 \n \n       \n P/Le Directeur g\u00e9n\u00e9ral \n de l'Agence r\u00e9gionale de sant\u00e9 \n \u00cele-de-France \n \n \nSIGNE \n \n \n \n \n Sophie MARTINON \n Directrice g\u00e9n\u00e9rale adjointe  \nAgence R\u00e9gionale de Sant\u00e9 - IDF-2025-07-08-00010 - Arr\u00eat\u00e9 n\u00b0 2025-209 portant autorisation d'extension de capacit\u00e9 de 47 \u00e0 57\nplaces\nde l'Institut M\u00e9dico-Educatif (IME) Les enfants terribles sis 120 avenue du Colonel Fabien \u00e0 Montreuil (93 100) g\u00e9r\u00e9 par l'association\nAFG Autisme\n13\nDirection r\u00e9gionale des affaires culturelles\nd'Ile-de-France \nIDF-2025-08-03-00001\nArr\u00eat\u00e9 portant inscription au titre des\nmonuments historiques de l'ancien institut du\nRadium (Paris, 5e arrondissement)\nDirection r\u00e9gionale des affaires culturelles d'Ile-de-France  - IDF-2025-08-03-00001 - Arr\u00eat\u00e9 portant inscription au titre des monuments\nhistoriques de l'ancien institut du Radium (Paris, 5e arrondissement) 14\nE =PREFET |DE LA REGIOND'\u00ceLE-DE-FRANCELibert\u00e9Egalit\u00e9Fraternit\u00e9\nPr\u00e9fecture de la r\u00e9gion d'Ile-de-France \n5 rue Leblanc 75015 Paris \u2013 Standard 01 82 52 40 00  \u2022 T\u00e9l\u00e9copie 01 82 52 40 16 \nAdresse Internet : www.paris-idf.gouv.fr  \nDirection r\u00e9gionale \n  des affaires culturelles \n  d'\u00cele-de-France \n \n \n \n \n \nA R R \u00ca T \u00c9  N \u00b0  \n \nportant inscription au titre des monuments historiques  \nde l'ancien institut du Radium (Paris, 5e arrondissement) \n \nLE PR\u00c9FET DE LA R\u00c9GION D'\u00ceLE-DE-FRANCE \nPR\u00c9FET DE PARIS \nCOMMANDEUR DE LA L\u00c9GION D'HONNEUR \nOFFICIER DE L'ORDRE NATIONAL DU M\u00c9RITE  \n \nVU le code du patrimoine, livre VI, titres I et II  ;  \nVU le d\u00e9cret n\u00b0 2004-374 du 29 avril 2004 relatif aux pouvoirs des pr\u00e9fets, \u00e0 l'organisation et \u00e0 \nl'action des services de l'\u00c9tat dans les r\u00e9gions et d\u00e9partements ; \nVU l'avis de la commission r\u00e9gionale du patrimoine et de l'architecture en date du 25 mars \n2025  ; \nVU les autres pi\u00e8ces produites et jointes au dossier ; \nCONSID\u00c9RANT que l'ancien institut du Radium a \u00e9t\u00e9 construit par Henri Paul N\u00e9not selon les \ndirectives de Pierre et Marie Curie ; qu'il constitue le seul laboratoire con\u00e7u sp\u00e9cifiquement \npour le couple Curie et le lieu de travail de Marie Curie \u00e0 partir de 1914 ; que les trois b\u00e2timents \nconstituant l'institut du Radium \u2013 le pavillon Curie, le pavillon Pasteur et le pavillon des \nSources \u2013 constituaient un ensemble organique interd\u00e9pendant d\u00e9di\u00e9 \u00e0 la recherche sur le \nradium et \u00e0 son application dans le domaine m\u00e9dical, et que pour ces raisons, la conservation \ndes trois b\u00e2timents et du jardin pr\u00e9sente, au point de vue de l'histoire et de l'histoire des \nsciences, un int\u00e9r\u00eat suffisant pour en d\u00e9sirer la protection ; \n \nA R R \u00ca T E  \n \nARTICLE I \ner . Sont inscrits au titre des monuments historiques les fa\u00e7ades du pavillon des \nSources ; les fa\u00e7ades et toitures du pavillon Curie ; les fa\u00e7ades et toitures du pavillon Pasteur ; \nle jardin situ\u00e9 devant le Pavillon des sources ; et, \u00e0 l'int\u00e9rieur du pavillon Curie, le bureau de \nMarie Curie en totalit\u00e9 ; le laboratoire de Marie Curie, sans ses am\u00e9nagements, et \nl'amphith\u00e9\u00e2tre. \nLa parcelle cadastrale BC 43 a une contenance de 2 654 m\u00e8tres carr\u00e9s.  \nL'ancien institut du Radium appartient \u00e0 l'Institut Curie par acte de donation du 19 mai 1993 \npass\u00e9 devant Ma\u00eetre Blondet, notaire \u00e0 Paris, publi\u00e9 au bureau de la publicit\u00e9 fonci\u00e8re de Paris \nle 8 juillet 1996 volume 1996P n\u00b03973. \nDirection r\u00e9gionale des affaires culturelles d'Ile-de-France  - IDF-2025-08-03-00001 - Arr\u00eat\u00e9 portant inscription au titre des monuments\nhistoriques de l'ancien institut du Radium (Paris, 5e arrondissement) 15\nPr\u00e9fecture de la r\u00e9gion d'Ile-de-France \n5 rue Leblanc 75015 Paris \u2013 Standard 01 82 52 40 00  \u2022 T\u00e9l\u00e9copie 01 82 52 40 16 \nAdresse Internet : www.paris-idf.gouv.fr  \nL'Institut Curie est identifi\u00e9 sous le n\u00b0SIREN 784 257 164 et sis 26 rue d'Ulm, 75248 Paris \u2013 \nCedex 05. \nARTICLE 2. Le pr\u00e9sent arr\u00eat\u00e9 sera notifi\u00e9 au propri\u00e9taire, au maire de la commune concern\u00e9e \net le cas \u00e9ch\u00e9ant, \u00e0 l'autorit\u00e9 comp\u00e9tente en mati\u00e8re de plan local d'urbanisme. \nARTICLE 3. Le pr\u00e9fet de la r\u00e9gion d'\u00cele-de-France est charg\u00e9 de l'ex\u00e9cution du pr\u00e9sent arr\u00eat\u00e9, \nqui sera publi\u00e9 au fichier immobilier de la situation de l'immeuble inscrit et au recueil des actes \nadministratifs de la pr\u00e9fecture de r\u00e9gion. \n \n \nFait \u00e0 PARIS, le 3 ao\u00fbt 2025 \nLe Pr\u00e9fet de la r\u00e9gion d'\u00cele-de-France, \npr\u00e9fet de Paris \nSIGN\u00c9 \nMarc GUILLAUME \n  \nDirection r\u00e9gionale des affaires culturelles d'Ile-de-France  - IDF-2025-08-03-00001 - Arr\u00eat\u00e9 portant inscription au titre des monuments\nhistoriques de l'ancien institut du Radium (Paris, 5e arrondissement) 16\nL\u00e9gende| Inscription du jardin et de sa grille| | Inscription des facadesEE Inscription des fa\u00e7ades et toitures\u00c0 Int\u00e9rieurs prot\u00e9g\u00e9sC1 Emprise de la parcelle BC43| C\u00e9t\u00e9 cour/jardin | F= a  |X if ovens 42 Terrasse ]/ BUREAU Cour Cour loseAIR RA | : | me |\n=  \nCua  = SALLE DE REUNONJQUOT LABORATOIRE MLSEE\nLL cuoz Se oer! Ske ADONIS gucon870m sn= Il E=5 KL\u00a9o CU00 17= D'EXPOSITION MJSEE\u0153 100.10 mF\n= 2 = = _][a |\u00a9 4, pluET Inscription en totalit\u00e9| Inscription des mursRue Pierre-et-Marie Cune\nPr\u00e9fecture de la r\u00e9gion d'Ile-de-France \n5 rue Leblanc 75015 Paris \u2013 Standard 01 82 52 40 00  \u2022 T\u00e9l\u00e9copie 01 82 52 40 16 \nAdresse Internet : www.paris-idf.gouv.fr  \nPlan annex\u00e9 \u00e0 l'arr\u00eat\u00e9 n\u00b0                                               portant inscription au titre des \nmonuments historiques de l'ancien institut du Radium (Paris 5 e arrondissement) \n \n \n  \nPlan du rez-de-chauss\u00e9e du pavillon Curie \nFait \u00e0 Paris, le 3 ao\u00fbt 2025  \nLe Pr\u00e9fet de la r\u00e9gion d'\u00cele-de-France, \npr\u00e9fet de Paris \nSIGN\u00c9 \nMarc GUILLAUME \n \nDirection r\u00e9gionale des affaires culturelles d'Ile-de-France  - IDF-2025-08-03-00001 - Arr\u00eat\u00e9 portant inscription au titre des monuments\nhistoriques de l'ancien institut du Radium (Paris, 5e arrondissement) 17","date":"2025-08-04","first_seen_on":"2025-08-04T16:44:52+00:00","id":"b7d3086e619701a5903d17eb1560d996379ed69844758bf2672033dffed5689a","name":"recueil-idf-008-2025-08-recueil-des-actes-administratifs-special du 04.08.2025","pdf_creation_date":"2025-08-04T14:59:44+00:00","pdf_modification_date":null,"timezone":"Europe/Paris","url":"https://www.prefectures-regions.gouv.fr/ile-de-france/irecontenu/telechargement/130039/957011/file/recueil-idf-008-2025-08-recueil-des-actes-administratifs-special%20du%2004.08.2025.pdf"}
