{"administration":"pref21","administration_name":"Pr\u00e9fecture de C\u00f4te-d\u2019Or","content":"PR\u00c9FET\nDE LA C\u00d4TE-D'OR\nRECUEIL DES ACTES\nADMINISTRATIFS\nN\u00b021-2024-179\nPUBLI\u00c9 LE 20 D\u00c9CEMBRE 2024\nSommaire\nDirection d\u00e9partementale de l'emploi, du travail et des solidarit\u00e9s de\nC\u00f4te-d'Or / Service renseignements en droit du travail\n21-2024-12-20-00001 - ARRETE AGREMENT SCOP SOCIETE ASCOP\nCOOPERATIVE ASCENSEURS ET AUTOMATISMES (2 pages) Page 3\nDirection d\u00e9partementale des territoires de la C\u00f4te-d'Or /\n21-2024-12-17-00005 - arr\u00eat\u00e9 2024-1867 NBI DURAFOUR (3 pages) Page 6\nDirection d\u00e9partementale des territoires de la C\u00f4te-d'Or / Service de l'eau\net des risques\n21-2024-12-19-00004 - Arr\u00eat\u00e9 pr\u00e9fectoral n\u00b01890 du 19 d\u00e9cembre\n2024 relatif \u00e0 l'exercice de la p\u00eache dans le d\u00e9partement de la\nC\u00f4te-d'or pour l'ann\u00e9e 2025 (13 pages) Page 10\n21-2024-12-19-00006 - Arr\u00eat\u00e9 pr\u00e9fectoral n\u00b01892 du 19 d\u00e9cembre\n2024 modifiant l'arr\u00eat\u00e9 pr\u00e9fectoral n\u00b011265 du 23 d\u00e9cembre 2021\nportant institution de la mise en r\u00e9serve quinquennale de cours d'eau,\nsections de cours d'eau ou plans d'eau dans le d\u00e9partement de la\nC\u00f4te-d'Or pour les ann\u00e9es 2022-2027 (3 pages) Page 24\n21-2024-12-19-00005 - Arr\u00eat\u00e9 pr\u00e9fectoral permanent n\u00b01891 du 19\nd\u00e9cembre 2024 relatif \u00e0 l'exercice de la p\u00eache aux lignes de la carpe\nde nuit dans le d\u00e9partement de l' C\u00f4te-d'Or (5 pages) Page 28\nPr\u00e9fecture de la C\u00f4te-d'Or / Direction de la coordination, des politiques\npubliques et de l'appui territorial\n21-2024-12-18-00005 - Arr\u00eat\u00e9 pr\u00e9fectoral n\u00b0\u00a01903 du 18\nd\u00e9cembre 2024 relatif \u00e0 la pr\u00e9sidence de la commission\nd\u00e9partementale d'am\u00e9nagement commercial de C\u00f4te-d'Or (2 pages) Page 34\nPr\u00e9fecture de la C\u00f4te-d'Or / Direction des s\u00e9curit\u00e9s\n21-2024-12-18-00003 - ARR\u00caT\u00c9 PR\u00c9FECTORAL N\u00b0 1899\nportant\ninterdiction temporaire de vente, cession et utilisation d'artifices de\ndivertissement et d'articles pyrotechniques en C\u00f4te-d'Or (3 pages) Page 37\n21-2024-12-18-00004 - ARR\u00caT\u00c9 PR\u00c9FECTORAL n\u00b0 1900 portant\ninterdiction temporaire de distribution, d'achat et de vente \u00e0\nemporter de carburant et combustibles  (2 pages) Page 41\n2\nDirection d\u00e9partementale de l'emploi, du travail\net des solidarit\u00e9s de C\u00f4te-d'Or\nService renseignements en droit du travail\n21-2024-12-20-00001\nARRETE AGREMENT SCOP SOCIETE ASCOP\nCOOPERATIVE ASCENSEURS ET AUTOMATISMES\nDirection d\u00e9partementale de l'emploi, du travail et des solidarit\u00e9s de C\u00f4te-d'Or - 21-2024-12-20-00001 - ARRETE AGREMENT SCOP\nSOCIETE ASCOP COOPERATIVE ASCENSEURS ET AUTOMATISMES 3\n\u00c9FETE'\u00c8E:A Direction D\u00e9partementale de l'Emploi,C\u00d4TE-D'ORLiverte du Travail et des Solidarit\u00e9s\u00c9salir\u00e9Frateruit\u00e9\nArr\u00eat\u00e9- Reconnaissant la qualit\u00e9 de Soci\u00e9t\u00e9 Coop\u00e9rative Ouvri\u00e8re de Production (SCOP)\nLE PREFET DE LA REGION BOURGOGNE FRANCHE COMTE,\nPREFET DE LA COTE D'ORVu la loi n\u00b047-1775 du 10 septembre 1947 portant statut de la coop\u00e9ration,Vu la loi n\u00b078-763 du 19 juillet 1978 portant statut des Coop\u00e9ratives Ouvri\u00e8res de Production, et notamment sonarticle 54,Vu la loi n\u00b092-643 du 13 juillet 1992 relative \u00e0 la modernisation des entreprises coop\u00e9ratives,Vu lve code des march\u00e9s publics, et notamment les articles 53 et 91,Vu le d\u00e9cret n\u00b097-34 du 15 janvier 1997 relatif \u00e0 la d\u00e9concentration des d\u00e9cisions administratives individuelles,Vu le d\u00e9cret n\u00b093-455 du 23 mars 1993 relatif \u00e0 la sortie du statut coop\u00e9ratif,Vu le d\u00e9cret n\u00b093-1231 du 10 novembre 1993 relatif \u00e0 la reconnaissance de la qualit\u00e9 de Soci\u00e9t\u00e9 Coop\u00e9rativeOuvri\u00e8re de Production,Vu le d\u00e9cret du 10 octobre 2024 nommant Monsieur Paul MOURIER, pr\u00e9fet de la r\u00e9gion Bourgogne-Franche-Comt\u00e9 _Vu le d\u00e9cret 2020-1545 du 9 d\u00e9cembre 2020 relatif \u00e0 l'organisation et aux missions des directions r\u00e9gionales del'\u00e9conomie, de l'emploi, du travail et des solidarit\u00e9s, des directions d\u00e9partementales de l'emploi, du travail, dessolidarit\u00e9s et des directions d\u00e9partementales de l'emploi, du travail, des solidarit\u00e9s et de la protection despopulations, notamment son article 25Vu l'arr\u00eat\u00e9- minist\u00e9riel du 7 octobre 2024 portant Madame Armelle LEON dans l'emploi de directriced\u00e9partemental de l'emploi, du travail et des solidarit\u00e9s de la C\u00f4te d'OrVu l'arr\u00eat\u00e9 pr\u00e9fectoral n\u00b0328 du 26 mars 2021 portant orgaflisation de la direction d\u00e9partementale de l'emploi,du travail et des solidarit\u00e9s de la C\u00f4te d'OrVu l'arr\u00eat\u00e9 pr\u00e9fectoral n\u00b01657/SG du 28 octobre 2024 portant d\u00e9l\u00e9gation de signature \u00e0 Madame Armelle LEON(DDETS) et l'arr\u00eat\u00e9 pr\u00e9fectoral n\u00b0003/DDETS du 28 octobre 2024 portant subd\u00e9l\u00e9gation de signature aux agentsde la DDETS ' ;Vu le courrier du 17 d\u00e9cembre 2024 \u00e9manant de la Conf\u00e9d\u00e9ration G\u00e9n\u00e9rale des Soci\u00e9t\u00e9s Coop\u00e9ratives Ouvri\u00e8resde Production,Consid\u00e9rant l'avis favorable \u00e9mis dans ledit courrier\nDirection d\u00e9partementale de l'emploi, du travail et des solidarit\u00e9s de C\u00f4te-d'Or - 21-2024-12-20-00001 - ARRETE AGREMENT SCOP\nSOCIETE ASCOP COOPERATIVE ASCENSEURS ET AUTOMATISMES 4\nARRETE\nARTICLE 1\"\" :La soci\u00e9t\u00e9 ASCOP COOPERATIVE ASCENSEURS ET AUTOMATISMES situ\u00e9e 21 rue de Cracovie \u00e0 .SAINT-APOLLINAIRE (21850), est habilit\u00e9e \u00e0 prendre l'appellation de Soci\u00e9t\u00e9 Coop\u00e9rative Ouvri\u00e8re deProduction ou de Soci\u00e9t\u00e9 Coop\u00e9rative Ouvri\u00e8re de Travailleurs ou \u00e0 utiliser cette appellation ou les initiales\u00ab SCOP \u00bb ou \u00ab SCOT \u00bb ainsi qu'\u00e0 pr\u00e9tendre au b\u00e9n\u00e9fice des dispositions pr\u00e9vues par les textes l\u00e9gislatifs our\u00e9glementaires relatifs aux Soci\u00e9t\u00e9s Coop\u00e9ratives Ouvri\u00e8res de Production.ARTICLE2 :Cette m\u00eame soci\u00e9t\u00e9 pourra pr\u00e9tendre au b\u00e9n\u00e9fice des avantages pr\u00e9vus aux articles 53 et 91 du code des march\u00e9spublics. :\nARTICLE3 :L'habilitation, accord\u00e9e en vertu du pr\u00e9sent arr\u00eat\u00e9, \u00e0 la soci\u00e9t\u00e9 vis\u00e9e \u00e0 l'article 1, est valable, sous r\u00e9serve desdispositions des articles 2 et 4 du d\u00e9cret n\u00b093-1231 du 10 novembre 1993 relatif \u00e0 la reconnaissance de la qualit\u00e9de Soci\u00e9t\u00e9 Coop\u00e9rative Ouvri\u00e8re de Production, \u00e0 compter de la date d'inscription en tant que Soci\u00e9t\u00e9Coop\u00e9rative Ouvri\u00e8re de Production au registre du commerce, et jusqu'\u00e0 radiation prononc\u00e9e dans les conditionspr\u00e9vues par les articles 6 et 7 du m\u00eame texte.\nFait \u00e0 Dijon, le 20 d\u00e9cembre 2024Pour le Pr\u00e9fet et par d\u00e9l\u00e9gationP/le Directeur D\u00e9partemental, de l'Emploi, du Travailet des Solidarit\u00e9sLa Directrice Adjointe \"\nSign\u00e9 Barbara RUBAGOTTI\nNB: la pr\u00e9sente d\u00e9cision peut \u00eatre contest\u00e9e dans un d\u00e9lai de deux mois \u00e0 compter de sa notification par voie :Du recours gracieux aupr\u00e8s du signataire.Du recours contentieux aupr\u00e8s du tribunal administratif de Dijon-22 rue d'Assas. Le tribunal administratifpeut-\u00eatre saisi d'un recours d\u00e9pos\u00e9 via l'application t\u00e9l\u00e9recours citoyens accessible par le site internetwww.telerecours.frs\nDirection d\u00e9partementale de l'emploi, du travail et des solidarit\u00e9s de C\u00f4te-d'Or - 21-2024-12-20-00001 - ARRETE AGREMENT SCOP\nSOCIETE ASCOP COOPERATIVE ASCENSEURS ET AUTOMATISMES 5\nDirection d\u00e9partementale des territoires de la\nC\u00f4te-d'Or\n21-2024-12-17-00005\narr\u00eat\u00e9 2024-1867 NBI DURAFOUR\nDirection d\u00e9partementale des territoires de la C\u00f4te-d'Or - 21-2024-12-17-00005 - arr\u00eat\u00e9 2024-1867 NBI DURAFOUR 6\nSecr\u00e9tariat G\u00e9n\u00e9ral CommunN  dela C\u00f4te-d'OrPR\u00c9FETDE LACOTE-D'ORLibert\u00e9\u00c9galit\u00e9Fraternit\u00e9\nAffaire suivie par : Christelle Dijon, le 11/12/2024THEVENOT-BARRET |Service des Ressources HumaineBureau ressources humaines de proximit\u00e9T\u00e9l : 03.80.29.43.02m\u00e9l : christelle.thevenot@cote-dor.gouv.fr\nArr\u00e9t\u00e9 pr\u00e9fectoral n\u00b0 1867/2024 du 11/12/2024fixant par cat\u00e9gorie, les postes \u00e9ligibles au titre des 6&\u00e9me et 7\u00e8me tranches del'enveloppe DURAFOUR - nouvelles bonification indiciaires\nLe pr\u00e9fet de la r\u00e9gion Bourgogne-Franche-Comt\u00e9Pr\u00e9fet de la C\u00f4te-d'Or\nVU la loi n\u00b0 91-73 du 18 janvier 1991 portant dispositions relativ\u00e9s \u00e0 la sant\u00e9 publique etaux assurances sociales, et notamment son article 27,VU le d\u00e9cret n\u00b0 91-1067 du 14 octobre 1991 portant attribution de la nouvellebonification indiciaire \u00e0 certains personnels du Minist\u00e8re de l'Equipement, duLogement, des Transports et de I'Espace modifi\u00e9 par le d\u00e9cret n\u00b0 95-1085 du 6 octobre1995, par le d\u00e9cret n\u00b0 2000-137 du 18 f\u00e9vrier 2000 et par le d\u00e9cret 2001-1162 du 7d\u00e9cembre 2001,VU le d\u00e9cret n\u00b0 2001-1161 du 7 d\u00e9cembre 2001 portant d\u00e9concentration de d\u00e9cisionsrelatives \u00e0 l'attribution de la nouvelle bonification indiciaire dans les services duminist\u00e8re de l'\u00e9quipement, des transports et du logement,Vu le d\u00e9cret n\u00b02009-1484 du 3 d\u00e9cembre 2009 relatif aus directions d\u00e9partmentalesinterminist\u00e9rielles,VU l'arr\u00eat\u00e9 du 7 d\u00e9cembre 2001 portant d\u00e9l\u00e9gation de pouvoir en mati\u00e8re d'attributionde la nouvelle bonification indiciaire dans les services du minist\u00e8re de l'\u00e9quipement,des transports et du logement ( NOR : EQUP 0101500 A),VU l'arr\u00eat\u00e9 pr\u00e9fectoral n\u00b0 722 du 8 novembre 2017 fixant par cat\u00e9gorie, les postes\u00e9ligibles au titre des 6eme et 7\u00e8me tranches de l'enveloppe DURAFOUR,\nDirection d\u00e9partementele des territoires de Ja C\u00f4te-c'Or57 vue de Mulhouse - BP 53317 - 21033 Dijon CEDEXT\u00e9l.: 02 80 28 44 34 1Courriel : ddt@cote-dor.gouv.fr - Site internet :http://w vw.cote-dorgouv.fr\nDirection d\u00e9partementale des territoires de la C\u00f4te-d'Or - 21-2024-12-17-00005 - arr\u00eat\u00e9 2024-1867 NBI DURAFOUR 7\nVU larr\u00e9t\u00e9 du 'Ter f\u00e9vrier 2024 portant r\u00e9partition de l'envelopp\u00e9 de nouvellebonification indiciaire dans certains services d\u00e9concentr\u00e9s, dans certains servicestechniques et dans certains services \u00e0 comp\u00e9tence nationale, du minist\u00e8re de latransition \u00e9cologique et de la coh\u00e9sion des territoires, au titre des 6G\u00e8me et 7\u00e8metranche de la mise en \u0153uvre du protocole Durafour,VU l'arr\u00eat\u00e9 pr\u00e9fectoral N\u00b01659/SG du 28/10/24 donnant d\u00e9l\u00e9gation de signature \u00e0 MmeFlorence LAUBIER, directrice d\u00e9partementale des territoires de C\u00f4te-d'Or.VU les avis du CSA de la Direction-D\u00e9partementale des territoires de la C\u00f4te-d'Or endate du 26/09/2024\nARRETEARTICLE 1\u00b0\": L'arr\u00eat\u00e9 n\u00b0 1499/2023 du 23 octobre 2023 fixant par cat\u00e9gorie, les postes\u00e9ligibles au titre des G\u00e8me et 7\u00e8me tranches de l'enveloppe DURAFOUR est abrog\u00e9. Lanouvelle bonification indiciaire est fix\u00e9e comme suit \u00e0 compter du 1er janvier 2024,conform\u00e9ment \u00e0 l'annexe jointe au pr\u00e9sent arr\u00eat\u00e9. \u2014ARTICLE -2; Madame la directrice d\u00e9partementale des territoires de la C\u00f4te-d'Or estcharg\u00e9e de l'ex\u00e9cution du pr\u00e9sent arr\u00eat\u00e9, qui prend effet \u00e0 compter du 1er janvier 2024,qui sera publi\u00e9 au recueil des actes administratifs de la pr\u00e9fecture dela C\u00f4te-d'Or.\nFait \u00e0 Dijon, le A7/12/24La directrice d\u00e9partementale des territoiresPour le pr\u00e9fet et par d\u00e9l\u00e9gation,\n<2Florence LAUBIER\nDirection d\u00e9partementale des territoires de la C\u00f4te-d'Or - 21-2024-12-17-00005 - arr\u00eat\u00e9 2024-1867 NBI DURAFOUR 8\n,asi1oopuonsabjeaJennoIm..._._:omm'-COC/L0/L0d3ssneainqnp16991AI8SNpojgesuodsesnpajue)sISSYGl1202/10/10|\u00a5iauonoaliqpsjuelsissygGl0L0/L0/LO|1IVONSsenbipunfsesreyesopneainqnp(s)uiolpeA\u0153%_\u00f4_gsonbibojouyse1sbEcoc/60/L03vdssenbsissopuonuaAgud}8uoljedlyiue|dneaingnpJayo|egsipenqnusVORONASULP_GlLCOZ/LO/LOOHSalodep46yI\u2014UIEQUNJUGWOIjOANOUEI10JEGEU|eapajeuoyILIe]onbiIjodneaingapJoyonejuiofpyShEcoc/OL/LOLVONSape01jod\u20ac|ap1nejeu1p1009\u2014UOHUEAAIdpJueJSISSYqezi0Z0Z/2L/LO1vonssenbipunfsallegesopneainqnp(24)40Y9Vec0L0Z/LO/LO|OHSjJuawabojnpajg00|anbnijodnesingnp(24)1940v;|veiLailSINCSPONIPMDE9eaSSIENESRI\u20aczbZOZ/L0/L0OHSUonONNSUOOJ3JEUGEUS0IAISSNP(94UVajsoduaioueJed9)sodaujneunesonquijee!sjulod19N|&ajqiBieJueweuValoue8)sodnpulejnyyNP#2//0/10Neel\u20aczbZOZ/20/LOLVONS\u00cbM\u0152W\u00cb............ov\u00e6_w_...:mm_......wmo\u0153mmu...%m\u00e6\u00fc@vueyedopeejinse1sodalineunesenqupes.sjulod(@NO1VYNA)tZ0Z/298LVHO103-34d3LZHHV\nLZLAGIGN\nDirection d\u00e9partementale des territoires de la C\u00f4te-d'Or - 21-2024-12-17-00005 - arr\u00eat\u00e9 2024-1867 NBI DURAFOUR 9\nDirection d\u00e9partementale des territoires de la\nC\u00f4te-d'Or\nService de l'eau et des risques\n21-2024-12-19-00004\nArr\u00eat\u00e9 pr\u00e9fectoral n\u00b01890 du 19 d\u00e9cembre 2024\nrelatif \u00e0 l'exercice de la p\u00eache dans le\nd\u00e9partement de la C\u00f4te-d'or pour l'ann\u00e9e 2025\nDirection d\u00e9partementale des territoires de la C\u00f4te-d'Or - 21-2024-12-19-00004 - Arr\u00eat\u00e9 pr\u00e9fectoral n\u00b01890 du 19 d\u00e9cembre 2024\nrelatif \u00e0 l'exercice de la p\u00eache dans le d\u00e9partement de la C\u00f4te-d'or pour l'ann\u00e9e 2025 10\nExPREFETDE LACOTE-D'ORL,z'bert\u00e9Egalit\u00e9Fraternit\u00e9\nDirection d\u00e9partementale des territoires\nde la C\u00f4te-d'Or\nService de l'eau et des risques\nBureau pr\u00e9servation de la qualit\u00e9 de l'eau et\ndes milieux aquatiques\nm\u00e9l\u00a0:\u00a0ddt-ser-ope@cote-dor.gouv.fr\nArr\u00eat\u00e9 pr\u00e9fectoral n\u00b0 1890 du 19 d\u00e9cembre 2024\nrelatif\u00a0\u00e0\u00a0l'exercice\u00a0de\u00a0la\u00a0p\u00eache\u00a0dans\u00a0le\u00a0d\u00e9partement\u00a0de\u00a0la\u00a0C\u00f4te-d'Or\u00a0pour\u00a0l'ann\u00e9e\u00a02025\nLe\u00a0pr\u00e9fet\u00a0de\u00a0la\u00a0C\u00f4te-d'Or\nVU\u00a0le\u00a0titre\u00a0III\u00a0du\u00a0livre\u00a0IV\u00a0du\u00a0code\u00a0de\u00a0l'environnement\u00a0et\u00a0notamment\u00a0l'article\u00a0L.430-\u00a01\u00a0;\nVU\u00a0 l'arr\u00eat\u00e9\u00a0minist\u00e9riel\u00a0du\u00a08\u00a0d\u00e9cembre\u00a01988\u00a0fixant\u00a0la\u00a0liste\u00a0des\u00a0esp\u00e8ces\u00a0de\u00a0poissons\nprot\u00e9g\u00e9es\u00a0sur\u00a0l'ensemble\u00a0du\u00a0territoire\u00a0;\nVU\u00a0le\u00a0plan\u00a0national\u00a0de\u00a0gestion\u00a0de\u00a0l'anguille\u00a0approuv\u00e9\u00a0par\u00a0d\u00e9cision\u00a0de\u00a0la\u00a0commission\neurop\u00e9enne\u00a0du\u00a015\u00a0f\u00e9vrier\u00a02010\u00a0;\nVU\u00a0l'arr\u00eat\u00e9\u00a0pr\u00e9fectoral\u00a0n\u00b0\u00a0595\u00a0du\u00a031\u00a0ao\u00fbt\u00a02017\u00a0portant\u00a0classement\u00a0des\u00a0cours\u00a0d'eau,\u00a0canaux\net\u00a0plans\u00a0d'eau\u00a0en\u00a0cat\u00e9gories\u00a0piscicoles\u00a0dans\u00a0le\u00a0d\u00e9partement\u00a0de\u00a0la\u00a0C\u00f4te-d'Or\u00a0;\nVU\u00a0le\u00a0cahier\u00a0des\u00a0charges\u00a0pour\u00a0l'exploitation\u00a0du\u00a0droit\u00a0de\u00a0p\u00eache\u00a0de\u00a0l'\u00c9tat\u00a0\u00e9tabli\u00a0en\u00a0date\u00a0du\n27\u00a0juin\u00a02022\u00a0pour\u00a0la\u00a0p\u00e9riode\u00a0du\u00a01er\u00a0janvier\u00a02023\u00a0au\u00a031\u00a0d\u00e9cembre\u00a02027\u00a0;\nVU\u00a0les\u00a0avis\u00a0\u00e9mis\u00a0du\u00a0groupe\u00a0technique\u00a0de\u00a0travail\u00a0d\u00e9partemental\u00a0consultatif\u00a0de\u00a0la\u00a0p\u00eache\n(DDT, OFB, FDPPMA, Association D\u00e9partementale Agr\u00e9\u00e9e des P\u00eacheurs Amateurs aux Engins\net  Filets  -ADAPAEF-,  Association  inter-d\u00e9partementale  des  P\u00eacheurs  Professionnels  de  la\nSa\u00f4ne, du Doubs et du Haut-Rh\u00f4ne, VNF)\u00a0;\nVU\u00a0l'avis\u00a0r\u00e9put\u00e9\u00a0favorable\u00a0de\u00a0l'Office\u00a0Fran\u00e7ais\u00a0de\u00a0la\u00a0Biodiversit\u00e9\u00a0;\nVU\u00a0l'avis\u00a0r\u00e9put\u00e9\u00a0favorable\u00a0de\u00a0la\u00a0f\u00e9d\u00e9ration\u00a0de\u00a0C\u00f4te-d'Or\u00a0de\u00a0p\u00eache\u00a0et\u00a0de\u00a0protection\u00a0du\nmilieu\u00a0aquatique\u00a0;\nVU  l'avis \u00a0r\u00e9put\u00e9 \u00a0 favorable \u00a0de \u00a0 l'association \u00a0 interd\u00e9partementale \u00a0 des \u00a0 p\u00eacheurs\nprofessionnels\u00a0de\u00a0la\u00a0Sa\u00f4ne,\u00a0du\u00a0Doubs\u00a0et\u00a0du\u00a0Haut-Rh\u00f4ne\u00a0;\n1\nDirection d\u00e9partementale des territoires de la C\u00f4te-d'Or - 21-2024-12-19-00004 - Arr\u00eat\u00e9 pr\u00e9fectoral n\u00b01890 du 19 d\u00e9cembre 2024\nrelatif \u00e0 l'exercice de la p\u00eache dans le d\u00e9partement de la C\u00f4te-d'or pour l'ann\u00e9e 2025 11\nVU\u00a0l'avis\u00a0r\u00e9put\u00e9\u00a0favorable\u00a0de\u00a0la\u00a0commission\u00a0de\u00a0bassin\u00a0pour\u00a0la\u00a0p\u00eache\u00a0professionnelle\u00a0;\nVU\u00a0la\u00a0consultation\u00a0du\u00a0public\u00a0sur\u00a0le\u00a0projet\u00a0d'arr\u00eat\u00e9\u00a0qui\u00a0s'est\u00a0d\u00e9roul\u00e9e\u00a0du\u00a014\u00a0novembre\u00a0au\u00a011\nd\u00e9cembre\u00a02024\u00a0en\u00a0application\u00a0de\u00a0l'article\u00a0L\u00a0123-19-1\u00a0du\u00a0code\u00a0de\u00a0l'environnement\u00a0;\nVU\u00a0les\u00a0arr\u00eat\u00e9s\u00a0n\u00b01659/SG\u00a0du\u00a028\u00a0octobre\u00a02024\u00a0donnant\u00a0d\u00e9l\u00e9gation\u00a0de\u00a0signature\u00a0\u00e0\u00a0Madame\nFlorence\u00a0LAUBIER,\u00a0directrice\u00a0d\u00e9partementale\u00a0des\u00a0territoires\u00a0et\u00a0n\u00b01660\u00a0du\u00a030\u00a0octobre\u00a02024\nportant\u00a0subd\u00e9l\u00e9gation\u00a0de\u00a0signature\u00a0aux\u00a0agents\u00a0de\u00a0la\u00a0direction\u00a0d\u00e9partementale\u00a0des\nterritoires\u00a0;\nCONSIDERANT\u00a0que\u00a0la\u00a0pr\u00e9servation\u00a0des\u00a0milieux\u00a0aquatiques\u00a0et\u00a0la\u00a0protection\u00a0du\u00a0patrimoine\npiscicole\u00a0sont\u00a0d'int\u00e9r\u00eat\u00a0g\u00e9n\u00e9ral\u00a0et\u00a0que\u00a0la\u00a0protection\u00a0du\u00a0patrimoine\u00a0piscicole\u00a0implique\u00a0une\ngestion\u00a0\u00e9quilibr\u00e9e\u00a0des\u00a0ressources\u00a0piscicoles\u00a0dont\u00a0la\u00a0p\u00eache,\u00a0activit\u00e9\u00a0\u00e0\u00a0caract\u00e8re\u00a0social\u00a0et\n\u00e9conomique\u00a0;\nCONSIDERANT\u00a0que\u00a0lorsque\u00a0les\u00a0caract\u00e9ristiques\u00a0locales\u00a0du\u00a0milieu\u00a0aquatique\u00a0justifient\u00a0des\nmesures\u00a0particuli\u00e8res\u00a0de\u00a0protection\u00a0du\u00a0patrimoine\u00a0piscicole,\u00a0le\u00a0pr\u00e9fet\u00a0peut\u00a0interdire\u00a0la\np\u00eache\u00a0d'une\u00a0ou\u00a0de\u00a0plusieurs\u00a0esp\u00e8ces\u00a0de\u00a0poissons\u00a0dans\u00a0certaines\u00a0parties\u00a0de\u00a0cours\u00a0d'eau\u00a0ou\nde\u00a0plans\u00a0d'eau,\u00a0pendant\u00a0une\u00a0dur\u00e9e\u00a0qu'il\u00a0d\u00e9termine\u00a0;\nCONSIDERANT\u00a0que\u00a0le\u00a0pr\u00e9fet\u00a0peut,\u00a0en\u00a0fonction\u00a0des\u00a0caract\u00e9ristiques\u00a0de\u00a0d\u00e9veloppement\ndes\u00a0poissons\u00a0dans\u00a0certains\u00a0cours\u00a0d'eau\u00a0de\u00a01ere\u00a0et\u00a02\u00e8me\u00a0cat\u00e9gorie,\u00a0porter\u00a0la\u00a0taille\nminimum\u00a0des\u00a0poissons\u00a0susceptibles\u00a0d'\u00eatre\u00a0p\u00each\u00e9s\u00a0jusqu'\u00e0\u00a00,30\u00a0m\u00a0pour\u00a0la\u00a0truite\u00a0et\u00a0l'omble\nde\u00a0fontaine\u00a0et\u00a00,35\u00a0m\u00a0pour\u00a0l'ombre\u00a0commun\u00a0;\nCONSIDERANT\u00a0que\u00a0le\u00a0pr\u00e9fet\u00a0peut,\u00a0en\u00a0fonction\u00a0des\u00a0caract\u00e9ristiques\u00a0de\u00a0d\u00e9veloppement\ndes\u00a0poissons\u00a0dans\u00a0certains\u00a0cours\u00a0d'eau,\u00a0r\u00e9duire\u00a0la\u00a0taille\u00a0minimum\u00a0des\u00a0truites\u00a0susceptibles\nd'\u00eatre\u00a0p\u00each\u00e9es\u00a0;\nCONSIDERANT\u00a0que\u00a0le\u00a0pr\u00e9fet\u00a0peut,\u00a0en\u00a0fonction\u00a0des\u00a0caract\u00e9ristiques\u00a0de\u00a0d\u00e9veloppement\ndes\u00a0poissons\u00a0dans\u00a0certains\u00a0plans\u00a0d'eau\u00a0et\u00a0cours\u00a0d'eau\u00a0de\u00a01\u00e8re\u00a0et\u00a0de\u00a02\u00e8me\u00a0cat\u00e9gorie,\u00a0porter\nla\u00a0taille\u00a0minimum\u00a0des\u00a0brochets\u00a0susceptibles\u00a0d'\u00eatre\u00a0p\u00each\u00e9s\u00a0\u00e0\u00a00,60\u00a0m\u00a0;\nCONSIDERANT\u00a0que\u00a0le\u00a0pr\u00e9fet\u00a0peut,\u00a0en\u00a0fonction\u00a0des\u00a0caract\u00e9ristiques\u00a0de\u00a0d\u00e9veloppement\ndes\u00a0poissons\u00a0dans\u00a0certains\u00a0plans\u00a0d'eau\u00a0et\u00a0cours\u00a0d'eau\u00a0de\u00a02\u00e8me\u00a0cat\u00e9gorie,\u00a0porter\u00a0la\u00a0taille\nminimum\u00a0des\u00a0sandres\u00a0susceptibles\u00a0d'\u00eatre\u00a0p\u00each\u00e9s\u00a0\u00e0\u00a00,50\u00a0m\u00a0;\nCONSIDERANT\u00a0que\u00a0lorsque\u00a0les\u00a0caract\u00e9ristiques\u00a0locales\u00a0du\u00a0milieu\u00a0aquatique\u00a0justifient\u00a0des\nmesures\u00a0particuli\u00e8res\u00a0de\u00a0protection\u00a0du\u00a0patrimoine\u00a0piscicole,\u00a0le\u00a0pr\u00e9fet\u00a0peut\u00a0diminuer\u00a0le\nnombre\u00a0de\u00a0captures\u00a0autoris\u00e9es\u00a0dans\u00a0les\u00a0cours\u00a0d'eau\u00a0et\u00a0les\u00a0plans\u00a0d'eau\u00a0qu'il\u00a0d\u00e9signe\u00a0;\nCONSIDERANT\u00a0que\u00a0dans\u00a0certaines\u00a0parties\u00a0de\u00a0cours\u00a0d'eau\u00a0ou\u00a0de\u00a0plans\u00a0d'eau\u00a0le\u00a0pr\u00e9fet\npeut\u00a0interdire\u00a0l'emploi\u00a0de\u00a0certains\u00a0modes\u00a0ou\u00a0proc\u00e9d\u00e9s\u00a0de\u00a0p\u00eache,\u00a0limiter\u00a0l'emploi\u00a0des\nlignes\u00a0des\u00a0techniques\u00a0particuli\u00e8res\u00a0de\u00a0p\u00eache\u00a0ou\u00a0exiger\u00a0de\u00a0tout\u00a0p\u00eacheur\u00a0qu'il\u00a0remette\nimm\u00e9diatement\u00a0\u00e0\u00a0l'eau\u00a0le\u00a0poisson\u00a0qu'il\u00a0capture\u00a0;\nCONSIDERANT\u00a0que\u00a0lorsque\u00a0les\u00a0caract\u00e9ristiques\u00a0locales\u00a0du\u00a0milieu\u00a0aquatique\u00a0justifient\u00a0des\nmesures\u00a0particuli\u00e8res\u00a0de\u00a0protection\u00a0du\u00a0patrimoine\u00a0piscicole,\u00a0le\u00a0pr\u00e9fet\u00a0peut\u00a0interdire\u00a0la\np\u00eache\u00a0en\u00a0marchant\u00a0dans\u00a0l'eau\u00a0dans\u00a0les\u00a0cours\u00a0d'eau\u00a0et\u00a0les\u00a0plans\u00a0d'eau\u00a0qu'il\u00a0d\u00e9signe\u00a0;\nCONSIDERANT\u00a0qu'il\u00a0appartient\u00a0au\u00a0pr\u00e9fet\u00a0de\u00a0fixer\u00a0la\u00a0p\u00e9riode\u00a0de\u00a0p\u00eache\u00a0de\u00a0la\u00a0grenouille\nverte\u00a0et\u00a0de\u00a0la\u00a0grenouille\u00a0rousse\u00a0;\nCONSIDERANT\u00a0 la\u00a0d\u00e9cision\u00a0du\u00a012\u00a0d\u00e9cembre\u00a02011\u00a0de\u00a0Voies\u00a0Navigables\u00a0de\u00a0France\ninterdisant\u00a0la\u00a0pratique\u00a0de\u00a0la\u00a0p\u00eache\u00a0\u00e0\u00a0la\u00a0bou\u00e9e,\u00a0ce\u00a0dispositif\u00a0cr\u00e9ant\u00a0une\u00a0entrave\u00a0\u00e0\u00a0la\nnavigation\u00a0et\u00a0pouvant\u00a0\u00eatre\u00a0un\u00a0danger\u00a0pour\u00a0la\u00a0vie\u00a0des\u00a0personnes\u00a0;\n2\nDirection d\u00e9partementale des territoires de la C\u00f4te-d'Or - 21-2024-12-19-00004 - Arr\u00eat\u00e9 pr\u00e9fectoral n\u00b01890 du 19 d\u00e9cembre 2024\nrelatif \u00e0 l'exercice de la p\u00eache dans le d\u00e9partement de la C\u00f4te-d'or pour l'ann\u00e9e 2025 12\nCONSIDERANT\u00a0la\u00a0liste\u00a0rouge\u00a0des\u00a0esp\u00e8ces\u00a0menac\u00e9es\u00a0en\u00a0France\u00a0datant\u00a0de\u00a02009\u00a0fournissant\nune\u00a0base\u00a0scientifique\u00a0coh\u00e9rente\u00a0pour\u00a0guider\u00a0les\u00a0politiques\u00a0publiques\u00a0portant\u00a0sur\u00a0les\nesp\u00e8ces\u00a0;\nCONSIDERANT\u00a0 les\u00a0caract\u00e9ristiques\u00a0du\u00a0milieu\u00a0aquatique\u00a0communes\u00a0\u00e0\u00a0l'ensemble\u00a0des\ncours\u00a0d'eau\u00a0et\u00a0plans\u00a0d'eau\u00a0du\u00a0d\u00e9partement\u00a0de\u00a0la\u00a0C\u00f4te-d'Or\u00a0et\u00a0les\u00a0caract\u00e9ristiques\nparticuli\u00e8res\u00a0de\u00a0certains\u00a0cours\u00a0d'eau\u00a0ou\u00a0plans\u00a0d'eau\u00a0;\nCONSIDERANT\u00a0la\u00a0fragmentation\u00a0et\u00a0la\u00a0r\u00e9duction\u00a0des\u00a0collections\u00a0d'habitats\u00a0n\u00e9cessaires\u00a0\u00e0\nau\u00a0d\u00e9veloppement\u00a0des\u00a0esp\u00e8ces\u00a0;\nCONSIDERANT\u00a0 les \u00a0 menaces\u00a0 qui \u00a0 p\u00e8sent \u00a0 sur \u00a0 certaines \u00a0 populations \u00a0 piscicoles,\u00a0 et\nnotamment\u00a0de\u00a0l'anguille,\u00a0de\u00a0la\u00a0truite\u00a0fario,\u00a0de\u00a0l'omble\u00a0de\u00a0fontaine,\u00a0de\u00a0l'ombre\u00a0commun,\ndu\u00a0brochet,\u00a0des\u00a0\u00e9crevisses\u00a0autochtones,\u00a0des\u00a0grenouilles\u00a0vertes\u00a0et\u00a0rousses\u00a0;\nCONSIDERANT\u00a0que\u00a0les\u00a0\u00e9tiages\u00a0s\u00e9v\u00e8res\u00a0des\u00a0ann\u00e9es\u00a0pr\u00e9c\u00e9dentes\u00a0ont\u00a0particuli\u00e8rement\nalt\u00e9r\u00e9\u00a0les\u00a0peuplements\u00a0piscicoles\u00a0de\u00a0certains\u00a0cours\u00a0d'eau\u00a0du\u00a0d\u00e9partement\u00a0;\nCONSIDERANT\u00a0que\u00a0la\u00a0pression\u00a0de\u00a0p\u00eache\u00a0exerc\u00e9e\u00a0sur\u00a0la\u00a0truite\u00a0fario,\u00a0l'omble\u00a0de\u00a0fontaine,\nl'ombre\u00a0commun,\u00a0le\u00a0sandre\u00a0et\u00a0le\u00a0brochet\u00a0occasionne\u00a0un\u00a0d\u00e9ficit\u00a0en\u00a0adultes\u00a0et\u00a0qu'il\nconvient\u00a0de\u00a0sauvegarder\u00a0les\u00a0g\u00e9niteurs\u00a0les\u00a0plus\u00a0fertiles\u00a0;\nCONSIDERANT\u00a0que\u00a0pour\u00a0assurer\u00a0une\u00a0recolonisation\u00a0naturelle,\u00a0il\u00a0convient\u00a0de\u00a0prendre\u00a0des\nmesures\u00a0de\u00a0protection\u00a0pour\u00a0les\u00a0cat\u00e9gories\u00a0de\u00a0poissons\u00a0les\u00a0moins\u00a0r\u00e9silientes\u00a0et\u00a0subissant\nune\u00a0forte\u00a0pression\u00a0de\u00a0p\u00eache,\u00a0\u00e0\u00a0savoir,\u00a0la\u00a0truite\u00a0fario\u00a0et\u00a0l'ombre\u00a0commun\u00a0;\nCONSIDERANT\u00a0 qu'il \u00a0 convient \u00a0 de \u00a0 fixer \u00a0 les \u00a0 r\u00e8gles \u00a0 d'une \u00a0 gestion \u00a0 permettant \u00a0 le\nd\u00e9veloppement\u00a0de\u00a0la\u00a0p\u00eache\u00a0de\u00a0loisirs\u00a0dans\u00a0les\u00a0respects\u00a0des\u00a0esp\u00e8ces\u00a0piscicoles\u00a0et\u00a0du\u00a0milieu\naquatique\u00a0;\nSUR\u00a0proposition\u00a0de\u00a0la\u00a0directrice\u00a0d\u00e9partementale\u00a0des\u00a0territoires\u00a0de\u00a0la\u00a0C\u00f4te-d'Or\u00a0;\nA R R \u00ca T E\nArticle 1er\nOutre\u00a0les\u00a0dispositions\u00a0directement\u00a0applicables\u00a0du\u00a0titre\u00a0III\u00a0du\u00a0livre\u00a0IV\u00a0du\u00a0code\u00a0de\nl'environnement,\u00a0la\u00a0r\u00e9glementation\u00a0de\u00a0la\u00a0p\u00eache\u00a0dans\u00a0le\u00a0d\u00e9partement\u00a0de\u00a0la\u00a0C\u00f4te-d'Or\u00a0est\nfix\u00e9e\u00a0conform\u00e9ment\u00a0aux\u00a0articles\u00a0suivants.\nArticle 2 \u2013 P\u00e9riodes de p\u00eache dans les eaux de 1\u00e8re cat\u00e9gorie\nConform\u00e9ment\u00a0aux\u00a0dispositions\u00a0de\u00a0l'article\u00a0R436-6\u00a0du\u00a0code\u00a0de\u00a0l'environnement,\u00a0la\u00a0p\u00eache\nest\u00a0autoris\u00e9e\u00a0dans\u00a0les\u00a0cours\u00a0d'eau\u00a0de\u00a0premi\u00e8re\u00a0cat\u00e9gorie\u00a0du\u00a08\u00a0mars\u00a0au\u00a021\u00a0septembre\u00a02025\ninclus.\nN\u00e9anmoins,\u00a0la\u00a0p\u00eache\u00a0est\u00a0interdite\u00a0dans\u00a0ces\u00a0cours\u00a0d'eau\u00a0les\u00a0jeudis\u00a0et\u00a0vendredis\u00a0jusqu'au\u00a028\navril\u00a0de\u00a0l'ann\u00e9e\u00a0en\u00a0cours\u00a0inclus,\u00a0\u00e0\u00a0l'exception\u00a0des\u00a0jours\u00a0f\u00e9ri\u00e9s.\nLa\u00a0p\u00eache\u00a0de\u00a0l'ombre\u00a0commun\u00a0n'est\u00a0autoris\u00e9e\u00a0que\u00a0du\u00a017\u00a0mai\u00a0au\u00a021\u00a0septembre\u00a02025.\nLa\u00a0p\u00eache\u00a0du\u00a0brochet\u00a0n'est\u00a0autoris\u00e9e\u00a0que\u00a0du\u00a026\u00a0avril\u00a0au\u00a021\u00a0septembre\u00a02025\nLa\u00a0p\u00eache\u00a0des\u00a0grenouilles\u00a0vertes\u00a0et\u00a0rousses\u00a0n'est\u00a0autoris\u00e9e\u00a0que\u00a0du\u00a01er\u00a0juin\u00a0au\u00a021\u00a0septembre\n2025.\n3\nDirection d\u00e9partementale des territoires de la C\u00f4te-d'Or - 21-2024-12-19-00004 - Arr\u00eat\u00e9 pr\u00e9fectoral n\u00b01890 du 19 d\u00e9cembre 2024\nrelatif \u00e0 l'exercice de la p\u00eache dans le d\u00e9partement de la C\u00f4te-d'or pour l'ann\u00e9e 2025 13\nArticle 3 - P\u00e9riodes de p\u00eache dans les eaux de 2\u00e8me cat\u00e9gorie\nLa\u00a0p\u00eache\u00a0dans\u00a0les\u00a0eaux\u00a0de\u00a0deuxi\u00e8me\u00a0cat\u00e9gorie\u00a0est\u00a0autoris\u00e9e\u00a0toute\u00a0l'ann\u00e9e\u00a0pour\u00a0toutes\u00a0les\nesp\u00e8ces\u00a0\u00e0\u00a0l'exception\u00a0des\u00a0esp\u00e8ces\u00a0suivantes\u00a0dont\u00a0les\u00a0p\u00e9riodes\u00a0de\u00a0p\u00eache\u00a0sont\u00a0limit\u00e9es\ncomme\u00a0suit\u00a0:\n\u2022 Truite\u00a0fario\u00a0et\u00a0omble\u00a0de\u00a0fontaine\u00a0:\u00a0du\u00a08\u00a0mars\u00a0au\u00a021\u00a0septembre\u00a02025,\n\u2022 Truite\u00a0arc-en-ciel\u00a0:\u00a0du\u00a08\u00a0mars\u00a0au\u00a031\u00a0d\u00e9cembre\u00a02025,\n\u2022 Brochet\u00a0:\u00a0du\u00a01er\u00a0janvier\u00a0au\u00a026\u00a0janvier\u00a02025\u00a0et\u00a0du\u00a026\u00a0avril\u00a0au\u00a031\u00a0d\u00e9cembre\n2025,\n\u2022 Sandre\u00a0:\u00a0du\u00a01er\u00a0janvier\u00a0au\u00a09\u00a0mars\u00a02025\u00a0et\u00a0du\u00a017\u00a0mai\u00a0au\u00a031\u00a0d\u00e9cembre\u00a02025,\n\u2022 Black-bass\u00a0:\u00a0du\u00a01er\u00a0janvier\u00a0au\u00a030\u00a0avril\u00a02025\u00a0et\u00a0du\u00a01er\u00a0juillet\u00a0au\u00a031\u00a0d\u00e9cembre\n2025,\n\u2022 Ombre\u00a0commun\u00a0:\u00a0du\u00a017\u00a0mai\u00a0au\u00a031\u00a0d\u00e9cembre\u00a02025,\n\u2022 Grenouilles\u00a0(vertes\u00a0et\u00a0rousses)\u00a0:\u00a0du\u00a01er\u00a0juin\u00a0au\u00a031\u00a0d\u00e9cembre\u00a02025.\nArticle 4 - Protection des esp\u00e8ces     :  \n\u2022 \u00c9crevisse :\u00a0En\u00a0vue\u00a0de\u00a0prot\u00e9ger\u00a0les\u00a0populations\u00a0d'\u00e9crevisses\u00a0\u00e0\u00a0pattes\u00a0rouges,\u00a0\u00e0\npattes\u00a0blanches\u00a0et\u00a0\u00e0\u00a0pattes\u00a0gr\u00eales,\u00a0leur\u00a0pr\u00e9l\u00e8vement\u00a0est\u00a0interdit\u00a0toute\nl'ann\u00e9e.\n\u2022 Anguille :\u00a0En\u00a0vue\u00a0de\u00a0prot\u00e9ger\u00a0la\u00a0population\u00a0d'anguilles,\u00a0son\u00a0pr\u00e9l\u00e8vement\u00a0est\ninterdit\u00a0toute\u00a0l'ann\u00e9e.\n\u2022 Grenouilles\u00a0:\u00a0Le\u00a0colportage,\u00a0la\u00a0vente,\u00a0la\u00a0mise\u00a0en\u00a0vente\u00a0ou\u00a0l'achat\u00a0de\ngrenouilles\u00a0vertes,\u00a0qu'il\u00a0s'agisse\u00a0de\u00a0sp\u00e9cimens\u00a0vivants\u00a0ou\u00a0morts,\u00a0sont\ninterdits\u00a0en\u00a0toute\u00a0p\u00e9riode\u00a0dans\u00a0les\u00a0conditions\u00a0d\u00e9termin\u00e9es\u00a0par\u00a0le\u00a0d\u00e9cret\u00a0du\n25\u00a0novembre\u00a01977\u00a0pris\u00a0pour\u00a0application\u00a0de\u00a0la\u00a0loi\u00a0sur\u00a0la\u00a0protection\u00a0de\u00a0la\nnature.\u00a0La\u00a0cession\u00a0\u00e0\u00a0titre\u00a0gratuit\u00a0ou\u00a0on\u00e9reux\u00a0de\u00a0sp\u00e9cimens\u00a0de\u00a0grenouilles\nrousses,\u00a0 qu'il \u00a0 s'agisse\u00a0 d'individus \u00a0 vivants \u00a0 ou \u00a0 morts, \u00a0 est \u00a0 soumise \u00a0 \u00e0\nautorisation\u00a0d\u00e9livr\u00e9e\u00a0suivant\u00a0les\u00a0conditions\u00a0fix\u00e9es\u00a0par\u00a0l'arr\u00eat\u00e9\u00a0minist\u00e9riel\u00a0du\n05\u00a0juin\u00a01985.\n\u2022 Truite fario : En\u00a0vue\u00a0de\u00a0prot\u00e9ger\u00a0et\u00a0de\u00a0favoriser\u00a0l'implantation\u00a0de\u00a0la\u00a0truite\nfario,\u00a0son\u00a0pr\u00e9l\u00e8vement\u00a0est\u00a0strictement\u00a0interdit\u00a0sur\u00a0l'int\u00e9gralit\u00e9\u00a0des\u00a0cours\nd'eau\u00a0suivants\u00a0:\n\u2714 la\u00a0Bouzaize,\n\u2714 la\u00a0Rivierotte\u00a0dite\u00a0aussi\u00a0\u00ab\u00a0ruisseau\u00a0de\u00a0Courcelles\u00a0\u00bb,\n\u2714 la\u00a0Lacanche\u00a0et\u00a0ses\u00a0affluents,\n\u2714 la\u00a0Flaci\u00e8re\u00a0et\u00a0ses\u00a0affluents\nLe\u00a0pr\u00e9l\u00e8vement\u00a0de\u00a0la\u00a0truite\u00a0fario\u00a0est\u00a0\u00e9galement\u00a0interdit\u00a0sur\u00a0les\nsections\u00a0de\u00a0cours\u00a0d'eau\u00a0suivants\u00a0:\n\u2714 La\u00a0Norges\u00a0de\u00a0sa\u00a0source\u00a0\u00e0\u00a0la\u00a0limite\u00a0communale\u00a0Couternon/Chevigny-Saint-\nSauveur,\n\u2714 L'Ignon\u00a0et\u00a0ses\u00a0affluents\u00a0du\u00a0pont\u00a0de\u00a0Frenois,\u00a0lieu-dit\u00a0\u00ab\u00a0Pr\u00e9\u00a0des\u00a0Iles\u00a0\u00bb\u00a0sur\u00a0la\ncommune\u00a0de\u00a0Frenois\u00a0au\u00a0pont\u00a0de\u00a0la\u00a0d\u00e9partementale\u00a06\u00a0C\u00a0sur\u00a0la\u00a0commune\u00a0de\nVillecomte,\n\u2714 L'Ignon\u00a0et\u00a0ses\u00a0affluents\u00a0de\u00a0la\u00a0limite\u00a0communale\u00a0Di\u00e9nay/Is-sur-Tille\u00a0\u00e0\u00a0la\nconfluence\u00a0avec\u00a0la\u00a0Tille,\n4\nDirection d\u00e9partementale des territoires de la C\u00f4te-d'Or - 21-2024-12-19-00004 - Arr\u00eat\u00e9 pr\u00e9fectoral n\u00b01890 du 19 d\u00e9cembre 2024\nrelatif \u00e0 l'exercice de la p\u00eache dans le d\u00e9partement de la C\u00f4te-d'or pour l'ann\u00e9e 2025 14\n\u2714 La\u00a0Tille\u00a0et\u00a0ses\u00a0affluents\u00a0\u00e0\u00a0l'exception\u00a0de\u00a0la\u00a0Venelle,\u00a0de\u00a0la\u00a0limite\u00a0communale\u00a0de\nCussey-les-Forges\u00a0/\u00a0Marey-sur-Tille\u00a0\u00e0\u00a0la\u00a0limite\u00a0communale\u00a0Til-Ch\u00e2tel/Lux\u00a0puis\nde\u00a0la\u00a0limite\u00a0communale\u00a0Beire-le-Ch\u00e2tel\u00a0/Arceau\u00a0\u00e0\u00a0la\u00a0limite\u00a0communale\u00a0Arc-\nsur-Tille/R\u00e9milly-sur-Tille,\n\u2714 La\u00a0Tille,\u00a0de\u00a0la\u00a0limite\u00a0communale\u00a0entre\u00a0Genlis\u00a0et\u00a0Cessey-sur-Tille\u00a0en\u00a0amont\u00a0de\nla\u00a0station\u00a0de\u00a0pompage\u00a0\u00e0\u00a0la\u00a0confluence\u00a0avec\u00a0la\u00a0Norges\u00a0\u00e0\u00a0l'aval\u00a0de\u00a0Pluvault.\n\u2022 Ombre  commun :  En\u00a0vue\u00a0de\u00a0prot\u00e9ger\u00a0et\u00a0de\u00a0favoriser\u00a0l'implantation\u00a0de\u00a0l'ombre\ncommun,\u00a0son\u00a0pr\u00e9l\u00e8vement\u00a0est\u00a0strictement\u00a0interdit\u00a0sur\u00a0les\u00a0sections\u00a0de\u00a0cours\u00a0d'eau\nsuivants\u00a0:\n\u2714 La\u00a0Tille\u00a0et\u00a0ses\u00a0affluents\u00a0\u00e0\u00a0l'exception\u00a0de\u00a0la\u00a0Venelle,\u00a0de\u00a0la\u00a0limite\u00a0communale\u00a0de\nCussey-les-Forges\u00a0/\u00a0Marey-sur-Tille\u00a0\u00e0\u00a0la\u00a0limite\u00a0communale\u00a0Marey-sur-Tille\u00a0/\nVilley-sur-Tille,\u00a0puis\u00a0du\u00a0pont\u00a0de\u00a0la\u00a0ferme\u00a0de\u00a0la\u00a0Grange\u00a0Noire\u00a0\u00e0\u00a0Til-Chatel\njusqu'\u00e0\u00a0la\u00a0limite\u00a0communale\u00a0Til-Chatel\u00a0/\u00a0Lux,\u00a0\n\u2714 La\u00a0Tille,\u00a0de\u00a0la\u00a0limite\u00a0communale\u00a0entre\u00a0Genlis\u00a0et\u00a0Cessey-sur-Tille\u00a0en\u00a0amont\u00a0de\nla\u00a0station\u00a0de\u00a0pompage\u00a0\u00e0\u00a0la\u00a0confluence\u00a0avec\u00a0la\u00a0Norges\u00a0\u00e0\u00a0l'aval\u00a0de\u00a0Pluvault,\n\u2714 La\u00a0Seine\u00a0depuis\u00a0le\u00a0pont\u00a0des\u00a0Romains\u00a0\u00e0\u00a0Etrochey\u00a0jusqu'\u00e0\u00a0la\u00a0confluence\u00a0du\nruisseau\u00a0de\u00a0Courcelles.\nArticle 5 \u2013 Modes et proc\u00e9d\u00e9s de p\u00eache\nLa\u00a0p\u00eache\u00a0aux\u00a0engins\u00a0et\u00a0filets\u00a0est\u00a0autoris\u00e9e\u00a0uniquement\u00a0sur\u00a0le\u00a0domaine\u00a0public\u00a0selon\u00a0les\nmodalit\u00e9s\u00a0du\u00a0cahier\u00a0des\u00a0charges\u00a0relatif\u00a0\u00e0\u00a0la\u00a0location\u00a0du\u00a0droit\u00a0de\u00a0p\u00eache\u00a0de\u00a0l'\u00c9tat.\nAfin\u00a0de\u00a0prot\u00e9ger\u00a0les\u00a0populations\u00a0de\u00a0sandre\u00a0et\u00a0de\u00a0brochet,\u00a0est\u00a0interdit\u00a0du\u00a010\u00a0mars\u00a0au\u00a025\navril\u00a02025,\u00a0l'emploi\u00a0de\u00a0filets\u00a0de\u00a0type\u00a0araign\u00e9e\u00a0ou\u00a0de\u00a0type\u00a0tramail\u00a0ainsi\u00a0que\u00a0de\u00a0tous\u00a0autres\nfilets\u00a0maillants\u00a0dont\u00a0la\u00a0maille\u00a0est\u00a0sup\u00e9rieure\u00a0\u00e0\u00a010\u00a0mm\u00a0de\u00a0c\u00f4t\u00e9\u00a0et\u00a0inf\u00e9rieure\u00a0\u00e0\u00a0135\u00a0mm\u00a0de\nc\u00f4t\u00e9.\nL'emploi\u00a0d'une\u00a0seule\u00a0carafe\u00a0ou\u00a0bouteille,\u00a0par\u00a0p\u00eacheur,\u00a0utilis\u00e9e\u00a0simultan\u00e9ment\u00a0ou\u00a0non\u00a0avec\nune\u00a0ou\u00a0plusieurs\u00a0lignes,\u00a0est\u00a0permise\u00a0dans\u00a0les\u00a0eaux\u00a0de\u00a01 \u00a0et\u00a02 \u00a0cat\u00e9gories\u00a0pour\u00a0la\u00a0capture\u02b3\u1d49 \u1d49\ndes\u00a0vairons\u00a0et\u00a0autres\u00a0esp\u00e8ces\u00a0de\u00a0poissons\u00a0autoris\u00e9es\u00a0pour\u00a0servir\u00a0d'app\u00e2ts.\u00a0En\u00a0premi\u00e8re\ncat\u00e9gorie,\u00a0cette\u00a0pratique\u00a0ne\u00a0peut\u00a0\u00eatre\u00a0exerc\u00e9e\u00a0que\u00a0pendant\u00a0les\u00a0p\u00e9riodes\u00a0de\u00a0p\u00eache\nautoris\u00e9es.\u00a0La\u00a0contenance\u00a0de\u00a0la\u00a0carafe\u00a0ou\u00a0bouteille\u00a0ne\u00a0doit\u00a0pas\u00a0exc\u00e9der\u00a0deux\u00a0litres.\nConcernant\u00a0la\u00a0capture\u00a0des\u00a0\u00e9crevisses\u00a0susceptibles\u00a0de\u00a0cr\u00e9er\u00a0des\u00a0d\u00e9s\u00e9quilibres\u00a0biologiques,\nla\u00a0taille\u00a0minimale\u00a0des\u00a0mailles\u00a0des\u00a0balances\u00a0est\u00a0fix\u00e9e\u00a0\u00e0\u00a010\u00a0millim\u00e8tres.\nLa\u00a0p\u00eache\u00a0en\u00a0marchant\u00a0dans\u00a0l'eau\u00a0est\u00a0interdite\u00a0pendant\u00a0la\u00a0p\u00e9riode\u00a0allant\u00a0du\u00a08\u00a0mars\u00a0au\u00a016\nmai\u00a02025,\u00a0dans\u00a0les\u00a0cours\u00a0d'eau\u00a0et\u00a0parties\u00a0de\u00a0cours\u00a0d'eau\u00a0de\u00a0premi\u00e8re\u00a0cat\u00e9gorie\u00a0suivants\u00a0:\nl'Aube,\u00a0la\u00a0Seine,\u00a0la\u00a0B\u00e8ze,\u00a0la\u00a0Tille\u00a0\u00e0\u00a0l'aval\u00a0du\u00a0pont\u00a0de\u00a0la\u00a0route\u00a0D34\u00a0\u00e0\u00a0Cessey-sur-Tille,\u00a0et\u00a0la\nNorges\u00a0\u00e0\u00a0l'aval\u00a0du\u00a0pont\u00a0de\u00a0l'autoroute\u00a0A39.\nDans\u00a0l'ensemble\u00a0des\u00a0sabli\u00e8res\u00a0et\u00a0plans\u00a0d'eau\u00a0f\u00e9d\u00e9raux,\u00a0la\u00a0p\u00eache\u00a0\u00e0\u00a0la\u00a0carpe\u00a0ne\u00a0peut\u00a0\u00eatre\npratiqu\u00e9e\u00a0que\u00a0du\u00a0bord\u00a0\u00e0\u00a0l'aide\u00a0de\u00a0lignes\u00a0tendues\u00a0\u00e0\u00a0la\u00a0main\u00a0\u00e0\u00a0la\u00a0distance\u00a0maximale\u00a0du\u00a0jet\nde\u00a0canne.\u00a0Le\u00a0transport,\u00a0le\u00a0d\u00e9p\u00f4t\u00a0des\u00a0lignes\u00a0et\u00a0des\u00a0amorces\u00a0\u00e0\u00a0l'aide\u00a0d'une\u00a0embarcation\u00a0ou\ntout\u00a0autre\u00a0moyen\u00a0m\u00e9canique\u00a0est\u00a0interdit.\u00a0Conform\u00e9ment\u00a0\u00e0\u00a0l'avant-dernier\u00a0alin\u00e9a\u00a0de\nl'article\u00a06\u00a0du\u00a0pr\u00e9sent\u00a0arr\u00eat\u00e9,\u00a0cette\u00a0restriction\u00a0s'applique\u00a0\u00e9galement\u00a0aux\u00a0r\u00e9servoirs\nd'alimentation\u00a0du\u00a0canal\u00a0de\u00a0Bourgogne.\n\u00c0\u00a0des\u00a0fins\u00a0de\u00a0gestion\u00a0du\u00a0patrimoine\u00a0piscicole\u00a0tout\u00a0en\u00a0conservant\u00a0un\u00a0int\u00e9r\u00eat\u00a0halieutique,\ndes\u00a0dispositions\u00a0restrictives\u00a0sur\u00a0les\u00a0proc\u00e9d\u00e9s\u00a0et\u00a0modes\u00a0de\u00a0p\u00eache,\u00a0sur\u00a0certains\u00a0parcours,\nsont\u00a0arr\u00eat\u00e9es\u00a0\u00e0\u00a0l'article\u00a09\u00a0du\u00a0pr\u00e9sent\u00a0arr\u00eat\u00e9.\u00a0\u00c0\u00a0ce\u00a0titre,\u00a0la\u00a0p\u00eache\u00a0en\u00a0\u00ab\u00a0p\u00eacher-rel\u00e2cher\u00a0\u00bb\u00a0est\nd\u00e9finie\u00a0comme\u00a0suit\u00a0:\u00a0p\u00eache\u00a0\u00e0\u00a0la\u00a0canne\u00a0pratiqu\u00e9e\u00a0dans\u00a0le\u00a0but\u00a0de\u00a0sauvegarder\u00a0la\u00a0population\npiscicole,\u00a0les\u00a0poissons\u00a0devant\u00a0\u00eatre\u00a0remis\u00a0\u00e0\u00a0l'eau\u00a0imm\u00e9diatement,\u00a0vivants\u00a0et\u00a0sans\u00a0aucune\nmutilation.\n5\nDirection d\u00e9partementale des territoires de la C\u00f4te-d'Or - 21-2024-12-19-00004 - Arr\u00eat\u00e9 pr\u00e9fectoral n\u00b01890 du 19 d\u00e9cembre 2024\nrelatif \u00e0 l'exercice de la p\u00eache dans le d\u00e9partement de la C\u00f4te-d'or pour l'ann\u00e9e 2025 15\nSur\u00a0les\u00a0parcours\u00a0en\u00a0\u00ab\u00a0p\u00eacher-rel\u00e2cher\u00a0\u00bb\u00a0\u00e0\u00a0vocation\u00a0\u00ab\u00a0carpodrome\u00a0\u00bb,\u00a0les\u00a0poissons\u00a0pourront\n\u00eatre\u00a0stock\u00e9s\u00a0en\u00a0bourriche\u00a0anglaise\u00a0avant\u00a0d'\u00eatre\u00a0remis\u00a0\u00e0\u00a0l'eau\u00a0sur\u00a0le\u00a0lieu\u00a0de\u00a0capture,\u00a0vivants\net\u00a0sans\u00a0aucune\u00a0mutilation.\u00a0Cette\u00a0disposition\u00a0n'est\u00a0pas\u00a0applicable\u00a0la\u00a0nuit.\nArticle 6     - Dispositions sp\u00e9cifiques au domaine public de l'\u00c9tat  \nSur\u00a0le\u00a0domaine\u00a0public\u00a0de\u00a0l'\u00c9tat,\u00a0toute\u00a0p\u00eache\u00a0est\u00a0rigoureusement\u00a0interdite\u00a0:\n\u2022 depuis\u00a0des\u00a0installations\u00a0portuaires\u00a0(pontons\u00a0fixes\u00a0ou\u00a0flottants,\u00a0passerelles,\nembarcad\u00e8res,\u00a0quais)\u00a0et\u00a0depuis\u00a0la\u00a0rive\u00a0lorsque\u00a0celle-ci\u00a0est\u00a0am\u00e9nag\u00e9e\u00a0pour\nles\u00a0bateaux\u00a0de\u00a0commerce\u00a0et\u00a0de\u00a0plaisance\u00a0;\n\u2022 \u00e0\u00a0l'aval\u00a0de\u00a0tous\u00a0les\u00a0ouvrages\u00a0sur\u00a0une\u00a0distance\u00a0de\u00a050\u00a0m\u00a0ainsi\u00a0qu'\u00e0\u00a0l'int\u00e9rieur\ndes\u00a0ouvrages\u00a0de\u00a0franchissement\u00a0;\n\u2022 dans\u00a0les\u00a0rigoles\u00a0d'alimentation\u00a0des\u00a0canaux,\u00a0\u00e0\u00a0l'exception\u00a0de\u00a0celles\u00a0incluses\ndans\u00a0les\u00a0lots\u00a0d\u00e9finis\u00a0par\u00a0le\u00a0cahier\u00a0des\u00a0charges\u00a0pour\u00a0l'exploitation\u00a0du\u00a0droit\u00a0de\np\u00eache\u00a0de\u00a0l'\u00c9tat\u00a0\u00e9tabli\u00a0pour\u00a0la\u00a0p\u00e9riode\u00a0du\u00a01er\u00a0janvier\u00a02023\u00a0au\u00a031\u00a0d\u00e9cembre\n2027;\n\u2022 aux\u00a0abords\u00a0des\u00a0prises\u00a0d'eau,\u00a0des\u00a0ouvrages\u00a0de\u00a0d\u00e9charge\u00a0et\u00a0des\u00a0centrales\nhydro\u00e9lectriques,\u00a0dans\u00a0un\u00a0rayon\u00a0de\u00a020\u00a0m\u00a0;\n\u2022 depuis\u00a0les\u00a0ponts\u00a0;\n\u2022 sur\u00a0les\u00a0digues\u00a0des\u00a0barrages\u00a0de\u00a0Chazilly,\u00a0Grosbois,\u00a0du\u00a0Tillot\u00a0et\u00a0de\u00a0Pont-et-\nMass\u00e8ne.\n\u2022 dans\u00a0les\u00a0biefs\u00a0des\u00a0canaux\u00a0lorsque\u00a0la\u00a0hauteur\u00a0d'eau\u00a0est\u00a0inf\u00e9rieure\u00a0\u00e0\u00a01\u00a0m\u00e8tre\u00a0;\nLa\u00a0p\u00eache\u00a0\u00e0\u00a0la\u00a0bou\u00e9e\u00a0est\u00a0interdite\u00a0sur\u00a0l'ensemble\u00a0des\u00a0voies\u00a0navigables\u00a0du\u00a0domaine\u00a0public.\nLa\u00a0p\u00eache\u00a0pr\u00e9cit\u00e9e\u00a0comprend\u00a0tout\u00a0type\u00a0de\u00a0p\u00eache\u00a0\u00e0\u00a0la\u00a0bou\u00e9e,\u00a0y\u00a0compris\u00a0l'ancrage\u00a0de\u00a0la\nligne\u00a0support\u00a0sur\u00a0les\u00a0deux\u00a0rives,\u00a0sans\u00a0bou\u00e9e,\u00a0avec\u00a0un\u00a0poids\u00a0sur\u00a0le\u00a0bord\u00a0ou\u00a0m\u00eame\u00a0fix\u00e9e\u00a0\u00e0\u00a0un\ntronc\u00a0d'arbre\u00a0et\u00a0le\u00a0placement\u00a0dans\u00a0le\u00a0cours\u00a0d'eau\u00a0de\u00a0plusieurs\u00a0bou\u00e9es\u00a0constitu\u00e9es\u00a0par\u00a0un\nbidon\u00a0vide\u00a0auquel\u00a0une\u00a0ligne\u00a0tr\u00e8s\u00a0sommaire\u00a0est\u00a0fix\u00e9e.\nLa\u00a0p\u00eache\u00a0est\u00a0rigoureusement\u00a0interdite\u00a0lorsque\u00a0les\u00a0cotes\u00a0suivantes\u00a0dites\u00a0\u00ab\u00a0cotes\u00a0de\u00a0p\u00eache\u00a0\u00bb\nsont\u00a0atteintes\u00a0:\u00a0Cercey\u00a0:\u00a05,40\u00a0m\u00a0\u2013\u00a0Chazilly\u00a0:\u00a09,00\u00a0m\u00a0\u2013\u00a0Grosbois\u00a0I\u00a0:\u00a07,75\u00a0m\u00a0\u2013\u00a0Grosbois\u00a0II\u00a0:\u00a011,00\nm\u00a0-\u00a0\u00a0Panthier\u00a0:\u00a04,75\u00a0m\u00a0\u2013\u00a0Pont\u00a0:\u00a010,50\u00a0m\u00a0et\u00a0Le\u00a0Tillot\u00a0:\u00a05,45\u00a0m.\nDans\u00a0les\u00a0r\u00e9servoirs\u00a0d'alimentation\u00a0du\u00a0canal\u00a0de\u00a0Bourgogne,\u00a0la\u00a0p\u00eache\u00a0\u00e0\u00a0la\u00a0carpe\u00a0ne\u00a0peut\u00a0\u00eatre\npratiqu\u00e9e\u00a0que\u00a0du\u00a0bord\u00a0\u00e0\u00a0l'aide\u00a0de\u00a0lignes\u00a0tendues\u00a0\u00e0\u00a0la\u00a0main\u00a0\u00e0\u00a0la\u00a0distance\u00a0maximale\u00a0du\u00a0jet\nde\u00a0canne.\u00a0Le\u00a0transport,\u00a0le\u00a0d\u00e9p\u00f4t\u00a0des\u00a0lignes\u00a0et\u00a0des\u00a0amorces\u00a0\u00e0\u00a0l'aide\u00a0d'une\u00a0embarcation\u00a0ou\ntout\u00a0autre\u00a0moyen\u00a0m\u00e9canique\u00a0est\u00a0interdit.\nArticle 7 - Dispositions sp\u00e9cifiques aux tailles de capture de certaines esp\u00e8ces\nLa\u00a0taille\u00a0minimale\u00a0de\u00a0capture\u00a0de\u00a0la\u00a0truite\u00a0fario\u00a0est\u00a0fix\u00e9e\u00a0\u00e0\u00a00,30\u00a0m\u00a0dans\u00a0tous\u00a0les\u00a0cours\u00a0d'eau,\ncanaux\u00a0et\u00a0plans\u00a0d'eau\u00a0du\u00a0d\u00e9partement,\u00a0\u00e0\u00a0l'exception\u00a0du\u00a0Tournesac,\u00a0de\u00a0la\u00a0Roman\u00e9e,\u00a0du\nVernidard,\u00a0du\u00a0Cousin\u00a0et\u00a0de\u00a0ses\u00a0affluents\u00a0o\u00f9\u00a0la\u00a0taille\u00a0est\u00a0arr\u00eat\u00e9e\u00a0\u00e0\u00a00,23\u00a0m.\n\u2022 La\u00a0taille\u00a0minimale\u00a0de\u00a0capture\u00a0de\u00a0la\u00a0truite\u00a0arc-en-ciel\u00a0et\u00a0de\u00a0l'omble\u00a0de\nfontaine\u00a0est\u00a0fix\u00e9e\u00a0\u00e0\u00a00,25\u00a0m\u00a0dans\u00a0tous\u00a0les\u00a0cours\u00a0d'eau,\u00a0canaux\u00a0et\u00a0plans\u00a0d'eau\ndu\u00a0d\u00e9partement.\n6\nDirection d\u00e9partementale des territoires de la C\u00f4te-d'Or - 21-2024-12-19-00004 - Arr\u00eat\u00e9 pr\u00e9fectoral n\u00b01890 du 19 d\u00e9cembre 2024\nrelatif \u00e0 l'exercice de la p\u00eache dans le d\u00e9partement de la C\u00f4te-d'or pour l'ann\u00e9e 2025 16\n\u2022 La\u00a0taille\u00a0minimale\u00a0de\u00a0capture\u00a0de\u00a0l'ombre\u00a0est\u00a0fix\u00e9e\u00a0\u00e0\u00a00,35\u00a0m\u00a0dans\u00a0tous\u00a0les\ncours\u00a0d'eau,\u00a0canaux\u00a0et\u00a0plans\u00a0d'eau\u00a0du\u00a0d\u00e9partement.\n\u2022 La\u00a0taille\u00a0minimale\u00a0de\u00a0capture\u00a0du\u00a0brochet\u00a0est\u00a0fix\u00e9e\u00a0\u00e0\u00a00,60\u00a0m\u00a0dans\u00a0tous\u00a0les\ncours\u00a0d'eau,\u00a0canaux\u00a0et\u00a0plans\u00a0d'eau\u00a0de\u00a0premi\u00e8re\u00a0et\u00a0de\u00a0deuxi\u00e8me\u00a0cat\u00e9gorie\npiscicole\u00a0du\u00a0d\u00e9partement.\n\u2022 La\u00a0taille\u00a0minimale\u00a0de\u00a0capture\u00a0du\u00a0sandre\u00a0est\u00a0fix\u00e9e\u00a0\u00e0\u00a00,50\u00a0m\u00a0dans\u00a0tous\u00a0les\ncours\u00a0d'eau,\u00a0canaux\u00a0et\u00a0plans\u00a0d'eau\u00a0de\u00a0deuxi\u00e8me\u00a0cat\u00e9gorie\u00a0piscicole\u00a0du\nd\u00e9partement.\n\u2022 La\u00a0taille\u00a0minimale\u00a0de\u00a0capture\u00a0du\u00a0black-bass\u00a0est\u00a0fix\u00e9e\u00a0\u00e0\u00a00,30\u00a0m\u00a0dans\u00a0tous\u00a0les\ncours\u00a0d'eau,\u00a0canaux\u00a0et\u00a0plans\u00a0d'eau\u00a0de\u00a0deuxi\u00e8me\u00a0cat\u00e9gorie\u00a0piscicole\u00a0du\nd\u00e9partement.\n\u2022 La\u00a0taille\u00a0minimale\u00a0de\u00a0capture\u00a0des\u00a0grenouilles\u00a0verte\u00a0et\u00a0rousse\u00a0\u00e0\u00a00,08\u00a0m\u00a0dans\ntous\u00a0les\u00a0cours\u00a0d'eau,\u00a0canaux\u00a0et\u00a0plans\u00a0d'eau\u00a0du\u00a0d\u00e9partement.\nArticle 8 - Quotas\nSalmonid\u00e9s\u00a0:\u00a0Dans\u00a0les\u00a0eaux\u00a0de\u00a0premi\u00e8re\u00a0et\u00a0deuxi\u00e8me\u00a0cat\u00e9gorie,\u00a0le\u00a0nombre\u00a0maximum\u00a0de\ncaptures\u00a0de\u00a0salmonid\u00e9s\u00a0(truites\u00a0fario,\u00a0truites\u00a0arc-en-ciel,\u00a0ombles\u00a0de\u00a0fontaine\u00a0et\u00a0ombres\ncommuns)\u00a0est\u00a0de\u00a06\u00a0par\u00a0jour\u00a0et\u00a0par\u00a0p\u00eacheur,\u00a0dont\u00a03\u00a0truites\u00a0fario\u00a0maximum\u00a0et\u00a01\u00a0ombre\ncommun\u00a0maximum.\nCarnassiers\u00a0:\u00a0Dans\u00a0les\u00a0eaux\u00a0de\u00a0deuxi\u00e8me\u00a0cat\u00e9gorie,\u00a0le\u00a0nombre\u00a0de\u00a0captures\u00a0autoris\u00e9\u00a0de\nsandres,\u00a0brochets\u00a0et\u00a0black-bass,\u00a0par\u00a0p\u00eacheur\u00a0de\u00a0loisir\u00a0et\u00a0par\u00a0jour,\u00a0est\u00a0fix\u00e9\u00a0\u00e0\u00a03,\u00a0dont\u00a01\nbrochet\u00a0maximum.\nQuelque-soit\u00a0la\u00a0cat\u00e9gorie\u00a0piscicole,\u00a0le\u00a0nombre\u00a0de\u00a0capture\u00a0de\u00a0brochet\u00a0par\u00a0p\u00eacheur\u00a0de\u00a0loisir\net\u00a0par\u00a0jour\u00a0ne\u00a0peut\u00a0\u00eatre\u00a0sup\u00e9rieur\u00a0\u00e0\u00a01.\nArticle 9 - Dispositions restrictives sur certains parcours\nParcours  \"p\u00eacher-rel\u00e2cher\"  toutes  esp\u00e8ces  piscicoles  sauf  truite  arc-en-ciel,  toutes\ntechniques confondues :\n\u2022 Sur\u00a0les\u00a0\u00e9tangs\u00a0jumel\u00e9s\u00a0\u00a0G13/G14\u00a0\u00a0situ\u00e9s\u00a0sur\u00a0le\u00a0site\u00a0nomm\u00e9\u00a0\u00ab\u00a0Etang\u00a0d'Or\u00a0\u00bb\nsitu\u00e9s\u00a0\u00e0\u00a0TAILLY\u00a0\u2013\u00a0La\u00a0truite\u00a0Beaunoise\u00a0-\u00a0\u00a0et\u00a0sur\u00a0l'Etang\u00a0communal\u00a0\u00ab\u00a0parcours\nfamille\u00a0\u00bb\u00a0de\u00a0Vandenesse\u00a0en\u00a0Auxois\u00a0\u2013\u00a0AAPPMA\u00a0La\u00a0Vandenesse\u00a0-\u00a0la\u00a0p\u00eache\u00a0de\ntoutes\u00a0esp\u00e8ces\u00a0piscicoles\u00a0ne\u00a0peut\u00a0\u00eatre\u00a0pratiqu\u00e9e\u00a0qu'en\u00a0\"p\u00eacher-rel\u00e2cher\"\ntoutes\u00a0techniques\u00a0confondues,\u00a0et\u00a0sans\u00a0ardillon,\u00a0\u00e0\u00a0l'exception\u00a0de\u00a0la\u00a0truite\narc-en-ciel.\nParcours \"p\u00eacher-rel\u00e2cher\" salmonid\u00e9s toutes techniques confondues :\nSur\u00a0les\u00a0parcours\u00a0suivants,\u00a0la\u00a0p\u00eache\u00a0des\u00a0salmonid\u00e9s\u00a0ne\u00a0peut\u00a0\u00eatre\u00a0pratiqu\u00e9e\u00a0qu'en\u00a0\"p\u00eacher-\nrel\u00e2cher\",\u00a0toutes\u00a0techniques\u00a0confondues,\u00a0et\u00a0sans\u00a0ardillon.\n\u2022 La\u00a0Tille\u00a0\u00e0\u00a0REMILLY-SUR-TILLE\u00a0\u2013\u00a0La\u00a0Truite\u00a0Bourguignonne\u00a0\u2013\u00a0Sur\u00a0700\u00a0m\u00e8tres\nlin\u00e9aires\u00a0depuis\u00a0la\u00a0limite\u00a0communale\u00a0entre\u00a0Arc-sur-Tille\u00a0et\u00a0Remilly-sur-Tille\u00a0et\njusqu'au\u00a0pont\u00a0de\u00a0la\u00a0RD\u00a034\u00a0;\n\u2022 La\u00a0Tille\u00a0\u00e0\u00a0TIL\u00a0CHATEL\u00a0-\u00a0La\u00a0Fario\u00a0de\u00a0Til\u00a0Ch\u00e2tel\u00a0\u2013\u00a0sur\u00a01700\u00a0m\u00e8tres\u00a0lin\u00e9aires\nenviron,\u00a0de\u00a0la\u00a0station\u00a0d'\u00e9puration\u00a0de\u00a0Til-Chatel,\u00a0jusqu'\u00e0\u00a0la\u00a0limite\u00a0communale\nentre\u00a0Til-Chatel\u00a0et\u00a0Lux\u00a0;\n7\nDirection d\u00e9partementale des territoires de la C\u00f4te-d'Or - 21-2024-12-19-00004 - Arr\u00eat\u00e9 pr\u00e9fectoral n\u00b01890 du 19 d\u00e9cembre 2024\nrelatif \u00e0 l'exercice de la p\u00eache dans le d\u00e9partement de la C\u00f4te-d'or pour l'ann\u00e9e 2025 17\n\u2022 La\u00a0Tille\u00a0\u00e0\u00a0MAREY-SUR-TILLE\u00a0et\u00a0VILLEY-SUR-TILLE\u00a0\u2013\u00a0La\u00a0Fario\u00a0de\u00a0Til-Chatel\u00a0\u2013\u00a0sur\n1900\u00a0m\u00e8tres\u00a0lin\u00e9aires\u00a0des\u00a0deux\u00a0rives,\u00a0de\u00a0la\u00a0confluence\u00a0de\u00a0la\u00a0source\u00a0de\nBr\u00e9viaire\u00a0avec\u00a0la\u00a0Tille\u00a0(parcelle\u00a0ZM\u00a052)\u00a0jusqu'\u00e0\u00a0la\u00a0limite\u00a0communale\u00a0entre\nMarey-sur-Tille\u00a0et\u00a0Villey-sur-Tille\u00a0puis\u00a0sur\u00a0une\u00a0distance\u00a0de\u00a0475\u00a0m\u00e8tres\nlin\u00e9aires,\u00a0en\u00a0rive\u00a0droite\u00a0uniquement,\u00a0en\u00a0aval\u00a0de\u00a0la\u00a0limite\u00a0communale\u00a0entre\nMarey-sur-Tille\u00a0et\u00a0Villey-sur-Tille\u00a0(parcelles\u00a0ZA\u00a047,\u00a048\u00a0et\u00a049\u00a0\u00e0\u00a0Villey-sur-Tille)\u00a0;\n\u2022 l'Ouche\u00a0de\u00a0OUCHEROTTE\u00a0\u00a0\u00e0\u00a0THOREY\u00a0SUR\u00a0OUCHE-\u00a0Salmo\u00a0club\u00a0-\u00a0depuis\nl'aval\u00a0de\u00a0la\u00a0commune\u00a0d'Oucherotte\u00a0jusqu'au\u00a0moulin\u00a0de\u00a0Thorey-sur-Ouche,\nsoit\u00a0une\u00a0longueur\u00a0de\u00a03000\u00a0m\u00e8tres\u00a0lin\u00e9aires.\u00a0Pour\u00a0ce\u00a0parcours,\u00a0seules\u00a0sont\nautoris\u00e9es\u00a0les\u00a0p\u00eaches\u00a0(toutes\u00a0techniques\u00a0confondues)\u00a0avec\u00a0des\u00a0hame\u00e7ons\nsimples\u00a0sans\u00a0ardillon\u00a0;\n\u2022 L'Ouche\u00a0\u00e0\u00a0VEUVEY-SUR-OUCHE\u00a0et\u00a0LABUSSIERE-SUR-OUCHE\u00a0\u2013\u00a0Salmo-Club\u00a0-\nSur\u00a0une\u00a0distance\u00a0de\u00a01500\u00a0m\u00e8tres\u00a0lin\u00e9aires,\u00a0de\u00a0part\u00a0et\u00a0d'autre\u00a0de\u00a0la\nconfluence\u00a0du\u00a0ruisseau\u00a0des\u00a0Angles,\u00a0de\u00a0700\u00a0m\u00e8tres\u00a0en\u00a0amont\u00a0et\u00a0jusqu'\u00e0\u00a0800\nm\u00e8tres\u00a0en\u00a0aval\u00a0;\n\u2022 L'Ouche\u00a0\u00e0\u00a0NEUILLY-CRIMOLOIS,\u00a0ROUVRES-EN-PLAINE\u00a0et\u00a0FAUVERNEY\u00a0\u2013\nF\u00e9d\u00e9ration\u00a0d\u00e9partementale\u00a0de\u00a0p\u00eache\u00a0et\u00a0de\u00a0protection\u00a0du\u00a0milieu\u00a0aquatique\n\u2013\u00a0Sur\u00a08150\u00a0m\u00e8tres\u00a0lin\u00e9aires\u00a0environ,\u00a0sur\u00a0la\u00a0totalit\u00e9\u00a0du\u00a0territoire\u00a0des\ncommunes\u00a0de\u00a0Neuilly-Crimolois,\u00a0Rouvres-en-Plaine\u00a0et\u00a0Fauverney\u00a0;\n\u2022 La \u00a0 B\u00e8ze\u00a0 \u00e0 \u00a0 NOIRON \u00a0 SUR \u00a0 BEZE, \u00a0 TANAY\u00a0 et \u00a0 MIREBEAU \u00a0\u2013\u00a0 La \u00a0 Truite\nBourguignonne\u00a0\u2013\u00a0Depuis\u00a0la\u00a0limite\u00a0aval\u00a0de\u00a0la\u00a0r\u00e9serve\u00a0piscicole\u00a0en\u00a0aval\u00a0de\nNoiron-sur-Beze,\u00a0jusqu'au\u00a0panneau\u00a0mat\u00e9rialisant\u00a0la\u00a0fin\u00a0du\u00a0\"p\u00eacher-rel\u00e2cher\",\nsur\u00a01500\u00a0m\u00e8tres\u00a0lin\u00e9aires\u00a0;\n\u2022 La\u00a0B\u00e8ze\u00a0\u00e0\u00a0BEZE\u00a0\u2013\u00a0Source\u00a0de\u00a0B\u00e8ze\u00a0\u2013\u00a0En\u00a0amont\u00a0du\u00a0pont\u00a0de\u00a0Rome,\u00a0sur\u00a0une\ndistance\u00a0de\u00a0290\u00a0m\u00e8tres\u00a0lin\u00e9aires,\u00a0en\u00a0rive\u00a0droite.\u00a0En\u00a0aval\u00a0des\u00a0propri\u00e9t\u00e9s\npriv\u00e9es\u00a0du\u00a0Hameau\u00a0de\u00a0Rome,\u00a0sur\u00a0155\u00a0m\u00e8tres\u00a0lin\u00e9aires,\u00a0en\u00a0rive\u00a0droite\u00a0;\n\u2022 La\u00a0B\u00e8ze\u00a0\u00e0\u00a0BEZE\u00a0\u2013\u00a0Source\u00a0de\u00a0la\u00a0B\u00e8ze\u00a0\u2013\u00a0du\u00a01er\u00a0juillet\u00a02024\u00a0au\u00a031\u00a0ao\u00fbt\u00a02024\ninclus,\u00a0sur\u00a0l'ensemble\u00a0du\u00a0parcours.\n\u2022 La\u00a0Laigne\u00a0\u00e0\u00a0LAIGNES\u00a0\u2013\u00a0La\u00a0Laigne\u00a0\u2013\u00a0Depuis\u00a0la\u00a0limite\u00a0aval\u00a0de\u00a0la\u00a0r\u00e9serve\npiscicole\u00a0sur\u00a0une\u00a0distance\u00a0de\u00a0920\u00a0m\u00e8tres\u00a0lin\u00e9aires\u00a0jusqu'au\u00a0droit\u00a0du\u00a0foss\u00e9\nrive\u00a0droite\u00a0s\u00e9parant\u00a0la\u00a0culture\u00a0et\u00a0la\u00a0peupleraie\u00a0;\n\u2022 L'Oze\u00a0\u00e0\u00a0GRESIGNY-SAINTE-REINE\u00a0-\u00a0Amicale\u00a0des\u00a0P\u00eacheurs\u00a0\u00e0\u00a0la\u00a0ligne\u00a0de\nVenarey\u00a0\u2013\u00a0Depuis\u00a0l'ancien\u00a0pont\u00a0de\u00a0Gr\u00e9signy,\u00a0jusqu'au\u00a0pont\u00a0des\u00a0hulottes\n(pont\u00a0sous\u00a0la\u00a0voie\u00a0ferr\u00e9e),\u00a0sur\u00a0une\u00a0distance\u00a0de\u00a01300\u00a0m\u00e8tres\u00a0lin\u00e9aires\u00a0;\n\u2022 Le\u00a0Rabutin\u00a0\u00e0\u00a0GRESIGNY-SAINTE-REINE\u00a0-\u00a0Amicale\u00a0des\u00a0P\u00eacheurs\u00a0\u00e0\u00a0la\u00a0ligne\u00a0de\nVenarey\u00a0\u2013\u00a0Depuis\u00a0le\u00a0pont\u00a0sous\u00a0la\u00a0voie\u00a0ferr\u00e9e\u00a0jusqu'au\u00a0confluent\u00a0avec\u00a0l'Oze,\nsur\u00a0une\u00a0distance\u00a0de\u00a0180\u00a0m\u00e8tres\u00a0lin\u00e9aires\u00a0;\n\u2022 La\u00a0Seine\u00a0\u00e0\u00a0VIX,\u00a0POTHIERES\u00a0et\u00a0VILLERS-PATRAS\u00a0\u2013\u00a0AAPPMA\u00a0de\u00a0Vix\u00a0et\u00a0de\nChatillon\u00a0\u2013\u00a0Depuis\u00a0le\u00a0d\u00e9versoir\u00a0de\u00a0POTHIERES\u00a0jusqu'\u00e0\u00a0la\u00a0confluence\u00a0du\nruisseau\u00a0de\u00a0Courcelles,\u00a0sur\u00a0une\u00a0distance\u00a0de\u00a01300\u00a0m\u00e8tres\u00a0lin\u00e9aires.\nParcours  \"p\u00eacher-rel\u00e2cher\"  salmonid\u00e9s  sauf  truite  arc-en-ciel,  toutes  techniques\nconfondues :\nSur\u00a0les\u00a0parcours\u00a0suivants,\u00a0la\u00a0p\u00eache\u00a0des\u00a0salmonid\u00e9s,\u00a0\u00e0\u00a0l'exception\u00a0de\u00a0la\u00a0truite\u00a0arc-en-ciel,\u00a0ne\npeut\u00a0\u00eatre\u00a0pratiqu\u00e9e\u00a0qu'en\u00a0\"p\u00eacher-rel\u00e2cher\",\u00a0toutes\u00a0techniques\u00a0confondues,\u00a0et\u00a0sans\nardillon.\n8\nDirection d\u00e9partementale des territoires de la C\u00f4te-d'Or - 21-2024-12-19-00004 - Arr\u00eat\u00e9 pr\u00e9fectoral n\u00b01890 du 19 d\u00e9cembre 2024\nrelatif \u00e0 l'exercice de la p\u00eache dans le d\u00e9partement de la C\u00f4te-d'or pour l'ann\u00e9e 2025 18\n\u2022 L'Ignon\u00a0\u00e0\u00a0LAMARGELLE\u00a0\u2013\u00a0La\u00a0Gaule\u00a0de\u00a0l'Ignon\u00a0\u2013\u00a0Sur\u00a0une\u00a0distance\u00a0de\u00a01000\nm\u00e8tres\u00a0lin\u00e9aires\u00a0depuis\u00a0150\u00a0m\u00e8tres\u00a0en\u00a0aval\u00a0en\u00a0aval\u00a0du\u00a0confluent\u00a0du\u00a0Ru\u00a0de\nCreux,\u00a0jusqu'\u00e0\u00a0210\u00a0m\u00e8tres\u00a0\u00e0\u00a0l'aval\u00a0de\u00a0la\u00a0limite\u00a0communale\u00a0entre\u00a0Lamargelle\net\u00a0Fr\u00e9nois\u00a0;\n\u2022 L'Ignon\u00a0\u00e0\u00a0MOLOY\u00a0\u2013\u00a0AAPPMA\u00a0de\u00a0Tarsul\u00a0\u2013\u00a0Sur\u00a0une\u00a0distance\u00a0de\u00a03500\u00a0m\u00e8tres\nlin\u00e9aires\u00a0depuis\u00a0la\u00a0limite\u00a0communale\u00a0entre\u00a0Frenois\u00a0et\u00a0Moloy\u00a0jusqu'au\u00a0Clos\nNeuf,\u00a0entre\u00a0l'\u00e9tang\u00a0et\u00a0le\u00a0parc\u00a0Gouget,\u00a0sur\u00a0la\u00a0commune\u00a0de\u00a0Moloy\u00a0;\n\u2022 L'Ignon\u00a0\u00e0\u00a0COURTIVRON\u00a0et\u00a0TARSUL\u00a0-\u00a0AAPPMA\u00a0de\u00a0Tarsul\u00a0\u2013\u00a0Sur\u00a0une\u00a0distance\nde\u00a04200\u00a0m\u00e8tres\u00a0lin\u00e9aires\u00a0limite\u00a0amont\u00a0au\u00a0droit\u00a0de\u00a0la\u00a0station\u00a0de\u00a0pompage\u00a0\u00e0\nl'aval\u00a0de\u00a0Courtivron\u00a0jusqu'\u00e0\u00a0la\u00a0pessi\u00e8re\u00a0exploit\u00e9e\u00a0situ\u00e9e\u00a0\u00e0\u00a0100\u00a0m\u00e8tres\u00a0sous\u00a0la\nconfluence\u00a0avec\u00a0le\u00a0foss\u00e9\u00a0de\u00a0Vaud\u00eeme\u00a0\u00e0\u00a0Tarsul\u00a0;\n\u2022 l'Ouche\u00a0\u00e0\u00a0DIJON\u00a0et\u00a0LONGVIC\u00a0-\u00a0Union\u00a0Dijonnaise\u00a0des\u00a0Fervents\u00a0P\u00eacheurs.-\u00a0\u00a0En\naval\u00a0du\u00a0lac\u00a0Kir\u00a0et\u00a0jusqu'au\u00a0confluent\u00a0avec\u00a0le\u00a0Suzon\u00a0;\n\u2022 Le\u00a0Rhoin,\u00a0\u00e0\u00a0BOUILLAND\u00a0\u2013\u00a0AAPPMA\u00a0de\u00a0Bouilland\u00a0\u2013\u00a0Lieu-dit\u00a0\u00ab\u00a0Le\u00a0Pr\u00e9\u00a0aux\nDames\u00a0\u00bb,\u00a0depuis\u00a0400\u00a0ml\u00a0en\u00a0aval\u00a0des\u00a0sources\u00a0du\u00a0Rhoin\u00a0jusqu'au\u00a0droit\u00a0de\u00a0la\npetite\u00a0voie\u00a0communale\u00a0empierr\u00e9es,\u00a0sur\u00a0une\u00a0distance\u00a0de\u00a0350\u00a0m\u00e8tres\nlin\u00e9aires\u00a0;\n\u2022 Le\u00a0Rhoin,\u00a0\u00e0\u00a0BOUILLAND\u00a0\u2013\u00a0AAPPMA\u00a0de\u00a0Bouilland\u00a0-\u00a0le\u00a0Rhoin\u00a0compris\u00a0entre\u00a0le\ncarrefour\u00a0de\u00a0la\u00a0route\u00a0de\u00a0Beaune\u00a0et\u00a0la\u00a0rue\u00a0de\u00a0l'Eglise\u00a0(zone\u00a0du\u00a0pont\u00a0devant\u00a0le\nrestaurant\u00a0de\u00a0l'Auberge\u00a0Saint\u00a0Martin)\u00a0et\u00a0le\u00a0carrefour\u00a0de\u00a0la\u00a0route\u00a0de\u00a0Beaune\net\u00a0la\u00a0rue\u00a0de\u00a0la\u00a0Forge\u00a0(zone\u00a0du\u00a0pont\u00a0de\u00a0l'ancien\u00a0h\u00f4tel\u00a0du\u00a0Vieux\u00a0Moulin),\u00a0sur\nune\u00a0distance\u00a0lin\u00e9aire\u00a0de\u00a0150\u00a0m\u00e8tres\u00a0;\n\u2022 Le\u00a0Rhoin\u00a0\u00e0\u00a0BOUILLAND\u00a0-\u00a0AAPPMA\u00a0de\u00a0Bouilland\u00a0-\u00a0lieu-dit\u00a0\u00ab\u00a0Le\u00a0Serbet\u00a0\u00bb,\ndepuis\u00a0le\u00a0premier\u00a0pr\u00e9\u00a0\u00e0\u00a0l'aval\u00a0des\u00a0derniers\u00a0jardins\u00a0attenant\u00a0aux\u00a0habitations\nde\u00a0Bouilland\u00a0jusqu'au\u00a0dernier\u00a0pr\u00e9\u00a0situ\u00e9\u00a0\u00e0\u00a0l'amont\u00a0imm\u00e9diat\u00a0du\u00a0Hameau\u00a0de\nla\u00a0Forge,\u00a0sur\u00a0une\u00a0distance\u00a0de\u00a0440\u00a0ml\u00a0;\n\u2022 le\u00a0Rhoin\u00a0\u00e0\u00a0BOUILLAND\u00a0-\u00a0AAPPMA\u00a0de\u00a0Bouilland\u00a0-\u00a0depuis\u00a0le\u00a0premier\u00a0pr\u00e9\u00a0\u00e0\nl'aval\u00a0des\u00a0derniers\u00a0jardins\u00a0attenant\u00a0aux\u00a0habitations\u00a0de\u00a0Bouilland\u00a0au\u00a0lieu-dit\n\"la\u00a0Forge\"\u00a0jusqu'\u00e0\u00a0la\u00a0fin\u00a0du\u00a0parcours\u00a0de\u00a0la\u00a0soci\u00e9t\u00e9\u00a0de\u00a0p\u00eache\u00a0de\u00a0Bouilland\u00a0qui\ns'arr\u00eate\u00a0\u00e0\u00a0100m\u00a0en\u00a0amont\u00a0du\u00a0parcours\u00a0de\u00a0p\u00eache\u00a0priv\u00e9\u00a0de\u00a0Savigny\u00a0les\nBeaune,\u00a0sur\u00a0une\u00a0distance\u00a0d'environ\u00a02000\u00a0m\u00e8tres\u00a0;\n\u2022 Le\u00a0Rabutin\u00a0\u00e0\u00a0BUSSY-LE\u00a0GRAND\u00a0et\u00a0GRESIGNY-SAINTE-REINE,\u00a0sur\u00a0la\u00a0totalit\u00e9\nde\u00a0son\u00a0cours\u00a0;\n\u2022 L'Oze\u00a0\u00e0\u00a0BUSSY-LE\u00a0GRAND,\u00a0GRESIGNY-SAINTE-REINE,\u00a0MENETREEUX-LE-PITOIS\u00a0et\nVENAREY-LES-LAUMES,\u00a0\u00a0du\u00a0pont\u00a0des\u00a0Romains\u00a0de\u00a0Ravouze\u00a0sur\u00a0la\u00a0commune\u00a0de\nGr\u00e9signy-Sainte-Reine,\u00a0\u00e0\u00a0sa\u00a0confluence\u00a0avec\u00a0la\u00a0Brenne.\nParcours \"p\u00eacher-rel\u00e2cher\" salmonid\u00e9s mouche uniquement :\nSur\u00a0les\u00a0parcours\u00a0suivants,\u00a0la\u00a0p\u00eache\u00a0des\u00a0salmonid\u00e9s\u00a0ne\u00a0peut\u00a0\u00eatre\u00a0pratiqu\u00e9e\u00a0qu'en\u00a0\"p\u00eacher-\nrel\u00e2cher\",\u00a0\u00e0\u00a0la\u00a0mouche\u00a0artificielle,\u00a0fouett\u00e9e,\u00a0sans\u00a0ardillon.\n\u2022 La\u00a0Bouzaise\u00a0\u00e0\u00a0LEVERNOIS\u00a0\u2013\u00a0La\u00a0Truite\u00a0Beaunoise\u00a0\u2013\u00a0depuis\u00a0la\u00a0limite\u00a0aval\u00a0de\nl'Hostellerie\u00a0de\u00a0Levernois\u00a0jusqu'au\u00a0premier\u00a0foss\u00e9\u00a0situ\u00e9\u00a0en\u00a0aval\u00a0de\u00a0l'h\u00f4tel\nColvert\u00a0;\n\u2022 La\u00a0Bouzaise\u00a0\u00e0\u00a0BEAUNE\u00a0\u2013\u00a0La\u00a0Truite\u00a0Beaunoise\u00a0-\u00a0du\u00a0moulin\u00a0Perpreuil\u00a0\u00e0\u00a0la\nrocade\u00a0de\u00a0contournement\u00a0de\u00a0Beaune\u00a0(1250\u00a0m)\u00a0;\n9\nDirection d\u00e9partementale des territoires de la C\u00f4te-d'Or - 21-2024-12-19-00004 - Arr\u00eat\u00e9 pr\u00e9fectoral n\u00b01890 du 19 d\u00e9cembre 2024\nrelatif \u00e0 l'exercice de la p\u00eache dans le d\u00e9partement de la C\u00f4te-d'or pour l'ann\u00e9e 2025 19\n\u2022 La\u00a0Seine\u00a0\u00e0\u00a0AISEY\u00a0SUR\u00a0SEINE\u00a0et\u00a0NOD\u00a0SUR\u00a0SEINE\u00a0\u2013\u00a0La\u00a0Truite\u00a0Bourguignonne\u00a0-\ndu\u00a0pont\u00a0RD29\u00a0\u00e0\u00a0Aisey\u00a0sur\u00a0Seine\u00a0\u00e0\u00a0l'ouvrage\u00a0de\u00a0la\u00a0scierie\u00a0de\u00a0pierres\u00a0\u00e0\u00a0Nod\u00a0sur\nSeine\u00a0(1500\u00a0m)\u00a0;\n\u2022 La\u00a0Seine\u00a0\u00e0\u00a0BREMUR\u00a0EN\u00a0VAUROIS\u00a0\u2013\u00a0La\u00a0Truite\u00a0Bourguignonne\u00a0\u2013\u00a0depuis\u00a0le\u00a0pont\nsur\u00a0la\u00a0Seine\u00a0\u00e0\u00a0hauteur\u00a0des\u00a0forges\u00a0de\u00a0Chaineci\u00e8res\u00a0jusqu'au\u00a0vannage\u00a0priv\u00e9\u00a0du\nch\u00e2teau\u00a0de\u00a0Bremur-et-Vaurois\u00a0situ\u00e9\u00a0jusqu'en\u00a0amont\u00a0du\u00a0village\u00a0(environ\u00a04\u00a0km\nsur\u00a0les\u00a0deux\u00a0rives).\nParcours \"p\u00eacher-rel\u00e2cher\" carnassiers toutes techniques confondues avec p\u00eache au vif\ninterdite\nSur\u00a0le\u00a0parcours\u00a0suivant,\u00a0la\u00a0p\u00eache\u00a0des\u00a0carnassiers\u00a0ne\u00a0peut\u00a0\u00eatre\u00a0pratiqu\u00e9e\u00a0qu'en\u00a0\"p\u00eacher-\nrel\u00e2cher\",\u00a0toutes\u00a0techniques\u00a0confondues\u00a0sans\u00a0ardillon.\u00a0Afin\u00a0d'\u00e9viter\u00a0toute\u00a0mutilation,\u00a0la\np\u00eache\u00a0au\u00a0vif\u00a0est\u00a0interdite\u00a0:\n\u2022 Plans\u00a0d'eau\u00a0\u00ab\u00a0Etangs\u00a0d'Or\u00a0\u00bb\u00a0\u00e0\u00a0TAILLY\u00a0-\u00a0\u00a0La\u00a0Truite\u00a0Beaunoise\u00a0\u2013\u00a0Plans\u00a0d'eau\u00a0G1\n(\u00e9tang\u00a0sauvage)\u00a0et\u00a0G3\u00a0(\u00e9tang\u00a0des\u00a0phragmites),\u00a0et\u00a0G15\u00a0(la\u00a0presqu'\u00eele\u00a0aux\noiseaux)\u00a0;\n\u2022 La\u00a0Sa\u00f4ne\u00a0\u00e0\u00a0FLAMMERANS\u00a0-\u00a0La\u00a0Gaule\u00a0Auxonnaise\u00a0\u2013\u00a0Canal\u00a0de\u00a0d\u00e9rivation\u00a0de\u00a0la\nSa\u00f4ne,\u00a0lot\u00a0n\u00b013\u00a0dans\u00a0sa\u00a0totalit\u00e9,\u00a0de\u00a0la\u00a0porte\u00a0de\u00a0garde\u00a0\u00e0\u00a0l'\u00e9cluse\u00a0de\u00a0Poncey\u00a0;\n\u2022 Canal\u00a0de\u00a0Bourgogne\u00a0\u00e0\u00a0VENAREY-LES-LAUMES\u00a0-\u00a0Amicale\u00a0des\u00a0P\u00eacheurs\u00a0\u00e0\u00a0la\nligne\u00a0de\u00a0Venarey\u00a0\u2013\u00a0\u00a0Lot\u00a0n\u00b0\u00a055\u00a0-\u00a0bief\u00a0du\u00a0port\u00a0du\u00a0canal\u00a0\u00e0\u00a0Venarey\u00a0(56\u00a0Y)\u00a0;\n\u2022 Canal\u00a0de\u00a0Bourgogne\u00a0\u00e0\u00a0MUSSY-LA-FOSSE\u00a0et\u00a0POUILLENAY\u00a0-\u00a0Amicale\u00a0des\nP\u00eacheurs\u00a0\u00e0\u00a0la\u00a0ligne\u00a0de\u00a0Venarey\u00a0\u2013\u00a0Lot\u00a0n\u00b0\u00a055\u00a0-\u00a0bief\u00a0dit\u00a0\u00ab\u00a0les\u00a0cerisiers\u00a0\u00bb\u00a0\u00a0(52\u00a0Y)\u00a0;\n\u2022 Canal\u00a0de\u00a0Bourgogne\u00a0\u00e0\u00a0MONTBARD\u00a0\u2013\u00a0L'Azerotte\u00a0de\u00a0Montbard\u00a0\u2013\u00a0lot\u00a0n\u00b049\u00a0\u2013\u00a0de\nl'\u00e9cluse\u00a064\u00a0Y\u00a0\u00e0\u00a0l'\u00e9cluse\u00a065\u00a0Y\u00a0(environ\u00a00,7\u00a0km)\u00a0;\n\u2022 Canal\u00a0de\u00a0Bourgogne\u00a0\u00e0 \u00a0AUBAINE,\u00a0COLOMBIER,\u00a0CRUGEY,\u00a0THOREY-SUR-\nOUCHE-\u00a0Salmo\u00a0Club\u2013\u00a0lot\u00a0n\u00b074p2,\u00a0biefs\u00a0compris\u00a0entre\u00a0les\u00a0\u00e9cluses\u00a019S\u00a0et\n20S\u00a0;\n\u2022 La\u00a0Sa\u00f4ne,\u00a0\u00e0\u00a0MAXILLY-SUR-SA\u00d4NE\u00a0ET\u00a0HEUILLEY-SUR-SA\u00d4NE\u00a0\u2013\u00a0La\u00a0Gaule\nd'Heuilley-sur-Sa\u00f4ne\u00a0\u2013\u00a0D\u00e9rivation\u00a0d'Heuilley,\u00a0lot\u00a0n\u00b0\u00a05,\u00a0entre\u00a0la\u00a0porte\u00a0de\ngarde\u00a0et\u00a0l'\u00e9cluse\u00a0d'Heuilley\u00a0;\n\u2022 Sabli\u00e8re\u00a0f\u00e9d\u00e9rale\u00a0n\u00b06\u00a0de\u00a0BRESSEY\u00a0SUR\u00a0TILLE\u00a0\u2013\u00a0F\u00e9d\u00e9ration\u00a0d\u00e9partementale\npour\u00a0la\u00a0p\u00eache\u00a0et\u00a0la\u00a0protection\u00a0du\u00a0milieu\u00a0aquatique.\u00a0Bassin\u00a0proche\u00a0de\u00a0la\nroute\u00a0reliant\u00a0Couternon\u00a0\u00e0\u00a0Bressey-sur-Tille.\u00a011\u00a0hectares\u00a0;\n\u2022 Plan\u00a0d'eau\u00a0du\u00a0\u00ab\u00a0Nid\u00a0\u00e0\u00a0la\u00a0Caille\u00a0\u00bb\u00a0\u00e0\u00a0VENAREY\u00a0LES\u00a0LAUMES\u00a0\u2013\u00a0Amicale\u00a0de\nVenarey\u00a0\u2013\u00a0Ensemble\u00a0du\u00a0site\u00a0;\n\u2022 L'Arman\u00e7on\u00a0\u00e0\u00a0MONTIGNY\u00a0SUR\u00a0ARMAN\u00c7ON\u00a0\u2013\u00a0Amicale\u00a0de\u00a0Semur\u00a0en\u00a0Auxois\u00a0-\nDepuis\u00a0le\u00a0pont\u00a0de\u00a0la\u00a0D10\u00a0jusqu'\u00e0\u00a010\u00a0m\u00e8tres\u00a0en\u00a0amont\u00a0de\u00a0la\u00a0passerelle\nfranchissant\u00a0l'Arman\u00e7on\u00a0en\u00a0amont\u00a0du\u00a0lac\u00a0de\u00a0Pont\u00a0(au\u00a0droit\u00a0du\u00a01er\u00a0pr\u00e9\u00a0en\nrive\u00a0gauche\u00a0parcelle\u00a0D99)\u00a0(800m).\n10\nDirection d\u00e9partementale des territoires de la C\u00f4te-d'Or - 21-2024-12-19-00004 - Arr\u00eat\u00e9 pr\u00e9fectoral n\u00b01890 du 19 d\u00e9cembre 2024\nrelatif \u00e0 l'exercice de la p\u00eache dans le d\u00e9partement de la C\u00f4te-d'or pour l'ann\u00e9e 2025 20\nParcours \"p\u00eacher-rel\u00e2cher\" black bass\nSur\u00a0le\u00a0parcours\u00a0suivant,\u00a0la\u00a0p\u00eache\u00a0du\u00a0black-bass\u00a0ne\u00a0peut\u00a0\u00eatre\u00a0pratiqu\u00e9e\u00a0qu'en\u00a0\"p\u00eacher-\nrel\u00e2cher\"\u00a0:\n\u2022 Sabli\u00e8re\u00a0N\u00b03\u00a0du\u00a0Letto\u00a0\u00e0\u00a0BEIRE-LE-CHATEL\u00a0\u2013\u00a0F\u00e9d\u00e9ration\u00a0d\u00e9partementale\npour\u00a0la\u00a0p\u00eache\u00a0et\u00a0la\u00a0protection\u00a0du\u00a0milieu\u00a0aquatique.\u00a0Sur\u00a0l'ensemble\u00a0du\u00a0site\u00a0;\n\u2022 Canal\u00a0entre\u00a0Champagne\u00a0et\u00a0Bourgogne,\u00a0\u00e0\u00a0La\u00a0VILLENEUVE-SUR-VINGEANNE,\nPOUILLY-SUR-VINGEANNE\u00a0 et \u00a0 SAINT-SEINE-SUR-VINGEANNE,\u00a0 entre \u00a0 les\n\u00e9cluses\u00a027\u00a0(La\u00a0Villeneuve)\u00a0et\u00a029\u00a0(Saint-Seine)\u00a0\u2013\u00a0(Lots\u00a0n\u00b0\u00a096\u00a0et\u00a097,\u00a0biefs\u00a0n\u00b0\u00a028\net\u00a029)\u00a0;\n\u2022 Barrage-r\u00e9servoir\u00a0de\u00a0GROSBOIS-EN-MONTAGNE\u00a0\u2013\u00a0AAPPMA\u00a0de\u00a0Grosbois-en-\nMontagne.\u00a0Sur\u00a0la\u00a0totalit\u00e9\u00a0du\u00a0bassin\u00a0G2\u00a0;\n\u2022 Canal \u00a0 de \u00a0 Bourgogne \u00a0 \u00e0 \u00a0 COURCELLES-LES-MONTBARD, \u00a0 NOGENT-LES-\nMONTBARD,\u00a0MONTBARD\u00a0et\u00a0SAIN-REMY\u00a0\u2013\u00a0AAPPMA\u00a0l'Azerotte\u00a0de\u00a0Montbard\n\u2013\u00a0Du\u00a0lot\u00a0n\u00b047\u00a0au\u00a0lot\u00a0n\u00b051,\u00a0de\u00a0l'\u00e9cluse\u00a061\u00a0Y\u00a0\u00e0\u00a0l'\u00e9cluse\u00a067\u00a0Y,\u00a0sur\u00a0une\u00a0distance\u00a0de\n9000\u00a0m\u00a0;\n\u2022 Canal\u00a0de\u00a0Bourgogne\u00a0\u00e0\u00a0BRAZEY-EN-PLAINE\u00a0et\u00a0SAINT-USAGE\u00a0\u2013\u00a0AAPPMA\nGaule\u00a0de\u00a0la\u00a0Belle\u00a0D\u00e9fense\u00a0\u2013\u00a0Bief\u00a076S,\u00a0compris\u00a0entre\u00a0les\u00a0\u00e9cluses\u00a075S\u00a0et\u00a076S\u00a0;\n\u2022 Lac\u00a0de\u00a0Gigny\u00a0\u00e0\u00a0Beaune\u00a0\u2013\u00a0AAPPMA\u00a0la\u00a0Truite\u00a0Beaunoise\u00a0\u2013\u00a0Sur\u00a0l'ensemble\u00a0du\nsite\u00a0;\n\u2022 La\u00a0Sa\u00f4ne\u00a0\u00e0\u00a0SAINT\u00a0USAGE,\u00a0LOSNE,\u00a0PAGNY\u00a0LE\u00a0CH\u00c2TEAU\u00a0\u2013\u00a0AAPPMA\u00a0La\u00a0Gaule\nde\u00a0la\u00a0Belle\u00a0D\u00e9fense\u00a0-\u00a0Lot\u00a0N\u00b025\u00a0en\u00a0partie\u00a0:\u00a0boucle\u00a0de\u00a0Chaugey\u00a0dans\u00a0son\nint\u00e9gralit\u00e9.\nParcours \"p\u00eacher-rel\u00e2cher\" carpes\nSur\u00a0les\u00a0parcours\u00a0suivants,\u00a0la\u00a0p\u00eache\u00a0de\u00a0la\u00a0carpe\u00a0ne\u00a0peut\u00a0\u00eatre\u00a0pratiqu\u00e9e\u00a0qu'en\u00a0\"p\u00eacher-\nrel\u00e2cher\"\u00a0:\n\u2022 Plan\u00a0d'eau\u00a0de\u00a0MERCEUIL\u00a0\u2013\u00a0La\u00a0Truite\u00a0Beaunoise\u00a0\u2013\u00a0Plan\u00a0d'eau\u00a0G15\u00a0et\u00a0G16\u00a0;\n\u2022 Plans\u00a0d'eau\u00a0de\u00a0TAILLY\u00a0\u2013\u00a0La\u00a0Truite\u00a0Beaunoise\u00a0\u2013\u00a0Plan\u00a0d'eau\u00a0G1\u00a0(\u00e9tang\u00a0sauvage)\u00a0;\n\u2022 Lac\u00a0de\u00a0Gigny\u00a0-\u00a0La\u00a0Truite\u00a0Beaunoise\u00a0\u2013\u00a0Sur\u00a0l'ensemble\u00a0du\u00a0site\u00a0;\n\u2022 Plans\u00a0d'eau\u00a0dits\u00a0de\u00a0MORTEUIL\u00a0\u2013\u00a0Commune\u00a0de\u00a0MERCEUIL\u00a0\u2013\u00a0La\u00a0Truite\nBeaunoise\u00a0\u2013\u00a0Sur\u00a0l'ensemble\u00a0des\u00a0sites\u00a0;\n\u2022 Canal\u00a0de\u00a0Bourgogne\u00a0\u00e0\u00a0MONTBARD\u00a0\u2013\u00a0L'Azerotte\u00a0de\u00a0Montbard\u00a0-\u00a0lot\u00a0n\u00b0\u00a049\u00a0en\npartie\u00a0:\u00a0\u00e9cluse\u00a062\u00a0Y\u00a0\u00e0\u00a063\u00a0Y,\u00a0\u00e9cluses\u00a063\u00a0Y\u00a0\u00e0\u00a064\u00a0Y,\u00a0du\u00a0pont\u00a0SNCF\u00a0jusqu'\u00e0\nl'ancienne\u00a0usine\u00a0d'incin\u00e9ration,\u00a0\u00e9cluses\u00a065\u00a0Y\u00a0\u00e0\u00a066\u00a0Y\u00a0;\n\u2022 Canal\u00a0de\u00a0Bourgogne\u00a0\u00e0\u00a0VENAREY-LES-LAUMES\u00a0-\u00a0\u00a0L'Amicale\u00a0des\u00a0P\u00eacheurs\u00a0\u00e0\u00a0la\nLigne\u00a0de\u00a0Venarey.\u00a0\u00a0Lot\u00a0n\u00b0\u00a055\u00a0\u2013\u00a0bief\u00a0compris\u00a0entre\u00a0les\u00a0\u00e9cluses\u00a055\u00a0Y\u00a0et\u00a054\u00a0Y\u00a0;\n\u2022 Canal\u00a0de\u00a0Bourgogne\u00a0\u00e0\u00a0MUSSY-LA-FOSSE\u00a0et\u00a0POUILLENAY\u00a0-\u00a0\u00a0L'Amicale\u00a0des\nP\u00eacheurs\u00a0\u00e0\u00a0la\u00a0Ligne\u00a0de\u00a0Venarey\u00a0-\u00a0Lot\u00a0n\u00b0\u00a055\u00a0-\u00a0bief\u00a0dit\u00a0\u00ab\u00a0les\u00a0cerisiers\u00a0\u00bb\u00a0\u00a0(52\u00a0Y)\u00a0;\n11\nDirection d\u00e9partementale des territoires de la C\u00f4te-d'Or - 21-2024-12-19-00004 - Arr\u00eat\u00e9 pr\u00e9fectoral n\u00b01890 du 19 d\u00e9cembre 2024\nrelatif \u00e0 l'exercice de la p\u00eache dans le d\u00e9partement de la C\u00f4te-d'or pour l'ann\u00e9e 2025 21\n\u2022 La\u00a0Brenne\u00a0\u00e0\u00a0MONTBARD\u00a0\u2013\u00a0en\u00a0aval\u00a0du\u00a0pont\u00a0SNCF\u00a0jusqu'\u00e0\u00a0la\u00a0premi\u00e8re\u00a0cl\u00f4ture\nsur\u00a0la\u00a0commune\u00a0de\u00a0Montbard\u00a0;\n\u2022 Canal\u00a0entre\u00a0Champagne\u00a0et\u00a0Bourgogne\u00a0\u00e0\u00a0COURCHAMP\u00a0\u2013\u00a0\u00a0L'Amicale\u00a0des\nP\u00eacheurs\u00a0de\u00a0Haute\u00a0et\u00a0Moyenne\u00a0Vingeanne\u00a0\u2013\u00a0lot\u00a0n\u00b0\u00a093\u00a0\u2013\u00a0jusqu'\u00e0\u00a050\u00a0m\u00e8tres\u00a0en\naval\u00a0du\u00a0port\u00a0;\n\u2022 Canal\u00a0entre\u00a0Champagne\u00a0et\u00a0Bourgogne\u00a0\u00e0\u00a0SAINT-MAURICE-SUR-VINGEANNE\n\u2013\u00a0L'Amicale\u00a0des\u00a0P\u00eacheurs\u00a0de\u00a0Haute\u00a0et\u00a0Moyenne\u00a0Vingeanne\u00a0\u2013\u00a0Lot\u00a0n\u00b0\u00a095\njusqu'\u00e0\u00a050\u00a0m\u00e8tres\u00a0en\u00a0amont\u00a0de\u00a0l'\u00e9cluse\u00a0de\u00a0La\u00a0Villeneuve-sur-Vingeanne\u00a0;\n\u2022 Canal\u00a0entre\u00a0Champagne\u00a0et\u00a0Bourgogne\u00a0\u00e0\u00a0LA\u00a0VILLENEUVE-SUR-VINGEANNE\n\u2013\u00a0L'Amicale\u00a0des\u00a0P\u00eacheurs\u00a0de\u00a0Haute\u00a0et\u00a0Moyenne\u00a0Vingeanne\u00a0\u2013\u00a0Lot\u00a0n\u00b0\u00a096\u00a0en\npartie\u00a0\u2013\u00a0Du\u00a0pont\u00a0de\u00a0la\u00a0D.\u00a0105\u00a0jusqu'\u00e0\u00a0500\u00a0m\u00e8tres\u00a0en\u00a0aval\u00a0;\n\u2022 Canal\u00a0entre\u00a0Champagne\u00a0et\u00a0Bourgogne\u00a0\u00e0\u00a0POUILLY-SUR-VINGEANNE\u00a0:\u00a0-\nL'Amicale\u00a0des\u00a0P\u00eacheurs\u00a0de\u00a0Haute\u00a0et\u00a0Moyenne\u00a0Vingeanne\u00a0-\u00a0Lot\u00a0n\u00b0\u00a097,\u00a0sur\u00a0le\nbief\u00a0n\u00b029,\u00a0en\u00a0rive\u00a0droite\u00a0uniquement\u00a0depuis\u00a0le\u00a0pont\u00a0sur\u00a0la\u00a0D27g\u00a0et\u00a0sur\u00a0une\ndistance\u00a0de\u00a0250m\u00a0;\n\u2022 Canal\u00a0entre\u00a0Champagne\u00a0et\u00a0Bourgogne\u00a0\u00e0\u00a0SAINT-SEINE-SUR-VINGEANNE\u00a0:\nL'Amicale\u00a0des\u00a0P\u00eacheurs\u00a0de\u00a0Haute\u00a0et\u00a0Moyenne\u00a0Vingeanne\u00a0\u2013\u00a0Lot\u00a0n\u00b097,\u00a0sur\u00a0le\nbief\u00a0n\u00b029,\u00a0en\u00a0rive\u00a0droite,\u00a0depuis\u00a0400m\u00a0en\u00a0amont\u00a0de\u00a0l'\u00e9cluse\u00a0n\u00b029\u00a0de\u00a0Saint-\nSeine-sur-Vingeanne\u00a0et\u00a0sur\u00a0une\u00a0distance\u00a0de\u00a0250m,\u00a0port\u00a0inclus\u00a0;\n\u2022 Canal\u00a0entre\u00a0Champagne\u00a0et\u00a0Bourgogne\u00a0\u00e0\u00a0DAMPIERRE-ET-FLEE\u00a0:\u00a0L'Amicale\u00a0des\nP\u00eacheurs\u00a0de\u00a0Haute\u00a0et\u00a0Moyenne\u00a0Vingeanne\u00a0-\u00a0lot\u00a0n\u00b0102,\u00a0sur\u00a0le\u00a0bief\u00a0n\u00b034,\u00a0en\nrive\u00a0droite,\u00a0depuis\u00a0300\u00a0m\u00a0en\u00a0amont\u00a0du\u00a0pont\u00a0de\u00a0la\u00a0D27h\u00a0et\u00a0sur\u00a0une\u00a0distance\nde\u00a0250\u00a0m\u00a0;\n\u2022 Canal\u00a0entre\u00a0Champagne\u00a0et\u00a0Bourgogne\u00a0\u00e0\u00a0BEAUMONT-SUR-VINGEANNE\u00a0:\nL'Amicale\u00a0des\u00a0P\u00eacheurs\u00a0de\u00a0Haute\u00a0et\u00a0Moyenne\u00a0Vingeanne\u00a0-\u00a0lot\u00a0n\u00b0103,\u00a0sur\u00a0le\nbief\u00a0n\u00b035,\u00a0sur\u00a0la\u00a0rive\u00a0droite,\u00a0depuis\u00a0300m\u00a0en\u00a0amont\u00a0de\u00a0l'\u00e9cluse\u00a0n\u00b035\u00a0de\nBeaumont-sur-Vingeanne\u00a0sur\u00a0une\u00a0distance\u00a0de\u00a0250\u00a0m\u00a0;\n\u2022 Sabli\u00e8res\u00a0f\u00e9d\u00e9rales\u00a0n\u00b03\u00a0et\u00a0n\u00b06\u00a0de\u00a0BRESSEY\u00a0SUR\u00a0TILLE\u00a0\u2013\u00a0F\u00e9d\u00e9ration\nd\u00e9partementale\u00a0pour\u00a0la\u00a0p\u00eache\u00a0et\u00a0la\u00a0protection\u00a0du\u00a0milieu\u00a0aquatique.\u00a0\u2013\u00a0N\u00b03\u00a0:\nBassin\u00a0proche\u00a0du\u00a0Bois\u00a0de\u00a0Chevigny.\u00a012\u00a0hectares\u00a0et\u00a0n\u00b06\u00a0:\u00a0Bassin\u00a0proche\u00a0de\u00a0la\nroute\u00a0reliant\u00a0Couternon\u00a0\u00e0\u00a0Bressey\u00a0sur\u00a0Tille.\u00a011\u00a0hectares.\u00a0Sur\u00a0les\u00a0deux\u00a0sites\ndans\u00a0leur\u00a0ensemble\u00a0;\n\u2022 Sabli\u00e8re\u00a0du\u00a0Letto\u00a0\u00e0\u00a0BEIRE\u00a0LE\u00a0CH\u00c2TEL\u00a0\u2013\u00a0F\u00e9d\u00e9ration\u00a0d\u00e9partementale\u00a0pour\u00a0la\np\u00eache\u00a0et\u00a0la\u00a0protection\u00a0du\u00a0milieu\u00a0aquatique.\u00a0\u2013\u00a0Sur\u00a0le\u00a0site\u00a0dans\u00a0son\u00a0ensemble.\n6\u00a0hectares\u00a0;\n\u2022 La\u00a0Brenne\u00a0\u00e0\u00a0MONTBARD\u00a0et\u00a0SAINT-REMY\u00a0\u2013\u00a0L'Azerotte\u00a0de\u00a0Montbard\u00a0\u2013\u00a0Limite\namont\u00a0:\u00a0Pont\u00a0SNCF\u00a0de\u00a0Montbard\u00a0(limite\u00a01\u00e8re/2\u00e8me\u00a0cat\u00e9gorie)\u00a0\u2013\u00a0Limite\naval\u00a0au\u00a0droit\u00a0de\u00a0la\u00a0sous\u00a0station\u00a0\u00e9lectrique\u00a0situ\u00e9e\u00a0en\u00a0amont\u00a0de\u00a0l'\u00e9cluse\u00a067\u00a0Y\u00a0\u00e0\nSAINT-REMY\u00a0(Environ\u00a05000\u00a0m\u00e8tres\u00a0lin\u00e9aires)\u00a0;\n\u2022 Sabli\u00e8re\u00a0n\u00b06\u00a0\u00e0\u00a0BEIRE\u00a0LE\u00a0CHATEL\u00a0\u2013\u00a0F\u00e9d\u00e9ration\u00a0d\u00e9partementale\u00a0pour\u00a0la\u00a0p\u00eache\net\u00a0la\u00a0protection\u00a0du\u00a0milieu\u00a0aquatique\u00a0\u2013\u00a0Sur\u00a0le\u00a0site\u00a0dans\u00a0son\u00a0ensemble.\u00a07\nhectares\u00a0;\n\u2022 Plan\u00a0d'eau\u00a0du\u00a0\u00ab\u00a0Nid\u00a0\u00e0\u00a0la\u00a0Caille\u00a0\u00bb\u00a0\u00e0\u00a0VENAREY\u00a0LES\u00a0LAUMES\u00a0\u2013\u00a0Amicale\u00a0de\nVenarey\u00a0\u2013\u00a0Ensemble\u00a0du\u00a0site.\u00a01.5\u00a0hectares.\n12\nDirection d\u00e9partementale des territoires de la C\u00f4te-d'Or - 21-2024-12-19-00004 - Arr\u00eat\u00e9 pr\u00e9fectoral n\u00b01890 du 19 d\u00e9cembre 2024\nrelatif \u00e0 l'exercice de la p\u00eache dans le d\u00e9partement de la C\u00f4te-d'or pour l'ann\u00e9e 2025 22\nParcours \"p\u00eacher-rel\u00e2cher\" carpes \u00e0 vocation \u00ab carpodrome \u00bb\nSur\u00a0les\u00a0parcours\u00a0suivants,\u00a0la\u00a0p\u00eache\u00a0de\u00a0la\u00a0carpe\u00a0ne\u00a0peut\u00a0\u00eatre\u00a0pratiqu\u00e9e\u00a0qu'en\u00a0\"p\u00eacher-\nrel\u00e2cher\",\u00a0les\u00a0poissons\u00a0pouvant\u00a0\u00eatre\u00a0stock\u00e9s\u00a0momentan\u00e9ment,\u00a0de\u00a0jour\u00a0uniquement,\u00a0en\nbourriche\u00a0anglaise\u00a0suivant\u00a0les\u00a0dispositions\u00a0du\u00a0dernier\u00a0alin\u00e9a\u00a0de\u00a0l'article\u00a05.\n\u2022 Canal\u00a0de\u00a0Bourgogne\u00a0\u00e0\u00a0ROUVRES-EN-PLAINE,\u00a0BRETENNIERE,\u00a0THOREY-EN-\nPLAINE\u00a0-\u00a0Union\u00a0Dijonnaise\u00a0des\u00a0Fervents\u00a0P\u00eacheurs\u00a0\u2013\u00a0Lots\u00a0n\u00b0\u00a096P2\u00a0et\u00a097\u00a0\u2013\u00a0Biefs\ncompris\u00a0entre\u00a0les\u00a0\u00e9cluses\u00a064\u00a0S\u00a0et\u00a066\u00a0S\u00a0;\n\u2022 Canal\u00a0de\u00a0Bourgogne\u00a0\u00e0\u00a0THOISY-LE-DESERT\u00a0\u2013\u00a0l'AAPPMA\u00a0de\u00a0Pouilly-en-Auxois\u00a0\u2013\nLot\u00a0n\u00b0\u00a068\u00a0-\u00a0Bief\u00a0compris\u00a0entre\u00a0les\u00a0\u00e9cluses\u00a04\u00a0Y\u00a0et\u00a05\u00a0Y\u00a0;\n\u2022 Canal\u00a0de\u00a0Bourgogne\u00a0\u00e0\u00a0VANDENESSE-EN-AUXOIS\u00a0\u2013\u00a0La\u00a0Vandenesse\u00a0-\u00a0\u00a0Lot\u00a0n\u00b0\n70\u00a0\u2013\u00a0Biefs\u00a0compris\u00a0entre\u00a0les\u00a0\u00e9cluses\u00a06\u00a0S\u00a0et\u00a09\u00a0S\u00a0;\n\u2022 Canal\u00a0de\u00a0Bourgogne\u00a0\u00e0\u00a0VELARS\u00a0SUR\u00a0OUCHE\u00a0\u2013\u00a0AAPPMA\u00a0de\u00a0Velars\u00a0sur\u00a0Ouche\n\u2013\u00a0Bief\u00a046S,\u00a0compris\u00a0entre\u00a0les\u00a0\u00e9cluses\u00a045S\u00a0et\u00a046S.\nArticle 10 -  Date de validit\u00e9\nLe\u00a0pr\u00e9sent\u00a0arr\u00eat\u00e9\u00a0prendra\u00a0effet\u00a0au\u00a01er\u00a0janvier\u00a02025.\nL'arr\u00eat\u00e9\u00a0pr\u00e9fectoral\u00a0n\u00b0\u00a01767\u00a0du\u00a014\u00a0d\u00e9cembre\u00a02023\u00a0relatif\u00a0\u00e0\u00a0l'exercice\u00a0de\u00a0la\u00a0p\u00eache\u00a0dans\u00a0le\nd\u00e9partement\u00a0de\u00a0la\u00a0C\u00f4te-d'Or\u00a0en\u00a02024\u00a0est\u00a0abrog\u00e9.\nArticle 11 - Ex\u00e9cution\nLa\u00a0directrice\u00a0d\u00e9partementale\u00a0des\u00a0territoires\u00a0de\u00a0la\u00a0C\u00f4te-d'Or,\u00a0les\u00a0maires,\u00a0le\u00a0commandant\ndu\u00a0groupement\u00a0de\u00a0gendarmerie\u00a0de\u00a0la\u00a0C\u00f4te-d'Or,\u00a0le\u00a0directeur\u00a0d\u00e9partemental\u00a0de\u00a0la\u00a0s\u00e9curit\u00e9\npublique,\u00a0les\u00a0agents\u00a0de\u00a0l'office\u00a0fran\u00e7ais\u00a0de\u00a0la\u00a0biodiversit\u00e9\u00a0et\u00a0tous\u00a0les\u00a0agents\u00a0asserment\u00e9s\u00a0au\ntitre\u00a0de\u00a0la\u00a0police\u00a0de\u00a0la\u00a0p\u00eache,\u00a0sont\u00a0charg\u00e9s\u00a0chacun\u00a0en\u00a0ce\u00a0qui\u00a0le\u00a0concerne,\u00a0de\u00a0l'ex\u00e9cution\ndu\u00a0pr\u00e9sent\u00a0arr\u00eat\u00e9\u00a0qui\u00a0sera\u00a0ins\u00e9r\u00e9\u00a0au\u00a0recueil\u00a0des\u00a0actes\u00a0administratifs\u00a0de\u00a0la\u00a0pr\u00e9fecture\u00a0de\u00a0la\nC\u00f4te-d'Or.\u00a0\nFait\u00a0\u00e0\u00a0Dijon,\u00a0le\u00a019\u00a0d\u00e9cembre\u00a02024\nPour\u00a0le\u00a0pr\u00e9fet\u00a0et\u00a0par\u00a0d\u00e9l\u00e9gation,\nPour\u00a0la\u00a0directrice\u00a0d\u00e9partementale\u00a0des\u00a0territoires\nLa\u00a0responsable\u00a0du\u00a0bureau\u00a0pr\u00e9servation\u00a0de\u00a0la\u00a0qualit\u00e9\nde\u00a0l'eau\u00a0et\u00a0des\u00a0milieux\u00a0aquatiques\nSign\u00e9\nPauline\u00a0SOUCHE-SUCHOVSKY\nVoies et d\u00e9lais de recours\nLe pr\u00e9sent arr\u00eat\u00e9 peut faire l'objet soit d'un recours gracieux aupr\u00e8s du pr\u00e9fet, soit d'un\nrecours contentieux devant le tribunal administratif de Dijon (22 rue d'Assas \u2013BP 61916-\n21016 Dijon Cedex) dans un d\u00e9lai maximum de 2 mois \u00e0 compter de la date de publication\nau recueil des actes administratifs.\nLe tribunal administratif peut \u00eatre saisi par un recours d\u00e9pos\u00e9 via l'application T\u00e9l\u00e9recours\ncitoyens accessible par le site internet www.telerecours.fr.\n13\nDirection d\u00e9partementale des territoires de la C\u00f4te-d'Or - 21-2024-12-19-00004 - Arr\u00eat\u00e9 pr\u00e9fectoral n\u00b01890 du 19 d\u00e9cembre 2024\nrelatif \u00e0 l'exercice de la p\u00eache dans le d\u00e9partement de la C\u00f4te-d'or pour l'ann\u00e9e 2025 23\nDirection d\u00e9partementale des territoires de la\nC\u00f4te-d'Or\nService de l'eau et des risques\n21-2024-12-19-00006\nArr\u00eat\u00e9 pr\u00e9fectoral n\u00b01892 du 19 d\u00e9cembre 2024\nmodifiant l'arr\u00eat\u00e9 pr\u00e9fectoral n\u00b011265 du 23\nd\u00e9cembre 2021 portant institution de la mise en\nr\u00e9serve quinquennale de cours d'eau, sections de\ncours d'eau ou plans d'eau dans le d\u00e9partement\nde la C\u00f4te-d'Or pour les ann\u00e9es 2022-2027\nDirection d\u00e9partementale des territoires de la C\u00f4te-d'Or - 21-2024-12-19-00006 - Arr\u00eat\u00e9 pr\u00e9fectoral n\u00b01892 du 19 d\u00e9cembre 2024\nmodifiant l'arr\u00eat\u00e9 pr\u00e9fectoral n\u00b011265 du 23 d\u00e9cembre 2021 portant institution de la mise en r\u00e9serve quinquennale de cours d'eau,\nsections de cours d'eau ou plans d'eau dans le d\u00e9partement de la C\u00f4te-d'Or pour les ann\u00e9es 2022-2027\n24\nExPREFETDE LACOTE-D'ORL,z'bert\u00e9Egalit\u00e9Fraternit\u00e9\nDirection d\u00e9partementale des territoires\nde la C\u00f4te-d'Or\nService de l'eau et des risques\nBureau pr\u00e9servation de la qualit\u00e9 de l'eau et\ndes milieux aquatiques\nm\u00e9l\u00a0:\u00a0ddt-ser-ope@cote-dor.gouv.fr\nArr\u00eat\u00e9 pr\u00e9fectoral n\u00b0 1892 du 19 d\u00e9cembre 2024\nmodifiant\u00a0l'arr\u00eat\u00e9 pr\u00e9fectoral n\u00b0 11265 du 23 d\u00e9cembre 2021\nportant\u00a0institution\u00a0de\u00a0la\u00a0mise\u00a0en\u00a0r\u00e9serve\u00a0quinquennale\u00a0de\u00a0cours\u00a0d'eau,\u00a0sections\u00a0de\u00a0cours\nd'eau\u00a0ou\u00a0plans\u00a0d'eau\u00a0dans\u00a0le\u00a0d\u00e9partement\u00a0de\u00a0la\u00a0C\u00f4te\u00a0d'Or\u00a0pour\u00a0les\u00a0ann\u00e9es\u00a02022-2027\nLe\u00a0pr\u00e9fet\u00a0de\u00a0la\u00a0C\u00f4te-d'Or\nVU\u00a0le\u00a0code\u00a0de\u00a0l'environnement,\u00a0et\u00a0notamment\u00a0ses\u00a0articles\u00a0L.436-12,\u00a0R.436-69,\u00a0R.436-73\u00a0et\nR.436-74\u00a0;\nVU\u00a0les\u00a0avis\u00a0\u00e9mis\u00a0du\u00a0groupe\u00a0technique\u00a0de\u00a0travail\u00a0d\u00e9partemental\u00a0consultatif\u00a0de\u00a0la\u00a0p\u00eache\n(DDT, OFB, FDPPMA, Association D\u00e9partementale Agr\u00e9\u00e9e des P\u00eacheurs Amateurs aux Engins\net  Filets  -ADAPAEF-,  Association  inter-d\u00e9partementale  des  P\u00eacheurs  Professionnels  de  la\nSa\u00f4ne, du Doubs et du Haut-Rh\u00f4ne, VNF)\u00a0;\nVU\u00a0la\u00a0demande\u00a0du\u00a011\u00a0octobre\u00a02024\u00a0de\u00a0la\u00a0F\u00e9d\u00e9ration\u00a0de\u00a0C\u00f4te-d'Or\u00a0pour\u00a0la\u00a0P\u00eache\u00a0et\u00a0la\nProtection\u00a0du\u00a0Milieu\u00a0Aquatique\u00a0;\nVU\u00a0l'avis\u00a0r\u00e9put\u00e9\u00a0favorable\u00a0de\u00a0l'Office\u00a0Fran\u00e7ais\u00a0de\u00a0la\u00a0Biodiversit\u00e9\u00a0;\nVU  l'avis \u00a0r\u00e9put\u00e9 \u00a0 favorable \u00a0de \u00a0 l'association \u00a0 interd\u00e9partementale \u00a0 des \u00a0 p\u00eacheurs\nprofessionnels\u00a0de\u00a0la\u00a0Sa\u00f4ne,\u00a0du\u00a0Haut-Rh\u00f4ne\u00a0et\u00a0de\u00a0Franche-Comt\u00e9\u00a0;\nVU\u00a0l'avis\u00a0r\u00e9put\u00e9\u00a0favorable\u00a0de\u00a0Voies\u00a0navigables\u00a0de\u00a0France\u00a0;\nVU\u00a0la\u00a0consultation\u00a0du\u00a0public\u00a0sur\u00a0le\u00a0projet\u00a0d'arr\u00eat\u00e9\u00a0qui\u00a0s'est\u00a0d\u00e9roul\u00e9e\u00a0du\u00a014\u00a0novembre\u00a0au\u00a011\nd\u00e9cembre\u00a02024\u00a0en\u00a0application\u00a0de\u00a0l'article\u00a0L\u00a0123-19-1\u00a0du\u00a0code\u00a0de\u00a0l'environnement\u00a0;\nVU\u00a0les\u00a0arr\u00eat\u00e9s\u00a0n\u00b0\u00a01659/SG\u00a0du\u00a028\u00a0octobre\u00a02024\u00a0donnant\u00a0d\u00e9l\u00e9gation\u00a0de\u00a0signature\u00a0\u00e0\u00a0Madame\nFlorence\u00a0LAUBIER,\u00a0directrice\u00a0d\u00e9partementale\u00a0des\u00a0territoires\u00a0et\u00a0n\u00b0\u00a01660\u00a0du\u00a030\u00a0octobre\u00a02024\n1\nDirection d\u00e9partementale des territoires de la C\u00f4te-d'Or - 21-2024-12-19-00006 - Arr\u00eat\u00e9 pr\u00e9fectoral n\u00b01892 du 19 d\u00e9cembre 2024\nmodifiant l'arr\u00eat\u00e9 pr\u00e9fectoral n\u00b011265 du 23 d\u00e9cembre 2021 portant institution de la mise en r\u00e9serve quinquennale de cours d'eau,\nsections de cours d'eau ou plans d'eau dans le d\u00e9partement de la C\u00f4te-d'Or pour les ann\u00e9es 2022-2027\n25\nportant\u00a0subd\u00e9l\u00e9gation\u00a0de\u00a0signature\u00a0aux\u00a0agents\u00a0de\u00a0la\u00a0direction\u00a0d\u00e9partementale\u00a0des\nterritoires\u00a0;\nCONSID\u00c9RANT\u00a0que\u00a0pour\u00a0favoriser\u00a0la\u00a0protection\u00a0et\u00a0la\u00a0reproduction\u00a0du\u00a0poisson,\u00a0le\u00a0pr\u00e9fet\npeut\u00a0instituer\u00a0des\u00a0r\u00e9serves\u00a0de\u00a0p\u00eache\u00a0pour\u00a0une\u00a0dur\u00e9e\u00a0pouvant\u00a0aller\u00a0jusqu'\u00e0\u00a05\u00a0ann\u00e9es\ncons\u00e9cutives\u00a0;\nCONSID\u00c9RANT\u00a0les\u00a0caract\u00e9ristiques\u00a0particuli\u00e8res\u00a0de\u00a0certains\u00a0cours\u00a0d'eau\u00a0ou\u00a0plans\u00a0d'eau\ndu\u00a0d\u00e9partement\u00a0de\u00a0la\u00a0C\u00f4te-d'Or\u00a0;\nCONSID\u00c9RANT\u00a0qu'il\u00a0convient\u00a0d'adapter\u00a0ou\u00a0de\u00a0renforcer\u00a0les\u00a0mesures\u00a0de\u00a0protection\u00a0sur\ncertaines\u00a0sections\u00a0de\u00a0cours\u00a0d'eau\u00a0ou\u00a0plan\u00a0d'eau\u00a0;\nCONSID\u00c9RANT\u00a0la\u00a0fragmentation\u00a0et\u00a0la\u00a0r\u00e9duction\u00a0des\u00a0collections\u00a0d'habitats\u00a0n\u00e9cessaires\u00a0\u00e0\nleur\u00a0d\u00e9veloppement\u00a0optimal,\u00a0il\u00a0convient\u00a0de\u00a0contenir\u00a0la\u00a0pression\u00a0de\u00a0p\u00eache\u00a0de\u00a0certaines\nesp\u00e8ces\u00a0;\nSUR\u00a0proposition\u00a0de\u00a0la\u00a0directrice\u00a0d\u00e9partementale\u00a0des\u00a0territoires\u00a0de\u00a0la\u00a0C\u00f4te-d'Or\u00a0;\nA R R \u00ca T E\nArticle 1er\nL'arr\u00eat\u00e9\u00a0pr\u00e9fectoral\u00a0n\u00b0\u00a011265\u00a0du\u00a023\u00a0d\u00e9cembre\u00a02021\u00a0portant\u00a0institution\u00a0de\u00a0la\u00a0mise\u00a0en\nr\u00e9serve\u00a0quinquennale\u00a0de\u00a0cours\u00a0d'eau,\u00a0sections\u00a0de\u00a0cours\u00a0d'eau\u00a0ou\u00a0plans\u00a0d'eau\u00a0dans\u00a0le\nd\u00e9partement\u00a0de\u00a0la\u00a0C\u00f4te\u00a0d'Or\u00a0pour\u00a0les\u00a0ann\u00e9es\u00a02022-2027\u00a0est\u00a0modifi\u00e9\u00a0comme\u00a0suit\u00a0:\nCr\u00e9ation de r\u00e9serve\n-\u00a0Le\u00a0Rhoin\u00a0sur\u00a0la\u00a0commune\u00a0de\u00a0Bouilland-\u00a0Depuis\u00a0la\u00a0petite\u00a0voie\u00a0communale\u00a0empierr\u00e9e\nsitu\u00e9e\u00a0\u00e0\u00a0750\u00a0m\u00e8tres\u00a0des\u00a0sources\u00a0(fin\u00a0du\u00a0parcours\u00a0de\u00a0p\u00eache\u00a0du\u00a0pr\u00e9\u00a0aux\u00a0dames)\u00a0jusqu'\u00e0\nl'amont\u00a0du\u00a0premier\u00a0pr\u00e9\u00a0\u00e0\u00a0l'aval\u00a0des\u00a0derniers\u00a0jardins\u00a0attenant\u00a0aux\u00a0habitations\u00a0de\u00a0Bouilland\n(lieu-dit\u00a0le\u00a0pr\u00e9\u00a0du\u00a0Serbet),\u00a0sur\u00a0une\u00a0distance\u00a0de\u00a01200\u00a0m\u00e8tres.\u00a0A\u00a0l'exception\u00a0du\u00a0parcours\njeune\u00a0situ\u00e9\u00a0dans\u00a0la\u00a0travers\u00e9e\u00a0de\u00a0Bouilland\u00a0sur\u00a0une\u00a0distance\u00a0de\u00a0150\u00a0m\u00e8tres\u00a0comprise\u00a0entre\nle\u00a0carrefour\u00a0de\u00a0la\u00a0route\u00a0de\u00a0Beaune\u00a0et\u00a0la\u00a0rue\u00a0de\u00a0l'Eglise\u00a0(zone\u00a0du\u00a0pont\u00a0devant\u00a0le\u00a0restaurant\nde\u00a0l'Auberge\u00a0Saint\u00a0Martin)\u00a0et\u00a0le\u00a0carrefour\u00a0de\u00a0la\u00a0route\u00a0de\u00a0Beaune\u00a0et\u00a0la\u00a0rue\u00a0de\u00a0la\u00a0Forge\u00a0(zone\ndu\u00a0pont\u00a0de\u00a0l'ancien\u00a0h\u00f4tel\u00a0du\u00a0Vieux\u00a0Moulin)\n-\u00a0La\u00a0Sa\u00f4ne\u00a0sur\u00a0la\u00a0commune\u00a0de\u00a0Maxilly-sur-Sa\u00f4ne\u00a0-\u00a0Lot\u00a0N6,\u00a0sur\u00a0une\u00a0distance\u00a0de\u00a0200\u00a0m\u00e8tres\nen\u00a0aval\u00a0de\u00a0l'\u00e9cluse\u00a018\u00a0d'Heuilley\u00a0sur\u00a0Sa\u00f4ne\nModification de r\u00e9serve\n-La\u00a0r\u00e9serve\u00a0\u00ab\u00a0L'Oze\u00a0\u00e0\u00a0Blaisy-bas,\u00a0sur\u00a0une\u00a0distance\u00a0de\u00a02160\u00a0ml,\u00a0des\u00a0sources\u00a0jusqu'au\u00a0village\u00a0de\nBlaisy-bas\u00a0\u00bb\u00a0est\u00a0remplac\u00e9e\u00a0par\u00a0:\u00a0L'Oze\u00a0\u00e0\u00a0Blaisy-Bas,\u00a0sur\u00a0une\u00a0distance\u00a0de\u00a04120\u00a0ml.\u00a0Depuis\u00a0les\nsources\u00a0du\u00a0cours\u00a0d'eau\u00a0jusqu'\u00e0\u00a0la\u00a0confluence\u00a0avec\u00a0le\u00a0ruisseau\u00a0de\u00a0la\u00a0Tu\u00e8re\n-\u00a0Seurre-Labergement-les-Seurre\u00a0:\n500\u00a0ml\u00a0de\u00a0berges\u00a0,\u00a0depuis\u00a0le\u00a0rive-digue\u00a0Est,\u00a0digue\u00a0de\u00a0s\u00e9paration\u00a0entre\u00a0la\u00a0sabli\u00e8re\u00a0f\u00e9d\u00e9rale\net\u00a0les\u00a0bassins\u00a0de\u00a0la\u00a0carri\u00e8re\u00a0GSM\u00a0Granulats\u00a0est\u00a0remplac\u00e9\u00a0par\u00a0:\n2\nDirection d\u00e9partementale des territoires de la C\u00f4te-d'Or - 21-2024-12-19-00006 - Arr\u00eat\u00e9 pr\u00e9fectoral n\u00b01892 du 19 d\u00e9cembre 2024\nmodifiant l'arr\u00eat\u00e9 pr\u00e9fectoral n\u00b011265 du 23 d\u00e9cembre 2021 portant institution de la mise en r\u00e9serve quinquennale de cours d'eau,\nsections de cours d'eau ou plans d'eau dans le d\u00e9partement de la C\u00f4te-d'Or pour les ann\u00e9es 2022-2027\n26\n500\u00a0ml\u00a0de\u00a0berges\u00a0et\u00a05\u00a0hectares,\u00a0depuis\u00a0la\u00a0rive-digue\u00a0Est,\u00a0digue\u00a0de\u00a0s\u00e9paration\u00a0entre\u00a0la\nsabli\u00e8re\u00a0f\u00e9d\u00e9rale\u00a0et\u00a0les\u00a0bassins\u00a0de\u00a0la\u00a0carri\u00e8re\u00a0GSM\u00a0Granulats,\u00a0ainsi\u00a0que\u00a0les\u00a0bassins\u00a0de\u00a0la\ncarri\u00e8re\u00a0GSM\u00a0sur\u00a0la\u00a0totalit\u00e9\u00a0de\u00a0leurs\u00a0emprises.\nSuppression de r\u00e9serve\n-Ruisseau\u00a0Dechevrey\u00a0dit\u00a0de\u00a0Saint-Cassien,\u00a0sur\u00a0une\u00a0distance\u00a0de\u00a05500\u00a0ml,\u00a0depuis\u00a0la\nsource\u00a0\u00e0\u00a0Villy-en-Auxois\u00a0\u00e0\u00a0la\u00a0confluence\u00a0de\u00a0l'Ozerain\n-L'Arman\u00e7on\u00a0sur\u00a0une\u00a0distance\u00a0de\u00a0800\u00a0ml,\u00a0depuis\u00a0le\u00a0pont\u00a0de\u00a0la\u00a0D10\u00a0jusqu'\u00e0\u00a010\nm\u00e8tres\u00a0en\u00a0amont\u00a0de\u00a0la\u00a0passerelle\u00a0franchissant\u00a0l'Arman\u00e7on\u00a0(au\u00a0droit\u00a0du\u00a01er\u00a0pr\u00e9\u00a0en\nrive\u00a0gauche\u00a0parcelle\u00a0D99)\nLe\u00a0tableau\u00a0en\u00a0annexe\u00a0du\u00a0pr\u00e9sent\u00a0arr\u00eat\u00e9\u00a0reprend\u00a0la\u00a0liste\u00a0des\u00a0r\u00e9serves\u00a0quinquennales\nconsolid\u00e9e.\nArticle 2     :  \nLes\u00a0r\u00e9serves\u00a0de\u00a0p\u00eache\u00a0doivent\u00a0\u00eatre\u00a0clairement\u00a0indiqu\u00e9es\u00a0sur\u00a0le\u00a0terrain\u00a0par\u00a0l'apposition\u00a0de\npancartes,\u00a0compl\u00e9t\u00e9es\u00a0si\u00a0besoin\u00a0de\u00a0bou\u00e9es\u00a0en\u00a0pleine\u00a0eau.\u00a0Ces\u00a0dispositifs\u00a0doivent\u00a0\u00eatre\ninstall\u00e9s\u00a0\u00e0\u00a0la\u00a0diligence\u00a0des\u00a0d\u00e9tenteurs\u00a0du\u00a0droit\u00a0de\u00a0p\u00eache,\u00a0au\u00a0moins\u00a0aux\u00a0limites\u00a0amont\u00a0et\naval\u00a0des\u00a0sections\u00a0r\u00e9serv\u00e9es\u00a0ainsi\u00a0qu'\u00e0\u00a0tout\u00a0cheminement\u00a0habituel\u00a0des\u00a0p\u00eacheurs\u00a0pour\nl'acc\u00e8s\u00a0aux\u00a0r\u00e9serves.\u00a0Des\u00a0pancartes\u00a0de\u00a0rappel\u00a0devront\u00a0par\u00a0ailleurs\u00a0\u00eatre\u00a0pos\u00e9es\u00a0au\u00a0minimum\ntous\u00a0les\u00a0200\u00a0m\u00e8tres.\nArticle 3     :  \nLa\u00a0directrice\u00a0d\u00e9partementale\u00a0des\u00a0territoires\u00a0de\u00a0la\u00a0C\u00f4te-d'Or,\u00a0le\u00a0commandant\u00a0du\ngroupement\u00a0de\u00a0gendarmerie\u00a0de\u00a0la\u00a0C\u00f4te-d'Or,\u00a0les\u00a0agents\u00a0de\u00a0l'office\u00a0fran\u00e7ais\u00a0pour\u00a0la\nbiodiversit\u00e9,\u00a0et\u00a0tous\u00a0les\u00a0agents\u00a0asserment\u00e9s\u00a0au\u00a0titre\u00a0de\u00a0la\u00a0police\u00a0de\u00a0la\u00a0p\u00eache,\u00a0sont\u00a0charg\u00e9s\nchacun\u00a0en\u00a0ce\u00a0qui\u00a0le\u00a0concerne,\u00a0de\u00a0l'ex\u00e9cution\u00a0du\u00a0pr\u00e9sent\u00a0arr\u00eat\u00e9\u00a0qui\u00a0sera\u00a0ins\u00e9r\u00e9\u00a0au\u00a0recueil\ndes\u00a0actes\u00a0administratifs\u00a0de\u00a0la\u00a0pr\u00e9fecture\u00a0de\u00a0la\u00a0C\u00f4te-d'Or.\u00a0\nFait\u00a0\u00e0\u00a0Dijon,\u00a0le\u00a019\u00a0d\u00e9cembre\u00a02024\nPour\u00a0le\u00a0pr\u00e9fet\u00a0et\u00a0par\u00a0d\u00e9l\u00e9gation,\nPour\u00a0la\u00a0directrice\u00a0d\u00e9partementale\u00a0des\u00a0territoires\nLa\u00a0responsable\u00a0du\u00a0bureau\u00a0pr\u00e9servation\u00a0de\u00a0la\u00a0qualit\u00e9\nde\u00a0l'eau\u00a0et\u00a0des\u00a0milieux\u00a0aquatiques\nSign\u00e9\nPauline\u00a0SOUCHE-SUCHOVSKY\nVoies et d\u00e9lais de recours\nLe pr\u00e9sent arr\u00eat\u00e9 peut faire l'objet soit d'un recours gracieux aupr\u00e8s du pr\u00e9fet, soit d'un\nrecours contentieux devant le tribunal administratif de Dijon (22 rue d'Assas \u2013BP 61916-\n21016 Dijon Cedex) dans un d\u00e9lai maximum de 2 mois \u00e0 compter de la date de publication\nau recueil des actes administratifs.\nLe tribunal administratif peut \u00eatre saisi par un recours d\u00e9pos\u00e9 via l'application T\u00e9l\u00e9recours\ncitoyens accessible par le site internet www.telerecours.fr.\n3\nDirection d\u00e9partementale des territoires de la C\u00f4te-d'Or - 21-2024-12-19-00006 - Arr\u00eat\u00e9 pr\u00e9fectoral n\u00b01892 du 19 d\u00e9cembre 2024\nmodifiant l'arr\u00eat\u00e9 pr\u00e9fectoral n\u00b011265 du 23 d\u00e9cembre 2021 portant institution de la mise en r\u00e9serve quinquennale de cours d'eau,\nsections de cours d'eau ou plans d'eau dans le d\u00e9partement de la C\u00f4te-d'Or pour les ann\u00e9es 2022-2027\n27\nDirection d\u00e9partementale des territoires de la\nC\u00f4te-d'Or\nService de l'eau et des risques\n21-2024-12-19-00005\nArr\u00eat\u00e9 pr\u00e9fectoral permanent n\u00b01891 du 19\nd\u00e9cembre 2024 relatif \u00e0 l'exercice de la p\u00eache\naux lignes de la carpe de nuit dans le\nd\u00e9partement de l' C\u00f4te-d'Or\nDirection d\u00e9partementale des territoires de la C\u00f4te-d'Or - 21-2024-12-19-00005 - Arr\u00eat\u00e9 pr\u00e9fectoral permanent n\u00b01891 du 19\nd\u00e9cembre 2024 relatif \u00e0 l'exercice de la p\u00eache aux lignes de la carpe de nuit dans le d\u00e9partement de l' C\u00f4te-d'Or 28\nExPREFETDE LACOTE-D'ORL,z'bert\u00e9Egalit\u00e9Fraternit\u00e9\nDirection d\u00e9partementale des territoires\nde la C\u00f4te-d'Or\nService de l'eau et des risques\nBureau pr\u00e9servation de la qualit\u00e9 de l'eau et\ndes milieux aquatiques\nm\u00e9l\u00a0:\u00a0ddt-ser-ope@cote-dor.gouv.fr\nArr\u00eat\u00e9 pr\u00e9fectoral permanent n\u00b0 1891 du 19 d\u00e9cembre 2024\nrelatif\u00a0\u00e0\u00a0l'exercice\u00a0de\u00a0la\u00a0p\u00eache\u00a0aux\u00a0lignes\u00a0de\u00a0la\u00a0carpe\u00a0de\u00a0nuit\u00a0dans\u00a0le\u00a0d\u00e9partement\u00a0de\u00a0la\nC\u00f4te-d'Or\nLe\u00a0pr\u00e9fet\u00a0de\u00a0la\u00a0C\u00f4te-d'Or\nVU\u00a0le\u00a0code\u00a0de\u00a0l'environnement\u00a0et\u00a0notamment\u00a0les\u00a0articles\u00a0R.436-14\u00a0et\u00a0R.436-23\u00a0;\nVU\u00a0le\u00a0cahier\u00a0des\u00a0charges\u00a0pour\u00a0l'exploitation\u00a0du\u00a0droit\u00a0de\u00a0p\u00eache\u00a0de\u00a0l'\u00c9tat\u00a0\u00e9tabli\u00a0en\u00a0date\u00a0du\n27\u00a0juin\u00a02022\u00a0pour\u00a0la\u00a0p\u00e9riode\u00a0du\u00a01er\u00a0janvier\u00a02023\u00a0au\u00a031\u00a0d\u00e9cembre\u00a02027\u00a0;\nVU\u00a0l'arr\u00eat\u00e9\u00a0pr\u00e9fectoral\u00a0n\u00b0\u00a01890\u00a0du\u00a019\u00a0d\u00e9cembre\u00a02024\u00a0relatif\u00a0\u00e0\u00a0l'exercice\u00a0de\u00a0la\u00a0p\u00eache\u00a0dans\u00a0le\nd\u00e9partement\u00a0de\u00a0la\u00a0C\u00f4te-d'Or\u00a0en\u00a02025\u00a0;\nVU\u00a0la\u00a0d\u00e9cision\u00a0du\u00a012\u00a0d\u00e9cembre\u00a02011\u00a0de\u00a0Voies\u00a0navigables\u00a0de\u00a0France\u00a0interdisant\u00a0la\u00a0pratique\nde\u00a0la\u00a0p\u00eache\u00a0\u00e0\u00a0la\u00a0bou\u00e9e,\u00a0de\u00a0dispositif\u00a0cr\u00e9ant\u00a0une\u00a0entrave\u00a0\u00e0\u00a0la\u00a0navigation\u00a0et\u00a0pouvant\u00a0\u00eatre\u00a0un\ndanger\u00a0pour\u00a0la\u00a0vie\u00a0des\u00a0personnes\u00a0;\nVU\u00a0les\u00a0avis\u00a0\u00e9mis\u00a0du\u00a0groupe\u00a0technique\u00a0de\u00a0travail\u00a0d\u00e9partemental\u00a0consultatif\u00a0de\u00a0la\u00a0p\u00eache\n(DDT, OFB, FDPPMA, Association D\u00e9partementale Agr\u00e9\u00e9e des P\u00eacheurs Amateurs aux Engins\net  Filets  -ADAPAEF-,  Association  inter-d\u00e9partementale  des  P\u00eacheurs  Professionnels  de  la\nSa\u00f4ne, du Doubs et du Haut-Rh\u00f4ne, VNF)\u00a0;\nVU\u00a0l'avis\u00a0r\u00e9put\u00e9\u00a0favorable\u00a0de\u00a0l'Office\u00a0fran\u00e7ais\u00a0de\u00a0la\u00a0biodiversit\u00e9\u00a0;\nVU  l'avis \u00a0r\u00e9put\u00e9 \u00a0 favorable \u00a0de \u00a0 l'Association \u00a0 interd\u00e9partementale \u00a0 des \u00a0 p\u00eacheurs\nprofessionnels\u00a0de\u00a0la\u00a0Sa\u00f4ne,\u00a0du\u00a0Doubs\u00a0et\u00a0du\u00a0Haut-Rh\u00f4ne\u00a0;\nVU\u00a0l'avis\u00a0r\u00e9put\u00e9\u00a0favorable\u00a0de\u00a0Voies\u00a0navigables\u00a0de\u00a0France\u00a0;\nVU\u00a0l'avis\u00a0r\u00e9put\u00e9\u00a0favorable\u00a0des\u00a0maires\u00a0de\u00a0Vandenesse-en-Auxois,\u00a0V\u00e9narey-les-Laumes,\nMussy-la-Fosse\u00a0et\u00a0Puillenay\u00a0;\n1\nDirection d\u00e9partementale des territoires de la C\u00f4te-d'Or - 21-2024-12-19-00005 - Arr\u00eat\u00e9 pr\u00e9fectoral permanent n\u00b01891 du 19\nd\u00e9cembre 2024 relatif \u00e0 l'exercice de la p\u00eache aux lignes de la carpe de nuit dans le d\u00e9partement de l' C\u00f4te-d'Or 29\nVU\u00a0la\u00a0consultation\u00a0du\u00a0public\u00a0sur\u00a0le\u00a0projet\u00a0d'arr\u00eat\u00e9\u00a0qui\u00a0s'est\u00a0d\u00e9roul\u00e9e\u00a0du\u00a014\u00a0novembre\u00a0au\u00a011\nd\u00e9cembre\u00a02024\u00a0en\u00a0application\u00a0de\u00a0l'article\u00a0L\u00a0123-19-1\u00a0du\u00a0code\u00a0de\u00a0l'environnement\u00a0;\nVU\u00a0les\u00a0arr\u00eat\u00e9s\u00a0n\u00b0\u00a01659/SG\u00a0du\u00a028\u00a0octobre\u00a02024\u00a0donnant\u00a0d\u00e9l\u00e9gation\u00a0de\u00a0signature\u00a0\u00e0\u00a0Madame\nFlorence\u00a0LAUBIER,\u00a0directrice\u00a0d\u00e9partementale\u00a0des\u00a0territoires\u00a0et\u00a0n\u00b0\u00a01660\u00a0du\u00a030\u00a0octobre\u00a02024\nportant\u00a0subd\u00e9l\u00e9gation\u00a0de\u00a0signature\u00a0aux\u00a0agents\u00a0de\u00a0la\u00a0direction\u00a0d\u00e9partementale\u00a0des\nterritoires\u00a0;\nCONSIDERANT\u00a0que\u00a0le\u00a0pr\u00e9fet\u00a0peut\u00a0autoriser\u00a0la\u00a0p\u00eache\u00a0de\u00a0la\u00a0carpe\u00a0\u00e0\u00a0toute\u00a0heure\u00a0dans\u00a0les\nparties\u00a0de\u00a0cours\u00a0d'eau\u00a0et\u00a0de\u00a0plans\u00a0d'eau\u00a0de\u00a02 \u00a0cat\u00e9gorie\u00a0et\u00a0pendant\u00a0une\u00a0p\u00e9riode\u00a0qu'il\u1d49\nd\u00e9termine\u00a0;\nCONSIDERANT\u00a0que\u00a0la\u00a0p\u00eache\u00a0de\u00a0la\u00a0carpe\u00a0de\u00a0nuit\u00a0contribue\u00a0au\u00a0d\u00e9veloppement\u00a0de\u00a0la\np\u00eache\u00a0de\u00a0loisir\u00a0dans\u00a0le\u00a0respect\u00a0des\u00a0esp\u00e8ces\u00a0piscicoles\u00a0et\u00a0du\u00a0milieu\u00a0aquatique,\u00a0sans\nentraver\u00a0les\u00a0usages\u00a0premiers\u00a0du\u00a0domaine\u00a0public\u00a0fluvial,\u00a0et\u00a0sans\u00a0porter\u00a0atteinte\u00a0\u00e0\u00a0la\ntranquillit\u00e9\u00a0publique\u00a0;\nSUR\u00a0proposition\u00a0de\u00a0la\u00a0directrice\u00a0d\u00e9partementale\u00a0des\u00a0territoires\u00a0de\u00a0la\u00a0C\u00f4te-d'Or\u00a0;\nA R R \u00ca T E\nArticle 1  er  \nLa\u00a0p\u00eache\u00a0aux\u00a0lignes\u00a0de\u00a0la\u00a0carpe\u00a0peut\u00a0\u00eatre\u00a0pratiqu\u00e9e\u00a0de\u00a0nuit,\u00a0du\u00a01er\u00a0avril\u00a0au\u00a030\u00a0novembre\nsur\u00a0les\u00a0secteurs\u00a0suivants\u00a0:\nCanal de Bourgogne :\n\u2022 \u00e0\u00a0BOUHEY\u00a0et\u00a0CRUGEY\u00a0:\u00a0lots\u00a0n\u00b0\u00a072\u00a0et\u00a073,\u00a0de\u00a0l'\u00e9cluse\u00a017\u00a0S\u00a0\u00e0\u00a0l'\u00e9cluse\u00a014\u00a0S,\u00a0soit\n1,652\u00a0km.\n\u2022 \u00c0\u00a0CHATEAUNEUF,\u00a0SAINTE-SABINE\u00a0et\u00a0VANDENESSE-EN-AUXOIS\u00a0/\u00a0lot\u00a0n\u00b0\u00a071,\nde\u00a0l'\u00e9cluse\u00a010\u00a0S\u00a0\u00e0\u00a0l'\u00e9cluse\u00a013\u00a0S.\n\u2022 \u00e0\u00a0COURCELLES-LES-MONTBARD,\u00a0NOGENT-LES-MONTBARD,\u00a0MONTBARD\u00a0et\nSAINT-REMY\u00a0:\u00a0du\u00a0lot\u00a0n\u00b047\u00a0au\u00a0lot\u00a0n\u00b051,\u00a0de\u00a0l'\u00e9cluse\u00a061\u00a0Y\u00a0\u00e0\u00a0l'\u00e9cluse\u00a067\u00a0Y.\n\u2022 depuis\u00a0DIJON\u00a0jusqu'\u00e0\u00a0ROUVRES-EN-PLAINE\u00a0:\u00a0lots\u00a0n\u00b0\u00a092\u00a0\u00e0\u00a097,\u00a0de\u00a0l'\u00e9cluse\u00a055\u00a0S\n\u00e0\u00a0\u00e9cluse\u00a067\u00a0S.\n\u2022 \u00e0\u00a0EGUILLY\u00a0et\u00a0GISSEY-LE-VIEIL\u00a0:\u00a0lot\u00a0n\u00b067,\u00a0de\u00a0l'\u00e9cluse\u00a0n\u00b0\u00a010\u00a0Y\u00a0\u00e0\u00a0l'\u00e9cluse\u00a0n\u00b0\u00a012\u00a0Y.\n\u2022 \u00e0\u00a0MARIGNY-LE-CAHOUET\u00a0:\u00a0lots\u00a0n\u00b0\u00a061\u00a0et\u00a062,\u00a0de\u00a0l'\u00e9cluse\u00a0aval\u00a025\u00a0Y\u00a0\u00e0\u00a0l'\u00e9cluse\namont\u00a020\u00a0Y.\n\u2022 \u00e0\u00a0PONT-ROYAL\u00a0\u2013\u00a0Grand\u00a0bief\u00a0et\u00a0bief\u00a0de\u00a0PONT-ROYAL\u00a0\u2013\u00a0de\u00a0l'\u00e9cluse\u00a0aval\u00a016\u00a0Y\u00a0\u00e0\nl'\u00e9cluse\u00a0amont\u00a012\u00a0Y.\n\u2022 SEIGNY/BENOISEY\u00a0:\u00a0lot\u00a0n\u00b0\u00a054,\u00a0de\u00a0l'\u00e9cluse\u00a0aval\u00a060\u00a0Y\u00a0\u00e0\u00a0l'\u00e9cluse\u00a0amont\u00a059\u00a0Y.\n2\nDirection d\u00e9partementale des territoires de la C\u00f4te-d'Or - 21-2024-12-19-00005 - Arr\u00eat\u00e9 pr\u00e9fectoral permanent n\u00b01891 du 19\nd\u00e9cembre 2024 relatif \u00e0 l'exercice de la p\u00eache aux lignes de la carpe de nuit dans le d\u00e9partement de l' C\u00f4te-d'Or 30\n\u2022 \u00e0\u00a0VELARS-SUR-OUCHE\u00a0et\u00a0FLEUREY-SUR-OUCHE\u00a0:\u00a0lot\u00a0n\u00b086\u00a0et\u00a087\u00a0-\u00a0\u00a0de\u00a0l'\u00e9cluse\n43\u00a0S\u00a0\u00e0\u00a0l'\u00e9cluse\u00a047\u00a0S.\n\u2022 \u00e0\u00a0VENAREY-LES-LAUMES,\u00a0MUSSY-LA-FOSSE\u00a0et\u00a0POUILLENAY\u00a0\u00a0:\u00a0lot\u00a0n\u00b0\u00a055,\u00a0bief\ncompris\u00a0entre\u00a0les\u00a0\u00e9cluses\u00a046\u00a0Y\u00a0et\u00a055\u00a0Y.\n\u2022 \u00e0\u00a0PLOMBIERE-LES-DIJON\u00a0:\u00a0lot\u00a0n\u00b0\u00a089,\u00a0bief\u00a0compris\u00a0entre\u00a0les\u00a0\u00e9cluses\u00a050\u00a0S\u00a0et\u00a051\nS\u00a0sur\u00a0la\u00a0rive\u00a0situ\u00e9e\u00a0en\u00a0contre-halage.\nCanal entre Champagne et Bourgogne\n\u2022 \u00e0\u00a0COURCHAMP\u00a0\u2013\u00a0\u00a0Lot\u00a093,\u00a0bief\u00a0n\u00b0\u00a025,\u00a0rive\u00a0gauche\u00a0jusqu'\u00e0\u00a050\u00a0m\u00e8tres\u00a0en\u00a0aval\ndu\u00a0port.\n\u2022 \u00e0\u00a0SAINT-MAURICE-SUR-VINGEANNE\u00a0\u2013\u00a0Lot\u00a0n\u00b0\u00a095\u00a0jusqu'\u00e0\u00a050\u00a0m\u00e8tres\u00a0en\u00a0amont\nde\u00a0l'\u00e9cluse\u00a0de\u00a0Lavilleneuve,\u00a0rive\u00a0droite\u00a0(contre\u00a0halage).\n\u2022 \u00e0\u00a0LA\u00a0VILLENEUVE-SUR-VINGEANNE\u00a0\u2013\u00a0Lot\u00a0n\u00b0\u00a096\u00a0en\u00a0rive\u00a0droite,\u00a0du\u00a0pont\u00a0de\u00a0la\nRD.105\u00a0jusqu'\u00e0\u00a0500\u00a0m\u00e8tres\u00a0en\u00a0aval.\n\u2022 POUILLY-SUR-VINGEANNE\u00a0:\u00a0\u2013\u00a0Lot\u00a097,\u00a0sur \u00a0le\u00a0bief\u00a0n\u00b029,\u00a0en\u00a0rive\u00a0droite\nuniquement\u00a0depuis\u00a0le\u00a0pont\u00a0sur\u00a0la\u00a0D27g\u00a0et\u00a0sur\u00a0une\u00a0distance\u00a0de\u00a0250m.\n\u2022 SAINT-SEINE-SUR-VINGEANNE\u00a0:\u00a0-\u00a0Lot\u00a097,\u00a0sur\u00a0le\u00a0bief\u00a0n\u00b029,\u00a0en\u00a0rive\u00a0droite,\ndepuis\u00a0400m\u00a0en\u00a0amont\u00a0de\u00a0l'\u00e9cluse\u00a0n\u00b029\u00a0de\u00a0Saint-Seine-sur-Vingeanne\u00a0et\u00a0sur\nune\u00a0distance\u00a0de\u00a0250m,\u00a0port\u00a0inclus.\n\u2022 DAMPIERRE-ET-FLEE\u00a0:\u00a0lot\u00a0102,\u00a0sur\u00a0le\u00a0bief\u00a0n\u00b034,\u00a0en\u00a0rive\u00a0droite,\u00a0depuis\u00a0300\u00a0m\nen\u00a0amont\u00a0du\u00a0pont\u00a0de\u00a0la\u00a0D27h\u00a0et\u00a0sur\u00a0une\u00a0distance\u00a0de\u00a0250\u00a0m.\n\u2022 BEAUMONT-SUR-VINGEANNE\u00a0:\u00a0lot\u00a0103,\u00a0sur\u00a0le\u00a0bief\u00a0n\u00b035,\u00a0sur\u00a0la\u00a0rive\u00a0droite,\ndepuis\u00a0300m\u00a0en\u00a0amont\u00a0de\u00a0l'\u00e9cluse\u00a0n\u00b035\u00a0de\u00a0Beaumont-sur-Vingeanne\u00a0sur\u00a0une\ndistance\u00a0de\u00a0250\u00a0m.\n\u2022 de\u00a0BEAUMONT-SUR-VINGEANNE\u00a0\u00e0\u00a0MAXILLY-\u00a0SUR-SAONE\u00a0:\u00a0sur\u00a0tout\u00a0le\nparcours\u00a0compris\u00a0entre\u00a0les\u00a0lots\u00a0104\u00a0\u00e0\u00a0112,\u00a0soit\u00a0de\u00a0l'\u00e9cluse\u00a035\u00a0(Beaumont-Sur-\nVingeanne)\u00a0\u00e0\u00a0la\u00a0confluence\u00a0avec\u00a0la\u00a0Sa\u00f4ne\u00a0(Maxilly-Sur-Sa\u00f4ne).\nSa\u00f4ne\n\u2022 \u00e0\u00a0LAMARCHE-SUR-SAONE\u00a0\u2013\u00a0Lot\u00a0n\u00b010,\u00a0en\u00a0rive\u00a0gauche,\u00a0l'amont\u00a0du\u00a0pont\u00a0de\u00a0la\nroute\u00a0de\u00a0Vielverge\u00a0(PK\u00a0245,500),\u00a0jusqu'\u00e0\u00a0l'arriv\u00e9e\u00a0de\u00a0la\u00a0voie\u00a0bleue\u00a0(PK\n247,500\u00a0environ).\n\u2022 \u00e0\u00a0AUXONNE,\u00a0PONCEY-LES-ATHEE\u00a0et\u00a0ATHEE\u00a0\u2013\u00a0Lots\u00a0n\u00b0\u00a014\u00a0et\u00a015\u00a0en\u00a0partie\u00a0\u2013\nentre\u00a0les\u00a0PK\u00a0234\u00a0et\u00a0237.\n\u2022 \u00e0\u00a0HEUILLEY-SUR-SAONE\u00a0\u2013\u00a0Lot\u00a0n\u00b03\u00a0\u2013\u00a0rive\u00a0droite\u00a0uniquement,\u00a0entre\u00a0le\u00a0PK\n260,300\u00a0et\u00a0le\u00a0barrage\u00a0fixe\u00a0d'Heuilley.\n\u2022 \u00e0 \u00a0 MAXILLY-SUR-SA\u00d4NE,\u00a0 PERRIGNY-SUR-L'OGNON\u00a0 et \u00a0 PONTAILLER-SUR-\nSAONE\u00a0\u2013\u00a0Lot\u00a0n\u00b06\u00a0et\u00a07,\u00a0entre\u00a0les\u00a0PK\u00a0254,500\u00a0et\u00a0251,375\u00a0(Pont\u00a0de\u00a0Pontailler-\nsur-Sa\u00f4ne)\n3\nDirection d\u00e9partementale des territoires de la C\u00f4te-d'Or - 21-2024-12-19-00005 - Arr\u00eat\u00e9 pr\u00e9fectoral permanent n\u00b01891 du 19\nd\u00e9cembre 2024 relatif \u00e0 l'exercice de la p\u00eache aux lignes de la carpe de nuit dans le d\u00e9partement de l' C\u00f4te-d'Or 31\n\u2022 \u00e0\u00a0LABRUYERE-SUR-SAONE,\u00a0LECHATELET\u00a0et\u00a0GLANON\u00a0\u2013\u00a0lot\u00a0n\u00b0\u00a032,\u00a0sur\u00a0les\ndeux\u00a0rives\u00a0entre\u00a0les\u00a0PK\u00a0194\u00a0et\u00a0196,5.\n\u2022 \u00e0\u00a0LABRUYERE-SUR-SAONE\u00a0et\u00a0GLANON\u00a0\u2013\u00a0lot\u00a0n\u00b0\u00a033\u00a0\u2013\u00a0sur\u00a0les\u00a0deux\u00a0rives,\u00a0entre\nles\u00a0PK\u00a0192\u00a0et\u00a0194.\n\u2022 \u00e0\u00a0\u00a0PONTAILLER\u00a0SUR\u00a0SAONE\u00a0\u2013\u00a0Lot\u00a0n\u00b0\u00a08,\u00a0en\u00a0rive\u00a0gauche,\u00a0entre\u00a0les\u00a0PK\u00a0249\u00a0et\n250.\n\u2022 \u00e0\u00a0SAINT-SYMPHORIEN-SUR-SAONE,\u00a0\u00a0ECHENON,\u00a0SAINT-USAGE\u00a0et\u00a0LOSNE\u00a0\u2013\nLot\u00a0n\u00b0\u00a023\u00a0\u2013\u00a0Du\u00a0PK.\u00a0216\u00a0au\u00a0PK.\u00a0218,800.\n\u2022 \u00e0\u00a0TRUGNY\u00a0\u2013\u00a0Lot\u00a0n\u00b0\u00a037\u00a0\u2013\u00a0entre\u00a0le\u00a0PK\u00a0182\u00a0et\u00a0le\u00a0PK\u00a0184,100,\u00a0en\u00a0rive\u00a0gauche\nuniquement.\nBrenne\n\u2022 \u00e0\u00a0MONTBARD\u00a0et\u00a0SAINT-REMY\u00a0\u2013\u00a0Limite\u00a0amont\u00a0:\u00a0Pont\u00a0SNCF\u00a0de\u00a0Montbard\n(limite\u00a01\u00e8re/2\u00e8me\u00a0cat\u00e9gorie)\u00a0\u2013\u00a0Limite\u00a0aval\u00a0au\u00a0droit\u00a0de\u00a0la\u00a0sous\u00a0station\n\u00e9lectrique\u00a0situ\u00e9e\u00a0en\u00a0amont\u00a0de\u00a0l'\u00e9cluse\u00a067\u00a0Y\u00a0\u00e0\u00a0SAINT-REMY\u00a0(Environ\u00a05000\nm\u00e8tres\u00a0lin\u00e9aires).\nPlans d'eau\n\u00a0\n\u2022 Plans\u00a0d'eau\u00a0dits\u00a0de\u00a0Morteuil\u00a0\u2013\u00a0Commune\u00a0de\u00a0MERCEUIL\u00a0\u2013\u00a0La\u00a0Truite\nBeaunoise\u00a0\u2013\u00a06\u00a0plans\u00a0d'eau\u00a0:\u00a0\u00ab\u00a0Etang\u00a0solitaire\u00a0\u00bb\u00a0et\u00a0plans\u00a0d'eau\u00a0associ\u00e9s.\n\u2022 Sabli\u00e8re\u00a0du\u00a0Letto\u00a0\u00e0\u00a0BEIRE\u00a0LE\u00a0CH\u00c2TEL\u00a0\u2013\u00a0F\u00e9d\u00e9ration\u00a0d\u00e9partementale\u00a0pour\u00a0la\np\u00eache\u00a0et\u00a0la\u00a0protection\u00a0des\u00a0milieux\u00a0aquatiques\u00a0:\u00a0sur\u00a0l'ensemble\u00a0du\u00a0site.\n\u2022 Sabli\u00e8re\u00a0f\u00e9d\u00e9rale\u00a0n\u00b03\u00a0de\u00a0BRESSEY\u00a0SUR\u00a0TILLE\u00a0\u2013\u00a0F\u00e9d\u00e9ration\u00a0d\u00e9partementale\npour\u00a0la\u00a0p\u00eache\u00a0et\u00a0la\u00a0protection\u00a0des\u00a0milieux\u00a0aquatiques\u00a0-\u00a0Bassin\u00a0proche\u00a0du\nBois\u00a0de\u00a0Chevigny,\u00a0sur\u00a0l'ensemble\u00a0du\u00a0site.\n\u2022 Sabli\u00e8re\u00a0f\u00e9d\u00e9rale\u00a0n\u00b06\u00a0de\u00a0BRESSEY\u00a0SUR\u00a0TILLE\u00a0\u2013\u00a0F\u00e9d\u00e9ration\u00a0d\u00e9partementale\npour\u00a0la\u00a0p\u00eache\u00a0et\u00a0la\u00a0protection\u00a0du\u00a0milieu\u00a0aquatique.\u00a0Bassin\u00a0proche\u00a0de\u00a0la\nroute\u00a0reliant\u00a0Couternon\u00a0\u00e0\u00a0Bressey-sur-Tille.\u00a011\u00a0hectares,\u00a0sur\u00a0l'ensemble\u00a0du\nsite.\n\u2022 Sabli\u00e8re\u00a0n\u00b06\u00a0de\u00a0BEIRE-LE-CHATEL\u00a0\u00a0\u2013\u00a0F\u00e9d\u00e9ration\u00a0d\u00e9partementale\u00a0pour\u00a0la\np\u00eache\u00a0et\u00a0la\u00a0protection\u00a0des\u00a0milieux\u00a0aquatiques\u00a0\u2013\u00a0sur\u00a0l'ensemble\u00a0du\u00a0site.\n\u2022 Les\u00a0Creux\u00a0de\u00a0Pontailler\u00a0\u2013\u00a0Plans \u00a0d'eau\u00a0dit\u00a0du\u00a0\u00ab\u00a0Paquier\u00a0du\u00a0Bois\u00a0\u00bb\u00a0\u00e0\nPONTAILLER-SUR-SAONE,\u00a02\u00a0plans\u00a0d'eau\u00a0situ\u00e9s\u00a0au\u00a0sud\u00a0de\u00a0la\u00a0D959\u00a0parcelle\nB233\u00a0et\u00a0parcelles\u00a0B226\u00a0et\u00a0B227.\nArticle 2\nLa\u00a0p\u00eache\u00a0n'est\u00a0autoris\u00e9e\u00a0qu'\u00e0\u00a0l'aide\u00a0de\u00a0lignes\u00a0plomb\u00e9es\u00a0munies\u00a0uniquement\u00a0d'app\u00e2ts\u00a0ou\nde\u00a0bouillettes\u00a0d'origine\u00a0v\u00e9g\u00e9tale.\n4\nDirection d\u00e9partementale des territoires de la C\u00f4te-d'Or - 21-2024-12-19-00005 - Arr\u00eat\u00e9 pr\u00e9fectoral permanent n\u00b01891 du 19\nd\u00e9cembre 2024 relatif \u00e0 l'exercice de la p\u00eache aux lignes de la carpe de nuit dans le d\u00e9partement de l' C\u00f4te-d'Or 32\nArticle 3\nEn\u00a0vertu\u00a0de\u00a0l'article\u00a0R.436-14-5\u00b0\u00a0du\u00a0code\u00a0de\u00a0l'environnement,\u00a0les\u00a0poissons\u00a0captur\u00e9s\u00a0aux\nlignes\u00a0doivent\u00a0\u00eatre\u00a0remis\u00a0\u00e0\u00a0l'eau\u00a0vivants\u00a0;\u00a0aucun\u00a0poisson\u00a0ne\u00a0peut\u00a0\u00eatre\u00a0maintenu\u00a0en\u00a0captivit\u00e9\nou\u00a0transport\u00e9.\nArticle 4\nPendant\u00a0les\u00a0p\u00e9riodes\u00a0de\u00a0ch\u00f4mage\u00a0des\u00a0canaux,\u00a0la\u00a0p\u00eache\u00a0est\u00a0interdite\u00a0dans\u00a0les\u00a0biefs\u00a0lorsque\nla\u00a0hauteur\u00a0du\u00a0plan\u00a0d'eau\u00a0est\u00a0inf\u00e9rieure\u00a0\u00e0\u00a01\u00a0m.\nLa\u00a0p\u00eache\u00a0\u00e0\u00a0la\u00a0bou\u00e9e\u00a0est\u00a0interdite\u00a0sur\u00a0l'ensemble\u00a0des\u00a0voies\u00a0navigables\u00a0du\u00a0domaine\u00a0public.\nLa\u00a0p\u00eache\u00a0pr\u00e9cit\u00e9e\u00a0comprend\u00a0tout\u00a0type\u00a0de\u00a0p\u00eache\u00a0\u00e0\u00a0la\u00a0bou\u00e9e,\u00a0y\u00a0compris\u00a0l'ancrage\u00a0de\u00a0la\nligne\u00a0support\u00a0sur\u00a0les\u00a0deux\u00a0rives,\u00a0sans\u00a0bou\u00e9e,\u00a0avec\u00a0un\u00a0poids\u00a0sur\u00a0le\u00a0bord\u00a0ou\u00a0m\u00eame\u00a0fix\u00e9e\u00a0\u00e0\u00a0un\ntronc\u00a0d'arbre\u00a0et\u00a0le\u00a0placement\u00a0dans\u00a0le\u00a0cours\u00a0d'eau\u00a0de\u00a0plusieurs\u00a0bou\u00e9es\u00a0constitu\u00e9es\u00a0par\u00a0un\nbidon\u00a0vide\u00a0auquel\u00a0une\u00a0ligne\u00a0tr\u00e8s\u00a0sommaire\u00a0est\u00a0fix\u00e9e.\nArticle 5\nLes\u00a0parcours\u00a0suscit\u00e9s\u00a0doivent\u00a0\u00eatre\u00a0clairement\u00a0indiqu\u00e9s\u00a0sur\u00a0le\u00a0terrain\u00a0par\u00a0l'apposition\u00a0de\npancartes\u00a0install\u00e9es\u00a0par\u00a0les\u00a0d\u00e9tenteurs\u00a0du\u00a0droit\u00a0de\u00a0p\u00eache.\nArticle 6\nL'arr\u00eat\u00e9\u00a0pr\u00e9fectoral\u00a0n\u00b0\u00a01774\u00a0du\u00a018\u00a0d\u00e9cembre\u00a02023\u00a0relatif\u00a0\u00e0\u00a0l'exercice\u00a0de\u00a0la\u00a0p\u00eache\u00a0aux\u00a0lignes\nde\u00a0la\u00a0carpe\u00a0de\u00a0nuit\u00a0dans\u00a0le\u00a0d\u00e9partement\u00a0de\u00a0la\u00a0C\u00f4te-d'Or\u00a0est\u00a0abrog\u00e9.\nArticle 7\nLa\u00a0directrice\u00a0d\u00e9partementale\u00a0des\u00a0territoires\u00a0de\u00a0la\u00a0C\u00f4te-d'Or,\u00a0les\u00a0maires,\u00a0le\u00a0commandant\ndu\u00a0groupement\u00a0de\u00a0gendarmerie\u00a0de\u00a0la\u00a0C\u00f4te-d'Or,\u00a0les\u00a0agents\u00a0de\u00a0l'office\u00a0fran\u00e7ais\u00a0de\u00a0la\nbiodiversit\u00e9,\u00a0les\u00a0gardes-p\u00eache\u00a0et\u00a0tous\u00a0les\u00a0agents\u00a0asserment\u00e9s\u00a0au\u00a0titre\u00a0de\u00a0la\u00a0police\u00a0de\u00a0la\np\u00eache,\u00a0sont\u00a0charg\u00e9s\u00a0chacun\u00a0en\u00a0ce\u00a0qui\u00a0le\u00a0concerne,\u00a0de\u00a0l'ex\u00e9cution\u00a0du\u00a0pr\u00e9sent\u00a0arr\u00eat\u00e9\u00a0qui\nsera\u00a0ins\u00e9r\u00e9\u00a0au\u00a0recueil\u00a0des\u00a0actes\u00a0administratifs\u00a0de\u00a0la\u00a0pr\u00e9fecture\u00a0de\u00a0la\u00a0C\u00f4te\u00a0d'Or.\u00a0\nFait\u00a0\u00e0\u00a0Dijon,\u00a0le\u00a019\u00a0d\u00e9cembre\u00a02024\nPour\u00a0le\u00a0pr\u00e9fet\u00a0et\u00a0par\u00a0d\u00e9l\u00e9gation,\nPour\u00a0la\u00a0directrice\u00a0d\u00e9partementale\u00a0des\u00a0territoires\nLa\u00a0responsable\u00a0du\u00a0bureau\u00a0pr\u00e9servation\u00a0de\u00a0la\u00a0qualit\u00e9\nde\u00a0l'eau\u00a0et\u00a0des\u00a0milieux\u00a0aquatiques\nSign\u00e9\nPauline\u00a0SOUCHE-SUCHOVSKY\nVoies et d\u00e9lais de recours\nLe pr\u00e9sent arr\u00eat\u00e9 peut faire l'objet soit d'un recours gracieux aupr\u00e8s du pr\u00e9fet, soit d'un\nrecours contentieux devant le tribunal administratif de Dijon (22 rue d'Assas \u2013BP 61916-\n21016 Dijon Cedex) dans un d\u00e9lai maximum de 2 mois \u00e0 compter de la date de publication\nau recueil des actes administratifs.\nLe tribunal administratif peut \u00eatre saisi par un recours d\u00e9pos\u00e9 via l'application T\u00e9l\u00e9recours\ncitoyens accessible par le site internet www.telerecours.fr.\n5\nDirection d\u00e9partementale des territoires de la C\u00f4te-d'Or - 21-2024-12-19-00005 - Arr\u00eat\u00e9 pr\u00e9fectoral permanent n\u00b01891 du 19\nd\u00e9cembre 2024 relatif \u00e0 l'exercice de la p\u00eache aux lignes de la carpe de nuit dans le d\u00e9partement de l' C\u00f4te-d'Or 33\nPr\u00e9fecture de la C\u00f4te-d'Or\nDirection de la coordination, des politiques\npubliques et de l'appui territorial\n21-2024-12-18-00005\nArr\u00eat\u00e9 pr\u00e9fectoral n\u00b0\u00a01903 du 18 d\u00e9cembre 2024\nrelatif \u00e0 la pr\u00e9sidence de la commission\nd\u00e9partementale d'am\u00e9nagement commercial de\nC\u00f4te-d'Or\nPr\u00e9fecture de la C\u00f4te-d'Or - 21-2024-12-18-00005 - Arr\u00eat\u00e9 pr\u00e9fectoral n\u00b0\u00a01903 du 18 d\u00e9cembre 2024 relatif \u00e0 la pr\u00e9sidence de la\ncommission d\u00e9partementale d'am\u00e9nagement commercial de C\u00f4te-d'Or 34\n=PREFETDE LACOTE-D'ORLibert\u00e9Egalit\u00e9Fraternit\u00e9\nSECR\u00c9TARIAT G\u00c9N\u00c9RAL\nDirection de la coordination des politiques publiques  \net de l'appui territorial\nP\u00f4le environnement et urbanisme\nArr\u00eat\u00e9 pr\u00e9fectoral n\u00b0 1903 du 18 d\u00e9cembre 2024\nrelatif \u00e0 la pr\u00e9sidence de la commission d\u00e9partementale d'am\u00e9nagement commercial de \nC\u00f4te-d'Or\nPr\u00e9fet de la C\u00f4te-d'Or\nVu le code du commerce, notamment son article L.751-2 ;\nVu  le  d\u00e9cret  modifi\u00e9  n\u00b0 2004-374  du  29  avril  2004  relatif  aux  pouvoirs  des  pr\u00e9fets,  \u00e0 \nl'organisation et \u00e0 l'action des services de l'Etat dans les r\u00e9gions et d\u00e9partements ;\nVu  le d\u00e9cret du 10 octobre 2024 portant nomination du pr\u00e9fet de la r\u00e9gion Bourgogne-\nFranche-Comt\u00e9, pr\u00e9fet de la C\u00f4te-d'Or - M. MOURIER (Paul) ;\nVu  le  d\u00e9cret  du  29  d\u00e9cembre  2022  portant  nomination  de  Mme  Amelle  GHAYOU, \nadministratrice  territoriale,  sous-pr\u00e9f\u00e8te  charg\u00e9e  de  mission  apr\u00e8s  du  pr\u00e9fet  de  r\u00e9gion \nBourgogne-Franche-Comt\u00e9, pr\u00e9fet de la C\u00f4te-d'Or ;\nVu le d\u00e9cret du 6 juillet 2023, portant nomination de Monsieur Beno\u00eet BYRSKI, en qualit\u00e9  \nde sous-pr\u00e9fet de Beaune ;\nVu  le d\u00e9cret du 17 novembre 2023 portant nomination de Monsieur S\u00e9bastien LANOYE,  \nsous- pr\u00e9fet de Montbard ;\nVu  le d\u00e9cret  du  14  novembre  2024  portant  nomination  de  Monsieur  Denis  BRUEL, \nadministrateur  de  l'\u00c9tat  du  deuxi\u00e8me  grade,  en  qualit\u00e9  de  secr\u00e9taire  g\u00e9n\u00e9ral  de  la \npr\u00e9fecture de la C\u00f4te-d'Or, sous-pr\u00e9fet de Dijon (groupe II) ;\nVu la d\u00e9cision du 13 septembre 2017 et vu les arr\u00eat\u00e9s minist\u00e9riels des 8 janvier 2018 et  \n6 janvier 2023 nommant Monsieur Philippe GOUTORBE, directeur de la coordination des  \npolitiques publiques et de l'appui territorial ;\nVu  l'arr\u00eat\u00e9  pr\u00e9fectoral  du  18  d\u00e9cembre  2020  portant  organisation  des  services  de  la \npr\u00e9fecture de la r\u00e9gion Bourgogne-Franche-Comt\u00e9, pr\u00e9fecture du d\u00e9partement de la C\u00f4te-\nd'Or ;\nVu  l'arr\u00eat\u00e9  pr\u00e9fectoral  n\u00b0 1484  du  18  septembre  2024  instituant  la  commission  \nd\u00e9partementale d'am\u00e9nagement commercial (CDAC) de la C\u00f4te-d'Or ;\nSur proposition du secr\u00e9taire g\u00e9n\u00e9ral de la pr\u00e9fecture de la C\u00f4te-d'Or,\nARRETE\n1/2\nPr\u00e9fecture de la C\u00f4te-d'Or - 21-2024-12-18-00005 - Arr\u00eat\u00e9 pr\u00e9fectoral n\u00b0\u00a01903 du 18 d\u00e9cembre 2024 relatif \u00e0 la pr\u00e9sidence de la\ncommission d\u00e9partementale d'am\u00e9nagement commercial de C\u00f4te-d'Or 35\nArticle  1er : L'arr\u00eat\u00e9  pr\u00e9fectoral  n\u00b0 337  du  13  f\u00e9vrier  2024  relatif  \u00e0  la  pr\u00e9sidence  de  la \ncommission d\u00e9partementale d'am\u00e9nagement commercial de C\u00f4te-d'Or est abrog\u00e9.\nArticle 2 : La commission d\u00e9partementale d'am\u00e9nagement commercial (CDAC) de C\u00f4te-d'Or  \nest pr\u00e9sid\u00e9e par M. Denis BRUEL, secr\u00e9taire g\u00e9n\u00e9ral de la pr\u00e9fecture, repr\u00e9sentant M. le pr\u00e9fet.\nArticle 3 : En cas d'emp\u00eachement ou d'absence de M. Denis BRUEL, d\u00e9l\u00e9gation est donn\u00e9e \u00e0  \nMme Amelle GHAYOU, sous-pr\u00e9f\u00e8te charg\u00e9e de mission aupr\u00e8s du pr\u00e9fet de la C\u00f4te-d'Or,  \npour pr\u00e9sider la CDAC.\nArticle 4 : En cas d'emp\u00eachement ou d'absence concomitante de M. Denis BRUEL et de Mme  \nAmelle GHAYOU, d\u00e9l\u00e9gation est donn\u00e9e \u00e0 M. Beno\u00eet BYRSKI , sous-pr\u00e9fet de l'arrondissement \nde Beaune, ou \u00e0 M. S\u00e9bastien LANOYE, sous-pr\u00e9fet de l'arrondissement de Montbard, pour  \npr\u00e9sider la CDAC.\nArticle 4  : En cas d'emp\u00eachement ou d'absence concomitante de M. Denis BRUEL , de Mme  \nAmelle GHAYOU, de M. Beno\u00eet BYRSKI et de M. S\u00e9bastien LANOYE, d\u00e9l\u00e9gation est donn\u00e9e \u00e0  \nM. Philippe GOUTORBE, directeur de la coordination des politiques publiques et de l'appui  \nterritorial, pour pr\u00e9sider la CDAC.\nArticle 5  : M. le secr\u00e9taire g\u00e9n\u00e9ral de la Pr\u00e9fecture de la C\u00f4te-d'Or, Mme la sous-pr\u00e9f\u00e8te  \ncharg\u00e9e de mission aupr\u00e8s du pr\u00e9fet, MM. les sous-pr\u00e9fets de Beaune et de Montbard et M.  le \ndirecteur de la coordination des politiques publiques et de l'appui territorial, sont charg\u00e9s de  \nl'ex\u00e9cution du pr\u00e9sent arr\u00eat\u00e9.\nFait \u00e0 Dijon, le 18/12/2023\n  \nLE PREFET,\nOriginal sign\u00e9 : Paul MOURIER\n2/2\nPr\u00e9fecture de la C\u00f4te-d'Or - 21-2024-12-18-00005 - Arr\u00eat\u00e9 pr\u00e9fectoral n\u00b0\u00a01903 du 18 d\u00e9cembre 2024 relatif \u00e0 la pr\u00e9sidence de la\ncommission d\u00e9partementale d'am\u00e9nagement commercial de C\u00f4te-d'Or 36\nPr\u00e9fecture de la C\u00f4te-d'Or\nDirection des s\u00e9curit\u00e9s\n21-2024-12-18-00003\nARR\u00caT\u00c9 PR\u00c9FECTORAL N\u00b0 1899\nportant interdiction temporaire de vente,\ncession et utilisation d'artifices de divertissement\net d'articles pyrotechniques en C\u00f4te-d'Or\nPr\u00e9fecture de la C\u00f4te-d'Or - 21-2024-12-18-00003 - ARR\u00caT\u00c9 PR\u00c9FECTORAL N\u00b0 1899\nportant interdiction temporaire de vente, cession et utilisation d'artifices de divertissement et d'articles pyrotechniques en C\u00f4te-d'Or 37\nExPREFETDE LACOTE-D'ORLibert\u00e9Egalit\u00e9Fraternit\u00e9\nDIRECTION DES S\u00c9CURIT\u00c9S\nBureau d\u00e9fense et s\u00e9curit\u00e9\nARR\u00caT\u00c9 PR\u00c9FECTORAL N\u00b0 1899\nportant interdiction temporaire de vente, cession et utilisation\nd'artifices de divertissement et d'articles pyrotechniques en C\u00f4te-d'Or\nLe Pr\u00e9fet de la C\u00f4te-d'Or\nVU le code g\u00e9n\u00e9ral des collectivit\u00e9s territoriales notamment son article L.2215-1 ;\nVU le code de l'environnement et notamment son article R557-6-3 ;\nVU le code de la d\u00e9fense et notamment sont article R2352-1 ;\nVU le code p\u00e9nal notamment ses articles 322-5 et 322-11-1 ;\nVU le d\u00e9cret n\u00b0 2010-455 du 4 mai 2010 relatif \u00e0 la mise sur le march\u00e9 et au contr\u00f4le des\nproduits explosifs ;\nVU le d\u00e9cret n\u00b0 2019-540 du 28 mai 2019 relatif \u00e0 l'agr\u00e9ment technique des installations de\nproduits explosifs et \u00e0 la mise en \u0153uvre d'articles pyrotechniques ;\nVU l'arr\u00eat\u00e9 du minist\u00e8re de l'\u00e9cologie, du d\u00e9veloppement durable et de l'\u00e9nergie du 1 er juillet\n2015 relatif \u00e0 la mise sur le march\u00e9 des produits explosifs ;\nVU le d\u00e9cret du 10 octobre 2024  nommant monsieur Paul MOURIER, pr\u00e9fet de la r\u00e9gion\nBourgogne-Franche-Comt\u00e9, pr\u00e9fet de la C\u00f4te-d'Or;\nCONSIDERANT le contexte de menace terroriste tr\u00e8s \u00e9lev\u00e9e (Posture Vigipirate au niveau\n\"Urgence  Attentat\")  et  le  fait  que  l'utilisation  de  certains  articles  pyrotechniques  peut\nengendrer  un  risque  de  panique  surtout  s'ils  sont  utilis\u00e9s  dans  des  lieux  de  grands\nrassemblements ou sur la voie publique ;\nCONSIDERANT  que  les  f\u00eates  de  fin  d'ann\u00e9e  sont  susceptibles  de  donner  lieu  \u00e0  des\nd\u00e9bordements et \u00e0 des d\u00e9gradations pouvant troubler l'ordre public, voire \u00e0 des violences\nou \u00e0 des exactions pouvant porter atteinte \u00e0 la s\u00e9curit\u00e9 et aux biens des personnes ;\nDirection des s\u00e9curit\u00e9s\nT\u00e9l. 03.80.44.64.00\nCourriel : pref-polices-administratives@cote-dor.gouv.fr\nPr\u00e9fecture de la C\u00f4te-d'Or - 21-2024-12-18-00003 - ARR\u00caT\u00c9 PR\u00c9FECTORAL N\u00b0 1899\nportant interdiction temporaire de vente, cession et utilisation d'artifices de divertissement et d'articles pyrotechniques en C\u00f4te-d'Or 38\nCONSIDERANT  que le 1 er janvier 2022, une vingtaine de mortiers d'artifice avaient \u00e9t\u00e9\nlanc\u00e9s contre les forces de l'ordre sur la commune de Dijon  ; que par ailleurs dans la nuit\ndu 31 d\u00e9cembre 2022 au 1er janvier 2023, 11 v\u00e9hicules et 4 conteneurs ont \u00e9t\u00e9 incendi\u00e9s\ndans la m\u00e9tropole de Dijon  ; que par ailleurs dans la nuit du 31 d\u00e9cembre 2023 au 1er\njanvier 2024, 4 v\u00e9hicules et 8 conteneurs ont \u00e9t\u00e9 incendi\u00e9s dans la m\u00e9tropole de Dijon ;\nCONSIDERANT les dangers, les accidents corporels et les atteintes graves aux personnes et\naux  biens  qui  peuvent  r\u00e9sulter  de  l'utilisation  inconsid\u00e9r\u00e9e  des  p\u00e9tards  et  artifices  de\ndivertissement, particuli\u00e8rement sur la voie publique et dans les lieux de rassemblement ;\nCONSIDERANT les  risques  de  troubles  \u00e0  la  tranquillit\u00e9  et  l'ordre  publics  provoqu\u00e9s  par\nl'emploi  de  ces  artifices  \u00e0  l'occasion  des  rassemblements  festifs  de  personnes\nparticuli\u00e8rement \u00e0 l'occasion des f\u00eates de fin d'ann\u00e9e ;\nCONSIDERANT qu'il y a lieu de prendre des mesures destin\u00e9es \u00e0 garantir le bon ordre et\npr\u00e9venir les atteintes \u00e0 la s\u00e9curit\u00e9 et la tranquillit\u00e9 publiques ;\nSUR proposition du directeur de cabinet du pr\u00e9fet de la r\u00e9gion Bourgogne-Franche-Comt\u00e9,\npr\u00e9fet de la C\u00f4te-d'Or ;\nARR\u00caTE\nArticle 1er     :   Toute cession ou vente d'artifices de divertissement et d'articles pyrotechniques\nde cat\u00e9gorie F2, F3 et F4  est interdite sur les communes de la m\u00e9tropole de Dijon ainsi que\nsur la commune de Beaune du vendredi 27 d\u00e9cembre 2024 \u00e0 8h00 au jeudi 2 janvier 2025 \u00e0\n8h00.\nArticle 2     :   Durant la p\u00e9riode pr\u00e9vue \u00e0 l'article 1er, les commerces concern\u00e9s par l'interdiction\nde  cession  ou  vente  d'artifices  retirent  les  artifices  de  divertissement  et  articles\npyrotechniques de cat\u00e9gorie F2, F3 et F4 des vitrines et des espaces de vente. Ces derniers\ndevront \u00eatre confin\u00e9s dans les r\u00e9serves du magasin ou dans tout autre lieu s\u00e9curis\u00e9.\nArticle 3     :   L'utilisation d'artifices de divertissement et d'articles pyrotechniques, quelle qu'en\nsoit la cat\u00e9gorie, est interdite, sur l'ensemble du territoire du d\u00e9partement de la C\u00f4te-d'Or,\ndu vendredi 27 d\u00e9cembre 2024 \u00e0 8h00 au jeudi 2 janvier 2025 \u00e0 8h00 :\n- sur l'espace public ou en direction de l'espace public\n- dans les lieux de grands rassemblements de personnes ainsi qu'\u00e0 leurs abords imm\u00e9diats\n- dans les immeubles d'habitation ou en direction de ces derniers\nArticle 4     :   Les dispositions des articles 1 et 3 ne s'appliquent pas aux personnes titulaires du\ncertificat de qualification F4-T2 pr\u00e9vu au d\u00e9cret n\u00b0 2019-540 du 28 mai 2019 susvis\u00e9 et aux\nspectacles  pyrotechniques  r\u00e9guli\u00e8rement  d\u00e9clar\u00e9s  en  pr\u00e9fecture  et  se  d\u00e9roulant  sur  la\np\u00e9riode cit\u00e9e.\nDirection des s\u00e9curit\u00e9s\nT\u00e9l. 03.80.44.64.00\nCourriel : pref-polices-administratives@cote-dor.gouv.fr\nPr\u00e9fecture de la C\u00f4te-d'Or - 21-2024-12-18-00003 - ARR\u00caT\u00c9 PR\u00c9FECTORAL N\u00b0 1899\nportant interdiction temporaire de vente, cession et utilisation d'artifices de divertissement et d'articles pyrotechniques en C\u00f4te-d'Or 39\nArticle 5 :  Le transport d'articles pyrotechniques, quelle qu'en soit la cat\u00e9gorie, est interdit\ndans les transports publics collectifs sur l'ensemble du territoire du d\u00e9partement de la C\u00f4te-\nd'Or, du vendredi 27 d\u00e9cembre 2024 \u00e0 8h00 au jeudi 2 janvier 2025 \u00e0 8h00.\nArticle 6 :  Les infractions au pr\u00e9sent arr\u00eat\u00e9 seront r\u00e9prim\u00e9es dans les conditions pr\u00e9vues aux\narticles susvis\u00e9s du code p\u00e9nal.\nArticle   7     :   Le directeur de cabinet du pr\u00e9fet de la r\u00e9gion Bourgogne-Franche-Comt\u00e9, pr\u00e9fet\nde  la  C\u00f4te-d'Or,  le  directeur  d\u00e9partemental  de  la  s\u00e9curit\u00e9  publique  de  la  C\u00f4te-d'Or,  le\ncommandant du groupement de la gendarmerie de la C\u00f4te-d'Or et les maires des communes\nconcern\u00e9es sont charg\u00e9s, chacun en ce qui le concerne, de l'ex\u00e9cution du pr\u00e9sent arr\u00eat\u00e9 qui\nsera publi\u00e9 au recueil des actes administratifs de la pr\u00e9fecture de la C\u00f4te-d'Or, affich\u00e9 dans\nles  mairies,  et  dont  copie  sera  adress\u00e9e  au  procureur  de  la  R\u00e9publique  pr\u00e8s  le  tribunal\njudiciaire de Dijon.\nFait \u00e0 Dijon, le 18 d\u00e9cembre 2024\nLE PR\u00c9FET\nORIGINAL SIGN\u00c9\n \n    Paul MOURIER\nD\u00c9LAIS ET VOIES DE RECOURS\nLe pr\u00e9sent arr\u00eat\u00e9 peut \u00eatre contest\u00e9 selon les voies de recours et dans les d\u00e9lais mentionn\u00e9s ci-dessous.\nDans les deux mois \u00e0 compter de la publication du pr\u00e9sent arr\u00eat\u00e9 les recours suivants peuvent \u00eatre introduits :\n- un recours gracieux adress\u00e9 \u00e0  : Pr\u00e9fecture de la C\u00f4te-d'Or \u2212 Direction des S\u00e9curit\u00e9s \u2212 Bureau de la d\u00e9fense et de la s\u00e9curit\u00e9 \u2212 53 rue de la\nPr\u00e9fecture \u221221041 Dijon Cedex\n- un recours hi\u00e9rarchique adress\u00e9 \u00e0 monsieur le Ministre de l'Int\u00e9rieur et des Outre-Mer \u2212 Secr\u00e9tariat G\u00e9n\u00e9ral \u2212 Place Beauvau \u221275800 Paris Cedex 08\n- un recours contentieux adress\u00e9 au Tribunal Administratif de Dijon - 22 rue d'Assas - BP 61616 - 21016 Dijon Cedex\nLe tribunal administratif peut \u00eatre saisi par un recours d\u00e9pos\u00e9 via l'application T\u00e9l\u00e9recours citoyens accessible par le site internet www.t\u00e9l\u00e9recours.fr.\nCe recours juridictionnel doit \u00eatre d\u00e9pos\u00e9 au plus tard avant l'expiration du 2e mois suivant la date de notification de la d\u00e9cision contest\u00e9e (ou bien \ndu 2e mois suivant la date du rejet du recours gracieux ou hi\u00e9rarchique).\nDirection des s\u00e9curit\u00e9s\nT\u00e9l. 03.80.44.64.00\nCourriel : pref-polices-administratives@cote-dor.gouv.fr\nPr\u00e9fecture de la C\u00f4te-d'Or - 21-2024-12-18-00003 - ARR\u00caT\u00c9 PR\u00c9FECTORAL N\u00b0 1899\nportant interdiction temporaire de vente, cession et utilisation d'artifices de divertissement et d'articles pyrotechniques en C\u00f4te-d'Or 40\nPr\u00e9fecture de la C\u00f4te-d'Or\nDirection des s\u00e9curit\u00e9s\n21-2024-12-18-00004\nARR\u00caT\u00c9 PR\u00c9FECTORAL n\u00b0 1900 portant\ninterdiction temporaire de distribution, d'achat\net de vente \u00e0 emporter de carburant et\ncombustibles \nPr\u00e9fecture de la C\u00f4te-d'Or - 21-2024-12-18-00004 - ARR\u00caT\u00c9 PR\u00c9FECTORAL n\u00b0 1900 portant interdiction temporaire de distribution,\nd'achat et de vente \u00e0 emporter de carburant et combustibles 41\nExPREFETDE LACOTE-D'ORLibert\u00e9Egalit\u00e9Fraternit\u00e9\nDIRECTION DES S\u00c9CURIT\u00c9S\nBureau d\u00e9fense et s\u00e9curit\u00e9\nARR\u00caT\u00c9 PR\u00c9FECTORAL n\u00b0 1900\nportant interdiction temporaire de distribution, d'achat et de vente \u00e0 emporter\nde carburant et combustibles \nLe Pr\u00e9fet de la C\u00f4te-d'Or\nVU le code g\u00e9n\u00e9ral des collectivit\u00e9s territoriales, notamment son article L.2215-1  ;\nVU le code de la s\u00e9curit\u00e9 int\u00e9rieure ;\nVU le code p\u00e9nal, notamment ses articles 322-5 et 322-11-1  ;\nVU le d\u00e9cret du 10 octobre 2024  nommant monsieur Paul MOURIER, pr\u00e9fet de la r\u00e9gion\nBourgogne-Franche-Comt\u00e9, pr\u00e9fet de la C\u00f4te-d'Or ;\nCONSIDERANT  que les f\u00eates de fin d'ann\u00e9e sont susceptibles de donner lieu \u00e0 des\nd\u00e9bordements  et  \u00e0  des  d\u00e9gradations  pouvant  troubler  l'ordre  public,  voire  \u00e0  des\nviolences ou \u00e0 des exactions pouvant porter atteinte \u00e0 la s\u00e9curit\u00e9 et aux biens de nos\ncitoyens ;\nCONSIDERANT  qu'\u00e0 l'occasion des f\u00eates de fin d'ann\u00e9e en 2022, 11 v\u00e9hicules  et 4\nconteneurs ont \u00e9t\u00e9 incendi\u00e9s dans la m\u00e9tropole de Dijon ; que par ailleurs \u00e0 l'occasion\ndes f\u00eates de fin d'ann\u00e9e en 2023, 4 v\u00e9hicules et 8 conteneurs ont \u00e9t\u00e9 incendi\u00e9s dans la\nm\u00e9tropole de Dijon ;\nCONSIDERANT que l'un des moyens pour commettre des incendies ou des tentatives\nd'incendies volontaires consiste \u00e0 utiliser, \u00e0 des fins autres que celles pour lesquelles ils\nsont propos\u00e9s \u00e0 la vente, les carburants et combustibles domestiques et qu'il convient,\nde  ce  fait,  d'en  restreindre  les  conditions  de  distribution,  d'achat  et  de  vente  \u00e0\nemporter ;\nCONSIDERANT que toutes les mesures doivent \u00eatre prises pour pr\u00e9venir la survenance\ndes incendies volontaires ou en limiter les cons\u00e9quences ;\nSUR proposition du directeur de cabinet du pr\u00e9fet de la r\u00e9gion Bourgogne-Franche-\nComt\u00e9, pr\u00e9fet de la C\u00f4te-d'Or ;\nDirection des s\u00e9curit\u00e9s\nT\u00e9l. 03.80.44.64.00\nCourriel : pref-polices-administratives@cote-dor.gouv.fr\nPr\u00e9fecture de la C\u00f4te-d'Or - 21-2024-12-18-00004 - ARR\u00caT\u00c9 PR\u00c9FECTORAL n\u00b0 1900 portant interdiction temporaire de distribution,\nd'achat et de vente \u00e0 emporter de carburant et combustibles 42\nARR\u00caTE\nArticle 1er     :   Sont interdits, sur l'ensemble du territoire du d\u00e9partement de la C\u00f4te-d'Or,\n\u00e0 compter d u  vendredi 27 d\u00e9cembre 2024 \u00e0 08h00 jusqu'au jeudi 2 janvier 2025 \u00e0\n8h00 :\n-  la  distribution,  la  vente  \u00e0  emporter  et  l'achat  de  carburants  dans  tout  r\u00e9cipient\ntransportable\n- la vente \u00e0 la pompe de combustible domestique\nsauf n\u00e9cessit\u00e9 d\u00fbment justifi\u00e9e par le client et v\u00e9rifi\u00e9e, en tant que de besoin, avec le\nconcours des services de police ou de gendarmerie locaux.\nArticle  2     :   Les  infractions  au  pr\u00e9sent  arr\u00eat\u00e9  seront  constat\u00e9es  et  poursuivies,\nconform\u00e9ment aux lois et r\u00e8glement en vigueur.\nArticle  3    :   Le  directeur  de  cabinet  du  pr\u00e9fet  de  la  r\u00e9gion  Bourgogne-Franche-\nComt\u00e9, pr\u00e9fet de la C\u00f4te-d'Or, le directeur d\u00e9partemental de la s\u00e9curit\u00e9 publique de la\nC\u00f4te-d'Or, et le commandant du groupement de la gendarmerie de la C\u00f4te-d'Or sont\ncharg\u00e9s, chacun en ce qui le concerne, de l'ex\u00e9cution du pr\u00e9sent arr\u00eat\u00e9 qui sera publi\u00e9\nau recueil des actes administratifs de la pr\u00e9fecture de la C\u00f4te-d'Or et dont copie sera\nadress\u00e9e au procureur de la R\u00e9publique pr\u00e8s le tribunal judiciaire de Dijon.\nFait \u00e0 Dijon, le 18 d\u00e9cembre 2024\nLE PR\u00c9FET\nORIGINAL SIGN\u00c9\n    Paul MOURIER\nD\u00c9LAIS ET VOIES DE RECOURS\nLa pr\u00e9sente d\u00e9cision peut \u00eatre contest\u00e9e selon les voies de recours et dans les d\u00e9lais mentionn\u00e9s ci-dessous.\nDans les deux mois \u00e0 compter de la publication du pr\u00e9sent arr\u00eat\u00e9 les recours suivants peuvent \u00eatre introduits :\n- un recours gracieux adress\u00e9 \u00e0  : Pr\u00e9fecture de la C\u00f4te-d'Or \u2212 Direction des S\u00e9curit\u00e9s \u2212 Bureau de la d\u00e9fense et de la s\u00e9curit\u00e9 \u2212 53 rue de la\nPr\u00e9fecture \u221221041 Dijon Cedex\n- un recours hi\u00e9rarchique adress\u00e9 \u00e0 monsieur le Ministre de l'Int\u00e9rieur et des Outre-Mer \u2212 Secr\u00e9tariat G\u00e9n\u00e9ral \u2212 Place Beauvau \u221275800 Paris Cedex\n08\n- un recours contentieux adress\u00e9 au Tribunal Administratif de Dijon - 22 rue d'Assas - BP 61616 - 21016 Dijon Cedex\nLe tribunal administratif peut \u00eatre saisi par un recours d\u00e9pos\u00e9 via l'application T\u00e9l\u00e9recours citoyens accessible par le site internet \nwww.t\u00e9l\u00e9recours.fr. Ce recours juridictionnel doit \u00eatre d\u00e9pos\u00e9 au plus tard avant l'expiration du 2e mois suivant la date de notification de la \nd\u00e9cision contest\u00e9e (ou bien du 2e mois suivant la date du rejet du recours gracieux ou hi\u00e9rarchique).\nDirection des s\u00e9curit\u00e9s\nT\u00e9l. 03.80.44.64.00\nCourriel : pref-polices-administratives@cote-dor.gouv.fr\nPr\u00e9fecture de la C\u00f4te-d'Or - 21-2024-12-18-00004 - ARR\u00caT\u00c9 PR\u00c9FECTORAL n\u00b0 1900 portant interdiction temporaire de distribution,\nd'achat et de vente \u00e0 emporter de carburant et combustibles 43","date":"2024-12-20","first_seen_on":"2025-09-14T19:54:00+00:00","id":"b809d3d229e45c6d057fe678a040124d62fd205763c886dcdc56679429c5ab2b","name":"RAA n\u00b0 179 du 20 d\u00e9cembre 2024","pdf_creation_date":"2024-12-20T15:19:44+00:00","pdf_modification_date":null,"timezone":"Europe/Paris","url":"https://www.cote-dor.gouv.fr/contenu/telechargement/22573/172554/file/recueil-21-2024-179-recueil-des-actes-administratifs.pdf"}
