{"administration":"pref37","administration_name":"Pr\u00e9fecture d\u2019Indre-et-Loire","content":"Direction des S\u00e9curit\u00e9s\nService Interminist\u00e9riel de D\u00e9fense\net de Protection Civiles\nARR\u00caT\u00c9 du 16 ao\u00fbt 2025 n\u00b0SIDPC-2025-076\nPortant interdiction temporaire de rassemblements festifs \u00e0 caract\u00e8re musical (Teknival, rave party) dans \nle d\u00e9partement d'Indre-et-Loire\nLe pr\u00e9fet d'Indre-et-Loire\nChevalier de la L\u00e9gion d'honneur\nChevalier de l'Ordre National du M\u00e9rite\nVU le code g\u00e9n\u00e9ral des collectivit\u00e9s territoriales, notamment son article L. 2215-1\u00a0;\nVU le code de la s\u00e9curit\u00e9 int\u00e9rieure, notamment ses articles L.211-5 \u00e0 L.211-8, L.211-15, R.211-2 \u00e0 R.211-9,  \net R.211-27 \u00e0 R.211-30\u00a0;\nVU le code p\u00e9nal\u00a0;\nVU le code de la sant\u00e9 publique et le code de l'action sociale et des familles\u00a0;\nVU  la  loi  n\u00b02017-1510  du  30  octobre  2017  renfor\u00e7ant  la  s\u00e9curit\u00e9  int\u00e9rieure  et  la  lutte  contre  le  \nterrorisme\u00a0;\nVU le d\u00e9cret n\u00b02004-374 du 29 avril 2004 modifi\u00e9 relatif aux pouvoirs des pr\u00e9fets, \u00e0 l'organisation et \u00e0  \nl'action des services de l'\u00c9tat dans les r\u00e9gions et les d\u00e9partements\u00a0;\nVU le d\u00e9cret de nomination du 6 novembre 2024 portant nomination de M. Thomas CAMPEAUX en  \nqualit\u00e9 de pr\u00e9fet d'Indre-et-Loire\u00a0;\nConsid\u00e9rant  que,  selon  les  \u00e9l\u00e9ments  d'information  disponibles  et  concordants  obtenus  par  le  \nGroupement de Gendarmerie nationale, un ou plusieurs rassemblements festifs \u00e0 caract\u00e8re musical  \npouvant regrouper plusieurs centaines de participants sont susceptibles de se d\u00e9rouler entre le samedi  \n16 ao\u00fbt 2025 \u00e0 10h et le lundi 18 ao\u00fbt 2025 \u00e0 12h dans le d\u00e9partement d'Indre-et-Loire\u00a0;\nConsid\u00e9rant qu'en application des dispositions de l'article L. 211-5 du code de la s\u00e9curit\u00e9 int\u00e9rieure, les  \nrassemblements festifs \u00e0 caract\u00e8re musical sont soumis \u00e0 l'obligation de d\u00e9claration pr\u00e9alable aupr\u00e8s  \ndu Pr\u00e9fet du d\u00e9partement\u00a0;\nConsid\u00e9rant qu'aucune d\u00e9claration pr\u00e9alable n'a \u00e9t\u00e9 d\u00e9pos\u00e9e aupr\u00e8s de la Pr\u00e9fecture d'Indre-et- Loire,  \npr\u00e9cisant le nombre pr\u00e9visible de participants ainsi que les mesures envisag\u00e9es par l'organisateur pour  \ngarantir la s\u00e9curit\u00e9, la salubrit\u00e9, l'hygi\u00e8ne et la tranquillit\u00e9 publiques alors m\u00eame qu'il en a l'obligation  \ndans le d\u00e9lai d'un mois avant la date pr\u00e9vue de la manifestation\u00a0;\nConsid\u00e9rant la n\u00e9cessit\u00e9 de pr\u00e9venir le risque \u00e9lev\u00e9 de troubles \u00e0 l'ordre public \u00a0; que le nombre de  \npersonnes attendues dans ce type de rassemblements est \u00e9lev\u00e9 \u00a0; que les moyens dont disposent les  \nforces  de  s\u00e9curit\u00e9  int\u00e9rieures  sont  mobilis\u00e9s  \u00e0  la  s\u00e9curisation  des  axes  routiers \u00a0;  que  les  moyens \nappropri\u00e9s en mati\u00e8re de lutte contre l'incendie et de secours aux personnes, ainsi qu'en mati\u00e8re de  \ns\u00e9curit\u00e9 sanitaire et routi\u00e8re, ne peuvent \u00eatre r\u00e9unis\u00a0; que, dans ces conditions, lesdits rassemblements  \ncomportent des risques s\u00e9rieux de d\u00e9sordre\u00a0;\nConsid\u00e9rant le risque s\u00e9v\u00e8re de feux de for\u00eat sur le d\u00e9partement\u00a0;\n15, rue Bernard Palissy\n37925 Tours Cedex 9\nT\u00e9l.\u00a0: 02 47 64 37 37\nM\u00e9l\u00a0: prefecture@indre-et-loire.gouv.fr\nwww.indre-et-loire.gouv.fr 1/2\nConsid\u00e9rant, en outre, l'urgence \u00e0 pr\u00e9venir les risques d'atteinte \u00e0 l'ordre et \u00e0 la tranquillit\u00e9 publique et \nles pouvoirs de police administrative g\u00e9n\u00e9rale que le pr\u00e9fet tient des dispositions de l'article L. 2215-1  \nsusvis\u00e9 du code g\u00e9n\u00e9ral des collectivit\u00e9s territoriales\u00a0;\nARR\u00caTE\nARTICLE 1er \u00a0: La tenue des rassemblements festifs \u00e0 caract\u00e8re musical r\u00e9pondant \u00e0 l'ensemble des  \ncaract\u00e9ristiques  \u00e9nonc\u00e9es  \u00e0  l'article  R.  211-2  du  code  de  la  s\u00e9curit\u00e9  int\u00e9rieure,  autres  que  ceux  \nl\u00e9galement d\u00e9clar\u00e9s ou autoris\u00e9s, est interdite sur l'ensemble du territoire du d\u00e9partement d'Indre-et-\nLoire, entre le samedi  16 ao\u00fbt 2025 \u00e0 10h et le lundi 18 ao\u00fbt 2025 \u00e0 12h.\nARTICLE 2\u00a0: Toute infraction au pr\u00e9sent arr\u00eat\u00e9 est passible des sanctions pr\u00e9vues par l'article R. 211-27  \ndu code de la s\u00e9curit\u00e9 int\u00e9rieure et peut donner lieu \u00e0 la saisie du mat\u00e9riel en vue de sa confiscat ion \npar le tribunal.\nARTICLE 3\u00a0: Le pr\u00e9sent arr\u00eat\u00e9 est susceptible, dans un d\u00e9lai de deux mois \u00e0 compter de sa notification  \nou de sa publication de faire l'objet\u00a0:\n\u2022 d'un recours gracieux devant le pr\u00e9fet d'Indre-et-Loire\u00a0;\n\u2022 d'un recours hi\u00e9rarchique devant le ministre de l'Int\u00e9rieur\u00a0;\n\u2022 d'un recours contentieux devant le tribunal administratif d'Orl\u00e9ans \u2013 28, rue de la Bretonnerie \u2013 \n45057 Orl\u00e9ans Cedex 1 par voie postale ou par voie d\u00e9mat\u00e9rialis\u00e9e via \u00ab \u00a0t\u00e9l\u00e9recours citoyen\u00a0\u00bb \naccessible sur le site Internet www.telerecours.fr.\nARTICLE  4 \u00a0: Le  secr\u00e9taire  g\u00e9n\u00e9ral  de  la  pr\u00e9fecture,  l es  sous-pr\u00e9fets  de  Chinon  et  Loches,  le  \ncommandant  du  groupement  de  gendarmerie  d\u00e9partementale,  la  directrice  d\u00e9partementale  de  la \ns\u00e9curit\u00e9 publique, sont charg\u00e9s, chacun en ce qui le concerne, de l'ex\u00e9cution du pr\u00e9sent arr\u00eat\u00e9, qui sera \npubli\u00e9  au  recueil  des  actes  administratifs  et  sur  le  site  internet  des  services  de  l'\u00c9tat  dans  le  \nd\u00e9partement d'Indre-et-Loire.\nTOURS, le 16 ao\u00fbt 2025\nPour le pr\u00e9fet et par d\u00e9l\u00e9gation,\nla sous-pr\u00e9f\u00e8te de l'arrondissement de Chinon\nsign\u00e9\u00a0: Emmanuelle DRIEU LEMOINE","date":"2025-08-16","first_seen_on":"2025-09-15T21:38:29+00:00","id":"b83bd0852f9f71057202ca1e387946ec4da6a6e4506ccc3e009150a6a79063b4","name":"20250816_RAA sp\u00e9cial-interdiction temporaire rassemblements festifs","pdf_creation_date":"2025-08-16T08:12:55+00:00","pdf_modification_date":null,"timezone":"Europe/Paris","url":"https://www.indre-et-loire.gouv.fr/contenu/telechargement/46726/323132/file/20250816_RAA%20sp%C3%A9cial-interdiction%20temporaire%20rassemblements%20festifs.pdf"}
