{"administration":"pref01","administration_name":"Pr\u00e9fecture de l\u2019Ain","content":"AIN\nRECUEIL DES ACTES\nADMINISTRATIFS SP\u00c9CIAL\nN\u00b001-2025-380\nPUBLI\u00c9 LE 14 NOVEMBRE 2025\nSommaire\n01_DDETS_Direction d\u00e9partementale de l'emploi, du travail et des\nsolidarit\u00e9s de l'Ain / Direction\n01-2025-11-07-00005 - R\u00e9c\u00e9piss\u00e9 de d\u00e9claration\nd'un organisme\nde services \u00e0 la personne\nenregistr\u00e9 sous le N\u00b0\nSAP422773457\nBruno HUBERT (HUBERT) (2 pages) Page 4\n01-2025-11-07-00004 - R\u00e9c\u00e9piss\u00e9 de d\u00e9claration\nd'un organisme\nde services \u00e0 la personne\nenregistr\u00e9 sous le N\u00b0\nSAP483718086\nOlivier BOUVARD (PROP'SERVICE 01) (2 pages) Page 7\n01-2025-11-07-00006 - R\u00e9c\u00e9piss\u00e9 de d\u00e9claration\nd'un organisme\nde services \u00e0 la personne\nenregistr\u00e9 sous le N\u00b0 SAP850118928\n \nviennet jeanne (2 pages) Page 10\n01-2025-11-12-00006 - R\u00e9c\u00e9piss\u00e9 de d\u00e9claration\nd'un organisme\nde services \u00e0 la personne\nenregistr\u00e9 sous le N\u00b0 SAP939441242\nBertille BOURMEAU (MA BULLE BIEN-ETRE) (2 pages) Page 13\n01-2025-11-07-00007 - R\u00e9c\u00e9piss\u00e9 de d\u00e9claration\nd'un organisme\nde services \u00e0 la personne\nenregistr\u00e9 sous le N\u00b0 SAP942681743\nVESTA & PENATES (2 pages) Page 16\n01-2025-11-07-00003 - R\u00e9c\u00e9piss\u00e9 de d\u00e9claration\nd'un organisme\nde services \u00e0 la personne\nenregistr\u00e9 sous le N\u00b0\nSAP942681743\nVESTA & PENATES (2 pages) Page 19\n01-2025-11-12-00003 - R\u00e9c\u00e9piss\u00e9 de d\u00e9claration\nd'un organisme\nde services \u00e0 la personne\nenregistr\u00e9 sous le N\u00b0\nSAP978855419\nKarene GRESSET (HUGUET) (COUTURE KARELYNE) (2\npages) Page 22\n01-2025-10-30-00002 - R\u00e9c\u00e9piss\u00e9 de d\u00e9claration\nd'un organisme\nde services \u00e0 la personne\nenregistr\u00e9 sous le N\u00b0\nSAP990761306\nGaelle BARATAY (COEUR A COEUR SERVICES) (2 pages) Page 25\n01-2025-11-12-00007 - R\u00e9c\u00e9piss\u00e9 de d\u00e9claration\nd'un organisme\nde services \u00e0 la personne\nenregistr\u00e9 sous le N\u00b0\nSAP992431148\nBADIN PAYSAGE  (2 pages) Page 28\n01-2025-11-12-00004 - R\u00e9c\u00e9piss\u00e9 de d\u00e9claration\nd'un organisme\nde services \u00e0 la personne\nenregistr\u00e9 sous le N\u00b0 SAP992478495\nGolofier Natacha (2 pages) Page 31\n01-2025-11-07-00002 - R\u00e9c\u00e9piss\u00e9 de d\u00e9claration\nd'un organisme\nde services \u00e0 la personne\nenregistr\u00e9 sous le N\u00b0 SAP992479162\nVincenzo VINCENZO (2 pages) Page 34\n01-2025-11-12-00005 - R\u00e9c\u00e9piss\u00e9 de d\u00e9claration\nd'un organisme\nde services \u00e0 la personne\nenregistr\u00e9 sous le N\u00b0\nSAP992980045\nFlora GUINGAND (NET&VA) (2 pages) Page 37\n2\n01-2025-11-12-00002 - R\u00e9c\u00e9piss\u00e9 de d\u00e9claration\nd'un organisme\nde services \u00e0 la personne\nenregistr\u00e9 sous le N\u00b0\nSAP993039700\nSofia OUAZZANI (RESTANI) (SO'NETTOIE) (2 pages) Page 40\n01_DDT_Direction d\u00e9partementale des territoires de l'Ain /\n01-2025-11-13-00004 -\n2025ArreteAttribSubFondsVertRehabFuransChazeyBonsCcbsRaa (7 pages) Page 43\n01-2025-11-13-00003 -\n2025ArreteAttributifSubFondsVertAnimationPapiSr3aRaa (7 pages) Page 51\n01-2025-11-14-00001 - Avis de la Commission Nationale d'Am\u00e9nagement\nCommercial du 2 octobre 2025 - Extension d'un ensemble commercial \u00e0\nMiribel (1 page) Page 59\n01_Pref_Pr\u00e9fecture de l'Ain /\n01-2025-11-10-00005 -  Arr\u00eat\u00e9 pr\u00e9fectoral constatant la dissolution du\nsyndicat mixte de Crocu suite \u00e0 son adh\u00e9sion \u00e0 ORGANOM (3 pages) Page 61\n84_DREAL_Direction r\u00e9gionale de l'environnement, de l'am\u00e9nagement et\ndu logement d'Auvergne-Rh\u00f4ne-Alpes / Secr\u00e9tariat G\u00e9n\u00e9ral\n01-2025-11-10-00004 - Arr\u00eat\u00e9 interpr\u00e9fectoral\nn\u00b0DREAL-AURA-EHN-2025-2 portant d\u00e9rogation aux dispositions de\nl'article L.411-1 du code de l'environnement pour\u00a0capture suivie\nd'un rel\u00e2cher imm\u00e9diat sur place d'esp\u00e8ces animales\nprot\u00e9g\u00e9es (amphibiens, insectes, mammif\u00e8res et reptiles) (8 pages) Page 65\n3\n01_DDETS_Direction d\u00e9partementale de\nl'emploi, du travail et des solidarit\u00e9s de l'Ain\n01-2025-11-07-00005\nR\u00e9c\u00e9piss\u00e9 de d\u00e9claration\nd'un organisme de services \u00e0 la personne\nenregistr\u00e9 sous le N\u00b0 SAP422773457\nBruno HUBERT (HUBERT)\n01_DDETS_Direction d\u00e9partementale de l'emploi, du travail et des solidarit\u00e9s de l'Ain - 01-2025-11-07-00005 - R\u00e9c\u00e9piss\u00e9 de d\u00e9claration\nd'un organisme de services \u00e0 la personne\nenregistr\u00e9 sous le N\u00b0 SAP422773457\nBruno HUBERT (HUBERT)\n4\nPREFETE Direction d\u00e9partementale de l'emploi, du travail et desDE L'AIN solidarit\u00e9sLibert\u00e9\u00c9galit\u00e9Fraternit\u00e9\nR\u00e9c\u00e9piss\u00e9 de d\u00e9clarationd'un organisme de services \u00e0 la personneenregistr\u00e9 sous le N\u00b0 SAP422773457\nVu le code du travail et notamment les articles L.7231-1 \u00e0 L.7233-2, R.7232-16 \u00e0 R.7232-22, D.7231-1 etD.7233-1 \u00e0 D.7233-5;\nVu la demande de d\u00e9claration d\u00e9pos\u00e9e par l'organisme BRUNO TRAVAUX, 27 RUE DE GENEVE01800 MEXIMIEUX, le 16/10/2025;\nLa pr\u00e9f\u00e8te de l'AinConstate :Qu'une d\u00e9claration d'activit\u00e9s de services \u00e0 la personne a \u00e9t\u00e9 d\u00e9pos\u00e9e aupr\u00e8s du service instructeurde l'Ain, le 16/10/2025 par M. HUBERT BRUNO en qualit\u00e9 de dirigeant, pour l'organisme BRUNOTRAVAUX dont l'\u00e9tablissement principal est situ\u00e9 27 RUE DE GENEVE 01800 MEXIMIEUX et enregistr\u00e9sous le N\u00b0 SAP422773457 pour les activit\u00e9s suivantes :\u00a2 Entretien de la maison et travaux m\u00e9nagers (mode d'intervention Prestataire)\u00ab Petits travaux dejardinage (mode d'intervention Prestataire)\u00a2 Travaux de petit bricolage (mode d'intervention Prestataire)Toute modification concernant les activit\u00e9s exerc\u00e9es devra faire l'objet d'une d\u00e9claration modificativepr\u00e9alable.Sous r\u00e9serve d'\u00eatre exerc\u00e9es \u00e0 titre exclusif (ou sous r\u00e9serve d'une comptabilit\u00e9 s\u00e9par\u00e9e pour lespersonnes morales dispens\u00e9es de cette condition), ces activit\u00e9s ouvrent droit au b\u00e9n\u00e9fice desdispositions des articles L. 7233-2 du code du travail et L.241-10 du code de la s\u00e9curit\u00e9 sociale dans lesconditions pr\u00e9vues par ces articles.Les effets de la d\u00e9claration courent \u00e0 compter du jour du d\u00e9p\u00f4t de la d\u00e9claration sous r\u00e9serve desdispositions de l'article R.7232-18 du code du travail. Le pr\u00e9sent r\u00e9c\u00e9piss\u00e9 n'est pas limit\u00e9 dans letemps. La d\u00e9claration a une port\u00e9e nationale.Le cas \u00e9ch\u00e9ant:En application des articles L.7232-1 et R.7232-1 \u00e0 R.7232-15, les activit\u00e9s n\u00e9cessitant un agr\u00e9ment (Ide l'article D.7231-1 du code du travail) n'ouvrent droit \u00e0 ces dispositions que si l'organisme apr\u00e9alablement obtenu l'agr\u00e9ment ou le renouvellement de cet agr\u00e9ment dans le ou lesd\u00e9partement(s) d'exercice de ses activit\u00e9s.De m\u00eame, en application de l'article D.312-6-2 du code de l'action sociale et des familles, les activit\u00e9sn\u00e9cessitant une autorisation n'ouvrent droit \u00e0 ces dispositions que si l'organisme a pr\u00e9alablementobtenu l'autorisation ou le renouvellement de cette autorisation.L'enregistrement de la d\u00e9claration peut \u00eatre retir\u00e9 dans les conditions fix\u00e9es aux articles R.7232-20 \u00e0 R.7232-22 du code du travail.Le pr\u00e9sent r\u00e9c\u00e9piss\u00e9 sera publi\u00e9 au recueil des actes administratifs de la pr\u00e9fecture.Le pr\u00e9sent r\u00e9c\u00e9piss\u00e9 peut, \u00e0 compter de sa notification, faire l'objet d'un recours gracieux aupr\u00e8sservice instructeur de I' Ain ou d'un recours hi\u00e9rarchique adress\u00e9 au ministre charg\u00e9 de l'\u00e9conomie -Direction g\u00e9n\u00e9rale des entreprises \u2014 sous-direction des services marchands, 61 Boulevard VincentAuriol, 75703 PARIS CEDEX 13.Il peut \u00e9galement faire l'objet d'un recours contentieux dans un d\u00e9lai de deux mois \u00e0 compter de sanotification aupr\u00e8s du tribunal administratif Lyon.Le tribunal administratif peut aussi \u00eatre saisi par l'application informatique \u00ab T\u00e9l\u00e9recours citoyen \u00bbaccessible sur le site internet http://www.telerecours.fr/\n \n01_DDETS_Direction d\u00e9partementale de l'emploi, du travail et des solidarit\u00e9s de l'Ain - 01-2025-11-07-00005 - R\u00e9c\u00e9piss\u00e9 de d\u00e9claration\nd'un organisme de services \u00e0 la personne\nenregistr\u00e9 sous le N\u00b0 SAP422773457\nBruno HUBERT (HUBERT)\n5\nEn cas de rejet du recours gracieux ou hi\u00e9rarchique ou en l'absence de r\u00e9ponse a ce recours (rejetimplicite), Un recours contentieux devant le tribunal administratif Lyon peut \u00e9galement \u00eatre form\u00e9contre la d\u00e9cision initiale dans un d\u00e9lai de deux mois \u00e0 compter de ce rejet.\nFait \u00e0 Bourg-en-Bresse, le 07/11/2025Pour la pr\u00e9f\u00e8te et par d\u00e9l\u00e9gation du directeurd\u00e9partemental de l'emploi, du travail et dessolidarit\u00e9s de l'AinLa responsable du service Insertion professionnelleet EmploiNolwenn DUBAND-GEORGELIN\n01_DDETS_Direction d\u00e9partementale de l'emploi, du travail et des solidarit\u00e9s de l'Ain - 01-2025-11-07-00005 - R\u00e9c\u00e9piss\u00e9 de d\u00e9claration\nd'un organisme de services \u00e0 la personne\nenregistr\u00e9 sous le N\u00b0 SAP422773457\nBruno HUBERT (HUBERT)\n6\n01_DDETS_Direction d\u00e9partementale de\nl'emploi, du travail et des solidarit\u00e9s de l'Ain\n01-2025-11-07-00004\nR\u00e9c\u00e9piss\u00e9 de d\u00e9claration\nd'un organisme de services \u00e0 la personne\nenregistr\u00e9 sous le N\u00b0 SAP483718086\nOlivier BOUVARD (PROP'SERVICE 01)\n01_DDETS_Direction d\u00e9partementale de l'emploi, du travail et des solidarit\u00e9s de l'Ain - 01-2025-11-07-00004 - R\u00e9c\u00e9piss\u00e9 de d\u00e9claration\nd'un organisme de services \u00e0 la personne\nenregistr\u00e9 sous le N\u00b0 SAP483718086\nOlivier BOUVARD (PROP'SERVICE 01)\n7\nPREFETE Direction d\u00e9partementale de l'emploi, du travail et desDE L'AIN solidarit\u00e9sLibert\u00e9Egalit\u00e9Fraternit\u00e9\nR\u00e9c\u00e9piss\u00e9 de d\u00e9clarationd'un organisme de services \u00e0 la personneenregistr\u00e9 sous le N\u00b0 SAP483718086\nVu le code du travail et notamment les articles L.7231-1 \u00e0 L.7233-2, R.7232-16 \u00e0 R.7232-22, D.7231-1 etD.7233-1 \u00e0 D.7233-5;\nVu la demande de d\u00e9claration d\u00e9pos\u00e9e par l'organisme PROPSERVICEO1, 30 rue des Eb\u00e9nistes01340 Montrevel-en-Bresse, le 16/10/2025 ;\nLa pr\u00e9f\u00e8te de l'AinConstate :Qu'une d\u00e9claration d'activit\u00e9s de services \u00e0 la personne a \u00e9t\u00e9 d\u00e9pos\u00e9e aupr\u00e8s du service instructeurde l'Ain, le 16/10/2025 par M. BOUVARD OLIVIER en qualit\u00e9 de dirigeant, pour l'organismePROPSERVICEO1 dont l'\u00e9tablissement principal est situ\u00e9 30 rue des Eb\u00e9nistes 01340 Montrevel-en-Bresse et enregistr\u00e9 sous le N\u00b0 SAP483718086 pour les activit\u00e9s suivantes :\u00a2 Entretien de la maison et travaux m\u00e9nagers (mode d'intervention Prestataire)\u00ab Coordination et d\u00e9livrance des SAP (mode d'intervention Prestataire)Toute modification concernant les activit\u00e9s exerc\u00e9es devra faire l'objet d'une d\u00e9claration modificativepr\u00e9alable.Sous r\u00e9serve d'\u00eatre exerc\u00e9es \u00e0 titre exclusif (ou sous r\u00e9serve d'une comptabilit\u00e9 s\u00e9par\u00e9e pour lespersonnes morales dispens\u00e9es de cette condition), ces activit\u00e9s ouvrent droit au b\u00e9n\u00e9fice desdispositions des articles L. 7233-2 du code du travail et L.241-10 du code de la s\u00e9curit\u00e9 sociale dans lesconditions pr\u00e9vues par ces articles.Les effets de la d\u00e9claration courent \u00e0 compter du jour du d\u00e9p\u00f4t de la d\u00e9claration sous r\u00e9serve desdispositions de l'article R.7232-18 du code du travail. Le pr\u00e9sent r\u00e9c\u00e9piss\u00e9 n'est pas limit\u00e9 dans letemps. La d\u00e9claration a une port\u00e9e nationale.Le cas \u00e9ch\u00e9ant:En application des articles L.7232-1 et R.7232-1 \u00e0 R.7232-15, les activit\u00e9s n\u00e9cessitant un agr\u00e9ment (Ide l'article D.7231-1 du code du travail) n'ouvrent droit \u00e0 ces dispositions que si l'organisme apr\u00e9alablement obtenu l'agr\u00e9ment ou le renouvellement de cet agr\u00e9ment dans le ou lesd\u00e9partement(s) d'exercice de ses activit\u00e9s.De m\u00eame, en application de l'article D.312-6-2 du code de l'action sociale et des familles, les activit\u00e9sn\u00e9cessitant une autorisation n'ouvrent droit \u00e0 ces dispositions que si l'organisme a pr\u00e9alablementobtenu l'autorisation ou le renouvellement de cette autorisation.L'enregistrement de la d\u00e9claration peut \u00eatre retir\u00e9 dans les conditions fix\u00e9es aux articles R.7232-20 \u00e0 R.7232-22 du code du travail.Le pr\u00e9sent r\u00e9c\u00e9piss\u00e9 sera publi\u00e9 au recueil des actes administratifs de la pr\u00e9fecture.Le pr\u00e9sent r\u00e9c\u00e9piss\u00e9 peut, \u00e0 compter de sa notification, faire l'objet d'un recours gracieux aupr\u00e8sservice instructeur de I' Ain ou d'un recours hi\u00e9rarchique adress\u00e9 au ministre charg\u00e9 de l'\u00e9conomie -Direction g\u00e9n\u00e9rale des entreprises \u2014 sous-direction des services marchands, 61 Boulevard VincentAuriol, 75703 PARIS CEDEX 13.Il peut \u00e9galement faire l'objet d'un recours contentieux dans un d\u00e9lai de deux mois \u00e0 compter de sanotification aupr\u00e8s du tribunal administratif Lyon.Le tribunal administratif peut aussi \u00eatre saisi par l'application informatique \u00ab T\u00e9l\u00e9recours citoyen \u00bbaccessible sur le site internet http://www.telerecours.fr/\n \n01_DDETS_Direction d\u00e9partementale de l'emploi, du travail et des solidarit\u00e9s de l'Ain - 01-2025-11-07-00004 - R\u00e9c\u00e9piss\u00e9 de d\u00e9claration\nd'un organisme de services \u00e0 la personne\nenregistr\u00e9 sous le N\u00b0 SAP483718086\nOlivier BOUVARD (PROP'SERVICE 01)\n8\nEn cas de rejet du recours gracieux ou hi\u00e9rarchique ou en l'absence de r\u00e9ponse a ce recours (rejetimplicite), Un recours contentieux devant le tribunal administratif Lyon peut \u00e9galement \u00eatre form\u00e9contre la d\u00e9cision initiale dans un d\u00e9lai de deux mois \u00e0 compter de ce rejet.\nFait \u00e0 Bourg-en-Bresse, le 07/11/2025Pour la pr\u00e9f\u00e8te et par d\u00e9l\u00e9gation du directeurd\u00e9partemental de l'emploi, du travail et dessolidarit\u00e9s de l'AinLa responsable du service Insertion professionnelleet EmploiNolwenn DUBAND-GEORGELIN\n01_DDETS_Direction d\u00e9partementale de l'emploi, du travail et des solidarit\u00e9s de l'Ain - 01-2025-11-07-00004 - R\u00e9c\u00e9piss\u00e9 de d\u00e9claration\nd'un organisme de services \u00e0 la personne\nenregistr\u00e9 sous le N\u00b0 SAP483718086\nOlivier BOUVARD (PROP'SERVICE 01)\n9\n01_DDETS_Direction d\u00e9partementale de\nl'emploi, du travail et des solidarit\u00e9s de l'Ain\n01-2025-11-07-00006\nR\u00e9c\u00e9piss\u00e9 de d\u00e9claration\nd'un organisme de services \u00e0 la personne\nenregistr\u00e9 sous le N\u00b0 SAP850118928\n  viennet jeanne\n01_DDETS_Direction d\u00e9partementale de l'emploi, du travail et des solidarit\u00e9s de l'Ain - 01-2025-11-07-00006 - R\u00e9c\u00e9piss\u00e9 de d\u00e9claration\nd'un organisme de services \u00e0 la personne\nenregistr\u00e9 sous le N\u00b0 SAP850118928\n  viennet jeanne\n10\nE 3PREFETE Het ceDE L'AIN solidarit\u00e9sLibert\u00e9Egalit\u00e9Fraternit\u00e9\nDirection d\u00e9partementale de l'emploi, du travail et des\nR\u00e9c\u00e9piss\u00e9 de d\u00e9clarationd'un organisme de services \u00e0 la personneenregistr\u00e9 sous le N\u00b0 SAP850118928Vu le code du travail et notamment les articles L.7231-1 \u00e0 L.7233-2, R.7232-16 \u00e0 R.7232-22, D.7231-1 etD.7233-1 \u00e0 D.7233-5;\nVu la demande de d\u00e9claration d\u00e9pos\u00e9e par l'organisme ADVF Jeanne, 333 IMPASSE DE LA JAYR01250 MONTAGNAT, le 17/10/2025 ;\nLa pr\u00e9f\u00e8te de I' AinConstate :Qu'une d\u00e9claration d'activit\u00e9s de services \u00e0 la personne a \u00e9t\u00e9 d\u00e9pos\u00e9e aupr\u00e8s du service instructeurde l'Ain, le 17/10/2025 par Mme. VIENNET JEANNE en qualit\u00e9 de dirigeante, pour l'organisme ADVFJeanne dont l'\u00e9tablissement principal est situ\u00e9 333 IMPASSE DE LA JAYR 01250 MONTAGNAT etenregistr\u00e9 sous le N\u00b0 SAP850118928 pour les activit\u00e9s suivantes :\u00a2\u00ab Garde d'enfants de plus de 3 ans \u00e0 domicile (mode d'intervention Prestataire)\u00ab Accompagnement des enfants de plus de 3 ans dans leurs d\u00e9placements (mode d'interventionPrestataire)\u00a2 Entretien de la maison et travaux m\u00e9nagers (mode d'intervention Prestataire)\u00ab Petits travaux dejardinage (mode d'intervention Prestataire)\u00a2 Travaux de petit bricolage (mode d'intervention Prestataire)+ Pr\u00e9paration de repas \u00e0 domicile (mode d'intervention Prestataire)\u00a2 Livraison de repas \u00e0 domicile (mode d'intervention Prestataire)\u00a2 Livraison de courses a domicile (mode d'intervention Prestataire)\u00ab Assistance administrative a domicile (mode d'intervention Prestataire)\u00ab Soins et promenade(s) d'animaux pour personnes d\u00e9pendantes (mode d'intervention Prestataire)+ Conduite du v\u00e9hicule des personnes en cas d'invalidit\u00e9 temporaire (mode d'interventionPrestataire)\u00ab Accompagnement des personnes pr\u00e9sentant une invalidit\u00e9 temporaire (mode d'interventionPrestataire)\u00ab Assistance aux personnes ayant besoin d'une aide temporaire \u00e0 leur domicile (moded'intervention Prestataire)Toute modification concernant les activit\u00e9s exerc\u00e9es devra faire l'objet d'une d\u00e9claration modificativepr\u00e9alable.Sous r\u00e9serve d'\u00eatre exerc\u00e9es \u00e0 titre exclusif (ou sous r\u00e9serve d'une comptabilit\u00e9 s\u00e9par\u00e9e pour lespersonnes morales dispens\u00e9es de cette condition), ces activit\u00e9s ouvrent droit au b\u00e9n\u00e9fice desdispositions des articles L. 7233-2 du code du travail et L.241-10 du code de la s\u00e9curit\u00e9 sociale dans lesconditions pr\u00e9vues par ces articles.Les effets de la d\u00e9claration courent \u00e0 compter du jour du d\u00e9p\u00f4t de la d\u00e9claration sous r\u00e9serve desdispositions de l'article R.7232-18 du code du travail. Le pr\u00e9sent r\u00e9c\u00e9piss\u00e9 n'est pas limit\u00e9 dans letemps. La d\u00e9claration a une port\u00e9e nationale.Le cas \u00e9ch\u00e9ant:En application des articles L.7232-1 et R.7232-1 \u00e0 R.7232-15, les activit\u00e9s n\u00e9cessitant un agr\u00e9ment (Ide l'article D.7231-1 du code du travail) n'ouvrent droit \u00e0 ces dispositions que si l'organisme apr\u00e9alablement obtenu l'agr\u00e9ment ou le renouvellement de cet agr\u00e9ment dans le ou lesd\u00e9partement(s) d'exercice de ses activit\u00e9s.De m\u00eame, en application de l'article D.312-6-2 du code de l'action sociale et des familles, les activit\u00e9sn\u00e9cessitant une autorisation n'ouvrent droit \u00e0 ces dispositions que si l'organisme a pr\u00e9alablementobtenu l'autorisation ou le renouvellement de cette autorisation.\n \n01_DDETS_Direction d\u00e9partementale de l'emploi, du travail et des solidarit\u00e9s de l'Ain - 01-2025-11-07-00006 - R\u00e9c\u00e9piss\u00e9 de d\u00e9claration\nd'un organisme de services \u00e0 la personne\nenregistr\u00e9 sous le N\u00b0 SAP850118928\n  viennet jeanne\n11\nL'enregistrement de la d\u00e9claration peut \u00eatre retir\u00e9 dans les conditions fix\u00e9es aux articles R.7232-20 \u00e0 R.7232-22 du code du travail.Le pr\u00e9sent r\u00e9c\u00e9piss\u00e9 sera publi\u00e9 au recueil des actes administratifs de la pr\u00e9fecture.Le pr\u00e9sent r\u00e9c\u00e9piss\u00e9 peut, \u00e0 compter de sa notification, faire l'objet d'un recours gracieux aupr\u00e8sservice instructeur de |' Ain ou d'un recours hi\u00e9rarchique adress\u00e9 au ministre charg\u00e9 de l'\u00e9conomie -Direction g\u00e9n\u00e9rale des entreprises \u2014 sous-direction des services marchands, 61 Boulevard VincentAuriol, 75703 PARIS CEDEX 13.Il peut \u00e9galement faire l'objet d'un recours contentieux dans un d\u00e9lai de deux mois \u00e0 compter de sanotification aupr\u00e8s du tribunal administratif Lyon.Le tribunal administratif peut aussi \u00eatre saisi par l'application informatique \u00ab T\u00e9l\u00e9recours citoyen \u00bbaccessible sur le site internet http://www.telerecours.fr/En cas de rejet du recours gracieux ou hi\u00e9rarchique ou en l'absence de r\u00e9ponse a ce recours (rejetimplicite), un recours contentieux devant le tribunal administratif Lyon peut \u00e9galement \u00eatre form\u00e9contre la d\u00e9cision initiale dans un d\u00e9lai de deux mois \u00e0 compter de ce rejet.\nFait \u00e0 Bourg-en-Bresse, le 07/11/2025Pour la pr\u00e9f\u00e8te et par d\u00e9l\u00e9gation du directeurd\u00e9partemental de l'emploi, du travail et dessolidarit\u00e9s de l'AinLa responsable du service Insertion professionnelleet EmploiNolwenn DUBAND-GEORGELIN\n01_DDETS_Direction d\u00e9partementale de l'emploi, du travail et des solidarit\u00e9s de l'Ain - 01-2025-11-07-00006 - R\u00e9c\u00e9piss\u00e9 de d\u00e9claration\nd'un organisme de services \u00e0 la personne\nenregistr\u00e9 sous le N\u00b0 SAP850118928\n  viennet jeanne\n12\n01_DDETS_Direction d\u00e9partementale de\nl'emploi, du travail et des solidarit\u00e9s de l'Ain\n01-2025-11-12-00006\nR\u00e9c\u00e9piss\u00e9 de d\u00e9claration\nd'un organisme de services \u00e0 la personne\nenregistr\u00e9 sous le N\u00b0 SAP939441242\n Bertille BOURMEAU (MA BULLE BIEN-ETRE)\n01_DDETS_Direction d\u00e9partementale de l'emploi, du travail et des solidarit\u00e9s de l'Ain - 01-2025-11-12-00006 - R\u00e9c\u00e9piss\u00e9 de d\u00e9claration\nd'un organisme de services \u00e0 la personne\nenregistr\u00e9 sous le N\u00b0 SAP939441242\n Bertille BOURMEAU (MA BULLE BIEN-ETRE)\n13\nPREFETE Direction d\u00e9partementale de l'emploi, du travail et desDE L'AIN solidarit\u00e9sLibert\u00e9Egalit\u00e9Fraternit\u00e9\nR\u00e9c\u00e9piss\u00e9 de d\u00e9clarationd'un organisme de services \u00e0 la personneenregistr\u00e9 sous le N\u00b0 SAP939441242\nVu le code du travail et notamment les articles L.7231-1 \u00e0 L.7233-2, R.7232-16 \u00e0 R.7232-22, D.7231-1 etD.7233-1 \u00e0 D.7233-5;\nVu la demande de d\u00e9claration d\u00e9pos\u00e9e par l'organisme Ma Bulle Bien-\u00eatre, 101 chemin EnCourtisane 01250 BOHAS MEYRIAT RIGNAT, le 24/10/2025;\nLa pr\u00e9f\u00e8te de l'AinConstate :Qu'une d\u00e9claration d'activit\u00e9s de services \u00e0 la personne a \u00e9t\u00e9 d\u00e9pos\u00e9e aupr\u00e8s du service instructeurde l'Ain, le 24/10/2025 par Mme. BOURMEAU BERTILLE en qualit\u00e9 de dirigeante, pour l'organisme MaBulle Bien-\u00eatre dont l'\u00e9tablissement principal est situ\u00e9 101 chemin En Courtisane 01250 BOHASMEYRIAT RIGNAT et enregistr\u00e9 sous le N\u00b0 SAP939441242 pour les activit\u00e9s suivantes :\u00a2 Entretien de la maison et travaux m\u00e9nagers (mode d'intervention Prestataire)Toute modification concernant les activit\u00e9s exerc\u00e9es devra faire l'objet d'une d\u00e9claration modificativepr\u00e9alable.Sous r\u00e9serve d'\u00eatre exerc\u00e9es \u00e0 titre exclusif (ou sous r\u00e9serve d'une comptabilit\u00e9 s\u00e9par\u00e9e pour lespersonnes morales dispens\u00e9es de cette condition), ces activit\u00e9s ouvrent droit au b\u00e9n\u00e9fice desdispositions des articles L. 7233-2 du code du travail et L.241-10 du code de la s\u00e9curit\u00e9 sociale dans lesconditions pr\u00e9vues par ces articles.Les effets de la d\u00e9claration courent \u00e0 compter du jour du d\u00e9p\u00f4t de la d\u00e9claration sous r\u00e9serve desdispositions de l'article R.7232-18 du code du travail. Le pr\u00e9sent r\u00e9c\u00e9piss\u00e9 n'est pas limit\u00e9 dans letemps. La d\u00e9claration a une port\u00e9e nationale.Le cas \u00e9ch\u00e9ant:En application des articles L.7232-1 et R.7232-1 \u00e0 R.7232-15, les activit\u00e9s n\u00e9cessitant un agr\u00e9ment (Ide l'article D.7231-1 du code du travail) n'ouvrent droit \u00e0 ces dispositions que si l'organisme apr\u00e9alablement obtenu l'agr\u00e9ment ou le renouvellement de cet agr\u00e9ment dans le ou lesd\u00e9partement(s) d'exercice de ses activit\u00e9s.De m\u00eame, en application de l'article D.312-6-2 du code de l'action sociale et des familles, les activit\u00e9sn\u00e9cessitant une autorisation n'ouvrent droit \u00e0 ces dispositions que si l'organisme a pr\u00e9alablementobtenu l'autorisation ou le renouvellement de cette autorisation.L'enregistrement de la d\u00e9claration peut \u00eatre retir\u00e9 dans les conditions fix\u00e9es aux articles R.7232-20 \u00e0 R.7232-22 du code du travail.Le pr\u00e9sent r\u00e9c\u00e9piss\u00e9 sera publi\u00e9 au recueil des actes administratifs de la pr\u00e9fecture.Le pr\u00e9sent r\u00e9c\u00e9piss\u00e9 peut, \u00e0 compter de sa notification, faire l'objet d'un recours gracieux aupr\u00e8sservice instructeur de |' Ain ou d'un recours hi\u00e9rarchique adress\u00e9 au ministre charg\u00e9 de l'\u00e9conomie -Direction g\u00e9n\u00e9rale des entreprises \u2014 sous-direction des services marchands, 61 Boulevard VincentAuriol, 75703 PARIS CEDEX 13.Il peut \u00e9galement faire l'objet d'un recours contentieux dans un d\u00e9lai de deux mois \u00e0 compter de sanotification aupr\u00e8s du tribunal administratif Lyon.Le tribunal administratif peut aussi \u00eatre saisi par l'application informatique \u00ab T\u00e9l\u00e9recours citoyen \u00bbaccessible sur le site internet http://www.telerecours.fr/\n \n01_DDETS_Direction d\u00e9partementale de l'emploi, du travail et des solidarit\u00e9s de l'Ain - 01-2025-11-12-00006 - R\u00e9c\u00e9piss\u00e9 de d\u00e9claration\nd'un organisme de services \u00e0 la personne\nenregistr\u00e9 sous le N\u00b0 SAP939441242\n Bertille BOURMEAU (MA BULLE BIEN-ETRE)\n14\nEn cas de rejet du recours gracieux ou hi\u00e9rarchique ou en l'absence de r\u00e9ponse a ce recours (rejetimplicite), un recours contentieux devant le tribunal administratif Lyon peut \u00e9galement \u00eatre form\u00e9contre la d\u00e9cision initiale dans un d\u00e9lai de deux mois \u00e0 compter de ce rejet.\nFait \u00e0 Bourg-en-Bresse, le 12/11/2025Pour la pr\u00e9f\u00e8te et par d\u00e9l\u00e9gation du directeurd\u00e9partemental de l'emploi, du travail et dessolidarit\u00e9s de l'AinLa responsable du service Insertion professionnelleet EmploiNolwenn DUBAND-GEORGELIN\n01_DDETS_Direction d\u00e9partementale de l'emploi, du travail et des solidarit\u00e9s de l'Ain - 01-2025-11-12-00006 - R\u00e9c\u00e9piss\u00e9 de d\u00e9claration\nd'un organisme de services \u00e0 la personne\nenregistr\u00e9 sous le N\u00b0 SAP939441242\n Bertille BOURMEAU (MA BULLE BIEN-ETRE)\n15\n01_DDETS_Direction d\u00e9partementale de\nl'emploi, du travail et des solidarit\u00e9s de l'Ain\n01-2025-11-07-00007\nR\u00e9c\u00e9piss\u00e9 de d\u00e9claration\nd'un organisme de services \u00e0 la personne\nenregistr\u00e9 sous le N\u00b0 SAP942681743\n VESTA & PENATES\n01_DDETS_Direction d\u00e9partementale de l'emploi, du travail et des solidarit\u00e9s de l'Ain - 01-2025-11-07-00007 - R\u00e9c\u00e9piss\u00e9 de d\u00e9claration\nd'un organisme de services \u00e0 la personne\nenregistr\u00e9 sous le N\u00b0 SAP942681743\n VESTA & PENATES\n16\nPREFETE Direction d\u00e9partementale de l'emploi, du travail et desDE L'AIN solidarit\u00e9sLibert\u00e9\u00c9galit\u00e9Fraternit\u00e9\nR\u00e9c\u00e9piss\u00e9 de d\u00e9clarationd'un organisme de services \u00e0 la personneenregistr\u00e9 sous le N\u00b0 SAP942681743\nVu le code du travail et notamment les articles L.7231-1 \u00e0 L.7233-2, R.7232-16 \u00e0 R.7232-22, D.7231-1 etD.7233-1 \u00e0 D.7233-5;\nVu la demande de d\u00e9claration d\u00e9pos\u00e9e par l'organisme VESTA & PENATES, 4 RUE DU VENTOUX01800 MEXIMIEUX, le 19/10/2025;\nLa pr\u00e9f\u00e8te de l'AinConstate :Qu'une d\u00e9claration d'activit\u00e9s de services \u00e0 la personne a \u00e9t\u00e9 d\u00e9pos\u00e9e aupr\u00e8s du service instructeurde l'Ain, le 19/10/2025 par M. Minio Johan en qualit\u00e9 de dirigeant, pour l'organisme VESTA & PENATESdont l'\u00e9tablissement principal est situ\u00e9 4 RUE DU VENTOUX 01800 MEXIMIEUX et enregistr\u00e9 sous le N\u00b0SAP942681743 pour les activit\u00e9s suivantes :\u00ab Entretien de la maison et travaux m\u00e9nagers (mode d'intervention Prestataire)Toute modification concernant les activit\u00e9s exerc\u00e9es devra faire l'objet d'une d\u00e9claration modificativepr\u00e9alable.Sous r\u00e9serve d'\u00eatre exerc\u00e9es \u00e0 titre exclusif (ou sous r\u00e9serve d'une comptabilit\u00e9 s\u00e9par\u00e9e pour lespersonnes morales dispens\u00e9es de cette condition), ces activit\u00e9s ouvrent droit au b\u00e9n\u00e9fice desdispositions des articles L. 7233-2 du code du travail et L.241-10 du code de la s\u00e9curit\u00e9 sociale dans lesconditions pr\u00e9vues par ces articles.Les effets de la d\u00e9claration courent \u00e0 compter du jour du d\u00e9p\u00f4t de la d\u00e9claration sous r\u00e9serve desdispositions de l'article R.7232-18 du code du travail. Le pr\u00e9sent r\u00e9c\u00e9piss\u00e9 n'est pas limit\u00e9 dans letemps. La d\u00e9claration a une port\u00e9e nationale.Le cas \u00e9ch\u00e9ant:En application des articles L.7232-1 et R.7232-1 \u00e0 R.7232-15, les activit\u00e9s n\u00e9cessitant un agr\u00e9ment (Ide l'article D.7231-1 du code du travail) n'ouvrent droit \u00e0 ces dispositions que si l'organisme apr\u00e9alablement obtenu l'agr\u00e9ment ou le renouvellement de cet agr\u00e9ment dans le ou lesd\u00e9partement(s) d'exercice de ses activit\u00e9s.De m\u00eame, en application de l'article D.312-6-2 du code de l'action sociale et des familles, les activit\u00e9sn\u00e9cessitant une autorisation n'ouvrent droit \u00e0 ces dispositions que si l'organisme a pr\u00e9alablementobtenu l'autorisation ou le renouvellement de cette autorisation.L'enregistrement de la d\u00e9claration peut \u00eatre retir\u00e9 dans les conditions fix\u00e9es aux articles R.7232-20 \u00e0 R.7232-22 du code du travail.Le pr\u00e9sent r\u00e9c\u00e9piss\u00e9 sera publi\u00e9 au recueil des actes administratifs de la pr\u00e9fecture.Le pr\u00e9sent r\u00e9c\u00e9piss\u00e9 peut, \u00e0 compter de sa notification, faire l'objet d'un recours gracieux aupr\u00e8sservice instructeur de |' Ain ou d'un recours hi\u00e9rarchique adress\u00e9 au ministre charg\u00e9 de l'\u00e9conomie -Direction g\u00e9n\u00e9rale des entreprises \u2014 sous-direction des services marchands, 61 Boulevard VincentAuriol, 75703 PARIS CEDEX 13.Il peut \u00e9galement faire l'objet d'un recours contentieux dans un d\u00e9lai de deux mois \u00e0 compter de sanotification aupr\u00e8s du tribunal administratif Lyon.Le tribunal administratif peut aussi \u00eatre saisi par l'application informatique \u00ab T\u00e9l\u00e9recours citoyen \u00bbaccessible sur le site internet http://www.telerecours.fr/\n \n01_DDETS_Direction d\u00e9partementale de l'emploi, du travail et des solidarit\u00e9s de l'Ain - 01-2025-11-07-00007 - R\u00e9c\u00e9piss\u00e9 de d\u00e9claration\nd'un organisme de services \u00e0 la personne\nenregistr\u00e9 sous le N\u00b0 SAP942681743\n VESTA & PENATES\n17\nEn cas de rejet du recours gracieux ou hi\u00e9rarchique ou en l'absence de r\u00e9ponse \u00e0 ce recours (rejetimplicite), un recours contentieux devant le tribunal administratif Lyon peut \u00e9galement \u00eatre form\u00e9contre la d\u00e9cision initiale dans un d\u00e9lai de deux mois \u00e0 compter de ce rejet.\nFait \u00e0 Bourg-en-Bresse, le 07/11/2025Pour la pr\u00e9f\u00e8te et par d\u00e9l\u00e9gation du directeurd\u00e9partemental de l'emploi, du travail et dessolidarit\u00e9s de l'AinLa responsable du service Insertion professionnelleet EmploiNolwenn DUBAND-GEORGELIN\n01_DDETS_Direction d\u00e9partementale de l'emploi, du travail et des solidarit\u00e9s de l'Ain - 01-2025-11-07-00007 - R\u00e9c\u00e9piss\u00e9 de d\u00e9claration\nd'un organisme de services \u00e0 la personne\nenregistr\u00e9 sous le N\u00b0 SAP942681743\n VESTA & PENATES\n18\n01_DDETS_Direction d\u00e9partementale de\nl'emploi, du travail et des solidarit\u00e9s de l'Ain\n01-2025-11-07-00003\nR\u00e9c\u00e9piss\u00e9 de d\u00e9claration\nd'un organisme de services \u00e0 la personne\nenregistr\u00e9 sous le N\u00b0 SAP942681743\nVESTA & PENATES\n01_DDETS_Direction d\u00e9partementale de l'emploi, du travail et des solidarit\u00e9s de l'Ain - 01-2025-11-07-00003 - R\u00e9c\u00e9piss\u00e9 de d\u00e9claration\nd'un organisme de services \u00e0 la personne\nenregistr\u00e9 sous le N\u00b0 SAP942681743\nVESTA & PENATES\n19\nPREFETE Direction d\u00e9partementale de l'emploi, du travail et desDE L'AIN solidarit\u00e9sLibert\u00e9\u00c9galit\u00e9Fraternit\u00e9\nR\u00e9c\u00e9piss\u00e9 de d\u00e9clarationd'un organisme de services \u00e0 la personneenregistr\u00e9 sous le N\u00b0 SAP942681743\nVu le code du travail et notamment les articles L.7231-1 \u00e0 L.7233-2, R.7232-16 \u00e0 R.7232-22, D.7231-1 etD.7233-1 \u00e0 D.7233-5;\nVu la demande de d\u00e9claration d\u00e9pos\u00e9e par l'organisme VESTA & PENATES, 4 RUE DU VENTOUX01800 MEXIMIEUX, le 19/10/2025;\nLa pr\u00e9f\u00e8te de l'AinConstate :Qu'une d\u00e9claration d'activit\u00e9s de services \u00e0 la personne a \u00e9t\u00e9 d\u00e9pos\u00e9e aupr\u00e8s du service instructeurde l'Ain, le 19/10/2025 par M. Minio Johan en qualit\u00e9 de dirigeant, pour l'organisme VESTA & PENATESdont l'\u00e9tablissement principal est situ\u00e9 4 RUE DU VENTOUX 01800 MEXIMIEUX et enregistr\u00e9 sous le N\u00b0SAP942681743 pour les activit\u00e9s suivantes :\u00ab Entretien de la maison et travaux m\u00e9nagers (mode d'intervention Prestataire)Toute modification concernant les activit\u00e9s exerc\u00e9es devra faire l'objet d'une d\u00e9claration modificativepr\u00e9alable.Sous r\u00e9serve d'\u00eatre exerc\u00e9es \u00e0 titre exclusif (ou sous r\u00e9serve d'une comptabilit\u00e9 s\u00e9par\u00e9e pour lespersonnes morales dispens\u00e9es de cette condition), ces activit\u00e9s ouvrent droit au b\u00e9n\u00e9fice desdispositions des articles L. 7233-2 du code du travail et L.241-10 du code de la s\u00e9curit\u00e9 sociale dans lesconditions pr\u00e9vues par ces articles.Les effets de la d\u00e9claration courent \u00e0 compter du jour du d\u00e9p\u00f4t de la d\u00e9claration sous r\u00e9serve desdispositions de l'article R.7232-18 du code du travail. Le pr\u00e9sent r\u00e9c\u00e9piss\u00e9 n'est pas limit\u00e9 dans letemps. La d\u00e9claration a une port\u00e9e nationale.Le cas \u00e9ch\u00e9ant:En application des articles L.7232-1 et R.7232-1 \u00e0 R.7232-15, les activit\u00e9s n\u00e9cessitant un agr\u00e9ment (Ide l'article D.7231-1 du code du travail) n'ouvrent droit \u00e0 ces dispositions que si l'organisme apr\u00e9alablement obtenu l'agr\u00e9ment ou le renouvellement de cet agr\u00e9ment dans le ou lesd\u00e9partement(s) d'exercice de ses activit\u00e9s.De m\u00eame, en application de l'article D.312-6-2 du code de l'action sociale et des familles, les activit\u00e9sn\u00e9cessitant une autorisation n'ouvrent droit \u00e0 ces dispositions que si l'organisme a pr\u00e9alablementobtenu l'autorisation ou le renouvellement de cette autorisation.L'enregistrement de la d\u00e9claration peut \u00eatre retir\u00e9 dans les conditions fix\u00e9es aux articles R.7232-20 \u00e0 R.7232-22 du code du travail.Le pr\u00e9sent r\u00e9c\u00e9piss\u00e9 sera publi\u00e9 au recueil des actes administratifs de la pr\u00e9fecture.Le pr\u00e9sent r\u00e9c\u00e9piss\u00e9 peut, \u00e0 compter de sa notification, faire l'objet d'un recours gracieux aupr\u00e8sservice instructeur de |' Ain ou d'un recours hi\u00e9rarchique adress\u00e9 au ministre charg\u00e9 de l'\u00e9conomie -Direction g\u00e9n\u00e9rale des entreprises \u2014 sous-direction des services marchands, 61 Boulevard VincentAuriol, 75703 PARIS CEDEX 13.Il peut \u00e9galement faire l'objet d'un recours contentieux dans un d\u00e9lai de deux mois \u00e0 compter de sanotification aupr\u00e8s du tribunal administratif Lyon.Le tribunal administratif peut aussi \u00eatre saisi par l'application informatique \u00ab T\u00e9l\u00e9recours citoyen \u00bbaccessible sur le site internet http://www.telerecours.fr/\n \n01_DDETS_Direction d\u00e9partementale de l'emploi, du travail et des solidarit\u00e9s de l'Ain - 01-2025-11-07-00003 - R\u00e9c\u00e9piss\u00e9 de d\u00e9claration\nd'un organisme de services \u00e0 la personne\nenregistr\u00e9 sous le N\u00b0 SAP942681743\nVESTA & PENATES\n20\nEn cas de rejet du recours gracieux ou hi\u00e9rarchique ou en l'absence de r\u00e9ponse \u00e0 ce recours (rejetimplicite), un recours contentieux devant le tribunal administratif Lyon peut \u00e9galement \u00eatre form\u00e9contre la d\u00e9cision initiale dans un d\u00e9lai de deux mois \u00e0 compter de ce rejet.\nFait \u00e0 Bourg-en-Bresse, le 07/11/2025Pour la pr\u00e9f\u00e8te et par d\u00e9l\u00e9gation du directeurd\u00e9partemental de l'emploi, du travail et dessolidarit\u00e9s de l'AinLa responsable du service Insertion professionnelleet EmploiNolwenn DUBAND-GEORGELIN\n01_DDETS_Direction d\u00e9partementale de l'emploi, du travail et des solidarit\u00e9s de l'Ain - 01-2025-11-07-00003 - R\u00e9c\u00e9piss\u00e9 de d\u00e9claration\nd'un organisme de services \u00e0 la personne\nenregistr\u00e9 sous le N\u00b0 SAP942681743\nVESTA & PENATES\n21\n01_DDETS_Direction d\u00e9partementale de\nl'emploi, du travail et des solidarit\u00e9s de l'Ain\n01-2025-11-12-00003\nR\u00e9c\u00e9piss\u00e9 de d\u00e9claration\nd'un organisme de services \u00e0 la personne\nenregistr\u00e9 sous le N\u00b0 SAP978855419\nKarene GRESSET (HUGUET) (COUTURE\nKARELYNE)\n01_DDETS_Direction d\u00e9partementale de l'emploi, du travail et des solidarit\u00e9s de l'Ain - 01-2025-11-12-00003 - R\u00e9c\u00e9piss\u00e9 de d\u00e9claration\nd'un organisme de services \u00e0 la personne\nenregistr\u00e9 sous le N\u00b0 SAP978855419\nKarene GRESSET (HUGUET) (COUTURE KARELYNE)\n22\nPREFETE Direction d\u00e9partementale de l'emploi, du travail et desDE L'AIN solidarit\u00e9sLibert\u00e9Egalit\u00e9Fraternit\u00e9\nR\u00e9c\u00e9piss\u00e9 de d\u00e9clarationd'un organisme de services \u00e0 la personneenregistr\u00e9 sous le N\u00b0 SAP978855419\nVu le code du travail et notamment les articles L.7231-1 \u00e0 L.7233-2, R.7232-16 \u00e0 R.7232-22, D.7231-1 etD.7233-1 \u00e0 D.7233-5;\nVu la demande de d\u00e9claration d\u00e9pos\u00e9e par l'organisme chiffon'net01, 54 rue Le Bourg 01340JAYAT, le 27/10/2025 ;\nLa pr\u00e9f\u00e8te de l'AinConstate :Qu'une d\u00e9claration d'activit\u00e9s de services \u00e0 la personne a \u00e9t\u00e9 d\u00e9pos\u00e9e aupr\u00e8s du service instructeurde l'Ain, le 27/10/2025 par Mme. Gresset Karene en qualit\u00e9 de dirigeante, pour l'organismechiffon'net01 dont l'\u00e9tablissement principal est situ\u00e9 54 rue Le Bourg 01340 JAYAT et enregistr\u00e9 sousle N\u00b0 SAP978855419 pour les activit\u00e9s suivantes :\u00a2 Entretien de la maison et travaux m\u00e9nagers (mode d'intervention Prestataire)Toute modification concernant les activit\u00e9s exerc\u00e9es devra faire l'objet d'une d\u00e9claration modificativepr\u00e9alable.Sous r\u00e9serve d'\u00eatre exerc\u00e9es \u00e0 titre exclusif (ou sous r\u00e9serve d'une comptabilit\u00e9 s\u00e9par\u00e9e pour lespersonnes morales dispens\u00e9es de cette condition), ces activit\u00e9s ouvrent droit au b\u00e9n\u00e9fice desdispositions des articles L. 7233-2 du code du travail et L.241-10 du code de la s\u00e9curit\u00e9 sociale dans lesconditions pr\u00e9vues par ces articles.Les effets de la d\u00e9claration courent \u00e0 compter du jour du d\u00e9p\u00f4t de la d\u00e9claration sous r\u00e9serve desdispositions de l'article R.7232-18 du code du travail. Le pr\u00e9sent r\u00e9c\u00e9piss\u00e9 n'est pas limit\u00e9 dans letemps. La d\u00e9claration a une port\u00e9e nationale.Le cas \u00e9ch\u00e9ant:En application des articles L.7232-1 et R.7232-1 \u00e0 R.7232-15, les activit\u00e9s n\u00e9cessitant un agr\u00e9ment (Ide l'article D.7231-1 du code du travail) n'ouvrent droit \u00e0 ces dispositions que si l'organisme apr\u00e9alablement obtenu l'agr\u00e9ment ou le renouvellement de cet agr\u00e9ment dans le ou lesd\u00e9partement(s) d'exercice de ses activit\u00e9s.De m\u00eame, en application de l'article D.312-6-2 du code de l'action sociale et des familles, les activit\u00e9sn\u00e9cessitant une autorisation n'ouvrent droit \u00e0 ces dispositions que si l'organisme a pr\u00e9alablementobtenu l'autorisation ou le renouvellement de cette autorisation.L'enregistrement de la d\u00e9claration peut \u00eatre retir\u00e9 dans les conditions fix\u00e9es aux articles R.7232-20 \u00e0 R.7232-22 du code du travail.Le pr\u00e9sent r\u00e9c\u00e9piss\u00e9 sera publi\u00e9 au recueil des actes administratifs de la pr\u00e9fecture.Le pr\u00e9sent r\u00e9c\u00e9piss\u00e9 peut, \u00e0 compter de sa notification, faire l'objet d'un recours gracieux aupr\u00e8sservice instructeur de |' Ain ou d'un recours hi\u00e9rarchique adress\u00e9 au ministre charg\u00e9 de l'\u00e9conomie -Direction g\u00e9n\u00e9rale des entreprises \u2014 sous-direction des services marchands, 61 Boulevard VincentAuriol, 75703 PARIS CEDEX 13.Il peut \u00e9galement faire l'objet d'un recours contentieux dans un d\u00e9lai de deux mois \u00e0 compter de sanotification aupr\u00e8s du tribunal administratif Lyon.Le tribunal administratif peut aussi \u00eatre saisi par l'application informatique \u00ab T\u00e9l\u00e9recours citoyen \u00bbaccessible sur le site internet http://www.telerecours.fr/\n \n01_DDETS_Direction d\u00e9partementale de l'emploi, du travail et des solidarit\u00e9s de l'Ain - 01-2025-11-12-00003 - R\u00e9c\u00e9piss\u00e9 de d\u00e9claration\nd'un organisme de services \u00e0 la personne\nenregistr\u00e9 sous le N\u00b0 SAP978855419\nKarene GRESSET (HUGUET) (COUTURE KARELYNE)\n23\nEn cas de rejet du recours gracieux ou hi\u00e9rarchique ou en l'absence de r\u00e9ponse a ce recours (rejetimplicite), Un recours contentieux devant le tribunal administratif Lyon peut \u00e9galement \u00eatre form\u00e9contre la d\u00e9cision initiale dans un d\u00e9lai de deux mois \u00e0 compter de ce rejet.\nFait \u00e0 Bourg-en-Bresse, le 12/11/2025Pour la pr\u00e9f\u00e8te et par d\u00e9l\u00e9gation du directeurd\u00e9partemental de l'emploi, du travail et dessolidarit\u00e9s de l'AinLa responsable du service Insertion professionnelleet EmploiNolwenn DUBAND-GEORGELIN\n01_DDETS_Direction d\u00e9partementale de l'emploi, du travail et des solidarit\u00e9s de l'Ain - 01-2025-11-12-00003 - R\u00e9c\u00e9piss\u00e9 de d\u00e9claration\nd'un organisme de services \u00e0 la personne\nenregistr\u00e9 sous le N\u00b0 SAP978855419\nKarene GRESSET (HUGUET) (COUTURE KARELYNE)\n24\n01_DDETS_Direction d\u00e9partementale de\nl'emploi, du travail et des solidarit\u00e9s de l'Ain\n01-2025-10-30-00002\nR\u00e9c\u00e9piss\u00e9 de d\u00e9claration\nd'un organisme de services \u00e0 la personne\nenregistr\u00e9 sous le N\u00b0 SAP990761306\nGaelle BARATAY (COEUR A COEUR SERVICES)\n01_DDETS_Direction d\u00e9partementale de l'emploi, du travail et des solidarit\u00e9s de l'Ain - 01-2025-10-30-00002 - R\u00e9c\u00e9piss\u00e9 de\nd\u00e9claration\nd'un organisme de services \u00e0 la personne\nenregistr\u00e9 sous le N\u00b0 SAP990761306\nGaelle BARATAY (COEUR A COEUR SERVICES)\n25\nPREFETE Direction d\u00e9partementale de l'emploi, du travail et desDE L'AIN solidarit\u00e9sLibert\u00e9\u00c9galit\u00e9Fraternit\u00e9\nR\u00e9c\u00e9piss\u00e9 de d\u00e9clarationd'un organisme de services \u00e0 la personneenregistr\u00e9 sous le N\u00b0 SAP990761306Vu le code du travail et notamment les articles L.7231-1 \u00e0 L.7233-2, R.7232-16 \u00e0 R.7232-22, D.7231-1 etD.7233-1 a D.7233-5;\nVu la demande de d\u00e9claration d\u00e9pos\u00e9e par l'organisme COEUR A COEUR SERVICES, 505 route deSoblay 01160 SAINT-MARTIN-DU-MONT, le 13/10/2025 ;\nLa pr\u00e9f\u00e8te de l'AinConstate :Qu'une d\u00e9claration d'activit\u00e9s de services \u00e0 la personne a \u00e9t\u00e9 d\u00e9pos\u00e9e aupr\u00e8s du service instructeurde l'Ain, le 13/10/2025 par Mme. Baratay Gaelle en qualit\u00e9 de dirigeante, pour l'organisme COEUR ACOEUR SERVICES dont l'\u00e9tablissement principal est situ\u00e9 505 route de Soblay 01160 SAINT-MARTIN-DU-MONT et enregistr\u00e9 sous le N\u00b0 SAP990761306 pour les activit\u00e9s suivantes :\u00a2 Entretien de la maison et travaux m\u00e9nagers (mode d'intervention Prestataire)* Pr\u00e9paration de repas a domicile (mode d'intervention Prestataire)\u00ab Assistance aux personnes ayant besoin d'une aide temporaire \u00e0 leur domicile (moded'intervention Prestataire)Toute modification concernant les activit\u00e9s exerc\u00e9es devra faire l'objet d'une d\u00e9claration modificativepr\u00e9alable.Sous r\u00e9serve d'\u00eatre exerc\u00e9es \u00e0 titre exclusif (ou sous r\u00e9serve d'une comptabilit\u00e9 s\u00e9par\u00e9e pour lespersonnes morales dispens\u00e9es de cette condition), ces activit\u00e9s ouvrent droit au b\u00e9n\u00e9fice desdispositions des articles L. 7233-2 du code du travail et L.241-10 du code de la s\u00e9curit\u00e9 sociale dans lesconditions pr\u00e9vues par ces articles.Les effets de la d\u00e9claration courent \u00e0 compter du jour du d\u00e9p\u00f4t de la d\u00e9claration sous r\u00e9serve desdispositions de l'article R.7232-18 du code du travail. Le pr\u00e9sent r\u00e9c\u00e9piss\u00e9 n'est pas limit\u00e9 dans letemps. La d\u00e9claration a une port\u00e9e nationale.Le cas \u00e9ch\u00e9ant :En application des articles L.7232-1 et R.7232-1 \u00e0 R.7232-15, les activit\u00e9s n\u00e9cessitant un agr\u00e9ment (Ide l'article D.7231-1 du code du travail) n'ouvrent droit \u00e0 ces dispositions que si l'organisme apr\u00e9alablement obtenu l'agr\u00e9ment ou le renouvellement de cet agr\u00e9ment dans le ou lesd\u00e9partement(s) d'exercice de ses activit\u00e9s.De m\u00eame, en application de l'article D.312-6-2 du code de l'action sociale et des familles, les activit\u00e9sn\u00e9cessitant une autorisation n'ouvrent droit \u00e0 ces dispositions que si l'organisme a pr\u00e9alablementobtenu l'autorisation ou le renouvellement de cette autorisation.L'enregistrement de la d\u00e9claration peut \u00eatre retir\u00e9 dans les conditions fix\u00e9es aux articles R.7232-20 \u00e0 R.7232-22 du code du travail.Le pr\u00e9sent r\u00e9c\u00e9piss\u00e9 sera publi\u00e9 au recueil des actes administratifs de la pr\u00e9fecture.Le pr\u00e9sent r\u00e9c\u00e9piss\u00e9 peut, \u00e0 compter de sa notification, faire l'objet d'un recours gracieux aupr\u00e8sservice instructeur de |' Ain ou d'un recours hi\u00e9rarchique adress\u00e9 au ministre charg\u00e9 de l'\u00e9conomie -Direction g\u00e9n\u00e9rale des entreprises \u2014 sous-direction des services marchands, 61 Boulevard VincentAuriol, 75703 PARIS CEDEX 13.Il peut \u00e9galement faire l'objet d'un recours contentieux dans un d\u00e9lai de deux mois \u00e0 compter de sanotification aupr\u00e8s du tribunal administratif Lyon.Le tribunal administratif peut aussi \u00eatre saisi par l'application informatique \u00ab T\u00e9l\u00e9recours citoyen \u00bbaccessible sur le site internet http://www.telerecours.fr/\n \n01_DDETS_Direction d\u00e9partementale de l'emploi, du travail et des solidarit\u00e9s de l'Ain - 01-2025-10-30-00002 - R\u00e9c\u00e9piss\u00e9 de\nd\u00e9claration\nd'un organisme de services \u00e0 la personne\nenregistr\u00e9 sous le N\u00b0 SAP990761306\nGaelle BARATAY (COEUR A COEUR SERVICES)\n26\nEn cas de rejet du recours gracieux ou hi\u00e9rarchique ou en l'absence de r\u00e9ponse a ce recours (rejetimplicite), un recours contentieux devant le tribunal administratif Lyon peut \u00e9galement \u00eatre form\u00e9contre la d\u00e9cision initiale dans un d\u00e9lai de deux mois \u00e0 compter de ce rejet.\nFait \u00e0 Bourg-en-Bresse, le 30/10/2025Pour la pr\u00e9f\u00e8te et par d\u00e9l\u00e9gation du directeurd\u00e9partemental de l'emploi, du travail et dessolidarit\u00e9s de l'AinLa responsable du service Insertion professionnelleet EmploiNolwenn DUBAND-GEORGELIN\n01_DDETS_Direction d\u00e9partementale de l'emploi, du travail et des solidarit\u00e9s de l'Ain - 01-2025-10-30-00002 - R\u00e9c\u00e9piss\u00e9 de\nd\u00e9claration\nd'un organisme de services \u00e0 la personne\nenregistr\u00e9 sous le N\u00b0 SAP990761306\nGaelle BARATAY (COEUR A COEUR SERVICES)\n27\n01_DDETS_Direction d\u00e9partementale de\nl'emploi, du travail et des solidarit\u00e9s de l'Ain\n01-2025-11-12-00007\nR\u00e9c\u00e9piss\u00e9 de d\u00e9claration\nd'un organisme de services \u00e0 la personne\nenregistr\u00e9 sous le N\u00b0 SAP992431148\nBADIN PAYSAGE \n01_DDETS_Direction d\u00e9partementale de l'emploi, du travail et des solidarit\u00e9s de l'Ain - 01-2025-11-12-00007 - R\u00e9c\u00e9piss\u00e9 de d\u00e9claration\nd'un organisme de services \u00e0 la personne\nenregistr\u00e9 sous le N\u00b0 SAP992431148\nBADIN PAYSAGE \n28\nPREFETE Direction d\u00e9partementale de l'emploi, du travail et desDE L'AIN solidarit\u00e9sLibert\u00e9Egalit\u00e9Fraternit\u00e9\nR\u00e9c\u00e9piss\u00e9 de d\u00e9clarationd'un organisme de services \u00e0 la personneenregistr\u00e9 sous le N\u00b0 SAP992431148\nVu le code du travail et notamment les articles L.7231-1 \u00e0 L.7233-2, R.7232-16 \u00e0 R.7232-22, D.7231-1 etD.7233-1 \u00e0 D.7233-5;\nVu la demande de d\u00e9claration d\u00e9pos\u00e9e par l'organisme BADIN PAYSAGE, 5 IMPASSE DECORCOCHET 01390 CIVRIEUX, le 26/10/2025 ;\nLa pr\u00e9f\u00e8te de l'AinConstate :Qu'une d\u00e9claration d'activit\u00e9s de services \u00e0 la personne a \u00e9t\u00e9 d\u00e9pos\u00e9e aupr\u00e8s du service instructeurde l'Ain, le 26/10/2025 par M. Badin Antoine en qualit\u00e9 de dirigeant, pour l'organisme BADIN PAYSAGEdont l'\u00e9tablissement principal est situ\u00e9 5 IMPASSE DE CORCOCHET 01390 CIVRIEUX et enregistr\u00e9 sousle N\u00b0 SAP992431148 pour les activit\u00e9s suivantes :\u00a2 Petits travaux de jardinage (mode d'intervention Prestataire)Toute modification concernant les activit\u00e9s exerc\u00e9es devra faire l'objet d'une d\u00e9claration modificativepr\u00e9alable.Sous r\u00e9serve d'\u00eatre exerc\u00e9es \u00e0 titre exclusif (ou sous r\u00e9serve d'une comptabilit\u00e9 s\u00e9par\u00e9e pour lespersonnes morales dispens\u00e9es de cette condition), ces activit\u00e9s ouvrent droit au b\u00e9n\u00e9fice desdispositions des articles L. 7233-2 du code du travail et L.241-10 du code de la s\u00e9curit\u00e9 sociale dans lesconditions pr\u00e9vues par ces articles.Les effets de la d\u00e9claration courent \u00e0 compter du jour du d\u00e9p\u00f4t de la d\u00e9claration sous r\u00e9serve desdispositions de l'article R.7232-18 du code du travail. Le pr\u00e9sent r\u00e9c\u00e9piss\u00e9 n'est pas limit\u00e9 dans letemps. La d\u00e9claration a une port\u00e9e nationale.Le cas \u00e9ch\u00e9ant:En application des articles L.7232-1 et R.7232-1 \u00e0 R.7232-15, les activit\u00e9s n\u00e9cessitant un agr\u00e9ment (Ide l'article D.7231-1 du code du travail) n'ouvrent droit \u00e0 ces dispositions que si l'organisme apr\u00e9alablement obtenu l'agr\u00e9ment ou le renouvellement de cet agr\u00e9ment dans le ou lesd\u00e9partement(s) d'exercice de ses activit\u00e9s.De m\u00eame, en application de l'article D.312-6-2 du code de l'action sociale et des familles, les activit\u00e9sn\u00e9cessitant une autorisation n'ouvrent droit \u00e0 ces dispositions que si l'organisme a pr\u00e9alablementobtenu l'autorisation ou le renouvellement de cette autorisation.L'enregistrement de la d\u00e9claration peut \u00eatre retir\u00e9 dans les conditions fix\u00e9es aux articles R.7232-20 \u00e0 R.7232-22 du code du travail.Le pr\u00e9sent r\u00e9c\u00e9piss\u00e9 sera publi\u00e9 au recueil des actes administratifs de la pr\u00e9fecture.Le pr\u00e9sent r\u00e9c\u00e9piss\u00e9 peut, \u00e0 compter de sa notification, faire l'objet d'un recours gracieux aupr\u00e8sservice instructeur de |' Ain ou d'un recours hi\u00e9rarchique adress\u00e9 au ministre charg\u00e9 de l'\u00e9conomie -Direction g\u00e9n\u00e9rale des entreprises \u2014 sous-direction des services marchands, 61 Boulevard VincentAuriol, 75703 PARIS CEDEX 13.Il peut \u00e9galement faire l'objet d'un recours contentieux dans un d\u00e9lai de deux mois \u00e0 compter de sanotification aupr\u00e8s du tribunal administratif Lyon.Le tribunal administratif peut aussi \u00eatre saisi par l'application informatique \u00ab T\u00e9l\u00e9recours citoyen \u00bbaccessible sur le site internet http://www.telerecours.fr/\n \n01_DDETS_Direction d\u00e9partementale de l'emploi, du travail et des solidarit\u00e9s de l'Ain - 01-2025-11-12-00007 - R\u00e9c\u00e9piss\u00e9 de d\u00e9claration\nd'un organisme de services \u00e0 la personne\nenregistr\u00e9 sous le N\u00b0 SAP992431148\nBADIN PAYSAGE \n29\nEn cas de rejet du recours gracieux ou hi\u00e9rarchique ou en l'absence de r\u00e9ponse a ce recours (rejetimplicite), Un recours contentieux devant le tribunal administratif Lyon peut \u00e9galement \u00eatre form\u00e9contre la d\u00e9cision initiale dans un d\u00e9lai de deux mois \u00e0 compter de ce rejet.\nFait \u00e0 Bourg-en-Bresse, le 12/11/2025Pour la pr\u00e9f\u00e8te et par d\u00e9l\u00e9gation du directeurd\u00e9partemental de l'emploi, du travail et dessolidarit\u00e9s de l'AinLa responsable du service Insertion professionnelleet EmploiNolwenn DUBAND-GEORGELIN\n01_DDETS_Direction d\u00e9partementale de l'emploi, du travail et des solidarit\u00e9s de l'Ain - 01-2025-11-12-00007 - R\u00e9c\u00e9piss\u00e9 de d\u00e9claration\nd'un organisme de services \u00e0 la personne\nenregistr\u00e9 sous le N\u00b0 SAP992431148\nBADIN PAYSAGE \n30\n01_DDETS_Direction d\u00e9partementale de\nl'emploi, du travail et des solidarit\u00e9s de l'Ain\n01-2025-11-12-00004\nR\u00e9c\u00e9piss\u00e9 de d\u00e9claration\nd'un organisme de services \u00e0 la personne\nenregistr\u00e9 sous le N\u00b0 SAP992478495\n Golofier Natacha\n01_DDETS_Direction d\u00e9partementale de l'emploi, du travail et des solidarit\u00e9s de l'Ain - 01-2025-11-12-00004 - R\u00e9c\u00e9piss\u00e9 de d\u00e9claration\nd'un organisme de services \u00e0 la personne\nenregistr\u00e9 sous le N\u00b0 SAP992478495\n Golofier Natacha\n31\nPREFETE Direction d\u00e9partementale de l'emploi, du travail et desDE L'AIN solidarit\u00e9sLibert\u00e9\u00c9galit\u00e9Fraternit\u00e9\nR\u00e9c\u00e9piss\u00e9 de d\u00e9clarationd'un organisme de services \u00e0 la personneenregistr\u00e9 sous le N\u00b0 SAP992478495\nVu le code du travail et notamment les articles L.7231-1 \u00e0 L.7233-2, R.7232-16 \u00e0 R.7232-22, D.7231-1 etD.7233-1 \u00e0 D.7233-5;\nVu la demande de d\u00e9claration d\u00e9pos\u00e9e par l'organisme Golofier Natacha, 2 ALLEE ALBERT CAMUS01200 VALSERHONE, le 21/10/2025 ;\nLa pr\u00e9f\u00e8te de l'AinConstate :Qu'une d\u00e9claration d'activit\u00e9s de services \u00e0 la personne a \u00e9t\u00e9 d\u00e9pos\u00e9e aupr\u00e8s du service instructeurde l'Ain, le 21/10/2025 par Mme. GOLOFIER NATACHA en qualit\u00e9 de dirigeante, pour l'organismeGolofier Natacha dont l'\u00e9tablissement principal est situ\u00e9 2 ALLEE ALBERT CAMUS 01200 VALSERHONEet enregistr\u00e9 sous le N\u00b0 SAP992478495 pour les activit\u00e9s suivantes :\u00a2\u00ab Soutien scolaire ou cours \u00e0 domicile (mode d'intervention Prestataire)\u00a2 Entretien de la maison et travaux m\u00e9nagers (mode d'intervention Prestataire)Toute modification concernant les activit\u00e9s exerc\u00e9es devra faire l'objet d'une d\u00e9claration modificativepr\u00e9alable.Sous r\u00e9serve d'\u00eatre exerc\u00e9es \u00e0 titre exclusif (ou sous r\u00e9serve d'une comptabilit\u00e9 s\u00e9par\u00e9e pour lespersonnes morales dispens\u00e9es de cette condition), ces activit\u00e9s ouvrent droit au b\u00e9n\u00e9fice desdispositions des articles L. 7233-2 du code du travail et L.241-10 du code de la s\u00e9curit\u00e9 sociale dans lesconditions pr\u00e9vues par ces articles.Les effets de la d\u00e9claration courent \u00e0 compter du jour du d\u00e9p\u00f4t de la d\u00e9claration sous r\u00e9serve desdispositions de l'article R.7232-18 du code du travail. Le pr\u00e9sent r\u00e9c\u00e9piss\u00e9 n'est pas limit\u00e9 dans letemps. La d\u00e9claration a une port\u00e9e nationale.Le cas \u00e9ch\u00e9ant:En application des articles L.7232-1 et R.7232-1 a R.7232-15, les activit\u00e9s n\u00e9cessitant un agr\u00e9ment (Ide l'article D.7231-1 du code du travail) n'ouvrent droit a ces dispositions que si l'organisme apr\u00e9alablement obtenu l'agr\u00e9ment ou le renouvellement de cet agr\u00e9ment dans le ou lesd\u00e9partement(s) d'exercice de ses activit\u00e9s.De m\u00eame, en application de l'article D.312-6-2 du code de l'action sociale et des familles, les activit\u00e9sn\u00e9cessitant une autorisation n'ouvrent droit \u00e0 ces dispositions que si l'organisme a pr\u00e9alablementobtenu l'autorisation ou le renouvellement de cette autorisation.L'enregistrement de la d\u00e9claration peut \u00eatre retir\u00e9 dans les conditions fix\u00e9es aux articles R.7232-20 \u00e0 R.7232-22 du code du travail.Le pr\u00e9sent r\u00e9c\u00e9piss\u00e9 sera publi\u00e9 au recueil des actes administratifs de la pr\u00e9fecture.Le pr\u00e9sent r\u00e9c\u00e9piss\u00e9 peut, \u00e0 compter de sa notification, faire l'objet d'un recours gracieux aupr\u00e8sservice instructeur de I' Ain ou d'un recours hi\u00e9rarchique adress\u00e9 au ministre charg\u00e9 de l'\u00e9conomie -Direction g\u00e9n\u00e9rale des entreprises \u2014 sous-direction des services marchands, 61 Boulevard VincentAuriol, 75703 PARIS CEDEX 13.Il peut \u00e9galement faire l'objet d'un recours contentieux dans un d\u00e9lai de deux mois \u00e0 compter de sanotification aupr\u00e8s du tribunal administratif Lyon.Le tribunal administratif peut aussi \u00eatre saisi par l'application informatique \u00ab T\u00e9l\u00e9recours citoyen \u00bbaccessible sur le site internet http://www.telerecours.fr/\n \n01_DDETS_Direction d\u00e9partementale de l'emploi, du travail et des solidarit\u00e9s de l'Ain - 01-2025-11-12-00004 - R\u00e9c\u00e9piss\u00e9 de d\u00e9claration\nd'un organisme de services \u00e0 la personne\nenregistr\u00e9 sous le N\u00b0 SAP992478495\n Golofier Natacha\n32\nEn cas de rejet du recours gracieux ou hi\u00e9rarchique ou en l'absence de r\u00e9ponse a ce recours (rejetimplicite), Un recours contentieux devant le tribunal administratif Lyon peut \u00e9galement \u00eatre form\u00e9contre la d\u00e9cision initiale dans un d\u00e9lai de deux mois \u00e0 compter de ce rejet.\nFait \u00e0 Bourg-en-Bresse, le 12/11/2025Pour la pr\u00e9f\u00e8te et par d\u00e9l\u00e9gation du directeurd\u00e9partemental de l'emploi, du travail et dessolidarit\u00e9s de l'AinLa responsable du service Insertion professionnelleet EmploiNolwenn DUBAND-GEORGELIN\n01_DDETS_Direction d\u00e9partementale de l'emploi, du travail et des solidarit\u00e9s de l'Ain - 01-2025-11-12-00004 - R\u00e9c\u00e9piss\u00e9 de d\u00e9claration\nd'un organisme de services \u00e0 la personne\nenregistr\u00e9 sous le N\u00b0 SAP992478495\n Golofier Natacha\n33\n01_DDETS_Direction d\u00e9partementale de\nl'emploi, du travail et des solidarit\u00e9s de l'Ain\n01-2025-11-07-00002\nR\u00e9c\u00e9piss\u00e9 de d\u00e9claration\nd'un organisme de services \u00e0 la personne\nenregistr\u00e9 sous le N\u00b0 SAP992479162\n Vincenzo VINCENZO\n01_DDETS_Direction d\u00e9partementale de l'emploi, du travail et des solidarit\u00e9s de l'Ain - 01-2025-11-07-00002 - R\u00e9c\u00e9piss\u00e9 de d\u00e9claration\nd'un organisme de services \u00e0 la personne\nenregistr\u00e9 sous le N\u00b0 SAP992479162\n Vincenzo VINCENZO\n34\nPREFETE Direction d\u00e9partementale de l'emploi, du travail et desDE L'AIN solidarit\u00e9sLibert\u00e9Egalit\u00e9Fraternit\u00e9\nR\u00e9c\u00e9piss\u00e9 de d\u00e9clarationd'un organisme de services \u00e0 la personneenregistr\u00e9 sous le N\u00b0 SAP992479162\nVu le code du travail et notamment les articles L.7231-1 \u00e0 L.7233-2, R.7232-16 \u00e0 R.7232-22, D.7231-1 etD.7233-1 \u00e0 D.7233-5;\nVu la demande de d\u00e9claration d\u00e9pos\u00e9e par l'organisme Ferrara Vincenzo, 84 ROUTE DE LYON01960 SERVAS, le 14/10/2025 ;\nLa pr\u00e9f\u00e8te de l'AinConstate :Qu'une d\u00e9claration d'activit\u00e9s de services \u00e0 la personne a \u00e9t\u00e9 d\u00e9pos\u00e9e aupr\u00e8s du service instructeurde l'Ain, le 14/10/2025 par M. VINCENZO VINCENZO en qualit\u00e9 de dirigeant, pour l'organisme FerraraVincenzo dont l'\u00e9tablissement principal est situ\u00e9 84 ROUTE DE LYON 01960 SERVAS et enregistr\u00e9 sousle N\u00b0 SAP992479162 pour les activit\u00e9s suivantes :\u00a2\u00ab Garde d'enfants de plus de 3 ans \u00e0 domicile (mode d'intervention Prestataire)\u00a2 Entretien de la maison et travaux m\u00e9nagers (mode d'intervention Prestataire)Toute modification concernant les activit\u00e9s exerc\u00e9es devra faire l'objet d'une d\u00e9claration modificativepr\u00e9alable.Sous r\u00e9serve d'\u00eatre exerc\u00e9es \u00e0 titre exclusif (ou sous r\u00e9serve d'une comptabilit\u00e9 s\u00e9par\u00e9e pour lespersonnes morales dispens\u00e9es de cette condition), ces activit\u00e9s ouvrent droit au b\u00e9n\u00e9fice desdispositions des articles L. 7233-2 du code du travail et L.241-10 du code de la s\u00e9curit\u00e9 sociale dans lesconditions pr\u00e9vues par ces articles.Les effets de la d\u00e9claration courent \u00e0 compter du jour du d\u00e9p\u00f4t de la d\u00e9claration sous r\u00e9serve desdispositions de l'article R.7232-18 du code du travail. Le pr\u00e9sent r\u00e9c\u00e9piss\u00e9 n'est pas limit\u00e9 dans letemps. La d\u00e9claration a une port\u00e9e nationale.Le cas \u00e9ch\u00e9ant:En application des articles L.7232-1 et R.7232-1 \u00e0 R.7232-15, les activit\u00e9s n\u00e9cessitant un agr\u00e9ment (Ide l'article D.7231-1 du code du travail) n'ouvrent droit \u00e0 ces dispositions que si l'organisme apr\u00e9alablement obtenu l'agr\u00e9ment ou le renouvellement de cet agr\u00e9ment dans le ou lesd\u00e9partement(s) d'exercice de ses activit\u00e9s.De m\u00eame, en application de l'article D.312-6-2 du code de l'action sociale et des familles, les activit\u00e9sn\u00e9cessitant une autorisation n'ouvrent droit \u00e0 ces dispositions que si l'organisme a pr\u00e9alablementobtenu l'autorisation ou le renouvellement de cette autorisation.L'enregistrement de la d\u00e9claration peut \u00eatre retir\u00e9 dans les conditions fix\u00e9es aux articles R.7232-20 \u00e0 R.7232-22 du code du travail.Le pr\u00e9sent r\u00e9c\u00e9piss\u00e9 sera publi\u00e9 au recueil des actes administratifs de la pr\u00e9fecture.Le pr\u00e9sent r\u00e9c\u00e9piss\u00e9 peut, \u00e0 compter de sa notification, faire l'objet d'un recours gracieux aupr\u00e8sservice instructeur de I' Ain ou d'un recours hi\u00e9rarchique adress\u00e9 au ministre charg\u00e9 de l'\u00e9conomie -Direction g\u00e9n\u00e9rale des entreprises \u2014 sous-direction des services marchands, 61 Boulevard VincentAuriol, 75703 PARIS CEDEX 13.Il peut \u00e9galement faire l'objet d'un recours contentieux dans un d\u00e9lai de deux mois \u00e0 compter de sanotification aupr\u00e8s du tribunal administratif Lyon.Le tribunal administratif peut aussi \u00eatre saisi par l'application informatique \u00ab T\u00e9l\u00e9recours citoyen \u00bbaccessible sur le site internet http://www.telerecours.fr/\n \n01_DDETS_Direction d\u00e9partementale de l'emploi, du travail et des solidarit\u00e9s de l'Ain - 01-2025-11-07-00002 - R\u00e9c\u00e9piss\u00e9 de d\u00e9claration\nd'un organisme de services \u00e0 la personne\nenregistr\u00e9 sous le N\u00b0 SAP992479162\n Vincenzo VINCENZO\n35\nEn cas de rejet du recours gracieux ou hi\u00e9rarchique ou en l'absence de r\u00e9ponse a ce recours (rejetimplicite), Un recours contentieux devant le tribunal administratif Lyon peut \u00e9galement \u00eatre form\u00e9contre la d\u00e9cision initiale dans un d\u00e9lai de deux mois \u00e0 compter de ce rejet.\nFait \u00e0 Bourg-en-Bresse, le 07/11/2025Pour la pr\u00e9f\u00e8te et par d\u00e9l\u00e9gation du directeurd\u00e9partemental de l'emploi, du travail et dessolidarit\u00e9s de l'AinLa responsable du service Insertion professionnelleet EmploiNolwenn DUBAND-GEORGELIN\n01_DDETS_Direction d\u00e9partementale de l'emploi, du travail et des solidarit\u00e9s de l'Ain - 01-2025-11-07-00002 - R\u00e9c\u00e9piss\u00e9 de d\u00e9claration\nd'un organisme de services \u00e0 la personne\nenregistr\u00e9 sous le N\u00b0 SAP992479162\n Vincenzo VINCENZO\n36\n01_DDETS_Direction d\u00e9partementale de\nl'emploi, du travail et des solidarit\u00e9s de l'Ain\n01-2025-11-12-00005\nR\u00e9c\u00e9piss\u00e9 de d\u00e9claration\nd'un organisme de services \u00e0 la personne\nenregistr\u00e9 sous le N\u00b0 SAP992980045\nFlora GUINGAND (NET&VA)\n01_DDETS_Direction d\u00e9partementale de l'emploi, du travail et des solidarit\u00e9s de l'Ain - 01-2025-11-12-00005 - R\u00e9c\u00e9piss\u00e9 de d\u00e9claration\nd'un organisme de services \u00e0 la personne\nenregistr\u00e9 sous le N\u00b0 SAP992980045\nFlora GUINGAND (NET&VA)\n37\nPREFETE Direction d\u00e9partementale de l'emploi, du travail et desDE L'AIN solidarit\u00e9sLibert\u00e9\u00c9galit\u00e9Fraternit\u00e9\nR\u00e9c\u00e9piss\u00e9 de d\u00e9clarationd'un organisme de services \u00e0 la personneenregistr\u00e9 sous le N\u00b0 SAP992980045\nVu le code du travail et notamment les articles L.7231-1 \u00e0 L.7233-2, R.7232-16 \u00e0 R.7232-22, D.7231-1 etD.7233-1 \u00e0 D.7233-5;\nVu la demande de d\u00e9claration d\u00e9pos\u00e9e par l'organisme Net&va, 8 Clo Du Tilleul 01270 Domsure,le 26/10/2025;\nLa pr\u00e9f\u00e8te de l'AinConstate :Qu'une d\u00e9claration d'activit\u00e9s de services \u00e0 la personne a \u00e9t\u00e9 d\u00e9pos\u00e9e aupr\u00e8s du service instructeurde l'Ain, le 26/10/2025 par Mme. Guingand Flora en qualit\u00e9 de dirigeante, pour l'organisme Net&vadont l'\u00e9tablissement principal est situ\u00e9 8 Clo Du Tilleul 01270 Domsure et enregistr\u00e9 sous le N\u00b0SAP992980045 pour les activit\u00e9s suivantes :\u00a2 Entretien de la maison et travaux m\u00e9nagers (mode d'intervention Prestataire)\u00a2 Livraison de repas \u00e0 domicile (mode d'intervention Prestataire)\u00a2 Collecte et livraison \u00e0 domicile de linge repass\u00e9 (mode d'intervention Prestataire)\u00a2 Livraison de courses \u00e0 domicile (mode d'intervention Prestataire)\u00ab Assistance informatique a domicile (mode d'intervention Prestataire)\u00ab Assistance administrative a domicile (mode d'intervention Prestataire)\u00ab Accompagnement des personnes pr\u00e9sentant une invalidit\u00e9 temporaire (mode d'interventionPrestataire)\u00ab Assistance aux personnes ayant besoin d'une aide temporaire \u00e0 leur domicile (moded'intervention Prestataire)Toute modification concernant les activit\u00e9s exerc\u00e9es devra faire l'objet d'une d\u00e9claration modificativepr\u00e9alable.Sous r\u00e9serve d'\u00eatre exerc\u00e9es \u00e0 titre exclusif (ou sous r\u00e9serve d'une comptabilit\u00e9 s\u00e9par\u00e9e pour lespersonnes morales dispens\u00e9es de cette condition), ces activit\u00e9s ouvrent droit au b\u00e9n\u00e9fice desdispositions des articles L. 7233-2 du code du travail et L.241-10 du code de la s\u00e9curit\u00e9 sociale dans lesconditions pr\u00e9vues par ces articles.Les effets de la d\u00e9claration courent \u00e0 compter du jour du d\u00e9p\u00f4t de la d\u00e9claration sous r\u00e9serve desdispositions de l'article R.7232-18 du code du travail. Le pr\u00e9sent r\u00e9c\u00e9piss\u00e9 n'est pas limit\u00e9 dans letemps. La d\u00e9claration a une port\u00e9e nationale.Le cas \u00e9ch\u00e9ant :En application des articles L.7232-1 et R.7232-1 \u00e0 R.7232-15, les activit\u00e9s n\u00e9cessitant un agr\u00e9ment (Ide l'article D.7231-1 du code du travail) n'ouvrent droit \u00e0 ces dispositions que si l'organisme apr\u00e9alablement obtenu l'agr\u00e9ment ou le renouvellement de cet agr\u00e9ment dans le ou lesd\u00e9partement(s) d'exercice de ses activit\u00e9s.De m\u00eame, en application de l'article D.312-6-2 du code de l'action sociale et des familles, les activit\u00e9sn\u00e9cessitant une autorisation n'ouvrent droit \u00e0 ces dispositions que si l'organisme a pr\u00e9alablementobtenu l'autorisation ou le renouvellement de cette autorisation.L'enregistrement de la d\u00e9claration peut \u00eatre retir\u00e9 dans les conditions fix\u00e9es aux articles R.7232-20 \u00e0 R.7232-22 du code du travail.Le pr\u00e9sent r\u00e9c\u00e9piss\u00e9 sera publi\u00e9 au recueil des actes administratifs de la pr\u00e9fecture.Le pr\u00e9sent r\u00e9c\u00e9piss\u00e9 peut, \u00e0 compter de sa notification, faire l'objet d'un recours gracieux aupr\u00e8sservice instructeur de |' Ain ou d'un recours hi\u00e9rarchique adress\u00e9 au ministre charg\u00e9 de l'\u00e9conomie -\n \n01_DDETS_Direction d\u00e9partementale de l'emploi, du travail et des solidarit\u00e9s de l'Ain - 01-2025-11-12-00005 - R\u00e9c\u00e9piss\u00e9 de d\u00e9claration\nd'un organisme de services \u00e0 la personne\nenregistr\u00e9 sous le N\u00b0 SAP992980045\nFlora GUINGAND (NET&VA)\n38\nDirection g\u00e9n\u00e9rale des entreprises \u2014 sous-direction des services marchands, 61 Boulevard VincentAuriol, 75703 PARIS CEDEX 13.Il peut \u00e9galement faire l'objet d'un recours contentieux dans un d\u00e9lai de deux mois \u00e0 compter de sanotification aupr\u00e8s du tribunal administratif Lyon.Le tribunal administratif peut aussi \u00eatre saisi par l'application informatique \u00ab T\u00e9l\u00e9recours citoyen \u00bbaccessible sur le site internet http://www.telerecours.fr/En cas de rejet du recours gracieux ou hi\u00e9rarchique ou en l'absence de r\u00e9ponse \u00e0 ce recours (rejetimplicite), Un recours contentieux devant le tribunal administratif Lyon peut \u00e9galement \u00eatre form\u00e9contre la d\u00e9cision initiale dans un d\u00e9lai de deux mois \u00e0 compter de ce rejet.\nFait \u00e0 Bourg-en-Bresse, le 12/11/2025Pour la pr\u00e9f\u00e8te et par d\u00e9l\u00e9gation du directeurd\u00e9partemental de l'emploi, du travail et dessolidarit\u00e9s de l'AinLa responsable du service Insertion professionnelleet EmploiNolwenn DUBAND-GEORGELIN\n01_DDETS_Direction d\u00e9partementale de l'emploi, du travail et des solidarit\u00e9s de l'Ain - 01-2025-11-12-00005 - R\u00e9c\u00e9piss\u00e9 de d\u00e9claration\nd'un organisme de services \u00e0 la personne\nenregistr\u00e9 sous le N\u00b0 SAP992980045\nFlora GUINGAND (NET&VA)\n39\n01_DDETS_Direction d\u00e9partementale de\nl'emploi, du travail et des solidarit\u00e9s de l'Ain\n01-2025-11-12-00002\nR\u00e9c\u00e9piss\u00e9 de d\u00e9claration\nd'un organisme de services \u00e0 la personne\nenregistr\u00e9 sous le N\u00b0 SAP993039700\nSofia OUAZZANI (RESTANI) (SO'NETTOIE)\n01_DDETS_Direction d\u00e9partementale de l'emploi, du travail et des solidarit\u00e9s de l'Ain - 01-2025-11-12-00002 - R\u00e9c\u00e9piss\u00e9 de d\u00e9claration\nd'un organisme de services \u00e0 la personne\nenregistr\u00e9 sous le N\u00b0 SAP993039700\nSofia OUAZZANI (RESTANI) (SO'NETTOIE)\n40\nPREFETE Direction d\u00e9partementale de |'emploi, du travail et desDE L'AIN solidarit\u00e9sLibert\u00e9Egalit\u00e9Fraternit\u00e9\nR\u00e9c\u00e9piss\u00e9 de d\u00e9clarationd'un organisme de services \u00e0 la personneenregistr\u00e9 sous le N\u00b0 SAP993039700\nVu le code du travail et notamment les articles L.7231-1 \u00e0 L.7233-2, R.7232-16 \u00e0 R.7232-22, D.7231-1 etD.7233-1 \u00e0 D.7233-5;\nVu la demande de d\u00e9claration d\u00e9pos\u00e9e par l'organisme So'nettoie, 4 Impasse De la Marbuire01380 B\u00e2g\u00e9-le-Ch\u00e2tel, le 24/10/2025 ;\nLa pr\u00e9f\u00e8te de l'AinConstate :Qu'une d\u00e9claration d'activit\u00e9s de services \u00e0 la personne a \u00e9t\u00e9 d\u00e9pos\u00e9e aupr\u00e8s du service instructeurde l'Ain, le 24/10/2025 par Mme. Ouazzani Sofia en qualit\u00e9 de dirigeante, pour l'organisme So'nettoiedont l'\u00e9tablissement principal est situ\u00e9 4 Impasse De la Marbuire 01380 B\u00e2g\u00e9-le-Ch\u00e2tel et enregistr\u00e9sous le N\u00b0 SAP993039700 pour les activit\u00e9s suivantes :\u00a2 Entretien de la maison et travaux m\u00e9nagers (mode d'intervention Prestataire)Toute modification concernant les activit\u00e9s exerc\u00e9es devra faire l'objet d'une d\u00e9claration modificativepr\u00e9alable.Sous r\u00e9serve d'\u00eatre exerc\u00e9es \u00e0 titre exclusif (ou sous r\u00e9serve d'une comptabilit\u00e9 s\u00e9par\u00e9e pour lespersonnes morales dispens\u00e9es de cette condition), ces activit\u00e9s ouvrent droit au b\u00e9n\u00e9fice desdispositions des articles L. 7233-2 du code du travail et L.241-10 du code de la s\u00e9curit\u00e9 sociale dans lesconditions pr\u00e9vues par ces articles.Les effets de la d\u00e9claration courent \u00e0 compter du jour du d\u00e9p\u00f4t de la d\u00e9claration sous r\u00e9serve desdispositions de l'article R.7232-18 du code du travail. Le pr\u00e9sent r\u00e9c\u00e9piss\u00e9 n'est pas limit\u00e9 dans letemps. La d\u00e9claration a une port\u00e9e nationale.Le cas \u00e9ch\u00e9ant:En application des articles L.7232-1 et R.7232-1 \u00e0 R.7232-15, les activit\u00e9s n\u00e9cessitant un agr\u00e9ment (Ide l'article D.7231-1 du code du travail) n'ouvrent droit \u00e0 ces dispositions que si l'organisme apr\u00e9alablement obtenu l'agr\u00e9ment ou le renouvellement de cet agr\u00e9ment dans le ou lesd\u00e9partement(s) d'exercice de ses activit\u00e9s.De m\u00eame, en application de l'article D.312-6-2 du code de l'action sociale et des familles, les activit\u00e9sn\u00e9cessitant une autorisation n'ouvrent droit \u00e0 ces dispositions que si l'organisme a pr\u00e9alablementobtenu l'autorisation ou le renouvellement de cette autorisation.L'enregistrement de la d\u00e9claration peut \u00eatre retir\u00e9 dans les conditions fix\u00e9es aux articles R.7232-20 \u00e0 R.7232-22 du code du travail.Le pr\u00e9sent r\u00e9c\u00e9piss\u00e9 sera publi\u00e9 au recueil des actes administratifs de la pr\u00e9fecture.Le pr\u00e9sent r\u00e9c\u00e9piss\u00e9 peut, \u00e0 compter de sa notification, faire l'objet d'un recours gracieux aupr\u00e8sservice instructeur de |' Ain ou d'un recours hi\u00e9rarchique adress\u00e9 au ministre charg\u00e9 de l'\u00e9conomie -Direction g\u00e9n\u00e9rale des entreprises \u2014 sous-direction des services marchands, 61 Boulevard VincentAuriol, 75703 PARIS CEDEX 13.Il peut \u00e9galement faire l'objet d'un recours contentieux dans un d\u00e9lai de deux mois \u00e0 compter de sanotification aupr\u00e8s du tribunal administratif Lyon.Le tribunal administratif peut aussi \u00eatre saisi par l'application informatique \u00ab T\u00e9l\u00e9recours citoyen \u00bbaccessible sur le site internet http://www.telerecours.fr/\n \n01_DDETS_Direction d\u00e9partementale de l'emploi, du travail et des solidarit\u00e9s de l'Ain - 01-2025-11-12-00002 - R\u00e9c\u00e9piss\u00e9 de d\u00e9claration\nd'un organisme de services \u00e0 la personne\nenregistr\u00e9 sous le N\u00b0 SAP993039700\nSofia OUAZZANI (RESTANI) (SO'NETTOIE)\n41\nEn cas de rejet du recours gracieux ou hi\u00e9rarchique ou en l'absence de r\u00e9ponse a ce recours (rejetimplicite), un recours contentieux devant le tribunal administratif Lyon peut \u00e9galement \u00eatre form\u00e9contre la d\u00e9cision initiale dans un d\u00e9lai de deux mois \u00e0 compter de ce rejet.\nFait \u00e0 Bourg-en-Bresse, le 12/11/2025Pour la pr\u00e9f\u00e8te et par d\u00e9l\u00e9gation du directeurd\u00e9partemental de l'emploi, du travail et dessolidarit\u00e9s de l'AinLa responsable du service Insertion professionnelleet EmploiNolwenn DUBAND-GEORGELIN\n01_DDETS_Direction d\u00e9partementale de l'emploi, du travail et des solidarit\u00e9s de l'Ain - 01-2025-11-12-00002 - R\u00e9c\u00e9piss\u00e9 de d\u00e9claration\nd'un organisme de services \u00e0 la personne\nenregistr\u00e9 sous le N\u00b0 SAP993039700\nSofia OUAZZANI (RESTANI) (SO'NETTOIE)\n42\n01_DDT_Direction d\u00e9partementale des\nterritoires de l'Ain\n01-2025-11-13-00004\n2025ArreteAttribSubFondsVertRehabFuransCha\nzeyBonsCcbsRaa\n01_DDT_Direction d\u00e9partementale des territoires de l'Ain - 01-2025-11-13-00004 -\n2025ArreteAttribSubFondsVertRehabFuransChazeyBonsCcbsRaa 43\nE 3PREFETEDE LAIN JERTLibert\u00e9 HE Boe Se\u00c9galit\u00e9 Agir - Mobiliser + Acc\u00e9l\u00e9rerFraternit\u00e9\nLE FONDS VERT. pour l'acc\u00e9l\u00e9ration=: de la transition=: \u00e9cologique dans:: les territoires\nARR\u00caT\u00c9 PORTANT ATTRIBUTION D'UNE SUBVENTION\nAU TITRE DU FONDS VERT 2025\nAXE 2 \u2013 ADAPTER LES TERRITOIRES AU CHANGEMENT CLIMATIQUE\nPR\u00c9VENTION DES INONDATIONS\nLa Pr\u00e9f\u00e8te de l'Ain\nChevalier de la L\u00e9gion d'honneur,\nOfficier de l'Ordre national du M\u00e9rite\nVu la loi organique n\u00b0 2001-692 du 1er ao\u00fbt 2001 relative aux lois de finances ;\nVu la loi n\u00b0 2025-127 du 14 f\u00e9vrier 2025 de finances pour 2025 ;\nVu  le  code  g\u00e9n\u00e9ral  des  collectivit\u00e9s  territoriales,  notamment  ses  articles  L.  1111-11  et\nD. 1111-8 ;\nVu le d\u00e9cret n\u00b02025-723 du 30 juillet 2025 modifiant le d\u00e9cret n\u00b0 2004-374 du 29 avril 2004\nrelatif aux pouvoirs des pr\u00e9fets, \u00e0 l'organisation et \u00e0 l'action des services de l'\u00c9tat dans les\nr\u00e9gions et d\u00e9partements ;\nVu le d\u00e9cret n\u00b0 2012-1246 du 7 novembre 2012 relatif \u00e0 la gestion budg\u00e9taire et comptable\npublique ; \nVu le d\u00e9cret n\u00b0 2015-510 du 7 mai 2015 modifi\u00e9 portant charte de la d\u00e9concentration ;\nVu le d\u00e9cret n\u00b0 2018-514 du 25 juin 2018 relatif aux subventions de l'\u00c9tat pour des projets\nd'investissement ;\n1/7\n01_DDT_Direction d\u00e9partementale des territoires de l'Ain - 01-2025-11-13-00004 -\n2025ArreteAttribSubFondsVertRehabFuransChazeyBonsCcbsRaa 44\nVu le d\u00e9cret du 22 mars 2023 portant nomination de Mme Chantal MAUCHET en tant que\npr\u00e9f\u00e8te de l'Ain ;\nVu le d \u00e9cret n\u00b0 2025-135 du 14 f\u00e9vrier 2025 pris en application de l'article 44 de la loi\norganique n\u00b0  2001-692 du 1 er ao\u00fbt 2001 relative aux lois de finances, au titre de la loi\nn\u00b0 2025-127 du 14 f\u00e9vrier 2025 de finances pour 2025 ;\nVu la circulaire du 28 f\u00e9vrier 2025 relative aux r\u00e8gles d'emploi en 2025 des dotations de\nsoutien \u00e0 l'investissement des collectivit\u00e9s territoriales et du fonds d'acc\u00e9l\u00e9ration de la\ntransition \u00e9cologique dans les territoires (fonds vert) ;\nVu  la  demande  de  subvention  n\u00b0  DS  25633119 pr\u00e9sent\u00e9e  par  la  communaut\u00e9  de\ncommunes  Bugey  Sud  (CCBS)  sur  la  plateforme  \u00ab D\u00e9marches  simplifi\u00e9es \u00bb  en  date  du\n01 ao\u00fbt 2025, pour l'op\u00e9ration \u00ab travaux de r\u00e9habilitation hydraulique et environnementale\ndu cours d'eau le Furans sur la commune de Chazey-Bons \u00bb ;\nSur proposition de M. le directeur d\u00e9partemental des territoires de l'Ain ; \nARR\u00caTE\nArticle 1 : Objet de l'aide financi\u00e8re\nLe pr\u00e9sent arr\u00eat\u00e9 a pour objet de d\u00e9finir les conditions dans lesquelles l'\u00c9tat attribue une\nsubvention au titre du fonds d'acc\u00e9l\u00e9ration de la transition \u00e9cologique (fonds vert) - \n\u00ab Axe 2 \u2013 pr\u00e9vention des inondations \u00bb, pour la r\u00e9alisation de l'op\u00e9ration :\n\u00ab travaux de r\u00e9habilitation hydraulique et environnementale du cours d'eau le Furans\nsur la commune de Chazey-Bons \u00bb\nport\u00e9e par la communaut\u00e9 de communes Bugey Sud  (CCBS) qui est d\u00e9nomm\u00e9 ci-apr\u00e8s\n\u00ab b\u00e9n\u00e9ficiaire \u00bb, dont le si\u00e8ge se situe au 34 Grande rue 01300 BELLEY,\nnum\u00e9ro SIRET : 200 040 350 00015.\nLe montant de la d\u00e9pense subventionnable pr\u00e9visionnelle s'\u00e9l\u00e8ve \u00e0 483 716,63 \u20ac HT.\nL'assiette maximale subventionnable est de 483 716,63 \u20ac HT.\nCALENDRIER PR\u00c9VISIONNEL (\u00e9ch\u00e9ancier pr\u00e9sent\u00e9 par le demandeur)\nDate pr\u00e9visionnelle de d\u00e9but d'op\u00e9ration Date pr\u00e9visionnelle de fin d'op\u00e9ration\n01/07/2026 31/05/2027\n2/7\n01_DDT_Direction d\u00e9partementale des territoires de l'Ain - 01-2025-11-13-00004 -\n2025ArreteAttribSubFondsVertRehabFuransChazeyBonsCcbsRaa 45\nArticle 2 : Montant de l'aide financi\u00e8re\nLe montant de la subvention, soit 12 973,00 \u20ac HT \u2013 douze-mille-neuf-cent-soixante-treize\neuros  (montant  maximum  pr\u00e9visionnel)  est  imput\u00e9  sur  les  cr\u00e9dits  du programme  380\n\u00ab Fonds d'acc\u00e9l\u00e9ration de la transition \u00e9cologique dans les territoires \u00bb (\u00ab fonds vert \u00bb). Les\ncr\u00e9dits  rel\u00e8vent  du  budget  op\u00e9rationnel  de  programme  (BOP)  380-AURA,  d\u00e9l\u00e9gu\u00e9s  au\npr\u00e9fet de d\u00e9partement de l'Ain, responsable de l'unit\u00e9 op\u00e9rationnelle 380-AURA-DP-01.\nCette subvention est conditionn\u00e9e au respect des obligations de publicit\u00e9, notamment\ncelle concernant l'affichage de la participation financi\u00e8re de l'\u00c9tat sur le site de r\u00e9alisation\nde l'op\u00e9ration (cf. article 6 du pr\u00e9sent arr\u00eat\u00e9).\nLes imputations budg\u00e9taires seront les suivantes :\nDomaine fonctionnel Centre financier Centre de co\u00fbt Code d'activit\u00e9\n0380-02-01 0380-AURA-DP 01 DDTT001001 0380-02-01-01-01\n(inondations)\nAxe minist\u00e9riel 1 correspondant \u00e0 la sous-mesure 23-380-PI-GEMAPI\nAxe minist\u00e9riel 2 r\u00e9f\u00e9rence du num\u00e9ro d'enregistrement de d\u00e9marches simplifi\u00e9es : \n25633119\nAxe localisation interminist\u00e9rielle : N8401098\nLe montant maximum pr\u00e9visionnel de la subvention repr\u00e9sente environ 2,68 % du montant\nHT de l'assiette subventionnable retenue \u00e0 l'article 1 du pr\u00e9sent arr\u00eat\u00e9.\nLe  montant d\u00e9finitif de la subvention  est \u00e9gal au montant maximum pr\u00e9visionnel si le\nb\u00e9n\u00e9ficiaire  justifie  un  montant  de  d\u00e9penses  atteignant  ou  d\u00e9passant  le  montant  de\nl'assiette subventionnable retenue \u00e0 l'article 1 du pr\u00e9sent arr\u00eat\u00e9. A d\u00e9faut, le montant\nd\u00e9finitif de la subvention est calcul\u00e9 par application du taux de subvention mentionn\u00e9\ndans l'alin\u00e9a pr\u00e9c\u00e9dent au montant de la d\u00e9pense r\u00e9elle.\nCe taux ainsi que la nature de la d\u00e9pense subventionnable ne peuvent \u00eatre modifi\u00e9s par\nrapport au pr\u00e9sent arr\u00eat\u00e9.\nSauf exception, le taux de subvention ne peut avoir pour effet de porter le montant total\ndes  aides  publiques  \u00e0  plus  de  80  %  du  montant  pr\u00e9visionnel  de  la  d\u00e9pense\nsubventionnable engag\u00e9e par le b\u00e9n\u00e9ficiaire.\nArticle 3 : Dur\u00e9e et modalit\u00e9s d'ex\u00e9cution du projet\nLe b\u00e9n\u00e9ficiaire est tenu de faire tous les efforts n\u00e9cessaires pour respecter le calendrier\npr\u00e9visionnel d'ex\u00e9cution du projet pr\u00e9cis\u00e9 \u00e0 l'article 1 de la pr\u00e9sente d\u00e9cision attributive\nde subvention.\nSi, \u00e0 l'expiration d'un d\u00e9lai de  deux ans  \u00e0 compter de la notification de la subvention ,\nl'op\u00e9ration  au  titre  de  laquelle  elle  a  \u00e9t\u00e9  accord\u00e9e  n'a  re\u00e7u  aucun  commencement\nd'ex\u00e9cution, la caducit\u00e9 de la pr\u00e9sente d\u00e9cision attributive de subvention sera constat\u00e9e.\n3/7\n01_DDT_Direction d\u00e9partementale des territoires de l'Ain - 01-2025-11-13-00004 -\n2025ArreteAttribSubFondsVertRehabFuransChazeyBonsCcbsRaa 46\nCependant, si le commencement d'ex\u00e9cution du projet se trouve retard\u00e9 pour des causes\nind\u00e9pendantes  de  la  volont\u00e9  du  b\u00e9n\u00e9ficiaire  et  que  celui-ci  en  fait  la  demande\nant\u00e9rieurement  \u00e0  l'expiration  du  d\u00e9lai  de  deux  ans  pr\u00e9cit\u00e9,  la  validit\u00e9  de  la  pr\u00e9sente\nd\u00e9cision  attributive  de  subvention  pourra  \u00eatre  prorog\u00e9e  pour  une  p\u00e9riode\ncompl\u00e9mentaire  n'exc\u00e9dant  pas  un  an  par  arr\u00eat\u00e9  modificatif  pr\u00e9cisant  le  nouveau\ncalendrier pr\u00e9visionnel du projet.\nDans un d\u00e9lai de douze mois \u00e0 compter de la date pr\u00e9visionnelle d'ach\u00e8vement du projet\nmentionn\u00e9e \u00e0 l'article 1, le b\u00e9n\u00e9ficiaire adresse \u00e0 l'autorit\u00e9 comp\u00e9tente une d\u00e9claration\nd'ach\u00e8vement de l'op\u00e9ration accompagn\u00e9e des pi\u00e8ces indiqu\u00e9es \u00e0 l'article 4-1 du pr\u00e9sent\narr\u00eat\u00e9.\nEn l'absence de r\u00e9ception de ces documents par l'autorit\u00e9 comp\u00e9tente au terme de cette\np\u00e9riode de douze mois, aucun paiement ne peut intervenir au profit du b\u00e9n\u00e9ficiaire.\nArticle 4 : Modalit\u00e9s de versement de la subvention et clauses de reversement.\n4-1 Les versements\nLes versements seront effectu\u00e9s,  sous r\u00e9serve des cr\u00e9dits disponibles, selon les modalit\u00e9s\nsuivantes :\n\u2022 une avance de 15 % du montant pr\u00e9visionnel de la subvention peut \u00eatre vers\u00e9e au\nb\u00e9n\u00e9ficiaire au vu du document justifiant du commencement de l'ex\u00e9cution de\nl'op\u00e9ration. Lorsque la subvention concerne des travaux, la demande d'avance doit\n\u00eatre  accompagn\u00e9e  d'une  copie  de  l'autorisation  environnementale  d\u00e9livr\u00e9es\nsp\u00e9cifiquement pour ces travaux ou d'un justificatif de ce que ces travaux n'\u00e9taient\npas soumis \u00e0 autorisation environnementale.\n\u2022 des  acomptes n'exc\u00e9dant  pas  au  total  80 %  du  montant  pr\u00e9visionnel  de  la\nsubvention peuvent \u00eatre vers\u00e9s, en fonction de l'avancement de l'op\u00e9ration et au\nprorata du montant des factures acquitt\u00e9es par le b\u00e9n\u00e9ficiaire, l'\u00e9tat r\u00e9capitulatif\ndes d\u00e9penses r\u00e9alis\u00e9es pouvant se pr\u00e9senter sous la forme d'une liste de mandats\nde paiement \u00e9tablie par l'ordonnateur local, dont le r\u00e8glement est certifi\u00e9 par le\ncomptable public de la collectivit\u00e9 b\u00e9n\u00e9ficiaire.\n\u2022 le  solde de la subvention est vers\u00e9 apr\u00e8s transmission des pi\u00e8ces mentionn\u00e9es ci-\ndessous :\n\u27a2 une lettre de demande de paiement par laquelle le b\u00e9n\u00e9ficiaire certifie que\nl'op\u00e9ration  a  \u00e9t\u00e9  r\u00e9alis\u00e9e  dans  les  conditions  subordonnant  l'octroi  de  la\nsubvention et pr\u00e9cise les montants de la subvention \u00e0 affecter aux d\u00e9penses\nexpos\u00e9es ;\n\u27a2 une d\u00e9claration d'ach\u00e8vement de l'op\u00e9ration ;\n\u27a2 la liste des aides publiques per\u00e7ues et de leur montant respectif ;\n\u27a2 des pi\u00e8ces justificatives des paiements effectu\u00e9s par le b\u00e9n\u00e9ficiaire (factures\nacquitt\u00e9es) ;\n\u27a2 un \u00e9tat r\u00e9capitulatif des d\u00e9penses HT certifi\u00e9 du b\u00e9n\u00e9ficiaire de la subvention\net du tr\u00e9sorier ;\n\u27a2 tout  document  attestant  de  la  r\u00e9alisation  de  l'op\u00e9ration  (rapports,  comptes\nrendus\u2026) ;\n4/7\n01_DDT_Direction d\u00e9partementale des territoires de l'Ain - 01-2025-11-13-00004 -\n2025ArreteAttribSubFondsVertRehabFuransChazeyBonsCcbsRaa 47\n\u27a2 un bilan final du projet pr\u00e9cisant les r\u00e9sultats obtenus en mati\u00e8re d'exemplarit\u00e9\n\u00e9cologique ;\n\u27a2 une preuve de la publicit\u00e9 de l'aide d'\u00c9tat telle que d\u00e9crite \u00e0 l'article 6 du\npr\u00e9sent arr\u00eat\u00e9.\n\u27a2 une photographie dat\u00e9e justifiant de l'apposition d'une plaque ou d'un panneau\npermanent (cf. article 6 du pr\u00e9sent arr\u00eat\u00e9)\nChaque appel de fonds sera transmis par voie d\u00e9mat\u00e9rialis\u00e9e sur la boite fonctionnelle  :\nddt-sur-pr@ain.gouv.fr en sp\u00e9cifiant l'objet sous la forme suivante :\n\u00ab Fonds Vert \u2013 n\u00b0 d\u00e9marches simplifi\u00e9es - nature de la demande de versement (avance,\nacompte ou solde) \u00bb.\n4-2 Les situations de r\u00e9duction, de caducit\u00e9 ou de remboursement total ou partiel de la\nsubvention\nLe  b\u00e9n\u00e9ficiaire  qui  souhaite  abandonner  son  projet  s'engage  \u00e0  en  informer  l'autorit\u00e9\ncomp\u00e9tente dans les meilleurs d\u00e9lais pour permettre la cl\u00f4ture de l'op\u00e9ration. Il s'engage \u00e0\nproc\u00e9der au reversement des sommes ind\u00fbment per\u00e7ues dans les plus brefs d\u00e9lais et au\nplus tard dans le mois qui suit la r\u00e9ception du titre de perception.\nLe reversement total ou partiel de la subvention est exig\u00e9 dans les cas suivants :\n\u2022 en cas de d\u00e9passement du plafond des aides publiques fix\u00e9 \u00e0 80  % de la\nd\u00e9pense subventionnable ;\n\u2022 si l'op\u00e9ration n'est pas r\u00e9alis\u00e9e dans les d\u00e9lais pr\u00e9vus \u00e0 l'article 3 du pr\u00e9sent\narr\u00eat\u00e9 ;  \n\u2022 en l'absence de conformit\u00e9 de la nature ou du montant des d\u00e9penses au\nregard des justificatifs initialement transmis ou lorsque les sommes vers\u00e9es\nont \u00e9t\u00e9 utilis\u00e9es \u00e0 des fins autres que celles pr\u00e9vues dans l'arr\u00eat\u00e9 d'octroi de\nla subvention ;\n\u2022 en cas de modification de l'affectation de l'investissement sans autorisation\npr\u00e9fectorale  avant  l'expiration  d'un  d\u00e9lai  de  5  ans  \u00e0  compter  de\nl'ach\u00e8vement de l'op\u00e9ration.\nArticle 5 : Obligations du b\u00e9n\u00e9ficiaire vis-\u00e0-vis de l'administration\n\u2022 Avancement de l'op\u00e9ration : le b\u00e9n\u00e9ficiaire doit informer l'autorit\u00e9 comp\u00e9tente du\ncommencement d'ex\u00e9cution de l'op\u00e9ration par courrier. De m\u00eame, il l'informe de\ntous motifs susceptibles de l'emp\u00eacher de r\u00e9aliser tout ou partie de l'op\u00e9ration tel\nque pr\u00e9vu initialement. Par ailleurs, le b\u00e9n\u00e9ficiaire doit  informer r\u00e9guli\u00e8rement les\nservices  de  l'\u00c9tat  de  l'avancement  du  projet  et  transmettre  un  bilan  semestriel\nd'ex\u00e9cution. En particulier, l'\u00c9tat devra \u00eatre inform\u00e9 de la tenue des comit\u00e9s de suivi\n(techniques et de pilotage) relatifs au projet, et pourra y participer.\n\u2022 Obligation d'information : le b\u00e9n\u00e9ficiaire signale \u00e0 l'autorit\u00e9 comp\u00e9tente tout retard\nou d\u00e9gradation significatifs constat\u00e9s dans le d\u00e9roulement du projet notamment en\ncas de diminution des ambitions en mati\u00e8re d'exemplarit\u00e9 \u00e9cologique. Il pr\u00e9cise le\nnouveau terme envisag\u00e9 de r\u00e9alisation du projet.\n5/7\n01_DDT_Direction d\u00e9partementale des territoires de l'Ain - 01-2025-11-13-00004 -\n2025ArreteAttribSubFondsVertRehabFuransChazeyBonsCcbsRaa 48\n\u2022 Contr\u00f4les  op\u00e9r\u00e9s  par  l'administration :  le  b\u00e9n\u00e9ficiaire  s'engage  \u00e0  conserver  les\npi\u00e8ces justificatives pendant une dur\u00e9e de 10  ans et \u00e0 fournir tous justificatifs de\nnature technique, comptable et financi\u00e8re relatifs \u00e0 l'op\u00e9ration dans le cadre de\ncontr\u00f4les diligent\u00e9s par l'administration.\nArticle 6 : Obligations de publicit\u00e9\n\u2022 Conform\u00e9ment \u00e0 l'article D. 1111-8 du CGCT, le b\u00e9n\u00e9ficiaire est tenu d'assurer la\npublicit\u00e9 de la participation financi\u00e8re de l'\u00c9tat \u00e0 l'op\u00e9ration selon les modalit\u00e9s\nsuivantes :\n-  publier  le  plan  de  financement \u00e0  la  mairie  ou  au  si\u00e8ge  de  la  collectivit\u00e9\nterritoriale ou du groupement et le mettre en ligne sur le site internet de la\ncollectivit\u00e9 territoriale ou du groupement, si celui-ci existe. Cette publication\nintervient dans un d\u00e9lai de 15 jours \u00e0 compter du commencement d'ex\u00e9cution\nde l'op\u00e9ration subventionn\u00e9e. La publication fait appara\u00eetre le co\u00fbt total de\nl'op\u00e9ration d'investissement et le montant des subventions apport\u00e9es par les\npersonnes publiques,\n- afficher le plan de financement  pendant la r\u00e9alisation de l'op\u00e9ration en un lieu\nais\u00e9ment visible du public sous la forme d'un panneau d'affichage ou d'une\naffiche. Sous r\u00e9serve des dispositions applicables aux projets s'inscrivant dans\nun programme cofinanc\u00e9 par l'Union europ\u00e9enne, le plan de financement doit\n\u00eatre affich\u00e9 sous la forme de lignes d'\u00e9gale dimension faisant appara\u00eetre, s'il\nexiste, le logotype ou l'embl\u00e8me de la personne publique ayant subventionn\u00e9 le\nprojet, son nom, ainsi que le montant de la subvention,\n-  apposer une plaque ou un panneau permanent , de dimension minimum un\nformat A3 (format : L 297 x H 420 mm) en un lieu ais\u00e9ment visible du public, \u00e0\nl'issue de la r\u00e9alisation de toute op\u00e9ration dont le co\u00fbt total est sup\u00e9rieur \u00e0\n10 000 \u20ac et au plus tard trois mois apr\u00e8s l'ach\u00e8vement de celle-ci, sur lequel\nfigure le logotype de l'\u00c9tat \u00e0 t\u00e9l\u00e9charger sur le site de l'\u00c9tat, sous r\u00e9serve des\ndispositions applicables aux projets s'inscrivant dans un programme cofinanc\u00e9\npar  l'Union  europ\u00e9enne.  Le  logo  et  la  charte  graphique  \u00e0  respecter  sont\ndisponibles  sur  le  site  de  l'\u00c9tat  en  r\u00e9gion  ( https://www.prefectures-\nregions.gouv.fr/auvergne-rhone-alpes/Region-et-institutions/L-action-de-l-Etat/\nAmenagement-du-territoire-logement-transport-numerique/Amenagement-du-\nterritoire/Vous-etes-beneficiaire-d-une-aide-de-l-Etat/Vous-etes-beneficiaire-d-\nune-aide-de-l-Etat/Vous-beneficiez-d-une-subvention-d-investissement-de-la-\npart-de-l-Etat-et-de-ses-operateurs-Voici-vos-obligations-en-matiere-de-\ncommunication/#titre). Le financement du panneau et son installation sont \u00e0 la\ncharge du b\u00e9n\u00e9ficiaire. Si l'op\u00e9ration a fait l'objet de subventions de la part de\nplusieurs  personnes  publiques,  leur  logotype  ou  embl\u00e8me  doit  figurer,  \u00e0\ndimension \u00e9gale, sur la plaque ou le panneau.\n\u2022 Le porteur de projet doit mentionner la participation financi\u00e8re de l'\u00c9tat au titre du\n\u00ab Fonds vert \u2013 France nation verte  \u00bb \u00e0 cette op\u00e9ration. Il devra en faire \u00e9tat, de\nmani\u00e8re  suffisamment  lisible,  sur  l'ensemble  des  documents  \u00e9tablis  (plaquettes,\ninvitations, supports audiovisuels, sites internet ou autres) et lors des manifestations\nvalorisant l'objet du financement. \n6/7\n01_DDT_Direction d\u00e9partementale des territoires de l'Ain - 01-2025-11-13-00004 -\n2025ArreteAttribSubFondsVertRehabFuransChazeyBonsCcbsRaa 49\n\u2022 Les logos du Fonds vert et de \u00ab  France nation verte \u00bb doivent \u00eatre affich\u00e9s sur tous\nces documents et en annonce des travaux (panneaux de chantiers en particulier).\n\u2022 Le  porteur  de  projet  s'engage  par  ailleurs  \u00e0  associer  les  services  de  l'\u00c9tat  \u00e0\nl'organisation  de  toute  manifestation  publique  de  communication  relative  au\nprojet.\n\u2022 Les  actions  de  communication  ou  d'information  mentionneront  \u00e9galement  la\nparticipation des financements publics.\n\u2022 La pr\u00e9f\u00e8te de d\u00e9partement sera associ\u00e9e \u00e0 l'organisation de toute manifestation\npublique relative \u00e0 cette op\u00e9ration.\nArticle 7 : Ex\u00e9cution\nLa secr\u00e9taire g\u00e9n\u00e9rale de la pr\u00e9fecture de l'Ain, le directeur d\u00e9partemental des territoires\nde l'Ain et le directeur r\u00e9gional des finances publiques sont charg\u00e9s, chacun en ce qui le\nconcerne,  de  l'ex\u00e9cution  du  pr\u00e9sent  arr\u00eat\u00e9  qui  sera  notifi\u00e9  \u00e0  la  pr\u00e9sidente  de  la\ncommunaut\u00e9 de communes Bugey Sud (CCBS) par la pr\u00e9f\u00e8te du d\u00e9partement de l'Ain.\nArticle 8 : Litige\nLe  pr\u00e9sent  arr\u00eat\u00e9  peut  faire  l'objet  d'un  recours  contentieux  devant  le  tribunal\nadministratif  de  Lyon,  dans  le  d\u00e9lai  de  deux  mois  \u00e0  compter  de  sa  notification.  La\njuridiction  administrative  peut  aussi  \u00eatre  saisie  par  l'application  T\u00e9l\u00e9recours  citoyens,\naccessible \u00e0 partir du site www.telerecours.fr.\nFait \u00e0 Bourg-en-Bresse, le 13 novembre 2025\nLa pr\u00e9f\u00e8te,\nSIGNE\nChantal MAUCHET\n7/7\n01_DDT_Direction d\u00e9partementale des territoires de l'Ain - 01-2025-11-13-00004 -\n2025ArreteAttribSubFondsVertRehabFuransChazeyBonsCcbsRaa 50\n01_DDT_Direction d\u00e9partementale des\nterritoires de l'Ain\n01-2025-11-13-00003\n2025ArreteAttributifSubFondsVertAnimationPap\niSr3aRaa\n01_DDT_Direction d\u00e9partementale des territoires de l'Ain - 01-2025-11-13-00003 -\n2025ArreteAttributifSubFondsVertAnimationPapiSr3aRaa 51\nE 3PREFETEDE LAIN JERTLibert\u00e9 HE Boe Se\u00c9galit\u00e9 Agir - Mobiliser + Acc\u00e9l\u00e9rerFraternit\u00e9\nLE FONDS VERT. pour l'acc\u00e9l\u00e9ration=: de la transition=: \u00e9cologique dans:: les territoires\nARR\u00caT\u00c9 PORTANT ATTRIBUTION D'UNE SUBVENTION\nAU TITRE DU FONDS VERT 2025\nAXE 2 - ADAPTER LES TERRITOIRES AU CHANGEMENT CLIMATIQUE\nPR\u00c9VENTION DES INONDATIONS\nLa Pr\u00e9f\u00e8te de l'Ain\nChevalier de la L\u00e9gion d'honneur,\nOfficier de l'Ordre national du M\u00e9rite\nVu la loi organique n\u00b0 2001-692 du 1er ao\u00fbt 2001 relative aux lois de finances ;\nVu la loi n\u00b0 2025-127 du 14 f\u00e9vrier 2025 de finances pour 2025 ;\nVu  le  code  g\u00e9n\u00e9ral  des  collectivit\u00e9s  territoriales,  notamment  ses  articles  L.  1111-11  et\nD. 1111-8 ;\nVu le d\u00e9cret n\u00b02025-723 du 30 juillet 2025 modifiant le d\u00e9cret n\u00b0 2004-374 du 29 avril 2004\nrelatif aux pouvoirs des pr\u00e9fets, \u00e0 l'organisation et \u00e0 l'action des services de l'\u00c9tat dans les\nr\u00e9gions et d\u00e9partements ;\nVu le d\u00e9cret n\u00b0 2012-1246 du 7 novembre 2012 relatif \u00e0 la gestion budg\u00e9taire et comptable\npublique ; \nVu le d\u00e9cret n\u00b0 2015-510 du 7 mai 2015 modifi\u00e9 portant charte de la d\u00e9concentration ;\nVu le d\u00e9cret n\u00b0 2018-514 du 25 juin 2018 relatif aux subventions de l'\u00c9tat pour des projets\nd'investissement ;\n1/7\n01_DDT_Direction d\u00e9partementale des territoires de l'Ain - 01-2025-11-13-00003 -\n2025ArreteAttributifSubFondsVertAnimationPapiSr3aRaa 52\nVu le d\u00e9cret du 22 mars 2023 portant nomination de Mme Chantal MAUCHET en tant que\npr\u00e9f\u00e8te de l'Ain ;\nVu le d \u00e9cret n\u00b0 2025-135 du 14 f\u00e9vrier 2025 pris en application de l'article 44 de la loi\norganique n\u00b0  2001-692 du 1 er ao\u00fbt 2001 relative aux lois de finances, au titre de la loi\nn\u00b0 2025-127 du 14 f\u00e9vrier 2025 de finances pour 2025 ;\nVu la circulaire du 28 f\u00e9vrier 2025 relative aux r\u00e8gles d'emploi en 2025 des dotations de\nsoutien \u00e0 l'investissement des collectivit\u00e9s territoriales et du fonds d'acc\u00e9l\u00e9ration de la\ntransition \u00e9cologique dans les territoires (fonds vert) ;\nVu le cahier des charges de l'appel \u00e0 projet relatif aux programmes d'actions pour la\npr\u00e9vention des inondations \u00ab PAPI 3 2023 \u00bb ;\nVu la note du 10 juillet 2023 portant mise en \u0153uvre du cahier des charges de l'appel \u00e0\nprojets relatif aux programmes d'actions de pr\u00e9vention des inondations \u00ab PAPI 3 2023 \u00bb ;\nVu le courrier du 13 octobre 2022 validant le programme d'\u00e9tudes pr\u00e9alables (PEP) au\nprogramme d'actions de pr\u00e9vention des inondations (PAPI) Ain Aval et Affluents ;\nVu le courrier du 21 juillet 2025 validant l'avenant n\u00b01 au programme d'\u00e9tudes pr\u00e9alables\n(PEP) au programme d'actions de pr\u00e9vention des inondations (PAPI) Ain Aval et Affluents ;\nVu la fiche-action n\u00b00-1 du PEP au PAPI Ain Aval et Affluents concernant l'animation PAPI ;\nVu la demande de subvention n\u00b0 DS 26656149 pr\u00e9sent\u00e9e par le syndicat de la rivi\u00e8re d'Ain\naval et de ses affluents (SR3A) sur la plateforme \u00ab  D\u00e9marches simplifi\u00e9es  \u00bb en date du\n25 septembre  2025,  pour  l'op\u00e9ration  \u00ab animation  du  PAPI  Ain  Aval  et  Affluents  pour\nl'ann\u00e9e 2025 \u00bb ;\nSur proposition de M. le directeur d\u00e9partemental des territoires de l'Ain ; \nARR\u00caTE\nArticle 1 : Objet de l'aide financi\u00e8re\nLe pr\u00e9sent arr\u00eat\u00e9 a pour objet de d\u00e9finir les conditions dans lesquelles l'\u00c9tat attribue une\nsubvention au titre du fonds d'acc\u00e9l\u00e9ration de la transition \u00e9cologique (fonds vert) - \n\u00ab Axe 2 \u2013 pr\u00e9vention des inondations \u00bb, pour la r\u00e9alisation de l'op\u00e9ration :\n\u00ab animation du PAPI Ain Aval et Affluents pour l'ann\u00e9e 2025 \u00bb\nport\u00e9e par le syndicat de la rivi\u00e8re d'Ain aval et de ses affluents (SR3A)  qui est d\u00e9nomm\u00e9\nci-apr\u00e8s \u00ab  b\u00e9n\u00e9ficiaire \u00bb,  dont le si\u00e8ge se situe \u00e0 la mairie d'Amb\u00e9rieu-en-Bugey, 1 place\nRobert Marcelpoil 01500 AMBERIEU-EN-BUGEY,\nnum\u00e9ro SIRET : 200 078 004 00013\nLe montant de la d\u00e9pense subventionnable pr\u00e9visionnelle s'\u00e9l\u00e8ve \u00e0 130 000,00 \u20ac (charges\npatronales comprises).\n2/7\n01_DDT_Direction d\u00e9partementale des territoires de l'Ain - 01-2025-11-13-00003 -\n2025ArreteAttributifSubFondsVertAnimationPapiSr3aRaa 53\nL'assiette  maximale  subventionnable  est  de  130  000,00  \u20ac  par  an  (montant  des\nr\u00e9mun\u00e9rations dont les charges patronales).\nLa date pr\u00e9visionnelle d'ach\u00e8vement est fix\u00e9e au 31 d\u00e9cembre 2025.\nArticle 2 : Montant de l'aide financi\u00e8re\nLe montant de la subvention, soit 30 000,00 \u20ac \u2013 trente-mille euros  (montant maximum\npr\u00e9visionnel) est imput\u00e9 sur les cr\u00e9dits du  programme 380  \u00ab Fonds d'acc\u00e9l\u00e9ration de la\ntransition \u00e9cologique dans les territoires  \u00bb (\u00ab fonds vert \u00bb). Les cr\u00e9dits rel\u00e8vent du budget\nop\u00e9rationnel de programme (BOP) 380-AURA, d\u00e9l\u00e9gu\u00e9s au pr\u00e9fet de d\u00e9partement de l'Ain,\nresponsable de l'unit\u00e9 op\u00e9rationnelle 380-AURA-DP-01.\nCette subvention est conditionn\u00e9e au respect des obligations de publicit\u00e9 (cf. article 6 du\npr\u00e9sent arr\u00eat\u00e9).\nLes imputations budg\u00e9taires seront les suivantes :\nDomaine fonctionnel Centre financier Centre de co\u00fbt Code d'activit\u00e9\n0380-02-01 0380-AURA-DP 01 DDTT001001 0380-02-01-01-01\n(inondations)\nAxe minist\u00e9riel 1 correspondant \u00e0 la sous-mesure 23-380-PI-PAPI\nAxe  minist\u00e9riel  2  r\u00e9f\u00e9rence  du  num\u00e9ro  d'enregistrement  de  d\u00e9marches  simplifi\u00e9es :\n26656149\nAxe localisation interminist\u00e9rielle : N8401\nLe  montant  maximum  pr\u00e9visionnel  de  la  subvention repr\u00e9sente  environ  23,08  %  du\nmontant de l'assiette subventionnable retenue \u00e0 l'article 1 du pr\u00e9sent arr\u00eat\u00e9.\nLe  montant d\u00e9finitif de la subvention  est \u00e9gal au montant maximum pr\u00e9visionnel si le\nb\u00e9n\u00e9ficiaire  justifie  un  montant  de  d\u00e9penses  atteignant  ou  d\u00e9passant  le  montant  de\nl'assiette subventionnable retenue \u00e0 l'article 1 du pr\u00e9sent arr\u00eat\u00e9. A d\u00e9faut, le montant\nd\u00e9finitif de la subvention est calcul\u00e9 par application du taux de subvention mentionn\u00e9\ndans l'alin\u00e9a pr\u00e9c\u00e9dent au montant de la d\u00e9pense r\u00e9elle.\nCe taux ainsi que la nature de la d\u00e9pense subventionnable ne peuvent \u00eatre modifi\u00e9s par\nrapport au pr\u00e9sent arr\u00eat\u00e9.\nSauf exception, le taux de subvention ne peut avoir pour effet de porter le montant total\ndes  aides  publiques  \u00e0  plus  de  80  %  du  montant  pr\u00e9visionnel  de  la  d\u00e9pense\nsubventionnable engag\u00e9e par le b\u00e9n\u00e9ficiaire.\n3/7\n01_DDT_Direction d\u00e9partementale des territoires de l'Ain - 01-2025-11-13-00003 -\n2025ArreteAttributifSubFondsVertAnimationPapiSr3aRaa 54\nArticle 3 : Dur\u00e9e et modalit\u00e9s d'ex\u00e9cution du projet\nLe b\u00e9n\u00e9ficiaire est tenu de faire tous les efforts n\u00e9cessaires pour respecter le calendrier\npr\u00e9visionnel d'ex\u00e9cution du projet pr\u00e9cis\u00e9 \u00e0 l'article 1 de la pr\u00e9sente d\u00e9cision attributive\nde subvention.\nSi, \u00e0 l'expiration d'un d\u00e9lai de  deux ans  \u00e0 compter de la notification de la subvention ,\nl'op\u00e9ration  au  titre  de  laquelle  elle  a  \u00e9t\u00e9  accord\u00e9e  n'a  re\u00e7u  aucun  commencement\nd'ex\u00e9cution, la caducit\u00e9 de la pr\u00e9sente d\u00e9cision attributive de subvention sera constat\u00e9e.\nCependant, si le commencement d'ex\u00e9cution du projet se trouve retard\u00e9 pour des causes\nind\u00e9pendantes  de  la  volont\u00e9  du  b\u00e9n\u00e9ficiaire  et  que  celui-ci  en  fait  la  demande\nant\u00e9rieurement  \u00e0  l'expiration  du  d\u00e9lai  de  deux  ans  pr\u00e9cit\u00e9,  la  validit\u00e9  de  la  pr\u00e9sente\nd\u00e9cision  attributive  de  subvention  pourra  \u00eatre  prorog\u00e9e  pour  une  p\u00e9riode\ncompl\u00e9mentaire  n'exc\u00e9dant  pas  un  an  par  arr\u00eat\u00e9  modificatif  pr\u00e9cisant  le  nouveau\ncalendrier pr\u00e9visionnel du projet.\nDans un d\u00e9lai de douze mois \u00e0 compter de la date pr\u00e9visionnelle d'ach\u00e8vement du projet\nmentionn\u00e9e \u00e0 l'article 1, le b\u00e9n\u00e9ficiaire adresse \u00e0 l'autorit\u00e9 comp\u00e9tente une d\u00e9claration\nd'ach\u00e8vement de l'op\u00e9ration accompagn\u00e9e des pi\u00e8ces indiqu\u00e9es \u00e0 l'article 4-1 du pr\u00e9sent\narr\u00eat\u00e9.\nEn l'absence de r\u00e9ception de ces documents par l'autorit\u00e9 comp\u00e9tente au terme de cette\np\u00e9riode de douze mois, aucun paiement ne peut intervenir au profit du b\u00e9n\u00e9ficiaire.\nArticle 4 : Modalit\u00e9s de versement de la subvention et clauses de reversement.\n4-1 Les versements\nLes versements seront effectu\u00e9s,  sous r\u00e9serve des cr\u00e9dits disponibles, selon les modalit\u00e9s\nsuivantes :\n\u2022 une avance de 15 % du montant pr\u00e9visionnel de la subvention peut \u00eatre vers\u00e9e au\nb\u00e9n\u00e9ficiaire au vu du document justifiant du commencement de l'ex\u00e9cution de\nl'op\u00e9ration,\n\u2022 des  acomptes n'exc\u00e9dant  pas  au  total  80 %  du  montant  pr\u00e9visionnel  de  la\nsubvention peuvent \u00eatre vers\u00e9s, en fonction de l'avancement de l'op\u00e9ration et au\nprorata du montant des factures acquitt\u00e9es par le b\u00e9n\u00e9ficiaire, l'\u00e9tat r\u00e9capitulatif\ndes d\u00e9penses r\u00e9alis\u00e9es pouvant se pr\u00e9senter sous la forme d'une liste de mandats\nde paiement \u00e9tablie par l'ordonnateur local, dont le r\u00e8glement est certifi\u00e9 par le\ncomptable public de la collectivit\u00e9 b\u00e9n\u00e9ficiaire.\n\u2022 le  solde de la subvention est vers\u00e9 apr\u00e8s transmission des pi\u00e8ces mentionn\u00e9es ci-\ndessous :\n\u27a2 une  lettre  de  demande  de  paiement  par  laquelle  le  b\u00e9n\u00e9ficiaire  certifie  le\npourcentage d'ETP finalement d\u00e9di\u00e9 \u00e0 l'animation du PAPI pour l'ann\u00e9e 2025, les\nsalaires aff\u00e9rents, la r\u00e9alisation des missions par le(s) charg\u00e9(s) de mission PAPI\nconform\u00e9ment au programme pr\u00e9visionnel du poste au 31 d\u00e9cembre 2025 ;\n4/7\n01_DDT_Direction d\u00e9partementale des territoires de l'Ain - 01-2025-11-13-00003 -\n2025ArreteAttributifSubFondsVertAnimationPapiSr3aRaa 55\n\u27a2 la liste des aides publiques per\u00e7ues et de leur montant respectif ;\n\u27a2 un  \u00e9tat  r\u00e9capitulatif  d\u00e9taill\u00e9  des  d\u00e9penses  de  salaire  vis\u00e9  par  le  comptable\npublic et le b\u00e9n\u00e9ficiaire ;\n\u27a2 un  bilan  synth\u00e9tique  de  l'activit\u00e9  sur  l'ann\u00e9e  concern\u00e9e  sous  la  forme  par\nexemple d'un tableau r\u00e9capitulant les op\u00e9rations et missions r\u00e9alis\u00e9es dans le\ncadre de l'animation du PAPI (tableau programme pr\u00e9visionnel fourni lors de la\ndemande de subvention) ;\n\u27a2 tout document attestant de la r\u00e9alisation des missions financ\u00e9es (pr\u00e9sentations\net comptes rendu de r\u00e9unions, COPIL, COTECH, rapports d'\u00e9tudes...) ;\n\u27a2 un bilan final du projet pr\u00e9cisant les r\u00e9sultats obtenus en mati\u00e8re d'exemplarit\u00e9\n\u00e9cologique ;\n\u27a2 une preuve de la publicit\u00e9 de l'aide d'\u00c9tat telle que d\u00e9crite \u00e0 l'article 6 du\npr\u00e9sent arr\u00eat\u00e9.\nChaque appel de fonds sera transmis par voie d\u00e9mat\u00e9rialis\u00e9e sur la boite fonctionnelle  :\nddt-sur-pr@ain.gouv.fr en sp\u00e9cifiant l'objet sous la forme suivante :\n\u00ab Fonds Vert \u2013 n\u00b0 d\u00e9marches simplifi\u00e9es - nature de la demande de versement (avance,\nacompte ou solde) \u00bb.\n4-2 Les situations de r\u00e9duction, de caducit\u00e9 ou de remboursement total ou partiel de la\nsubvention\nLe  b\u00e9n\u00e9ficiaire  qui  souhaite  abandonner  son  projet  s'engage  \u00e0  en  informer  l'autorit\u00e9\ncomp\u00e9tente dans les meilleurs d\u00e9lais pour permettre la cl\u00f4ture de l'op\u00e9ration. Il s'engage \u00e0\nproc\u00e9der au reversement des sommes ind\u00fbment per\u00e7ues dans les plus brefs d\u00e9lais et au\nplus tard dans le mois qui suit la r\u00e9ception du titre de perception.\nLe reversement total ou partiel de la subvention est exig\u00e9 dans les cas suivants :\n\u2022 en cas de d\u00e9passement du plafond des aides publiques fix\u00e9 \u00e0 80  % de la\nd\u00e9pense subventionnable ;\n\u2022 si l'op\u00e9ration n'est pas r\u00e9alis\u00e9e dans les d\u00e9lais pr\u00e9vus \u00e0 l'article 3 du pr\u00e9sent\narr\u00eat\u00e9 ;  \n\u2022 en l'absence de conformit\u00e9 de la nature ou du montant des d\u00e9penses au\nregard des justificatifs initialement transmis ou lorsque les sommes vers\u00e9es\nont \u00e9t\u00e9 utilis\u00e9es \u00e0 des fins autres que celles pr\u00e9vues dans l'arr\u00eat\u00e9 d'octroi de\nla subvention ;\n\u2022 en cas de modification de l'affectation de l'investissement sans autorisation\npr\u00e9fectorale  avant  l'expiration  d'un  d\u00e9lai  de  5  ans  \u00e0  compter  de\nl'ach\u00e8vement de l'op\u00e9ration.\n5/7\n01_DDT_Direction d\u00e9partementale des territoires de l'Ain - 01-2025-11-13-00003 -\n2025ArreteAttributifSubFondsVertAnimationPapiSr3aRaa 56\nArticle 5 : Obligations du b\u00e9n\u00e9ficiaire vis-\u00e0-vis de l'administration\n\u2022 Avancement de l'op\u00e9ration : le b\u00e9n\u00e9ficiaire doit informer l'autorit\u00e9 comp\u00e9tente du\ncommencement d'ex\u00e9cution de l'op\u00e9ration par courrier. De m\u00eame, il l'informe de\ntous motifs susceptibles de l'emp\u00eacher de r\u00e9aliser tout ou partie de l'op\u00e9ration tel\nque pr\u00e9vu initialement. Par ailleurs, le b\u00e9n\u00e9ficiaire doit  informer r\u00e9guli\u00e8rement les\nservices  de  l'\u00c9tat  de  l'avancement  du  projet  et  transmettre  un  bilan  semestriel\nd'ex\u00e9cution. En particulier, l'\u00c9tat devra \u00eatre inform\u00e9 de la tenue des comit\u00e9s de suivi\n(techniques et de pilotage) relatifs au projet, et pourra y participer.\n\u2022 Obligation d'information : le b\u00e9n\u00e9ficiaire signale \u00e0 l'autorit\u00e9 comp\u00e9tente tout retard\nou d\u00e9gradation significatifs constat\u00e9s dans le d\u00e9roulement du projet notamment en\ncas de diminution des ambitions en mati\u00e8re d'exemplarit\u00e9 \u00e9cologique. Il pr\u00e9cise le\nnouveau terme envisag\u00e9 de r\u00e9alisation du projet.\n\u2022 Contr\u00f4les  op\u00e9r\u00e9s  par  l'administration :  le  b\u00e9n\u00e9ficiaire  s'engage  \u00e0  conserver  les\npi\u00e8ces justificatives pendant une dur\u00e9e de 10  ans et \u00e0 fournir tous justificatifs de\nnature technique, comptable et financi\u00e8re relatifs \u00e0 l'op\u00e9ration dans le cadre de\ncontr\u00f4les diligent\u00e9s par l'administration.\nArticle 6 : Obligations de publicit\u00e9\n\u2022 Conform\u00e9ment \u00e0 l'article D. 1111-8 du CGCT, le b\u00e9n\u00e9ficiaire est tenu d'assurer la\npublicit\u00e9 de la participation financi\u00e8re de l'\u00c9tat \u00e0 l'op\u00e9ration selon les modalit\u00e9s\nsuivantes :\n-  publier  le  plan  de  financement \u00e0  la  mairie  ou  au  si\u00e8ge  de  la  collectivit\u00e9\nterritoriale ou du groupement et le mettre en ligne sur le site internet de la\ncollectivit\u00e9 territoriale ou du groupement, si celui-ci existe. Cette publication\nintervient dans un d\u00e9lai de 15 jours \u00e0 compter du commencement d'ex\u00e9cution\nde l'op\u00e9ration subventionn\u00e9e. La publication fait appara\u00eetre le co\u00fbt total de\nl'op\u00e9ration d'investissement et le montant des subventions apport\u00e9es par les\npersonnes publiques.\n\u2022 Le porteur de projet doit mentionner la participation financi\u00e8re de l'\u00c9tat au titre du\n\u00ab Fonds vert \u2013 France nation verte  \u00bb \u00e0 cette op\u00e9ration. Il devra en faire \u00e9tat, de\nmani\u00e8re  suffisamment  lisible,  sur  l'ensemble  des  documents  \u00e9tablis  (plaquettes,\ninvitations, supports audiovisuels, sites internet ou autres) et lors des manifestations\nvalorisant l'objet du financement.\n\u2022 Les logos du Fonds vert et de \u00ab  France nation verte \u00bb doivent \u00eatre affich\u00e9s sur tous\nces documents.\n\u2022 Le  porteur  de  projet  s'engage  par  ailleurs  \u00e0  associer  les  services  de  l'\u00c9tat  \u00e0\nl'organisation  de  toute  manifestation  publique  de  communication  relative  au\nprojet.\n\u2022 Les  actions  de  communication  ou  d'information  mentionneront  \u00e9galement  la\nparticipation des financements publics.\n\u2022 La pr\u00e9f\u00e8te de d\u00e9partement sera associ\u00e9e \u00e0 l'organisation de toute manifestation\npublique relative \u00e0 cette op\u00e9ration.\n6/7\n01_DDT_Direction d\u00e9partementale des territoires de l'Ain - 01-2025-11-13-00003 -\n2025ArreteAttributifSubFondsVertAnimationPapiSr3aRaa 57\nArticle 7 : Ex\u00e9cution\nLa secr\u00e9taire g\u00e9n\u00e9rale de la pr\u00e9fecture de l'Ain, le directeur d\u00e9partemental des territoires\nde l'Ain et le directeur r\u00e9gional des finances publiques sont charg\u00e9s, chacun en ce qui le\nconcerne, de l'ex\u00e9cution du pr\u00e9sent arr\u00eat\u00e9 qui sera notifi\u00e9 au pr\u00e9sident du syndicat de la\nrivi\u00e8re d'Ain aval et de ses affluents (SR3A), par la pr\u00e9f\u00e8te du d\u00e9partement de l'Ain.\nArticle 8 : Litige\nLe  pr\u00e9sent  arr\u00eat\u00e9  peut  faire  l'objet  d'un  recours  contentieux  devant  le  tribunal\nadministratif  de  Lyon,  dans  le  d\u00e9lai  de  deux  mois  \u00e0  compter  de  sa  notification.  La\njuridiction  administrative  peut  aussi  \u00eatre  saisie  par  l'application  T\u00e9l\u00e9recours  citoyens,\naccessible \u00e0 partir du site www.telerecours.fr.\nFait \u00e0 Bourg-en-Bresse, le 13 novembre 2025\nLa pr\u00e9f\u00e8te,\nSIGNE\nChantal MAUCHET\n7/7\n01_DDT_Direction d\u00e9partementale des territoires de l'Ain - 01-2025-11-13-00003 -\n2025ArreteAttributifSubFondsVertAnimationPapiSr3aRaa 58\n01_DDT_Direction d\u00e9partementale des\nterritoires de l'Ain\n01-2025-11-14-00001\nAvis de la Commission Nationale\nd'Am\u00e9nagement Commercial du 2 octobre 2025\n- Extension d'un ensemble commercial \u00e0 Miribel\n01_DDT_Direction d\u00e9partementale des territoires de l'Ain - 01-2025-11-14-00001 - Avis de la Commission Nationale d'Am\u00e9nagement\nCommercial du 2 octobre 2025 - Extension d'un ensemble commercial \u00e0 Miribel 59\nPR\u00c9FECTURE DE L'AIN\n-------------\nEXTRAIT DE L'AVIS\nDE LA COMMISSION NATIONALE\nD'AM\u00c9NAGEMENT COMMERCIAL \ndu 2 octobre 2025\n____\nR\u00e9unie le 2 octobre 2025, la commission nationale d'am\u00e9nagement commercial a \u00e9mis un\navis favorable au projet  port\u00e9 par la soci\u00e9t\u00e9  \u00ab  CSF \u00bb concernant le projet d' extension de\n428 m\u00b2  de  surface  de  vente  d'un  ensemble  commercial  passant  de  2 035 m\u00b2  \u00e0  2 463 m\u00b2  par\nextension  de  428 m\u00b2  de  la  surface  de  vente  d'un  supermarch\u00e9  \u00e0  l'enseigne  \u00ab CARREFOUR\nMARKET \u00bb portant sa surface de vente actuelle de 1  927 m\u00b2 \u00e0 2  355 m\u00b2, situ\u00e9 sur la commune de\nMiribel.\n01_DDT_Direction d\u00e9partementale des territoires de l'Ain - 01-2025-11-14-00001 - Avis de la Commission Nationale d'Am\u00e9nagement\nCommercial du 2 octobre 2025 - Extension d'un ensemble commercial \u00e0 Miribel 60\n01_Pref_Pr\u00e9fecture de l'Ain\n01-2025-11-10-00005\n Arr\u00eat\u00e9 pr\u00e9fectoral constatant la dissolution du\nsyndicat mixte de Crocu suite \u00e0 son adh\u00e9sion \u00e0\nORGANOM\n01_Pref_Pr\u00e9fecture de l'Ain - 01-2025-11-10-00005 -  Arr\u00eat\u00e9 pr\u00e9fectoral constatant la dissolution du syndicat mixte de Crocu suite \u00e0 son\nadh\u00e9sion \u00e0 ORGANOM 61\nEPREFETEDE LAINLibert\u00e9Egalit\u00e9Fraternit\u00e9\nDirection des collectivit\u00e9s et de l'appui territorial\nBureau de la l\u00e9galit\u00e9, de l'intercommunalit\u00e9 \net de la d\u00e9mocratie locale\nArr\u00eat\u00e9 pr\u00e9fectoral \nconstatant la dissolution du syndicat mixte de Crocu suite \u00e0 son adh\u00e9sion \u00e0 ORGANOM\nLa pr\u00e9f\u00e8te de l'Ain\nChevalier de la L\u00e9gion d'Honneur\nOfficier de l'ordre national du M\u00e9rite\nVu le code g\u00e9n\u00e9ral des collectivit\u00e9s territoriales et notamment son article L.5711-4 ;\nVu l'arr\u00eat\u00e9 pr\u00e9fectoral du 15 avril 2015 portant modification de certaines dispositions des\nstatuts du syndicat mixte ORGANOM ; \nVu  l'arr\u00eat\u00e9  pr\u00e9fectoral  du  23  mai  2002  portant  cr\u00e9ation  du  Syndicat  mixte  pour  le\ntraitement des d\u00e9chets m\u00e9nagers et assimil\u00e9s, d\u00e9nomm\u00e9 syndicat mixte de Crocu  ;\nVu les d\u00e9lib\u00e9rations des organes d\u00e9lib\u00e9rants du syndicat mixte et des communaut\u00e9s de\ncommunes et d'agglom\u00e9ration membres\nConsid\u00e9rant que les conditions requises par le code g\u00e9n\u00e9ral des collectivit\u00e9s territoriales\npour proc\u00e9der aux modifications envisag\u00e9es sont r\u00e9unies  ;\nSur proposition de la secr\u00e9taire g\u00e9n\u00e9rale de la pr\u00e9fecture ;\nARR\u00caTE\nArticle 1  er   \u2013  Au 1 er janvier 2026, le syndicat mixte de Crocu est autoris\u00e9 \u00e0 adh\u00e9rer au\nsyndicat mixte ORGANOM. Le transfert de la totalit\u00e9 de ses comp\u00e9tences \u00e0 ORGANOM\nentra\u00eene par voie de cons\u00e9quence sa dissolution au 1 er janvier 2026.\nLe transfert des comp\u00e9tences du syndicat mixte de Crocu au syndicat mixte ORGANOM\nemporte adh\u00e9sion de plein droit de la communaut\u00e9 d'agglom\u00e9ration du bassin de Bourg-\nen-Bresse (pour les communes de Cormoz - Courtes - Curciat-Dongalon - Lescheroux -\nMantenay-Montlin - Saint-Jean-sur-Reyssouze - Saint-Julien-sur-Reyssouze - Saint-Nizier-le-\nBouchoux  -  Saint-Trivier-de-Courtes  -  Servignat  -  Vernoux  -  Vescours  )  et  de  la\ncommunaut\u00e9 de communes Bresse et Sa\u00f4ne (pour les communes de Arbigny - Boissey -\nBoz - Chavannes-sur-Reyssouze - Chevroux - Gorrevod - Ozan - Pont-de-Vaux - Reyssouze -\nSaint-B\u00e9nigne - Saint-\u00c9tienne-sur-Reyssouze - Sermoyer ) au syndicat mixte ORGANOM.\nArticle 2  -  L'article 1 er de l'arr\u00eat\u00e9 pr\u00e9fectoral du 17 avril 2015 portant modification de\ncertaines dispositions des statuts du syndicat mixte de traitement des d\u00e9chets m\u00e9nagers\net assimil\u00e9s ou ORGANOM, sont ainsi r\u00e9dig\u00e9s :\n\u00abArticle 1 er \u2013 Le Syndicat mixte de traitement des d\u00e9chets m\u00e9nagers et assimil\u00e9s ou\nORGANOM est compos\u00e9 de :\n\u2022 Communaut\u00e9 d'agglom\u00e9ration du Bassin de Bourg-en-Bresse (CA3B) ;\n\u2022 Communaut\u00e9 de Communes de La Plaine de l'Ain (pour les seules communes de\nAmb\u00e9rieu  en  Bugey,  Ambronay,  Ambutrix,  Arandas,  Argis,  Bettant,  Blyes,  Bourg  Saint\nChristophe, Chaley, Charnoz sur Ain, Ch\u00e2teau Gaillard, Chazey sur Ain, Cleyzieu, Conand,\nDouvres,  Faramans,  Joyeux,  L'Abergement  de  Varey,  Lagnieu,  Le  Montellier,  Leyment,\nLoyettes,  Meximieux,  Nivollet-Montgriffon,  Oncieux,  P\u00e9rouges,  Rignieux  leFranc,\nSaint Denis en Bugey, Sainte Julie, Saint Eloi, Saint Jean de Niost, Saint Maurice de Gourdans,\n45, Avenue Alsace-Lorraine - Quartier Bourg Centre CS 80400 - 01012 BOURG-EN-BRESSE CEDEX\nT\u00e9l\u00e9phone : 04.74.32.30.00 Site internet : www.ain.gouv.fr - Facebook - Twitter : @Prefet01\n01_Pref_Pr\u00e9fecture de l'Ain - 01-2025-11-10-00005 -  Arr\u00eat\u00e9 pr\u00e9fectoral constatant la dissolution du syndicat mixte de Crocu suite \u00e0 son\nadh\u00e9sion \u00e0 ORGANOM 62\n2\nSaint Maurice de Remens, Saint Rambert en Bugey, Saint Sorlin en Bugey,Saint Vulbas, Sault\nBrenaz, Souclin, Tenay, Torcieu, Vaux en Bugey, Villebois, Villieu Loyes Mollon) ;\n\u2022 Communaut\u00e9 de Communes Bresse et Sa\u00f4ne ;\n\u2022  Communaut\u00e9  d'Agglom\u00e9ration  Haut  Bugey  Agglom\u00e9ration  (pour  les  seules\ncommunes de Bolozon, Ceignes, Izernore, Leyssard, Matafelon-Granges, Nurieux-Volognat,\nPeyriat, Samognat, Sonthonnax-la-Montagne) ;\n\u2022 Communaut\u00e9 de Communes de la Dombes ;\n\u2022 Communaut\u00e9 de Communes Rives de l'Ain - Pays de Cerdon ;\n\u2022 Communaut\u00e9 de Communes de Miribel et du Plateau ;\n\u2022 Communaut\u00e9 de Communes de la C\u00f4ti\u00e8re \u00e0 Montluel ;\n\u2022  Communaut\u00e9  de  Communes  de  la  Veyle  (pour  les  seules  communes  de  Biziat,\nChanoz-Chatenay, Chaveyriat, M\u00e9z\u00e9riat, Saint Julien sur Veyle, Vonnas)\nArticle 3 \u2013 L'ensemble des biens, droits et obligations du syndicat mixte de Crocu dissous\nsont transf\u00e9r\u00e9s au syndicat mixte ORGANOM auquel il adh\u00e8re. Celui-ci est substitu\u00e9 de\nplein droit, pour l'exercice de ses comp\u00e9tences, au syndicat mixte dissous dans toutes ses\nd\u00e9lib\u00e9rations et tous ses actes. \nLes contrats sont ex\u00e9cut\u00e9s dans les conditions ant\u00e9rieures jusqu'\u00e0 leur \u00e9ch\u00e9ance, sauf\naccord  contraire des  parties.  Les  cocontractants  sont  inform\u00e9s  de la  substitution  de\npersonne morale par le syndicat mixte qui subsiste. La substitution n'entra\u00eene aucun droit\n\u00e0 r\u00e9siliation ou \u00e0 indemnisation pour le cocontractant. \nLe transfert est effectu\u00e9 \u00e0 titre gratuit et ne donne lieu au paiement d'aucune indemnit\u00e9,\ndroit, taxe, contribution pr\u00e9vue \u00e0 l'article 879 du code g\u00e9n\u00e9ral des imp\u00f4ts ou honoraires.\nL'ensemble des personnels du syndicat mixte de Crocu dissous est r\u00e9put\u00e9 relever du\nsyndicat mixte ORGANOM auquel il adh\u00e8re dans les conditions de statut et d'emploi qui\nsont les siennes. \nArticle 4 \u2013  Les comptes du syndicat mixte de Crocu sont arr\u00eat\u00e9s au 31 d\u00e9cembre 2025.\nL'ensemble  des  \u00e9l\u00e9ments  d'actif  et  de  passif  sont  transf\u00e9r\u00e9s  au  syndicat  mixte\nORGANOM.\nArticle  5  -  Conform\u00e9ment  aux  articles  R  421-1  et  suivants  du  code  de  justice\nadministrative, le pr\u00e9sent arr\u00eat\u00e9 peut faire l'objet, dans le d\u00e9lai de deux mois \u00e0 compter\nde  sa  publication  au  recueil  des  actes  administratifs  de  la  pr\u00e9fecture  de  l'Ain,  d'un\nrecours gracieux adress\u00e9 en pr\u00e9fecture de l'Ain (direction des collectivit\u00e9s et de l'appui\nterritorial - b ureau de la l\u00e9galit\u00e9, de l'intercommunalit\u00e9 et de la d\u00e9mocratie locale  - 45,\navenue  Alsace  Lorraine  \u2013  CS  80400  -  01012  Bourg-en-Bresse  cedex)  ou  d'un  recours\ncontentieux  devant  le  tribunal  administratif  de  Lyon  par  voie  d\u00e9mat\u00e9rialis\u00e9e\n(www.citoyens.telerecours.fr). \nLe recours gracieux interrompt le d\u00e9lai du recours contentieux qui ne courra \u00e0 nouveau\nqu'\u00e0 compter de la notification d'une d\u00e9cision expresse ou de la d\u00e9cision implicite de\nrejet n\u00e9e, \u00e0 l'expiration d'un d\u00e9lai de deux mois, du silence gard\u00e9 sur ce recours gracieux.\n01_Pref_Pr\u00e9fecture de l'Ain - 01-2025-11-10-00005 -  Arr\u00eat\u00e9 pr\u00e9fectoral constatant la dissolution du syndicat mixte de Crocu suite \u00e0 son\nadh\u00e9sion \u00e0 ORGANOM 63\n3\nArticle 6 - La secr\u00e9taire g\u00e9n\u00e9rale de la pr\u00e9fecture est charg\u00e9e de l'ex\u00e9cution du pr\u00e9sent\narr\u00eat\u00e9 qui sera publi\u00e9 au recueil des actes administratifs de la pr\u00e9fecture et notifi\u00e9 au\npr\u00e9sident  du  syndicat  mixte  ORGANOM,  aux  pr\u00e9sidents  des  communaut\u00e9s\nd'agglom\u00e9ration et de communes membres, et au directeur d\u00e9partemental des finances\npubliques de l'Ain.\nBourg-en-Bresse, le 10 novembre 2025\nPour la pr\u00e9f\u00e8te, \nla secr\u00e9taire g\u00e9n\u00e9rale\nsign\u00e9 : Virginie GUERIN-ROBINET\n01_Pref_Pr\u00e9fecture de l'Ain - 01-2025-11-10-00005 -  Arr\u00eat\u00e9 pr\u00e9fectoral constatant la dissolution du syndicat mixte de Crocu suite \u00e0 son\nadh\u00e9sion \u00e0 ORGANOM 64\n84_DREAL_Direction r\u00e9gionale de\nl'environnement, de l'am\u00e9nagement et du\nlogement d'Auvergne-Rh\u00f4ne-Alpes\n01-2025-11-10-00004\nArr\u00eat\u00e9 interpr\u00e9fectoral\nn\u00b0DREAL-AURA-EHN-2025-2 portant d\u00e9rogation\naux dispositions de l'article L.411-1 du code de\nl'environnement pour\u00a0capture suivie d'un\nrel\u00e2cher imm\u00e9diat sur place d'esp\u00e8ces animales\nprot\u00e9g\u00e9es (amphibiens, insectes, mammif\u00e8res et\nreptiles)\n84_DREAL_Direction r\u00e9gionale de l'environnement, de l'am\u00e9nagement et du logement d'Auvergne-Rh\u00f4ne-Alpes - 01-2025-11-10-00004\n- Arr\u00eat\u00e9 interpr\u00e9fectoral n\u00b0DREAL-AURA-EHN-2025-2 portant d\u00e9rogation aux dispositions de l'article L.411-1 du code de\nl'environnement pour\u00a0capture suivie d'un rel\u00e2cher imm\u00e9diat sur place d'esp\u00e8ces animales prot\u00e9g\u00e9es (amphibiens, insectes,\nmammif\u00e8res et reptiles)\n65\n| |PREFETEDE LA REGIONAUVERGNE-RHONE-ALPESLibert\u00e9Egalit\u00e9Fraternit\u00e9\nLyon, le 10 novembre 2025\nArr\u00eat\u00e9 interpr\u00e9fectoral n\u00b0DREAL-AURA-EHN-2025-2\nportant d\u00e9rogation aux dispositions de l'article L.411-1 du code de l'environnement pour\u00a0: \ncapture suivie d'un rel\u00e2cher imm\u00e9diat sur place d'esp\u00e8ces animales prot\u00e9g\u00e9es \n(amphibiens, insectes, mammif\u00e8res et reptiles)\nB\u00e9n\u00e9ficiaire\u00a0: Bureau d'\u00e9tudes EODD\nLA PR\u00c9F\u00c8TE DE L'AIN,\nChevalier de la L\u00e9gion d'honneur\nOfficier de l'ordre national du M\u00e9rite\nLE PR\u00c9FET DE L'ALLIER\nChevalier de l'ordre national du M\u00e9rite\nLE PR\u00c9FET DE L'ARD\u00c8CHE\nLE PR\u00c9FET DU CANTAL,\nOfficier de l'ordre national du M\u00e9rite\nLA PR\u00c9F\u00c8TE DE LA DR\u00d4ME\nChevalier de la L\u00e9gion d'honneur\nChevalier de l'ordre national du M\u00e9rite\nLA PR\u00c9F\u00c8TE DE L'IS\u00c8RE,\nChevalier de la L\u00e9gion d'honneur\nChevalier de l'ordre national du M\u00e9rite\nLE PR\u00c9FET DE LA HAUTE-LOIRE\nChevalier de l'ordre national du M\u00e9rite\nChevalier de l'ordre du M\u00e9rite agricole\nLE PR\u00c9FET DU PUY-DE-D\u00d4ME\nChevalier de la L\u00e9gion d'honneur\nChevalier de l'ordre national du M\u00e9rite\nLA PR\u00c9F\u00c8TE DE LA R\u00c9GION AUVERGNE-RH\u00d4NE-ALPES\nPR\u00c9F\u00c8TE DU RH\u00d4NE\nCommandeur de la L\u00e9gion d'honneur\nCommandeur de l'ordre national du M\u00e9rite\nLA PR\u00c9F\u00c8TE DE LA SAVOIE,\nChevalier de la L\u00e9gion d'honneur\nOfficier de l'ordre national du M\u00e9rite\nAdresse postale : 69453 LYON CEDEX 06\nStandard : 04 26 28 60 00 - www.auvergne-rhone-alpes.developpement-durable.gouv.fr page 1/8\nDirection r\u00e9gionale de l'environnement,\nde l'am\u00e9nagement et du logement\nAuvergne-Rh\u00f4ne-Alpes\n84_DREAL_Direction r\u00e9gionale de l'environnement, de l'am\u00e9nagement et du logement d'Auvergne-Rh\u00f4ne-Alpes - 01-2025-11-10-00004\n- Arr\u00eat\u00e9 interpr\u00e9fectoral n\u00b0DREAL-AURA-EHN-2025-2 portant d\u00e9rogation aux dispositions de l'article L.411-1 du code de\nl'environnement pour\u00a0capture suivie d'un rel\u00e2cher imm\u00e9diat sur place d'esp\u00e8ces animales prot\u00e9g\u00e9es (amphibiens, insectes,\nmammif\u00e8res et reptiles)\n66\nVU le code de l'environnement, et notamment ses articles L.163-5, L.411-1, L.411-1A, L.411-2 et R.411-1 \u00e0\nR.411-14\u00a0;\nVU le code des relations entre le public et l'administration, et notamment ses articles L.221-2, L.221-3\u00a0;\nVU l'arr\u00eat\u00e9  interminist\u00e9riel  du  19  f\u00e9vrier  2007  modifi\u00e9  fixant  les  conditions  de  demande  et\nd'instruction des d\u00e9rogations d\u00e9finies au 4\u00b0 de l'article L. 411-2 du code de l'environnement portant\nsur les esp\u00e8ces de faune et de flore sauvages prot\u00e9g\u00e9es\u00a0;\nVU l'arr\u00eat\u00e9 interminist\u00e9riel du 23 avril 2007 fixant la liste des insectes prot\u00e9g\u00e9s sur l'ensemble du\nterritoire et les modalit\u00e9s de leur protection\u00a0;\nVU l'arr\u00eat\u00e9 interminist\u00e9riel du 23 avril 2007 modifi\u00e9 fixant la liste des mammif\u00e8res terrestres prot\u00e9g\u00e9s\nsur l'ensemble du territoire et les modalit\u00e9s de leur protection\u00a0;\nVU l'arr\u00eat\u00e9 interminist\u00e9riel du 18 d\u00e9cembre 2014 fixant les conditions et limites dans lesquelles des\nd\u00e9rogations \u00e0 l'interdiction de capture de sp\u00e9cimens d'esp\u00e8ces animales prot\u00e9g\u00e9es peuvent  \u00eatre\naccord\u00e9es par les pr\u00e9fets pour certaines op\u00e9rations pour lesquelles la capture est suivie d'un rel\u00e2cher\nimm\u00e9diat sur place ; \nVU l'arr\u00eat\u00e9 pr\u00e9fecto ral n\u00b001-2025-05-28-00001 du 28 mai 2025 portant d\u00e9l\u00e9gation de signature \u00e0\nM.\u00a0Renaud DURAND, directeur r\u00e9gional par int\u00e9rim de l'environnement, de l'am\u00e9nagement et du\nlogement Auvergne-Rh\u00f4ne-Alpes, dans le ressort du d\u00e9partement de l'Ain\u00a0;\nVU l'arr\u00eat\u00e9 pr\u00e9fectoral n\u00b0DREAL-SG-2025-47/01 du 02 juin 2025 portant subd\u00e9l\u00e9gation de signature\naux agents de la direction r\u00e9gionale de l'environnement, de l'am\u00e9nagement et du logement  (DREAL)\nAuvergne-Rh\u00f4ne-Alpes pour les comp\u00e9tences g\u00e9n\u00e9rales et techniques pour le d\u00e9partement de l'Ain\u00a0;\nVU l'arr\u00eat\u00e9 pr\u00e9fectoral n\u00b0916/2025 du 09 mai 2025 conf\u00e9rant d\u00e9l\u00e9gation de signature \u00e0  M.\u00a0Renaud\nDURAND, directeur r\u00e9gional par int\u00e9rim  de l'environnement, de l'am\u00e9nagement et du logement Au -\nvergne-Rh\u00f4ne-Alpes, dans le ressort du d\u00e9partement de l'Allier\u00a0;\nVU l'arr\u00eat\u00e9 pr\u00e9fectoral n\u00b0DREAL-SG-2025-48/03 du 20 mai 202 portant subd\u00e9l\u00e9gation de signature\naux agents de la DREAL Auvergne-Rh\u00f4ne-Alpes pour les comp\u00e9tences g\u00e9n\u00e9rales et techniques, pour le\nd\u00e9partement de l'Allier\u00a0;\nVU l'arr\u00eat\u00e9 pr\u00e9fecto ral n\u00b007-2025-08-25-00033 du 25 ao\u00fbt 2025 portant d\u00e9l\u00e9gation de signature \u00e0\nM.\u00a0Renaud DURAND, directeur r\u00e9gional par int\u00e9rim de l'environnement, de l'am\u00e9nagement et du\nlogement Auvergne-Rh\u00f4ne-Alpes, dans le ressort du d\u00e9partement de l'Ard\u00e8che\u00a0;\nVU l'arr\u00eat\u00e9 pr\u00e9fectoral n\u00b0DREAL-SG-2025-87 du 26 ao\u00fbt 2025 portant subd\u00e9l\u00e9gation de signature aux\nagents de la DREAL Auvergne-Rh\u00f4ne-Alpes pour les comp\u00e9tences g\u00e9n\u00e9rales et techniques pour le\nd\u00e9partement de l'Ard\u00e8che\u00a0;\nVU l'arr\u00eat\u00e9 pr\u00e9fectoral n\u00b02025-582 du 12  mai 2025 portant  d\u00e9l\u00e9gation de signature \u00e0  M.\u00a0Renaud\nDURAND,  directeur  r\u00e9gional  par  int\u00e9rim de l'environnement,  de l'am\u00e9nagement  et  du  logement\nAuvergne-Rh\u00f4ne-Alpes dans le ressort du d\u00e9partement du Cantal\u00a0;\nVU l'arr\u00eat\u00e9 pr\u00e9fectoral n\u00b0DREAL-SG-2025-72/15 du 20 mai 2025 portant subd\u00e9l\u00e9gation de signature\naux agents de la DREAL Auvergne-Rh\u00f4ne-Alpes pour les comp\u00e9tences g\u00e9n\u00e9rales et techniques, pour le\nd\u00e9partement du Cantal\u00a0;\nVU l'arr\u00eat\u00e9 pr\u00e9fectoral n\u00b026 2025-09-02-00016 du 02 septembre 2025 portant d\u00e9l\u00e9gation de signature\n\u00e0  M.\u00a0Renaud DURAND, directeur r\u00e9gional par int\u00e9rim  de l'environnement, de l'am\u00e9nagement et du\nlogement Auvergne-Rh\u00f4ne-Alpes pour le d\u00e9partement de la Dr\u00f4me\u00a0;\nVU l'arr\u00eat\u00e9  pr\u00e9fectoral  n\u00b0DREAL-SG-2025-95  du  03  septembre  2025  portant  subd\u00e9l\u00e9gation  de\nsignature  aux  agents  de  la  DREAL  Auvergne-Rh\u00f4ne-Alpes  pour  les  comp\u00e9tences  g\u00e9n\u00e9rales  et\ntechniques pour le d\u00e9partement de la Dr\u00f4me\u00a0;\nVU l'arr\u00eat\u00e9 pr\u00e9fe ctoral n\u00b038-2025-05-16-00006 du 16 mai 2025 portant  d\u00e9l\u00e9gation de signature \u00e0\nAdresse postale : 69453 LYON CEDEX 06\nStandard : 04 26 28 60 00 - www.auvergne-rhone-alpes.developpement-durable.gouv.fr page 2/8\n84_DREAL_Direction r\u00e9gionale de l'environnement, de l'am\u00e9nagement et du logement d'Auvergne-Rh\u00f4ne-Alpes - 01-2025-11-10-00004\n- Arr\u00eat\u00e9 interpr\u00e9fectoral n\u00b0DREAL-AURA-EHN-2025-2 portant d\u00e9rogation aux dispositions de l'article L.411-1 du code de\nl'environnement pour\u00a0capture suivie d'un rel\u00e2cher imm\u00e9diat sur place d'esp\u00e8ces animales prot\u00e9g\u00e9es (amphibiens, insectes,\nmammif\u00e8res et reptiles)\n67\nM.Renaud  DURAND,  directeur r\u00e9gional  par  int\u00e9rim  de l'environnement, de l'am\u00e9nagement et du\nlogement Auvergne-Rh\u00f4ne-Alpes pour le d\u00e9partement de l'Is\u00e8re\u00a0;\nVU l'arr\u00eat\u00e9 pr\u00e9fectoral n\u00b0DREAL-SG-2025-52/38 du 19 mai 2025 portant subd\u00e9l\u00e9gation de signature\naux agents de la DREAL Auvergne-Rh\u00f4ne-Alpes pour les comp\u00e9tences g\u00e9n\u00e9rales et techniques pour le\nd\u00e9partement de l'Is\u00e8re\u00a0;\nVU l'arr\u00eat\u00e9 pr\u00e9fectoral SG/COORDINATION 2025-24 du 26 mai 2025 portant d\u00e9l\u00e9gation de signature\nM.\u00a0Renaud DURAND, directeur r\u00e9gional par int\u00e9rim  de l'environnement, de l'am\u00e9nagement et du\nlogement Auvergne-Rh\u00f4ne-Alpes, dans le ressort du d\u00e9partement de la Haute-Loire\u00a0;\nVU l'arr\u00eat\u00e9 pr\u00e9fectoral n\u00b0DREAL-SG-2025-54 du 28 mai 2025 portant subd\u00e9l\u00e9gation de signature aux\nagents  de la DREAL  Auvergne-Rh\u00f4ne-Alpes pour les comp\u00e9tences g\u00e9n\u00e9rales et techniques pour le\nd\u00e9partement de la Haute-Loire\u00a0;\nVU l'arr\u00eat\u00e9 pr\u00e9fectoral n\u00b020250752 du 15 mai 2025 portant d\u00e9l\u00e9gation de signature \u00e0  M.\u00a0Renaud\nDURAND,  directeur  r\u00e9gional  par  int\u00e9rim  de l'environnement,  de l'am\u00e9nagement  et  du  logement\nAuvergne-Rh\u00f4ne-Alpes, dans le ressort du d\u00e9partement du Puy-de-D\u00f4me\u00a0;\nVU l'arr\u00eat\u00e9 pr\u00e9fectoral n\u00b0DREAL-SG-2025-69/63 du 20 mai 2025 portant subd\u00e9l\u00e9gation de signature\naux agents de la DREAL Auvergne-Rh\u00f4ne-Alpes pour les comp\u00e9tences g\u00e9n\u00e9rales et techniques pour le\nd\u00e9partement du Puy-de-D\u00f4me\u00a0;\nVU l'arr\u00eat\u00e9 pr\u00e9fectoral n\u00b069-2025-05-09-00003 du 09 mai 2025 portant d\u00e9l\u00e9gation de signature \u00e0\nM.\u00a0Renaud DURAND, directeur r\u00e9gional par int\u00e9rim  de l'environnement, de l'am\u00e9nagement et du\nlogement de la r\u00e9gion Auvergne-Rh\u00f4ne-Alpes dans le ressort du d\u00e9partement du Rh\u00f4ne\u00a0;\nVU l'arr\u00eat\u00e9 pr\u00e9fectoral n\u00b0DREAL-SG-2025-56/69 du 20 mai 2025 portant subd\u00e9l\u00e9gation de signature aux\nagents de la DREAL Auvergne-Rh\u00f4ne-Alpes pour les comp\u00e9tences g\u00e9n\u00e9rales et techniques pour  le\nd\u00e9partement du Rh\u00f4ne\u00a0;\nVU l'arr\u00eat\u00e9  pr\u00e9fectoral  DCL-PEJ  n\u00b046-2025  du  11  juillet  2025  portant  d\u00e9l\u00e9gation  de  signature  \u00e0\nM.Renaud  DURAND,  directeur r\u00e9gional  par  int\u00e9rim de l'environnement, de l'am\u00e9nagement  et du\nlogement Auvergne-Rh\u00f4ne-Alpes, dans le ressort du d\u00e9partement de la Savoie\u00a0;\nVU l'arr\u00eat\u00e9 pr\u00e9fectoral n\u00b0DREAL-SG-2025-81 du 15 juillet 2025 portant subd\u00e9l\u00e9gation de signature aux\nagents de la DREAL Auvergne-Rh\u00f4ne-Alpes pour les comp\u00e9tences g\u00e9n\u00e9rales et techniques pour  le\nd\u00e9partement de la Savoie\u00a0; \nVU les lignes directrices de la DREAL Auvergne-Rh\u00f4ne-Alpes du 30 octobre 2017 pr\u00e9cisant la nature\ndes d\u00e9cisions individuelles, notamment dans le cadre des d\u00e9rogations \u00e0 la protection des esp\u00e8ces,\nsoumises  ou  non  \u00e0  participation  du  public,  au  vu  de  leur  incidence  sur  la  protection  de\nl'environnement, dans l'ensemble des d\u00e9partements de la r\u00e9gion Auvergne-Rh\u00f4ne-Alpes\u00a0;\nVU  la demande  de d\u00e9rogation pou r la capture suivi e d'un rel\u00e2cher imm\u00e9diat sur place d'esp\u00e8ces\nanimales prot\u00e9g\u00e9es d\u00e9pos\u00e9e le 26 f\u00e9vrier 2025 et compl\u00e9t\u00e9e les 13 et 15 octobre 2025 par le  bureau\nd'\u00e9tudes EODD\u00a0;\nVU le projet d'arr\u00eat\u00e9 transmis le 10 octobre 2025 au p\u00e9titionnaire, et sa r\u00e9ponse du 15 octobre\u00a02025\u00a0;\nCONSID\u00c9RANT que la pr\u00e9sente demande est d\u00e9pos\u00e9e\u00a0:\n\u2022 dans l'int\u00e9r\u00eat de la protection de la faune et de la flore sauvages et de la conservation des\nhabitats naturels\u00a0;\n\u2022 pour permettre, dans des conditions strictement contr\u00f4l\u00e9es, d'une mani\u00e8re s\u00e9lective et dans\nune  mesure  limit\u00e9e,  la  prise  ou  la  d\u00e9tention  d'un  nombre  limit\u00e9  et  sp\u00e9cifi\u00e9  de  certains\nsp\u00e9cimens\u00a0;\nCONSID\u00c9RANT qu'il n'existe pas d'autre solution satisfaisante\u00a0;\nCONSID\u00c9RANT que la d\u00e9rogation ne nuit pas au maintien, dans un \u00e9tat de conservation favorable,\nAdresse postale : 69453 LYON CEDEX 06\nStandard : 04 26 28 60 00 - www.auvergne-rhone-alpes.developpement-durable.gouv.fr page 3/8\n84_DREAL_Direction r\u00e9gionale de l'environnement, de l'am\u00e9nagement et du logement d'Auvergne-Rh\u00f4ne-Alpes - 01-2025-11-10-00004\n- Arr\u00eat\u00e9 interpr\u00e9fectoral n\u00b0DREAL-AURA-EHN-2025-2 portant d\u00e9rogation aux dispositions de l'article L.411-1 du code de\nl'environnement pour\u00a0capture suivie d'un rel\u00e2cher imm\u00e9diat sur place d'esp\u00e8ces animales prot\u00e9g\u00e9es (amphibiens, insectes,\nmammif\u00e8res et reptiles)\n68\ndes populations d'esp\u00e8ces prot\u00e9g\u00e9es concern\u00e9es dans leur aire de r\u00e9partition naturelle compte tenu\ndes prescriptions mises en \u0153uvre, telles que d\u00e9taill\u00e9es \u00e0 l'article 2 ci-apr\u00e8s\u00a0;\nCONSID\u00c9RANT que les personnes habilit\u00e9es disposent de la comp\u00e9tence pour la mise en \u0153uvre des\nop\u00e9rations consid\u00e9r\u00e9es\u00a0;\nSUR proposition du directeur  r\u00e9gional  par  int\u00e9rim  de l'Environnement, de l'Am\u00e9nagement  et du\nLogement de la r\u00e9gion Auvergne-Rh\u00f4ne-Alpes\u00a0;\nARR\u00caTE\nARTICLE 1\u00a0: B\u00e9n\u00e9ficiaire de l'autorisation et objet\u00a0 \nDans  le  cadre  de ses  actions  d'inventaires  et  de  suivis  d'esp\u00e8ces  animales  prot\u00e9g\u00e9es,  le  bureau\nd'\u00e9tudes EODD ,  dont le si\u00e8ge social  est situ\u00e9 171/173 rue L\u00e9on Blum \u00e0 VILLEURBANNE (69100),  est\nautoris\u00e9 \u00e0 pratiquer, dans le cadre d\u00e9fini aux articles 2 et suivants du pr\u00e9sent arr\u00eat\u00e9\u00a0:\n\u2022 la capture suivie d'un rel\u00e2cher imm\u00e9diat sur place d'esp\u00e8ces animales prot\u00e9g\u00e9es\u00a0:\n> AMPHIBIENS\nEnsemble des esp\u00e8ces potentiellement pr\u00e9sentes dans le p\u00e9rim\u00e8tre d'\u00e9tude,\n\u00e0 l'exception des esp\u00e8ces list\u00e9es \u00e0 l'arr\u00eat\u00e9 minist\u00e9riel du 9 juillet 1999 (esp\u00e8ces menac\u00e9es \nd'extinction)\n> INSECTES\nL\u00e9pidopt\u00e8res rhopaloc\u00e8res, col\u00e9opt\u00e8res, odonates (dont exuvies) et orthopt\u00e8res \npotentiellement pr\u00e9sents dans le p\u00e9rim\u00e8tre d'\u00e9tude\n> MAMMIF\u00c8RES\nEnsemble des H\u00e9rissons d'Europe (Erinaceus europaeus), Muscardins (Muscardinus \navellanarius) et chiropt\u00e8res potentiellement pr\u00e9sents dans le p\u00e9rim\u00e8tre d'\u00e9tude,\n\u00e0 l'exception des esp\u00e8ces list\u00e9es \u00e0 l'arr\u00eat\u00e9 minist\u00e9riel du 9 juillet 1999 (esp\u00e8ces menac\u00e9es \nd'extinction)\n> REPTILES\nEnsemble des esp\u00e8ces potentiellement pr\u00e9sentes dans le p\u00e9rim\u00e8tre d'\u00e9tude,\n\u00e0 l'exception des esp\u00e8ces list\u00e9es \u00e0 l'arr\u00eat\u00e9 minist\u00e9riel du 9 juillet 1999 (esp\u00e8ces menac\u00e9es \nd'extinction)\nARTICLE 2\u00a0: Prescriptions techniques\n> Lieu d'intervention \u00a0:  d\u00e9partements de l'A in,  Allier, Ard\u00e8che,  Cantal,  Dr\u00f4me, Is\u00e8re,  Haute-Loire,\nPuy-de-D\u00f4me, Rh\u00f4ne et Savoie.\n> Protocole\u00a0:\nLe b\u00e9n\u00e9ficiaire proc\u00e8de \u00e0 des inventaires de population d'esp\u00e8ces animales sauvages dans le cadre\nde\u00a0:\n\u2022 l'\u00e9valuation  pr\u00e9alable  et  du  suivi  des  impacts  sur  la  biodiversit\u00e9  de  projets  de  travaux,\nd'ouvrages et d'am\u00e9nagements. Les protocoles d'inventaires sont \u00e9tablis par des personnes\nmorales  ou  physiques  d\u00fbment  mandat\u00e9es  par  les  responsables  des  projets  de  travaux,\nd'ouvrages et d'am\u00e9nagements, pour la r\u00e9alisation de tels inventaires,\n\u2022 l'\u00e9laboration ou du suivi de plans, de sch\u00e9mas, de programmes ou d'autres documents de\nAdresse postale : 69453 LYON CEDEX 06\nStandard : 04 26 28 60 00 - www.auvergne-rhone-alpes.developpement-durable.gouv.fr page 4/8\n84_DREAL_Direction r\u00e9gionale de l'environnement, de l'am\u00e9nagement et du logement d'Auvergne-Rh\u00f4ne-Alpes - 01-2025-11-10-00004\n- Arr\u00eat\u00e9 interpr\u00e9fectoral n\u00b0DREAL-AURA-EHN-2025-2 portant d\u00e9rogation aux dispositions de l'article L.411-1 du code de\nl'environnement pour\u00a0capture suivie d'un rel\u00e2cher imm\u00e9diat sur place d'esp\u00e8ces animales prot\u00e9g\u00e9es (amphibiens, insectes,\nmammif\u00e8res et reptiles)\n69\nplanification  n\u00e9cessitant  l'acquisition  de  connaissances  ou  visant  \u00e0  la  pr\u00e9servation  du\npatrimoine naturel pr\u00e9vus par des dispositions du code de l'environnement. Les protocoles\nd'inventaires sont \u00e9tablis par des personnes morales ou physiques d\u00fbment mandat\u00e9es par\nl'autorit\u00e9  d\u00e9sign\u00e9e  par  le  code  de  l'environnement  pour  \u00e9laborer  le  plan,  le  sch\u00e9ma,  le\nprogramme ou le document de planification consid\u00e9r\u00e9.\nLes op\u00e9rations de capture sont strictement limit\u00e9es \u00e0 ce qui est n\u00e9cessaire pour atteindre l'objectif\nrecherch\u00e9.\nLe protocole d'inventaire permet de qualifier correctement le niveau des populations et l'importance\nde celles-ci au regard de l'\u00e9tat de conservation des esp\u00e8ces concern\u00e9es en tenant compte de leur\nbiologie et de leurs cycles biologiques.\n> Mo  dalit\u00e9s  \u00a0  :  \nLes modalit\u00e9s de capture sont les suivantes\u00a0:\n\u2022 les captures et manipulations sont r\u00e9alis\u00e9es uniquement en cas de n\u00e9cessit\u00e9, sur des dur\u00e9es\nles plus courtes possible\u00a0;\n\u2022 les  animaux  captur\u00e9s  sont  manipul\u00e9s  d\u00e9licatement,  prot\u00e9g\u00e9s  contre  les  temp\u00e9ratures\nextr\u00eames et rel\u00e2ch\u00e9s imm\u00e9diatement apr\u00e8s identification sur le lieu de capture\u00a0;\n\u2022 aucune manipulation d'\u0153ufs n'est effectu\u00e9e\u00a0;\n\u2022 les filets et \u00e9puisettes sont v\u00e9rifi\u00e9s, avant chaque utilisation, afin qu'ils ne comportent aucun\n\u00e9l\u00e9ment pouvant blesser les individus\u00a0;\n\u2022 les animaux ne sont pas captur\u00e9s en phase de copulation ou de ponte\u00a0;\n\u2022 les captures sont r\u00e9alis\u00e9es selon des modalit\u00e9s et \u00e0 l'aide de moyens n'occasionnant aucune\nblessure ni mutilation aux animaux captur\u00e9s\u00a0;\n\u2022 aucune op\u00e9ration de marquage n'est r\u00e9alis\u00e9e\u00a0;\n\u2022 le cas \u00e9ch\u00e9ant, capture temporaire de certains individus dans des r\u00e9cipients adapt\u00e9s pour\nidentification, puis rel\u00e2cher imm\u00e9diat sur le lieu de capture\u00a0;\n\u2022 aucune capture l\u00e9tale n'est r\u00e9alis\u00e9e\u00a0;\n\u2022 en  cas  de  travaux  d'int\u00e9r\u00eat  g\u00e9n\u00e9ral,  dans  le  cadre  de  sauvetages  ponctuels,  \u00e0  titre\nexceptionnel  et uniquement en dehors du cas de travaux d'am\u00e9nagement n\u00e9cessitant \u00e0 ce\ntitre l'obtention d'une d\u00e9rogation \u00e0 la protection des esp\u00e8ces, d\u00e9placement d'individus se\ntrouvant sur les emprises de travaux vers des zones refuge, hors p\u00e9riode de reproduction et\navec mise en place  de barri\u00e8re anti-retour pour limiter l'acc\u00e8s \u00e0 la zone de travaux le cas\n\u00e9ch\u00e9ant.\nModalit\u00e9s sp\u00e9cifiques concernant   les amphibiens  \u00a0  :  \n\u2022 capture manuelle des amphibiens \u00e0 l'aide de filet troubleau ou d'\u00e9puisette ;\n\u2022 individus plac\u00e9s dans un seau contenant une lame d'eau et rel\u00e2cher imm\u00e9diat \u00e0 proximit\u00e9\nimm\u00e9diate du lieu de capture\u00a0;\n\u2022 afin de limiter  la diss\u00e9mination de chytridiomycose et  d'autres maladies (ranaviroses),  les\nprescriptions du protocole d'hygi\u00e8ne pour le contr\u00f4le des maladies des amphibiens dans la\nnature \u00e0 destination des op\u00e9rateurs de terrain1\n, sont scrupuleusement respect\u00e9es.\nModalit\u00e9s sp\u00e9cifiques concernant les insectes  \u00a0  :  \n\u2022 capture au filet entomologique pour identification en cas de n\u00e9cessit\u00e9\u00a0;\n\u2022 les odonates sont maintenus par les ailes tandis que les rhopaloc\u00e8res sont observ\u00e9s \u00e0 travers le\nfilet pour ne pas endommager leurs \u00e9cailles.\nModalit\u00e9s sp\u00e9cifiques concernant les mammif\u00e8res  \u00a0  :  \n1 Miaud C., 2014 - Protocole d'hygi\u00e8ne pour le contr\u00f4le des maladies des amphibiens dans la nature \u00e0 destination des op\u00e9rateurs\nde terrain. Agence de l'eau Rh\u00f4ne-M\u00e9diterran\u00e9e Corse, Universit\u00e9 de Savoie et \u00c9cole pratique des Hautes \u00c9tudes (eds), 7 p.\nAdresse postale : 69453 LYON CEDEX 06\nStandard : 04 26 28 60 00 - www.auvergne-rhone-alpes.developpement-durable.gouv.fr page 5/8\n84_DREAL_Direction r\u00e9gionale de l'environnement, de l'am\u00e9nagement et du logement d'Auvergne-Rh\u00f4ne-Alpes - 01-2025-11-10-00004\n- Arr\u00eat\u00e9 interpr\u00e9fectoral n\u00b0DREAL-AURA-EHN-2025-2 portant d\u00e9rogation aux dispositions de l'article L.411-1 du code de\nl'environnement pour\u00a0capture suivie d'un rel\u00e2cher imm\u00e9diat sur place d'esp\u00e8ces animales prot\u00e9g\u00e9es (amphibiens, insectes,\nmammif\u00e8res et reptiles)\n70\n- pour les H\u00e9rissons d'Europe   (  Erinaceus europaeus  )   et les Muscardins     (  Muscardinus avellanarius  )  \u00a0  :  \n\u2022 capture manuelle des individus\u00a0;\n\u2022 manipulateurs dot\u00e9s de gants\u00a0;\n\u2022 individus  plac\u00e9s  d\u00e9licatement  dans  un  carton  a\u00e9r\u00e9  et  rel\u00e2cher  dans  un  environnement\nfavorable \u00e0 proximit\u00e9 imm\u00e9diate du lieu de capture.\n- pour les chiropt\u00e8res :\n\u2022 analyse de la situation en amont de chaque op\u00e9ration, en privil\u00e9giant l'absence de capture :\ninterventions uniquement en cas de n\u00e9cessit\u00e9 pour la pr\u00e9servation du ou des sp\u00e9cimen(s) ;\n\u2022 respect des r\u00e8gles d'hygi\u00e8ne et de mise en s\u00e9curit\u00e9 des individus, notamment :\n> manipulateurs dot\u00e9s de gants\u00a0:\n- gants en latex pour les petites esp\u00e8ces et gants \u00e9pais, g\u00e9n\u00e9ralement en cuir, pour les\ngrosses esp\u00e8ces,\n- masque pour \u00e9viter toute transmission de pathog\u00e8nes ;\n> individus plac\u00e9s dans des pochons de contention ou des cartons de petites dimensions du -\nrant leur d\u00e9placement, permettant de conserver une obscurit\u00e9 relativement importante en\npleine journ\u00e9e, et contenant une bouteille d'eau chaude.\nModalit\u00e9s sp\u00e9cifiques concernant les reptiles  \u00a0  :  \n\u2022 recherche \u00e0 vue privil\u00e9gi\u00e9e\u00a0;\n\u2022 pose de plaque refuge\u00a0;\n\u2022 capture manuelle de certains sp\u00e9cimens pour identification, en cas de n\u00e9cessit\u00e9.\nLa pression d'inventaire maximale annuelle est \u00e9valu\u00e9e \u00e0 40 \u00a0jours de terrain par d\u00e9partement, avec\nl'intervention possible de deux personnes proc\u00e9dant simultan\u00e9ment aux op\u00e9rations.\nARTICLE 3\u00a0: Personnes habilit\u00e9es\u00a0\nLes personnes habilit\u00e9es pour r\u00e9aliser les op\u00e9rations sont au sein du bureau d'\u00e9tudes EODD\u00a0: \n\u2022 Alex BARATEAU, \u00e9cologue, charg\u00e9 de projets, titulaire d'un dipl\u00f4me d'ing\u00e9nieur\u00a0;\n\u2022 Solenn  CHAUDET,  manager  et  responsable  de  projets  \u00e9cologue,  titulaire  d'un  master\nBiodiversit\u00e9, \u00e9cologie et environnement\u00a0;\n\u2022 Diane CLERE, charg\u00e9e d'\u00e9tudes faune, titulaire d'un master Science de l'environnement\u00a0;\n\u2022 Antoine COCHARD , charg\u00e9 d'\u00e9tudes faune,  titulaire d'un master  Ing\u00e9nierie en \u00e9cologie et\ngestion de la biodiversit\u00e9\u00a0;\n\u2022 Frank  GOUTAUDIER ,  charg\u00e9  d'\u00e9tudes  faune,  titulaire  d'un  master  Bio\u00e9valuation  des\n\u00e9cosyst\u00e8mes et expertise de la biodiversit\u00e9\u00a0;\n\u2022 Jorann  GRAVE,  charg\u00e9 d'\u00e9tudes  faune,  titulaire  d'un master  M\u00e9tiers  de  l'enseignement  de\nl'\u00e9ducation et de la formation - Sciences de la vie et de la terre\u00a0; \n\u2022 C\u00e9lia HEYDON, charg\u00e9e d'\u00e9tudes \u00e9cologue sp\u00e9cialit\u00e9 faune, titulaire d'un master Biodiversit\u00e9,\n\u00e9cologie et \u00e9volution\u00a0;\n\u2022 Damien MARGAS,  ing\u00e9nieur conseils \u00e9cologue fauniste \u2013 responsable de projets \u00e9cologue,\ntitulaire d'un master \u00c9cologie op\u00e9rationnelle\u00a0;\n\u2022 Jean-Baptiste MARTINEAU, responsable de projets\u00a0;\n\u2022 Vivien  SOTTEJEAU, directeur  de  projets,  titulaire  d'un  master  Eco-ing\u00e9nierie  des  zones\nhumides\u00a0;\n\u2022 Mathilde  USSELMANN,  charg\u00e9e  de  projets  \u00e9cologue,  titulaire  d'un  master  \u00c9cologie  et\n\u00e9thologie\u00a0;\n\u2022 Lucas VINCENTI, responsable de projets, titulaire d'un master Gestion de la biodiversit\u00e9\u00a0;\nAdresse postale : 69453 LYON CEDEX 06\nStandard : 04 26 28 60 00 - www.auvergne-rhone-alpes.developpement-durable.gouv.fr page 6/8\n84_DREAL_Direction r\u00e9gionale de l'environnement, de l'am\u00e9nagement et du logement d'Auvergne-Rh\u00f4ne-Alpes - 01-2025-11-10-00004\n- Arr\u00eat\u00e9 interpr\u00e9fectoral n\u00b0DREAL-AURA-EHN-2025-2 portant d\u00e9rogation aux dispositions de l'article L.411-1 du code de\nl'environnement pour\u00a0capture suivie d'un rel\u00e2cher imm\u00e9diat sur place d'esp\u00e8ces animales prot\u00e9g\u00e9es (amphibiens, insectes,\nmammif\u00e8res et reptiles)\n71\n\u2022 Chlo\u00e9 VULLO, charg\u00e9e d'\u00e9tudes faune, titulaire d'un master \u00c9cologie et \u00e9thologie\u00a0;\n\u2022 Marie DAYET, jusqu'au terme de son alternance en tant que charg\u00e9e d'\u00e9tud e faune, \u00e9tudiante\nen licence professionnelle Analyses et Techniques d'Inventaires de la Biodiversit\u00e9.\nLes personnes habilit\u00e9es sont porteuses de la pr\u00e9sente autorisation lors des op\u00e9rations vis\u00e9es, et sont\ntenues de la pr\u00e9senter \u00e0 toute demande des agents commissionn\u00e9s au titre de l'environnement.\nPour  tenir  compte des mouvements  de personnel,  le bureau  d'\u00e9tudes  EODD doit  communiquer\nannuellement  \u00e0  la  DREAL Auvergne-Rh\u00f4ne-Alpes  (service  Eau,  Hydro\u00e9lectricit\u00e9  et  Nature  /  p\u00f4le\nPr\u00e9servation des milieux et des esp\u00e8ces - pme.ehn.dreal-ara@developpement-durable.gouv.fr), la liste\ndes personnels charg\u00e9s de la mise en \u0153uvre de la pr\u00e9sente autorisation.\nARTICLE 4\u00a0: Dur\u00e9e de validit\u00e9 de l'autorisation\nCette autorisation est valable jusqu'au 31 d\u00e9cembre 2030, sous r\u00e9serve stricte de la transmission des\nrapports annuels sur la mise en \u0153uvre de la d\u00e9rogation au cours de l'ann\u00e9e pr\u00e9c\u00e9dente mentionn\u00e9s \u00e0\nl'article 5 ci-apr\u00e8s. La non transmission desdits rapports dans les d\u00e9lais indiqu\u00e9s rend caduque la\npr\u00e9sente d\u00e9rogation. Toute demande de prolongation de la pr\u00e9sente d\u00e9rogation doit \u00eatre d\u00e9pos\u00e9e\navant le 30 juin 2030.\nARTICLE 5\u00a0: Mise \u00e0 disposition des donn\u00e9es\nLe b\u00e9n\u00e9ficiaire met ses donn\u00e9es d'observation d'esp\u00e8ces \u00e0 disposition de la DREAL Auvergne-Rh\u00f4ne-\nAlpes  dans  les  conditions  d\u00e9finies  par  le  syst\u00e8me  d'information  sur  la  nature  et  les  paysages,\nnotamment en ce qui concerne les r\u00e8gles de d\u00e9p\u00f4t, de format de donn\u00e9es et de fichiers applicables\naux  m\u00e9tadonn\u00e9es  et  donn\u00e9es  \u00e9l\u00e9mentaire  d'\u00e9change  relatives  aux  occurrences  d'observation\nd'esp\u00e8ces.\nLe b\u00e9n\u00e9ficiaire adresse \u00e0 la DREAL Auvergne-Rh\u00f4ne-Alpes (service Eau, Hydro\u00e9lectricit\u00e9 et Nature /\np\u00f4le Pr\u00e9servation des milieux et des esp\u00e8ces  -  pme.ehn.dreal-ara@developpement-durable.gouv.fr),\nchaque ann\u00e9e avant le 31 mars , un rapport sur la mise en \u0153uvre de la d\u00e9rogation au cours de l'ann\u00e9e\npr\u00e9c\u00e9dente. \nCe rapport comprend\u00a0:\n\u2022 le nombre d'op\u00e9rations conduites sous couvert de la d\u00e9rogation ;\n\u2022 les dates et les lieux par commune des op\u00e9rations ;\n\u2022 les esp\u00e8ces ou groupes d'esp\u00e8ces dont la pr\u00e9sence a \u00e9t\u00e9 identifi\u00e9e ;\n\u2022 le  nombre  de  sp\u00e9cimens  captur\u00e9s  de  chaque  esp\u00e8ce,  le  sexe  lorsque  ce  dernier  est\nd\u00e9terminable et les lieux de capture-rel\u00e2cher\u00a0;\n\u2022 une photographie des faces ventrales et dorsales des individus de Tritons cr\u00eat\u00e9s pour les\nop\u00e9rations r\u00e9alis\u00e9es dans le d\u00e9partement de l'Ain, sur le pays de Gex, en pr\u00e9cisant le nom de\nla commune et du lieu-dit\u00a0;\n\u2022 le nombre d'animaux morts au cours des op\u00e9rations ;\n\u2022 le nombre d'animaux non vis\u00e9s dans la d\u00e9rogation et n\u00e9anmoins pris dans les mat\u00e9riels de\ncapture au cours des op\u00e9rations\u00a0;\n\u2022 le cas \u00e9ch\u00e9ant,  l'\u00e9volution de la liste  des personnels  charg\u00e9s de la mise en \u0153uvre de la\npr\u00e9sente autorisation (article 3), et la justification de leurs comp\u00e9tences.\nARTICLE 6\u00a0: Contr\u00f4les\nAdresse postale : 69453 LYON CEDEX 06\nStandard : 04 26 28 60 00 - www.auvergne-rhone-alpes.developpement-durable.gouv.fr page 7/8\n84_DREAL_Direction r\u00e9gionale de l'environnement, de l'am\u00e9nagement et du logement d'Auvergne-Rh\u00f4ne-Alpes - 01-2025-11-10-00004\n- Arr\u00eat\u00e9 interpr\u00e9fectoral n\u00b0DREAL-AURA-EHN-2025-2 portant d\u00e9rogation aux dispositions de l'article L.411-1 du code de\nl'environnement pour\u00a0capture suivie d'un rel\u00e2cher imm\u00e9diat sur place d'esp\u00e8ces animales prot\u00e9g\u00e9es (amphibiens, insectes,\nmammif\u00e8res et reptiles)\n72\nLa mise en \u0153uvre des prescriptions du pr\u00e9sent arr\u00eat\u00e9 peut faire l'objet de contr\u00f4les par les agents\nhabilit\u00e9s.\nARTICLE 7\u00a0: Sanctions\nLe  non-respect  des  prescriptions  du  pr\u00e9sent  arr\u00eat\u00e9  est  passible  des  sanctions  pr\u00e9vues  pour  les\ninfractions  p\u00e9nales  d\u00e9finies  et  r\u00e9prim\u00e9es  par  les  articles  L.415-3  et  R.415-1  du  code  de\nl'environnement.\nARTICLE 8\u00a0: Autres l\u00e9gislations et r\u00e9glementations\nLa pr\u00e9sente d\u00e9cision ne dispense pas de l'obtention d'autres accords ou autorisations par ailleurs\nn\u00e9cessaires pour la r\u00e9alisation de l'op\u00e9ration susmentionn\u00e9e et du respect des autres dispositions\nl\u00e9gislatives et r\u00e9glementaires susceptibles d'\u00eatre applicables sur les espaces prot\u00e9g\u00e9s du territoire\nd'\u00e9tude.\nARTICLE 9\u00a0: Voies et d\u00e9lais de recours \nLa pr\u00e9sente d\u00e9cision peut faire l'objet d'un recours dans les deux mois qui suivent sa  publication ou\nsa notification\u00a0:\n\u2022 par la voie d'un recours administratif. L'absence de r\u00e9ponse dans le d\u00e9lai de deux mois fait\nna\u00eetre une d\u00e9cision implicite de rejet, qui peut elle-m\u00eame faire l'objet d'un recours devant le\ntribunal administratif comp\u00e9tent,\n\u2022 par la voie d'un recours contentieux devant le tribunal administratif comp\u00e9tent,\n\u2022 par l'application T\u00e9l\u00e9recours citoyens accessible via le site internet www.telerecours.fr.\nARTICLE 10\u00a0: Ex\u00e9cution \nM. le directeur r\u00e9gional de l'environnement, de l'am\u00e9nagement et du logement Auvergne-Rh\u00f4ne-Alpes,\nMM. les chefs des services d\u00e9partementaux de l'Office fran\u00e7ais de la biodiversit\u00e9 de l'Ain, de l'Allier,\nde l'Ard\u00e8che, du Cantal, de la Dr\u00f4me, de l'Is\u00e8re, de la Haute-Loire, du Puy -de-D\u00f4me, du Rh\u00f4ne et de\nla Savoie,\nsont charg\u00e9s, chacun en ce qui le concerne, de l'ex\u00e9cution du pr\u00e9sent arr\u00eat\u00e9 qui sera notifi\u00e9 au\nb\u00e9n\u00e9ficiaire et  publi\u00e9 au  recueil  des actes  administratifs des  pr\u00e9fectures de  l'Ain,  de l'Allier,  de\nl'Ard\u00e8che, du Cantal, de la Dr\u00f4me, de l'Is\u00e8re, de la Haute-Loire, du Puy -de-D\u00f4me, du Rh\u00f4ne et de la\nSavoie.\nPour les Pr\u00e9fets et par d\u00e9l\u00e9gation,\nLa cheffe de service d\u00e9l\u00e9gu\u00e9e\nEau, Hydro\u00e9lectricit\u00e9 et Nature\nSIGNE\nLaurence DAYET\nAdresse postale : 69453 LYON CEDEX 06\nStandard : 04 26 28 60 00 - www.auvergne-rhone-alpes.developpement-durable.gouv.fr page 8/8\n84_DREAL_Direction r\u00e9gionale de l'environnement, de l'am\u00e9nagement et du logement d'Auvergne-Rh\u00f4ne-Alpes - 01-2025-11-10-00004\n- Arr\u00eat\u00e9 interpr\u00e9fectoral n\u00b0DREAL-AURA-EHN-2025-2 portant d\u00e9rogation aux dispositions de l'article L.411-1 du code de\nl'environnement pour\u00a0capture suivie d'un rel\u00e2cher imm\u00e9diat sur place d'esp\u00e8ces animales prot\u00e9g\u00e9es (amphibiens, insectes,\nmammif\u00e8res et reptiles)\n73","date":"2025-11-14","first_seen_on":"2025-11-14T15:05:49+00:00","id":"b85c87f1d4ebe5ce31b64151be9bbac1daca6e76d3cc2cb2515168a29ff2a3f3","name":"recueil-01-2025-380-recueil-des-actes-administratifs-special 14-11-2025","pdf_creation_date":"2025-11-14T15:25:49+00:00","pdf_modification_date":"2025-11-14T14:27:51+00:00","timezone":"Europe/Paris","url":"https://www.ain.gouv.fr/contenu/telechargement/33818/236206/file/recueil-01-2025-380-recueil-des-actes-administratifs-special%2014-11-2025.pdf"}
