{"administration":"pref72","administration_name":"Pr\u00e9fecture de la Sarthe","content":"SARTHE\nRECUEIL DES ACTES\nADMINISTRATIFS SP\u00c9CIAL\nN\u00b0001 DU 23 01 2024\nPUBLI\u00c9 LE 23 JANVIER 2024\nSommaire\nDDFIP / Service Strat\u00e9gie Contr\u00f4le de Gestion\n72-2024-01-12-00003 - D\u00e9cision de nomination de Monsieur Arnaud\nPORCHER en tant que comptable int\u00e9rimaire du service de gestion\ncomptable de Sabl\u00e9-sur-Sarthe (1 page) Page 3\n72-2024-01-23-00001 - D\u00e9l\u00e9gation g\u00e9n\u00e9rale de signature donn\u00e9e par le\nresponsable int\u00e9rimaire du service de gestion comptable de\nSabl\u00e9-sur-Sarthe \u00e0 Monsieur FOUCHER S\u00e9bastien (2 pages) Page 5\nDDT / SUAAJ/MAJ\n72-2024-01-22-00005 - 2024 01 22 Subd\u00e9l\u00e9gation de signature en mati\u00e8re   \nd'ordonnancement secondaire de M. Marc SEVERAC, directeur\nd\u00e9partemental des territoires, \u00e0 des fonctionnaires plac\u00e9s sous son\nautorit\u00e9.  (3 pages) Page 8\n72-2024-01-22-00004 - 2024 01 22 Subd\u00e9l\u00e9gation de signature en mati\u00e8re\nadministrative de M. Marc SEVERAC,  directeur d\u00e9partemental des\nterritoires, \u00e0 des fonctionnaires plac\u00e9s sous son autorit\u00e9. (4 pages) Page 12\n72-2024-01-22-00006 - Subd\u00e9l\u00e9gation de signature  de M. Marc SEVERAC,\ndirecteur d\u00e9partemental des territoires, pour l'exercice des attributions du\npouvoir adjudicateur dans les domaines de comp\u00e9tences de la direction\nd\u00e9partementale des territoires. (3 pages) Page 17\n2\nDDFIP\n72-2024-01-12-00003\nD\u00e9cision de nomination de Monsieur Arnaud\nPORCHER en tant que comptable int\u00e9rimaire du\nservice de gestion comptable de\nSabl\u00e9-sur-Sarthe\nDDFIP - 72-2024-01-12-00003 - D\u00e9cision de nomination de Monsieur Arnaud PORCHER en tant que comptable int\u00e9rimaire du service\nde gestion comptable de Sabl\u00e9-sur-Sarthe 3\nREPUBLIQUEFRANCAISELibert\u00e9Egalit\u00e9Fraternit\u00e9\n1FINANCES PUBLIOUES\nDIRECTION GENERALE DES FINANCES PUBLIQUES\nDIRECTION DEPARTEMENTALE DES FINANCES PUBLIQUES\nDE LA SARTHE\nService des Ressources Humaines\n23, PLACE DES COMTES DU MAINE \u2013 BP 22394\n72002 LE MANS CEDEX 1\nCourriel : ddfip72.ppr.personnel@dgfip.finances.gouv.fr\nN O T I F I C A T I O N\nNom : PORCHER\nPr\u00e9noms : Arnaud\nGrade : Inspecteur des Finances publiques\nest affect\u00e9 \u00e0 la DDFIP SARTHE dans les conditions suivantes :\nService d'affectation Date d'effet de l'affectation\nEquipe de renfort\ncharg\u00e9 de l'int\u00e9rim du SGC de Sabl\u00e9-sur-Sarthe 23/01/2024\nOBSERVATIONS : \nDans l'hypoth\u00e8se o\u00f9 vous estimeriez devoir contester le bien fond\u00e9 de cette d\u00e9cision, il vous\nappartiendrait alors, dans un d\u00e9lai de deux mois \u00e0 compter de la communication de la pr\u00e9sente\nnotification, de saisir la juridiction administrative de droit commun.\nA Le Mans, le 12 janvier 2024\nPour l'Administrateur de l'\u00c9tat,\nDirecteur d\u00e9partemental des Finances publiques de la Sarthe\nLe Directeur du P\u00f4le valorisation des ressources\nSign\u00e9\nC\u00e9dric CHOPLIN\nDDFIP - 72-2024-01-12-00003 - D\u00e9cision de nomination de Monsieur Arnaud PORCHER en tant que comptable int\u00e9rimaire du service\nde gestion comptable de Sabl\u00e9-sur-Sarthe 4\nDDFIP\n72-2024-01-23-00001\nD\u00e9l\u00e9gation g\u00e9n\u00e9rale de signature donn\u00e9e par le\nresponsable int\u00e9rimaire du service de gestion\ncomptable de Sabl\u00e9-sur-Sarthe \u00e0 Monsieur\nFOUCHER S\u00e9bastien\nDDFIP - 72-2024-01-23-00001 - D\u00e9l\u00e9gation g\u00e9n\u00e9rale de signature donn\u00e9e par le responsable int\u00e9rimaire du service de gestion\ncomptable de Sabl\u00e9-sur-Sarthe \u00e0 Monsieur FOUCHER S\u00e9bastien 5\nREPUBLIQUEFRANCAISEI._r'bem/\u00c9galit\u00e9Fraternit\u00e9\nTFINANCES PUBLIQUES\nDIRECTION G\u00c9N\u00c9RALE DES FINANCES PUBLIQUES \nDIRECTION D\u00c9PARTEMENTALE DES FINANCES PUBLIQUES \nDE LA SARTHE\nSERVICE DE GESTION COMPTABLE DE SABLE SUR \nSARTHE\n13 Avenue Jo\u00ebl Le Theule\nBP 189\n72300 SABLE SUR SARTHE\nObjet : D\u00e9l\u00e9gation de signature du responsable du \nSERVICE DE GESTION COMPTABLE DE SABLE SUR SARTHE\nD\u00c9L\u00c9GATION G\u00c9N\u00c9RALE DE SIGNATURE\nVU  \u00a0  :\u00a0l'article\u00a016\u00a0du\u00a0d\u00e9cret\u00a0n\u00b02012-1246\u00a0du\u00a07\u00a0novembre\u00a02012\u00a0paru\u00a0au\u00a0journal\u00a0officiel\u00a0n\u00b00262\u00a0du\u00a010\u00a0novembre\n2012\u00a0et\u00a0Livre\u00a0VI\u00a0articles\u00a0L610-1\u00a0\u00e0\u00a0L680-7\u00a0du\u00a0code\u00a0de\u00a0commerce\u00a0relatif\u00a0aux\u00a0redressements\u00a0et\u00a0\u00e0\u00a0la\u00a0liquidation\njudiciaire\u00a0des\u00a0entreprises.\nJe\u00a0soussign\u00e9\u00a0Monsieur\u00a0PORCHER\u00a0Arnaud,\u00a0inspecteur\u00a0des\u00a0Finances\u00a0Publiques,\u00a0charg\u00e9\u00a0de\u00a0l'int\u00e9rim\u00a0du\u00a0service\u00a0de\ngestion\u00a0comptable\u00a0de\u00a0Sabl\u00e9-sur-Sarthe\u00a0depuis\u00a0le\u00a023\u00a0janvier\u00a02024\u00a0d\u00e9clare\u00a0:\n- \u00a0 constituer \u00a0 pour \u00a0 mandataire \u00a0 sp\u00e9cial \u00a0 et\u00a0 g\u00e9n\u00e9ral \u00a0Monsieur \u00a0 FOUCHER \u00a0 S\u00e9bastien, \u00a0 inspecteur\u00a0 des \u00a0 Finances\npubliques,\n-\u00a0lui\u00a0donner\u00a0pouvoir\u00a0de\u00a0g\u00e9rer\u00a0et\u00a0administrer,\u00a0pour\u00a0lui\u00a0et\u00a0en\u00a0son\u00a0nom,\u00a0le\u00a0SGC\u00a0de\u00a0Sabl\u00e9-sur\u00a0Sarthe,\n\u2022 d'op\u00e9rer\u00a0les\u00a0recettes\u00a0et\u00a0les\u00a0d\u00e9penses\u00a0relatives\u00a0\u00e0\u00a0tous\u00a0les\u00a0services,\u00a0sans\u00a0exception,\n\u2022 de\u00a0recevoir\u00a0et\u00a0de\u00a0payer\u00a0toutes\u00a0sommes\u00a0qui\u00a0sont\u00a0ou\u00a0pourraient\u00a0\u00eatre\u00a0l\u00e9gitimement\u00a0dues,\u00a0\u00e0\u00a0quelque\u00a0titre\nque\u00a0ce\u00a0soit,\u00a0par\u00a0tous\u00a0contribuables,\u00a0d\u00e9biteurs\u00a0ou\u00a0cr\u00e9anciers\u00a0des\u00a0divers\u00a0services\u00a0dont\u00a0la\u00a0gestion\u00a0lui\u00a0est\nconfi\u00e9e,\n\u2022 d'exercer\u00a0toutes\u00a0poursuites,\n\u2022 d'agir\u00a0en\u00a0justice\u00a0et\u00a0signer\u00a0les\u00a0d\u00e9clarations\u00a0de\u00a0cr\u00e9ances\u00a0en\u00a0cas\u00a0de\u00a0proc\u00e9dures\u00a0collectives\u00a0et\u00a0autres\u00a0actes\nn\u00e9cessaires\u00a0au\u00a0bon\u00a0d\u00e9roulement\u00a0desdites\u00a0proc\u00e9dures,\n\u2022 d'acquitter\u00a0tous\u00a0mandats\u00a0et\u00a0d'exiger\u00a0la\u00a0remise\u00a0des\u00a0titres,\u00a0quittances\u00a0et\u00a0pi\u00e8ces\u00a0justificatives\u00a0prescrites\npar\u00a0les\u00a0r\u00e8glements,\n\u2022 d'op\u00e9rer\u00a0\u00e0\u00a0la\u00a0direction\u00a0d\u00e9partementale\u00a0des\u00a0Finances\u00a0publiques\u00a0les\u00a0versements\u00a0aux\u00a0\u00e9poques\u00a0prescrites\net\u00a0en\u00a0retirer\u00a0r\u00e9c\u00e9piss\u00e9\u00a0\u00e0\u00a0talon,\u00a0\n\u2022 de\u00a0donner\u00a0ou\u00a0retirer\u00a0quittance\u00a0valable\u00a0de\u00a0toutes\u00a0sommes\u00a0re\u00e7ues\u00a0ou\u00a0pay\u00e9es,\u00a0de\u00a0signer\u00a0r\u00e9c\u00e9piss\u00e9s,\nquittances\u00a0et\u00a0d\u00e9charges,\u00a0de\u00a0fournir\u00a0tous\u00a0\u00e9tats\u00a0de\u00a0situation\u00a0et\u00a0toutes\u00a0autres\u00a0pi\u00e8ces\u00a0demand\u00e9es\u00a0par\nl'administration,\n\u2022 de\u00a0le\u00a0repr\u00e9senter\u00a0aupr\u00e8s\u00a0des\u00a0agents\u00a0de\u00a0l'administration\u00a0des\u00a0Postes\u00a0pour\u00a0toute\u00a0op\u00e9ration,\u00a0\n\u2022 de\u00a0signer\u00a0les\u00a0virements\u00a0de\u00a0gros\u00a0montants\u00a0et\u00a0/\u00a0ou\u00a0urgents,\u00a0de\u00a0signer\u00a0les\u00a0virements\u00a0internationaux,\u00a0de\nsigner\u00a0les\u00a0ch\u00e8ques\u00a0sur\u00a0le\u00a0Tr\u00e9sor,\u00a0de\u00a0signer\u00a0les\u00a0ordres\u00a0de\u00a0paiement,\u00a0de\u00a0le\u00a0repr\u00e9senter\u00a0aupr\u00e8s\u00a0de\u00a0la\nBanque\u00a0de\u00a0France,\n\u2022 de\u00a0me\u00a0suppl\u00e9er\u00a0dans\u00a0l'exercice\u00a0de\u00a0mes\u00a0fonctions\u00a0et\u00a0de\u00a0signer\u00a0seul(e)\u00a0ou\u00a0concurremment\u00a0avec\u00a0moi\u00a0tous\nles\u00a0actes\u00a0relatifs\u00a0\u00e0\u00a0la\u00a0gestion\u00a0du\u00a0SGC\u00a0de\u00a0Sabl\u00e9-sur-Sarthe\u00a0et\u00a0aux\u00a0affaires\u00a0qui\u00a0s'y\u00a0rattachent.\n\u00a0En\u00a0cons\u00e9quence,\u00a0lui\u00a0donner\u00a0pouvoir\u00a0de\u00a0passer\u00a0tous\u00a0actes,\u00a0d'\u00e9lire\u00a0domicile\u00a0et\u00a0de\u00a0faire,\u00a0d'une\u00a0mani\u00e8re\ng\u00e9n\u00e9rale,\u00a0toutes\u00a0les\u00a0op\u00e9rations\u00a0qui\u00a0peuvent\u00a0concerner\u00a0la\u00a0gestion\u00a0du\u00a0SGC\u00a0de\u00a0Sabl\u00e9-sur-Sarthe,\u00a0entendant\u00a0ainsi\n1\nDDFIP - 72-2024-01-23-00001 - D\u00e9l\u00e9gation g\u00e9n\u00e9rale de signature donn\u00e9e par le responsable int\u00e9rimaire du service de gestion\ncomptable de Sabl\u00e9-sur-Sarthe \u00e0 Monsieur FOUCHER S\u00e9bastien 6\ntransmettre\u00a0\u00e0\u00a0S\u00e9bastien\u00a0FOUCHER\u00a0tous\u00a0les\u00a0pouvoirs\u00a0suffisants\u00a0pour\u00a0qu'il\u00a0puisse,\u00a0sans\u00a0son\u00a0concours,\u00a0mais\u00a0sous\nsa\u00a0responsabilit\u00e9,\u00a0g\u00e9rer\u00a0ou\u00a0administrer\u00a0tous\u00a0les\u00a0services\u00a0qui\u00a0lui\u00a0sont\u00a0confi\u00e9s.\nPrendre\u00a0l'engagement\u00a0de\u00a0ratifier\u00a0tout\u00a0ce\u00a0que\u00a0son\u00a0mandataire\u00a0aura\u00a0pu\u00a0faire\u00a0en\u00a0vertu\u00a0de\u00a0la\u00a0pr\u00e9sente\nprocuration.\nLa\u00a0pr\u00e9sente\u00a0d\u00e9l\u00e9gation\u00a0sera\u00a0publi\u00e9e\u00a0au\u00a0recueil\u00a0des\u00a0actes\u00a0administratifs\u00a0du\u00a0d\u00e9partement\u00a0de\u00a0la\u00a0Sarthe.\nFait\u00a0\u00e0\u00a0Sabl\u00e9-sur\u00a0Sarthe,\u00a0le\u00a023/01/2024\nSignature\u00a0du\u00a0d\u00e9l\u00e9gataire\nsign\u00e9\nFOUCHER\u00a0S\u00e9bastien,\u00a0inspecteur\u00a0des\nFinances\u00a0publiques\nSignature\u00a0du\u00a0d\u00e9l\u00e9guant\u00a01\nLe\u00a0responsable\u00a0par\u00a0int\u00e9rim\u00a0du\u00a0SGC\u00a0de\nSabl\u00e9-sur-Sarthe\nsign\u00e9\nBon\u00a0pour\u00a0pouvoir\nPORCHER\u00a0Arnaud,\u00a0Inspecteur\u00a0des\nFinances\u00a0Publiques\n1\u00a0faire\u00a0pr\u00e9c\u00e9der\u00a0la\u00a0signature\u00a0de\u00a0la\u00a0mention\u00a0\u00ab\u00a0Bon\u00a0pour\u00a0pouvoir\u00a0\u00bb\n2\nDDFIP - 72-2024-01-23-00001 - D\u00e9l\u00e9gation g\u00e9n\u00e9rale de signature donn\u00e9e par le responsable int\u00e9rimaire du service de gestion\ncomptable de Sabl\u00e9-sur-Sarthe \u00e0 Monsieur FOUCHER S\u00e9bastien 7\nDDT\n72-2024-01-22-00005\n2024 01 22 Subd\u00e9l\u00e9gation de signature en\nmati\u00e8re    d'ordonnancement secondaire de M.\nMarc SEVERAC, directeur d\u00e9partemental des\nterritoires, \u00e0 des fonctionnaires plac\u00e9s sous son\nautorit\u00e9. \nDDT - 72-2024-01-22-00005 - 2024 01 22 Subd\u00e9l\u00e9gation de signature en mati\u00e8re    d'ordonnancement secondaire de M. Marc\nSEVERAC, directeur d\u00e9partemental des territoires, \u00e0 des fonctionnaires plac\u00e9s sous son autorit\u00e9. 8\nEnPREFETDE LA SARTHELibert\u00e9Egalit\u00e9Fraternit\u00e9\nDirection\nd\u00e9partementale\ndes territoires\nArr\u00eat\u00e9 du  22 janvier 2024\nOBJET     :  Subd\u00e9l\u00e9gation de signature en mati\u00e8re d'ordonnancement secondaire de M. Marc SEVERAC\ndirecteur d\u00e9partemental  des territoires de  la Sarthe \u00e0 des  fonctionnaires plac\u00e9s sous son\nautorit\u00e9.\nLe Pr\u00e9fet de la Sarthe\nChevalier de la L\u00e9gion d'honneur\nChevalier de l'Ordre national du M\u00e9rite\nVU la loi n\u00b0 68-1250 du 31 d\u00e9cembre 1968 modifi\u00e9e relative \u00e0 la prescription des cr\u00e9ances sur l'\u00c9tat,\nles d\u00e9partements, les communes et les \u00e9tablissements publics ;\nVU la loi organique n\u00b0 2001-692 du 1er ao\u00fbt 2001 relative aux lois de finances, modifi\u00e9e ;\nVU le d\u00e9cret n\u00b0 2004-374 du 29 avril 2004 modifi\u00e9 relatif aux pouvoirs des pr\u00e9fets, \u00e0 l'organisation et\n\u00e0 l'action des services de l'\u00c9tat dans les r\u00e9gions et d\u00e9partements ;\nVU le d\u00e9cret n\u00b0 2006-975 du 1er ao\u00fbt 2006 portant code des march\u00e9s publics ;\nVU le  d\u00e9cret  n\u00b0  2009-1484  du  3  d\u00e9cembre  2009  modifi\u00e9  relatif  aux  directions  d\u00e9partementales\ninterminist\u00e9rielles ;\nVU le d\u00e9cret n\u00b0 2012-1246 du 7 novembre 2012 modifi\u00e9 relatif \u00e0 la gestion budg\u00e9taire et comptable\npublique ;\nVU le d\u00e9cret du  15 f\u00e9vrier 2022 nommant M. Emmanuel AUBRY , pr\u00e9fet de la Sarthe, prenant ses\nfonctions le 6 mars 2022 ;\nVU l'arr\u00eat\u00e9 pr\u00e9fectoral n\u00b0 07-0288 du 16 f\u00e9vrier 2007 portant transfert de la gestion du fonds de\npr\u00e9vention des risques naturels majeurs ;\nVU l'arr\u00eat\u00e9 pr\u00e9fectoral n\u00b0 DCPPAT 2023-0179 du 30 ao\u00fbt 2023 portant d\u00e9l\u00e9gation de signature de M.\nEmmanuel  AUBRY pr\u00e9fet  de  la  Sarthe,  \u00e0  M. Marc  SEVERAC,  directeur  d\u00e9partemental  des\nterritoires de la Sarthe, en mati\u00e8re d'ordonnancement secondaire ;\nVU l'arr\u00eat\u00e9 pr\u00e9fectoral du 26 d\u00e9cembre 2023 portant organisation de la direction d\u00e9partementale\ndes territoires de la Sarthe ;\nDDT de la Sarthe \u2013 19 bd Paixhans CS10013 - 72 042 Le Mans cedex 9  \u2013  02 85 32 75 00 \u2013 ddt@sarthe.gouv.fr 1/3\nDDT - 72-2024-01-22-00005 - 2024 01 22 Subd\u00e9l\u00e9gation de signature en mati\u00e8re    d'ordonnancement secondaire de M. Marc\nSEVERAC, directeur d\u00e9partemental des territoires, \u00e0 des fonctionnaires plac\u00e9s sous son autorit\u00e9. 9\nVU l'ensemble des textes et codes r\u00e9gissant les mati\u00e8res dans lesquelles est appel\u00e9e \u00e0 s'exercer la\nd\u00e9l\u00e9gation  de  signature  conf\u00e9r\u00e9e  \u00e0  M.  Marc  SEVERAC,  charg\u00e9  des  fonctions  de  directeur\nd\u00e9partemental des territoires ;\nSUR proposition du directeur d\u00e9partemental des territoires de la Sarthe ;\nARR\u00caTE\nArticle  1     :   Subd\u00e9l\u00e9gation  de  signature  est  donn\u00e9e  \u00e0   M.  Christophe  CHARRIER,  directeur\nd\u00e9partemental  adjoint,  \u00e0  l'effet  de  signer  toute  pi\u00e8ce  relative  \u00e0  l'exercice  de  la  comp\u00e9tence\nd'ordonnateur  secondaire,  selon  l'ensemble  des  dispositions  pr\u00e9vues  dans  l'arr\u00eat\u00e9  pr\u00e9fectoral  de\nd\u00e9l\u00e9gation n\u00b0 DCPPAT 2023-0179.\nArticle 2     :   Subd\u00e9l\u00e9gation de signature est donn\u00e9e, dans les conditions fix\u00e9es par l'arr\u00eat\u00e9 pr\u00e9fectoral\nde d\u00e9l\u00e9gation n\u00b0 DCPPAT 2023-0179, \u00e0 l'exercice de la comp\u00e9tence d'ordonnateur secondaire d\u00e9l\u00e9gu\u00e9,\net dans le cadre de leurs attributions et comp\u00e9tences, aux gestionnaires cit\u00e9s ci-dessous \u00e0 l'effet de\nsigner toute pi\u00e8ce relative aux :\n- demandes d'engagements juridiques et ordres de payer,\n- concourant \u00e0 la liquidation de la d\u00e9pense et demandes d'acomptes,\n- constatations de service fait,\n- demandes d'\u00e9mission de recettes non fiscales et de r\u00e9duction.\nSylvie GENTES Cheffe du service connaissance des territoires et de la\ns\u00e9curit\u00e9 (SCTS)\nNicolas JACQUET \u00e0 compter du 4  \nmars 2024\nAdjoint \u00e0 la cheffe du SCTS\nChristine LECONTE Cheffe de l'unit\u00e9 \u00e9ducation routi\u00e8re du SCTS\nOrlane PALLUY Cheffe de l'unit\u00e9 connaissance des territoires du SCTS\nSophie BLAINVILLE-WELLEBURN Cheffe du service \u00e9conomie agricole (SEA)\nJ\u00e9r\u00f4me THIBAULT Adjoint \u00e0 la cheffe du SEA \nEmmanuelle MORVAN Cheffe du service eau et environnement (SEE)\nRapha\u00ebl CHAUSSIS Adjoint \u00e0 la cheffe du SEE\nNicolas CHAUDET Chef de l'unit\u00e9 pr\u00e9vention des risques et accompagnement\ndes territoires du SEE\nJohan SOULAS Chef du SHVC \nSt\u00e9phane PAVAGEAU Adjoint au chef du SHVC \nIsabelle ALLAIN Cheffe de l'unit\u00e9 habitat priv\u00e9 du SHVC\nIsabelle BODIN Cheffe de l'unit\u00e9 p\u00f4le b\u00e2timent du SHVC\nJos\u00e9phine HISLAND Cheffe de l'unit\u00e9 habitat public et r\u00e9novation urbaine du\nSHVC\nJulien DUGUE \u00e0 compter du 4 mars \n2024 \nChef du service urbanisme, am\u00e9nagement et affaires\njuridiques (SUAAJ) \nCyril VIAL Adjoint au chef du SUAAJ\nDDT de la Sarthe \u2013 19 bd Paixhans CS10013 - 72 042 Le Mans cedex 9  \u2013  02 85 32 75 00 \u2013 ddt@sarthe.gouv.fr 2/3\nDDT - 72-2024-01-22-00005 - 2024 01 22 Subd\u00e9l\u00e9gation de signature en mati\u00e8re    d'ordonnancement secondaire de M. Marc\nSEVERAC, directeur d\u00e9partemental des territoires, \u00e0 des fonctionnaires plac\u00e9s sous son autorit\u00e9. 10\nArticle 3     :   Subd\u00e9l\u00e9gation de signature est donn\u00e9e, dans les conditions fix\u00e9es par l'arr\u00eat\u00e9 pr\u00e9fectoral\nde d\u00e9l\u00e9gation n\u00b0 DCPPAT 2023-0179, \u00e0 l'exercice de la comp\u00e9tence d'ordonnateur secondaire d\u00e9l\u00e9gu\u00e9,\net dans le cadre de leurs attributions et comp\u00e9tences, aux agents cit\u00e9s ci-dessous \u00e0 l'effet de r\u00e9aliser\nles validations  des engagements, des services faits et des recettes fiscales dans Chorus Formulaire\npour les mati\u00e8res et budgets op\u00e9rationnels de programme (BOP) suivants :\nAgents avec profil valideur Fonction / Service BOP g\u00e9r\u00e9s\nSylvie GENTES cheffe du SCTS 135, 203, 207\nNicolas JACQUET \u00e0 compter du\n4 mars 2024\nAdjoint \u00e0 la cheffe du SCTS 135, 203, 207\nSophie BLAINVILLE-WELLBURN cheffe du SEA 149, 215\nJ\u00e9r\u00f4me THIBAULT adjoint \u00e0 la cheffe du SEA 149, 215\nEmmanuelle MORVAN cheffe du SEE 113, 149, 181\nRapha\u00ebl CHAUSSIS adjoint \u00e0 la cheffe du SEE 113, 149, 181\nJohan SOULAS chef du SHVC 135\nSt\u00e9phane PAVAGEAU adjoint au chef du SHVC 135\nJulien DUGUE \u00e0 compter du 4 \nmars 2024 \nchef du SUAAJ 135, 362, 380\nCyril VIAL adjoint au chef du SUAAJ 135, 362, 380\nArticle 4     :  En cas d'absence ou d'emp\u00eachement de l'un des chef de service ou d'unit\u00e9 d\u00e9sign\u00e9 ci-\ndessus, ou en cas de vacance de poste, la d\u00e9l\u00e9gation, qui lui est conf\u00e9r\u00e9e, sera exerc\u00e9e par le chef de\nservice  ou  d'unit\u00e9  ou  l'adjoint  de  chef  de  service  d\u00e9sign\u00e9,  par  le  directeur  d\u00e9partemental  des\nterritoires, pour le remplacer par int\u00e9rim.\nArticle  5     : Le secr\u00e9taire g\u00e9n\u00e9ral  de la pr\u00e9fecture de la Sarthe  et  le directeur  d\u00e9partemental  des\nterritoires de la Sarthe sont charg\u00e9s, chacun en ce qui le concerne, de l'ex\u00e9cution du pr\u00e9sent arr\u00eat\u00e9\nqui sera publi\u00e9 au recueil des actes administratifs de la pr\u00e9fecture de la Sarthe.\nPour le pr\u00e9fet de la Sarthe et par d\u00e9l\u00e9gation,\nLe directeur d\u00e9partemental des territoires de la Sarthe \nSIGNE\nMarc SEVERAC\nDDT de la Sarthe \u2013 19 bd Paixhans CS10013 - 72 042 Le Mans cedex 9  \u2013  02 85 32 75 00 \u2013 ddt@sarthe.gouv.fr 3/3\nDDT - 72-2024-01-22-00005 - 2024 01 22 Subd\u00e9l\u00e9gation de signature en mati\u00e8re    d'ordonnancement secondaire de M. Marc\nSEVERAC, directeur d\u00e9partemental des territoires, \u00e0 des fonctionnaires plac\u00e9s sous son autorit\u00e9. 11\nDDT\n72-2024-01-22-00004\n2024 01 22 Subd\u00e9l\u00e9gation de signature en\nmati\u00e8re administrative de M. Marc SEVERAC, \ndirecteur d\u00e9partemental des territoires, \u00e0 des\nfonctionnaires plac\u00e9s sous son autorit\u00e9.\nDDT - 72-2024-01-22-00004 - 2024 01 22 Subd\u00e9l\u00e9gation de signature en mati\u00e8re administrative de M. Marc SEVERAC,  directeur\nd\u00e9partemental des territoires, \u00e0 des fonctionnaires plac\u00e9s sous son autorit\u00e9. 12\nEnPREFETDE LA SARTHELibert\u00e9Egalit\u00e9Fraternit\u00e9\nDirection\nd\u00e9partementale\ndes territoires\nArr\u00eat\u00e9 du 22 janvier 2024\nOBJET\u00a0: \u00a0Subd\u00e9l\u00e9gation  de  signature,  en  mati\u00e8re  administrative de  M.  Marc  SEVERAC  directeur\nd\u00e9partemental des territoires de la Sarthe \u00e0 des fonctionnaires plac\u00e9s sous son autorit\u00e9.\nLe Pr\u00e9fet de la Sarthe\nChevalier de la L\u00e9gion d'honneur\nChevalier de l'Ordre national du M\u00e9rite\nVU la \u00a0loi\u00a0 n\u00b0\u00a0 82-213\u00a0 du \u00a02 \u00a0 mars\u00a01982\u00a0 modifi\u00e9, \u00a0relative\u00a0 aux\u00a0droits\u00a0 et\u00a0 libert\u00e9s \u00a0des \u00a0 communes,\u00a0 des\nd\u00e9partements\u00a0et\u00a0des\u00a0r\u00e9gions\u00a0;\nVU la\u00a0loi\u00a0d'orientation\u00a0n\u00b0\u00a092-125\u00a0du\u00a06\u00a0f\u00e9vrier\u00a01992\u00a0modifi\u00e9e\u00a0relative\u00a0\u00e0\u00a0l'administration\u00a0territoriale\u00a0de\u00a0la\nR\u00e9publique\u00a0;\nVU la\u00a0loi\u00a0n\u00b0\u00a02004-809\u00a0du\u00a013\u00a0ao\u00fbt\u00a02004\u00a0modifi\u00e9e\u00a0relative\u00a0aux\u00a0libert\u00e9s\u00a0et\u00a0responsabilit\u00e9s\u00a0locales\u00a0;\nVU le\u00a0d\u00e9cret\u00a0n\u00b0\u00a02004-374\u00a0du\u00a029\u00a0avril\u00a02004\u00a0modifi\u00e9\u00a0relatif\u00a0aux\u00a0pouvoirs\u00a0des\u00a0Pr\u00e9fets,\u00a0\u00e0\u00a0l'organisation\u00a0et\u00a0\u00e0\nl'action\u00a0des\u00a0services\u00a0de\u00a0l'\u00c9tat\u00a0dans\u00a0les\u00a0r\u00e9gions\u00a0et\u00a0d\u00e9partements\u00a0;\nVU le\u00a0d\u00e9cret\u00a0n\u00b0\u00a02008-158\u00a0du\u00a022\u00a0f\u00e9vrier\u00a02008\u00a0relatif\u00a0\u00e0\u00a0la\u00a0suppl\u00e9ance\u00a0des\u00a0pr\u00e9fets\u00a0de\u00a0r\u00e9gion\u00a0et\u00a0\u00e0\u00a0la\nd\u00e9l\u00e9gation\u00a0de\u00a0signature\u00a0des\u00a0pr\u00e9fets\u00a0et\u00a0des\u00a0hauts-commissaires\u00a0de\u00a0la\u00a0R\u00e9publique\u00a0en\u00a0Polyn\u00e9sie\nfran\u00e7aise\u00a0et\u00a0en\u00a0Nouvelle-Cal\u00e9donie\u00a0et\u00a0modifiant\u00a0le\u00a0d\u00e9cret\u00a0n\u00b0\u00a02004-374\u00a0susvis\u00e9\u00a0;\u00a0\nVU le\u00a0d\u00e9cret\u00a0du\u00a015\u00a0f\u00e9vrier\u00a02022\u00a0nommant\u00a0M.\u00a0Emmanuel\u00a0AUBRY,\u00a0pr\u00e9fet\u00a0de\u00a0la\u00a0Sarthe,\u00a0prenant\u00a0ses\nfonctions\u00a0le\u00a06\u00a0mars\u00a02022\u00a0;\u00a0\nVU l'arr\u00eat\u00e9 \u00a0 pr\u00e9fectoral \u00a0 du \u00a0 14 \u00a0 septembre \u00a0 2015 \u00a0 portant \u00a0 sur \u00a0 la \u00a0 constitution \u00a0 de \u00a0 la \u00a0 commission\nd\u00e9partementale \u00a0 de \u00a0 la \u00a0 pr\u00e9servation\u00a0 des \u00a0 espaces \u00a0 naturels\u00a0 agricoles \u00a0 et \u00a0 forestiers\u00a0 de \u00a0 la \u00a0 Sarthe\n(CDPENAF)\u00a0;\u00a0\nVU l'arr\u00eat\u00e9\u00a0pr\u00e9fectoral\u00a0n\u00b0\u00a0DRHM\u00a02020-007\u00a0du\u00a017\u00a0d\u00e9cembre\u00a02020\u00a0portant\u00a0organisation\u00a0du\u00a0Secr\u00e9tariat\nG\u00e9n\u00e9ral\u00a0Commun\u00a0\u00e0\u00a0la\u00a0pr\u00e9fecture,\u00a0aux\u00a0directions\u00a0d\u00e9partementales\u00a0interminist\u00e9rielles\u00a0et\u00a0de\u00a0l'unit\u00e9\nd\u00e9partementale\u00a0de\u00a0la\u00a0direction\u00a0r\u00e9gionale\u00a0des\u00a0entreprises,\u00a0du\u00a0commerce,\u00a0de\u00a0la\u00a0consommation,\u00a0du\ntravail\u00a0et\u00a0de\u00a0l'emploi\u00a0du\u00a0d\u00e9partement\u00a0de\u00a0la\u00a0Sarthe\u00a0;\nVU l'arr\u00eat\u00e9\u00a0pr\u00e9fectoral\u00a0du\u00a026\u00a0d\u00e9cembre\u00a02023\u00a0portant\u00a0 organisation\u00a0de\u00a0la\u00a0direction\u00a0d\u00e9partementale\ndes\u00a0territoires\u00a0de\u00a0la\u00a0Sarthe\u00a0;\nVU l'arr\u00eat\u00e9\u00a0pr\u00e9fectoral\u00a0n\u00b0\u00a0DCPPAT\u00a02023-0202\u00a0du\u00a04\u00a0octobre\u00a02023\u00a0portant\u00a0d\u00e9l\u00e9gation\u00a0de\u00a0signature\u00a0de\nM.\u00a0Emmanuel\u00a0AUBRY,\u00a0Pr\u00e9fet\u00a0de\u00a0la\u00a0Sarthe,\u00a0\u00e0\u00a0M.\u00a0Marc\u00a0SEVERAC,\u00a0directeur\u00a0d\u00e9partemental\u00a0des\nterritoires\u00a0de\u00a0la\u00a0Sarthe\u00a0en\u00a0mati\u00e8re\u00a0administrative\u00a0;\u00a0\nDDT\u00a0de\u00a0la\u00a0Sarthe\u00a0\u2013\u00a019\u00a0bd\u00a0Paixhans\u00a0CS10013\u00a0-\u00a072\u00a0042\u00a0Le\u00a0Mans\u00a0cedex\u00a09\u00a0\u00a0\u2013\u00a002\u00a085\u00a032\u00a075\u00a000\u00a0\u2013\u00a0ddt@sarthe.gouv.fr 1/4\nDDT - 72-2024-01-22-00004 - 2024 01 22 Subd\u00e9l\u00e9gation de signature en mati\u00e8re administrative de M. Marc SEVERAC,  directeur\nd\u00e9partemental des territoires, \u00e0 des fonctionnaires plac\u00e9s sous son autorit\u00e9. 13\nSUR\u00a0proposition\u00a0du\u00a0directeur\u00a0d\u00e9partemental\u00a0des\u00a0territoires\u00a0:\nARR\u00caTE\u00a0\nArticle 1 :  D\u00e9l\u00e9gation\u00a0est\u00a0donn\u00e9e\u00a0pour\u00a0les\u00a0actes\u00a0vis\u00e9s\u00a0\u00e0\u00a0l'article\u00a01\u00a0de\u00a0l'arr\u00eat\u00e9\u00a0pr\u00e9fectoral\u00a0n\u00b0\u00a0DCPPAT\n2023-0202\u00a0du\u00a04\u00a0octobre\u00a02023\u00a0 et\u00a0pr\u00e9cis\u00e9s\u00a0en\u00a0son\u00a0annexe,\u00a0en\u00a0cas\u00a0d'absence\u00a0ou\u00a0d'emp\u00eachement\u00a0de\nM.\u00a0Marc\u00a0SEVERAC\u00a0\u00e0\u00a0:\n-\u00a0\u00a0M.\u00a0Christophe CHARRIER,\u00a0directeur\u00a0d\u00e9partemental\u00a0adjoint.\nSont\u00a0vis\u00e9s\u00a0dans\u00a0cette\u00a0d\u00e9l\u00e9gation\u00a0les\u00a0actes\u00a0mentionn\u00e9s\u00a0au\u00a0I,\u00a0II,\u00a0III,\u00a0IV,\u00a0V,\u00a0VI,\u00a0VII,\u00a0VIII,\u00a0IX\u00a0et\u00a0XI\u00a0de\u00a0l'annexe\nde\u00a0l'arr\u00eat\u00e9\u00a0du\u00a04\u00a0octobre\u00a02023.\nArticle 2 :\u00a0D\u00e9l\u00e9gation\u00a0est\u00a0donn\u00e9e\u00a0pour\u00a0les\u00a0actes\u00a0vis\u00e9s\u00a0\u00e0\u00a0l'article\u00a01\u00a0de\u00a0l'arr\u00eat\u00e9\u00a0pr\u00e9fectoral\u00a0n\u00b0\u00a0DCPPAT\u00a02023-\n0202\u00a0du\u00a04\u00a0octobre\u00a02023 \u00a0\u00a0 aux\u00a0chefs\u00a0de\u00a0service,\u00a0adjoints\u00a0aux\u00a0chefs\u00a0de\u00a0service\u00a0cit\u00e9s\u00a0dans\u00a0l'annexe\u00a0du\npr\u00e9sent\u00a0arr\u00eat\u00e9,\u00a0dans\u00a0la\u00a0limite\u00a0de\u00a0leurs\u00a0attributions.\nSont\u00a0vis\u00e9s\u00a0dans\u00a0cette\u00a0d\u00e9l\u00e9gation\u00a0les\u00a0actes\u00a0mentionn\u00e9s\u00a0au\u00a0II,\u00a0III,\u00a0IV,\u00a0V,\u00a0VI,\u00a0VII,\u00a0VIII,\u00a0IX\u00a0et\u00a0XI\u00a0de\u00a0l'annexe\u00a0de\nl'arr\u00eat\u00e9\u00a0du\u00a04\u00a0octobre\u00a02023.\nArticle 3 : \u00a0 D\u00e9l\u00e9gation\u00a0est\u00a0donn\u00e9e,\u00a0pour\u00a0les\u00a0actes\u00a0vis\u00e9s\u00a0\u00e0\u00a0l'article\u00a01\u00a0de\u00a0l'arr\u00eat\u00e9\u00a0pr\u00e9fectoral\u00a0n\u00b0\u00a0DCPPAT\n2023-0202\u00a0du\u00a04\u00a0octobre\u00a02023\u00a0susvis\u00e9\u00a0et\u00a0pr\u00e9cis\u00e9s\u00a0\u00e0\u00a0son\u00a0annexe\u00a0sous\u00a0les\u00a0num\u00e9ros\u00a0de\u00a0code\u00a0I\u00a0a1,\u00a0aux\npersonnels\u00a0d'encadrement\u00a0des\u00a0services\u00a0et\u00a0unit\u00e9s\u00a0dont\u00a0la\u00a0liste\u00a0nominative\u00a0est\u00a0jointe\u00a0en\u00a0annexe\u00a0au\npr\u00e9sent\u00a0arr\u00eat\u00e9.\nArticle 4  :  D\u00e9l\u00e9gation\u00a0est\u00a0donn\u00e9e,\u00a0pour\u00a0les\u00a0actes\u00a0vis\u00e9s\u00a0\u00e0\u00a0l'article\u00a01\u00a0de\u00a0l'arr\u00eat\u00e9\u00a0pr\u00e9fectoral\u00a0n\u00b0\u00a0DCPPAT\n2023-0202\u00a0du\u00a04\u00a0octobre\u00a02023\u00a0et\u00a0pr\u00e9cis\u00e9s\u00a0\u00e0\u00a0son\u00a0annexe\u00a0sous\u00a0le\u00a0num\u00e9ro\u00a0de\u00a0code\u00a0III\u00a0a5,\u00a0\u00e0\u00a0:\n\u2013 M. Jean-Louis GERAY\u00a0\nChef\u00a0de\u00a0l'unit\u00e9\u00a0s\u00e9curit\u00e9\u00a0et\u00a0circulation\u00a0routi\u00e8re\n \u2013 Mme Chantal ROBIEU \nAdjointe\u00a0au\u00a0chef\u00a0de\u00a0l'unit\u00e9\u00a0circulation\u00a0s\u00e9curit\u00e9\u00a0routi\u00e8re.\nArticle 5     :  \u00a0D\u00e9l\u00e9gation\u00a0est\u00a0donn\u00e9e\u00a0:\u00a0\nPour\u00a0les\u00a0d\u00e9cisions\u00a0vis\u00e9es\u00a0\u00e0\u00a0l'article\u00a01\u00a0de\u00a0l'arr\u00eat\u00e9\u00a0pr\u00e9fectoral\u00a0\u00a0n\u00b0\u00a0DCPPAT\u00a02023-0202\u00a0du\u00a04\u00a0octobre\u00a02023\npr\u00e9cis\u00e9es\u00a0\u00e0\u00a0son\u00a0annexe\u00a0sous\u00a0les\u00a0num\u00e9ros\u00a0de\u00a0code\u00a0IV\u00a0a1,\u00a0IV\u00a0a2\u00a0et\u00a0IV\u00a0a3,\u00a0\u00e0\u00a0:\u00a0\n\u2013 Mme Isabelle ALLAIN \nCheffe\u00a0de\u00a0l'unit\u00e9\u00a0habitat\u00a0priv\u00e9\n\u2013 Mme Jos\u00e9phine HISLAND\nCheffe\u00a0de\u00a0l'unit\u00e9\u00a0habitat\u00a0public\u00a0et\u00a0r\u00e9novation\u00a0urbaine.\nPour\u00a0les\u00a0d\u00e9cisions\u00a0vis\u00e9es\u00a0\u00e0\u00a0l'article\u00a01\u00a0de\u00a0l'arr\u00eat\u00e9\u00a0pr\u00e9fectoral\u00a0n\u00b0\u00a0DCPPAT\u00a02023-0202\u00a0du\u00a04\u00a0octobre\u00a02023\npr\u00e9cis\u00e9es\u00a0\u00e0\u00a0son\u00a0annexe\u00a0sous\u00a0les\u00a0num\u00e9ros\u00a0de\u00a0code\u00a0IV\u00a0d1,\u00a0IV\u00a0d2,\u00a0IV\u00a0d3\u00a0et\u00a0IV\u00a0d4,\u00a0\u00e0\u00a0:\n\u2013 M. St\u00e9phane PAVAGEAU\nAdjoint\u00a0au\u00a0chef\u00a0de\u00a0service\u00a0habitat-ville-construction\n\u2013 Mme Isabelle ALLAIN\nCheffe\u00a0de\u00a0l'unit\u00e9\u00a0habitat\u00a0priv\u00e9\n\u2013 Mme Isabelle BODIN\nCheffe\u00a0de\u00a0l'unit\u00e9\u00a0p\u00f4le\u00a0b\u00e2timent.\nDDT\u00a0de\u00a0la\u00a0Sarthe\u00a0\u2013\u00a019\u00a0bd\u00a0Paixhans\u00a0CS10013\u00a0-\u00a072\u00a0042\u00a0Le\u00a0Mans\u00a0cedex\u00a09\u00a0\u00a0\u2013\u00a002\u00a085\u00a032\u00a075\u00a000\u00a0\u2013\u00a0ddt@sarthe.gouv.fr 2/4\nDDT - 72-2024-01-22-00004 - 2024 01 22 Subd\u00e9l\u00e9gation de signature en mati\u00e8re administrative de M. Marc SEVERAC,  directeur\nd\u00e9partemental des territoires, \u00e0 des fonctionnaires plac\u00e9s sous son autorit\u00e9. 14\nArticle 6     :  \u00a0D\u00e9l\u00e9gation\u00a0est\u00a0donn\u00e9e\u00a0:\u00a0\nPour\u00a0les\u00a0actes\u00a0vis\u00e9s\u00a0\u00e0\u00a0l'article\u00a01\u00a0de\u00a0l'arr\u00eat\u00e9\u00a0pr\u00e9fectoral\u00a0n\u00b0\u00a0DCPPAT\u00a02023-0202\u00a0du\u00a04\u00a0octobre\u00a02023\u00a0sous\u00a0les\nnum\u00e9ros\u00a0de\u00a0code\u00a0V\u00a0a5,\u00a0V\u00a0a6,\u00a0V\u00a0d1,\u00a0V\u00a0d2,\u00a0V\u00a0d3,\u00a0V\u00a0d4,\u00a0V\u00a0d5,\u00a0V\u00a0d6,\u00a0V\u00a0d7 ,\u00a0V\u00a0d8\u00a0V\u00a0d9,\u00a0V\u00a0d10,\u00a0V\u00a0d11,\u00a0Vd12\u00a0\u00e0\u00a0:\n\u2013 M. Fabrice GRUNEWALD \nChef\u00a0de\u00a0l'unit\u00e9\u00a0application\u00a0du\u00a0droit\u00a0des\u00a0sols.\nPour\u00a0les\u00a0actes\u00a0vis\u00e9s\u00a0\u00e0\u00a0l'article\u00a01\u00a0de\u00a0l'arr\u00eat\u00e9\u00a0pr\u00e9fectoral\u00a0n\u00b0\u00a0DCPPAT\u00a02023-0202\u00a0du\u00a04\u00a0octobre\u00a02023\u00a0\u00e0\u00a0son\nannexe\u00a0sous\u00a0les\u00a0num\u00e9ros\u00a0de\u00a0code\u00a0V\u00a0a5,\u00a0V\u00a0d1,\u00a0et\u00a0V\u00a0d2\u00a0en\u00a0ce\u00a0qui\u00a0concerne\u00a0la\u00a0notification\u00a0de\u00a0la\u00a0d\u00e9cision,\n\u00e0\u00a0:\u00a0\n\u2013 Mme Christelle MONTHULE,\n\u2013 Mme C\u00e9cile DENOS,\n\u2013 Mme Amanda DELAUNAY,\n\u2013 M. Fr\u00e9d\u00e9ric KALUZNY,\nInstructeurs\u00a0ADS.\nArticle 7     :   D\u00e9l\u00e9gation\u00a0est\u00a0donn\u00e9e,\u00a0pour\u00a0les\u00a0actes\u00a0vis\u00e9s\u00a0\u00e0\u00a0l'article\u00a01\u00a0de\u00a0l'arr\u00eat\u00e9\u00a0pr\u00e9fectoral\u00a0n\u00b0\u00a0DCPPAT\n2023-0202\u00a0du\u00a04\u00a0octobre\u00a02023\u00a0susvis\u00e9\u00a0et\u00a0pr\u00e9cis\u00e9s\u00a0\u00e0\u00a0son\u00a0annexe\u00a0sous\u00a0le\u00a0num\u00e9ro\u00a0de\u00a0code\u00a0VI\u00a0c1,\u00a0VI\u00a0c2,\u00a0VI\nc3,\u00a0VI\u00a0c4,\u00a0VI\u00a0c5,\u00a0VI\u00a0c6,\u00a0VI\u00a0c7 ,\u00a0VI\u00a0c8,\u00a0\u00e0\u00a0:\n- M. Aur\u00e9lien BROCHET\nResponsable\u00a0du\u00a0p\u00f4le\u00a0for\u00eat\u00a0Mayenne,\u00a0Maine-et-Loire,\u00a0Sarthe.\nArticle 8 \u00a0: D\u00e9l\u00e9gation\u00a0est\u00a0donn\u00e9e,\u00a0pour\u00a0tous\u00a0les\u00a0courriers\u00a0et\u00a0avis\u00a0relatifs,\u00a0\u00e0\u00a0l'examen\u00a0des\u00a0dossiers\u00a0par\u00a0la\ncommission\u00a0d\u00e9partementale\u00a0de\u00a0la\u00a0pr\u00e9servation\u00a0des\u00a0espaces\u00a0naturels,\u00a0agricoles,\u00a0et\u00a0forestiers\u00a0de\u00a0la\u00a0Sarthe\n(CDPENAF)\u00a0\u00e0\u00a0\u00a0:\n- M. Julien DUGUE \u00e0 compter du 4 mars 2024\nChef\u00a0du\u00a0service\u00a0urbanisme,\u00a0am\u00e9nagement\u00a0et\u00a0affaires\u00a0juridiques\n- M. Cyril VIAL\u00a0\nAdjoint\u00a0au\u00a0chef\u00a0du\u00a0service\u00a0urbanisme,\u00a0am\u00e9nagement\u00a0et\u00a0affaires\u00a0Juridiques.\nArticle 9 :  D\u00e9l\u00e9gation\u00a0est\u00a0donn\u00e9e,\u00a0pour\u00a0les\u00a0actes\u00a0vis\u00e9s\u00a0\u00e0\u00a0l'article\u00a01\u00a0de\u00a0l'arr\u00eat\u00e9\u00a0pr\u00e9fectoral\u00a0n\u00b0\u00a0DCPPAT\n2023-0202\u00a0du\u00a04\u00a0octobre\u00a02023\u00a0susvis\u00e9\u00a0et\u00a0pr\u00e9cis\u00e9s\u00a0\u00e0\u00a0son\u00a0annexe\u00a0sous\u00a0le\u00a0num\u00e9ro\u00a0de\u00a0code\u00a0II\u00a0b2\u00a0aux\u00a0cadres\nde\u00a0la\u00a0DDT\u00a0assurant\u00a0la\u00a0permanence\u00a0du\u00a0service\u00a0les\u00a0jours\u00a0f\u00e9ri\u00e9s\u00a0et\u00a0en\u00a0dehors\u00a0des\u00a0jours\u00a0ouvrables\u00a0pour\u00a0leur\npermettre\u00a0d'accomplir\u00a0leurs\u00a0missions.\u00a0\nArticle    10   :  \u00a0 En\u00a0cas\u00a0d'absence\u00a0ou\u00a0d'emp\u00eachement\u00a0de\u00a0l'un\u00a0des\u00a0chefs\u00a0de\u00a0service\u00a0ou\u00a0d'unit\u00e9\u00a0d\u00e9sign\u00e9\u00a0ci-\ndessus,\u00a0ou\u00a0en\u00a0cas\u00a0de\u00a0vacance\u00a0de\u00a0poste,\u00a0la\u00a0d\u00e9l\u00e9gation,\u00a0qui\u00a0lui\u00a0est\u00a0conf\u00e9r\u00e9e,\u00a0sera\u00a0exerc\u00e9e\u00a0par\u00a0le\u00a0chef\u00a0de\nservice\u00a0ou\u00a0d'unit\u00e9\u00a0ou\u00a0l'adjoint\u00a0de\u00a0chef\u00a0de\u00a0service\u00a0d\u00e9sign\u00e9,\u00a0par\u00a0le\u00a0directeur\u00a0d\u00e9partemental\u00a0des\u00a0territoires,\npour\u00a0le\u00a0remplacer\u00a0par\u00a0int\u00e9rim.\nArticle   11       :  \u00a0 Le\u00a0secr\u00e9taire\u00a0g\u00e9n\u00e9ral\u00a0de\u00a0la\u00a0pr\u00e9fecture\u00a0de\u00a0la\u00a0Sarthe \u00a0et\u00a0le\u00a0directeur\u00a0d\u00e9partemental\u00a0des\nterritoires\u00a0de\u00a0la\u00a0Sarthe\u00a0sont\u00a0charg\u00e9s,\u00a0chacun\u00a0en\u00a0ce\u00a0qui\u00a0le\u00a0concerne,\u00a0de\u00a0l'ex\u00e9cution\u00a0du\u00a0pr\u00e9sent\u00a0arr\u00eat\u00e9\u00a0qui\nsera\u00a0publi\u00e9\u00a0au\u00a0recueil\u00a0des\u00a0actes\u00a0administratifs\u00a0de\u00a0la\u00a0pr\u00e9fecture\u00a0de\u00a0la\u00a0Sarthe.\u00a0\nPour\u00a0le\u00a0pr\u00e9fet\u00a0de\u00a0la\u00a0Sarthe\u00a0et\u00a0par\u00a0d\u00e9l\u00e9gation,\nLe\u00a0directeur\u00a0d\u00e9partemental\u00a0des\u00a0territoires\u00a0de\u00a0la\u00a0Sarthe,\nSIGN\u00c9\nMarc\u00a0SEVERAC\nDDT\u00a0de\u00a0la\u00a0Sarthe\u00a0\u2013\u00a019\u00a0bd\u00a0Paixhans\u00a0CS10013\u00a0-\u00a072\u00a0042\u00a0Le\u00a0Mans\u00a0cedex\u00a09\u00a0\u00a0\u2013\u00a002\u00a085\u00a032\u00a075\u00a000\u00a0\u2013\u00a0ddt@sarthe.gouv.fr 3/4\nDDT - 72-2024-01-22-00004 - 2024 01 22 Subd\u00e9l\u00e9gation de signature en mati\u00e8re administrative de M. Marc SEVERAC,  directeur\nd\u00e9partemental des territoires, \u00e0 des fonctionnaires plac\u00e9s sous son autorit\u00e9. 15\nANNEXE\u00a0\u00e0\u00a0l'arr\u00eat\u00e9\u00a0du\u00a022\u00a0janvier\u00a02024\nConform\u00e9ment\u00a0 \u00e0 \u00a0 l'article \u00a0 3 \u00a0 de \u00a0 l'arr\u00eat\u00e9\u00a0 pr\u00e9fectoral\u00a0 n\u00b0 \u00a0DCPPAT\u00a0 2023-0202 \u00a0 du \u00a0 4 \u00a0 octobre\u00a0 2023 \u00a0 de\nd\u00e9l\u00e9gation\u00a0de\u00a0signature\u00a0de\u00a0M.\u00a0Marc\u00a0SEVERAC,\u00a0directeur\u00a0d\u00e9partemental\u00a0des\u00a0territoires\u00a0de\u00a0la\u00a0Sarthe,\u00a0est\ndonn\u00e9e\u00a0subd\u00e9l\u00e9gation\u00a0aux\u00a0fonctionnaires\u00a0suivants\u00a0plac\u00e9s\u00a0sous\u00a0son\u00a0autorit\u00e9\u00a0:\nMme\u00a0Sylvie\u00a0GENTES Service\u00a0connaissance\u00a0des\u00a0territoires\u00a0et\u00a0de\u00a0la\u00a0s\u00e9curit\u00e9\u00a0(SCTS)\u00a0\nCheffe\u00a0de\u00a0service\u00a0\nM.\u00a0Nicolas\u00a0JACQUET\u00a0\u00e0\u00a0compter\u00a0du\u00a0 4\nmars\u00a02024\u00a0\nService \u00a0 connaissance \u00a0 des \u00a0 territoires\u00a0 et \u00a0 de \u00a0 la \u00a0 s\u00e9curit\u00e9 \u00a0 (SCTS)\nAdjoint\u00a0au\u00a0chef\u00a0de\u00a0service,\u00a0\nMme\u00a0Orlane\u00a0PALLUY SCTS/Connaissance\u00a0des\u00a0territoires\u00a0\nM.\u00a0Gael\u00a0LAMET SCTS/G\u00e9omatique\nM.\u00a0Jean-Louis\u00a0GERAY SCTS/S\u00e9curit\u00e9\u00a0et\u00a0circulation\u00a0routi\u00e8re\nMme\u00a0Chantal\u00a0ROBIEU\u00a0 SCTS/S\u00e9curit\u00e9\u00a0et\u00a0circulation\u00a0routi\u00e8re\nMme\u00a0Christine\u00a0LECONTE SCTS/\u00c9ducation\u00a0routi\u00e8re\u00a0\nM.\u00a0Julien\u00a0DUGUE\u00a0\u00e0\u00a0compter\u00a0du\u00a04\u00a0mars\n2024\u00a0\nService\u00a0urbanisme,\u00a0am\u00e9nagement\u00a0et\u00a0affaires\u00a0juridiques\u00a0(SUA-AJ)\nChef\u00a0de\u00a0Service\nM.\u00a0Cyril\u00a0VIAL Service\u00a0urbanisme,\u00a0am\u00e9nagement\u00a0et\u00a0affaires\u00a0juridiques\u00a0(SUA-AJ)\nAdjoint\u00a0au\u00a0chef\u00a0de\u00a0service\nMme\u00a0Marie\u00a0ORTIZ\u00a0\u00e0\u00a0compter\u00a0du\u00a029\u00a0\njanvier\u00a02024\nSUA-AJ/Mission\u00a0affaires\u00a0juridiques\nMme\u00a0Emmanuelle\u00a0BARETJE SUA-AJ/Am\u00e9nagement\u00a0durable\u00a0\nM.\u00a0Morgan\u00a0TROTTIER SUA-AJ/Am\u00e9nagement\u00a0durable\u00a0\nM.\u00a0Fabrice\u00a0GRUNEWALD SUA-AJ/Application\u00a0du\u00a0droit\u00a0des\u00a0sols\nM.\u00a0Nicolas\u00a0SURAIS SUA-AJ/Planification\nMme\u00a0Martine\u00a0PETHITOMME SUA-AJ/Planification\u00a0-\u00a0\nMme\u00a0Sophie\u00a0BLAINVILLE-WELLBURN Service\u00a0\u00e9conomie\u00a0agricole\u00a0(SEA)\u00a0-\u00a0Cheffe\u00a0de\u00a0Service\u00a0\nM.\u00a0J\u00e9r\u00f4me\u00a0THIBAULT Service\u00a0\u00e9conomie\u00a0agricole\u00a0(SEA)\u00a0\u00a0-\u00a0Adjoint\u00a0\u00e0\u00a0la\u00a0cheffe\u00a0de\u00a0service\nMme\u00a0Camille\u00a0GLASSON SEA/ \u00a0 Charg\u00e9e \u00a0 de \u00a0 mission \u00a0Agro\u00e9cologie \u00a0 fili\u00e8res \u00a0 et \u00a0 calamit\u00e9s\nagricoles\nM.\u00a0Ga\u00ebl\u00a0GUEDES SEA/Projet\u00a0de\u00a0modernisation\u00a0des\u00a0exploitations\nM.\u00a0Johan\u00a0SOULAS Service\u00a0habitat-ville-construction\u00a0(SHVC)\u00a0-\u00a0Chef\u00a0de\u00a0Service\u00a0\nM.\u00a0St\u00e9phane\u00a0PAVAGEAU Service\u00a0habitat-ville-construction\u00a0(SHVC)\u00a0\u2013 \u00a0Adjoint\u00a0au\u00a0chef\u00a0de\nservice\nMme\u00a0Jos\u00e9phine\u00a0HISLAND SHVC/Habitat\u00a0public\u00a0et\u00a0r\u00e9novation\u00a0urbaine\nMme\u00a0Isabelle\u00a0ALLAIN SHVC/Habitat\u00a0priv\u00e9\nMme\u00a0Isabelle\u00a0BODIN SHVC/P\u00f4le\u00a0b\u00e2timent\nMme\u00a0Emmanuelle\u00a0MORVAN Service\u00a0eau\u00a0environnement\u00a0(SEE)\u00a0-\u00a0Cheffe\u00a0de\u00a0service\nM.\u00a0Rapha\u00ebl\u00a0CHAUSSIS Service\u00a0eau\u00a0environnement\u00a0(SEE)\u00a0\u2013\u00a0Adjoint\u00a0\u00e0\u00a0la\u00a0Cheffe\u00a0de\u00a0service\u00a0\nMme\u00a0Christine\u00a0ROCHAT SEE/Biodiversit\u00e9\u00a0\u2013\u00a0For\u00eat\u00a0\u2013\u00a0Chasse\u00a0-P\u00eache\nM.\u00a0S\u00e9bastien\u00a0GATELIER SEE/Pr\u00e9vention\u00a0des\u00a0pollutions\u00a0des\u00a0milieux\u00a0aquatiques\u00a0\nM.\u00a0Aur\u00e9lien\u00a0BROCHET SEE\u00a0/Responsable\u00a0du\u00a0p\u00f4le\u00a0for\u00eat\u00a0Mayenne,\u00a0Maine-et-Loire,\u00a0Sarthe\nM.\u00a0Nicolas\u00a0CHAUDET\u00a0 SEE/Pr\u00e9vention\u00a0des\u00a0risques\u00a0et\u00a0accompagnement\u00a0des\u00a0territoires\nMme\u00a0July\u00a0DESSEAUX SEE/Ressource\u00a0en\u00a0eau\u00a0et\u00a0milieux\u00a0aquatiques\nDDT\u00a0de\u00a0la\u00a0Sarthe\u00a0\u2013\u00a019\u00a0bd\u00a0Paixhans\u00a0CS10013\u00a0-\u00a072\u00a0042\u00a0Le\u00a0Mans\u00a0cedex\u00a09\u00a0\u00a0\u2013\u00a002\u00a085\u00a032\u00a075\u00a000\u00a0\u2013\u00a0ddt@sarthe.gouv.fr 4/4\nDDT - 72-2024-01-22-00004 - 2024 01 22 Subd\u00e9l\u00e9gation de signature en mati\u00e8re administrative de M. Marc SEVERAC,  directeur\nd\u00e9partemental des territoires, \u00e0 des fonctionnaires plac\u00e9s sous son autorit\u00e9. 16\nDDT\n72-2024-01-22-00006\nSubd\u00e9l\u00e9gation de signature  de M. Marc\nSEVERAC, directeur d\u00e9partemental des\nterritoires, pour l'exercice des attributions du\npouvoir adjudicateur dans les domaines de\ncomp\u00e9tences de la direction d\u00e9partementale\ndes territoires.\nDDT - 72-2024-01-22-00006 - Subd\u00e9l\u00e9gation de signature  de M. Marc SEVERAC, directeur d\u00e9partemental des territoires, pour\nl'exercice des attributions du pouvoir adjudicateur dans les domaines de comp\u00e9tences de la direction d\u00e9partementale des territoires. 17\nEnPREFETDE LA SARTHELibert\u00e9Egalit\u00e9Fraternit\u00e9\nDirection\nd\u00e9partementale\ndes territoires\nArr\u00eat\u00e9 du 22 janvier 2024\nOBJET : Subd\u00e9l\u00e9gation de signature de M. Marc SEVERAC, directeur d\u00e9partemental\ndes  territoires  de  la  Sarthe  pour  l'exercice  des  attributions  du  pouvoir\nadjudicateur  dans  les  domaines  de  comp\u00e9tences  de  la  direction\nd\u00e9partementale des territoires.\nLe Pr\u00e9fet de la Sarthe\nChevalier de la L\u00e9gion d'honneur\nChevalier de l'Ordre national du M\u00e9rite\nVU l'ordonnance n\u00b02018-1074 du 26 novembre 2018 portant partie l\u00e9gislative du code de la\ncommande publique ;\nVU le  d\u00e9cret  n\u00b0  2004-374  du  29  avril  2004  modifi\u00e9,  relatif  aux  pouvoirs  des  pr\u00e9fets,  \u00e0\nl'organisation et \u00e0 l'action des services de l'\u00c9tat dans les r\u00e9gions et d\u00e9partements ;\nVU le d\u00e9cret n\u00b0 2006-975 du 1er ao\u00fbt 2006 modifi\u00e9 portant code des march\u00e9s publics ;\nVU le d\u00e9cret n\u00b0 2009-1484 du 3 d\u00e9cembre 2009 modifi\u00e9 relatif aux directions d\u00e9partementales\ninterminist\u00e9rielles ;\nVU le  d\u00e9cret  n\u00b0  2012-1246  du  7  novembre  2012  modifi\u00e9  relatif  \u00e0  la  gestion  budg\u00e9taire  et\ncomptable publique ;\nVU le d\u00e9cret du 15 f\u00e9vrier 202 2 nommant M. Emmanuel AUBRY pr\u00e9fet de la Sarthe, prenant ses\nfonctions le 6 mars 2022 ;\nVU l'arr\u00eat\u00e9  pr\u00e9fectoral  du  26  d\u00e9cembre  2023  portant  organisation  de  la  direction\nd\u00e9partementale des territoires de la Sarthe ;\nVU l'arr\u00eat\u00e9 du Premier ministre et du ministre de l'int\u00e9rieur et des outres-mer du 21 ao\u00fbt 2023\nportant nomination dans les directions d\u00e9partementales interminist\u00e9rielles, nommant M.\nMarc  SEVERAC,  ing\u00e9nieur  en  chef  des  ponts,  des  eaux  et  des  for\u00eats,  directeur\nd\u00e9partemental des territoires de la Sarthe, \u00e0 compter du 4 septembre 2023 ;\nVU l'arr\u00eat\u00e9 pr\u00e9fectoral n \u00b0 DCPPAT 2023-0179 du 30 ao\u00fbt 2023 portant d\u00e9l\u00e9gation de signature\nde M. Emmanuel AUBRY pr\u00e9fet de la Sarthe, \u00e0 M.  Marc SEVERAC, directeur d\u00e9partemental\ndes territoires de la Sarthe, en mati\u00e8re d'ordonnancement secondaire dans les domaines de\ncomp\u00e9tences de la direction d\u00e9partementale des territoires de la Sarthe ;\nVU l'arr\u00eat\u00e9 pr\u00e9fectoral n\u00b0 DCPPAT 2023-0180 du 30 ao\u00fbt 2023 p ortant d\u00e9l\u00e9gation de signature\nde M. Emmanuel AUBRY pr\u00e9fet de la Sarthe, \u00e0 M.  Marc SEVERAC, directeur d\u00e9partemental\ndes territoires de la Sarthe, pour  l'exercice des attributions du pouvoir adjudicateur dans\nles domaines de comp\u00e9tence de la direction d\u00e9partementale des territoires de la Sarthe ;\nSUR    proposition de M. Marc SEVERAC, directeur d\u00e9partemental des territoires de la Sarthe,\nDDT de la Sarthe \u2013 19 bd Paixhans CS10013 - 72 042 Le Mans cedex 9  \u2013 02 85 32 75 00 \u2013 ddt@sarthe.gouv.fr 1/3\nDDT - 72-2024-01-22-00006 - Subd\u00e9l\u00e9gation de signature  de M. Marc SEVERAC, directeur d\u00e9partemental des territoires, pour\nl'exercice des attributions du pouvoir adjudicateur dans les domaines de comp\u00e9tences de la direction d\u00e9partementale des territoires. 18\n2/3\nA R R E T E\nArticle     1  er   : Subd\u00e9l\u00e9gation  de  signature  est  donn\u00e9e  \u00e0  M.  Christophe  CHARRIER,  directeur\nd\u00e9partemental adjoint, pour l'ensemble des actes vis\u00e9s aux articles 1 et 2 de l'arr\u00eat\u00e9 pr\u00e9fectoral\nn\u00b0 DCPPAT 2023-0180  susvis\u00e9, pour l'exercice des attributions du pouvoir adjudicateur, en cas\nd'absence ou d'emp\u00eachement de  M. Marc SEVERAC,  directeur d\u00e9partemental des territoires de\nla Sarthe.\nArticle 2 : Subd\u00e9l\u00e9gation de signature est \u00e9galement donn\u00e9e, dans la limite de leurs comp\u00e9tences\net  attributions  respectives,  aux  agents  dont  la  liste  figure  en  annexe  et  dans  la  limite  des\nmontants pr\u00e9cis\u00e9s \u00e0 cette m\u00eame annexe, conform\u00e9ment aux articles 2, pour les march\u00e9s pass\u00e9s\nselon la proc\u00e9dure adapt\u00e9e, en application de l 'article 28 du code des march\u00e9s publics,  et 3 de\nl'arr\u00eat\u00e9 pr\u00e9fectoral n\u00b0 DCPPAT 2023-0180 susvis\u00e9.\nArticle 3 : Le secr\u00e9taire g\u00e9n\u00e9ral de la pr\u00e9fecture de la Sarthe et  le directeur d\u00e9partemental des\nterritoires de la Sarthe  sont charg\u00e9s, chacun en ce qui le concerne, de l'ex\u00e9cution du pr\u00e9sent\narr\u00eat\u00e9 qui sera publi\u00e9 au recueil des actes administratifs de la pr\u00e9fecture de la Sarthe.\nPour le pr\u00e9fet de la Sarthe et par d\u00e9l\u00e9gation,\nLe directeur d\u00e9partemental des territoires de la Sarthe\nSIGNE\nMarc SEVERAC\nDDT de la Sarthe \u2013 19 bd Paixhans CS10013 - 72 042 Le Mans cedex 9  \u2013 02 85 32 75 00  \u2013 ddt@sarthe.gouv.fr 2/3\nDDT - 72-2024-01-22-00006 - Subd\u00e9l\u00e9gation de signature  de M. Marc SEVERAC, directeur d\u00e9partemental des territoires, pour\nl'exercice des attributions du pouvoir adjudicateur dans les domaines de comp\u00e9tences de la direction d\u00e9partementale des territoires. 19\nANNEXE 1 \u00e0 l'arr\u00eat\u00e9 pr\u00e9fectoral du  22  janvier  2024\nportant subd\u00e9l\u00e9gation du pouvoir adjudicateur de la DDT de la Sarthe\nServices Pr\u00e9nom -Nom Fonction Montant\nH.T.march\u00e9s de\ntravaux, de services\net de fournitures\n\u00c9conomie agricole \n(SEA)\nSophie BLAINVILLE-WELLBURN\nJ\u00e9r\u00f4me THIBAULT\nCheffe de service\nAdjoint \u00e0 la cheffe de \nservice\n4 000 \u20ac\n4 000 \u20ac\nConnaissance des \nTerritoires et S\u00e9curit\u00e9 \n(SCTS)\nSylvie  GENTES\nNicolas JACQUET \u00e0 compter du \n4 mars 2024\nCheffe de service \nAdjoint \u00e0 la cheffe de \nservice\n4 000 \u20ac\n4 000\u20ac\nUrbanisme, \nam\u00e9nagement et \naffaires Juridiques\n(SUAAJ)\nJulien DUGUE \u00e0 compter du 4 \nmars 2024\nCyril VIAL\nChef de service\nAdjoint au chef de service\n4 000 \u20ac\n4 000 \u20ac\nHabitat, ville \nconstruction (SHVC)\nJoahn SOULAS \nSt\u00e9phane PAVAGEAU\nChef de service\nAdjoint au chef de service\n4 000 \u20ac\n4 000 \u20ac\nEau et environnement\n(SEE)\nEmmanuelle MORVAN\nRapha\u00ebl CHAUSSIS\nCheffe de service\nAdjointe \u00e0 la cheffe de \nservice\n4 000 \u20ac\n4 000 \u20ac \nDDT de la Sarthe \u2013 19 bd Paixhans CS10013 - 72 042 Le Mans cedex 9  \u2013  02 85 32 75 00 \u2013 ddt@sarthe.gouv.fr 3/3\nDDT - 72-2024-01-22-00006 - Subd\u00e9l\u00e9gation de signature  de M. Marc SEVERAC, directeur d\u00e9partemental des territoires, pour\nl'exercice des attributions du pouvoir adjudicateur dans les domaines de comp\u00e9tences de la direction d\u00e9partementale des territoires. 20","date":"2024-01-23","first_seen_on":"2025-08-30T22:18:43+00:00","id":"b9180a800991d66ac370217b6163dd2cf01b6ce8951dd7a9e48aab191af6441c","name":"RAA n\u00b014 du 23 janvier 2024","pdf_creation_date":"2024-01-23T15:10:27+00:00","pdf_modification_date":null,"timezone":"Europe/Paris","url":"https://www.sarthe.gouv.fr/contenu/telechargement/18988/121928/file/recueil-001-du-23-01-2024-recueil-des-actes-administratifs-special.pdf"}
