{"administration":"pref83","administration_name":"Pr\u00e9fecture du Var","content":"VAR\nRECUEIL DES ACTES\nADMINISTRATIFS\nN\u00b083-2025-074\nPUBLI\u00c9 LE 11 MARS 2025\nSommaire\nCentre hospitalier Henri Gu\u00e9rin Pierrefeu /\n83-2025-03-10-00002 - 2025-03-511 d\u00e9l\u00e9gation de signature (5 pages) Page 3\nDirection d\u00e9partementale des finances publiques du Var / Direction de la\nDDFIP\n83-2025-03-04-00007 - D\u00e9cision de d\u00e9l\u00e9gations sp\u00e9ciales de\nsignature pour le p\u00f4le partenaires (2 pages) Page 9\n83-2025-03-07-00002 - D\u00e9l\u00e9gation de signature - Service de la\npublicit\u00e9 fonci\u00e8re et de l'enregistrement de Toulon (2 pages) Page 12\n83-2025-03-04-00008 - D\u00e9l\u00e9gation de signature en mati\u00e8re de\ncontentieux et de gracieux fiscal - R\u00e9gis NIOULON (2 pages) Page 15\nDirection d\u00e9partementale des territoires et de la mer du Var / Direction et\nr\u00e9f\u00e9rents territoriaux de la DDTM\n83-2025-02-24-00008 - arr\u00eat\u00e9 pr\u00e9fectoral n\u00b0DDTM/MPCA/2025-01 du\n24 f\u00e9vrier 2025 portant organisation de la DDTM du Var (3 pages) Page 18\nDirection d\u00e9partementale des territoires et de la mer du Var / Service\nagriculture et for\u00eat de la DDTM\n83-2025-02-11-00006 - Camps-la-Source  AP ouverture EP  (5 pages) Page 22\n83-2025-03-03-00018 - Varages - bayol - AP ouverture EP (5 pages) Page 28\n83-2025-03-03-00017 - Varages - le clos de la blaque - AP ouverture EP (5\npages) Page 34\nDirection d\u00e9partementale des territoires et de la mer du Var / Service mer\net littoral de la DDTM\n83-2025-03-10-00001 - ARR\u00caT\u00c9 PR\u00c9FECTORAL N\u00b0\nDDTM/SML/BLO/2025-01 du 10/03/2025\nportant ouverture et organisation\nd'une enqu\u00eate publique relative \u00e0 la demande de renouvellement de\nla concession de la plage naturelle de La Favi\u00e8re, sur la commune de\nBormes-Les-Mimosas. (5 pages) Page 40\nPr\u00e9fecture du VAR / Cabinet du pr\u00e9fet\n83-2025-03-05-00004 - RAA -CDSP83-Compo2025-1.docx (1 page) Page 46\nPr\u00e9fecture du VAR / Direction de la citoyennet\u00e9 et de la l\u00e9galit\u00e9\n83-2025-03-11-00002 - ARRETE PREFECTORAL N\u00b0 DCL/BFL/2025-051,\ndat\u00e9 du 11 mars 2025\nPortant nomination de r\u00e9gisseurs aupr\u00e8s de la\nr\u00e9gie d'\u00c9tat de la police municipale\nde la commune de Cogolin (2\npages) Page 48\nPr\u00e9fecture du VAR / Direction de la coordination des politiques publiques\net de l'appui territorial\n83-2025-03-11-00001 - ARR\u00caT\u00c9 PR\u00c9FECTORAL n\u00b02025/07/MCI du 11\nmars 2025 portant d\u00e9l\u00e9gation de signature \u00e0 Mme Myriam GARCIA,\nsous-pr\u00e9f\u00e8te de l'arrondissement de DRAGUIGNAN (8 pages) Page 51\n2\nCentre hospitalier Henri Gu\u00e9rin Pierrefeu\n83-2025-03-10-00002\n2025-03-511 d\u00e9l\u00e9gation de signature\nCentre hospitalier Henri Gu\u00e9rin Pierrefeu - 83-2025-03-10-00002 - 2025-03-511 d\u00e9l\u00e9gation de signature 3\nPage 1 sur 5 \n \n CENTRE HOSPITALIER \u00ab HENRI GUERIN \u00bb Quartier Barnencq - 83390 PIERREFEU-DU-VAR \n \nDECISION N \u00b0 2025/03/51 \nPORTANT DELEGATION DE SIGNATURE \n                                                      \nLe Directeur du Centre Hospitalier \"Henri Gu\u00e9rin\" de Pierrefeu-du-Var, \nVu, la Loi n o 86-33 du 9 janvier 1986 modifi\u00e9e portant dispositions statutaires relatives \u00e0 la Fonction \nPublique Hospitali\u00e8re, \nVu, l'article L 6143 -7 du Code de la Sant\u00e9 Publique, relatif aux comp\u00e9tences des Directeurs \nd'Etablissements Publics de Sant\u00e9, \nVu, l'article R 6143-38 du Code de la Sant\u00e9 Publique, relatif au r\u00e9gime de publicit\u00e9 des actes, \nVu, les articles D 6143-33 \u00e0 D 6143-35 du Code de la Sant\u00e9 Publique, relatifs \u00e0 la d\u00e9l\u00e9gation de signature \ndes Directeurs d'\u00e9tablissements publics de sant\u00e9, \nVu, l'arr\u00eat\u00e9 minist\u00e9riel en date du 20 d\u00e9cembre 2019 nommant Monsieur EYMARD Julien, Directeur  \nAdjoint au Centre Hospitalier Henri Gu\u00e9rin de Pierrefeu-du-Var, \u00e0 compter du 2 janvier 2020, \n \nVu l'arr\u00eat\u00e9 de Madame la directrice g\u00e9n\u00e9rale du Centre National de Gestion, Marie -No\u00eblle GERAIN \nBREUZARD, en date du 23/05/2024 portant d\u00e9signation de Monsieur Nicolas FUNEL, directeur du centre \nhospitalier Henri Gu\u00e9rin de Pierrefeu-du-Var (Var) \u00e0 compter du 10/06/2024. \n \n                                                                       DECIDE \n \nARTICLE 1 \n1.a D\u00e9l\u00e9gation de signature en cas d'absence ou d'emp\u00eachement du Directeur \n \nEn cas d'absence ou d'emp\u00eachement du Directeur, Monsieur EYMARD Julien  re\u00e7oit d\u00e9l\u00e9gation de \nsignature aux fins de signer tout acte ou d\u00e9cision n\u00e9cessaire pour assurer la suppl\u00e9ance du Chef \nd'\u00e9tablissement, \u00e0 l'exception des \u00e0 l'exception des ordres de r\u00e9quisition du comptable et des \nattributions propres au Directeur telles que pr\u00e9vues par les articles L. 6143-1et 6143-7 \u00e0 18 du Code de \nla Sant\u00e9 Publique.  \n \n1.b P\u00e9riodes de garde                                                                                                                                                     \nCentre hospitalier Henri Gu\u00e9rin Pierrefeu - 83-2025-03-10-00002 - 2025-03-511 d\u00e9l\u00e9gation de signature 4\nUY\nPage 2 sur 5 \n \nPendant les p\u00e9riodes de garde \u2013 Monsieur Julien EYMARD  est autoris\u00e9 \u00e0 prendre toutes les \nd\u00e9cisions n\u00e9cessaires \u00e0 la pr\u00e9servation du bon fonctionnement de l'\u00e9tablissement et des mesures \nurgentes s'agissant notamment : \n \n- de l'exercice du pouvoir de police au sein de l'\u00e9tablissement, \n- de la mise en \u0153uvre du r\u00e8glement int\u00e9rieur de l'\u00e9tablissement, \n- de l'admission des patients, \n- du s\u00e9jour des patients, \n- de la sortie des patients, \n- du d\u00e9c\u00e8s des patients, \n- de la s\u00e9curit\u00e9 des personnes et des biens, \n- des situations de crise, \n- du d\u00e9clenchement des plans d'urgence et des cellules de crise apr\u00e8s en avoir avis\u00e9 le chef  \n  D'\u00e9tablissement, \n- de la gestion des personnels. \n \nARTICLE 2 \n \nMonsieur EYMARD Julien, Directeur-Adjoint, re\u00e7oit d\u00e9l\u00e9gation permanente pour signer en lieu et place \ndu directeur. \n \n2-1 \u2014 Affaires financi\u00e8res : \nTous les documents relatifs : \n Aux pi\u00e8ces comptables concernant les actes li\u00e9s \u00e0 la fonction d'ordonnateur du budget, \n\u00e0 l'exception du compte financier \n A l'octroi de fonds de solidarit\u00e9 aux patients dans la limite des inscriptions budg\u00e9taires \npr\u00e9visionnelles \n A la contractualisation et \u00e0 l'analyse de gestion \n A l'organisation du travail des cong\u00e9s, autorisation des personnels plac\u00e9s sous son \nautorit\u00e9, \nTous les courriers n\u00e9cessaires \u00e0 la gestion courante du service des affaires financi\u00e8res. \n \n2-2 \u2014 Relations ext\u00e9rieures et Communication : \n En cas d'emp\u00eachement du directeur, les conventions conclues entre le Centre \nHospitalier et les partenaires ext\u00e9rieurs,  \nA l'organisation des documents relatifs \u00e0 l'organisation du travail, des cong\u00e9s, \nautorisations d'absence du personnel plac\u00e9 sous son autorit\u00e9, \nTous les courriers n\u00e9cessaires \u00e0 la gestion courante des relations ext\u00e9rieures et de la communication. \n2-3 \u2014 Syst\u00e8me d'information : \nCentre hospitalier Henri Gu\u00e9rin Pierrefeu - 83-2025-03-10-00002 - 2025-03-511 d\u00e9l\u00e9gation de signature 5\nYU\nPage 3 sur 5 \n \n  Tous les documents relatifs : \n A la gestion et l'administration du syst\u00e8me d'information \u00e0 l'exclusion des march\u00e9s de \nservice ou de prestation, \n\u00c0 l'organisation du travail, des cong\u00e9s, autorisations d'absence des personnels plac\u00e9s \nsous son autorit\u00e9, \nTous les courriers n\u00e9cessaires \u00e0 la gestion courante du service informatique. \n \n2-4 \u2014 Service des Tutelles : \n \n Tous les documents relatifs : \n Aux d\u00e9clarations de sauvegarde de justice,  \n \u00c0 l'organisation du travail, des cong\u00e9s, autorisations d'absence des personnels plac\u00e9s \nsous son autorit\u00e9, \nTous les courriers n\u00e9cessaires \u00e0 la gestion courante du service des Tutelles. \n \n2-5 -- Service Bureau des entr\u00e9es : \n \n Tous les documents relatifs au bureau des entr\u00e9es,  \n \u00c0 la gestion des s\u00e9jours et de leur facturation,  \n \u00c0 l'organisation du travail, des cong\u00e9s, autorisations d'absence des personnels plac\u00e9s sous \nson autorit\u00e9, \nTous les courriers n\u00e9cessaires \u00e0 la gestion courante du bureau des entr\u00e9es.  \n \nARTICLE 3 \nEn cas d'absence ou d'emp\u00eachement du Directeur-Adjoint, d\u00e9l\u00e9gation identique relative \u00e0 l'article \n2/1-1 Affaires financi\u00e8res - est donn\u00e9e \u00e0 Madame Carole MILLIARD , Attach\u00e9e d'Administration \nHospitali\u00e8re, affect\u00e9e aux Affaires Financi\u00e8res. \nEn cas d'absence ou d'emp\u00eachement de Madame Carole MILLIARD, d\u00e9l\u00e9gation identique relative \n\u00e0 l'article 2 /1-1 Affaires financi\u00e8res - est donn\u00e9e \u00e0 Madame Charl\u00e8ne ALBERT, Attach\u00e9 e \nd'Administration Hospitali\u00e8re, affect\u00e9e aux Affaires Financi\u00e8res. \n \nARTICLE 4 \nEn cas d'absence ou d'emp\u00eachement du Directeur-Adjoint, d\u00e9l\u00e9gation identique relative \u00e0 l'article \n2 / 2-2 \u2014 Relations ext\u00e9rieures et Communication - est donn\u00e9e \u00e0 Madame Marie SOUCHE, Adjoint \ndes Cadres, affect\u00e9e aux Relations Ext\u00e9rieures et \u00e0 la Communication. \nARTICLE 5 \nEn cas d'absence ou d'emp\u00eachement du Directeur -Adjoint, d\u00e9l\u00e9gation identique relative \u00e0 l'article \n2 / 2-3 \u2014 Syst\u00e8me d'information - est donn\u00e9e \u00e0 Madame Nathalie ABRAM Ing\u00e9nieur, affect\u00e9e au \nService Informatique. \nCentre hospitalier Henri Gu\u00e9rin Pierrefeu - 83-2025-03-10-00002 - 2025-03-511 d\u00e9l\u00e9gation de signature 6\nPage 4 sur 5 \n \nARTICLE 6 \nEn cas d'absence ou d'emp\u00eachement du Directeur -Adjoint, d\u00e9l\u00e9gation identique relative \u00e0 l'article \n2 / 2-4 \u2014 Service des Tutelles - est donn\u00e9e \u00e0 Madame Nathalie MONGE, Attach\u00e9e d'Administration \nHospitali\u00e8re, affect\u00e9e au Service des Tutelles. \nARTICLE 7 \nEn cas d'absence ou d'emp\u00eachement du Directeur-Adjoint, d\u00e9l\u00e9gation identique relative \u00e0 l'article \n2 / 2 -5.1 - Bureau des entr\u00e9es  - est donn\u00e9e \u00e0 Madame Sabine BIANCHINI , Attach\u00e9e \nd'Administration Hospitali\u00e8re, affect\u00e9e au Bureau des entr\u00e9es. \n \nEn cas d'absence ou d'emp\u00eachement de Madame Sabine BIANCHINI, d\u00e9l\u00e9gation identique relative \n\u00e0 l'article 2 / 2-5.1 - Bureau des entr\u00e9es - est donn\u00e9e \u00e0 Madame Sarah LEFORT-PROTO, Adjoint des \nCadres Hospitaliers, affect\u00e9e au Bureau des entr\u00e9es. \n \nARTICLE 8 \nLes d\u00e9l\u00e9gations accord\u00e9es ci-dessus cesseront de porter effet du jour o\u00f9 les b\u00e9n\u00e9ficiaires cesseront \nd'exercer les fonctions au titre desquelles elles leur ont \u00e9t\u00e9 consenties \nARTICLE 9 \nLa pr\u00e9sente d\u00e9cision prend effet au 03/03/2025 \nLes d\u00e9cisions n\u00b0 2020/01/16, n 0 2018/10/65 du 22 octobre 2018, n 02018/12/71 et n o 2018/12/73 \ndu 5 d\u00e9cembre 2018 et n\u00b02024/06/140 en date du 10 juin 2024 , n\u00b02025/03/41 en date du 3 mars \n2025 sont abrog\u00e9es. \nARTICLE 11 \nLe Conseil de Surveillance, dans sa prochaine s\u00e9ance, sera inform\u00e9 de la pr\u00e9sente d\u00e9l\u00e9gation qui \nsera affich\u00e9e, transmise sans d\u00e9lai au comptable de l'\u00e9tablissement et publi\u00e9e au recueil des actes \nadministratifs de la pr\u00e9fecture du d\u00e9partement du Var, conform\u00e9ment \u00e0 l'article R 6143-38 susvis\u00e9 \ndu Code de la Sant\u00e9 Publique. \n \nPierrefeu-du-Var, le 10 Mars 2025 \n                     Le Directeur \n                                                                                         Sign\u00e9 \n                                                                                         Nicolas FUNEL \n     \nCentre hospitalier Henri Gu\u00e9rin Pierrefeu - 83-2025-03-10-00002 - 2025-03-511 d\u00e9l\u00e9gation de signature 7\nPage 5 sur 5 \n \n     \n \nAmpliation de la pr\u00e9sente d\u00e9cision sera adress\u00e9e : \n- A la Pr\u00e9fecture du Var pour publication au Recueil des Actes Administratifs, \n- A Monsieur le Receveur Percepteur de la Tr\u00e9sorerie du Centre Hospitalier Henri Gu\u00e9rin de \nPierrefeu-du-Var, \n- Monsieur Julien EYMARD, Directeur -Adjoint, Directeur des Affaires Financi\u00e8res, des Relations \next\u00e9rieures et de la Communication, du Syst\u00e8me d'I nformation, du Service des Tutelles, de la \nQualit\u00e9, Gestion des risques, Droits et relations avec les usagers. \n- Madame Carole MILLIARD, Attach\u00e9e d'Administration Hospitali\u00e8re affect\u00e9e aux Affaires \nfinanci\u00e8res,  \n- Madame Charl\u00e8ne ALBERT, Attach\u00e9 d'Administration Hospitali\u00e8re affect\u00e9e aux Affaires financi\u00e8res, \n- Madame Nathalie ABRAM, Ing\u00e9nieur, affect\u00e9e au Service Informatique, \n- Madame Nathalie MONGE, Attach\u00e9e d'Administration Hospitali\u00e8re, affect\u00e9e au Service des  \nTutelles, \n- Madame Sabine BIANCHINI,  Attach\u00e9e d'Administration Hospitali\u00e8re,  affect\u00e9e au Bureau des \nentr\u00e9es. \n- Madame Sarah LEFORT-PROTO, Adjoint des Cadres Hospitaliers, affect\u00e9e au Bureau des entr\u00e9es. \n- Madame Marie SOUCHE, Attach\u00e9e d'Administration Hospitali\u00e8re , affect\u00e9e aux Relations \next\u00e9rieures et \u00e0 la Communication. \n \nAffichage : \n- CHHG-Hall de l'administration \nClassement : \n- DRH : dossier des int\u00e9ress\u00e9s \n- DG S5-D1 \nCentre hospitalier Henri Gu\u00e9rin Pierrefeu - 83-2025-03-10-00002 - 2025-03-511 d\u00e9l\u00e9gation de signature 8\nDirection d\u00e9partementale des finances\npubliques du Var\n83-2025-03-04-00007\nD\u00e9cision de d\u00e9l\u00e9gations sp\u00e9ciales de signature\npour le p\u00f4le partenaires\nDirection d\u00e9partementale des finances publiques du Var - 83-2025-03-04-00007 - D\u00e9cision de d\u00e9l\u00e9gations sp\u00e9ciales de signature pour\nle p\u00f4le partenaires 9\nREPUBLIQUEFRANCAISELibert\u00e9Egalit\u00e9Fraternit\u00e9\nTFINANCES PUBLIQUES\nD\u00e9cision de d\u00e9l\u00e9gations sp\u00e9ciales de signature pour le p\u00f4le partenaires\nLe Directeur d\u00e9partemental des Finances publiques du Var\nVu le d\u00e9cret n\u00b0 2008-309 du 3 avril 2008 portant dispositions transitoires relatives \u00e0 la direction\ng\u00e9n\u00e9rale des finances publiques ;\nVu le d\u00e9cret n\u00b02008-310 du 3 avril 2008 relatif \u00e0 la Direction g\u00e9n\u00e9rale des Finances publiques ;\nVu  le d\u00e9cret n\u00b02009-208  du  20  f\u00e9vrier 2009  relatif  au  statut  particulier  des  Administrateurs  des\nFinances publiques ;\nVu le d\u00e9cret n\u00b0 2022-644 du 25 avril 2022 relatif aux emplois de direction de la direction g\u00e9n\u00e9rale des\nFinances publiques et modifiant le statut particulier des Administrateurs des Finances publiques ;\nVu le d\u00e9cret n\u00b02009-707 du 16 juin 2009 relatif aux services d\u00e9concentr\u00e9s de la Direction g\u00e9n\u00e9rale des\nFinances publiques ;\nVu le d\u00e9cret n\u00b0 2012-1246 du 7 novembre 2012 relatif \u00e0 la gestion budg\u00e9taire et comptable publique ;\nVu l'arr\u00eat\u00e9 du 9 juin 2010 portant cr\u00e9ation de la Direction d\u00e9partementale du Var ;\nVu  le  d\u00e9cret  du  18  novembre  2022  portant  nomination de  M.  Jean-Michel  BLANCHARD,\nAdministrateur g\u00e9n\u00e9ral des Finances publiques en qualit\u00e9 de Directeur d\u00e9partemental des Finances\npubliques du Var ;\nVu le d\u00e9cret en date du 18 novembre 2022 fixant au 12 d\u00e9cembre 2022 la date d'installation de  \nM. Jean-Michel BLANCHARD, dans les fonctions de Directeur d\u00e9partemental des Finances publiques\ndu Var ;\nD\u00e9cide :\nArticle  1 :  D\u00e9l\u00e9gation  sp\u00e9ciale  de  signature  pour  signer  les pi\u00e8ces  ou  documents  relatifs  aux\nattributions de leur division ou de leur service, avec facult\u00e9 pour chacun d'eux d'agir s\u00e9par\u00e9ment et\nsur sa seule signature, l'\u00e9nonciation des pouvoirs ainsi conf\u00e9r\u00e9s \u00e9tant limitative, est donn\u00e9e \u00e0 : \n1. Pour la Division du Budget Logistique et Immobilier\nPierrick DELOURME, administrateur des Finances publiques adjoint, responsable de la division ; \nFr\u00e9d\u00e9ric BOMY, inspecteur divisionnaire des Finances publiques, adjoint au responsable de la division ;\nClaudie MALAGU, inspectrice des Finances publiques ;\nAlexandra PIRLOT, inspectrice des Finances publiques ;\nJean-Romain ANNET, inspecteur des Finances publiques ;\nSylvio HOARAU, contr\u00f4leur principal des Finances publiques ;\nDirection d\u00e9partementale\ndes Finances publiques du Var\nPlace Besagne \u2013 Centre Mayol\nCS 91409\n83056 TOULON CEDEX\nDirection d\u00e9partementale des finances publiques du Var - 83-2025-03-04-00007 - D\u00e9cision de d\u00e9l\u00e9gations sp\u00e9ciales de signature pour\nle p\u00f4le partenaires 10\nDelphine MOUYER, contr\u00f4leuse principale des Finances publiques ;\nPhilippe PELLESI, contr\u00f4leur principal des Finances publiques ; \nCorinne DEBIAIS, contr\u00f4leuse des Finances publiques.\nAude RIBEAUCOURT, contr\u00f4leuse des Finances publiques.\n2. Pour la Division des Affaires Economiques : expertise \u00e9conomique et financi\u00e8re, CCSF, CODEFI\nRomain SCIFO, inspecteur principal des Finances publiques, responsable de la division ;\nMaxime FERSING, inspecteur des Finances publiques.\n3. Pour la Division Secteur Public Local\nKarine FOCHESATO, administratrice des Finances publiques adjointe, responsable de la division ;\nIsabelle GANNE, inspectrice divisionnaire des Finances publiques ;\nJuliette FAGARD, inspectrice divisionnaire des Finances publiques ;\nPascale LOUARN, inspectrice divisionnaire expert des Finances publiques ;\nFaiza BOUACHIR, inspectrice des Finances publiques ;\nChristophe PICCITTO, inspecteur des Finances publiques ;\nDamien RIUDAVETS, inspecteur des Finances publiques.\n4. Pour  la  Division  de  l'Assiette  de  l'Imp\u00f4t  (fiscalit\u00e9  des  particuliers  et  des  professionnels)  et\nMissions Fonci\u00e8res\nOndine ACQUAVIVA, administratrice des Finances publiques adjointe, responsable de la division ;\nR\u00e9gis NIOULON, inspecteur divisionnaire des Finances publiques, adjoint \u00e0 la responsable ;\nAudrey RAYNARD, inspectrice divisionnaire des Finances publiques, adjointe \u00e0 la  responsable ;\n\u2022 Animation et pilotage de la fiscalit\u00e9 des particuliers\n\u2022 Animation et pilotage de la fiscalit\u00e9 des professionnels\n\u2022 Animation et pilotage des missions fonci\u00e8res\nCarole SALAUN, inspectrice des Finances publiques ;\nClaudine AUBRIET, inspectrice des Finances publiques ;\nS\u00e9bastien DECOTTE-AUGE, inspecteur des Finances publiques ;\nSt\u00e9phane GIRARD, inspecteur des Finances publiques ;\nV\u00e9ronique GIULIANO, inspectrice des Finances publiques.\nArticle  2 :  le  pr\u00e9sent  arr\u00eat\u00e9  prend  effet  le  1\ner mars  2025.  Il  sera  publi\u00e9  au  recueil  des  actes\nadministratifs du d\u00e9partement.\nA Toulon, le 4 mars 2025\nPour le Directeur d\u00e9partemental des Finances publiques\n Le responsable du P\u00f4le partenaires\nSign\u00e9,\nG\u00e9rard BLANC\n      Administrateur de l'\u00c9tat\nDirection d\u00e9partementale des finances publiques du Var - 83-2025-03-04-00007 - D\u00e9cision de d\u00e9l\u00e9gations sp\u00e9ciales de signature pour\nle p\u00f4le partenaires 11\nDirection d\u00e9partementale des finances\npubliques du Var\n83-2025-03-07-00002\nD\u00e9l\u00e9gation de signature - Service de la publicit\u00e9\nfonci\u00e8re et de l'enregistrement de Toulon\nDirection d\u00e9partementale des finances publiques du Var - 83-2025-03-07-00002 - D\u00e9l\u00e9gation de signature - Service de la publicit\u00e9\nfonci\u00e8re et de l'enregistrement de Toulon 12\n\"\u00e0Libert\u00e9 + Egalit\u00e9 + Fraternit\u00e9R\u00c9PUBLIQUE FRAN\u00c7AISE\nDIRECTION G\u00c9N\u00c9RALE DES FINANCES PUBLIQUES\nDIRECTION D\u00c9PARTEMENTALE DES FINANCES \nPUBLIQUES DU V AR\nPLACE BESAGNE \u2013 CENTRE MAYOL\nCS 91409\n83056 \u2013 TOULON CEDEX\nDELEGATION DE SIGNATURE\nDU RESPONSABLE DU SERVICE DE LA PUBLICITE FONCIERE ET DE L'ENREGISTREMENT\nDE TOULON\nLe comptable public, responsable du service de la publicit\u00e9 fonci\u00e8re et de l'enregistrement de Toulon\nVu le code g\u00e9n\u00e9ral des imp\u00f4ts, et notamment les art icles 408 et 410 de son annexe II et les articles 2 12 \u00e0\n217 de son annexe IV ; \nVu le livre des proc\u00e9dures fiscales, et notamment les articles L. 247 et R* 247-4 et suivants ;\nVu le d\u00e9cret n\u00b0 2008-310 du 3 avril 2008 modifi\u00e9, relatif \u00e0 la direction g\u00e9n\u00e9rale des finances publiques ; \nVu le d\u00e9cret n\u00b0 2009-707 du 16 juin 2009 modifi\u00e9, r elatif aux services d\u00e9concentr\u00e9s de la direction g\u00e9 n\u00e9rale\ndes finances publiques ; \nVu le d\u00e9cret n\u00b0 2012-1246 du 7 novembre 2012 relatif \u00e0 la gestion budg\u00e9taire et comptable publique, et\nnotamment son article 16,\nArr\u00eate :\nArticle 1\ner\nD\u00e9l\u00e9gation  de  signature  est  donn\u00e9e  \u00e0  Monsieur  Fr\u00e9d\u00e9ric  BALDINGER,  Inspecteur  divisionnaire  des\nFinances Publiques, adjoint, \u00e0 l'effet de signer :\n1\u00b0) en mati\u00e8re de contentieux fiscal d'assiette, les d\u00e9cisions d'admission totale, d'admission partiel le ou de\nrejet, de d\u00e9gr\u00e8vement ou restitution d'office dans la limite de 60 000 \u20ac ; \n2\u00b0) en mati\u00e8re de gracieux fiscal, les d\u00e9cisions po rtant remise, mod\u00e9ration, transaction ou rejet dans  la limite\nde 60 000 \u20ac ; \n3\u00b0) les documents n\u00e9cessaires \u00e0 l'ex\u00e9cution comptable des d\u00e9cisions contentieuses et gracieuses, sans\nlimitation de montant ; \n4\u00b0) au nom et sous la responsabilit\u00e9 du comptable soussign\u00e9, les actes relatifs \u00e0 la publicit\u00e9 fonci\u00e8r e et \u00e0\nl'enregistrement et, plus g\u00e9n\u00e9ralement, tous actes d'administration et de gestion du service.\nArticle 2\nD\u00e9l\u00e9gation de signature est donn\u00e9e \u00e0 Mesdames Natha lie DRAPIER et Sarah BOUKHALLAD, Inspectrices\ndes Finances Publiques, \u00e0 l'effet de signer :\nDirection d\u00e9partementale des finances publiques du Var - 83-2025-03-07-00002 - D\u00e9l\u00e9gation de signature - Service de la publicit\u00e9\nfonci\u00e8re et de l'enregistrement de Toulon 13\n1\u00b0) en mati\u00e8re de contentieux fiscal d'assiette, le s d\u00e9cisions d'admission totale, d'admission partiel le ou de\nrejet, de d\u00e9gr\u00e8vement ou restitution d'office dans la limite de 15 000 \u20ac ; \n2\u00b0) en mati\u00e8re de gracieux fiscal, les d\u00e9cisions po rtant remise, mod\u00e9ration, transaction ou rejet dans  la limite\nde 15 000 \u20ac ; \n3\u00b0) les documents n\u00e9cessaires \u00e0 l'ex\u00e9cution comptable des d\u00e9cisions contentieuses et gracieuses, sans\nlimitation de montant ; \n4\u00b0) au nom et sous la responsabilit\u00e9 du comptable soussign\u00e9, les actes relatifs \u00e0 la publicit\u00e9 fonci\u00e8r e et \u00e0\nl'enregistrement et, plus g\u00e9n\u00e9ralement, tous actes d'administration et de gestion du service\nArticle 3\nLe pr\u00e9sent arr\u00eat\u00e9 sera publi\u00e9 au recueil des actes administratifs du d\u00e9partement du Var.\nA Toulon, le 7 mars 2025\nLe comptable public, responsable du service de la\npublicit\u00e9 fonci\u00e8re et de l'enregistrement\nPatrice ROISNEL\nDirection d\u00e9partementale des finances publiques du Var - 83-2025-03-07-00002 - D\u00e9l\u00e9gation de signature - Service de la publicit\u00e9\nfonci\u00e8re et de l'enregistrement de Toulon 14\nDirection d\u00e9partementale des finances\npubliques du Var\n83-2025-03-04-00008\nD\u00e9l\u00e9gation de signature en mati\u00e8re de\ncontentieux et de gracieux fiscal - R\u00e9gis\nNIOULON\nDirection d\u00e9partementale des finances publiques du Var - 83-2025-03-04-00008 - D\u00e9l\u00e9gation de signature en mati\u00e8re de contentieux\net de gracieux fiscal - R\u00e9gis NIOULON 15\nREPUBLIQUEFRANCAISELibert\u00e9Egalit\u00e9Fraternit\u00e9\nTFINANCES PUBLIQUES\nCS 91409\n83056 TOULON CEDEX\nDELEGATION DE SIGNATURE EN MATIERE DE CONTENTIEUX\nET DE GRACIEUX FISCAL\nLe Directeur d\u00e9partemental des finances publiques du Var,\nVu le code g\u00e9n\u00e9ral des imp\u00f4ts, et notamment l'article 408 de son annexe II et les articles 212 \u00e0 217 de son annexe\nIV ; \nVu le livre des proc\u00e9dures fiscales, et notamment les articles L. 247 et R* 247-4 et suivants ;\nVu le d\u00e9cret n\u00b0 2008-309 du 3 avril 2008 portant diverses dispositions relatives \u00e0 la Direction g\u00e9n\u00e9rale des finances\npubliques ; \nVu le d\u00e9cret n\u00b0 2009-707 du 16 juin 2009 relatif aux services d\u00e9concentr\u00e9s de la Direction g\u00e9n\u00e9rale des finances\npubliques ; \nVu l'arr\u00eat\u00e9 du 9 juin 2010 portant cr\u00e9ation de la Direction  d\u00e9partementale  des finances publiques du Var ;\nVu le d\u00e9cret du 18 novembre 2022 portant nomination de M.  Jean-Michel BLANCHARD, Administrateur g\u00e9n\u00e9ral\ndes finances publiques en qualit\u00e9 de Directeur d\u00e9partemental des finances publiques du Var ;\nVu  le  d\u00e9cret  en  date  du  18  novembre  2022  fixant  au  12  d\u00e9cembre 2022 la  date  d'installation  de  \nM. Jean-Michel BLANCHARD, dans les fonctions de Directeur d\u00e9partemental des finances publiques du Var ;\nArr\u00eate : \nArticle 1\ner\nD\u00e9l\u00e9gation de signature est donn\u00e9e \u00e0 M. R\u00e9gis NIOULON, inspecteur divisionnaire des finances publiques, adjoint \u00e0\nla responsable de la division assiette de l'imp\u00f4t et missions fonci\u00e8res \u00e0 l'effet de signer :\n1\u00b0 en mati\u00e8re de contentieux fiscal d'assiette, les d\u00e9cisions d'admission totale, d'admission partielle ou de rejet, de\nd\u00e9gr\u00e8vement ou restitution d'office, sans limitation de montant ;\n2\u00b0 les d\u00e9cisions prises sur les demandes de d\u00e9gr\u00e8vement de taxe fonci\u00e8re pour pertes de r\u00e9coltes, les demandes de\nplafonnement  en  fonction  de  la  valeur  ajout\u00e9e  des  cotisations  de  taxe  professionnelle  et  de  contribution\n\u00e9conomique territoriale et de remboursement de cr\u00e9dit de taxe sur la valeur ajout\u00e9e, sans limitation de montant ; \nDIRECTION D\u00c9PARTEMENTALE\nDES FINANCES PUBLIQUES DU VAR\nDirection d\u00e9partementale\ndes Finances publiques du Var\nDivision Coordination R\u00e9seau Strat\u00e9gie\nPlace Besagne \u2013 Centre Mayol\nDirection d\u00e9partementale des finances publiques du Var - 83-2025-03-04-00008 - D\u00e9l\u00e9gation de signature en mati\u00e8re de contentieux\net de gracieux fiscal - R\u00e9gis NIOULON 16\n3\u00b0 les d\u00e9cisions prises sur les demandes contentieuses de d\u00e9charge de responsabilit\u00e9 solidaire fond\u00e9es sur les\ndispositions du II de l'article 1691 bis du code g\u00e9n\u00e9ral des imp\u00f4ts, sans limitation de montant ;\n4\u00b0 en mati\u00e8re de gracieux fiscal, les d\u00e9cisions portant remise, mod\u00e9ration, transaction ou rejet, dans la limite de\n200 000 \u20ac ; \n5\u00b0 les d\u00e9cisions prises sur les demandes gracieuses de d\u00e9charge de l'obligation de paiement solidaire fond\u00e9es sur\nles dispositions de l'article L. 247 du livre des proc\u00e9dures fiscales, dans la limite de 305 000 \u20ac ;\n6\u00b0 les d\u00e9cisions prises sur les contestations relatives au recouvrement pr\u00e9vues aux articles L. 281 et L. 283 du livre\ndes proc\u00e9dures fiscales ;\n7\u00b0 les d\u00e9cisions prises sur les demandes de prorogation de d\u00e9lai pr\u00e9vues \u00e0 l'article 1594-0G du code g\u00e9n\u00e9ral des\nimp\u00f4ts ; \n8\u00b0 les documents n\u00e9cessaires \u00e0 l'ex\u00e9cution comptable des d\u00e9cisions contentieuses et gracieuses, sans limitation de\nmontant ; \n9\u00b0 les requ\u00eates, m\u00e9moires, conclusions ou observations adress\u00e9s aux juridictions administratives ou judiciaires.\nArticle 2\nLe pr\u00e9sent arr\u00eat\u00e9 prendra effet \u00e0 compter du 1\ner mars 2025 et sera publi\u00e9 au recueil des actes administratifs du\nd\u00e9partement du Var.\nA Toulon, le 4 mars 2025\nPour le Directeur d\u00e9partemental des Finances publiques\n Le responsable du P\u00f4le partenaires\nSign\u00e9\nG\u00e9rard BLANC\n      Administrateur de l'\u00c9tat\nDirection d\u00e9partementale des finances publiques du Var - 83-2025-03-04-00008 - D\u00e9l\u00e9gation de signature en mati\u00e8re de contentieux\net de gracieux fiscal - R\u00e9gis NIOULON 17\nDirection d\u00e9partementale des territoires et de la\nmer du Var\n83-2025-02-24-00008\narr\u00eat\u00e9 pr\u00e9fectoral n\u00b0DDTM/MPCA/2025-01 du 24\nf\u00e9vrier 2025 portant organisation de la DDTM du\nVar\nDirection d\u00e9partementale des territoires et de la mer du Var - 83-2025-02-24-00008 - arr\u00eat\u00e9 pr\u00e9fectoral n\u00b0DDTM/MPCA/2025-01 du 24\nf\u00e9vrier 2025 portant organisation de la DDTM du Var 18\n=mPREFETDU VARLibert\u00e9Egalit\u00e9Fraternit\u00e9\nDirection d\u00e9partementale\ndes territoires et de la mer du Var\nARR\u00caT\u00c9 PR\u00c9FECTORAL n\u00b0 DDTM/MPCA/2025-01 du 24 f\u00e9vrier 2025\nportant organisation de la \nDirection d\u00e9partementale des territoires et la mer du Var\nLe pr\u00e9fet du Var,\nVu la loi n\u00b082-213 du 2 mars 1982 modifi\u00e9e relative aux droits et libert\u00e9s des communes, \ndes d\u00e9partements et des r\u00e9gions,\nVu la loi n\u00b092-125 du 6 f\u00e9vrier 1992 modifi\u00e9e relative \u00e0 l'administration territoriale de la  \nR\u00e9publique,\nVu la loi n\u00b02004-809 du 13 ao\u00fbt 2004 relative aux libert\u00e9s et responsabilit\u00e9s locales,\nVu le d\u00e9cret n\u00b02004-374 du 29 avril 2004 modifi\u00e9 relatif aux pouvoirs des pr\u00e9fets, \u00e0  \nl'organisation et \u00e0 l'action des services de l'\u00c9tat dans les r\u00e9gions et d\u00e9partements,\nVu le  d\u00e9cret  n\u00b02009-1484  du  3  d\u00e9cembre  2009  relatif  \u00e0  la  cr\u00e9ation  des  directions \nd\u00e9partementales interminist\u00e9rielles,\nVu le d\u00e9cret n\u00b02015-510 du 7 mai 2015 portant charte de la d\u00e9concentration,\nVu le  d\u00e9cret  du  Pr\u00e9sident  de  la  R\u00e9publique  du  13  juillet  2023,  nommant  Monsieur \nPhilippe MAH\u00c9, pr\u00e9fet du Var,\nVu le d\u00e9cret n\u00b0 \u00a02020-99 du 7 f\u00e9vrier 2020 relatif \u00e0 l'organisation et aux missions des  \nsecr\u00e9tariats g\u00e9n\u00e9raux communs d\u00e9partementaux,\nVu l'arr\u00eat\u00e9 du Premier ministre et du ministre de l 'Int\u00e9rieur du 4 mars 2022  portant \nnomination de Monsieur Laurent BOULET dans l'emploi de directeur d\u00e9partemental des \nterritoires et de la mer du Var\u00a0\u00e0 compter du 1er\n avril 2022,\nVu l'avis  du  comit\u00e9  social  d'administration  de  la  direction  d\u00e9partementale  des \nterritoires et de la mer du Var en date du 1er\n octobre 2024,\nSur proposition du directeur d\u00e9partemental des territoires et de la mer du Var,\nDirection d\u00e9partementale des territoires et de la mer du Var - 83-2025-02-24-00008 - arr\u00eat\u00e9 pr\u00e9fectoral n\u00b0DDTM/MPCA/2025-01 du 24\nf\u00e9vrier 2025 portant organisation de la DDTM du Var 19\nARR\u00caTE\nArticle 1er \n: L'arr\u00eat\u00e9 DDTM/MPCA/- 2024-01 du 10 avril 2024 est abrog\u00e9.\nArticle 2 \u00a0:  La direction d\u00e9partementale des territoires et de la mer (DDTM) du Var  \ncomprend les services suivants\u00a0:\n\u2022 une direction \u00e0 laquelle sont rattach\u00e9s\u00a0:\n\u25e6 un r\u00e9f\u00e9rent territorial \u00ab\u00a0Provence M\u00e9diterran\u00e9e\u00a0\u00bb.\n\u25e6 un r\u00e9f\u00e9rent territorial \u00ab\u00a0Provence Verte - Verdon\u00a0\u00bb.\n\u25e6 un r\u00e9f\u00e9rent territorial \u00ab\u00a0Drac\u00e9nie - C\u0153ur du Var - Pays de Fayence\u00a0\u00bb.\n\u25e6 un r\u00e9f\u00e9rent territorial \u00ab\u00a0Golfe de Saint-Tropez - Est\u00e9rel\u00a0\u00bb.\n\u25e6 une mission \u00ab\u00a0pilotage et coordination de l'activit\u00e9\u00a0\u00bb, \u00e0 laquelle est rattach\u00e9 un \nresponsable de la gestion des BOP m\u00e9tiers.\n\u25e6 une mission \u00ab\u00a0ing\u00e9nierie de crise, s\u00e9curit\u00e9s, d\u00e9fense, transport et pr\u00e9vention\u00a0\u00bb \u00e0 \nlaquelle est rattach\u00e9 un conseiller de pr\u00e9vention, hygi\u00e8ne, s\u00e9curit\u00e9s.\n\u25e6 Un comit\u00e9 local d'action sociale.\n\u25e6 un charg\u00e9 de mission \u00ab \u00a0plan cit\u00e9s administratives de Toulon \u00a0\u00bb qui travaille en  \nlien avec le RPIE, le SGAR et la DR\u00c9AL.\n\u2022 un service urbanisme et affaires juridiques , compos\u00e9 des p\u00f4les, bureaux et missions \nsuivants\u00a0:\n\u25e6 mission \u00ab\u00a0animation\u00a0: formation interne et externe, veille juridique urbanisme \net ADS\u00a0\u00bb.\n\u25e6 mission \u00ab\u00a0d\u00e9mat\u00e9rialisation\u00a0\u00bb.\n\u25e6 mission \u00ab\u00a0archives\u00a0\u00bb.\n\u25e6 p\u00f4le \u00ab\u00a0juridique et polices\u00a0\u00bb, comprenant le bureau \u00ab\u00a0contentieux administratif \net conseil\u00a0\u00bb et le bureau \u00ab\u00a0affaires juridiques et polices\u00a0\u00bb.\n\u25e6 bureau \u00ab\u00a0contr\u00f4le de l\u00e9galit\u00e9 et mission RNU\u00bb.\n\u25e6 bureau \u00ab\u00a0instruction droit du sol\u00a0\u00bb.\n\u25e6 bureau \u00ab\u00a0fiscalit\u00e9\u00a0\u00bb.\n\u2022 un  service planifications et prospective ,  compos\u00e9 des bureaux, p\u00f4les et missions  \nsuivants\u00a0:\n\u25e6 mission PAPI.\n\u25e6 p\u00f4le \u00ab\u00a0animation et urbanisme \u00a0\u00bb, comprenant le bureau \u00ab \u00a0planification\u00a0\u00bb, et le \nbureau \u00ab\u00a0commissions\u00a0\u00bb.\n\u25e6 p\u00f4le  \u00ab\u00a0risques\u00a0\u00bb,  comprenant  le  bureau  \u00ab\u00a0pr\u00e9vention  risques  inondation  et  \ntechnologique\u00a0\u00bb  et  le  bureau  \u00ab\u00a0pr\u00e9vention  risque\u00a0incendies  de  for\u00eat  et  \ngestion\u00a0\u00bb.\n\u25e6 p\u00f4le \u00ab\u00a0syst\u00e8me d'information g\u00e9ographique et acc\u00e9l\u00e9ration vers l'\u00e9cologie\u00a0\u00bb ou \n\u00ab\u00a0PSIGALE\u00a0\u00bb comprenant une mission \u00ab\u00a0prospectives\u00a0\u00bb et un bureau \u00ab\u00a0syst\u00e8me \nd'information g\u00e9ographique\u00a0\u00bb ou \u00ab\u00a0SIG\u00a0\u00bb.\n\u2022 un service agriculture et for\u00eat, compos\u00e9 des bureaux et missions suivants :\n\u25e6 mission \u00ab\u00a0d\u00e9frichement\u00a0\u00bb.\n\u25e6 bureau \u00ab\u00a0for\u00eat/DFCI\u00a0\u00bb.\n\u25e6 bureau \u00ab\u00a0soutien \u00e0 l'agriculture\u00a0\u00bb.\n\u25e6 bureau \u00ab\u00a0d\u00e9veloppement rural\u00a0\u00bb.\n\u25e6 bureau \u00ab\u00a0chasse, faune sauvage, pastoralisme\u00a0\u00bb.\nDirection d\u00e9partementale des territoires et de la mer du Var - 83-2025-02-24-00008 - arr\u00eat\u00e9 pr\u00e9fectoral n\u00b0DDTM/MPCA/2025-01 du 24\nf\u00e9vrier 2025 portant organisation de la DDTM du Var 20\n\u2022 un service eau et biodiversit\u00e9 compos\u00e9 des bureaux et missions suivants\u00a0:\n\u25e6 mission \u00ab\u00a0environnement\u00a0\u00bb.\n\u25e6 bureau \u00ab\u00a0r\u00e9glementation, eau et Natura 2000\u00a0\u00bb.\n\u25e6 bureau \u00ab\u00a0ressource et planification\u00a0\u00bb.\n\u25e6 bureau \u00ab\u00a0assainissement\u00a0\u00bb.\nLe service eau et biodiversit\u00e9 assure \u00e9galement le \u00ab \u00a0guichet unique loi sur l'eau \u00a0\u00bb de la  \nDDTM.\n\u2022 un service habitat r\u00e9novation urbaine, compos\u00e9 des bureaux suivants\u00a0:\n\u25e6 bureau \u00ab\u00a0politique de l'accessibilit\u00e9\u00a0\u00bb.\n\u25e6 bureau \u00ab\u00a0renouvellement urbain, logement social\u00bb.\n\u25e6 bureau \u00ab\u00a0politique de mixit\u00e9 sociale\u00a0\u00bb.\n\u25e6 bureau \u00ab\u00a0habitat priv\u00e9\u00a0\u00bb.\n\u2022 un service mer et littoral compos\u00e9 des bureaux et missions suivants\u00a0:\n\u25e6 mission \u00ab\u00a0modernisation des affaires maritimes et littorales\u00a0\u00bb.\n\u25e6 mission \u00ab\u00a0politiques de la mer et du littoral\u00a0\u00bb.\n\u25e6 mission \u00ab\u00a0contentieux domaine public maritime (DPM)\u00a0\u00bb.\n\u25e6 mission \u00ab\u00a0cultures marines\u00a0\u00bb.\n\u25e6 bureau \u00ab\u00a0des activit\u00e9s maritimes\u00a0\u00bb.\n\u25e6 bureau \u00ab\u00a0capitainerie\u00a0\u00bb.\n\u25e6 bureau \u00ab\u00a0environnement marin\u00a0\u00bb.\n\u25e6 bureau \u00ab\u00a0littoral Est\u00a0\u00bb.\n\u25e6 bureau \u00ab\u00a0littoral Ouest\u00a0\u00bb.\n\u25e6 bureau \u00ab\u00a0unit\u00e9 littorale des affaires maritimes\u00a0\u00bb.\nArticle  3  : Cette organisation de la direction d\u00e9partementale des territoires et de la  \nmer du Var, conform\u00e9ment aux dispositions du pr\u00e9sent arr\u00eat\u00e9, prend effet le jour de sa \nparution au recueil des actes administratifs.\nArticle 4 \u00a0: Le secr\u00e9taire g\u00e9n\u00e9ral de la pr\u00e9fecture du Var et le directeur d\u00e9partemental  \ndes territoires et de la mer du Var sont charg\u00e9s, chacun en ce qui le concerne, de  \nl'ex\u00e9cution du pr\u00e9sent arr\u00eat\u00e9 qui sera publi\u00e9 au recueil des actes administratifs de la  \npr\u00e9fecture du Var.\nFait \u00e0 Toulon, le 24 f\u00e9vrier 2025\nLe pr\u00e9fet du Var, \nSign\u00e9\nPhilippe MAH\u00c9\nDirection d\u00e9partementale des territoires et de la mer du Var - 83-2025-02-24-00008 - arr\u00eat\u00e9 pr\u00e9fectoral n\u00b0DDTM/MPCA/2025-01 du 24\nf\u00e9vrier 2025 portant organisation de la DDTM du Var 21\nDirection d\u00e9partementale des territoires et de la\nmer du Var\n83-2025-02-11-00006\nCamps-la-Source  AP ouverture EP \nDirection d\u00e9partementale des territoires et de la mer du Var - 83-2025-02-11-00006 - Camps-la-Source  AP ouverture EP 22\nPREFETDU VARLibert\u00e9Egalit\u00e9Fraternit\u00e9\nARR\u00caT\u00c9 PR\u00c9FECTORAL n\u00b0 DDTM/SUAJ/2025/01\nportant ouverture et organisation d'une enqu\u00eate publique relative au projet de d\u00e9frichement pour la \ncr\u00e9ation d'une centrale photovolta\u00efque au sol au lieu-dit \u00ab Jas de Robert - Pey Cavie - Petouide \u00bb \nsur la commune de Camps-la-Source\nLe pr\u00e9fet du Var,\nVu le code forestier et notamment ses articles L.341-1 et suivants et R.341-1 et suivants ;\nVu le code de l'urbanisme et notamment ses articles L.422-2, R.421-1 et R.423-57 ;\nVu le  code  de  l'environnement  et  notamment  ses  articles  L.123-1  et  suivants  et  R.123-1  et \nsuivants ;\nVu la demande d'autorisation de d\u00e9frichement n\u00b0 22.462/211 d\u00e9pos\u00e9e par la soci\u00e9t\u00e9 SASU CAMPS \nLA SOURCE SOLAIRE ENERGIE - repr\u00e9sent\u00e9e par Monsieur Manuel VIEILLE-GROSJEAN \u2013  \nVOLTALIA -45 impasse de la Draille \u2013 Parc de la Duranne - 13100 AIX EN PROVENCE ;\nVu les pi\u00e8ces du dossier comportant notamment une \u00e9tude d'impact et son r\u00e9sum\u00e9 non technique ;\nVu l'avis de l'autorit\u00e9 environnementale ;\nVu les avis recueillis au cours des instructions administratives ;\nVu la d\u00e9cision de Monsieur le pr\u00e9sident du tribunal administratif de Toulon du  31 janvier 2025  \nd\u00e9signant Monsieur Bernard MUNDET pour assurer la mission de commissaire enqu\u00eateur ;\nVu la concertation avec le commissaire enqu\u00eateur du 4 f\u00e9vrier 2025, telle que pr\u00e9vue par le premier \nalin\u00e9a de l'article R.123-9 du code de l'environnement ;\nConsid\u00e9rant qu'il y a lieu de soumettre \u00e0 enqu\u00eate publique la demande susvis\u00e9e d'autorisation de  \nd\u00e9frichement pour la cr\u00e9ation d'une centrale photovolta\u00efque au sol au lieu-dit \u00ab Jas de Robert \u2013 Pey \nCavie - Petouide \u00bb sur la commune de Camps-la-Source ;\nSur proposition du directeur d\u00e9partemental des territoires et de la mer ;\nARR\u00caTE\nArticle 1 : Objet de l'enqu\u00eate\nIl sera proc\u00e9d\u00e9 \u00e0 une enqu\u00eate publique, dans les formes prescrites par le code de l'environnement,  \nportant  sur  la  demande  d'autorisation  de  d\u00e9frichement  pour  la  cr\u00e9ation  d'une  centrale  \n1/5\nDirection d\u00e9partementale\ndes territoires et de la mer du Var\nDirection d\u00e9partementale des territoires et de la mer du Var - 83-2025-02-11-00006 - Camps-la-Source  AP ouverture EP 23\nphotovolta\u00efque au sol au lieu-dit \u00ab  Jas de Robert \u2013 Pey Cavie \u2013 Petouide \u00bb sur la commune de  \nCamps-la-Source.\nLe projet pour la cr\u00e9ation d'une centrale photovolta\u00efque est port\u00e9 par la soci\u00e9t\u00e9 SASU CAMPS LA  \nSOURCE SOLAIRE ENERGIE \nLa  demande  d'autorisation  de  d\u00e9frichement  porte  sur  une  superficie  totale  de  32  8299 m\u00b2 \n(32,8299 ha) et concerne les parcelles cadastr\u00e9es section D 452-455-456-457-522-524-556-559 et  \n593, situ\u00e9es sur la commune de Camps-la-Source, au lieu-dit \u00ab   Jas de Robert \u2013 Pey Cavie \u2013  \nPetouide \u00bb.\nLes informations concernant le projet mis \u00e0 l'enqu\u00eate pourront \u00eatre demand\u00e9es aupr\u00e8s de la soci\u00e9t\u00e9 \nSASU CAMPS LA SOURCE SOLAIRE ENERGIE - 45 impasse de la Draille \u2013 Parc de la Duranne -  \n13100  AIX  EN  PROVENCE.  Le  responsable  du  projet  est  Monsieur  Antoine  COCQUEMPOT \n(a.cocquempot@voltalia.com, t\u00e9l : 07 64 47 31 07).\nArticle 2 : Informations environnementales\nLe projet a fait l'objet d'une \u00e9tude d'impact pr\u00e9vue par les articles L.122-1 et suivants et R.122-1 et  \nsuivants du code de l'environnement. Cette \u00e9tude et son r\u00e9sum\u00e9 non technique sont joints au  \ndossier d'enqu\u00eate.\nL'avis de l'autorit\u00e9 environnementale joint au dossier est consultable sur le site internet de la MRAe  \n(http://www.mrae.developpement-durable.gouv.fr/avis-rendus-sur-projets-r314.html.)  ou  sur  le  site \ninternet de l'\u00c9tat dans le Var  (http://www.var.gouv.fr).\nArticle 3 : Publicit\u00e9 de l'enqu\u00eate\nUn avis d'enqu\u00eate informera le public de l'ouverture et des conditions de d\u00e9roulement de l'enqu\u00eate  \npublique.\n- Il sera publi\u00e9 en caract\u00e8res apparents et aux frais de la soci\u00e9t\u00e9 SASU CAMPS LA SOURCE  \nSOLAIRE ENERGIE, quinze jours au moins avant le d\u00e9but de l'enqu\u00eate dans deux journaux locaux  \ndiffus\u00e9s dans tout le d\u00e9partement. Ces journaux seront vers\u00e9s au dossier d'enqu\u00eate.\n- Il sera, quinze jours au moins avant le d\u00e9but de l'enqu\u00eate et durant toute la dur\u00e9e de celle-ci,  \npubli\u00e9 par voie d'affiches par la soci\u00e9t\u00e9 SASU CAMPS LA SOURCE SOLAIRE ENERGIE, et  \n\u00e9ventuellement par tous autres proc\u00e9d\u00e9s en usage sur le territoire de la commune de Camps-la-\nSource par les soins de son maire. Il sera justifi\u00e9 de l'accomplissement de cette formalit\u00e9 par un  \ncertificat \u00e9tabli par le maire et vers\u00e9 au dossier d'enqu\u00eate.\n- L'avis d'enqu\u00eate publique sera, quinze jours au moins avant le d\u00e9but de l'enqu\u00eate et durant toute  \nla dur\u00e9e de celle-ci, affich\u00e9, sauf impossibilit\u00e9 mat\u00e9rielle justifi\u00e9e, par les soins du responsable du  \nprojet sur les lieux ou en un lieu situ\u00e9 au voisinage des am\u00e9nagements, ouvrages ou travaux  \nprojet\u00e9s et visible de la voie publique, les caract\u00e9ristiques et dimensions de l'affichage de l'avis  \nd'enqu\u00eate \u00e9tant fix\u00e9es par arr\u00eat\u00e9 du 9 septembre 2021 (NOR: TRED2124162A).\nIl sera \u00e9galement mis en ligne sur le site internet de l'\u00c9tat dans le Var \u00e0 l'adresse vis\u00e9e ci-dessous.\n2/5\nDirection d\u00e9partementale des territoires et de la mer du Var - 83-2025-02-11-00006 - Camps-la-Source  AP ouverture EP 24\nArticle 4 : Dates et lieu de l'enqu\u00eate\nL'enqu\u00eate se tiendra en mairie de  Camps-la-Source, si\u00e8ge de l'enqu\u00eate, du  1er avril 2025 au  \n30 avril 2025, soit 30 jours.\nLe dossier et le registre d'enqu\u00eate seront tenus \u00e0 la disposition du public pendant toute la dur\u00e9e de  \nl'enqu\u00eate au si\u00e8ge de l'enqu\u00eate. Toute personne pourra en prendre connaissance aux jours et  \nheures habituels d'ouverture des bureaux au public :\nMairie de Camps-la-Source\n1, Place de la Mairie - 83170 Camps-la-Source \nlundi et jeudi de 9h \u00e0 12h\nmardi de 9h \u00e0 12h - 14h \u00e0 17h\nmercredi et vendredi de 9h \u00e0 12h et de 14h \u00e0 16h \nLe dossier sera en outre consultable pendant la dur\u00e9e de l'enqu\u00eate sur le site internet des services  \nde l'\u00c9tat dans le Var \u00e0 l'adresse suivante : http://www.var.gouv.fr.\nL'acc\u00e8s  gratuit  au  dossier  est  \u00e9galement  possible  depuis  un  poste  informatique  install\u00e9  en \npr\u00e9fecture du Var aux heures d'ouverture habituelles de celle-ci.\nLe public pourra consigner ses observations et propositions sur le registre d'enqu\u00eate tenu \u00e0 sa  \ndisposition par la mairie de Camps-la-Source. Ce registre, \u00e9tabli sur feuillets non mobiles, sera  \nouvert, cot\u00e9 et paraph\u00e9 par le commissaire enqu\u00eateur.\nIl  pourra  \u00e9galement  les  adresser  par  courrier  postal  au  si\u00e8ge  de  l'enqu\u00eate  ou  par  voie \nd\u00e9mat\u00e9rialis\u00e9e en utilisant le formulaire de \"contact\" accessible sur le site internet des services de  \nl'\u00c9tat  dans  le  Var  \u00e0  l'adresse  ci-dessus,  en  s\u00e9lectionnant  le  th\u00e8me  \u00ab enqu\u00eate  publique \nenvironnementale \u00bb.\nLes courriers \u00e9lectroniques seront accessibles sur le site internet mentionn\u00e9 ci-dessus et transmis  \nau commissaire enqu\u00eateur qui les visera, les num\u00e9rotera et les annexera au registre d'enqu\u00eate pour \n\u00eatre tenus \u00e0 la disposition du public.\nArticle 5 : D\u00e9signation et permanences du commissaire enqu\u00eateur\nPar d\u00e9cision susvis\u00e9e, le pr\u00e9sident du tribunal administratif de Toulon a d\u00e9sign\u00e9 Monsieur Bernard  \nMUNDET, en qualit\u00e9 de commissaire enqu\u00eateur.\nIl se tiendra \u00e0 la disposition du public pour recevoir ses observations \u00e9crites ou orales, aux jours et  \nheures ci-dessous mentionn\u00e9s en mairie de Camps-la-Source :\nPermanences Mairie de Camps-la-Source\nmardi 1er avril 2025 9h00 - 12h00\nmardi 8 avril 2025 14h00 - 17h00\njeudi 17 avril 2025 9h00 - 12h00\nvendredi 25 avril 2025 14h00 - 16h00\nmercredi 30 avril 2025 14h00 - 16h00\n3/5\nDirection d\u00e9partementale des territoires et de la mer du Var - 83-2025-02-11-00006 - Camps-la-Source  AP ouverture EP 25\nArticle 6 : R\u00f4le du commissaire enqu\u00eateur\nPendant la dur\u00e9e de l'enqu\u00eate, le commissaire enqu\u00eateur pourra : \n- recevoir toute information et, s'il estime que des documents sont utiles \u00e0 la bonne information du  \npublic, demander au ma\u00eetre d'ouvrage de communiquer ces documents au public,\n- visiter les lieux concern\u00e9s, \u00e0 l'exception des lieux d'habitation, apr\u00e8s en avoir inform\u00e9 au pr\u00e9alable  \nles propri\u00e9taires et les occupants,\n- entendre toutes les personnes concern\u00e9es par le projet, plan ou programme qui en font la  \ndemande et convoquer toutes les personnes dont il juge l'audition utile,\n-  organiser,  sous  sa  pr\u00e9sidence,  toute  r\u00e9union  d'information  et  d'\u00e9change  avec  le  public  en \npr\u00e9sence du ma\u00eetre d'ouvrage.\nPar d\u00e9cision motiv\u00e9e, le commissaire enqu\u00eateur pourra prolonger l'enqu\u00eate d'une dur\u00e9e maximale  \nde quinze jours. Cette d\u00e9cision sera port\u00e9e \u00e0 la connaissance du public, au plus tard \u00e0 la date  \npr\u00e9vue initialement pour la fin de l'enqu\u00eate dans les conditions de lieux pr\u00e9vues \u00e0 l'article 4 du  \npr\u00e9sent arr\u00eat\u00e9.\nArticle 7 : Cl\u00f4ture de l'enqu\u00eate\n\u00c0 l'expiration du d\u00e9lai d'enqu\u00eate, le registre sera mis \u00e0 la disposition du commissaire enqu\u00eateur et  \nclos et sign\u00e9 par lui.\nD\u00e8s r\u00e9ception du registre et des documents annex\u00e9s, le commissaire enqu\u00eateur rencontrera, dans  \nun d\u00e9lai de huit jours, le responsable du projet et lui communiquera les observations \u00e9crites ou  \norales consign\u00e9es dans un proc\u00e8s-verbal de synth\u00e8se. Le responsable du projet disposera d'un  \nd\u00e9lai de quinze jours, pour produire ses observations \u00e9ventuelles.\nLe commissaire enqu\u00eateur \u00e9tablira un rapport qui relate le d\u00e9roulement de l'enqu\u00eate et comporte le  \nrappel de l'objet du projet, la liste de l'ensemble des pi\u00e8ces figurant dans le dossier d'enqu\u00eate  \npublique, une synth\u00e8se des observations du public, une analyse des propositions produites pendant \nl'enqu\u00eate  et,  le  cas  \u00e9ch\u00e9ant,  les  observations  du  responsable  du  projet  en  r\u00e9ponse  aux \nobservations du public.\nIl consignera dans une pr\u00e9sentation s\u00e9par\u00e9e, ses conclusions motiv\u00e9es, en pr\u00e9cisant si elles sont  \nfavorables, favorables sous r\u00e9serves ou d\u00e9favorables au projet.\nArticle 8 : Rapport et conclusions motiv\u00e9es du commissaire enqu\u00eateur\nLe commissaire enqu\u00eateur transmettra le rapport, les conclusions motiv\u00e9es, le registre d'enqu\u00eate et  \nle dossier de l'enqu\u00eate correspondant au pr\u00e9fet (direction d\u00e9partementale des territoires et de la  \nmer du Var, service urbanisme et affaires juridiques, Boulevard du 112\u00e8me  R\u00e9giment d'Infanterie -  \nCS 31209 - 83070 TOULON CEDEX), dans un d\u00e9lai de 30 jours \u00e0 compter de la date de cl\u00f4ture de  \nl'enqu\u00eate.\nArticle 9 : Diffusion du rapport et des conclusions\nLe pr\u00e9fet adressera, d\u00e8s leur r\u00e9ception, la copie du rapport et des conclusions au responsable du  \nprojet et au maire de Camps-la-Source.\n4/5\nDirection d\u00e9partementale des territoires et de la mer du Var - 83-2025-02-11-00006 - Camps-la-Source  AP ouverture EP 26\nUne copie du rapport et des conclusions du commissaire enqu\u00eateur sera tenue \u00e0 la disposition du  \npublic pendant un an \u00e0 compter de la date de la cl\u00f4ture de l'enqu\u00eate :\n\u2022  en mairie de Camps-la-Source,\n\u2022 \u00e0 la pr\u00e9fecture du Var (direction d\u00e9partementale des territoires et de la mer du Var, service  \nurbanisme et affaires juridiques).\nLe rapport et les conclusions du commissaire enqu\u00eateur seront mis en ligne sur le site internet des  \nservices de l'\u00c9tat dans le Var \u00e0 l'adresse mentionn\u00e9e \u00e0 l'article 4 du pr\u00e9sent arr\u00eat\u00e9.\nArticle 10 : Autorit\u00e9 comp\u00e9tente et nature de la d\u00e9cision adopt\u00e9e au terme de l'enqu\u00eate\n\u00c0  l'issue  de  la  proc\u00e9dure,  l'autorit\u00e9  comp\u00e9tente  pour  accorder  ou  refuser  l'autorisation  de \nd\u00e9frichement est le pr\u00e9fet du Var, par voie d'arr\u00eat\u00e9.\nArticle 11 : Ex\u00e9cution du pr\u00e9sent arr\u00eat\u00e9\nLe secr\u00e9taire g\u00e9n\u00e9ral de la pr\u00e9fecture du Var,\nLe directeur d\u00e9partemental des territoires et de la mer,\nLe maire de Camps-la-Source,\nLe commissaire enqu\u00eateur,\nsont charg\u00e9s, chacun en ce qui le concerne, de l'ex\u00e9cution du pr\u00e9sent arr\u00eat\u00e9 qui sera publi\u00e9 au  \nrecueil des actes administratifs de la pr\u00e9fecture du Var.\nFait le 11 f\u00e9vrier 2025\nPour le pr\u00e9fet et par d\u00e9l\u00e9gation,\nPour le directeur d\u00e9partemental des territoires et de la mer et par d\u00e9l\u00e9gation,\nla cheffe du service agriculture et for\u00eat\nAnne RABAULT\n5/5\nDirection d\u00e9partementale des territoires et de la mer du Var - 83-2025-02-11-00006 - Camps-la-Source  AP ouverture EP 27\nDirection d\u00e9partementale des territoires et de la\nmer du Var\n83-2025-03-03-00018\nVarages - bayol - AP ouverture EP\nDirection d\u00e9partementale des territoires et de la mer du Var - 83-2025-03-03-00018 - Varages - bayol - AP ouverture EP 28\nPREFETDU VARLibert\u00e9Egalit\u00e9Fraternit\u00e9\nARR\u00caT\u00c9 PR\u00c9FECTORAL n\u00b0 DDTM/SUAJ/2025/04\nportant ouverture et organisation d'une enqu\u00eate publique relative au projet de d\u00e9frichement pour la \ncr\u00e9ation d'une centrale photovolta\u00efque au sol au lieu-dit \u00ab Bayol\u00bb sur la commune de Varages\nLe pr\u00e9fet du Var,\nVu le code forestier et notamment ses articles L.341-1 et suivants et R.341-1 et suivants ;\nVu le code de l'urbanisme et notamment ses articles L.422-2, R.421-1 et R.423-57 ;\nVu le  code  de  l'environnement  et  notamment  ses  articles  L.123-1  et  suivants  et  R.123-1  et \nsuivants ;\nVu la demande d'autorisation de d\u00e9frichement n\u00b0 22.289/211 d\u00e9pos\u00e9e par la soci\u00e9t\u00e9 SAS PARC  \nSOLAIRE DE BAYOL repr\u00e9sent\u00e9e par Monsieur Manuel VIEILLE-GROSJEAN \u2013 84 Boulevard de  \nS\u00e9bastopol \u2013 75 003 PARIS ;\nVu les pi\u00e8ces du dossier comportant notamment une \u00e9tude d'impact et son r\u00e9sum\u00e9 non technique ;\nVu l'avis de l'autorit\u00e9 environnementale ;\nVu les avis recueillis au cours des instructions administratives ;\nVu la d\u00e9cision d e Monsieur le pr\u00e9sident du tribunal administratif de Toulon du 4 f\u00e9vrier 2025  \nd\u00e9signant Monsieur Jean-Claude Melis pour assurer la mission de commissaire enqu\u00eateur ;\nVu la concertation avec le commissaire enqu\u00eateur du  27 f\u00e9vrier 2025,  telle que pr\u00e9vue par le  \npremier alin\u00e9a de l'article R.123-9 du code de l'environnement ;\nConsid\u00e9rant qu'il y a lieu de soumettre \u00e0 enqu\u00eate publique la demande susvis\u00e9e d'autorisation de  \nd\u00e9frichement pour la cr\u00e9ation d'une centrale photovolta\u00efque au sol au lieu-dit \u00ab  Bayol \u00bb sur la  \ncommune de Varages ;\nSur proposition du directeur d\u00e9partemental des territoires et de la mer ;\nARR\u00caTE\nArticle 1 : Objet de l'enqu\u00eate\nIl sera proc\u00e9d\u00e9 \u00e0 une enqu\u00eate publique, dans les formes prescrites par le code de l'environnement,  \nportant  sur  la  demande  d'autori sation  de  d\u00e9frichement  pour  la  cr\u00e9ation  d'une  centrale  \nphotovolta\u00efque au sol au lieu-dit \u00ab  Bayol \u00bb sur la commune de Varages.\nDirection d\u00e9partementale\ndes territoires et de la mer du Var\nDirection d\u00e9partementale des territoires et de la mer du Var - 83-2025-03-03-00018 - Varages - bayol - AP ouverture EP 29\nLe  projet pour  la  cr\u00e9ation  d'une  centrale  photovolta\u00efque  est  port\u00e9  par  la  soci\u00e9t\u00e9  SAS  PARC \nSOLAIRE DE BAYOL. \nLa demande  d'autorisation  de  d\u00e9frichement  porte  sur  une  superficie  totale  de  200  897 m\u00b2 \n(20 ,0897 ha) et concerne la parcelle cadastr\u00e9e section M 3, situ\u00e9e sur la commune de Varages, au \nlieu-dit \u00ab  Bayol \u00bb.\nLes informations concernant le projet mis \u00e0 l'enqu\u00eate pourront \u00eatre demand\u00e9es aupr\u00e8s de la soci\u00e9t\u00e9 \nSAS PARC SOLAIRE DE BAYOL - 84 Boulevard de S\u00e9bastopol \u2013 75003 PARIS. La responsable du \nprojet est Madame C\u00e9cile LACOUR (c.lacour  @voltalia.com  , t\u00e9l : 07 63 23 40 10).\nArticle 2 : Informations environnementales\nLe projet a fait l'objet d'une \u00e9tude d'impact pr\u00e9vue par les articles L.122-1 et suivants et R.122-1 et  \nsuivants du code de l'environnement. Cette \u00e9tude et son r\u00e9sum\u00e9 non technique sont joints au  \ndossier d'enqu\u00eate.\nL'avis de l'autorit\u00e9 environnementale joint au dossier est consultable sur le site internet de la MRAe  \n(http://www.mrae.developpement-durable.gouv.fr/avis-rendus-sur-projets-r314.html.)  ou  sur  le  site \ninternet de l'\u00c9tat dans le Var  (http://www.var.gouv.fr).\nArticle 3 : Publicit\u00e9 de l'enqu\u00eate\nUn avis d'enqu\u00eate informera le public de l'ouverture et des conditions de d\u00e9roulement de l'enqu\u00eate  \npublique.\n- Il sera publi\u00e9 en caract\u00e8res apparents et aux frais de la soci\u00e9t\u00e9 SAS P ARC SOLAIRE DE BAYOL, \nquinze jours au moins avant le d\u00e9but de l'enqu\u00eate dans deux journaux locaux diffus\u00e9s dans tout le  \nd\u00e9partement. Ces journaux seront vers\u00e9s au dossier d'enqu\u00eate.\n- Il sera, quinze jours au moins avant le d\u00e9but de l'enqu\u00eate et durant toute la dur\u00e9e de celle-ci,  \npubli\u00e9 par voie d'affiches par la soci\u00e9t\u00e9  SAS PARC SOLAIRE DE BAYOL , et \u00e9ventuellement par  \ntous autres proc\u00e9d\u00e9s en usage sur le territoire de la commune de Varages par  les soins de son  \nmaire. Il sera justifi\u00e9 de l'accomplissement de cette formalit\u00e9 par un certificat \u00e9tabli par le maire et  \nvers\u00e9 au dossier d'enqu\u00eate.\n- L'avis d'enqu\u00eate publique sera, quinze jours au moins avant le d\u00e9but de l'enqu\u00eate et durant toute  \nla dur\u00e9e de celle-ci, affich\u00e9, sauf impossibilit\u00e9 mat\u00e9rielle justifi\u00e9e, par les soins du responsable du  \nprojet sur les lieux ou en un lieu situ\u00e9 au voisinage des am\u00e9nagements, ouvrages ou travaux  \nprojet\u00e9s et visible de la voie publique, les caract\u00e9ristiques et dimensions de l'affichage de l'avis  \nd'enqu\u00eate \u00e9tant fix\u00e9es par arr\u00eat\u00e9 du 9 septembre 2021 (NOR: TRED2124162A).\nIl sera \u00e9galement mis en ligne sur le site internet de l'\u00c9tat dans le Var \u00e0 l'adresse vis\u00e9e ci-dessous.\nArticle 4 : Dates et lieu de l'enqu\u00eate\nL'enqu\u00eate se tiendra en mairie de Varages, si\u00e8ge de l'enqu\u00eate, du 27 mars 2025 au 28  avril 2025, \nsoit 33 jours.\nDirection d\u00e9partementale des territoires et de la mer du Var - 83-2025-03-03-00018 - Varages - bayol - AP ouverture EP 30\nLe dossier et le registre d'enqu\u00eate seront tenus \u00e0 la disposition du public pendant toute la dur\u00e9e de  \nl'enqu\u00eate au si\u00e8ge de l'enqu\u00eate. Toute personne pourra en prendre connaissance aux jours et  \nheures habituels d'ouverture des bureaux au public :\nMairie de Varages\n9, place de la R\u00e9publique \u2013 83670 Varages \nmardi, mercredi, jeudi et vendredi de 9h \u00e0 12h et de 13h30 \u00e0 15h30\nsamedi de 9h \u00e0 12h \nLe dossier sera en outre consultable pendant la dur\u00e9e de l'enqu\u00eate sur le site internet des services  \nde l'\u00c9tat dans le Var \u00e0 l'adresse suivante : http://www.var.gouv.fr.\nL'acc\u00e8s  gratuit  au  dossier  est  \u00e9galement  possible  depuis  un  poste  informatique  install\u00e9  en \npr\u00e9fecture du Var aux heures d'ouverture habituelles de celle-ci.\nLe public pourra consigner ses observations et propositions sur le registre d'enqu\u00eate tenu \u00e0 sa  \ndisposition par la mairie de Varages. Ce registre, \u00e9tabli sur feuillets non mobiles, sera ouvert, cot\u00e9  \net paraph\u00e9 par le commissaire enqu\u00eateur.\nIl  pourra  \u00e9galement  les  adresser  par  courrier  postal  au  si\u00e8ge  de  l'enqu\u00eate  ou  par  voie \nd\u00e9mat\u00e9rialis\u00e9e en utilisant le formulaire de \"contact\" accessible sur le site internet des services de  \nl'\u00c9tat  dans  le  Var  \u00e0  l'adresse  ci-dessus,  en  s\u00e9lectionnant  le  th\u00e8me  \u00ab enqu\u00eate  publique \nenvironnementale \u00bb.\nLes courriers \u00e9lectroniques seront accessibles sur le site internet mentionn\u00e9 ci-dessus et transmis  \nau commissaire enqu\u00eateur qui les visera, les num\u00e9rotera et les annexera au registre d'enqu\u00eate pour \n\u00eatre tenus \u00e0 la disposition du public.\nArticle 5 : D\u00e9signation et permanences du commissaire enqu\u00eateur\nPar  d\u00e9cision  susvis\u00e9e,  le  pr\u00e9sident  du  tribunal  administratif  de  Toulon  a  d\u00e9sign\u00e9  Monsieur \nJean-Claude MELIS, en qualit\u00e9 de commissaire enqu\u00eateur.\nIl se tiendra \u00e0 la disposition du public pour recevoir ses observations \u00e9crites ou orales, aux jours et  \nheures ci-dessous mentionn\u00e9s en mairie de Varages :\nPermanences Mairie de Varages\njeudi 27 mars 2025 10h00 - 12h00\njeudi 3 avril 2025 10h00 - 12h00\nmardi 8 avril 2025 10h00 - 12h00\nlundi 14 avril 2025 10h00 - 12h00\nlundi 28 avril 2025 10h00 - 12h00\nDirection d\u00e9partementale des territoires et de la mer du Var - 83-2025-03-03-00018 - Varages - bayol - AP ouverture EP 31\nArticle 6 : R\u00f4le du commissaire enqu\u00eateur\nPendant la dur\u00e9e de l'enqu\u00eate, le commissaire enqu\u00eateur pourra : \n- recevoir toute information et, s'il estime que des documents sont utiles \u00e0 la bonne information du  \npublic, demander au ma\u00eetre d'ouvrage de communiquer ces documents au public,\n- visiter les lieux concern\u00e9s, \u00e0 l'exception des lieux d'habitation, apr\u00e8s en avoir inform\u00e9 au pr\u00e9alable  \nles propri\u00e9taires et les occupants,\n- entendre toutes les personnes concern\u00e9es par le projet, plan ou programme qui en font la  \ndemande et convoquer toutes les personnes dont il juge l'audition utile,\n-  organiser,  sous  sa  pr\u00e9sidence,  toute  r\u00e9union  d'information  et  d'\u00e9change  avec  le  public  en \npr\u00e9sence du ma\u00eetre d'ouvrage.\nPar d\u00e9cision motiv\u00e9e, le commissaire enqu\u00eateur pourra prolonger l'enqu\u00eate d'une dur\u00e9e maximale  \nde quinze jours. Cette d\u00e9cision sera port\u00e9e \u00e0 la connaissance du public, au plus tard \u00e0 la date  \npr\u00e9vue initialement pour la fin de l'enqu\u00eate dans les conditions de lieux pr\u00e9vues \u00e0 l'article 4 du  \npr\u00e9sent arr\u00eat\u00e9.\nArticle 7 : Cl\u00f4ture de l'enqu\u00eate\n\u00c0 l'expiration du d\u00e9lai d'enqu\u00eate, le registre sera mis \u00e0 la disposition du commissaire enqu\u00eateur et  \nclos et sign\u00e9 par lui.\nD\u00e8s r\u00e9ception du registre et des documents annex\u00e9s, le commissaire enqu\u00eateur rencontrera, dans  \nun d\u00e9lai de huit jours,  la responsable  du projet et lui communiquera les observations \u00e9crites ou  \norales consign\u00e9es dans un proc\u00e8s-verbal de synth\u00e8se.  La responsable  du projet disposera d'un  \nd\u00e9lai de quinze jours, pour produire ses observations \u00e9ventuelles.\nLe commissaire enqu\u00eateur \u00e9tablira un rapport qui relate le d\u00e9roulement de l'enqu\u00eate et comporte le  \nrappel de l'objet du projet, la liste de l'ensemble des pi\u00e8ces figurant dans le dossier d'enqu\u00eate  \npublique, une synth\u00e8se des observations du public, une analyse des propositions produites pendant \nl'enqu\u00eate  et,  le  cas  \u00e9ch\u00e9ant,  les  observations  du  responsable  du  projet  en  r\u00e9ponse  aux \nobservations du public.\nIl consignera dans une pr\u00e9sentation s\u00e9par\u00e9e, ses conclusions motiv\u00e9es, en pr\u00e9cisant si elles sont  \nfavorables, favorables sous r\u00e9serves ou d\u00e9favorables au projet.\nArticle 8 : Rapport et conclusions motiv\u00e9es du commissaire enqu\u00eateur\nLe commissaire enqu\u00eateur transmettra le rapport, les conclusions motiv\u00e9es, le registre d'enqu\u00eate et  \nle dossier de l'enqu\u00eate correspondant au pr\u00e9fet (direction d\u00e9partementale des territoires et de la  \nmer du Var, service urbanisme et affaires juridiques, Boulevard du 112\u00e8me  R\u00e9giment d'Infanterie -  \nCS 31209 - 83070 TOULON CEDEX), dans un d\u00e9lai de 30 jours \u00e0 compter de la date de cl\u00f4ture de  \nl'enqu\u00eate.\nArticle 9 : Diffusion du rapport et des conclusions\nLe pr\u00e9fet adressera, d\u00e8s leur r\u00e9ception, la copie du rapport et des conclusions \u00e0 la responsable du \nprojet et au maire de Varages.\nDirection d\u00e9partementale des territoires et de la mer du Var - 83-2025-03-03-00018 - Varages - bayol - AP ouverture EP 32\nUne copie du rapport et des conclusions du commissaire enqu\u00eateur sera tenue \u00e0 la disposition du  \npublic pendant un an \u00e0 compter de la date de la cl\u00f4ture de l'enqu\u00eate :\n\u2022  en mairie de Varages,\n\u2022 \u00e0 la pr\u00e9fecture du Var (direction d\u00e9partementale des territoires et de la mer du Var, service  \nurbanisme et affaires juridiques).\nLe rapport et les conclusions du commissaire enqu\u00eateur seront mis en ligne sur le site internet des  \nservices de l'\u00c9tat dans le Var \u00e0 l'adresse mentionn\u00e9e \u00e0 l'article 4 du pr\u00e9sent arr\u00eat\u00e9.\nArticle 10 : Autorit\u00e9 comp\u00e9tente et nature de la d\u00e9cision adopt\u00e9e au terme de l'enqu\u00eate\n\u00c0  l'issue  de  la  proc\u00e9dure,  l'autorit\u00e9  comp\u00e9tente  pour  accorder  ou  refuser  l'autorisation  de \nd\u00e9frichement est le pr\u00e9fet du Var, par voie d'arr\u00eat\u00e9.\nArticle 11 : Ex\u00e9cution du pr\u00e9sent arr\u00eat\u00e9\nLe secr\u00e9taire g\u00e9n\u00e9ral de la pr\u00e9fecture du Var,\nLe directeur d\u00e9partemental des territoires et de la mer,\nLe maire de Varages,\nLe commissaire enqu\u00eateur,\nsont charg\u00e9s, chacun en ce qui le concerne, de l'ex\u00e9cution du pr\u00e9sent arr\u00eat\u00e9 qui sera publi\u00e9 au  \nrecueil des actes administratifs de la pr\u00e9fecture du Var.\nFait \u00e0 Toulon, le 3 mars 2025\nPour le pr\u00e9fet et par d\u00e9l\u00e9gation,\nPour le directeur d\u00e9partemental des territoires et de la mer et par d\u00e9l\u00e9gation,\nla cheffe du service agriculture et for\u00eat\nSign\u00e9\nAnne Rabault\nDirection d\u00e9partementale des territoires et de la mer du Var - 83-2025-03-03-00018 - Varages - bayol - AP ouverture EP 33\nDirection d\u00e9partementale des territoires et de la\nmer du Var\n83-2025-03-03-00017\nVarages - le clos de la blaque - AP ouverture EP\nDirection d\u00e9partementale des territoires et de la mer du Var - 83-2025-03-03-00017 - Varages - le clos de la blaque - AP ouverture EP 34\nPREFETDU VARLibert\u00e9Egalit\u00e9Fraternit\u00e9\nARR\u00caT\u00c9 PR\u00c9FECTORAL n\u00b0 DDTM/SUAJ/2025/03\nportant ouverture et organisation d'une enqu\u00eate publique relative au projet de d\u00e9frichement pour la \ncr\u00e9ation d'une centrale photovolta\u00efque au sol au lieu-dit \u00ab Le Clos de la Blaque \u00bb sur la commune \nde Varages\nLe pr\u00e9fet du Var,\nVu le code forestier et notamment ses articles L.341-1 et suivants et R.341-1 et suivants ;\nVu le code de l'urbanisme et notamment ses articles L.422-2, R.421-1 et R.423-57 ;\nVu le  code  de  l'environnement  et  notamment  ses  articles  L.123-1  et  suivants  et  R.123-1  et \nsuivants ;\nVu la demande d'autorisation de d\u00e9frichement n\u00b0 22.288/211 d\u00e9pos\u00e9e par la soci\u00e9t\u00e9 SAS PARC  \nSOLAIRE DU CLOS DE LA BLAQUE repr\u00e9sent\u00e9e par Monsieur Manuel VIEILLE-GROSJEAN \u2013  \n84 Boulevard de S\u00e9bastopol \u2013 75 003 PARIS ;\nVu les pi\u00e8ces du dossier comportant notamment une \u00e9tude d'impact et son r\u00e9sum\u00e9 non technique ;\nVu l'avis de l'autorit\u00e9 environnementale ;\nVu les avis recueillis au cours des instructions administratives ;\nVu la d\u00e9cision de Monsieur le pr\u00e9sident du tribunal administratif de Toulon du 3 f\u00e9vrier 2025  \nd\u00e9signant Monsieur Jean-Claude Melis pour assurer la mission de commissaire enqu\u00eateur ;\nVu la concertation avec le commissaire enqu\u00eateur du  27 f\u00e9vrier 2025,  telle que pr\u00e9vue par le  \npremier alin\u00e9a de l'article R.123-9 du code de l'environnement ;\nConsid\u00e9rant qu'il y a lieu de soumettre \u00e0 enqu\u00eate publique la demande susvis\u00e9e d'autorisation de  \nd\u00e9frichement pour la cr\u00e9ation d'une centrale photovolta\u00efque au sol au lieu-dit \u00ab  Le Clos de la  \nBlaque \u00bb sur la commune de Varages ;\nSur proposition du directeur d\u00e9partemental des territoires et de la mer ;\nARR\u00caTE\nArticle 1 : Objet de l'enqu\u00eate\nIl sera proc\u00e9d\u00e9 \u00e0 une enqu\u00eate publique, dans les formes prescrites par le code de l'environnement,  \nportant  sur  la  demande  d'autorisation  de  d\u00e9frichement  pour  la  cr\u00e9ation  d'une  centrale  \nphotovolta\u00efque au sol au lieu-dit \u00ab  Le Clos de la Blaque \u00bb sur la commune de Varages.\nDirection d\u00e9partementale\ndes territoires et de la mer du Var\nDirection d\u00e9partementale des territoires et de la mer du Var - 83-2025-03-03-00017 - Varages - le clos de la blaque - AP ouverture EP35\nLe  projet  pour  la  cr\u00e9ation  d'une  centrale  photovolta\u00efque  est  port\u00e9  par  la  soci\u00e9t\u00e9  SAS  PARC \nSOLAIRE DU CLOS DE LA BLAQUE. \nLa  demande  d'autorisation  de  d\u00e9frichement  porte  sur  une  superficie  totale  de  197  348 m\u00b2 \n(19 ,7348 ha) et concerne la parcelle cadastr\u00e9e section B 10, situ\u00e9e sur la commune de Varages, \nau lieu-dit \u00ab  Le Clos de la Blaque \u00bb.\nLes informations concernant le projet mis \u00e0 l'enqu\u00eate pourront \u00eatre demand\u00e9es aupr\u00e8s de la soci\u00e9t\u00e9 \nSAS PARC SOLAIRE DU CLOS DE LA BLAQUE - 84 Boulevard de S\u00e9bastopol \u2013 75003 PARIS. La \nresponsable du projet est Madame C\u00e9cile LACOUR (c.lacour  @voltalia.com  , t\u00e9l : 07 63 23 40 10).\nArticle 2 : Informations environnementales\nLe projet a fait l'objet d'une \u00e9tude d'impact pr\u00e9vue par les articles L.122-1 et suivants et R.122-1 et  \nsuivants du code de l'environnement. Cette \u00e9tude et son r\u00e9sum\u00e9 non technique sont joints au  \ndossier d'enqu\u00eate.\nL'avis de l'autorit\u00e9 environnementale joint au dossier est consultable sur le site internet de la MRAe  \n(http://www.mrae.developpement-durable.gouv.fr/avis-rendus-sur-projets-r314.html.) ou  sur  le  site \ninternet de l'\u00c9tat dans le Var  (http://www.var.gouv.fr).\nArticle 3 : Publicit\u00e9 de l'enqu\u00eate\nUn avis d'enqu\u00eate informera le public de l'ouverture et des conditions de d\u00e9roulement de l'enqu\u00eate  \npublique.\n- Il sera publi\u00e9 en caract\u00e8res apparents et aux frais de la soci\u00e9t\u00e9 SAS P ARC SOLAIRE DU CLOS  \nDE LA BLAQUE , quinze jours au moins avant le d\u00e9but de l'enqu\u00eate dans deux journaux locaux  \ndiffus\u00e9s dans tout le d\u00e9partement. Ces journaux seront vers\u00e9s au dossier d'enqu\u00eate.\n- Il sera, quinze jours au moins avant le d\u00e9but de l'enqu\u00eate et durant toute la dur\u00e9e de celle-ci,  \npubli\u00e9 par voie d'affiches par la soci\u00e9t\u00e9  SAS PARC SOLAIRE DU CLOS DE LA BLAQUE , et  \n\u00e9ventuellement par tous autres proc\u00e9d\u00e9s en usage sur le territoire de la commune de Varages par  \nles soins de son maire. Il sera justifi\u00e9 de l'accomplissement de cette formalit\u00e9 par un certificat \u00e9tabli  \npar le maire et vers\u00e9 au dossier d'enqu\u00eate.\n- L'avis d'enqu\u00eate publique sera, quinze jours au moins avant le d\u00e9but de l'enqu\u00eate et durant toute  \nla dur\u00e9e de celle-ci, affich\u00e9, sauf impossibilit\u00e9 mat\u00e9rielle justifi\u00e9e, par les soins du responsable du  \nprojet sur les lieux ou en un lieu situ\u00e9 au voisinage des am\u00e9nagements, ouvrages ou travaux  \nprojet\u00e9s et visible de la voie publique, les caract\u00e9ristiques et dimensions de l'affichage de l'avis  \nd'enqu\u00eate \u00e9tant fix\u00e9es par arr\u00eat\u00e9 du 9 septembre 2021 (NOR: TRED2124162A).\nIl sera \u00e9galement mis en ligne sur le site internet de l'\u00c9tat dans le Var \u00e0 l'adresse vis\u00e9e ci-dessous.\nArticle 4 : Dates et lieu de l'enqu\u00eate\nL'enqu\u00eate se tiendra en mairie de Varages, si\u00e8ge de l'enqu\u00eate, du 27 mars 2025 au 28 avril 2025, \nsoit 33 jours.\nDirection d\u00e9partementale des territoires et de la mer du Var - 83-2025-03-03-00017 - Varages - le clos de la blaque - AP ouverture EP36\nLe dossier et le registre d'enqu\u00eate seront tenus \u00e0 la disposition du public pendant toute la dur\u00e9e de  \nl'enqu\u00eate au si\u00e8ge de l'enqu\u00eate. Toute personne pourra en prendre connaissance aux jours et  \nheures habituels d'ouverture des bureaux au public :\nMairie de Varages\n9, place de la R\u00e9publique \u2013 83670 Varages \nmardi, mercredi, jeudi et vendredi de 9h \u00e0 12h et de 13h30 \u00e0 15h30\nsamedi de 9h00 \u00e0 12h\nLe dossier sera en outre consultable pendant la dur\u00e9e de l'enqu\u00eate sur le site internet des services  \nde l'\u00c9tat dans le Var \u00e0 l'adresse suivante : http://www.var.gouv.fr.\nL'acc\u00e8s  gratuit  au  dossier  est  \u00e9galement  possible  depuis  un  poste  informatique  install\u00e9  en \npr\u00e9fecture du Var aux heures d'ouverture habituelles de celle-ci.\nLe public pourra consigner ses observations et propositions sur le registre d'enqu\u00eate tenu \u00e0 sa  \ndisposition par la mairie d e Varages. Ce registre, \u00e9tabli sur feuillets non mobiles, sera ouvert, cot\u00e9  \net paraph\u00e9 par le commissaire enqu\u00eateur.\nIl  pourra  \u00e9galement  les  adresser  par  courrier  postal  au  si\u00e8ge  de  l'enqu\u00eate  ou  par  voie \nd\u00e9mat\u00e9rialis\u00e9e en utilisant le formulaire de \"contact\" accessible sur le site internet des services de  \nl'\u00c9tat  dans  le  Var  \u00e0  l'adresse  ci-dessus,  en  s\u00e9lectionnant  le  th\u00e8me  \u00ab enqu\u00eate  publique \nenvironnementale \u00bb.\nLes courriers \u00e9lectroniques seront accessibles sur le site internet mentionn\u00e9 ci-dessus et transmis  \nau commissaire enqu\u00eateur qui les visera, les num\u00e9rotera et les annexera au registre d'enqu\u00eate pour \n\u00eatre tenus \u00e0 la disposition du public.\nArticle 5 : D\u00e9signation et permanences du commissaire enqu\u00eateur\nPar  d\u00e9cision  susvis\u00e9e,  le  pr\u00e9sident  du  tribunal  administratif  de  Toulon  a  d\u00e9sign\u00e9  Monsieur \nJean-Claude MELIS, en qualit\u00e9 de commissaire enqu\u00eateur.\nIl se tiendra \u00e0 la disposition du public pour recevoir ses observations \u00e9crites ou orales, aux jours et  \nheures ci-dessous mentionn\u00e9s en mairie de Varages :\nPermanences Mairie de Varages\njeudi 27 mars 2025 8h00 - 10h00\njeudi 3 avril 2025 8h00 - 10h00\nmardi 8 avril 2025 8h00 - 10h00\nlundi 14 avril 2025 8h00 - 10h00\nlundi 28 avril 2025 8h00 - 10h00\nDirection d\u00e9partementale des territoires et de la mer du Var - 83-2025-03-03-00017 - Varages - le clos de la blaque - AP ouverture EP37\nArticle 6 : R\u00f4le du commissaire enqu\u00eateur\nPendant la dur\u00e9e de l'enqu\u00eate, le commissaire enqu\u00eateur pourra : \n- recevoir toute information et, s'il estime que des documents sont utiles \u00e0 la bonne information du  \npublic, demander au ma\u00eetre d'ouvrage de communiquer ces documents au public,\n- visiter les lieux concern\u00e9s, \u00e0 l'exception des lieux d'habitation, apr\u00e8s en avoir inform\u00e9 au pr\u00e9alable  \nles propri\u00e9taires et les occupants,\n- entendre toutes les personnes concern\u00e9es par le projet, plan ou programme qui en font la  \ndemande et convoquer toutes les personnes dont il juge l'audition utile,\n-  organiser,  sous  sa  pr\u00e9sidence,  toute  r\u00e9union  d'information  et  d'\u00e9change  avec  le  public  en \npr\u00e9sence du ma\u00eetre d'ouvrage.\nPar d\u00e9cision motiv\u00e9e, le commissaire enqu\u00eateur pourra prolonger l'enqu\u00eate d'une dur\u00e9e maximale  \nde quinze jours. Cette d\u00e9cision sera port\u00e9e \u00e0 la connaissance du public, au plus tard \u00e0 la date  \npr\u00e9vue initialement pour la fin de l'enqu\u00eate dans les conditions de lieux pr\u00e9vues \u00e0 l'article 4 du  \npr\u00e9sent arr\u00eat\u00e9.\nArticle 7 : Cl\u00f4ture de l'enqu\u00eate\n\u00c0 l'expiration du d\u00e9lai d'enqu\u00eate, le registre sera mis \u00e0 la disposition du commissaire enqu\u00eateur et  \nclos et sign\u00e9 par lui.\nD\u00e8s r\u00e9ception du registre et des documents annex\u00e9s, le commissaire enqu\u00eateur rencontrera, dans  \nun d\u00e9lai de hu it jours, la responsable du projet et lui communiquera les observations \u00e9crites ou  \norales consign\u00e9es dans un proc\u00e8s-verbal de synth\u00e8se. La responsable du projet disposera d'un  \nd\u00e9lai de quinze jours, pour produire ses observations \u00e9ventuelles.\nLe commissaire enqu\u00eateur \u00e9tablira un rapport qui relate le d\u00e9roulement de l'enqu\u00eate et comporte le  \nrappel de l'objet du projet, la liste de l'ensemble des pi\u00e8ces figurant dans le dossier d'enqu\u00eate  \npublique, une synth\u00e8se des observations du public, une analyse des propositions produites pendant \nl'enqu\u00eate  et,  le  cas  \u00e9ch\u00e9ant,  les  observations  du  responsable  du  projet  en  r\u00e9ponse  aux \nobservations du public.\nIl consignera dans une pr\u00e9sentation s\u00e9par\u00e9e, ses conclusions motiv\u00e9es, en pr\u00e9cisant si elles sont  \nfavorables, favorables sous r\u00e9serves ou d\u00e9favorables au projet.\nArticle 8 : Rapport et conclusions motiv\u00e9es du commissaire enqu\u00eateur\nLe commissaire enqu\u00eateur transmettra le rapport, les conclusions motiv\u00e9es, le registre d'enqu\u00eate et  \nle dossier de l'enqu\u00eate correspondant au pr\u00e9fet (direction d\u00e9partementale des territoires et de la  \nmer du Var, service urbanisme et affaires juridiques, Boulevard du 112\u00e8me  R\u00e9giment d'Infanterie -  \nCS 31209 - 83070 TOULON CEDEX), dans un d\u00e9lai de 30 jours \u00e0 compter de la date de cl\u00f4ture de  \nl'enqu\u00eate.\nArticle 9 : Diffusion du rapport et des conclusions\nLe pr\u00e9fet adressera, d\u00e8s leur r\u00e9ception, la copie du rapport et des conclusions \u00e0 la responsable du  \nprojet et au maire de Varages.\nDirection d\u00e9partementale des territoires et de la mer du Var - 83-2025-03-03-00017 - Varages - le clos de la blaque - AP ouverture EP38\nUne copie du rapport et des conclusions du commissaire enqu\u00eateur sera tenue \u00e0 la disposition du  \npublic pendant un an \u00e0 compter de la date de la cl\u00f4ture de l'enqu\u00eate :\n\u2022  en mairie de Varages,\n\u2022 \u00e0 la pr\u00e9fecture du Var (direction d\u00e9partementale des territoires et de la mer du Var, service  \nurbanisme et affaires juridiques).\nLe rapport et les conclusions du commissaire enqu\u00eateur seront mis en ligne sur le site internet des  \nservices de l'\u00c9tat dans le Var \u00e0 l'adresse mentionn\u00e9e \u00e0 l'article 4 du pr\u00e9sent arr\u00eat\u00e9.\nArticle 10 : Autorit\u00e9 comp\u00e9tente et nature de la d\u00e9cision adopt\u00e9e au terme de l'enqu\u00eate\n\u00c0  l'issue  de  la  proc\u00e9dure,  l'autorit\u00e9  comp\u00e9tente  pour  accorder  ou  refuser  l'autorisation  de \nd\u00e9frichement est le pr\u00e9fet du Var, par voie d'arr\u00eat\u00e9.\nArticle 11 : Ex\u00e9cution du pr\u00e9sent arr\u00eat\u00e9\nLe secr\u00e9taire g\u00e9n\u00e9ral de la pr\u00e9fecture du Var,\nLe directeur d\u00e9partemental des territoires et de la mer,\nLe maire de Varages,\nLe commissaire enqu\u00eateur,\nsont charg\u00e9s, chacun en ce qui le concerne, de l'ex\u00e9cution du pr\u00e9sent arr\u00eat\u00e9 qui sera publi\u00e9 au  \nrecueil des actes administratifs de la pr\u00e9fecture du Var.\nFait \u00e0 Toulon, le 3 mars 2025\nPour le pr\u00e9fet et par d\u00e9l\u00e9gation,\nPour le directeur d\u00e9partemental des territoires et de la mer et par d\u00e9l\u00e9gation,\nla cheffe du service agriculture et for\u00eat\nSign\u00e9\nAnne RABAULT\nDirection d\u00e9partementale des territoires et de la mer du Var - 83-2025-03-03-00017 - Varages - le clos de la blaque - AP ouverture EP39\nDirection d\u00e9partementale des territoires et de la\nmer du Var\n83-2025-03-10-00001\nARR\u00caT\u00c9 PR\u00c9FECTORAL N\u00b0\nDDTM/SML/BLO/2025-01 du 10/03/2025\nportant ouverture et organisation d'une enqu\u00eate\npublique relative \u00e0 la demande de\nrenouvellement de la concession de la plage\nnaturelle de La Favi\u00e8re, sur la commune de\nBormes-Les-Mimosas.\nDirection d\u00e9partementale des territoires et de la mer du Var - 83-2025-03-10-00001 - ARR\u00caT\u00c9 PR\u00c9FECTORAL N\u00b0\nDDTM/SML/BLO/2025-01 du 10/03/2025\nportant ouverture et organisation d'une enqu\u00eate publique relative \u00e0 la demande de renouvellement de la concession de la plage\nnaturelle de La Favi\u00e8re, sur la commune de Bormes-Les-Mimosas.\n40\nPREFETDU VARLibert\u00e9\u00c9galit\u00e9Fraternit\u00e9\nARR\u00caT\u00c9 PR\u00c9FECTORAL N\u00b0 DDTM/SML/BLO/2025-01 du 10/03/2025\nportant ouverture et organisation d'une enqu\u00eate publique relative \u00e0 la demande de \nrenouvellement de la concession de la plage naturelle de La Favi\u00e8re, sur la commune de \nBormes-Les-Mimosas.\nLe pr\u00e9fet du Var,\nVu le code g\u00e9n\u00e9ral de la propri\u00e9t\u00e9 des personnes publiques et notamment ses articles L. 2124-\n4 et R. 2124-21 et suivants ;\nVu le code de l'environnement et notamment ses articles L. 123-1 et suivants, L. 321-5 et R.  \n123-1 et suivants ;\nVu la  d\u00e9lib\u00e9ration  du  29  novembre  2023  par  laquelle  le  conseil  municipal  sollicite  le \nrenouvellement de la  concession  de la plage naturelle  de La Favi\u00e8re, sur la commune de  \nBormes-Les-Mimosas;\nVu les  pi\u00e8ces  du  dossier  de  demande  de  renouvellement  de  concession  d\u00e9pos\u00e9e  par  la \ncommune de Bormes-Les-Mimosas;\nVu l'ensemble des avis favorables recueillis lors de l'instruction administrative de la demande;\nVu la  d\u00e9cision  de  la  pr\u00e9sidente  du  tribunal  administratif  de  Toulon  du  28  f\u00e9vrier  2025 \nd\u00e9signant Monsieur Michel CHABAUD pour assurer la mission de Commissaire enqu\u00eateur ;\nVu la concertation du 07 mars 2025 avec le commissaire enqu\u00eateur, telle que pr\u00e9vue par le  \npremier alin\u00e9a de l'article R. 123-9 du code de l'environnement ;\nConsid\u00e9rant qu'il y a lieu de soumettre \u00e0 enqu\u00eate publique la demande de renouvellement de \nla concession de la plage naturelle de La Favi\u00e8re, sur la commune de Bormes-Les-Mimosas;\nSur proposition du directeur d\u00e9partemental des territoires et de la mer ;\nARR\u00caTE :\nArticle 1  er   : Objet de l'enqu\u00eate\nIl  sera  proc\u00e9d\u00e9  \u00e0  une  enqu\u00eate  publique,  dans  les  formes  prescrites  par  le  code  de \nl'environnement, portant su r la demande de renouvellement de la concession  de la plage  \nnaturelle de La Favi\u00e8re, sur la commune de Bormes-Les-Mimosas.\nDirection d\u00e9partementale           \ndes territoires et de la mer du Var           \nDirection d\u00e9partementale des territoires et de la mer du Var - 83-2025-03-10-00001 - ARR\u00caT\u00c9 PR\u00c9FECTORAL N\u00b0\nDDTM/SML/BLO/2025-01 du 10/03/2025\nportant ouverture et organisation d'une enqu\u00eate publique relative \u00e0 la demande de renouvellement de la concession de la plage\nnaturelle de La Favi\u00e8re, sur la commune de Bormes-Les-Mimosas.\n41\nLa plage naturelle de La Favi\u00e8re s'\u00e9tend depuis le port jusqu'\u00e0 la pointe des enrochements  \nnaturels  au  droit  du  camping  du  camp  du  domaine.  Au  nord,  elle  est  limitrophe  \u00e0  la \nconcession d'utilisation du domaine public maritime en dehors des ports, accord\u00e9e par arr\u00eat\u00e9 \npr\u00e9fectoral en date du 23 d\u00e9cembre 2014 pour une dur\u00e9e de 30 ans.\nL'emprise totale de la concession de plage est de 31 260 m\u00b2 et comprend :\n- une surface de plage, servant de r\u00e9f\u00e9rence lors du calcul du taux d'occupation, de 27 105 m\u00b2 \net un lin\u00e9aire de 703 m ;\n- un \u00e9pi rocheux et un plan d'eau pour une superficie de 4 155 m\u00b2.\nLa nouvelle concession entrera en vigueur \u00e0 compter du 1er janvier 2026 et ce, pour une dur\u00e9e \nde 10 ans.\nArticle 2 : Publicit\u00e9 de l'enqu\u00eate\nUn avis d'enqu\u00eate informera le public de l'ouverture et des conditions de d\u00e9roulement de  \nl'enqu\u00eate publique.\n\u2013 Il sera publi\u00e9 par les soins du pr\u00e9fet du Var, en caract\u00e8res apparents et aux frais de la  \ncommune de Bormes-Les-Mimosas,  demanderesse et b\u00e9n\u00e9ficiaire de la concession , quinze  \njours au moins avant le d\u00e9but de l'enqu\u00eate dans deux journaux locaux diffus\u00e9s dans tout le  \nd\u00e9partement.  Ces  journaux  seront  vers\u00e9s  au  dossier  d'enqu\u00eate.  La  publication  dans  les \njournaux sera r\u00e9p\u00e9t\u00e9e dans les huit premiers jours de l'enqu\u00eate.\n\u2013 L'avis d'enqu\u00eate publique sera, quinze jours au moins avant le d\u00e9but de l'enqu\u00eate et durant  \ntoute  la  dur\u00e9e  de  celle-ci,  affich\u00e9,  sauf  impossibilit\u00e9  mat\u00e9rielle  justifi\u00e9e,  par  les  soins  du \nresponsable  du  projet  sur  les  lieux  ou  en  un  lieu  situ\u00e9  au  voisinage  des  am\u00e9nagements, \nouvrages ou travaux projet\u00e9s et visible de la voie publique, les caract\u00e9ristiques et dimensions  \nde  l'affichage  de  l'avis  d'enqu\u00eate  \u00e9tant  fix\u00e9es  par  arr\u00eat\u00e9  du  9  septembre  2021  (NOR: \nTRED2124162A). Il sera justifi\u00e9 de l'accomplissement de cette formalit\u00e9 par un certificat \u00e9tabli \npar le maire et vers\u00e9 au dossier d'enqu\u00eate.\nL'avis d'enqu\u00eate publique sera \u00e9galement mis en ligne sur le site internet de l'\u00c9tat dans le Var \n\u00e0 l'adresse suivante :https://www.var.gouv.fr/Publications/Enquetes-publiques/Enquetes-\npubliques-hors-ICPE\nArticle 3 : Dates et lieux de l'enqu\u00eate\nL'enqu\u00eate se tiendra en mairie de Bormes-Les-Mimosas du lundi 31 mars 2025 \u00e0  9h00  au \nmercredi 30 avril \u00e0 17h00, soit 31 jours.\nLe dossier et le registre d'enqu\u00eate seront tenus \u00e0 la disposition du public pendant toute la  \ndur\u00e9e de l'enqu\u00eate au  si\u00e8ge de l'enqu\u00eate (mairie de Bormes-les-Mimosas) . Toute personne  \npourra en prendre connaissance aux jours et heures habituels d'ouverture des bureaux au  \npublic :\nDirection d\u00e9partementale des territoires et de la mer du Var - 83-2025-03-10-00001 - ARR\u00caT\u00c9 PR\u00c9FECTORAL N\u00b0\nDDTM/SML/BLO/2025-01 du 10/03/2025\nportant ouverture et organisation d'une enqu\u00eate publique relative \u00e0 la demande de renouvellement de la concession de la plage\nnaturelle de La Favi\u00e8re, sur la commune de Bormes-Les-Mimosas.\n42\nMairie de Bormes-Les-Mimosas\n1 place Saint-Fran\u00e7ois, 83 230 Bormes-Les-Mimosas\ndu lundi au vendredi de 8h30 \u00e0 12h00 et de 13h30 \u00e0 17h00\nLe dossier sera en outre consultable pendant la dur\u00e9e de l'enqu\u00eate sur le plateforme d\u00e9di\u00e9e  : \nhttps://www.registre-dematerialise.fr/6105/, accessible \u00e9galement via le site internet de l'\u00c9tat  \ndans le Var, mentionn\u00e9 \u00e0 l'article 2. \nL'acc\u00e8s gratuit au dossier est \u00e9galement possible depuis un poste informatique install\u00e9 en  \npr\u00e9fecture du Var aux heures d'ouverture habituelles de celle-ci.\nLe public pourra consigner ses observations et propositions sur le registre d'enqu\u00eate tenu \u00e0 sa \ndisposition en mairie de Bormes-Les-Mimosas. Ce registre, \u00e9tabli sur feuillets non mobiles, sera \nouvert, cot\u00e9 et paraph\u00e9 par le commissaire enqu\u00eateur.\nLe public pourra \u00e9galement transmettre ses contributions et propositions \u00e0 partir du lundi 31 \nmars 2025 \u00e0 9h00 au mercredi 30 avril \u00e0 17h00 (heure de cl\u00f4ture de l'enqu\u00eate) : \n\u2192 par courrier postal au si\u00e8ge de l'enqu\u00eate : Marie de Bormes-Les-Mimosas, 1 Place Saint-\nFran\u00e7ois, 83 230 Bormes-Les-Mimosas.\n\u2192 par voie d\u00e9mat\u00e9rialis\u00e9e :\n\u2022 directement sur le registre d\u00e9mat\u00e9rialis\u00e9 s\u00e9curis\u00e9, \u00e0 l'adresse URL suivante :  \nhttps://www.registre-dematerialise.fr/6105/\n\u2022 par courriel adress\u00e9 au commissaire enqu\u00eateur, \u00e0 l'adresse mail d\u00e9di\u00e9e \u00e0 cette enqu\u00eate \npublique: enquete-publique-6105@registre-dematerialise.fr. Les contributions \ntransmises par courriel seront publi\u00e9es dans les meilleurs d\u00e9lais sur le registre \nd\u00e9mat\u00e9rialis\u00e9 : https://ww  w.registre-dematerialise.fr/6105/  .\nLes courriers seront transmis au commissaire enqu\u00eateur qui les visera, les num\u00e9rotera et les  \nannexera au registre d'enqu\u00eate pour \u00eatre tenus \u00e0 la disposition du public.\nArticle 4 : D\u00e9signation et permanences du commissaire enqu\u00eateur\nPar d\u00e9cision susvis\u00e9e, la pr\u00e9sidente du tribunal administratif de Toulon a d\u00e9sign\u00e9 Monsieur  \nMichel CHABAUD, en qualit\u00e9 de Commissaire enqu\u00eateur.\nil se tiendra \u00e0 la disposition du public pour recevoir ses observations \u00e9crites ou orales aux  \njours et heures ci-dessous mentionn\u00e9s :\nPermanences Mairie de Bormes-Les-Mimosas\nlundi 31 mars 2025 9h00 \u2013 12h00\njeudi 10 avril 2025 14h00 \u2013 17h00\nmardi 22 avril 2025 9h00 \u2013 12h00\nMercredi 30 avril 2025 14h00 \u2013 17h00\nDirection d\u00e9partementale des territoires et de la mer du Var - 83-2025-03-10-00001 - ARR\u00caT\u00c9 PR\u00c9FECTORAL N\u00b0\nDDTM/SML/BLO/2025-01 du 10/03/2025\nportant ouverture et organisation d'une enqu\u00eate publique relative \u00e0 la demande de renouvellement de la concession de la plage\nnaturelle de La Favi\u00e8re, sur la commune de Bormes-Les-Mimosas.\n43\nArticle 5 : R\u00f4le du commissaire enqu\u00eateur\nPendant la dur\u00e9e de l'enqu\u00eate, le commissaire enqu\u00eateur pourra :\n\u2013 recevoir  toute  information  et,  s'il  estime  que  des  documents  sont  utiles  \u00e0  la  bonne \ninformation du public, demander au ma\u00eetre d'ouvrage de communiquer ces documents au  \npublic,\n\u2013 visiter les lieux concern\u00e9s, \u00e0 l'exception des lieux d'habitation, apr\u00e8s en avoir inform\u00e9 au  \npr\u00e9alable les propri\u00e9taires et les occupants,\n\u2013 entendre toutes les personnes concern\u00e9es par le projet, plan ou programme qui en font la  \ndemande et convoquer toutes les personnes dont il juge l'audition utile,\n\u2013 organiser, sous sa pr\u00e9sidence, toute r\u00e9union d'information et d'\u00e9change avec le public en  \npr\u00e9sence du ma\u00eetre d'ouvrage.\nPar  d\u00e9cision  motiv\u00e9e,  le  commissaire  enqu\u00eateur  pourra,  apr\u00e8s  information  du  pr\u00e9fet, \nprolonger l'enqu\u00eate d'une dur\u00e9e maximale de quinze jours.\nSa d\u00e9cision devra \u00eatre notifi\u00e9e au pr\u00e9fet au plus tard huit jours avant la fin de l'enqu\u00eate. Elle  \nsera port\u00e9e \u00e0 la connaissance du public, au plus tard \u00e0 la date pr\u00e9vue initialement pour la fin  \nde l'enqu\u00eate, par affichage r\u00e9alis\u00e9 dans les conditions de lieux pr\u00e9vues \u00e0 l'article 3 du pr\u00e9sent \narr\u00eat\u00e9 et le cas \u00e9ch\u00e9ant par tout moyen appropri\u00e9.\nArticle 6 : Cl\u00f4ture de l'enqu\u00eate\n\u00c0  l'expiration  du  d\u00e9lai  d'enqu\u00eate,  le  registre  sera  mis  \u00e0  la  disposition  du  commissaire \nenqu\u00eateur, clos et sign\u00e9 par lui.\nD\u00e8s r\u00e9ception du registre et des documents annex\u00e9s, le commissaire enqu\u00eateur rencontrera,  \ndans un d\u00e9lai de huit jours le responsable du projet et lui communiquera les observations  \n\u00e9crites ou orales consign\u00e9es dans un proc\u00e8s-verbal de synth\u00e8se. Le responsable du projet  \ndisposera d'un d\u00e9lai de quinze jours, pour produire ses observations.\nLe commissaire enqu\u00eateur \u00e9tablira un rapport qui relate le d\u00e9roulement de l'enqu\u00eate, et  \ncomporte le rappel de l'objet du projet, la liste de l'ensemble des pi\u00e8ces figurant dans le  \ndossier  d'enqu\u00eate  publique,  une  synth\u00e8se  des  observations  du  public,  une  analyse  des \npropositions produites pendant l'enqu\u00eate et, le cas \u00e9ch\u00e9ant, les observations du responsable  \ndu projet en r\u00e9ponse aux observations du public. Il consignera dans une pr\u00e9sentation s\u00e9par\u00e9e, \nses conclusions motiv\u00e9es, en pr\u00e9cisant si elles sont favorables, favorables sous r\u00e9serves ou  \nd\u00e9favorables au projet.\nArticle 7 : Rapport et conclusions motiv\u00e9es du commissaire enqu\u00eateur\nLe  commissaire  enqu\u00eateur  transmettra  le  rapport,  les  conclusions  motiv\u00e9es,  le  registre \nd'enqu\u00eate et le dossier de l'enqu\u00eate correspondant au pr\u00e9fet (Direction D\u00e9partementale des  \nTerritoires et de la Mer du Var, Service Mer et Littoral, Bureau du Littoral Ouest, Boulevard du  \n112\u00e8me R\u00e9giment d'Infanterie \u2013 CS 31209 - 83070 TOULON CEDEX), dans un d\u00e9lai de 30  jours \u00e0 \ncompter de la date de cl\u00f4ture de l'enqu\u00eate.\nDirection d\u00e9partementale des territoires et de la mer du Var - 83-2025-03-10-00001 - ARR\u00caT\u00c9 PR\u00c9FECTORAL N\u00b0\nDDTM/SML/BLO/2025-01 du 10/03/2025\nportant ouverture et organisation d'une enqu\u00eate publique relative \u00e0 la demande de renouvellement de la concession de la plage\nnaturelle de La Favi\u00e8re, sur la commune de Bormes-Les-Mimosas.\n44\nArticle 8 : Diffusion du rapport et des conclusions\nLe Pr\u00e9fet adressera, d\u00e8s leur r\u00e9ception, copie du rapport et des conclusions au maire de  \nBormes-Les-Mimosas. Une copie du rapport et des conclusions du commissaire enqu\u00eateur sera \ntenue  \u00e0  la  disposition  du  public  pendant  un  an  \u00e0  compter  de  la  date  de  la  cl\u00f4ture  de \nl'enqu\u00eate :\n\u2022 en mairie de Bormes-Les-Mimosas\n\u2022 \u00e0 la pr\u00e9fecture du Var (Direction D\u00e9partementale des Territoires et de la Mer du Var,  \nService Mer et Littoral, Bureau Littoral Ouest).\nLe rapport et les conclusions du commissaire enqu\u00eateur seront mis en ligne sur le site internet \nde l'\u00c9tat dans le Var : https://www.var.gouv.fr/Publications/Enquetes-publiques/Enquetes-\npubliques-hors-ICPE et sur le registre d\u00e9mat\u00e9rialis\u00e9 s\u00e9curis\u00e9, \u00e0 l'adresse URL suivante : \nhttps://www.registre-dematerialise.fr/6105/.\nArticle 9 : Autorit\u00e9 comp\u00e9tente et nature de la d\u00e9cision adopt\u00e9e au terme de l'enqu\u00eate\n\u00c0 l'issue de la proc\u00e9dure, l'autorit\u00e9 comp\u00e9tente pour accorder la concession  de la plage  \nnaturelle de La Favi\u00e8re, sur la commune de Bormes-Les-Mimosas, est le pr\u00e9fet du Var, par voie \nd'arr\u00eat\u00e9.\nArticle 10 : Ex\u00e9cution du pr\u00e9sent arr\u00eat\u00e9\nLe Secr\u00e9taire G\u00e9n\u00e9ral de la pr\u00e9fecture du Var,\nLe Directeur D\u00e9partemental des Territoires et de la Mer,\nLe Maire de Bormes-Les-Mimosas,\nLe Commissaire enqu\u00eateur,\nsont charg\u00e9s, chacun en ce qui le concerne, de l'ex\u00e9cution du pr\u00e9sent arr\u00eat\u00e9 qui sera publi\u00e9  \nau recueil des actes administratifs de la pr\u00e9fecture du Var.\nFait \u00e0 Toulon, le 10 mars 2025\nPour le Pr\u00e9fet,\nPour le Directeur D\u00e9partemental des Territoires et de la Mer et par d\u00e9l\u00e9gation,\nLe Chef du Service Mer et Littoral,\nSIGN\u00c9\nOlivier VAROQUI\nDirection d\u00e9partementale des territoires et de la mer du Var - 83-2025-03-10-00001 - ARR\u00caT\u00c9 PR\u00c9FECTORAL N\u00b0\nDDTM/SML/BLO/2025-01 du 10/03/2025\nportant ouverture et organisation d'une enqu\u00eate publique relative \u00e0 la demande de renouvellement de la concession de la plage\nnaturelle de La Favi\u00e8re, sur la commune de Bormes-Les-Mimosas.\n45\nPr\u00e9fecture du VAR\n83-2025-03-05-00004\nRAA -CDSP83-Compo2025-1.docx\nPr\u00e9fecture du VAR - 83-2025-03-05-00004 - RAA -CDSP83-Compo2025-1.docx 46\nx yyLibert\u00e9 \u00ab Egalit\u00e9 + Fraternit\u00e9R\u00c9PUBLIQUE FRAN\u00c7AISE\nPREFET DU VARAgence r\u00e9gionale de sant\u00e9 Provence-Alpes-C\u00f4te d'AzurARRETE N\u00b0 2025-83-YD-070PORTANT MODIFICATION DE LA COMPOSITION DE LA COMMISSION DEPARTEMENTALEDES SOINS PSYCHIATRIQUES DU VARLe Pr\u00e9fet du VarVU le code de la sant\u00e9 publique et notamment les articles L. 3222-5, L 3223-1, et L 3223-2 modifi\u00e9 par laloi n\u00b0 2019.22 du 23 mars 2019, art. 102, et R 3223-1;VU l'arr\u00eat\u00e9 n\u00b0 2024-83-YD-363 en date du 27/11/2024 du pr\u00e9fet du Var portant modification de lacomposition de la Commission d\u00e9partementale des soins psychiatriques du Var ;VU la composition actuelle de la Commission d\u00e9partementale des soins psychiatriques du Var :Madame le docteur Pauline AVIT, psychiatre, d\u00e9sign\u00e9e par le procureur g\u00e9n\u00e9ral pr\u00e8s la courd'appel d'AIX-EN-PROVENCE le 19/11/2024,Monsieur le professeur Charles GHEORGHIEV, chef du service de psychiatrie de l'h\u00f4pitald'instruction des arm\u00e9es Sainte-Anne de TOULON, d\u00e9sign\u00e9 par le pr\u00e9fet du Var le 25/11/2020,Madame Claude FINKELSTEIN, pr\u00e9sidente de la F\u00e9d\u00e9ration nationale des associations d'usagersen psychiatrie (Fnapsy), d\u00e9sign\u00e9e par le pr\u00e9fet du Var,Monsieur Louis PORTE, repr\u00e9sentant de l'Union nationale de familles et amis de personnesmalades et/ou handicap\u00e9es psychiques (Unafam), d\u00e9sign\u00e9 par le pr\u00e9fet du Var le 25/03/2024.VU l'absence prolong\u00e9e du docteur Pauline AVIT, psychiatre, d\u00e9sign\u00e9e par le procureur g\u00e9n\u00e9ral pr\u00e8s lacour d'appel d'AIX-EN-PROVENCE le 19/11/2024 ;VU le courrier en date du 05/03/2025 du Procureur g\u00e9n\u00e9ral pr\u00e8s la cour d'appel d'AIX-EN-PROVENCEd\u00e9signant le docteur Daniel RAUCOULES comme membre de la Commission d\u00e9partementale des soinspsychiatriques du Var ; ARRETEArticle 1 - La composition de la Commission d\u00e9partementale des soins psychiatriques du Var estd\u00e9sormais la suivante :Monsieur le docteur Daniel RAUCOULES, psychiatre, d\u00e9sign\u00e9 par le procureur g\u00e9n\u00e9ral pr\u00e8s la courd'appeld'AIX-EN-PROVENCE le 05/03/2025,Monsieur le professeur Charles GHEORGHIEV, chef du service de psychiatrie de l'h\u00f4pitald'instruction des arm\u00e9es Sainte-Anne de TOULON, d\u00e9sign\u00e9 par le pr\u00e9fet du Var le 25/11/2020,Madame Claude FINKELSTEIN, pr\u00e9sidente de la F\u00e9d\u00e9ration nationale des associations d'usagersen psychiatrie (Fnapsy), d\u00e9sign\u00e9e par le pr\u00e9fet du Var,Monsieur Louis PORTE, repr\u00e9sentant de l'Union nationale de familles et amis de personnesmalades et/ou handicap\u00e9es psychiques (Unafam), d\u00e9sign\u00e9 par le pr\u00e9fet du Var le 25/03/2024.Article 2 - Le si\u00e8ge de la Commission d\u00e9partementale des soins psychiatriques du Var est fix\u00e9 en sonsecr\u00e9tariat, D\u00e9partement des soins psychiatriques sans consentement, Agence r\u00e9gionale de sant\u00e9Provence-Alpes-C\u00e9te-d'Azur, 132, boulevard de Paris 13003 MARSEILLE.Article 3 - Le Pr\u00e9fet du Var et le d\u00e9l\u00e9gu\u00e9 territorial de l'Agence r\u00e9gionale de sant\u00e9 Provence-Alpes-C\u00f4te-d'Azur dans le Var sont charg\u00e9s, chacun en ce qui le concerne, de l'ex\u00e9cution du pr\u00e9sent arr\u00eat\u00e9, qui serains\u00e9r\u00e9 dans le recueil des actes administratifs du d\u00e9partement du Var.Article 4 - Le pr\u00e9sent arr\u00eat\u00e9 peut faire l'objet d'un recours devant le tribunal administratif de Toulon dansles deux mois suivant sa publication ou sa notification.Fait \u00e0 TOULON, le 05/03/2025Pour le pr\u00e9fet et par d\u00e9l\u00e9gation,La sous-pr\u00e9f\u00e8te, directrice de cabinetSign\u00e9 : Jos\u00e9phine GUIGLIANO-BOUTONNET\nPr\u00e9fecture du VAR - 83-2025-03-05-00004 - RAA -CDSP83-Compo2025-1.docx 47\nPr\u00e9fecture du VAR\n83-2025-03-11-00002\nARRETE PREFECTORAL N\u00b0 DCL/BFL/2025-051,\ndat\u00e9 du 11 mars 2025\nPortant nomination de r\u00e9gisseurs aupr\u00e8s de la\nr\u00e9gie d'\u00c9tat de la police municipale\nde la commune de Cogolin\nPr\u00e9fecture du VAR - 83-2025-03-11-00002 - ARRETE PREFECTORAL N\u00b0 DCL/BFL/2025-051, dat\u00e9 du 11 mars 2025\nPortant nomination de r\u00e9gisseurs aupr\u00e8s de la r\u00e9gie d'\u00c9tat de la police municipale\nde la commune de Cogolin\n48\nDirection de la citoyennet\u00e9 et de la l\u00e9galit\u00e9\n Bureau des finances locales\nARRETE PREFECTORAL N\u00b0 DCL/BFL/2025-051,  dat\u00e9 du 11 mars 2025\nPortant nomination de r\u00e9gisseurs aupr\u00e8s de la r\u00e9gie d'\u00c9tat de la police municipale\nde la commune de Cogolin\nLe Pr\u00e9fet du Var,\nVu  le d\u00e9cret n\u00b0 2012-1246 du 7 novembre 2012 relatif \u00e0  la gestion budg\u00e9taire et comptable\npublique ;\nVu le d\u00e9cret n\u00b0 2019-798 du 26 juillet 2019 relatif aux r\u00e9gies de recettes et aux r\u00e9gies d'avances\ndes organismes publics ;\nVu le d\u00e9cret n\u00b0 2022-1605 du 22 d\u00e9cembre 2022 portant  application de l'ordonnance\nn\u00b02022-408 du 23 mars 2022 relative au r\u00e9gime de responsabilit\u00e9 financi\u00e8re des gestionnaires\npublics et modifiant diverses dispositions relatives aux comptables publics ;\nVu le d\u00e9cret du pr\u00e9sident de la R\u00e9publique du 13 juil let 2023, portant nomination de\nM. Philippe MAH\u00c9 en qualit\u00e9 de pr\u00e9fet du Var ;\nVu l'arr\u00eat\u00e9 pr\u00e9fectoral n\u00b0 2024/56/MCI du 10 d\u00e9cembre 2024, portant d\u00e9l\u00e9gation de signature\n\u00e0 M. Lucien GIUDICELLI, secr\u00e9taire g\u00e9n\u00e9ral de la pr\u00e9fecture du Var ;\nVu l'arr\u00eat\u00e9 pr\u00e9fectoral du 11 f\u00e9vrier 2003 portant ins titution d'une r\u00e9gie de recettes de l'\u00c9tat\naupr\u00e8s de la police municipale de la commune de Cogolin ;\nVu l'arr\u00eat\u00e9 pr\u00e9fectoral n\u00b0 2023-216 du 27 juillet 2023 portant nomination de r\u00e9gisseurs aupr\u00e8s\nde la police municipale de la commune de Cogolin ;\nVu la demande de M. le maire de la commune de Cogolin du 13 f\u00e9vrier 2025 ;\nVu l'avis du directeur d\u00e9partemental des finances publiques du Var du 7 mars 2025 ;\nSur proposition du secr\u00e9taire g\u00e9n\u00e9ral de la pr\u00e9fecture du Var,\nARRETE\n :\nARTICLE  1  er  :  l'arr\u00eat\u00e9 pr\u00e9fectoral n\u00b0 2023-216 du 27 juillet 2023  portant nomination de\nr\u00e9gisseurs aupr\u00e8s de la police municipale de la commune de Cogolin est abrog\u00e9.\n1/2\nPr\u00e9fecture du VAR - 83-2025-03-11-00002 - ARRETE PREFECTORAL N\u00b0 DCL/BFL/2025-051, dat\u00e9 du 11 mars 2025\nPortant nomination de r\u00e9gisseurs aupr\u00e8s de la r\u00e9gie d'\u00c9tat de la police municipale\nde la commune de Cogolin\n49\nARTICLE 2 : Monsieur Tony PALAS est nomm\u00e9 r\u00e9gisseur titulaire pour percevoir l'encaissement\ndes produits de recettes des amendes forfaitaires d e la police de la circulation de la\ncommune de Cogolin.\nARTICLE  3\n : Monsieur Patrice GAUJOUR est nomm\u00e9 r\u00e9gisseur suppl \u00e9ant pour percevoir\nl'encaissement des produits de recettes des amendes forfaitaires de la police de la circulation\nde la commune de Cogolin.\nARTICLE 4\n : Le cautionnement et l'indemnit\u00e9 de responsabilit\u00e9 vers\u00e9e au r\u00e9gisseur sont fix\u00e9s\nselon la r\u00e9glementation en vigueur.\nARTICLE 5\n : Le secr\u00e9taire g\u00e9n\u00e9ral de la pr\u00e9fecture du Var et le  directeur d\u00e9partemental des\nfinances publiques du Var sont charg\u00e9s, chacun en c e qui le concerne, de l'ex\u00e9cution du\npr\u00e9sent arr\u00eat\u00e9 qui sera publi\u00e9 au recueil des actes administratifs de la pr\u00e9fecture du Var.\nFait \u00e0 Toulon, le 11 mars 2025\nPour le pr\u00e9fet et par d\u00e9l\u00e9gation,\nle secr\u00e9taire g\u00e9n\u00e9ral\nSign\u00e9\nLucien GIUDICELLI\nDans un d\u00e9lai de deux mois \u00e0 compter de la date de notification de la pr\u00e9sente d\u00e9cision, les recours suivants peuvent \u00eatre \nintroduits conform\u00e9ment aux dispositions des articles R. 421-1 et suivants du code de justice administrative :\n- un recours gracieux, adress\u00e9 \u00e0 : M. le Pr\u00e9fet du Var \u2013 Bd du 112\u00e8me r\u00e9giment d'infanterie- CS 31209 - 83070 TOULON CEDEX\nDans ce cas, le silence de l'administration vaut rejet implicite au terme d'un d\u00e9lai de deux mois.\nApr\u00e8s un recours gracieux, le d\u00e9lai du recours contentieux ne court qu'\u00e0 compter du rejet explicite ou implicite de ce recours.\n- un recours contentieux, en saisissant le Tribunal Administratif de Toulon : 5 rue Racine -BP 40510 - 83 041 TOULON CEDEX 9\nLe tribunal administratif peut \u00eatre saisi par l'application informatique \u00ab T\u00e9l\u00e9recours citoyens \u00bb accessible par le site internet \n\u00ab www.telerecours.fr \u00bb.\n2/2\nPr\u00e9fecture du VAR - 83-2025-03-11-00002 - ARRETE PREFECTORAL N\u00b0 DCL/BFL/2025-051, dat\u00e9 du 11 mars 2025\nPortant nomination de r\u00e9gisseurs aupr\u00e8s de la r\u00e9gie d'\u00c9tat de la police municipale\nde la commune de Cogolin\n50\nPr\u00e9fecture du VAR\n83-2025-03-11-00001\nARR\u00caT\u00c9 PR\u00c9FECTORAL n\u00b02025/07/MCI du 11 mars\n2025 portant d\u00e9l\u00e9gation de signature \u00e0 Mme\nMyriam GARCIA, sous-pr\u00e9f\u00e8te de\nl'arrondissement de DRAGUIGNAN\nPr\u00e9fecture du VAR - 83-2025-03-11-00001 - ARR\u00caT\u00c9 PR\u00c9FECTORAL n\u00b02025/07/MCI du 11 mars 2025 portant d\u00e9l\u00e9gation de signature \u00e0\nMme Myriam GARCIA, sous-pr\u00e9f\u00e8te de l'arrondissement de DRAGUIGNAN 51\nEgalit\u00e9Fraternit\u00e9\nVu le d\u00e9cret du Pr\u00e9sident de la R\u00e9publique du 8 septembre 2021 portant nomination de  \nDirection de la coordination des politiques publiques\net de l'appui territorial\nMission de coordination interminist\u00e9rielle\nARR\u00caT\u00c9 PR\u00c9FECTORAL n\u00b02025/07/MCI du 11 mars 2025\nportant d\u00e9l\u00e9gation de signature \u00e0 Mme Myriam GARCIA,\nsous-pr\u00e9f\u00e8te de l'arrondissement de DRAGUIGNAN\nLe Pr\u00e9fet du Var,\nOfficier de la L\u00e9gion d'Honneur,\nVu la loi n\u00b0 82-213 du 2 mars 1982 modifi\u00e9e, relative aux droits et libert\u00e9s des communes, des  \nd\u00e9partements et des r\u00e9gions ;\nVu la loi n\u00b0 83-8 du 7 janvier 1983 modifi\u00e9e, relative \u00e0 la r\u00e9partition des comp\u00e9tences entre les \ncommunes, les d\u00e9partements, les r\u00e9gions et l'\u00c9tat ;\nVu  la  loi  d'orientation  n\u00b0  92-125  du  6  f\u00e9vrier  1992  modifi\u00e9e  relative  \u00e0  l'administration \nterritoriale de la R\u00e9publique ;\nVu la loi n\u00b0 2004-809 du 13 ao\u00fbt 2004 modifi\u00e9e relative aux libert\u00e9s et responsabilit\u00e9s locales ;\nVu le d\u00e9cret n\u00b0 97-34 du 15 janvier 1997 modifi\u00e9 relatif \u00e0 la d\u00e9concentration des d\u00e9cisions  \nadministratives individuelles ;\nVu  le  d\u00e9cret  n\u00b0  2004-374  du  29  avril  2004  modifi\u00e9  relatif  aux  pouvoirs  des  pr\u00e9fets,  \u00e0 \nl'organisation et \u00e0 l'action des services de l'\u00c9tat dans les r\u00e9gions et d\u00e9partements ;\nVu le d\u00e9cret n\u00b0 2015-510 du 7 mai 2015 portant charte de la d\u00e9concentration ;\nVu  le  d\u00e9cret  du  Pr\u00e9sident  de  la  R\u00e9publique  du  15  avril  2022  portant  nomination  de \nM.  Lucien  GIUDICELLI,  secr\u00e9taire  g\u00e9n\u00e9ral  de  la  pr\u00e9fecture  du  Var,  sous-pr\u00e9fet  de \nl'arrondissement de Toulon ;\nVu  le  d\u00e9cret  du  Pr\u00e9sident  de  la  R\u00e9publique  du  6  juillet  2023  portant  nomination  de \nMme Myriam GARCIA, sous-pr\u00e9f\u00e8te de l'arrondissement de Draguignan ;\nVu  le  d\u00e9cret  du  Pr\u00e9sident  de  la  R\u00e9publique  du  13  juillet  2023  portant  nomination  de \nM. Philippe MAHE, pr\u00e9fet du Var ;\nVu  le  d\u00e9cret  du  Pr\u00e9sident  de  la  R\u00e9publique  du  3  avril  2024  portant  nomination  de \nMme Jos\u00e9phine GUIGLIANO-BOUTONNET, sous-pr\u00e9f\u00e8te, directrice de cabinet du pr\u00e9fet du  \nVar ;\nVu le d\u00e9cret du Pr\u00e9sident de la R\u00e9publique du 21 septembre 2024 portant nomination de  \nM. Jean-Baptiste MORINAUD, sous-pr\u00e9fet charg\u00e9 de mission aupr\u00e8s du pr\u00e9fet du Var, secr\u00e9taire \ng\u00e9n\u00e9ral adjoint de la pr\u00e9fecture du Var ;\nVu le d\u00e9cret du Pr\u00e9sident de la R\u00e9publique du 14 novembre 2024 portant nomination de  \nMme Anne C\u00e9cile VIALLE, sous-pr\u00e9f\u00e8te de l'arrondissement de Brignoles ;\n1/8\nPr\u00e9fecture du VAR - 83-2025-03-11-00001 - ARR\u00caT\u00c9 PR\u00c9FECTORAL n\u00b02025/07/MCI du 11 mars 2025 portant d\u00e9l\u00e9gation de signature \u00e0\nMme Myriam GARCIA, sous-pr\u00e9f\u00e8te de l'arrondissement de DRAGUIGNAN 52\nVu le d\u00e9cret du Pr\u00e9sident de la R\u00e9publique du 8 septembre 2021 portant nomination de  \nVu l'arr\u00eat\u00e9 pr\u00e9fectoral n\u00b02024/47/MCI du 7 novembre 2024 portant d\u00e9l\u00e9gation de signature \u00e0  \nMme Myriam GARCIA, sous-pr\u00e9f\u00e8te de l'arrondissement de Draguignan ;\nVu l'arr\u00eat\u00e9 pr\u00e9fectoral n\u00b02024/53/MCI du 5 d\u00e9cembre 2024 portant d\u00e9l\u00e9gation de signature \u00e0  \nMme Anne-C\u00e9cile VIALLE, sous-pr\u00e9f\u00e8te de Brignoles et abrogeant l'arr\u00eat\u00e9 pr\u00e9fectoral d'int\u00e9rim \nn\u00b0 2024/37/MCI du 25 septembre 2024 au b\u00e9n\u00e9fice de Mme Myriam GARCIA \u00e0 compter du 9  \nd\u00e9cembre 2024 ; \nVu  l'arr\u00eat\u00e9  pr\u00e9fectoral  n\u00b02024/43/MCI  du  30  d\u00e9cembre  2024  portant  organisation  de  la \npr\u00e9fecture du Var \nSur proposition du secr\u00e9taire g\u00e9n\u00e9ral de la pr\u00e9fecture du Var ;\nARR\u00caTE :\nARTICLE  1er     :  Ind\u00e9pendamment  des  attributions  qui  sont  conf\u00e9r\u00e9es  aux  sous-pr\u00e9fets \nd'arrondissement par les lois et r\u00e8glements, d\u00e9l\u00e9gation est donn\u00e9e \u00e0 Mme Myriam GARCIA , \nsous-pr\u00e9f\u00e8te de l'arrondissement de Draguignan, \u00e0 l'effet d'instruire et de signer tous actes de \ngestion relatifs au fonctionnement des services de la sous-pr\u00e9fecture, ainsi que pour signer les \narr\u00eat\u00e9s, circulaires et correspondances concernant, pour l'arrondissement de Draguignan, les  \naffaires suivantes, \u00e0 l'exclusion des requ\u00eates et m\u00e9moires aupr\u00e8s des juridictions :\nI \u2013 Administration g\u00e9n\u00e9rale :\na) Pour les communes de l'arrondissement, lors du renouvellement g\u00e9n\u00e9ral des \u00e9lections  \nmunicipales :\n- re\u00e7us de d\u00e9p\u00f4t d'une d\u00e9claration de candidature pour le 1 er tour de scrutin des \u00e9lections  \nmunicipales ;\n- r\u00e9c\u00e9piss\u00e9  d\u00e9finitif  d'enregistrement  d'une  d\u00e9claration  de  candidature  aux  \u00e9lections \nmunicipales ;\n- refus  de  d\u00e9livrance  du  r\u00e9c\u00e9piss\u00e9  d\u00e9finitif  d'enregistrement  d'une  d\u00e9claration  de \ncandidature aux \u00e9lections municipales ;\n- r\u00e9c\u00e9piss\u00e9s d\u00e9finitifs d'une d\u00e9claration de candidature pour le second tour de scrutin des  \n\u00e9lections municipales.\nb) organisation des \u00e9lections municipales partielles.\nII \u2013 Administration locale :\na) suivi  du contr\u00f4le de l\u00e9galit\u00e9 des actes administratifs des collectivit\u00e9s locales et de leurs  \n\u00e9tablissements du ressort de l'arrondissement (\u00e0 l'exception des syndicats mixtes dont le  \nconseil d\u00e9partemental du Var est membre) et des soci\u00e9t\u00e9s d'\u00e9conomie mixte locales, en ce  \nqu'il comprend :\n\u2022 l'information de l'autorit\u00e9 locale sur sa demande de la d\u00e9cision du repr\u00e9sentant de  \nl'\u00c9tat dans le d\u00e9partement de ne pas d\u00e9f\u00e9rer un acte au tribunal administratif ;\n\u2022 l'information  de  l'autorit\u00e9  locale  qu'un  acte  est  entach\u00e9  d'ill\u00e9galit\u00e9  et  la \ncommunication des pr\u00e9cisions utiles lui permettant de rendre l\u00e9gal l'acte concern\u00e9 ;\n\u2022 la signature des recours gracieux ;\n\u2022 la signature de lettres de demandes de pi\u00e8ces compl\u00e9mentaires en mati\u00e8re de contr\u00f4le \nde l\u00e9galit\u00e9 ne valant pas recours gracieux ;\n                                                                                                                                                                                                                           2/8\nPr\u00e9fecture du VAR - 83-2025-03-11-00001 - ARR\u00caT\u00c9 PR\u00c9FECTORAL n\u00b02025/07/MCI du 11 mars 2025 portant d\u00e9l\u00e9gation de signature \u00e0\nMme Myriam GARCIA, sous-pr\u00e9f\u00e8te de l'arrondissement de DRAGUIGNAN 53\nVu le d\u00e9cret du Pr\u00e9sident de la R\u00e9publique du 8 septembre 2021 portant nomination de  \nb) suivi du contr\u00f4le budg\u00e9taire des collectivit\u00e9s locales du ressort de l'arrondissement et de \nleurs \u00e9tablissements (\u00e0 l'exception des syndicats mixtes dont le conseil d\u00e9partemental du Var  \nest membre) en ce qu'il comprend : \n\u2022 la signature des recours gracieux et la signature de lettres de demandes de pi\u00e8ces  \ncompl\u00e9mentaires ne valant pas recours gracieux ;\nc) suivi des demandes de mandatement d'office des d\u00e9penses obligatoires ;\nd) en mati\u00e8re d'urbanisme :\n- la signature des avis de l'\u00c9tat ;\n- la signature des avis sur les permis de d\u00e9molir ;\n- la signature des autorisations ou actes relatifs \u00e0 l'utilisation et \u00e0 l'occupation du sol  \npour les op\u00e9rations relevant de l'article R. 422-2 du code de l'urbanisme ;\n- la signature des autorisations ou actes relatifs \u00e0 l'utilisation et \u00e0 l'occupation du sol  \ndans les communes non dot\u00e9es d'un document d'urbanisme approuv\u00e9, pour les cas  \npr\u00e9vus \u00e0 l'article L. 422-1-b du code de l'urbanisme ;\ne) substitution aux maires dans les cas pr\u00e9vus aux articles L. 2215-1 et L. 2215-5 du code  \ng\u00e9n\u00e9ral des collectivit\u00e9s territoriales ;\nf) autorisation d'occupation temporaire et autorisation de p\u00e9n\u00e9trer sur les propri\u00e9t\u00e9s priv\u00e9es ;\ng) constitution des groupes de travail pr\u00e9vus par les dispositions du titre VIII du code de  \nl'environnement relatif \u00e0 la protection du cadre de vie (publicit\u00e9, enseignes et pr\u00e9-enseignes)  \net mesures administratives d'application ;\nh) arr\u00eat\u00e9s de cr\u00e9ation, de modification des attributions, de retrait de communes membres,  \nd'adh\u00e9sion  de  nouvelles  communes  et  de  dissolution.se  rapportant  aux  \u00e9tablissements \npublics de coop\u00e9ration intercommunale dont le si\u00e8ge se trouve dans l'arrondissement, \u00e0  \nl'exception  des  communaut\u00e9s  d'agglom\u00e9ration,  des  communaut\u00e9s  de  communes,  des \nsyndicats mixtes dont le conseil d\u00e9partemental du Var est membre.\nIII  \u2013  Coordination  de  l'action  des  services  d\u00e9concentr\u00e9s :  tous  actes  ou  documents \nn\u00e9cessaires \u00e0 l'exercice de son pouvoir de coordination de l'action des services d\u00e9concentr\u00e9s  \nde l'\u00c9tat pr\u00e9vu par le d\u00e9cret n\u00b0 2004-374 du 29 avril 2004, et notamment toutes demandes  \nd'information.\nARTICLE  2 :  Ind\u00e9pendamment  des  attributions  qui  sont  conf\u00e9r\u00e9es  aux  sous-pr\u00e9fets \nd'arrondissement par les lois et r\u00e8glements, d\u00e9l\u00e9gation est donn\u00e9e \u00e0 Mme Myriam GARCIA , \nsous-pr\u00e9f\u00e8te de l'arrondissement de Draguignan, \u00e0 l'effet d'instruire et de signer tous les  \narr\u00eat\u00e9s,  circulaires  et  correspondances  concernant  le  bureau  de  l'administration  et  de  la \nr\u00e9glementation g\u00e9n\u00e9rale, \u00e0 l'exclusion des requ\u00eates et m\u00e9moires aupr\u00e8s des juridictions :\nI \u2013 Pour l'arrondissement de Draguignan :\na) opposition \u00e0 sortie du territoire pour les enfants mineurs ;\nb)  l\u00e9gislation  fun\u00e9raire :  les  laissez-passer  de  corps  et  urnes  cin\u00e9raires  vers  l'\u00e9tranger,  les \nautorisations de transport de corps et urnes cin\u00e9raires vers l'\u00e9tranger, les d\u00e9rogations au d\u00e9lai \nr\u00e9glementaire de quatorze jours en vue de l'inhumation ou de l'incin\u00e9ration des corps des  \npersonnes d\u00e9c\u00e9d\u00e9es, les autorisations d'inhumation en propri\u00e9t\u00e9 priv\u00e9e ;\n3/8\nPr\u00e9fecture du VAR - 83-2025-03-11-00001 - ARR\u00caT\u00c9 PR\u00c9FECTORAL n\u00b02025/07/MCI du 11 mars 2025 portant d\u00e9l\u00e9gation de signature \u00e0\nMme Myriam GARCIA, sous-pr\u00e9f\u00e8te de l'arrondissement de DRAGUIGNAN 54\nVu le d\u00e9cret du Pr\u00e9sident de la R\u00e9publique du 8 septembre 2021 portant nomination de  \nc) instruction des demandes d'enqu\u00eates sociales et administratives en mati\u00e8re de logement  \nsocial et d'expulsion, propositions de logements aux bailleurs sociaux ;\nd)  instruction  et  signature  des  octrois  ou  refus  du  concours  de  la  force  publique  pour \nl'ex\u00e9cution  des  d\u00e9cisions  de  justice  en  mati\u00e8re  d'expulsion  locative,  domiciliaire  et \nimmobili\u00e8re,  des  demandes  d'indemnit\u00e9s  amiables,  r\u00e8glement  transactionnel  des  dossiers \naff\u00e9rents, protocole d'accord de pr\u00e9vention des expulsions locatives, mise en \u0153uvre des  \nd\u00e9cisions \u00ab  droit au logement opposable  \u00bb (DALO) y compris les radiations et les recours  \ngracieux DALO ;\ne) avis pr\u00e9alable aux mesures de police des d\u00e9bits de boissons et des h\u00f4tels ;\nf)  autorisation  d'utilisation du  plan  d'eau  du  lac  de  Saint-Cassien  par  d\u00e9rogation  aux \ndispositions de l'arr\u00eat\u00e9 pr\u00e9fectoral du 16 juin 1977 ;\ng)  d\u00e9cision de suspension des permis de  conduire, d\u00e9cision de restriction de validit\u00e9 de  \npermis de conduire cons\u00e9cutive aux examens en commission m\u00e9dicale d'aptitude, d\u00e9cision  \nde  mise  en  \u0153uvre  des  visites  m\u00e9dicales  par  autorit\u00e9,  d\u00e9cision  de  mise  en  \u0153uvre  des \ndispositions  sp\u00e9cifiques  \u00e0  l'\u00e9thylotest  antid\u00e9marrage,  mise  en  \u0153uvre  de  la  proc\u00e9dure \nd'\u00e9change de permis de conduire \u00e9tranger apr\u00e8s suspension ;\nh) d\u00e9livrance des attestations de duplicata des permis de chasser ;\ni) d\u00e9livrance des r\u00e9c\u00e9piss\u00e9s de revendeurs d'objets mobiliers ;\nj)  d\u00e9livrance  des  autorisations  d'installation  de  liaisons  d'alarme  avec  le  commissariat  de \npolice de Draguignan ;\nk)  d\u00e9clarations  d'option  pour  l'incorporation  dans  le  service  national  des  jeunes  double-\nnationaux ;\nl)  instruction  et  signature  des  arr\u00eat\u00e9s  instaurant  un  p\u00e9rim\u00e8tre  de  protection  pour  les \nmanifestations dont il a la responsabilit\u00e9, en application de l'article L. 226-1 du code de la  \ns\u00e9curit\u00e9 int\u00e9rieure ;\nm)  suivi  des  proc\u00e8s-verbaux  de  r\u00e9union  ou  de  visite  de  la  commission  de  s\u00e9curit\u00e9  et \nd'accessibilit\u00e9 de l'arrondissement dont elle assure la pr\u00e9sidence ;\nn) commission des polices de l'environnement (COPOLLEN) op\u00e9rationnelle d'arrondissement ;\no)  suivi  des  enqu\u00eates  de  moralit\u00e9  concernant  les  visiteurs  de  prison  et  agr\u00e9ment  des \naum\u00f4niers pour le centre p\u00e9nitentiaire de Draguignan ;\np) gardes statiques et escortes de d\u00e9tenus.\nII \u2013 Pour les arrondissements de Draguignan et de Brignoles :\na) signature des conventions de coordination des interventions de la police municipale et des  \nforces de s\u00e9curit\u00e9 de l'\u00c9tat ;\nb) agr\u00e9ments et cartes professionnelles des policiers municipaux et des assistants temporaires \nde police municipale ;\n                                                                                                                                                                                                                           4/8\nPr\u00e9fecture du VAR - 83-2025-03-11-00001 - ARR\u00caT\u00c9 PR\u00c9FECTORAL n\u00b02025/07/MCI du 11 mars 2025 portant d\u00e9l\u00e9gation de signature \u00e0\nMme Myriam GARCIA, sous-pr\u00e9f\u00e8te de l'arrondissement de DRAGUIGNAN 55\nVu le d\u00e9cret du Pr\u00e9sident de la R\u00e9publique du 8 septembre 2021 portant nomination de  \nc) cartes professionnelles des policiers municipaux.\nIII \u2013 Sur l'ensemble du d\u00e9partement du Var : agr\u00e9ments des gardes particuliers.\nARTICLE  3 :  Ind\u00e9pendamment  des  attributions  qui  sont  conf\u00e9r\u00e9es  aux  sous-pr\u00e9fets \nd'arrondissement par les lois et r\u00e8glements, d\u00e9l\u00e9gation est donn\u00e9e \u00e0 Mme Myriam GARCIA , \nsous-pr\u00e9f\u00e8te de l'arrondissement de Draguignan, \u00e0 l'effet d'instruire et de signer tous les  \narr\u00eat\u00e9s,  circulaires  et  correspondances,  y  compris  les  requ\u00eates  et  m\u00e9moires  aupr\u00e8s  des \njuridictions, concernant la r\u00e9duction des nuisances caus\u00e9es par l'activit\u00e9 des h\u00e9licopt\u00e8res sur  \nles communes de la communaut\u00e9 de communes du golfe de Saint-Tropez et \u00e0 ce titre, de  \ng\u00e9rer les autorisations d'h\u00e9lisurfaces, d'h\u00e9listations et les rotations d'h\u00e9licopt\u00e8res aff\u00e9rentes.\nARTICLE  4 :  Ind\u00e9pendamment  des  attributions  qui  sont  conf\u00e9r\u00e9es  aux  sous-pr\u00e9fets \nd'arrondissement par les lois et r\u00e8glements, d\u00e9l\u00e9gation est donn\u00e9e \u00e0 Mme Myriam GARCIA , \nsous-pr\u00e9f\u00e8te de l'arrondissement de Draguignan, \u00e0 l'effet d'instruire et de signer tous les  \narr\u00eat\u00e9s, circulaires et correspondances concernant le bureau de l'immigration,  \u00e0 l'exclusion \ndes requ\u00eates et m\u00e9moires aupr\u00e8s des juridictions ainsi que :\n\u2013 Pour les usagers des trois arrondissements du d\u00e9partement du Var :\na) les titres de s\u00e9jour mention \u00ab visiteurs \u00bb, \u00ab citoyens/membres de famille UE \u00bb ;\nb) les changements de situation, les duplicatas ;\nc) les titres professionnels :\n- travailleurs temporaires,\n- salari\u00e9s et travailleurs temporaires\n- stagiaires,\n- recherche d'emploi \u2013 cr\u00e9ation d'entreprise,\n- entrepreneurs,\n- jeunes au pair ;\nd) le renouvellement des cartes de r\u00e9sident ;\ne) les documents de circulation des enfants mineurs \u00e9trangers et les d\u00e9cisions de refus de \nd\u00e9livrance ;\nf)  les  arr\u00eat\u00e9s  pr\u00e9fectoraux  relatifs  aux  refus  de  s\u00e9jour  et  \u00e0  l'obligation  de  quitter  le\nterritoire fran\u00e7ais pour les actes mentionn\u00e9s aux alin\u00e9as 4-a), 4-b), 4-c) et 4-d) ; \ng) les autorisations provisoires de s\u00e9jour en lien avec les dossiers mentionn\u00e9s aux alin\u00e9as\n4-a), 4-b), 4-c) et 4-d) ;\nh) les d\u00e9cisions d\u00e9favorables concernant les saisonniers et les passeports talents instruits\npar la plateforme r\u00e9gionale attractivit\u00e9 ;\ni) les lettres d'avertissement concernant les dossiers instruits en sous-pr\u00e9fecture en lien\navec l'ordre public ;\nj) les r\u00e9c\u00e9piss\u00e9s de demande de titre de s\u00e9jour pour les actes mentionn\u00e9s aux alin\u00e9as 4-a),\n4-b), 4-c) et 4-d).\n\u2013 Pour les usagers des arrondissements de Brignoles et Draguignan :\nk) les prolongations de visas et visas pr\u00e9fectoraux ;\nl) les autorisations provisoires de s\u00e9jour protection temporaire (Ukraine, etc.).\n- Pour les usagers des arrondissements de Brignoles et Draguignan, et uniquement  pour les \ndossiers suivants re\u00e7us avant le 3 f\u00e9vrier 2025 :\n5/8\nPr\u00e9fecture du VAR - 83-2025-03-11-00001 - ARR\u00caT\u00c9 PR\u00c9FECTORAL n\u00b02025/07/MCI du 11 mars 2025 portant d\u00e9l\u00e9gation de signature \u00e0\nMme Myriam GARCIA, sous-pr\u00e9f\u00e8te de l'arrondissement de DRAGUIGNAN 56\nVu le d\u00e9cret du Pr\u00e9sident de la R\u00e9publique du 8 septembre 2021 portant nomination de  \nm) les titres de s\u00e9jour mention \u00ab Vie Priv\u00e9e et Familiale \u00bb (VPF) ;\nn) les admissions exceptionnelles de s\u00e9jour (AES) ;\no) les dossiers d\u00e9pos\u00e9s au titre des B\u00e9n\u00e9ficiaires de la Protection Internationale (BPI) ;\np) les demandes de Titre de Voyage \u00c9tranger (TVE) ;\nq)  les  arr\u00eat\u00e9s  pr\u00e9fectoraux  relatifs  aux  refus  de  s\u00e9jour  et  \u00e0  l'obligation  de  quitter  le\nterritoire fran\u00e7ais pour les actes mentionn\u00e9s aux alin\u00e9as 4-m), 4-n), et 4-o) ;\nr) les autorisations provisoires de s\u00e9jour en lien avec les dossiers mentionn\u00e9s aux alin\u00e9as \n4-m), 4-n) et 4-o) ;\ns) les r\u00e9c\u00e9piss\u00e9s de demande de titre de s\u00e9jour pour les actes mentionn\u00e9s aux alin\u00e9as 4-m), \n4-n) et 4-o).\n \nARTICLE 5 : Except\u00e9 pour les conventions mentionn\u00e9es \u00e0 l'article 2 II-a), en cas d'absence ou  \nd'emp\u00eachement  de  Mme  Myriam  GARCIA,  d\u00e9l\u00e9gation  de  signature  est  donn\u00e9e  dans  les \nm\u00eames  conditions  \u00e0  Mme  Anne-C\u00e9cile  VIALLE,  sous-pr\u00e9f\u00e8te  de  l'arrondissement  de \nBRIGNOLES, ou en cas d'absence ou d'emp\u00eachement de celle-ci, d\u00e9l\u00e9gation de signature est  \ndonn\u00e9e \u00e0  Mme Jos\u00e9phine GUIGLIANO-BOUTONNET, sous-pr\u00e9f\u00e8te, directrice de cabinet du  \npr\u00e9fet  du  Var,  ou,  en  cas  d'absence  ou d'emp\u00eachement  de  celle-ci,  \u00e0  M.  Jean-Baptiste \nMORINAUD, sous-pr\u00e9fet charg\u00e9 de mission aupr\u00e8s du pr\u00e9fet du Var, secr\u00e9taire g\u00e9n\u00e9ral adjoint \nde la pr\u00e9fecture du Var.\nARTICLE  6 : Lorsque  Mme  Myriam  GARCIA assure  le  service  de  permanence  institu\u00e9 \nconform\u00e9ment  \u00e0  l'ordre  des  permanences  fix\u00e9  p\u00e9riodiquement  par  le  pr\u00e9fet  du  Var, \nd\u00e9l\u00e9gation lui est alors accord\u00e9e \u00e0 l'effet de signer, pour l'ensemble du d\u00e9partement, toute  \nd\u00e9cision n\u00e9cessit\u00e9e par une situation d'urgence, notamment :\n\u2022 les d\u00e9cisions de suspension provisoire imm\u00e9diate des permis de conduire ;\n\u2022 les mesures d'\u00e9loignement relevant de la comp\u00e9tence du repr\u00e9sentant de l'\u00c9tat dans le \nd\u00e9partement et concernant les \u00e9trangers s\u00e9journant irr\u00e9guli\u00e8rement sur le territoire  \nfran\u00e7ais et les d\u00e9cisions de placement en r\u00e9tention administrative ou d'assignation \u00e0  \nr\u00e9sidence des \u00e9trangers objets de ces mesures, prises en application des dispositions  \ndu code de l'entr\u00e9e et du s\u00e9jour des \u00e9trangers et du droit d'asile (CESEDA) ;\n\u2022 tout courrier relatif aux proc\u00e9dures d'\u00e9loignement concernant les \u00e9trangers s\u00e9journant \nirr\u00e9guli\u00e8rement  sur  le  territoire  fran\u00e7ais,  y  compris  toute  requ\u00eate  adress\u00e9e  aux \njuridictions en mati\u00e8re de r\u00e9tention administrative, notamment au juge des libert\u00e9s et  \nde  la  d\u00e9tention  en  application  des  articles  L  552-1  \u00e0  L  552-8  du  CESEDA, en  vue \nd'obtenir la prolongation de la r\u00e9tention administrative ;\n\u2022 la d\u00e9livrance de passeports et de titres d'identit\u00e9 ;\n\u2022 les  arr\u00eat\u00e9s  pronon\u00e7ant  l'admission  sans  consentement  en  soins  psychiatriques  des \npersonnes dont les troubles mentaux n\u00e9cessitent des soins et compromettent la s\u00fbret\u00e9 \ndes  personnes  ou  portent  atteinte,  de  fa\u00e7on  grave,  \u00e0  l'ordre  public,  ainsi  que  les \noppositions  aux  demandes  d'autorisation  de  sortie  de  courte  dur\u00e9e  prises  en \napplication de l'article L 3211-11-1 du code de la sant\u00e9 publique ;\n\u2022 les gardes statiques et escortes de d\u00e9tenus ;\n\u2022 les autorisations de transport de corps en dehors du territoire m\u00e9tropolitain.\nARTICLE  7 : D\u00e9l\u00e9gation  de  signature  est  donn\u00e9e  \u00e0  M.  Philippe  SAVIGNAT,  conseiller \nd'administration de l'int\u00e9rieur et de l'outre-mer, secr\u00e9taire g\u00e9n\u00e9ral de la sous-pr\u00e9fecture de  \nl'arrondissement de Draguignan, pour :\n\u2022 les actes mentionn\u00e9s aux rubriques I et II de l'article 1er ;\n                                                                                                                                                                                                                           6/8\nPr\u00e9fecture du VAR - 83-2025-03-11-00001 - ARR\u00caT\u00c9 PR\u00c9FECTORAL n\u00b02025/07/MCI du 11 mars 2025 portant d\u00e9l\u00e9gation de signature \u00e0\nMme Myriam GARCIA, sous-pr\u00e9f\u00e8te de l'arrondissement de DRAGUIGNAN 57\nVu le d\u00e9cret du Pr\u00e9sident de la R\u00e9publique du 8 septembre 2021 portant nomination de  \n\u2022 les actes mentionn\u00e9s aux alin\u00e9as I-a), I-b), I-c), I-d) pour la demande d'\u00e9mission de  \nperception et versement des indemnit\u00e9s amiables dans le contentieux des expulsions  \nlocatives, I-e), I-g), I-h), I-i), I-j), I-k), I-m), I-o), I-p), II-b), II-c)  et \u00e0 la rubrique III de l'article \n2 ;\n\u2022 l'engagement des d\u00e9penses courantes \u00e0 hauteur de 2 300 euros toutes taxes comprises \net la signature des contrats dans le cadre la gestion du centre de responsabilit\u00e9 de la  \nsous-pr\u00e9fecture ;\n\u2022 les actes mentionn\u00e9s \u00e0 l'article 4 ;\n\u2022 les correspondances administratives ordinaires avec la pr\u00e9fecture, les chefs de service  \nr\u00e9gionaux et d\u00e9partementaux des administrations de l'\u00c9tat, les autorit\u00e9s r\u00e9gionales  \nd\u00e9partementales et municipales, les \u00e9tablissements publics et les particuliers, ainsi que \nles notes de service ;\n\u2022 les autorisations de cong\u00e9s de la sous-pr\u00e9fecture de l'arrondissement de Draguignan.\nARTICLE  8 : D\u00e9l\u00e9gation  de  signature  est  donn\u00e9e  \u00e0  Mme  Claire  CHAPELAND,  attach\u00e9e \nprincipale d'administration de l'\u00c9tat, cheffe du bureau de l'ing\u00e9nierie territoriale, pour :\n\u2022 les actes mentionn\u00e9s aux rubriques I et II de l'article 1er ;\n\u2022 les actes mentionn\u00e9s aux alin\u00e9as I-a), I-b), I-c), I-d) pour la demande d'\u00e9mission de  \nperception et versement des indemnit\u00e9s amiables dans le contentieux des expulsions  \nlocatives, I-g) I-h), I-i), I-j), I-k), I-m), I-p), II-b) et II-c) de l'article 2 ;\n\u2022 les actes mentionn\u00e9s \u00e0 l'alin\u00e9a I-a) et \u00e0 la rubrique II de l'article 4 ;\n\u2022 les correspondances administratives ordinaires avec la pr\u00e9fecture, les chefs de service  \nr\u00e9gionaux et d\u00e9partementaux des administrations de l'\u00c9tat, les autorit\u00e9s r\u00e9gionales  \nd\u00e9partementales et municipales, les \u00e9tablissements publics et les particuliers, ainsi que \nles notes de service ;\n\u2022 les autorisations de cong\u00e9s de la sous-pr\u00e9fecture de l'arrondissement de Draguignan.\nARTICLE  9  :  En  cas  d'absence  ou  d'emp\u00eachement  de  M.  Philippe  SAVIGNAT  et/ou  de \nMme  Claire  CHAPELAND,  d\u00e9l\u00e9gation  est  donn\u00e9e  \u00e0  Mme  Audr\u00e8ne  ASQUO\u00cbT,  attach\u00e9e \nd'administration  de  l'\u00c9tat,  cheffe  du  bureau  de  l'administration  et  de  la  r\u00e9glementation \ng\u00e9n\u00e9rale, pour signer :\n- les actes concernant les attributions mentionn\u00e9es aux  alin\u00e9as I-b), I-c), I-g) e n ce qui  \nconcerne les courriers simples, les arr\u00eat\u00e9s d'inaptitude, les proc\u00e9dures contradictoires  \napr\u00e8s  avis  de  la  commission  m\u00e9dicale  des  permis  de  conduire  et  les  arr\u00eat\u00e9s  de \nsuspension administrative des permis de conduire, I-h), I-i) et I-k) de l'article 3 ;\n- les cartes professionnelles mentionn\u00e9es \u00e0 l'alin\u00e9a II-c) de l'article 3 ;\n- les actes relevant des attributions mentionn\u00e9es \u00e0 la rubrique III de l'article 3 ;\n- tout document n'ayant pas de caract\u00e8re de d\u00e9cision pour les attributions mentionn\u00e9es \naux alin\u00e9as I-d), I-e), I-f) et I-m) de l'article 3 et \u00e0 l'article 4.\nARTICLE 10 : En cas d'absence ou d'emp\u00eachement de Mme Audr\u00e8ne ASQUO\u00cbT, la d\u00e9l\u00e9gation \nde signature qui lui est donn\u00e9e \u00e0 l'article 9 est exerc\u00e9e par M. Alain PASSERON, secr\u00e9taire  \nadministratif  de  classe  normale,  adjoint  au  chef  du  bureau  de  l'administration  et  de  la \nr\u00e9glementation g\u00e9n\u00e9rale, pour les actes concernant les attributions mentionn\u00e9es aux alin\u00e9as  \nI-b), I-c) en ce qui concerne  les demandes d'enqu\u00eate sociale et administrative en mati\u00e8re de  \nlogement  et  I-g)  en  ce  qui  concerne les  courriers  simples,  les  arr\u00eat\u00e9s  d'inaptitude,  les \nproc\u00e9dures contradictoires apr\u00e8s avis de la commission m\u00e9dicale des permis de conduire et  \nles arr\u00eat\u00e9s de suspension administrative des permis de conduire, I-h) et I-i de l'article 3  et les \ncartes professionnelles mentionn\u00e9es \u00e0 l'alin\u00e9a II-c) de l'article 3. \n7/8\nPr\u00e9fecture du VAR - 83-2025-03-11-00001 - ARR\u00caT\u00c9 PR\u00c9FECTORAL n\u00b02025/07/MCI du 11 mars 2025 portant d\u00e9l\u00e9gation de signature \u00e0\nMme Myriam GARCIA, sous-pr\u00e9f\u00e8te de l'arrondissement de DRAGUIGNAN 58\nVu le d\u00e9cret du Pr\u00e9sident de la R\u00e9publique du 8 septembre 2021 portant nomination de  \nARTICLE  11 : D\u00e9l\u00e9gation  de  signature  est  donn\u00e9e  \u00e0  Mme  Marie-Laure  LAMASA, \nattach\u00e9e d'administration de l'\u00c9tat, cheffe du bureau de l'immigration, en ce qui  \nconcerne les attributions mentionn\u00e9es aux alin\u00e9as g), j), k), l), r) et s) de l'article 4, et  \nen ce qui concerne les d\u00e9cisions, rapports, correspondances, documents et actes  \nrelatifs \u00e0 ces attributions et \u00e0 celles des alin\u00e9as a), b), c), d), e), m), n), o) et p) de  \nl'article 4.\nARTICLE  12 : En  cas  d'absence  ou  d'emp\u00eachement  de  Madame  Marie-Laure  LAMASA,  la \nd\u00e9l\u00e9gation de signature qui lui est donn\u00e9e \u00e0 l'article 11 est exerc\u00e9e par M. Alexandre TAHERI,  \nsecr\u00e9taire administratif de classe normale, adjoint \u00e0 la cheffe du bureau de l'immigration, en  \nce qui concerne les attributions mentionn\u00e9es aux alin\u00e9as g), j), k), l), r) et s) de l'article 4 et en \nce qui concerne les d\u00e9cisions, rapports, correspondances, documents et actes relatifs \u00e0 ces  \nattributions et \u00e0 celles des alin\u00e9as a), b), c), d), e), m), n), o) et p) de l'article 4.\nARTICLE 13     : En cas d'absence ou d'emp\u00eachement de Madame Marie-Laure LAMASA et/ou de \nM. Alexandre TAHERI, la d\u00e9l\u00e9gation de signature est donn\u00e9e \u00e0 Mme Emmanuelle PODESTA,  \nadjoint administratif principal de 2\u00e8me classe, che ffe de section du bureau de l'immigration,  \nen ce qui concerne les attributions mentionn\u00e9es aux alin\u00e9as g), j), l), r) et s) de l'article 4.\nARTICLE 14 : L'arr\u00eat\u00e9 pr\u00e9fectoral N\u00b02024/47/MCI du 7 novembre 2024  portant d\u00e9l\u00e9gation de  \nsignature  \u00e0  Mme  Myriam  GARCIA,  sous-pr\u00e9f\u00e8te  de  l'arrondissement  de  Draguignan,  est \nabrog\u00e9.\nARTICLE 15  : Le secr\u00e9taire g\u00e9n\u00e9ral de la pr\u00e9fecture et la sous-pr\u00e9f\u00e8te de l'arrondissement de  \nDraguignan sont charg\u00e9s, cha cun en ce qui le concerne, de l'ex\u00e9cution du pr\u00e9sent arr\u00eat\u00e9 qui  \nsera publi\u00e9 au recueil des actes administratifs de la pr\u00e9fecture du Var.\nFait \u00e0 Toulon, le 11 mars 2025\nLe Pr\u00e9fet du Var,\nSign\u00e9\nPhilippe MAH\u00c9\n                                                                                                                                                                                                                           8/8\nPr\u00e9fecture du VAR - 83-2025-03-11-00001 - ARR\u00caT\u00c9 PR\u00c9FECTORAL n\u00b02025/07/MCI du 11 mars 2025 portant d\u00e9l\u00e9gation de signature \u00e0\nMme Myriam GARCIA, sous-pr\u00e9f\u00e8te de l'arrondissement de DRAGUIGNAN 59","date":"2025-03-11","first_seen_on":"2025-03-11T15:33:32+00:00","id":"b929509fc38a00462c91717cfbf5e2da2b806c383160cb95c985abb5a14ed6d1","name":"RAA N\u00b074 du 11 mars 2025","pdf_creation_date":"2025-03-11T15:23:56+00:00","pdf_modification_date":null,"timezone":"CET","url":"https://www.var.gouv.fr/contenu/telechargement/39781/261028/file/RAA%20N%C2%B074%20du%2011%20mars%202025%20%28Actes%20non%20nominatifs%29.pdf"}
