{"administration":"pref69","administration_name":"Pr\u00e9fecture du Rh\u00f4ne","content":"PR\u00c9F\u00c8TE\nDU RH\u00d4NE\nRECUEIL DES ACTES\nADMINISTRATIFS SP\u00c9CIAL\nN\u00b069-2025-304\nPUBLI\u00c9 LE 19 NOVEMBRE 2025\nSommaire\n69_DDETS_Direction d\u00e9partementale de l'emploi du travail et des\nsolidarit\u00e9s /\n69-2025-11-18-00011 - D\u00e9cision portant subd\u00e9l\u00e9gation en mati\u00e8re\nd'attributions g\u00e9n\u00e9rales des services\nde la Direction\nD\u00e9partementale de l'Emploi, du Travail et des Solidarit\u00e9s (4 pages) Page 3\n69_DDT_Direction d\u00e9partementale des territoires du Rh\u00f4ne /\n69-2025-11-17-00003 - Arr\u00eat\u00e9 pr\u00e9fectoral n\u00b0 DDT - 2025-A160 du 17\nnovembre 2025\nrelatif \u00e0 l'indemnisation des d\u00e9g\u00e2ts de gibier\npour la campagne 2025\nBar\u00e8mes II - C\u00e9r\u00e9ales \u00e0 paille -\nOl\u00e9agineux - Prot\u00e9agineux (2 pages) Page 8\n69_Pr\u00e9f_Pr\u00e9fecture du Rh\u00f4ne / Direction des affaires juridiques et de\nl'administration locale\n69-2025-11-18-00010 -  Arr\u00eat\u00e9 relatif \u00e0 la fixation de la date du tirage au\nsort en vue de l'attribution des panneaux d'affichage \u00e9lectoraux\naux listes candidates aux \u00e9lections des conseillers m\u00e9tropolitains de\nLyon des 15 et 22 mars 2026 (1 page) Page 11\n69-2025-11-18-00006 - Arr\u00eat\u00e9 pr\u00e9fectoral du 18 novembre 2025 relatif\n\u00e0 la composition de la\ncommission d\u00e9partementale-m\u00e9tropolitaine\nde coop\u00e9ration intercommunale (4 pages) Page 13\n69-2025-11-18-00008 - Arr\u00eat\u00e9 relatif \u00e0 la fixation des dates et lieux de\nd\u00e9p\u00f4t des d\u00e9clarations de candidature dans le cadre du\nrenouvellement des conseillers m\u00e9tropolitains de Lyon des 15 et 22 mars\n2026 (1 page) Page 18\n69-2025-11-18-00007 - Arr\u00eat\u00e9 relatif \u00e0 la fixation des dates et lieux de\nd\u00e9p\u00f4t des d\u00e9clarations de candidature dans le cadre du\nrenouvellement des conseillers municipaux et communautaires des 15 et 22\nmars 2026 dans le d\u00e9partement du Rh\u00f4ne (1 page) Page 20\n69-2025-11-18-00009 - DAJAL-BREA - Arr\u00eat\u00e9 relatif \u00e0 la fixation de la\ndate du tirage au sort en vue de l'attribution des panneaux\nd'affichage \u00e9lectoraux aux listes candidates aux \u00e9lections\nmunicipales des 15 et 22 mars 2026 du d\u00e9partement du Rh\u00f4ne (1 page) Page 22\n2\n69_DDETS_Direction d\u00e9partementale de\nl'emploi du travail et des solidarit\u00e9s\n69-2025-11-18-00011\nD\u00e9cision portant subd\u00e9l\u00e9gation en mati\u00e8re\nd'attributions g\u00e9n\u00e9rales des services\nde la Direction D\u00e9partementale de l'Emploi, du\nTravail et des Solidarit\u00e9s\n69_DDETS_Direction d\u00e9partementale de l'emploi du travail et des solidarit\u00e9s - 69-2025-11-18-00011 - D\u00e9cision portant subd\u00e9l\u00e9gation\nen mati\u00e8re d'attributions g\u00e9n\u00e9rales des services\nde la Direction D\u00e9partementale de l'Emploi, du Travail et des Solidarit\u00e9s\n3\nesPREFETEDU RHONELibert\u00e9Egalit\u00e9Fraternit\u00e9\nDirection d\u00e9partementale\nde l'emploi, du travail et des solidarit\u00e9s\nD\u00e9cision n\u00b0 69-2025-11-\nportant subd\u00e9l\u00e9gation en mati\u00e8re d'attributions g\u00e9n\u00e9rales des services\nde la Direction D\u00e9partementale de l'Emploi, du Travail et des Solidarit\u00e9s\nLE DIRECTEUR D\u00c9PARTEMENTAL DE L'EMPLOI, DU TRAVAIL ET DES SOLIDARIT\u00c9S DU \nRH\u00d4NE\nVu  le  d\u00e9cret  n\u00b02004-374  du  29  avril  2004  modifi\u00e9  relatif  aux  pouvoirs  des  pr\u00e9fets,  \u00e0  \nl'organisation et \u00e0 l'action des services de l'\u00c9tat dans les r\u00e9gions et d\u00e9partements ;\nVu le d\u00e9cret n\u00b0 2009-1484 du 3 d\u00e9cembre 2009 modifi\u00e9 relatif aux directions d\u00e9partementales \ninterminist\u00e9rielles ;\nVu  le  d\u00e9cret  n\u00b02015-1689  du  17  d\u00e9cembre  2015  modifi\u00e9  portant  diverses  mesures  \nd'organisation et de fonctionnement dans les r\u00e9gions de l'administration territoriale de l'\u00c9tat  \net de commissions administratives ;\nVu  le  d\u00e9cret  n\u00b02020-99  du  7  f\u00e9vrier  2020  relatif  \u00e0  l'organisation  et  aux  missions  des  \nsecr\u00e9tariats g\u00e9n\u00e9raux communs d\u00e9partementaux ;\nVu le d\u00e9cret n\u00b0 2020-1545 du 9 d\u00e9cembre 2020 relatif \u00e0 l'organisation et aux missions des  \ndirections r\u00e9gionales de l'\u00e9conomie, de l'emploi et du travail et des solidarit\u00e9s, des directions  \nd\u00e9partementales de l'emploi, du travail et des solidarit\u00e9s et des directions d\u00e9partementales  \nde l'emploi, du travail, des solidarit\u00e9s et de la protection des populations ;\nVu  l'arr\u00eat\u00e9  du  Premier  Ministre  du  31  mars  2011  modifi\u00e9  portant  d\u00e9concentration  des  \nd\u00e9cisions  relatives  \u00e0  la  situation  individuelle  des  fonctionnaires  et  agents  non  titulaires  \nexer\u00e7ant leurs fonctions dans les directions d\u00e9partementales interminist\u00e9rielles ;\nVu le d\u00e9cret en conseil des ministres du 11 janvier 2023 portant nomination de Mme Fabienne \nBUCCIO en qualit\u00e9 de pr\u00e9f\u00e8te de la r\u00e9gion Auvergne-Rh\u00f4ne-Alpes, pr\u00e9f\u00e8te de la zone de  \nd\u00e9fense et de s\u00e9curit\u00e9 Sud-Est, pr\u00e9f\u00e8te du Rh\u00f4ne (hors classe) ;\nVu le d\u00e9cret du 15 mai 2025 en conseil des ministres portant nomination de M. Fabrice ROSAY \nen  qualit\u00e9  de  pr\u00e9fet,  secr\u00e9taire  g\u00e9n\u00e9ral  de  la  pr\u00e9fecture  du  Rh\u00f4ne,  pr\u00e9fet  d\u00e9l\u00e9gu\u00e9  pour \nl'\u00e9galit\u00e9 des chances aupr\u00e8s de la pr\u00e9f\u00e8te de la r\u00e9gion Auvergne-Rh\u00f4ne-Alpes, pr\u00e9f\u00e8te de la  \nzone de d\u00e9fense et de s\u00e9curit\u00e9 Sud-Est, pr\u00e9f\u00e8te du Rh\u00f4ne ;\nVu l'arr\u00eat\u00e9 de la Premi\u00e8re ministre et du ministre de l'int\u00e9rieur et des outre-mer du 4 ao\u00fbt  \n2023  portant  nomination  de  Monsieur  Laurent  WILLEMAN  en  tant  que  directeur  \nd\u00e9partemental de l'emploi, du travail et des solidarit\u00e9s du Rh\u00f4ne ;\n69_DDETS_Direction d\u00e9partementale de l'emploi du travail et des solidarit\u00e9s - 69-2025-11-18-00011 - D\u00e9cision portant subd\u00e9l\u00e9gation\nen mati\u00e8re d'attributions g\u00e9n\u00e9rales des services\nde la Direction D\u00e9partementale de l'Emploi, du Travail et des Solidarit\u00e9s\n4\nVu l'arr\u00eat\u00e9 de la Premi\u00e8re ministre et du ministre de l'int\u00e9rieur et des outre-mer du 27 octobre \n2023 portant  nomination  de  Monsieur  Jean-Fran\u00e7ois  FOUGNET,  inspecteur  de  classe  \nexceptionnelle de l'action sanitaire et sociale, en qualit\u00e9 directeur d\u00e9partemental adjoint de  \nl'emploi, du travail et des solidarit\u00e9s du Rh\u00f4ne ;\nVu l'arr\u00eat\u00e9 de la Premi\u00e8re ministre et du ministre de l'int\u00e9rieur et des outre-mer du 26 janvier \n2024 portant nomination de Monsieur Alain TESTOT, directeur du travail, en qualit\u00e9 directeur  \nd\u00e9partemental adjoint de l'emploi, du travail et des solidarit\u00e9s du Rh\u00f4ne ;\nVu l'arr\u00eat\u00e9 pr\u00e9fectoral n\u00b0 69-2021-03-29-00004 du 29 mars 2021 portant organisation de la  \ndirection d\u00e9partementale de l'emploi, du travail et des solidarit\u00e9s (DDETS) du Rh\u00f4ne ;\nVu l'arr\u00eat\u00e9 pr\u00e9fectoral n\u00b0 6 9-2025-11-10-0004 du 1 0 novembre 2025  portant d\u00e9l\u00e9gation de si -\ngnature \u00e0 Monsieur Laurent WILLEMAN, directeur d\u00e9partemental de l'emploi, du travail et des \nsolidarit\u00e9s du Rh\u00f4ne\u00a0;\nSur proposition du pr\u00e9fet secr\u00e9taire g\u00e9n\u00e9ral, pr\u00e9fet d\u00e9l\u00e9gu\u00e9 \u00e0 l'\u00e9galit\u00e9 des chances ;\nD\u00c9CIDE\nArticle  1 :  En  cas  d'absence  ou  d'emp\u00eachement  de  M.  Laurent  WILLEMAN,  directeur  \nd\u00e9partemental de l'emploi, du travail et des solidarit\u00e9s, la d\u00e9l\u00e9gation de signature qui lui est  \nconf\u00e9r\u00e9e par l'arr\u00eat\u00e9 pr\u00e9fectoral n\u00b0 69-2025-11-10-0004 du 10 novembre 2025 sera exerc\u00e9e par \nM. Jean-Fran\u00e7ois FOUGNET , directeur d\u00e9partemental adjoint ainsi que par M. Alain TESTOT,  \ndirecteur d\u00e9partemental adjoint.\nArticle 2  : En cas d'absence des personnes vis\u00e9es \u00e0 l'article 1, subd\u00e9l\u00e9gation de signature est  \ndonn\u00e9e,  pour  tous  les  actes  relevant  de  la  comp\u00e9tence  des  services  de  la  Direction  \nd\u00e9partementale de l'emploi, du travail et des solidarit\u00e9s, dans la limite de leurs attributions  \nfonctionnelles  et  \u00e0  l'exclusion  des  actes  vis\u00e9s  \u00e0  l'article  3  de  la  pr\u00e9sente  d\u00e9cision,  aux  \npersonnes suivantes :\nChefs de p\u00f4le de la direction\n\uf0b7 Madame Mathilde ARNOULT, directrice adjointe du travail, cheffe du p\u00f4le entreprises,  \nemploi et insertion professionnelle ;\n\uf0b7 Madame Julie NARDIN, directrice du travail, cheffe du p\u00f4le travail ;\n\uf0b7 Madame Alice PAGEAUX, inspectrice hors classe de l'action sanitaire et sociale, cheffe  \ndu p\u00f4le h\u00e9bergement et inclusion sociale ;\n\uf0b7 Madame  Claire  PANIER,  attach\u00e9e  principale  d'administration,  cheffe  du  p\u00f4le  \npartenariats et \u00e9galit\u00e9 des chances ;\n\uf0b7 Madame  Jos\u00e9phine  PILOD,  attach\u00e9e  principale  d'administration,  cheffe  du  p\u00f4le  \nlogement et \u00e9quit\u00e9 territoriale.\nChefs de service, chefs de cellule et responsables d'unit\u00e9s de contr\u00f4le\n\u2022 Monsieur Thierry AFFRE, directeur adjoint du travail, responsable de l'unit\u00e9 de contr\u00f4le \n1, Lyon Centre\u00a0;\u00a0\u00a0\n\u2022 Madame Charlotte BAUDOUIN, directrice adjointe du travail, responsable de l'unit\u00e9 de \ncontr\u00f4le 6, Rh\u00f4ne-Transports, Lyon-Villeurbanne\u00a0;\n\u2022 Madame  Christine  BENEDETTO,  inspectrice  du  travail,  cheffe  du  service  accueil,  \nrenseignement, travail, emploi ;\n\u2022 Madame  Caroline  BRUN,  attach\u00e9e  principale  d'administration,  cheffe du  service  \naccompagnement des mutations \u00e9conomiques ;\n2\n69_DDETS_Direction d\u00e9partementale de l'emploi du travail et des solidarit\u00e9s - 69-2025-11-18-00011 - D\u00e9cision portant subd\u00e9l\u00e9gation\nen mati\u00e8re d'attributions g\u00e9n\u00e9rales des services\nde la Direction D\u00e9partementale de l'Emploi, du Travail et des Solidarit\u00e9s\n5\n\u2022 Madame Camille DAYRAUD, inspectrice hors classe de l'action sanitaire et sociale,  \ncheffe du service droits au logement et pr\u00e9vention des expulsions ;\n\u2022 Monsieur Arthur DELACHAUX, attach\u00e9 d'administration, chef du service lutte contre le \nsans-abrisme ;\n\u2022 Monsieur Alain DUNEZ, directeur adjoint du travail, responsable de l'unit\u00e9 de contr\u00f4le  \n2, Rh\u00f4ne-Sud-Ouest ;\n\u2022 Madame  Lucie  DURIEU,  attach\u00e9e  principale  d'administration,  cheffe  du  service  \nprotection des personnes vuln\u00e9rables ;\n\u2022 Monsieur Hugo FAURE-GEORS, inspecteur hors classe de l'action sanitaire et sociale,  \nchef du service insertion sociale et parcours vers le logement\u00a0;\n\u2022 Madame M\u00e9lanie GIMENEZ, directrice adjointe du travail, cheffe du service emploi et  \ninsertion professionnelle ;\n\u2022 Madame Agathe KHERBACHE, directrice adjointe du travail, responsable de l'unit\u00e9 de  \ncontr\u00f4le 7, Lyon - Vall\u00e9e du Rh\u00f4ne ;\n\u2022 Madame Isabelle LEGRAND, attach\u00e9e principale d'administration, cheffe du service  \nacc\u00e8s au logement et mixit\u00e9 sociale ;\n\u2022 Madame Fr\u00e9d\u00e9rique LIBAUD, directrice adjointe du travail, responsable de l'unit\u00e9 de  \ncontr\u00f4le 4, Rh\u00f4ne-Centre-Est ;\n\u2022 Madame Marie-Fan\u00e9lie ROUSS E, attach\u00e9e principale  d'administration, responsable de  \nla cellule appui au pilotage de la DDETS ;\n\u2022 Madame Nathalie ROCHE, directrice adjointe du travail, cheffe du service dialogue  \nsocial et administration du travail ;\n\u2022 Madame Sophie RUAT, directrice adjointe du travail, responsable de l'unit\u00e9 de contr\u00f4le \n3, Lyon-Villeurbanne ;\n\u2022 Madame  Virginie  SANZ,  attach\u00e9e  principale  d'administration,  cheffe  du  service  \nstrat\u00e9gies partenariales ;\nAutres cadres A et B\n\u2022 Monsieur  Antoine  BOHY,  attach\u00e9  d'administration,  charg\u00e9  de  mission  mutations  \n\u00e9conomiques, s'agissant des actes pris au titre de l'activit\u00e9 partielle et de l'activit\u00e9  \npartielle de longue dur\u00e9e ;\n\u2022 Monsieur Rapha\u00ebl COULANGE, attach\u00e9 territorial, adjoint \u00e0 cheffe du service \u00c9galit\u00e9  \ndes chances ;\n\u2022 Madame Astride GAZAMBERT, i nspectrice de l'action sanitaire et sociale, adjointe au  \nchef du service insertion sociale et parcours vers le logement\n\u2022 Madame Maud GRARE, attach\u00e9e d'administration, adjointe \u00e0 la cheffe du service acc\u00e8s \nau logement et mixit\u00e9 sociale\u00a0;\n\u2022 Monsieur  Dominique  HANOT,  professeur  de  sport,  charg\u00e9  de  mission  politiques  \n\u00e9ducatives ;\n\u2022 Monsieur Maxime PUTIGNY, attach\u00e9 principal d'administration, c harg\u00e9 de mission ICE  \net veille sociale ;\n\u2022 Madame Nad\u00e8ge RODIER, attach\u00e9e d'administration, coordinatrice activit\u00e9 partielle , \ns'agissant des actes pris au titre de l'activit\u00e9 partielle et de l'activit\u00e9 partielle de longue  \ndur\u00e9e ;\n\u2022 Madame Cl\u00e9mentine SERRA, attach\u00e9e d'administration, cheffe du service \u00c9galit\u00e9 des  \nchances ;\n\u2022 Madame  Fatmata  SILLAH-CISSE,  attach\u00e9e  d'administration,  Charg\u00e9e  de  mission  \nperformance sociale, restructuration de l'offre ;\n\u2022 Monsieur Fr\u00e9d\u00e9ric VERT, agent contractuel, adjoint \u00e0 la responsable de la cellule appui  \nau pilotage.\n3\n69_DDETS_Direction d\u00e9partementale de l'emploi du travail et des solidarit\u00e9s - 69-2025-11-18-00011 - D\u00e9cision portant subd\u00e9l\u00e9gation\nen mati\u00e8re d'attributions g\u00e9n\u00e9rales des services\nde la Direction D\u00e9partementale de l'Emploi, du Travail et des Solidarit\u00e9s\n6\nArticle 3 : Sont exclus de la pr\u00e9sente d\u00e9l\u00e9gation :\n\uf0b7 les actes \u00e0 port\u00e9e r\u00e9glementaire,\n\uf0b7 les actes d\u00e9favorables faisant grief \u00e0 des tiers lorsqu'ils rel\u00e8vent d'une appr\u00e9ciation  \ndiscr\u00e9tionnaire,  notamment  les  sanctions  administratives,  suspensions,  annulations, \nretraits d'agr\u00e9ments ou d'autorisation ainsi que les d\u00e9cisions de refus, sauf s'ils rel\u00e8vent \nde la mise en \u0153uvre des d\u00e9cisions prises par la commission de m\u00e9diation du Rh\u00f4ne,  \ndes  dispositifs  d'activit\u00e9  partielle  et  des  d\u00e9cision  d'opposition  \u00e0  l'engagement  \nd'apprentis.\n\uf0b7 les  arr\u00eat\u00e9s  portant  nomination  de  membres  de  commissions  et  comit\u00e9s  \nd\u00e9partementaux,\n\uf0b7 les arr\u00eat\u00e9s d'ouverture d'enqu\u00eate publique et de tous arr\u00eat\u00e9s subs\u00e9quents,\n\uf0b7 les conventions de tous ordres avec des collectivit\u00e9s territoriales ou des \u00e9tablissements \npublics engageant financi\u00e8rement l'\u00c9tat,\n\uf0b7 les instructions ou circulaires adress\u00e9es aux collectivit\u00e9s territoriales,\n\uf0b7 les r\u00e9ponses aux recours gracieux dans le cadre du contr\u00f4le de l\u00e9galit\u00e9.\nArticle 4  : La pr\u00e9sente d\u00e9cision peut faire l'objet d'un recours contentieux devant le tribunal  \nadministratif de Lyon dans un d\u00e9lai de deux mois \u00e0 compter de sa publication. Le tribunal  \nadministratif peut \u00eatre saisi d'une requ\u00eate d\u00e9pos\u00e9e sur le site www.telerecours.fr.\nArticle  5 : La  pr\u00e9sente  d\u00e9cision  sera  publi\u00e9e  au  Recueil  des  Actes  Administratifs  \nD\u00e9partemental de la Pr\u00e9fecture du Rh\u00f4ne.\nVilleurbanne, le 18 novembre 2025\nLe directeur d\u00e9partemental\nSIGNE\nLaurent WILLEMAN\n4\n69_DDETS_Direction d\u00e9partementale de l'emploi du travail et des solidarit\u00e9s - 69-2025-11-18-00011 - D\u00e9cision portant subd\u00e9l\u00e9gation\nen mati\u00e8re d'attributions g\u00e9n\u00e9rales des services\nde la Direction D\u00e9partementale de l'Emploi, du Travail et des Solidarit\u00e9s\n7\n69_DDT_Direction d\u00e9partementale des\nterritoires du Rh\u00f4ne\n69-2025-11-17-00003\nArr\u00eat\u00e9 pr\u00e9fectoral n\u00b0 DDT - 2025-A160 du 17\nnovembre 2025\nrelatif \u00e0 l'indemnisation des d\u00e9g\u00e2ts de gibier\npour la campagne 2025\nBar\u00e8mes II - C\u00e9r\u00e9ales \u00e0 paille - Ol\u00e9agineux -\nProt\u00e9agineux\n69_DDT_Direction d\u00e9partementale des territoires du Rh\u00f4ne - 69-2025-11-17-00003 - Arr\u00eat\u00e9 pr\u00e9fectoral n\u00b0 DDT - 2025-A160 du 17\nnovembre 2025\nrelatif \u00e0 l'indemnisation des d\u00e9g\u00e2ts de gibier pour la campagne 2025\nBar\u00e8mes II - C\u00e9r\u00e9ales \u00e0 paille - Ol\u00e9agineux - Prot\u00e9agineux\n8\neaPREFETEDU RHONELibert\u00e9Egalit\u00e9Fraternit\u00e9\nDirection d\u00e9partementale\ndes territoires\nArr\u00eat\u00e9 pr\u00e9fectoral n\u00b0\u00a0DDT\u00a0-\u00a02025-A160 du 17 novembre 2025\nrelatif \u00e0 l'indemnisation des d\u00e9g\u00e2ts de gibier pour la campagne 2025 \nBar\u00e8mes II \u2013 C\u00e9r\u00e9ales \u00e0 paille \u2013 Ol\u00e9agineux - Prot\u00e9agineux\nLa Pr\u00e9f\u00e8te de la R\u00e9gion Auvergne-Rh\u00f4ne-Alpes,\nPr\u00e9f\u00e8te de la Zone de d\u00e9fense et de s\u00e9curit\u00e9 sud-est,\nPr\u00e9f\u00e8te du Rh\u00f4ne,\nCommandeur de la L\u00e9gion d'Honneur,\nCommandeur de l'Ordre National du M\u00e9rite,\nVU le Code de l'environnement, notamment les articles L. 426-1 \u00e0 L. 426-6 et R. 426-6 \u00e0 R. 426-9,\nVU l'arr\u00eat\u00e9 pr\u00e9fectoral n\u00b0 69-2025-09-08-00008 du 8 septembre 2025 portant d\u00e9l\u00e9gation de signature \u00e0 \nMonsieur Xavier CEREZA, directeur d\u00e9partemental des territoires du Rh\u00f4ne,\nVU la d\u00e9cision n\u00b0 69-2025-09-11-00001 du 11 septembre 2025 portant subd\u00e9l\u00e9gation de signature en\nmati\u00e8re d'attributions g\u00e9n\u00e9rales,\nVU la d\u00e9cision de la Commission nationale d'indemnisation des d\u00e9g\u00e2ts de gibier du 16 octobre 2025,\nVU l'avis \u00e9mis par la Commission d\u00e9partementale de la chasse et de la faune sauvage du Rh\u00f4ne dans sa  \nformation sp\u00e9cialis\u00e9e en mati\u00e8re d'indemnisation des d\u00e9g\u00e2ts de gibier, r\u00e9unie le 28 octobre 2025,\nSur proposition du directeur d\u00e9partemental des territoires,\nARR\u00caTE\nArticle  \u00a0  1  \u00a0: Fixation  des  bar\u00e8mes  \u00ab \u00a0c\u00e9r\u00e9ales,  ol\u00e9agineux  et  prot\u00e9agineux \u00a0\u00bb  pour  la  campagne \nd'indemnisation 2025 en fonction des prix fix\u00e9s par la commission nationale du 16 octobre 2025\u00a0:\nBar\u00e8me c\u00e9r\u00e9ales, ol\u00e9agineux et prot\u00e9agineux\nCulture D\u00e9cision BIO +\u00a030%\nBl\u00e9 dur 24,60 \u20ac\nBl\u00e9 tendre panifiable 16,90 \u20ac 21,97 \u20ac\nOrge de mouture 16,00 \u20ac\nOrge brassicole de printemps 18,00 \u20ac\nOrge brassicole d'hiver 16,20 \u20ac 21,06 \u20ac\nAvoine noire 16,80 \u20ac\nSeigle 18,42 \u20ac 23,94 \u20ac\nTriticale 14,80 \u20ac 19,24 \u20ac\nColza 43,80 \u20ac\nPois 24,30 \u20ac 31,59 \u20ac\nF\u00e9veroles 22,50 \u20ac\nM\u00e9teil (60\u00a0% prix du Bl\u00e9 tendre \npanifiable + 40\u00a0% du prix du pois) 19,86 \u20ac 25,82 \u20ac\nLuzerne 11,88 \u20ac 15,44 \u20ac\n69_DDT_Direction d\u00e9partementale des territoires du Rh\u00f4ne - 69-2025-11-17-00003 - Arr\u00eat\u00e9 pr\u00e9fectoral n\u00b0 DDT - 2025-A160 du 17\nnovembre 2025\nrelatif \u00e0 l'indemnisation des d\u00e9g\u00e2ts de gibier pour la campagne 2025\nBar\u00e8mes II - C\u00e9r\u00e9ales \u00e0 paille - Ol\u00e9agineux - Prot\u00e9agineux\n9\nArticle  \u00a0  2  \u00a0: La pr\u00e9sente d\u00e9cision est notifi\u00e9e \u00e0 Messieurs \u00a0: le directeur d\u00e9partemental des territoires, le  \nchef du service d\u00e9partemental de l'Office fran\u00e7ais de la biodiversit\u00e9 du Rh\u00f4ne, le pr\u00e9sident de la  \nChambre d\u00e9partementale d'agriculture, le pr\u00e9sident de la F\u00e9d\u00e9ration d\u00e9partementale des chasseurs du \nRh\u00f4ne et de la M\u00e9tropole de Lyon.\nChacun en ce qui le concerne est charg\u00e9 de l'ex\u00e9cution du pr\u00e9sent arr\u00eat\u00e9, qui sera publi\u00e9 au recueil des \nactes administratifs du Rh\u00f4ne et publi\u00e9 dans la presse agricole.\nPour le directeur d\u00e9partemental,\nLe Chef de service,\nLaurent GARIPUY\nSign\u00e9\nD\u00e9lais et voies de recours  \u00a0  :  \nConform\u00e9ment \u00e0 l'article R.421-1 du Code de justice administrative, la pr\u00e9sente d\u00e9cision peut faire l'objet  \nd'un recours contentieux, dans le d\u00e9lai de deux mois \u00e0 compter de sa notification, devant le tribunal  \nadministratif  de  Lyon  (184,  rue  Duguesclin  \u2013  69 \u00a0433  Lyon  Cedex  03,  ou  sur  l'application  \nwww.telerecours.fr). Elle peut \u00e9galement faire l'objet d'un recours gracieux aupr\u00e8s de Madame la Pr\u00e9f\u00e8te  \ndu Rh\u00f4ne. Cette d\u00e9marche interrompt le d\u00e9lai de recours contentieux, ce dernier devant \u00eatre introduit  \ndans le d\u00e9lai de deux mois suivant une d\u00e9cision implicite ou explicite de l'autorit\u00e9 comp\u00e9tente (le silence  \nde l'administration pendant un d\u00e9lai de deux mois valant d\u00e9cision implicite de rejet).\n69_DDT_Direction d\u00e9partementale des territoires du Rh\u00f4ne - 69-2025-11-17-00003 - Arr\u00eat\u00e9 pr\u00e9fectoral n\u00b0 DDT - 2025-A160 du 17\nnovembre 2025\nrelatif \u00e0 l'indemnisation des d\u00e9g\u00e2ts de gibier pour la campagne 2025\nBar\u00e8mes II - C\u00e9r\u00e9ales \u00e0 paille - Ol\u00e9agineux - Prot\u00e9agineux\n10\n69_Pr\u00e9f_Pr\u00e9fecture du Rh\u00f4ne\n69-2025-11-18-00010\n Arr\u00eat\u00e9 relatif \u00e0 la fixation de la date du tirage au\nsort en vue de l'attribution des panneaux\nd'affichage \u00e9lectoraux aux listes candidates aux\n\u00e9lections des conseillers m\u00e9tropolitains de Lyon\ndes 15 et 22 mars 2026\n69_Pr\u00e9f_Pr\u00e9fecture du Rh\u00f4ne - 69-2025-11-18-00010 -  Arr\u00eat\u00e9 relatif \u00e0 la fixation de la date du tirage au sort en vue de l'attribution des\npanneaux d'affichage \u00e9lectoraux aux listes candidates aux \u00e9lections des conseillers m\u00e9tropolitains de Lyon des 15 et 22 mars 2026 11\nPREFETEDU RHONELibert\u00e9Egalit\u00e9Fraternit\u00e9\nDirection des Affaires Juridiqueset de l'Administration LocaleBureau des r\u00e9glementations,des \u00e9lections et des associationsArr\u00eat\u00e9 pr\u00e9fectoral n\u00b0 69-2025-relatif \u00e0 la fixation de la date du tirage au sort en vue de l'attribution des panneaux d'affichage\u00e9lectoraux aux listes candidates aux \u00e9lections des conseillers m\u00e9tropolitains de Lyon des 15 et 22 mars2026La Pr\u00e9f\u00e8te de la r\u00e9gion Auvergne-Rh\u00f4ne-AlpesPr\u00e9f\u00e8te du Rh\u00f4neCommandeur de la L\u00e9gion d'honneurCommandeur de l'ordre national du M\u00e9riteVU le code \u00e9lectoral et notamment l'article R.28 ;VU le d\u00e9cret n\u00b02025-848 du 27 ao\u00fbt 2025 fixant la date du renouvellement des conseillers municipaux etcommunautaires, des conseillers m\u00e9tropolitains de Lyon, des conseillers de Paris et des conseillersd'arrondissement de Paris, Lyon et Marseille et portant convocation des \u00e9lecteurs ;Sur proposition du Pr\u00e9fet, Secr\u00e9taire g\u00e9n\u00e9ral, Pr\u00e9fet d\u00e9l\u00e9gu\u00e9 pour l'\u00e9galit\u00e9 des chances ;ARRETE :Article 1er: La date du tirage au sort en vue de l'attribution des panneaux d'affichage \u00e9lectoraux auxlistes candidates aux \u00e9lections m\u00e9tropolitaines des 15 et 22 mars 2026 est fix\u00e9e au :jeudi 19 f\u00e9vrier 2026 \u00e0 16h00dans les grands salons de la Pr\u00e9fecture18 rue de Bonnel69003 LYONArticle 2 : Le pr\u00e9sent arr\u00eat\u00e9 peut faire l'objet d'un recours devant le Tribunal administratif de Lyon \u2014 184rue Duguesclin \u2014 69433 Lyon cedex 03 ou sur le site www.telerecours.fr, dans un d\u00e9lai de deux mois acompter de sa publication au recueil des actes administratifs de la pr\u00e9fecture du Rh\u00e9ne.Article 3 : Le Pr\u00e9fet, Secr\u00e9taire g\u00e9n\u00e9ral, Pr\u00e9fet d\u00e9l\u00e9gu\u00e9 pour l'\u00e9galit\u00e9 des chances est charg\u00e9 del'ex\u00e9cution du pr\u00e9sent arr\u00eat\u00e9 qui sera publi\u00e9 au recueil des actes administratifs.Lyon, le 18 novembre 2025Pour la Pr\u00e9f\u00e8te,Le Pr\u00e9fet, Secr\u00e9taire g\u00e9n\u00e9ral, Pr\u00e9fet d\u00e9l\u00e9gu\u00e9pour l'\u00e9galit\u00e9 des chances,Sign\u00e9 : Fabrice ROSAY\nPr\u00e9fecture du Rh\u00f4ne18 Rue de Bonnel69 419 LYON CEDEX 03T\u00e9l : 04 72 61 6161www.rhone.gouv.fr 1/1\n69_Pr\u00e9f_Pr\u00e9fecture du Rh\u00f4ne - 69-2025-11-18-00010 -  Arr\u00eat\u00e9 relatif \u00e0 la fixation de la date du tirage au sort en vue de l'attribution des\npanneaux d'affichage \u00e9lectoraux aux listes candidates aux \u00e9lections des conseillers m\u00e9tropolitains de Lyon des 15 et 22 mars 2026 12\n69_Pr\u00e9f_Pr\u00e9fecture du Rh\u00f4ne\n69-2025-11-18-00006\nArr\u00eat\u00e9 pr\u00e9fectoral du 18 novembre 2025 relatif \u00e0\nla composition de la\ncommission d\u00e9partementale-m\u00e9tropolitaine de\ncoop\u00e9ration intercommunale\n69_Pr\u00e9f_Pr\u00e9fecture du Rh\u00f4ne - 69-2025-11-18-00006 - Arr\u00eat\u00e9 pr\u00e9fectoral du 18 novembre 2025 relatif \u00e0 la composition de la\ncommission d\u00e9partementale-m\u00e9tropolitaine de coop\u00e9ration intercommunale 13\nesPREFETEDU RHONELibert\u00e9Egalit\u00e9Fraternit\u00e9\nDirection des Affaires Juridiques\net de l'Administration Locale\nBureau du Contr\u00f4le de L\u00e9galit\u00e9\net de l'Intercommunalit\u00e9\nArr\u00eat\u00e9 pr\u00e9fectoral n\u00b0 69-2025                               du  18 novembre 2025 relatif \u00e0 la composition de la \ncommission d\u00e9partementale-m\u00e9tropolitaine de coop\u00e9ration intercommunale\nLa Pr\u00e9f\u00e8te de la R\u00e9gion Auvergne-Rh\u00f4ne-Alpes,\nPr\u00e9f\u00e8te de la Zone de d\u00e9fense et de s\u00e9curit\u00e9 sud-est,\nPr\u00e9f\u00e8te du Rh\u00f4ne,\nCommandeur de la L\u00e9gion d'honneur,\nCommandeur de l'ordre national du M\u00e9rite,\nVU  la loi n\u00b02018-699 du 3 ao\u00fbt 2018 visant \u00e0 garantir la pr\u00e9sence de parlementaires dans certains  \norganismes ext\u00e9rieurs au parlement et \u00e0 simplifier les modalit\u00e9s de leur d\u00e9signation ;\nVU le Code G\u00e9n\u00e9ral des Collectivit\u00e9s Territoriales et notamment l'article L 5211-43 ;\nVU l'arr\u00eat\u00e9 n\u00b0 69-2020-09-02-003 du 2 septembre 2020 fixant le nombre et la r\u00e9partition des si\u00e8ges de  \nla commission d\u00e9partementale-m\u00e9tropolitaine de coop\u00e9ration intercommunale (CDMCI) du Rh\u00f4ne et  \nle nombre de parlementaires associ\u00e9s aux travaux de cette commission ;\nVU l'arr\u00eat\u00e9  n\u00b0  69-2020-11-20-002  du  20  novembre  2020  relatif  aux  listes  de  candidats  en  vue  du \nrenouvellement  des  membres  de  la  commission  d\u00e9partementale-m\u00e9tropolitaine  de  coop\u00e9ration \nintercommunale du Rh\u00f4ne ;\nVU l'arr\u00eat\u00e9 n\u00b0 69-2021-11-22-00002 du 22 novembre 2021 relatif \u00e0 la composition de la commission  \nd\u00e9partementale-m\u00e9tropolitaine de coop\u00e9ration intercommunale du Rh\u00f4ne ;\nVU l'arr\u00eat\u00e9 n\u00b0 69-2024-12-02-00002 du 2 d\u00e9cembre 2024 relatif \u00e0 la composition de la commission  \nd\u00e9partementale-m\u00e9tropolitaine de coop\u00e9ration intercommunale du Rh\u00f4ne ;\nVU l'arr\u00eat\u00e9  n\u00b0  69-2025-02-27-00002  du  27  f\u00e9vrier  2025 relatif  \u00e0  la  composition  de  la  commission \nd\u00e9partementale-m\u00e9tropolitaine de coop\u00e9ration intercommunale du Rh\u00f4ne ;\nCONSID\u00c9RANT la d\u00e9mission de  Monsieur Fran\u00e7ois-No\u00ebl BUFFET de ses fonctions de ministre aupr\u00e8s du \nministre d'\u00c9tat, ministre de l'Int\u00e9rieur  et la reprise de l'exercice de son mandat de s\u00e9nateur ;\nCONSID\u00c9RANT la  nomination,  le  6  novembre  2025,  par  le  Pr\u00e9sident  du  S\u00e9nat  d'un  deuxi\u00e8me \nrepr\u00e9sentant  du  S\u00e9nat  \u00e0  la  commission  d\u00e9partementale-m\u00e9tropolitaine  de  coop\u00e9ration  \nintercommunale du Rh\u00f4ne. \nSur proposition de Monsieur  le Pr\u00e9fet, Secr\u00e9taire G\u00e9n\u00e9ral, Pr\u00e9fet D\u00e9l\u00e9gu\u00e9 pour l'\u00c9galit\u00e9 des Chances\nPr\u00e9fecture du Rh\u00f4ne\n18 Rue de Bonnel\n69419 LYON CEDEX 03\nT\u00e9l : 04 72 61 61 61\nwww.rhone.gouv.fr 1/4\n69_Pr\u00e9f_Pr\u00e9fecture du Rh\u00f4ne - 69-2025-11-18-00006 - Arr\u00eat\u00e9 pr\u00e9fectoral du 18 novembre 2025 relatif \u00e0 la composition de la\ncommission d\u00e9partementale-m\u00e9tropolitaine de coop\u00e9ration intercommunale 14\nARR\u00caTE\nArticle     1   :  La  commission  d\u00e9partementale-m\u00e9tropolitaine  de  coop\u00e9ration  intercommunale  du \nd\u00e9partement du Rh\u00f4ne, plac\u00e9e sous la pr\u00e9sidence de la Pr\u00e9f\u00e8te de la r\u00e9gion Auvergne-Rh\u00f4ne-Alpes,  \nPr\u00e9f\u00e8te du Rh\u00f4ne est constitu\u00e9e ainsi qu'il suit :\nRepr\u00e9sentants des communes     :  \nCOLL\u00c8GE DES COMMUNES AYANT UNE POPULATION INF\u00c9RIEURE \u00c0 LA MOYENNE COMMUNALE DU  \nD\u00c9PARTEMENT\n\u2022 M. Christian VIVIER-MERLE, Maire de Theiz\u00e9\n\u2022 Mme Claudine PERROT-BERTON, Maire de Saint-Cyr-sur-le-Rh\u00f4ne\n\u2022 Mme Nathalie PETROZZI-BEDANIAN, Maire de Saint-Julien\n\u2022 M. Damien MONNIER, Maire de Sathonnay-Camp\nRepr\u00e9sentants des communes situ\u00e9es en zone de montagne :\n\u25e6 M. R\u00e9gis CHAMBE, Maire de Saint-Martin-en-Haut\n\u25e6 Mme Sylvie MARTINEZ, Maire de Saint-Cl\u00e9ment-sous-Valsonne\n\u25e6 M. Max VINCENT, Maire de Limonest\n\u25e6 M. Luc CHAVASSIEUX, Maire de Chaussan\n\u25e6 M. Jer\u00f4me BANINO, Maire de Saint-Symphorien-sur-Coise\n\u25e6 M. Philippe BONNIER, Maire de Coise\nCOLLEGE DES 5 COMMUNES LES PLUS PEUPL\u00c9ES DU DEPARTEMENT\n\u2022 Mme Nathalie PERRIN-GILBERT, conseill\u00e8re municipale de Lyon\n\u2022 M. Sylvain GODINOT, adjoint au maire de Lyon\n\u2022 M. Bertrand MAES, adjoint au maire de Lyon\n\u2022 Mme Yolande PEYTAVIN, conseill\u00e8re municipale de V\u00e9nissieux\n\u2022 M. Gilles GASCON, Maire de Saint-Priest\n\u2022 Mme Agn\u00e8s THOUVENOT, adjointe au maire de Villeurbanne\n\u2022 M. Ga\u00ebtan CONSTANT, adjoint au maire de Villeurbanne\n\u2022 Mme Marie-No\u00eblle FRERY, conseill\u00e8re municipale de Lyon\n\u2022 M. St\u00e9phane GOMEZ, adjoint au maire de Vaulx-en-Velin\n\u2022 Mme Muriel BETEND, conseill\u00e8re municipale de Villeurbanne\nCOLLEGE DES COMMUNES AYANT UNE POPULATION SUP\u00c9RIEURE \u00c0 LA MOYENNE COMMUNALE DU  \nD\u00c9PARTEMENT\n\u2022 M. Pascal RONZIERE, adjoint au maire de Villefranche-sur-Sa\u00f4ne\n\u2022 M. Fr\u00e9d\u00e9ric  PRONCHERY, maire de Belleville-en-Beaujolais\n\u2022 M. Bruno PEYLACHON, Maire de Tarare \n\u2022 M. Daniel VALERO, Maire de Genas\n\u2022 M. J\u00e9r\u00e9mie BREAUD, Maire de Bron\nRepr\u00e9sentants des EPCI \u00e0 fiscalit\u00e9 propre     :  \n\u2022 Mme  Fran\u00e7oise  GAUQUELIN,  Pr\u00e9sidente  de  la  Communaut\u00e9  de  Communes  de  la  vall\u00e9e  du \nGaron\n\u2022 M. Daniel MALOSSE, Pr\u00e9sident de la Communaut\u00e9 de Communes des Vallons du Lyonnais\n\u2022 Mme  Marie-Agn\u00e8s  BERGER  Conseill\u00e8re  de  la  Communaut\u00e9  de  Communes  des  Vallons  du \nLyonnais\n\u2022 M. Pierre BALLESIO, Pr\u00e9sident de la Communaut\u00e9 de Communes du Pays de l'Ozon\n\u2022 M. Damien COMBET, Vice-Pr\u00e9sident de la Communaut\u00e9 de Communes de la vall\u00e9e du Garon\n2/4\n69_Pr\u00e9f_Pr\u00e9fecture du Rh\u00f4ne - 69-2025-11-18-00006 - Arr\u00eat\u00e9 pr\u00e9fectoral du 18 novembre 2025 relatif \u00e0 la composition de la\ncommission d\u00e9partementale-m\u00e9tropolitaine de coop\u00e9ration intercommunale 15\nRepr\u00e9sentants des EPCI \u00e0 fiscalit\u00e9 propre situ\u00e9s en tout ou partie en zone de montagne :\n\u25e6 M. Daniel POMERET, Pr\u00e9sident de la Communaut\u00e9 de Communes Beaujolais Pierres Dor\u00e9es\n\u25e6 M.Pierre-Jean  ZANETTACCI,  Pr\u00e9sident  de  la  Communaut\u00e9  de  communes  du  Pays  de \nl'Arbresle\n\u25e6 M. Sylvain SOTTON, Vice-Pr\u00e9sident de la Communaut\u00e9 de Communes Sa\u00f4ne Beaujolais\n\u25e6 M.  Jean-Charles  PERRIN,  conseiller  de  la  Communaut\u00e9  d'Agglom\u00e9ration  Villefranche, \nBeaujolais, Sa\u00f4ne\n\u25e6 M.  Pierre  VARLIETTE,  Vice-Pr\u00e9sident  de  la  Communaut\u00e9  de  Communes  des  Monts  du \nLyonnais\n\u25e6 M. Alain MORIN, Conseiller de la Communaut\u00e9 de Communes Sa\u00f4ne Beaujolais\n\u25e6 M.  Patrick  BOURRASSAUT,  Conseiller  de  la  Communaut\u00e9  d'Agglom\u00e9ration  de  l'Ouest \nRhodanien\n\u25e6 M.  Gilles  DUTHEL,  Vice-Pr\u00e9sident  de  la  Communaut\u00e9  d'Agglom\u00e9ration  Villefranche, \nBeaujolais, Sa\u00f4ne\n\u25e6 M. Arnaud SAVOIE, Vice-Pr\u00e9sident de la Communaut\u00e9 de Communes du Pays Mornantais\n\u25e6 M. G\u00e9rard CHARDON, Vice-Pr\u00e9sident de la Communaut\u00e9 de Communes Beaujolais Pierres  \nDor\u00e9es\nRepr\u00e9sentants des syndicats intercommunaux et syndicats mixtes     :   \n\u2022 M. Jean-Paul CHEMARIN, Pr\u00e9sident du SYTRAIVAL\n\u2022 M. Eric PEREZ, Pr\u00e9sident du SIGERLY\nRepr\u00e9sentant  des  syndicats  intercommunaux  et  Mixtes  situ\u00e9s  en  tout  ou  partie  en  zone  de \nmontagne :\n\u25e6 M. Jacky MENICHON, Pr\u00e9sident du syndicat mixte des rivi\u00e8res du Beaujolais\nRepr\u00e9sentants de la M\u00e9tropole de Lyon\n\u2022 Mme H\u00e9l\u00e8ne DUVIVIER DROMAIN, 22  Vice-Pr\u00e9sidente de la M\u00e9tropole de Lyon\u1d49\n\u2022 M. Pierre-Alain MILLET, conseiller m\u00e9tropolitain, adjoint \u00e0 la maire de V\u00e9nissieux\n\u2022 M. Pascal BLACHE, conseiller m\u00e9tropolitain, maire du 6  arrondissement de Lyon\u1d49\nRepr\u00e9sentants du Conseil d\u00e9partemental\n\u2022 M. Christophe GUILLOTEAU, pr\u00e9sident du conseil d\u00e9partemental,\n\u2022 Mme Sylvie EPINAT, vice-pr\u00e9sidente du conseil d\u00e9partemental\n\u2022 Mme Claude GOY conseill\u00e8re d\u00e9partementale\n\u2022 M. Michel THIEN, conseiller d\u00e9partemental\n\u2022 Mme Colette DARPHIN vice-pr\u00e9sidente du conseil d\u00e9partemental\nRepr\u00e9sentants du Conseil R\u00e9gional     :  \n\u2022 M. Xavier ODO, conseiller r\u00e9gional\n\u2022 Mme Karine LUCAS, conseill\u00e8re r\u00e9gionale\n\u2022 M. J\u00e9r\u00e9my THIEN, conseiller r\u00e9gional\n\u2022\nRepr\u00e9sentants du Parlement      (sans voix d\u00e9lib\u00e9rative) :  \n\u2022 Mme Raymonde PONCET MONGE, s\u00e9natrice du Rh\u00f4ne\n\u2022 Monsieur Fran\u00e7ois-No\u00ebl BUFFET , s\u00e9nateur du Rh\u00f4ne\n\u2022 Madame Sandrine RUNEL, d\u00e9put\u00e9e du Rh\u00f4ne\n\u2022 Monsieur Gabriel AMARD, d\u00e9put\u00e9 du Rh\u00f4ne\n3/4\n69_Pr\u00e9f_Pr\u00e9fecture du Rh\u00f4ne - 69-2025-11-18-00006 - Arr\u00eat\u00e9 pr\u00e9fectoral du 18 novembre 2025 relatif \u00e0 la composition de la\ncommission d\u00e9partementale-m\u00e9tropolitaine de coop\u00e9ration intercommunale 16\nArticle     2     : Le Pr\u00e9fet, Secr\u00e9taire G\u00e9n\u00e9ral de la Pr\u00e9fecture du Rh\u00f4ne, Pr\u00e9fet D\u00e9l\u00e9gu\u00e9 pour l'\u00c9galit\u00e9 des  \nChances est charg\u00e9 de l'ex\u00e9cution du pr\u00e9sent arr\u00eat\u00e9 qui sera ins\u00e9r\u00e9 au recueil des actes administratifs  \nde la pr\u00e9fecture du Rh\u00f4ne.\nFait, le 18 novembre 2025\nPour la Pr\u00e9f\u00e8te de la R\u00e9gion Auvergne-Rh\u00f4ne-\nAlpes,\nPr\u00e9f\u00e8te du Rh\u00f4ne\nLe Pr\u00e9fet, Secr\u00e9taire g\u00e9n\u00e9ral,\nPr\u00e9fet d\u00e9l\u00e9gu\u00e9 pour l'\u00e9galit\u00e9 des chances\nFabrice ROSAY\nD\u00e9lais et voies de recours :\nConform\u00e9ment \u00e0 l'article R.421-1 du code de justice administrative, la pr\u00e9sente d\u00e9cision peut faire l'objet  \nd'un recours contentieux, dans le d\u00e9lai de deux mois \u00e0 compter de sa notification, devant le tribunal  \nadministratif  de  Lyon  (184,  rue  Duguesclin  \u2013  69 \u00a0433  Lyon  Cedex  03,  ou  sur  l'application  \nwww.telerecours.fr). Elle peut \u00e9galement faire l'objet d'un recours gracieux aupr\u00e8s de Madame la Pr\u00e9f\u00e8te  \ndu Rh\u00f4ne. Cette d\u00e9marche interrompt le d\u00e9lai de recours contentieux, ce dernier devant \u00eatre introduit  \ndans le d\u00e9lai de deux mois suivant une d\u00e9cision implicite ou explicite de l'autorit\u00e9 comp\u00e9tente (le silence  \nde l'administration pendant un d\u00e9lai de deux mois valant d\u00e9cision implicite de rejet).\n4/4\n69_Pr\u00e9f_Pr\u00e9fecture du Rh\u00f4ne - 69-2025-11-18-00006 - Arr\u00eat\u00e9 pr\u00e9fectoral du 18 novembre 2025 relatif \u00e0 la composition de la\ncommission d\u00e9partementale-m\u00e9tropolitaine de coop\u00e9ration intercommunale 17\n69_Pr\u00e9f_Pr\u00e9fecture du Rh\u00f4ne\n69-2025-11-18-00008\nArr\u00eat\u00e9 relatif \u00e0 la fixation des dates et lieux de\nd\u00e9p\u00f4t des d\u00e9clarations de candidature dans le\ncadre du renouvellement des conseillers\nm\u00e9tropolitains de Lyon des 15 et 22 mars 2026\n69_Pr\u00e9f_Pr\u00e9fecture du Rh\u00f4ne - 69-2025-11-18-00008 - Arr\u00eat\u00e9 relatif \u00e0 la fixation des dates et lieux de d\u00e9p\u00f4t des d\u00e9clarations de\ncandidature dans le cadre du renouvellement des conseillers m\u00e9tropolitains de Lyon des 15 et 22 mars 2026 18\nEsPREFETEDU RHONELibert\u00e9Egalit\u00e9Fraternit\u00e9\nDirection des Affaires Juridiqueset de l'Administration LocaleBureau des r\u00e9glementations,des \u00e9lections et des associationsArr\u00eat\u00e9 pr\u00e9fectoral n\u00b0 69-2025-relatif \u00e0 la fixation des dates et lieux de d\u00e9p\u00f4t des d\u00e9clarations de candidature dans le cadre durenouvellement des conseillers m\u00e9tropolitains de Lyon des 15 et 22 mars 2026La Pr\u00e9f\u00e8te de la r\u00e9gion Auvergne-Rh\u00f4ne-AlpesPr\u00e9f\u00e8te du Rh\u00f4neCommandeur de la L\u00e9gion d'honneurCommandeur de l'ordre national du M\u00e9riteVU le code \u00e9lectoral, et notamment les articles L.224-13 \u00e0 L.224-17 et R.117-1-1;VU le d\u00e9cret n\u00b0 2025-848 du 27 ao\u00fbt 2025 fixant la date du renouvellement des conseillers municipaux etcommunautaires, des conseillers m\u00e9tropolitains de Lyon, des conseillers de Paris et des conseillersd'arrondissement de Paris, Lyon et Marseille et portant convocation des \u00e9lecteurs ;Sur proposition du Pr\u00e9fet, Secr\u00e9taire g\u00e9n\u00e9ral, Pr\u00e9fet d\u00e9l\u00e9gu\u00e9 pour l'\u00e9galit\u00e9 des chances ;ARRETE:Article 1\u00b0: Les d\u00e9clarations de candidature pour les \u00e9lections des conseillers m\u00e9tropolitains de Lyonseront re\u00e7ues pour toutes les communes de la m\u00e9tropole de lyon :\nDates lundi 9 f\u00e9vrier au mardi 17 f\u00e9vrier 2026 lundi 16 mars et mardi 17 mars 2026(jours ouvr\u00e9s uniquement)Heures de 9h00 \u00e0 15h00 lundi 16 mars 2026 de 14h00 \u00e0 18h00sauf mardi 17 f\u00e9vrier 2026 jusqu'\u00e0 18h00 mardi 17 mars 2026 de 9h00 \u00e0 18h00Pr\u00e9fecture du Rh\u00f4ne Pr\u00e9fecture du Rh\u00f4neLieu 18 rue de Bonnel, 69003 Lyon 18 rue de Bonnel, 69003 LyonSalon Bonnefoy - b\u00e2timent Libert\u00e9 Salon Nord - b\u00e2timent Libert\u00e9Article 2: Le pr\u00e9sent arr\u00eat\u00e9 peut faire l'objet d'un recours devant le Tribunal administratif de Lyon -184 rue Duguesclin - 69433 Lyon cedex 03 ou sur le site www.telerecours.fr, dans un d\u00e9lai de deux mois \u00e0compter de sa publication au recueil des actes administratifs de la pr\u00e9fecture du Rh\u00f4ne.Article 3: Le Pr\u00e9fet, Secr\u00e9taire g\u00e9n\u00e9ral, Pr\u00e9fet d\u00e9l\u00e9gu\u00e9 \u00e0 l'\u00e9galit\u00e9 des chances est charg\u00e9 de l'ex\u00e9cutiondu pr\u00e9sent arr\u00eat\u00e9 qui sera publi\u00e9 au recueil des actes administratifs.Lyon, le 18 novembre 2025Pour la Pr\u00e9f\u00e8te,Le Pr\u00e9fet, Secr\u00e9taire g\u00e9n\u00e9ral, Pr\u00e9fet d\u00e9l\u00e9gu\u00e9pour l'\u00e9galit\u00e9 des chances,Sign\u00e9 : Fabrice ROSAY\nPr\u00e9fecture du Rh\u00f4ne18 Rue de Bonnel69 419 LYON CEDEX 03T\u00e9l : 04 72 61 6161www.rhone.gouv.fr 1/1\n\u1d48\n69_Pr\u00e9f_Pr\u00e9fecture du Rh\u00f4ne - 69-2025-11-18-00008 - Arr\u00eat\u00e9 relatif \u00e0 la fixation des dates et lieux de d\u00e9p\u00f4t des d\u00e9clarations de\ncandidature dans le cadre du renouvellement des conseillers m\u00e9tropolitains de Lyon des 15 et 22 mars 2026 19\n69_Pr\u00e9f_Pr\u00e9fecture du Rh\u00f4ne\n69-2025-11-18-00007\nArr\u00eat\u00e9 relatif \u00e0 la fixation des dates et lieux de\nd\u00e9p\u00f4t des d\u00e9clarations de candidature dans le\ncadre du renouvellement des conseillers\nmunicipaux et communautaires des 15 et 22\nmars 2026 dans le d\u00e9partement du Rh\u00f4ne\n69_Pr\u00e9f_Pr\u00e9fecture du Rh\u00f4ne - 69-2025-11-18-00007 - Arr\u00eat\u00e9 relatif \u00e0 la fixation des dates et lieux de d\u00e9p\u00f4t des d\u00e9clarations de\ncandidature dans le cadre du renouvellement des conseillers municipaux et communautaires des 15 et 22 mars 2026 dans le\nd\u00e9partement du Rh\u00f4ne\n20\nEsPREFETEDU RHONELibert\u00e9Egalit\u00e9Fraternit\u00e9\nDirection des Affaires Juridiqueset de l'Administration LocaleBureau des r\u00e9glementations,des \u00e9lections et des associationsArr\u00eat\u00e9 pr\u00e9fectoral n\u00b0 69-2025-relatif \u00e0 la fixation des dates et lieux de d\u00e9p\u00f4t des d\u00e9clarations de candidature dans le cadre durenouvellement des conseillers municipaux et communautaires des 15 et 22 mars 2026dans le d\u00e9partement du Rh\u00f4neLa Pr\u00e9f\u00e8te de la r\u00e9gion Auvergne-Rh\u00f4ne-AlpesPr\u00e9f\u00e8te du Rh\u00f4neCommandeur de la L\u00e9gion d'honneurCommandeur de l'ordre national du M\u00e9riteVU le code \u00e9lectoral, et notamment les articles L.255-4, L.265, L.267, R.124 et R.127-2 ;VU le d\u00e9cret n\u00b0 2025-848 du 27 ao\u00fbt 2025 fixant la date du renouvellement des conseillers municipaux etcommunautaires, des conseillers m\u00e9tropolitains de Lyon, des conseillers de Paris et des conseillersd'arrondissement de Paris, Lyon et Marseille et portant convocation des \u00e9lecteurs ;Sur proposition du Pr\u00e9fet, Secr\u00e9taire g\u00e9n\u00e9ral, Pr\u00e9fet d\u00e9l\u00e9gu\u00e9 pour l'\u00e9galit\u00e9 des chances ;ARRETE:Article 1\u00b0: Les d\u00e9clarations de candidature pour les \u00e9lections municipales seront re\u00e7ues pour toutes lescommunes du d\u00e9partement du Rh\u00f4ne :\nDates lundi 9 f\u00e9vrier au jeudi 26 f\u00e9vrier 2026 lundi 16 mars et mardi 17 mars 2026(jours ouvr\u00e9s uniquement)Heures de 9h00 a 15h00 lundi 16 mars 2026 de 14h00 a 18h00sauf jeudi 26 f\u00e9vrier 2026 jusqu'a 18h00 mardi 17 mars 2026 de 9h00 \u00e0 18h00Pr\u00e9fecture du Rh\u00e9ne Pr\u00e9fecture du Rh\u00e9neLieu 18 rue de Bonnel 69003 Lyon 18 rue de Bonnel 69003 LyonSalon Bonnefoy - batiment Libert\u00e9. Salon Nord - batiment Libert\u00e9.Article 2: Le pr\u00e9sent arr\u00eat\u00e9 peut faire l'objet d'un recours devant le Tribunal administratif de Lyon -184 rue Duguesclin - 69433 Lyon cedex 03 ou sur le site www.telerecours.fr, dans un d\u00e9lai de deux mois \u00e0compter de sa publication au recueil des actes administratifs de la pr\u00e9fecture du Rh\u00f4ne.Article 3: Le Pr\u00e9fet, Secr\u00e9taire g\u00e9n\u00e9ral, Pr\u00e9fet d\u00e9l\u00e9gu\u00e9 pour l'\u00e9galit\u00e9 des chances est charg\u00e9 del'ex\u00e9cution du pr\u00e9sent arr\u00eat\u00e9 qui sera publi\u00e9 au recueil des actes administratifs.Lyon, le 18 novembre 2025Pour la Pr\u00e9f\u00e8te,Le Pr\u00e9fet, Secr\u00e9taire g\u00e9n\u00e9ral, Pr\u00e9fet d\u00e9l\u00e9gu\u00e9pour l'\u00e9galit\u00e9 des chances,Sign\u00e9 : Fabrice ROSAYPr\u00e9fecture du Rh\u00f4ne18 Rue de Bonnel69 419 LYON CEDEX 03T\u00e9l : 04 72 61 6161www.rhone.gouv.fr 1/1\n\u1d48\n69_Pr\u00e9f_Pr\u00e9fecture du Rh\u00f4ne - 69-2025-11-18-00007 - Arr\u00eat\u00e9 relatif \u00e0 la fixation des dates et lieux de d\u00e9p\u00f4t des d\u00e9clarations de\ncandidature dans le cadre du renouvellement des conseillers municipaux et communautaires des 15 et 22 mars 2026 dans le\nd\u00e9partement du Rh\u00f4ne\n21\n69_Pr\u00e9f_Pr\u00e9fecture du Rh\u00f4ne\n69-2025-11-18-00009\nDAJAL-BREA - Arr\u00eat\u00e9 relatif \u00e0 la fixation de la\ndate du tirage au sort en vue de l'attribution des\npanneaux d'affichage \u00e9lectoraux aux listes\ncandidates aux \u00e9lections municipales des 15 et\n22 mars 2026 du d\u00e9partement du Rh\u00f4ne\n69_Pr\u00e9f_Pr\u00e9fecture du Rh\u00f4ne - 69-2025-11-18-00009 - DAJAL-BREA - Arr\u00eat\u00e9 relatif \u00e0 la fixation de la date du tirage au sort en vue de\nl'attribution des panneaux d'affichage \u00e9lectoraux aux listes candidates aux \u00e9lections municipales des 15 et 22 mars 2026 du\nd\u00e9partement du Rh\u00f4ne\n22\nPREFETEDU RHONELibert\u00e9Egalit\u00e9Fraternit\u00e9\nDirection des Affaires Juridiqueset de l'Administration LocaleBureau des r\u00e9glementations,des \u00e9lections et des associationsArr\u00eat\u00e9 pr\u00e9fectoral n\u00b0 69-2025-relatif \u00e0 la fixation de la date du tirage au sort en vue de l'attribution des panneaux d'affichage\u00e9lectoraux aux listes candidates aux \u00e9lections municipales des 15 et 22 mars 2026du d\u00e9partement du Rh\u00f4neLa Pr\u00e9f\u00e8te de la r\u00e9gion Auvergne-Rh\u00f4ne-AlpesPr\u00e9f\u00e8te du Rh\u00f4neCommandeur de la L\u00e9gion d'honneurCommandeur de l'ordre national du M\u00e9riteVU le code \u00e9lectoral et notamment l'article R.28 ;VU le d\u00e9cret n\u00b02025-848 du 27 ao\u00fbt 2025 fixant la date du renouvellement des conseillers municipaux etcommunautaires, des conseillers m\u00e9tropolitains de Lyon, des conseillers de Paris et des conseillersd'arrondissement de Paris, Lyon et Marseille et portant convocation des \u00e9lecteurs ;Sur proposition du Pr\u00e9fet, Secr\u00e9taire g\u00e9n\u00e9ral, Pr\u00e9fet d\u00e9l\u00e9gu\u00e9 pour l'\u00e9galit\u00e9 des chances ;ARRETE :Article 1er: La date du tirage au sort en vue de l'attribution des panneaux d'affichage \u00e9lectoraux auxlistes candidates aux \u00e9lections municipales des 15 et 22 mars 2026 est fix\u00e9e au:vendredi 27 f\u00e9vrier 2026 \u00e0 15h00dans les grands salons de la Pr\u00e9fecture18 rue de Bonnel69003 LYONArticle 2 : Le pr\u00e9sent arr\u00eat\u00e9 peut faire l'objet d'un recours devant le Tribunal administratif de Lyon \u2014 184rue Duguesclin \u2014 69433 Lyon cedex 03 ou sur le site www.telerecours.fr, dans un d\u00e9lai de deux mois acompter de sa publication au recueil des actes administratifs de la pr\u00e9fecture du Rh\u00e9ne.Article 3 : Le Pr\u00e9fet, Secr\u00e9taire g\u00e9n\u00e9ral, Pr\u00e9fet d\u00e9l\u00e9gu\u00e9 pour l'\u00e9galit\u00e9 des chances est charg\u00e9 del'ex\u00e9cution du pr\u00e9sent arr\u00eat\u00e9 qui sera publi\u00e9 au recueil des actes administratifs.Lyon, le 18 novembre 2025Pour la Pr\u00e9f\u00e8te,Le Pr\u00e9fet, Secr\u00e9taire g\u00e9n\u00e9ral, Pr\u00e9fet d\u00e9l\u00e9gu\u00e9pour l'\u00e9galit\u00e9 des chances,Sign\u00e9 : Fabrice ROSAY\nPr\u00e9fecture du Rh\u00f4ne18 Rue de Bonnel69 419 LYON CEDEX 03T\u00e9l : 04 72 61 6161www.rhone.gouv.fr 1/1\n69_Pr\u00e9f_Pr\u00e9fecture du Rh\u00f4ne - 69-2025-11-18-00009 - DAJAL-BREA - Arr\u00eat\u00e9 relatif \u00e0 la fixation de la date du tirage au sort en vue de\nl'attribution des panneaux d'affichage \u00e9lectoraux aux listes candidates aux \u00e9lections municipales des 15 et 22 mars 2026 du\nd\u00e9partement du Rh\u00f4ne\n23","date":"2025-11-19","first_seen_on":"2025-11-19T15:37:25+00:00","id":"b98b2fa88e5276354cf30d2d63c16f5e8c342e66048d9f948694223f2c20cfa5","name":"RAA_69-2025-304-191125","pdf_creation_date":"2025-11-19T15:12:25+00:00","pdf_modification_date":null,"timezone":"Europe/Paris","url":"https://www.rhone.gouv.fr/contenu/telechargement/66276/446615/file/RAA_69-2025-304-191125.pdf"}
