{"administration":"pref03","administration_name":"Pr\u00e9fecture de l\u2019Allier","content":"ALLIER\nRECUEIL DES ACTES\nADMINISTRATIFS\nN\u00b003-2026-067\nPUBLI\u00c9 LE  1 AVRIL 2026\nSommaire\n03_DDT_Direction D\u00e9partementale des Territoires de l'Allier /\nSecr\u00e9tariat de Direction\n03-2026-02-23-00005 - Extrait de l'arr\u00eat\u00e9 n\u00b0357/bis 2026 du 23/02/2026\nrelatif \u00e0 l'agr\u00e9ment de la soci\u00e9t\u00e9 Assainissement Environnement\nNzali Fontaine (AENF) pour la r\u00e9alisation des vidanges et le transport\njusqu'au lieu d'\u00e9limination des mati\u00e8res extraites des installations\nd'assainissement non collectif. (3 pages) Page 5\n03-2026-03-03-00002 - Extrait de l'arr\u00eat\u00e9 n\u00b0433/2026 en date du\n03\u00a0mars\u00a02026 portant sur l'autorisation de capture d'\u00e9crevisses\n\u00e0 pattes blanches (Austropotamobius pallipes) par la FDPPMA03 \u00e0 des\nfins scientifiques pour l'ann\u00e9e\u00a02026. (3 pages) Page 9\n03-2026-03-11-00003 - Extrait de l'arr\u00eat\u00e9 n\u00b0524/2026 du 11/03/2026\nportant prescriptions sp\u00e9cifiques au titre de l'article L214-3 du Code\nde l'environnement concernant la R\u00e9paration du pont des Forges (2\npages) Page 13\n03-2026-03-31-00002 - Extrait de l'arr\u00eat\u00e9 n\u00b0735/2026 en date du\n31\u00a0mars\u00a02026 portant sur l'autorisation de capture et de destruction\nde poissons-chats (Ameiurus\u00a0melas) sur le d\u00e9partement de l'Allier,\npour l'ann\u00e9e 2026 (3 pages) Page 16\n03-2026-02-23-00004 - Extrait du compte-rendu de la formation\nsp\u00e9cialis\u00e9e de la Commission D\u00e9partementale de la chasse et de la\nfaune sauvage du 23 f\u00e9vrier 2026, relative \u00e0 l'indemnisation des\nd\u00e9g\u00e2ts caus\u00e9s par le gibier aux cultures agricoles. (1 page) Page 20\n03_Pr\u00e9f_Pr\u00e9fecture de l'Allier /\n03-2026-03-31-00003 -                                                                                \nArr\u00eat\u00e9 prorogeant les effets de l'arr\u00eat\u00e9 pr\u00e9fectoral n\u00b0 1393 /\n2021 du 16 juin 2021 d\u00e9clarant d'utilit\u00e9 publique le projet\nd'am\u00e9nagement de l'\u00eelot Gacon/Poncet\ndans le centre bourg\ndu Donjon pr\u00e9sent\u00e9 par la commune du Donjon (4 pages) Page 22\n03-2026-03-16-00006 - Arr\u00eat\u00e9 n\u00b0655/2026 du 16 mars 2026 portant\nhabilitation de l'association F\u00e9d\u00e9ration de l'Allier pour la P\u00eache et la\nProtection du Milieu Aquatique pour participer au d\u00e9bat sur\nl'environnement se d\u00e9roulant dans le cadre des instances consultatives\nd\u00e9partementales  (2 pages) Page 27\n03_Pr\u00e9f_Pr\u00e9fecture de l'Allier / Direction de la Coordination des\nPolitiques Publique\n03-2026-03-16-00003 - Extrait de l'arr\u00eat\u00e9 n\u00b0663/2026 du 16 mars\n2026 portant modification de l'arr\u00eat\u00e9 n\u00b01096/2025 du \u00a06\u00a0juin\n2025 habilitant la soci\u00e9t\u00e9 LINEAMENTA pour r\u00e9aliser les analyses\nd'impact pr\u00e9vues au III de l'article L 752-6 du code du\ncommerce\n (1 page) Page 30\n2\n03-2026-03-16-00004 - Extrait de l'arr\u00eat\u00e9 n\u00b0664/2026 du 16 mars\n2026 portant modification de l'arr\u00eat\u00e9 n\u00b01157/2025 du \u00a019\u00a0juin\n2025 habilitant la soci\u00e9t\u00e9 LINEAMENTA pour \u00e9tablir les certificats de\nconformit\u00e9 pr\u00e9vus \u00e0 l'article L.752-23 du code du commerce (1\npage) Page 32\n03_Pr\u00e9f_Pr\u00e9fecture de l'Allier / Sous-Pr\u00e9fecture de Vichy\n03-2026-03-26-00012 - 1 RAA Arr\u00eat\u00e9 transfert biens section  (1 page) Page 34\n03_Pr\u00e9f_Pr\u00e9fecture de l'Allier / Bureau du Cabinet\n03-2026-03-30-00003 - RAA 20260330 arr\u00eat\u00e9 autorisation drone\nreconstitution judiciaire 2 avril 2026 (2 pages) Page 36\n03_Pr\u00e9f_Pr\u00e9fecture de l'Allier / Service Interminist\u00e9riel de D\u00e9fense\net de Protection Civile\n03-2026-03-12-00002 -   ARRETE BNSSA (2 pages) Page 39\n03-2026-03-13-00002 - BNSSA cusset (1 page) Page 42\n03-2026-03-02-00001 - habilitation SDIS03 (2 pages) Page 44\n03-2026-03-30-00002 - Jury examen formateur aux premiers secours citoyen\n(1 page) Page 47\n03-2026-03-03-00001 - renouvellement agr\u00e9ment ACTO FORMATION (1\npage) Page 49\n03_UDDIRECCTE_Unit\u00e9 d\u00e9partementale de la Direction r\u00e9gionale des\nentreprises, de la concurrence, de la consommation, du travail et de l'emploi\nde l'Allier /\n03-2026-03-26-00008 - Arr modif O2 Vichy (2 pages) Page 51\n03-2026-03-04-00003 - D\u00e9c GAGLIARDI Christophe (2 pages) Page 54\n03-2026-03-04-00005 - D\u00e9cl BEGHAIN Am\u00e9lie (2 pages) Page 57\n03-2026-03-04-00004 - D\u00e9cl CAVAGNIS J\u00e9r\u00e9my (2 pages) Page 60\n03-2026-03-26-00010 - D\u00e9cl DICKELE Simon (2 pages) Page 63\n03-2026-03-12-00003 - D\u00e9cl JAWAMEER Yousif (2 pages) Page 66\n03-2026-03-04-00001 - D\u00e9cl modif LE GOC Manon (2 pages) Page 69\n03-2026-03-26-00009 - D\u00e9cl modif MURIS Fabrice (2 pages) Page 72\n03-2026-03-26-00007 - D\u00e9cl modif O2 Vichy-1 (2 pages) Page 75\n03-2026-03-04-00002 - D\u00e9cl MONTLU SERVICES (2 pages) Page 78\n03-2026-03-26-00011 - D\u00e9cl PATIN Sophie (2 pages) Page 81\n03-2026-03-10-00001 - D\u00e9cl T3MB PAYSAGE (2 pages) Page 84\n63_REC_Rectorat de l'Acad\u00e9mie de Clermont-Ferrand /\n03-2026-03-03-00005 - Ordonnancement secondaire acad\u00e9mie de\nClermont Ferrand  (6 pages) Page 87\n84_ARS_Agence R\u00e9gionale de Sant\u00e9 Auvergne-Rh\u00f4ne-Alpes /\n03-2026-02-27-00002 - extrait deleg signature ars ara 2026 02 27 aux DD (7\npages) Page 94\n3\n84_DREAL_Direction r\u00e9gionale de l'environnement, de l'am\u00e9nagement et\ndu logement d'Auvergne-Rh\u00f4ne-Alpes / Secr\u00e9tariat G\u00e9n\u00e9ral\n03-2026-02-27-00004 - Arr\u00eat\u00e9 interpr\u00e9fectoral\nn\u00b0DREAL-AURA-EHN-2026-18 portant d\u00e9rogation aux dispositions de\nl'article L.411-1 du code de l'environnement pour\u00a0capture suivie\nd'un rel\u00e2cher imm\u00e9diat sur place d'esp\u00e8ces animales\nprot\u00e9g\u00e9es (amphibiens, insectes, mammif\u00e8res et reptiles)\net\npr\u00e9l\u00e8vement, transport, utilisation et destruction de mat\u00e9riel\nbiologique d'esp\u00e8ces animales prot\u00e9g\u00e9es (insectes,\nreptiles)\nBureau d'\u00e9tudes Aces Campestre (9 pages) Page 102\n84_DTPJJ_Direction territoriale de la protection judiciaire de la jeunesse de\nl'Auvergne / protection judiciaire de la jeunesse de l'Auvergne\n03-2026-02-27-00007 - Arr\u00eat\u00e9 de Prix de Journ\u00e9e 2026 AERPH Le\ntr\u00e8fle (4 pages) Page 112\n03-2026-02-27-00006 - Arr\u00eat\u00e9 de Prix de Journ\u00e9e 2026 ENTRAIDE\nUNION (2 pages) Page 117\n03-2026-02-27-00005 - Arr\u00eat\u00e9 de Prix de Journ\u00e9e 2026 Le SHIDE\nPasserelle (2 pages) Page 120\n03-2026-03-13-00004 - ARRETE TAR AER  Sagess MODIFIE (4 pages) Page 123\n03-2026-03-13-00003 - CORRECTION ARRETE 2026 AER Entraide (2 pages) Page 128\nDirection Centre Est /\n03-2026-03-27-00001 - Arr\u00eat\u00e9 2026-N145-GUE-03-10 portant\nr\u00e9glementation temporaire de la circulation sur la RN 145 pour la reprise\nde l'assainissement en rive de la RN 145 et sur la bretelle de sortie de\nl'\u00e9changeur n\u00b0 38 \"Ch\u00e2teaugay\" sur le territoire de la commune de\nDom\u00e9rat (4 pages) Page 131\n4\n03_DDT_Direction D\u00e9partementale des\nTerritoires de l'Allier\n03-2026-02-23-00005\nExtrait de l'arr\u00eat\u00e9 n\u00b0357/bis 2026 du 23/02/2026\nrelatif \u00e0 l'agr\u00e9ment de la soci\u00e9t\u00e9 Assainissement\nEnvironnement Nzali Fontaine (AENF) pour la\nr\u00e9alisation des vidanges et le transport jusqu'au\nlieu d'\u00e9limination des mati\u00e8res extraites des\ninstallations d'assainissement non collectif.\n03_DDT_Direction D\u00e9partementale des Territoires de l'Allier - 03-2026-02-23-00005 - Extrait de l'arr\u00eat\u00e9 n\u00b0357/bis 2026 du 23/02/2026\nrelatif \u00e0 l'agr\u00e9ment de la soci\u00e9t\u00e9 Assainissement Environnement Nzali Fontaine (AENF) pour la r\u00e9alisation des vidanges et le transport\njusqu'au lieu d'\u00e9limination des mati\u00e8res extraites des installations d'assainissement non collectif.\n5\nDIRECTION D\u00c9PARTEMENTALE DES TERRITOIRES DE L'ALLIER - Service environnement\nExtrait de l'arr\u00eat\u00e9 n\u00b0357bis/2026 du 23/02/2026 r elatif \u00e0 l'agr\u00e9ment de la soci\u00e9t\u00e9 Assainissement Environnement Nzali\nFontaine (AENF) pour la r\u00e9alisation des vidanges et le transport jusqu'au lieu d'\u00e9limination des mati\u00e8res extraites des\ninstallations d'assainissement non collectif\nTITRE 1er : OBJET DE L'AUTORISATION\nArticle 1er : B\u00e9n\u00e9ficiaire de l'agr\u00e9ment\nL'agr\u00e9ment est accord\u00e9 \u00e0 la soci\u00e9t\u00e9 :\nAssainissement Environnement Nzali Fontaine\n14 Rue de l'industrie\n03 410 \u2013 SAINT-VICTOR\nSIRET : 43147341200028\nArticle 2 : Num\u00e9ro d\u00e9partemental d'agr\u00e9ment\nLe num\u00e9ro d\u00e9partemental d'agr\u00e9ment pour cette demande est le  : 03/2026/002\nCe num\u00e9ro d'agr\u00e9ment doit \u00eatre obligatoirement report\u00e9 sur chaque bordereau de suivi des mati\u00e8res de vidange, pr\u00e9vu\n\u00e0 l'annexe II de l'arr\u00eat\u00e9 du 7 septembre 2009 modifi\u00e9 par l'arr\u00eat\u00e9 du 3 d\u00e9cembre 2010.\nArticle 3 : Description de l'activit\u00e9\nLa soci\u00e9t\u00e9 AENF est agr\u00e9\u00e9e pour r\u00e9aliser les vidanges des installations d'assainissement non collectif et prendre en\ncharge le transport jusqu'au lieu d'\u00e9limination des mati\u00e8res extraites.\nL'agr\u00e9ment est accord\u00e9 pour une quantit\u00e9 maximale de mati\u00e8res de vidange de 500  m\u00b3/an, d\u00e9pot\u00e9e aupr\u00e8s de la station\nde traitement des eaux us\u00e9es suivante :\n\u2022 MONTLU\u00c7ON\u2013 La Loue (MONTLU\u00c7ON).\nCollecte     :  \nOn entend par collecte, l'op\u00e9ration consistant \u00e0 extraire les mati\u00e8res de vidange des installations d'assainissement non\ncollectif.\nOn entend par mati\u00e8re de vidange, les boues produites par les installations d'assainissement non collectif.\nTransport     :  \nOn entend par transport, l'op\u00e9ration consistant \u00e0 acheminer les mati\u00e8res de vidange de leur lieu de production vers le\nlieu de leur \u00e9limination.\n\u00c9limination     :  \nOn entend par \u00e9limination, l'op\u00e9ration consistant \u00e0 d\u00e9truire, traiter ou valoriser les mati\u00e8res de vidange dans le but de\nlimiter leur impact environnemental ou sanitaire.\nArticle 4 : Validit\u00e9 de l'agr\u00e9ment\nLe pr\u00e9sent agr\u00e9ment a une dur\u00e9e de validit\u00e9 de dix (10) ans, \u00e0 compter de la date de signature du pr\u00e9sent arr\u00eat\u00e9, tant\nque les conventions de d\u00e9potage sus-vis\u00e9es restent valides.\nTITRE 2 : DISPOSITIONS G\u00c9N\u00c9RALES\nArticle 5 : Tra\u00e7abilit\u00e9 et documents \u00e0 \u00e9tablir\nL'entreprise agr\u00e9\u00e9e doit \u00eatre en mesure de justifier, \u00e0 tout instant, du devenir des mati\u00e8res de vidange dont elle a pris la\ncharge.\nUn bordereau de suivi des mati\u00e8res de vidange, comportant \u00e0 minima les informations pr\u00e9vues \u00e0 l'annexe II de l'arr\u00eat\u00e9\ndu 7 septembre 2009 modifi\u00e9 par l'arr\u00eat\u00e9 du 3 d\u00e9cembre 2010 d\u00e9finissant les modalit\u00e9s d'agr\u00e9ment des personnes\nr\u00e9alisant les vidanges, est \u00e9tabli pour chaque vidange, par la personne agr\u00e9\u00e9e et en trois volets.\nCes trois volets sont conserv\u00e9s respectivement par le propri\u00e9taire de l'installation vidang\u00e9e, la personne agr\u00e9\u00e9e et le\nresponsable de la fili\u00e8re d'\u00e9limination.\nLe volet conserv\u00e9 par le propri\u00e9taire de l'installation vidang\u00e9e est sign\u00e9 par lui-m\u00eame et la personne agr\u00e9\u00e9e. Ceux\nconserv\u00e9s par l'entreprise agr\u00e9\u00e9e et le responsable de la fili\u00e8re d'\u00e9limination sont sign\u00e9s par les 3 parties.\nPar mesure de confidentialit\u00e9, le volet remis au responsable de la fili\u00e8re d'\u00e9limination des mati\u00e8res de vidanges ne\nmentionne par les coordonn\u00e9es du propri\u00e9taire de l'installation.\nL'entreprise agr\u00e9\u00e9e tient un registre, class\u00e9 par dates, comportant les bordereaux de suivi des mati\u00e8res de vidange. Ce\ndocument est tenu en permanence \u00e0 la disposition du pr\u00e9fet et de ses services. La dur\u00e9e de conservation de ce registre\npar l'entreprise agr\u00e9\u00e9e est de dix (10) ann\u00e9es.\nArticle 6 : Contr\u00f4le\nLe pr\u00e9fet et ses services peuvent proc\u00e9der \u00e0 la r\u00e9alisation des contr\u00f4les n\u00e9cessaires, \u00e0 la v\u00e9rification de l'exactitude\ndes d\u00e9clarations effectu\u00e9es par le b\u00e9n\u00e9ficiaire de l'agr\u00e9ment et contr\u00f4ler le respect de ses obligations au titre du\npr\u00e9sent arr\u00eat\u00e9. Ces op\u00e9rations de contr\u00f4le peuvent \u00eatre inopin\u00e9es.\nPr\u00e9fecture de l'Allier\n2 rue Michel de l'Hospital\nCS 31649 - 03016 MOULINS Cedex\nT\u00e9l. 04 70 48 30 00 www.allier.gouv.fr\n1/3\n03_DDT_Direction D\u00e9partementale des Territoires de l'Allier - 03-2026-02-23-00005 - Extrait de l'arr\u00eat\u00e9 n\u00b0357/bis 2026 du 23/02/2026\nrelatif \u00e0 l'agr\u00e9ment de la soci\u00e9t\u00e9 Assainissement Environnement Nzali Fontaine (AENF) pour la r\u00e9alisation des vidanges et le transport\njusqu'au lieu d'\u00e9limination des mati\u00e8res extraites des installations d'assainissement non collectif.\n6\nEn application de l'article R.541-53 du Code de l'environnement, l'attestation de transport de d\u00e9chet non\ndangereux doit \u00eatre conserv\u00e9e \u00e0 bord de chaque v\u00e9hicule, afin de pouvoir \u00eatre pr\u00e9sent\u00e9e en cas de contr\u00f4le.\nArticle 7 : Communication \u00e0 des fins commerciales ou publicitaires\nLorsqu'il est fait r\u00e9f\u00e9rence \u00e0 l'agr\u00e9ment sur des documents r\u00e9dig\u00e9s \u00e0 des fins commerciales ou publicitaires,\nseule est autoris\u00e9e la mention suivante  :\n\u00ab Agr\u00e9\u00e9 par l'\u00c9tat pour l'activit\u00e9 de vidange et de prise en charge du transport jusqu'au lieu d'\u00e9limination\ndes mati\u00e8res extraites des installations d'assainissement non collectif \u2013 Se reporter \u00e0 la liste des personnes\nou entreprises agr\u00e9\u00e9es sur le site internet des services de l'\u00c9tat de la pr\u00e9fecture ayant d\u00e9livr\u00e9 l'agr\u00e9ment  \u00bb.\nArticle 8 : Modification de l'activit\u00e9\nConform\u00e9ment aux dispositions de l'article 6, alin\u00e9a 2\u00b0 de l'arr\u00eat\u00e9 du 7 septembre 2009 modifi\u00e9 par l'arr\u00eat\u00e9\ndu 3 d\u00e9cembre 2010, toute modification apport\u00e9e par le p\u00e9titionnaire de nature \u00e0 entra\u00eener un changement\nnotable des \u00e9l\u00e9ments du dossier de la demande initiale d'agr\u00e9ment doit \u00eatre port\u00e9e \u00e0 la connaissance du\npr\u00e9fet.\nArticle 9 : Caract\u00e8re de l'agr\u00e9ment\nL'agr\u00e9ment  est  accord\u00e9  \u00e0  titre  personnel,  pr\u00e9caire  et  r\u00e9vocable  sans  indemnit\u00e9  de  l'\u00c9tat  exer\u00e7ant  ses\npouvoirs de police.\nL'agr\u00e9ment peut \u00eatre suspendu ou son champ d'activit\u00e9 restreint pour une dur\u00e9e n'exc\u00e9dant pas deux (2)\nmois, dans les cas suivants :\n- lorsque la capacit\u00e9 des fili\u00e8res d'\u00e9limination des mati\u00e8res de vidange ne permet pas de recevoir la\nquantit\u00e9 maximale pour laquelle l'entreprise est agr\u00e9\u00e9e  ;\n- en cas de manquement par l'entreprise aux obligations de l'arr\u00eat\u00e9 du 7 septembre 2009 modifi\u00e9 par\nl'arr\u00eat\u00e9 du 3 d\u00e9cembre 2010, en particulier, en cas d'\u00e9limination de mati\u00e8res de vidange hors des fili\u00e8res\npr\u00e9vues par l'agr\u00e9ment ;\n- en cas de non-respect des \u00e9l\u00e9ments d\u00e9clar\u00e9s.\nL'agr\u00e9ment peut \u00eatre retir\u00e9 ou modifi\u00e9 \u00e0 l'initiative du pr\u00e9fet, apr\u00e8s mise en demeure rest\u00e9e sans effet, dans\nles cas suivants :\n- en cas de faute professionnelle grave ou de manquement \u00e0 la moralit\u00e9 professionnelle  ;\n- en cas de manquement par l'entreprise aux obligations de l'arr\u00eat\u00e9 du 7 septembre 2007 modifi\u00e9 par\nl'arr\u00eat\u00e9 du 3 d\u00e9cembre 2010, en particulier, en cas d'\u00e9limination de mati\u00e8res de vidange hors des fili\u00e8res\npr\u00e9vues par l'agr\u00e9ment ;\n- en cas de non-respect des \u00e9l\u00e9ments d\u00e9clar\u00e9s.\nFaute  pour  le  permissionnaire  de  se  conformer,  dans  le  d\u00e9lai  fix\u00e9,  aux  dispositions  prescrites,\nl'administration pourra prononcer la d\u00e9ch\u00e9ance du pr\u00e9sent agr\u00e9ment et prendre les mesures n\u00e9cessaires pour\nfaire dispara\u00eetre, aux frais du permissionnaire, tout dommage provenant de son fait, ou pour pr\u00e9venir ces\ndommages dans l'int\u00e9r\u00eat de l'environnement, de la s\u00e9curit\u00e9 et de la sant\u00e9 publique, sans pr\u00e9judice de\nl'application des dispositions p\u00e9nales relatives aux contraventions du Code de l'environnement.\nLe b\u00e9n\u00e9ficiaire, dont l'agr\u00e9ment a \u00e9t\u00e9 retir\u00e9, ne peut pr\u00e9tendre \u00e0 un nouvel agr\u00e9ment dans les six (6) mois \u00e0\ncompter de la notification de la d\u00e9cision de retrait.\nArticle 10 : Condition de renouvellement de l'agr\u00e9ment\nAu moins six (6) mois avant la date limite de fin de validit\u00e9 e l'agr\u00e9ment initial, le p\u00e9titionnaire, s'il\nsouhaite obtenir le renouvellement, doit adresser au pr\u00e9fet une demande dans les conditions d\u00e9finies \u00e0\nl'article 5 de l'arr\u00eat\u00e9 du 7 septembre 2009 modifi\u00e9 par l'arr\u00eat\u00e9 du 3 d\u00e9cembre 2010.\nArticle 11 : Droits des tiers\nLes droits des tiers sont et demeurent express\u00e9ment r\u00e9serv\u00e9s.\nArticle 12 : Autres r\u00e9glementations\nLe pr\u00e9sent agr\u00e9ment ne dispense en aucun cas le permissionnaire de faire les d\u00e9clarations ou d'obtenir les\nautorisations requises par d'autres r\u00e9glementations.\nArticle 13 : Informations des tiers\nLe pr\u00e9sent agr\u00e9ment sera \u00e0 disposition du public sur le site internet des services de l'\u00c9tat de la pr\u00e9fecture de\nl'Allier et publi\u00e9 au recueil des actes administratifs.\nArticle 14 : V oies et d\u00e9lais de recours\nLe pr\u00e9sent agr\u00e9ment est susceptible de recours devant le tribunal administratif territorialement comp\u00e9tent\npar le p\u00e9titionnaire dans un d\u00e9lai de deux mois suivant sa notification et, par les tiers dans un d\u00e9lai de un an\n\u00e0 compter de sa publication au recueil des actes administratifs, ou, dans le cas \u00e9ch\u00e9ant, dans un d\u00e9lai de six\nmois \u00e0 compter du d\u00e9marrage effectif de l'activit\u00e9, suivants les conditions des articles L.214-10 et L.514-6\ndu Code de l'environnement.\n2/3\n03_DDT_Direction D\u00e9partementale des Territoires de l'Allier - 03-2026-02-23-00005 - Extrait de l'arr\u00eat\u00e9 n\u00b0357/bis 2026 du 23/02/2026\nrelatif \u00e0 l'agr\u00e9ment de la soci\u00e9t\u00e9 Assainissement Environnement Nzali Fontaine (AENF) pour la r\u00e9alisation des vidanges et le transport\njusqu'au lieu d'\u00e9limination des mati\u00e8res extraites des installations d'assainissement non collectif.\n7\nDans le m\u00eame d\u00e9lai de deux mois, le p\u00e9titionnaire peut pr\u00e9senter un recours gracieux. Le silence gard\u00e9 par\nl'administration pendant plus de deux mois sur la demande de recours gracieux emporte d\u00e9cision implicite\nde rejet de cette demande, conform\u00e9ment \u00e0 l'article R.421-2 du Code de justice administrative.\nLa juridiction administrative peut aussi \u00eatre saisie aussi par l'application \u00ab  T\u00e9l\u00e9recours citoyens \u00bb accessible\n\u00e0 partir du site www.telerecours.fr\nArticle 15 : Ex\u00e9cution\nLe Secr\u00e9taire G\u00e9n\u00e9ral de la pr\u00e9fecture de l'Allier, le Sous-pr\u00e9fet de l'arrondissement de Montlu\u00e7on, le\nDirecteur D\u00e9partemental des Territoires de l'Allier, le Chef du Service D\u00e9partemental de l'Office Fran\u00e7ais\nde la Biodiversit\u00e9 et le Colonel Commandant du Groupement de Gendarmerie de l'Allier, sont charg\u00e9s,\nchacun en ce qui le concerne, de l'ex\u00e9cution du pr\u00e9sent agr\u00e9ment qui sera publi\u00e9 au recueil des actes\nadministratifs de la pr\u00e9fecture de l'Allier, et dont une copie sera adress\u00e9e \u00e0 chaque ma\u00eetre d'ouvrage vis\u00e9\nd'installation de traitement des eaux us\u00e9es.\n3/3\nYzeure, le 23/02/2026\nP/ le Pr\u00e9fet et par d\u00e9l\u00e9gation\nLe chef du service environnement \nSign\u00e9\nFrancis PRUVOT\n03_DDT_Direction D\u00e9partementale des Territoires de l'Allier - 03-2026-02-23-00005 - Extrait de l'arr\u00eat\u00e9 n\u00b0357/bis 2026 du 23/02/2026\nrelatif \u00e0 l'agr\u00e9ment de la soci\u00e9t\u00e9 Assainissement Environnement Nzali Fontaine (AENF) pour la r\u00e9alisation des vidanges et le transport\njusqu'au lieu d'\u00e9limination des mati\u00e8res extraites des installations d'assainissement non collectif.\n8\n03_DDT_Direction D\u00e9partementale des\nTerritoires de l'Allier\n03-2026-03-03-00002\nExtrait de l'arr\u00eat\u00e9 n\u00b0433/2026 en date du\n03\u00a0mars\u00a02026 portant sur l'autorisation de\ncapture d'\u00e9crevisses \u00e0 pattes blanches\n(Austropotamobius pallipes) par la FDPPMA03 \u00e0\ndes fins scientifiques pour l'ann\u00e9e\u00a02026.\n03_DDT_Direction D\u00e9partementale des Territoires de l'Allier - 03-2026-03-03-00002 - Extrait de l'arr\u00eat\u00e9 n\u00b0433/2026 en date du\n03\u00a0mars\u00a02026 portant sur l'autorisation de capture d'\u00e9crevisses \u00e0 pattes blanches (Austropotamobius pallipes) par la FDPPMA03 \u00e0\ndes fins scientifiques pour l'ann\u00e9e\u00a02026.\n9\nDIRECTION D\u00c9PARTEMENTALE DES TERRITOIRES DE L'ALLIER\nService environnement/bureau environnement et territoire.\nExtrait  de  l'arr\u00eat\u00e9  n\u00b0433/2026  en  date  du  03  mars 2026  portant  sur  l'autorisation  de  capture  \nd'\u00e9crevisses \u00e0 pattes blanches ( Austropotamobius pallipes) par la FDPPMA03 \u00e0 des fins scientifiques  \npour l'ann\u00e9e 2026.\nArticle 1 : objet de l'arr\u00eat\u00e9\nDans le cadre des contrats territoriaux milieux aquatiques, du suivi du site Natura 2000 \u00ab Rivi\u00e8res de la \nMontagne Bourbonnaise \u00bb, du suivi des cours d'eau de l'AAPPB non suivis dans le cadre d'un \nCTMA/Natura 2000 et du volet \u00ab suivi des populations d'\u00e9crevisses \u00e0 pattes blanches du d\u00e9partement de \nl'Allier \u2013 hors programmes sp\u00e9cifiques \u00bb de son programme d'actions, la F\u00e9d\u00e9ration pour la p\u00eache et la \nprotection du milieu aquatique de l'Allier (FDPPMA03) doit poursuivre le suivi de pr\u00e9sence des \u00e9crevisses \u00e0 \npattes blanches sur diff\u00e9rents cours d'eau abritant potentiellement l'esp\u00e8ce.\nLe b\u00e9n\u00e9ficiaire de l'autorisation est autoris\u00e9 \u00e0 capturer des \u00e9crevisses \u00e0 pattes blanches (Austropotamobius \npallipes) \u00e0 des fins scientifiques dans les conditions et sous les r\u00e9serves pr\u00e9cis\u00e9es aux articles suivants du \npr\u00e9sent arr\u00eat\u00e9.\nArticle 2 : b\u00e9n\u00e9ficiaire de l'autorisation\nNom : F\u00e9d\u00e9ration d\u00e9partementale de l'Allier pour la p\u00eache et la protection du milieu aquatique repr\u00e9sent\u00e9e \npar son pr\u00e9sident : monsieur Laurent Gaillard\nAdresse : 8 rue de la Ronde \u2013 03 500 Saint-Pour\u00e7ain-sur-Sioule\nT\u00e9l\u00e9phone : 04 70 45 42 90\nArticle 3 : responsables de l'ex\u00e9cution mat\u00e9rielle des op\u00e9rations\nDirecteur : Mickael Lelievre\nResponsable technique : Thibaut Rosak\nLes op\u00e9rations de capture ne peuvent \u00eatre effectu\u00e9es qu'en pr\u00e9sence d'au moins une des personnes \nmentionn\u00e9es dans le pr\u00e9sent article.\nArticle 4 : protocole retenu, moyen de capture et destination des \u00e9crevisses captur\u00e9es\nLes op\u00e9rations seront r\u00e9alis\u00e9es conform\u00e9ment au dossier transmis en date du 16 f\u00e9vrier 2026 par la \nFDPPMA03.\nLe protocole retenu pour les suivis projet\u00e9s est la prospection nocturne (entre 21h00 et 04h00) le long des \ncours d'eau \u00e0 l'aide de lampes. Certaines \u00e9crevisses seront captur\u00e9es \u00e0 la main afin de pouvoir identifier les \ncrit\u00e8res de d\u00e9termination des esp\u00e8ces.\nLes \u00e9crevisses autochtones seront rel\u00e2ch\u00e9es dans leur milieu naturel apr\u00e8s la r\u00e9alisation des mesures \nbiom\u00e9triques et les \u00e9crevisses invasives seront d\u00e9truites sur place.\nArticle 5 : mat\u00e9riel utilis\u00e9\nTout le mat\u00e9riel utilis\u00e9 ainsi que les chaussures, bottes, waders et mains seront d\u00e9sinfect\u00e9s apr\u00e8s chaque \nintervention au D\u00e9sogerm microchoc Aqua\u00ae.\nLe mat\u00e9riel comprend :\n\u2022 lampes torches ;\n\u2022 bacs (stockage des \u00e9crevisses durant les mesures) ;\n\u2022 nasses ;\n\u2022 mat\u00e9riel de biom\u00e9trie.\nArticle 6 : lieux des prospections\nCes op\u00e9rations auront lieu sur les cours d'eau suivants :\nCours d'eau Commune(s)\nNatura     2000 \u00ab     Rivi\u00e8res de la Montagne Bourbonnaise     \u00bb  \nB\u00e9chemore et affluent La Guillermie (03 250)\nFeratai Ferri\u00e8res-sur-Sichon (03 250)\nFont Giraud La Guillermie (03 250)\nFerri\u00e8res-sur-Sichon (03 250)\nGoutte Larron La Guillermie (03 250)\nTheux La Guillermie (03 250)\nContrat territorial \u0152il \u2013 Aumance\nRuisseau de la Chaux La Celle (03 600)\n03_DDT_Direction D\u00e9partementale des Territoires de l'Allier - 03-2026-03-03-00002 - Extrait de l'arr\u00eat\u00e9 n\u00b0433/2026 en date du\n03\u00a0mars\u00a02026 portant sur l'autorisation de capture d'\u00e9crevisses \u00e0 pattes blanches (Austropotamobius pallipes) par la FDPPMA03 \u00e0\ndes fins scientifiques pour l'ann\u00e9e\u00a02026.\n10\nContrat territorial Besbre\nMalgoutte Saint-Nicolas-des-Biefs (03 250)\nContrat territorial Sioule et affluents\nAffluent rive gauche C\u00e8pe Nades (03 450)\nLalizolle (03 450)\nContrat territorial des affluents de l'Allier\nVareille Ferri\u00e8res-sur-Sichon (03 250)\nAffluent rive droite Vareille Le Mayet-de-Montagne (03 250)\nCombes Busset (03 270)\nDarot Mariol (03 270)\nBusset (03 270)\nL\u00e9ziau Busset (03 270)\nAutres cours d'eau\nGouttelange Saint-Pierre-Laval (42 620)\nArticle 7 : validit\u00e9 et planning des op\u00e9rations\nLa pr\u00e9sente autorisation est accord\u00e9e du 1er juin au 30 septembre 2026. Le planning pr\u00e9visionnel des \nop\u00e9rations est d\u00e9taill\u00e9 ci-dessous :\nDate Cours d'eau\nNuit du 25 au 26 juin 2026 Ruisseau de la Chaux / Affluent rive gauche C\u00e8pe\nNuit du 02 au 03 juillet 2026 Gouttelange / Font Giraud\nNuit du 05 au 06 ao\u00fbt 2026 Malgoutte / B\u00e9chemore et affluent / Vareille\nNuit du 06 au 07 ao\u00fbt 2026 Feratai / B\u00e9chemore et affluent / Affluent rive droite Vareille\nNuit du 12 au 13 ao\u00fbt 2026 Theux / Goutte Larron\nNuit du 13 au 14 ao\u00fbt 2026 Combes / L\u00e9ziau / Darot\nArticle 8 : accord du d\u00e9tenteur du droit de p\u00eache\nLe b\u00e9n\u00e9ficiaire ne peut exercer les droits qui sont li\u00e9s \u00e0 la pr\u00e9sente autorisation que s'il a obtenu l'accord \n\u00e9crit du d\u00e9tenteur du droit de p\u00eache.\nArticle 9 : d\u00e9claration pr\u00e9alable\nEn cas de modification du planning pr\u00e9visionnel, le b\u00e9n\u00e9ficiaire de la pr\u00e9sente autorisation est tenu \nd'adresser, au moins 24 heures avant l'op\u00e9ration modifi\u00e9e, une d\u00e9claration \u00e9crite pr\u00e9cisant le motif de la \nmodification et indiquant la nouvelle date retenue, \u00e0 la Direction d\u00e9partementale des territoires et au service \nd\u00e9partemental de l'Office fran\u00e7ais de la biodiversit\u00e9.\nArticle 10 : compte-rendu d'ex\u00e9cution\nDans le d\u00e9lai de six (6) mois apr\u00e8s la r\u00e9alisation des op\u00e9rations de l'ann\u00e9e en cours, le b\u00e9n\u00e9ficiaire de la \npr\u00e9sente autorisation est tenu d'adresser un compte-rendu pr\u00e9cisant les r\u00e9sultats des captures, \u00e0 la DDT et au \nservice d\u00e9partemental de l'OFB.\nL'application informatique WAMA de l'OFB sera utilis\u00e9e pour transmettre le compte-rendu annuel.\nLes \u00e9l\u00e9ments d'information environnementale r\u00e9sultant de rapportage constituent des donn\u00e9es publiques sur \nl'environnement, librement communicables.\nArticle 11 : pr\u00e9sentation de l'autorisation\nLe b\u00e9n\u00e9ficiaire, ou le responsable de l'ex\u00e9cution mat\u00e9rielle de l'op\u00e9ration doit \u00eatre porteur de la pr\u00e9sente \nautorisation lors des op\u00e9rations de capture. Il est tenu de la pr\u00e9senter \u00e0 toute demande des agents \ncommissionn\u00e9s au titre de la police de la p\u00eache. Il doit \u00e9galement pouvoir pr\u00e9senter l'accord \u00e9crit du \nd\u00e9tenteur du droit de p\u00eache.\nArticle 12 : retrait de l'autorisation\nLa pr\u00e9sente autorisation est personnelle et incessible. Elle peut \u00eatre retir\u00e9e \u00e0 tout moment sans indemnit\u00e9 si le \nb\u00e9n\u00e9ficiaire n'en respecte pas les clauses ou les prescriptions qui lui sont li\u00e9es.\nArticle 13 : publication et informations des tiers\nLe pr\u00e9sent arr\u00eat\u00e9 sera notifi\u00e9 \u00e0 monsieur le pr\u00e9sident de la F\u00e9d\u00e9ration d\u00e9partementale de l'Allier pour la \np\u00eache et la protection du milieu aquatique.\n03_DDT_Direction D\u00e9partementale des Territoires de l'Allier - 03-2026-03-03-00002 - Extrait de l'arr\u00eat\u00e9 n\u00b0433/2026 en date du\n03\u00a0mars\u00a02026 portant sur l'autorisation de capture d'\u00e9crevisses \u00e0 pattes blanches (Austropotamobius pallipes) par la FDPPMA03 \u00e0\ndes fins scientifiques pour l'ann\u00e9e\u00a02026.\n11\nLe pr\u00e9sent arr\u00eat\u00e9 sera publi\u00e9 au recueil des actes administratifs de la pr\u00e9fecture de l'Allier.\nArticle 14 : voies et d\u00e9lais de recours\nL'arr\u00eat\u00e9 peut-\u00eatre d\u00e9f\u00e9r\u00e9 au tribunal administratif de Clermont-Ferrand dans un d\u00e9lai de deux (2) mois \u00e0 \ncompter de sa notification.\nLa juridiction administrative peut aussi \u00eatre saisie par l'application \u00ab T\u00e9l\u00e9recours citoyens \u00bb accessible \u00e0 \npartir du site www.telerecours.fr.\nArticle 15 : ex\u00e9cution\nLe secr\u00e9taire g\u00e9n\u00e9ral de la pr\u00e9fecture de l'Allier, le sous-pr\u00e9fet de Vichy, le sous-pr\u00e9fet de Montlu\u00e7on, le \ndirecteur d\u00e9partemental de la s\u00e9curit\u00e9 publique, le commandant du groupement de gendarmerie de l'Allier, le \ndirecteur d\u00e9partemental des territoires de l'Allier, le chef du service d\u00e9partemental de l'Office fran\u00e7ais de la \nbiodiversit\u00e9 sont charg\u00e9s, chacun en ce qui le concerne, de l'ex\u00e9cution du pr\u00e9sent arr\u00eat\u00e9.\nYzeure, le 03 mars 2026\nFrancis Pruvot\nSign\u00e9\nChef du service environnement\n03_DDT_Direction D\u00e9partementale des Territoires de l'Allier - 03-2026-03-03-00002 - Extrait de l'arr\u00eat\u00e9 n\u00b0433/2026 en date du\n03\u00a0mars\u00a02026 portant sur l'autorisation de capture d'\u00e9crevisses \u00e0 pattes blanches (Austropotamobius pallipes) par la FDPPMA03 \u00e0\ndes fins scientifiques pour l'ann\u00e9e\u00a02026.\n12\n03_DDT_Direction D\u00e9partementale des\nTerritoires de l'Allier\n03-2026-03-11-00003\nExtrait de l'arr\u00eat\u00e9 n\u00b0524/2026 du 11/03/2026\nportant prescriptions sp\u00e9cifiques au titre de\nl'article L214-3 du Code de l'environnement\nconcernant la R\u00e9paration du pont des Forges\n03_DDT_Direction D\u00e9partementale des Territoires de l'Allier - 03-2026-03-11-00003 - Extrait de l'arr\u00eat\u00e9 n\u00b0524/2026 du 11/03/2026\nportant prescriptions sp\u00e9cifiques au titre de l'article L214-3 du Code de l'environnement concernant la R\u00e9paration du pont des Forges 13\nDIRECTION D\u00c9PARTEMENTALE DES TERRITOIRES\nService Environnement\nExtrait de l'arr\u00eat\u00e9 n\u00b0524/2026 du 11/03/2026 portant prescriptions sp\u00e9cifiques au titre de l'article \nL214-3 du Code de l'environnement concernant la R\u00e9paration du pont des Forges\nTitre I : OBJET DE LA D\u00c9CLARATION\nArticle 1 : Objet de la d\u00e9claration\nIl est donn\u00e9 acte au Conseil D\u00e9partemental de l'Allier de sa d\u00e9claration en application de l'article L 214-3 du \ncode de l'environnement, sous r\u00e9serve du respect des prescriptions \u00e9nonc\u00e9es par le pr\u00e9sent arr\u00eat\u00e9.\nLes ouvrages rentrent dans la nomenclature des op\u00e9rations soumises \u00e0 d\u00e9claration au titre de l'article L 214-3 \ndu code de l'environnement. Les rubriques d\u00e9finies au tableau de l'article R214-1 du code de l'environnement \nconcern\u00e9es par cette op\u00e9ration sont les suivantes :\nRubrique Intitul\u00e9 R\u00e9gime\n3.1.2.0.  Installations, ouvrages, travaux ou activit\u00e9s conduisant \u00e0 modifier \nle profil en long ou le profil en travers du lit mineur d'un cours \nd'eau, \u00e0 l'exclusion de ceux vis\u00e9s \u00e0 la rubrique 3.1.4.0, ou \nconduisant \u00e0 la d\u00e9rivation d'un cours d'eau :\n1\u00b0 Sur une longueur de cours d'eau sup\u00e9rieure ou \u00e9gale \u00e0 100 m \n(A) ;\n2\u00b0 Sur une longueur de cours d'eau inf\u00e9rieure \u00e0 100 m (D).\nD\u00e9claration\nArr\u00eat\u00e9 du 28 novembre \n2007\n3.1.5.0 Installations, ouvrages, travaux ou activit\u00e9s, dans le lit\nmineur d'un cours d'eau, \u00e9tant de nature \u00e0 d\u00e9truire les\nfray\u00e8res, les zones de croissance ou les zones\nd'alimentation de la faune piscicole, des crustac\u00e9s et des\nbatraciens, ou dans le lit majeur d'un cours d'eau, \u00e9tant de\nnature \u00e0 d\u00e9truire les fray\u00e8res de brochet :\n- Destruction de plus de 200 m\u00b2 de fray\u00e8res (A)\n- Dans les autres cas : D\u00e9claration\nD\u00e9claration\nArr\u00eat\u00e9 du 30 septembre \n2014\nmodifi\u00e9\nLe p\u00e9titionnaire devra veiller au respect des arr\u00eat\u00e9s de prescriptions g\u00e9n\u00e9rales applicables aux diff\u00e9rentes \nrubriques concern\u00e9es par son projet.\nTitre II : Prescriptions techniques\nArticle 2 : P\u00e9riodes d'intervention dans le lit du cours d'eau\nLes interventions dans le lit du cours d'eau se feront entre ao\u00fbt et f\u00e9vrier (hors p\u00e9riode de frai des poissons).\nArticle 3 : Rep\u00e9rage des fray\u00e8res\nLe passage de l'\u00e9cologue 15 jours avant le d\u00e9but des travaux fera l'objet d'un rapport qui sera transmis au \nservice police de l'eau, par mail \u00e0 l'adresse suivante : ddt-se@allier.gouv.fr. \nLe trac\u00e9 de la piste \u00e0 mettre en place sera ajust\u00e9 de fa\u00e7on \u00e0 minimiser les incidences sur les fray\u00e8res.\nArticle 4 :     Anodonte de rivi\u00e8res\nLors du rep\u00e9rage sur le terrain des fray\u00e8res, l'anodonte des rivi\u00e8res devra \u00eatre recherch\u00e9 (d\u00e9tection visuelle \u00e0 \nl'aquascope). Si la pr\u00e9sence de cette esp\u00e8ce est confirm\u00e9e, des mesures de r\u00e9duction, propos\u00e9es par \nl'\u00e9cologue, seront mises en place, apr\u00e8s validation par le service police de l'eau.\nArticle 5 : Chiropt\u00e8res\nDes habitats de substitution pour les chiropt\u00e8res seront mis en place. Le nombre de g\u00eetes sera d\u00e9termin\u00e9 suite \n\u00e0 l'inventaire 2026 pr\u00e9vu par Chauve-souris Auvergne. Les prescriptions propos\u00e9es par chauve-souris \nAuvergne seront mis en place. L'inventaire 2026 sera aussi transmis au service police de l'eau. \nArticle 6 : Rejets dans le milieu naturel\nLes eaux pomp\u00e9es seront d\u00e9cant\u00e9es et un rideau de turbidit\u00e9 en aval des travaux sera mis en place. Le rideau \nde turbidit\u00e9 ne sera enlev\u00e9, apr\u00e8s les travaux, que lorsque la turbidit\u00e9 des eaux, au niveau du pont, sera \n\u00e9quivalente \u00e0 celle des eaux en amont du projet. Le b\u00e9ton sera coul\u00e9 dans des coffrages \u00e9tanches pour \nemp\u00eacher les d\u00e9parts de laitance de b\u00e9ton vers le milieu.\n03_DDT_Direction D\u00e9partementale des Territoires de l'Allier - 03-2026-03-11-00003 - Extrait de l'arr\u00eat\u00e9 n\u00b0524/2026 du 11/03/2026\nportant prescriptions sp\u00e9cifiques au titre de l'article L214-3 du Code de l'environnement concernant la R\u00e9paration du pont des Forges 14\nTitre III : Dispositions g\u00e9n\u00e9rales\nArticle 7 : Conformit\u00e9 au dossier et modifications\nLes installations, objets du pr\u00e9sent arr\u00eat\u00e9, sont situ\u00e9es, install\u00e9es et exploit\u00e9es conform\u00e9ment aux plans et \ncontenus du dossier de demande de d\u00e9claration non contraires aux dispositions du pr\u00e9sent arr\u00eat\u00e9. En \nparticulier, le b\u00e9n\u00e9ficiaire veille au strict respect des mesures d'\u00e9vitement, de r\u00e9duction, de compensation et \nd'accompagnement pr\u00e9vues dans son dossier de demande.\nToute modification apport\u00e9e aux ouvrages, installations, \u00e0 leur mode d'utilisation, \u00e0 la r\u00e9alisation des travaux \nou \u00e0 l'am\u00e9nagement en r\u00e9sultant, \u00e0 l'exercice des activit\u00e9s ou \u00e0 leur voisinage et entra\u00eenant un changement \nnotable des \u00e9l\u00e9ments du dossier de d\u00e9claration doit \u00eatre port\u00e9, avant sa r\u00e9alisation \u00e0 la connaissance du pr\u00e9fet \nqui peut exiger une nouvelle d\u00e9claration.\nArticle 8 : D\u00e9but et fin des travaux \u2013 Mise en service\nLe p\u00e9titionnaire doit informer le service de police de l'eau instructeur du pr\u00e9sent dossier des dates de \nd\u00e9marrage et de fin des travaux et, le cas \u00e9ch\u00e9ant, de la date de mise en service de l'installation.\nArticle 9 : Acc\u00e8s aux travaux et exercice des missions de police\nLes agents en charge de mission de contr\u00f4le au titre du Code de l'environnement ont libre acc\u00e8s,  aux \nactivit\u00e9s, installations, ouvrages ou travaux relevant de la pr\u00e9sente d\u00e9claration dans les conditions fix\u00e9es par \nl'article L.181-16 du Code de l'environnement. Ils peuvent demander communication de toute pi\u00e8ce utile au \ncontr\u00f4le de la bonne ex\u00e9cution du pr\u00e9sent arr\u00eat\u00e9. \nArticle 10 : Droit des tiers\nLes droits des tiers sont et demeurent express\u00e9ment r\u00e9serv\u00e9s.\nArticle 11 : Autres r\u00e9glementations\nLe pr\u00e9sent arr\u00eat\u00e9 ne dispense en aucun cas le d\u00e9clarant de faire les d\u00e9clarations ou d'obtenir les autorisations \nrequises par d'autres r\u00e9glementations.\nArticle 12 : V oies et d\u00e9lais de recours\nLe pr\u00e9sent arr\u00eat\u00e9 est susceptible de recours devant le tribunal administratif territorialement comp\u00e9tent, \nconform\u00e9ment \u00e0 l'article R. 514-3-1 du code de l'environnement :\n1/ Par les tiers int\u00e9ress\u00e9s en raison des inconv\u00e9nients ou des dangers que le fonctionnement de l'installation \npr\u00e9sente pour les int\u00e9r\u00eats mentionn\u00e9s \u00e0 l'article L. 211-1 dans un d\u00e9lai de quatre mois \u00e0 compter du premier \njour de la publication ou de l'affichage de ces d\u00e9cisions ;\n2/ Par les demandeurs ou exploitants, dans un d\u00e9lai de deux mois \u00e0 compter de la date \u00e0 laquelle la d\u00e9cision \nleur a \u00e9t\u00e9 notifi\u00e9e.\nLe pr\u00e9sent arr\u00eat\u00e9 peut faire l'objet d'un recours gracieux ou hi\u00e9rarchique dans le d\u00e9lai de deux mois. Ce \nrecours administratif prolonge de deux mois les d\u00e9lais mentionn\u00e9s aux 1\u00b0 et 2\u00b0.\nArticle 13 : Publication et information des tiers\nConform\u00e9ment \u00e0 l'article R.214-37 du code de l'environnement, une copie de cet arr\u00eat\u00e9 sera transmise \u00e0 la \nmairie de la commune de Nassigny, pour affichage pendant une dur\u00e9e minimale d'un mois.\nCes informations seront mises \u00e0 disposition du public sur le site Internet de la pr\u00e9fecture de l' Allier pendant \nune dur\u00e9e d'au moins 6 mois.\nArticle 14 : Ex\u00e9cution\nLe secr\u00e9taire g\u00e9n\u00e9ral de la pr\u00e9fecture de l'Allier,\nLe maire de la commune de Nassigny,\nLe directeur d\u00e9partemental des territoires de l'Allier,\nLe chef du service d\u00e9partemental de l'office fran\u00e7ais de la biodiversit\u00e9,\nsont charg\u00e9s, chacun en ce qui le concerne, de l'ex\u00e9cution du pr\u00e9sent arr\u00eat\u00e9 qui sera mis \u00e0 disposition du \npublic sur le site internet de la pr\u00e9fecture de l'Allier, et dont une copie sera tenue \u00e0 la disposition du public de \nla mairie de Nassigny.\n\u00c0 Yzeure, le 11/03/2026\nPour le Pr\u00e9fet et par d\u00e9l\u00e9gation \nChef du service Environnement\nSign\u00e9\nFrancis Pruvot\n03_DDT_Direction D\u00e9partementale des Territoires de l'Allier - 03-2026-03-11-00003 - Extrait de l'arr\u00eat\u00e9 n\u00b0524/2026 du 11/03/2026\nportant prescriptions sp\u00e9cifiques au titre de l'article L214-3 du Code de l'environnement concernant la R\u00e9paration du pont des Forges 15\n03_DDT_Direction D\u00e9partementale des\nTerritoires de l'Allier\n03-2026-03-31-00002\nExtrait de l'arr\u00eat\u00e9 n\u00b0735/2026 en date du\n31\u00a0mars\u00a02026 portant sur l'autorisation de\ncapture et de destruction de poissons-chats\n(Ameiurus\u00a0melas) sur le d\u00e9partement de l'Allier,\npour l'ann\u00e9e 2026\n03_DDT_Direction D\u00e9partementale des Territoires de l'Allier - 03-2026-03-31-00002 - Extrait de l'arr\u00eat\u00e9 n\u00b0735/2026 en date du\n31\u00a0mars\u00a02026 portant sur l'autorisation de capture et de destruction de poissons-chats (Ameiurus\u00a0melas) sur le d\u00e9partement de\nl'Allier, pour l'ann\u00e9e 2026\n16\nDIRECTION D\u00c9PARTEMENTALE DES TERRITOIRES DE L'ALLIER\nService environnement/bureau environnement et territoire.\nExtrait de l'arr\u00eat\u00e9 n\u00b0735/2026 en date du 31  mars 2026  portant sur l'autorisation de capture et de  \ndestruction de poissons-chats (Ameiurus\u00a0melas) sur le d\u00e9partement de l'Allier, pour l'ann\u00e9e 2026.\nArticle 1 : objet de l'arr\u00eat\u00e9\nLes personnes nomm\u00e9es ci-apr\u00e8s \u00e0 l'article 2, sont autoris\u00e9es \u00e0 capturer et d\u00e9truire des poissons-chats \n(Ameiurus\u00a0melas) dont la prolif\u00e9ration est susceptible de provoquer des d\u00e9s\u00e9quilibres biologiques.\nCes personnes pourront \u00eatre accompagn\u00e9es de b\u00e9n\u00e9voles plac\u00e9s sous leur responsabilit\u00e9.\nArticle 2 : lieux de p\u00eache et personnes d\u00e9sign\u00e9es pour ces op\u00e9rations\nLes op\u00e9rations de capture se d\u00e9rouleront dans le d\u00e9partement de l'Allier par les personnes et dans les lieux \nindiqu\u00e9s ci-dessous :\nAAPPMA\u00a0de\u00a0C\u00e9rilly\u00a0 \u00a0\u00a0\u00a0\u00a0:\u00a0\u00a0\n\u2022 Lieu : \u00c9tang de Pirot, commune d'Isle-et-Bardais (03 360).\n\u2022 Personnes d\u00e9sign\u00e9es : \u2501 St\u00e9phane Gedoux ;\n\u2501 Isabelle Gedoux ;\n\u2501 Patrick Aujon ;\n\u2501 Marcel Larobe ;\n\u2501 Jean-Paul Lebois ;\n\u2501 Daniel Denis ;\n\u2501 Jean-Luc Lamberioux.\nAAPPMA  \u00a0de\u00a0H\u00e9risson  \u00a0  :  \n\u2022 Lieux : Rivi\u00e8re Aumance, commune de H\u00e9risson (03 190) :\n\u2501 lieu-dit du moulin de Butoir ;\n\u2501 lieu-dit du moulin de Gateuil ;\n\u2501 lieu-dit les Foucauds ;\n\u2501 lieu-dit les Cassons ;\n\u2501 parcours de p\u00eache labellis\u00e9 \u00ab famille \u00bb ;\n\u2501 camping municipal ;\n\u2501 lieu-dit Crochepot ;\n\u2501 lieu-dit la Grivol\u00e9e ;\n\u2501 le long du stade municipal ;\n\u2501 lieu-dit Renaud.\n\u2022 Personnes d\u00e9sign\u00e9es : \u2501 Daniel Alinot ;\n\u2501 Jean-Yves Alinot ;\n\u2501 Lilian Alinot ;\n\u2501 Philippe Mathiaux ;\n\u2501 Jo\u00ebl Bedoin ;\n\u2501 Michel Aurat ;\n\u2501 Patrick Passevant.\nAAPPMA\u00a0de\u00a0Saint-Pour\u00e7ain-sur-Sioule\u00a0 \u00a0\u00a0\u00a0\u00a0:\u00a0\u00a0\n\u2022 Lieu : \u00c9tang de Gouzolles, commune de Bayet (03 500).\n\u2022 Personnes d\u00e9sign\u00e9es : \u2501 G\u00e9rard Guinot ;\n\u2501 Jean-Yves Landras ;\n\u2501 Bruno Leray ;\n\u2501 Alain Soissons ;\n\u2501 Guy Roumeau ;\n\u2501 Jean-Luc Champagnat ;\n03_DDT_Direction D\u00e9partementale des Territoires de l'Allier - 03-2026-03-31-00002 - Extrait de l'arr\u00eat\u00e9 n\u00b0735/2026 en date du\n31\u00a0mars\u00a02026 portant sur l'autorisation de capture et de destruction de poissons-chats (Ameiurus\u00a0melas) sur le d\u00e9partement de\nl'Allier, pour l'ann\u00e9e 2026\n17\n\u2501 Gilles Montovan ;\n\u2501 Jean-Fran\u00e7ois Augendre.\nAAPPMA\u00a0de\u00a0V allon-en-Sully\u00a0 \u00a0\u00a0\u00a0\u00a0:\u00a0\u00a0\n\u2022 Lieu : Canal de Berry, commune de Vallon-en-Sully (03 190).\n\u2022 Personnes d\u00e9sign\u00e9es : \u2501 David Plaveret ;\n\u2501 Jos\u00e9 Da Silva ;\n\u2501 Simon Ribet.\nAAPPMA\u00a0de\u00a0Vichy\u00a0 \u00a0\u00a0\u00a0\u00a0:\u00a0\u00a0\n\u2022 Lieu : Boire Pierre Talon, commune d'Abrest (03 200).\n\u2022 Personnes d\u00e9sign\u00e9es : \u2501 Jonathan Flouret ;\n\u2501 Nicolas Momet ;\n\u2501 Math\u00e9o Theuil ;\n\u2501 Ange Raymond ;\n\u2501 Alain Cognet ;\n\u2501 J\u00e9r\u00e9my Lopez ;\n\u2501 Patrice Bournadet.\nCes p\u00eaches pourront \u00eatre effectu\u00e9es :\n\u2022 sur le domaine public fluvial o\u00f9 les AAPPMA sont adjudicataires des lots de p\u00eache ;\n\u2022 sur le domaine priv\u00e9 o\u00f9 les AAPPMA auront obtenu le consentement \u00e9crit des d\u00e9tenteurs du droit de p\u00eache \n(les droits des tiers \u00e9tant r\u00e9serv\u00e9s).\nChaque pr\u00e9sident d'AAPPMA est responsable des op\u00e9rations effectu\u00e9es sur ses cantonnements.\nArticle 3 : moyens de captures\nLes captures se feront uniquement par des nasses et \u00e9puisettes sp\u00e9cifiques \u00e0 la capture de l'esp\u00e8ce \nAmeiurus\u00a0melas. La manipulation de ces engins s'effectuera pendant les heures et p\u00e9riodes l\u00e9gales de p\u00eache \n(voir avis annuel 2026 correspondant \u00e0 l'arr\u00eat\u00e9 n\u00b02804/2025 relatif \u00e0 la r\u00e9glementation de la p\u00eache en eau \ndouce dans le d\u00e9partement de l'Allier pour l'ann\u00e9e 2026).\nArticle 4 : utilisation exceptionnelle de l'\u00e9pervier\nL'AAPPMA de C\u00e9rilly est autoris\u00e9e, \u00e0 titre exceptionnel, \u00e0 recourir \u00e0 l'utilisation de l'\u00e9pervier \u00e0 mailles \nfines (maximum 2 cm) sur des bancs de poissons localis\u00e9s \u00e0 vue, sur le pan d'eau de Pirot.\nLa manipulation de ces engins s'effectuera pendant les heures et p\u00e9riodes l\u00e9gales de p\u00eache (voir avis annuel \n2026 correspondant \u00e0 l'arr\u00eat\u00e9 n\u00b02804/2025 relatif \u00e0 la r\u00e9glementation de la p\u00eache en eau douce dans le \nd\u00e9partement de l'Allier pour l'ann\u00e9e 2026).\nArticle 5 : dates, programmation et contr\u00f4le des op\u00e9rations\nCes p\u00eaches de destruction pourront se d\u00e9rouler \u00e0 compter de la date de signature du pr\u00e9sent arr\u00eat\u00e9, jusqu'au \n31 d\u00e9cembre 2026.\nChaque pr\u00e9sident d'AAPPMA devra informer le ou les agents de l'Office fran\u00e7ais de la biodiversit\u00e9 \nconcern\u00e9(s) sur le secteur, du d\u00e9but et de la fin des op\u00e9rations.\nCes p\u00eaches peuvent \u00eatre contr\u00f4l\u00e9es, par tous les services de police et de gendarmerie ainsi que par les agents \nde l'Office fran\u00e7ais de la biodiversit\u00e9.\nArticle 6 : destination des poissons captur\u00e9s\nLes poissons-chats (Ameiurus\u00a0melas) seront d\u00e9truits sur place de m\u00eame que les esp\u00e8ces captur\u00e9es \naccidentellement qui figurent sur la liste des esp\u00e8ces exotiques envahissantes de l'arr\u00eat\u00e9 du 14 f\u00e9vrier 2018 \n(et ses annexes) relatif \u00e0 la pr\u00e9vention de l'introduction et de la propagation des esp\u00e8ces animales exotiques \nenvahissantes sur le territoire m\u00e9tropolitain.\nCes esp\u00e8ces ne peuvent pas \u00eatre d\u00e9tenues, transport\u00e9es vivantes ou remises dans le milieu naturel \nimm\u00e9diatement apr\u00e8s leur capture (cf. article L. 432-10 du Code de l'environnement).\nLes poissons d'autres esp\u00e8ces ne figurant pas \u00e0 l'arr\u00eat\u00e9 du 14 f\u00e9vrier 2018 (et ses annexes) devront \u00eatre \nimm\u00e9diatement remis \u00e0 l'eau.\nArticle 7 : compte-rendu d'ex\u00e9cution\nEn fin de campagne, ces op\u00e9rations de p\u00eaches exceptionnelles feront l'objet d'un compte-rendu \u00e9tabli par le \npr\u00e9sident de chaque AAPPMA qui l'adressera au pr\u00e9sident de la F\u00e9d\u00e9ration de la p\u00eache et de la protection du \nmilieu aquatique.\n03_DDT_Direction D\u00e9partementale des Territoires de l'Allier - 03-2026-03-31-00002 - Extrait de l'arr\u00eat\u00e9 n\u00b0735/2026 en date du\n31\u00a0mars\u00a02026 portant sur l'autorisation de capture et de destruction de poissons-chats (Ameiurus\u00a0melas) sur le d\u00e9partement de\nl'Allier, pour l'ann\u00e9e 2026\n18\nCe compte-rendu indiquera notamment :\n\u2022 les conditions dans lesquelles se sont d\u00e9roul\u00e9es les op\u00e9rations ;\n\u2022 les dates et heures d'intervention, lieux pr\u00e9cis, longueurs de cours d'eau et/ou surfaces de plan d'eau \nprospect\u00e9es ;\n\u2022 le nombre d'engins ou modes de p\u00eache utilis\u00e9s ;\n\u2022 les quantit\u00e9s num\u00e9riques (\u00e9valuation) et pond\u00e9rales correspondantes, pour les juv\u00e9niles et/ou les adultes ;\n\u2022 les relev\u00e9s de temp\u00e9rature de l'eau \u00e0 chaque p\u00eache et les observations diverses.\nLa f\u00e9d\u00e9ration \u00e9tablira ensuite une synth\u00e8se d\u00e9partementale qui sera transmise par ses soins dans un d\u00e9lai de \ntrois (3) mois apr\u00e8s la date de cl\u00f4ture des op\u00e9rations \u00e0 la Direction d\u00e9partementale des territoires de l'Allier \net au chef du service d\u00e9partemental de l'Office fran\u00e7ais de la biodiversit\u00e9.\nArticle 8 : publication et informations des tiers\nLe pr\u00e9sent arr\u00eat\u00e9 sera notifi\u00e9 \u00e0 monsieur le pr\u00e9sident de la F\u00e9d\u00e9ration d\u00e9partementale de l'Allier pour la \np\u00eache et la protection du milieu aquatique qui en adressera une copie aux pr\u00e9sidents des AAPPMA \nconcern\u00e9es.\nLe pr\u00e9sent arr\u00eat\u00e9 sera publi\u00e9 au recueil des actes administratifs de la pr\u00e9fecture de l'Allier.\nArticle 9 : voies et d\u00e9lais de recours\nL'arr\u00eat\u00e9 peut-\u00eatre d\u00e9f\u00e9r\u00e9 au tribunal administratif de Clermont-Ferrand, conform\u00e9ment \u00e0 l'article R. 181-50 \ndu Code de l'environnement dans un d\u00e9lai de deux (2) mois \u00e0 compter de sa notification.\nLa juridiction administrative peut aussi \u00eatre saisie par l'application \u00ab T\u00e9l\u00e9recours citoyens \u00bb accessible \u00e0 \npartir du site www.telerecours.fr.\nArticle 10 : ex\u00e9cution\nLe secr\u00e9taire g\u00e9n\u00e9ral de la pr\u00e9fecture de l'Allier, le sous-pr\u00e9fet de Vichy, le sous-pr\u00e9fet de Montlu\u00e7on, le \ndirecteur d\u00e9partemental de la s\u00e9curit\u00e9 publique, le commandant du groupement de gendarmerie de l'Allier, le \ndirecteur d\u00e9partemental des territoires de l'Allier, le chef du service d\u00e9partemental de l'Office fran\u00e7ais de la \nbiodiversit\u00e9 sont charg\u00e9s, chacun en ce qui le concerne, de l'ex\u00e9cution du pr\u00e9sent arr\u00eat\u00e9.\nYzeure, le 31 mars 2026\nFrancis Pruvot\nSign\u00e9\nChef du service environnement\n03_DDT_Direction D\u00e9partementale des Territoires de l'Allier - 03-2026-03-31-00002 - Extrait de l'arr\u00eat\u00e9 n\u00b0735/2026 en date du\n31\u00a0mars\u00a02026 portant sur l'autorisation de capture et de destruction de poissons-chats (Ameiurus\u00a0melas) sur le d\u00e9partement de\nl'Allier, pour l'ann\u00e9e 2026\n19\n03_DDT_Direction D\u00e9partementale des\nTerritoires de l'Allier\n03-2026-02-23-00004\nExtrait du compte-rendu de la formation\nsp\u00e9cialis\u00e9e de la Commission D\u00e9partementale de\nla chasse et de la faune sauvage du 23 f\u00e9vrier\n2026, relative \u00e0 l'indemnisation des d\u00e9g\u00e2ts\ncaus\u00e9s par le gibier aux cultures agricoles.\n03_DDT_Direction D\u00e9partementale des Territoires de l'Allier - 03-2026-02-23-00004 - Extrait du compte-rendu de la formation\nsp\u00e9cialis\u00e9e de la Commission D\u00e9partementale de la chasse et de la faune sauvage du 23 f\u00e9vrier 2026, relative \u00e0 l'indemnisation des\nd\u00e9g\u00e2ts caus\u00e9s par le gibier aux cultures agricoles.\n20\nDIRECTION DEPARTEMENTALE DES TERRITOIRES DE L'ALLIER\nExtrait du compte-rendu de la formation sp\u00e9cialis\u00e9e de la Commission D\u00e9partementale de la chasse et  \nde la faune sauvage du 23 f\u00e9vrier 2026, relative \u00e0 l'indemnisation des d\u00e9g\u00e2ts caus\u00e9s par le gibier aux  \ncultures agricoles.\nFixation des prix 2026 de remise en \u00e9tat des prairies :\nManuelle 23,08 \u20ac /heure\nHerse (2 passages crois\u00e9s) 97,46 \u20ac /ha\nHerse \u00e0 prairie, \u00e9taupinoir 74,43 \u20ac /ha\nHerse rotative ou alternative (seule) 99,64 \u20ac/ha\nHerse rotative ou alternative + semoir 142,97 \u20ac /ha\nBroyeur \u00e0 marteau \u00e0 axe horizontal 105,17 \u20ac/ha\nRouleau 40,51 \u20ac /ha\nCharrue 146,65 \u20ac /ha\nRotavator 105,17 \u20ac /ha\nSemoir 74,43 \u20ac /ha\nTraitement 54,88 \u20ac /ha\nSemoir \u00e0 semis direct 85,17 \u20ac /ha\nFixation des prix 2026 pour les ressemis des principales cultures  :\nHerse rotative ou alternative + semoir 142,97 \u20ac /ha\nSemoir 74,43 \u20ac /ha\nTraitement 54,88 \u20ac /ha\nSemoir \u00e0 semis direct 85,17 \u20ac /ha\nSemence certifi\u00e9e de c\u00e9r\u00e9ales 120,30 \u20ac /ha\nSemence certifi\u00e9e de ma\u00efs 215,94 \u20ac /ha\nSemence certifi\u00e9e de pois 223,18 \u20ac /ha\nSemence certifi\u00e9e de colza 107,81 \u20ac /ha\nSemences fourrag\u00e8res 189,57 \u20ac /ha\nYZEURE, le 23 f\u00e9vrier 2026\nFrancis PRUVOT\nChef du service environnement\n03_DDT_Direction D\u00e9partementale des Territoires de l'Allier - 03-2026-02-23-00004 - Extrait du compte-rendu de la formation\nsp\u00e9cialis\u00e9e de la Commission D\u00e9partementale de la chasse et de la faune sauvage du 23 f\u00e9vrier 2026, relative \u00e0 l'indemnisation des\nd\u00e9g\u00e2ts caus\u00e9s par le gibier aux cultures agricoles.\n21\n03_Pr\u00e9f_Pr\u00e9fecture de l'Allier\n03-2026-03-31-00003\n                                                                               \nArr\u00eat\u00e9 prorogeant les effets de l'arr\u00eat\u00e9\npr\u00e9fectoral n\u00b0 1393 / 2021 du 16 juin 2021\nd\u00e9clarant d'utilit\u00e9 publique le projet\nd'am\u00e9nagement de l'\u00eelot Gacon/Poncet\ndans le centre bourg du Donjon pr\u00e9sent\u00e9 par la\ncommune du Donjon\n03_Pr\u00e9f_Pr\u00e9fecture de l'Allier - 03-2026-03-31-00003 -                                                                                 Arr\u00eat\u00e9 prorogeant les effets de\nl'arr\u00eat\u00e9 pr\u00e9fectoral n\u00b0 1393 / 2021 du 16 juin 2021 d\u00e9clarant d'utilit\u00e9 publique le projet d'am\u00e9nagement de l'\u00eelot Gacon/Poncet\ndans le centre bourg du Donjon pr\u00e9sent\u00e9 par la commune du Donjon\n22\nPREFETDE L'ALLIERLibert\u00e9Egalit\u00e9Fraternit\u00e9\n                          \n N\u00b0 755 / 2026\n            du 31 mars 2026\n                                                                                                  \nARR\u00caT\u00c9\n                                                                                                                                             \nprorogeant les effets de l'arr\u00eat\u00e9 pr\u00e9fectoral n\u00b0 1393 / 2021 du 16 juin 2021 d\u00e9clarant d'utilit\u00e9\npublique le projet d'am\u00e9nagement de l'\u00eelot Gacon/Poncet\ndans le centre bourg du Donjon pr\u00e9sent\u00e9 par la commune du Donjon\nLe Pr\u00e9fet de l'Allier,\nChevalier de l'ordre national du M\u00e9rite\nVu le Code de l'expropriation pour cause d'utilit\u00e9 publique, notamment l'article L.121-5 ;\nVu l'arr\u00eat\u00e9  pr\u00e9fectoral  n\u00b0  1393/2021  du  16  juin  2021  d\u00e9clarant  d'utilit\u00e9  publique  le  projet\nd'am\u00e9nagement de l'\u00eelot Gacon/Poncet dans le centre bourg du Donjon pr\u00e9sent\u00e9 par la commune\ndu Donjon ;\nVu le courrier du Maire de la commune du Donjon en date du 4 mars 2026 sollicitant du pr\u00e9fet de\nl'Allier, la prorogation des effets de la d\u00e9claration d'utilit\u00e9 publique (DUP) afin de permettre la\npoursuite et l'aboutissement du projet concern\u00e9 ;\nVu le d\u00e9cret n\u00b0 2004-374 du 29 avril 2004 modifi\u00e9, relatif aux pouvoirs des pr\u00e9fets, \u00e0 l'organisation\net \u00e0 l'action des services de l'\u00c9tat dans les r\u00e9gions et d\u00e9partements ;\nVu  l'arr\u00eat\u00e9 n\u00b0 877 / 2025 du 6 mai 2025 portant d\u00e9l\u00e9gation de signature \u00e0 Monsieur Olivier\nMAUREL, Secr\u00e9taire g\u00e9n\u00e9ral de la pr\u00e9fecture de l'Allier ;\nConsid\u00e9rant que le d\u00e9lai de validit\u00e9 de la DUP relative au projet est fix\u00e9 \u00e0 cinq ans conform\u00e9ment\n\u00e0 l'article 3 de l'arr\u00eat\u00e9 pr\u00e9fectoral n\u00b0 1393/2021 du 16 juin 2021, et par application de l'article\nL.121-4 du Code de l'expropriation expire le 16 juin 2026 ;\nConsid\u00e9rant que l'objet de l'op\u00e9ration, le p\u00e9rim\u00e8tre \u00e0 exproprier, les circonstances de fait ou de\ndroit n'ont pas chang\u00e9s de mani\u00e8re substantielle et que le d\u00e9lai initialement pr\u00e9vu n'est pas expir\u00e9\n\u00e0 la date d'effet du pr\u00e9sent arr\u00eat\u00e9 pour la r\u00e9alisation de celui-ci ;\nConsid\u00e9rant que le d\u00e9lai initialement imparti \u00e0 l'ex\u00e9cution du projet n'a pu \u00eatre respect\u00e9 en raison\nde contraintes li\u00e9es au d\u00e9roulement des proc\u00e9dures administratives et contentieuses  ;\nConsid\u00e9rant qu'il y a lieu de proroger les effets de la DUP initiale pour une dur\u00e9e identique, soit\ncinq ans ;\nConsid\u00e9rant que dans ces conditions il n'est pas requis pour l'administration de r\u00e9aliser une\nenqu\u00eate publique afin de proroger les effets de l'arr\u00eat\u00e9 pr\u00e9fectoral de la DUP du projet ;\nSur proposition de Monsieur le Secr\u00e9taire G\u00e9n\u00e9ral de la pr\u00e9fecture de l'Allier ;\nPr\u00e9fecture de l'Allier\n2 rue Michel de l'Hospital\nCS 31649 - 03016 MOULINS Cedex\nT\u00e9l. 04 70 48 30 00 - prefecture@allier.gouv.fr\nwww.allier.gouv.fr\nDirection de la coordination\ndes Politiques Publiques\nBureau de l'environnement et de l'utilit\u00e9 publique\n03_Pr\u00e9f_Pr\u00e9fecture de l'Allier - 03-2026-03-31-00003 -                                                                                 Arr\u00eat\u00e9 prorogeant les effets de\nl'arr\u00eat\u00e9 pr\u00e9fectoral n\u00b0 1393 / 2021 du 16 juin 2021 d\u00e9clarant d'utilit\u00e9 publique le projet d'am\u00e9nagement de l'\u00eelot Gacon/Poncet\ndans le centre bourg du Donjon pr\u00e9sent\u00e9 par la commune du Donjon\n23\n2\nARR\u00caTE\n                                           \nArticle 1 : Les effets de la d\u00e9claration d'utilit\u00e9 publique prononc\u00e9e par arr\u00eat\u00e9 pr\u00e9fectoral n\u00b0\n1393/2021 du 16 juin 2021 sont prorog\u00e9s pour une dur\u00e9e de cinq ans \u00e0 compter du 16 juin 2026.\nArticle 2 : Le pr\u00e9sent document fera l'objet d'un affichage en mairie du Donjon pendant une\ndur\u00e9e de 2 mois.\nArticle 3 : Cet  arr\u00eat\u00e9  pourra  faire  l'objet  d'un  recours  contentieux  devant  le  tribunal\nadministratif dans un d\u00e9lai de 2  mois qui commencera \u00e0 courir \u00e0 compter de son affichage en\nmairie.\nLe  tribunal  administratif  peut  \u00eatre  saisi  par  l'application  informatique  \u00ab  T\u00e9l\u00e9recours  citoyen \u00bb\naccessible avec le site internet suivant \u00ab www.telerecours.fr \u00bb.\nArticle 4 : Le Secr\u00e9taire g\u00e9n\u00e9ral de la pr\u00e9fecture de l'Allier, le Sous-Pr\u00e9fet de l'arrondissement de\nVichy, le  Maire de la commune du Donjon  sont charg\u00e9s, chacun en ce qui le concerne, de\nl'ex\u00e9cution du pr\u00e9sent arr\u00eat\u00e9 dont un extrait sera publi\u00e9 au recueil des actes administratifs de la\npr\u00e9fecture de l'Allier.\nMoulins, le 31 mars 2026\nPour le Pr\u00e9fet et par d\u00e9l\u00e9gation,\nLe Secr\u00e9taire g\u00e9n\u00e9ral,\nSign\u00e9\nOlivier MAUREL\n03_Pr\u00e9f_Pr\u00e9fecture de l'Allier - 03-2026-03-31-00003 -                                                                                 Arr\u00eat\u00e9 prorogeant les effets de\nl'arr\u00eat\u00e9 pr\u00e9fectoral n\u00b0 1393 / 2021 du 16 juin 2021 d\u00e9clarant d'utilit\u00e9 publique le projet d'am\u00e9nagement de l'\u00eelot Gacon/Poncet\ndans le centre bourg du Donjon pr\u00e9sent\u00e9 par la commune du Donjon\n24\n3\nANNEXE\n\u00e0 l'arr\u00eat\u00e9 n\u00b0 755 / 2026 du 31 mars 2026 \nprorogeant les effets de l'arr\u00eat\u00e9 pr\u00e9fectoral n\u00b0 1393/2021 du 16 juin 2021 d\u00e9clarant d'utilit\u00e9\npublique le projet d'am\u00e9nagement de l'\u00eelot Gacon/Poncet\ndans le centre bourg du Donjon pr\u00e9sent\u00e9 par la commune du Donjon\nPLAN PARCELLAIRE\n03_Pr\u00e9f_Pr\u00e9fecture de l'Allier - 03-2026-03-31-00003 -                                                                                 Arr\u00eat\u00e9 prorogeant les effets de\nl'arr\u00eat\u00e9 pr\u00e9fectoral n\u00b0 1393 / 2021 du 16 juin 2021 d\u00e9clarant d'utilit\u00e9 publique le projet d'am\u00e9nagement de l'\u00eelot Gacon/Poncet\ndans le centre bourg du Donjon pr\u00e9sent\u00e9 par la commune du Donjon\n25\ni o\u2014SS/// Place4 qsieur GaconEssac\nC9 P\u00e9rim\u00e8trede la DUP\u00c0 \u00ae R7 > : OY) Parcelles\u00e0 acqu\u00e9rirSecteur Gacon/Poncet \u2014 Plan de la DUP d\u00e9limitant les immeubles \u00e0 exproprier \u2014 Fond de plan cadastre.gouv.fr\n4\n03_Pr\u00e9f_Pr\u00e9fecture de l'Allier - 03-2026-03-31-00003 -                                                                                 Arr\u00eat\u00e9 prorogeant les effets de\nl'arr\u00eat\u00e9 pr\u00e9fectoral n\u00b0 1393 / 2021 du 16 juin 2021 d\u00e9clarant d'utilit\u00e9 publique le projet d'am\u00e9nagement de l'\u00eelot Gacon/Poncet\ndans le centre bourg du Donjon pr\u00e9sent\u00e9 par la commune du Donjon\n26\n03_Pr\u00e9f_Pr\u00e9fecture de l'Allier\n03-2026-03-16-00006\nArr\u00eat\u00e9 n\u00b0655/2026 du 16 mars 2026 portant\nhabilitation de l'association F\u00e9d\u00e9ration de l'Allier\npour la P\u00eache et la Protection du Milieu\nAquatique pour participer au d\u00e9bat sur\nl'environnement se d\u00e9roulant dans le cadre des\ninstances consultatives d\u00e9partementales \n03_Pr\u00e9f_Pr\u00e9fecture de l'Allier - 03-2026-03-16-00006 - Arr\u00eat\u00e9 n\u00b0655/2026 du 16 mars 2026 portant habilitation de l'association\nF\u00e9d\u00e9ration de l'Allier pour la P\u00eache et la Protection du Milieu Aquatique pour participer au d\u00e9bat sur l'environnement se d\u00e9roulant\ndans le cadre des instances consultatives d\u00e9partementales \n27\nPREFETDE L'ALLIERLibert\u00e9Egalit\u00e9Fraternit\u00e9\nDirection de la coordination \ndes politiques publiques\nBureau de l'environnement et de l'utilit\u00e9 publique\nN\u00b0   655   /  2026\n                                      Du 16 mars 2026\nARR\u00caT\u00c9\nportant habilitation de l'association\n\u00ab F\u00e9d\u00e9ration de l'Allier pour la P\u00eache et la Protection du Milieu Aquatique \u00bb\npour participer au d\u00e9bat sur l'environnement \nse d\u00e9roulant dans le cadre des instances consultatives d\u00e9partementales\nLe Pr\u00e9fet de l'Allier\nChevalier de l'ordre national du M\u00e9rite\nVu le Code de l'environnement, et notamment ses articles L.141-1 \u00e0 L.141-3, et R.141-2 \u00e0 R.141-26 ;\nVu le d\u00e9cret n\u00b0 2011 \u2013 832 du 12 juillet 2011 relatif \u00e0 la r\u00e9forme de l'agr\u00e9ment au titre de la\nprotection  de  l'environnement  et  \u00e0  la  d\u00e9signation  des  associations  agr\u00e9\u00e9es,  organismes  et\nfondations reconnues d'utilit\u00e9 publique au sein de certaines instances ;\nVu l'arr\u00eat\u00e9 minist\u00e9riel du 12 juillet 2011 fixant la composition du dossier de demande de participation\nau d\u00e9bat sur l'environnement dans le cadre d'instances consultatives, tel que mentionn\u00e9 \u00e0 l'article\nL.141-3 du Code de l'environnement ;\nVu l'arr\u00eat\u00e9 pr\u00e9fectoral n\u00b0 2241/2012 du 7 ao\u00fbt 2012 fixant les modalit\u00e9s d'application au niveau\nd\u00e9partemental, des conditions \u00e0 remplir par une association agr\u00e9\u00e9e au titre de la protection de\nl'environnement ou par une fondation reconnue d'utilit\u00e9 publique, pour \u00eatre habilit\u00e9e \u00e0 participer au\nd\u00e9bat sur l'environnement au sein de certaines instances, conform\u00e9ment \u00e0 l'article R.141-21 du\nCode de l'environnement ;\nVu l'arr\u00eat\u00e9 n\u00b0877/2025 du 6 mai 2025 portant  d\u00e9l\u00e9gation de signature \u00e0 M.  Olivier MAUREL,\nsecr\u00e9taire g\u00e9n\u00e9ral de la pr\u00e9fecture de l'Allier ;\nVu le dossier de demande d'habilitation pour participer au d\u00e9bat sur l'environnement au sein de\ncertaines instances, d\u00e9pos\u00e9 le 22 d\u00e9cembre 2025 et compl\u00e9t\u00e9 le 20 f\u00e9vrier 2026, par la F\u00e9d\u00e9ration\nde l'Allier pour la p\u00eache et la protection du milieu aquatique ;\nVu l'avis  favorable  rendu  le  10  mars  2026  par  le  Directeur  R\u00e9gional  de  l'Environnement  de\nl'Am\u00e9nagement et du Logement d'Auvergne-Rh\u00f4ne-Alpes ; \nVu les avis tacites de Madame le procureur g\u00e9n\u00e9ral pr\u00e8s la Cour d'Appel de Riom et du directeur\nd\u00e9partemental des territoires en date du 12 mars 2026 ; \nConsid\u00e9rant que l'association \u00ab   F\u00e9d\u00e9ration de l'Allier pour la p\u00eache et la protection du milieu\naquatique \u00bb  a  obtenu  le  renouvellement  de  son  agr\u00e9ment  au  titre  de  la  protection  de\nl'environnement par arr\u00eat\u00e9 pr\u00e9fectoral n\u00b0 2389/2024 du 30 octobre 2024 ;  \nConsid\u00e9rant que la f\u00e9d\u00e9ration regroupe 16  610 p\u00eacheurs, membres \u00e0 jour de leur cotisation en\n2025 ;\nConsid\u00e9rant qu'elle d\u00e9montre une activit\u00e9 effective \u00e0 l'\u00e9chelle de l'ensemble du d\u00e9partement :\n- suivi des peuplements piscicoles ;\n- suivi thermique des cours d'eau ;\n- travaux de restauration de cours d'eau ou plans d'eau.\n1/2\nPr\u00e9fecture de l'Allier\n2 rue Michel de l'Hospital\nCS 31649 - 03016 MOULINS Cedex\nT\u00e9l. 04 70 48 30 00 - prefecture@allier.gouv.fr\nwww.allier.gouv.fr\n03_Pr\u00e9f_Pr\u00e9fecture de l'Allier - 03-2026-03-16-00006 - Arr\u00eat\u00e9 n\u00b0655/2026 du 16 mars 2026 portant habilitation de l'association\nF\u00e9d\u00e9ration de l'Allier pour la P\u00eache et la Protection du Milieu Aquatique pour participer au d\u00e9bat sur l'environnement se d\u00e9roulant\ndans le cadre des instances consultatives d\u00e9partementales \n28\nConsid\u00e9rant que la F\u00e9d\u00e9ration de l'Allier pour la P\u00eache et la Protection du Milieu Aquatique \u00e9tablit\nson  activit\u00e9  et  son  expertise  dans  plusieurs  domaines  mentionn\u00e9s  au  L.141-1  du  Code  de\nl'environnement, \u00e0 savoir la protection de l'eau et des milieux aquatiques sur le d\u00e9partement de\nl'Allier ; \nConsid\u00e9rant qu'elle b\u00e9n\u00e9ficie d'une structuration p\u00e9renne et d'un fonctionnement d\u00e9mocratique ;\nConsid\u00e9rant que ses ressources financi\u00e8res sont vari\u00e9es, n'\u00e9manent pas du m\u00eame financeur priv\u00e9\nou  d'une  m\u00eame  personne  publique  et  proviennent,  pour  l'exercice  2024,  essentiellement  de\nsubventions, de ventes et de cotisations ;\nSur proposition de M. le secr\u00e9taire g\u00e9n\u00e9ral de la pr\u00e9fecture,\nARR\u00caTE\nArticle 1  er   : La F\u00e9d\u00e9ration de l'Allier pour la P\u00eache et la Protection du Milieu Aquatique dont le si\u00e8ge\nsocial  est situ\u00e9  8 rue de la Ronde \u2013 03500 Saint-Pour\u00e7ain-sur-Sioule, peut \u00eatre d\u00e9sign\u00e9 pour\nprendre part au d\u00e9bat sur l'environnement se d\u00e9roulant dans le cadre des instances consultatives\nd\u00e9partementales ayant vocation \u00e0 examiner les politiques d'environnement et de d\u00e9veloppement\ndurable vis\u00e9es \u00e0 l'article L.141-3 du Code de l'environnement, pour une p\u00e9riode de cinq ans.\nArticle 2 : En cas de non-renouvellement de l'agr\u00e9ment, l'habilitation dont b\u00e9n\u00e9ficie la F\u00e9d\u00e9ration de\nl'Allier pour la P\u00eache et la Protection du Milieu Aquatique, deviendra sans effet.\nArticle 3 : Le pr\u00e9sent arr\u00eat\u00e9 sera notifi\u00e9 au pr\u00e9sident de la F\u00e9d\u00e9ration de l'Allier pour la P\u00eache et la\nProtection du Milieu Aquatique, publi\u00e9 au recueil des actes administratifs de la pr\u00e9fecture et sur le\nsite internet de la pr\u00e9fecture.\nArticle 4  :  Le pr\u00e9sent  arr\u00eat\u00e9 peut  faire l'objet  d'un recours devant  le Tribunal Administratif  de\nClermont-Ferrand dans un d\u00e9lai de deux mois \u00e0 compter de sa publication. \nArticle 5  : Monsieur le secr\u00e9taire g\u00e9n\u00e9ral de la Pr\u00e9fecture est charg\u00e9 de l'ex\u00e9cution du pr\u00e9sent\narr\u00eat\u00e9 qui sera notifi\u00e9 \u00e0 Madame le procureur g\u00e9n\u00e9ral pr\u00e8s la Cour d'Appel de Riom, Mmes les\npr\u00e9sidentes du tribunal judiciaire de Moulins, Cusset/Vichy et Montlu\u00e7on, M. le directeur r\u00e9gional de\nl'environnement,  de  l'am\u00e9nagement  et  du  logement  Auvergne  Rh\u00f4ne-Alpes  et  M.  le  directeur\nd\u00e9partemental des territoires.  \nMoulins, le 16 mars 2026\nPour le pr\u00e9fet et par d\u00e9l\u00e9gation\nLe secr\u00e9taire g\u00e9n\u00e9ral\nSign\u00e9\nOlivier MAUREL\n2/2\n03_Pr\u00e9f_Pr\u00e9fecture de l'Allier - 03-2026-03-16-00006 - Arr\u00eat\u00e9 n\u00b0655/2026 du 16 mars 2026 portant habilitation de l'association\nF\u00e9d\u00e9ration de l'Allier pour la P\u00eache et la Protection du Milieu Aquatique pour participer au d\u00e9bat sur l'environnement se d\u00e9roulant\ndans le cadre des instances consultatives d\u00e9partementales \n29\n03_Pr\u00e9f_Pr\u00e9fecture de l'Allier\n03-2026-03-16-00003\nExtrait de l'arr\u00eat\u00e9 n\u00b0663/2026 du 16 mars 2026\nportant modification de l'arr\u00eat\u00e9 n\u00b01096/2025 du\n\u00a06\u00a0juin 2025 habilitant la soci\u00e9t\u00e9 LINEAMENTA\npour r\u00e9aliser les analyses d'impact pr\u00e9vues au III\nde l'article L 752-6 du code du commerce\n03_Pr\u00e9f_Pr\u00e9fecture de l'Allier - 03-2026-03-16-00003 - Extrait de l'arr\u00eat\u00e9 n\u00b0663/2026 du 16 mars 2026 portant modification de l'arr\u00eat\u00e9\nn\u00b01096/2025 du \u00a06\u00a0juin 2025 habilitant la soci\u00e9t\u00e9 LINEAMENTA pour r\u00e9aliser les analyses d'impact pr\u00e9vues au III de l'article L 752-6 du\ncode du commerce\n30\nPR\u00c9FECTURE\nDirection de la coordination des politiques publiques\nBureau de la coordination des politiques publiques\nExtrait de l'arr\u00eat\u00e9 n \u00b0663/2026 du 16 mars 2026 portant modification de l'arr\u00eat\u00e9 n\u00b01096/2025 du\n6 juin 2025 habilitant la soci\u00e9t\u00e9 LINEAMENTA pour r\u00e9aliser les analyses d'impact pr\u00e9vues au III de\nl'article L 752-6 du code du commerce\nArticle 1er : Suite  \u00e0  un  changement  d'adresse  de  son  si\u00e8ge  social,  l'article  1  de  l'arr\u00eat\u00e9\npr\u00e9fectoral  n\u00b01096/2025  du  6  juin  2025  habilitant  la  soci\u00e9t\u00e9 LINEAMENTA  pour  r\u00e9aliser  les\nanalyses d'impact dans l'Allier, est remplac\u00e9 par les dispositions suivantes :\n\u00ab\u00a0La\u00a0 soci\u00e9t\u00e9 SARL\u00a0 LINEAMENTA\u00a0sise  B001, 15 Avenue des Pr\u00e8s de Garonne \u00e0 Villenave-\nd'Ornon (33140)\u00a0et\u00a0repr\u00e9sent\u00e9e\u00a0par\u00a0Madame\u00a0Marion\u00a0LACOMBE\u00a0sa\u00a0g\u00e9rante,\u00a0est\u00a0habilit\u00e9e\u00a0dans\u00a0le\nd\u00e9partement\u00a0de\u00a0l'Allier\u00a0pour\u00a0r\u00e9aliser\u00a0les\u00a0analyses\u00a0d'impact\u00a0mentionn\u00e9es\u00a0au\u00a0III\u00a0de\u00a0l'article\u00a0L.752-6\ndu\u00a0Code\u00a0de\u00a0commerce.\u00a0\u00bb\nArticle 2 : Les  autres  dispositions  de  l'arr\u00eat\u00e9  pr\u00e9fectoral  n\u00b01096/2025  du  6  juin  2025\ndemeurent inchang\u00e9es.\nArticle 3 : Le pr\u00e9sent acte  pourra faire l'objet d'un recours contentieux dans un d\u00e9lai de  deux\nmois  devant  le  tribunal  administratif  de  Clermont-Ferrand  (6  Cours  Sablon  \u2013  BP129  \u2013  63  033\nClermont-Ferrand  cedex  1).  Le  tribunal  administratif  peut  \u00e9galement  \u00eatre  saisi  par  l'application\ninformatique \u00ab T\u00e9l\u00e9recours citoyen \u00bb accessible avec le site internet suivant \u00ab  www.telerecours.fr \u00bb.\nArticle 4 : Le Secr\u00e9taire g\u00e9n\u00e9ral de la pr\u00e9fecture de l'Allier est charg\u00e9 de l'ex\u00e9cution du pr\u00e9sent\narr\u00eat\u00e9 dont une copie sera notifi\u00e9e au demandeur et dont un extrait sera publi\u00e9 au recueil des\nactes administratifs de la pr\u00e9fecture.\nMoulins, le 16 mars 2026\nPour le Pr\u00e9fet et par d\u00e9l\u00e9gation,\nLe Secr\u00e9taire g\u00e9n\u00e9ral\nSign\u00e9\nOlivier MAUREL\n03_Pr\u00e9f_Pr\u00e9fecture de l'Allier - 03-2026-03-16-00003 - Extrait de l'arr\u00eat\u00e9 n\u00b0663/2026 du 16 mars 2026 portant modification de l'arr\u00eat\u00e9\nn\u00b01096/2025 du \u00a06\u00a0juin 2025 habilitant la soci\u00e9t\u00e9 LINEAMENTA pour r\u00e9aliser les analyses d'impact pr\u00e9vues au III de l'article L 752-6 du\ncode du commerce\n31\n03_Pr\u00e9f_Pr\u00e9fecture de l'Allier\n03-2026-03-16-00004\nExtrait de l'arr\u00eat\u00e9 n\u00b0664/2026 du 16 mars 2026\nportant modification de l'arr\u00eat\u00e9 n\u00b01157/2025 du\n\u00a019\u00a0juin 2025 habilitant la soci\u00e9t\u00e9 LINEAMENTA\npour \u00e9tablir les certificats de conformit\u00e9 pr\u00e9vus\n\u00e0 l'article L.752-23 du code du commerce\n03_Pr\u00e9f_Pr\u00e9fecture de l'Allier - 03-2026-03-16-00004 - Extrait de l'arr\u00eat\u00e9 n\u00b0664/2026 du 16 mars 2026 portant modification de l'arr\u00eat\u00e9\nn\u00b01157/2025 du \u00a019\u00a0juin 2025 habilitant la soci\u00e9t\u00e9 LINEAMENTA pour \u00e9tablir les certificats de conformit\u00e9 pr\u00e9vus \u00e0 l'article L.752-23 du\ncode du commerce\n32\nPR\u00c9FECTURE\nDirection de la coordination des politiques publiques\nBureau de la coordination des politiques publiques\nExtrait de l'arr\u00eat\u00e9 n \u00b0664/2026 du 16 mars 2026 portant  modification de l'arr\u00eat\u00e9 n\u00b01157/2025 du\n19 juin 2025 habilitant la soci\u00e9t\u00e9 LINEAMENTA pour \u00e9tablir les certificats de conformit\u00e9 pr\u00e9vus \u00e0\nl'article L.752-23 du code du commerce\nArticle 1er : Suite  \u00e0  un  changement  d'adresse  de  son  si\u00e8ge  social,  l'article  1  de  l'arr\u00eat\u00e9\npr\u00e9fectoral  n\u00b01157/2025  du  19  juin  2025  habilitant  la  soci\u00e9t\u00e9  LINEAMENTA pour  \u00e9tablir  les\ncertificats de conformit\u00e9 dans l'Allier, est remplac\u00e9 par les dispositions suivantes :\n\u00ab La soci\u00e9t\u00e9  SARL LINEAMENTA  sise  B001, 15 Avenue des Pr\u00e8s de Garonne \u00e0 Villenave-\nd'Ornon (33140) et repr\u00e9sent\u00e9e par Madame Marion LACOMBE sa g\u00e9rante , est habilit\u00e9e dans le\nd\u00e9partement de l'Allier, pour \u00e9tablir les certificats de conformit\u00e9 relatifs au contr\u00f4le du respect des\nautorisations d'exploitation commerciale et mentionn\u00e9s au premier alin\u00e9a de l'article L 752-23 du\nCode de commerce. \u00bb\nArticle 2 : Les  autres  dispositions  de  l'arr\u00eat\u00e9  pr\u00e9fectoral  n\u00b01157/2025  du  19  juin  2025\ndemeurent inchang\u00e9es.\nArticle 3 : Le pr\u00e9sent acte  pourra faire l'objet d'un recours contentieux dans un d\u00e9lai de deux mois\ndevant le tribunal administratif de Clermont-Ferrand  (6 Cours Sablon \u2013 BP129 \u2013 63  033 Clermont-\nFerrand cedex 1).  Le tribunal administratif peut \u00e9galement \u00eatre saisi par l'application informatique\n\u00ab T\u00e9l\u00e9recours citoyen \u00bb accessible avec le site internet suivant \u00ab  www.telerecours.fr \u00bb.\nArticle 4 : Le Secr\u00e9taire g\u00e9n\u00e9ral de la pr\u00e9fecture de l'Allier est charg\u00e9 de l'ex\u00e9cution du pr\u00e9sent\narr\u00eat\u00e9 dont une copie sera notifi\u00e9e au demandeur et dont un extrait sera publi\u00e9 au recueil des\nactes administratifs de la pr\u00e9fecture.\nMoulins, le 16 mars 2026\nPour le Pr\u00e9fet et par d\u00e9l\u00e9gation,\nLe Secr\u00e9taire g\u00e9n\u00e9ral\nSign\u00e9\nOlivier MAUREL\n03_Pr\u00e9f_Pr\u00e9fecture de l'Allier - 03-2026-03-16-00004 - Extrait de l'arr\u00eat\u00e9 n\u00b0664/2026 du 16 mars 2026 portant modification de l'arr\u00eat\u00e9\nn\u00b01157/2025 du \u00a019\u00a0juin 2025 habilitant la soci\u00e9t\u00e9 LINEAMENTA pour \u00e9tablir les certificats de conformit\u00e9 pr\u00e9vus \u00e0 l'article L.752-23 du\ncode du commerce\n33\n03_Pr\u00e9f_Pr\u00e9fecture de l'Allier\n03-2026-03-26-00012\n1 RAA Arr\u00eat\u00e9 transfert biens section \n03_Pr\u00e9f_Pr\u00e9fecture de l'Allier - 03-2026-03-26-00012 - 1 RAA Arr\u00eat\u00e9 transfert biens section 34\nSous-pr\u00e9fecture de Vichy\nP\u00f4le territoires\nExtrait de l'arr\u00eat\u00e9 N\u00b036/2026 en date du 15 janvier 2026 portant transfert de biens de section \u00e0 la \ncommune de LA CHABANNE\nARTICLE 1 : Il est prononc\u00e9 le transfert dans le domaine priv\u00e9 de la commune de LA CHABANNE\nde l'int\u00e9gralit\u00e9 des parcelles cadastr\u00e9es :\n- \u00ab Poncet \u00bb B 713,\n- \u00ab Lallias \u00ab B 780, B 1181, B 853, B 854 ; B 782, B 1135 \u00bb,\n- \u00ab Aurouer \u00bb F 283, F 343, F 500 ;\n- \u00ab Brunard \u00bb F 67, F 1123, F 1197 ;\n- \u00ab P\u00e9riasse \u00bb E 150, F 685 ;\n- \u00ab Chaudagne \u00bb AC 169, AC 184, AC 190, AC 276 ;\n- \u00ab Les Presles \u00bb A 13, A 14, A 59, A 60, D 236 ;\n- \u00ab Poncet Lallias \u00bb B 33, B 34,B 35, B 37, B 1055, B 1244, B 1251, B 1257 ;\n- \u00ab Ramillard \u00bb D 290, AD 112, AD 114, AD 115, D 95A, D153A;\n- \u00ab Chambonni\u00e8re F 197 ;\n- \u00ab Chambonni\u00e8re - La Chabannes \u00bb F 143, F 161, F 171, F 174 ;\n- \u00ab Ramillard-La Jarie \u00bb D 95A, D95B;\n- \u00ab Chaudagne-Ramillard\u00bb D 153A, D 153B ;\n- \u00ab Goliard \u00bb B 562, B 591, B 604 ;\n- \u00ab Arnoux \u00bb B 246 ,\nARTICLE 2: L'arr\u00eat\u00e9 N\u00b002/2026 en date du 15 janvier 2026 est abrog\u00e9.\nARTICLE 3 : Le sous-pr\u00e9fet de vichy et M. le Maire de LA CHABANNE sont charg\u00e9s, chacun en\nce qui les concerne de l'ex\u00e9cution du pr\u00e9sent arr\u00eat\u00e9 qui sera affich\u00e9 en mairie et fera l'objet d'une\npublication au recueil des actes administratifs de la pr\u00e9fecture de l'Allier.\n                                                                                                       Vichy, le 24 mars 2026\n                                                                                    \n                                                                                                                    Sign\u00e9 \n                                                                                                       MICHEL TOURNAIRE\n03_Pr\u00e9f_Pr\u00e9fecture de l'Allier - 03-2026-03-26-00012 - 1 RAA Arr\u00eat\u00e9 transfert biens section 35\n03_Pr\u00e9f_Pr\u00e9fecture de l'Allier\n03-2026-03-30-00003\nRAA 20260330 arr\u00eat\u00e9 autorisation drone\nreconstitution judiciaire 2 avril 2026\n03_Pr\u00e9f_Pr\u00e9fecture de l'Allier - 03-2026-03-30-00003 - RAA 20260330 arr\u00eat\u00e9 autorisation drone reconstitution judiciaire 2 avril 2026 36\n=mPREFETDE L'ALLIERLibert\u00e9Egalit\u00e9Fraternit\u00e9\nExtrait de L'ARR\u00caT\u00c9\n autorisant la captation, l'enregistrement et la transmission d'images\n au moyen d'une cam\u00e9ra install\u00e9e sur des a\u00e9ronefs sans \u00e9quipage \u00e0 bord\nLe pr\u00e9fet de l'Allier\nChevalier de l'Ordre National du M\u00e9rite\nARR\u00caTE\nArticle 1  er     :  La captation, l'enregistrement et la transmission d'images au moyen\nd'une cam\u00e9ra install\u00e9e sur un a\u00e9ronef sans \u00e9quipage \u00e0 bord de type DJI Matrice 4T,\nmis en \u0153uvre par la Direction D\u00e9partementale de la Police Nationale de l'Allier ,\nsont autoris\u00e9s aux fins de pr\u00e9vention des atteintes \u00e0 la s\u00e9curit\u00e9 des personnes et\ndes biens dans le cadre de la reconstitution judiciaire du jeudi 2 avril 2026.\nArticle 2:  Le nombre maximal de cam\u00e9ras pouvant proc\u00e9der simultan\u00e9ment aux\ntraitements mentionn\u00e9s \u00e0 l'article 1er est fix\u00e9 \u00e0 une cam\u00e9ra.\nArticle  3     :  La  pr\u00e9sente  autorisation  est  strictement  limit\u00e9e  au  p\u00e9rim\u00e8tre\ng\u00e9ographique suivant :\n-  commune  de  VICHY  (03200),  Berges  de  l'Allier  c\u00f4t\u00e9  Nord,  pont  de  Bellerive,\navenue de la R\u00e9publique, Avenue du G\u00e9n\u00e9ral de Gaulle, rue Eug\u00e9nie Desgoutte,\nprolongement de l'Allier.\nArticle  4     :    La  pr\u00e9sente  autorisation  est  d\u00e9livr\u00e9e  pour  la  p\u00e9riode  suivante  :\nle jeudi 2 avril 2026 de 08 heures 00 \u00e0 20 heures 00.\nArticle 5     : Conform\u00e9ment \u00e0 l'article L.242-4 du code de la s\u00e9curit\u00e9 int\u00e9rieure, un\nregistre  retra\u00e7ant  les  conditions  de  mise  en  \u0153uvre  du  dispositif  est  tenu  et\ntransmis  au  repr\u00e9sentant  de  l'\u00c9tat  dans  le  d\u00e9partement  de  l'Allier  \u00e0  l'issue  de\nl'op\u00e9ration.\nPr\u00e9fecture de l'Allier\n2 rue Michel de l'Hospital\nCS 31649 - 03016 MOULINS Cedex\nT\u00e9l. 04 70 48 30 00 - \nwww.allier.gouv.fr\nN\u00b0 748 bis / 2026\nCabinet du pr\u00e9fet\nBureau de la s\u00e9curit\u00e9 int\u00e9rieure\n03_Pr\u00e9f_Pr\u00e9fecture de l'Allier - 03-2026-03-30-00003 - RAA 20260330 arr\u00eat\u00e9 autorisation drone reconstitution judiciaire 2 avril 2026 37\nArticle 6     :   Le pr\u00e9sent arr\u00eat\u00e9 peut faire l'objet dans un d\u00e9lai de deux mois \u00e0 compter\nde sa publication au recueil des actes administratifs de la pr\u00e9fecture de l'Allier  \n-  d'un  recours  gracieux,  adress\u00e9  \u00e0  M.  le  pr\u00e9fet  de  l'Allier  \u2013  CS  31649  -  03016\nMOULINS CEDEX,\n- d'un recours hi\u00e9rarchique, adress\u00e9 \u00e0 M. le ministre de l'Int\u00e9rieur et des Outre Mer\n\u2013 Place Beauvau \u2013 75800 Paris Cedex 08,\n- d'un recours contentieux, adress\u00e9 au tribunal administratif, 6 Cours Sablon \u2013\n63000 Clermont-Ferrand. Le tribunal administratif peut \u00eatre saisi par l'application\ninformatique  \u00ab  T\u00e9l\u00e9recours  citoyens  \u00bb  accessible  par  le  site  internet\nwww.telerecours.fr\nCe recours juridictionnel doit \u00eatre d\u00e9pos\u00e9 au plus tard avant l'expiration du 2 \u00e8me\nmois suivant la date de notification de la d\u00e9cision contest\u00e9e (ou bien du 2 \u00e8me mois\nsuivant la date de rejet de votre recours gracieux ou hi\u00e9rarchique).\nArticle 7: Le secr\u00e9taire g\u00e9n\u00e9ral de la pr\u00e9fecture et le directeur d\u00e9partemental de la\npolice  nationale  de  l'Allier  sont  charg\u00e9s,  chacun  en  ce  qui  le  concerne,  de\nl'ex\u00e9cution du pr\u00e9sent arr\u00eat\u00e9. \n\u00c0 Moulins, le 30 mars 2026\nPour le pr\u00e9fet et par d\u00e9l\u00e9gation,\nLe secr\u00e9taire g\u00e9n\u00e9ral \nSign\u00e9\nOlivier MAUREL\n03_Pr\u00e9f_Pr\u00e9fecture de l'Allier - 03-2026-03-30-00003 - RAA 20260330 arr\u00eat\u00e9 autorisation drone reconstitution judiciaire 2 avril 2026 38\n03_Pr\u00e9f_Pr\u00e9fecture de l'Allier\n03-2026-03-12-00002\n  ARRETE BNSSA\n03_Pr\u00e9f_Pr\u00e9fecture de l'Allier - 03-2026-03-12-00002 -   ARRETE BNSSA 39\nPr\u00e9fecture - SIDPC\nExtrait de l'acte n\u00b029 en date du 12 mars 2026 fixant la liste des candidats re\u00e7us \u00e0 l'examen du \nBrevet National de S\u00e9curit\u00e9 et de Sauvetage Aquatique (BNSSA)\ndu 07 mars 2026\n--------------\nARR\u00caTE\nArticle 1er :L'examen du Brevet National de S\u00e9curit\u00e9 et de Sauvetage Aquatique organis\u00e9 par le CREPS\nAuvergne-Rh\u00f4ne-Alpes de Vichy le 07 mars 2026 \u00e0 la Piscine olympique Raymond Sommet \u00e0 Saint-\nEtienne (42) est d\u00e9livr\u00e9 aux personnes suivantes :\n- Monsieur Thomas ARABADJIAN\n- Monsieur Th\u00e9o ARCHER\n- Monsieur L\u00e9on BONJOUR\n- Madame Andr\u00e9line CHAROLLAIS\n- Madame Lilou DELERY\n- Madame Juliette DESFOND\n- Madame Elissa DUBOURGNOUX\n- Madame Ambre GAUCHER\n- Monsieur Youri GENTILLE\n- Monsieur Charles-Elie GOLLIARD\n- Madame Ma\u00eblys GOURDIN\n- Monsieur Nolhan GOY\n- Monsieur Roman LACOMBE\n- Monsieur Milo LEGAT\n- Monsieur Florent MANEVY\n- Madame Julie MONTAGNY\n-Monsieur Hector MOUILLON\n- Madame Lucie OLIVIER\n- Madame Camille PALMIER \n- Madame Lison PALUSZAK\n- Monsieur Leny ROLLIN-CHESNEAU\n- Monsieur Maxime RUBINELLI\n03_Pr\u00e9f_Pr\u00e9fecture de l'Allier - 03-2026-03-12-00002 -   ARRETE BNSSA 40\n- Monsieur Joris SABY\n- Madame Paoline V ACHER\n-Monsieur L\u00e9o VIALE\nArticle 2 :Madame la Directrice de cabinet de la pr\u00e9fecture, le CREPS Auvergne-Rh\u00f4ne-Alpes de\nVichy, sont charg\u00e9s, chacun en ce qui le concerne, de l'ex\u00e9cution du pr\u00e9sent arr\u00eat\u00e9 qui sera publi\u00e9 au\nRecueil des Actes Administratifs.\nSign\u00e9  Cyrielle FRANCHI\n03_Pr\u00e9f_Pr\u00e9fecture de l'Allier - 03-2026-03-12-00002 -   ARRETE BNSSA 41\n03_Pr\u00e9f_Pr\u00e9fecture de l'Allier\n03-2026-03-13-00002\nBNSSA cusset\n03_Pr\u00e9f_Pr\u00e9fecture de l'Allier - 03-2026-03-13-00002 - BNSSA cusset 42\nExtrait de l'acte n\u00b0 548 en date du 13 f\u00e9vrier 2023 fixant la liste des candidats re\u00e7us \u00e0l'examen duBrevet National de S\u00e9curit\u00e9 et de Sauvetage Aquatique (BNSSA)du 23 f\u00e9vrier 2026\nARR\u00caTEArticle 1\" : L'examen du Brevet National de S\u00e9curit\u00e9 et de Sauvetage Aquatiqueorganis\u00e9 par le CREPS Auvergne-Rh\u00f4ne-Alpes de Vichy le 23 f\u00e9vrier 2026 \u00e0 la Piscine deCusset, 44 avenue de l'Europe est d\u00e9livr\u00e9 aux personnes suivantes :- Madame Elise DAUPHIN- Madame Emelyne DESMET- Monsieur Cl\u00e9ment DESTANNES- Madame Chlo\u00e9 FONTENEAU- Madame Julie FONTENEAU- Monsieur Robin HUBERT- Monsieur Louis LAURENT- Madame Juliette MORLAT- Monsieur Cyrille ROUTIER- Monsieur Bertrand SABLAYROLLES\nArticle 2 : Madame la Directrice de cabinet de la pr\u00e9fecture, le CREPS Auvergne-Rh\u00f4ne-Alpes de Vichy, sont charg\u00e9s, chacun en ce qui le concerne, de l'ex\u00e9cution du pr\u00e9sentarr\u00eat\u00e9 qui sera publi\u00e9 au Recueil des Actes Administratifs.\nSign\u00e9 Cyrielle FRANCHI\nPr\u00e9fecture-SIDPC\n03_Pr\u00e9f_Pr\u00e9fecture de l'Allier - 03-2026-03-13-00002 - BNSSA cusset 43\n03_Pr\u00e9f_Pr\u00e9fecture de l'Allier\n03-2026-03-02-00001\nhabilitation SDIS03\n03_Pr\u00e9f_Pr\u00e9fecture de l'Allier - 03-2026-03-02-00001 - habilitation SDIS03 44\nPr\u00e9fecture SIDPC\nExtrait de l'acte n\u00b0429 en date du 02 mars 2026Portant habilitation d'un service public pour les formations aux premiers secours\nARTICLE 1 - Le Service d\u00e9partemental d' incendie et de secours de |'Allier est habilit\u00e9 pour les formationsinitiales et continues des unit\u00e9s d'enseignements suivantes :- Premiers secours en \u00e9quipe de niveau 1 (PSE1),- Premiers secours en \u00e9quipe de niveau 2 (PSE2),- P\u00e9dagogie initiale commune de formateur (PICF)- Formateur de premier secours en \u00e9quipe (FPSE)ARTICLE 2 - Les formations mentionn\u00e9es \u00e0 l'article ler seront dispens\u00e9es suivant les r\u00e9f\u00e9rentiels internesde formation et de certification enregistr\u00e9s aupr\u00e8s de la direction g\u00e9n\u00e9rale de la s\u00e9curit\u00e9 civile et de la gestiondes crises et r\u00e9f\u00e9renc\u00e9es en annexe 1 du pr\u00e9sent arr\u00eat\u00e9.ARTICLE 3 - Les formations pourront \u00eatre dispens\u00e9es uniquement au sein du d\u00e9partement de l'Allier.ARTICLE 4 - Le public cible des formations mentionn\u00e9es \u00e0 l'article ler est pr\u00e9cis\u00e9 en annexe 1 du pr\u00e9sentarr\u00eat\u00e9.ARTICLE 5 - La pr\u00e9sente habilitation ne peut \u00eatre ni c\u00e9d\u00e9e ni d\u00e9l\u00e9gu\u00e9e et seul l'organisme habilit\u00e9 peutdispenser les formations mentionn\u00e9es \u00e0 l'article 1er du pr\u00e9sent arr\u00eat\u00e9.ARTICLE 6 -Toute modification du dossier ayant servi \u00e0 la demande d'habilitation, notamment lacomposition de l'\u00e9quipe p\u00e9dagogique ou la liste d'aptitude p\u00e9dagogique, doit \u00eatre communiqu\u00e9e sans d\u00e9lai \u00e0la connaissance du Pr\u00e9fet.ARTICLE 7 - Le Pr\u00e9fet du d\u00e9partement est comp\u00e9tent pour contr\u00f4ler, en application de l'article L.751-3 ducode de la s\u00e9curit\u00e9 int\u00e9rieure, les organismes habilit\u00e9s au titre de l'article R.726-3 du m\u00eame code.ARTICLE 8 - Sans pr\u00e9judice des articles L.242-1 \u00e0 L.242-4 du code des relations entre le public etl'administration, lorsque l'organisme ne se conforme pas \u00e0 ses obligations ou ne remplit plus les conditionsqui ont permis son habilitation, ou s'il est constat\u00e9 des fautes graves ou r\u00e9p\u00e9t\u00e9es dans la mise en \u0153uvre dePhabilitation, le Pr\u00e9fet peut appliquer les dispositions pr\u00e9vues \u00e0 l'article R.726-15 du code de la s\u00e9curit\u00e9int\u00e9rieure.ARTICLE 9 - La pr\u00e9sente habilitation est d\u00e9livr\u00e9e pour une dur\u00e9e de trois ans \u00e0 compter du lendemain de ladate de signature du pr\u00e9sent arr\u00eat\u00e9.ARTICLE 10 - La demande de renouvellement doit parvenir au Pr\u00e9fet au moins six mois avant l'\u00e9ch\u00e9ance dela pr\u00e9sente habilitation.ARTICLE 11 - Madame la directrice de cabinet du Pr\u00e9fet de l'Allier est charg\u00e9 de l'application du pr\u00e9sentarr\u00eat\u00e9 qui sera notifi\u00e9 au SDIS 03 et publi\u00e9 au recueil des actes administratifs des services de l'\u00c9tat dans led\u00e9partement de l'Allier. Sign\u00e9Cyrielle FRANCHI\n1/2\n03_Pr\u00e9f_Pr\u00e9fecture de l'Allier - 03-2026-03-02-00001 - habilitation SDIS03 45\nAnnexeListe des r\u00e9f\u00e9rentiels internes de formation et de certification enregistr\u00e9s aupr\u00e9s de la direction g\u00e9n\u00e9rale de las\u00e9curit\u00e9 civile et de la gestion des crises et devant \u00eatre utilis\u00e9s pour dispenser les formations mentionn\u00e9es \u00e0l'article 1* du pr\u00e9sent arr\u00eat\u00e9.Mc Num\u00e9roone d'enregistrement dud'enseignement lala Public cible Observationsdeg r\u00e9f\u00e9rentiel \u00e0 laDGSCGCGQS N\u00e9ant Tous publics\nPSE1 OD03-PSE1-108-29N\u00e9antPSE2 OD03-PSE2-109-29 Agents du SDIS\nPICF et FPSE OD03-FPSE-1 10-29\nApr\u00e8s consultation de la DGSCGC, le code orga \u00ab SDIS 03 \u00bb sera utilis\u00e9 pour l'identification des attestations etcertificats de comp\u00e9tences.\n03_Pr\u00e9f_Pr\u00e9fecture de l'Allier - 03-2026-03-02-00001 - habilitation SDIS03 46\n03_Pr\u00e9f_Pr\u00e9fecture de l'Allier\n03-2026-03-30-00002\nJury examen formateur aux premiers secours\ncitoyen\n03_Pr\u00e9f_Pr\u00e9fecture de l'Allier - 03-2026-03-30-00002 - Jury examen formateur aux premiers secours citoyen 47\nPrefecture-SIDPC\nExtrait de l'acte n\u00b0740 en date du 30 mars 2026portant composition du jury \u00ab P\u00e9dagogie Appliqu\u00e9e \u00e0 l'Emploi de Formateuraux Premiers Secours Citoyen \u00bb (PAEFPSC) du 03 avril 2026\nARR\u00caTE\nArticle ter: Le jury de validation de l'examen de certification \u00e0 la P\u00e9dagogie Appliqu\u00e9e\u00e0 l'Emploi de Formateur aux Premiers Secours Citoyen (PAEFPSC) se r\u00e9unira le vendredi03 avril 2026, \u00e0 l'\u00c9cole de Gendarmerie \u00e0 Montlu\u00e7on (03).Il sera compos\u00e9 comme suit :Pr\u00e9sident :- Yannick COITE (SDIS 03)Formateurs de formateurs :- Julien MENGLIER (\u00c9cole de Gendarmerie de Montlu\u00e7on)- Quentin DEFFRENNE (UDSP 03)- Laurent BRILLANT (SNSM)Article 2: Le jury ne peut valablement d\u00e9lib\u00e9rer que s'il est complet. Compos\u00e9 del'ensemble des membres, il doit se prononcer sur l'aptitude ou l'inaptitude du candidat\u00e0 occuper un emploi de formateur aux premiers secours citoyen.Article 3: Les d\u00e9bats du jury sont secrets et le r\u00e9sultat des d\u00e9lib\u00e9rations de celui-cidonne lieu \u00e0 l'\u00e9tablissement d'un proc\u00e8s-verbal.Les candidats admis se voient d\u00e9livrer le certificat de comp\u00e9tences de \u00ab formateur auxpremiers secours citoyen \u00bb par la pr\u00e9fecture du d\u00e9partement o\u00f9 s'est d\u00e9roul\u00e9 l'examen.La liste des candidats admis sera publi\u00e9e au recueil des actes administratifs de lapr\u00e9fecture.Article 4: Le pr\u00e9sent arr\u00eat\u00e9 sera publi\u00e9 au recueil des actes administratifs de lapr\u00e9fecture de l'Allier.Article 5: L'arr\u00eat\u00e9 n\u00b0366/2026 du 19 f\u00e9vrier 2026 est abrog\u00e9.Sign\u00e9 Cyrielle FRANCHI\n03_Pr\u00e9f_Pr\u00e9fecture de l'Allier - 03-2026-03-30-00002 - Jury examen formateur aux premiers secours citoyen 48\n03_Pr\u00e9f_Pr\u00e9fecture de l'Allier\n03-2026-03-03-00001\nrenouvellement agr\u00e9ment ACTO FORMATION\n03_Pr\u00e9f_Pr\u00e9fecture de l'Allier - 03-2026-03-03-00001 - renouvellement agr\u00e9ment ACTO FORMATION 49\nSign\u00e9 Cyrielle FRANCHI\nExtrait de l'acte n\u00b0432 en date du 03 mars 2026\nportant renouvellement d'agr\u00e9ment \u00e0 l'organisme de formation\nACTO FORMATION\nArticle 1er \u2013 L'organisme de formation ACTO FORMATION, dont le si\u00e8ge social est situ\u00e9 ZA du\nMax, 9 rue Jean Bonnichon 03630 Desertines, est agr\u00e9\u00e9 pour assurer la formation des personnels des\nservices de s\u00e9curit\u00e9  incendie des  \u00e9tablissements  recevant du  public et des immeubles  de grande\nhauteur.\nArticle 2 - Cet agr\u00e9ment concerne les niveaux de qualification SSIAP1, SSIAP2, et SSIAP3.\nArticle 3 \u2013 L'agr\u00e9ment est d\u00e9livr\u00e9 pour une p\u00e9riode de cinq ans \u00e0 compter de la date du pr\u00e9sent arr\u00eat\u00e9.\nArticle 4 -  Cet arr\u00eat\u00e9 peut faire l'objet d'un recours contentieux devant le tribunal administratif de\nClermont-Ferrand ou t\u00e9l\u00e9recours (www.telerecours.fr) dans les deux mois \u00e0 compter de sa notification\nou de sa publication.\nArticle 5 - Madame la directrice de cabinet, Monsieur le directeur du service d\u00e9partemental d'incendie\net de secours de L'Allier, sont charg\u00e9s, chacun en ce qui le concerne, de l'ex\u00e9cution du pr\u00e9sent arr\u00eat\u00e9\nqui sera publi\u00e9 au recueil des actes administratifs de la pr\u00e9fecture de l'Allier.\nPr\u00e9fecture-SIDPC\n03_Pr\u00e9f_Pr\u00e9fecture de l'Allier - 03-2026-03-03-00001 - renouvellement agr\u00e9ment ACTO FORMATION 50\n03_UDDIRECCTE_Unit\u00e9 d\u00e9partementale de la\nDirection r\u00e9gionale des entreprises, de la\nconcurrence, de la consommation, du travail et\nde l'emploi de l'Allier\n03-2026-03-26-00008\nArr modif O2 Vichy\n03_UDDIRECCTE_Unit\u00e9 d\u00e9partementale de la Direction r\u00e9gionale des entreprises, de la concurrence, de la consommation, du travail\net de l'emploi de l'Allier - 03-2026-03-26-00008 - Arr modif O2 Vichy 51\nD\u00c0Libert\u00e9 + \u00c9galit\u00e9 \u00ab Fraternit\u00e9R\u00c9PUBLIQUE FRAN\u00c7AISEPR\u00c9FET DE L'ALLIERDIRECTION DEPARTEMENTALE DE L'EMPLOI,DU TRAVAIL, DES SOLIDARITES ETDE LA PROTECTION DES POPULATIONS20 Rue Aristide Briand \u2014 CS 6004203402 YZEURE Cedex\nArr\u00eat\u00e9 N\u00b0 723/2026 portant modification de l'arr\u00eat\u00e9 N\u00b0 60/2026 relatif \u00e0 l'agr\u00e9mentd'un organisme de services \u00e0 la personneenregistr\u00e9 sous le N\u00b0 SAP 829026293Vu le code du travail, notamment ses articles L.7232-1, R.7232-1 \u00e0 R.7232-11 et D.7231-1Vu le cahier des charges pr\u00e9vu \u00e0 l'article R.7232-6 du code du travailVu la demande d'agr\u00e9ment pr\u00e9sent\u00e9e par mail le 24/02/2026, par Monsieur RICHARD Guillaume en qualit\u00e9 dedirigeantLe pr\u00e9fet de l'Allier, Chevalier de l'ordre national du M\u00e9riteArr\u00eate :Article 1%L'agr\u00e9ment de l'organisme O2 Vichy, dont l'\u00e9tablissement principal est situ\u00e9 114 Avenue Thermale \u00e0 VICHY(03200) est accord\u00e9 pour une dur\u00e9e de cing ans \u00e0 compter du 15 janvier 2026.La demande de renouvellement devra \u00eatre d\u00e9pos\u00e9e dans les conditions fix\u00e9es par l'article R.7232-8 et, au plus tard,trois mois avant la fin de cet agr\u00e9ment.Article 2Cet agr\u00e9ment couvre les activit\u00e9s selon le mode d'intervention indiqu\u00e9 et les d\u00e9partements suivants :e Assistance aux personnes \u00e2g\u00e9es (mandataire et/ou mise \u00e0 disposition) (mandataire \u2014 03, 63)e Assistance aux personnes handicap\u00e9es (mandataire et/ou mise \u00e0 disposition (mandataire \u2014 03,63)\u00a2 Conduite de v\u00e9hicule des PA/PH (mandataire et/ou mise \u00e0 disposition (mandataire \u2014 03,63)*_ Accompagnement des PA/PH dans leurs d\u00e9placements (mandataire et/ou mise \u00e0 disposition) (mandataire 03,63)Article 3Si l'organisme envisage de fournir des activit\u00e9s autres que celles pour lesquelles il est agr\u00e9\u00e9 ou d'exercer ses activit\u00e9ssur un d\u00e9partement autre que celui pour lequel il est agr\u00e9\u00e9, il devra solliciter une modification pr\u00e9alable de sonagr\u00e9ment.Si l'organisme propose des activit\u00e9s de garde ou d'accompagnement d'enfant de moins de 3 ans, il devra solliciterune modification pr\u00e9alable de son agr\u00e9ment en cas de changement de mode d'intervention.L'ouverture d'un nouvel \u00e9tablissement ou d'un nouveau local d'accueil dans un d\u00e9partement pour lequel il est agr\u00e9\u00e9devra \u00e9galement faire l'objet d'une information pr\u00e9alable aupr\u00e8s de la DDETS PP de l'Allier.\n03_UDDIRECCTE_Unit\u00e9 d\u00e9partementale de la Direction r\u00e9gionale des entreprises, de la concurrence, de la consommation, du travail\net de l'emploi de l'Allier - 03-2026-03-26-00008 - Arr modif O2 Vichy 52\nArticle 4Le pr\u00e9sent agr\u00e9ment pourra \u00eatre retir\u00e9 si l'organisme agr\u00e9\u00e9 :- cesse de remplir les conditions ou de respecter les obligations mentionn\u00e9es au aux articles R.7232-4 \u00e0 R.7232-9 du code du travail.- ne respecte pas les dispositions l\u00e9gales relatives \u00e0 la sant\u00e9 et \u00e0 la s\u00e9curit\u00e9 au travail,- exerce d'autres activit\u00e9s que celles mentionn\u00e9es dans le pr\u00e9sent arr\u00eat\u00e9,- ne transmet pas au pr\u00e9fet comp\u00e9tent les statistiques mentionn\u00e9es \u00e0 l'article R.7232-9 du code du travail.\nArticle 5Cet agr\u00e9ment n'ouvre pas droit aux avantages fiscaux et sociaux fix\u00e9s par l'article L.7233-2 du code du travail etL.241-10 du code de la s\u00e9curit\u00e9 sociale. Conform\u00e9ment \u00e0 l'article L.7232-1-1 du code du travail, pour ouvrir droit\u00e0 ces dispositions, l'organisme doit se d\u00e9clarer et n'exercer que les activit\u00e9s d\u00e9clar\u00e9es, \u00e0 l'exclusion de toute autre(ou tenir une comptabilit\u00e9 s\u00e9par\u00e9e pour les organismes dispens\u00e9s de cette condition par l'article L.7232-1-2).Article 6Le pr\u00e9sent arr\u00eat\u00e9 sera publi\u00e9 au recueil des actes administratifs de la Pr\u00e9fecture de |' Allier.Il peut, dans les deux mois \u00e0 compter de sa notification, faire l'objet d'un recours gracieux aupr\u00e8s de la DDETS PP-direction d\u00e9partementale de l'emploi, du travail, des solidarit\u00e9s et de la protection des populations de l'Allier oud'un recours hi\u00e9rarchique adress\u00e9 au ministre charg\u00e9 de l'\u00e9conomie - direction g\u00e9n\u00e9rale des entreprises - sous-direction des services marchands, 6 rue Louise Weiss, 75703 Paris cedex 13.Il peut \u00e9galement faire l'objet d'un recours contentieux dans un d\u00e9lai de deux mois \u00e0 compter de sa notification ensaisissant Tribunal Administratif de Clermont Ferrand 6 Cours Sablon 63033 Clermont-Ferrand Cedex 01.Le tribunal administratif peut aussi \u00eatre saisi par l'application informatique \u00ab T\u00e9l\u00e9recours citoyen \u00bb accessible surle site internet www.telerecours.fr.En cas de rejet du recours gracieux ou hi\u00e9rarchique ou en l'absence de r\u00e9ponse \u00e0 ce recours (rejet implicite), unrecours contentieux devant le tribunal administratif peut \u00e9galement \u00eatre form\u00e9 contre la d\u00e9cision initiale dans und\u00e9lai de deux mois \u00e0 compter de ce rejet.\nFait \u00e0 Yzeure, le 26 mars 2026Pour le Pr\u00e9fet et par d\u00e9l\u00e9gation,P/ Le DDETS-PP de l'Allier,\n03_UDDIRECCTE_Unit\u00e9 d\u00e9partementale de la Direction r\u00e9gionale des entreprises, de la concurrence, de la consommation, du travail\net de l'emploi de l'Allier - 03-2026-03-26-00008 - Arr modif O2 Vichy 53\n03_UDDIRECCTE_Unit\u00e9 d\u00e9partementale de la\nDirection r\u00e9gionale des entreprises, de la\nconcurrence, de la consommation, du travail et\nde l'emploi de l'Allier\n03-2026-03-04-00003\nD\u00e9c GAGLIARDI Christophe\n03_UDDIRECCTE_Unit\u00e9 d\u00e9partementale de la Direction r\u00e9gionale des entreprises, de la concurrence, de la consommation, du travail\net de l'emploi de l'Allier - 03-2026-03-04-00003 - D\u00e9c GAGLIARDI Christophe 54\n| =Libert\u00e9 \u00bb Egalit\u00e9 \u00bb Fraternit\u00e9R\u00c9PUBLIQUE FRAN\u00c7AISEPR\u00c9FET DE L'ALLIERDIRECTION DEPARTEMENTALE DE L'EMPLOI,DU TRAVAIL, DES SOLIDARITES ETDE LA PROTECTION DES POPULATIONS20 rue Aristide Briand \u2014 CS 6004203402 Yzeure Cedex R\u00e9c\u00e9piss\u00e9 de d\u00e9clarationd'un organisme de services \u00e0 la personneenregistr\u00e9 sous le N\u00b0 SAP 101152676Vu le code du travail et notamment les articles L.7231-1 \u00e0 L.7233-2, R.7232-16 \u00e0 R.7232-22, D.7231-1 etD.7233-1 \u00e0 D.7233-5;Le pr\u00e9fet de I' Allier, Chevalier de l'ordre national du M\u00e9riteConstate :Qu'une d\u00e9claration d'activit\u00e9s de services \u00e0 la personne a \u00e9t\u00e9 d\u00e9pos\u00e9e aupr\u00e8s de la DDETS PP - Directiond\u00e9partementale de l'emploi, du travail, des solidarit\u00e9s et de la protection des populations de l'Allier, par MonsieurChristophe GAGLIARDI en qualit\u00e9 de responsable pour l'organisme GAGLIARDI Christophe (nomcommercial : Oriane BioClean) dont l'\u00e9tablissement principal est situ\u00e9 47 avenue des \u00c9tourneaux \u00e0MONTLUCON (03100) et enregistr\u00e9 sous le N\u00b0 SAP 101152676 pour l'activit\u00e9 suivante (date d'effet le 04 mars2026) :Activit\u00e9 relevant uniquement de la d\u00e9claration (mode prestataire) :- Entretien de la maison et travaux m\u00e9nagers- Petits travaux de jardinage- Travaux de petit bricolage- Pr\u00e9paration de repas \u00e0 domicile- Livraison de repas \u00e0 domicile- Livraison de courses \u00e0 domicile- Maintenance, entretien et vigilance temporaires \u00e0 domicile- Conduite du v\u00e9hicule des personnes en cas d'invalidit\u00e9 temporaire- Accompagnement des personnes pr\u00e9sentant une invalidit\u00e9 temporaire- Assistance aux personnes ayant besoin d'une aide temporaire \u00e0 domicileToute modification concernant les activit\u00e9s exerc\u00e9es devra faire l'objet d'une d\u00e9claration modificative pr\u00e9alable.Sous r\u00e9serve d'\u00eatre exerc\u00e9es \u00e0 titre exclusif (ou sous r\u00e9serve d'une comptabilit\u00e9 s\u00e9par\u00e9e pour les personnesmorales dispens\u00e9es de cette condition), ces activit\u00e9s ouvrent droit au b\u00e9n\u00e9fice des dispositions des articlesL.7233-2 du code du travail et L.241-10 du code de la s\u00e9curit\u00e9 sociale dans les conditions pr\u00e9vues par ces articles.Les effets de la d\u00e9claration courent \u00e0 compter du jour du d\u00e9p\u00f4t de la d\u00e9claration sous r\u00e9serve des dispositions del'article R.7232-18 du code du travail.Le pr\u00e9sent r\u00e9c\u00e9piss\u00e9 n'est pas limit\u00e9 dans le temps.L'enregistrement de la d\u00e9claration peut \u00eatre retir\u00e9 dans les conditions fix\u00e9es aux articles R.7232-20 \u00e0 R.7232-22du code du travail.\nDidier FREYCENON\n03_UDDIRECCTE_Unit\u00e9 d\u00e9partementale de la Direction r\u00e9gionale des entreprises, de la concurrence, de la consommation, du travail\net de l'emploi de l'Allier - 03-2026-03-04-00003 - D\u00e9c GAGLIARDI Christophe 55\nLa pr\u00e9sente d\u00e9cision peut, \u00e0 compter de sa publication, faire l'objet d'un recours gracieux aupr\u00e8s de la DDETSPP- Direction d\u00e9partementale de l'emploi, du travail, des solidarit\u00e9s et de la protection des populations del'Allier ou d'un recours hi\u00e9rarchique adress\u00e9 au ministre charg\u00e9 de l'\u00e9conomie - Direction g\u00e9n\u00e9rale desentreprises - sous-direction des services marchands, 6, rue Louise Weiss, 75703 Paris cedex13.Elle peut \u00e9galementfaire l'objet d'un recours contentieux dans un d\u00e9lai de deux mois \u00e0 compter de sa publicationaupr\u00e8s du Tribunal Administratif de Clermont Ferrand 6 Cours Sablon 63033 Clermont-Ferrand Cedex 01.Le tribunal administratifpeut \u00eatre saisi par l'application informatique \u00ab T\u00e9l\u00e9recours citoyen \u00bb accessible sur lesite internet www.telerecours.fr.En cas de rejet du recours gracieux ou hi\u00e9rarchique ou en l'absence de r\u00e9ponse \u00e0 ce recours (rejet implicite),un recours contentieux devant le tribunal administratifpeut \u00e9galement \u00eatre form\u00e9 contre la d\u00e9cision initiale dansun d\u00e9lai de deux mois \u00e0 compter de ce rejet.\n03_UDDIRECCTE_Unit\u00e9 d\u00e9partementale de la Direction r\u00e9gionale des entreprises, de la concurrence, de la consommation, du travail\net de l'emploi de l'Allier - 03-2026-03-04-00003 - D\u00e9c GAGLIARDI Christophe 56\n03_UDDIRECCTE_Unit\u00e9 d\u00e9partementale de la\nDirection r\u00e9gionale des entreprises, de la\nconcurrence, de la consommation, du travail et\nde l'emploi de l'Allier\n03-2026-03-04-00005\nD\u00e9cl BEGHAIN Am\u00e9lie\n03_UDDIRECCTE_Unit\u00e9 d\u00e9partementale de la Direction r\u00e9gionale des entreprises, de la concurrence, de la consommation, du travail\net de l'emploi de l'Allier - 03-2026-03-04-00005 - D\u00e9cl BEGHAIN Am\u00e9lie 57\n| =Libert\u00e9 + \u00c9galit\u00e9 + Fraternit\u00e9R\u00c9PUBLIQUE FRAN\u00c7AISEPR\u00c9FET DE L'ALLIERDIRECTION DEPARTEMENTALE DE L'EMPLOI,DU TRAVAIL, DES SOLIDARITES ETDE LA PROTECTION DES POPULATIONS20 rue Aristide Briand \u2014 CS 6004203402 Yzeure Cedex\nR\u00e9c\u00e9piss\u00e9 de d\u00e9clarationd'un organisme de services 4 la personneenregistr\u00e9 sous le N\u00b0 SAP 821685450Vu le code du travail et notamment les articles L.7231-1 \u00e0 L.7233-2, R.7232-16 \u00e0 R.7232-22, D.7231-1 etD.7233-1 \u00e0 D.7233-5;Le pr\u00e9fet de l'Allier, Chevalier de l'ordre national du M\u00e9riteConstate :Qu'une d\u00e9claration d'activit\u00e9s de services \u00e0 la personne a \u00e9t\u00e9 d\u00e9pos\u00e9e aupr\u00e8s de la DDETS PP - Directiond\u00e9partementale de l'emploi, du travail, des solidarit\u00e9s et de la protection des populations de l'Allier, par MadameAm\u00e9lie BEGHAIN en qualit\u00e9 de responsable pour l'organisme BEGHAIN Am\u00e9lie dont l'\u00e9tablissement principalest situ\u00e9 25 Route de Cosne \u00e0 BIZENEUILLE (03170) et enregistr\u00e9 sous le N\u00b0 SAP 821685450 pour l'activit\u00e9suivante (date d'effet le 04 mars 2026) :Activit\u00e9 relevant uniquement de la d\u00e9claration (mode prestataire) :- Entretien de la maison et travaux m\u00e9nagers- Soins d'esth\u00e9tique \u00e0 domicile pour personnes d\u00e9pendantesToute modification concernant les activit\u00e9s exerc\u00e9es devra faire l'objet d'une d\u00e9claration modificative pr\u00e9alable.Sous r\u00e9serve d'\u00eatre exerc\u00e9es \u00e0 titre exclusif (ou sous r\u00e9serve d'une comptabilit\u00e9 s\u00e9par\u00e9e pour les personnesmorales dispens\u00e9es de cette condition), ces activit\u00e9s ouvrent droit au b\u00e9n\u00e9fice des dispositions des articlesL.7233-2 du code du travail et L.241-10 du code de la s\u00e9curit\u00e9 sociale dans les conditions pr\u00e9vues par ces articles.Les effets de la d\u00e9claration courent \u00e0 compter du jour du d\u00e9p\u00f4t de la d\u00e9claration sous r\u00e9serve des dispositions del'article R.7232-18 du code du travail.Le pr\u00e9sent r\u00e9c\u00e9piss\u00e9 n'est pas limit\u00e9 dans le temps.L'enregistrement de la d\u00e9claration peut \u00eatre retir\u00e9 dans les conditions fix\u00e9es aux articles R.7232-20 \u00e0 R.7232-22du code du travail.Le pr\u00e9sent r\u00e9c\u00e9piss\u00e9 est publi\u00e9 au recueil des actes administratifs de la Pr\u00e9fecture de |' Allier\nPour le Pr\u00e9fet et parP/Le DDETS-PPLe Chef de servi\n03_UDDIRECCTE_Unit\u00e9 d\u00e9partementale de la Direction r\u00e9gionale des entreprises, de la concurrence, de la consommation, du travail\net de l'emploi de l'Allier - 03-2026-03-04-00005 - D\u00e9cl BEGHAIN Am\u00e9lie 58\nLa pr\u00e9sente d\u00e9cision peut, \u00e0 compter de sa publication, faire l'objet d'un recours gracieux aupr\u00e8s de la DDETSPP- Direction d\u00e9partementale de l'emploi, du travail, des solidarit\u00e9s et de la protection des populations del'Allier ou d'un recours hi\u00e9rarchique adress\u00e9 au ministre charg\u00e9 de l'\u00e9conomie - Direction g\u00e9n\u00e9rale desentreprises - sous-direction des services marchands, 6, rue Louise Weiss, 75703 Paris cedex13.Elle peut \u00e9galementfaire l'objet d'un recours contentieux dans un d\u00e9lai de deux mois \u00e0 compter de sa publicationaupr\u00e8s du Tribunal Administratif de Clermont Ferrand 6 Cours Sablon 63033 Clermont-Ferrand Cedex 01.Le tribunal administratifpeut \u00eatre saisi par l'application informatique \u00ab T\u00e9l\u00e9recours citoyen \u00bb accessible sur lesite internet www.telerecours.fr.En cas de rejet du recours gracieux ou hi\u00e9rarchique ou en l'absence de r\u00e9ponse \u00e0 ce recours (rejet implicite),un recours contentieux devant le tribunal administratifpeut \u00e9galement \u00eatre form\u00e9 contre la d\u00e9cision initiale dansun d\u00e9lai de deux mois \u00e0 compter de ce rejet.\n03_UDDIRECCTE_Unit\u00e9 d\u00e9partementale de la Direction r\u00e9gionale des entreprises, de la concurrence, de la consommation, du travail\net de l'emploi de l'Allier - 03-2026-03-04-00005 - D\u00e9cl BEGHAIN Am\u00e9lie 59\n03_UDDIRECCTE_Unit\u00e9 d\u00e9partementale de la\nDirection r\u00e9gionale des entreprises, de la\nconcurrence, de la consommation, du travail et\nde l'emploi de l'Allier\n03-2026-03-04-00004\nD\u00e9cl CAVAGNIS J\u00e9r\u00e9my\n03_UDDIRECCTE_Unit\u00e9 d\u00e9partementale de la Direction r\u00e9gionale des entreprises, de la concurrence, de la consommation, du travail\net de l'emploi de l'Allier - 03-2026-03-04-00004 - D\u00e9cl CAVAGNIS J\u00e9r\u00e9my 60\n-Libert\u00e9 \u00ab Egalit\u00e9 \u00bb Fraternit\u00e9R\u00c9PUBLIQUE FRAN\u00c7AISEPR\u00c9FET DE L'ALLIERDIRECTION DEPARTEMENTALE DE L'EMPLOI,DU TRAVAIL, DES SOLIDARITES ETDE LA PROTECTION DES POPULATIONS20 rue Aristide Briand \u2014 CS 6004203402 Yzeure Cedex\nR\u00e9c\u00e9piss\u00e9 de d\u00e9clarationd'un organisme de services \u00e0 la personneenregistr\u00e9 sous le N\u00b0 SAP 100873835Vu le code du travail et notamment les articles L.7231-1 \u00e0 L.7233-2, R.7232-16 \u00e0 R.7232-22, D.7231-1 etD.7233-1 \u00e0 D.7233-5;Le pr\u00e9fet de I' Allier, Chevalier de l'ordre national du M\u00e9riteConstate :Qu'une d\u00e9claration d'activit\u00e9s de services \u00e0 la personne a \u00e9t\u00e9 d\u00e9pos\u00e9e aupr\u00e8s de la DDETS PP - Directiond\u00e9partementale de l'emploi, du travail, des solidarit\u00e9s et de la protection des populations de l'Allier, par MonsieurJ\u00e9r\u00e9my CAVAGNIS en qualit\u00e9 de responsable pour l'organisme CAVAGNIS J\u00e9r\u00e9my (nom commercial :Bidulesolutions) dont l'\u00e9tablissement principal est situ\u00e9 3 Route du Vilhain \u00e0 LE BRETHON (03350) et enregistr\u00e9 sousle N\u00b0 SAP 100873835 pour l'activit\u00e9 suivante (date d'effet le 03 mars 2026): |Activit\u00e9 relevant uniquement de la d\u00e9claration (mode prestataire) :- Entretien de la maison et travaux m\u00e9nagers- Petits travaux de jardinage- Travaux de petit bricolageToute modification concernant les activit\u00e9s exerc\u00e9es devra faire l'objet d'une d\u00e9claration modificative pr\u00e9alable.Sous r\u00e9serve d'\u00eatre exerc\u00e9es \u00e0 titre exclusif (ou sous r\u00e9serve d'une comptabilit\u00e9 s\u00e9par\u00e9e pour les personnesmorales dispens\u00e9es de cette condition), ces activit\u00e9s ouvrent droit au b\u00e9n\u00e9fice des dispositions des articlesL.7233-2 du code du travail et L.241-10 du code de la s\u00e9curit\u00e9 sociale dans les conditions pr\u00e9vues par ces articles.Les effets de la d\u00e9claration courent \u00e0 compter du jour du d\u00e9p\u00f4t de la d\u00e9claration sous r\u00e9serve des dispositions del'article R.7232-18 du code du travail.Le pr\u00e9sent r\u00e9c\u00e9piss\u00e9 n'est pas limit\u00e9 dans le temps.L'enregistrement de la d\u00e9claration peut \u00eatre retir\u00e9 dans les conditions fix\u00e9es aux articles R.7232-20 \u00e0 R.7232-22du code du travail.Le pr\u00e9sent r\u00e9c\u00e9piss\u00e9 est publi\u00e9 au recueil des actes administratifs de la Pr\u00e9fecture de l'AllierFait \u00e0 Yzeure, le 04 mars 2026\n03_UDDIRECCTE_Unit\u00e9 d\u00e9partementale de la Direction r\u00e9gionale des entreprises, de la concurrence, de la consommation, du travail\net de l'emploi de l'Allier - 03-2026-03-04-00004 - D\u00e9cl CAVAGNIS J\u00e9r\u00e9my 61\nLa pr\u00e9sente d\u00e9cision peut, \u00e0 compter de sa publication, faire l'objet d'un recours gracieux aupr\u00e8s de la DDETSPP- Direction d\u00e9partementale de l'emploi, du travail, des solidarit\u00e9s et de la protection des populations del'Allier ou d'un recours hi\u00e9rarchique adress\u00e9 au ministre charg\u00e9 de l'\u00e9conomie - Direction g\u00e9n\u00e9rale desentreprises - sous-direction des services marchands, 6, rue Louise Weiss, 75703 Paris cedex13.Elle peut \u00e9galementfaire l'objet d'un recours contentieux dans un d\u00e9lai de deux mois \u00e0 compter de sa publicationaupr\u00e8s du Tribunal Administratif de Clermont Ferrand 6 Cours Sablon 63033 Clermont-Ferrand Cedex 01.Le tribunal administratifpeut \u00eatre saisi par l'application informatique \u00ab T\u00e9l\u00e9recours citoyen \u00bb accessible sur lesite internet www.telerecours.fr.En cas de rejet du recours gracieux ou hi\u00e9rarchique ou en l'absence de r\u00e9ponse \u00e0 ce recours (rejet implicite),un recours contentieux devant le tribunal administratifpeut \u00e9galement \u00eatre form\u00e9 contre la d\u00e9cision initiale dansun d\u00e9lai de deux mois \u00e0 compter de ce rejet.\n03_UDDIRECCTE_Unit\u00e9 d\u00e9partementale de la Direction r\u00e9gionale des entreprises, de la concurrence, de la consommation, du travail\net de l'emploi de l'Allier - 03-2026-03-04-00004 - D\u00e9cl CAVAGNIS J\u00e9r\u00e9my 62\n03_UDDIRECCTE_Unit\u00e9 d\u00e9partementale de la\nDirection r\u00e9gionale des entreprises, de la\nconcurrence, de la consommation, du travail et\nde l'emploi de l'Allier\n03-2026-03-26-00010\nD\u00e9cl DICKELE Simon\n03_UDDIRECCTE_Unit\u00e9 d\u00e9partementale de la Direction r\u00e9gionale des entreprises, de la concurrence, de la consommation, du travail\net de l'emploi de l'Allier - 03-2026-03-26-00010 - D\u00e9cl DICKELE Simon 63\nLibert\u00e9 \u00ab| \u00c9gali\u00e9 +Fraternit\u00e9R\u00c9PUBLIQUE FRAN\u00c7AISEPR\u00c9FET DE L'ALLIERDIRECTION DEPARTEMENTALE DE L'EMPLOI,DU TRAVAIL, DES SOLIDARITES ETDE LA PROTECTION DES POPULATIONS20 rue Aristide Briand \u2014 CS 6004203402 Yzeure Cedex\nR\u00e9c\u00e9piss\u00e9 de d\u00e9clarationd'un organisme de services \u00e0 la personneenregistr\u00e9 sous le N\u00b0 SAP 808429971Vu le code du travail et notamment les articles L.7231-1 \u00e0 L.7233-2, R.7232-16 \u00e0 R.7232-22, D.7231-1 etD.7233-1 \u00e0 D.7233-5;Le pr\u00e9fet de l'Allier, Chevalier de l'ordre national du M\u00e9riteConstate :Qu'une d\u00e9claration d'activit\u00e9s de services \u00e0 la personne a \u00e9t\u00e9 d\u00e9pos\u00e9e aupr\u00e8s de la DDETS PP - Directiond\u00e9partementale de l'emploi, du travail, des solidarit\u00e9s et de la protection des populations de l'Allier, par MonsieurSimon DICKELE en qualit\u00e9 de responsable pour l'organisme DICKELE Simon dont l'\u00e9tablissement principalest situ\u00e9 54 Avenue des C\u00e9lestins \u00e0 VICHY (03200) et enregistr\u00e9 sous le N\u00b0 SAP 808429971 pour l'activit\u00e9suivante (date d'effet le 25/03/2026) :Activit\u00e9 relevant uniquement de la d\u00e9claration (mode prestataire) :- Garde d'enfants de plus de 3ans \u00e0 domicile- Entretien de la maison et travaux m\u00e9nagersToute modification concernant les activit\u00e9s exerc\u00e9es devra faire l'objet d'une d\u00e9claration modificative pr\u00e9alable.Sous r\u00e9serve d'\u00eatre exerc\u00e9es \u00e0 titre exclusif (ou sous r\u00e9serve d'une comptabilit\u00e9 s\u00e9par\u00e9e pour les personnesmorales dispens\u00e9es de cette condition), ces activit\u00e9s ouvrent droit au b\u00e9n\u00e9fice des dispositions des articlesL.7233-2 du code du travail et L.241-10 du code de la s\u00e9curit\u00e9 sociale dans les conditions pr\u00e9vues par ces articles.Les effets de la d\u00e9claration courent \u00e0 compter du jour du d\u00e9p\u00f4t de la d\u00e9claration sous r\u00e9serve des dispositions del'article R.7232-18 du code du travail.Le pr\u00e9sent r\u00e9c\u00e9piss\u00e9 n'est pas limit\u00e9 dans le temps.L'enregistrement de la d\u00e9claration peut \u00eatre retir\u00e9 dans les conditions fix\u00e9es aux articles R.7232-20 \u00e0 R.7232-22du code du travail.Le pr\u00e9sent r\u00e9c\u00e9piss\u00e9 est publi\u00e9 au recueil des actes administratifs de la Pr\u00e9fecture de |' Allier. Fr.Fait \u00e0 Yzeure, le 26 mars 2026Pour le Pr\u00e9fet et par d\u00e9l\u00e9gation,P/Le DDETS-PP de l'Allier,Le Chef de service\nDidier FREYCE\n03_UDDIRECCTE_Unit\u00e9 d\u00e9partementale de la Direction r\u00e9gionale des entreprises, de la concurrence, de la consommation, du travail\net de l'emploi de l'Allier - 03-2026-03-26-00010 - D\u00e9cl DICKELE Simon 64\nLa pr\u00e9sente d\u00e9cision peut, \u00e0 compter de sa publication, faire l'objet d'un recours gracieux aupr\u00e8s de la DDETSPP- Direction d\u00e9partementale de l'emploi, du travail, des solidarit\u00e9s et de la protection des populations del'Allier ou d'un recours hi\u00e9rarchique adress\u00e9 au ministre charg\u00e9 de l'\u00e9conomie - Direction g\u00e9n\u00e9rale desentreprises - sous-direction des services marchands, 6, rue Louise Weiss, 75703 Paris cedex13.Elle peut \u00e9galementfaire l'objet d'un recours contentieux dans un d\u00e9lai de deux mois \u00e0 compter de sa publicationaupr\u00e8s du Tribunal Administratif de Clermont Ferrand 6 Cours Sablon 63033 Clermont-Ferrand Cedex 01.Le tribunal administratifpeut \u00eatre saisi par l'application informatique \u00ab T\u00e9l\u00e9recours citoyen \u00bb accessible sur lesite internet www.telerecours.fr.En cas de rejet du recours gracieux ou hi\u00e9rarchique ou en l'absence de r\u00e9ponse a ce recours (rejet implicite),un recours contentieux devant le tribunal administratifpeut \u00e9galement \u00e9tre form\u00e9 contre la d\u00e9cision initiale dansun d\u00e9lai de deux mois a compter de ce rejet.\n03_UDDIRECCTE_Unit\u00e9 d\u00e9partementale de la Direction r\u00e9gionale des entreprises, de la concurrence, de la consommation, du travail\net de l'emploi de l'Allier - 03-2026-03-26-00010 - D\u00e9cl DICKELE Simon 65\n03_UDDIRECCTE_Unit\u00e9 d\u00e9partementale de la\nDirection r\u00e9gionale des entreprises, de la\nconcurrence, de la consommation, du travail et\nde l'emploi de l'Allier\n03-2026-03-12-00003\nD\u00e9cl JAWAMEER Yousif\n03_UDDIRECCTE_Unit\u00e9 d\u00e9partementale de la Direction r\u00e9gionale des entreprises, de la concurrence, de la consommation, du travail\net de l'emploi de l'Allier - 03-2026-03-12-00003 - D\u00e9cl JAWAMEER Yousif 66\nEE =Libert\u00e9 + \u00c9galit\u00e9 \u00bb Fraternit\u00e9R\u00c9PUBLIQUE FRAN\u00c7AISEPR\u00c9FET DE L'ALLIERDIRECTION DEPARTEMENTALE DE L'EMPLOI,DU TRAVAIL, DES SOLIDARITES ETDE LA PROTECTION DES POPULATIONS20 rue Aristide Briand \u2014 CS 6004203402 Yzeure Cedex\nR\u00e9c\u00e9piss\u00e9 de d\u00e9clarationd'un organisme de services \u00e0 la personneenregistr\u00e9 sous le N\u00b0 SAP 894089762Vu le code du travail et notamment les articles L.7231-1 \u00e0 L.7233-2, R.7232-16 \u00e0 R.7232-22, D.7231-1 etD.7233-1 \u00e0 D.7233-5;Le pr\u00e9fet de I' Allier, Chevalier de l'ordre national du M\u00e9riteConstate :Qu'une d\u00e9claration d'activit\u00e9s de services \u00e0 la personne a \u00e9t\u00e9 d\u00e9pos\u00e9e aupr\u00e8s de la DDETS PP - Directiond\u00e9partementale de l'emploi, du travail, des solidarit\u00e9s et de la protection des populations de l'Allier, par MonsieurYousif JAWAMEER en qualit\u00e9 de responsable pour l'organisme JAWAMEER Yousif dont l'\u00e9tablissementprincipal est situ\u00e9 906 Lieu-dit la Prieuse \u00e0 BOURBON L'ARCHAMBAULT (03160) et enregistr\u00e9 sous le N\u00b0SAP 894089762 pour l'activit\u00e9 suivante (date d'effet le 12 mars 2026) :Activit\u00e9 relevant uniquement de la d\u00e9claration (mode prestataire) :- Petits travaux de jardinageToute modification concernant les activit\u00e9s exerc\u00e9es devra faire l'objet d'une d\u00e9claration modificative pr\u00e9alable.Sous r\u00e9serve d'\u00eatre exerc\u00e9es \u00e0 titre exclusif (ou sous r\u00e9serve d'une comptabilit\u00e9 s\u00e9par\u00e9e pour les personnesmorales dispens\u00e9es de cette condition), ces activit\u00e9s ouvrent droit au b\u00e9n\u00e9fice des dispositions des articlesL.7233-2 du code du travail et L.241-10 du code de la s\u00e9curit\u00e9 sociale dans les conditions pr\u00e9vues par ces articles.Les effets de la d\u00e9claration courent \u00e0 compter du jour du d\u00e9p\u00f4t de la d\u00e9claration sous r\u00e9serve des dispositions del'article R.7232-18 du code du travail.Le pr\u00e9sent r\u00e9c\u00e9piss\u00e9 n'est pas limit\u00e9 dans le temps.L'enregistrement de la d\u00e9claration peut \u00eatre retir\u00e9 dans les conditions fix\u00e9es aux articles R.7232-20 \u00e0 R.7232-22du code du travail.Le pr\u00e9sent r\u00e9c\u00e9piss\u00e9 est publi\u00e9 au recueil des actes administratifs de la Pr\u00e9fecture de 1' Allier.Fait \u00e0 Yzeure, le 12 mars 2026Pour le Pr\u00e9fet et par d\u00e9l\u00e9gation, ~P/Le DDETS-PP de l'Allier,Le Chef de service -Didier FREYCENON ~\n(- 4,\n03_UDDIRECCTE_Unit\u00e9 d\u00e9partementale de la Direction r\u00e9gionale des entreprises, de la concurrence, de la consommation, du travail\net de l'emploi de l'Allier - 03-2026-03-12-00003 - D\u00e9cl JAWAMEER Yousif 67\nLa pr\u00e9sente d\u00e9cision peut, \u00e0 compter de sa publication, faire l'objet d'un recours gracieux aupr\u00e8s de la DDETSPP- Direction d\u00e9partementale de l'emploi, du travail, des solidarit\u00e9s et de la protection des populations del'Allier ou d'un recours hi\u00e9rarchique adress\u00e9 au ministre charg\u00e9 de l'\u00e9conomie - Direction g\u00e9n\u00e9rale desentreprises - sous-direction des services marchands, 6, rue Louise Weiss, 75703 Paris cedex13.Elle peut \u00e9galementfaire l'objet d'un recours contentieux dans un d\u00e9lai de deux mois \u00e0 compter de sa publicationaupr\u00e8s du Tribunal Administratif de Clermont Ferrand 6 Cours Sablon 63033 Clermont-Ferrand Cedex 01.Le tribunal administratifpeut \u00eatre saisi par l'application informatique \u00ab T\u00e9l\u00e9recours citoyen \u00bb accessible sur lesite internet www.telerecours.fr.En cas de rejet du recours gracieux ou hi\u00e9rarchique ou en l'absence de r\u00e9ponse \u00e0 ce recours (rejet implicite),un recours contentieux devant le tribunal administratifpeut \u00e9galement \u00eatre form\u00e9 contre la d\u00e9cision initiale dansun d\u00e9lai de deux mois \u00e0 compter de ce rejet.\n03_UDDIRECCTE_Unit\u00e9 d\u00e9partementale de la Direction r\u00e9gionale des entreprises, de la concurrence, de la consommation, du travail\net de l'emploi de l'Allier - 03-2026-03-12-00003 - D\u00e9cl JAWAMEER Yousif 68\n03_UDDIRECCTE_Unit\u00e9 d\u00e9partementale de la\nDirection r\u00e9gionale des entreprises, de la\nconcurrence, de la consommation, du travail et\nde l'emploi de l'Allier\n03-2026-03-04-00001\nD\u00e9cl modif LE GOC Manon\n03_UDDIRECCTE_Unit\u00e9 d\u00e9partementale de la Direction r\u00e9gionale des entreprises, de la concurrence, de la consommation, du travail\net de l'emploi de l'Allier - 03-2026-03-04-00001 - D\u00e9cl modif LE GOC Manon 69\nLibert\u00e9 \u00ab+ \u00c9galit\u00e9 + Fraternit\u00e9R\u00c9PUBLIQUE FRAN\u00c7AISEPR\u00c9FET DE L'ALLIERDIRECTION DEPARTEMENTALE DE L'EMPLOI,DU TRAVAIL, DES SOLIDARITES ETDE LA PROTECTION DES POPULATIONS20, rue Aristide Briand \u2014 CS 6004203402 YZEURE R\u00e9c\u00e9piss\u00e9 modificatif de d\u00e9clarationd'un organisme de services \u00e0 la personneenregistr\u00e9 sous le N\u00b0 SAP 988619359Vu le code du travail et notamment les articles L.7231-1 \u00e0 L.7233-2, R.7232-16 \u00e0 R.7232-22, D.7231-1 et D.7233-1\u00e0 D.7233-5;Le pr\u00e9fet de l'Allier, Chevalier de l'ordre national du M\u00e9riteConstate :Qu'une modification de d\u00e9claration d'activit\u00e9s de services \u00e0 la personne a \u00e9t\u00e9 d\u00e9pos\u00e9e aupr\u00e8s de la DDETS PP-Direction d\u00e9partementale de l'emploi, du travail, des solidarit\u00e9s et de la protection des populations de l'Allier le25/02/2026 par Madame Manon LE GOC en qualit\u00e9 de responsable pour l'organisme LE GOC Manon (nomcommercial : Manon Services) dont le si\u00e8ge social est toujours 3 Impasse du Serpolet \u00e0 NEUILLY-LE-R\u00c9AL(03340).Activit\u00e9s relevant uniquement de la d\u00e9claration (mode prestataire) :- Entretien de la maison et travaux m\u00e9nagers- Petits travaux de jardinage- Travaux de petit bricolage- Pr\u00e9paration de repas \u00e0 domicile- Collecte et livraison \u00e0 domicile de linge repass\u00e9- Livraison de courses \u00e0 domicile- Assistance informatique \u00e0 domicile- Assistance administrative \u00e0 domicile- Soins et promenade(s) d'animaux pour personnes d\u00e9pendantes- Conduite du v\u00e9hicule des personne en cas d'invalidit\u00e9 temporaire- Accompagnement des personnes pr\u00e9sentant une invalidit\u00e9 temporaire- Assistance aux personnes ayant besoin d'une aide temporaire \u00e0 leur domicileToute modification concernant les activit\u00e9s exerc\u00e9es devra faire l'objet d'une d\u00e9claration modificative pr\u00e9alable.Sous r\u00e9serve d'\u00eatre exerc\u00e9es \u00e0 titre exclusif (ou sous r\u00e9serve d'une comptabilit\u00e9 s\u00e9par\u00e9e pour les personnes moralesdispens\u00e9es de cette condition), ces activit\u00e9s ouvrent droit au b\u00e9n\u00e9fice des dispositions des articles L.7233-2 du codedu travail et L.241-10 du code de la s\u00e9curit\u00e9 sociale dans les conditions pr\u00e9vues par ces articles.Les effets de la d\u00e9claration courent \u00e0 compter du jour du d\u00e9p\u00f4t de la d\u00e9claration sous r\u00e9serve des dispositions del'article R.7232-18 du code du travail.Le pr\u00e9sent r\u00e9c\u00e9piss\u00e9 n'est pas limit\u00e9 dans le temps.P P pa pL'enregistrement de la d\u00e9claration peut \u00eatre retir\u00e9 dans les conditions fix\u00e9es aux articles R.7232-20 \u00e0 R.7232-22 ducode du travail.Le pr\u00e9sent r\u00e9c\u00e9piss\u00e9 est publi\u00e9 au recueil des actes administratifs de la Pr\u00e9fecture de |' Allier.Fait \u00e0 Yzeure, le 04 mars 2026\n03_UDDIRECCTE_Unit\u00e9 d\u00e9partementale de la Direction r\u00e9gionale des entreprises, de la concurrence, de la consommation, du travail\net de l'emploi de l'Allier - 03-2026-03-04-00001 - D\u00e9cl modif LE GOC Manon 70\nLa pr\u00e9sente d\u00e9cision peut, \u00e0 compter de sa publication, faire l'objet d'un recours gracieux aupr\u00e8s de la DDETS PP-Direction d\u00e9partementale de l'emploi, du travail, des solidarit\u00e9s et de la protection des populations de l'Allier oud'un recours hi\u00e9rarchique adress\u00e9 au ministre charg\u00e9 de l'\u00e9conomie - Direction g\u00e9n\u00e9rale des entreprises - sous-direction des services marchands, 6, rue Louise Weiss, 75703 Paris cedex13.Elle peut \u00e9galement faire l'objet d'un recours contentieux dans un d\u00e9lai de deux mois \u00e0 compter de sa publicationaupres du Tribunal Administratif de Clermont Ferrand 6 Cours Sablon 63033 Clermont-Ferrand Cedex 01.Le tribunal administratifpeut \u00e9tre saisi par l'application informatique \u00ab T\u00e9l\u00e9recours citoyen \u00bb accessible sur le siteinternet www.telerecours.fr.En cas de rejet du recours gracieux ou hi\u00e9rarchique ou en l'absence de r\u00e9ponse \u00e0 ce recours (rejet implicite), unrecours contentieux devant le tribunal administratif peut \u00e9galement \u00eatre form\u00e9 contre la d\u00e9cision initiale dans und\u00e9lai de deux mois \u00e0 compter de ce rejet.\n03_UDDIRECCTE_Unit\u00e9 d\u00e9partementale de la Direction r\u00e9gionale des entreprises, de la concurrence, de la consommation, du travail\net de l'emploi de l'Allier - 03-2026-03-04-00001 - D\u00e9cl modif LE GOC Manon 71\n03_UDDIRECCTE_Unit\u00e9 d\u00e9partementale de la\nDirection r\u00e9gionale des entreprises, de la\nconcurrence, de la consommation, du travail et\nde l'emploi de l'Allier\n03-2026-03-26-00009\nD\u00e9cl modif MURIS Fabrice\n03_UDDIRECCTE_Unit\u00e9 d\u00e9partementale de la Direction r\u00e9gionale des entreprises, de la concurrence, de la consommation, du travail\net de l'emploi de l'Allier - 03-2026-03-26-00009 - D\u00e9cl modif MURIS Fabrice 72\nLibert\u00e9 \u00ab \u00c9galit\u00e9 \u00ab\u00b0 Fraternit\u00e9REPUBLIQUE FRANCAISEPREFET DE L'ALLIERDIRECTION DEPARTEMENTALE DE L'EMPLOI,DU TRAVAIL, DES SOLIDARITES ETDE LA PROTECTION DES POPULATIONS20, rue Aristide Briand \u2014 CS 6004203402 YZEURE\nR\u00e9c\u00e9piss\u00e9 modificatif de d\u00e9clarationd'un organisme de services 4 la personneenregistr\u00e9 sous le N\u00b0 SAP 911645455Vu le code du travail et notamment les articles L.723 1-1 \u00e0 L.7233-2, R.7232-16 a R.7232-22, D.723 1-1 et D.7233-1a D.7233-5;Le pr\u00e9fet de I' Allier, Chevalier de l'ordre national du M\u00e9riteConstate :Qu'une modification de d\u00e9claration d'activit\u00e9s de services \u00e0 la personne a \u00e9t\u00e9 d\u00e9pos\u00e9e aupr\u00e8s de la DDETS PP-Direction d\u00e9partementale de l'emploi, du travail, des solidarit\u00e9s et de la protection des populations de l'Allier le15/03/2026 par Monsieur Fabrice MURIS en qualit\u00e9 de responsable pour l'organisme MURIS Fabrice (nomcommercial: ABC entretien muris) dont le si\u00e9ge social est toujours 21 Rue de la Commune de Paris aCOMMENTRY (03600).Activit\u00e9s relevant uniquement de la d\u00e9claration (mode prestataire) :- Entretien de la maison et travaux m\u00e9nagers- Petits travaux de jardinage- Travaux de petit bricolage- Maintenance, entretien et vigilance temporaires 4 domicileToute modification concernant les activit\u00e9s exerc\u00e9es devra faire l'objet d'une d\u00e9claration modificative pr\u00e9alable.Sous r\u00e9serve d'\u00eatre exerc\u00e9es \u00e0 titre exclusif (ou sous r\u00e9serve d'une comptabilit\u00e9 s\u00e9par\u00e9e pour les personnes moralesdispens\u00e9es de cette condition), ces activit\u00e9s ouvrent droit au b\u00e9n\u00e9fice des dispositions des articles L.7233-2 du codedu travail et L.241-10 du code de la s\u00e9curit\u00e9 sociale dans les conditions pr\u00e9vues par ces articles.Les effets de la d\u00e9claration courent \u00e0 compter dujour du d\u00e9p\u00f4t de la d\u00e9claration sous r\u00e9serve des dispositions del'article R.7232-18 du code du travail.Le pr\u00e9sent r\u00e9c\u00e9piss\u00e9 n'est pas limit\u00e9 dans le temps.L'enregistrement de la d\u00e9claration peut \u00eatre retir\u00e9 dans les conditions fix\u00e9es aux articles R.7232-20 \u00e0 R.7232-22 ducode du travail.Le pr\u00e9sent r\u00e9c\u00e9piss\u00e9 est publi\u00e9 au recueil des actes administratifs de la Pr\u00e9fecture de |' Allier.Fait \u00e0 Yzeure, le 26 mars 2026Pour le Pr\u00e9fet et par d\u00e9l\u00e9gation,P/ Le DDETS-PP de l'Allier,Le chef de service,Didier FREYCENO\n03_UDDIRECCTE_Unit\u00e9 d\u00e9partementale de la Direction r\u00e9gionale des entreprises, de la concurrence, de la consommation, du travail\net de l'emploi de l'Allier - 03-2026-03-26-00009 - D\u00e9cl modif MURIS Fabrice 73\nLa pr\u00e9sente d\u00e9cision peut, \u00e0 compter de sa publication, faire l'objet d'un recours gracieux aupr\u00e8s de la DDETS PP-Direction d\u00e9partementale de l'emploi, du travail, des solidarit\u00e9s et de la protection des populations de l'Allier oud'un recours hi\u00e9rarchique adress\u00e9 au ministre charg\u00e9 de l'\u00e9conomie - Direction g\u00e9n\u00e9rale des entreprises - sous-direction des services marchands, 6, rue Louise Weiss, 75703 Paris cedex13.Elle peut \u00e9galement faire l'objet d'un recours contentieux dans un d\u00e9lai de deux mois \u00e0 compter de sa publicationaupr\u00e8s du Tribunal Administratif de Clermont Ferrand 6 Cours Sablon 63033 Clermont-Ferrand Cedex 01.Le tribunal administratifpeut \u00e9tre saisi par l'application informatique \u00ab T\u00e9l\u00e9recours citoyen \u00bb accessible sur le siteinternet www.telerecours.fr.En cas de rejet du recours gracieux ou hi\u00e9rarchique ou en l'absence de r\u00e9ponse a ce recours (rejet implicite), unrecours contentieux devant le tribunal administratifpeut \u00e9galement \u00e9tre form\u00e9 contre la d\u00e9cision initiale dans und\u00e9lai de deux mois a compter de ce rejet.\n03_UDDIRECCTE_Unit\u00e9 d\u00e9partementale de la Direction r\u00e9gionale des entreprises, de la concurrence, de la consommation, du travail\net de l'emploi de l'Allier - 03-2026-03-26-00009 - D\u00e9cl modif MURIS Fabrice 74\n03_UDDIRECCTE_Unit\u00e9 d\u00e9partementale de la\nDirection r\u00e9gionale des entreprises, de la\nconcurrence, de la consommation, du travail et\nde l'emploi de l'Allier\n03-2026-03-26-00007\nD\u00e9cl modif O2 Vichy-1\n03_UDDIRECCTE_Unit\u00e9 d\u00e9partementale de la Direction r\u00e9gionale des entreprises, de la concurrence, de la consommation, du travail\net de l'emploi de l'Allier - 03-2026-03-26-00007 - D\u00e9cl modif O2 Vichy-1 75\nEE =Libert\u00e9 \u00bb \u00c9galit\u00e9 + Fraternit\u00e9R\u00c9PUBLIQUE FRAN\u00c7AISEPR\u00c9FET DE L'ALLIERDIRECTION DEPARTEMENTALE DE L'EMPLOI,DU TRAVAIL, DES SOLIDARITES ETDE LA PROTECTION DES POPULATIONS20 Rue Aristide Briand \u2014 CS 6004203402 YZEURE Cedex R\u00e9c\u00e9piss\u00e9 modificatif de d\u00e9clarationd'un organisme de services \u00e0 la personneenregistr\u00e9 sous le N\u00b0 SAP 829026293Vu le code du travail et notamment les articles L.7231-1 \u00e0 L.7233-2, R.7232-16 \u00e0 R.7232-22, D.7231-1 et D.7233-1\u00e0 D.7233-5;Le Pr\u00e9fet de l'Allier, Chevalier de l'ordre national du M\u00e9riteConstate :Qu'une d\u00e9claration d'activit\u00e9s de services \u00e0 la personne a \u00e9t\u00e9 d\u00e9pos\u00e9e par mail aupr\u00e8s de la DDETS PP - Directiond\u00e9partementale de l'emploi, du travail, des solidarit\u00e9s et de la protection des populations de l'Allier le 24/02/2026 parMonsieur RICHARD Guillaume en qualit\u00e9 de dirigeant, pour l'organisme O2 Vichy, 114 Avenue Thermale \u00e0 VICHY(03200) et enregistr\u00e9 sous le N\u00b0 SAP 829026293, date d'effet le 15 janvier 2026 pour les activit\u00e9s suivantes :Activit\u00e9s relevant uniquement de la d\u00e9claration (mode prestataire) :e Entretien de la maison et travaux m\u00e9nagersGarde d'enfants de plus de 3 ans \u00e0 domicileSoutien scolaire ou cours 4 domicilePr\u00e9paration de repas a domicile (inclus le temps pass\u00e9 aux courses)Livraison de courses \u00e0 domicilee Assistance administrative \u00e0 domicile\u00b0 Accompagnement des enfants de plus de 3 ans, en dehors de leur domicileActivit\u00e9s relevant uniquement de l'agr\u00e9ment de l'Etat (mode prestataire) :\u00a2 Garde d'enfants de moins de 3 ans ou de moins de 18 ans handicap\u00e9s \u00e0 domicile (03, 63)\u00a2 Accompagnement des enfants de plus de 3 ans ou de moins de 18 ans handicap\u00e9s, en dehors de leur domicile (03,63)Activit\u00e9s relevant uniquement de l'agr\u00e9ment de l'Etat (mode mandataire) :e Assistance aux personnes \u00e2g\u00e9es (mandataire et/ou mise \u00e0 disposition) (03, 63)\u00a2 Assistance aux personnes handicap\u00e9es (mandataire et/ou mise \u00e0 disposition) (03, 63)\u00a2 Conduite de v\u00e9hicule des PA/PH (mandataire et/ou mise \u00e0 disposition) (03, 63)* Accompagnement des PA/PH dans leurs d\u00e9placements (mandataire et/ou mise \u00e0 disposition) (03, 63)Toute modification concernant les activit\u00e9s exerc\u00e9es devra faire l'objet d'une d\u00e9claration modificative pr\u00e9alable.Sous r\u00e9serve d'\u00eatre exerc\u00e9es \u00e0 titre exclusif (ou sous r\u00e9serve d'une comptabilit\u00e9 s\u00e9par\u00e9e pour les personnes moralesdispens\u00e9es de cette condition), ces activit\u00e9s ouvrent droit au b\u00e9n\u00e9fice des dispositions des articles L.7233-2 du codedu travail et L.241-10 du code de la s\u00e9curit\u00e9 sociale dans les conditions pr\u00e9vues par ces articles.Les effets de la d\u00e9claration courent \u00e0 compter du jour du d\u00e9p\u00f4t de la d\u00e9claration sous r\u00e9serve des dispositions del'article R.7232-18 du code du travail.Le pr\u00e9sent r\u00e9c\u00e9piss\u00e9 n'est pas limit\u00e9 dans le temps.L'enregistrement de la d\u00e9claration peut \u00eatre retir\u00e9 dans les conditions fix\u00e9es aux articles R.7232-20 \u00e0 R.7232-22 ducode du travail.Le pr\u00e9sent r\u00e9c\u00e9piss\u00e9 est publi\u00e9 au recueil des actes administratifs de la Pr\u00e9fecture de 1' Allier.Fait \u00e0 Yzeure, le 26 m\nCh\u00e9f du Service MDE// DDETSPP de l'Allier\n03_UDDIRECCTE_Unit\u00e9 d\u00e9partementale de la Direction r\u00e9gionale des entreprises, de la concurrence, de la consommation, du travail\net de l'emploi de l'Allier - 03-2026-03-26-00007 - D\u00e9cl modif O2 Vichy-1 76\nLa pr\u00e9sente d\u00e9cision peut, \u00e0 compter de sa publication, faire l'objet d'un recours gracieux aupr\u00e8s de la DDETSPP- Direction d\u00e9partementale de l'emploi, du travail, des solidarit\u00e9s et de la protection des populations del'Allier ou d'un recours hi\u00e9rarchique adress\u00e9 au ministre charg\u00e9 de l'\u00e9conomie - Direction g\u00e9n\u00e9rale desentreprises - sous-direction des services marchands, 6, rue Louise Weiss, 75703 Paris cedex13.Elle peut \u00e9galement faire l'objet d'un recours contentieux dans un d\u00e9lai de deux mois \u00e0 compter de sapublication aupr\u00e8s du Tribunal Administratif de Clermont Ferrand 6 Cours Sablon 63033 Clermont-FerrandCedex 01.Le tribunal administratifpeut \u00eatre saisi par l'application informatique \u00ab T\u00e9l\u00e9recours citoyen \u00bb accessible surle site internet www.telerecours.fr.En cas de rejet du recours gracieux ou hi\u00e9rarchique ou en l'absence de r\u00e9ponse \u00e0 ce recours (rejet implicite),un recours contentieux devant le tribunal administratifpeut \u00e9galement \u00eatre form\u00e9 contre la d\u00e9cision initialedans un d\u00e9lai de deux mois \u00e0 compter de ce rejet.\n03_UDDIRECCTE_Unit\u00e9 d\u00e9partementale de la Direction r\u00e9gionale des entreprises, de la concurrence, de la consommation, du travail\net de l'emploi de l'Allier - 03-2026-03-26-00007 - D\u00e9cl modif O2 Vichy-1 77\n03_UDDIRECCTE_Unit\u00e9 d\u00e9partementale de la\nDirection r\u00e9gionale des entreprises, de la\nconcurrence, de la consommation, du travail et\nde l'emploi de l'Allier\n03-2026-03-04-00002\nD\u00e9cl MONTLU SERVICES\n03_UDDIRECCTE_Unit\u00e9 d\u00e9partementale de la Direction r\u00e9gionale des entreprises, de la concurrence, de la consommation, du travail\net de l'emploi de l'Allier - 03-2026-03-04-00002 - D\u00e9cl MONTLU SERVICES 78\nEE =Libert\u00e9 + \u00c9galit\u00e9 \u00bb Fraternit\u00e9R\u00c9PUBLIQUE FRAN\u00c7AISEPR\u00c9FET DE L'ALLIERDIRECTION DEPARTEMENTALE DE L'EMPLOI,DU TRAVAIL, DES SOLIDARITES ETDE LA PROTECTION DES POPULATIONS20 rue Aristide Briand \u2014 CS 6004203402 Yzeure Cedex R\u00e9c\u00e9piss\u00e9 de d\u00e9clarationd'un organisme de services \u00e0 la personneenregistr\u00e9 sous le N\u00b0 SAP 999037062Vu le code du travail et notamment les articles L.7231-1 \u00e0 L.7233-2, R.7232-16 \u00e0 R.7232-22, D.7231-1 et D.7233-1 \u00e0D.7233-5;Le pr\u00e9fet de l'Allier, Chevalier de l'ordre national du M\u00e9riteConstate :Qu'une d\u00e9claration d'activit\u00e9s de services \u00e0 la personne a \u00e9t\u00e9 d\u00e9pos\u00e9e aupr\u00e8s de la DDETS PP - Direction d\u00e9partementalede l'emploi, du travail, des solidarit\u00e9s et de la protection des populations de l'Allier, par Monsieur Morgan ESBELIN enqualit\u00e9 de g\u00e9rant pour la SARL MONTLU SERVICES dont l'\u00e9tablissement principal est situ\u00e9 8 Place Jean Jaur\u00e8s \u00e0MONTLU\u00c7ON (03100) et enregistr\u00e9 sous le N\u00b0 SAP 999037062 pour l'activit\u00e9 suivante (date d'effet le 20 f\u00e9vrier 2026) :Activit\u00e9 relevant uniquement de la d\u00e9claration (mode prestataire) :- Garde d'enfants de plus de 3 ans \u00e0 domicile- Soutien scolaire ou cours \u00e0 domicile- Accompagnement des enfants de plus de 3 ans dans leurs d\u00e9placements- Entretien de la maison et travaux m\u00e9nagers- Petits travaux de jardinage- Travaux de petit bricolage- Pr\u00e9paration de repas \u00e0 domicile- Livraison de repas \u00e0 domicile- Collecte et livraison \u00e0 domicile de linge repass\u00e9- Livraison de courses \u00e0 domicile- Maintenance, entretien et vigilance temporaires \u00e0 domicile- Assistance informatique \u00e0 domicile- Assistance administrative \u00e0 domicile- T\u00e9l\u00e9-assistance et visio-assistance- Soins et promenade(s) d'animaux pour personnes d\u00e9pendantes- Conduite du v\u00e9hicule des personnes en cas d'invalidit\u00e9 temporaire- Accompagnement des personnes pr\u00e9sentant une invalidit\u00e9 temporaire- Assistance aux personnes ayant besoin d'une aide temporaire \u00e0 domicileToute modification concernant les activit\u00e9s exerc\u00e9es devra faire l'objet d'une d\u00e9claration modificative pr\u00e9alable.Sous r\u00e9serve d'\u00eatre exerc\u00e9es \u00e0 titre exclusif (ou sous r\u00e9serve d'une comptabilit\u00e9 s\u00e9par\u00e9e pour les personnes moralesdispens\u00e9es de cette condition), ces activit\u00e9s ouvrent droit au b\u00e9n\u00e9fice des dispositions des articles L.7233-2 du code dutravail et L.241-10 du code de la s\u00e9curit\u00e9 sociale dans les conditions pr\u00e9vues par ces articles.Les effets de la d\u00e9claration courent \u00e0 compter du jour du d\u00e9p\u00f4t de la d\u00e9claration sous r\u00e9serve des dispositions de l'articleR.7232-18 du code du travail.Le pr\u00e9sent r\u00e9c\u00e9piss\u00e9 n'est pas limit\u00e9 dans le temps. oeL'enregistrement de la d\u00e9claration peut \u00eatre retir\u00e9 dans les conditions fix\u00e9es aux articles R.7232-20 \u00e0 R.7232-22 du codedu travail. \u00c0Le pr\u00e9sent r\u00e9c\u00e9piss\u00e9 est publi\u00e9 au recueil des actes administratifs de la Pr\u00e9fecture de 1' Allier.Fait \u00e0 Yzeure, le 04 marsPour le Pr\u00e9fet et par d\u00e9l\u00e9g\u00e4ti\u00e9n,\nDDETSFP de l'Allier\n03_UDDIRECCTE_Unit\u00e9 d\u00e9partementale de la Direction r\u00e9gionale des entreprises, de la concurrence, de la consommation, du travail\net de l'emploi de l'Allier - 03-2026-03-04-00002 - D\u00e9cl MONTLU SERVICES 79\nLa pr\u00e9sente d\u00e9cision peut, \u00e0 compter de sa publication, faire l'objet d'un recours gracieux aupr\u00e8s de la DDETSPP- Direction d\u00e9partementale de l'emploi, du travail, des solidarit\u00e9s et de la protection des populations del'Allier ou d'un recours hi\u00e9rarchique adress\u00e9 au ministre charg\u00e9 de l'\u00e9conomie - Direction g\u00e9n\u00e9rale desentreprises - sous-direction des services marchands, 6, rue Louise Weiss, 75703 Paris cedex13.Elle peut \u00e9galementfaire l'objet d'un recours contentieux dans un d\u00e9lai de deux mois \u00e0 compter de sa publicationaupr\u00e8s du Tribunal Administratif de Clermont Ferrand 6 Cours Sablon 63033 Clermont-Ferrand Cedex 01.Le tribunal administratifpeut \u00eatre saisi par l'application informatique \u00ab T\u00e9l\u00e9recours citoyen \u00bb accessible sur lesite internet www.telerecours.fr.En cas de rejet du recours gracieux ou hi\u00e9rarchique ou en l'absence de r\u00e9ponse a ce recours (rejet implicite),un recours contentieux devant le tribunal administratifpeut \u00e9galement \u00eatre form\u00e9 contre la d\u00e9cision initiale dansun d\u00e9lai de deux mois \u00e0 compter de ce rejet.\n03_UDDIRECCTE_Unit\u00e9 d\u00e9partementale de la Direction r\u00e9gionale des entreprises, de la concurrence, de la consommation, du travail\net de l'emploi de l'Allier - 03-2026-03-04-00002 - D\u00e9cl MONTLU SERVICES 80\n03_UDDIRECCTE_Unit\u00e9 d\u00e9partementale de la\nDirection r\u00e9gionale des entreprises, de la\nconcurrence, de la consommation, du travail et\nde l'emploi de l'Allier\n03-2026-03-26-00011\nD\u00e9cl PATIN Sophie\n03_UDDIRECCTE_Unit\u00e9 d\u00e9partementale de la Direction r\u00e9gionale des entreprises, de la concurrence, de la consommation, du travail\net de l'emploi de l'Allier - 03-2026-03-26-00011 - D\u00e9cl PATIN Sophie 81\nE =Libert\u00e9 + \u00c9galit\u00e9 + Fraternit\u00e9R\u00c9PUBLIQUE FRAN\u00c7AISEPR\u00c9FET DE L'ALLIERDIRECTION DEPARTEMENTALE DE L'EMPLOI,DU TRAVAIL, DES SOLIDARITES ETDE LA PROTECTION DES POPULATIONS20 rue Aristide Briand \u2014 CS 6004203402 Yzeure Cedex\nR\u00e9c\u00e9piss\u00e9 de d\u00e9clarationd'un organisme de services \u00e0 la personneenregistr\u00e9 sous le N\u00b0 SAP 102395951Vu le code du travail et notamment les articles L.7231-1 \u00e0 L.7233-2, R.7232-16 \u00e0 R.7232-22, D.7231-1 etD.7233-1 \u00e0 D.7233-5;Le pr\u00e9fet de l'Allier, Chevalier de l'ordre national du M\u00e9riteConstate :Qu'une d\u00e9claration d'activit\u00e9s de services \u00e0 la personne a \u00e9t\u00e9 d\u00e9pos\u00e9e aupr\u00e8s de la DDETS PP - Directiond\u00e9partementale de l'emploi, du travail, des solidarit\u00e9s et de la protection des populations de l'Allier, par MadameSophie PATIN en qualit\u00e9 de responsable pour l'organisme PATIN Sophie dont l'\u00e9tablissement principal est situ\u00e98 Route les Aumes \u00e0 VENAS (03190) et enregistr\u00e9 sous le N\u00b0 SAP 102395951 pour l'activit\u00e9 suivante (dated'effet le 23/03/2026) :Activit\u00e9 relevant uniquement de la d\u00e9claration (mode prestataire) :- Entretien de la maison et travaux m\u00e9nagersToute modification concernant les activit\u00e9s exerc\u00e9es devra faire l'objet d'une d\u00e9claration modificative pr\u00e9alable.Sous r\u00e9serve d'\u00eatre exerc\u00e9es \u00e0 titre exclusif (ou sous r\u00e9serve d'une comptabilit\u00e9 s\u00e9par\u00e9e pour les personnesmorales dispens\u00e9es de cette condition), ces activit\u00e9s ouvrent droit au b\u00e9n\u00e9fice des dispositions des articlesL.7233-2 du code du travail et L.241-10 du code de la s\u00e9curit\u00e9 sociale dans les conditions pr\u00e9vues par ces articles.Les effets de la d\u00e9claration courent \u00e0 compter du jour du d\u00e9p\u00f4t de la d\u00e9claration sous r\u00e9serve des dispositions del'article R.7232-18 du code du travail.Le pr\u00e9sent r\u00e9c\u00e9piss\u00e9 n'est pas limit\u00e9 dans le temps.L'enregistrement de la d\u00e9claration peut \u00eatre retir\u00e9 dans les conditions fix\u00e9es aux articles R.7232-20 \u00e0 R.7232-22du code du travail.Le pr\u00e9sent r\u00e9c\u00e9piss\u00e9 est publi\u00e9 au recueil des actes administratifs de la Pr\u00e9fecture de |' Allier.Fait \u00e0 Yzeure, le 26 mars 2026Pour le Pr\u00e9fet et par d\u00e9l\u00e9gatio\n03_UDDIRECCTE_Unit\u00e9 d\u00e9partementale de la Direction r\u00e9gionale des entreprises, de la concurrence, de la consommation, du travail\net de l'emploi de l'Allier - 03-2026-03-26-00011 - D\u00e9cl PATIN Sophie 82\nLa pr\u00e9sente d\u00e9cision peut, \u00e0 compter de sa publication, faire l'objet d'un recours gracieux aupr\u00e8s de la DDETSPP- Direction d\u00e9partementale de l'emploi, du travail, des solidarit\u00e9s et de la protection des populations del'Allier ou d'un recours hi\u00e9rarchique adress\u00e9 au ministre charg\u00e9 de l'\u00e9conomie - Direction g\u00e9n\u00e9rale desentreprises - sous-direction des services marchands, 6, rue Louise Weiss, 75703 Paris cedex13.Elle peut \u00e9galementfaire l'objet d'un recours contentieux dans un d\u00e9lai de deux mois \u00e0 compter de sa publicationaupr\u00e8s du Tribunal Administratif de Clermont Ferrand 6 Cours Sablon 63033 Clermont-Ferrand Cedex 01.Le tribunal administratifpeut \u00eatre saisi par l'application informatique \u00ab T\u00e9l\u00e9recours citoyen \u00bb accessible sur lesite internet www.telerecours.fr.En cas de rejet du recours gracieux ou hi\u00e9rarchique ou en l'absence de r\u00e9ponse \u00e0 ce recours (rejet implicite),un recours contentieux devant le tribunal administratifpeut \u00e9galement \u00eatreform\u00e9 contre la d\u00e9cision initiale dansun d\u00e9lai de deux mois \u00e0 compter de ce rejet.\n03_UDDIRECCTE_Unit\u00e9 d\u00e9partementale de la Direction r\u00e9gionale des entreprises, de la concurrence, de la consommation, du travail\net de l'emploi de l'Allier - 03-2026-03-26-00011 - D\u00e9cl PATIN Sophie 83\n03_UDDIRECCTE_Unit\u00e9 d\u00e9partementale de la\nDirection r\u00e9gionale des entreprises, de la\nconcurrence, de la consommation, du travail et\nde l'emploi de l'Allier\n03-2026-03-10-00001\nD\u00e9cl T3MB PAYSAGE\n03_UDDIRECCTE_Unit\u00e9 d\u00e9partementale de la Direction r\u00e9gionale des entreprises, de la concurrence, de la consommation, du travail\net de l'emploi de l'Allier - 03-2026-03-10-00001 - D\u00e9cl T3MB PAYSAGE 84\nEE =Libert\u00e9 + Egalit\u00e9 \u00bb Fraternit\u00e9REPUBLIQUE FRANCAISEPREFET DE L'ALLIERDIRECTION DEPARTEMENTALE DE L'EMPLOI,DU TRAVAIL, DES SOLIDARITES ETDE LA PROTECTION DES POPULATIONS20 rue Aristide Briand \u2014 CS 6004203402 Yzeure Cedex\nR\u00e9c\u00e9piss\u00e9 de d\u00e9clarationd'un organisme de services \u00e0 la personneenregistr\u00e9 sous le N\u00b0 SAP 100833771\nVu le code du travail et notamment les articles L.7231-1 \u00e0 L.7233-2, R.7232-16 \u00e0 R.7232-22, D.7231-1 etD.7233-1 \u00e0 D.7233-5;Le pr\u00e9fet de l'Allier, Chevalier de l'ordre national du M\u00e9riteConstate :Qu'une d\u00e9claration d'activit\u00e9s de services \u00e0 la personne a \u00e9t\u00e9 d\u00e9pos\u00e9e aupr\u00e8s de la DDETS PP - Directiond\u00e9partementale de l'emploi, du travail, des solidarit\u00e9s et de la protection des populations de l'Allier, parMonsieur Micka\u00ebl BOUILLE en qualit\u00e9 de g\u00e9rant pour la EURL T3MB PAYSAGE dont l'\u00e9tablissementprincipal est situ\u00e9 31 Route de la Pierre Perc\u00e9e \u00e0 CHATILLON (03210) et enregistr\u00e9 sous le N\u00b0 SAP100833771 pour l'activit\u00e9 suivante (date d'effet le 01 mars 2026) :Activit\u00e9 relevant uniquement de la d\u00e9claration (mode prestataire) :- Petits travaux de jardinageToute modification concernant les activit\u00e9s exerc\u00e9es devra faire l'objet d'une d\u00e9claration modificativepr\u00e9alable.Sous r\u00e9serve d'\u00eatre exerc\u00e9es \u00e0 titre exclusif (ou sous r\u00e9serve d'une comptabilit\u00e9 s\u00e9par\u00e9e pour les personnesmorales dispens\u00e9es de cette condition), ces activit\u00e9s ouvrent droit au b\u00e9n\u00e9fice des dispositions des articlesL.7233-2 du code du travail et L.241-10 du code de la s\u00e9curit\u00e9 sociale dans les conditions pr\u00e9vues par cesarticles.Les effets de la d\u00e9claration courent \u00e0 compter du jour du d\u00e9p\u00f4t de la d\u00e9claration sous r\u00e9serve des dispositionsde l'article R.7232-18 du code du travail.Le pr\u00e9sent r\u00e9c\u00e9piss\u00e9 n'est pas limit\u00e9 dans le temps.L'enregistrement de la d\u00e9claration peut \u00eatre retir\u00e9 dans les conditions fix\u00e9es aux articles R.7232-20 \u00e0 R.7232-22 du code du travail.Le pr\u00e9sent r\u00e9c\u00e9piss\u00e9 est publi\u00e9 au recueil des actes administratifs de la Pr\u00e9fecture de 1' Allier.Fait \u00e0 Yzeure, le 10 mars 2026Pour le Pr\u00e9fet et par d\u00e9l\u00e9gatiP/Le DDETS-PP al\nDidi FREYCENONChefdu Service MDEDDETSPP de l'Allier\n03_UDDIRECCTE_Unit\u00e9 d\u00e9partementale de la Direction r\u00e9gionale des entreprises, de la concurrence, de la consommation, du travail\net de l'emploi de l'Allier - 03-2026-03-10-00001 - D\u00e9cl T3MB PAYSAGE 85\nLa pr\u00e9sente d\u00e9cision peut, \u00e0 compter de sa publication, faire l'objet d'un recours gracieux aupr\u00e8s de la DDETSPP- Direction d\u00e9partementale de l'emploi, du travail, des solidarit\u00e9s et de la protection des populations del'Allier ou d'un recours hi\u00e9rarchique adress\u00e9 au ministre charg\u00e9 de l'\u00e9conomie - Direction g\u00e9n\u00e9rale desentreprises - sous-direction des services marchands, 6, rue Louise Weiss, 75703 Paris cedex13.Elle peut \u00e9galement faire l'objet d'un recours contentieux dans un d\u00e9lai de deux mois \u00e0 compter de sapublication aupr\u00e8s du Tribunal Administratifde Clermont Ferrand 6 Cours Sablon 63033 Clermont-FerrandCedex 01.Le tribunal administratifpeut \u00e9tre saisi par l'application informatique \u00ab T\u00e9l\u00e9recours citoyen \u00bb accessible surle site internet www .telerecours.fr.En cas de rejet du recours gracieux ou hi\u00e9rarchique ou en l'absence de r\u00e9ponse a ce recours (rejet implicite),un recours contentieux devant le tribunal administratifpeut \u00e9galement \u00eatre form\u00e9 contre la d\u00e9cision initialedans un d\u00e9lai de deux mois \u00e0 compter de ce rejet.\n03_UDDIRECCTE_Unit\u00e9 d\u00e9partementale de la Direction r\u00e9gionale des entreprises, de la concurrence, de la consommation, du travail\net de l'emploi de l'Allier - 03-2026-03-10-00001 - D\u00e9cl T3MB PAYSAGE 86\n63_REC_Rectorat de l'Acad\u00e9mie de\nClermont-Ferrand\n03-2026-03-03-00005\nOrdonnancement secondaire acad\u00e9mie de\nClermont Ferrand \n63_REC_Rectorat de l'Acad\u00e9mie de Clermont-Ferrand - 03-2026-03-03-00005 - Ordonnancement secondaire acad\u00e9mie de Clermont\nFerrand 87\nEACAD\u00c9MIEDE CLERMONT-FERRANDLibert\u00e9\u00c9galit\u00e9Fraternit\u00e9RectoratSecr\u00e9tariat g\u00e9n\u00e9ralSIAJN\u00b0 2026/01_OSRDArr\u00eat\u00e9 rectoral du 3 mars 2026 relatif \u00e0 la subd\u00e9l\u00e9gation de signature pour l'ordonnancementsecondaire des recettes et des d\u00e9penses de l'Etat au titre du Minist\u00e8re de l'Education nationaleLa rectrice de l'acad\u00e9mie de Clermont-Ferrand,VU le code de l'\u00e9ducation ;VU le code de la commande publique;VU le code g\u00e9n\u00e9ral de la fonction publique;VU la loi organique n\u00b0 2001-692 du 1\u00b0' ao\u00fbt 2001 relative aux lois de finances;VU la loi n\u00b0 82-213 du 2 mars 1982, modifi\u00e9e, relative aux droits et libert\u00e9s des communes, desd\u00e9partements et des r\u00e9gions, notamment son article 34 ;VU la loi n\u00b0 83-8 du 7 janvier 1983 relative a la r\u00e9partition des comp\u00e9tences entre les communes, lesd\u00e9partements, les r\u00e9gions et l'Etat, compl\u00e9t\u00e9e par la loi n\u00b083-663 du 22juillet 1983 ;VU la loi d'orientation n\u00b0 92-125 du 6 f\u00e9vrier 1992, modifi\u00e9e, relative a l'administration territoriale de laR\u00e9publique;VU le d\u00e9cret n\u00b0 90-437 du 28 mai 1990 modifi\u00e9 fixant les conditions et modalit\u00e9s de r\u00e8glement des fraisoccasionn\u00e9s par les changements de r\u00e9sidence;VU le d\u00e9cret n\u00b0 98-81 du 11 f\u00e9vrier 1998 modifiant la loi n\u00b0 68-1250 du 31 d\u00e9cembre 1968 relative \u00e0 laprescription des cr\u00e9ances sur l'Etat, les d\u00e9partements, les communes et les \u00e9tablissements publics etrelatif aux d\u00e9cisions prises par l'Etat en mati\u00e8re de prescription quadriennale;VU le d\u00e9cret n\u00b0 99-89 du 8 f\u00e9vrier 1999 pris pour l'application de l'article 3 du d\u00e9cret n\u00b098-81 du 11 f\u00e9vrier1998 modifiant la loi n\u00b0 68-1250 du 31 d\u00e9cembre 1968 relative \u00e0 la prescription des cr\u00e9ances sur l'Etat,les d\u00e9partements, les communes et les \u00e9tablissements publics et relatif aux d\u00e9cisions prises par l'Etat enmati\u00e8re de prescription quadriennale;VU le d\u00e9cret n\u00b0 2004-374 du 29 avril 2004, modifi\u00e9, relatif aux pouvoirs des pr\u00e9fets \u00e0 l'organisation et \u00e0l'action des services de l'Etat dans les r\u00e9gions et les d\u00e9partements;VU le d\u00e9cret n\u00b0 2006-781 du 3 juillet 2006 fixant les conditions et modalit\u00e9s de r\u00e8glement des fraisoccasionn\u00e9s par les d\u00e9placements temporaires des personnels civils de l'Etat;VU le d\u00e9cret n\u00b0 2012-1246 du 7 novembre 2012 relatif \u00e0 la gestion budg\u00e9taire et comptable publique;VU le d\u00e9cret du 12 mars 2025 portant nomination de Madame Virginie DUPONT en qualit\u00e9 de rectricede l'acad\u00e9mie de Clermont-Ferrand ;VU l'arr\u00eat\u00e9 du 3 juillet 2009 portant r\u00e8glement de comptabilit\u00e9 pour la d\u00e9signation des ordonnateurssecondaires et de leurs d\u00e9l\u00e9gu\u00e9s en ce qui concerne le minist\u00e8re de l'Education nationale ;VU l'arr\u00eat\u00e9 minist\u00e9riel en date du 11 juin 2024 portant d\u00e9tachement nomination et classement deMadame Alexie LALANNE-PELERIN dans l'emploi d'adjointe au secr\u00e9taire g\u00e9n\u00e9ral d'acad\u00e9mie, directricede la performance et de la modernisation de l'action publique au sein du rectorat de l'acad\u00e9mie deClermont-Ferrand, pour une premi\u00e8re p\u00e9riode de quatre ans, du 1\u00b0 juillet 2024 au 30 juin 2028,comportant une p\u00e9riode probatoire d'une dur\u00e9e maximale de six mois;VU l'arr\u00eat\u00e9 pr\u00e9fectoral n\u00b0 2025-55 du 21 mars 2025 de la pr\u00e9f\u00e8te de la r\u00e9gion Auvergne-Rh\u00f4ne-Alpes,portant d\u00e9l\u00e9gation de signature \u00e0 Mme Virginie DUPONT, rectrice de l'acad\u00e9mie de Clermont-Ferrand ;VU l'arr\u00eat\u00e9 n\u00b0 2025-35 de la rectrice de r\u00e9gion acad\u00e9mique Auvergne-Rhone-Alpes, rectrice del'acad\u00e9mie de Lyon, chanceli\u00e8re des universit\u00e9s, en date du 26 mars 2025, portant d\u00e9l\u00e9gation designature \u00e0 la rectrice de l'acad\u00e9mie de Clermont-Ferrand ;VU l'arr\u00eat\u00e9 n\u00b0 2026-02 de la rectrice de r\u00e9gion acad\u00e9mique Auvergne-Rh\u00f4ne-Alpes, rectrice del'acad\u00e9mie de Lyon, chanceli\u00e8re des universit\u00e9s, en date du 11 f\u00e9vrier 2026, portant subd\u00e9l\u00e9gation designature en mati\u00e8re d'ordonnancement secondaire pour les affaires relevant de la rectrice de r\u00e9gionacad\u00e9mique \u00e0 la rectrice de l'acad\u00e9mie de Clermont-Ferrand;\n \n 1 \n  \n \n \n \n \n \n \n \n \n \n \n \n \n \n \n \n \n \n63_REC_Rectorat de l'Acad\u00e9mie de Clermont-Ferrand - 03-2026-03-03-00005 - Ordonnancement secondaire acad\u00e9mie de Clermont\nFerrand 88\nVU l'arr\u00eat\u00e9 n\u00b0 MENO00082763071 du 23 f\u00e9vrier 2026 portant fin de fonctions dans l'emploi de secr\u00e9taireg\u00e9n\u00e9ral d'acad\u00e9mie; Arr\u00eate :Article 1\u00b0\" :En cas d'absence ou d'emp\u00eachement de la rectrice de l'acad\u00e9mie de Clermont-Ferrand, subd\u00e9l\u00e9gationde signature est donn\u00e9e \u00e0 Madame Alexie LALANNE-PELERIN, adjointe au secr\u00e9taire g\u00e9n\u00e9ral del'acad\u00e9mie, directrice de la performance et de la modernisation de l'action publique, \u00e0 l'effet de:1. Signer toutes pi\u00e8ces concernant l'engagement, la liquidation et l'ordonnancement desop\u00e9rations de d\u00e9penses ainsi que la r\u00e9alisation des op\u00e9rations de recettes relatives au budget duminist\u00e8re de l'Education nationale, et du minist\u00e8re de l'enseignement sup\u00e9rieur et de larecherche ex\u00e9cut\u00e9es \u00e0 l'\u00e9chelon de l'acad\u00e9mie dans la limite des articles 5, 6, 7, 8, 9,10 de l'arr\u00eat\u00e9pr\u00e9fectoral susvis\u00e92. Signer toutes pi\u00e8ces concernant l'engagement, la liquidation et l'ordonnancement desop\u00e9rations de d\u00e9penses dans la limite de l'article 1\u00b0 de l'arr\u00eat\u00e9 rectoral de r\u00e9gion acad\u00e9miquedu 11 f\u00e9vrier 2026 susvis\u00e9,3. En ce qui concerne la politique des achats de l'Etat, les actes relatifs \u00e0 la passation et \u00e0 l'ex\u00e9cutiondes achats de gr\u00e9 \u00e0 gr\u00e9 d'un montant inf\u00e9rieur \u00e0 40 000 \u20ac HT; Les achats d'un montant sup\u00e9rieur\u00e0 20 000 \u20ac HT sont transmis pour avis \u00e0 la direction r\u00e9gionale acad\u00e9mique des achats.4. Signer les actes relatifs aux op\u00e9rations de prise \u00e0 bail d'immeubles, aux conventions de mise \u00e0disposition et aux conventions d'utilisation et d'affectation, notamment la prise des biens, lerenouvellement et la r\u00e9siliation apr\u00e8s consultation de l'administration centrale et del'administration en charge du domaine.\nArticle 2 :En cas d'absence ou d'emp\u00eachement de la rectrice de l'acad\u00e9mie de Clermont-Ferrand, de MadameAlexie LALANNE-PELERIN, subd\u00e9l\u00e9gation de signature est donn\u00e9e aux agents ci-apr\u00e8s mentionn\u00e9s \u00e0l'effet de signer toutes pi\u00e8ces concernant l'engagement, la liquidation et l'ordonnancement desop\u00e9rations de d\u00e9penses ainsi que la r\u00e9alisation des op\u00e9rations de recettes relatives au budget duminist\u00e8re de l'Education nationale, et du minist\u00e8re de l'enseignement sup\u00e9rieur et de la rechercheex\u00e9cut\u00e9es \u00e0 l'\u00e9chelon de l'acad\u00e9mie dans la limite des articles de l'arr\u00eat\u00e9 pr\u00e9fectoral et de l'arr\u00eat\u00e9rectoral de r\u00e9gion acad\u00e9mique susvis\u00e9s :1- Sans limitation de BOP, d'UO et de centres de co\u00fbtsMadame H\u00e9l\u00e9ne BERNARD, gestionnaire DMAG, direction de la performance et de lamodernisation de l'action publique, sans restriction de BOPMonsieur Emmanuel BERNIGAUD, chef de la division des affaires financi\u00e8res, direction de laperformance et de la modernisation de l'action publique, sans restriction de BOPMonsieur Julien BLANC, chef de la division de la modernisation et des affaires g\u00e9n\u00e9rales,direction de la performance et de la modernisation de l'action publique, sans restriction deBOPMonsieur Damien FALGOUX, responsable de la plateforme SIA CSP Chorus, direction de laperformance et de la modernisation de l'action publique, sans restriction de BOP,Madame Corinne FLOTTE-NOVIELLO, gestionnaire DMAG, direction de la performance et de lamodernisation de l'action publique, sans restriction de BOP,Madame Josiane GIRAUDON, gestionnaire DMAG, direction de la performance et de lamodernisation de l'action publique, sans restriction de BOP,Madame Sandrine LESUEUR, gestionnaire SIA CSP Chorus, direction de la performance et de lamodernisation de l'action publique, sans restriction de BOPMonsieur Romain DAVID, gestionnaire SIA CSP Chorus, direction de la performance et de lamodernisation de l'action publique, sans restriction de BOPMonsieur Christophe RAPP, gestionnaire SIA CSP Chorus, direction de la performance et de lamodernisation de l'action publique, sans restriction de BOP\n \n 2 \n \n \n \n \n \n \n  \n \n \n \n- \n- \n- \n- \n- \n- \n- \n- \n- \n63_REC_Rectorat de l'Acad\u00e9mie de Clermont-Ferrand - 03-2026-03-03-00005 - Ordonnancement secondaire acad\u00e9mie de Clermont\nFerrand 89\nMonsieur Lucas THIEFFIN, gestionnaire SIA CSP Chorus, direction de la performance et de lamodernisation de l'action publique, sans restriction de BOP\n2- Avec limitationsMadame Vanessa BOUFFON, gestionnaire DRAI, direction r\u00e9gionale acad\u00e9mique del'immobilier, pour ce qui concerne les BOPA 150 action 14, 214 action 8.3, 348, 362, et 723Madame Caroline CHAMBRIARD, directrice r\u00e9gionale acad\u00e9mique adjointe, direction r\u00e9gionaleacad\u00e9mique de l'immobilier, pour ce qui concerne les BOPA 150 action 14, 214 action 8.3, 348,362, et 723Madame Marie-Antoine TAREAU, adjointe a la cheffe du service interacad\u00e9mique des affairesJuridiques, pour le programme 0214 action 25Monsieur Karim BENHARA, chef de la division des prestations et des pensions, pour lesd\u00e9penses relevant de l'action sociale, d'aides et secours, accidents du travail et rentes, T2HPSOP et HT2, BOP 139, 140, 141, 150, 214, 230 et 231Madame Peggy VOISSE, secr\u00e9taire g\u00e9n\u00e9rale adjointe, directrice des ressources humaines, pourles d\u00e9penses relevant de l'action sociale, d'aides et secours, accidents du travail et rentes, T2HPSOP et HT2, BOP 139, 140, 141, 150, 214, 230 et 231\nArticle 4 :En cas d'absence ou d'emp\u00e9chement de Mme LALANNE-PELERIN, pour les actes relatifs \u00e0 la passationet \u00e0 l'ex\u00e9cution des march\u00e9s publics \u00e9num\u00e9r\u00e9s au 3 de l'article 1\u00b0', subd\u00e9l\u00e9gation de signature est donn\u00e9exa:\nMme H\u00e9l\u00e8ne BERNARD, adjointe au chef de la division de la modernisation et des affairesg\u00e9n\u00e9rales (DMAG)M. Emmanuel BERNIGAUD, chef de la division des affaires financi\u00e8res (DAF)M. Julien BLANC, chef de la division de la modernisation et des affaires g\u00e9n\u00e9rales (DMAG)\nArticle 5 :En cas d'absence ou d'emp\u00e9chement de la rectrice de l'acad\u00e9mie de Clermont-Ferrand, de MadameLALANNE-PELERIN, subd\u00e9l\u00e9gation de signature est donn\u00e9e aux agents ci-apr\u00e8s mentionn\u00e9s afind'engager et liquider des d\u00e9penses dans les applications minist\u00e9rielles.1- Chorus DT :Bureau des d\u00e9placements temporaires, tous BOP:ARGOUD MarinaBERNIGAUD EmmanuelDELAIR MarionDEQUAIRE JocelyneDISSARD PatriciaMATHIEU LindaSEROL AudreyTOURRET Marl\u00e8ne\nDivision des examens et concours, BOP 150 et 214 :CARRON C\u00e9cileDESNIER Marie-LaureFERRIER Patrick\n \n 3 \n- \n \n- \n- \n- \n- \n- \n \n \n- \n- \n- \n \n \n \n- \n- \n- \n- \n- \n- \n- \n- \n- \n- \n- \n63_REC_Rectorat de l'Acad\u00e9mie de Clermont-Ferrand - 03-2026-03-03-00005 - Ordonnancement secondaire acad\u00e9mie de Clermont\nFerrand 90\nRIFFAUD JeanneTHUILLIER LaetitiaSCHMIDT Florent2- GAIAEcole acad\u00e9mique de la formation continue, BOP 140, 141 et 214:MARTIN ChristineGOUBELY SandyFAVRO PatriciaDEHEEGHER Agn\u00e9sDA COSTA DUDEK V\u00e9roniquePALOMINO Val\u00e9rieMONTEL Marie-Laure\nArticle 6:En cas d'absence ou d'emp\u00e9chement de la rectrice de l'acad\u00e9mie de Clermont-Ferrand, de MadameLALANNE-PELERIN, subd\u00e9l\u00e9gation de signature est donn\u00e9e aux agents ci-apr\u00e9s mentionn\u00e9s a l'effet deconstater le service fait :DIRECTION SERVICE NOM -PRENOM BOP CONCERNES01500214DRAI 034803620723\nBOUFFON Vanessa\nCHAMBRIARD Caroline\n013901400141DAVID Romain 015001630172FALGOUX Damien 021402190230LESUEUR Sandrine 0231034803540362036303640723\nBERNIGAUD Emmanuel\nDAF\nDPMAP RAPP Christophe\nTHIEFFIN Lucas 0139BLANC Julien 014001410163BERNARD H\u00e9l\u00e8ne 02140219\nDMAG\n \n 4 \n- \n- \n- \n \n \n- \n- \n- \n- \n- \n- \n- \n \n \n63_REC_Rectorat de l'Acad\u00e9mie de Clermont-Ferrand - 03-2026-03-03-00005 - Ordonnancement secondaire acad\u00e9mie de Clermont\nFerrand 91\n0230GIRAUDON Josiane 034803540362FLOTTE NOVIELLO Corinne 036303640723\nSIA] CHAMBEL Maryline 0214\nFILLION Aline 01390140. 0141LEGRAIN Val\u00e9rie 02140230DRH A pon ces Prestations et VAN DER ZON Sylvie 0231\nDUMAS V\u00e9ronique01390214SIERRA Marie-Antoinette\nArticle 7 :En cas d'absence ou d'emp\u00e9chement de la rectrice de l'acad\u00e9mie de Clermont-Ferrand, de MadameLALANNE-PELERIN, subd\u00e9l\u00e9gation de signature est donn\u00e9e aux agents ci-apr\u00e8s mentionn\u00e9s \u00e0 l'effet decertifier le service fait :\nDIRECTION SERVICE NOM -PRENOM BOP CONCERNES0139BERNIGAUD Emmanuel 01400141015001630172DPMAP DAF 02140219FALGOUX Damien 023002310348LESUEUR Sandrine 03540362\nDAVID Romain\n \n 5 \n \n63_REC_Rectorat de l'Acad\u00e9mie de Clermont-Ferrand - 03-2026-03-03-00005 - Ordonnancement secondaire acad\u00e9mie de Clermont\nFerrand 92\n0363RAPP Christophe 03640723THIEFFIN Lucas\nArticle 8:En cas d'absence ou d'emp\u00e9chement de la rectrice de l'acad\u00e9mie de Clermont-Ferrand, de MadameLALANNE-PELERIN, subd\u00e9l\u00e9gation de signature est donn\u00e9e aux agents ci-apr\u00e8s mentionn\u00e9s \u00e0 l'effet der\u00e9aliser tout acte et signer toutes pi\u00e9ces concernant la r\u00e9alisation des op\u00e9rations de recettes relativesau budget du minist\u00e8re de l'Education nationale, et du minist\u00e8re de l'enseignement sup\u00e9rieur et de larecherche ex\u00e9cut\u00e9es \u00e0 l'\u00e9chelon de l'acad\u00e9mie dans la limite des articles de l'arr\u00eat\u00e9 pr\u00e9fectoral susvis\u00e9 :- Monsieur Romain DAVID, gestionnaire SIA CSP Chorus, direction de la performance et de lamodernisation de l'action publique.\nArticle 9 :Les dispositions de l'arr\u00eat\u00e9 rectoral n\u00b02025-02 ORDS du 3 octobre 2025 sont abrog\u00e9es.\nArticle 10 :La secr\u00e9taire g\u00e9n\u00e9rale adjointe de l'acad\u00e9mie de Clermont-Ferrand, directrice de la performance et dela modernisation de l'action publique, est charg\u00e9e de l'ex\u00e9cution du pr\u00e9sent arr\u00eat\u00e9 qui sera publi\u00e9 aurecueil des actes administratifs de la pr\u00e9fecture de r\u00e9gion.\nClermont-Ferrand, le 3 mars 2026La rectrice de l'acad\u00e9mie,SIGNEVirginie DUPONT\n \n 6 \n \n \n \n \n63_REC_Rectorat de l'Acad\u00e9mie de Clermont-Ferrand - 03-2026-03-03-00005 - Ordonnancement secondaire acad\u00e9mie de Clermont\nFerrand 93\n84_ARS_Agence R\u00e9gionale de Sant\u00e9\nAuvergne-Rh\u00f4ne-Alpes\n03-2026-02-27-00002\nextrait deleg signature ars ara 2026 02 27 aux DD\n84_ARS_Agence R\u00e9gionale de Sant\u00e9 Auvergne-Rh\u00f4ne-Alpes - 03-2026-02-27-00002 - extrait deleg signature ars ara 2026 02 27 aux DD 94\n \n \nExtrait de la d \u00e9cision N\u00b0202 6-23-0011 portant d\u00e9l\u00e9gation de signature aux directeurs  des d\u00e9l\u00e9gations \nd\u00e9partementales \n \n \n \n \nLa directrice g\u00e9n\u00e9rale de l'Agence r\u00e9gionale de sant\u00e9 Auvergne-Rh\u00f4ne-Alpes \n \n \nD\u00c9CIDE \n \nArticle 1 \n\u00c0 l'exclusion des actes vis\u00e9s \u00e0 l'article 4, d\u00e9l\u00e9gation de signature est donn\u00e9e aux agents de l'ARS suivants, \n\u00e0 l'effet de signer, dans la limite de leurs comp\u00e9tences, les actes relevant des missions des d\u00e9l\u00e9gations \nd\u00e9partementales de l'Agence r\u00e9gionale de sant\u00e9 Auvergne-Rh\u00f4ne-Alpes, \u00e0 savoir : \n \n\u2013 les d\u00e9cisions, conventions, correspondances et contrats de ville relatifs \u00e0 la mise en \u0153uvre et au suivi \ndes mesures relatives \u00e0 la pr\u00e9vention, \u00e0 la gestion des risques, aux alertes sanitaires et celles relatives \n\u00e0 l'offre de sant\u00e9 dans leur d\u00e9partement respectif ; \n\u2013 les arr\u00eat\u00e9s de tarification des \u00e9tablissements et services m\u00e9dico-sociaux, les d\u00e9cisions d'approbation \nexpresse ou de rejet des \u00e9tats pr\u00e9visionnels de recettes et de d\u00e9penses (EPRD)  des \u00e9tablissements et \nservices m\u00e9dico-sociaux (ESMS) et leurs  d\u00e9cisions modificatives, la fixation des EPRD des \u00e9tablissements \net services mentionn\u00e9s aux articles R314 -80 et R314 -101 du code de l'action sociale et familles, les \nd\u00e9cisions de rejet de d\u00e9pense figurant au compte de r\u00e9sultat d'un ESMS et manifestement \u00e9trang\u00e8res, \npar leur nature ou leur importance \u00e0 celles qui avaient \u00e9t\u00e9 envisag\u00e9es lors de la fixation du tarif et la \ntarification d'office du montant et de l'affectation des r\u00e9sultats dans le cas pr\u00e9vu \u00e0 l'article R314-237 \ndu code de l'action sociale et des familles ; \n\u2013 la notification des d\u00e9cisions envisag\u00e9es \u00e0 la suite des missions d'inspection et de contr\u00f4le  ; \n\u2013 les d\u00e9cisions d'engagement  de d\u00e9penses inf\u00e9rieures \u00e0 1500  \u20ac hors taxes permettant le \nfonctionnement courant de la d\u00e9l\u00e9gation ; \n\u2013 la validation et la certification du service fait relative au fonctionnement courant de la d\u00e9l\u00e9gation ; \n\u2013 Les \u00e9tats de frais de d\u00e9placement pr\u00e9sent\u00e9s par les membres des conseils territoriaux de sant\u00e9 d\u00e8s \nlors qu'ils ont assist\u00e9 \u00e0 une assembl\u00e9e pl\u00e9ni\u00e8re ou \u00e0 une r\u00e9union du bureau, ou de la commission \n\u00ab sant\u00e9 mentale \u00bb ou de la formation usager dans les conditions pr\u00e9vues par le r\u00e8glement int\u00e9rieur du \nCTS ; \n\u2013 l'ordonnancement, la validation et la certification du service fait des d\u00e9penses li\u00e9es aux astreintes tel \nque renseign\u00e9 par les agents dans le SI Astreintes, en lien le cas \u00e9ch\u00e9ant ave c les responsables de \nplanning ; \n\u2013 les d\u00e9cisions et correspondances relatives \u00e0 l'ex\u00e9cution des march\u00e9s de contr\u00f4le sanitaire des eaux \nde la r\u00e9gion Auvergne -Rh\u00f4ne-Alpes et la passation des commandes aux laboratoires concernant les \ncontr\u00f4les et recontr\u00f4les n\u00e9cessit\u00e9s par les non -conformit\u00e9s et les urgences (type pollution) des \nd\u00e9partements de la r\u00e9gion Auvergne -Rh\u00f4ne-Alpes et afin de signer toutes correspondances entrant \ndans le champ de comp\u00e9tences de leur service respectif, sous r\u00e9serve des dispositions de l'article 4 \nde la pr\u00e9sente d\u00e9cision ; \n\u2013 Les agr\u00e9ments des entreprises de transports sanitaires terrestre et a\u00e9rien, les autorisations de mise \nen service de v\u00e9hicules de transports sanitaires, lettres d'observation et avertissements, tableaux de \ngarde semestriels des ambulanciers. \n\u2013  \n84_ARS_Agence R\u00e9gionale de Sant\u00e9 Auvergne-Rh\u00f4ne-Alpes - 03-2026-02-27-00002 - extrait deleg signature ars ara 2026 02 27 aux DD 95\n \n \nAu titre de la d\u00e9l\u00e9gation de l'Ain : \n\u25cf Madame Sidonie JIQUEL, directrice de la d\u00e9l\u00e9gation d\u00e9partementale  \nEn cas d'absence ou d'emp\u00eachement de Madame Sidonie JIQUEL  et de Madame H\u00e9l\u00e8ne VITRY , \ndirectrice d\u00e9partementale adjointe,  d\u00e9l\u00e9gation de signature est donn\u00e9e, dans le cadre de leurs \nattributions et comp\u00e9tences et de l'ordonnancement des d\u00e9penses de fonctionnement, aux agents de \nl'ARS suivants : \n\u2013 Katia ANDRIANARIJAONA \n\u2013 Karine CHARASSE \n\u2013 Florence CHEMIN \n\u2013 Charlotte COLLOD \n\u2013 Muriel DEHER \n\u2013 Marion FAURE \n\u2013 Catherine HAMEL \n\u2013 C\u00e9cile MARIE \n\u2013 Isabelle PARANDON \n\u2013 J\u00e9r\u00e9my RETHORET \n\u2013 V\u00e9ronique ROBAUX \n\u2013 Caroline ROHRHURST \n\u2013 Anne-Sophie  \nRONNAUX-BARON \n\u2013 Christelle VIVIER \n \n \n \nAu titre de la d\u00e9l\u00e9gation de l'Allier : \n\u25cf Madame Laura ESCALE, directrice de la d\u00e9l\u00e9gation d\u00e9partementale  \nEn cas d'absence ou d'emp\u00eachement de Madame Laura ESCALE et de Monsieur Ernest ELLONG KOTTO, \ndirecteur d\u00e9partemental adjoint, d\u00e9l\u00e9gation de signature est donn\u00e9e, dans le cadre de leurs attributions \net comp\u00e9tences et de l'ordonnancement des d\u00e9penses de fonctionnement, aux agents de l'ARS \nsuivants : \n\u2013 C\u00e9cile ALLARD \n\u2013 Camille DAON \n\u2013 Muriel DEHER \n\u2013 Albin DELOLME \n\u2013 Justine DUFOUR \n\u2013 Philippe DUVERGER \n\u2013 Olivier GAGET \n\u2013 Alexandra GIRARD \n\u2013 Matthieu LEFEBVRE \n\u2013 C\u00e9cile MARIE \n\u2013 Isabelle PIONNIER \n\u2013 Myriam PIONIN \n\u2013 Anne-Sophie  \nRONNAUX-BARON \n\u2013 Isabelle VALMORT \n\u2013 Camille VENUAT \n \n \n \n \nAu titre de la d\u00e9l\u00e9gation de l'Ard\u00e8che : \n\u25cf Madame Sabine LAFFAY, directrice de la d\u00e9l\u00e9gation d\u00e9partementale  \nEn cas d'absence ou d'emp\u00eachement de Madame Sabine LAFFAY et de Monsieur Didier BELIN, \ndirecteur d\u00e9partemental adjoint, d\u00e9l\u00e9gation de signature est donn\u00e9e, dans le cadre de leurs \nattributions et comp\u00e9tences et de l'ordonnancement des d\u00e9penses de fonctionnement, aux agents de \nl'ARS suivants : \n \n\u2013 Alexis BARATHON \n\u2013 Coline CADEAU \n\u2013 Muriel DEHER \n\u2013 Christophe DUCHEN \n\u2013 Aur\u00e9lie FOURCADE \n\u2013 Olivier GAGET \n\u2013 Magali GOUNON \n\u2013 Fabrice GOUEDO \n\u2013 Nicolas HUGO \n\u2013 Meryem LETON  \n\u2013 Thibault MARTIN \n\u2013 Guillaume MURAND \n\u2013 Anne-Sophie  \nRONNAUX-BARON \n\u2013 Anne THEVENET \n \n   \n \n \n84_ARS_Agence R\u00e9gionale de Sant\u00e9 Auvergne-Rh\u00f4ne-Alpes - 03-2026-02-27-00002 - extrait deleg signature ars ara 2026 02 27 aux DD 96\n \n \nAu titre de la d\u00e9l\u00e9gation du Cantal : \n\u25cf Madame St\u00e9phanie FRECHET, directrice de la d\u00e9l\u00e9gation d\u00e9partementale  \nEn cas d'absence ou d'emp\u00eachement de Madame St\u00e9phanie FRECHET et de Monsieur Pierre VERNET, \ndirecteur d\u00e9partemental adjoint, d\u00e9l\u00e9gation de signature est donn\u00e9e, dans le cadre de leurs attributions \net comp\u00e9tences et de l'ordonnancement des d\u00e9penses de fonctionnement, aux agents de l'ARS \nsuivants : \n\u2013 Gilles BIDET \n\u2013 Muriel DEHER \n\u2013 Olivier GAGET \n\u2013 Corinne GEBELIN \n\u2013 Marie LACASSAGNE \n\u2013 Christelle LABELLIE-\nBRINGUIER  \n\u2013 S\u00e9bastien MAGNE \n\u2013 C\u00e9cile MARIE \n\u2013 Isabelle MONTUSSAC \n\u2013 Anne-Sophie  \nRONNAUX-BARON \n\u2013 Laurence SURREL \n\u2013 Magali TOUBERT\n \n \nAu titre de la d\u00e9l\u00e9gation de la Dr\u00f4me : \n\u25cf Madame Emmanuelle SORIANO, directrice de la d\u00e9l\u00e9gation d\u00e9partementale \nEn cas d'absence ou d'emp\u00eachement de Madame Emmanuelle SORIANO et de Madame Val\u00e9rie AUVITU, \ndirectrice d\u00e9partementale adjointe , d\u00e9l\u00e9gation de signature est donn\u00e9e, dans le cadre de leurs \nattributions et comp\u00e9tences et de l'ordonnancement des d\u00e9penses de fonctionnement, aux agents de \nl'ARS suivants : \n\u2013 Alexis BARATHON \n\u2013 Marilyne BOUILLY  \n\u2013 Gabrielle BRUNET DE LA \nCHARIE \n\u2013 Muriel DEHER \n\u2013 St\u00e9phanie DE LA \nCONCEPTION \n\u2013 Christophe DUCHEN \n\u2013 Karine FIAWOO \n\u2013 Aur\u00e9lie FOURCADE \n\u2013 Olivier GAGET \n\u2013 Alexis LANOOTE \n\u2013 C\u00e9cile MARIE \n\u2013 Armelle MERCUROL \n\u2013 Julien NEASTA \n\u2013 Anne-Sophie  \nRONNAUX-BARON \n\u2013 Roxane SCHOREELS \n\u2013 Beno\u00eet SIMONNET \n \n \nAu titre de la d\u00e9l\u00e9gation de l'Is\u00e8re : \n\u25cf Monsieur Lo\u00efc MOLLET, directeur de la d\u00e9l\u00e9gation d\u00e9partementale  \nEn cas d'absence ou d'emp\u00eachement de Monsieur Lo\u00efc MOLLET et de Madame Anne-Ma\u00eblle CANTINAT, \ndirectrice d\u00e9partementale adjointe, d\u00e9l\u00e9gation de signature est donn\u00e9e, dans le cadre de leurs \nattributions et comp\u00e9tences et de l'ordonnancement des d\u00e9penses de fonctionnement, aux agents de \nl'ARS suivants : \n\u2013 Albane BEAUPOIL \n\u2013 Tristan BERGLEZ \n\u2013 Isabelle BONHOMME \n\u2013 Nathalie BOREL \n\u2013 Sandrine BOURRIN \n\u2013 Corinne CASTEL \n\u2013 Sandrine CHUQUET \n\u2013 Camille CLARY \n\u2013 Isabelle COUDIERE \n\u2013 Christine CUN \n\u2013 Marie-Caroline DAUBEUF \n\u2013 Muriel DEHER \n\u2013 Janique FEUVRIER \n\u2013 Olivier GAGET \n\u2013 Xavier GIRAUDEAU \n\u2013 Nicolas GRENETIER \n\u2013 Claire GUICHARD \n\u2013 In\u00e8s LEBOUAZDA \n\u2013 Maud MAINGAULT \n\u2013 C\u00e9cile MARIE \n\u2013 Cl\u00e9mence MIARD \n\u2013 Carole PAQUIER \n\u2013 Delphine PONNELLE \n\u2013 St\u00e9phanie RAT-LANSAQUE \n\u2013 Christophe RIEGEL \n\u2013 Anne-Sophie  \nRONNAUX-BARON \n\u2013 V\u00e9ronique SUISSE \n\u2013 Juliette THOUZEAU \n\u2013 Corinne VASSORT \n84_ARS_Agence R\u00e9gionale de Sant\u00e9 Auvergne-Rh\u00f4ne-Alpes - 03-2026-02-27-00002 - extrait deleg signature ars ara 2026 02 27 aux DD 97\n  \n \nAu titre de la d\u00e9l\u00e9gation de la Loire : \n\u25cf Monsieur Arnaud RIFAUX, directeur de la d\u00e9l\u00e9gation d\u00e9partementale \nEn cas d'absence ou d'emp\u00eachement de Monsieur Arnaud RIFAUX et de Monsieur Maxime AUDIN  \ndirecteur d\u00e9partemental adjoint, d\u00e9l\u00e9gation de signature est donn\u00e9e, dans le cadre de leurs attributions \net comp\u00e9tences et de l'ordonnancement des d\u00e9penses de fonctionnement, aux agents de l'ARS \nsuivants : \n\u2013 C\u00e9cile ALLARD \n\u2013 Mathilde BEAU  \n\u2013 Malika BENHADDAD \n\u2013 Emmanuelle BOYET \n\u2013 Axel COLOMB \n\u2013 Magaly CROS \n\u2013 Muriel DEHER \n\u2013 Claire DENUZIERE \n\u2013 Sandrine DUDEK \n\u2013 Olivier GAGET \n\u2013 Sa\u00efda GAOUA \n\u2013 Val\u00e9rie GUIGON \n\u2013 Sylvain ISKRA \n\u2013 Fabienne LEDIN \n\u2013 Matthieu LEFEBVRE \n\u2013 C\u00e9cile MARIE \n\u2013 Myriam PIONIN \n\u2013 Anne-Sophie  \nRONNAUX-BARON \n\u2013 Julie TAILLANDIER  \n \nAu titre de la d\u00e9l\u00e9gation de Haute-Loire : \n\u25cf Monsieur Serge FAYOLLE, directeur de la d\u00e9l\u00e9gation d\u00e9partementale  \nEn cas d'absence ou d'emp\u00eac hement de Monsieur Serge FAYOLLE et de Madame Laurence PLOTON , \ndirectrice d\u00e9partementale adjointe d\u00e9l\u00e9gation de signature est donn\u00e9e, dans le cadre de leurs \nattributions et comp\u00e9tences et de l'ordonnancement des d\u00e9penses de fonctionnement, aux agents de \nl'ARS suivants : \n \n\u2013 Pascale ALLARY \n\u2013 Christophe AUBRY \n\u2013 Gilles BIDET \n\u2013 Christiane BONNAUD \n\u2013 Muriel DEHER \n\u2013 C\u00e9line DEVEAUX \n\u2013 Laurent FERRER \n\u2013 Olivier GAGET \n\u2013 Val\u00e9rie GUIGON \n\u2013 C\u00e9cile MARIE \n\u2013 Denis OLLEON \n\u2013 Marie-Line RECIPON \n\u2013 Anne-Sophie  \nRONNAUX-BARON \n\u2013 Laurence SURREL  \n\u2013 Camille VARAGNAT \n \n \nAu titre de la d\u00e9l\u00e9gation de Puy-de-D\u00f4me : \n\u25cf Monsieur Gr\u00e9gory DOL\u00c9, directeur de la d\u00e9l\u00e9gation d\u00e9partementale  \nEn cas d'absence ou d'emp\u00eachement de Monsieur Gr\u00e9gory DOL\u00c9, et de Madame Marie-Laure PORTRAT, \ndirectrice d\u00e9partementale adjointe , d\u00e9l\u00e9gation de signature est donn\u00e9e, dans le cadre de leurs \nattributions et comp\u00e9tences et de l'ordonnancement des d\u00e9penses de fonctionnement, aux agents de \nl'ARS suivants : \n\u2013 Gilles BIDET \n\u2013 Delphine CALMELS \n\u2013 Muriel DEHER \n\u2013 Pauline DELAIRE \n\u2013 Sylvie ESCARD \n\u2013 Olivier GAGET \n\u2013 Karine LEFEBVRE-MILON \n\u2013 C\u00e9cile MARIE \n\u2013 Laureline MOALIC \n\u2013 B\u00e9atrice PATUREAU MIRAND \n\u2013 Charles-Henri RECORD \n\u2013 Anne-Sophie  \nRONNAUX-BARON \n\u2013 Laurence SURREL\n \n \n84_ARS_Agence R\u00e9gionale de Sant\u00e9 Auvergne-Rh\u00f4ne-Alpes - 03-2026-02-27-00002 - extrait deleg signature ars ara 2026 02 27 aux DD 98\n \n \nAu titre de la d\u00e9l\u00e9gation du Rh\u00f4ne et de la m\u00e9tropole de Lyon :  \n\u25cf Monsieur Philippe GUETAT, directeur de la d\u00e9l\u00e9gation d\u00e9partementale  \nEn cas d'absence ou d'emp\u00eachement de  Monsieur Philippe GUETAT, et de Madame Marielle SCHMITT, \ndirectrice d\u00e9partementale adjointe, d\u00e9l\u00e9gation de signature est donn\u00e9e, dans le cadre de leurs \nattributions et comp\u00e9tences et de l'ordonnancement des d\u00e9penses de fonctionnement, aux agents de \nl'ARS suivants : \n\u2013 Omar-Safir ADERGAL \n\u2013 C\u00e9cile ALLARD \n\u2013 Julien BERRA \n\u2013 Herv\u00e9 BERTRAND \n\u2013 Muriel BROSSE \n\u2013 Pierre CHABAUD \n\u2013 Laurent DEBORDE \n\u2013 Muriel DEHER \n\u2013 Manon DUROUSSET \n\u2013 Val\u00e9rie FORMISYN \n\u2013 Olivier GAGET \n\u2013 Franck GOFFINONT \n\u2013 Fabienne GUILLAUD \n\u2013 Matthieu LEFEBVRE \n\u2013 Fr\u00e9d\u00e9ric LE LOUEDEC \n\u2013 Yann-Franck LOURCY \n\u2013 C\u00e9cile MARIE \n\u2013 Lucie PINASSEAU \n\u2013 Myriam PIONIN \n\u2013 Am\u00e9lie PLANEL \n\u2013 Sophie PRUNES \n\u2013 Anne-Sophie  \nRONNAUX-BARON \n\u2013 Sandrine ROUSSOT\nAu titre de la d\u00e9l\u00e9gation de la Savoie : \n\u25cf Monsieur Rapha\u00ebl BECKER, directeur de la d\u00e9l\u00e9gation d\u00e9partementale  \n \nEn cas d'absence ou d'emp\u00eachement de  Monsieur Rapha\u00ebl BECKER, et de Madame Florence LIMOSIN, \ndirectrice d\u00e9partementale adjointe , d\u00e9l\u00e9gation de signature est donn\u00e9e, dans le cadre de leurs \nattributions et comp\u00e9tences, et de l'ordonnancement des d\u00e9penses de fonctionnement, aux agents de \nl'ARS suivants : \n\u2013 Delphine BANTEGNIE \n\u2013 Albane BEAUPOIL \n\u2013 Anne-Laure BORIE \n\u2013 Carine CHANJOU \n\u2013 Juliette CLIER \n\u2013 Magali COGNET \n\u2013 Laurence COLLIOUD-\nMARICHALLOT \n\u2013 Florence CULOMA \n\u2013 Marie-Caroline DAUBEUF \n\u2013 Muriel DEHER \n\u2013 Olivier GAGET \n\u2013 C\u00e9cile MARIE \n\u2013 Lila MOLINER \n\u2013 Lucie PATOIS \n\u2013 Christophe RIEGEL \n\u2013 Anne-Sophie  \nRONNAUX-BARON \n\u2013 Rapha\u00eblle SALORD \n\u2013 Audrey TEXIER \n \n \nAu titre de la d\u00e9l\u00e9gation de la Haute-Savoie : \n\u25cf Monsieur Reynald LEMAHIEU, directeur de la d\u00e9l\u00e9gation d\u00e9partementale \n \nEn cas d'absen ce ou d'emp\u00eachement de Monsieur Reynald LEMAHIEU, et de Madame Rachel \nCAMBONIE, directrice d\u00e9partementale adjointe, d\u00e9l\u00e9gation de signature est donn\u00e9e, dans le cadre de \nleurs attributions et comp\u00e9tences et de l'ordonnancement des d\u00e9penses de fonctionnement, aux agents \nde l'ARS suivants : \n \n\u2013 Diane AUBLIN \n\u2013 Audrey BERNARDI \n\u2013 Julien BERRA \n\u2013 L\u00e9onie CHABRAT  \n\u2013 Victoire CHARPIER SUTY \n\u2013 Florence CHEMIN \n\u2013 Magali COGNET \n\u2013 Marie-Caroline DAUBEUF \n\u2013 Muriel DEHER \n\u2013 Cl\u00e9ment DEJOS \n\u2013 Adelyne DOTTORI \n\u2013 Olivier GAGET \n\u2013 Pauline GHIRARDELLO \n\u2013 Nathalie GRANGERET \n\u2013 Cl\u00e9mence LANNES \n\u2013 Caroline LE CALLENNEC \n\u2013 Nad\u00e8ge LEMOINE-SUATTON \n\u2013 C\u00e9cile MARIE \n\u2013 V\u00e9ronique ROBAUX \n\u2013 Anne-Sophie  \nRONNAUX-BARON \n\u2013 Damien SAINTE-CROIX \n\u2013 Cl\u00e9mentine SOUFFLET \n\u2013 Chlo\u00e9 TARNAUD \n\u2013 Martine VOLAY \n\u2013 Monika WOLSKA\n84_ARS_Agence R\u00e9gionale de Sant\u00e9 Auvergne-Rh\u00f4ne-Alpes - 03-2026-02-27-00002 - extrait deleg signature ars ara 2026 02 27 aux DD 99\n  \nArticle 2 \nConcernant l'organisation des astreintes - act\u00e9e par la d\u00e9cision n\u00b020 24-23-0062 du 09/12/2024 - les \npersonnels d\u00e9sign\u00e9s dans les tableaux d'astreintes ont d\u00e9l\u00e9gation de signature sur les d\u00e9cisions qu'ils \nsont amen\u00e9s \u00e0 prendre durant ces p\u00e9riodes et entrant dans le champ de leurs comp\u00e9tences.  \n \nArticle 3 \nEn cas d'absence ou d'emp\u00eachement de Madame C\u00e9cile COURR\u00c8GES, directrice  g\u00e9n\u00e9rale, d\u00e9l\u00e9gation \nde signature est donn\u00e9e \u00e0 Monsieur Igor BUSSCHAERT , direct eur g\u00e9n\u00e9ral adjoint, pour les mati\u00e8res \nrelevant de la comp\u00e9tence de la directrice g\u00e9n\u00e9rale de l'agence.  \n \nArticle 4 \nSont exclues de la pr\u00e9sente d\u00e9l\u00e9gation les d\u00e9cisions suivantes : \na) Correspondances et d\u00e9cisions d'ordre g\u00e9n\u00e9ral : \n\u2013 les correspondances aux ministres, cabinets minist\u00e9riels, aux directeurs de l'administration \ncentrale, au conseil national de pilotage des ARS et \u00e0 son secr\u00e9tariat ex\u00e9cutif, aux caisses \nnationales d'assurance maladie ; \n\u2013 les correspondances aux pr\u00e9fets quand elles n'ont pas le caract\u00e8re de correspondance relative \u00e0 \nla gestion courante ; \n\u2013 les correspondances adress\u00e9es aux administrations centrales ou aux \u00e9tablissements publics \nnationaux, lorsqu'elles n'ont pas le caract\u00e8re de correspondance relatives \u00e0 la gestion courante \nou aux relations de service ; \n\u2013 les correspondances aux parlementaires, au pr\u00e9sident du conseil r\u00e9gional et aux pr\u00e9sidents des \nconseils d\u00e9partementaux ; \n\u2013 les correspondances entrant dans un cadre contentieux engageant la responsabilit\u00e9 de l'agence ; \n\u2013 les actes de saisine du tribunal administratif et de la chambre r\u00e9gionale des comptes  ; \n\u2013 les actes pris en application de l'article L.1432-2 du code de la sant\u00e9 publique relatif aux pouvoirs \npropres de la directeur g\u00e9n\u00e9ral : l'arr\u00eat du PRS et de ses diff\u00e9rentes composantes ; \n\u2013 l'ex\u00e9cution du budget, l'ordonnancement des d\u00e9penses, les autorisations sanitaires, le \nrecrutement au sein de l'agence, la d\u00e9signation de la personne charg\u00e9e de l'int\u00e9rim des fonctions \nde directeurs et de secr\u00e9taire g\u00e9n\u00e9ral dans les \u00e9tablissements de sant\u00e9 publics, le pouvoir d'ester \nen justice et de repr\u00e9sentation, le pouvoir de d\u00e9l\u00e9gation de signature ;  \n\u2013 les correspondances et communiqu\u00e9s adress\u00e9s aux m\u00e9dias de toute nature.  \nb) D\u00e9cisions en mati\u00e8re sanitaire : \n\u2013 autorisant la cr\u00e9ation, la conversion, le regroupement et la modification des activit\u00e9s de soins et \nl'installation des \u00e9quipements mat\u00e9riels lourds ; \n\u2013 de suspension et de retrait des activit\u00e9s des \u00e9tablissements et services de sant\u00e9 prise en \napplication des articles L. 6122-13 et L. 5126-10 du code de la sant\u00e9 publique ; \n\u2013 d'autorisation, de modification ou de retrait d'autorisation d'exploitation de laboratoires \nd'analyses ; \n\u2013 de suspension et retrait d'agr\u00e9ment des entreprises de transport sanitaire terrestre et a\u00e9rien  ; \n\u2013 de suspension des m\u00e9decins, chirurgiens-dentistes ou sage-femmes ; \n\u2013 de d\u00e9cision de placement de l'\u00e9tablissement public de sant\u00e9 sous l'administration provisoire des \nconseillers g\u00e9n\u00e9raux des \u00e9tablissements de sant\u00e9 et de saisine de la chambre r\u00e9gionale des \ncomptes en application de l'article L. 6143-3-1 ; \n\u2013 de conclusion du contrat pluriannuel d'objectifs et de moyens avec chaque \u00e9tablissement de \nsant\u00e9 en application de l'article L.6114-1 du code de la sant\u00e9 publique ; \n\u2013 le d\u00e9f\u00e9r\u00e9 au tribunal administratif des d\u00e9lib\u00e9rations et d\u00e9cisions du conseil de surveillance et des \nactes du directeur des \u00e9tablissements publics de sant\u00e9 en application de l'article L.  6143-4 du \ncode de la sant\u00e9 publique ; \n84_ARS_Agence R\u00e9gionale de Sant\u00e9 Auvergne-Rh\u00f4ne-Alpes - 03-2026-02-27-00002 - extrait deleg signature ars ara 2026 02 27 aux DD 100\n \n \n\u2013 la notification des d\u00e9cisions d\u00e9finitives faisant suite aux missions d'inspection et de contr\u00f4le, et \nla notification de toute injonction ou mise en demeure. \nc) D\u00e9cisions en mati\u00e8re m\u00e9dico-sociale : \n\u2013 autorisant la cr\u00e9ation, la transformation, l'extension des \u00e9tablissements et services m\u00e9dico -\nsociaux ; \n\u2013 d\u00e9cidant la suspension ou la cessation de tout ou partie des activit\u00e9s de services ou \nd'\u00e9tablissements m\u00e9dico-sociaux, lorsque la sant\u00e9, la s\u00e9curit\u00e9, ou le bien-\u00eatre physique ou \nmoral des personnes accueillies ou accompagn\u00e9es sont menac\u00e9s ou compromis,  en application \nde l'art. L313-16 du CASF ; \n\u2013 de conclusion du contrat pluriannuel d'objectifs et de moyens avec les \u00e9tablissements et services \nd\u00e9finis \u00e0 l'article L312-1 2\u00b0, 3\u00b0, 5\u00b0, 7\u00b0, 12\u00b0 du code de l'action sociale et des familles ; \n\u2013 le d\u00e9f\u00e9r\u00e9 au tribunal administratif des d\u00e9lib\u00e9rations du conseil d'administration des \n\u00e9tablissements publics sociaux ou m\u00e9dico-sociaux en application de l'article L.315-14 du code de \nl'action sociale et des familles ; \n\u2013 la notification des d\u00e9cisions d\u00e9finitives faisant suite aux missions d'inspection et de contr\u00f4le, et \nla notification de toute injonction ou mise en demeure ; \n\u2013 l'approbation des conventions relatives aux coop\u00e9rations entre \u00e9tablissements de sant\u00e9 et, ou \n\u00e9tablissements sociaux et m\u00e9dico-sociaux ; \n\u2013 le placement des \u00e9tablissements et services m\u00e9dico-sociaux sous administration provisoire ;  \n\u2013 le prononc\u00e9 d'astreinte journali\u00e8res ou de sanction financi\u00e8re, en application de l'art. L313-14 al. \nII et III. \nd) D\u00e9cisions en mati\u00e8re de gestion des ressources humaines et d'administration g\u00e9n\u00e9rale  : \n\u2013 les march\u00e9s et contrats ; \n\u2013 les achats publics, les baux, la commande, l'ordonnancement des d\u00e9penses de fonctionnement \nsup\u00e9rieures \u00e0 1500 \u20ac hors taxes ; \n\u2013 les d\u00e9penses d'investissement ; \n\u2013 les d\u00e9cisions et correspondances relatives \u00e0 la gestion des questions sociales  ; \n\u2013 l'ordonnancement des d\u00e9penses relatives aux Ressources Humaines  ; \n\u2013 la gestion administrative et les d\u00e9cisions individuelles ; \n\u2013 les d\u00e9cisions individuelles relatives au recrutement et \u00e0 la mobilit\u00e9 ; \n\u2013 les d\u00e9cisions relatives aux mesures disciplinaires ; \n \nArticle 5 \nLa pr\u00e9sente d\u00e9cision annule et remplace la d\u00e9cision n\u00b02026-23-0004 du 30 janvier 2026. \nElle sera publi\u00e9e au recueil des actes administratifs de la pr\u00e9fecture de la r\u00e9gion Auvergne -Rh\u00f4ne-Alpes \net au recueil des actes administratifs des pr\u00e9fectures de d\u00e9partement de la r\u00e9gion Auvergne -Rh\u00f4ne-\nAlpes. \nLe tribunal administratif (ou la juridiction administrative comp\u00e9tente) peut \u00eatre \u00e9galement saisi(e) par \nl'application informatique \u00ab T\u00e9l\u00e9recours citoyens \u00bb accessible par le site Internet www.telerecours.fr.  \n \n \nSign\u00e9 \u00e0 Lyon le 27 f\u00e9vrier 2026 \n \nC\u00e9cile COURREGES \n84_ARS_Agence R\u00e9gionale de Sant\u00e9 Auvergne-Rh\u00f4ne-Alpes - 03-2026-02-27-00002 - extrait deleg signature ars ara 2026 02 27 aux DD 101\n84_DREAL_Direction r\u00e9gionale de\nl'environnement, de l'am\u00e9nagement et du\nlogement d'Auvergne-Rh\u00f4ne-Alpes\n03-2026-02-27-00004\nArr\u00eat\u00e9 interpr\u00e9fectoral\nn\u00b0DREAL-AURA-EHN-2026-18 portant d\u00e9rogation\naux dispositions de l'article L.411-1 du code de\nl'environnement pour\u00a0capture suivie d'un\nrel\u00e2cher imm\u00e9diat sur place d'esp\u00e8ces animales\nprot\u00e9g\u00e9es (amphibiens, insectes, mammif\u00e8res et\nreptiles)\net pr\u00e9l\u00e8vement, transport, utilisation et\ndestruction de mat\u00e9riel biologique d'esp\u00e8ces\nanimales prot\u00e9g\u00e9es (insectes, reptiles)\nBureau d'\u00e9tudes Aces Campestre\n84_DREAL_Direction r\u00e9gionale de l'environnement, de l'am\u00e9nagement et du logement d'Auvergne-Rh\u00f4ne-Alpes -\n03-2026-02-27-00004 - Arr\u00eat\u00e9 interpr\u00e9fectoral n\u00b0DREAL-AURA-EHN-2026-18 portant d\u00e9rogation aux dispositions de l'article L.411-1 du\ncode de l'environnement pour\u00a0capture suivie d'un rel\u00e2cher imm\u00e9diat sur place d'esp\u00e8ces animales prot\u00e9g\u00e9es (amphibiens, insectes,\nmammif\u00e8res et reptiles)\net pr\u00e9l\u00e8vement, transport, utilisation et destruction de mat\u00e9riel biologique d'esp\u00e8ces animales prot\u00e9g\u00e9es (insectes, reptiles)\nBureau d'\u00e9tudes Aces Campestre\n102\n|PREFETEDE LA REGIONAUVERGNE-RHONE-ALPESLibert\u00e9Egalit\u00e9Fraternit\u00e9\nLyon, le 27 f\u00e9vrier 2026\nArr\u00eat\u00e9 interpr\u00e9fectoral n\u00b0 DREAL-AURA-EHN-2026-18\nportant d\u00e9rogation aux dispositions de l'article L.411-1 du code de l'environnement pour\u00a0capture\nsuivie d'un rel\u00e2cher imm\u00e9diat sur place d'esp\u00e8ces animales prot\u00e9g\u00e9es \n(amphibiens, insectes, mammif\u00e8res et reptiles)\net\npr\u00e9l\u00e8vement, transport, utilisation, d\u00e9tention et destruction de mat\u00e9riel biologique d'esp\u00e8ces\nanimales prot\u00e9g\u00e9es (insectes, reptiles)\nB\u00e9n\u00e9ficiaire\u00a0: Bureau d'\u00e9tudes Acer Campestre\nLE PR\u00c9FET DE L'AIN\nLE PR\u00c9FET DE L'ALLIER\nChevalier de l'ordre national du M\u00e9rite,\nLE PR\u00c9FET DE L'ARD\u00c8CHE\nLE PR\u00c9FET DU CANTAL,\nOfficier de l'ordre national du M\u00e9rite\nLA PR\u00c9F\u00c8TE DE LA DR\u00d4ME\nChevalier de la L\u00e9gion d'honneur\nChevalier de l'ordre national du M\u00e9rite\nLA PR\u00c9F\u00c8RE DE L'IS\u00c8RE,\nChevalier de la L\u00e9gion d'honneur,\nChevalier de l'ordre national du M\u00e9rite \nLE PR\u00c9FET DE LA HAUTE-LOIRE\nChevalier de l'ordre national du M\u00e9rite\nChevalier de l'ordre du M\u00e9rite agricole \nLA PR\u00c9F\u00c8TE DU PUY-DE-D\u00d4ME\nChevalier de la L\u00e9gion d'honneur,\nOfficier de l'ordre national du M\u00e9rite\nLA PR\u00c9F\u00c8TE DE LA R\u00c9GION AUVERGNE-RH\u00d4NE-ALPES, \nPR\u00c9F\u00c8TE DU RH\u00d4NE\nCommandeur de la L\u00e9gion d'honneur\nCommandeur de l'ordre national du M\u00e9rite\nLA PR\u00c9F\u00c8TE DE LA SAVOIE,\nChevalier de la L\u00e9gion d'honneur\nOfficier de l'Ordre national du M\u00e9rite\nAdresse postale : 69453 LYON CEDEX 06\nStandard : 04 26 28 60 00 - www.auvergne-rhone-alpes.developpement-durable.gouv.fr page 1/9\nDirection r\u00e9gionale de l'environnement,\nde l'am\u00e9nagement et du logement\nAuvergne-Rh\u00f4ne-Alpes\n84_DREAL_Direction r\u00e9gionale de l'environnement, de l'am\u00e9nagement et du logement d'Auvergne-Rh\u00f4ne-Alpes -\n03-2026-02-27-00004 - Arr\u00eat\u00e9 interpr\u00e9fectoral n\u00b0DREAL-AURA-EHN-2026-18 portant d\u00e9rogation aux dispositions de l'article L.411-1 du\ncode de l'environnement pour\u00a0capture suivie d'un rel\u00e2cher imm\u00e9diat sur place d'esp\u00e8ces animales prot\u00e9g\u00e9es (amphibiens, insectes,\nmammif\u00e8res et reptiles)\net pr\u00e9l\u00e8vement, transport, utilisation et destruction de mat\u00e9riel biologique d'esp\u00e8ces animales prot\u00e9g\u00e9es (insectes, reptiles)\nBureau d'\u00e9tudes Aces Campestre\n103\nVU le code de l'environnement, et notamment ses articles L.163-5, L.411-1, L.411-1A, L.411-2 et R.411-1 \u00e0\nR.411-14\u00a0;\nVU le code des relations entre le public et l'administration, notamment les articles L.221-2, L.221-3\u00a0;\nVU l'arr\u00eat\u00e9 interminist\u00e9riel du 9 juillet 1999 modifi\u00e9 fixant la liste des esp\u00e8ces de vert\u00e9br\u00e9s prot\u00e9g\u00e9es\nmenac\u00e9es d'extinction en France et dont l'aire de r\u00e9partition exc\u00e8de le territoire d'un d\u00e9partement\u00a0;\nVU l'arr\u00eat\u00e9  interminist\u00e9riel  du  19  f\u00e9vrier  2007  modifi\u00e9  fixant  les  conditions  de  demande  et\nd'instruction des d\u00e9rogations d\u00e9finies au 4\u00b0 de l'article L. 411-2 du code de l'environnement portant\nsur les esp\u00e8ces de faune et de flore sauvages prot\u00e9g\u00e9es\u00a0;\nVU l'arr\u00eat\u00e9 interminist\u00e9riel du 23 avril 2007 fixant la liste des insectes prot\u00e9g\u00e9s sur l'ensemble du\nterritoire et les modalit\u00e9s de leur protection\u00a0;\nVU l'arr\u00eat\u00e9 interminist\u00e9riel du 23 avril 2007 modifi\u00e9 fixant la liste des mammif\u00e8res terrestres prot\u00e9g\u00e9s\nsur l'ensemble du territoire et les modalit\u00e9s de leur protection\u00a0;\nVU l'arr\u00eat\u00e9 interminist\u00e9riel du 18 d\u00e9cembre 2014 fixant les conditions et limites dans lesquelles des\nd\u00e9rogations \u00e0 l'interdiction de capture de sp\u00e9cimens d'esp\u00e8ces animales prot\u00e9g\u00e9es peuvent  \u00eatre\naccord\u00e9es par les pr\u00e9fets pour certaines op\u00e9rations pour lesquelles la capture est suivie d'un rel\u00e2cher\nimm\u00e9diat sur place ; \nVU l'arr\u00eat\u00e9 interminist\u00e9riel du 8 janvier 2021 fixant la liste des amphibiens et des reptiles repr\u00e9sent\u00e9s\nsur le territoire m\u00e9tropolitain prot\u00e9g\u00e9s sur l'ensemble du territoire national et les modalit\u00e9s de leur\nprotection\u00a0;\nVU l'arr\u00eat\u00e9 pr\u00e9fecto ral n\u00b001-2026-01-21-00002 du 21 janvier 2026 portant d\u00e9l\u00e9gation de signature \u00e0\nM.\u00a0Olivier  DAVID,  directeur  r\u00e9gional  de  l'environnement,  de  l'am\u00e9nagement  et  du  logement\nAuvergne-Rh\u00f4ne-Alpes, dans le ressort du d\u00e9partement de l'Ain\u00a0;\nVU l'arr\u00eat\u00e9 pr\u00e9fectoral n\u00b0DREAL-SG-2026-005 du 02 f\u00e9vrier 2026 portant subd\u00e9l\u00e9gation de signature\naux agents de la direction r\u00e9gionale de l'environnement, de l'am\u00e9nagement et du logement  (DREAL)\nAuvergne-Rh\u00f4ne-Alpes pour les comp\u00e9tences g\u00e9n\u00e9rales et techniques pour le d\u00e9partement de l'Ain\u00a0;\nVU l'arr\u00eat\u00e9 pr\u00e9fectoral n\u00b0109/2026 du 22 janvier 2026 conf\u00e9rant d\u00e9l\u00e9gation de signature \u00e0 M.\u00a0Olivier\nDAVID, directeur r\u00e9gional de l'environnement, de l'am\u00e9nagement et du logement Auvergne-Rh\u00f4ne-\nAlpes, dans le ressort du d\u00e9partement de l'Allier\u00a0;\nVU l'arr\u00eat\u00e9 pr\u00e9fectoral n\u00b0DREAL-SG-2026-011 du 02 f\u00e9vrier 2026 portant subd\u00e9l\u00e9gation de signature\naux agents de la DREAL Auvergne-Rh\u00f4ne-Alpes pour les comp\u00e9tences g\u00e9n\u00e9rales et techniques, pour le\nd\u00e9partement de l'Allier\u00a0;\nVU l'arr\u00eat\u00e9 pr\u00e9fecto ral n\u00b007-2026-01-20-00007 du 20 janvier 2026 portant d\u00e9l\u00e9gation de signature \u00e0\nM.\u00a0Olivier  DAVID,  directeur  r\u00e9gional  de  l'environnement,  de  l'am\u00e9nagement  et  du  logement\nAuvergne-Rh\u00f4ne-Alpes, dans le ressort du d\u00e9partement de l'Ard\u00e8che\u00a0;\nVU l'arr\u00eat\u00e9 pr\u00e9fectoral n\u00b0DREAL-SG-2026-014 du 02 f\u00e9vrier 2026 portant subd\u00e9l\u00e9gation de signature\naux agents de la direction r\u00e9gionale de l'environnement, de l'am\u00e9nagement et du logement  (DREAL)\nAuvergne-Rh\u00f4ne-Alpes  pour  les  comp\u00e9tences  g\u00e9n\u00e9rales  et  techniques  pour  le  d\u00e9partement  de\nl'Ard\u00e8che\u00a0;\nVU l'arr\u00eat\u00e9 pr\u00e9fectoral n\u00b0  2026-74 du 23 janvier 2026  portant d\u00e9l\u00e9gation de signature \u00e0  M.\u00a0Olivier\nDAVID, directeur r\u00e9gional de l'environnement, de l'am\u00e9nagement et du logement Auvergne-Rh\u00f4ne-\nAlpes dans le ressort du d\u00e9partement du Cantal\u00a0;\nVU l'arr\u00eat\u00e9 pr\u00e9fectoral n\u00b0DREAL-SG-2026-009 du 02 f\u00e9vrier 2026 portant subd\u00e9l\u00e9gation de signature\naux agents de la DREAL Auvergne-Rh\u00f4ne-Alpes pour les comp\u00e9tences g\u00e9n\u00e9rales et techniques, pour le\nd\u00e9partement du Cantal\u00a0;\nAdresse postale : 69453 LYON CEDEX 06\nStandard : 04 26 28 60 00 - www.auvergne-rhone-alpes.developpement-durable.gouv.fr page 2/9\n84_DREAL_Direction r\u00e9gionale de l'environnement, de l'am\u00e9nagement et du logement d'Auvergne-Rh\u00f4ne-Alpes -\n03-2026-02-27-00004 - Arr\u00eat\u00e9 interpr\u00e9fectoral n\u00b0DREAL-AURA-EHN-2026-18 portant d\u00e9rogation aux dispositions de l'article L.411-1 du\ncode de l'environnement pour\u00a0capture suivie d'un rel\u00e2cher imm\u00e9diat sur place d'esp\u00e8ces animales prot\u00e9g\u00e9es (amphibiens, insectes,\nmammif\u00e8res et reptiles)\net pr\u00e9l\u00e8vement, transport, utilisation et destruction de mat\u00e9riel biologique d'esp\u00e8ces animales prot\u00e9g\u00e9es (insectes, reptiles)\nBureau d'\u00e9tudes Aces Campestre\n104\nVU l'arr\u00eat\u00e9 pr\u00e9fe ctoral n\u00b026-2026-01-00005 du 26 janvier 2026 portant  d\u00e9l\u00e9gation de signature \u00e0\nM.\u00a0Olivier  DAVID,  directeur  r\u00e9gional  de  l'environnement,  de  l'am\u00e9nagement  et  du  logement\nAuvergne-Rh\u00f4ne-Alpes pour le d\u00e9partement de la Dr\u00f4me\u00a0;\nVU l'arr\u00eat\u00e9 pr\u00e9fectoral n\u00b0DREAL-SG-2026-12 du 02 f\u00e9vrier 2026 portant subd\u00e9l\u00e9gation de signature\naux agents de la direction r\u00e9gionale de l'environnement, de l'am\u00e9nagement et du logement  (DREAL)\nAuvergne-Rh\u00f4ne-Alpes pour les comp\u00e9tences g\u00e9n\u00e9rales et techniques pour le d\u00e9partement de la\nDr\u00f4me\u00a0;\nVU l'arr\u00eat\u00e9 pr\u00e9fe ctoral n\u00b038-2026-01-23-00005 du 23 janvier 2026 portant d\u00e9l\u00e9gation de signature \u00e0\nM.Olivier DAVID, directeur r\u00e9gional de l'environnement, de l'am\u00e9nagement et du logement Auvergne-\nRh\u00f4ne-Alpes pour le d\u00e9partement de l'Is\u00e8re\u00a0;\nVU l'arr\u00eat\u00e9 pr\u00e9fectoral n\u00b0DREAL-SG-2026-10 du 02 f\u00e9vrier 2026 portant subd\u00e9l\u00e9gation de signature\naux agents de la direction r\u00e9gionale de l'environnement, de l'am\u00e9nagement et du logement  (DREAL)\nAuvergne-Rh\u00f4ne-Alpes pour les comp\u00e9tences g\u00e9n\u00e9rales et techniques pour le d\u00e9partement de l'Is\u00e8re\u00a0;\nVU l'arr\u00eat\u00e9  pr\u00e9fectoral  SG/COORDINATION  2026-03  du  19  janvier  2026  portant  d\u00e9l\u00e9gation  de\nsignature M.\u00a0Olivier DAVID, directeur r\u00e9gional de l'environnement, de l'am\u00e9nagement et du logement\nAuvergne-Rh\u00f4ne-Alpes, dans le ressort du d\u00e9partement de la Haute-Loire\u00a0;\nVU l'arr\u00eat\u00e9 pr\u00e9fectoral n\u00b0DREAL-SG-2026-008 du 02 f\u00e9vrier 2026 portant subd\u00e9l\u00e9gation de signature\naux agents de la DREAL Auvergne-Rh\u00f4ne-Alpes pour les comp\u00e9tences g\u00e9n\u00e9rales et techniques pour le\nd\u00e9partement de la Haute-Loire\u00a0;\nVU l'arr\u00eat\u00e9 pr\u00e9fectoral n\u00b0 20260244 du 02 f\u00e9vrier 2026  portant d\u00e9l\u00e9gation de signature \u00e0  M.\u00a0Olivier\nDAVID, directeur r\u00e9gional de l'environnement, de l'am\u00e9nagement et du logement Auvergne-Rh\u00f4ne-\nAlpes, dans le ressort du d\u00e9partement du Puy-de-D\u00f4me\u00a0;\nVU l'arr\u00eat\u00e9 pr\u00e9fectoral n\u00b0DREAL-SG-2026-18 du 03 f\u00e9vrier 2026 portant subd\u00e9l\u00e9gation de signature\naux agents de la DREAL Auvergne-Rh\u00f4ne-Alpes pour les comp\u00e9tences g\u00e9n\u00e9rales et techniques pour le\nd\u00e9partement du Puy-de-D\u00f4me\u00a0;\nVU l'arr\u00eat\u00e9 pr\u00e9fectoral n\u00b069-2026-02-02-00003 du 02 f\u00e9vrier 2026  portant d\u00e9l\u00e9gation de signature \u00e0\nM.\u00a0Olivier DAVID , directeur r\u00e9gional  de l'environnement, de l'am\u00e9nagement et du logement de la\nr\u00e9gion Auvergne-Rh\u00f4ne-Alpes dans le ressort du d\u00e9partement du Rh\u00f4ne\u00a0;\nVU l'arr\u00eat\u00e9 pr\u00e9fectoral n\u00b0DREAL-SG-2026-019 du 04 f\u00e9vrier 2026 portant subd\u00e9l\u00e9gation de signature aux\nagents de la DREAL Auvergne-Rh\u00f4ne-Alpes pour les comp\u00e9tences g\u00e9n\u00e9rales et techniques pour  le\nd\u00e9partement du Rh\u00f4ne\u00a0;\nVU l'arr\u00eat\u00e9  pr\u00e9fectoral  DCL-PEJ  N\u00b01-2026  du  21  janvier  2026  portant  d\u00e9l\u00e9gation  de  signature  \u00e0\nM.Olivier DAVID, directeur r\u00e9gional de l'environnement, de l'am\u00e9nagement et du logement Auvergne-\nRh\u00f4ne-Alpes, dans le ressort du d\u00e9partement de la Savoie\u00a0;\nVU l'arr\u00eat\u00e9 pr\u00e9fectoral n\u00b0DRAL-SG-2026-20 du 02 f\u00e9vrier 2026 portant subd\u00e9l\u00e9gation de signature aux\nagents  de  la  direction  r\u00e9gionale  de  l'environnement,  de  l'am\u00e9nagement  et  du  logement (DREAL)\nAuvergne-Rh\u00f4ne-Alpes  pour  les  comp\u00e9tences  g\u00e9n\u00e9rales  et  techniques  pour  le  d\u00e9partement  de  la\nSavoie\u00a0; \nVU les lignes directrices de la DREAL Auvergne-Rh\u00f4ne-Alpes du 30 octobre 2017 pr\u00e9cisant la nature\ndes d\u00e9cisions individuelles, notamment dans le cadre des d\u00e9rogations \u00e0 la protection des esp\u00e8ces,\nsoumises  ou  non  \u00e0  participation  du  public,  au  vu  de  leur  incidence  sur  la  protection  de\nl'environnement, dans l'ensemble des d\u00e9partements de la r\u00e9gion Auvergne-Rh\u00f4ne-Alpes\u00a0;\nVU  la demande de d\u00e9rogation pour la capture suivi e d'un rel\u00e2cher imm\u00e9diat sur place d'esp\u00e8ces\nanimales prot\u00e9g\u00e9es et le p r\u00e9l\u00e8vement, le transport, l'utilisation, la d\u00e9tention et la destruction de\nmat\u00e9riel biologique d'esp\u00e8ces animales prot\u00e9g\u00e9es d\u00e9pos\u00e9e le 28 janvier 2025 par le  bureau d'\u00e9tudes\nAcer Campestre et compl\u00e9t\u00e9e le 15 septembre 2025\u00a0;\nAdresse postale : 69453 LYON CEDEX 06\nStandard : 04 26 28 60 00 - www.auvergne-rhone-alpes.developpement-durable.gouv.fr page 3/9\n84_DREAL_Direction r\u00e9gionale de l'environnement, de l'am\u00e9nagement et du logement d'Auvergne-Rh\u00f4ne-Alpes -\n03-2026-02-27-00004 - Arr\u00eat\u00e9 interpr\u00e9fectoral n\u00b0DREAL-AURA-EHN-2026-18 portant d\u00e9rogation aux dispositions de l'article L.411-1 du\ncode de l'environnement pour\u00a0capture suivie d'un rel\u00e2cher imm\u00e9diat sur place d'esp\u00e8ces animales prot\u00e9g\u00e9es (amphibiens, insectes,\nmammif\u00e8res et reptiles)\net pr\u00e9l\u00e8vement, transport, utilisation et destruction de mat\u00e9riel biologique d'esp\u00e8ces animales prot\u00e9g\u00e9es (insectes, reptiles)\nBureau d'\u00e9tudes Aces Campestre\n105\nVU le projet d'arr\u00eat\u00e9 transmis le 24 f\u00e9vrier 2026 au p\u00e9titionnaire, et sa r\u00e9ponse du 25 f\u00e9vrier\u00a02026\u00a0;\nCONSID\u00c9RANT que la pr\u00e9sente demande est d\u00e9pos\u00e9e\u00a0:\n\u2022 dans l'int\u00e9r\u00eat de la protection de la faune et de la flore sauvages et de la conservation des\nhabitats naturels\u00a0;\n\u2022 pour permettre, dans des conditions strictement contr\u00f4l\u00e9es, d'une mani\u00e8re s\u00e9lective et dans une\nmesure limit\u00e9e, la prise ou la d\u00e9tention d'un nombre limit\u00e9 et sp\u00e9cifi\u00e9 de certains sp\u00e9cimens\u00a0;\nCONSID\u00c9RANT qu'il n'existe pas d'autre solution satisfaisante\u00a0;\nCONSID\u00c9RANT que la d\u00e9rogation ne nuit pas au maintien, dans un \u00e9tat de conservation favorable,\ndes populations d'esp\u00e8ces prot\u00e9g\u00e9es concern\u00e9es dans leur aire de r\u00e9partition naturelle compte tenu\ndes prescriptions mises en \u0153uvre, telles que d\u00e9taill\u00e9es \u00e0 l'article 2 ci-apr\u00e8s\u00a0;\nCONSID\u00c9RANT que les personnes habilit\u00e9es disposent de la comp\u00e9tence pour la mise en \u0153uvre des\nop\u00e9rations consid\u00e9r\u00e9es\u00a0;\nSUR proposition du directeur  r\u00e9gional  par  int\u00e9rim  de l'Environnement, de l'Am\u00e9nagement  et du\nLogement de la r\u00e9gion Auvergne-Rh\u00f4ne-Alpes\u00a0;\nARR\u00caTE\nARTICLE 1\u00a0: B\u00e9n\u00e9ficiaire de l'autorisation et objet\u00a0 \nDans  le  cadre  de ses  actions  d'inventaires  et  de  suivis  d'esp\u00e8ces  animales  prot\u00e9g\u00e9es,  le  bureau\nd'\u00e9tudes  Acer Campestre ,  dont le si\u00e8ge social est  situ\u00e9 20  rue Pr\u00e9 Gaudry  \u00e0 LYON  (69007),  est\nautoris\u00e9 \u00e0 pratiquer, dans le cadre d\u00e9fini aux articles 2 et suivants du pr\u00e9sent arr\u00eat\u00e9\u00a0:\n\u2022 la capture suivie d'un rel\u00e2cher imm\u00e9diat sur place d'esp\u00e8ces animales prot\u00e9g\u00e9es\u00a0:\n> AMPHIBIENS\nEnsemble des esp\u00e8ces potentiellement pr\u00e9sentes dans le p\u00e9rim\u00e8tre d'\u00e9tude,\n\u00e0 l'exception des esp\u00e8ces list\u00e9es \u00e0 l'arr\u00eat\u00e9 minist\u00e9riel du 9 juillet 1999 (esp\u00e8ces menac\u00e9es \nd'extinction)\n> INSECTES\nL\u00e9pidopt\u00e8res rhopaloc\u00e8res, col\u00e9opt\u00e8res, odonates (dont exuvies) et orthopt\u00e8res \npotentiellement pr\u00e9sents dans le p\u00e9rim\u00e8tre d'\u00e9tude\n> MAMMIF\u00c8RES\nEnsemble des micromammif\u00e8res potentiellement pr\u00e9sents dans le p\u00e9rim\u00e8tre d'\u00e9tude\n> REPTILES\nEnsemble des esp\u00e8ces potentiellement pr\u00e9sentes dans le p\u00e9rim\u00e8tre d'\u00e9tude, \u00e0 l'exception \ndes esp\u00e8ces list\u00e9es \u00e0 l'arr\u00eat\u00e9 minist\u00e9riel du 9 juillet 1999 (esp\u00e8ces menac\u00e9es d'extinction)\nAdresse postale : 69453 LYON CEDEX 06\nStandard : 04 26 28 60 00 - www.auvergne-rhone-alpes.developpement-durable.gouv.fr page 4/9\n84_DREAL_Direction r\u00e9gionale de l'environnement, de l'am\u00e9nagement et du logement d'Auvergne-Rh\u00f4ne-Alpes -\n03-2026-02-27-00004 - Arr\u00eat\u00e9 interpr\u00e9fectoral n\u00b0DREAL-AURA-EHN-2026-18 portant d\u00e9rogation aux dispositions de l'article L.411-1 du\ncode de l'environnement pour\u00a0capture suivie d'un rel\u00e2cher imm\u00e9diat sur place d'esp\u00e8ces animales prot\u00e9g\u00e9es (amphibiens, insectes,\nmammif\u00e8res et reptiles)\net pr\u00e9l\u00e8vement, transport, utilisation et destruction de mat\u00e9riel biologique d'esp\u00e8ces animales prot\u00e9g\u00e9es (insectes, reptiles)\nBureau d'\u00e9tudes Aces Campestre\n106\n\u2022 le pr\u00e9l\u00e8vement, le transport, l'utilisation, la d\u00e9tention et la destruction de mat\u00e9riel biologique\nd'esp\u00e8ces animales prot\u00e9g\u00e9es\u00a0:\n> INSECTES\nEnsemble des exuvies d'odonates potentiellement pr\u00e9sentes dans le p\u00e9rim\u00e8tre d'\u00e9tude\n> REPTILES\nEnsemble des mues potentiellement pr\u00e9sents dans le p\u00e9rim\u00e8tre d'\u00e9tude, \u00e0 l'exception des \nesp\u00e8ces list\u00e9es \u00e0 l'arr\u00eat\u00e9 minist\u00e9riel du 9 juillet 1999 (esp\u00e8ces menac\u00e9es d'extinction)\nARTICLE 2\u00a0: Prescriptions techniques\n> Lieux d'intervention \u00a0:  d\u00e9partements de l'A in, Allier, Ard\u00e8che, Cantal, Dr\u00f4me, Is\u00e8re, Haute-Loire,\nPuy-de-D\u00f4me, Rh\u00f4ne et Savoie.\n> Protocole\u00a0:\nLe b\u00e9n\u00e9ficiaire proc\u00e8de \u00e0 des inventaires de population d'esp\u00e8ces animales sauvages dans le cadre\nde\u00a0:\n\u2022 l'\u00e9valuation  pr\u00e9alable  et  du  suivi  des  impacts  sur  la  biodiversit\u00e9  de  projets  de  travaux,\nd'ouvrages et d'am\u00e9nagements. Les protocoles d'inventaires sont \u00e9tablis par des personnes\nmorales  ou  physiques  d\u00fbment  mandat\u00e9es  par  les  responsables  des  projets  de  travaux,\nd'ouvrages et d'am\u00e9nagements, pour la r\u00e9alisation de tels inventaires,\n\u2022 l'\u00e9laboration ou du suivi de plans, de sch\u00e9mas, de programmes ou d'autres documents de\nplanification  n\u00e9cessitant  l'acquisition  de  connaissances  ou  visant  \u00e0  la  pr\u00e9servation  du\npatrimoine naturel pr\u00e9vus par des dispositions du code de l'environnement. Les protocoles\nd'inventaires sont \u00e9tablis par des personnes morales ou physiques d\u00fbment mandat\u00e9es par\nl'autorit\u00e9  d\u00e9sign\u00e9e  par  le  code  de  l'environnement  pour  \u00e9laborer  le  plan,  le  sch\u00e9ma,  le\nprogramme ou le document de planification consid\u00e9r\u00e9.\nLes op\u00e9rations de capture sont strictement limit\u00e9es \u00e0 ce qui est n\u00e9cessaire pour atteindre l'objectif\nrecherch\u00e9.\nLe protocole d'inventaire permet de qualifier correctement le niveau des populations et l'importance\nde celles-ci au regard de l'\u00e9tat de conservation des esp\u00e8ces concern\u00e9es en tenant compte de leur\nbiologie et de leurs cycles biologiques.\nARTICLE 2.1\u00a0: Modalit\u00e9s de capture\nLes modalit\u00e9s de capture sont les suivantes\u00a0:\n\u2022 les captures et manipulations sont r\u00e9alis\u00e9es uniquement en cas de n\u00e9cessit\u00e9, sur des dur\u00e9es\nles plus courtes possible\u00a0;\n\u2022 les  animaux  captur\u00e9s  sont  manipul\u00e9s  d\u00e9licatement,  prot\u00e9g\u00e9s  contre  les  temp\u00e9ratures\nextr\u00eames et rel\u00e2ch\u00e9s imm\u00e9diatement apr\u00e8s identification sur le lieu de capture\u00a0;\n\u2022 aucune manipulation d'\u0153ufs n'est effectu\u00e9e\u00a0;\n\u2022 les filets et \u00e9puisettes sont v\u00e9rifi\u00e9s, avant chaque utilisation, afin qu'ils ne comportent aucun\n\u00e9l\u00e9ment pouvant blesser les individus\u00a0;\n\u2022 les animaux ne sont pas captur\u00e9s en phase de copulation ou de ponte\u00a0;\n\u2022 les captures sont r\u00e9alis\u00e9es selon des modalit\u00e9s et \u00e0 l'aide de moyens n'occasionnant aucune\nblessure ni mutilation aux animaux captur\u00e9s\u00a0;\n\u2022 aucune op\u00e9ration de marquage n'est r\u00e9alis\u00e9e\u00a0;\n\u2022 aucune capture l\u00e9tale n'est r\u00e9alis\u00e9e.\nAdresse postale : 69453 LYON CEDEX 06\nStandard : 04 26 28 60 00 - www.auvergne-rhone-alpes.developpement-durable.gouv.fr page 5/9\n84_DREAL_Direction r\u00e9gionale de l'environnement, de l'am\u00e9nagement et du logement d'Auvergne-Rh\u00f4ne-Alpes -\n03-2026-02-27-00004 - Arr\u00eat\u00e9 interpr\u00e9fectoral n\u00b0DREAL-AURA-EHN-2026-18 portant d\u00e9rogation aux dispositions de l'article L.411-1 du\ncode de l'environnement pour\u00a0capture suivie d'un rel\u00e2cher imm\u00e9diat sur place d'esp\u00e8ces animales prot\u00e9g\u00e9es (amphibiens, insectes,\nmammif\u00e8res et reptiles)\net pr\u00e9l\u00e8vement, transport, utilisation et destruction de mat\u00e9riel biologique d'esp\u00e8ces animales prot\u00e9g\u00e9es (insectes, reptiles)\nBureau d'\u00e9tudes Aces Campestre\n107\nModalit\u00e9s sp\u00e9cifiques concernant   les amphibiens  \u00a0  :  \n\u2022 inventaires et captures pratiqu\u00e9s de jour ou de nuit\u00a0;\n\u2022 d\u00e9tections visuelle et auditive privil\u00e9gi\u00e9es\u00a0:\n\u2022 capture manuelle des amphibiens \u00e0 l'aide d'une \u00e9puisette\u00a0;\n\u2022 afin de limiter  la diss\u00e9mination de chytridiomycose et  d'autres maladies (ranaviroses),  les\nprescriptions du protocole d'hygi\u00e8ne pour le contr\u00f4le des maladies des amphibiens dans la\nnature \u00e0 destination des op\u00e9rateurs de terrain1\n, sont scrupuleusement respect\u00e9es.\nModalit\u00e9s sp\u00e9cifiques concernant les insectes  \u00a0  :  \n\u2022 identification \u00e0 vue en phase adulte \u00e0 l'aide de jumelles privil\u00e9gi\u00e9e\u00a0;\n\u2022 capture \u00e0 l'aide d'un filet \u00e0 insectes pour identification en cas de n\u00e9cessit\u00e9\u00a0;\n\u2022 les odonates sont maintenus par les ailes tandis que les rhopaloc\u00e8res sont observ\u00e9s \u00e0 travers le\nfilet pour ne pas endommager leurs \u00e9cailles\u00a0;\n\u2022 aucune capture l\u00e9tale n'est r\u00e9alis\u00e9e.\nModalit\u00e9s sp\u00e9cifiques concernant les mammif\u00e8res\n\u2022 pi\u00e9geages non l\u00e9taux des micro-mammif\u00e8res, avec capture d'individus \u00a0: pi\u00e8ges pos\u00e9s le soir,\nrelev\u00e9s le lendemain matin, et non actifs durant la journ\u00e9e\u00a0;\nModalit\u00e9s sp\u00e9cifiques concernant   les reptiles  \u00a0  :  \n\u2022 recherche \u00e0 vue privil\u00e9gi\u00e9e, notamment par retournement des pierres qui sont replac\u00e9es avec\nsoin apr\u00e8s d\u00e9tection ou non d'individus\u00a0;\n\u2022 captures manuelles r\u00e9alis\u00e9es avec soin pour les esp\u00e8ces difficiles \u00e0 d\u00e9terminer \u00e0 vue.\nLa pression d'inventaire maximale annuelle est \u00e9valu\u00e9e \u00e0 100 \u00a0jours de terrain par d\u00e9partement, avec\nl'intervention possible de huit personnes proc\u00e9dant simultan\u00e9ment aux op\u00e9rations.\nARTICLE 2.2  \u00a0  : Modalit\u00e9s de pr\u00e9l\u00e8vement, transport, utilisation, d\u00e9tention et destruction de mat\u00e9riel\nbiologique\nLes modalit\u00e9s de pr\u00e9l\u00e8vement , transport, utilisation, d\u00e9tention et destruction d e mat\u00e9riel biologique\nsont les suivantes\u00a0:\n\u2022 collecte du mat\u00e9riel biologique in situ, identification sur site \u00e0 l'aide d'une loupe ou photographies\npour une identification ult\u00e9rieure le cas \u00e9ch\u00e9ant, et repositionnement sur le lieu de pr\u00e9l\u00e8vement.\nU  niquement en cas de n\u00e9cessit\u00e9  \u00a0:\n\u2022 stockage des exuvies d'odonates dans des r\u00e9cipients avec une \u00e9tiquette indiquant le lieu, la date et\nl'observateur\u00a0;\n\u2022 transport entre le lieu de pr\u00e9l\u00e8vement et le bureau d'\u00e9tudes Acer Campestre, situ\u00e9 sur la commune\nde LYON pour identification\u00a0;\n\u2022 conservation dans des piluliers ou des bo\u00eetes sp\u00e9cifiques \u00e9tiquet\u00e9s et destruction d\u00e8s la fin de\nl'identification.\n1 Miaud C., 2014 - Protocole d'hygi\u00e8ne pour le contr\u00f4le des maladies des amphibiens dans la nature \u00e0 destination des op\u00e9ra -\nteurs de terrain. Agence de l'eau Rh\u00f4ne-M\u00e9diterran\u00e9e Corse, Universit\u00e9 de Savoie et \u00c9cole pratique des Hautes \u00c9tudes (eds), 7\np.\nAdresse postale : 69453 LYON CEDEX 06\nStandard : 04 26 28 60 00 - www.auvergne-rhone-alpes.developpement-durable.gouv.fr page 6/9\n84_DREAL_Direction r\u00e9gionale de l'environnement, de l'am\u00e9nagement et du logement d'Auvergne-Rh\u00f4ne-Alpes -\n03-2026-02-27-00004 - Arr\u00eat\u00e9 interpr\u00e9fectoral n\u00b0DREAL-AURA-EHN-2026-18 portant d\u00e9rogation aux dispositions de l'article L.411-1 du\ncode de l'environnement pour\u00a0capture suivie d'un rel\u00e2cher imm\u00e9diat sur place d'esp\u00e8ces animales prot\u00e9g\u00e9es (amphibiens, insectes,\nmammif\u00e8res et reptiles)\net pr\u00e9l\u00e8vement, transport, utilisation et destruction de mat\u00e9riel biologique d'esp\u00e8ces animales prot\u00e9g\u00e9es (insectes, reptiles)\nBureau d'\u00e9tudes Aces Campestre\n108\nARTICLE 3\u00a0: Personnes habilit\u00e9es\u00a0\nLes  personnes  habilit\u00e9es  pour  r\u00e9aliser  les  op\u00e9rations  sont  au  sein  du  bureau  d'\u00e9tudes  Acer\nCampestre\u00a0: \n\u2022 Aur\u00e9lien BOURDIN, chef de projet, titulaire d'une licence professionnelle Analyse et technique\nd'inventaire de la biodiversit\u00e9\u00a0;\n\u2022 T\u00e9o BOUSQUET, charg\u00e9 d'\u00e9tudes faune, titulaire d'un master Biologie, \u00e9cologie, \u00e9volution\u00a0;\n\u2022 Pierrick  C ANTARINI,  charg\u00e9  d'\u00e9tudes  faune,  titulaire  d'un  master  Biodiversit\u00e9  et\nd\u00e9veloppement durable\u00a0;\n\u2022 Marine  CHOMBART,  charg\u00e9e  d'\u00e9tudes  assistance  \u00e0  ma\u00eetrise  d'ouvrage  en  phase  chantier,\ntitulaire d'un dipl\u00f4me d'ing\u00e9nieur en environnement\u00a0;\n\u2022 Beno\u00eet FEUVRIER, chef de projet faune, titulaire d'un master Environnement et d\u00e9veloppement\ndurable\u00a0;\n\u2022 Kevin GUILLE, charg\u00e9 d'\u00e9tudes faune, titulaire d'un master \u00c9cosyst\u00e8mes, contaminants, sant\u00e9\u00a0;\n\u2022 Martin LEGAYE, chef de projet flore, habitats naturels et zones humides, titulaire d'un master\nFonctionnement des \u00e9cosyst\u00e8mes et anthropisation\u00a0;\n\u2022 Jeanne LEGEAY, charg\u00e9e d'\u00e9tudes faune, titulaire d'un master Biologie, \u00e9cologie, \u00e9volution\u00a0;\n\u2022 Philippe L E G OFF, charg\u00e9 d'\u00e9tudes flore, habitats naturels et zones humides, titulaire d'un\nmaster Biodiversit\u00e9 et d\u00e9veloppement durable\u00a0;\n\u2022 G\u00e9r\u00f4me MALPEL , technicien g\u00e9nie \u00e9cologique, titulaire d'un brevet d'\u00e9tudes professionnel\nagricole\u00a0;\n\u2022 David  MEYER,  chef  de  projet  environnement,  am\u00e9nagement  et  agriculture,  titulaire  d'un\ndipl\u00f4me d'ing\u00e9nieur agronome\u00a0; \n\u2022 Mathilde MOREL , c harg\u00e9e d'\u00e9tudes flore, habitats naturels et zones humides, titulaire d'un\nmaster Gestion de l'environnement\u00a0;\n\u2022 Simon N OBILLIAUX,  chef de projet flore, habitats naturels et zones humides , titulaire d'un\nmaster Gestion de la biodiversit\u00e9 et des \u00e9cosyst\u00e8mes continentaux et c\u00f4tiers\u00a0;\n\u2022 Pascal R OCHAS,  charg\u00e9 d'\u00e9tudes faune , titulaire d'un brevet de technicien sup\u00e9rieur (BTS)\nGestion et protection de la nature\u00a0;\n\u2022 Laurent ROUSCHMEYER, charg\u00e9 d'\u00e9tudes faune, titulaire d'un brevet de technicien sup\u00e9rieur\n(BTS) Gestion et protection de la nature\u00a0;\n\u2022 Benjamin THINON, chef de projet assistance \u00e0 ma\u00eetrise d'ouvrage en phase chantier,  titulaire\nd'un master Eco ing\u00e9nierie des Zones Humides\u00a0;\nLes personnes habilit\u00e9es sont porteuses de la pr\u00e9sente autorisation lors des op\u00e9rations vis\u00e9es, et sont\ntenues de la pr\u00e9senter \u00e0 toute demande des agents commissionn\u00e9s au titre de l'environnement.\nPour  tenir  compte  des  mouvements  de  personnel,  le  bureau  d'\u00e9tudes  Acer  Campestre  doit\ncommuniquer  annuellement  \u00e0  la  DREAL  Auvergne-Rh\u00f4ne-Alpes  (service  Eau,  Hydro\u00e9lectricit\u00e9  et\nNature  /  p\u00f4le  Pr\u00e9servation  des  milieux  et  des  esp\u00e8ces  -  pme.ehn.dreal-ara@developpement-\ndurable.gouv.fr), la liste des personnels charg\u00e9s de la mise en \u0153uvre de la pr\u00e9sente autorisation.\nAdresse postale : 69453 LYON CEDEX 06\nStandard : 04 26 28 60 00 - www.auvergne-rhone-alpes.developpement-durable.gouv.fr page 7/9\n84_DREAL_Direction r\u00e9gionale de l'environnement, de l'am\u00e9nagement et du logement d'Auvergne-Rh\u00f4ne-Alpes -\n03-2026-02-27-00004 - Arr\u00eat\u00e9 interpr\u00e9fectoral n\u00b0DREAL-AURA-EHN-2026-18 portant d\u00e9rogation aux dispositions de l'article L.411-1 du\ncode de l'environnement pour\u00a0capture suivie d'un rel\u00e2cher imm\u00e9diat sur place d'esp\u00e8ces animales prot\u00e9g\u00e9es (amphibiens, insectes,\nmammif\u00e8res et reptiles)\net pr\u00e9l\u00e8vement, transport, utilisation et destruction de mat\u00e9riel biologique d'esp\u00e8ces animales prot\u00e9g\u00e9es (insectes, reptiles)\nBureau d'\u00e9tudes Aces Campestre\n109\nARTICLE 4\u00a0: Dur\u00e9e de validit\u00e9 de l'autorisation\nCette autorisation est valable jusqu'au 31 d\u00e9cembre 2030, sous r\u00e9serve stricte de la transmission des\nrapports annuels mentionn\u00e9s \u00e0 l'article 5 ci-apr\u00e8s. La non transmission desdits rapports dans les d\u00e9lais\nindiqu\u00e9s  rend  caduque  la  pr\u00e9sente  d\u00e9rogation.  Toute  demande  de  prolongation  de  la  pr\u00e9sente\nd\u00e9rogation doit \u00eatre d\u00e9pos\u00e9e avant le 30 mars 2030.\nARTICLE 5\u00a0: Mise \u00e0 disposition des donn\u00e9es\nLe b\u00e9n\u00e9ficiaire met ses donn\u00e9es d'observation d'esp\u00e8ces \u00e0 disposition de la DREAL Auvergne-Rh\u00f4ne-\nAlpes  dans  les  conditions  d\u00e9finies  par  le  syst\u00e8me  d'information  sur  la  nature  et  les  paysages,\nnotamment en ce qui concerne les r\u00e8gles de d\u00e9p\u00f4t, de format de donn\u00e9es et de fichiers applicables\naux  m\u00e9tadonn\u00e9es  et  donn\u00e9es  \u00e9l\u00e9mentaire  d'\u00e9change  relatives  aux  occurrences  d'observation\nd'esp\u00e8ces.\nLe b\u00e9n\u00e9ficiaire adresse \u00e0 la DREAL Auvergne-Rh\u00f4ne-Alpes (service Eau, Hydro\u00e9lectricit\u00e9 et Nature /\np\u00f4le Pr\u00e9servation des milieux et des esp\u00e8ces  -  pme.ehn.dreal-ara@developpement-durable.gouv.fr),\nchaque ann\u00e9e avant le 31 mars , un rapport sur la mise en \u0153uvre de la d\u00e9rogation au cours de l'ann\u00e9e\npr\u00e9c\u00e9dente. \nCe rapport comprend\u00a0:\n\u2022 le nombre d'op\u00e9rations conduites sous couvert de la d\u00e9rogation ;\n\u2022 les dates et les lieux par commune des op\u00e9rations ;\n\u2022 les esp\u00e8ces ou groupes d'esp\u00e8ces dont la pr\u00e9sence a \u00e9t\u00e9 identifi\u00e9e ;\n\u2022 le  nombre  de  sp\u00e9cimens  captur\u00e9s  de  chaque  esp\u00e8ce,  le  sexe  lorsque  ce  dernier  est\nd\u00e9terminable et les lieux de capture-rel\u00e2cher\u00a0;\n\u2022 une photographie des faces ventrales et dorsales des individus de Tritons cr\u00eat\u00e9s pour les\nop\u00e9rations r\u00e9alis\u00e9es dans le d\u00e9partement de l'Ain, sur le pays de Gex, en pr\u00e9cisant le nom de\nla commune et du lieu-dit\u00a0;\n\u2022 le nombre d'animaux morts au cours des op\u00e9rations ;\n\u2022 le nombre d'animaux non vis\u00e9s dans la d\u00e9rogation et n\u00e9anmoins pris dans les mat\u00e9riels de\ncapture au cours des op\u00e9rations\u00a0;\n\u2022 le nombre de mues et exuvies identifi\u00e9es\u00a0;\n\u2022 le cas \u00e9ch\u00e9ant,  l'\u00e9volution de la liste  des personnels  charg\u00e9s de la mise en \u0153uvre de la\npr\u00e9sente autorisation (article 3), et la justification de leurs comp\u00e9tences.\nARTICLE 6\u00a0: Contr\u00f4les\nLa mise en \u0153uvre des prescriptions du pr\u00e9sent arr\u00eat\u00e9 peut faire l'objet de contr\u00f4les par les agents\nhabilit\u00e9s.\nARTICLE 7\u00a0: Sanctions\nLe  non-respect  des  prescriptions  du  pr\u00e9sent  arr\u00eat\u00e9  est  passible  des  sanctions  pr\u00e9vues  pour  les\ninfractions  p\u00e9nales  d\u00e9finies  et  r\u00e9prim\u00e9es  par  les  articles  L.415-3  et  R.415-1  du  code  de\nl'environnement.\nAdresse postale : 69453 LYON CEDEX 06\nStandard : 04 26 28 60 00 - www.auvergne-rhone-alpes.developpement-durable.gouv.fr page 8/9\n84_DREAL_Direction r\u00e9gionale de l'environnement, de l'am\u00e9nagement et du logement d'Auvergne-Rh\u00f4ne-Alpes -\n03-2026-02-27-00004 - Arr\u00eat\u00e9 interpr\u00e9fectoral n\u00b0DREAL-AURA-EHN-2026-18 portant d\u00e9rogation aux dispositions de l'article L.411-1 du\ncode de l'environnement pour\u00a0capture suivie d'un rel\u00e2cher imm\u00e9diat sur place d'esp\u00e8ces animales prot\u00e9g\u00e9es (amphibiens, insectes,\nmammif\u00e8res et reptiles)\net pr\u00e9l\u00e8vement, transport, utilisation et destruction de mat\u00e9riel biologique d'esp\u00e8ces animales prot\u00e9g\u00e9es (insectes, reptiles)\nBureau d'\u00e9tudes Aces Campestre\n110\nARTICLE 8\u00a0: Autres l\u00e9gislations et r\u00e9glementations\nLa pr\u00e9sente d\u00e9cision ne dispense pas de l'obtention d'autres accords ou autorisations par ailleurs\nn\u00e9cessaires pour la r\u00e9alisation de l'op\u00e9ration susmentionn\u00e9e et du respect des autres dispositions\nl\u00e9gislatives et r\u00e9glementaires susceptibles d'\u00eatre applicables sur les espaces prot\u00e9g\u00e9s du territoire\nd'\u00e9tude.\nARTICLE 9\u00a0: Voies et d\u00e9lais de recours \nLa pr\u00e9sente d\u00e9cision peut faire l'objet d'un recours dans les deux mois qui suivent sa  publication ou\nsa notification\u00a0:\n\u2022 par la voie d'un recours administratif. L'absence de r\u00e9ponse dans le d\u00e9lai de deux mois fait\nna\u00eetre une d\u00e9cision implicite de rejet, qui peut elle-m\u00eame faire l'objet d'un recours devant le\ntribunal administratif comp\u00e9tent,\n\u2022 par la voie d'un recours contentieux devant le tribunal administratif comp\u00e9tent,\n\u2022 par l'application T\u00e9l\u00e9recours citoyens accessible via le site internet www.telerecours.fr.\nARTICLE 10\u00a0: Ex\u00e9cution \nM. le directeur r\u00e9gional de l'environnement, de l'am\u00e9nagement et du logement Auvergne-Rh\u00f4ne-Alpes,\nMme et MM. les chefs des services d\u00e9partementaux de l'Office fran\u00e7ais de la biodiversit\u00e9 de l'Ain, de\nl'Allier, de l'Ard\u00e8che, du Cantal, de la Dr\u00f4me, de l'Is\u00e8re, de la Haute-Loire, du Puy-de-D\u00f4me, du Rh\u00f4ne\net de la Savoie,\nsont charg\u00e9s, chacun en ce qui le concerne, de l'ex\u00e9cution du pr\u00e9sent arr\u00eat\u00e9 qui sera notifi\u00e9 au\nb\u00e9n\u00e9ficiaire et  publi\u00e9 au  recueil  des actes  administratifs des  pr\u00e9fectur es  de l'A in,  de l'Allier,  de\nl'Ard\u00e8che, du Cantal, de la Dr\u00f4me, de l'Is\u00e8re, de la Haute-Loire, du Puy-de-D\u00f4me, du Rh\u00f4ne et de la\nSavoie.\nPour les Pr\u00e9fets et par d\u00e9l\u00e9gation,\nLa cheffe de p\u00f4le pr\u00e9servation des milieux et des\nesp\u00e8ces,\nSign\u00e9\nCarine Pagliari-Thibert\nAdresse postale : 69453 LYON CEDEX 06\nStandard : 04 26 28 60 00 - www.auvergne-rhone-alpes.developpement-durable.gouv.fr page 9/9\n84_DREAL_Direction r\u00e9gionale de l'environnement, de l'am\u00e9nagement et du logement d'Auvergne-Rh\u00f4ne-Alpes -\n03-2026-02-27-00004 - Arr\u00eat\u00e9 interpr\u00e9fectoral n\u00b0DREAL-AURA-EHN-2026-18 portant d\u00e9rogation aux dispositions de l'article L.411-1 du\ncode de l'environnement pour\u00a0capture suivie d'un rel\u00e2cher imm\u00e9diat sur place d'esp\u00e8ces animales prot\u00e9g\u00e9es (amphibiens, insectes,\nmammif\u00e8res et reptiles)\net pr\u00e9l\u00e8vement, transport, utilisation et destruction de mat\u00e9riel biologique d'esp\u00e8ces animales prot\u00e9g\u00e9es (insectes, reptiles)\nBureau d'\u00e9tudes Aces Campestre\n111\n84_DTPJJ_Direction territoriale de la protection\njudiciaire de la jeunesse de l'Auvergne\n03-2026-02-27-00007\nArr\u00eat\u00e9 de Prix de Journ\u00e9e 2026 AERPH Le tr\u00e8fle\n84_DTPJJ_Direction territoriale de la protection judiciaire de la jeunesse de l'Auvergne - 03-2026-02-27-00007 - Arr\u00eat\u00e9 de Prix de\nJourn\u00e9e 2026 AERPH Le tr\u00e8fle 112\nPREFETDE L'ALLIER ALLIER GNNAISsent \"y Le D\u00e9partementDirection Territoriale de la Protection Direction G\u00e9n\u00e9rale Adjointe des Solidarit\u00e9sJudiciaire de la Jeunesse Auvergne Direction des Territoires et de l'Offre m\u00e9dico-socialeP\u00f4le de gestion du secteur associatif habilit\u00e9 Service \u00e9quipements sociaux et m\u00e9dico-sociaux1 avenue des Cottages 1 avenue Victor. Hugo - BP 166963000 CLERMONT-FERRAND 03016 MOULINS CEDEX\nARRET\u00c9 CONJOINT n\u00b0Fixant le prix de journ\u00e9e 2025 de l'AERPH g\u00e9r\u00e9e parla maison d'enfants \u00e0 caract\u00e8re social \u00abLe Tr\u00e8fle\u00bb \u00e0 ChazemaisA LA Le Pr\u00e9sident du Conseil d\u00e9partementalLe Pr\u00e9fet de l'Allier de l'AllierChevalier de l'Ordre National du M\u00e9rite\nVu le Code g\u00e9n\u00e9ral des collectivit\u00e9s territoriales,Vu le Code de l'action sociale et des familles,Vu le Code Civil,Vu le Code de l'action sociale et des familles et notamment le Il de l'article L.313-1-1 relatif \u00e0 l'exon\u00e9rationd'appel \u00e0 projet dans le cadre de transformation d'\u00e9tablissement sans modification de la cat\u00e9gorie desb\u00e9n\u00e9ficiaires,Vu la loi N\u00b02007-293 du 5 mars 2007 r\u00e9formant la protection de l'enfance,Vu la loi N\u00b02016-297 du 14 mars 2016 relative \u00e0 la protection de l'enfance,Vu l'arr\u00eat de la Cour de Cassation n\u00b021-25.974 du 2 octobre 2024, portant sur la fin de prononc\u00e9 d'unemesure de Placement Educatif \u00e0 Domicile (PEAD) en assitance \u00e9ducative, n\u00e9cessitant de requalifierjuridiquement un dispostif de PEAD en mesure d'assistance \u00e9ducative en milieu ouvert renforc\u00e9 avec possibilit\u00e9d'h\u00e9bergement exceptionnel ou periodique (AEMO R),Vu le sch\u00e9ma unique des solidarit\u00e9s 2023-2027,Vu l'arr\u00eat\u00e9 du Pr\u00e9sident du Conseil g\u00e9n\u00e9ral de l'Allier en date du 30 janvier 2009 portant cr\u00e9ation, \u00e0 partir duTer janvier 2009, d'un Service d'Accompagnement et de Placement en Milieu Familial (SAPMF) sis \u00e0 Montlu\u00e7onde 10 places, g\u00e9r\u00e9 par la Maison d'Enfants \u00e0 Caract\u00e8re Social \u00ab Le Tr\u00e8fle \u00bb ;Vu l'arr\u00eat\u00e9 du Pr\u00e9sident du Conseil g\u00e9n\u00e9ral de l'Allier en date du 21 janvier 2010 portant extension de capacit\u00e9du Service d'Accompagnement et de Placement en Milieu Familial (SAPMF) sis \u00e0 Montlu\u00e7on, g\u00e9r\u00e9 par la Maisond'Enfants \u00e0 Caract\u00e8re Social \u00ab Le Tr\u00e8fle \u00bb, de 10 places, portant ainsi sa capacit\u00e9 \u00e0 25 places ;Vu l'arr\u00eat\u00e9 du Pr\u00e9sident du Conseil g\u00e9n\u00e9ral de l'Allier en date du 11 octobre 2012 portant extension decapacit\u00e9 du Service d'Accompagnement et de Placement en Milieu Familial (SAPMF) sis \u00e0 Montlu\u00e7on, g\u00e9r\u00e9 parla Maison d'Enfants \u00e0 Caract\u00e8re Social \u00ab Le Tr\u00e8fle \u00bb, de 3 places, portant ainsi sa capacit\u00e9 \u00e0 28 places et\u00e9tendant l'\u00e2ge des b\u00e9n\u00e9ficiaires aux enfants de 3 \u00e0 6 ans ;\n84_DTPJJ_Direction territoriale de la protection judiciaire de la jeunesse de l'Auvergne - 03-2026-02-27-00007 - Arr\u00eat\u00e9 de Prix de\nJourn\u00e9e 2026 AERPH Le tr\u00e8fle 113\nVu Varr\u00e9t\u00e9 du Pr\u00e9sident du Conseil d\u00e9partemental de l'Allier en date du 13 septembre 2018 portantmodification de la r\u00e9partition des places selon l'\u00e2ge des b\u00e9n\u00e9ficiaires du Service d'Accompagnement et dePlacement en Milieu Familial (SAPMF) sis \u00e0 Montlu\u00e7on, g\u00e9r\u00e9 par la Maison d'Enfants \u00e0 Caract\u00e8re Social \u00ab LeTr\u00e8fle \u00bb ;\nVu le d\u00e9cret N\u00b02020-147 du 21 f\u00e9vrier 2020 relatif \u00e0 la proc\u00e9dure d'appel \u00e0 projets et d'autorisationmentionn\u00e9e \u00e0 l'article L. 313-1-1 du code de l'action sociale et des familles,\nVu l'arr\u00eat\u00e9 du Pr\u00e9sident du Conseil d\u00e9partemental de l'Allier en date du 25 octobre 2021, portant extension decapacit\u00e9 du service de Placement Educatif A Domicile (PEAD) sis \u00e0 Montlu\u00e7on, g\u00e9r\u00e9 par la Maison d'Enfants \u00e0Caract\u00e8re Social \u00ab Le Tr\u00e8fle \u00bb, suite \u00e0 une s\u00e9lection d'appel \u00e0 projet, de 20 places, portant ainsi sa capacit\u00e9 \u00e048 places dont 5 places prioritairement fl\u00e9ch\u00e9es vers les adolescents ;\nVu l'arr\u00eat\u00e9 du Pr\u00e9sident du Conseil d\u00e9partemental de l'Allier en date du 26 septembre 2022, portant extensionde capacit\u00e9 du service de Placement Educatif A Domicile (PEAD) sis \u00e0 Montlu\u00e7on, g\u00e9r\u00e9 par la Maison d'Enfants\u00e0 Caract\u00e8re Social \u00ab Le Tr\u00e8fle \u00bb, de 14 places, portant ainsi sa capacit\u00e9 \u00e0 62 places dont 5 placesprioritairement fl\u00e9ch\u00e9es vers les adolescents :Vu l'arr\u00eat\u00e9 du Pr\u00e9sident du Conseil d\u00e9partemental de l'Allier en date du 5 d\u00e9cembre 2022, portantrenouvellement de l'autorisation du service de Placement Educatif A Domicile (PEAD) sis \u00e0 Montlu\u00e7on, g\u00e9r\u00e9 parla Maison d'Enfants \u00e0 Caract\u00e8re Social \u00ab Le Tr\u00e8fle \u00bb;Vu l'arr\u00eat\u00e9 conjoint du 28 mai 2025 portant modification de l'autorisation de fonctionnement du servicePlacement Educatif \u00e0 Domicile (PEAD) de la Maison d'Enfants \u00e0 Caract\u00e8re Social \u00ab Le Tr\u00e8fle \u00bb: Le changementde d\u00e9nomination de l'\u00e9tablissement en \u00ab Action \u00e9ducative Renforc\u00e9e avec possibilit\u00e9 d'H\u00e9bergement (AERPH) \u00bb\nSUR PROPOSITION de Monsieur le Secr\u00e9taire G\u00e9n\u00e9ral de la Pr\u00e9fecture de l'Allier, de Madame la DirectriceTerritoriale de la Protection Judiciaire de la Jeunesse Auvergne et de Monsieur le Directeur g\u00e9n\u00e9ral Adjoint desSolidarit\u00e9s du D\u00e9partement de l'Allier,\nARRETEArticle Ter : Le prix de journ\u00e9e de l'Action \u00e9ducative Renforc\u00e9e avec Possibilit\u00e9 d' H\u00e9bergement \"Le Tr\u00e9fle\"\u00e0 MONTLUCON est fix\u00e9 \u00e0 compter du 01/02/2026 \u00e0 :o Dispositif d'Accueil Interm\u00e9diaire = 65,42 \u20ac\nArticle 2 : En l'absence de nouvel arr\u00eat\u00e9, les montants du tarif et de la dotation mentionn\u00e9s \u00e0 l'article 1sont maintenus dans les conditions fix\u00e9es.\nArticle 3 : Les recours contentieux contre le pr\u00e9sent arr\u00eat\u00e9 doivent parvenir au Tribunal Administratif deLyon dans le d\u00e9lai franc d'un mois \u00e0 compter de sa notification pour les personnesauxquelles il a \u00e9t\u00e9 notifi\u00e9 ou de sa publication pour les autres personnes.\nArticle 4 : Le pr\u00e9sent arr\u00eat\u00e9 sera notifi\u00e9 \u00e0 l'\u00e9tablissement et publi\u00e9 au recueil des actes administratifs dela Pr\u00e9fecture de l'Allier et sur le site internet du d\u00e9partement de l'Allier.\n84_DTPJJ_Direction territoriale de la protection judiciaire de la jeunesse de l'Auvergne - 03-2026-02-27-00007 - Arr\u00eat\u00e9 de Prix de\nJourn\u00e9e 2026 AERPH Le tr\u00e8fle 114\nArticle 5 : Le Secr\u00e9taire G\u00e9n\u00e9ral de la Pr\u00e9fecture de l'Allier, Le Dirceteur G\u00e9n\u00e9ral Adjoint desSolidarit\u00e9s du d\u00e9partement de l'Allier, la Directrice Territoriale Auvergne de la ProtectionJudiciaire Centre-Est de la Jeunesse sont charg\u00e9s, chacun en ce qui le concerne, del'ex\u00e9cution du pr\u00e9sent arr\u00eat\u00e9.\n27 FEV. 2026Moulins, le Moulins, le 09 FEV. 2026\nLe Pr\u00e9fet de l'Allier Le Pr\u00e9sident du Conseil d\u00e9partemental,Pour le Pr\u00e9fet et par d\u00e9l\u00e9gation, Pour le Pr\u00e9sident du ConseilLe Secr\u00e9taire G\u00e9n\u00e9ral, d\u00e9part\u00e9mental,- Et pdr d\u00e9l\u00e9gation,gad irecte Adjoint desPour le pr\u00e9fet, et par d\u00e9l\u00e9gation lidarit\u00e9s ;\n84_DTPJJ_Direction territoriale de la protection judiciaire de la jeunesse de l'Auvergne - 03-2026-02-27-00007 - Arr\u00eat\u00e9 de Prix de\nJourn\u00e9e 2026 AERPH Le tr\u00e8fle 115\n84_DTPJJ_Direction territoriale de la protection judiciaire de la jeunesse de l'Auvergne - 03-2026-02-27-00007 - Arr\u00eat\u00e9 de Prix de\nJourn\u00e9e 2026 AERPH Le tr\u00e8fle 116\n84_DTPJJ_Direction territoriale de la protection\njudiciaire de la jeunesse de l'Auvergne\n03-2026-02-27-00006\nArr\u00eat\u00e9 de Prix de Journ\u00e9e 2026 ENTRAIDE\nUNION\n84_DTPJJ_Direction territoriale de la protection judiciaire de la jeunesse de l'Auvergne - 03-2026-02-27-00006 - Arr\u00eat\u00e9 de Prix de\nJourn\u00e9e 2026 ENTRAIDE UNION 117\n| = ALLIERPREFET VF BOURBONNAIS\"y Le D\u00e9partementDE L'ALLIER vLibert\u00e9\u00c9galit\u00e9Fraternit\u00e9Direction Territoriale de la Protection Direction G\u00e9n\u00e9rale Adjointe des Solidarit\u00e9sJudiciaire de la Jeunesse Auvergne Direction des Territoires et de l'Offre m\u00e9dico-socialeP\u00f4le de gestion du secteur associatif habilit\u00e9 Service \u00e9quipements sociaux et m\u00e9dico-sociaux1 avenue des Cottages 1 avenue Victor Hugo - BP 166963000 CLERMONT-FERRAND 03016 MOULINS CEDEX\nARRETE CONJOINTFixant le prix de journ\u00e9e 2026Des services de l'Entraide Union de l'Allier\nLe Pr\u00e9fet de l'Allier Le Pr\u00e9sident du Conseil d\u00e9partementalChevalier de l'Ordre National du M\u00e9rite de l'Allier\nVU le Code de la Sant\u00e9 Publique,VU le Code G\u00e9n\u00e9ral des Collectivit\u00e9s Territoriales,VU le Code de l'Action Sociale et des Familles,VU le Code Civil et notamment les articles 375 \u00e0 375-8 relatifs \u00e0 l'assistance \u00e9ducative,VU l'ordonnance n\u00b0 45-1845 du 18 ao\u00fbt 1945 relative au remboursement aux institutions priv\u00e9es des fraisd'entretien et d'\u00e9ducation des mineurs d\u00e9linquants,VU la loi n\u00b0 83-8 du 7 janvier 1983 relative \u00e0 la r\u00e9partition des comp\u00e9tences entre les Communes, lesD\u00e9partements, les R\u00e9gions et l'Etat, compl\u00e9t\u00e9e par celle n\u00b0 83-663 du 22 juillet 1983,VU le d\u00e9cret n\u00b0 88-42 du 14 janvier 1988 relatif au ressort territorial, \u00e0 l'organisation et aux attributions desServices Ext\u00e9rieurs de la Protection Judiciaire de la Jeunesse,VU le d\u00e9cret n\u00b0 90-359 du 11 avril 1990 relatif au contentieux de la tarification sanitaire et sociale,VU l'arr\u00eat\u00e9 du Ministre de la Justice en date du 19 d\u00e9cembre 2003 relatif aux modes de tarification applicablesaux prestations d'action \u00e9ducative d\u00e9livr\u00e9es par les \u00e9tablissements et services concourant \u00e0 la protectionjudiciaire de la jeunesse et sous comp\u00e9tence tarifaire conjointe du repr\u00e9sentant de l'\u00c9tat dans le d\u00e9partementet du Pr\u00e9sident du Conseil G\u00e9n\u00e9ral,VU l'arr\u00eat\u00e9 pr\u00e9fectoral en date du 13 novembre 1964 habilitant la Maison d'Enfants \u00e0 Caract\u00e8re Social del'Entraide Universitaire du Mayet de Montagne \u00e0 recevoir des mineurs au titre de la protection de l'enfance endanger,\n84_DTPJJ_Direction territoriale de la protection judiciaire de la jeunesse de l'Auvergne - 03-2026-02-27-00006 - Arr\u00eat\u00e9 de Prix de\nJourn\u00e9e 2026 ENTRAIDE UNION 118\nVU l'arr\u00eat\u00e9 pr\u00e9fectoral en date du 23 ao\u00fbt 1973 habilitant la Maison d'adolescents de l'Entraide Universitairede Vichy \u00e0 recevoir des mineurs au titre de la protection de l'enfance en danger,VU l'arr\u00eat\u00e9 pr\u00e9fectoral en date du 26 mai 1997 portant renouvellement de l'habilitation justice de la Maisond'Enfants \u00e0 Caract\u00e8re Social Edmond Breuillard du Mayet de Montagne (03250),VU l'arr\u00eat\u00e9 pr\u00e9fectoral en date du 26 mai 1997 portant renouvellement de l'habilitation justice du FoyerEducatif d'Adolescents de Vichy 26 \u00e0 30 quai d'Allier (03200),VU l'arr\u00eat\u00e9 conjoint en date du 22 avril 2005 autorisant la transformation de l'\u00e9tablissement EntraideUniversitaire Allier,VU l'arr\u00eat\u00e9 conjoint du 28 mai 2025 portant modification de l'autorisation de fonctionnement du servicePlacement Educatif \u00e0 Domicile (PEAD) de \u00ab l'Entraide Union de l'Allier\u00bb \u00e0 VICHY: Le changement ded\u00e9nomination de l'\u00e9tablissement en \u00ab Action Educative Renforc\u00e9e avec Possibilit\u00e9 d'H\u00e9bergement (AERPH) \u00bbVU les propositions budg\u00e9taires pr\u00e9sent\u00e9es par Madame la Directrice de l'Entraide Union de l'Allier,SUR PROPOSITION de Monsieur le Secr\u00e9taire G\u00e9n\u00e9ral de la Pr\u00e9fecture de l'Allier, de Madame la DirectriceTerritoriale de la Protection Judiciaire de la Jeunesse Auvergne et de Monsieur le Directeur G\u00e9n\u00e9ral Adjoint desSolidarit\u00e9s de l'Allier,\nARRETENT\nArticle 1% : Les prix de journ\u00e9e des services de \"'Entraide Union de Allier\" \u00e0 VICHY sont fix\u00e9s \u00e0 compterdu 01/03/2026 \u00e0 :- H\u00e9bergement permanent : 298,85 \u20ac- Accueil Jeunes Majeurs : 149,43 \u20ac- Service Accueil de Jour Educatif: 79,22 \u20ac- Placement Educatif \u00e0 Domicile : 67,38 \u20ac\nArticle 2 : En l'absence de nouvel arr\u00eat\u00e9, les prix de journ\u00e9e mentionn\u00e9s \u00e0 l'article 1, sont maintenus dansles conditions fix\u00e9es.Article 3 : Les recours contentieux contre le pr\u00e9sent arr\u00eat\u00e9 doivent \u00eatre port\u00e9s devant le TribunalAdministratif de LYON dans le d\u00e9lai franc d'un mois \u00e0 compter de sa notification pour lespersonnes auxquelles il a \u00e9t\u00e9 notifi\u00e9 ou de sa publication pour les autres personnes.Article 4 : Le pr\u00e9sent arr\u00eat\u00e9 sera notifi\u00e9 \u00e0 l'\u00e9tablissement et publi\u00e9 au recueil des actes administratifs de laPr\u00e9fecture de l'Allier et sur le site Internet du D\u00e9partement de l'Allier.Article 5 : Le Secr\u00e9taire G\u00e9n\u00e9ral de la Pr\u00e9fecture, le directeur g\u00e9n\u00e9ral des services du d\u00e9partement, laDirectrice Territoriale de la Protection Judiciaire de la Jeunesse Auvergne, la Directrice del'Entraide Union de Vichy ,sont charg\u00e9s, chacun en ce qui le concerne, de l'ex\u00e9cution du pr\u00e9sentarr\u00eat\u00e9.Moulins, le 27 FEV, 2026 Moulins, le 4 7 FEV, 2026\nPdfLe Pr\u00e9fet de l'Allier Le Directeur G\u00e9n\u00e9ral AdjointPour le Pr\u00e9fet et par d\u00e9l\u00e9gation des Solidarit\u00e9s du D\u00e9partement dLe Secr\u00e9taire G\u00e9n\u00e9ral,d\u00e9l\u00e9gationice de cabinetPour le pr\u00e9fet, etLa sous pr\u00e9f\u00e8te, dire Fr\u00e9d\u00e9ric TRIVIAUX\n84_DTPJJ_Direction territoriale de la protection judiciaire de la jeunesse de l'Auvergne - 03-2026-02-27-00006 - Arr\u00eat\u00e9 de Prix de\nJourn\u00e9e 2026 ENTRAIDE UNION 119\n84_DTPJJ_Direction territoriale de la protection\njudiciaire de la jeunesse de l'Auvergne\n03-2026-02-27-00005\nArr\u00eat\u00e9 de Prix de Journ\u00e9e 2026 Le SHIDE\nPasserelle\n84_DTPJJ_Direction territoriale de la protection judiciaire de la jeunesse de l'Auvergne - 03-2026-02-27-00005 - Arr\u00eat\u00e9 de Prix de\nJourn\u00e9e 2026 Le SHIDE Passerelle 120\ncsPREFET ALLIER _DE L'ALLIER NF BOURBONNAISLidert\u00e9 a  4EN v Le D\u00e9partementFrt\u00e9eririt\u00e9\nDirection Territoriale de la Protection Direction G\u00e9n\u00e9rale Adjointe des Solidarit\u00e9sJudiciaire de la Jeunesse Auvergne Direction des Territoires et de l'Offre m\u00e9dico-socialeP\u00f4le de gestion du secteur associatif habilit\u00e9 Service \u00e9quipements sociaux et m\u00e9dico-sociaux1 avenue des Cottages 1 avenue Victor Hugo - BP 166963000 CLERMONT-FERRAND 03016 MOULINS CEDEX\nARRET\u00c9 CONJOINTFixant le prix de journ\u00e9e 2026du SHIDE \u00ab La Passerelle \u00bb g\u00e9r\u00e9 par l'Association pour l'\u00c9ducation Renforc\u00e9e (A:P.L.E.R.)\nLe Pr\u00e9sident du Conseil d\u00e9partementalLe Pr\u00e9fet de l'Allier eae Soe PChevalier de l'Ordre National du M\u00e9rite\nVU le Code de l'Action Sociale et des Familles,VU le Code de la Sant\u00e9 Publique,VU l'ordonnance n\u00b0 45-1845 du 18 ao\u00fbt 1945 relative au remboursement aux institutions priv\u00e9es des fraisd'entretien et d'\u00e9ducation des mineurs d\u00e9linquants,VU les articles 375 \u00e0 375-8 du Code Civil relatifs \u00e0 l'assistance \u00e9ducative,VU la loi n\u00b0 83-8 du 7 janvier 1983 relative \u00e0 la r\u00e9partition des comp\u00e9tences entre les Communes, lesD\u00e9partements, les R\u00e9gions et l'\u00c9tat, compl\u00e9t\u00e9e par celle n\u00b0 83-663 du 22 juillet 1983,VU l'arr\u00eat\u00e9 du Ministre de la Justice en date du 19 d\u00e9cembre 2003 relatif aux modes de tarification applicablesaux prestations d'action \u00e9ducative d\u00e9livr\u00e9es par les \u00e9tablissements et services concourant \u00e0 la protectionjudiciaire de la jeunesse et sous comp\u00e9tence tarifaire conjointe du repr\u00e9sentant de l'\u00c9tat dans le d\u00e9partementet du Pr\u00e9sident du. Conseil G\u00e9n\u00e9ral,VU l'arr\u00eat\u00e9 pr\u00e9fectoral n\u00b0 1700/06 en date du 18 avril 2006 autorisant la cr\u00e9ation du service d'h\u00e9bergementindividualis\u00e9 et diversifi\u00e9 (SHIDE) \u00ab La Passerelle \u00bb, sis au 12 avenue Paul Doumer - 03200 VICHY et g\u00e9r\u00e9 parl'Association Pour L'Education Renforc\u00e9e (APLER),VU l'arr\u00eat\u00e9 pr\u00e9fectoral n\u00b0 4359/06 en date du 21 novembre 2006 habilitant le service d'h\u00e9bergementindividualis\u00e9 et diversifi\u00e9 \u00ab La Passerelle \u00bb au titre du d\u00e9cret n\u00b0 88-949 du 6 octobre 1988 modifi\u00e9 relatif \u00e0l'habilitation des personnes physiques, \u00e9tablissements, services ou organismes publics ou priv\u00e9s auxquelsl'autorit\u00e9 judiciaire confie habituellement des mineurs ou l'ex\u00e9cution de mesures les concernant,VU l'arr\u00eat\u00e9 du 8 janvier 2007 du Pr\u00e9sident du Conseil G\u00e9n\u00e9ral portant autorisation de cr\u00e9ation du serviced'h\u00e9bergement individualis\u00e9 et diversifi\u00e9 \u00ab La Passerelle \u00bb g\u00e9r\u00e9 par l'Association Pour l'\u00c9ducation Renforc\u00e9e(A.P.L.E.R.),\n84_DTPJJ_Direction territoriale de la protection judiciaire de la jeunesse de l'Auvergne - 03-2026-02-27-00005 - Arr\u00eat\u00e9 de Prix de\nJourn\u00e9e 2026 Le SHIDE Passerelle 121\nVU les propositions budg\u00e9taires pr\u00e9sent\u00e9es par Monsieur le Pr\u00e9sident de l'association gestionnaire du SHIDE\u00ab La Passerelle \u00bb \u00e0 VICHY,SUR PROPOSITION de Monsieur le Secr\u00e9taire G\u00e9n\u00e9ral de la Pr\u00e9fecture de l'Allier, de Madame la DirectriceTerritoriale Auvergne de la Protection Judiciaire de la Jeunesse Centre-Est et de Monsieur le Directeur G\u00e9n\u00e9ralAdjoint des Solidarit\u00e9s du D\u00e9partement de l'Allier,\nARRETENTARTICLE 1 : Le prix de journ\u00e9e du SHIDE \u00ab La Passerelle \u00bb, 12 avenue Paul Doumer \u00e0 VICHY, est fix\u00e9 \u00e0 compterdu 1\u00b0 mars 2026 \u00e0 : 151,72 \u20ac.\nARTICLEZ : En l'absence de nouvel arr\u00eat\u00e9, le prix de journ\u00e9e mentionn\u00e9 \u00e0 l'article 1, est maintenu dans lesconditions fix\u00e9es. |\nARTICLE 3 : Les recours contentieux contre le pr\u00e9sent arr\u00eat\u00e9 doivent parvenir au Tribunal Administratif deLYON dans le d\u00e9lai franc d'un mois \u00e0 compter de sa notification pour les personnes auxquelles il a \u00e9t\u00e9notifi\u00e9 ou de sa publication pour les autres personnes.\nARTICLE 4 : Le pr\u00e9sent arr\u00eat\u00e9 sera notifi\u00e9 \u00e0 l'\u00e9tablissement et publi\u00e9 au recueil des actes administratifs de laPr\u00e9fecture de l'Allier et sur le site internet du D\u00e9partement de l'Allier.\nARTICLE 5 : Le Secr\u00e9taire G\u00e9n\u00e9ral de la Pr\u00e9fecture de l'Allier, le Directeur g\u00e9n\u00e9ral des services duD\u00e9partement de l'Allier, la Directrice Territoriale Auvergne de la Protection Judiciaire Centre-Est de la Jeunesseet le Pr\u00e9sident de l'association pour l'\u00e9ducation renforc\u00e9e (A.P.L.E.R.), sont charg\u00e9s, chacun en ce qui leconcerne, de l'ex\u00e9cution du pr\u00e9sent arr\u00eat\u00e9.\nMoulins, le 2 7 FEV. 2026 Moulins, le { 7 FEV. 2026\nLe Pr\u00e9fet de l'AllierPour le Pr\u00e9fet et par d\u00e9l\u00e9gationLe Secr\u00e9taire G\u00e9n\u00e9ralPour le pr\u00e9fet, et par d\u00e9l\u00e9gationLa sous pr\u00e9fedd, directrice de cabinet\n84_DTPJJ_Direction territoriale de la protection judiciaire de la jeunesse de l'Auvergne - 03-2026-02-27-00005 - Arr\u00eat\u00e9 de Prix de\nJourn\u00e9e 2026 Le SHIDE Passerelle 122\n84_DTPJJ_Direction territoriale de la protection\njudiciaire de la jeunesse de l'Auvergne\n03-2026-03-13-00004\nARRETE TAR AER  Sagess MODIFIE\n84_DTPJJ_Direction territoriale de la protection judiciaire de la jeunesse de l'Auvergne - 03-2026-03-13-00004 - ARRETE TAR AER \nSagess MODIFIE 123\nPREFEToe NN + BOUR BONNAISLS ul \"y Le D\u00e9partementDirection Territoriale de la Protection Direction G\u00e9n\u00e9rale Adjointe des Solidarit\u00e9sJudiciaire de la Jeunesse Auvergne Direction des Territoires et de l'Offre m\u00e9dico-socialeP\u00f4le de gestion du secteur associatif habilit\u00e9 Service \u00e9quipements sociaux et m\u00e9dico-sociaux1 avenue des Cottages ' 1 avenue Victor Hugo - BP 166963000 CLERMONT-FERRAND 03016 MOULINS CEDEX\nARRETE CONJOINT n\u00b0Fixant la dotation annuelledes services et \u00e9tablissements d'accompagnement \u00e9ducatif de l'association SAGESS.L iLe Pr\u00e9fet de l'Allier Le Pr\u00e9siden lhe dp tial eeChevalier de l'Ordre National du M\u00e9riteVU le Code Civil et notamment les articles 375 \u00e0 375-8 relatifs \u00e0 |'assistance \u00e9ducative,VU le Code G\u00e9n\u00e9ral des Collectivit\u00e9s Territoriales,VU le Code de I'Action Sociale et des Familles,Vu le Code de la Justice P\u00e9nale et notamment les articles R241-3 \u00e0 9,VU le Code de la Sant\u00e9 Publique,VU l'ordonnance n\u00b0 45-1845 du 18 ao\u00fbt 1945 relative au remboursement aux institutions priv\u00e9es des fraisd'entretien et d'\u00e9ducation des mineurs d\u00e9linquants,VU la loi n\u00b0 83-8 du 7 janvier 1983 relative \u00e0 la r\u00e9partition des comp\u00e9tences entre les Communes, lesD\u00e9partements, les R\u00e9gions et l'\u00c9tat, compl\u00e9t\u00e9e par celle n\u00b0 83-663 du 22 juillet 1983,VU l'arr\u00eat\u00e9 du Ministre de la Justice en date du 19 d\u00e9cembre 2003 relatif aux modes de tarification applicablesaux prestations d'action \u00e9ducative d\u00e9livr\u00e9es par les \u00e9tablissements et services concourant \u00e0 la protectionjudiciaire de la jeunesse et sous comp\u00e9tence tarifaire conjointe du repr\u00e9sentant de l'\u00c9tat dans le d\u00e9partementet du Pr\u00e9sident du Conseil G\u00e9n\u00e9ral,VU l'arr\u00eat\u00e9 pr\u00e9fectoral en date du 25 janvier 1962 autorisant la cr\u00e9ation du service d'Action Educative enMilieu Ouvert, sis 42 rue de la R\u00e9publique \u00e0 AVERMES (03000), et g\u00e9r\u00e9 par l'Association D\u00e9partementale pourla Sauvegarde de l'Enfance et de l'Adolescence de l'Allier,Vu les arr\u00eat\u00e9s pr\u00e9fectoraux du 1er septembre 1978 et du 26 mai 1997 portant habilitation et autorisation de laMaison d'Enfants \u00e0 Caract\u00e8re Social \u00ab Saint Exup\u00e9ry \u00bb g\u00e9r\u00e9e par l'Association D\u00e9partementale de Sauvegardede l'Enfance et de l'Adolescence de l'Allier ;Vu l'arr\u00eat\u00e9 conjoint du Pr\u00e9sident du Conseil d\u00e9partemental et de la Pr\u00e9f\u00e9te de l'Allier portant transfert del'autorisation de la Mecs St Exup\u00e9ry de l'association ADSEA 03 \u00e0 l'association SAGESS ;VU l'arr\u00eat\u00e9 pr\u00e9fectoral en date du 26 mai 1997 habilitant le service d'Action Educative en Milieu Ouvert autitre du d\u00e9cret n\u00b088-949 du 6 octobre 1988 relatif \u00e0 I'habilitation des personnes physiques, \u00e9tablissements,services ou organismes publics ou priv\u00e9s auxquels l'autorit\u00e9 judiciaire confie habituellement des mineurs oul'ex\u00e9cution de mesures les concernant,\n84_DTPJJ_Direction territoriale de la protection judiciaire de la jeunesse de l'Auvergne - 03-2026-03-13-00004 - ARRETE TAR AER \nSagess MODIFIE 124\nVu l'arr\u00eat\u00e9 conjoint en date du 29 octobre 2012 portant cr\u00e9ation du service de Placement Interm\u00e9diaire etIndivdualis\u00e9 (SP21) \u00e0 Moulins de 20 places,Vu l'arr\u00eat\u00e9 conjoint en date du 21 janvier 2019 portant modification de la r\u00e9partition des places d'accueil de laMaison d'Enfants \u00e0 Caract\u00e8re Social \u00ab Saint Exup\u00e9ry \u00bb g\u00e9r\u00e9e par l'Association ADSEA de Moulins par cr\u00e9ationd'une unit\u00e9 pour cas complexes de 8 places sans extension de capacit\u00e9 ;Vu l'arr\u00eat\u00e9 conjoint du Pr\u00e9sident du Conseil d\u00e9partemental et du Pr\u00e9fet de l'Allier du 5 mars 2025 portantcr\u00e9ation de services d'Actions \u00e9ducatives Renforc\u00e9es sur les bassin s de Moulins et Montlu\u00e7on g\u00e9r\u00e9s parl'association SAGESVu l'arr\u00eat\u00e9 conjoint en date du 28 mai 2025 portant modification de |'autorisation de fonctionnement au 3 juin2025 du service Placement Educatif \u00e0 Domicile (PEAD) \u00ab PEAD SPII SAGESS \u00bb situ\u00e9 \u00e0 Yzeure :Changement de d\u00e9nomination du service en \u00ab Action \u00e9ducative Renforc\u00e9e avec possibilit\u00e9 d'H\u00e9bergement(AERPH) \u00bb ;VU l'arr\u00eat\u00e9 en date du 13 janvier 2026 fixant les tarifs 2026,Consid\u00e9rant que I'articile 5 est incomplet quant aux modalit\u00e9s de r\u00e9gularisation de la dotation annuelle duServce d'Action Educative Renforc\u00e9e (AER),Vu le contrat d'objectifs et de moyens conclu entre l'association SAGESS, la Direction interr\u00e9gionale Centre Estde la Protection judiciaire de la jeunesse et le Conseil d\u00e9partemental de l'Allier sign\u00e9 le 3 janvier 2022,SUR PROPOSITION de Monsieur le Secr\u00e9taire G\u00e9n\u00e9ral de la Pr\u00e9fecture de l'Allier, de Madame la DirectriceTerritoriale de la Protection Judiciaire de la Jeunesse Auvergne et de Monsieur le Directeur g\u00e9n\u00e9ral desServices,\nARRETENT\nARTICLE 1 : L'arr\u00eat\u00e9 du 13 janvier 2026 est modifi\u00e9 comme suit :\nArticle 5: La dotation annuelle du Servce d'Action Educative Renforc\u00e9e (AER) g\u00e9r\u00e9e parl'association SAGESS est fix\u00e9 \u00e0 compter du 1\u00b0 janvier 2026 \u00e0 : 428 837,33 \u20ac. Elle sera vers\u00e9epar douzi\u00e8me.Le prix de journ\u00e9e est arr\u00eat\u00e9 au 1\u00b0 janvier \u00e0 22,59 \u20ac.Le versement de la dotation globale est conditionn\u00e9 par la transmission d'\u00e9tats mensuels defacturation par l'association SAGESS qui permettra d'estimer la n\u00e9cessit\u00e9 d'une r\u00e9gularisation enN+1.\nARTICLE 2 : Les autres articles de l'arr\u00eat\u00e9 du 13 janvier 2026 restent inchang\u00e9s.\nARTICLE 3 : Les recours contentieux dirig\u00e9s contre le pr\u00e9sent arr\u00eat\u00e9 doivent \u00eatre port\u00e9s devant le TribunalAdministratif de Lyon, dans le d\u00e9lai d'un mois \u00e0 compter de sa publication ou, pour les personnes auxquelles ilsera notifi\u00e9, \u00e0 compter de sa notification.\nARTICLE 4 : Une ampliation du pr\u00e9sent arr\u00eat\u00e9 sera notifi\u00e9e \u00e0 l'\u00e9tablissement ou au service concern\u00e9.\nARTICLE 5 : Le pr\u00e9sent arr\u00eat\u00e9 sera publi\u00e9 au recueil des actes administratifs de la Pr\u00e9fecture de l'Allier et sur lesite internet du D\u00e9partement de l'Allier.\n84_DTPJJ_Direction territoriale de la protection judiciaire de la jeunesse de l'Auvergne - 03-2026-03-13-00004 - ARRETE TAR AER \nSagess MODIFIE 125\nARTICLE 6 : Le Secr\u00e9taire G\u00e9n\u00e9ral de la Pr\u00e9fecture, le directeur g\u00e9n\u00e9ral des services du D\u00e9partement, leDirecteur G\u00e9n\u00e9ral Adjoint des Solidarit\u00e9s D\u00e9partementales, la Directrice Territoriale de la Protection Judiciairede la Jeunesse Auvergne, le Pr\u00e9sident de l'association SAGESS, sont charg\u00e9s, chacun en ce qui le concerne, del'ex\u00e9cution du pr\u00e9sent arr\u00eat\u00e9.\n1 3 MARS 2026Moulins, le\nLe Pr\u00e9fei de l'AllierPour le Fr\u00e9fet et par d\u00e9l\u00e9gation,Le Secr\u00e9iaire G\u00e9n\u00e9ral,|\nMoulins, le 10/03/2026\nLe Pr\u00e9sident du Conseil d\u00e9partemental,Pour le Pr\u00e9sident du Conseild\u00e9partemental, PaEt par d\u00e9l\u00e9gation, wrLe Directeur G\u00e9n\u00e9ral Adjoint desSolidarit\u00e9s /\n|Fr\u00e9d\u00e9ric TRIVIAUX\n84_DTPJJ_Direction territoriale de la protection judiciaire de la jeunesse de l'Auvergne - 03-2026-03-13-00004 - ARRETE TAR AER \nSagess MODIFIE 126\n84_DTPJJ_Direction territoriale de la protection judiciaire de la jeunesse de l'Auvergne - 03-2026-03-13-00004 - ARRETE TAR AER \nSagess MODIFIE 127\n84_DTPJJ_Direction territoriale de la protection\njudiciaire de la jeunesse de l'Auvergne\n03-2026-03-13-00003\nCORRECTION ARRETE 2026 AER Entraide\n84_DTPJJ_Direction territoriale de la protection judiciaire de la jeunesse de l'Auvergne - 03-2026-03-13-00003 - CORRECTION ARRETE\n2026 AER Entraide 128\nPREFET; ALLIERde AWA BOURBONNAISgoalie' \u0178Fraternit\u00e9 Le D\u00e9partementDirection Territoriale de la Protection Direction G\u00e9n\u00e9rale Adjointe des Solidarit\u00e9sJudiciaire de la Jeunesse Auvergne Direction des Territoires et de l'Offre m\u00e9dico-socialeP\u00e9le de gestion du secteur associatif habilit\u00e9 Service \u00e9quipements sociaux et m\u00e9dico-sociaux1 avenue des Cottages 1 avenue Victor Hugo - BP 166963000 CLERMONT-FERRAND 03016 MOULINS CEDEX\nARRETE CONJOINT n\u00b0\nLe Pr\u00e9fet de I'Allier Le Pr\u00e9sident du Conseil d\u00e9partementalChevalier de l'Ordre National du M\u00e9rite de l'Allier\nVU le Code de la Sant\u00e9 Publique,VU le Code de l'Action Sociale et des Familles,VU le Code G\u00e9n\u00e9ral des Collectivit\u00e9s Territoriales,VU la loi N\u00b02007-293 du 5 mars 2007 r\u00e9formant la protection de l'enfance,VU la loi N\u00b02016-297 du 14 mars 2016 relative \u00e0 la protection de l'enfance,VU le sch\u00e9ma unique des solidarit\u00e9s 2023-2027,VU l'appel \u00e0 projet AAP-2024-01 publi\u00e9 le 17 juin 2024 par le Conseil d\u00e9partemental de l'Allier pour lacr\u00e9ation de 80 mesures d'Action Educative Renforc\u00e9e r\u00e9partie en 3 lots sur les bassins des trois Territoires desSolidarit\u00e9s D\u00e9partementales,VU l'avis de classement propos\u00e9 par la commission d'information et de s\u00e9lection d'appel \u00e0 projet m\u00e9dico-socialpubli\u00e9 en date du 07 f\u00e9vrier 2025 au recueil des actes administratifs du d\u00e9partement de l'Allier pla\u00e7ant lacandidature de l'Association Entraide Union en rang 1 sur le bassin de Vichy pour 28 places,VU l'arr\u00eat\u00e9 de Monsieur le Pr\u00e9sident du Conseil d\u00e9partemental et de Monsieur le Pr\u00e9fet de l'Allier en date du5 mars 2025 portant autorisation de cr\u00e9ation de 28 places d'Action \u00e9ducative Renforc\u00e9e sur le bassin de Vichy,au b\u00e9n\u00e9fice de l'association ENTRAIDE UNION,VU l'arr\u00eat\u00e9 du 22 janvier 2026,Consid\u00e9rant une erreur mat\u00e9rielle dans l'article 2,SUR PROPOSITION de Monsieur le Secr\u00e9taire G\u00e9n\u00e9ral de la Pr\u00e9fecture de l'Allier, de Madame la DirectriceTerritoriale de la Protection Judiciaire de la Jeunesse Auvergne et de Monsieur le Directeur G\u00e9n\u00e9ral Adjoint desSolidarit\u00e9s,\n84_DTPJJ_Direction territoriale de la protection judiciaire de la jeunesse de l'Auvergne - 03-2026-03-13-00003 - CORRECTION ARRETE\n2026 AER Entraide 129\nArticle1\u00ae\"\nArticle2\neeee\nARRETENT\nL'arr\u00eat\u00e9 du 22 janvier 2026 est modifi\u00e9 en ce qui concerne les modalit\u00e9s de versement dela dotation.Le montant de la dotation globale de l'Entraide Union \u00e0 VICHY est fix\u00e9 \u00e0 230 912 \u20ac, autitre de l'ann\u00e9e 2026.Cette dotation globale est vers\u00e9e par douzi\u00e8me le 20 de chaque mois.Les autres articles de l'arr\u00eat\u00e9 du 22 janvier 2026 restent inchang\u00e9s.\nLes recours contentieux dirig\u00e9s contre le pr\u00e9sent arr\u00eat\u00e9 doivent \u00eatre port\u00e9s devant leTribunal Administratif de Lyon, dans le d\u00e9lai d'un mois \u00e0 compter de sa publication ou,pour les personnes auxquelles il sera notifi\u00e9, \u00e0 compter de sa notification.\nLe pr\u00e9sent arr\u00eat\u00e9 sera notifi\u00e9 \u00e0 l'\u00e9tablissement et publi\u00e9 au recueil des actes administratifsde la Pr\u00e9fecture de l'Allier et sur le site internet du D\u00e9partement de l'Allier.Le Secr\u00e9taire G\u00e9n\u00e9ral de la Pr\u00e9fecture, le directeur g\u00e9n\u00e9ral des services du D\u00e9partement, leDirecteur G\u00e9n\u00e9ral Adjoint des Solidarit\u00e9s D\u00e9partementales, la Directrice Territoriale de laProtection Judiciaire de la Jeunesse Auvergne, le Pr\u00e9sident de l'association ENTRAIDEUNION, sont charg\u00e9s, chacun en ce qui le concerne, de l'ex\u00e9cution du pr\u00e9sent arr\u00eat\u00e9.\nMoulins, le\\ +13 MARS 2026 Moulins, le { Q MARS 2026\na\nLe Pr\u00e9fet de I'Allier Le Directeur |G\u00e9n\u00e9ral Adjoint desPour le Pr\u00e9fet et par d\u00e9l\u00e9gation Solidarit\u00e9s du idees\" de l'AllierLe Secr\u00e9taire G\u00e9n\u00e9ral, | ie\nOlivier\nA\n#i\nREL Fr\u00e9d\u00e9ric TRI \u00c0\n84_DTPJJ_Direction territoriale de la protection judiciaire de la jeunesse de l'Auvergne - 03-2026-03-13-00003 - CORRECTION ARRETE\n2026 AER Entraide 130\nDirection Centre Est\n03-2026-03-27-00001\nArr\u00eat\u00e9 2026-N145-GUE-03-10 portant\nr\u00e9glementation temporaire de la circulation sur\nla RN 145 pour la reprise de l'assainissement en\nrive de la RN 145 et sur la bretelle de sortie de\nl'\u00e9changeur n\u00b0 38 \"Ch\u00e2teaugay\" sur le territoire\nde la commune de Dom\u00e9rat\nDirection Centre Est - 03-2026-03-27-00001 - Arr\u00eat\u00e9 2026-N145-GUE-03-10 portant r\u00e9glementation temporaire de la circulation sur la\nRN 145 pour la reprise de l'assainissement en rive de la RN 145 et sur la bretelle de sortie de l'\u00e9changeur n\u00b0 38 \"Ch\u00e2teaugay\" sur le\nterritoire de la commune de Dom\u00e9rat\n131\nMINISTERECHARGEDES TRANSPORTSLibert\u00e9Egalit\u00e9Fraternit\u00e9\nDirection interd\u00e9partementale\ndes routes Centre-Ouest\nPR\u00c9FECTURE DE L'ALLIER\nArr\u00eat\u00e9 n\u00b0   2026  -N145-GUE-03-10  \nportant r\u00e9glementation temporaire de la circulation sur la RN 145 pour la reprise de \nl'assainissement en rive de la RN 145 et sur la bretelle de sortie de l\u00a0'\u00e9changeur n\u00b038 \n\u00ab\u00a0Chateaugay\u00a0\u00bb\nsur le territoire des communes de Domeyrat\n(du PR 12+300 au PR 12+1600)\nVu le Code de la Route\u00a0; \nVu le Code de la voirie routi\u00e8re\u00a0;\nVu l'arr\u00eat\u00e9 du 24 novembre 1967 modifi\u00e9 relatif \u00e0 la signalisation des routes et autoroutes ;\nVu l'Instruction  Interminist\u00e9rielle  sur  la  signalisation  routi\u00e8re  (Livre  1  -  8\u00e8me  Partie  \u2013  Signalisation  \nTemporaire) approuv\u00e9e par arr\u00eat\u00e9 Interminist\u00e9riel du 6 d\u00e9cembre 2011 modifi\u00e9 ;\nVu le d\u00e9cret 2004-374 du 29 avril 2004, modifi\u00e9, relatif aux pouvoirs des Pr\u00e9fets et \u00e0 l'organisation et \u00e0  \nl'action des services de l'\u00c9tat dans les r\u00e9gions et d\u00e9partements\u00a0;\nVu le d\u00e9cret n\u00b0 2006-304  du 16 mars 2006 portant cr\u00e9ation des directions interd\u00e9partementales des  \nroutes, modifi\u00e9 par le d\u00e9cret 2013-1181 du 17 d\u00e9cembre 2013 ;\nVu l'arr\u00eat\u00e9  interminist\u00e9riel  en  date  du  26  mai  2006  portant  constitution  des  directions  \ninterd\u00e9partementales des routes\u00a0;\nVu la note technique du 14 avril 2016 relative \u00e0 la coordination des chantiers sur le r\u00e9seau routier  \nnational\u00a0;\nVu  la note du 29 janvier 2026 relative au calendrier des jours hors chantier pour l'ann\u00e9e 2026\u00a0;\nVu le d\u00e9cret du  08 janvier 2025 portant nomination de M Christophe NOEL DU PAYRAT, Pr\u00e9fet de  \nl'Allier\u00a0;\nVu l'arr\u00eat\u00e9  du  20  novembre  2023  du  Ministre  de  la  Transition  \u00c9cologique  et  de  la  Coh\u00e9sion  des  \nTerritoires nommant M.Philippe FAUCHET, ing\u00e9nieur en chef des ponts, des eaux et des forets, en  \nqualit\u00e9 de directeur interd\u00e9partemental des routes Centre-Ouest, \u00e0 compter du 1er\n d\u00e9cembre 2023 ;\nVu l'arr\u00eat\u00e9 n\u00b0158/2025 du 27 janvier 2025 de la Pr\u00e9fecture de l'Allier, donnant d\u00e9l\u00e9gation de signature \u00e0  \nMonsieur Philippe FAUCHET, Directeur Interd\u00e9partemental des Routes Centre-Ouest ;\nVu l'arr\u00eat\u00e9 n\u00b02025-03-05 en date du 6 novembre 2025 du directeur interd\u00e9partemental des routes  \nCentre-Ouest donnant d\u00e9l\u00e9gation de signature aux agents plac\u00e9s sous son autorit\u00e9\u00a0;\n22, rue des P\u00e9nitents blancs\n87 032 Limoges cedex\nT\u00e9l.\u00a0: 33 (0) 5 87 50 60 00\nT\u00e9l\u00a0: 05 55 41 87 00 \nwww.dirco.info\nM\u00e9l\u00a0: District-Gueret.Dirco@developpement-durable.gouv.fr 1/4\nDirection Centre Est - 03-2026-03-27-00001 - Arr\u00eat\u00e9 2026-N145-GUE-03-10 portant r\u00e9glementation temporaire de la circulation sur la\nRN 145 pour la reprise de l'assainissement en rive de la RN 145 et sur la bretelle de sortie de l'\u00e9changeur n\u00b0 38 \"Ch\u00e2teaugay\" sur le\nterritoire de la commune de Dom\u00e9rat\n132\nVu le dossier d'exploitation sous chantier (DESC) type du 25/10/2022\u00a0;\nVu l'avis favorable de la commune de Dom\u00e9rat en date du 23/03/2026\u00a0;\nVu l'avis r\u00e9put\u00e9 favorable du Conseil D\u00e9partemental de l'Allier\u00a0;\nVu l'avis r\u00e9put\u00e9 favorable de la Communaut\u00e9 d'Agglom\u00e9ration Montlu\u00e7onnaise,\nCONSID\u00c9RANT la r\u00e9fection de l'assainissement en rive de la RN 145 et sur la bretelle de sortie de la RN  \nde l'\u00e9changeur n\u00b038 \u00ab \u00a0Chateaugay\u00a0\u00bb, pour assurer la s\u00e9curit\u00e9 des usagers de la route et du personnel  \nassurant les travaux, il y a lieu de r\u00e9glementer la circulation comme suit,\nSUR PROPOSITION de Madame la responsable du p\u00f4le exploitation du district de Gu\u00e9ret  de la Direction \nInterd\u00e9partementale des Routes Centre-Ouest.\nARR\u00caTE\n***\nARTICLE 1\u00a0:\nA compter du 30/03/2026 et jusqu'au 07/05/2026, \nLa voie de droite de la RN 145 sera neutralis\u00e9e dans le sens Gu\u00e9ret \u2013 Montlu\u00e7on entre les PR 11+500 et  \n12+1800.\nLa vitesse sera limit\u00e9e \u00e0 90 km/h et le d\u00e9passement sera interdit entre les PR 11+090 et 12+1800.\nPendant toute la dur\u00e9e du chantier, la bretelle de sortie de l'\u00e9changeur n\u00b038 \u00ab \u00a0Ch\u00e2teaugay\u00a0\u00bb sera ferm\u00e9e \n\u00e0 la circulation dans le sens Bellac - A71.\nUne d\u00e9viation sera mise en place\u00a0:\nLes usagers d\u00e9sirant sortir de la RN145 au niveau de l'\u00e9changeur n\u00b038 \u00ab\u00a0Ch\u00e2teaugay\u00a0\u00bb dans le sens Bellac - \nA71 sont invit\u00e9s \u00e0 rester sur la RN 145 et \u00e0 sortir \u00e0 l'\u00e9changeur suivant, le n\u00b037 \u00ab\u00a0La loue\u00a0\u00bb. \nIls prendront alors la voie communautaire de liaison et la bretelle d'entr\u00e9e sur la RN 145 en direction de \nBellac et sortiront \u00e0 l'\u00e9changeur n\u00b038 Ch\u00e2teaugay.\nARTICLE 2  \u00a0  :  \nPendant la p\u00e9riode de restriction du pr\u00e9sent arr\u00eat\u00e9, il pourra \u00eatre d\u00e9rog\u00e9 aux principes g\u00e9n\u00e9raux sur  \nl'inter-distance entre deux chantiers cons\u00e9cutifs, de la note technique du 14 avril 2016 relative \u00e0 la  \n22, rue des P\u00e9nitents blancs\n87 032 Limoges cedex\nT\u00e9l.\u00a0: 33 (0) 5 87 50 60 00\nT\u00e9l\u00a0: 05 55 41 87 00 \nwww.dirco.info\nM\u00e9l\u00a0: District-Gueret.Dirco@developpement-durable.gouv.fr 2/4\nDirection Centre Est - 03-2026-03-27-00001 - Arr\u00eat\u00e9 2026-N145-GUE-03-10 portant r\u00e9glementation temporaire de la circulation sur la\nRN 145 pour la reprise de l'assainissement en rive de la RN 145 et sur la bretelle de sortie de l'\u00e9changeur n\u00b0 38 \"Ch\u00e2teaugay\" sur le\nterritoire de la commune de Dom\u00e9rat\n133\ncoordination des chantiers sur le r\u00e9seau routier national en respectant n\u00e9anmoins une distance de 5 km  \nentre les 2 chantiers, notamment pour permettre la poursuite des travaux sur l'A714.\nARTICLE 3  \u00a0  :  \nLa  signalisation  r\u00e9glementaire,  conforme  aux  prescriptions  de  l'Instruction  Interminist\u00e9rielle  sur  la  \nsignalisation temporaire est mise en place, surveill\u00e9e et entretenue par le District de Gu\u00e9ret \u2013 CEI de  \nGouzon/Lamaids.\nARTICLE 4  \u00a0  :  \nToute infraction constat\u00e9e au pr\u00e9sent arr\u00eat\u00e9 est passible de sanction  conform\u00e9ment aux lois et r\u00e8gle -\nments en vigueur.\nARTICLE 5 :\nLe pr\u00e9sent arr\u00eat\u00e9 peut faire l'objet d'un recours contentieux aupr\u00e8s du tribunal administratif comp\u00e9tent  \nde Clermont-Ferrand dans un d\u00e9lai de deux mois \u00e0 compter de sa notification. Le recours doit \u00eatre adres -\ns\u00e9 soit par voie postale au tribunal administratif de Clermont-Ferrand ( 6, cours Sablon CS 90129 - 63033 - \nClermont-Ferrand Cedex 1) soit par voie d\u00e9mat\u00e9rialis\u00e9e par l'application informatique \u00ab T\u00e9l\u00e9recours ci -\ntoyens \u00bb accessible par le lien\u00a0:\nhttp://www.telerecours.fr.\nLe pr\u00e9sent arr\u00eat\u00e9 peut \u00e9galement faire l'objet d'un recours gracieux aupr\u00e8s du Pr\u00e9fet de l'Allier et d'un re-\ncours hi\u00e9rarchique aupr\u00e8s du Ministre de l'Int\u00e9rieur dans les m\u00eames d\u00e9lais.\nLe silence gard\u00e9 par l'autorit\u00e9 administrative durant deux mois vaut d\u00e9cision implicite de rejet\nARTICLE 6  \u00a0  :  \nM. le Directeur Interd\u00e9partemental des Routes Centre-Ouest est charg\u00e9 d'assurer l'ex\u00e9cution du pr\u00e9sent  \narr\u00eat\u00e9 qui sera publi\u00e9 au Recueil des Actes Administratifs et sur le site Internet de la DIRCO, affich\u00e9 aux  \nabords du chantier et disponible dans les v\u00e9hicules et dont ampliation sera adress\u00e9e\u00a0:\n\u2013 au Colonel commandant le Groupement de gendarmerie D\u00e9partementale de l'Allier,\n\u2013 \u00e0 M. le Commissaire de Police, chef de la circonscription de s\u00e9curit\u00e9 publique de Montlu\u00e7on,\n\u2013 au district de Gu\u00e9ret\u00a0concern\u00e9 par les travaux,\ncharg\u00e9s, chacun en ce qui le concerne, d'en assurer l'ex\u00e9cution,\net pour information \u00e0\u00a0:\n\u2013 la pr\u00e9fecture de l'Allier,\n\u2013 M le Pr\u00e9sident du Conseil D\u00e9partemental de l'Allier,\n\u2013 M Le Directeur D\u00e9partemental des Territoires de l'Allier,\n\u2013 M. le Pr\u00e9sident de la Communaut\u00e9 d'Agglom\u00e9ration Montlu\u00e7onnaise,\n\u2013 Monsieur le Maire de la commune de Dom\u00e9rat,\n22, rue des P\u00e9nitents blancs\n87 032 Limoges cedex\nT\u00e9l.\u00a0: 33 (0) 5 87 50 60 00\nT\u00e9l\u00a0: 05 55 41 87 00 \nwww.dirco.info\nM\u00e9l\u00a0: District-Gueret.Dirco@developpement-durable.gouv.fr 3/4\nDirection Centre Est - 03-2026-03-27-00001 - Arr\u00eat\u00e9 2026-N145-GUE-03-10 portant r\u00e9glementation temporaire de la circulation sur la\nRN 145 pour la reprise de l'assainissement en rive de la RN 145 et sur la bretelle de sortie de l'\u00e9changeur n\u00b0 38 \"Ch\u00e2teaugay\" sur le\nterritoire de la commune de Dom\u00e9rat\n134\n\u2013 APRR,\n\u2013 Syndicat des Transporteurs Routiers d'Auvergne-Rh\u00f4ne-Alpes,\n\u2013 S.D.I.S. de l'Allier,\n\u2013 S.A.M.U. 03,\n\u2013 CIGT\n\u00c0 Gu\u00e9ret ,\nLE PR\u00c9FET DE L'ALLIER,\nP/LE PR\u00c9FET DE L'ALLIER, ET PAR D\u00c9L\u00c9GATION,\nLe Directeur Interd\u00e9partemental des Routes Centre Ouest,\net par subd\u00e9l\u00e9gation le chef du district de Gu\u00e9ret\nJ\u00e9r\u00f4me BOISSIER\n22, rue des P\u00e9nitents blancs\n87 032 Limoges cedex\nT\u00e9l.\u00a0: 33 (0) 5 87 50 60 00\nT\u00e9l\u00a0: 05 55 41 87 00 \nwww.dirco.info\nM\u00e9l\u00a0: District-Gueret.Dirco@developpement-durable.gouv.fr 4/4\nDirection Centre Est - 03-2026-03-27-00001 - Arr\u00eat\u00e9 2026-N145-GUE-03-10 portant r\u00e9glementation temporaire de la circulation sur la\nRN 145 pour la reprise de l'assainissement en rive de la RN 145 et sur la bretelle de sortie de l'\u00e9changeur n\u00b0 38 \"Ch\u00e2teaugay\" sur le\nterritoire de la commune de Dom\u00e9rat\n135","date":"2026-04-01","first_seen_on":"2026-04-01T16:04:46+00:00","id":"b98d871bb11c084c63012e0b55fed00637ebd1a71b7f046e559e4b7ef896195e","name":"recueil \u00e9dit\u00e9 le 1er avril 2026","pdf_creation_date":"2026-04-01T00:00:49+00:00","pdf_modification_date":null,"timezone":"Europe/Paris","url":"https://www.allier.gouv.fr/contenu/telechargement/19829/135133/file/recueil-03-2026-067-recueil-des-actes-administratifs.pdf"}
