{"administration":"pref80","administration_name":"Pr\u00e9fecture de la Somme","content":"PR\u00c9FET\nDE LA SOMME\nRECUEIL DES ACTES\nADMINISTRATIFS\nN\u00b02024-120\nPUBLI\u00c9 LE 26 JUIN 2024\nSommaire\nDirection des Services D\u00e9partementaux de l'Education Nationale /\n80-2024-06-24-00003 - Arr\u00eat\u00e9 de d\u00e9l\u00e9gation de signature de M. PAGATELE\n(2 pages) Page 3\nPr\u00e9fecture de la Somme - Direction de la Citoyennet\u00e9 et de la L\u00e9galit\u00e9 /\nDirection de la Citoyennet\u00e9 et de la L\u00e9galit\u00e9\n80-2024-06-25-00002 - AP instituant la commission de contr\u00f4le des\nop\u00e9rations de vote dans la commune d'Abbeville \u00e0 l'occasion des \u00e9lections\nl\u00e9gislatives des 30 juin et 7 juillet 2024 (2 pages) Page 6\n80-2024-06-25-00003 - AP instituant la commission de contr\u00f4le des\nop\u00e9rations de vote dans la commune d'Amiens \u00e0 l'occasion des \u00e9lections\nl\u00e9gislatives des 30 juin et 7 juillet 2024 (2 pages) Page 9\n80-2024-06-25-00004 - AP instituant la commission de recensement des\nvotes \u00e0 l'occasion des \u00e9lections l\u00e9gislatives des 30 juin et 7 juillet 2024 (2\npages) Page 12\n2\nDirection des Services D\u00e9partementaux de\nl'Education Nationale\n80-2024-06-24-00003\nArr\u00eat\u00e9 de d\u00e9l\u00e9gation de signature de M.\nPAGATELE\nDirection des Services D\u00e9partementaux de l'Education Nationale - 80-2024-06-24-00003 - Arr\u00eat\u00e9 de d\u00e9l\u00e9gation de signature de M.\nPAGATELE 3\nAC  AD  E MIE  Direction  des services  d\u00e9partementaux\nde l'\u00e9ducation  nationale\nD'AMIENS  de la Somme\nLibert\u00e9\n\u00c9galit\u00e9\nFraternit\u00e9\nARR\u00caT\u00c9\nArr\u00eat\u00e9  portant  subd\u00e9l\u00e9gation  de signature  sur le champ  de comp\u00e9tence  relevant  de la d\u00e9l\u00e9gation\nr\u00e9gionale  acad\u00e9mique  des  services  d\u00e9partementaux  \u00e0 la jeunesse,  \u00e0 l'engagement  et aux  sports\n(DRAJES)\nL'Inspecteur  d'Acad\u00e9mie  \u2014 Directeur  Acad\u00e9mique\ndes Services  de l'\u00c9ducation  nationale  de la Somme\nVU le Code  de |'Education  ;\nVU le code  du sport  ;\nVU le code  de l'action  sociale  et des  familles  ;\nVU le code  du service  national  ;\nVU la loi n\u00b092-125  du 6 f\u00e9vrier  1992  modifi\u00e9e  relative  a l'administration  territoriale  de la R\u00e9publique  ;\nVU le d\u00e9cret  n\u00b02004-374  du 29 avril  2004  modifi\u00e9  relatif  aux pouvoirs  des pr\u00e9fets,  \u00e0 l'organisation  et \u00e0 l'action  des\nservices  de l'Etat  dans  les r\u00e9gions  et les d\u00e9partements  ;\nVU le d\u00e9cret  n\u00b02015-510  du 7 mai  2005  modifi\u00e9  portant  charte  de d\u00e9concentration  ;\nVU le d\u00e9cret  n\u00b02020-1542  du 9 d\u00e9cembre  2020  relatif  aux  comp\u00e9tences  des autorit\u00e9s  acad\u00e9miques  dans  le domaine\ndes politiques  de la jeunesse,  de l'\u00e9ducation  populaire,  de la vie associative,  de l'engagement  civique  et des sports  et \u00e0\nl'organisation  des  services  charg\u00e9s  de leur  mise  en \u0153uvre  ;\nVU le d\u00e9cret  du 7 novembre  2019  portant  nomination  de Monsieur  Gilles  NEUVIALE  en qualit\u00e9  d'inspecteur\nd'acad\u00e9mie,  directeur  acad\u00e9mique  des services  de l'\u00c9ducation  nationale  de la Somme,\nVU l'arr\u00eat\u00e9  n\u00b02020-019  du 17 d\u00e9cembre  2020  portant  sur la cr\u00e9ation  d'un  service  r\u00e9gional  intitul\u00e9  d\u00e9l\u00e9gation  r\u00e9gionale\nacad\u00e9mique  \u00e0 la jeunesse,  \u00e0 l'engagement  et aux  sports  (DRAJES)  et de cing  services  d\u00e9partementaux,  intitul\u00e9s  service\nd\u00e9partemental  \u00e0 la jeunesse,  \u00e0 l'engagement  et aux sports  (SDJES)  ;\nVU le protocole  national  du 15 d\u00e9cembre  2020  entre  le ministre  de l'int\u00e9rieur  et le ministre  de l'Education  nationale,  de\nla jeunesse  et des  sports  ;\nVU l'arr\u00eat\u00e9  n\u00b02021-003  de la rectrice  de r\u00e9gion  acad\u00e9mique  portant  d\u00e9l\u00e9gation  de signature  sur le champ  de\ncomp\u00e9tence  de la d\u00e9l\u00e9gation  r\u00e9gionale  acad\u00e9mique  des  services  d\u00e9partementaux  \u00e0 la jeunesse,  \u00e0 l'engagement  et aux\nsports  (DRAJES)  pour  la r\u00e9gion  Hauts-de-France  ;\nVU l'arr\u00eat\u00e9  rectoral  du 5 f\u00e9vrier  2021  portant  subd\u00e9l\u00e9gation  de signature  sur le champ  de comp\u00e9tences  relevant  de la\nd\u00e9l\u00e9gation  r\u00e9gionale  acad\u00e9mique  des services  d\u00e9partementaux  \u00e0 la jeunesse,  \u00e0 l'engagement  et aux  sports  (DRAJES)  ;\nDirection des Services D\u00e9partementaux de l'Education Nationale - 80-2024-06-24-00003 - Arr\u00eat\u00e9 de d\u00e9l\u00e9gation de signature de M.\nPAGATELE 4\nVU l'arr\u00eat\u00e9  minist\u00e9riel  du 25 avril  2024  portant  nomination  de Monsieur  Patrick  PAGATELE  en qualit\u00e9  de conseiller  de\ndirecteur  acad\u00e9mique  des services  de l'\u00e9ducation  nationale  en mati\u00e8re  de jeunesse,  d'engagement  et de sports  ;\nARRETE\nArticle  1:\nD\u00e9l\u00e9gation  de signature  est donn\u00e9e  \u00e0 Monsieur  Patrick  PAGATELE,  conseiller  de directeur  acad\u00e9mique  des  services  de\nl'\u00e9ducation  nationale,  cheffe  du service  d\u00e9partemental  a la jeunesse,  \u00e0 l'engagement  et aux  sports  (SDJES)  de la\nSomme,  \u00e0 effet  de signer  les actes  et correspondances  dans  les domaines  suivants  :\n- La certification  des  dipl\u00f4mes  de l'animation\n- Les agr\u00e9ments  jeunesse  et \u00e9ducation  populaire  au niveau  d\u00e9partemental\n- La gestion  du service  national  universel  et sa r\u00e9serve\n- Les FONJEP  BOP  163\n- L'acc\u00e8s  des  jeunes  \u00e0 l'information\n- La qualit\u00e9  \u00e9ducative  dans  les accueils  collectifs  des  mineurs.\nArticle  2 :\nLa Secr\u00e9taire  G\u00e9n\u00e9rale  de la Direction  des services  d\u00e9partementaux  de l'\u00e9ducation  nationale  de la Somme  est charg\u00e9e\nde l'ex\u00e9cution  de pr\u00e9sent  arr\u00eat\u00e9  qui sera  publi\u00e9  au Recueil  des Actes  Administratifs  du D\u00e9partement.\nFait  \u00e0 Amiens,  le 24 juin  2024\nGilles  NEUVIALE\nInspecteur  d'acad\u00e9mie  - DASEN\nDirection des Services D\u00e9partementaux de l'Education Nationale - 80-2024-06-24-00003 - Arr\u00eat\u00e9 de d\u00e9l\u00e9gation de signature de M.\nPAGATELE 5\nPr\u00e9fecture de la Somme - Direction de la\nCitoyennet\u00e9 et de la L\u00e9galit\u00e9\n80-2024-06-25-00002\nAP instituant la commission de contr\u00f4le des\nop\u00e9rations de vote dans la commune d'Abbeville\n\u00e0 l'occasion des \u00e9lections l\u00e9gislatives des 30 juin\net 7 juillet 2024\nPr\u00e9fecture de la Somme - Direction de la Citoyennet\u00e9 et de la L\u00e9galit\u00e9 - 80-2024-06-25-00002 - AP instituant la commission de\ncontr\u00f4le des op\u00e9rations de vote dans la commune d'Abbeville \u00e0 l'occasion des \u00e9lections l\u00e9gislatives des 30 juin et 7 juillet 2024 6\nPREFET  Secr\u00e9tariat  g\u00e9n\u00e9ral\nDE LA SOMME  Direction  de la citoyennet\u00e9  et de la l\u00e9galit\u00e9\npers Bureau  des \u00e9lections  et de la r\u00e9glementation  g\u00e9n\u00e9rale\nFraternit\u00e9\nARR\u00caT\u00c9\ninstituant  la commission  de contr\u00f4le  des  op\u00e9rations  de vote  dans  la commune\nd'Abbeville  \u00e0 l'occasion  des  \u00e9lections  l\u00e9gislatives  des  30 juin  et 7 juillet  2024\nLE PR\u00c9FET  DE LA SOMME\nCHEVALIER  DE LA L\u00c9GION  D'HONNEUR\nVu le code  \u00e9lectoral,  et notamment  les articles  L. 85-1  et R. 93-1  aR.  93-3;\nVu le d\u00e9cret  n\u00b02004-374  du 29 avril  2004  modifi\u00e9  relatif  aux  pouvoirs  des  pr\u00e9fets,  \u00e0 l'organisation  et a\nl'action  des  services  de l'\u00c9tat  dans  les r\u00e9gions  et d\u00e9partements  ;\nVu le d\u00e9cret  du 13 juillet  2023  portant  nomination  du pr\u00e9fet  de la Somme,  M. Rollon  MOUCHEL-\nBLAISOT  a compter  du 24 juillet  2023  ;\nVu le d\u00e9cret  du 21 juillet  2023  portant  nomination  de M. Emmanuel  MOULARD,  sous-pr\u00e9fet  hors  classe,\nsecr\u00e9taire  g\u00e9n\u00e9ral  de la pr\u00e9fecture  de la Somme  ;\nVu le d\u00e9cret  n\u00b0 2024-527  du 9 juin  2024  portant  convocation  des  \u00e9lecteurs  pour  l'\u00e9lection  des d\u00e9put\u00e9s\n\u00e0 l'Assembl\u00e9e  nationale  ;\nVu l'arr\u00eat\u00e9  pr\u00e9fectoral  du 15 janvier  2024  portant  d\u00e9l\u00e9gation  de signature  principale  \u00e0 M. Emmanuel\nMOULARD,  secr\u00e9taire  g\u00e9n\u00e9ral  de la pr\u00e9fecture  de la Somme  ;\nVu l'ordonnance  du 24 juin  2024  de la Premi\u00e8re  Pr\u00e9sidente  de la Cour  d'Appel  d'Amiens  ;\nSur proposition  du secr\u00e9taire  g\u00e9n\u00e9ral  de la pr\u00e9fecture  de la Somme  :\nARR\u00caTE\nArticle  ter. - \u00c0 l'occasion  des \u00e9lections  l\u00e9gislatives  des 30 juin  et 7 juillet  2024,  il est institu\u00e9  dans  la\ncommune  d'Abbeville  une  commission  de contr\u00f4le  des  op\u00e9rations  de vote.  ;\nArticle  2. - Cette  commission  est compos\u00e9e  comme  suit  :\nScrutin  du 30 juin  2024  :\nMadame  S\u00e9verine  ALLAIN,  juge  des  contentieux  de la protection  au tribunal  de proximit\u00e9  d'Abbeville,\nmembre  titulaire,  pr\u00e9sidente  ;\nMadame  Marine  BIZOT,  juge  au tribunal  de proximit\u00e9  d'Abbeville,  membre  suppl\u00e9ant  ;\nMa\u00eetre  Pierre  VAN  MARIS,  avocat  au barreau  d'Amiens,  membre  titulaire  ;\nMadame  S\u00e9r\u00e8ne  MEDRANO,  batonni\u00e9re  au barreau  d'Amiens,  membre  suppl\u00e9ant  ;\nMonsieur  Florian  MELLINGER,  secr\u00e9taire  g\u00e9n\u00e9ral  de la sous-pr\u00e9fecture  d'Abbeville,  secr\u00e9taire.\nPr\u00e9fecture de la Somme - Direction de la Citoyennet\u00e9 et de la L\u00e9galit\u00e9 - 80-2024-06-25-00002 - AP instituant la commission de\ncontr\u00f4le des op\u00e9rations de vote dans la commune d'Abbeville \u00e0 l'occasion des \u00e9lections l\u00e9gislatives des 30 juin et 7 juillet 2024 7\nScrutin  du 7 juillet  2024  :\nMadame  Isabelle  RAMEAU,  vice-pr\u00e9sidente  charg\u00e9e  des  fonctions  de juges  des  contentieux  de la\nprotection  \u00e0 la chambre  de proximit\u00e9  d'Amiens,  membre  titulaire,  pr\u00e9sidente  ;\nMadame  Shaenaz  BELMON,  vice-pr\u00e9sidente  au tribunal  judiciaire  d'Amiens,  membre  suppl\u00e9ant  ;\nMa\u00eetre  Pierre  VAN  MARIS,  avocat  au barreau  d'Amiens,  membre  titulaire  ;\nMadame  S\u00e9r\u00e8ne  MEDRANO,  batonni\u00e9re  au barreau  d'Amiens,  membre  suppl\u00e9ant  ;\nMonsieur  Florian  MELLINGER,  secr\u00e9taire  g\u00e9n\u00e9ral  de la sous-pr\u00e9fecture  d'Abbeville,  secr\u00e9taire.\nArticle  3. - La commission  \u00e0 son  si\u00e8ge  au Palais  de Justice  d'Abbeville.\nArticle  4. - La commission  est charg\u00e9e  de veiller  \u00e0 la r\u00e9gularit\u00e9  de la composition  des  bureaux  de vote\nainsi  qu'\u00e0  celle  des  op\u00e9rations  de vote,  de d\u00e9pouillement  des  bulletins  et de d\u00e9nombrement  des\nsuffrages  et de garantir  aux  \u00e9lecteurs  ainsi  qu'aux  candidats  en pr\u00e9sence  le libre  exercice  de leurs  droits.\nArticle  5. - La commission  peut  s'adjoindre  des  d\u00e9l\u00e9gu\u00e9s  choisis  parmi  les \u00e9lecteurs  du d\u00e9partement.\nLa pr\u00e9sidente,  les membres  et les d\u00e9l\u00e9gu\u00e9s  , proc\u00e8dent  \u00e0 tous  les contr\u00f4les  et v\u00e9rifications  utiles.  Ils ont\nacc\u00e8s  \u00e0 tout  moment  aux  bureaux  de vote  et peuvent  exiger  l'inscription  de toutes  observations  au\nproc\u00e8s-verbal,  soit  avant  la proclamation  des  r\u00e9sultats  du scrutin,  soit  apr\u00e8s.\nLe maire  et les pr\u00e9sidents  de bureau  de vote  sont  tenus  de fournir  tous  renseignements  et de\ncommuniquer  tous  les documents  n\u00e9cessaires  \u00e0 l'exercice  de cette  mission.\nArticle  6. - A l'issue  du scrutin,  la commission  dresse,  s'il y a lieu,  un rapport  qui est adress\u00e9  \u00e0 la\npr\u00e9fecture  et joint  au proc\u00e8s-verbal  des  op\u00e9rations  de vote.\nArticle  7. - Le secr\u00e9taire  g\u00e9n\u00e9ral  de la pr\u00e9fecture  de la Somme  ainsi  que  les pr\u00e9sidentes  de la\ncommission  sont  charg\u00e9s,  chacun  en ce qui le concerne,  de l'ex\u00e9cution  du pr\u00e9sent  arr\u00eat\u00e9  qui sera  notifi\u00e9\nau maire  d'Abbeville  et publi\u00e9  au recueil  des  actes  administratifs  de la pr\u00e9fecture  de la Somme.\nAmiens,  le 25 JUIN  2024\nPour  le pr\u00e9fet  et par  d\u00e9l\u00e9gation,\nLe secr\u00e9taire  g\u00e9n\u00e9ral,\n(\nEmmanuel  MOULARD\nPr\u00e9fecture de la Somme - Direction de la Citoyennet\u00e9 et de la L\u00e9galit\u00e9 - 80-2024-06-25-00002 - AP instituant la commission de\ncontr\u00f4le des op\u00e9rations de vote dans la commune d'Abbeville \u00e0 l'occasion des \u00e9lections l\u00e9gislatives des 30 juin et 7 juillet 2024 8\nPr\u00e9fecture de la Somme - Direction de la\nCitoyennet\u00e9 et de la L\u00e9galit\u00e9\n80-2024-06-25-00003\nAP instituant la commission de contr\u00f4le des\nop\u00e9rations de vote dans la commune d'Amiens \u00e0\nl'occasion des \u00e9lections l\u00e9gislatives des 30 juin et\n7 juillet 2024\nPr\u00e9fecture de la Somme - Direction de la Citoyennet\u00e9 et de la L\u00e9galit\u00e9 - 80-2024-06-25-00003 - AP instituant la commission de\ncontr\u00f4le des op\u00e9rations de vote dans la commune d'Amiens \u00e0 l'occasion des \u00e9lections l\u00e9gislatives des 30 juin et 7 juillet 2024 9\nPREFET  Secr\u00e9tariat  g\u00e9n\u00e9ral\nDE LA SOMME  Direction  de la citoyennet\u00e9  et de la l\u00e9galit\u00e9\npt  Bureau  des  \u00e9lections  et de la r\u00e9glementation  g\u00e9n\u00e9rale\nFraternit\u00e9\nARR\u00caT\u00c9\ninstituant  la commission  de contr\u00f4le  des  op\u00e9rations  de vote  dans  la commune\nd'Amiens  \u00e0 l'occasion  des  \u00e9lections  l\u00e9gislatives  des  30 juin  et 7 juillet  2024\nLE PR\u00c9FET  DE LA SOMME\nCHEVALIER  DE LA L\u00c9GION  D'HONNEUR\nVu le code  \u00e9lectoral,  et notamment  les articles  L. 85-1  et R. 93-1  \u00e0 R. 93-3  ;\nVu le d\u00e9cret  n\u00b02004-374  du 29 avril  2004  modifi\u00e9  relatif  aux  pouvoirs  des  pr\u00e9fets,  \u00e0 l'organisation  et \u00e0\nl'action  des  services  de l'\u00c9tat  dans  les r\u00e9gions  et d\u00e9partements  ;\nVu le d\u00e9cret  du 13 juillet  2023  portant  nomination  du pr\u00e9fet  de la Somme,  M. Rollon  MOUCHEL-\nBLAISOT  \u00e0 compter  du 24 juillet  2023  ;\nVu le d\u00e9cret  du 21 juillet  2023  portant  nomination  de M. Emmanuel  MOULARD,  sous-pr\u00e9fet  hors  classe,\nsecr\u00e9taire  g\u00e9n\u00e9ral  de la pr\u00e9fecture  de la Somme;\nVu le d\u00e9cret  n\u00b0 2024-527  du 9 juin  2024  portant  convocation  des  \u00e9lecteurs  pour  l'\u00e9lection  des  d\u00e9put\u00e9s\n\u00e0 l'Assembl\u00e9e  nationale  ;\nVu l'arr\u00eat\u00e9  pr\u00e9fectoral  du 15 janvier  2024  portant  d\u00e9l\u00e9gation  de signature  principale  \u00e0 M. Emmanuel\nMOULARD,  secr\u00e9taire  g\u00e9n\u00e9ral  de la pr\u00e9fecture  de la Somme  ;\nVu l'ordonnance  du 24 juin  2024  de la Premi\u00e8re  Pr\u00e9sidente  de la Cour  d'Appel  d'Amiens  ;\nSur  proposition  du secr\u00e9taire  g\u00e9n\u00e9ral  de la pr\u00e9fecture  de la Somme  :\nARR\u00caTE\nArticle  1er. - \u00c0 l'occasion  des \u00e9lections  l\u00e9gislatives  des 30 juin  et 7 juillet  2024,  il est institu\u00e9  dans  la\ncommune  d'Amiens  une  commission  de contr\u00f4le  des  op\u00e9rations  de vote.\nArticle  2. - Cette  commission  est compos\u00e9e  comme  suit  :\nScrutin  du 30 juin  2024  :\nMonsieur  Emeric  VELLIET  DHOTEL,  vice-pr\u00e9sident  au tribunal  judiciaire  d'Amiens,  membre  titulaire,\npr\u00e9sident  ;\nMadame  Chlo\u00e9  DUFRESNE,  juge  d'instruction  au tribunal  judiciaire  d'Amiens,  membre  suppl\u00e9ant,\nMa\u00eetre  Anne  DESMAREST,  avocate  au barreau  d'Amiens,  membre  titulaire  ;\nMadame  S\u00e9r\u00e8ne  MEDRANO,  b\u00e2tonni\u00e8re  au barreau  d'Amiens,  membre  suppl\u00e9ant  ;\nMonsieur  S\u00e9bastien  DUCAMP,  chef  du bureau  de la s\u00e9curit\u00e9  int\u00e9rieure  \u00e0 la pr\u00e9fecture  de la Somme,\nsecr\u00e9taire.\nPr\u00e9fecture de la Somme - Direction de la Citoyennet\u00e9 et de la L\u00e9galit\u00e9 - 80-2024-06-25-00003 - AP instituant la commission de\ncontr\u00f4le des op\u00e9rations de vote dans la commune d'Amiens \u00e0 l'occasion des \u00e9lections l\u00e9gislatives des 30 juin et 7 juillet 2024 10\nScrutin  du 7 juillet  2024  :\nMadame  Manon  FRANCILLOUT,  juge  des enfants  au tribunal  judiciaire  d'Amiens,  membre  titulaire,\npr\u00e9sidente  ; |\nMadame  Nawelle  POISSON,  juge  des enfants  au tribunal  judiciaire  d'Amiens,  membre  suppl\u00e9ant  ;\nMa\u00eetre  Eric  POILLY,  avocat  au barreau  d'Amiens,  membre  titulaire  ;\nMadame  S\u00e9r\u00e8ne  MEDRANO,  batonni\u00e9re  au barreau  d'Amiens,  membre  suppl\u00e9ant  ;\nMonsieur  S\u00e9bastien  DUCAMP,  chef  du bureau  de la s\u00e9curit\u00e9  int\u00e9rieure  \u00e0 la pr\u00e9fecture  de la Somme,\nsecr\u00e9taire.\nArticle  3. - La commission  \u00e0 son  si\u00e8ge  au Palais  de Justice  d'Amiens.\nArticle  4. - La commission  est charg\u00e9e  de veiller  \u00e0 la r\u00e9gularit\u00e9  de la composition  des bureaux  de vote\nainsi  qu'\u00e0  celle  des op\u00e9rations  de vote,  de d\u00e9pouillement  des bulletins  et de d\u00e9nombrement  des\nsuffrages  et de garantir  aux \u00e9lecteurs  ainsi  qu'aux  candidats  en pr\u00e9sence  le libre  exercice  de leurs  droits.\nArticle  5. - La commission  peut  s'adjoindre  des  d\u00e9l\u00e9gu\u00e9s  choisis  parmi  les \u00e9lecteurs  du d\u00e9partement.\nLe pr\u00e9sident,  les membres  et les d\u00e9l\u00e9gu\u00e9s  , proc\u00e8dent  \u00e0 tous  les contr\u00f4les  et v\u00e9rifications  utiles.  Ils ont\nacc\u00e8s  \u00e0 tout  moment  aux bureaux  de vote  et peuvent  exiger  l'inscription  de toutes  observations  au\nproc\u00e8s-verbal,  soit  avant  la proclamation  des  r\u00e9sultats  du scrutin,  soit  apr\u00e8s.\nLe maire  et les pr\u00e9sidents  de bureau  de vote  sont  tenus  de fournir  tous  renseignements  et de\ncommuniquer  tous  les documents  n\u00e9cessaires  \u00e0 l'exercice  de cette  mission.  |\nArticle  6. - A l'issue  du scrutin,  la commission  dresse,  s'il y a lieu,  un rapport  qui est adress\u00e9  a la\npr\u00e9fecture  et joint  au proc\u00e8s-verbal  des  op\u00e9rations  de vote.\nArticle  7. - Le secr\u00e9taire  g\u00e9n\u00e9ral  de la pr\u00e9fecture  de la Somme  ainsi  que  les pr\u00e9sidents  de la commission\nsont  charg\u00e9s,  chacun  en ce qui le concerne,  de l'ex\u00e9cution  du pr\u00e9sent  arr\u00eat\u00e9  qui sera  notifi\u00e9  au maire\nd'Amiens  et publi\u00e9  au recueil  des  actes  administratifs  de la pr\u00e9fecture  de la Somme.\nAmiens,  le 2 5 JUIN 2024\nPour  le pr\u00e9fet  ftipar  d\u00e9l\u00e9gation,\nLe secr\u00e9taife  g\u00e9n\u00e9ral,\nRE\nEmmanuel  MOULARD\nPr\u00e9fecture de la Somme - Direction de la Citoyennet\u00e9 et de la L\u00e9galit\u00e9 - 80-2024-06-25-00003 - AP instituant la commission de\ncontr\u00f4le des op\u00e9rations de vote dans la commune d'Amiens \u00e0 l'occasion des \u00e9lections l\u00e9gislatives des 30 juin et 7 juillet 2024 11\nPr\u00e9fecture de la Somme - Direction de la\nCitoyennet\u00e9 et de la L\u00e9galit\u00e9\n80-2024-06-25-00004\nAP instituant la commission de recensement des\nvotes \u00e0 l'occasion des \u00e9lections l\u00e9gislatives des\n30 juin et 7 juillet 2024\nPr\u00e9fecture de la Somme - Direction de la Citoyennet\u00e9 et de la L\u00e9galit\u00e9 - 80-2024-06-25-00004 - AP instituant la commission de\nrecensement des votes \u00e0 l'occasion des \u00e9lections l\u00e9gislatives des 30 juin et 7 juillet 2024 12\nPREFET  Secr\u00e9tariat  g\u00e9n\u00e9ral\nDE LA SOMME  Direction  de la citoyennet\u00e9  et de la l\u00e9galit\u00e9\npa  Bureau  des  \u00e9lections  et de la r\u00e9glementation  g\u00e9n\u00e9rale\nFraternit\u00e9\nARR\u00caT\u00c9\ninstituant  la commission  de recensement  des  votes  \u00e0 l'occasion  des  \u00e9lections\nl\u00e9gislatives  des  30 juin  et 7 juillet  2024\nLE PR\u00c9FET  DE LA SOMME\nCHEVALIER  DE LA L\u00c9GION  D'HONNEUR\nVu le code  \u00e9lectoral,  et notamment  ses articles  L. 175  et R. 107  \u00e0 R.109  ;\nVu le d\u00e9cret  n\u00b02004-374  du 29 avril  2004  modifi\u00e9  relatif  aux  pouvoirs  des  pr\u00e9fets,  \u00e0 l'organisation  et \u00e0\nl'action  des  services  de l'\u00c9tat  dans  les r\u00e9gions  et d\u00e9partements  ;\nVu le d\u00e9cret  du 13 juillet  2023  portant  nomination  du pr\u00e9fet  de la Somme,  M. Rollon  MOUCHEL-\nBLAISOT  \u00e0 compter  du 24 juillet  2023  ;\nVu le d\u00e9cret  du 21 juillet  2023  portant  nomination  de M. Emmanuel  MOULARD,  sous-pr\u00e9fet  hors  classe,\nsecr\u00e9taire  g\u00e9n\u00e9ral  de la pr\u00e9fecture  de la Somme;\nVu le d\u00e9cret  n\u00b0 2024-527  du 9 juin  2024  portant  convocation  des  \u00e9lecteurs  pour  l'\u00e9lection  des  d\u00e9put\u00e9s\n\u00e0 l'Assembl\u00e9e  nationale  ;\nVu l'arr\u00eat\u00e9  pr\u00e9fectoral  du 15 janvier  2024  portant  d\u00e9l\u00e9gation  de signature  principale  \u00e0 M. Emmanuel\nMOULARD,  secr\u00e9taire  g\u00e9n\u00e9ral  de la pr\u00e9fecture  de la Somme  ;\nVu l'ordonnance  du 24 juin 2024  de la Premi\u00e8re  Pr\u00e9sidente  de la Cour  d'Appel  d'Amiens,  d\u00e9signant  les\nmagistrats  appel\u00e9s  \u00e0 pr\u00e9sider  la commission  locale  de recensement  des  votes  des  1\u00b0 et 8 juillet  2024  ;\nSur proposition  du secr\u00e9taire  g\u00e9n\u00e9ral  de la pr\u00e9fecture  de la Somme  :\nARR\u00caTE\nArticle  1er. - \u00c0 l'occasion  des \u00e9lections  l\u00e9gislatives  qui se d\u00e9rouleront  les 30 juin  et 7 juillet  2024,  il est\ninstitu\u00e9  une  commission  de recensement  des  votes  dans  le d\u00e9partement  de la Somme  ;\nArticle  2.-  Cette  commission  est compos\u00e9e  de la fa\u00e7on  suivante  :\nScrutin  du 30 juin  2024  :\nMadame  L\u00e9a GOIDIN,  juge  de l'application  des  peines  au tribunal  judiciaire  d'Amiens,  membre  titulaire,\npr\u00e9sidente,\nMadame  Alice  MAHIEU,  juge  au tribunal  judiciaire  d'Amiens,  membre  suppl\u00e9ant,\nMadame  France  FONGUEUSE,  conseill\u00e8re  d\u00e9partementale,  membre  titulaire,\nMadame  Sabine  CARTON,  conseill\u00e8re  d\u00e9partementale,  membre  suppl\u00e9ant,\nMonsieur  Nicolas  GRENIER,  directeur  de la citoyennet\u00e9  et de la l\u00e9galit\u00e9,  membre  titulaire,\nMadame  C\u00e9lia  CADET,  cheffe  du bureau  des \u00e9lections  et de la r\u00e9glementation  g\u00e9n\u00e9rale,  membre\nsuppl\u00e9ant.\nPr\u00e9fecture de la Somme - Direction de la Citoyennet\u00e9 et de la L\u00e9galit\u00e9 - 80-2024-06-25-00004 - AP instituant la commission de\nrecensement des votes \u00e0 l'occasion des \u00e9lections l\u00e9gislatives des 30 juin et 7 juillet 2024 13\nScrutin  du 7 juillet  2024  :\nMonsieur  Eric  BRAMAT,  pr\u00e9sident  du tribunal  judiciaire  d'Amiens,  membre  titulaire,  pr\u00e9sident,\nMadame  Ma\u00e9lle  BOUTTIN,  juge  au tribunal  judiciaire  d'Amiens,  membre  suppl\u00e9ant,\nMadame  Sabine  CARTON,  conseill\u00e8re  d\u00e9partementale,  membre  titulaire,\nMadame  France  FONGUEUSE,  conseill\u00e9re  d\u00e9partementale,  membre  suppl\u00e9ante,\nMonsieur  Nicolas  GRENIER,  directeur  de la citoyennet\u00e9  et de la l\u00e9galit\u00e9,  membre  titulaire,\nMadame  C\u00e9lia  CADET,  cheffe  du bureau  des  \u00e9lections  et de la r\u00e9glementation  g\u00e9n\u00e9rale,  membre\nsuppl\u00e9ant.  |\nArticle  3. - Cette  commission  effectuera  ses travaux  dans  une  salle  de la pr\u00e9fecture  de la Somme  situ\u00e9e\nau 51 rue de la R\u00e9publique  a Amiens  \u00e0 partir  de 01h00  les 1\u00b0 et 8 juillet  2024.\nLes travaux  de la commission  ne sont  pas  publics.\nArticle  4. - Un repr\u00e9sentant  de chacun  des  candidats  en pr\u00e9sence,  d\u00fbment  mandat\u00e9,  pourra  assister\naux  travaux  de la commission.\nArticle  5. - La commission,  apr\u00e8s  avoir  r\u00e9ceptionn\u00e9  les proc\u00e8s-verbaux  des  communes  int\u00e9ress\u00e9es  et\nproc\u00e9d\u00e9,  s'il y a lieu,  au redressement  des  chiffres  port\u00e9s  sur ceux-ci,  totalisera  les r\u00e9sultats  par\ncirconscription.\nLa commission  proc\u00e9dera  au recensement  g\u00e9n\u00e9ral  des  votes  puis  proclamera  les r\u00e9sultats  du scrutin  le :\nlundi  suivant  l'\u00e9lection.\nArticle  6. - Le secr\u00e9taire  g\u00e9n\u00e9ral  de la pr\u00e9fecture  de la Somme  ainsi  que  les pr\u00e9sidents  de la commission\nsont  charg\u00e9s,  chacun  en ce qui le concerne,  de l'ex\u00e9cution  du pr\u00e9sent  arr\u00eat\u00e9  qui sera  publi\u00e9  au recueil\ndes  actes  administratifs  de la pr\u00e9fecture  de la Somme.\nAmiens,  le 25 JUIN 2024\nPour  le pr\u00e9fet  et par  d\u00e9l\u00e9gation,\nLe secr\u00e9taire  g\u00e9n\u00e9ral,\n(\nEmmanuel  MOULARD\nPr\u00e9fecture de la Somme - Direction de la Citoyennet\u00e9 et de la L\u00e9galit\u00e9 - 80-2024-06-25-00004 - AP instituant la commission de\nrecensement des votes \u00e0 l'occasion des \u00e9lections l\u00e9gislatives des 30 juin et 7 juillet 2024 14","date":"2024-06-26","first_seen_on":"2024-06-26T15:30:29+00:00","id":"b9b9c278ab0ee0a699ebede7ee4a089362417f6daca1fabb35753497a0d2789f","name":"RAA n\u00b0120 sp\u00e9cial du 26 juin 2024","pdf_creation_date":"2024-06-26T14:19:44+00:00","pdf_modification_date":null,"timezone":"Europe/Paris","url":"https://www.somme.gouv.fr/contenu/telechargement/48547/324147/file/recueil-2024-120-recueil-des-actes-administratifs.pdf"}
