{"administration":"prefidf","administration_name":"Pr\u00e9fecture de la r\u00e9gion \u00cele-de-France","content":"PREFECTURE\nREGION ILE DE\nFRANCE\nRECUEIL DES ACTES\nADMINISTRATIFS SP\u00c9CIAL\nN\u00b0IDF-021-2026-01\nPUBLI\u00c9 LE 13 JANVIER 2026\nSommaire\nDirection interr\u00e9gionale des douanes d'Ile-de-France / Secr\u00e9tariat\nG\u00e9n\u00e9ral Interr\u00e9gional\nIDF-2026-01-13-00003 - Arr\u00eat\u00e9 du 13 janvier 2026  portant\nsubd\u00e9l\u00e9gation de la signature du directeur interr\u00e9gional des douanes\net droits indirects d'\u00cele-de-France en mati\u00e8re d'ordonnancement\nsecondaire (7 pages) Page 3\nRectorat de l'acad\u00e9mie de Cr\u00e9teil / Affaires juridiques\nIDF-2026-01-13-00002 - Arr\u00eat\u00e9 du 13 janvier 2026 portant d\u00e9l\u00e9gation\nde signature \u00e0 madame Sandrine LAIR, directrice acad\u00e9mique des\nservices de l'\u00e9ducation nationale dans le d\u00e9partement de la\nSeine-Saint-Denis (5 pages) Page 11\nIDF-2026-01-13-00001 - Arr\u00eat\u00e9 du 13 janvier 2026 portant d\u00e9l\u00e9gation\nde signature \u00e0 madame Sandrine LANDES, cheffe de la division des\naffaires financi\u00e8res (DAF) du rectorat de Cr\u00e9teil \n (5 pages) Page 17\n2\nDirection interr\u00e9gionale des douanes\nd'Ile-de-France\nIDF-2026-01-13-00003\nArr\u00eat\u00e9 du 13 janvier 2026  portant subd\u00e9l\u00e9gation\nde la signature du directeur interr\u00e9gional des\ndouanes et droits indirects d'\u00cele-de-France en\nmati\u00e8re d'ordonnancement secondaire\nDirection interr\u00e9gionale des douanes d'Ile-de-France - IDF-2026-01-13-00003 - Arr\u00eat\u00e9 du 13 janvier 2026  portant subd\u00e9l\u00e9gation de la\nsignature du directeur interr\u00e9gional des douanes et droits indirects d'\u00cele-de-France en mati\u00e8re d'ordonnancement secondaire 3\nExREPUBLIQUEFRAN\u00c7AISELibert\u00e9Egalit\u00e9Fraternit\u00e9\n\\)VUDOUANES& DROITSINDIRECTS\nARR\u00caT\u00c9\nportant subd\u00e9l\u00e9gation de la signature\ndu directeur interr\u00e9gional des douanes et droits indirects d'\u00cele-de-\nFrance\nen mati\u00e8re d'ordonnancement secondaire\nVU la loi organique n\u00b02001-692 du 1er ao\u00fbt 2001 modifi\u00e9e relative aux lois de finance ;\nVU le code de la commande publique ;\nVU la  loi  n\u00b068-1250  du  31  d\u00e9cembre  1968  modifi\u00e9e  relative  \u00e0  la  prescription  des\ncr\u00e9ances sur l'\u00c9tat, les d\u00e9partements, les communes et les \u00e9tablissements publics ;\nVU la  loi  n\u00b072-619  du  5  juillet  1972  portant  cr\u00e9ation  et  organisation  des  r\u00e9gions,\nnotamment son article 21-1 ;\nVU la  loi  n\u00b082-213  du  2  mars  1982  modifi\u00e9e  relative  aux  droits  et  libert\u00e9s  des\ncommunes, des d\u00e9partements et des r\u00e9gions, et notamment son article 34 ;\nVU le d\u00e9cret n\u00b082-632 du 21 juillet 1982 pris en application de l'article 3 du d\u00e9cret\nn\u00b082-389 du 10 mai 1982 et de l'article 3 du d\u00e9cret n\u00b082-390 du 10 mai 1982 relatif\naux pouvoirs des pr\u00e9fets sur les services fiscaux, les services douaniers et les\nlaboratoires r\u00e9gionaux ;\nVU le d\u00e9cret n\u00b098-81 du 11 f\u00e9vrier 1998 modifi\u00e9 ;\nVU le d\u00e9cret n\u00b099-89 du 8 f\u00e9vrier 1999 pris pour l'application de l'article 3 du d\u00e9cret\nn\u00b098-81 du 11 f\u00e9vrier 1998 ;\nVU le d\u00e9cret n\u00b02004-374 du 29 avril 2004 modifi\u00e9 relatif aux pouvoirs des pr\u00e9fets, \u00e0\nl'organisation et \u00e0 l'action des services de l'\u00c9tat dans les r\u00e9gions et d\u00e9partements ;\nVU le d\u00e9cret n\u00b02010-687 du 24 juin 2010 relatif \u00e0 l'organisation et aux missions des\nservices de l'\u00c9tat dans la r\u00e9gion et les d\u00e9partements d'\u00cele-de-France ;\nVU le  d\u00e9cret  n\u00b02012-1246  du  7  novembre  2012  relatif  \u00e0  la  gestion  budg\u00e9taire  et\ncomptable publique ;\nVU le d\u00e9cret n\u00b02019-1594 du 31 d\u00e9cembre 2019 relatif aux emplois de direction de\nl'\u00c9tat ;\nVU le d\u00e9cret n\u00b02020-139 du 19 f\u00e9vrier 2020 modifiant certaines dispositions relatives \u00e0\nla pr\u00e9fecture de la r\u00e9gion d'\u00cele-de-France, pr\u00e9fecture de Paris ;\nDirection interr\u00e9gionale des douanes d'Ile-de-France - IDF-2026-01-13-00003 - Arr\u00eat\u00e9 du 13 janvier 2026  portant subd\u00e9l\u00e9gation de la\nsignature du directeur interr\u00e9gional des douanes et droits indirects d'\u00cele-de-France en mati\u00e8re d'ordonnancement secondaire 4\n VU    le d\u00e9cret du 22 juillet 2020 portant nomination de Monsieur Marc GUILLAUME en\nqualit\u00e9 de pr\u00e9fet de la r\u00e9gion d'\u00cele-de-France, pr\u00e9fet de Paris ;\nVU les arr\u00eat\u00e9s interminist\u00e9riels du 21 d\u00e9cembre 1982 modifi\u00e9s portant r\u00e8glement de\ncomptabilit\u00e9 publique pour la d\u00e9signation des ordonnateurs secondaires et de leurs\nd\u00e9l\u00e9gu\u00e9s du budget du minist\u00e8re de l'\u00e9conomie et des finances ;\nVU l'arr\u00eat\u00e9 minist\u00e9riel du 26 d\u00e9cembre 2013 relatif au cadre de la gestion budg\u00e9taire et\nau contr\u00f4le budg\u00e9taire des minist\u00e8res \u00e9conomiques et financiers pris en application\nde l'article 105 du d\u00e9cret n\u00b02012-1246 du 7 novembre 2012 relatif \u00e0 la gestion\nbudg\u00e9taire et comptable publique ;\nVU   le  d\u00e9cret  n\u00b02020-1427  du  20  novembre  2020  relatif  aux  comit\u00e9s  sociaux\nd'administration dans les administrations et les \u00e9tablissements publics de l'\u00c9tat ;\nVU   l'arr\u00eat\u00e9 du 22 avril 2022 modifi\u00e9 portant cr\u00e9ation et organisation g\u00e9n\u00e9rale des\ncomit\u00e9s sociaux d'administration des minist\u00e8res \u00e9conomiques et financiers et de\nleurs \u00e9tablissements publics.\nVU l'arr\u00eat\u00e9 minist\u00e9riel du 18 septembre 2025 nommant Monsieur Christian BOUCARD,\nadministrateur g\u00e9n\u00e9ral des douanes et droits indirects, aux fonctions de directeur\ninterr\u00e9gional des douanes d'\u00cele-de-France ;\nVU    l'arr\u00eat\u00e9 du pr\u00e9fet de r\u00e9gion d'\u00cele-de-France, pr\u00e9fet de Paris, n\u00b0 IDF 2025-10-14-\n00016 du 14 octobre 2025 portant d\u00e9l\u00e9gation de signature \u00e0 Monsieur Christian\nBOUCARD,  directeur  interr\u00e9gional  des  douanes  d'\u00cele-de-France,  en  mati\u00e8re\nd'ordonnancement secondaire ;\nARR\u00caTE\nArticle 1  er  \nDans le cadre de la d\u00e9l\u00e9gation de signature institu\u00e9e par l'arr\u00eat\u00e9 n\u00b0 IDF 2025-10-14-00016\ndu  14  octobre  2025  et  en  cas  d'absence  ou  d'emp\u00eachement  de  Monsieur  Christian\nBOUCARD subd\u00e9l\u00e9gation de signature est donn\u00e9e \u00e0 :\n\u2013 Madame Pascale AUGUSTIN-LOISONS, administratrice, adjointe au directeur\ninterr\u00e9gional des douanes d'\u00cele de France\n\u2013 Monsieur Olivier GOURDON, directeur des services douaniers de 1\u00e8re classe,\nchef du p\u00f4le gestion des ressources humaines de la direction interr\u00e9gionale\nd'\u00cele de France,\nDirection interr\u00e9gionale des douanes d'Ile-de-France - IDF-2026-01-13-00003 - Arr\u00eat\u00e9 du 13 janvier 2026  portant subd\u00e9l\u00e9gation de la\nsignature du directeur interr\u00e9gional des douanes et droits indirects d'\u00cele-de-France en mati\u00e8re d'ordonnancement secondaire 5\n\u2013 Monsieur Sorey FEJTO, inspecteur principal de 2eme classe, chef du p\u00f4le\npilotage, performance et contr\u00f4le interne de la direction interr\u00e9gionale d'\u00cele-de-\nFrance,\n\u2013 Madame  Fran\u00e7oise  TOUTAIN,  directrice  des  services  douaniers  de  2\u00e9me\nclasse, cheffe du p\u00f4le logistique et informatique de la direction interr\u00e9gionale\nd'\u00cele-de-France,\n\u2013 Madame Elisabeth ROGANI, inspectrice principale de 1\u00e8re classe, cheffe du\np\u00f4le dialogue social, conduite de projets et vie de l'agent,\n\u2013 Monsieur  Christian  BOSC,  inspecteur  r\u00e9gional  de  1\u00e8re  classe,  secr\u00e9taire\ng\u00e9n\u00e9ral de la direction interr\u00e9gionale d'\u00cele-de-France,\n\u00e0  l'effet  de  signer  au  nom  du  pr\u00e9fet  de  la  r\u00e9gion  d'\u00cele-de-France,  les  actes\nd'ordonnancement secondaire de la direction interr\u00e9gionale des douanes d'\u00cele-de-France,\nd\u00e9penses et recettes de l'\u00c9tat vis\u00e9s aux articles 2 et 3 de l'arr\u00eat\u00e9 susvis\u00e9 et sous les\nr\u00e9serves mentionn\u00e9es \u00e0 l'article 5 dudit arr\u00eat\u00e9.\nArticle 2\nDans le cadre de la d\u00e9l\u00e9gation de signature institu\u00e9e par l'arr\u00eat\u00e9 n\u00b0 IDF 2025-10-14-00016\ndu  14  octobre  2025,  et  en  cas  d'absence  ou  d'emp\u00eachement  de  Monsieur  Christian\nBOUCARD subd\u00e9l\u00e9gation de signature est donn\u00e9e dans la limite de leurs attributions et de\nleurs comp\u00e9tences \u00e0 :\n\u2013 Madame  Isabelle  FILIPPI-COUPET,  inspectrice  principale  de  1ere  classe,\ncheffe du service du personnel \u00e0 la direction interr\u00e9gionale d'\u00cele de France,\n\u2013 Madame Laetitia ONIAS, inspectrice r\u00e9gionale de 3eme classe, responsable du\nservice examens et concours de la direction interr\u00e9gionale d'\u00cele-de-France,\n\u2013 Madame Genevi\u00e8ve MURIOT, inspectrice, cheffe par interim de la formation\nprofessionnelle de la direction interr\u00e9gionale d'\u00cele-de-France,\n\u2013 Madame Fabienne SALENGRO, inspectrice principale de 1ere classe, cheffe\ndu service national des r\u00e9glementations particuli\u00e8res \u00e0 Boissy-Saint-L\u00e9ger,\n\u2013 Monsieur  Pascal  BRINGAS,  inspecteur  r\u00e9gional  de  1ere  classe,  charg\u00e9  de\nmission au service national des r\u00e9glementations particuli\u00e8res \u00e0 Boissy-Saint-\nL\u00e9ger,\n\u2013 Monsieur  Nicolas  CHARLES,  inspecteur,  chef  du  p\u00f4le  Service  fiscalit\u00e9\n\u00e9nerg\u00e9tique  et  environnementale  au  service  national  des  r\u00e9glementations\nparticuli\u00e8res \u00e0 Boissy-Saint-L\u00e9ger,\nDirection interr\u00e9gionale des douanes d'Ile-de-France - IDF-2026-01-13-00003 - Arr\u00eat\u00e9 du 13 janvier 2026  portant subd\u00e9l\u00e9gation de la\nsignature du directeur interr\u00e9gional des douanes et droits indirects d'\u00cele-de-France en mati\u00e8re d'ordonnancement secondaire 6\n\u2013 Madame  Ghislaine  BORENSTEIN,  inspectrice,  cheffe  du  p\u00f4le  Fonds  de\ntransformation  des  Buralistes  du  service  national  des  r\u00e9glementations\nparticuli\u00e8res \u00e0 Boissy-Saint-L\u00e9ger,\n\u2013 Monsieur Pierre ESNARD, inspecteur, adjoint \u00e0 la cheffe de p\u00f4le du Fonds de\nTransformation  des  Buralistes  du  service  national  des  r\u00e9glementations\nparticuli\u00e8res \u00e0 Boissy-Saint-L\u00e9ger, \n\u2013 Monsieur Didier CALIZZANO, chef de service administratif de 2eme classe,\nadjoint \u00e0 la cheffe du PLI,  \n\u2013 Madame St\u00e9phanie BRAVARD-COYRAS, inspectrice r\u00e9gionale de 2\u00e8me classe\nau service gestion des ressources humaines de la direction interr\u00e9gionale d'\u00cele-\nde-France,\n\u2013 Monsieur David FERRENBACH, inspecteur, chef du d\u00e9partement sant\u00e9 de la\ndirection interr\u00e9gionale d'\u00cele-de-France,\n\u2013 Madame Val\u00e9rie AH-SOUNE, inspectrice r\u00e9gionale de 2eme classe au service\ngestion des ressources humaines de la direction interr\u00e9gionale d'\u00cele-de-France,\n\u2013 Madame Laurianne SENECHAL, inspectrice au service gestion des ressources\nhumaines de la direction interr\u00e9gionale d'\u00cele-de-France,\n\u2013 Madame  Isabelle  MERCADIER,  inspectrice,  cheffe  du  d\u00e9partement  de  la\ngestion du temps et des absences de la direction interr\u00e9gionale d'\u00cele-de-France,\n\u2013 Monsieur  Phillipe  MERAND,  inspecteur,  chef  du  d\u00e9partement  gestion  des\ntransports et des d\u00e9placements de la direction interr\u00e9gionale d'\u00cele de France,\n\u2013 Madame Claudia DANIEL, contr\u00f4leuse de 2\u00e8me classe au d\u00e9partement gestion\ndu temps et d\u00e9placement de la direction interr\u00e9gionale d'\u00cele de France,\n\u2013 Monsieur  Sarkis  KOUMROUYAN,  contr\u00f4leur  principal,  chef  du  service\ntechnique automobile de la direction interr\u00e9gionale d'\u00cele-de-France,\n\u2013 Monsieur  Didier  SILPA,  attach\u00e9  d'administration,  chef  de  la  section\nBudget/Achat - Pilotage dialogue budg\u00e9taire de la direction interr\u00e9gionale des\ndouanes d'\u00cele-de-France,\n\u2013 Monsieur  Viktor  NOVEL-CATTIN,  inspecteur,  section  March\u00e9s  publics  et\ncontrats,\n\u2013 Madame C\u00e9line SAINT-CRIQ, inspectrice, section March\u00e9s publics et contrats.\n\u2013 Madame Olivia CARUGE, contr\u00f4leuse de 2 eme  classe au sein de la section\nBudget/Achat \u2013 Pilotage dialogue budg\u00e9taire de la direction interr\u00e9gionale d'\u00cele-\nde-France,\n\u2013 Madame Val\u00e9rie VALLADE, agente de constatation principale de 1\u00e8re classe au\nsein de la section Budget/Achat \u2013 Pilotage dialogue budg\u00e9taire de la direction\ninterr\u00e9gionale d'\u00cele-de-France,\nDirection interr\u00e9gionale des douanes d'Ile-de-France - IDF-2026-01-13-00003 - Arr\u00eat\u00e9 du 13 janvier 2026  portant subd\u00e9l\u00e9gation de la\nsignature du directeur interr\u00e9gional des douanes et droits indirects d'\u00cele-de-France en mati\u00e8re d'ordonnancement secondaire 7\n\u2013 Monsieur Eric HAMYS, contr\u00f4leur principal au sein de la section Budget/Achat-\nPilotage dialogue budg\u00e9taire de la direction interr\u00e9gionale d'\u00cele-de-France,\n\u2013 Madame  Fr\u00e9d\u00e9rique  CHEDOZ,  agente  de  constatation  principale  de  1\u00e8re\nclasse au sein de la section Budget/Achat \u2013 Pilotage dialogue budg\u00e9taire de la\ndirection interr\u00e9gionale d'\u00cele-de-France,\n\u2013 Monsieur  C\u00e9dric  DESBAS,  contr\u00f4leur  principal  au  sein  de  la  section\nBudget/Achat \u2013 Pilotage dialogue budg\u00e9taire de la direction interr\u00e9gionale d'\u00cele-\nde-France,\n\u2013 Madame Fr\u00e9d\u00e9rique BATAILLE, inspectrice r\u00e9gionale de 3eme classe au sein\nde  la  section  Budget/Achat  \u2013  Pilotage  dialogue  budg\u00e9taire  de  la  direction\ninterr\u00e9gionale d'\u00cele-de-France,\n\u2013 Monsieur Jean-Fran\u00e7ois MAQUIN, inspecteur, responsable du parc automobile\nau Pole logistique et informatique de la direction interr\u00e9gionale d'Ile de France,\n\u2013 Madame Marie-Laure KWIATKOWSKI, contr\u00f4leuse de 1ere classe, assistante\ndu resposable du parc automobile au Pole logistique et informatique de la\ndirection interr\u00e9gionale d'Ile de France,\n\u2013 Monsieur  St\u00e9phane  PIERRE  DE  BORVILLE,  inspecteur  r\u00e9gional  de  3eme\nclasse au secr\u00e9tariat g\u00e9n\u00e9ral de la direction interr\u00e9gionale d'Ile de France,\n\u2013 Madame Jessica ARROYO, contr\u00f4leuse au secr\u00e9tariat g\u00e9n\u00e9ral de la direction\ninterr\u00e9gionale d'Ile de France,\n\u2013 Madame Wendy FAGU\u00c9, agente de constatation principale de 2eme classe au\nsecr\u00e9tariat g\u00e9n\u00e9ral de la direction interr\u00e9gionale d'Ile de France,\n\u00e0  l'effet  de  signer  au  nom  du  pr\u00e9fet  de  la  r\u00e9gion  d'\u00cele-de-France,  les  actes\nd'ordonnancement secondaire de la direction interr\u00e9gionale des douanes d'\u00cele-de-France,\nd\u00e9penses et recettes de l'\u00c9tat vis\u00e9s aux articles 2 et 3 de l'arr\u00eat\u00e9 susvis\u00e9 et sous les\nr\u00e9serves mentionn\u00e9es \u00e0 l'article 5 dudit arr\u00eat\u00e9.\nArticle 3\nPour les subventions tabac, re\u00e7oivent subd\u00e9l\u00e9gation de la signature de Monsieur Christian\nBOUCARD :\n\u2013 les agents repris \u00e0 l'article 1er dudit arr\u00eat\u00e9, sans limitation de montant,\n\u2013 Madame Fabienne SALENGRO, inspectrice principale de 1ere classe, cheffe\ndu  service  national  des  r\u00e9glementations  particuli\u00e8res  \u00e0  Boissy-Saint-L\u00e9ger,\nDirection interr\u00e9gionale des douanes d'Ile-de-France - IDF-2026-01-13-00003 - Arr\u00eat\u00e9 du 13 janvier 2026  portant subd\u00e9l\u00e9gation de la\nsignature du directeur interr\u00e9gional des douanes et droits indirects d'\u00cele-de-France en mati\u00e8re d'ordonnancement secondaire 8\ndans la limite de 10 000 euros pour l'aide s\u00e9curit\u00e9 et dans la limite de 33 000\neuros pour l'aide Fonds de Transformation des Buralistes.\n\u2013 Monsieur  Pascal  BRINGAS,  inspecteur  r\u00e9gional  de  1ere  classe,  charg\u00e9  de\nmission au service national des r\u00e9glementations particuli\u00e8res \u00e0 Boissy-Saint-\nL\u00e9ger, dans la limite de 10 000 euros pour l'aide s\u00e9curit\u00e9 et dans la limite de 33\n000 euros pour l'aide Fonds de Transformation des Buralistes.\n\u2013  Monsieur Pierre ESNARD, inspecteur, adjoint de la cheffe de p\u00f4le du Fonds de\nTransformation des Buralistes, dans la limite de 33 000\u20ac.\n\u2013 Madame  Ghislaine  BORENSTEIN,  inspectrice,  cheffe  du  p\u00f4le  Fonds  de\ntransformation  des  Buralistes  du  service  national  des  r\u00e9glementations\nparticuli\u00e8res \u00e0 Boissy-Saint-L\u00e9ger dans la limite de 33 000\u20ac.\n\u2013 Monsieur  Nicolas  CHARLES,  inspecteur,  chef  du  p\u00f4le  Service  fiscalit\u00e9\n\u00e9nerg\u00e9tique  et  environnementale  au  service  national  des  r\u00e9glementations\nparticuli\u00e8res \u00e0 Boissy-Saint-L\u00e9ger,dans la limite de 10 000 euros pour l'aide\ns\u00e9curit\u00e9 et dans la limite de 33 000 euros pour l'aide Fonds de Transformation\ndes Buralistes.\nArticle 4\nEn cas d'absence ou d'emp\u00eachement de Monsieur Christian BOUCARD, subdelegation de\nsignature est donn\u00e9e \u00e0 Madame Pascale AUGUSTIN-LOISONS, administratice, adjointe\nau directeur inter\u00e9gional des douanes d'\u00cfle de France et \u00e0 Monsieur Olivier GOURDON,\ndirecteur des services douaniers de 1\u00e8re classe, chef du p\u00f4le gestion des ressources\nhumaines  de  la  direction  interr\u00e9gionale  d'\u00cele-de-France  \u00e0  l'effet  de  signer  les  arr\u00eat\u00e9s\nrelatifs \u00e0 la composition et au mode de fonctionnement des jurys de concours.\nArticle 5\nEn  cas  d'absence  ou  d'emp\u00eachement  de  Monsieur  Christian  BOUCARD\nsubd\u00e9l\u00e9gationation de signature est donn\u00e9e \u00e0 Madame Pascale AUGUSTIN-LOISONS,\nadministratice,  adjointe  au  directeur  inter\u00e9gional  des  douanes  d'\u00cfle  de  France  et  \u00e0\nMadame Fran\u00e7oise TOUTAIN, directrice des services douaniers de 2\u00e9me classe, cheffe\ndu p\u00f4le logistique et informatique de la direction interr\u00e9gionale d'\u00cele-de-France,   \u00e0 l'effet de\nsigner toutes les pi\u00e8ces relatives \u00e0 la passation et \u00e0 l'ex\u00e9cution des accords-cadres et des\nmarch\u00e9s publics pass\u00e9s dans le cadre des programmes vis\u00e9s aux articles 2 et 3 de l'arr\u00eat\u00e9\nn\u00b0 IDF 2025-08-20-00007 du 20 aout 2025.\nDirection interr\u00e9gionale des douanes d'Ile-de-France - IDF-2026-01-13-00003 - Arr\u00eat\u00e9 du 13 janvier 2026  portant subd\u00e9l\u00e9gation de la\nsignature du directeur interr\u00e9gional des douanes et droits indirects d'\u00cele-de-France en mati\u00e8re d'ordonnancement secondaire 9\nArticle 6\nEn cas d'absence ou emp\u00eachement de Monsieur Christian BOUCARD, subd\u00e9l\u00e9gation de\nsignature est donn\u00e9e \u00e0  Madame Pascale AUGUSTIN-LOISONS, administratice, adjointe\nau  directeur  interr\u00e9gional  des  douanes  d'\u00cfle  de  France,  \u00e0  Monsieur  Jean-Marc\nBORTOLUSSI,  administrateur  sup\u00e9rieur  directeur  r\u00e9gional  des  douanes  de  Paris,  \u00e0\nMonsieur Joseph VENZAL, administrateur sup\u00e9rieur, directeur r\u00e9gional des douanes de\nParis-Ouest, \u00e0 Monsieur Nicolas MONNIER, administrateur sup\u00e9rieur, directeur r\u00e9gional\ndes douanes de Paris-Est pour proc\u00e9der \u00e0 l'ordonnancement secondaire des recettes et\ndes d\u00e9penses de l'\u00c9tat concernant le programme 218 \u00ab  conduite et pilotage des politiques\n\u00e9conomiques et financi\u00e8res \u00bb.\nArticle 7\nL'arr\u00eat\u00e9  n\u00b0IDF-2025-11-25-00004 publi\u00e9  au  RAA  le  25  novembre  2025  portant\nsubd\u00e9l\u00e9gation de signature du directeur interr\u00e9gional des douanes d'Ile de France en\nmati\u00e8re d'ordonnancement secondaire est abrog\u00e9. \nArticle 8\nLe directeur interr\u00e9gional des douanes d'\u00cele-de-France et les personnes mentionn\u00e9es aux\narticles 1 et 2 sont charg\u00e9s, chacun en ce qui le concerne, de l'ex\u00e9cution du pr\u00e9sent arr\u00eat\u00e9\nqui sera publi\u00e9 au recueil des actes administratifs de la pr\u00e9fecture de la r\u00e9gion d'\u00cele-de-\nFrance.\nFait \u00e0 Paris, le 13 janvier 2026\nPour le pr\u00e9fet et par d\u00e9l\u00e9gation\nLe directeur interr\u00e9gional des douanes \nd'\u00cele-de-France              \nSign\u00e9 \nChristian BOUCARD\nDirection interr\u00e9gionale des douanes d'Ile-de-France - IDF-2026-01-13-00003 - Arr\u00eat\u00e9 du 13 janvier 2026  portant subd\u00e9l\u00e9gation de la\nsignature du directeur interr\u00e9gional des douanes et droits indirects d'\u00cele-de-France en mati\u00e8re d'ordonnancement secondaire 10\nRectorat de l'acad\u00e9mie de Cr\u00e9teil\nIDF-2026-01-13-00002\nArr\u00eat\u00e9 du 13 janvier 2026 portant d\u00e9l\u00e9gation de\nsignature \u00e0 madame Sandrine LAIR, directrice\nacad\u00e9mique des services de l'\u00e9ducation\nnationale dans le d\u00e9partement de la\nSeine-Saint-Denis\nRectorat de l'acad\u00e9mie de Cr\u00e9teil - IDF-2026-01-13-00002 - Arr\u00eat\u00e9 du 13 janvier 2026 portant d\u00e9l\u00e9gation de signature \u00e0 madame\nSandrine LAIR, directrice acad\u00e9mique des services de l'\u00e9ducation nationale dans le d\u00e9partement de la Seine-Saint-Denis 11\nEnACADEMIEDE CRETEILLibert\u00e9Egalit\u00e9Fraternit\u00e9\n  \n \n \n \n \n \n \n \n \n \n \nArr\u00eat\u00e9 du 13 janvier 2026 portant d\u00e9l\u00e9gation de signature  \n\u00e0 madame Sandrine LAIR, directrice acad\u00e9mique des services de l'\u00e9ducation nationale dans le \nd\u00e9partement de la Seine-Saint-Denis \n \n                                               LE RECTEUR DE L'ACADEMIE DE CRETEIL \n \n \nVU le code de l'\u00e9ducation et notamment, ses articles R. 222-17-1, R. 222-19 et suivants, R. 222-24 et suivants, \nD. 222-27 et L. 917-1 ; \nVU le code g\u00e9n\u00e9ral de la fonction publique ; \nVU le d\u00e9cret n\u00b0 2012-1246 du 7 novembre 2012 modifi\u00e9 relatif \u00e0 la gestion budg\u00e9taire et comptable \npublique ; \nVU  le d\u00e9cret du 14 d\u00e9cembre 2023 portant nomination de monsieur Florent AUCOUTURIER, directeur de \ncabinet du recteur de l'acad\u00e9mie de Versailles, en qualit\u00e9 de directeur acad\u00e9mique adjoint des services de \nl'\u00e9ducation nationale de la Seine-Saint-Denis ; \nVU  le d\u00e9cret du 14 d\u00e9cembre 2023 portant nomination de monsieur Thomas HEUZE, inspecteur d'acad\u00e9mie-\ninspecteur p\u00e9dagogique r\u00e9gional, en qualit\u00e9 de directeur acad\u00e9mique adjoint des services de l'\u00e9ducation \nnationale de la Seine-Saint-Denis ; \nVU  le d\u00e9cret du 31 ao\u00fbt 2024 portant nomination de madame Sandrine LAIR, directrice acad\u00e9mique des \nservices de l'\u00e9ducation nationale des Yvelines, en qualit\u00e9 de directrice acad\u00e9mique des services de \nl'\u00e9ducation nationale de la Seine-Saint-Denis \u00e0 compter du 30 septembre 2024 ; \nVU  le d\u00e9cret du 27 janvier 2025 portant nomination de madame Florence MARON, inspectrice de l'\u00e9ducation \nnationale, en qualit\u00e9 de directrice acad\u00e9mique adjointe des services de l'\u00e9ducation nationale de la Seine-\nSaint-Denis ; \nVU le d\u00e9cret du 12 mars 2025 nommant monsieur Jean-Fran\u00e7ois CHANET recteur de l'acad\u00e9mie de Cr\u00e9teil ;  \nVU  le d\u00e9cret du 31 d\u00e9cembre 2025 portant nomination de madame Nathalie SIMONET, inspectrice d'acad\u00e9mie-\ninspectrice p\u00e9dagogique r\u00e9gional, en qualit\u00e9 de directrice acad\u00e9mique adjointe des services de l'\u00e9ducation \nnationale de la Seine-Saint-Denis \u00e0 compter du 5 janvier 2026 ; \nVU l'arr\u00eat\u00e9 du 22 d\u00e9cembre 2022 relatif aux r\u00e8gles de la comptabilit\u00e9 budg\u00e9taire de l'Etat pris en application de \nl'article 54 du d\u00e9cret n\u00b0 2012-1246 du 7 novembre 2012 modifi\u00e9 relatif \u00e0 la gestion budg\u00e9taire et comptable \npublique ; \nVU  l'arr\u00eat\u00e9 minist\u00e9riel du 17 juin 2022 portant nomination, d\u00e9tachement et classement de monsieur Alexandre \nTOBATY, inspecteur de l'\u00e9ducation nationale, dans l'emploi d'adjoint au directeur acad\u00e9mique des services \nde l'\u00e9ducation nationale de la Seine-Saint-Denis, charg\u00e9 du premier degr\u00e9 \u00e0 compter du 1er juillet 2022 ; \nVU  l'arr\u00eat\u00e9 minist\u00e9riel du 22 f\u00e9vrier 2024 portant nomination et classement de madame Paola DAOUD, attach\u00e9e \nd'administration de l'\u00c9tat hors classe, dans l'emploi de secr\u00e9taire g\u00e9n\u00e9rale de la direction des services \nd\u00e9partementaux de l'\u00e9ducation nationale de Seine-Saint-Denis \u00e0 compter du 1er mars 2024 ; \nVU les arr\u00eat\u00e9s du pr\u00e9fet de la r\u00e9gion d'Ile-de-France n\u00b0 IDF-2025-03-26-00009 du 26 mars 2025 portant \nd\u00e9l\u00e9gation de signature \u00e0 monsieur Jean-Fran\u00e7ois CHANET, recteur de l'acad\u00e9mie de Cr\u00e9teil, en mati\u00e8re \nde contr\u00f4le de l\u00e9galit\u00e9 des \u00e9tablissements publics locaux d'enseignement rattach\u00e9s \u00e0 la r\u00e9gion d'Ile-de-\nFrance dans le ressort de l'acad\u00e9mie de Cr\u00e9teil et n\u00b0 IDF-2025-03-26-00008 du 26 mars 2025 portant \nd\u00e9l\u00e9gation de signature \u00e0 monsieur Jean-Fran\u00e7ois CHANET, recteur de l'acad\u00e9mie de Cr\u00e9teil, en mati\u00e8re \nd'ordonnancement secondaire ; \n \nRectorat de l'acad\u00e9mie de Cr\u00e9teil - IDF-2026-01-13-00002 - Arr\u00eat\u00e9 du 13 janvier 2026 portant d\u00e9l\u00e9gation de signature \u00e0 madame\nSandrine LAIR, directrice acad\u00e9mique des services de l'\u00e9ducation nationale dans le d\u00e9partement de la Seine-Saint-Denis 12\n \n 2 \nVU l'arr\u00eat\u00e9 de la rectrice de la r\u00e9gion acad\u00e9mique Ile-de-France, rectrice de l'acad\u00e9mie de Paris, chanceli\u00e8re \ndes universit\u00e9s de Paris et d'Ile-de-France n\u00b0 2025-034-RRA du 27 mars 2025 portant d\u00e9l\u00e9gation de \nsignature \u00e0 caract\u00e8re administratif ; \nVU la d\u00e9cision du 11 d\u00e9cembre 2020 portant d\u00e9signation des responsables de budget op\u00e9rationnel de \nprogramme (BOP) et d'unit\u00e9s op\u00e9rationnelles (UO) pour le programme 214 \u00ab soutien de la politique de \nl'\u00e9ducation nationale \u00bb ; \nVU la d\u00e9cision du 21 d\u00e9cembre 2020 portant d\u00e9signation des responsables de budget op\u00e9rationnel de \nprogramme (BOP) et d'unit\u00e9s op\u00e9rationnelles (UO) pour le programme 150 \u00ab formations sup\u00e9rieures et \nrecherche universitaire \u00bb ; \n \n \nARRETE \n \nARTICLE 1 : \n \nMadame Sandrine LAIR, directrice acad\u00e9mique des services de l'\u00e9ducation nationale dans le d\u00e9partement de la \nSeine-Saint-Denis, dispose, \u00e0 compter du jour suivant la publication de sa nomination ou \u00e0 compter du jour o\u00f9 cet \nacte prend effet si ce jour est post\u00e9rieur, de l'ensemble des d\u00e9l\u00e9gations de signature de droit telles qu'elles \nd\u00e9coulent de l'article R. 222-19-3 du code de l'\u00e9ducation modifi\u00e9 par le d\u00e9cret n\u00b0 2012-16 du 5 janvier 2012 relatif \n\u00e0 l'organisation acad\u00e9mique (notamment inscription, d\u00e9rogation \u00e0 la sectorisation, vie scolaire, etc.) \u00e0 l'exception \ndes d\u00e9l\u00e9gations de signature pour les actes suivants :  \n- actes relatifs au contr\u00f4le administratif des lyc\u00e9es, EREA et ERPD : action \u00e9ducatrice et fonctionnement ; \n- actes relatifs au contr\u00f4le financier des EPLE ; \n- actes relatifs au suivi des EPLE : arr\u00eat\u00e9s des groupements comptables ; \n- actes relatifs aux projets des lyc\u00e9es, lyc\u00e9es professionnels et EREA ; \n- autorisations de voyages et d'accompagnement des \u00e9l\u00e8ves du second degr\u00e9 dans le cadre des \nappariements \u00e0 l'\u00e9tranger.  \n \n \n \nARTICLE 2 : \n \nEn tant que responsable d'unit\u00e9s op\u00e9rationnelles, d\u00e9l\u00e9gation de signature est donn\u00e9e \u00e0 madame Sandrine LAIR, \ndirectrice acad\u00e9mique des services de l'\u00e9ducation nationale dans le d\u00e9partement de la Seine-Saint-Denis, pour :  \n             - la gestion des cr\u00e9dits de fonctionnement et d'intervention de l'unit\u00e9 op\u00e9rationnelle pour le programme \n140 \u00ab Enseignement scolaire public du premier degr\u00e9 \u00bb ; \n             - la gestion des cr\u00e9dits de personnel en mati\u00e8re de d\u00e9penses d'accidents de service et de formation pour \nle premier degr\u00e9 et des cr\u00e9dits de fonctionnement pour les examens ; \n             - la gestion des cr\u00e9dits de personnel en mati\u00e8re de d\u00e9penses d'accidents de service et de formation des \naccompagnants des \u00e9l\u00e8ves en situation de handicap et la gestion des cr\u00e9dits de fonctionnement et \nd'intervention en mati\u00e8re de d\u00e9penses de formation des accompagnants des \u00e9l\u00e8ves en situation de \nhandicap et de d\u00e9penses relatives \u00e0 l'inclusion scolaire des \u00e9l\u00e8ves en situation de handicap dans le \ncadre de l'unit\u00e9 op\u00e9rationnelle pour le programme 230 \u00ab Vie de l'\u00e9l\u00e8ve \u00bb.  \n \n \n \nARTICLE 3 : \n \nSubd\u00e9l\u00e9gation de signature est donn\u00e9e \u00e0 madame Sandrine LAIR, directrice acad\u00e9mique des services de \nl'\u00e9ducation nationale dans le d\u00e9partement de la Seine-Saint-Denis, pour la gestion des cr\u00e9dits de fonctionnement \net d'intervention, en mati\u00e8re de fonctionnement et d'examens, dans le cadre de l'unit\u00e9 op\u00e9rationnelle pour le \nprogramme 214 \u00ab Soutien de la politique de l'\u00e9ducation nationale \u00bb. \n \n \nRectorat de l'acad\u00e9mie de Cr\u00e9teil - IDF-2026-01-13-00002 - Arr\u00eat\u00e9 du 13 janvier 2026 portant d\u00e9l\u00e9gation de signature \u00e0 madame\nSandrine LAIR, directrice acad\u00e9mique des services de l'\u00e9ducation nationale dans le d\u00e9partement de la Seine-Saint-Denis 13\n \n 3 \n \nARTICLE 4 :  \n \nEn mati\u00e8re de gestion du personnel, d\u00e9l\u00e9gation de signature est donn\u00e9e \u00e0 madame Sandrine LAIR, directrice \nacad\u00e9mique des services de l'\u00e9ducation nationale dans le d\u00e9partement de la Seine-Saint-Denis, pour :  \n \n\uf0b7 La d\u00e9signation des jurys, le d\u00e9roulement des \u00e9preuves du premier concours interne de professeur des \n\u00e9coles ; \n \n\uf0b7 La gestion des professeurs des \u00e9coles stagiaires : \n \ntoutes d\u00e9cisions \u00e9num\u00e9r\u00e9es par l'arr\u00eat\u00e9 du 23 septembre 1992 modifi\u00e9 \u00e0 l'exception de celles relatives \u00e0 \nl'organisation des concours dans les conditions pr\u00e9vues par l'arr\u00eat\u00e9 du 25 janvier 2021 ; \n \n\uf0b7 la gestion des professeurs des \u00e9coles et des instituteurs de l'enseignement public : \n \n             - les actes pris en application des dispositions des arr\u00eat\u00e9s modifi\u00e9s du 12 avril 1988 et du 28 ao\u00fbt 1990 ; \n             - les arr\u00eat\u00e9s pla\u00e7ant en cong\u00e9 d'office pour un mois en vertu de l'article R. 911-36 du code l'\u00e9ducation ; \n             - les sanctions disciplinaires pr\u00e9vues \u00e0 l'article L. 533-1 du code g\u00e9n\u00e9ral de la fonction publique ; \n \n\uf0b7 tous les personnels en fonction dans le d\u00e9partement, \u00e0 l'exception de ceux affect\u00e9s dans les \n\u00e9tablissements d'enseignement sup\u00e9rieur et au rectorat : \n \n             - autorisations d'absence ;  \n             - d\u00e9cisions relatives aux demandes de d\u00e9rogation \u00e0 l'obligation d'occuper un logement de fonction et \u00e0 \nl'obligation de r\u00e9sidence pour les personnels exer\u00e7ant en coll\u00e8ge ; \n             - d\u00e9cisions d'imputabilit\u00e9 au service des accidents du travail pour les personnels relevant des corps du \npremier degr\u00e9 ; \n             - d\u00e9cisions relatives au compte personnel de formation ; \n \n\uf0b7 les personnels du service d\u00e9partemental de l'\u00e9ducation nationale :  \n \n             - d\u00e9cisions d'octroi de cong\u00e9 de maladie pr\u00e9vu aux articles L. 822-1, L. 822-2 et L. 822-3 du code g\u00e9n\u00e9ral \nde la fonction publique et \u00e0 l'article 24 du d\u00e9cret n\u00b0 94-874 du 7 octobre 1994 modifi\u00e9 ; \n             - d\u00e9cisions d'octroi d'un cong\u00e9 pour maternit\u00e9 ou pour adoption ou d'un cong\u00e9 de paternit\u00e9 pr\u00e9vu \u00e0 l'article \nL. 631-1 du code g\u00e9n\u00e9ral de la fonction publique et \u00e0 l'article 22 du d\u00e9cret n\u00b0 94-874 du 7 octobre 1994 \nmodifi\u00e9 ; \n \n\uf0b7 les d\u00e9cisions relatives au recrutement, \u00e0 la gestion administrative et financi\u00e8re et \u00e0 la fin du contrat de \ncertains agents non titulaires exer\u00e7ant dans les \u00e9coles primaires et les d\u00e9cisions relatives au recrutement, \n\u00e0 la gestion et \u00e0 la fin de contrat d'intervenants dans les \u00e9coles primaires ;  \n \n\uf0b7 les d\u00e9cisions relatives au recrutement, \u00e0 la gestion administrative et financi\u00e8re et \u00e0 la fin du contrat des \naccompagnants des \u00e9l\u00e8ves en situation de handicap (AESH) (contrat \u00e0 dur\u00e9e d\u00e9termin\u00e9e ou contrat \u00e0 \ndur\u00e9e ind\u00e9termin\u00e9e) ; \n \n\uf0b7 les d\u00e9cisions relatives au recrutement, \u00e0 la gestion administrative et financi\u00e8re et \u00e0 la fin du contrat des \naccompagnants des personnels en situation de handicap (APSH) (contrat \u00e0 dur\u00e9e d\u00e9termin\u00e9e ou contrat \n\u00e0 dur\u00e9e ind\u00e9termin\u00e9e). \n \n \n \n \n \n \nRectorat de l'acad\u00e9mie de Cr\u00e9teil - IDF-2026-01-13-00002 - Arr\u00eat\u00e9 du 13 janvier 2026 portant d\u00e9l\u00e9gation de signature \u00e0 madame\nSandrine LAIR, directrice acad\u00e9mique des services de l'\u00e9ducation nationale dans le d\u00e9partement de la Seine-Saint-Denis 14\n \n 4 \nARTICLE 5 : \n \nEn application de l'article R. 222-17-1 du code de l'\u00e9ducation, d\u00e9l\u00e9gation de signature est donn\u00e9e madame \nSandrine LAIR, directrice acad\u00e9mique des services de l'\u00e9ducation nationale dans le d\u00e9partement de la Seine-\nSaint-Denis, pour signer au nom du recteur de l'acad\u00e9mie de Cr\u00e9teil tous actes, arr\u00eat\u00e9s, d\u00e9cisions et \ncorrespondances, dans la limite de leurs attributions, dans les domaines suivants :   \n- l'organisation du s\u00e9jour de coh\u00e9sion du service national universel (SNU), le recrutement et la gestion des \npersonnes physiques participant \u00e0 des fonctions d'animation ou de direction de ce s\u00e9jour, l'approbation \ndans le cadre de la r\u00e9serve du SNU des missions d'int\u00e9r\u00eat g\u00e9n\u00e9ral, l'inscription, l'affectation des r\u00e9servistes \net le contr\u00f4le des conditions de mise en \u0153uvre de la r\u00e9serve ; \n  \n- l'agr\u00e9ment des associations de jeunesse et d'\u00e9ducation populaire ;  \n \n- l'attribution des subventions d'appui au secteur associatif vers\u00e9es par l'interm\u00e9diaire du Fonds de \ncoop\u00e9ration de la jeunesse et d'\u00e9ducation populaire (FONJEP) ;  \n \n- la d\u00e9livrance du brevet d'aptitude aux fonctions d'animateur (BAFA). \n \n \n \nARTICLE 6 :  \n \nLa gestion des bourses du second degr\u00e9 s'effectue au sein d'un service interd\u00e9partemental situ\u00e9 dans le \nd\u00e9partement de la Seine-et-Marne.  \n \n \n \nARTICLE 7 : \n \nPour les d\u00e9cisions relevant de l'article R. 222-19-3 du code de l'\u00e9ducation (notamment inscription, d\u00e9rogation \u00e0 la \nsectorisation, vie scolaire, etc.) et pour les d\u00e9cisions \u00e9nonc\u00e9es \u00e0 l'article 5 du pr\u00e9sent arr\u00eat\u00e9, madame Sandrine \nLAIR, directrice acad\u00e9mique des services de l'\u00e9ducation nationale dans le d\u00e9partement de la Seine-Saint-Denis, \npeut accorder une subd\u00e9l\u00e9gation de signature aux personnes mentionn\u00e9es \u00e0 l'article D. 222-20 du code de \nl'\u00e9ducation : \n \n- aux directeurs acad\u00e9miques adjoints des services de l'\u00e9ducation nationale, au secr\u00e9taire g\u00e9n\u00e9ral de la \ndirection du service d\u00e9partemental de l'\u00e9ducation nationale ou au chef des services administratifs de ce \nm\u00eame service ; \n \n- aux inspecteurs de l'\u00e9ducation nationale, qui sont ses adjoints ; \n \n- au chef du service d\u00e9partemental \u00e0 la jeunesse, \u00e0 l'engagement et aux sports, lequel peut \u00e9galement \ndonner d\u00e9l\u00e9gation aux agents plac\u00e9s sous son autorit\u00e9 pour signer tous actes relatifs aux affaires pour \nlesquelles il a lui-m\u00eame re\u00e7u d\u00e9l\u00e9gation. \n \n \n \n \n \n \nRectorat de l'acad\u00e9mie de Cr\u00e9teil - IDF-2026-01-13-00002 - Arr\u00eat\u00e9 du 13 janvier 2026 portant d\u00e9l\u00e9gation de signature \u00e0 madame\nSandrine LAIR, directrice acad\u00e9mique des services de l'\u00e9ducation nationale dans le d\u00e9partement de la Seine-Saint-Denis 15\n \n 5 \nARTICLE 8 : \n \nPour les d\u00e9cisions mentionn\u00e9es aux articles 2, 3 et 4, en cas d'absence ou d'emp\u00eachement de madame Sandrine \nLAIR, directrice acad\u00e9mique des services de l'\u00e9ducation nationale dans le d\u00e9partement de la Seine-Saint-Denis, \nd\u00e9l\u00e9gation de signature est donn\u00e9e \u00e0 :  \n- Monsieur Florent AUCOUTURIER, directeur acad\u00e9mique adjoint des services de l'\u00e9ducation nationale de \nla Seine-Saint-Denis ; \n \n- Monsieur Thomas HEUZE, directeur acad\u00e9mique adjoint des services de l'\u00e9ducation nationale de la \nSeine-Saint-Denis ; \n \n- Madame Florence MARON, directrice acad\u00e9mique adjointe des services de l'\u00e9ducation nationale de la \nSeine-Saint-Denis ; \n \n- Madame Nathalie SIMONET, directrice acad\u00e9mique adjointe des services de l'\u00e9ducation nationale de la \nSeine-Saint-Denis ; \n \n- Madame Paola DAOUD, secr\u00e9taire g\u00e9n\u00e9rale de la direction des services d\u00e9partementaux de l'\u00e9ducation \nnationale de la Seine-Saint-Denis ; \n \n \nEt en cas d'absence ou d'emp\u00eachement de ces derniers \u00e0 : \n \n- Monsieur Alexandre TOBATY, adjoint \u00e0 la directrice acad\u00e9mique des services de l'\u00e9ducation nationale de \nla Seine-Saint-Denis en charge du premier degr\u00e9. \n \n \n \nARTICLE 9 :  \n \nLe pr\u00e9sent arr\u00eat\u00e9 abroge l'arr\u00eat\u00e9 du 15 mai 2025. \n \n \n \nARTICLE 10 : \n \nLe secr\u00e9taire g\u00e9n\u00e9ral de l'acad\u00e9mie de Cr\u00e9teil et la directrice acad\u00e9mique des services de l'\u00e9ducation nationale \ndans le d\u00e9partement de la Seine-Saint-Denis, sont charg\u00e9s, chacun en ce qui le concerne, de l'ex\u00e9cution du \npr\u00e9sent arr\u00eat\u00e9, qui sera publi\u00e9 au recueil des actes administratifs de la pr\u00e9fecture de r\u00e9gion d'Ile-de-France et au \nrecueil des actes administratifs de la pr\u00e9fecture du d\u00e9partement de Seine-Saint-Denis. \n \n \n \n \n Fait \u00e0 Cr\u00e9teil, le 13 janvier 2026 \n \n  \n Le recteur de l'acad\u00e9mie de Cr\u00e9teil \n \n                                                                                                                   Sign\u00e9 \n \n          Jean-Fran\u00e7ois CHANET \n \nRectorat de l'acad\u00e9mie de Cr\u00e9teil - IDF-2026-01-13-00002 - Arr\u00eat\u00e9 du 13 janvier 2026 portant d\u00e9l\u00e9gation de signature \u00e0 madame\nSandrine LAIR, directrice acad\u00e9mique des services de l'\u00e9ducation nationale dans le d\u00e9partement de la Seine-Saint-Denis 16\nRectorat de l'acad\u00e9mie de Cr\u00e9teil\nIDF-2026-01-13-00001\nArr\u00eat\u00e9 du 13 janvier 2026 portant d\u00e9l\u00e9gation de\nsignature \u00e0 madame Sandrine LANDES, cheffe\nde la division des affaires financi\u00e8res (DAF) du\nrectorat de Cr\u00e9teil \nRectorat de l'acad\u00e9mie de Cr\u00e9teil - IDF-2026-01-13-00001 - Arr\u00eat\u00e9 du 13 janvier 2026 portant d\u00e9l\u00e9gation de signature \u00e0 madame\nSandrine LANDES, cheffe de la division des affaires financi\u00e8res (DAF) du rectorat de Cr\u00e9teil 17\nExACADEMIEDE CRETEILLibert\u00e9Egalit\u00e9Fraternit\u00e9\n1 \n Arr\u00eat\u00e9 du 13 janvier 2026 portant d\u00e9l\u00e9gation de signature \u00e0 madame Sandrine LANDES, cheffe de la \ndivision des affaires financi\u00e8res (DAF) du rectorat de Cr\u00e9teil \n \n \n \n LE RECTEUR DE L'ACADEMIE DE CRETEIL \n \n \n \n \nVU le code de l'\u00e9ducation et notamment son article D. 222-20 ; \nVU  le code de la commande publique ;  \nVU le d\u00e9cret n\u00b0 90-437 du 28 mai 1990 modifi\u00e9 fixant les conditions et les modalit\u00e9s de r\u00e8glement des frais \noccasionn\u00e9s par les changements de r\u00e9sidence des personnels civils sur le territoire m\u00e9tropolitain de la France, \nlorsqu'ils sont \u00e0 la charge des budgets de l'\u00c9tat, des \u00e9tablissements publics nationaux \u00e0 caract\u00e8re administratif \net de certains organismes subventionn\u00e9s ;  \nVU le d\u00e9cret n\u00b0 2004-374 du 29 avril 2004 modifi\u00e9 relatif aux pouvoirs des pr\u00e9fets, \u00e0 l'organisation et \u00e0 l'action des \nservices de l'Etat dans les r\u00e9gions et d\u00e9partements ; \nVU le d\u00e9cret n\u00b0 2004-1085 du 14 octobre 2004 relatif \u00e0 la d\u00e9l\u00e9gation de gestion dans les services de l'Etat ; \nVU le d\u00e9cret n\u00b0 2006-781 du 3 juillet 2006 modifi\u00e9 fixant les conditions et les modalit\u00e9s de r\u00e8glement des frais \noccasionn\u00e9s par les d\u00e9placements temporaires des personnels civils de l'\u00c9tat ; \nVU le d\u00e9cret n\u00b0 2012-1246 du 7 novembre 2012 modifi\u00e9 relatif \u00e0 la gestion budg\u00e9taire et comptable publique ;  \nVU le d\u00e9cret du 12 mars 2025 nommant monsieur Jean-Fran\u00e7ois CHANET recteur de l'acad\u00e9mie de Cr\u00e9teil ;   \nVU l'arr\u00eat\u00e9 du 3 juillet 2009 portant r\u00e8glement de comptabilit\u00e9 pour la d\u00e9signation des ordonnateurs secondaires et \nde leurs d\u00e9l\u00e9gu\u00e9s en ce qui concerne le minist\u00e8re de l'\u00e9ducation nationale ; \nVU l'arr\u00eat\u00e9 du 22 d\u00e9cembre 2022 relatif aux r\u00e8gles de la comptabilit\u00e9 budg\u00e9taire de l'Etat pris en application de \nl'article 54 du d\u00e9cret n\u00b0 2012-1246 du 7 novembre 2012 modifi\u00e9 relatif \u00e0 la gestion budg\u00e9taire et comptable \npublique ; \nVU  l'arr\u00eat\u00e9 minist\u00e9riel en date du 12 juin 2018 affectant monsieur Emmanuel MONTFLORE, ing\u00e9nieur d'\u00e9tudes, au \nrectorat de l'acad\u00e9mie de Cr\u00e9teil ; \nVU les arr\u00eat\u00e9s du pr\u00e9fet de la r\u00e9gion d'Ile-de-France n\u00b0 IDF-2025-03-26-00009 du 26 mars 2025 portant d\u00e9l\u00e9gation \nde signature \u00e0 monsieur Jean-Fran\u00e7ois CHANET, recteur de l'acad\u00e9mie de Cr\u00e9teil, en mati\u00e8re de contr\u00f4le de \nl\u00e9galit\u00e9 des \u00e9tablissements publics locaux d'enseignement rattach\u00e9s \u00e0 la r\u00e9gion d'Ile-de-France dans le ressort \nde l'acad\u00e9mie de Cr\u00e9teil et n\u00b0 2025-03-26-00008 du 26 mars 2025 portant d\u00e9l\u00e9gation de signature \u00e0 monsieur \nJean-Fran\u00e7ois CHANET, recteur de l'acad\u00e9mie de Cr\u00e9teil, en mati\u00e8re d'ordonnancement secondaire ; \nVU l'arr\u00eat\u00e9 du pr\u00e9fet de la r\u00e9gion d'Ile-de-France n\u00b0 IDF-2025-03-26-00007 du 26 mars 2025 portant d\u00e9l\u00e9gation de \nsignature \u00e0 monsieur Jean-Fran\u00e7ois CHANET, recteur de l'acad\u00e9mie de Cr\u00e9teil, en mati\u00e8re d'ordonnancement \nsecondaire sur le programme 354 \u00ab administration territoriale de l'Etat \u00bb au titre des d\u00e9penses d'occupation de \nla cit\u00e9 administrative de Melun ; \n \n \nRectorat de l'acad\u00e9mie de Cr\u00e9teil - IDF-2026-01-13-00001 - Arr\u00eat\u00e9 du 13 janvier 2026 portant d\u00e9l\u00e9gation de signature \u00e0 madame\nSandrine LANDES, cheffe de la division des affaires financi\u00e8res (DAF) du rectorat de Cr\u00e9teil 18\n2 \nVU l'arr\u00eat\u00e9 de la rectrice de la r\u00e9gion acad\u00e9mique d'Ile-de-France, rectrice de l'acad\u00e9mie de Paris, chanceli\u00e8re des \nuniversit\u00e9s de Paris et d'Ile-de-France n\u00b0 2025-027-RRA du 27 mars 2025 portant d\u00e9l\u00e9gation de signature en \nmati\u00e8re administrative au secr\u00e9taire g\u00e9n\u00e9ral de la r\u00e9gion acad\u00e9mique d'Ile-de-France et aux recteurs \nd'acad\u00e9mies ainsi que subd\u00e9l\u00e9gation de signature en mati\u00e8re d'ordonnancement secondaire au secr\u00e9taire \ng\u00e9n\u00e9ral de la r\u00e9gion acad\u00e9mique d'Ile-de-France et aux recteurs d'acad\u00e9mies ; \nVU l'arr\u00eat\u00e9 rectoral en date du 9 juillet 2003 nommant madame Guenolla DUFRENOY, adjointe administrative de \nl'\u00e9ducation nationale et de l'enseignement sup\u00e9rieur, au rectorat de l'acad\u00e9mie de Cr\u00e9teil ; \nVU l'arr\u00eat\u00e9 rectoral en date du 26 ao\u00fbt 2010 nommant madame Francine BIKOUMOU, adjointe administrative de \nl'\u00e9ducation nationale et de l'enseignement sup\u00e9rieur, au rectorat de l'acad\u00e9mie de Cr\u00e9teil ;  \nVU l'arr\u00eat\u00e9 rectoral en date du 26 juillet 2011 nommant madame Ang\u00e9lique BERENGER, adjointe administrative de \nl'\u00e9ducation nationale et de l'enseignement sup\u00e9rieur, au rectorat de l'acad\u00e9mie de Cr\u00e9teil ;  \nVU l'arr\u00eat\u00e9 rectoral en date du 21 avril 2016 affectant madame Nicole ZALI, secr\u00e9taire administrative de l'\u00e9ducation \nnationale et de l'enseignement sup\u00e9rieur, au rectorat de l'acad\u00e9mie de Cr\u00e9teil ;  \nVU l'arr\u00eat\u00e9 rectoral en date du 7 juillet 2016 affectant madame Rolanette COSAQUE, adjointe administrative de \nl'\u00e9ducation nationale et de l'enseignement sup\u00e9rieur, au rectorat de l'acad\u00e9mie de Cr\u00e9teil ; \nVU l'arr\u00eat\u00e9 rectoral en date du 21 juillet 2021 nommant madame Amel BELAROUCI, secr\u00e9taire administrative de \nl'\u00e9ducation nationale et de l'enseignement sup\u00e9rieur, au rectorat de l'acad\u00e9mie de Cr\u00e9teil ; \nVU l'arr\u00eat\u00e9 rectoral en date du 30 ao\u00fbt 2021 nommant madame Dani\u00e8le MBOMBO MOKONDA, secr\u00e9taire \nadministrative de l'\u00e9ducation nationale et de l'enseignement sup\u00e9rieur, au rectorat de l'acad\u00e9mie de Cr\u00e9teil ; \nVU l'arr\u00eat\u00e9 rectoral en date du 5 mai 2022 nommant madame Sandrine LANDES, attach\u00e9e principale \nd'administration, cheffe de la division des affaires financi\u00e8res au rectorat de l'acad\u00e9mie de Cr\u00e9teil \u00e0 compter du \n1er avril 2022 ; \nVU l'arr\u00eat\u00e9 rectoral en date du 25 juillet 2022 nommant madame Laurence DEMERY, secr\u00e9taire administrative de \nl'\u00e9ducation nationale et de l'enseignement sup\u00e9rieur, au rectorat de l'acad\u00e9mie de Cr\u00e9teil \u00e0 compter du 1er \nseptembre 2022 ;  \nVU l'arr\u00eat\u00e9 rectoral en date du 25 juillet 2022 nommant madame Sandrine MARGARY, secr\u00e9taire administrative de \nl'\u00e9ducation nationale et de l'enseignement sup\u00e9rieur, au rectorat de l'acad\u00e9mie de Cr\u00e9teil \u00e0 compter du 1er \nseptembre 2022 ;  \nVU l'arr\u00eat\u00e9 rectoral en date du 18 juillet 2023 affectant madame Danielle CHAPUT, attach\u00e9e d'administration hors \nclasse, au rectorat de l'acad\u00e9mie de Cr\u00e9teil \u00e0 compter du 28 ao\u00fbt 2023 ;  \nVU l'arr\u00eat\u00e9 rectoral en date du 4 septembre 2023 nommant monsieur J\u00e9r\u00e9my CREAC'H, secr\u00e9taire administratif de \nl'\u00e9ducation nationale et de l'enseignement sup\u00e9rieur, au rectorat de l'acad\u00e9mie de Cr\u00e9teil \u00e0 compter du 1er \nseptembre 2023 ;  \nVU l'arr\u00eat\u00e9 rectoral en date du 30 ao\u00fbt 2024 nommant madame Magali SAULDUBOIS, secr\u00e9taire administrative de \nl'\u00e9ducation nationale et de l'enseignement sup\u00e9rieur, au rectorat de l'acad\u00e9mie de Cr\u00e9teil ; \nVU l'arr\u00eat\u00e9 rectoral en date du 13 septembre 2024 nommant madame Michelle MAVOUNZA, secr\u00e9taire \nadministrative de l'\u00e9ducation nationale et de l'enseignement sup\u00e9rieur, au rectorat de l'acad\u00e9mie de Cr\u00e9teil ; \nVU l'arr\u00eat\u00e9 rectoral en date du 13 d\u00e9cembre 2024 affectant madame Marion DYMEL, attach\u00e9e principale \nd'administration, au rectorat de l'acad\u00e9mie de Cr\u00e9teil \u00e0 compter du 1er janvier 2025 ; \nVU l'arr\u00eat\u00e9 rectoral en date du 7 juillet 2025 affectant monsieur Mourad ZIANI, adjoint administratif principal de \nl'\u00e9ducation nationale et de l'enseignement sup\u00e9rieur, au rectorat de l'acad\u00e9mie de Cr\u00e9teil ; \nVU l'arr\u00eat\u00e9 rectoral en date du 26 juillet 2025 affectant madame Sandrine DEBRAY, secr\u00e9taire administrative de \nl'\u00e9ducation nationale et de l'enseignement sup\u00e9rieur, au rectorat de l'acad\u00e9mie de Cr\u00e9teil ; \nVU l'arr\u00eat\u00e9 rectoral en date du 29 ao\u00fbt 2025 affectant madame Edwige CHAUMONT, secr\u00e9taire administrative de \nl'\u00e9ducation nationale et de l'enseignement sup\u00e9rieur, au rectorat de l'acad\u00e9mie de Cr\u00e9teil ; \nRectorat de l'acad\u00e9mie de Cr\u00e9teil - IDF-2026-01-13-00001 - Arr\u00eat\u00e9 du 13 janvier 2026 portant d\u00e9l\u00e9gation de signature \u00e0 madame\nSandrine LANDES, cheffe de la division des affaires financi\u00e8res (DAF) du rectorat de Cr\u00e9teil 19\n3 \nVU l'arr\u00eat\u00e9 rectoral en date du 1er septembre 2025 affectant madame Hajar AREJDAL, attach\u00e9e d'administration de \nl'Etat, au rectorat de l'acad\u00e9mie de Cr\u00e9teil \u00e0 compter du 1er septembre 2025 ; \nVU   l'arr\u00eat\u00e9 rectoral en date du 10 septembre 2025 affectant madame Ly-Meige MESURE, attach\u00e9e principale \nd'administration, au rectorat de l'acad\u00e9mie de Cr\u00e9teil \u00e0 compter du 1er octobre 2025 ;  \nVU le contrat \u00e0 dur\u00e9e d\u00e9termin\u00e9e en date du 26 mai 2025 affectant madame Carmen ZANFIR, agent contractuel de \ncat\u00e9gorie C, au rectorat de l'acad\u00e9mie de Cr\u00e9teil ; \nVU l'attestation rectorale en date du 18 janvier 2023 nommant monsieur Emmanuel MONTFLORE, ing\u00e9nieur \nd'\u00e9tudes, adjoint \u00e0 la cheffe de la division des affaires financi\u00e8res \u00e0 compter du 1er octobre 2022 ;  \nVU la d\u00e9cision du 11 d\u00e9cembre 2020 portant d\u00e9signation des responsables de budget op\u00e9rationnel de programme (BOP) et d'unit\u00e9s op\u00e9rationnelles (UO) pour le programme 214 \u00ab soutien de la politique de l'\u00e9ducation nationale \u00bb ; \nVU  la d\u00e9cision du 21 d\u00e9cembre 2020 portant d\u00e9signation des responsables de budget op\u00e9rationnel de programme (BOP) et d'unit\u00e9s op\u00e9rationnelles (UO) pour le programme 150 \u00ab formations sup\u00e9rieures et recherche universitaire \u00bb ; \nVU la convention en date du 3 novembre 2023 de d\u00e9l\u00e9gation de gestion relative \u00e0 l'ex\u00e9cution financi\u00e8re des appels \n\u00e0 projets pour un socle num\u00e9rique dans les \u00e9coles \u00e9l\u00e9mentaires (AAP SNEE) dans le cadre du \u00ab Plan de \nrelance \u00bb au titre de l'activit\u00e9 \u00ab continuit\u00e9 p\u00e9dagogique \u00bb conclue entre la r\u00e9gion acad\u00e9mique d'Ile-de-France et \nl'acad\u00e9mie de Cr\u00e9teil ; \nARRETE \n \nARTICLE 1 :  \nD\u00e9l\u00e9gation de signature est donn\u00e9e \u00e0 madame Sandrine LANDES, cheffe de la division des affaires financi\u00e8res, \u00e0 \nl'effet de signer, dans la limite de ses attributions et comp\u00e9tences, les actes suivants : \n\uf02d Ex\u00e9cution des d\u00e9cisions \u00e0 caract\u00e8re financier relevant des attributions d'ordonnateur \nsecondaire du budget du minist\u00e8re de l'\u00e9ducation nationale, d\u00e9l\u00e9gu\u00e9es au recteur de l'acad\u00e9mie de Cr\u00e9teil, \npar les arr\u00eat\u00e9s du pr\u00e9fet de la r\u00e9gion d'Ile-de-France n\u00b0 IDF-2025-03-26-00008 du 26 mars 2025 et n\u00b0 IDF-\n2025-03-26-00007 du 26 mars 2025 susvis\u00e9s ; \n\uf02d Toutes pi\u00e8ces pour proc\u00e9der \u00e0 l'ordonnancement secondaire des d\u00e9penses relatives au \nprogramme 362 \u00ab Ecologie \u00bb du Plan France Relance dans la limite de l'enveloppe accord\u00e9e \u00e0 l'acad\u00e9mie de \nCr\u00e9teil et sur le territoire de l'acad\u00e9mie dans les conditions pr\u00e9vues du d\u00e9cret n\u00b0 2004-374 du 29 avril 2004 \nmodifi\u00e9 ; \n\uf02d Toutes pi\u00e8ces pour proc\u00e9der \u00e0 l'ordonnancement secondaire des d\u00e9penses relatives \u00e0 \nl'activit\u00e9 \u00ab Continuit\u00e9 p\u00e9dagogique \u00bb de l'unit\u00e9 op\u00e9rationnelle 0363-MENJ-NUPA du programme plan de \nrelance n\u00b0 363 \u00ab Comp\u00e9titivit\u00e9 \u00bb, dans la limite des appels \u00e0 projets retenus pour un socle num\u00e9rique dans les \n\u00e9coles \u00e9l\u00e9mentaires, ayant fait l'objet d'une notification et sur le territoire de l'acad\u00e9mie et dans les conditions \npr\u00e9vues du d\u00e9cret 2004-374 du 29 avril 2004 modifi\u00e9 ; \n\uf02d Ex\u00e9cution des d\u00e9cisions relatives au contr\u00f4le interne financier. \n \nValidation de tous les actes : \n \n- validation d'engagements juridiques, \n- validation des demandes de paiement, \n- certification du service fait, \n- recettes non fiscales, \n- r\u00e9tablissement de cr\u00e9dits. \n \n \nSignature des actes suivants : \n \n- pi\u00e8ces justificatives des recettes et des d\u00e9penses, \n- \u00e9tats r\u00e9capitulatifs des cr\u00e9ances \n- bons de commande, \nRectorat de l'acad\u00e9mie de Cr\u00e9teil - IDF-2026-01-13-00001 - Arr\u00eat\u00e9 du 13 janvier 2026 portant d\u00e9l\u00e9gation de signature \u00e0 madame\nSandrine LANDES, cheffe de la division des affaires financi\u00e8res (DAF) du rectorat de Cr\u00e9teil 20\n4 \n- \u00e9tats de fin de gestion, \n- \u00e9tats des frais de d\u00e9placement, \n- \u00e9tats de r\u00e9gies d'avances et de recettes, \n- indemnit\u00e9s sp\u00e9ciales d'\u00e9loignement, \n- retraite additionnelle, \n- cong\u00e9s bonifi\u00e9s (dont les arr\u00eat\u00e9s d'ouverture de droit), \n- frais de changement de r\u00e9sidence (dont les arr\u00eat\u00e9s d'ouverture de droit), \n- actes relatifs \u00e0 la gestion financi\u00e8re des personnels. \n \nARTICLE 2 :   \n \nEn cas d'absence ou d'emp\u00eachement de madame Sandrine LANDES, d\u00e9l\u00e9gation de signature est donn\u00e9e \u00e0 :  \n \n\u2026\u2026\u2026\u2026\u2026 \u2026\u2026. - Monsieur Emmanuel MONTFLORE, adjoint \u00e0 la cheffe de la division, \n \n- Mesdames Danielle CHAPUT, Marion DYMEL, et Ly-Meige MESURE cheffes de service, \u00e0 l'effet \nde signer, dans la limite de leurs attributions et comp\u00e9tences, l'ensemble des actes de l'article 1. \n \nARTICLE 3 :   \n \nEn cas d'absence ou d'emp\u00eachement de mesdames Sandrine LANDES, Danielle CHAPUT, Marion DYMEL et         \nLy-Meige MESURE et de monsieur Emmanuel MONTFLORE d\u00e9l\u00e9gation de signature est donn\u00e9e \u00e0 mesdames Hajar \nAREJDAL, Amel BELAROUCI, Edwige CHAUMONT, Sandrine DEBRAY, Laurence DEMERY, Sandrine \nMARGARY-PHILIPPE, Michelle MAVOUNZA, Dani\u00e8le MBOMBO MOKONDA, Nicole ZALI et monsieur J\u00e9r\u00e9my \nCREAC'H gestionnaires, \u00e0 l'effet de signer, dans la limite de leurs attributions et comp\u00e9tences, les actes suivants :  \n \n- validation d'engagements juridiques, \n- certification du service fait, \n- validation des demandes de paiement, \n- validation des recettes non fiscales.  \n \nARTICLE 4 :   \n \nEn cas d'absence ou d'emp\u00eachement de mesdames Sandrine LANDES, Danielle CHAPUT, Marion DYMEL et          \nLy-Meige MESURE et de monsieur Emmanuel MONTFLORE, d\u00e9l\u00e9gation de signature est donn\u00e9e pour la certification \ndu service fait et de la ZCERTIF aux gestionnaires suivants :  \n \n- madame Hajar AREJDAL, \n- madame Ang\u00e9lique BERENGER, \n- madame Francine BIKOUMOU, \n- madame Edwige CHAUMONT, \n- madame Rolanette COSAQUE, \n- monsieur J\u00e9r\u00e9my CREAC'H, \n- madame Sandrine DEBRAY, \n- madame Laurence DEMERY, \n- madame Guenolla DUFRENOY, \n- madame Sandrine MARGARY-PHILIPPE, \n- madame Michelle MAVOUNZA, \n- madame Dani\u00e8le MBOMBO MOKONDA, \n- madame Magali SAULDUBOIS, \n- madame Carmen ZANFIR, \n- monsieur Mourad ZIANI. \n \n \nARTICLE 5 :   \n \nLe pr\u00e9sent arr\u00eat\u00e9 abroge l'arr\u00eat\u00e9 du 25 septembre 2025. \n \n \nRectorat de l'acad\u00e9mie de Cr\u00e9teil - IDF-2026-01-13-00001 - Arr\u00eat\u00e9 du 13 janvier 2026 portant d\u00e9l\u00e9gation de signature \u00e0 madame\nSandrine LANDES, cheffe de la division des affaires financi\u00e8res (DAF) du rectorat de Cr\u00e9teil 21\n5 \n \nARTICLE 6 :   \n \nLe pr\u00e9sent arr\u00eat\u00e9 sera publi\u00e9 au recueil des actes administratifs de la pr\u00e9fecture de r\u00e9gion d'Ile-de-France. \n \n \n         \nFait \u00e0 Cr\u00e9teil, le 13 janvier 2026 \n \n \n Le recteur de l'acad\u00e9mie de Cr\u00e9teil \n \n \n                                                                                                                      Sign\u00e9 \n         Jean-Fran\u00e7ois CHANET \nRectorat de l'acad\u00e9mie de Cr\u00e9teil - IDF-2026-01-13-00001 - Arr\u00eat\u00e9 du 13 janvier 2026 portant d\u00e9l\u00e9gation de signature \u00e0 madame\nSandrine LANDES, cheffe de la division des affaires financi\u00e8res (DAF) du rectorat de Cr\u00e9teil 22","date":"2026-01-13","first_seen_on":"2026-01-13T18:15:09+00:00","id":"b9e16e0fd0ace34ce47474e05a526f604d06e3faae007f1d35d1d83a3c7a2280","name":"recueilDS-idf-021-2026-01-recueil-des-actes-administratifs-special du 13.01.2026","pdf_creation_date":"2026-01-13T15:59:23+00:00","pdf_modification_date":null,"timezone":"Europe/Paris","url":"https://www.prefectures-regions.gouv.fr/ile-de-france/irecontenu/telechargement/134589/985870/file/recueilDS-idf-021-2026-01-recueil-des-actes-administratifs-special%20du%2013.01.2026.pdf"}
