{"administration":"pref21","administration_name":"Pr\u00e9fecture de C\u00f4te-d\u2019Or","content":"PR\u00c9FET\nDE LA C\u00d4TE-D'OR\nRECUEIL DES ACTES\nADMINISTRATIFS SP\u00c9CIAL\nN\u00b021-2025-048\nPUBLI\u00c9 LE 28 MARS 2025\nSommaire\nDirection d\u00e9partementale de l'emploi, du travail et des solidarit\u00e9s de\nC\u00f4te-d'Or /\n21-2025-03-25-00005 - R\u00e9c\u00e9piss\u00e9 d\u00e9claration modificative SAP\nn\u00b0898946421 CHTIBI Siam (2 pages) Page 5\n21-2025-03-25-00004 - R\u00e9c\u00e9piss\u00e9 d\u00e9claration SAP n\u00b0848421442\nJOUGNOT Alexis (2 pages) Page 8\n21-2025-03-25-00003 - R\u00e9c\u00e9piss\u00e9 d\u00e9claration SAP n\u00b0940572100\nBUCCELLATO Laetitia (2 pages) Page 11\n21-2025-03-25-00002 - R\u00e9c\u00e9piss\u00e9 d\u00e9claration SAP n\u00b0951202811\nCOMBES Laurane (2 pages) Page 14\nDirection d\u00e9partementale de la protection des populations de la\nC\u00f4te-d'Or / Service Sant\u00e9 et Protections animales, Protection de\nl'Environnement\n21-2025-03-21-00002 - Arr\u00eat\u00e9 pr\u00e9fectoral N\u00b0482/2025 en date du 21\nmars 2025 attribuant l habilitation sanitaire \u00e0 Marie HUMBLOT (2 pages) Page 17\nDirection d\u00e9partementale des territoires de la C\u00f4te-d'Or / Service\nS\u00e9curit\u00e9 et Education Routi\u00e8re\n21-2025-03-27-00001 - Arr\u00eat\u00e9 N\u00b0 501 autorisant une manifestation\nnautique (balade en bateaux) d\u00e9nomm\u00e9e \u00ab\u00a0La Sa\u00f4ne en F\u00eate\u00bb le\ndimanche 22 juin 2025 et portant r\u00e9glementation de la\nnavigation\nint\u00e9rieure sur la sa\u00f4ne (PK 249 \u00e0 PK 252, PK 250 et PK\n249) sur le territoire de la commune de Pontailler-sur-Sa\u00f4ne\n (4 pages) Page 20\n21-2025-03-24-00002 - Arr\u00eat\u00e9 Pr\u00e9fectoral N\u00b0488 autorisant une\nmanifestation nautique et fixant des mesures temporaires de police de la\nnavigation sur le Lac Chanoine Kir \u00e0 Dijon \u00e0 l'occasion du 39e\ntriathlon de Dijon les 24 et 25 mai 2025 (5 pages) Page 25\nDRAAF Bourgogne-Franche-Comt\u00e9 / Service r\u00e9gional de la for\u00eat et du\nbois\n21-2025-03-24-00001 - Arr\u00eat\u00e9 portant approbation de l'am\u00e9nagement\ndes for\u00eats de Bure les Templiers pour la p\u00e9riode 2024-2038 avec\napplication du 2\u00b0 de l'article L122-7 du code forestier (4 pages) Page 31\nDRFiP Bourgogne Franche-Comt\u00e9 /\n21-2025-03-20-00008 - Arr\u00eat\u00e9 relatif au r\u00e9gime d'ouverture au\npublic \ndes services de la direction r\u00e9gionale des finances publiques de\nBourgogne-Franche-Comt\u00e9\net du d\u00e9partement de la C\u00f4te-d'Or (1\npage) Page 36\n21-2025-03-27-00002 - DRFIP21 - d\u00e9l\u00e9gation de signature SIP Beaune\n27.03.2025 (2 pages) Page 38\n2\n21-2025-03-25-00001 - DRFIP21-Delegations sp\u00e9ciales\nPGP-DIV-ETAT-DCDP 01.04.2025 (8 pages) Page 41\nMaison d'arr\u00eat de Dijon /\n21-2025-03-17-00016 - 2025-03-25 D\u00e9l\u00e9gation - ACE, CDD, OFF, 1ERS\nSVTS RAA - 17 (19 pages) Page 50\nPr\u00e9fecture de la C\u00f4te-d'Or / Direction de la coordination, des politiques\npubliques et de l'appui territorial\n21-2025-03-26-00002 - Arr\u00eat\u00e9 pr\u00e9fectoral n\u00b0506 du 26 mars 2025\nportant habilitation de la SAS MALL & MARKET en application de l'article\nR.752-6-3 du code du commerce pour la r\u00e9alisation de l'analyse d'impact\ndes projets d'am\u00e9nagement commercial (2 pages) Page 70\n21-2025-03-26-00001 - Arr\u00eat\u00e9 pr\u00e9fectoral n\u00b0506 du 26/03/2025\nportant habilitation de la SAS MALL & MARKET en application de l'article\nR.752-6-6 du code du commerce pour la r\u00e9alisation de l'analyse d'impact\ndes projets d'am\u00e9nagement commercial (2 pages) Page 73\nPr\u00e9fecture de la C\u00f4te-d'Or / Direction des Collectivit\u00e9s locales et des\nElections\n21-2025-02-03-00006 - Arr\u00eat\u00e9 pr\u00e9fectoral n\u00b0500  portant\nrenouvellement agr\u00e9ment du GRETA 21 en vue d'assurer les formations\ntaxi (3 pages) Page 76\n21-2025-03-24-00003 - Arr\u00eat\u00e9 pr\u00e9fectoral portant habilitation dans le\ndomaine fun\u00e9raire de la soci\u00e9t\u00e9 Services Transports Fun\u00e9raires 21 -\nS.F.F.21 (2 pages) Page 80\nPr\u00e9fecture de la C\u00f4te-d'Or / Direction des s\u00e9curit\u00e9s\n21-2025-03-19-00002 - Arr\u00eat\u00e9 pr\u00e9fectoral N\u00b0484\nportant\nd\u00e9signation d'une autorit\u00e9 habilit\u00e9e \u00e0 d\u00e9cider de l'emploi\nde la force\npour disperser un attroupement (1 page) Page 83\n21-2025-03-19-00003 - Arr\u00eat\u00e9 pr\u00e9fectoral N\u00b0485\nportant\nd\u00e9signation d'une autorit\u00e9 habilit\u00e9e \u00e0 d\u00e9cider de l'emploi\nde la force\npour disperser un attroupement (1 page) Page 85\n21-2025-03-19-00004 - Arr\u00eat\u00e9 pr\u00e9fectoral N\u00b0486\nportant\nd\u00e9signation d'une autorit\u00e9 habilit\u00e9e \u00e0 d\u00e9cider de l'emploi\nde la force\npour disperser un attroupement (1 page) Page 87\nPr\u00e9fecture de la C\u00f4te-d'Or / Secr\u00e9tariat G\u00e9n\u00e9ral\n21-2025-03-21-00003 - arr\u00eat\u00e9 pr\u00e9fectoral n\u00b0502 portant agr\u00e9ment\nISFT de l'association Solidarit\u00e9 Femmes 21 au titre de l'article L.365-3 du\ncode de la construction et de l'habitation (2 pages) Page 89\nSDIS de C\u00f4te-d'Or /\n21-2025-01-02-00014 - Liste d'aptitude op\u00e9rationnelle unit\u00e9 de lutte\ncontre les Feux de For\u00eat (13 pages) Page 92\n3\n21-2025-02-02-00001 - Liste d'aptitude op\u00e9rationnelle Unit\u00e9 de lutte\nface aux Risques Chimiques (4 pages) Page 106\n21-2025-03-02-00001 - Liste d'aptitude op\u00e9rationnelle Unit\u00e9 des\nsyst\u00e8mes d'information et de communication (4 pages) Page 111\n4\nDirection d\u00e9partementale de l'emploi, du travail\net des solidarit\u00e9s de C\u00f4te-d'Or\n21-2025-03-25-00005\nR\u00e9c\u00e9piss\u00e9 d\u00e9claration modificative SAP\nn\u00b0898946421 CHTIBI Siam\nDirection d\u00e9partementale de l'emploi, du travail et des solidarit\u00e9s de C\u00f4te-d'Or - 21-2025-03-25-00005 - R\u00e9c\u00e9piss\u00e9 d\u00e9claration\nmodificative SAP n\u00b0898946421 CHTIBI Siam 5\nPREFETDE LACOTE-D'ORLibert\u00e9\u00c9galit\u00e9Fraternit\u00e9\nDirection D\u00e9partementale de l'Emploi, \ndu Travail et des Solidarit\u00e9s - DDETS \n \nDDETS 21, 21 Bd Voltaire, BP 81110 - 21011 DIJON Cedex \nT\u00e9l. : 03 80 45 75 45 (Accueil) \nwww.cote-dor.gouv.fr \nAffaire suivie par Sophie LACROIX                            Dijon, le 25/03/2025 \nP\u00f4le Emploi Coh\u00e9sion Territoriale \nT\u00e9l : 03 80 45 78 10 // 06 46 79 36 50 \nCourriel : sophie.lacroix@cote-dor.gouv.fr \nMme CHTIBI Siam \n3 place de l'Eglise \n21400 COULMIER LE SEC \n \n \nRECEPISSE DE DECLARATION MODIFICATIVE \nd'un Organisme de Services \u00e0 la Personne \nEnregistr\u00e9 sous le n\u00b0 SAP/898946421 \n \n \nLe Pr\u00e9fet de la C\u00f4te-d'Or, et par subd\u00e9l\u00e9gation du Directeur D\u00e9partemental de la DDETS, la Cheffe du P\u00f4le \nEmploi et Coh\u00e9sion Territoriale/ La Responsable de l'Unit\u00e9 Formation, Emploi, Insertion \n \nVU la loi n\u00b0 2015-1776 du 28 d\u00e9cembre 2015 relative \u00e0 l'adaptation de la soci\u00e9t\u00e9 au vieillissement,  \n \nVU le d\u00e9cret n\u00b0 2016 -750 du 6 juin 2016 relatif \u00e0 la liste des activit\u00e9s de services \u00e0 la personne soumises \u00e0 \nagr\u00e9ment ou \u00e0 autorisation dans le cadre du r\u00e9gime commun de la d\u00e9claration, \n \nVU le code du travail et notamment les articles L 7231-1 \u00e0 L 7233-2,  R 7232-16 \u00e0 R 7232-22, D7231-1 et D 7233-\n1 \u00e0 D 7233-5. \n \nConstate \n \nQu'une d\u00e9claration d'activit\u00e9s de services \u00e0 la personne a \u00e9t\u00e9 accord\u00e9e par la DDETS de C\u00f4te d'Or, le 19 mai \n2021, \u00e0 la microentreprise  SISICLEAN, dont le si\u00e8ge social est situ\u00e9 au 3 place de l'Eglise 21400 COULMIER LE \nSEC, SIREN 898 946 421 dont la responsable est Mme CHTIBI Siam. \n \nA la suite de la demande de d\u00e9claration modificative du 25 f\u00e9vrier 2025, une nouvelle d\u00e9claration modificative \ns'applique pour les activit\u00e9s suivantes \u00e0 l'exclusion de toute autre :  \n \nPrestations relevant de la seule d\u00e9claration - mode prestataire : \n1. Entretien de la maison et travaux m\u00e9nagers ; \n2. Petits travaux de jardinage \n3. Collecte et livraison \u00e0 domicile de linge repass\u00e9 \n4. Livraison de courses \u00e0 domicile \n5. Maintenance, entretien et vigilance temporaires \u00e0 domicile \n6. Assistance informatique \u00e0 domicile \n7. Soins d'esth\u00e9tique \u00e0 domicile pour personnes d\u00e9pendantes \n8. Accompagnement des personnes pr\u00e9sentant une invalidit\u00e9 temporaire  \n \nDirection d\u00e9partementale de l'emploi, du travail et des solidarit\u00e9s de C\u00f4te-d'Or - 21-2025-03-25-00005 - R\u00e9c\u00e9piss\u00e9 d\u00e9claration\nmodificative SAP n\u00b0898946421 CHTIBI Siam 6\nDDETS 21, 21 Bd Voltaire, BP 81110 - 21011 DIJON Cedex \nT\u00e9l. : 03 80 45 75 45 (Accueil) \nwww.cote-dor.gouv.fr \n \nToute modification concernant les activit\u00e9s exerc\u00e9es devra faire l'objet d'une d\u00e9claration modificative pr\u00e9alable. \nSous r\u00e9serve d'\u00eatre exerc\u00e9es \u00e0 titre exclusif ou de tenir une comptabilit\u00e9 s\u00e9par\u00e9e pour les organismes pouvant \nd\u00e9roger \u00e0 la condition d'activit\u00e9 exclusive (art L 7232 -1-2 Code Trav), ces activit\u00e9s o uvrent droit au b\u00e9n\u00e9fice des \ndispositions des articles L. 7233-2 du code du travail et L. 241-10 du code de la s\u00e9curit\u00e9 sociale dans les conditions \npr\u00e9vues par ces articles. \nL'enregistrement de la d\u00e9claration peut \u00eatre retir\u00e9 dans les conditions fix\u00e9es aux  articles R.7232-20 \u00e0 R.7232-22 \ndu code du travail. \nLe pr\u00e9sent r\u00e9c\u00e9piss\u00e9 n'est pas limit\u00e9 dans le temps et sera publi\u00e9 au recueil des actes administratifs de la \npr\u00e9fecture de la C\u00f4te d'Or. \nPour le Pr\u00e9fet de C\u00f4te d'Or, \nEt par subd\u00e9l\u00e9gation du Directeur D\u00e9partemental \nemp\u00each\u00e9, \n La Cheffe du P\u00f4le Emploi et Coh\u00e9sion Territoriale, \n  \nSIGNE \n \nFabienne BAILLY \n   \nDirection d\u00e9partementale de l'emploi, du travail et des solidarit\u00e9s de C\u00f4te-d'Or - 21-2025-03-25-00005 - R\u00e9c\u00e9piss\u00e9 d\u00e9claration\nmodificative SAP n\u00b0898946421 CHTIBI Siam 7\nDirection d\u00e9partementale de l'emploi, du travail\net des solidarit\u00e9s de C\u00f4te-d'Or\n21-2025-03-25-00004\nR\u00e9c\u00e9piss\u00e9 d\u00e9claration SAP n\u00b0848421442\nJOUGNOT Alexis\nDirection d\u00e9partementale de l'emploi, du travail et des solidarit\u00e9s de C\u00f4te-d'Or - 21-2025-03-25-00004 - R\u00e9c\u00e9piss\u00e9 d\u00e9claration SAP\nn\u00b0848421442 JOUGNOT Alexis 8\nPREFETDE LACOTE-D'ORLibert\u00e9\u00c9galit\u00e9Fraternit\u00e9\nDirection D\u00e9partementale de l'Emploi, \ndu Travail et des Solidarit\u00e9s - DDETS \nDDETS 21, 21 Bd Voltaire, BP 81110 - 21011 DIJON Cedex \nT\u00e9l. : 03 80 45 75 45 (Accueil) \nwww.cote-dor.gouv.fr \nAffaire suivie par Sophie LACROIX                          Dijon, 25/03/2025 \nP\u00f4le Emploi-Coh\u00e9sion Territoriale, \nT\u00e9l : 03 80 45 75 07 // 06 84 89 20 33 \nCourriel : sophie.lacroix@cote-dor.gouv.fr \nM. JOUGNOT Alexis \n7 place du monument \n21450 BAIGNEUX LES JUIFS \n \n \n \nRECEPISSE DE DECLARATION \nd'un Organisme de Services \u00e0 la Personne \nEnregistr\u00e9 sous le n\u00b0 SAP/848421442 \n \n \nLe Pr\u00e9fet de la C\u00f4te-d'Or, et par subd\u00e9l\u00e9gation de la Directrice D\u00e9partementale de la DDETS, la \nCheffe du P\u00f4le Emploi et Coh\u00e9sion Territoriale/la Responsable de l'Unit\u00e9 Formation, Emploi, Insertion \n \n \n \nVU la loi n\u00b0 2015-1776 du 28 d\u00e9cembre 2015 relative \u00e0 l'adaptation de la soci\u00e9t\u00e9 au vieillissement, \n \nVU le d\u00e9cret n\u00b0 2016-750 du 6 juin 2016 relatif \u00e0 la liste des activit\u00e9s de services \u00e0 la personne soumises \n\u00e0 agr\u00e9ment ou \u00e0 autorisation dans le cadre du r\u00e9gime commun de la d\u00e9claration, \n \nVU le code du travail et notamment les articles L 7231-1 \u00e0 L 7233-2, R 7232-16 \u00e0 R 7232-22, D7231-1 \net D 7233-1 \u00e0 D 7233-5. \n \n \nConstate \n \nQu'une d\u00e9claration d'activit\u00e9s de services \u00e0 la personne a \u00e9t\u00e9 d\u00e9pos\u00e9e sous le n\u00b0 19 90200 aupr\u00e8s de \nla DDETS de la C\u00f4te d'Or, le 25 f\u00e9vrier 2025, par M. JOUGNOT Alexis, dans le cadre de l'entreprise  \nindividuelle \" AJ'entretien\", repr\u00e9sent\u00e9e par M. JOUGNOT Alexis, dont le si\u00e8ge social est situ\u00e9 7 place \ndu monument 21450 BAIGNEUX LES JUIFS et enregistr\u00e9e sous le n\u00b0 SAP/ 848421442 pour l'activit\u00e9 \nsuivante \u00e0 l'exclusion de toute autre :  \n \n1. Petits travaux de jardinage \n \nCette activit\u00e9 est exerc\u00e9e en qualit\u00e9 de prestataire. \nL'\u00e9tablissement principal, \u00e9galement si\u00e8ge social, se situe \u00e0 l'adresse ci-dessus et poss\u00e8de le num\u00e9ro \nSIRET suivant, 848 421 442 00023. \nDirection d\u00e9partementale de l'emploi, du travail et des solidarit\u00e9s de C\u00f4te-d'Or - 21-2025-03-25-00004 - R\u00e9c\u00e9piss\u00e9 d\u00e9claration SAP\nn\u00b0848421442 JOUGNOT Alexis 9\nDDETS 21, 21 Bd Voltaire, BP 81110 - 21011 DIJON Cedex \nT\u00e9l. : 03 80 45 75 45 (Accueil) \nwww.cote-dor.gouv.fr \nToute modification concernant l'activit\u00e9 exerc\u00e9e devra faire l'objet  d'une d\u00e9claration modificative \npr\u00e9alable. \nSous r\u00e9serve d'\u00eatre exerc\u00e9e \u00e0 titre exclusif (ou sous r\u00e9serve d'une comptabilit\u00e9 s\u00e9par\u00e9e pour les \npersonnes morales dispens\u00e9es de cette condition), ces activit\u00e9s ouvrent droit au b\u00e9n\u00e9fice des \ndispositions des articles L. 7233-2 du code du travail et L. 241 -10 du code de la s\u00e9curit\u00e9 sociale dans \nles conditions pr\u00e9vues par ces articles. \nLes effets de la d\u00e9claration courent \u00e0 compter du jour de d\u00e9p\u00f4t de la demande, conform\u00e9ment \u00e0 l'article \nR.7232-18 du code du travail. \nL'enregistrement de la d\u00e9claration peut \u00eatre retir\u00e9 dans les conditions fix\u00e9es aux articles R.7232 -20 \u00e0 \nR.7232-22 du code du travail. \nLe pr\u00e9sent r\u00e9c\u00e9piss\u00e9 n'est pas limit\u00e9 dans le temps et sera publi\u00e9 au recueil des actes administratifs de \nla pr\u00e9fecture de la C\u00f4te d'Or. \n \nPour le Pr\u00e9fet de C\u00f4te d'Or \nEt par subd\u00e9l\u00e9gation de \nla Directrice D\u00e9partementale emp\u00each\u00e9e, \n   \nLa Cheffe du P\u00f4le Emploi et Coh\u00e9sion Territoriale, \nSIGNE  \nFabienne BAILLY \nDirection d\u00e9partementale de l'emploi, du travail et des solidarit\u00e9s de C\u00f4te-d'Or - 21-2025-03-25-00004 - R\u00e9c\u00e9piss\u00e9 d\u00e9claration SAP\nn\u00b0848421442 JOUGNOT Alexis 10\nDirection d\u00e9partementale de l'emploi, du travail\net des solidarit\u00e9s de C\u00f4te-d'Or\n21-2025-03-25-00003\nR\u00e9c\u00e9piss\u00e9 d\u00e9claration SAP n\u00b0940572100\nBUCCELLATO Laetitia\nDirection d\u00e9partementale de l'emploi, du travail et des solidarit\u00e9s de C\u00f4te-d'Or - 21-2025-03-25-00003 - R\u00e9c\u00e9piss\u00e9 d\u00e9claration SAP\nn\u00b0940572100 BUCCELLATO Laetitia 11\nPREFETDE LACOTE-D'ORLibert\u00e9\u00c9galit\u00e9Fraternit\u00e9\nDirection D\u00e9partementale de l'Emploi, \ndu Travail et des Solidarit\u00e9s - DDETS \nDDETS 21, 21 Bd Voltaire, BP 81110 - 21011 DIJON Cedex \nT\u00e9l. : 03 80 45 75 45 (Accueil) \nwww.cote-dor.gouv.fr \nAffaire suivie par Sophie LACROIX                          Dijon, 25/03/2025 \nP\u00f4le Emploi-Coh\u00e9sion Territoriale, \nT\u00e9l : 03 80 45 75 07 // 06 84 89 20 33 \nCourriel : sophie.lacroix@cote-dor.gouv.fr \nMme BUCCELLATO Laetitia \n2 rue Jean Moulin \n21000 DIJON \n \n \n \nRECEPISSE DE DECLARATION \nd'un Organisme de Services \u00e0 la Personne \nEnregistr\u00e9 sous le n\u00b0 SAP/940572100 \n \n \nLe Pr\u00e9fet de la C\u00f4te-d'Or, et par subd\u00e9l\u00e9gation de la Directrice D\u00e9partementale de la DDETS, la \nCheffe du P\u00f4le Emploi et Coh\u00e9sion Territoriale/la Responsable de l'Unit\u00e9 Formation, Emploi, Insertion \n \n \n \nVU la loi n\u00b0 2015-1776 du 28 d\u00e9cembre 2015 relative \u00e0 l'adaptation de la soci\u00e9t\u00e9 au vieillissement, \n \nVU le d\u00e9cret n\u00b0 2016-750 du 6 juin 2016 relatif \u00e0 la liste des activit\u00e9s de services \u00e0 la personne soumises \n\u00e0 agr\u00e9ment ou \u00e0 autorisation dans le cadre du r\u00e9gime commun de la d\u00e9claration, \n \nVU le code du travail et notamment les articles L 7231-1 \u00e0 L 7233-2, R 7232-16 \u00e0 R 7232-22, D7231-1 \net D 7233-1 \u00e0 D 7233-5. \n \n \nConstate \n \nQu'une d\u00e9claration d'activit\u00e9s de services \u00e0 la personne a \u00e9t\u00e9 d\u00e9pos\u00e9e sous le n\u00b0 19 35080 aupr\u00e8s de \nla DDETS de la C\u00f4te d'Or, le 7 f\u00e9vrier 2025, par Mme BUCCELLATO Laetitia, dans le cadre d'une micro \nentreprise repr\u00e9sent\u00e9e par Mme BUCCELLATO Laetitia, dont le si\u00e8ge social est situ\u00e9 2 rue Jean Moulin \n21000 DIJON et enregistr\u00e9e sous le n\u00b0 SAP/ 940572100 pour l'activit\u00e9 suivante \u00e0 l'exclusion de toute \nautre :  \n \n1. Entretien de la maison et travaux m\u00e9nagers \n \n \nCette activit\u00e9 est exerc\u00e9e en qualit\u00e9 de prestataire. \nL'\u00e9tablissement principal, \u00e9galement si\u00e8ge social, se situe \u00e0 l'adresse ci-dessus et poss\u00e8de le num\u00e9ro \nSIRET suivant, 940 572 100 00011. \nDirection d\u00e9partementale de l'emploi, du travail et des solidarit\u00e9s de C\u00f4te-d'Or - 21-2025-03-25-00003 - R\u00e9c\u00e9piss\u00e9 d\u00e9claration SAP\nn\u00b0940572100 BUCCELLATO Laetitia 12\nDDETS 21, 21 Bd Voltaire, BP 81110 - 21011 DIJON Cedex \nT\u00e9l. : 03 80 45 75 45 (Accueil) \nwww.cote-dor.gouv.fr \nToute modification concernant l'activit\u00e9 exerc\u00e9e devra faire l'objet  d'une d\u00e9claration modificative \npr\u00e9alable. \nSous r\u00e9serve d'\u00eatre exerc\u00e9e \u00e0 titre exclusif (ou sous r\u00e9serve d'une comptabilit\u00e9 s\u00e9par\u00e9e pour les \npersonnes morales dispens\u00e9es de cette condition), ces activit\u00e9s ouvrent droit au b\u00e9n\u00e9fice des \ndispositions des articles L. 7233-2 du code du travail et L. 241 -10 du code de la s\u00e9curit\u00e9 sociale dans \nles conditions pr\u00e9vues par ces articles. \nLes effets de la d\u00e9claration courent \u00e0 compter du jour de d\u00e9p\u00f4t de la demande, conform\u00e9ment \u00e0 l'article \nR.7232-18 du code du travail. \nL'enregistrement de la d\u00e9claration peut \u00eatre retir\u00e9 dans les conditions fix\u00e9es aux articles R.7232 -20 \u00e0 \nR.7232-22 du code du travail. \nLe pr\u00e9sent r\u00e9c\u00e9piss\u00e9 n'est pas limit\u00e9 dans le temps et sera publi\u00e9 au recueil des actes administratifs de \nla pr\u00e9fecture de la C\u00f4te d'Or. \n \nPour le Pr\u00e9fet de C\u00f4te d'Or \nEt par subd\u00e9l\u00e9gation de \nla Directrice D\u00e9partementale emp\u00each\u00e9e, \n   \nLa Cheffe du P\u00f4le Emploi et Coh\u00e9sion Territoriale, \nSIGNE  \nFabienne BAILLY \nDirection d\u00e9partementale de l'emploi, du travail et des solidarit\u00e9s de C\u00f4te-d'Or - 21-2025-03-25-00003 - R\u00e9c\u00e9piss\u00e9 d\u00e9claration SAP\nn\u00b0940572100 BUCCELLATO Laetitia 13\nDirection d\u00e9partementale de l'emploi, du travail\net des solidarit\u00e9s de C\u00f4te-d'Or\n21-2025-03-25-00002\nR\u00e9c\u00e9piss\u00e9 d\u00e9claration SAP n\u00b0951202811 COMBES\nLaurane\nDirection d\u00e9partementale de l'emploi, du travail et des solidarit\u00e9s de C\u00f4te-d'Or - 21-2025-03-25-00002 - R\u00e9c\u00e9piss\u00e9 d\u00e9claration SAP\nn\u00b0951202811 COMBES Laurane 14\nPREFETDE LACOTE-D'ORLibert\u00e9\u00c9galit\u00e9Fraternit\u00e9\nDirection D\u00e9partementale de l'Emploi, \ndu Travail et des Solidarit\u00e9s - DDETS \nDDETS 21, 21 Bd Voltaire, BP 81110 - 21011 DIJON Cedex \nT\u00e9l. : 03 80 45 75 45 (Accueil) \nwww.cote-dor.gouv.fr \nAffaire suivie par Sophie LACROIX                          Dijon, 25/03/2025 \nP\u00f4le Emploi-Coh\u00e9sion Territoriale, \nT\u00e9l : 03 80 45 75 07 // 06 84 89 20 33 \nCourriel : sophie.lacroix@cote-dor.gouv.fr \nMme COMBES Laurane \n10 rue de l'Eglise \n21420 BOUILLAND \n \n \n \nRECEPISSE DE DECLARATION \nd'un Organisme de Services \u00e0 la Personne \nEnregistr\u00e9 sous le n\u00b0 SAP/951202811 \n \n \nLe Pr\u00e9fet de la C\u00f4te-d'Or, et par subd\u00e9l\u00e9gation de la Directrice D\u00e9partementale de la DDETS, la \nCheffe du P\u00f4le Emploi et Coh\u00e9sion Territoriale/la Responsable de l'Unit\u00e9 Formation, Emploi, Insertion \n \n \n \nVU la loi n\u00b0 2015-1776 du 28 d\u00e9cembre 2015 relative \u00e0 l'adaptation de la soci\u00e9t\u00e9 au vieillissement, \n \nVU le d\u00e9cret n\u00b0 2016-750 du 6 juin 2016 relatif \u00e0 la liste des activit\u00e9s de services \u00e0 la personne soumises \n\u00e0 agr\u00e9ment ou \u00e0 autorisation dans le cadre du r\u00e9gime commun de la d\u00e9claration, \n \nVU le code du travail et notamment les articles L 7231-1 \u00e0 L 7233-2, R 7232-16 \u00e0 R 7232-22, D7231-1 \net D 7233-1 \u00e0 D 7233-5. \n \n \nConstate \n \nQu'une d\u00e9claration d'activit\u00e9s de services \u00e0 la personne a \u00e9t\u00e9 d\u00e9pos\u00e9e sous le n\u00b0 19 84260 aupr\u00e8s de \nla DDETS de la C\u00f4te d'Or, le 24 mars 2025, par Mme COMBES Laurane, dans le ca dre de la micro \nentreprise \" \u00d4 CGB \", repr\u00e9sent\u00e9e par Mme COMBES Laurane, dont le si\u00e8ge social est situ\u00e9 10 rue de \nl'Eglise 21420 BOUILLAND  et enregistr\u00e9e sous le n\u00b0 SAP/ 951202811 pour l 'activit\u00e9 suivante  \u00e0 \nl'exclusion de toute autre :  \n \n1. Entretien de la maison et travaux m\u00e9nagers \n \n \nCette activit\u00e9 est exerc\u00e9e en qualit\u00e9 de prestataire. \nL'\u00e9tablissement principal, \u00e9galement si\u00e8ge social, se situe \u00e0 l'adresse ci-dessus et poss\u00e8de le num\u00e9ro \nSIRET suivant, 95120281100026. \nDirection d\u00e9partementale de l'emploi, du travail et des solidarit\u00e9s de C\u00f4te-d'Or - 21-2025-03-25-00002 - R\u00e9c\u00e9piss\u00e9 d\u00e9claration SAP\nn\u00b0951202811 COMBES Laurane 15\nDDETS 21, 21 Bd Voltaire, BP 81110 - 21011 DIJON Cedex \nT\u00e9l. : 03 80 45 75 45 (Accueil) \nwww.cote-dor.gouv.fr \nToute modification concernant l'activit\u00e9 exerc\u00e9e devra faire l'objet d'une d\u00e9claration modificative \npr\u00e9alable. \nSous r\u00e9serve d'\u00eatre exerc\u00e9e \u00e0 titre exclusif (ou sous r\u00e9serve d'une comptabilit\u00e9 s\u00e9par\u00e9e pour les \npersonnes mor ales dispens\u00e9es de cette condition), ces activit\u00e9s ouvrent droit au b\u00e9n\u00e9fice des \ndispositions des articles L. 7233-2 du code du travail et L. 241 -10 du code de la s\u00e9curit\u00e9 sociale dans \nles conditions pr\u00e9vues par ces articles. \nLes effets de la d\u00e9claration courent \u00e0 compter du jour de d\u00e9p\u00f4t de la demande, conform\u00e9ment \u00e0 l'article \nR.7232-18 du code du travail. \nL'enregistrement de la d\u00e9claration peut \u00eatre retir\u00e9 dans les conditions fix\u00e9es aux articles R.7232 -20 \u00e0 \nR.7232-22 du code du travail. \nLe pr\u00e9sent r\u00e9c\u00e9piss\u00e9 n'est pas limit\u00e9 dans le temps et sera publi\u00e9 au recueil des actes administratifs de \nla pr\u00e9fecture de la C\u00f4te d'Or. \n \nPour le Pr\u00e9fet de C\u00f4te d'Or \nEt par subd\u00e9l\u00e9gation de \nla Directrice D\u00e9partementale emp\u00each\u00e9e, \n   \nLa Cheffe du P\u00f4le Emploi et Coh\u00e9sion Territoriale, \nSIGNE  \nFabienne BAILLY \nDirection d\u00e9partementale de l'emploi, du travail et des solidarit\u00e9s de C\u00f4te-d'Or - 21-2025-03-25-00002 - R\u00e9c\u00e9piss\u00e9 d\u00e9claration SAP\nn\u00b0951202811 COMBES Laurane 16\nDirection d\u00e9partementale de la protection des\npopulations de la C\u00f4te-d'Or\nService Sant\u00e9 et Protections animales, Protection\nde l'Environnement\n21-2025-03-21-00002\nArr\u00eat\u00e9 pr\u00e9fectoral N\u00b0482/2025 en date du 21\nmars 2025 attribuant l habilitation sanitaire \u00e0\nMarie HUMBLOT\nDirection d\u00e9partementale de la protection des populations de la C\u00f4te-d'Or - 21-2025-03-21-00002 - Arr\u00eat\u00e9 pr\u00e9fectoral N\u00b0482/2025 en\ndate du 21 mars 2025 attribuant l habilitation sanitaire \u00e0 Marie HUMBLOT 17\nExPREFETDE LACOTE-D'ORijerte'Egalit\u00e9Fraternit\u00e9\nDirection D\u00e9partementale\nde la Protection des Populations\nAffaire suivie par Val\u00e9rie LABUSSIERE                    \nService sant\u00e9 et protection animales,\nprotection de l'environnement\nT\u00e9l : 03 80 29 44 53\nm\u00e9l : ddpp-spa@cote-dor.gouv.fr\nArr\u00eat\u00e9 pr\u00e9fectoral N\u00b0482/2025 en date du 21 mars 2025\nAttribuant l'habilitation sanitaire \u00e0 Marie HUMBLOT\nPr\u00e9fet de la C\u00f4te-d'Or\nVu le Code Rural et de la p\u00eache maritime et notamment ses articles L.203-1 \u00e0 L.203-7 , L.223-\n6, R.203-1 \u00e0 R.203-15 et R.242-33.\nVu le d\u00e9cret n\u00b080-516 du 4 juillet 1980, modifi\u00e9 par le d\u00e9cret n\u00b090-1033 du 19 novembre 1990 \net  par  le  d\u00e9cret  2003-768  du  1er ao\u00fbt  2003,  relatif  \u00e0  l'ex\u00e9cution  des  mesures  de \nprophylaxie collective des maladies des animaux ;\nVu le  d\u00e9cret  n\u00b02004-374  du  29  avril  2004  modifi\u00e9,  relatif  aux  pouvoirs  des  pr\u00e9fets,  \u00e0 \nl'organisation  et  \u00e0  l'action  des  services  de  l'\u00c9tat  dans  les  r\u00e9gions  et  d\u00e9partements \nnotamment son article 43 ;\nVu  le d\u00e9cret du 10 octobre 2024 nommant M. Paul MOURIER, pr\u00e9fet de la C\u00f4te-d' Or ;\nVu l'arr\u00eat\u00e9  pr\u00e9fectoral  n\u00b0  1658/SG  du  28/10/2024,  donnant  d\u00e9l\u00e9gation  de  signature  \u00e0 \nMonsieur Didier ROOSE ;\nVu l'arr\u00eat\u00e9 pr\u00e9fectoral n\u00b0 n\u00b01850/DDPP du 09/12/2024, donnant subd\u00e9l\u00e9gation de signature ;\nConsid\u00e9rant que le Docteur V\u00e9t\u00e9rinaire  Marie HUMBLOT remplit les conditions permettant  \nl'attribution de l'habilitation sanitaire ;\nSur proposition de Monsieur le directeur d\u00e9partemental de la protection des populations de  \nla C\u00f4te-d'Or ;\nDirection D\u00e9partementale de la Protection des Populations - 57 rue de Mulhouse  -  21 033 DIJON Cedex\nt\u00e9l : 03 80 29 43 53... - m\u00e8l : ddpp-spa@cote-dor.gouv.fr\nSite internet : http://www.cote-dor.gouv.fr\npage 1\nDirection d\u00e9partementale de la protection des populations de la C\u00f4te-d'Or - 21-2025-03-21-00002 - Arr\u00eat\u00e9 pr\u00e9fectoral N\u00b0482/2025 en\ndate du 21 mars 2025 attribuant l habilitation sanitaire \u00e0 Marie HUMBLOT 18\nA R R E T E\nArticle 1er :\nL'habilitation sanitaire pr\u00e9vue \u00e0 l'article L.203-1 du code rural et de la p\u00eache maritime susvis\u00e9  \nest attribu\u00e9e pour une dur\u00e9e de 5 ans \u00e0 compter de la date de signature du pr\u00e9sent arr\u00eat\u00e9, \u00e0 \nMarie HUMBLOT  Docteur V\u00e9t\u00e9rinaire inscrite au Tableau de l'Ordre des V\u00e9t\u00e9rinaires de la \nr\u00e9gion Bourgogne-Franche-Comt\u00e9, sous le n\u00b041002, administrativement domicili\u00e9e \u00e0 \nARGOVET 1 avenue Jean Bertin 21000 Dijon\nArticle 2 :\nMarie HUMBLOT  s'engage \u00e0 respecter les prescriptions techniques, administratives et le cas  \n\u00e9ch\u00e9ant financi\u00e8res de mise en \u0153uvre des mesures de pr\u00e9vention, de surveillance ou de lutte  \nprescrites par l'autorit\u00e9 administrative et des op\u00e9rations de police sanitaire ex\u00e9cut\u00e9es en  \napplication de l'article L.203-7 du code rural et de la p\u00eache maritime.\nArticle 3 :\nMarie HUMBLOT  pourra \u00eatre appel\u00e9e par le pr\u00e9fet de ses d\u00e9partements d'exercice pour la  \nr\u00e9alisation  d'op\u00e9rations  de  police  sanitaire  au  sein  des  lieux  de  d\u00e9tention  ou  des \n\u00e9tablissements  pour  lesquels  elle  a  \u00e9t\u00e9  d\u00e9sign\u00e9e v\u00e9t\u00e9rinaire  sanitaire.  Elle  sera  tenue  de \nconcourir \u00e0 ces op\u00e9rations en application des dispositions de l'article L.203-7 du code rural et \nde la p\u00eache maritime.\nArticle 4 :\nTout  manquement  ou  faute  commis  dans  l'exercice  de  la  pr\u00e9sente  habilitation  sanitaire \nentra\u00eenera l'application des dispositions pr\u00e9vues aux articles R.203-15, R.228-6 et suivants du  \ncode rural et de la p\u00eache maritime.\nArticle 5 :\nLa pr\u00e9sente d\u00e9cision peut faire l'objet d'un recours devant le Tribunal Administratif de Dijon  \ndans un d\u00e9lai de deux mois \u00e0 compter de la date de notification, soit par courrier, soit par  \nl'application informatique T\u00e9l\u00e9recours accessible sur le site www.telerecours.fr\nArticle 6 :\nMonsieur le directeur d\u00e9partemental de la protection des populations de la C\u00f4te-d'Or est  \ncharg\u00e9 de l'ex\u00e9cution du pr\u00e9sent arr\u00eat\u00e9 qui sera publi\u00e9 au recueil des actes administratifs de  \nla pr\u00e9fecture de la C\u00f4te-d'Or.\nLa cheffe de service\nSign\u00e9\nFlora AL-HAKKAK\nDirection D\u00e9partementale de la Protection des Populations - 57 rue de Mulhouse  -  21 033 DIJON Cedex\nt\u00e9l : 03 80 29 43 53... - m\u00e8l : ddpp-spa@cote-dor.gouv.fr\nSite internet : http://www.cote-dor.gouv.fr\npage 2\nDirection d\u00e9partementale de la protection des populations de la C\u00f4te-d'Or - 21-2025-03-21-00002 - Arr\u00eat\u00e9 pr\u00e9fectoral N\u00b0482/2025 en\ndate du 21 mars 2025 attribuant l habilitation sanitaire \u00e0 Marie HUMBLOT 19\nDirection d\u00e9partementale des territoires de la\nC\u00f4te-d'Or\nService S\u00e9curit\u00e9 et Education Routi\u00e8re\n21-2025-03-27-00001\nArr\u00eat\u00e9 N\u00b0 501 autorisant une manifestation\nnautique (balade en bateaux) d\u00e9nomm\u00e9e \u00ab\u00a0La\nSa\u00f4ne en F\u00eate\u00bb le dimanche 22 juin 2025 et\nportant r\u00e9glementation de la navigation\nint\u00e9rieure sur la sa\u00f4ne (PK 249 \u00e0 PK 252, PK 250\net PK 249) sur le territoire de la commune de\nPontailler-sur-Sa\u00f4ne\nDirection d\u00e9partementale des territoires de la C\u00f4te-d'Or - 21-2025-03-27-00001 - Arr\u00eat\u00e9 N\u00b0 501 autorisant une manifestation nautique\n(balade en bateaux) d\u00e9nomm\u00e9e \u00ab\u00a0La Sa\u00f4ne en F\u00eate\u00bb le dimanche 22 juin 2025 et portant r\u00e9glementation de la navigation\nint\u00e9rieure sur la sa\u00f4ne (PK 249 \u00e0 PK 252, PK 250 et PK 249) sur le territoire de la commune de Pontailler-sur-Sa\u00f4ne\n20\nExPREFETDE LACOTE-D'ORL,z'berte'Egalit\u00e9Fraternit\u00e9\nDirection d\u00e9partementale des territoires\nde la C\u00f4te-d'Or\nService s\u00e9curit\u00e9 et \u00e9ducation routi\u00e8re\nBureau s\u00e9curit\u00e9 routi\u00e8re\nT\u00e9l. : 03 80 29 44 89\nM\u00e9l : ddt-manifestations-sportives@cote-dor.gouv.fr\nDijon, le 27 mars 2025\nArr\u00eat\u00e9 N\u00b0 501\nautorisant une manifestation nautique (balade en bateaux) d\u00e9nomm\u00e9e \u00ab La Sa\u00f4ne en\nF\u00eate\u00bb le dimanche 22 juin 2025 et portant r\u00e9glementation de la navigation\nint\u00e9rieure sur la sa\u00f4ne (PK 249 \u00e0 PK 252, PK 250 et PK 249) sur le territoire de la commune\nde Pontailler-sur-Sa\u00f4ne\nLe pr\u00e9fet de la C\u00f4te-d'Or\nVU le Code des Transports ;\nVU le Code du Sport ;\nVU le  d\u00e9cret  n\u00b0  2012-1556  du  28  d\u00e9cembre  2012  d\u00e9terminant  la  liste  des  mesures\ntemporaires d'interruption ou de modification des conditions de navigation pouvant \u00eatre\nprises par le gestionnaire de la voie d'eau ;\nVU l'arr\u00eat\u00e9 minist\u00e9riel du 28 juin 2013 portant r\u00e8glement g\u00e9n\u00e9ral de police de la navigation\nint\u00e9rieure (RGP) ;\nVU la circulaire du 24 janvier 2013 relative aux actes et mesures de police de la navigation\nint\u00e9rieure ;\nVU l'arr\u00eat\u00e9 inter-pr\u00e9fectoral du 7 f\u00e9vrier 2017 portant r\u00e8glement particulier de police de la\nnavigation sur l'itin\u00e9raire de Rh\u00f4ne-Sa\u00f4ne \u00e0 grand gabarit ;\nVU  l'arr\u00eat\u00e9 pr\u00e9fectoral n\u00b0 75/SG du 14 janvier 2025 portant d\u00e9l\u00e9gation de signature \u00e0\nMadame Nadine MUCKENSTURM en qualit\u00e9 de directrice d\u00e9partementale par int\u00e9rim et\nlui permettant de donner d\u00e9l\u00e9gation aux agents plac\u00e9s sous son autorit\u00e9 pour signer les\nactes relatifs aux affaires pour lesquelles elle a elle-m\u00eame re\u00e7u d\u00e9l\u00e9gation ;\nDirection d\u00e9partementale des territoires de la C\u00f4te-d'Or\n57 rue de Mulhouse- BP 53317 - 21033 DIJON cedex\nt\u00e9l : 03 80 29 44 44 \u2013 Courriel : ddt@cote-dor.gouv.fr\nDirection d\u00e9partementale des territoires de la C\u00f4te-d'Or - 21-2025-03-27-00001 - Arr\u00eat\u00e9 N\u00b0 501 autorisant une manifestation nautique\n(balade en bateaux) d\u00e9nomm\u00e9e \u00ab\u00a0La Sa\u00f4ne en F\u00eate\u00bb le dimanche 22 juin 2025 et portant r\u00e9glementation de la navigation\nint\u00e9rieure sur la sa\u00f4ne (PK 249 \u00e0 PK 252, PK 250 et PK 249) sur le territoire de la commune de Pontailler-sur-Sa\u00f4ne\n21\nVU l'arr\u00eat\u00e9  n\u00b0  379  du  6  mars  2025  portant  d\u00e9l\u00e9gation  de  signature  aux  agents  de  la\ndirection d\u00e9partementale des territoires de la C\u00f4te-d'Or ;\nVU  la demande en date du 11 mars 2025 transmise par l'association Comit\u00e9 Animation\nCulture  Pontailler,  sollicitant  l'autorisation  d'organiser  le  dimanche  22  juin  2025  une\nmanifestation nautique d\u00e9nomm\u00e9e \u00ab La Sa\u00f4ne en F\u00eate \u00bb du PK 249 \u00e0 PK 252, PK 250 et PK\n249 sur la Sa\u00f4ne sur la commune de Pontailler-sur-Sa\u00f4ne ;\nVU l'attestation d'assurance d\u00e9livr\u00e9e par la MAIF en date du 11 mars 2025 garantissant la\nresponsabilit\u00e9 civile du titulaire du contrat ;\nVU l'avis favorable de Mme le maire de Pontailler-sur-Sa\u00f4ne  en date du 17 mars 2025 ;\nVU l'avis favorable de la direction territoriale Rh\u00f4ne-Sa\u00f4ne de Voies Navigables de France\nen date du 17 mars 2025 ;\nCONSID\u00c9RANT que  le  pr\u00e9fet  de  d\u00e9partement  exerce  les  comp\u00e9tences  qui  lui  sont\nd\u00e9volues en mati\u00e8re de police de la navigation int\u00e9rieure ;\nSUR proposition de la directrice d\u00e9partementale des territoires de la C\u00f4te-d'Or ;\nARR\u00caTE\nArticle 1     : \nMonsieur le pr\u00e9sident  du Comit\u00e9 Animation Culture Pontailler \u2013 5 rue des Celtes 21270\nPontailler-sur-sa\u00f4ne, est autoris\u00e9 \u00e0 organiser le 22 juin 2025, la manifestation nautique\nintitul\u00e9e \u00ab La Sa\u00f4ne en F\u00eate  \u00bb sur la sa\u00f4ne (PK 249 \u00e0 PK 252, PK 250 et PK 249), territoire\nde la commune de Pontailler-sur-Sa\u00f4ne, conform\u00e9ment aux prescriptions ci-dessous et au\nplan annex\u00e9.\nArticle 2 : \nAvant la manifestation, l'organisateur doit interroger M\u00e9t\u00e9o France (soit par le r\u00e9pondeur\nt\u00e9l\u00e9phonique au 08.99.71.02.21, soit par internet : http://france.meteofrance.com/) afin de\nconna\u00eetre la couleur de la carte de vigilance m\u00e9t\u00e9o et prendre toute mesure adapt\u00e9e.\nDans l'hypoth\u00e8se d'une carte orange ou rouge, il lui appartient de prendre les dispositions\nqui s 'imposent, voire d'annuler la manifestation.\nArticle   3     :   \nLe  pr\u00e9sent  arr\u00eat\u00e9  peut  faire  l'objet  d'un  recours  contentieux  devant  le  tribunal\nadministratif de Dijon dans un d\u00e9lai de deux mois \u00e0 compter de sa publication. Un recours\npeut  \u00eatre  d\u00e9pos\u00e9  via  l'application  T\u00e9l\u00e9recours  citoyens  accessible  par  le  site  internet\nwww.telerecours.fr  .  \nDirection d\u00e9partementale des territoires de la C\u00f4te-d'Or\n57 rue de Mulhouse- BP 53317 - 21033 DIJON cedex\nt\u00e9l : 03 80 29 44 44 \u2013 Courriel : ddt@cote-dor.gouv.fr\nDirection d\u00e9partementale des territoires de la C\u00f4te-d'Or - 21-2025-03-27-00001 - Arr\u00eat\u00e9 N\u00b0 501 autorisant une manifestation nautique\n(balade en bateaux) d\u00e9nomm\u00e9e \u00ab\u00a0La Sa\u00f4ne en F\u00eate\u00bb le dimanche 22 juin 2025 et portant r\u00e9glementation de la navigation\nint\u00e9rieure sur la sa\u00f4ne (PK 249 \u00e0 PK 252, PK 250 et PK 249) sur le territoire de la commune de Pontailler-sur-Sa\u00f4ne\n22\nArticle 4 : \nLa directrice de cabinet, la  directrice d\u00e9partementale des territoires de la C\u00f4te-d'Or par\nint\u00e9rim,  le  commandant  de  la  r\u00e9gion  de  gendarmerie  de  Bourgogne-Franche-Comt\u00e9  et  du\ngroupement de gendarmerie de la C\u00f4te-d'Or, le commandant de gendarmerie fluviale de\nSaint-Jean-de- Losne, le directeur territorial Rh\u00f4ne Sa\u00f4ne des Voies Navigables de France,\nle maire de la commune de Pontailler-sur-Sa\u00f4ne et l'organisateur sont charg\u00e9s, chacun en\nce qui le concerne, de l'ex\u00e9cution du pr\u00e9sent arr\u00eat\u00e9 qui sera publi\u00e9 au Recueil des Actes\nAdministratifs  de  la  Pr\u00e9fecture  de  la  C\u00f4te-d'Or  et  dont  copie  sera  adress\u00e9e  au\np\u00e9titionnaire.\nFait \u00e0 Dijon, le 27 mars 2025\n   Pour le pr\u00e9fet et par d\u00e9l\u00e9gation,\nLe chef du bureau de la s\u00e9curit\u00e9 routi\u00e8re,\n                                    SIGN\u00c9\n                           Philippe MUNIER\nDirection d\u00e9partementale des territoires de la C\u00f4te-d'Or\n57 rue de Mulhouse- BP 53317 - 21033 DIJON cedex\nt\u00e9l : 03 80 29 44 44 \u2013 Courriel : ddt@cote-dor.gouv.fr\nDirection d\u00e9partementale des territoires de la C\u00f4te-d'Or - 21-2025-03-27-00001 - Arr\u00eat\u00e9 N\u00b0 501 autorisant une manifestation nautique\n(balade en bateaux) d\u00e9nomm\u00e9e \u00ab\u00a0La Sa\u00f4ne en F\u00eate\u00bb le dimanche 22 juin 2025 et portant r\u00e9glementation de la navigation\nint\u00e9rieure sur la sa\u00f4ne (PK 249 \u00e0 PK 252, PK 250 et PK 249) sur le territoire de la commune de Pontailler-sur-Sa\u00f4ne\n23\nP\"\u2014\" Geocotedor\nLes informations contenues sur les cartes ne sont pas contractuelles, elles ne Vu pour \u00e9tre annex\u00e9 \u00e0 l'arr\u00eat\u00e9peuvent en aucun cas engager la responsabilit\u00e9 de la collectivit\u00e9. pr\u00e9foctorse REF c uSLe chef du bureau de la s\u00e9curit\u00e9 routi\u00e8reSIGN\u00c9Philippe MUNIER\nDirection d\u00e9partementale des territoires de la C\u00f4te-d'Or\n57 rue de Mulhouse- BP 53317 - 21033 DIJON cedex\nt\u00e9l : 03 80 29 44 44 \u2013 Courriel : ddt@cote-dor.gouv.fr\nDirection d\u00e9partementale des territoires de la C\u00f4te-d'Or - 21-2025-03-27-00001 - Arr\u00eat\u00e9 N\u00b0 501 autorisant une manifestation nautique\n(balade en bateaux) d\u00e9nomm\u00e9e \u00ab\u00a0La Sa\u00f4ne en F\u00eate\u00bb le dimanche 22 juin 2025 et portant r\u00e9glementation de la navigation\nint\u00e9rieure sur la sa\u00f4ne (PK 249 \u00e0 PK 252, PK 250 et PK 249) sur le territoire de la commune de Pontailler-sur-Sa\u00f4ne\n24\nDirection d\u00e9partementale des territoires de la\nC\u00f4te-d'Or\nService S\u00e9curit\u00e9 et Education Routi\u00e8re\n21-2025-03-24-00002\nArr\u00eat\u00e9 Pr\u00e9fectoral N\u00b0488 autorisant une\nmanifestation nautique et fixant des mesures\ntemporaires de police de la navigation sur le Lac\nChanoine Kir \u00e0 Dijon \u00e0 l'occasion du 39e\ntriathlon de Dijon les 24 et 25 mai 2025\nDirection d\u00e9partementale des territoires de la C\u00f4te-d'Or - 21-2025-03-24-00002 - Arr\u00eat\u00e9 Pr\u00e9fectoral N\u00b0488 autorisant une\nmanifestation nautique et fixant des mesures temporaires de police de la navigation sur le Lac Chanoine Kir \u00e0 Dijon \u00e0 l'occasion du\n39e triathlon de Dijon les 24 et 25 mai 2025\n25\nExPREFETDE LACOTE-D'ORLibert\u00e9Egalit\u00e9Fraternit\u00e9\nDirection d\u00e9partementale des territoires\nde la C\u00f4te-d'Or\nAffaire suivie par Manon BEAULIEU     \nService de la s\u00e9curit\u00e9 et de l'\u00e9ducation routi\u00e8re\nBureau de la s\u00e9curit\u00e9 routi\u00e8re\nT\u00e9l : 03 80 29 44 23\nm\u00e9l : ddt-manifestations-sportives@cote-dor.gouv.fr\nArr\u00eat\u00e9 Pr\u00e9fectoral N\u00b0488\nautorisant une manifestation nautique et fixant des mesures temporaires de police de la \nnavigation sur le Lac Chanoine Kir \u00e0 Dijon \u00e0 l'occasion du 39e triathlon de Dijon \nles 24 et 25 mai 2025\nLe pr\u00e9fet de la r\u00e9gion Bourgogne-Franche-Comt\u00e9\nPr\u00e9fet de la C\u00f4te-d'Or\nVU le Code des Transports ;\nVU le Code du Sport ;\nVU le d\u00e9cret n\u00b0 2012-1556 du 28 d\u00e9cembre 2012 d\u00e9terminant la liste des mesures temporaires \nd'interruption ou de modification des conditions de la navigation pouvant \u00eatre prises par le  \ngestionnaire de la voie d'eau ;\nVU l'arr\u00eat\u00e9 minist\u00e9riel du 28 juin 2013 portant r\u00e8glement g\u00e9n\u00e9ral de police de la navigation  \nint\u00e9rieure (RGP) ;\nVU l'arr\u00eat\u00e9 pr\u00e9fectoral N\u00b0996 du 17 ao\u00fbt 2022 portant r\u00e8glement particulier de police pour  \nl'exercice de la navigation de plaisance et des activit\u00e9s sportives et touristiques diverses sur le \nlac Kir dans le d\u00e9partement de la C\u00f4te-d'Or ;\nVU la circulaire du 24 janvier 2013 relative aux actes et mesures de police de la navigation  \nint\u00e9rieure ;\nVU la demande de l'association Dijon Triathlon, 5 rue des champs Moreaux \u00e0 DAIX (21121), en \ndate  du  16  janvier  2025,  sollicitant  l'autorisation  d'organiser une  manifestation  nautique \n(triathlon) sur le Lac Chanoine Kir les 24 et 25 mai 2025;\nDirection d\u00e9partementale des territoires de la C\u00f4te-d'Or\n57, rue de Mulhouse - BP 53317 - 21033 Dijon CEDEX\nT\u00e9l. : 03 80 29 44 44\nCourriel : ddt@cote-dor.gouv.fr\nDirection d\u00e9partementale des territoires de la C\u00f4te-d'Or - 21-2025-03-24-00002 - Arr\u00eat\u00e9 Pr\u00e9fectoral N\u00b0488 autorisant une\nmanifestation nautique et fixant des mesures temporaires de police de la navigation sur le Lac Chanoine Kir \u00e0 Dijon \u00e0 l'occasion du\n39e triathlon de Dijon les 24 et 25 mai 2025\n26\nVU l'avis favorable de la direction Interd\u00e9partementale de la Police Nationale de la C\u00f4te-d'Or  \nen date du 31/01/2025 ;\nVU l'avis favorable de la commune de Dijon en date du 24/02/2025 ;\nVU l'attestation d'affiliation \u00e0 la FFTRI, assur\u00e9e en responsabilit\u00e9 civile \u00e0 la MAIF, ce tant pour  \nson compte que pour ses affili\u00e9s sous le num\u00e9ro 4464742K, d\u00e9livr\u00e9e le 03/10/2024 ;\nVU l'attestation sur l'honneur de conformit\u00e9 des bateaux \u00e0 la r\u00e9glementation en vigueur  \nd\u00e9livr\u00e9e par l'organisateur de la manifestation le 22 janvier 2025 ;\nCONSID\u00c9RANT que le pr\u00e9fet de d\u00e9partement exerce les comp\u00e9tences qui lui sont d\u00e9volues  \nen mati\u00e8re de police de la navigation int\u00e9rieure ;\nSUR proposition de Madame la directrice d\u00e9partementale des territoires de la C\u00f4te-d'Or par  \nint\u00e9rim ;\nARRETE\nArticle 1 : Autorisation\nL'association Dijon Triathlon est autoris\u00e9e \u00e0 organiser le  samedi 24 mai 2025 de 9h30 \u00e0 10h30  \net de 15h \u00e0 15h45, et dimanche 25 mai 2025 de 9h30 \u00e0 11h, la manifestation nautique intitul\u00e9e \n\u00ab 39  Triathlon de Dijon\u1d49  \u00bb, sur le Lac Chanoine Kir, sur le territoire de la commune de DIJON,  \nconform\u00e9ment aux prescriptions ci-dessous et aux plans annex\u00e9s.\nArticle 2 : Restrictions des activit\u00e9s nautiques\nSur le Lac Chanoine Kir, les activit\u00e9s de baignade, p\u00e9dalos, navigation \u00e0 voiles, \u00e0 rames et \u00e0  \npagaies et la p\u00eache sont interdites le samedi 24 mai 2025 de 9h30 \u00e0 10h30 et de 15h \u00e0 15h45,  \net le dimanche 25 mai 2025 de 9h30 \u00e0 11h. \nCes prescriptions de navigation ne s'imposent pas aux b\u00e2timents de service n\u00e9cessaires \u00e0 la  \nmanifestation ni aux b\u00e2timents des services d'incendie et de secours.\nArticle 3 : Vigilance\nAvant la manifestation, les organisateurs devront interroger M\u00e9t\u00e9o France (soit par internet  : \nhttp://france.meteofrance.com/ soit par le r\u00e9pondeur t\u00e9l\u00e9phonique au 05.67.22.95.00) afin  \nde conna\u00eetre la couleur de la carte de vigilance m\u00e9t\u00e9o et prendre toute mesure adapt\u00e9e.  \nDans  l'hypoth\u00e8se  d'une  carte  orange  ou  rouge,  il  leur  appartiendra  de  prendre  les \ndispositions qui s'imposent, voire d'annuler la manifestation.\nArticle 4 : Recours\nLe pr\u00e9sent arr\u00eat\u00e9 peut faire l'objet d'un recours contentieux devant le tribunal administratif  \nde Dijon dans un d\u00e9lai de deux mois \u00e0 compter de sa publication. Un recours peut \u00eatre  \nDirection d\u00e9partementale des territoires de la C\u00f4te-d'Or\n57, rue de Mulhouse - BP 53317 - 21033 Dijon CEDEX\nT\u00e9l. : 03 80 29 44 44\nCourriel : ddt@cote-dor.gouv.fr\nDirection d\u00e9partementale des territoires de la C\u00f4te-d'Or - 21-2025-03-24-00002 - Arr\u00eat\u00e9 Pr\u00e9fectoral N\u00b0488 autorisant une\nmanifestation nautique et fixant des mesures temporaires de police de la navigation sur le Lac Chanoine Kir \u00e0 Dijon \u00e0 l'occasion du\n39e triathlon de Dijon les 24 et 25 mai 2025\n27\nd\u00e9pos\u00e9  via  l'application  T\u00e9l\u00e9recours  citoyens  accessible  par  le  site  internet  \nwww.telerecours.fr\nArticle 5 : Publication et ex\u00e9cution\nLa directrice  de  cabinet  du  pr\u00e9fet  de  la  C\u00f4te-d'Or,  la  directrice  d\u00e9partementale  des \nterritoires de la C\u00f4te-d'Or par int\u00e9rim, le directeur d\u00e9partemental de la s\u00e9curit\u00e9 publique, le  \ndirecteur d\u00e9partemental des services d'incendie et de secours de la C\u00f4te-d'Or et le maire de  \nDijon sont charg\u00e9s, chacun en ce qui le concerne, de l'ex\u00e9cution du pr\u00e9sent arr\u00eat\u00e9 qui sera  \npubli\u00e9 au Recueil des Actes Administratifs de la Pr\u00e9fecture de la C\u00f4te-d'Or.\nFait \u00e0 Dijon, le 24 mars 2025\nPour le Pr\u00e9fet et par d\u00e9l\u00e9gation,\nLe chef de bureau de la s\u00e9curit\u00e9 routi\u00e8re\nSIGNE\nPhilippe MUNIER\nDirection d\u00e9partementale des territoires de la C\u00f4te-d'Or\n57, rue de Mulhouse - BP 53317 - 21033 Dijon CEDEX\nT\u00e9l. : 03 80 29 44 44\nCourriel : ddt@cote-dor.gouv.fr\nDirection d\u00e9partementale des territoires de la C\u00f4te-d'Or - 21-2025-03-24-00002 - Arr\u00eat\u00e9 Pr\u00e9fectoral N\u00b0488 autorisant une\nmanifestation nautique et fixant des mesures temporaires de police de la navigation sur le Lac Chanoine Kir \u00e0 Dijon \u00e0 l'occasion du\n39e triathlon de Dijon les 24 et 25 mai 2025\n28\nDirection d\u00e9partementale des territoires de la C\u00f4te-d'Or\n57, rue de Mulhouse - BP 53317 - 21033 Dijon CEDEX\nT\u00e9l. : 03 80 29 44 44\nCourriel : ddt@cote-dor.gouv.fr\nAnnexe \u00e0 l'arr\u00eat\u00e9 pr\u00e9fectoral \nN\u00b0488 du 24 mars 2025\nPour le Pr\u00e9fet et par d\u00e9l\u00e9gation,\nLe chef de bureau de la s\u00e9curit\u00e9 routi\u00e8re\nSIGNE\nPhilippe MUNIER\nDirection d\u00e9partementale des territoires de la C\u00f4te-d'Or - 21-2025-03-24-00002 - Arr\u00eat\u00e9 Pr\u00e9fectoral N\u00b0488 autorisant une\nmanifestation nautique et fixant des mesures temporaires de police de la navigation sur le Lac Chanoine Kir \u00e0 Dijon \u00e0 l'occasion du\n39e triathlon de Dijon les 24 et 25 mai 2025\n29\nDirection d\u00e9partementale des territoires de la C\u00f4te-d'Or\n57, rue de Mulhouse - BP 53317 - 21033 Dijon CEDEX\nT\u00e9l. : 03 80 29 44 44\nCourriel : ddt@cote-dor.gouv.fr\nAnnexe \u00e0 l'arr\u00eat\u00e9 pr\u00e9fectoral \nN\u00b0488 du 24 mars 2025\nPour le Pr\u00e9fet et par d\u00e9l\u00e9gation,\nLe chef de bureau de la s\u00e9curit\u00e9 \nrouti\u00e8re\nSIGNE\nPhilippe MUNIER\nDirection d\u00e9partementale des territoires de la C\u00f4te-d'Or - 21-2025-03-24-00002 - Arr\u00eat\u00e9 Pr\u00e9fectoral N\u00b0488 autorisant une\nmanifestation nautique et fixant des mesures temporaires de police de la navigation sur le Lac Chanoine Kir \u00e0 Dijon \u00e0 l'occasion du\n39e triathlon de Dijon les 24 et 25 mai 2025\n30\nDRAAF Bourgogne-Franche-Comt\u00e9\nService r\u00e9gional de la for\u00eat et du bois\n21-2025-03-24-00001\nArr\u00eat\u00e9 portant approbation de l'am\u00e9nagement\ndes for\u00eats de Bure les Templiers pour la p\u00e9riode\n2024-2038 avec application du 2\u00b0 de l'article\nL122-7 du code forestier\nDRAAF Bourgogne-Franche-Comt\u00e9 - 21-2025-03-24-00001 - Arr\u00eat\u00e9 portant approbation de l'am\u00e9nagement des for\u00eats de Bure les\nTempliers pour la p\u00e9riode 2024-2038 avec application du 2\u00b0 de l'article L122-7 du code forestier 31\nPR\u00c9FET | Direction r\u00e9gionale de l'alimentation,DE LA REGION de I'agriculture et de la for\u00eatBOURGOGNE- \u00c9FRANCHE-COMT\u00c9 Bourgogne-Franche-Comt\u00e9Libet\u00e9 Service r\u00e9gional de la for\u00eat et du boisgalit\u00e9Fraternit\u00e9D\u00e9partement : C\u00d4TE-D'ORFor\u00eats de Bure les TempliersContenance cadastrale : 1 020,5945 haSurface de gestion : 1020,59 haR\u00e9vision du document d'am\u00e9nagement : 2024-2038Arr\u00eat\u00e9 d'am\u00e9nagement n\u00b02/_ 2025. 03_24. cooe Lportant approbation du document d'am\u00e9nagement des for\u00eats de Bure les Templiers pour lap\u00e9riode 2024-2038 avec application du 2\u00b0 de l'article L122-7 du code forestierLe Pr\u00e9fet de la r\u00e9gionBOURGOGNE-FRANCHE-COMT\u00c9,Pr\u00e9fet de la C\u00f4te d'Or, Chevalier de la L\u00e9gion d'Honneur et de l'Ordre National du M\u00e9riteVU es articles L124-1,1\u00b0, L212-1, L212-2, D212-1, D212-2, R212-3, D212-5,2\u00b0, D214-15, etD214-16 du Code Forestier ;VU es articles L122-7, L122-8, R122-23 et R122-24 du Code Forestier ;VU l'article R212-4 du Code Forestier ;VU les articles L414-4 et R414-19 du Code de l'Environnement ;VU le sch\u00e9ma r\u00e9gional d'am\u00e9nagement de la r\u00e9gion Bourgogne, arr\u00eat\u00e9 en date du 05/12/2011 ;VU [I'avis du Directeur du parc National de for\u00eats en date du 04/02/2025 ;VU l'approbation du conseil municipal de la commune de B/ure les Templiers en date du04/10/2024, vis\u00e9 par la sous-pr\u00e9fecture de Montbard le 09/10/2024, donnant son accord auprojet d'am\u00e9nagement forestier qui lui a \u00e9t\u00e9 pr\u00e9sent\u00e9, et demandant le b\u00e9n\u00e9fice des articlesL122-7 et L122-8 du code forestier au titre de la r\u00e9glementation des sites Natura 2000 ;VU le d\u00e9cret n\u00b0 2004-374 du 29 avril 2004 modifi\u00e9 relatif aux pouvoirs des pr\u00e9fets, \u00e0l'organisation et \u00e0 l'action des services de l'Etat dans les r\u00e9gions et d\u00e9partements ;VU le d\u00e9cret du 10 octobre 2024 nommant M. Paul MOURIER, pr\u00e9fet de la r\u00e9gion Bourgogne-Franche-Comt\u00e9, pr\u00e9fet de la C\u00f4te-d'Or ;VU l'arr\u00eat\u00e9 pr\u00e9fectoral n\u00b0 24-296 BAG du 28 octobre 2024 portant d\u00e9l\u00e9gation de signature duPr\u00e9fet \u00e0 Madame Marie-Jeanne FOTRE \u2014 MULLER et la d\u00e9cision n\u00b024-47- DRAAF BFCdu 29 octobre 2024, portant subd\u00e9l\u00e9gation \u00e0 Monsieur Pierre LAMBARE ;SUR proposition du Directeur Territorial de l'Office National des For\u00eats ;SUR proposition de la Directrice R\u00e9gionale de I' Alimentation, de l'Agriculture et de la For\u00eat ;\nARR\u00caTEArticle 1\": Les for\u00eats de Bure les Templiers (C\u00d4TE-D'OR), d'une contenance de 1020,59 ha,sont affect\u00e9es prioritairement \u00e0 la fonction de production ligneuse et \u00e0 la fonction \u00e9cologique,tout en assurant leur fonction sociale et de protection physique, dans le cadre d'une gestiondurable multifonctionnelle.\nDRAAF Bourgogne-Franche-Comt\u00e9 - 21-2025-03-24-00001 - Arr\u00eat\u00e9 portant approbation de l'am\u00e9nagement des for\u00eats de Bure les\nTempliers pour la p\u00e9riode 2024-2038 avec application du 2\u00b0 de l'article L122-7 du code forestier 32\nArticle 2 : Cette for\u00eat comprend une partie bois\u00e9e de 1017,63 ha, actuellement compos\u00e9e deh\u00e9tre (50%), ch\u00e9ne sessile ou p\u00e9doncul\u00e9 (37%), charme (3%), \u00e9rable champ\u00e9tre (3%), fr\u00e9necommun (1%), fruitiers (1%), merisier (1%), pin sylvestre (1%), tilleul (1%), tremble (1%) etdivers feuillus (1%). Le reste, soit 2,96 ha, est constitu\u00e9 d'emprises de routes empierr\u00e9es.Les peuplements susceptibles de production ligneuse seront trait\u00e9s en conversion en futaieirr\u00e9guli\u00e8re sur 804,11 ha, en futaie r\u00e9guli\u00e8re dont conversion en futaie r\u00e9guli\u00e8re sur 105,69 ha eten attente sans traitement d\u00e9fini sur 34,46 ha.Les essences-objectif, qui d\u00e9terminent sur le long terme les grands choix de gestion de cespeuplements, seront feuillues et r\u00e9sineuses : prioritairement, le ch\u00eane sessile, accompagn\u00e9 d'unlarge cort\u00e8ge d'essences compte tenu de l'incertitude actuelle sur l'\u00e9volution des changementsclimatiques en cours. Les choix d'essences pourront \u00eatre modul\u00e9s en cours d'application del'am\u00e9nagement pour assurer l'adaptation du choix de chaque groupe d'essences-objectif, aux\u00e9volutions des connaissances en mati\u00e8re de changements climatiques et d'adaptation desessences \u00e0 ces changements.Article 3 : Pendant une dur\u00e9e de 15 ans (2024 \u2014 2038) :- La for\u00eat sera divis\u00e9e en 12 groupes de gestion := Un groupe de r\u00e9g\u00e9n\u00e9ration, d'une contenance de 30,81 ha en sylviculture, au seinduquel 3,08 ha seront nouvellement ouverts en r\u00e9g\u00e9n\u00e9ration, et 30,81 ha serontparcourus par une coupe d\u00e9finitive au cours de la p\u00e9riode ;= Un groupe de jeunesse, d'une contenance de 58,75 ha en sylviculture, qui fera l'objetdes travaux n\u00e9cessaires \u00e0 l'\u00e9ducation des peuplements et qui pourra \u00eatre parcouru parune premi\u00e8re coupe d'\u00e9claircie en fin de p\u00e9riode ;= Un groupe d'am\u00e9lioration, d'une contenance de 16,13 ha en sylviculture, qui seraparcouru par des coupes selon une rotation de 8 ans ;= 'Trois groupes de futaie irr\u00e9guli\u00e8re, d'une contenance totale de 804,11 ha ensylviculture, qui seront parcourus par des coupes visant \u00e0 se rapprocher d'une structure\u00e9quilibr\u00e9e, selon une rotation variant de 8 \u00e0 15 ans en fonction de la croissance despeuplements ;= Un groupe d'attente, d'une contenance de 34,46 ha en sylviculture, qui sera laiss\u00e9 encroissance libre sur la p\u00e9riode ;= Un groupe d'\u00eelots de s\u00e9nescence, d'une contenance de 26,20 ha, qui sera laiss\u00e9 \u00e0 son\u00e9volution naturelle, au profit de la biodiversit\u00e9 ;= Un groupe en hors sylviculture \u00e0 vocation \u00e9cologique, d'une contenance de 22,23 ha,dans lequel des interventions seront pr\u00e9vues dans le but de maintenir ou de restaurer uneesp\u00e8ce ou un milieu sensible ;= Un groupe hors sylviculture en \u00e9volution naturelle d'une contenance de 22,87 ha, qui seralaiss\u00e9 \u00e0 son \u00e9volution naturelle ;= Un groupe en hors sylviculture \u00e0 vocation d'accueil du public, d'une contenance de2,57 ha, qui sera g\u00e9r\u00e9 dans le but d'am\u00e9liorer la capacit\u00e9 d'accueil du massif ;= Un groupe hors sylviculture constitu\u00e9 des emprises de routes foresti\u00e8res, d'unecontenance de 2,46 ha, qui sera laiss\u00e9 en l'\u00e9tat.- 0,9 km de route empierr\u00e9e et 0,55 km de pistes foresti\u00e8res et 1 place de retournementseront cr\u00e9\u00e9es afin d'am\u00e9liorer la desserte du massif ;- l'Office National des For\u00eats informera r\u00e9guli\u00e8rement le Conseil Municipal de la communede Bure les Templiers de l'\u00e9tat de l'\u00e9quilibre sylvo-cyn\u00e9g\u00e9tique dans la for\u00eat entrainant la n\u00e9ces-sit\u00e9 de prot\u00e9ger tous les plants qui pourraient \u00eatre mis en place, et ce dernier mettra en \u0153uvretoutes les mesures n\u00e9cessaires \u00e0 son r\u00e9tablissement suivant la capacit\u00e9 d'accueil, et en s'assuranten particulier que le niveau des demandes de plans de chasse concernant la for\u00eat est adapt\u00e9 et en\nDRAAF Bourgogne-Franche-Comt\u00e9 - 21-2025-03-24-00001 - Arr\u00eat\u00e9 portant approbation de l'am\u00e9nagement des for\u00eats de Bure les\nTempliers pour la p\u00e9riode 2024-2038 avec application du 2\u00b0 de l'article L122-7 du code forestier 33\nnette augmentation compte tenu de l'\u00e9volution des populations de grand gibier et des d\u00e9g\u00e2tsconstat\u00e9s sur les peuplements;- les mesures d\u00e9finies par les consignes nationales de gestion visant \u00e0 la pr\u00e9servation de labiodiversit\u00e9 courante (notamment la conservation d'arbres isol\u00e9s \u00e0 cavit\u00e9s, morts, ou s\u00e9nescents)ainsi qu'\u00e0 la pr\u00e9servation des sols et des eaux de surface, seront syst\u00e9matiquement mises en\u0153uvre.\nArticle4: Le document d'am\u00e9nagement des for\u00eats de Bure les Templiers, pr\u00e9sentement arr\u00e9t\u00e9,est approuv\u00e9 par application du 2\u00b0 de l'article L122-7 du code forestier, pour le programme decoupes et de travaux sylvicoles, \u00e0 l'exclusion des travaux de desserte, au titre :- de la r\u00e9glementation propre \u00e0 Natura 2000 relative \u00e0 la ZSC FR2600963 \u00ab Marais tufeux duCh\u00e2tillonnais \u00bb et \u00e0 la ZPS FR2612003 \u00ab Massifs forestiers et vall\u00e9es du Ch\u00e2tillonnais \u00bb,instaur\u00e9es au titre des directives europ\u00e9ennes \u00ab oiseaux et habitats naturels \u00bb ; consid\u00e9rant quela for\u00eat est situ\u00e9e pour 26% de sa surface dans les 2 sites NATURA 2000;Article 5 : La Directrice R\u00e9gionale de l'Alimentation, de l'Agriculture, et de la For\u00eat, et leDirecteur Territorial de l'Office National des For\u00eats sont charg\u00e9s, chacun en ce qui le concerne,de l'ex\u00e9cution du pr\u00e9sent arr\u00eat\u00e9, qui sera publi\u00e9 au recueil des actes administratifs de lapr\u00e9fecture de COTE-D'OR.Besan\u00e7on, le 74 \"lau olPour le Pr\u00e9fet de la R\u00e9gion Bourgogne-Franche-Comt\u00e9 et par d\u00e9l\u00e9gation,La Directrice R\u00e9gionale de l'Alimentation, de l'Agriculture et de la For\u00eatet par subd\u00e9l\u00e9gation,L'adjoint au Chef du Service R\u00e9gional de la For\u00eat et du Bois\n_/Pierre LAMBARE\n-\"/, P \u00e9-~\nDRAAF Bourgogne-Franche-Comt\u00e9 - 21-2025-03-24-00001 - Arr\u00eat\u00e9 portant approbation de l'am\u00e9nagement des for\u00eats de Bure les\nTempliers pour la p\u00e9riode 2024-2038 avec application du 2\u00b0 de l'article L122-7 du code forestier 34\nDRAAF Bourgogne-Franche-Comt\u00e9 - 21-2025-03-24-00001 - Arr\u00eat\u00e9 portant approbation de l'am\u00e9nagement des for\u00eats de Bure les\nTempliers pour la p\u00e9riode 2024-2038 avec application du 2\u00b0 de l'article L122-7 du code forestier 35\nDRFiP Bourgogne Franche-Comt\u00e9\n21-2025-03-20-00008\nArr\u00eat\u00e9 relatif au r\u00e9gime d'ouverture au public \ndes services de la direction r\u00e9gionale des\nfinances publiques de\nBourgogne-Franche-Comt\u00e9\net du d\u00e9partement de la C\u00f4te-d'Or\nDRFiP Bourgogne Franche-Comt\u00e9 - 21-2025-03-20-00008 - Arr\u00eat\u00e9 relatif au r\u00e9gime d'ouverture au public \ndes services de la direction r\u00e9gionale des finances publiques de Bourgogne-Franche-Comt\u00e9\net du d\u00e9partement de la C\u00f4te-d'Or\n36\nREPUBLIQUEFRANCAISELibert\u00e9Egalit\u00e9Fraternit\u00e9\nTFINANCES PUBLIQUES\nArr\u00eat\u00e9 relatif au r\u00e9gime d'ouverture au public \ndes services de la direction r\u00e9gionale des finances publiques de Bourgogne-Franche-Comt\u00e9\net du d\u00e9partement de la C\u00f4te-d'Or\nLa directrice r\u00e9gionale des finances publiques de Bourgogne-Franche-Comt\u00e9 et du d\u00e9partement de\nla C\u00f4te-d'Or\nVu le d\u00e9cret n\u00b071-69 du 26 janvier 1971 relatif au r\u00e9gime d'ouverture au public des services ext\u00e9rieurs de\nl'Etat ;\nVu les articles 26 et 43 du d\u00e9cret n\u00b02004-374 du 29 avril 2004 modifi\u00e9 relatif au pouvoirs des pr\u00e9fets, \u00e0\nl'organisation et \u00e0 l'action des services de l'Etat, dans les r\u00e9gions et les d\u00e9partements ;\nVu le d\u00e9cret n\u00b02008-310 du 3 avril 2008 relatif \u00e0 la direction g\u00e9n\u00e9rale des finances publiques ;\nVu le d\u00e9cret n\u00b02009-208 du 20 f\u00e9vrier 2009 relatif au statut particulier des administrateurs des finances\npubliques ;\nVu le d\u00e9cret n\u00b02009-707 du 16 juin 2009 modifi\u00e9 relatif aux services d\u00e9concentr\u00e9s de la direction g\u00e9n\u00e9rale\ndes finances publiques ;\nVu l'arr\u00eat\u00e9 pr\u00e9fectoral n\u00b01676/SG du 28 octobre 2024 portant d\u00e9l\u00e9gation de signature en mati\u00e8re de\nr\u00e9gime d'ouverture au public des services d\u00e9concentr\u00e9s de la direction r\u00e9gionale des finances publiques\nde Bourgogne-Franche-Comt\u00e9 et du d\u00e9partement de la C\u00f4te-d'Or ;\nARR\u00caTE :\nArticle 1er : \nA compter du 1 er avril 2025, les services de la direction r\u00e9gionale des finances publiques de Bourgogne-\nFranche-Comt\u00e9 et du d\u00e9partement de la C\u00f4te d 'Or d\u00e9sign\u00e9s ci-apr\u00e8s seront ouverts au public selon les\nhoraires suivants :\nService  de  Gestion  Comptable\n(SGC) de Nuits-Saint-Georges\n3 rue Jean Moulin \u00e0 Nuits-Saint-\nGeorges\ndu lundi au jeudi de 8h30 \u00e0 12h30\nService  de  Gestion  Comptable\n(SGC) d'Is-Sur-Tille\n20 A rue Anatole France \u00e0 Is-Sur-\nTille\ntous les jours (sauf mercredi) de\n8h30 \u00e0 12h30.\nArticle 2 :\nLe pr\u00e9sent arr\u00eat\u00e9 sera publi\u00e9 au recueil des actes administratifs de la Pr\u00e9fecture et affich\u00e9 dans les locaux\ndes services vis\u00e9s \u00e0 l'article 1er.\nFait \u00e0 Dijon, le 20 mars 2025,\nPar d\u00e9l\u00e9gation du Pr\u00e9fet,\nLa directrice r\u00e9gionale des finances publiques de Bourgogne-Franche-Comt\u00e9\net du d\u00e9partement de la C\u00f4te-d'Or,\nH\u00e9l\u00e8ne CROCQUEVIEILLE\nDRFiP Bourgogne Franche-Comt\u00e9 - 21-2025-03-20-00008 - Arr\u00eat\u00e9 relatif au r\u00e9gime d'ouverture au public \ndes services de la direction r\u00e9gionale des finances publiques de Bourgogne-Franche-Comt\u00e9\net du d\u00e9partement de la C\u00f4te-d'Or\n37\nDRFiP Bourgogne Franche-Comt\u00e9\n21-2025-03-27-00002\nDRFIP21 - d\u00e9l\u00e9gation de signature SIP Beaune\n27.03.2025\nDRFiP Bourgogne Franche-Comt\u00e9 - 21-2025-03-27-00002 - DRFIP21 - d\u00e9l\u00e9gation de signature SIP Beaune 27.03.2025 38\nDELEGATION DE SIGNATURE EN MATIERE DE CONTENTIEUXET DE GRACIEUX FISCAL\nLe comptable, responsable du service des irnp\u00e9ts des particuliers de BEAUNEVu le code g\u00e9n\u00e9ral des imp\u00f4ts, et notamment l'article 408 de son annexe II et les articles 212 \u00e0 217 de son .annexe IV ;Vu le livre des proc\u00e9dures fiscales, et notamment les articles L. 247, L. 257 \u00c0 et R* 247-4 et suivants;Vu le d\u00e9cret n\u00b0 2009-707 du 16 juin 2009 relatlf aux serv1ces d\u00e9concentr\u00e9s de la direction g\u00e9n\u00e9rale desfinances publiques;' Vu le d\u00e9cret n\u00b0 2012-1246 du 7 novembre 2012 relat1f\u00e0 la gestion budgetalre et comptable publique, et \u2014- notamment son article 16 ; Arr\u00eate :Article 1\" - D\u00e9l\u00e9gation accord\u00e9e \u00e0 l'adjointe au responsable du serviceD\u00e9l\u00e9gation de signature est donn\u00e9e \u00e0 Monsieur Vincent HODEN, mspecteur adjoint au responsable du 'service des imp\u00f4ts des particuliers de BEAUNE, \u00e0 l'effet designer:1\u00b0) en mati\u00e8re de contentieux fiscal d'ass\u0153tte, les d\u00e9cisions d'admission totale, d'admission partielleou de rejet, de d\u00e9gr\u00e8vement ou restitution d'office, dans la limite de 60 000 \u20ac ; :2\u00b0) en mati\u00e9re de gracieux fiscal, les d\u00e9cisions portant remise, mod\u00e9ration, transaction ou rejet dans lalimite de 60 000 \u20ac ;3\u00b0) les documents necessalres \u00e0 l'ex\u00e9cution comptable des dec151ons contentieuses et grac1euses sanslimitation de montant; :4\u00b0) au nom et sous la responsablhte du comptable souss1gne- a)les d\u00e9cisions relatives aux demandes de d\u00e9lai de paiement, le d\u00e9lai accorde ne pouvant exc\u00e9der12 mois et porter sur une somme sup\u00e9rieure \u00e0 60 000 \u20acb) les avis de mise en recouvrement:;- c) l'ensemble des actes relatifs au recouvrement, et notamment les mises en demeure de payer, les-actes de poursuites et les d\u00e9clarations de cr\u00e9ances ainsi que pour ester en justice ;d) tous actes d'administration et de gestion du service.Article 2 - D\u00e9l\u00e9gati\u00f4n accord\u00e9e aux agents exer\u00e7ant des missions d'assietteD\u00e9l\u00e9gation de signature est donn\u00e9e \u00e0 l'effet de signer, en mati\u00e8re de contentieux fiscal d'assiette, lesd\u00e9cisions d'admission totale, d'admission partielle ou de rejet, de d\u00e9gr\u00e8vement ou restitution d'office et enmati\u00e8re de gracieux fiscal, les d\u00e9cisions portant remise, mod\u00e9ration ou rejet:1\u00b0) dans la limite de 10 000 \u20ac, aux agents des finances publiques de cat\u00e9gorie B d\u00e9sign\u00e9s ci-apres :MEHALLI M'HamedROYER AntoineCADET AliceVERHAGUE Julien\nDRFiP Bourgogne Franche-Comt\u00e9 - 21-2025-03-27-00002 - DRFIP21 - d\u00e9l\u00e9gation de signature SIP Beaune 27.03.2025 39\n2\u00b0) dans la limite de 2 000 \u20ac, aux agents des, finances publi_ques de \u00e9at\u00e9gorie C d\u00e9sign\u00e9s ci-apr\u00e8s- :AMAN Matthias | MICHALAK Marie-ClairePRIERE Marjorie 1 SAIM Bakhta\nArticle 3 - D\u00e9l\u00e9gation accord\u00e9e aux agents exer\u00e7ant des missions de recouvrement\nD\u00e9l\u00e9gation de signature est donn\u00e9e \u00e0 l'effet de signer :- 1\u00b0) les d\u00e9cisions gracieuses, relatives aux p\u00e9nalit\u00e9s et aux frais de poursuites, portant remise, mod\u00e9ration ourejet, dans la limite pr\u00e9cis\u00e9e dans le tableau ci-dessous -;2\u00b0) les d\u00e9cisions relatives aux demandes de d\u00e9lai de paiement, dans les limites de dur\u00e9e et de montantindiqu\u00e9es dans le tableau ci-apres ; '3\u00b0) les avis de mise en recouvrement ;4\u00b0) l'ensemble des actes relatifs au recouvrement, et notamment les mises en demeure de payer, les actes depoursuites et les d\u00e9clarations de cr\u00e9ances ; 'aux agents d\u00e9sign\u00e9s ci-apr\u00e8s :Nom et pr\u00e9nom des Grade | -Limite . Dur\u00e9e Somme maximale' agents : des d\u00e9cisions | maximale des | pour laquelle ungracieuses \" d\u00e9lais de d\u00e9lai de paiement_ paiement peut \u00e9tre accord\u00e9HUMBERT Catherine contr\u00f4leur 1 000 \u20ac 6 mois 10 000 \u20acGRAVEL Val\u00e9rie agent 1000\u20ac :| 6mois 10 000 \u20acZARYC Nycolas - - agent 1 000 \u20ac 6 mois 10 000 \u20ac\nArticle 4Le pr\u00e9sent arr\u00eat\u00e9 sera publi\u00e9 au recueil des actes administratifs du d\u00e9partement de la C\u00f4te d'Or.\n\" A Beaune, le 27/0'3/2025 ~Le comptable, responsable du service des impdts des particuliers,\nFlorence COCUSSE\nDRFiP Bourgogne Franche-Comt\u00e9 - 21-2025-03-27-00002 - DRFIP21 - d\u00e9l\u00e9gation de signature SIP Beaune 27.03.2025 40\nDRFiP Bourgogne Franche-Comt\u00e9\n21-2025-03-25-00001\nDRFIP21-Delegations sp\u00e9ciales\nPGP-DIV-ETAT-DCDP 01.04.2025\nDRFiP Bourgogne Franche-Comt\u00e9 - 21-2025-03-25-00001 - DRFIP21-Delegations sp\u00e9ciales PGP-DIV-ETAT-DCDP 01.04.2025 41\nREPUBLIQUEFRANCAISELibert\u00e9Egalit\u00e9Fraternit\u00e9\nTFINANCES PUBLIQUES\nDIRECTION G\u00c9N\u00c9RALE DES FINANCES PUBLIQUES \nDIRECTION R\u00c9GIONALE DES FINANCES PUBLIQUES DE BOURGOGNE-\nFRANCHE-COMT\u00c9 ET DU D\u00c9PARTEMENT DE LA C\u00d4TE-D'OR\nD\u00e9cision de d\u00e9l\u00e9gations sp\u00e9ciales de signature pour le p\u00f4le gestion publique\nLa directrice r\u00e9gionale des finances publiques de Bourgogne-Franche-Comt\u00e9 et du\nd\u00e9partement de la C\u00f4te-d'Or\nVU le d\u00e9cret n\u00b0 2004-1085 du 14 octobre 2004 modifi\u00e9 relatif \u00e0 la d\u00e9l\u00e9gation de\ngestion dans les services de l'\u00c9tat ;\nVU le d\u00e9cret n\u00b0 2008-309 du 3 avril 2008 portant dispositions transitoires relatives\n\u00e0 la direction g\u00e9n\u00e9rale des finances publiques ;\nVU le d\u00e9cret n\u00b02008-310 du 3 avril 2008 relatif \u00e0 la direction g\u00e9n\u00e9rale des finances\npubliques ;\nVU le  d\u00e9cret  n\u00b02009-208  du  20  f\u00e9vrier  2009  relatif  au  statut  particulier  des\nadministrateurs des finances publiques ;\nVU le d\u00e9cret n\u00b02009-707 du 16 juin 2009 relatif aux services d\u00e9concentr\u00e9s de la\nDirection g\u00e9n\u00e9rale des finances publiques ;\nVU le d\u00e9cret n\u00b0 2012-1246 du 7 novembre 2012 relatif \u00e0 la gestion budg\u00e9taire et\ncomptable publique ;\nVU l'arr\u00eat\u00e9 du 18 juin 2009, portant cr\u00e9ation de la direction r\u00e9gionale des finances\npubliques de la r\u00e9gion Bourgogne et du d\u00e9partement de la C\u00f4te-d'Or ;\nVU le  d\u00e9cret  du  5  d\u00e9cembre  2022  portant  nomination  de\nMme H\u00e9l\u00e8ne CROCQUEVIEILLE, administratrice  g\u00e9n\u00e9rale  des  finances  publiques,  en\nqualit\u00e9 de directrice r\u00e9gionale des finances publiques de Bourgogne-Franche-Comt\u00e9 et du\nd\u00e9partement de la C\u00f4te-d'Or ;\nVU la  d\u00e9cision  du  directeur  g\u00e9n\u00e9ral  des  finances  publiques  en  date  du\n5 d\u00e9cembre 2022  fixant  au  20  d\u00e9cembre  2022  la  date  d'installation  de\nMme H\u00e9l\u00e8ne CROCQUEVIEILLE  dans les fonctions  de directrice  r\u00e9gionale  des finances\npubliques de Bourgogne-Franche-Comt\u00e9 et du d\u00e9partement de la C\u00f4te-d'Or ;\nVU les  conventions  de  d\u00e9l\u00e9gation  de  gestion  relatives  au  centre  de  gestion\nfinanci\u00e8re justice plac\u00e9 sous l'autorit\u00e9 de la directrice r\u00e9gionale des finances publiques de\nBourgogne-Franche-Comt\u00e9 et du d\u00e9partement de C\u00f4te-d'Or,\nDRFiP Bourgogne Franche-Comt\u00e9 - 21-2025-03-25-00001 - DRFIP21-Delegations sp\u00e9ciales PGP-DIV-ETAT-DCDP 01.04.2025 42\nD\u00c9CIDE\nArticle 1 : D\u00e9l\u00e9gation sp\u00e9ciale de signature pour signer les pi\u00e8ces ou documents relatifs aux\nattributions  du  p\u00f4le  gestion  publique,  \u00e0  l'exclusion  de  toutes  les  op\u00e9rations  relatives  au\ndomaine et la gestion des patrimoines priv\u00e9s, et les actes dont seuls les comptables sont\ncharg\u00e9s en application de l'article 18 du d\u00e9cret 2012-1246 du 7 novembre 2012, avec facult\u00e9\npour chacun d'eux d'agir s\u00e9par\u00e9ment et sur sa seule signature :\nM.Alban BLANC, administrateur des finances publiques adjoint, responsable de la division\nconseil aux d\u00e9cideurs publics;\nMme  Lynda  RENARDET-MICHEL, inspectrice  principale  des  finances  publiques,\nadjointe au responsable de la division conseil aux d\u00e9cideurs publics ;\nM. Pierre MAS,  inspecteur principal des finances publiques, adjoint au responsable de la\nmission  r\u00e9gionale  Conseil  aux  D\u00e9cideurs  Publics  et  affect\u00e9  \u00e0  la  Division  Conseil  aux\nD\u00e9cideurs Publics ;\nMme Sophie CADOUX , inspectrice principale des finances publiques, responsable de la\ndivision \u00c9tat ;\nMme Mireille ETIENNE , inspectrice divisionnaire des finances publiques, adjointe \u00e0 la\nresponsable de la division \u00c9tat.\nMme Val\u00e9rie HENRY , administratrice des finances publiques adjointe, responsable du p\u00f4le\nde l'\u00e9valuation domaniale.\nMme  Marie-Th\u00e9r\u00e8se  DARREAU ,  inspectrice  divisionnaire  des  Finances  publiques,\nresponsable de la gestion des patrimoines priv\u00e9s.\nArticle 2     : D\u00e9l\u00e9gation sp\u00e9ciale de signature pour signer les pi\u00e8ces ou documents relatifs aux\nattributions  de  leur  division  ou  de  leur  service,  avec  facult\u00e9  pour  chacun  d'eux  d'agir\ns\u00e9par\u00e9ment et sur sa seule signature, l'\u00e9nonciation des pouvoirs ainsi conf\u00e9r\u00e9s \u00e9tant limitative,\nest donn\u00e9e comme indiqu\u00e9 ci-dessous :\nI. Pour la division conseil aux d\u00e9cideurs publics \n1. Secteur expertise financi\u00e8re et fiscalit\u00e9 directe locale\n1-1 Mission d'expertises \nM.  St\u00e9phane  DESSERTENNE,  Mmes  Christelle  COUTURIER  et  H\u00e9l\u00e8ne\nMASSENA, inspecteurs des finances publiques, re\u00e7oivent d\u00e9l\u00e9gation pour signer toutes\ndemandes  de  contribution,  transmissions  de  documents  de  travail,  tous  accus\u00e9s  de\nr\u00e9ception relatifs aux travaux d'expertises \u00e0 l'exception des envois de rapports et des\ncahiers des charges d'expertises en l'absence de M.Pierre MAS.\n2\nDRFiP Bourgogne Franche-Comt\u00e9 - 21-2025-03-25-00001 - DRFIP21-Delegations sp\u00e9ciales PGP-DIV-ETAT-DCDP 01.04.2025 43\n1-2 Mission aides publiques et tutelle des chambres consulaires\nM.  St\u00e9phane  DESSERTENNE,  Mmes  Christelle  COUTURIER  et  H\u00e9l\u00e8ne\nMASSENA, inspecteurs des finances publiques,  re\u00e7oivent d\u00e9l\u00e9gation pour effectuer la\nvalidation des avis \u00e9conomiques et financiers de la DRFIP et pour signer tous courriers\nde demande de compl\u00e9ments d'informations, de transmission de documents de travail\nrelatifs aux dossiers de demandes d'aides publiques soumis \u00e0 l'avis de la DRFIP en\nl'absence de M.Pierre MAS.\nM.  St\u00e9phane  DESSERTENNE,  Mmes  Christelle  COUTURIER  et  H\u00e9l\u00e8ne\nMASSENA, inspecteurs des finances publiques,  re\u00e7oivent d\u00e9l\u00e9gation pour signer les\naccus\u00e9s de r\u00e9ception, les transmissions de documents, les demandes d'informations et\nattestations, relatifs au contr\u00f4le des actes budg\u00e9taires et financiers des chambres de\ncommerces et d'industrie, en l'absence de M.Pierre MAS.\n2. Secteur qualit\u00e9 des comptes locaux, H\u00e9lios\nMmes Laurence GUYOT, Laurence CHERREY, Asia HAMMILL , inspectrices des\nfinances publiques, re\u00e7oivent d\u00e9l\u00e9gation sp\u00e9ciale de signature pour signer les pi\u00e8ces ou\ndocuments relatifs aux attributions de ce secteur en cas d'emp\u00eachement ou d'absence de\nM. Alban BLANC et Mme Lynda RENARDET-MICHEL.\n3. Secteur Modernisation de la Recette et de la D\u00e9pense\nMme Florence CHAMBOLLE,  inspectrice des finances publiques, re\u00e7oit d\u00e9l\u00e9gation\npour signer les pi\u00e8ces ou documents relatifs au secteur d\u00e9mat\u00e9rialisation \u2013 moyens de\npaiement.\nMme Aline HARDT, contr\u00f4leuse des finances publiques, re\u00e7oit la m\u00eame d\u00e9l\u00e9gation en\ncas d'emp\u00eachement ou d'absence de Mme Florence CHAMBOLLE.\n4. Service de la fiscalit\u00e9 directe locale\nMmes Sophie FOURNIER et Laurence GUYOT, inspectrices des finances publiques,\nre\u00e7oivent d\u00e9l\u00e9gation pour signer tous accus\u00e9s de r\u00e9ception, transmissions de documents,\nattestations et d\u00e9clarations relatifs au service fiscalit\u00e9 directe locale.\nMmes Ga\u00eblle  LAHEURTE  et  Val\u00e9rie  VAUCLIN, contr\u00f4leuses  principales  des\nfinances publiques re\u00e7oivent la m\u00eame d\u00e9l\u00e9gation en cas d'emp\u00eachement ou d'absence\nde Mmes Sophie FOURNIER et Laurence GUYOT. \nII \u2212 Pour la division Etat \nMme Sophie CADOUX , inspectrice principale des finances publiques, responsable de\nla division \u00c9tat, et  Mme Mireille ETIENNE , inspectrice divisionnaire des finances\npubliques, adjointe \u00e0 la responsable de la division des d\u00e9penses de l'\u00c9tat, re\u00e7oivent\nd\u00e9l\u00e9gation pour signer tous les actes relatifs aux affaires relevant de la division \u00c9tat.\n3\nDRFiP Bourgogne Franche-Comt\u00e9 - 21-2025-03-25-00001 - DRFIP21-Delegations sp\u00e9ciales PGP-DIV-ETAT-DCDP 01.04.2025 44\nElles re\u00e7oivent d\u00e9l\u00e9gation sp\u00e9ciale de signature pour les actes dont seuls les comptables\npublics  sont  charg\u00e9s  en  application  de  l'article  18  du  d\u00e9cret  2012-1246  du\n7 novembre 2012, en cas d'absence ou d'emp\u00eachement de ma part.\nElles re\u00e7oivent, en mati\u00e8re de produits divers, d\u00e9l\u00e9gation pour octroyer et signer les\nd\u00e9lais de paiement inf\u00e9rieurs \u00e0 30  000 \u20ac, pour accorder les remises de majorations d'un\nmontant unitaire inf\u00e9rieur ou \u00e9gal \u00e0 3 000 \u20ac.\nElles sont habilit\u00e9es pour la validation et la signature \u00e9lectronique des virements de gros\nmontant,  des  virements  urgents  et  des  virements  \u00e0  l'\u00e9tranger  dans  l'application\nBDFDirect2.\n1. Service SFACT-D\u00e9pense-CGF\nMme Nadia SAIM-MAMOUNE,  inspectrice des finances publiques, re\u00e7oit, pour le\nservice  facturier-d\u00e9pense-CGF,  d\u00e9l\u00e9gation  pour  signer  tous  accus\u00e9s  de  r\u00e9ception,\ntransmissions  de  documents,  attestations,  d\u00e9clarations,  les  observations  aux\nordonnateurs,  aux  services  prescripteurs  et  au  Centre  de  Service  Partag\u00e9  et  les\nsuspensions de paiement,  sauf lorsque l'observation ou la suspension concerne  une\nquestion de principe.\nEn outre, elle re\u00e7oit d\u00e9l\u00e9gation pour signer  les ch\u00e8ques sur le Tr\u00e9sor et les ordres de\npaiement, les documents relatifs au remboursement partiel de la Taxe Int\u00e9rieure de\nConsommation  sur  les  Produits  Energ\u00e9tiques  (TICPE)  de  la  Taxe  Int\u00e9rieure  de\nConsommation sur le Gaz Naturel (TIGN). \nEn cas d'emp\u00eachement ou d'absence de  Mme Nadia SAIM- MAMOUNE , les agents\nsuivants re\u00e7oivent les m\u00eames d\u00e9l\u00e9gations s'agissant des p\u00e9rim\u00e8tres d\u00e9finis ci-apr\u00e8s :\nMme  Marie-Dominique  GAUCHEROT\ncontr\u00f4leuse principale des finances publiques \nMM. Mehdi  MESSOUSSA  et  Philippe\nTHOMAS, contr\u00f4leurs des finances publiques\nMme  Marie-Christine  GODET,  contr\u00f4leuse\ndes finances publiques\nMme Blandine  ROUX,  agente\nd'administration principale\nD\u00e9penses  en  mode  facturier  et  en\nmode  classique  des  minist\u00e8res  de\nl'Int\u00e9rieur,  de  l'\u00c9ducation  nationale\net des cours d'appel,\nValidation des dossiers de TICPE et\nTIGN\nM. Azzedine BOULBADAOUI contr\u00f4leur des\nfinances  publiques  et  M.  Fr\u00e9d\u00e9ric\nDROUELLE, agent d'administration\nCentre  de  gestion  financi\u00e8re  du\nminist\u00e8re de la Justice\nM.  J\u00e9r\u00e9my  DUREISSEIX,  contr\u00f4leur  des\nfinances  publiques  et  Mme Aur\u00e9lie\nDELAVEAU agente d'administration \nP\u00f4le Comptabilit\u00e9 et suivi des r\u00e9gies\n4\nDRFiP Bourgogne Franche-Comt\u00e9 - 21-2025-03-25-00001 - DRFIP21-Delegations sp\u00e9ciales PGP-DIV-ETAT-DCDP 01.04.2025 45\nPar  ailleurs,  les  agents  suivants  re\u00e7oivent  d\u00e9l\u00e9gations  aux  fins  d'utiliser  Chorus\nformulaires dans le cadre de leurs relations avec les services ordonnateurs :\n\u2013 Mme Nadia SAIM-MAMOUNE, inspectrice des finances publiques,\n\u2013 Mmes Florence  BERREUR,  Marie-Dominique  GAUCHEROT,  S\u00e9verine\nMILLOT et  MM.  Chawki DORANI, Emmanuel  GARROT contr\u00f4leurs principaux\ndes finances publiques,\n\u2013 Mmes  Marie-Christine  GODET,  H\u00e9l\u00e8ne  FONTAINE  et  MM.  Azzedine\nBOULBADAOUI,  Mehdi  MESSOUSSA,  J\u00e9r\u00e9my  DUREISSEIX,  Hichame\nAZOUZI et Philippe THOMAS contr\u00f4leurs des finances publiques,\n\u2013 Mmes S\u00e9verine HUGUET, Fr\u00e9d\u00e9rique GUILLEMENOT, Blandine ROUX,  et\nMM.  Bruno  CASTEX,  S\u00e9bastien  VION agents  d'administratifs  principaux  des\nfinances publiques, Mme Aur\u00e9lie DELAVEAU  et M. Fr\u00e9d\u00e9ric DROUELLE, agents\nadministratifs.\n\u2013 Mme Marine BREUIL et M. Armand BULTINGAIRE secr\u00e9taires administratifs,\n\u2013 Mmes  Sandrine  GUIGNOT  ,  Manuela  YVANEZ,  adjointes  administratives\nprincipales de 2\u00e8me classe,\n\u2013 M. Alexandre CADET, adjoint administratif de 2de classe,\n\u2013 Mmes Nadia DAROUQI et Marjolaine TISSIER, adjointes administratives.\n\u2013 Mme  Sylvie  SUCHET ,  contr\u00f4leuse  principale  des  finances  publiques,  et\nMme Sophie SOUBRIER, contr\u00f4leuse des Finances publiques, lors de leurs p\u00e9riodes\nd'affectation au service D\u00e9pense-SFACT.\n\u2013 M. Quentin SCHNEIDER, auxiliaire pendant la dur\u00e9e de sa mission.\n2. Centre de gestion financi\u00e8re Justice\nD\u00e9l\u00e9gation est donn\u00e9e \u00e0 l'effet de signer tous actes relatifs \u00e0 l'ex\u00e9cution des  op\u00e9rations\npr\u00e9vues dans les conventions de d\u00e9l\u00e9gation de gestion susvis\u00e9es, y compris dans les\noutils Chorus et Chorus formulaire, dans la limite de leurs attributions au sein du centre\nde gestion financi\u00e8re, \u00e0 :\n\u2013 Mme Sophie CADOUX,  Inspectrice principale des finances publiques, responsable\ndu centre de gestion financi\u00e8re ;\n\u2013 Mme  S\u00e9verine  MILLOT et  M.  Chawki  DORANI contr\u00f4leurs  principaux  des\nfinances publiques,\n\u2013 Mme  H\u00e9l\u00e8ne  FONTAINE  et  MM.  Azzedine  BOULBADAOUI,  J\u00e9r\u00e9my\nDUREISSEIX contr\u00f4leurs des finances publiques,\n\u2013 Mme  S\u00e9verine  HUGUET,  et  MM.  Bruno  CASTEX,  S\u00e9bastien  VION agents\nd'administratifs principaux des finances publiques,\n5\nDRFiP Bourgogne Franche-Comt\u00e9 - 21-2025-03-25-00001 - DRFIP21-Delegations sp\u00e9ciales PGP-DIV-ETAT-DCDP 01.04.2025 46\n\u2013 M. Fr\u00e9d\u00e9ric DROUELLE, agent administratif des finances publiques,\n\u2013 Mme Marine BREUIL et M. Armand BULTINGAIRE secr\u00e9taires administratifs,\n\u2013 Mmes  Sandrine  GUIGNOT  ,  Manuela  YVANEZ,  adjointes  administratives\nprincipales de 2\u00e8me classe,\n\u2013 M. Alexandre CADET, adjoint administratif de 2de classe,\n\u2013 Mmes Nadia DAROUQI et Marjolaine TISSIER, adjointes administratives.\n3. Service liaison r\u00e9mun\u00e9ration \nM.  Laurent  SOUHAIT,  inspecteur  des  finances  publiques,  re\u00e7oit  d\u00e9l\u00e9gation  pour\nsigner  tous  accus\u00e9s  de  r\u00e9ception,  transmissions  de  documents,  attestations  et\nd\u00e9clarations relatifs au service Liaison R\u00e9mun\u00e9rations.\nM. Laurent SOUHAIT re\u00e7oit d\u00e9l\u00e9gation pour signer les ch\u00e8ques sur le tr\u00e9sor relevant\nde l'activit\u00e9 du service et octroyer des d\u00e9lais de paiement pour la r\u00e9cup\u00e9ration des indus\nr\u00e9mun\u00e9ration dans la limite de 24 mois.\nM.  Fr\u00e9d\u00e9ric  DOURU,  contr\u00f4leur  principal  des  finances  publiques  et\nMme V\u00e9ronique RIEFENSTAHL,  contr\u00f4leuse principale des finances publiques, en\ncas  d'emp\u00eachement  ou  d'absence  de  M.  Laurent  SOUHAIT  re\u00e7oivent  les  m\u00eames\nd\u00e9l\u00e9gations.\n4. Autorit\u00e9 de certification \nMme  Martine  TOUSSAINT,  contr\u00f4leuse  principale  des finances  publiques,  re\u00e7oit\nd\u00e9l\u00e9gation pour signer tous accus\u00e9s de r\u00e9ception, transmissions et documents relatifs au\nsecteur dont elle a la charge.\n5. Service comptabilit\u00e9 de l'\u00c9tat et services financiers\nM. Fabrice MONTAGNE,  inspecteur des finances publiques, re\u00e7oit d\u00e9l\u00e9gation pour\nsigner :\n\u2013 les bordereaux de remises de ch\u00e8ques \u00e0 l'encaissement \u00e0 la Banque de France, les\nbordereaux  d'approvisionnement  et  de  d\u00e9gagement  en  num\u00e9raire  et  plus\ng\u00e9n\u00e9ralement tous documents relatifs aux op\u00e9rations aupr\u00e8s de cet \u00e9tablissement et\naupr\u00e8s de la Banque Postale, les ordres de paiement et les autorisations de paiement\ndans d'autres d\u00e9partements et \u00e0 l'\u00e9tranger,\n\u2013 tous documents relatifs \u00e0 la comptabilit\u00e9  de la Gestion des Patrimoines Priv\u00e9s\n(GPP) et aux valeurs inactives, tous documents, accus\u00e9s de r\u00e9ception, attestations et\nd\u00e9clarations relatifs \u00e0 la tenue des comptes de la client\u00e8le D\u00e9p\u00f4ts de Fonds (DFT) et\naux  op\u00e9rations  guichet de  l'activit\u00e9  de  pr\u00e9pos\u00e9  de  la  Caisse  des  D\u00e9p\u00f4ts  et\nConsignations (CDC),\n\u2013 tous  documents  relatifs  \u00e0  l'activit\u00e9  de  France  Domaine  et  relevant  de  la\ncomp\u00e9tence du service Comptabilit\u00e9,\n6\nDRFiP Bourgogne Franche-Comt\u00e9 - 21-2025-03-25-00001 - DRFIP21-Delegations sp\u00e9ciales PGP-DIV-ETAT-DCDP 01.04.2025 47\n\u2013 tous documents, accus\u00e9s de r\u00e9ception, attestations et d\u00e9clarations relatifs au service\nComptabilit\u00e9, \u00e0 l'exception de la signature des \u00e9tats de d\u00e9veloppement des soldes,\n\u2013 tous documents de centralisation comptable des op\u00e9rations des postes comptables\ndu r\u00e9seau.\nM. Fabrice MONTAGNE est habilit\u00e9 :\n\u2013 pour la validation et la signature \u00e9lectronique des virements de gros montant, des\nvirements urgents et des virements vers l'\u00e9tranger dans l'application BDFDirect2,\n\u2013 pour  la  transaction  de  2\u00e8me niveau  de  validation  g\u00e9n\u00e9rale  et  comptable  des\nd\u00e9caissements  manuels  initi\u00e9s  par  les  services  de  la  DRFiP  dans  l'application\nCHORUS.\nMme  Anne  DAULIN,  contr\u00f4leuse  principale  des  finances  publiques,  en  cas\nd'emp\u00eachement ou d'absence de M. MONTAGNE, re\u00e7oit les m\u00eames d\u00e9l\u00e9gations en ce\nqui concerne le secteur comptabilit\u00e9. Elle re\u00e7oit \u00e9galement d\u00e9l\u00e9gation pour signer les\nattestations et d\u00e9clarations relatives aux op\u00e9rations guichet  de l'activit\u00e9 de pr\u00e9pos\u00e9 de la\nCDC.\nEn outre, elle est habilit\u00e9e :\n\u2013 pour la validation et la signature \u00e9lectronique des virements de gros montant, des\nvirements urgents et des virements vers l'\u00e9tranger dans l'application BDFDirect2,\n\u2013 pour  la  transaction  de  2\u00e8me niveau  de  validation  g\u00e9n\u00e9rale  et  comptable  des\nd\u00e9caissements  manuels  initi\u00e9s  par  les  services  de  la  DRFiP  dans  l'application\nCHORUS.\nMme  Sophie  ROSSIGNOL,  contr\u00f4leuse  principale  des  finances  publiques,  en  cas\nd'emp\u00eachement ou d'absence de M. MONTAGNE, re\u00e7oit les m\u00eames d\u00e9l\u00e9gations pour\nce  qui  concerne  la  tenue  des  comptes  de  la  client\u00e8le  DFT.  Elle  re\u00e7oit  \u00e9galement\nd\u00e9l\u00e9gation pour signer les attestations et d\u00e9clarations relatives aux op\u00e9rations guichet de\nl'activit\u00e9 de pr\u00e9pos\u00e9 de la CDC. \nEn outre, elle est habilit\u00e9e :\n\u2013 pour la validation et la signature \u00e9lectronique des virements de gros montant, des\nvirements urgents et des virements vers l'\u00e9tranger dans l'application BDFDirect2,\n\u2013 pour  la  transaction  de  2\u00e8me niveau  de  validation  g\u00e9n\u00e9rale  et  comptable  des\nd\u00e9caissements  manuels  initi\u00e9s  par  les  services  de  la  DRFiP  dans  l'application\nCHORUS.\nM. Benjamin PICOT, agent administratif principal des finances publiques, est habilit\u00e9\npour  la  validation  et  la  signature  \u00e9lectronique  des  virements  de  gros  montant,  des\nvirements urgents et des virements vers l'\u00e9tranger dans l'application BDFDirect2.\nMme  Anne  DAULIN,  contr\u00f4leuse  principale  des  finances  publiques,  et\nMme Magali FOULON, contr\u00f4leuse des finances publiques, re\u00e7oivent d\u00e9l\u00e9gation pour\nsigner les bordereaux de remises de ch\u00e8ques \u00e0 l'encaissement \u00e0 la Banque de France, les\nbordereaux d'approvisionnement et de d\u00e9gagement en num\u00e9raire et plus g\u00e9n\u00e9ralement\ntous documents  relatifs  aux  op\u00e9rations  aupr\u00e8s  de cet  \u00e9tablissement  et aupr\u00e8s de  la\nBanque Postale.\n7\nDRFiP Bourgogne Franche-Comt\u00e9 - 21-2025-03-25-00001 - DRFIP21-Delegations sp\u00e9ciales PGP-DIV-ETAT-DCDP 01.04.2025 48\n5igh*\nMmes  Isabelle  CANNET,  Anne  DAULIN,  St\u00e9phanie  DEMANGEOT,  Magali\nFOULON, Fran\u00e7oise PONSARD, Sophie ROSSIGNOL, Valentine DUPIRE ainsi\nque MM. Christian SOLLIEC et Benjamin PICOT,  re\u00e7oivent d\u00e9l\u00e9gation pour signer\nles quittances et les d\u00e9clarations de recettes d\u00e9livr\u00e9es \u00e0 la caisse.\n6. Service   recettes non fiscales  \nMme Corinne CORNET, inspectrice des finances publiques, re\u00e7oit d\u00e9l\u00e9gation :\n\u2013 pour  signer  tous  documents,  accus\u00e9s  de  r\u00e9ception,  attestations  et  d\u00e9clarations\nrelatifs au service,\n\u2013 pour octroyer et signer les d\u00e9lais de paiement inf\u00e9rieurs \u00e0 10 000 euros,\n\u2013 pour signer tous \u00e9tats de poursuites relatifs \u00e0 l'activit\u00e9 du service ainsi que les\nmainlev\u00e9es y aff\u00e9rents,\n\u2013 pour signer les d\u00e9clarations de cr\u00e9ances dans le cadre des proc\u00e9dures collectives et\nagir en justice,\n\u2013 pour accorder les remises de majorations d'un montant unitaire inf\u00e9rieur ou \u00e9gal \u00e0\n1 000 \u20ac.\nMmes  Sylvie  MOINGEON ,  contr\u00f4leuse  principale  des  finances  publiques,\nSylvette BOREL et Magali CUZIEUX contr\u00f4leuses des finances publiques, re\u00e7oivent\nd\u00e9l\u00e9gations :\n\u2013 en cas d'emp\u00eachement ou d'absence de  Mme CORNET , les m\u00eames d\u00e9l\u00e9gations,\nsauf en mati\u00e8re d'octroi de d\u00e9lais de paiement et de remise de majorations ;\n\u2013 pour octroyer des d\u00e9lais de paiement jusqu'\u00e0 2 000 euros dans la limite de 12 mois.\nArticle  3     :   La  pr\u00e9sente  d\u00e9cision  sera  publi\u00e9e  au  recueil  des  actes  administratifs  du\nd\u00e9partement de la C\u00f4te-d'Or.\nFait \u00e0 Dijon, le 25 mars 2025\nH\u00e9l\u00e8ne CROCQUEVIEILLE\n8\nDRFiP Bourgogne Franche-Comt\u00e9 - 21-2025-03-25-00001 - DRFIP21-Delegations sp\u00e9ciales PGP-DIV-ETAT-DCDP 01.04.2025 49\nMaison d'arr\u00eat de Dijon\n21-2025-03-17-00016\n2025-03-25 D\u00e9l\u00e9gation - ACE, CDD, OFF, 1ERS\nSVTS RAA - 17\nMaison d'arr\u00eat de Dijon - 21-2025-03-17-00016 - 2025-03-25 D\u00e9l\u00e9gation - ACE, CDD, OFF, 1ERS SVTS RAA - 17 50\n\u0152  \n.  Direction\n\u00cb\u00c8T\u00c2\u00ce\u00cb\u00cb%ICE de l'administration p\u00e9nitentiaireLibert\u00e9\u00c9galit\u00e9Fraternit\u00e9\nDirection interr\u00e9gionale des services p\u00e9nitentiaires de DIJONMaison d'arr\u00e9t de Dijon\nA Dijon,Le 17 mars 2024\nArr\u00eat\u00e9 portant d\u00e9l\u00e9gation de signature\nVu le code p\u00e9nitentiaire notamment ses articles R. 113-66 et R. 234-1 ;Vu le code dejustice p\u00e9nale des mineurs et notamment l'article R124-4-1Vu l'arr\u00e9t\u00e9 du ministre de la justice en date du 18/12/2023 nommant Monsieur J\u00e9r\u00f4meCHAREYRON en qualit\u00e9 de chef d'\u00e9tablissement de la Maison d'arr\u00eat de DIJON.Monsieur J\u00e9r\u00f4me CHAREYRON, chef d'\u00e9tablissement de la Maison d'arr\u00eat de DIJONARRETE:\n\" Article 1\u00b0\": D\u00e9l\u00e9gation permanente de signature est donn\u00e9e \u00e0 Monsieur Azdine GARROUCHE,Adjoint au chef d'\u00e9tablissement \u00e0 la Maison d'Arr\u00e9t de DIJON, aux fins de signer tout arr\u00eat\u00e9,d\u00e9cision, acte, document, correspondance se rapportant \u00e0 l'exercice des attributions vis\u00e9esdans le tableau ci-joint.Article 2 : D\u00e9l\u00e9gation permanente de signature est donn\u00e9e \u00e0 Monsieur C\u00e9dric LABIGNE, enqualit\u00e9 de capitaine, chef de d\u00e9tention \u00e0 la Maison d'Arr\u00e9t de DIJON, aux fins de signer toutarr\u00eat\u00e9, d\u00e9cision, acte, document, correspondance se rapportant \u00e0 l'exercice des attributionsvis\u00e9es dans le tableau ci-joint.Article 3 : D\u00e9l\u00e9gation permanente de signature est donn\u00e9e \u00e0 Monsieur Philippe BUISSON, enqualit\u00e9 de capitaine, Adjoint au chef de d\u00e9tention \u00e0 la Maison d'Arr\u00eat de DIJON, aux finsde signer tout arr\u00eat\u00e9, d\u00e9cision, acte, document, correspondance se rapportant \u00e0 l'exercice desattributions vis\u00e9es dans le tableau ci-joint.Article 4: D\u00e9l\u00e9gation permanente de signature est donn\u00e9e \u00e0 Monsieur ChristopheMACHECOURT, en qualit\u00e9 de capitaine, Chef de b\u00e2timent \u00e0 la Maison d'Arr\u00eat de DIJON, auxfins de signer tout arr\u00eat\u00e9, d\u00e9cision, acte, document, correspondance se rapportant \u00e0 l'exercicedes attributions vis\u00e9es dans le tableau ci-joint.\n_ E SE\nMaison d'arr\u00eat de Dijon - 21-2025-03-17-00016 - 2025-03-25 D\u00e9l\u00e9gation - ACE, CDD, OFF, 1ERS SVTS RAA - 17 51\nArticle 5 : D\u00e9l\u00e9gation permanente de signature est donn\u00e9e \u00e0 Monsieur Jean-Philipp_e AZE, enqualit\u00e9 de capitaine, Chef de b\u00e2timent \u00e0 la Maison d'Arr\u00eat de DIJON, aux fins de signer toutarr\u00eat\u00e9, d\u00e9cision, acte, document, correspondance se rapportant \u00e0 l'exercice des attributionsvis\u00e9es dans le tableau ci-joint.Article 6: D\u00e9l\u00e9gation permanente de signature est donn\u00e9e \u00e0 Monsieur Yann DEMASSUE, enqualit\u00e9 de capitaine, Responsable infrastructure et s\u00e9curit\u00e9 \u00e0 la Maison d'Arr\u00e9t de DIJON, auxfins de signer tout arr\u00eat\u00e9, d\u00e9cision, acte, document, correspondance se rapportant \u00e0 l'exercicedes attributions vis\u00e9es dans le tableau ci-joint.Article 7: D\u00e9l\u00e9gation permanente de signature est donn\u00e9e \u00e0 Madame Laetitia DUMUR, enqualit\u00e9 de capitaine, Adjointe au chef de b\u00e2timent \u00e0 la Maison d'Arr\u00eat de DIJON, aux finsde signer tout arr\u00eat\u00e9, d\u00e9cision, acte, document, correspondance se rapportant \u00e0 l'exercice desattributions vis\u00e9es dans le tableau ci-joint.Article 8 : D\u00e9l\u00e9gation permanente de signature est donn\u00e9e \u00e0 Monsieur Fr\u00e9d\u00e9ric GUINAULT, enqualit\u00e9 de capitaine, Adjoint au chef de b\u00e2timent \u00e0 la Maison d'Arr\u00e9t de DIJON, aux finsde signer tout arr\u00eat\u00e9, d\u00e9cision, acte, document, correspondance se rapportant \u00e0 l'exercice desattributions vis\u00e9es dans le tableau ci-joint. uArticle 9 : D\u00e9l\u00e9gation permanente de signature est donn\u00e9e \u00e0 Monsieur Franck FELMANN, enqualit\u00e9 de premier surveillant, Adjoint au responsable infrastructure et s\u00e9curit\u00e9 \u00e0 la Maisond'Arr\u00eat de DIJON, aux fins de signer tout arr\u00eat\u00e9, d\u00e9cision, acte, document, correspondance serapportant \u00e0 l''exercice des attributions vis\u00e9es dans le tableau ci-joint. ;Article 10: D\u00e9l\u00e9gation permanente de signature est donn\u00e9e \u00e0 Madame Maud CHARLIER, enqualit\u00e9 de major \u00e0 la Maison d'Arr\u00e9t de DIJON, aux fins de signer tout arr\u00eat\u00e9, d\u00e9cision, acte,document, correspondance se rapportant \u00e0 l'exercice des attributions vis\u00e9es dans le tableauci-joint.Article 11: D\u00e9l\u00e9gation permanente de signature est donn\u00e9e \u00e0 Monsieur Nicolas GAULT, enqualit\u00e9 de major \u00e0 la Maison d'Arr\u00eat de DIJON, aux fins de signer tout arr\u00eat\u00e9, d\u00e9cision, acte,document, correspondance se rapportant \u00e0 l'exercice des attributions vis\u00e9es dans le tableauci-joint.Article 12 : D\u00e9l\u00e9gation permanente de signature est donn\u00e9e \u00e0 Madame Delphine GAVOIS, enqualit\u00e9 de premi\u00e8re surveillante \u00e0 la Maison d'Arr\u00e9t de DIJON, aux fins de signer tout arr\u00eat\u00e9,d\u00e9cision, acte, document, correspondance se rapportant \u00e0 l'exercice des attributions vis\u00e9esdans le tableau ci-joint.Article 13: D\u00e9l\u00e9gation permanente de signature est donn\u00e9e \u00e0 Monsieur Marc MOMPELAT, enqualit\u00e9 de premier surveillant \u00e0 la Maison d'Arr\u00eat de DIJON, aux fins de signer tout arr\u00eat\u00e9,d\u00e9cision, acte, document, correspondance se rapportant \u00e0 l'exercice des attributions vis\u00e9esdans le tableau ci-joint.Article 14 : D\u00e9l\u00e9gation permanente de signature est donn\u00e9e \u00e0 Monsieur Benjamin PIERRON, enqualit\u00e9 de premier surveillant, responsable du service des agents \u00e0 la Maison d'Arr\u00eat de DIJON,aux fins de signer tout arr\u00eat\u00e9, d\u00e9cision, acte, document, correspondance se rapportant \u00e0l'exercice des attributions vis\u00e9es dans le tableau ci-joint.Article 15 : D\u00e9l\u00e9gation permanente de signature est donn\u00e9e \u00e0 Madame Sophie VINCENOT, enqualit\u00e9 de premi\u00e8re surveillante \u00e0 la Maison d'Arr\u00eat de DIJON, aux fins de signer tout arr\u00eat\u00e9,d\u00e9cision, acte, document, correspondance se rapportant \u00e0 l'exercice des attributions vis\u00e9esdans le tableau ci-joint.\nMaison d'arr\u00eat de Dijon - 21-2025-03-17-00016 - 2025-03-25 D\u00e9l\u00e9gation - ACE, CDD, OFF, 1ERS SVTS RAA - 17 52\nArticle 16 : D\u00e9l\u00e9gation permanente de signature est donn\u00e9e & Monsieur Fabien GIL, en qualit\u00e9de premier surveillant, responsable du service des agents \u00e0 la Maison d'Arr\u00eat de DIJON, aux finsde signer tout arr\u00eat\u00e9, d\u00e9cision, acte, document, correspondance se rapportant \u00e0 l'exercice desattributions vis\u00e9es dans le tableau ci-joint.\nArticle 17 : Le pr\u00e9sent arr\u00eat\u00e9 est publi\u00e9 au recueil des actes administratifs du d\u00e9partement danslequel l'\u00e9tablissement a son si\u00e8ge et affich\u00e9 au sein de l'\u00e9tablissement p\u00e9nitentiaire.\nLe chef d'\u00e9tablissement,Sign\u00e9J\u00e9r\u00f4me CHAREYRON\nMaison d'arr\u00eat de Dijon - 21-2025-03-17-00016 - 2025-03-25 D\u00e9l\u00e9gation - ACE, CDD, OFF, 1ERS SVTS RAA - 17 53\nJUIWIAPLIUWIAA[IJB[SUEP$3399J\u00a7e'saarenyudiuddSFOYI-SAOIptESLIG39saarenuauddsaoley:t\nc\n'd\n9L1039)8)pSHUBPUBWWOI35sauresided'syueuayndr|9007AT#TRPTFF-9007oU19-09PNPI3.01IAUds1891juawopuewnosspsd10dnpsa1qua\u00eey:\u20ac\u00a2saarenuaIuddsa1rBUUOISIAI)SJUEPUEWTMOS\u00a2saarenuuadspuepuemuros\u00a2saarenuanuddsoureides:EZOZAU67NPIFEI-EZOZo\u00d919159P9fJed1391juomapueanos3psdiey-\u00a2uopeySIUTWPEPSAYIRPY-.\u00a2soxrenuoqruadSIIIAIISSIPSANIPAI(:-juamessi[qu39,pJoysnejurofpy:|s1renuoITu9d9p0dNPSUONISOASIPSIPnj19AU9o1NjeusisapUOLJESI[IPoun,p3o1qo,]o11e]jutaNOdsuorssaq'I\u00a733X93SOLNE,P39([-H\u20acTU\u00a299-\u20ac11\"\u00a5)24renuajiuddaposnpsuoiisodsipSIPNLIIAu9a1njeuSISopuonedIIpoun,p39[qo,|o1re5yueanodJUIWISSI[qE)II,PJOYDNPsuorsraq\nMaison d'arr\u00eat de Dijon - 21-2025-03-17-00016 - 2025-03-25 D\u00e9l\u00e9gation - ACE, CDD, OFF, 1ERS SVTS RAA - 17 54\n@\nXXXSE-ZTEY31P10UOGNE199111N99SB[BJUEUS]SIIJOUISopINOdjuepreun,puoneuZIsope]g19soddogXXXTRIsonua;9psouuosiadsapsojuir[dnosojonba1Xnd1oRISSINOI91SPSEDUSSOUIIPNEJOUVOP19J9PII9QXXX|-XFH-TEC(sousZ1no191W1Idapuoneop)NdOUN,ponuajapsuvosiodoun19307x|xXXS-SILdourejIuesoy1UN,]opNWIX0IdEsognIISSopn|[o0Sopsugpsopejeursonua\u00cf9psouvosIodsap1919944XxXXT-EITAonuajapouvosIadoun,pJonpraIpuijuowa|n|joous,|dIpuadsngXXXXI-EIZAoIn]J90USa]qUASUI13de[d8SoNUIJOPpsauuosiads3]JOUSISIGXXXXOBet(No1dDSIIdwo9K)s]n|[90U3sonua19psauuosIadsopUoIe191TE,pSAUNSIWsa|AIPUI]xXXve-117\u00b0dNdDP]\u00b0psoIqueus3]10NbOAUOS19IOUSISICxxXp-1177|uonuslopopsoWIS21sopsuepjuoulsoR|dapsuoisiogpsofaipuaid39sagsijenpIAIpul331eydUSasudIPS9YITEPOUsapNUIJOQxxX=TsuradB}9puornagxa,psmooIed9]1910Ge]tc-CIL'A+ad\u00c6]InolJaju1JUU[Z219y1o1depe191910GEd'Hd39UoIJUAJI9pU31A!S]IN09SB[B322IPIOUOGNEJUBUD)SFIJOUSOPXXXCTELH|modsaxrejuawapredsopoyISIABIJueuSedwoooeSoISIRUIMNOSsOJIRdSEUIp30uosapOSLIdBJROJIPIOIUIOUOZB]JOUIULOIIGT.9ILINDS9PsyIJOUISopInod9JISIAIN9]BJUSWOWIN0)BXXX[CELAUIJ2130lopJIOPIOIP19JUSWASSI|qeIP,|JUBNSIASOIEJUOWAIIEdsofJueuFedwooseSOISI[EUMNOfsop9913u9,|RSNJoIUNJesodd(xxXCCCa+oIrenuauedjuoWwassI]qe19,]APSOYSIASOJJISLIOINYJuSUIDSSI|GEJ9<[3Pm\u00e4_mrf\nMaison d'arr\u00eat de Dijon - 21-2025-03-17-00016 - 2025-03-25 D\u00e9l\u00e9gation - ACE, CDD, OFF, 1ERS SVTS RAA - 17 55\n99-t11\u00a5v-SCcd\nguuoSdnos19nuaj9punnbs1o]'urcepawUNIedsUIQIUI9JJoIOd109uone3rsaAursunonbrpqnday?jopInainsoidneI5puewa(]\nSRSg|99-\u00a211AL'vlvAIv-CEEA[I-CCEASEC\u00a3td_ \n9191d01dOyLINI9Spsuosie1sap1nodjueuoyeddeInJsjuawaIOA19s32[qoonuaj9psuvosIadoung191115\n99-E11AC16cG\nsyue[[1oAInsSISIWO1dnosiofewso|Juswapuewwodapsdiodnp19saIIvIJUOTIUAdS99IAISS9PSJAYDSIP\nLI-SICdS-SITQ\n3110995IP193[013u03apSIANSIPA]\ncl-elcdC-11Cd\nMaison d'arr\u00eat de Dijon - 21-2025-03-17-00016 - 2025-03-25 D\u00e9l\u00e9gation - ACE, CDD, OFF, 1ERS SVTS RAA - 17 56\nX|XX|Lz\u20ac1zdOINSOUIPJ9pJUoWa]JOANQUIIJOIWAIIdneI9p9001d19JUoWAJOSI,[BONUSIOPpOUUOSIOdsunJUSUWIS[BIIUIJOO\u00cb|G\nECEITAX<|X7SIz'oou9Z1npseou\u00e9onusjopsuuosiddounJuswd[osl,|8JUOUIDIIOSIAO\u00cfd1ooe[d\njuaura[os]\nOI-ZECN29N59X99119JIOP10-0[j90Jonba]suepIeJop9]JouIULIAIOPX|X|X*|6-CET\u0178|19UOIRIEda1IopoINnsouRjopoUOUOId'saxreurdiosipsoyinsmmodxneSarjeuloI(eoInpar01dejaIANDUDOIMUlap1spis9qsorreur[drosipsaymns.1nodxnesaABU19)[Vx|x|x\u20ac7MOJIEUI[dIOSIpPUONOURSOUNJOUVOIJOBINOaIpuadsns'uornogxepIesuadsi(qX|X|X|OFFNsaareul|diosIpsuorjourssapUOHNI9X9BSISINS9]JonbOA9139JOUVOPIO\nECEVECAx|X|X\u20ac\u20acsoIreuI[drosipsuoijourssap130U0U01gX|x|x9-\u20ac7YauI[dIoSIp9pUOISSIUIWODBJ9PSINOSSOSSESOIQUUOUISIJOUSISIQXXXOC-HEC\u00a5asreduesyoNGUE]EJsedJuspredsunosedJusuusardwodsumbsonuajapsouvosiodsarInod-oj91d109701UNISUSISIQX|X|X|PI-HETNsaxreundiosipsoymsmnodsop193e3ugx|x|XeT-hezNsnu2)PpSopojjouvOISSaJOId9iAnoe|JuuosgldannearpuadsngX|X|X|61-v\u20ac2\u00a5QIIRUIPIOS[[SNPIAIPULSN]SOUSJUSWSUIFUODUSNOSIEUIdIOSIPsny[aoUOJIRUDAQId9111BNUIJOPUNJOOPR|qx|X|XSHECUNSInalI9]x3SINISSISSESapJUOWA]NOIOpNBOIGE]9J19JOGE]F\nT-HecAx|X|Xw_w..cmm_m_WUOIJOEIXOOUN,pNOHOJSUR1)UNPUOISBIDO,]BSOARIIUSSOPBNOSapjouawopHOdneonuojpouvosIadej91119WN0Sap19p199(]\n[-9TCA\nMaison d'arr\u00eat de Dijon - 21-2025-03-17-00016 - 2025-03-25 D\u00e9l\u00e9gation - ACE, CDD, OFF, 1ERS SVTS RAA - 17 57\nS-VCC|\nAdananbyads1orzren)\n0Z-\u00a21C\u00c08I-EICA\njuawsa[osIP\n81-\u00a3lcd[CEITALCE1CASc-\u00a3lcAVTEICALTE1C\u00c0[C-\u20ac1Cdt\u00a3t-\u00a3lcd6C-E1C\u00c01T-elc\u00c0\nMaison d'arr\u00eat de Dijon - 21-2025-03-17-00016 - 2025-03-25 D\u00e9l\u00e9gation - ACE, CDD, OFF, 1ERS SVTS RAA - 17 58\nX|X|X|LI-CTECGJueurwouajduoo1ng]apo]gquuodsipyredejsindopINSLIIXS|BJUSWISIAAUNJ219do8suwepuodsuuosiadaUNI9SLIO\u00cfNY.UOIJE1SGI]|9p3[Nd2d9[JUBNINSUODSIWUIOSXX|XeyQ|sod.d.d3_.d.poiyrednonoyop19sodsipgn0199snosoulodopjuowogeugureun,pJueloIJou9qapuuIrEpuooouuosIsdaunJ9sLIOmnyAITU3]9PBS9SLI0NE]S9\"IILIOSopUOISSIULISdoUN,pnoonbluonogj9ooup|[IoAuNsSNOSxx*xvhCjuowoce]dun,p'mauiyxoquoursoe|dUn,pJuRIOIJOUISGNO9HIGI(-TUSSUSS90E]danuogpsuuosiadoun,nbswwospjJoxi]Xx|xE-TEEMJolpnoiyredj9193u1UnJeds91y11snfosuadapoun,ponaussapisqnssp110A9991B3QUWEBPUODoUUOSIAdsunJsSLIOINYX|x|XE-TEEY|O1SIAopjuoueunadSIWLIAdunpSIIB]N]1]UOUSaUUO0SIdA9pJUISIRUDSIPISQNSSOP110A9991ONUIJOPpSuuosiadsunI19SLIOINY\u00a5XXE-TEEY|yeurwou9)dwoduosapojqruodsipyredpj1nsJueING1ySOWIWOSsap'orjrureBS&JOAOAUSBoNUAIOpsuuosiadoun19SLIONYx|X|X8C-ceedsonuajepsauuosiadsa]Juopxnofiq19s32[qosap'onuaj9psuuosiadpjredouSIsap'1913UNBUONIPAAXa|NO9SIWAIB[JOSLIOINY.oJIBIHUOHUSJUSWASSI[qRIDxxX8eCLE|ySUEp99JJuoINo]Bsonudlpsouuosiodsa|sosnayiodjuosjuopxnofiqnospfqosaja8Ieydouoaipusidap19snjayXXXCICCEA9)dwosuosapajgqruodsipjrede|opjueusaO!dJUSBIRPSWWIOSounI1U9)9pBS9SIJE1IdSOYoNUSIOpsuuosiadoUNI9SLIOINYsonu2jopsouvosiodsapaurour1ednpuo1sa5).JUS3IX|JUSWISSSI[GRID[9P91P10UOGNPUOIJUIEU3PNO9ILINDYSOPpSyIEIAdUITX|X|X|Llwweedsoponbs10}onbeyoYJOUsporjdsnuajopsapnesopJUSWPIRAYSSPIIOXOJUOISSsapeuawtords3]199)nd9]anb19PIHIGXx|X91-\u00a5ZZYAHd\u00d4ue390e[donuajapsuuosiadoun,ppreZa,]BSossi[ENpIAIpUI91L1N09SopSAINSIUIsopAIPUALJxxx6172\u00a5asredueyyonZue]ejsedjusjredsunosedjuouvardwossumbsonuajapsouvosiadsaf1nodajo1diozu1un10USISIAJOanbyads19111800.JU2SIX3,|JUSWIASSI[QRIY,[9P91P10UOQNPUSIJUIEUIPNO9ILINDJSopsjierddullXXxvytsoponbs10}onbeyoANuospordsnuajopsonnesopJuLWIRIRAYSspoIOxaJU0ISSsopeuowordSI]10o1pno9]onbJAPIdA(TXX|X|HPZNAGQN.1PUISsneSAOS([059HrAKOEoUNRJodroiTredBANuoopor]dsnusjopouvosIodsun19SLIOINYACAUss958]donusjopsuuosiadoun,ppIeSa,]BSopSIJENPIAIPUI9ILINOJSOpsoInsauxsapSIPUDIJ\nMaison d'arr\u00eat de Dijon - 21-2025-03-17-00016 - 2025-03-25 D\u00e9l\u00e9gation - ACE, CDD, OFF, 1ERS SVTS RAA - 17 59\n61-S11\u00b0d\nojuesBJanoduoreonpy,p\n19UOIJUSASIdspsuonoep2Iped9]SuepJueUIAIUIoUUOSIOdouNeamenualuddJUSWISSSI[QRI,[BS0|JISLIOINY\n81-SITGUONBJIIQEYOUN,pO1IENI13UOUIOIJe11dsOYy[suuosiadunpo1reuajruodjuourossi|qe19,|BSO0,[JOSLIOINY\nLI-SITQ\nInalioquIJuoUII|S21ne\nnoddnesaaei3dsjuswonbuewopsesusula]dsduro]&sedjuedioxasuJoIpe1idsoy[suuosiadun,puonelljiqey,|o1pusdsns\n8-EIEAunpaseqe|Insjudwiuse|OP11811919]Josodo1d39anejepurwUN,pJUSWIZE,|''OUSSIN,pSBOUD\"JUAWONOSIAOIdaipuadsng\n9-ETEA\ndSIQEJ&19sodo1ds3]19axrejepuewop9)1[enbUDJuswIZepSOpueULApSIOIUMNUSUI\nOC-IVEQ\nSIABIZSFIJOU!sapIMNOd39SOUSSIN,pSBIUSUOSIIdpINoJISIAUN,pJuoWAISR,[o1puodsns\nLI-I7\u00a3\u00c0\nUOSLIdapSImoyISIASopUONUDAIOIUIpSOIIBIOY39SINOfSo]19X14]s1renuapruadorjqnds51A13SNPSANIJEIOQE][ODSIIOAESUONB[N\nve-ceeQ\nsunuedUSsonbroe1dxudsojJ9X1-1\nee-cee\u00c0SIWINOJSJOlqOsap2)SI]EJINSsedjuean3iyo\u00f9sjofqo,ponuajopouvosiodoun1eduoijisinbo\u00e6,]'Jouuor1ds0x391711B\"JostIOMVaunuedUDsjeydesopRI9p9901daponuajopsuuosiadoun8Jasnjoy\nly-C\u00a3EA\nonbijeuuoguijuowradinbsun1I51n901d95oponuajepouuosiadounBJosnzoy\nv-0LEAjonprAIpuI1nostA9|9)UNnoonbruoydoipes1na1d9591Un191N5O1dasponuaj9psuuosiadaun&Iosnjoy\nSJEYOV\n61-CEEQoun,psl9I[nSouLIUOIssassodU3s99ANOIJUISIE,psoUIUIOSS|SyIEUIWMOUSa\u00cfdUIOOSopINASSISIINeO1IMOUISURI]IPJ9PIDOCT\n81-CEEQSJoLI9EUSaZRWUUWIOPspUONRIEd9IUSsanudepssuuosiadsopJneutwou9)dwoonpsjqiuodsipyuedejInsanusjarsun1949540\nMaison d'arr\u00eat de Dijon - 21-2025-03-17-00016 - 2025-03-25 D\u00e9l\u00e9gation - ACE, CDD, OFF, 1ERS SVTS RAA - 17 60\n3S-Sytd-\nooIpadxa,nbon521jue)'911109aoUBPUOdSOLIOOBINUIISY\nST-IFEA\u00a3l-IvVE\u00e0\nsouwepuodso|noddVI[19SNU9A91ds9]INOdomnpado1d\nEIvE\u00c0\n'oJIepeulopqeyII0J18dUneJIO1p1N9]\nS-1P\u00a3vI-\u00a3l\u00a3AS-CSEQvy-cetAL-CSEAvvlyC\nMaison d'arr\u00eat de Dijon - 21-2025-03-17-00016 - 2025-03-25 D\u00e9l\u00e9gation - ACE, CDD, OFF, 1ERS SVTS RAA - 17 61\nXXX\u00a3-19EAXXXc\u00e9lvd9]suepojeuoneuuorponpa,|JedsosrugS10xnaoanbsannesourpuodseuoo18dSINODSOPI10A9991SPUOHESLIOINE[JSUVO(]XXXIclvd3]suepoJeuoIJeuuoneonpy,|JedsosrurS1IOxnadonbsannesourpuodsauos1rdSINODSIP110A9991IPUONESLIOMNE,]ISUVO(]330A'\"SUOIBI[NSUOIJUIWIUSIISUI\"SIHAWIVs)alqo,pa13.10sS39\u00b091JUF\n(sautunpuo9s2}4nod)\nMaison d'arr\u00eat de Dijon - 21-2025-03-17-00016 - 2025-03-25 D\u00e9l\u00e9gation - ACE, CDD, OFF, 1ERS SVTS RAA - 17 62\nOI\nvEcivA(uononpoudus931A108)o1renuayIuadvoIensiuIupe,|Sed159U91Pp10,pInouvop9]anbsio]ayrAIJO\u00ae,]|opo1re10dura)oSSsIBGINodsorrenuaruadrojdws,psyequoosInoisn]dnoun,puoisuadsnse[ns'sinof\u00a2opigjopunSUBP\"SIABuno1puay\nt&clyvdSI-CIVI\n\"(Jpiou9So01A10S)aurENUAUTUI\u00abUOIJEISIUIWPPE,|1S92IpIOPInouvop9|onbsio|onusjopouvosisdoun,porrHUauu9d1ojdwsp-JequOo9]o1pusdsns\nvCclvd\nJuUoWA|[OANOUIIUOSSP9NAudo1RHUATIUAd1ojdwa,pJE17UOONEJUBUSAEUNJOUSIS\n[1-cIt1\noxrequay1uaduonersiurupe,]sed19,uJoIUISp99onbs1O|31p10,pInouuop9]19onusjepouuosiadejonusnjouoooIrenuaiuadrojdurs,p1BIUODNesOxoUUROULIRALIIVONUDAUOOB]JOUSISo1rBHUuay1uad\nUOIJEISIUIMPE,]1S9OIpIO,pInouuop9]anbsio]'onuajopsuuosiodBJooA8amenuoyiuad1ojdwa,pjeNUOOUNJoUSISaaonuanuad101dwid,P1044U07\nLi-clvAUOIJONpo1d9pSHAIJOB,[OpUOI]ESSDIOPSBIUD[IBABI]9P9IS0dUOSINSoNUIJOPpoUUOSIOdBJopUOIRIOOLTE,|BUIFOINON\nvl-clyvd\n'(Uoronpoiduo,nbJerugSs01A10SNEJuUR))UOISUOdsNSOPsnjo1UN,pYUBIYIDSBO9]\"TopIDOp19[IBAB]]9p9)sodUOSInsUOIJEZOOLTEUOSaxpuadsnsJUEFIEYNOSSNUIIPduuosiadEJopopuewapPIINSJOMRIS\nS1-\u00a21vA8-CcIlvI'(Uorjonpo1duo,nb[rISU9Ss01AJ0SNEJUE])[IRARI9P21S0dUOSINSONUSIOpsuuosiadEJopUONPIOOTTE,|s1puadsng[IBAR13op23504unInsonuajepsuuosiadoun,puoneldalje,psnjalnpJsp!159q\"JUOLIASSI|QRIY,|9PIYIN09SEJB3991P10UOGNE91|JIJOUIUNINOdJnes'yrdopopaxrenuoliusdjuoulssijqe19,;opJoyoNPJUSWIISSE[O9PUOISID9pBJBJUSUISULIOJUOS39J9JSUBI])ONUOJOPOUUOSIOdaunJIRARIneIoSSP]T\nS-CIV1\nonbruno1reurjdiosipun]d\nUOISSIUIUIOOBJopSiAeSoideonuajopsuuosiodoun,p[IBABINWJUSWIISSE[OopSsnjoINPnoquoulessejoNPIOPIOY(]uonvIBfID/IUNUISSD]D)\nv-CIV1\noIduroo1do1d1najmodI9jjIi8ABINBsoNUIIOPpsoULOSIOd9]J0SLIOMNYa1renuajiuodpreaedy,\nMaison d'arr\u00eat de Dijon - 21-2025-03-17-00016 - 2025-03-25 D\u00e9l\u00e9gation - ACE, CDD, OFF, 1ERS SVTS RAA - 17 63\nI\n[L-CIv\"d\nopHoddesneoyns3183JuoInbsainsawsapjuesIDSIdS9ANOUSSUOd91sun'JIRARINnpuondAdsul,]pS0IAIOSNEIISSAUPY\n1Z-CIFG\nXNE2]L1N59SOPp19oUAIZAY,pSo[G21sopuonroIdde,|1nodjreaen;npuonoadsul,|opSIIIAIISSOPUOHUSAIUI|IIDI[[OS\nLTCIv\u00e0LECIVALe-clvAL-CIVQ\n(Uononposduo,nb[1DAD413P21141490,[2P24PDI3]SUDPSUOIJUIALIU]Sy-CIVAtv-clvA[r-CltA6\u00a2-ClvA8t-clvALECIvA91-CIVI\nMaison d'arr\u00eat de Dijon - 21-2025-03-17-00016 - 2025-03-25 D\u00e9l\u00e9gation - ACE, CDD, OFF, 1ERS SVTS RAA - 17 64\ne\nScvlcd\nOINJEUSISOUNIoSIJES9]19$9031dopsordo9sopSULIOJUOD19141197JpensuIwpy\nc8-clvduonejur|durpyeijuooNPuormooxa,]opuoIisuadsnsoun,po1noulapusosiurB[JILIOSSE'SOUSSIN,psedUs%3uonejur[dur1p181UNBSONA9Idsuonedi|qoSop350dsa1-UOUNPUOIJBIBISUODSIPJUBJORIJUOIOSJ]OINOUAPUDSIMIN\n\u00a38-CIvA18-CIHAUOIJONPOIdUSSHIAIJOR,]OPp2931840oINJoNIISoUNnoosLIdoussunnjouoduonejuedw,pzeGUOO9JJOIISSY\n8L-CIVAUOIJONpoIdusgylA(J08,]SP993IBYDSINJONISOUNnoosLIdanuesunooA8UOI\u00cfEIURJUNpJR-QUOOUNIOU\u00cfISuonviuvyduir,P1P1}U0)\nEL-ClyCIAIMNSUOSopoSZ1eyoUOarrerorpnlSJLIOMP,]19JUoUIAURdSPpop19J91doJOULIOJUIUO'SJEIPAUUINSPIOGESISB39oIBNUQULUA\u00abJUQUISSSI[GEIS,|BOJDOJJEOUIEUIOP9]INSONJIS[IEABIOp91S04UNIns991091782139RooUUIBPUOOoUUOSIOdsunI9SLIOINYJ9ISSOPNp981840U3jensidewnpUOIJESLIOINEsaide'SJBIPHUIWISPIOGESOSB10O1PIJUOTIUOdJUSWASSI|qeIY,|LOJOOLROUIBWOP9]INSONJISJIRARI]op9)sodUnms29109]J8159onUDASIdsuuosiadounnbsio]juowayredapop16J91doJOULIO\u00cfUI\nCL-CIVQ\nJUSWISUUONIUO]SP1819UOGUSSUOHB[[BISUISOPO[qUIASUD,|JIUDUIB]A]<{[Iea@1]npapooNPI-IZhJoJoIR,]BJUSUIULIOJUODsonuaJopsouuosiadsapoymogsBJOSSIJURIESUOIESI[IINN3]OND908JQIUBUIOpJIBARIOpXNOI]SOIoZrRUSWY<\u00a2uonejur[dwI,pje.QUOS9]suepsona91dsuor;Ipuoss3]UOJos'spydepesIOI[IQOW19SISIIqOWWISUSAOWSOp19UOI)ESIURSIOoUNadejdu9MIN<([TeABD)P3P0NPZ-1ZIHToJoILE,]BSpoUOUSUOIQUSAQIdopxneIQUISsodiourLIds9]91ANDUSOMNK\u00a2Trexennpapoonp1-121t\u00c0ojorrre,|opuonesijddeu9spouvoissazoidsonbsi1sapuonen[eAd,panbiunjuoumoopun1910GBj919sonuaJOpsouvosiodsop9yLIn09SBJ19OJUESPJINOdsonbs11so}Jonjeay\u00ab:SOJUBISIXSSUONJENJISSOPpUOIJBIOI[OUIE;|B91PU9I19SOOURISUOOIOSOPpJudwddueydnpOJdUIOO1us)INOdsomMsSAUI90opuoneidepe,|&JojjioA\u00ab.(Jreae1zNPapooNPI-1Z1tJoJoILE,]BJUoWISULIOJUOSsoNUIIPsouuosiadsopojejuour1oonbisAydsyuesEJ198910141991LIN09SEJJOINSSEINOdSONESSSOQUSOINSOUS|AIPUAJ<:Sonuajepsouvosiadsop[IBARI)NE9ILIND9SOPp199JUBSOP1wUOSUOIESITQOQ\nMaison d'arr\u00eat de Dijon - 21-2025-03-17-00016 - 2025-03-25 D\u00e9l\u00e9gation - ACE, CDD, OFF, 1ERS SVTS RAA - 17 65\n\u00a3l\nv-CISI8-cIC1\n291991[oUUOSIOde[opo91Rj09possoIpr,|onbISUIRUOIPIIGI]9P'NOITA,pSaIEPS9]JOSISOIUD199-EG-90LoJoruP,]BooUUONUAUIUONEULIOJUI|9p191GO,]11838onUs1Opsuuosiadpjonb1917119Aopuiye(STV([])S9IUSJOIANOsajjaNnxes\nL-CICT\n9219q1]ouVvOSIode[JedsrjoopoJroruIopnp3SSIIPE,|onbIsureuoreIIGI]op'no1d9PSIIBPSI[1917S1Z01UI19ddD8-ST-90LSJ0IUE,]BopUUONUAUIUOIEWLIOSUI,]SP19lG0,]ey8anua)9psuuosiadejonb1913L19Aapuye(LIVfIA)S9ISLIOLId)SUOIJORIJUI,pSINOINESaPpSSIJBUUOINEJRUOIEUarerdipnlIoIYOILneJoppodeInodopaIdnpsjuodesJoy1|IgeH$9JJ9.13sapuonsa5\n[C#ICCUOIIUSIPPUsolqnsuoljeuwepuodEJopoIyedrj1nsai1qipsuwepuodnpJSYSOpuoureXxo,|INodJVNESIABUNJouuo(]\n9-bckQ\nJUOpIOUISLNE]N0]NO9JINPUOSSUUOG3pUONESI|GO,|&juoWONnbueUap\"sosrBULdrosipsopdaIsopUOIJBAJOSQUUI,PSEdU9gSdUN,pnoqdUN,p'Soun,pJUBIOLIUSQ29uIepuodauuosiodoUN,ps0U2Z1N,psedUOaJeIpEWWIUONBISIUINIB[IspID9pNOINJLIYIXI,|BJUBANOI]9SSSUWIEPUOI9PI9U9ZIN,pSBOUDOJBIPOUIUIUOIBISIQUISIB[B19p9001Q\nveveyQS-vev19-VICI\nUONUI]OpUS2QUWBPUODSUUOSIOdoUN,payINpUOOISIBANBWAPSBIUSQY9P118101opuljneqVf9]Jisies=\u00a5yISI[GEIOAEJSUONPOIIPOUIp1SE,S[1NbS1O]\"TSCIQB\u00b0PNO9UGI]-LUIOSEFIp\"mor1IIXO,[RJuswade[dnpsungaineSosIUIPEno\u00a7doun,pJUBIDIUYQsouuosiadsapaI10Sap1991U,psoilBIOYS'dV[NPoJgEjEOIduonesuoine,[DOAB\"JoIFIPON\n[-Cct9I\nsouuosIadsapuorjeuZisse,pxnoi]so[SUBPnoaploruiopneoouos91dopsaneloyso|\"IrnpojgR[ROIdpIODOP,]D9AB\"ISIJIPOIAsa[parduajuas-1sod33sapporduajues-g1dSIINSIPA]\nMaison d'arr\u00eat de Dijon - 21-2025-03-17-00016 - 2025-03-25 D\u00e9l\u00e9gation - ACE, CDD, OFF, 1ERS SVTS RAA - 17 66\nbl\nS-OVTA\n. SUOISSIUI\nsinojopo1pe59]suepSISANTD?Iopeodeanodaarepuesoyrun]opsjouvosIedso]19sopALIdsostidoquasopsjouvosiodsoj\u00a2oonZojopu011528ejapa1peo9|suepjuPSSISESPALIdsjuoUISdNOISsapsjouvosIodsay\u00a2ojeuoreuuoreonpa,]opsueSeS\u00a2ffe]opsyuaSeso]'JIdSNPsyusSesoj'sour]jIOAMsopsjouvosIodsoj'juoUrrpeoux,]opo81e,0UO'syneurwousa3dwodsaporZo1]opoSreyous'ojjorSnp98reyduesarrenuayugdsjouvosiods9fJuowsferoadsJoyjiqey10JUSWS[[ONPIAIPULJ9USISI\nSISANITD\nL-SIL'O\"SoInJonIsSOspsojqesuodsaIsuldapeusapsiaesoudeYANS10INSNUOSOUB[[ISAINSopsjouuosIodsop19P91FVsyuoSesapSOIAISSNPUOIJESsIURSIO,pSay1JepouxSOJOUIULIAIN(]soureumySIANOSSIY\n8C-CEEdsonuazapsouvosisdsopopueurspB]BSUIWOSayno)apsyeuruIousopdurossapmessiZarofyedjuowrong[id.ofJesuony\noc-cttd\njuouressi]qe19,]op[ouuosiodofruvedsorreyepueusoIme,pJouZisop210'sjuro|ddnssomreyepueusmoisn]dnounJoWWOUBsyIEUIWOU.SoIdUIOOsopMOSSISO19]JOSLIOMVspreurmious3dwodsoporsay\nMaison d'arr\u00eat de Dijon - 21-2025-03-17-00016 - 2025-03-25 D\u00e9l\u00e9gation - ACE, CDD, OFF, 1ERS SVTS RAA - 17 67\nSI\n\"q\n* UOIJEUSIUTUIPE,P SIYIENY .\njuaurossi[qez9,p Jeyo ne jurofpy: |\n=\nMaison d'arr\u00eat de Dijon - 21-2025-03-17-00016 - 2025-03-25 D\u00e9l\u00e9gation - ACE, CDD, OFF, 1ERS SVTS RAA - 17 68\n\u00a3-bCl\u00c0He|\u00a7axauue|op\u00a3lUV\no[jonprAIpUIUOIJ591014pomsouounJSAS]3PnoJasnyoIop'Ioroanouaiop'sIpuasdap19p199[[ONprAIPUIUOIpros\n\u20ac-bCIALRoxouue,]ap['IEOIHVf{de]9PseorAzessopuoney[nsuooseide'\"mouruun,po81eyouasLidopSPNUTEPOWxneoANeJOIUOISIDOP97N0)o2pUI1G\n&tclAeeaxauue|apo1JIjsnfojmourwnpI019IUT,]IS'somofeuxssnusiepsouvosiodsapo9AeourenuayuedjuouressijquI\u00ae,|SUBPSO9SIUESIOSHJLAIJORxnesnid3osue9]op93\u00a2nU9jHpmoururUn,puonedidnredej'Jouvondooxaonn&'ssuomy\nelReoLMRoxauue|op1186HVsn]d39sue9op988nuazopmoururun@[IRARY)opSNANOEdun[ouuondedxs013g'Tesodo1g\nCvclA\noyreuuosiod8sapuosre1usJI0S'JroIrpouJuow1mod10s'93\u00a2UOsspnuajop.moururo1neunc048nuojppINSUIWun\"Jouvondeoxeanr)&YmuejopnjjooUOJO\u00cb|qsanourusop8189uaosL1dej&S|sanbyyadssoouajaduro7\nWdronp\nS39ILI9IUOISUOISIIO([\nMaison d'arr\u00eat de Dijon - 21-2025-03-17-00016 - 2025-03-25 D\u00e9l\u00e9gation - ACE, CDD, OFF, 1ERS SVTS RAA - 17 69\nPr\u00e9fecture de la C\u00f4te-d'Or\nDirection de la coordination, des politiques\npubliques et de l'appui territorial\n21-2025-03-26-00002\nArr\u00eat\u00e9 pr\u00e9fectoral n\u00b0506 du 26 mars 2025\nportant habilitation de la SAS MALL & MARKET\nen application de l'article R.752-6-3 du code du\ncommerce pour la r\u00e9alisation de l'analyse\nd'impact des projets d'am\u00e9nagement\ncommercial\nPr\u00e9fecture de la C\u00f4te-d'Or - 21-2025-03-26-00002 - Arr\u00eat\u00e9 pr\u00e9fectoral n\u00b0506 du 26 mars 2025 portant habilitation de la SAS MALL &\nMARKET en application de l'article R.752-6-3 du code du commerce pour la r\u00e9alisation de l'analyse d'impact des projets\nd'am\u00e9nagement commercial\n70\nExPREFETDE LACOTE-D'ORLibert\u00e9Egalit\u00e9Fraternit\u00e9\nDIRECTION DE LA COORDINATION DES POLITIQUES\nPUBLIQUES ET DE L'APPUI TERRITORIAL\nP\u00f4le Environnement et Urbanisme\nArr\u00eat\u00e9 pr\u00e9fectoral n\u00b0 506 du 26 mars 2025\nportant habilitation de la SAS MALL & MARKET en application de l'article R.752-6-3 du code \ndu commerce pour la r\u00e9alisation de l'analyse d'impact des projets d'am\u00e9nagement \ncommercial\nHabilitation n\u00b0 HAI-21-53-2025-03-26\nPr\u00e9fet de la C\u00f4te-d'Or\nVU le Code du Commerce, notamment les articles L752-6-III et R752-6-1 \u00e0 R752-6-3 ; \nVU la  loi  n\u00b0  2018-1021  du  23  novembre  2018  portant  \u00e9volution  du  logement,  de \nl'am\u00e9nagement et du num\u00e9rique, notamment son titre IV - article 163 ;\nVU le d\u00e9cret n\u00b0 2019-331 du 17 avril 2019 relatif \u00e0 la composition et au fonctionnement  \ndes  commissions  d\u00e9partementales  d'am\u00e9nagement  commercial  et  aux  demandes \nd'autorisation d'exploitation commerciale ;\nVU l'arr\u00eat\u00e9  minist\u00e9riel  du  19  juin  2019  modifi\u00e9  fixant  le  contenu  du  formulaire  de \ndemande d'habilitation pour r\u00e9aliser l'analyse d'impact mentionn\u00e9e au III de l'article  \nL.752-6 du code du commerce ;\nVU l'arr\u00eat\u00e9 pr\u00e9fectoral du 10 octobre 2019 habilitant la SAS MALL & MARKET pour la  \nr\u00e9alisation  de  l'analyse  d'impact  des  projets  d'am\u00e9nagement  commercial  pour  une \ndur\u00e9e de 5 ans ;\nVU  la demande d'habilitation formul\u00e9e par la SAS MALL & MARKET, 18 rue Troyon \u2013  \n75017 PARIS repr\u00e9sent\u00e9e par M. Bertrand BOULLE, pr\u00e9sident, re\u00e7ue le 26 f\u00e9vrier 2025,  \npour r\u00e9aliser l'analyse d'impact des dossiers de demande d'autorisation d'exploitation  \ncommerciale du d\u00e9partement de la C\u00f4te-d'Or ;\nVU le dossier produit \u00e0 l'appui de la demande susvis\u00e9e et les justificatifs joints ;\nCONSIDERANT que les extraits de casier judiciaire (bulletin n\u00b0 3) des repr\u00e9sentants  \nl\u00e9gaux et des salari\u00e9s de la soci\u00e9t\u00e9 susvis\u00e9e charg\u00e9s de r\u00e9aliser les analyses d'impact sont \nvierges ;\nCONSIDERANT  que les personnes mentionn\u00e9es dans la demande d'habilitation, par  \nlaquelle ou sous la responsabilit\u00e9 de laquelle seront r\u00e9alis\u00e9es les analyses d'impact sont  \ntitulaires des dipl\u00f4mes requis ;\n1/2\nPr\u00e9fecture de la C\u00f4te-d'Or - 21-2025-03-26-00002 - Arr\u00eat\u00e9 pr\u00e9fectoral n\u00b0506 du 26 mars 2025 portant habilitation de la SAS MALL &\nMARKET en application de l'article R.752-6-3 du code du commerce pour la r\u00e9alisation de l'analyse d'impact des projets\nd'am\u00e9nagement commercial\n71\nCONSIDERANT que la soci\u00e9t\u00e9 MALL & MARKET dispose des moyens et outils de collecte \net d'analyse des informations relatives aux effets d'un projet commercial sur l'animation \net  le  d\u00e9veloppement  \u00e9conomique  des  centres-villes  des  communes  de  la  zone  de \nchalandise et sur l'emploi \u00e0 l'\u00e9chelle de cette m\u00eame zone ;\nCONSIDERANT  que le pr\u00e9c\u00e9dent arr\u00eat\u00e9 pr\u00e9fectoral d'habilitation du 10 octobre 2019  \nsus-vis\u00e9 est valable jusqu'au 10 octobre 2024 ;\nSUR proposition de Monsieur le secr\u00e9taire g\u00e9n\u00e9ral de la Pr\u00e9fecture de la C\u00f4te-d'Or ;\nA R R E T E\nArticle 1er  : La soci\u00e9t\u00e9 MALL & MARKET sise 18 rue de TROYON \u2013 75017 PARIS, est  \nhabilit\u00e9e \u00e0 r\u00e9aliser les analyses d'impact pr\u00e9vues au III de l'article L.752-6 du code du  \ncommerce, pour les projets d'am\u00e9nagement commerciaux situ\u00e9s dans le d\u00e9partement  \nde la C\u00f4te-d'Or.\nArticle 2 : La pr\u00e9sente habilitation est accord\u00e9e pour une dur\u00e9e de cinq ans, \u00e0 compter  \nde ce jour, sans renouvellement tacite. \nArticle 3  : En application du code de justice administrative et notamment des articles R.  \n421-1 et R. 421-5, le pr\u00e9sent arr\u00eat\u00e9 peut, dans un d\u00e9lai de deux mois \u00e0 compter de sa  \npublication, faire l'objet :- soit d'un recours gracieux, adress\u00e9e \u00e0 Monsieur le Pr\u00e9fet de C\u00f4te-\nd'Or, 53, rue de la Pr\u00e9fecture \u2013 21041 Dijon Cedex ;- soit d'un recours hi\u00e9rarchique, adress\u00e9  \n\u00e0 Monsieur le Ministre de l'Int\u00e9rieur, Place Beauvau \u2013 75008 Paris Cedex 08  ;- soit d'un  \nrecours contentieux, en saisissant le Tribunal administratif de Dijon, 22, rue d'Assas \u2013 21000 \nDijon ou t\u00e9l\u00e9recours citoyen.\nLes recours doivent \u00eatre adress\u00e9s par lettre recommand\u00e9e avec accus\u00e9 de r\u00e9ception.\nArticle  4  :  M.  le  secr\u00e9taire  g\u00e9n\u00e9ral  de  la  pr\u00e9fecture  de  la  C\u00f4te-d'Or  est  charg\u00e9  de \nl'ex\u00e9cution du pr\u00e9sent arr\u00eat\u00e9, qui sera publi\u00e9 au recueil des actes administratifs de la  \npr\u00e9fecture de la C\u00f4te-d'Or et notifi\u00e9 \u00e0 M. Bertrand BOULLE, pr\u00e9sident.\nFait \u00e0 Dijon,\n \nLE PREFET\nPour le pr\u00e9fet et par d\u00e9l\u00e9gation\nLe secr\u00e9taire g\u00e9n\u00e9ral\nSign\u00e9\nDenis BRUEL\n2/2\nPr\u00e9fecture de la C\u00f4te-d'Or - 21-2025-03-26-00002 - Arr\u00eat\u00e9 pr\u00e9fectoral n\u00b0506 du 26 mars 2025 portant habilitation de la SAS MALL &\nMARKET en application de l'article R.752-6-3 du code du commerce pour la r\u00e9alisation de l'analyse d'impact des projets\nd'am\u00e9nagement commercial\n72\nPr\u00e9fecture de la C\u00f4te-d'Or\nDirection de la coordination, des politiques\npubliques et de l'appui territorial\n21-2025-03-26-00001\nArr\u00eat\u00e9 pr\u00e9fectoral n\u00b0506 du 26/03/2025 portant\nhabilitation de la SAS MALL & MARKET en\napplication de l'article R.752-6-6 du code du\ncommerce pour la r\u00e9alisation de l'analyse\nd'impact des projets d'am\u00e9nagement\ncommercial\nPr\u00e9fecture de la C\u00f4te-d'Or - 21-2025-03-26-00001 - Arr\u00eat\u00e9 pr\u00e9fectoral n\u00b0506 du 26/03/2025 portant habilitation de la SAS MALL &\nMARKET en application de l'article R.752-6-6 du code du commerce pour la r\u00e9alisation de l'analyse d'impact des projets\nd'am\u00e9nagement commercial\n73\nExPREFETDE LACOTE-D'ORLibert\u00e9Egalit\u00e9Fraternit\u00e9\nDIRECTION DE LA COORDINATION DES POLITIQUES\nPUBLIQUES ET DE L'APPUI TERRITORIAL\nP\u00f4le Environnement et Urbanisme\nArr\u00eat\u00e9 pr\u00e9fectoral n\u00b0 506 du 26 mars 2025\nportant habilitation de la SAS MALL & MARKET en application de l'article R.752-6-3 du code \ndu commerce pour la r\u00e9alisation de l'analyse d'impact des projets d'am\u00e9nagement \ncommercial\nHabilitation n\u00b0 HAI-21-53-2025-03-26\nPr\u00e9fet de la C\u00f4te-d'Or\nVU le Code du Commerce, notamment les articles L752-6-III et R752-6-1 \u00e0 R752-6-3 ; \nVU la  loi  n\u00b0  2018-1021  du  23  novembre  2018  portant  \u00e9volution  du  logement,  de \nl'am\u00e9nagement et du num\u00e9rique, notamment son titre IV - article 163 ;\nVU le d\u00e9cret n\u00b0 2019-331 du 17 avril 2019 relatif \u00e0 la composition et au fonctionnement  \ndes  commissions  d\u00e9partementales  d'am\u00e9nagement  commercial  et  aux  demandes \nd'autorisation d'exploitation commerciale ;\nVU l'arr\u00eat\u00e9  minist\u00e9riel  du  19  juin  2019  modifi\u00e9  fixant  le  contenu  du  formulaire  de \ndemande d'habilitation pour r\u00e9aliser l'analyse d'impact mentionn\u00e9e au III de l'article  \nL.752-6 du code du commerce ;\nVU l'arr\u00eat\u00e9 pr\u00e9fectoral du 10 octobre 2019 habilitant la SAS MALL & MARKET pour la  \nr\u00e9alisation  de  l'analyse  d'impact  des  projets  d'am\u00e9nagement  commercial  pour  une \ndur\u00e9e de 5 ans ;\nVU  la demande d'habilitation formul\u00e9e par la SAS MALL & MARKET, 18 rue Troyon \u2013  \n75017 PARIS repr\u00e9sent\u00e9e par M. Bertrand BOULLE, pr\u00e9sident, re\u00e7ue le 26 f\u00e9vrier 2025,  \npour r\u00e9aliser l'analyse d'impact des dossiers de demande d'autorisation d'exploitation  \ncommerciale du d\u00e9partement de la C\u00f4te-d'Or ;\nVU le dossier produit \u00e0 l'appui de la demande susvis\u00e9e et les justificatifs joints ;\nCONSIDERANT que les extraits de casier judiciaire (bulletin n\u00b0 3) des repr\u00e9sentants  \nl\u00e9gaux et des salari\u00e9s de la soci\u00e9t\u00e9 susvis\u00e9e charg\u00e9s de r\u00e9aliser les analyses d'impact sont \nvierges ;\nCONSIDERANT  que les personnes mentionn\u00e9es dans la demande d'habilitation, par  \nlaquelle ou sous la responsabilit\u00e9 de laquelle seront r\u00e9alis\u00e9es les analyses d'impact sont  \ntitulaires des dipl\u00f4mes requis ;\n1/2\nPr\u00e9fecture de la C\u00f4te-d'Or - 21-2025-03-26-00001 - Arr\u00eat\u00e9 pr\u00e9fectoral n\u00b0506 du 26/03/2025 portant habilitation de la SAS MALL &\nMARKET en application de l'article R.752-6-6 du code du commerce pour la r\u00e9alisation de l'analyse d'impact des projets\nd'am\u00e9nagement commercial\n74\nCONSIDERANT que la soci\u00e9t\u00e9 NOUVEAU TERRITOIRE dispose des moyens et outils de  \ncollecte et d'analyse des informations relatives aux effets d'un projet commercial sur  \nl'animation et le d\u00e9veloppement \u00e9conomique des centres-villes des communes de la  \nzone de chalandise et sur l'emploi \u00e0 l'\u00e9chelle de cette m\u00eame zone ;\nCONSIDERANT  que le pr\u00e9c\u00e9dent arr\u00eat\u00e9 pr\u00e9fectoral d'habilitation du 10 octobre 2019  \nsus-vis\u00e9 est valable jusqu'au 10 octobre 2024 ;\nSUR proposition de Monsieur le secr\u00e9taire g\u00e9n\u00e9ral de la Pr\u00e9fecture de la C\u00f4te-d'Or ;\nA R R E T E\nArticle 1er  : La soci\u00e9t\u00e9 MALL & MARKET sise 18 rue de TROYON \u2013 75017 PARIS, est  \nhabilit\u00e9e \u00e0 r\u00e9aliser les analyses d'impact pr\u00e9vues au III de l'article L.752-6 du code du  \ncommerce, pour les projets d'am\u00e9nagement commerciaux situ\u00e9s dans le d\u00e9partement  \nde la C\u00f4te-d'Or.\nArticle 2 : La pr\u00e9sente habilitation est accord\u00e9e pour une dur\u00e9e de cinq ans, \u00e0 compter  \nde ce jour, sans renouvellement tacite. \nArticle 3  : En application du code de justice administrative et notamment des articles R.  \n421-1 et R. 421-5, le pr\u00e9sent arr\u00eat\u00e9 peut, dans un d\u00e9lai de deux mois \u00e0 compter de sa  \npublication, faire l'objet :- soit d'un recours gracieux, adress\u00e9e \u00e0 Monsieur le Pr\u00e9fet de C\u00f4te-\nd'Or, 53, rue de la Pr\u00e9fecture \u2013 21041 Dijon Cedex ;- soit d'un recours hi\u00e9rarchique, adress\u00e9  \n\u00e0 Monsieur le Ministre de l'Int\u00e9rieur, Place Beauvau \u2013 75008 Paris Cedex 08  ;- soit d'un  \nrecours contentieux, en saisissant le Tribunal administratif de Dijon, 22, rue d'Assas \u2013 21000 \nDijon ou t\u00e9l\u00e9recours citoyen.\nLes recours doivent \u00eatre adress\u00e9s par lettre recommand\u00e9e avec accus\u00e9 de r\u00e9ception.\nArticle  4  :  M.  le  secr\u00e9taire  g\u00e9n\u00e9ral  de  la  pr\u00e9fecture  de  la  C\u00f4te-d'Or  est  charg\u00e9  de \nl'ex\u00e9cution du pr\u00e9sent arr\u00eat\u00e9, qui sera publi\u00e9 au recueil des actes administratifs de la  \npr\u00e9fecture de la C\u00f4te-d'Or et notifi\u00e9 \u00e0 M. Bertrand BOULLE, pr\u00e9sident.\nFait \u00e0 Dijon,\nLE PREFET,\nPour le pr\u00e9fet et par d\u00e9l\u00e9gation\nLe secr\u00e9taire g\u00e9n\u00e9ral\nSign\u00e9\nDenis BRUEL\n2/2\nPr\u00e9fecture de la C\u00f4te-d'Or - 21-2025-03-26-00001 - Arr\u00eat\u00e9 pr\u00e9fectoral n\u00b0506 du 26/03/2025 portant habilitation de la SAS MALL &\nMARKET en application de l'article R.752-6-6 du code du commerce pour la r\u00e9alisation de l'analyse d'impact des projets\nd'am\u00e9nagement commercial\n75\nPr\u00e9fecture de la C\u00f4te-d'Or\nDirection des Collectivit\u00e9s locales et des\nElections \n21-2025-02-03-00006\nArr\u00eat\u00e9 pr\u00e9fectoral n\u00b0500  portant\nrenouvellement agr\u00e9ment du GRETA 21 en vue\nd'assurer les formations taxi\nPr\u00e9fecture de la C\u00f4te-d'Or - 21-2025-02-03-00006 - Arr\u00eat\u00e9 pr\u00e9fectoral n\u00b0500  portant renouvellement agr\u00e9ment du GRETA 21 en vue\nd'assurer les formations taxi 76\nExPREFETDE LACOTE-D'ORLibert\u00e9Egalit\u00e9Fraternit\u00e9\nDirection des collectivit\u00e9s locales et des \u00e9lections\nBureau des \u00c9lections et de la R\u00e9glementation Dijon, le 3 f\u00e9vrier 2025\nArr\u00eat\u00e9 N\u00b0 500\nArr\u00eat\u00e9 pr\u00e9fectoral portant renouvellement de l'agr\u00e9ment du GRETA 21 en vue d'assurer la pr\u00e9paration\nau certificat de capacit\u00e9 professionnelle des conducteurs de taxi, leur formation continue et la\nformation \u00e0 la mobilit\u00e9\nPr\u00e9fet de la C\u00f4te-d'Or\nVU le code du Travail ;\nVU le code des Transports et notamment ses articles R 3120-7 et R 3120-9 modifi\u00e9s ;\nVU le d\u00e9cret n\u00b02017-236 du 24 f\u00e9vrier 2017 portant cr\u00e9ation de l'Observatoire National des\nTransports  Publics  Particuliers  de  Personnes,  du  Comit\u00e9  National  des  Transports  Publics\nParticuliers de Personnes et des Commissions Locales des Transports Publics Particuliers de\nPersonnes ;\nVU le d\u00e9cret n\u00b02017-483 du 6 avril 2017 relatif aux activit\u00e9s de transport public particulier de\npersonnes et actualisant diverses dispositions du code des Transports ;\nVU l'arr\u00eat\u00e9 minist\u00e9riel du 11 ao\u00fbt 2017 relatif \u00e0 l'agr\u00e9ment des centres de formation habilit\u00e9s \u00e0\ndispenser  la  formation  initiale,  la  formation  continue  et  \u00e0  la  formation  \u00e0  la  mobilit\u00e9 des\nconducteurs de taxi ;\nVU l'arr\u00eat\u00e9 pr\u00e9fectoral n\u00b0231 du 1er f\u00e9vrier 2020 portant renouvellement de l'agr\u00e9ment du GRETA\n21 en vue d'assurer la pr\u00e9paration au certificat de capacit\u00e9 professionnelle des conducteurs de\ntaxi et leur formation continue  ;\nVU l'arr\u00eat\u00e9 pr\u00e9fectoral n\u00b0552 du 23 mars 2023 portant extension de l'agr\u00e9ment du GRETA 21 en\nvue d'assurer la formation \u00e0 la mobilit\u00e9 des conducteurs de taxi ;\nPr\u00e9fecture de la C\u00f4te-d'Or \n53 rue de la Pr\u00e9fecture - 21041 DIJON cedex\nt\u00e9l : 03 80 44 64 00  Site internet : http://www.cote-dor.gouv.fr\nPr\u00e9fecture de la C\u00f4te-d'Or - 21-2025-02-03-00006 - Arr\u00eat\u00e9 pr\u00e9fectoral n\u00b0500  portant renouvellement agr\u00e9ment du GRETA 21 en vue\nd'assurer les formations taxi 77\nVU la demande et les documents fournis par M. Christophe NICOD, Pr\u00e9sident du GRETA 21 en\nvue d'obtenir le renouvellement de cet agr\u00e9ment en qualit\u00e9 d'organisme de formation assurant la\nformation initiale, continue et \u00e0 la mobilit\u00e9 des conducteurs de taxi ;\nSUR proposition du Secr\u00e9taire G\u00e9n\u00e9ral de la Pr\u00e9fecture de la C\u00f4te-d'Or ;\nA R R E T E\nArticle 1er  :  Le centre de formation GRETA 21 dont le si\u00e8ge social est situ\u00e9 20 boulevard\nVoltaire \u2013 BP 27529 \u2013 21075 DIJON CEDEX est agr\u00e9\u00e9 sous le n\u00b02025-1 pour assurer la\npr\u00e9paration  de  l'ensemble  des  \u00e9preuves  du  certificat  de  capacit\u00e9  professionnelle  des\nconducteurs de taxi, la formation continue et la formation \u00e0 la mobilit\u00e9 dans le d\u00e9partement de la\nC\u00f4te d'Or.\nL'enseignement  sera  dispens\u00e9  dans  les  locaux  du  Lyc\u00e9e  Gustave  Eiffel  \u2013  15  avenue  de\nChampollion \u2013 BP 17430 \u2013 21074 DIJON CEDEX.\nArticle 2  : L'agr\u00e9ment  est d\u00e9livr\u00e9 pour une p\u00e9riode de cinq ans \u00e0 compter de la date de\nsignature du pr\u00e9sent arr\u00eat\u00e9. La demande de renouvellement doit \u00eatre formul\u00e9e trois mois avant\nl'\u00e9ch\u00e9ance de l'agr\u00e9ment en cours.\nArticle 3     : Le dirigeant du centre de formation est tenu :\n1 \u2013 d'afficher dans les locaux de mani\u00e8re visible le num\u00e9ro d'agr\u00e9ment, le programme de\nformation ;\n2  \u2013  de  faire  figurer  le  num\u00e9ro  d'agr\u00e9ment  sur  toute  correspondance  et  tout  document\ncommercial ;\n3 \u2013 d'informer le public sur les prix dans les conditions pr\u00e9vues par l'article L113-3 du code de la\nconsommation et de ses textes d'application.\nArticle 4 : Les v\u00e9hicules utilis\u00e9s pour les formations doivent \u00eatre conformes aux prescriptions de\nl'article 4 de l'arr\u00eat\u00e9 du 11 ao\u00fbt 2017 relatif \u00e0 l'agr\u00e9ment des centres de formation habilit\u00e9s \u00e0\ndispenser la formation initiale et continue des conducteurs de taxi et des conducteurs de voiture\nde transport avec chauffeur ;\nArticle 5 : Le dirigeant du centre de formation adresse au pr\u00e9fet un rapport annuel sur l'activit\u00e9\nde son organisme de formation en mentionnant :\n- le  nombre de personnes ayant suivi  les formations \u00e0 tout ou partie de l'examen du\ncertificat de capacit\u00e9 professionnelle de conducteur de taxi et le taux de r\u00e9ussite aux\ndiff\u00e9rentes unit\u00e9s de valeurs,\n- le nombre et l'identit\u00e9 des conducteurs de taxi ayant suivi la formation continue,\n- le nombre et l'identit\u00e9 des conducteurs de taxi ayant suivi la formation \u00e0 la mobilit\u00e9.\nArticle 6 : Tout changement dans le contenu de la demande initiale, doit imp\u00e9rativement \u00eatre\ncommuniqu\u00e9 au pr\u00e9fet dans les meilleurs d\u00e9lais.\nPr\u00e9fecture de la C\u00f4te-d'Or \n53 rue de la Pr\u00e9fecture - 21041 DIJON cedex\nt\u00e9l : 03 80 44 64 00  Site internet : http://www.cote-dor.gouv.fr \nPr\u00e9fecture de la C\u00f4te-d'Or - 21-2025-02-03-00006 - Arr\u00eat\u00e9 pr\u00e9fectoral n\u00b0500  portant renouvellement agr\u00e9ment du GRETA 21 en vue\nd'assurer les formations taxi 78\nArticle 7 : En cas de non respect des modalit\u00e9s de fonctionnement du pr\u00e9sent arr\u00eat\u00e9 ou des\ndispositions de l'arr\u00eat\u00e9 minist\u00e9riel du 11 ao\u00fbt 2017 relatif \u00e0 l'agr\u00e9ment des centres de formation\nhabilit\u00e9s \u00e0 dispenser la formation initiale, la formation continue et \u00e0 la formation \u00e0 la mobilit\u00e9  des\nconducteurs  de  taxi le  Pr\u00e9fet peut donner un  avertissement, suspendre, retirer ou ne  pas\nrenouveler l'agr\u00e9ment de l'organisme de formation.\nArticle 8 : Le Secr\u00e9taire G\u00e9n\u00e9ral de la Pr\u00e9fecture de la C\u00f4te-d'Or est charg\u00e9 de l'ex\u00e9cution du\npr\u00e9sent arr\u00eat\u00e9 qui sera publi\u00e9 au recueil des actes administratifs de la Pr\u00e9fecture de la C\u00f4te-d'Or\net notifi\u00e9 au b\u00e9n\u00e9ficiaire.\nFait \u00e0 Dijon, 3 f\u00e9vrier 2025\nLe Pr\u00e9fet,\nPour le Pr\u00e9fet et par d\u00e9l\u00e9gation,\nLe Secr\u00e9taire G\u00e9n\u00e9ral,\nDenis BRUEL\nPr\u00e9fecture de la C\u00f4te-d'Or \n53 rue de la Pr\u00e9fecture - 21041 DIJON cedex\nt\u00e9l : 03 80 44 64 00  Site internet : http://www.cote-dor.gouv.fr \nPr\u00e9fecture de la C\u00f4te-d'Or - 21-2025-02-03-00006 - Arr\u00eat\u00e9 pr\u00e9fectoral n\u00b0500  portant renouvellement agr\u00e9ment du GRETA 21 en vue\nd'assurer les formations taxi 79\nPr\u00e9fecture de la C\u00f4te-d'Or\nDirection des Collectivit\u00e9s locales et des\nElections \n21-2025-03-24-00003\nArr\u00eat\u00e9 pr\u00e9fectoral portant habilitation dans le\ndomaine fun\u00e9raire de la soci\u00e9t\u00e9 Services\nTransports Fun\u00e9raires 21 - S.F.F.21\nPr\u00e9fecture de la C\u00f4te-d'Or - 21-2025-03-24-00003 - Arr\u00eat\u00e9 pr\u00e9fectoral portant habilitation dans le domaine fun\u00e9raire de la soci\u00e9t\u00e9\nServices Transports Fun\u00e9raires 21 - S.F.F.21 80\nExPREFETDE LACOTE-D'ORLibert\u00e9Egalit\u00e9Fraternit\u00e9\nSECR\u00c9TARIAT G\u00c9N\u00c9RAL\nDirection des Collectivit\u00e9s Locales et des Elections \n    Dijon, le 24 mars 2025\nr\nArr\u00eat\u00e9 N\u00b0508\nportant habilitation dans le domaine fun\u00e9raire  de la soci\u00e9t\u00e9\n \u00abSERVICES TRANSPORTS FUNERAIRES 21 \u2013 S.T.F.21\u00bb\nLe Pr\u00e9fet de la r\u00e9gion Bourgogne-Franche-Comt\u00e9\nPr\u00e9fet de la C\u00f4te-d'Or\nVU  le  Code  G\u00e9n\u00e9ral  des  Collectivit\u00e9s  Territoriales  et  notamment  les  dispositions  des  articles  \nL 2223-19 \u00e0 L 2223-30, R 2223-40 \u00e0 R 2223-65 et D 2223-34 \u00e0 D 2223-39 relatifs \u00e0 l'habilitation fun\u00e9raire ;\nVU le d\u00e9cret n\u00b02020-917 du 28 juillet 2020 relatif \u00e0 la dur\u00e9e de l'habilitation dans le secteur fun\u00e9raire et \u00e0 la\nhousse mortuaire ;\nVU  la demande et les documents pr\u00e9sent\u00e9s par Mme Magdal\u00e9na DEBROSSE, G\u00e9rante de la Soci\u00e9t\u00e9\n\u00abSERVICES  TRANSPORTS  FUNERAIRES  21  \u2013  S.T.F.21\u00bb  situ\u00e9e  3  avenue  Edouard  Spahr  \u00e0\n21260 SELONGEY en vue de demander l'habilitation dans le domaine fun\u00e9raire de ladite soci\u00e9t\u00e9 ;\nCONSIDERANT que l'entreprise sus-vis\u00e9e remplit les conditions pour obtenir l'habilitation dans le domaine\nfun\u00e9raire ;\nSUR proposition du Secr\u00e9taire G\u00e9n\u00e9ral de la Pr\u00e9fecture de la C\u00f4te d'Or ;\nARRETE\nArticle 1er  :  La Soci\u00e9t\u00e9    \u00abSERVICES TRANSPORTS FUNERAIRES 21 \u2013 S.T.F.21\u00bb situ\u00e9e 3 avenue\nEdouard Spahr \u00e0 21260 SELONGEY est habilit\u00e9e pour exercer les activit\u00e9s suivantes :\n- transport de corps avant et apr\u00e8s mise en bi\u00e8re,\n- organisation des obs\u00e8ques,\n- gestion et utilisation de chambre fun\u00e9raire,\n- fourniture des housses, des cercueils et de leurs accessoires int\u00e9rieurs et ext\u00e9rieurs ainsi que les\nurnes cin\u00e9raires,\n- fourniture des corbillards et des voitures de deuil,\n-  fourniture  du  personnel  et  des  objets  et  prestations  n\u00e9cessaires  aux  obs\u00e8ques,  inhumations,\nexhumations  et  cr\u00e9mations,  \u00e0  l'exception  des  plaques  fun\u00e9raires,  embl\u00e8mes  religieux,  fleurs,\ntravaux divers d'imprimerie et marbrerie fun\u00e9raire\nArticle 2 : Le num\u00e9ro de l'habilitation est le 25-21-0110.\nPr\u00e9fecture de la C\u00f4te-d'Or \n53 rue de la Pr\u00e9fecture - 21041 DIJON cedex\nt\u00e9l : 03 80 44 64 00 \nSite internet : http://www.cote-dor.gouv.fr\nPr\u00e9fecture de la C\u00f4te-d'Or - 21-2025-03-24-00003 - Arr\u00eat\u00e9 pr\u00e9fectoral portant habilitation dans le domaine fun\u00e9raire de la soci\u00e9t\u00e9\nServices Transports Fun\u00e9raires 21 - S.F.F.21 81\nArticle 3 : La pr\u00e9sente habilitation est accord\u00e9e pour une dur\u00e9e de 5 ans soit jusqu'au  24 mars 2030.\nArticle 4  : Pour b\u00e9n\u00e9ficier de la pr\u00e9sente habilitation jusqu'\u00e0 son terme, Mme Magdal\u00e9na DEBROSSE\ndevra d\u00e9clarer tout changement dans les informations contenues dans la demande d'habilitation dans un\nd\u00e9lai de deux mois notamment en ce qui concerne les attestations de conformit\u00e9 des v\u00e9hicules fun\u00e9raires.\nArticle 5 : La pr\u00e9sente habilitation pourra \u00eatre suspendue pour une dur\u00e9e maximum d'un an ou retir\u00e9e,\napr\u00e8s mise en demeure, par le repr\u00e9sentant de l'\u00c9tat dans le d\u00e9partement o\u00f9 les faits auront \u00e9t\u00e9 constat\u00e9s,\npour les motifs suivants :\n- non-respect des dispositions du pr\u00e9sent code auxquelles sont soumises les r\u00e9gies, entreprises ou\nassociations habilit\u00e9es conform\u00e9ment \u00e0 l'article L 2223-23,\n- non-exercice ou cessation d'exercice des activit\u00e9s au titre desquelles elle a \u00e9t\u00e9 d\u00e9livr\u00e9e,\n- atteinte \u00e0 l'ordre public ou danger pour la salubrit\u00e9 publique.\nArticle 6 : Dans un d\u00e9lai de deux mois \u00e0 compter de sa notification ou de la publication au recueil des\nactes administratifs de la pr\u00e9fecture, la pr\u00e9sente d\u00e9cision peut faire l'objet d'un recours  conform\u00e9ment aux\ndispositions de l'article R 421-1 et suivants du code de justice administrative :\n- le recours gracieux adress\u00e9 \u00e0 M. le Pr\u00e9fet du d\u00e9partement de la C\u00f4te d'Or  (53 rue de la Pr\u00e9fecture\n\u00e0  21041 DIJON CEDEX),\n- le recours hi\u00e9rarchique adress\u00e9 au ministre comp\u00e9tent dans le domaine consid\u00e9r\u00e9,\n- le recours contentieux en saisissant le Tribunal Administratif (22 rue d'Assas \u2013 21000 DIJON).\nArticle 7  :  Le secr\u00e9taire g\u00e9n\u00e9ral de la pr\u00e9fecture de la C\u00f4te d'Or est charg\u00e9 de l'ex\u00e9cution du pr\u00e9sent\narr\u00eat\u00e9 qui sera publi\u00e9 au recueil des actes administratifs de la Pr\u00e9fecture de la C\u00f4te d'Or dont copie sera\nremise \u00e0 :\n-  Mme  Magdal\u00e9na  DEBROSSE,  G\u00e9rante  de  la  Soci\u00e9t\u00e9    \u00abSERVICES  TRANSPORTS\nFUNERAIRES 21 \u2013 S.T.F.21\u00bb situ\u00e9e 3 avenue Edouard Spahr \u00e0 21260 SELONGEY, \n- M. le maire de SELONGEY,\n-  M. le G\u00e9n\u00e9ral commandant la R\u00e9gion de Gendarmerie et le Groupement de C\u00f4te d'Or,\n- M. le Directeur G\u00e9n\u00e9ral de l'Agence R\u00e9gionale de Sant\u00e9.\nLE PREFET\nPour le Pr\u00e9fet et par d\u00e9l\u00e9gation\nLe Secr\u00e9taire G\u00e9n\u00e9ral,\nsign\u00e9 :Denis BRUEL\nPr\u00e9fecture de la C\u00f4te-d'Or \n53 rue de la Pr\u00e9fecture - 21041 DIJON cedex\nt\u00e9l : 03 80 44 64 00 \nSite internet : http://www.cote-dor.gouv.fr\nPr\u00e9fecture de la C\u00f4te-d'Or - 21-2025-03-24-00003 - Arr\u00eat\u00e9 pr\u00e9fectoral portant habilitation dans le domaine fun\u00e9raire de la soci\u00e9t\u00e9\nServices Transports Fun\u00e9raires 21 - S.F.F.21 82\nPr\u00e9fecture de la C\u00f4te-d'Or\nDirection des s\u00e9curit\u00e9s\n21-2025-03-19-00002\nArr\u00eat\u00e9 pr\u00e9fectoral N\u00b0484\nportant d\u00e9signation d'une autorit\u00e9 habilit\u00e9e \u00e0\nd\u00e9cider de l'emploi de la force\npour disperser un attroupement\nPr\u00e9fecture de la C\u00f4te-d'Or - 21-2025-03-19-00002 - Arr\u00eat\u00e9 pr\u00e9fectoral N\u00b0484\nportant d\u00e9signation d'une autorit\u00e9 habilit\u00e9e \u00e0 d\u00e9cider de l'emploi de la force\npour disperser un attroupement\n83\nDirection des s\u00e9curit\u00e9s\nPr\u00e9fecture de la C\u00f4te-d'Or - 21-2025-03-19-00002 - Arr\u00eat\u00e9 pr\u00e9fectoral N\u00b0484\nportant d\u00e9signation d'une autorit\u00e9 habilit\u00e9e \u00e0 d\u00e9cider de l'emploi de la force\npour disperser un attroupement\n84\nPr\u00e9fecture de la C\u00f4te-d'Or\nDirection des s\u00e9curit\u00e9s\n21-2025-03-19-00003\nArr\u00eat\u00e9 pr\u00e9fectoral N\u00b0485\nportant d\u00e9signation d'une autorit\u00e9 habilit\u00e9e \u00e0\nd\u00e9cider de l'emploi de la force\npour disperser un attroupement\nPr\u00e9fecture de la C\u00f4te-d'Or - 21-2025-03-19-00003 - Arr\u00eat\u00e9 pr\u00e9fectoral N\u00b0485\nportant d\u00e9signation d'une autorit\u00e9 habilit\u00e9e \u00e0 d\u00e9cider de l'emploi de la force\npour disperser un attroupement\n85\nDirection des s\u00e9curit\u00e9s\nPr\u00e9fecture de la C\u00f4te-d'Or - 21-2025-03-19-00003 - Arr\u00eat\u00e9 pr\u00e9fectoral N\u00b0485\nportant d\u00e9signation d'une autorit\u00e9 habilit\u00e9e \u00e0 d\u00e9cider de l'emploi de la force\npour disperser un attroupement\n86\nPr\u00e9fecture de la C\u00f4te-d'Or\nDirection des s\u00e9curit\u00e9s\n21-2025-03-19-00004\nArr\u00eat\u00e9 pr\u00e9fectoral N\u00b0486\nportant d\u00e9signation d'une autorit\u00e9 habilit\u00e9e \u00e0\nd\u00e9cider de l'emploi de la force\npour disperser un attroupement\nPr\u00e9fecture de la C\u00f4te-d'Or - 21-2025-03-19-00004 - Arr\u00eat\u00e9 pr\u00e9fectoral N\u00b0486\nportant d\u00e9signation d'une autorit\u00e9 habilit\u00e9e \u00e0 d\u00e9cider de l'emploi de la force\npour disperser un attroupement\n87\nDirection des s\u00e9curit\u00e9s\nPr\u00e9fecture de la C\u00f4te-d'Or - 21-2025-03-19-00004 - Arr\u00eat\u00e9 pr\u00e9fectoral N\u00b0486\nportant d\u00e9signation d'une autorit\u00e9 habilit\u00e9e \u00e0 d\u00e9cider de l'emploi de la force\npour disperser un attroupement\n88\nPr\u00e9fecture de la C\u00f4te-d'Or\nSecr\u00e9tariat G\u00e9n\u00e9ral\n21-2025-03-21-00003\narr\u00eat\u00e9 pr\u00e9fectoral n\u00b0502 portant agr\u00e9ment ISFT\nde l'association Solidarit\u00e9 Femmes 21 au titre de\nl'article L.365-3 du code de la construction et de\nl'habitation\nPr\u00e9fecture de la C\u00f4te-d'Or - 21-2025-03-21-00003 - arr\u00eat\u00e9 pr\u00e9fectoral n\u00b0502 portant agr\u00e9ment ISFT de l'association Solidarit\u00e9 Femmes\n21 au titre de l'article L.365-3 du code de la construction et de l'habitation 89\n- Direction d\u00e9partementalePREFET , . - ; <'DE LA de I'Emploi, du Travail et des Solidarit\u00e9sCOTE-D'ORijert\u00e9Egalit\u00e9Fraternit\u00e9\nARRETE PREFECTORAL N\u00b0502Portant agr\u00e9ment ISFT de l'association Solidarit\u00e9 Femmes 21au titre de l'article L365-3 du code de la construction et de l'habitationPr\u00e9fet de la C\u00f4te-d'Or,VU la loi n\u00b0 2009-323 du 25 mars 2009 de mobilisation pour le logement et de lutte contre l'exclusion,VU le code de la construction et de l'habitation et notamment l'article L365-3 et l'article R365-1-2\u00b0dans sa r\u00e9daction issue du d\u00e9cret n\u00b0 2010-398 du 22 avril 2010 - art. 1,VU le d\u00e9cret n\u00b0 2009-1684 du 30 d\u00e9cembre 2009 relatif aux agr\u00e9ments des organismes exer\u00e7ant desactivit\u00e9s en faveur du logement et de l'h\u00e9bergement des personnes d\u00e9favoris\u00e9es,VU la circulaire du 6 septembre 2010 relative aux agr\u00e9ments des organismes agissant en faveur dulogement et de l'h\u00e9bergement des personnes d\u00e9favoris\u00e9es,VU le dossier de demande transmis le 3 octobre 2024 par la repr\u00e9sentante l\u00e9gale de l'associationSolidarit\u00e9 Femmes 21 et d\u00e9clar\u00e9 complet le 25 f\u00e9vrier 2025,VU l'avis favorable de la Direction D\u00e9partementale de I'Emploi, du Travail et des Solidarit\u00e9s de C\u00f4ted'Or qui a examin\u00e9 les capacit\u00e9s de l'organisme \u00e0 mener de telles activit\u00e9s conform\u00e9ment \u00e0 l'articleR365-1-2\u00b0 du code de la construction et de l'habitation.ARR\u00caTEArticle 1 :L'organisme \u00e0 gestion d\u00e9sint\u00e9ress\u00e9e, association Solidarit\u00e9 Femmes 21 sis 43 A rue de Mulhouse -21000 Dijon, association de loi 1901, est agr\u00e9\u00e9 pour les activit\u00e9s d'ing\u00e9nierie sociale, financi\u00e8re ettechnique mentionn\u00e9es au b) de l'article R365-1-2\u00b0 du code de la construction et de l'habitation.Article 2 :L'agr\u00e9ment est d\u00e9livr\u00e9 pour une dur\u00e9e de cing ans renouvelable. L'agr\u00e9ment peut \u00eatre retir\u00e9 \u00e0 toutmoment par l'autorit\u00e9 administrative comp\u00e9tente si l'organisme ne satisfait plus aux conditions ded\u00e9livrance de l'agr\u00e9ment ou s'il est constat\u00e9 un manquement grave ou r\u00e9p\u00e9t\u00e9 \u00e0 ses obligations.Le retrait est prononc\u00e9 apr\u00e8s avoir mis les dirigeants de l'organisme en mesure de pr\u00e9senter leursobservations.DDETS - www.cote-dor.gouv.fr- P\u00f4le travail et entreprises - P\u00f4le solidarit\u00e9s- P\u00f4le Emploi et coh\u00e9sion territoriale Cit\u00e9 administrative Dampierre21 Boulevard Voltaire 6 rue Chancelier de l'HospitalBP 81110 - 21000 Dijon BP 15381 - 21053 DIJON cedextel: 03 80 76 99 10 tel: 03 80 68 30 00\n \n \n  \n \n \n \nPr\u00e9fecture de la C\u00f4te-d'Or - 21-2025-03-21-00003 - arr\u00eat\u00e9 pr\u00e9fectoral n\u00b0502 portant agr\u00e9ment ISFT de l'association Solidarit\u00e9 Femmes\n21 au titre de l'article L.365-3 du code de la construction et de l'habitation 90\nArticle 3 :Un compte-rendu de l'activit\u00e9 concern\u00e9e et les comptes financiers de l'organisme seront adress\u00e9sannuellement \u00e0 l'autorit\u00e9 administrative comp\u00e9tente qui a d\u00e9livr\u00e9 l'agr\u00e9ment.Cette derniere peut \u00e0 tout moment contr\u00f4ler les conditions d'exercice de l'activit\u00e9 de l'organisme.Toute modification statutaire est notifi\u00e9e sans d\u00e9lai \u00e0 l'autorit\u00e9 administrative.Article 4 :Le secr\u00e9taire g\u00e9n\u00e9ral de la pr\u00e9fecture de la C\u00f4te-d'Or et la directrice d\u00e9partementale de l'emploi, dutravail et des solidarit\u00e9s sont en charge, chacun en ce qui le concerne, de l'ex\u00e9cution du pr\u00e9sentarr\u00eat\u00e9 qui sera ins\u00e9r\u00e9 au recueil des actes administratifs de la Pr\u00e9fecture.Fait \u00e0 Dijon, le 21/3/25Pour le pr\u00e9fet et par d\u00e9l\u00e9gation,le secr\u00e9taire g\u00e9n\u00e9ral,SIGNEDenis BRUEL\nLe pr\u00e9sent arr\u00eat\u00e9 peut faire l'objet d'un recours devant le Tribunal Administratif sis 22, rue d'Assas \u201421000 DIJON dans les deux mois suivant sa publication au recueil des actes administratifs de laPr\u00e9fecture de la C\u00f4te-d'Or. La juridiction administrative comp\u00e9tente peut aussi \u00eatre saisie parl''application t\u00e9l\u00e9recours citoyens accessible \u00e0 partir du site www.telerecours.frLe m\u00eame recours peut \u00eatre exerc\u00e9 par l'association gestionnaire dans le d\u00e9lai de deux mois \u00e0 compter dela notification du pr\u00e9sent arr\u00eat\u00e9.DDETS - www.cote-dor.gouv.fr- P\u00f4le travail et entreprises - P\u00f4le solidarit\u00e9s- P\u00f4le Emploi et coh\u00e9sion territoriale Cit\u00e9 administrative Dampierre21 Boulevard Voltaire 6 rue Chancelier de l'HospitalBP 81110 - 21000 Dijon BP 15381 - 21053 DIJON cedextel: 03 80 76 99 10 tel: 03 80 68 30 00\n \n \n  \n \n \n \nPr\u00e9fecture de la C\u00f4te-d'Or - 21-2025-03-21-00003 - arr\u00eat\u00e9 pr\u00e9fectoral n\u00b0502 portant agr\u00e9ment ISFT de l'association Solidarit\u00e9 Femmes\n21 au titre de l'article L.365-3 du code de la construction et de l'habitation 91\nSDIS de C\u00f4te-d'Or\n21-2025-01-02-00014\nListe d'aptitude op\u00e9rationnelle unit\u00e9 de lutte\ncontre les Feux de For\u00eat\nSDIS de C\u00f4te-d'Or - 21-2025-01-02-00014 - Liste d'aptitude op\u00e9rationnelle unit\u00e9 de lutte contre les Feux de For\u00eat 92\nPREFET \u00f4DE LA cDI{\u00ab/C\u00d4TE-D'OR D4Libert\u00e9\u00c9galit\u00e9 22 D Boulevard Winston ChurchillFraternit\u00e9 CS 16209 - 21 062 DIJON Cedex\nAffaire suivie par : sous-direction optimisation du potentiel op\u00e9rationnelSDIS 21 / service \u00e9quipes sp\u00e9cialis\u00e9esT\u00e9l : 03 80 11 27 87M\u00e9l : formation@sdis21.orgArr\u00eat\u00e9Portant sur la liste d'aptitude op\u00e9rationnelleUnit\u00e9 de lutte contre les feux de for\u00eatsAnn\u00e9e 2025Le pr\u00e9fet de la C\u00f4te-d'OrVu le code g\u00e9n\u00e9ral des collectivit\u00e9s territoriales et particuli\u00e8rement l'article R 1424-54 ;Vu le code de la s\u00e9curit\u00e9 int\u00e9rieure et particuli\u00e8rement l'article L 112-2 ;Vu l'arr\u00e9t\u00e9 du 6 mai 2000 modifi\u00e9 fixant les conditions d'aptitudes m\u00e9dicales des sapeurs-pompiers professionnels etvolontaires ;Vu l'arr\u00eat\u00e9 du 22 ao\u00fbt 2019 relatif aux formations des sapeurs-pompiers professionnels et volontaires ;Vu l'arr\u00eat\u00e9 du 15 juillet 2022 relatif \u00e0 la d\u00e9signation et aux missions des r\u00e9f\u00e9rents de sp\u00e9cialit\u00e9s mentionn\u00e9s \u00e0 l'articleR. 722-1 du code de la s\u00e9curit\u00e9 int\u00e9rieure ;Vu l'arr\u00e9t\u00e9 pr\u00e9fectoral du 18 septembre 2020 fixant la liste des unit\u00e9s op\u00e9rationnelles ;Vu le r\u00e8glement op\u00e9rationnel du service d\u00e9partemental d'incendie et de secours de la C\u00f4te-d'Or en date du 06 octobre2021 ;Vu le SDACR approuv\u00e9 par arr\u00eat\u00e9 pr\u00e9fectoral n\u00b0 1808 du 22 d\u00e9cembre 2023 ;Vu le guide national de r\u00e9f\u00e9rences\u00ab feux de for\u00eats \u00bb d'ao\u00fbt 1999 modifi\u00e9 ;Vu le guide de doctrine op\u00e9rationnelle et le guide de techniques op\u00e9rationnelles\u00ab feux de for\u00e9ts et d'espaces naturels \u00bbde f\u00e9vrier 2021 ;Vu la participation des agents d\u00e9sign\u00e9s aux activit\u00e9s de formation de maintien et de perfectionnement des acquis ;Vu le nombre de chef de site (3), chefs de colonne (8), de chefs de groupe (21), de chefs d'agr\u00e8s (177), de \u00e9quipiers(350) ;Sur proposition de monsieur le directeur d\u00e9partemental des services d'incendie et de secours ;ARR\u00caTEArticle 1 : La liste annuelle d\u00e9partementale d'aptitude op\u00e9rationnelle des sapeurs-pompiers de l'unit\u00e9 \u00ab luttecontre les feux de for\u00eats \u00bb du d\u00e9partement de la C\u00f4te-d'Or s'\u00e9tablit comme suit :\nNom Pr\u00e9nom \\ Emploi et activit\u00e9 compl\u00e9mentaire FormatlonDEZA Regls Chef de site FDF FDF 5 |LEPOUTERE Bertrand | Chef de site FDF | FDF 5Chef de site FDF, cadre HBE Q || THEUREL J\u00e9r\u00f4me* & cadre a\u00e9ro embarqu\u00e9 FDF 5, AER 2 & AER 3ANDREUCCETTI PIPhlllppe | Chefde colonne FDF - FDF4BIDAU Cyril \u2014 r \u2014 Xl Chef de colonne FDF T \u2014 FDFA| BOLTZBrumo _ | | Chef de colonne FDF . FDF4BOUFENICHE Khamel Chef de colonne FDF _ FDF4DOM\u0152K\u00ceZhnstophe e Chef de colonne FDF & cadre a\u00e9ro embarque . _F_DF 4 &AER 3LEHNHOF Jessica __ ; | Chef de colonne FDF [ CFDF4PARDON Chnstophe \" Chef de colonne FDF FDF 4\nSDIS de C\u00f4te-d'Or - 21-2025-01-02-00014 - Liste d'aptitude op\u00e9rationnelle unit\u00e9 de lutte contre les Feux de For\u00eat 93\nNom Pr\u00e9nomEmploi et activit\u00e9 compl\u00e9mentaireFormationREGAZZONI Micka\u00e9l Chef de colonne FDF FDF 4BLANDIN Pascal Chef de groupe FDF FDF 3BOUCHE Luca Chef de groupe FDF FDF 3BREUIL Christophe Chef de groupe FDF FDF 3CRETE Laurent Chef de groupe FDF FDF 3DECHAUME Sylvain Chef de groupe FDF FDF 3 & investigateur RCCI FDFDESCHAMPS Olivier Chef de groupe FDF FDF 3DUPONT Luc Chef de groupe FDF FDF 3DUVERNOIS Arnaud Chef de groupe FDF FDF 3EM Fr\u00e9d\u00e9ric Chef de groupe FDF FDF 3GARMATUK Cyril Chef de groupe FDF FDF 3GENELOT Eric Chef de groupe FDF FDF 3JEANNIN S\u00e9bastien Chef de groupe FDF FDF 3PAGEOT Anthony Chef de groupe FDF FDF 3PERU Christophe Chef de groupe FDF FDF 3RENAUD Sandrine Chef de groupe FDF FDF 3ROUCHE St\u00e9phane Chef de groupe FDF FDF 3SAUSSERET Jean-Michel Chef de groupe FDF FDF 3SENOT Alexandre Chef de groupe FDF FDF 3VANDENSKRICK Julien Chef de groupe FDF FDF 3VERREY Cyril Chef de groupe FDF & cadre DIS FDF 3 & DIS FDFVILBOUX Romain Chef de groupe FDF FDF 3ALIBERT Brice Chef d'agr\u00e9s FDF FDF 2ALIBERT David Chef d'agr\u00e8s FDF FDF 2ANGEL Nicolas Chef d'agr\u00e8s FDF & commando DIS FDF 2 & DIS FDFANTOINE Aymeric Chef d'agr\u00e8s FDF & commando DIS FDF 2 & DIS FDFANTOINE Luc Chef d'agr\u00e8s FDF FDF 2AUVERT Romain Chef d'agr\u00e8s FDF FDF 2BALLAIS Sylvain Chef d'agres FDF FDF 2BARGEOT Cyril Chef d'agr\u00e8s FDF FDF 2BAUDEGARD Marc Chef d'agr\u00e8s FDF FDF 2BAUDRAND Julien Chef d'agr\u00e8s FDF FDF 2BAUDROT Aur\u00e9lien Chef d'agr\u00e8s FDF FDF 2BAZIN Marc Chef d'agr\u00e8s FDF FDF 2BERNARD Philippe Chef d'agr\u00e8s FDF FDF 2BIARD Herv\u00e9 Chef d'agr\u00e8s FDF FDF 2BLANDIN Jean-Fran\u00e7ois Chef d'agr\u00e8s FDF FDF 2BOLE Xavier Chef d'agr\u00e8s FDF FDF 2BONNET St\u00e9phane Chef d'agr\u00e8s FDF FDF 2BORDET Olivier Chef d'agr\u00e8s FDF FDF 2BOS Fr\u00e9d\u00e9ric Chef d'agr\u00e8s FDF FDF 2BOUCHE Guillaume Chef d'agr\u00e8s FDF FDF 2BOUILLOT Olivier Chef d'agr\u00e8s FDF FDF 2BOUTIER Fabien Chef d'agr\u00e8s FDF FDF 2BOUTIER Florent Chef d'agr\u00e8s FDF FDF 2BOUVIER St\u00e9phane Chef d'agr\u00e8s FDF FDF 2BROSSEAU Fabrice Chef d'agr\u00e8s FDF FDF 2BRULEY Jean-No\u00ebl Chef d'agr\u00e9s FDF FDF 2BUSI Wilfried Chef d'agr\u00e8s FDF FDF 2CAMUS David Chef d'agr\u00e8s FDF FDF 2\nSDIS de C\u00f4te-d'Or - 21-2025-01-02-00014 - Liste d'aptitude op\u00e9rationnelle unit\u00e9 de lutte contre les Feux de For\u00eat 94\nNom Pr\u00e9nomEmploi et activit\u00e9 compl\u00e9mentaireFormationCENDRIER Nicolas Chef d'agr\u00e8s FDF & commando DIS FDF 2 & DIS FDFCHANUT Lilian Chef d'agr\u00e9s FDF FDF 2CHAPLOT Elodie Chef d'agr\u00e8s FDF FDF 2CHIAOUI Mehdi Chef d'agr\u00e8s FDF FDF 2CHIPEAUX C\u00e9dric Chef d'agr\u00e8s FDF FDF 2CHRETIEN Pierre Chef d'agr\u00e8s FDF FDF 2CONTET Cyriil Chef d'agr\u00e8s FDF FDF 2CONVERT Cyril Chef d'agr\u00e8s FDF FDF 2COQUIO Ga\u00eblle Chef d'agr\u00e8s FDF FDF 2COSTER K\u00e9vin Chef d'agr\u00e9s FDF FDF 2COUSIN Lo\u00efc Chef d'agr\u00e8s FDF FDF 2CROCHARD Vincent Chef d'agr\u00e8s FDF FDF 2DABRAINVILLE Geoffroy Chef d'agr\u00e8s FDF FDF 2DAURELLE Jo\u00ebl Chef d'agr\u00e8s FDF FDF 2DESCLOIX Sylvain Chef d'agr\u00e8s FDF & cadre DIS FDF 2 & DIS FDFDESSENDRE Romain Chef d'agr\u00e8s FDF FDF 2DESSEREY Gilles Chef d'agr\u00e8s FDF FDF 2DEVAUX Antoine Chef d'agr\u00e8s FDF & commando DIS FDF 2 & DIS FDFDEVAUX Jean-Christophe Chef d'agr\u00e8s FDF FDF 2DEVILLIERS J\u00e9r\u00e9my Chef d'agr\u00e8s FDF FDF 2DREZET David Chef d'agr\u00e8s FDF FDF 2DUBOIS Alexis Chef d'agr\u00e9s FDF FDF 2DUC Matthieu Chef d'agr\u00e8s FDF FDF 2DUPIN Bruno Chef d'agr\u00e8s FDF FDF 2DUPREY Arnaud Chef d'agr\u00e8s FDF FDF 2DURAND Fr\u00e9d\u00e9ric Chef d'agr\u00e8s FDF FDF 2DURAND Nicolas Chef d'agr\u00e8s FDF FDF 2DUTHU J\u00e9r\u00e9my Chef d'agr\u00e8s FDF FDF 2DUTHU Thomas Chef d'agr\u00e8s FDF FDF 2FANJOUX C\u00e9dric Chef d'agr\u00e8s FDF & commando DIS FDF 2 & DIS FDFFARGE David Chef d'agr\u00e8s FDF FDF 2FAVRE Philippe Chef d'agr\u00e8s FDF FDF 2FERNANDEZ Manuel Chef d'agr\u00e8s FDF FDF 2FURDERER Johann Chef d'agr\u00e8s FDF FDF 2FURDIN David Chef d'agr\u00e8s FDF FDF 2GARNIER Nicolas Chef d'agr\u00e8s FDF FDF 2GELIN Gr\u00e9gory Chef d'agr\u00e8s FDF FDF 2GENETIER Bruno Chef d'agr\u00e8s FDF FDF 2GENTILHOMME Damien Chef d'agr\u00e8s FDF FDF 2GEOFFROY Antoine Chef d'agr\u00e8s FDF FDF 2GERMAIN Arnaud Chef d'agr\u00e8s FDF FDF 2GEST Syivain Chef d'agr\u00e8s FDF FDF 2GONET Ludovic Chef d'agr\u00e8s FDF FDF 2GOUX Fr\u00e9d\u00e9ric Chef d'agr\u00e8s FDF FDF 2GREBILLE Jean Chef d'agr\u00e8s FDF FDF 2GUALDI Fabrice Chef d'agr\u00e8s FDF FDF 2GUERARD S\u00e9bastien Chef d'agr\u00e8s FDF FDF 2GUERIN Maxime Chef d'agr\u00e8s FDF FDF 2! GUTKNECHT Jean-Denis Chef d'agr\u00e8s FDF FDF 2| HEDIEUX Patrick Chef d'agr\u00e8s FDF FDF 2\nSDIS de C\u00f4te-d'Or - 21-2025-01-02-00014 - Liste d'aptitude op\u00e9rationnelle unit\u00e9 de lutte contre les Feux de For\u00eat 95\nNom Pr\u00e9nomEmploi et activit\u00e9 compl\u00e9mentaireFormationHENNIENE Mohamed Chef d'agr\u00e8s FDF FDF 2ISAAC Christophe Chef d'agr\u00e8s FDF FDF 2ISTRIA Anthony Chef d'agr\u00e8s FDF FDF 2JACQUES Pascal Chef d'agr\u00e8s FDF FDF 2JALLAT G\u00e9rard Chef d'agr\u00e8s FDF FDF 2JAUDAUX David Chef d'agr\u00e8s FDF FDF 2JEAN Micka\u00ebl Chef d'agr\u00e9s FDF FDF 2JEANNE Emmanuel Chef d'agr\u00e8s FDF FDF 2JOUFFROY Herv\u00e9 Chef d'agr\u00e8s FDF FDF 2JUPILLE Thomas Chef d'agr\u00e8s FDF FDF 2KARROUM Hakim Chef d'agr\u00e8s FDF FDF 2KRAWCZYK Nicolas Chef d'agr\u00e8s FDF FDF 2KURKLINSKI Quentin Chef d'agr\u00e8s FDF & commando DIS FDF 2 & DIS FDFLAGNIER Laurent Chef d'agres FDF FDF 2LALLEMAND Mathieu Chef d'agr\u00e8s FDF FDF 2LAMBERT Jean-Robert Chef d'agr\u00e8s FDF FDF 2LAUPRETRE Mathieu Chef d'agr\u00e8s FDF FDF 2LAVERDAN Jean-Paul Chef d'agr\u00e8s FDF FDF 2LE CARO C\u00e9dric Chef d'agr\u00e8s FDF FDF 2LE GOFF Quentin Chef d'agr\u00e8s FDF FDF 2LEBLOND Andy Chef d'agr\u00e9s FDF FDF 2LEDOUX Alexis Chef d'agr\u00e8s FDF FDF 2LEFOL Geoffroy Chef d'agr\u00e9s FDF FDF 2LEFRANC Nicolas Chef d'agr\u00e8s FDF FDF 2LEGRAND S\u00e9bastien Chef d'agr\u00e8s FDF FDF 2LERAT Alexandre Chef d'agr\u00e8s FDF FDF 2LIORET Christophe Chef d'agr\u00e8s FDF FDF 2LOPES David Chef d'agr\u00e8s FDF FDF 2LOUIS Thierry Chef d'agr\u00e8s FDF FDF 2MAIRE Johann Chef d'agr\u00e8s FDF FDF 2MANSOTTE Jean-Marc Chef d'agr\u00e8s FDF FDF 2MARCEAU Xavier Chef d'agr\u00e8s FDF FDF 2MARCOS Alex Chef d'agr\u00e8s FDF FDF 2MARDAOUI Mouhssine Chef d'agr\u00e8s FDF FDF 2MARTY Yoann Chef d'agres FDF FDF 2MASSENOT Florian Chef d'agr\u00e8s FDF FDF 2MAUR Christophe Chef d''agr\u00e8s FDF FDF 2MAUROY Anthony Chef d'agr\u00e8s FDF FDF 2MEHAULT Ga\u00ebtan Chef d'agr\u00e8s FDF FDF 2MELOT Christophe Chef d'agr\u00e8s FDF FDF 2MENAGE Christophe Chef d'agr\u00e9s FDF FDF 2MENELOT Patrick Chef d'agr\u00e8s FDF FDF 2MERME Christophe Chef d'agr\u00e8s FDF FDF 2MIGNON Claude Chef d'agr\u00e8s FDF FDF 2MIGNOT Emmanuel Chef d'agr\u00e8s FDF FDF 2MONTCHARMONT Thomas Chef d'agr\u00e8s FDF FDF 2MOREAU Franck Chef d'agr\u00e8s FDF FDF 2MORELOT Eric Chef d'agr\u00e9s FDF FDF 2MORINEAU Damien Chef d'agr\u00e9s FDF FDF 2MOTUS Julien Chef d'agr\u00e8s FDF FDF 2\nSDIS de C\u00f4te-d'Or - 21-2025-01-02-00014 - Liste d'aptitude op\u00e9rationnelle unit\u00e9 de lutte contre les Feux de For\u00eat 96\nNom Pr\u00e9nomEmploi et activit\u00e9 compl\u00e9mentaireFormationNAUDET Etienne Chef d'agr\u00e9s FDF FDF 2NESME K\u00e9vin Chef d'agr\u00e8s FDF FDF 2NICOLAS Michel Chef d'agr\u00e9s FDF FDF 2NOUR Yassine Chef d'agr\u00e8s FDF FDF 2PARANT Fr\u00e9d\u00e9ric Chef d'agr\u00e8s FDF FDF 2PERRIN St\u00e9phane Chef d'agr\u00e8s FDF FDF 2PETITOT Marc Chef d'agr\u00e9s FDF FDF 2PIGNET Olivier Chef d'agr\u00e8s FDF FDF 2PIGNON S\u00e9bastien Chef d'agr\u00e8s FDF FDF 2PIRARD Vincent Chef d'agr\u00e8s FDF FDF 2POUESSEL Wilfried Chef d'agr\u00e8s FDF FDF 2POULLOT Maryne Chef d'agr\u00e8s FDF FDF 2PRIN Richard Chef d'agr\u00e8s FDF FDF 2PRUDHON R\u00e9gis Chef d'agr\u00e8s FDF FDF 2RAIMBAULT Nicolas Chef d'agr\u00e8s FDF FDF 2REMBERT Thomas Chef d'agr\u00e8s FDF FDF 2REMOND Ga\u00e9tan Chef d'agr\u00e8s FDF FDF 2RENAUD Thomas Chef d'agr\u00e8s FDF FDF 2RICHARD Christophe Chef d'agr\u00e8s FDF FDF 2RICHARD Laurent Chef d'agr\u00e8s FDF FDF 2RICHARD Ludovic Chef d'agr\u00e8s FDF FDF 2RUDE Maxime Chef d'agr\u00e8s FDF FDF 2SAADA Alexandre Chef d'agr\u00e8s FDF FDF 2SAGET Loic Chef d'agr\u00e8s FDF FDF 2SALLOT Julien Chef d'agr\u00e9s FDF FDF 2SAMORI Laurent Chef d'agr\u00e8s FDF FDF 2SCHMIDT C\u00e9dric Chef d'agr\u00e8s FDF FDF 2SIERRA Mika\u00ebl Chef d'agr\u00e8s FDF FDF 2SILVESTRE St\u00e9phane Chef d'agr\u00e8s FDF FDF 2SIMON Jean-Baptiste Chef d'agr\u00e8s FDF FDF 2SIRANDRE Thomas Chef d'agr\u00e8s FDF FDF 2SOLDATENKOFF Nicolas Chef d'agr\u00e8s FDF FDF 2SPACZEK Rudy Chef d'agr\u00e8s FDF FDF 2SUCHETET Didier Chef d'agr\u00e8s FDF FDF 2THIBEAULT Laurent Chef d'agr\u00e8s FDF FDF 2THOMAS Christophe Chef d'agr\u00e8s FDF FDF 2THOMAS Guilhem Chef d'agr\u00e9s FDF FDF 2THOMAS J\u00e9r\u00f4me Chef d'agr\u00e8s FDF FDF 2TILLIER Herv\u00e9 Chef d'agr\u00e8s FDF FDF 2TRITZ Fr\u00e9d\u00e9ric Chef d'agr\u00e8s FDF FDF 2VADOT Michel Chef d'agr\u00e8s FDF FDF 2VADOT Thierry Chef d'agr\u00e8s FDF FDF 2VAILLE Olivier Chef d'agr\u00e8s FDF FDF 2VAXILLAIRE Yann Chef d'agr\u00e8s FDF FDF 2VIARDOT Aur\u00e9lien Chef d'agr\u00e8s FDF FDF 2VIDON-BUTHION John Chef d'agr\u00e8s FDF FDF 2VILLEGAS Herv\u00e9 Chef d'agr\u00e8s FDF FDF 2VIVIEN Jo\u00ebl Chef d'agr\u00e8s FDF FDF 2VOILLEQUIN Venceslas Chef d'agr\u00e8s FDF FDF 2AMBRIRIKI Chouanibou Equipier FDF FDF 1\nSDIS de C\u00f4te-d'Or - 21-2025-01-02-00014 - Liste d'aptitude op\u00e9rationnelle unit\u00e9 de lutte contre les Feux de For\u00eat 97\nNom Pr\u00e9nomEmploi et activit\u00e9 compl\u00e9mentaireFormationANNEN Florian Equipier FDF FDF 1ARBEZ Benjamin Equipier FDF FDF 1AUBRY Christophe Equipier FDF FDF 1AUVERT Antonin Equipier FDF FDF 1BAILLIET Jason Equipier FDF FDF 1BAILLY St\u00e9phane Equipier FDF FDF 1BARATA MINHOS Lionel Equipier FDF FDF 1BARBE David Equipier FDF FDF 1BARDET Mathieu Equipier FDF FDF 1BATAILLE Quentin Equipier FDF FDF 1BAUDEGARD Romain Equipier FDF FDF 1BEAU Yoann Equipier FDF FDF 1BECOUZE Pierre Equipier FDF FDF 1BECQUET J\u00e9r\u00e9my Equipier FDF FDF 1BELDILMI Gilles Equipier FDF FDF 1BENREDJEM Th\u00e9o Equipier FDF FDF 1BERSCHEID Anthony Equipier FDF FDF 1BERTHENET Melvyn Equipier FDF FDF 1BERTHET-BONDET Anthony Equipier FDF FDF 1BERTRAND Lauren Equipier FDF FDF 1BERWICK R\u00e9mi Equipier FDF FDF 1BEUTHOT Christophe Equipier FDF FDF 1BIDAULT Richard Equipier FDF FDF 1BIEBER Corentin Equipier FDF FDF 1BILLARD Alexis Equipier FDF FDF 1BILLOIR Martial Equipier FDF FDF 1BLANC Eric Equipier FDF FDF 1BLARDONE Charles Equipier FDF FDF 1BOISSY Philippe Equipier FDF FDF 1BONNARD Matthieu Equipier FDF FDF 1BONNARD Valentin Equipier FDF FDF 1BONNARDEL Xavier Equipier FDF FDF 1BONNASSIEUX J\u00e9r\u00e9my Equipier FDF FDF 1BORDET Th\u00e9o Equipier FDF FDF 1BOUCHEROT Fabien Equipier FDF FDF 1BOUCHEROT Ga\u00e9tan Equipier FDF FDF 1BOUCHEROT Maxime Equipier FDF FDF 1BOUQUET J\u00e9r\u00f4me Equipier FDF FDF 1BOURDIER Roger Equipier FDF FDF 1BOURGEOIS Elodie Equipier FDF FDF 1BOURGETEL Sylvain Equipier FDF FDF 1BOUSSARD Anthony Equipier FDF FDF 1BOUTIER Charles Equipier FDF FDF 1BOUTIN L\u00e9o Equipier FDF FDF 1BOUVIER Marina Equipier FDF FDF 1BOUVOT Jayson Equipier FDF FDF 1BREBEL Julie Equipier FDF FDF 1; BREGAND Math\u00e9o Equipier FDF FDF 1i BREUIL Paul Equipier FDF FDF 1BRICHETEAU Florian Equipier FDF FDF 1\nSDIS de C\u00f4te-d'Or - 21-2025-01-02-00014 - Liste d'aptitude op\u00e9rationnelle unit\u00e9 de lutte contre les Feux de For\u00eat 98\nNom Pr\u00e9nomEmploi et activit\u00e9 compl\u00e9mentaireFormationBRICHETEAU Quentin Equipier FDF FDF 1BRIDON Fran\u00e7ois Equipier FDF FDF 1BRIYS Ludovic Equipier FDF FDF 1BRULEY Baptiste Equipier FDF FDF 1BRULEY Romain Equipier FDF FDF 1BRUNET Charlotte Equipier FDF FDF 1BRUNET Morgan Equipier FDF FDF 1BRUNOT Baptiste Equipier FDF FDF 1BUATOIS Dylan Equipier FDF FDF 1BUCZEK Alexis Equipier FDF FDF 1BUTHEAU Ludovic Equipier FDF FDF 1CABEZAS Th\u00e9o Equipier FDF FDF 1CAGNE Ga\u00e9tan Equipier FDF FDF 1CALAFATO Alexandre Equipier FDF FDF 1CAMUSET J\u00e9r\u00f4me Equipier FDF FDF 1CANAL Amandine Equipier FDF FDF 1CARBILLET Th\u00e9o Equipier FDF FDF 1CARTIER Laurent Equipier FDF FDF 1CASEIRO Gr\u00e9gory Equipier FDF FDF 1CAVARELLI Nicolas Equipier FDF FDF 1CAZENAVE Sandra Equipier FDF FDF 1CERVANTES Lo\u00efc Equipier FDF FDF 1CHAINARD J\u00e9r\u00e9my Equipier FDF FDF 1CHAKRI Tarik Equipier FDF FDF 1CHAMPONNOIS Cyrille Equipier FDF FDF 1CHAMPONNOIS Damien Equipier FDF FDF 1CHAPOVALOFF Alexis Equipier FDF FDF 1CHAUMET Emmanuel Equipier FDF FDF 1CHEVALIER Victor Equipier FDF FDF 1CHEVALLIER Yannick Equipier FDF FDF 1CHEVASSON Antoine Equipier FDF FDF 1CHIFFLOT Pierre Equipier FDF FDF 1CHIONO J\u00e9r\u00f4me Equipier FDF FDF 1CHOAIN Cyril Equipier FDF FDF 1CHODAT Florian Equipier FDF FDF 1CIERLAK J\u00e9r\u00f4me Equipier FDF FDF 1CLERC Damien Equipier FDF FDF 1CLERC Jean-Baptiste Equipier FDF FDF 1CLET C\u00e9cile Equipier FDF FDF 1COISPINE Romain Equipier FDF FDF 1COLAS Micka\u00ebl Equipier FDF FDF 1COLOMBO Jean-Christophe Equipier FDF FDF 1COMBES Cl\u00e9ment Equipier FDF FDF 1COMMARET Guillaume Equipier FDF FDF 1CORDON Hugo Equipier FDF FDF 1CORDON Maxime Equipier FDF FDF 1COUDRET David Equipier FDF FDF 1COULAND Jean-Philippe Equipier FDF FDF 1i COURBEZ Thierry Equipier FDF FDF 1COUREAULT Philippe Equipier FDF FDF 1\nSDIS de C\u00f4te-d'Or - 21-2025-01-02-00014 - Liste d'aptitude op\u00e9rationnelle unit\u00e9 de lutte contre les Feux de For\u00eat 99\nNom Pr\u00e9nomEmploi et activit\u00e9 compl\u00e9mentaireFormationCOUTACHOT S\u00e9bastien Equipier FDF FDF 1COYETTE Antoine Equipier FDF FDF 1COZ Paul Equipier FDF FDF 1CRETE-CORTOT Arthur Equipier FDF FDF 1CROTTI Corentin Equipier FDF FDF 1CURE Franck Equipier FDF FDF 1DA ROCHA Florent Equipier FDF FDF 1DA ROCHA Julie Equipier FDF FDF 1DALAUDIERE Nicolas Equipier FDF FDF 1DAMIENS Jean-Baptiste Equipier FDF FDF 1DARROUX Bastien Equipier FDF FDF 1DAUD Jean-Baptiste Equipier FDF FDF 1DE PIZZOL Geoffroy Equipier FDF FDF 1DEGUIN Gaylord Equipier FDF FDF 1DELOLME Bruno Equipier FDF FDF 1DELPIT Geoffrey Equipier FDF FDF 1DEMANDRE Micka\u00ebl Equipier FDF FDF 1DEMARCH Johann Equipier FDF FDF 1DENIEL Jordan Equipier FDF FDF 1DENIEL Yannick Equipier FDF FDF 1DERY Ludovic Equipier FDF FDF 1DERY Micka\u00ebl Equipier FDF FDF 1DILLENSEGER Cl\u00e9ment Equipier FDF FDF 1DONNET Dominique Equipier FDF FDF 1DOUSSOT Emilien Equipier FDF FDF 1DRU Guillaume Equipier FDF FDF 1DUBOIS C\u00e9dric Equipier FDF FDF 1DUCHESNE Bertrand Equipier FDF FDF 1DUMONT Guillaume Equipier FDF FDF 1DUMONT Quentin Equipier FDF FDF 1DUNCAN Yann Equipier FDF FDF 1DUPLUS Aur\u00e9lien Equipier FDF FDF 1DURUPT Quentin Equipier FDF FDF 1DUTHU Christophe Equipier FDF FDF 1DUTHU Julien Equipier FDF FDF 1DUTHU Romain Equipier FDF FDF 1DUVERGER Luka Equipier FDF FDF 1EL YACOUBI Khalid Equipier FDF FDF 1ESNAUX Manuel Equipier FDF FDF 1FABER Thomas Equipier FDF FDF 1FAIVRE Lucas Equipier FDF FDF 1FARNIER R\u00e9mi Equipier FDF FDF 1FAUCHARD C\u00e9dric Equipier FDF FDF 1FEUGERE Ma\u00ebl Equipier FDF FDF 1FEVRIER Pascal Equipier FDF FDF 1FEVRIER Thomas Equipier FDF FDF 1| FLECHARD Julien Equipier FDF FDF 1FLET Am\u00e9lie Equipier FDF FDF 1| FOISSEY Bastien Equipier FDF FDF 1FOND K\u00e9vin Equipier FDF FDF 1\nSDIS de C\u00f4te-d'Or - 21-2025-01-02-00014 - Liste d'aptitude op\u00e9rationnelle unit\u00e9 de lutte contre les Feux de For\u00eat 100\nNom Pr\u00e9nomEmploi et activit\u00e9 compl\u00e9mentaireFormationFOUTELET Christian Equipier FDF FDF 1FOUTELET Jo\u00ebl Equipier FDF FDF 1FROIDUROT Thibaut Equipier FDF FDF 1GABORIEAU Laurent Equipier FDF FDF 1GACECK Ludovic Equipier FDF FDF 1GANDROT L\u00e9o Equipier FDF FDF 1GARDIEN Nicolas Equipier FDF FDF 1GASPARD Julien Equipier FDF FDF 1GAUMONT Emmanuel Equipier FDF FDF 1GAUTHERON Gr\u00e9gory Equipier FDF FDF 1GAUTHEY Eric Equipier FDF FDF 1GAUTHIER Alain Equipier FDF FDF 1GAY Mailys Equipier FDF FDF 1GELINOTTE Steeve Equipier FDF FDF 1GEORGES Maxime Equipier FDF FDF 1GERMAIN Etienne Equipier FDF FDF 1GERVAIS Romain Equipier FDF FDF 1GIGLEUX Thibault Equipier FDF FDF 1GILLOT Adrien Equipier FDF FDF 1GIRARD Thibaut Equipier FDF FDF 1GIRARDOT Fr\u00e9d\u00e9ric Equipier FDF FDF 1GIRARDOT Jonathan Equipier FDF FDF 1GOMES-MARTINS Baptiste Equipier FDF FDF 1GONCALVES Samuel Equipier FDF FDF 1GOUJON S\u00e9bastien Equipier FDF FDF 1GOUX Antonin Equipier FDF FDF 1GRAND Micka\u00ebl Equipier FDF FDF 1GRANGER Pascal Equipier FDF FDF 1GRILLON Lise Equipier FDF FDF 1GRIMAND Renaud Equipier FDF FDF 1GROSGOUJAT Steven Equipier FDF FDF 1GUERIN David Equipier FDF FDF 1GUILLOU Valentin Equipier FDF FDF 1GUYOT Baptiste Equipier FDF FDF 1HASELBAUER Julien Equipier FDF FDF 1HENAULT Baptiste Equipier FDF FDF 1HOBENICHE Anthony Equipier FDF FDF 1HOFFERT Edwin Equipier FDF FDF 1HOSTALIER Antoine Equipier FDF FDF 1HUDELOT Thomas Equipier FDF FDF 1INTILIA Damien Equipier FDF FDF 1JANVIER Jean-Yves Equipier FDF FDF 1JARLAUD Maxime Equipier FDF FDF 1JOIE Romain Equipier FDF FDF 1JOMAS Eymeric Equipier FDF FDF 1; KISSENBERGER Julien Equipier FDF FDF 1L'HOSTE J\u00e9r\u00f4me Equipier FDF FDF 1| LABEAUNE Math\u00e9o Equipier FDF FDF 1LAGRANGE Thibaut Equipier FDF FDF 1| LAMBERT Cl\u00e9ment Equipier FDF FDF 1\nSDIS de C\u00f4te-d'Or - 21-2025-01-02-00014 - Liste d'aptitude op\u00e9rationnelle unit\u00e9 de lutte contre les Feux de For\u00eat 101\nNom Pr\u00e9nomEmploi et activit\u00e9 compl\u00e9mentaireFormationLAMY Sylvain Equipier FDF FDF 1LANGUILLE Thomas Equipier FDF FDF 1LARGEOT Adrien Equipier FDF FDF 1LAURENT Fabien Equipier FDF FDF 1LAURENT Micka\u00e9l Equipier FDF FDF 1LAVIRON Solal Equipier FDF FDF 1LEBEUF Arthur Equipier FDF FDF 1LEBEUF S\u00e9bastien Equipier FDF FDF 1LE CARO Ang\u00e9lique Equipier FDF FDF 1LE CARO Jordan Equipier FDF & commando DIS FDF 1 & DIS FDFLEDUCQ Coleen Equipier FDF FDF 1LELABOUSSE Enzo Equipier FDF FDF 1LERAT-JOBARD Baptiste Equipier FDF FDF 1LESSART Jonathan Equipier FDF FDF 1LONGOBUCCO Fran\u00e7ois Equipier FDF FDF 1LOPES Valentin Equipier FDF FDF 1LOUET Yann Equipier FDF FDF 1LUCAS K\u00e9vin Equipier FDF FDF 1MACHADO Damien Equipier FDF FDF 1MAGGIOTTO Laurent Equipier FDF FDF 1MAGNIERE J\u00e9r\u00e9my Equipier FDF FDF 1MAINGAULT Corentin Equipier FDF FDF 1MANCINI Christophe Equipier FDF FDF 1MANCINI Nicolas Equipier FDF FDF 1MANGEMATIN Amaury Equipier FDF FDF 1MANZINALI Tanguy Equipier FDF FDF 1MARATRAY Brandon Equipier FDF FDF 1MARGOT Pierre Equipier FDF FDF 1MARTIN Alexis Equipier FDF FDF 1MARTIN Charlie Equipier FDF FDF 1MARZAK Amir Equipier FDF FDF 1MATHON Oc\u00e9ane Equipier FDF FDF 1MATHY Lilian Equipier FDF FDF 1MAZUE Eddy Equipier FDF FDF 1MEGARD Brice Equipier FDF FDF 1MERMAZ Emmanuel Equipier FDF FDF 1MEULNET Cyril Equipier FDF FDF 1MICHEL K\u00e9vin Equipier FDF FDF 1MIGNOT VERGEOT C\u00e9dric Equipier FDF FDF 1MIRESSI Nicolas Equipier FDF FDF 1MIRMONT Jonathan Equipier FDF FDF 1MISSET S\u00e9bastien Equipier FDF FDF 1MOLE Romuald Equipier FDF FDF 1MONVAILLIER Julien Equipier FDF FDF 1MOSSON Arnaud Equipier FDF FDF 1MOUCHOUX Maxime Equipier FDF FDF 1MOUREAUX Anthony Equipier FDF FDF 1MULLER Am\u00e9lie Equipier FDF FDF 1MUTEL Joris Equipier FDF FDF 1MUTEL Loic Equipier FDF FDF 1\nSDIS de C\u00f4te-d'Or - 21-2025-01-02-00014 - Liste d'aptitude op\u00e9rationnelle unit\u00e9 de lutte contre les Feux de For\u00eat 102\nNom Pr\u00e9nomEmploi et activit\u00e9 compl\u00e9mentaireFormationMUTIN Ludovic Equipier FDF FDF 1NAUDET S\u00e9bastien Equipier FDF FDF 1NAVAS-LOPEZ Axel Equipier FDF FDF 1NECTOUX Corentin Equipier FDF FDF 1NOEL Loic Equipier FDF FDF 1OPET Jonathan Equipier FDF FDF 1PACAUD-PEREIRA Mathieu Equipier FDF FDF 1PAINBLANC Steve Equipier FDF FDF 1PALLEGOIX Julien Equipier FDF FDF 1PAPEZ Julien Equipier FDF FDF 1PARAT C\u00e9dric Equipier FDF FDF 1PARIS H\u00e9l\u00e9na Equipier FDF FDF 1PATOZ Camille Equipier FDF FDF 1PAYEBIN Alain Equipier FDF FDF 1PAYSAN Augustin Equipier FDF FDF 1PERCHOT J\u00e9r\u00e9my Equipier FDF FDF 1PEROT Olivier Equipier FDF FDF 1PERRIN Vincent Equipier FDF FDF 1PETIT Jean-Bernard Equipier FDF FDF 1PETIT-PIZZOLO Anthonin Equipier FDF FDF 1PETITJEAN Mathieu Equipier FDF FDF 1PIATON Manuel Equipier FDF FDF 1PICARD J\u00e9r\u00e9my Equipier FDF FDF 1PIQUET Stefan Equipier FDF FDF 1PITOISET Julien Equipier FDF FDF 1PLAGNIARD Hugo Equipier FDF FDF 1PLAISIER J\u00e9r\u00e9my Equipier FDF FDF 1PLOTON Jessica Equipier FDF FDF 1POCHEVEUX Martial Equipier FDF FDF 1POMMIER Jean-No\u00e9l Equipier FDF FDF 1PORCHERAY Guillaume Equipier FDF FDF 1POUILLY Mathieu Equipier FDF FDF 1PRADO Micha\u00e9l Equipier FDF FDF 1PREIONI Christian Equipier FDF FDF 1PRUDHON J\u00e9r\u00f4me Equipier FDF FDF 1QUELLIER Philippe Equipier FDF FDF 1QUENOT S\u00e9bastien Equipier FDF FDF 1RABUT Laurent Equipier FDF FDF 1RAGEAUD Nathan Equipier FDF FDF 1RAILLARD Quentin Equipier FDF FDF 1RAMM Mathieu Equipier FDF FDF 1RAYMOND Sylvain Equipier FDF FDF 1REBOUL Simon Equipier FDF FDF 1REMOND Guillaume Equipier FDF FDF 1RENAUD David Equipier FDF FDF 1RENAUD Lucas Equipier FDF FDF 1RENAUD Sandrine Equipier FDF FDF 1RENGEL Teddy Equipier FDF FDF 1RIGOLOT Ga\u00ebl Equipier FDF FDF 1RIMBEAULT Thomas Equipier FDF FDF 1\nSDIS de C\u00f4te-d'Or - 21-2025-01-02-00014 - Liste d'aptitude op\u00e9rationnelle unit\u00e9 de lutte contre les Feux de For\u00eat 103\nNom Pr\u00e9nomEmploi et activit\u00e9 compl\u00e9mentaireFormationROMERO ARANDIA Carlos Equipier FDF FDF 1ROSE Audric Equipier FDF FDF 1ROTH DIT BETTONI Guillaume Equipier FDF FDF 1ROUGEGREZ Thomas Equipier FDF FDF 1ROUHETTE Fr\u00e9d\u00e9ric Equipier FDF FDF 1ROUILLON Benjamin Equipier FDF FDF 1ROUILLON Philippe Equipier FDF FDF 1ROULOT Bertrand Equipier FDF FDF 1ROUSSILLON Mathieu Equipier FDF FDF 1ROYER Julien Equipier FDF FDF 1ROYER K\u00e9vin Equipier FDF FDF 1ROZOTTE Chio\u00e9 Equipier FDF FDF 1SAPIN Philippe Equipier FDF FDF 1SARRAZIN Pauline Equipier FDF FDF 1SAUSSIER Julien Equipier FDF FDF 1SEURIOT Guillaume Equipier FDF FDF 1SEVESTRE J\u00e9r\u00e9my Equipier FDF FDF 1SILLY Pierre Equipier FDF FDF 1SILVESTRE Ethan Equipier FDF FDF 1SIMONOT Chlo\u00e9 Equipier FDF FDF 1SIMONOT Cl\u00e9ment Equipier FDF & commando DIS FDF 1 & DIS FDFSIVET Florent Equipier FDF FDF 1STALL Paul Equipier FDF FDF 1TARTERET Cindy Equipier FDF FDF 1TAUBATY Vincent Equipier FDF FDF 1TERRIER Nicolas Equipier FDF FDF 1TEYSSIER Anthony Equipier FDF FDF 1TILLET J\u00e9r\u00f4me Equipier FDF FDF 1TILLIER Arthur Equipier FDF FDF 1TOLLIS Anthony Equipier FDF FDF 1TOURDIAS Aur\u00e9lien Equipier FDF FDF 1TOURRIER Eva Equipier FDF FDF 1TOUSSAINT Rudy Equipier FDF FDF 1TRAME Romain Equipier FDF FDF 1TROUSSARD Nicolas Equipier FDF FDF 1TRUCHOT Yoan Equipier FDF FDF 1TURC Rapha\u00ebl Equipier FDF FDF 1TUVACHE Micka\u00ebl Equipier FDF FDF 1VACHEROT Fr\u00e9d\u00e9ric Equipier FDF FDF 1VADOT Pierre Thierry Equipier FDF FDF 1VEFOND Syivain Equipier FDF FDF 1VELLUET Ludovic Equipier FDF FDF 1VELTEN Tony Equipier FDF FDF 1VERSCHAEVE Ludwig Equipier FDF FDF 1VIGNEAU Anne-Claire Equipier FDF FDF 1VILLEGAS Baptiste Equipier FDF FDF 1VOINCHET Etienne Equipier FDF FDF 1VUILLERMOT Damien Equipier FDF FDF 1WIRIG J\u00e9r\u00f4me Equipier FDF FDF 1* R\u00e9f\u00e9rent de sp\u00e9cialit\u00e9 \u00ab lutte contre les feux de for\u00eats \u00bb\nSDIS de C\u00f4te-d'Or - 21-2025-01-02-00014 - Liste d'aptitude op\u00e9rationnelle unit\u00e9 de lutte contre les Feux de For\u00eat 104\nArticle2 : Seuls les sapeurs-pompiers aptes \u00e0 la constitution des colonnes mobiles de secours (CMS)inscrits sur la liste d\u00e9finie en article 1, sont susceptibles d'\u00eatre engag\u00e9s sur des interventions en colonnesmobiles de secours \u00ab feux de for\u00eats \u00bb.Article 3 : Le sous-pr\u00e9fet, directeur de cabinet, et le directeur d\u00e9partemental des services d'incendie et desecours sont charg\u00e9s, chacun en ce qui le concerne, de I'ex\u00e9cution du pr\u00e9sent arr\u00e9t\u00e9 qui sera publi\u00e9 aurecueil des actes administratifs de la pr\u00e9fecture de la C\u00f4te-d'Or.\nDijon, le 02 JAN, 2025\nLe pr\u00e9fet,\nPour le pr\u00e9fet et par d\u00e9l\u00e9gationLe secr\u00e9taire g\u00e9n\u00e9ralDenis BRUEL\nSDIS de C\u00f4te-d'Or - 21-2025-01-02-00014 - Liste d'aptitude op\u00e9rationnelle unit\u00e9 de lutte contre les Feux de For\u00eat 105\nSDIS de C\u00f4te-d'Or\n21-2025-02-02-00001\nListe d'aptitude op\u00e9rationnelle Unit\u00e9 de lutte\nface aux Risques Chimiques\nSDIS de C\u00f4te-d'Or - 21-2025-02-02-00001 - Liste d'aptitude op\u00e9rationnelle Unit\u00e9 de lutte face aux Risques Chimiques 106\nE.PREFETC\u00d4TE. SISCOTE-D'OR .Libert\u00e9\u00c9galit\u00e9 22 D Boulevard Winston ChurchillFraternit\u00e9 CS 16209 - 21 062 DIJON Cedex\nAffaire suivie par : sous-direction optimisation du potentiel op\u00e9rationnelSDIS 21 / service \u00e9quipes sp\u00e9cialis\u00e9esT\u00e9l : 03 80 11 27 87M\u00e9l : formation@sdis21.orgArr\u00eat\u00e9Portant sur la liste d'aptitude op\u00e9rationnelleUnit\u00e9 de lutte face aux risques chimiquesAnn\u00e9e 2025 - modificatif n\u00b0 1Le pr\u00e9fet de la C\u00f4te-d'OrVu le code g\u00e9n\u00e9ral des collectivit\u00e9s territoriales et particuli\u00e8rement l'article R 1424-54 ;Vu l'arr\u00eat\u00e9 du 6 mai 2000 modifi\u00e9 fixant les conditions d'aptitudes m\u00e9dicales des sapeurs-pompiers professionnels etvolontaires ;Vu l'arr\u00eat\u00e9 du 22 ao\u00fbt 2019 relatif aux formations des sapeurs-pompiers professionnels et volontaires ;Vu l'arr\u00eat\u00e9 du 15 juillet 2022 relatif \u00e0 la d\u00e9signation et aux missions des r\u00e9f\u00e9rents de sp\u00e9cialit\u00e9s mentionn\u00e9s \u00e0 l'articleR. 722-1 du code de la s\u00e9curit\u00e9 int\u00e9rieure ;Vu l'arr\u00eat\u00e9 pr\u00e9fectoral du 18 septembre 2020 fixant la liste des unit\u00e9s op\u00e9rationnelles sp\u00e9cialis\u00e9es ;Vu le r\u00e8glement op\u00e9rationnel du service d\u00e9partemental d'incendie et de secours de la C\u00f4te-d'Or en date du 06 octobre2021 ;Vu le SDACR approuv\u00e9 par arr\u00eat\u00e9 pr\u00e9fectoral n\u00b0 1808 du 22 d\u00e9cembre 2023 ;Vu le guide national de r\u00e9f\u00e9rence relatif aux risques chimiques ;Vu la participation des agents d\u00e9sign\u00e9s aux activit\u00e9s de formation de maintien et de perfectionnement des acquis ;Vu le nombre de conseiller technique risques chimiques (2), de conseiller technique risques biologiques (1), de chefs deCMIC (13), de chefs d'\u00e9quipe/\u00e9quipiers intervention RCH (68), de chefs d'\u00e9quipe/\u00e9quipiers reconnaissance RCH (27) ;Sur proposition de monsieur le directeur d\u00e9partemental des services d'incendie et de secours ;ARR\u00caTEArticle 1 : La liste annuelle d\u00e9partementale d'aptitude op\u00e9rationnelle des sapeurs-pompiers de l'unit\u00e9 \u00ab lutteface aux risques chimiques\u00bb du d\u00e9partement de la Cote-d'Or s'\u00e9tablit comme suit :' Nom Pr\u00e9nom Emploi op\u00e9rationnel Formation| BOLTZ Bruno * Conseiller t\u00e7chnlque risques RCH 4chimiquesLEPOUTERE Bertrand Conseiller technique risques | RCH4chimiquesCHAUSSADE Thomas Conseiller_ technique risques /biologiquesBARGEOT Cyril Chef de CMIC RCH 3| BIDAU Cyril Chef de CMIC RCH 3: DENYS H\u00e9l\u00e8ne Chef de CMIC RCH 3DESCHAMPS Olivier Chef de CMIC RCH 3DOMBEK Christophe Chef de CMIC RCH 3DUVERNOIS Arnaud Chef de CMIC RCH 3KRAWCZYK Nicolas Chefde CMIC \u2014 RCH 3\nSDIS de C\u00f4te-d'Or - 21-2025-02-02-00001 - Liste d'aptitude op\u00e9rationnelle Unit\u00e9 de lutte face aux Risques Chimiques 107\nNom Pr\u00e9nomEmploi op\u00e9rationnelFormationPREIONI Christian Chef de CMIC RCH 3RENAUD Sandrine Chef de CMIC RCH 3ROUCHE St\u00e9phane Chef de CMIC RCH 3SAUSSERET Jean-Michel Chef de CMIC RCH 3SENOT Alexandre Chef de CMIC RCH 3THEUREL J\u00e9r\u00f4me Chef de CMIC RCH 3ANGUENOT Lucas Chef d'\u00e9quipe intervention RCH RCH 2ASDRUBAL M\u00e9lanie Chef d'\u00e9quipe intervention RCH RCH 2BALLAIS Sylvain Chef d'\u00e9quipe intervention RCH RCH 2BELDJOUDI J\u00e9r\u00e9me Chef d'\u00e9quipe intervention RCH RCH 2BENIER C\u00e9dric Chef d'\u00e9quipe intervention RCH RCH 2BERNASCONI Reynald Chef d'\u00e9quipe intervention RCH RCH 2BOUCHE Luca Chef d'\u00e9quipe intervention RCH RCH 2BOUCHER Thomas Chef d'\u00e9quipe intervention RCH RCH 2BOURGEOIS Blandine Chef d'\u00e9quipe intervention RCH RCH 2BRIDON Fran\u00e7ois Chef d'\u00e9quipe intervention RCH RCH 2BRIYS Ludovic Chef d'\u00e9quipe intervention RCH RCH 2BRULEY Jean-No\u00e9l Chef d'\u00e9quipe intervention RCH RCH 2CALAFATO Alexandre Chef d'\u00e9quipe intervention RCH RCH 2CAMUS David Chef d'\u00e9quipe intervention RCH RCH 2CAVARELLI Nicolas Chef d'\u00e9quipe intervention RCH RCH 2CHABOT Benjamin Chef d'\u00e9quipe intervention RCH RCH 2CHAMPDAVEINE David Chef d'\u00e9quipe intervention RCH RCH 2CHANUT Lilian Chef d'\u00e9quipe intervention RCH RCH 2CHRETIEN Pierre Chef d'\u00e9quipe intervention RCH RCH 2CLET C\u00e9cile Chef d'\u00e9quipe intervention RCH RCH 2COMBES Cl\u00e9ment Chef d'\u00e9quipe intervention RCH RCH2DESSENDRE Romain Chef d'\u00e9quipe intervention RCH RCH 2DUMONT Quentin Chef d'\u00e9quipe intervention RCH RCH 2DURAND Florian Chef d'\u00e9quipe intervention RCH RCH 2DURAND Fr\u00e9d\u00e9ric Chef d'\u00e9quipe intervention RCH RCH 2DURAND Maxime Chef d'\u00e9quipe intervention RCH RCH 2ETIENNE Christophe Chef d'\u00e9quipe intervention RCH RCH 2FLECHARD Julien Chef d'\u00e9quipe intervention RCH RCH 2FOUTELET Jo\u00ebl Chef d'\u00e9quipe intervention RCH RCH 2GARMATUK Cyril Chef d'\u00e9quipe intervention RCH RCH 2GEST Sylvain Chef d'\u00e9quipe intervention RCH RCH 2GILLOT Adrien Chef d'\u00e9quipe intervention RCH RCH 2GRAND Micka\u00ebl Chef d'\u00e9quipe intervention RCH RCH 2HEDIEUX Patrick Chef d'\u00e9quipe intervention RCH RCH 2JEANNIN S\u00e9bastien Chef d'\u00e9quipe intervention RCH RCH 2JOUVELOT Olivier Chef d'\u00e9quipe intervention RCH RCH 2KARROUM Hakim Chef d'\u00e9quipe intervention RCH RCH 2\nSDIS de C\u00f4te-d'Or - 21-2025-02-02-00001 - Liste d'aptitude op\u00e9rationnelle Unit\u00e9 de lutte face aux Risques Chimiques 108\nNom Pr\u00e9nom' Emploi op\u00e9rationnelLAGNIER Laurent RCH 2Chef d'\u00e9quipe intervention RCHLEGROS Antoine Chef d'\u00e9quipe intervention RCH RCH2LEGROS C\u00e9line Chef d'\u00e9quipe intervention RCH RCH 2MAGGIOTTO Laurent Chef d'\u00e9quipe intervention RCH RCH 2MARDAOUI Mouhssine Chef d'\u00e9quipe intervention RCH RCH 2MELOT Christophe Chef d'\u00e9quipe intervention RCH RCH 2MENAGE Christophe Chef d'@quipe intervention RCH RCH 2PAGEOT Anthony Chef d'\u00e9quipe intervention RCH RCH 2PICARD J\u00e9r\u00e9my Chef d'\u00e9quipe intervention RCH RCH 2PIGNET Olivier Chef d'\u00e9quipe intervention RCH RCH 2PLAISIER J\u00e9r\u00e9my Chef d'\u00e9quipe intervention RCH RCH 2POMMIER Jean-No\u00e9l Chef d'\u00e9quipe intervention RCH RCH 2PRADO Micha\u00ebl Chef d'\u00e9quipe intervention RCH RCH 2REMBERT Thomas Chef d'\u00e9quipe intervention RCH RCH2REMOND Ga\u00e9tan Chef d'\u00e9quipe intervention RCH RCH 2RENAUD Thomas Chef d'\u00e9quipe intervention RCH RCH 2RICHARD Didier Chef d'\u00e9quipe intervention RCH RCH 2RICHARD Laurent Chef d'\u00e9quipe intervention RCH RCH 2SAAD Yassine Chef d'\u00e9quipe intervention RCH RCH 2SAGET Loic Chef d'\u00e9quipe intervention RCH RCH 2SAMORI Laurent Chef d'\u00e9quipe intervention RCH RCH 2SEURIOT Guillaume Chef d'\u00e9quipe intervention RCH RCH 2THOMAS Christophe Chef d'\u00e9quipe intervention RCH RCH 2THOMERE Alexandre Chef d'\u00e9quipe intervention RCH RCH 2TRAME Romain Chef d'\u00e9quipe intervention RCH RCH 2VADOT Thierry Chef d'\u00e9quipe intervention RCH RCH 2VANDENSKRICK Julien Chef d'\u00e9quipe intervention RCH RCH 2VAXILLAIRE Yann Chef d'\u00e9quipe intervention RCH RCH 2VERREY Cyril Chef d'\u00e9quipe intervention RCH RCH 2VOILLEQUIN Venceslas Chef d'\u00e9quipe intervention RCH RCH 2BATAILLE Quentin Equipier intervention RCH RCH 2ANNEN Florian Chef d'\u00e9quipe reconnaissance RCH RCH 1BARDET Mathieu Chef d'\u00e9quipe reconnaissance RCH RCH 1BERTHET-BONDET Anthony Chef d'equipe reconnaissance RCH RCH 1BRUNET Morgan Chef d'\u00e9quipe reconnaissance RCH RCH 1CAO THANH Emmanuel Chef d'\u00e9quipe reconnaissance RCH RCH 1CHAKRI Tarik Chef d'\u00e9quipe reconnaissance RCH RCH 1CHEVALIER Victor Chef d'\u00e9quipe reconnaissance RCH RCH 1CONVERT Cyril Chef d'\u00e9quipe reconnaissance RCH RCH 1DAUD Jean-Baptiste Chef d'\u00e9quipe reconnaissance RCH RCH 1DENIEL Jordan Chef d'\u00e9quipe reconnaissance RCH RCH 1DUBIEF Mathieu Chef d'\u00e9quipe reconnaissance RCH RCH 1DUPLUS Aur\u00e9lien RCH 1Chef d'\u00e9quipe reconnaissance RCH |\nSDIS de C\u00f4te-d'Or - 21-2025-02-02-00001 - Liste d'aptitude op\u00e9rationnelle Unit\u00e9 de lutte face aux Risques Chimiques 109\nNom Pr\u00e9nom Emploi op\u00e9rationnel Formation'L FEUGERE Ma\u00e9l | | Chef d'\u00e9quipe reconnaiss\u00e8_r\u00eec.\u00e8 RCH | RCH 1FOUTELET Christian Chef d'\u00e9quipe reconnaissance RCH RCH 1\\ HANNETON Gabin | Chef d'\u00e9quipe reconnaissance RCH RCH 1 ;\u0178JUP_I LLE \u0178fin\u00e2s_ ST Chef d'\u00e9quipe reconnaissance RCH RCH 11...LEFOL Geoffroy Chef d'\u00e9quipe reconnaissance RCH T  RCH 1 )PAINBLANC Steve =~ Chef d'\u00e9quipe reconnaissance RCH RCH 1\u2014PA'}(;ZCa?nme se Chef d'\u00e9quipe reconnaissance RCH | RCH 1\\ PIGNON S\u00e9bastien Chef d'\u00e9quipe reconnaissance RCH _ RCH 1RIGOLOT Ga\u00e9l Chef d'\u00e9quipe reconnaissance RCH RCH 1 'TAUBATY Vincent Chef d'\u00e9quipe reconnaissance RCH | RCH 1TILLIERArthur \u2014 \"| Chef d'\u00e9quipe reconnaissance RCH RCH 1'VAILLE\"OIivier | Chef d'\u00e9quipe reconnaissance RCH | RCH 1GEORGES Maxime | Equipier reconnaissance RCH E RCH 1 ,PLOTON Jessica y A\u2014...Equipier reg:\u00f4hnaissance RCH RCH 1REBOUHI__ Simon Equipier reconnaissance RCH | RCH 1* R\u00e9f\u00e9rent de sp\u00e9cialit\u00e9 \u00ab risques chimiques \u00bbArticle 2 : Le sous-pr\u00e9fet, directeur de cabinet, et le directeur d\u00e9partemental des services d''incendie et desecours sont charg\u00e9s, chacun en ce qui le concerne, de I'ex\u00e9cution du pr\u00e9sent arr\u00eat\u00e9 qui sera publi\u00e9 aurecueil des actes administratifs de la pr\u00e9fecture de la C\u00f4te-d'Or.\nDion,le 0 2 FEV, 2025\nLe pr\u00e9fet,\n[ d\u00e9l\u00e9gationr\u00e9fet et par CFPour le P cr\u00e9taire genera\\ |Le seDenis BRUEL\nSDIS de C\u00f4te-d'Or - 21-2025-02-02-00001 - Liste d'aptitude op\u00e9rationnelle Unit\u00e9 de lutte face aux Risques Chimiques 110\nSDIS de C\u00f4te-d'Or\n21-2025-03-02-00001\nListe d'aptitude op\u00e9rationnelle Unit\u00e9 des\nsyst\u00e8mes d'information et de communication\nSDIS de C\u00f4te-d'Or - 21-2025-03-02-00001 - Liste d'aptitude op\u00e9rationnelle Unit\u00e9 des syst\u00e8mes d'information et de communication 111\nPREFETsI <DISLibert\u00e9\u00c9ga[it\u00e9 22 D Boulevard Winston ChurchillFraternit\u00e9 CS 16209 - 21 062 DIJON Cedex\nAffaire suivie par : sous-direction optimisation du potentiel op\u00e9rationnelSDIS 21 / service \u00e9quipes sp\u00e9cialis\u00e9esT\u00e9l : 03 80 11 27 87M\u00e9l : formation@sdis21.orgArr\u00eat\u00e9Portant sur la liste d'aptitude op\u00e9rationnelleUnit\u00e9 des syst\u00e8mes d'information et de communicationAnn\u00e9e 2025 - modificatif n\u00b0 1Le pr\u00e9fet de la C\u00f4te-d'OrVu le code g\u00e9n\u00e9ral des collectivit\u00e9s territoriales et particuli\u00e8rement l'article R 1424-54 ;Vu l'arr\u00eat\u00e9 du 22 ao\u00fbt 2019 relatif aux formations des sapeurs-pompiers professionnels et volontaires ;Vu l'arr\u00eat\u00e9 du 15 juillet 2022 relatif \u00e0 la d\u00e9signation et aux missions des r\u00e9f\u00e9rents de sp\u00e9cialit\u00e9s mentionn\u00e9s \u00e0 l'articleR. 722-1 du code de la s\u00e9curit\u00e9 int\u00e9rieure ;Vu l'arr\u00e9t\u00e9 pr\u00e9fectoral du 18 septembre 2020 fixant la liste des unit\u00e9s op\u00e9rationnelles ;Vu l'arr\u00eat\u00e9 pr\u00e9fectoral de d\u00e9cembre 2022 fixant l'ordre de base d\u00e9partemental des syst\u00e8mes dinformation et decommunicationVu le r\u00e8glement op\u00e9rationnel du service d\u00e9partemental d'incendie et de secours de la C\u00f4te-d'Or en date du 06 octobre2021 ;Vu le SDACR approuv\u00e9 par arr\u00eat\u00e9 pr\u00e9fectoral n\u00b0 1808 du 22 d\u00e9cembre 2023 ;Vu le r\u00e9f\u00e9rentiel emploi activit\u00e9 comp\u00e9tences (REAC) du 13 d\u00e9cembre 2016 relatif aux syst\u00e8mes d''information et decommunication ;Vu le r\u00e9f\u00e9rentiel interne de formation et le r\u00e9f\u00e9rentiel interne de certification- du 8 novembre 2018 ;Vu la participation des agents d\u00e9sign\u00e9s aux activit\u00e9s de formation de maintien et de perfectionnement des acquis ;Vu le nombre de COMSIC (2), dOFFSIC (5), dOFFSIC et chef de salle op\u00e9rationnelle (2), de chefs de salleop\u00e9rationnelle (7), d'adjoints chefs de salle op\u00e9rationnelle (8), de chefs op\u00e9rateurs de salle op\u00e9rationnelle (23),d'op\u00e9rateur en CTA-CODIS (1), d'op\u00e9rateurs poste de commandement tactique (26) ;Sur proposition de monsieur le directeur d\u00e9partemental des services d'incendie et de secours ;ARR\u00caTEArticle1 : La liste annuelle d\u00e9partementale d'aptitude op\u00e9rationnelle des sapeurs-pompiers de l'unit\u00e9\u00ab syst\u00e8mes d''information et de communication \u00bb du d\u00e9partement de la C\u00f4te-d'Or s'\u00e9tablit comme suit :P E [| MentionEmploi op\u00e9rationnel \u00e9 ;compl\u00e9mentaire|% Nom Pr\u00e9nom|DUPOKI% Liic Commandant des syst\u00e9mes_d'information et de / F__ Communication PR |ROY Olivier * Commandant des syst\u00e8njes_d'information et de | /| __ Communication _| BIDAU Cyril Officier des syst\u00e8mes d'information etde _ /e vl , communication =1 || COQUIO Ga\u00eblle | Officier des syst\u00e8mes_d'irjformation et de /' T N communication D- : BLAMBERT Jean-Robert ' Officier des syst\u00e8mes d'information et de / |UE SN HON ) communication )LEHNHOF Jessica Officier des syst\u00e8mes d'information et de /communication\nSDIS de C\u00f4te-d'Or - 21-2025-03-02-00001 - Liste d'aptitude op\u00e9rationnelle Unit\u00e9 des syst\u00e8mes d'information et de communication 112\nNom Pr\u00e9nomEmploi op\u00e9rationnelMentioncompl\u00e9mentaireOfficier des syst\u00e8mes d'information et deMERME Christophe communication CSOPARDON Christophe Officier des sg\u00e2\u00eenr\u00ee\u00efig!g\u00e4rmation et de /VILBOUX Romain Officier des syst\u00e8mes_d'information et de cSOcommunicationBECQUET J\u00e9r\u00e9my Chef de salle op\u00e9rationnelle OTAU-OCOCAO-THANH Emmanuel Chef de salle op\u00e9rationnelle OTAU-OCOGREBILLE Jean Chef de salle op\u00e9rationnelle OTAU-OCOHANNETON Gabin Chef de salle op\u00e9rationnelle OTAU-OCOJAUDAUX David Chef de salle op\u00e9rationnelle OTAU-OCOJEANNIN S\u00e9bastien Chef de salle op\u00e9rationnelle OTAU-OCOMESPOULHES Yann Chef de salle op\u00e9rationnelle OTAU-OCOBERNIER Julien Adjoint chef de salle op\u00e9rationnelle OTAU-OCOBOLE Xavier Adjoint chef de salle op\u00e9rationnelle OTAU-OCOBOUCHER Herv\u00e9 Adjoint chef de salle op\u00e9rationnelle OTAU-OCOBRUNET Morgan Adjoint chef de salle op\u00e9rationnelle OTAU-OCOFAUCHARD C\u00e9dric Adjoint chef de salle op\u00e9rationnelle OTAU-OCOISTRIA Anthony Adjoint chef de salle op\u00e9rationnelle OTAU-OCOPETIT Maxime Adjoint chef de salle op\u00e9rationnelle OTAU-OCOPIGNON S\u00e9bastien Adjoint chef de salle op\u00e9rationnelle OTAU-OCOBAUDEGARD Romain Chef op\u00e9rateur de salle op\u00e9rationnelle OTAU-OCOBELDJOUDI J\u00e9r\u00f4me Chef op\u00e9rateur de salle op\u00e9rationnelle OTAU-OCOBOUCHER Thomas Chef op\u00e9rateur de salle op\u00e9rationnelle OTAU-OCOBOURGEOIS Blandine Chef op\u00e9rateur de salle op\u00e9rationnelle OTAU-OCOBREGAND Matthieu Chef op\u00e9rateur de salle op\u00e9rationnelle OTAU-OCODE MESQUITA Emilien Chef op\u00e9rateur de salle op\u00e9rationnelle OTAU-OCODELPIT Geoffrey Chef op\u00e9rateur de salle op\u00e9rationnelle OTAU-OCODOILLON Hugo Chef op\u00e9rateur de salle op\u00e9rationnelle OTAU-OCODUBOIS C\u00e9dric Chef op\u00e9rateur de salle op\u00e9rationnelle OTAU-OCODURAND Maxime Chef op\u00e9rateur de salle op\u00e9rationnelle OTAU-OCOGARMATUK Cyril Chef op\u00e9rateur de salle op\u00e9rationnelle OTAU-OCOGIRARDOT Fr\u00e9d\u00e9ric Chef op\u00e9rateur de salle op\u00e9rationnelle OTAU-OCOGUTKNECHT Jean-Denis Chef op\u00e9rateur de salle op\u00e9rationnelle OTAU-OCOKURKLINSKI Quentin Chef op\u00e9rateur de salle op\u00e9rationnelle OTAU-OCO\nSDIS de C\u00f4te-d'Or - 21-2025-03-02-00001 - Liste d'aptitude op\u00e9rationnelle Unit\u00e9 des syst\u00e8mes d'information et de communication 113\nNom Pr\u00e9nomEmploi op\u00e9rationnelMentioncompl\u00e9mentaire\nde PC tactique\nLANNI Thomas Chef op\u00e9rateur de salle op\u00e9rationnelle OTAU-OCOLEGROS Antoine Chef op\u00e9rateur de salle op\u00e9rationnelle OTAU-OCOLEGROS C\u00e9line Chef op\u00e9rateur de salle op\u00e9rationnelle OTAU-OCOMIGEON Matthieu Chef op\u00e9rateur de salle op\u00e9rationnelle OTAU-OCOPIVEL Alexis Chef op\u00e9rateur de salle op\u00e9rationnelle OTAU-OCOPORCHERAY Guillaume Chef op\u00e9rateur de salle op\u00e9rationnelle OTAU-OCORENGEL Teddy Chef op\u00e9rateur de salle op\u00e9rationnelle OTAU-OCORICHARD Laurent Chef op\u00e9rateur de salle op\u00e9rationnelle OTAU-OCOTREDEZ Victor Chef op\u00e9rateur de salle op\u00e9rationnelle OTAU-OCOBOUCHER Isabelle Op\u00e9rateur en CTA-CODIS OTAU-OCOBARBE Laurent Op\u00e9rateur de coordlnatl_on op\u00e9rationnelle OCO-PCTACde PC tactiqueBARROT Quentin Op\u00e9rateur de coordinatipn op\u00e9rationnelle OCO-PCTACde PC tactiqueBERNARD Jean-Marc Op\u00e9rateur de coordinatipn op\u00e9rationnelle OCO-PCTACde PC tactiqueBERTRAND Lucas Op\u00e9rateur de coordinatipn op\u00e9rationnelle OCO-PCTACde PC tactique. Op\u00e9rateur de coordination op\u00e9rationnelleBOURGEOIS Elodie de PC tactique OCO-PCTACBOUVIER Lola Op\u00e9rateur de coordinati_on op\u00e9rationnelle OCO-PCTACde PC tactiqueBRUNSEAUX Jonathan Op\u00e9rateur de coordinati_on op\u00e9rationnelle OCO-PCTACde PC tactiqueCOMBALUZIER David Op\u00e9rateur de coordinati_on op\u00e9rationnelle OCO-PCTACde PC tactiqueCOUDRET David Op\u00e9rateur de coordination op\u00e9rationnelle OCO-PCTACde PC tactiqueCRETE Laurent Op\u00e9rateur de coordinati_on op\u00e9rationnelle OCO-PCTACde PC tactiqueCRETE-CORTOT Arthur Op\u00e9rateur de coordinatipn op\u00e9rationnelle OCO-PCTACde PC tactiqueDARROUX Bastien Op\u00e9rateur de coordinati_on op\u00e9rationnelle OCO-PCTACde PC tactique, Op\u00e9rateur de coordination op\u00e9rationnelleDRU Guillaume de PC tactique OCO-PCTAC| GAUTHIER J\u00e9r\u00e9my Op\u00e9rateur de coordmatlpn op\u00e9rationnelle OCO-PCTACde PC tactiqueGAUTHIER L\u00e9o Op\u00e9rateur de coordinatipn op\u00e9rationnelle OCO-PCTACde PC tactiqueGUERIN David Op\u00e9rateur de coordinati_on op\u00e9rationnelle OCO-PCTACde PC tactiqueJEANNE Emmanuel Op\u00e9rateur de coordination op\u00e9rationnelle OCO-PCTAC\nSDIS de C\u00f4te-d'Or - 21-2025-03-02-00001 - Liste d'aptitude op\u00e9rationnelle Unit\u00e9 des syst\u00e8mes d'information et de communication 114\nNom Pr\u00e9nom Emploi op\u00e9rationnelMentioncompl\u00e9mentaire| JOIE Romaini JUSSEAU Alice\nOp\u00e9rateur de coordination op\u00e9rationnelleOp\u00e9rateur de coordination op\u00e9rationnelle\nO  _\nLOPES David\n'__\n| LOPES Valentin\nOp\u00e9rateur de coordination op\u00e9rationnelleOp\u00e9rateur de coordination op\u00e9rationnelle\nPETRIGNET LaurentOp\u00e9rateur de coordination op\u00e9rationnelle\nde PC tactique OCO-PCTACde PC tactique OCO-PCTAC_ de PC tactique q QCO-PCTAC__ de PC tactique OC_O__\u00c9CTACOCO-PCTACde PC tactiqueOp\u00e9rateur de coordination op\u00e9rationnelleOCO-PCTACPOULLOT Maryne de PC tactiquePOUPAULT Gaylord Op\u00e9rateur de coordinati_on op\u00e9rationnelle OCO-PCTACps N  v ) de PC tactique R  i| . Op\u00e9rateur de coordination op\u00e9rationnelleROZ Camille de PC tactique OCO-PCTAC| SIMONOT Cl\u00e9ment Op\u00e9rateur de coordination op\u00e9rationnelle OCO-PCTACL de PC tactique* R\u00e9f\u00e9rent de sp\u00e9cialit\u00e9 \u00ab syst\u00e8mes d'information et de communication \u00bbArticle 2 : Le sous-pr\u00e9fet, directeur de cabinet, et le directeur d\u00e9partemental des services d'incendie et desecours sont charg\u00e9s, chacun en ce qui le concerne, de I'ex\u00e9cution du pr\u00e9sent arr\u00e9t\u00e9 qui sera publi\u00e9 aurecueil des actes administratifs de la pr\u00e9fecture de la C\u00f4te-d'Or.\nDijon, le0 2 H\u00e2kS 2025\nLe pr\u00e9fet,\nEet par d\u00e9l\u00e9gationLe secr\u00e9taire g\u00e9n\u00e9ralDenis BRUEL\nSDIS de C\u00f4te-d'Or - 21-2025-03-02-00001 - Liste d'aptitude op\u00e9rationnelle Unit\u00e9 des syst\u00e8mes d'information et de communication 115","date":"2025-03-28","first_seen_on":"2025-09-14T02:22:15+00:00","id":"ba02e9554c73699bc69d4adfbc4f789b082fcd805c15e35f1feb208a350960dd","name":"RAA n\u00b0 048 du 28 mars 2025","pdf_creation_date":"2025-03-28T15:19:47+00:00","pdf_modification_date":null,"timezone":"Europe/Paris","url":"https://www.cote-dor.gouv.fr/contenu/telechargement/23027/175739/file/recueil-21-2025-048-recueil-des-actes-administratifs-special.pdf"}
