{"administration":"pref58","administration_name":"Pr\u00e9fecture de la Ni\u00e8vre","content":"NI\u00c8VRE\nRECUEIL DES ACTES\nADMINISTRATIFS SP\u00c9CIAL\nN\u00b058-2025-042\nPUBLI\u00c9 LE 11 F\u00c9VRIER 2025\nSommaire\nPREFECTURE DE LA REGION BOURGOGNE FRANCHE COMTE /\n58-2025-02-07-00002 - arrete n\u00b025-28BAG CRA ADEME (2 pages) Page 3\n2\nPREFECTURE DE LA REGION BOURGOGNE\nFRANCHE COMTE\n58-2025-02-07-00002\narrete n\u00b025-28BAG CRA ADEME\n{signataire}\nPREFECTURE DE LA REGION BOURGOGNE FRANCHE COMTE - 58-2025-02-07-00002 - arrete n\u00b025-28BAG CRA ADEME 3\nE |PR\u00c9FET _ -DE LA REGIONBOURGOGNE-FRANCHE-COMTE aeguet ex LALibert\u00e9 TRANSITION\u00c9galit\u00e9 \u00c9COLOGIQUEFraternit\u00e9\nARRETE N\u00b025 - 25 B0 PORTANT COMPOSITIONDE LA COMMISSION REGIONALE DES AIDESDE L'AGENCE DE LA TRANSITION ECOLOGIQUE (ADEME)EN BOURGOGNE-FRANCHE-COMTE\nLe pr\u00e9fet de la R\u00e9gion Bourgogne-Franche- ComtePr\u00e9fet de la C\u00f4te-d'OrVU \u2014 La loi n\u00b090.1130 du 19 d\u00e9cembre 1990 portant cr\u00e9ation de l'Agence del''environnement et de la ma\u00eetrise de l'\u00e9nergieVU _ Le d\u00e9cret n\u00b091.732 du 26 juillet 1991 relatif\u00e0 l'Agence de l'environnement et de lama\u00eetrise de l'\u00e9nergie,VU _ Le d\u00e9cret n\u00b02000.161 du 23 f\u00e9vrier 2000 modifiant le d\u00e9cret du 26juillet 1991VU _ Le d\u00e9cret n\u00b02009-603 du 28 mai 2009 relatif \u00e0 I'Agence de l'environnement et dela ma\u00eetrise de l'\u00e9nergie, |VU Le d\u00e9cret du 10 octobre 2024 portant nomination de Monsieur Paul MOURIER,pr\u00e9fet de la r\u00e9gion Bourgogne-Franche-Comt\u00e9, pr\u00e9fet de la C\u00f4te-d'OrVU _ L'arr\u00eat\u00e9 n\u00b021-1129 BAG du 28 d\u00e9cembre 2021 du pr\u00e9fet de Bourgogne-Franche-Comt\u00e9 sur la nomination de la Commission R\u00e9gionale des Aides de Bourgogne-Franche-Comt\u00e9\nARRETEArticle 1 Monsieur le pr\u00e9fet de r\u00e9gion, d\u00e9l\u00e9gu\u00e9 territorial de l'ADEME, ouMadame la directrice r\u00e9gionale de I''ADEME en son absence ouMonsieur le directeur r\u00e9gional d\u00e9l\u00e9gu\u00e9 en cas d'emp\u00e9chement, pr\u00e9sidela commission r\u00e9gionale des aides de l'Agence de la transition\u00e9cologique.Article 2 Outre le pr\u00e9fet de r\u00e9gion et la directrice r\u00e9gionale de l'ADEME, lacommission r\u00e9gionale des aides comprend :e La secr\u00e9taire g\u00e9n\u00e9rale pour les affaires r\u00e9gionales ou sonrepr\u00e9sentant,La directrice r\u00e9gionale des Finances publiques ou son repr\u00e9sentant,Le directeur r\u00e9gional de l'Environnement, de l'Am\u00e9nagement et duLogement ou son repr\u00e9sentant,e La directrice r\u00e9gionale de I'Alimentation, de l'Agriculture et de laFor\u00eat ou son repr\u00e9sentant,e Le directeur r\u00e9gional de I'Economie, de l'Emploi du Travail et desSolidarit\u00e9s ou son repr\u00e9sentant,\nPREFECTURE DE LA REGION BOURGOGNE FRANCHE COMTE - 58-2025-02-07-00002 - arrete n\u00b025-28BAG CRA ADEME 4\nArticle 3\nArticle 4\nArticle 5Article 6\ne Le directeur g\u00e9n\u00e9ral de l'Agence r\u00e9gionale de Sant\u00e9 ou sonrepr\u00e9sentant,Ainsi que six personnalit\u00e9s qualifi\u00e9es, nomm\u00e9es pour une dur\u00e9e detrois ann\u00e9es :e Monsieur Daniel MICARD, ancien Directeur du P\u00f4le Innovation etEco-innovation de l'Agence \u00e9conomique r\u00e9gionale de Bourgogne-Franche-Comt\u00e9,e Madame Catherine REFAIT, professeure d'\u00e9conomie \u00e0 l'Universit\u00e9de Franche-Comt\u00e9 Besan\u00e7on, co-responsable des parcours Finances& Banque Durables,e Madame Anne-Catherine LOISIER, s\u00e9natrice, repr\u00e9sentant Iumonr\u00e9gionale des communes forestieres,e Un repr\u00e9sentant la Chambre r\u00e9gionale d'agriculture \u00e0 d\u00e9terminersuite aux \u00e9lections consulaires,e Madame Magali DUVERNOIS, vice-pr\u00e9sidente de Pays deMontb\u00e9liard Agglom\u00e9ration,e Monsieur Michel MAYA, maire de Tramayes en Sa\u00f4ne-et-Loire.Sont \u00e9galement invit\u00e9s \u00e0 si\u00e9ger avec voix consultative :e Le d\u00e9l\u00e9gu\u00e9 r\u00e9gional Acad\u00e9mique \u00e0 la Recherche et \u00e0 I'Innovation,e Le directeur r\u00e9gional de BPI France,e Le d\u00e9l\u00e9gu\u00e9 territorial de l'Agence de l'Eau du Bassin Rh\u00f4ne-M\u00e9diterran\u00e9e-Corse, -e Le directeur r\u00e9gional de la Banque des Territoires,e Les directeurs d\u00e9partementaux des territoires de Bourgogne-Franche-Comt\u00e9\nAinsi que trois personnalit\u00e9s qualifi\u00e9es :e Monsieur Jacques ALLIER, architecte,e Madame St\u00e9phanie MODDE, Vice-pr\u00e9sidente du Conseil r\u00e9gional encharge de la transition \u00e9cologique,e Monsieur Nicolas SORET, Vice-pr\u00e9sident du Conseil r\u00e9gional encharge du d\u00e9veloppement \u00e9conomique. 'Monsieur le pr\u00e9fet de r\u00e9gion, d\u00e9l\u00e9gu\u00e9 territorial de l'ADEME, peutappeler \u00e0 si\u00e9ger avec voix consultative toute personne dont l'avis luipara\u00eet utile.L'arr\u00e9t\u00e9 n\u00b021-1129 BAG du 28 d\u00e9cembre 2021 est abrog\u00e9.Madame la secr\u00e9taire g\u00e9n\u00e9rale pour les affaires r\u00e9gionales est charg\u00e9ede l'ex\u00e9cution du pr\u00e9sent arr\u00eat\u00e9 qui sera publi\u00e9 au recueil des actesadministratifs des huit pr\u00e9fectures de la r\u00e9gion et au recueil des actesadministratifs de la pr\u00e9fecture de r\u00e9gion Bourgogne-Franche-Comt\u00e9.Fait \u00e0 Dijon, le 07 FEV, 2025\nLe PrPaul MOURIER\nPREFECTURE DE LA REGION BOURGOGNE FRANCHE COMTE - 58-2025-02-07-00002 - arrete n\u00b025-28BAG CRA ADEME 5","date":"2025-02-11","first_seen_on":"2025-09-22T16:01:57+00:00","id":"ba2ce5795c42e3d5e460e71de63355602b638e3fdc34a2269b8a5ffa14ecee12","name":"n\u00b058-2025-042-sp\u00e9cial du 11 f\u00e9vrier 2025","pdf_creation_date":"2025-02-11T07:00:32+00:00","pdf_modification_date":null,"timezone":"Europe/Paris","url":"https://www.nievre.gouv.fr/contenu/telechargement/20638/171994/file/recueil-58-2025-042-sp%C3%A9cial%20du%2011%20f%C3%A9vrier%202025.pdf"}
