{"administration":"pref01","administration_name":"Pr\u00e9fecture de l\u2019Ain","content":"AIN\nRECUEIL DES ACTES\nADMINISTRATIFS SP\u00c9CIAL\nN\u00b001-2025-272\nPUBLI\u00c9 LE  1 SEPTEMBRE 2025\nSommaire\n01_CHHB_Centre Hospitalier du Haut-Bugey /\n01-2025-08-31-00001 - DECISION DELEGATION SIGNATURE - EHPAD (1\npage) Page 3\n01_DDFIP_Direction d\u00e9partementale des finances publiques de l'Ain /\n01-2025-08-26-00007 - D\u00e9l\u00e9gation de signature - SDIF de Bourg - ao\u00fbt\n2025 (2 pages) Page 5\n01-2025-09-01-00001 - D\u00e9l\u00e9gation de signature - SGC Chatillon -\nseptembre 2025 (2 pages) Page 8\n01_DDT_Direction d\u00e9partementale des territoires de l'Ain /\n01-2025-08-08-00002 - 2025ArreteSubFprnmAnimationPapiSr3a2025Raa (5\npages) Page 11\n01-2025-08-28-00003 - Arr\u00eat\u00e9 portant renouvellement de l'agr\u00e9ment\nau titre de la protection de l'environnement\nde la f\u00e9d\u00e9ration\nd\u00e9partementale des chasseurs de l'Ain (3 pages) Page 17\n01-2025-08-28-00002 - Arr\u00eat\u00e9 r\u00e9glementant l'usage de la carabine\n22 Long Rifle dans le d\u00e9partement de l'Ain (4 pages) Page 21\n01_Pref_Pr\u00e9fecture de l'Ain /\n01-2025-08-29-00001 - AP composition commission organisation RAA (2\npages) Page 26\n01-2025-08-22-00003 - Arr\u00eat\u00e9 n\u00b0 2025-067 portant agr\u00e9ment d'un\norganisme de formation habilit\u00e9 \u00e0\ndispenser la formation initiale,\ncontinue et mobilit\u00e9 des conducteurs de taxi (2 pages) Page 29\n01-2025-09-22-00001 - Arr\u00eat\u00e9 n\u00b0 2025-68 portant agr\u00e9ment d'un\norganisme de formation habilit\u00e9 \u00e0\ndispenser la formation initiale,\ncontinue et mobilit\u00e9 des conducteurs de taxi (2 pages) Page 32\n84_DREAL_Direction r\u00e9gionale de l'environnement, de l'am\u00e9nagement et\ndu logement d'Auvergne-Rh\u00f4ne-Alpes / Secr\u00e9tariat G\u00e9n\u00e9ral\n01-2025-08-25-00007 - Arr\u00eat\u00e9 portant d\u00e9rogation pour\u00a0capture\nsuivie d'un rel\u00e2cher imm\u00e9diat sur place d'esp\u00e8ces animales\nprot\u00e9g\u00e9es (amphibiens) (4 pages) Page 35\n01-2025-08-28-00001 - Arr\u00eat\u00e9 portant d\u00e9rogation pour\u00a0capture,\nperturbation intentionnelle, rel\u00e2cher imm\u00e9diat sur place et transport\nd'esp\u00e8ce animale prot\u00e9g\u00e9e (Loup gris) et transport, d\u00e9tention,\nutilisation et destruction de mat\u00e9riel biologique (8 pages) Page 40\n2\n01_CHHB_Centre Hospitalier du Haut-Bugey\n01-2025-08-31-00001\nDECISION DELEGATION SIGNATURE - EHPAD\n01_CHHB_Centre Hospitalier du Haut-Bugey - 01-2025-08-31-00001 - DECISION DELEGATION SIGNATURE - EHPAD 3\n \n \nCENTRE HOSPITALIER DU HAUT-BUGEY \n1, route de Veyziat \u2013 CS 20100 \u2013 01 117 OYONNAX CEDEX \nStandard unique : 04 74 73 10 01 \u2013 Fax : 04 74 73 10 02 \n \n \n \n \n \n \n    \n \nLe Directeur,  \n \nVu l'arr\u00eat\u00e9 du 11 janvier 2021, portant nomination de Monsieur Aur\u00e9lien CHABERT, Directeur au Centre \nHospitalier du Haut Bugey, \n \nVu le Code de la Sant\u00e9 Publique, en particulier les articles L6143-7 et D6143-33 \u00e0 D6143-36 \n \nDECIDE \n \nArticle 1 : D\u00e9l\u00e9gation de signature est donn\u00e9e \u00e0 : \n \n\uf0a7 Mme Elodie GAUTHIER, Cadre Sup\u00e9rieur de Sant\u00e9, \n\uf0a7 Mme G\u00e9raldine DELESTREZ, Cadre de Sant\u00e9, \n\uf0a7 Mme C\u00e9lia MONTEIRO GOMES, Faisant Fonction de Cadre de Sant\u00e9, \n\uf0a7 Mme Alexandry JUILLERON, Faisant Fonction de Cadre de Sant\u00e9, \n\uf0a7 Mme Aur\u00e9lie PLANTEGENET, Faisant Fonction de Cadre de Sant\u00e9, \n\uf0a7 Mme Charlotte GADIOLET, Infirmi\u00e8re Coordonnatrice du SSIAD, \n \n\u00e0 effet de signer, du lundi au vendredi de 8 heures \u00e0 18 heures, les autorisations de transport de corps avant \nmise en bi\u00e8re concernant les personnes d\u00e9c\u00e9d\u00e9es \u00e0 l'EHPAD d'OYONNAX, \u00e0 l'EHPAD d'ARBENT et \u00e0 l'EHPAD de \nNANTUA dans le respect de la l\u00e9gislation en vigueur. \n \nArticle 2 : La d\u00e9cision du 25 mai 2025 portant d\u00e9l\u00e9gation de signature pour les autorisations de sortie de  \n    corps est abrog\u00e9e. \n  \nArticle 3 : La pr\u00e9sente d\u00e9cision sera port\u00e9e \u00e0 la connaissance du Conseil de Surveillance lors de la prochaine  \n                  s\u00e9ance. \n \nArticle 4 : La pr\u00e9sente d\u00e9cision sera publi\u00e9e au recueil des actes administratifs de la pr\u00e9fecture de l'Ain. \n \nArticle 5 : La pr\u00e9sente d\u00e9cision sera notifi\u00e9e \u00e0 Madame Elodie GAUTHIER, Madame G\u00e9raldine DELESTREZ,  \n    Madame C\u00e9lia MONTEIRO GOMES, Madame Alexandry JUILLERON, Madame Aur\u00e9lie PLANTEGENET,  \n    Madame Charlotte GADIOLET. Elle sera port\u00e9e \u00e0 la connaissance des personnels des EHPAD  \n    d'OYONNAX, d'ARBENT et de NANTUA. \n \n \n        Fait, \u00e0 Oyonnax, le 31 ao\u00fbt 2025 \n \n        Le Directeur, \n \n       Aur\u00e9lien CHABERT. \n \n \nDECISION PORTANT DELEGATION DE SIGNATURE \n01_CHHB_Centre Hospitalier du Haut-Bugey - 01-2025-08-31-00001 - DECISION DELEGATION SIGNATURE - EHPAD 4\n01_DDFIP_Direction d\u00e9partementale des\nfinances publiques de l'Ain\n01-2025-08-26-00007\nD\u00e9l\u00e9gation de signature - SDIF de Bourg - ao\u00fbt\n2025\n01_DDFIP_Direction d\u00e9partementale des finances publiques de l'Ain - 01-2025-08-26-00007 - D\u00e9l\u00e9gation de signature - SDIF de Bourg -\nao\u00fbt 2025 5\nDIRECTION G\u00c9N\u00c9RALE DES FINANCES PUBLIQUES\nDIRECTION D\u00c9PARTEMENTALE DES FINANCES PUBLIQUES DE L'AIN\nCENTRE DES FINANCES PUBLIQUES DE BOURG-EN-BRESSE\nSERVICE DEPARTEMENTAL DES IMPOTS FONCIERS DE L'AIN \n5, Rue de la Grenouill\u00e8re  -  B.P. 30413\n01012  BOURG-EN-BRESSE Cedex\nT\u00c9L\u00c9PHONE : 04 74 45 77 00\nM\u00c9L. : sdif.ain  @dgfip.finances.gouv.fr  \nDELEGATION DE SIGNATURE\nEN MATIERE DE CONTENTIEUX\nET DE GRACIEUX FISCAL\nLe responsable du service d\u00e9partemental des imp\u00f4ts fonciers de l'Ain,\nVu le code g\u00e9n\u00e9ral des imp\u00f4ts, et notamment son article 408 de son annexe II et les articles 212 \u00e0 217\nde son annexe IV ; \nVu le livre des proc\u00e9dures fiscales, et notamment les articles L. 247 et R* 247-4 et suivants ;\nVu le d\u00e9cret n\u00b0 2008-309 du 3 avril 2008 portant diverses dispositions relatives \u00e0 la direction g\u00e9n\u00e9rale\ndes finances publiques ; \nVu le d\u00e9cret n\u00b0 2009-707 du 16 juin 2009 relatif aux services d\u00e9concentr\u00e9s de la direction g\u00e9n\u00e9rale des\nfinances publiques ; \nArr\u00eate :\nArticle 1er\nD\u00e9l\u00e9gation de signature est donn\u00e9e \u00e0 l'effet de signer, en mati\u00e8re de contentieux fiscal d'assiette et en\nmati\u00e8re de contentieux d'assiette de taxe d'am\u00e9nagement, les d\u00e9cisions d'admission totale, d'admission\npartielle ou de rejet, de d\u00e9gr\u00e8vement ou restitution d'office et, en mati\u00e8re de gracieux fiscal, les d\u00e9cisions\nportant remise, mod\u00e9ration ou rejet :\na) dans la limite de 60 000 \u20ac, \u00e0 l'Inspecteur divisionnaire des finances publiques d\u00e9sign\u00e9 ci-apr\u00e8s\n                  Monsieur MARTIN Franck\nb) dans la limite de 15 000 \u20ac, aux inspecteurs des finances publiques d\u00e9sign\u00e9s ci-apr\u00e8s :\nMonsieur Arnaud VUILLIEN                           Monsieur Jean Pierre BILLET\nMonsieur Benjamin FEVRIER\nc) dans la limite de 10 000 \u20ac, aux agents des finances publiques de cat\u00e9gorie B d\u00e9sign\u00e9s ci-apr\u00e8s :\nMadame Emilie BILLOUD                                   Madame DUPIRE Sabine\nMonsieur MERLE J\u00e9r\u00f4me                                   Monsieur N'GANGA Edgard\nMadame Nathalie DESMARIS                             Monsieur JACQUEMET Raphael\nMadame  Delphine GUYEZ                               Monsieur DEROUET Pascal\nMadame RE C\u00e9line                              \nMadame  ROLLAND Florence                           \nArticle 2\nSans  limitation  de  montant,  d\u00e9l\u00e9gation  de  signature  est  donn\u00e9e  \u00e0  l'effet  de  signer  les  documents\nn\u00e9cessaires \u00e0 l'ex\u00e9cution comptable des d\u00e9cisions contentieuses et gracieuses ainsi que les d\u00e9cisions\nprises sur les demandes de d\u00e9gr\u00e8vement de taxe fonci\u00e8re pour pertes de r\u00e9coltes, aux agents des\nfinances publiques susmentionn\u00e9s \u00e0 l'article 1er.\nArticle 3\nLorsqu'un contribuable a commis une erreur manifeste en \u00e9tablissant une d\u00e9claration ou en cas d'erreur\ndu service lors de la saisie informatique des \u00e9l\u00e9ments d\u00e9claratifs, les agents des finances publiques\n01_DDFIP_Direction d\u00e9partementale des finances publiques de l'Ain - 01-2025-08-26-00007 - D\u00e9l\u00e9gation de signature - SDIF de Bourg -\nao\u00fbt 2025 6\nsusmentionn\u00e9s  \u00e0  l'article  1er peuvent  prononcer  le  d\u00e9gr\u00e8vement  contentieux  correspondant,  sans\nlimitation de montant.\nArticle  4\nD\u00e9l\u00e9gation de signature est donn\u00e9e \u00e0 l'effet de signer, en mati\u00e8re de contentieux fiscal d'assiette et en\nmati\u00e8re de contentieux d'assiette de taxe d'am\u00e9nagement, les d\u00e9cisions d'admission totale, d'admission\npartielle  ou  de  rejet,  de  d\u00e9gr\u00e8vement  ou  restitution  d'office,   portant  sur  des  impositions  de  taxes\nfonci\u00e8res non cons\u00e9cutives \u00e0 un contr\u00f4le fiscal et dans la limite de  2 000 \u20ac, aux agents administratifs des\nfinances publiques dont les noms suivent : \nMonsieur J\u00e9r\u00f4me JONAS                                                  Madame Marie-Pierre MONNIER\nMonsieur Lionel JACQUEMAR                                        Madame Claire BRIAIS\nMadame Muriel VAUPRE                                                   Monsieur Hugo RODRIGUES\nMadame C\u00e9cile PRUD'HOMME                                          Monsieur POMI Nicolas\nMonsieur Anthony GAGNON                                             Madame Evelyne PACCARD\nMonsieur Ludovic PIROUX                                                Madame St\u00e9phanie FLEURY  \nMadame GUILLAMOND Alicia                                            Madame Sophie BONNET\nMadame LAKSSIOUAR Hakima                                            \nArticle 5\nEn cas d'absence du responsable du service d\u00e9partemental  des imp\u00f4ts fonciers et de l'inspecteur\ndivisionnaire, subd\u00e9l\u00e9gation de sa signature est donn\u00e9e dans la limite de 60 000 \u20ac \u00e0 :\nMonsieur Aranud VUILLIEN , inspecteur des finances publiques, adjoint (PELH)\nMonsieur Jean-Pierre BILLET,inspecteur des finances publiques, adjoint (PTGC)\nMonsieur Benjamin FEVRIER, inspecteur des finances publiques, adjoint (PELP)\nArticle 6\nLe pr\u00e9sent arr\u00eat\u00e9 sera publi\u00e9 au recueil des actes administratifs.\nA Bourg en Bresse, le 26/08/2025\nAgn\u00e8s BONNAND\nInspectrice Principale des finances publiques\n01_DDFIP_Direction d\u00e9partementale des finances publiques de l'Ain - 01-2025-08-26-00007 - D\u00e9l\u00e9gation de signature - SDIF de Bourg -\nao\u00fbt 2025 7\n01_DDFIP_Direction d\u00e9partementale des\nfinances publiques de l'Ain\n01-2025-09-01-00001\nD\u00e9l\u00e9gation de signature - SGC Chatillon -\nseptembre 2025\n01_DDFIP_Direction d\u00e9partementale des finances publiques de l'Ain - 01-2025-09-01-00001 - D\u00e9l\u00e9gation de signature - SGC Chatillon -\nseptembre 2025 8\nD\u00c9L\u00c9GATION DE SIGNATURE DU RESPONSABLE DU SERVICE DE GESTION COMPTABLE\nDE CHATILLON SUR CHALARONNE\nLe comptable, responsable du Service de Gestion Comptable de Ch\u00e2tillon sur Chalaronne\nVu le d\u00e9cret n\u00b0 2008-309 du 3 avril 2008 portant di verses dispositions relatives \u00e0 la direction\ng\u00e9n\u00e9rale des finances publiques ;\nVu le d\u00e9cret n\u00b0 2009-707 du 16 juin 2009 relatif aux services d\u00e9concentr\u00e9s de la direction g\u00e9n\u00e9rale\ndes finances publiques ;\nVu le  d\u00e9cret  n\u00b0 2012-1246 du  7 novembre  2012  relatif  \u00e0  la  gestion  budg\u00e9taire  et  comptable\npublique, et notamment son article 16 ;\nArr\u00eate :\nArticle 1\ner\nD\u00e9l\u00e9gation de signature est donn\u00e9e \u00e0 l'effet de signer :\n1\u00b0) les d\u00e9cisions relatives aux demandes de d\u00e9lai d e paiement, dans les limites de dur\u00e9e et\nde montant indiqu\u00e9es dans le tableau ci-apr\u00e8s ;\n2\u00b0) l'ensemble des actes relatifs au recouvrement, et notamment les actes de poursuites et\nles d\u00e9clarations de cr\u00e9ances ;\naux agents d\u00e9sign\u00e9s ci-apr\u00e8s :\nNom et pr\u00e9nom des agents Grade Dur\u00e9e max montant\nJ\u00e9r\u00f4me KANTA Inspecteur 24 mois 20 000 \u20ac\nFran\u00e7oise BAYARD Contr\u00f4leur Principal 12 mois 10 000 \u20ac\nFlorence FOURIER Contr\u00f4leur Principal 12 mois 10 000 \u20ac\nDaniel MARTINS Agent administratif 6 mois 3 000 \u20ac\nPAGET Christelle Agent administratif 6 mois 3 000 \u20ac\nDirection  d\u00e9partementale\ndes Finances publiques de l'Ain\nR\u00e9f\u00e9rences du service: SGC CHATILLON SUR \nCHALARONNE\n01_DDFIP_Direction d\u00e9partementale des finances publiques de l'Ain - 01-2025-09-01-00001 - D\u00e9l\u00e9gation de signature - SGC Chatillon -\nseptembre 2025 9\nD\u00e9l\u00e9gation  de  signature  est  donn\u00e9e  \u00e0  l'effet  de  signer  les  demandes  de  subventions  des\ncollectivit\u00e9s locales aux agents d\u00e9sign\u00e9s ci-apr\u00e8s :\nNom et pr\u00e9nom des agents Grade\nJ\u00e9r\u00f4me KANTA Inspecteur\nFlorence FOURIER Contr\u00f4leur Principal \nChantal PAILHES Contr\u00f4leur Principal\nMagali MILLERET Contr\u00f4leur\nCatherine LAURENT Contr\u00f4leur\nSabrina DIAB Contr\u00f4leur\nVanessa LOMBARD Agent administratif\nH\u00e9l\u00e8ne BEAUTRAIT Agent administratif\nD\u00e9l\u00e9gation de signature est donn\u00e9e \u00e0 l'effet de signer :\n1/ Les procurations pour la signature des actes notari\u00e9s,\n2/ Les proc\u00e8s-verbaux de r\u00e9gie,\n3/ Les comptes de gestion sur chiffres,\n4/ Les remises de service en cas d'indisponibilit\u00e9 du Comptable,\nNom et pr\u00e9nom des agents Grade\nJ\u00e9r\u00f4me KANTA Inspecteur\nFran\u00e7oise BAYARD Contr\u00f4leur Principal\nFlorence FOURIER Contr\u00f4leur Principal \nArticle 2\nLe pr\u00e9sent arr\u00eat\u00e9 sera publi\u00e9 au recueil des actes administratifs du d\u00e9partement de l'Ain\nA Ch\u00e2tillon-sur-Chalaronne, le 1er septembre 2025\nLe comptable, \nLionel VIRICEL\n01_DDFIP_Direction d\u00e9partementale des finances publiques de l'Ain - 01-2025-09-01-00001 - D\u00e9l\u00e9gation de signature - SGC Chatillon -\nseptembre 2025 10\n01_DDT_Direction d\u00e9partementale des\nterritoires de l'Ain\n01-2025-08-08-00002\n2025ArreteSubFprnmAnimationPapiSr3a2025Ra\na\n01_DDT_Direction d\u00e9partementale des territoires de l'Ain - 01-2025-08-08-00002 - 2025ArreteSubFprnmAnimationPapiSr3a2025Raa 11\nA R R E T \u00c9\nportant d\u00e9cision d'attribution d'une subvention au titre du FPRNM\nau b\u00e9n\u00e9fice du syndicat de la rivi\u00e8re d'Ain aval et de ses affluents (SR3A)\ndans le cadre de l'animation du programme d'actions de pr\u00e9vention\ndes inondations (PAPI) pour l'ann\u00e9e 2025\nLa pr\u00e9f\u00e8te de l'Ain,\nChevalier de la L\u00e9gion d'honneur,\nOfficier de l'Ordre national du M\u00e9rite\nVu la loi organique relative aux lois de finances (LOLF) n\u00b02001-692 du 1er ao\u00fbt 2001 ;\nVu le d\u00e9cret n\u00b02025-723 du 30 juillet 2025 modifiant le d\u00e9cret n\u00b0 2004-374 du 29 avril 2004\nrelatif aux pouvoirs des pr\u00e9fets, \u00e0 l'organisation et \u00e0 l'action des services de l'\u00c9tat dans les\nr\u00e9gions et d\u00e9partements ;\nVu le d \u00e9cret n\u00b0 2012-1246 du 7 novembre 2012 relatif \u00e0 la gestion budg\u00e9taire et comptable\npublique ;\nVu le d \u00e9cret n\u00b0 2018-514 du 25 juin 2018 relatif aux subventions de l'\u00c9tat pour des projets\nd'investissement ;\nVu le d\u00e9cret du 22 mars 2023 portant nomination de Mme Chantal MAUCHET en tant que\npr\u00e9f\u00e8te de l'Ain ;\nVu l'arr\u00eat\u00e9 du 12 janvier 2005 relatif aux subventions accord\u00e9es au titre du financement par le\nfonds de Pr\u00e9vention des risques naturels majeurs (FPRNM) de mesures de pr\u00e9vention des\nrisques naturels majeurs ;\nVu l'arr\u00eat\u00e9 du 21 ao\u00fbt 2018 pris en application de l'article 3 du d\u00e9cret n\u00b0 2018-514 du 25 juin\n2018 relatif aux subventions de l'\u00c9tat pour des projets d'investissement ;\nVu la note technique du 22 d\u00e9cembre 2021 relative au fonds de pr\u00e9vention des risques\nnaturels majeurs (FPRNM) ;\nVu  le  cahier  des  charges  de  l'appel  \u00e0  projet  relatif  aux  programmes  d'actions  pour  la\npr\u00e9vention des inondations \u00ab PAPI 3 2023 \u00bb ;\nService urbanisme et risques\nUnit\u00e9 pr\u00e9vention des risques\nDirection d\u00e9partementale\ndes territoires\n01_DDT_Direction d\u00e9partementale des territoires de l'Ain - 01-2025-08-08-00002 - 2025ArreteSubFprnmAnimationPapiSr3a2025Raa12\nVu la note du 10 juillet 2023 portant mise en \u0153uvre du cahier des charges de l'appel \u00e0\nprojets  relatif  aux  programmes  d'actions  de  pr\u00e9vention  des  inondations  \u00ab PAPI  3\n2023 \u00bb ;\nVu le courrier d'intention du syndicat de la rivi\u00e8re d'Ain aval et de ses affluents (SR3A)\ndu 29 mars 2021 d'engager un programme d'actions de pr\u00e9vention des inondations\n(PAPI) sur son territoire ;\nVu le courrier de validation du programme d'\u00e9tudes pr\u00e9alables (PEP) au programme\nd'actions  de  pr\u00e9vention  des  inondations  (PAPI)  Ain  Aval  et  Affluents  en  date  du\n13 octobre 2022 ;\nVu le courrier de validation de l'avenant n\u00b01 au programme d'\u00e9tudes pr\u00e9alables (PEP) du\nprogramme d'actions de pr\u00e9vention des inondations (PAPI) Ain Aval et Affluents en\ndate du 21 juillet 2025 ;\nVu la fiche-action n\u00b00-1 du PEP du PAPI Ain Aval et Affluents concernant l'animation\nPAPI ;\nVu la demande de subvention au titre du fonds de pr\u00e9vention des risques naturels\nmajeurs (FPRNM) pr\u00e9sent\u00e9e par le syndicat de la rivi\u00e8re d'Ain aval et de ses affluents\n(SR3A), le 18 d\u00e9cembre 2024 au titre de l'animation de la d\u00e9marche concernant un\nprogramme d'actions de pr\u00e9vention des inondations (PAPI) pour l'ann\u00e9e 2025 ;\nSur proposition de M. le directeur d\u00e9partemental des territoires de l'Ain ;\nARRETE\nArticle 1\nUne subvention de l'\u00c9tat est attribu\u00e9e au syndicat de la rivi\u00e8re d'Ain aval et de ses\naffluents (SR3A), d\u00e9nomm\u00e9 ci-apr\u00e8s \u00ab  b\u00e9n\u00e9ficiaire \u00bb dont le si\u00e8ge se situe  \u00e0 la mairie\nd'Amb\u00e9rieu-en-Bugey, 1 place Robert Marcelpoil 01500 AMBERIEU-EN-BUGEY, \nnum\u00e9ro SIRET : 200 078 004 000 13.\npour la r\u00e9alisation de l'op\u00e9ration suivante :\nanimation du PAPI Ain Aval et Affluents pour l'ann\u00e9e 2025\nL'objet de la d\u00e9pense concerne : \nla 3\u00e8me ann\u00e9e de mise en \u0153uvre du PEP, notamment :\n\u2022 l'animation du PAPI\n\u2022 l'animation des instances de gouvernance (COPIL, COTECH, commissions\u2026)\n\u2022 le suivi des \u00e9tudes de connaissances (al\u00e9as, vuln\u00e9rabilit\u00e9s, r\u00e9seau de mesures)\n\u2022 suivi des assistants de la ma\u00eetrise d'ouvrage (AMO)\nUne mise \u00e0 jour de l'outil TRITON (outil de suivi de la mise en \u0153uvre des PAPI) doit \u00eatre\nr\u00e9alis\u00e9e par le b\u00e9n\u00e9ficiaire.\nLes  caract\u00e9ristiques  de  l'animation  pr\u00e9cisant  notamment  son  co\u00fbt,  le  plan  de\nfinancement et le programme pr\u00e9visionnel pr\u00e9cisant les objectifs et les r\u00e9alisations\nattendus  au  cours  de  l'ann\u00e9e  2025  sont  d\u00e9crites  dans  le  dossier  de  demande  de\nsubvention et ses \u00e9ventuelles annexes.\n2/5\n01_DDT_Direction d\u00e9partementale des territoires de l'Ain - 01-2025-08-08-00002 - 2025ArreteSubFprnmAnimationPapiSr3a2025Raa13\nArticle 2\nLe montant pr\u00e9visionnel de la d\u00e9pense subventionnable est de  : 130 733 \u20ac (charges\npatronales comprises).\nL'assiette  maximale  subventionnable  est  de  130  000  \u20ac  par  an  (montant  des\nr\u00e9mun\u00e9rations dont les charges patronales).\nLe taux de subvention de l'\u00c9tat est de 50  %, soit un maximum de 65 000 \u20ac par an\n(montant des r\u00e9mun\u00e9rations dont les charges patronales).\nLe montant pr\u00e9visionnel de la subvention s'\u00e9tablit \u00e0 :\n65 000 \u20ac (r\u00e9mun\u00e9ration dont les charges patronales)\n(soixante-cinq-mille euros)\nLa d\u00e9pense subventionnable ne peut int\u00e9grer les d\u00e9penses effectu\u00e9es ant\u00e9rieurement \u00e0\nla date de r\u00e9ception de la demande de subvention.\nArticle 3\nLa subvention est imput\u00e9e sur le budget g\u00e9n\u00e9ral de l'\u00c9tat \u2013 BOP 181   \u00ab Pr\u00e9vention des\nRisques \u00bb action 14 - Fonds de pr\u00e9vention des risques naturels majeurs (FPRNM) \u2013 sous-\naction  0181-14-01  \u2013  plans  d'action  port\u00e9s  par  les  collectivit\u00e9s  locales  \u2013  activit\u00e9\n018114FB0101 - PAPI (hors RVPAPI).\nLorsque  des  suj\u00e9tions  impr\u00e9visibles  par  le  b\u00e9n\u00e9ficiaire  conduisent  \u00e0  une  profonde\nremise  en  cause  du  montant  estim\u00e9  du  projet,  le  b\u00e9n\u00e9ficiaire  devra  en  informer\nrapidement le service instructeur.\nLe b\u00e9n\u00e9ficiaire doit s'engager \u00e0 apporter un minimum d'autofinancement de 20  % du\nco\u00fbt d\u00e9finitif \u00e9ligible. Le b\u00e9n\u00e9ficiaire s'est engag\u00e9 \u00e0 apporter 50 % d'autofinancement.\nLe montant d\u00e9finitif de la subvention ne peut avoir pour effet de porter le montant\ntotal  des  aides  publiques  au-del\u00e0  du  montant  pr\u00e9visionnel  de  la  d\u00e9pense\nsubventionnable.  Au  sens  du  pr\u00e9sent  arr\u00eat\u00e9,  constituent  des  aides  publiques  les\nsubventions et aides de toute nature directes et indirectes accord\u00e9es par l'\u00c9tat, ses\n\u00e9tablissements  publics,  les  collectivit\u00e9s  territoriales  et  leurs  \u00e9tablissements  publics,\nl'Union europ\u00e9enne et les organisations internationales.\nArticle 4\nL'animation du dispositif PAPI est financ\u00e9e par l'\u00c9tat dans un d\u00e9lai maximum de quatre\nans pour la premi\u00e8re phase du PAPI, de la d\u00e9claration d'intention \u00e0 la labellisation du\nPAPI. Une ann\u00e9e de soutien financier suppl\u00e9mentaire est possible sur justification, par\nd\u00e9cision de l'autorit\u00e9 comp\u00e9tente.\nAucun commencement d'ex\u00e9cution du projet ne peut \u00eatre op\u00e9r\u00e9 avant la date de\nr\u00e9ception de la demande de subvention.\nLa date pr\u00e9visionnelle d'ach\u00e8vement est fix\u00e9e au 31 d\u00e9cembre 2025.\nArticle 5\nLe paiement de la subvention intervient, sous r\u00e9serve de la disponibilit\u00e9 des cr\u00e9dits, sur\njustification de la r\u00e9alisation de l'op\u00e9ration et de la conformit\u00e9 de ses caract\u00e9ristiques\navec celles vis\u00e9es par la d\u00e9cision attributive.\n3/5\n01_DDT_Direction d\u00e9partementale des territoires de l'Ain - 01-2025-08-08-00002 - 2025ArreteSubFprnmAnimationPapiSr3a2025Raa14\nL'ordonnateur secondaire d\u00e9l\u00e9gu\u00e9 est le directeur d\u00e9partemental des territoires de\nl'Ain.\nLe comptable assignataire est le directeur r\u00e9gional des finances publiques D.R.F.I.P. du\nd\u00e9partement du Rh\u00f4ne.\nLa demande de solde doit \u00eatre d\u00e9pos\u00e9e en d\u00e9but d'ann\u00e9e 2026 ou au plus tard trois\nmois apr\u00e8s la fin de la mission (en mars 2026).\nLes pi\u00e8ces \u00e0 transmettre pour la demande de mise en paiement sont les suivantes :\n\u2022 une  lettre  de  demande  de  paiement  par  laquelle  le  b\u00e9n\u00e9ficiaire  certifie  le\npourcentage d'ETP finalement d\u00e9di\u00e9 \u00e0 l'animation du PAPI pour l'ann\u00e9e 2025, les\nsalaires aff\u00e9rents, la r\u00e9alisation des missions par le(s) charg\u00e9(s) de mission PAPI\nconform\u00e9ment au programme pr\u00e9visionnel du poste au 31 d\u00e9cembre 2025 ;\n\u2022 un  \u00e9tat  r\u00e9capitulatif  d\u00e9taill\u00e9  des  d\u00e9penses  de  salaire  vis\u00e9  par  le  comptable\npublic ;\n\u2022 un  bilan  synth\u00e9tique  de  l'activit\u00e9  sur  l'ann\u00e9e  concern\u00e9e  sous  la  forme  par\nexemple d'un tableau r\u00e9capitulant les op\u00e9rations et missions r\u00e9alis\u00e9es dans le\ncadre de l'animation du PAPI (tableau programme pr\u00e9visionnel fourni lors de la\ndemande de subvention) ;\n\u2022 un RIB ;\n\u2022 tout document attestant de la r\u00e9alisation des missions financ\u00e9es (pr\u00e9sentations\net comptes-rendus de r\u00e9unions, COPIL, COTECH, rapports d'\u00e9tudes...)\nEn  l'absence  de  r\u00e9ception  de  ces  documents  par  l'autorit\u00e9  comp\u00e9tente,  aucun\npaiement ne peut intervenir au profit du b\u00e9n\u00e9ficiaire.\nArticle 6\nUne avance de 30% du montant maximum pr\u00e9visionnel de la subvention est vers\u00e9e lors\ndu commencement d'ex\u00e9cution du projet. \nSur demande du b\u00e9n\u00e9ficiaire, des acomptes peuvent \u00eatre vers\u00e9s au fur et \u00e0 mesure de\nl'avancement du projet, au prorata de sa r\u00e9alisation et dans la limite de 80  % (le cas\n\u00e9ch\u00e9ant, avance comprise) du montant maximum de la subvention.\nLe solde sera calcul\u00e9 sur la base du temps d'animation effectivement d\u00e9di\u00e9 au PAPI et\nde  la  bonne  r\u00e9alisation  des  missions  pr\u00e9vues  dans  la  demande  de  subvention,\nd\u00e9duction faite de l'avance et des acomptes ant\u00e9rieurement vers\u00e9s.\nArticle 7\nL'op\u00e9ration  sera  r\u00e9alis\u00e9e  selon  le  plan  de  financement  et  le  plan  de  r\u00e9alisation\nmentionn\u00e9s dans le dossier de demande de subvention et ses annexes.\nLe b\u00e9n\u00e9ficiaire est tenu d'informer r\u00e9guli\u00e8rement le service instructeur de l'avancement\nde l'op\u00e9ration.\nEn cas de modification du plan de r\u00e9alisation ou du plan de financement, le b\u00e9n\u00e9ficiaire\ndevra communiquer les \u00e9l\u00e9ments au service instructeur.\n4/5\n01_DDT_Direction d\u00e9partementale des territoires de l'Ain - 01-2025-08-08-00002 - 2025ArreteSubFprnmAnimationPapiSr3a2025Raa15\nEn cas d'abandon de l'op\u00e9ration, le b\u00e9n\u00e9ficiaire est tenu d'en informer le m\u00eame service\npour permettre la cl\u00f4ture de l'op\u00e9ration. Ainsi, le b\u00e9n\u00e9ficiaire s'engage \u00e0 proc\u00e9der au\nreversement des sommes ind\u00fbment per\u00e7ues dans les plus brefs d\u00e9lais et, au plus tard,\ndans le mois qui suit la r\u00e9ception du titre de perception.\nArticle 8\nLe pr\u00e9sent arr\u00eat\u00e9 sera ins\u00e9r\u00e9 au recueil des actes administratifs de la pr\u00e9fecture de l'Ain\net sera publi\u00e9 sur le site internet des services de l'\u00c9tat dans l'Ain.\nArticle 9\nLe pr\u00e9sent arr\u00eat\u00e9 entre en vigueur \u00e0 compter de sa notification.\nArticle 10\nLe pr\u00e9sent arr\u00eat\u00e9 peut faire l'objet d'un recours contentieux, dans le d\u00e9lai de deux mois\n\u00e0 compter de sa notification, devant le tribunal administratif de Lyon. \nLe tribunal administratif peut \u00eatre saisi par courrier (de pr\u00e9f\u00e9rence en recommand\u00e9\navec  accus\u00e9  de  r\u00e9ception)  ou  par  la  voie  de  l'application  \u00ab Telerecours  citoyens \u00bb\naccessible \u00e0 partir du site www.telerecours.fr.\nArticle 11\nLe directeur d\u00e9partemental des territoires de l'Ain et le directeur r\u00e9gional des finances\npubliques du Rh\u00f4ne sont charg\u00e9s, chacun en ce qui le concerne, de l'ex\u00e9cution du\npr\u00e9sent arr\u00eat\u00e9.\nFait \u00e0 Bourg en Bresse, le 08 ao\u00fbt 2025\nLa pr\u00e9f\u00e8te,\nPour la pr\u00e9f\u00e8te et par d\u00e9l\u00e9gation,\nLe directeur\nSIGNE\nVincent PATRIARCA\n5/5\n01_DDT_Direction d\u00e9partementale des territoires de l'Ain - 01-2025-08-08-00002 - 2025ArreteSubFprnmAnimationPapiSr3a2025Raa16\n01_DDT_Direction d\u00e9partementale des\nterritoires de l'Ain\n01-2025-08-28-00003\nArr\u00eat\u00e9 portant renouvellement de l'agr\u00e9ment au\ntitre de la protection de l'environnement\nde la f\u00e9d\u00e9ration d\u00e9partementale des chasseurs\nde l'Ain\n01_DDT_Direction d\u00e9partementale des territoires de l'Ain - 01-2025-08-28-00003 - Arr\u00eat\u00e9 portant renouvellement de l'agr\u00e9ment au\ntitre de la protection de l'environnement\nde la f\u00e9d\u00e9ration d\u00e9partementale des chasseurs de l'Ain\n17\nARR\u00caT\u00c9\nportant renouvellement de l'agr\u00e9ment au titre de la protection de l'environnement\nde la f\u00e9d\u00e9ration d\u00e9partementale des chasseurs de l'Ain\nLa pr\u00e9f\u00e8te de l'Ain\nChevalier de la L\u00e9gion d'honneur,\nOfficier de l'Ordre national du M\u00e9rite\nVU le code de l'environnement, notamment ses articles L.141-1 et suivants, et R.141-2 \u00e0 R.141-\n20 ;\nVU le d\u00e9cret n\u00b0  2011-832 du 12 juillet 2011 relatif \u00e0 la r\u00e9forme de l'agr\u00e9ment au titre de la\nprotection de l'environnement et \u00e0 la d\u00e9signation des associations agr\u00e9\u00e9es, organismes et\nfondations reconnues d'utilit\u00e9 publique au sein de certaines instances  ;\nVU l'arr\u00eat\u00e9 minist\u00e9riel du 12 juillet 2011 relatif \u00e0 la composition du dossier de demande\nd'agr\u00e9ment au titre de la protection de l'environnement, du dossier de renouvellement de\nl'agr\u00e9ment et \u00e0 la liste des documents \u00e0 fournir annuellement ; \nVU l'arr\u00eat\u00e9 pr\u00e9fectoral du 10 juillet 2020 portant renouvellement de l'agr\u00e9ment au titre de la\nprotection de l'environnement de la f\u00e9d\u00e9ration d\u00e9partementale des chasseurs de l'Ain  ;\nVU  le dossier  de demande de renouvellement  de l'agr\u00e9ment  d\u00e9pos\u00e9 le 7  mars  2025  et\ncompl\u00e9t\u00e9 le 25 mars 2025 par la f\u00e9d\u00e9ration d\u00e9partementale des chasseurs de l'Ain  ;\nVU les avis favorables \u00e9mis, le 13 mars 2025, par la procureure g\u00e9n\u00e9rale pr\u00e8s la Cour d'Appel\nde Lyon et, le 6 ao\u00fbt 2025, par le directeur r\u00e9gional de l'environnement, de l'am\u00e9nagement\net du logement Auvergne-Rh\u00f4ne-Alpes ;\nCONSID\u00c9RANT que :\n\u2022 la f\u00e9d\u00e9ration d\u00e9partementale des chasseurs de l'Ain, cr\u00e9\u00e9e en 1941, a pour objet de\nparticiper  \u00e0  la  mise  en  valeur  du  patrimoine  cyn\u00e9g\u00e9tique  d\u00e9partemental  et  \u00e0  la\nprotection et la gestion de la faune sauvage ainsi que ses habitats  ;\n\u2022 cette association a b\u00e9n\u00e9fici\u00e9 en 2020 d'un agr\u00e9ment d\u00e9partemental  ;\n\u2022 ces  cinq  derni\u00e8res  ann\u00e9es,  elle  a  poursuivi  ses  actions  ant\u00e9rieures  de  gestion\ncyn\u00e9g\u00e9tique tout en d\u00e9veloppant de nouvelles missions : des suivis qualitatifs de haies,\ndes  am\u00e9nagements  du  territoire  favorables  \u00e0  la  biodiversit\u00e9  (mares,  bandes\nenherb\u00e9es, etc.), des suivis faunistiques sur la faune sauvage chassable ainsi que sur le\nlynx et le loup. Elle a \u00e9galement men\u00e9 des actions de sensibilisation aupr\u00e8s du public\nService Protection et Gestion de l'Environnement\nUnit\u00e9 Pilotage et Gestion\nDirection d\u00e9partementale\ndes territoires\n01_DDT_Direction d\u00e9partementale des territoires de l'Ain - 01-2025-08-28-00003 - Arr\u00eat\u00e9 portant renouvellement de l'agr\u00e9ment au\ntitre de la protection de l'environnement\nde la f\u00e9d\u00e9ration d\u00e9partementale des chasseurs de l'Ain\n18\nscolaire  et  du  grand  public,  et  anim\u00e9  annuellement  une  action  de  ramassage  de\nd\u00e9chets dans la nature ;\n\u2022 son activit\u00e9 et son objet statutaire rel\u00e8vent donc des domaines mentionn\u00e9s au L.141-1\ndu code de l'environnement sur l'ensemble du d\u00e9partement de l'Ain  ;\nCONSID\u00c9RANT que le nombre d'adh\u00e9rents para\u00eet suffisant eu \u00e9gard au cadre d\u00e9partemental\nde son activit\u00e9 ;\nCONSID\u00c9RANT qu'au sens de l'article 261-7-1 du code g\u00e9n\u00e9ral des imp\u00f4ts et de l'instruction\nfiscale n\u00b0  4H506, il peut \u00eatre consid\u00e9r\u00e9 que la gestion de la f\u00e9d\u00e9ration d\u00e9partementale des\nchasseurs de l'Ain pr\u00e9sente un caract\u00e8re d\u00e9sint\u00e9ress\u00e9 et que son activit\u00e9 est non lucrative  ;\nCONSID\u00c9RANT  que  la  f\u00e9d\u00e9ration  d\u00e9partementale  des  chasseurs  de  l'Ain  justifie  d'un\nfonctionnement conforme \u00e0 ses statuts et d\u00e9mocratique  ;\nCONSID\u00c9RANT que la f\u00e9d\u00e9ration d\u00e9partementale des chasseurs de l'Ain justifie de garanties\nsuffisantes de r\u00e9gularit\u00e9 en mati\u00e8re financi\u00e8re et comptable ;\nCONSID\u00c9RANT  que  la  f\u00e9d\u00e9ration  d\u00e9partementale  des  chasseurs  de  l'Ain  d\u00e9clare  avoir\nsouscrit au contrat d'engagement r\u00e9publicain mis en ligne sur son site internet  ;\nSUR proposition du directeur d\u00e9partemental des territoires  ;\nARR\u00caTE\nARTICLE 1\nLa f\u00e9d\u00e9ration d\u00e9partementale des chasseurs de l'Ain, dont le si\u00e8ge social est situ\u00e9 au 252 rue\nde la B\u00e2tie 01160 Pont-d'Ain, est agr\u00e9\u00e9e au titre de la protection de l'environnement, dans un\ncadre d\u00e9partemental.\nARTICLE 2\nL'agr\u00e9ment est d\u00e9livr\u00e9 pour une dur\u00e9e de cinq ans renouvelable, \u00e0 compter de la date du\npr\u00e9sent arr\u00eat\u00e9.\nLa demande de renouvellement d'agr\u00e9ment doit intervenir 6  mois au moins avant la date\nd'expiration de l'agr\u00e9ment en cours de validit\u00e9.\nARTICLE 3\nLa f\u00e9d\u00e9ration d\u00e9partementale des chasseurs de l'Ain adressera chaque ann\u00e9e \u00e0 la pr\u00e9f\u00e8te les\ndocuments fix\u00e9s par l'article 3 de l'arr\u00eat\u00e9 minist\u00e9riel du 12 juillet 2011 susvis\u00e9, comprenant\nnotamment le rapport d'activit\u00e9 ainsi que les comptes de r\u00e9sultat et de bilan de l'association\net leurs annexes, qui sont communicables \u00e0 toute personne sur sa demande et \u00e0 ses frais.\nARTICLE 4\nLe pr\u00e9sent arr\u00eat\u00e9 sera notifi\u00e9 au pr\u00e9sident de la f\u00e9d\u00e9ration d\u00e9partementale des chasseurs de\nl'Ain et publi\u00e9 au recueil des actes administratifs de la pr\u00e9fecture de l'Ain, ainsi que sur le site\ninternet des services de l'\u00c9tat dans l'Ain.\n2/3\n01_DDT_Direction d\u00e9partementale des territoires de l'Ain - 01-2025-08-28-00003 - Arr\u00eat\u00e9 portant renouvellement de l'agr\u00e9ment au\ntitre de la protection de l'environnement\nde la f\u00e9d\u00e9ration d\u00e9partementale des chasseurs de l'Ain\n19\nARTICLE 5\nL'arr\u00eat\u00e9 pr\u00e9fectoral du 10 juillet 2020 susvis\u00e9 est abrog\u00e9.\nARTICLE 6\nCette d\u00e9cision est susceptible de recours devant le Tribunal Administratif de Lyon, y compris\npar voie \u00e9lectronique via le site www.telerecours.fr, dans un d\u00e9lai de deux mois \u00e0 compter de\nsa publication et notification.\nLes  recours  administratifs  qui  peuvent  \u00eatre  d\u00e9pos\u00e9s  dans  les  2 mois  \u00e0  compter  de  la\nnotification ou de la publication de la d\u00e9cision prolongent les d\u00e9lais de recours contentieux\nde 2 mois.\nARTICLE 7\nLa  secr\u00e9taire  g\u00e9n\u00e9rale  de  la  pr\u00e9fecture,  le  directeur  r\u00e9gional  de  l'environnement,  de\nl'am\u00e9nagement  et  du  logement  Auvergne-Rh\u00f4ne-Alpes  et  le  directeur  d\u00e9partemental  des\nterritoires de l'Ain sont charg\u00e9s, chacun en ce qui le concerne, de l'ex\u00e9cution du pr\u00e9sent\narr\u00eat\u00e9 dont copie sera adress\u00e9e :\n\u2022 \u00e0 la procureure g\u00e9n\u00e9rale pr\u00e8s la cour d'appel de Lyon,\n\u2022 au pr\u00e9sident du tribunal de grande instance de Bourg-en-Bresse,\n\u2022 au chef du service d\u00e9partemental de l'Office Fran\u00e7ais de la Biodiversit\u00e9.\nA BOURG-EN-BRESSE, le 28 ao\u00fbt 2025\nLa pr\u00e9f\u00e8te,\nsign\u00e9 :Chantal MAUCHET\n3/3\n01_DDT_Direction d\u00e9partementale des territoires de l'Ain - 01-2025-08-28-00003 - Arr\u00eat\u00e9 portant renouvellement de l'agr\u00e9ment au\ntitre de la protection de l'environnement\nde la f\u00e9d\u00e9ration d\u00e9partementale des chasseurs de l'Ain\n20\n01_DDT_Direction d\u00e9partementale des\nterritoires de l'Ain\n01-2025-08-28-00002\nArr\u00eat\u00e9 r\u00e9glementant l'usage de la carabine 22\nLong Rifle dans le d\u00e9partement de l'Ain\n01_DDT_Direction d\u00e9partementale des territoires de l'Ain - 01-2025-08-28-00002 - Arr\u00eat\u00e9 r\u00e9glementant l'usage de la carabine 22 Long\nRifle dans le d\u00e9partement de l'Ain 21\nA R R \u00ca T \u00c9\nr\u00e9glementant l'usage de la carabine 22 Long Rifle dans le d\u00e9partement de l'Ain\nLa pr\u00e9f\u00e8te de l'Ain,\nChevalier de la L\u00e9gion d'honneur,\nOfficier de l'Ordre national du M\u00e9rite\nVu le Code de la s\u00e9curit\u00e9 int\u00e9rieure, notamment ses articles L.311-2, L.312-1, L.312-4-1, R.311-2,\nR.315-1 et R.315-4 ;\nVu le Code de l'environnement, notamment ses articles L.424-15 et R.427-8  ;\nVu le Code g\u00e9n\u00e9ral des collectivit\u00e9s territoriales, notamment ses articles L.21212-2 et L.2215-\n1 ;\nVu  l'arr\u00eat\u00e9  minist\u00e9riel  du  1er ao\u00fbt  1986  modifi\u00e9  relatif  \u00e0  divers  proc\u00e9d\u00e9s  de  chasse,  de\ndestruction d'animaux nuisibles et \u00e0 la reprise de gibier vivant dans le but de repeuplement  ;\nVu l'arr\u00eat\u00e9 minist\u00e9riel du 2 septembre 2016 relatif au contr\u00f4le par la chasse des populations\nde certaines esp\u00e8ces non indig\u00e8nes et fixant, en application de l'article R.427-6 du Code de\nl'environnement,  la  liste,  les  p\u00e9riodes  et  les  modalit\u00e9s  de  destruction  des  esp\u00e8ces  non\nindig\u00e8nes d'animaux class\u00e9s nuisibles sur l'ensemble du territoire m\u00e9tropolitain  ;\nVu la circulaire n\u00b0  82-152 du 15 octobre 1982 relative \u00e0 la chasse, \u00e0 la s\u00e9curit\u00e9 publique et \u00e0\nl'usage des armes \u00e0 feu ;\nVu l'arr\u00eat\u00e9 pr\u00e9fectoral du 19 juillet 2005 r\u00e9glementant l'usage de la carabine 22 Long Rifle  ;\nVu l'arr\u00eat\u00e9 pr\u00e9fectoral du 21 juin 2024 portant approbation du sch\u00e9ma d\u00e9partemental de\ngestion cyn\u00e9g\u00e9tique 2024-2030 ;\nVu la demande du pr\u00e9sident de la f\u00e9d\u00e9ration d\u00e9partementale des chasseurs de l'Ain en date\ndu 29 avril 2024 sollicitant la lev\u00e9e de l'interdiction d'utilisation de la carabine 22 long Rifle\n\u00e9tablie par l'arr\u00eat\u00e9 pr\u00e9fectoral du 19 juillet 2005 susvis\u00e9, dans le cas de la r\u00e9gulation du\nRagondin (Myocastor coypus) ;\nVu le compte-rendu de la r\u00e9union de la commission d\u00e9partementale de la chasse et de la\nfaune sauvage de l'Ain du 12 f\u00e9vrier 2025 ;\nService Protection et Gestion de l'Environnement\nUnit\u00e9 Nature\nDirection d\u00e9partementale\ndes territoires\n01_DDT_Direction d\u00e9partementale des territoires de l'Ain - 01-2025-08-28-00002 - Arr\u00eat\u00e9 r\u00e9glementant l'usage de la carabine 22 Long\nRifle dans le d\u00e9partement de l'Ain 22\nVu  l'avis  favorable  de  la  commission  d\u00e9partementale  de  la  chasse  et  de  la  faune\nsauvage de l'Ain, \u00e0 l'issue de la consultation \u00e9crite effectu\u00e9e du 24 juin 2025 au 7  juillet\n2025 inclus ;\nVu la mise en ligne du projet d'arr\u00eat\u00e9 effectu\u00e9e du 29 juillet 20 25 au 18 ao\u00fbt 2 025\ninclus dans le cadre de la loi sur la participation du public  ;\nVu le bilan en date du 26 ao\u00fbt 2025 de la consultation du public susvis\u00e9e  ;\nConsid\u00e9rant l'opportunit\u00e9 d'autoriser les propri\u00e9taires, les possesseurs, les fermiers ou\nleurs d\u00e9l\u00e9gataires, sous condition de d\u00e9tention d'un permis de chasser valid\u00e9 pour la\nsaison cyn\u00e9g\u00e9tique en cours, \u00e0 employer une carabine de calibre 5,56  \u00d7 15 mm R, dite\n\u00ab 22  Long  Rifle \u00bb,  dans  le  cadre  des  op\u00e9rations  de  destruction  de  sp\u00e9cimens  des\nesp\u00e8ces Ragondin ( Myocastor coypus ) et Rat musqu\u00e9 ( Ondatra zibethicus ), aux fins de\nmassifier la lutte contre ces esp\u00e8ces class\u00e9es susceptibles d'occasionner des d\u00e9g\u00e2ts sur\nl'ensemble du territoire m\u00e9tropolitain ;\nSur proposition du directeur d\u00e9partemental des territoires  ;\nARR\u00caTE\nArticle 1\nL'usage de la carabine de calibre 5,56 \u00d7 15 mm R, dite \u00ab 22 Long Rifle \u00bb, est interdit dans\nle d\u00e9partement de l'Ain pour l'exercice de la chasse et, d'une mani\u00e8re g\u00e9n\u00e9rale, en\ndehors des stands de tir am\u00e9nag\u00e9s, \u00e0 l'exception des cas pr\u00e9vus \u00e0 l'article 2 du pr\u00e9sent\narr\u00eat\u00e9.\nArticle 2\nSous r\u00e9serve des dispositions juridiques en vigueur en mati\u00e8re de d\u00e9tention d'armes,\nl'usage de la carabine de calibre 5,56  \u00d7 15 mm R, dite \u00ab  22 Long Rifle  \u00bb, est autoris\u00e9 en\ndehors des stands de tir am\u00e9nag\u00e9s lorsque l'arme est \u00e0 rechargement manuel et qu'elle\nest employ\u00e9e :\n\u2022 pour la r\u00e9gulation des esp\u00e8ces class\u00e9es susceptibles d'occasionner des d\u00e9g\u00e2ts,\npar :\n\u25e6 les agents de l'Office Fran\u00e7ais de la Biodiversit\u00e9 (OFB),\n\u25e6 les  lieutenants  de  louveterie  nomm\u00e9s  dans  le  d\u00e9partement  de  l'Ain,  sur\nl'ensemble des communes de ce d\u00e9partement,\n\u25e6 les gardes-chasses particuliers asserment\u00e9s, sur le territoire pour lequel ils\nsont commissionn\u00e9s,\n\u25e6 les agents gestionnaires d'espaces naturels sous statut de protection, sur leur\nterritoire de comp\u00e9tence,\n\u25e6 les agents de d\u00e9veloppement de la f\u00e9d\u00e9ration d\u00e9partementale des chasseurs\nde l'Ain ;\n\u2022 pour  la  r\u00e9gulation  des  esp\u00e8ces  Ragondin  (Myocastor  coypus)  et  Rat  musqu\u00e9\n(Ondatra  zibethicus)  par  les  propri\u00e9taires,  possesseurs  ou  fermiers  ou  leurs\nd\u00e9l\u00e9gataires, tels que d\u00e9sign\u00e9s \u00e0 l'article R.427-8 du Code de l'environnement,\nsous  condition  de  d\u00e9tention  d'un  permis  de  chasser  valid\u00e9  pour  la  saison\ncyn\u00e9g\u00e9tique en cours ;\n2/4\n01_DDT_Direction d\u00e9partementale des territoires de l'Ain - 01-2025-08-28-00002 - Arr\u00eat\u00e9 r\u00e9glementant l'usage de la carabine 22 Long\nRifle dans le d\u00e9partement de l'Ain 23\n\u2022 pour la mise \u00e0 mort, par les pi\u00e9geurs agr\u00e9\u00e9s titulaires d'un permis de chasser\nvalid\u00e9  pour  la  saison  cyn\u00e9g\u00e9tique  en  cours,  des  animaux  d'esp\u00e8ces  class\u00e9es\nsusceptibles d'occasionner des d\u00e9g\u00e2ts captur\u00e9s par pi\u00e9geage  ;\n\u2022 pour la mise \u00e0 mort, par les veneurs de chasse sous terre, des animaux cern\u00e9s\npar les chiens des esp\u00e8ces Ragondin ( Myocastor coypus), Renard ( Vulpes vulpes)\net Blaireau (Meles meles).\nArticle 3\nL'usage de la carabine de calibre 5,56  \u00d7 15 mm R, dite \u00ab  22 Long Rifle  \u00bb, dans les cas\npr\u00e9vus \u00e0 l'article 2 du pr\u00e9sent arr\u00eat\u00e9, est soumis au respect des mesures de s\u00e9curit\u00e9\nsuivantes :\n\u2022 le tireur s'assure d'un tir fichant ;\n\u2022 le tir sur les surfaces en eau est interdit ;\n\u2022 il est interdit au porteur de l'arme :\n\u25e6 d'en faire usage sur les routes et chemins publics, ainsi que sur les voies\nferr\u00e9es ou dans les emprises ou enclos d\u00e9pendant des chemins de fer,\n\u25e6 de tirer en direction ou au-dessus de ces routes, chemins ou voies ferr\u00e9es,\nlorsqu'il est situ\u00e9 \u00e0 port\u00e9e d'arme de ceux-ci,\n\u25e6 de tirer en direction des lignes \u00e9lectriques ou de leurs supports ainsi qu'en\ndirection des stades, lieux de r\u00e9unions publiques en g\u00e9n\u00e9ral et habitations\nparticuli\u00e8res (y compris les caravanes, les remises et les abris de jardin), ainsi\nque des b\u00e2timents et constructions d\u00e9pendant des a\u00e9roports  ;\n\u2022 dans  le  cas  de  l'emploi  pour  la  mise  \u00e0  mort  d'animaux  d'esp\u00e8ces  class\u00e9es\nsusceptibles  d'occasionner  des  d\u00e9g\u00e2ts  captur\u00e9s  par  pi\u00e9geage,  l'arme  est\ntransport\u00e9e jusqu'au lieu de pi\u00e9geage, uniquement aux heures l\u00e9gales de relev\u00e9\ndes  pi\u00e8ges,  en  \u00e9tant  d\u00e9mont\u00e9e  ou  plac\u00e9e  sous  \u00e9tui  et,  dans  tous  les  cas,\nd\u00e9charg\u00e9e.\nArticle 4\nLes dispositions pr\u00e9vues aux articles 1 \u00e0 3 du pr\u00e9sent arr\u00eat\u00e9 ne font pas obstacle \u00e0 la\nmise en \u0153uvre de mesures plus restrictives  adapt\u00e9es aux circonstances  en vue de\nprot\u00e9ger la s\u00e9curit\u00e9 publique en application des pouvoirs de police pr\u00e9vus \u00e0 l'article\nL.2212-1 du Code g\u00e9n\u00e9ral des collectivit\u00e9s territoriales.\nArticle 5\nL'arr\u00eat\u00e9 pr\u00e9fectoral du 19 juillet 2005 r\u00e9glementant l'usage de la carabine 22 Long Rifle\nest abrog\u00e9.\nArticle 6\nCet arr\u00eat\u00e9 peut \u00eatre contest\u00e9 dans les deux mois qui suivent sa publication au recueil\ndes actes administratifs de la pr\u00e9fecture de l'Ain :\n\u2022 par recours gracieux aupr\u00e8s de l'auteur de la d\u00e9cision ou hi\u00e9rarchique aupr\u00e8s du\nministre.\nL'absence  de  r\u00e9ponse  dans  un  d\u00e9lai  de  deux  mois  fait  na\u00eetre  une  d\u00e9cision\nimplicite de rejet qui peut \u00eatre elle-m\u00eame d\u00e9f\u00e9r\u00e9e au tribunal administratif dans\nles deux mois suivants ;\n3/4\n01_DDT_Direction d\u00e9partementale des territoires de l'Ain - 01-2025-08-28-00002 - Arr\u00eat\u00e9 r\u00e9glementant l'usage de la carabine 22 Long\nRifle dans le d\u00e9partement de l'Ain 24\n\u2022 par  recours  contentieux  devant  le  tribunal  administratif  de  Lyon,  184  rue\nDuguesclin  69003  Lyon,  y  compris  par  voie  \u00e9lectronique  via  le  site\nwww.telerecours.fr.\nArticle 7\nLa secr\u00e9taire g\u00e9n\u00e9rale de la pr\u00e9fecture, les sous-pr\u00e9fets, le directeur d\u00e9partemental des\nterritoires,  les  maires,  le  commandant  du  groupement  de  gendarmerie  de  l'Ain,  le\ndirecteur d\u00e9partemental de la police nationale, le chef du service d\u00e9partemental de\nl'OFB, le pr\u00e9sident de la f\u00e9d\u00e9ration d\u00e9partementale des chasseurs et les lieutenants de\nlouveterie  sont  charg\u00e9s,  chacun  en  ce  qui  le  concerne,  de  l'ex\u00e9cution  du  pr\u00e9sent\narr\u00eat\u00e9, qui est publi\u00e9 au recueil des actes administratifs  et affich\u00e9 par les soins des\nmaires dans chaque commune.\nFait \u00e0 Bourg-en-Bresse, le 28 ao\u00fbt 2025\nLa pr\u00e9f\u00e8te,\nSign\u00e9 : Chantal MAUCHET\n4/4\n01_DDT_Direction d\u00e9partementale des territoires de l'Ain - 01-2025-08-28-00002 - Arr\u00eat\u00e9 r\u00e9glementant l'usage de la carabine 22 Long\nRifle dans le d\u00e9partement de l'Ain 25\n01_Pref_Pr\u00e9fecture de l'Ain\n01-2025-08-29-00001\nAP composition commission organisation RAA\n01_Pref_Pr\u00e9fecture de l'Ain - 01-2025-08-29-00001 - AP composition commission organisation RAA 26\nARRETE PREFECTORAL\nportant constitution de la commission d'organisation des \u00e9lections des juges\n du tribunal de commerce de Bourg-en-Bresse\nLa pr\u00e9f\u00e8te,\nChevalier de la l\u00e9gion d'honneur\nOfficier de l'ordre National du m\u00e9rite\nVU le code de commerce et notamment ses articles L. 723-13  et R. 723-8 ;\nVU l'arr\u00eat\u00e9 pr\u00e9fectoral du 18 ao\u00fbt 2025 portant convocation des \u00e9lecteurs pour l'\u00e9lection\ndes juges du tribunal de commerce de Bourg-en-Bresse  ;\nSUR proposition de la secr\u00e9taire g\u00e9n\u00e9rale de la pr\u00e9fecture ;\n-  A R R \u00ca T E  -\nArticle 1  er   : Dans le cadre de l'\u00e9lection des juges du tribunal de commerce qui aura lieu le\n9 octobre  2025,  il  est  institu\u00e9  une  commission  d'organisation  des  \u00e9lections  compos\u00e9e\ncomme suit :\nPr\u00e9sident : Franck GUESDON premier vice-pr\u00e9sident au tribunal judiciaire de Bourg-en-Bresse\nsuppl\u00e9ante : Isabelle LACOUR, vice-pr\u00e9sidente au tribunal judiciaire de Bourg-en-\nBresse\nMembres :\n\u2010 V\u00e9ronique MASSON BESSOU, juge au tribunal judiciaire de Bourg-en-Bresse\nsuppl\u00e9ante : Estelle GIOVANNANGELI, juge de l'application des peines au tribunal\njudiciaire de Bourg-en-Bresse\n\u2010 David BAUDRAND, chef du bureau de la l\u00e9galit\u00e9, l'intercommunalit\u00e9 et de la\nd\u00e9mocratie locale \u00e0 la pr\u00e9fecture de l'Ain.\nsuppl\u00e9ante : Anne-C\u00e9cile MEREAU, charg\u00e9 de mission \u00e0 la pr\u00e9fecture de l'Ain.  \nArticle 2  : Les  fonctions de secr\u00e9taire de la commission sont assur\u00e9es  par  le greffier du\ntribunal de commerce de Bourg-en-Bresse.\n45, Avenue Alsace-Lorraine - CS 80400 -  01012  BOURG-EN-BRESSE CEDEX \nT\u00e9l\u00e9phone : 04.74.32.30.00  -  Site internet : www.ain.gouv.fr  -  Facebook - Twitter : @Prefet01\n01_Pref_Pr\u00e9fecture de l'Ain - 01-2025-08-29-00001 - AP composition commission organisation RAA 27\nArticle 3 : La  secr\u00e9taire g\u00e9n\u00e9rale de la  pr\u00e9fecture est  charg\u00e9e de l'ex\u00e9cution du  pr\u00e9sent\narr\u00eat\u00e9 qui sera notifi\u00e9 \u00e0 chacun des membres de la commission.\nFait \u00e0 Bourg-en-Bresse, le 29 ao\u00fbt 2025\nLa Pr\u00e9f\u00e8te,\nChantal MAUCHET\n01_Pref_Pr\u00e9fecture de l'Ain - 01-2025-08-29-00001 - AP composition commission organisation RAA 28\n01_Pref_Pr\u00e9fecture de l'Ain\n01-2025-08-22-00003\nArr\u00eat\u00e9 n\u00b0 2025-067 portant agr\u00e9ment d'un\norganisme de formation habilit\u00e9 \u00e0\ndispenser la formation initiale, continue et\nmobilit\u00e9 des conducteurs de taxi\n01_Pref_Pr\u00e9fecture de l'Ain - 01-2025-08-22-00003 - Arr\u00eat\u00e9 n\u00b0 2025-067 portant agr\u00e9ment d'un organisme de formation habilit\u00e9 \u00e0\ndispenser la formation initiale, continue et mobilit\u00e9 des conducteurs de taxi 29\nArr\u00eat\u00e9 n\u00b0 2025-067 portant agr\u00e9ment d'un organisme de formation habilit\u00e9 \u00e0\ndispenser la formation initiale, continue et mobilit\u00e9 des conducteurs de taxi\nLa Pr\u00e9f\u00e8te de l'Ain\nVU\u00a0\u00a0le\u00a0code\u00a0des\u00a0transports\u00a0et\u00a0notamment\u00a0ses\u00a0articles\u00a0R.3120-8-2\u00a0et\u00a0R.3120-9\u00a0;\nVU\u00a0\u00a0le\u00a0code\u00a0du\u00a0travail,\u00a0notamment\u00a0ses\u00a0articles\u00a0L.6351-1\u00a0\u00e0\u00a0L.6355-24\u00a0et\u00a0R.6316-1\u00a0;\nVU\u00a0l'arr\u00eat\u00e9\u00a0minist\u00e9riel\u00a0du\u00a006\u00a0avril\u00a02017\u00a0\u00a0relatif\u00a0au\u00a0programme\u00a0et\u00a0\u00e0\u00a0l'\u00e9valuation\u00a0des\u00a0\u00e9preuves\u00a0des\nexamens\u00a0d'acc\u00e8s\u00a0aux\u00a0professions\u00a0de\u00a0conducteur\u00a0de\u00a0taxi\u00a0et\u00a0de\u00a0conducteur\u00a0de\u00a0voiture\u00a0de\u00a0transport\u00a0avec\nchauffeur\u00a0;\u00a0\nVU\u00a0l'arr\u00eat\u00e9\u00a0minist\u00e9riel\u00a0du\u00a011\u00a0ao\u00fbt\u00a02017\u00a0relatif\u00a0\u00e0\u00a0l'agr\u00e9ment\u00a0des\u00a0centres\u00a0de\u00a0formation\u00a0habilit\u00e9s\u00a0\u00e0\ndispenser\u00a0la\u00a0formation\u00a0initiale\u00a0et\u00a0continue\u00a0des\u00a0conducteurs\u00a0de\u00a0taxi\u00a0et\u00a0des\u00a0conducteurs\u00a0de\u00a0voiture\u00a0de\u00a0transport\navec\u00a0chauffeur\u00a0;\u00a0\nVU\u00a0l'arr\u00eat\u00e9\u00a0minist\u00e9riel\u00a0du\u00a011\u00a0ao\u00fbt\u00a02017\u00a0relatif\u00a0\u00e0\u00a0la\u00a0formation\u00a0continue\u00a0des\u00a0conducteurs\u00a0de\u00a0taxi\u00a0et\u00a0des\nconducteurs\u00a0de\u00a0voiture\u00a0de\u00a0transport\u00a0avec\u00a0chauffeur\u00a0et\u00a0\u00e0\u00a0la\u00a0mobilit\u00e9\u00a0des\u00a0conducteurs\u00a0de\u00a0taxi\u00a0;\u00a0\nVU\u00a0l'arr\u00eat\u00e9\u00a0pr\u00e9fectoral\u00a0en\u00a0date\u00a0du\u00a027\u00a0f\u00e9vrier\u00a02025\u00a0portant\u00a0d\u00e9l\u00e9gation\u00a0\u00e0\u00a0M.\u00a0Yannick\u00a0SCALZOTTO,\u00a0Sous-\nPr\u00e9fet\u00a0de\u00a0BELLEY;\nVU\u00a0\u00a0l'arr\u00eat\u00e9\u00a0du\u00a0Pr\u00e9fet\u00a0de\u00a0l'AIN\u00a0du\u00a009\u00a0septembre\u00a02020\u00a0n\u00b0\u00a02020-120\u00a0portant\u00a0agr\u00e9ment\u00a0d'un\u00a0organisme\u00a0de\nformation\u00a0au\u00a0certificat\u00a0de\u00a0capacit\u00e9\u00a0professionnelle\u00a0de\u00a0conducteur\u00a0de\u00a0taxi\u00a0;\u00a0\nVu\u00a0la\u00a0demande\u00a0formul\u00e9e\u00a0par\u00a0M.\u00a0Christian\u00a0LABESQUE,\u00a0pr\u00e9sident\u00a0de\u00a0l'association\u00a0d\u00e9nomm\u00e9e\u00a0\u00abAin\nFormation\u00a0Taxi\u00a0\u00bb,\u00a0sollicitant\u00a0le\u00a0renouvellement\u00a0de\u00a0l'agr\u00e9ment\u00a0susvis\u00e9\u00a0afin\u00a0de\u00a0r\u00e9aliser\u00a0la\u00a0formation\u00a0initiale,\ncontinue\u00a0et\u00a0mobilit\u00e9\u00a0des\u00a0conducteurs\u00a0de\u00a0taxi\u00a0;\u00a0\nConsid\u00e9rant\u00a0que\u00a0la\u00a0demande\u00a0est\u00a0conforme\u00a0\u00e0\u00a0la\u00a0r\u00e9glementation\u00a0en\u00a0vigueur\u00a0;\nSur\u00a0proposition\u00a0du\u00a0sous-pr\u00e9fet\u00a0de\u00a0Belley\u00a0;\u00a0\n-  A R R \u00ca T E  -\nArticle\u00a01er\u00a0 :\u00a0L'association\u00a0d\u00e9nomm\u00e9e\u00a0\u00ab\u00a0Ain\u00a0Formation\u00a0Taxi\u00a0\u00bb,\u00a0repr\u00e9sent\u00e9e\u00a0par\u00a0son\u00a0pr\u00e9sident\u00a0M.\u00a0Christian\nLABESQUE,\u00a0est\u00a0agr\u00e9\u00e9e\u00a0sous\u00a0le\u00a0num\u00e9ro 2015-01-003 \u00a0pour\u00a0dispenser\u00a0\u00e0\u00a0Bourg\u00a0en\u00a0Bresse\u00a0\u2013\u00a0102\u00a0boulevard\nEdouard\u00a0Herriot\u00a0la\u00a0pr\u00e9paration\u00a0au\u00a0certificat\u00a0de\u00a0capacit\u00e9\u00a0professionnelle\u00a0des\u00a0conducteurs\u00a0de\u00a0taxi,\u00a0leur\u00a0formation\ncontinue\u00a0et\u00a0mobilit\u00e9;\nArticle\u00a02:\u00a0Cet\u00a0agr\u00e9ment\u00a0est\u00a0d\u00e9livr\u00e9\u00a0pour\u00a0une\u00a0p\u00e9riode\u00a0de\u00a0cinq\u00a0ans\u00a0et\u00a0la\u00a0demande\u00a0de\u00a0renouvellement\u00a0doit\u00a0\u00eatre\nformul\u00e9e\u00a0trois\u00a0mois\u00a0avant\u00a0l'\u00e9ch\u00e9ance\u00a0du\u00a0pr\u00e9sent\u00a0agr\u00e9ment.\nArticle\u00a03\u00a0:\u00a0L'exploitant\u00a0est\u00a0tenu\u00a0:\n-\u00a0d'afficher\u00a0dans\u00a0ses\u00a0locaux,\u00a0de\u00a0mani\u00e8re\u00a0visible\u00a0\u00e0\u00a0tous,\u00a0le\u00a0num\u00e9ro\u00a0d'agr\u00e9ment,\u00a0les\u00a0conditions\u00a0financi\u00e8res\u00a0des\ncours,\u00a0le\u00a0programme\u00a0de\u00a0formation,\u00a0le\u00a0calendrier\u00a0et\u00a0les\u00a0horaires\u00a0des\u00a0enseignements\u00a0propos\u00e9s\u00a0aux\u00a0candidats\u00a0;\n-\u00a0d'adresser\u00a0au\u00a0pr\u00e9fet\u00a0un\u00a0rapport\u00a0annuel\u00a0sur\u00a0l'activit\u00e9\u00a0de\u00a0l'\u00e9tablissement\u00a0;\n24 rue des Barons \u2013 BP 149 \u2013 01306  BelleyCedex\nT\u00e9l\u00e9phone : 04 79 81 01 09 \n  Site internet : www.ain.gouv.fr  -  Twitter : @Prefet01\n01_Pref_Pr\u00e9fecture de l'Ain - 01-2025-08-22-00003 - Arr\u00eat\u00e9 n\u00b0 2025-067 portant agr\u00e9ment d'un organisme de formation habilit\u00e9 \u00e0\ndispenser la formation initiale, continue et mobilit\u00e9 des conducteurs de taxi 30\n-\u00a0d'informer\u00a0le\u00a0pr\u00e9fet\u00a0de\u00a0tout\u00a0changement\u00a0dans\u00a0les\u00a0indications\u00a0du\u00a0dossier\u00a0d\u00e9pos\u00e9\u00a0pour\u00a0l'obtention\u00a0du\u00a0pr\u00e9sent\nagr\u00e9ment.\nArticle\u00a04\u00a0:En\u00a0cas\u00a0d'inobservation\u00a0des\u00a0dispositions\u00a0de\u00a0l'arr\u00eat\u00e9\u00a0interminist\u00e9riel\u00a0du\u00a011\u00a0ao\u00fbt\u00a02017\u00a0relatif\u00a0aux\nconditions\u00a0d'agr\u00e9ment\u00a0des\u00a0organismes\u00a0de\u00a0formation\u00a0assurant\u00a0la\u00a0pr\u00e9paration\u00a0du\u00a0certificat\u00a0de\u00a0capacit\u00e9\nprofessionnelle\u00a0des\u00a0conducteurs\u00a0de\u00a0taxi,\u00a0leur\u00a0formation\u00a0continue\u00a0et\u00a0mobilit\u00e9\u00a0ou\u00a0de\u00a0mauvais\u00a0fonctionnement\u00a0de\nl'\u00e9tablissement\u00a0d\u00fbment\u00a0constat\u00e9,\u00a0le\u00a0pr\u00e9sent\u00a0agr\u00e9ment\u00a0peut\u00a0\u00eatre\u00a0retir\u00e9\u00a0\u00e0\u00a0titre\u00a0temporaire\u00a0ou\u00a0d\u00e9finitif\u00a0apr\u00e8s\u00a0avis\nde\u00a0la\u00a0commission\u00a0locale\u00a0des\u00a0Transports\u00a0Publics\u00a0Particuliers\u00a0de\u00a0personnes\u00a0de\u00a0l'Ain.\nArticle\u00a05\u00a0:\u00a0Le\u00a0sous-pr\u00e9fet\u00a0de\u00a0Belley\u00a0est\u00a0charg\u00e9\u00a0de\u00a0l'ex\u00e9cution\u00a0du\u00a0pr\u00e9sent\u00a0arr\u00eat\u00e9\u00a0qui\u00a0sera\u00a0publi\u00e9\u00a0au\u00a0recueil\u00a0des\nactes\u00a0administratifs\u00a0de\u00a0la\u00a0pr\u00e9fecture\u00a0de\u00a0l'Ain.\nBelley\u00a0,le\u00a022\u00a0ao\u00fbt\u00a02025\nLa\u00a0Pr\u00e9f\u00e8te\nPour\u00a0la\u00a0Pr\u00e9f\u00e8te\u00a0et\u00a0par\u00a0d\u00e9l\u00e9gation\nLe\u00a0Sous-Pr\u00e9fet\u00a0de\u00a0Belley\nSign\u00e9\u00a0:\u00a0Yannick\u00a0SCALZOTTO\n2\n01_Pref_Pr\u00e9fecture de l'Ain - 01-2025-08-22-00003 - Arr\u00eat\u00e9 n\u00b0 2025-067 portant agr\u00e9ment d'un organisme de formation habilit\u00e9 \u00e0\ndispenser la formation initiale, continue et mobilit\u00e9 des conducteurs de taxi 31\n01_Pref_Pr\u00e9fecture de l'Ain\n01-2025-09-22-00001\nArr\u00eat\u00e9 n\u00b0 2025-68 portant agr\u00e9ment d'un\norganisme de formation habilit\u00e9 \u00e0\ndispenser la formation initiale, continue et\nmobilit\u00e9 des conducteurs de taxi\n01_Pref_Pr\u00e9fecture de l'Ain - 01-2025-09-22-00001 - Arr\u00eat\u00e9 n\u00b0 2025-68 portant agr\u00e9ment d'un organisme de formation habilit\u00e9 \u00e0\ndispenser la formation initiale, continue et mobilit\u00e9 des conducteurs de taxi 32\nArr\u00eat\u00e9 n\u00b0 2025-68 portant agr\u00e9ment d'un organisme de formation habilit\u00e9 \u00e0\ndispenser la formation initiale, continue et mobilit\u00e9 des conducteurs de taxi\nLa Pr\u00e9f\u00e8te de l'Ain\nVU\u00a0\u00a0le\u00a0code\u00a0des\u00a0transports\u00a0et\u00a0notamment\u00a0ses\u00a0articles\u00a0R.3120-8-2\u00a0et\u00a0R.3120-9\u00a0;\nVU\u00a0\u00a0le\u00a0code\u00a0du\u00a0travail,\u00a0notamment\u00a0ses\u00a0articles\u00a0L.6351-1\u00a0\u00e0\u00a0L.6355-24\u00a0et\u00a0R.6316-1\u00a0;\nVU\u00a0l'arr\u00eat\u00e9\u00a0minist\u00e9riel\u00a0du\u00a006\u00a0avril\u00a02017\u00a0\u00a0relatif\u00a0au\u00a0programme\u00a0et\u00a0\u00e0\u00a0l'\u00e9valuation\u00a0des\u00a0\u00e9preuves\u00a0des\nexamens\u00a0d'acc\u00e8s\u00a0aux\u00a0professions\u00a0de\u00a0conducteur\u00a0de\u00a0taxi\u00a0et\u00a0de\u00a0conducteur\u00a0de\u00a0voiture\u00a0de\u00a0transport\u00a0avec\nchauffeur\u00a0;\u00a0\nVU\u00a0l'arr\u00eat\u00e9\u00a0minist\u00e9riel\u00a0du\u00a011\u00a0ao\u00fbt\u00a02017\u00a0relatif\u00a0\u00e0\u00a0l'agr\u00e9ment\u00a0des\u00a0centres\u00a0de\u00a0formation\u00a0habilit\u00e9s\u00a0\u00e0\ndispenser\u00a0la\u00a0formation\u00a0initiale\u00a0et\u00a0continue\u00a0des\u00a0conducteurs\u00a0de\u00a0taxi\u00a0et\u00a0des\u00a0conducteurs\u00a0de\u00a0voiture\u00a0de\u00a0transport\navec\u00a0chauffeur\u00a0;\u00a0\nVU\u00a0l'arr\u00eat\u00e9\u00a0minist\u00e9riel\u00a0du\u00a011\u00a0ao\u00fbt\u00a02017\u00a0relatif\u00a0\u00e0\u00a0la\u00a0formation\u00a0continue\u00a0des\u00a0conducteurs\u00a0de\u00a0taxi\u00a0et\u00a0des\nconducteurs\u00a0de\u00a0voiture\u00a0de\u00a0transport\u00a0avec\u00a0chauffeur\u00a0et\u00a0\u00e0\u00a0la\u00a0mobilit\u00e9\u00a0des\u00a0conducteurs\u00a0de\u00a0taxi\u00a0;\u00a0\nVU\u00a0l'arr\u00eat\u00e9\u00a0pr\u00e9fectoral\u00a0en\u00a0date\u00a0du\u00a027\u00a0f\u00e9vrier\u00a02025\u00a0portant\u00a0d\u00e9l\u00e9gation\u00a0\u00e0\u00a0M.\u00a0Yannick\u00a0SCALZOTTO,\u00a0Sous-\nPr\u00e9fet\u00a0de\u00a0BELLEY;\nVU\u00a0\u00a0l'arr\u00eat\u00e9\u00a0du\u00a0Pr\u00e9fet\u00a0de\u00a0l'AIN\u00a0du\u00a009\u00a0septembre\u00a02020\u00a0n\u00b0\u00a02020-121\u00a0portant\u00a0agr\u00e9ment\u00a0d'un\u00a0organisme\u00a0de\nformation\u00a0au\u00a0certificat\u00a0de\u00a0capacit\u00e9\u00a0professionnelle\u00a0de\u00a0conducteur\u00a0de\u00a0taxi\u00a0;\u00a0\nVu\u00a0la\u00a0demande\u00a0formul\u00e9e\u00a0par\u00a0M.\u00a0Farid\u00a0RAHALI,\u00a0pr\u00e9sident\u00a0de\u00a0l'association\u00a0d\u00e9nomm\u00e9e\u00a0\u00ab\u00a0Formation\nNationale\u00a0des\u00a0Taxis\u00a0Ind\u00e9pendants\u00bb,\u00a0sollicitant\u00a0le\u00a0renouvellement\u00a0de\u00a0l'agr\u00e9ment\u00a0susvis\u00e9\u00a0afin\u00a0de\u00a0r\u00e9aliser\u00a0la\nformation\u00a0initiale,\u00a0continue\u00a0et\u00a0mobilit\u00e9\u00a0des\u00a0conducteurs\u00a0de\u00a0taxi\u00a0;\u00a0\nConsid\u00e9rant\u00a0que\u00a0la\u00a0demande\u00a0est\u00a0conforme\u00a0\u00e0\u00a0la\u00a0r\u00e9glementation\u00a0en\u00a0vigueur\u00a0;\nSur\u00a0proposition\u00a0du\u00a0sous-pr\u00e9fet\u00a0de\u00a0Belley\u00a0;\u00a0\n-  A R R \u00ca T E  -\nArticle\u00a01er\u00a0:\u00a0L'association\u00a0d\u00e9nomm\u00e9e\u00a0\u00ab\u00a0Formation\u00a0Nationale\u00a0des\u00a0Taxis\u00a0Ind\u00e9pendants\u00a0\u00bb,\u00a0repr\u00e9sent\u00e9e\u00a0par\u00a0son\npr\u00e9sident\u00a0M.\u00a0Farid\u00a0RAHALI,\u00a0est\u00a0agr\u00e9\u00e9e\u00a0sous\u00a0le\u00a0num\u00e9ro 2015-01-001\u00a0pour\u00a0dispenser\u00a0\u00e0\u00a0Bourg\u00a0en\u00a0Bresse\u00a0dans\nles\u00a0locaux\u00a0de\u00a0l'AGLCA\u2013\u00a02\u00a0boulevard\u00a0Ir\u00e8ne\u00a0Joliot\u00a0Curie\u00a0la\u00a0pr\u00e9paration\u00a0au\u00a0certificat\u00a0de\u00a0capacit\u00e9\u00a0professionnelle\ndes\u00a0conducteurs\u00a0de\u00a0taxi,\u00a0leur\u00a0formation\u00a0continue\u00a0et\u00a0mobilit\u00e9;\nArticle\u00a02:Cet\u00a0agr\u00e9ment\u00a0est\u00a0d\u00e9livr\u00e9\u00a0pour\u00a0une\u00a0p\u00e9riode\u00a0de\u00a0cinq\u00a0ans\u00a0et\u00a0la\u00a0demande\u00a0de\u00a0renouvellement\u00a0doit\u00a0\u00eatre\nformul\u00e9e\u00a0trois\u00a0mois\u00a0avant\u00a0l'\u00e9ch\u00e9ance\u00a0du\u00a0pr\u00e9sent\u00a0agr\u00e9ment.\nArticle\u00a03\u00a0:\u00a0L'exploitant\u00a0est\u00a0tenu\u00a0:\n-\u00a0d'afficher\u00a0dans\u00a0ses\u00a0locaux,\u00a0de\u00a0mani\u00e8re\u00a0visible\u00a0\u00e0\u00a0tous,\u00a0le\u00a0num\u00e9ro\u00a0d'agr\u00e9ment,\u00a0les\u00a0conditions\u00a0financi\u00e8res\u00a0des\ncours,\u00a0le\u00a0programme\u00a0de\u00a0formation,\u00a0le\u00a0calendrier\u00a0et\u00a0les\u00a0horaires\u00a0des\u00a0enseignements\u00a0propos\u00e9s\u00a0aux\u00a0candidats\u00a0;\n-\u00a0d'adresser\u00a0au\u00a0pr\u00e9fet\u00a0un\u00a0rapport\u00a0annuel\u00a0sur\u00a0l'activit\u00e9\u00a0de\u00a0l'\u00e9tablissement\u00a0;\n24 rue des Barons \u2013 BP 149 \u2013 01306  BelleyCedex\nT\u00e9l\u00e9phone : 04 79 81 01 09 \n  Site internet : www.ain.gouv.fr  -  Twitter : @Prefet01\n01_Pref_Pr\u00e9fecture de l'Ain - 01-2025-09-22-00001 - Arr\u00eat\u00e9 n\u00b0 2025-68 portant agr\u00e9ment d'un organisme de formation habilit\u00e9 \u00e0\ndispenser la formation initiale, continue et mobilit\u00e9 des conducteurs de taxi 33\n-\u00a0d'informer\u00a0le\u00a0pr\u00e9fet\u00a0de\u00a0tout\u00a0changement\u00a0dans\u00a0les\u00a0indications\u00a0du\u00a0dossier\u00a0d\u00e9pos\u00e9\u00a0pour\u00a0l'obtention\u00a0du\u00a0pr\u00e9sent\nagr\u00e9ment.\nArticle\u00a04\u00a0:En\u00a0cas\u00a0d'inobservation\u00a0des\u00a0dispositions\u00a0de\u00a0l'arr\u00eat\u00e9\u00a0interminist\u00e9riel\u00a0du\u00a011\u00a0ao\u00fbt\u00a02017\u00a0relatif\u00a0aux\nconditions\u00a0d'agr\u00e9ment\u00a0des\u00a0organismes\u00a0de\u00a0formation\u00a0assurant\u00a0la\u00a0pr\u00e9paration\u00a0du\u00a0certificat\u00a0de\u00a0capacit\u00e9\nprofessionnelle\u00a0des\u00a0conducteurs\u00a0de\u00a0taxi,\u00a0leur\u00a0formation\u00a0continue\u00a0et\u00a0mobilit\u00e9\u00a0ou\u00a0de\u00a0mauvais\u00a0fonctionnement\u00a0de\nl'\u00e9tablissement\u00a0d\u00fbment\u00a0constat\u00e9,\u00a0le\u00a0pr\u00e9sent\u00a0agr\u00e9ment\u00a0peut\u00a0\u00eatre\u00a0retir\u00e9\u00a0\u00e0\u00a0titre\u00a0temporaire\u00a0ou\u00a0d\u00e9finitif\u00a0apr\u00e8s\u00a0avis\nde\u00a0la\u00a0commission\u00a0locale\u00a0des\u00a0Transports\u00a0Publics\u00a0Particuliers\u00a0de\u00a0personnes\u00a0de\u00a0l'Ain.\nArticle\u00a05\u00a0:\u00a0Le\u00a0sous-pr\u00e9fet\u00a0de\u00a0Belley\u00a0est\u00a0charg\u00e9\u00a0de\u00a0l'ex\u00e9cution\u00a0du\u00a0pr\u00e9sent\u00a0arr\u00eat\u00e9\u00a0qui\u00a0sera\u00a0publi\u00e9\u00a0au\u00a0recueil\u00a0des\nactes\u00a0administratifs\u00a0de\u00a0la\u00a0pr\u00e9fecture\u00a0de\u00a0l'Ain.\nBelley,\u00a0le\u00a022\u00a0ao\u00fbt\u00a02025\nLa\u00a0Pr\u00e9f\u00e8te\nPour\u00a0la\u00a0Pr\u00e9f\u00e8te\u00a0et\u00a0par\u00a0d\u00e9l\u00e9gation\nLe\u00a0Sous-Pr\u00e9fet\u00a0de\u00a0Belley\nSign\u00e9\u00a0:\u00a0Yannick\u00a0SCALZOTTO\n2\n01_Pref_Pr\u00e9fecture de l'Ain - 01-2025-09-22-00001 - Arr\u00eat\u00e9 n\u00b0 2025-68 portant agr\u00e9ment d'un organisme de formation habilit\u00e9 \u00e0\ndispenser la formation initiale, continue et mobilit\u00e9 des conducteurs de taxi 34\n84_DREAL_Direction r\u00e9gionale de\nl'environnement, de l'am\u00e9nagement et du\nlogement d'Auvergne-Rh\u00f4ne-Alpes\n01-2025-08-25-00007\nArr\u00eat\u00e9 portant d\u00e9rogation pour\u00a0capture suivie\nd'un rel\u00e2cher imm\u00e9diat sur place d'esp\u00e8ces\nanimales prot\u00e9g\u00e9es (amphibiens)\n84_DREAL_Direction r\u00e9gionale de l'environnement, de l'am\u00e9nagement et du logement d'Auvergne-Rh\u00f4ne-Alpes -\n01-2025-08-25-00007 - Arr\u00eat\u00e9 portant d\u00e9rogation pour\u00a0capture suivie d'un rel\u00e2cher imm\u00e9diat sur place d'esp\u00e8ces animales prot\u00e9g\u00e9es\n(amphibiens)\n35\nDirection r\u00e9gionale de l'environnement,\nde l'am\u00e9nagement et du logement\nAuvergne-Rh\u00f4ne-Alpes\nLyon, le 25 ao\u00fbt 2025\nArr\u00eat\u00e9 n\u00b001-2025-08-25-00007 \nportant d\u00e9rogation aux dispositions de l'article L.411-1 du code de l'environnement pour\u00a0: \ncapture suivie d'un rel\u00e2cher imm\u00e9diat sur place d'esp\u00e8ces animales prot\u00e9g\u00e9es\n(amphibiens)\nB\u00e9n\u00e9ficiaire\u00a0: Laboratoire d'\u00e9cologie des hydrosyst\u00e8mes naturels et anthropis\u00e9s (LEHNA)\nLa Pr\u00e9f\u00e8te de l'Ain,\nChevalier de la L\u00e9gion d'honneur,\nOfficier de l'ordre national du M\u00e9rite,\nVU le code de l'environnement, et notamment ses articles L.163-5, L.411-1, L.411-1A, L.411-2 et R.411-1 \u00e0\nR.411-14\u00a0;\nVU l'arr\u00eat\u00e9  interminist\u00e9riel  du  19  f\u00e9vrier  2007  modifi\u00e9  fixant  les  conditions  de  demande  et\nd'instruction des d\u00e9rogations d\u00e9finies au 4\u00b0 de l'article L. 411-2 du code de l'environnement portant\nsur les esp\u00e8ces de faune et de flore sauvages prot\u00e9g\u00e9es\u00a0;\nVU l'arr\u00eat\u00e9 interminist\u00e9riel du 18 d\u00e9cembre 2014 fixant les conditions et limites dans lesquelles des\nd\u00e9rogations \u00e0 l'interdiction de capture de sp\u00e9cimens d'esp\u00e8ces animales prot\u00e9g\u00e9es peuvent  \u00eatre\naccord\u00e9es par les pr\u00e9fets pour certaines op\u00e9rations pour lesquelles la capture est suivie d'un rel\u00e2cher\nimm\u00e9diat sur place ; \nVU l'arr\u00eat\u00e9 interminist\u00e9riel du 8 janvier 2021 fixant la liste des amphibiens et des reptiles repr\u00e9sent\u00e9s\nsur le territoire m\u00e9tropolitain prot\u00e9g\u00e9s sur l'ensemble du territoire national et les modalit\u00e9s de leur\nprotection\u00a0;\nVU l'arr\u00eat\u00e9 pr\u00e9fecto ral n\u00b001-2025-05-28-00001 du 28 mai 2025 portant d\u00e9l\u00e9gation de signature  \u00e0\nM.\u00a0Renaud DURAND, directeur r\u00e9gional par int\u00e9rim  de l'environnement, de l'am\u00e9nagement et du\nlogement Auvergne-Rh\u00f4ne-Alpes, dans le ressort du d\u00e9partement de l'Ain\u00a0;\nVU l'arr\u00eat\u00e9 pr\u00e9fectoral n\u00b0DREAL-SG-2025-47/01 du 02 juin 2025  portant subd\u00e9l\u00e9gation de signature\naux agents de la direction r\u00e9gionale de l'environnement, de l'am\u00e9nagement et du logement  (DREAL)\nAuvergne-Rh\u00f4ne-Alpes pour les comp\u00e9tences g\u00e9n\u00e9rales et techniques pour le d\u00e9partement de l'Ain\u00a0;\nVU les lignes directrices de la DREAL Auvergne-Rh\u00f4ne-Alpes du 30 octobre 2017 pr\u00e9cisant la nature\ndes d\u00e9cisions individuelles, notamment dans le cadre des d\u00e9rogations \u00e0 la protection des esp\u00e8ces,\nsoumises  ou  non  \u00e0  participation  du  public,  au  vu  de  leur  incidence  sur  la  protection  de\nl'environnement, dans l'ensemble des d\u00e9partements de la r\u00e9gion Auvergne-Rh\u00f4ne-Alpes\u00a0;\nVU  la demande  de d\u00e9rogation pou r la capture suivi e d'un rel\u00e2cher imm\u00e9diat sur place d'esp\u00e8ces\nanimales prot\u00e9g\u00e9es d\u00e9pos\u00e9e le 10 d\u00e9cembre 2024 par le  Laboratoire d'\u00e9cologie des hydrosyst\u00e8mes\nnaturels et anthropis\u00e9s (LEHNA)\u00a0;\nVU le projet d'arr\u00eat\u00e9 transmis le 27 juin 2025 au p\u00e9titionnaire, et sa r\u00e9ponse du m\u00eame jour\u00a0;\nAdresse postale : 69453 LYON CEDEX 06\nStandard : 04 26 28 60 00 - www.auvergne-rhone-alpes.developpement-durable.gouv.fr page 1/4\n84_DREAL_Direction r\u00e9gionale de l'environnement, de l'am\u00e9nagement et du logement d'Auvergne-Rh\u00f4ne-Alpes -\n01-2025-08-25-00007 - Arr\u00eat\u00e9 portant d\u00e9rogation pour\u00a0capture suivie d'un rel\u00e2cher imm\u00e9diat sur place d'esp\u00e8ces animales prot\u00e9g\u00e9es\n(amphibiens)\n36\nCONSID\u00c9RANT que la pr\u00e9sente demande est d\u00e9pos\u00e9e\u00a0:\n\u2022 pour permettre, dans des conditions strictement contr\u00f4l\u00e9es, d'une mani\u00e8re s\u00e9lective et dans\nune  mesure  limit\u00e9e,  la  prise  ou  la  d\u00e9tention  d'un  nombre  limit\u00e9  et  sp\u00e9cifi\u00e9  de  certains\nsp\u00e9cimens\u00a0;\n\u2022 \u00e0 des fins de recherche et d'\u00e9ducation\u00a0;\nCONSID\u00c9RANT qu'il n'existe pas d'autre solution satisfaisante\u00a0;\nCONSID\u00c9RANT que la d\u00e9rogation ne nuit pas au maintien, dans un \u00e9tat de conservation favorable,\ndes populations d'esp\u00e8ces prot\u00e9g\u00e9es concern\u00e9es dans leur aire de r\u00e9partition naturelle compte tenu\ndes prescriptions mises en \u0153uvre, telles que d\u00e9taill\u00e9es \u00e0 l'article 2 ci-apr\u00e8s\u00a0;\nCONSID\u00c9RANT que les personnes habilit\u00e9es disposent de la comp\u00e9tence pour la mise en \u0153uvre des\nop\u00e9rations consid\u00e9r\u00e9es\u00a0;\nSUR proposition du directeur  r\u00e9gional  par  int\u00e9rim  de l'Environnement, de l'Am\u00e9nagement  et du\nLogement de la r\u00e9gion Auvergne-Rh\u00f4ne-Alpes\u00a0;\nARR\u00caTE\nARTICLE 1\u00a0: B\u00e9n\u00e9ficiaire de l'autorisation et objet\u00a0 \nDans le cadre d'une \u00e9tude sur l'\u00e9tat de conservation g\u00e9n\u00e9tique et d\u00e9mographique des populations de\nSonneur  \u00e0  ventre  jaune ,  le  Laboratoire  d'\u00e9cologie  des  hydrosyst\u00e8mes  naturels  et  anthropis\u00e9s\n(LEHNA), dont le si\u00e8ge social est situ\u00e9 6 \u00a0rue Rapha\u00ebl Dubois \u00e0 VILLEURBANNE (69622), est autoris\u00e9 \u00e0\npratiquer, dans le cadre d\u00e9fini aux articles 2 et suivants du pr\u00e9sent arr\u00eat\u00e9\u00a0:\n\u2022 la capture suivie d'un rel\u00e2cher imm\u00e9diat sur place d'esp\u00e8ces animales prot\u00e9g\u00e9es\u00a0:\n> AMPHIBIENS\nSonneur \u00e0 ventre jaune (Bombina variegata) Ensemble des individus potentiellement \npr\u00e9sents dans le p\u00e9rim\u00e8tre d'\u00e9tude\nARTICLE 2\u00a0: Prescriptions techniques\n> Lieu d'intervention\u00a0: d\u00e9partement de l'Ain, \nsur les communes de Valromey-sur-S\u00e9ran et Valserh\u00f4ne, et les communes \nlimitrophes.\n> Protocole\u00a0:\nLe b\u00e9n\u00e9ficiaire est un \u00e9tablissement public ayant une activit\u00e9 de recherche et d'enseignement, et le\nprogramme scientifique dans le cadre duquel sont pratiqu\u00e9es les op\u00e9rations s'inscrit dans la strat\u00e9gie\nde recherche et d'enseignement de l'\u00e9tablissement.\nLes op\u00e9rations de capture sont strictement limit\u00e9es \u00e0 ce qui est n\u00e9cessaire pour atteindre l'objectif\nrecherch\u00e9.\nLe protocole d'inventaire permet de qualifier correctement le niveau des populations et l'importance\nde celles-ci au regard de l'\u00e9tat de conservation des esp\u00e8ces concern\u00e9es en tenant compte de leur\nbiologie et de leurs cycles biologiques.\n> Mo  dalit\u00e9s  \u00a0  :  \nLes modalit\u00e9s de capture sont les suivantes\u00a0:\n\u2022 les amphibiens sont captur\u00e9s manuellement ou \u00e0 l'aide d'une \u00e9puisette\u00a0;\nAdresse postale : 69453 LYON CEDEX 06\nStandard : 04 26 28 60 00 - www.auvergne-rhone-alpes.developpement-durable.gouv.fr page 2/4\n84_DREAL_Direction r\u00e9gionale de l'environnement, de l'am\u00e9nagement et du logement d'Auvergne-Rh\u00f4ne-Alpes -\n01-2025-08-25-00007 - Arr\u00eat\u00e9 portant d\u00e9rogation pour\u00a0capture suivie d'un rel\u00e2cher imm\u00e9diat sur place d'esp\u00e8ces animales prot\u00e9g\u00e9es\n(amphibiens)\n37\n\u2022 les captures et manipulations sont r\u00e9alis\u00e9es de jour, uniquement en cas de n\u00e9cessit\u00e9, sur des\ndur\u00e9es les plus courtes possible\u00a0;\n\u2022 les animaux captur\u00e9s sont manipul\u00e9s d\u00e9licatement, une photographie de leur face ventrale est\nr\u00e9alis\u00e9e puis ils sont rel\u00e2ch\u00e9s imm\u00e9diatement apr\u00e8s identification sur le lieu de capture\u00a0;\n\u2022 aucune manipulation d'\u0153ufs n'est effectu\u00e9e\u00a0;\n\u2022 les filets et \u00e9puisettes sont v\u00e9rifi\u00e9s, avant chaque utilisation, afin qu'ils ne comportent aucun\n\u00e9l\u00e9ment pouvant blesser les individus\u00a0;\n\u2022 les animaux ne sont pas captur\u00e9s en phase de copulation ou de ponte\u00a0;\n\u2022 les captures sont r\u00e9alis\u00e9es selon des modalit\u00e9s et \u00e0 l'aide de moyens n'occasionnant aucune\nblessure ni mutilation aux animaux captur\u00e9s\u00a0;\n\u2022 afin de limiter  la diss\u00e9mination de chytridiomycose et  d'autres maladies (ranaviroses),  les\nprescriptions du protocole d'hygi\u00e8ne pour le contr\u00f4le des maladies des amphibiens dans la\nnature \u00e0 destination des op\u00e9rateurs de terrain1\n, sont scrupuleusement respect\u00e9es.\nLa  pression  d'inventaire  maximale  annuelle  est  \u00e9valu\u00e9e  \u00e0  3 \u00a0jours  de  terrain,  avec  l'intervention\npossible de deux personnes proc\u00e9dant simultan\u00e9ment aux op\u00e9rations.\nARTICLE 3\u00a0: Personnes habilit\u00e9es\u00a0\nLes personnes habilit\u00e9es pour r\u00e9aliser les op\u00e9rations sont, au sein du LEHNA\u00a0: \n\u2022 Jean-Paul L\u00c9NA, ma\u00eetre de conf\u00e9rences , titulaire d'un doctorat en \u00e9cologie, d'une habilitation\nanimale de niveau 1 et d'un certificat de capacit\u00e9 d'\u00e9levage amphibiens-reptiles-poisson\u00a0;\n\u2022 Benjamin MONOD-BROCA ,  jusqu'\u00e0 l'obtention de son  doctorat  en  \u00e9cologie, titulaire d'un\ndipl\u00f4me d'ing\u00e9nieur et d'un master Biodiversit\u00e9, \u00c9cologie et \u00e9volution.\nLes personnes habilit\u00e9es peuvent \u00eatre accompagn\u00e9es de stagiaires sp\u00e9cifiquement form\u00e9s avant le\nd\u00e9but des op\u00e9rations, op\u00e9rant sous leur contr\u00f4le direct et sous leur responsabilit\u00e9.\nLes personnes habilit\u00e9es et les stagiaires \u00e9ventuels sont porteurs de la pr\u00e9sente autorisation lors des\nop\u00e9rations vis\u00e9es, et sont tenus de la pr\u00e9senter \u00e0 toute demande des agents commissionn\u00e9s au titre\nde l'environnement.\nPour tenir compte des mouvements de personnel,  le LEHNA  doit communiquer annuellement \u00e0 la\nDREAL Auvergne-Rh\u00f4ne-Alpes (service Eau, Hydro\u00e9lectricit\u00e9 et Nature / p\u00f4le Pr\u00e9servation des milieux\net des esp\u00e8ces - pme.ehn.dreal-ara@developpement-durable.gouv.fr ), avant le 30 septembre, la liste\ndes personnels charg\u00e9s de la mise en \u0153uvre de la pr\u00e9sente autorisation.\nARTICLE 4\u00a0: Dur\u00e9e de validit\u00e9 de l'autorisation\nCette autorisation est valable jusqu'au 31 d\u00e9cembre 2028.\nARTICLE 5\u00a0: Mise \u00e0 disposition des donn\u00e9es\nLe b\u00e9n\u00e9ficiaire met ses donn\u00e9es d'observation d'esp\u00e8ces \u00e0 disposition de la DREAL Auvergne-Rh\u00f4ne-\nAlpes  dans  les  conditions  d\u00e9finies  par  le  syst\u00e8me  d'information  sur  la  nature  et  les  paysages,\nnotamment en ce qui concerne les r\u00e8gles de d\u00e9p\u00f4t, de format de donn\u00e9es et de fichiers applicables\naux  m\u00e9tadonn\u00e9es  et  donn\u00e9es  \u00e9l\u00e9mentaire  d'\u00e9change  relatives  aux  occurrences  d'observation\nd'esp\u00e8ces.\nLe b\u00e9n\u00e9ficiaire adresse \u00e0 la DREAL Auvergne-Rh\u00f4ne-Alpes (service EHN / p\u00f4le PME - pme.ehn.dreal-\nara@developpement-durable.gouv.fr),  chaque ann\u00e9e  avant  le 31 mars  un rapport sur  la mise en\n\u0153uvre de la d\u00e9rogation au cours de l'ann\u00e9e pr\u00e9c\u00e9dente. Ce rapport comprend a minima\u00a0:\n1 Miaud C., 2014 - Protocole d'hygi\u00e8ne pour le contr\u00f4le des maladies des amphibiens dans la nature \u00e0 destination des op\u00e9rateurs de terrain.\nAgence de l'eau Rh\u00f4ne-M\u00e9diterran\u00e9e Corse, Universit\u00e9 de Savoie et \u00c9cole pratique des Hautes \u00c9tudes (eds), 7 p.\nAdresse postale : 69453 LYON CEDEX 06\nStandard : 04 26 28 60 00 - www.auvergne-rhone-alpes.developpement-durable.gouv.fr page 3/4\n84_DREAL_Direction r\u00e9gionale de l'environnement, de l'am\u00e9nagement et du logement d'Auvergne-Rh\u00f4ne-Alpes -\n01-2025-08-25-00007 - Arr\u00eat\u00e9 portant d\u00e9rogation pour\u00a0capture suivie d'un rel\u00e2cher imm\u00e9diat sur place d'esp\u00e8ces animales prot\u00e9g\u00e9es\n(amphibiens)\n38\n\u2022 le nombre d'op\u00e9rations conduites sous couvert de la d\u00e9rogation ;\n\u2022 les dates et les lieux par commune des op\u00e9rations ;\n\u2022 les esp\u00e8ces ou groupes d'esp\u00e8ces dont la pr\u00e9sence a \u00e9t\u00e9 identifi\u00e9e ;\n\u2022 le  nombre  de  sp\u00e9cimens  captur\u00e9s  de  chaque  esp\u00e8ce,  le  sexe  lorsque  ce  dernier  est\nd\u00e9terminable et les lieux de capture-rel\u00e2cher\u00a0;\n\u2022 le nombre d'animaux morts au cours des op\u00e9rations ;\n\u2022 le nombre d'animaux non vis\u00e9s dans la d\u00e9rogation et n\u00e9anmoins pris dans les mat\u00e9riels de\ncapture au cours des op\u00e9rations.\nARTICLE 6\u00a0: Contr\u00f4les\nLa mise en \u0153uvre des prescriptions du pr\u00e9sent arr\u00eat\u00e9 peut faire l'objet de contr\u00f4les par les agents\nhabilit\u00e9s.\nARTICLE 7\u00a0: Sanctions\nLe  non-respect  des  prescriptions  du  pr\u00e9sent  arr\u00eat\u00e9  est  passible  des  sanctions  pr\u00e9vues  pour  les\ninfractions  p\u00e9nales  d\u00e9finies  et  r\u00e9prim\u00e9es  par  les  articles  L.415-3  et  R.415-1  du  code  de\nl'environnement.\nARTICLE 8\u00a0: Autres l\u00e9gislations et r\u00e9glementations\nLa pr\u00e9sente d\u00e9cision ne dispense pas de l'obtention d'autres accords ou autorisations par ailleurs\nn\u00e9cessaires pour la r\u00e9alisation de l'op\u00e9ration susmentionn\u00e9e et du respect des autres dispositions\nl\u00e9gislatives et r\u00e9glementaires susceptibles d'\u00eatre applicables sur les espaces prot\u00e9g\u00e9s du territoire\nd'\u00e9tude.\nARTICLE 9\u00a0: Voies et d\u00e9lais de recours \nLa pr\u00e9sente d\u00e9cision peut faire l'objet d'un recours dans les deux mois qui suivent sa  publication ou\nsa notification\u00a0:\n\u2022 par la voie d'un recours administratif. L'absence de r\u00e9ponse dans le d\u00e9lai de deux mois fait\nna\u00eetre une d\u00e9cision implicite de rejet, qui peut elle-m\u00eame faire l'objet d'un recours devant le\ntribunal administratif comp\u00e9tent,\n\u2022 par la voie d'un recours contentieux devant le tribunal administratif comp\u00e9tent,\n\u2022 par l'application T\u00e9l\u00e9recours citoyens accessible via le site internet www.telerecours.fr.\nARTICLE 10  \u00a0  :   Ex\u00e9cution   \nM. le directeur r\u00e9gional de l'environnement, de l'am\u00e9nagement et du logement Auvergne-Rh\u00f4ne-Alpes,\nM. le chef du service d\u00e9partemental de l'Office fran\u00e7ais de la biodiversit\u00e9,\nsont charg\u00e9s, chacun en ce qui le concerne, de l'ex\u00e9cution du pr\u00e9sent arr\u00eat\u00e9 qui sera notifi\u00e9 au\nb\u00e9n\u00e9ficiaire et publi\u00e9 au recueil des actes administratifs de la pr\u00e9fecture de l'Ain.\nPour la Pr\u00e9f\u00e8te et par d\u00e9l\u00e9gation,\n          La cheffe de service d\u00e9l\u00e9gu\u00e9e\n          Eau, Hydro\u00e9lectricit\u00e9 et Nature\n          SIGNE\n          Laurence DAYET\nAdresse postale : 69453 LYON CEDEX 06\nStandard : 04 26 28 60 00 - www.auvergne-rhone-alpes.developpement-durable.gouv.fr page 4/4\n84_DREAL_Direction r\u00e9gionale de l'environnement, de l'am\u00e9nagement et du logement d'Auvergne-Rh\u00f4ne-Alpes -\n01-2025-08-25-00007 - Arr\u00eat\u00e9 portant d\u00e9rogation pour\u00a0capture suivie d'un rel\u00e2cher imm\u00e9diat sur place d'esp\u00e8ces animales prot\u00e9g\u00e9es\n(amphibiens)\n39\n84_DREAL_Direction r\u00e9gionale de\nl'environnement, de l'am\u00e9nagement et du\nlogement d'Auvergne-Rh\u00f4ne-Alpes\n01-2025-08-28-00001\nArr\u00eat\u00e9 portant d\u00e9rogation pour\u00a0capture,\nperturbation intentionnelle, rel\u00e2cher imm\u00e9diat\nsur place et transport d'esp\u00e8ce animale prot\u00e9g\u00e9e\n(Loup gris) et transport, d\u00e9tention, utilisation et\ndestruction de mat\u00e9riel biologique\n84_DREAL_Direction r\u00e9gionale de l'environnement, de l'am\u00e9nagement et du logement d'Auvergne-Rh\u00f4ne-Alpes - 01-2025-08-28-00001\n- Arr\u00eat\u00e9 portant d\u00e9rogation pour\u00a0capture, perturbation intentionnelle, rel\u00e2cher imm\u00e9diat sur place et transport d'esp\u00e8ce animale\nprot\u00e9g\u00e9e (Loup gris) et transport, d\u00e9tention, utilisation et destruction de mat\u00e9riel biologique\n40\nDirection r\u00e9gionale de l'environnement,\nde l'am\u00e9nagement et du logement\nAuvergne-Rh\u00f4ne-Alpes\nLyon, le 28 ao\u00fbt 2025\nArr\u00eat\u00e9 n\u00b001-2025-08-28-00001\nportant d\u00e9rogation aux dispositions de l'article L.411-1 du code de l'environnement pour\u00a0: \ncapture, perturbation intentionnelle, rel\u00e2cher imm\u00e9diat sur place et transport d'esp\u00e8ce animale\nprot\u00e9g\u00e9e (Loup gris \u2013 Canis lupus)\net transport, d\u00e9tention, utilisation et destruction de mat\u00e9riel biologique d'esp\u00e8ce animale prot\u00e9g\u00e9e\n(Loup gris - Canis lupus)\nB\u00e9n\u00e9ficiaire\u00a0: R\u00e9serve naturelle nationale de la Haute Cha\u00eene du Jura (RNNHCJ)\nLa Pr\u00e9f\u00e8te de l'Ain,\nChevalier de la L\u00e9gion d'honneur,\nOfficier de l'ordre national du M\u00e9rite,\nVU le code de l'environnement, et notamment ses articles L.163-5, L.411-1, L.411-1A, L.411-2 et R.411-1 \u00e0\nR.411-14\u00a0;\nVU l'arr\u00eat\u00e9  interminist\u00e9riel  du  19  f\u00e9vrier  2007  modifi\u00e9  fixant  les  conditions  de  demande  et\nd'instruction des d\u00e9rogations d\u00e9finies au 4\u00b0 de l'article L. 411-2 du code de l'environnement portant\nsur les esp\u00e8ces de faune et de flore sauvages prot\u00e9g\u00e9es\u00a0;\nVU l'arr\u00eat\u00e9 interminist\u00e9riel du 23 avril 2007 modifi\u00e9 fixant la liste des mammif\u00e8res terrestres prot\u00e9g\u00e9s\nsur l'ensemble du territoire et les modalit\u00e9s de leur protection\u00a0;\nVU l'arr\u00eat\u00e9 pr\u00e9fecto ral n\u00b001-2025-05-28-00001 du 28 mai 2025 portant d\u00e9l\u00e9gation de signature \u00e0\nM.\u00a0Renaud  DURAND, directeur r\u00e9gional  par int\u00e9rim  de l'environnement, de l'am\u00e9nagement et du\nlogement Auvergne-Rh\u00f4ne-Alpes, dans le ressort du d\u00e9partement de l'Ain\u00a0;\nVU l'arr\u00eat\u00e9 pr\u00e9fectoral n\u00b0DREAL-SG-2025-47/01 du 02 juin 2025  portant subd\u00e9l\u00e9gation de signature\naux agents de la direction r\u00e9gionale de l'environnement, de l'am\u00e9nagement et du logement  (DREAL)\nAuvergne-Rh\u00f4ne-Alpes pour les comp\u00e9tences g\u00e9n\u00e9rales et techniques pour le d\u00e9partement de l'Ain\u00a0;\nVU les  lignes  directrices  de  la  direction  r\u00e9gionale  de  l'environnement,  de  l'am\u00e9nagement  et  du\nlogement  (DREAL)  Auvergne-Rh\u00f4ne-Alpes  du  30\u00a0octobre  2017  pr\u00e9cisant  la  nature  des  d\u00e9cisions\nindividuelles, notamment dans le cadre des d\u00e9rogations \u00e0 la protection des esp\u00e8ces, soumises ou non\n\u00e0  participation  du  public,  au  vu  de  leur  incidence  sur  la  protection  de  l'environnement,  dans\nl'ensemble des d\u00e9partements de la r\u00e9gion Auvergne-Rh\u00f4ne-Alpes\u00a0;\nVU le plan national d'actions (PNA) Loup et activit\u00e9s d'\u00e9levage 2024-2029\u00a0;\nVU la demande de d\u00e9rogation pour capture, perturbation intentionnelle, rel\u00e2cher imm\u00e9diat sur place,\ntransport d'esp\u00e8ce animale prot\u00e9g\u00e9e (Loup gris \u2013  Canis lupus) et  transport, d\u00e9tention, utilisation et\ndestruction de mat\u00e9riel biologique d'esp\u00e8ce animale prot\u00e9g\u00e9e (Loup gris - Canis lupus), d\u00e9pos\u00e9e par la\nR\u00e9serve naturelle nationale de la Haute Cha\u00eene du Jura (RNNHCJ) le 24 janvier 2025\u00a0;\nVU l'avis favorable du Conseil scientifique du PNA Loup et activit\u00e9s d'\u00e9levage du 08 f\u00e9vrier 2024\u00a0;\nAdresse postale : 69453 LYON CEDEX 06\nStandard : 04 26 28 60 00 - www.auvergne-rhone-alpes.developpement-durable.gouv.fr page 1/8\n84_DREAL_Direction r\u00e9gionale de l'environnement, de l'am\u00e9nagement et du logement d'Auvergne-Rh\u00f4ne-Alpes - 01-2025-08-28-00001\n- Arr\u00eat\u00e9 portant d\u00e9rogation pour\u00a0capture, perturbation intentionnelle, rel\u00e2cher imm\u00e9diat sur place et transport d'esp\u00e8ce animale\nprot\u00e9g\u00e9e (Loup gris) et transport, d\u00e9tention, utilisation et destruction de mat\u00e9riel biologique\n41\nVU l'avis favorable de la mission Loup de la DREAL Auvergne-Rh\u00f4ne-Alpes, coordinatrice du PNA Loup\net activit\u00e9s d'\u00e9levage, en date du 27 janvier 2025\u00a0;\nVU l'avis favorable du Conseil scientifique r\u00e9gional du Patrimoine naturel (CSRPN) d'Auvergne-Rh\u00f4ne-\nAlpes du 03 juin 2025\u00a0;\nVU le projet d'arr\u00eat\u00e9 transmis le 22 juillet 2025 au p\u00e9titionnaire, et sa r\u00e9ponse du m\u00eame jour\u00a0;\nCONSID\u00c9RANT l'absence d'observation du public \u00e0 l'issue de la mise en \u0153uvre  de la proc\u00e9dure de\nparticipation du public par le biais de la mise en ligne sur le site Internet de la DREAL Auvergne-\nRh\u00f4ne-Alpes de la demande du 12 au 27 juin 2025 inclus\u00a0;\nCONSID\u00c9RANT que la pr\u00e9sente demande est d\u00e9pos\u00e9e\u00a0:\n\u2022 \u00e0 des fins de recherche et d'\u00e9ducation\u00a0;\n\u2022 pour permettre, dans des conditions strictement contr\u00f4l\u00e9es, d'une mani\u00e8re s\u00e9lective et dans\nune  mesure  limit\u00e9e,  la  prise  ou  la  d\u00e9tention  d'un  nombre  limit\u00e9  et  sp\u00e9cifi\u00e9  de  certains\nsp\u00e9cimens\u00a0;\nCONSID\u00c9RANT que cette demande s'inscrit dans le cadre de l 'appel \u00e0 projets \u00ab \u00a0exp\u00e9rimentation et\nrecherche\u00a0\u00bb du PNA Loup et activit\u00e9s d'\u00e9levage 2024-2029\u00a0;\nCONSID\u00c9RANT que  ces  op\u00e9rations  sont  destin\u00e9es  \u00e0  conna\u00eetre,  comprendre  et  anticiper  les\ncomportements  des sp\u00e9cimens de Loup gris ( Canis lupus ) sur le territoire de la  r\u00e9serve naturelle\nnationale de la Haute Cha\u00eene du Jura gr\u00e2ce \u00e0 la technologie \"biologging\", permettant d '\u00e9tudier le\ncomportement spatial d'une meute de loups\u00a0;\nCONSID\u00c9RANT qu'il n'existe pas de solution alternative satisfaisante au pr\u00e9sent projet autre que la\ncapture, la perturbation intentionnelle et le rel\u00e2cher imm\u00e9diat sur place de sp\u00e9cimens de Loup gris\n(Canis lupus)\u00a0;\nCONSID\u00c9RANT que la d\u00e9rogation ne nuit pas au maintien, dans un \u00e9tat de conservation favorable,\ndes populations de Loup gris ( Canis lupus ) dans son aire de r\u00e9partition naturelle compte tenu des\nprescriptions mises en \u0153uvre, telles que d\u00e9taill\u00e9es \u00e0 l'article 2 ci-apr\u00e8s\u00a0;\nCONSID\u00c9RANT que les personnes habilit\u00e9es disposent de la comp\u00e9tence pour la mise en \u0153uvre des\nop\u00e9rations consid\u00e9r\u00e9es\u00a0;\nSUR proposition du dire cteur r\u00e9gional  par  int\u00e9rim  de l'Environnement,  de l'Am\u00e9nagement  et du\nLogement de la r\u00e9gion Auvergne-Rh\u00f4ne-Alpes\u00a0;\nARR\u00caTE\nARTICLE 1\u00a0: B\u00e9n\u00e9ficiaire de l'autorisation et objet\u00a0 \nDans le cadre  de l 'appel \u00e0 projets \u00ab \u00a0exp\u00e9rimentation et recherche \u00a0\u00bb du Plan national d 'actions (PNA)\nLoup et activit\u00e9s d '\u00e9levage 2024-2029 ,  la  R\u00e9serve naturelle nationale de la Haute Cha\u00eene du Jura\n(RNNHCJ), dont le si\u00e8ge social est situ\u00e9 135 rue de Gen\u00e8ve \u00e0 GEX (01170), est autoris\u00e9e \u00e0 pratiquer,\ndans le cadre d\u00e9fini aux articles 2 et suivants du pr\u00e9sent arr\u00eat\u00e9\u00a0:\n\u2022 la  capture,  la  perturbation  intentionnelle,  le  rel\u00e2cher  imm\u00e9diat  sur  place  et  le  transport\nd'esp\u00e8ce animale prot\u00e9g\u00e9e\u00a0:\n> MAMMIF\u00c8RES\nLoup gris (Canis lupus) 8 sp\u00e9cimens maximum\nAdresse postale : 69453 LYON CEDEX 06\nStandard : 04 26 28 60 00 - www.auvergne-rhone-alpes.developpement-durable.gouv.fr page 2/8\n84_DREAL_Direction r\u00e9gionale de l'environnement, de l'am\u00e9nagement et du logement d'Auvergne-Rh\u00f4ne-Alpes - 01-2025-08-28-00001\n- Arr\u00eat\u00e9 portant d\u00e9rogation pour\u00a0capture, perturbation intentionnelle, rel\u00e2cher imm\u00e9diat sur place et transport d'esp\u00e8ce animale\nprot\u00e9g\u00e9e (Loup gris) et transport, d\u00e9tention, utilisation et destruction de mat\u00e9riel biologique\n42\n\u2022 le pr\u00e9l\u00e8vement, le transport, l'utilisation, la d\u00e9tention et la destruction de  mat\u00e9riel biologique\nd'esp\u00e8ces animales prot\u00e9g\u00e9es :\n> MAMMIF\u00c8RES\nLoup gris (Canis lupus) \u00c9chantillons de sang, collecte de poils et de salive\nARTICLE 2\u00a0: Prescriptions techniques\nLieu d'intervention\u00a0: d\u00e9partement de l'Ain, sur les communes de Divonne, Gex, Mijoux, Vesancy  et\nles communes limitrophes.\nProtocole\u00a0:\nLes op\u00e9rations de capture et de perturbation intentionnelle sont strictement limit\u00e9es \u00e0 ce qui est\nn\u00e9cessaire pour atteindre l'objectif recherch\u00e9.\nARTICLE 2.1\u00a0: Modalit\u00e9s de capture et d'anesth\u00e9sie\n> Capture des individus  \u00a0  :  \n\u2022 les pi\u00e8ges sont activ\u00e9s uniquement pendant les nuits de capture, et d\u00e9sactiv\u00e9s en dehors de\nces p\u00e9riodes\u00a0;\n\u2022 toutes les lignes de pi\u00e9geage ne sont pas activ\u00e9es en m\u00eame temps pour limiter au maximum le\ntemps d'intervention (30 minutes maximum)\u00a0;\n\u2022 les sessions de capture sont organis\u00e9es sur la p\u00e9riode du 1er septembre au 30 avril (pour \u00e9viter\nla p\u00e9riode de mise bas et d'\u00e9levage des louveteaux), dans le respect du bien-\u00eatre des animaux,\nen dehors des p\u00e9riodes de couverture neigeuse et en op\u00e9rant \u00e0 une temp\u00e9rature ambiante de\n-\u00a05\u00a0\u00b0C \u00e0 25\u00a0\u00b0C\u00a0; \n\u2022 capture de 8 sp\u00e9cimens maximum de Loup gris\u00a0;\n\u2022 intervention de 4 personnes form\u00e9es lors des op\u00e9rations de capture et de manipulation d'un\nanimal, dont un v\u00e9t\u00e9rinaire sp\u00e9cialis\u00e9\u00a0;\n\u2022 captures r\u00e9alis\u00e9es selon deux techniques :\n- en priorit\u00e9 par immobilisation m\u00e9canique, sur des itin\u00e9raires emprunt\u00e9s r\u00e9guli\u00e8rement par\nles loups, \u00e0 l'aide de\u00a0:\n\u25e6 pi\u00e8ges \u00e0 lacet   (conformes \u00e0 la l\u00e9gislation europ\u00e9enne \u00a0: pi\u00e8ge Fremont Hog Foot Snare\nou pi\u00e8ge Belisle 8'' Loup),\n\u25e6 pi\u00e8ges \u00e0   m\u00e2choires     \u00ab  \u00a0  soft catch  \u00a0  \u00bb   (pi\u00e8ge Victor soft catch 3 ou pi\u00e8ge \u00e0 prise EZ Grip -\nLivestock Protection Company).\nCette  m\u00e9thodologie  de  capture  comprend  une  phase  d'immobilisation  sur  l'un  des\nmembres de l'animal suivie d'une phase d'induction de l'anesth\u00e9sie. Chaque pi\u00e8ge mis\n\u0153uvre est \u00e9quip\u00e9 d'un syst\u00e8me d'alarme permettant de pr\u00e9venir les op\u00e9rateurs  qu'un\nanimal a \u00e9t\u00e9 captur\u00e9 et d'intervenir dans un d\u00e9lai de 15 minutes maximum.\n- possiblement  par  t\u00e9l\u00e9anesth\u00e9sie avec  aff\u00fbts  sur  carcasses  d'ongul\u00e9s  d\u00e9tect\u00e9es  sur  le\nterritoire d'\u00e9tude.\nUn fusil aliment\u00e9 au CO2 ou une sarbacane peuvent \u00eatre utilis\u00e9s pour la t\u00e9l\u00e9anesth\u00e9sie. Les\nfl\u00e9chettes sont munies d 'un syst\u00e8me \u00e9metteur VHF (Very High Frequency \u2013 fr\u00e9quences\ntr\u00e8s \u00e9lev\u00e9es) pour retrouver le sp\u00e9cimen toutes circonstances.\nLes tirs s'effectuent \u00e0 une distance de 25 m\u00e8tres maximum.\nAdresse postale : 69453 LYON CEDEX 06\nStandard : 04 26 28 60 00 - www.auvergne-rhone-alpes.developpement-durable.gouv.fr page 3/8\n84_DREAL_Direction r\u00e9gionale de l'environnement, de l'am\u00e9nagement et du logement d'Auvergne-Rh\u00f4ne-Alpes - 01-2025-08-28-00001\n- Arr\u00eat\u00e9 portant d\u00e9rogation pour\u00a0capture, perturbation intentionnelle, rel\u00e2cher imm\u00e9diat sur place et transport d'esp\u00e8ce animale\nprot\u00e9g\u00e9e (Loup gris) et transport, d\u00e9tention, utilisation et destruction de mat\u00e9riel biologique\n43\n> Anesth\u00e9sie des individus  \u00a0  :  \n\u2022 L'individu captur\u00e9 est  ensuite anesth\u00e9si\u00e9 par injection de produit pharmaceutique au niveau\nde la cuisse, \u00e0 l 'aide d'une fl\u00e9chette projet\u00e9e par une sarbacane. Cette op\u00e9ration est r\u00e9alis\u00e9e\nsous la supervision du v\u00e9t\u00e9rinaire pr\u00e9sent lors des captures\u00a0;\n\u2022 sur les jeunes animaux de moins d'un an, l'immobilisation m\u00e9canique \u00e0 l'aide d'une perche en\nY et lasso de capture peut \u00eatre utilis\u00e9e pour une injection directe de l'anesth\u00e9sie\u00a0;\n\u2022 \u00e0 la fin des manipulations et de l '\u00e9quipement de l 'individu, un produit antagoniste est utilis\u00e9\npour le r\u00e9veiller.\nARTICLE 2.2\u00a0: M\u00e9thode de marquage et de manipulations post-capture\nPendant la p\u00e9riode d 'anesth\u00e9sie, des mesures biom\u00e9triques, des prises de sang, et la pose de collier\nGPS sont r\u00e9alis\u00e9es dans un d\u00e9lai optimal de 45 minutes et dans la limite de 2\u00a0heures, puis l'animal est\nrel\u00e2ch\u00e9 sur le site de capture et surveill\u00e9 \u00e0 distance jusqu'\u00e0 son r\u00e9veil complet.\n\u2022 \u00c9quipement en collier GPS/VHV\u00a0:\n\u25e6 le sp\u00e9cimen captur\u00e9 est \u00e9quip\u00e9 d 'un collier GPS pesant entre 700 et 850 grammes en\nfonction du gabarit de l'individu, pour ne pas le limiter dans ses d\u00e9placements\u00a0;\n\u25e6 le collier, grav\u00e9 du num\u00e9ro d'identification du sp\u00e9cimen captur\u00e9, est \u00e9quip\u00e9 d'un Drop Off\npour \u00eatre r\u00e9cup\u00e9r\u00e9 de mani\u00e8re non invasive (d\u00e9tachement automatique du collier au bout\nde deux ans maximum). En cas de panne du Drop Off, le collier se d\u00e9tache de lui-m\u00eame\npar la corrosion du syst\u00e8me d'attache.\n\u2022 Pose de boucles auriculaires\u00a0:\n\u25e6 des boucles auriculaires \u00e0 identifiant unique, pesant quelques grammes, sont utilis\u00e9es pour\nidentifier chaque individu captur\u00e9 et continuer \u00e0 l 'identifier par cam\u00e9ra automatique en\ncas de  d\u00e9faillance du collier GPS ou  apr\u00e8s le drop-off du collier, ou pour identifier les\nindividus trop l\u00e9gers pour \u00eatre \u00e9quip\u00e9s de colliers GPS.\n\u2022 Prise d'\u00e9chantillons\u00a0:\n\u25e6 des pr\u00e9l\u00e8vements de sang , de salive par frottis buccal  sont r\u00e9alis\u00e9s pour des analyses\ng\u00e9n\u00e9tiques et sanitaires.\nARTICLE 2.3\u00a0: Pr\u00e9vention et surveillance du stress de l'animal lors de la capture et de la manipulation\nLes pr\u00e9cautions suivantes sont prises pour pr\u00e9venir le stress des animaux\u00a0:\n\u2022 op\u00e9rations r\u00e9alis\u00e9es dans le silence\u00a0;\n\u2022 manipulations effectu\u00e9es sur des dur\u00e9es les plus courtes possibles\u00a0;\n\u2022 masque pos\u00e9 sur les yeux du loup pour le calmer\u00a0;\n\u2022 pattes  du  loup  attach\u00e9es  avec  une  sangle  ou  des  entravons,  pour  \u00e9viter  tout  risque  de\nmouvement important et de fuite de l'animal\u00a0;\n\u2022 loup positionn\u00e9 dans le sens de la pente (haut du corps en haut de pente)\u00a0;\n\u2022 si l'animal se situe dans un endroit dangereux, il est d\u00e9plac\u00e9 de fa\u00e7on \u00e0 s\u00e9curiser la zone des\nop\u00e9rations\u00a0;\n\u2022 si le loup est \u00e9veill\u00e9, l 'op\u00e9rateur  se positionne au maximum hors de son champ de vision,\nderri\u00e8re l'animal, pour limiter son stress\u00a0;\n\u2022 le  nombre  d'op\u00e9rateurs  est  limit\u00e9  (4  op\u00e9rateurs  par  animal  dont  1  coordonnateur  de\nl'op\u00e9ration et un v\u00e9t\u00e9rinaire)\u00a0;\n\u2022 une  surveillance  clinique  de  la  temp\u00e9rature  corporelle  et  de  la  fr\u00e9quence  cardiaque  des\nsp\u00e9cimens est r\u00e9alis\u00e9e par l'\u00e9quipe en place sur le terrain, sous la supervision du v\u00e9t\u00e9rinaire.\nAdresse postale : 69453 LYON CEDEX 06\nStandard : 04 26 28 60 00 - www.auvergne-rhone-alpes.developpement-durable.gouv.fr page 4/8\n84_DREAL_Direction r\u00e9gionale de l'environnement, de l'am\u00e9nagement et du logement d'Auvergne-Rh\u00f4ne-Alpes - 01-2025-08-28-00001\n- Arr\u00eat\u00e9 portant d\u00e9rogation pour\u00a0capture, perturbation intentionnelle, rel\u00e2cher imm\u00e9diat sur place et transport d'esp\u00e8ce animale\nprot\u00e9g\u00e9e (Loup gris) et transport, d\u00e9tention, utilisation et destruction de mat\u00e9riel biologique\n44\nARTICLE 2.4\u00a0: Protocole de rel\u00e2cher de l'animal, de surveillance post-rel\u00e2cher et de suivi\n\u00c0 l'issue des manipulations, effectu\u00e9es sur une dur\u00e9e de 45 minutes\u00a0:\n\u2022 le loup est d\u00e9sentrav\u00e9 et l'antidote inject\u00e9 par voie intra-musculaire\u00a0;\n\u2022 l'animal est plac\u00e9 dans une cage en m\u00e9tal ferm\u00e9e et reste sous observation du v\u00e9t\u00e9rinaire,\navec  une  attention  particuli\u00e8re  portant  sur  la  fr\u00e9quence  et  l'amplitude  des  mouvements\nrespiratoires et l'\u00e9tat sensoriel\u00a0;\n\u2022 lors du r\u00e9veil, le bon \u00e9tat de sant\u00e9 de l'individu est v\u00e9rifi\u00e9 et, le cas \u00e9ch\u00e9ant, la cage est\nouverte pour lui permettre de s'enfuir\u00a0;\n\u2022 si le rel\u00e2ch\u00e9 ne peut s'effectuer sur le lieu de capture dans des conditions satisfaisantes (faible\nvisibilit\u00e9, forte pente), il est effectu\u00e9 sur un site \u00e0 proximit\u00e9 imm\u00e9diate (dans un rayon de\n200\u00a0m\u00e8tres). \nARTICLE 2.5\u00a0: Gestion des incidents-accidents lors des op\u00e9rations\nEn cas de blessures l\u00e9g\u00e8res (plaie superficielle par exemple), sur avis du v\u00e9t\u00e9rinaire pr\u00e9sent, des soins\nsont prodigu\u00e9s sur place avant de rel\u00e2cher l'animal.\nEn cas de blessures ou de troubles graves li\u00e9s aux op\u00e9rations, le v\u00e9t\u00e9rinaire peut prendre la d\u00e9cision\nde ne  pas  rel\u00e2cher  l'animal et  le  transporter  vers  un  cabinet  v\u00e9t\u00e9rinaire  ou  un  centre de  soins\ncomp\u00e9tent\u00a0:\n\u2022 dans des conditions adapt\u00e9es \u00e0 la s\u00e9curit\u00e9 de l'animal et \u00e0 celle des personnes en charge du\ntransport\u00a0;\n\u2022 dans le respect du bien-\u00eatre de l'animal et en r\u00e9duisant tout stress additionnel (notamment\nlimitation  du  nombre  de  personnes  pr\u00e9sentes,  limitation  du  temps  de  trajet  au  strict\nn\u00e9cessaire, isolation visuelle de l'animal)\u00a0;\n\u2022 en utilisant des cages de transport pour chien de grande taille \u00a0et des v\u00e9hicules adapt\u00e9s (taille\nde la cage, besoin de la remorquer et accessibilit\u00e9 au terrain)\u00a0;\n\u2022 la d\u00e9cision de rel\u00e2cher ou non les individus convalescents pr\u00e9sents en centre capacitaire est\npropos\u00e9e par l'Office Fran\u00e7ais de la Biodiversit\u00e9 (OFB), hors cadre de la pr\u00e9sente demande\nd'autorisation\u00a0;\n\u2022 apr\u00e8s mise en \u0153uvre des mesures d'\u00e9vitement et de r\u00e9duction des risques li\u00e9s \u00e0 la capture et\n\u00e0 l'anesth\u00e9sie, le v\u00e9t\u00e9rinaire partenaires de l'op\u00e9ration peut d\u00e9cider d'euthanasier un animal\nen cas de d\u00e9tresse maximale et si aucune autre solution ne peut \u00eatre envisag\u00e9e\n\u2022 en cas de d\u00e9c\u00e8s d'un sp\u00e9cimen, le transport est r\u00e9alis\u00e9 par un agent de l'OFB autoris\u00e9 \u00e0 r\u00e9aliser\nces op\u00e9rations dans le cadre du r\u00e9seau SAGIR (r\u00e9seau loup/lynx), hors cadre de la pr\u00e9sente\ndemande d'autorisation.\nARTICLE 2.6\u00a0: Modalit\u00e9s de pr\u00e9l\u00e8vement, transport, utilisation, d\u00e9tention et destruction de  mat\u00e9riel\nbiologique d'esp\u00e8ces animales prot\u00e9g\u00e9es\n\u2022 les pr\u00e9l\u00e8vements de sang et de salive par frottis buccal,  effectu\u00e9s par les personnes comp\u00e9tentes,\net  la  collecte  de  poils  sont  r\u00e9alis\u00e9s  pendant  la  p\u00e9riode  d'anesth\u00e9sie,  \u00e0  des  fins  d'analyses\ng\u00e9n\u00e9tiques et sanitaires.\nARTICLE 3\u00a0: Personnes habilit\u00e9es\u00a0\nLes personnes habilit\u00e9es pour r\u00e9aliser les op\u00e9rations au sein d e la R\u00e9serve naturelle nationale de la\nHaute Cha\u00eene du Jura (RNNHCJ) sont\u00a0: \nAdresse postale : 69453 LYON CEDEX 06\nStandard : 04 26 28 60 00 - www.auvergne-rhone-alpes.developpement-durable.gouv.fr page 5/8\n84_DREAL_Direction r\u00e9gionale de l'environnement, de l'am\u00e9nagement et du logement d'Auvergne-Rh\u00f4ne-Alpes - 01-2025-08-28-00001\n- Arr\u00eat\u00e9 portant d\u00e9rogation pour\u00a0capture, perturbation intentionnelle, rel\u00e2cher imm\u00e9diat sur place et transport d'esp\u00e8ce animale\nprot\u00e9g\u00e9e (Loup gris) et transport, d\u00e9tention, utilisation et destruction de mat\u00e9riel biologique\n45\n\u2022 Johann  ROSSET,  conservateur,  titulaire  d'un  master  Biologie  des  populations  et  des\n\u00e9cosyst\u00e8mes\u00a0;\n\u2022 Daphn\u00e9  SCHLOESSER,  charg\u00e9e  de  mission  scientifique,  titulaire  d'un  master  Sciences  du\nvivant\u00a0;\n\u2022 Guillaume CADIER, adjoint au conservateur, titulaire d'une licence professionnelle Concepteur\naccompagnateur en \u00e9cotourisme ;\n\u2022 Tony CARGNELUTTI, garde-technicien, titulaire d'un brevet de technicien sup\u00e9rieur Gestion et\nprotection  de  la  nature et  d'un  dipl\u00f4me  universitaire  de  technologie  Hygi\u00e8ne  s\u00e9curit\u00e9\nenvironnement ;\n\u2022 Martin DAVIOT ,  garde-technicien, titulaire d'un brevet de technicien sup\u00e9rieur  Gestion et\nprotection de la nature et d'une licence Sciences humaines et sociales\u00a0;\n\u2022 Violette  MAUGIS,  garde-technicienne,  titulaire  d'une  licence  professionnelle  M\u00e9tiers  du\ndiagnostic, de la gestion et de la protection des milieux naturels\u00a0;\n> et en appui  \u00a0  :  \n\u2022 un pool de v\u00e9t\u00e9rinaires comp\u00e9tents en faune sauvage encadre les op\u00e9rations\u00a0;\n\u2022 des partenaires scientifiques\u00a0:\n\u25e6 Nad\u00e8ge BONNOT, charg\u00e9e de recherche au sein de l'Institut national de recherche pour\nl'agriculture,  l'alimentation  et  l'environnement  (INRAE)  de  Toulouse,  titulaire  d'un\ndoctorat \u00c9cologie comportementale\u00a0;\n\u25e6 Claude  FISCHER,  professeur  associ\u00e9  \u00e0  la  Haute  \u00e9cole  du  paysage,  d'ing\u00e9nierie  et\nd'architecture  de  Gen\u00e8ve  (HEPIA),  titulaire  d'un  dipl\u00f4me  en  \u00e9cologie  et  syst\u00e9matique,\ndocteur en Sciences de la nature\u00a0;\n\u25e6 Sonia SA\u00cfD , c hercheuse,  adjointe au directeur d'unit\u00e9 Flore et v\u00e9g\u00e9tation, charg\u00e9e de\nrecherche Interactions faune-flore au sein de l'Office Fran\u00e7ais de la Biodiversit\u00e9 (OFB),\ndocteure en \u00e9cologie.\nLes personnes r\u00e9alisant des pr\u00e9l\u00e8vements de sang sur les sp\u00e9cimens de Loup gris sont titulaires, avant\nle  d\u00e9but  des  op\u00e9rations, d'une  attestation  de  formation  justifiant  de  leurs  comp\u00e9tences  \u00e0  la\nmanipulation d'animaux \u00e0 des fins scientifiques ( bien-\u00eatre animal), \u00e0 pr\u00e9senter \u00e0 toute demande des\nagents commissionn\u00e9s au titre de l'environnement.\nLes personnes habilit\u00e9es sont porteuses de la pr\u00e9sente autorisation lors des op\u00e9rations vis\u00e9es, et sont\ntenues de la pr\u00e9senter \u00e0 toute demande des agents commissionn\u00e9s au titre de l'environnement.\nPour tenir compte des mouvements de personnel, la r\u00e9serve naturelle nationale de la Haute-Cha\u00eene\ndu  Jura doit  communiquer  annuellement  \u00e0  la  DREAL  Auvergne-Rh\u00f4ne-Alpes  (service  Eau,\nHydro\u00e9lectricit\u00e9  et  Nature  /  p\u00f4le  Pr\u00e9servation  des  milieux  et  des  esp\u00e8ces  -  pme.ehn.dreal-\nara@developpement-durable.gouv.fr ) , avant le 30 septembre, la liste des personnels charg\u00e9s de la\nmise en \u0153uvre de la pr\u00e9sente autorisation.\nARTICLE 4\u00a0: Dur\u00e9e de validit\u00e9 de l'autorisation\nCette autorisation est valable jusqu'au 31 d\u00e9cembre 2028.\nARTICLE 5\u00a0: Mise \u00e0 disposition des donn\u00e9es\nLe b\u00e9n\u00e9ficiaire met ses donn\u00e9es d'observation d'esp\u00e8ces \u00e0 disposition de la DREAL Auvergne-Rh\u00f4ne-\nAlpes  dans  les  conditions  d\u00e9finies  par  le  syst\u00e8me  d'information  sur  la  nature  et  les  paysages,\nnotamment en ce qui concerne les r\u00e8gles de d\u00e9p\u00f4t, de format de donn\u00e9es et de fichiers applicables\naux  m\u00e9tadonn\u00e9es  et  donn\u00e9es  \u00e9l\u00e9mentaire  d'\u00e9change  relatives  aux  occurrences  d'observation\nd'esp\u00e8ces.\nAdresse postale : 69453 LYON CEDEX 06\nStandard : 04 26 28 60 00 - www.auvergne-rhone-alpes.developpement-durable.gouv.fr page 6/8\n84_DREAL_Direction r\u00e9gionale de l'environnement, de l'am\u00e9nagement et du logement d'Auvergne-Rh\u00f4ne-Alpes - 01-2025-08-28-00001\n- Arr\u00eat\u00e9 portant d\u00e9rogation pour\u00a0capture, perturbation intentionnelle, rel\u00e2cher imm\u00e9diat sur place et transport d'esp\u00e8ce animale\nprot\u00e9g\u00e9e (Loup gris) et transport, d\u00e9tention, utilisation et destruction de mat\u00e9riel biologique\n46\nLe b\u00e9n\u00e9ficiaire adresse \u00e0 la DREAL Auvergne-Rh\u00f4ne-Alpes (service Eau, Hydro\u00e9lectricit\u00e9 et Nature /\np\u00f4le Pr\u00e9servation des milieux et des esp\u00e8ces  -  pme.ehn.dreal-ara@developpement-durable.gouv.fr),\nchaque ann\u00e9e avant le 31 mars  un rapport sur la mise en \u0153uvre de la d\u00e9rogation au cours de l'ann\u00e9e\npr\u00e9c\u00e9dente. \nCe rapport comprend\u00a0:\n\u2022 le nombre d'op\u00e9rations conduites au cours de l'ann\u00e9e sous couvert de la d\u00e9rogation ;\n\u2022 les dates et les lieux par commune des op\u00e9rations ;\n\u2022 le nombre de sp\u00e9cimens de Loup gris captur\u00e9s\u00a0;\n\u2022 la description de l'\u00e9tat de chaque animal captur\u00e9 accompagn\u00e9 d'un  bilan v\u00e9t\u00e9rinaire le cas\n\u00e9ch\u00e9ant, leur sexe et les photographies r\u00e9alis\u00e9es\u00a0;\n\u2022 les conditions de r\u00e9alisation et le bilan de chacune des captures\u00a0;\n\u2022 la description pr\u00e9cise des manipulations r\u00e9alis\u00e9es et des op\u00e9rations de rel\u00e2cher\u00a0;\n\u2022 le nombre d'animaux morts au cours des op\u00e9rations ;\n\u2022 le nombre d'animaux non vis\u00e9s dans la d\u00e9rogation et n\u00e9anmoins pris dans les pi\u00e8ges au cours\ndes op\u00e9rations,\n\u2022 les  rapports  et  publications  issus  de  l'\u00e9tude,  \u00e9galement  adress\u00e9s  par  le  p\u00e9titionnaire  \u00e0\nl'animateur  national  du  PNA  Loup  et  activit\u00e9s  d'\u00e9levage  (Agents.L.EHN.DREAL-Auvergne-\nRhone-Alpes@developpement-durable.gouv.fr) ainsi  qu'au  CSRPN  Auvergne-Rh\u00f4ne-Alpes\n(csrpn.dreal-ara@developpement-durable.gouv.fr).\nARTICLE 6\u00a0: Contr\u00f4les\nLa mise en \u0153uvre des prescriptions du pr\u00e9sent arr\u00eat\u00e9 peut faire l'objet de contr\u00f4les par les agents\nhabilit\u00e9s.\nARTICLE 7\u00a0: Sanctions\nLe  non-respect  des  prescriptions  du  pr\u00e9sent  arr\u00eat\u00e9  est  passible  des  sanctions  pr\u00e9vues  pour  les\ninfractions  p\u00e9nales  d\u00e9finies  et  r\u00e9prim\u00e9es  par  les  articles  L.415-3  et  R.415-1  du  code  de\nl'environnement.\nARTICLE 8\u00a0: Autres l\u00e9gislations et r\u00e9glementation\nLa pr\u00e9sente d\u00e9cision ne dispense pas de l'obtention d'autres accords ou autorisations par ailleurs\nn\u00e9cessaires pour la r\u00e9alisation de l'op\u00e9ration susmentionn\u00e9e et du respect des autres dispositions\nl\u00e9gislatives et r\u00e9glementaires susceptibles d'\u00eatre applicables sur les espaces prot\u00e9g\u00e9s du territoire\nd'\u00e9tude.\nARTICLE 9\u00a0: Voies et d\u00e9lais de recours \nLa pr\u00e9sente d\u00e9cision peut faire l'objet d'un recours dans les deux mois qui suivent sa  publication ou\nsa notification\u00a0:\n\u2022 par la voie d'un recours administratif. L'absence de r\u00e9ponse dans le d\u00e9lai de deux mois fait\nna\u00eetre une d\u00e9cision implicite de rejet, qui peut elle-m\u00eame faire l'objet d'un recours devant le\ntribunal administratif comp\u00e9tent,\n\u2022 par la voie d'un recours contentieux devant le tribunal administratif comp\u00e9tent,\n\u2022 par l'application T\u00e9l\u00e9recours citoyens accessible via le site internet www.telerecours.fr.\nAdresse postale : 69453 LYON CEDEX 06\nStandard : 04 26 28 60 00 - www.auvergne-rhone-alpes.developpement-durable.gouv.fr page 7/8\n84_DREAL_Direction r\u00e9gionale de l'environnement, de l'am\u00e9nagement et du logement d'Auvergne-Rh\u00f4ne-Alpes - 01-2025-08-28-00001\n- Arr\u00eat\u00e9 portant d\u00e9rogation pour\u00a0capture, perturbation intentionnelle, rel\u00e2cher imm\u00e9diat sur place et transport d'esp\u00e8ce animale\nprot\u00e9g\u00e9e (Loup gris) et transport, d\u00e9tention, utilisation et destruction de mat\u00e9riel biologique\n47\nARTICLE 10\u00a0: Ex\u00e9cution \nM. le directeur r\u00e9gional de l'environnement, de l'am\u00e9nagement et du logement Auvergne-Rh\u00f4ne-Alpes,\nM. le chef du service d\u00e9partemental de l'Office fran\u00e7ais de la biodiversit\u00e9,\nsont charg\u00e9s, chacun en ce qui le concerne, de l'ex\u00e9cution du pr\u00e9sent arr\u00eat\u00e9 qui sera notifi\u00e9 au\nb\u00e9n\u00e9ficiaire et publi\u00e9 au recueil des actes administratifs de la pr\u00e9fecture de l'Ain.\nPour la Pr\u00e9f\u00e8te et par d\u00e9l\u00e9gation,\nLa cheffe de service d\u00e9l\u00e9gu\u00e9e\nEau, Hydro\u00e9lectricit\u00e9 et Nature\nSIGNE\nLaurence DAYET\nAdresse postale : 69453 LYON CEDEX 06\nStandard : 04 26 28 60 00 - www.auvergne-rhone-alpes.developpement-durable.gouv.fr page 8/8\n84_DREAL_Direction r\u00e9gionale de l'environnement, de l'am\u00e9nagement et du logement d'Auvergne-Rh\u00f4ne-Alpes - 01-2025-08-28-00001\n- Arr\u00eat\u00e9 portant d\u00e9rogation pour\u00a0capture, perturbation intentionnelle, rel\u00e2cher imm\u00e9diat sur place et transport d'esp\u00e8ce animale\nprot\u00e9g\u00e9e (Loup gris) et transport, d\u00e9tention, utilisation et destruction de mat\u00e9riel biologique\n48","date":"2025-09-01","first_seen_on":"2025-09-01T16:07:18+00:00","id":"ba65565720a27b821799ba5d8ebb819b4c7cab360ee6dc3ec30bb673f7b4fce5","name":"recueil-01-2025-272-recueil-des-actes-administratifs-special. 1-09-2025","pdf_creation_date":"2025-09-01T15:17:57+00:00","pdf_modification_date":null,"timezone":"Europe/Paris","url":"https://www.ain.gouv.fr/contenu/telechargement/33020/230918/file/recueil-01-2025-272-recueil-des-actes-administratifs-special.%201-09-2025.pdf"}
