{"administration":"pref92","administration_name":"Pr\u00e9fecture des Hauts-de-Seine","content":"E 3PR\u00c9FETDES HAUTS-DE-SEINELibert\u00e9Ene ffi galiteFraternit\u00e9\nRECUEILDESACTES ADMINISTRATIFS\nDIRECTION REGIONALE ETINTERDEPARTEMENTALE DE L'\u00c9CONOMIE,DE L'EMPLOI, DU TRAVAIL ET DESSOLIDARIT\u00c9SUnit\u00e9 d\u00e9partementale des Hauts-de-Seine\nN\u00b0 Sp\u00e9cial 24 novembre 2025\n1\n \n  \n\nPREFET DES HAUTS-DE-SEINERECUEIL DES ACTES ADMINISTRATIFSN\u00b0 Sp\u00e9cial DRIEETS-UD92 du 24 novembre 2025SOMMAIRER\u00e9c\u00e9piss\u00e9s,Arr\u00eat\u00e9sDatesDIRECTION REGIONALE ETINTERDEPARTEMENTALE DE L'\u00c9CONOMIE,DE L'EMPLOI, DU TRAVAIL ET DESSOLIDARIT\u00c9SPages\nDRIEETS-UD92n\u00b02025-51001.10.2025R\u00e9c\u00e9piss\u00e9 de d\u00e9claration d'activit\u00e9s deservices \u00e0 la personne enregistr\u00e9e sous le n\u00b0SAP944861673 au nom de la micro-entrepriseCISSOUMA Abdoulaye sise 74 BoulevardGallieni \u00e0 ISSY-LES-MOULINEAUX (92130)11\nDRIEETS-UD92n\u00b02025-51101.10.2025R\u00e9c\u00e9piss\u00e9 de d\u00e9claration d'activit\u00e9s deservices \u00e0 la personne enregistr\u00e9e sous le n\u00b0SAP991771544 au nom de la micro-entrepriseCOULIBALY HAIDA AMY sise 1 Rue du 11Novembre 1918 a CLICHY (92110)13\nDRIEETS-UD92n\u00b02025-51201.10.2025R\u00e9c\u00e9piss\u00e9 de d\u00e9claration d'activit\u00e9s deservices \u00e0 la personne enregistr\u00e9e sous le n\u00b0SAP938380607 au nom de Ja micro-entreprise SECKE INGRID sise 21 Rue Moli\u00e8re\u00e0 COURBEVOIE (92400)15\nDRIEETS-UD92n\u00b02025-51301.10.2025R\u00e9c\u00e9piss\u00e9 de d\u00e9claration d'activit\u00e9s deservices \u00e0 la personne enregistr\u00e9e sous le n\u00b0SAP991552399 au nom de la micro-entrepriseMORTREUIL Emmanuel sise 1 Impasse de laTour \u00e0 CLAMART (92140)17\nDRIEETS-UD92n\u00b02025-51401.10.2025R\u00e9c\u00e9piss\u00e9 de d\u00e9claration d'activit\u00e9s deservices \u00e0 la personne enregistr\u00e9e sous le n\u00b0SAP991731621 au nom de la micro-entrepriseDAGO DJESSOU sise 14 Rue Pasteur \u00e0CLICHY (92110)19\nDRIEETS-UD92n\u00b02025-51501.10.2025R\u00e9c\u00e9piss\u00e9 de d\u00e9claration d'activit\u00e9s deservices \u00e0 la personne enregistr\u00e9e sous le n\u00b0SAP991824244 au nom de la micro-entrepriseNDABARUSHINGINGO SAMELIA sise 6 All\u00e9ePierre Lescot \u00e0 NANTERRE (92000)21\nDRIEETS-UD92n\u00b02025-51601.10.2025R\u00e9c\u00e9piss\u00e9 de d\u00e9claration d'activit\u00e9s deservices \u00e0 la personne enregistr\u00e9e sous le n\u00b0SAP991872086 au nom de la micro-entrepriseLOUBARESSE ROMANE sise 3 Rue Saint-Denis\u00e0 COLOMBES (92700)23\n \n \n\nDRIEETS-UD92n\u00b02025-51702.10.2025R\u00e9c\u00e9piss\u00e9 de d\u00e9claration d'activit\u00e9s deservices \u00e0 la personne enregistr\u00e9e sous le n\u00b0SAP505004010 au nom de la micro-entrepriseBOUTARFA FATMA sise 38 Rue CharlesLorilleux \u00e0 NANTERRE (92000)25\nDRIEETS-UD92n\u00b02025-51802.10.2025R\u00e9c\u00e9piss\u00e9 de d\u00e9claration d'activit\u00e9s deservices \u00e0 la personne enregistr\u00e9e sous le n\u00b0SAP990309379 au nom de Ja micro-entreprise KHEMIRI RIHAB sise 8 AvenueM\u00e9nelotte \u00e0 COLOMBES (92700)27\nDRIEETS-UD92n\u00b02025-51902.10.2025R\u00e9c\u00e9piss\u00e9 de d\u00e9claration d'activit\u00e9s deservices \u00e0 la personne enregistr\u00e9e sous le n\u00b0SAP991879537 au nom de la micro-entrepriseSAIDI Nora Patricia Annick sise 14 RueColbert \u00e0 COLOMBES (92700)29\nDRIEETS-UD92n\u00b02025-52002.10.2025R\u00e9c\u00e9piss\u00e9 de d\u00e9claration d'activit\u00e9s deservices \u00e0 la personne enregistr\u00e9e sous le n\u00b0SAP814425849 au nom de la micro-entrepriseDIA FATIMATA sise 5 Rue H\u00e9b\u00e9court \u00e0MALAKOFF (92240)31\nDRIEETS-UD92n\u00b02025-52106.10.2025R\u00e9c\u00e9piss\u00e9 de d\u00e9claration d'activit\u00e9s deservices \u00e0 la personne enregistr\u00e9e sous le n\u00b0SAP924047319 au nom de la micro-entrepriseGUISSOUS ABDESSALAM sise 58 Rue del'\u00c9galit\u00e9 \u00e0 ISSY-LES-MOULINEAUX (92130)33\nDRIEETS-UD92n\u00b02025-52206.10.2025R\u00e9c\u00e9piss\u00e9 de d\u00e9claration d'activit\u00e9s deservices \u00e0 la personne enregistr\u00e9e sous le n\u00b0SAP991922360 au nom de la micro-entrepriseJulia PEDRO sise 4 Rue de Reims \u00e0 ANTONY(92160) 35\nDRIEETS-UD92n\u00b02025-52306.10.2025R\u00e9c\u00e9piss\u00e9 de d\u00e9claration d'activit\u00e9s deservices \u00e0 la personne enregistr\u00e9e sous le n\u00b0SAP991825092 au nom de la micro-entrepriseYOUKOU JORDAN sise 18 Rue d'Alsace \u00e0CLICHY (92110)37\nDRIEETS-UD92n\u00b02025-52406.10.2025R\u00e9c\u00e9piss\u00e9 de d\u00e9claration d'activit\u00e9s deservices \u00e0 la personne enregistr\u00e9e sous le n\u00b0SAP8884664471 au nom de la micro-entreprise Gabriel DUGENET sise 1 All\u00e9eFran\u00e7ois du Tremblay \u00e0 RUEIL-MALMAISON(92500) 39\nDRIEETS-UD92n\u00b02025-52506.10.2025R\u00e9c\u00e9piss\u00e9 de d\u00e9claration d'activit\u00e9s deservices \u00e0 la personne enregistr\u00e9e sous le n\u00b0SAP991917956 au nom de la micro-entrepriseLHADI SHAINEZ sise 55 Avenue PierreBrossolette \u00e0 MONTROUGE (92120)41\n \n\nDRIEETS-UD92n\u00b02025-52606.10.2025R\u00e9c\u00e9piss\u00e9 de d\u00e9claration d'activit\u00e9s deservices \u00e0 la personne enregistr\u00e9e sous le n\u00b0SAP991675083 au nom de la micro-entrepriseMAKHOUKH ANIA sise 31 Bis Rue Traversi\u00e8re\u00e0 BOULOGNE-BILLANCOURT (92100)43DRIEETS-UD92n\u00b02025-52706.10.2025Arr\u00eat\u00e9 modifiant l'agr\u00e9ment SAP852052240de la SARL BABYCHOU SERVICES SAINT-CLOUD sise 7 rue aude \u00e0 Saint-Cloud (92210)46DRIEETS-UD92n\u00b02025-52806.10.2025R\u00e9c\u00e9piss\u00e9 de d\u00e9claration d'activit\u00e9s deservices \u00e0 la personne enregistr\u00e9e sous le n\u00b0SAP852052240 nom de la SARL BABYCHOUSERVICES SAINT CLOUD sise 7 rue Aude \u00e0Saint-Cloud (92210)48\nDRIEETS-UD92n\u00b02025-52906.10.2025R\u00e9c\u00e9piss\u00e9 de d\u00e9claration d'activit\u00e9s deservices \u00e0 la personne enregistr\u00e9e sous le n\u00b0SAP991560475 au nom de la SASVITROCLAIR HS sise 41 Rue P\u00e9rier aMONTROUGE (92120)51DRIEETS-UD92n\u00b02025-53006.10.2025Arr\u00eat\u00e9 modifiant l'agr\u00e9ment SAP852420785de la SAS CAJCAMUS sise 22 Rue Place desarts \u00e0 Rueil-Malmaison (92500)53DRIEETS-UD92n\u00b02025-53106.10.2025R\u00e9c\u00e9piss\u00e9 de d\u00e9claration modificatived'activit\u00e9s de services \u00e0 la personneenregistr\u00e9e sous le n\u00b0 SAP852420785 nom dela SAS CAJCAMUS sise 22 Place des Arts \u00e0Rueil-Malmaison (92500)55\nDRIEETS-UD92n\u00b02025-53207.10.2025R\u00e9c\u00e9piss\u00e9 de d\u00e9claration d'activit\u00e9s deservices \u00e0 la personne enregistr\u00e9e sous le n\u00b0SAP991118779 au nom de la micro-entrepriseGRIMAUD GUILLAUME sise 5 Rue MarcelCerdan \u00e0 LEVALLOIS-PERRET (92300)58\nDRIEETS-UD92n\u00b02025-53307.10.2025R\u00e9c\u00e9piss\u00e9 de d\u00e9claration d'activit\u00e9s deservices \u00e0 la personne enregistr\u00e9e sous le n\u00b0SAP992054460 au nom de Ja micro-entreprise ALLIZOND KEVIN sise 33 AvenueGeorges Pompidou \u00e0 SURESNES (92150)60\nDRIEETS-UD92n\u00b02025-53407.10.2025R\u00e9c\u00e9piss\u00e9 de d\u00e9claration d'activit\u00e9s deservices \u00e0 la personne enregistr\u00e9e sous le n\u00b0SAP933176182 au nom de la micro-entrepriseHamza KAFOUFI sise 6 Rue Du Ratrait \u00e0SURESNES (92150)62\nDRIEETS-UD92n\u00b02025-53607.10.2025R\u00e9c\u00e9piss\u00e9 de d\u00e9claration d'activit\u00e9s deservices \u00e0 la personne enregistr\u00e9e sous le n\u00b0SAP992111690 au nom de la micro-entrepriseRADIDEAU Jonathan Philippe S\u00e9bastien sise58 Quai de Clichy \u00e0 CLICHY (92110)64\n \n\nDRIEETS-UD92n\u00b02025-53707.10.2025R\u00e9c\u00e9piss\u00e9 de d\u00e9claration d'activit\u00e9s deservices \u00e0 la personne enregistr\u00e9e sous le n\u00b0SAP992157321 au nom de la micro-entrepriseCOMER DIDIER sise 43 Rue de Nanterre \u00e0ASNIERES-SUR-SEINE (92600)66\nDRIEETS-UD92n\u00b02025-53813.10.2025R\u00e9c\u00e9piss\u00e9 de d\u00e9claration d'activit\u00e9s deservices \u00e0 la personne enregistr\u00e9e sous le n\u00b0SAP944797224 au nom de la micro-entreprise Harry NEVEU sise 3 Rue de l'Ouest\u00e0 BOULOGNE-BILLANCOURT (92100)68\nDRIEETS-UD92n\u00b02025-53913.10.2025R\u00e9c\u00e9piss\u00e9 de d\u00e9claration d'activit\u00e9s deservices \u00e0 la personne enregistr\u00e9e sous le n\u00b0SAP805117553 au nom de la micro-entrepriseQI Xiaocong sise 1 All\u00e9e des Chataigniers \u00e0VILLE-D'AVRAY (92410)70\nDRIEETS-UD92n\u00b02025-54013.10.2025R\u00e9c\u00e9piss\u00e9 de d\u00e9claration d'activit\u00e9s deservices \u00e0 la personne enregistr\u00e9e sous le n\u00b0SAP991579244 au nom de la micro-entrepriseTAMEGA RAMATA sise 8 Rue de Bretagne \u00e0CLAMART (92140)72\nDRIEETS-UD92n\u00b02025-54114.10.2025R\u00e9c\u00e9piss\u00e9 de d\u00e9claration d'activit\u00e9s deservices \u00e0 la personne enregistr\u00e9e sous le n\u00b0SAP937732857 au nom de Ja micro-entreprise BOURCIER Saliha sise 60 Rue de laFontaine \u00e0 BAGNEUX (92220)74\nDRIEETS-UD92n\u00b02025-54214.10.2025R\u00e9c\u00e9piss\u00e9 de d\u00e9claration d'activit\u00e9s deservices \u00e0 la personne enregistr\u00e9e sous le n\u00b0SAP992242198 au nom de la micro-entrepriseSICSIC EMMA sise 6 Place du 11 Novembre1918 \u00e0 LEVALLOIS-PERRET (92300)76\nDRIEETS-UD92n\u00b02025-54314.10.2025R\u00e9c\u00e9piss\u00e9 de d\u00e9claration d'activit\u00e9s deservices \u00e0 la personne enregistr\u00e9e sous le n\u00b0SAP992207514 au nom de la micro-entrepriseZAROILI WISSALE SARA sise 127 Boulevardde Valmy \u00e0 COLOMBES (92700)78\nDRIEETS-UD92n\u00b02025-54414.10.2025R\u00e9c\u00e9piss\u00e9 de d\u00e9claration d'activit\u00e9s deservices \u00e0 la personne enregistr\u00e9e sous le n\u00b0SAP990388282 au nom de la SASU PROXICLEAN sise 32 Rue de Paris \u00e0 BOULOGNE-BILLANCOURT (92100)80\nDRIEETS-UD92n\u00b02025-54514.10.2025R\u00e9c\u00e9piss\u00e9 de d\u00e9claration d'activit\u00e9s deservices \u00e0 la personne enregistr\u00e9e sous le n\u00b0SAP990592982 au nom de la SASUDOMISERVICES sise 32 Rue Guy M\u00f4quet \u00e0MALAKOFF (92240)82\nDRIEETS-UD92n\u00b02025-54614.10.2025R\u00e9c\u00e9piss\u00e9 de d\u00e9claration d'activit\u00e9s deservices \u00e0 la personne enregistr\u00e9e sous le n\u00b0SAP990588964 au nom de la SASU TOUTPOUR VOUS sise 6 Rue des Bateliers \u00e0CLICHY (92110)84\n \n \n  \n\nDRIEETS-UD92R\u00e9c\u00e9piss\u00e9 de d\u00e9claration d'activit\u00e9s deservices \u00e0 la personne enregistr\u00e9e sous le n\u00b0n02025-547 20.10.2025 | SAP990762304 au nom de la micro- 86entreprise METTOUCHI OUZNA sise 1 RueAbraham lincoln \u00e0 BAGNEUX (92220)R\u00e9c\u00e9piss\u00e9 de d\u00e9claration d'activit\u00e9s de_ services \u00e0 la personne enregistr\u00e9e sous le n\u00b0D ODE naa 20.10.2025 | SAP808516967 au nom de la micro-entreprise 88Hayette ABBA sise 5 all\u00e9e Mirabeau \u00e0BAGNEUX (92220)R\u00e9c\u00e9piss\u00e9 de d\u00e9claration d'activit\u00e9s de_ services \u00e0 la personne enregistr\u00e9e sous le n\u00b0oe eQoe nag. |20:10.2025 | SAP992372748 au nom de la micro-| 90entreprise FLEURY CHRISTEL sise 1 Rue deWatford \u00e0 NANTERRE (92000)R\u00e9c\u00e9piss\u00e9 de d\u00e9claration d'activit\u00e9s de_ services \u00e0 la personne enregistr\u00e9e sous le n\u00b0 \u00b0oe aoe Seo 20.10.2025 | SAP992331660 au nom de la micro-entreprise | 92| TANKEU NOUT Chantale Brenda sise 27Avenue des C\u00e8dres \u00e0 VILLE-D'AVRAY (92410)DRIEETS-UD92 20.10.2025 Arr\u00eat\u00e9 reconnaissant la qualite de Soci\u00e9t\u00e9 94n\u00b02025-551 Coop\u00e9rative Ouvri\u00e8re de Production (SCOP)DRIEETS-UD92 20.10.2025 Arr\u00eat\u00e9 reconnaissant la qualite de Soci\u00e9t\u00e9 96n\u00b02025-552 Coop\u00e9rative Ouvriere de Production (SCOP)DRIEETS-UD92 20.10.2025 Arr\u00eat\u00e9 reconnaissant la qualit\u00e9 de Soci\u00e9t\u00e9 98n\u00b02025-553 Coop\u00e9rative Ouvri\u00e9re de Production (SCOP)DRIEETS-UD92 Arr\u00eat\u00e9 reconnaissant la qualit\u00e9 de Soci\u00e9t\u00e920.10.202 . . .n\u00b02025-554 0.10.2025 Coop\u00e9rative Ouvri\u00e8re de Production (SCOP) 100DRIEETS-UD92 Arr\u00eat\u00e9 reconnaissant la qualit\u00e9 de Soci\u00e9t\u00e920.10.202 . _ ,n\u00b02025-555 0.10.2025 Coop\u00e9rative Ouvri\u00e8re de Production (SCOP) 102DRIEETS-UD92 Arr\u00eat\u00e9 reconnaissant la qualit\u00e9 de Soci\u00e9t\u00e920.10.202 L . .n\u00b02025-556 010.2025 Cooperative Ouvriere de Production (SCOP) 104DRIEETS-UD92 Arr\u00eat\u00e9 reconnaissant la qualit\u00e9 de Soci\u00e9t\u00e920.10.202 L . .n\u00b02025-557 0.10.2025 Cooperative Ouvriere de Production (SCOP) 106DRIEETS-UD92 Arr\u00eat\u00e9 reconnaissant la qualit\u00e9 de Soci\u00e9t\u00e920.10.2025 . . .n\u00b02025-558 0-10.20 Cooperative Ouvriere de Production (SCOP) 108R\u00e9c\u00e9piss\u00e9 de d\u00e9claration d'activit\u00e9s de_ services \u00e0 la personne enregistr\u00e9e sous le n\u00b0 \u00b0DRIEETS-UD92 20.10.2025 | SAP853539179 au nom de la micro-entreprise 110n\u00b02025-559SOUMANO Lassane sise 3 Rue Pierre Semarda BAGNEUX (92220)\n \n\nDRIEETS-UD92n\u00b02025-56020.10.2025R\u00e9c\u00e9piss\u00e9 de d\u00e9claration d'activit\u00e9s deservices \u00e0 la personne enregistr\u00e9e sous le n\u00b0 \u00b0SAP511991275 au nom de la micro-entrepriseS\u00e9bastien RAIGNAULT sise 14 avenue du Parc\u00e0 VANVES (92170)112\nDRIEETS-UD92n\u00b02025-56120.10.2025R\u00e9c\u00e9piss\u00e9 de d\u00e9claration d'activit\u00e9s deservices \u00e0 la personne enregistr\u00e9e sous le n\u00b0 \u00b0SAP991925074 au nom de la micro-entrepriseSPAZZIN FERNANDA sise 49 Rue desSorri\u00e8res \u00e0 ANTONY (92160)114\nDRIEETS-UD92n\u00b02025-56220.10.2025R\u00e9c\u00e9piss\u00e9 de d\u00e9claration d'activit\u00e9s deservices \u00e0 la personne enregistr\u00e9e sous le n\u00b0 \u00b0SAP980400212 au nom de la micro-entrepriseSEBIHI Wahiba sise 5 Avenue Jean Jaur\u00e8s \u00e0COLOMBES (92700)116DRIEETS-UD92n\u00b02025-56320.10.2025Arr\u00eat\u00e9 reconnaissant la qualit\u00e9 de Soci\u00e9t\u00e9Coop\u00e9rative Ouvri\u00e8re de Production (SCOP)118DRIEETS-UD92n\u00b02025-56420.10.2025Arr\u00eat\u00e9 reconnaissant la qualit\u00e9 de Soci\u00e9t\u00e9Coop\u00e9rative Ouvri\u00e8re de Production (SCOP)120DRIEETS-UD92n\u00b02025-56521.10.2025R\u00e9c\u00e9piss\u00e9 de d\u00e9claration modificatived'activit\u00e9s de services \u00e0 la personneenregistr\u00e9e sous le n\u00b0 SAP 989258389 au nomde la micro-entreprise FORSTER JULIEN sise 3Rue du 11 Novembre 1918 \u00e0 CLICHY (92110)122\nDRIEETS-UD92n\u00b02025-56621.10.2025R\u00e9c\u00e9piss\u00e9 d\u00e9claration d'activit\u00e9s de servicesa la personne enregistr\u00e9e sous le n\u00b0SAP992629618 au nom de la micro-entrepriseHUGUET AURELIE MELANIE sise 7 Rue de laSabli\u00e8re a COURBEVOIE (92400)125\nDRIEETS-UD92n\u00b02025-56721.10.2025R\u00e9c\u00e9piss\u00e9 d\u00e9claration d'activit\u00e9s de servicesa la personne enregistr\u00e9e sous le n\u00b0SAP992565911 au nom de la micro-entrepriseKHADRA YASSINE sise 6 rue Auguste Buissona LA GARENNE-COLOMBES (92250)127\nDRIEETS-UD92n\u00b02025-56821.10.2025R\u00e9c\u00e9piss\u00e9 d\u00e9claration d'activit\u00e9s de servicesa la personne enregistr\u00e9e sous le n\u00b0SAP991591520 au nom de la micro-entrepriseDAUTREAUX Ines sise 11 bis avenue Jean-Baptiste Clement a BOULOGNE-BILLANCOURT (92100)129\nDRIEETS-UD92n\u00b02025-56921.10.2025R\u00e9c\u00e9piss\u00e9 d\u00e9claration d'activit\u00e9s de servicesa la personne enregistr\u00e9e sous le n\u00b0SAP990122145 au nom de la micro-entrepriseDELPLANQUE CELINE sise 50 Avenue duG\u00e9n\u00e9ral Leclerc \u00e0 BOULOGNE-BILLANCOURT(92100) 131\n \n\u202f\n\nDRIEETS-UD92n\u00b02025-57021.10.2025R\u00e9c\u00e9piss\u00e9 d\u00e9claration d'activit\u00e9s de services\u00e0 la personne enregistr\u00e9e sous le n\u00b0SAP992648329 au nom de Ja micro-entreprise BOUTON SOLANNE sise 29 Rue du8 Mai 1945 \u00e0 GENNEVILLIERS (92230)133\nDRIEETS-UD92n\u00b02025-57121.10.2025R\u00e9c\u00e9piss\u00e9 d\u00e9claration d'activit\u00e9s de servicesa la personne enregistr\u00e9e sous le n\u00b0SAP992478693 au nom de Ja micro-entreprise Anis BOUMEKHLA sise 9 Avenuede Verdun a FONTENAY-AUX-ROSES (92260)135DRIEETS-UD92n\u00b02025-57222.10.2025Arr\u00eat\u00e9 reconnaissant la qualit\u00e9 de Soci\u00e9t\u00e9Coop\u00e9rative Ouvri\u00e8re de Production (SCOP)137DRIEETS-UD92n\u00b02025-57322.10.2025R\u00e9c\u00e9piss\u00e9 d\u00e9claration d'activit\u00e9s de servicesa la personne enregistr\u00e9e sous le n\u00b0SAP992256586 au nom de la SASUSERVI'QUAL sise 13 rue Paira a MEUDON(92190) 139\nDRIEETS-UD92n\u00b02025-57424.10.2025R\u00e9c\u00e9piss\u00e9 d\u00e9claration modificatived'activit\u00e9s de services \u00e0 la personneenregistr\u00e9e sous le n\u00b0 SAP512069261 au nomde la SAS VILLA BEAUSOLEIL ROANNE sise 13Rue de la Vanne \u00e0 Montrouge (92120)142\nDRIEETS-UD92n\u00b02025-57524.10.2025R\u00e9c\u00e9piss\u00e9 d\u00e9claration modificatived'activit\u00e9s de services \u00e0 la personneenregistr\u00e9e sous le n\u00b0 SAP524978731 au nomde la SARL NOSA SERVICES sise 4 b RueMaurice Delafosse \u00e0 Boulogne Billancourt(92100) 145\nDRIEETS-UD92n\u00b02025-57627.10.2025R\u00e9c\u00e9piss\u00e9 d\u00e9claration d'activit\u00e9s de servicesa la personne enregistr\u00e9e sous le n\u00b0SAP992821058 au nom de la micro-entrepriseSADRAOUI MEROUANE sise 11 Rue Saint-Denis \u00e0 COLOMBES (92700)149\nDRIEETS-UD92n\u00b02025-57727.10.2025R\u00e9c\u00e9piss\u00e9 d\u00e9claration d'activit\u00e9s de servicesa la personne enregistr\u00e9e sous le n\u00b0SAP830461448 au nom de la micro-entrepriseDIAWARA AISSATOU sise 117 Rue deBuzenval a GARCHES (92380)151\nDRIEETS-UD92n\u00b02025-57827.10.2025R\u00e9c\u00e9piss\u00e9 d\u00e9claration d'activit\u00e9s de servicesa la personne enregistr\u00e9e sous le n\u00b0SAP991898909 au nom de la micro-entrepriseMENEUX HELENA sise 2 E Rue Savier aMALAKOFF (92240)153\nDRIEETS-UD92n\u00b02025-57927.10.2025R\u00e9c\u00e9piss\u00e9 d\u00e9claration d'activit\u00e9s de servicesa la personne enregistr\u00e9e sous le n\u00b0SAP992720003 au nom de Ja micro-entreprise MATTHEY JULIANA sise 108Avenue du 12 F\u00e9vrier 1934 \u00e0 MALAKOFF(92240) 155\n \n\nDRIEETS-UD92n\u00b02025-58027.10.2025R\u00e9c\u00e9piss\u00e9 d\u00e9claration d'activit\u00e9s de services\u00e0 la personne enregistr\u00e9e sous le n\u00b0SAP992261016 au nom de la micro-entrepriseGUISET Anaelle sise 91 rue Hoche aMALAKOFF (92240)157\nDRIEETS-UD92n\u00b02025-58127.10.2025R\u00e9c\u00e9piss\u00e9 d\u00e9claration d'activit\u00e9s de servicesa la personne enregistr\u00e9e sous le n\u00b0SAP991787938 au nom de la micro-entrepriseCHAKROUNI Jihane sise 51 AVENUE JeanMoulin a LA GARENNE-COLOMBES (92250)159\nDRIEETS-UD92n\u00b02025-58227.10.2025R\u00e9c\u00e9piss\u00e9 d\u00e9claration d'activit\u00e9s de servicesa la personne enregistr\u00e9e sous le n\u00b0SAP992761189 au nom de la micro-entreprisePERROT Stanisias Jean Baptiste Marie sise 14RUE Saint-Denis a COLOMBES (92700)161\nDRIEETS-UD92n\u00b02025-58327.10.2025R\u00e9c\u00e9piss\u00e9 d\u00e9claration d'activit\u00e9s de servicesa la personne enregistr\u00e9e sous le n\u00b0SAP931510879 au nom de la micro-entrepriseBadreddine Salah HADDAD sise 16 RueCamille Saint Saens a RUEIL-MALMAISON(92500) 163\nDRIEETS-UD92n\u00b02025-58427.10.2025Arr\u00eat\u00e9 reconnaissant la qualit\u00e9 de Soci\u00e9t\u00e9Coop\u00e9rative Ouvri\u00e8re de Production (SCOP)165DRIEETS-UD92n\u00b02025-58528.10.2025R\u00e9c\u00e9piss\u00e9 d\u00e9claration d'activit\u00e9s de servicesa la personne enregistr\u00e9e sous le n\u00b0SAP992907808 au nom de Ja micro-entreprise SEGLA YAO sise 139 Rue MauriceArnoux a MONTROUGE (92120)167\nDRIEETS-UD92n\u00b02025-58628.10.2025R\u00e9c\u00e9piss\u00e9 d\u00e9claration d'activit\u00e9s de servicesa la personne enregistr\u00e9e sous le n\u00b0SAP992403923 au nom de la SASU VIVALIAsise 8-11 all\u00e9e des Passiflores Batiment B aBOIS-COLOMBES (92270)169\nDRIEETS-UD92n\u00b02025-58728.10.2025R\u00e9c\u00e9piss\u00e9 d\u00e9claration d'activit\u00e9s de servicesa la personne enregistr\u00e9e sous le n\u00b0SAP932052319 au nom de la micro-entrepriseIDIRI RYMA sise 79 Rue des Bas Rogers ChezM BOURAOUI MOHAMED \u00e0 SURESNES(92150) 171\nDRIEETS-UD92n\u00b02025-58828.10.2025R\u00e9c\u00e9piss\u00e9 d\u00e9claration d'activit\u00e9s de servicesa la personne enregistr\u00e9e sous le n\u00b0SAP992717074 au nom de la micro-entrepriseRAYAN YASSINE sise 1 Rue de Watford aNANTERRE (92000)173\nDRIEETS-UD92n\u00b02025-58928.10.2025R\u00e9c\u00e9piss\u00e9 d\u00e9claration d'activit\u00e9s de servicesa la personne enregistr\u00e9e sous le n\u00b0SAP991650243 au nom de la micro-entrepriseGONIN CLEMENTINE sise Rue de la Paix aBOULOGNE-BILLANCOURT (92100)175\n \n\nDRIEETS-UD92n\u00b02025-59028.10.2025R\u00e9c\u00e9piss\u00e9 d\u00e9claration d'activit\u00e9s de services\u00e0 la personne enregistr\u00e9e sous le n\u00b0SAP992995969 au nom de Ja micro-entreprise HALHOUL IHSSAN sise 82 ruepierre brossolette B\u00e2timent 2 \u00e0 CHATILLON(92320) 177\nDRIEETS-UD92n\u00b02025-59128.10.2025R\u00e9c\u00e9piss\u00e9 d\u00e9claration d'activit\u00e9s de servicesa la personne enregistr\u00e9e sous le n\u00b0SAP989789318 au nom de la micro-entrepriseLETLAT LAID sise 17 Rue Yves Kermen aBOULOGNE-BILLANCOURT (92100)180\nDRIEETS-UD92n\u00b02025-59228.10.2025R\u00e9c\u00e9piss\u00e9 d\u00e9claration d'activit\u00e9s de servicesa la personne enregistr\u00e9e sous le n\u00b0SAP993064062 au nom de Ja micro-entreprise JELASSI AIMEN sise 13 Rue PaulBert \u00e0 COURBEVOIE (92400)182\nDRIEETS-UD92n\u00b02025-59329.10.2025R\u00e9c\u00e9piss\u00e9 d\u00e9claration d'activit\u00e9s de servicesa la personne enregistr\u00e9e sous le n\u00b0SAP993063080 au nom de Ja micro-entreprise GURDEBECKE RYAN HAMED sise11 Rue Paul Bert a MALAKOFF (92240)184\nDRIEETS-UD92n\u00b02025-59429.10.2025R\u00e9c\u00e9piss\u00e9 d\u00e9claration d'activit\u00e9s de servicesa la personne enregistr\u00e9e sous le n\u00b0SAP992992354 au nom de \u00cela micro-entreprise ROUSSEAU Vincent Olivier Theosise 17 Rue du Bois a NANTERRE (92000)186\nDRIEETS-UD92n\u00b02025-59529.10.2025R\u00e9c\u00e9piss\u00e9 d\u00e9claration d'activit\u00e9s de servicesa la personne enregistr\u00e9e sous le n\u00b0SAP992666859 au nom de la micro-entreprise Judith MAKAKALA sise 83boulevard de la Mission Marchand aCOURBEVOIE (92400)188\nDRIEETS-UD92n\u00b02025-59629.10.2025R\u00e9c\u00e9piss\u00e9 d\u00e9claration d'activit\u00e9s de servicesa la personne enregistr\u00e9e sous le n\u00b0SAP531146421 au nom de la micro-entrepriseXavier DOREMUS sise 6 rue Th\u00e9ophileGautier \u00e0 MONTROUGE (92120)190\nDRIEETS-UD92n\u00b02025-59729.10.2025R\u00e9c\u00e9piss\u00e9 d\u00e9claration d'activit\u00e9s de servicesa la personne enregistr\u00e9e sous le n\u00b0SAP990823494 au nom de la micro-entreprise Deborah VILLE sise 13 AvenueGeorges Pompidou a SURESNES (92150)192\n10\n \n\u202f\n\nEE  Direction  r\u00e9gionale  et interd\u00e9partementale\nde  l'\u00e9conomie,  de  l'emploi,\nBUYTRAUAIL, DE LA SANT\u00c9, du ravi et des sohdartes\nDES  SOLIDARIT\u00c9S\nET  DES  FAMILLES\npo\nR\u00e9c\u00e9piss\u00e9  n*2025-810  de  d\u00e9claration  d'activit\u00e9s de  services  \u00e0 la personne\nenregistr\u00e9e  sous  le n\u00b0 SAP944861673  au  nom  de  la micro-entreprise  CISSOUMA\nAbdoulaye  sise 74  Boulevard  Gallieni \u00e0 ISSY-LES-MOULINEAUX  (92130)\nLE  PREFET  DES  HAUTS-DE-SEINE\nVu  la loi n\u00b0 2010-853 du  23  jullet 2010  relative aux  r\u00e9seaux  consulaires,  au  commerce  et \u00e0\nl'artisanat  et aux  services  (article 31)\nVu  Ia loi n\u00b02015-1776  du  28  d\u00e9cembre  2015  relative \u00e0  l'adaptation de  la soci\u00e9t\u00e9  au\nveilissement\nVu  l'article D7231-1  du  Code  du  travail;\nVu  les d\u00e9crets  n\u00b0 2011-1132  et n\u00b0 2011-1133  du  20  septembre  2011  modifiant  certaines\ndispositions  du  Code  du  traval,  relatives  au ch\u00e8que  emploi-service  universel  et  aux\nservices  \u00e0 la personne  ;\nVu  le d\u00e9cret 2016-750  du 6 juin 2016  relatif \u00e0 a  liste des  activit\u00e9s de  services \u00e0 la personne\nsoumises \u00e0 agr\u00e9ment  ou  autorisation dans  fe cadre  du  r\u00e9gime  commun  de  la d\u00e9caration\n'Vu le d\u00e9cret du 31 octobre 2024  portant nomination de  Monsieur  Alexandre  BRUGERE,  en\nqualt\u00e9 de Pr\u00e9fet des Hauts-de-Seine ;\nVu  l'ar\u00e9t\u00e9 interminist\u00e9riel du  12 ao\u00fbt 2025  nommant  Monsieur  Fabrice MASI,  Directeur\nr\u00e9gional  tinterd\u00e9partemental de l'\u00e9conomie,  de l'emplo,  du  travail et des solidarit\u00e9s d'le-\nde-France \u00e0 compter du 25 ao\u00fbt  2025  ;\nVu  l'arr\u00eat\u00e9 pr\u00e9fectoral n\u00b02025-33  du  22  ao\u00fbt  2025  par  lequel le Pr\u00e9fet des  Hauts-de-Seine\nd\u00e9l\u00e8gue  sa  signature  \u00e0  Monsieur  Fabrice  MASI,  Directeur  r\u00e9gional et interd\u00e9partemental\nde l'\u00e9conomie, de  l'emploi, du travailet des solidarit\u00e9s d'\u00cele-de-France ;\nVu  la d\u00e9cision n\u00b0 2025-187  du  25 ao\u00fbt 2025  portant subd\u00e9l\u00e9gation de  signature de  Monsieur\nFabrice  MASI,  Directeur  r\u00e9gional  et interd\u00e9partemental  de  l'\u00e9conomie,  de  l'emploi, du\ntravail et des  soldarit\u00e9s  d'\u00cele-de-France, aux  agents  de  I Unit\u00e9  d\u00e9partementale  des  Hauts-\nde-Seine ;\nVu  la d\u00e9claration  d'acthit\u00e9s  de  services  \u00e0 la personne  d\u00e9pos\u00e9es  le 15  septembre  2025  au\nnom  de  la micro-entreprise CISSOUMA  Abdoulaye  sise 74  Boulevard  Galeni  \u00e0 ISSY-\nLES-MOULINEAUX  (92130)\n\n{Apr\u00e8s examen du dossier, cette demande \u00e9tant conforme auxdispositionsde article L. 7232-1-\n'\u00e2u code du travail, le pr\u00e9sent r\u00e9c\u00e9piss\u00e9 de d\u00e9claration d activit\u00e9s de services \u00e0 la personne \u00e0\n\u00e9t\u00e9 enregistr\u00e9 au nom de la micro-entreprise CISSOUMA Abdoulaye sous le num\u00e9ro SAP\n944861673\nLes  activit\u00e9s d\u00e9clar\u00e9es sont les suivantes, \u00e0 l'exclusion de toute autre\n= Soutien scolaire ou  cours  \u00e0 domicile ;\nPrestations relevant du b\u00e9n\u00e9fice de La r\u00e9duction d'imp\u00f4t pr\u00e9vue \u00e0 l'article 199 sexdecies du Code\nGeneral  des  Imp\u00f4ts.\nLa structure exerce ces activit\u00e9s selon le mode  suivant PRESTATAIRE\n'Sous r\u00e9serve d'\u00eatre exerc\u00e9es \u00e0 tire exclusf par le d\u00e9clarant (ou sous r\u00e9serve d'une comptablit\u00e9\ns\u00e9par\u00e9e pour les personnes morales dispens\u00e9es de a condition d'activit\u00e9 exclusive) ces activit\u00e9s\n'ouvrent drot au b\u00e9n\u00e9fice des dispositions des articles L. 7233-2 du code du travail et L. 241-10\ndu code  de la s\u00e9curit\u00e9 sociale.\n'Conform\u00e9ment aux dispositions de article R7232-19 du code du travai. l'organisme d\u00e9clar\u00e9 doit\nproduire au moins chaque trimestre un \u00e9tat d'activit\u00e9 et chaque ann\u00e9e un bian quantitatif et\n'quaitatf de Factivite exerc\u00e9e au bre de l'ann\u00e9e \u00e9coul\u00e9e ainsi qu'un tableau statistique annuel.\nSitorganisme d\u00e9clar\u00e9 comport plusieurs \u00e9tablissements, les \u00e9tats statistiques et le bilan annuel\ndistinguent l'actit\u00e9 exerc\u00e9e par chaque \u00e9tablissement\nLo pr\u00e9sent r\u00e9c\u00e9piss\u00e9 prend  effet le 15 septembre  2025.\nL'enregistromentde la d\u00e9claration pourra \u00eatre retir\u00e9 si l'organisme d\u00e9clar\u00e9 cesse de remplir\nles conditions ou de rospector les obligations mentionn\u00e9es aux 4',6\u00b0 et 6\u00b0 do l'article\nR7232-7 ou qui m\u00e9connalt les obligations d\u00e9finies \u00e0 article R7232-19 du code du travail.\n'Toute modification concernant la structure d\u00e9clar\u00e9e ou les activit\u00e9s.exerc\u00e9es devra, sous\npeine de retrait de la d\u00e9claration, faire l'objet dune d\u00e9claration modificative aupr\u00e8s de l'Unit\u00e9\nd\u00e9partementale  des Hauts-de-Seine.\nLe pr\u00e9sent r\u00e9c\u00e9piss\u00e9sera publi\u00e9 au recueil des actes administratifs de la pr\u00e9fecture des Hauts.\nde-Seine.\nFait \u00e0 Nanterre, le 1* octobre 2028.\nPour  le Pr\u00e9fet\nPar  d\u00e9l\u00e9gation  ot subd\u00e9l\u00e9gation\nLa  Responsable  du  service\nD\u00e9veloppement  de  l'emploi et des\neu\"\n\nEE  Direction  r\u00e9gionale  et interd\u00e9partementale\nMINISTERE de l'\u00e9conomie,de l'emploi,\nDU  TRAVAIL,  DE  LA SANT\u00c9,  du travail ot des solidarit\u00e9s\nDES  SOLIDARIT\u00c9S\nET  DES  FAMILLES\nEM\nR\u00e9c\u00e9piss\u00e9  n\u00b02025-511  de  d\u00e9claration  d'activit\u00e9s  de  services  \u00e0 la personne\nenregistr\u00e9e  sous  le n\u00b0  SAP991771544  au  nom  de  la micro-entreprise  COULIBALY\nHAIDA  AMY  sise  1 Rue  du  11 Novembre  1918  \u00e0 CLICHY  (92110)\nLE  PREFET  DES  HAUTS-DE-SEINE\nVu  la loi n\u00b0 2010-863  du  23  jullet 2010  relative aux  r\u00e9seaux  consulaires, au  commerce  et \u00e0\nFartisanat ot aux  services  (article 31)\nVu  la loi n\u00b02015-1776  du  28  d\u00e9cembre  2015  relative\nviilissement :\nfaptation de  la soci\u00e9t\u00e9  au\nVu  l'article 072311  du  Code  du  travail;\nVu  les d\u00e9crets  n\u00b0 2011-1132  et n\u00b0 2011-1133  du  20  septembre  2011  modifiant  cortaines\ndispostions  du  Code  du  travail, relatives au  ch\u00e8que  emplo-service  universel et aux\n'services \u00e0 la personne  ;\nVu  le d\u00e9cret  n\u00b02016:750  du 6 jun  2016 relatif \u00e0 la iste des activites de services \u00e0 Ia personne\nsoumises \u00e0 agr\u00e9ment  ou autorisation dans le cadre  du r\u00e9gime  commun  de la d\u00e9claration ;\nVu  le d\u00e9cret  du  31 octobre  2024  portant  nomination  de  Monsieur  Alexandre  BRUGERE,  en\nqualit\u00e9 de  Pr\u00e9fet des  Hauts-de-Seine  ;\nVu  Farr\u00e9te interminist\u00e9riel du  12 ao\u00fbt  2025  nommant  Monsieur  Fabrice  MASI,  Directeur\nr\u00e9gional et interd\u00e9partemental de l'\u00e9conomie, de  l'emplo, du travail et des  solidarit\u00e9s d'le-\nde-France \u00e0 compter  du 25 ao\u00fbt  2025 ;\nVu  l'ar\u00e8t\u00e9 pr\u00e9fectoral n'2026-33  du  22  ao\u00fbt  2025  par  lequel le Pr\u00e9fet des  Hauts-de-Seine\nd\u00e9l\u00e8gue  sa  signature  \u00e0  Monsieur  Fabrice  MASI,  Directeur  r\u00e9gional et interd\u00e9partemental\nde l'\u00e9conomie, de l'emploi, du travail et des solidarit\u00e9s d'\u00cele-de-France;\nVu  la d\u00e9cision  n\u00b0 2025-157  du  25  ao\u00fbt  2025  portant  subd\u00e9l\u00e9gation  de  signature  de  Monsieur\nFabrice  MASI,  Directeur  r\u00e9gional  et  interd\u00e9partemental  de  l'\u00e9conomie,  de  l'emploi, du\ntraval  et des  solidarit\u00e9s d'\u00cele-de-France, aux  agents  de  l'Unit\u00e9 d\u00e9partemental  des  Hauts.\nde-Seine  ;\nVu  la d\u00e9claration  d'actiit\u00e9s de  services  \u00e0 la personne  d\u00e9pos\u00e9es  le 25  septembre  2025  au\nnom  de  la micro-entreprise  COULIBALY  HAIDA  AMY  sise 1 Rue  du  11 Novembre  1918  \u00e0\nCLICHY  (92110);\n\nApr\u00e8s  examen  du  dossier, cette demande  \u00e9tant conforme  aux  dispositions de  Farticle L. 7232\n1 du code  du travail, le pr\u00e9sent  r\u00e9c\u00e9piss\u00e9  de d\u00e9claration d'activit\u00e9s de services \u00e0 la personne  a\n\u00e9t\u00e9 enregistr\u00e9 au nom  de  la micro-entreprise  COULIBALY  HAIDA  AMY  sous  le num\u00e9ro  SAP\n991771544,\nLes  activit\u00e9s d\u00e9clar\u00e9es  sont les suivantes,  & l'exclusion de  toute autre\n= Entrotien  de la maison  et travaux  m\u00e9nagers  ;\n= Garde  d'enfants  de  plus  de  trois  ans \u00e0 domicile  ;\n= Accompagnement des  enfants  de  plus  de  trois  ans  dans  leurs  d\u00e9placements en\ndehors  de  leur domicile  (promenades,  transports,  actes  de la vie courant)  ;\nPrestations  relevant du  b\u00e9n\u00e9fice  dela  r\u00e9duction  imp\u00f4t  pr\u00e9vue  \u00e0 ace  199  sexdecies  du  Code\nG\u00e9n\u00e9ral  des  Imp\u00f4ts.\nLa  structure  exerce ces  activit\u00e9s  selon  le mode  suivant  : PRESTATAIRE\n'Sous  r\u00e9serve  d'\u00eatre exerc\u00e9es  \u00e0 tire exclusif par  le  d\u00e9clarant  (ou  sous r\u00e9serve  dune  comptabilit\u00e9\ns\u00e9par\u00e9e  pour les personnes morales dispens\u00e9es de la condition d'act\u00e9  exclusive) ces activit\u00e9s\n'ouvrent dro au b\u00e9n\u00e9fice des  dispositions des  artcies  L. 7233-2  du  code du traval  et L. 241-10\ndu code  de  la s\u00e9curt\u00e9  sociale.\n'Conform\u00e9ment  aux  dispositions  de  article R7232-19  du  code  du  travail, l'organisme  d\u00e9ciar\u00e9  doit\nproduire au moins  chaque  timestre un \u00e9tat d'activit\u00e9 et chaque ann\u00e9e  un bilan quanitatf et\nualtatf de activit\u00e9 exerc\u00e9e au tire de l'ann\u00e9e \u00e9coul\u00e9e ainsi qu'un tableau statistique annuel.\nSi l'organisme  d\u00e9clar\u00e9  comporte  plusieurs  \u00e9tablissements,  les \u00e9tats statistiques et le bilan annuel\ndistinguent  l'activit\u00e9 exerc\u00e9e  par  chaque  \u00e9tablissement.\nLe  pr\u00e9sent  r\u00e9c\u00e9piss\u00e9  prond  offet le 25  septembre  2025.\nL'enregistrement de la d\u00e9claration  pourra  \u00eatre rotir\u00e9si l'organisme  d\u00e9clar\u00e9  cesse  de  remplir\nles conditions  ou  de  respecter  les obligations  mentionn\u00e9es  aux  4\u00b0,5\u00b0 et 6\u00b0 de  l'article\n7232-17  ou  qui  m\u00e9connait  los obligations d\u00e9finies  \u00e0 l'article R7232-19  du  code  du  travail.\ndevra, sous\npeine de retrait de la d\u00e9claration, faire l'objet dune  d\u00e9claration modificative aupr\u00e8s de l'Unit\u00e9\nd\u00e9partementale  des  Hauts-de-Seine\nLa  Brent  dpi  sera  publ  au  au  ds  ate  amies  de  la pr\u00e9fecture  des  Hat\nne\nFat \u00e0  Nanterre,  le 1*  octobre  2025,\nPour  le Pr\u00e9fet\nPar  d\u00e9l\u00e9gation  et subd\u00e9l\u00e9gation\nLa  Responsable  du service\nD\u00e9veloppement  de  l'emploi  et des\n\nEs  Direction  r\u00e9gionale  et interd\u00e9partementale\nMINISTERE de l'\u00e9conomie, de l'emploi,\nDU  TRAVAIL,  DE  LA  SANT\u00c9,  du travall et des solidarit\u00e9s\nDES  SOLIDARIT\u00c9S\nET  DES  FAMILLES\nEMA\nR\u00e9c\u00e9piss\u00e9  n\u00b02028-512  de  d\u00e9claration  d'activit\u00e9s de services  \u00e0 la personne\nenregistr\u00e9e  sous  le n\u00b0 SAP938380607  au  nom  de  la  micro-entreprise  SECKE\nINGRID  sise  21 Rue  Moli\u00e8re  \u00e0 COURBE  VOIE  (92400)\nLE  PREFET  DES  HAUTS-DE-SEINE\nVu  la loi n\u00b0 2010-863  du 23  juil  2010  relative aux r\u00e9seaux  consulaires, au commerce  et \u00e0\nFatisanat  et aux  services  (article 31)\nVu  la loi n\u00b02015-1776  du  28  d\u00e9cembre  2015  relative \u00e0 l'adaptation de  la soci\u00e9t\u00e9 au\nviilissement ;\nVu  l'aticle D7231:1  du  Code  du travail;\nVu  les d\u00e9crets n\u00b0 2011-1132  et n\u00b0 2011-1133  du 20  septembre  2011  modifiant certaines\ndispositions du  Code  du  travail, relatives au ch\u00e8que  emploi-service universel et aux\n'services \u00e0 la personne  ;\nVu  le d\u00e9cret n\u00b02016750 du 6 juin 2016 relatif \u00e0 la liste des activit\u00e9s de services\u00e0 la personne\n'soumises \u00e0 agr\u00e9ment  ou  \u00e0  autorisation dans le cadre  du  r\u00e9gime  commun  dela d\u00e9claration\nVu  le d\u00e9cret du  31 octobre 2024  portant nomination de  Monsieur  Alexandre  BRUGERE,  en\nqualit\u00e9 de Pr\u00e9fet des Hauts-de-Seine ;\nVu  Tarr\u00e9t\u00e9 interminist\u00e9riel du 12 ao\u00fbt 2025  nommant  Monsieur  Fabrice MASI,  Directeur\nr\u00e9gional  et interd\u00e9partemental  de  l'\u00e9conomie, de  l'emploi, du  travail t des  solidarit\u00e9s dle-\ndde-France  \u00e0 compter  du  25  ao\u00fbt  2025  :\nVu  l'ar\u00f4t\u00e9 pr\u00e9fectoral n\u00b02025-33  du  22 ao\u00fbt 2025  par lequel le Pr\u00e9fet des  Hauts-de-Seine\nd\u00e9l\u00e2gue  sa signature  \u00e0 Monsieur  Fabrice  MASI,  Directeur  r\u00e9gional  et Interd\u00e9partemental\nde  l'\u00e9conomie, de l'emploi, du travail et des solidarit\u00e9s d'le-de-France ;\nVu  la d\u00e9cision n\u00b0 2025-157  du  25  ao\u00fbt 2025  portant subd\u00e9l\u00e9gation de  signature de  Monsieur\nFabrice  MASI,  Directeur  r\u00e9gional et interd\u00e9partemental  de  l'\u00e9conomie,  de  l'emploi, du\ntravail et des  solidarit\u00e9s d'le-de-France,  aux  agents  de  l'Unit\u00e9 d\u00e9partementale  des  Hauts-\nde-Seine  ;\n'Vu la d\u00e9claration  d'actvit\u00e9s  de  services  \u00e0 la personne  d\u00e9pos\u00e9es  le 25  ao\u00fbt  2025  au  nom  de\nla micro-entreprise  SECKE  INGRID  sise 21 Rue  Moli\u00e9re  \u00e0  COURBEVOIE  (92400)  ;\n\n'Apr\u00e8s examen  du dossier, cette demande  \u00e9tant conforme  aux  dispositionsde l'article L. 7232\n1 du  code  du  traval,  le pr\u00e9sent  r\u00e9c\u00e9piss\u00e9  de  d\u00e9claration  d activit\u00e9s de  services  \u00e0  la personne  a\n\u00e9t\u00e9  enregistr\u00e9  au  nom  de  la micro-entreprise  SECKE  INGRID  sous le num\u00e9ro  SAP  938380607.\nLes  activit\u00e9s d\u00e9clar\u00e9es  sont les suivantes,  \u00e0 l'exclusion de  toute  autre\n= Entrotion  de  la maison  et travaux  m\u00e9nagers  ;\n+ Travaux  de  petit bricolage  dits \u00ab homme  toutes  mains  \u00bb ;\nPrestations  relevant du  b\u00e9n\u00e9fice  dela  r\u00e9duction  d'imp\u00f4t  pr\u00e9vue  \u00e0 Farticle 199  sexdecies  du  Code\nG\u00e9n\u00e9ral  des  Imp\u00f4ts.\nLa  structure  exerce  ces  activit\u00e9s  selon  le mode  suivant  : PRESTATAIRE\nSous  r\u00e9serve  d'\u00eatre exerc\u00e9es  \u00e0  tre  exclusif par  le d\u00e9clarant  (ou  sous  r\u00e9serve  d'une  comptabiit\u00e9\ns\u00e9par\u00e9e  pour les personnes  morales dispens\u00e9es  de la condition dactivit\u00e9 exclusive), ces activit\u00e9s.\nouvrent  droit au  b\u00e9n\u00e9fice des dispositions des articles L. 7233-2  du  code du traval et L. 241-10\n'du code  de  la s\u00e9curit\u00e9 sociale.\n(Conform\u00e9ment  aux  dispositions de l'aticie R7232-19 du code  du travail organisme  d\u00e9clar\u00e9  doit\nproduire au moins chaque trimestre un \u00e9tat d'activit\u00e9 et chaque  ann\u00e9e  un bilan quanitatf et\nquaitatf de l'activit\u00e9 exerc\u00e9e  au  tire de l'ann\u00e9e \u00e9coul\u00e9e  ainsi qu'un tableau statistique annuel\nSi l'organisme d\u00e9clar\u00e9  comporte  plusieurs  \u00e9tablissements,  les \u00e9tats statistiques et le bilan annuel\ndlistinguent l'actit\u00e9 exerc\u00e9e  par  chaque  \u00e9tablissement.\nLe  pr\u00e9sent  r\u00e9c\u00e9piss\u00e9  prend  effet le 28  ao\u00fbt  2026.\nL'enregistrement  de la d\u00e9claration  pourra \u00eatre retir\u00e9 si l'organisme  d\u00e9clar\u00e9 cesse  de remplir\nles conditions  ou  de  respecter  les obligations  mentionn\u00e9es  aux  4\u00b0,6* et 6\u00b0 de  l'article\n7232-17  ou  qui  m\u00e9connait  les obligations  d\u00e9finies  \u00e0 l'article R7232-19  du  code  du  travail.\n'Toute modification concemant  la structure d\u00e9clar\u00e9e ou ls  activit\u00e9s exerc\u00e9es devra sous\npeine  de  reat  de  la d\u00e9claration, fare  Tobjet dune  d\u00e9claration  modiicalve  aupr\u00e9s  de  (Unite\nS\u00e9parementaie  des  Hauts-de-Seine\nLe pr\u00e9sent  r\u00e9c\u00e9piss\u00e9  sera publi\u00e9  au recueil  des  actes  administratifs de Ia pr\u00e9fecture  des  Hauts-\nde-Seine.\nFait \u00e0  Nanterre, le 1*  octobre  2025,\nPour  le Pr\u00e9fet\nPar  d\u00e9l\u00e9gation  ot subd\u00e9l\u00e9gation\nLa  Responsable  du sorvice\nD\u00e9veloppement  de l'emploi  ot des\ncom! i\n'CONDE\n\n=z  Direction r\u00e9gionale et interd\u00e9partementale\nMINISTERE de l'\u00e9conomie, de l'emploi,\nDU  TRAVAIL, DE LA SANT\u00c9, du travail ot des solidarit\u00e9s\nDES  SOLIDARIT\u00c9S\nET  DES  FAMILLES\nEM\nR\u00e9c\u00e9piss\u00e9  n\u00b02025513  de  d\u00e9claration d'activit\u00e9s de  services \u00e0 la personne\nenregistr\u00e9e sous  le n\u00b0 SAP991552399  au nom  de la micro-entreprise MORTREUIL\nEmmanuel  sise 1 Impasse  de la Tour  \u00e0 CLAMART  (92140)\nLE  PREFET  DES  HAUTS-DE-SEINE\nVu  la loi n\u00b0 2010-863  du 23 jullet 2010  relative aux  r\u00e9seaux  consulaires, au commerce et \u00e0\nl'artisanat et aux  services  (article 31) ;\nVu  la loi n\u00b02016-1776  du 28  d\u00e9cembre  2015  relative \u00e0 l'adaptation de la soci\u00e9t\u00e9 au\nvellissement :\nVu  l'article D7231-1  du  Code du travail;\nVu  les d\u00e9crets n\u00b0 2011-1132  et n\u00b0 2011-1133  du  20 septembre  2011 modifiant cartaines\ndispositions du  Code  du travail, relatives au ch\u00e8que  emploi-service universel et aux\nservices  \u00e0 la personne  ;\nVu  le d\u00e9cret n\u00b02016:750  du 6 jun 2016 relatif \u00e0 la liste des activit\u00e9s de services \u00e0 la personne\nsoumises  \u00e0 agr\u00e9ment ou \u00e0 autorisation dans le cadre du r\u00e9gime commun  dela d\u00e9claration ;\nVu  le d\u00e9cret du 31 octobre 2024 portant nomination de Monsieur Alexandre BRUGERE,  en\nqualit\u00e9 de  Pr\u00e9fet des  Hauts-de-Seine  ;\nVu  l'ar\u00f4t\u00e9 interminist\u00e9riel du 12 ao\u00fbt 2025  nommant  Monsieur  Fabrice MASI,  Directeur\nr\u00e9gionalet interd\u00e9partemental de  l'\u00e9conomie, de  l'emploi du travailet des solidant\u00e9s d'le-\ndde-France \u00e0 compter  du  25  ao\u00fbt  2025\nVu  l'arr\u00eat\u00e9 pr\u00e9fectoral n\u00b02026-33 du 22 ao\u00fbt 2025 par lequel le Pr\u00e9fet des Hauts-de-Seine\nd\u00e9l\u00e8gue sa signature \u00e0 Monsieur Fabrice MASI, Directeur r\u00e9gional et interd\u00e9partemental\nde l'\u00e9conomie, de l'emploi, du travailet des solidarit\u00e9s d'le-de-France ;\nVu  la d\u00e9cision n\u00b0 2025-187  du  25  ao\u00fbt 2025  portant subd\u00e9l\u00e9gation de  signature de  Monsieur\nFabrice MASI,  Directeur r\u00e9gional et interd\u00e9partemental de l'\u00e9conomie, de  Templo,  du\ntravail et des  soldart\u00e9e  d'le-de-France, aux  agents  de l'Unit\u00e9 d\u00e9partementale  des  Hauts-\nde-Seine  ;\nVu  la d\u00e9claration d'acthit\u00e9s de services \u00e0 la personne  d\u00e9pos\u00e9es  le 25 septembre  2025 au\nnom  de  la micro-entreprise MORTREUIL  Emmanuel  sise 1 Impasse  de la Tour \u00e0\nCLAMART  (92140);\n\n'Apres examen  du  dossier, cette demande  \u00e9tant conforme  aux  dispostions  de  l'article L. 7232-\n1 du code  du travai, le pr\u00e9sent  r\u00e9c\u00e9piss\u00e9  de d\u00e9claration d activites de services \u00e0 Ia personne  a\n\u00e9t\u00e9 enregistr\u00e9 au nom  de  la micro-entreprise MORTREUIL  Emmanuel  sous le num\u00e9ro  SAP\n1991552399,\nLes  activit\u00e9s  d\u00e9clar\u00e9es  sont  les  suivantes,  \u00e0  exclusion  de  toute  autre\n= Soutien  scolaire  ou  cours  \u00e0 domicile  ;\nPrestations  relevant du  b\u00e9n\u00e9fice  dela  r\u00e9duction  d'imp\u00f4t  pr\u00e9vue  \u00e0 Farticle 199  sexdecies  du  Code\nG\u00e9n\u00e9ral  des  Imp\u00f4ts.\nLa  structure  exerce  ces  activit\u00e9s  selon  le mode  suivant  : PRESTATAIRE\nSous  r\u00e9serve  d'\u00eatre exerc\u00e9es  \u00e0  tire exclusif par le d\u00e9clarant  (ou  sous  r\u00e9serve  dune  comptabilit\u00e9\n's\u00e9par\u00e9e pour les personnes  morales  dispens\u00e9es de la condition d'activit\u00e9 exclusive), ces activit\u00e9s\n'ouvrent droit au  b\u00e9n\u00e9fice  des  dispositions  des  articies L. 7233-2  du  code  du  traval et L. 241-10\ndu  code  de  la s\u00e9curt\u00e9  social.\nConform\u00e9ment  aux  dispositions de  l'articie R7232-19  du  code  du  travail l'organisme  d\u00e9clar\u00e9  doit\nproduire au moins chaque timestre un \u00e9tat d'activit\u00e9 et chaque ann\u00e9e un bilan quantitatif et\nqualtatf  de  Factivite exerc\u00e9e  au  tire de  l'ann\u00e9e  \u00e9coul\u00e9e  ainsi qu'un  tableau  statistique annuel.\nSi l'organisme  d\u00e9ciar\u00e9  comporte  plusieurs  \u00e9tablissements,  les \u00e9tats statistiques et le ban  annuel\ndistinguent  l'acti\u00e9  exerc\u00e9e  par  chaque  \u00e9tablissement.\nLe  pr\u00e9sent  r\u00e9c\u00e9piss\u00e9  prond  offet le 25  septembre  2025.\nL'enregistrement  de la d\u00e9claration  pourra  \u00eatre rotir\u00e9 si l'organisme  d\u00e9clar\u00e9  cesse  de remplir\nles conditions  ou  de  respecter  les obligations mentionn\u00e9es  aux  4\u00b0,5\u00b0 et 6\u00b0 de  l'article\nR7232-17  ou  qui  m\u00e9connalt  les obligations  d\u00e9finies  \u00e0 l'article R7232-19  du  code  du  travail.\n'Toute modification concernant la structure d\u00e9clar\u00e9e ou les activit\u00e9s oxerc\u00e9es devra, sous\npeine  de  retrait de  la d\u00e9claration, faire l'objet d'une  d\u00e9claration  modifcative  aupr\u00e8s  de  [Unite\nd\u00e9partementale  des  Hauts-de-Seine\nLe  pr\u00e9sent  r\u00e9c\u00e9piss\u00e9  sera publi\u00e9  au recueil  des  actes  adminstratits  de la pr\u00e9fecture  des  Hauts-\nde-Seine.\nFait \u00e0 Nanterre,  le 1* octobre  2025.\nPour  lo Pr\u00e9fet\nPar  d\u00e9l\u00e9gation  ot subd\u00e9l\u00e9gation\nLa  Responsable  du service\nD\u00e9veloppement  de  l'emploi  et  des\ncomp\u00e9tences\nGas\nCONDE\n\n=z  Direction r\u00e9gionale et interd\u00e9partementale\nMINISTERE de l'\u00e9conomie, de l'emploi,\nDU TRAVAIL, DE LA SANT\u00c9, du travail ot des solidarit\u00e9s\nDES  SOLIDARIT\u00c9S\nET  DES  FAMILLES\nPema\nR\u00e9c\u00e9piss\u00e9  n\u00b02025-514  de  d\u00e9claration d'activit\u00e9s de  services  \u00e0 la personne\nenregistr\u00e9e sous  le n\u00b0 SAP991731621  au nom  de la micro-entreprise DAGO\nDJESSOU  sise 14  Rue  Pasteur \u00e0 CLICHY  (92110)\nLE  PREFET  DES  HAUTS-DE-SEINE\n'Vu la loi n\u00b0 2010-863 du 23 jullet 2010 relative aux r\u00e9seaux consulaires, au commerce et \u00e0\nl'artisanat et aux  services (article 31) ;\nVu  la loi n\u00b02015-1778 du 28 d\u00e9cembre  2015 relative \u00e0 l'adaptation de la soci\u00e9t\u00e9 au\nvellissement ;\nVu  l'aricie D7231-1  du  Code  du  travail\nVu  les d\u00e9crots n\u00b0 2011-1132 et n\u00b0 2011-1133 du 20 septembre 2011 modifiant certaines\ndispositions du Code  du  traval, relatives au  ch\u00e8que  emplo-service  universal et aux\nservices  \u00e0 la personne\n'Vu le d\u00e9cret n\u00b02016750 du 6 jun 2016relatif\u00e0 la listedes activit\u00e9s de services\u00e0 la personne\nsoumises \u00e0 agr\u00e9ment  ou \u00e0 autorisationdans le cadre  du r\u00e9gime  commun  de la d\u00e9ciaraion ;\nVu  le d\u00e9cret du 31 octobre 2024  portant nomination de Monsieur Alexandre BRUGERE,  en\nqualit\u00e9 de  Pr\u00e9fet des  Hauts-de-Seine ;\nVu  Farr\u00e9te interminist\u00e9riel du 12 ao\u00fbt 2025 nommant  Monsieur Fabrice MASI, Directeur\nr\u00e9gional et interd\u00e9partemental de  l'\u00e9conomie, de l'emplol, du travail et des  solidarit\u00e9s dll\nde-France  \u00e0 compter  du  25  ao\u00fbt  2025 :\nVu  l'ar\u00eat\u00e9 pr\u00e9fectoral n\u00b02028-33 du 22 ao\u00fbt 2025  par lequel le Pr\u00e9fet des Hauts-de-Seine\nd\u00e9l\u00e8gue  sa signature \u00e0 Monsieur  Fabrice MASI,  Directeur r\u00e9gional et interd\u00e9partemental\nde l'\u00e9conomie,de Templo, du travail et des soldartes d'le-de-France ;\nVu  la d\u00e9cision n\u00b0 2025-157 du 25 ao\u00fbt 2025 portant subd\u00e9l\u00e9gation de signature de Monsieur\nFabrice MASI, Directeur r\u00e9gional et interd\u00e9partemental de l'\u00e9conomie, de l'emploi, du\ntravail et des  soldart\u00e9s d'le-de-France, aux  agents de  Unite  d\u00e9partementale  des  Hauts-\nde-Seine  ;\nVu  la d\u00e9claration d'actvit\u00e9s de services \u00e0 la personne d\u00e9pos\u00e9es  le 26 septembre 2025 au\nnom  de la micro-entreprise DAGO  DJESSOU  sise 14 Rue  Pasteur \u00e0 CLICHY  (92110);\n\n'Apr\u00e8s examen du dossier, cette demande \u00e9tant conforme aux dispositions de l'article L. 7232-\n1 du  code  du  traval le pr\u00e9sent  r\u00e9c\u00e9piss\u00e9  de  d\u00e9claration  d'activit\u00e9s  de  services  \u00e0  la personne  a\n\u00e9t\u00e9  enregistr\u00e9  au  nom  de  la micro-entreprise  DAGO  DJESSOU  sous  le num\u00e9ro  SAP.\n991731621.\nLes  activites  d\u00e9clar\u00e9es  sont  es  suivantes,  \u00e0  l'exclusion  de toute  autre\nEntretien  de  la maison  et  travaux  m\u00e9nagers  ;\nPrestations  relevant du  b\u00e9n\u00e9fice  de\nGeneral  des  Imp\u00f4ts.\nLa  structure  exerce  ces  activit\u00e9s  selon  le  mode  suivant  : PRESTATAIRE\nr\u00e9duction  d'imp\u00f4t  pr\u00e9vue  \u00e0  l'article 199  sexecies  du  Code\nSous  r\u00e9serve  d'\u00eatre exerc\u00e9es  \u00e0 tire exclusif par  le d\u00e9clarant  (ou sous r\u00e9serve  d'une  comptabilit\u00e9\ns\u00e9par\u00e9e  pour  les  personnes  morales  dispens\u00e9es  de  la condition  d activit\u00e9 exclusive),  ces  activit\u00e9s\nouvrent  drot  au  b\u00e9n\u00e9fice  des  dispositions  des  articles L. 7233-2  du  code  du  traval et _ 241-10,\ndu  code  de  la s\u00e9curit\u00e9 social\n'Conform\u00e9ment  aux  dispositions  de  l'article R7232-19  du  code  du  travail, l'organisme  d\u00e9clar\u00e9  doit\nproduire au moins chaque  trimestre un \u00e9tat dactivit\u00e9 et chaque  ann\u00e9e  un bilan quanttatf et\n'qualtaif de  Factvite exerc\u00e9e  au tre  de  l'ann\u00e9e \u00e9coul\u00e9e  ainsi qu'un tableau statistique annuel.\nSi organisme  d\u00e9clar\u00e9  comporte  plusieurs  \u00e9tablissements,  les \u00e9tats statistiques et le bilan annuel\ndistinguent  Factivit\u00e9 exerc\u00e9e  par  chaque  \u00e9tablissement.\nLo  pr\u00e9sent  r\u00e9c\u00e9piss\u00e9  prend  effet le 26  septembre  2025.\n'enregistrement de la d\u00e9claration pourra  tre  rotir\u00e9si  l'organisme  d\u00e9clar\u00e9  cesse  de remplir\nles conditions  ou  de  respecter les  obligations  mentionn\u00e9es  aux 4\u00b0,5\u00b0 et 6\u00b0 do  l'article\nR7232417 ou qui  m\u00e9connalt  les obligations  d\u00e9finies  \u00e0 l'article R7232-19  du code du travail.\n'Toute modification concernant la structure d\u00e9clar\u00e9e ou les activit\u00e9s exerc\u00e9es devra, sous\npeine  de  retrait de  la d\u00e9claration, faire l'objet dune  declaration  modincative  aupr\u00e9s  de  l'Unit\u00e9\nd\u00e9partementale  des  Hauts-de-Seine.\nLe pr\u00e9sent  r\u00e9c\u00e9piss\u00e9  sera publi\u00e9  au recueil  des  actes  adminstratis  de la pr\u00e9fecture  des  Hauts-\nde-Seine.\nFait \u00e0 Nanterre,  le 1* octobre  2025.\nResponsable  du  service\nD\u00e9veloppement  de l'emplo  et des\ncomp\u00e9tences\nCr\n1a CONDE\n\n=n  Direction r\u00e9gionale et interd\u00e9partementale\nMINISTERE 'de l'\u00e9conomie, de l'emploi,\nDU  TRAVAIL,  DE  LA SANT\u00c9,  du travail ot des solidarit\u00e9s\nDES  SOLIDARITES\nET  DES  FAMILLES\nod\nR\u00e9c\u00e9piss\u00e9  n\u00b02025-515  de  d\u00e9claration d'activit\u00e9s de  services \u00e0 la personne\nenregistr\u00e9e  sous  le n\u00b0 SAP991824244  au  nom  de  la micro-entreprise\nNDABARUSHINGINGO  SAMELIA  sise 6 All\u00e9e Pierre Lescot  \u00e0 NANTERRE  (92000)\nLE  PREFET  DES  HAUTS-DE-SEINE\n'Vu la loi n\u00b0 2010-853  du 23 juilet 2010  relative aux  r\u00e9seaux  consulaires, au commerce et \u00e0\nl'artisanat  et aux  services  (article 31)  ;\nVu  la li n\u00b02015-1776  du 28  d\u00e9cembre  2015  relative \u00e0 adaptation  de la soci\u00e9t\u00e9 au\nvieilissement\nVu  l'article D7231-1  du  Code  du  travail;\nVu  les d\u00e9crets n\u00b0 2011-1132  et n\u00b0 2011-1133  du  20 septembre  2011  modifiant certaines\ndispositions du Code  du traval relatives au ch\u00e8que emploi-service universel et aux\nservices \u00e0 la personne\nVu  le d\u00e9cret n\u00b02016750 du 6 jun 2016 relatif \u00e0 la liste des activit\u00e9s de services \u00e0 ia personne\nsoumises  \u00e0 agr\u00e9ment  ou \u00e0 autorisation dans  le cadre  du r\u00e9gime commun  de la d\u00e9ciaration ;\nVu  le d\u00e9cret du 31 octobre 2024 portant nomination de Monsieur Alexandre BRUGERE,  en\nqualit\u00e9 de  Pr\u00e9fet des  Hauts-de-Seine\nVu  l'ar\u00e9t\u00e9 interminist\u00e9riel du 12 ao\u00fbt 2025 nommant  Monsieur Fabrice MASI, Directeur\nr\u00e9gional et interd\u00e9partemental de l'\u00e9conomie, de l'emploi, du travail et des solidarit\u00e9s d'le-\nde-France  \u00e0 compter  du  25  ao\u00fbt  2025\nVu  Farr\u00e9te pr\u00e9fectoral n\u00b02025-33  du 22 ao\u00fbt 2025  par lequel le Pr\u00e9fet des  Hauts-de-Seine\nd\u00e9l\u00e8gue  sa signature & Monsieur  Fabrice MASI,  Directeur r\u00e9gional et interd\u00e9partemental\nde l'\u00e9conomie, de l'emploi, du travail et des solidarit\u00e9s d'le-de-France ;\nVu  la d\u00e9cision n\u00b0 2025-187  du 25  ao\u00fbt 2025  portant subd\u00e9l\u00e9gation de  signature de Monsieur\nFabrice MASI,  Directeur r\u00e9gional et interd\u00e9partemental de  l'\u00e9conomie, de l'emploi, du\ntravailet des solidart\u00e9s d'\u00cele-de-France, aux agents de Unite d\u00e9partementale  des  Hauts-\nde-Seine ;\n'Vu la d\u00e9claration d'activit\u00e9s de  services \u00e0 la personne  d\u00e9pos\u00e9es  le 26  septembre  2025  au\nnom  de la micro-entreprise NDABARUSHINGINGO  SAMELIA  sise6 Alle  Pierre Lescot \u00e0\nNANTERRE  (92000)  ;\n\n'Apr\u00e8s examen  du  dossier, cette demande  \u00e9tant conforme  aux dispositions de article L. 7232-1-\n1 du  code  du  travail le pr\u00e9sent  r\u00e9c\u00e9piss\u00e9  de  d\u00e9claration  dactivit\u00e9s  de  services  \u00e0 la personne  a\n\u00e9t\u00e9  enregistr\u00e9  au  nom  de  la micro-entreprise  NDABARUSHINGINGO  SAMELIA  sous  le num\u00e9ro\nSAP  991824244,\nLes  actvit\u00e9s  d\u00e9ciar\u00e9es  sont  les suivantes,  \u00e0 l'exclusion de  toute autre  :\n~ Garde  d'enfantsde plus  de trois ans \u00e0  domicile;\nAccompagnement  des  enfants  de  plus  de  trois ans  dans  leurs  d\u00e9placements  en\n'dehors  de  leur  domicile  (promenades,  transports,  actes  de  la vie  courante)  ;\nPrestations  relevant du  b\u00e9n\u00e9fice  de\nG\u00e9n\u00e9ral  des  Imp\u00f4ts.\nLa  structure  exerce  ces  activit\u00e9s  selon  le mode  suivant  : PRESTATAIRE\nr\u00e9duction  dimpat  pr\u00e9vue  \u00e0 l'article 199  sexdecies  du  Code\nSous  r\u00e9serve  d'\u00eatre  exerc\u00e9es  \u00e0  tite  exclusif  par  le d\u00e9clarant  (ou  sous  r\u00e9serve  d'une  comptablit\u00e9\ns\u00e9par\u00e9e  pour  les personnes  morales  dispens\u00e9es  de  la condition  d'actvi\u00e9  exclusive), ces  activit\u00e9s.\nouvrent  droit au  b\u00e9n\u00e9fice  des  dispositions des  articles L. 7233-2  du  code  du  traval et L. 241-10,\ndu  code  de  la s\u00e9curt\u00e9  sociale.\n(Conform\u00e9ment  aux  dispositions  de l'article R7232-19  du  code  du  travail, l'organisme  d\u00e9clar\u00e9  doit\nproduire au moins chaque  trimestre un \u00e9tat d'activit\u00e9 et chaque  ann\u00e9e  un bilan quantitatif et\nqualtatf de activit\u00e9  exerc\u00e9e  au  tire de  l'ann\u00e9e \u00e9coul\u00e9e  ainsi qu'un  tableau  statistique annuel\nSi l'organisme  d\u00e9clar\u00e9  comport  plusieurs  \u00e9tablissements,  les \u00e9tats statistiques et le bilan annuel\ndistinguent  l'activit\u00e9 exerc\u00e9e  par  chaque  \u00e9tablissement\nLe  pr\u00e9sent  r\u00e9c\u00e9piss\u00e9  prend  effet le 26 septembre  20;\nL'enregistrement de la d\u00e9claration  pourra  \u00eatre retir\u00e9si l'organisme  d\u00e9clar\u00e9  cesse  de remplir\nles conditions  ou  de  respecter  les obligations  mentionn\u00e9es  aux  4\",5* ot 6\u00b0 de l'article\nR7232-17  ou  qui  m\u00e9connait les obligations  d\u00e9finis  \u00e0 article  R7232-19 du  code  du  travail,\nane  de  rerat  dela  declaration, fare  objet  dune  decaraton  modeste  aupr\u00e9s  de  Unie\nd\u00e9partementale  des  Hauts-de-Seine.\nLe  pr\u00e9sent  r\u00e9c\u00e9piss\u00e9  sera  publi\u00e9 au recueil  des  actes  administratifs de  la pr\u00e9fecture  des  Hauts-\nde-Seine.\nFait  a  Nanterre  le  1* octobre  2025.\nPour le Pr\u00e9fet\nd\u00e9l\u00e9gation  et subd\u00e9l\u00e9gation\nLa  Responsable  du  service\nD\u00e9veloppement de  l'emploi et des\ncomp\u00e9tences.\nONDE\n\nE  Direction  r\u00e9gionale  et interd\u00e9partementale\nMINIST\u00c8RE de l'\u00e9conomie, de l'emploi,\nDU  TRAVAIL,  DE  LA  SANT\u00c9,  du travail et des solidarit\u00e9s\nDES  SOLIDARIT\u00c9S\nET  DES  FAMILLES\nese\nR\u00e9c\u00e9piss6  n\u00b02028-516  de  d\u00e9claration  d'activit\u00e9s de services \u00e0 la personne\nenregistr\u00e9e  sous  le n\u00b0 SAP991872086  au  nom  de  la micro-entrepris\nLOUBARESSE  ROMANE  sise 3 Rue  Saint-Denis  \u00e0 COLOMBES  (92700)\nLE  PREFET  DES  HAUTS-DE-SEINE\n'Vu la oi n\u00b0 2010-853  du 23  juilet 2010  relative aux  r\u00e9seaux  consulaires, au commerce et \u00e0\nl'artisanat et aux  services  (article 31);\nVu  la loi n\u00b02015-1776  du 28  d\u00e9cembre  2015  relative \u00e0 l'adaptation de  la soci\u00e9t\u00e9 au\nvellissement\n'Vu article  D7231-1  du  Code  du  travail;\nVu  les d\u00e9crets n\u00b0 2011-1132  et n\u00b0 2011-1193  du  20 septembre  2011 modifiant certaines\ndispositions du Code  du  travail, relatives au ch\u00e8que  emplo-service  universel et aux\nservices  \u00e0 la personne\nVu  le  d\u00e9cret n\u00b02016-750  du 6 juin 2016 relatif \u00e0 la ist des activit\u00e9s de services \u00e0 la personne\nsoumises \u00e0 agr\u00e9ment  ou autorisation dans le cadre du r\u00e9gime  commun de la d\u00e9claration ;\nVu  le d\u00e9cret du 31 octobre 2024 portant nominationde Monsieur Alexandre BRUGERE,  en\nqualit\u00e9 de Pr\u00e9fet des Hauts-de-Seine;\nVu  Farr\u00e9te interminist\u00e9riel du  12 ao\u00fbt 2025  nommant  Monsieur  Fabrice MASI,  Directeur\nr\u00e9gional et interd\u00e9partemental de l'\u00e9conomie, de l'emploi, du travail et des solidarit\u00e9sd'le-\nde-France \u00e0 compter  du 25 ao\u00fbt 2025  ;\nVu  l'arr\u00e8t\u00e9 pr\u00e9fectoral n\u00b02025-33 du 22 ao\u00fbt 2025 par lequel le Pr\u00e9fet des Hauts-de-Seine\nd\u00e9l\u00e8gue  sa signature \u00e0 Monsieur  Fabrice MASI,  Directeur r\u00e9gional et interd\u00e9partemental\nde l'\u00e9conomie, de  l'emploi, du  traval et des  soldart\u00e9s  d'le-de-France  ;\nVu  la d\u00e9cision n\u00b0 2025-157  du 25 ao\u00fbt 2025  portant subd\u00e9l\u00e9gation de signature de Monsieur\nFabrice  MASI,  Directeur  r\u00e9gional et interd\u00e9partemental  de  l'\u00e9conomie,  de  l'emploi, du\ntravail et des  soldant\u00e9s d'le-de-France, aux  agents de [Unit\u00e9 d\u00e9partementale  des  Hauts-\nde-Seine  :\nVu  la d\u00e9claration d'activit\u00e9s de services \u00e0 la personne  d\u00e9pos\u00e9es  le 26 septembre  2025 au\nnom  de  la micro-entreprise  LOUBARESSE  ROMANE  sise 3 Rue  Saint-Denis  \u00e0\nCOLOMBES  (82700)  ;\n\nApr\u00e8s  examen  du  dossier, cette demande  \u00e9tant conforme  aux  dispositions de  article  L. 7232-1\n1 du  code  du  travail, le pr\u00e9sent  r\u00e9c\u00e9piss\u00e9  de  d\u00e9claration  d activit\u00e9s  de  services  \u00e0  la personne  a\n\u00e9t\u00e9 enregistr\u00e9  au  nom  de  la micro-entreprise  LOUBARESSE  ROMANE  sous  le num\u00e9ro  SAP\n991872086,\nLes  activit\u00e9s  d\u00e9clar\u00e9es  sont  les  suivantes,  \u00e0  l'exclusion  de  toute  autre\n| Entretien  de  la maison  et  travaux  m\u00e9nagers  ;\nPrestations  relevant du  b\u00e9n\u00e9fice  de  La r\u00e9duction  d'imp\u00f4t  pr\u00e9vue  \u00e0 l'article 199  sexdecies  du  Code\nG\u00e9n\u00e9ral  des  Imp\u00f4ts.\nLa  structure  exerce  ces  activit\u00e9s  selon  le mode  suivant  :  PRESTATAIRE\nSous  r\u00e9serve  d'\u00eatre exerc\u00e9es  \u00e0 tre  exclusif par  le d\u00e9clarant (ou sous r\u00e9serve  d'une  comptabilit\u00e9\ns\u00e9par\u00e9e  pour les personnes  morales dispens\u00e9es de la condition activit\u00e9 exclusive) ces activites\nouvrent  droit au  b\u00e9n\u00e9fice  des  dispositions des  articles L. 7233-2  du  code  du travai et L. 241-10\ndu  code  de  la s\u00e9curit\u00e9  sociale.\nConform\u00e9ment  aux  dispositions de  l'article R7232-19  du  code  du  travail l'organisme  d\u00e9clar\u00e9  doit\nproduire au moins chaque timestre un \u00e9tat d'activit\u00e9 et chaque ann\u00e9e  un blan quantitatif et\nqualitatif de l'activt\u00e9 exerc\u00e9e  au  tre  de  l'ann\u00e9e \u00e9coul\u00e9e  ainsi qu'un tableau statistique annuel\nSi 'organisme  d\u00e9clar\u00e9  comporte  plusieurs  \u00e9tablissements,  les \u00e9tats statistiques ete  bilan annuel\ndistinguent  l'activit\u00e9 exerc\u00e9e  par  chaque  \u00e9tablissement.\nLe  pr\u00e9sent  r\u00e9c\u00e9piss\u00e9 prend  offot le 26 septembre  2025.\nL'enregistrement  de la d\u00e9claration  pourra  \u00eatre rotir\u00e9si l'organisme  d\u00e9clar\u00e9  cosse  de  remplir\nles  conditions  ou  de  respecter  les  obligations  mentionn\u00e9es  aux  4\u00b0,8*  et  6\u00b0 de  l'article\nR7232-17  ou  qui  m\u00e9connait  les obligations  d\u00e9finies  \u00e0 l'article R7232-19  du  code du travail.\n'Toute modification concemant  la structure d\u00e9clar\u00e9e ou ls  activit\u00e9s exorc\u00e9es devra sous\npeine  de  retrait de  la d\u00e9caration,  fare  Tobjet dune  decaraton  modiicave  aupr\u00e9s  de  fUnke\nd\u00e9partementale  des  Hauts-de-Seine.\nLo  pr\u00e9sent  r\u00e9c\u00e9piss\u00e9  ser  publ\u00e9  au  recuel  des actes  administratifs de  la pr\u00e9fecture des Hauts-\nde-Sone.\nFait \u00e0 Nanterre,  le 1  octobre  2025\nPour  le Pr\u00e9fet\nPar  d\u00e9l\u00e9gation  et subd\u00e9l\u00e9gation\nLa  Responsable\nD\u00e9veloppement  de l'emploi  et des\ncomp\u00e9tences \u2014\ndo\n'Mariana CONDE\n\nEE  Direction r\u00e9gionale et interd\u00e9partementale\nMINIST\u00c8RE de l'\u00e9conomie, de l'emploi,\nDU  TRAVAIL, DE LA SANT\u00c9, du travail et des solidarit\u00e9s\nDES  SOLIDARIT\u00c9S\nET  DES  FAMILLES\nrs\nR\u00e9c\u00e9piss\u00e9  n*2025-517  de  d\u00e9claration d'activit\u00e9s de  services \u00e0 la personne\n'enregistr\u00e9e sous  le n\u00b0 SAPS05004010  au nom  de  la micro-entreprise BOUTARFA\nFATMA  sise 38  Rue  Charles  Lorilleux \u00e0 NANTERRE  (92000)\nLE  PREFET  DES  HAUTS-DE-SEINE\nVu  la loi n\u00b0 2010-853 du 23 jullet 2010  relative aux r\u00e9seaux consulaires, au commerce  et \u00e0\nl'artisanatet aux services (article 31);\nVu la li n\u00b02015-1776 du 28 d\u00e9cembre 2015 relative \u00e0 l'adaptation de la soci\u00e9t\u00e9 au\nviilissement ;\nVu  l'article 07231-1  du Code  du travail;\nVu les d\u00e9crets n\u00b0 2011-1132 et n\u00b0 2011-1133 du 20 septembre 2011 modifiant certaines\ndispositions du Code  du travail, relatives au ch\u00e8que  emploi-service universel et aux\nservices  \u00e0 la personne\nVu  le d\u00e9cret n\u00b02016:750 du 6 juin 2016  relatif \u00e0 la liste des activit\u00e9s de services \u00e0 la personne\nsoumises \u00e0 agr\u00e9ment ou \u00e0 autorisation dans le cadre du r\u00e9gime commun  de la d\u00e9ciaration ;\nVu le d\u00e9cret du 31 octobre 2024 portant nomination de Monsieur Alexandre BRUGERE,  en\nqualt\u00e9 de Pr\u00e9fet des Hauts-de-Seine ;\nVu Farr\u00e9te interminist\u00e9riel du 12 ao\u00fbt 2025 nommant  Monsieur Fabrice MASI, Directeur\nr\u00e9gional et interd\u00e9partementalde l'\u00e9conomie, de l'emploi, du travailet des solidarit\u00e9s dll\nde-France  \u00e0  compter  du  25  ao\u00fbt  2025 ;\nVu  l'arr\u00eat\u00e9 pr\u00e9fectoral n\u00b02025-33 du 22 ao\u00fbt 2025  par lequel le Pr\u00e9fet des Hauts-de-Seine\nd\u00e9lgue  sa signature \u00e0 Monsieur Fabrice MASI, Directeur r\u00e9gional et interd\u00e9partemental\nde l'\u00e9conomie, de l'emploi, du traval et des solidant\u00e9s d'le-de-France ;\nVu  la d\u00e9cision n\u00b0 2025-187 du 25 ao\u00fbt 2025 portant subd\u00e9l\u00e9gation designature  de Monsieur\nFabrice MASI, Directeur r\u00e9gional et interd\u00e9partemental de l'\u00e9conomie, de l'emploi, du\ntravail et des solidart\u00e9s dle-de-France, aux agents de Unit\u00e9 d\u00e9partementale des Hauts-\nde-Seine\nVu  la d\u00e9claration d'activit\u00e9s de services a la personne d\u00e9pos\u00e9es le 26 septembre 2025 au\nnom  de la micro-entreprise BOUTARFA  FATMA  sise 38 Rue  Charles Lorileux \u00e0\nNANTERRE  (92000)  ;\n\nApr\u00e8s examen du dossier, cette demande  \u00e9tant conforme aux dispositions de article L. 7232-1\n1 du  code  du  travail, le pr\u00e9sent  r\u00e9c\u00e9piss\u00e9  de  d\u00e9claration  d activit\u00e9s de  services  \u00e0  la personne  a\n\u00e9t\u00e9 enregistr\u00e9 au nom  de  ta micro-entreprise BOUTARFA  FATMA  sous  le num\u00e9ro  SAP\n505004010,\nLes  activit\u00e9s d\u00e9clar\u00e9es  sont les suivantes,  \u00e0  l'exclusion de  toute autre\nEntretien  de  Ia maison  et  travaux  m\u00e9nagers  ;\n= Garde  d'enfants  de  plus  de  trois  ans  \u00e0  domicile  ;\n= Accompagnement  des  enfants  de  plus  de  trois  ans  dans  leurs  d\u00e9placements  en\ndehors  de  leur domicile  (promenades,  transports,  actes  de  la vie courante)  ;\nPrestations relevant du b\u00e9n\u00e9fice de  a r\u00e9duction d'imp\u00f4t pr\u00e9vue  \u00e0 article 199 sexdecies du  Code\nG\u00e9n\u00e9ral  des  Imp\u00f4ts,\nLa  structure  exerce  ces  activit\u00e9s  selon  le mode  suivant  : PRESTATAIRE,\nSous  r\u00e9serve  d'\u00eatre exerc\u00e9es  \u00e0 ttre exclusif par  le d\u00e9ciarant  (ou sous  r\u00e9serve  d'une  comptabiit\u00e9\ns\u00e9par\u00e9e pour es  personnes morales dispens\u00e9es de la condition d'activit\u00e9 exclusive), ces activites,\nouvrent drot au b\u00e9n\u00e9fice des  dispositions des  aricies L. 7233-2  du  code du travall et L. 241-10,\n'du code  de  la s\u00e9curit\u00e9 sociale,\nConform\u00e9ment  aux  dispositions de  article R7232-19  du  code  du  travail, l'organisme d\u00e9clar\u00e9 doit\nproduire au moins chaque trimestre un \u00e9tat d'activit\u00e9 et chaque ann\u00e9e un bilan quantitatif et\n'Qualtaif de  Factvit\u00e9  exerc\u00e9e  au  tre  de  l'ann\u00e9e \u00e9coul\u00e9e  ainsi qu'un  tableau  statistique annuel.\nSi l'organisme d\u00e9clar\u00e9 comport  plusieurs \u00e9tablissements, les \u00e9tats statistiques ete  bilan annuel\ndistinguent  l'actit\u00e9 exerc\u00e9e  par  chaque  \u00e9tablissement\nLo pr\u00e9sent  r\u00e9c\u00e9piss\u00e9  prend  effet le 28 septembre  2025.\nL'enrogistremont de la d\u00e9claration pourra tre  rotir\u00e9 si l'organisme d\u00e9clar\u00e9 cesse  de remplir\nles conditions  ou  de  respecter  los obligations  mentionn\u00e9es  aux  4\u00b0,5* et 6\u00b0 de  l'article\nR7232-17  ou  qui m\u00e9connait  les obligations d\u00e9finies \u00e0 Varticle R7232-19  du  code  du  travail.\n98 devra,  sous\nTobjet dune  d\u00e9claration  modficative  aupros  de  FUpeine de retrait de fa d\u00e9ciaration, far\nd\u00e9partementale  des  Hauts-de-Seine\nLe  pr\u00e9sent r\u00e9c\u00e9piss\u00e9 sera publi\u00e9 au recuel des actes administratifs de  la pr\u00e9fecture des  Hauts-\nde-Seine.\nFait a Nanterre,  le 02  octobre  2025,\nur fe Pr\u00e9fet\nd\u00e9l\u00e9gation  ot subd\u00e9l\u00e9gation\nfemal  et des\n\n=n  Direction r\u00e9gionale et nterd\u00e9partementale\nMINISTERE  de l'\u00e9conomie, de l'emploi,\nDU  TRAVAIL,  DE  LA  SANT\u00c9,  du traval et des solidarit\u00e9s\nDES  SOLIDARIT\u00c9S\nET  DES  FAMILLES\nenue\nR\u00e9c\u00e9piss\u00e9  n\u00b02025-518  de  d\u00e9claration  d'activit\u00e9s de  services  \u00e0 la personne\nenregistr\u00e9e  sous  le n\u00b0  SAP890308379  au  nom  de  la micro-entreprise  KHEMIRI\nRIHAB  sise  8 Avenue  M\u00e9nelotte  \u00e0 COLOMBES  (92700)\nLE  PREFET  DES  HAUTS-DE-SEINE\nVu  la loi n\u00b0 2010-853 du  23  jullet 2010  relative aux  r\u00e9seaux  consulaires, au  commerce  et \u00e0\nl'artisanatet aux  services  (article31) ;\nVu  la loi n\u00b0201-1776  du 28 d\u00e9cembre  2015  relative \u00e0 l'adaptation de  la soci\u00e9t\u00e9 au\nviilissement ;\nVu  l'article 07231-1  du  Code  du  travail;\nVu  les d\u00e9crets n\u00b0 2011-1132  et n\u00b0 2011-1133  du  20  septembre  2011  modifiant certaines\ndispostions du  Code  du traval, relatives au ch\u00e8que  emploi-service universel et aux\nservices  \u00e0 la  personne ;\nVu  le d\u00e9cret  n\u00b02016:750 du 6 juin 2016  relat \u00e0 la liste des  activit\u00e9s de services \u00e0 la personne\nsoumises  \u00e0 agr\u00e9ment  ou  \u00e0 autorisation dans  lecadre du  r\u00e9gime  commun  dela d\u00e9claration  ;\nVu  le d\u00e9cret du  31 octobre 2024  portant nomination  de Monsieur  Alexandre  BRUGERE,  en\nualte  de Pr\u00e9fet des Hauts-de-Seine;\nVu  l'arr\u00eat\u00e9 interminist\u00e9riel du  12 ao\u00fbt 2025  nommant  Monsieur  Fabrice MASI, Directeur\nr\u00e9gional et interd\u00e9partemental  de  l'\u00e9conomie,  de  l'emploi, du  travailet des  solidarit\u00e9s d'le-\nde-France  \u00e0 compter  du  28  ao\u00fbt  2025\nVu  l'arr\u00e9t\u00e9 pr\u00e9fectoral n\u00b02025-33  du  22  ao\u00fbt  2025  par lequel le Pr\u00e9fet des  Hauts-de-Seine\nd\u00e9l\u00e8gue  sa signature \u00e0 Monsieur  Fabrice MASI,  Directeur r\u00e9gional et interd\u00e9partemental\nde l'\u00e9conomie, de l'emploi, du traval et des soldartes d'le-de-France ;\nVu  la d\u00e9cision n\u00b0 2025-187  du 25 ao\u00fbt 2025  portant subd\u00e9l\u00e9gation de  signature de  Monsieur\nFabrice  MASI,  Directeur  r\u00e9gional  et interd\u00e9partemental  de  l'\u00e9conomie,  de  l'emploi, du\ntravail et des  soidarit\u00e9s  d'Ile-de-France,  aux  agents  de  l'Unit\u00e9 d\u00e9partementale  des  Hauts\nde-Seine\nVu  la d\u00e9claration d'activit\u00e9s de  services \u00e0 la personne  d\u00e9pos\u00e9es  le 28  septembre  2025  au\nnom  de  la micro-entreprise  KHEMIRI  RIHAB  sise 8  Avenue  M\u00e9nelotte  \u00e0  COLOMBES\n82700):\n\n'Apres examen  du  dossier, cette demande  \u00e9tant conforme aux  dispositions de  Farce  L. 7232-1\n1 du  code  du travail, le pr\u00e9sent  r\u00e9c\u00e9piss\u00e9  de d\u00e9claration d'activit\u00e9s de services  \u00e0 la personne  a\n\u00e9t\u00e9  enregistr\u00e9  au  nom  de  la micro-entreprise  KHEMIRI  RIHAB  sous  le num\u00e9ro  SAP  990308979,\nLes  activit\u00e9s d\u00e9clar\u00e9es  sont les suivantes,  \u00e0  l'exclusion de  toute  autre\n= Garde  d'enfants  de  plus  de  trois ans  \u00e0  domicile\nAccompagnement  des  enfants  de  plus de  trois ans  dans  leurs d\u00e9placements  en\n'dehors  de  leur domicile  (promenades,  transports,  actes  de la vie courante) ;\nPrestations  relevant du  b\u00e9n\u00e9fice  de  La r\u00e9duction  d'imp\u00f4t  pr\u00e9vue  \u00e0 l'article 199  sexdecies  du  Code\nG\u00e9n\u00e9ral  des  Imp\u00eats.\nLa  structure exerce  ces  activit\u00e9s selon  le mode  suivant  : PRESTATAIRE\nSous  r\u00e9serve  d'\u00eatre exerc\u00e9es  \u00e0 tire exclusif par  le d\u00e9clarant (ou  sous r\u00e9serve  d'une  comptablit\u00e9\ns\u00e9par\u00e9e  pour les personnes  morales dispens\u00e9es  de la condition d'activit\u00e9 exclusive), ces activites.\nouvrent  droit au b\u00e9n\u00e9fice des  dispositionsdes  articles L  7233-2 du code du traval  et L. 241-10\n'du  code  de  la s\u00e9curit\u00e9 sociale.\nConform\u00e9ment  aux  dispositions de  l'article R7232-19  du  code  du  traval, l'organisme  d\u00e9ciar\u00e9  doit\nproduire au moins chaque trimestre un \u00e9tat d'activit\u00e9 et chaque ann\u00e9e  un bilan quanttat  et\nqualtatf de  l'activit\u00e9 exerc\u00e9e  au  tire de  l'ann\u00e9e \u00e9coul\u00e9e  ainsi qu'un tableau statstique annuel.\nSi l'organisme d\u00e9clar\u00e9 comporte  plusieurs \u00e9tablissements les \u00e9tats statistiques et le bilan annuel\ndistinguent  activit\u00e9 exerc\u00e9e  par  chaque  \u00e9tablissement.\nLe pr\u00e9sent  r\u00e9c\u00e9piss\u00e9  prend  effet le 26 septembre 2026.\n'enregistrement de la d\u00e9claration  pourra tre  retir\u00e9 si l'organisme d\u00e9clar\u00e9  cease  de  remplir\nles conditions  ou  de  respecter  les obligations montionn\u00e9es  aux  4\u00b0,5\u00b0 et 6\u00b0 de  l'article\n'R723217  ou  qui  m\u00e9connalt  les obligations d\u00e9finies \u00e0 l'article R7232-19  du  code  du  travail.\n'Toute modification concemant la structure d\u00e9clar\u00e9e ou les activit\u00e9s exerc\u00e9es devra, sous\npeine  de  retrait de  la d\u00e9claration, faire l'objet dune  d\u00e9claration  modificative  aupr\u00e8s  de  {Unite\nd\u00e9partementale  des  Hauts-de-Seine.\nLe  pr\u00e9sent  r\u00e9c\u00e9piss\u00e9  sera  publi\u00e9 au  recueil des  actes  administratifs de la pr\u00e9fecture  des  Hauts\nde-Seine.\nFait \u00e0 Nanterre, le 02  octobre  2025\nPour  le Pr\u00e9fet\nPar  d\u00e9l\u00e9gation  ot  subd\u00e9l\u00e9gation\nLa  Responsable du  service\nl'emploi et des\n\nEE  Direction  r\u00e9gionale  et interd\u00e9partementale\nMINISTERE de l'\u00e9conomie, de l'emploi,\nDU  TRAVAIL,  DE  LA  SANT\u00c9,  du travailet des solidarit\u00e9s\nDES  SOLIDARIT\u00c9S\nET  DES  FAMILLES\nny\nR\u00e9c\u00e9piss\u00e9  n\u00b02025-519  de  d\u00e9claration  d'activit\u00e9s de  services  \u00e0 la personne\nenregistr\u00e9e  sous  le n\u00b0 SAP991879537  au  nom  de  la micro-entreprise  SAIDI  Nora\nPatricia Annick  sise  14  Rue  Colbert  \u00e0 COLOMBES  (92700)\nLE  PREFET  DES  HAUTS-DE-SEINE\nVu  la loi n\u00b0 2010-853  du 23jullet  2010  relative aux r\u00e9seaux  consulaires, au  commerce  et \u00e0\nrisanat  et aux  services  (article 31)\nVu  la loi n\u00b02015-1776  du 28  d\u00e9cembre  2015  relative \u00e0 l'adaptation de la soci\u00e9t\u00e9 au\nveilissement ;\nVu  l'aricie 07231-1  du  Code  du travail\nVu  les d\u00e9crets n\u00b0 2011-1132  et n\u00b0 2011-1133  du  20 septembre  2011  modifiant certaines\ndispositions du Code  du  travail, relatives au ch\u00e8que  emplo-service  universel et aux\nservices  \u00e0  la personne  ;\nVu  le d\u00e9cret n\u00b02016-750  du 6 juin 2016  relatif \u00e0 a  ist  des  activit\u00e9s de services \u00e0 a  personne\nsoumises \u00e0 agr\u00e9ment  ou  autorisation dans  le cadre  du  r\u00e9gime  commun de la d\u00e9claration\nVu  le d\u00e9cret du 31 octobre 2024  portant nomination de  Monsieur  Alexandre  BRUGERE,  en\nqualit\u00e9 de Pr\u00e9fet des Hauts-de-Seine ;\nVu  l'arr\u00eat\u00e9 interminist\u00e9riel du 12 ao\u00fbt 2025  nommant  Monsieur  Fabrice MASI,  Directeur\nr\u00e9gional et intord\u00e9partementalde l'\u00e9conomie, de l'emplo, du travailet des solidarit\u00e9s d'le-\n'de-France \u00e0 compter  du 25 ao\u00fbt  2025  ;\nVu  l'arr\u00eat\u00e9 pr\u00e9fectoral n\u00b02025-33  du 22  ao\u00fbt 2025  par lequel le Pr\u00e9fet des  Hauts-de-Seine\n'd\u00e9l\u00e8gue  sa  signature  \u00e0  Monsieur  Fabrice  MASI,  Directeur  r\u00e9gional et interd\u00e9partemental\nde  \u00e9conomie,  de l'emploi du travailet des solidarit\u00e9s d'\u00cele-de-France ;\nVu  la d\u00e9cision n\u00b0 2025-187  du  25 ao\u00fbt 2025  portant subd\u00e9l\u00e9gation de  signature de  Monsieur\nFabrice  MASI,  Directeur  r\u00e9gional  et interd\u00e9partemental  de  l'\u00e9conomie,  de  l'emploi, du\ntravail et des  soldarit\u00e9s  d'le-de-France,  aux  agents  de  I Unit\u00e9  d\u00e9partementale  des  Hauts-\nde-Seine\nVu  a  d\u00e9claration d'activit\u00e9s de services \u00e0 la personne  d\u00e9pos\u00e9es  le 27 septembre  2025  au\nnom  de la micro-entreprise SAIDI  Nora  Patricia Annick sise 14 Rue  Colbert \u00e0 COLOMBES\n(92700)\n\nApr\u00e8s examen du dossier, cette demande  \u00e9tant conforme aux dispositions de Fartice L. 7232-1\n1 du  code  du  travail, le pr\u00e9sent  r\u00e9c\u00e9piss\u00e9  de  d\u00e9claration  dactivit\u00e9s  de  services  \u00e0 la personne  a\n\u00e9t\u00e9 enregistr\u00e9  au  nom  de  la micro-entreprise  SAID!  Nora  Patricia Annick  sous le num\u00e9ro  SAP\n991879537\nLes  activit\u00e9s d\u00e9clar\u00e9es  sont  les suivantes,  \u00e0 exclusion  de  toute  autre\n= Entrotien de la maison  et travaux  m\u00e9nagers  ;\nPrestations  relevant du  b\u00e9n\u00e9fice  dela  r\u00e9duction  d'imp\u00f4t  pr\u00e9vue  \u00e0 article 199  sexdecies du Code\nG\u00e9n\u00e9ral  des  impots.\nLa  structure  exerce  ces  activit\u00e9s  selon  le mode  suivant: PRESTATAIRE\nSous  r\u00e9serve d'\u00e9tre exerc\u00e9es  \u00e0 tre  exclusif par le d\u00e9clarant (ou sous  r\u00e9serve d'une comptabilt\u00e9\ns\u00e9par\u00e9e  pour  les personnes  morales  dispens\u00e9es  dela condition  d'activit\u00e9 exclusive), ces  activites\n'ouvrent droit au  b\u00e9n\u00e9fice  des  dispositions  des  articles L. 7233-2  du  code  du  travail et L. 241-10,\n'du code  de  la s\u00e9curt\u00e9  sociale.\n(Conform\u00e9ment  aux  dispositions de l'article R7232-19  du  code  du  travail l'organisme  d\u00e9clar\u00e9  dott\nproduire au moins  chaque  trimestre un \u00e9tat dactvil\u00e9 et chaque  ann\u00e9e  un  bilan quantitatif et\nqualtatf de  l'activit\u00e9 exerc\u00e9e  au  tire de l'ann\u00e9e \u00e9coul\u00e9e  ainsi qu'un tableau statistique annuel.\nSi l'organisme d\u00e9clar\u00e9 comporte  plusieurs \u00e9tablissements, les \u00e9tats statistiques et le bilan annuel\ndistinguent  Factivit\u00e9 exerc\u00e9e  par  chaque  \u00e9tablissement.\nLe  pr\u00e9sent  r\u00e9c\u00e9piss\u00e9  prend  offet lo 27  septembre  2025.\nL'enregistrement  de  la d\u00e9claration  pourra \u00eatre retir\u00e9 si l'organisme d\u00e9clar\u00e9 cesse de remplir\nles conditions  ou  de  respecter  les  obligations  mentionn\u00e9es  aux  4\u00b0,8\u00b0 et 6\u00b0 de  l'article\n723247  ou  qui  m\u00e9connait  les obligations  d\u00e9finies  \u00e0 l'article R7232-19  du  code  du  travail.\n'Toute modification concernant la structure d\u00e9clar\u00e9e ou les activit\u00e9s exerc\u00e9es devra, sous\npeine de  retrait de  la d\u00e9claration, faire l'objet dune  d\u00e9claration modiicative aupr\u00e8s  de  | Unit\u00e9\nd\u00e9partementale  des  Hauts-de-Seine.\nLe pr\u00e9sent r\u00e9c\u00e9piss\u00e9 sera publi\u00e9 au recueil des  actes administratifsde Ia pr\u00e9fecture des Hauts-\nde-Seine.\nFait \u00e0  Nanterre, le 02 octobre 2025\nPour  le Pr\u00e9fet\nr d\u00e9l\u00e9gation  ot subd\u00e9l\u00e9gation\nLa  Responsable  du  service\nD\u00e9veloppement  de  l'emploi  et des\ncomp\u00e9tences\n(ara\na CONDE\n\n=n  Direction r\u00e9gionale at interd\u00e9partemenale\nd'\u00e9conomie  de  l'emploi.\nDUYRAVAIL, DE LA SANT\u00c9, du vavalet des sortes\nDES  SOLIDARIT\u00c9S\nET  DES  FAMILLES\nEy\nR\u00e9c\u00e9piss\u00e9  n*2025-520  de  d\u00e9claration d'activit\u00e9s de  services \u00e0 la personne\n\"enregistr\u00e9e sous  le n\u00b0 SAP814425849  au  nom  de  la micro-entreprise  DIA\nFATIMATA  sise  5 Rue  H\u00e9b\u00e9court  \u00e0 MALAKOFF  (92240)\nLE  PREFET  DES  HAUTS-DE-SEINE\nVu  la loi n\u00b0 2010-863 du  23 jullet 2010  relative aux r\u00e9seaux consulaires, au commerce et \u00e0\nl'artisanat et aux  services  (article 31)\nVu  la lo n\u00b02015-1776  du 28 d\u00e9cembre  2015  relative \u00e0 l'adaptation de la soci\u00e9t\u00e9 au\nviilissement ;\nVu  l'aticle D7231:1  du  Code  du  travail;\nVu  les d\u00e9crets n\u00b0 2011-1132 et n\u00b0 2011-1133 du 20 septembre 2011 modifiant certaines\ndispostions du Code  du travail, relatives au ch\u00e8que  emploi-service universel et aux\n'services  \u00e0 la personne ;\nVu  le d\u00e9cret n\u00b02016750 du 6 jun 2016  relatif\u00e0 la iste des activit\u00e9s de services \u00e0 la personne\n'soumises  \u00e0 agr\u00e9ment  ou \u00e0 autorisation dans  le cadre  du r\u00e9gime  commun  dela d\u00e9claration ;\nVu  le d\u00e9cret du 31 octobre 2024  portant nomination  de Monsieur  Alexandre  BRUGERE,  en\nqualit\u00e9 de Pr\u00e9fet des Hauts-de-Seine\nVu  l'arr\u00e9t\u00e9 interminist\u00e9riel du  12 ao\u00fbt 2025  nommant  Monsieur  Fabrice MASI, Directeur\nr\u00e9gional et interd\u00e9partemental de l'\u00e9conomie, de  l'emploi du travail et des  solidantes d'le-\nde-France  \u00e0 compter  du  25  ao\u00fbt  2025  ;\nVu  l'arr\u00eat\u00e9 pr\u00e9fectoral n\u00b02026-33  du 22 ao\u00fbt 2025  par lequel le Pr\u00e9fet des  Hauts-de-Seine\nd\u00e9l\u00e8gue  sa signature \u00e0 Monsieur  Fabrice MASI,  Directeur r\u00e9gional et interd\u00e9partement\nde l'\u00e9conomie, de l'emploi, du travail et des solidarit\u00e9s d'le-de-France\nVu  la d\u00e9cision n\u00b0 2025-187  du 25 ao\u00fbt 2025  portant subd\u00e9l\u00e9gation de signature de  Monsieur\nabrice MASI,  Directeur r\u00e9gional et interd\u00e9partemental de  l'\u00e9conomie, de l'emplai, du\ntravail et des soldart\u00e9s  dle-de-France,  aux agents de Unit\u00e9 d\u00e9partementale des Hauts-\nde-Seine ;\nVu  la d\u00e9claration dactivt\u00e9s de services \u00e0 la personne  d\u00e9pos\u00e9es  le 29 septembre  2025 au\nnom  de  la micro-entreprise DIA  FATIMATA  sise 5 Rue  H\u00e9b\u00e9court  \u00e0 MALAKOFF  (82240);\n\nApr\u00e8s  examen  du  dossier, cette demande  \u00e9tant conforme  aux dispositions de Farle  L. 7292-1\n1 du  code  du  travail le pr\u00e9sent  r\u00e9c\u00e9piss\u00e9  de  d\u00e9ciaration  d'activit\u00e9s de  services  \u00e0 la personne  a\n\u00e9t\u00e9 enregistr\u00e9 au  nom  de  la micro-entreprise  DIA  FATIMATA  sous  le num\u00e9ro  SAP  814425849,\nLes  activit\u00e9s d\u00e9clar\u00e9es  sont les suivantes,  \u00e0 l'exclusion de toute autre :\nEntretien  de  la maison  et  travaux  m\u00e9nagers  ;\n\u00a9 Garde  d'enfants  de  plus  de  trois  ans \u00e0  domicile;\n= Pr\u00e9paration  de  repas  \u00e0  domicile,  y  compris  le temps  pass\u00e9  aux  courses  ;\nPrestations  relevant du  b\u00e9n\u00e9fice  dela r\u00e9duction  d'imp\u00f4t  pr\u00e9vue  \u00e0 article 199  sexdecies  du  Code\nG\u00e9n\u00e9ral  des  Imp\u00f4ts.\nLa  structure  exerce  ces  activit\u00e9s  selon  le mode  suivant:  PRESTATAIRE\nSous  r\u00e9serve  d'\u00eatre exerc\u00e9es  \u00e0 tite exclus  par  le d\u00e9clarant (ou sous  r\u00e9serve  d'une  comptabilit\u00e9\n's\u00e9par\u00e9e pour les personnes morales dispens\u00e9es de la condition d'actvit\u00e9 exclusive), ces activit\u00e9s\n'ouvrent  droit au b\u00e9n\u00e9fice  des  dispostions  des  articlesL. 7283-2 du code  du traval et L. 241\ndu  code de  la s\u00e9curt\u00e9  sociale.\n(Conform\u00e9ment  aux  dispositions  de  article R7232-19  du  code  du  travail l'organisme  d\u00e9clar\u00e9  doit\nproduire  au  moins  chaque  trimestre un  \u00e9tat d'activit\u00e9 et chaque  ann\u00e9e  un  bilan quantitatif et\nQualtaf  de  Factivte exerc\u00e9e  au  tire de  l'ann\u00e9e  \u00e9coul\u00e9e  ainsi qu'un  tableau  statistique annuel.\nSi l'organisme  d\u00e9clar\u00e9  comporte  plusieurs  \u00e9tablissements,  les \u00e9tats statistiques et le bilan annuel\ndistinguent  Factvit\u00e9 exerc\u00e9e  par  chaque  \u00e9tablissement.\nLe  pr\u00e9sent  r\u00e9c\u00e9piss\u00e9  prend  affot le 29  septembre  2025.\nnrogistroment  de  la d\u00e9claration pourra \u00eatre retir\u00e9 si l'organisme  d\u00e9clar\u00e9 cesse de remplir\nles conditions  ou  de  respecter  les  obligations  mentionn\u00e9es  aux  4\u00b0,6*  ot 6\u00b0 de  l'article\n723247  ou  qui  m\u00e9connalt  les obligations  d\u00e9finies  \u00e0 Varticle R7232-19  du  code  du  traval\n'Toute modification concernant la structure d\u00e9clar\u00e9e ou les activit\u00e9s exerc\u00e9es devra, sous\npeine  de  retrat de  la d\u00e9claration, faire l'objet dune  d\u00e9claration  modificative  aupr\u00e9s  de  {Unit\u00e9\nd\u00e9partementale  des Hauts-de-Seine.\nLe pr\u00e9sent r\u00e9c\u00e9piss\u00e9 sera publi\u00e9 au recueil des  actes administratfsde Ia pr\u00e9fecture des Hauts-\nde-Seine.\nFait \u00e0  Nanterre,  le 02  octobre  2025.\nPour  le Pr\u00e9fet\nPar  d\u00e9l\u00e9gation  et subd\u00e9l\u00e9gation\nLa  Responsable  du  service\nD\u00e9veloppement  de  l'emploi et des\ncomp\u00e9tences\na CONDE\n\nEs  Direction r\u00e9gionale et interd\u00e9partementale\nde  l'\u00e9conomie,  de  l'emploi,\nBU RAvaIL, DE LA SANT\u00c9, du travail et des solidarit\u00e9s\nDES  SOLIDARIT\u00c9S\nET  DES  FAMILLES\nme\nR\u00e9c\u00e9piss\u00e9  n\u00b02025-521  de  d\u00e9claration d'activit\u00e9s de  services \u00e0 la personne\nenregistr\u00e9e  sous  le n\u00b0 SAP924047319 au  nom  de  la micro-entreprise  GUISSOUS\nABDESSALAM  sise 58 Rue  de l'\u00c9galit\u00e9 \u00e0 ISSY-LES-MOULINEAUX  (92130)\nLE  PREFET  DES  HAUTS-DE-SEINE\nVu  la oi n\u00b0 2010-853 du 23  juilet 2010  relative aux r\u00e9seaux  consulaires, au  commerce  et \u00e0\nl'artisanat et aux  services  (article 31)  ;\nVu  la loi n\u00b02015-1778  du 28 d\u00e9cembre  2015  relative \u00e0 l'adaptation de  la soci\u00e9t\u00e9 au\nvieilissement\nVu  l'aricie 07231-1  du  Code  du  travail ;\nVu  les d\u00e9crets n\u00b0 2011-1132  et n\u00b0 2011-1133  du 20  septembre  2011  modifiant certaines\ndispositions du  Code  du travail, relatives au ch\u00e8que  emplo-service  universel et aux\nservices  \u00e0  la personne\nVu  le d\u00e9cretn\u00b02016-750  du  6 juin 2016  relat \u00e0 la iste des  activit\u00e9sde services \u00e0 la personne\nsoumises \u00e0 agr\u00e9ment  ou \u00e0 autorisationdans le cadre du r\u00e9gime commun  dela d\u00e9claration ;\nVu  le d\u00e9cret du 31 octobre 2024  portant nomination  de  Monsieur  Alexandre  BRUGERE,  en\n'qualit\u00e9 de Pr\u00e9fet des Hauts-de-Seine\nVu  l'arr\u00eat\u00e9 interminist\u00e9riel du  12 ao\u00fbt 2025  nommant  Monsieur  Fabrice MASI,  Directeur\nr\u00e9gional  et interd\u00e9partemertal de l'\u00e9conomie, de l'emploi,du travail et des solidarit\u00e9s d'ie-\nde-France \u00e0 compter  du 25 ao\u00fbt  2025 ;\nVu  l'arr\u00e9t\u00e9 pr\u00e9fectoral n\u00b02025-33  du 22 ao\u00fbt 2025  par lequel le Pr\u00e9fet des  Hauts-de-Seine\nd\u00e9l\u00e8gue  sa signature \u00e0 Monsieur  Fabrice MASI, Directeur r\u00e9gional  etinterd\u00e9partemental\nde l'\u00e9conomie, de l'emploi, du travail et des solidarit\u00e9s d'\u00cele-de-France ;\nVu  la d\u00e9cision n\u00b0 2025-187  du  25 ao\u00fbt 2025  portant subd\u00e9l\u00e9gation de signature de  Monsieur\nFabrice  MASI,  Directeur  r\u00e9gional  et interd\u00e9partemental  de  l'\u00e9conomie,  de  l'emploi, du\ntravail et des solidarit\u00e9s dlle-de-France,  aux  agents  de  Unit\u00e9  d\u00e9partementale  des Hauts-\nde-Seine\nVu  la d\u00e9claration d'actvit\u00e9s de services \u00e0 la personne  d\u00e9pos\u00e9es  le 03 octobre 2025 au nom\nde la micro-entreprise GUISSOUS  ABDESSALAM  sise 58 Rue de l'\u00c9galt\u00e9 \u00e0 ISSY-LES-\nMOULINEAUX  (92130)  ;\n\n'Apres examen  du dossier, cette demande  \u00e9tant conforme aux dlspostions de article L. 7232-1-\n1 du code  du traval, le pr\u00e9sent  r\u00e9c\u00e9piss\u00e9  de d\u00e9claration d activit\u00e9s de services \u00e0 la personne a\n\u00e9t\u00e9  enregistr\u00e9  au  nom  de  la micro-entreprise  GUISSOUS  ABDESSALAM  sous  le num\u00e9ro  SAP\n924047319.\nLes  activites  d\u00e9clar\u00e9es  sont  es  suivantes,  a l'exclusion  de  toute  autre\nCoordination  et d\u00e9livrance  des  services  \u00e0 la personne  ;\nPrestations  relevant du  b\u00e9n\u00e9fice  de  la r\u00e9duction  d'imp\u00f4t  pr\u00e9vue  \u00e0 l'article 199  sexdecies du Code\nG\u00e9n\u00e9ral  des  Imp\u00f4ts.\nLa  structure  exerce  ces  activit\u00e9s  selon  le mode  suivant  : PRESTATAIRE\nSous  r\u00e9serve  d'\u00eatre exerc\u00e9es  \u00e0 ttre exclusif par  le d\u00e9clarant  (ou  sous  r\u00e9serve  d'une  comptabilt\u00e9\ns\u00e9par\u00e9e  pour  les personnes  morales  dispens\u00e9es de la condition  activit\u00e9  exclusive), ces  activites\nouvrent  drot  au  b\u00e9n\u00e9fice  des  dispositions  des  articies L. 7233-2  du  code  du  travail et L. 241-10\n'du code  de  la s\u00e9curit\u00e9 sociale.\n(Conform\u00e9ment  aux  dispositions  de  Farticle R7232-19  du  code  du travail, l'organisme  d\u00e9clar\u00e9  dott\nproduire au moins chaque  trimestre un \u00e9tat d'activit\u00e9 et chaque ann\u00e9e  un blan quanttatt ot\nqualtatf de l'activit\u00e9 exerc\u00e9e  au tire de  l'ann\u00e9e \u00e9coul\u00e9e  ainsi qu'un tableau statistique annuel.\nSi l'organisme  d\u00e9clar\u00e9  comparte  plusieurs  \u00e9tablissements,  les \u00e9tats statistiques et le bilan annuel\ndistinguent  Factivite exerc\u00e9e  par  chaque  \u00e9tablissement.\nLe  pr\u00e9sent  r\u00e9c\u00e9piss\u00e9  prend  ffet le 03  octobre  2028.\nL'enregistrement de  la d\u00e9claration  pourra \u00eatre retir\u00e9 si l'organisme  d\u00e9clar\u00e9  cesse  de remplir\nles conditions  ou  de  respecter  les obligations  mentionn\u00e9es  aux  4',5\u00b0 ot 6\u00b0 de  l'article\n723247  ou  qui m\u00e9connalt les obligations d\u00e9finies \u00e0 l'article R7232-19  du  code du  travail.\ndevra,  sous\npr\u00e8s de  l'Unit\u00e9peine de retrat de fa d\u00e9claration, fae Fobjet dune d\u00e9claration modiicaive\nd\u00e9partemental  des  Hauts-de-Seine\nLe  pr\u00e9sent  r\u00e9c\u00e9piss\u00e9  sera publi\u00e9 au  recueil des  actes  administratifs de  la pr\u00e9fecture  des  Hauts-\nFait \u00e0  Nanterre,  le 08  octobre  2025,\nPour  lo Pr\u00e9fet\nPar  d\u00e9l\u00e9gation  ot subd\u00e9l\u00e9gation\nLa  Responsable  du service\nD\u00e9veloppement  de  l'emploi  et des\ncomp\u00e9tences\n[conol\n\nEs  Direction r\u00e9gionale et interd\u00e9partementale\nMINIST\u00c8RE de l'\u00e9conomie, de l'emploi,\nDU  TRAVAIL, DE LA SANT\u00c9, du travailet des solidarit\u00e9s.\nDES  SOLIDARIT\u00c9S\nET  DES  FAMILLES\nA\nR\u00e9c\u00e9piss\u00e9  n\u00b02025-822 de d\u00e9claration d'activit\u00e9sde services \u00e0 la personne\nenregistr\u00e9e sous  le n\u00b0 SAP991922360  au nom  de la micro-entreprise Julia PEDRO\nsise  4 Rue  de  Reims  \u00e0 ANTONY  (92160)\nLE  PREFET  DES  HAUTS-DE-SEINE\nVu  la loi n\u00b0 2010-853  du 23 juilet 2010  relative aux r\u00e9seaux  consulaires, au commerce et \u00e0\nFartisanat et aux  services (article 31);\nVu  la loi n\u00b02015-1778 du 28 d\u00e9cembre  2015  relative \u00e0 adaptation de la soci\u00e9t\u00e9 au\nviilissement\nVu  l'article 07231-1  du  Code  du  travail;\nVu  les d\u00e9crets n\u00b0 2011-1132  et n\u00b0 2011-1133  du 20 septembre 2011 modifiant certaines\ndispositions du Code  du travail, relatives au ch\u00e8que  emploi-service universel et aux\nservices  \u00e0  la personne  ;\nVu  le d\u00e9cret n\u00b02016-750 du 6 juin 2016 relatif \u00e0 la ste des activit\u00e9s de services \u00e0 la personne\nsoumises  \u00e0 agr\u00e9ment  ou \u00e0 autorisation dans le cadre du r\u00e9gime commun  dela d\u00e9claration ;\nVu  le d\u00e9cret du 31 octobre 2024 portant nomination de Monsieur Alexandre BRUGERE,  en\n'qualit\u00e9 de  Pr\u00e9fet des  Hauts-de-Seine ;\nVu  l'\u00e9t\u00e9  interminist\u00e9riel du 12 ao\u00fbt 2025  nommant  Monsieur Fabrice MASI, Directeur\nr\u00e9gional et inters\u00e9partemental de l'\u00e9conomie, de l'emploi, du travail et des solidarit\u00e9s d'\u00cel-\n'de-France \u00e0 compter  du  25  ao\u00fbt  2025  ;\nVu  l'arr\u00eat\u00e9 pr\u00e9fectoral n\u00b02025-33 du 22 ao\u00fbt 2025 par lequel le Pr\u00e9fet des  Hauts-de-Seine\nd\u00e9l\u00e8gue sa signature \u00e0 Monsieur Fabrice MASI, Directeur r\u00e9gional et interd\u00e9partemental\n'de l'\u00e9conomie, de l'emploi, du travail et des solidarit\u00e9s d'\u00cele-de-France;\nVu  la d\u00e9cision n\u00b0 2025-187  du 25  ao\u00fbt 2025  portant subd\u00e9l\u00e9gation de  signature de  Monsieur\nFabrice MASI,  Directeur r\u00e9gional et interd\u00e9partemental de l'\u00e9conomie, de  l'emploi, du\ntravail et des  solidarit\u00e9s d'le-de-France, aux  agents de l'Unit\u00e9 d\u00e9partementale  des  Hauts-\nde-Seine\nVu  la d\u00e9claration d'activit\u00e9s de services \u00e0 la personne d\u00e9pos\u00e9es  le 28 septembre 2025 au\nnom de la micro-entrepriseJuila PEDRO  sise4 Rue de Reims \u00e0 ANTONY  (82160) ;\n\n'Apr\u00e8s examen du dossier, cette demande \u00e9tant conforme aux dispostionsde l'article L. 7232-1\n1 du  code  du  travaille  pr\u00e9sent  r\u00e9c\u00e9piss\u00e9  de d\u00e9claration  d'activit\u00e9s  de  services  \u00e0 la personne  a\n\u00e9t\u00e9  enregistr\u00e9  au  nom de la micro-entreprise Julia PEDRO  sous  le num\u00e9ro  SAP  991922360.\nLes  activites  d\u00e9clar\u00e9es  sont  les  suivantes,  \u00e0 l'exclusion  de toute  autre\nSoutien  scolaire  ou  cours  \u00e0  domicile  ;\nPrestations  relevant  du  b\u00e9n\u00e9fice  de  a r\u00e9duction  d'imp\u00f4t  pr\u00e9vue  \u00e0 Farticle 199  sexdecies  du  Code\nG\u00e9n\u00e9ral  des  Imp\u00f4ts.\nLa  structure  exerce  ces  activit\u00e9s  selon  le mode  suivant  : PRESTATAIRE\nSous  r\u00e9serve  d'\u00eatre  exerc\u00e9es  \u00e0 ttre  exclusi  par le d\u00e9clarant  (ou  sous  r\u00e9serve  d'une  comptabilt\u00e9\n's\u00e9par\u00e9e  pour  les personnes  morales  dispens\u00e9es  dela  condition  d'actwit\u00e9  exclusive),  ces  activit\u00e9s\nouvrent  droit au b\u00e9n\u00e9fice  des  dispositions des  articles L. 7233-2  du cade  du traval et L 241-10\ndu  code de  la s\u00e9curit\u00e9  sociale,\nConform\u00e9ment  aux  dispositions de  l'article R7232-19  du  code  du  travail, l'organisme  d\u00e9clar\u00e9  dot\nProduire au  moins  chaque  trmestre  un \u00e9tat d'activit\u00e9 et chaque  ann\u00e9e  un  bilan quantiati et\nqualtatf de Factvite exerc\u00e9e au tire de l'ann\u00e9e \u00e9coul\u00e9e ainsi qu'un tableau statistique annuel.\nSi  'organisme  d\u00e9clar\u00e9  comporte  plusieurs  \u00e9tablissements  les  \u00e9tats  statistiques  et le bilan  annuel\ndistinguent  l'activit\u00e9 exerc\u00e9e  par  chaque  \u00e9tablissement\nLe  pr\u00e9sent  r\u00e9c\u00e9piss\u00e9  prend  effet le 28  septembre  2025.\nL'enregistrement  de  la d\u00e9claration  pourra  \u00eatre retir\u00e9si l'organisme  d\u00e9clar\u00e9  cesse  de  remplir\nles conditions  ou  de  respecter  les  obligations  mentionn\u00e9es  aux  4\u00b0,5\u00b0 et 6\u00b0 de  l'article\nR7232-17  ou  qui  m\u00e9connait  les obligations  d\u00e9finies  \u00e0 l'article R7232-19  du  code  du  travail.\npeine de reat  de  fa d\u00e9claration, fae  l'objet dune  d\u00e9claration modifeatve  aupr\u00e9s  de  TUnke\nd\u00e9partementale  des  Hauts-de-Seine.\nLepren  elas  er  pub  au  roue  des  actes  adits de  a  prefecture  do  Hauts\nFait \u00e0  Nanterre,  le 08  octobre  2025,\nPour  le Pr\u00e9fot\nPar  d\u00e9l\u00e9gation  ot subd\u00e9l\u00e9gation\n\n=a  Direction r\u00e9gionale et interd\u00e9partementale\nMINISTERE de l'\u00e9conomie, de l'emploi,\nDU  TRAVAIL, DE LA SANT\u00c9, du travail et des solidarit\u00e9s\nDES  SOLIDARIT\u00c9S\nET  DES  FAMILLES\nA\nR\u00e9c\u00e9piss\u00e9  n\u00b02025-523 de  d\u00e9claration  d'activit\u00e9s de  services \u00e0 la personne\n'enregistr\u00e9e sous  le n\u00b0 SAP991825092  au  nom  de  la micro-entreprise  YOUKOU\nJORDAN  sise  18  Rue  d'Alsace  \u00e0 CLICHY  (92110)\nLE  PREFET  DES  HAUTS-DE-SEINE\nVu  la loi n\u00b0 2010-853 du 23 juilet 2010  relative aux r\u00e9seaux  consulaires, au commerce  et \u00e0\nl'artisanat et aux  services  (article 31);\nVu  la loi n\u00b02015-1776  du 28 d\u00e9cembre  2015  relative \u00e0\nviellissement ;\nfapation de  la soci\u00e9t\u00e9  au\nVu  l'aricle D7231-1  du  Code  du  travail;\nVu  les d\u00e9crets n\u00b0 2011-1132  et n\u00b0 2011-1133  du 20  septembre  2011  modifiant certaines\ndispositions du  Code  du travail, relatives au ch\u00e8que  emplo-service  universel et aux\nservices \u00e0 la personne  ;\nVu  le d\u00e9cret \"2016-750 du 6 juin 2016 relat \u00e0 la liste des activit\u00e9s de services \u00e0 la personne\nsoumises \u00e0 agr\u00e9ment  ou \u00e0 autorisationdans le cadre du r\u00e9gime commun de ia d\u00e9claration ;\nVu  le d\u00e9cret du 31 octobre 2024 portant nomination de Monsieur Alexandre BRUGERE,  en\n'qualit\u00e9 de  Pr\u00e9fet des  Hauts-de-Seine\nVu  l'arr\u00e9t\u00e9 interminist\u00e9riel du  12 ao\u00fbt 2025  nommant  Monsieur  Fabrice MASI,  Directeur\nr\u00e9gional et interd\u00e9partemental  de l'\u00e9conomie,  de  l'emploi, du  travail et des  solidarit\u00e9s  d'le-\nde-France \u00e0 compter  du 25  ao\u00fbt  2025  ;\nVu  l'arr\u00eat\u00e9 pr\u00e9fectoral n\u00b02028-33 du 22 ao\u00fbt 2025 par lequel le Pr\u00e9fet des Hauts-de-Seine\nd\u00e9l\u00e8gue  sa signature \u00e0 Monsieur  Fabrice MASI, Directeur r\u00e9gional et interd\u00e9partemental\nde l'\u00e9conomie, de l'emploi, du travail et des solidarit\u00e9s d'\u00cele-de-France ;\nWu  a  d\u00e9cision n\u00b0 2025-157  du 25 ao\u00fbt 2025  portant subd\u00e9l\u00e9gation de  signature de  Monsieur\nFabrice MASI,  Directeur r\u00e9gional et interd\u00e9partemental de  l'\u00e9conomie, de  l'emploi, du\ntravail et des  solidart\u00e9s dle-de-France,  aux  agents de  l'Unit\u00e9 d\u00e9partementale  des  Hauts-\nde-Seine\nVu  la d\u00e9ctaration  d'activit\u00e9s de services  \u00e0 la personne  d\u00e9pos\u00e9es  le 29 septembre  2025  au\nnom  de  la mlero-entreprise  YOUKOU  JORDAN  sise 18 Rue  d'Alsace  \u00e0  CLICHY  (82110)\n\n'Apr\u00e8s examen  du  dossier, cette demande  \u00e9tant  conforme  aux dispositions de Farce  L. 7232-1-\n1 du code  du travaille  pr\u00e9sent  r\u00e9c\u00e9piss\u00e9  de d\u00e9claration d activites de services \u00e0 la personne  a\n\u00e9t\u00e9  enregistr\u00e9  au  nom  de  la micro-entreprise  YOUKOU  JORDAN  sous  le num\u00e9ro  SAP\n'991825002,\nLes  activit\u00e9s  d\u00e9clar\u00e9es  sont  les  suivantes, l'exclusion  de  toute  autre +\nEntretien  de  la maison  et travaux  m\u00e9nagers  ;\nPrestations  relevant  du b\u00e9n\u00e9fice  de a  r\u00e9duction d'imp\u00eat  pr\u00e9vue  \u00e0 l'article 199  sexdecies du Code\nG\u00e9n\u00e9ral  des  Imp\u00f4ts.\nLa  structure  exerce  ces  activit\u00e9s  selon  le mode  suivant  : PRESTATAIRE\nSous  r\u00e9serve  d'\u00eatre exerc\u00e9es \u00e0 ire  exclusif parle  d\u00e9clarant  (ou sous  r\u00e9serve  d'une  comptabilit\u00e9\ns\u00e9par\u00e9e pour  les personnes  morales  dispens\u00e9es  de la condition d  activit\u00e9 exclusive), ces  activit\u00e9s\n'ouvrent  droit au  b\u00e9n\u00e9fice  des  dispositions des  articles L. 7233-2  du code  du travail et L. 241-10\ndu  code  de  la s\u00e9curt\u00e9  sociale.\nConform\u00e9ment  aux  dispositions de  l'article R7232-19  du  code  du  traval, l'organisme  d\u00e9clar\u00e9  doit\nproduire au moins chaque trimestre un \u00e9tat d'activit\u00e9 et chaque  ann\u00e9e  un blan quanttatf et\nqualtatf de l'activit\u00e9 exerc\u00e9e au tre  de l'ann\u00e9e \u00e9coul\u00e9e ainsi qu'un tableau statistique annuel.\nSi l'organisme d\u00e9ciar\u00e9  comporte  plusieurs  \u00e9tablissements  les \u00e9tats statistiques et le bilan annuel\ndistinguent  l'activit\u00e9 exerc\u00e9e  par  chaque  \u00e9tablissement.\nLe  pr\u00e9sent  r\u00e9c\u00e9piss\u00e9  prend  offet le 29 septembre  2025.\nd\u00e9claration  pourra \u00eatre rotr\u00e9  a  l'organisme  d\u00e9clar\u00e9  cesse  de remplir\nFone  do rat  cela  decaraton  fare labo  dune  d\u00e9caraten  modicatve  aupr\u00e9s de FUnIS\nd\u00e9partementale  des  Hauts-de-Seine.\nLe pr\u00e9sent r\u00e9c\u00e9piss\u00e9 sera publi\u00e9 au recuel des  actes administratifs de la pr\u00e9fecture des Hauts-\nde-Seine.\nFait \u00e0 Nanterre,  le 06  octobre  2025,\nPour  le  Pr\u00e9fet\nPar  d\u00e9l\u00e9gation  ot subd\u00e9l\u00e9gation\nLa  Responsable  du  service\nD\u00e9veloppement  de  l'emploi  et  des\ncomp\u00e9tences\n\nE  Direction  r\u00e9gionale  et interd\u00e9partementale\nMINIST\u00c8RE  do l'\u00e9conomie, de l'emploi,\nDU  TRAVAIL,  DE  LA SANT\u00c9,  'du travail et des solidarit\u00e9s\nDES  SOLIDARIT\u00c9S\nET  DES  FAMILLES\nA\nR\u00e9c\u00e9piss\u00e9  n\u00b02025-524  de  d\u00e9claration  d'activit\u00e9s de  services  \u00e0 la personne\nenregistr\u00e9e  sous le n\u00b0 SAP8884864471  au  nom  de  la micro-entreprise  Gabriel\nDUGENET  sise  1 All\u00e9e  Fran\u00e7ois  du  Tremblay  \u00e0 RUEIL-MALMAISON  (92500)\nLE  PREFET  DES  HAUTS-DE-SEINE\nVu  la loi n\u00b0 2010-863 du  23  jullet 2010  relative aux  r\u00e9seaux  consulaires, au  commerce  et \u00e0\nl'artisanat et aux  services  (article 31) ;\nVu  la loi n\u00b02015-1776  du  28  d\u00e9cembre  2015  relative \u00e0  l'adaptation de  la soci\u00e9t\u00e9  au\nVeltissement\nVu  l'aricie  D7231-1  du  Code du travail;\nVu  les d\u00e9crets  n\u00b0 2011-1132  et n\u00b0 2011-1133  du  20  septembre  2011  modifiant  certaines\ndispositions du  Code  du  travail, relatives au  ch\u00e8que  emploiservice  universel et aux\nservices  \u00e0 la personne  ;\nVu  le d\u00e9cratn\u00b02016-780  du  6  jun  2016  relatif \u00e0 la ist  des  activit\u00e9s de  services  \u00e0 la personne\nsoumises 4 agr\u00e9ment  ou \u00e0 autorisation dans  le cadre du r\u00e9gime commun  de la d\u00e9claration\nVu  le d\u00e9cret  du  31 octobre  2024  portant nomination  de  Monsieur  Alexandre  BRUGERE,  en\n'qualit\u00e9 de  Pr\u00e9fet des  Hauts-de-Seine\nVu  l'ar\u00e9t\u00e9 interminist\u00e9riel du  12 ao\u00fbt  2025  nommant  Monsieur  Fabrice  MASI,  Directeur\nr\u00e9gional ot nterd\u00e9partementa  de  l'\u00e9conomie, de l'emploi, du  travail et des  solidarit\u00e9s dle\nde-France \u00e0 compter  du 25 ao\u00fbt  2025\nVu  l'arr\u00e9t\u00e9 pr\u00e9fectoral n\u00b02025-33  du  22  ao\u00fbt  2025  par  lequel le Pr\u00e9fet des  Hauts-de-Seine\nd\u00e9l\u00e8gue  sa  signature  \u00e0 Monsieur  Fabrice  MASI,  Directeur  r\u00e9gional et nterd\u00e9partemental\nde \u00e9conomie,  de l'emploi, du travailet des solidarit\u00e9s d'le-de-France\nVu  la d\u00e9cision  n\u00b0 2025-187  du  25  ao\u00fbt  2025  portant  subd\u00e9l\u00e9gation  de  signature  de  Monsieur\nFabrice  MASI,  Directeur  r\u00e9gional et interd\u00e9partemental  de  l'\u00e9conomie,  de  l'emploi, du\ntravail ot des  soldari\u00e9s  dle-de-France,  aux  agents  de  I Unit\u00e9  d\u00e9partemental  des  Hauts.\nde-Seine\nVu  la d\u00e9claration  d'activit\u00e9s de  services  \u00e0  la personne  d\u00e9pos\u00e9es  le 30  septembre  2025  au\nnom  de  la micro-entreprise  Gabriel DUGENET  sise 1 Alle  Fran\u00e7ois  du Tremblay  \u00e0 RUEIL-\nMALMAISON  (92500)  ;\n\nApr\u00e8s  examen  du dossier, cette demande  \u00e9tant conforme aux  dispositions de  l'article. 7232\n1 du code  du travail, le pr\u00e9sent  r\u00e9c\u00e9piss\u00e9  de d\u00e9claration d'activit\u00e9s de services  \u00e0 la personne  a\n\u00e9t\u00e9 enregistr\u00e9  au  nom  de  la micro-entreprise  Gabriel  DUGENET  sous  le num\u00e9ro  SAP\n8884664471\nLes  activit\u00e9s d\u00e9clar\u00e9es  sont les suivantes, \u00e0 l'exclusion de toute  autre\n= Entrotion  de la maison et travaux  m\u00e9nagers  ;\n= Pets  travaux  de  jardinage,  y  compris  les  travaux  de  d\u00e9broussailage ;\n= Travaux  de  petit  bricolage  dits  \u00ab  homme  toutes  mains  \u00bb  ;\n= Maintenance,  entretien  et  vigilance  temporaires,  \u00e0  domicile,  de  Ia  r\u00e9sidence\nprincipale et secondaire ;\nPrestations  relevant du  b\u00e9n\u00e9fice  dela  r\u00e9duction  d'imp\u00f4t  pr\u00e9vue  \u00e0 article  199  sexdecies  du  Code\nG\u00e9n\u00e9ral  des  impots.\nLa  structure  exerce  ces  activit\u00e9s  selon  le mode  suivant  : PRESTATAIRE\nSous r\u00e9serve  d'\u00eatre exerc\u00e9es  \u00e0  tire exclus  par  le d\u00e9clarant  (ou  sous  r\u00e9serve  d'une  comptabilit\u00e9\ns\u00e9par\u00e9e pour les personnes morales dispens\u00e9es de la condition d activit\u00e9 exclusive), ces activit\u00e9s\n'ouvrent  droit au  b\u00e9n\u00e9fice des  dispositions des  articles L. 7233-2  du  code  du travall et L. 241-10\ndu  code  de  la s\u00e9curit\u00e9 sociale.\nConform\u00e9ment  aux  dispositions de  article R7232-19  du  code  du traval, l'organisme d\u00e9ciar\u00e9 doit\nProduire au  moins  chaque  timestre un \u00e9tat d'activi\u00e9 et chaqu  tun bilan quanttatt et\nQualtaf  de  l'activit\u00e9 exerc\u00e9e  au  tire de  l'ann\u00e9e  \u00e9coul\u00e9e  ainsi qu'un  tableau  statistique annuel.\nSi 'organisme  d\u00e9clar\u00e9  comporte  plusieurs \u00e9tablissements,  es  \u00e9tats statistiques et le ian  annuel\ndistinguent activit\u00e9 exerc\u00e9e par chaque  \u00e9tablissement.\nLe  pr\u00e9sent  r\u00e9c\u00e9piss\u00e9  prond  effet le 30 septembre  2025.\nL'enrogistrement do la d\u00e9claration  pourra \u00eatre retir\u00e9 si l'organisme d\u00e9clar\u00e9  cesse  de remplir\nles conditions  ou  de  respoctor  les  obligations  mentionn\u00e9es  aux  4\u00b0,5\" et 6\u00b0 de l'article\n723217  ou  qui  m\u00e9connalt  les obligations  d\u00e9finies  \u00e0 l'aricie R7232-19  du code du  travail.\npoine de revait dela  d\u00e9claration, fare Tobjet dune  d\u00e9claration modicave  aupr\u00e9s de TUnt\u00e9\nd\u00e9partementale  des  Hauts-de-Seine.\nLe pr\u00e9sent r\u00e9c\u00e9piss\u00e9 sera publi\u00e9 au recueil des  actes administratifs de la pr\u00e9fecture des  Hauts-\ndeSeine.\nFait \u00e0 Nanterre,  le 08  octobre  2025\nPour  le Pr\u00e9fot\nr d\u00e9l\u00e9gation  et subd\u00e9l\u00e9gation\nResponsable  du  service\nD\u00e9veloppement  de  l'emploi  et des\ncomp\u00e9tences\ncoND\u00c9\n\n=a  Direction r\u00e9gionale  et interd\u00e9partementale\nINISTERE de l'\u00e9conomie, de l'emploi,Mi\nDU  TRAVAIL,  DE  LA  SANT\u00c9,  du travail et des solidarit\u00e9s\nDES  SOLIDARIT\u00c9S\nET  DES  FAMILLES\nA\nR\u00e9c\u00e9piss\u00e9  n\u00b02025-825  de  d\u00e9claration d'activit\u00e9s de services \u00e0 la personne\nenregistr\u00e9e  sous le n\u00b0 SAP991917956  au  nom  de  la micro-entreprise  LHADI\n'SHAINEZ  sise  55 Avenue  Pierre  Brossolette  \u00e0 MONTROUGE  (92120)\nLE  PREFET  DES  HAUTS-DE-SEINE\nVu  la loi n\u00b0 2010-853  du 23 juilet 2010  relative aux r\u00e9seaux  consulaires, au commerce et \u00e0\nl'artisanat et aux  services  (article 31) ;\nVu  la loi n\u00b02015-1778  du 28  d\u00e9cembre  2015  relative \u00e0 l'adaptation de  la soci\u00e9t\u00e9 au\nviilissement\nVu  article  07231-1  du  Code  du  travail;\nVu  les d\u00e9crets n\u00b0 2011-1132  et n\u00b0 2011-1133  du  20  septembre  2011  modifiant certaines\ndisposiions du Code  du  travail, relatives au ch\u00e8que  emplolserice  universel et aux\n'services \u00e0 la personne  ;\nVu  le  d\u00e9cret n\u00b02016-750 du 6 juin 2016 reat  \u00e0 la iste des activit\u00e9s de services \u00e0 la personne\nsoumises  \u00e0 agr\u00e9ment ou \u00e0 autorisation dans  le cadre du r\u00e9gime commun  de la d\u00e9claration ;\nVu  le d\u00e9cret du 31 octobre 2024  portant nomination  de Monsieur  Alexandre  BRUGERE,  en\nquait\u00e9 de Pr\u00e9fet des Hauts-de-Seine ;\nVu  l'arr\u00eat\u00e9 interminist\u00e9riel du  12 ao\u00fbt 2025  nommant  Monsieur  Fabrice MASI, Directeur\nr\u00e9gional et interd\u00e9partemental de  l'\u00e9conomie, de l'emploi, du travail et des  solidart\u00e9s le-\nde-France  \u00e0 compter du 25  ao\u00fbt  2025  ;\nVu  l'arr\u00eat\u00e9 pr\u00e9fectoral n\u00b02028-33  du  22 ao\u00fbt 2025  par lequel le Pr\u00e9fet des  Hauts-de-Seine\nd\u00e9l\u00e8gue  sa signature \u00e0 Monsieur  Fabrice MASI, Directeur r\u00e9gional et interd\u00e9partemental\nde l'\u00e9conomie, de l'emploi, du travail et des solidarit\u00e9s d'\u00cele-de-France ;\nVu  la d\u00e9cision n\u00b0 2025-187  du  25 ao\u00fbt 2025  portant subd\u00e9l\u00e9gation de  signature de  Monsieur\nFabrice  MASI,  Directeur  r\u00e9gional  et interd\u00e9partemental  de  l'\u00e9conomie,  de  l'emploi, du\ntravail et des  solidarit\u00e9s dle-de-France,  aux  agents  de  \"Unite  d\u00e9partementale  des  Hauts-\nde-Seine\nVu  la d\u00e9claration d'actvit\u00e9s de services \u00e0 la personne  d\u00e9pos\u00e9es  le 1\u00b0 octobre 2025 au nom\nde  la micro-entreprise LHADI  SHAINEZ  sise 55  Avenue  Pierre Brossolette \u00e0\nMONTROUGE  (92120);\n\n'Apr\u00e8s examen  du  dossier, cette demande  \u00e9tant conforme  aux dlspostions de  l'article L. 7232-1\n1 du code du traval, le pr\u00e9sent r\u00e9c\u00e9piss\u00e9 de d\u00e9claration activit\u00e9s de services \u00e0 a  personne a\n\u00e9t\u00e9 enregistr\u00e9 au nom  de  la micro-entreprise LHADI  SHAINEZ  sous  le num\u00e9ro  SAP  991917956.\nLes  activites d\u00e9clar\u00e9es  sont  les suivantes,  \u00e0  l'exclusion de  toute  autre\nEntretien  de la  maison  et  travaux  m\u00e9nagers  ;\n= Garde  d'enfants  de  plus  de  trois  ans  \u00e0  domicile;\n= Accompagnement  des  enfants  de  plus  de  trois  ans  dans  leurs  d\u00e9placements  en\ndehors  de leur domicile  (promenades,  transports, actes de la vie courante);\nPrestations  relevant du  b\u00e9n\u00e9fice  de  la r\u00e9duction  d'imp\u00f4t  pr\u00e9vue  \u00e0 l'article 199  sexdecies  du  Code\nG\u00e9n\u00e9ral  des  Imp\u00f4ts.\nLa  structure  exerce  ces  activit\u00e9s selon  le mode  suivant  : PRESTATAIRE\nSous  r\u00e9serve d'\u00eatre exerc\u00e9es  \u00e0 tire exclusif par le d\u00e9clarant (ou sous  r\u00e9serve d'une comptabilt\u00e9\ns\u00e9par\u00e9e  pour  les personnes  morales  dispens\u00e9es de la condition activit\u00e9 exclusive). ces activites\nouvrent  drot  au  b\u00e9n\u00e9fice  des  dispositions  des  articles L. 7233-2  du  code  du  travail et L. 241-10\ndu  code  de  la s\u00e9curt\u00e9  sociale.\n'Conform\u00e9ment  aux dispositionsde Farticle R7232-19 du code  du traval Forganisme  d\u00e9clar\u00e9 doit\nproduire  au  moins  chaque  timestre  un  \u00e9tat d'activit\u00e9 et chaque  ann\u00e9e  un  bilan quanttatit et\n'Qualtaifde l'actvi\u00e9 exerc\u00e9e  au  tire de l'ann\u00e9e \u00e9coulbe  ainsi qu'un tableau statistique annuel.\nSi organisme  d\u00e9clar\u00e9 comporte  plusieurs \u00e9tablissements, les \u00e9tats statistiques et fe bilan annuel\ndistinguent  l'activit\u00e9 exerc\u00e9e  par  chaque  \u00e9tablissement.\nLe  pr\u00e9sent  r\u00e9c\u00e9piss\u00e9  prond affot le 1 octobre 2025.\nL'enrogistremont  dela d\u00e9claration pourra  \u00eatre retir\u00e9 si l'organisme  d\u00e9clar\u00e9 cesse  de remplir\nles conditions ou de respecter les obligations mentionn\u00e9es  aux  4\u00b0,8\u00b0 et 6\u00b0 de l'article\nR7232-17  ou  qui m\u00e9connait  les obligations d\u00e9finies \u00e0 l'article R7232-19  du  code  du  travail\ncture d\u00e9clar\u00e9e ou los activit\u00e9s exerc\u00e9os devra, sous\nire l'objet d'une  d\u00e9claration  modificative  aupr\u00e9s  de  l'Unit\u00e9peine de retrait de a d\u00e9claration, a\nd\u00e9partementale  des  Hauts-de-Seine\nLe  pr\u00e9sent r\u00e9c\u00e9piss\u00e9 sora publi\u00e9 au recuel des  actos administra  de a  pr\u00e9fecture des Haus-\nde  Sans.\nFait  \u00e0 Nanterre, le 06 octobre  2025,\nPour  Pret\nPar  dl\u00e9galion et subd\u00e9\u00e9gaton\nLa  Responsable  du  sorvce\nD\u00e9veloppement de rmplo  at dos\ncompense\nGot\nMarina CONDE\n\nEs  Direction r\u00e9gionale ot interd\u00e9partementale\nMINISTERE de l'\u00e9conomie, de l'emploi,\nDU  TRAVAIL,  DE  LA  SANT\u00c9,  du travail et des solidarit\u00e9s\nDES  SOLIDARIT\u00c9S\nET  DES  FAMILLES\nA\nR\u00e9c\u00e9piss\u00e9  n\u00b02025-526  de  d\u00e9claration  d'activit\u00e9s de  services  \u00e0 la personne\nenregistr\u00e9e  sous  le n\u00b0 SAP991675083  au  nom  de la micro-entreprise  MAKHOUKH\n'ANIA  sise  31 Bis  Rue  Traversi\u00e8re  \u00e0 BOULOGNE-BILLANCOURT  (92100)\nLE  PREFET  DES  HAUTS-DE-SEINE\nVu  la loi n\u00b0 2010-853 du  23 jullet 2010  relative aux  r\u00e9seaux  consulaires, au  commerce  et \u00e0\nl'artisanat et aux  services  (article 31);\n'Vu la loi n\u00b02015-1778  du  28  d\u00e9cembre  2015  relative \u00e0 l'adaptation de  la soci\u00e9t\u00e9  au\nviellissement\nVu  l'article D7231-1  du  Code  du  travail\nVu  les d\u00e9crets n\u00b0 2011-1132  et n\u00b0 2011-1133  du 20  septembre  2011  modifiant certain\ndispostions  du  Code  du  travail, relatives au  ch\u00e8que  emploi-service  universel et aux\nservices \u00e0 la personne\nVu  le d\u00e9cret  n\u00b02016-750  du 6 juin 2016 relatif \u00e0 la liste des  activites de services \u00e0 la personne\nsoumises \u00e0 agr\u00e9ment  ou \u00e0 autorisation dans le cadre du r\u00e9gime commun  de la d\u00e9claration;\nVu  le d\u00e9cret du 31 octobre 2024  portant nomination de  Monsieur  Alexandre  BRUGERE,  en\nqualit\u00e9 de Pr\u00e9fet des  Hauts-de-Seine\nVu  l'ar\u00e9t\u00e9  interminist\u00e9riel du  12  ao\u00fbt  2025  nommant  Monsieur  Fabrice  MASI,  Directeur\nr\u00e9gional et interd\u00e9partemental de l'\u00e9conomie, de  l'emploi du travailet des solidarit\u00e9s dile-\nde-France  \u00e0 compter  du  25  ao\u00fbt  2025  ;\nVu  l'arr\u00e9t\u00e9 pr\u00e9fectoral n\u00b02025-39  du  22 ao\u00fbt 2025  par lequel le Pr\u00e9fet des  Hauts-de-Seine\nd\u00e9l\u00e8gue  sa signature \u00e0 Monsieur  Fabrice MASI,  Directeur r\u00e9gional et interd\u00e9partemental\nde l'\u00e9conomie, de l'emploi, du travail et des soldartes d'le-de-France;\nVu  la d\u00e9cision  n\u00b0 2025-187  du  25  ao\u00fbt  2025  portant  subd\u00e9l\u00e9gation  de  signature  de  Monsieur\nFabrice MASI,  Directeur r\u00e9gional et interd\u00e9partemental de  l'\u00e9conomie, de  l'emploi, du\ntravail et des  soldart\u00e9s  d'ile-de-France,  aux  agents  de  [Unit\u00e9  d\u00e9partementale  des  Hauts-\nde-Seine  ;\nVu  la d\u00e9claration  d'activit\u00e9s de  services  \u00e0 la personne  d\u00e9pos\u00e9es  le 1* octobre  2025  au  nom\n'de la micro-entreprise MAKHOUKH  ANIA  sise 31 Bis Rue  Traversi\u00e8re \u00e0 BOULOGNE\nBILLANCOURT  (92100);\n\nApr\u00e8s  examen  du  dossier, cette demande  \u00e9tant conforme  aux  dispositions de  Farticl L. 7232-1-\n1 du  code  du  traval,  le pr\u00e9sent  r\u00e9c\u00e9piss\u00e9  de  d\u00e9claration  d'activit\u00e9s  de  services  \u00e0  la personne  a\nenregistr\u00e9  au  nom  de  la micro-entreprise  MAKHOUKH  ANIA  sous  le num\u00e9ro  SAP\n991675083,\nLes  activit\u00e9s d\u00e9ciar\u00e9es  sont les suivantes, \u00e0  l'exclusion de  toute autre\nEntretion  de  fa maison  et travaux  m\u00e9nagers  ;\nPetts  travaux  de  jardinage,  y compris  les travaux  de  d\u00e9broussaillage ;\n'Travaux  de  petit bricolage  dits \u00ab homme  toutes  mains\nGarde  d'enfants  de  plus  de  trois  ans  \u00e0  domicile  ;\nPr\u00e9paration  de  repas  \u00e0  domicile,  y compris  le temps  pass\u00e9  aux  courses  ;\nMaintenance,  entretien  et vigilance  temporaires,  \u00e0  domicile,  de  la r\u00e9sidence\nprincipale et secondaire ;\n= Accompagnement  des  enfants  de  plus  de  trois  ans  dans  leurs  d\u00e9placements  en\n'dehors  de  leur  domicile  (promenades,  transports,  actes  de  la vie courante  ;\n= Accompagnement  des  _ personnes  temporairement  d\u00e9pendantes  autres  que\npersonnes  \u00e2g\u00e9es,  handicap\u00e9es  ou  atteintes de  pathologies  chroniques,  dans  leurs\nd\u00e9placements  en  dehors  de  leur domicile  (promenades,  aide  \u00e0  la mobilit\u00e9  ot au\ntransport  actes  de  la  vie  courante)  ;\n+ Assistance  aux  personnes  autres  que  personnes  \u00e2g\u00e9es,  handicap\u00e9es  ou  atteintes\n'de pathologies  chroniques  qui  ont  besoin  temporairement  d'une  aide personnelle  \u00e0\nleur  domicile,  \u00e0 l'exclusion  des  soins  relevant  d'actes  m\u00e9dicaux  ;\nPrestations  relevant du  b\u00e9n\u00e9fice  de  a  r\u00e9duction  d'imp\u00f4t  pr\u00e9vue  \u00e0 article  199 sexdecies du Code\nG\u00e9n\u00e9ral  des  Imp\u00f4ts.\nLa  structure  exerce  ces  activit\u00e9s  selon  le mode  suivant :PRESTATAIRE\nSous  r\u00e9serve  d'\u00eatre exerc\u00e9es  \u00e0 ttre exclusi  par  le d\u00e9clarant  (ou sous  r\u00e9serve  d'une  comptabiit\u00e9\ns\u00e9par\u00e9e  pour  les personnes  morales  dispens\u00e9es  de  la condition \u00a2 activit\u00e9 exclusive) ces  activites\nouvrent  droit au b\u00e9n\u00e9fice  des  dispositions  des  artcies  L. 7233-2  du  code  du  travall et L. 241-10\ndu  code  de  la s\u00e9curit\u00e9 social.\nConform\u00e9ment  aux  dispositions  de  l'article R7232-19  du  code  du  travail, l'organisme  d\u00e9clar\u00e9  dott\nproduire  au  moins  chaque  trimestre un  \u00e9tat d'activit\u00e9 et chaque  ann\u00e9e  un  bilan quantitatif et\n'qualtafde l'activit\u00e9 exerc\u00e9e au titre de l'ann\u00e9e \u00e9coul\u00e9e ainsi qu'un tableau statistique annuel.\nSi organisme  d\u00e9clar\u00e9  comporte  plusieurs  \u00e9tablissements,  les  \u00e9tats  statistiques  et le bilan  annuel\ndistinguent  l'activit\u00e9 exerc\u00e9e  par  chaque  \u00e9tablissement.\nLo  pr\u00e9sent  r\u00e9c\u00e9piss\u00e9  prond  effet le 1TM octobre  2026.\nL'enregistrement  dela d\u00e9claration  pourra  \u00eatre retir\u00e9 si l'organisme d\u00e9clar\u00e9  cesse  de  remplir\nles  conditions  ou  de  respecter  les  obligations  mentionn\u00e9es  aux\nR7232-17 ou qui  m\u00e9connalt les  obligations  d\u00e9finies  \u00e0 l'article R7232-19  du code  du travail.\n\nTe  SR  apt  Gene  Gran  matin\u00e9e  Go fun\nd\u00e9partementale  des  Hauts-de-Seine.\nLe  pr\u00e9sent  r\u00e9c\u00e9piss\u00e9  sera  publi\u00e9 au recueil des  actes  administratifs de  la pr\u00e9fecture  des  Hauts-\nde-Seine.\nFait \u00e0 Nanterre,  le 06  octobre  2025.\nPour  le Pr\u00e9fet\nPar  d\u00e9l\u00e9gation  et subd\u00e9l\u00e9gation\nLa  Responsable  du  service\nD\u00e9veloppement  de  'emplol  et  des\ncomp\u00e9tences\na CONDE.\n\nEn  Direction r\u00e9gionale et interd\u00e9partementale\nMINISTERE  de l'\u00e9conomie, de l'emploi,\nDU  TRAVAIL,  DE  LA  SANT\u00c9,  du travailet des solidarit\u00e9s\nDES  SOLIDARIT\u00c9S\nET  DES  FAMILLES\nFou\n'Arr\u00eat\u00e9 DRIEETS-UD92  n\u00b02028-827  du  06  octobre  2025  modifiant  l'agr\u00e9ment  SAP852052240\n'de la SARL  BABYCHOU  SERVICES  SAINT-CLOUD  sise 7 rue  aude  \u00e0 Saint-Cloud  (92210)\nLE  PREFET  DES  HAUTS-DE-SEINE\nVu  la loi n\u00b0 2010-853  du 23 juilet 2010  relative aux  r\u00e9seaux  consulaires, au commerce et \u00e0\nl'artisanat et aux  services  (article 31) ;\nVu  la loi n\u00b02018-1776  du 28  d\u00e9cembre  2015  relative \u00e0 l'adaptation de  la soci\u00e9t\u00e9 au\nviilissement ;\nVu  l'article 07231-1  du  Code du travail;\nVu  les d\u00e9crets n\u00b0 2011-1132  ot n\u00b0 2011-1133  du  20  septembre  2011  modifiant certaines:\ndispostions du Code  du  travail, relatives au ch\u00e8que  emplo-service  universel et aux\n'services \u00e0 la personne ;\nVu  le d\u00e9cret n\u00b02018750 du 6 juin 2016 relat \u00e0 la liste des activit\u00e9s de services \u00e0 la personne\nsoumises  \u00e0 agr\u00e9ment ou autorisation dans  le cadre du r\u00e9gime commun  de la d\u00e9claration\nVu  le d\u00e9cret du  31 octobre 2024  portant nomination  de Monsieur  Alexandre  BRUGERE,  en\nqualit\u00e9 de  Pr\u00e9fet des  Hauts-de-Seine\nVu  l'arr\u00e8t\u00e9 DRIEETS-UDS2  n\u00b02024517  du  22  octobre  2024  renouvelant  l'agr\u00e9ment  num\u00e9ro\nSAP852052240  au  nom  de  la SARL  BABYCHOU  SERVICES  SAINT-CLOUD  ;\nVu  arr\u00e9te interminist\u00e9riel du 12 ao\u00fbt 2025  nommant  Monsieur  Fabrice MASI,  Directeur\nr\u00e9gionalet interd\u00e9partemental de l'\u00e9conomie,de l'emploi, du travailet des solidart\u00e9s d'Ile\n'de-France  \u00e0 compter du 25  ao\u00fbt  2025 ;\nVu  l'ar\u00eat\u00e9 pr\u00e9fectoral n\u00b0202533  du 22 ao\u00fbt 2025  par lequel le Pr\u00e9fet des  Hauts-de-Seine\nd\u00e9l\u00e8gue  sa  signature  \u00e0 Monsieur  Fabrice  MASI,  Directeur  r\u00e9gional et interd\u00e9partemental\nde  l'\u00e9conomie,de l'emploi, du travail et des solidarit\u00e9s d'\u00cele-de-France;\nVu  la d\u00e9cision  n\u00b0 2025-187  du  25  ao\u00fbt  2025  portant  subd\u00e9l\u00e9gation  de  signature  de  Monsieur\nFabrice  MASI,  Directeur  r\u00e9gional et interd\u00e9partemental  de  l'\u00e9conomie,  de  l'emploi, du\ntravail et des  solidarit\u00e9s d'l-de-France,  aux  agents  de  l'Unit\u00e9 d\u00e9partementale  des  Hauts-\nde-Seine  ;\n\nVu  la demande  de  changement  d'adresse  du  si\u00e8ge  social et de  l'\u00e9tablissement  principal de  ia\nSARL  BABYCHOU  SERVICES  SAINT  CLOUD  d\u00e9pos\u00e9e  en  date du  29  septembre  2025\nsur  extranet  NOVA\nConsid\u00e9rant  que  la SARL  BABYCHOU  SERVICES  SAINT-CLOUD  est agr\u00e9\u00e9e  depuis  le 31\n'octobre 2024  pour exercer  les activit\u00e9s de  services  \u00e0  la personne  aupr\u00e8s\n'des enfants  de  moins  de  trois ans  etou  enfants de moins  de dix-huit ans  en\nsituation de  handicap  en  mode  mandataire  uniquement  sur  les\nd\u00e9partements  des  Hauts-de-Seine  (92) et des  Yvelines  (78);  l'agr\u00e9ment  est\nvalable jusqu'au 30  octobre  2029  ;\nConsid\u00e9rant  que  la SARL  BABYCHOU  SERVICES  SAINT-CLOUD  a d\u00e9clar\u00e9  un changement\nesse  de son si\u00e8ge  social et de son  \u00e9tablissement  principal en date  du\n29 septembre  2025  anciennement  domicil\u00e9s  au  70  rue  royale \u00e0 Saint-Cloud\n(82210):\nConsid\u00e9rant  que  le  dossier  de  demande est conforme  au  cahier des charges pr\u00e9vu  \u00e0 article\n72326  du  Code  du  aval;\nARTICLE 1\nLe si\u00e8ge social et l'\u00e9tablissement principalde la SARL  BABYCHOU  SERVICES  SAINT-CLOUD\nsont d\u00e9sormais  domicii\u00e9s  au 7  Rue  Aude  \u00e0Saint-Cloud (92210)\nARTICLE 2\n'Toutes les autres dispositions de  l'arr\u00eat\u00e9 DRIEETS-UD92  n\u00b02024-517  du 22  octobre 2024  \u00e9mis\npar  l'Unit\u00e9 d\u00e9partementale  des  Hauts-de-Seine  (92) et renouvelant  l'agr\u00e9ment  num\u00e9ro\nSAP862052240  \u00e0 la SARL  BABYCHOU  SERVICES  SAINT-CLOUD  ainsi que  du  r\u00e9c\u00e9piss\u00e9  de\nd\u00e9claration aff\u00e9rent demeurent  applicables dans  la mesure  o\u00f9 elles ne  sont pas  contraires au\npr\u00e9sent arr\u00eat\u00e9.\nARTICLE 3\nLa Directrice de  l'Unit\u00e9 d\u00e9partementale  des  Hauts-de-Seine  de  la DRIEETS  Ile-de-France, est\ncharg\u00e9e  de  l'application du  pr\u00e9sent  arr\u00eat\u00e9 qui sera  publi\u00e9 au  recuel des  Actes  Administratifs de\nla Pr\u00e9fecture  des  Hauts-de-Seine.\nFait a Nanterre, le 06 octobre  2025,\nPour le Pr\u00e9fet\nPar  d\u00e9l\u00e9gation  et subd\u00e9l\u00e9gation\nLa  Responsable  du  service\nD\u00e9veloppement  de  l'emploi  et  des\ncomp\u00e9tences\nMariama  CONDE\n\naE  Direction r\u00e9gionale et interd\u00e9partementale\nMINISTERE de l'\u00e9conomie, de l'emploi,\nDU  TRAVAIL,  DE  LA SANT\u00c9,  du travailet des solidarit\u00e9s\nDES  SOLIDARIT\u00c9S\nET  DES  FAMILLES\nA\nR\u00e9c\u00e9piss\u00e9  n\u00b02025-528  de  d\u00e9claration modificative d'activit\u00e9s de services  \u00e0 la\npersonne  enregistr\u00e9e  sous  le n\u00b0 SAP852052240  nom  de  la SARL  BABYCHOU\nSERVICES  SAINT  CLOUD  sise 7 rue Aude  \u00e0 Saint-Cloud  (92210)\nLE  PREFET  DES  HAUTS-DE-SEINE\nVu  la loi n\u00b0 2010-853  du  23 jullet 2010  relative aux r\u00e9seaux  consulaires, au  commerce  et \u00e0\nl'atisanat et  aux services  (article 31);\nVu  la lo n\u00b02018-1778  du  28  d\u00e9cembre  2015  relative \u00e0\nvillissement\nVu  l'article 07231-1  du Code  du  travail;\nVu  les d\u00e9crets n\u00b0 2011-1132  et n\u00b0 2011-1133  du  20  septembre  2011  modifiant certaines\ndispositions du Code  du  travail, relatives au ch\u00e8que  emplo-service  universel et aux\n'services \u00e0 la personne\nVu  le d\u00e9cret  n\u00b02018.750  du 6 juin 2016 relatif \u00e0 a  iste des activit\u00e9s de services \u00e0 la personne\nsoumises \u00e0 agr\u00e9ment ou \u00e0 autorisation dans le cadre  du r\u00e9gime  commun de la d\u00e9claration ;\nfaptation de  la  soci\u00e9t\u00e9  au\nVu  le d\u00e9cret du 31 octobre 2024  portant nomination  de Monsieur  Alexandre  BRUGERE,  en\nquait\u00e9 de Pr\u00e9fet des  Hauts-de-Seine  ;\nVu  l'arr\u00eat\u00e9 DRIEETS-UDS2  n\u00b02024-517  du  22 octobre 2024  renouvelant l'agr\u00e9ment num\u00e9ro\nSAP852052240  au nom  de la SARL  BABYCHOU  SERVICES  SAINT-CLOUD  ;\nVu  l'arr\u00e9t\u00e9 interminist\u00e9riel du 12 ao\u00fbt 2025  nommant  Monsieur  Fabrice MASI, Directeur\nr\u00e9gional et interd\u00e9partemental de l'\u00e9conomie, de l'emploi, du travailet des soldartes die\nde-France  \u00e0  compter  du  25  ao\u00fbt  2025\nVu  l'arr\u00eat\u00e9 DRIEETS-UD92  n\u00b02025-527 du 06 octobre 2025 modifiant l'agr\u00e9ment num\u00e9ro  SAP\n85202240  au  nom  de  la SARL  BABYCHOU  SERVICES  SAINT-CLOUD  ;\nVu  l'arrt\u00e9 pr\u00e9fectoral n\u00b02025-33  du  22 ao\u00fbt 2025  par lequel le Pr\u00e9fet des  Hauts-de-Seine\nd\u00e9l\u00e8gue  sa  signature  \u00e0 Monsieur  Fabrice  MASI,  Directeur  r\u00e9gional et interd\u00e9partemental\nde l'\u00e9conomie, de l'emploi, du travail et des solidarit\u00e9s d\u00eele-de-France ;\n\n'Vu la d\u00e9cision  n\u00b0 2025-157 du 25 ao\u00fbt  2025  portant subd\u00e9l\u00e9gation  de  signature de Monsieur\nFabrice  MASI,  Directeur  r\u00e9gional et interd\u00e9partemental  de  l'\u00e9conomie,  de  rempli,  du\ntravail et des  soidarit\u00e9s  d'le-de-France,  aux  agents  de  l'Unit\u00e9  d\u00e9partementale  des  Hauts.\nde-Seine\nVu  le r\u00e9c\u00e9piss\u00e9  n\u00b02024-518  de  d\u00e9claration  modifiative  d'activit\u00e9 de  services  \u00e0 la personne\ndu 22  octobre  2024  enregistr\u00e9  sous le num\u00e9ro  SAP852082240  au nom  de  la SARL\nBABYCHOU  SERVICES  SAINT-CLOUD  ;\nVu  la demande  de  changement  d'adresse  de  l'\u00e9tablissement  principal d\u00e9pos\u00e9e  aupr\u00e8s  de\nl'Unit\u00e9 d\u00e9partementale  des  Hauts-de-Seine  de  la DRIEETS  le 29  septembre  2025  par  la\nSARL  BABYCHOU  SERVICES  SAINT-CLOUD  anciennement  domicii\u00e9e  au  70  Rue\nRoyale \u00e0  Saint-Cloud  (92210)\nConsid\u00e9rant que  a  pr\u00e9sente  modification  vise \u00e0 mettre  \u00e0  jour l'adresse  de  '\u00e9tabissement\nprincipal et du si\u00e8ge social de la SARL  BABYCHOU  SERVICES  SAINT-\nCLOUD  et que  le dossier  de  demande  est conforme  aux  dispostions  de\nl'aricle L. 7282-1-1  du code  du  travail\nLe  r\u00e9c\u00e9piss\u00e9  n\u00b02024-518  de  d\u00e9claration  d'activit\u00e9s de  services  \u00e0  la personne  du  22  octobre  2024\nenregistr\u00e9e  sous  le num\u00e9ro  SAP852052240  nom  de  la SARL  BABYCHOU  SERVICES  SAINT-\nCLOUD  est ainsi modifi\u00e9e\nLe si\u00e8ge social et l'\u00e9tablissement principal de la SARL  BABYCHOU  SERVICES  SAINT-\nCLOUD  sont  d\u00e9sormais  domicil\u00e9s  au  7 Rue  Aude  \u00e0  Saint-Cloud  (92210)\nGarde  d'enfants  de  plus de  3 ans \u00e0 domicile\n= Accompagnement  des  enfants de  plus  de  3\n= Garde  d'enfants de moins  de 3 ans et de moins de 18 ans handicap\u00e9s\u00e0 domicile;\n= Accompagnement des  enfants  de  moins  de  3 ans  ou  de  moins  de  18  ans  handicap\u00e9s ;\nPrestations  relevant du  b\u00e9n\u00e9fice  de  la r\u00e9duction  c'imp\u00e9t  pr\u00e9vue  \u00e0 Taticle 199  sexdecies  du  Code\nGeneral  des  Imp\u00f4ts\nSous  r\u00e9serve  d'\u00eatre exerc\u00e9es  \u00e0 tire exclusf  parle  d\u00e9ciarant  (ou  sous  r\u00e9serve  d'une  comptabilit\u00e9\ns\u00e9par\u00e9e  pour  les personnes  morales  dispens\u00e9es  de  Ia condition  d active  exclusive), ces  activit\u00e9s\nouvrent  droit au  b\u00e9n\u00e9fice  des  dispositions des  aticles  L. 7233-2  du  code du  traval  et L 241-10\ndu  code  de  la s\u00e9curit\u00e9  sociale.\n\nConform\u00e9ment  aux  dispositions  de  article  R7232-19  du  code  du  travail, l'organisme  d\u00e9clar\u00e9  doit\nproduire  au  moins  chaque  trimestre  un  \u00e9tat d'activt\u00e9 et chaque  ann\u00e9e  un  bilan quantitatif et\nQualtaf  de  Factiite exerc\u00e9e  au tre  de  l'ann\u00e9e \u00e9coul\u00e9e  ainsi qu'un tableau statistique annuel.\nSi l'organisme d\u00e9clar\u00e9 comporte  plusieurs \u00e9tablissements, les \u00e9tats statistiques etl  bilan annuel\ndistinguent  l'actt\u00e9  exerc\u00e9e  par  chaque  \u00e9tablissement.\nL'enregistrement de la d\u00e9claration pourra  \u00eatre retir\u00e9 si l'organisme  d\u00e9clar\u00e9 cesse  de remplir\nles conditions  ou  de  respecter  les obligations  mentionn\u00e9es  aux  4\u00b0,5\u00b0 et  6\u00b0 de  l'article\nR723247  ou  qui  m\u00e9connal les  obligations  d\u00e9finies  \u00e0 l'article R7232-18  du  code du travail.\nnc  tructure ctivit\u00e9s exerc\u00e9es devra,  sous\neine  de retrat de  Ta d\u00e9claration. fae  l'objet d'une d\u00e9claration modiieave  aupr\u00e8s  de Unite\nd\u00e9partementale  des  Hauts-de-Seine.\nLe pr\u00e9sent r\u00e9c\u00e9piss\u00e9 sera publi\u00e9 au recuel des actes administratfs de la pr\u00e9fecture des Hauts-\nde-Seine.\nFa  \u00e0 Nant  08  octobre  2025\nPour  le Pr\u00e9fet\nd\u00e9l\u00e9gation  et subd\u00e9l\u00e9gation\nLa  Responsable  du  service\nDeveloppement  de  emplo  et des\ncompetences\n(ot\nMariaha  CONDE\n\nEs  Direction r\u00e9gionale et interd\u00e9partementale\nMINISTERE de l'\u00e9conomie, de l'emploi,\nDU  TRAVAIL,  DE  LA SANT\u00c9,  du travail et des solidarit\u00e9s\nDES  SOLIDARIT\u00c9S\nET  DES  FAMILLES\nA\nR\u00e9c\u00e9piss\u00e9  n*2025-529  de  d\u00e9claration  d'activit\u00e9s de  services  \u00e0 Ia personne  enregistr\u00e9e\nsous  le n\u00b0 SAPS91660475  au nom  de la SAS  VITROCLAIR  HS sise 41 Rue P\u00e9rier\u00e0\nMONTROUGE  (82120)\nLE  PREFET  DES  HAUTS-DE-SEINE\nVu  la loi n\u00b0 2010-853  du  23  juilet 2010  relative aux r\u00e9seaux  consulaires, au  commerce  et \u00e0\nl'artisanat et aux  services  (arte  31)\nVu  la loi n\u00b02015-1776  du 28 d\u00e9cembre  2015  relative \u00e0 l'adaptation de la soci\u00e9t\u00e9 au\nvellissement ;\nVu  l'aricie D7231-1  du  Code  du  travail;\nVu  les d\u00e9crets n\u00b0 2011-1132  et n\u00b0 2011-1133  du 20  septembre  2011  modifiant certaines\ndispositions du  Code  du travail, relatives au ch\u00e8que  emploksenvice  universel et aux\n'services \u00e0  la personne  ;\nVu  le d\u00e9cret n\u00b02016-750  du 6 juin 2016 relat \u00e0 a liste des activit\u00e9s de services \u00e0 la personne\nsoumises \u00e0 agr\u00e9ment  ou \u00e0 autorisationdans le cadre du r\u00e9gime commun  de la d\u00e9claration;\nVu  le d\u00e9cret du 31 octobre 2024  portant nomination  de  Monsieur  Alexandre  BRUGERE,  en\nquait\u00e9  de Pr\u00e9fet des  Hauts-de-Seine  ;\narr\u00e8t\u00e9 interminist\u00e9riel du  12 ao\u00fbt 2025  nommant  Monsieur  Fabrice MASI, Directeur\nr\u00e9gional  et interd\u00e9partemental de l'\u00e9conomie,  de l'emploi, du travail et des  sobdartes  d'le-\nde-France  \u00e0 compter  du  25  ao\u00fbt  2025\nVu  l'arr\u00eat\u00e9 pr\u00e9fectoral n\u00b02028-33  du  22 ao\u00fbt 2025  par lequel le Pr\u00e9fet des  Hauts-de-Seine\nd\u00e9l\u00e8gue  sa signature \u00e0 Monsieur  Fabrice MASI,  Directeur r\u00e9gional et interd\u00e9partemental\nde l'\u00e9conomie, de l'emploi, du travail et des solidarit\u00e9s d'\u00cele-de-France;\nvu\nVu  la d\u00e9cision n\u00b0 2025-187  du  25 ao\u00fbt 2025  portant subd\u00e9l\u00e9gation de  signature de  Monsieur\nFabrice  MASI,  Directeur  r\u00e9gional et interd\u00e9partemental  de  l'\u00e9conomie,  de  l'emploi, du\ntravail et des  soidant\u00e9s  d'lle-de-France,  aux  agents  de  l'Unit\u00e9 d\u00e9partementale  des  Hauts-\nde-Seine  ;\nVu  la d\u00e9claration d'actvit\u00e9s de  services \u00e0 la personne  d\u00e9pos\u00e9es  le ter octobre 2025  au nom\nde la SAS  VITROCLAIR  HS  sise 41 Rue  P\u00e9rier \u00e0 MONTROUGE  (92120)  ;\n\nApr\u00e8s  examen du dossier cette demande \u00e9tant conforme aux dispositions de article L. 7232-1-\n1 du  code  du  traval  le pr\u00e9sent  r\u00e9c\u00e9piss\u00e9  de  d\u00e9ciaration  \u00a2actvit\u00e9s  de  services  a la personne\n\u00e9t\u00e9 enregistr\u00e9 au nom  de  la SAS  VITROCLAIR  HS  sous le num\u00e9ro  SAP  991560475.\nLes  activit\u00e9s d\u00e9clar\u00e9es  sont les suivantes,  \u00e0 l'exclusion de toute autre\n= Entretion  de  la maison  ot travaux  m\u00e9nagers.\nPrestations  relevant du  b\u00e9n\u00e9fice  dela  r\u00e9duction  d'imp\u00f4t  pr\u00e9vue  \u00e0 Varticle 199  sexdecies  du  Code\nG\u00e9n\u00e9ral  des  Imp\u00f4ts.\nLa  structure  exerce  ces  activit\u00e9s  solon  le mode  suivant  : PRESTATAIRE\nSous  r\u00e9serve  d'\u00eatre exerc\u00e9es  \u00e0  tite exclusif parle  d\u00e9clarant  (ou  sous  r\u00e9serve  d'une  comptabilt\u00e9\n's\u00e9par\u00e9e  pour  les personnes  morales  dispens\u00e9es  de  la condition  activit\u00e9 exclusive), ces  activit\u00e9s\n'ouvrent droit au  b\u00e9n\u00e9fice  des  dispositions  des  articles L. 7233-2  du  code  du  traval et L 241-10\ndu  code  de  la s\u00e9curit\u00e9  sociale.\nConform\u00e9ment  aux  dispostions  de  article R7232-19  du  code  du  travail, l'organisme  d\u00e9clar\u00e9  doit\nproduire au moins chaque trmestre un \u00e9tat d'actvit\u00e9 et chaque  ann\u00e9e  un bilan quantitatif ot\nqualitatif de activit\u00e9 exerc\u00e9e au tire de l'ann\u00e9e \u00e9coul\u00e9e ainsi qu'un tableau statistique annul,\nSi  l'organisme d\u00e9clar\u00e9  comporte  plusieurs \u00e9tablissements, les \u00e9tats statistiqueset le bilan annuel\ndistinguent  l'actiit\u00e9  exerc\u00e9e par  chaque  \u00e9tablissement.\nLe  pr\u00e9sent  r\u00e9c\u00e9piss\u00e9  prend  effet le ter  octobre  2028.\nL'enregistrement  de  la d\u00e9claration  pourra  \u00eatre retir\u00e9si l'organisme  d\u00e9clar\u00e9  cesse  de  remplir\nles conditions  ou  de  respecter  les obligations mentionn\u00e9es  aux  4\u00b0,5\u00b0 et 6\u00b0 de  article\nR7232-17  ou  qui  m\u00e9connalt  les obligations  d\u00e9finies  \u00e0 l'article R7232-19  du  code  du  travail,\nd\u00e9partementale des Hauts-de-Seine.\nLe  pr\u00e9sent  r\u00e9c\u00e9piss\u00e9  sera  publi\u00e9 au  recueil des  actes  administratifs de la pr\u00e9fecture des  Hauts-\ndo-Seine.\nFait \u00e0 Nanterre,  le 06  octobre  2025\nPour  le Pr\u00e9fet\nPar  d\u00e9l\u00e9gation  ot subd\u00e9l\u00e9gation\nLa  Responsable  du  sorvice\nD\u00e9veloppement  de  l'emploi  et des\nMaris OND\u00c9\n\nEx  Direction r\u00e9gionale et intord\u00e9partementaleMINIST\u00c8RE de l'\u00e9conomie, de l'emploi,\nDU  TRAVAIL,  DE  LA  SANT\u00c9,  du travail et des solidarit\u00e9s\nDES  SOLIDARIT\u00c9S\nET  DES  FAMILLES\nfu\nArr\u00eat\u00e9  DRIEETS-UD92  n*2025-530  du  06  octobre  2025  modifiant  l'agr\u00e9ment\n'SAP852420785  de  la SAS  CAJCAMUS  sise 22  Rue  Place des arts \u00e0 Rueil-\nMalmaison  (92600)\nLE  PREFET  DES  HAUTS-DE-SEINE\nVu  la loi n\u00b0 2010-853  du 23 juillet 2010  relative aux  r\u00e9seaux  consulaires, au commerce et \u00e0\nl'aisanat  et aux  services  (ace  31) ;\nVu  Ia loi n\u00b02018-1778  du 28  d\u00e9cembre  2015  relative \u00e0 l'adaptation de  la soci\u00e9t\u00e9 au\nviilissement ;\nVu  l'article 07231-1  du  Code du travail\nVu  les d\u00e9crets n\u00b0 2011-1132  et n\u00b0 2011-1133  du  20  septembre  2011  modifiant certaines:\ndispostions du Code  du  travail, relatives au ch\u00e8que  emplo-senvice  universel et aux\n'services  \u00e0 la personne ;\nVu  le d\u00e9cret n\u00b02016750 du 6 juin 2018 relatif la iste des activit\u00e9s de services \u00e0 la personne\nsoumises  \u00e0 agr\u00e9ment  ou \u00e0 autorisation dans le cadre  du r\u00e9gime  commun  de a d\u00e9claration ;\nVu  le d\u00e9cret du 31 octobre 2024  portant nomination  de  Monsieur  Alexandre  BRUGERE,  en\nquait\u00e9 de Pr\u00e9fet des Hauts-de-Seine ;\nVu  l'arr\u00eat\u00e9 DRIEETS-UDS2  n\u00b02024472  du  08 octobre 2024  renouvelant l'agr\u00e9ment num\u00e9ro\nSAP852420785  au nom  de  la SAS  CAJCAMUS  ;\nVu  Farr\u00e9te interminist\u00e9riel du 12 ao\u00fbt 2025  nommant  Monsieur  Fabrice MASI,  Directeur\nr\u00e9gional et interd\u00e9partementalde \u00e9conomie,  de l'emploi, du travail et des solidarit\u00e9sd'il\nde-France \u00e0 compter  du  25  ao\u00fbt  2025  ;\nVu  l'arr\u00ebt\u00e9 pr\u00e9fectoral n\u00b0202533  du  22  ao\u00fbt 2025  par lequel le Pr\u00e9fet des  Hauts-de-Seine\nd\u00e9l\u00e8gue  sa  signature  \u00e0 Monsieur  Fabrice  MASI,  Directeur  r\u00e9gional et interd\u00e9partemental\ne  l'\u00e9conomie, de l'emploi du travailet des solidart\u00e9s d'\u00cele-de-France ;\n'Vu la d\u00e9cision n\u00b0 2025-187 du 25 ao\u00fbt  2025 portant subd\u00e9l\u00e9gation de signature de Monsieur\nFabrice MASI, Directeur r\u00e9gional et interd\u00e9partemental de  l'\u00e9conomie, de  l'emploi, du\n\ntraval  et des solidarit\u00e9s d'le-de-France,  aux  agents  de  l'Unit\u00e9 d\u00e9partementale  des  Hauts-\nde-Seine  ;\nVu  la demande de changement  d'adresse du si\u00e8ge  social et de \u00e9tablissement  principal dela\nSAS  CAJCAMUS  d\u00e9pos\u00e9e  en date du 13janvier  2025  sur l'extranet NOVA\nConsid\u00e9rant  que  la SAS  CAJCAMUS  est agr\u00e9\u00e9e  depuis le 26 novembre  2024  pour exercer\nles activit\u00e9s de services \u00e0 la personne  aupr\u00e8s  des  personnes  \u00e2g\u00e9es  et/ou\n'en situation de  handicap  sur  le d\u00e9partement  des  Hauts-de-Seine  (82)\nl'agr\u00e9ment  est valable jusqu'au  25  novembre  2029\nConsid\u00e9rant  que  la SAS  CAJCAMUS  a d\u00e9clar\u00e9  un  changement  d'adresse de son  si\u00e8ge  social\net de  son  \u00e9tablissement  principal en  date  du  13 janvier 2025  anciennement\nddomicii\u00e9s au  104  Avenue  Albert  1\" \u00e0 Ruci-Malmaison  (92600) ;\nConsid\u00e9rant  que  ... le dossier  de  demande  est conforme  au  cahier des  charges  pr\u00e9vu  \u00e0  article\nR.7232-8  du  Code  du  travail;\nARTICLE 1\nLe si\u00e8ge social et \u00e9tablissement  principal de la SAS  CACJCAMUS  sont  d\u00e9sormais  domicii\u00e9s  au\n22  Place des Arts \u00e0Ruoll-Malmaison (92600),\nARTICLE 2\nToutes  les autres dispositionsde arr\u00e9t\u00e9  DRIEETS-UDS2  n\u00b02024-472  du 08 octobre 2024  \u00e9mis\npar  {Unit\u00e9  d\u00e9partementale  des  Hauts-de-Seine  (92) el renouvelant  l'agr\u00e9ment  num\u00e9ro\nSAP852420785  \u00e0 la SAS  CAJCAMUS  ainsi que  du  r\u00e9c\u00e9piss\u00e9  de  d\u00e9claration  aff\u00e9rent demeurent\n'applicables dans la mesure o\u00f9 elles ne sont pas contraires au pr\u00e9sent arr\u00eat\u00e9\nARTICLE 3\nLa Directrice de  l'Unit\u00e9 d\u00e9partementale  des  Hauts-de-Seine  de  la DRIEETS  Ile-de-France, est\ncharg\u00e9e  de  l'application du  pr\u00e9sent  arr\u00e9t\u00e9 qui sera  publi\u00e9 au  recuel  des  Actes  Administratifs de\nla Pr\u00e9fecture  des  Hauts-de-Seine,\nFait  \u00e0  Nanterre,  le 06  octobre  2025,\nPour  le Pr\u00e9fet\nPar  d\u00e9l\u00e9gation  et subd\u00e9l\u00e9gation\nLa  Responsable  du  service\nD\u00e9veloppement  de l'emploi et des\ncomp\u00e9tences\n\n=  Direction r\u00e9gionale et interd\u00e9partementale\nMINISTERE del'\u00e9conomie, de l'emploi,\nDU  TRAVAIL,  DE  LA  SANT\u00c9,  du travailet des solidarit\u00e9s\nDES  SOLIDARITES\nET  DES  FAMILLES\nLa\nR\u00e9c\u00e9piss\u00e9  n*2025-531  de  d\u00e9claration  modificative  d'activit\u00e9s de services  \u00e0 la\npersonne  enregistr\u00e9e sous  le n\u00b0 SAPB52420785  nom  de  la SAS  CAJCAMUS  sise\n22  Place  des  Arts  \u00e0 Rueil-Malmaison  (92500)\nLE  PREFET  DES  HAUTS-DE-SEINE\nVu  la loi n\u00b0 2010-853  du  23 juilet 2010  relative aux r\u00e9seaux  consulaires, au  commerce  et \u00e0\nFartisanat et aux services (article 31);\nVu  la loi n\u00b02018-1776  du  28  d\u00e9cembre  2015  relative \u00e0 l'adaptation de  la soci\u00e9t\u00e9  au\nveilissement\nVu  l'article 07231-1  du  Code  du  traval;\nVu  les d\u00e9crets n\u00b0 2011-1132  et n\u00b0 2011-1133  du 20  septembre  2011  modifant  certaines\ndispositions du  Code  du  travail, relatives au  ch\u00e8que  emplokservice  universel et aux\nservices \u00e0 la personne  ;\nVu  le d\u00e9cret n\u00b02016-750  du  6 juin 2016  relat \u00e0 a  iste des  activit\u00e9s de services la personne\n'soumises  \u00e0 agr\u00e9ment  ou  \u00e0 autorisation dans le cadre du r\u00e9gime  commun  dela d\u00e9claration  ;\nVu  le d\u00e9cret du 31 octobre 2024  portant nomination  de  Monsieur  Alexandre  BRUGERE,  en\nquait\u00e9 de Pr\u00e9fet des Hauts-de-Seine ;\nVu  l'arr\u00eat\u00e9 DRIEETS-UDS2  n\u00b02024473  du 08  octobre 2024  renouvelant l'agr\u00e9ment num\u00e9ro\nSAP862420785  au  nom  de  la SAS  CAJCAMUS\nVu  l'arr\u00ebt\u00e9 interminist\u00e9riel du  12 ao\u00fbt  2025  nommant  Monsieur  Fabrice  MASI,  Directeur\nr\u00e9gional  et interd\u00e9partemental de l'\u00e9conomie,  de l'emploi, du travail et des  solidarit\u00e9s dle-\nde-France \u00e0 compter  du 25 ao\u00fbt  2025 ;\nVu  l'ar\u00eat\u00e9 DRIEETS-UD92  n\u00b02025530  du  06  octobre 2025  modifiant l'agr\u00e9ment  num\u00e9ro  SAP\n852420785  au  nom  de  la SAS  CAJCAMUS  ;\nVu  l'arr\u00eat\u00e9 pr\u00e9fectoral n\u00b02028-33  du  22  ao\u00fbt 2025  par lequel le Pr\u00e9fet des  Hauts-de-Seine\n'd\u00e9l\u00e8gue sa signature \u00e0 Monsieur  Fabrice MASI,  Directeur r\u00e9gional et interd\u00e9partementai\nde l'\u00e9conomie, de l'emploi, du travalet des solidarit\u00e9s d'\u00eel-de-France ;\n\nVu  la d\u00e9cision n\u00b0 2025-157  du  25  ao\u00fbt 2025  portant subd\u00e9l\u00e9gation de signature de Monsieur\nFabrice MASI, Directeur r\u00e9gional et interd\u00e9partemental de  l'\u00e9conomie, de l'emploi. du\ntravail et des  solidartes d'le-de-France, aux  agents de  l'Unit\u00e9 d\u00e9partementale  des  Hauts\nde-Seine  ;\nVu  le r\u00e9c\u00e9piss\u00e9  n\u00b02024473  de  d\u00e9claration  modificative  d'actit\u00e9  de  services  \u00e0 la personne\ndu  08  octobre  2024  enregistr\u00e9  sous  le num\u00e9ro  SAP852420785  au  nom  de  la SAS\nCAJCAMUS  ;\n'Vu la demande  de  changement  d'adresse de  l'\u00e9tablissement principal d\u00e9pos\u00e9e  le 13 janvier\n2025  par la SAS  CAJCAMUS  anciennement  domicli\u00e9e  au 104 Avenue  Albert 1* \u00e0 Rueil\nMalmaison  (92500),\nConsid\u00e9rant que  la pr\u00e9sente modification vise \u00e0 mettre \u00e0 jour l'adresse de l'\u00e9tablissement\nprincipal et du  si\u00e8ge  social de  la SAS  CAJCAMUS  et que  le dossier  de\ndemande  est  conforme  aux  dispositions de  Farticie L. 7232-1-1  du  code  du\ntravail\nLe  r\u00e9c\u00e9piss\u00e9 n*2024-473  de  d\u00e9claration activit\u00e9s de  services \u00e0 la personne  du  08  octobre 2024\nenregistr\u00e9e sous  le num\u00e9ro  SAP862420785  nom  de  Ia SAS  CAJCAMUS  est ainsi modifi\u00e9e :\nLe  si\u00e8ge social et l'\u00e9tablissement principal de  la SAS  CAJCAMUS  sont d\u00e9sormais  domicili\u00e9s au\n22  Place des Arts \u00e0Ruoll-Maimaison (92500),\nLes  activites d\u00e9clar\u00e9es  sont  les suivantes,  \u00e0 l'exclusion de  toute autre\n= Livraison de courses  \u00e0 domicile  :\n= Assistance  administrative  \u00e0  domicile;\n= Accompagnement des personnes  \u00e2g\u00e9es,  des  personnes  handicap\u00e9es ou atteintes de\npathologies chroniques, dans  leurs d\u00e9placements  en dehors  de leur domicile\n(promenades,  aide \u00e0 ia mobilt\u00e9 et au transpor, actes de la vie courante) quand cet\naccompagnement est r\u00e9alis\u00e9 dans les conditions pr\u00e9vues aux  1\u00b0 et 2\u00b0 de fart. 7232-6\n'du code  du  traval;\n= Assistance  dans les actes  quotidiens  de  la vie o\u00f9  aide  \u00e0 l'insertion sociale aux\npersonnes  \u00e2g\u00e9es  et aux  personnes  handicap\u00e9es  ou  atteintes de  pathologies\nChroniques  qui ont  besoin  de  telles prestations  \u00e0 domicile, quand  ces  prestations  sont\nr\u00e9alis\u00e9es  dans les  conditions pr\u00e9vues  aux  1\u00b0 et 2\u00b0 de Fart. 7232-6 du code  du travail,\n\u00e0  l'exclusion d'actes  de  soins  relevant d'actes m\u00e9dicaux  \u00e0 moins  quils  ne  soient\nex\u00e9cut\u00e9s  dans les conditions pr\u00e9vues  \u00e0 l'article L1111-6-1  du code  de la sant\u00e9  publique\nel du d\u00e9cret  n\u00b099.426 du 27 mai  1999  habitant  certaines cat\u00e9gories  de personnes  \u00e0\neffectuer  des  aspirations  endo-trach\u00e9ales  ;\nPrestation de  conduite du v\u00e9hicule personnel  des  personnes  \u00e2g\u00e9es, des  personnes\nhandicap\u00e9es  ou  atteintes de  pathologies  chroniques  du  domicile  au  travail, sur le lieu\n\njacances, pour les d\u00e9marches  administratives quand  cette prestationest r\u00e9alis\u00e9e\ndans  les conditionspr\u00e9vues aux 1\u00b0 et 2\u00b0 de l'art 7232-6  du code du travail ;\nPrestations relevant du b\u00e9n\u00e9fice de a r\u00e9duction d'imp\u00f4t pr\u00e9vue \u00e0 l'articie 199 sexdecies du Code\nG\u00e9n\u00e9ral  des  Imp\u00f4ts.\nSous  r\u00e9serve d'\u00eatre exerc\u00e9es  \u00e0 tire excusi  parle d\u00e9clarant (ou sous  r\u00e9serve d'une comptabilit\u00e9\n's\u00e9par\u00e9e pour les personnes morales dispens\u00e9es de la condition d'activit\u00e9 exclusive), ces activit\u00e9s\n'ouvrent droit au b\u00e9n\u00e9fice des dispositions des articles L. 7233-2 du code du travail et L. 241-10\n'du code  de  la s\u00e9curi\u00e9  sociale.\n(Conform\u00e9ment aux dispositions de l'article R7232-19  du code du travail l'organisme d\u00e9ciar\u00e9 doit\nproduire au moins  chaque  timestre  un \u00e9tat dactivit\u00e9 et chaque  ann\u00e9e  un bilan quantitatif et\nqualtatf de l'actvit\u00e9 exerc\u00e9e  au  tire de  l'ann\u00e9e \u00e9coul\u00e9e  ainsi qu'un tableau statistique annuel.\nSi organisme  d\u00e9clar\u00e9 comporte plusieurs \u00e9tablissements, les \u00e9tats statistiques et le blan annuel\ndistinguent  l'activit\u00e9 exerc\u00e9e  par  chaque  \u00e9tablissement\nL'enregistrement de la d\u00e9claration pourra  \u00eatre retir\u00e9si l'organisme d\u00e9clar\u00e9 cesse de  remplir\nles conditions ou de respecter les obligations mentionn\u00e9es  aux  4\u00b0,5\u00b0 et 6\u00b0 de l'article\n'R7232-17  ou  qui m\u00e9connalt  les obligations d\u00e9finies \u00e0 article  R7232-19  du  code  du  travail.\npeine de retrait de la d\u00e9claration, fare l'objet dune d\u00e9claration modiicatve aupr\u00e9s de [Unite\nd\u00e9partementale des Hautsde Sere\nLe pr\u00e9sent r\u00e9c\u00e9piss\u00e9 sera publi\u00e9 au recueildes actes sministralfsde a  pr\u00e9fecture des Hauts-\nde-Sene\nFait  \u00e0 Nanterre, le 06 octobre 2025\nour  lo Pr\u00e9fet\nar  d\u00e9l\u00e9gation  ot subd\u00e9l\u00e9gation\nLa  Responsable  du  service\nD\u00e9veloppement  de  l'emploi  at des\n'comp\u00e9tences\noolMariama CONDE\n\nE  Direction  r\u00e9gionale  et interd\u00e9partementale\nMINIST\u00c8RE  de l'\u00e9conomie, de l'emploi,\nDU  TRAVAIL,  DE  LA  SANT\u00c9,  du travail et des solidarit\u00e9s\nDES  SOLIDARIT\u00c9S\nET  DES  FAMILLES\nA\nR\u00e9c\u00e9piss\u00e9  n\u00b02025-532  de  d\u00e9claration  d'activit\u00e9s  de  services  \u00e0  la personne\nenregistr\u00e9e  sous  le n\u00b0 SAP991118779  au  nom  de la micro-entreprise  GRIMAUD\nGUILLAUME  sise  5 Rue  Marcel  Cerdan  \u00e0 LEVALLOIS-PERRET  (92300)\nLE  PREFET  DES  HAUTS-DE-SEINE\nVu  la loi n\u00b0 2010-853 du  23  jullet 2010  relative aux  r\u00e9seaux  consulaires, au  commerce et \u00e0\nl'artisanat et aux  services  (article 31)\nVu  la loi n\u00b020151776  du  28  d\u00e9cembre  2015  relative \u00e0  l'adaptation de  la soci\u00e9t\u00e9  au\nvieilissement ;\nVu  l'article D7231-1  du  Code  du  travail\nVu  les d\u00e9crets  n\u00b0 2011-1132  et n\u00b0 2011-1133  du  20  septembre  2011  modifiant  certaines.\ndispositions du  Code  du  travail, relatives au  ch\u00e8que  emploi-senvce  universel  et aux\nservices \u00e0 la personne  ;\nVu  le d\u00e9cret n\u00b02016-750 du 6 juin 2016  relatif\u00e0 la liste des activit\u00e9sde services \u00e0 la personne\nsoumises \u00e0 agr\u00e9ment  ou \u00e0 autorisation dans le cadre  du  r\u00e9gime  commun  de la d\u00e9claration\nVu  le  d\u00e9cret du 31 octobre 2024  portant nomination de  Monsieur  Alexandre  BRUGERE,  en\n'qualit\u00e9 de Pr\u00e9fet des Hauts-de-Seine ;\nVu  l'\u00e9t\u00e9  interminist\u00e9riel du  12 ao\u00fbt 2025  nommant  Monsieur  Fabrice MASI, Directeur\nr\u00e9gional et interd\u00e9partementa de l'\u00e9conomie, de l'emploi, du travail et des solidarit\u00e9s d'le-\nde-France  \u00e0 compter  du  25  ao\u00fbt  2025  ;\nVu  l'arr\u00eat\u00e9 pr\u00e9fectoral n'2026-33  du  22  ao\u00fbt  2025  par  lequel le Pr\u00e9fet des  Hauts-de-Seine\nd\u00e9l\u00e8gue  sa signature  \u00e0 Monsieur  Fabrice  MASI,  Directeur  r\u00e9gional et interd\u00e9partemental\nde l'\u00e9conomie, de l'emploi du travailet des solidarit\u00e9s d'le-de-France ;\nVu  la d\u00e9cision  n\u00b0 2026-187 du 25 ao\u00fbt  2025  portant subd\u00e9l\u00e9gation  de  signature  de Monsieur\nFabrice  MASI,  Directeur  r\u00e9gional et interd\u00e9partemental  de  l'\u00e9conomie,  de  l'emploi, du\ntravail et des  solidarit\u00e9s d'le-de-France,  aux  agents  de  Unit\u00e9  d\u00e9partementale  des  Hauts-\nde-Seine  ;\n'Vu la d\u00e9claration d'actvit\u00e9s de services \u00e0 la personne  d\u00e9pos\u00e9es  le 03 octobre 2025 au nom\nde  la micro-entreprise  GRIMAUD  GUILLAUME  sise 5 Rue  Marcel  Cerdan  \u00e0 LEVALLOIS-\nPERRET  (92300)  ;\n\n'Apr\u00e8s examen  du  dossier, cette demande  \u00e9tant conforme  aux dispositions de l'article L. 7232-1\n1 du code du travail le pr\u00e9sent r\u00e9c\u00e9piss\u00e9 de d\u00e9claration activit\u00e9s de services \u00e0 la personne a\n\u00e9t\u00e9 enregistr\u00e9 au nom  de  la micro-entreprise GRIMAUD  GUILLAUME  sous le num\u00e9ro  SAP\n99111879.\nLes  activit\u00e9s d\u00e9clar\u00e9es  sont les suivantes,  \u00e0  exclusion  de  toute  autre\n= Soutien  scolaire ou  cours  \u00e0 domicile ;\nPrestations relevant du b\u00e9n\u00e9fice de  La r\u00e9duction d'imp\u00f4t pr\u00e9vue  \u00e0 article 199  sexdecies  du Code\nG\u00e9n\u00e9ral  des  Imp\u00f4ts.\nLa  structure exerce  ces  activit\u00e9s selon  le mode suivant  : PRESTATAIRE\nSous  r\u00e9serve d'\u00eatre exerc\u00e9es \u00e0 tire exclusf par le d\u00e9clarant (ou sous r\u00e9serve d'une comptablit\u00e9\ns\u00e9par\u00e9e  pour les personnes  morales  dispens\u00e9es  de la condition d'actvi\u00e9 exclusive), ces activites\nouvrent droit au b\u00e9n\u00e9fice des  dispositions des  articles L. 7233-2  du  code  du  traval et L. 241-10,\ndu  code  de  la s\u00e9curit\u00e9 social.\nConform\u00e9ment  aux  dispositions de  l'article R7232-19  du  code  du  travail, l'organisme d\u00e9clar\u00e9 doit\nproduire au moins  chaque  trimestre un \u00e9tat d'activit\u00e9 et chaque  ann\u00e9e  un bilan quantitatif et\nqualtatf de  l'activit\u00e9 exerc\u00e9e  au tire de  l'ann\u00e9e \u00e9coul\u00e9e  ainsi qu'un tableau statistique annuel.\nSi organisme  d\u00e9clar\u00e9 comport  plusieurs \u00e9tablissements, les \u00e9tats statstiques et le bilan annuel\ndistinguent l'activit\u00e9 exerc\u00e9e  par chaque  \u00e9tablissement.\nLe  pr\u00e9sent  r\u00e9c\u00e9piss\u00e9  prend  effet le 03  octobre  2028.\nL'enrogistrement  de la d\u00e9claration pourra \u00eatre retir\u00e9 si l'organisme  d\u00e9clar\u00e9 cesse  de  remplir\nles conditions  ou  de  respecter  les obligations mentionn\u00e9es  aux  4,6\"  et 6\u00b0 de  article\n7232-17 ou  qui m\u00e9connalt  les obligations d\u00e9finies \u00e0 l'article R7232-19  du  code  du  travail.\noute a M  fevra, sous\npeine de  retrait de  la d\u00e9claration, faire l'objet dune  d\u00e9claration modificative aupr\u00e8s  de {Unit\u00e9\nd\u00e9partementale  des  Hauts-de-Seine.\nLe pr\u00e9sent r\u00e9c\u00e9piss\u00e9 sera publi\u00e9 au recueil des actes administratifs de la pr\u00e9fecture des Hauts\nde-Soine.\nFait \u00e0  Nanterre,  le 07  octobre  2025\nPour  lo Pr\u00e9fet\nd\u00e9l\u00e9gation  et subd\u00e9t\u00e9gation\n'Responsable  du  service\nD\u00e9veloppement de  l'emploi et des\n\nE  Direction  r\u00e9gionale  et interd\u00e9partementale\nMINIST\u00c8RE de l'\u00e9conomie,de l'emploi,\nDU  TRAVAIL, DE LA SANT\u00c9, du travail et des solidarit\u00e9s\nDES  SOLIDARIT\u00c9S\nET  DES  FAMILLES\nEM\nR\u00e9c\u00e9piss\u00e9  n\u00b02026-533  de  d\u00e9claration d'activit\u00e9s de  services  \u00e0 la personne\nenregistr\u00e9e  sous  le n\u00b0 SAP992054460  au  nom  de  la micro-entreprise  ALLIZOND\nKEVIN  sise 33  Avenue  Georges  Pompidou  \u00e0 SURESNES  (92150)\nLE  PREFET  DES  HAUTS-DE-SEINE\nVu  la loi n\u00b0 2010-853  du 23  jullet 2010  relative aux r\u00e9seaux  consulaires, au  commerce et \u00e0\nl'afisanat et aux  services  (article 31);\n'Vu Ia loi n\u00b02015-1776  du  28 d\u00e9cembre  2015  relative \u00e0 l'adaptation de la soci\u00e9t\u00e9 au\nielissement ;\nVu  l'aticle D7231-1  du  Code  du  travail;\nVu  les d\u00e9crets n\u00b0 2011-1132  et n\u00b0 2011-1133  du  20 septembre  2011  modifiant certaines\ndispostions du  Code  du travail, relatives au ch\u00e8que  emplo-service  universel et aux\n'services \u00e0 la  personne ;\nVu  le d\u00e9cret n\u00b02016:750 du 6 jun 2016  relatif\u00e0 la liste des  activit\u00e9s de services \u00e0 la personne\n'soumises  \u00e0 agr\u00e9ment  ou \u00e0 autorisation dans le cadre  du  r\u00e9gime  commun  dela  d\u00e9claration ;\nVu  le d\u00e9crot du  31 octobre 2024  portant nomination de Monsieur  Alexandre  BRUGERE,  en\nqualit\u00e9 de  Pr\u00e9fet des  Hauts-de-Seine  ;\nVu  l'ar\u00e9t\u00e9 interminist\u00e9riel du 12 ao\u00fbt 2025  nommant  Monsieur  Fabrice MASI,  Directeur\nr\u00e9gional et interd\u00e9partemental  de  l'\u00e9conomie,  de l'emplol, du  traval et des  solidarit\u00e9sdll\nde-France  \u00e0 compter  du  25  ao\u00fbt  2025  ;\nVu  l'ar\u00f4t\u00e9 pr\u00e9fectoral n\u00b02025-33  du  22  ao\u00fbt  2025  par  lequel le Pr\u00e9fet des  Hauts-de-Seine\nd\u00e9l\u00e8gue  sa signature  \u00e0 Monsieur  Fabrice  MASI,  Directeur  r\u00e9gional et interd\u00e9partemental\nde l'\u00e9conomie, de l'emploi, du traval et des soldart\u00e9s d'le-de-France;\nVu  la d\u00e9cision n\u00b0 2025-187  du 25 ao\u00fbt 2028  portant subd\u00e9l\u00e9gation de signature de  Monsieur\nFabrice  MASI,  Directeur  r\u00e9gional et interd\u00e9partemental  de  l'\u00e9conomie,  de  l'emploi, du\ntravail et des  solidarit\u00e9s d'le-de-France,  aux  agents  de  Unit\u00e9  d\u00e9partementale  des  Hauts-\nde-Seine  ;\nVu  la d\u00e9claration d'activit\u00e9s de services \u00e0 la personne  d\u00e9pos\u00e9es  le 03 octobre 2025 au nom\nde  la micro-entreprise  ALLIZOND  KEVIN  sise 33  Avenue  Georges  Pompidou  \u00e0\nSURESNES  (92150)\n\n'Apr\u00e8s examen  du  dossier, cette demande  \u00e9tant conforme  aux disposons  de l'article L. 7232-1\n1 du code  du travaille pr\u00e9sent  r\u00e9c\u00e9piss\u00e9  de d\u00e9ciaration  activit\u00e9s de services \u00e0 la personne  a\n\u00e9t\u00e9 enregistr\u00e9 au nom  de  la micro-entreprise ALLIZOND  KEVIN  sous  le num\u00e9ro  SAP\n'992054460,\nLes  activit\u00e9s d\u00e9clar\u00e9es  sont  les suivantes,  a exclusion  de  toute  autre\nEntretien  de la  maison  et  travaux  m\u00e9nagers  ;\nPrestations relevant du b\u00e9n\u00e9fice dela  r\u00e9duction d'imp\u00f4t pr\u00e9vue \u00e0 l'article 199 sexdecies du Code\n'G\u00e9n\u00e9ral  des  Imp\u00f4ts.\nLa structure exerce  ces  activit\u00e9s selon  le mode  suivant  : PRESTATAIRE\nSous  r\u00e9serve d'\u00eatre exerc\u00e9es \u00e0 tte  exclus par le d\u00e9clarant (ou sous r\u00e9serve d'une comptabiite\n's\u00e9par\u00e9e pour les personnes morales dispens\u00e9es de la condition d'activit\u00e9 exclusive) ces activit\u00e9s\n'ouvrent droit au b\u00e9n\u00e9fice des dispositions des articles L. 7233-2  du code du travail et L. 241-10\n'du code  de  la s\u00e9curt\u00e9  social.\n(Conform\u00e9ment  aux  dispositions de  l'article R7232-19  du  code  du travail l'organisme d\u00e9clar\u00e9 doit\nproduire au  moins  chaque  trimestre un \u00e9tat dactivit\u00e9 et chaque  ann\u00e9e  un bilan quantitatif et\nquaitatf de  Factivite exerc\u00e9e  au tire de  l'ann\u00e9e \u00e9coul\u00e9e  ainsi qu'un tableau statistique annuel.\nSi organisme  d\u00e9clar\u00e9 comporte  plusieurs \u00e9tablissements, les \u00e9tats statistiques et le bilan annuel\ndistinguent  l'activit\u00e9 exerc\u00e9e  par  chaque  \u00e9tablissement\nLe pr\u00e9sent  r\u00e9c\u00e9piss\u00e9  prend  effet lo 03 octobre  2028.\n'enrogistrement de la d\u00e9claration pourra  \u00eatre rtir\u00e9si  l'organisme d\u00e9clar\u00e9 cosse de remplir\nles conditions ou de respecter les obligations mentionn\u00e9es  \" et 6\u00b0 de l'article\nR7232-17  ou  qui m\u00e9connait  les obligations d\u00e9finies \u00e0 l'rticie R7232-19 du  code  du  traval.\nla struct devra, sous\npeine de retrat de a d\u00e9claration, fae  objet dune  d\u00e9claration modifcate  aupr\u00e9s de (Unit\u00e9\nd\u00e9partementale  des  Hauts-de-Seine\nLe pr\u00e9sent r\u00e9c\u00e9piss\u00e9 sera publi\u00e9 au recueil des actes administratfs de  la pr\u00e9fecture des  Hauts.\nde-Seine.\nFait \u00e0  Nanterre,  le 07 octobre  2025\nPour  le Pr\u00e9fet\nMariamd CONDE\n\nEz  Direction r\u00e9gionale et interd\u00e9partementale\nMINIST\u00c8RE de l'\u00e9conomie, de l'emploi,\nDU  TRAVAIL,  DE  LA  SANT\u00c9,  du travail et des solidarit\u00e9s\nDES  SOLIDARIT\u00c9S\nET  DES  FAMILLES\nEa\nR\u00e9c\u00e9piss\u00e9  n\u00b02028-534  de  d\u00e9claration  d'activit\u00e9s de services \u00e0 la personne\nenregistr\u00e9e  sous  le n\u00b0 SAP933176182  au  nom  de  la micro-entreprise  Hamza\nKAFOUFI  sise  6 Rue  Du  Ratrait \u00e0 SURESNES  (92150)\nLE  PREFET  DES  HAUTS-DE-SEINE\nVu  la loi n\u00b0 2010-863  du  23  juilet 2010  relative aux  r\u00e9seaux  consulaires, au  commerce  et \u00e0\nl'afisanat et aux  services  (article 31);\nVu  la loi n\u00b02018-1776  du  28  d\u00e9cembre  2015  relative \u00e0 l'adaptation de  la soci\u00e9t\u00e9 au\nviilissement ;\nVu  l'aticie 07231-1  du  Code  du  travail;\nVu  les d\u00e9crets n\u00b0 2011-1132  et n\u00b0 2011-1133  du  20  septembre  2011  modifiant certaines\ndispostions  du  Code  du  travail, relatives au  ch\u00e8que  emplot-service  universel  et aux\n'services  \u00e0 la personne ;\nVu  le d\u00e9cret  n\u00b02018750 du 6 jun  2016 relat \u00e0 la listo des  activit\u00e9s de services \u00e0 la personne\nsoumises  \u00e0 agr\u00e9ment  ou  \u00e0 autorisation dans  le cadre du  r\u00e9gime  commun  de la d\u00e9claration\nVu  le d\u00e9cret du  31 octobre 2024  portant nomination  de Monsieur  Alexandre  BRUGERE,  en\nqualit\u00e9 de Pr\u00e9fet des Hauts-de-Seine\nVu  l'ar\u00e9t\u00e9 interminist\u00e9riel du 12 ao\u00fbt 2025  nommant  Monsieur  Fabrice MASI, Directeur\nr\u00e9gional  tinterd\u00e9partementa  de  l'\u00e9conomie,  de  l'emploi du  travailet des  solidarit\u00e9s d'le-\nde-France  \u00e0 compter  du  25  ao\u00fbt  2025\nVu  l'ar\u00e8t\u00e9 pr\u00e9fectoral n\u00b02025-33  du 22 ao\u00fbt 2025  par lequel le Pr\u00e9fet des  Hauts-de-Seine\nd\u00e9l\u00e8gue  sa signature \u00e0 Monsieur  Fabrice MASI,  Directeur r\u00e9gional et interd\u00e9partemental\nde l'\u00e9conomie, de l'emploi, du traval et des solidarit\u00e9s d'le-de-France ;\nVu  la d\u00e9cision  n\u00b0 2025-187  du  25  ao\u00fbt  2025  portant  subd\u00e9l\u00e9gation  de  signature  de  Monsieur\nFabrice  MASI,  Directeur  r\u00e9gional et interd\u00e9partemental  de  l'\u00e9conomie,  de  l'emploi, du\ntravailet des solidarit\u00e9sdlle-de-France, aux agents de  l'Unit\u00e9 d\u00e9partementale  des Hauts-\nde-Seine\nVu  la d\u00e9claration  d'activit\u00e9s de  services  \u00e0 la personne  d\u00e9pos\u00e9es  le 03  octobre  2025  au  nom\n'dela micro-entreprise  Hamza  KAFOUFI  sise 6 Rue  Du  Ratrait \u00e0 SURESNES  (92150)\n\n'Apr\u00e8s examen  du dossier, cette demande  \u00e9tant conforme aux dispositions de l'article L. 7232-1\n1 du code  du traval, le pr\u00e9sent  r\u00e9c\u00e9piss\u00e9  de d\u00e9claration d activit\u00e9s de services \u00e0 la personne  a\n\u00e9t\u00e9  enregistr\u00e9  au  nom  de  la micro-entreprise  Hamza  KAFOUFI  sous  le num\u00e9ro  SAP  933176  182\nLes  activit\u00e9s d\u00e9clar\u00e9es  sont  les suivantes,  \u00e0 'exciusion  de  toute  autre\n= Soutien  scolaire  ou  cours  \u00e0  domicile;\nPrestations  relevant du  b\u00e9n\u00e9fice  de  La r\u00e9duction  d'imp\u00f4t  pr\u00e9vue  \u00e0 Faticle 199  sexdecies  du  Code\n(G\u00e9n\u00e9ral  des  Imp\u00f4ts.\nLa  structure  exerce ces  activit\u00e9s selon  le mode  suivant :  PRESTATAIRE\nSous  r\u00e9serve d'\u00eatre exerc\u00e9es  \u00e0 tire exclusif par le d\u00e9clarant (ou sous  r\u00e9serve d'une comptabilt\u00e9\n's\u00e9par\u00e9e pour les personnes morales dispens\u00e9es de la condition d'activit\u00e9 exclusive) ces activit\u00e9s\n'ouvrent  droit au b\u00e9n\u00e9fice des  dispositions des  articles L. 7233-2  du  code  du travail et L. 241-10\ndu  code  de  la s\u00e9curt\u00e9  sociale.\n'Conform\u00e9ment  aux  dispositions de l'article R7232-19 du code  du  travail l'organisme  d\u00e9ciar\u00e9  doit\nproduire au moins chaque trimestre un \u00e9tat d'activit\u00e9 et chaque ann\u00e9e  un bilan quantitatf et\nqualtatf de active  exerc\u00e9e  au tire de  l'ann\u00e9e \u00e9coul\u00e9e  ainsi qu'un tableau statstique annuel.\nSi l'organisme d\u00e9clar\u00e9  comporte  plusieurs  \u00e9tablissements  les \u00e9tats statistiques etl  bilan annuel\ndistinguent  l'activit\u00e9 exerc\u00e9e  par  chaque  \u00e9tablissement.\nLe  pr\u00e9sent  r\u00e9c\u00e9piss\u00e9  prend  effet le 03  octobre  2025.\nL'enregistrement  de  la d\u00e9claration  pourra \u00eatre retir\u00e9 si l'organisme d\u00e9clar\u00e9 cesse de remplir\nles conditions  ou  de  respacter  les obligations mentionn\u00e9es  aux  4\u00b0,5\u00b0 et 6\u00b0 de  l'article\n7232.17  ou  qui  m\u00e9connalt  les obligations  d\u00e9finies  \u00e0 l'article R7232-19  du code  du  travail.\n'Toute modification concernant la structure d\u00e9clar\u00e9e ou les activit\u00e9s exerc\u00e9es devra, sous\npeine de  retrait de  la d\u00e9claration, faire l'objet dune  d\u00e9claration modicative  aupr\u00e8s  de Unit\u00e9\nd\u00e9partementale des  Hauts-de-Seine.\nLe  pr\u00e9sent  r\u00e9c\u00e9piss\u00e9  sera  publi\u00e9 au  recueil des  actes  administrafs  de  Ia pr\u00e9fecture  des  Hauts-\nde-Seine.\nFait  \u00e0  Nanterre, le 07  octobre  2025.\nPour  le  Pr\u00e9fot\nPar  d\u00e9l\u00e9gation  ot subd\u00e9l\u00e9gation\nLa  Responsable  du  service\nD\u00e9veloppement  de  l'emploi  et des\ncomp\u00e9tences\nMariah  CONDE\n\nEs  Direction  r\u00e9gionale  et interd\u00e9partementale\nMINIST\u00c8RE de l'\u00e9conomie, de l'emploi,\nDU  TRAVAIL,  DE  LA  SANT\u00c9,  du travail et des solidarit\u00e9s\nDES  SOLIDARITES\nET  DES  FAMILLES\nR\u00e9c\u00e9piss\u00e9  n\u00b02025-536  de  d\u00e9claration  d'activit\u00e9s  de  services  \u00e0 la personne\nenregistr\u00e9e  sous  le n\u00b0 SAP992111690 au  nom  de  la micro-entreprise  RADIDEAU\nJonathan  Philippe  S\u00e9bastien  sise 58 Quai  de Clichy  \u00e0 CLICHY  (92110)\nLE  PREFET  DES  HAUTS-DE-SEINE\nVu  la loi n\u00b0 2010-853 du  23  jullet 2010  relative aux r\u00e9seaux  consulaires, au commerce  et \u00e0\ntisanat et  aux  services  (article 31)\nVu  la li n\u00b02016-1776  du  28  d\u00e9cembre  2015  relative \u00e0 l'adaptation de  la soci\u00e9t\u00e9 au\nviilissement ;\nVu  l'aricle 07231-1  du  Code  du  travail;\nVu  les d\u00e9crets n\u00b0 2011-1132  et n\u00b0 2011-1133  du 20  septembre  2011  modifiant certaines\ndispositions du Code  du aval,  relatives au ch\u00e8que  emploi-service universel et aux\nservices \u00e0 1a personne  ;\nVu  le d\u00e9cret n\u00b02016-750  du 6 juin 2016 relatif \u00e0 la liste des  activit\u00e9s de services \u00e0 Ia personne\nsoumises  \u00e0 agr\u00e9ment  ou \u00e0 autorisation dans  le cadre  du  r\u00e9gime  commun  de la d\u00e9claration\nVu  le d\u00e9cret du 31 octobre 2024  portant nomination  de Monsieur  Alexandre  BRUGERE,  en\nquait\u00e9 de Pr\u00e9fet des Hauts-de-Seine;\nVu  l'ar\u00e9t\u00e9 interminist\u00e9riel du  12 ao\u00fbt 2025  nommant  Monsieur  Fabrice MASI, Directeur\nr\u00e9gional  et interd\u00e9partemental de l'\u00e9conomie,  de  l'emploi du  traval et des  solidarit\u00e9s dle\n'de-France \u00e0 compter  du 25 ao\u00fbt  2025  ;\nVu  l'ar\u00eat\u00e9 pr\u00e9fectoral n\u00b02025-33  du  22  ao\u00fbt  2025  par  lequel le Pr\u00e9fet des  Hauts-de-Seine\nd\u00e9l\u00e8gue  sa  signature  \u00e0  Monsieur  Fabrice  MASI,  Directeur  r\u00e9gional et interd\u00e9partemental\nde l'\u00e9conomie, de l'emploi, du travail et des solidarit\u00e9s d'\u00cele-de-France ;\nVu  la d\u00e9cision  n\u00b0 2025-187  du  25  ao\u00fbt  2025  portant  subd\u00e9l\u00e9gation  de  signature  de  Monsieur\nFabrice  MASI,  Directeur  r\u00e9gional et interd\u00e9partemertal  de  l'\u00e9conomie,  de  l'emploi, du\ntraval et des  solidarit\u00e9s d'\u00cele-de-France,  aux  agents  de  I Unit\u00e9  d\u00e9partementale  des  Hauts-\nde-Seine\nVu  la d\u00e9claration d'activit\u00e9s de services \u00e0 la personne  d\u00e9pos\u00e9es  le 04 octobre 2025 au nom\nde  la micro-entreprise  RADIDEAU  Jonathan  Philippe S\u00e9bastien  sise 58  Quai  de  Clichy \u00e0\nCLICHY  (82110);\n\nApr\u00e8s examen  du dossier, cette demande  \u00e9tant conforme  aux  dispositions de  Farce  L. 7232.\n1 du code  du travall, le pr\u00e9sent r\u00e9c\u00e9piss\u00e9 de  d\u00e9claration d'activit\u00e9s de services \u00e0 la personne  a\n\u00e9t\u00e9 enregistr\u00e9 au  nom  de la micro-entreprise RADIDEAU  Jonathan  Philippe S\u00e9bastien  sous  le\nnum\u00e9ro  SAP  992111690.\nLes  activites d\u00e9ctar\u00e9es  sont  es  suivantes, exclusion  de  toute  autre\nEntretien  de  la maison  et travaux  m\u00e9nagers  ;\nPrestations  relevant  du  b\u00e9n\u00e9fice  de\nG\u00e9n\u00e9ral  des  Imp\u00f4ts.\nLa  structure  exorce  ces  activit\u00e9s selon  le mode  suivant  : PRESTATAIRE\nr\u00e9duction  d'imp\u00f4t  pr\u00e9vue  \u00e0 l'article 199  sexdecies  du  Code\nSous  r\u00e9serve d'\u00eatre exerc\u00e9es  \u00e0 tire exclusif  parle d\u00e9clarant (ou sous  r\u00e9serve d'une comptabilit\u00e9\ns\u00e9par\u00e9e pour les personnes morales dispens\u00e9es de la condition d'activit\u00e9 exclusive), ces actvit\u00e9s\n'ouvrent droit au b\u00e9n\u00e9fice des dispositions des  articles L. 7233-2  du code du travail et L. 241-10\ndu  code  de  la s\u00e9curit\u00e9 socal,\n'Conform\u00e9ment  aux dispositions de  l'articie R7232-19  du code  du travail. Forganisme  d\u00e9clar\u00e9 doit\nproduire au moins  chaque  timestre un \u00e9tat d'activit\u00e9 et chaque  ann\u00e9e  un bilan quantitatif et\nquaitatf de l'activit\u00e9 exerc\u00e9e  au  tie  de l'ann\u00e9e \u00e9coul\u00e9e  ainsi qu'un tableau statistique annuel.\nSi l'organisme d\u00e9clar\u00e9 comporte  plusieurs \u00e9tablissements, les \u00e9tats statistiques et le bilan annuel\ndlstinguent  l'activit\u00e9 exerc\u00e9e  par  chaque  \u00e9tablssement.\nLe  pr\u00e9sent r\u00e9c\u00e9piss\u00e9  prond effet le 04 octobre  2028.\nL'enregistrementde a  d\u00e9claration pourra \u00eatre retir\u00e9 si l'organisme d\u00e9clar\u00e9 cesse de remplir\nles conditions ou de respecter les obligations mentionn\u00e9es  aux  4\u00b0,5\u00b0 et 6\u00b0 de l'article\n723247  ou  qui m\u00e9connalt  les obligations d\u00e9finies \u00e0 l'article R7232-19  du  code  du  travail.\nToute modification concemant la structure d\u00e9clar\u00e9e ou les activit\u00e9s exerc\u00e9es devra, sous\neine  de rtrat de la d\u00e9claration, fare l'objet dune  d\u00e9claration modiieatwo aupr\u00e9s de (Unit\u00e9\nS\u00e9partementale des Hauts-de-Seine\nLe pr\u00e9sent r\u00e9c\u00e9piss\u00e9 sera publ  au recuel des  actes administratifs de  la pr\u00e9fecture des  Hauts-\nde-Seine\nFait \u00e0 Nanterre,  le 07  octobre  2025.\nPour  le Pr\u00e9fet\nPar  d\u00e9l\u00e9gation  et subd\u00e9l\u00e9gation\nLa  Responsable  du  service\nD\u00e9veloppement  de  l'emploi et des\ncomp\u00e9tences\nMarianla CONDE\n\n=n  Direction r\u00e9gionale et interd\u00e9partementale\nMINISTERE de l'\u00e9conomie, de l'emploi,\nDU  TRAVAIL,  DE  LA SANT\u00c9,  du travail et des solidarit\u00e9s\nDES  SOLIDARIT\u00c9S\nET  DES  FAMILLES\nA\nR\u00e9c\u00e9piss\u00e9  n\u00b02025-537  de  d\u00e9claration  d'activit\u00e9s de  services  \u00e0 la personne\nenregistr\u00e9e  sous  le n\u00b0 SAP992157321  au  nom  de  la micro-entreprise  COMER.\nDIDIER  sise  43  Rue  de  Nanterre  \u00e0  ASNIERES-SUR-SEINE  (92600)\nLE  PREFET  DES  HAUTS-DE-SEINE\nVu  la loi n\u00b0 2010-853 du 23 jullet 2010  relative aux  r\u00e9seaux  consulaires, au commerce  et \u00e0\nl'artisanat et aux  services  (article 31)\nVu  la loi n\u00b020151776  du 28  d\u00e9cembre  2015  relative \u00e0 l'adaptation de  la soci\u00e9t\u00e9 au\nveilissement ;\nVu  l'aricie D7231-1  du  Code  du  travail;\nVu  les d\u00e9crets n\u00b0 2011-1132  et n\u00b0 2011-1133  du  20 septembre  2011  modifiant certaines\ndispositions du  Code  du  travail, relatives au  ch\u00e8que  empoi-service  universel et aux\nservices  \u00e0  la personne  ;\nVu  le d\u00e9cretn\u00b02016-750  du  6  juin 2016  relatif \u00e0 aise  des  actvit\u00e9s  de  services  \u00e0 la personne\nsoumises  \u00e0 agr\u00e9ment ou \u00e0 autorisation dans le cadre  du  r\u00e9gime  commun  de  la d\u00e9ciaraion  ;\nVu  le d\u00e9cret du 31 octobre 2024  portant nomination de  Monsieur  Alexandre  BRUGERE,  en\nqualit\u00e9 de Pr\u00e9fet des Hauts-de-Seine ;\nVu  Farr\u00e9te interminist\u00e9riel du  12 ao\u00fbt 2025  nommant  Monsieur  Fabrice MASI, Directeur\nr\u00e9gional  etinterd\u00e9partemental de l'\u00e9conomie,  de l'emplo,  du  travail et des  solidarit\u00e9sd'le-\n'de-France \u00e0 compter du  25  ao\u00fbt  2025  ;\nVu  l'arr\u00eat\u00e9 pr\u00e9fectoral n\u00b02025-33  du  22  ao\u00fbt  2025  par  lequel le Pr\u00e9fet des  Hauts-de-Seine\nd\u00e9l\u00e8gue  sa  signature  \u00e0 Monsieur  Fabrice  MASI,  Directeur  r\u00e9gional et interd\u00e9partemental\nde l'\u00e9conomie, de l'emploi, du traval et des solidarit\u00e9s d'\u00cele-de-France;\nVu  la d\u00e9cision  n\u00b0 2025-157  du  25  ao\u00fbt  2025  portant  subd\u00e9l\u00e9gation  de  signature  de  Monsieur\nFabrice  MASI,  Directeur  r\u00e9gional  et interd\u00e9partemental  de  l'\u00e9conomie,  de  l'emploi, du\ntravail et des  solidarit\u00e9s d'le-de-France,  aux  agents de  l'Unit\u00e9 d\u00e9partementale  des  Hauts-\nde-Seine\nVu  la d\u00e9claration  d'activit\u00e9s de services \u00e0 la personne  d\u00e9pos\u00e9es  le 04  octobre  2025  au  nom\nde  la micro-entreprise  COMER  DIDIER  sise 43  Rue  de  Nanterre  \u00e0 ASNIERES-SUR-\nSEINE  (82600)  :\n\n'Apr\u00e8s examen  du  dossier, cette demande  \u00e9tant conforme  aux disposons  de  l'article L. 7232-\n1 du code du traval le pr\u00e9sent r\u00e9c\u00e9piss\u00e9 de d\u00e9ctaration activit\u00e9s de services \u00e0 la personne  a\n\u00e9t\u00e9 enregistr\u00e9 au nom  de la micro-entreprise COMER  DIDIER  sous le num\u00e9ro  SAP  992157321\nLes  activit\u00e9s d\u00e9clar\u00e9es  sont  les suivantes,  \u00e0 l'exclusion de  toute  autre\n= Entrotion de la maison  et travaux  m\u00e9nagers  ;\nPrestations relevant du b\u00e9n\u00e9fice dela  r\u00e9duction d'imp\u00f4t pr\u00e9vue  \u00e0 article 199 sexdecies  du Code\n'G\u00e9n\u00e9ral  des  Imp\u00f4ts.\nLa structure exerce  ces  activit\u00e9s selon  le mode  suivant  : PRESTATAIRE\nSous  r\u00e9serve d'\u00eatre exerc\u00e9es  \u00e0 tre  exclus  pa  le d\u00e9clarant (ou sous  r\u00e9serve d'une comptabilit\u00e9\ns\u00e9par\u00e9e  pour les personnes  morales dispens\u00e9es  de la condition d'actvit\u00e9 exclusive), ces activites\n'ouvrent droit au b\u00e9n\u00e9fice des dispositionsdes articles L. 7233-2  du code du travail et L. 241-10\ndu  code  de  la s\u00e9curit\u00e9 sociale.\n(Conform\u00e9ment  aux  dispositions de article R7232-19  du  code  du  travail, l'organisme d\u00e9ciar\u00e9 doit\nproduire au  moins  chaque  trimestre un \u00e9tat activit\u00e9 et chaque  ann\u00e9e  un bilan quanttai  et\nQualtaf  de l'activit\u00e9 exerc\u00e9e au tre de l'ann\u00e9e \u00e9coul\u00e9e ainsi qu'un tableau statistique annuel.\nSi l'organisme d\u00e9clar\u00e9 comporte  plusieurs \u00e9tablissements, les \u00e9tats statistiqueset le ban  annuel\ndistinguent  activit\u00e9 exerc\u00e9e  par  chaque  \u00e9tablissement\nLe pr\u00e9sent  r\u00e9c\u00e9piss\u00e9  prond  effet le 04 octobre  2028.\nL'enregistrement dela  d\u00e9claration pourra  \u00eatre retir\u00e9 si l'organisme  d\u00e9clar\u00e9 cesse  de remplir\nles conditions  ou  de  respecter  les obligations mentionn\u00e9es  aux  4\u00b0,5* at 6\u00b0 de  l'article\nR723247  ou  qui m\u00e9connai  los obligations d\u00e9finies \u00e0 l'article R7232-19  du  code  du  travail.\nobjet dune d\u00e9claration modicate aupr\u00e9s de EUR\nLe pr\u00e9sent r\u00e9c\u00e9piss\u00e9 sera publi\u00e9 au recul  des actes administratifsde la pr\u00e9fecturedes Hauts-\nde-Seine.\nFait \u00e0 Nanterre,  le 07  octobre  2025.\nPour  le Pr\u00e9fet\nr d\u00e9l\u00e9gation  ot subd\u00e9l\u00e9gation\nLa  Responsable  du  service\nD\u00e9veloppement  de  l'emploi  et des.\ncomp\u00e9tences\nMariama  CONDE\n\nE  Direction  r\u00e9gionale et interd\u00e9partementale\nMINIST\u00c8RE 'de l'\u00e9conomie, de l'emploi,\nDU  TRAVAIL,  DE  LA  SANT\u00c9,  du travalet des solidarit\u00e9s\nDES  SOLIDARIT\u00c9S\nET  DES  FAMILLES\nA\nR\u00e9c\u00e9piss\u00e9  n*2025-538  de  d\u00e9claration  d'activit\u00e9s de services \u00e0 la personne\nenregistr\u00e9e  sous  le n\u00b0 SAP944797224  au  nom  de  la micro-entreprise  Harry  NEVEU\nsise 3 Rue  de  l'Ouest \u00e0 BOULOGNE-BILLANCOURT  (92100)\nLE  PREFET  DES  HAUTS-DE-SEINE\nVu  la loi n\u00b0 2010-853  du 23  jullet 2010  relative aux r\u00e9seaux  consulaires, au commerce  et \u00e0\nl'artisanatet aux services (article 31);\n'Vu la loi n\u00b02015-1776  du  28  d\u00e9cembre  2015  relative \u00e0 l'adaptation de\nviilissement\nsoci\u00e9t\u00e9  au\nVu  l'article D7231-1  du  Code  du  travail;\nVu  les d\u00e9crets n\u00b0 2011-1132  et n\u00b0 2011-1133  du 20  septembre  2011  modifiant certaines\ndispostions du Code  du  travail, relatives au ch\u00e8que  emploi-service universel et aux\n'services \u00e0 la personne  ;\nVu  le d\u00e9cret n\u00b02016:750  du 6 juin 2016 relatif \u00e0 la liste des activit\u00e9s de services \u00e0 la personne\nsoumises  \u00e0 agr\u00e9ment  ou \u00e0 autorisation dans  le cadre du r\u00e9gime commun  de la d\u00e9claration\nVu  le d\u00e9cret du 31 octobre 2024 portant nomination de Monsieur Alexandre BRUGERE,  en\nqualit\u00e9 de Pr\u00e9fet des  Hauts-de-Seine\nVu  l'ar\u00e9t\u00e9 interminist\u00e9riel du 12 ao\u00fbt 2025 nommant  Monsieur Fabrice MASI, Directeur\nr\u00e9gionalet interd\u00e9partementade l'\u00e9conomie, de l'emploi. du travail et des solidarit\u00e9s d'le-\nde-France  \u00e0 compter  du  25  ao\u00fbt  2025\nVu  l'arr\u00eat\u00e9 pr\u00e9fectoral n\u00b02025-33  du  22  ao\u00fbt 2025  par lequel le Pr\u00e9fet des  Hauts-de-Seine\nd\u00e9l\u00e8gue  sa signature \u00e0 Monsieur  Fabrice MASI, Directeur r\u00e9gional et interd\u00e9partemental\nde l'\u00e9conamie, de l'emploi du travailet des solidantes d'le-de-France\nVu  la d\u00e9cision n\u00b0 2025-187  du  25 ao\u00fbt 2025  portant subd\u00e9l\u00e9gation de  signature de  Monsieur\nFabrice MASI, Directeur r\u00e9gional et interd\u00e9partemental de l'\u00e9conomie, de  l'emploi, du\ntravail et des  soidart\u00e9s  dle-de-France,  aux  agents  de l'Unit\u00e9 d\u00e9partementale  des  Hauts-\nde-Seine  ;\nVu  la d\u00e9claration  d'acthit\u00e9s de  services  \u00e0 la personne  d\u00e9pos\u00e9es  le 15  septembre  2025  au\nnom  de la micro-entreprise Harry NEVEU  sise 3 Rue  de  lOuest  \u00e0 BOULOGNE.\nBILLANCOURT  (92100);\n\n'Apres examen  du dossier, cette demande  \u00e9tant conforme aux dispositionsde FartcieL. 7232-\n1 du code du traval, le pr\u00e9sent r\u00e9c\u00e9piss\u00e9 de d\u00e9ciaration d'activit\u00e9s de services \u00e0 la personne \u00e0\n\u00e9t\u00e9  enregistr\u00e9  au  nom  de  la micro-entreprise  Harry  NEVEU  sous  le num\u00e9ro  SAP  944797224,\nLes  actvit\u00e9s  d\u00e9clar\u00e9es  sont les suivantes,  \u00e0 l'exclusion de toute  autre\n= Soutien  scolaire  ou  cours  \u00e0  domicile;\nPrestations  relevant  du b\u00e9n\u00e9fice de\nG\u00e9n\u00e9ral  des  Imp\u00f4ts.\nLa  structure  exerce  ces  activit\u00e9s  selon  le mode  suivant\nr\u00e9duction d'imp\u00f4t pr\u00e9vue \u00e0 l'article 199 sexdecies du Code\nPRESTATAIRE\nSous  r\u00e9serve  d'\u00eatre exerc\u00e9es  \u00e0 ttre exclusif parle d\u00e9clarant  (ou sous r\u00e9serve  dune  comptabiit\u00e9\ns\u00e9par\u00e9e  pour les personnes  morales  dispens\u00e9es  de  a  condition activit\u00e9 exclusive), ces activit\u00e9s.\n'ouvrent droit au b\u00e9n\u00e9fice des  dispositions des articles L. 7233-2  du  code  du travail et L. 241-10,\ndu  code  de  la s\u00e9curt\u00e9  sociale.\n'Conform\u00e9ment  aux  dispositions de  l'article R7232-19  du code  du  travail l'organisme d\u00e9clar\u00e9 dot\nproduire  au  moins  chaque  trimestre un  \u00e9tat d'activit\u00e9 et chaque  ann\u00e9e  un  bilan quantitatif et\nqualtatf de activit\u00e9 exerc\u00e9e  au  tire de  l'ann\u00e9e \u00e9coul\u00e9e  ainsi qu'un tableau statistique annuel\nSi l'organisme  d\u00e9clar\u00e9  comporte  plusieurs  \u00e9tablissements,  les \u00e9tats statistiques et le bilan annuel\ndistinguent  l'activit\u00e9 exerc\u00e9e  par  chaque  \u00e9tablissement.\nLe  pr\u00e9sent  r\u00e9c\u00e9piss\u00e9  prond  offet lo 15 septembre  2025.\nL'enregistrement ea  d\u00e9caration  pourra  te  et  l'organisme  d\u00e9clar\u00e9 coge  de rempli\nles conditions  ou  de  respecter  les obligations  montionn\u00e9os  aux  4\u00b0,5\u00b0 et 6\u00b0 de  Tar\n723247  ou  qu'm\u00e9conna  es  obigations  d\u00e9fis  \u00e0 rico  R7232-18  du  code  dutaval,\n'Toute modification concemant  la structure d\u00e9clar\u00e9e ou es activit\u00e9s exerc\u00e9es devra. sous\npeine de  retrait de  Ta d\u00e9claration, fare Tobjet dune  d\u00e9claration modicatve  aupr\u00e8s  de  Unit\u00e9\n'Sopartementale  des  Hauts-de-Seine\nLe  pr\u00e9sent r\u00e9c\u00e9piss\u00e9 sera publi\u00e9 au recueil des actes administratifs de Ia pr\u00e9fecture des Hauts-\nde-Seine,\nFait \u00e0 Nanterre  13 octobre  2025\nPour  lo Pr\u00e9fet\nPar  d\u00e9l\u00e9gation et subd\u00e9l\u00e9gation\nLa  Responsable  du  service\nD\u00e9veloppement  de  l'emploi  et des\ncomp\u00e9tences\nawe\nMariarha CONDE\n\nEu  Direction r\u00e9gionale et interd\u00e9partementale\nMINIST\u00c8RE de l'\u00e9conomie, de l'emploi,\nDU  TRAVAIL, DE LA SANT\u00c9, du travail et des solidarit\u00e9s\nDES  SOLIDARIT\u00c9S\nET  DES  FAMILLES\nA\nR\u00e9c\u00e9piss\u00e9  n\u00b02025-539  de  d\u00e9claration d'activit\u00e9s de  services \u00e0 la personne\nenregistr\u00e9e  sous  le n\u00b0 SAP805117553  au nom  de  la micro-entreprise  QI Xiaocong\nsise  1 All\u00e9o  des  Chataigniers  \u00e0 VILLE-D'AVRAY  (92410)\nLE  PREFET  DES  HAUTS-DE-SEINE\nVu  la loi n\u00b0 2010-853 du 23 jullet 2010 relative aux r\u00e9seaux consulaires, au commerce  et \u00e0\ntisanat  et aux  services  (article 31)\nVu  la li n\u00b02015-1776 du 28 d\u00e9cembre  2015 relative \u00e0 adaptation de la soci\u00e9t\u00e9 au\nvieilissement ;\nVu  l'article D7231-1  du  Code  du  travail;\nVu  les d\u00e9crets n\u00b0 2011-1132 et n\u00b0 2011-1133 du 20 septembre 2011 modifiant cartaines\ndispositions du Code  du travail, relatives au ch\u00e8que emploi-service universel et aux\nservices \u00e0 la personne\nVu  le d\u00e9cret n\u00b02016:750  du 6 jun  2016 relatif \u00e0 la iste des activit\u00e9s de services \u00e0 la personne\nsoumises  \u00e0 agr\u00e9ment  ou \u00e0 autorisation dans  le cadre  du r\u00e9gime commun  dela d\u00e9claration ;\nVu  le d\u00e9cret du 31 octobre 2024 portant nomination de Monsieur Alexandre BRUGERE,  en\nquait\u00e9 de Pr\u00e9fet des Hauts-de-Seine\nVu  l'ar\u00e9t\u00e9 interminist\u00e9riel du  12 ao\u00fbt 2025  nommant  Monsieur  Fabrice MASI,  Directeur\nr\u00e9gional et interd\u00e9partementa de l'\u00e9conomie, de  l'emploi du travail et des solidarit\u00e9s d'le-\nde-France \u00e0 compter  du 25  ao\u00fbt 2025 ;\nVu  l'ar\u00eat\u00e9 pr\u00e9fectoral n\u00b02026-33  du 22 ao\u00fbt 2025  par lequel le Pr\u00e9fet des  Hauts-de-Seine\nd\u00e9i\u00e8gue  sa signature \u00e0 Monsieur  Fabrice MASI, Directeur r\u00e9gional et interd\u00e9partemental\nde l'\u00e9conomie, de l'emploi, du travailet des solidartes dile-de-France ;\nVu  la d\u00e9cision n\u00b0 2025-187  du  25  ao\u00fbt 2025  portant subd\u00e9l\u00e9gation de  signature de  Monsieur\nFabrice MASI,  Directeur r\u00e9gional et interd\u00e9partemental de l'\u00e9conomie, de  l'emploi. du\ntravail et des  soldart\u00e9s  d'\u00cele-de-France, aux agents de l'Unit\u00e9 d\u00e9partementale  des  Hauts-\nde-Seine\nVu  la d\u00e9claration actives  de services \u00e0 la personne  d\u00e9pos\u00e9es  le 07 octobre 2025 au nom\nde  la micro-entreprise Ql Xiaocong  sise 1 All\u00e9e des  Chataigniers \u00e0 VILLE-D'AVRAY\n(62410);\n\n'Apr\u00e8s examen  du dossier, cette demande \u00e9tant conforme aux dispositions de articleL. 7232\n1 du code du traval, le pr\u00e9sent r\u00e9c\u00e9piss\u00e9 de d\u00e9ciaration d'activit\u00e9s de services \u00e0 la personne  a\n\u00e9t\u00e9  enregistr\u00e9  au nom  de  la micro-entreprise  Ql Xiaocong  sous  le num\u00e9ro  SAP  805117553,\nLes  activites d\u00e9clar\u00e9es  sont les suvantes,  a exclusion  de toute autre\n= Soutien  scolaire  ou  cours  \u00e0  domicile;\nPrestations  relevant du  b\u00e9n\u00e9fice  de\nG\u00e9n\u00e9ral  des  Imp\u00f4ts.\nLa  structure  exerce  ces  activit\u00e9s  selon  le mode  suivant  :PRESTATAIRE\nr\u00e9duction  d'imp\u00f4t  pr\u00e9vue  \u00e0 l'article 199  sexdecies du  Code\n'Sous  r\u00e9serve  d'\u00eatre exerc\u00e9es \u00e0  tire exclusif par le d\u00e9clarant  (ou sous  r\u00e9serve d'une  comptablit\u00e9\ns\u00e9par\u00e9e  pour les personnes  morales dispens\u00e9es de a  condition d'activit\u00e9 exclusive) ces activit\u00e9s.\n'ouvrent droit au b\u00e9n\u00e9fice des dispositions des  articles L. 7233-2  du  code  du travail et L. 241-10,\ndu  code  de  la  s\u00e9curit\u00e9  social.\nConform\u00e9ment  aux dispositions de  article R7232-19  du code  du  travail organisme  d\u00e9clar\u00e9 doit\nproduire  au  moins  chaque  trimestre un  \u00e9tat d'activit\u00e9 et chaque  ann\u00e9e  un  bilan quantitatif et\nquaitatf  de  l'actit\u00e9 exerc\u00e9e  au  tire de  l'ann\u00e9e \u00e9coul\u00e9e  ainsi qu'un  tableau  statistique annuel\nSi l'organisme d\u00e9clar\u00e9 comporte  plusieurs \u00e9tablissements, les \u00e9tats statistiques et le bilan annuel\ndistinguent  l'activit\u00e9 exerc\u00e9e  par  chaque  \u00e9tablissement.\nLe  pr\u00e9sent  r\u00e9c\u00e9piss\u00e9  prond  effet le 07 octobre  2028.\nL'enregistrement  de la d\u00e9claration  pourra \u00eatre retir\u00e9 si l'organisme  d\u00e9clar\u00e9 cesse  de remplir\nles conditions  ou  de  respecter  les obligations mentionn\u00e9es  aux  4\u00b0,5\u00b0 et 6\u00b0 de  l'article\n7232.47  ou  qui m\u00e9connalt  les obligations d\u00e9finies \u00e0 l'article R7232-19  du  code  du  traval\noute mod ncernant la struct ctivit devra, sous\npeine de  retrait dela  G\u00e9caration, fare Tobjet dune  d\u00e9caration  modiicalve  aupr\u00e9s  de  Uni\nd\u00e9partementale  des  Hauts-de-Seine.\nLe pr\u00e9sent  r\u00e9c\u00e9piss\u00e9  sera publi\u00e9  au recueil  des  actes  administratifs de Ia pr\u00e9fecture  des  Hauts-\nde-Seine.\nFait \u00e0  Nanterre,  le 13 octobre  2025.\nPour  le Pr\u00e9fet\n'd\u00e9l\u00e9gation  et subd\u00e9l\u00e9gation\nLa  Responsable  du  service\nD\u00e9veloppement  de  l'emploi  et des.\ncomp\u00e9tences\nnone\n\nEs  Direction r\u00e9gionale et  interd\u00e9partementale\nMINISTERE de l'\u00e9conomie, de l'emploi,\nDU  TRAVAIL,  DE  LA  SANT\u00c9,  du travail et des solidarit\u00e9s\nDES  SOLIDARIT\u00c9S\nET  DES  FAMILLES\nA\nR\u00e9c\u00e9piss\u00e9  n\u00b02025-540  de  d\u00e9claration  d'activit\u00e9s de\nenregistr\u00e9e  sous  le n\u00b0 SAP991579244  au  nom  de  la\nRAMATA  sise 8 Rue  de  Bretagne \u00e0  CLAMART  (92140)\nLE  PREFET  DES  HAUTS-DE-SEINE\nVu  la loi n\u00b0 2010-863  du 23  jullet 2010  relative aux r\u00e9seaux  consulaires, au commerce  et \u00e0\nl'aisanat  ot aux  services  (article 31);\nVu  la loi n\u00b02018-1778  du  28  d\u00e9cembre  2015  relative \u00e0 adaptation  de  la soci\u00e9t\u00e9 au\nvillissement\nVu  l'aricie D7231-1  du Code  du travail;\nVu  les d\u00e9crets n\u00b0 2011-1132  et n\u00b0 2011-1133  du 20 septembre  2011  modifiant certaines\ndispositions  du  Code  du  travail, relatives au  ch\u00e8que  emplo-service  universel et aux\nservices \u00e0 la personne ;\nVu  le d\u00e9cret  n\u00b02016:750  du  6 juin 2016  relatif \u00e0 la liste des  activit\u00e9s de  services  \u00e0 la personne\nsoumises  \u00e0 agr\u00e9ment  ou \u00e0 autorisation dans le cadre  du r\u00e9gime commun  dela d\u00e9claration\nVu  le d\u00e9cret du 31 octobre 2024 portant nomination de Monsieur Alexandre BRUGERE,  en\n'qualit\u00e9 de  Pr\u00e9fet des  Hauts-de-Seine  ;\nVu  l'\u00e9t\u00e9  interministriel du 12 ao\u00fbt 2025  nommant  Monsieur  Fabrice MASI, Directeur\nr\u00e9gional et interd\u00e9partemental de l'\u00e9conomie, de l'emploi, du  travailet des solidart\u00e9s dle-\nde-France  \u00e0 compter  du  25  ao\u00fb  2025  ;\nVu  l'arr\u00eat\u00e9 pr\u00e9fectoral n\u00b02025-33  du  22  ao\u00fbt 2025  par lequel le Pr\u00e9fet des Hauts-de-Seine\n'd\u00e9l\u00e8gue sa signature \u00e0 Monsieur  Fabrice MASI, Directeur r\u00e9gional et interd\u00e9partemental\nde \u00e9conomie, de l'emploi, du travail et des solidarit\u00e9s d'\u00cele-de-France;\nVu  la d\u00e9cision  n\u00b0 2025-157  du  25  ao\u00fbt  2025  portant  subd\u00e9l\u00e9gation  de  signature  de  Monsieur\nFabrice  MASI,  Directeur  r\u00e9gional  et interd\u00e9partemental  de  l'\u00e9conomie,  de  l'emploi, du\ntravail et des  soidart\u00e9s  dlle-de-France, aux  agents  de l'Unit\u00e9 d\u00e9partementale  des Hauts-\nde-Seine  ;\nVu  la d\u00e9claration d'acthit\u00e9s de services  \u00e0 la personne  d\u00e9pos\u00e9es  le 24 septembre  2025  au\nnom  de  la micro-entreprise TAMEGA  RAMATA  sise 8 Rue  de Bretagne  \u00e0 CLAMART\n(82140)\n\n'Apr\u00e8s examen du dossier, cette demande  \u00e9tant conforme  aux dispositions de l'article L. 7232-\n1 du  code  du  traval, le pr\u00e9sent  r\u00e9c\u00e9piss\u00e9  de  d\u00e9claration  d'activit\u00e9s de  services  \u00e0  la personne  a\n\u00e9t\u00e9 enregistr\u00e9 au nom  de la micro-entreprise  TAMEGA  RAMATA  sous  le num\u00e9ro  SAP\n991579244,\nLes  activit\u00e9s d\u00e9clar\u00e9es  sont  les suivantes,  \u00e0 l'exclusion de  toute autre\nEntretien  de  la maison  et travaux m\u00e9nagers  ;\nGarde  d'enfants  de  plus  de  trois ans \u00e0 domicile  ;\nSoutien  scolaire  ou  cours  \u00e0  domicile;\nAccompagnement  des  enfants  de  plus de  trois ans  dans  leurs d\u00e9placements  en\ndehors  de  leur domicile  (promenades,  transports, actes de  la vie courante)\nPrestations relevant du b\u00e9n\u00e9fice de la r\u00e9duction dimpot  pr\u00e9vue \u00e0 l'article 199 sexdecies du Code\nG\u00e9n\u00e9ral  des  impos.\nLa  structure  exerce  ces  activit\u00e9s selon  le mode  suivant  : PRESTATAIRE\n'Sous r\u00e9serve d'\u00eatre exerc\u00e9es  \u00e0 titre exclusi  parle d\u00e9clarant (ou sous  r\u00e9serve d'une comptabiit\u00e9\n's\u00e9par\u00e9e pour les personnes  morales  dispens\u00e9es  de  la condition d'activit\u00e9 exclusive), ces activit\u00e9s\n'ouvrent droit au b\u00e9n\u00e9fice des  dispositions des  articles L. 7233-2  du  code  du traval et L. 241-10,\ndu  code  de  la s\u00e9curt\u00e9  sociale.\n'Conform\u00e9ment  aux  dispositions de  l'article R7232-19  du code  du  travail, l'organisme d\u00e9clar\u00e9 dott\nproduire au moins chaque  timestre un \u00e9tat dactivit\u00e9 et chaque ann\u00e9e  un bilan quantitatif et\nqualitatifde activit\u00e9 exerc\u00e9e au ire de l'ann\u00e9e \u00e9coul\u00e9e ainsi qu'un tableau statistique annuel\nSi l'organisme d\u00e9clar\u00e9 comporte  plusieurs \u00e9tablissements, les \u00e9tats statistiques at le bilan annuel\ndistinguent l'activit\u00e9 exerc\u00e9e  par chaque  \u00e9tablissement.\nLe  pr\u00e9sent  r\u00e9c\u00e9piss\u00e9  prend  effet le 24  septembre  2025.\nL'enrogistremont  de la d\u00e9claration pourra \u00eatre retir\u00e9 si l'organisme  d\u00e9clar\u00e9 cesse  de remplir\nles conditions  ou  de  respecter  les obligations mentionn\u00e9es  aux 4\u00b0,5\u00b0 et 6\u00b0 de  l'article\n7232-17  ou  qui m\u00e9connait  les obligations d\u00e9finies \u00e0 l'article R7232-19  du  code  du  travail.\noute modif rnant ctvit\u00e9s devra, sous\npaie  de  retrat dela  G\u00e9caration,  faire Tobjet dune  d\u00e9caraton  modiicalve  aupr\u00e9s  de  fUnte\nd\u00e9partementale  des  Hauts-de-Seine.\nLe pr\u00e9sent r\u00e9c\u00e9piss\u00e9 sera pubi\u00e9  au recueil des  actes administratifsde la pr\u00e9fecture des Hauts-\nde-Seine.\nFait  \u00e0  Nanterre,  le 13  octobre  2025.\nPour  le Pr\u00e9fet\nPar d\u00e9l\u00e9gation ot  subd\u00e9l\u00e9gation\nLa  Responsable  du  service\nD\u00e9veloppement  de  l'emploi  et des\ncomp\u00e9tences\nJG.\"\n1a CONDE\n\nEE  Direction  r\u00e9gionale  et interd\u00e9partementale\nMINISTERE  de '\u00e9conomie, de l'emploi,\nDU  TRAVAIL, DE LA SANT\u00c9, du travail ot des solidarit\u00e9s\nDES  SOLIDARIT\u00c9S\nET  DES  FAMILLES\nEMA\nR\u00e9c\u00e9piss\u00e9  n\u00b02028-541  de  d\u00e9claration  d'activit\u00e9s de services  \u00e0 la personne\n'enregistr\u00e9e  sous  le n\u00b0 SAP937732857  au  nom  de  la micro-entreprise  BOURCIER\nSaliha sise 60 Rue  de  la Fontaine  \u00e0 BAGNEUX  (92220)\nLE  PREFET  DES  HAUTS-DE-SEINE\nVu  la loi n\u00b0 2010-863  du 23  juillet 2010  relative aux r\u00e9seaux  consulaires, au commerce  et \u00e0\nFartisanat ot aux  services (article 31);\nVu  la loi n\u00b02018-1776  du  28  d\u00e9cembre  2015  relative \u00e0 l'adaptation de  la soci\u00e9t\u00e9 au\nvellissement\nVu  l'article 072311  du Code  du travail;\nVu  les d\u00e9crets n\u00b0 2011-1132  et n\u00b0 2011-1133  du 20 septembre  2011  modifiant certaines\ndispositions du  Code  du travail, relatives au ch\u00e8que  emploi-service universel et aux\n'services  \u00e0  la personne\nVu  le d\u00e9cret n*2016-750 du 6 jun  2016 relatif \u00e0 la liste des activit\u00e9s de services \u00e0 la personne\nsoumises  \u00e0 agr\u00e9ment  ou \u00e0 autorisation dans le cadre  du  r\u00e9gime  commun  de la d\u00e9claration ;\nVu  le d\u00e9cret du 31 octobre 2024  portant nomination de  Monsieur  Alexandre  BRUGERE,  en\nquait\u00e9  de  Pr\u00e9fet des Hauts-de-Seine  ;\nVu  l'arr\u00eat\u00e9 interminist\u00e9riel du 12 ao\u00fbt 2025  nommant  Monsieur  Fabrice MASI,  Directeur\nr\u00e9gional et interd\u00e9partemental  de  l'\u00e9conomie, de l'emploi, du travail et des  solidarit\u00e9s dle\nde-France  \u00e0 compter  du  25  ao\u00fbt  2025  ;\nVu  l'ar\u00f4t\u00e9  pr\u00e9fectoral n\u00b02025-33  du  22  ao\u00fbt  2025  par  lequel le Pr\u00e9fet des  Hauts-de-Seine\nd\u00e9l\u00e8gue  sa signature  \u00e0 Monsieur  Fabrice  MASI,  Directeur  r\u00e9gional et iterd\u00e9partemental\nde  l'\u00e9conomie, de Templo, du travailet des solidarit\u00e9s d'le-de-France\nVu  la d\u00e9cision n\u00b0 2025-187  du  25  ao\u00fbt 2025  portant subd\u00e9l\u00e9gation de  signature de  Monsieur\nFabrice MASI,  Directeur r\u00e9gional et interd\u00e9partemental de  l'\u00e9conamie, de  l'emploi, du\ntravail et des  solidarit\u00e9s d'le-de-France,  aux  agents de  l'Unit\u00e9 d\u00e9partementale  des  Hauts-\nde-Seine;\nVu  la d\u00e9claration d'activit\u00e9s de  services \u00e0 la personne  d\u00e9pos\u00e9es  le 15 septembre  2025  au\nnom  de  la micro-entreprise BOURCIER  Salina sise 60 Rue de la Fontaine \u00e0 BAGNEUX\n(82220):\n\n'Apr\u00e8s  examen  du  dossier,  cette  demande  \u00e9tant  conforme  aux  dispositions  de  l'article L. 7232-1-\n1 du code  du traval, le pr\u00e9sent  r\u00e9c\u00e9piss\u00e9  de d\u00e9claration d'activit\u00e9s de services  \u00e0 la personne  a\n\u00e9t\u00e9  enregistr\u00e9  au  nom  de  la micro-entreprise  BOURCIER  Salina  sous  le num\u00e9ro  SAP\n19377328857,\nLes  activit\u00e9s  d\u00e9clar\u00e9es  sont  les  suivantes, l'exclusion  de  toute  autre\n~ Soutien  scolaire  ou cours  \u00e0 domicile;\nAssistance  informatique  & domicile;\nAssistance  administrative  \u00e0  domicile ;\nPrestations  relevant  du  b\u00e9n\u00e9fice  de\nG\u00e9n\u00e9ral  des  Imp\u00f4ts.\nLa  structure  exerce  ces  activit\u00e9s  selon  le mode  suivant  : PRESTATAIRE\nr\u00e9duction  d'imp\u00eat  pr\u00e9vue  \u00e0  l'article 199  sexdecies  du  Code\nSous  r\u00e9serve  d'\u00eatre  exerc\u00e9es  \u00e0  ttre  exclusf  par  le d\u00e9clarant  (ou  sous  r\u00e9serve  d'une  comptabilit\u00e9\ns\u00e9par\u00e9e  pour  les personnes  morales  dispens\u00e9es  de  la condition  d'activit\u00e9 exclusive), ces  activit\u00e9s\nouvrent  drot  au  b\u00e9n\u00e9fice  des  dispositions  des  articles |. 7233-2  du  code  du  traval et L. 241-10\ndu  code  de  la  s\u00e9curit\u00e9  sociale.\nConform\u00e9ment  aux  dispositions de  l'article R7232-19  du  code  du  travail organisme  d\u00e9clar\u00e9  dot\nproduire au moins  chaque  trimestre un \u00e9tat d'actii\u00e9 et chaque  ann\u00e9e  un bilan quanitatf et\n'qualtatf de  Factivite exerc\u00e9e  au  tire de  l'ann\u00e9e \u00e9coul\u00e9e  ainsi qu'un  tableau  statistique annuel\nSi organisme  d\u00e9clar\u00e9  comport  plusieurs  \u00e9tablissements,  les \u00e9tats statistiques et le bilan annuel\ndistinguent  Factivil\u00e9 exerc\u00e9e  par  chaque  \u00e9tablissement.\nLe  pr\u00e9sent  r\u00e9c\u00e9piss\u00e9  prend  effet le 16 septembre 2025.\n'enregistrement de la d\u00e9claration  pourra tre  ratir\u00e9si  l'organisme d\u00e9clar\u00e9  cesse  de remplir\nles  conditions  ou  de  respecter  les  obligations  mentionn\u00e9es  aux  4\u00b0,5\u00b0 et 6\u00b0 de  l'article\n'R723217  ou  qui  m\u00e9connalt  les obligations  d\u00e9finies  \u00e0 l'article R7232-19  du  code  du  traval.\n\u00e9es devra, sous\npr\u00e9s de Unit\u00e9ne  d\u00e9claration  modficative\"d\u00e9claration, faire l'objet\nd\u00e9partementale des  Hauts-de-Seine.\nLe pr\u00e9sent  r\u00e9c\u00e9piss\u00e9  sora publi\u00e9  au recueil des  actes  administratifs de Ia pr\u00e9fecture  des  Hauts-\nde-Seine.\nFait  a  Nanterre, le  14  octobre  2025.\nPour le Pr\u00e9fet\nr d\u00e9l\u00e9gation  et subd\u00e9l\u00e9gation\nLa  Responsable  du  service\n\nEs  interd\u00e9partementale\nde l'emploi,\nBUN RAVAIL, DE LA SANT\u00c9, du travall at es soldant\u00e9s\nDES  SOLIDARIT\u00c9S\nET  DES  FAMILLES\nsn\nR\u00e9c\u00e9piss\u00e9  n\u00b02025-542  de  d\u00e9claration d'activit\u00e9s de  services  \u00e0 la personne\nenregistr\u00e9e sous  le n\u00b0 SAP992242198  au nom  de la micro-entreprise SICSIC\nEMMA  sise 6 Place  du  11 Novembre  1918  \u00e0 LEVALLOIS-PERRET  (92300)\nLE  PREFET  DES  HAUTS-DE-SEINE\nVu  la loi n\u00b0 2010-853 du 23 juil  2010 relative aux r\u00e9seaux consulaires, au commerce  et \u00e0\nl'atisanat et aux  services (article 31) ;\nVu  la loi n\u00b02015-1776  du  28  d\u00e9cembre  2015  relative \u00e0 l'adaptation de  la soci\u00e9t\u00e9 au\nviilissement\nVu  l'aricie D7231-1  du  Code  du  travail;\nVu  les d\u00e9crets n\u00b0 2011-1132 et n\u00b0 2011-1133  du 20 septembre 2011 modifiant certaines\ndispositions du Code  du travail, relatives au ch\u00e8que emplo-service universel et aux\nservices \u00e0 a  personne  ;\nVu  le d\u00e9cretn*2016-750 du 6 jun 2016 relat \u00e0 la liste des activit\u00e9s de services \u00e0 la personne\nsoumises \u00e0 agr\u00e9ment ou  autorisation dans  le cadre du r\u00e9gime  commun de la d\u00e9claration ;\nVu  le d\u00e9cret du 31 octobre 2024 portant nomination de Monsieur Alexandre BRUGERE,  en\n'qualit\u00e9 de  Pr\u00e9fet des  Hauts-de-Seine  ;\nVu  l'arr\u00eat\u00e9 interminist\u00e9riel du 12 ao\u00fbt 2025 nommant  Monsieur Fabrice MASI, Directeur\nr\u00e9gional et interd\u00e9partemental de \u00e9conomie,  de l'emploi, du travail et des solidarit\u00e9sd'le-\n'de-France \u00e0 compter  du 25 ao\u00fbt  2025\nVu  l'arr\u00e8t\u00e9 pr\u00e9fectoral n\u00b02025-33 du 22 ao\u00fbt 2025  par lequel le Pr\u00e9fet des Hauts-de-Seine\nd\u00e9l\u00e8gue  sa signature \u00e0 Monsieur  Fabrice MASI, Directeur r\u00e9gional et interd\u00e9partemental\n'de l'\u00e9conomie, de l'emploi, du travail et des solidarit\u00e9s d'\u00cele-de-France ;\n'Vu la d\u00e9cision n\u00b0 2028-187 du 25 ao\u00fbt 2025 portant subd\u00e9l\u00e9gation de signature de Monsieur\nFabrice MASI, Directeur r\u00e9gional et interd\u00e9partemental de l'\u00e9conomie, de l'emploi, du\ntravail et des  solidarit\u00e9s \u00a2'le-de-France, aux agents de  l'Unit\u00e9 d\u00e9partementale  des  Hauts\nde-Seine  ;\nVu  la d\u00e9claration activit\u00e9s de services \u00e0 la personne d\u00e9pos\u00e9es le 06 octobre 2025 au nom\nde la micro-entreprise SICSIC EMMA  sise 6 Place du 11 Novembre  1918 \u00e0 LEVALLOIS-\nPERRET  (92300)  ;\n\n'Apr\u00e8s examen  du  dossier, cette demande  \u00e9tant conforme  aux  dispositions  de  l'article L 7232-1\n1 du  code  du  traval  le pr\u00e9sent  r\u00e9c\u00e9piss\u00e9  de  d\u00e9claration  d activit\u00e9s de  services  \u00e0  la personne  a\n\u00e9t\u00e9 enregistr\u00e9  au  nom  de  la micro-entreprise  SICSIC  EMMA  sous  le num\u00e9ro  SAP  982242198,\nLes  activit\u00e9s  d\u00e9ciar\u00e9es  sont  les  suivantes,  \u00e0  [exclusion  de  toute  autre  :\n= Soutien  scolaire  ou  cours \u00e0  domicile\nPrestations  relevant  du  b\u00e9n\u00e9fice  dela  r\u00e9duction  d'imp\u00f4t  pr\u00e9vue  \u00e0  l'aticie 199  sexdecies  du  Code\nG\u00e9n\u00e9ral  des  Imp\u00f4ts.\nLa  structure  exerce  ces  activit\u00e9s  selon  le mode  suivant  : PRESTATAIRE\n'Sous  r\u00e9serve  d'\u00eatre exerc\u00e9es  \u00e0 tire exclusif  par  le  d\u00e9clarant  (ou  sous r\u00e9serve  d'une  comptablit\u00e9\ns\u00e9par\u00e9e pour les personnes morales dispens\u00e9es de la condition d'activit\u00e9 exclusive), ces activites\n'ouvrent  drot  au  b\u00e9n\u00e9fice des  dispositions  des  articles  L. 7233-2  du  code  du  travall et  L. 241-10,\ndu code  de  la s\u00e9curt\u00e9  sociale.\n(Conform\u00e9ment  aux  dispositions de  article  R7232-19  du  code  du  travail, l'organisme  d\u00e9clar\u00e9  doit\nproduire au moins chaque timestre un \u00e9tat dactivt\u00e9 et chaque ann\u00e9e  un bilan quantitatif et\nqualtatf de Factivite exerc\u00e9e  au  tire de l'ann\u00e9e \u00e9coul\u00e9e  ainsi qu'un tableau statistique annuel\nSi  l'organisme  d\u00e9clar\u00e9  comporte  plusieurs  \u00e9tablissements,  les  \u00e9tats  statistiques etl  bilan  annuel\ndistinguent  l'activit\u00e9 exerc\u00e9e  par  chaque  \u00e9tablissement.\nLe  pr\u00e9sent  r\u00e9c\u00e9piss\u00e9  prend  effet  le  06  octobre  2028.\nL'enregistrement  de Ia d\u00e9claration  pourra  \u00eatre retir\u00e9 si l'organisme  d\u00e9clar\u00e9  cesse  de remplir\nles conditions  ou  de  respecter  los obligations  mentionn\u00e9es  aux  4\",6\u00b0 ot 6\u00b0 de l'article\n7232.17  ou  qui  m\u00e9connait  les obligations  d\u00e9finies  \u00e0 l'article R7232-19  du  code  du  travail.\ndevra,  sous\npeine de retrait de la d\u00e9claration, faire l'objet dune  d\u00e9claration modificative aupr\u00e8s de l'Unit\u00e9\nd\u00e9partementale  des  Hauts-de-Seine\nLe  pr\u00e9sent  r\u00e9c\u00e9piss\u00e9  sera  publi\u00e9 au  recueil des  actes  administratfs  de la pr\u00e9fecture des  Hauts-\nde-Seine,\nFait \u00e0  Nanterre,  le 14  octobre  2025,\nPour  le Pr\u00e9fet\nPar  d\u00e9l\u00e9gation  et subd\u00e9l\u00e9gation\nLa  Responsable  du service\nD\u00e9veloppement  de  l'emploi  et des\nMariam CONDE\n\n=a  Direction r\u00e9gionaleet interd\u00e9partementale\nMINISTERE de l'\u00e9conomie, de l'emploi,\nDU  TRAVAIL, DE LA SANT\u00c9, du travail et des solidarit\u00e9s.\nDES  SOLIDARIT\u00c9S\nET  DES  FAMILLES\nA\nR\u00e9c\u00e9piss\u00e9  n\u00b02026-543  de  d\u00e9claration d'activit\u00e9s de  services \u00e0 la personne\nenregistr\u00e9e  sous  le n\u00b0 SAP992207514  au  nom  de  la micro-entreprise  ZAROILI\nWISSALE  SARA  sise 127  Boulevard  de  Valmy  \u00e0 COLOMBES  (92700)\nLE  PREFET  DES  HAUTS-DE-SEINE\nVu  la loi n\u00b0 2010-853  du  23 jullet 2010  relative aux  r\u00e9seaux  consulaires, au  commerce et \u00e0\nl'artisanat et aux  services  (article 31)\nVu  la loi n\u00b02015-1776 du 28 d\u00e9cembre  2015 relative \u00e0 l'adaptation de la soci\u00e9t\u00e9 au\nveilissement ;\nVu  l'article D7231:1  du  Code  du travail\nVu  les d\u00e9crets n\u00b0 2011-1132 et n\u00b0 2011-1133 du 20 septembre 2011 modifiant certaines\ndispostions du  Code  du  travail, relatives au ch\u00e8que  emploi-service universel et aux\nservices \u00e0 la  personne ;\nVu  le d\u00e9cret n\u00b02016:750 du 6 juin 2016 relat \u00e0 la liste des activit\u00e9s de services \u00e0 la personne\nsoumises \u00e0 agr\u00e9ment  ou \u00e0 autorisationdans le cadre dur\u00e9gime  commun  de la d\u00e9claration\nVu  le d\u00e9crot du  31 octobre 2024  portant nomination  de  Monsieur  Alexandre  BRUGERE,  en\nqualit\u00e9de Pr\u00e9fet des Hauts-de-Seine;\nVu  l'ar\u00eat\u00e9 interminist\u00e9riel du  12 ao\u00fbt 2025  nommant  Monsieur  Fabrice MASI, Directeur\nr\u00e9gional et interd\u00e9partemental de l'\u00e9conomie, de l'emploi du travailet des solidarit\u00e9s d'le-\nde-France  \u00e0 compter  du  25  ao\u00fbt  2025  ;\nVu  l'ar\u00eat\u00e9 pr\u00e9fectoral n\u00b02026-33  du 22 ao\u00fbt 2025  par lequel le Pr\u00e9fet des  Hauts-de-Seine\nd\u00e9l\u00e8gue  sa signature \u00e0 Monsieur  Fabrice MASI, Directeur r\u00e9gional et interd\u00e9partemental\nde l'\u00e9conomie, de l'emploi, du travalet des  solidarit\u00e9s dile-de-France\nVu  la d\u00e9cision n\u00b0 2025-187  du 25 ao\u00fbt 2026  portant subd\u00e9l\u00e8gation de  signature de  Monsieur\nFabrice MASI, Directeur r\u00e9gional et interd\u00e9partemental de  l'\u00e9conomie, de  l'emploi, du\ntravail et des  soldart\u00e9s  dille-de-France, aux  agents de  l'Unit\u00e9 d\u00e9partementale  des  Hauts-\nde-Seine\n'Vu la d\u00e9claration d'actvit\u00e9s de  services \u00e0 la personne  d\u00e9pos\u00e9es le 07 octobre 2025  au nom\nde la micro-entreprise ZAROILI  WISSALE  SARA  sise 127 Boulevard de Vaimy  \u00e0\nCOLOMBES  (92700)\n\n'Apr\u00e8s examen  du dossier, cette demande  \u00e9tant conforme aux dispositionsde article L. 7232-1\n1 du  code  du  traval, le pr\u00e9sent  r\u00e9c\u00e9piss\u00e9  de  d\u00e9ciaration  d'activit\u00e9s de  services  \u00e0  la personne  a\n\u00e9t\u00e9  enregistr\u00e9  au  nom  de  la micro-entreprise  ZAROILI  WISSALE  SARA  sous  le num\u00e9ro  SAP\n92207514\nLes  activit\u00e9s d\u00e9clar\u00e9es  sont  les suivantes,  \u00e0 l'exclusion de  toute autre\n-_ Garde d'enfants  de plus  de  trois  ans  \u00e0  domicile;\n= Accompagnement  des  enfants  de  plus  de  trois ans  dans  leurs  d\u00e9placements  en\n'dehors  de leur domicile  (promenades,  transports,  actes  de la vie courante)  ;\nPrestations relevant  du b\u00e9n\u00e9fice  de\nG\u00e9n\u00e9ral  des  Imp\u00f4ts.\nLa  structure  exerce  ces  activit\u00e9s  selon  le mode  suivant  : PRESTATAIRE\nr\u00e9duction  d'imp\u00f4t  pr\u00e9vue  \u00e0  l'article 199  sexdecies  du  Code\nSous  r\u00e9serve  d'\u00eatre exerc\u00e9es  \u00e0 tre  exclusif parle  d\u00e9clarant  (ou sous  r\u00e9serve  dune  comptabilit\u00e9\ns\u00e9par\u00e9e  pour les personnes  morales  dispens\u00e9es  de  a  condition d activit\u00e9 exclusive), ces activit\u00e9s.\n'ouvrent droit au  b\u00e9n\u00e9fice  des  dispositions des  articles L. 7233-2  du  code  du  travall et L. 241-10,\ndu  code  de  la s\u00e9curit\u00e9 sociale.\n'Conform\u00e9ment  aux  dispositions  de  l'article R7232-19  du  code  du  travail, l'organisme  d\u00e9clar\u00e9  doit\nproduire au moins chaque  timestre un \u00e9tat d'activit\u00e9 et chaque  ann\u00e9e  un bilan quantitatif et\nquaitatf de activi exerc\u00e9e au tire de l'ann\u00e9e \u00e9coul\u00e9e ainsi qu'un tableau statistique annuel\nSi l'organisme d\u00e9clar\u00e9 comporte  plusieurs \u00e9tablissements, les \u00e9tats statistiques ete  bilan annuel\ndistinguent  l'activit\u00e9 exerc\u00e9e  par  chaque  \u00e9tablissement\nLe  pr\u00e9sent  r\u00e9c\u00e9piss\u00e9  prond  effet le 07 octobre  2028.\nL'enrogistrement de la d\u00e9claration  pourra  tre  retir\u00e9 si l'organisme  d\u00e9clar\u00e9  cesse  de remplir\nles conditions  ou  de  respecter  les obl 'ot 6\u00b0 de  l'article\nR7232-17  ou  qui m\u00e9connait  les obligations d\u00e9finies \u00e0 l'article R7232-19  du  code  du  travail.\neine  de  retrait de  fa d\u00e9claration, fair  Fobjet dune  d\u00e9claration  modificative aupr\u00e9s  de  l'Unit\u00e9\nd\u00e9partementale  des  Hauts-de-Seine.\nLe  pr\u00e9sent  r\u00e9c\u00e9piss\u00e9  sera  publi\u00e9 au  recueil des  actes  administratifs de  la pr\u00e9fecture  des  Hauts-\nde-Seine.\nFait \u00e0 Nanterre,  le 14  octobre  2025,\nPour  le Pr\u00e9fot\nPar  d\u00e9l\u00e9gation  ot  subd\u00e9l\u00e9gation\nLa  Responsable  du  service\nD\u00e9veloppement  de l'emploi  et des\ncom\nCONDE\n\nEu  Direction r\u00e9gionale et interd\u00e9partementale\nMINIST\u00c8RE  de l'\u00e9conomie,de l'emploi,\nDU  TRAVAIL, DE LA SANT\u00c9, du travail et des solidarit\u00e9s\nDES  SOLIDARIT\u00c9S\nET  DES  FAMILLES\nioe\nR\u00e9c\u00e9piss\u00e9  n\u00b02025-544  de  d\u00e9claration d'activit\u00e9s de  services  \u00e0 la personne\nenregistr\u00e9e sous  le n\u00b0 SAP990388282  au nom  de la SASU  PROXI  CLEAN  sise 32\nRue  de  Paris \u00e0 BOULOGNE-BILLANCOURT  (92100)\nLE  PREFET  DES  HAUTS-DE-SEINE\nVu  la loi n\u00b0 2010-863  du  23 jullet 2010 relative aux r\u00e9seaux  consulaires, au commerce  et \u00e0\nl'artisanat et aux services (article 31);\nVu  la loi n\u00b02015-1776  du  28  d\u00e9cembre  2015  relative \u00e0 l'adaptation de  la soci\u00e9t\u00e9 au\nviilissement :\nVu  l'aricie D7231-1  du Code  du travail\nVu  les d\u00e9crets n\u00b0 2011-1132 et n\u00b0 2011-1133  du 20 septembre 2011 modifiant certaines\ndispositions du Code  du  travail, relatives au ch\u00e8que  emploi-service universel et aux\nservices  \u00e0 la personne\nVu  le d\u00e9cret n\u00b02016:750 du 6 juin 2016 relatif \u00e0 la liste des activit\u00e9s de services\u00e0 la personne\nsoumises & agr\u00e9ment ou \u00e0 autorisationdans le cadre du r\u00e9gime commun dela d\u00e9claration;\nVu  le d\u00e9cret du 31 octobre 2024 portant nomination de Monsieur Alexandre BRUGERE,  en\nqualit\u00e9 de Pr\u00e9fet des Hauts-de-Seine\nVu  l'arr\u00e9t\u00e9 interminist\u00e9riel du 12 ao\u00fbt 2025  nommant  Monsieur Fabrice MASI, Directeur\nr\u00e9gional et interd\u00e9partemental de l'\u00e9conomie, de l'emploi, du travail et des solidarit\u00e9s d\u00cele-\n'de-France \u00e0 compter du  25  ao\u00fbt  2025 ;\nVu  l'arr\u00e9t\u00e9 pr\u00e9fectoral n\u00b02025-33 du 22 ao\u00fbt 2025  par lequel le Pr\u00e9fet des Hauts-de-Seine\nd\u00e9l\u00e8gue  sa signature \u00e0 Monsieur  Fabrice MASI,  Directeur r\u00e9gional et interd\u00e9partemental\nde l'\u00e9conomie, de l'emploi, du travailet des solidartes dle-de-France\nVu  la d\u00e9cision n\u00b0 2025-187 du 25 ao\u00fbt 2025  portant subd\u00e9l\u00e9gation de signature de Monsieur\nFabrice MASI, Directeur r\u00e9gional et Interd\u00e9partemental de l'\u00e9conomie, de l'emploi, du\ntraval et des  solidarit\u00e9s d'Ile-de-France, aux agents de l'Unit\u00e9 d\u00e9partementale des Hauts-\nde-Seine  ;\nVu  la d\u00e9claration d'activit\u00e9s de services \u00e0 la personne d\u00e9pos\u00e9es le 04 septembre 2025 au\nnom  de la SASU  PROXI  CLEAN  sise 32 Rue  de Paris \u00e0 BOULOGNE-BILLANCOURT\n(82100):\n\n'Apr\u00e8s  examen  du  dossier,  cette  demande  \u00e9tant  conforme  aux  dispositions  de  article  L. 7232-\n1 du  code  du  traval  le pr\u00e9sent  r\u00e9c\u00e9piss\u00e9  de  d\u00e9ciaration  dactivit\u00e9s  de  services  \u00e0  la personne  a\n\u00e9t\u00e9  enregistr\u00e9  au  nom  de  la SASU  PROX!  CLEAN  sous  le num\u00e9ro  SAP  990388282.\nLes  activit\u00e9s  d\u00e9clar\u00e9es  sont  les  suvantes,  \u00e0  l'exclusion  de  toute  autre  :\nEntretien  de la maison  et  travaux  m\u00e9nagers  ;\n= Petits  travaux  de  Jardinage,  y  compris  les  travaux  de  d\u00e9broussaillage  ;\n= Travaux  de  petit  bricolage  dits  \u00ab  homme  toutes  mains  \u00bb  ;\n= Collecte  et  livraison  \u00e0 domicile  de linge  repass\u00e9 ;\n= Assistance  informatique  \u00e0  domicile ;\nMaintenance,  entretien  et vigilance  temporaires,  \u00e0 domicile,  de  la r\u00e9sidence\nprincipale et secondaire  ;\nAssistance  administrative  &  domicile;\nPrestations  relevant  du  b\u00e9n\u00e9fice  de\nG\u00e9n\u00e9ral  des  Imp\u00eats.\nLa  structure  exerce  ces  activit\u00e9s  selon  le mode  suivant  : PRESTATAIRE\nr\u00e9duction  cimpot  pr\u00e9vue  \u00e0  l'article 199  sexdecies  du  Code\nSous  r\u00e9serve  d'\u00eatre  exerc\u00e9es  \u00e0  tte  exclusif  par  le d\u00e9clarant  (ou  sous  r\u00e9serve  d'une  comptabiit\u00e9\ns\u00e9par\u00e9e pour les personnes morales dispens\u00e9es  de la condition d'actvi\u00e9 exclusive), ces activites\n'ouvrent  droit au  b\u00e9n\u00e9fice  des  dispositions  des  articles  L. 7233-2  du  code  du  travail et L. 241-10\ndu  code  de  la s\u00e9curit\u00e9  sociale.\nConform\u00e9ment  aux  dispositions de  l'article R7232-19  du  code  du  traval. l'organisme  d\u00e9clar\u00e9  doit\nproduire au  moins  chaque  timestre un \u00e9tat d'activi\u00e9 et chaque  ann\u00e9e  un bilan quantitatif et\nQualtaf  de  l'activit\u00e9 exerc\u00e9e  au tre  de  l'ann\u00e9e \u00e9coul\u00e9e  ainsi qu'un tableau statistique annuel.\nSi 'organisme  d\u00e9clar\u00e9  comporte  plusieurs  \u00e9tablissements,  les \u00e9tats statistiques et le bilan annuel\ndistinguent  activit\u00e9 exerc\u00e9e  par  chaque  \u00e9tablissement.\nLe  pr\u00e9sent  r\u00e9c\u00e9piss\u00e9  prend  effet le 04  septembre  2025.\nL'enrogistroment de la d\u00e9claration  pourra \u00eatre  retir\u00e9 si l'organisme d\u00e9clar\u00e9  cesse  de  remplir\nles conditions  ou  de  respecter  les  obligations  mentionn\u00e9es  aux  4\u00b0,5\u00b0 et 6\u00b0 do  l'article\n7232417  ou  qui  m\u00e9connalt  los obligations  d\u00e9finies  \u00e0 l'article R7232-19  du  code  du  travail.\n'Toute  modification concernant la structure d\u00e9clar\u00e9e ou les activit\u00e9s exerc\u00e9es. devra, sous\npeine  de  retrait de  la d\u00e9claration, faire l'objet dune  d\u00e9claration  modiicative  aupr\u00e8s  de  [Unit\u00e9\nd\u00e9partementale  des  Hauts-de-Seine.\nLe  pr\u00e9sent  r\u00e9c\u00e9piss\u00e9  sera  publi\u00e9  au  recuell  des  actes administratifs de  la pr\u00e9fecture  de\nde-Seine.\nHauts\nFait  \u00e0  Nanterre,  le 14  octobre  2025\nPour  le Pr\u00e9fet\nPar d\u00e9l\u00e9gation  ot  subd\u00e9l\u00e9gation\nLa  Responsable  du  service\nD\u00e9veloppement  de  l'emploi  et des\ncomp\u00e9tences\nmen\u00e9\n\nEs  Direction r\u00e9gionale et interd\u00e9partementale\nMINISTERE  de l'\u00e9conomie, de l'emploi,\nDU  TRAVAIL, DE LA SANT\u00c9, du travail et des solidarit\u00e9s\nDES  SOLIDARIT\u00c9S\nET  DES  FAMILLES\nEa\nR\u00e9c\u00e9piss\u00e9  n*2025-545  de  d\u00e9claration d'activit\u00e9s de  services  \u00e0  la personne\n'enregistr\u00e9e sous  le n\u00b0 SAP990592982  au  nom  de  la SASU  DOMISERVICES  sise 32\nRue  Guy  M\u00f4quet \u00e0  MALAKOFF  (92240)\nLE  PREFET  DES  HAUTS-DE-SEINE\nVu  la loi n\u00b0 2010-863  du  23 jullet 2010  relative aux  r\u00e9seaux  consulaires, au  commerce  et \u00e0\nl'artisanat et aux  services  (article 31);\nVu  la loi n\u00b02015-1776  du 28  d\u00e9cembre  2015  relative \u00e0 l'adaptation de la soci\u00e9t\u00e9 au\nveilissement ;\nVu  l'article D7231-1  du  Code  du travail;\nVu  les d\u00e9crets n\u00b0 2011-1132  et n\u00b0 2011-1133  du  20 septembre  2011  modifiant certain\ndispostions du  Code  du travail, relatives au ch\u00e8que  emplo-service  universel et aux\nservices  \u00e0 la personne\nVu  le d\u00e9cret n\u00b02016:750 du 6 juin 2016 relat \u00e0 la iste des  activit\u00e9s de services \u00e0 Ia personne\nsoumises \u00e0 agr\u00e9ment  ou \u00e0 autorisationdans le cadre du r\u00e9gime  commun  de la d\u00e9claration\nVu  le d\u00e9cret du  31 octobre 2024  portant nomination  de Monsieur  Alexandre  BRUGERE,  en\nqualit\u00e9 de Pr\u00e9fet des  Hauts-de-Seine  ;\nVu  Farrdte interminist\u00e9riel du 12 ao\u00fbt 2025  nommant  Monsieur  Fabrice MASI,  Directeur\nr\u00e9gional et interd\u00e9partemental de l'\u00e9conomie, de l'emploi, du travail et des solidarit\u00e9sd'ile-\nde-France  \u00e0 compter  du  25  ao\u00fbt  2025\nVu  l'arr\u00e9t\u00e9 pr\u00e9fectoral n\u00b02025-33  du  22 ao\u00fbt 2025  par lequel le Pr\u00e9fet des  Hauts-de-Seine\nd\u00e9l\u00e8gue  sa signature \u00e0 Monsieur  Fabrice MASI, Directeur r\u00e9gional et interd\u00e9partemental\nde l'\u00e9conomie, de l'emploi, du travail et des soldart\u00e9s d'le-de-France\n'Vu la d\u00e9cision n\u00b0 2025-187  du 25 ao\u00fbt 2025  portant subd\u00e9l\u00e9gation de  signature de Monsieur\nFabrice MASI,  Directeur r\u00e9gional et interd\u00e9partemental de  l'\u00e9conomie, de l'emploi, du\naval  et des  solidarit\u00e9s d'il-de-France,  aux  agents  de  l'Unit\u00e9 d\u00e9partementale  des  Hauts-\nde-Seine ;\nVu  la d\u00e9claration d'activit\u00e9s de  services \u00e0 la personne  d\u00e9pos\u00e9es  le 04 septembre  2025  au\nnom  de  la SASU  DOMISERVICES  sise 32 Rue  Guy  M\u00f4quet  \u00e0 MALAKOFF  (92240) ;\n\nApr\u00e8s examen  du dossier, cette demande  \u00e9tant conforme aux dispositions de l'article L. 7232-1\n1 du  code  du  traval, le pr\u00e9sent  r\u00e9c\u00e9piss\u00e9  de  d\u00e9claration  activit\u00e9s  de  services  \u00e0  la personne  \u00e0\n\u00e9t\u00e9  enregistr\u00e9  au  nom  de  la SASU  DOMISERVICES  sous  le num\u00e9ro  SAP  990592982,\nLes  activites d\u00e9clar\u00e9es  sont  les suivantes,  \u00e0 l'exclusion de  toute autre\nEntretien  de  la maison  et travaux  m\u00e9nagers  ;\nPetits  travaux  de  jardinage,  y  compris  les travaux  de  d\u00e9broussaillage  ;\nTravaux  de  petit  bricolage  dits  \u00ab  homme  toutes  mains  \u00bb  ;\nCollecte  et livraison  \u00e0  domicile  de  linge  repass\u00e9  ;\nAssistance  informatique  \u00e0 domicile\nMaintenance,  entrotion  et  vigilance  temporaires,  \u00e0  domicile, de  la  r\u00e9sidence\nprincipale et secondaire  ;\n= Assistance  administrative  \u00e0  domicile;\nPrestations  relevant  du  b\u00e9n\u00e9fice  de  Ia r\u00e9duction  d'imp\u00f4t  pr\u00e9vue  \u00e0 article  199  sexdecies  du  Code\nG\u00e9n\u00e9ral  des  Imp\u00f4ts,\nLa  structure  exerce  ces  activit\u00e9s  selon  le mode  suivant  : PRESTATAIRE\nSous  r\u00e9serve  d'\u00eatre exerc\u00e9es  \u00e0 tre  exclusif par  le d\u00e9clarant  (ou sous  r\u00e9serve  d'une  comptabiit\u00e9\ns\u00e9par\u00e9e  pour  les personnes  morales dispens\u00e9es  de  la condition  d activit\u00e9 exclusive), ces  activit\u00e9s.\n'ouvrent  droit au  b\u00e9n\u00e9fice  des  dispositions  des  articles L. 7233-2  du  code  du  travail et L. 241-10\n'du code  de  la s\u00e9curit\u00e9  sociale.\nConform\u00e9ment  aux  dispositions de  l'article R7232-19  du  code  du  traval, l'organisme  d\u00e9clar\u00e9  doit\nproduire au moins chaque trimestre un \u00e9tat d'activit\u00e9 et chaque  ann\u00e9e  un bilan quantitatif et\nquaitatf de  Factivi\u00e9 exerc\u00e9e  au tire de  l'ann\u00e9e \u00e9coul\u00e9e  ainsi qu'un tableau statistique annuel.\nSi  l'organisme  d\u00e9clar\u00e9  comporte  plusieurs  \u00e9tablissements  les  \u00e9tats  statistiques  et  le bilan  annuel\ndistinguent  l'activit\u00e9 exerc\u00e9e  par  chaque  \u00e9tablissement\nLe  pr\u00e9sent  r\u00e9c\u00e9piss\u00e9  prend  effet le 04 septembre  2025.\nnregistrement  dela d\u00e9claration  pourra  \u00eatre retr\u00e9 si l'organisme  d\u00e9clar\u00e9 cesse  de  remplir\nles conditions  ou  de  rospocter  les obligations mentionn\u00e9es  aux  4\u00b0,5\" et 6\u00b0 de  l'article\n723217  ou  qui  m\u00e9connalt  les obligations  d\u00e9finies  \u00e0 l'article R7232-19  du  code  du  trava\n'Toute modification concemant  la structure d\u00e9clar\u00e9e ou les activit\u00e9s exerc\u00e9es devra, sous\npaie  de  retrait de  la d\u00e9caration, fare l'objet d'une d\u00e9claraton  modticave  aupr\u00e9s  de  'Unt\u00e9\nG\u00e9partementale  des  Hauts-de-Seine.\nLe  pr\u00e9sent  r\u00e9c\u00e9piss\u00e9  sera  publi\u00e9 au  recueil des  actes  administratifs de  la pr\u00e9fecture  des  Hauts-\n'de-Seine.\nFait \u00e0  Nanterre, le 14 octobre  2025.\nPour  le  Pr\u00e9fet\nPar  d\u00e9l\u00e9gation  ot subd\u00e9l\u00e9gation\nLa  Responsable  du  service\nD\u00e9veloppement  de  l'emploi  et  des\ncomp\u00e9tences\nMarianja CONDE\n\n4  Direction r\u00e9gionale  et interd\u00e9partementale\nMINISTERE  de l'\u00e9conomie, de l'emploi,\nDU  TRAVAIL,  DE  LA SANT\u00c9,  du travail et des solidarit\u00e9s\nDES  SOLIDARIT\u00c9S\nET  DES  FAMILLES\nPa\nR\u00e9c\u00e9piss\u00e9  n\u00b02025-546  de  d\u00e9claration  d'activit\u00e9s de  services  \u00e0 la personne\n'enregistr\u00e9e  sous  le n\u00b0 SAP990588964  au  nom  de  la SASU  TOUT  POUR  VOUS  sise\n6 Rue  des  Bateliers  \u00e0 CLICHY  (92110)\nLE  PREFET  DES  HAUTS-DE-SEINE\n'Vu la loi n\u00b0 2010-853  du  23  jullet 2010  relative aux  r\u00e9seaux  consulaires, au  commerce  et \u00e0\nl'afisanat et aux services (article 31);\nVu  la loi n\u00b02015-1778  du  28  d\u00e9cembre  2015  relative \u00e0 l'adaptation de\nviilissement ;\nsoci\u00e9t\u00e9  au\nVu  l'article D7231-1  du  Code  du travail;\nVu  les d\u00e9crets n\u00b0 2011-1132  et n\u00b0 2011-1133  du  20  septembre  2011  modifiant certaines\ndispositions  du  Code  du  travail, relatives au  ch\u00e8que  emploi-service  universel  et aux\nservices  \u00e0 la personne ;\nVu  le d\u00e9cret  n\u00b02016:750 du 6 jun  2016 relatif \u00e0 la liste des activit\u00e9s de services \u00e0 la personne\nsoumises  \u00e0 agr\u00e9ment  ou \u00e0 autorisation dans  le cadre  du  r\u00e9gime  commun  de la d\u00e9claration ;\nVu  le d\u00e9cret du 31 octobre  2024  portant  nomination  de  Monsieur  Alexandre  BRUGERE,  en\nqualit\u00e9 de  Pr\u00e9fet des  Hauts-de-Seine\nVu  l'ar\u00eat\u00e9 interminist\u00e9riel du  12 ao\u00fbt  2025  nommant  Monsieur  Fabrice  MASI,  Directeur\nr\u00e9gional  tinterd\u00e9partementa  de l'\u00e9conomie,  de  l'emploi du travail et des  solidarit\u00e9s d'le-\nde-France  \u00e0 compter  du  25  ao\u00fbt  2025\nVu  l'\u00e9t\u00e9  pr\u00e9fectoral n\u00b02025-33  du  22  ao\u00fbt  2025  par  lequel le Pr\u00e9fet des  Hauts-de-Seine\nd\u00e9l\u00e8gue  sa signature \u00e0 Monsieur  Fabrice MASI, Directeur r\u00e9gional et interd\u00e9partemental\n'de l'\u00e9conomie, de l'emploi, du travail et des solidarit\u00e9s d'\u00cele-de-France ;\nVu  la d\u00e9cision  n\u00b0 2025-187  du  25  ao\u00fbt  2025  portant  subd\u00e9l\u00e9gation  de  signature  de Monsieur\nFabrice  MASI,  Directeur  r\u00e9gional et interd\u00e9partemental  de  l'\u00e9conomie, de  l'emploi, du\ntraval  et des  soidart\u00e9s  \u00a2'le-de-France,  aux  agents  de  l'Unit\u00e9 d\u00e9partementale  des  Hauts-\nde-Seine  ;\nVu  la d\u00e9claration d'actii\u00e9s  de services \u00e0 la personne  d\u00e9pos\u00e9es  le 09 septembre  2025  au\nnom  de  la SASU  TOUT  POUR  VOUS  sise 6  Rue  des  Batelers  \u00e0 CLICHY  (82110);\n\n'Apr\u00e8s  examen  du  dossier,  cette  demande  \u00e9tant conforme  aux  dispositions  de  l'article L. 7232~\n1 du  code du travail, le pr\u00e9sent  r\u00e9c\u00e9piss\u00e9 de d\u00e9claration d'activit\u00e9s de services \u00e0 la personne a\n\u00e9t\u00e9 enregistr\u00e9  au  nom  de  la SASU  TOUT  POUR  VOUS  sous  le num\u00e9ro  SAP  990588984,\nLes  activit\u00e9s d\u00e9clar\u00e9es  sont les suivantes, \u00e0 exclusion  de  toute  autre\nEntretion  de  la maison  et  travaux  m\u00e9nagers  ;\nPetits travaux  de  jardinage,  y compris  les travaux  de  d\u00e9broussalllage ;\n'Travaux de petit  bricolage  dits \u00ab homme  toutes  mains  \u00bb ;\nCollecte et livraison  \u00e0 domicile de linge  ropass\u00e9  ;\nAssistance  informatique  \u00e0 domicile;\nMaintenance,  entretien  et vigilance  temporaires,  \u00e0  domicile,  de  la r\u00e9sidence\nprincipale et secondaire  ;\n~ Assistance  administrative  \u00e0  domicile  ;\nPrestations  relevant du  b\u00e9n\u00e9fice  de  la r\u00e9duction  d'imp\u00f4t  pr\u00e9vue  \u00e0 article 199  sexdecies  du  Code\nG\u00e9n\u00e9ral  des  Imp\u00f4ts.\nLa  structure  exerce  ces  activit\u00e9s  selon  le mode  sulvant :  PRESTATAIRE\n'Sous  r\u00e9serve  d'\u00eatre exerc\u00e9es  \u00e0 ttre exclusi  parle d\u00e9clarant  (ou  sous  r\u00e9serve  d'une  comptabilt\u00e9\ns\u00e9par\u00e9e  pour  les personnes  morales  dispens\u00e9es de la condition  d'activit\u00e9 exclusive). ces  activit\u00e9s,\n'ouvrent droit au  b\u00e9n\u00e9fice  des  dispositions des  articles L. 7233-2  du  code  du  travail et L. 241-10\ndu  code  de  la s\u00e9curt\u00e9  sociale\n'Conform\u00e9ment  aux dispositions  de  Faticle  R7232-19  du  code  du  travail organisme  d\u00e9clar\u00e9  doit\nproduire  au  moins  chaque  trimestre un  \u00e9tat d'activit\u00e9 et chaque ann\u00e9e  un  bilan quantitat  et\nualtatf  de l'actit\u00e9 exerc\u00e9e  au tire de l'ann\u00e9e \u00e9coul\u00e9e  ainsi qu'un tableau statistique annuel\nSi l'organisme  d\u00e9clar\u00e9  comporte  plusieurs  \u00e9tablissements,  les \u00e9tats statistiques et le bilan annuel\ndistinguent  Factivte  exerc\u00e9e  par  chaque  \u00e9tablissement.\nLe  pr\u00e9sent  r\u00e9c\u00e9piss\u00e9  prend  effet lo 09  septembre  2025.\nL'enregistrement  de  la d\u00e9claration  pourra tre  retir\u00e9 si l'organisme  d\u00e9clar\u00e9 cosso  de remplir\nles conditions  ou  de  respecter  les obligations  mentionn\u00e9es  aux  4\",6\u00b0 et 6\u00b0 do  l'article\nR7232-17  ou  qui  m\u00e9connait  les obligations  d\u00e9finies  \u00e0 l'article R7232-19  du  code  du  traval\ndevra,  sous\npr\u00e8s de l'Unit\u00e9odificative\nLe  pr\u00e9sent  r\u00e9c\u00e9piss\u00e9  sera  publi\u00e9 au  recueil des  actes  adminstratits  de  Ia pr\u00e9fecture  des  Hauts-\nde-Seine.\nFait \u00e0  Nanterre, le 14 octobre  2025,\nPour  le Pr\u00e9fet\nPar d\u00e9l\u00e9gation\nLa  Responsable  du\nD\u00e9veloppement  de  l'emploi  et des\ncomp\u00e9tences  ,\n\n=n  Direction r\u00e9glonale et intord\u00e9partementale\nde  l'\u00e9conomie,  de  l'emplol,\nBUN SAUAIL, DE LA SANT\u00c9, du travail et des solidarites\nDES  SOLIDARITES\nET  DES  FAMILLES\nR\u00e9c\u00e9piss\u00e9  n*2025-547  de  d\u00e9claration  d'activit\u00e9s  de  services  \u00e0 la personne\nenregistr\u00e9e  sous le n\u00b0 SAP990762304  au  nom  de  la micro-entreprise  METTOUCHI\nOUZNA  sise  1 Rue  Abraham  lincoln  \u00e0 BAGNEUX  (92220)\nLE  PREFET  DES  HAUTS-DE-SEINE\nVu  la loi n\u00b0 2010-863  du  23  jullet 2010  relative aux  r\u00e9seaux  consulaires, au  commerce  et \u00e0\nl'artisanat et aux  services  (article 31) ;\nVu  Ia loi n\u00b02015-1776  du  28  d\u00e9cembre  2015  relative \u00e0  l'adaptation de  la soci\u00e9t\u00e9  au\nveilissement ;\nVu  l'article D7231:1  du  Code  du  travail;\nVu  les d\u00e9crets n\u00b0 2011-1132  et n\u00b0 2011-1133  du  20  septembre  2011 modifiant certaines\ndispositions du  Code  du  travail, relatives au  ch\u00e8que  emploi-service  universel et aux\nservices  \u00e0 la personne  ;\nVu  le d\u00e9cret  n\u00b02016:750 du 6 juin 2016 relatif \u00e0 la liste des  activit\u00e9s de services \u00e0 la personne\nsoumises \u00e0 agr\u00e9ment  ou \u00e0 autorisation dans le cadre du r\u00e9gime  commun  dela d\u00e9claration\nVu  le d\u00e9cret  du  31 octobre  2024  portant  nomination  de  Monsieur  Alexandre  BRUGERE,  en\nqualit\u00e9 de  Pr\u00e9fet des  Hauts-de-Seine ;\nVu  Farr\u00e9te interminist\u00e9riel du  12 ao\u00fbt  2025  nommant  Monsieur  Fabrice  MASI,  Directeur\nr\u00e9gional  et interd\u00e9partemental de l'\u00e9conomie,  de  l'emploi du  traval et des  solidarit\u00e9sd'ie-\nde-France  \u00e0  compter  du  25  ao\u00fbt  2025  ;\nVu  l'ar\u00e8t\u00e9 pr\u00e9fectoral n\u00b02025-33  du 22 ao\u00fbt 2025  par lequel le Pr\u00e9fet des  Hauts-de-Seine\n'd\u00e9l\u00e8gue  sa  signature  \u00e0  Monsieur  Fabrice  MASI,  Directeur  r\u00e9gional et interd\u00e9partemental\nde \u00e9conomie,  de l'emploi, du travail et des solidarit\u00e9s d'\u00cele-de-France;\n'Vu la d\u00e9cision  n\u00b0 2025-187  du  25  ao\u00fbt  2025  portant  subd\u00e9l\u00e9gation  de  signature  de  Monsieur\nFabrice  MASI,  Directeur  r\u00e9gional  et interd\u00e9partemental  de  l'\u00e9conomie,  de  l'emploi, du\ntravail et des  soidarites  d'Ile-de-France, aux  agents  de  l'Unit\u00e9 d\u00e9partementale  des  Hauts-\nde-Seine  ;\nVu  la d\u00e9claration d'activit\u00e9s de services \u00e0 la personne  d\u00e9pos\u00e9es  le 16 septembre  2025  au\n'nom  de  la micro-entreprise  METTOUCHI  OUZNA  sise 1 Rue  Abraham  lincoln \u00e0 BAGNEUX\n(82220):\n\nApr\u00e8s  examen  du  dossier, cette demande  \u00e9tant conforme  aux dispositions de l'article L. 7232-1-\n1 du  code  du  travail le pr\u00e9sent  r\u00e9c\u00e9piss\u00e9  de  d\u00e9claration  d  activit\u00e9s de  services  \u00e0 la personne  a\n\u00e9t\u00e9 enregistr\u00e9 au nom  de la micro-entreprise METTOUCHI  OUZNA  sous le num\u00e9ro  SAP\n90762304\nLes activit\u00e9s d\u00e9clar\u00e9es sont les suivantes, \u00e0 l'exclusion de toute autre\nEntretien  de  la maison  et travaux  m\u00e9nagers  ;\nPets  travaux  de  jardinage, y compris  les travaux  de d\u00e9broussaillage\nTravaux de petit bricolage dits \u00ab homme  toutes mains  \u00bb ;\n= Pr\u00e9paration  de  repas  \u00e0 domicile, y compris  le temps  pass\u00e9  aux  courses  ;\nPrestations relevant du b\u00e9n\u00e9fice dela r\u00e9duction d'imp\u00f4t pr\u00e9vue \u00e0 Faticle 199 sexdecies du Code\n(G\u00e9n\u00e9ral  des  Imp\u00f4ts.\nLa structure exerce ces activit\u00e9s selon le mode  suivant : PRESTATAIRE\nSous  r\u00e9serve d'\u00eatre exerc\u00e9es  \u00e0 tire exclus  par le d\u00e9clarant (ou sous  r\u00e9serve d'une comptabiit\u00e9\ns\u00e9par\u00e9e pour les personnes morales dispens\u00e9es de la condition d'actvi\u00e9 exclusive), ces activites\n'ouvrent droit au b\u00e9n\u00e9fice des dispositions des articles L. 7233-2 du code du traval et L 241-10\n'du code  de  la s\u00e9curit\u00e9 sociale,\n{Conform\u00e9ment aux dispositions de l'article R7232-19  du code du aval. l'organisme d\u00e9clar\u00e9 doit\nproduire au moins  chaque  trimestre un \u00e9tat d'activit\u00e9 et chaque  ann\u00e9e  un bilan quantitatif et\n'qualtaifde l'activit\u00e9 exerc\u00e9e  au tire de  l'ann\u00e9e \u00e9coul\u00e9e  ainsi qu'un tableau statistique annuel.\nSi organisme  d\u00e9clar\u00e9 comport  plusieurs \u00e9tablissements, les \u00e9tats statistiques et le bilan annuel\ndistinguent  l'activit\u00e9 exerc\u00e9e  par  chaque  \u00e9tablissement\nLe  pr\u00e9sent  r\u00e9c\u00e9piss\u00e9  prend  effet le 16 septembre  2025.\nL'enregistrement  de la d\u00e9claration pourra \u00eatre rotir\u00e9si l'organisme  d\u00e9clar\u00e9 cesse de remplir\nles conditions ou de respecter les obligations montionn\u00e9es  aux  4\u00b0,5\u00b0 ot 6\u00b0 de l'article\n7232-17 ou  qui m\u00e9connalt  los obligations d\u00e9finies \u00e0 l'article R7232-19 du code  du travail.\n'Toute modification concernant la structure d\u00e9clar\u00e9e ou les activit\u00e9s exerc\u00e9es devra, sous\npeine de retrait de la d\u00e9claration, faire l'objet dune  d\u00e9claration modificative aupr\u00e8s de {Unit\u00e9\nd\u00e9partementale  des  Hauts-de-Seine\nLe pr\u00e9sent r\u00e9c\u00e9piss\u00e9 sera publi\u00e9 au recueil des  actes adminstratitsde la pr\u00e9fecture des Hauts-\nde-Seine.\nFait \u00e0  Nanterre,  le 20  octobre  2025.\nLe  Pr\u00e9fet\nPar d\u00e9l\u00e9gation  ot subd\u00e9l\u00e9gation\nLa  Responsable  du  service\nD\u00e9veloppement  de  l'emploi  et des\ncomp\u00e9tences\na\nMarlam\u00e0 CONDE\n\nEx  Direction  r\u00e9gionale  et interd\u00e9partementale\nde  l'\u00e9conomie,  de  l'emploi,\nBUTRAVAIL, DE LA SANT\u00c9, Gu travall et des solidartes\nDES  SOLIDARIT\u00c9S\nET  DES  FAMILLES\neae\nR\u00e9c\u00e9piss\u00e9  n\u00b02025-548  do  d\u00e9claration  d'activit\u00e9s de  services \u00e0 la personne\nenregistr\u00e9e  sous  le n\u00b0 SAP808516967  au  nom  de  la  micro-entreprise  Hayette\n'ABBA  sise  5 all\u00e9e  Miraboau  \u00e0  BAGNEUX  (92220)\nLE  PREFET  DES  HAUTS-DE-SEINE\nVu  la loi n\u00b0 2010-853  du 23 juillet 2010  relative aux r\u00e9seaux  consulaires, au commerce  et \u00e0\nl'artisanat et aux  services  (article 31)\nVu  la loi n\u00b02018-1778  du  28  d\u00e9cembre  2015  relative \u00e0 l'adaptation de  la soci\u00e9t\u00e9 au\nviilissement ;\nVu  l'article 07231-1  du  Code  du  travail;\nVu  les d\u00e9crets  n\u00b0 2011-1132  et n\u00b0 2011-1133  du  20  septembre  2011  modifiant  certaines\ndispostions du Code  du  travail, relatives au ch\u00e8que  emploi-service universel et aux\n'services  \u00e0 la personne ;\nVu  le d\u00e9cret  n\u00b02018750  du 6 juin 2016 relat  \u00e0 la liste des activites de services  \u00e0 la personne\nsoumises \u00e0 agr\u00e9ment  ou \u00e0 autorisation dans le cadre  du  r\u00e9gime  commun  de la d\u00e9claration\nVu  le d\u00e9cret du 31 octobre 2024  portant nomination  de  Monsieur  Alexandre  BRUGERE,  en\nualt\u00e9  de Pr\u00e9fet des Hauts-de-Seine ;\nVu  l'ar\u00e9t\u00e9 interminist\u00e9riel du 12 ao\u00fbt 2025  nommant  Monsieur  Fabrice MASI, Directeur\nr\u00e9gional tinterd\u00e9partementa  de  l'\u00e9conomie, de  l'emploi du  travail et des  solidarit\u00e9s d'le-\nde-France  \u00e0  compter  du  25  ao\u00fbt  2025  ;\nVu  l'ar\u00eat\u00e9 pr\u00e9fectoral n\u00b02025-33  du 22 ao\u00fbt 2025  par lequel le Pr\u00e9fet des  Hauts-de-Seine\nd\u00e9l\u00e8gue  sa signature  \u00e0 Monsieur  Fabrice  MASI,  Directeur  r\u00e9gional et interd\u00e9partemental\nde l'\u00e9conomie, de l'emploi du travail et des  solidarit\u00e9s d'le-de-France ;\nVu  la d\u00e9cision n\u00b0 2025-187  du  25  ao\u00fbt 2025  portant subd\u00e9l\u00e9gation de  signature de Monsieur\nFabrice  MASI,  Directeur  r\u00e9gional et interd\u00e9partemental  de  l'\u00e9conomie,  de  l'emploi, du\ntravail et des  solidart\u00e9s  d'\u00cele-de-France, aux  agents  de  l'Unit\u00e9 d\u00e9partementale  des  Hauts-\nde-Seine  :\n'Vu la d\u00e9claration  d'actvit\u00e9s de services  \u00e0 la personne  d\u00e9pos\u00e9es le 09  octobre  2025  au nom\nde  la micro-entreprise  Hayette  ABBA  sise 5 all\u00e9e Mirabeau  \u00e0 BAGNEUX  (82220)\n\n'Apr\u00e8s examen  du  dossier, cette demande  \u00e9tant  conforme  aux  dispositions de  l'article L. 7232:\n1 du  code  du  traval, le pr\u00e9sent r\u00e9c\u00e9piss\u00e9 de d\u00e9ciaration d'activit\u00e9s de services \u00e0 la personne  a\n\u00e9t\u00e9  enregistr\u00e9  au  nom  de  la micro-entreprise  Hayette  ABBA  sous  le num\u00e9ro  SAP  808516967.\nLes  activit\u00e9s d\u00e9clar\u00e9es sont les suivantes, \u00e0 l'exclusion de toute autre :\nEntretien  de  la maison  et  travaux  m\u00e9nagers  ;\nPrestations relevant du b\u00e9n\u00e9fice de la r\u00e9duction d'imp\u00f4t pr\u00e9vue \u00e0 l'article 199 sexdecies du Code\n(G\u00e9n\u00e9ral  des  Imp\u00f4ts.\nLa structure exerce  ces  activit\u00e9s selon  le mode  suivant : PRESTATAIRE\n'Sous  r\u00e9serve  d'\u00eatre exerc\u00e9es  \u00e0 ttre exclusif parle  d\u00e9clarant  (ou sousr\u00e9serve d'une  comptabilt\u00e9\n's\u00e9par\u00e9e pour les personnes  morales  dispens\u00e9es de la condition d'activit\u00e9 exclusive), ces activit\u00e9s.\n'ouvrent droit au  b\u00e9n\u00e9fice des  dispostions des  articles L. 7233-2  du code  du traval et L. 241-10\ndu  code  de  la s\u00e9curt\u00e9  sociale.\n'Conform\u00e9ment  aux  dispostions de  l'articie R7232-19  du code  du  travail, organisme  d\u00e9ciar\u00e9 doit\nproduire au moins  chaque timestre un \u00e9tat d'activit\u00e9 et chaque  ann\u00e9e  un bilan quanttatf et\nquaitatf  de  activit\u00e9 exerc\u00e9e  au  tire de  l'ann\u00e9e  \u00e9coul\u00e9e  ainsi qu'un  tableau  statistique annuel.\nSi l'organisme d\u00e9clar\u00e9 comporte  plusieurs \u00e9tablissements, les \u00e9tats statistiques et le bilan annuel\nistinguent  Factivit\u00e9 exerc\u00e9e par  chaque  \u00e9tablissement,\nLe  pr\u00e9sent  r\u00e9c\u00e9piss\u00e9 prend effet le 09 octobre  2026,\nL'enregistrement de la d\u00e9claration  pourra  \u00eatre retir\u00e9 si l'organisme  d\u00e9clar\u00e9  cesse  de remplir\nles conditions  ou  de  respocter  les obligations mentionn\u00e9es  aux  4,5\"  et 6\u00b0 de  l'article\n723217  ou  qui m\u00e9connalt los obligations d\u00e9finies \u00e0 l'article R7232-19  du code du travail.\ndevra,  sous\npeine de retrait de la d\u00e9claration, faire l'objet dune  d\u00e9ctaration modiicative aupr\u00e8s de l'Unit\u00e9\nd\u00e9partementale  des  Hauts-de-Seine.\nLe  pr\u00e9sent  r\u00e9c\u00e9piss\u00e9  sera publi\u00e9 au  recueil des  actes  administratifs de  la pr\u00e9fecture  des  Hauts-\nde-Seine.\nFait \u00e0 Nanterre,  le 20 octobre 2025.\nPour  le Pr\u00e9fet\nd\u00e9l\u00e9gation  ot subd\u00e9l\u00e9gation\nLa  Responsable  du  service\nD\u00e9veloppement  de  l'emploi  et des\ncomp\u00e9tences\nMariana CONDE\n\n=  Direction r\u00e9gionale  et interd\u00e9partementale\nMINISTERE de l'\u00e9conomie, de l'emploi,\nDU  TRAVAIL, DE LA SANT\u00c9, du travail et des solidarit\u00e9s\nDES  SOLIDARIT\u00c9S\nET  DES  FAMILLES\nEn\nR\u00e9c\u00e9piss6  n\u00b02026-549 de d\u00e9claration  d'activit\u00e9s de  services  \u00e0 la personne\nenregistr\u00e9e  sous  le n\u00b0 SAP992372748  au  nom  de  la micro-entreprise  FLEURY\n'CHRISTEL  sise  1 Rue  de  Watford  \u00e0 NANTERRE  (92000)\nLE  PREFET  DES  HAUTS-DE-SEINE\nVu  la loi n\u00b0 2010-853 du  23  juillet 2010  relative aux  r\u00e9seaux  consulaires,  au  commerce  et \u00e0\nl'artisanat et aux  services  (article 31);\nVu  la loi n\u00b02015-1776  du  28  d\u00e9cembre  2015  relative \u00e0 adaptation  de  la soci\u00e9t\u00e9  au\nviellissement ;\n'Vu l'aricie 07231-1  du  Code  du  travail;\nVu  les d\u00e9crets n\u00b0 2011-1132  et n\u00b0 2011-1133  du 20 septembre  2011  modifiant certaines\ndispositions du  Code  du  travail, relatives au  ch\u00e8que  emplo-service  universel  et aux\nservices  \u00e0 la personne\nVu  le d\u00e9cret  n\u00b02016:750  du  6 juin 2016  relatif\u00e0 la liste des  activit\u00e9s de  services  \u00e0 la personne\n'soumises  \u00e0 agr\u00e9ment ou \u00e0 autorisation dans le cadre  du  r\u00e9gime  commun de la d\u00e9claration  ;\n'Vu le d\u00e9cret  du  31 octobre  2024  portant  nomination  de  Monsieur  Alexandre  BRUGERE,  en\nquait\u00e9 de Pr\u00e9fet des  Hauts-de-Seine  ;\nVu  l'ar\u00e9t\u00e9  interminist\u00e9riel du  12  ao\u00fbt  2025  nommant  Monsieur  Fabrice  MASI,  Directeur\nr\u00e9gional et interd\u00e9partemental de l'\u00e9conomie, de l'emploi, du travail et des solidarit\u00e9s d'le-\nde-France  \u00e0 compter  du  25  ao\u00fbt  2025\nVu  l'ar\u00e9t\u00e9 pr\u00e9fectoral n\u00b02025-33  du  22  ao\u00fbt  2025  par  lequel le Pr\u00e9fet des  Hauts-de-Seine\nd\u00e9l\u00e8gue  sa signature \u00e0 Monsieur  Fabrice MASI,  Directeur r\u00e9gional et interd\u00e9partemental\nde l'\u00e9conomie, de l'emploi, du traval et des solidart\u00e9s d'le-de-France\nVu  la d\u00e9cision  n\u00b0 2025-157  du  25  ao\u00fbt  2025  portant subd\u00e9l\u00e9gation  de  signature  de  Monsieur\nFabrice  MASI,  Directeur  r\u00e9gional et interd\u00e9partemental  de  l'\u00e9conomie,  de  l'emploi, du\ntravail et des soldart\u00e9s  d'le-de-France,  aux  agents  de  [Unit\u00e9  d\u00e9partementale  des  Hauts-\nde-Seine  ;\nVu  la d\u00e9claration d'activit\u00e9s de services  \u00e0 la personne  d\u00e9pos\u00e9es  le 09 octobre  2025  au  nom\n'de la micro-entreprise  FLEURY  CHRISTEL  sise 1 Rue  de  Watford  \u00e0  NANTERRE  (92000)  ;\n\n'Apr\u00e8s examen  du dossier, cette demande  \u00e9tant conforme  aux  dispositions de  FarticleL. 7232-1-\n1 du code  du traval, le pr\u00e9sent  r\u00e9c\u00e9piss\u00e9  de d\u00e9claration d activit\u00e9s de services  \u00e0 la personne  a\n\u00e9t\u00e9  enregistr\u00e9  au  nom  de  la micro-entreprise  FLEURY  CHRISTEL  sous  le num\u00e9ro  SAP\n992372748,\nLes  activit\u00e9s d\u00e9clar\u00e9es  sont  es  suivantes,  \u00e0  l'exclusion de toute  autre\n= Entretion  de  la maison  et  travaux  m\u00e9nagers  ;\nPrestations  relevant  du b\u00e9n\u00e9fice  de la r\u00e9duction  d'imp\u00f4t  pr\u00e9vue  \u00e0 l'article 199 sexdecies du Code\nG\u00e9n\u00e9ral  des  Imp\u00f4ts.\nSous  r\u00e9serve  d'\u00eatre exerc\u00e9es  \u00e0 ttre exclusif par  le d\u00e9clarant  (ou sous  r\u00e9serve  d'une  comptabilit\u00e9\ns\u00e9par\u00e9e  pour  les personnes  morales  dispens\u00e9es  de  la condition  d'actvit\u00e9 exclusive), ces  activites\nouvrent  drot  au  b\u00e9n\u00e9fice  des  dispositions des articles L. 7233-2  du  code du traval et L 241-10,\ndu  code  de  la s\u00e9curit\u00e9 sociale\nConform\u00e9ment  aux  dispositions de  l'article R7232-19  du  code  du  travail, l'organisme  d\u00e9clar\u00e9  doit\nproduire  au  moins  chaque  trimestre  un  \u00e9tat activit\u00e9  et chaque  ann\u00e9e  un  bilan quantitatif et\n'quaitatf de Factivte exerc\u00e9e au tire de l'ann\u00e9e \u00e9coul\u00e9e ainsi qu'un tableau statistique annuel\nSi l'organisme  d\u00e9clar\u00e9  comport  plusieurs  \u00e9tablissements,  les  \u00e9tats  statistiques  et  le bilan  annuel\ndistinguent  l'actit\u00e9 exerc\u00e9e  par  chaque  \u00e9tablissement.\nLe  pr\u00e9sent  r\u00e9c\u00e9piss\u00e9  prend  effet  le 09 octobre  2028.\nL'enregistrement de la d\u00e9claration  pourra  \u00eatre retir\u00e9si l'organisme  d\u00e9clar\u00e9  cesse  de remplir\nles  conditions  ou  de  respecter  les obligations  mentionn\u00e9es  aux  4\u00b0,5\u00b0 et 6\u00b0 de  l'article\nR723217  ou  qui  m\u00e9connalt  les  obligations  d\u00e9finies  \u00e0 l'article R7232-19  du  code  du  travail.\n'Toute modification concernant la structure d\u00e9clar\u00e9e ou les activit\u00e9s exerc\u00e9es devra, sous\npeine  de  retrat de  la d\u00e9claration, fare  l'objet d'une  d\u00e9claration  modiicatve  aupr\u00e8s  de  FUni\u00e9\nd\u00e9partementale  des  Hauts-de-Seine.\nLe  pr\u00e9sent  r\u00e9c\u00e9pist  sara publi  au ecu  es  cts  administrate  de La pr\u00e9fecture  des  Hauts.\nde-Seine.\nFait  \u00e0 Nanterre  le 20 octobre  2025.\nur  Le  Pr\u00e9fet\nd\u00e9l\u00e9gation  et subd\u00e9l\u00e9gation\nLa  Responsable  du  service\nD\u00e9veloppement  de  l'emploi  et des\ncomp\u00e9tences.\n\nEE  Direction  r\u00e9gionale  et  interd\u00e9partementale\nMINISTERE de l'\u00e9conomie, de l'emploi,\nDU  TRAVAIL,  DE  LA  SANT\u00c9,  du travail et des solidarit\u00e9s\nDES  SOLIDARIT\u00c9S\nET  DES  FAMILLES\nEM\nR\u00e9c\u00e9piss\u00e9  n\u00b02028-550  de  d\u00e9claration d'activit\u00e9s de services  \u00e0 la personne\nenregistr\u00e9e  sous  le n\u00b0 SAP992331660  au  nom  de la micro-entreprise  TANKEU\nNOUT  Chantale  Brenda  sise 27 Avenue  des  C\u00e8dres  \u00e0 VILLE-D'AVRAY  (92410)\nLE  PREFET  DES  HAUTS-DE-SEINE\nVu  la loi n\u00b0 2010-853  du 23 juilet 2010  relative aux  r\u00e9seaux  consulaires, au  commerce et \u00e0\nl'artisanat et aux  services  (article 31):\nVu  la loi n\u00b02018-1778  du  28  d\u00e9cembre  2015  relative \u00e0 l'adaptation de  la soci\u00e9t\u00e9 au\nviellissement ;\nVu  l'aricle 07231-1  du  Code  du  traval\nVu  les d\u00e9crets n\u00b0 2011-1132  et n\u00b0 2011-1133  du  20 septembre  2011 modifiant certaines\ndispositions du Code  du  travail, relatives au  ch\u00e8que  emploi-service universel et aux\nservices  \u00e0  la personne ;\nVu  le d\u00e9cret  n\u00b02016-750  du  6  juin 2016  relatif \u00e0 la liste des  activit\u00e9s de  services  \u00e0 la personne\n'soumises  \u00e0 agr\u00e9ment ou \u00e0 autorisation dans le cadre  du  r\u00e9gime  commun  dela d\u00e9claration  ;\nVu  le d\u00e9cret du 31 octobre 2024  portant nomination de  Monsieur  Alexandre  BRUGERE,  en\nquait\u00e9 de Pr\u00e9fet des Hauts-de-Seine ;\nVu  l'arr\u00eat\u00e9 interminist\u00e9riel du 12 ao\u00fbt 2025  nommant  Monsieur  Fabrice MASI,  Directeur\nr\u00e9gional  et interd\u00e9partemental de l'\u00e9conomie,  de l'emploi, du  travail et des  sohdarites dle\nde-France \u00e0 compter du  25  ao\u00fbt  2025  ;\nVu  arr\u00e9t\u00e9  pr\u00e9fectoral n\u00b02025-33  du  22  ao\u00fbt 2025  par lequel le Pr\u00e9fet des  Hauts-de-Seine\nd\u00e9l\u00e8gue  sa signature  \u00e0 Monsieur  Fabrice  MASI,  Directeur  r\u00e9gional et interd\u00e9partemental\nde l'\u00e9conomie, de l'emploi du travail et des solidarit\u00e9s d'\u00cele-de-France;\nVu  la d\u00e9cision n\u00b0 2025-157  du  25 ao\u00fbt 2025  portant subd\u00e9l\u00e9gation de  signature de  Monsieur\nFabrice MASI,  Directeur r\u00e9gional et interd\u00e9partemental de  l'\u00e9conomie, de  l'emploi, du\ntravail et des  soldarit\u00e9s  d'le-de-France,  aux  agents  de  I Unit\u00e9  d\u00e9partementale  des  Hauts-\nde-Seine\n'Vu la d\u00e9claration d'actvt\u00e9s de services \u00e0 la personne  d\u00e9pos\u00e9es  le 10 octobre 2025 au nom\nde la micro-entreprise TANKEU  NOUT  Chantale  Brenda  sise 27  Avenue  des  C\u00e9dres  \u00e0\nVILLE-DAVRAY  (62410)\n\n'Apr\u00e8s examen  du  dossier, cette demande  \u00e9tant  conforme  aux  dispositions  de  l'article L 7232-1\n1 du  code  du  traval  le pr\u00e9sent  r\u00e9c\u00e9piss\u00e9  de  d\u00e9claration  d  activit\u00e9s  de  services  ala  personne  a\n\u00e9t\u00e9  enregistr\u00e9  au  nom  de  la micro-entreprise  TANKEU  NOUT  Chantale  Brenda  sous  le num\u00e9ro\nSAP  992331660.\nLes  activit\u00e9s d\u00e9clar\u00e9es  sont  les  suivantes,  \u00e0  exclusion  de  toute  autre\nEntretien  de  la maison  et travaux  m\u00e9nagers  ;\n= Garde  d'enfants  de  plus  de  trois  ans  \u00e0  domicile  ;\nPrestations  relevant du  b\u00e9n\u00e9fice  dela  r\u00e9duction  d'imp\u00f4t  pr\u00e9vue  \u00e0 Farticle 199  sexdecies  du  Code\nG\u00e9n\u00e9ral  des  Imp\u00f4ts.\nLa  structure  exerce  ces  activit\u00e9s  selon  le mode  suivant  : PRESTATAIRE\n'Sous  r\u00e9serve  d'\u00eatre  exerc\u00e9es  \u00e0  tire  exclusif  par  le d\u00e9clarant  (ou  sous  r\u00e9serve  dune  comptabilit\u00e9\ns\u00e9par\u00e9e  pour  les personnes  morales  dispens\u00e9es  de  la condition  d'activit\u00e9 exclusive) ces  activit\u00e9s\nouvrent  droit au b\u00e9n\u00e9fice  des  dispositions des  artcies  L. 7233-2  du  code  du  travail et L. 241-10\ndu  code  de  la s\u00e9curit\u00e9  sociale.\nConform\u00e9ment  aux dispositions de l'article R7232-19  du  code  du  travail l'organisme  d\u00e9clar\u00e9  doit\nproduire au moins chaque  timestre un \u00e9tat d'activit\u00e9 et chaque ann\u00e9e  un bilan quanitatf et\nqualitatif de l'actwt\u00e9 exerc\u00e9e  au  tire de  l'ann\u00e9e \u00e9coui\u00e9e  ainsi qu'un  tableau  statistique annuel.\nSi organisme  d\u00e9clar\u00e9  comporte  plusieurs  \u00e9tablissements,  les \u00e9tats statistiques ete  bilan annuel\ndistinguent  l'activit\u00e9 exerc\u00e9e  par  chaque  \u00e9tablissement.\nLo  pr\u00e9sent  r\u00e9c\u00e9piss\u00e9  prond  affat lo 10  octobre  2028.\nL'enrogistremont de la d\u00e9claration  pourra  tre  rotir\u00e9si l'organisme  d\u00e9clar\u00e9  cesse  de remplir\nles conditions  ou  de  respecter  les obligations  montionn\u00e9es  aux  4\u00b0,5* et 6\u00b0 de  l'article\nR7232-17  ou  qui  m\u00e9connait  les obligations  d\u00e9finies  \u00e0 l'article R7232-19  du  code  du  travail.\ndevra,  sous\neine  de  retrait de  fa d\u00e9claration, faire l'objet d'une  d\u00e9claration  modificative  aupr\u00e8s  de  l'Unt\u00e9\n'd\u00e9partementale  des  Hauts-de-Seine.\nLe  pr\u00e9sent  r\u00e9c\u00e9piss\u00e9  sera  publi\u00e9 au recueil des  actes  administratis  de  la pr\u00e9fecture des  Hauts-\nde-Seine.\nFait \u00e0 Nanterre, le 20 octobre 2025,\nPour  le Pr\u00e9fet\nPar  d\u00e9l\u00e9gation  et subd\u00e9l\u00e9gation\nLa  Responsable  du  service\nD\u00e9veloppement  de  l'emploi  et des\ncomp\u00e9tences\n'conve\n\nPREFECTURE  DES  HAUTS-DE-SEINE\nLE  PREFET  DES  HAUTS-DE-SEINE\nArr\u00eat\u00e9  N\u00b0  2025-851\nReconnaissant  la qualit\u00e9 de Soci\u00e9t\u00e9 Coop\u00e9rative\nOuvri\u00e8re de  Production  (SCOP)\nVu  le  d\u00e9cret n\u00b0 82-389  du 10 mai 1982 relatif aux pouvoirs des pr\u00e9fets ;\nVu  la loi n\u00b0 47-1775 du 10 septembre  1947  portant statu de la coop\u00e9ration\nVu  la loi n\u00b0 78-763  du  19 jullet 1978  portant statut des  Soci\u00e9t\u00e9s  Coop\u00e9ratives  Ouvri\u00e9res  de\nProduction, et notamment  son  article 54 ;\nVu  la  loi n\u00b0 92-643  du 13 jullet 1982 relative \u00e0 la modernisation des entreprises coop\u00e9ratives ;\nVu  le  code des march\u00e9s publics, et notamment  es articles 53 et 91 dudit code ;\nVu  _ le d\u00e9cret n\u00b0 87-276 du 16 avril 1987 portant modification du d\u00e9cret n\u00b0 79-376 du 10 mai\n1978  fixant les conditions d'\u00e9tablissement de  la iste des  Soci\u00e9t\u00e9s Coop\u00e9ratives  Ouvri\u00e8res\nde  Production  ;\nVu  le d\u00e9cret n\u00b0 97-34  du 15 janvier 1997  relatif \u00e0 la d\u00e9concentration  des  d\u00e9cisions\nadministratives individuelles ;\nVu  le d\u00e9cret n\u00b0 93-485  du  23  mars  1993  relatif \u00e0 la sortie du  statut coop\u00e9ratif;\nVu  le d\u00e9cret n\u00b0 93-1231 du 10 novembre  1993 relatf\u00e0 la reconnaissance de la qualit\u00e9 de\nSoci\u00e9t\u00e9  Coop\u00e9rative  Ouvri\u00e8re  de  Production  ;\nVu  le d\u00e9cret du 31 octobre 2024  portant nomination de Monsieur Alexandre BRUGERE,  en\n'qualit\u00e9 de Pr\u00e9fet des Hauts-de-Seine ;\nVu  l'arr\u00eat\u00e9 interminist\u00e9riel 12 ao\u00fbt  2025  nommant  Monsieur  Fabrice MASI, Directeur,\nr\u00e9gional et interd\u00e9partemental de  l'\u00e9conomie, de  l'emploi, du  travail et des  soidant\u00e9s\nd'le-de-France  \u00e0  compter  du  25  ao\u00fbt  2025  ;\nVu  l'arr\u00eat\u00e9 pr\u00e9fectoral n\u00b02025-33  du  22  ao\u00fbt 2025  par lequel le Pr\u00e9fet des  Hauts-de-Seine\nd\u00e9l\u00e8gue  sa signature \u00e0 Fabrice MASI,  Directeur r\u00e9gional et interd\u00e9partemental de\nl'\u00e9conomie, de l'emploi, du  traval et des solidarit\u00e9s. France ;\n\nVu  la d\u00e9cision  n\u00b0 2025-157  du  25  ao\u00fbt  2025  portant  subd\u00e9l\u00e9gation  de  signature  de  Monsieur\nFabrice  MASI,  Directeur  r\u00e9gional  et interd\u00e9partemental  de  l'\u00e9conomie,  de  l'emploi, du\ntraval  et des  solidarit\u00e9s d'le-de-France,  aux agents  de  l'Unit\u00e9 d\u00e9partementale  des  Hauts-\nde-Seine\n'Vu l'avis de  la Conf\u00e9d\u00e9ration  G\u00e9n\u00e9rale  des  Soci\u00e9t\u00e9s  Coop\u00e9ratives  Ouvri\u00e8res  de  Production  en\ndate  du  02  octobre  2025,\nARRETE\nArticle 1\"  : La  soci\u00e9t\u00e9  AMOES ~ 4 Rue  Pierre Brosselette  ~ 92600  ASNIERES-SUR-SEINE,  est\nhabit\u00e9e  \u00e0  prendre  l'appellation de  Soci\u00e9t\u00e9  Coop\u00e9rative  Ouvri\u00e8re  de  Production  ou  de  Soci\u00e9t\u00e9\nCoop\u00e9rative  de  Travaileurs  ou  \u00e0 utlser  cette appelaion  ou  les initiales \u00ab S.C.O.P.  \u00bb ainsi qu'\u00e0\npr\u00e9tendre  au  b\u00e9n\u00e9fice  des  dispositions  pr\u00e9vues  parles  textes  l\u00e9gislatifs ou  r\u00e9glementaires  relatifs\naux  Soci\u00e9t\u00e9s  Coop\u00e9ratives  Ouvri\u00e8res  de  Production\nArticle 2:  Cette  m\u00eame  soci\u00e9t\u00e9 pourra  pr\u00e9tendre  au b\u00e9n\u00e9fice  des  avantages  pr\u00e9vus  aux articles 53\n'et91 du  code  des  march\u00e9s  public,\nArticle 3 : L'hablitation  accord\u00e9e  en  vertu  du  pr\u00e9sent  arr\u00eat\u00e9, \u00e0  la soci\u00e9t\u00e9  vis\u00e9e  \u00e0  article  1\u00b0, est\nValable, sous  r\u00e9serve  des  dispositions  des  articles 2 et 4 du  d\u00e9cret  n\u00b0 93-1231  du  10  novembre\n1993  relatf \u00e0  la reconnaissance  de  la qualit\u00e9 de  Soci\u00e9t\u00e9  Coop\u00e9rative  Ouvri\u00e8re  de  Production,  \u00e0\ncompter de la date  d'inscription en  tant que  de  Soci\u00e9t\u00e9  Coop\u00e9rative  Ouvri\u00e8re  de  Production  au\nregistre du commerce,  et jusqu'\u00e0 radiation prononc\u00e9e  dans  les conditions pr\u00e9vues par les articles\n6  et 7 du  m\u00eame  texte\nFait\u00e0 Nanterre, le 20  octobre 2025\nPour  le Pr\u00e9fet\nPar  d\u00e9l\u00e9gation  ot subd\u00e9l\u00e9gation\nLa  Responsable  du  servic\nD\u00e9veloppement  de  l'emploi  et des\n'comp\u00e9tences\nSHG\na CONDE\n\nvu\nvu\nvu\nvu\nvu\nvu\nvu\nvu\nvu\nvu\nvu\ntae  frat\nRonan  AE\nPREFECTURE  DES  HAUTS-DE-SEINE\nLE  PREFET  DES  HAUTS-DE-SEINE\nArr\u00e8t\u00e9  N\u00b0  2025-552\nReconnaissant  la qualit\u00e9 de  Soci\u00e9t\u00e9  Coop\u00e9rative\nOuvri\u00e8re  de  Production  (SCOP)\nLe d\u00e9cret n\u00b0 82-389  du  10 mai  1982  relatif aux  pouvoirs des  pr\u00e9fets ;\nla loin' 47-1775  du  10 septembre  1947  portant statut de  la coop\u00e9ration ;\nla loi n\u00b0 78-763  du 19 jullet 1978  portant statut des  Soci\u00e9t\u00e9s Coop\u00e9ratives  Ouvri\u00e8res de\nProduction,  et notamment  son  article 54 ;\nla oi n\u00b0 92-643  du  13 jullet 1992  relative \u00e0 la modernisation  des  entreprises coop\u00e9ratives ;\nLe code  des  march\u00e9s  publics, et notamment  les articles 53 et 91 duct  code\nle d\u00e9cret n\u00b0 87-276  du  16 avril 1987  portant modification du d\u00e9cret n\u00b0 79-376  du  10 mai\n1878 fhant les conditions d'\u00e9tablissement de la liste des Soci\u00e9t\u00e9s Coop\u00e9ratives Ouvri\u00e8res\nde  Production\nle d\u00e9cret n\u00b0 97-34  du  15 janvier 1997  relatif \u00e0 la d\u00e9concentration  des  d\u00e9cisions\nadministratives  individuelles ;\nle  d\u00e9cret n\u00b0 93-455  du 23 mars 1993 relatif \u00e0 la sortie du statut coop\u00e9ratif ;\nle d\u00e9cret n\u00b0 93-1231  du  10 novembre  1993  relai  \u00e0 la reconnaissance de la qualt\u00e9  de\nSoci\u00e9t\u00e9 Coop\u00e9rative  Ouvri\u00e8re de  Production ;\nle d\u00e9cret du 31 octobre 2024  portant nomination  de  Monsieur Alexandre  BRUGERE,  en\n'qualit\u00e9 de  Pr\u00e9fet des  Hauts-de-Seine\nl'arr\u00eat\u00e9 interminist\u00e9riel 12 ao\u00fbt 2025  nommant  Monsieur  Fabrice MASI,  Directeur,\nr\u00e9gional et interd\u00e9partemental de  \u00e9conomie,  de l'emploi, du  travail et des  solidait\u00e9s\ndile-de-France  \u00e0 compter  du  25  ao\u00fbt  2025  ;\nl'arr\u00eat\u00e9 pr\u00e9fectoral n\u00b02025-33 du 22 ao\u00fbt 2025  par lequel le Pr\u00e9fet des Hauts-de-Seine\nd\u00e9l\u00e8gue  sa  signature \u00e0 Fabrice MASI,  Directeur r\u00e9gional et interd\u00e9partemental de\nl'\u00e9conomie, de l'emploi, du travail et des solidant\u00e9s d'\u00cele-de-France ;\n\n'Vu la d\u00e9cision  n\u00b0 2025-187  du  25  ao\u00fbt  2025  portant  subd\u00e9l\u00e9gation  de  signature  de  Monsieur\nFabrice  MASI,  Directeur  r\u00e9gional et interd\u00e9partemental  de  l'\u00e9conomie,  de  l'emploi, du,\ntravail et des  solidant\u00e9s  d'le-de-France,  aux  agents  de  l'Unit\u00e9 d\u00e9partementale  des  Hauts-\nde-Seine  ;\nVu  avis  favorable  avec  r\u00e9serves de la Conf\u00e9d\u00e9ration  G\u00e9n\u00e9rale  des  Soci\u00e9t\u00e9s  Coop\u00e9ratives\n'Quvri\u00e9res  de  Production  en  date  du  02  octobre  2025.\nARRETE\nI: La soci\u00e9t\u00e9 COOPERER  POUR  UNE  FORMATION  ACCESSIBLE  - 14 rue Maurice\nArnoux  \u2014  92120  MONTROUGE,  est habilit\u00e9e \u00e0 prendre  l'appellation de  Soci\u00e9t\u00e9  Coop\u00e9rative\n(Ouvri\u00e8re  de Production ou  de Soci\u00e9t\u00e9  Cooperative de  Travallurs  ou user  cette  appelation  ou\nles  iniales  \u00ab  S.C-O P.  \u00bb ans  qu'\u00e0  pr\u00e9tendre  au  b\u00e9n\u00e9fice  des  dspostions  pr\u00e9vues  par  les textes\nogists  ou  r\u00e9glementares relat  aux  Soct\u00e9s  Cooperatives  Ouvrez  de Production\nArticle 2 : Cette m\u00eame  soci\u00e9t\u00e9 pourra  pr\u00e9tendre au  b\u00e9n\u00e9fice des  avantages  pr\u00e9vus  aux  articles 53\n'et 91  du  code  des  march\u00e9s  publics,\nArticle 3: Lhabiltaion  accord\u00e9e  en  vertu  du  pr\u00e9sent  arr\u00eat\u00e9, \u00e0 ia soci\u00e9t\u00e9  vis\u00e9e  \u00e0 l'article 1\u00b0, est\nValable, sous  r\u00e9serve  des  dispositions  des articles 2 et 4 du  d\u00e9cret  n\u00b0 93-1231  du  10  novembre\n1993  relatif \u00e0  la reconnaissance  de  la qualit\u00e9 de  Soci\u00e9t\u00e9  Coop\u00e9rative  Ouvri\u00e8re  de  Production,  \u00e0\ncompter de la date dinscription en tant que  de Soci\u00e9t\u00e9 Coop\u00e9rative  Ouvri\u00e8re  de Production  au\nregistre du commerce,  et jusqu'\u00e0 radiation prononc\u00e9e  dans les conditions pr\u00e9vues par les articles\n6  et 7  du  m\u00eame  texte\nFait \u00e0  Nanterre,  le 20  octobre  2025\nPour  le Pr\u00e9fet\nPar  d\u00e9l\u00e9gation  et subd\u00e9l\u00e9gation\nLa  Responsable du  service\nD\u00e9veloppement  de  l'emplo  et dos\ncomp\u00e9tences\nYaar\nMariama  CONDE\n\nvu\nvu\nvu\nvu\nvu\nvu\nvu\nvu\nvu\nPREFECTURE  DES  HAUTS-DE-SEINE\nLE  PREFET  DES  HAUTS-DE-SEINE\nArr\u00eat\u00e9  N\u00b0  2025-553\nReconnaissant  la qualit\u00e9 de  Soci\u00e9t\u00e9 Coop\u00e9rative\nOuvri\u00e8re  de  Production  (SCOP)\nle  d\u00e9cret n\u00b0 82-389  du 10 mai 1982  relatif aux pouvoirs des  pr\u00e9fets ;\nLa loi n\u00b0 47-1775 du  10 septembre  1947  portant statut de la coop\u00e9ration ;\nla loi n\u00b0 78-763  du  19 juilet 1978  portant statut des  Soci\u00e9t\u00e9s  Coop\u00e9ratives  Ouvri\u00e8res  de\nProduction,  et notamment  son  article 54  ;\nla oi n\u00b0 92-643  du  13 jullet 1992  relative \u00e0 la modernisation  des  entreprises coop\u00e9ratives ;\nLe code  des  march\u00e9s  publics, et notamment  les articles 53  et 91 dudit code  ;\nLe d\u00e9cret n\u00b0 87-276  du  16 avril 1987  portant modification du  d\u00e9cret n\u00b0 79-376  du 10 mai\n1978  fixant les conditions d'\u00e9tablissement de la liste des  Soci\u00e9t\u00e9s Coop\u00e9ratives  Ouvri\u00e8res\nde  Production  ;\nle d\u00e9cret n\u00b0 97-34  du 15 janvier 1997  relatif \u00e0 la d\u00e9concentration  des  d\u00e9cisions\nadministratives  individuelles ;\nle d\u00e9cret n\u00b0 93-455 du 23 mars  1993 relatif \u00e0 la sortie du statut coop\u00e9ratif\nle d\u00e9cret n\u00b0 93-1231  du  10 novembre  1993  relatif\u00e0 la reconnaissance  de  la qualit\u00e9 de\n'Soci\u00e9t\u00e9 Coop\u00e9rative  Ouvri\u00e8re de  Production ;\nle d\u00e9cret du 31 octobre 2024  portant nomination  de Monsieur  Alexandre  BRUGERE,  en\nqualit\u00e9 de Pr\u00e9fet  des  Hauts-de-Seine  ;\nl'arr\u00eat\u00e9 interminist\u00e9riel 12 ao\u00fbt 2025  nommant  Monsieur  Fabrice MASI,  Directeur,\nr\u00e9gional et interd\u00e9partemental de  l'\u00e9conomie, de l'emploi, du  travail et des  solidarit\u00e9s\nle-de-France  \u00e0 compter du 25 ao\u00fbt  2025 ;\nl'arr\u00eat\u00e9 pr\u00e9fectoral n\u00b02025-33  du  22  ao\u00fbt 2025  par lequel le Pr\u00e9fet des  Hauts-de-Seine\nd\u00e9l\u00e8gue  sa signature \u00e0 Fabrice MASI,  Directeur r\u00e9gional et interd\u00e9partemental de\nl'\u00e9conomie, de l'emploi, du travail et des solidart\u00e9s d'le-de-France\n\nVu  la d\u00e9cision  n\u00b0 2025-157  du  25  ao\u00fbt  2025  portant  subd\u00e9l\u00e9gation  de  signature  de Monsieur\nFabrice  MASI,  Directeur  r\u00e9gional  et interd\u00e9partemental  de  l'\u00e9conomie,  de  l'emploi, du,\ntravail et des  solidant\u00e9s  d'le-de-France,  aux  agents de l'Unit\u00e9 d\u00e9partementale des  Hauts-\nde-Seine\nVu  avis  de  la Conf\u00e9d\u00e9ration  G\u00e9n\u00e9rale  des  Soci\u00e9t\u00e9s  Coop\u00e9ratives  Ouvri\u00e8res de Production  en\n'date du  02  octobre  2025.\nARRETE\nArticle 4%:  La  soci\u00e9t\u00e9  GRAINE  DE  SCOP  \u2014  100  Rue  Jean  Longuet  ~  92290  CHATENAY-\nMALABRY,  est habilt\u00e9e  \u00e0 prendre  l'appellation de  Soci\u00e9t\u00e9  Coop\u00e9rative  Ouvri\u00e8re  de  Production  ou\n'de Soci\u00e9t\u00e9  Coop\u00e9rative  de  Travalleurs  ou  \u00e0 utliser cette appellation  ou  les Initales \u00ab S.C.O.P.  \u00bb\nainsi qu'\u00e0  pr\u00e9tendre  au  b\u00e9n\u00e9fice  des  dispositions  pr\u00e9vues  par  les textes  l\u00e9gislatifs ou\nr\u00e9glementaires  relatifs aux  Soci\u00e9t\u00e9s  Coop\u00e9ratives  Ouvri\u00e8res  de  Production,\nArticle2 : Cette m\u00eame  soci\u00e9t\u00e9 pourra pr\u00e9tendre au b\u00e9n\u00e9fice des avantages pr\u00e9vus aux articles 53\n\"et 91 du code des  march\u00e9s  public,\nArticle 3;  L'habiltation accord\u00e9e  en  vertu du pr\u00e9sent  arr\u00e9t\u00e9, \u00e0 la soci\u00e9t\u00e9  vis\u00e9e \u00e0  Taticle  1\u00b0, est\nvalable, sous  r\u00e9serve  des  dispositions  des  articles 2 et 4 du  d\u00e9cret  n\u00b0 93-1231  du  10  novembre\n1983  relat  \u00e0 la reconnaissance  de  la qualit\u00e9 de  Soci\u00e9t\u00e9  Coop\u00e9rative  Ouvri\u00e8re  de  Production,  \u00e0\ncompter  de  la date dinscription en  tant que  de  Soci\u00e9t\u00e9 Coop\u00e9rative  Ouvri\u00e8re de  Production  au\nregistre du  commerce,  et jusqu'\u00e0  radiation prononc\u00e9e  dans  les conditions  pr\u00e9vues  par  les articles\n6 et7  du  m\u00eame  texte\nFait \u00e0  Nanterre,  le 20  octobre  2025\nPour  le Pr\u00e9fet\nPar  d\u00e9l\u00e9gation  et subd\u00e9l\u00e9gation\nLa  Responsable  du  service\nD\u00e9veloppement  de  l'emploi  et des.\ncomp\u00e9tences\n'Mariama CONDE\n\nvu\nvu\nvu\nvu\nvu\nvu\nvu\nvu\nvu\nvu\nvu\nPREFECTURE  DES  HAUTS-DE-SEINE\nLE  PREFET  DES  HAUTS-DE-SEINE\n'Arr\u00e9t\u00e9 N\u00b0  2025-554\nReconnaissant  la qualit\u00e9 de  Soci\u00e9t\u00e9 Coop\u00e9rative\nOuvri\u00e8re  de  Production (SCOP)\nle d\u00e9cret n\u00b0 82-389 du 10 mai 1982 relatif aux pouvoirs des pr\u00e9fets ;\nla loi n\u00b0 47-1775  du  10 septembre  1947  portant statut de  la coop\u00e9ration\nla Jol n\u00b0 78-763 du 19 juillet 1978 portant statut des Soci\u00e9t\u00e9s Coop\u00e9ratives Ouvri\u00e8res de\nProduction, et notamment  son article 54 ;\nLa loin  92-643 du 13juillet 1992 relative\u00e0 la modernisation des entreprises coop\u00e9ratives\nle code des march\u00e9s  publics, et notamment  les articles 53 et 91 dudit code ;\nLe d\u00e9cret n\u00b0 87-276 du 16 avril 1987 portant modification du d\u00e9cret n\u00b0 79-376 du 10 mai\n1978  fixant les conditions d'\u00e9tablissement de la liste des  Soci\u00e9t\u00e9s Coop\u00e9ratives  Ouvri\u00e8res\nde  Production  ;\nle d\u00e9cret n\u00b0 97-34  du  15 janvier 1997  relatif \u00e0 la d\u00e9concentration  des  d\u00e9cisions\nadministratives  individuelles\nle d\u00e9cret n\u00b0 99-455  du  23 mars  1993  relatif \u00e0 la sortie du  statut coop\u00e9ratif;\nle d\u00e9cret n\u00b0 93-1231 du 10 novembre  1993 relatif\u00e0 la reconnaissance de la qualit\u00e9 de\nSoci\u00e9t\u00e9  Coop\u00e9rative  Ouvri\u00e8re  de  Production  ;\nle d\u00e9cret du 31 octobre 2024 portant nomination de Monsieur Alexandre BRUGERE,  en\nqualit\u00e9 de  Pr\u00e9fet des  Hauts-de-Seine  ;\nl'arr\u00eat\u00e9 interminist\u00e9riel 12 ao\u00fbt 2025  nommant  Monsieur  Fabrice MASI,  Directeur,\nr\u00e9gional et interd\u00e9partemental de  l'\u00e9conomie, de  l'emploi, du  travail et des  solidarit\u00e9s\nd'le-de-France  \u00e0 compter du  25  ao\u00fbt  2025\nl'arr\u00eat\u00e9 pr\u00e9fectoral n\u00b02025-33  du  22  ao\u00fbt 2025  par lequel le Pr\u00e9fet des  Hauts-de-Seine\nd\u00e9l\u00e8gue sa signature \u00e0 Fabrice MASI, Directeur r\u00e9gional et interd\u00e9partemental de\n\u00e9conomie,  de l'emploi, du travail et des solidartes d'\u00cele-de-France ;\n\nVu  _ la d\u00e9cision  n\u00b0 2025-157 du 25  ao\u00fbt  2025  portant  subd\u00e9l\u00e9gation  de  signature  de  Monsieur\nFabrice  MASI,  Directeur  r\u00e9gional  et interd\u00e9partemental  de  l'\u00e9conomie,  de  l'emploi, du,\ntravail et des  solidarit\u00e9s d'\u00cele-de-France,  aux  agents  de  l'Unit\u00e9 d\u00e9partementale  des  Hauts-\nde-Seine  ;\n'Vu l'avis de la Conf\u00e9d\u00e9ration  G\u00e9n\u00e9rale  des  Soci\u00e9t\u00e9s  Coop\u00e9ratives  Ouvri\u00e8res de Production  en\ndate  du  02  octobre  2025,\nARR\u00caTE\nArticle4\" : La soci\u00e9t\u00e9 LA  MODERNE  ~ 169 Avenue  Henri Ravera ~ $2200 BAGNEUX  CEDEX,\nst  habilt\u00e9e  \u00e0 prendre  l'appellation de  Soci\u00e9t\u00e9  Coop\u00e9rative  Ouvri\u00e8re  de  Production  ou  de  Soci\u00e9t\u00e9\nCoop\u00e9rative  de  Travaileurs  ou  \u00e0  ulliser cette appellation  ou  les intiales \u00ab S.C.O.P.  \u00bb ainsi qu'\u00e0\npr\u00e9tendre au b\u00e9n\u00e9fice des  dispositions pr\u00e9vues  par les textes l\u00e9gislatifs ou  r\u00e9glementaires relatifs\naux  Soci\u00e9t\u00e9s  Coop\u00e9ratives  Ouvri\u00e8res  de  Production\nArticie2: Cette m\u00eame  soci\u00e9t\u00e9 pourra pr\u00e9tendre au b\u00e9n\u00e9fice des avantages pr\u00e9vus aux aricies 53\n'et 91 du  code  des  march\u00e9s  public,\n'Article3: Uhabiltation accord\u00e9e en vertu du pr\u00e9sent arr\u00e9t\u00e9, \u00e0 la soci\u00e9t\u00e9 vis\u00e9e \u00e0 Farle  1\u00b0, est\nvalable. sous r\u00e9serve des  disposiions  des  articles 2 et 4 du  d\u00e9cret  n\u00b0 63-1231  du  10  novembre\n1963  relatif\u00e0  la reconnaissance  de  la qualt\u00e9  de  Soci\u00e9t\u00e9  Coop\u00e9rative  Ouvri\u00e8re  de  Production,  \u00e0\ncompter  de  la date dinscrption  en  tant que  de Soci\u00e9t\u00e9 Coop\u00e9rative  Ouvri\u00e8re de  Production\nregistre du  commerce,  et jusqu\u00e0  radiation prononc\u00e9e  dans  les conditions  pr\u00e9vues  par  les ailes\nGet  du  m\u00eame  texte\nFait \u00e0 Nanterre,  le 20  octobre  2025\nPour  le Pr\u00e9fet\nPar  d\u00e9l\u00e9gation  et subd\u00e9l\u00e9gation\nLa  Responsable  du  service\nD\u00e9veloppement  de  l'emploi  t  des\ncomp\u00e9tences\nJ@-as\nMariama  CONDE\n\nvu\nvu\n=\nvu\nvu\nvu\nw\nvu\nvu\nPREFECTURE  DES  HAUTS-DE-SEINE\nLE  PREFET  DES  HAUTS-DE-SEINE\nArr\u00e8t\u00e9  N\u00b0  2025-555\nReconnaissant  la qualit\u00e9 de  Soci\u00e9t\u00e9 Coop\u00e9rative\n'Ouvri\u00e9re  de  Production  (SCOP)\nle d\u00e9cret n\u00b0 82-389  du 10 mai  1982  relatf aux  pouvoirs des  pr\u00e9fets ;\nla loin' 47-1775  du  10 septembre  1947  portant  statut de  la coop\u00e9ration  ;\nla loi n\u00b0 78-763  du  19 jullt 1978  portant statut des  Soci\u00e9t\u00e9s Coop\u00e9ratives  Ouvri\u00e8res  de\nProduction,  et notamment  son  article 54  ;\nla oi n\u00b0 92-643  du  13 jullet 1992  relative \u00e0 la modernisation  des  entreprises coop\u00e9ratives ;\nLe code  des  march\u00e9s  publics, et notamment  es articles 53  et 91 dudit code  ;\nle d\u00e9cret n\u00b0 87-276 du 16 avril 1987 portant modification du d\u00e9cret n\u00b0 79-376 du 10 mai\n1978  fixant les conditions d'\u00e9tablissement de  la iste des  Soci\u00e9t\u00e9s Coop\u00e9ratives Ouvri\u00e8res\nde  Production\nle d\u00e9cret n\u00b0 97-34  du  15 janvier 1997  relatif \u00e0 la d\u00e9concentration  des  d\u00e9cisions\nadministratives  individuelles ;\nle  d\u00e9cret n\u00b0 93-455 du 23 mars  1993  relatif\u00e0 la sortie du statut coop\u00e9ratif\nle d\u00e9cret  n\u00b0 93-1231  du  10  novembre  1993  relatif\u00e0 la reconnaissance  de  la qualit\u00e9 de\nSoci\u00e9t\u00e9  Coop\u00e9rative  Ouvri\u00e8re de Production  ;\nJe d\u00e9cret du 31 octobre 2024  portant nomination  de Monsieur  Alexandre  BRUGERE,  en\nqualit\u00e9de Pr\u00e9fet des Hauts-de-Seine ;\nl'arr\u00eat\u00e9 interminist\u00e9riel 12 ao\u00fbt  2025  nommant  Monsieur  Fabrice  MASI,  Directeur,\nr\u00e9gional et interd\u00e9partemental de  l'\u00e9conomie, de l'emploi du  travail et des  solidant\u00e9s\ndile-de-France  \u00e0 compter  du  25 ao\u00fbt  2025  ;\nl'arr\u00eat\u00e9 pr\u00e9fectoral n\u00b02025-33  du  22  ao\u00fbt 2025  par lequel le Pr\u00e9fet des  Hauts-de-Seine\nd\u00e9l\u00e8gue  sa signature \u00e0 Fabrice MASI,  Directeur r\u00e9gional et interd\u00e9partemental de\nl'\u00e9conomie, de l'emploi, du travailet des solidarit\u00e9s d'\u00cele-de-France ;\n\nVu  la d\u00e9cision  n\u00b0 2025-157  du  25  ao\u00fbt  2025  portant  subd\u00e9l\u00e9gation  de  signature  de  Monsieur\nFabrice  MASI,  Directeur  r\u00e9gional  et interd\u00e9partemental de  l'\u00e9conomie,  de  l'emploi, du,\ntravail et des  solidarit\u00e9s d'Ile-de-France,  aux  agents  de  l'Unit\u00e9 d\u00e9partementale  des  Hauts-\nde-Seine\nVu  avis  de  la Conf\u00e9d\u00e9ration  G\u00e9n\u00e9rale  des  Soci\u00e9t\u00e9s  Coop\u00e9ratives  Ouvri\u00e8res  de  Production  en\ndate  du  02  octobre  2025,\nARRETE\nI\" La  soci\u00e9t\u00e9  LBBA-ARCHITECTURE  ~  116  Rue  Du  Chateau  ~  92100  BOULOGNE\nBILLANCOURT,  est habit\u00e9e  \u00e0 prendre  l'appellation de  Soci\u00e9t\u00e9  Coop\u00e9rative  Ouvri\u00e8re  de\nProduction  ou  de  Soci\u00e9t\u00e9  Coop\u00e9rative  de  Travaileurs  ou  \u00e0 utiliser cette appellation  ou  les initiales\n\u00ab S.C.OP.  \u00bb ainsi qu'\u00e0 pr\u00e9tendre au b\u00e9n\u00e9fice des  dispositions pr\u00e9vues  par les textes l\u00e9gislatifs ou\nr\u00e9glementaires relatifs aux Soci\u00e9t\u00e9s Coop\u00e9ratives Ouvri\u00e8res de Production,\nArticle 2:  Cette m\u00eame  soci\u00e9t\u00e9 pourra pr\u00e9tendre au  b\u00e9n\u00e9fice des  avantages  pr\u00e9vus  aux  articles 53\n'et 91 du  code  des  march\u00e9s  publics,\nArticle 3 : Lhabiltation  accord\u00e9e  en  vertu  du  pr\u00e9sent  arr\u00eat\u00e9, \u00e0  la soci\u00e9t\u00e9  vis\u00e9e  \u00e0  l'article 1%, est\nvalable, sous  r\u00e9serve  des  dispositions  des  articles 2 et 4 du  d\u00e9cret  n\u00b0 93-1231  du  10 novembre\n1993  relaif&  la reconnaissance  de  la qualit\u00e9 de  Soci\u00e9t\u00e9  Coop\u00e9rative  Ouvri\u00e8re  de  Production,\ncompter de la date  d'inscription en  tant que  de  Soci\u00e9t\u00e9  Coop\u00e9rative  Ouvri\u00e8re  de  Production  au\nregistre du commerce,  et jusqu'\u00e0 radiation prononc\u00e9e  dans les conditions pr\u00e9vues par les articles\nGet  7 du  m\u00eame  text.\nFait \u00e0  Nanterre,  le 20  octobre  2025\nPour  le Pr\u00e9fet\nd\u00e9l\u00e9gation  ot subd\u00e9l\u00e9gation\nLa  Responsable  du  service\nD\u00e9veloppement  de  l'emploi  et des\ncomp\u00e9tences.\n\nvu\nvu\nvu\nvu\nvu\nvu\nvu\nvu\nvu\nvu\nre  Ar\nn\u00e9on\nPREFECTURE  DES  HAUTS-DE-SEINE\nLE  PREFET  DES  HAUTS-DE-SEINE\nArr\u00eat\u00e9  N\u00b0  2025-556\nReconnaissant  la qualit\u00e9 de  Soci\u00e9t\u00e9  Coop\u00e9rative\nOuvri\u00e8re  de  Production (SCOP)\nle d\u00e9cret  n\u00b0 82-389  du  10  mai  1982  relatif aux  pouvoirs  des  pr\u00e9fets\nla lo n\u00b0 47-1775 du 10septembre  1947  portant statutde la coop\u00e9ration ;\nla loi n\u00b0 78-763  du 19 juilet 1978  portant statut des  Soci\u00e9t\u00e9s Coop\u00e9ratives  Ouvri\u00e8res  de\nProduction,  et notamment son article 54  ;\nla loi n\u00b0 92-643  du  13 jullet 1992  relative \u00e0 la modernisation  des  entreprises coop\u00e9ratives ;\nLe code  des  march\u00e9s  publics, et notamment  les articles 53  et 91 dudit code\nle d\u00e9cret n\u00b0 87-276 du  16 avril 1987  portant modification du  d\u00e9cret n\u00b0 79-376  du  10 mai\n1878  fixant les conditions d'\u00e9tablissement de la liste des  Soci\u00e9t\u00e9s  Coop\u00e9ratives  Ouvri\u00e8res\n'de Production  ;\nle d\u00e9cret n\u00b0 97-34  du 15 janvier 1997  relatf \u00e0 la d\u00e9concentration  des  d\u00e9cisions\n'administratives individuelles\nle d\u00e9cret n\u00b0 93-455 du  23 mars  1993 relat \u00e0 la sortiedu statut coop\u00e9ratif;\nle d\u00e9cret n\u00b0 93-1231  du  10 novembre  1993  relatif\u00e0 la reconnaissance  de  la qualit\u00e9 de\nSoci\u00e9t\u00e9  Coop\u00e9rative  Ouvri\u00e8re  de  Production,\nle d\u00e9cret  du  31 octobre  2024  portant  nomination  de  Monsieur  Alexandre  BRUGERE,  en\n'qualit\u00e9 de Pr\u00e9fet des Hauts-de-Seine ;\nl'arr\u00eat\u00e9 interminist\u00e9riel 12 ao\u00fbt  2025  nommant  Monsieur  Fabrice  MASI,  Directeur,\nr\u00e9gional  et interd\u00e9partemental de l'\u00e9conomie,  de  l'emploi, du  travail et des  solidarit\u00e9s\ndile-de-France  \u00e0 compter du 25  ao\u00fbt  2025\nl'arr\u00eat\u00e9 pr\u00e9fectoral n\u00b02025-33  du  22  ao\u00fbt 2025  par lequel le Pr\u00e9fet des  Hauts-de-Seine\nd\u00e9l\u00e8gue  sa signature \u00e0 Fabrice MASI,  Directeur r\u00e9gional et interd\u00e9partemental de\nl'\u00e9conomie, de l'emploi, du travail et des solidarit\u00e9s d'\u00cele-de-France ;\n\n'Vu la d\u00e9cision  n\u00b0 2025-157  du  25  ao\u00fbt  2025  portant  subd\u00e9l\u00e9gation  de  signature  de  Monsieur\nFabrice  MASI,  Directeur  r\u00e9gional  et interd\u00e9partemental  de  l'\u00e9conomie,  de  l'emploi, du,\ntravail et des  solidant\u00e9s  d'\u00cele-de-France,  aux  agents de l'Unit\u00e9 d\u00e9partementale  des  Hat\nde-Seine  ;\nVu  avis  de  la Conf\u00e9d\u00e9ration  G\u00e9n\u00e9rale  des  Soci\u00e9t\u00e9s  Cooperatives  Ouvri\u00e8res  de  Production  en\ndate  du  02  octobre  2025.\nARRETE\nAtticle 1%: La soci\u00e9t\u00e9 LE  TRAVAIL  ENTREPRISE  GENERALE  PEINTURE  ~ 169 avenue  Henri\nRavera ~  82200  BAGNEUX  CEDEX,  est habllt\u00e9e  \u00e0  prendre  l'appellation de  Soci\u00e9t\u00e9  Coop\u00e9rative\nOuvri\u00e8re  de  Production  ou  de  Soci\u00e9t\u00e9  Coop\u00e9rative  de  Travaileurs  ou  \u00e0 utiliser cette appellation  ou\nLes initiales \u00ab S.C.OP.  \u00bb ainsi qu'\u00e0  pr\u00e9tendre  au  b\u00e9n\u00e9fice  des  dispositions  pr\u00e9vues  par  les textes\nl\u00e9gislatifs ou r\u00e9glementaires relatifs aux  Soci\u00e9t\u00e9s Coop\u00e9ratives Ouvrires  de Production,\nCette  m\u00eame  soci\u00e9t\u00e9  pourra  pr\u00e9tendre  au  b\u00e9n\u00e9fice  des  avantages pr\u00e9vus  aux  aticles  53\n\"et91 du  code  des  march\u00e9s  public,\nArticle3: Unabiltation accord\u00e9e en vertu du pr\u00e9sent arr\u00eat\u00e9, \u00e0 Ia soci\u00e9t\u00e9 vis\u00e9e \u00e0 Farle  1\u00b0, est\nValable, sous  r\u00e9serve des  dispositions des  articles 2 et 4 du  d\u00e9cret n\u00b0 93-1231  du  10 novembre\n1909  rela  \u00e0  la reconnaissance  de  la quail\u00e9  de  Soci\u00e9t\u00e9  Cooperative  Ouvre  de  Producton,  \u00e0\ncompter  de  la date  d'inscription en  tant que  de  Soci\u00e9t\u00e9  Coop\u00e9rative  Ouvri\u00e8re  de  Production  au\nere  commerce  qu  \u00e0  ral  ronorese  dns  condos  pews  pare  aries\n7  du  m\u00e9me  texte\nFait \u00e0  Nanterre,  le 20  octobre  2025\nPour  le Pr\u00e9fet\nPar  d\u00e9l\u00e9gation  et  subd\u00e9l\u00e9gation\nLa  Responsable  du  service\nDeveloppement  de  emo  et des\nMariama  CONDE\n\nvu\nvu\nvu\nvu\nvu\nvu\nvu\nvu\nPREFECTURE  DES  HAUTS-DE-SEINE\nLE  PREFET  DES  HAUTS-DE-SEINE\nArr\u00eat\u00e9  N\u00b0  2025-557\nReconnaissant  la qualit\u00e9 de  Soci\u00e9t\u00e9 Coop\u00e9rative\nOuvri\u00e8re  de  Production  (SCOP)\nLe  d\u00e9cret n\u00b0 82-389  du  10  mai  1982  relatif aux pouvoirs des  pr\u00e9fets ;\nla loi n\u00b0 47-1775  du  10  septembre  1947  portant  statut de  la coop\u00e9ration  ;\nla loi n\u00b0 78-763  du  19  juilet 1978  portant  statut des  Soci\u00e9t\u00e9s  Coop\u00e9ratives  Ouvri\u00e8res  de\nProduction,  et notamment  son  article 54  ;\nla loin  92-643  du  13  juillet 1992  relative \u00e0 la modemisation  des  entreprises  coop\u00e9ratives  ;\nle  code  des  march\u00e9s  publics, et notamment  les articles 53 et 91 ducit code ;\nle d\u00e9cret  n\u00b0 87-276  du  16  avril 1987  portant  modification  du  d\u00e9cret  n\u00b0 79-376  du  10  mai\n{078  fran  ex  condionsd'\u00e9ablasamnt  de la ist  des  Sood  Coop\u00e9ratives Ouri\u00e8res\nde  Production  ;\nle d\u00e9cret n\u00b0 97-34  du  15 janvier 1997  relatif \u00e0 la d\u00e9concentration  des  d\u00e9cisions\nadministratives  individuelles ;\nle d\u00e9cret n\u00b0 93-455  du  23  mars  1993  relatif\u00e0 la sortie du statut coop\u00e9ratif;\nle d\u00e9cret  n\u00b0 93-1231  du  10  novembre  1993  relatf \u00e0 la reconnaissance  de  la qualit\u00e9 de\nSoci\u00e9t\u00e9  Coop\u00e9rative  Ouvri\u00e8re  de  Production\nle d\u00e9cret  du  31 octobre  2024  portant  nomination  de  Monsieur  Alexandre  BRUGERE,  en\n{qualit\u00e9 de Pr\u00e9fet des  Hauts-de-Seine\nl'arr\u00eat\u00e9 interminist\u00e9riel 12 ao\u00fbt  2025  nommant  Monsieur  Fabrice  MASI,  Directeur,\nr\u00e9gional et interd\u00e9partemental de l'\u00e9conomie, de l'emploi, du  travail et des  solidarit\u00e9s\ndile-de-France  \u00e0 compter  du  25  ao\u00fbt  2025\nl'arr\u00eat\u00e9 pr\u00e9fectoral  n\u00b02025-33  du  22  ao\u00fbt  2025  par  lequel  le Pr\u00e9fet  des  Hauts-de-Seine\nd\u00e9l\u00e8gue  sa  signature  \u00e0  Fabrice  MASI,  Directeur  r\u00e9gional  et interd\u00e9partemental  de\nl'\u00e9conomie, de l'emplol, du travail et des solidant\u00e9s d'\u00cele-de-France ;\n\n'Vu la d\u00e9cision  n\u00b0 2025-157  du 25 ao\u00fbt  2025  portant  subd\u00e9l\u00e9gation  de  signature  de  Monsieur\nFabrice  MASI,  Directeur  r\u00e9gional  et interd\u00e9partemental  de  l'\u00e9conomie,  de  l'emploi, du,\ntravail et des  solidarit\u00e9s d'le-de-France,  aux  agents de l'Unit\u00e9 d\u00e9partementale  des  Hauts-\nde-Seine  ;\nVu  | l'avis de  la Conf\u00e9d\u00e9ration  G\u00e9n\u00e9rale  des  Soci\u00e9t\u00e9s  Coop\u00e9ratives  Ouvri\u00e8res  de  Production  en\n'date du  02  octobre  2025.\nARR\u00caTE\nArticle4\" : La soci\u00e9t\u00e9 SPOTLAB - 9 bis Vila Le Blanc ~ $2120  MONTROUGE,  est habit\u00e9e \u00e0\nprendre  l'appellation de  Soci\u00e9t\u00e9  Coop\u00e9rative  Ouvri\u00e8re  de  Production  ou  de  Soci\u00e9t\u00e9  Coop\u00e9rative\nde  Travalleurs  ou  a  utliser  cette appellation  ou  les intiales \u00ab S.C.O.P.  \u00bb ainsi qu'\u00e0  pr\u00e9tendre  au\nb\u00e9n\u00e9fice  des  dispositions  pr\u00e9vues  par  le  textes l\u00e9gislatifsou r\u00e9glementaires  relatifs aux  Soci\u00e9t\u00e9s\nCoop\u00e9ratives  Ouvri\u00e8res  de  Production\nCette  m\u00eame  soci\u00e9t\u00e9  pourra  pr\u00e9tendre  au  b\u00e9n\u00e9fice  des  avantages  pr\u00e9vus  aux  articles 53\n\"et91 du code des  march\u00e9s  publics.\nArticle3; L'habitation accord\u00e9e en vertu du pr\u00e9sant art,  \u00e0 Ia soci\u00e9t\u00e9 vis\u00e9e \u00e0 l'aile1,  ost\nvalable, sous  r\u00e9serve des  dispositions des articles 2 et 4 du  d\u00e9cret n\u00b0 93-1231  du  10 novembre\n1993  relatif \u00e0  la reconnaissance  de  la qualit\u00e9 de  Soci\u00e9t\u00e9  Coop\u00e9rative  Ouvri\u00e8re  de  Production,  \u00e0\ncompter  de  la date  inscription  en  tant que. de  Soci\u00e9t\u00e9  Coop\u00e9rative  Ouvre  de  Production\nregistre du commerce,  et jusqu'\u00e0 radiation prononc\u00e9e  dans  les conditions pr\u00e9vues  par les articles\nBet  7  du  m\u00eame  tox\nFait \u00e0  Nanterre,  le 20  octobre  2025\nPour  le Pr\u00e9fet\nr d\u00e9l\u00e9gation  ot subd\u00e9l\u00e9gation\nResponsable  du  service\nMariama  CONDE\n\n=\nvu\nvu\nvu\nvu\nvu\nvu\nvu\nvu\nPREFECTURE  DES  HAUTS-DE-SEINE\nLE  PREFET  DES  HAUTS-DE-SEINE\nArr\u00eat\u00e9  N\u00b0  2025-558\nReconnaissant  la qualit\u00e9 de  Soci\u00e9t\u00e9  Coop\u00e9rative\nOuvri\u00e8re  de  Production  (SCOP)\nle  d\u00e9cret n\u00b0 82-389  du 10 mai 1982  relatif aux  pouvoirs des  pr\u00e9fets ;\nla loin' 47-1775 du 10  septembre  1947  portant statut de la coop\u00e9ration ;\nla loi n\u00b0  78-763  du  19  juillet 1978  portant  statut  des  Soci\u00e9t\u00e9s  Coop\u00e9ratives  Ouvri\u00e8res  de\nProduction, et notamment  son article 54  ;\nLa loi n\u00b0 92-643  du  13  juillet 1992  relative \u00e0 la modemisation  des  entreprises  coop\u00e9ratives  ;\nle code  des  march\u00e9s  publics, et notamment  les articles 53  et 91 dudit  code  ;\nLe d\u00e9cret  n\u00b0 87-276  du  16 avril 1987  portant  modification  du  d\u00e9cret  n\u00b0 79-378  du  10 mai\n1978  fixant les conditions  d'\u00e9tablissement  de  la liste des  Soci\u00e9t\u00e9s  Coop\u00e9ratives  Ouvri\u00e8res\nde  Production  ;\nle d\u00e9cret  n\u00b0 97-34  du  15 janvier  1997  relatif \u00e0  la d\u00e9concentration  des  d\u00e9cisions\nadministratives  individuelles ;\nle  d\u00e9cret  n\u00b0 83-455  du  23 mars  1993  relatif \u00e0 la sortie du statut coop\u00e9ratif;\nle d\u00e9cret  n\u00b0 93-1231  du  10  novembre  1993  relai \u00e0 la reconnaissance  de  la qualt\u00e9  de\nSoci\u00e9t\u00e9  Coop\u00e9rative  Ouvri\u00e8re  de  Production  ;\nle d\u00e9cret  du  31 octobre  2024  portant  nomination  de  Monsieur  Alexandre  BRUGERE,  en\n'qualit\u00e9de Pr\u00e9fet des Hauts-de-Seine ;\nl'arr\u00eat\u00e9 interminist\u00e9riel 12 ao\u00fbt  2025  nommant  Monsieur  Fabrice  MASI,\nr\u00e9gional et interd\u00e9partemental de l'\u00e9conomie, de l'emploi, du travailet des\ndle-de-France  \u00e0 compter  du  25 ao\u00fbt  2025  ;\nl'arr\u00eat\u00e9 pr\u00e9fectoral  n\u00b02025-33  du  22  ao\u00fbt  2025  par  lequel le Pr\u00e9fet  des  Hauts-de-Seine\nd\u00e9l\u00e8gue  sa  signature  \u00e0  Fabrice  MASI,  Directeur  r\u00e9gional  et  interd\u00e9partemental  de\nl'\u00e9conomie, de  l'emploi, du  travailet des solidarit\u00e9s d'\u00cele-de-France ;\n\nVu  la d\u00e9cision  n\u00b0 2025-157  du  25  ao\u00fbt  2025  portant  subd\u00e9l\u00e9gation  de  signature  de  Monsieur\nFabrice  MASI,  Directeur  r\u00e9gional  et interd\u00e9partemental  de  l'\u00e9conomie,  de  Templo,  du,\ntravail et des  solidarit\u00e9s d'\u00cele-de-France,  aux  agents  de  Unit\u00e9  d\u00e9partementale  des  Hauts-\nde-Seine  ;\nVu  | avis  de  la Conf\u00e9d\u00e9ration  G\u00e9n\u00e9rale  des  Soci\u00e9t\u00e9s  Coop\u00e9ratives  Ouvri\u00e8res  de  Production  en\n'date du  02  octobre  2025.\nARRETE\nArticle 4* : La  soci\u00e9t\u00e9  UP  COOP  -  9-11  Boulevard  Louise  Michel  ~  92230  GENNEVILLIERS,  est\nhabit\u00e9e  \u00e0  prendre  l'appellation de  Soci\u00e9t\u00e9  Coop\u00e9rative  Ouvri\u00e8re  de  Production  ou  de  Soci\u00e9t\u00e9\nCoop\u00e9rative  de  Travalleurs  ou  \u00e0  utliser cette appellation  ou les  intiales \u00ab S.C.O.P.  \u00bb ainsi qu'\u00e0\npr\u00e9tendre au  b\u00e9n\u00e9fice des  dispositions pr\u00e9vues par les textes l\u00e9gislatifs ou r\u00e9glementaires relais\naux  Soci\u00e9t\u00e9s Coop\u00e9ratives  Ouvri\u00e8res  de  Production.\nArticle 2:  Cette  m\u00eame  soci\u00e9t\u00e9  pourra  pr\u00e9tendre  au  b\u00e9n\u00e9fice  des  avantages  pr\u00e9vus  aux articles 53\n'et 91 du  code  des  march\u00e9s  public.\nAiticle 2:  L'abiitation  accord\u00e9e  en  vertu  du  pr\u00e9sent  arr\u00eat\u00e9, \u00e0  Ia soci\u00e9t\u00e9  vis\u00e9e  \u00e0 l'article 1\u00b0, est\nvalable, sous  r\u00e9serve  des  dispositions  des  articles 2  et 4 du  d\u00e9cret  n\u00b0 93-1231  du  10  novembre\n1983  reatf \u00e0 la reconnaissance  de  la qualit\u00e9 de  Soci\u00e9t\u00e9 Coop\u00e9rative  Ouwi\u00e8re  de  Production. \u00e0\ncomper  dela date  dinscrpion  en  tant que  de  Soci\u00e9t\u00e9  Cooperative  Ouvri\u00e8re  de  Production  au\nrevistre du  commerce,  et Jusqu'\u00e0  radiation  prononc\u00e9e  dans  les conditions  pr\u00e9vues par  ls  articles\n6  et du  m\u00eame  text\nFait \u00e0 Nanterre,  le 20  octobre  2025\nsl\u00e9gation et subd\u00e9l\u00e9gation\nLa  Responsable  du  service\nD\u00e9veloppement  de  l'emploi  ot des\ncomp\u00e9tonces\n\nEs  Direction  r\u00e9gionale  et  interd\u00e9partementale\nMINIST\u00c8RE de l'\u00e9conomie,de l'emploi,\nDU  TRAVAIL,  DE  LA  SANT\u00c9,  du travail et des solidarit\u00e9s\nDES  SOLIDARIT\u00c9S\nET  DES  FAMILLES\nEr\nR\u00e9c\u00e9piss\u00e9  n*2025-559  do  d\u00e9claration  d'activit\u00e9s de  services  \u00e0 la personne\nenregistr\u00e9e  sous  le n\u00b0  SAP853539179  au  nom  de  la micro-entreprise  SOUMANO\nLassane  sise  3  Rue  Pierre  Semard \u00e0 BAGNEUX  (92220)\nLE  PREFET  DES  HAUTS-DE-SEINE\nVu  Ia loi n\u00b0 2010-853  du  23 jullet 2010  relative aux  r\u00e9seaux  consulaires,  au  commerce et \u00e0\nl'artisanat  et aux  services  (article 31)\n'Vu la loi n\u00b02015-1778  du  28  d\u00e9cembre  2015  relative \u00e0  l'adaptation de  la soci\u00e9t\u00e9  au\nvellissement ;\nVu  l'aricie  D7231-1  du  Code du  travail\nVu  les d\u00e9crets  n\u00b0 2011-1132  et n\u00b0 2011-1133  du  20  septembre  2011  modifiant  certaines\ndispostions  du  Code  du  travail, relatives au  ch\u00e8que  emploi-service  universel  et aux\n'services  \u00e0la  personne\nVu  le d\u00e9cret  n\u00b02018-750 du 6 juin 2016 relatif \u00e0 la liste des activit\u00e9s de services \u00e0 Ia personne\nsoumises \u00e0  agr\u00e9ment  ou  \u00e0  autorisation  dans  le cadre  du  r\u00e9gime  commun  de la d\u00e9claration\nVu  le d\u00e9cret  du  31  octobre  2024  portant  nomination  de  Monsieur  Alexandre  BRUGERE,  en\nquait\u00e9 de  Pr\u00e9fet des  Hauts-de-Seine  ;\nVu  l'arr\u00ebt\u00e9 interminist\u00e9riel  du  12  ao\u00fbt  2025  nommant  Monsieur  Fabrice  MASI,  Directeur\nr\u00e9gional et  interd\u00e9partemental  de  l'\u00e9conomie,  de  l'emploi, du travail et  des  solidarit\u00e9s die.\nde-France \u00e0 compter  du 25 ao\u00fbt  2025 ;\nVu  l'ar\u00e8t\u00e9  pr\u00e9fectoral  n\u00b02025-33  du  22  ao\u00fbt  2025  par  lequel  le Pr\u00e9fet  des  Hauts-de-Seine\n'd\u00e9l\u00e8gue  sa  signature  \u00e0  Monsieur  Fabrice  MASI,  Directeur  r\u00e9gional et interd\u00e9partemental\nde  \u00e9conomie,  de  l'emploi du travail et des  solidarit\u00e9s d'\u00cele-de-France ;\nVu  la d\u00e9cision  n\u00b0  2025-187  du  25  ao\u00fbt  2025  portant  subd\u00e9l\u00e9gation  de  signature  de  Monsieur\nFabrice  MASI,  Directeur  r\u00e9gional  et  interd\u00e9partemental  de  l'\u00e9conomie,  de  l'emploi,  du\ntravail et  des  soldari\u00e9s  d'le-de-France,  aux  agents de l'Unit\u00e9  d\u00e9partementale  des  Hauts-\nde-Seins\n'Vu  la  d\u00e9claration  d'activit\u00e9s de services \u00e0 la personne  d\u00e9pos\u00e9es le 10  octobre  2025  au  nom\nde  la micro-entreprise  SOUMANO  Lassane  sise  3  Rue  Pierre  Semard  \u00e0  BAGNEUX\n(82220):\n\n'Apr\u00e8s examen  du  dossier, cette demande  \u00e9tant conforme  aux dispositions de article L. 7232-1-\n1 du code  du traval, le pr\u00e9sent  r\u00e9c\u00e9piss\u00e9  de d\u00e9ctaration d'activit\u00e9s de services \u00e0 la personne  a\n\u00e9t\u00e9  enregistr\u00e9  au  nom  de  la micro-entreprise  SOUMANO  Lassane  sous  le num\u00e9ro  SAP\n1853539179.\nLes  activit\u00e9s d\u00e9clar\u00e9es  sont  les suivantes,  a l'exclusion de  toute autre\nEntretien  de  la  maison  et  travaux  m\u00e9nagers  ;\nPrestations  relevant  du  b\u00e9n\u00e9fice  de\nG\u00e9n\u00e9ral  des  Imp\u00f4ts.\nLa  structure  exorce  ces  activit\u00e9s  solon  le mode  suivant  : PRESTATAIRE\nr\u00e9duction dimp\u00e9t  pr\u00e9vue  \u00e0 l'article 199  sexdecies du  Code\nSous  r\u00e9serve  d'\u00eatre exerc\u00e9es  \u00e0 ttre exclusif parle  d\u00e9clarant  (ou sous  r\u00e9serve  d'une  comptablit\u00e9\ns\u00e9par\u00e9e  pour  les personnes  morales  dispens\u00e9es  de  la condition  d'actvi\u00e9  exclusive)  ces  activites\nouvrent  droit au  b\u00e9n\u00e9fice  des  dispositions  des  articles L. 7283-2  du  code  du  travail et L 241-10,\ndu  code  de  la s\u00e9curit\u00e9  social.\n'Conform\u00e9ment  aux  dispositions de  l'article R7232-19  du  code  du  travail l'organisme  d\u00e9clar\u00e9  doit\nproduire  au  moins  chaque  trimestre  un  \u00e9tat  d'activit\u00e9  et chaque  ann\u00e9e  un  bilan  quantitatif et\n'quaitatf de 'actwvit\u00e9 exerc\u00e9e  au  tre  de  l'ann\u00e9e \u00e9coul\u00e9e  ainsi qu'un  tableau  statistique annuel.\nSi l'organisme  d\u00e9clar\u00e9  comport  plusieurs  \u00e9tablissements,  les \u00e9tats statistiques et le bilan annuol\ndistinguent  l'actit\u00e9  exerc\u00e9e  par  chaque  \u00e9tablissement\nLe  pr\u00e9sent  r\u00e9c\u00e9piss\u00e9  prend  effet le 10  octobre  202:\nL'enregistrement de la d\u00e9claration pourra \u00eatre retir\u00e9 si l'organisme d\u00e9clar\u00e9 cesse  de remplir\nles conditions  ou  de  respacter  les obligations  mentionn\u00e9es  aux  4',5\u00b0  et 6\u00b0 de art\nR7232417 ou qui  m\u00e9connalt  les obligations  d\u00e9finies  \u00e0 l'article R7232-19  du code  du travail.\no l devra, sous\neine  de retrat dela declaration, fare Tabet dune  declaration modiicatve aupr\u00e9s de Unit\u00e9\nd\u00e9partementale  des  Hauts-de-Seine.\nLe  pr\u00e9sent  r\u00e9c\u00e9piss\u00e9  sera  publi\u00e9  au  recueil  des  actes  administrafs  de  a  pr\u00e9fecture  des  Hauts-\nde-Seine.\nFait  \u00e0  Nanterre,  le 20  octobre  2025,\nPour le Pr\u00e9tet\nPar d\u00e9l\u00e9gationet subd\u00e9l\u00e9gation\nLa  Responsable  du  service\nD\u00e9veloppement de l'emploi  et des\ncomp\u00e9tences\n(CET\na COND\u00c9\n\nEs  Direction r\u00e9gionale  et interd\u00e9partementale\nMINIST\u00c8RE  de l'\u00e9conomie, de  l'emploi,\nDU  TRAVAIL,  DE  LA  SANT\u00c9,  du travailet des solidarit\u00e9s\nDES  SOLIDARITES\nET  DES  FAMILLES\nfou\nR\u00e9c\u00e9piss\u00e9  n*2025-560  de  d\u00e9claration  d'activit\u00e9s  de  services  \u00e0 la personne\nenregistr\u00e9e  sous  le n\u00b0 SAP511991275  au  nom  de  la micro-entreprise  S\u00e9bastien\nRAIGNAULT  sise  14  avenue  du  Parc  \u00e0 VANVES  (92170)\nLE  PREFET  DES  HAUTS-DE-SEINE\nVu  la loi n\u00b0 2010-863  du  23 jullet 2010  relati\nl'aisanat et aux services  (article 31);\nVu  la loi 1\u00b02015-1776  du  28  d\u00e9cembre  2016  relative \u00e0 adaptation  de  la soci\u00e9t\u00e9  au\nvieilissement\naux r\u00e9seaux  consulaires,  au  commerce et \u00e0\nVu  l'aricie 07231-1  du  Code  du  travail;\nVu  les d\u00e9crets n\u00b0 2011-1132  et n\u00b0 2011-1133  du  20 septembre  2011  modifiant certaines.\ndispositions du  Code  du  travail relatives au  ch\u00e8que  emplo-service  universel et aux\nservices  \u00e0 la personne\nVu  le d\u00e9crt  n\u00b02016:750  du 6juin  2016  relatif\u00e0 la liste des  activit\u00e9sde services \u00e0 Ia personne\nsoumises \u00e0 agr\u00e9ment  ou \u00e0 autorisation dans  le cadre  du  r\u00e9gime  commun  de la d\u00e9claration\nVu  le d\u00e9cret  du  31 octobre 2024  portant  nomination  de  Monsieur  Alexandre  BRUGERE,  en\nqualt\u00e9 de  Pr\u00e9fet des  Hauts-de-Seine  ;\nVu  l'\u00e9t\u00e9  interminist\u00e9riel du  12 ao\u00fbt  2025  nommant  Monsieur  Fabrice  MASI,  Directeur\nr\u00e9gional  et interd\u00e9partemental de l'\u00e9conomie,  de l'emplo,  du  travail et des  soldartes  dll\nde-France  \u00e0 compter  du  25  ao\u00fbt  2025\nVu  l'arr\u00eat\u00e9 pr\u00e9fectoral n\u00b02025-33  du  22  ao\u00fbt  2025  par  lequel le Pr\u00e9fet des  Hauts-de-Seine\nd\u00e9l\u00e8gue  sa signature \u00e0 Monsieur  Fabrice MASI, Directeur r\u00e9gional et interd\u00e9partemental\nde l'\u00e9conomie, de l'emploi, du travail et des solidarit\u00e9s d'le-de-France\nVu  la d\u00e9cision  n\u00b0 2025-187  du  25  ao\u00fbt  2025  portant  subd\u00e9l\u00e9gation  de  signature  de  Monsieur\nFabrice  MASI,  Directeur  r\u00e9gional et interd\u00e9partemental  de  l'\u00e9conomie,  de  l'emploi. du\ntravail et des  soidari\u00e9s  dle-de-France,  aux  agents  de  l'Unit\u00e9 d\u00e9partemental  des  Hauts\nde-Seine  ;\nVu  la d\u00e9claration d'activit\u00e9s de services  \u00e0 la personne  d\u00e9pos\u00e9es  le 12 octobre  2025 au nom\nde  la micro-entreprise  S\u00e9bastien  RAIGNAULT  sise 14  avenue  du  Parc  \u00e0 VANVES\n(82170):\n\n'Apr\u00e8s examen  du dossier, cette demande  \u00e9tant conforme aux dispositions de Faticle L, 7232-1-\n1 du  code  du  travail, le pr\u00e9sent  r\u00e9c\u00e9piss\u00e9  de  d\u00e9claration  d'activit\u00e9s de  services  \u00e0 la personne  a\nt\u00e9  enregistr\u00e9  au  nom  de  la micro-entreprise  S\u00e9bastien  RAIGNAULT  sous  le num\u00e9ro  SAP\n511991275,\nLes  activit\u00e9s d\u00e9clar\u00e9es  sont  les suivantes, \u00e0 exclusion  de  toute  autre\n= Soutien  scolaire  ou  cours  \u00e0  domicile  ;\nPrestations  relevant du  b\u00e9n\u00e9fice  dela  r\u00e9duction  d'imp\u00f4t  pr\u00e9vue  \u00e0 l'article 199  sexdecies  du  Code\nG\u00e9n\u00e9ral  des  Imp\u00f4ts.\nLa  structure  exerce ces activit\u00e9s  selon  le mode  suivant :  PRESTATAIRE\n'Sous  r\u00e9serve  d'\u00eatre exerc\u00e9es  \u00e0  tire exclusif parle  d\u00e9clarant  (ou  sous  r\u00e9serve  d une  comptabiit\u00e9\ns\u00e9par\u00e9e  pour  les personnes  morales  dispens\u00e9es de la condition  d'activit\u00e9 exclusive) ces  activit\u00e9s\nouvrent  droit au b\u00e9n\u00e9fice  des  dispositions des  articles L. 7233-2  du  code  du travail et L. 241-10\ndu  code  de  la s\u00e9curt\u00e9  sociale.\nConform\u00e9ment  aux  dispositions de l'articie R7232-19 du code  du  travail l'organisme  d\u00e9clar\u00e9  dot\nproduire au moins chaque  timestre un \u00e9tat d'activit\u00e9 et chaque ann\u00e9e  un bilan quantitatif et\nqualtatf de l'actit\u00e9 exerc\u00e9e  au  tire de l'ann\u00e9e \u00e9coul\u00e9e  ainsi qu'un tableau statistique annuel.\nSi organisme  d\u00e9clar\u00e9  comporte  plusieurs  \u00e9tablissements,  les \u00e9tats statistiques et le bilan annuel\ndistinguent  l'activit\u00e9 exerc\u00e9e  par  chaque  \u00e9tablissement.\nLe  pr\u00e9sent  r\u00e9c\u00e9piss\u00e9  prond  affot lo 12  octobre  2028.\nL'enregistrement de la d\u00e9claration  pourra  \u00eatre retir\u00e9 si l'organisme  d\u00e9clar\u00e9  cesse  de  remplir\nles conditions  ou  de  respecter  les obligations  mentionn\u00e9es  aux  4\u00b0,6\u00b0 et 6\u00b0 de  l'article\n7232-17  ou  qui  m\u00e9connait  les obligations  d\u00e9finies  \u00e0  l'article R7232-19  du  code  du  travail.\n'Toute modification concemant  la structure d\u00e9clar\u00e9e ou les activit\u00e9s exorc\u00e9es devra sous\npone  de  reta  de la d\u00e9caraton,  fae  Tobjet dune  d\u00e9claration modiicalve  aupr\u00e9s  de  Uni\n'S\u00e9partementaie  des  Hauts-de-Seine\nLe pr\u00e9sentr\u00e9cdpese  ser  publi\u00e9 au recuel des  actes adminisratfs  dela  pr\u00e9fecture des  Hauts-\nde-Seine\nFait \u00e0  Nanterre, le 20 octobre  2025,\nPour  le Pr\u00e9fot\nPar  d\u00e9l\u00e9gation  ot subd\u00e9l\u00e9gation\nLa  Responsable  du sorvice\nD\u00e9veloppement  de  l'emploi  ot des\ncomp\u00e9tences\nMariama  CONDE\n\nEs  Direction r\u00e9gionale et interd\u00e9partementale\nde  l'\u00e9conomie,  de  l'emploi,\nBUVRANAIL, DE LA SANT\u00c9, di travall et des slidartes\nDES  SOLIDARIT\u00c9S\nET  DES  FAMILLES\n=.\nR\u00e9c\u00e9piss\u00e9  n*2025-561  do  d\u00e9claration d'activit\u00e9s de  services \u00e0 la personne\nenregistr\u00e9e  sous  le n\u00b0 SAP991925074  au  nom  de  la micro-entreprise  SPAZZIN\nFERNANDA  sise  49  Rue  des  Sorri\u00e8res  \u00e0 ANTONY  (92160)\nLE  PREFET  DES  HAUTS-DE-SEINE\nVu  la loi n\u00b0 2010-859  du 23 jullet 2010  relative aux  r\u00e9seaux  consulaires, au commerce  et \u00e0\nl'artisanat et aux  services  (article 31);\nVu  la li n\u00b020151776  du 28  d\u00e9cembre  2016  relative \u00e0 adaptation  de  la soci\u00e9t\u00e9 au\nviilissement ;\nVu  l'article D7231-1  du  Code  du travail\nVu  les d\u00e9crets n\u00b0 2011-1132  et n\u00b0 2011-1133  du  20 septembre  2011  modifiant certaines.\ndispositions du Code  du  travail, relatives au ch\u00e8que  emplokservice  universel et aux\nservices  \u00e0 la personne  ;\nVu  le d\u00e9cretn\u00b02016-780  du 6 juin 2016  relatif \u00e0 la liste des  activit\u00e9s de services \u00e0 la personne\nsoumises \u00e0 agr\u00e9ment ou \u00e0 autorisation dans  le cadre  du r\u00e9gime  commun  de la d\u00e9claration ;\nVu  le d\u00e9cret du 31 octobre 2024  portant nomination de  Monsieur  Alexandre  BRUGERE,\nquait\u00e9 de Pr\u00e9fet des Hauts-de-Seine ;\nVu  Farr\u00e9te interminist\u00e9riel du  12 ao\u00fbt 2025  nommant  Monsieur  Fabrice MASI, Directeur\nr\u00e9gional et interd\u00e9partemental de \u00e9conomie,  de l'emplo, du  travailet des sobdarit\u00e9s dll\nde-France \u00e0 compter  du 25 ao\u00fbt  2025 ;\nVu  l'arr\u00eat\u00e9 pr\u00e9fectoral n'2026-33  du  22  ao\u00fbt 2025  par lequel le Pr\u00e9fet des  Hauts-de-Seine\nd\u00e9l\u00e8gue  sa signature \u00e0 Monsieur  Fabrice MASI,  Directeur r\u00e9gional et interd\u00e9partemental\nde l'\u00e9conomie, de l'emploi, du travail et des solidant\u00e9s d'\u00cele-de-France;\nVu  la d\u00e9cision n\u00b0 2025-187  du  25 ao\u00fbt 2025  portant subd\u00e9l\u00e9gation de  signature de  Monsieur\nFabrice MASI,  Directeur r\u00e9gional et interd\u00e9partemental de l'\u00e9conomie, de  l'emploi, du\ntravail et des  solidarit\u00e9s d'le-de-France, aux  agents  de Unit\u00e9 d\u00e9partementale  des Hauts-\nde-Seine\nVu  la d\u00e9claration d'activit\u00e9s de  services \u00e0 la personne  d\u00e9pos\u00e9es  le 13 octobre 2025  au nom\nde la micro-entreprise SPAZZIN  FERNANDA  sise 49 Rue  des  Sorri\u00e8res \u00e0 ANTONY\n(82160):\n\n'Apr\u00e8s examen  du  dossier, cette demande  \u00e9tant conforme  aux  dispostions  de  article L. 7232-1-\n1 du  code  du  traval,  le pr\u00e9sent  r\u00e9c\u00e9piss\u00e9  de  d\u00e9ciaration  \u00a2  activit\u00e9s de services  \u00e0  la personne  a\n\u00e9t\u00e9  enregistr\u00e9  au  nom  de  la micro-entreprise  SPAZZIN  FERNANDA  sous  le num\u00e9ro  SAP\n1991925074\nLes  actvit\u00e9s  d\u00e9clar\u00e9es  sont  les  suivantes,  \u00e0  exclusion  de  toute  autre\nEntretien  de  la maison  et travaux  m\u00e9nagers  ;\nPrestations  relevant du  b\u00e9n\u00e9fice  de  a  r\u00e9duction  d'imp\u00f4t  pr\u00e9vue  \u00e0 Varticie 199  sexdecies  du  Code\nGeneral  des  Imp\u00f4ts.\nLa  structure  exerce  ces  activit\u00e9s  selon  le mode  suivant : PRESTATAIRE\nSous  r\u00e9serve  d'\u00eatre exerc\u00e9es  a ttre exclusif parle d\u00e9clarant  (ou sous r\u00e9serve  d'une  comptabiit\u00e9\ns\u00e9par\u00e9e  pour  les personnes  morales  dispens\u00e9es  de la condition d activit\u00e9 exclusive), ces  activit\u00e9s\nouvrent  droit au b\u00e9n\u00e9fice  des  dispositions des  articles L. 7233-2  du  code  du  travall et L. 241-10\ndu  code  de la s\u00e9curit\u00e9 sociale.\nConform\u00e9ment  aux  dispositions  de  Fartcle R7232-19  du  code  du  travail, l'organisme  d\u00e9clar\u00e9  dot\nproduire au moins chaque  timestre un \u00e9tat d'activit\u00e9 et chaque  ann\u00e9e  un bilan quantitatif et\n'qualtaif de Tactvit\u00e9 exerc\u00e9e  au tre  de l'ann\u00e9e  \u00e9coul\u00e9e  ainsi qu'un tableau  statistique annuel.\nSi l'organisme  d\u00e9clar\u00e9  comporte  plusieurs  \u00e9tablissements,  les \u00e9tats statistiques et le bilan annuel\ndistinguent  l'actit\u00e9  exerc\u00e9e  par  chaque  \u00e9tablissement.\nLo  pr\u00e9sent  r\u00e9c\u00e9piss\u00e9  prend  effet le 13  octobre  2028.\n'enregistrement de la d\u00e9claration  pourra  tre  retir\u00e9si l'organisme  d\u00e9clar\u00e9  cesse de remplir\nles  conditions  ou  de  respecter  les obligations  mentionn\u00e9es  aux  4\u00b0,5\u00b0 et 6\u00b0\n'R7232-17  ou  qui  m\u00e9connalt  los obligations  d\u00e9finies  \u00e0 l'article R7232-19  du  code  du  trav\n'Toute modification concemant la structure d\u00e9clar\u00e9e ou les activit\u00e9s exerc\u00e9es devra, sous\npeine  de  retrait de  la d\u00e9claration, faire l'objet dune  d\u00e9ciaration  modifcative  aupr\u00e8s  de  (Unite\nd\u00e9partementale  des  Hauts-de-Seine.\nLe  pr\u00e9sent  r\u00e9c\u00e9piss\u00e9  sera  publi\u00e9 au  recueil  des  actes  administratifs de  la pr\u00e9fecture  des  Hauts-\nde-Seine.\nFait  \u00e0 Nanterre, le 20 octobre  2025,\nPour  le  Pr\u00e9fet\nPar  d\u00e9l\u00e9gation  et subd\u00e9l\u00e9gation\nLa  Responsable  du  service\nD\u00e9veloppement  de  l'emploi  et  des\n\n=a  Direction r\u00e9gionale et interd\u00e9partementale\nMINISTERE de l'\u00e9conomie, de l'emploi,\nDU  TRAVAIL, DE LA SANT\u00c9, du travail et des solidarit\u00e9s\nDES  SOLIDARITES\nET  DES  FAMILLES\nA\nR\u00e9c\u00e9piss\u00e9  n\u00b02028-562  de  d\u00e9claration  d'activit\u00e9s de  services  \u00e0 la personne\nenrogistr\u00e9e  sous  le n\u00b0 SAP980400212  au  nom  de  la micro-entreprise  SEBIHI\nWahiba  sise  5 Avenue  Jean  Jaur\u00e8s \u00e0 COLOMBES  (92700)\nLE  PREFET  DES  HAUTS-DE-SEINE\nVu  la loi n\u00b0 2010-853 du 23 juilet 2010 relative aux r\u00e9seaux consulaires, au commerce et \u00e0\nl'artisanat et aux  services (article 31):\n'Vu la loi n\u00b02015-1776 du 28 d\u00e9cembre  2015 relative \u00e0 l'adaptation de la soci\u00e9t\u00e9 au\nvieilissement ;\nVu  article  07231-1  du  Code  du  travail\nVu  les d\u00e9crets n\u00b0 2011-1132 et n\u00b0 2011-1133 du 20 septembre 2011 modifant certaines\ndispositions du Code  du travail, relatives au ch\u00e8que emploi-service universel et aux\nservices \u00e0 la personne  ;\n'Vu le d\u00e9cret 2016-750  du 6 jun 2016 relatif \u00e0 la ist des activit\u00e9s de services \u00e0 la personne\nsoumises  & agr\u00e9ment  ou \u00e0 autorisation dans  le cadre  du r\u00e9gime commun  de la d\u00e9claration ;\nVu  le d\u00e9cret du 31 octobre 2024 portant nomination de Monsieur Alexandre BRUGERE,  en\nquait\u00e9 de  Pr\u00e9fet des  Hauts-de-Seine\nVu  Farr\u00e9te interminist\u00e9riel du 12 ao\u00fbt 2025 nommant  Monsieur Fabrice MASI, Directeur\nr\u00e9gional tinterd\u00e9partemental  de l'\u00e9conomie, de l'emploi, du travailet des solidarit\u00e9s d'le-\nde-France  \u00e0 compter  du  25  ao\u00fbt  2025\nVu  l'ar\u00eat\u00e9 pr\u00e9fectoral n\u00b02025-33  du 22 ao\u00fbt 2025  par lequel le Pr\u00e9fet des  Hauts-de-Seine\nd\u00e9l\u00e8gue  sa signature \u00e0 Monsieur  Fabrice MASI,  Directeur r\u00e9gional et interd\u00e9partemental\nde l'\u00e9conomie, de l'emploi, du travail et des soldartes d'le-de-France ;\nVu  la d\u00e9cision n\u00b0 2026-187  du 25 ao\u00fbt 2025  portant subd\u00e9l\u00e9gation de  signature de  Monsieur\nFabrice MASI,  Directeur r\u00e9gional et interd\u00e9partemental de  l'\u00e9conomie, de  l'emploi, du\ntravail et des  soldari\u00e9s  d'\u00cele-de-France, aux agents de  Unit\u00e9  d\u00e9partementale  des  Hauts-\nde-Seine  ;\nVu  la d\u00e9claration d'activit\u00e9s de services \u00e0 la personne d\u00e9pos\u00e9es le 20 octobre 2025 au nom\nde la micro-entreprise SEBIHI Wahiba sise 5 Avenue  Jean  Jaur\u00e8s \u00e0 COLOMBES  (92700) ;\n\nApr\u00e8s  examen  du dossier  cette demande  \u00e9tant conforme  aux  dispositions de  l'article L. 7232\n1 du  code  du traval le pr\u00e9sent  r\u00e9c\u00e9piss\u00e9  de d\u00e9claration d'activit\u00e9sde services \u00e0 la personne a\n\u00e9t\u00e9  enregistr\u00e9  au  nom  de  la micro-entreprise  SEBIHI  Wahiba  sous  le num\u00e9ro  SAP  980400212.\nLes  activit\u00e9s d\u00e9ciar\u00e9es  sont les suivantes, \u00e0  l'exclusion de  toute autre\n= Entrotion  de la  maison  et  travaux  m\u00e9nagers  ;\n= Garde  d'enfants  de  plus  de  trois  ans  \u00e0  domicile  ;\nPrestations  relevant  du  b\u00e9n\u00e9fice  de  la r\u00e9duction  d'imp\u00f4t  pr\u00e9vue  \u00e0  l'article 199  sexdecies  du  Code\n(G\u00e9n\u00e9ral  des  Imp\u00f4ts.\nLa  structure  exerce  ces  activit\u00e9s  selon  le mode  suivant :  PRESTATAIRE\n'Sous  r\u00e9serve  d'\u00eatre exerc\u00e9es  \u00e0 tire exclusif par  le  d\u00e9clarant  (ou sousr\u00e9serve d'une  comptabiit\u00e9\ns\u00e9par\u00e9e  pour  les personnes  morales  dispens\u00e9es  de la condition d'actit\u00e9  exclusive) ces  activit\u00e9s\n'ouvrent  droit au b\u00e9n\u00e9fice  des  dispositions des  articles L. 7233-2  du code  du travall et L. 241-10,\ndu code  de la s\u00e9curt\u00e9  sociale.\n'Conform\u00e9ment  aux  dispositions  de  l'article R7232-19  du  code  du  traval, l'organisme  d\u00e9clar\u00e9  doit\nproduire au moins  chaque  trimestre un \u00e9tat dactivt\u00e9 et chaque  ann\u00e9e  un bilan quantitatif et\nquaitatf de Factivt\u00e9 exerc\u00e9e au tire de l'ann\u00e9e \u00e9coul\u00e9e ainsi qu'un tableau statistique annuel.\nSi l'organisme  d\u00e9clar\u00e9  comporte  plusieurs  \u00e9tablissements,  les \u00e9tats statistiques etl  ban  annuel\ndistinguent  activit\u00e9 exerc\u00e9e  parchaque  \u00e9tablissement\nLe  pr\u00e9sent  r\u00e9c\u00e9piss\u00e9  prend  effet le 20  octobre  2028.\nL'enrogistroment de la d\u00e9claration  pourra  \u00eatre ratir\u00e9 si l'organisme  d\u00e9clar\u00e9  cesse  de remplir\nles conditions  ou  de  respecter  les obligations  montionn\u00e9es  aux  4\u00b0,5\u00b0 ot 6\u00b0 do l'article\nR7232-17  ou  qui  m\u00e9connait  les obligations  d\u00e9finies \u00e0 l'article R7232-19 du  code  du  travail\nF devra, sou\nDeine do retrait de a d\u00e9claration, fave Tobjet dune  d\u00e9claration modfcatve  aupr\u00e9s de F\u00dcnt\u00e9\nd\u00e9partementale  des  Hauts-de-Seine.\nLe  Brent  bcp  sera  pu  a  ecu  ds  acts  admitted  la pr\u00e9fecture des  Hauts\nje-Seine.\nFait \u00e0  Nanterre,  le 20  octobre 2025.\nPour  le Pr\u00e9fet\nr d\u00e9l\u00e9gation  et subd\u00e9l\u00e9gation\nLa  Responsable  du  service\nD\u00e9veloppement  de  l'emploi  et des\ncomp\u00e9tences\n\nvu\nvu\nvu\nvu\nvu\nvu\nvu\nvu\nvu\nvu\nvu\nvu\nneva  rue\nPREFECTURE  DES  HAUTS-DE-SEINE\nLE  PREFET  DES  HAUTS-DE-SEINE\nArr\u00f4t\u00e9  N\u00b0  2025-563\nReconnaissant  la qualit\u00e9 de  Soci\u00e9t\u00e9  Coop\u00e9rative\nOuvri\u00e8re  de  Production  (SCOP)\nLe d\u00e9cret n\u00b0 82-389 du 10 mai 1982 relaif aux pouvoirs des  pr\u00e9fets\nla loi n\u00b0 47-1775  du  10 septembre  1947  portant statut de  a  coop\u00e9ration ;\nla loi n\u00b0 78-763  du 19 jullet 1978  portant statut des  Soci\u00e9t\u00e9s Coop\u00e9ratives  Ouvri\u00e8res de\nProduction,  et notamment  son  article 54\nla loi n\u00b0 92-643  du  13jullet 1992  relative \u00e0 la modernisation des entreprises coop\u00e9ratives\nLe code des march\u00e9s  publics, et notamment  es  articles 53 et 91 dudit code ;\nLe d\u00e9cret n\u00b0 87-276 du 16 avril 1987 portant modification du d\u00e9cret n\u00b0 79-376 du 10 mai\n1978 fixant les conditions d'\u00e9tablissement de la liste des Soci\u00e9t\u00e9s Coop\u00e9ratives Ouvri\u00e8res\n'de Production  ;\nle d\u00e9cret n\u00b0 97-34 du 15 janvier 1997 relatf \u00e0 la d\u00e9concentration des d\u00e9cisions\nadministratives  individuelles ;\nLe d\u00e9cret n\u00b0 93-485  du 23  mars  1903  relatf \u00e0 la sortie du  statut coop\u00e9ratif ;\nle d\u00e9cret n\u00b0 93-1231  du 10 novembre  1993  relatif\nSoci\u00e9t\u00e9 Coop\u00e9rative  Ouvri\u00e8re de Production ;\nla reconnaissance  de  la quait\u00e9  de\nle d\u00e9cret du 31 octobre 2024  portant nomination de Monsieur Alexandre BRUGERE,  en\nqualit\u00e9 de Pr\u00e9fet des  Hauts-de-Seine ;\nl'arr\u00eat\u00e9 interminist\u00e9riel 12 ao\u00fbt 2025  nommant  Monsieur Fabrice MASI, Directeur,\nr\u00e9gional et interd\u00e9partemental de l'\u00e9conomie, de  l'emploi, du travail et des solidarit\u00e9s\ndle-de-France  \u00e0  compter  du  25  ao\u00fbt  2025  ;\nl'arr\u00eat\u00e9 pr\u00e9fectoral n\u00b02025-33  du  22 ao\u00fbt 2025  par lequel le Pr\u00e9fet des  Hauts-de-Seine\nd\u00e9l\u00e8gue  sa signature \u00e0 Fabrice MASI, Directeur r\u00e9gional et interd\u00e9partemental de\nl'\u00e9conomie, de l'emploi, du travailet des solidarit\u00e9s d'\u00cele-de-France\n\n'Vu la d\u00e9cision  n\u00b0 2025-157  du  25  ao\u00fbt  2025  portant  subd\u00e9l\u00e9gation  de  signature de Monsieur\nFabrice  MASI,  Directeur  r\u00e9gional  et  interd\u00e9partemental  de  l'\u00e9conomie,  de  l'emploi, du,\naval  et des  solidarit\u00e9s dlle-de-France,  aux  agents  de  l'Unit\u00e9 d\u00e9partementale  des  Hauts-\nde-Seine  ;\n'Vu l'avis de  la Conf\u00e9d\u00e9ration  G\u00e9n\u00e9rale  des  Soci\u00e9t\u00e9s  Coop\u00e9ratives  Ouvri\u00e8res  de  Production  en\ndate  du  16  octobre  2025,\nARRETE\nArticle 1\": La soci\u00e9t\u00e9 AGENCE  DE  PRESSE  SOCOPAG  - 14-30 Rue  de Mantes  \u2014 92700\nCOLOMBE,  est  hablit\u00e9e  \u00e0 prendre  l'appellation de Soci\u00e9t\u00e9  Coop\u00e9rative  Ouvri\u00e8re  de  Production\nou  de  Soci\u00e9t\u00e9  Coop\u00e9rative de Travaileurs  ou \u00e0  utiliser cette appellation ou les intiales \u00ab S.C.O.P.  \u00bb\nainsi qu'\u00e0  pr\u00e9tendre  au  b\u00e9n\u00e9fice  des  dispositions  pr\u00e9vues  par  les textes  l\u00e9gislatifs o\u00f9\nr\u00e9glementaires relatifs aux Soci\u00e9t\u00e9s Coop\u00e9ratives Ouvri\u00e8res de Production.\n: Cette  m\u00eame  soci\u00e9t\u00e9  pourra  pr\u00e9tendre  au  b\u00e9n\u00e9fice  des  avantages  pr\u00e9vus  aux articles 53\net 91  du  code  des  march\u00e9s  publics,\nArticle3: Linabiltation accord\u00e9e en vert du pr\u00e9sent arr\u00eat\u00e9, \u00e0 la soci\u00e9t\u00e9 vis\u00e9e \u00e0 Tarte  1\u00b0, est\nvalable, sous  r\u00e9serve des  dispositons  des  articles 2 et 4 du d\u00e9cret n\u00b0 93-1231  du 10 novembre\n1903  relat  \u00e0 a  reconnaissance  de la qualt\u00e9  de  Soci\u00e9t\u00e9  Cooperative  Ouvri\u00e8re  de  Production,  \u00e0\ncompter  dela  date  dinscripton  en  tant que  de  Soci\u00e9t\u00e9  Coop\u00e9rative  Ouvri\u00e8re  de  Production  au\nregistre du  commerce,  et jusqu'\u00e0  radiation prononc\u00e9e  dans  les condiions  pr\u00e9vues  par  les arlcles\nSet7  du  m\u00eame  texte\nFait \u00e0 Nanterre,  le 20  octobre  2025\nPour  le Pr\u00e9fot\nPar  d\u00e9l\u00e9gation  et subd\u00e9l\u00e9gation\nLa  Responsable  du  service\nD\u00e9veloppement  de  l'emploi  ot des\ncomp\u00e9tences.\n\nvu\nvu\nvu\nvu\nvu\nvu\nvu\nvu\nPREFECTURE  DES  HAUTS-DE-SEINE\nLE  PREFET  DES  HAUTS-DE-SEINE\nArr\u00eat\u00e9  N\u00b0  2025-564\nReconnaissant  la qualit\u00e9 de  Soci\u00e9t\u00e9 Coop\u00e9rative\nOuvri\u00e8re  de  Production  (SCOP)\nLe  d\u00e9cret n\u00b0 82-389 du 10 mai 1982 relatif aux pouvoirs des pr\u00e9fets\nla loi n\u00b0 47-1775 du 10 septembre  1947  portant statut de la coop\u00e9ration ;\nla loi n\u00b0 78-763 du 19 jullet 1978  portant statut des Soci\u00e9t\u00e9s Coop\u00e9ratives Ouvri\u00e8res de\nProduction,  et notamment  son  article 54  ;\nLa oi n\u00b0 92-643 du 13 jullet 1992 relative \u00e0 la modernisation des entreprises coop\u00e9ratives\nLe code des march\u00e9s  publics, et notamment  es  artcies53 et 91 dudit code\nle d\u00e9cret n\u00b0 87-276 du 16 avril 1987 portant modification du d\u00e9cret n\u00b0 79-376 du 10 mai\n1978 fixant les conditions d'\u00e9tablissementde a  liste des Soci\u00e9t\u00e9s Coop\u00e9ratives Ouvri\u00e8res\n'de Production\nle d\u00e9cret n\u00b0 97-34 du 15 janvier 1997 relatif \u00e0 la d\u00e9concentration des d\u00e9cisions\nadministratives  individuelles  ;\nle d\u00e9cretn\u00b0 93-455 du 23 mars 1993 relatif \u00e0 la sortie du statut coop\u00e9rati\nle d\u00e9cret n\u00b0 93-1231  du  10 novembre  1993  relat\nSoci\u00e9t\u00e9 Coop\u00e9rative Ouvri\u00e8re de Production ;\nla reconnaissance  de  la qualit\u00e9 de\nLe d\u00e9cret du 31 octobre 2024 portant nomination de Monsieur Alexandre BRUGERE,  en\nqualit\u00e9 de Pr\u00e9fet des  Hauts-de-Seine ;\nl'arr\u00eat\u00e9 interminist\u00e9riel 12 ao\u00fbt 2025  nommant  Monsieur  Fabrice MASI, Directeur,\nr\u00e9gionalet interd\u00e9partemental de l'\u00e9conomie, de l'emploi, du travail et des solidarit\u00e9s\ndile-de-France  \u00e0 compter  du  25  ao\u00fbt 2025  ;\nl'arr\u00eat\u00e9 pr\u00e9fectoral n\u00b02025-33 du 22 ao\u00fbt 2025  par lequel le Pr\u00e9fet des  Hauts-de-Seine\nd\u00e9l\u00e8gue  sa signature \u00e0 Fabrice MASI, Directeur r\u00e9gional et interd\u00e9partemental de\nl'\u00e9conomie, de l'emploi, du travailet des solidart\u00e9s d'\u00cele-de-France ;\n\n'Vu la d\u00e9cision  n\u00b0 2025-157  du  25  ao\u00fbt  2025  portant  subd\u00e9l\u00e9gation  de  signature  de  Monsieur\nFabrice  MASI,  Directeur  r\u00e9gional  et interd\u00e9partemental  de  l'\u00e9conomie,  de  l'emploi, du,\ntravail et des  solidant\u00e9s  dle-de-France,  aux  agents  de  I Unit\u00e9  d\u00e9partementale  des  Hauts-\nde-Seine  ;\nVu  avis  dela  Conf\u00e9d\u00e9ration  G\u00e9n\u00e9rale des  Soci\u00e9t\u00e9s  Coop\u00e9ratives  Ouvri\u00e8res de Production en\n'date du  16  octobre  2025.\nARRETE\nArticle 4* : La  soci\u00e9t\u00e9  INTIS ~ 6 Avenue  Jean  Jaures ~ 92240  MALAKOFF,  est  habit\u00e9e \u00e0 prendre\nl'appellation de  Soci\u00e9t\u00e9 Coop\u00e9rative  Ouvri\u00e8re de Production  ou  de  Soci\u00e9t\u00e9 Coop\u00e9rative  de\n'Travailleurs ou  \u00e0 utiliser cette appellation  ou  les intiales \u00ab S.C.O.P.  \u00bb ainsi qu'\u00e0  pr\u00e9tendre  au\nb\u00e9n\u00e9fice  des  dispositions  pr\u00e9vues  par  les textes l\u00e9gislatifs ou  r\u00e9glementaires  relais  aux  Soci\u00e9t\u00e9s\nCoop\u00e9ratives  Ouvri\u00e8res  de  Production\nArticle2 : Cette m\u00eame  soci\u00e9t\u00e9 pourra pr\u00e9tendre au b\u00e9n\u00e9fice des avantages pr\u00e9vus aux articles 53\nfet 91 du code  des  march\u00e9s  publics,\nArticle3: L'hablitation accord\u00e9e en vertu du pr\u00e9sent arr\u00eat\u00e9, \u00e0 la soci\u00e9t\u00e9 vis\u00e9e \u00e0 l'article 1%, est\nvalable, sous  r\u00e9serve des  dispositions des  articles 2 et 4 du  d\u00e9cret n\u00b0 93-1231  du  10 novembre\n1993  relatif \u00e0 la reconnaissance  de  la qualit\u00e9 de  Soci\u00e9t\u00e9  Cooperative  Ouvri\u00e8re  de  Production,\ncompter  de  la date dinscription en tant que  de  Soci\u00e9t\u00e9 Coop\u00e9rative  Ouvri\u00e8re  de  Production au\nregistre du commerce,  et jusqu'\u00e0 radiation prononc\u00e9e dans les conditions pr\u00e9vues  par les articles\n6 et 7 du  m\u00eame  texto,\nFait \u00e0  Nanterre, le 20 octobre  2025\nPour  le Pr\u00e9fot\nd\u00e9l\u00e9gation  et subd\u00e9l\u00e9gation\nLa  Responsable  du  service\nD\u00e9veloppement  de  l'emploi et des\ncomp\u00e9tences\n\n=a  Direction  r\u00e9gionale  ot interd\u00e9partementale\nMINISTERE  de l'\u00e9conomie, de l'emploi,\nDU  TRAVAIL,  DE LA SANTE,  du travail et des solidarit\u00e9s\nDES  SOLIDARIT\u00c9S\nET  DES  FAMILLES\nA\nR\u00e9c\u00e9piss\u00e9  n*2025-565  de  d\u00e9claration  modificative  d'activit\u00e9s  de  services  \u00e0 la\npersonne  enregistr\u00e9e  sous  le n\u00b0 SAP  989258389  au nom  de  la micro-entreprise\nFORSTER  JULIEN  sise  3 Rue  du  11 Novembre  1918  \u00e0 CLICHY (92110)\nLE  PREFET  DES  HAUTS-DE-SEINE\nVu  la loi n\u00b0 2010-853  du  23  jullet 2010\nFartisanat et aux  services  (article 31);\nVu  la loi n\u00b02018-1778  du  28  d\u00e9cembre  2015  relative \u00e0 l'adaptation de  la soci\u00e9t\u00e9  au\nveilissement\ntive aux  r\u00e9seaux  consulaires,  au commerce et \u00e0\nVu  l'aricie 07231-1  du  Code  du  travail;\nVu  les d\u00e9crets  n\u00b0 2011-1132  et n\u00b0 2011-1133  du  20  septembre  2011  modifiant  certaines\ndispostions du  Code  du  travail, relatives au  ch\u00e8que  emplo-service  universel et aux\n'services \u00e0 la personne\nVu  le d\u00e9cret  n\u00b02016750 du 8 juin 2016 relat.\n'soumises \u00e0 agr\u00e9ment  ou  \u00e0 autorisationda\nliste des  activit\u00e9s de  services  \u00e0 la personne\ncadre  dur\u00e9gime  commun  dela d\u00e9claration  ;\nVu  le d\u00e9cret  du  31 octobre  2024  portant  nomination  de  Monsieur  Alexandre  BRUGERE,  en\nqualit\u00e9 de Pr\u00e9fet des  Hauts-de-Seine\nVu  l'ar\u00e9t\u00e9  interminist\u00e9riel du  12 ao\u00fbt  2025  nommant  Monsieur  Fabrice  MASI,  Directeur\nr\u00e9gional et interd\u00e9partemental  de  l'\u00e9conomie, de l'emploi, du  travail et des  solidarit\u00e9s cle\nde-France  \u00e0 compter  du  25  ao\u00fbt  2025  ;\nVu  l'arr\u00e9t\u00e9 pr\u00e9fectoral n\u00b0202533  du 22 ao\u00fbt 2025  par lequel le Pr\u00e9fet des  Hauts-de-Seine\nd\u00e9l\u00e8gue  sa signature  \u00e0 Monsieur  Fabrice  MASI,  Directeur  r\u00e9gional  et interd\u00e9partemental\nde l'\u00e9conomie, de l'emploi, du traval et des solidarit\u00e9s d'le-de-France\n'Vu la d\u00e9cision  n\u00b0 2025-187  du  25  ao\u00fbt  2025  portant  subd\u00e9l\u00e9gaton  de  signature  de  Monsieur\nFabrice  MASI,  Directeur  r\u00e9gional et interd\u00e9partemental  de  l'\u00e9conomie,  de  l'emploi, du\navai  et des solidarit\u00e9s d'Ile-de-France, aux  agents  de  l'Unit\u00e9 d\u00e9partementale  des  Hauts-\nde-Seine  ;\n\nVu  le r\u00e9c\u00e9piss\u00e9  de  d\u00e9ctaration  d  activit\u00e9  de  services  \u00e0  la personne  n\u00b02025-374  du\n21 juilet 2025  enregistr\u00e9  sous  le num\u00e9ro  SAP9B9258389  au nom  de  la micro-entreprise\nFORSTER  JULIEN;\nVu  la d\u00e9claration  d  activit\u00e9s  de  services  \u00e0  la personne  enregistr\u00e9e  sous  le num\u00e9ro\n'SAP989258389  par  la micro-entreprise  FORSTER  JULIEN  sise au  3 Rue du 11 Novembre\n4918-92110  CLICHY.\nVu  la  demande  de  modification  d\u00e9pos\u00e9es  le 29 Jullet  2025  au  nom  de  la micro-entreprise\nFORSTER  JULIEN  ;\n{Consid\u00e9rant  que  cette  modification  vise  \u00e0  modifier  activit\u00e9  de  services  \u00e0  la personne  non\nsoumises  \u00e0  agr\u00e9ment  n  autorisation  et  que  le dossier  de  demande  est  conforme  aux\ndisposons  de l'article L. 7232-1-1  du  Code  du  traval ;\n= Le  r\u00e9c\u00e9piss\u00e9  de  d\u00e9claration  d'actit\u00e9s  de  services  \u00e0 la  personne  n\u00b02028-374  en  date  du\n21 jullet 2025  est modif\u00e9  comme  suit\nLes  activit\u00e9s d\u00e9ciar\u00e9es  parla  micro-entreprise  FORSTER  JULIEN  sont les suivantes \u00e0\nFexclusion  de  toute autre\nEntretien  de  la maison  et travaux  m\u00e9nagers  ;\nPrestations  relevant  du  b\u00e9n\u00e9fice  de  a  r\u00e9duction  d'imp\u00f4t  pr\u00e9vue  \u00e0 article 199  sexdecies  du  Code\nG\u00e9n\u00e9ral  des  Imp\u00f4ts\nLa  structure  exerce  ces  activit\u00e9s  selon  le mode  suivant  :PRESTATAIRE\nSous  r\u00e9serve d'\u00eatre exerc\u00e9es  \u00e0  ttre exclusf  par  le d\u00e9clarant  (ou  sous  r\u00e9serve  d'une  comptabiit\u00e9\n's\u00e9par\u00e9e pour les personnes morales dispens\u00e9es de la condition activit\u00e9 exclusive). ces activit\u00e9s\nouvrent  droit au  b\u00e9n\u00e9fice  des  dispositions  des  articles L. 7233-2  du  code  du  travail et L. 241-10\ndu  code  de  la s\u00e9curt\u00e9  sociale.\nConform\u00e9ment  aux dispositions de l'article R7232-19 du code  du  traval organisme  d\u00e9clar\u00e9  doit\nproduire au moins  chaque  tmestre  un \u00e9tat d'activit\u00e9 et chaque  ann\u00e9e  un bilan quanttatf et\nqualtatf de l'activit\u00e9 exerc\u00e9e  au  tire de  l'ann\u00e9e \u00e9coul\u00e9e  ainsi qu'un tableau statistique annuel.\nSi  'organisme  d\u00e9clar\u00e9  comporte  plusieurs  \u00e9tablissements  les  \u00e9tats  statistiques  et  le bilan  annuel\ndistinguent  l'activit\u00e9 exerc\u00e9e  par  chaque  \u00e9tablissement.\nL'enregistrement  de  la d\u00e9claration  pourra  \u00eatre retir\u00e9 si l'organisme  d\u00e9clar\u00e9  cesse de  remplir\nles  conditions  ou  de  respecter  les  obligations  mentionn\u00e9es  aux  4\u00b0,5\u00b0  et  6\u00b0  de  l'article\nR7232-17  ou  qui  m\u00e9connait  les obligations  d\u00e9finies  \u00e0 l'article R7232-19  du  code  du  travail.\n\n'Toute modification concemant  la structure d\u00e9clar\u00e9e ou les activit\u00e9s exerc\u00e9es devra, sous\ndeine de retrat de  fa d\u00e9claration, fae  l'objet dune  d\u00e9claration modifcatve  aupr\u00e9s  de  TUnts\n'S\u00e9partementale  des  Hauts-de-Seine\nLe  pr\u00e9sent  r\u00e9c\u00e9piss\u00e9  sera  publi\u00e9 au  recuel  des  actes  administratifs de la pr\u00e9fecture  des  Hauts-\nde-Seine\nFait \u00e0  Nanterre,  le 21  octobre  2025\nPour  le Pr\u00e9fet\nPar  d\u00e9l\u00e9gation  et subd\u00e9l\u00e9gation\nLa  Responsable  du  service\nD\u00e9veloppement  de  l'emploi ot des\nrate\n\u00a2\nMariana  CONDE\n\nEs  Direction  r\u00e9gionale  et interd\u00e9partementale\nMINIST\u00c8RE  de l'\u00e9conomie, de l'emploi,\nDU  TRAVAIL,  DE  LA  SANT\u00c9,  'du travail et des solidarit\u00e9s\nDES  SOLIDARIT\u00c9S\nET  DES  FAMILLES\nR\u00e9c\u00e9piss\u00e9  n\u00b02025-566  de  d\u00e9claration  d'activit\u00e9s de services  \u00e0 la personne\nenregistr\u00e9e  sous  le n\u00b0 SAP992629618  au  nom  de  la micro-entreprise  HUGUET\nAURELIE  MELANIE  sise  7  Rue de  la  Sabli\u00e8re  \u00e0 COURBEVOIE  (92400)\nLE  PREFET  DES  HAUTS-DE-SEINE\nVu  la loi n\u00b0 2010-853  du  23  juilet 2010  relative aux  r\u00e9seaux  consulaires,  au  commerce  et \u00e0\nl'arisanat et aux  services  (article 31);\nVu  la loi n\u00b02015-1778  du  28  d\u00e9cembre  2015  relate  \u00e0 l'adaptation de  la soci\u00e9t\u00e9 au\nvieilissement ;\nVu  l'aticle 07231-1  du  Code  du  travall;\nVu  les d\u00e9crets n\u00b0 2011-1132  et n\u00b0 2011-1133  du 20 septembre  2011  modifiant certaines\ndispositions  du  Code  du  travail, relatives au  ch\u00e8que  emploi-service  universel  et aux\nservices  \u00e0 la personne ;\nVu  le d\u00e9cret  n\u00b02018750 du 6jun  2016  relatif\u00e0 la liste des  activit\u00e9sde services  \u00e0 Ia personne\nsoumises  \u00e0 agr\u00e9ment  ou  \u00e0 autorisation dans le cadre  du  r\u00e9gime  commun  de  la d\u00e9claration  ;\nVu  le d\u00e9cret  du  31 octobre  2024  portant  nomination  de  Monsieur  Alexandre  BRUGERE,  en\nquait\u00e9 de Pr\u00e9fet des Hauts-de-Seine ;\nVu  l'arr\u00e8t\u00e9 interminist\u00e9riel du  12 ao\u00fbt  2025  nommant  Monsieur  Fabrice  MASI,  Directeur\nr\u00e9gional tinterd\u00e9partementa del'\u00e9conomie, de l'emploi du travalet des soldari\u00e9s d'le-\nde-France \u00e0  compter  du  25  ao\u00fbt  2025\nVu  l'arr\u00eat\u00e9 pr\u00e9fectoral n\u00b02025-33  du  22  ao\u00fbt  2025  par  lequel le Pr\u00e9fet des  Hauts-de-Seine\n'd\u00e9l\u00e8gue  sa signature \u00e0  Monsieur  Fabrice  MASI,  Directeur  r\u00e9gional et interd\u00e9partemental\nde l'\u00e9conomie, de l'emploi, du travail et des solidarit\u00e9s d'\u00cele-de-France ;\nVu  la d\u00e9cision  n\u00b0 2025-157  du  25  ao\u00fbt  2025  portant  subd\u00e9l\u00e9gation  de  signature de  Monsieur\nFabrice  MASI,  Directeur  r\u00e9gional et interd\u00e9partemental  de  \u00e9conomie,  de l'emploi, du\ntravail et des  soidarites  d'Ile-de-France, aux  agents  de  l'Unit\u00e9 d\u00e9partementale  des  Hauts-\nde-Seine  ;\nVu  la d\u00e9claration  d'activit\u00e9s de  services  \u00e0 la personne  d\u00e9pos\u00e9es  le 14  octobre  2025 au nom\nde  la micro-entreprise  HUGUET  AURELIE  MELANIE  sise 7 Rue  de  la Sabi\u00e8re  \u00e0\nCOURBEVOIE  (82400)\n\nApr\u00e8s  examen  du  dossier, cette demande  \u00e9tant  conforme  aux  dispositions de  l'article L. 7232-1-\n1 du  code  du  traval, le pr\u00e9sent  r\u00e9c\u00e9piss\u00e9  de  d\u00e9ciaration  d'activit\u00e9s de  services  \u00e0  la personne  a\n\u00e9t\u00e9  enregistr\u00e9  au  nom  de  la micro-entreprise  HUGUET  AURELIE  MELANIE  sous  le num\u00e9ro\nSAP  092629618.\nLes  activit\u00e9s  d\u00e9ciar\u00e9es  sont  les  suivantes,  \u00e0  l'exclusion  de  toute  autre\nEntretien  de  la  maison  et  travaux  m\u00e9nagers  ;\nPrestations  relevant  du  b\u00e9n\u00e9fice  de\nG\u00e9n\u00e9ral  des  Imp\u00f4ts,\nLa  structure  exerce  ces  activit\u00e9s  selon  le mode  suivant  :  PRESTATAIRE\nr\u00e9duction  d'imp\u00f4t  pr\u00e9vue  \u00e0  l'article 199  sexdecies  du  Code\nSous  r\u00e9serve  d'\u00eatre exerc\u00e9es  \u00e0 tte  exclusif par  le d\u00e9clarant  (ou sous  r\u00e9serve  d'une  comptabiit\u00e9\ns\u00e9par\u00e9e  pour  les personnes  morales  dispens\u00e9es  de  la condtion  d'actvi\u00e9  exclusive),  ces  activit\u00e9s.\n'ouvrent droit au  b\u00e9n\u00e9fice  des  dispositions  des  articles L. 7233-2  du  code  du  traval et L. 241-10\ndu  code  de  la s\u00e9curit\u00e9  sociale,\nConform\u00e9ment  aux  dispositions de  l'article R7232-19  du  code  du  traval, l'organisme  d\u00e9clar\u00e9  doit\nproduire au moins chaque trimestre un \u00e9tat d'activit\u00e9 et chaque  ann\u00e9e  un blan quantiatit et\nqualtatf de factvit\u00e9 exerc\u00e9e  au tire de  l'ann\u00e9e \u00e9coul\u00e9e  ainsi qu'un tableau statistique annuel.\nSi organisme  d\u00e9clar\u00e9  comporte  plusieurs  \u00e9tablissements  les \u00e9tats statistiques etl  bilan annuel\ndistinguent  Factivite exerc\u00e9e  par  chaque  \u00e9tablissement.\nLe  pr\u00e9sont  r\u00e9c\u00e9piss\u00e9  prend  effet le 14  octobre  2025.\nenregistrement  de  la d\u00e9claration  pourra  tre  rotir\u00e9 si\nles conditions  ou  de  rospacter  les obligations  mentionn\u00e9es  aux  4\u00b0\n'R7232-17  ou  qui  m\u00e9connalt les  obligations  d\u00e9finies \u00e0 l'article R7232-1\npoine de relrat dela  declaration, are  l'objet d'une d\u00e9claration modifeatwe  aupr\u00e9s  de  (Units\nd\u00e9partementale  des  Hauts-de-Seine.\nLe pr\u00e9sent  r\u00e9c\u00e9piss\u00e9  sera publi\u00e9 au recuell des  actes  administratifs de  la pr\u00e9fecture  des  Hauts-\nde-Seine.\nFait  \u00e0 Nanterre  le 21 octobre 2025.\nPour  le Pr\u00e9fet\nPar  d\u00e9l\u00e9gation  et subd\u00e9l\u00e9gation\nLa  Responsable  du  service\nD\u00e9veloppement  de  l'emploi  et  des\ncomp\u00e9tences\nCAT\n'Mariama CONDE\n\nEu  Direction  r\u00e9gionale  et interd\u00e9partementale\nMINIST\u00c8RE  de l'\u00e9conomie,de l'emploi,\nDU  TRAVAIL,  DE  LA  SANT\u00c9,  du travail et des solidarit\u00e9s\nDES  SOLIDARIT\u00c9S\nET  DES  FAMILLES\nF4\nR\u00e9c\u00e9piss\u00e9  n\u00b02028-567  de  d\u00e9claration  d'activit\u00e9s de  services \u00e0 la personne\nenregistr\u00e9e  sous  le n\u00b0 SAP992565911  au  nom  de la micro-entreprise  KHADRA\nYASSINE  sise  6 rue  Auguste  Buisson  \u00e0 LA  GARENNE-COLOMBES  (92250)\nLE  PREFET  DES  HAUTS-DE-SEINE\nVu  la loi n\u00b0  2010-853  du  23  jullet  2010  relative  aux  r\u00e9seaux  consulaires,  au  commerce  et  \u00e0\nl'artisanat et aux  services  (article 31)\nVu  Ia loi 1n\u00b02018-1776  du  28  d\u00e9cembre  2015  relative \u00e0 l'adaptation de  la soci\u00e9t\u00e9  au\nviilissement ;\nVu  article  07231-1  du  Code  du travail;\nVu  les d\u00e9crets n\u00b0 2011-1132  et n\u00b0 2011-1133  du 20 septembre  2011  modifiant certaines\nispositions du Code  du travail, relatives au ch\u00e8que emplo-service universel et aux\n'services \u00e0 la personne  ;\nVu  le d\u00e9cret  n\u00b02018:750 du 6jun  2016  relatif\u00e0 la liste des  activit\u00e9s de  services  \u00e0 la personne\nsoumises  \u00e0 agr\u00e9ment  ou  \u00e0 autorisation dans le cadre  du  r\u00e9gime  commun  dela  d\u00e9claration  ;\nVu  le d\u00e9cret du 31 octobre 2024  portant nomination  de  Monsieur  Alexandre  BRUGERE,  en\nquait\u00e9 de Pr\u00e9fet des Hauts-de-Seine ;\nVu  l'arr\u00e8t\u00e9 interminist\u00e9riel du  12 ao\u00fbt 2025  nommant  Monsieur  Fabrice MASI, Directeur\nr\u00e9gional  tinterd\u00e9partementa  de  l'\u00e9conomie,  de l'emploi, du  travail et des  solidarit\u00e9s  dle\nde-France  \u00e0  compter  du  25  ao\u00fbt  2025\nVu  l'arr\u00eat\u00e9 pr\u00e9fectoral n\u00b02025-33  du  22  ao\u00fbt  2025  par  lequel le Pr\u00e9fet des  Hauts-de-Seine\nd\u00e9l\u00e8gue  sa  signature \u00e0  Monsieur  Fabrice  MASI,  Directeur  r\u00e9gional et interd\u00e9partemertal\nde l'\u00e9conomie, de l'emploi, du travail et des solidarit\u00e9s d'\u00cele-de-France ;\nVu  la d\u00e9cision  n\u00b0 2025-187  du  25  ao\u00fbt  2025  portant  subd\u00e9l\u00e9gation  de  signature  de  Monsieur\nFabrice  MASI,  Directeur  r\u00e9gional et Interd\u00e9partemental  de  l'\u00e9conomie,  de  l'emploi, du\ntravail et des  solidarit\u00e9s d'Ile-de-France, aux  agents  de  l'Unit\u00e9 d\u00e9partementale  des  Hauts-\nde-Seine\nVu  la d\u00e9claration  d'activit\u00e9s de  services  \u00e0 la personne  d\u00e9pos\u00e9es  le 14  octobre  2025  au  nom\nde  la micro-entreprise  KHADRA  YASSINE  sise 6 rue  Auguste  Buisson  \u00e0  LA  GARENNE-\nCOLOMBES  (82250)  ;\n\n'Apr\u00e8s examen  du  dossier, cette demande  \u00e9tant conforme  aux  dispositions de  l'article L. 7232-1\n1 du  code  du  traval,  le pr\u00e9sent  r\u00e9c\u00e9piss\u00e9  de  d\u00e9claration  d actives  de  services  \u00e0 la personne  \u00e0\n\u00e9t\u00e9 enregistr\u00e9 au nom  de  la micro-entreprise  KHADRA  YASSINE  sous  le num\u00e9ro  SAP\n99256591  1\nLes  activites d\u00e9ciar\u00e9es  sont les suivantes, \u00e0 l'exclusion de toute  autre\n~ _ Entrotion  de la maison  et travaux  m\u00e9nagers  ;\nPrestations  relevant du  b\u00e9n\u00e9fice  dela  r\u00e9duction  d'imp\u00f4t  pr\u00e9vue  \u00e0 l'article 199  sexdecies  du  Code\nG\u00e9n\u00e9ral  des  Imp\u00f4ts.\nLa  structure  exerce  cos  activit\u00e9s  selon  le mode  suivant  :  PRESTATAIRE\nSous  r\u00e9serve  d'\u00eatre exerc\u00e9es  \u00e0  titre exclus  par  le d\u00e9clarant  (ou  sous  r\u00e9serve  d'une  comptabiit\u00e9\n's\u00e9par\u00e9e  pour  les personnes  morales dispens\u00e9es  de  la condition  activit\u00e9  exclusive), ces  activites\n'ouvrent  droit au  b\u00e9n\u00e9fice  des  dispositions des  articles L. 7233-2  du code du travail et L  241-10\ndu  code  de  la s\u00e9curit\u00e9 social.\nConform\u00e9ment  aux  dispositions de  l'article R7232-19  du  code  du  traval, l'organisme  d\u00e9clar\u00e9  doit\nproduire au moins chaque trimestre un \u00e9tat dactivt\u00e9 et chaque  ann\u00e9e  un bilan quantitatif et\nQualtaf  de  Factvit\u00e9 exerc\u00e9e  au  tire de  l'ann\u00e9e  \u00e9coul\u00e9e  ainsi qu'un  tableau  statistique annuel.\nSi 'organisme  d\u00e9clar\u00e9  comporte  plusieurs  \u00e9tablissements,  les \u00e9tats statistiques et le bilan annuel\ndistinguent  activit\u00e9  exerc\u00e9e  par  chaque  \u00e9tablissement.\nLe  pr\u00e9sent  r\u00e9c\u00e9piss\u00e9  prend  effet le 14  octobre  202%\nL'enregistrement  de  la d\u00e9claration  pourra  \u00eatre retir\u00e9 si l'organisme  d\u00e9clar\u00e9  cesse  deremplir\nles conditions  ou  de  respecter  les  obligations  mentionn\u00e9es  aux  4,5\" et 8\u00b0 de  l'article\n723217  ou  qui  m\u00e9connalt  les obligations d\u00e9finies  \u00e0 l'article R7232-19  du  code  du  travail.\ndevra,  sous'Toute modification concernant la structure d\u00e9clar\u00e9e ou les activit\u00e9s exerc\u00e9es <\npeine de retrait de la d\u00e9claration, faire l'objet dune  d\u00e9ciaration modiicative aupr\u00e9s de Unit\u00e9\nd\u00e9partementale des  Hauts-de-Seine\nLe pr\u00e9sent r\u00e9c\u00e9piss\u00e9 sera publi\u00e9 au recueil des  actes administratifs de a  pr\u00e9fecture des  Hauts-\nde-Seine,\nFait \u00e0  Nanterre,  le 21 octobre  2025.\nPour  le Pr\u00e9fet\nr d\u00e9l\u00e9gation  et subd\u00e9l\u00e9gation\nLa  Responsable  du  service\nD\u00e9veloppement  de  l'emploi  et des\ncomp\u00e9tences\nwho\nMariama  CONDE\n\nMINISTERE de l'\u00e9conomie, de\nDU  TRAVAIL,  DE  LA  SANT\u00c9,\nDirection  r\u00e9gional\nDES  SOLIDARIT\u00c9S\nET  DES  FAMILLES\npou\nR\u00e9c\u00e9piss\u00e9  n\u00b02025-568  de d\u00e9claration d'activit\u00e9s de  services \u00e0 la personne\nenregistr\u00e9e sous le n\u00b0 SAP981591620  au  nom  de la micro-entreprise  DAUTREAUX\nInes sise 11 bis avenue  Jean-Baptiste  Cl\u00e9ment  \u00e0 BOULOGNE-BILLANCOURT\n(82100)\nLE  PREFET  DES  HAUTS-DE-SEINE\nVu  la loi n\u00b0 2010-853  du  23 juilet 2010  relative aux r\u00e9seaux  consulaires, au  commerce  et \u00e0\nl'afisanat et aux services  (article 31);\nVu  la loi n\u00b02015-1778  du 28 d\u00e9cembre  2015  relative \u00e0 l'adaptation de  la soci\u00e9t\u00e9 au\nviilissement\nVu  l'aticle 07231-1  du  Code  du travail;\nVu  les d\u00e9crets n\u00b0 2011-1132  et n\u00b0 2011-1133  du 20  septembre  2011  modifiant certaines\ndispostions du Code  du travail, relatives au  ch\u00e8que  emploi-service universel et aux\n'services \u00e0 la personne\nVu  le d\u00e9cret n\u00b02016-750  du  6 juin 2016  relatif\u00e0 la liste des  activit\u00e9s de  services \u00e0 la personne\n'soumises \u00e0 agr\u00e9ment  ou \u00e0 autorisationdans le cadre du  r\u00e9gime  commun  dela d\u00e9claration ;\n'Vu le d\u00e9cret du 31 octobre 2024  portant nomination  de  Monsieur  Alexandre  BRUGERE,  en\nqualt\u00e9 de Pr\u00e9fet des Hauts-de-Seine;\nVu  l'arr\u00eat\u00e9 interminist\u00e9riel du  12 ao\u00fbt 2025  nommant  Monsieur  Fabrice MASI,  Directeur\nr\u00e9gionalet nterd\u00e9partemental de l'\u00e9conomie, de Femplo, du travailet des solidarit\u00e9s d'le-\nde-France \u00e0 compter  du 25 ao\u00fbt  2025 ;\nVu  l'arr\u00eat\u00e9 pr\u00e9fectoral n\u00b02025-33  du 22 ao\u00fbt 2025  par lequel le Pr\u00e9fet des  Hauts-de-Seine\nd\u00e9l\u00e8gue  sa  signature  \u00e0  Monsieur  Fabrice  MASI,  Directeur  r\u00e9gional et interd\u00e9partemental\nde l'\u00e9conomie, de l'emploi, du travail et des solidarit\u00e9s d'\u00cele-de-France\nVu  la d\u00e9cision n\u00b0 2025-157  du  25 ao\u00fbt 2025  portant subd\u00e9l\u00e8gation de  signature de  Monsieur\nFabrice  MASI,  Directeur  r\u00e9gional  et interd\u00e9partemental  de  l'\u00e9conomie,  de  l'emploi, du\ntravail et des  solidarit\u00e9s d'\u00cele-de-France, aux  agents de  l'Unit\u00e9 d\u00e9partementale  des Hauts-\nde-Sein\u00e9\nVu  la d\u00e9claration  d'actuit\u00e9s de services  \u00e0 la personne  d\u00e9pos\u00e9es  le 15 octobre 2025 au nom\nde  la micro-entreprise  DAUTREAUX  Ines sise 11 bis avenue  Jean-Baptiste  Cl\u00e9ment  \u00e0\nBOULOGNE-BILLANCOURT  (92100)\n+ interd\u00e9partementale\nmploi,\ndu  travail  et des  solidarit\u00e9s\n\n'Apr\u00e8s examen  du  dossier, cette demande  \u00e9tant  conforme aux dispositions de  Farticle L. 7232-1-\n'du  code  du  traval, le pr\u00e9sent  r\u00e9c\u00e9piss\u00e9  de  d\u00e9claration  d'activit\u00e9s de  services  \u00e0 la personne  a\n\u00e9t\u00e9  enregistr\u00e9  au  nom  de  la micro-entreprise  DAUTREAUX  Ines  sous  le num\u00e9ro  SAP\n991591520.\nLes  activites d\u00e9clar\u00e9es  sont les suivantes,  \u00e0 l'exclusion de  toute autre\n~ Garde  d'enfants  de  plus  de  trois  ans  \u00e0  domicile  ;\n= Soutien  scolaire  ou  cours  \u00e0 domicile\n'Accompagnement  des  enfants  de  plus  de  trois ans  dans  leurs  d\u00e9placements  on\n'dehors  de  leur  domicile  (promenades,  transports,  actes  de  la vie  courante);\nPrestations  relevant  du  b\u00e9n\u00e9fice  de  la r\u00e9duction  d'imp\u00eat  pr\u00e9vue  \u00e0 l'article 199  sexdecies  du  Code\nG\u00e9n\u00e9ral  des  Imp\u00f4ts.\nLa  structure  exerce  ces  activit\u00e9s  selon  le mode  suivant  : PRESTATAIRE\nSous  r\u00e9serve  d'\u00eatre exerc\u00e9es  \u00e0 tre  exclusif par  le d\u00e9clarant  (ou  sous  r\u00e9serve  d'une  comptabiit\u00e9\ns\u00e9par\u00e9e  pour  les  personnes  morales  dispens\u00e9es  dela  condition  d activit\u00e9  exclusive),  ces  activites\n'ouvrent  droit  au  b\u00e9n\u00e9fice  des  dispositions  des  articles  L. 7233-2  du  code du  traval et  L. 241-10,\ndu  code  de  ia s\u00e9curit\u00e9 sociale.\n{Conform\u00e9ment  aux  dispostions  de  article  R7232-19  du  code  du  travail, l'organisme  d\u00e9clar\u00e9  doit\nproduire au moins chaque trimestre un \u00e9tat d'activit\u00e9 et chaque  ann\u00e9e  un bilan quantitatif et\nqualtatf de l'activit\u00e9 exerc\u00e9e  au  tire de  l'ann\u00e9e \u00e9coul\u00e9e  ainsi qu'un tableau statistique annuel.\nSi organisme  d\u00e9clar\u00e9  comporte  plusieurs  \u00e9tablissements,  les \u00e9tats statistiques et le bilan annuel\ndistinguent  l'activit\u00e9 exerc\u00e9e  par  chaque  \u00e9tablissement.\nLo  pr\u00e9sent  r\u00e9c\u00e9piss\u00e9  prend  effet le 16 octobre  2026.\nL'enregistrement de la d\u00e9claration  pourra  \u00eatre  retir\u00e9 si l'organisme  d\u00e9clar\u00e9 cosse  de remplir\nles conditions  ou  de  respecter  les obligations  mentionn\u00e9es  aux  46\u00b0  ot 6\u00b0 de  l'article\n723217  ou  qui  m\u00e9connalt  les obligations  d\u00e9finies  \u00e0 l'article R7232-19  du  code  du  travail,\n'Toute  modification concernant la structure d\u00e9clarte ou les activit\u00e9s exerc\u00e9as devra, sous\npeine  de  retrait de  la d\u00e9claration,  faire  Fobjet  dune  d\u00e9claration  modificatve  aupr\u00e9s  de  Unit\u00e9\n'd\u00e9partementale  des  Hauts-de-Seine.\nLe  pr\u00e9sent  r\u00e9c\u00e9piss\u00e9  sera  publi\u00e9  au  recueil  des  actes  administralfs  de  la pr\u00e9fecture  des  Hauts-\nde-Seine.\nFait  \u00e0  Nanterre,  le 21  octobre  2025.\nPour  le  Pr\u00e9fet\nPar  d\u00e9l\u00e9gation  ot  subd\u00e9l\u00e9gation\nLa  Responsable  du  service\nD\u00e9veloppement  de  l'emploi  et des\n\"comp\u00e9tences\n1277\ncoND\u00e9\n\nz= Direction r\u00e9gionale et interd\u00e9partementale\nde  l'\u00e9conomie, de  l'emploi,\nBENIN,  DE LA SANT\u00c9, du tava et des solidates\nDES  SOLIDARIT\u00c9S\nET  DES  FAMILLES\nioe\nR\u00e9c\u00e9piss\u00e9  n\u00b02025-869  de  d\u00e9claration d'activit\u00e9s de  services \u00e0 la personne\nenregistr\u00e9e  sous  le n\u00b0 SAP990122145 au  nom  de  la micro-entreprise\nDELPLANQUE  CELINE sise 50 Avenue  du  G\u00e9n\u00e9ral  Leclerc \u00e0 BOULOGNE-\nBILLANCOURT  (92100)\nLE  PREFET  DES  HAUTS-DE-SEINE\nVu  la loi n\u00b0 2010-853  du 23 juilet 2010  relative aux  r\u00e9seaux  consulaires, au commerce  et \u00e0\nl'artisanat et aux  services  (article 31)\nVu  la loi n\u00b02015-1776  du 28  d\u00e9cembre  2015  relative \u00e0 l'adaptation de  la soci\u00e9t\u00e9 au\nvieilissement ;\nVu  l'article D7231-1  du  Code  du traval\nVu  les d\u00e9crets n\u00b0 2011-1132  et n\u00b0 2011-1133  du  20  septembre  2011  modifiant certaines\ndispostions du Code  du  travail, relatives au ch\u00e8que  emplo-service  universel et aux\nservices  \u00e0 la personne ;\nVu  le d\u00e9cret n*2016-760  du 6 juin 2016  relat \u00e0 a  iste des  activitesde services \u00e0 la personne\nsoumises  & agr\u00e9ment ou \u00e0 autorisation dans  le cadre du r\u00e9gime  commun  de a  d\u00e9ciaration ;\nVu  le d\u00e9cret du 31 octobre 2024  portant nomination  de Monsieur  Alexandre  BRUGERE,  en\nQualit\u00e9 de Pr\u00e9fet des  Hauts-de-Seine  ;\nVu  l'arr\u00eat\u00e9 interminist\u00e9riel du  12 ao\u00fbt 2025  nommant  Monsieur  Fabrice MASI, Directeur\nr\u00e9gionalet interd\u00e9partemental de l'\u00e9conomie, de  l'emploi,du travail et des soldart\u00e9s d'ie-\nde-France  \u00e0 compter  du  25  ao\u00fbt  2025  ;\nVu  l'arr\u00e9t\u00e9 pr\u00e9fectoral n\u00b02028-33  du  22  ao\u00fbt 2025  par lequel le Pr\u00e9fet des  Hauts-de-Seine\n'd\u00e9l\u00e8gue sa signature \u00e0 Monsieur  Fabrice MASI,  Directeur r\u00e9gionalet interd\u00e9partemental\n'de l'\u00e9conomie, de l'emploi, du travail et des solidant\u00e9s d'le-de-France ;\nVu  la d\u00e9cision n\u00b0 2025-157  du  25 ao\u00fbt 2025  portant subd\u00e9l\u00e9gation de  signature de  Monsieur\nFabrice  MASI,  Directeur  r\u00e9gional  et interd\u00e9partemental  de  l'\u00e9conomie,  de  l'emploi, du\ntraval  et des  soldarit\u00e9s  d'le-de-France,  aux  agents  de  l'Unit\u00e9 d\u00e9partementale  des  Hauts-\nde-Seine  ;\nVu  la d\u00e9claration d'actvit\u00e9s de services \u00e0 la personne  d\u00e9pos\u00e9es  le 16 octobre 2025 au nom\nde  la micro-entreprise DELPLANQUE  CELINE  sise 50 Avenue  du G\u00e9n\u00e9ral  Leclerc \u00e0\nBOULOGNE-BILLANCOURT  (82100);\n\n'Apr\u00e8s examen  du dossier, cette demande  \u00e9tant conforme aux dispositions de l'article L. 7232-1-\n1 du code  du traval  le pr\u00e9sent  r\u00e9c\u00e9piss\u00e9  de d\u00e9claration d activites de services \u00e0 la personne  a\n\u00e9t\u00e9  enregistr\u00e9  au  nom  de  la micro-entreprise  DELPLANQUE  CELINE  sous  le num\u00e9ro  SAP\n990122146.\nLes  activit\u00e9s d\u00e9clar\u00e9es  sont  es  suivantes, a l'exclusion de  toute autre\nEntretion  de  la maison  et travaux  m\u00e9nagers  ;\nPrestations  relevant du  b\u00e9n\u00e9fice  de  la r\u00e9duction  d'imp\u00f4t  pr\u00e9vue  \u00e0  l'article 199  sexdecies du Code\nGeneral  des  Imp\u00f4ts.\nLa  structure  exerce  ces  activit\u00e9s  selon  le mode  suivant  : PRESTATAIRE\nSous  r\u00e9serve  d'\u00eatre exerc\u00e9es  \u00e0 ttre exclusif parle  d\u00e9clarant  (ou  sous  r\u00e9serve  d'une  comptabilt\u00e9\ns\u00e9par\u00e9e pour les personnes morales dispens\u00e9es de la condition d'activit\u00e9 exclusive), ces activites\n'ouvrent  droit au  b\u00e9n\u00e9fice  des  dispositions  des  articles  L. 7233-2  du  code  du  traval et L  241-10,\ndu  code  de  la s\u00e9curit\u00e9 sociale,\nConform\u00e9ment  aux  dispositions de  article  R7232-19  du  code  du  travail, Forganisme  d\u00e9clar\u00e9  doit\nproduire au  moins  chaque  trimestre un \u00e9tat \u00a2activt\u00e9 et chaque  ann\u00e9e  un bilan quantitatif et\nquaitatf de ractivite exerc\u00e9e au tire de l'ann\u00e9e \u00e9coul\u00e9e ainsi qu'un tableau statistique annuel.\nSi l'organisme  d\u00e9clar\u00e9  comporte  plusieurs  \u00e9tablissements,  les \u00e9tats statistiques et le lan  annuel\ndlstinguent  activit\u00e9 exerc\u00e9e  par  chaque  \u00e9tablissement\nLe  pr\u00e9sent  r\u00e9c\u00e9piss\u00e9  prond  afet  le 16 octobre  2025.\nL'enrogistromont  de la d\u00e9claration  pourra  \u00eatre retir\u00e9 si l'organisme  d\u00e9clar\u00e9 cesse  de remplir\nles conditions  ou  de  rospecter  les  obligations  mentionn\u00e9es  aux  4\u00b0,6\u00b0 et 6\u00b0 de  article\nR7232-17  ou  qui  m\u00e9connalt  les obligations  d\u00e9finies  \u00e0 l'article R7232-19  du  code  du  travail,\npaie  de rer de la G\u00e9craton,  fae  Tobjet d'une declaration modeste  aupr\u00e8s de TUnt\u00ae\nd\u00e9partementale  des  Hauts-de-Seine.\nLe  pr\u00e9sent  r\u00e9c\u00e9piss\u00e9  sera  publi\u00e9  au  recueil  des  actes  administratifs de la pr\u00e9fecture des  Hauts-\nde-Seine.\nFait \u00e0  Nanterre, le 21 octobre  2025.\nPour  le Pr\u00e9fet\n\u00e9l\u00e9gation  et  subd\u00e9l\u00e9gation\nLa  Responsable  du  service\nD\u00e9veloppement  de  l'emploi  et des\ncomp\u00e9tences\nGt\nMariama  CONDE\n\nza  Direction r\u00e9gionale et interd\u00e9partementale\nMINISTERE de l'\u00e9conomie, de l'emploi,\nDU  TRAVAIL, DE LA SANT\u00c9, du travailet des solidarit\u00e9s\nDES  SOLIDARIT\u00c9S\nET  DES  FAMILLES\nEMA\nR\u00e9c\u00e9piss\u00e9  n\u00b02025-570  de  d\u00e9claration d'activit\u00e9sde services  \u00e0 la personne\nenregistr\u00e9e  sous  le n\u00b0 SAP992648329  au  nom  de  la micro-entreprise  BOUTON\nSOLANNE  sise  29  Rue  du  8 Mai  1945 \u00e0 GENNEVILLIERS  (92230)\nLE  PREFET  DES  HAUTS-DE-SEINE\nVu  la loi n\u00b0 2010-853 du 23 juillet 2010 relative aux r\u00e9seaux consulaires, au commerce  et \u00e0\nl'artisanat et aux  services  (article 31)  ;\nVu  la loi n\u00b02015-1776 du 28 d\u00e9cembre  2015 relative \u00e0 adaptation de la soci\u00e9t\u00e9 au\nvellissement ;\nVu  l'aricie D7231-1  du  Code  du  travail;\nVu  les d\u00e9crets n\u00b0 2011-1132  et n\u00b0 2011-1133  du  20 septembre  2011  modifiant certaines\ndispositions  du  Code  du  travail, relatives au  ch\u00e8que  emplo-service  universel  et aux\nservices  \u00e0 la personne\nVu  le d\u00e9cret  n\u00b02016-750  du  8  juin 2016  relat  \u00e0 la ste  des  activit\u00e9s de  services  \u00e0 la personne\nsoumises \u00e0 agr\u00e9ment ou \u00e0 autorisation dans le cadre du r\u00e9gime  commun  dela d\u00e9claration\nVu  le  d\u00e9cret du  31 octobre 2024  portant nomination de Monsieur  Alexandre  BRUGERE,  en\n'qualit\u00e9 de Pr\u00e9fet des Hauts-de-Seine ;\nVu  l'\u00e9t\u00e9  interminist\u00e9riel du 12 ao\u00fbt 2025  nommant  Monsieur  Fabrice MASI,  Directeur\nr\u00e9gional et interd\u00e9partemental de  l'\u00e9conomie, de  l'emplo, du travail et des  soldant\u00e9s  d'le-\nde-France  & compter  du  25  ao\u00fbt  2025  ;\nVu  l'arr\u00eat\u00e9 pr\u00e9fectoral n\u00b0202833  du  22 ao\u00fbt 2025  par lequel le Pr\u00e9fet des  Hauts-de-Seine\nd\u00e9l\u00e8gue  sa  signature  \u00e0 Monsieur  Fabrice  MASI,  Directeur  r\u00e9gional et interd\u00e9partemental\nde l'\u00e9conomie, de l'emploi, du travailet des solidarit\u00e9s d\u00eele-de-France\nVu  la d\u00e9cision n\u00b0 2025-187  du 25  ao\u00fbt 2025  portant subdei\u00e9gation de signature de Monsieur\nFabrice MASI,  Directeur r\u00e9gional et interd\u00e9partemental de  l'\u00e9conomie, de l'emploi, du\ntraval et des  solidarit\u00e9s d'l-de-France,  aux  agents  de Unit\u00e9  d\u00e9partementale  des  Hauts-\nde-Seine  ;\nVu  la d\u00e9claration  d'activit\u00e9s de services  \u00e0 la personne  d\u00e9pos\u00e9es  le 16 octobre  2025  au nom\nde  la micro-entreprise  BOUTON  SOLANNE  sise 29  Rue  du  8 Mai  1945  \u00e0\nGENNEVILLIERS  (82230)  ;\n\n'Apres examen  du  dossier, cette demande  \u00e9tant conforme  aux  dispositions de  l'article L. 7232-1-\n1 du code  du travail le pr\u00e9sent  r\u00e9c\u00e9piss\u00e9  de d\u00e9claration d activites de services \u00e0 la personne a\n\u00e9t\u00e9  enregistr\u00e9  au  nom  de  la micro-entreprise  BOUTON  SOLANNE  sous  le num\u00e9ro  SAP\n992648328,\nLes  activit\u00e9s d\u00e9clar\u00e9es  sont  es  suivantes, \u00e0 l'exclusion de  toute  autre\nEntretien  de  la  maison  et  travaux  m\u00e9nagers  ;\n\u00a9 Garde  d'enfants  de  plus  de  trois ans  \u00e0  domicile  ;\nAccompagnement  des  enfants  de plus  de  trois ans  dans  leurs  d\u00e9placements  en\ndehors  de  leur domicile  (promenades,  transports,  actes de  la vie  courante);\nr\u00e9duction  d'imp\u00f4t  pr\u00e9vue  \u00e0 l'article 199  sexdecies  du  CodePrestations  relevant du  b\u00e9n\u00e9fice  de\nG\u00e9n\u00e9ral  des  Imp\u00f4ts.\nLa  structure  exerce  ces  activit\u00e9s  selon  le mode  suivant  : PRESTATAIRE\n'Sous  r\u00e9serve  d'\u00eatre exerc\u00e9es  \u00e0 titre exclusif parle  d\u00e9clarant  (ou sous  r\u00e9serve  d'une  comptabilit\u00e9\ns\u00e9par\u00e9e  pour  les personnes  morales  dispens\u00e9es  dela condition  d activit\u00e9  exclusive),  ces  activites\nouvrent  droit  au  b\u00e9n\u00e9fice  des  dispositions  des  articles  L. 7233-2  du  code  du  traval  et  L  241-10\ndu  code  de  la s\u00e9curit\u00e9 sociale.\nConform\u00e9ment  aux  dispositions  de  l'article R7232-19  du  code  du  travail, l'organisme  d\u00e9clar\u00e9  doit\nproduire  au  moins  chaque  timestre  un  \u00e9tat d'activit\u00e9 et chaque  ann\u00e9e  un  bilan quantita  et\n'qualtatitde l'activit\u00e9 exerc\u00e9e  au  tire de  l'ann\u00e9e \u00e9coul\u00e9e  ainsi qu'un  tableau  statistique annuel.\nSi l'organisme  d\u00e9clar\u00e9  comporte  plusieurs  \u00e9tablissements  les \u00e9tats statistiques et le blan  annuel\ndistinguent  l'activit\u00e9 exerc\u00e9e  par  chaque  \u00e9tablissement.\nLe  pr\u00e9sent  r\u00e9c\u00e9piss\u00e9  prend  effet le 16  octobre  2025.\nd\u00e9claration  pourra  \u00eatre  retr\u00e9  si  l'organisme d\u00e9clar\u00e9  cesse  de  remplir'enregistrement de\nes  conditions  ou  de  respecter  les  obligations  mentionn\u00e9es  aux  4\u00b0,5\u00b0  at  6\u00b0  de  l'article\n723217  ou  qui  m\u00e9connalt  les  obligations  d\u00e9finies \u00e0 l'article R7232-19  du  code  du  travail,\npeine de retrait de la declaration, |\nd\u00e9partementale  des  Hauts-de-Seine.\nLe  pr\u00e9sent  r\u00e9c\u00e9piss\u00e9  sera  publi\u00e9  au  recuel  des  actes  adminstratts  dela pr\u00e9fecture  des  Hauts-\ndeSeine\nobjet dune  d\u00e9claration  modiicatwe  aupr\u00e9s  de  FU\nFait  \u00e0 Nanterre, le 21 octobre  2025.\nPour  le Pr\u00e9tet\nPar  d\u00e9l\u00e9gation  et subd\u00e9l\u00e9gation\nLa  Responsable  du  service\nD\u00e9veloppement  de  l'emploi  et des\ncomp\u00e9tences.\n(es\nMariama  CONDE\n\nEx  Direction r\u00e9gionale et interd\u00e9partementale\nMINIST\u00c8RE de l'\u00e9conomie, de l'emploi,\nDU  TRAVAIL, DE LA SANT\u00c9, du travail et des solidarit\u00e9s\nDES  SOLIDARIT\u00c9S\nET  DES  FAMILLES\nA\nR\u00e9c\u00e9piss\u00e9  n\u00b02025-571  de  d\u00e9claration d'activit\u00e9s de  services  \u00e0 la personne\nenregistr\u00e9e  sous  le n\u00b0 SAP992478693  au  nom  de  la micro-entreprise  Anis\nBOUMEKHLA  sise 9 Avenue  de  Verdun  \u00e0 FONTENAY-AUX-ROSES  (92260)\nLE  PREFET  DES  HAUTS-DE-SEINE\nVu  la oi n\u00b0 2010-853  du 23  juillet 2010  relative aux  r\u00e9seaux  consulaires, au commerce  et \u00e0\nl'artisanat et aux  services  (article 31)  ;\nVu  la loi n\u00b02015-1776  du  28  d\u00e9cembre  2015  relative\nvellissement ;\nl'adaptation de  la soci\u00e9t\u00e9  au\nVu  l'aricie 07231-1  du Code du  travail;\nVu  les d\u00e9crets n\u00b0 2011-1132  et n\u00b0 2011-1133  du 20 septembre  2011  modifiant certaines\ndispositions du  Code  du  travail, relatives au  ch\u00e8que  emplo-service  universel et aux\nservices  \u00e0 la personne  ;\nVu  le d\u00e9cret \"2016-750  du 6 juin 2016  relat \u00e0 la iste des  activit\u00e9s de  services \u00e0 la personne\nsoumises \u00e0 agr\u00e9ment ou \u00e0 autorisation dans  le cadre du r\u00e9gime  commun  de la d\u00e9claration ;\nVu  le  d\u00e9cret du  31 octobre 2024  portant nomination de  Monsieur  Alexandre  BRUGERE,  en\n'qualit\u00e9 de Pr\u00e9fet des Hauts-de-Seine ;\nVu  l'arr\u00eat\u00e9 interminist\u00e9riel du 12 ao\u00fbt 2025  nommant  Monsieur  Fabrice MASI, Directeur\nr\u00e9gional et interd\u00e9partemental de  l'\u00e9conomie, de  l'emploi, du travail et des  solidarit\u00e9s dll\nde-France  \u00e0  compter  du  25  ao\u00fbt  2025  ;\nVu  l'art  pr\u00e9fectoral n\u00b0202533  du 22 ao\u00fbt 2025  par lequel le Pr\u00e9fet des  Hauts-de-Seine\n'd\u00e9l\u00e8gue sa signature \u00e0 Monsieur  Fabrice MASI,  Directeur r\u00e9glona  et interd\u00e9partemental\nde l'\u00e9conomie, de l'emploi. du travail et des solidarit\u00e9s d'\u00cele-de-France ;\nVu  la d\u00e9cision  n\u00b0 2025-187  du  25  ao\u00fbt  2025  portant  subd\u00e9l\u00e9gation  de  signature  de  Monsieur\nFabrice  MASI,  Directeur  r\u00e9gional et interd\u00e9partemental  de  l'\u00e9conomie,  de  l'emploi, du\ntraval et des  solidarit\u00e9s d'Ile-de-France,  aux  agents  de  l'Unit\u00e9 d\u00e9partementale  des  Hauts-\nde-Seine\n'Vu la d\u00e9claration d'actvit\u00e9sde services \u00e0 la personne  d\u00e9pos\u00e9es  le 16 octobre 2025 au nom\nde  la micro-entreprise Anis BOUMEKHLA  sise 9 Avenue  de  Verdun  \u00e0 FONTENAY-AUX-\nROSES  (92260)  ;\n\n'Apr\u00e8s examen  du  dossier, cette demande  \u00e9tant conforme  aux  dispositions de  article.  7232-1-\n1 du code  du traval le pr\u00e9sent  r\u00e9c\u00e9piss\u00e9  de d\u00e9claration d'activit\u00e9s de services \u00e0 a  personne  a\n\u00e9t\u00e9 enregistr\u00e9 au nom  de  la micro-entreprise Anis BOUMEKHLA  sous  le num\u00e9ro  SAP\n99247860\nLes  activites  d\u00e9clar\u00e9es  sont  les  suivantes,  \u00e0 l'exclusion de  toute  autre\nEntretien  de la maison  et travaux  m\u00e9nagers  ;\nGarde  d'enfants de  plus  de  trois ans  \u00e0 domicile\n= Accompagnement  des  enfants  de  plus  de  trois  ans  dans  leurs  d\u00e9placements  en\ndehors  de  lour  domicile  (promenades,  transports,  actes  de  la vie  courante);\nPrestations  relevant du  b\u00e9n\u00e9fice  de  la r\u00e9duction  d'imp\u00f4t  pr\u00e9vue  \u00e0  l'article 199  sexdecies du Code\nG\u00e9n\u00e9ral  des  Imp\u00f4ts.\nLa  structure  exorce  ces  activit\u00e9s  selon  le mode  suivant  : PRESTATAIRE\nSous r\u00e9serve d'\u00eatre exerc\u00e9es  \u00e0 ttre exclusif par  le d\u00e9clarant  (ou  sous  r\u00e9serve  d'une  comptabilit\u00e9\ns\u00e9par\u00e9e  pour les personnes  morales  dispens\u00e9es de a  condition d'activit\u00e9 exclusive), ces activites\n'ouvrent droit au  b\u00e9n\u00e9fice  des  dispositions des  articles L. 7233-2  du  code  du traval et L. 241-10\n'du code  de  la s\u00e9curit\u00e9 sociale,\nConform\u00e9ment  aux  dispositions  de  Farticle R7232-19  du  code  du  travail, l'organisme  d\u00e9clar\u00e9  doit\nproduire  au  moins  chaque  trimestre un  \u00e9tat activit\u00e9  et chaque  ann\u00e9e un  bilan quantitatif et\nQualitaf de activit\u00e9 exerc\u00e9e au tire de l'ann\u00e9e \u00e9coul\u00e9e ainsi qu'un tableau statistique annuel\nSi  l'organisme  d\u00e9clar\u00e9  comporte  plusieurs  \u00e9tablissements,  les  \u00e9tats  statistiques  et  le bilan  annuel\ndistinguent  l'activit\u00e9 exerc\u00e9e  par  chaque  \u00e9tablissement.\nLe  pr\u00e9sent  r\u00e9c\u00e9piss\u00e9  prend  effet  le 16 octobre  2025.\nL'anrglatremnt de  d\u00e9claration  poura  tr  r\u00fbr\u00e9siorganame  \u00e9clr  conse  deremplr\nles  conditions  ou  de  respecter les  obligations  mentionn\u00e9es  aux  4\u00b0,5\u00b0 ot 6\u00b0 de l'a\n7232.17  ou  ul  m\u00e9connah  les obligations  d\u00e9finie  \u00e0 article  R7282-18  du  code  du  travail\n28 devra, sous\npeine de  retrait de  Ta d\u00e9claration, fae  Tobjet d'une d\u00e9claration modifiatve  aupr\u00e9s  de iUnte\nd\u00e9partementale  des  Hauts-de-Seine.\nLe  pr\u00e9sent  r\u00e9c\u00e9piss\u00e9  sera  publi\u00e9  au  recuell  des  actes  administratifs  de  la pr\u00e9fecture des  Hauts-\nde-Seine,\nFait  \u00e0  Nanterre, le 21  octobre  2025.\nPour  Pr\u00e9fet\nPar  d\u00e9l\u00e9gation  et subd\u00e9l\u00e9gation\nLa  Responsable  du sorvice\nDeveloppement  de  l'emploi  et  des\ncomp\u00e9tences\n(27\n'CONDE.\n\n'ti  Pat\nMr  ace\nPREFECTURE  DES  HAUTS-DE-SEINE\nLE  PREFET  DES  HAUTS-DE-SEINE\nArr\u00eat\u00e9  N\u00b0  2025-572\nReconnaissant  la qualit\u00e9 de  Soci\u00e9t\u00e9  Coop\u00e9rative\nOuvri\u00e8re de Production  (SCOP)\nVu  le d\u00e9cret n\u00b0 82-389 du 10 mai  1982 relatif aux pouvoirs des pr\u00e9fets\nVu  la oi n\u00b0 47-1775 du 10 septembre  1947  portant statut de la coop\u00e9ration ;\n'Vu la loi n\u00b0 78-763  du  19 jllet 1978  portant statut des  Soci\u00e9t\u00e9s Coop\u00e9ratives  Ouvri\u00e8res  de\nProduction, et  notamment  son article 54;\n'Vu la loi n\u00b0 92-643  du  13 jullet 1992  relative \u00e0 la modernisation  des  entreprises coop\u00e9ratives\nVu  le code  des  march\u00e9s  publics, et notamment  les articles 53 et 91 dudit code  ;\nVu  le d\u00e9cret n\u00b0 87-278 du 16 avril 1987 portant modification du d\u00e9cret n\u00b0 79-376 du 10 mai\n1978 fiant les conditions d'\u00e9tablissement de la iste des Soci\u00e9t\u00e9s Coop\u00e9ratives Ouvri\u00e8res\nde  Production  ;\nVu  le d\u00e9cret n\u00b0 97-34 du 15 janvier 1997 relatif \u00e0 la d\u00e9concentration des d\u00e9cisions\nadministratives  indviduelles  ;\nVu  le d\u00e9cret n\u00b0 93-455 du 23 mars  1993 relat \u00e0 la sorte du statut coop\u00e9ratif;\nVu  le d\u00e9cret n\u00b0 93-1231  du  10 novembre  1993  relatif\u00e0 la reconnaissance  de  la qualit\u00e9 de\nSoci\u00e9t\u00e9  Coop\u00e9rative  Ouvri\u00e8re  de Production ;\nVu  le d\u00e9cret du 31 octobre 2024  portant nomination  de Monsieur Alexandre BRUGERE,  en\n'qualit\u00e9 de Pr\u00e9fet des Hauts-de-Seine ;\nVu  | l'arr\u00eat\u00e9 interminist\u00e9riel 12 ao\u00fbt 2025  nommant  Monsieur  Fabrice MASI,  Directeur,\nr\u00e9gional et interd\u00e9partemental de l'\u00e9conomie, de  l'emploi, du travailet des solidarit\u00e9\nd'le-de-France  \u00e0 compter  du  25  ao\u00fbt  2025  ;\nVu  l'ar\u00eat\u00e9 pr\u00e9fectoral n'2025-33  du 22 ao\u00fbt 2025  par lequel le Pr\u00e9fet des  Hauts-de-Seine\nd\u00e9l\u00e8gue  sa signature \u00e0 Fabrice MASI, Directeur r\u00e9gional et interd\u00e9partemental de\nl'\u00e9conomie, de l'emploi, du travailet des salidart\u00e9s d'\u00cele-de-France\n\n'Vu la d\u00e9cision  n\u00b0 2025-157  du  25  ao\u00fbt  2025  portant  subd\u00e9l\u00e9gation  de  signature  de  Monsieur\nFabrice  MASI,  Directeur  r\u00e9gional  et interd\u00e9partemental  de  l'\u00e9conomie,  de  l'emploi, du,\ntravail et des  soldarit\u00e9s  d'le-de-France,  aux  agents  de  l'Unit\u00e9 d\u00e9partementale  des  Hauts-\nde-Seine  ;\nVu  l'avis favorable  avec  r\u00e9serves  de la Conf\u00e9d\u00e9ration  G\u00e9n\u00e9rale des  Soci\u00e9t\u00e9s  Coop\u00e9ratives\nOuvri\u00e8res  de  Production  en  date  du  21  octobre  2025.\nARRETE\nAtticle 1* : La soci\u00e9t\u00e9 AMIGOSTA  ~ 63 rue Jules Guesde  ~ 92300  LEVALLOIS  PERRET,  est\nhablit\u00e9e  3  prendre  'appellation  de  Soci\u00e9t\u00e9  Coop\u00e9rative  Ouvri\u00e8re  de  Production  ou  de  Soci\u00e9t\u00e9\nCoop\u00e9rative  de  Travaileurs  ou  \u00e0 utliser cette  appellation  ou les intiales \u00ab S.C.OP.  \u00bb ainsi qu'\u00e0\npr\u00e9tendre  au  b\u00e9n\u00e9fice  des  dispositions  pr\u00e9vues  par les textes l\u00e9gislatifsou r\u00e9glementaires  relatifs\naux  Soci\u00e9t\u00e9s  Coop\u00e9ratives  Ouvri\u00e9res  de  Production,\nCette  m\u00eame  soci\u00e9t\u00e9  pourra  pr\u00e9tendre  au  b\u00e9n\u00e9fice des  avantages  pr\u00e9vus  aux  atices  53\n'et 91 du code  des  march\u00e9s  public.\nArticle 3  : L'hablitation  accord\u00e9e  en  vertu  du  pr\u00e9sent  ar\u00eat\u00e9,  \u00e0  la soci\u00e9t\u00e9  vis\u00e9e  \u00e0  l'article 1\u00b0,  est\nValable. sous  r\u00e9serve  des  dispositions  des  articles 2 et 4 du  d\u00e9cret  n\u00b0 83-1231  du  10  novembre\n1893  relatif la reconnaissance  de  la qualit\u00e9 de  Soci\u00e9t\u00e9  Coop\u00e9rative  Ouvri\u00e8re  de  Production,  \u00e0\ncompter  de  la date  d'inscription  en  tant  que  de  Soci\u00e9t\u00e9  Coop\u00e9rative  Ouvri\u00e8re  de  Production  au\nregistre du  commerce,  et jusqu'\u00e0  radiation prononc\u00e9e  dans  les conditions  pr\u00e9vues  par  les articles\nGet  7  du  m\u00eame  text.\nFait \u00e0 Nanterre,  le 22  octobre  2025\nour  le Pr\u00e9fot\nar d\u00e9l\u00e9gation  ot subd\u00e9l\u00e9gation\nLa  Responsable  du  service\nD\u00e9veloppement  de  l'emploi  et des\ncomp\u00e9tences.\nMariama  CONDE\n\n=n  Direction r\u00e9gionale et interd\u00e9partementale\nMINISTERE  de l'\u00e9conomie, de l'emploi,\nDU  TRAVAIL,  DE  LA SANT\u00c9,  du travail et des solidarit\u00e9s\nDES  SOLIDARIT\u00c9S\nET  DES  FAMILLES\n=.\nR\u00e9c\u00e9piss\u00e9  n\u00b02025-573  de d\u00e9claration  d'activit\u00e9s de  services \u00e0 la personne\nenregistr\u00e9e  sous  le n\u00b0 SAP992256586  au nom  de  la SASU  SERVI  QUAL  sise 13 rue\nPaira  \u00e0 MEUDON  (92190)\nLE  PREFET  DES  HAUTS-DE-SEINE\nVu  la lo n\u00b0 2010-853  du  23  jullet 2010  relative aux  r\u00e9seaux  consulaires,  au  commerce et \u00e0\nl'artisanat et aux  services  (article 31) ;\nVu  la loi n\u00b02015-1776  du  28  d\u00e9cembre  2015  relative \u00e0  adaptation  de  la soci\u00e9t\u00e9  au\nviellissement\nVu  l'aricie 07231-1  du  Code  du  travall;\nVu  les d\u00e9crets n\u00b0 2011-1132  ot n\u00b0 2011-1133  du  20 septembre  2011  modifiant certaines\ndispositions du Code  du  travail, relatives au  ch\u00e9que  emploiservice  universel et aux\nservices  \u00e0 la personne  ;\nVu  le d\u00e9cret n\u00b02018-750 du 6 juin 2016 relatif \u00e0 la liste des activit\u00e9s de services \u00e0 la personne\nsoumises  \u00e0 agr\u00e9ment  ou \u00e0 autorisationdans le cadre du r\u00e9gime commun  de a  d\u00e9ciaration ;\nVu  le d\u00e9cret du 31 octobre 2024  portant nomination de  Monsieur  Alexandre  BRUGERE,  en\n'qualit\u00e9 de Pr\u00e9fet des Hauts-de-Seine ;\nVu  l'\u00e9t\u00e9  interminist\u00e9riel du  12 ao\u00fbt 2025  nommant  Monsieur  Fabrice MASI, Directeur\nr\u00e9gional et interd\u00e9partementalde l'\u00e9conomie, de l'emploi, du  travailet des solidarit\u00e9s dll\nde-France  \u00e0 compter  du  25  ao\u00fbt  2025  ;\nVu  l'arr\u00eat\u00e9 pr\u00e9fectoral n\u00b02026-33  du  22 ao\u00fbt 2025  par lequel le Pr\u00e9fet des  Hauts-de-Seine\nd\u00e9l\u00e8gue  sa  signature  \u00e0  Monsieur  Fabrice  MASI,  Directeur  r\u00e9gional et interd\u00e9partemental\nde \u00e9conomie, de l'emploi du travail et des solidarit\u00e9s d'\u00cele-de-France ;\nVu  la d\u00e9cision n\u00b0 2025-187  du  25 ao\u00fbt 2025  portant subd\u00e9l\u00e9gation de  signature de  Monsieur\nFabrice MASI,  Directeur r\u00e9gional et interd\u00e9partemental de l'\u00e9conomie, de  l'emploi, du\ntravail et des  soldari\u00e9s  d'le-de-France,  aux  agents  de  l'Unit\u00e9 d\u00e9partementale  des  Hauts-\nde-Seine\nVu  la d\u00e9claration d'actvit\u00e9s de services \u00e0 la personne  d\u00e9pos\u00e9es  le 16 octobre 2025 au nom\nde  la SASU  SERVIQUAL  sise 13  rue  Paira  \u00e0 MEUDON  (82190)\n\n'Apr\u00e8s examen du dossier, cette demande \u00e9tant conforme aux dispositions de l'article L. 7232-1-\n1 du  code  du  travall, le pr\u00e9sent  r\u00e9c\u00e9piss\u00e9  de  d\u00e9claration  d'activit\u00e9s de  services  \u00e0  la personne  a\n\u00e9t\u00e9  enregistr\u00e9  au  nom  de  la SASU  SERVIQUAL  sous  le num\u00e9ro  SAP  992256586,\nLes  activit\u00e9s d\u00e9clar\u00e9es  sont  les suivantes,  \u00e0 l'exclusion de  toute  autre\nEntretien  de  la maison  ot travaux  m\u00e9nagers  ;\n= Petits  travaux  dejardinage,  y  compris  les  travaux  de  d\u00e9broussaillage  ;\nTravaux de  petit  bricolage  dits  \u00ab  homme  toutes  mains  \u00bb  ;\n+ Garde  d'enfants de plus  de trois ans \u00e0 domicile  ;\n= Soutien  scolaire  ou  cours  \u00e0  domicile;\n= Pr\u00e9paration de  repas  \u00e0  domicile,  y  compris  le temps  pass\u00e9  aux  courses\n= Livraison de  repas  \u00e0 domicile;\n= Gollecte  et  livraison  \u00e0  domicile  de  linge  repass\u00e9  ;\nLivraison  de  courses  \u00e0 domicile  ;\n= Assistance  informatique  \u00e0 domicile;\n= Soins  et  promenades  d'animaux  de  compagnie,  l'exception  des soins  v\u00e9t\u00e9rinaires\net du  tollettage, pour  les personnes  d\u00e9pendantes  ;\n= Maintenance,  entretion  et  vigilance  temporaires,  \u00e0  domicile,  de  la  r\u00e9sidence\nprincipale at secondaire\n'Assistance  administrative  \u00e0  domicile\nAccompagnement  des  enfants  de  plus  de  trois ans  dans  leurs  d\u00e9placements  en\n'dehors  de leur domicile  (promenades,  transports,  actes  de la vie  courant)  ;\nPrestations  relevant du  b\u00e9n\u00e9fice  de\nG\u00e9n\u00e9ral  des  Imp\u00f4ts.\nLa  structure  exorce  ces  activit\u00e9s  selon  le mode  suivant  : PRESTATAIRE\nr\u00e9duction  imp\u00f4t  pr\u00e9vue  \u00e0 l'article 199  sexdecies  du  Code\nSous  r\u00e9serve  d'\u00eatre exerc\u00e9es  \u00e0 ttre exclusif par  le d\u00e9clarant  (ou  sous  r\u00e9serve  d'une  comptabilt\u00e9\ns\u00e9par\u00e9e pour les personnes morales dispens\u00e9es de la condition \u00a2actvt exclusive) ces activites,\nouvrent  drot  au  b\u00e9n\u00e9fice  des  dispositions  des  articles  L. 7233-2  du  code du  travall et  L. 241-10\ndu  code  de  la s\u00e9curit\u00e9 sociale.\nConform\u00e9ment  aux  dispositions  de  article R7232-19  du  code  du  travail l'organisme  d\u00e9clar\u00e9  dott\nproduire au moins  chaque  trimestre un \u00e9tat d'activit\u00e9 et chaque  ann\u00e9e  un  bilan quantitat et\nqualtatf de 'actwvit\u00e9 exerc\u00e9e au tite de l'ann\u00e9e \u00e9coul\u00e9e ainsi qu'un tableau statistique annuel.\nSi organisme  d\u00e9clar\u00e9  comport  plusieurs  \u00e9tablissements,  les  \u00e9tats  statistiques  ote  ban  annuel\ndistinguent  activit\u00e9  exerc\u00e9e  par  chaque  \u00e9tablissement.\nLe pr\u00e9sent  r\u00e9c\u00e9piss\u00e9  prend  effet lo 16 octobre  2028.\nL'enregistrement de la d\u00e9claration  pourra  \u00eatre retir\u00e9 si organisme  d\u00e9clar\u00e9  cesse  de remplir\nles conditions  ou  de  respacter  les obligations  mentionn\u00e9es  aux  4\u00b0,5\u00b0 et 8\u00b0 de  l'article\nR7232417  ou  qui  m\u00e9connalt  les  obligations  d\u00e9finies  \u00e0 l'article  R7232-19  du code  du  travail.\n\nToute  m des devra, sous\npeine  de  rerai  dela  d\u00e9claration, are  Tobjet Gune  d\u00e9claration  modticave  aupr\u00e9s de  l'Unit\u00e9\nd\u00e9partementale des  Hauts-de-Seine.\nLe  pr\u00e9sent  r\u00e9c\u00e9piss\u00e9  sera  publi\u00e9 au  recueil des  actes  administratifs de a  pr\u00e9fecture  des  Hauts-\nde-Seine,\nFait  \u00e0  Nanterre,  le 22  octobre  2025.\nPour  le Pr\u00e9fet\nPar  d\u00e9l\u00e9gation  et subd\u00e9l\u00e9gation\nLa  Responsable  du  service\nD\u00e9veloppement  de  Femploi  et des\ncomp\u00e9tences\nc\nMariarha CONDE\n\nEx  Direction r\u00e9gionale et interd\u00e9partementale\nMINIST\u00c8RE de l'\u00e9conomie, de l'emploi,\nDU  TRAVAIL,  DE  LA  SANT\u00c9,  du travail et des solidarit\u00e9s\nDES  SOLIDARIT\u00c9S\nET  DES  FAMILLES\nA\nR\u00e9c\u00e9piss\u00e9  n\u00b02025-574  de d\u00e9claration modificative d'activit\u00e9s de  services \u00e0 la\npersonne  enregistr\u00e9e  sous  le n\u00b0 SAP512069261  au nom  de  la SAS  VILLA\nBEAUSOLEIL  ROANNE  sise 13 Rue  de  la Vanne \u00e0 Montrouge  (92120)\nLE  PREFET  DES  HAUTS-DE-SEINE\nVu  la loi n\u00b0 2010-853 du 23 jullet 2010  relative aux  r\u00e9seaux  consulaires, au commerce  et \u00e0\nl'artisanat et aux  services  (article 31):\nVu  la loi n\u00b02015-1776  du 28  d\u00e9cembre  2015  relative \u00e0 l'adaptation de  la soci\u00e9t\u00e9 au\nviellissement ;\nVu  l'article D7231-1  du  Code  du travail\nVu les d\u00e9crets n\u00b0 2011-1132 et n\u00b0 2011-1133 du 20 septembre 2011 modifiant certaines\ndispositions du  Code  du travail, relatives au  ch\u00e8que  emploisenvice  universal et aux\nservices \u00e0 la personne  ;\nVu  le d\u00e9cretn\u00b02016-750 du 6 juin 2016 relatif \u00e0 la liste des activit\u00e9s de services \u00e0 la personne\nsoumises \u00e0 agr\u00e9ment  ou. autorisation dans le cadre  du r\u00e9gime commun  dela d\u00e9claration\nVu  le d\u00e9cret du 31 octobre 2024  portant nomination de  Monsieur  Alexandre  BRUGERE,  en\nqualt\u00e9 de Pr\u00e9fet des Hauts-de-Seine\nVu  l'arrt\u00e9 du 05  ao\u00fbt 2025  du Consel  d\u00e9partemental  de la Loire (44) autorisant la SAS  VILLA\nBEAU  SOLEIL  ROANNE  \u00e0 faire fonctionner un service autonomie  \u00e0 domicile aide au sein\nde  la r\u00e9sidence services VILLA  BEAUSOLEIL  sise 2 Place Sully \u00e0 Roanne  (42300);\nl'autorisation porte sur les activit\u00e9s de  services \u00e0 la personne  aupr\u00e8s  des  personnes  \u00e2g\u00e9es\netlou  en  situation  de  handicap  ;\nVu  l'\u00e9t\u00e9  interminist\u00e9riel du 12 ao\u00fbt 2025  nommant  Monsieur  Fabrice MASI,  Directeur\nr\u00e9gional et interd\u00e9partemental de l'\u00e9conomie, de l'emploi, du  travailet des soldart\u00e9s dll\nde-France  compter du 25  ao\u00fb  2025 ;\nVu  l'arr\u00eat\u00e9 pr\u00e9fectoral n\u00b02025-33  du 22 ao\u00fb  2025  par lequel le Pr\u00e9fet des  Hauts-de-Seine\nd\u00e9ligue  sa  signature  \u00e0  Monsieur  Fabrice  MASI,  Directeur  r\u00e9gional et interd\u00e9partemental\nde \u00e9conomie, de l'emploi du travail et des solidarit\u00e9s dile-de-France\nVu  la d\u00e9cision n\u00b02025-187  du 25 ao\u00fbt 2025  portant subd\u00e9l\u00e9gation de signature de Monsieur\nFabrice MASI,  Directeur r\u00e9gional et interd\u00e9partemental de l'\u00e9conomie, de l'emploi, du\n\ntraval  et des  solidart\u00e9s  d'\u00cele-de-France,  aux  agents  de  [Unite  d\u00e9partementale  des  Hauts-\nde-Seine  ;\nVu  le r\u00e9c\u00e9piss\u00e9  de  d\u00e9claration  d activites de  services  \u00e0 la personne  n\u00b02025-070  du  11 f\u00e9vrier\n22025  enregistr\u00e9  sous  le num\u00e9ro  SAPS12069261  au nom  de  la SAS  VILLA  BEAUSOLEIL\nROANNE  ;\nVu  la demande  de  modification  de  la d\u00e9claration  d'activit\u00e9s de  services  la personne  num\u00e9ro\nSAPS12069261  d\u00e9pos\u00e9es  le 07  ao\u00fbt  2025  au  nom  de  la SAS  VILLA  BEAUSOLEIL  sise\n13  Rue  de  la Vanne  \u00e0  Montrouge  (82120)\nConsid\u00e9rant  que  cette modification  vise \u00e0 incure les activit\u00e9s relevant de  l'autorisation et que\nle dossier  est conforme  aux  dispostions  de  faticle L. 7232-1-1  du  code  du\ntravail;\nLe  r\u00e9c\u00e9piss\u00e9  de  d\u00e9claration  activit\u00e9  de  service  \u00e0 la personne  n\u00b02025-070  du  11 f\u00e9vrier 2025  de\nla SAS  VILLA  BEAUSOLEIL  ROANNE  est modifi\u00e9  comme  sult\nActivit\u00e9s  d\u00e9clar\u00e9es  non  soumises  \u00e0 agr\u00e9ment  ou  autorisation  exerc\u00e9es  en  mode\nPRESTATAIRE  :\n= _Entrotin de  la maison  et travaux  m\u00e9nagers ;\n= Petts  travaux  de  jardinage,  y compris  les  travaux  de  d\u00e9broussaillage  ;\nTravaux  de  petit bricolage  its  \u00ab homme  toutes  mains  \u00bb ;\nPr\u00e9paration  de  repas \u00e0  domicile,  y compris le temps  pass\u00e9  aux  courses  ;\nLivraison  de  repas \u00e0 domicile  ;\nCollecte  et Ivraison  \u00e0 domicile  de  inge  repass\u00e9 ;\nLivraison  de  courses  \u00e0  domicle  ;\n'Assistance  informatique  \u00e0 domicile;\nMaintenance,  entretien et vigilance  temporaires,  \u00e0 domicile, de  la r\u00e9sidence\nprincipale et secondaire\n= Assistance  administrative  \u00e0  domicile;\n= T\u00e9l\u00e9assistance  et  visio-assistance  ;\n=  Interpr\u00e8te en  langue  des  signes,  technicien  de  \u00e9crit  et  codeur  en  langage  parl\u00e9  et\ncompl\u00e9t\u00e9\n= Coordination  et  d\u00e9livrance  des  services  \u00e0 personne ;\nActivit\u00e9s  autoris\u00e9es  exerc\u00e9es  on  mode  PRESTATAIRE  uniquement  au  soin  de  la r\u00e9sidence\nservices  VILLA  BEAUSOLEIL  situ\u00e9  au  2 Place  Sully  \u00e0  Roanne  (42300)  :\n- Accompagnement  des  personnes  \u00e2g\u00e9es,  des  personnes  handicap\u00e9es  ou  atteintes  de\npathologies  chroniques,  dans  leurs d\u00e9placements  en  dehors  de  leur domicile\npromenades,  aide ala moblit\u00e9 et au transport actes de la vie courante) quand cet\naccompagnement  est r\u00e9alis\u00e9 dans  les conditions  pr\u00e9vues  aux  1\u00b0 et 2\u00b0 de  art. 7232-6  du\ncode  du  travai\n-Assistance  dans  les  actes  quotidiens de  la  vie  ou  aide \u00e0  insertion  sociale aux  personnes\n'\u00e2g\u00e9es  et aux  personnes  handicap\u00e9es  ou  atteintes de  pathologies  chroniques  qui ont\nbesoin  de telles prestations  \u00e0 domicile, quand  ces  prestations sont  r\u00e9alis\u00e9es  dans les\nConditions pr\u00e9vues  aux  1\u00b0 et 2\u00b0 de  l'art. 7232-6 du  code  du  travail,  \u00e0 l'exclusion  d'actes  de\nsoins  relevant d'actes  m\u00e9dicaux  \u00e0 moins  qu'ils ne  solent ex\u00e9cut\u00e9s  dans  les conditions\npr\u00e9vues \u00e0 Fartcie L1111-6-1 du code de la sant\u00e9 publique et du d\u00e9cret n\u00b099-426 du 27\n\nmai  1999  habiltant  certaines  cat\u00e9gories  de  personnes  \u00e0 effectuer des aspirations endo-\ntrach\u00e9ales\n- Prestation  de  conduite  du  v\u00e9hicule  personnel  des  personnes  \u00e2g\u00e9es,  des  personnes\nhandicap\u00e9es  ou  ateintes  de  pathologies  chroniques  du  domicile  au  travail, sur le leu  de\nvacances, pour les d\u00e9marches  administratives quand  cette prestation est r\u00e9alis\u00e9e dans.\nLes  conditions  pr\u00e9vues  aux  1\u00b0 et 2\u00b0 de l'a. 7232-6 du  code du traval ;\nPrestations relevant du b\u00e9n\u00e9fice de la r\u00e9duction d'imp\u00f4t pr\u00e9vue  \u00e0 l'aricie 199 sexdecies du  Code\nG\u00e9n\u00e9ral  des  Imp\u00f4ts.\n'Sous  r\u00e9serve  d'\u00eatre exerc\u00e9es  a ttre exclusif parle  d\u00e9clarant  (ou  sous  r\u00e9serve  d'une  comptabiit\u00e9\ns\u00e9par\u00e9e  pour les personnes  morales  dispens\u00e9es de a  condition d'activit\u00e9 exclusive), ces activites\nouvrent droit au b\u00e9n\u00e9fice des  dispositions des  artcies L. 7233-2  du code  du traval et L.241-10\ndu  code  de  la s\u00e9curit\u00e9 sociale\n'Conform\u00e9ment  aux  dispositions de  article R7232-19  du code  du  travail l'organisme d\u00e9clar\u00e9 dott\nproduire au moins  chaque  trimestre un  \u00e9tat d'activit\u00e9 et chaque ann\u00e9e  un bilan quantitatif et\nquaitatf de l'actiit\u00e9 exerc\u00e9e  au titre de l'ann\u00e9e \u00e9coul\u00e9e  ainsi qu'un tableau statistique annuel\nSi l'organisme d\u00e9clar\u00e9 comporte  plusieurs \u00e9tablissements, les \u00e9tats statistiques ete  bilan annuel\ndistinguent  l'activit\u00e9 exerc\u00e9e  par  chaque  \u00e9tablissement.\nL'enregistrement  de la d\u00e9claration pourra \u00eatre rotir\u00e9 si l'organisme  d\u00e9clar\u00e9 cesse  de remplir\nles conditions  ou  de  respecter  les obligations  mentionn\u00e9es  aux  4\u00b0,5\u00b0 et 6\u00b0 de  l'article\nR7232-17  ou  qui m\u00e9connalt  les obligations d\u00e9finies \u00e0 l'article R7232-19  du  code  du  travail.\n'Toute modification concernant la structure d\u00e9clar\u00e9s ou les activit\u00e9s exerc\u00e9es devra, sous\npoire de retrait de la d\u00e9claration, faire l'objet d'une d\u00e9claration modificative aupr\u00e9s de l'Unit\u00e9\nd\u00e9partementale  des  Hauts-de-Seine\nLe  pr\u00e9sent  r\u00e9c\u00e9piss\u00e9  sera  publi\u00e9 au  recueil des  actes  administratifs de la pr\u00e9fecture des  Hauts-\nde-Seine.\nFait \u00e0 Nanterre, le 24  octobre  2025,\nPour  le Prifot\nd\u00e9l\u00e9gation  et subd\u00e9t\u00e9gation\nLa  Responsable du  service\nD\u00e9veloppement de  l'emplol  et des\ncomp\u00e9tences\nMarlhma  CONDE\n\nEx  Direction  r\u00e9gionale ot interd\u00e9partementale\nMINISTERE de l'\u00e9conomie, de l'emploi,\nDU  TRAVAIL,  DE LA  SANT\u00c9,  du  traval et des solidarit\u00e9s\nDES  SOLIDARIT\u00c9S\nET  DES  FAMILLES\nsm\nR\u00e9c\u00e9piss\u00e9  n\u00b02025-575  de  d\u00e9claration  modificative  d'activit\u00e9s de  services  \u00e0 la\npersonne  enregistr\u00e9e  sous  le n*SAPS24978731  au  nom  de  la SARL  NOSA\nSERVICES  sise 4  b Rue  Maurice  Delafosse  \u00e0 Boulogne  Billancourt  (92100)\nLE  PREFET  DES  HAUTS-DE-SEINE\nVu  la oi  n\u00b0  2010-859  du  23 Jult  2010  relative aux  r\u00e9seaux  consulaires,  au  commerce  et \u00e0\nFartisanat et aux  services  (article 31);\nVu  la loi 12015-1776:  du  28  d\u00e9cembre  2015  relative \u00e0 l'adaptation de  la soci\u00e9t\u00e9 au\nvillissement ;\nVu  l'aricie 07231-1  du  Code  du travat\nles d\u00e9crets n\u00b0  2011-1132  ot n\u00b0  2011-1133 du  20 septembre  2011  modifant  certaines\ndispositions  du  Code  du taval,  relatives au ch\u00e8que  emplo-service  universel et aux\n'services la  personne  ;\n'Vu  le  d\u00e9cret  n\u00b02016750  du  6 juin  2016  relatf a  ste  des  activites de  services  \u00e0 Ia personne\nsoumises  \u00e0  agr\u00e9ment  ou \u00e0 autorisation  dans  le cadre  du  r\u00e9gime  commun  de  ia  d\u00e9claration\nVu  le d\u00e9cret  du 31  octobre  2024  portant  nomination  de  Monsieur  Alexandre  BRUGERE,  en\n'quale  de Pr\u00e9ot  des  Hauts-de-Seine;\nVu  l'arr\u00eat\u00e9 DIRECCTE-UT82  n\u00b02015-327 du  16  septembre  2015  portant  renouvellement de\n'Fagr\u00e9ment  num\u00e9ro  SAPS24978731  enregistr\u00e9  au  nom  dela  SARL  NOSA  SERVICES  pour\n'exercer  les activit\u00e9s en  en  avec  les personnes  \u00e2g\u00e9es  et/ou  en  situation  de  handicap  en\nmode  PRESTATAIRE  et MANDATAIRE  sur  le d\u00e9partement  des  Hauts-de-Seine  (92);\nVu  l'arr\u00eat\u00e9 DIRECCTE-UDS2  n\u00b02020-208  du  11 septembre  2020  portant renouvellement  de\nl'agrment  SAPS24978731  enregistr\u00e9  au  nom  dela  SARL  NOSA  SERVICES  pour  exercer\nles activit\u00e9s en len avec les personnes  \u00e2g\u00e9es  et/ou en situation de handicap  en  mode\nMANDATAIRE  sur  le  d\u00e9partement  des  Hauts-de-Seine  (92):\nVu  lar\u00e9t\u00e9  interminist\u00e9riel  du  12  ao\u00fbt  2025  nommant  Monsieur  Fabrice  MASI,  Directeur\nr\u00e9gional  et interd\u00e9partemertal de l'\u00e9conomie,  de l'emplo,  du  travall et des  sobdart\u00e9s  dl\n'de-France \u00e0  compter  du  25  ao\u00fbt  2025\nVu  l'a\u00eat\u00e9  pr\u00e9fectoral  n\u00b02025-33  du  22 ao\u00fbt  2025  par  lequel  le Pr\u00e9fet  des  Hauts-de-Seine\nd\u00e9l\u00e8gue  sa  signature  \u00e0 Monsieur  Fabrice  MASI,  Directeur  r\u00e9gional  et iterd\u00e9partemental\nde  l'\u00e9conomie,  de l'emploi,  dutraval  et des  sohdart\u00e9s  de  -de-France  ;\n=\n\nVu  la d\u00e9cision n\u00b0 2025-187  du 25 ao\u00fbt 2025 portant subd\u00e9l\u00e9gation  de signature de Monsieur\nFabrice  MASI,  Directeur r\u00e9gional et interd\u00e9partemental  de  l'\u00e9conomie, de  l'emploi, du\ntravail  et des  solidarit\u00e9s d'l-de-France,  aux agents de l'Unit\u00e9 d\u00e9partementale  des  Hauts-\nde-Seine\nVu  le  r\u00e9c\u00e9piss\u00e9  de d\u00e9ctaration d'actvi\u00e9s  de  services  \u00e0 la personne  n\u00b02020-299  du 11\nseptembre  2020 enregistr\u00e9 sous  le num\u00e9ro  SAPS24978731  au nom  de la SARL  NOSA\nSERVICES ;\n'Vu la demande  de renouvellement  de l'agr\u00e9ment  SAPS24978731  d\u00e9pos\u00e9es  fe 02 mai  2025\nau  nom  de de la SARL  NOSA  SERVICES  sise  4b Rue  Maurice  Delafosse  \u00e0 Boulogne\nBiancourt  (92100)\nVu  l'ncompl\u00e9tude  et la non-conformi\u00e9  du  dossier  de demande  de  renouvellement  de\nl'agr\u00e9ment  SAP524978731 de SARL  NOSA  SERVICES,  notii\u00e9es parle service instructeur\npar  mail du 05 ma  et du 24 juin 2025\nConsid\u00e9rant que selon les dispositions de la li n\u00b020151778  du 28 d\u00e9cembre  2015 relative\n\u00e0 \"Adaptation de  la  Soci\u00e9t\u00e9 au Vielissement  (ASV)  entr\u00e9e en vigueur le 1\"\nJanvier 2018,  la SARL  NOSA  SERVICES  est r\u00e9put\u00e9e  d\u00e9tenir une\nautorisation visant \u00e0 assurer sur le d\u00e9partement des Hauts-de-Seine, des\nactivites de services d'aides et de soins \u00e0 la personne  au domicie.  Cette\nautorisation est valable pour une  dur\u00e9e  de 15 ans  \u00e0 compter  de la date \u00e0\nlaquelle l'agr\u00e9ment  \u00e0 6t  accord\u00e9,  sole  17 septembre  2015\nl'agr\u00e9ment  de services \u00e0 la personne  num\u00e9ro  SAP524978731  de la SARL\nNOSA  SERVICES  portant  sur  les activit\u00e9s aupr\u00e8s  des  personnes  \u00e2g\u00e9es\ntou  en situation de handicap  en mode  MANDATAIRE  sur  le d\u00e9partement\ndes  Hauts-de-Seine  (92) est \u00e9chu depuis  le 17 septembre  2026 ;\n(Consid\u00e9rant que  le dossier est  conforme  aux dispositions de Farce  L.7232-1-1  du Code  du\nTravail et que la pr\u00e9sente  modification vise \u00e0 matte  \u00e0 jour les activit\u00e9s de\nservces  \u00e0 la personne  exerc\u00e9es  et d\u00e9ciarbes par  SARL  NOSA  SERVICES,\n'compte  tenu de F\u00e9ch\u00e9ance  de l'agr\u00e9ment  SAP  sur  le d\u00e9partement  des\nHauts-de-Seine (2)  et du renowvellement  duit  agr\u00e9ment  ;\nLe  r\u00e9c\u00e9piss\u00e9  de d\u00e9claration modificative dactvt\u00e9s  de services \u00e0 la personnes  1\u00b02020-299  en\n'date  du 11 septembre  2020 au nom  de a  SARL  NOSA  SERVICES  est  ainsi modifi\u00e9\nLes  activit\u00e9s d\u00e9clar\u00e9es sont les suivante,  \u00e0 exclusion  de toute autre\nActivit\u00e9s  d\u00e9clar\u00e9es  non  soumises  \u00e0 agr\u00e9ment  ou autorisation  exerc\u00e9es  on mode\nPRESTATAIRE  et MANDATAIRE :\nEntretion  de fa maison  at travaux  m\u00e9nagers;\nPreparation de repas  \u00e0 domicile\nLivraison de repas  \u00e0 domicie\nLivraison de courses  \u00e0  dom  ;\nSoins  et promenades d'animaux  de compagnie,  \u00e0exception des soins  v\u00e9t\u00e9rinaires et du\ntoilettage  pour  les personnes  d\u00e9pendantes ;\n\n= Assistance  administrative  \u00e0  domicile  +\n+ Prestation  de  conduite  du  v\u00e9hicule  personnel  des  personnes  temporairement\nd\u00e9pendantes  autres  que  personnes  \u00e2g\u00e9es,  handicap\u00e9es  ou ateintes  de pathologies\nchroniques,  du  domicile  au  traval,  sur  le lieu de  vacances,  pour  les  d\u00e9marches\nadministratives :\n'Accompagnement  des  personnes  temporairement  d\u00e9pendantes  autres  que  personnes\n\u00e2g\u00e9es,  handicap\u00e9es ou atteintes de pathologies chvoniques, dans leurs d\u00e9placements  en\ndehors  de  leur  domicile  (promenades,  aide  \u00e0  la mobil  et  au  transport,  actes  de  la vie\ncourante) :\nAssistance aux  personnes  autres  que  personnes  \u00e2g\u00e9es,  nandicap\u00e9es  ou  atteintes  de\nPathologies chroniques qui ont besoin temporairement  dune aide personnels  \u00e0 leur\ndomicile,  \u00e0 l'exclusion des sons  relevant d'actes m\u00e9dicaux\nActivit\u00e9s  autoris\u00e9es  xorc\u00e9es  en  mode  PRESTATAIRE  sur  le d\u00e9partement  des  Hauts-de-\nSeine  (92):\n- Prestation  de  conduite  du  v\u00e9hicule  personnel  des  personnes.  temporairement\n'd\u00e9pendantes  autres  que  personnes  \u00e2g\u00e9es,  handicap\u00e9es  ou attintes  de  pathologies\nchroniques. du  domicke  au  travel, sur  le lieu de  vacances,  pour  les  d\u00e9marches\nadministratives\n- Accompagnement  des  personnes  temporairement  d\u00e9pendantes  autres  que  personnes,\n\u00e2g\u00e9es. handicap\u00e9es ou atieintes de pathologies chroniques, dans leurs d\u00e9placements en\ndehors  de leur domicie  (promenades,  aide \u00e0 la mobil\u00e9  et au transport  actes  dela vie\ncourante) ;\n- Assistance  aux  personnes  autres  que  personnes  \u00e2g\u00e9es,  handicap\u00e9es  ou  atteints  de\npathologies chroniques qui ont besoin femporairement dune aide personnelle \u00e0 leur\ndomicile,  \u00e0  l'exclusion des sains relevant 'actes  m\u00e9dicaux\nPrestations  relevant  du  b\u00e9n\u00e9fice  de  la r\u00e9duction  d'imp\u00f4t  pr\u00e9vue  \u00e0 article  199  sexdecies  du Code\nG\u00e9n\u00e9ral des  Imp\u00f4ts.\nSous  r\u00e9serve  d'tre  exerc\u00e9es  \u00e0 thre exclusif par le d\u00e9carant  (ou sous r\u00e9serve d'une comptabilit\u00e9\ns\u00e9par\u00e9e  pour les personnes  morales  dispens\u00e9es  de a  condition d'activit\u00e9 exclusive), ces  activites\n'uvrentdrot  au  b\u00e9n\u00e9fice  des  dispositions  des  articles L. 7233-2  du  code  du travail et L 241-10\ndu  code  dela  s\u00e9curte  sociale,\n{Conform\u00e9ment aux dispositons de farce  R7232-19  du code du travail, organisme  d\u00e9clar\u00e9 dot\nprodu  au moins chaque trimestre un \u00e9tat dactivt\u00e9 et chaque ann\u00e9e un bilan quantita et\nQualia  de l'activit\u00e9 exerc\u00e9e  au tire de l'ann\u00e9e \u00e9coul\u00e9e  ainsi qu'un tableau statistique annuel.\n'Siforganisme  d\u00e9clar\u00e9 comporte  plusieurs \u00e9tablissements, les \u00e9tats statistiqueset fe bilan annuel\ndisinguent  activit\u00e9  exerc\u00e9e  par chaque  \u00e9tablissement.\nLe pr\u00e9sent  r\u00e9c\u00e9piss\u00e9  prond  effet le 17 septembre  2025.\nL'enregistrement de la d\u00e9claration  pourra \u00e9tre retir\u00e9s  l'organisme d\u00e9clar\u00e9  cesse  de remplir\nles  conditions  ou  de  respecter  les obligations  mentionn\u00e9es  aux  4\u00b0,5\u00b0 et 6\u00b0 de  l'article\nR7232-17  ou  qui  m\u00e9connalt les  obligations  d\u00e9finies \u00e0  article  R7232-19 du  code  du  travail.\n\nLe  pr\u00e9sent r\u00e9c\u00e9piss\u00e9sera publi\u00e9 au recuel des actes adminisratis de la pr\u00e9fecture des Hauts-\ndeSeine.\nFait \u00e0 Nanterre, le 24  octobre 2025\nPour  le Pr\u00e9fet\nPar  d\u00e9l\u00e9gation  ot subd\u00e9l\u00e9gation\nLa  Responsable  du  service\nD\u00e9veloppement  de l'emploi et des\ncomp\u00e9tences\ned\"\nCOND\u00c9\n\nE  Direction  r\u00e9gionale et  interd\u00e9partementale\nMINIST\u00c8RE de l'\u00e9conomie, de l'emploi,\nDU  TRAVAIL,  DE  LA  SANT\u00c9,  du travail et des solidarit\u00e9s\nDES  SOLIDARIT\u00c9S\nET  DES  FAMILLES\nEM\nR\u00e9c\u00e9piss\u00e9  n\u00b02025.576  de  d\u00e9claration  d'activit\u00e9s  de  services  \u00e0  la personne:\nenregistr\u00e9e  sous  le n\u00b0  SAP992821058  au  nom  de  la micro-entreprise  SADRAOUI\nMEROUANE  sise  11 Rue  Saint-Denis  \u00e0  COLOMBES  (92700)\nLE  PREFET  DES  HAUTS-DE-SEINE\nVu  la loi n\u00b0  2010-853 du  23  juillet 2010  relative  aux  r\u00e9seaux  consulaires,  au  commerce  et  \u00e0\nl'artisanatet aux  services (article 31) ;\nVu  la lo  n\u00b02015-1776  du  28  d\u00e9cembre  2015  1\nveilissement ;\nticle D7231-1  du  Code  du  travail;\nsoci\u00e9t\u00e9  autive \u00e0 l'adaptation de\nvu\nVu  les  d\u00e9crets  n\u00b0  2011-1132  et n\u00b0  2011-1133  du  20  septembre  2011  modifiant  certaines\ndispositions du  Code  du  traval, relatives au  ch\u00e8que  emplol-service  universel et aux\nservices \u00e0 la personne\nVu  le d\u00e9cret  n\u00b02016750 du 6 juin 2016 relatif\u00e0 la liste des activit\u00e9s de services \u00e0 la personne\n'soumises  \u00e0 agr\u00e9ment  ou \u00e0 autorisation  dans  le cadre  du  r\u00e9gime  commun  dela  d\u00e9ctaration\n'Vu le d\u00e9cret  du  31 octobre  2024  portant  nomination  de  Monsieur  Alexandre  BRUGERE,  en\nquait\u00e9 de Pr\u00e9fet des Hauts-de-Seine ;\nVu  l'ar\u00eat\u00e9 interminist\u00e9riel du  12 ao\u00fbt  2025  nommant  Monsieur  Fabrice  MASI,  Directeur\nr\u00e9gional et interd\u00e9partemental de l'\u00e9conomie, de l'emplo, du travail et des soldartes dll\nde-France \u00e0  compter  du  25  ao\u00fbt  2025  ;\nVu  l'arr\u00eat\u00e9 pr\u00e9fectoral n\u00b02026-33  du  22  ao\u00fbt  2025  par  lequel le Pr\u00e9fet des  Hauts-de-Seine\n'd\u00e9l\u00e8gue  sa  signature  \u00e0  Monsieur  Fabrice MASI,  Directeur  r\u00e9gional  et  interd\u00e9partemental\nde  \u00e9conomie,  de  l'emploi du travallet des solidart\u00e9s d'le-de-France ;\nVu  la d\u00e9cision  n\u00b0 2025-187  du  25  ao\u00fbt  2025  portant  subd\u00e9l\u00e9gation  de  signature  de  Monsieur\nFabrice  MASI,  Directeur  r\u00e9gional et interd\u00e9partemental  de  l'\u00e9conomie,  de  l'emploi, du\ntravail et  des  solidarit\u00e9s  d'le-de-France,  aux  agents  de  Unit\u00e9  d\u00e9partementale  des  Hauts-\nde-Seine  ;\nVu  la d\u00e9claration  d'activit\u00e9s  de  services  \u00e0 la personne  d\u00e9pos\u00e9es  le 18  octobre 2025  au  nom\nde  la micro-entreprise  SADRAOUI  MEROUANE  sise 11 Rue  Saint-Denis  \u00e0 COLOMBES\n(82700)\n\nApr\u00e8s  examen  du dossier, cette demande  \u00e9tant conforme  aux  dispositions de  Fartice L. 7232-1-\n1 du code  du traval, le pr\u00e9sent  r\u00e9c\u00e9piss\u00e9  de d\u00e9claration d activit\u00e9s de services  \u00e0 la personne a\n\u00e9t\u00e9 enregistr\u00e9 au  nom  de la micro-entreprise SADRAOUI  MEROUANE  sous  le num\u00e9ro  SAP\n1992821058,\nLes  activites d\u00e9clar\u00e9es  sont les suivantes,  \u00e0  l'exclusion de  toute autre\n= Entrotion  de  la maison  et travaux  m\u00e9nagers  ;\nPrestations relevant du b\u00e9n\u00e9fice de a r\u00e9duction dimpot  pr\u00e9vue  \u00e0 l'article 199 sexdecies  du Code\nG\u00e9n\u00e9ral  des  Imp\u00f4ts.\nLa  structure  exerce  ces  activit\u00e9s  selon  le mode  suivant  : PRESTATAIRE\n'Sous  r\u00e9serve  d'\u00eatre exerc\u00e9es  \u00e0 tite exclusf  par  le d\u00e9clarant  (ou  sous  r\u00e9serve  d'une  comptabilit\u00e9\ns\u00e9par\u00e9e  pour les personnes  morales  dispens\u00e9es  de  la condition d'actvit\u00e9 exclusive), ces activit\u00e9s.\nouvrent droit au b\u00e9n\u00e9fice des  dispositions des  articles L. 7283-2  du code  du  travail et L 241-10,\ndu  code  de  la s\u00e9curit\u00e9 sociale.\n'Conform\u00e9ment  aux  dispositions de l'article R7232-19  du  code  du travail, organisme  d\u00e9clar\u00e9 doit\nproduire  au  moins  chaque  trimestre un  \u00e9tat d'activit\u00e9 et chaque  ann\u00e9e  un  bilan quantitatif et\nquaitatf de l'activit\u00e9 exerc\u00e9e au tive de l'ann\u00e9e \u00e9coul\u00e9e ainsi qu'un tableau statistique annuel.\nSi l'organisme d\u00e9clar\u00e9 comport  plusieurs \u00e9tablissements, les \u00e9tats statistiques et le bilan annuel\ndistinguent  l'activit\u00e9 exerc\u00e9e  par  chaque  \u00e9tablissement\nLe  pr\u00e9sent  r\u00e9c\u00e9piss\u00e9  prend  effet le 18  octobre  2028.\nL'enrogistrement de la d\u00e9claration  pourra  \u00eatre rotir\u00e9 si l'organisme d\u00e9clar\u00e9  cesse  de remplir\nles conditions  ou  de  respecter  les obligations mentionn\u00e9es  aux 4\u00b0, at 6\u00b0 de  l'article\nR7232-17  ou  qui m\u00e9connait  les obligations d\u00e9finies \u00e0 article R7232-19 du  code  du  travail,\n'Toute modification concernant la structure d\u00e9clar\u00e9s ou les activit\u00e9s exerc\u00e9es devra, sous\npeine de  retrait de  la d\u00e9claration, faire l'objet d'une d\u00e9claration modificative aupr\u00e9s  de [Unite\nd\u00e9partementale  des  Hauts-de-Seine\nLe  pr\u00e9sent  r\u00e9c\u00e9piss\u00e9  sora  publ\u00e9  au  recueil des  actes  administratfs  de la pr\u00e9fecture  des  Hauts-\nde-Seine.\nFait \u00e0  Nanterre,  le 27  octobre  2028.\nPour  le Pr\u00e9fet\nar  d\u00e9l\u00e9gation  ot subd\u00e9l\u00e9gation\nLa  Responsabl\nD\u00e9veloppement  de  l'emploi  et des\n\nEs  Direction  r\u00e9gionale et  interd\u00e9partementale\nMINIST\u00c8RE  de l'\u00e9conomie, de l'emploi,\nDU  TRAVAIL,  DE  LA  SANT\u00c9,  du travail et des solidarit\u00e9s\nDES  SOLIDARIT\u00c9S\nET  DES  FAMILLES\nA\nR\u00e9c\u00e9piss\u00e9  n\u00b02025-577  de  d\u00e9claration  d'activit\u00e9s  de  services  \u00e0  la personne\n\"enregistr\u00e9e  sous  le n\u00b0 SAP830461448  au  nom  de  la micro-entreprise  DIAWARA\nAISSATOU  sise  117  Rue  de  Buzenval  \u00e0  GARCHES  (92380)\nLE  PREFET  DES  HAUTS-DE-SEINE\nVu  la loi n\u00b0  2010-853 du  23  jullet  2010  relative  aux  r\u00e9seaux  consulaires,  au  commerce et  \u00e0\nl'artisanat  et aux  services  (article 31)\nVu  la loi n\u00b02015-1776  du  28  d\u00e9cembre  2015  relative  \u00e0  Fadaptation  de\nvieilissement ;\nsoci\u00e9t\u00e9 au\nVu  l'article D7231-1  du  Code  du  travail;\nVu  les d\u00e9crets  n\u00b0 2011-1132  et n\u00b0 2011-1133  du  20  septembre  2011  modifiant  certaines\ndispositions  du  Code  du  traval, relatives  au  ch\u00e8que  emploi-service  universel  et aux\nservices \u00e0 la personne ;\nVu  le d\u00e9cret  n\u00b02018750 du  6 juin 2016  relatif\u00e0 la liste des  activit\u00e9s de  services  \u00e0 la personne\nsoumises \u00e0 agr\u00e9ment  ou \u00e0 autorisation dans  le cadre  du  r\u00e9gime  commun  dela d\u00e9claration ;\nVu  le d\u00e9cret  du  31 octobre  2024  portant  nomination  de  Monsieur  Alexandre  BRUGERE,  en\nquait\u00e9 de Pr\u00e9fet des Hauts-de-Seine;\nVu  l'\u00e9t\u00e9  interminist\u00e9riel  du  12  ao\u00fbt  2025  nommant  Monsieur  Fabrice  MASI,  Directeur\nr\u00e9gional et interd\u00e9partemental  de  l'\u00e9conomie,  de  l'emplo,  du  travail t  des  solidart\u00e9s  dll\ndde-France  \u00e0 compter  du  25  ao\u00fbt  2025\nVu  l'ar\u00eat\u00e9 pr\u00e9fectoral n\u00b02025-33  du  22  ao\u00fbt  2025  par  lequel le Pr\u00e9fet des  Hauts-de-Seine\nd\u00e9l\u00e8gue  sa  signature \u00e0 Monsieur  Fabrice  MASI,  Directeur  r\u00e9gional et interd\u00e9partemental\nde l'\u00e9conomie, de  l'emploi, du traval et des  soli\u00e9art\u00e9s d'\u00cele-de-France ;\nVu  la d\u00e9cision  n\u00b0  2025-157  du  25  ao\u00fbt  2025  portant  subd\u00e9l\u00e9gation  de  signature  de  Monsieur\nFabrice  MASI,  Directeur  r\u00e9glonal  et  interd\u00e9partemental  de  l'\u00e9conomie,  de  l'emploi, du\ntravail et des  solidarit\u00e9s d'le-de-France,  aux  agents de l'Unit\u00e9 d\u00e9partementale  des  Hauts-\nde-Seine  ;\nVu  la d\u00e9claration  d'actwt\u00e9s  de  services  \u00e0 la personne  d\u00e9pos\u00e9es  le 18 octobre 2025  au  nom\nde  la micro-entreprise  DIAWARA  AISSATOU  sise  117  Rue  de  Buzenval  \u00e0  GARCHES\n(92380);\n\n'Apr\u00e8s examen  du dossier, cette demande  \u00e9tant conforme aux dispositions de article L. 7232\n1 du code  du traval, le pr\u00e9sent  r\u00e9c\u00e9piss\u00e9  de d\u00e9claration d'activit\u00e9s de services \u00e0 la personne  \u00e0\n\u00e9t\u00e9  enregistr\u00e9  au  nom  de  la micro-entreprise  DIAWARA  AISSATOU  sous  le num\u00e9ro  SAP\n8304681448.\nLes  activit\u00e9s d\u00e9clar\u00e9es  sont les  suivantes,  \u00e0 l'exclusion de toute autre\nEntrotion  de  la maison  et travaux  m\u00e9nagers  ;\nPrestations  relevant  du  b\u00e9n\u00e9fice  de  la r\u00e9duction  d'imp\u00f4t  pr\u00e9vue  \u00e0 Faricle 199  sexdecies  du  Code\nG\u00e9n\u00e9ral  des  imp\u00e9ts.\nLa  structure exerce  ces  activit\u00e9s selon  le mode  suivant  : PRESTATAIRE\n'Sous  r\u00e9serve  d'\u00eatre exerc\u00e9es  \u00e0 tire exclusif par  le d\u00e9clarant  (ou  sous  r\u00e9serve  d'une  comptabilit\u00e9\ns\u00e9par\u00e9e  pour les personnes  morales dispens\u00e9es  de la condition d activit\u00e9 exclusive), ces activit\u00e9s\n'ouvrent droit au  b\u00e9n\u00e9fice  des  dispositions  des  articles L. 7233-2  du  code  du  traval et L. 241-10\ndu  code  de  la s\u00e9curit\u00e9  sociale\n'Conform\u00e9ment  aux  dispositions de  l'article R7232-19  du  code  du  travail, l'organisme  d\u00e9clar\u00e9  dot\nproduire au moins chaque  trimestre un \u00e9tat d'activit\u00e9 et chaque  ann\u00e9e  un bilan quantitatif et\nqualtatf de factvit\u00e9 exerc\u00e9e  au tie  de  l'ann\u00e9e \u00e9coui\u00e9e  ainsi qu'un tableau statistique annuel.\nSi l'organisme  d\u00e9clar\u00e9  comporte  plusieurs  \u00e9tablissements,  les \u00e9tats statistiques et le bilan annuel\ndistinguent  l'activit\u00e9 exerc\u00e9e  par  chaque  \u00e9tablissement\nLe  pr\u00e9sont  r\u00e9c\u00e9piss\u00e9  prend  effet le 18 octobre  2025.\nL'enregistrement de  la d\u00e9claration  pourra  tre  rtir\u00e9  si l'organisme  d\u00e9clar\u00e9  casse  de  romplir\nles conditions  ou  de  respecter  les obligations mentionn\u00e9es  aux  46\u00b0 et 6\u00b0 do  l'article\nR7232-17  ou  qui  m\u00e9connait  les obligations  d\u00e9finies  \u00e0 article  R7232-19  du  code du  travail,\n'Toute modification concemant la structure d\u00e9clar\u00e9e ou Les activit\u00e9s exerc\u00e9es devra, sous\npeine de retrait de la d\u00e9claration, faire l'objet dune  d\u00e9ciaration modificative aupr\u00e8s  de {Unit\u00e9\nd\u00e9partementale  des  Hauts-de-Seine.\nLe  pr\u00e9sent  r\u00e9c\u00e9piss\u00e9  sera  publi\u00e9 au recuoi  des  actes  administratifs de  la pr\u00e9fecture des  Hauts-\nde-Seine.\nFait \u00e0  Nanterre,  le 27 octobre  2025.\nPour  le  Pr\u00e9fet\nPar  d\u00e9l\u00e9gation  ot subd\u00e9l\u00e9gation\nLa  Responsable  du  service\nD\u00e9veloppement  de  l'emploi  et des\ncomp\u00e9tences.\nMari\u00e4ma  CONDE\n\n=n  Direction  r\u00e9gional et  interd\u00e9partementale\n'de \u00e9conomie,  de  l'emploi,\nPINT une pe LA SANT\u00c9, du travail ot des solidarit\u00e9s\nDES  SOLIDARIT\u00c9S\nET  DES  FAMILLES\nA\nR\u00e9c\u00e9piss\u00e9  n\u00b02025-578  de  d\u00e9claration  d'activit\u00e9s de  services  \u00e0 la personne\nenregistr\u00e9e  sous  le n\u00b0  SAP991898909 au  nom  de  la micro-entreprise  MENEUX\nHELENA  sise  2  E  Rue  Savier \u00e0  MALAKOFF  (92240)\nLE  PREFET  DES  HAUTS-DE-SEINE\nau  commerce et \u00e0Vu  la loi n\u00b0 2010-859  du  23  jullet 2010  relative aux  r\u00e9seaux  consul\nl'artisanat  et aux  services  (article 31)  ;\nVu  la loi 1\u00b02018-1776  du  28  d\u00e9cembre  2015  relative \u00e0 adaptation  de  la soci\u00e9t\u00e9  au\nveilissement\n\u00a3 ticle  D7231-1  du  Code  du  travail\nVu  les d\u00e9crets  n\u00b0 2011-1132  et n\u00b0 2011-1133  du  20  septembre  2011  modifiant  certaines\ndisposiions  du  Code  du  travail, relatives au  ch\u00e8que  emploi-service  universel et aux\nservices \u00e0 la personne  ;\n'Vu le d\u00e9cret  n\u00b02016750  du  6 juin 2016  relatif \u00e0 la liste des  activites de  services  \u00e0 la personne\nsoumises  \u00e0 agr\u00e9ment  ou  \u00e0 autorisation  dans  le cadre  du  r\u00e9gime  commun de  la  d\u00e9claration  ;\nVu  le d\u00e9cret  du  31  octobre  2024  portant  nomination  de  Monsieur  Alexandre  BRUGERE,  en\nualt\u00e9  de Pr\u00e9fet des Hauts-de-Seine\nVu  l'arr\u00eat\u00e9 interminist\u00e9riel  du  12  ao\u00fbt  2025  nommant  Monsieur  Fabrice  MASI,  Directeur\nr\u00e9gional  et  interd\u00e9partemental  de  l'\u00e9conomie,  de  l'emploi,  du  travail et des  solidart\u00e9s  d'le-\nde-France \u00e0 compter  du 25 ao\u00fbt  2025 ;\nVu  l'rr\u00e8t\u00e9  pr\u00e9fectoral  n\u00b02025-33  du  22  ao\u00fb  2025  par  lequel  le Pr\u00e9fet  des  Hauts-de-Seine\n'd\u00e9l\u00e8gue  sa  signature  \u00e0 Monsieur  Fabrice  MASI, Directeur  r\u00e9gional et interd\u00e9partemental\nde  l'\u00e9conomie, de l'emploi, du travailet des solidarit\u00e9s d'l-de-France\nVu  la d\u00e9cision  n\u00b0  2025-157  du  25  ao\u00fbt  2025  portant  subd\u00e9l\u00e9gation  de  signature  de  Monsieur\nbrice  MASI,  Directeur  r\u00e9gional  et interd\u00e9partemental  de  \u00e9conomie,  de  l'emploi, du\ntravail et  des  solidantes  d'le-de-France,  aux  agents  de  l'Unit\u00e9  d\u00e9partementale  des  Hauts-\nde-Seine\nVu  la  d\u00e9claration  d activit\u00e9s  de  services  a la personne  d\u00e9pos\u00e9es  le 19 octobre  2025  au  nom\nde  la micro-entreprise  MENEUX  HELENA  sise  2  E  Rue  Savier  \u00e0  MALAKOFF  (92240)\n\nApr\u00e8s examen  du dossier, cette demande  \u00e9tant conforme aux dispositions de rarticle L. 7232\n1 du  code  du  traval, le pr\u00e9sent  r\u00e9c\u00e9piss\u00e9  de  d\u00e9claration  d'activit\u00e9s de  services  \u00e0 la personne  a\n\u00e9t\u00e9  enregistr\u00e9  au  nom  de  la micro-entreprise  MENEUX  HELENA  sous  le num\u00e9ro  SAP\n'991898909,\nLes  activit\u00e9s d\u00e9clar\u00e9es  sont les suivantes, \u00e0 l'exclusion de toute autre\n= Entrotion  de  la maison  et travaux  m\u00e9nagers  ;\nPrestations  relevant  du  b\u00e9n\u00e9fice  dela  r\u00e9duction  d'imp\u00f4t  pr\u00e9vue  \u00e0 Tarticle 199  sexdecies  du  Code\nG\u00e9n\u00e9ral  des  Imp\u00f4ts.\nLa  structure  exerce  ces  activit\u00e9s  selon  le mode  suivant  :  PRESTATAIRE\nSous  r\u00e9serve  d'\u00eatre exerc\u00e9es  \u00e0 tte  exclus  par  le d\u00e9clarant (ou sous  r\u00e9serve  d'une  comptablt\u00e9\ns\u00e9par\u00e9e  pour  les personnes  morales  dispens\u00e9es  de a  condition  d'actvit\u00e9 exclusive), ces  activites\nouvrent  droit au  b\u00e9n\u00e9fice  des  dispositions  des  articles L. 7293-2  du  code  du  traval et L  241-10\ndu  code  de  la s\u00e9curit\u00e9 sociale,\n{Conform\u00e9ment  aux  dispositions de  l'article R7232-19  du  code  du  travail, l'organisme  d\u00e9clar\u00e9  dot\nproduire au moins chaque  trimestre un \u00e9tat dactvit\u00e9 et chaque ann\u00e9e  un bilan quantitatif et\nqualtatf  de  l'actu  exerc\u00e9e  au  tire de  l'ann\u00e9e  \u00e9coul\u00e9e  ainsi qu'un  tableau  statistique annuel.\nSi organisme  d\u00e9clar\u00e9  comport  plusieurs  \u00e9tablissements,  les \u00e9tats statistiques et le bilan annuel\nisinguent  l'activit\u00e9 exerc\u00e9e  par  chaque  \u00e9tablissement\nLe  pr\u00e9sent  r\u00e9c\u00e9piss\u00e9  prend  effet le 19  octobre  2026.\nL'enregistrement de la d\u00e9claration  pourra \u00eatre retir\u00e9 si l'organisme  d\u00e9clar\u00e9  cesse  de remplir\nles conditions  ou  de  respecter  les  obligations  mentionn\u00e9es  aux  4\u00b0,5\u00b0 et 6\u00b0 de  l'article\nR7232-17  ou  qui  m\u00e9connalt  les obligations  d\u00e9finies  \u00e0  article  R7232-19  du  code  du  travail.\nt devra, sous.\npeine de retrait de a  d\u00e9claration, faire l'objet dune  d\u00e9claration modiicative aupr\u00e9s de l'Unit\u00e9\nd\u00e9partementale  des  Hauts-de-Seine.\nLe  pr\u00e9sent  r\u00e9c\u00e9piss\u00e9  sera publi\u00e9 au recueil  des  actes  administratifs de Ia pr\u00e9fecture  des  Hauts-\nde-Seine.\nFait \u00e0  Nanterre, le  27  octobre 2025.\nPour  le Pr\u00e9fet\nPar  d\u00e9l\u00e9gation  et subd\u00e9l\u00e9gation\nLa  Responsable  du  service\nD\u00e9veloppement  de  l'emploi  et des\n'comp\u00e9ten\u00ab\nMariama  CONDE\n\n=n  Direction r\u00e9gionale  et interd\u00e9partementale\nMINIST\u00c8RE de l'\u00e9conomie,de l'emploi,\nDU  TRAVAIL,  DE  LA  SANT\u00c9,  du travail et des solidarit\u00e9s\nDES  SOLIDARIT\u00c9S\nET  DES  FAMILLES\nR\u00e9c\u00e9piss\u00e9  n\u00b02025-579  de  d\u00e9claration  d'activit\u00e9s de  services  \u00e0 la personne\nenregistr\u00e9e  sous  le n\u00b0 SAP992720003  au  nom  de  la micro-entreprise  MATTHEY\n'JULIANA  sise  108  Avenue  du  12  F\u00e9vrier  1934  \u00e0  MALAKOFF  (92240)\nLE  PREFET  DES  HAUTS-DE-SEINE\nVu  la loi n\u00b0 2010-853  du  23  juilet 2010  relative aux  r\u00e9seaux  consulaires,  au  commerce  et \u00e0\nFartisanat et aux  services  (article 31);\nVu  la loi n\u00b020151776  du  28  d\u00e9cembre  2015  relatwe \u00e0  l'adaptation de  la soci\u00e9t\u00e9  au\nviellissement ;\nVu  l'aricie 07231-1  du  Code  du  travail;\nVu  les d\u00e9crets n\u00b0 2011-1132  et n\u00b0 2011-1133  du  20  septembre  2011  modifiant certaines\ndisposiions  du  Code  du  travail, relatives au  ch\u00e8que  emploi-service  universel et aux\n'services  \u00e0 la  personne ;\nVu  le d\u00e9cret  n\u00b02016750  du  8 juin 2016  relat  \u00e0 la liste des  activit\u00e9s de services  \u00e0  la personne\nsoumises  \u00e0 agr\u00e9ment  ou  \u00e0 autorisation dans  lecadre  du  r\u00e9gime  commun de a  d\u00e9ciaration  ;\nVu  le d\u00e9cret  du  31 octobre  2024  portant  nomination  de  Monsieur  Alexandre  BRUGERE,  en\nqualit\u00e9 de Pr\u00e9fet des  Hauts-de-Seine ;\nVu  l'ar\u00eat\u00e9 interminist\u00e9riel du  12 ao\u00fbt  2025  nommant  Monsieur  Fabrice  MASI,  Directeur\nr\u00e9gional et interd\u00e9partemental de l'\u00e9conomie, de l'emploi. du travail et des soldant\u00e9s dll\nde-France  \u00e0  compter  du  25  ao\u00fbt  2025 ;\nVu  l'arr\u00eat\u00e9 pr\u00e9fectoral n\u00b02025-33  du  22  ao\u00fbt  2025  par  lequel le Pr\u00e9fet des  Hauts-de-Seine\nd\u00e9l\u00e8gue  sa  signature  \u00e0  Monsieur  Fabrice  MASI,  Directeur  r\u00e9gional et interd\u00e9partemental\n'de l'\u00e9conomie, de l'emploi du travailet des solidarit\u00e9s d'le-de-France\nVu  la d\u00e9cision  n\u00b0 2025-157 du  25 ao\u00fbt  2025  portant  subd\u00e9l\u00e9gation  de signature  de  Monsieur\nFabrice  MASI,  Directeur  r\u00e9gional  et interd\u00e9partemental  de  l'\u00e9conomie,  de  l'emploi, du\ntravail et des  solidart\u00e9s  dle-de-France,  aux  agents  de  IUnit\u00e9 d\u00e9partementale  des  Hauts-\nde-Seine\n'Vu la d\u00e9claration  d'activit\u00e9s de services \u00e0 la personne  d\u00e9pos\u00e9es  le 20  octobre  2025 au nom\nde  la micro-entreprise  MATTHEY  JULIANA  sise 108  Avenue  du  12 F\u00e9vrier 1934  \u00e0\nMALAKOFF  (82240)\n\n'Apr\u00e8s examen  du dossier, cette demande  \u00e9tant conforme  aux  dispositions de  Farce  L. 7232\n1 du code  du traval, le pr\u00e9sent  r\u00e9c\u00e9piss\u00e9  de d\u00e9claration d'activit\u00e9s de services \u00e0 la personne  a\n\u00e9t\u00e9  enregistr\u00e9  au  nom  de  la micro-entreprise  MATTHEY  JULIANA  sous  le num\u00e9ro  SAP\n92720003\nLes  activites d\u00e9clar\u00e9es  sont  les suivantes, & l'exclusion de  toute autre\n= Entrotion  de  la  maison  ot  travaux  m\u00e9nagers ;\n= Garde  d'enfantsde  plus  de  trois ans  \u00e0  domicile;\n= Soutien  scolaire  ou  cours  \u00e0  domicile\n= Accompagnement  des  enfants  de  plus de  trois ans  dans  leurs d\u00e9placements  en\ndehors  de leur domicile  (promenades,  transports,  actes  de la vie  courante)  ;\nPrestations  relevant du  b\u00e9n\u00e9fice  de\nG\u00e9n\u00e9ral  des  Imp\u00f4ts.\nLa  structure  exerce  ces  activit\u00e9s  selon  le mode  suivant  :  PRESTATAIRE\nr\u00e9duction d'imp\u00f4t pr\u00e9vue  \u00e0 l'article 199 sexdecies  du Code\nSous  r\u00e9serve  d'\u00eatre exerc\u00e9es  \u00e0 ttre exclusf par  le d\u00e9clarant  (ou  sous  r\u00e9serve  d'une  comptabilit\u00e9\ns\u00e9par\u00e9e pour les personnes morales dispens\u00e9es de la condition d'actvit\u00e9 exclusive), ces activit\u00e9s\nouvrent droit au b\u00e9n\u00e9fice des  dispositions des aricies L. 7233-2  du code  du traval et L. 241-10\ndu  code  de  la s\u00e9curt\u00e9  sociale.\n'Conform\u00e9ment  aux  dispositions de Farticle R7232-19  du  code  du travail l'organisme d\u00e9clar\u00e9 doit\nproduire au moins chaque  trimestre un \u00e9tat d'activit\u00e9 et chaque  ann\u00e9e  un bilan quantita  et\nqualitatifde l'activit\u00e9 exerc\u00e9e au tirede l'ann\u00e9e \u00e9coul\u00e9e  ainsi qu'un tableau statistique annuel.\nSi l'organisme d\u00e9clar\u00e9 comporte  plusieurs \u00e9tablissements, les \u00e9tats statistiques et le bilan annuel\ndistinguent  l'activit\u00e9 exerc\u00e9e  par  chaque  \u00e9tablissement\nLe  pr\u00e9sent  r\u00e9c\u00e9piss\u00e9  prend  effot le 20 octobre  2028.\nL'enregistrement de la d\u00e9claration  pourra  \u00eatre retir\u00e9 si l'organisme d\u00e9clar\u00e9  cesse  de remplir\nles conditions  ou  de  respecter  les obligations mentionn\u00e9es  aux  4\u00b0,5\u00b0 et 6\u00b0 de  l'ar\nR7232-17  ou  qui m\u00e9connait  les obligations d\u00e9finies \u00e0 l'article R7232-19  du  code  du  travail.\npeine de reat  de  la d\u00e9caration, faire Tobjet Sune  d\u00e9ciaration modiicave  aupr\u00e9s  de FUnt\u00e9\n'd\u00e9partementale  des  Hauts-de-Seine\nLe  pr\u00e9sent  r\u00e9c\u00e9piss\u00e9  sera  publi\u00e9 au  recueil des  actes  administratifs de  la pr\u00e9fecture  des Hauts-\nde-Seine.\nFait \u00e0 Nanterre,  le 27  octobre  2025,\nPour  le Pr\u00e9fet\nr d\u00e9l\u00e9gation  ot  subd\u00e9l\u00e9gation\nLa  Responsable  du  service\nD\u00e9veloppement  de  emplo  et des\n\nEE  Direction  r\u00e9gionale et interd\u00e9partementale\nMINISTERE de l'\u00e9conomie, de l'emploi,\nDU  TRAVAIL,  DE  LA  SANT\u00c9,  du travail et des solidarit\u00e9s\nDES  SOLIDARIT\u00c9S\nET  DES  FAMILLES\nEn\nR\u00e9c\u00e9piss\u00e9  n\u00b02025-580  de  d\u00e9claration  d'activit\u00e9s  de services  \u00e0  la personne\n\"enregistr\u00e9e  sous  le n\u00b0 SAP992261016  au  nom  de  la micro-entreprise  GUISET\nAna\u00eblle  sise  91  rue  Hoche  \u00e0  MALAKOFF  (92240)\nLE  PREFET  DES  HAUTS-DE-SEINE\nVu  la loi n\u00b0 2010-863 du  23  jullet 2010  relative aux  r\u00e9seaux  consulaires,  au  commerce  et \u00e0\nl'artisanat et aux  services  (article 31)\nVu  la loi n\u00b02015-1776  du  28  d\u00e9cembre  2015  relative  \u00e0  l'adaptation  de  la soci\u00e9t\u00e9  au\nvieilissement ;\nVu  l'aricie D7231-1  du  Code  du travail;\nVu  les d\u00e9crets  n\u00b0 2011-1132  et n\u00b0 2011-1133  du  20  septembre  2011  modifiant  certaines\ndispositions  du  Code  du  travail, relatives  au  ch\u00e8que  emploi-service  universel  et  aux\nservices  \u00e0 la personne  ;\nVu  le  d\u00e9cret  n\u00b02018750  du  6 juin  2016  relatif \u00e0 la liste des  activit\u00e9s de  services  \u00e0 la personne\nsoumises  \u00e0 agr\u00e9ment  ou  \u00e0 autorisation dans le cadre du r\u00e9gime  commun  de a d\u00e9claration;\nVu  le  d\u00e9cret  du  31 octobre  2024  portant nomination  de  Monsieur  Alexandre  BRUGERE,  en\nquait\u00e9 de Pr\u00e9fet des Hauts-de-Seine ;\nVu  Tarr\u00e9t\u00e9  interminist\u00e9riel  du  12  ao\u00fbt  2025  nommant  Monsieur  Fabrice  MASI,  Directeur\nr\u00e9gional et interd\u00e9partemental de  l'\u00e9conomie,  de  l'emploi, du  travail et des  solidarit\u00e9s dll\nde-France  \u00e0 compter  du  25  ao\u00fbt  2025 ;\nVu  l'arr\u00eat\u00e9 pr\u00e9fectoral n\u00b02025-33  du  22  ao\u00fbt  2025  par  lequel le Pr\u00e9fet des  Hauts-de-Seine\nd\u00e9l\u00e8gue  sa  signature \u00e0 Monsieur  Fabrice  MASI,  Directeur  r\u00e9gional et interd\u00e9partementa\nde l'\u00e9conomie, de  l'emploi, du  travail et des  solidart\u00e9s d'le-de-France ;\nVu  la d\u00e9cision  n\u00b0  2025-187  du  25  ao\u00fbt  2025  portant  subd\u00e9l\u00e9gation  de  signature  de  Monsieur\nFabrice  MASI,  Directeur  r\u00e9gional  et interd\u00e9partemental  de l'\u00e9conomie,  de  l'emploi, du\ntravail et des  saidari\u00e9s  dle-de-France,  aux  agents  de  l'Unit\u00e9 d\u00e9partementale  des  Hauts-\nde-Seine\nVu  la d\u00e9claration  d'activit\u00e9s  de  services \u00e0  a  personne  d\u00e9pos\u00e9es le 20  octobre  2025  au  nom\nde  la micro-entreprise  GUISET  Ana\u00ebll  sise 91 rue  Hoche  \u00e0  MALAKOFF  (82240)  ;\n\n'Apr\u00e8s examen  du  dossier, cette demande  \u00e9tant conforme  aux  dispositions de  Farce  L. 7232\ndu code  du travaille pr\u00e9sent  r\u00e9c\u00e9piss\u00e9  de d\u00e9ciaration d'activit\u00e9s de services \u00e0 la personne  a\n\u00e9t\u00e9 enregistr\u00e9 au nom  de  la micro-entreprise GUISET  Ana\u00eblle sous  le num\u00e9ro  SAP  992261016.\nLes  activit\u00e9s d\u00e9clar\u00e9es sont les suvantes,  \u00e0 l'exclusion de toute autre:\nEntretien de la maison  et  travaux  m\u00e9nagers  ;\nGarde  d'enfantsde plus  de trois  ans  \u00e0 domicile ;\nLivraison  de  courses  \u00e0 domicile\nMaintenance,  entretien  et vigilance  temporaires,  \u00e0 domicile,  de  ta r\u00e9sidence\nprincipale et secondaire ;\nPrestations relevant du b\u00e9n\u00e9fice dela r\u00e9duction d'imp\u00f4t pr\u00e9vue  \u00e0 article 199 sexdecies  du Code\n(G\u00e9n\u00e9ral  des  Imp\u00f4ts.\nLa  structure  exerce  ces  activit\u00e9s  solon  le mode  suivant  : PRESTATAIRE\nSous  r\u00e9serve d'\u00e9tre exerc\u00e9es  \u00e0 tre  exclus par le d\u00e9ciarant (ou sous r\u00e9serve d'une comptabilit\u00e9\ns\u00e9par\u00e9e pour les personnes morales dispens\u00e9esde la condition d'activit\u00e9 exclusive), ces activit\u00e9s\nouvrent droit au b\u00e9n\u00e9fice des dispositions des  articles L. 7233-2  du  code  du travall et L. 241-10\ndu  code  de  la s\u00e9curit\u00e9 sociale.\n(Conform\u00e9ment  aux dispostions de  l'articie R7232-19  du code  du  travail. organisme  d\u00e9clar\u00e9 dott\nproduire au  moins  chaque  timestre un \u00e9tat d'activit\u00e9 et chaque  ann\u00e9e  un  bilan quantitatif et\nqualtaif de  l'activit\u00e9 exerc\u00e9e  au  tire de  l'ann\u00e9e  \u00e9coul\u00e9e  ainsi qu'un  tableau  statistique annuel\nSi organisme  d\u00e9clar\u00e9 comporte  plusieurs \u00e9tablissements, les \u00e9tats statistiques et le ban  annuel\ndistinguent  l'activit\u00e9 exerc\u00e9e  par  chaque  \u00e9tablissement.\nLe pr\u00e9sent  r\u00e9c\u00e9piss\u00e9  prend  effetle 20 octobre  2025.\nL'enrogistremont  de  la d\u00e9claration pourra \u00eatre retir\u00e9 si l'organisme  d\u00e9clar\u00e9 cesse  de remplir\nles  conditions  ou  de  rospecter  les  obligations  mentionn\u00e9es  aux  4\u00b0,6\u00b0 et 6\u00b0 de  l'article\n'R7232.17 ou  qui m\u00e9connalt  les obligations d\u00e9finies \u00e0 l'rticie R7232-19  du  code du  travail.\nmodifi at tur ivites devra, sous\npine  de  retrait de  la d\u00e9claration, faire l'objet dune  d\u00e9claration modificative aupr\u00e8s  de {Unit\u00e9\n'd\u00e9partementale  des  Hauts-de-Seine.\nLe  pr\u00e9sent  r\u00e9c\u00e9piss\u00e9  sera  publi\u00e9 au recueil des  actes  administratifs de  la pr\u00e9fecture  des  Hauts-\nde-Seine.\nFait \u00e0 Nanterre,  le 27  octobre  2025.\nPour  le Pr\u00e9fet\nr d\u00e9l\u00e9gation  ot subd\u00e9l\u00e9gation\nResponsable  du  service\nEn  mines\n\nDirection  r\u00e9gionale  et interd\u00e9partementale\nde  \"\u00e9conomie,  de  l'emploi,\nDU  TRAVAIL,  DE  LA SANT\u00c9,  ce teal  et des solidarti:\nDES  SOLIDARITES\nET  DES  FAMILLES\n=\nR\u00e9c\u00e9piss\u00e9  n\u00b02028-581  de  d\u00e9claration  d'activit\u00e9s de  services  \u00e0 la personne\nenregistr\u00e9e  sous  le n\u00b0 SAP991787938  au  nom  de  la micro-entreprise  CHAKROUNI\nJihane  sise  51 AVENUE  Jean  Moulin  \u00e0 LA  GARENNE-COLOMBES  (92250)\nLE  PREFET  DES  HAUTS-DE-SEINE\nVu  la loi n\u00b0 2010-853  du  23  jullet 2010  relative aux  r\u00e9seaux  consulaires, au  commerce et \u00e0\nl'artisanat et aux  services  (article 31)\nVu  la loi n\u00b02015-1776  du  28  d\u00e9cembre  2015  relative \u00e0  l'adaptation de  la soci\u00e9t\u00e9  au\nviilissement\nVu  l'aticle D7231-1  du  Code  du travail\nVu  les d\u00e9crets  n\u00b0 2011-1132  et n\u00b0 2011-1133  du  20  septembre  2011  modifiant  certaines\ndispositions du  Code  du travail, relatives au ch\u00e8que  emploiservice  universel et aux\n'services \u00e0 la personne ;\nVu  le d\u00e9cret n\u00b02016:750  du 8 jun  2016  relatif \u00e0 la liste des  activites de services \u00e0 Ia personne\nsoumises \u00e0 agr\u00e9ment  ou \u00e0 autorisation dans  lecadre  du r\u00e9gime commun  dela d\u00e9ciaration ;\nVu  le d\u00e9cret du 31 octobre 2024  partant nomination de  Monsieur  Alexandre  BRUGERE,  en\nquait\u00e9 de Pr\u00e9fet des Hauts-de-Seine ;\nVu  l'ar\u00eat\u00e9 interminist\u00e9riel du  12 ao\u00fbt 2025  nommant  Monsieur  Fabrice MASI,  Directeur\nr\u00e9gional et interd\u00e9partemental de  l'\u00e9conomie, de l'emploi, du  travail et des solidarit\u00e9s dll\nde-France  \u00e0  compter du 25  ao\u00fbt  2025  ;\nVu  Farr\u00e9te pr\u00e9fectoral n\u00b02025-33  du  22  ao\u00fbt 2025  par lequel le Pr\u00e9fet des  Hauts-de-Seine\nd\u00e9l\u00e8gue  sa  signature  \u00e0  Monsieur  Fabrice  MASI,  Directeur  r\u00e9gional  et interd\u00e9partemental\nde l'\u00e9conomie, de  l'emploi, du  traval et des  solidarit\u00e9s d'\u00cele-de-France\nVu  la d\u00e9cision n\u00b0 2025-157 du 25 ao\u00fbt 2025  portant subd\u00e9l\u00e9gation de  signature de Monsieur\nFabrice  MASI,  Directeur  r\u00e9gional et interd\u00e9partemental  de  l'\u00e9conomie, de  l'emploi, du\ntravail et des  solidart\u00e9s  d'Ile-de-France, aux  agents de  l'Unit\u00e9 d\u00e9partementale  des  Hauts.\nde-Seine\nVu  la d\u00e9claration 'actwt\u00e9s  de services \u00e0 la personne  d\u00e9pos\u00e9es  le 21 octobre 2025 au nom\nde  la micro-entreprise CHAKROUNI  Jihane sise 51 AVENUE  Jean  Moulin \u00e0 LA\n(GARENNE-COLOMBES  (92250)\n\nApr\u00e8s  examen  du  dossier, cette demande  \u00e9tant  conforme  aux  dispositions de  l'article L. 7232.\n1 du  code du travail, le pr\u00e9sent  r\u00e9c\u00e9piss\u00e9  de d\u00e9claration d'activit\u00e9s de services \u00e0 la personne a\n\u00e9t\u00e9 enregistr\u00e9  au  nom  dela  micro-entreprise  CHAKROUNI  Jihane  sous  le num\u00e9ro  SAP\n991787938,\nLes  activit\u00e9s d\u00e9ciar\u00e9es  sont  les  suivantes,  \u00e0 exclusion  de  toute  autre\nEntretien  de la  maison  et  travaux  m\u00e9nagers  ;\nPrestations  relevant  du  b\u00e9n\u00e9fice  de\nG\u00e9n\u00e9ral  des  Imp\u00eats.\nLa  structure  exerce  ces  activit\u00e9s  selon  le mode  suivant  : PRESTATAIRE\nr\u00e9duction  d'imp\u00f4t  pr\u00e9vue  \u00e0  l'article 199  sexdecies  du  Code\nSous  r\u00e9serve  d'\u00eatre exerc\u00e9es \u00e0  tire exclus  parle d\u00e9ciarant (ou  sous  r\u00e9serve  d'une  comptabilit\u00e9\ns\u00e9par\u00e9e  pour les personnes morales dispens\u00e9es de la condition d'actht\u00e9 exclusive). ces activites\n'ouvrent  droit au b\u00e9n\u00e9fice des  dispostions  des  articles L. 7233-2  du  code  du  traval et L. 241-10\ndu code  de la s\u00e9curt\u00e9  sociale.\n(Conform\u00e9ment  aux  dispositions  de  article R7232-19  du  code  du  travail 'erganisme  d\u00e9clar\u00e9  doit\nproduire  au  moins  chaque  trimestre un  \u00e9tat d'activit\u00e9 et chaque  ann\u00e9e  un  bilan quanttatf  et\nqualtatf de active exerc\u00e9e au tire de l'ann\u00e9e \u00e9coui\u00e9e ainsi qu'un tableau statistique annuel.\nSi l'organisme  d\u00e9clar\u00e9  comporte  plusieurs  \u00e9tablissements,  les \u00e9tats statistiques et le bilan annuel\ndistinguent  l'activit\u00e9 exerc\u00e9e  par  chaque  \u00e9tablissement\nLe  pr\u00e9sent  r\u00e9c\u00e9piss\u00e9 prend  effet le 21 octobre  2028.\n'enregistrement de la d\u00e9claration  pourra  \u00eatre retir\u00e9 si l'organisme d\u00e9clar\u00e9  cesse de remplir\nles conditions  ou  de  respecter  les obligations  mentionn\u00e9es  aux  4\u00b0,5\u00b0 ot 6\u00b0 de  l'article\nR7232-17 ou  qui  m\u00e9connait  les obligations  d\u00e9finies\npaie  de  reat  de  la G\u00e9caraion,  fare  Tobjet dune  d\u00e9caraton  modiicave  aupr\u00e9s  de  TUnte\n\u00e9partementale  des  Hauts-de-Seine.\nLe  pr\u00e9sent  r\u00e9c\u00e9piss\u00e9  sera  publ\u00e9  au  recueil des  actes  administratifs de  la pr\u00e9fecture  des  Hauts-\nde-Seine,\nFait \u00e0 Nanterre,  le 27 octobre  2028.\nur fe Pr\u00e9fet\nr d\u00e9l\u00e9gation  et subd\u00e9l\u00e9gation\nLa  Responsable  du  service\nD\u00e9veloppement  de  l'emploi  et des\n\nE  Direction r\u00e9gionale et interd\u00e9partementale\nMINIST\u00c8RE  de l'\u00e9conomie, de l'emploi,\nDU  TRAVAIL,  DE  LA  SANT\u00c9,  du travail et des solidarit\u00e9s\nDES  SOLIDARIT\u00c9S\nET  DES  FAMILLES\nA\nR\u00e9c\u00e9piss\u00e9  n\u00b02025-582  de  d\u00e9claration  d'activit\u00e9s  de  services \u00e0 la personne\nenragistr\u00e9e  sous  le n\u00b0 SAP992761189  au  nom  de  la micro-entreprise  PERROT\nStanisias  Jean Baptiste  Marie  sise  14  RUE  Saint-Denis  \u00e0  COLOMBES  (92700)\nLE  PREFET  DES  HAUTS-DE-SEINE\nVu  la loi n\u00b0  2010-853 du  23  jullet 2010  relative  aux  r\u00e9seaux  consulaires,  au  commerce  et \u00e0\nl'artisanat et aux  services  (article 31)  ;\nVu  la loi n\u00b020151776  du  28  d\u00e9cembre  2015  relative  \u00e0  l'adaptation  de  la soci\u00e9t\u00e9  au\nveilissement\nVu  l'aricie 07231-1  du  Code  du  traval\nVu  les  d\u00e9crets  n\u00b0  2011-1132  et n\u00b0  2011-1133  du  20  septembre  2011  modifiant  certaines\ndispositions  du  Code  du  travail, relatives  au  ch\u00e8que  emploi-service  universel  et aux\nservices  \u00e0 la personne\nVu  le d\u00e9cret  n\u00b02016750 du 6 jun  2016 relatif \u00e0 la listedes activit\u00e9s de services \u00e0 la personne\nsoumises  \u00e0 agr\u00e9ment  ou \u00e0 autorisation dans le cadre  du  r\u00e9gime  commun de la d\u00e9claration\nVu  le d\u00e9cret  du  31 octobre  2024  portant  nomination  de  Monsieur  Alexandre  BRUGERE,  en\nquait\u00e9 de Pr\u00e9fet des Hauts-de-Seine ;\nVu  Farr\u00e9te interminist\u00e9riel du  12 ao\u00fbt  2025  nommant  Monsieur  Fabrice  MASI,  Directeur\nr\u00e9gional et interd\u00e9partementalde l'\u00e9conomie, de l'emplol, du travailet des solidarit\u00e9s d'le-\nde-France \u00e0  compter  du  25 ao\u00fbt  2025\nVu  l'ar\u00e8t\u00e9  pr\u00e9fectoral  n\u00b02025-39  du  22  ao\u00fbt  2025  par  lequel  le Pr\u00e9fet  des  Hauts-de-Seine\nd\u00e9l\u00e8gue  sa  signature  \u00e0  Monsieur  Fabrice  MASI,  Directeur  r\u00e9gional  et interd\u00e9partemental\nde  l'\u00e9conomie, de l'emploi du travailet des solidarit\u00e9s d'le-de-France ;\nVu  la d\u00e9cision  n\u00b0 2025-157  du  25  ao\u00fbt  2025  portant  subd\u00e9l\u00e9gation  de  signature  de  Monsieur\nFabrice  MASI,  Directeur  r\u00e9gional et interd\u00e9partemental  de  l'\u00e9conomie,  de  l'emploi, du\ntravail et  des  solidarit\u00e9s  dle-de-France,  aux  agents  de  l'Unit\u00e9  d\u00e9partementale  des  Hauts-\nde-Seine  ;\nVu  la d\u00e9claration  d'activit\u00e9s de  services  \u00e0 la personne  d\u00e9pos\u00e9es  le 17 octobre  2025  au  nom\nde  la micro-entreprise  PERROT  Stanisias  Jean  Baptiste  Marie  sise 14  RUE  Saint-Denis  \u00e0\n'COLOMBES  (82700)  ;\n\n'Apr\u00e8s examen  du  dossier, cette demande  \u00e9tant conforme  aux dispositions  de  l'article L 7232-1\n1 du  code  du  travail, le pr\u00e9sent  r\u00e9c\u00e9piss\u00e9  de  d\u00e9claration  d'activit\u00e9s de  services  \u00e0 la personne  a\n\u00e9t\u00e9  enregistr\u00e9  au  nom  de  la micro-entreprise  PERROT  Stanisias  Jean  Baptiste Marie  sous  le\nnum\u00e9ro  SAP  982761189,\nLes  activites d\u00e9clar\u00e9es  sont  les suivantes, \u00e0 exclusion  de  toute  autre\nEntretien  de  la maison  et  travaux  m\u00e9nagers  ;\nPrestations  relevant du  b\u00e9n\u00e9fice  dela  r\u00e9duction  d'imp\u00f4t  pr\u00e9vus  \u00e0 l'article 199  sexdecies  du  Code\n'G\u00e9n\u00e9ral  des  Imp\u00f4ts.\nLa  structure  exerce  ces  activit\u00e9s  selon  le mode  suivant  :  PRESTATAIRE\nSous  r\u00e9serve  d'\u00e9tre  exerc\u00e9es  \u00e0  tte  exclusif  par  le  d\u00e9clarant  (ou  sous  r\u00e9serve  d'une  comptabilit\u00e9\ns\u00e9par\u00e9e  pour  les personnes morales  dispens\u00e9es  de la condition  d'actit\u00e9  exclusive), ces  activit\u00e9s\n'ouvrent droit au  b\u00e9n\u00e9fice  des  dispositions  des  articles L. 7233-2  du  code  du  travall et L. 241-10,\ndu  code  de  la s\u00e9curt\u00e9  sociale.\nConform\u00e9ment  aux  dispositions de  article R7232-19  du  code  du  travail organisme  d\u00e9ciar\u00e9  doit\nproduire au moins chaque timestre un \u00e9tat d'activit\u00e9 et chaque ann\u00e9e  un blan quantitatif et\nqualitatif de  activit\u00e9 exerc\u00e9e  au  tire de  l'ann\u00e9e  \u00e9coul\u00e9e  ainsi qu'un  tableau  statistique annuel.\nSi 'organisme  d\u00e9clar\u00e9  comporte  plusieurs  \u00e9tablissements,  les \u00e9tats statistiques et le bilan annuel\ndistinguent  l'activit\u00e9 exerc\u00e9e  par  chaque  \u00e9tablissement.\nLe  pr\u00e9sent  r\u00e9c\u00e9piss\u00e9  prend  effet le 17 octobre  2028.\nL'enregistrement de la d\u00e9claration  pourra \u00eatre retir\u00e9 si l'organisme d\u00e9clar\u00e9  cesse  de remplir\nles conditions  ou  de  respecter  les  obligations  mentionn\u00e9es  aux  4\u00b0,6\u00b0 et 6\u00b0 do  l'article\n7232-17  ou  qui  m\u00e9connait  les obligations  d\u00e9finies  \u00e0 l'article R7232-19  du  code  du  travail.\n'Toute modification concemant  la structure d\u00e9clar\u00e9e ou ls  activit\u00e9s exerc\u00e9es devra sous\npeine de  retrait dela  d\u00e9caration, fare Tobjet dune  d\u00e9claration modiicalve  aupr\u00e9s  de TUnt\u00e9\n'\u00e9partementale  des  Hauts-de-Seine\nLe  pr\u00e9sent  r\u00e9c\u00e9piss\u00e9  sera  publi\u00e9 au  recuell des  actes  administratifs de Ia pr\u00e9fecture  des  Hauts-\ndo-Seine.\nFait \u00e0 Nanterre, le 27  octobre  2025\nPour  le Pr\u00e9fot\nr d\u00e9l\u00e9gation ot subd\u00e9l\u00e9gation\nLa  Responsable du  service\nD\u00e9veloppement  de  l'emplo  et des\ncomp\u00e9tences  |\nGate\nMariama  CONDE\n\n=n  Direction  r\u00e9gionale et interd\u00e9partementale\nMINISTERE  de l'\u00e9conomie, de l'emploi,\nDU  TRAVAIL,  DE  LA  SANT\u00c9,  du travailet des solidarit\u00e9s\nDES  SOLIDARIT\u00c9S\nET  DES  FAMILLES\nfe\nR\u00e9c\u00e9piss\u00e9  n\u00b02028-583  de  d\u00e9claration  d'activit\u00e9s  de  services  \u00e0 la personne\nistr\u00e9e sous  le n\u00b0 SAP931510879  au  nom  de  la micro-entreprise  Badreddine\nHADDAD  sise  16  Rue  Camille  Saint  Saens  \u00e0  RUEIL-MALMAISON  (92500)\nLE  PREFET  DES  HAUTS-DE-SEINE\nVu  la loi n\u00b0  2010-863  du  23  jullet 2010  relative  aux  r\u00e9seaux  consulaires,  au  commerce  et \u00e0\nl'artisanat et aux  services  (article 31)  ;\nVu  la li  n\u00b02015-1776  du  28  d\u00e9cembre  2015  relative  \u00e0  adaptation  de  la soci\u00e9t\u00e9  au\nViellissement :\nVu  l'aricie 07231-1  du  Code  du  travail ;\nVu  les d\u00e9crets  n\u00b0 2011-1132  et n\u00b0 2011-1133  du  20  septembre  2011  modifiant  certaines\ndispostions  du  Code  du  travail, relatives au  ch\u00e8que  emploi-service  universel et aux\n'services  \u00e0  la  personne ;\nVu  le d\u00e9cret  n\u00b02016:750 du 6 jun  2016 relatif \u00e0 la liste des activit\u00e9s de services \u00e0 la personne\nsoumises  \u00e0 agr\u00e9ment ou \u00e0 autorisation dans le cadre  du  r\u00e9gime  commun de la d\u00e9claration\nVu  le d\u00e9cret  du  31 octobre  2024  portant  nomination  de  Monsieur  Alexandre  BRUGERE,  en\nquait\u00e9 de  Pr\u00e9fet des  Hauts-de-Seine\nVu  Farr\u00e9te interminist\u00e9riel du  12 ao\u00fbt  2025  nommant  Monsieur  Fabrice  MASI,  Directeur\nr\u00e9gionalet interd\u00e9partemental de l'\u00e9conomie, de l'emploi du travailet des solidarit\u00e9s d'le-\nde-France  \u00e0  compter  du  26  ao\u00fbt  2025\nVu  l'a\u00e8t\u00e9  pr\u00e9fectoral  n\u00b02025-33  du  22  ao\u00fbt  2026  par  lequel  le Pr\u00e9fet  des  Hauts-de-Seine\nd\u00e9l\u00e8gue  sa  signature  \u00e0  Monsieur  Fabrice  MASI,  Directeur  r\u00e9gional  et  interd\u00e9partemental\n'de l'\u00e9conomie, de l'emploi du travail et des solidantes d'\u00cele-de-France;\n'Vu la d\u00e9cision  n\u00b0 2025-157  du  25  ao\u00fbt  2025  portant  subd\u00e9l\u00e9gation  de  signature  de  Monsieur\nFabrice  MASI,  Directeur  r\u00e9gional  et interd\u00e9partemental  de  l'\u00e9conomie,  de  l'emploi, du\ntravail et des  soldart\u00e9s  d'\u00cele-de-France,  aux  agents  de  I Unit\u00e9  d\u00e9partementale  des  Hauts-\nde-Seine;\n'Vu la d\u00e9claration  d'activit\u00e9s de services \u00e0 la personne  d\u00e9pos\u00e9es le 17 octobre  2025  au  nom\nde  la micro-entreprise  Badreddine  Salah  HADDAD  sise  16  Rue  Camile  Saint  Saens  \u00e0\nRUEIL-MALMAISON  (92500)\n\n'Apres  examen  du  dossier,  cette  demande  \u00e9tant  conforme  aux  dispositions  de  article L. 7232-\n1 du  code  du  traval, le pr\u00e9sent  r\u00e9c\u00e9piss\u00e9  de  d\u00e9claration  activit\u00e9s  de  services  \u00e0  la personne  a\n\u00e9t\u00e9  enregistr\u00e9  au  nom  de  la micro-entreprise  Badreddine  Salah  HADDAD  sous  le num\u00e9ro\nSAP  931510879.\nLes  activites  d\u00e9clar\u00e9es  sont  les  suivantes,  \u00e0  l'exclusion de toute  autre\nEntretien  de  la maison  et  travaux  m\u00e9nagers  ;\n= Petits  travaux  de  jardinage,  y  compris  les  travaux  de  d\u00e9broussaillage  ;\n= Travaux  de  poti  bricolage  dits \u00ab homme  toutes  mains  \u00bb ;\nLivraison  de  repas  \u00e0  domicile  ;\n\u00a9 Livraison  de  courses  \u00e0  domicile;\n= Maintenance,  ontretien  et vigilance  temporaires,  \u00e0  domicile,  de  la r\u00e9sidence\nprincipale et secondaire  ;\nPrestations  relevant du  b\u00e9n\u00e9fice  de\nG\u00e9n\u00e9ral  des  Imp\u00f4ts.\nLa  structure  exorce  ces  activit\u00e9s  selon  le mode  suivant  : PRESTATAIRE\nr\u00e9duction  d'imp\u00f4t  pr\u00e9vue  \u00e0  l'article 199  sexdecies  du  Code\nSous  r\u00e9serve d'\u00eatre exerc\u00e9es  \u00e0 tre  exclusif par le d\u00e9clarant  (ou  sous  r\u00e9serve  dune  comptabilit\u00e9\ns\u00e9par\u00e9e  pour  les personnes  morales  dispens\u00e9es  de  la condition  d'actvi\u00e9  exclusive), ces  activit\u00e9s.\nouvrent  drot  au  b\u00e9n\u00e9fice  des  dispositions  des  articles L. 7233-2  du  code  du  traval et  241-10,\ndu  code  de  la s\u00e9curit\u00e9 sociale\nConform\u00e9ment  aux  dispositions de  l'article R7232-19  du  code  du  travail l'organisme  d\u00e9clar\u00e9  dott\nproduire  au  moins  chaque  trimestre  un  \u00e9tat d'activit\u00e9 et chaque  ann\u00e9e  un  bilan quantitatif et\nqualtatfde l'actsi\u00e9 exerc\u00e9e au tire de l'ann\u00e9e \u00e9coul\u00e9e ainsi qu'un tableau statistique annuel.\nSi organisme d\u00e9clar\u00e9  comport  plusieurs  \u00e9tablissements,  les \u00e9tats statistiques et le bilan annuel\ndistinguent  Factivit\u00e9 exerc\u00e9e  par  chaque  \u00e9tablissement.\nLe  pr\u00e9sent  r\u00e9c\u00e9piss\u00e9  prend  offet lo 17 octobre  2028.\nL'enregistrement  de  la d\u00e9claration  pourra  \u00eatre ratir\u00e9si l'organisme  d\u00e9clar\u00e9  cesse de rempl\nles  conditions  ou  de  respocter  les obligations  mentionn\u00e9es  aux  4\u00b0,5\u00b0 ot 6\u00b0 de  l'article\nR723217  ou  qui  m\u00e9connalt  les obligations d\u00e9finies  \u00e0 l'article R7232-19  du code du travail.\npaie  de retrat dela G\u00e9claration, fave Tobjet dune  d\u00e9claration modiicalve  aupr\u00e9s  de TUnte\nd\u00e9partementale  des  Hauts-de-Seine.\nLe  pr\u00e9sent  r\u00e9c\u00e9piss\u00e9  sera  publi\u00e9 au  recueil des  actes  administratifs de a  pr\u00e9fecture  des  Hauts-\nde-Seine.\nFait a Nanterre,  le 27  octobre  2025.\nPour  le Pr\u00e9fet\nPar  d\u00e9l\u00e9gation  ot subd\u00e9l\u00e9gation\nLa  Responsable  du  service\nD\u00e9veloppement  de  l'emplol  et  des\ncomp\u00e9tences\ntee\nMariama  CONDE\n\nvu\nvu\nvu\nvu\nvu\nvu\nvu\nvu\nvu\nvu\nm\u00e9re  Pas\nint\nPREFECTURE  DES  HAUTS-DE-SEINE\nLE  PREFET  DES  HAUTS-DE-SEINE\n'Arrbt\u00e9 N\u00b0  2025-584\nReconnaissant  la qualit\u00e9 de  Soci\u00e9t\u00e9  Coop\u00e9rative\nOuvri\u00e8re  de  Production  (SCOP)\nle  d\u00e9cret n\u00b0 82-389  du 10  mai  1982  relat  aux  pouvoirs des  pr\u00e9fets ;\n{a loi n\u00b0 47-1775 du 10 septembre  1947 portant statut de la coop\u00e9ration ;\nla lo n\u00b0 78-763  du  19 jullt  1978  portant  statut des  Soci\u00e9t\u00e9s  Coop\u00e9ratives  Ouvridres  de\nProduction,  et notamment  son  artice 54  ;\nla oi n\u00b0 92-643  du  12  jullet 1992  relative \u00e0 la modemisation  des  entreprises  coop\u00e9ratives  ;\nle  code  des  march\u00e9s  publics, et notamment  es articles 53 et 91 dudit  code ;\nLe d\u00e9cret  n\u00b0 87-276  du  16  avril 1987  portant  modification  du  d\u00e9cret  n\u00b0 79-376  du  10  mai\n1978  fant  conditions  d'\u00e9tablissement  de  ate  dee  Socb\u00e9s  Coop\u00e9raives  Ouvi\u00e8res\nroduction  ;\nle d\u00e9cret  n\u00b0 97-34  du  15  janvier  1997  relatif \u00e0  la d\u00e9concentration  des  d\u00e9cisions\nadministratives  individuelles  ;\nle  d\u00e9cret  n\u00b0 93-455  du  23 mars  1993  relatif \u00e0 la sortie du statut coop\u00e9ratif\nle d\u00e9cret  n\u00b0 93-1231  du  10  novembre  1993  relai \u00e0 la reconnaissance  de  la qualit\u00e9 de\n'Soci\u00e9t\u00e9 Coop\u00e9rative  Ouvri\u00e8re  de  Production  ;\nle d\u00e9cret  du  31 octobre  2024  portant  nomination  de  Monsieur  Alexandre  BRUGERE,  en\n{qualit\u00e9 de  Pr\u00e9fet  des  Hauts-de-Seine  ;\nl'arr\u00eat\u00e9 interminist\u00e9riel 12  ao\u00fbt  2025  nommant  Monsieur  Fabrice  MASI,  Directeur,\nr\u00e9gional et interd\u00e9partemental  de  l'\u00e9conomie,  de  l'emploi,  du  travail  et des  solidarit\u00e9s\ndile-de-France  \u00e0 compter  du  25  ao\u00fbt  2025  ;\nl'rr\u00e9t\u00e9  pr\u00e9fectoral  n\u00b02025-33  du  22  ao\u00fbt  2025  par  lequel  le Pr\u00e9fet  des  Hauts-de-Seine\nd\u00e9l\u00e8gue  sa  signature  \u00e0  Fabrice  MASI,  Directeur r\u00e9gional  et interd\u00e9partemental  de\nl'\u00e9conomie, de l'emploi, du travail et des soldartes d'\u00cele-de-France ;\n\nVu  la d\u00e9cision n\u00b0 2025-157  du  25  ao\u00fbt 2025  portant subd\u00e9l\u00e9gation  de  signature de  Monsieur\nFabrice MASI, Directeur r\u00e9gional et interd\u00e9partemental de  l'\u00e9conomie, de  l'emploi, du,\ntravail et des  solidant\u00e9s  d'le-de-France,  aux  agents  de  l'Unit\u00e9 d\u00e9partementale  des  Hauts-\nde-Seine  ;\nVu  avis  de  la Conf\u00e9d\u00e9ration  G\u00e9n\u00e9rale  des  Soci\u00e9t\u00e9s  Coop\u00e9ratives  Ouvr\u00e8res  de  Production  en\ndate  du  24  octobre  2025,\nARRETE\nI\": La  soci\u00e9t\u00e9  REPROTECHNIQUE  SCOP  ~  1-9  Rue  du  D\u00e9barcad\u00e8re  - Immeuble\nPerspectives  Batiment  B  ~ $2700  COLOMBES,  est habit\u00e9e  \u00e0 prendre  l'appellation de  Soci\u00e9t\u00e9\nCoop\u00e9rative  Ouvri\u00e8re  de  Production  ou  de  Soci\u00e9t\u00e9  Coop\u00e9rative de Travaileurs  ou  \u00e0 utliser cette\nappellationou les iniales \u00ab S.C.O  P. \u00bb ainsi qu'\u00e0 pr\u00e9tendre au b\u00e9n\u00e9fice des dispositions pr\u00e9vues\npar les textes l\u00e9gislatifs ou r\u00e9glementaires relatifs aux  Soci\u00e9t\u00e9s Coop\u00e9ratives  Ouvr\u00e8res  de\nProduction.\nAticle 2: Cette m\u00eame  soci\u00e9t\u00e9 pourra pr\u00e9tendre au b\u00e9n\u00e9fice des avantages pr\u00e9vus aux articles 53\n\"et91 du code des  march\u00e9s  publics,\nArticle 3;  L'habilttion accord\u00e9e  en  vertu du pr\u00e9sent arr\u00e9t\u00e9, \u00e0 a  soci\u00e9t\u00e9 vis\u00e9e \u00e0 l'article 1\u00b0, est\nvalable, sous  r\u00e9serve  des  dispositions  des  articles 2 et 4 du  d\u00e9cret  n\u00b0 93-1231  du  10  novembre\n1983  rela  \u00e0 la reconnaissance  de la qualit\u00e9 de  Soci\u00e9t\u00e9 Coop\u00e9rative  Ouvri\u00e8re de  Production, \u00e0\ncompter  de la date d'inscription en  tant que  de Soci\u00e9t\u00e9 Coop\u00e9rative  Ouvri\u00e8re  de  Production au\nregisire du commerce, et jusqu'\u00e0 radiation prononc\u00e9e dans les conditions pr\u00e9vues par les articles\nGet  7 du  m\u00eame  text\nFait \u00e0 Nanterre,  le 27  octobre  2025\nPour  le Pr\u00e9fet\nPar  d\u00e9l\u00e9gation  ot subd\u00e9l\u00e9gation\nLa  Responsable  du  service\nD\u00e9veloppement  de  l'emploi  ot des\ncomp\u00e9tences\n+\nMariama  CONDE\n\n=a  Direction r\u00e9gionale et interd\u00e9partemontalo\nde  l'\u00e9conomie,  de  Templo,\nyo  DE LA SANT\u00c9, du travail et des solidarit\u00e9s\nDES  SOLIDARIT\u00c9S\nET  DES  FAMILLES\nFlay\nR\u00e9c\u00e9piss\u00e9  n\u00b02025-885  de  d\u00e9claration  d'activit\u00e9s  de  services  \u00e0 la personne\nenregistr\u00e9e  sous  le n\u00b0 SAP992907808  au  nom  de  la micro-entreprise  SEGLA  YAO\nsise  139  Rue  Maurice  Arnoux  \u00e0  MONTROUGE  (92120)\nLE  PREFET  DES  HAUTS-DE-SEINE\n'Vu la loi n\u00b0 2010-853  du  23  jullet 2010  relative aux  r\u00e9seaux  consulaires, au  commerce  et \u00e0\nFarisanat et  aux  services  (article 31)\nVu  la loi n*2015-1778  du  28  d\u00e9cembre  2015  relative  \u00e0  adaptation  de  la soci\u00e9t\u00e9  au\nviilissement\nVu  l'article D7231-1  du  Code  du  travail;\nVu  les d\u00e9crets  n\u00b0 2011-1132  et n\u00b0 2011-1133  du  20  septembre  2011  modifiant  certaines\ndispostions  du  Code  du  travail, relatives  au ch\u00e8que  emploi-service  universel  et  aux\nservices \u00e0 la personne  ;\nVu  le d\u00e9cret  n\u00b02016-750  du  6 juin 2016  relatif \u00e0  la liste des  activit\u00e9s  de  services  \u00e0 la personne\nsoumises \u00e0 agr\u00e9ment  ou  \u00e0 autorisation dans  lecadre  du  r\u00e9gime  commun  de a  d\u00e9claration  ;\nVu  le d\u00e9cret  du  31 octobre  2024  portant nomination  de  Monsieur  Alexandre  BRUGERE,  en\n'qualit\u00e9 de  Pr\u00e9fet des  Hauts-de-Seine  ;\nVu  l'ar\u00e8t\u00e9  interminist\u00e9riel  du  12  ao\u00fbt  2025  nommant  Monsieur  Fabrice  MASI,  Directeur\nr\u00e9glonal et nterd\u00e9partementa de l'\u00e9conomie,de l'emploi du travailet des solidarit\u00e9s d'le-\nde-France  \u00e0 compter  du  25  ao\u00fbt  2025  ;\nVu  l'arr\u00eat\u00e9 pr\u00e9fectoral n\u00b02025-33  du  22  ao\u00fbt  2025  par  lequel le Pr\u00e9fet des  Hauts-de-Seine\nl\u00e9l\u00e8gue sa  signature  \u00e0 Monsieur  Fabrice  MASI,  Directeur  r\u00e9gional et interd\u00e9partemental\nde l'\u00e9conomie, de l'emploi, du traval et des  soldart\u00e9s  d'l-de-France\nVu  la d\u00e9cision  n\u00b0  2026-187  du  25  ao\u00fbt  2025  portant  subd\u00e9l\u00e9gation  de  signature  de  Monsieur\nFabrice  MASI,  Directeur  r\u00e9gional et interd\u00e9partemental  de  l'\u00e9conomie,  de  l'emploi, du\ntravail et des  solidarit\u00e9s  dlle-de-France, aux  agents  de  Unite  d\u00e9partementale  des  Hauts.\nde-Seine\nVu  la d\u00e9caration  d'activit\u00e9s  de  services  \u00e0  la personne  d\u00e9pos\u00e9es  le 21  octobre  2025  au  nom\nde  la micro-entreprise  SEGLA  YAO  sise 139  Rue  Maurice  Amoux  \u00e0 MONTROUGE\n(92120)\n\n'Apr\u00e8s  examen du  dossier,  cette  demande  \u00e9tant  conforme  aux  dispositions  de  l'article L. 72:\n1 du code  du traval  le pr\u00e9sent  r\u00e9c\u00e9piss\u00e9  de d\u00e9claration d'activit\u00e9s de services \u00e0 la personne  a\n\u00e9t\u00e9 enregistr\u00e9 au nom  de la micro-entreprise  SEGLA  YAO  sous  le num\u00e9ro  SAP  992907808,\nLes  actvit\u00e9s  d\u00e9clar\u00e9es  sont  les suivantes, \u00e0 l'exclusion de  toute  autre\nEntretien  de  la  maison  et  travaux  m\u00e9nagers  ;\nPrestations relevant  du b\u00e9n\u00e9fice  de Ia r\u00e9duction  d'imp\u00f4t  pr\u00e9vue  \u00e0 l'article 199 sexdecies  du Code\nG\u00e9n\u00e9ral des  Imp\u00f4ts.\nLa  structure  exerce  ces  activit\u00e9s  selon  le mode  suivant  : PRESTATAIRE\nSous  r\u00e9serve  d'\u00eatre  exerc\u00e9es  \u00e0  tte  exclusf  par  le d\u00e9clarant  (ou  sous  r\u00e9serve  d'une  comptabilit\u00e9\ns\u00e9par\u00e9e  pour  les personnes  morales  dispens\u00e9es  de  Ia condtion  d'activit\u00e9 exclusive), ces  activit\u00e9s\nouvrent  droit au  b\u00e9n\u00e9fice  des  disposons  des  articles L. 7233-2  du  code du traval et L. 241-10\ndu  code  de  la s\u00e9curt\u00e9  sociale,\n'Conform\u00e9ment  aux  dispositions de  l'article R7232-19  du  code  du  travail, organisme  d\u00e9clar\u00e9  dott\nproduire  au  moins  chaque  trimestre  un  \u00e9tat dactivit\u00e9 et chaque  ann\u00e9e  un  bilan quanttatf  et\nqualtatf de l'actit\u00e9  exerc\u00e9e  au  tive de  l'ann\u00e9e \u00e9coul\u00e9e  ainsi qu'un  tableau  statistique annuel.\nSi l'organisme  d\u00e9clar\u00e9  compore  plusieurs  \u00e9tablissements,  les \u00e9tats statistiques et le bilan annuel\ndistinguent  l'activit\u00e9 exerc\u00e9e  par  chaque  \u00e9tablissement.\nLe  pr\u00e9sent  r\u00e9c\u00e9piss\u00e9 prend  effet le 21 octobre  202:\nL'enrogistrement de  la  d\u00e9claration  pourra  \u00eatre  retir\u00e9  si l'organisme d\u00e9clar\u00e9  cesse de  remplir\nles conditions  ou  de  respecter  les obligations  mentionn\u00e9es  aux  4\u00b0,5\u00b0 et 6\u00b0 de  l'article\n7232-17  ou  qui  m\u00e9connait  les obligations  d\u00e9finies  \u00e0 article  R7232-19  du  code  du  travail,\ndovra,  sous\npr\u00e8s de l'Unit\u00e9\nLe  pr\u00e9sent r\u00e9c\u00e9piss\u00e9 sera publi\u00e9 au recuell des actes administratifs de Ia pr\u00e9fecture des  Hauts-\nde-Seine.\nFait  \u00e0  Nanterre, le 28  octobre  2025.\nPour  lo Pr\u00e9fet\n1 d\u00e9l\u00e9gation  et subd\u00e9l\u00e9gation\nLa  Responsable  du  service\nD\u00e9veloppement de  l'emploi  et des\ncomp\u00e9tences  _\nMariama  CONDE\n\nEx  Direction  r\u00e9gionale  et interd\u00e9partementale\n'de l'\u00e9conomie,  de  l'emploi,\nDUTRAVAIL, DE LA SANT\u00c9, du travail et des solar\nDES  SOLIDARIT\u00c9S\nET  DES  FAMILLES\nFu\nR\u00e9c\u00e9piss\u00e9  n\u00b02025-586  de  d\u00e9claration  d'activit\u00e9s de  services  \u00e0 la personne\nenregistr\u00e9e  sous  le n\u00b0  SAP992403923  au  nom  de  la SASU  VIVALIA  sise  8-11  all\u00e9e\ndes  Passiflores  B\u00e2timent  B  \u00e0  BOIS-COLOMBES  (92270)\nLE  PREFET  DES  HAUTS-DE-SEINE\nVu  la loi n\u00b0  2010-853 du  23  jullet  2010  relative  aux  r\u00e9seaux  consulaires,  au  commerce  et  \u00e0\nl'artisanat et aux  services  (article 31) ;\nVu  Ia ki n\u00b02015-1776  du  28  d\u00e9cembre  2015  relative \u00e0 adaptation  de  la soci\u00e9t\u00e9  au\nveilissement ;\n'Vu l'aricie D7231-1  du  Code  du  travall\nVu  les d\u00e9crets  n\u00b0 2011-1132  et n\u00b0 2011-1133  du  20  septembre  2011  modifiant  certaines\ndispositions du  Code  du  traval, relatives au  ch\u00e8que  emplo-serice  universel et aux\nservices \u00e0 la personne\nVu  le d\u00e9cretn\u00b02016-750  du 6 juin 2016 relatif \u00e0 la liste des activites de services \u00e0 la personne\nsoumises \u00e0 agr\u00e9ment  ou  \u00e0 autorisation  dans le  cadre  du  r\u00e9gime  commun de  la  d\u00e9claration ;\nVu  le d\u00e9cret  du  31 octobre  2024  portant  nomination  de  Monsieur  Alexandre  BRUGERE,  en\nquait\u00e9 de Pr\u00e9fet des Hauts-de-Seine;\nVu  l'ar\u00e9t\u00e9  interminist\u00e9riel du  12 ao\u00fbt  2025  nommant  Monsieur  Fabrice  MASI,  Directeur\nr\u00e9gional et interd\u00e9partementalde l'\u00e9conomie, de l'emploi, du travail et des solidarit\u00e9sile-\nde-France \u00e0  compter  du  25  ao\u00fbt  2025  ;\nVu  Farrbte pr\u00e9fectoral n\u00b02025-33  du  22  ao\u00fbt  2025  par  lequel le Pr\u00e9fet des  Hauts-de-Seine\nd\u00e9l\u00e8gue  sa  signature  \u00e0  Monsieur  Fabrice  MASI,  Directeur  r\u00e9gional  et inerd\u00e9partemental\n'de l'\u00e9conomie, de l'emploi, du travail et des solidarit\u00e9s d'\u00cele-de-France\nVu  la d\u00e9cision  n\u00b0 2025-157  du  25  ao\u00fbt  2025  portant  subd\u00e9l\u00e9gation  de  signature  de  Monsieur\nFabrice  MASI,  Directeur  r\u00e9gional  et  interd\u00e9partemental  de  l'\u00e9conomie,  de  l'emploi,  du\ntraval  et  des  sodat\u00e9s  d'le-de-France,  aux  agents de  l'Unit\u00e9  d\u00e9partementale  des  Hauts-\nde-Seine\nVu  la d\u00e9claration  d'activit\u00e9s de services \u00e0 la personne  d\u00e9pos\u00e9es le 21 octobre  2025  au  nom\nde  la SASU  VIVALIA  sise 8-11 all\u00e9e des  Passiores  B\u00e2timent  B  \u00e0  BOIS-COLOMBES\n(62270):\n\n{Apr\u00e8s examen  du  dossier, cette demande  \u00e9tant  conforme  aux  dispositions de  l'article L. 7232-1\n1 du  code du travail, le pr\u00e9sent  r\u00e9c\u00e9piss\u00e9  de d\u00e9claration d activit\u00e9s de services \u00e0 la personne  a\n\u00e9t\u00e9  enregistr\u00e9  au  nom  de  la SASU  VIVALIA  sous  le num\u00e9ro  SAP  992403923,\nLes  activit\u00e9s d\u00e9clar\u00e9es  sont  les suivantes,  \u00e0 l'exclusion de  toute autre\n-_ Garde  d'enfants  de  plus  de  trois  ans  \u00e0  domicile;\n= Accompagnement  des  personnes  temporairement  d\u00e9pendantes  autres  que\npersonnes  \u00e2g\u00e9es,  handicap\u00e9es  ou  atteintes  de  pathologles  chroniques,  dans  leurs\nd\u00e9placements  en  dehors  de  leur domicile  (promenades,  aide  \u00e0  la mobilit\u00e9  et au\ntransport,  actes  de  la vie  courante)  ;\n= Assistance  aux  personnes  autres  que  personnes  \u00e2g\u00e9es,  handicap\u00e9es  ou  atteintes\n'do pathologies  chroniques  qui  ont  besoin  temporairement  d'une  aide  personnelle  \u00e0\nleur  domicile,  \u00e0 l'exclusion  des  soins  relevant  d'actes  m\u00e9dicau\nPrestations relevant du b\u00e9n\u00e9fice de la r\u00e9duction d'impt  pr\u00e9vue \u00e0 l'article 199 sexdecies du Code\nG\u00e9n\u00e9ral  des  Imp\u00f4ts.\nLa  structure  exerce  ces  activit\u00e9s  solon  le mode  suivant  : PRESTATAIRE\n'Sous  r\u00e9serve  d'\u00eatre exerc\u00e9es  \u00e0 tte exclusif parle  d\u00e9clarant  (ou sous  r\u00e9serve  d'une  comptabilt\u00e9\ns\u00e9par\u00e9e  pour  les personnes  morales  dispens\u00e9es  de  la condition  d'actvi\u00e9  exclusive). ces  activit\u00e9s.\nouvrent drot au b\u00e9n\u00e9fice des  dispositions des articles L. 7233-2  du code  du traval et L. 241-10\ndu  code  de  la s\u00e9curt\u00e9  sociale\n{Conform\u00e9ment  aux  dispositions de  article R7232-19 du code  du  travail l'organisme d\u00e9clar\u00e9  doit\nproduire au moins  chaque  trimestre un \u00e9tat d'activit\u00e9 et chaque  ann\u00e9e  un bilan quantitatif et\nqualitatifde active  exerc\u00e9e  au tire de  ann\u00e9e  \u00e9coul\u00e9e  ainsi qu'un tableau statistique annuel.\nSi l'organisme d\u00e9clar\u00e9  comport  plusieurs  \u00e9tablissements,  les \u00e9tats statistiques et le bilan annuel\ndistinguent  l'activit\u00e9 exerc\u00e9e  par  chaque  \u00e9tablissement\nLo  pr\u00e9sent  r\u00e9c\u00e9piss\u00e9  prend  effet lo 21 octobre  2028.\nL'enregistrement de la d\u00e9claration  pourra  \u00eatre rotir\u00e9si l'organisme  d\u00e9clar\u00e9  cosse de remplir\nles conditions  ou  de  respecter  les obligations  mentionn\u00e9es  aux 4\u00b0,5* ot 6\u00b0 de lar\nR7232-17 ou  qui m\u00e9connait les obligations  d\u00e9finis  \u00e0 article  R7232-19 du code  du travail,\ndevra,  sous\npee  de retrait de a d\u00e9claration, far  l'objet dune d\u00e9claration modifica  aupr\u00e9s de Unit\u00e9\nd\u00e9partementale  des  Hauts-de-Seine.\nLe  pr\u00e9sent r\u00e9c\u00e9piss\u00e9 sera publi\u00e9 au recuell des actes administratfs de la pr\u00e9fecture des  Hauts-\nde-Seine\nFait  \u00e0 Nanterre, le 28  octobre 2026,\nPour  le Pr\u00e9fet\nr d\u00e9l\u00e9gation  et subd\u00e9l\u00e9gation\nResponsable  du  service\nD\u00e9veloppement  de  l'emploi  et des\ncomp\u00e9tences.\nMariana COND\u00c9\n\n=n  Direction  r\u00e9gionale  et interd\u00e9partementale\nde  l'\u00e9conomie,  de l'emploi,\nDUYTRAVAIL, DE LA SANT\u00c9, du ravi et des soldats\nDES  SOLIDARIT\u00c9S\nET  DES  FAMILLES\nA\nR\u00e9c\u00e9piss\u00e9  n*2025-887  de  d\u00e9claration  d'activit\u00e9s  de  services  \u00e0  la personne\nenregistr\u00e9e  sous  le n\u00b0 SAP932052319  au nom  de  la micro-entreprise  IDIRI RYMA\nsise  79  RUE  DES  BAS  ROGERS  Chez  M  BOURAOUI  MOHAMED  \u00e0  SURESNES\n(92180)\nLE  PREFET  DES  HAUTS-DE-SEINE\nVu  la loi n\u00b0 2010-853  du  23  juillet 2010  relative aux  r\u00e9seaux  consulaires, au  commerce  et \u00e0\nl'artisanat et aux  services  (article 31);\nVu  la loi n\u00b02015-1778  du  28  d\u00e9cembre  2015  relative \u00e0 l'adaptation de  la soci\u00e9t\u00e9  au\nviilissoment  ;\nVu  l'aticle 07231-1  du  Code  du  travail;\nVu  les d\u00e9crets  n\u00b0 2011-1132  et n\u00b0 2011-1133  du  20  septembre  2011  modiiant  certaines\ndispositions du  Code  du  travail, relatives au  ch\u00e8que  emploi-service  universel et aux\nservices \u00e0 la  personne ;\nVu  le d\u00e9cret  n*2016-750 du 6 juin 2016 relatif \u00e0 la liste des  activit\u00e9s de services \u00e0 la personne\nsoumises  \u00e0 agr\u00e9ment  ou  \u00e0 autorisation  dans  le cadre  du  r\u00e9gime  commun  dea  d\u00e9claration ;\nVu  le d\u00e9cret  du  31 octobre  2024  portant  nomination  de  Monsieur  Alexandre  BRUGERE,  en\n'qualit\u00e9 de  Pr\u00e9fet  des  Hauts-de-Seine  ;\nVu  l'arr\u00e8t\u00e9 interminist\u00e9riel du  12 ao\u00fbt  2025  nommant  Monsieur  Fabrice  MASI,  Directeur\nr\u00e9gional et interd\u00e9partemental de  l'\u00e9conomie, de  l'emplol, du travail et des  solidart\u00e9s d'le-\nde-France  \u00e0  compter  du  25  ao\u00fbt  2025  ;\nVu  l'arr\u00e9t\u00e9  pr\u00e9fectoral  n\u00b02026-33  du  22  ao\u00fbt  2025  par  lequel  le Pr\u00e9fet  des  Hauts-de-Seine\nd\u00e9l\u00e8gue  sa  signature  \u00e0 Monsieur  Fabrice MASI,  Directeur  r\u00e9gional et interd\u00e9partemental\nde l'\u00e9conomie, de l'emploi du travailet des solidarit\u00e9s dile-de-France ;\nVu  la d\u00e9cision  n\u00b0  2025-157  du  25  ao\u00fbt  2025  portant  subd\u00e9l\u00e9gation  de  signature  de  Monsieur\nFabrice  MASI,  Directeur  r\u00e9gional  et interd\u00e9partemental  de  l'\u00e9conomie,  de  l'emploi, du\ntravail et  des  solidart\u00e9s  d'le-de-France,  aux  agents  de  l'Unit\u00e9  d\u00e9partementale  des  Hauts-\nde-Seine  ;\n'Vu  la d\u00e9claration  d'activit\u00e9s  de  services  \u00e0  la personne  d\u00e9pos\u00e9es le 10  octobre  2025  au  nom\nde  la micro-entreprise  IDIRI  RYMA  sise  79  RUE  DES  BAS  ROGERS  Chez  M  BOURAOUI\nMOHAMED  \u00e0  SURESNES  (92150);\n\n'Apres examen  du dossier, cette demande  \u00e9tant conforme aux dispositions de  Farce  L. 7232-\n1 du code  du travail, le pr\u00e9sent  r\u00e9c\u00e9piss\u00e9  de d\u00e9claration d'activit\u00e9s de services  \u00e0 la personne  a\n\u00e9t\u00e9  enregistr\u00e9  au  nom  de  la micro-entreprise  IDIRI  RYMA  sous  le num\u00e9ro  SAP  932052318,\nLes  activites d\u00e9ctar\u00e9es  sont les suivantes,  \u00e0 l'exclusion de toute  autre\nGarde  d'enfants  de  plus  de  trois  ans  \u00e0  domicile  ;\nAccompagnement  des  enfants  de  plus de  trois ans  dans  leurs d\u00e9placements  en\ndehors  de  leur domicile  (promenades,  transports,  actes  de  la vie  courante)  ;\nPrestations relevant du b\u00e9n\u00e9fice de  la r\u00e9duction d'imp\u00f4t pr\u00e9vue  \u00e0 article 199  sexdecies  du Code\nGeneral  des  Imp\u00f4ts.\nLa  structure  exerce  ces  activit\u00e9s  selon  le mode  suivant  : PRESTATAIRE\nSous  r\u00e9serve  d'\u00eatre exerc\u00e9es  \u00e0 tre  exclus  parle  d\u00e9clarant (ou sous r\u00e9serve  d'une  comptabiit\u00e9\ns\u00e9par\u00e9e  pour les personnes  morales dispens\u00e9es  de  la condition d'actvi\u00e9 exclusive), ces activit\u00e9s\nouvrent drot au b\u00e9n\u00e9fice des  dispositions des  artcies L. 7233-2  du code  du  traval et L. 241-10\ndu  code  de  la s\u00e9curit\u00e9 sociale\nConform\u00e9ment  aux  dispositions de  article R7232-19  du  code  du travail, l'organisme d\u00e9clar\u00e9 doit\nproduire  au  moins  chaque  trimestre un  \u00e9tat d'activit\u00e9 et chaque  ann\u00e9e  un  bilan quantitatif et\nquaitatifde activi  exerc\u00e9e  au tive de  l'ann\u00e9e \u00e9coul\u00e9e  ainsi qu'un tableau statistique annuel.\nSi l'organisme d\u00e9clar\u00e9 comporte  plusieurs \u00e9tablissements, les \u00e9tats statistiques et le bilan annuel\ndistinguent  l'activit\u00e9 exerc\u00e9e  par  chaque  \u00e9tablissement.\nLe  pr\u00e9sent  r\u00e9c\u00e9piss\u00e9  prend  effet le 10  octobre  2028.\nL'enregistrement de la d\u00e9claration  pourra  \u00eatre rotir\u00e9si l'organisme  d\u00e9clar\u00e9 cesse de remplir\nles conditions  ou  de  respecter  les obligations mentionn\u00e9es  aux  4\u00b0 at 6\u00b0 de  l'article\nR7232-17 ou  qui m\u00e9connait  les obligations d\u00e9finies \u00e0 l'article R7232-19  du  code  du travail.\n'd\u00e9claration modificatve aupr\u00e9s  de  FUnit\u00e9\nd\u00e9partementale  des  Hauts-de-Seine\nLe  pr\u00e9sent  r\u00e9c\u00e9piss\u00e9  sera  publi\u00e9 au  recuell des  actes  administratifs de  la pr\u00e9fecture  des  Hauts-\nde-Seine.\nFait \u00e0  Nanterre, le 28 octobre  2025,\nPour  lo Pr\u00e9fet\nPar  d\u00e9l\u00e9gation  ot  subd\u00e9l\u00e9gation\nLa  Responsable  du  service\nD\u00e9veloppement  de  l'emploi  et des\ncomp\u00e9tences\nCONDE\n\nex  Direction  r\u00e9glonale  etinterd\u00e9partementale\nMINISTERE de l'\u00e9conomie, de l'emploi,\nDU  TRAVAIL,  DE  LA  SANT\u00c9,  du travail et des solidarit\u00e9s\nDES  SOLIDARIT\u00c9S\nET  DES  FAMILLES\nA\nR\u00e9c\u00e9piss\u00e9  n\u00b02025-588  de  d\u00e9claration  d'activit\u00e9s de services \u00e0 la personne\nenregistr\u00e9e  sous  le n\u00b0  SAP992717074  au  nom  de  la  micro-entreprise  RAYAN\nYASSINE  sise  1 Rue  de  Watford  \u00e0 NANTERRE  (92000)\nLE  PREFET  DES  HAUTS-DE-SEINE\nVu  la loi n\u00b0 2010-863  du  23  jullet 2010  relative aux  r\u00e9seaux  consulaires, au  commerce et \u00e0\nl'artisanat et aux  services  (article  31);\nVu  la loi n\u00b02015-1776  du  28  d\u00e9cembre  2015  relative \u00e0  l'adaptation de  la soci\u00e9t\u00e9  au\nveilissement ;\nVu  l'aticie  D7231-1  du  Code  du  travail;\nVu  les d\u00e9crets  n\u00b0 2011-1132  et n\u00b0 2011-1133  du  20  septembre  2011  modifiant  certaines.\ndispositions du  Code  du  travail, relatives au  ch\u00e8que  emplo-service  universel  et aux\nservices \u00e0 la  personne  ;\nVu  le d\u00e9crot  \"2016-750  du  6 juin 2016  relatif \u00e0\nsoumises \u00e0 agr\u00e9ment  ou \u00e0 autorisation dar\nVu  le  d\u00e9cret  du  31 octobre  2024  portant nomination  de  Monsieur  Alexandre  BRUGERE,  en\n'qualit\u00e9 de Pr\u00e9fet des Hauts-de-Seine ;\nliste  des  activites de  services  \u00e0 la personne\nle  cadre  du  r\u00e9gime  commun  de  la  d\u00e9claration  ;\nVu  l'a\u00e8t\u00e9  interminist\u00e9riel du  12 ao\u00fbt  2025  nommant  Monsieur  Fabrice  MASI,  Directeur\nr\u00e9gional ot interd\u00e9partementa  de  l'\u00e9conomie, de  l'emploi  du  travail  et des  solidarit\u00e9s d'le-\nde-France \u00e0 compter  du 25 ao\u00fbt  2025 ;\nVu  l'ar\u00e9t\u00e9  pr\u00e9fectoral  n\u00b02025-33  du  22  ao\u00fbt  2025  par  lequel  le Pr\u00e9fet  des  Hauts-de-Seine\nd\u00e9l\u00e8gue  sa  signature  \u00e0 Monsieur  Fabrice  MASI,  Directeur  r\u00e9gional et interd\u00e9partemental\nde l'\u00e9conomie, de l'emploi, du travail et des solidarit\u00e9s d'l-de-France\nVu  la d\u00e9cision  n\u00b0 2025-187  du  25  ao\u00fbt  2025  portant  subd\u00e9l\u00e9gation  de  signature  de  Monsieur\nFabrice  MASI,  Directeur  r\u00e9gional  et  interd\u00e9partemental  de  l'\u00e9conomie,  de  l'emploi, du\ntravail et des  soldart\u00e9s  d'le-de-France,  aux  agents  de  l'Unit\u00e9 d\u00e9partementale  des  Hauts-\nde-Seine  |\nVu  la d\u00e9claration  d'activit\u00e9s de  services  \u00e0 la personne  d\u00e9pos\u00e9es  le 22  octobre  2025  au  nom\n'dela  micro-entreprise  RAVAN  YASSINE  sise  1 Rue  de  Watford  \u00e0  NANTERRE  (92000)\n\n'Apr\u00e8s examen  du  dossier, cette demande  \u00e9tant  conforme  aux  dispositions de  l'article L 7232-1\n1 du  code  du  traval,  le pr\u00e9sent  r\u00e9c\u00e9piss\u00e9  de  d\u00e9ciaration  d'activit\u00e9s  de  services  \u00e0  la personne  a\n\u00e9t\u00e9  enregistr\u00e9  au  nom  de la micro-entreprise  RAYAN  YASSINE  sous  le num\u00e9ro  SAP\n1992717074,\nLes  activit\u00e9s d\u00e9clar\u00e9es  sont  les suivantes,  \u00e0 l'exclusion de  toute autre\nEntretien  de la  maison et  travaux  m\u00e9nagers  ;\nPrestations  relevant du b\u00e9n\u00e9fice  de  La r\u00e9duction d'imp\u00f4t  pr\u00e9vue  \u00e0 'ricle  199 sexdecies du Code\nG\u00e9n\u00e9ral  des  Imp\u00f4ts.\nLa  structure  exerce  ces  activit\u00e9s  selon  le mode  suivant  : PRESTATAIRE\nSous  r\u00e9serve  d'\u00eatre exerc\u00e9es  \u00e0 ttre exclusif par  le d\u00e9clarant  (ou sous  r\u00e9serve  d'une  comptablit\u00e9\ns\u00e9par\u00e9e  pour  es  personnes  morales  dispens\u00e9es  de  a  condition  d'actvi\u00e9  exclusive)  ces  activites\n'ouvrent  droit au b\u00e9n\u00e9fice  des  dispositions des  artcies L. 7233-2  du code du traval  et L.241-10\ndu  code  de  la s\u00e9curt\u00e9  sociale,\n'Conform\u00e9ment  aux  dispositions de  l'article R7232-19  du  code  du  travail, l'organisme  d\u00e9clar\u00e9  doit\nproduire au moins chaque trimestre un \u00e9tat d'activit\u00e9 et chaque  ann\u00e9e  un bilan quantitatif et\nquaitaif de l'activit\u00e9 exerc\u00e9e  au ire  de  l'ann\u00e9e \u00e9coul\u00e9e  ainsi qu'un tableau statistique annuel.\nSi l'organisme d\u00e9clar\u00e9  comporte  plusieurs  \u00e9tablissements,  les \u00e9tats statistiques ete  bilan annuel\ndistinguent  l'activit\u00e9 exerc\u00e9e  par  chaque  \u00e9tablissement\nLe  pr\u00e9sent  r\u00e9c\u00e9piss\u00e9  prend  affot le 22 octobre  2028.\nL'enregistrement  de la d\u00e9claration pourra \u00eatre retir\u00e9 si l'organisme  d\u00e9clar\u00e9 cesse  de remplir\nctivit\u00e9s  exerc\u00e9es  devra,  sous\nmodiicatve  aupr\u00e9s  de  FUnitepeine de retrait de (a d\u00e9claration,fare l'objet dune d\u00e9claration\nd\u00e9partementale  des  Hauts-de-Seine\nLe  pr\u00e9sent  r\u00e9c\u00e9piss\u00e9  sera  publi\u00e9 au  recueil des  actes  administratfs  de  Ia pr\u00e9fecture  des  Hauts-\nde-Soine.\nFait \u00e0  Nanterre,  le 28  octobre  2025.\nPour  Pr\u00e9et\nPar  d\u00e9l\u00e9gation  et subd\u00e9l\u00e9gation\nLa  Responsable  du service\nD\u00e9veloppament  de  l'emplol  et  des\ncomp\u00e9tences\nCT\n'Maridma CONDE\n\nEx  Direction  r\u00e9gionale et  interd\u00e9partementale\nMINIST\u00c8RE  de l'\u00e9conomie, de l'emploi,\nDU  TRAVAIL,  DE  LA  SANT\u00c9,  du travail et des solidarit\u00e9s\nDES  SOLIDARIT\u00c9S\nET  DES  FAMILLES\nEM\nR\u00e9c\u00e9piss\u00e9  n\u00b02025589  de  d\u00e9claration  d'activit\u00e9s  de  services  \u00e0 la personne\nenregistr\u00e9e  sous  le n\u00b0 SAP991650243  au  nom  de  la micro-entreprise  GONIN\n'CLEMENTINE  sise  Rue  do  la Paix  \u00e0  BOULOGNE-BILLANCOURT  (92100)\nLE  PREFET  DES  HAUTS-DE-SEINE\n'Vu la loi n\u00b0 2010-853  du  23  juilet 2010  relative aux  r\u00e9seaux  consulaires, au  commerce  et \u00e0\nl'artisanat  et  aux  services  (article 31);\nVu  la loi n'2018-1778  du  28  d\u00e9cembre  2015  relative \u00e0 l'adaptation de  la soci\u00e9t\u00e9  au\nviilissement\nVu  l'article 07231-1  du  Code  du  travail;\nVu  les d\u00e9crets  n\u00b0 2011-1132  et n\u00b0 2011-1133  du  20  septembre  2011  modifiant  certaines:\ndispositions  du  Code  du  travail, relatives au ch\u00e8que  emplo-service  universel  et aux\nservices  \u00e0 la personne ;\nVu  le d\u00e9cret  n\u00b02016-750 du  6 juin 2016  relatif \u00e0  la iste  des  activit\u00e9s  de  services  \u00e0  la personne\nsoumises \u00e0 agr\u00e9ment  ou  \u00e0 autorisation dans  le cadre  du  r\u00e9gime  commun de la d\u00e9claration\nVu  le d\u00e9cret  du  31  octobre  2024  portant  nomination  de  Monsieur  Alexandre  BRUGERE,  en\n'qualit\u00e9 de Pr\u00e9fet des Hauts-de-Seine ;\nVu  l'ar\u00e8t\u00e9  interminist\u00e9riel  du  12  ao\u00fbt  2025  nommant  Monsieur  Fabrice  MASI,  Directeur\nr\u00e9gionalet interd\u00e9partementa de l'\u00e9conomie, de l'emploi du travail et des solidarit\u00e9s d'le-\nde-France  \u00e0 compter  du  25  ao\u00fbt  2025  ;\nVu  l'ar\u00eat\u00e9  pr\u00e9fectoral  n\u00b02025-33  du  22  ao\u00fbt  2025  par  lequel  le Pr\u00e9fet  des  Hauts-de-Seine\nd\u00e9l\u00e8gue  sa signature  \u00e0 Monsieur  Fabrice  MASI,  Directeur  r\u00e9gional et interd\u00e9partemental\nde  l'\u00e9conomie, de l'emploi, du travail et des  solidart\u00e9s d'le-de-France\nVu  la d\u00e9cision  n\u00b0  2025-187  du  25  ao\u00fbt  2025  portant  subd\u00e9l\u00e9gation  de  signature  de  Monsieur\nFabrice  MASI,  Directeur  r\u00e9gional et interd\u00e9partemental  de  \u00e9conomie,  de  l'emploi, du\ntravail et des solidarit\u00e9 d'Ile-de-France,  aux  agents  de  l'Unit\u00e9 d\u00e9partementale  des  Hauts\nde-Seine  ;\nVu  la d\u00e9caration  d'actvtes  de  services \u00e0  la personne  d\u00e9pos\u00e9es  le 23  octobre  2025  au  nom\nde  la micro-entreprise  GONIN  CLEMENTINE  sise  Rue  de  la Paix  \u00e0  BOULOGNE-\nBILLANCOURT  (82100)  ;\n\n'Apr\u00e8s examen  du  dossier, cette demande  \u00e9tant conforme  aux  dispositions de  Fartcle L. 7232-\n1 du code  du traval  le pr\u00e9sent  r\u00e9c\u00e9piss\u00e9  de d\u00e9ciaration d'activit\u00e9s de services \u00e0 la personne  a\n\u00e9t\u00e9  enregistr\u00e9  au  nom  de  la micro-entreprise  GONIN  CLEMENTINE  sous  le num\u00e9ro  SAP\n1991650243.\nLes  acivit\u00e9s  d\u00e9clar\u00e9es  sont  les suivantes,  \u00e0 l'exclusion de  toute autre\nEntretien  de  la maison  et travaux  m\u00e9nagers  ;\nPrestations relevant du  b\u00e9n\u00e9fice de la r\u00e9duction imp\u00f4t  pr\u00e9vue  \u00e0 Tarticle 199 sexdecies  du  Code\n(G\u00e9n\u00e9ral  des  Imp\u00f4ts.\nLa  structure  exerce  ces  activit\u00e9s  selon  le mode  suivant  :  PRESTATAIRE\nSous  r\u00e9serve d'\u00eatre exerc\u00e9es  \u00e0  titre exclusif parle  d\u00e9clarant  (ou  sous r\u00e9serve  dune  comptabiit\u00e9\ns\u00e9par\u00e9e  pour  les personnes  morales  dispens\u00e9es  de la concition d'actvi\u00e9  exclusive), ces  activit\u00e9s.\n'ouvrent droit au  b\u00e9n\u00e9fice des  dispositions des articles L. 7233-2 du code du traval et L. 241-10,\ndu code  de la s\u00e9curt\u00e9 sociale.\nConform\u00e9ment  aux dispositions de  l'aticie R7232-19  du  code  du  travail l'organisme  d\u00e9clar\u00e9  dott\nproduire  au  moins  chaque  trimestre un  \u00e9tat d'activit\u00e9 et chaque  ann\u00e9e  un  bilan quantitatif et\nqualtatf de l'activit\u00e9 exerc\u00e9e au tire de l'ann\u00e9e \u00e9coul\u00e9e ainsi qu'un tableau statistique annuel.\nSi l'organisme d\u00e9clar\u00e9 comporte  plusieurs \u00e9tablissements, les \u00e9tats statistiques ete  ban  annuel\ndlistinguent l'activit\u00e9 exerc\u00e9e  par  chaque  \u00e9tablissement.\nLe  pr\u00e9sent  r\u00e9c\u00e9piss\u00e9  prend  effet le 23 octobre  2028.\nL'enregistrement de la d\u00e9claration  pourra \u00eatre rotir\u00e9si l'organisme  d\u00e9clar\u00e9 cesse de remplir\nles conditions  ou  de  respecter  les obligations montionn\u00e9es  aux  4\u00b0,5\u00b0 ot 6\u00b0 de l'article\n7232.17  ou  qui m\u00e9connalt  les obligations d\u00e9finies \u00e0 l'article R7232-19  du  code  du  traval.\ndevra,  sous\ndune  d\u00e9claration  modiicative  aupr\u00e8s de  | Unit\u00e9poine de retraitde fa d\u00e9claration, faire l'objet\nd\u00e9partementale des Hauts-de-Seine\nLe  pr\u00e9sent  r\u00e9c\u00e9piss\u00e9  sera  publi\u00e9 au  recueil des  actes  administratifs de la pr\u00e9fecture des  Hauts-\ndeSeine.\nFait \u00e0  Nanterre, le 28 octobre  2025.\nPour  lo Pr\u00e9fet\nd\u00e9l\u00e9gation  et subd\u00e9l\u00e9gation\nLa  Responsable  du  service\nD\u00e9veloppement  de  l'emploi  et des\ncomp\u00e9tences\nMaridma CONDE\n\nE  Direction  r\u00e9gionale et interd\u00e9partementale\nMINISTERE de l'\u00e9conomie, de l'emploi,\nDU  TRAVAIL,  DE  LA  SANT\u00c9,  du travail et des solidarit\u00e9s\nDES  SOLIDARIT\u00c9S\nET  DES  FAMILLES\npo\nR\u00e9c\u00e9piss\u00e9  n\u00b02025-590  de  d\u00e9claration  d'activit\u00e9s  de  services  \u00e0  la personne\nenregistr\u00e9e  sous  le  n\u00b0 SAP992995969  au  nom  de la micro-entreprise  HALHOUL\nIHSSAN  sise  82  rue  pierre  brossolette  B\u00e2timent 2 \u00e0 CHATILLON  (92320)\nLE  PREFET  DES  HAUTS-DE-SEINE\nVu  la loi n\u00b0 2010-853  du  23  jullet 2010  relative aux  r\u00e9seaux  consulaires, au  commerce  et \u00e0\nl'artisanatet aux  services (article 31)\nVu  la li  n\u00b02018-1778  du  28  d\u00e9cembre  2015  relative  \u00e0  l'adaptation  de  la soci\u00e9t\u00e9  au\nviilissement ;\nVu  l'article 7231-1  du  Code  du  travail;\nVu  les d\u00e9crets  n\u00b0 2011-1132  et n\u00b0 2011-1133  du  20  septembre  2011  modifiant  certaines\ndispositions  du  Code  du  travai,  relatives  au  ch\u00e8que  emploi-service  universel  et  aux\n'services \u00e0 la personne ;\nVu  le d\u00e9cret  n\u00b02016750 du 6 juin 2016 relatif \u00e0 la liste des  activit\u00e9s de services \u00e0 la personne\nsoumises \u00e0 agr\u00e9ment  ou  \u00e0 autorisation dans  le cadre  du  r\u00e9gime  commun  dela d\u00e9ciaration  ;\nVu  le d\u00e9cret  du  31 octobre  2024  portant  nomination  de  Monsieur  Alexandre  BRUGERE,  en\nqualit\u00e9 de Pr\u00e9fet des Hauts-de-Seine ;\nVu  l'ar\u00e8t\u00e9 interminist\u00e9riel du  12 ao\u00fbt 2025  nommant  Monsieur  Fabrice MASI,  Directeur\nr\u00e9gional  et interd\u00e9partemental de l'\u00e9conomie,  de l'emplol, du  travail et des  solidart\u00e9s d'le-\n'de-France  \u00e0  compter  du  25  ao\u00fbt  2025  ;\nVu  l'arr\u00eat\u00e9 pr\u00e9fectoral n\u00b02025-33  du  22  ao\u00fbt  2025  par  lequel le Pr\u00e9fet des  Hauts-de-Seine\nd\u00e9l\u00e8gue  sa  signature  \u00e0  Monsieur  Fabrice  MASI,  Directeur  r\u00e9gional et Interd\u00e9partemental\nde l'\u00e9conomie, de l'emploi du travailet des solidarit\u00e9s d'\u00eele-de-France;\nVu  la d\u00e9cision  n\u00b0 2025-187  du  25  ao\u00fbt  2025  portant  subd\u00e9l\u00e9gation  de  signature  de  Monsieur\nFabrice  MASI,  Directeur  r\u00e9gional et interd\u00e9partemental  de  l'\u00e9conomie, de  l'emploi, du\ntravail et des  solidarit\u00e9s d'le-de-France,  aux  agents de  l'Unit\u00e9 d\u00e9partementale  des  Hauts.\nde-Seine  ;\nVu  la  d\u00e9claration  d'activit\u00e9s de  services \u00e0 la personne  d\u00e9pos\u00e9es le 24  octobre  2025  au  nom\nde  la micro-entreprise  HALHOUL  IHSSAN  sise 82  rue  pierre brossolette  B\u00e2timent  2 \u00e0\nCHATILLON  (82320)  :\n\n'Apr\u00e8s examen  du  dossier, cette demande  \u00e9tant conforme  aux  dispositions de  article L. 7232-1\n1 du  code  du  traval, le pr\u00e9sent  r\u00e9c\u00e9piss\u00e9  de  d\u00e9ciaration  d'activit\u00e9s de  services  \u00e0 la personne  a\n\u00e9t\u00e9  enregistr\u00e9  au  nom  de  la micro-entreprise  HALHOUL  IHSSAN  sous  le num\u00e9ro  SAP\n982995969,\nLes  activites d\u00e9ctar\u00e9es  sont les suivantes, \u00e0 l'exclusion de  toute autre\nEntreton  ola maison ot travaux  m\u00e9nagers;\nGarde  d'enfants de  plus  de  trols ans  \u00e0 domicile;\nSoins d'esth\u00e9tiques  \u00e0  domicile  pour  les personnes  d\u00e9pendantes  ;\nPr\u00e9paration de  ropas  \u00e0  domicile,  y compris  le temps  pass\u00e9  aux  courses\nLivraison  de  repas  \u00e0 domicile\nCollecte  et ivraison  \u00e0 domicile de  linge  ropass\u00e9;\nLivraison de courses  \u00e0 domicile\nSoins  et promenades  d'animaux  de  compagnie,  exception  des  soins  v\u00e9t\u00e9rinaires\net du  toilettage, pour  les personnes  d\u00e9pendantes  ;\nMaintenance,  entretion et vigilance tomporaies,  \u00e0 domicile, de  la r\u00e9sidence\nprincipale et secondaire;\nAccompagnement  des  enfants  de  plus  de  trols  ans  da\n'dehors de lour domicile  (promenades,  transports, actes  de\nPrestation  de  conduite  du  v\u00e9hicule  personnel  des  personnes  temporsirement\nd\u00e9pendantes  autres  que  personnes  \u00e2g\u00e9es,  handicap\u00e9es  ou  atteintes de pathologies\nGhroniques,  du  domicile  au  travail, sur  le leu  de  vacances,  pour  les d\u00e9marches\nSdministraties\n- Accompagnement  des  personnes  temporairement  d\u00e9pendantes  autres  que\npersonnes  \u00e2g\u00e9es, handicap\u00e9es  ou attaintes de pathologies chroniques, dans  lours\nd\u00e9placements  en  dehors  de  leur domicile  (promenades,  aic la mobilit\u00e9 et au\ntransport, actes de la vie courante) ;\n~ Assistance  aux  personnes  autres  que  personnes  \u00e2g\u00e9es,  handicap\u00e9es  ou  attointes\nde  pathologies  chroniques  qui  ont  besoin  tomporairement d'une  alde  personnelle \u00e0\nleur domicile, \u00e0 exclusion  dos  soins  relevant d'acts  m\u00e9dicaux  :\nPrestations  relevant du  b\u00e9n\u00e9fice  de  a r\u00e9duction  d'imp\u00f4t  pr\u00e9vue  \u00e0 l'articie 199  sexdecies  du  Code\nG\u00e9n\u00e9ral  des  Imp\u00f4ts.\nLa  structure  exerce ces  activit\u00e9s on  le mode  suivant  : PRESTATAIRE\nSous  r\u00e9serve  d'\u00eatre exerc\u00e9es  \u00e0 ttre exclusf  par le  d\u00e9clarant  (ou  sous r\u00e9serve d une  comptabilt\u00e9\ns\u00e9par\u00e9e  pour  les personnes  morales  dispens\u00e9es de la condition  d'activit\u00e9 exclusive) ces  activit\u00e9s,\nouvrent  drot  au  b\u00e9n\u00e9fice  des  dispositions des  articles L. 7233-2  du  code  du  travail et L. 241-10\ndu  code  de  la s\u00e9curt\u00e9  sociale.\nConform\u00e9ment  aux  dispositions  de  Farticle R7232-19  du  code  du  travail l'organisme  d\u00e9clar\u00e9  doit\nproduire  au  moins  chaque  trimestre un  \u00e9tat d'activit\u00e9 et chaque ann\u00e9e un  bilan quantitatif et\nqualita  de  activit\u00e9 exerc\u00e9e  au  titre de  l'ann\u00e9e  \u00e9coul\u00e9e  ainsi qu'un  tableau  statistique annuel.\nSi l'organisme  d\u00e9clar\u00e9  comporte  plusieurs  \u00e9tablissements,  les \u00e9tats statistiques ete  bilan annuel\ndistinguent  l'activit\u00e9 exerc\u00e9e  par  chaque  \u00e9tablissement.\nLe  pr\u00e9sent  r\u00e9c\u00e9piss\u00e9  prond  offet le 24 octobre  2025.\nL'enregistrement de la d\u00e9claration  pourra  \u00eatre rotir\u00e9si l'organisme  d\u00e9clar\u00e9 cesse  de remplir\nles conditions  ou  de  respecter  les obligations  mentionn\u00e9es  aux  4\u00b0,6* et 6\u00b0 de  l'article\nR7232-17  ou  qui  m\u00e9connait  les obligations  d\u00e9finies  \u00e0 l'article R7232-19  du  code  du  travail.\n\nLe  pr\u00e9sent  r\u00e9c\u00e9piss\u00e9  sera  publi\u00e9 au  recuell des  actes  administratfs  de  la pr\u00e9fecture  des  Hauts-\nde-Seine.\nFait  a Nanterre, le 28 octobre 2025,\nPour  le Pr\u00e9fet\nPar  d\u00e9l\u00e9gation  et  subd\u00e9l\u00e9gation\nLa  Responsable  du  service\nD\u00e9veloppement  de  l'emploi  et des\ncomp\u00e9tences\n(ear\nMarlama CONDE\n\nE  Direction  r\u00e9gionale  et Interd\u00e9partementale\nMINIST\u00c8RE  de l'\u00e9conomie, de l'emploi,\nDU  TRAVAIL, DE LA SANT\u00c9, du travail et des solidarit\u00e9s\nDES  SOLIDARIT\u00c9S\nET  DES  FAMILLES\nR\u00e9c\u00e9piss\u00e9  n\u00b02025-591  de  d\u00e9claration d'activit\u00e9s de  services  \u00e0 la personne\nenregistr\u00e9e  sous  le n\u00b0 SAP989789318  au  nom  de  la micro-entreprise  LETLAT  LAID\nsise  17  Rue  Yves  Kermen  \u00e0 BOULOGNE-BILLANCOURT  (92100)\nLE  PREFET  DES  HAUTS-DE-SEINE\n'Vu la loi n\u00b0 2010-853  du 23 juilet 2010  relative aux r\u00e9seaux  consulaires, au commerce  et \u00e0\nFarisanat  et aux  services  (article 31)\n'Vu la loi n\u00b02018-1778  du  28  d\u00e9cembre  2015  relative \u00e0 l'adaptation de  la soci\u00e9t\u00e9 au\nWellissement ;\nVu  l'aricie 07231-1  du  Code  du  travail\nVu  les d\u00e9crets n\u00b0 2011-1132  et n\u00b0 2011-1133  du 20 septembre  2011  modifiant certaines\ndispositions du Code  du  travail, relatives au ch\u00e8que  emploi-service universel et aux\nservices  \u00e0  la personne ;\nVu  le d\u00e9cret n\u00b02018750  du 6 juin 2016 relatif \u00e0 la liste des activit\u00e9s de services \u00e0 Ia personne\n'soumises \u00e0 agr\u00e9ment  ou \u00e0 autorisation dans  le cadre  du  r\u00e9gime  commun  de la d\u00e9claration ;\nVu  le d\u00e9cret du 31 octobre 2024  portant nomination de  Monsieur  Alexandre  BRUGERE,  en\n'qualit\u00e9 do Pr\u00e9fet des Hauts-de-Seine ;\nVu  l'ar\u00eat\u00e9 interminist\u00e9riel du  12 ao\u00fbt 2025  nommant  Monsieur  Fabrice MASI, Directeur\nr\u00e9gional  et interd\u00e9partemental  de  \u00e9conomie,  de  l'emploi, du  travail et des  solidarit\u00e9s d'le-\nde-France  \u00e0 compter  du  25  ao\u00fbt 2025\nVu  l'arr\u00eat\u00e9 pr\u00e9fectoral n'2025-33  du  22  ao\u00fbt  2025  par  lequel le Pr\u00e9fet des  Hauts-de-Seine\nd\u00e9l\u00e8gue  sa  signature  \u00e0 Monsieur  Fabrice  MASI,  Directeur  r\u00e9gional et interd\u00e9partement\nde  \u00e9conomie,  de l'emploi du travailet des solidarit\u00e9s d'le-de-France;\n'Vu la d\u00e9cision n\u00b0 2025-187  du  25 ao\u00fbt 2025  portant subd\u00e9l\u00e9gation de  signature de Monsieur\nFabrice MASI,  Directeur r\u00e9gional et Interd\u00e9partemental de  l'\u00e9conomie, de l'emploi, du\ntravail ot des  soldart\u00e9s  dle-de-France,  aux  agents  de  l'Unit\u00e9 d\u00e9partementale  des  Hauts-\nde-Seine:\nVu  la d\u00e9claration activit\u00e9s de services \u00e0 la personne  d\u00e9pos\u00e9es  le 24 octobre 2025 au nom\nde  la micro-entreprise LETLAT  LAID  sise 17 Rue  Yves  Kermen  \u00e0 BOULOGNE-\nBILLANCOURT  (82100)\n\n'Apr\u00e8s examen  du  dossier, cette demande  \u00e9tant conforme  aux  dispositions de  Farce  L. 7232:\n1 du code  du traval, le pr\u00e9sent  r\u00e9c\u00e9piss\u00e9  de d\u00e9ciaration d'activit\u00e9s de services \u00e0 la personne  a\n\u00e9t\u00e9  enregistr\u00e9  au  nom  de  la micro-entreprise  LETLAT  LAID  sous  le num\u00e9ro  SAP  969789318,\nLes  activites  d\u00e9clar\u00e9es  sont  les  suivantes,  \u00e0  l'exclusion  de  toute  autre\nEntretien  de  la maison  et  travaux  m\u00e9nagers  ;\nPrestations  relevant  du  b\u00e9n\u00e9fice  de\nGeneral  des  Imp\u00f4ts.\nLa  structure  exerce  ces  activit\u00e9s  selon  le  mode  suivant  : PRESTATAIRE\nr\u00e9duction  d'imp\u00f4t  pr\u00e9vue  \u00e0 l'article 199 sexdecies  du  Code\nSous  r\u00e9serve  d'\u00eatre exerc\u00e9es  \u00e0 tte  exclusif par  le d\u00e9clarant  (ou  sous  r\u00e9serve  d'une  comptablit\u00e9\ns\u00e9par\u00e9e  pour  les personnes  morales  dispens\u00e9es  de  la condition  d'actvi\u00e9  exclusive), ces  activit\u00e9s\nouvrent  drot  au  b\u00e9n\u00e9fice  des  dispositions  des  artcies  L. 7233-2  du  code  du  traval et L. 241-10,\ndu  code  de  la s\u00e9curt\u00e9  social.\n'Conform\u00e9ment  aux  dispositions de  l'article R7232-19  du  code  du  travail l'organisme  d\u00e9clar\u00e9  doit\nproduire  au  moins  chaque  trimestre un  \u00e9tat d'activit\u00e9 et chaque  ann\u00e9e  un  bilan quanttatf  et\nqualtatf de activi  exerc\u00e9e  au tive de  l'ann\u00e9e \u00e9coul\u00e9e  ainsi qu'un tableau statistique annuel.\nSi organisme  d\u00e9clar\u00e9  comporte  plusieurs  \u00e9tablissements,  les \u00e9tats statistiques et le bilan annuel\ndistinguent  l'actit\u00e9  exerc\u00e9e  par  chaque  \u00e9tablissement.\nLe  pr\u00e9sent  r\u00e9c\u00e9piss\u00e9  prond  offet le 24  octobre  2028.\nL'enregistrement de la d\u00e9claration  pourra  \u00eatre rotir\u00e9si l'organisme d\u00e9clar\u00e9  cesse  de remplir\nles conditions  ou  de  respecter  les obligations  mentionn\u00e9es  aux  45\u00b0  ot 6\u00b0 de  l'article\nR7232-17  ou  quim\u00e9connait  les obligations  d\u00e9finies  \u00e0 article  R7232-19  du  code  du  travail.\n'Toute modification concernant la structure d\u00e9clar\u00e9s ou les activit\u00e9s exerc\u00e9es devra, sous\neine  de  retrait de  la d\u00e9ciaration, faire l'objet d'une  d\u00e9ciaration  modiicate  aupr\u00e8s  de  l'Unit\u00e9\n'd\u00e9partementale  des  Hauts-de-Seine.\nLe  pr\u00e9sent  r\u00e9c\u00e9piss\u00e9  sera  publi\u00e9 au  recuell des  actes  administratifs de  la pr\u00e9fecture  des  Hauts-\nde-Seine.\nFait \u00e0 Nanterre  le 28 octobre 2025,\nPour  le  Pr\u00e9fet\nr d\u00e9l\u00e9gation  ot subd\u00e9l\u00e9gation\nLa  Responsable  du  service\nD\u00e9veloppement  de l'emplo  ot  des\ncomp\u00e9tences\nwe  coND\u00c9\n\nEE  Direction  r\u00e9gionale  et interd\u00e9partementale\nde  l'\u00e9conomie,  de  l'emploi,\nBUTRAVAIL, DE LA SANT\u00c9, di tava et des solders\nDES  SOLIDARITES\nET  DES  FAMILLES\nA\nR\u00e9c\u00e9piss\u00e9  n\u00b02025-592  de  d\u00e9claration  d'activit\u00e9s de  services  \u00e0 la personne\nenregistr\u00e9e  sous  le n\u00b0 SAP993064062  au  nom  de  la micro-entreprise  JELASSI\nAIMEN  sise  13  Rue  Paul  Bert \u00e0  COURBEVOIE  (92400)\nLE  PREFET  DES  HAUTS-DE-SEINE\nVu  la loin' 2010-859  du  23 juil  2010  relative aux  r\u00e9seaux  consulaires,  au  commerce  et \u00e0\nl'atisanat ot aux  services  (article 31)\n'Vu Ia loi n\u00b02018-1776  du  28  d\u00e9cembre  2015  relative \u00e0  l'adaptation de  la soci\u00e9t\u00e9  au\nviilissement ;\nVu  l'article 7231-1  du  Code  du  travail;\nVu  les d\u00e9crets  n\u00b0 2011-1132  et n\u00b0 2011-1133  du  20  septembre  2011  modifiant  certain\ndispositions du  Code  du traval, relatives au ch\u00e8que  emplo-service  universel et aux\nservices \u00e0 la  personne\nVu  le d\u00e9cret n\u00b02018:750 du 8 jun 2016 relatif \u00e0 la liste des activitesde services\u00e0 la personne\nsoumises \u00e0 agr\u00e9ment  ou \u00e0 autorisation dans  lecadre  du r\u00e9gime  commun  de la d\u00e9claration ;\nVu  le d\u00e9cret du 31 octobre 2024  portant nomination de  Monsieur  Alexandre  BRUGERE,  en\nqualit\u00e9 de Pr\u00e9fet des Hauts-de-Seine ;\nVu  Farr\u00e9te interminist\u00e9riel du  12 ao\u00fbt 2025  nommant  Monsieur  Fabrice MASI,  Directeur\nr\u00e9gional  et interd\u00e9partementalde l'\u00e9conomie, de l'emploi, du  travail et des solidant\u00e9s d'le-\n'de-France  \u00e0  compter  du  25  ao\u00fbt  2025  ;\nVu  l'arr\u00eat\u00e9 pr\u00e9fectoral n\u00b02025-33  du  22  ao\u00fbt  2025  par  lequel le Pr\u00e9fet des  Hauts-de-Seine\n'd\u00e9l\u00e8gue  sa  signature  \u00e0  Monsieur  Fabrice  MASI,  Directeur  r\u00e9gional  et interd\u00e9partemental\n'de \u00e9conomie,  de l'emploi, du travailet des solidates  d'le-de-France ;\n'Vu la d\u00e9cision n\u00b0 2025-187  du  26 ao\u00fbt 2025  portant subd\u00e9l\u00e9gation de  signature de Monsieur\nFabrice  MASI,  Directeur  r\u00e9gional  et interd\u00e9partemental  de  l'\u00e9conomie,  de  l'emploi, du\ntraval et des soldart\u00e9s  dle-de-France,  aux  agents de Unit\u00e9  d\u00e9partementale  des  Hauts-\nde-Seine ;\nVu  la d\u00e9ctaration d'activit\u00e9s de services \u00e0 la personne  d\u00e9pos\u00e9es  le 24 octobre 2025 au nom\nde  la micro-entreprise  JELASSI  AIMEN  sise 13 Rue  Paul  Bert  \u00e0 COURBEVOIE  (92400)  ;\n\n'Apr\u00e8s  examen  du  dossier,  cette  demande  \u00e9tant  conforme  aux  dispositions  de  l'article L. 7232-1-\n1 du  code du travail, le pr\u00e9sent  r\u00e9c\u00e9piss\u00e9  de  d\u00e9claration  dactivit\u00e9s  de  services  \u00e0 la personne  a\n\u00e9t\u00e9 enregistr\u00e9  au  nom  dela  micro-entreprise  JELASSI  AIMEN  sous  le num\u00e9ro  SAP  993064062.\nLes  activit\u00e9s d\u00e9clar\u00e9es  sont les suvantes,  \u00e0 exclusion  de  toute  autre\n= Entrotion  de  la maison  et  travaux  m\u00e9nagers  ;\nPrestations  relevant  du  b\u00e9n\u00e9fice  dela  r\u00e9duction  d'imp\u00f4t  pr\u00e9vue  \u00e0 l'aticie 199  sexdecies  du  Code\nG\u00e9n\u00e9ral  des  impots.\nLa  structure  exerce  ces  activit\u00e9s  selon le mode  suivant :  PRESTATAIRE\nSous  r\u00e9serve  d'\u00eatre exerc\u00e9es \u00e0  tire exclus  par  le d\u00e9ciarant  (ou sous  r\u00e9serve  d'une  comptabilit\u00e9\ns\u00e9par\u00e9e  pour les personnes morales dispens\u00e9es dela condition d'activit\u00e9 exclusive),ces activites\n'ouvrent droit au b\u00e9n\u00e9fice  des  dispositions des  articles L. 7233-2  du  code  du  travail et L. 241-10,\ndu code  de  la s\u00e9curit\u00e9 sociale.\nConform\u00e9ment  aux  dispositions de  Fartcle  R7232-19  du  code  du  travail l'organisme  d\u00e9clar\u00e9  dot\nproduire au  moins  chaque  timestre un \u00e9tat d'activit\u00e9 et chaque  ann\u00e9e  un  bilan quantitatif et\nqualitatif de  Factvi\u00e9  exerc\u00e9e  au  tire de  l'ann\u00e9e  \u00e9coul\u00e9e  ainsi qu'un  tableau  statistique annuel\nSi l'organisme  d\u00e9clar\u00e9  comporte  plusieurs  \u00e9tablissements, les \u00e9tats statistiques et le bilan annuel\ndistinguent  Factivit\u00e9 exerc\u00e9e  par  chaque  \u00e9tablissement.\nLe  pr\u00e9sent  r\u00e9c\u00e9piss\u00e9  prend  effet le 24  octobre  2028.\n'enrogistromont  de  la d\u00e9claration  pourra  \u00eatre retir\u00e9 si l'organisme  d\u00e9clar\u00e9  cesse  de remplir\nles conditions  ou  de  respecter  les obligations  mentionn\u00e9es  aux  4\u00b0,5\u00b0 ot 6\u00b0 de  l'article\n7 ou  qui  m\u00e9connal  les obligations  d\u00e9finies  \u00e0 l'article R7232-19  du  code  du  travail\ndevra, sous\npaie  de  retrait dela  G\u00e9caraton,  fae  Tobjet une  d\u00e9iaraon  modiicalve  aupr\u00e8s  de  Uni\nd\u00e9partementale  des  Hauts-de-Seine.\nLe pr\u00e9sent  r\u00e9c\u00e9piss\u00e9  sera publi\u00e9  au recueil des  actes  administratifs de Ia pr\u00e9fecture  des  Hauts-\nde-Seine.\nFait \u00e0  Nanterre,  le 28  octobre  2025\nPour  le Pr\u00e9fet\nPar d\u00e9l\u00e9gation  et subd\u00e9l\u00e9gation\nResponsable  du  service\nD\u00e9veloppement  de  l'emploi  et des\ncomp\u00e9tences\nCAPTER\na CONDE\n\nE  Direction  r\u00e9gionale  et interd\u00e9partementale\nde  l'\u00e9conomie,  de l'emploi\nMINISTERE sa  sant\u00e9, Peet  pilin\nDES  SOLIDARITES\nET  DES  FAMILLES\nLA\nR\u00e9c\u00e9piss\u00e9  n\u00b02025-593 de  d\u00e9claration  d'activit\u00e9s  de  services  \u00e0  la personne\n'enregistr\u00e9e  sous  le n\u00b0 SAP993063080  au  nom  de  la micro-entreprise\nGURDEBECKE  RYAN  HAMED  sise  11 Rue  Paul  Bert  \u00e0 MALAKOFF  (92240)\nLE  PREFET  DES  HAUTS-DE-SEINE\nVu  la loi n\u00b0  2010-853  du  23juillet  2010  relative  aux  r\u00e9seaux  consulaires,  au  commerce  et \u00e0\nr\u00e9sanat  et aux  services  (article 31) ;\nVu  la loi n\u00b020151776  du  28  d\u00e9cembre  2015  relative \u00e0 l'adaptation de  la soci\u00e9t\u00e9  au\nveilissement ;\nVu  l'aricle 07231-1  du  Code  du  travail;\nVu  les d\u00e9crets n\u00b0 2011-1132  et n\u00b0 2011-1133  du  20  septembre  2011  modifiant  certaines\ndispostions  du  Code  du  traval, relatives au  ch\u00e8que  emplo-service  universel et aux\nservices  \u00e0 la personne ;\nVu  le d\u00e9cret  n*2016-750 du 6jun  2016  relatif \u00e0 la listo des  activit\u00e9s de  services  la personne\nsoumises \u00e0 agr\u00e9ment  ou  \u00e0 autorisation dans  le cadre  du  r\u00e9gime  commun  de  la d\u00e9ciaration  ;\n'Vu le d\u00e9cret  du  31 octobre  2024  portant  nomination  de  Monsieur  Alexandre  BRUGERE,  en\nquait\u00e9 de  Pr\u00e9fet des Hauts-de-Seine  ;\nVu  l'ar\u00eat\u00e9 interminist\u00e9riel du  12 ao\u00fbt  2025  nommant  Monsieur  Fabrice  MASI,  Directeur\nr\u00e9gional et interd\u00e9partementalde l'\u00e9conomie, de l'emplo, du travail et des soldart\u00e9sdll\nde-France \u00e0  compter  du  25  ao\u00fbt  2025  ;\nVu  l'arr\u00eat\u00e9 pr\u00e9fectoral n\u00b02025-33  du  22  ao\u00fbt  2025  par  lequel le Pr\u00e9fet des  Hauts-de-Seine\nd\u00e9l\u00e8gue  sa  signature  \u00e0  Monsieur  Fabrice  MASI,  Directeur  r\u00e9gional  et interd\u00e9partemental\n'de l'\u00e9conamie, de l'emploi du travailet des solidarit\u00e9s d'le-de-France\n'Vu la d\u00e9cision  n\u00b0 2025-157  du  25  ao\u00fbt  2025  portant subd\u00e9l\u00e9gation  de  signature  de  Monsieur\nFabrice  MASI,  Directeur  r\u00e9gional et interd\u00e9partemental  de  l'\u00e9conomie,  de  l'emploi, du\ntravail et  des  soldari\u00e9s  dle-de-France,  aux  agents  de  [Unit\u00e9  d\u00e9partementale  des  Hauts-\nde-Seine  ;\n'Vu la d\u00e9claration d'activit\u00e9s de services \u00e0 la personne  d\u00e9pos\u00e9es  le 24 octobre  2025 au nom\nde  la micro-entreprise  GURDEBECKE  RYAN  HAMED  sise 11 Rue  Paul  Bert \u00e0 MALAKOFF\n(82240);\n\nApr\u00e8s  examen  du dossier, cette demande  \u00e9tant conforme  aux dispositions de l'article L. 7232\n1 du  code  du travail, le pr\u00e9sent  r\u00e9c\u00e9piss\u00e9  de d\u00e9claration d activit\u00e9s de services \u00e0 la personne  \u00e0\n\u00e9t\u00e9 enregistr\u00e9  au  nom  de  la micro-entreprise  GURDEBECKE  RYAN  HAMED  sous  le num\u00e9ro\nSAP  993063080.\nLes activit\u00e9s d\u00e9clar\u00e9es  sont les suivantes,  \u00e0 exclusion de toute autre\n= Entrotion  de  la maison  et travaux  m\u00e9nagers  ;\nPrestations  relevant  du  b\u00e9n\u00e9fice  de  La r\u00e9duction  d'imp\u00f4t  pr\u00e9vue  \u00e0 article 198  sexdecies  du  Code\nG\u00e9n\u00e9ral  des  Imp\u00f4ts.\nLa  structure  exerce  ces  activit\u00e9s  selon  le mode  suivant  :  PRESTATAIRE\nSous  r\u00e9serve d'\u00eatre exerc\u00e9es  \u00e0 titre exclusif par le d\u00e9clarant (ou sous r\u00e9serve d'une comptabilit\u00e9\ns\u00e9par\u00e9e  pour  les personnes  morales  dispens\u00e9es  de la condition  d'actvit\u00e9 exclusive), ces  activites\nouvrent drot au b\u00e9n\u00e9fice des  dispositions des  articles L. 7233-2  du code  du traval et L. 241-10\n'du code  de  la s\u00e9curit\u00e9 sociale.\nConform\u00e9ment  aux  dispositions de  l'article R7232-19  du  code  du  travail, l'organisme  d\u00e9clar\u00e9  dot\nproduire au moins  chaque  trimestre un \u00e9tat d'activit\u00e9 et chaque  ann\u00e9e  un bilan quantitatif et\n'qualtaf de 'actwvit\u00e9 exerc\u00e9e au tre  de l'ann\u00e9e \u00e9coul\u00e9e ainsi qu'un tableau statistique annuel.\nSi organisme  d\u00e9clar\u00e9  comporte  plusieurs  \u00e9tablissements,  les \u00e9tats statistiques et le bilan annuel\ndistinguent  l'activit\u00e9 exerc\u00e9e  par  chaque  \u00e9tablissement.\nLe  pr\u00e9sent  r\u00e9c\u00e9piss\u00e9  prend  effet le 24  octobre  2026.\nL'enrogistremont de la d\u00e9claration pourra  \u00e9tre retir\u00e9si l'organisme  d\u00e9clar\u00e9 cesse  de remplir\nles conditions  ou  de  respecter  les obligations mentionn\u00e9es  aux  4\u00b0,5* ot 6\u00b0 de  l'article\n7232-17  ou  qui  m\u00e9connalt  les obligations  d\u00e9finies  \u00e0 article  R7232-19  du  code  du  travail,\ni s\u00e9c devra, sous\npeine de revait de Ia d\u00e9caration, fare l'objet d'une d\u00e9claration modifeatve aupr\u00e9s de FUni\u00e9\nd\u00e9partementale  des  Hauts-de-Seine.\nLe  pr\u00e9sent r\u00e9c\u00e9piss\u00e9 sera publi\u00e9 au recuell des actes administratifs de la pr\u00e9fecture des Hauts.\ndo-Seine.\nFait \u00e0 Nanterre,  le 29  octobre  2025,\nPour  le Pr\u00e9fot\nPar  d\u00e9l\u00e9gation  ot subd\u00e9l\u00e9gation\nLa  Responsable  du  service\nD\u00e9veloppement  de  l'emploi  et des\ncomp\u00e9tences\n\n=  Direction r\u00e9gionale et interd\u00e9partementale\nMINISTERE  de l'\u00e9conomie, de l'emploi,\nDU  TRAVAIL,  DE  LA  SANT\u00c9,  du travail ot des solidarit\u00e9s\nDES  SOLIDARIT\u00c9S\nET  DES  FAMILLES\nsn\nR\u00e9c\u00e9piss\u00e9  n*2025-594 de  d\u00e9claration d'activit\u00e9s de  services \u00e0 la personne\nenregistr\u00e9e  sous  le n\u00b0  SAP992992354  au  nom  de  la micro-entreprise  ROUSSEAU\nVincent  Olivier Th\u00e9o  sise  17  Rue  du  Bois  \u00e0 NANTERRE  (92000)\nLE  PREFET  DES  HAUTS-DE-SEINE\nVu  la loi n\u00b0 2010-853  du  23  jullet 2010  relative aux  r\u00e9seaux  consulaires, au  commerce et \u00e0\nl'arisanat et aux  services  (article 31);\nVu  la loi n\u00b020151776  du  28  d\u00e9cembre  2015  relative \u00e0 l\nvellissement\nfptation de  la soci\u00e9t\u00e9  au\nVu  l'aricie 07231-1  du  Code  du  travail;\nVu  les d\u00e9crets  n\u00b0 2011-1132  et n\u00b0 2011-1133  du  20  septembre  2011  modifiant  certaines.\ndispostions  du  Code  du  travail, relatives au  ch\u00e9que  emploi-service  universel et aux\n'services  \u00e0 la personne ;\n'Vu le d\u00e9cret  n*2016-750 du 6 juin 2016 relatif\u00e0 la liste des activit\u00e9s de services \u00e0 la personne\nsoumises  \u00e0 agr\u00e9ment  ou \u00e0 autorisation dans le cadre  du  r\u00e9gime  commun  dea  d\u00e9caration\nVu  le d\u00e9cret  du  31 octobre  2024  portant  nomination  de  Monsieur  Alexandre  BRUGERE,  en\nquait\u00e9 de  Pr\u00e9fet des  Hauts-de-Seine  ;\nVu  l'ar\u00eat\u00e9 interminist\u00e9riel du  12 ao\u00fbt  2025  nommant  Monsieur  Fabrice  MASI,  Directeur\nr\u00e9gionalet interd\u00e9partemental de l'\u00e9conomie,de l'emplo, du travailet des solidant\u00e9s dll\nde-France \u00e0 compter  du 25 ao\u00fbt  2025 ;\nVu  l'arr\u00eat\u00e9 pr\u00e9fectoral n\u00b02025-33  du  22  ao\u00fb  2025  par  lequel le Pr\u00e9fet des  Hauts-de-Seine\n'd\u00e9l\u00e8gue  sa  signature  \u00e0  Monsieur  Fabrice MASI,  Directeur  r\u00e9gional  et interd\u00e9partemental\n'de l'\u00e9conomie, de l'emploi du travailet des solidarit\u00e9s d'le-de-France\nVu  la d\u00e9cision  n\u00b0 2025-157  du  25  ao\u00fbt  2025  portant  subd\u00e9l\u00e9gation  de  signature  de  Monsieur\nFabrice  MASI,  Directeur  r\u00e9gional  et interd\u00e9partemental  de  l'\u00e9conomie,  de  l'emploi, du\ntravail et des  soldart\u00e9s  d'le-de-France,  aux  agents  de  l'Unit\u00e9  d\u00e9partementale  des  Hauts-\nde-Seine\nVu  la d\u00e9claration d activites de services  \u00e0 la personne  d\u00e9pos\u00e9es  le 24 octobre  2025 au nom\nde  la micro-entreprise  ROUSSEAU  Vincent  Olivier Th\u00e9o  sise 17 Rue  du  Bois  \u00e0\nNANTERRE  (82000)  ;\n\n'Apres examen  du  dossier, cette demande  \u00e9tant conforme aux dispositions de Farce  L. 7232-\n1 du code  du travall, le pr\u00e9sent  r\u00e9c\u00e9piss\u00e9  de d\u00e9claration d'activit\u00e9s de services \u00e0 la personne  \u00e0\n\u00e9t\u00e9  enregistr\u00e9  au  nom  de  la micro-entreprise  ROUSSEAU  Vincent  Olivier Th\u00e9o  sous  le num\u00e9ro\nSAP  992992354,\nLes  activites d\u00e9clar\u00e9es  sont  les suivantes,  & l'exclusion de  toute autre\n= Entretion  de  la maison  et travaux  m\u00e9nagers  ;\nPrestations relevant du b\u00e9n\u00e9fice de la r\u00e9duction d'imp\u00f4t pr\u00e9vue  \u00e0 Farticle 199  sexdecies  du Code\nG\u00e9n\u00e9ral  des  Imp\u00f4ts.\nLa  structure  exerce  ces  activit\u00e9s  selon  le mode  suivant  : PRESTATAIRE\n'Sous r\u00e9serve d'\u00eatre exerc\u00e9es  tte  exclusif par le d\u00e9clarant (ou sous  r\u00e9serve d'une comptabilit\u00e9\ns\u00e9par\u00e9e  pour  les personnes  morales  dispens\u00e9es  de  la condition  d activit\u00e9 exclusive), ces  activites\nouvrent drot au b\u00e9n\u00e9fice des dispostions des articles L. 7233-2  du code du traval et L. 241-10\ndu  code  de  a  s\u00e9curt\u00e9  sociale.\n'Conform\u00e9ment  aux  dispositions de  l'article R7232-19  du code  du travail, l'organisme d\u00e9clar\u00e9 doit\nproduire au moins chaque timestre un \u00e9tat dactivt\u00e9 et chaque ann\u00e9e un bilan quantitatif et\nqualtatf de activit\u00e9 exerc\u00e9e  au  tire de  l'ann\u00e9e \u00e9coul\u00e9e  ainsi qu'un tableau statistique annuel.\nSi l'organisme  d\u00e9clar\u00e9  comporte  plusieurs  \u00e9tablissements,  les \u00e9tats statistiques et lo bilan annuel\ndistinguent  l'activit\u00e9 exerc\u00e9e  par  chaque  \u00e9tablissement\nLo  pr\u00e9sent  r\u00e9c\u00e9piss\u00e9  prend  effet le 24 octobre  2028.\nL'enregistrement de la d\u00e9claration pourra \u00eatre retir\u00e9 si l'organisme  d\u00e9clar\u00e9 cosse de remplir\nles conditions  ou  de  respecter  les obligations mentionn\u00e9es  aux  4\u00b0,5* ot 6\u00b0 de  l'article\nR7232-17  ou  qui m\u00e9connalt  les obligations d\u00e9finies \u00e0 l'article R7232-19 du  code  du  travail,\n'Toute modification concemant la structure d\u00e9clar\u00e9e ou es activit\u00e9s exerc\u00e9es devra. sous\npaie  de  retrait de  la d\u00e9claration, are  Tobjet dune  d\u00e9caration macicatve  aupr\u00e8s  de  FUI\nG\u00e9partementale  des  Hauts-de-Seine\nLe pr\u00e9sent r\u00e9c\u00e9piss\u00e9 sera publi\u00e9 au recuell des actes administratifs de a pr\u00e9fecture des Hauts-\nde-Seine.\nFait \u00e0  Nanterre,  le 29  octobre  2025.\nLa  Responsable  du  service\nD\u00e9veloppement de l'emploi  et des\ncomp\u00e9tences\nEdo\"\nMariama  CONDE\n\n=  Direction  r\u00e9gional  tintrd\u00e9partmentais\nde  l'\u00e9conomie,  de  l'emploi,\nDUTRAVAIL, DE LA SANT\u00c9, du ravalat des soldats\nDES  SOLIDARIT\u00c9S\nET  DES  FAMILLES\nR\u00e9c\u00e9piss\u00e9  n*2025-595  de  d\u00e9claration  d'activit\u00e9s  de  services  \u00e0 la personne\nenregistr\u00e9e  sous  le n\u00b0  SAP992666859  au  nom  de  la micro-entreprise  Judith\nMAKAKALA  sise 83 boulevard  de  la Mission  Marchand  \u00e0 COURBEVOIE  (92400)\nLE  PREFET  DES  HAUTS-DE-SEINE\nVu  la loi n\u00b0 2010-859  du  23  juillet 2010  relative aux  r\u00e9seaux  consulaires,  au  commerce  et \u00e0\nl'artisanat  et  aux  services  (article 31)  ;\nVu  la loi n\u00b02018-1776  du  28  d\u00e9cembre  2015  relative \u00e0 adaptation  de  la soci\u00e9t\u00e9  au\nvellissement;\nVu  l'article 07231-1  du  Code  du  travail\nVu  les d\u00e9crots  n\u00b0 2011-1132  et n\u00b0 2011-1133  du  20  septembre  2011  modifiant  certaines\ndispostions  du  Code  du  travail, relatives  au  ch\u00e8que  emploi-service  universel  et aux\nservices \u00e0 la personne ;\nVu  le d\u00e9cret  n*2016-750 du  6 juin  2016  relatif\u00e0 la liste des  activit\u00e9s de  services  \u00e0 la personne\n'soumises  \u00e0 agr\u00e9ment  ou \u00e0 autorisation dans le cadre  du  r\u00e9gime  commun  dela  d\u00e9ciaraion ;\nVu  le d\u00e9cret  du  31  octobre  2024  portant  nomination  de  Monsieur  Alexandre  BRUGERE,  en\nquait\u00e9 de Pr\u00e9fet des Hauts-de-Seine;\nVu  l'ar\u00e9t\u00e9  interminist\u00e9riel  du  12  ao\u00fbt  2025  nommant  Monsieur  Fabrice  MASI,  Directeur\nr\u00e9gional tinterd\u00e9partemental  de  l'\u00e9conomie,  de  l'emplo,  du  travail et des  solidart\u00e9s  dll\nde-France \u00e0 compter  du  25  ao\u00fbt  2025 ;\nVu  Farr\u00e9te  pr\u00e9fectoral  n\u00b02025-33  du  22  ao\u00fbt  2025  par  lequel  le Pr\u00e9fet  des  Hauts-de-Seine\nd\u00e9l\u00e8gue  sa  signature  \u00e0  Monsieur  Fabrice  MASI,  Directeur  r\u00e9gional  et interd\u00e9partemental\nde  l'\u00e9conomie, de l'emploi du travailet des solidarit\u00e9s d'le-de-France ;\nVu  la d\u00e9cision  n\u00b0  2025-157  du  25  ao\u00fbt  2025  portant  subd\u00e9l\u00e9gation  de  signature  de  Monsieur\nFabrice  MASI,  Directeur  r\u00e9gional  et  interd\u00e9partemental  de  l'\u00e9conomie,  de  l'emploi,  du\ntravail et des  solidartes  dle-de-France,  aux  agents  de  [Unit\u00e9  d\u00e9partementale  des  Hauts-\nde-Seine  ;\nVu  la d\u00e9ctaration  d activit\u00e9s de  services  \u00e0 la personne  d\u00e9pos\u00e9es  le 16  octobre  2025  au  nom\nde  la micro-entreprise  Judith  MAKAKALA  sise  83  boulevard  de  la Mission  Marchand  \u00e0\nCOURBEVOIE  (92400)  ;\n\n'Apr\u00e8s examen du dossier, cette demande \u00e9tant conforme aux dispositionsde Farce  L. 7282-1\n1 du code du traval le pr\u00e9sent r\u00e9c\u00e9piss\u00e9 de d\u00e9claration d'activit\u00e9s de services \u00e0 la personne  \u00e0\n\u00e9t\u00e9 enregistr\u00e9 au nom  de la micro-entreprise Judith MAKAKALA  sous le num\u00e9ro  SAP.\n992666859.\nLes  activit\u00e9s d\u00e9clar\u00e9es  sont  les suivantes,  \u00e0 exclusion  de  toute autre\nEntretien de  la maison  et travaux  m\u00e9nagers  ;\nGarde  d'enfants deplus  de trois ans \u00e0 domicile;\nSoutien  scolaire ou  cours  \u00e0 domicil\nAssistance  informatique  \u00e0 domicile;\n'Assistance  administrative  \u00e0 domicile\n'Assistance aux  personnes  autres quo  personnes  \u00e2g\u00e9es, handicap\u00e9es  ou atteintes\n'de pathologies chroniques qui ont besoin temporairement  d'une aide personnelle \u00e0\nleur domicile, \u00e0 l'exclusion des  soins  relevant d'actes m\u00e9dicaux  ;\nPrestations relevant du b\u00e9n\u00e9fice de la r\u00e9duction d'imp\u00f4t pr\u00e9vue \u00e0 article 199 sexdecies du Code\nG\u00e9n\u00e9ral  des  Impts.\nLa structure exerce ces activit\u00e9s selon le mode  suivant : PRESTATAIRE\nSous  r\u00e9serve d'\u00eatre exerc\u00e9es \u00e0 ttre exclusif par le d\u00e9clarant (ou sous r\u00e9serve d'une comptabilit\u00e9\ns\u00e9par\u00e9e pour les personnes morales dispens\u00e9es de la condtion d activit\u00e9 exclusive), ces activit\u00e9s\n'ouvrent droit au b\u00e9n\u00e9fice des dispostions des articles L. 7233-2 du code du travail et L. 241-10\ndu  code  de  la s\u00e9curt\u00e9  sociale.\n{Conform\u00e9ment aux dispositions de l'article R7232-19  du code du travail, l'organisme d\u00e9clar\u00e9 dot\nproduire au moins chaque  timestre un \u00e9tat d'activi\u00e9 et chaque  ann\u00e9e  un bilan quanttat et\nquaitatf de l'actvt\u00e9 exerc\u00e9e au tire de l'ann\u00e9e \u00e9coul\u00e9e ainsi qu'un tableau statistique annuel.\nSi l'organisme d\u00e9clar\u00e9 comporte plusieurs \u00e9tablissements, les \u00e9tats statistiques et le bilan annuel\ndistinguent l'activit\u00e9 exerc\u00e9e  par chaque  \u00e9tablissement.\nLe pr\u00e9sent  r\u00e9c\u00e9piss\u00e9  prend effet lo 16 octobre 2026.\nL'enregistrement de la d\u00e9claration pourra \u00eatre retir\u00e9 si l'organisme d\u00e9clar\u00e9 cosse de remplir\nles conditions ou de rospecter les obligations montionn\u00e9es  aux  4\u00b0,5\u00b0 et 6\u00b0 de l'rtclo\n7232-17  ou qui m\u00e9connalt  les obligations d\u00e9finies \u00e0 article R7232-19  du code du travail\nd\u00e9partementale  des  Hauts-de-Seine.\nLe pr\u00e9sent r\u00e9c\u00e9piss\u00e9 sera publi\u00e9 au recueil des actes administraifs de la pr\u00e9fecture des Hauts-\nde-Seine.\nFait \u00e0 Nanterre,  le 29  octobre  2028.\nPour  le Pr\u00e9fot\nPar  d\u00e9l\u00e9gation  ot subd\u00e9l\u00e9gation\nLa  Responsable  du  service\nD\u00e9veloppement  de  l'emploi  et des\ncomp\u00e9tences,\nGuts\nMariama CONDE\n\nE  Direction  r\u00e9gionale  et interd\u00e9partementale\nMINIST\u00c8RE  de  l'\u00e9conomie,  de  l'emploi,\nDU  TRAVAIL,  DE  LA  SANT\u00c9,  du travail et des solidarit\u00e9s\nDES  SOLIDARIT\u00c9S\nET  DES  FAMILLES\nay\nR\u00e9c\u00e9piss\u00e9  n*2025-596  de  d\u00e9claration  d'activit\u00e9s  de  services  \u00e0 la personne\nenregistr\u00e9e  sous  le n\u00b0  SAP531146421  au  nom  de  la micro-entreprise  Xavier\nDOR\u00c9MUS  sise 6 rue Th\u00e9ophile Gautier \u00e0 MONTROUGE  (92120)\nLE  PREFET  DES  HAUTS-DE-SEINE\nVu  la loi n\u00b0 2010-863  du  23  juil  2010  relative aux  r\u00e9seaux  consulaires,  au  commerce  et \u00e0\nFartisanat et aux  services  (article 31);\nVu  la loi n\u00b02015-1776  du  28  d\u00e9cembre  2015  relative \u00e0  adaptation  de  la  soci\u00e9t\u00e9  au\nviilissement  ;\nVu  l'article D7231-1  du  Code  du  travail;\nVu  les d\u00e9crets  n\u00b0 2011-1132  et n\u00b0 2011-1133  du  20  septembre  2011  modifiant  certaines\ndispositions du  Code  du  travail, relatives au  ch\u00e8que  emploi-service  universel et aux\nservices \u00e0 la personne  ;\nVu  le d\u00e9cret  n\u00b02016750  du  6  juin 2016  relatif \u00e0 la liste des  activites de  services  \u00e0 la personne\nsoumises  \u00e0  agr\u00e9ment ou  \u00e0 autorisation  dans le cadre  du r\u00e9gime  commun dela  d\u00e9ciaration\n'Vu  le d\u00e9cret  du  31  octobre  2024  portant  nomination  de  Monsieur  Alexandre  BRUGERE,  en\nquait\u00e9 de Pr\u00e9fet des Hauts-de-Seine\nVu  l'arr\u00eat\u00e9 interminist\u00e9riel du  12 ao\u00fbt  2025  nommant  Monsieur  Fabrice  MASI,  Directeur\nr\u00e9gional et interd\u00e9partemental de l'\u00e9conomie, de  l'emploi, du travail et des soldant\u00e9s le\nde-France \u00e0  compter  du  25  ao\u00fbt  2025  ;\nVu  l'arr\u00eat\u00e9 pr\u00e9fectoral n\u00b02025-33  du  22  ao\u00fbt  2026  par  lequel le Pr\u00e9fet des  Hauts-de-Seine\nd\u00e9l\u00e8gue  sa  signature  \u00e0  Monsieur  Fabrice  MASI,  Directeur  r\u00e9gional  et  interd\u00e9partemental\nde  l'\u00e9conamie,  de  l'emploi, du  travail et des  solidarit\u00e9s d'\u00cele-de-France ;\nVu  la d\u00e9cision  n\u00b0 2025-157  du  25  ao\u00fbt  2025  portant  subd\u00e9l\u00e9gation  de  signature  de  Monsieur\nFabrice  MASI,  Directeur  r\u00e9gional  et  interd\u00e9partemental  de  l'\u00e9conomie,  de  l'emploi, du\ntravail et  des  solidart\u00e9s  dile-de-France,  aux  agents  de  l'Unit\u00e9  d\u00e9partementale  des  Hauts-\nde-Seine\n'Vu la d\u00e9claration  d'activit\u00e9s de  services  \u00e0 la personne  d\u00e9pos\u00e9es  le 26  octobre  2025  au  nom\nde la micro-entreprise Xavier DOREMUS  sise 6 rue Th\u00e9ophile  Gautier \u00e0 MONTROUGE\n(82120);\n\nApr\u00e8s examen du dossier, catte demande  \u00e9tant conforme aux dispositions de Farce  L. 7282\n1 du code du traval le pr\u00e9sent r\u00e9c\u00e9piss\u00e9 de d\u00e9claration d'activit\u00e9s de services \u00e0 la personne \u00e0\n\u00e9t\u00e9 enregistr\u00e9 au nom de la micro-entreprise Xavier DOREMUS  sous le num\u00e9ro SAP\n531146421\nLes  activites d\u00e9clar\u00e9es sont es  suivantes. l'exclusion de  toute autre\n= Travaux  de  petit bricolage  dits \u00ab homme  toutes  mains  \u00bb ;\nPrestations relevant du b\u00e9n\u00e9fice dela r\u00e9duction d'imp\u00f4t pr\u00e9vue \u00e0 l'articie 199 sexdecies du Code\n'G\u00e9n\u00e9ral  des  Imp\u00f4ts.\nLa structure exerce ces activit\u00e9s selon le mode  suivant : PRESTATAIRE\nSous r\u00e9serve d'\u00eatre exerc\u00e9es \u00e0 tte  exclusif par le d\u00e9clarant (ou sous r\u00e9serve d'une comptabilit\u00e9\ns\u00e9par\u00e9e pour les personnes morales dispens\u00e9es de la condition d'activit\u00e9 exclusive) ces activites\nouvrent droit au b\u00e9n\u00e9fice des dispositionsdes articles |. 7233-2 du code du traval et L. 241-10\n'du code  de  la s\u00e9curit\u00e9 sociale.\n{Conform\u00e9ment aux dispositions de l'article R7232-19  du code du travail l'organisme d\u00e9clar\u00e9 dot\nproduire au moins chaque  trimestre un \u00e9tat dactivite et chaque  ann\u00e9e  un bilan quanttai et\nQualtatfde factivite exerc\u00e9e au tie de l'ann\u00e9e \u00e9coul\u00e9e ainsi qu'un tableau statistique annuel.\nSi l'organisme d\u00e9clar\u00e9 comporte plusieurs \u00e9tablssements  les \u00e9tats statistiques et le bilan annuel\ndistinguent  factvt\u00e9  exerc\u00e9e  par  chaque  \u00e9tablissement\nLe  pr\u00e9sent  r\u00e9c\u00e9piss\u00e9  prend  effet le 26 octobre  2028.\nL'enrogistrement de la d\u00e9claration pourra \u00eatre rotir\u00e9 si l'organisme d\u00e9clar\u00e9 cesse de remplir\nles conditions ou de respocter les obligations mentionn\u00e9es aux 4\u00b0,5\u00b0 et 6\u00b0 de l'article\n7232.17  ou qui m\u00e9connalt  les obligations d\u00e9finies \u00e0 l'article R7232-19  du  code du travail.\ndevra, sous\npeine de retrait de la d\u00e9claration, faire l'objet dune  d\u00e9claration modiicative aupr\u00e9s de l'Unit\u00e9\nd\u00e9partementale des Hauts-de-Seine.\nLe  r\u00e9snt r\u00e9cit  aura pub au recul ds acts aint  de ln pr\u00e9ecure de Haute\nSeine.\nFait \u00e0 Nanterre,  le 29  octobre  2025,\nPour le Pr\u00e9fet\nPar  d\u00e9l\u00e9gation  ot subd\u00e9l\u00e9gation\nLa  Responsable  du  service\nD\u00e9veloppement  de  l'emploi  et des\neee\nwie od\n\nEE  Direction  r\u00e9gionale  et interd\u00e9partementale\nde  l'\u00e9conomie,  de  l'emploi,MINIST\u00c8RE\nDU  TRAVAIL,  DE  LA  SANT\u00c9,  du travail et des solidarit\u00e9s\nDES  SOLIDARIT\u00c9S\nET  DES  FAMILLES\nA\nR\u00e9c\u00e9piss\u00e9  n\u00b02025-697  de  d\u00e9claration  d'activit\u00e9s de  services  \u00e0  la personne\nenregistr\u00e9e  sous le n\u00b0 SAP990823494  au  nom  de  la micro-entreprise  Deborah\nVILLE  sise  13  Avenue  Georges  Pompidou  \u00e0  SURESNES  (92160)\nLE  PREFET  DES  HAUTS-DE-SEINE\nVu  la loi n\u00b0  2010-853  du  23  jullet  2010  relative  aux  r\u00e9seaux  consulaires,  au  commerce  et \u00e0\nl'artisanat ot aux  services  (article 31) ;\nVu  la lo  n\u00b02015-1776  du  28  d\u00e9cembre  2015  relative  \u00e0  l'adaptation  de  la soci\u00e9t\u00e9 au\nviilissement ;\nVu  l'article D7231:1  du  Code  du  travail;\nVu  les  d\u00e9crets  n\u00b0  2011-1132  et n\u00b0  2011-1133  du  20  septembre  2011  modifiant  certaines\ndispositions du  Code  du  travail relatives au  ch\u00e8que  emploi-service  universel et aux\nservices \u00e0 a  personne  ;\n'Vu le d\u00e9cretn*2016-750  du  6juin  2016  relat  \u00e0 la liste des  activit\u00e9s de  services  \u00e0 la personne\nsoumises  \u00e0 agr\u00e9ment ou  \u00e0 autorisation dans le cadre  du  r\u00e9gime  commun de  la d\u00e9ciaration  ;\n'Vu le d\u00e9cret  du  31 octobre  2024  portant  nomination  de  Monsieur  Alexandre  BRUGERE,  en\n'quale de Pr\u00e9fet des  Hauts-de-Seine\nVu  Tarr\u00e9t\u00e9 interminist\u00e9riel du  12 ao\u00fbt  2025  nommant  Monsieur  Fabrice  MASI,  Directeur\nr\u00e9gional et interd\u00e9partemental  de  l'\u00e9conomie, de  l'emploi, du  travail et des  solidarit\u00e9s d'le-\nde-France  \u00e0  compter  du  25  ao\u00fbt  2025  ;\nVu  l'ar\u00e8t\u00e9 pr\u00e9fectoral n\u00b02025-33  du  22  ao\u00fbt  2025  par  lequel le Pr\u00e9fet des  Hauts-de-Seine\nd\u00e9l\u00e8gue  sa  signature  \u00e0  Monsieur  Fabrice  MASI,  Directeur  r\u00e9gional  et interd\u00e9partemental\nde  l'\u00e9conomie, de  l'emploi du travail et des solidarit\u00e9s d'\u00cele-de-France ;\nVu  la d\u00e9cision  n\u00b0 2025-157  du  25  ao\u00fbt  2025  portant  subd\u00e9l\u00e9gation  de  signature  de  Monsieur\nFabrice  MASI,  Directeur  r\u00e9gional  et interd\u00e9partemental  de  l'\u00e9conomie,  de  l'emploi, du\ntravail et  des  solidarit\u00e9s  dle-de-France,  aux  agents  de  l'Unit\u00e9  d\u00e9partementale  des  Hauts-\nde-Seine\n'Vu la d\u00e9claration  d'activit\u00e9s de  services  \u00e0 la personne  d\u00e9pos\u00e9es  le 26  octobre  2025  au nom\nde  la micro-entreprise  Deborah  VILLE  sise 13 Avenue  Georges  Pompidou  \u00e0 SURESNES\n(82150)\n\nApr\u00e8s  examen  du dossier, cette demande  \u00e9tant conforme aux dispositions de  Farce  L. 7232-1\n1 du  code  du  traval, le pr\u00e9sent  r\u00e9c\u00e9piss\u00e9  de  d\u00e9claration  d'activit\u00e9s de  services  \u00e0 la personne  a\n\u00e9t\u00e9 enregistr\u00e9 au  nom  de la micro-entreprise Deborah  VILLE  sous  le num\u00e9ro  SAP  990823494,\nLes  activites d\u00e9ciar\u00e9es  sont  les suivantes, \u00e0  l'exclusion de  toute autre\nEntretien de la maison ot travaux  m\u00e9nagers  ;\n= Garde  d'enfants de plus  de  trois ans  \u00e0 domicile;\n= Accompagnement  des  enfants  de  plus de  trois ans  dans  leurs d\u00e9placements  en\n'dehors de leur domicile  (promenades,  transports, actes de la vie courante) ;\nPrestations relevant du b\u00e9n\u00e9fice de\nG\u00e9n\u00e9ral  des  Imp\u00f4ts.\nLa structure exerce  ces  activit\u00e9s selon  le mode  suivant  : PRESTATAIRE\nr\u00e9duction d'imp\u00f4t pr\u00e9vue  \u00e0 l'article 199 sexdecies  du Code\n'Sous r\u00e9serve d'\u00eatre exerc\u00e9es  \u00e0 titre exclusif par le d\u00e9clarant (ou sous  r\u00e9serve d'une comptabilit\u00e9\ns\u00e9par\u00e9e  pour les personnes  morales  dispens\u00e9es  de  a  condition d activit\u00e9 exclusive), ces activit\u00e9s.\n'ouvrent droit au  b\u00e9n\u00e9fice des  dispostions des  artcies L. 7233-2  du  code  du travail et L. 241-10,\ndu  code  de  la s\u00e9curit\u00e9 sociale.\n(Conform\u00e9ment  aux  dispositions de article R7232-19  du code du travail, l'organisme  d\u00e9clar\u00e9  doit\nproduire au moins chaque trimestre un \u00e9tat dactivt\u00e9 et chaque ann\u00e9e un bilan quantita et\nQualitaf de activit\u00e9 exerc\u00e9e  au  tire de l'ann\u00e9e \u00e9coul\u00e9e ainsi qu'un tableau statistique annuel\nSi l'organisme d\u00e9clar\u00e9 comporte  plusieurs \u00e9tablissements, les \u00e9tats statistiques ete  bilan annuel\ndistinguent activit\u00e9 exerc\u00e9e  par chaque  \u00e9tablissement.\nLe  pr\u00e9sent  r\u00e9c\u00e9piss\u00e9  prend  affot le 26 octobre  2028.\nL'enregistrement  de  la d\u00e9claration  pourra \u00eatre retir\u00e9 si l'organisme  d\u00e9clar\u00e9 cesse de remplir\nles conditions  ou  de  respecter  les obligations montionn\u00e9es  aux  4\u00b0,5\u00b0 ot 6\u00b0 de  l'article\nR723217  ou  qui m\u00e9connalt  les obligations d\u00e9finies \u00e0 l'article R7232-19  du  code  du  travail.\n'Toute modification concernant la structure d\u00e9clar\u00e9e ou les activit\u00e9s exerc\u00e9es devra, sous\npine  de  retrat de la d\u00e9claration, faire l'objet dune  d\u00e9claration modificative aupr\u00e8s  de  [Unit\u00e9\nd\u00e9partementale  des  Hauts-de-Seine.\nLe pr\u00e9sent r\u00e9c\u00e9piss\u00e9 sera publi\u00e9 au recueil des actes administratifs de la pr\u00e9fecture des Hauts-\nde-Seine.\nFait \u00e0  Nanterre, le 29  octobre 2025,\nPour  le Pr\u00e9fet\nPar  d\u00e9l\u00e9gation  ot subd\u00e9l\u00e9gation\nLa  Responsable  du  service\nD\u00e9veloppement  de  l'emploi  et des\ncomp\u00e9tences\n\nRECUEIL DES ACTES ADMINISTRATIFSDUPREFET DES HAUTS-DE-SEINEISSN 0985 - 5955\nPour toute correspondance, s'adresser a:PREFET DES HAUTS-DE-SEINESecr\u00e9tariat g\u00e9n\u00e9ralSecr\u00e9tariat g\u00e9n\u00e9ral aux affaires d\u00e9partementales167/177, Avenue Joliot Curie92013 NANTERRE CEDEX\nLe recueil des actes administratifs est consultable en ligne sur le site de la pr\u00e9fectureAdresse Internet : https://www.hauts-de-seine.gouv.fr/Directeur de la publication :Alexandre BRUGEREPR\u00c9FET DES HAUTS-DE-SEINE\n194\n \n \n\nPREFECTURE DES HAUTS-DE-SEINE167-177, avenue Joliot Curie 92013 NANTERRE CedexCourriel : sgc-courrier@hauts-de-seine.gouv.frStandard : 01.40.97.20.00 T\u00e9l\u00e9copie 01.40.97.25.21Adresse Internet : https://www.hauts-de-seine.gouv.fr/\n195","date":"2025-11-24","first_seen_on":"2025-11-24T17:55:01+00:00","id":"ba758c6d809e3b5f2abeefae443e817807d8a87df5967541e81d480b22992abb","name":"2025-11-24 RAA sp\u00e9cial DRIEETS-UD92 du 24 novembre 2025","pdf_creation_date":null,"pdf_modification_date":null,"timezone":"Europe/Paris","url":"https://www.hauts-de-seine.gouv.fr/contenu/telechargement/27679/192037/file/2025-11-24%20RAA%20sp%C3%A9cial%20DRIEETS-UD92%20du%2024%20novembre%202025.pdf"}
