{"administration":"pref83","administration_name":"Pr\u00e9fecture du Var","content":"VAR\nRECUEIL DES ACTES\nADMINISTRATIFS SP\u00c9CIAL\n(NOMINATIFS)\nN\u00b083-2025-088\nPUBLI\u00c9 LE 21 MARS 2025\nSommaire\nDirection d\u00e9partementale de l'emploi, du travail et des solidarit\u00e9s du Var\n/ Direction de la DDETS\n83-2024-11-12-00017 - CLPE Arr\u00eat\u00e9 nominatif - BRIGNOLES (3 pages) Page 3\n83-2024-10-20-00001 - CLPE Arr\u00eat\u00e9 nominatif - DRAGUIGNAN (3 pages) Page 7\n83-2024-11-26-00005 - CLPE Arr\u00eat\u00e9 nominatif - TOULON (3 pages) Page 11\n2\nDirection d\u00e9partementale de l'emploi, du travail\net des solidarit\u00e9s du Var\n83-2024-11-12-00017\nCLPE Arr\u00eat\u00e9 nominatif - BRIGNOLES\nDirection d\u00e9partementale de l'emploi, du travail et des solidarit\u00e9s du Var - 83-2024-11-12-00017 - CLPE Arr\u00eat\u00e9 nominatif - BRIGNOLES 3\nREPUBLIQUE FRAN\u00c7AISE\nPr\u00e9fecture du Var\nArr\u00eat\u00e9 pr\u00e9fectoral n\u00b0DDETS-DIR 2024-11 du 12 novembre 2024 portant nomination au \nsein du comit\u00e9 local pour l'emploi de l'Arrondissement de Brignoles\nLe pr\u00e9fet du Var,\nVu le code des relations entre le public et l'administration, notamment son article L. 411-\n2 ; \nVu le code du travail, notamment ses articles L. 5311-10, R. 5311-32, R. 5311-33 et R.  \n5311-36 ;\nVu l'arr\u00eat\u00e9 pr\u00e9fectoral n\u00b0DDETS-DIR\u2013n\u00b02024-04 du 17 juillet 2024 portant composition \net r\u00e9partition des voix au sein du comit\u00e9 local pour l'emploi de l'arrondissement de Brignoles,\nArr\u00eate :\nArticle 1er\nSont nomm\u00e9s membres du comit\u00e9 local pour l'emploi de l'arrondissement de Brignoles: \nLes co-pr\u00e9sidents :\n\u2022 Mme Anne-C\u00e9cile VIALLE, Sous-Pr\u00e9f\u00e8te de l'arrondissement de Brignoles,\n\u2022 M. Didier BREMOND, Pr\u00e9sident de la Communaut\u00e9 d'Agglom\u00e9ration Provence Verte,\n\u2022 M. H\u00e9rv\u00e9 PHILIBERT, Pr\u00e9sidente de la Communaut\u00e9 dde Communes Provence\nVerdon,\n\u2022 M. Yannick SIMON, pr\u00e9sident de la Communaut\u00e9 de Communes Coeur du Var,\n\u2022 M. Roland BALBIS, Pr\u00e9sident de la Communaut\u00e9 de Communes Lacs et Gorges du\nVerdon,\nMme la Directrice de l'op\u00e9rateur France Travail :\nMme  Ang\u00e9lique  RICORDEL-PAPIN ou  sa  repr\u00e9sentante,  M.  Christophe \nNEUVILLE,\nDirection d\u00e9partementale de l'emploi, du travail et des solidarit\u00e9s du Var - 83-2024-11-12-00017 - CLPE Arr\u00eat\u00e9 nominatif - BRIGNOLES4\nMme la Directrice du Cap Emploi :\nMme Sophie CHANUDET ou sa repr\u00e9sentante, Mme Ma\u00efwenn BUZET,\n1\u00b0 En qualit\u00e9 de repr\u00e9sentants de l'Etat : \n- M. Mathieu SIEYE, Inspecteur de l'Acad\u00e9mie de Nice, titulaire,\n- Mme Anne CHIARDOLA, Inspectrice Adjointe de l'Acad\u00e9mie de Nice, suppl\u00e9ante ;\n- Mme  Pascale  ROBERDEAU, Directrice  D\u00e9partementale  Adjointe  de  l'Emploi,  du \nTravail et des Solidarit\u00e9s du Var, titulaire,\n- Mme Nelcie FERRERE, Directrice D\u00e9partementale Adjointe de l'Emploi, du Travail et  \ndes Solidarit\u00e9s du Var, suppl\u00e9ant ;\n2\u00b0 En qualit\u00e9 de repr\u00e9sentants des collectivit\u00e9s territoriales :\na) Sur proposition du pr\u00e9sident du conseil r\u00e9gional : \n- M. Fran\u00e7ois DE CANSON, Conseiller r\u00e9gional, titulaire ;\n- M. Mohamed MAHALI, Conseiller r\u00e9gional, suppl\u00e9ant ;\nb) Sur proposition du pr\u00e9sident du conseil d\u00e9partemental :\n- Mme Lydie ONTENIENTE, conseill\u00e8re d\u00e9partementale, Pr\u00e9sidente de la Commission\ninsertion et action sociale,  titulaire ;\n- Mme Marie-Laure PONCHON , conseill\u00e8re d\u00e9partementale, pr\u00e9sidente de la\ncommission patrimoine immobilier d\u00e9partemental, suppl\u00e9ante ;\nc)  Sur  proposition  de  chacun  des  pr\u00e9sidents  des  \u00e9tablissements  publics  de  coop\u00e9ration \nintercommunale dot\u00e9s d'une fiscalit\u00e9 propre mentionn\u00e9s aux 1\u00b0 et 2\u00b0 du I de l'article L. 5211 28  \ndu  code  g\u00e9n\u00e9ral  des  collectivit\u00e9s  territoriales  ou  des  \u00e9tablissements  publics  territoriaux \nmentionn\u00e9s \u00e0 l'article L. 5219-2 du m\u00eame code situ\u00e9s dans le ressort du comit\u00e9 local :\n- Pour La Communaut\u00e9 d'Agglom\u00e9ration Provence Verte     :  \no Mme  Chantal  LASSOUTANIE,  \u00e9lue  communautaire  \u00e0  la  Coh\u00e9sion  Sociale \ntitulaire ;\n- Pour La Communaut\u00e9 de Communes Provence Verdon     :  \no M. Guy PARTAGE, Maire de Varages, Vice Pr\u00e9sident Action Sociale, Petite\nEnfance et Jeunesse, titulaire ;\no Mme St\u00e9phanie GOUDAL ORIONE, conseill\u00e8re communautaire, suppl\u00e9ante ;\n- Pour la Communaut\u00e9 de Communes Lacs et Gorges du Verdon     :  \no M. Pierre CONSTANS, vice pr\u00e9sident, adjoint au maire de Villecroze, titulaire ;\no Mme Marie-Neige LOCATELLI, Directrice G\u00e9n\u00e9rale des Services, suppl\u00e9ante \n- Pour la Communaut\u00e9 de Communes Coeur du Var     :  \no M. Jean Luc LONGOUR, maire du Cannet-des-Maures et vice pr\u00e9sident au\nd\u00e9veloppement \u00e9conomique, titulaire;\no M Jean Louis PORTAL, Maire de Flassans-sur -Issole et vice pr\u00e9sident \u00e0\nl'agriculture, suppl\u00e9ant ;\nd) Sur proposition de l'association des maires du d\u00e9partement :\no M. Jean Claude FELIX, maire de Rocbaron, titulaire ;\no M. Jean Michel CONSTANS , Maire de Tourves, titulaire ;\no M. Fabien BRIEUGNE, Maire de Tourtour, suppl\u00e9ant ;\no M. Romain DEBRAY, Maire d'Entrecasteaux, suppl\u00e9ant.\nDirection d\u00e9partementale de l'emploi, du travail et des solidarit\u00e9s du Var - 83-2024-11-12-00017 - CLPE Arr\u00eat\u00e9 nominatif - BRIGNOLES5\nArticle 2\nChacun des membres \u00e9voqu\u00e9s supra sont nomm\u00e9s pour trois ans renouvelables. \nToute vacance ou perte de la qualit\u00e9 au titre de laquelle les membres ont \u00e9t\u00e9 d\u00e9sign\u00e9s donne lieu  \n\u00e0 une nouvelle d\u00e9signation pour la dur\u00e9e du mandat restant \u00e0 courir\nArticle 3\nLe pr\u00e9sent arr\u00eat\u00e9 peut faire l'objet d'un recours contentieux aupr\u00e8s du Tribunal administratif de  \nToulon dans un d\u00e9lai de deux mois \u00e0 compter de sa publication.\nIl peut \u00e9galement, dans le m\u00eame d\u00e9lai, faire l'objet d'un recours gracieux aupr\u00e8s du pr\u00e9fet du  \nVar et d'un recours hi\u00e9rarchique aupr\u00e8s du ministre charg\u00e9 de l'emploi. \nLe recours gracieux ou/et hi\u00e9rarchique prolonge le d\u00e9lai de recours contentieux qui doit alors  \n\u00eatre  introduit  dans  les  deux  mois  suivant  la  d\u00e9cision  implicite  ou  explicite  de  l'autorit\u00e9 \ncomp\u00e9tente,  le  silence  de  l'administration  pendant  un  d\u00e9lai  de  deux  mois  valant  d\u00e9cision \nimplicite de rejet.\nArticle 4\nLe directeur d\u00e9partemental de l'emploi, du travail et des solidarit\u00e9s est charg\u00e9 de l'ex\u00e9cution du  \npr\u00e9sent arr\u00eat\u00e9 qui sera publi\u00e9 au recueil des actes administratifs de la pr\u00e9fecture du Var.\nFait \u00e0 Toulon,  le 12 novembre 2024\nLe Pr\u00e9fet du Var\nSign\u00e9:\nPhilippe MAHE\nDirection d\u00e9partementale de l'emploi, du travail et des solidarit\u00e9s du Var - 83-2024-11-12-00017 - CLPE Arr\u00eat\u00e9 nominatif - BRIGNOLES6\nDirection d\u00e9partementale de l'emploi, du travail\net des solidarit\u00e9s du Var\n83-2024-10-20-00001\nCLPE Arr\u00eat\u00e9 nominatif - DRAGUIGNAN\nDirection d\u00e9partementale de l'emploi, du travail et des solidarit\u00e9s du Var - 83-2024-10-20-00001 - CLPE Arr\u00eat\u00e9 nominatif -\nDRAGUIGNAN 7\nREPUBLIQUE FRAN\u00c7AISE\nPr\u00e9fecture du Var\nArr\u00eat\u00e9 pr\u00e9fectoral n\u00b0DDETS-DIR 2024-10 du 20 octobre 2024 portant nomination au sein \ndu comit\u00e9 local pour l'emploi de l'Arrondissement de Draguignan\nLe pr\u00e9fet du Var\nVu le code des relations entre le public et l'administration, notamment son article L. 411-\n2 ; \nVu le code du travail, notamment ses articles L. 5311-10, R. 5311-32, R. 5311-33 et R.  \n5311-36 ;\nVu l'arr\u00eat\u00e9 pr\u00e9fectoral n\u00b0DDETS-DIR\u2013n\u00b02024-05 du 17 juillet 2024 portant composition \net r\u00e9partition des voix au sein du comit\u00e9 local pour l'emploi de l'arrondissement de Draguignan,\nArr\u00eate :\nArticle 1er\nSont nomm\u00e9s membres du comit\u00e9 local pour l'emploi de l'arrondissement de Draguignan : \nLes co-pr\u00e9sidents :\n\u2022 Mme Myriam GARCIA, Sous-Pr\u00e9f\u00e8te de l'arrondissement de Draguignan,\n\u2022 M. Fr\u00e9d\u00e9ric MASQUELIER, Pr\u00e9sident de Est\u00e9rel C\u00f4te d'Azur Agglom\u00e9ration,\n\u2022 M. Richard STRAMBIO, Pr\u00e9sident de Draguignan Provence Verdon Agglom\u00e9ration,\n\u2022 M. Ren\u00e9 UGO, pr\u00e9sident de la Communaut\u00e9 de Communes Pays de Fayence,\n\u2022 M. Vincent MORISSE , Pr\u00e9sident de la Communaut\u00e9 de Communes Golfe de Saint  \nTropez,\n\u2022\nMme la Directrice de l'op\u00e9rateur France Travail :\nMme  Ang\u00e9lique  RICORDEL-PAPIN ou  son  repr\u00e9sentant,  M.  Christophe \nNEUVILLE,\nDirection d\u00e9partementale de l'emploi, du travail et des solidarit\u00e9s du Var - 83-2024-10-20-00001 - CLPE Arr\u00eat\u00e9 nominatif -\nDRAGUIGNAN 8\nMme la Directrice du Cap Emploi :\nMme Sophie CHANUDET ou sa repr\u00e9sentante, Mme Le\u00efla HAMANDA,\n1\u00b0 En qualit\u00e9 de repr\u00e9sentants de l'Etat : \n- M. Mathieu SIEYE, Inspecteur de l'Acad\u00e9mie de Nice, titulaire,\n- Mme Anne CHIARDOLA, Inspectrice Adjointe de l'Acad\u00e9mie de Nice, suppl\u00e9ante ;\n- Mme Pascale ROBERDEAU, Directrice D\u00e9partementale Adjointe de l'Emploi, du\nTravail et des Solidarit\u00e9s du Var, titulaire,\n- Mme Nelcie FERRERE, Directrice D\u00e9partementale Adjointe de l'Emploi, du Travail et\ndes Solidarit\u00e9s du Var, suppl\u00e9ant ;\n2\u00b0 En qualit\u00e9 de repr\u00e9sentants des collectivit\u00e9s territoriales :\na) Sur proposition du pr\u00e9sident du conseil r\u00e9gional : \n- Mme Virgine HORNUS PIN, Conseill\u00e8re r\u00e9gionale, titulaire ;\n- M. Mohamed MAHALI, Conseiller r\u00e9gional, suppl\u00e9ant ;\nb) Sur proposition du pr\u00e9sident du conseil d\u00e9partemental :\n- Mme Lydie ONTENIENTE, conseill\u00e8re d\u00e9partementale, Pr\u00e9sidente de la Commission\ninsertion et action sociale,  titulaire  ;\n- M. Gr\u00e9gory LOEW, conseiller d\u00e9partemental, suppl\u00e9ant ;\nc)  Sur  proposition  de  chacun  des  pr\u00e9sidents  des  \u00e9tablissements  publics  de  coop\u00e9ration \nintercommunale dot\u00e9s d'une fiscalit\u00e9 propre mentionn\u00e9s aux 1\u00b0 et 2\u00b0 du I de l'article L. 5211 28  \ndu  code  g\u00e9n\u00e9ral  des  collectivit\u00e9s  territoriales  ou  des  \u00e9tablissements  publics  territoriaux \nmentionn\u00e9s \u00e0 l'article L. 5219-2 du m\u00eame code situ\u00e9s dans le ressort du comit\u00e9 local :\n- Pour Est\u00e9rel C\u00f4te d'Azur Agglom\u00e9ration :  \no M. Christian BESSERER, 14\u00b0 Vice-Pr\u00e9sident,  titulaire ;\no Mme Isabelle MEYNARD, Directrice du P\u00f4le Attractivit\u00e9 et Strat\u00e9gie\nTerritoriale et d\u00e9veloppement \u00e9conomique, suppl\u00e9ante ;\n- Pour Drac\u00e9nie Provence Verdon Agglom\u00e9ration   \no Mme Karine ALSTERS, maire de Flayosc,vice pr\u00e9sidente aux transports et \u00e0 la\nmobilit\u00e9, titulaire ;\no M. Daniel MARIA, maire de Callas, vice pr\u00e9sident \u00e0 l'administration g\u00e9n\u00e9rale et\n\u00e0 la communication, suppl\u00e9ant\n- Pour la Communaut\u00e9 de Communes du Golfe de Saint Tropez     :  \no M. Alain BENEDETTO, Maire de Grimaud, titulaire ; \no M. Christophe ASTRUC, Directeur du D\u00e9veloppement Economique:\n- Pour la Communaut\u00e9 de Communes du Pays de Fayence     :  \no M. Fran\u00e7ois CAVALIER, Maire de Callian, [qualit\u00e9], titulaire ;\no M. Patrick DUMESNY, Adjoint au Maire de Fayence, suppl\u00e9ant \nd) Sur proposition de l'association des maires du d\u00e9partement :\n- Mme Liliane BOYER, maire du Muy, titulaire ;\n- M  St\u00e9phane ISEPPI, adjoint au maire de Saint Rapha\u00ebl, titulaire,\n- M. Paul BOUDOUBE, Maire de Puget-sur-Argens, suppl\u00e9ant ;\n- M. Bernard JOBERT, maire de la Croix-Valmer, suppl\u00e9ant.\nArticle 2\nDirection d\u00e9partementale de l'emploi, du travail et des solidarit\u00e9s du Var - 83-2024-10-20-00001 - CLPE Arr\u00eat\u00e9 nominatif -\nDRAGUIGNAN 9\nChacun des membres \u00e9voqu\u00e9s supra sont nomm\u00e9s pour trois ans renouvelables. \nToute vacance ou perte de la qualit\u00e9 au titre de laquelle les membres ont \u00e9t\u00e9 d\u00e9sign\u00e9s donne lieu  \n\u00e0 une nouvelle d\u00e9signation pour la dur\u00e9e du mandat restant \u00e0 courir\nArticle 3\nLe pr\u00e9sent arr\u00eat\u00e9 peut faire l'objet d'un recours contentieux aupr\u00e8s du Tribunal administratif de  \nToulon dans un d\u00e9lai de deux mois \u00e0 compter de sa publication.\nIl peut \u00e9galement, dans le m\u00eame d\u00e9lai, faire l'objet d'un recours gracieux aupr\u00e8s du pr\u00e9fet du  \nVar et d'un recours hi\u00e9rarchique aupr\u00e8s du ministre charg\u00e9 de l'emploi. \nLe recours gracieux ou/et hi\u00e9rarchique prolonge le d\u00e9lai de recours contentieux qui doit alors  \n\u00eatre  introduit  dans  les  deux  mois  suivant  la  d\u00e9cision  implicite  ou  explicite  de  l'autorit\u00e9 \ncomp\u00e9tente,  le  silence  de  l'administration  pendant  un  d\u00e9lai  de  deux  mois  valant  d\u00e9cision \nimplicite de rejet.\nArticle 4\nLe directeur d\u00e9partemental de l'emploi, du travail et des solidarit\u00e9s  est charg\u00e9 de l'ex\u00e9cution du  \npr\u00e9sent arr\u00eat\u00e9 qui sera publi\u00e9 au recueil des actes administratifs de la pr\u00e9fecture du Var.\nFait \u00e0 Toulon, le 20 octobre 2024\nLe Pr\u00e9fet du Var\nSign\u00e9:\nPhilippe MAHE\nDirection d\u00e9partementale de l'emploi, du travail et des solidarit\u00e9s du Var - 83-2024-10-20-00001 - CLPE Arr\u00eat\u00e9 nominatif -\nDRAGUIGNAN 10\nDirection d\u00e9partementale de l'emploi, du travail\net des solidarit\u00e9s du Var\n83-2024-11-26-00005\nCLPE Arr\u00eat\u00e9 nominatif - TOULON\nDirection d\u00e9partementale de l'emploi, du travail et des solidarit\u00e9s du Var - 83-2024-11-26-00005 - CLPE Arr\u00eat\u00e9 nominatif - TOULON 11\nREPUBLIQUE FRAN\u00c7AISE\nPr\u00e9fecture du Var\nArr\u00eat\u00e9 pr\u00e9fectoral n\u00b0DDETS-DIR\u2013n\u00b02024-12 du 26 novembre 2024 portant nomination au sein du \ncomit\u00e9 local pour l'emploi de l'Arrondissement de Toulon\nLe pr\u00e9fet du Var,\nVu le code des relations entre le public et l'administration, notamment son article L. 411-2 ; \nVu le code du travail, notamment ses articles L. 5311-10, R. 5311-32, R. 5311-33 et R. 5311-36 ;\nVu l'arr\u00eat\u00e9  pr\u00e9fectoral  n\u00b0  DDETS-DIR\u2013n\u00b02024-03  du  17  juillet  2024 portant  composition  et \nr\u00e9partition des voix au sein du comit\u00e9 local pour l'emploi de l'arrondissement de Toulon,\nArr\u00eate :\nArticle 1er\nSont nomm\u00e9s membres du comit\u00e9 local pour l'emploi de l'arrondissement de Toulon :\n \nLes co-pr\u00e9sidents :\n\u2022 Lucien GIUDICELLI,. Secr\u00e9taire G\u00e9n\u00e9ral, Sous-Pr\u00e9fet de l'arrondissement de Toulon ,\n\u2022 M. Jean Pierre GIRAN, Pr\u00e9sident de Toulon Provence M\u00e9tropole,\n\u2022 M. Jean Paul JOSEPH, Pr\u00e9sident de la Communaut\u00e9 d'Agglom\u00e9ration Sud Sainte Baume,\n\u2022 M. Andr\u00e9 GARRON, pr\u00e9sident de la Communaut\u00e9 de Communes Vall\u00e9e du Gapeau,\n\u2022 M. Fran\u00e7ois DE CANSON , Pr\u00e9sident de la Communaut\u00e9 de Communes M\u00e9diterran\u00e9e Porte des  \nMaures,\n\u2022\nMme la Directrice de l'op\u00e9rateur France Travail :\nMme Ang\u00e9lique RICORDEL-PAPIN ou sa repr\u00e9sentante, Mme Fabienne HELINE,\nMme la Directrice du Cap Emploi :\nMme Sophie CHANUDET ou sa repr\u00e9sentante, Mme Ma\u00efwenn BUZET,\nDirection d\u00e9partementale de l'emploi, du travail et des solidarit\u00e9s du Var - 83-2024-11-26-00005 - CLPE Arr\u00eat\u00e9 nominatif - TOULON12\n1\u00b0 En qualit\u00e9 de repr\u00e9sentants de l'Etat : \n- M. Mathieu SIEYE, Inspecteur de l'Acad\u00e9mie de Nice, titulaire,\n- Mme Anne CHIARDOLA, Inspectrice Adjointe de l'Acad\u00e9mie de Nice, suppl\u00e9ante ;\n- Mme Pascale ROBERDEAU, Directrice D\u00e9partementale Adjointe de l'Emploi, du Travail et des  \nSolidarit\u00e9s du Var, titulaire,\n- Mme Nelcie FERRERE , Directrice D\u00e9partementale Adjointe de l'Emploi, du Travail et des  \nSolidarit\u00e9s du Var, suppl\u00e9ant ;\n2\u00b0 En qualit\u00e9 de repr\u00e9sentants des collectivit\u00e9s territoriales :\na) Sur proposition du pr\u00e9sident du conseil r\u00e9gional : \n- M. Jean Pierre COLIN , Conseiller r\u00e9gional, titulaire ;\n- M. Mohamed MAHALI, Conseiller r\u00e9gional, suppl\u00e9ant ;\nb) Sur proposition du pr\u00e9sident du conseil d\u00e9partemental :\no Mme Lydie ONTENIENTE, conseill\u00e8re d\u00e9partementale, Pr\u00e9sidente de la Commission\ninsertion et action sociale,  titulaire ;\no Mme Nathalie JANET, conseill\u00e8re d\u00e9partementale, suppl\u00e9ante  [qualit\u00e9], titulaire ;\nc) Sur proposition de chacun des pr\u00e9sidents des \u00e9tablissements publics de coop\u00e9ration intercommunale  \ndot\u00e9s d'une fiscalit\u00e9 propre mentionn\u00e9s aux 1\u00b0 et 2\u00b0 du I de l'article L. 5211 28 du code g\u00e9n\u00e9ral des  \ncollectivit\u00e9s territoriales ou des \u00e9tablissements publics territoriaux mentionn\u00e9s \u00e0 l'article L. 5219-2 du  \nm\u00eame code situ\u00e9s dans le ressort du comit\u00e9 local :\n- Pour   la M\u00e9tropole Toulon - M\u00e9diterran\u00e9e  \no M. Jean Louis MASSON, 3\u00b0 Vice Pr\u00e9sident, titulaire,\no Mme Christelle MADDALENA, DGA Habitat, Solidarit\u00e9s, et Citoyennet\u00e9, suppl\u00e9ante;\n- Pour   la Communaut\u00e9 de communes M\u00e9diterran\u00e9e -   Porte des Maures  ,\no M. Bernard MOUTTET, 3\u00b0 Vice-Pr\u00e9sident,  titulaire ;\no M. G\u00e9rard AUBERT,conseiller communautaire, suppl\u00e9ant ; \n- Pour   la Communaut\u00e9 de communes   Vall\u00e9e du Gapeau  \no M. J\u00e9r\u00e9my FABRE, 3\u00b0 Vice- Pr\u00e9sident, titulaire ;\no M. Yves PALMIERI, 1\u00b0 Vice-Pr\u00e9sident, suppl\u00e9ant ;\n- Pour   la Communaut\u00e9 d  'Agglom\u00e9ration Sud - Sainte Baume  \no Mme H\u00e9l\u00e8ne VERDUYN, Maire de Signes, titulaire ;\no\n-\nd) Sur proposition de l'association des maires du d\u00e9partement :\n- Mme Genevi\u00e8ve LEVY, adjointe au maire de Toulon, titulaire ;\n- M. Patrick PEREZ, adjoint au maire de Six-Fours-les-Plages, titulaire ; \n- M. S\u00e9bastien FRATELLIA-GUIOL adjoint au maire de Hy\u00e8res-les-Palmiers, suppl\u00e9ant ;\n- M. Claude ARNAUD-GALLI, adjoint au maire de la Valette-du-Var, suppl\u00e9ant.\nArticle 2\nChacun des membres \u00e9voqu\u00e9s supra sont nomm\u00e9s pour trois ans renouvelables. \nToute vacance ou perte de la qualit\u00e9 au titre de laquelle les membres ont \u00e9t\u00e9 d\u00e9sign\u00e9s donne lieu \u00e0 une  \nnouvelle d\u00e9signation pour la dur\u00e9e du mandat restant \u00e0 courir\nDirection d\u00e9partementale de l'emploi, du travail et des solidarit\u00e9s du Var - 83-2024-11-26-00005 - CLPE Arr\u00eat\u00e9 nominatif - TOULON13\nArticle 3\nLe pr\u00e9sent arr\u00eat\u00e9 peut faire l'objet d'un recours contentieux aupr\u00e8s du Tribunal administratif de Toulon \ndans un d\u00e9lai de deux mois \u00e0 compter de sa publication.\nIl peut \u00e9galement, dans le m\u00eame d\u00e9lai, faire l'objet d'un recours gracieux aupr\u00e8s du pr\u00e9fet d u Var et d'un \nrecours hi\u00e9rarchique aupr\u00e8s du ministre charg\u00e9 de l'emploi. \nLe recours gracieux ou/et hi\u00e9rarchique prolonge le d\u00e9lai de recours contentieux qui doit alors \u00eatre introduit \ndans les deux mois suivant la d\u00e9cision implicite ou explicite de l'autorit\u00e9 comp\u00e9tente, le silence de  \nl'administration pendant un d\u00e9lai de deux mois valant d\u00e9cision implicite de rejet.\nArticle 4\nLe directeur d\u00e9partemental de l'emploi, du travail et des solidarit\u00e9s  est charg\u00e9 de l'ex\u00e9cution du pr\u00e9sent  \narr\u00eat\u00e9 qui sera publi\u00e9 au recueil des actes administratifs de la pr\u00e9fecture du Var.\nFait \u00e0 Toulon,  le 26 novembre 2024\nLe Pr\u00e9fet du Var\nSign\u00e9:\nPhilippe MAHE\nDirection d\u00e9partementale de l'emploi, du travail et des solidarit\u00e9s du Var - 83-2024-11-26-00005 - CLPE Arr\u00eat\u00e9 nominatif - TOULON14","date":"2025-03-21","first_seen_on":"2025-03-21T15:44:08+00:00","id":"bb01bc3804575947e0b4d9ba11badac7baf036141569b8d91c66f6862431dacd","name":"RAA N\u00b088 du 21 mars 2025","pdf_creation_date":"2025-03-21T15:30:26+00:00","pdf_modification_date":null,"timezone":"CET","url":"https://www.var.gouv.fr/contenu/telechargement/40089/262771/file/RAA%20N%C2%B088%20du%2021%20mars%202025%20NOMINATIF.pdf"}
