{"administration":"pref75","administration_name":"Pr\u00e9fecture de Paris","content":"PREFECTURE\nDE PARIS\nRECUEIL DES ACTES\nADMINISTRATIFS SP\u00c9CIAL\nN\u00b075-2026-183\nPUBLI\u00c9 LE 26 MARS 2026\nSommaire\nPr\u00e9fecture de la R\u00e9gion d'Ile de France, Pr\u00e9fecture de Paris  / Bureau\ndes \u00e9lections, du m\u00e9c\u00e9nat et de la r\u00e9glementation \u00e9conomique\n75-2026-03-26-00010 - Arr\u00eat\u00e9 pr\u00e9fectoral portant\nautorisation\nd'appel \u00e0 la g\u00e9n\u00e9rosit\u00e9 du public du fonds de\ndotation\n123 IM Impact M\u00e9c\u00e9nat\n (2 pages) Page 3\n75-2026-03-26-00006 - Arr\u00eat\u00e9 pr\u00e9fectoral portant\nautorisation\nd'appel \u00e0 la g\u00e9n\u00e9rosit\u00e9 du public du fonds de\ndotation\nFRATERNIT\u00c9 ET HUMANISME\n (2 pages) Page 6\n75-2026-03-26-00009 - Arr\u00eat\u00e9 pr\u00e9fectoral portant\nautorisation\nd'appel \u00e0 la g\u00e9n\u00e9rosit\u00e9 du public du fonds de\ndotation\nMus\u00e9um pour la Plan\u00e8te\n (2 pages) Page 9\n75-2026-03-26-00007 - Arr\u00eat\u00e9 pr\u00e9fectoral portant\nautorisation\nd'appel \u00e0 la g\u00e9n\u00e9rosit\u00e9 du public du Fonds de\ndotation pour la Fondation de la Mer (FDFME)\n (2 pages) Page 12\nPr\u00e9fecture de Police / Cabinet\n75-2026-03-25-00012 - Arr\u00eat\u00e9 2026-00333 du 25 mars 2026\nautorisant\nla captation, l'enregistrement et la transmission d'images au moyen\nd'une cam\u00e9ra install\u00e9e sur des a\u00e9ronefs dans le Val-de-Marne (94)\nles 25, 26 et 27 mars 2026 (4 pages) Page 15\n75-2026-03-25-00013 - Arr\u00eat\u00e9 2026-00337 du 25 mars 2026 autorisant la\ncaptation, l'enregistrement et la transmission d'images au moyen de\ncam\u00e9ras install\u00e9es sur des a\u00e9ronefs \u00e0 l'occasion des spectacles\nd'Artus \u00e0 Paris La D\u00e9fense Ar\u00e9na les 27 et 28 mars 2026 (5 pages) Page 20\n75-2026-03-26-00002 - Arr\u00eat\u00e9 2026-00339 du 26 mars 2026 modifiant\nprovisoirement le stationnement et la circulation rue de la Victoire \u00e0 Paris\n9\u00e8me les 1er, 2, 3, 8 et 9 avril 2026  (3 pages) Page 26\n75-2026-03-26-00001 - Arr\u00eat\u00e9 2026-00340 du 26 mars 2026 autorisant la\ncaptation, l'enregistrement et la transmission d'images au moyen de\ncam\u00e9ras install\u00e9es sur des a\u00e9ronefs \u00e0 Paris et en Seine-Saint-Denis\n(93) le 26 mars 2026 (5 pages) Page 30\n75-2026-03-26-00003 - Arr\u00eat\u00e9 2026-00341 du 26 mars 2026\nportant\ninterdiction des distributions alimentaires sur la place Henri Frenay \u00e0\nParis\ndu 1er avril 2026 au 30 juin 2026 inclus\n (5 pages) Page 36\n75-2026-03-26-00004 - Arr\u00eat\u00e9 2026-00342 du 26 mars 2026\nautorisant\nles agents du service interne de s\u00e9curit\u00e9 de la SNCF \u00e0 proc\u00e9der \u00e0\ndes palpations de s\u00e9curit\u00e9 dans des gares et stations\nd'Ile-de-France\ndu mercredi 1er avril 2026 au mardi 30 juin 2026 inclus\n(14 pages) Page 42\n2\nPr\u00e9fecture de la R\u00e9gion d'Ile de France,\nPr\u00e9fecture de Paris \n75-2026-03-26-00010\nArr\u00eat\u00e9 pr\u00e9fectoral portant autorisation\nd'appel \u00e0 la g\u00e9n\u00e9rosit\u00e9 du public du fonds de\ndotation\n123 IM Impact M\u00e9c\u00e9nat\nPr\u00e9fecture de la R\u00e9gion d'Ile de France, Pr\u00e9fecture de Paris  - 75-2026-03-26-00010 - Arr\u00eat\u00e9 pr\u00e9fectoral portant autorisation\nd'appel \u00e0 la g\u00e9n\u00e9rosit\u00e9 du public du fonds de dotation\n123 IM Impact M\u00e9c\u00e9nat\n3\n=mPREFETDE PARISLibert\u00e9Egalit\u00e9Fraternit\u00e9\n \n1/2 \n \nL'identifiant au registre national des fondations, fondations d'entreprise et fonds de dotation (dit RNF) est  : \n075-FDD-00480-09 \nR\u00e9f\u00e9rence du fonds de dotation  : FD986 / Dossier n\u00b0 \n 28586029 \nArr\u00eat\u00e9 pr\u00e9fectoral portant autorisation d'appel \u00e0 la g\u00e9n\u00e9rosit\u00e9 du public  \n \n \n \n \n \n \n \n \nCABINET  \nService de la coordination des affaires parisiennes \nBureau des \u00e9lections, du m\u00e9c\u00e9nat et de la r\u00e9glementation \u00e9conomique  \n \n \nArr\u00eat\u00e9 pr\u00e9fectoral portant autorisation \nd'appel \u00e0 la g\u00e9n\u00e9rosit\u00e9 du public du fonds de dotation \n123 IM Impact M\u00e9c\u00e9nat \n \nLe pr\u00e9fet de la r\u00e9gion d'Ile-de-France, pr\u00e9fet de Paris, \nGrand Officier de la L\u00e9gion d'Honneur  \nOfficier de l'Ordre national du M\u00e9rite \n \n \nVu la loi n\u00b0 91-772 du 7 ao\u00fbt 1991 relative au cong\u00e9 de repr\u00e9sentation en faveur des associations et \ndes mutuelles et au contr\u00f4le des comptes des organismes faisant appel \u00e0 la g\u00e9n\u00e9rosit\u00e9 publique  ; \n \nVu la loi n\u00b0 2008-776 du 4 ao\u00fbt 2008 de modernisation de l'\u00e9conomie, et notamment son \narticle  140  ; \n \nVu le d\u00e9cret n\u00b0 92-1011 du 17 septembre 1992 relatif au contr\u00f4le des comptes des organismes faisant \nappel \u00e0 la g\u00e9n\u00e9rosit\u00e9 publique ; \n \nVu le d\u00e9cret n\u00b0 2022-813 du 16 mai 2022, modifiant le d\u00e9cret n\u00b0 2009-158 du 11 f\u00e9vrier 2009 relatif \naux fonds de dotation, et notamment les articles  11 et suivants  ; \n \nVu la demande du fonds de dotation 123 IM Impact M\u00e9c\u00e9nat sollicitant l'autorisation de faire appel \n\u00e0 la g\u00e9n\u00e9rosit\u00e9 du public, re\u00e7ue le 9 mars 2026  ; \n \nConsid\u00e9rant que l'objectif du pr\u00e9sent appel \u00e0 la g\u00e9n\u00e9rosit\u00e9 du public est de contribuer \u00e0 doter le Prix \nannuel 123 IM destin\u00e9 \u00e0 financer un projet social port\u00e9 par une association sociale et solidaire ; \n \nSur la proposition de la pr\u00e9f\u00e8te, directrice de cabinet du pr\u00e9fet de la r\u00e9gion d'\u00cele-de-France, pr\u00e9fet \nde Paris  ; \n \n \n \nPr\u00e9fecture de la R\u00e9gion d'Ile de France, Pr\u00e9fecture de Paris  - 75-2026-03-26-00010 - Arr\u00eat\u00e9 pr\u00e9fectoral portant autorisation\nd'appel \u00e0 la g\u00e9n\u00e9rosit\u00e9 du public du fonds de dotation\n123 IM Impact M\u00e9c\u00e9nat\n4\n \n2/2 \n \nL'identifiant au registre national des fondations, fondations d'entreprise et fonds de dotation (dit RNF) est  : \n075-FDD-00480-09 \nR\u00e9f\u00e9rence du fonds de dotation  : FD986 / Dossier n\u00b0 \n 28586029 \nArr\u00eat\u00e9 pr\u00e9fectoral portant autorisation d'appel \u00e0 la g\u00e9n\u00e9rosit\u00e9 du public  \n \n \nA R R E T E : \n \nARTICLE 1\ner  : Le fonds de dotation 123 IM Impact M\u00e9c\u00e9nat est autoris\u00e9 \u00e0 faire appel \u00e0 la g\u00e9n\u00e9rosit\u00e9 \ndu public \u00e0 compter du 26 mars 2026 jusqu'au 31 d\u00e9cembre 2026. \n \nARTICLE 2  : Conform\u00e9ment \u00e0 la r\u00e9glementation en vigueur, le fonds de dotation a l'obligation \nd'int\u00e9grer dans ses comptes annuels un compte d'emploi annuel des ressources (CER) ainsi qu'un \ncompte de r\u00e9sultat par origine et par destination (CROD) lorsque le fonds de dotation est aliment\u00e9 \npar des dons issus de la g\u00e9n\u00e9rosit\u00e9 du public. \n \nARTICLE 3  : La pr\u00e9sente autorisation pourra \u00eatre retir\u00e9e ou abrog\u00e9e en cas de manquement aux \nr\u00e8gles r\u00e9gissant les fonds de dotation et/ou \u00e0 la r\u00e9glementation relative aux appels \u00e0 la g\u00e9n\u00e9rosit\u00e9 du \npublic. \n \nARTICLE 4  : Conform\u00e9ment aux dispositions du code de justice administrative, la pr\u00e9sente d\u00e9cision \nest susceptible de faire l'objet d'un recours contentieux devant le tribunal administratif de Paris dans \nle d\u00e9lai de 2 mois. \n \nARTICLE 5  : La pr\u00e9f\u00e8te, directrice de cabinet du pr\u00e9fet de la r\u00e9gion d'\u00cele-de-France, pr\u00e9fet de Paris, \nest charg\u00e9e de l'ex\u00e9cution du pr\u00e9sent arr\u00eat\u00e9 qui sera publi\u00e9 au recueil des actes administratifs de la \npr\u00e9fecture de Paris, accessible sur le site Internet de la pr\u00e9fecture de Paris (www.ile-de-\nfrance.gouv.fr ), et notifi\u00e9 aux personnes vis\u00e9es \u00e0 l'article 1 er  du pr\u00e9sent arr\u00eat\u00e9. \n \nFait \u00e0 Paris, le jeudi 26 mars 2026 \n \n \nPour le pr\u00e9fet de la r\u00e9gion d'Ile de France, \npr\u00e9fet de Paris et par d\u00e9l\u00e9gation \nLe chef du bureau des \u00e9lections,  \ndu m\u00e9c\u00e9nat et de la r\u00e9glementation \u00e9conomique \n \nSign\u00e9 \n \nMohamed SOLTANI \n \n \n \n \n \n \nPr\u00e9fecture de la R\u00e9gion d'Ile de France, Pr\u00e9fecture de Paris  - 75-2026-03-26-00010 - Arr\u00eat\u00e9 pr\u00e9fectoral portant autorisation\nd'appel \u00e0 la g\u00e9n\u00e9rosit\u00e9 du public du fonds de dotation\n123 IM Impact M\u00e9c\u00e9nat\n5\nPr\u00e9fecture de la R\u00e9gion d'Ile de France,\nPr\u00e9fecture de Paris \n75-2026-03-26-00006\nArr\u00eat\u00e9 pr\u00e9fectoral portant autorisation\nd'appel \u00e0 la g\u00e9n\u00e9rosit\u00e9 du public du fonds de\ndotation\nFRATERNIT\u00c9 ET HUMANISME\nPr\u00e9fecture de la R\u00e9gion d'Ile de France, Pr\u00e9fecture de Paris  - 75-2026-03-26-00006 - Arr\u00eat\u00e9 pr\u00e9fectoral portant autorisation\nd'appel \u00e0 la g\u00e9n\u00e9rosit\u00e9 du public du fonds de dotation\nFRATERNIT\u00c9 ET HUMANISME\n6\n=mPREFETDE PARISLibert\u00e9Egalit\u00e9Fraternit\u00e9\n \n1/2 \n \nL'identifiant au registre national des fondations, fondations d'entreprise et fonds de dotation (dit RNF) est  : \n075-FDD-00072-02 \nR\u00e9f\u00e9rence du fonds de dotation  : FD622 / Dossier n\u00b0 \n 25846329 \nArr\u00eat\u00e9 pr\u00e9fectoral portant autorisation d'appel \u00e0 la g\u00e9n\u00e9rosit\u00e9 du public  \n \n \n \n \n \n \n \n \nCABINET  \nService de la coordination des affaires parisiennes \nBureau des \u00e9lections, du m\u00e9c\u00e9nat et de la r\u00e9glementation \u00e9conomique  \n \n \nArr\u00eat\u00e9 pr\u00e9fectoral portant autorisation \nd'appel \u00e0 la g\u00e9n\u00e9rosit\u00e9 du public du fonds de dotation \nFRATERNIT\u00c9 ET HUMANISME \n \nLe pr\u00e9fet de la r\u00e9gion d'Ile-de-France, pr\u00e9fet de Paris, \nGrand Officier de la L\u00e9gion d'Honneur  \nOfficier de l'Ordre national du M\u00e9rite \n \n \nVu la loi n\u00b0 91-772 du 7 ao\u00fbt 1991 relative au cong\u00e9 de repr\u00e9sentation en faveur des associations et \ndes mutuelles et au contr\u00f4le des comptes des organismes faisant appel \u00e0 la g\u00e9n\u00e9rosit\u00e9 publique  ; \n \nVu la loi n\u00b0 2008-776 du 4 ao\u00fbt 2008 de modernisation de l'\u00e9conomie, et notamment son \narticle  140  ; \n \nVu le d\u00e9cret n\u00b0 92-1011 du 17 septembre 1992 relatif au contr\u00f4le des comptes des organismes faisant \nappel \u00e0 la g\u00e9n\u00e9rosit\u00e9 publique ; \n \nVu le d\u00e9cret n\u00b0 2022-813 du 16 mai 2022, modifiant le d\u00e9cret n\u00b0 2009-158 du 11 f\u00e9vrier 2009 relatif \naux fonds de dotation, et notamment les articles  11 et suivants  ; \n \nVu la demande du fonds de dotation FRATERNIT\u00c9 ET HUMANISME sollicitant l'autorisation de faire \nappel \u00e0 la g\u00e9n\u00e9rosit\u00e9 du public, re\u00e7ue le 5 mars 2026, compl\u00e9t\u00e9e le 6 mars 2026  ; \n \nConsid\u00e9rant que l'objectif du pr\u00e9sent appel \u00e0 la g\u00e9n\u00e9rosit\u00e9 du public est la Solidarit\u00e9 en action en \naidant les sinistr\u00e9s de catastrophes naturelles en France ou \u00e0 l'\u00e9tranger et les victimes de conflits \ndans le monde, mais \u00e9galement en soutenant la jeunesse victime de handicaps de naissance ou \nd'accidents de la vie, voire en difficult\u00e9 d'int\u00e9gration (harc\u00e8lement scolaire, sant\u00e9 mentale) ; \n \nSur la proposition de la pr\u00e9f\u00e8te, directrice de cabinet du pr\u00e9fet de la r\u00e9gion d'\u00cele-de-France, pr\u00e9fet \nde Paris  ; \n \n \n \nPr\u00e9fecture de la R\u00e9gion d'Ile de France, Pr\u00e9fecture de Paris  - 75-2026-03-26-00006 - Arr\u00eat\u00e9 pr\u00e9fectoral portant autorisation\nd'appel \u00e0 la g\u00e9n\u00e9rosit\u00e9 du public du fonds de dotation\nFRATERNIT\u00c9 ET HUMANISME\n7\n \n2/2 \n \nL'identifiant au registre national des fondations, fondations d'entreprise et fonds de dotation (dit RNF) est  : \n075-FDD-00072-02 \nR\u00e9f\u00e9rence du fonds de dotation  : FD622 / Dossier n\u00b0 \n 25846329 \nArr\u00eat\u00e9 pr\u00e9fectoral portant autorisation d'appel \u00e0 la g\u00e9n\u00e9rosit\u00e9 du public  \n \n \nA R R E T E : \n \nARTICLE 1\ner  : Le fonds de dotation FRATERNIT\u00c9 ET HUMANISME est autoris\u00e9 \u00e0 faire appel \u00e0 la \ng\u00e9n\u00e9rosit\u00e9 du public \u00e0 compter du 26 mars 2026 jusqu'au 31 d\u00e9cembre 2026. \n \nARTICLE 2  : Conform\u00e9ment \u00e0 la r\u00e9glementation en vigueur, le fonds de dotation a l'obligation \nd'int\u00e9grer dans ses comptes annuels un compte d'emploi annuel des ressources (CER) ainsi qu'un \ncompte de r\u00e9sultat par origine et par destination (CROD) lorsque le fonds de dotation est aliment\u00e9 \npar des dons issus de la g\u00e9n\u00e9rosit\u00e9 du public. \n \nARTICLE 3  : La pr\u00e9sente autorisation pourra \u00eatre retir\u00e9e ou abrog\u00e9e en cas de manquement aux \nr\u00e8gles r\u00e9gissant les fonds de dotation et/ou \u00e0 la r\u00e9glementation relative aux appels \u00e0 la g\u00e9n\u00e9rosit\u00e9 du \npublic. \n \nARTICLE 4  : Conform\u00e9ment aux dispositions du code de justice administrative, la pr\u00e9sente d\u00e9cision \nest susceptible de faire l'objet d'un recours contentieux devant le tribunal administratif de Paris dans \nle d\u00e9lai de 2 mois. \n \nARTICLE 5  : La pr\u00e9f\u00e8te, directrice de cabinet du pr\u00e9fet de la r\u00e9gion d'\u00cele-de-France, pr\u00e9fet de Paris, \nest charg\u00e9e de l'ex\u00e9cution du pr\u00e9sent arr\u00eat\u00e9 qui sera publi\u00e9 au recueil des actes administratifs de la \npr\u00e9fecture de Paris, accessible sur le site Internet de la pr\u00e9fecture de Paris (www.ile-de-\nfrance.gouv.fr ), et notifi\u00e9 aux personnes vis\u00e9es \u00e0 l'article 1 er  du pr\u00e9sent arr\u00eat\u00e9. \n \nFait \u00e0 Paris, le jeudi 26 mars 2026 \n \n \nPour le pr\u00e9fet de la r\u00e9gion d'Ile de France, \npr\u00e9fet de Paris et par d\u00e9l\u00e9gation \nLe chef du bureau des \u00e9lections,  \ndu m\u00e9c\u00e9nat et de la r\u00e9glementation \u00e9conomique \n \nSign\u00e9 \n \nMohamed SOLTANI \n \n \n \n \n \n \nPr\u00e9fecture de la R\u00e9gion d'Ile de France, Pr\u00e9fecture de Paris  - 75-2026-03-26-00006 - Arr\u00eat\u00e9 pr\u00e9fectoral portant autorisation\nd'appel \u00e0 la g\u00e9n\u00e9rosit\u00e9 du public du fonds de dotation\nFRATERNIT\u00c9 ET HUMANISME\n8\nPr\u00e9fecture de la R\u00e9gion d'Ile de France,\nPr\u00e9fecture de Paris \n75-2026-03-26-00009\nArr\u00eat\u00e9 pr\u00e9fectoral portant autorisation\nd'appel \u00e0 la g\u00e9n\u00e9rosit\u00e9 du public du fonds de\ndotation\nMus\u00e9um pour la Plan\u00e8te\nPr\u00e9fecture de la R\u00e9gion d'Ile de France, Pr\u00e9fecture de Paris  - 75-2026-03-26-00009 - Arr\u00eat\u00e9 pr\u00e9fectoral portant autorisation\nd'appel \u00e0 la g\u00e9n\u00e9rosit\u00e9 du public du fonds de dotation\nMus\u00e9um pour la Plan\u00e8te\n9\n=mPREFETDE PARISLibert\u00e9Egalit\u00e9Fraternit\u00e9\n \n1/2 \n \nL'identifiant au registre national des fondations, fondations d'entreprise et fonds de dotation (dit RNF) est  : \n075-FDD-00023-06 \nR\u00e9f\u00e9rence du fonds de dotation  : FD1227 / Dossier n\u00b0 \n 29596871 \nArr\u00eat\u00e9 pr\u00e9fectoral portant autorisation d'appel \u00e0 la g\u00e9n\u00e9rosit\u00e9 du public  \n \n \n \n \n \n \n \n \nCABINET  \nService de la coordination des affaires parisiennes \nBureau des \u00e9lections, du m\u00e9c\u00e9nat et de la r\u00e9glementation \u00e9conomique  \n \n \nArr\u00eat\u00e9 pr\u00e9fectoral portant autorisation \nd'appel \u00e0 la g\u00e9n\u00e9rosit\u00e9 du public du fonds de dotation \nMus\u00e9um pour la Plan\u00e8te \n \nLe pr\u00e9fet de la r\u00e9gion d'Ile-de-France, pr\u00e9fet de Paris, \nGrand Officier de la L\u00e9gion d'Honneur  \nOfficier de l'Ordre national du M\u00e9rite \n \n \nVu la loi n\u00b0 91-772 du 7 ao\u00fbt 1991 relative au cong\u00e9 de repr\u00e9sentation en faveur des associations et \ndes mutuelles et au contr\u00f4le des comptes des organismes faisant appel \u00e0 la g\u00e9n\u00e9rosit\u00e9 publique  ; \n \nVu la loi n\u00b0 2008-776 du 4 ao\u00fbt 2008 de modernisation de l'\u00e9conomie, et notamment son \narticle  140  ; \n \nVu le d\u00e9cret n\u00b0 92-1011 du 17 septembre 1992 relatif au contr\u00f4le des comptes des organismes faisant \nappel \u00e0 la g\u00e9n\u00e9rosit\u00e9 publique ; \n \nVu le d\u00e9cret n\u00b0 2022-813 du 16 mai 2022, modifiant le d\u00e9cret n\u00b0 2009-158 du 11 f\u00e9vrier 2009 relatif \naux fonds de dotation, et notamment les articles  11 et suivants  ; \n \nVu la demande du fonds de dotation Mus\u00e9um pour la Plan\u00e8te sollicitant l'autorisation de faire appel \n\u00e0 la g\u00e9n\u00e9rosit\u00e9 du public, re\u00e7ue le 9 mars 2026, compl\u00e9t\u00e9e le 10 mars 2026  ; \n \nConsid\u00e9rant que l'objectif du pr\u00e9sent appel \u00e0 la g\u00e9n\u00e9rosit\u00e9 du public est de soutenir, p\u00e9renniser, \nfinancer, promouvoir et d\u00e9velopper toute action visant \u00e0 concourir \u00e0 la protection de \nl'environnement, \u00e0 la pr\u00e9servation de la biodiversit\u00e9 animale, v\u00e9g\u00e9tale et min\u00e9rale et \u00e0 favoriser \nl'\u00e9ducation des populations sur toutes th\u00e9matiques li\u00e9es \u00e0 la sauvegarde du patrimoine plan\u00e9taire et \nnotamment, de soutenir le MNHN dans la r\u00e9alisation de ses projets ; \n \nSur la proposition de la pr\u00e9f\u00e8te, directrice de cabinet du pr\u00e9fet de la r\u00e9gion d'\u00cele-de-France, pr\u00e9fet \nde Paris  ; \n \n \n \nPr\u00e9fecture de la R\u00e9gion d'Ile de France, Pr\u00e9fecture de Paris  - 75-2026-03-26-00009 - Arr\u00eat\u00e9 pr\u00e9fectoral portant autorisation\nd'appel \u00e0 la g\u00e9n\u00e9rosit\u00e9 du public du fonds de dotation\nMus\u00e9um pour la Plan\u00e8te\n10\n \n2/2 \n \nL'identifiant au registre national des fondations, fondations d'entreprise et fonds de dotation (dit RNF) est  : \n075-FDD-00023-06 \nR\u00e9f\u00e9rence du fonds de dotation  : FD1227 / Dossier n\u00b0 \n 29596871 \nArr\u00eat\u00e9 pr\u00e9fectoral portant autorisation d'appel \u00e0 la g\u00e9n\u00e9rosit\u00e9 du public  \n \n \nA R R E T E : \n \nARTICLE 1\ner  : Le fonds de dotation Mus\u00e9um pour la Plan\u00e8te est autoris\u00e9 \u00e0 faire appel \u00e0 la g\u00e9n\u00e9rosit\u00e9 \ndu public \u00e0 compter du 26 mars 2026 jusqu'au 31 d\u00e9cembre 2026. \n \nARTICLE 2  : Conform\u00e9ment \u00e0 la r\u00e9glementation en vigueur, le fonds de dotation a l'obligation \nd'int\u00e9grer dans ses comptes annuels un compte d'emploi annuel des ressources (CER) ainsi qu'un \ncompte de r\u00e9sultat par origine et par destination (CROD) lorsque le fonds de dotation est aliment\u00e9 \npar des dons issus de la g\u00e9n\u00e9rosit\u00e9 du public. \n \nARTICLE 3  : La pr\u00e9sente autorisation pourra \u00eatre retir\u00e9e ou abrog\u00e9e en cas de manquement aux \nr\u00e8gles r\u00e9gissant les fonds de dotation et/ou \u00e0 la r\u00e9glementation relative aux appels \u00e0 la g\u00e9n\u00e9rosit\u00e9 du \npublic. \n \nARTICLE 4  : Conform\u00e9ment aux dispositions du code de justice administrative, la pr\u00e9sente d\u00e9cision \nest susceptible de faire l'objet d'un recours contentieux devant le tribunal administratif de Paris dans \nle d\u00e9lai de 2 mois. \n \nARTICLE 5  : La pr\u00e9f\u00e8te, directrice de cabinet du pr\u00e9fet de la r\u00e9gion d'\u00cele-de-France, pr\u00e9fet de Paris, \nest charg\u00e9e de l'ex\u00e9cution du pr\u00e9sent arr\u00eat\u00e9 qui sera publi\u00e9 au recueil des actes administratifs de la \npr\u00e9fecture de Paris, accessible sur le site Internet de la pr\u00e9fecture de Paris (www.ile-de-\nfrance.gouv.fr ), et notifi\u00e9 aux personnes vis\u00e9es \u00e0 l'article 1 er  du pr\u00e9sent arr\u00eat\u00e9. \n \nFait \u00e0 Paris, le jeudi 26 mars 2026 \n \n \nPour le pr\u00e9fet de la r\u00e9gion d'Ile de France, \npr\u00e9fet de Paris et par d\u00e9l\u00e9gation \nLe chef du bureau des \u00e9lections,  \ndu m\u00e9c\u00e9nat et de la r\u00e9glementation \u00e9conomique \n \nSign\u00e9 \n \nMohamed SOLTANI \n \n \n \n \n \n \nPr\u00e9fecture de la R\u00e9gion d'Ile de France, Pr\u00e9fecture de Paris  - 75-2026-03-26-00009 - Arr\u00eat\u00e9 pr\u00e9fectoral portant autorisation\nd'appel \u00e0 la g\u00e9n\u00e9rosit\u00e9 du public du fonds de dotation\nMus\u00e9um pour la Plan\u00e8te\n11\nPr\u00e9fecture de la R\u00e9gion d'Ile de France,\nPr\u00e9fecture de Paris \n75-2026-03-26-00007\nArr\u00eat\u00e9 pr\u00e9fectoral portant autorisation\nd'appel \u00e0 la g\u00e9n\u00e9rosit\u00e9 du public du Fonds de\ndotation pour la Fondation de la Mer (FDFME)\nPr\u00e9fecture de la R\u00e9gion d'Ile de France, Pr\u00e9fecture de Paris  - 75-2026-03-26-00007 - Arr\u00eat\u00e9 pr\u00e9fectoral portant autorisation\nd'appel \u00e0 la g\u00e9n\u00e9rosit\u00e9 du public du Fonds de dotation pour la Fondation de la Mer (FDFME) 12\n=mPREFETDE PARISLibert\u00e9Egalit\u00e9Fraternit\u00e9\n \n1/2 \n \nL'identifiant au registre national des fondations, fondations d'entreprise et fonds de dotation (dit RNF) est  : \n075-FDD-00065-10 \nR\u00e9f\u00e9rence du fonds de dotation  : FD690 / Dossier n\u00b0 \n 29875394 \nArr\u00eat\u00e9 pr\u00e9fectoral portant autorisation d'appel \u00e0 la g\u00e9n\u00e9rosit\u00e9 du public  \n \n \n \n \n \n \n \n \nCABINET  \nService de la coordination des affaires parisiennes \nBureau des \u00e9lections, du m\u00e9c\u00e9nat et de la r\u00e9glementation \u00e9conomique  \n \n \nArr\u00eat\u00e9 pr\u00e9fectoral portant autorisation \nd'appel \u00e0 la g\u00e9n\u00e9rosit\u00e9 du public du Fonds de dotation pour la Fondation de la Mer (FDFME) \n \nLe pr\u00e9fet de la r\u00e9gion d'Ile-de-France, pr\u00e9fet de Paris, \nGrand Officier de la L\u00e9gion d'Honneur  \nOfficier de l'Ordre national du M\u00e9rite \n \n \nVu la loi n\u00b0 91-772 du 7 ao\u00fbt 1991 relative au cong\u00e9 de repr\u00e9sentation en faveur des associations et \ndes mutuelles et au contr\u00f4le des comptes des organismes faisant appel \u00e0 la g\u00e9n\u00e9rosit\u00e9 publique  ; \n \nVu la loi n\u00b0 2008-776 du 4 ao\u00fbt 2008 de modernisation de l'\u00e9conomie, et notamment son \narticle  140  ; \n \nVu le d\u00e9cret n\u00b0 92-1011 du 17 septembre 1992 relatif au contr\u00f4le des comptes des organismes faisant \nappel \u00e0 la g\u00e9n\u00e9rosit\u00e9 publique ; \n \nVu le d\u00e9cret n\u00b0 2022-813 du 16 mai 2022, modifiant le d\u00e9cret n\u00b0 2009-158 du 11 f\u00e9vrier 2009 relatif \naux fonds de dotation, et notamment les articles  11 et suivants  ; \n \nVu la demande du Fonds de dotation pour la Fondation de la Mer (FDFME) sollicitant l'autorisation \nde faire appel \u00e0 la g\u00e9n\u00e9rosit\u00e9 du public, re\u00e7ue le 10 mars 2026  ; \n \nConsid\u00e9rant que l'objectif du pr\u00e9sent appel \u00e0 la g\u00e9n\u00e9rosit\u00e9 du public est de collecter des fonds pour \nsoutenir et promouvoir les actions d'int\u00e9r\u00eat g\u00e9n\u00e9ral \u00e0 caract\u00e8re scientifique, \u00e9ducatif culturel et \nenvironnemental en lien avec le fait maritime ; \n \nSur la proposition de la pr\u00e9f\u00e8te, directrice de cabinet du pr\u00e9fet de la r\u00e9gion d'\u00cele-de-France, pr\u00e9fet \nde Paris  ; \n \n \n \nPr\u00e9fecture de la R\u00e9gion d'Ile de France, Pr\u00e9fecture de Paris  - 75-2026-03-26-00007 - Arr\u00eat\u00e9 pr\u00e9fectoral portant autorisation\nd'appel \u00e0 la g\u00e9n\u00e9rosit\u00e9 du public du Fonds de dotation pour la Fondation de la Mer (FDFME) 13\n \n2/2 \n \nL'identifiant au registre national des fondations, fondations d'entreprise et fonds de dotation (dit RNF) est  : \n075-FDD-00065-10 \nR\u00e9f\u00e9rence du fonds de dotation  : FD690 / Dossier n\u00b0 \n 29875394 \nArr\u00eat\u00e9 pr\u00e9fectoral portant autorisation d'appel \u00e0 la g\u00e9n\u00e9rosit\u00e9 du public  \n \n \nA R R E T E : \n \nARTICLE 1\ner  : Le Fonds de dotation pour la Fondation de la Mer (FDFME) est autoris\u00e9 \u00e0 faire appel \u00e0 la \ng\u00e9n\u00e9rosit\u00e9 du public \u00e0 compter du 26 mars 2026 jusqu'au 31 d\u00e9cembre 2026. \n \nARTICLE 2  : Conform\u00e9ment \u00e0 la r\u00e9glementation en vigueur, le fonds de dotation a l'obligation \nd'int\u00e9grer dans ses comptes annuels un compte d'emploi annuel des ressources (CER) ainsi qu'un \ncompte de r\u00e9sultat par origine et par destination (CROD) lorsque le fonds de dotation est aliment\u00e9 \npar des dons issus de la g\u00e9n\u00e9rosit\u00e9 du public. \n \nARTICLE 3  : La pr\u00e9sente autorisation pourra \u00eatre retir\u00e9e ou abrog\u00e9e en cas de manquement aux \nr\u00e8gles r\u00e9gissant les fonds de dotation et/ou \u00e0 la r\u00e9glementation relative aux appels \u00e0 la g\u00e9n\u00e9rosit\u00e9 du \npublic. \n \nARTICLE 4  : Conform\u00e9ment aux dispositions du code de justice administrative, la pr\u00e9sente d\u00e9cision \nest susceptible de faire l'objet d'un recours contentieux devant le tribunal administratif de Paris dans \nle d\u00e9lai de 2 mois. \n \nARTICLE 5  : La pr\u00e9f\u00e8te, directrice de cabinet du pr\u00e9fet de la r\u00e9gion d'\u00cele-de-France, pr\u00e9fet de Paris, \nest charg\u00e9e de l'ex\u00e9cution du pr\u00e9sent arr\u00eat\u00e9 qui sera publi\u00e9 au recueil des actes administratifs de la \npr\u00e9fecture de Paris, accessible sur le site Internet de la pr\u00e9fecture de Paris (www.ile-de-\nfrance.gouv.fr ), et notifi\u00e9 aux personnes vis\u00e9es \u00e0 l'article 1 er  du pr\u00e9sent arr\u00eat\u00e9. \n \nFait \u00e0 Paris, le jeudi 26 mars 2026 \n \n \nPour le pr\u00e9fet de la r\u00e9gion d'Ile de France, \npr\u00e9fet de Paris et par d\u00e9l\u00e9gation \nLe chef du bureau des \u00e9lections,  \ndu m\u00e9c\u00e9nat et de la r\u00e9glementation \u00e9conomique \n \nSign\u00e9 \n \nMohamed SOLTANI \n \n \n \n \n \n \nPr\u00e9fecture de la R\u00e9gion d'Ile de France, Pr\u00e9fecture de Paris  - 75-2026-03-26-00007 - Arr\u00eat\u00e9 pr\u00e9fectoral portant autorisation\nd'appel \u00e0 la g\u00e9n\u00e9rosit\u00e9 du public du Fonds de dotation pour la Fondation de la Mer (FDFME) 14\nPr\u00e9fecture de Police\n75-2026-03-25-00012\nArr\u00eat\u00e9 2026-00333 du 25 mars 2026\nautorisant la captation, l'enregistrement et la\ntransmission d'images au moyen d'une cam\u00e9ra\ninstall\u00e9e sur des a\u00e9ronefs dans le Val-de-Marne\n(94) les 25, 26 et 27 mars 2026\nPr\u00e9fecture de Police - 75-2026-03-25-00012 - Arr\u00eat\u00e9 2026-00333 du 25 mars 2026\nautorisant la captation, l'enregistrement et la transmission d'images au moyen d'une cam\u00e9ra install\u00e9e sur des a\u00e9ronefs dans le\nVal-de-Marne (94) les 25, 26 et 27 mars 2026\n15\nPREFECTUREDE POLICELibert\u00e9Egalit\u00e9Fraternit\u00e9\nLUa\nCABINET DU PREFET\nArr\u00eat\u00e9 n\u00b02026-00333\nautorisant la captation, l'enregistrement et la transmission d'images au moyen d'une cam\u00e9ra \ninstall\u00e9e sur des a\u00e9ronefs dans le Val-de-Marne (94) les 25, 26 et 27 mars 2026\nLe pr\u00e9fet de police,\nVu le code de la s\u00e9curit\u00e9 int\u00e9rieure, notamment ses articles L. 242-1 \u00e0 L.\u00a0242-8 et R.\u00a0242-8 \u00e0 R. 242-15 ;\nVu le d\u00e9cret n\u00b0 2004-374 modifi\u00e9 du 29 avril 2004 relatif aux pouvoirs des pr\u00e9fets, \u00e0 l'organisation et \n\u00e0 l'action des services de l'\u00c9tat dans les r\u00e9gions et d\u00e9partements, notamment son article 73 ;\nVu l'arr\u00eat\u00e9 du 19 avril 2023 relatif au nombre maximal de cam\u00e9ras install\u00e9es sur des a\u00e9ronefs  \npouvant \u00eatre simultan\u00e9ment utilis\u00e9es dans chaque d\u00e9partement et collectivit\u00e9 d'outre-mer\u00a0;\nVu  l'instruction  minist\u00e9rielle  NOR  IOMD2311883J  du  30  avril  2023  relative  \u00e0  la  proc\u00e9dure  \nd'autorisation des cam\u00e9ras install\u00e9es sur des a\u00e9ronefs pour des missions de police administrative\u00a0;\nVu le d\u00e9cret du 22 octobre 2025 par lequel M. Patrice FAURE, administrateur de l'Etat du troisi\u00e8me  \ngrade, directeur de cabinet du Pr\u00e9sident de la R\u00e9publique, est nomm\u00e9 pr\u00e9fet de police (groupe I), \u00e0 \ncompter du 23 octobre 2025\u00a0;\nVu la demande en date du 23 mars 2026  form\u00e9e par la direction territoriale de la s\u00e9curit\u00e9 de  \nproximit\u00e9 du Val-de-Marne visant \u00e0 obtenir l'autorisation de capter, d'enregistrer et de transmettre \ndes  images  au  moyen  d'une  cam\u00e9ra  install\u00e9e  sur  des  a\u00e9ronefs  t\u00e9l\u00e9-pilot\u00e9s  afin  d'assurer  la  \npr\u00e9vention des atteintes \u00e0 la s\u00e9curit\u00e9 des personnes et des biens sur la commune de Vitry-sur-Seine \n(94) les 25, 26 et 27 mars 2026 ;\nConsid\u00e9rant  que  les  dispositions  du  I  de  l'article  L.  242-5  du  code  de  la  s\u00e9curit\u00e9  int\u00e9rieure  \npermettent aux forces de s\u00e9curit\u00e9 int\u00e9rieure, dans l'exercice de leurs missions de pr\u00e9vention des  \natteintes \u00e0 l'ordre public et de protection de la s\u00e9curit\u00e9 des personnes et des biens, de proc\u00e9der \u00e0  \nla captation, \u00e0 l'enregistrement et \u00e0 la transmission d'images au moyen de cam\u00e9ras install\u00e9es sur  \ndes a\u00e9ronefs aux fins d'assurer la pr\u00e9vention des atteintes \u00e0 la s\u00e9curit\u00e9 des personnes et des biens  \ndans des lieux particuli\u00e8rement expos\u00e9s ;\nConsid\u00e9rant que des op\u00e9rations de s\u00e9curisation sont pr\u00e9vues les 25, 26 et 27 mars 2026 dans un  \nsecteur sensible situ\u00e9e sur la commune de Vitry-sur-Seine, suite \u00e0 plusieurs \u00e9pisodes de violences  \nurbaines qui ont \u00e9t\u00e9 commis r\u00e9cemment  ; que le 24 mars 2026 les forces de l'ordre ont \u00e9t\u00e9 cibl\u00e9es  \npar un jet de cocktail Molotov ainsi que des jets de projectiles ; que des violences urbaines visant la \nmairie et le commissariat de Vitry-sur-Seine ont \u00e9galement eu lieu durant la journ\u00e9e du 22 mars  \n2026 ; qu'en outre, des violences, menaces de repr\u00e9sailles sur les r\u00e9seaux ainsi que des tags incitant  \n\u00e0 la violence sur les forces de l'ordre ont \u00e9t\u00e9 constat\u00e9s  ; que le recours ponctuel \u00e0 une cam\u00e9ra  \na\u00e9roport\u00e9e permet d'appuyer l'action et le d\u00e9ploiement des effectifs de police sur le terrain \u00e0  \nl'occasion des op\u00e9rations de s\u00e9curisation et d'adapter le dispositif de s\u00e9curit\u00e9 le cas \u00e9ch\u00e9ant, pour  \npr\u00e9venir ou faire cesser les troubles \u00e0 l'ordre public\u00a0;\n1\nPr\u00e9fecture de Police - 75-2026-03-25-00012 - Arr\u00eat\u00e9 2026-00333 du 25 mars 2026\nautorisant la captation, l'enregistrement et la transmission d'images au moyen d'une cam\u00e9ra install\u00e9e sur des a\u00e9ronefs dans le\nVal-de-Marne (94) les 25, 26 et 27 mars 2026\n16\nConsid\u00e9rant que le recours ponctuel aux cam\u00e9ras a\u00e9roport\u00e9es permet de disposer d'une vision en  \ngrand angle tout en limitant l'engagement des forces au sol afin d'\u00e9viter les menaces pour leur  \nint\u00e9grit\u00e9 physique, d'anticiper les vell\u00e9it\u00e9s d'actions violentes group\u00e9es pouvant les viser et, le cas  \n\u00e9ch\u00e9ant, d'organiser de mani\u00e8re r\u00e9active et efficace leur d\u00e9ploiement op\u00e9rationnel, notamment  \nen cas de mouvement de foule ou d'actions violentes de groupes d'individus  ; qu'il n'existe pas de  \ndispositif moins intrusif permettant de parvenir aux m\u00eames fins ;\nConsid\u00e9rant que la demande de la  direction territoriale de la s\u00e9curit\u00e9 de proximit\u00e9 du Val-de-\nMarne porte sur l'engagement d'une cam\u00e9ra a\u00e9roport\u00e9e qui pourra \u00eatre en vol en vue de capter,  \nd'enregistrer et de transmettre des images \u00a0; que les aires survol\u00e9es sont strictement limit\u00e9es aux  \nzones  o\u00f9  des  troubles  \u00e0  l'ordre  public  sont  susceptibles  de  se  produire \u00a0; que  la  dur\u00e9e  de  \nl'autorisation demand\u00e9e n'appara\u00eet pas disproportionn\u00e9e au regard de la finalit\u00e9 poursuivie ;\nSur proposition de la direction territoriale de la s\u00e9curit\u00e9 de proximit\u00e9 du Val-de-Marne,\nARRETE\u00a0:\nArticle 1er \u2013 La captation, l'enregistrement et la transmission d'images par la direction territoriale  \nde la s\u00e9curit\u00e9 de proximit\u00e9 du Val-de-Marne sont autoris\u00e9s sur la commune de Vitry-sur-Seine (94)  \nau titre de\u00a0la pr\u00e9vention des atteintes \u00e0 la s\u00e9curit\u00e9 des personnes et des biens.\nArticle  2  \u2013 Le  nombre  maximal  de  cam\u00e9ras  pouvant  proc\u00e9der  simultan\u00e9ment  \u00e0  des  \nenregistrements est fix\u00e9 \u00e0 1 cam\u00e9ra embarqu\u00e9e sur des a\u00e9ronefs t\u00e9l\u00e9-pilot\u00e9s.\nArticle 3 \u2013 La pr\u00e9sente autorisation s'applique sur la commune de Vitry-sur-Seine, conform\u00e9ment  \nau p\u00e9rim\u00e8tre g\u00e9ographique figurant sur le plan en annexe au pr\u00e9sent arr\u00eat\u00e9.\nArticle 4 \u2013 La pr\u00e9sente autorisation est d\u00e9livr\u00e9e du 25 mars au 27 mars 2026 inclus, chaque jour de  \n18h00 \u00e0 23h59, pour la mise en \u0153uvre de la finalit\u00e9 pr\u00e9cit\u00e9e.\nArticle 5 \u2013 Le registre mentionn\u00e9 \u00e0 l'article L. 242-4 du code de la s\u00e9curit\u00e9 int\u00e9rieure est transmis au \npr\u00e9fet de police, \u00e0 l'issue de la p\u00e9riode d'autorisation.\nArticle 6 \u2013  Le pr\u00e9fet du Val-de-Marne, le pr\u00e9fet, directeur du cabinet du pr\u00e9fet de police et le  \ndirecteur de la s\u00e9curit\u00e9 de proximit\u00e9 de l'agglom\u00e9ration parisienne sont charg\u00e9s, chacun en ce qui  \nle concerne, de l'ex\u00e9cution du pr\u00e9sent arr\u00eat\u00e9 qui entrera en vigueur d\u00e8s l'affichage aux portes de la \npr\u00e9fecture de police et sera publi\u00e9 aux recueils des actes administratifs du d\u00e9partement de Paris et \nde la pr\u00e9fecture du Val-de-Marne.\nFait \u00e0 Paris, le 25 mars 2026\nSIGNE\nPour le pr\u00e9fet de police\nLe pr\u00e9fet, directeur de cabinet\nBaptiste ROLLAND\n2026-00333 2\nPr\u00e9fecture de Police - 75-2026-03-25-00012 - Arr\u00eat\u00e9 2026-00333 du 25 mars 2026\nautorisant la captation, l'enregistrement et la transmission d'images au moyen d'une cam\u00e9ra install\u00e9e sur des a\u00e9ronefs dans le\nVal-de-Marne (94) les 25, 26 et 27 mars 2026\n17\nAnnexe de l'arr\u00eat\u00e9 n\u00b02026-00333 du 25 mars 2026\nVOIES ET DELAIS DE RECOURS\n_______________________\nSi vous estimez devoir contester la pr\u00e9sente autorisation, il vous est possible, dans un d\u00e9lai de deux \nmois \u00e0 compter de la date de son affichage ou de sa publication\u00a0:\n- soit de saisir d'un RECOURS GRACIEUX\nle Pr\u00e9fet de Police\n7/9, boulevard du Palais - 75195 PARIS RP\n- ou de former un RECOURS HIERARCHIQUE\n  aupr\u00e8s du Ministre de l'int\u00e9rieur et des outre-mer\n  Direction des libert\u00e9s publiques et des affaires juridiques\n  place Beauvau - 75008 PARIS\n- soit de saisir d'un RECOURS CONTENTIEUX\nle Tribunal administratif comp\u00e9tent\nAucune de ces voies et recours ne suspend l'application de la pr\u00e9sente d\u00e9cision.\nLes  recours  GRACIEUX  et  HIERARCHIQUE  doivent  \u00eatre  \u00e9crits,  exposer  les  arguments  ou  faits  \nnouveaux et comprendre la copie de la d\u00e9cision contest\u00e9e.\nLe recours contentieux, qui vise \u00e0 contester la LEGALITE de la pr\u00e9sente d\u00e9cision, doit \u00e9galement  \n\u00eatre \u00e9crit et exposer votre argumentation juridique.\nSi vous n'aviez pas de r\u00e9ponse \u00e0 votre recours GRACIEUX ou HIERARCHIQUE dans un d\u00e9lai de deux \nmois \u00e0 compter de la r\u00e9ception de votre recours par l'administration, votre demande devra \u00eatre  \nconsid\u00e9r\u00e9e comme rejet\u00e9e (d\u00e9cision implicite de rejet).\nEn cas de rejet des RECOURS GRACIEUX ou HIERARCHIQUE, le Tribunal administratif peut \u00eatre  \nsaisi d'un recours contentieux dans le d\u00e9lai de deux mois \u00e0 compter de la date de la d\u00e9cision de  \nrejet.\n2026-00333 3\nPr\u00e9fecture de Police - 75-2026-03-25-00012 - Arr\u00eat\u00e9 2026-00333 du 25 mars 2026\nautorisant la captation, l'enregistrement et la transmission d'images au moyen d'une cam\u00e9ra install\u00e9e sur des a\u00e9ronefs dans le\nVal-de-Marne (94) les 25, 26 et 27 mars 2026\n18\n2026-00333 4\nPr\u00e9fecture de Police - 75-2026-03-25-00012 - Arr\u00eat\u00e9 2026-00333 du 25 mars 2026\nautorisant la captation, l'enregistrement et la transmission d'images au moyen d'une cam\u00e9ra install\u00e9e sur des a\u00e9ronefs dans le\nVal-de-Marne (94) les 25, 26 et 27 mars 2026\n19\nPr\u00e9fecture de Police\n75-2026-03-25-00013\nArr\u00eat\u00e9 2026-00337 du 25 mars 2026 autorisant la\ncaptation, l'enregistrement et la transmission\nd'images au moyen de cam\u00e9ras install\u00e9es sur des\na\u00e9ronefs \u00e0 l'occasion des spectacles d'Artus \u00e0\nParis La D\u00e9fense Ar\u00e9na les 27 et 28 mars 2026\nPr\u00e9fecture de Police - 75-2026-03-25-00013 - Arr\u00eat\u00e9 2026-00337 du 25 mars 2026 autorisant la captation, l'enregistrement et la\ntransmission d'images au moyen de cam\u00e9ras install\u00e9es sur des a\u00e9ronefs \u00e0 l'occasion des spectacles d'Artus \u00e0 Paris La D\u00e9fense Ar\u00e9na\nles 27 et 28 mars 2026\n20\nPREFECTUREDE POLICELibert\u00e9Egalit\u00e9Fraternit\u00e9\n0Lea\nCABINET DU PREFET\nArr\u00eat\u00e9 n\u00b02026-00337\nautorisant la captation, l'enregistrement et la transmission d'images au moyen de cam\u00e9ras \ninstall\u00e9es sur des a\u00e9ronefs \u00e0 l'occasion des spectacles d'Artus \u00e0 Paris La D\u00e9fense Ar\u00e9na les \n27 et 28 mars 2026\nLe pr\u00e9fet de police,\nVu le code de la s\u00e9curit\u00e9 int\u00e9rieure, notamment ses articles L. 242-1 \u00e0 L. \u00a0242-8 et R.\u00a0242-8 \u00e0 \nR. 242-15\u00a0;\nVu  le d\u00e9cret n\u00b0  2004-374  du 29  avril  2004 \u00a0 modifi\u00e9 relatif  aux  pouvoirs des  pr\u00e9fets,  \u00e0  \nl'organisation  et  \u00e0  l'action  des  services  de  l'Etat  dans  les  r\u00e9gions  et  d\u00e9partements,  \nnotamment son article 73\u00a0;\nVu l'arr\u00eat\u00e9  du 19 avril 2023  relatif au nombre  maximal de  cam\u00e9ras  install\u00e9es  sur  des  \na\u00e9ronefs pouvant \u00eatre simultan\u00e9ment utilis\u00e9es dans chaque d\u00e9partement et collectivit\u00e9  \nd'outre-mer\u00a0;\nVu l'instruction minist\u00e9rielle NOR IOMD2311883J du 30 avril 2023 relative \u00e0 la proc\u00e9dure  \nd'autorisation  des  cam\u00e9ras  install\u00e9es  sur  des  a\u00e9ronefs  pour  des  missions  de  police  \nadministrative\u00a0;\nVu le d\u00e9cret du 22 octobre 2025 par lequel M. Patrice FAURE, administrateur de l'\u00c9tat du  \ntroisi\u00e8me grade, directeur de cabinet du Pr\u00e9sident de la R\u00e9publique, est nomm\u00e9 pr\u00e9fet de  \npolice (groupe I), \u00e0 compter du 23 octobre 2025 ;\nVu la demande en date du 18 mars 2026 form\u00e9e par la direction de l'ordre public et de la  \ncirculation visant \u00e0 obtenir l'autorisation de capter, d'enregistrer et de transmettre des  \nimages au moyen de 2 cam\u00e9ras install\u00e9es sur des a\u00e9ronefs t\u00e9l\u00e9-pilot\u00e9s afin d'assurer la  \npr\u00e9vention  des  atteintes  \u00e0  la  s\u00e9curit\u00e9  des  personnes  et  des  biens,  la  s\u00e9curit\u00e9  des  \nrassemblements, la pr\u00e9vention d'actes de terrorisme et la r\u00e9gulation des flux de transport  \n\u00e0 l'occasion des spectacles d'Artus les 27 et 28 mars 2026 dans la salle de Paris La D\u00e9fense  \nAr\u00e9na situ\u00e9e \u00e0 Nanterre dans les Hauts-de-Seine ;\nConsid\u00e9rant que les dispositions du I de l'article L. 242-5 du code de la s\u00e9curit\u00e9 int\u00e9rieure  \npermettent  aux  forces  de  s\u00e9curit\u00e9  int\u00e9rieure,  dans  l'exercice  de  leurs  missions  de  \npr\u00e9vention des atteintes \u00e0 l'ordre public et de protection de la s\u00e9curit\u00e9 des personnes et  \ndes biens, de proc\u00e9der \u00e0 la captation, \u00e0 l'enregistrement et \u00e0 la transmission d'images au  \nmoyen  de  cam\u00e9ras  install\u00e9es  sur  des  a\u00e9ronefs  aux  fins  d'assurer  la  pr\u00e9vention  des  \natteintes \u00e0 la s\u00e9curit\u00e9 des personnes et des biens, la s\u00e9curit\u00e9 des rassemblements ainsi que \nl'appui des personnels au sol, en vue de leur permettre de maintenir ou de r\u00e9tablir l'ordre  \npublic lorsque ces rassemblements sont susceptibles d'entra\u00eener des troubles graves \u00e0  \nl'ordre public, la pr\u00e9vention d'actes de terrorisme et la r\u00e9gulation des flux de transport\u00a0;\nConsid\u00e9rant  que  se  tiendront  les  27  et  28  mars  2026  \u00e0  Paris  La  D\u00e9fense  Ar\u00e9na  les  \nspectacles d'Artus ; qu'\u00e0 cette occasion, 37  000 spectateurs sont attendus pour assister  \naux repr\u00e9sentations de l'humoriste ; qu'il convient d'assurer la s\u00e9curit\u00e9 des personnes, des  \nPr\u00e9fecture de Police - 75-2026-03-25-00013 - Arr\u00eat\u00e9 2026-00337 du 25 mars 2026 autorisant la captation, l'enregistrement et la\ntransmission d'images au moyen de cam\u00e9ras install\u00e9es sur des a\u00e9ronefs \u00e0 l'occasion des spectacles d'Artus \u00e0 Paris La D\u00e9fense Ar\u00e9na\nles 27 et 28 mars 2026\n21\nbiens et des rassemblements \u00e0 cette occasion ainsi que d'assurer la r\u00e9gulation des flux de  \ntransport sur les axes desservant la salle de Paris La D\u00e9fense Ar\u00e9na  ; que, dans le contexte  \nactuel de menace tr\u00e8s \u00e9lev\u00e9e, ces spectacles sont susceptibles de constituer une cible  \nprivil\u00e9gi\u00e9e et symbolique pour des actes de nature terroriste  ; que plusieurs attentats ou  \ntentatives d'attentats r\u00e9cents traduisent le niveau \u00e9lev\u00e9 de la menace terroriste actuelle  \nen France dans le cadre du plan VIGIPIRATE \u00ab urgence attentat \u00bb en vigueur sur l'ensemble \ndu territoire national depuis le 24 mars 2024 ;\nConsid\u00e9rant que le recours \u00e0 des cam\u00e9ras a\u00e9roport\u00e9es permet de disposer d'une vision en  \ngrand angle tout en limitant l'engagement des forces au sol, et le cas \u00e9ch\u00e9ant, d'organiser  \nde mani\u00e8re r\u00e9active et efficace leur d\u00e9ploiement op\u00e9rationnel, notamment en cas de  \nmouvement de foule ou d'actions violentes de groupes d'individus \u00a0; qu'il n'existe pas de  \ndispositif moins intrusif permettant de parvenir aux m\u00eames fins\u00a0;\nConsid\u00e9rant que la demande de la direction de l'ordre public et de la circulation porte sur  \nl'engagement de 2 cam\u00e9ras a\u00e9roport\u00e9es en vue de capter, d'enregistrer et de transmettre  \ndes images\u00a0; que les aires survol\u00e9es sont strictement limit\u00e9es aux zones o\u00f9 seront mises en  \n\u0153uvre les finalit\u00e9s  susvis\u00e9es \u00a0; que la dur\u00e9e de l'autorisation demand\u00e9e n'appara\u00eet pas  \ndisproportionn\u00e9e au regard de ces finalit\u00e9s\u00a0;\nSur proposition de la direction de l'ordre public et de la circulation,\nARRETE  \u00a0  :  \nArticle 1er \u2013 La captation, l'enregistrement et la transmission d'images par la direction de  \nl'ordre public et de la circulation sont autoris\u00e9s dans le d\u00e9partement des Hauts-de-Seine \u00e0  \nl'occasion des concerts susvis\u00e9s aux titres de\u00a0:\n- la pr\u00e9vention des atteintes \u00e0 la s\u00e9curit\u00e9 des personnes et des biens\u00a0;\n- la s\u00e9curit\u00e9 des rassemblements\u00a0;\n- la pr\u00e9vention d'actes de terrorisme\u00a0;\n- la r\u00e9gulation des flux de transport.\nArticle  2 \u2013 Le  nombre  maximal  de  cam\u00e9ras  pouvant  proc\u00e9der  simultan\u00e9ment  \u00e0  des  \nenregistrements est fix\u00e9 \u00e0 2 cam\u00e9ras embarqu\u00e9es sur des a\u00e9ronefs t\u00e9l\u00e9-pilot\u00e9s.\nArticle 3 \u2013 La pr\u00e9sente autorisation est limit\u00e9e au p\u00e9rim\u00e8tre g\u00e9ographique figurant sur le  \nplan transmis en annexe au pr\u00e9sent arr\u00eat\u00e9.\nArticle  4 \u2013 La  pr\u00e9sente  autorisation  est  d\u00e9livr\u00e9e pour  la  mise  en  \u0153uvre  des  finalit\u00e9s  \npr\u00e9cit\u00e9es :\n- du vendredi 27 mars 2026 \u00e0 17h00 au samedi 28 mars 2026 \u00e0 01h00\u00a0;\n- du samedi 28 mars 2026 \u00e0 17h00 au dimanche 29 mars 2026 \u00e0 01h00.\nArticle 5 \u2013 L'information du public est assur\u00e9e par la publication de l'arr\u00eat\u00e9 aux recueils  \ndes actes administratifs mentionn\u00e9s \u00e0 l'article 7, sa mise en ligne sur le site internet de la  \npr\u00e9fecture de police ainsi que par une information sur les r\u00e9seaux sociaux.\n2026-00337 2\nPr\u00e9fecture de Police - 75-2026-03-25-00013 - Arr\u00eat\u00e9 2026-00337 du 25 mars 2026 autorisant la captation, l'enregistrement et la\ntransmission d'images au moyen de cam\u00e9ras install\u00e9es sur des a\u00e9ronefs \u00e0 l'occasion des spectacles d'Artus \u00e0 Paris La D\u00e9fense Ar\u00e9na\nles 27 et 28 mars 2026\n22\nArticle 6 \u2013 Le registre mentionn\u00e9 \u00e0 l'article L.  242-4 du code de la s\u00e9curit\u00e9 int\u00e9rieure est  \ntransmis au pr\u00e9fet de police, \u00e0 l'issue de la p\u00e9riode d'autorisation.\nArticle 7  \u2013 Le pr\u00e9fet des Hauts-de-Seine, le pr\u00e9fet, directeur du cabinet du pr\u00e9fet de  \npolice et le directeur de l'ordre public et de la circulation sont charg\u00e9s, chacun en ce qui  \nle  concerne,  de  l'ex\u00e9cution  du  pr\u00e9sent  arr\u00eat\u00e9  qui  sera  publi\u00e9  aux  recueils  des  actes  \nadministratifs des d\u00e9partements de Paris et des Hauts-de-Seine et consultable sur le site  \ninternet de la pr\u00e9fecture de police (https://www.prefecturedepolice.interieur.gouv.fr ).\nFait \u00e0 Paris, le 25 mars 2026\nSIGNE\nPour le pr\u00e9fet de police\nLe pr\u00e9fet, directeur de cabinet\nBaptiste ROLLAND\n2026-00337 3\nPr\u00e9fecture de Police - 75-2026-03-25-00013 - Arr\u00eat\u00e9 2026-00337 du 25 mars 2026 autorisant la captation, l'enregistrement et la\ntransmission d'images au moyen de cam\u00e9ras install\u00e9es sur des a\u00e9ronefs \u00e0 l'occasion des spectacles d'Artus \u00e0 Paris La D\u00e9fense Ar\u00e9na\nles 27 et 28 mars 2026\n23\nAnnexe de l'arr\u00eat\u00e9 n\u00b02026-00337 du 25 mars 2026\nVOIES ET DELAIS DE RECOURS\n_______________________\nSi vous estimez devoir contester la pr\u00e9sente autorisation, il vous est possible, dans un  \nd\u00e9lai de deux mois \u00e0 compter de la date de son affichage ou de sa publication\u00a0:\n- soit de saisir d'un RECOURS GRACIEUX\nle Pr\u00e9fet de Police\n7/9, boulevard du Palais - 75195 PARIS RP\n- ou de former un RECOURS HIERARCHIQUE\n  aupr\u00e8s du Ministre de l'int\u00e9rieur et des outre-mer\n  Direction des libert\u00e9s publiques et des affaires juridiques\n  place Beauvau - 75008 PARIS\n- soit de saisir d'un RECOURS CONTENTIEUX\nle Tribunal administratif comp\u00e9tent\nAucune de ces voies et recours ne suspend l'application de la pr\u00e9sente d\u00e9cision.\nLes recours GRACIEUX et HIERARCHIQUE doivent \u00eatre \u00e9crits, exposer les arguments ou  \nfaits nouveaux et comprendre la copie de la d\u00e9cision contest\u00e9e.\nLe recours contentieux, qui vise \u00e0 contester la LEGALITE de la pr\u00e9sente d\u00e9cision, doit  \n\u00e9galement \u00eatre \u00e9crit et exposer votre argumentation juridique.\nSi vous n'aviez pas de r\u00e9ponse \u00e0 votre recours GRACIEUX ou HIERARCHIQUE dans un  \nd\u00e9lai de deux mois \u00e0 compter de la r\u00e9ception de votre recours par l'administration, votre  \ndemande devra \u00eatre consid\u00e9r\u00e9e comme rejet\u00e9e (d\u00e9cision implicite de rejet).\nEn cas de rejet des RECOURS GRACIEUX ou HIERARCHIQUE, le Tribunal administratif peut \n\u00eatre saisi d'un recours contentieux dans le d\u00e9lai de deux mois \u00e0 compter de la date de la  \nd\u00e9cision de rejet.\n2026-00337 4\nPr\u00e9fecture de Police - 75-2026-03-25-00013 - Arr\u00eat\u00e9 2026-00337 du 25 mars 2026 autorisant la captation, l'enregistrement et la\ntransmission d'images au moyen de cam\u00e9ras install\u00e9es sur des a\u00e9ronefs \u00e0 l'occasion des spectacles d'Artus \u00e0 Paris La D\u00e9fense Ar\u00e9na\nles 27 et 28 mars 2026\n24\nNeaco\"=i)\n2026-00337 5\nPr\u00e9fecture de Police - 75-2026-03-25-00013 - Arr\u00eat\u00e9 2026-00337 du 25 mars 2026 autorisant la captation, l'enregistrement et la\ntransmission d'images au moyen de cam\u00e9ras install\u00e9es sur des a\u00e9ronefs \u00e0 l'occasion des spectacles d'Artus \u00e0 Paris La D\u00e9fense Ar\u00e9na\nles 27 et 28 mars 2026\n25\nPr\u00e9fecture de Police\n75-2026-03-26-00002\nArr\u00eat\u00e9 2026-00339 du 26 mars 2026 modifiant\nprovisoirement le stationnement et la circulation\nrue de la Victoire \u00e0 Paris 9\u00e8me les 1er, 2, 3, 8 et 9\navril 2026 \nPr\u00e9fecture de Police - 75-2026-03-26-00002 - Arr\u00eat\u00e9 2026-00339 du 26 mars 2026 modifiant provisoirement le stationnement et la\ncirculation rue de la Victoire \u00e0 Paris 9\u00e8me les 1er, 2, 3, 8 et 9 avril 2026 26\n=mPREFECTURE /4P>DE POLICE\nFraternit\u00e9\nCABINET DU PREFET\nParis, le 26 mars 2026 \nArr\u00eat\u00e9 n\u00b02026-00339\nmodifiant provisoirement le stationnement et la circulation\nrue de la Victoire \u00e0 Paris 9\u00e8me les 1er, 2, 3, 8 et 9 avril 2026 \nLE PREFET DE POLICE\nVu le code g\u00e9n\u00e9ral des collectivit\u00e9s territoriales, notamment ses articles L.2512-13  \net L.2512-14 ;\nVu  le  code  de  la  route,  notamment  ses  articles  L.325-1  \u00e0  L.325-3,  R.411-8  et\nR.411-25 ;\nVu l'avis de la Ville de Paris en date du 23 mars 2026 ;\nConsid\u00e9rant les festivit\u00e9s qui auront lieu \u00e0 l'occasion de la manifestation religieuse  \nde Pessah les 1er, 2, 3, 8 et 9 avril 2026 ;\nConsid\u00e9rant que la tenue de cet \u00e9v\u00e8nement implique, pour des raisons d'ordre public  \net afin d'assurer au mieux la s\u00e9curit\u00e9 des personnes et des biens, que la circulation et le  \nstationnement soient neutralis\u00e9s sur une portion de la rue de la Victoire, \u00e0 Paris 9\u00e8me ;\nSur  proposition  du  directeur  de  la  s\u00e9curit\u00e9  de  proximit\u00e9  de  l'agglom\u00e9ration  \nparisienne ;\nA R R \u00ca T E :\nArticle 1  er  \nLe stationnement et la circulation de tout v\u00e9hicule \u00e0 moteur est interdit rue de la  \nVictoire, entre la rue Taitbout et la rue Saint-Georges, \u00e0 Paris 9 \u00e8me, aux dates et horaires  \nsuivants :\n- le 1er avril 2026 de 15h00 \u00e0 00h00 ; \n- les 2, 3, 8 et 9 avril 2026 de 09h00 \u00e0 23h59.\nArticle   2  \nLes mesures pr\u00e9vues par le pr\u00e9sent arr\u00eat\u00e9 peuvent \u00eatre avanc\u00e9es, \u00e9largies, lev\u00e9es  \nou r\u00e9tablies sur d\u00e9cision prise par le repr\u00e9sentant sur place de l'autorit\u00e9 de police si les  \ncirconstances les rendent n\u00e9cessaires.\nPr\u00e9fecture de Police - 75-2026-03-26-00002 - Arr\u00eat\u00e9 2026-00339 du 26 mars 2026 modifiant provisoirement le stationnement et la\ncirculation rue de la Victoire \u00e0 Paris 9\u00e8me les 1er, 2, 3, 8 et 9 avril 2026 27\nArticle 3\nLes dispositions du pr\u00e9sent arr\u00eat\u00e9 ne sont pas applicables aux v\u00e9hicules d'int\u00e9r\u00eat  \ng\u00e9n\u00e9ral prioritaires au sens des dispositions de l'article R.311-1 6.5 du code de la route.\nArticle   4  \nSans  pr\u00e9judice  des  sanctions  p\u00e9nales  auxquelles  s'exposent  les  personnes  en  \ninfraction avec les dispositions du pr\u00e9sent arr\u00eat\u00e9, les v\u00e9hicules ayant servi \u00e0 commettre  \nces infractions peuvent \u00eatre immobilis\u00e9s et mis en fourri\u00e8re dans les conditions pr\u00e9vues  \naux articles L.325-1 \u00e0 L.325-3\u00a0du code de la route.\nArticle 5\nLe  directeur  de  l'ordre  public  et  de  la  circulation,  le  directeur  de  la  s\u00e9curit\u00e9  de \nproximit\u00e9 de l'agglom\u00e9ration parisienne de la Pr\u00e9fecture de Police, le directeur de la voirie et \ndes d\u00e9placements et le directeur de la police municipale et de la pr\u00e9vention de la Ville de Paris \nsont charg\u00e9s, chacun en ce qui le concerne, de l'ex\u00e9cution du pr\u00e9sent arr\u00eat\u00e9 qui entrera en \nvigueur \u00e0 compter de son affichage aux portes de la pr\u00e9fecture de police (1 rue de Lut\u00e8ce). Il \nsera  \u00e9galement  affich\u00e9  aux  portes  de  la  mairie  et  du  commissariat  de  l'arrondissement \nconcern\u00e9 et sera publi\u00e9 au recueil des actes administratifs de la pr\u00e9fecture de la r\u00e9gion d'\u00cele-\nde-France, pr\u00e9fecture de Paris et de la pr\u00e9fecture de police et sur le site internet de la  \npr\u00e9fecture de police de Paris : www.prefecturedepolice.interieur.gouv.fr. \nPour le pr\u00e9fet de Police,\nLe sous-pr\u00e9fet, \nDirecteur adjoint du cabinet\nCharles BARBIER\nSIGNE\nPr\u00e9fecture de Police - 75-2026-03-26-00002 - Arr\u00eat\u00e9 2026-00339 du 26 mars 2026 modifiant provisoirement le stationnement et la\ncirculation rue de la Victoire \u00e0 Paris 9\u00e8me les 1er, 2, 3, 8 et 9 avril 2026 28\nANNEXE \u00c0 L'ARR\u00caT\u00c9 N\u00b02026-00339                                      DU    26 MARS 2026\nVOIES ET DELAIS DE RECOURS\n_______________________\nSi vous estimez devoir contester la pr\u00e9sente d\u00e9cision, il vous est possible, dans un d\u00e9lai \nde deux mois \u00e0 compter de la date son affichage\u00a0:\n- soit de saisir d'un RECOURS GRACIEUX\nle pr\u00e9fet de Police\n7/9, boulevard du Palais - 75195 PARIS RP\n- ou de former un RECOURS HIERARCHIQUE\n  aupr\u00e8s du ministre de l'Int\u00e9rieur\n  Direction des libert\u00e9s publiques et des affaires juridiques\n  place Beauvau - 75008 PARIS\nsoit de saisir d'un RECOURS CONTENTIEUX\nle tribunal administratif comp\u00e9tent\nAucune de ces voies et recours ne suspend l'application de la pr\u00e9sente d\u00e9cision.\nLes recours GRACIEUX et HIERARCHIQUE doivent \u00eatre \u00e9crits, exposer les arguments  \nou faits nouveaux et comprendre la copie de la d\u00e9cision contest\u00e9e.\nLe recours contentieux, qui vise \u00e0 contester la LEGALITE de la pr\u00e9sente d\u00e9cision, doit  \n\u00e9galement \u00eatre \u00e9crit et exposer votre argumentation juridique.\nSi vous n'aviez pas de r\u00e9ponse \u00e0 votre recours GRACIEUX ou HIERARCHIQUE dans un  \nd\u00e9lai de deux mois \u00e0 compter de la r\u00e9ception de votre recours par l'administration, votre  \ndemande devra \u00eatre consid\u00e9r\u00e9e comme rejet\u00e9e (d\u00e9cision implicite de rejet).\nEn cas de rejet des RECOURS GRACIEUX ou HIERARCHIQUE, le tribunal administratif  \npeut \u00eatre saisi d'un recours contentieux dans le d\u00e9lai de deux mois \u00e0 compter de la date de la  \nd\u00e9cision de rejet.\nPr\u00e9fecture de Police - 75-2026-03-26-00002 - Arr\u00eat\u00e9 2026-00339 du 26 mars 2026 modifiant provisoirement le stationnement et la\ncirculation rue de la Victoire \u00e0 Paris 9\u00e8me les 1er, 2, 3, 8 et 9 avril 2026 29\nPr\u00e9fecture de Police\n75-2026-03-26-00001\nArr\u00eat\u00e9 2026-00340 du 26 mars 2026 autorisant la\ncaptation, l'enregistrement et la transmission\nd'images au moyen de cam\u00e9ras install\u00e9es sur des\na\u00e9ronefs \u00e0 Paris et en Seine-Saint-Denis (93) le 26\nmars 2026\nPr\u00e9fecture de Police - 75-2026-03-26-00001 - Arr\u00eat\u00e9 2026-00340 du 26 mars 2026 autorisant la captation, l'enregistrement et la\ntransmission d'images au moyen de cam\u00e9ras install\u00e9es sur des a\u00e9ronefs \u00e0 Paris et en Seine-Saint-Denis (93) le 26 mars 2026 30\nExPREFECTUREDE POLICELibert\u00e9Egalit\u00e9Fraternit\u00e9\nniqGi\nCABINET DU PREFET\nArr\u00eat\u00e9 n\u00b02026-00340\nautorisant la captation, l'enregistrement et la transmission d'images au moyen de cam\u00e9ras \ninstall\u00e9es sur des a\u00e9ronefs \u00e0 Paris et en Seine-Saint-Denis (93) le 26 mars 2026\nLe pr\u00e9fet de police,\nVu le code de la s\u00e9curit\u00e9 int\u00e9rieure, notamment ses articles L. 242-1 \u00e0 L. \u00a0242-8 et R. \u00a0242-8 \u00e0 \nR. 242-15 ;\nVu  le  d\u00e9cret  n\u00b0  2004-374  modifi\u00e9  du  29  avril  2004  relatif  aux  pouvoirs  des  pr\u00e9fets,  \u00e0  \nl'organisation et \u00e0 l'action des services de l'\u00c9tat dans les r\u00e9gions et d\u00e9partements ;\nVu l'arr\u00eat\u00e9 du 19 avril 2023 relatif au nombre maximal de cam\u00e9ras install\u00e9es sur des a\u00e9ronefs  \npouvant \u00eatre simultan\u00e9ment utilis\u00e9es dans chaque d\u00e9partement et collectivit\u00e9 d'outre-mer\u00a0;\nVu l'instruction minist\u00e9rielle NOR IOMD2311883J du 30 avril 2023 relative \u00e0 la proc\u00e9dure  \nd'autorisation  des  cam\u00e9ras  install\u00e9es  sur  des  a\u00e9ronefs  pour  des  missions  de  police  \nadministrative\u00a0;\nVu  le d\u00e9cret du 22 octobre 2025 par lequel M. Patrice FAURE, administrateur de l'Etat du  \ntroisi\u00e8me grade, directeur de cabinet du Pr\u00e9sident de la R\u00e9publique, est nomm\u00e9 pr\u00e9fet de  \npolice (groupe I), \u00e0 compter du 23 octobre 2025\u00a0;\nVu la demande en date du 23 mars 2026 form\u00e9e par la direction territoriale de la s\u00e9curit\u00e9 de  \nproximit\u00e9 de Seine-Saint-Denis visant \u00e0 obtenir l'autorisation de capter, d'enregistrer et de  \ntransmettre des images au moyen de deux cam\u00e9ras install\u00e9es sur des a\u00e9ronefs t\u00e9l\u00e9-pilot\u00e9s  \nafin d'assurer la pr\u00e9vention des atteintes \u00e0 la s\u00e9curit\u00e9 des personnes et des biens sur certains  \nsecteurs du 19\u00e8me arrondissement de Paris et de la commune d'Aubervilliers (93)\u00a0;\nConsid\u00e9rant que les dispositions du I de l'article L. 242-5 du code de la s\u00e9curit\u00e9 int\u00e9rieure  \npermettent aux forces de s\u00e9curit\u00e9 int\u00e9rieure, dans l'exercice de leurs missions de pr\u00e9vention  \ndes atteintes \u00e0 l'ordre public et de protection de la s\u00e9curit\u00e9 des personnes et des biens, de  \nproc\u00e9der \u00e0 la captation, \u00e0 l'enregistrement et \u00e0 la transmission d'images au moyen de deux  \ncam\u00e9ras install\u00e9es sur des a\u00e9ronefs aux fins d'assurer la pr\u00e9vention des atteintes \u00e0 la s\u00e9curit\u00e9  \ndes personnes et des biens dans des lieux particuli\u00e8rement expos\u00e9s ;\nConsid\u00e9rant qu'une op\u00e9ration de police visant \u00e0 lutter contre le trafic de stup\u00e9fiants est  \npr\u00e9vue le jeudi 26 mars 2026 sur certains secteurs du 19 \u00e8me arrondissement de Paris et de la  \ncommune d'Aubervilliers ; que depuis octobre 2023, les abords du quai du Lot sont devenus  \nle  point  de  ralliement  et  de  stagnation  des  consommateurs  de  crack  ;  que  ce  secteur, \njouxtant  le Canal  de Saint-Denis,  concentre l'activit\u00e9 \u00e9conomique  et  commerciale de la  \n1\nPr\u00e9fecture de Police - 75-2026-03-26-00001 - Arr\u00eat\u00e9 2026-00340 du 26 mars 2026 autorisant la captation, l'enregistrement et la\ntransmission d'images au moyen de cam\u00e9ras install\u00e9es sur des a\u00e9ronefs \u00e0 Paris et en Seine-Saint-Denis (93) le 26 mars 2026 31\ncommune  d'Aubervilliers\u00a0;  que  le  secteur  Le  Mill\u00e9naire  \u2013  Rosa  Parks  regroupe  plusieurs  \nprobl\u00e9matiques de s\u00e9curit\u00e9 au titre desquelles la d\u00e9ambulation de consommateurs de crack  \net la pr\u00e9gnance d'une d\u00e9linquance acquisitive de fait, induisant des occupations prolong\u00e9es  \nde la voie publique comme des parkings, des incivilit\u00e9s en augmentation, des troubles \u00e0 la  \nsalubrit\u00e9 publique, une mendicit\u00e9 agressive, du commerce sexuel, du trafic de stup\u00e9fiants,  \nnotamment de crack avec des consommateurs sous emprise, au comportement erratique \u00a0; \nque  cette  situation  requiert  des  interventions  r\u00e9guli\u00e8res  des  forces  de  l'ordre  \nparticuli\u00e8rement mobilis\u00e9es dans le secteur dans un contexte o\u00f9 la lutte contre le trafic et la  \nconsommation de stup\u00e9fiants, en particulier du crack, constitue une priorit\u00e9 majeure pour la  \npr\u00e9fecture de police, le nord-est parisien restant \u00e0 ce titre, depuis plus de dix ans, le principal \npoint de concentration des consommateurs et des revendeurs \u00a0; qu'il en r\u00e9sulte que, pour  \n\u00e9viter  toute installation  durable  dans  l'espace  public,  un  dispositif  de  voie  publique  est  \nmaintenu en permanence avec des effectifs territoriaux et des compagnies de s\u00e9curisation  \net  d'intervention  engag\u00e9s  quotidiennement,  appuy\u00e9s  par  le  renfort  r\u00e9gulier  des  forces  \nmobiles\u00a0; que depuis octobre 2022, plus de 141 000 contr\u00f4les ont \u00e9t\u00e9 r\u00e9alis\u00e9s dans le nord-est \nparisien, pr\u00e8s de 172 000 \u00e9victions et pr\u00e8s de 6 000 interpellations \u00a0; qu'en 2025, l'activit\u00e9  \npolici\u00e8re demeure tr\u00e8s soutenue, notamment dans le 19 \u1d49 arrondissement o\u00f9 les saisies de  \ncrack ont plus que doubl\u00e9 et o\u00f9 le taux d'\u00e9lucidation a \u00e9t\u00e9 multipli\u00e9 par plus de deux et demi \ntandis  que  les  services  judiciaires  poursuivent  un  travail  important  pour  identifier  et  \nd\u00e9manteler  les  fili\u00e8res  d'approvisionnement  et  les  micro-r\u00e9seaux\u00a0;  que  dans  ce  contexte \nsensible, il importe pour les services de police de b\u00e9n\u00e9ficier de l'appui ponctuel de cam\u00e9ras  \na\u00e9roport\u00e9es  dans  le  cadre  de  l'op\u00e9ration  de  s\u00e9curisation  pr\u00e9cit\u00e9e,  afin  de  pr\u00e9venir  la  \nsurvenance de troubles \u00e0 l'ordre public dans un secteur particuli\u00e8rement expos\u00e9, en raison  \nde ses caract\u00e9ristiques et des faits qui s'y sont d\u00e9j\u00e0 d\u00e9roul\u00e9s, \u00e0 des risques d'agression, de vol  \net de trafic de stup\u00e9fiants\u00a0;\nConsid\u00e9rant  que le recours aux cam\u00e9ras a\u00e9roport\u00e9es permet de disposer d'une vision en  \ngrand angle tout en limitant l'engagement des forces au sol afin d'\u00e9viter les menaces pour  \nleur int\u00e9grit\u00e9 physique, et le cas \u00e9ch\u00e9ant, d'organiser de mani\u00e8re r\u00e9active et efficace leur  \nd\u00e9ploiement op\u00e9rationnel, notamment en cas de mouvement de foule ou d'actions violentes \nde groupes d'individus\u00a0; qu'il n'existe pas de dispositif moins intrusif permettant de parvenir  \naux m\u00eames fins\u00a0;\nConsid\u00e9rant que la demande de la direction territoriale de la s\u00e9curit\u00e9 de proximit\u00e9 de Seine-\nSaint-Denis porte sur l'engagement de deux cam\u00e9ras a\u00e9roport\u00e9es qui pourront \u00eatre en vol en \nvue  de  capter,  d'enregistrer  et  de transmettre  des  images \u00a0;  que  les  aires  survol\u00e9es  sont \nstrictement  limit\u00e9es  aux  zones  o\u00f9  des  troubles  \u00e0  l'ordre  public  sont  susceptibles  de  se  \nproduire\u00a0; que  la  dur\u00e9e  de  l'autorisation  demand\u00e9e  n'appara\u00eet  pas  disproportionn\u00e9e  au  \nregard de la finalit\u00e9 poursuivie\u00a0;\nSur proposition de la direction territoriale de la s\u00e9curit\u00e9 de proximit\u00e9 de Seine-Saint-Denis,\nARRETE\u00a0:\nArticle  1er \u2013 La  captation,  l'enregistrement  et  la  transmission  d'images  par  la  direction  \nterritoriale de la s\u00e9curit\u00e9 de proximit\u00e9 de Seine-Saint-Denis sont autoris\u00e9s le 26 mars 2026  \n2026-00340 2\nPr\u00e9fecture de Police - 75-2026-03-26-00001 - Arr\u00eat\u00e9 2026-00340 du 26 mars 2026 autorisant la captation, l'enregistrement et la\ntransmission d'images au moyen de cam\u00e9ras install\u00e9es sur des a\u00e9ronefs \u00e0 Paris et en Seine-Saint-Denis (93) le 26 mars 2026 32\ndans certains secteurs du 19\u00e8me arrondissement de Paris et de la commune d'Aubervilliers  \n(93) au titre de\u00a0la pr\u00e9vention des atteintes \u00e0 la s\u00e9curit\u00e9 des personnes et des biens.\nArticle  2  \u2013 Le  nombre  maximal  de  cam\u00e9ras  pouvant  proc\u00e9der  simultan\u00e9ment  \u00e0  des  \nenregistrements est fix\u00e9 \u00e0 2 cam\u00e9ras embarqu\u00e9es sur des a\u00e9ronefs t\u00e9l\u00e9-pilot\u00e9s.\nArticle 3 \u2013 La pr\u00e9sente autorisation s'applique au p\u00e9rim\u00e8tre g\u00e9ographique figurant sur le plan  \nen annexe au pr\u00e9sent arr\u00eat\u00e9.\nArticle 4 \u2013 La pr\u00e9sente autorisation est d\u00e9livr\u00e9e pour le 26 mars 2026 de 14h00 \u00e0 18h00 pour  \nla mise en \u0153uvre de la finalit\u00e9 pr\u00e9cit\u00e9e.\nArticle 5  \u2013 Le registre mentionn\u00e9 \u00e0 l'article L. 242-4 du code de la s\u00e9curit\u00e9 int\u00e9rieure est  \ntransmis au pr\u00e9fet de police, \u00e0 l'issue de la p\u00e9riode d'autorisation.\nArticle 6 \u2013  Le pr\u00e9fet de la Seine-Saint-Denis, le pr\u00e9fet, directeur du cabinet du pr\u00e9fet de  \npolice et le directeur de la s\u00e9curit\u00e9 de proximit\u00e9 de l'agglom\u00e9ration parisienne sont charg\u00e9s,  \nchacun en ce qui le concerne, de l'ex\u00e9cution du pr\u00e9sent arr\u00eat\u00e9 qui entrera en vigueur d\u00e8s  \nl'affichage  aux  portes  de  la  pr\u00e9fecture  de  police,  sera  publi\u00e9  aux  recueils  des  actes  \nadministratifs du d\u00e9partement de Paris et de la pr\u00e9fecture de la Seine-Saint-Denis.\nFait \u00e0 Paris, le 26 mars 2026\nSIGNE\nPour le pr\u00e9fet de police\nLe pr\u00e9fet, directeur de cabinet\nBaptiste ROLLAND\n2026-00340 3\nPr\u00e9fecture de Police - 75-2026-03-26-00001 - Arr\u00eat\u00e9 2026-00340 du 26 mars 2026 autorisant la captation, l'enregistrement et la\ntransmission d'images au moyen de cam\u00e9ras install\u00e9es sur des a\u00e9ronefs \u00e0 Paris et en Seine-Saint-Denis (93) le 26 mars 2026 33\nAnnexe de l'arr\u00eat\u00e9 n\u00b02026-00340 du 26 mars 2026   \nVOIES ET DELAIS DE RECOURS\n_______________________\nSi vous estimez devoir contester la pr\u00e9sente autorisation, il vous est possible, dans un d\u00e9lai  \nde deux mois \u00e0 compter de la date de son affichage ou de sa publication\u00a0:\n- soit de saisir d'un RECOURS GRACIEUX\nle Pr\u00e9fet de Police\n7/9, boulevard du Palais - 75195 PARIS RP\n- ou de former un RECOURS HIERARCHIQUE\n  aupr\u00e8s du Ministre de l'int\u00e9rieur et des outre-mer\n  Direction des libert\u00e9s publiques et des affaires juridiques\n  place Beauvau - 75008 PARIS\n- soit de saisir d'un RECOURS CONTENTIEUX\nle Tribunal administratif comp\u00e9tent\nAucune de ces voies et recours ne suspend l'application de la pr\u00e9sente d\u00e9cision.\nLes recours GRACIEUX et HIERARCHIQUE doivent \u00eatre \u00e9crits, exposer les arguments ou faits \nnouveaux et comprendre la copie de la d\u00e9cision contest\u00e9e.\nLe recours contentieux, qui vise \u00e0 contester la LEGALITE de la pr\u00e9sente d\u00e9cision, doit \n\u00e9galement \u00eatre \u00e9crit et exposer votre argumentation juridique.\nSi vous n'aviez pas de r\u00e9ponse \u00e0 votre recours GRACIEUX ou HIERARCHIQUE dans un d\u00e9lai \nde deux mois \u00e0 compter de la r\u00e9ception de votre recours par l'administration, votre \ndemande devra \u00eatre consid\u00e9r\u00e9e comme rejet\u00e9e (d\u00e9cision implicite de rejet).\nEn cas de rejet des RECOURS GRACIEUX ou HIERARCHIQUE, le Tribunal administratif peut \n\u00eatre saisi d'un recours contentieux dans le d\u00e9lai de deux mois \u00e0 compter de la date de la \nd\u00e9cision de rejet.\n2026-00340 4\nPr\u00e9fecture de Police - 75-2026-03-26-00001 - Arr\u00eat\u00e9 2026-00340 du 26 mars 2026 autorisant la captation, l'enregistrement et la\ntransmission d'images au moyen de cam\u00e9ras install\u00e9es sur des a\u00e9ronefs \u00e0 Paris et en Seine-Saint-Denis (93) le 26 mars 2026 34\n+ Sas=- .\n2026-00340 5\nPr\u00e9fecture de Police - 75-2026-03-26-00001 - Arr\u00eat\u00e9 2026-00340 du 26 mars 2026 autorisant la captation, l'enregistrement et la\ntransmission d'images au moyen de cam\u00e9ras install\u00e9es sur des a\u00e9ronefs \u00e0 Paris et en Seine-Saint-Denis (93) le 26 mars 2026 35\nPr\u00e9fecture de Police\n75-2026-03-26-00003\nArr\u00eat\u00e9 2026-00341 du 26 mars 2026\nportant interdiction des distributions\nalimentaires sur la place Henri Frenay \u00e0 Paris\ndu 1er avril 2026 au 30 juin 2026 inclus\nPr\u00e9fecture de Police - 75-2026-03-26-00003 - Arr\u00eat\u00e9 2026-00341 du 26 mars 2026\nportant interdiction des distributions alimentaires sur la place Henri Frenay \u00e0 Paris\ndu 1er avril 2026 au 30 juin 2026 inclus\n36\nKs\n|\nIEAS\n \nCABINET DU PREFET  \n \n \n \n \n \n \nArr\u00eat\u00e9 n\u00b02026-00341 \nportant interdiction des distributions alimentaires sur la place Henri Frenay \u00e0 Paris \ndu 1 er  avril 2026 au 30 juin 2026 inclus \n \n \nLe pr\u00e9fet de police, \n \nVu le code g\u00e9n\u00e9ral des collectivit\u00e9s territoriales, notamment son article L. 2512-13  ; \n \nVu le code de la s\u00e9curit\u00e9 int\u00e9rieure, notamment son article L. 122-1 ; \n \nVu le code de la sant\u00e9 publique  ; \n \nVu le code p\u00e9nal, notamment son article R. 644-5-1 ; \n \nVu le code de proc\u00e9dure p\u00e9nale, notamment son article R. 48-1 ; \n \nVu le d\u00e9cret n\u00b0 2004-374 du 29 avril 2004 modifi\u00e9 r elatif aux pouvoirs des pr\u00e9fets, \u00e0 \nl'organisation et \u00e0 l'action des services de l'Etat  dans les r\u00e9gions et d\u00e9partements, \nnotamment ses articles 70 et 72  ; \n \nVu le d\u00e9cret du 22 octobre 2025 par lequel M. Patrice FAURE, administrateur de l'\u00c9tat du \ntroisi\u00e8me grade, directeur de cabinet du Pr\u00e9sident de la R\u00e9publique, est nomm\u00e9 pr\u00e9fet \nde police (groupe I), \u00e0 compter du 23 octobre 2025 ; \n \nVu le courrier conjoint de l'association Basta Cosi  et du collectif Grauwin-Bouton du 22 \nmai 2023 faisant \u00e9tat de la d\u00e9gradation de la place Henri Frenay depuis plusieurs mois et \ndu climat d'ins\u00e9curit\u00e9  ; \n \nConsid\u00e9rant que, en application de l'article L. 122 -1 du code de la s\u00e9curit\u00e9 int\u00e9rieure et \n72 du d\u00e9cret du 29 avril 2004 susvis\u00e9, le pr\u00e9fet de  police a la charge de l'ordre public, \nnotamment la pr\u00e9vention des atteintes \u00e0 la s\u00e9curit\u00e9 des personnes et des biens, \u00e0 Paris  ;  \n \nConsid\u00e9rant que, en application de l'article R. 644 -5-1 du code p\u00e9nal, sont punis de \nl'amende pr\u00e9vue pour les contraventions de la 4e cl asse la violation des interdictions et \nle manquement aux obligations \u00e9dict\u00e9es par arr\u00eat\u00e9s pris sur le fondement des pouvoirs \nde police g\u00e9n\u00e9rale qui r\u00e9glementent, \u00e0 la suite de troubles, la pr\u00e9sence et la circulation \ndes personnes en certains lieux et \u00e0 certaines heur es afin de pr\u00e9venir la r\u00e9it\u00e9ration \nd'atteintes graves \u00e0 la s\u00e9curit\u00e9 publique  ; que l'article R. 48-1 du code de proc\u00e9dure \np\u00e9nale rend applicable la proc\u00e9dure de l'amende for faitaire pour les contraventions \npr\u00e9cit\u00e9es  ; \n \nConsid\u00e9rant les nuisances r\u00e9currentes occasionn\u00e9es sur la place Henri Frenay, \nnotamment au pied d'immeubles d'habitation, du fait  d'attroupements g\u00e9n\u00e9r\u00e9s par des \ndistributions alimentaires de personnes marginalis\u00e9 es investissant ladite place , lesquels \nconduisent \u00e0 des intimidations, des rixes, des nuis ances sonores persistantes sans \nPr\u00e9fecture de Police - 75-2026-03-26-00003 - Arr\u00eat\u00e9 2026-00341 du 26 mars 2026\nportant interdiction des distributions alimentaires sur la place Henri Frenay \u00e0 Paris\ndu 1er avril 2026 au 30 juin 2026 inclus\n37\n \n2 \n2026-00341 \npr\u00e9judice des atteintes \u00e0 la salubrit\u00e9 r\u00e9guli\u00e8remen t constat\u00e9es  ; qu'il s'ensuit que ces \nrassemblements engendrent des atteintes \u00e0 l'ordre p ublic caract\u00e9ris\u00e9es sur cette place \nque les distributions alimentaires  quotidiennes effectu\u00e9es par diverses associations o u \ncollectifs contribuent \u00e0 aviver  ; qu'en outre la configuration de la place, ceintur \u00e9e par \ndes arcades et par la pr\u00e9sence notamment d'une sani sette en libre acc\u00e8s pourvue d'un \nrobinet d'eau et d'un commerce de d\u00e9tail qui vend p rincipalement des boissons \nalcoolis\u00e9es, contribue \u00e0 renforcer l'implantation d e personnes en situation d'exclusion \nsociale qui stagnent toute la journ\u00e9e et une grande partie de la nuit  ; \n \nConsid\u00e9rant que si le respect de la dignit\u00e9 humaine  est une composante de l'ordre \npublic, la distribution de denr\u00e9es alimentaires \u00e0 des personnes marginalis\u00e9es n'exclut pas \nqu'elle doive \u00eatre concili\u00e9e avec les autres compos antes de l'ordre public d\u00e8s lors que la \ndistribution dans un endroit pr\u00e9cis\u00e9ment d\u00e9limit\u00e9 e st de nature \u00e0 causer des troubles \u00e0 \nla s\u00e9curit\u00e9, la tranquillit\u00e9 et la salubrit\u00e9 publics  ; \n \nConsid\u00e9rant que les riverains d\u00e9noncent l'ins\u00e9curit \u00e9 grandissante sur la place Frenay, \nsignalant des regroupements de personnes alcoolis\u00e9e s et sous l'emprise de stup\u00e9fiants \nqui errent durant la nuit, se battent entre elles, invectivent les riverains, les clients des \ncommerces et les passants, d\u00e9gradent du mobilier de ces commerces, occupent les aires \nde jeux des enfants  ; que des riverains craignent ainsi au quotidien po ur leur s\u00e9curit\u00e9 et \ncelle de leurs proches  ; \n \nConsid\u00e9rant que ces rassemblements d'individus en d ifficult\u00e9 constituent en outre un \nterreau pour des trafics divers, notamment de drogu e, mais \u00e9galement pour le \nd\u00e9veloppement de ventes \u00e0 la sauvette ou d'activit\u00e9 s d '\u00e9conomie souterraine qu'il \nimporte de r\u00e9primer conform\u00e9ment aux lois et r\u00e8glements en vigueur  ; \n \nConsid\u00e9rant que depuis 2023, les effectifs du commi ssariat ont conduit sur cette place \nde nombreuses op\u00e9rations de s\u00e9curisation ; qu'ils s ont intervenus \u00e0 4 reprises dans le \ncadre de r\u00e9quisitions d'usagers, proc\u00e9dant \u00e0 64 ver balisations notamment pour \nconsommation d'alcool sur la voie publique, adressa nt 53 amendes forfaitaires \nd\u00e9lictuelles (AFD) pour consommation de produits st up\u00e9fiants et proc\u00e9dant \u00e0 804 \n\u00e9victions ; \n \nConsid\u00e9rant \u00e9galement que la place Henry Frenay fai t l'objet de mesures de police \nadministrative visant \u00e0 interdire la vente et la co nsommation d'alcool durant certaines \nplages horaires compte tenu des troubles et des nui sances occasionn\u00e9s par des \npersonnes consommant de l'alcool sur la voie publique  ;  \n \nConsid\u00e9rant en outre que les services de police ont  pris attache \u00e0 plusieurs reprises avec \nles associations proc\u00e9dant \u00e0 des distributions alim entaires sur la place Frenay afin de les \ninciter \u00e0 s'installer rue Roland Barthes  ; qu'au surplus, d'autres services de restauration \nsolidaire, d'\u00e9picerie sociale et de colis alimentai res \u00e0 l'attention des personnes en \nsituation de pr\u00e9carit\u00e9 sont disponibles dans le 12 \n\u00e8me  arrondissement  dans les lieux \nmentionn\u00e9s sur le site internet de la ville de Paris  ; \n \nConsid\u00e9rant que l'interdiction des distributions alimentaires sur la place Frenay prescrite \npar plusieurs arr\u00eat\u00e9s renouvel\u00e9s depuis le 1 \ner  ao\u00fbt 2023, \u00e0 laquelle les associations ont \u00e9t\u00e9 \nsensibilis\u00e9es, a contribu\u00e9 \u00e0 d\u00e9placer sereinement c es distributions rue Roland Barthes  ; \nque le d\u00e9placement de ces distributions dans un aut re lieu plus appropri\u00e9 a permis \nd'assurer leur continuit\u00e9 sans occasionner de troub les \u00e0 l'ordre public sur la place Henri \nFrenay  ; que les arr\u00eat\u00e9s d'interdiction des distributions alimentaires ont permis \nl'am\u00e9lioration de la physionomie de la place Henri Frenay  ; qu'il convient ainsi de \nrenouveler cette interdiction de distributions alimentaires sur la place Henri Frenay  ; \nPr\u00e9fecture de Police - 75-2026-03-26-00003 - Arr\u00eat\u00e9 2026-00341 du 26 mars 2026\nportant interdiction des distributions alimentaires sur la place Henri Frenay \u00e0 Paris\ndu 1er avril 2026 au 30 juin 2026 inclus\n38\n \n3 \n2026-00341 \n \nConsid\u00e9rant qu'il appartient \u00e0 l'autorit\u00e9 de police  de pr\u00e9venir les troubles par des \nmesures adapt\u00e9es, proportionn\u00e9es et strictement n\u00e9c essaires  ; qu'une mesure \nd'interdiction pendant une p\u00e9riode limit\u00e9e des dist ributions alimentaires sur la place \nHenri Frenay r\u00e9pond \u00e0 ces objectifs en compl\u00e9ment des mesures r\u00e9glementant la vente \u00e0 \nemporter de boissons alcoolis\u00e9es et leur consommati on sur la voie publique, sans que \nces restrictions d'occupation du domaine public por tent une atteinte excessive \u00e0 la \nlibert\u00e9 d'aller et de venir ou \u00e0 la dignit\u00e9 humaine ; \n \nARRETE  : \n \nArticle 1 \ner  \u2013 Les distributions alimentaires sont interdites sur  la place Henri Frenay sise \u00e0 \nParis dans le 12 \u00e8me  arrondissement du 1 er  avril 2026 au 30 juin 2026 inclus. \n \nArticle 2 \u2013 Le pr\u00e9fet, directeur du cabinet du pr\u00e9fet de police , le directeur de l'ordre \npublic et de la circulation et le directeur de la s \u00e9curit\u00e9 de proximit\u00e9 de l'agglom\u00e9ration \nparisienne sont charg\u00e9s, chacun en ce qui le concer ne, de l'ex\u00e9cution du pr\u00e9sent arr\u00eat\u00e9 \nqui sera publi\u00e9 au recueil des actes administratifs  du d\u00e9partement de Paris, consultable \nsur le site internet de la pr\u00e9fecture de police \n(\nhttps://www.prefecturedepolice.interieur.gouv.fr ) et communiqu\u00e9 aux maires de Paris et \ndu 12 \u00e8me  arrondissement.  \n \n Fait \u00e0 Paris, le 26 mars 2026 \n \n \n \nSIGNE \nPour le pr\u00e9fet de police \nLe pr\u00e9fet, directeur de cabinet \nBaptiste ROLLAND \n \nPr\u00e9fecture de Police - 75-2026-03-26-00003 - Arr\u00eat\u00e9 2026-00341 du 26 mars 2026\nportant interdiction des distributions alimentaires sur la place Henri Frenay \u00e0 Paris\ndu 1er avril 2026 au 30 juin 2026 inclus\n39\n \n4 \n2026-00341 \n \n \nAnnexe de l'arr\u00eat\u00e9 n\u00b02026-00341 du 26 mars 2026  \n \n \n \nVOIES ET DELAIS DE RECOURS  \n_______________________ \n \n \n \nSi vous estimez devoir contester le pr\u00e9sent arr\u00eat\u00e9, il vous est possible, dans un \nd\u00e9lai de deux mois \u00e0 compter de sa publication au recueil des actes administratifs du \nd\u00e9partement de Paris : \n \n \n- soit de saisir d'un RECOURS GRACIEUX \nle Pr\u00e9fet de Police \n7/9, boulevard du Palais - 75195 PARIS RP \n \n- ou de former un RECOURS HIERARCHIQUE \n  aupr\u00e8s du Ministre de l'int\u00e9rieur \n  Direction des libert\u00e9s publiques et des affaires juridiques \n  place Beauvau - 75008 PARIS \n \n- soit de saisir d'un RECOURS CONTENTIEUX \nle Tribunal administratif comp\u00e9tent \n \n \nAucune de ces voies et recours ne suspend l'applica tion de la pr\u00e9sente \nd\u00e9cision. \n \nLes recours GRACIEUX et HIERARCHIQUE doivent \u00eatre \u00e9 crits, exposer les \narguments ou faits nouveaux et comprendre la copie de l'arr\u00eat\u00e9 contest\u00e9. \n \nLe recours CONTENTIEUX, qui vise \u00e0 contester la LEG ALITE de la pr\u00e9sente \nd\u00e9cision, doit \u00e9galement \u00eatre \u00e9crit et exposer votre argumentation juridique. \n \nSi vous n'aviez pas de r\u00e9ponse \u00e0 votre recours GRAC IEUX ou HIERARCHIQUE \ndans un d\u00e9lai de deux mois \u00e0 compter de la r\u00e9ceptio n de votre recours par \nl'administration, votre demande devra \u00eatre consid\u00e9r \u00e9e comme rejet\u00e9e (d\u00e9cision \nimplicite de rejet). \n \nEn cas de rejet des recours GRACIEUX ou HIERARCHIQU E, le Tribunal \nadministratif peut \u00eatre saisi d'un recours contenti eux dans le d\u00e9lai de deux mois \u00e0 \ncompter de la date de la d\u00e9cision de rejet.  \n \n \n \n \n \nPr\u00e9fecture de Police - 75-2026-03-26-00003 - Arr\u00eat\u00e9 2026-00341 du 26 mars 2026\nportant interdiction des distributions alimentaires sur la place Henri Frenay \u00e0 Paris\ndu 1er avril 2026 au 30 juin 2026 inclus\n40\n \n5 \n2026-00341 \n \nPr\u00e9fecture de Police - 75-2026-03-26-00003 - Arr\u00eat\u00e9 2026-00341 du 26 mars 2026\nportant interdiction des distributions alimentaires sur la place Henri Frenay \u00e0 Paris\ndu 1er avril 2026 au 30 juin 2026 inclus\n41\nPr\u00e9fecture de Police\n75-2026-03-26-00004\nArr\u00eat\u00e9 2026-00342 du 26 mars 2026\nautorisant les agents du service interne de\ns\u00e9curit\u00e9 de la SNCF \u00e0 proc\u00e9der \u00e0 des palpations\nde s\u00e9curit\u00e9 dans des gares et stations\nd'Ile-de-France\ndu mercredi 1er avril 2026 au mardi 30 juin 2026\ninclus\nPr\u00e9fecture de Police - 75-2026-03-26-00004 - Arr\u00eat\u00e9 2026-00342 du 26 mars 2026\nautorisant les agents du service interne de s\u00e9curit\u00e9 de la SNCF \u00e0 proc\u00e9der \u00e0 des palpations de s\u00e9curit\u00e9 dans des gares et stations\nd'Ile-de-France\ndu mercredi 1er avril 2026 au mardi 30 juin 2026 inclus\n42\nPREFECTUREDE POLICELibert\u00e9Egalit\u00e9Fraternit\u00e9\nAtG\nCABINET DU PREFET\nArr\u00eat\u00e9 n\u00b02026-00342\nautorisant les agents du service interne de s\u00e9curit\u00e9 de la SNCF \u00e0 proc\u00e9der \u00e0 des palpations \nde s\u00e9curit\u00e9 dans des gares et stations d'Ile-de-France\ndu mercredi 1er avril 2026 au mardi 30 juin 2026 inclus\nLe pr\u00e9fet de police,\nVu le code des transports, notamment ses articles L. 2251-9, R. *2250-2 et R.\u00a02251-52\u00a0;\nVu le code de la s\u00e9curit\u00e9 int\u00e9rieure, notamment son article L. 613-2\u00a0;\nVu  le  d\u00e9cret  n\u00b0  2004-374  du  29  avril  2004  modifi\u00e9  relatif  aux  pouvoirs  des  pr\u00e9fets,  \u00e0  \nl'organisation et \u00e0 l'action des services de l'Etat dans les r\u00e9gions et d\u00e9partements\u00a0;\nVu l'arr\u00eat\u00e9 du 28 septembre 2016 relatif \u00e0 la formation des agents des services internes de  \ns\u00e9curit\u00e9 de la SNCF et de la RATP\u00a0;\nVu  le d\u00e9cret du 22 octobre 2025 par lequel M. Patrice FAURE, administrateur de l'\u00c9tat du  \ntroisi\u00e8me grade, directeur de cabinet du Pr\u00e9sident de la R\u00e9publique, est nomm\u00e9 pr\u00e9fet de  \npolice (groupe I), \u00e0 compter du 23 octobre 2025\u00a0;\nVu le courriel en date du 23 mars 2026 de la direction de la s\u00fbret\u00e9 ferroviaire de la Soci\u00e9t\u00e9  \nnationale des chemins de fer fran\u00e7ais (SNCF)\u00a0;\nConsid\u00e9rant que, en application de l'article R. 2251-52 du code des transports et dans les  \nconditions pr\u00e9vues par l'article R. *2250-2 du m\u00eame code, les agents du service interne de  \ns\u00e9curit\u00e9  de  la  Soci\u00e9t\u00e9  nationale  des  chemins  de  fer  fran\u00e7ais  ne  peuvent  r\u00e9aliser  des  \npalpations de s\u00e9curit\u00e9 dans les gares, stations, arr\u00eats et v\u00e9hicules de transports que dans les  \nlimites de la dur\u00e9e et des lieux ou cat\u00e9gories de lieux d\u00e9termin\u00e9s par l'arr\u00eat\u00e9 constatant les  \ncirconstances particuli\u00e8res li\u00e9es \u00e0 l'existence de menaces graves pour la s\u00e9curit\u00e9 publique  \nmentionn\u00e9es \u00e0 l'article L. 613-2 du code de la s\u00e9curit\u00e9 int\u00e9rieure \u00a0; que pour les transports en  \ncommun de voyageurs par voie ferr\u00e9e de la r\u00e9gion d'Ile-de-France cet arr\u00eat\u00e9 est pris par le  \npr\u00e9fet de police\u00a0;\nConsid\u00e9rant que plusieurs attentats ou tentatives d'attentats r\u00e9cents traduisent le niveau  \n\u00e9lev\u00e9 de la menace terroriste en France  ; que le plan VIGIPIRATE \u00ab  urgence attentat \u00bb a \u00e9t\u00e9  \nrehauss\u00e9 sur l'ensemble du territoire national depuis le 24 mars 2024 \u00a0; que le durcissement  \nde la posture VIGIPIRATE associ\u00e9 \u00e0 l'\u00e9volution de l'\u00e9tat de la menace en France fait porter un \neffort plus particulier sur la s\u00e9curit\u00e9 des transports\u00a0;\nConsid\u00e9rant que certaines gares, stations et lignes de transport en Ile-de-France font l'objet  \nd'une tr\u00e8s forte affluence de voyageurs et desservent des lieux particuli\u00e8rement expos\u00e9s \u00e0  \ndes  risques  de  vol  et  divers  trafics \u00a0;  que  des  violences  sont  r\u00e9guli\u00e8rement  commises  \u00e0  \n2026-00342                                                                                                                                                         1 1\nPr\u00e9fecture de Police - 75-2026-03-26-00004 - Arr\u00eat\u00e9 2026-00342 du 26 mars 2026\nautorisant les agents du service interne de s\u00e9curit\u00e9 de la SNCF \u00e0 proc\u00e9der \u00e0 des palpations de s\u00e9curit\u00e9 dans des gares et stations\nd'Ile-de-France\ndu mercredi 1er avril 2026 au mardi 30 juin 2026 inclus\n43\nl'int\u00e9rieur des installations ferroviaires, caract\u00e9ris\u00e9es notamment par des rixes et le port  \nd'armes prohib\u00e9es\u00a0; que ces faits repr\u00e9sentent un danger important pour les usagers \u00a0; que \ndes mesures doivent \u00eatre prises pour lutter contre ces ph\u00e9nom\u00e8nes\u00a0;\nConsid\u00e9rant que cette situation caract\u00e9rise les circonstances particuli\u00e8res li\u00e9es \u00e0 l'existence  \nde menaces graves pour la s\u00e9curit\u00e9 publique mentionn\u00e9es \u00e0 l'article L.613-2 du code de la  \ns\u00e9curit\u00e9 int\u00e9rieure\u00a0;\nConsid\u00e9rant en outre que les forces de s\u00e9curit\u00e9 int\u00e9rieure, fortement mobilis\u00e9es pour assurer \nla s\u00e9curisation g\u00e9n\u00e9rale de la r\u00e9gion d'Ile-de-France dans un contexte de menace terroriste  \nparticuli\u00e8rement \u00e9lev\u00e9, ne sauraient assurer seules les contr\u00f4les sp\u00e9cifiques n\u00e9cessaires \u00e0 la  \ns\u00e9curit\u00e9  des  usagers  de  la  SNCF  qui  rel\u00e8ve  au  premier  chef  de  la  responsabilit\u00e9  de  \nl'exploitant\u00a0;\nConsid\u00e9rant ainsi qu'il appartient \u00e0 l'autorit\u00e9 de police comp\u00e9tente de prendre les mesures  \nadapt\u00e9es, n\u00e9cessaires et proportionn\u00e9es visant \u00e0 garantir la s\u00e9curit\u00e9 des personnes et des  \nbiens\u00a0; qu'une mesure autorisant les agents du service interne de s\u00e9curit\u00e9 de la SNCF \u00e0  \nproc\u00e9der du 1er avril 2026 au 30 juin 2026 inclus \u00e0 des palpations de s\u00e9curit\u00e9 dans des gares  \net stations d'Ile-de-France identifi\u00e9es ainsi que dans les v\u00e9hicules de transport les desservant  \nr\u00e9pond \u00e0 ces objectifs\u00a0;\nARRETE :\nArticle 1er\u00a0: Les agents du service interne de s\u00e9curit\u00e9 de la Soci\u00e9t\u00e9 nationale des chemins de  \nfer fran\u00e7ais peuvent proc\u00e9der, outre \u00e0 l'inspection visuelle des bagages \u00e0 main et, avec le  \nconsentement de leur propri\u00e9taire, \u00e0 leur fouille, \u00e0 des palpations, du  mercredi 1er avril 2026 \nau mardi 30 juin 2026 inclus,  dans l'enceinte des stations et gares list\u00e9es \u00e0 l'annexe 2 du  \npr\u00e9sent arr\u00eat\u00e9 ainsi que dans les v\u00e9hicules de transport les desservant.\nArticle  2  \u2013  Le pr\u00e9fet  des  Hauts-de-Seine,  le  pr\u00e9fet  de la  Seine-Saint-Denis,  le  pr\u00e9fet  du  \nVal-de-Marne, le pr\u00e9fet de Seine-et-Marne, le pr\u00e9fet des Yvelines, la pr\u00e9f\u00e8te de l'Essonne, le  \npr\u00e9fet du Val-d'Oise, le pr\u00e9fet, directeur du cabinet du pr\u00e9fet de police, et le pr\u00e9sident de la \nSoci\u00e9t\u00e9 nationale des chemins de fer fran\u00e7ais sont charg\u00e9s, chacun en ce qui le concerne, de  \nl'ex\u00e9cution du pr\u00e9sent arr\u00eat\u00e9 qui sera publi\u00e9 aux recueils administratifs du d\u00e9partement de  \nParis et des pr\u00e9fectures des Hauts-de-Seine, de la Seine-Saint-Denis, du Val-de-Marne, de  \nSeine-et-Marne, des Yvelines, de l'Essonne, du Val-d'Oise, et consultable sur le site internet  \nde la pr\u00e9fecture de police (https://www.prefecturedepolice.interieur.gouv.fr).\nFait \u00e0 Paris, le 26 mars 2026\nSIGNE\nPour le pr\u00e9fet de police\nLe pr\u00e9fet, directeur de cabinet\nBaptiste ROLLAND\n2026-00342 2 2\nPr\u00e9fecture de Police - 75-2026-03-26-00004 - Arr\u00eat\u00e9 2026-00342 du 26 mars 2026\nautorisant les agents du service interne de s\u00e9curit\u00e9 de la SNCF \u00e0 proc\u00e9der \u00e0 des palpations de s\u00e9curit\u00e9 dans des gares et stations\nd'Ile-de-France\ndu mercredi 1er avril 2026 au mardi 30 juin 2026 inclus\n44\nAnnexe 1 de l'arr\u00eat\u00e9 n\u00b02026-00342 du 26 mars 2026\nVOIES ET DELAIS DE RECOURS\n_______________________\nSi vous estimez devoir contester le pr\u00e9sent arr\u00eat\u00e9, il vous est possible, dans un  \nd\u00e9lai de deux mois \u00e0 compter de la date de son affichage ou de sa publication au recueil des  \nactes administratifs du d\u00e9partement de Paris :\n- soit de saisir d'un RECOURS GRACIEUX\nle Pr\u00e9fet de Police\n7/9, boulevard du Palais - 75195 PARIS RP\n- ou de former un RECOURS HIERARCHIQUE\n  aupr\u00e8s du Ministre de l'int\u00e9rieur\n  Direction des libert\u00e9s publiques et des affaires juridiques\n  place Beauvau - 75008 PARIS\n- soit de saisir d'un RECOURS CONTENTIEUX\nle Tribunal administratif comp\u00e9tent\nAucune de ces voies et recours ne suspend l'application de la pr\u00e9sente d\u00e9cision.\nLes  recours  GRACIEUX  et  HIERARCHIQUE  doivent  \u00eatre  \u00e9crits,  exposer  les  \narguments ou faits nouveaux et comprendre la copie de l'arr\u00eat\u00e9 contest\u00e9.\nLe  recours  CONTENTIEUX,  qui  vise  \u00e0  contester  la  LEGALITE  de  la  pr\u00e9sente  \nd\u00e9cision, doit \u00e9galement \u00eatre \u00e9crit et exposer votre argumentation juridique.\nSi vous n'aviez pas de r\u00e9ponse \u00e0 votre recours GRACIEUX ou HIERARCHIQUE dans \nun d\u00e9lai de deux mois \u00e0 compter de la r\u00e9ception de votre recours par l'administration, votre  \ndemande devra \u00eatre consid\u00e9r\u00e9e comme rejet\u00e9e (d\u00e9cision implicite de rejet).\nEn cas de rejet des recours GRACIEUX ou HIERARCHIQUE, le Tribunal administratif \npeut \u00eatre saisi d'un recours contentieux dans le d\u00e9lai de deux mois \u00e0 compter de la date de la \nd\u00e9cision de rejet.\n2026-00342                                                                                                                                                         3 3\nPr\u00e9fecture de Police - 75-2026-03-26-00004 - Arr\u00eat\u00e9 2026-00342 du 26 mars 2026\nautorisant les agents du service interne de s\u00e9curit\u00e9 de la SNCF \u00e0 proc\u00e9der \u00e0 des palpations de s\u00e9curit\u00e9 dans des gares et stations\nd'Ile-de-France\ndu mercredi 1er avril 2026 au mardi 30 juin 2026 inclus\n45\nAnnexe 2 de l'arr\u00eat\u00e9 n\u00b02026-00342 du 26 mars 2026\nLigne A Ach\u00e8res-Grand-Cormier\nAch\u00e8res-Ville\nNeuville-Universit\u00e9\nCergy-le-Haut\nCergy-Saint-Christophe\nConflans-fin-d'Oise (bas+haut)\nMaisons-Laffitte\nNanterre-Universit\u00e9\nPoissy\nCergy-Pr\u00e9fecture\nHouilles-Carri\u00e8res-sur-Seine\nSartrouville\nLigne B Parc des Expositions\nBlanc-Mesnil (Le)\nVilleparisis-Mitry-le-Neuf\nVillepinte\nA\u00e9roport Charles de Gaulle 1\nA\u00e9roport Charles de Gaulle 2 TGV\nBourget (Le)\nCourneuve-Aubervilliers (La)\nDrancy\nSevran-Beaudottes\nSevran-Livry\nVert-Galant\nPlaine Stade de France (La)\nParis Nord\nLigne C Ablon\nArdoines (Les)\nArpajon\nAthis-Mons\nBi\u00e8vres\nBouray\nBr\u00e9tigny\nBreuillet-Bruy\u00e8res-le-Ch\u00e2tel\nBreuillet-Village\nChamarande\nChemin-d'Antony\nChoisy-le-Roi\nDourdan\nDourdan-la-For\u00eat\nEgly\nEpinay-sur-Orge\nEtampes\nEtr\u00e9chy\nIgny\nIvry-sur-Seine\n2026-00342 4 4\nPr\u00e9fecture de Police - 75-2026-03-26-00004 - Arr\u00eat\u00e9 2026-00342 du 26 mars 2026\nautorisant les agents du service interne de s\u00e9curit\u00e9 de la SNCF \u00e0 proc\u00e9der \u00e0 des palpations de s\u00e9curit\u00e9 dans des gares et stations\nd'Ile-de-France\ndu mercredi 1er avril 2026 au mardi 30 juin 2026 inclus\n46\nJouy-en-Josas\nJuvisy\nLardy\nMarolles-en-Hurepoix\nMassy-Palaiseau\nMassy-Verri\u00e8res\nNorville-Saint-Germain-les-Arpajon (La)\nOrly-Ville\nPetit-Jouy-les-Loges\nPont-de-Rungis-A\u00e9roport-d'Orly\nRungis-la-Fraternelle\nSaint-Ch\u00e9ron\nSainte-Genevi\u00e8ve-des-Bois\nSaint-Martin-d'Etampes\nSaint-Michel-sur-Orge\nSaules (Les)\nSavigny-sur-Orge\nSermaise\nVauboyen\nVilleneuve-le-Roi\nVitry-sur-Seine\nAvenue du Pr\u00e9sident Kennedy\nAvenue Foch\nAvenue Henri-Martin\nBoulainvilliers\nChaville-V\u00e9lizy\nEpinay-sur-Seine\nGennevilliers\nGr\u00e9sillons (Les)\nIssy\nJavel\nMeudon Val-Fleury\nPont de l'Alma\nPont du Garigliano - H\u00f4pital Europ\u00e9en Georges \nPompidou\nPorchefontaine\nPorte de Clichy\nSaint-Gratien\nSaint-Ouen\nChamp de Mars - Tour Eiffel Bir Hakeim\nInvalides\nIssy Val-de-Seine\nMus\u00e9e d'Orsay\nNeuilly-Porte Maillot\nP\u00e9reire-Levallois\nVersailles Ch\u00e2teau Rive Gauche\nBiblioth\u00e8que Fran\u00e7ois Mitterrand\nParis Austerlitz\n2026-00342                                                                                                                                                         5 5\nPr\u00e9fecture de Police - 75-2026-03-26-00004 - Arr\u00eat\u00e9 2026-00342 du 26 mars 2026\nautorisant les agents du service interne de s\u00e9curit\u00e9 de la SNCF \u00e0 proc\u00e9der \u00e0 des palpations de s\u00e9curit\u00e9 dans des gares et stations\nd'Ile-de-France\ndu mercredi 1er avril 2026 au mardi 30 juin 2026 inclus\n47\nSaint-Michel-Notre-Dame\nCernay\nPierrelaye\nSaint-Ouen-l'Aum\u00f4ne\nSaint-Ouen-l'Aum\u00f4ne-Liesse\nFranconville-Le Plessis-Bouchard\nMontigny-Beauchamp\nPontoise\nErmont-Eaubonne\nSaint-Cyr\nViroflay Rive Gauche\nSaint-Quentin-en-Yvelines\nVersailles-Chantiers\nLigne D Juvisy\nBallancourt\nBoigneville\nBoissise-le-Roi\nBoussy-Saint-Antoine\nBoutigny\nBras-de-Fer Evry G\u00e9nopole (Le)\nBrunoy\nBuno-Gironville\nCesson\nCombs-la-Ville-Quincy\nCorbeil-Essonnes\nCoudray-Montceaux (Le)\nCr\u00e9teil Pompadour\nEssonnes-Robinson\nEvry Val de Seine\nEvry-Courcouronnes Centre\nFert\u00e9-Alais (La)\nGarges-Sarcelles\nGoussainville\nGrand-Bourg\nGrigny-Centre\nLieusaint-Moissy\nLouvres\nMaisons-Alfort-Alfortville\nMaisse\nM\u00e9e (Le)\nMelun\nMennecy\nMontgeron-Crosne\nMoulin-Galant\nNoues (Les)\nOrangis-Bois-de-l'Epine\nPierrefitte-Stains\nPlessis-Chenet (Le)\n2026-00342 6 6\nPr\u00e9fecture de Police - 75-2026-03-26-00004 - Arr\u00eat\u00e9 2026-00342 du 26 mars 2026\nautorisant les agents du service interne de s\u00e9curit\u00e9 de la SNCF \u00e0 proc\u00e9der \u00e0 des palpations de s\u00e9curit\u00e9 dans des gares et stations\nd'Ile-de-France\ndu mercredi 1er avril 2026 au mardi 30 juin 2026 inclus\n48\nPonthierry-Pringy\nRis-Orangis\nSaint-Fargeau\nSavigny-le-Temple-Nandy\nStade de France Saint-Denis\nSurvilliers-Fosses\nVert-de-Maisons (Le)\nVigneux-sur-Seine\nVillab\u00e9\nVilleneuve-Saint-Georges\nVilleneuve-Triage\nVilliers-le-Bel-Gonesse-Arnouville\nViry-Ch\u00e2tillon\nVosves\nYerres\nSaint-Denis\nLigne E Gretz-Armainvilliers\nYvris-Noisy-le-Grand (Les)\nBondy\nBoullereaux-Champigny (Les)\nCh\u00e9nay-Gagny (Le)\nLa D\u00e9fense Grande Arche\nEmerainville-Pontault-Combault\nGagny\nHaussmann-Saint-Lazare\nMagenta\nNanterre la Folie\nNeuilly Porte Maillot Palais des Congr\u00e8s\nNogent-le-Perreux\nNoisy-le-Sec\nOzoir-la-Ferri\u00e8re\nPantin\nRaincy-Villemomble-Montfermeil (Le)\nRoissy-en-Brie\nRosa Parks\nRosny-Bois-Perrier\nRosny-sous-Bois\nVal-de-Fontenay\nVilliers-sur-Marne-Le Plessis-Tr\u00e9vise\nChelles-Gournay\nTournan-en-Brie\nLigne H Auvers-sur-Oise\nBelloy-Saint-Martin\nBessancourt\nBruy\u00e8res-sur-Oise\nChampagne-sur-Oise\nChaponval\nEpluches\n2026-00342                                                                                                                                                         7 7\nPr\u00e9fecture de Police - 75-2026-03-26-00004 - Arr\u00eat\u00e9 2026-00342 du 26 mars 2026\nautorisant les agents du service interne de s\u00e9curit\u00e9 de la SNCF \u00e0 proc\u00e9der \u00e0 des palpations de s\u00e9curit\u00e9 dans des gares et stations\nd'Ile-de-France\ndu mercredi 1er avril 2026 au mardi 30 juin 2026 inclus\n49\nFr\u00e9pillon\nLuzarches\nM\u00e9riel\nM\u00e9ry-sur-Oise\nNointel-Mours\nPont-Petit\nPresles-Courcelles\nSeugy\nVaucelles\nViarmes\nVillaines\nBarre-Ormesson (La)\nBouff\u00e9mont-Moisselles\nCernay\nChamp de Courses d'Enghien\nDeuil-Montmagny\nDomont\nEcouen-Ezanville\nErmont-Halte\nGroslay\nGros-Noyer-Saint-Prix\nIsle-Adam-Parmain (L')\nMontsoult-Maffliers\nPersan-Beaumont\nPierrelaye\nSaint-Leu-la-For\u00eat\nSaint-Ouen-l'Aum\u00f4ne\nSaint-Ouen-l'Aum\u00f4ne-Liesse\nTaverny\nValmondois\nEnghien-les-Bains\nEpinay-Villetaneuse\nFranconville-Le Plessis-Bouchard\nMontigny-Beauchamp\nPontoise\nSarcelles-Saint-Brice\nErmont-Eaubonne\nSaint-Denis\nParis Gare du Nord\nligne J Saint-Ouen-l'Aum\u00f4ne-Eglise\nPontoise\nErmont-Eaubonne\nAch\u00e8res-Grand-Cormier\nConflans-fin-d'Oise (bas+haut)\nMaisons-Laffitte\nPoissy\nAsni\u00e8res-sur-Seine\nHouilles-Carri\u00e8res-sur-Seine\n2026-00342 8 8\nPr\u00e9fecture de Police - 75-2026-03-26-00004 - Arr\u00eat\u00e9 2026-00342 du 26 mars 2026\nautorisant les agents du service interne de s\u00e9curit\u00e9 de la SNCF \u00e0 proc\u00e9der \u00e0 des palpations de s\u00e9curit\u00e9 dans des gares et stations\nd'Ile-de-France\ndu mercredi 1er avril 2026 au mardi 30 juin 2026 inclus\n50\nSartrouville\nAndr\u00e9sy\nBoissy-l'Aillerie\nBonni\u00e8res\nChanteloup-les-Vignes\nChars\nClairi\u00e8res de Verneuil (Les)\nEragny-Neuville\nGargenville\nIssou-Porcheville\nJuziers\nLimay\nMaurecourt\nMeulan-Hardricourt\nMontgeroult-Courcelles\nOsny\nRosny-sur-Seine\nSanteuil-le-Perchay\nThun-le-Paradis\nTriel-sur-Seine\nUs\nVaux-sur-Seine\nVillennes-sur-Seine\nAubergenville-Elisabethville\nCormeilles-en-Parisis\nEp\u00f4ne-M\u00e9zi\u00e8res\nFrette Montigny (La)\nHerblay\nMantes-Station\nMureaux (Les)\nSannois\nStade (Le)\nVernouillet-Verneuil\nBois-Colombes\nColombes\nConflans-Sainte-Honorine\nMantes-la-Jolie\nVal-d'Argenteuil\nArgenteuil\nParis Saint-Lazare\nLigne K Compans\nThieux-Nantouillet\nMitry-Claye\nDammartin-Juilly-Saint-Mard\nAulnay-sous-Bois\nParis Nord\nLigne L Etang-la-Ville (L')\nAch\u00e8res-Ville\n2026-00342                                                                                                                                                         9 9\nPr\u00e9fecture de Police - 75-2026-03-26-00004 - Arr\u00eat\u00e9 2026-00342 du 26 mars 2026\nautorisant les agents du service interne de s\u00e9curit\u00e9 de la SNCF \u00e0 proc\u00e9der \u00e0 des palpations de s\u00e9curit\u00e9 dans des gares et stations\nd'Ile-de-France\ndu mercredi 1er avril 2026 au mardi 30 juin 2026 inclus\n51\nBougival\nCelle-Saint-Cloud (La)\nChaville Rive Droite\nCourbevoie\nGarches-Marnes-la-Coquette\nGarenne-Colombes (La)\nLouveciennes\nMarly-le-Roi\nMontreuil\nNeuville-Universit\u00e9\nPuteaux\nSaint-Nom-la-Bret\u00e8che For\u00eat de Marly\nS\u00e8vres-Ville-d'Avray\nSuresnes-Mont-Val\u00e9rien\nVal-d'Or (Le)\nVall\u00e9es (Les)\nVaucresson\nViroflay Rive Droite\nCergy-le-Haut\nCergy-Saint-Christophe\nConflans-fin-d'Oise (bas+haut)\nMaisons-Laffitte\nNanterre-Universit\u00e9\nPont-Cardinet\nSaint-Cloud\nVersailles Rive Droite\nAsni\u00e8res-sur-Seine\nB\u00e9con-les-Bruy\u00e8res\nCergy-Pr\u00e9fecture\nClichy-Levallois\nHouilles-Carri\u00e8res-sur-Seine\nSartrouville\nD\u00e9fense (La)\nParis Saint-Lazare\nLigne N Beynes\nCoigni\u00e8res\nGaranci\u00e8res-la-Queue\nMareil-sur-Mauldre\nMaule\nMontfort-l'Amaury-M\u00e9r\u00e9\nN\u00e9zel-Aulnay\nOrgerus-B\u00e9houst\nPerray (Le)\nTacoigni\u00e8res-Richebourg\nVilliers-Neauphles-Pontchartrain\nBellevue\nChaville Rive Gauche\nClamart\n2026-00342 10 1\nPr\u00e9fecture de Police - 75-2026-03-26-00004 - Arr\u00eat\u00e9 2026-00342 du 26 mars 2026\nautorisant les agents du service interne de s\u00e9curit\u00e9 de la SNCF \u00e0 proc\u00e9der \u00e0 des palpations de s\u00e9curit\u00e9 dans des gares et stations\nd'Ile-de-France\ndu mercredi 1er avril 2026 au mardi 30 juin 2026 inclus\n52\nEssarts-le-Roi (Les)\nFontenay-le-Fleury\nHoudan\nMeudon\nPlaisir-Grignon\nPlaisir-les-Clayes\nS\u00e8vres Rive Gauche\nTrappes\nVanves-Malakoff\nVillepreux-les-Clayes\nRambouillet\nSaint-Cyr\nVerri\u00e8re (La)\nViroflay Rive Gauche\nSaint-Quentin-en-Yvelines\nVersailles-Chantiers\nParis Montparnasse\nEp\u00f4ne-M\u00e9zi\u00e8res\nMantes-Station\nMantes-la-Jolie\nLigne P Longueville\nMarles-en-Brie\nMormant\nNanteuil-Sa\u00e2cy\nProvins\nVerneuil-l'Etang\nCoulommiers\nFert\u00e9-sous-Jouarre (La)\nGretz-Armainvilliers\nNangis\nTrilport\nLagny - Thorigny\nChampbenoist-Poigny\nChangis-Saint-Jean\nChelles-Gournay\nCouilly-Saint-Germain-Quincy\nCr\u00e9cy-la-Chapelle\nCrouy-sur-Ourcq\nEsbly\nFaremoutiers-Pommeuse\nGu\u00e9rard-La Celle-sur-Morin\nIsles-Armenti\u00e8res-Congis\nLizy-sur-Ourcq\nMeaux\nMontry-Cond\u00e9\nMortcerf\nMouroux\n2026-00342  \n11\n1\nPr\u00e9fecture de Police - 75-2026-03-26-00004 - Arr\u00eat\u00e9 2026-00342 du 26 mars 2026\nautorisant les agents du service interne de s\u00e9curit\u00e9 de la SNCF \u00e0 proc\u00e9der \u00e0 des palpations de s\u00e9curit\u00e9 dans des gares et stations\nd'Ile-de-France\ndu mercredi 1er avril 2026 au mardi 30 juin 2026 inclus\n53\nParis Est\nSainte-Colombe-Septveilles\nTournan\nVaires-Torcy\nVilliers-Montbarbin\nLigne R Bagneaux-sur-Loing\nBois-le-Roi\nBourron-Marlotte-Grez\nChampagne-sur-Seine\nChartrettes\nFontainebleau-Avon\nFontaine-le-Port\nGrande Paroisse (La)\nH\u00e9ricy\nLivry-sur-Seine\nMelun\nMontereau\nMontigny-sur-Loing\nMoret-Veneux-les-Sablons\nNemours-Saint-Pierre\nParis Gare de Lyon\nSaint-Mamm\u00e8s\nSouppes-Ch\u00e2teau-Landon\nThomery\nVernou-sur-Seine\nVulaines-sur-Seine-Samoreau\nLigne U Trappes\nSaint-Cyr\nVerri\u00e8re (La)\nSaint-Quentin-en-Yvelines\nVersailles-Chantiers\nLigne T4 Bondy\nLa Remise \u00e0 Jorelle\nLes Coquetiers\nAll\u00e9e de la Tour Rendez Vous\nLes Pavillons sou Bois\nGargan\nLyc\u00e9e Henri Sellier\nL'Abbaye\nFreinville Sevran\nRougemont Chanteloup\nAulnay Sous Bois\nR\u00e9publique Marx Dormoy\nL\u00e9on Blum\nMaurice Audin\nClichy Sous Bois Mairie\nRomain Rolland\nClichy Montfermeil\n2026-00342 12 1\nPr\u00e9fecture de Police - 75-2026-03-26-00004 - Arr\u00eat\u00e9 2026-00342 du 26 mars 2026\nautorisant les agents du service interne de s\u00e9curit\u00e9 de la SNCF \u00e0 proc\u00e9der \u00e0 des palpations de s\u00e9curit\u00e9 dans des gares et stations\nd'Ile-de-France\ndu mercredi 1er avril 2026 au mardi 30 juin 2026 inclus\n54\nNotre Dame des Anges\nArboretum\nHopital de Montfermeil\nLigne T11 Epinay sur Seine\nEpinay Villetaneuse Montmagny\nVilletaneuse Universit\u00e9\nPierrefitte Stains\nStains la Cerisaie\nDugny la Courneuve  Parc Georges Valbon\nLe Bourget\nLigne T12 Massy Palaiseau\nMassy Europe\nChamplan\nLongjumeau\nChilly Mazarin\nGravigny Balizy\nPetit Vaux\nEpinay sur Orge\nParc du Ch\u00e2teau\nCoteaux de l'Orge\nAm\u00e9d\u00e9e Gordini\nFerme Neuve\nBois de Saint-Eutrope\nTrait\u00e9 de Rome\nBois Briard\nEvry Courcouronnes\nLigne T13 Saint-Germain en Laye\nCamp des Loges\nLisi\u00e8re Pereire\nFourqueux Bel Air\nMareil Marly\nL'Etang Les Sablons\nSaint Nom la Bret\u00e8che For\u00eat de Marly\nNoisy le Roi\nBailly\nAll\u00e9e Royale\nLes Portes de Saint Cyr\nSaint Cyr\nGares \nParisiennes\nGare de Montparnasse\nGare de Montparnasse-Vaugirard\nGarde  Marne la Vall\u00e9e Chessy\nGare de Roissy Charles de Gaulle 2 TGV\nGare du Nord\nGare de l'Est\nGare de Saint Lazare\nGare de Lyon\nGare de Bercy - Bourgogne-Pays d'Auvergne\n2026-00342  \n13\n1\nPr\u00e9fecture de Police - 75-2026-03-26-00004 - Arr\u00eat\u00e9 2026-00342 du 26 mars 2026\nautorisant les agents du service interne de s\u00e9curit\u00e9 de la SNCF \u00e0 proc\u00e9der \u00e0 des palpations de s\u00e9curit\u00e9 dans des gares et stations\nd'Ile-de-France\ndu mercredi 1er avril 2026 au mardi 30 juin 2026 inclus\n55\nGare de Massy-Palaiseau TGV\nGare d'Austerlitz\n2026-00342 14 1\nPr\u00e9fecture de Police - 75-2026-03-26-00004 - Arr\u00eat\u00e9 2026-00342 du 26 mars 2026\nautorisant les agents du service interne de s\u00e9curit\u00e9 de la SNCF \u00e0 proc\u00e9der \u00e0 des palpations de s\u00e9curit\u00e9 dans des gares et stations\nd'Ile-de-France\ndu mercredi 1er avril 2026 au mardi 30 juin 2026 inclus\n56","date":"2026-03-26","first_seen_on":"2026-03-26T17:46:37+00:00","id":"bb5db4bb6f3b3be2a699bd3c80c49ae53e012518a6694d7cd5b90ed75378b014","name":"recueil-75-2026-183-recueil-des-actes-administratifs-special du 26.03.2026","pdf_creation_date":"2026-03-26T16:11:19+00:00","pdf_modification_date":null,"timezone":"Europe/Paris","url":"https://www.prefectures-regions.gouv.fr/ile-de-france/irecontenu/telechargement/136604/998696/file/recueil-75-2026-183-recueil-des-actes-administratifs-special%20du%2026.03.2026.pdf"}
