{"administration":"pref72","administration_name":"Pr\u00e9fecture de la Sarthe","content":"SARTHE\nRECUEIL DES ACTES\nADMINISTRATIFS SP\u00c9CIAL\n(NOMINATIFS)\nN\u00b0143 DU 27 09 2024 \nPUBLI\u00c9 LE 27 SEPTEMBRE 2024\nSommaire\nCour d'Appel d'Angers /\n72-2024-09-23-00008 - DEPENSE DE FRAIS DE JUSTICE - UTILISATION DE\nCHORUS FORMULAIRES -HABILITATION D'UN MAGISTRAT TAXATEUR (2\npages) Page 3\n2\nCour d'Appel d'Angers\n72-2024-09-23-00008\nDEPENSE DE FRAIS DE JUSTICE - UTILISATION DE\nCHORUS FORMULAIRES -HABILITATION D'UN\nMAGISTRAT TAXATEUR\nCour d'Appel d'Angers - 72-2024-09-23-00008 - DEPENSE DE FRAIS DE JUSTICE - UTILISATION DE CHORUS FORMULAIRES\n-HABILITATION D'UN MAGISTRAT TAXATEUR 3\nMINISTEREDE LA JUSTICEL't'berte'Egalit\u00e9Fraternit\u00e9\n \n  \nCour d'appel d'Angers \n \n \n \n \n \n \n \nPROCESSUS \u00abFRAIS DE JUSTICE \u00bb, \nUTILISATION DES FORMULAIRES CHORUS - \nD\u00c9CISION PORTANT HABILITATION D'UN MAGISTRAT \n \n \n \n \nEric MAR\u00c9CHAL, premier pr\u00e9sident de la cour d'appel d'Angers,  \n \net \n \n Jacques CARR\u00c8RE, procureur g\u00e9n\u00e9ral pr\u00e8s ladite cour, \n \n    \n \n \nVu l' article D 312-66 du code de l'organisation judiciaire ; \n      \nVu la convention de d\u00e9l\u00e9gation de gestion sign\u00e9e avec les chefs de la cour d'appel de \nCaen ; \n \nVu notre d\u00e9cision en date du 16 septembre 2024 portant habilitation de magistrats et de \nfonctionnaires pour l'utilisation des formulaires CHORUS ; \n \n      \n \nD\u00c9CIDENT \n \n \n \nArticle 1er -  Dans le processus des d\u00e9penses de frais de justice, doit \u00eatre ajout\u00e9 \u00e0 la liste des \nmagistrats taxateurs habilit\u00e9s \u00e0 utiliser CHORUS FORMULAIRES : \n \n \n\u2022 Monsieur Lionel ASCENSI, premier vice-pr\u00e9sident au tribunal judiciaire d'Angers. \n \n \n \n\u2026 /\u2026 \n \n \n \n \n \n \nCour d'Appel d'Angers - 72-2024-09-23-00008 - DEPENSE DE FRAIS DE JUSTICE - UTILISATION DE CHORUS FORMULAIRES\n-HABILITATION D'UN MAGISTRAT TAXATEUR 4\n \n \n  \n \n \nArticle 2 -  La pr\u00e9sente d\u00e9cision, compl\u00e9tant celle rendue le 16 septembre 2024, sera communiqu\u00e9e \u00e0 \nMonsieur ASCENSI, aux responsables du tribunal judiciaire d'Angers, aux membres du service \ncentralisateur du tribunal judiciaire d'Angers, au directeur r\u00e9gional des finances publiques de la r\u00e9gion \nBretagne et du d\u00e9partement d'Ille et Vilaine, comptable assignataire,  et aux chefs de la cour d'appel de \nCaen. Elle sera publi\u00e9e au Recueil des Actes Administratifs du D\u00e9partement du Maine et Loire, au \nRecueil des Actes Adminis tratifs du D\u00e9partement de la Sarthe ainsi qu'au Recueil des Actes \nAdministratifs du D\u00e9partement de la Mayenne. \n \n       Fait \u00e0 ANGERS, le 23 septembre 2024. \n \n  \nLE PROCUREUR GENERAL,                    LE PREMIER PRESIDENT, \n          \n \n  Sign\u00e9                Sign\u00e9          \n            \n                                                                                                                                                                                                   \n        Jacques CARR\u00c8RE                               Eric MAR\u00c9CHAL \n             \n \nCour d'Appel d'Angers - 72-2024-09-23-00008 - DEPENSE DE FRAIS DE JUSTICE - UTILISATION DE CHORUS FORMULAIRES\n-HABILITATION D'UN MAGISTRAT TAXATEUR 5","date":"2024-09-27","first_seen_on":"2025-08-31T01:14:58+00:00","id":"bb62f8570d8ac9912f8f480fcbf843245160c0b6234bbdec8a442e9d157ad9d9","name":"RAA n\u00b0157 du 27 septembre 2024","pdf_creation_date":"2024-09-27T09:34:53+00:00","pdf_modification_date":"2024-09-27T10:36:00+00:00","timezone":"Europe/Paris","url":"https://www.sarthe.gouv.fr/contenu/telechargement/22486/141850/file/recueil-143-du-27-09-2024-recueil-des-actes-administratifs-nominatifs.pdf"}
