{"administration":"pref37","administration_name":"Pr\u00e9fecture d\u2019Indre-et-Loire","content":"INDRE-ET-LOIRE\nRECUEIL DES ACTES\nADMINISTRATIFS SP\u00c9CIAL\nN\u00b037-2025-05006\nPUBLI\u00c9 LE  6 MAI 2025\nSommaire\nPr\u00e9fecture d'Indre et Loire /\n37-2025-05-06-00002 - Arr\u00eat\u00e9 pr\u00e9fectoral \u00e9venement Tours (3\npages) Page 3\n2\nPr\u00e9fecture d'Indre et Loire\n37-2025-05-06-00002\nArr\u00eat\u00e9 pr\u00e9fectoral \u00e9venement Tours\nPr\u00e9fecture d'Indre et Loire - 37-2025-05-06-00002 - Arr\u00eat\u00e9 pr\u00e9fectoral \u00e9venement Tours 3\nARR\u00caT\u00c9 autorisant la captation, l'enregistrement et la transmission d'images au \nmoyen de cam\u00e9ras install\u00e9es sur des a\u00e9ronefs\nLe pr\u00e9fet d'Indre-et-Loire\nChevalier de la L\u00e9gion d'honneur\nChevalier de l'Ordre National du M\u00e9rite\nVu le code de la s\u00e9curit\u00e9 int\u00e9rieure et notamment ses articles L.242-1 \u00e0 L.242-8 et R.242-8 \u00e0 R.242-14 ;\nVu le d\u00e9cret n\u00b0 2004-374 du 29 avril 2004 relatif aux pouvoirs des pr\u00e9fets, \u00e0 l'organisation et \u00e0 l'action  \ndes services de l'\u00c9tat dans les r\u00e9gions et d\u00e9partements;\nVu  le d\u00e9cret n\u00b0 2023-283 du 19 avril 2023 relatif \u00e0 la mise en \u0153uvre de traitements d'images au moyen  \nde dispositifs de captation install\u00e9s sur des a\u00e9ronefs pour des missions de police administrative ;\nVu l'arr\u00eat\u00e9 du minist\u00e8re de l'Int\u00e9rieur et des Outre-mer du 19 avril 2023 relatif au nombre maximal de  \ncam\u00e9ras install\u00e9es sur des a\u00e9ronefs pouvant \u00eatre simultan\u00e9ment utilis\u00e9es dans chaque d\u00e9partement et  \ncollectivit\u00e9 d'outre-mer ;\nVu l'arr\u00eat\u00e9 pr\u00e9fectoral du 30 d\u00e9cembre 2024 donnant d\u00e9l\u00e9gation de signature \u00e0 monsieur Pierre-Ange  \nSAVELLI, sous-pr\u00e9fet, directeur de cabinet du pr\u00e9fet d'Indre-et-Loire ;\nVu l'organisation de l'\u00e9v\u00e8nement \u00ab nuit du bien commun \u00bb au grand Th\u00e9\u00e2tre de Tours, en date du 6 mai \n2025 ;\nVu le risque d'atteinte \u00e0 l'ordre public dans le centre ville de Tours, sur le p\u00e9rim\u00e8tre g\u00e9ographique  \nimm\u00e9diat  aux  abords  du  Th\u00e9\u00e2tre,  et  un  p\u00e9rim\u00e8tre  \u00e9largi  en  objectifs  secondaires  concernant  des \nb\u00e2timents publics, la pr\u00e9fecture et le commissariat central, \u00e0 l'occasion d'un rassemblement de l'ultra  \ngauche hostile \u00e0 l'organisation de cet \u00e9v\u00e8nement ;\nVu  la demande en date du 6 mai 2025,  formul\u00e9e par la direction interd\u00e9partementale de la police  \nnationale,  visant  \u00e0  obtenir  l'autorisation  de  capter,  d'enregistrer  et  de  transmettre  des  images  au \nmoyen  de  cam\u00e9ras  install\u00e9es  sur  des  a\u00e9ronefs  aux  fins,  d'une  part,  d'assurer  la  s\u00e9curisation  de \nl'\u00e9v\u00e8nement et d'autre part, de pr\u00e9venir les atteintes \u00e0 la s\u00e9curit\u00e9 des personnes et des biens sur les  \np\u00e9rim\u00e8tres concern\u00e9s ;\nConsid\u00e9rant  que  les  dispositions  susvis\u00e9es  de  l'article  L.242-5  du  Code  de  la  s\u00e9curit\u00e9  int\u00e9rieure \npermettent  aux  forces  de  s\u00e9curit\u00e9  int\u00e9rieure,  dans  l'exercice  de  leurs  missions  de  pr\u00e9vention  des \natteintes \u00e0 l'ordre public et de protection de la s\u00e9curit\u00e9 des personnes et des biens, de proc\u00e9der \u00e0 la  \ncaptation,  \u00e0  l'enregistrement  et  \u00e0  la  transmission  d'images  au  sein  de  cam\u00e9ras  install\u00e9es  sur  des \na\u00e9ronefs aux fins d'assurer la s\u00e9curit\u00e9 des personnes et des biens et pr\u00e9venir les troubles \u00e0 l'ordre  \npublic dans le cadre des op\u00e9rations de r\u00e9tablissement de l'ordre public ;\n15, rue Bernard Palissy\n37925 Tours Cedex 9\nT\u00e9l. : 02 47 64 37 37\nM\u00e9l : prefecture@indre-et-loire.gouv.fr\nwww.indre-et-loire.gouv.fr 1/3\nPr\u00e9fecture d'Indre et Loire - 37-2025-05-06-00002 - Arr\u00eat\u00e9 pr\u00e9fectoral \u00e9venement Tours 4\nConsid\u00e9rant  que, compte tenu du risque s\u00e9rieux de troubles \u00e0 l'ordre public sur la voie publique  \u00e0 \nl'occasion d'un rassemblement de l'ultra gauche hostile \u00e0 l'\u00e9v\u00e8nement  \u00ab nuit du bien commun  \u00bb, il  \nconvient de permettre l'anticipation et la surveillance des mouvements de foule et la coordination  \navec les services de secours et de police au sol, le recours aux dispositifs de captation install\u00e9s sur des  \na\u00e9ronefs est n\u00e9cessaire et adapt\u00e9 ;\nARR\u00caTE\nArticle 1 er : La captation, l'enregistrement et la transmission d'images par la direction d\u00e9partementale \nde la s\u00e9curit\u00e9 publique d'Indre-et-Loire sont autoris\u00e9s pour assurer la pr\u00e9vention des atteintes \u00e0 la  \ns\u00e9curit\u00e9 des personnes et des biens et les risques d'intrusion et de d\u00e9gradation des b\u00e2timents et  \ninstallations publics conform\u00e9ment au 1\u00b0 de l'article L.242-5 du code de la s\u00e9curit\u00e9 int\u00e9rieure, le 6 mai  \n2025 de 15h00 \u00e0 23h00.\nArticle 2 : La captation, l'enregistrement et la transmission d'images par la direction d\u00e9partementale de \nla  s\u00e9curit\u00e9  publique  d'Indre-et-Loire  sont  autoris\u00e9s  pour  assurer  la  s\u00e9curit\u00e9  des  rassemblements \nannonc\u00e9s sur la voie publique ou dans les lieux ouverts au public ainsi qu'\u00e0 l'appui des personnels au  \nsol, en vue de leur permettre de maintenir ou de r\u00e9tablir l'ordre public lorsque ces rassemblements  \nsont susceptibles d'entra\u00eener des troubles graves \u00e0 l'ordre public, sur le p\u00e9rim\u00e8tre figurant sur le plan  \njoint en annexe, le 6 mai 2025 de 15h00 \u00e0 23h00.\nArticle 3  :  La pr\u00e9sente autorisation est limit\u00e9e au p\u00e9rim\u00e8tre g\u00e9ographique d\u00e9limit\u00e9 sur la commune de  \nTours :\n- au nord : la Loire,\n-  \u00e0 l'est : rue Mirabeau\n- \u00e0 l'ouest : rues Bretonneau, Chanoineau\n- au sud : axe bd Heurteloup - B\u00e9ranger\nArticle 4 : Le nombre maximal de cam\u00e9ras pouvant proc\u00e9der simultan\u00e9ment \u00e0 des enregistrements au titre \ndes finalit\u00e9s mentionn\u00e9es \u00e0 l'article 1er est fix\u00e9 \u00e0  2 cam\u00e9ras embarqu\u00e9es sur un a\u00e9ronef t\u00e9l\u00e9-pilot\u00e9.\nArticle 5  :  Le registre mentionn\u00e9 \u00e0 l'article L.242-4 du code de la s\u00e9curit\u00e9 int\u00e9rieure est transmis au  \nrepr\u00e9sentant de l'\u00c9tat dans le d\u00e9partement.\nArticle 6 : La pr\u00e9sente autorisation sera publi\u00e9e au recueil des actes administratifs de la pr\u00e9fecture.\nArticle 7 : Le pr\u00e9sent arr\u00eat\u00e9 est susceptible, dans un d\u00e9lai de deux mois \u00e0 compter de sa notification de \nfaire l'objet :\n\u2022 d'un recours gracieux devant le pr\u00e9fet d'Indre-et-Loire ;\n\u2022 d'un recours hi\u00e9rarchique devant le ministre de l'Int\u00e9rieur ;\n\u2022 d'un recours contentieux devant le tribunal administratif d'Orl\u00e9ans \u2013 28, rue de la Bretonnerie \u2013 \n45057 Orl\u00e9ans Cedex 1 par voie postale ou par voie d\u00e9mat\u00e9rialis\u00e9e via \u00ab  t\u00e9l\u00e9recours citoyen \u00bb \naccessible sur le site Internet www.telerecours.fr.\nArticle  8 : Le  sous-pr\u00e9fet,  directeur  de  cabinet  et  la  directrice  interd\u00e9partementale  de  la  police \nnationale d'Indre-et-Loire, sont charg\u00e9s, chacun en ce qui le concerne, de l'ex\u00e9cution du pr\u00e9sent arr\u00eat\u00e9.\n \nTours, le 6 mai 2025\nPour le pr\u00e9fet et par d\u00e9l\u00e9gation,\nLe sous-pr\u00e9fet, directeur de cabinet,\nsign\u00e9 \nPierre-Ange SAVELLI\n15, rue Bernard Palissy\n37925 Tours Cedex 9\nT\u00e9l. : 02 47 64 37 37\nM\u00e9l : prefecture@indre-et-loire.gouv.fr\nwww.indre-et-loire.gouv.fr 2/3\nPr\u00e9fecture d'Indre et Loire - 37-2025-05-06-00002 - Arr\u00eat\u00e9 pr\u00e9fectoral \u00e9venement Tours 5\no1=CF|\n;\nAnnexe -  Plan de vol p\u00e9rim\u00e8tre sur la commune de Tours\n15, rue Bernard Palissy\n37925 Tours Cedex 9\nT\u00e9l. : 02 47 64 37 37\nM\u00e9l : prefecture@indre-et-loire.gouv.fr\nwww.indre-et-loire.gouv.fr 3/3\nPr\u00e9fecture d'Indre et Loire - 37-2025-05-06-00002 - Arr\u00eat\u00e9 pr\u00e9fectoral \u00e9venement Tours 6","date":"2025-05-06","first_seen_on":"2025-09-16T00:47:56+00:00","id":"bb826846525edfff785c15133e9e039a3007109ceaf70e5dc75d600d642185b8","name":"2025-05-06 RAA sp\u00e9cial Arr\u00eat\u00e9 pr\u00e9fectoral \u00e9v\u00e9n\u00e9menet Tours","pdf_creation_date":"2025-05-06T13:13:10+00:00","pdf_modification_date":null,"timezone":"Europe/Paris","url":"https://www.indre-et-loire.gouv.fr/contenu/telechargement/45482/315936/file/2025-05-06%20RAA%20sp%C3%A9cial%20Arr%C3%AAt%C3%A9%20pr%C3%A9fectoral%20%C3%A9v%C3%A9n%C3%A9menet%20Tours.pdf"}
